{"id":27614,"date":"2022-06-24T08:11:29","date_gmt":"2022-06-24T06:11:29","guid":{"rendered":"https:\/\/www.jazzzeitung.de\/cms\/?p=27614"},"modified":"2022-06-22T10:11:56","modified_gmt":"2022-06-22T08:11:56","slug":"ein-gelungener-start-naehrt-den-wunsch-nach-fortsetzung-burgjazz-2022-im-westfaelischen-luedinghausen","status":"publish","type":"post","link":"https:\/\/www.jazzzeitung.de\/cms\/2022\/06\/ein-gelungener-start-naehrt-den-wunsch-nach-fortsetzung-burgjazz-2022-im-westfaelischen-luedinghausen\/","title":{"rendered":"Ein gelungener Start n\u00e4hrt den Wunsch nach Fortsetzung: BurgJazz 2022 im westf\u00e4lischen L\u00fcdinghausen"},"content":{"rendered":"<p><strong><span style=\"font-weight: normal;\">(Text und Fotos von Stefan Pieper) <\/span>Alte Kulturdenkm\u00e4ler wollen nicht einfach nur Museen sein. Sie leben, wenn in ihnen Kultur von heute stattfindet. Aktuell feierten in L\u00fcdinghausen gleich zwei Burgen ihren 750. Geburtstag &#8211; was allein schon Anlass genug f\u00fcr ein Festival ist. Der erste BurgJazz bespielte ein ganzes Wochenende s\u00e4mtliche sch\u00f6ne Pl\u00e4tze in der charmanten westf\u00e4lischen Kleinstadt. Noch offen ist, ob aus diesem einmaligen Jubil\u00e4umsevent eine regelm\u00e4\u00dfige Einrichtung wird. Man kann nicht lautstark genug daf\u00fcr pl\u00e4dieren!<\/strong><\/p>\n<p><strong><span style=\"font-weight: normal;\">Das Publikum war hin und weg \u2013 aber auch die Musikerinnen und Musiker lie\u00dfen sich von der Atmosph\u00e4re an diesem Ort anstecken. <\/span><\/strong>Zahlreiche auch von weitem angereiste Musikfans genossen musikalische Erlebnisse im Burghof und auf den Parkwiesen drumherum, lie\u00dfen sich treiben und lauschten konzentriert der Gegenwart im internationalen europ\u00e4ischen Jazz.<\/p>\n<h3>\u00dcberw\u00e4ltigender Einstieg<\/h3>\n<p>Lief das Ganze so rund, weil der Einstieg am Freitagabend so grandios, ja \u00fcberw\u00e4ltigend gelang? Die belgisch-ghanesische S\u00e4ngerin <strong>Esinam <\/strong>und ihre Band bringt die Sache gewaltig in Fahrt mit rhythmischem Druck, aber auch einer immensen Farbenvielfalt. Diese hei\u00dfe M\u00e9lange aus Jazz und Afrobeat machte schon fast den einstigen Spirit der African Dance Nights in Moers lebendig. Fl\u00f6tistin und S\u00e4ngerin Esinam entfaltet dabei eben so viel Charisma wie der ausdrucksstarke Gitarrist sowie sein extrem cooler Schlagzeuger, der zwischen Afrobeat, rockigem Drive und modernen Dancefloor vermittelte. Konnte es danach noch eine Steigerung geben? Ja, das konnte es! Mit der brandneuen Triobesetzung des Akkordeonisten <strong>Vincent Peirani<\/strong> servierte das Festival direkt sogleich den zweiten \u00dcberraschungs-Kracher. Peirani, dieser \u201eWeltmeister\u201c auf dem Akkordeon pr\u00e4sentierte hier eine m\u00e4chtige Trio-Band, die man wohl eher im Bereich \u201eProgressive Rock\u201c schubladisieren w\u00fcrde und eine hypnotische Intensit\u00e4t entfaltet, bei der auch Gitarrist <strong>Federico Casagrande<\/strong> und vor allem der israelische Schlagzeuger <strong>Ziv Ravitz<\/strong> zur H\u00f6chstform aufliefen.<\/p>\n<div class=\"tiled-gallery type-rectangular tiled-gallery-unresized\" data-original-width=\"840\" data-carousel-extra='{&quot;blog_id&quot;:1,&quot;permalink&quot;:&quot;https:\\\/\\\/www.jazzzeitung.de\\\/cms\\\/2022\\\/06\\\/ein-gelungener-start-naehrt-den-wunsch-nach-fortsetzung-burgjazz-2022-im-westfaelischen-luedinghausen\\\/&quot;,&quot;likes_blog_id&quot;:55446655}' itemscope itemtype=\"http:\/\/schema.org\/ImageGallery\" > <div class=\"gallery-row\" style=\"width: 840px; height: 640px;\" data-original-width=\"840\" data-original-height=\"640\" > <div class=\"gallery-group images-2\" style=\"width: 412px; height: 640px;\" data-original-width=\"412\" data-original-height=\"640\" > <div class=\"tiled-gallery-item tiled-gallery-item-large\" itemprop=\"associatedMedia\" itemscope itemtype=\"http:\/\/schema.org\/ImageObject\"> <a href=\"https:\/\/www.jazzzeitung.de\/cms\/2022\/06\/ein-gelungener-start-naehrt-den-wunsch-nach-fortsetzung-burgjazz-2022-im-westfaelischen-luedinghausen\/aki-rissanen\/\" border=\"0\" itemprop=\"url\"> <meta itemprop=\"width\" content=\"408\"> <meta itemprop=\"height\" content=\"317\"> <img decoding=\"async\" class=\"\" data-attachment-id=\"27615\" data-orig-file=\"https:\/\/www.jazzzeitung.de\/cms\/wp-content\/uploads\/2022\/06\/Aki-Rissanen-scaled.jpg\" data-orig-size=\"2560,1989\" data-comments-opened=\"1\" data-image-meta=\"{&quot;aperture&quot;:&quot;2.8&quot;,&quot;credit&quot;:&quot;Picasa&quot;,&quot;camera&quot;:&quot;SLT-A58&quot;,&quot;caption&quot;:&quot;&quot;,&quot;created_timestamp&quot;:&quot;1440848376&quot;,&quot;copyright&quot;:&quot;&quot;,&quot;focal_length&quot;:&quot;160&quot;,&quot;iso&quot;:&quot;3200&quot;,&quot;shutter_speed&quot;:&quot;0.008&quot;,&quot;title&quot;:&quot;&quot;,&quot;orientation&quot;:&quot;1&quot;}\" data-image-title=\"Aki Rissanen\" data-image-description=\"\" data-medium-file=\"https:\/\/i0.wp.com\/www.jazzzeitung.de\/cms\/wp-content\/uploads\/2022\/06\/Aki-Rissanen-scaled.jpg?fit=300%2C233&#038;ssl=1\" data-large-file=\"https:\/\/i0.wp.com\/www.jazzzeitung.de\/cms\/wp-content\/uploads\/2022\/06\/Aki-Rissanen-scaled.jpg?fit=772%2C600&#038;ssl=1\" src=\"https:\/\/i0.wp.com\/www.jazzzeitung.de\/cms\/wp-content\/uploads\/2022\/06\/Aki-Rissanen-scaled.jpg?w=408&#038;h=317&#038;ssl=1\" srcset=\"https:\/\/i0.wp.com\/www.jazzzeitung.de\/cms\/wp-content\/uploads\/2022\/06\/Aki-Rissanen-scaled.jpg?w=2560&amp;ssl=1 2560w, https:\/\/i0.wp.com\/www.jazzzeitung.de\/cms\/wp-content\/uploads\/2022\/06\/Aki-Rissanen-scaled.jpg?resize=300%2C233&amp;ssl=1 300w, https:\/\/i0.wp.com\/www.jazzzeitung.de\/cms\/wp-content\/uploads\/2022\/06\/Aki-Rissanen-scaled.jpg?resize=772%2C600&amp;ssl=1 772w, https:\/\/i0.wp.com\/www.jazzzeitung.de\/cms\/wp-content\/uploads\/2022\/06\/Aki-Rissanen-scaled.jpg?resize=768%2C597&amp;ssl=1 768w, https:\/\/i0.wp.com\/www.jazzzeitung.de\/cms\/wp-content\/uploads\/2022\/06\/Aki-Rissanen-scaled.jpg?resize=1536%2C1194&amp;ssl=1 1536w, https:\/\/i0.wp.com\/www.jazzzeitung.de\/cms\/wp-content\/uploads\/2022\/06\/Aki-Rissanen-scaled.jpg?resize=2048%2C1591&amp;ssl=1 2048w, https:\/\/i0.wp.com\/www.jazzzeitung.de\/cms\/wp-content\/uploads\/2022\/06\/Aki-Rissanen-scaled.jpg?resize=1320%2C1026&amp;ssl=1 1320w, https:\/\/i0.wp.com\/www.jazzzeitung.de\/cms\/wp-content\/uploads\/2022\/06\/Aki-Rissanen-scaled.jpg?w=1680&amp;ssl=1 1680w\" width=\"408\" height=\"317\" loading=\"lazy\" data-original-width=\"408\" data-original-height=\"317\" itemprop=\"http:\/\/schema.org\/image\" title=\"Aki Rissanen\" alt=\"Aki Rissanen\" style=\"width: 408px; height: 317px;\" \/> <\/a> <\/div> <div class=\"tiled-gallery-item tiled-gallery-item-large\" itemprop=\"associatedMedia\" itemscope itemtype=\"http:\/\/schema.org\/ImageObject\"> <a href=\"https:\/\/www.jazzzeitung.de\/cms\/2022\/06\/ein-gelungener-start-naehrt-den-wunsch-nach-fortsetzung-burgjazz-2022-im-westfaelischen-luedinghausen\/balint-gyemant\/\" border=\"0\" itemprop=\"url\"> <meta itemprop=\"width\" content=\"408\"> <meta itemprop=\"height\" content=\"315\"> <img decoding=\"async\" class=\"\" data-attachment-id=\"27616\" data-orig-file=\"https:\/\/www.jazzzeitung.de\/cms\/wp-content\/uploads\/2022\/06\/Balint-Gyemant-scaled.jpg\" data-orig-size=\"2560,1974\" data-comments-opened=\"1\" data-image-meta=\"{&quot;aperture&quot;:&quot;2.8&quot;,&quot;credit&quot;:&quot;Picasa&quot;,&quot;camera&quot;:&quot;SLT-A58&quot;,&quot;caption&quot;:&quot;&quot;,&quot;created_timestamp&quot;:&quot;1440841264&quot;,&quot;copyright&quot;:&quot;&quot;,&quot;focal_length&quot;:&quot;180&quot;,&quot;iso&quot;:&quot;3200&quot;,&quot;shutter_speed&quot;:&quot;0.0004&quot;,&quot;title&quot;:&quot;&quot;,&quot;orientation&quot;:&quot;1&quot;}\" data-image-title=\"Balint Gy\u00e9m\u00e1nt\" data-image-description=\"\" data-medium-file=\"https:\/\/i0.wp.com\/www.jazzzeitung.de\/cms\/wp-content\/uploads\/2022\/06\/Balint-Gyemant-scaled.jpg?fit=300%2C231&#038;ssl=1\" data-large-file=\"https:\/\/i0.wp.com\/www.jazzzeitung.de\/cms\/wp-content\/uploads\/2022\/06\/Balint-Gyemant-scaled.jpg?fit=778%2C600&#038;ssl=1\" src=\"https:\/\/i0.wp.com\/www.jazzzeitung.de\/cms\/wp-content\/uploads\/2022\/06\/Balint-Gyemant-scaled.jpg?w=408&#038;h=315&#038;ssl=1\" srcset=\"https:\/\/i0.wp.com\/www.jazzzeitung.de\/cms\/wp-content\/uploads\/2022\/06\/Balint-Gyemant-scaled.jpg?w=2560&amp;ssl=1 2560w, https:\/\/i0.wp.com\/www.jazzzeitung.de\/cms\/wp-content\/uploads\/2022\/06\/Balint-Gyemant-scaled.jpg?resize=300%2C231&amp;ssl=1 300w, https:\/\/i0.wp.com\/www.jazzzeitung.de\/cms\/wp-content\/uploads\/2022\/06\/Balint-Gyemant-scaled.jpg?resize=778%2C600&amp;ssl=1 778w, https:\/\/i0.wp.com\/www.jazzzeitung.de\/cms\/wp-content\/uploads\/2022\/06\/Balint-Gyemant-scaled.jpg?resize=768%2C592&amp;ssl=1 768w, https:\/\/i0.wp.com\/www.jazzzeitung.de\/cms\/wp-content\/uploads\/2022\/06\/Balint-Gyemant-scaled.jpg?resize=1536%2C1184&amp;ssl=1 1536w, https:\/\/i0.wp.com\/www.jazzzeitung.de\/cms\/wp-content\/uploads\/2022\/06\/Balint-Gyemant-scaled.jpg?resize=2048%2C1579&amp;ssl=1 2048w, https:\/\/i0.wp.com\/www.jazzzeitung.de\/cms\/wp-content\/uploads\/2022\/06\/Balint-Gyemant-scaled.jpg?resize=1320%2C1018&amp;ssl=1 1320w, https:\/\/i0.wp.com\/www.jazzzeitung.de\/cms\/wp-content\/uploads\/2022\/06\/Balint-Gyemant-scaled.jpg?w=1680&amp;ssl=1 1680w\" width=\"408\" height=\"315\" loading=\"lazy\" data-original-width=\"408\" data-original-height=\"315\" itemprop=\"http:\/\/schema.org\/image\" title=\"Balint Gy\u00e9m\u00e1nt\" alt=\"Balint Gy\u00e9m\u00e1nt\" style=\"width: 408px; height: 315px;\" \/> <\/a> <\/div> <\/div> <!-- close group --> <div class=\"gallery-group images-1\" style=\"width: 428px; height: 640px;\" data-original-width=\"428\" data-original-height=\"640\" > <div class=\"tiled-gallery-item tiled-gallery-item-large\" itemprop=\"associatedMedia\" itemscope itemtype=\"http:\/\/schema.org\/ImageObject\"> <a href=\"https:\/\/www.jazzzeitung.de\/cms\/2022\/06\/ein-gelungener-start-naehrt-den-wunsch-nach-fortsetzung-burgjazz-2022-im-westfaelischen-luedinghausen\/dsc03159\/\" border=\"0\" itemprop=\"url\"> <meta itemprop=\"width\" content=\"424\"> <meta itemprop=\"height\" content=\"636\"> <img decoding=\"async\" class=\"\" data-attachment-id=\"27617\" data-orig-file=\"https:\/\/www.jazzzeitung.de\/cms\/wp-content\/uploads\/2022\/06\/DSC03159-scaled.jpg\" data-orig-size=\"1704,2560\" data-comments-opened=\"1\" data-image-meta=\"{&quot;aperture&quot;:&quot;4&quot;,&quot;credit&quot;:&quot;Picasa&quot;,&quot;camera&quot;:&quot;SLT-A58&quot;,&quot;caption&quot;:&quot;&quot;,&quot;created_timestamp&quot;:&quot;1440760633&quot;,&quot;copyright&quot;:&quot;&quot;,&quot;focal_length&quot;:&quot;135&quot;,&quot;iso&quot;:&quot;3200&quot;,&quot;shutter_speed&quot;:&quot;0.004&quot;,&quot;title&quot;:&quot;&quot;,&quot;orientation&quot;:&quot;1&quot;}\" data-image-title=\"DSC03159\" data-image-description=\"\" data-medium-file=\"https:\/\/i0.wp.com\/www.jazzzeitung.de\/cms\/wp-content\/uploads\/2022\/06\/DSC03159-scaled.jpg?fit=200%2C300&#038;ssl=1\" data-large-file=\"https:\/\/i0.wp.com\/www.jazzzeitung.de\/cms\/wp-content\/uploads\/2022\/06\/DSC03159-scaled.jpg?fit=399%2C600&#038;ssl=1\" src=\"https:\/\/i0.wp.com\/www.jazzzeitung.de\/cms\/wp-content\/uploads\/2022\/06\/DSC03159-scaled.jpg?w=424&#038;h=636&#038;ssl=1\" srcset=\"https:\/\/i0.wp.com\/www.jazzzeitung.de\/cms\/wp-content\/uploads\/2022\/06\/DSC03159-scaled.jpg?w=1704&amp;ssl=1 1704w, https:\/\/i0.wp.com\/www.jazzzeitung.de\/cms\/wp-content\/uploads\/2022\/06\/DSC03159-scaled.jpg?resize=200%2C300&amp;ssl=1 200w, https:\/\/i0.wp.com\/www.jazzzeitung.de\/cms\/wp-content\/uploads\/2022\/06\/DSC03159-scaled.jpg?resize=399%2C600&amp;ssl=1 399w, https:\/\/i0.wp.com\/www.jazzzeitung.de\/cms\/wp-content\/uploads\/2022\/06\/DSC03159-scaled.jpg?resize=768%2C1154&amp;ssl=1 768w, https:\/\/i0.wp.com\/www.jazzzeitung.de\/cms\/wp-content\/uploads\/2022\/06\/DSC03159-scaled.jpg?resize=1022%2C1536&amp;ssl=1 1022w, https:\/\/i0.wp.com\/www.jazzzeitung.de\/cms\/wp-content\/uploads\/2022\/06\/DSC03159-scaled.jpg?resize=1363%2C2048&amp;ssl=1 1363w, https:\/\/i0.wp.com\/www.jazzzeitung.de\/cms\/wp-content\/uploads\/2022\/06\/DSC03159-scaled.jpg?resize=1320%2C1983&amp;ssl=1 1320w\" width=\"424\" height=\"636\" loading=\"lazy\" data-original-width=\"424\" data-original-height=\"636\" itemprop=\"http:\/\/schema.org\/image\" title=\"DSC03159\" alt=\"DSC03159\" style=\"width: 424px; height: 636px;\" \/> <\/a> <\/div> <\/div> <!-- close group --> <\/div> <!-- close row --> <div class=\"gallery-row\" style=\"width: 840px; height: 403px;\" data-original-width=\"840\" data-original-height=\"403\" > <div class=\"gallery-group images-1\" style=\"width: 535px; height: 403px;\" data-original-width=\"535\" data-original-height=\"403\" > <div class=\"tiled-gallery-item tiled-gallery-item-large\" itemprop=\"associatedMedia\" itemscope itemtype=\"http:\/\/schema.org\/ImageObject\"> <a href=\"https:\/\/www.jazzzeitung.de\/cms\/2022\/06\/ein-gelungener-start-naehrt-den-wunsch-nach-fortsetzung-burgjazz-2022-im-westfaelischen-luedinghausen\/dsc03172\/\" border=\"0\" itemprop=\"url\"> <meta itemprop=\"width\" content=\"531\"> <meta itemprop=\"height\" content=\"399\"> <img decoding=\"async\" class=\"\" data-attachment-id=\"27618\" data-orig-file=\"https:\/\/www.jazzzeitung.de\/cms\/wp-content\/uploads\/2022\/06\/DSC03172-scaled.jpg\" data-orig-size=\"2560,1920\" data-comments-opened=\"1\" data-image-meta=\"{&quot;aperture&quot;:&quot;3.2&quot;,&quot;credit&quot;:&quot;Picasa&quot;,&quot;camera&quot;:&quot;DSC-RX10&quot;,&quot;caption&quot;:&quot;&quot;,&quot;created_timestamp&quot;:&quot;1655405700&quot;,&quot;copyright&quot;:&quot;&quot;,&quot;focal_length&quot;:&quot;8.8&quot;,&quot;iso&quot;:&quot;125&quot;,&quot;shutter_speed&quot;:&quot;0.005&quot;,&quot;title&quot;:&quot;&quot;,&quot;orientation&quot;:&quot;0&quot;}\" data-image-title=\"DSC03172\" data-image-description=\"\" data-medium-file=\"https:\/\/i0.wp.com\/www.jazzzeitung.de\/cms\/wp-content\/uploads\/2022\/06\/DSC03172-scaled.jpg?fit=300%2C225&#038;ssl=1\" data-large-file=\"https:\/\/i0.wp.com\/www.jazzzeitung.de\/cms\/wp-content\/uploads\/2022\/06\/DSC03172-scaled.jpg?fit=800%2C600&#038;ssl=1\" src=\"https:\/\/i0.wp.com\/www.jazzzeitung.de\/cms\/wp-content\/uploads\/2022\/06\/DSC03172-scaled.jpg?w=531&#038;h=399&#038;ssl=1\" srcset=\"https:\/\/i0.wp.com\/www.jazzzeitung.de\/cms\/wp-content\/uploads\/2022\/06\/DSC03172-scaled.jpg?w=2560&amp;ssl=1 2560w, https:\/\/i0.wp.com\/www.jazzzeitung.de\/cms\/wp-content\/uploads\/2022\/06\/DSC03172-scaled.jpg?resize=300%2C225&amp;ssl=1 300w, https:\/\/i0.wp.com\/www.jazzzeitung.de\/cms\/wp-content\/uploads\/2022\/06\/DSC03172-scaled.jpg?resize=800%2C600&amp;ssl=1 800w, https:\/\/i0.wp.com\/www.jazzzeitung.de\/cms\/wp-content\/uploads\/2022\/06\/DSC03172-scaled.jpg?resize=768%2C576&amp;ssl=1 768w, https:\/\/i0.wp.com\/www.jazzzeitung.de\/cms\/wp-content\/uploads\/2022\/06\/DSC03172-scaled.jpg?resize=1536%2C1152&amp;ssl=1 1536w, https:\/\/i0.wp.com\/www.jazzzeitung.de\/cms\/wp-content\/uploads\/2022\/06\/DSC03172-scaled.jpg?resize=2048%2C1536&amp;ssl=1 2048w, https:\/\/i0.wp.com\/www.jazzzeitung.de\/cms\/wp-content\/uploads\/2022\/06\/DSC03172-scaled.jpg?resize=1320%2C990&amp;ssl=1 1320w, https:\/\/i0.wp.com\/www.jazzzeitung.de\/cms\/wp-content\/uploads\/2022\/06\/DSC03172-scaled.jpg?w=1680&amp;ssl=1 1680w\" width=\"531\" height=\"399\" loading=\"lazy\" data-original-width=\"531\" data-original-height=\"399\" itemprop=\"http:\/\/schema.org\/image\" title=\"DSC03172\" alt=\"DSC03172\" style=\"width: 531px; height: 399px;\" \/> <\/a> <\/div> <\/div> <!-- close group --> <div class=\"gallery-group images-2\" style=\"width: 305px; height: 403px;\" data-original-width=\"305\" data-original-height=\"403\" > <div class=\"tiled-gallery-item tiled-gallery-item-large\" itemprop=\"associatedMedia\" itemscope itemtype=\"http:\/\/schema.org\/ImageObject\"> <a href=\"https:\/\/www.jazzzeitung.de\/cms\/2022\/06\/ein-gelungener-start-naehrt-den-wunsch-nach-fortsetzung-burgjazz-2022-im-westfaelischen-luedinghausen\/dsc03193\/\" border=\"0\" itemprop=\"url\"> <meta itemprop=\"width\" content=\"301\"> <meta itemprop=\"height\" content=\"169\"> <img decoding=\"async\" class=\"\" data-attachment-id=\"27619\" data-orig-file=\"https:\/\/www.jazzzeitung.de\/cms\/wp-content\/uploads\/2022\/06\/DSC03193-scaled.jpg\" data-orig-size=\"2560,1441\" data-comments-opened=\"1\" data-image-meta=\"{&quot;aperture&quot;:&quot;4&quot;,&quot;credit&quot;:&quot;Picasa&quot;,&quot;camera&quot;:&quot;DSC-RX10&quot;,&quot;caption&quot;:&quot;&quot;,&quot;created_timestamp&quot;:&quot;1655474908&quot;,&quot;copyright&quot;:&quot;&quot;,&quot;focal_length&quot;:&quot;8.81&quot;,&quot;iso&quot;:&quot;125&quot;,&quot;shutter_speed&quot;:&quot;0.00125&quot;,&quot;title&quot;:&quot;&quot;,&quot;orientation&quot;:&quot;0&quot;}\" data-image-title=\"DSC03193\" data-image-description=\"\" data-medium-file=\"https:\/\/i0.wp.com\/www.jazzzeitung.de\/cms\/wp-content\/uploads\/2022\/06\/DSC03193-scaled.jpg?fit=300%2C169&#038;ssl=1\" data-large-file=\"https:\/\/i0.wp.com\/www.jazzzeitung.de\/cms\/wp-content\/uploads\/2022\/06\/DSC03193-scaled.jpg?fit=840%2C473&#038;ssl=1\" src=\"https:\/\/i0.wp.com\/www.jazzzeitung.de\/cms\/wp-content\/uploads\/2022\/06\/DSC03193-scaled.jpg?w=301&#038;h=169&#038;ssl=1\" srcset=\"https:\/\/i0.wp.com\/www.jazzzeitung.de\/cms\/wp-content\/uploads\/2022\/06\/DSC03193-scaled.jpg?w=2560&amp;ssl=1 2560w, https:\/\/i0.wp.com\/www.jazzzeitung.de\/cms\/wp-content\/uploads\/2022\/06\/DSC03193-scaled.jpg?resize=300%2C169&amp;ssl=1 300w, https:\/\/i0.wp.com\/www.jazzzeitung.de\/cms\/wp-content\/uploads\/2022\/06\/DSC03193-scaled.jpg?resize=900%2C507&amp;ssl=1 900w, https:\/\/i0.wp.com\/www.jazzzeitung.de\/cms\/wp-content\/uploads\/2022\/06\/DSC03193-scaled.jpg?resize=768%2C432&amp;ssl=1 768w, https:\/\/i0.wp.com\/www.jazzzeitung.de\/cms\/wp-content\/uploads\/2022\/06\/DSC03193-scaled.jpg?resize=1536%2C865&amp;ssl=1 1536w, https:\/\/i0.wp.com\/www.jazzzeitung.de\/cms\/wp-content\/uploads\/2022\/06\/DSC03193-scaled.jpg?resize=2048%2C1153&amp;ssl=1 2048w, https:\/\/i0.wp.com\/www.jazzzeitung.de\/cms\/wp-content\/uploads\/2022\/06\/DSC03193-scaled.jpg?resize=1320%2C743&amp;ssl=1 1320w, https:\/\/i0.wp.com\/www.jazzzeitung.de\/cms\/wp-content\/uploads\/2022\/06\/DSC03193-scaled.jpg?w=1680&amp;ssl=1 1680w\" width=\"301\" height=\"169\" loading=\"lazy\" data-original-width=\"301\" data-original-height=\"169\" itemprop=\"http:\/\/schema.org\/image\" title=\"DSC03193\" alt=\"DSC03193\" style=\"width: 301px; height: 169px;\" \/> <\/a> <\/div> <div class=\"tiled-gallery-item tiled-gallery-item-large\" itemprop=\"associatedMedia\" itemscope itemtype=\"http:\/\/schema.org\/ImageObject\"> <a href=\"https:\/\/www.jazzzeitung.de\/cms\/2022\/06\/ein-gelungener-start-naehrt-den-wunsch-nach-fortsetzung-burgjazz-2022-im-westfaelischen-luedinghausen\/dsc03224\/\" border=\"0\" itemprop=\"url\"> <meta itemprop=\"width\" content=\"301\"> <meta itemprop=\"height\" content=\"226\"> <img decoding=\"async\" class=\"\" data-attachment-id=\"27620\" data-orig-file=\"https:\/\/www.jazzzeitung.de\/cms\/wp-content\/uploads\/2022\/06\/DSC03224-scaled.jpg\" data-orig-size=\"2560,1920\" data-comments-opened=\"1\" data-image-meta=\"{&quot;aperture&quot;:&quot;2.8&quot;,&quot;credit&quot;:&quot;Picasa&quot;,&quot;camera&quot;:&quot;DSC-RX10&quot;,&quot;caption&quot;:&quot;&quot;,&quot;created_timestamp&quot;:&quot;1655483656&quot;,&quot;copyright&quot;:&quot;&quot;,&quot;focal_length&quot;:&quot;14.84&quot;,&quot;iso&quot;:&quot;1600&quot;,&quot;shutter_speed&quot;:&quot;0.02&quot;,&quot;title&quot;:&quot;&quot;,&quot;orientation&quot;:&quot;0&quot;}\" data-image-title=\"DSC03224\" data-image-description=\"\" data-medium-file=\"https:\/\/i0.wp.com\/www.jazzzeitung.de\/cms\/wp-content\/uploads\/2022\/06\/DSC03224-scaled.jpg?fit=300%2C225&#038;ssl=1\" data-large-file=\"https:\/\/i0.wp.com\/www.jazzzeitung.de\/cms\/wp-content\/uploads\/2022\/06\/DSC03224-scaled.jpg?fit=800%2C600&#038;ssl=1\" src=\"https:\/\/i0.wp.com\/www.jazzzeitung.de\/cms\/wp-content\/uploads\/2022\/06\/DSC03224-scaled.jpg?w=301&#038;h=226&#038;ssl=1\" srcset=\"https:\/\/i0.wp.com\/www.jazzzeitung.de\/cms\/wp-content\/uploads\/2022\/06\/DSC03224-scaled.jpg?w=2560&amp;ssl=1 2560w, https:\/\/i0.wp.com\/www.jazzzeitung.de\/cms\/wp-content\/uploads\/2022\/06\/DSC03224-scaled.jpg?resize=300%2C225&amp;ssl=1 300w, https:\/\/i0.wp.com\/www.jazzzeitung.de\/cms\/wp-content\/uploads\/2022\/06\/DSC03224-scaled.jpg?resize=800%2C600&amp;ssl=1 800w, https:\/\/i0.wp.com\/www.jazzzeitung.de\/cms\/wp-content\/uploads\/2022\/06\/DSC03224-scaled.jpg?resize=768%2C576&amp;ssl=1 768w, https:\/\/i0.wp.com\/www.jazzzeitung.de\/cms\/wp-content\/uploads\/2022\/06\/DSC03224-scaled.jpg?resize=1536%2C1152&amp;ssl=1 1536w, https:\/\/i0.wp.com\/www.jazzzeitung.de\/cms\/wp-content\/uploads\/2022\/06\/DSC03224-scaled.jpg?resize=2048%2C1536&amp;ssl=1 2048w, https:\/\/i0.wp.com\/www.jazzzeitung.de\/cms\/wp-content\/uploads\/2022\/06\/DSC03224-scaled.jpg?resize=1320%2C990&amp;ssl=1 1320w, https:\/\/i0.wp.com\/www.jazzzeitung.de\/cms\/wp-content\/uploads\/2022\/06\/DSC03224-scaled.jpg?w=1680&amp;ssl=1 1680w\" width=\"301\" height=\"226\" loading=\"lazy\" data-original-width=\"301\" data-original-height=\"226\" itemprop=\"http:\/\/schema.org\/image\" title=\"DSC03224\" alt=\"DSC03224\" style=\"width: 301px; height: 226px;\" \/> <\/a> <\/div> <\/div> <!-- close group --> <\/div> <!-- close row --> <div class=\"gallery-row\" style=\"width: 840px; height: 262px;\" data-original-width=\"840\" data-original-height=\"262\" > <div class=\"gallery-group images-1\" style=\"width: 463px; height: 262px;\" data-original-width=\"463\" data-original-height=\"262\" > <div class=\"tiled-gallery-item tiled-gallery-item-large\" itemprop=\"associatedMedia\" itemscope itemtype=\"http:\/\/schema.org\/ImageObject\"> <a href=\"https:\/\/www.jazzzeitung.de\/cms\/2022\/06\/ein-gelungener-start-naehrt-den-wunsch-nach-fortsetzung-burgjazz-2022-im-westfaelischen-luedinghausen\/dsc03290\/\" border=\"0\" itemprop=\"url\"> <meta itemprop=\"width\" content=\"459\"> <meta itemprop=\"height\" content=\"258\"> <img decoding=\"async\" class=\"\" data-attachment-id=\"27621\" data-orig-file=\"https:\/\/www.jazzzeitung.de\/cms\/wp-content\/uploads\/2022\/06\/DSC03290-scaled.jpg\" data-orig-size=\"2560,1441\" data-comments-opened=\"1\" data-image-meta=\"{&quot;aperture&quot;:&quot;2.8&quot;,&quot;credit&quot;:&quot;Picasa&quot;,&quot;camera&quot;:&quot;DSC-RX10&quot;,&quot;caption&quot;:&quot;&quot;,&quot;created_timestamp&quot;:&quot;1655487902&quot;,&quot;copyright&quot;:&quot;&quot;,&quot;focal_length&quot;:&quot;8.8&quot;,&quot;iso&quot;:&quot;125&quot;,&quot;shutter_speed&quot;:&quot;0.0025&quot;,&quot;title&quot;:&quot;&quot;,&quot;orientation&quot;:&quot;0&quot;}\" data-image-title=\"DSC03290\" data-image-description=\"\" data-medium-file=\"https:\/\/i0.wp.com\/www.jazzzeitung.de\/cms\/wp-content\/uploads\/2022\/06\/DSC03290-scaled.jpg?fit=300%2C169&#038;ssl=1\" data-large-file=\"https:\/\/i0.wp.com\/www.jazzzeitung.de\/cms\/wp-content\/uploads\/2022\/06\/DSC03290-scaled.jpg?fit=840%2C473&#038;ssl=1\" src=\"https:\/\/i0.wp.com\/www.jazzzeitung.de\/cms\/wp-content\/uploads\/2022\/06\/DSC03290-scaled.jpg?w=459&#038;h=258&#038;ssl=1\" srcset=\"https:\/\/i0.wp.com\/www.jazzzeitung.de\/cms\/wp-content\/uploads\/2022\/06\/DSC03290-scaled.jpg?w=2560&amp;ssl=1 2560w, https:\/\/i0.wp.com\/www.jazzzeitung.de\/cms\/wp-content\/uploads\/2022\/06\/DSC03290-scaled.jpg?resize=300%2C169&amp;ssl=1 300w, https:\/\/i0.wp.com\/www.jazzzeitung.de\/cms\/wp-content\/uploads\/2022\/06\/DSC03290-scaled.jpg?resize=900%2C507&amp;ssl=1 900w, https:\/\/i0.wp.com\/www.jazzzeitung.de\/cms\/wp-content\/uploads\/2022\/06\/DSC03290-scaled.jpg?resize=768%2C432&amp;ssl=1 768w, https:\/\/i0.wp.com\/www.jazzzeitung.de\/cms\/wp-content\/uploads\/2022\/06\/DSC03290-scaled.jpg?resize=1536%2C865&amp;ssl=1 1536w, https:\/\/i0.wp.com\/www.jazzzeitung.de\/cms\/wp-content\/uploads\/2022\/06\/DSC03290-scaled.jpg?resize=2048%2C1153&amp;ssl=1 2048w, https:\/\/i0.wp.com\/www.jazzzeitung.de\/cms\/wp-content\/uploads\/2022\/06\/DSC03290-scaled.jpg?resize=1320%2C743&amp;ssl=1 1320w, https:\/\/i0.wp.com\/www.jazzzeitung.de\/cms\/wp-content\/uploads\/2022\/06\/DSC03290-scaled.jpg?w=1680&amp;ssl=1 1680w\" width=\"459\" height=\"258\" loading=\"lazy\" data-original-width=\"459\" data-original-height=\"258\" itemprop=\"http:\/\/schema.org\/image\" title=\"DSC03290\" alt=\"DSC03290\" style=\"width: 459px; height: 258px;\" \/> <\/a> <\/div> <\/div> <!-- close group --> <div class=\"gallery-group images-1\" style=\"width: 377px; height: 262px;\" data-original-width=\"377\" data-original-height=\"262\" > <div class=\"tiled-gallery-item tiled-gallery-item-large\" itemprop=\"associatedMedia\" itemscope itemtype=\"http:\/\/schema.org\/ImageObject\"> <a href=\"https:\/\/www.jazzzeitung.de\/cms\/2022\/06\/ein-gelungener-start-naehrt-den-wunsch-nach-fortsetzung-burgjazz-2022-im-westfaelischen-luedinghausen\/federico-casagrande2\/\" border=\"0\" itemprop=\"url\"> <meta itemprop=\"width\" content=\"373\"> <meta itemprop=\"height\" content=\"258\"> <img decoding=\"async\" class=\"\" data-attachment-id=\"27623\" data-orig-file=\"https:\/\/www.jazzzeitung.de\/cms\/wp-content\/uploads\/2022\/06\/Federico-Casagrande2-scaled.jpg\" data-orig-size=\"2560,1769\" data-comments-opened=\"1\" data-image-meta=\"{&quot;aperture&quot;:&quot;2.8&quot;,&quot;credit&quot;:&quot;Picasa&quot;,&quot;camera&quot;:&quot;SLT-A58&quot;,&quot;caption&quot;:&quot;&quot;,&quot;created_timestamp&quot;:&quot;1440769373&quot;,&quot;copyright&quot;:&quot;&quot;,&quot;focal_length&quot;:&quot;105&quot;,&quot;iso&quot;:&quot;3200&quot;,&quot;shutter_speed&quot;:&quot;0.0025&quot;,&quot;title&quot;:&quot;&quot;,&quot;orientation&quot;:&quot;1&quot;}\" data-image-title=\"Federico Casagrande2\" data-image-description=\"\" data-medium-file=\"https:\/\/i0.wp.com\/www.jazzzeitung.de\/cms\/wp-content\/uploads\/2022\/06\/Federico-Casagrande2-scaled.jpg?fit=300%2C207&#038;ssl=1\" data-large-file=\"https:\/\/i0.wp.com\/www.jazzzeitung.de\/cms\/wp-content\/uploads\/2022\/06\/Federico-Casagrande2-scaled.jpg?fit=840%2C581&#038;ssl=1\" src=\"https:\/\/i0.wp.com\/www.jazzzeitung.de\/cms\/wp-content\/uploads\/2022\/06\/Federico-Casagrande2-scaled.jpg?w=373&#038;h=258&#038;ssl=1\" srcset=\"https:\/\/i0.wp.com\/www.jazzzeitung.de\/cms\/wp-content\/uploads\/2022\/06\/Federico-Casagrande2-scaled.jpg?w=2560&amp;ssl=1 2560w, https:\/\/i0.wp.com\/www.jazzzeitung.de\/cms\/wp-content\/uploads\/2022\/06\/Federico-Casagrande2-scaled.jpg?resize=300%2C207&amp;ssl=1 300w, https:\/\/i0.wp.com\/www.jazzzeitung.de\/cms\/wp-content\/uploads\/2022\/06\/Federico-Casagrande2-scaled.jpg?resize=868%2C600&amp;ssl=1 868w, https:\/\/i0.wp.com\/www.jazzzeitung.de\/cms\/wp-content\/uploads\/2022\/06\/Federico-Casagrande2-scaled.jpg?resize=768%2C531&amp;ssl=1 768w, https:\/\/i0.wp.com\/www.jazzzeitung.de\/cms\/wp-content\/uploads\/2022\/06\/Federico-Casagrande2-scaled.jpg?resize=1536%2C1061&amp;ssl=1 1536w, https:\/\/i0.wp.com\/www.jazzzeitung.de\/cms\/wp-content\/uploads\/2022\/06\/Federico-Casagrande2-scaled.jpg?resize=2048%2C1415&amp;ssl=1 2048w, https:\/\/i0.wp.com\/www.jazzzeitung.de\/cms\/wp-content\/uploads\/2022\/06\/Federico-Casagrande2-scaled.jpg?resize=1320%2C912&amp;ssl=1 1320w, https:\/\/i0.wp.com\/www.jazzzeitung.de\/cms\/wp-content\/uploads\/2022\/06\/Federico-Casagrande2-scaled.jpg?w=1680&amp;ssl=1 1680w\" width=\"373\" height=\"258\" loading=\"lazy\" data-original-width=\"373\" data-original-height=\"258\" itemprop=\"http:\/\/schema.org\/image\" title=\"Federico Casagrande2\" alt=\"Federico Casagrande2\" style=\"width: 373px; height: 258px;\" \/> <\/a> <\/div> <\/div> <!-- close group --> <\/div> <!-- close row --> <div class=\"gallery-row\" style=\"width: 840px; height: 317px;\" data-original-width=\"840\" data-original-height=\"317\" > <div class=\"gallery-group images-1\" style=\"width: 474px; height: 317px;\" data-original-width=\"474\" data-original-height=\"317\" > <div class=\"tiled-gallery-item tiled-gallery-item-large\" itemprop=\"associatedMedia\" itemscope itemtype=\"http:\/\/schema.org\/ImageObject\"> <a href=\"https:\/\/www.jazzzeitung.de\/cms\/2022\/06\/ein-gelungener-start-naehrt-den-wunsch-nach-fortsetzung-burgjazz-2022-im-westfaelischen-luedinghausen\/guy-salamon\/\" border=\"0\" itemprop=\"url\"> <meta itemprop=\"width\" content=\"470\"> <meta itemprop=\"height\" content=\"313\"> <img decoding=\"async\" class=\"\" data-attachment-id=\"27624\" data-orig-file=\"https:\/\/www.jazzzeitung.de\/cms\/wp-content\/uploads\/2022\/06\/Guy-Salamon-scaled.jpg\" data-orig-size=\"2560,1704\" data-comments-opened=\"1\" data-image-meta=\"{&quot;aperture&quot;:&quot;2.8&quot;,&quot;credit&quot;:&quot;Picasa&quot;,&quot;camera&quot;:&quot;SLT-A58&quot;,&quot;caption&quot;:&quot;&quot;,&quot;created_timestamp&quot;:&quot;1440911204&quot;,&quot;copyright&quot;:&quot;&quot;,&quot;focal_length&quot;:&quot;200&quot;,&quot;iso&quot;:&quot;500&quot;,&quot;shutter_speed&quot;:&quot;0.0015625&quot;,&quot;title&quot;:&quot;&quot;,&quot;orientation&quot;:&quot;1&quot;}\" data-image-title=\"Guy Salamon\" data-image-description=\"\" data-medium-file=\"https:\/\/i0.wp.com\/www.jazzzeitung.de\/cms\/wp-content\/uploads\/2022\/06\/Guy-Salamon-scaled.jpg?fit=300%2C200&#038;ssl=1\" data-large-file=\"https:\/\/i0.wp.com\/www.jazzzeitung.de\/cms\/wp-content\/uploads\/2022\/06\/Guy-Salamon-scaled.jpg?fit=840%2C560&#038;ssl=1\" src=\"https:\/\/i0.wp.com\/www.jazzzeitung.de\/cms\/wp-content\/uploads\/2022\/06\/Guy-Salamon-scaled.jpg?w=470&#038;h=313&#038;ssl=1\" srcset=\"https:\/\/i0.wp.com\/www.jazzzeitung.de\/cms\/wp-content\/uploads\/2022\/06\/Guy-Salamon-scaled.jpg?w=2560&amp;ssl=1 2560w, https:\/\/i0.wp.com\/www.jazzzeitung.de\/cms\/wp-content\/uploads\/2022\/06\/Guy-Salamon-scaled.jpg?resize=300%2C200&amp;ssl=1 300w, https:\/\/i0.wp.com\/www.jazzzeitung.de\/cms\/wp-content\/uploads\/2022\/06\/Guy-Salamon-scaled.jpg?resize=900%2C600&amp;ssl=1 900w, https:\/\/i0.wp.com\/www.jazzzeitung.de\/cms\/wp-content\/uploads\/2022\/06\/Guy-Salamon-scaled.jpg?resize=768%2C511&amp;ssl=1 768w, https:\/\/i0.wp.com\/www.jazzzeitung.de\/cms\/wp-content\/uploads\/2022\/06\/Guy-Salamon-scaled.jpg?resize=1536%2C1022&amp;ssl=1 1536w, https:\/\/i0.wp.com\/www.jazzzeitung.de\/cms\/wp-content\/uploads\/2022\/06\/Guy-Salamon-scaled.jpg?resize=2048%2C1363&amp;ssl=1 2048w, https:\/\/i0.wp.com\/www.jazzzeitung.de\/cms\/wp-content\/uploads\/2022\/06\/Guy-Salamon-scaled.jpg?resize=120%2C80&amp;ssl=1 120w, https:\/\/i0.wp.com\/www.jazzzeitung.de\/cms\/wp-content\/uploads\/2022\/06\/Guy-Salamon-scaled.jpg?resize=1320%2C879&amp;ssl=1 1320w, https:\/\/i0.wp.com\/www.jazzzeitung.de\/cms\/wp-content\/uploads\/2022\/06\/Guy-Salamon-scaled.jpg?w=1680&amp;ssl=1 1680w\" width=\"470\" height=\"313\" loading=\"lazy\" data-original-width=\"470\" data-original-height=\"313\" itemprop=\"http:\/\/schema.org\/image\" title=\"Guy Salamon\" alt=\"Guy Salamon\" style=\"width: 470px; height: 313px;\" \/> <\/a> <\/div> <\/div> <!-- close group --> <div class=\"gallery-group images-1\" style=\"width: 366px; height: 317px;\" data-original-width=\"366\" data-original-height=\"317\" > <div class=\"tiled-gallery-item tiled-gallery-item-large\" itemprop=\"associatedMedia\" itemscope itemtype=\"http:\/\/schema.org\/ImageObject\"> <a href=\"https:\/\/www.jazzzeitung.de\/cms\/2022\/06\/ein-gelungener-start-naehrt-den-wunsch-nach-fortsetzung-burgjazz-2022-im-westfaelischen-luedinghausen\/krama-percussion-ensemble\/\" border=\"0\" itemprop=\"url\"> <meta itemprop=\"width\" content=\"362\"> <meta itemprop=\"height\" content=\"313\"> <img decoding=\"async\" class=\"\" data-attachment-id=\"27625\" data-orig-file=\"https:\/\/www.jazzzeitung.de\/cms\/wp-content\/uploads\/2022\/06\/Krama-Percussion-Ensemble--scaled.jpg\" data-orig-size=\"2560,2209\" data-comments-opened=\"1\" data-image-meta=\"{&quot;aperture&quot;:&quot;4&quot;,&quot;credit&quot;:&quot;Picasa&quot;,&quot;camera&quot;:&quot;SLT-A58&quot;,&quot;caption&quot;:&quot;&quot;,&quot;created_timestamp&quot;:&quot;1440923437&quot;,&quot;copyright&quot;:&quot;&quot;,&quot;focal_length&quot;:&quot;180&quot;,&quot;iso&quot;:&quot;640&quot;,&quot;shutter_speed&quot;:&quot;0.003125&quot;,&quot;title&quot;:&quot;&quot;,&quot;orientation&quot;:&quot;1&quot;}\" data-image-title=\"Krama Percussion Ensemble\" data-image-description=\"\" data-medium-file=\"https:\/\/i0.wp.com\/www.jazzzeitung.de\/cms\/wp-content\/uploads\/2022\/06\/Krama-Percussion-Ensemble--scaled.jpg?fit=300%2C259&#038;ssl=1\" data-large-file=\"https:\/\/i0.wp.com\/www.jazzzeitung.de\/cms\/wp-content\/uploads\/2022\/06\/Krama-Percussion-Ensemble--scaled.jpg?fit=695%2C600&#038;ssl=1\" src=\"https:\/\/i0.wp.com\/www.jazzzeitung.de\/cms\/wp-content\/uploads\/2022\/06\/Krama-Percussion-Ensemble--scaled.jpg?w=362&#038;h=313&#038;ssl=1\" srcset=\"https:\/\/i0.wp.com\/www.jazzzeitung.de\/cms\/wp-content\/uploads\/2022\/06\/Krama-Percussion-Ensemble--scaled.jpg?w=2560&amp;ssl=1 2560w, https:\/\/i0.wp.com\/www.jazzzeitung.de\/cms\/wp-content\/uploads\/2022\/06\/Krama-Percussion-Ensemble--scaled.jpg?resize=300%2C259&amp;ssl=1 300w, https:\/\/i0.wp.com\/www.jazzzeitung.de\/cms\/wp-content\/uploads\/2022\/06\/Krama-Percussion-Ensemble--scaled.jpg?resize=695%2C600&amp;ssl=1 695w, https:\/\/i0.wp.com\/www.jazzzeitung.de\/cms\/wp-content\/uploads\/2022\/06\/Krama-Percussion-Ensemble--scaled.jpg?resize=768%2C663&amp;ssl=1 768w, https:\/\/i0.wp.com\/www.jazzzeitung.de\/cms\/wp-content\/uploads\/2022\/06\/Krama-Percussion-Ensemble--scaled.jpg?resize=1536%2C1325&amp;ssl=1 1536w, https:\/\/i0.wp.com\/www.jazzzeitung.de\/cms\/wp-content\/uploads\/2022\/06\/Krama-Percussion-Ensemble--scaled.jpg?resize=2048%2C1767&amp;ssl=1 2048w, https:\/\/i0.wp.com\/www.jazzzeitung.de\/cms\/wp-content\/uploads\/2022\/06\/Krama-Percussion-Ensemble--scaled.jpg?resize=1320%2C1139&amp;ssl=1 1320w, https:\/\/i0.wp.com\/www.jazzzeitung.de\/cms\/wp-content\/uploads\/2022\/06\/Krama-Percussion-Ensemble--scaled.jpg?w=1680&amp;ssl=1 1680w\" width=\"362\" height=\"313\" loading=\"lazy\" data-original-width=\"362\" data-original-height=\"313\" itemprop=\"http:\/\/schema.org\/image\" title=\"Krama Percussion Ensemble\" alt=\"Krama Percussion Ensemble\" style=\"width: 362px; height: 313px;\" \/> <\/a> <\/div> <\/div> <!-- close group --> <\/div> <!-- close row --> <div class=\"gallery-row\" style=\"width: 840px; height: 459px;\" data-original-width=\"840\" data-original-height=\"459\" > <div class=\"gallery-group images-1\" style=\"width: 459px; height: 459px;\" data-original-width=\"459\" data-original-height=\"459\" > <div class=\"tiled-gallery-item tiled-gallery-item-large\" itemprop=\"associatedMedia\" itemscope itemtype=\"http:\/\/schema.org\/ImageObject\"> <a href=\"https:\/\/www.jazzzeitung.de\/cms\/2022\/06\/ein-gelungener-start-naehrt-den-wunsch-nach-fortsetzung-burgjazz-2022-im-westfaelischen-luedinghausen\/veronika-harcsa2\/\" border=\"0\" itemprop=\"url\"> <meta itemprop=\"width\" content=\"455\"> <meta itemprop=\"height\" content=\"455\"> <img decoding=\"async\" class=\"\" data-attachment-id=\"27626\" data-orig-file=\"https:\/\/www.jazzzeitung.de\/cms\/wp-content\/uploads\/2022\/06\/Veronika-Harcsa2-scaled.jpg\" data-orig-size=\"2557,2560\" data-comments-opened=\"1\" data-image-meta=\"{&quot;aperture&quot;:&quot;2.8&quot;,&quot;credit&quot;:&quot;Picasa&quot;,&quot;camera&quot;:&quot;SLT-A58&quot;,&quot;caption&quot;:&quot;&quot;,&quot;created_timestamp&quot;:&quot;1440841481&quot;,&quot;copyright&quot;:&quot;&quot;,&quot;focal_length&quot;:&quot;200&quot;,&quot;iso&quot;:&quot;3200&quot;,&quot;shutter_speed&quot;:&quot;0.000625&quot;,&quot;title&quot;:&quot;&quot;,&quot;orientation&quot;:&quot;1&quot;}\" data-image-title=\"Veronika Harcsa2\" data-image-description=\"\" data-medium-file=\"https:\/\/i0.wp.com\/www.jazzzeitung.de\/cms\/wp-content\/uploads\/2022\/06\/Veronika-Harcsa2-scaled.jpg?fit=300%2C300&#038;ssl=1\" data-large-file=\"https:\/\/i0.wp.com\/www.jazzzeitung.de\/cms\/wp-content\/uploads\/2022\/06\/Veronika-Harcsa2-scaled.jpg?fit=599%2C600&#038;ssl=1\" src=\"https:\/\/i0.wp.com\/www.jazzzeitung.de\/cms\/wp-content\/uploads\/2022\/06\/Veronika-Harcsa2-scaled.jpg?w=455&#038;h=455&#038;crop=1&#038;ssl=1\" srcset=\"https:\/\/i0.wp.com\/www.jazzzeitung.de\/cms\/wp-content\/uploads\/2022\/06\/Veronika-Harcsa2-scaled.jpg?w=2557&amp;ssl=1 2557w, https:\/\/i0.wp.com\/www.jazzzeitung.de\/cms\/wp-content\/uploads\/2022\/06\/Veronika-Harcsa2-scaled.jpg?resize=300%2C300&amp;ssl=1 300w, https:\/\/i0.wp.com\/www.jazzzeitung.de\/cms\/wp-content\/uploads\/2022\/06\/Veronika-Harcsa2-scaled.jpg?resize=599%2C600&amp;ssl=1 599w, https:\/\/i0.wp.com\/www.jazzzeitung.de\/cms\/wp-content\/uploads\/2022\/06\/Veronika-Harcsa2-scaled.jpg?resize=150%2C150&amp;ssl=1 150w, https:\/\/i0.wp.com\/www.jazzzeitung.de\/cms\/wp-content\/uploads\/2022\/06\/Veronika-Harcsa2-scaled.jpg?resize=768%2C769&amp;ssl=1 768w, https:\/\/i0.wp.com\/www.jazzzeitung.de\/cms\/wp-content\/uploads\/2022\/06\/Veronika-Harcsa2-scaled.jpg?resize=1534%2C1536&amp;ssl=1 1534w, https:\/\/i0.wp.com\/www.jazzzeitung.de\/cms\/wp-content\/uploads\/2022\/06\/Veronika-Harcsa2-scaled.jpg?resize=2046%2C2048&amp;ssl=1 2046w, https:\/\/i0.wp.com\/www.jazzzeitung.de\/cms\/wp-content\/uploads\/2022\/06\/Veronika-Harcsa2-scaled.jpg?resize=1320%2C1321&amp;ssl=1 1320w, https:\/\/i0.wp.com\/www.jazzzeitung.de\/cms\/wp-content\/uploads\/2022\/06\/Veronika-Harcsa2-scaled.jpg?w=1680&amp;ssl=1 1680w\" width=\"455\" height=\"455\" loading=\"lazy\" data-original-width=\"455\" data-original-height=\"455\" itemprop=\"http:\/\/schema.org\/image\" title=\"Veronika Harcsa2\" alt=\"Veronika Harcsa2\" style=\"width: 455px; height: 455px;\" \/> <\/a> <\/div> <\/div> <!-- close group --> <div class=\"gallery-group images-1\" style=\"width: 381px; height: 459px;\" data-original-width=\"381\" data-original-height=\"459\" > <div class=\"tiled-gallery-item tiled-gallery-item-large\" itemprop=\"associatedMedia\" itemscope itemtype=\"http:\/\/schema.org\/ImageObject\"> <a href=\"https:\/\/www.jazzzeitung.de\/cms\/2022\/06\/ein-gelungener-start-naehrt-den-wunsch-nach-fortsetzung-burgjazz-2022-im-westfaelischen-luedinghausen\/vincent-peirani\/\" border=\"0\" itemprop=\"url\"> <meta itemprop=\"width\" content=\"377\"> <meta itemprop=\"height\" content=\"455\"> <img decoding=\"async\" class=\"\" data-attachment-id=\"27627\" data-orig-file=\"https:\/\/www.jazzzeitung.de\/cms\/wp-content\/uploads\/2022\/06\/Vincent-Peirani-scaled.jpg\" data-orig-size=\"2122,2560\" data-comments-opened=\"1\" data-image-meta=\"{&quot;aperture&quot;:&quot;2.8&quot;,&quot;credit&quot;:&quot;Picasa&quot;,&quot;camera&quot;:&quot;SLT-A58&quot;,&quot;caption&quot;:&quot;&quot;,&quot;created_timestamp&quot;:&quot;1440769323&quot;,&quot;copyright&quot;:&quot;&quot;,&quot;focal_length&quot;:&quot;100&quot;,&quot;iso&quot;:&quot;3200&quot;,&quot;shutter_speed&quot;:&quot;0.0025&quot;,&quot;title&quot;:&quot;&quot;,&quot;orientation&quot;:&quot;1&quot;}\" data-image-title=\"Vincent Peirani\" data-image-description=\"\" data-medium-file=\"https:\/\/i0.wp.com\/www.jazzzeitung.de\/cms\/wp-content\/uploads\/2022\/06\/Vincent-Peirani-scaled.jpg?fit=249%2C300&#038;ssl=1\" data-large-file=\"https:\/\/i0.wp.com\/www.jazzzeitung.de\/cms\/wp-content\/uploads\/2022\/06\/Vincent-Peirani-scaled.jpg?fit=497%2C600&#038;ssl=1\" src=\"https:\/\/i0.wp.com\/www.jazzzeitung.de\/cms\/wp-content\/uploads\/2022\/06\/Vincent-Peirani-scaled.jpg?w=377&#038;h=455&#038;ssl=1\" srcset=\"https:\/\/i0.wp.com\/www.jazzzeitung.de\/cms\/wp-content\/uploads\/2022\/06\/Vincent-Peirani-scaled.jpg?w=2122&amp;ssl=1 2122w, https:\/\/i0.wp.com\/www.jazzzeitung.de\/cms\/wp-content\/uploads\/2022\/06\/Vincent-Peirani-scaled.jpg?resize=249%2C300&amp;ssl=1 249w, https:\/\/i0.wp.com\/www.jazzzeitung.de\/cms\/wp-content\/uploads\/2022\/06\/Vincent-Peirani-scaled.jpg?resize=497%2C600&amp;ssl=1 497w, https:\/\/i0.wp.com\/www.jazzzeitung.de\/cms\/wp-content\/uploads\/2022\/06\/Vincent-Peirani-scaled.jpg?resize=768%2C926&amp;ssl=1 768w, https:\/\/i0.wp.com\/www.jazzzeitung.de\/cms\/wp-content\/uploads\/2022\/06\/Vincent-Peirani-scaled.jpg?resize=1273%2C1536&amp;ssl=1 1273w, https:\/\/i0.wp.com\/www.jazzzeitung.de\/cms\/wp-content\/uploads\/2022\/06\/Vincent-Peirani-scaled.jpg?resize=1698%2C2048&amp;ssl=1 1698w, https:\/\/i0.wp.com\/www.jazzzeitung.de\/cms\/wp-content\/uploads\/2022\/06\/Vincent-Peirani-scaled.jpg?resize=1320%2C1592&amp;ssl=1 1320w\" width=\"377\" height=\"455\" loading=\"lazy\" data-original-width=\"377\" data-original-height=\"455\" itemprop=\"http:\/\/schema.org\/image\" title=\"Vincent Peirani\" alt=\"Vincent Peirani\" style=\"width: 377px; height: 455px;\" \/> <\/a> <\/div> <\/div> <!-- close group --> <\/div> <!-- close row --> <div class=\"gallery-row\" style=\"width: 840px; height: 676px;\" data-original-width=\"840\" data-original-height=\"676\" > <div class=\"gallery-group images-1\" style=\"width: 840px; height: 676px;\" data-original-width=\"840\" data-original-height=\"676\" > <div class=\"tiled-gallery-item tiled-gallery-item-large\" itemprop=\"associatedMedia\" itemscope itemtype=\"http:\/\/schema.org\/ImageObject\"> <a href=\"https:\/\/www.jazzzeitung.de\/cms\/2022\/06\/ein-gelungener-start-naehrt-den-wunsch-nach-fortsetzung-burgjazz-2022-im-westfaelischen-luedinghausen\/ziv-ravitz\/\" border=\"0\" itemprop=\"url\"> <meta itemprop=\"width\" content=\"836\"> <meta itemprop=\"height\" content=\"672\"> <img decoding=\"async\" class=\"\" data-attachment-id=\"27628\" data-orig-file=\"https:\/\/www.jazzzeitung.de\/cms\/wp-content\/uploads\/2022\/06\/ziv-ravitz-scaled.jpg\" data-orig-size=\"2560,2058\" data-comments-opened=\"1\" data-image-meta=\"{&quot;aperture&quot;:&quot;2.8&quot;,&quot;credit&quot;:&quot;Picasa&quot;,&quot;camera&quot;:&quot;SLT-A58&quot;,&quot;caption&quot;:&quot;&quot;,&quot;created_timestamp&quot;:&quot;1440768189&quot;,&quot;copyright&quot;:&quot;&quot;,&quot;focal_length&quot;:&quot;105&quot;,&quot;iso&quot;:&quot;3200&quot;,&quot;shutter_speed&quot;:&quot;0.004&quot;,&quot;title&quot;:&quot;&quot;,&quot;orientation&quot;:&quot;1&quot;}\" data-image-title=\"ziv ravitz\" data-image-description=\"\" data-medium-file=\"https:\/\/i0.wp.com\/www.jazzzeitung.de\/cms\/wp-content\/uploads\/2022\/06\/ziv-ravitz-scaled.jpg?fit=300%2C241&#038;ssl=1\" data-large-file=\"https:\/\/i0.wp.com\/www.jazzzeitung.de\/cms\/wp-content\/uploads\/2022\/06\/ziv-ravitz-scaled.jpg?fit=746%2C600&#038;ssl=1\" src=\"https:\/\/i0.wp.com\/www.jazzzeitung.de\/cms\/wp-content\/uploads\/2022\/06\/ziv-ravitz-scaled.jpg?w=836&#038;h=672&#038;ssl=1\" srcset=\"https:\/\/i0.wp.com\/www.jazzzeitung.de\/cms\/wp-content\/uploads\/2022\/06\/ziv-ravitz-scaled.jpg?w=2560&amp;ssl=1 2560w, https:\/\/i0.wp.com\/www.jazzzeitung.de\/cms\/wp-content\/uploads\/2022\/06\/ziv-ravitz-scaled.jpg?resize=300%2C241&amp;ssl=1 300w, https:\/\/i0.wp.com\/www.jazzzeitung.de\/cms\/wp-content\/uploads\/2022\/06\/ziv-ravitz-scaled.jpg?resize=746%2C600&amp;ssl=1 746w, https:\/\/i0.wp.com\/www.jazzzeitung.de\/cms\/wp-content\/uploads\/2022\/06\/ziv-ravitz-scaled.jpg?resize=768%2C617&amp;ssl=1 768w, https:\/\/i0.wp.com\/www.jazzzeitung.de\/cms\/wp-content\/uploads\/2022\/06\/ziv-ravitz-scaled.jpg?resize=1536%2C1235&amp;ssl=1 1536w, https:\/\/i0.wp.com\/www.jazzzeitung.de\/cms\/wp-content\/uploads\/2022\/06\/ziv-ravitz-scaled.jpg?resize=2048%2C1646&amp;ssl=1 2048w, https:\/\/i0.wp.com\/www.jazzzeitung.de\/cms\/wp-content\/uploads\/2022\/06\/ziv-ravitz-scaled.jpg?resize=1320%2C1061&amp;ssl=1 1320w, https:\/\/i0.wp.com\/www.jazzzeitung.de\/cms\/wp-content\/uploads\/2022\/06\/ziv-ravitz-scaled.jpg?w=1680&amp;ssl=1 1680w\" width=\"836\" height=\"672\" loading=\"lazy\" data-original-width=\"836\" data-original-height=\"672\" itemprop=\"http:\/\/schema.org\/image\" title=\"ziv ravitz\" alt=\"ziv ravitz\" style=\"width: 836px; height: 672px;\" \/> <\/a> <\/div> <\/div> <!-- close group --> <\/div> <!-- close row --> <\/div>\n<p>Man konnte auch weiterhin nicht aufh\u00f6ren, in Superlativen zu schwelgen. Die ungarische S\u00e4ngerin <strong>Veronika Harcsa<\/strong> darf man zu den eindringlichsten, empfindungstiefsten Stimmen im derzeitigen europ\u00e4ischen Jazz z\u00e4hlen. Das wurde offenbar, wie sie auf der Wiese vor der Burg im feinen Duo mit ihrem Gitarren-Partner <strong>Balint Gyemant<\/strong> ihr Publikum in den fantasievoll ver\u00e4stelten Kosmos ihrer Songs mitnahm. Alle tauchten tief ein und f\u00fchlten sich befreit, w\u00e4hren der Springbrunnen in der Burg-Gr\u00e4fte friedlich rauschte.<\/p>\n<h3>Gut gepflegtes Netzwerk<\/h3>\n<p>Die k\u00fcnstlerische Leiterin des Festivals Christine S\u00f6rries kann bei ihrer Programmplanung aus dem Vollen sch\u00f6pfen, wo Erfahrungen und ein gut gepflegtes Netzwerk alles ist. Weitere extrem versierte Bands markierten f\u00fcr manche ein Wiederh\u00f6ren, f\u00fcr andere eine Neuentdeckung. Der Finne Aki Rissanen zog allein am Fl\u00fcgel seine H\u00f6rerschaft in einen Fluss voll reflektierter musikalischer Fantasie hinein, zeigte sich im sp\u00e4teren Verlauf als Meister der repetitiven Struktur. Gro\u00dfer, melodi\u00f6ser Jazz, der sich aber auch instrumental etwas traut, sorgte bei der Formation \u201e<strong>Trioscence\u201c <\/strong>f\u00fcr verl\u00e4sslichen Wohlf\u00fchlfaktor, was ebenso das <strong>Emil Brandqvist-Trio<\/strong> und vor allem das spanische <strong>Marco Mezquida Trio <\/strong>auf Traumniveau garantierte.<\/p>\n<p>Festivals heute werden \u201eganzheitlich\u201c gedacht und dieses Anliegen nahm der erste Burgjazz besonders ernst: Hauptakteur neben der Musik ist die charmante m\u00fcnsterl\u00e4ndische Kleinstadt mit ihrer mittelalterlichen Baukunst in gr\u00fcner Parklandschaft. Zum Rahmenprogramm, welches F\u00f6rderer, Sponsoren und Kooperationspartner stemmten, geh\u00f6rte ebenso eine musikalisch-literarische Wanderung, bei der tats\u00e4chlich viele Interessierte morgens fr\u00fch von M\u00fcnster aus in Richtung L\u00fcdinghausen aufbrachen. Sonntagmittags bev\u00f6lkerte eine fr\u00f6hliche Schar den Park vor der Burg L\u00fcdinghausen bei einem gro\u00dfen Picknick. Vom feinsten war der musikalische Stimmungs-Soundtrack durch die international besetzte <strong>Guy Salamon Group <\/strong>mit Ingredienzen aus Blues, Filmmusik, Ska, Jazz und genug leichtf\u00fc\u00dfiger Verr\u00fccktheit.<\/p>\n<h3>K\u00fchne Klang-Experimente<\/h3>\n<p>In jeder Stadt und meist auch in jedem Dorf, steht das Vehikel f\u00fcr k\u00fchne Klang-Experimente schon bereit: Eine Kirchenorgel ist ein grenzenloses Forschungsfeld f\u00fcr kreative Musiker. Als einer der aufregendsten Tastenexperimentierer st\u00fcrzte sich der Brite <strong>Kit Downes<\/strong> in einen aufregenden Dialog mit dem Instrument, traf spontane Entscheidungen in der Improvisation und erkundete klangliche Grenzbereiche, die nur dieses Instrument so bietet.<\/p>\n<p>Als die wohl \u201ekonzentrierteste\u201c Spielst\u00e4tte dieses Festivals erwies sich der kreisrunde Innenhof mitten in der Wasserburg, vereint er doch eine r\u00e4umliche Konzentriertheit mit der Luftigkeit einer Open-Air-B\u00fchne und ist damit pr\u00e4destiniert f\u00fcr sensible unplugged-Darbietungen in einem Flair, das wie aus der Zeit gefallen, anmutet. Dementsprechend sch\u00f6pfte das Perkussions-Ensemble <strong>\u201eKrama\u201c<\/strong> von der M\u00fcnsteraner Musikhochschule klanglich und atmosph\u00e4risch aus dem Vollen. Menschen unterschiedlicher Altersgruppe, kleine Kinder und auch Hunde &#8211; alle zeigen sich versunken in die lyrischen Marimba-Kl\u00e4nge, in ein meditatives Spiel auf Kuhglocken in raffinierter Minimal-Music-Struktur, mit welchem der Sound dieser Spielerinnen und Spieler den Burghof flutet.<\/p>\n<p style=\"margin-bottom: 12.0pt;\">\n","protected":false},"excerpt":{"rendered":"<p>(Text und Fotos von Stefan Pieper) Alte Kulturdenkm\u00e4ler wollen nicht einfach nur Museen sein. Sie leben, wenn in ihnen Kultur von heute stattfindet. Aktuell feierten in L\u00fcdinghausen gleich zwei Burgen ihren 750. Geburtstag &#8211; was allein schon Anlass genug f\u00fcr ein Festival ist. Der erste BurgJazz bespielte ein ganzes Wochenende s\u00e4mtliche sch\u00f6ne Pl\u00e4tze in der charmanten westf\u00e4lischen Kleinstadt. Noch offen ist, ob aus diesem einmaligen Jubil\u00e4umsevent eine regelm\u00e4\u00dfige Einrichtung wird. Man kann nicht lautstark genug daf\u00fcr pl\u00e4dieren! Das Publikum war hin und weg \u2013 aber auch die Musikerinnen und Musiker lie\u00dfen sich von der Atmosph\u00e4re an diesem Ort anstecken. Zahlreiche auch von weitem angereiste Musikfans genossen musikalische Erlebnisse im Burghof und auf den Parkwiesen drumherum, lie\u00dfen sich treiben und lauschten konzentriert der Gegenwart im internationalen europ\u00e4ischen Jazz. \u00dcberw\u00e4ltigender Einstieg Lief das Ganze so rund, weil der Einstieg am Freitagabend so grandios, ja \u00fcberw\u00e4ltigend gelang? Die belgisch-ghanesische S\u00e4ngerin Esinam und ihre Band bringt die Sache gewaltig in Fahrt mit rhythmischem Druck, aber auch einer immensen Farbenvielfalt. Diese hei\u00dfe M\u00e9lange aus Jazz und Afrobeat machte schon fast den einstigen Spirit der African Dance Nights in Moers lebendig. &hellip;<\/p>\n","protected":false},"author":18,"featured_media":27622,"comment_status":"open","ping_status":"closed","sticky":false,"template":"","format":"standard","meta":{"_jetpack_memberships_contains_paid_content":false,"footnotes":"","jetpack_publicize_message":"","jetpack_publicize_feature_enabled":true,"jetpack_social_post_already_shared":false,"jetpack_social_options":{"image_generator_settings":{"template":"highway","default_image_id":0,"font":"","enabled":false},"version":2}},"categories":[1053],"tags":[1197,4164,4168,4167,2355,4163,4165,1129,4166],"coauthors":[695],"class_list":["post-27614","post","type-post","status-publish","format-standard","has-post-thumbnail","hentry","category-bericht","tag-bericht","tag-burgjazz","tag-burgjazz-2022-im-westfaelischen-luedinghausen","tag-esinam","tag-kit-downes","tag-krama","tag-luedinghausen","tag-stefan-pieper","tag-triosence"],"yoast_head":"<!-- This site is optimized with the Yoast SEO plugin v27.5 - https:\/\/yoast.com\/product\/yoast-seo-wordpress\/ -->\n<title>Ein gelungener Start n\u00e4hrt den Wunsch nach Fortsetzung: BurgJazz 2022 im westf\u00e4lischen L\u00fcdinghausen - JazzZeitung<\/title>\n<meta name=\"robots\" content=\"index, follow, max-snippet:-1, max-image-preview:large, max-video-preview:-1\" \/>\n<link rel=\"canonical\" href=\"https:\/\/www.jazzzeitung.de\/cms\/2022\/06\/ein-gelungener-start-naehrt-den-wunsch-nach-fortsetzung-burgjazz-2022-im-westfaelischen-luedinghausen\/\" \/>\n<meta property=\"og:locale\" content=\"de_DE\" \/>\n<meta property=\"og:type\" content=\"article\" \/>\n<meta property=\"og:title\" content=\"Ein gelungener Start n\u00e4hrt den Wunsch nach Fortsetzung: BurgJazz 2022 im westf\u00e4lischen L\u00fcdinghausen - JazzZeitung\" \/>\n<meta property=\"og:description\" content=\"(Text und Fotos von Stefan Pieper) Alte Kulturdenkm\u00e4ler wollen nicht einfach nur Museen sein. Sie leben, wenn in ihnen Kultur von heute stattfindet. Aktuell feierten in L\u00fcdinghausen gleich zwei Burgen ihren 750. Geburtstag &#8211; was allein schon Anlass genug f\u00fcr ein Festival ist. Der erste BurgJazz bespielte ein ganzes Wochenende s\u00e4mtliche sch\u00f6ne Pl\u00e4tze in der charmanten westf\u00e4lischen Kleinstadt. Noch offen ist, ob aus diesem einmaligen Jubil\u00e4umsevent eine regelm\u00e4\u00dfige Einrichtung wird. Man kann nicht lautstark genug daf\u00fcr pl\u00e4dieren! Das Publikum war hin und weg \u2013 aber auch die Musikerinnen und Musiker lie\u00dfen sich von der Atmosph\u00e4re an diesem Ort anstecken. Zahlreiche auch von weitem angereiste Musikfans genossen musikalische Erlebnisse im Burghof und auf den Parkwiesen drumherum, lie\u00dfen sich treiben und lauschten konzentriert der Gegenwart im internationalen europ\u00e4ischen Jazz. \u00dcberw\u00e4ltigender Einstieg Lief das Ganze so rund, weil der Einstieg am Freitagabend so grandios, ja \u00fcberw\u00e4ltigend gelang? Die belgisch-ghanesische S\u00e4ngerin Esinam und ihre Band bringt die Sache gewaltig in Fahrt mit rhythmischem Druck, aber auch einer immensen Farbenvielfalt. Diese hei\u00dfe M\u00e9lange aus Jazz und Afrobeat machte schon fast den einstigen Spirit der African Dance Nights in Moers lebendig. &hellip;\" \/>\n<meta property=\"og:url\" content=\"https:\/\/www.jazzzeitung.de\/cms\/2022\/06\/ein-gelungener-start-naehrt-den-wunsch-nach-fortsetzung-burgjazz-2022-im-westfaelischen-luedinghausen\/\" \/>\n<meta property=\"og:site_name\" content=\"JazzZeitung\" \/>\n<meta property=\"article:publisher\" content=\"https:\/\/www.facebook.com\/JazzZeitung\/\" \/>\n<meta property=\"article:published_time\" content=\"2022-06-24T06:11:29+00:00\" \/>\n<meta property=\"og:image\" content=\"https:\/\/i0.wp.com\/www.jazzzeitung.de\/cms\/wp-content\/uploads\/2022\/06\/Esinam5-scaled.jpg?fit=2560%2C1899&ssl=1\" \/>\n\t<meta property=\"og:image:width\" content=\"2560\" \/>\n\t<meta property=\"og:image:height\" content=\"1899\" \/>\n\t<meta property=\"og:image:type\" content=\"image\/jpeg\" \/>\n<meta name=\"author\" content=\"Redaktion JazzZeitung\" \/>\n<script type=\"application\/ld+json\" class=\"yoast-schema-graph\">{\"@context\":\"https:\\\/\\\/schema.org\",\"@graph\":[{\"@type\":\"Article\",\"@id\":\"https:\\\/\\\/www.jazzzeitung.de\\\/cms\\\/2022\\\/06\\\/ein-gelungener-start-naehrt-den-wunsch-nach-fortsetzung-burgjazz-2022-im-westfaelischen-luedinghausen\\\/#article\",\"isPartOf\":{\"@id\":\"https:\\\/\\\/www.jazzzeitung.de\\\/cms\\\/2022\\\/06\\\/ein-gelungener-start-naehrt-den-wunsch-nach-fortsetzung-burgjazz-2022-im-westfaelischen-luedinghausen\\\/\"},\"author\":{\"name\":\"Redaktion JazzZeitung\",\"@id\":\"https:\\\/\\\/www.jazzzeitung.de\\\/cms\\\/#\\\/schema\\\/person\\\/2245b36b9cd1d24cea10f01c031fb92b\"},\"headline\":\"Ein gelungener Start n\u00e4hrt den Wunsch nach Fortsetzung: BurgJazz 2022 im westf\u00e4lischen L\u00fcdinghausen\",\"datePublished\":\"2022-06-24T06:11:29+00:00\",\"mainEntityOfPage\":{\"@id\":\"https:\\\/\\\/www.jazzzeitung.de\\\/cms\\\/2022\\\/06\\\/ein-gelungener-start-naehrt-den-wunsch-nach-fortsetzung-burgjazz-2022-im-westfaelischen-luedinghausen\\\/\"},\"wordCount\":806,\"commentCount\":0,\"publisher\":{\"@id\":\"https:\\\/\\\/www.jazzzeitung.de\\\/cms\\\/#organization\"},\"image\":{\"@id\":\"https:\\\/\\\/www.jazzzeitung.de\\\/cms\\\/2022\\\/06\\\/ein-gelungener-start-naehrt-den-wunsch-nach-fortsetzung-burgjazz-2022-im-westfaelischen-luedinghausen\\\/#primaryimage\"},\"thumbnailUrl\":\"https:\\\/\\\/i0.wp.com\\\/www.jazzzeitung.de\\\/cms\\\/wp-content\\\/uploads\\\/2022\\\/06\\\/Esinam5-scaled.jpg?fit=2560%2C1899&ssl=1\",\"keywords\":[\"Bericht\",\"Burgjazz\",\"BurgJazz 2022 im westf\u00e4lischen L\u00fcdinghausen\",\"Esinam\",\"Kit Downes\",\"Krama\",\"L\u00fcdinghausen\",\"Stefan Pieper\",\"Triosence\"],\"articleSection\":[\"Bericht\"],\"inLanguage\":\"de\",\"potentialAction\":[{\"@type\":\"CommentAction\",\"name\":\"Comment\",\"target\":[\"https:\\\/\\\/www.jazzzeitung.de\\\/cms\\\/2022\\\/06\\\/ein-gelungener-start-naehrt-den-wunsch-nach-fortsetzung-burgjazz-2022-im-westfaelischen-luedinghausen\\\/#respond\"]}]},{\"@type\":\"WebPage\",\"@id\":\"https:\\\/\\\/www.jazzzeitung.de\\\/cms\\\/2022\\\/06\\\/ein-gelungener-start-naehrt-den-wunsch-nach-fortsetzung-burgjazz-2022-im-westfaelischen-luedinghausen\\\/\",\"url\":\"https:\\\/\\\/www.jazzzeitung.de\\\/cms\\\/2022\\\/06\\\/ein-gelungener-start-naehrt-den-wunsch-nach-fortsetzung-burgjazz-2022-im-westfaelischen-luedinghausen\\\/\",\"name\":\"Ein gelungener Start n\u00e4hrt den Wunsch nach Fortsetzung: BurgJazz 2022 im westf\u00e4lischen L\u00fcdinghausen - JazzZeitung\",\"isPartOf\":{\"@id\":\"https:\\\/\\\/www.jazzzeitung.de\\\/cms\\\/#website\"},\"primaryImageOfPage\":{\"@id\":\"https:\\\/\\\/www.jazzzeitung.de\\\/cms\\\/2022\\\/06\\\/ein-gelungener-start-naehrt-den-wunsch-nach-fortsetzung-burgjazz-2022-im-westfaelischen-luedinghausen\\\/#primaryimage\"},\"image\":{\"@id\":\"https:\\\/\\\/www.jazzzeitung.de\\\/cms\\\/2022\\\/06\\\/ein-gelungener-start-naehrt-den-wunsch-nach-fortsetzung-burgjazz-2022-im-westfaelischen-luedinghausen\\\/#primaryimage\"},\"thumbnailUrl\":\"https:\\\/\\\/i0.wp.com\\\/www.jazzzeitung.de\\\/cms\\\/wp-content\\\/uploads\\\/2022\\\/06\\\/Esinam5-scaled.jpg?fit=2560%2C1899&ssl=1\",\"datePublished\":\"2022-06-24T06:11:29+00:00\",\"breadcrumb\":{\"@id\":\"https:\\\/\\\/www.jazzzeitung.de\\\/cms\\\/2022\\\/06\\\/ein-gelungener-start-naehrt-den-wunsch-nach-fortsetzung-burgjazz-2022-im-westfaelischen-luedinghausen\\\/#breadcrumb\"},\"inLanguage\":\"de\",\"potentialAction\":[{\"@type\":\"ReadAction\",\"target\":[\"https:\\\/\\\/www.jazzzeitung.de\\\/cms\\\/2022\\\/06\\\/ein-gelungener-start-naehrt-den-wunsch-nach-fortsetzung-burgjazz-2022-im-westfaelischen-luedinghausen\\\/\"]}]},{\"@type\":\"ImageObject\",\"inLanguage\":\"de\",\"@id\":\"https:\\\/\\\/www.jazzzeitung.de\\\/cms\\\/2022\\\/06\\\/ein-gelungener-start-naehrt-den-wunsch-nach-fortsetzung-burgjazz-2022-im-westfaelischen-luedinghausen\\\/#primaryimage\",\"url\":\"https:\\\/\\\/i0.wp.com\\\/www.jazzzeitung.de\\\/cms\\\/wp-content\\\/uploads\\\/2022\\\/06\\\/Esinam5-scaled.jpg?fit=2560%2C1899&ssl=1\",\"contentUrl\":\"https:\\\/\\\/i0.wp.com\\\/www.jazzzeitung.de\\\/cms\\\/wp-content\\\/uploads\\\/2022\\\/06\\\/Esinam5-scaled.jpg?fit=2560%2C1899&ssl=1\",\"width\":2560,\"height\":1899},{\"@type\":\"BreadcrumbList\",\"@id\":\"https:\\\/\\\/www.jazzzeitung.de\\\/cms\\\/2022\\\/06\\\/ein-gelungener-start-naehrt-den-wunsch-nach-fortsetzung-burgjazz-2022-im-westfaelischen-luedinghausen\\\/#breadcrumb\",\"itemListElement\":[{\"@type\":\"ListItem\",\"position\":1,\"name\":\"Startseite\",\"item\":\"https:\\\/\\\/www.jazzzeitung.de\\\/cms\\\/\"},{\"@type\":\"ListItem\",\"position\":2,\"name\":\"Ein gelungener Start n\u00e4hrt den Wunsch nach Fortsetzung: BurgJazz 2022 im westf\u00e4lischen L\u00fcdinghausen\"}]},{\"@type\":\"WebSite\",\"@id\":\"https:\\\/\\\/www.jazzzeitung.de\\\/cms\\\/#website\",\"url\":\"https:\\\/\\\/www.jazzzeitung.de\\\/cms\\\/\",\"name\":\"JazzZeitung\",\"description\":\"Jazz-News und Jazz-Kontroverses\",\"publisher\":{\"@id\":\"https:\\\/\\\/www.jazzzeitung.de\\\/cms\\\/#organization\"},\"potentialAction\":[{\"@type\":\"SearchAction\",\"target\":{\"@type\":\"EntryPoint\",\"urlTemplate\":\"https:\\\/\\\/www.jazzzeitung.de\\\/cms\\\/?s={search_term_string}\"},\"query-input\":{\"@type\":\"PropertyValueSpecification\",\"valueRequired\":true,\"valueName\":\"search_term_string\"}}],\"inLanguage\":\"de\"},{\"@type\":\"Organization\",\"@id\":\"https:\\\/\\\/www.jazzzeitung.de\\\/cms\\\/#organization\",\"name\":\"JazzZeitung online\",\"url\":\"https:\\\/\\\/www.jazzzeitung.de\\\/cms\\\/\",\"logo\":{\"@type\":\"ImageObject\",\"inLanguage\":\"de\",\"@id\":\"https:\\\/\\\/www.jazzzeitung.de\\\/cms\\\/#\\\/schema\\\/logo\\\/image\\\/\",\"url\":\"https:\\\/\\\/i0.wp.com\\\/www.jazzzeitung.de\\\/cms\\\/wp-content\\\/uploads\\\/2015\\\/08\\\/JAZZZEITUNGDE_Logo_Neu.png?fit=499%2C200&ssl=1\",\"contentUrl\":\"https:\\\/\\\/i0.wp.com\\\/www.jazzzeitung.de\\\/cms\\\/wp-content\\\/uploads\\\/2015\\\/08\\\/JAZZZEITUNGDE_Logo_Neu.png?fit=499%2C200&ssl=1\",\"width\":499,\"height\":200,\"caption\":\"JazzZeitung online\"},\"image\":{\"@id\":\"https:\\\/\\\/www.jazzzeitung.de\\\/cms\\\/#\\\/schema\\\/logo\\\/image\\\/\"},\"sameAs\":[\"https:\\\/\\\/www.facebook.com\\\/JazzZeitung\\\/\"]},{\"@type\":\"Person\",\"@id\":\"https:\\\/\\\/www.jazzzeitung.de\\\/cms\\\/#\\\/schema\\\/person\\\/2245b36b9cd1d24cea10f01c031fb92b\",\"name\":\"Redaktion JazzZeitung\",\"image\":{\"@type\":\"ImageObject\",\"inLanguage\":\"de\",\"@id\":\"https:\\\/\\\/i0.wp.com\\\/www.jazzzeitung.de\\\/cms\\\/wp-content\\\/uploads\\\/2015\\\/08\\\/JAZZZEITUNGDE_Logo_Neu.png?resize=96%2C96&ssl=159975dcacb611b5700bd619b5daf0a7a\",\"url\":\"https:\\\/\\\/i0.wp.com\\\/www.jazzzeitung.de\\\/cms\\\/wp-content\\\/uploads\\\/2015\\\/08\\\/JAZZZEITUNGDE_Logo_Neu.png?resize=96%2C96&ssl=1\",\"contentUrl\":\"https:\\\/\\\/i0.wp.com\\\/www.jazzzeitung.de\\\/cms\\\/wp-content\\\/uploads\\\/2015\\\/08\\\/JAZZZEITUNGDE_Logo_Neu.png?resize=96%2C96&ssl=1\",\"caption\":\"Redaktion JazzZeitung\"},\"description\":\"Artikel der Redaktion der JazzZeitung.\",\"sameAs\":[\"http:\\\/\\\/www.jazzzeitung.de\\\/cms\\\/\"],\"url\":\"https:\\\/\\\/www.jazzzeitung.de\\\/cms\\\/author\\\/redaktion\\\/\"}]}<\/script>\n<!-- \/ Yoast SEO plugin. -->","yoast_head_json":{"title":"Ein gelungener Start n\u00e4hrt den Wunsch nach Fortsetzung: BurgJazz 2022 im westf\u00e4lischen L\u00fcdinghausen - JazzZeitung","robots":{"index":"index","follow":"follow","max-snippet":"max-snippet:-1","max-image-preview":"max-image-preview:large","max-video-preview":"max-video-preview:-1"},"canonical":"https:\/\/www.jazzzeitung.de\/cms\/2022\/06\/ein-gelungener-start-naehrt-den-wunsch-nach-fortsetzung-burgjazz-2022-im-westfaelischen-luedinghausen\/","og_locale":"de_DE","og_type":"article","og_title":"Ein gelungener Start n\u00e4hrt den Wunsch nach Fortsetzung: BurgJazz 2022 im westf\u00e4lischen L\u00fcdinghausen - JazzZeitung","og_description":"(Text und Fotos von Stefan Pieper) Alte Kulturdenkm\u00e4ler wollen nicht einfach nur Museen sein. Sie leben, wenn in ihnen Kultur von heute stattfindet. Aktuell feierten in L\u00fcdinghausen gleich zwei Burgen ihren 750. Geburtstag &#8211; was allein schon Anlass genug f\u00fcr ein Festival ist. Der erste BurgJazz bespielte ein ganzes Wochenende s\u00e4mtliche sch\u00f6ne Pl\u00e4tze in der charmanten westf\u00e4lischen Kleinstadt. Noch offen ist, ob aus diesem einmaligen Jubil\u00e4umsevent eine regelm\u00e4\u00dfige Einrichtung wird. Man kann nicht lautstark genug daf\u00fcr pl\u00e4dieren! Das Publikum war hin und weg \u2013 aber auch die Musikerinnen und Musiker lie\u00dfen sich von der Atmosph\u00e4re an diesem Ort anstecken. Zahlreiche auch von weitem angereiste Musikfans genossen musikalische Erlebnisse im Burghof und auf den Parkwiesen drumherum, lie\u00dfen sich treiben und lauschten konzentriert der Gegenwart im internationalen europ\u00e4ischen Jazz. \u00dcberw\u00e4ltigender Einstieg Lief das Ganze so rund, weil der Einstieg am Freitagabend so grandios, ja \u00fcberw\u00e4ltigend gelang? Die belgisch-ghanesische S\u00e4ngerin Esinam und ihre Band bringt die Sache gewaltig in Fahrt mit rhythmischem Druck, aber auch einer immensen Farbenvielfalt. Diese hei\u00dfe M\u00e9lange aus Jazz und Afrobeat machte schon fast den einstigen Spirit der African Dance Nights in Moers lebendig. &hellip;","og_url":"https:\/\/www.jazzzeitung.de\/cms\/2022\/06\/ein-gelungener-start-naehrt-den-wunsch-nach-fortsetzung-burgjazz-2022-im-westfaelischen-luedinghausen\/","og_site_name":"JazzZeitung","article_publisher":"https:\/\/www.facebook.com\/JazzZeitung\/","article_published_time":"2022-06-24T06:11:29+00:00","og_image":[{"width":2560,"height":1899,"url":"https:\/\/i0.wp.com\/www.jazzzeitung.de\/cms\/wp-content\/uploads\/2022\/06\/Esinam5-scaled.jpg?fit=2560%2C1899&ssl=1","type":"image\/jpeg"}],"author":"Redaktion JazzZeitung","schema":{"@context":"https:\/\/schema.org","@graph":[{"@type":"Article","@id":"https:\/\/www.jazzzeitung.de\/cms\/2022\/06\/ein-gelungener-start-naehrt-den-wunsch-nach-fortsetzung-burgjazz-2022-im-westfaelischen-luedinghausen\/#article","isPartOf":{"@id":"https:\/\/www.jazzzeitung.de\/cms\/2022\/06\/ein-gelungener-start-naehrt-den-wunsch-nach-fortsetzung-burgjazz-2022-im-westfaelischen-luedinghausen\/"},"author":{"name":"Redaktion JazzZeitung","@id":"https:\/\/www.jazzzeitung.de\/cms\/#\/schema\/person\/2245b36b9cd1d24cea10f01c031fb92b"},"headline":"Ein gelungener Start n\u00e4hrt den Wunsch nach Fortsetzung: BurgJazz 2022 im westf\u00e4lischen L\u00fcdinghausen","datePublished":"2022-06-24T06:11:29+00:00","mainEntityOfPage":{"@id":"https:\/\/www.jazzzeitung.de\/cms\/2022\/06\/ein-gelungener-start-naehrt-den-wunsch-nach-fortsetzung-burgjazz-2022-im-westfaelischen-luedinghausen\/"},"wordCount":806,"commentCount":0,"publisher":{"@id":"https:\/\/www.jazzzeitung.de\/cms\/#organization"},"image":{"@id":"https:\/\/www.jazzzeitung.de\/cms\/2022\/06\/ein-gelungener-start-naehrt-den-wunsch-nach-fortsetzung-burgjazz-2022-im-westfaelischen-luedinghausen\/#primaryimage"},"thumbnailUrl":"https:\/\/i0.wp.com\/www.jazzzeitung.de\/cms\/wp-content\/uploads\/2022\/06\/Esinam5-scaled.jpg?fit=2560%2C1899&ssl=1","keywords":["Bericht","Burgjazz","BurgJazz 2022 im westf\u00e4lischen L\u00fcdinghausen","Esinam","Kit Downes","Krama","L\u00fcdinghausen","Stefan Pieper","Triosence"],"articleSection":["Bericht"],"inLanguage":"de","potentialAction":[{"@type":"CommentAction","name":"Comment","target":["https:\/\/www.jazzzeitung.de\/cms\/2022\/06\/ein-gelungener-start-naehrt-den-wunsch-nach-fortsetzung-burgjazz-2022-im-westfaelischen-luedinghausen\/#respond"]}]},{"@type":"WebPage","@id":"https:\/\/www.jazzzeitung.de\/cms\/2022\/06\/ein-gelungener-start-naehrt-den-wunsch-nach-fortsetzung-burgjazz-2022-im-westfaelischen-luedinghausen\/","url":"https:\/\/www.jazzzeitung.de\/cms\/2022\/06\/ein-gelungener-start-naehrt-den-wunsch-nach-fortsetzung-burgjazz-2022-im-westfaelischen-luedinghausen\/","name":"Ein gelungener Start n\u00e4hrt den Wunsch nach Fortsetzung: BurgJazz 2022 im westf\u00e4lischen L\u00fcdinghausen - JazzZeitung","isPartOf":{"@id":"https:\/\/www.jazzzeitung.de\/cms\/#website"},"primaryImageOfPage":{"@id":"https:\/\/www.jazzzeitung.de\/cms\/2022\/06\/ein-gelungener-start-naehrt-den-wunsch-nach-fortsetzung-burgjazz-2022-im-westfaelischen-luedinghausen\/#primaryimage"},"image":{"@id":"https:\/\/www.jazzzeitung.de\/cms\/2022\/06\/ein-gelungener-start-naehrt-den-wunsch-nach-fortsetzung-burgjazz-2022-im-westfaelischen-luedinghausen\/#primaryimage"},"thumbnailUrl":"https:\/\/i0.wp.com\/www.jazzzeitung.de\/cms\/wp-content\/uploads\/2022\/06\/Esinam5-scaled.jpg?fit=2560%2C1899&ssl=1","datePublished":"2022-06-24T06:11:29+00:00","breadcrumb":{"@id":"https:\/\/www.jazzzeitung.de\/cms\/2022\/06\/ein-gelungener-start-naehrt-den-wunsch-nach-fortsetzung-burgjazz-2022-im-westfaelischen-luedinghausen\/#breadcrumb"},"inLanguage":"de","potentialAction":[{"@type":"ReadAction","target":["https:\/\/www.jazzzeitung.de\/cms\/2022\/06\/ein-gelungener-start-naehrt-den-wunsch-nach-fortsetzung-burgjazz-2022-im-westfaelischen-luedinghausen\/"]}]},{"@type":"ImageObject","inLanguage":"de","@id":"https:\/\/www.jazzzeitung.de\/cms\/2022\/06\/ein-gelungener-start-naehrt-den-wunsch-nach-fortsetzung-burgjazz-2022-im-westfaelischen-luedinghausen\/#primaryimage","url":"https:\/\/i0.wp.com\/www.jazzzeitung.de\/cms\/wp-content\/uploads\/2022\/06\/Esinam5-scaled.jpg?fit=2560%2C1899&ssl=1","contentUrl":"https:\/\/i0.wp.com\/www.jazzzeitung.de\/cms\/wp-content\/uploads\/2022\/06\/Esinam5-scaled.jpg?fit=2560%2C1899&ssl=1","width":2560,"height":1899},{"@type":"BreadcrumbList","@id":"https:\/\/www.jazzzeitung.de\/cms\/2022\/06\/ein-gelungener-start-naehrt-den-wunsch-nach-fortsetzung-burgjazz-2022-im-westfaelischen-luedinghausen\/#breadcrumb","itemListElement":[{"@type":"ListItem","position":1,"name":"Startseite","item":"https:\/\/www.jazzzeitung.de\/cms\/"},{"@type":"ListItem","position":2,"name":"Ein gelungener Start n\u00e4hrt den Wunsch nach Fortsetzung: BurgJazz 2022 im westf\u00e4lischen L\u00fcdinghausen"}]},{"@type":"WebSite","@id":"https:\/\/www.jazzzeitung.de\/cms\/#website","url":"https:\/\/www.jazzzeitung.de\/cms\/","name":"JazzZeitung","description":"Jazz-News und Jazz-Kontroverses","publisher":{"@id":"https:\/\/www.jazzzeitung.de\/cms\/#organization"},"potentialAction":[{"@type":"SearchAction","target":{"@type":"EntryPoint","urlTemplate":"https:\/\/www.jazzzeitung.de\/cms\/?s={search_term_string}"},"query-input":{"@type":"PropertyValueSpecification","valueRequired":true,"valueName":"search_term_string"}}],"inLanguage":"de"},{"@type":"Organization","@id":"https:\/\/www.jazzzeitung.de\/cms\/#organization","name":"JazzZeitung online","url":"https:\/\/www.jazzzeitung.de\/cms\/","logo":{"@type":"ImageObject","inLanguage":"de","@id":"https:\/\/www.jazzzeitung.de\/cms\/#\/schema\/logo\/image\/","url":"https:\/\/i0.wp.com\/www.jazzzeitung.de\/cms\/wp-content\/uploads\/2015\/08\/JAZZZEITUNGDE_Logo_Neu.png?fit=499%2C200&ssl=1","contentUrl":"https:\/\/i0.wp.com\/www.jazzzeitung.de\/cms\/wp-content\/uploads\/2015\/08\/JAZZZEITUNGDE_Logo_Neu.png?fit=499%2C200&ssl=1","width":499,"height":200,"caption":"JazzZeitung online"},"image":{"@id":"https:\/\/www.jazzzeitung.de\/cms\/#\/schema\/logo\/image\/"},"sameAs":["https:\/\/www.facebook.com\/JazzZeitung\/"]},{"@type":"Person","@id":"https:\/\/www.jazzzeitung.de\/cms\/#\/schema\/person\/2245b36b9cd1d24cea10f01c031fb92b","name":"Redaktion JazzZeitung","image":{"@type":"ImageObject","inLanguage":"de","@id":"https:\/\/i0.wp.com\/www.jazzzeitung.de\/cms\/wp-content\/uploads\/2015\/08\/JAZZZEITUNGDE_Logo_Neu.png?resize=96%2C96&ssl=159975dcacb611b5700bd619b5daf0a7a","url":"https:\/\/i0.wp.com\/www.jazzzeitung.de\/cms\/wp-content\/uploads\/2015\/08\/JAZZZEITUNGDE_Logo_Neu.png?resize=96%2C96&ssl=1","contentUrl":"https:\/\/i0.wp.com\/www.jazzzeitung.de\/cms\/wp-content\/uploads\/2015\/08\/JAZZZEITUNGDE_Logo_Neu.png?resize=96%2C96&ssl=1","caption":"Redaktion JazzZeitung"},"description":"Artikel der Redaktion der JazzZeitung.","sameAs":["http:\/\/www.jazzzeitung.de\/cms\/"],"url":"https:\/\/www.jazzzeitung.de\/cms\/author\/redaktion\/"}]}},"wp-worthy-pixel":{"ignored":false,"public":null,"server":null,"url":null},"wp-worthy-type":"normal","jetpack_publicize_connections":[],"cc_featured_image_caption":{"caption_text":"","source_text":"","source_url":""},"jetpack_featured_media_url":"https:\/\/i0.wp.com\/www.jazzzeitung.de\/cms\/wp-content\/uploads\/2022\/06\/Esinam5-scaled.jpg?fit=2560%2C1899&ssl=1","jetpack_shortlink":"https:\/\/wp.me\/p3KEcT-7bo","jetpack-related-posts":[{"id":24973,"url":"https:\/\/www.jazzzeitung.de\/cms\/2021\/06\/samtene-revolution-velvet-revolution-auf-der-muensterlaendischen-burg-vischering\/","url_meta":{"origin":27614,"position":0},"title":"Samtene Revolution: \u201cVelvet Revolution\u201d auf der m\u00fcnsterl\u00e4ndischen  Burg Vischering","author":"Redaktion JazzZeitung","date":"11. Juni 2021","format":false,"excerpt":"Die Livekonzertsaison beginnt wieder - und alles f\u00fchlt sich neu und urspr\u00fcnglich an. Vor allem, wenn mit dem Trio Velvet Revolution eine der herausragenden Bands im europ\u00e4ischen Jazz den alten Rittersaal in der m\u00fcnsterl\u00e4ndischen Burg Vischering in poetische Klangfarben tauchte. Schon im letzten Jahr hatte die von Christine S\u00f6rries kuratierte\u2026","rel":"","context":"In &quot;Bericht&quot;","block_context":{"text":"Bericht","link":"https:\/\/www.jazzzeitung.de\/cms\/thema\/bericht\/"},"img":{"alt_text":"","src":"https:\/\/i0.wp.com\/www.jazzzeitung.de\/cms\/wp-content\/uploads\/2021\/06\/Velvet-Revolution-scaled.jpg?fit=1200%2C797&ssl=1&resize=350%2C200","width":350,"height":200,"srcset":"https:\/\/i0.wp.com\/www.jazzzeitung.de\/cms\/wp-content\/uploads\/2021\/06\/Velvet-Revolution-scaled.jpg?fit=1200%2C797&ssl=1&resize=350%2C200 1x, https:\/\/i0.wp.com\/www.jazzzeitung.de\/cms\/wp-content\/uploads\/2021\/06\/Velvet-Revolution-scaled.jpg?fit=1200%2C797&ssl=1&resize=525%2C300 1.5x, https:\/\/i0.wp.com\/www.jazzzeitung.de\/cms\/wp-content\/uploads\/2021\/06\/Velvet-Revolution-scaled.jpg?fit=1200%2C797&ssl=1&resize=700%2C400 2x, https:\/\/i0.wp.com\/www.jazzzeitung.de\/cms\/wp-content\/uploads\/2021\/06\/Velvet-Revolution-scaled.jpg?fit=1200%2C797&ssl=1&resize=1050%2C600 3x"},"classes":[]},{"id":19908,"url":"https:\/\/www.jazzzeitung.de\/cms\/2019\/06\/ich-will-geschichten-erzaehlen-kadri-voorand-und-mihkel-maelgand-in-gelsenkirchen-und-billerbeck\/","url_meta":{"origin":27614,"position":1},"title":"Ich will Geschichten erz\u00e4hlen \u2013 Kadri Voorand und Mihkel M\u00e4lgand in Gelsenkirchen und Billerbeck","author":"Redaktion JazzZeitung","date":"29. Juni 2019","format":false,"excerpt":"Die estnische S\u00e4ngerin und Pianistin Kadri Voorand war im letzten Jahr eine \u00fcberraschende Neuentdeckung beim Alto Adige Festival, jener vielbeachteten Talentb\u00f6rse f\u00fcr neue spannende Jazzentwicklungen.\u00a0 Zusammen mit ihrem Duopartner, dem Bassisten Mihkel M\u00e4lgand demonstriert sie, dass eine charmante, ja, manchmal fast albern verspielte B\u00fchnenpr\u00e4senz und vor Ideen spr\u00fchender musikalischer Tiefgang\u2026","rel":"","context":"In &quot;Bericht&quot;","block_context":{"text":"Bericht","link":"https:\/\/www.jazzzeitung.de\/cms\/thema\/bericht\/"},"img":{"alt_text":"","src":"https:\/\/i0.wp.com\/www.jazzzeitung.de\/cms\/wp-content\/uploads\/2019\/06\/kadrivoorand4b.jpg?fit=1200%2C900&ssl=1&resize=350%2C200","width":350,"height":200,"srcset":"https:\/\/i0.wp.com\/www.jazzzeitung.de\/cms\/wp-content\/uploads\/2019\/06\/kadrivoorand4b.jpg?fit=1200%2C900&ssl=1&resize=350%2C200 1x, https:\/\/i0.wp.com\/www.jazzzeitung.de\/cms\/wp-content\/uploads\/2019\/06\/kadrivoorand4b.jpg?fit=1200%2C900&ssl=1&resize=525%2C300 1.5x, https:\/\/i0.wp.com\/www.jazzzeitung.de\/cms\/wp-content\/uploads\/2019\/06\/kadrivoorand4b.jpg?fit=1200%2C900&ssl=1&resize=700%2C400 2x, https:\/\/i0.wp.com\/www.jazzzeitung.de\/cms\/wp-content\/uploads\/2019\/06\/kadrivoorand4b.jpg?fit=1200%2C900&ssl=1&resize=1050%2C600 3x"},"classes":[]},{"id":23027,"url":"https:\/\/www.jazzzeitung.de\/cms\/2020\/07\/erloesung-aus-der-konzertabstinenz-frederik-koesters-die-verwandlung-auf-der-luedinghauser-burg-vischering\/","url_meta":{"origin":27614,"position":2},"title":"Erl\u00f6sung aus der Konzertabstinenz: Frederik K\u00f6sters \u201eDie Verwandlung\u201c auf der L\u00fcdinghauser Burg Vischering","author":"Redaktion JazzZeitung","date":"30. Juli 2020","format":false,"excerpt":"Fotos und Text von Stefan Pieper. Der Liveauftritt von Frederik K\u00f6sters Band \u201eDie Verwandlung\u201c im Hof der westf\u00e4lischen Wasserburg Vischering war vor allem f\u00fcr diese K\u00f6lner Musiker eine besondere Premiere: Im M\u00e4rz vor dem gro\u00dfen Lockdown konnten sie das letzte Mal vor Publikum auftreten und eine so lange Live-Abstinenz wiegt\u2026","rel":"","context":"In &quot;Bericht&quot;","block_context":{"text":"Bericht","link":"https:\/\/www.jazzzeitung.de\/cms\/thema\/bericht\/"},"img":{"alt_text":"","src":"https:\/\/i0.wp.com\/www.jazzzeitung.de\/cms\/wp-content\/uploads\/2020\/07\/IMG_20200725_213121-scaled.jpg?fit=1200%2C553&ssl=1&resize=350%2C200","width":350,"height":200,"srcset":"https:\/\/i0.wp.com\/www.jazzzeitung.de\/cms\/wp-content\/uploads\/2020\/07\/IMG_20200725_213121-scaled.jpg?fit=1200%2C553&ssl=1&resize=350%2C200 1x, https:\/\/i0.wp.com\/www.jazzzeitung.de\/cms\/wp-content\/uploads\/2020\/07\/IMG_20200725_213121-scaled.jpg?fit=1200%2C553&ssl=1&resize=525%2C300 1.5x, https:\/\/i0.wp.com\/www.jazzzeitung.de\/cms\/wp-content\/uploads\/2020\/07\/IMG_20200725_213121-scaled.jpg?fit=1200%2C553&ssl=1&resize=700%2C400 2x, https:\/\/i0.wp.com\/www.jazzzeitung.de\/cms\/wp-content\/uploads\/2020\/07\/IMG_20200725_213121-scaled.jpg?fit=1200%2C553&ssl=1&resize=1050%2C600 3x"},"classes":[]},{"id":30457,"url":"https:\/\/www.jazzzeitung.de\/cms\/2024\/01\/shortcut-beim-jazzfestival-muenster-fenster-zur-aktuellen-musik-europas\/","url_meta":{"origin":27614,"position":3},"title":"Shortcut beim Jazzfestival M\u00fcnster: Fenster zur aktuellen Musik Europas","author":"Redaktion JazzZeitung","date":"12. Januar 2024","format":false,"excerpt":"Von Stefan Pieper. Auch in seiner kleinen \u201eShortcut\u201c-Ausgabe bewies das Internationale Jazzfestival M\u00fcnster zum Jahresauftakt seine verl\u00e4ssliche hohe Qualit\u00e4t und Relevanz, vor allem durch Premieren, welche die Fenster f\u00fcr die reiche aktuelle Musik in Europa weit \u00f6ffnen \u2013 ebenso wie ein Konzert in der Dominikanerkirche, das einen spannenden Bezug zur\u2026","rel":"","context":"In &quot;Bericht&quot;","block_context":{"text":"Bericht","link":"https:\/\/www.jazzzeitung.de\/cms\/thema\/bericht\/"},"img":{"alt_text":"","src":"https:\/\/i0.wp.com\/www.jazzzeitung.de\/cms\/wp-content\/uploads\/2024\/01\/DSC08709-2-scaled.jpg?fit=1200%2C968&ssl=1&resize=350%2C200","width":350,"height":200,"srcset":"https:\/\/i0.wp.com\/www.jazzzeitung.de\/cms\/wp-content\/uploads\/2024\/01\/DSC08709-2-scaled.jpg?fit=1200%2C968&ssl=1&resize=350%2C200 1x, https:\/\/i0.wp.com\/www.jazzzeitung.de\/cms\/wp-content\/uploads\/2024\/01\/DSC08709-2-scaled.jpg?fit=1200%2C968&ssl=1&resize=525%2C300 1.5x, https:\/\/i0.wp.com\/www.jazzzeitung.de\/cms\/wp-content\/uploads\/2024\/01\/DSC08709-2-scaled.jpg?fit=1200%2C968&ssl=1&resize=700%2C400 2x, https:\/\/i0.wp.com\/www.jazzzeitung.de\/cms\/wp-content\/uploads\/2024\/01\/DSC08709-2-scaled.jpg?fit=1200%2C968&ssl=1&resize=1050%2C600 3x"},"classes":[]},{"id":29231,"url":"https:\/\/www.jazzzeitung.de\/cms\/2023\/03\/mit-schwebender-spontaneitaet-ein-ueberwaeltigendes-ralph-alessi-trio\/","url_meta":{"origin":27614,"position":4},"title":"Mit schwebender Spontaneit\u00e4t: ein \u00fcberw\u00e4ltigendes Ralph Alessi Trio","author":"Redaktion JazzZeitung","date":"22. M\u00e4rz 2023","format":false,"excerpt":"Von Stefan Pieper \u2022\u00a0Der US amerikanische Trompeter Ralph Alessi stammt aus der Bay Area von San Francisco, studierte bei Charlie Haden und ist heute in der New Yorker Szene aktiv. Ebenso tritt er als engagierter Lehrender in Erscheinung, der sogar eine eigene Bildungsinstitution, die School for Improvisational Music in Brooklyn\u2026","rel":"","context":"In &quot;Bericht&quot;","block_context":{"text":"Bericht","link":"https:\/\/www.jazzzeitung.de\/cms\/thema\/bericht\/"},"img":{"alt_text":"Ralph Alessis Trio im Glasfoyer des Theater Krefeld auf Einladung des Jazzklub Krefeld \u2013 Ralph Alessis (t), Mark Ferber (d), Florian Weber (p) | Foto: Stefan Pieper","src":"https:\/\/i0.wp.com\/www.jazzzeitung.de\/cms\/wp-content\/uploads\/2023\/03\/venue3-scaled.jpg?fit=1200%2C677&ssl=1&resize=350%2C200","width":350,"height":200,"srcset":"https:\/\/i0.wp.com\/www.jazzzeitung.de\/cms\/wp-content\/uploads\/2023\/03\/venue3-scaled.jpg?fit=1200%2C677&ssl=1&resize=350%2C200 1x, https:\/\/i0.wp.com\/www.jazzzeitung.de\/cms\/wp-content\/uploads\/2023\/03\/venue3-scaled.jpg?fit=1200%2C677&ssl=1&resize=525%2C300 1.5x, https:\/\/i0.wp.com\/www.jazzzeitung.de\/cms\/wp-content\/uploads\/2023\/03\/venue3-scaled.jpg?fit=1200%2C677&ssl=1&resize=700%2C400 2x, https:\/\/i0.wp.com\/www.jazzzeitung.de\/cms\/wp-content\/uploads\/2023\/03\/venue3-scaled.jpg?fit=1200%2C677&ssl=1&resize=1050%2C600 3x"},"classes":[]},{"id":6001,"url":"https:\/\/www.jazzzeitung.de\/cms\/2015\/04\/bildergalerie-konzerte-auf-der-jazzahead\/","url_meta":{"origin":27614,"position":5},"title":"Bildergalerie: Konzerte auf der jazzahead!","author":"Redaktion JazzZeitung","date":"29. April 2015","format":false,"excerpt":"Von Ralf Dombrowski, danke! Unter anderem mit Gebhard Ullmann und Almut K\u00fchne, Franz von Chossy und vielen mehr. Einen aktuelle Bericht zur jazzahead! von Stefan Pieper finden Sie in der aktuellen Printausgabe der nmz. Auf nmz-online demn\u00e4chst ein weiterer Bericht von Hans-Dieter Gr\u00fcnefeld.","rel":"","context":"In &quot;Galerie&quot;","block_context":{"text":"Galerie","link":"https:\/\/www.jazzzeitung.de\/cms\/thema\/galerie\/"},"img":{"alt_text":"","src":"https:\/\/i0.wp.com\/www.jazzzeitung.de\/cms\/wp-content\/uploads\/2015\/04\/0K3A2838-Dada-Hattler-dombr.jpg?resize=350%2C200","width":350,"height":200,"srcset":"https:\/\/i0.wp.com\/www.jazzzeitung.de\/cms\/wp-content\/uploads\/2015\/04\/0K3A2838-Dada-Hattler-dombr.jpg?resize=350%2C200 1x, https:\/\/i0.wp.com\/www.jazzzeitung.de\/cms\/wp-content\/uploads\/2015\/04\/0K3A2838-Dada-Hattler-dombr.jpg?resize=525%2C300 1.5x, https:\/\/i0.wp.com\/www.jazzzeitung.de\/cms\/wp-content\/uploads\/2015\/04\/0K3A2838-Dada-Hattler-dombr.jpg?resize=700%2C400 2x"},"classes":[]}],"jetpack_sharing_enabled":true,"_links":{"self":[{"href":"https:\/\/www.jazzzeitung.de\/cms\/wp-json\/wp\/v2\/posts\/27614","targetHints":{"allow":["GET"]}}],"collection":[{"href":"https:\/\/www.jazzzeitung.de\/cms\/wp-json\/wp\/v2\/posts"}],"about":[{"href":"https:\/\/www.jazzzeitung.de\/cms\/wp-json\/wp\/v2\/types\/post"}],"author":[{"embeddable":true,"href":"https:\/\/www.jazzzeitung.de\/cms\/wp-json\/wp\/v2\/users\/18"}],"replies":[{"embeddable":true,"href":"https:\/\/www.jazzzeitung.de\/cms\/wp-json\/wp\/v2\/comments?post=27614"}],"version-history":[{"count":1,"href":"https:\/\/www.jazzzeitung.de\/cms\/wp-json\/wp\/v2\/posts\/27614\/revisions"}],"predecessor-version":[{"id":27629,"href":"https:\/\/www.jazzzeitung.de\/cms\/wp-json\/wp\/v2\/posts\/27614\/revisions\/27629"}],"wp:featuredmedia":[{"embeddable":true,"href":"https:\/\/www.jazzzeitung.de\/cms\/wp-json\/wp\/v2\/media\/27622"}],"wp:attachment":[{"href":"https:\/\/www.jazzzeitung.de\/cms\/wp-json\/wp\/v2\/media?parent=27614"}],"wp:term":[{"taxonomy":"category","embeddable":true,"href":"https:\/\/www.jazzzeitung.de\/cms\/wp-json\/wp\/v2\/categories?post=27614"},{"taxonomy":"post_tag","embeddable":true,"href":"https:\/\/www.jazzzeitung.de\/cms\/wp-json\/wp\/v2\/tags?post=27614"},{"taxonomy":"author","embeddable":true,"href":"https:\/\/www.jazzzeitung.de\/cms\/wp-json\/wp\/v2\/coauthors?post=27614"}],"curies":[{"name":"wp","href":"https:\/\/api.w.org\/{rel}","templated":true}]}}