{"id":27609,"date":"2022-06-23T06:48:00","date_gmt":"2022-06-23T04:48:00","guid":{"rendered":"https:\/\/www.jazzzeitung.de\/cms\/?p=27609"},"modified":"2022-06-22T09:48:24","modified_gmt":"2022-06-22T07:48:24","slug":"nicole-johaenntgen-solo-2-ich-kann-das-wort-zeit-neu-interpretieren","status":"publish","type":"post","link":"https:\/\/www.jazzzeitung.de\/cms\/2022\/06\/nicole-johaenntgen-solo-2-ich-kann-das-wort-zeit-neu-interpretieren\/","title":{"rendered":"Nicole Joh\u00e4nntgen solo 2: \u201eIch kann das Wort Zeit neu interpretieren\u201c"},"content":{"rendered":"<p style=\"margin-bottom: .0001pt;\">(Von Stefan Pieper)<b> Eng getaktete Zeitma\u00dfe sind \u00fcberwunden auf der zweiten Solo-CD der Saxophonistin Nicole Joh\u00e4nntgen. Hier sind &#8211; wortw\u00f6rtlich genommen &#8211; h\u00f6here Dimensionen im Spiel. Aus einzelnen T\u00f6nen werden Intervalle, die sich zu Motiven formen. Immer neu und immer anders gef\u00e4rbt. Vielleicht so, wie ein Naturszenario am Morgen allm\u00e4hlich erwacht? Das hektische Zeiterleben bleibt irgendwo unten im Tal zur\u00fcck, wenn die Musik weiter auf diesem Weg nach oben tr\u00e4gt. <\/b><\/p>\n<p style=\"margin-bottom: .0001pt;\">Die in Z\u00fcrich lebende Saxophonistin w\u00e4hlte f\u00fcr ihre zweite Soloaufnahme die Capella di San Gottardo &#8211; in 2100m H\u00f6he gelegen auf dem Scheitelpunkt der ber\u00fchmten Alpenpassstra\u00dfe &#8211; mit einer nachhall-ges\u00e4ttigten Akustik, die manchmal fast selbst zu einem Musikinstrument wird. Ist der Mensch nicht ganz klein angesichts der Gr\u00f6\u00dfe einer solchen Berglandschaft? Oder ist er doch ganz im Mittelpunkt? Das improvisierte Spiel ganz mit sich allein wurde zur Meditation \u00fcber solche Seinsfragen.<\/p>\n<h3>Freiheit und Logik<\/h3>\n<p style=\"margin-bottom: .0001pt;\">Erst nach vier St\u00fccken formen die T\u00f6ne und Motive dieses Soloalbums zum ersten Mal eine zusammenh\u00e4ngende Melodie, was wie die Erf\u00fcllung eines Planes wirkt, in dem trotz aller assoziativen Freiheit viel Logik im Spiel ist. Aber Nicole Joh\u00e4nntgen ist eine viel zu universell erfahrene Musikerin, als dass sich alles im meditativen Aspekt ersch\u00f6pfen w\u00fcrde. Auch wenn sich die Fantasie immer weiter ver\u00e4stelt, so bleibt hier doch der Ruhepuls in jedem Moment gewahrt.<\/p>\n<p style=\"margin-bottom: .0001pt;\">Nicole Joh\u00e4nntgen hatte Dave Liebman als Mentor, betreibt gleich mehrere feste Bands und ist regelm\u00e4\u00dfig mit verschiedenen Projekten auf Live-Tournee. Ein noch junges Pfl\u00e4nzchen in diesem Spektrum ist ihr Soloprojekt, das mit einem ersten Release im Jahr 2019 begann und sich in regelm\u00e4\u00dfigen, je nach Moment und Spielst\u00e4tte immer wieder anders gef\u00e4rbten Liveauftritten best\u00e4ndig erneuert. Ihre dabei konsequent betriebene Abkehr vom sportlichen Wettstreit der vielen, manchmal allzu vielen T\u00f6ne im Jazz, wirkt wie ein \u2013 durchaus mal \u00fcberf\u00e4lliger &#8211; Paradigmenwechsel.<\/p>\n<h3>Wendepunkt<\/h3>\n<p style=\"margin-bottom: .0001pt;\">Ihr Soloprojekt markiert einen Wendepunkt, auch wenn sie dieses Vorhaben schon lange verwirklichen wollte: \u201eDiese Seite von mir war immer schon da. Aber es braucht manchmal Zeit, bis man einen Platz f\u00fcr so ein Projekt findet. Das meine ich nicht zeitlich, sondern vor allem mental. Es musste der richtige Zeitpunkt da sein, um das einfach mal raus zu lassen. Und ja, mich hat \u00fcberrascht, dass dies einfach so geht.\u201c<\/p>\n<p>&nbsp;<\/p>\n<figure id=\"attachment_27611\" aria-describedby=\"caption-attachment-27611\" style=\"width: 1704px\" class=\"wp-caption aligncenter\"><img data-recalc-dims=\"1\" loading=\"lazy\" decoding=\"async\" data-attachment-id=\"27611\" data-permalink=\"https:\/\/www.jazzzeitung.de\/cms\/2022\/06\/nicole-johaenntgen-solo-2-ich-kann-das-wort-zeit-neu-interpretieren\/nicole-johaenntgen-2\/\" data-orig-file=\"https:\/\/i0.wp.com\/www.jazzzeitung.de\/cms\/wp-content\/uploads\/2022\/06\/nicole-johaenntgen-9521-1-scaled.jpg?fit=1704%2C2560&amp;ssl=1\" data-orig-size=\"1704,2560\" data-comments-opened=\"1\" data-image-meta=\"{&quot;aperture&quot;:&quot;2.8&quot;,&quot;credit&quot;:&quot;Daniel Bernet&quot;,&quot;camera&quot;:&quot;NIKON Df&quot;,&quot;caption&quot;:&quot;Nicole Joh\\u00e4nntgen&quot;,&quot;created_timestamp&quot;:&quot;1552219228&quot;,&quot;copyright&quot;:&quot;Daniel Bernet&quot;,&quot;focal_length&quot;:&quot;55&quot;,&quot;iso&quot;:&quot;320&quot;,&quot;shutter_speed&quot;:&quot;0.005&quot;,&quot;title&quot;:&quot;Nicole Joh\\u00e4nntgen&quot;,&quot;orientation&quot;:&quot;1&quot;}\" data-image-title=\"Nicole Joh\u00e4nntgen\" data-image-description=\"\" data-image-caption=\"&lt;p&gt;Nicole Joh\u00e4nntgen&lt;\/p&gt;\n\" data-large-file=\"https:\/\/i0.wp.com\/www.jazzzeitung.de\/cms\/wp-content\/uploads\/2022\/06\/nicole-johaenntgen-9521-1-scaled.jpg?fit=399%2C600&amp;ssl=1\" class=\"size-full wp-image-27611\" src=\"https:\/\/i0.wp.com\/www.jazzzeitung.de\/cms\/wp-content\/uploads\/2022\/06\/nicole-johaenntgen-9521-1-scaled.jpg?resize=840%2C1262&#038;ssl=1\" alt=\"\" width=\"840\" height=\"1262\" srcset=\"https:\/\/i0.wp.com\/www.jazzzeitung.de\/cms\/wp-content\/uploads\/2022\/06\/nicole-johaenntgen-9521-1-scaled.jpg?w=1704&amp;ssl=1 1704w, https:\/\/i0.wp.com\/www.jazzzeitung.de\/cms\/wp-content\/uploads\/2022\/06\/nicole-johaenntgen-9521-1-scaled.jpg?resize=200%2C300&amp;ssl=1 200w, https:\/\/i0.wp.com\/www.jazzzeitung.de\/cms\/wp-content\/uploads\/2022\/06\/nicole-johaenntgen-9521-1-scaled.jpg?resize=399%2C600&amp;ssl=1 399w, https:\/\/i0.wp.com\/www.jazzzeitung.de\/cms\/wp-content\/uploads\/2022\/06\/nicole-johaenntgen-9521-1-scaled.jpg?resize=768%2C1154&amp;ssl=1 768w, https:\/\/i0.wp.com\/www.jazzzeitung.de\/cms\/wp-content\/uploads\/2022\/06\/nicole-johaenntgen-9521-1-scaled.jpg?resize=1022%2C1536&amp;ssl=1 1022w, https:\/\/i0.wp.com\/www.jazzzeitung.de\/cms\/wp-content\/uploads\/2022\/06\/nicole-johaenntgen-9521-1-scaled.jpg?resize=1363%2C2048&amp;ssl=1 1363w, https:\/\/i0.wp.com\/www.jazzzeitung.de\/cms\/wp-content\/uploads\/2022\/06\/nicole-johaenntgen-9521-1-scaled.jpg?resize=1320%2C1983&amp;ssl=1 1320w\" sizes=\"auto, (max-width: 840px) 100vw, 840px\" \/><figcaption id=\"caption-attachment-27611\" class=\"wp-caption-text\">Nicole Joh\u00e4nntgen<\/figcaption><\/figure>\n<p style=\"margin-bottom: .0001pt;\">Das aktuelle Volume 2 entstand an einem lichtdurchfluteten Vormittag, was sich in den Klangfarben der zehn St\u00fccke, welche sich Beispiel \u201eFr\u00fchlingserwachen\u201c, \u201eInnehalten\u201c oder \u201eBergluft\u201c nennen, ohne weiteres ausdr\u00fcckt. \u201eDie Musik hat seine melancholische Seite aber man h\u00f6rt auch den Gotthard-Aspekt. Da ist das ehrf\u00fcrchtige drin. Diese Bergwelt. Wenn man die sieht, stellt sich heraus, man ist als Mensch doch so winzig klein. Aber andererseits auch gro\u00df. Die Musik soll also nichts niederschmetterndes haben, sondern eine Kraft verk\u00f6rpern\u201c beschreibt Nicole Joh\u00e4nntgen ihr eigenes k\u00fcnstlerisches Anliegen.<\/p>\n<h3>Frei sein<\/h3>\n<p style=\"margin-bottom: .0001pt;\">Alleine sein, hei\u00dft f\u00fcr sie vor allem frei sein. Auch das macht f\u00fcr sie den Aspekt von pers\u00f6nlicher Erkundung aus: \u201eDas Solospiel ist \u00fcberhaupt ein einziger Zauber. Man geht da richtig tief rein, man kann das auch zulassen. Ich kann das Wort Zeit komplett neu interpretieren. Ich kann alles immer neu formen. Ich kann so viel Zeit wie ich will f\u00fcr einen Ton verwenden. So etwas kann ich in einer Band nur bedingt. Ich habe f\u00fcr mich eine neue musikalische Sprache daraus entwickelt.\u201c<\/p>\n<p style=\"margin-bottom: .0001pt;\">Zur Freiheit der Landschaft passt die Ausweitung des klanglichen Rahmens: Im letzten Teil tauscht sie das von meist favorisierte Altsax gegen das Baritonsax ein. Am Ziel des imagin\u00e4ren Weges greift sie auf das urspr\u00fcnglichste musikalische Ausdrucksmittel zur\u00fcck. F\u00fcrs letzte St\u00fcck legt Nicole Joh\u00e4nntgen ihr Instrument beiseite und singt den Epilog zu dieser imagin\u00e4ren Erz\u00e4hlung.<\/p>\n<p><img data-recalc-dims=\"1\" loading=\"lazy\" decoding=\"async\" data-attachment-id=\"27610\" data-permalink=\"https:\/\/www.jazzzeitung.de\/cms\/2022\/06\/nicole-johaenntgen-solo-2-ich-kann-das-wort-zeit-neu-interpretieren\/nicole_johaenntgen_solo_ii_3000px\/\" data-orig-file=\"https:\/\/i0.wp.com\/www.jazzzeitung.de\/cms\/wp-content\/uploads\/2022\/06\/nicole_johaenntgen_solo_ii_3000px-scaled.jpg?fit=2560%2C2560&amp;ssl=1\" data-orig-size=\"2560,2560\" data-comments-opened=\"1\" data-image-meta=\"{&quot;aperture&quot;:&quot;0&quot;,&quot;credit&quot;:&quot;&quot;,&quot;camera&quot;:&quot;&quot;,&quot;caption&quot;:&quot;&quot;,&quot;created_timestamp&quot;:&quot;0&quot;,&quot;copyright&quot;:&quot;&quot;,&quot;focal_length&quot;:&quot;0&quot;,&quot;iso&quot;:&quot;0&quot;,&quot;shutter_speed&quot;:&quot;0&quot;,&quot;title&quot;:&quot;&quot;,&quot;orientation&quot;:&quot;0&quot;}\" data-image-title=\"nicole_johaenntgen_solo_ii_3000px\" data-image-description=\"\" data-image-caption=\"\" data-large-file=\"https:\/\/i0.wp.com\/www.jazzzeitung.de\/cms\/wp-content\/uploads\/2022\/06\/nicole_johaenntgen_solo_ii_3000px-scaled.jpg?fit=600%2C600&amp;ssl=1\" class=\"alignleft size-medium wp-image-27610\" src=\"https:\/\/i0.wp.com\/www.jazzzeitung.de\/cms\/wp-content\/uploads\/2022\/06\/nicole_johaenntgen_solo_ii_3000px.jpg?resize=300%2C300&#038;ssl=1\" alt=\"\" width=\"300\" height=\"300\" srcset=\"https:\/\/i0.wp.com\/www.jazzzeitung.de\/cms\/wp-content\/uploads\/2022\/06\/nicole_johaenntgen_solo_ii_3000px-scaled.jpg?resize=300%2C300&amp;ssl=1 300w, https:\/\/i0.wp.com\/www.jazzzeitung.de\/cms\/wp-content\/uploads\/2022\/06\/nicole_johaenntgen_solo_ii_3000px-scaled.jpg?resize=600%2C600&amp;ssl=1 600w, https:\/\/i0.wp.com\/www.jazzzeitung.de\/cms\/wp-content\/uploads\/2022\/06\/nicole_johaenntgen_solo_ii_3000px-scaled.jpg?resize=150%2C150&amp;ssl=1 150w, https:\/\/i0.wp.com\/www.jazzzeitung.de\/cms\/wp-content\/uploads\/2022\/06\/nicole_johaenntgen_solo_ii_3000px-scaled.jpg?resize=768%2C768&amp;ssl=1 768w, https:\/\/i0.wp.com\/www.jazzzeitung.de\/cms\/wp-content\/uploads\/2022\/06\/nicole_johaenntgen_solo_ii_3000px-scaled.jpg?resize=1536%2C1536&amp;ssl=1 1536w, https:\/\/i0.wp.com\/www.jazzzeitung.de\/cms\/wp-content\/uploads\/2022\/06\/nicole_johaenntgen_solo_ii_3000px-scaled.jpg?resize=2048%2C2048&amp;ssl=1 2048w, https:\/\/i0.wp.com\/www.jazzzeitung.de\/cms\/wp-content\/uploads\/2022\/06\/nicole_johaenntgen_solo_ii_3000px-scaled.jpg?resize=1320%2C1320&amp;ssl=1 1320w, https:\/\/i0.wp.com\/www.jazzzeitung.de\/cms\/wp-content\/uploads\/2022\/06\/nicole_johaenntgen_solo_ii_3000px-scaled.jpg?w=1680&amp;ssl=1 1680w, https:\/\/i0.wp.com\/www.jazzzeitung.de\/cms\/wp-content\/uploads\/2022\/06\/nicole_johaenntgen_solo_ii_3000px-scaled.jpg?w=2520&amp;ssl=1 2520w\" sizes=\"auto, (max-width: 300px) 100vw, 300px\" \/><\/p>\n<p><strong>Nicole Joh\u00e4nntgen:\u00a0<\/strong><strong>Solo II,\u00a0<\/strong><strong>Selmabird Records <\/strong><\/p>\n<p style=\"margin-bottom: .0001pt;\"><a href=\"https:\/\/www.youtube.com\/watch?v=WqUOlyreGiY\">https:\/\/www.youtube.com\/watch?v=WqUOlyreGiY<\/a><\/p>\n","protected":false},"excerpt":{"rendered":"<p>(Von Stefan Pieper) Eng getaktete Zeitma\u00dfe sind \u00fcberwunden auf der zweiten Solo-CD der Saxophonistin Nicole Joh\u00e4nntgen. Hier sind &#8211; wortw\u00f6rtlich genommen &#8211; h\u00f6here Dimensionen im Spiel. Aus einzelnen T\u00f6nen werden Intervalle, die sich zu Motiven formen. Immer neu und immer anders gef\u00e4rbt. Vielleicht so, wie ein Naturszenario am Morgen allm\u00e4hlich erwacht? Das hektische Zeiterleben bleibt irgendwo unten im Tal zur\u00fcck, wenn die Musik weiter auf diesem Weg nach oben tr\u00e4gt. Die in Z\u00fcrich lebende Saxophonistin w\u00e4hlte f\u00fcr ihre zweite Soloaufnahme die Capella di San Gottardo &#8211; in 2100m H\u00f6he gelegen auf dem Scheitelpunkt der ber\u00fchmten Alpenpassstra\u00dfe &#8211; mit einer nachhall-ges\u00e4ttigten Akustik, die manchmal fast selbst zu einem Musikinstrument wird. Ist der Mensch nicht ganz klein angesichts der Gr\u00f6\u00dfe einer solchen Berglandschaft? Oder ist er doch ganz im Mittelpunkt? Das improvisierte Spiel ganz mit sich allein wurde zur Meditation \u00fcber solche Seinsfragen. Freiheit und Logik Erst nach vier St\u00fccken formen die T\u00f6ne und Motive dieses Soloalbums zum ersten Mal eine zusammenh\u00e4ngende Melodie, was wie die Erf\u00fcllung eines Planes wirkt, in dem trotz aller assoziativen Freiheit viel Logik im Spiel ist. Aber Nicole Joh\u00e4nntgen ist eine viel &hellip;<\/p>\n","protected":false},"author":18,"featured_media":27612,"comment_status":"open","ping_status":"closed","sticky":false,"template":"","format":"standard","meta":{"_jetpack_memberships_contains_paid_content":false,"footnotes":"","jetpack_publicize_message":"","jetpack_publicize_feature_enabled":true,"jetpack_social_post_already_shared":false,"jetpack_social_options":{"image_generator_settings":{"template":"highway","default_image_id":0,"font":"","enabled":false},"version":2}},"categories":[1152],"tags":[294,2861,796,1186,4162,4161,1129],"coauthors":[695],"class_list":["post-27609","post","type-post","status-publish","format-standard","has-post-thumbnail","hentry","category-rezension","tag-jazzzeitung","tag-jazzzeitung-de","tag-nicole-johaenntgen","tag-rezension","tag-selmabird-records","tag-solo-ii","tag-stefan-pieper"],"yoast_head":"<!-- This site is optimized with the Yoast SEO plugin v27.5 - https:\/\/yoast.com\/product\/yoast-seo-wordpress\/ -->\n<title>Nicole Joh\u00e4nntgen solo 2: \u201eIch kann das Wort Zeit neu interpretieren\u201c - JazzZeitung<\/title>\n<meta name=\"robots\" content=\"index, follow, max-snippet:-1, max-image-preview:large, max-video-preview:-1\" \/>\n<link rel=\"canonical\" href=\"https:\/\/www.jazzzeitung.de\/cms\/2022\/06\/nicole-johaenntgen-solo-2-ich-kann-das-wort-zeit-neu-interpretieren\/\" \/>\n<meta property=\"og:locale\" content=\"de_DE\" \/>\n<meta property=\"og:type\" content=\"article\" \/>\n<meta property=\"og:title\" content=\"Nicole Joh\u00e4nntgen solo 2: \u201eIch kann das Wort Zeit neu interpretieren\u201c - JazzZeitung\" \/>\n<meta property=\"og:description\" content=\"(Von Stefan Pieper) Eng getaktete Zeitma\u00dfe sind \u00fcberwunden auf der zweiten Solo-CD der Saxophonistin Nicole Joh\u00e4nntgen. Hier sind &#8211; wortw\u00f6rtlich genommen &#8211; h\u00f6here Dimensionen im Spiel. Aus einzelnen T\u00f6nen werden Intervalle, die sich zu Motiven formen. Immer neu und immer anders gef\u00e4rbt. Vielleicht so, wie ein Naturszenario am Morgen allm\u00e4hlich erwacht? Das hektische Zeiterleben bleibt irgendwo unten im Tal zur\u00fcck, wenn die Musik weiter auf diesem Weg nach oben tr\u00e4gt. Die in Z\u00fcrich lebende Saxophonistin w\u00e4hlte f\u00fcr ihre zweite Soloaufnahme die Capella di San Gottardo &#8211; in 2100m H\u00f6he gelegen auf dem Scheitelpunkt der ber\u00fchmten Alpenpassstra\u00dfe &#8211; mit einer nachhall-ges\u00e4ttigten Akustik, die manchmal fast selbst zu einem Musikinstrument wird. Ist der Mensch nicht ganz klein angesichts der Gr\u00f6\u00dfe einer solchen Berglandschaft? Oder ist er doch ganz im Mittelpunkt? Das improvisierte Spiel ganz mit sich allein wurde zur Meditation \u00fcber solche Seinsfragen. Freiheit und Logik Erst nach vier St\u00fccken formen die T\u00f6ne und Motive dieses Soloalbums zum ersten Mal eine zusammenh\u00e4ngende Melodie, was wie die Erf\u00fcllung eines Planes wirkt, in dem trotz aller assoziativen Freiheit viel Logik im Spiel ist. Aber Nicole Joh\u00e4nntgen ist eine viel &hellip;\" \/>\n<meta property=\"og:url\" content=\"https:\/\/www.jazzzeitung.de\/cms\/2022\/06\/nicole-johaenntgen-solo-2-ich-kann-das-wort-zeit-neu-interpretieren\/\" \/>\n<meta property=\"og:site_name\" content=\"JazzZeitung\" \/>\n<meta property=\"article:publisher\" content=\"https:\/\/www.facebook.com\/JazzZeitung\/\" \/>\n<meta property=\"article:published_time\" content=\"2022-06-23T04:48:00+00:00\" \/>\n<meta property=\"og:image\" content=\"https:\/\/i0.wp.com\/www.jazzzeitung.de\/cms\/wp-content\/uploads\/2022\/06\/nicole-johaenntgen-9521-1_titel-scaled.jpg?fit=2560%2C1961&ssl=1\" \/>\n\t<meta property=\"og:image:width\" content=\"2560\" \/>\n\t<meta property=\"og:image:height\" content=\"1961\" \/>\n\t<meta property=\"og:image:type\" content=\"image\/jpeg\" \/>\n<meta name=\"author\" content=\"Redaktion JazzZeitung\" \/>\n<script type=\"application\/ld+json\" class=\"yoast-schema-graph\">{\"@context\":\"https:\\\/\\\/schema.org\",\"@graph\":[{\"@type\":\"Article\",\"@id\":\"https:\\\/\\\/www.jazzzeitung.de\\\/cms\\\/2022\\\/06\\\/nicole-johaenntgen-solo-2-ich-kann-das-wort-zeit-neu-interpretieren\\\/#article\",\"isPartOf\":{\"@id\":\"https:\\\/\\\/www.jazzzeitung.de\\\/cms\\\/2022\\\/06\\\/nicole-johaenntgen-solo-2-ich-kann-das-wort-zeit-neu-interpretieren\\\/\"},\"author\":{\"name\":\"Redaktion JazzZeitung\",\"@id\":\"https:\\\/\\\/www.jazzzeitung.de\\\/cms\\\/#\\\/schema\\\/person\\\/2245b36b9cd1d24cea10f01c031fb92b\"},\"headline\":\"Nicole Joh\u00e4nntgen solo 2: \u201eIch kann das Wort Zeit neu interpretieren\u201c\",\"datePublished\":\"2022-06-23T04:48:00+00:00\",\"mainEntityOfPage\":{\"@id\":\"https:\\\/\\\/www.jazzzeitung.de\\\/cms\\\/2022\\\/06\\\/nicole-johaenntgen-solo-2-ich-kann-das-wort-zeit-neu-interpretieren\\\/\"},\"wordCount\":679,\"commentCount\":0,\"publisher\":{\"@id\":\"https:\\\/\\\/www.jazzzeitung.de\\\/cms\\\/#organization\"},\"image\":{\"@id\":\"https:\\\/\\\/www.jazzzeitung.de\\\/cms\\\/2022\\\/06\\\/nicole-johaenntgen-solo-2-ich-kann-das-wort-zeit-neu-interpretieren\\\/#primaryimage\"},\"thumbnailUrl\":\"https:\\\/\\\/i0.wp.com\\\/www.jazzzeitung.de\\\/cms\\\/wp-content\\\/uploads\\\/2022\\\/06\\\/nicole-johaenntgen-9521-1_titel-scaled.jpg?fit=2560%2C1961&ssl=1\",\"keywords\":[\"Jazzzeitung\",\"JazzZeitung.de\",\"Nicole Joh\u00e4nntgen\",\"Rezension\",\"Selmabird Records\",\"Solo II\",\"Stefan Pieper\"],\"articleSection\":[\"Rezension\"],\"inLanguage\":\"de\",\"potentialAction\":[{\"@type\":\"CommentAction\",\"name\":\"Comment\",\"target\":[\"https:\\\/\\\/www.jazzzeitung.de\\\/cms\\\/2022\\\/06\\\/nicole-johaenntgen-solo-2-ich-kann-das-wort-zeit-neu-interpretieren\\\/#respond\"]}]},{\"@type\":\"WebPage\",\"@id\":\"https:\\\/\\\/www.jazzzeitung.de\\\/cms\\\/2022\\\/06\\\/nicole-johaenntgen-solo-2-ich-kann-das-wort-zeit-neu-interpretieren\\\/\",\"url\":\"https:\\\/\\\/www.jazzzeitung.de\\\/cms\\\/2022\\\/06\\\/nicole-johaenntgen-solo-2-ich-kann-das-wort-zeit-neu-interpretieren\\\/\",\"name\":\"Nicole Joh\u00e4nntgen solo 2: \u201eIch kann das Wort Zeit neu interpretieren\u201c - JazzZeitung\",\"isPartOf\":{\"@id\":\"https:\\\/\\\/www.jazzzeitung.de\\\/cms\\\/#website\"},\"primaryImageOfPage\":{\"@id\":\"https:\\\/\\\/www.jazzzeitung.de\\\/cms\\\/2022\\\/06\\\/nicole-johaenntgen-solo-2-ich-kann-das-wort-zeit-neu-interpretieren\\\/#primaryimage\"},\"image\":{\"@id\":\"https:\\\/\\\/www.jazzzeitung.de\\\/cms\\\/2022\\\/06\\\/nicole-johaenntgen-solo-2-ich-kann-das-wort-zeit-neu-interpretieren\\\/#primaryimage\"},\"thumbnailUrl\":\"https:\\\/\\\/i0.wp.com\\\/www.jazzzeitung.de\\\/cms\\\/wp-content\\\/uploads\\\/2022\\\/06\\\/nicole-johaenntgen-9521-1_titel-scaled.jpg?fit=2560%2C1961&ssl=1\",\"datePublished\":\"2022-06-23T04:48:00+00:00\",\"breadcrumb\":{\"@id\":\"https:\\\/\\\/www.jazzzeitung.de\\\/cms\\\/2022\\\/06\\\/nicole-johaenntgen-solo-2-ich-kann-das-wort-zeit-neu-interpretieren\\\/#breadcrumb\"},\"inLanguage\":\"de\",\"potentialAction\":[{\"@type\":\"ReadAction\",\"target\":[\"https:\\\/\\\/www.jazzzeitung.de\\\/cms\\\/2022\\\/06\\\/nicole-johaenntgen-solo-2-ich-kann-das-wort-zeit-neu-interpretieren\\\/\"]}]},{\"@type\":\"ImageObject\",\"inLanguage\":\"de\",\"@id\":\"https:\\\/\\\/www.jazzzeitung.de\\\/cms\\\/2022\\\/06\\\/nicole-johaenntgen-solo-2-ich-kann-das-wort-zeit-neu-interpretieren\\\/#primaryimage\",\"url\":\"https:\\\/\\\/i0.wp.com\\\/www.jazzzeitung.de\\\/cms\\\/wp-content\\\/uploads\\\/2022\\\/06\\\/nicole-johaenntgen-9521-1_titel-scaled.jpg?fit=2560%2C1961&ssl=1\",\"contentUrl\":\"https:\\\/\\\/i0.wp.com\\\/www.jazzzeitung.de\\\/cms\\\/wp-content\\\/uploads\\\/2022\\\/06\\\/nicole-johaenntgen-9521-1_titel-scaled.jpg?fit=2560%2C1961&ssl=1\",\"width\":2560,\"height\":1961,\"caption\":\"Nicole Joh\u00e4nntgen\"},{\"@type\":\"BreadcrumbList\",\"@id\":\"https:\\\/\\\/www.jazzzeitung.de\\\/cms\\\/2022\\\/06\\\/nicole-johaenntgen-solo-2-ich-kann-das-wort-zeit-neu-interpretieren\\\/#breadcrumb\",\"itemListElement\":[{\"@type\":\"ListItem\",\"position\":1,\"name\":\"Startseite\",\"item\":\"https:\\\/\\\/www.jazzzeitung.de\\\/cms\\\/\"},{\"@type\":\"ListItem\",\"position\":2,\"name\":\"Nicole Joh\u00e4nntgen solo 2: \u201eIch kann das Wort Zeit neu interpretieren\u201c\"}]},{\"@type\":\"WebSite\",\"@id\":\"https:\\\/\\\/www.jazzzeitung.de\\\/cms\\\/#website\",\"url\":\"https:\\\/\\\/www.jazzzeitung.de\\\/cms\\\/\",\"name\":\"JazzZeitung\",\"description\":\"Jazz-News und Jazz-Kontroverses\",\"publisher\":{\"@id\":\"https:\\\/\\\/www.jazzzeitung.de\\\/cms\\\/#organization\"},\"potentialAction\":[{\"@type\":\"SearchAction\",\"target\":{\"@type\":\"EntryPoint\",\"urlTemplate\":\"https:\\\/\\\/www.jazzzeitung.de\\\/cms\\\/?s={search_term_string}\"},\"query-input\":{\"@type\":\"PropertyValueSpecification\",\"valueRequired\":true,\"valueName\":\"search_term_string\"}}],\"inLanguage\":\"de\"},{\"@type\":\"Organization\",\"@id\":\"https:\\\/\\\/www.jazzzeitung.de\\\/cms\\\/#organization\",\"name\":\"JazzZeitung online\",\"url\":\"https:\\\/\\\/www.jazzzeitung.de\\\/cms\\\/\",\"logo\":{\"@type\":\"ImageObject\",\"inLanguage\":\"de\",\"@id\":\"https:\\\/\\\/www.jazzzeitung.de\\\/cms\\\/#\\\/schema\\\/logo\\\/image\\\/\",\"url\":\"https:\\\/\\\/i0.wp.com\\\/www.jazzzeitung.de\\\/cms\\\/wp-content\\\/uploads\\\/2015\\\/08\\\/JAZZZEITUNGDE_Logo_Neu.png?fit=499%2C200&ssl=1\",\"contentUrl\":\"https:\\\/\\\/i0.wp.com\\\/www.jazzzeitung.de\\\/cms\\\/wp-content\\\/uploads\\\/2015\\\/08\\\/JAZZZEITUNGDE_Logo_Neu.png?fit=499%2C200&ssl=1\",\"width\":499,\"height\":200,\"caption\":\"JazzZeitung online\"},\"image\":{\"@id\":\"https:\\\/\\\/www.jazzzeitung.de\\\/cms\\\/#\\\/schema\\\/logo\\\/image\\\/\"},\"sameAs\":[\"https:\\\/\\\/www.facebook.com\\\/JazzZeitung\\\/\"]},{\"@type\":\"Person\",\"@id\":\"https:\\\/\\\/www.jazzzeitung.de\\\/cms\\\/#\\\/schema\\\/person\\\/2245b36b9cd1d24cea10f01c031fb92b\",\"name\":\"Redaktion JazzZeitung\",\"image\":{\"@type\":\"ImageObject\",\"inLanguage\":\"de\",\"@id\":\"https:\\\/\\\/i0.wp.com\\\/www.jazzzeitung.de\\\/cms\\\/wp-content\\\/uploads\\\/2015\\\/08\\\/JAZZZEITUNGDE_Logo_Neu.png?resize=96%2C96&ssl=159975dcacb611b5700bd619b5daf0a7a\",\"url\":\"https:\\\/\\\/i0.wp.com\\\/www.jazzzeitung.de\\\/cms\\\/wp-content\\\/uploads\\\/2015\\\/08\\\/JAZZZEITUNGDE_Logo_Neu.png?resize=96%2C96&ssl=1\",\"contentUrl\":\"https:\\\/\\\/i0.wp.com\\\/www.jazzzeitung.de\\\/cms\\\/wp-content\\\/uploads\\\/2015\\\/08\\\/JAZZZEITUNGDE_Logo_Neu.png?resize=96%2C96&ssl=1\",\"caption\":\"Redaktion JazzZeitung\"},\"description\":\"Artikel der Redaktion der JazzZeitung.\",\"sameAs\":[\"http:\\\/\\\/www.jazzzeitung.de\\\/cms\\\/\"],\"url\":\"https:\\\/\\\/www.jazzzeitung.de\\\/cms\\\/author\\\/redaktion\\\/\"}]}<\/script>\n<!-- \/ Yoast SEO plugin. -->","yoast_head_json":{"title":"Nicole Joh\u00e4nntgen solo 2: \u201eIch kann das Wort Zeit neu interpretieren\u201c - JazzZeitung","robots":{"index":"index","follow":"follow","max-snippet":"max-snippet:-1","max-image-preview":"max-image-preview:large","max-video-preview":"max-video-preview:-1"},"canonical":"https:\/\/www.jazzzeitung.de\/cms\/2022\/06\/nicole-johaenntgen-solo-2-ich-kann-das-wort-zeit-neu-interpretieren\/","og_locale":"de_DE","og_type":"article","og_title":"Nicole Joh\u00e4nntgen solo 2: \u201eIch kann das Wort Zeit neu interpretieren\u201c - JazzZeitung","og_description":"(Von Stefan Pieper) Eng getaktete Zeitma\u00dfe sind \u00fcberwunden auf der zweiten Solo-CD der Saxophonistin Nicole Joh\u00e4nntgen. Hier sind &#8211; wortw\u00f6rtlich genommen &#8211; h\u00f6here Dimensionen im Spiel. Aus einzelnen T\u00f6nen werden Intervalle, die sich zu Motiven formen. Immer neu und immer anders gef\u00e4rbt. Vielleicht so, wie ein Naturszenario am Morgen allm\u00e4hlich erwacht? Das hektische Zeiterleben bleibt irgendwo unten im Tal zur\u00fcck, wenn die Musik weiter auf diesem Weg nach oben tr\u00e4gt. Die in Z\u00fcrich lebende Saxophonistin w\u00e4hlte f\u00fcr ihre zweite Soloaufnahme die Capella di San Gottardo &#8211; in 2100m H\u00f6he gelegen auf dem Scheitelpunkt der ber\u00fchmten Alpenpassstra\u00dfe &#8211; mit einer nachhall-ges\u00e4ttigten Akustik, die manchmal fast selbst zu einem Musikinstrument wird. Ist der Mensch nicht ganz klein angesichts der Gr\u00f6\u00dfe einer solchen Berglandschaft? Oder ist er doch ganz im Mittelpunkt? Das improvisierte Spiel ganz mit sich allein wurde zur Meditation \u00fcber solche Seinsfragen. Freiheit und Logik Erst nach vier St\u00fccken formen die T\u00f6ne und Motive dieses Soloalbums zum ersten Mal eine zusammenh\u00e4ngende Melodie, was wie die Erf\u00fcllung eines Planes wirkt, in dem trotz aller assoziativen Freiheit viel Logik im Spiel ist. Aber Nicole Joh\u00e4nntgen ist eine viel &hellip;","og_url":"https:\/\/www.jazzzeitung.de\/cms\/2022\/06\/nicole-johaenntgen-solo-2-ich-kann-das-wort-zeit-neu-interpretieren\/","og_site_name":"JazzZeitung","article_publisher":"https:\/\/www.facebook.com\/JazzZeitung\/","article_published_time":"2022-06-23T04:48:00+00:00","og_image":[{"width":2560,"height":1961,"url":"https:\/\/i0.wp.com\/www.jazzzeitung.de\/cms\/wp-content\/uploads\/2022\/06\/nicole-johaenntgen-9521-1_titel-scaled.jpg?fit=2560%2C1961&ssl=1","type":"image\/jpeg"}],"author":"Redaktion JazzZeitung","schema":{"@context":"https:\/\/schema.org","@graph":[{"@type":"Article","@id":"https:\/\/www.jazzzeitung.de\/cms\/2022\/06\/nicole-johaenntgen-solo-2-ich-kann-das-wort-zeit-neu-interpretieren\/#article","isPartOf":{"@id":"https:\/\/www.jazzzeitung.de\/cms\/2022\/06\/nicole-johaenntgen-solo-2-ich-kann-das-wort-zeit-neu-interpretieren\/"},"author":{"name":"Redaktion JazzZeitung","@id":"https:\/\/www.jazzzeitung.de\/cms\/#\/schema\/person\/2245b36b9cd1d24cea10f01c031fb92b"},"headline":"Nicole Joh\u00e4nntgen solo 2: \u201eIch kann das Wort Zeit neu interpretieren\u201c","datePublished":"2022-06-23T04:48:00+00:00","mainEntityOfPage":{"@id":"https:\/\/www.jazzzeitung.de\/cms\/2022\/06\/nicole-johaenntgen-solo-2-ich-kann-das-wort-zeit-neu-interpretieren\/"},"wordCount":679,"commentCount":0,"publisher":{"@id":"https:\/\/www.jazzzeitung.de\/cms\/#organization"},"image":{"@id":"https:\/\/www.jazzzeitung.de\/cms\/2022\/06\/nicole-johaenntgen-solo-2-ich-kann-das-wort-zeit-neu-interpretieren\/#primaryimage"},"thumbnailUrl":"https:\/\/i0.wp.com\/www.jazzzeitung.de\/cms\/wp-content\/uploads\/2022\/06\/nicole-johaenntgen-9521-1_titel-scaled.jpg?fit=2560%2C1961&ssl=1","keywords":["Jazzzeitung","JazzZeitung.de","Nicole Joh\u00e4nntgen","Rezension","Selmabird Records","Solo II","Stefan Pieper"],"articleSection":["Rezension"],"inLanguage":"de","potentialAction":[{"@type":"CommentAction","name":"Comment","target":["https:\/\/www.jazzzeitung.de\/cms\/2022\/06\/nicole-johaenntgen-solo-2-ich-kann-das-wort-zeit-neu-interpretieren\/#respond"]}]},{"@type":"WebPage","@id":"https:\/\/www.jazzzeitung.de\/cms\/2022\/06\/nicole-johaenntgen-solo-2-ich-kann-das-wort-zeit-neu-interpretieren\/","url":"https:\/\/www.jazzzeitung.de\/cms\/2022\/06\/nicole-johaenntgen-solo-2-ich-kann-das-wort-zeit-neu-interpretieren\/","name":"Nicole Joh\u00e4nntgen solo 2: \u201eIch kann das Wort Zeit neu interpretieren\u201c - JazzZeitung","isPartOf":{"@id":"https:\/\/www.jazzzeitung.de\/cms\/#website"},"primaryImageOfPage":{"@id":"https:\/\/www.jazzzeitung.de\/cms\/2022\/06\/nicole-johaenntgen-solo-2-ich-kann-das-wort-zeit-neu-interpretieren\/#primaryimage"},"image":{"@id":"https:\/\/www.jazzzeitung.de\/cms\/2022\/06\/nicole-johaenntgen-solo-2-ich-kann-das-wort-zeit-neu-interpretieren\/#primaryimage"},"thumbnailUrl":"https:\/\/i0.wp.com\/www.jazzzeitung.de\/cms\/wp-content\/uploads\/2022\/06\/nicole-johaenntgen-9521-1_titel-scaled.jpg?fit=2560%2C1961&ssl=1","datePublished":"2022-06-23T04:48:00+00:00","breadcrumb":{"@id":"https:\/\/www.jazzzeitung.de\/cms\/2022\/06\/nicole-johaenntgen-solo-2-ich-kann-das-wort-zeit-neu-interpretieren\/#breadcrumb"},"inLanguage":"de","potentialAction":[{"@type":"ReadAction","target":["https:\/\/www.jazzzeitung.de\/cms\/2022\/06\/nicole-johaenntgen-solo-2-ich-kann-das-wort-zeit-neu-interpretieren\/"]}]},{"@type":"ImageObject","inLanguage":"de","@id":"https:\/\/www.jazzzeitung.de\/cms\/2022\/06\/nicole-johaenntgen-solo-2-ich-kann-das-wort-zeit-neu-interpretieren\/#primaryimage","url":"https:\/\/i0.wp.com\/www.jazzzeitung.de\/cms\/wp-content\/uploads\/2022\/06\/nicole-johaenntgen-9521-1_titel-scaled.jpg?fit=2560%2C1961&ssl=1","contentUrl":"https:\/\/i0.wp.com\/www.jazzzeitung.de\/cms\/wp-content\/uploads\/2022\/06\/nicole-johaenntgen-9521-1_titel-scaled.jpg?fit=2560%2C1961&ssl=1","width":2560,"height":1961,"caption":"Nicole Joh\u00e4nntgen"},{"@type":"BreadcrumbList","@id":"https:\/\/www.jazzzeitung.de\/cms\/2022\/06\/nicole-johaenntgen-solo-2-ich-kann-das-wort-zeit-neu-interpretieren\/#breadcrumb","itemListElement":[{"@type":"ListItem","position":1,"name":"Startseite","item":"https:\/\/www.jazzzeitung.de\/cms\/"},{"@type":"ListItem","position":2,"name":"Nicole Joh\u00e4nntgen solo 2: \u201eIch kann das Wort Zeit neu interpretieren\u201c"}]},{"@type":"WebSite","@id":"https:\/\/www.jazzzeitung.de\/cms\/#website","url":"https:\/\/www.jazzzeitung.de\/cms\/","name":"JazzZeitung","description":"Jazz-News und Jazz-Kontroverses","publisher":{"@id":"https:\/\/www.jazzzeitung.de\/cms\/#organization"},"potentialAction":[{"@type":"SearchAction","target":{"@type":"EntryPoint","urlTemplate":"https:\/\/www.jazzzeitung.de\/cms\/?s={search_term_string}"},"query-input":{"@type":"PropertyValueSpecification","valueRequired":true,"valueName":"search_term_string"}}],"inLanguage":"de"},{"@type":"Organization","@id":"https:\/\/www.jazzzeitung.de\/cms\/#organization","name":"JazzZeitung online","url":"https:\/\/www.jazzzeitung.de\/cms\/","logo":{"@type":"ImageObject","inLanguage":"de","@id":"https:\/\/www.jazzzeitung.de\/cms\/#\/schema\/logo\/image\/","url":"https:\/\/i0.wp.com\/www.jazzzeitung.de\/cms\/wp-content\/uploads\/2015\/08\/JAZZZEITUNGDE_Logo_Neu.png?fit=499%2C200&ssl=1","contentUrl":"https:\/\/i0.wp.com\/www.jazzzeitung.de\/cms\/wp-content\/uploads\/2015\/08\/JAZZZEITUNGDE_Logo_Neu.png?fit=499%2C200&ssl=1","width":499,"height":200,"caption":"JazzZeitung online"},"image":{"@id":"https:\/\/www.jazzzeitung.de\/cms\/#\/schema\/logo\/image\/"},"sameAs":["https:\/\/www.facebook.com\/JazzZeitung\/"]},{"@type":"Person","@id":"https:\/\/www.jazzzeitung.de\/cms\/#\/schema\/person\/2245b36b9cd1d24cea10f01c031fb92b","name":"Redaktion JazzZeitung","image":{"@type":"ImageObject","inLanguage":"de","@id":"https:\/\/i0.wp.com\/www.jazzzeitung.de\/cms\/wp-content\/uploads\/2015\/08\/JAZZZEITUNGDE_Logo_Neu.png?resize=96%2C96&ssl=159975dcacb611b5700bd619b5daf0a7a","url":"https:\/\/i0.wp.com\/www.jazzzeitung.de\/cms\/wp-content\/uploads\/2015\/08\/JAZZZEITUNGDE_Logo_Neu.png?resize=96%2C96&ssl=1","contentUrl":"https:\/\/i0.wp.com\/www.jazzzeitung.de\/cms\/wp-content\/uploads\/2015\/08\/JAZZZEITUNGDE_Logo_Neu.png?resize=96%2C96&ssl=1","caption":"Redaktion JazzZeitung"},"description":"Artikel der Redaktion der JazzZeitung.","sameAs":["http:\/\/www.jazzzeitung.de\/cms\/"],"url":"https:\/\/www.jazzzeitung.de\/cms\/author\/redaktion\/"}]}},"wp-worthy-pixel":{"ignored":false,"public":null,"server":null,"url":null},"wp-worthy-type":"normal","jetpack_publicize_connections":[],"cc_featured_image_caption":{"caption_text":"","source_text":"","source_url":""},"jetpack_featured_media_url":"https:\/\/i0.wp.com\/www.jazzzeitung.de\/cms\/wp-content\/uploads\/2022\/06\/nicole-johaenntgen-9521-1_titel-scaled.jpg?fit=2560%2C1961&ssl=1","jetpack_shortlink":"https:\/\/wp.me\/p3KEcT-7bj","jetpack-related-posts":[{"id":6888,"url":"https:\/\/www.jazzzeitung.de\/cms\/2015\/08\/nicole-johaenntgen-erhaelt-den-jti-trier-jazz-award\/","url_meta":{"origin":27609,"position":0},"title":"Nicole Joh\u00e4nntgen erh\u00e4lt den \u201eJTI Trier Jazz Award&#8220;","author":"Redaktion JazzZeitung","date":"26. August 2015","format":false,"excerpt":"Am 21.8. erhielt Nicole Joh\u00e4nntgen den \u201eJTI Trier Jazz Award\" 2015. \u201eJazz gespielt, als ob ihr Leben davon abhinge\u201c,\u201e\u2026sie lebt die Musik.\u201c, \u201eStarke Rhythmen, \u00fcberraschende Effekte, gekonnte Akzente\u201c, \u201eEnergetische Kaskaden\u201c \u2013 das sind nur einige Beschreibungen aus Presseberichten \u00fcber Nicole Joh\u00e4nntgen (33), der Preistr\u00e4gerin des \u201eJTI Trier Jazz Award\u201c, der\u2026","rel":"","context":"In &quot;News&quot;","block_context":{"text":"News","link":"https:\/\/www.jazzzeitung.de\/cms\/thema\/nachrichten\/"},"img":{"alt_text":"Nicole Joh\u00e4nntgen. Foto: JTI International Germany","src":"https:\/\/i0.wp.com\/www.jazzzeitung.de\/cms\/wp-content\/uploads\/2015\/08\/Nicole_Joh%C3%A4nntgen-700x467.jpg?resize=350%2C200","width":350,"height":200,"srcset":"https:\/\/i0.wp.com\/www.jazzzeitung.de\/cms\/wp-content\/uploads\/2015\/08\/Nicole_Joh%C3%A4nntgen-700x467.jpg?resize=350%2C200 1x, https:\/\/i0.wp.com\/www.jazzzeitung.de\/cms\/wp-content\/uploads\/2015\/08\/Nicole_Joh%C3%A4nntgen-700x467.jpg?resize=525%2C300 1.5x, https:\/\/i0.wp.com\/www.jazzzeitung.de\/cms\/wp-content\/uploads\/2015\/08\/Nicole_Joh%C3%A4nntgen-700x467.jpg?resize=700%2C400 2x"},"classes":[]},{"id":20623,"url":"https:\/\/www.jazzzeitung.de\/cms\/2019\/09\/news-nicole-johaenntgens-neues-musikfestival-neueroeffnung-jaki-klub-im-stadtgarten\/","url_meta":{"origin":27609,"position":1},"title":"+++ News +++ Nicole Joh\u00e4nntgens neues Musikfestival +++ Neuer\u00f6ffnung: JAKI &#8211; Klub im Stadtgarten +++","author":"Redaktion JazzZeitung","date":"5. September 2019","format":false,"excerpt":"+++ Nicole Joh\u00e4nntgens neues Musikfestival+++ Die Jazz-Saxophonistin Nicole Joh\u00e4nntgen ruft ein neues Musikfestival ins Leben. Unter anderem bekannt durch Projekte, wie SOFIA (Support Of Female Improvising Artists), zieht sie nun ab dem 06. Oktober ein neues Festival auf. Mit einem Vorab-Event in Saarbr\u00fccken, treten ab 17 Uhr J\u00f6rgen Welander (Tuba)\u2026","rel":"","context":"In &quot;News&quot;","block_context":{"text":"News","link":"https:\/\/www.jazzzeitung.de\/cms\/thema\/nachrichten\/"},"img":{"alt_text":"","src":"https:\/\/i0.wp.com\/www.jazzzeitung.de\/cms\/wp-content\/uploads\/2019\/09\/nicole-johaenntgen-9535-1.jpg?fit=1200%2C799&ssl=1&resize=350%2C200","width":350,"height":200,"srcset":"https:\/\/i0.wp.com\/www.jazzzeitung.de\/cms\/wp-content\/uploads\/2019\/09\/nicole-johaenntgen-9535-1.jpg?fit=1200%2C799&ssl=1&resize=350%2C200 1x, https:\/\/i0.wp.com\/www.jazzzeitung.de\/cms\/wp-content\/uploads\/2019\/09\/nicole-johaenntgen-9535-1.jpg?fit=1200%2C799&ssl=1&resize=525%2C300 1.5x, https:\/\/i0.wp.com\/www.jazzzeitung.de\/cms\/wp-content\/uploads\/2019\/09\/nicole-johaenntgen-9535-1.jpg?fit=1200%2C799&ssl=1&resize=700%2C400 2x, https:\/\/i0.wp.com\/www.jazzzeitung.de\/cms\/wp-content\/uploads\/2019\/09\/nicole-johaenntgen-9535-1.jpg?fit=1200%2C799&ssl=1&resize=1050%2C600 3x"},"classes":[]},{"id":29477,"url":"https:\/\/www.jazzzeitung.de\/cms\/2023\/05\/news-nicole-johaenntgen-zu-gast-bei-sofia-open-air-zwischen-fachwerkhaeusern-beim-idstein-jazzfestival\/","url_meta":{"origin":27609,"position":2},"title":"News: +++ Nicole Joh\u00e4nntgen zu Gast bei SOFIA +++ Open-Air zwischen Fachwerkh\u00e4usern beim Idstein JazzFestival +++","author":"Redaktion JazzZeitung","date":"31. Mai 2023","format":false,"excerpt":"+++ Nicole Joh\u00e4nntgen zu Gast bei SOFIA +++ Die Saxophonistin Nicole Joh\u00e4nntgen, erst k\u00fcrzlich mit dem Lichtenburgpreis 2023 ausgezeichnet, wird im Rahmen der sechsten SOFIA Music Business Workshops zu h\u00f6ren sein, die vom 30. Mai bis zum 4. Juni 2023 in Z\u00fcrich stattfinden. SOFIA \u2013 das steht f\u00fcr Support Of\u2026","rel":"","context":"In &quot;News&quot;","block_context":{"text":"News","link":"https:\/\/www.jazzzeitung.de\/cms\/thema\/nachrichten\/"},"img":{"alt_text":"","src":"https:\/\/i0.wp.com\/www.jazzzeitung.de\/cms\/wp-content\/uploads\/2023\/01\/nicole-johaenntgen-new-orleans-3-scaled.jpg?fit=1200%2C799&ssl=1&resize=350%2C200","width":350,"height":200,"srcset":"https:\/\/i0.wp.com\/www.jazzzeitung.de\/cms\/wp-content\/uploads\/2023\/01\/nicole-johaenntgen-new-orleans-3-scaled.jpg?fit=1200%2C799&ssl=1&resize=350%2C200 1x, https:\/\/i0.wp.com\/www.jazzzeitung.de\/cms\/wp-content\/uploads\/2023\/01\/nicole-johaenntgen-new-orleans-3-scaled.jpg?fit=1200%2C799&ssl=1&resize=525%2C300 1.5x, https:\/\/i0.wp.com\/www.jazzzeitung.de\/cms\/wp-content\/uploads\/2023\/01\/nicole-johaenntgen-new-orleans-3-scaled.jpg?fit=1200%2C799&ssl=1&resize=700%2C400 2x, https:\/\/i0.wp.com\/www.jazzzeitung.de\/cms\/wp-content\/uploads\/2023\/01\/nicole-johaenntgen-new-orleans-3-scaled.jpg?fit=1200%2C799&ssl=1&resize=1050%2C600 3x"},"classes":[]},{"id":24737,"url":"https:\/\/www.jazzzeitung.de\/cms\/2021\/04\/rezensionen-johaenntgen-vatter-sclavis\/","url_meta":{"origin":27609,"position":3},"title":"Rezensionen: Joh\u00e4nntgen \/ Vatter \/ Sclavis","author":"Huflaikhan","date":"23. April 2021","format":false,"excerpt":"Drei CDs in den Ohren von Rezensent Huflaikhan: Bei Nicole Joh\u00e4nntgens \u201eHenry III\u201c \u201esaftelt sich da leicht \u00fcber den Dancefloor oder durch den musikalischen Kriechkeller\u201c. Bei Martin Vatters \u201eHomeland\u201c muss \u201enicht immer alles eitel Dissonanz sein\u201c und Louis Sclavis' \u201eCharakters On A Wall\u201c wirkt \"perforiert, angegriffen und angegangen. Sie kann\u2026","rel":"","context":"In &quot;Rezension&quot;","block_context":{"text":"Rezension","link":"https:\/\/www.jazzzeitung.de\/cms\/thema\/rezension\/"},"img":{"alt_text":"Rezensionen: Joh\u00e4nntgen \/ Vatter \/ Sclavis","src":"https:\/\/i0.wp.com\/www.jazzzeitung.de\/cms\/wp-content\/uploads\/2021\/04\/hoerbar_jazz_04_01.jpg?fit=1200%2C840&ssl=1&resize=350%2C200","width":350,"height":200,"srcset":"https:\/\/i0.wp.com\/www.jazzzeitung.de\/cms\/wp-content\/uploads\/2021\/04\/hoerbar_jazz_04_01.jpg?fit=1200%2C840&ssl=1&resize=350%2C200 1x, https:\/\/i0.wp.com\/www.jazzzeitung.de\/cms\/wp-content\/uploads\/2021\/04\/hoerbar_jazz_04_01.jpg?fit=1200%2C840&ssl=1&resize=525%2C300 1.5x, https:\/\/i0.wp.com\/www.jazzzeitung.de\/cms\/wp-content\/uploads\/2021\/04\/hoerbar_jazz_04_01.jpg?fit=1200%2C840&ssl=1&resize=700%2C400 2x, https:\/\/i0.wp.com\/www.jazzzeitung.de\/cms\/wp-content\/uploads\/2021\/04\/hoerbar_jazz_04_01.jpg?fit=1200%2C840&ssl=1&resize=1050%2C600 3x"},"classes":[]},{"id":17597,"url":"https:\/\/www.jazzzeitung.de\/cms\/2018\/10\/1000-kilo-schweins-vergnuegen-mit-nicole-johaenntgen\/","url_meta":{"origin":27609,"position":4},"title":"\u201e1.000 Kilo Schwein(s)\u201c-Vergn\u00fcgen mit Nicole Joh\u00e4nntgen","author":"Michael Scheiner","date":"27. Oktober 2018","format":false,"excerpt":"Von Michael Scheiner.\u00a0Selbst in New Orleans, der Wiege des Jazz, wie die Stadt am Mississippi gern bezeichnet wird, w\u00fcrde Nicole Joh\u00e4nntgen mit ihrem Bandprojekt \u201eHenry II\u201c die Szene kr\u00e4ftig aufmischen und jedes Publikum zum Tanzen bringen. Damit haperte es beim Auftritt der Saxophonistin und ihren Musikern im Leeren Beutel leider\u2026","rel":"","context":"In &quot;Bericht&quot;","block_context":{"text":"Bericht","link":"https:\/\/www.jazzzeitung.de\/cms\/thema\/bericht\/"},"img":{"alt_text":"","src":"https:\/\/i0.wp.com\/www.jazzzeitung.de\/cms\/wp-content\/uploads\/2018\/10\/Johaenntgen-Nicole_52.jpg?fit=1200%2C781&ssl=1&resize=350%2C200","width":350,"height":200,"srcset":"https:\/\/i0.wp.com\/www.jazzzeitung.de\/cms\/wp-content\/uploads\/2018\/10\/Johaenntgen-Nicole_52.jpg?fit=1200%2C781&ssl=1&resize=350%2C200 1x, https:\/\/i0.wp.com\/www.jazzzeitung.de\/cms\/wp-content\/uploads\/2018\/10\/Johaenntgen-Nicole_52.jpg?fit=1200%2C781&ssl=1&resize=525%2C300 1.5x, https:\/\/i0.wp.com\/www.jazzzeitung.de\/cms\/wp-content\/uploads\/2018\/10\/Johaenntgen-Nicole_52.jpg?fit=1200%2C781&ssl=1&resize=700%2C400 2x, https:\/\/i0.wp.com\/www.jazzzeitung.de\/cms\/wp-content\/uploads\/2018\/10\/Johaenntgen-Nicole_52.jpg?fit=1200%2C781&ssl=1&resize=1050%2C600 3x"},"classes":[]},{"id":3045,"url":"https:\/\/www.jazzzeitung.de\/cms\/2013\/11\/sofia-ein-foerderprogramm-fuer-junge-jazzmusikerinnen\/","url_meta":{"origin":27609,"position":5},"title":"SOFIA  \u2013 ein F\u00f6rderprogramm f\u00fcr junge Jazzmusikerinnen","author":"Redaktion JazzZeitung","date":"20. November 2013","format":false,"excerpt":"Sie ist hochbegabt, attraktiv und versteht gleich viel von Business und Vermarktung ihrer Talente wie von ihrer Musik. Die Rede ist von Nicole Joh\u00e4nntgen, der Initiatorin von SOFIA. SOFIA ist ein auf Nachhaltigkeit angelegtes Projekt zur F\u00f6rderung begabter Jazz Musikerinnen. Sechs junge Frauen werden aus der Schweiz, Frankreich und Deutschland\u2026","rel":"","context":"In &quot;News&quot;","block_context":{"text":"News","link":"https:\/\/www.jazzzeitung.de\/cms\/thema\/nachrichten\/"},"img":{"alt_text":"johanntgen","src":"https:\/\/i0.wp.com\/www.jazzzeitung.de\/cms\/wp-content\/uploads\/2013\/11\/johanntgen-150x150.jpg?resize=350%2C200","width":350,"height":200},"classes":[]}],"jetpack_sharing_enabled":true,"_links":{"self":[{"href":"https:\/\/www.jazzzeitung.de\/cms\/wp-json\/wp\/v2\/posts\/27609","targetHints":{"allow":["GET"]}}],"collection":[{"href":"https:\/\/www.jazzzeitung.de\/cms\/wp-json\/wp\/v2\/posts"}],"about":[{"href":"https:\/\/www.jazzzeitung.de\/cms\/wp-json\/wp\/v2\/types\/post"}],"author":[{"embeddable":true,"href":"https:\/\/www.jazzzeitung.de\/cms\/wp-json\/wp\/v2\/users\/18"}],"replies":[{"embeddable":true,"href":"https:\/\/www.jazzzeitung.de\/cms\/wp-json\/wp\/v2\/comments?post=27609"}],"version-history":[{"count":1,"href":"https:\/\/www.jazzzeitung.de\/cms\/wp-json\/wp\/v2\/posts\/27609\/revisions"}],"predecessor-version":[{"id":27613,"href":"https:\/\/www.jazzzeitung.de\/cms\/wp-json\/wp\/v2\/posts\/27609\/revisions\/27613"}],"wp:featuredmedia":[{"embeddable":true,"href":"https:\/\/www.jazzzeitung.de\/cms\/wp-json\/wp\/v2\/media\/27612"}],"wp:attachment":[{"href":"https:\/\/www.jazzzeitung.de\/cms\/wp-json\/wp\/v2\/media?parent=27609"}],"wp:term":[{"taxonomy":"category","embeddable":true,"href":"https:\/\/www.jazzzeitung.de\/cms\/wp-json\/wp\/v2\/categories?post=27609"},{"taxonomy":"post_tag","embeddable":true,"href":"https:\/\/www.jazzzeitung.de\/cms\/wp-json\/wp\/v2\/tags?post=27609"},{"taxonomy":"author","embeddable":true,"href":"https:\/\/www.jazzzeitung.de\/cms\/wp-json\/wp\/v2\/coauthors?post=27609"}],"curies":[{"name":"wp","href":"https:\/\/api.w.org\/{rel}","templated":true}]}}