{"id":27541,"date":"2022-06-15T07:59:50","date_gmt":"2022-06-15T05:59:50","guid":{"rendered":"https:\/\/www.jazzzeitung.de\/cms\/?p=27541"},"modified":"2022-06-15T14:53:05","modified_gmt":"2022-06-15T12:53:05","slug":"news-neuer-finalist-beim-bmw-welt-jazz-awardfinale-2022-das-marco-mezquida-trio","status":"publish","type":"post","link":"https:\/\/www.jazzzeitung.de\/cms\/2022\/06\/news-neuer-finalist-beim-bmw-welt-jazz-awardfinale-2022-das-marco-mezquida-trio\/","title":{"rendered":"+++ news +++ Neuer Finalist beim BMW Welt Jazz Award Finale 2022: das Marco Mezquida Trio +++"},"content":{"rendered":"<h4>&#8222;Anat Fort und Giovanni Guidi bestreiten das Finale&#8220; hie\u00df es Ende April noch an dieser Stelle. Obwohl jeder Teilnehmer des BMW Welt Awards mit seiner Teilnahme am Wettbewerb die Zusage gibt, im Fall einer positiven Juryentscheidung auch das Finale zu spielen, musste Giovanni Guidi kurzfristig absagen.<\/h4>\n<div class=\"article-info\">\n<p>F\u00fcr die Jury stellte dies kein Problem dar, denn unter den hochkar\u00e4tigen Mitwberbern war der Nachr\u00fccker schon ausgew\u00e4hlt gewesen: Das Marco Mezquida Trio freute sich auch \u00fcber die versp\u00e4tete Nominierung und sagte sofort zu.<strong>\u00a0<\/strong>Nach sechs spannenden Soireen geht der BMW Welt Jazz Award 2022 am <strong>9. Juli<\/strong> in die finale Runde. Dabei zeigen <strong>Anat Fort Trio<\/strong>\u00a0und das\u00a0<strong>Marco Mezquida Trio<\/strong>\u00a0 ihre Interpretation des diesj\u00e4hrigen Mottos \u201eKey Position\u201c im Auditorium der BMW Welt. Die Expertenjury verk\u00fcndet noch am Abend, wer die von BMW Design entworfene Troph\u00e4e mit nach Hause nehmen darf. Dem Preistr\u00e4ger winkt zus\u00e4tzlich eine Siegespr\u00e4mie von 10.000 Euro. Der Zweitplatzierte kann sich \u00fcber ein Preisgeld von 5.000 Euro freuen.<\/p>\n<\/div>\n<div class=\"tiled-gallery type-rectangular tiled-gallery-unresized\" data-original-width=\"840\" data-carousel-extra='{&quot;blog_id&quot;:1,&quot;permalink&quot;:&quot;https:\\\/\\\/www.jazzzeitung.de\\\/cms\\\/2022\\\/06\\\/news-neuer-finalist-beim-bmw-welt-jazz-awardfinale-2022-das-marco-mezquida-trio\\\/&quot;,&quot;likes_blog_id&quot;:55446655}' itemscope itemtype=\"http:\/\/schema.org\/ImageGallery\" > <div class=\"gallery-row\" style=\"width: 840px; height: 337px;\" data-original-width=\"840\" data-original-height=\"337\" > <div class=\"gallery-group images-1\" style=\"width: 503px; height: 337px;\" data-original-width=\"503\" data-original-height=\"337\" > <div class=\"tiled-gallery-item tiled-gallery-item-large\" itemprop=\"associatedMedia\" itemscope itemtype=\"http:\/\/schema.org\/ImageObject\"> <a href=\"https:\/\/www.jazzzeitung.de\/cms\/2022\/04\/die-pianistin-anat-fort-und-ihr-trio-beim-bmw-welt-jazz-award\/p1765588-fort-foto-tj-krebs\/\" border=\"0\" itemprop=\"url\"> <meta itemprop=\"width\" content=\"499\"> <meta itemprop=\"height\" content=\"333\"> <img decoding=\"async\" class=\"\" data-attachment-id=\"27071\" data-orig-file=\"https:\/\/www.jazzzeitung.de\/cms\/wp-content\/uploads\/2022\/04\/P1765588-Fort-Foto-TJ-Krebs.jpg\" data-orig-size=\"1200,800\" data-comments-opened=\"1\" data-image-meta=\"{&quot;aperture&quot;:&quot;0&quot;,&quot;credit&quot;:&quot;&quot;,&quot;camera&quot;:&quot;&quot;,&quot;caption&quot;:&quot;&quot;,&quot;created_timestamp&quot;:&quot;0&quot;,&quot;copyright&quot;:&quot;&quot;,&quot;focal_length&quot;:&quot;0&quot;,&quot;iso&quot;:&quot;0&quot;,&quot;shutter_speed&quot;:&quot;0&quot;,&quot;title&quot;:&quot;&quot;,&quot;orientation&quot;:&quot;0&quot;}\" data-image-title=\"\" data-image-description=\"\" data-medium-file=\"https:\/\/i0.wp.com\/www.jazzzeitung.de\/cms\/wp-content\/uploads\/2022\/04\/P1765588-Fort-Foto-TJ-Krebs.jpg?fit=300%2C200&#038;ssl=1\" data-large-file=\"https:\/\/i0.wp.com\/www.jazzzeitung.de\/cms\/wp-content\/uploads\/2022\/04\/P1765588-Fort-Foto-TJ-Krebs.jpg?fit=840%2C560&#038;ssl=1\" src=\"https:\/\/i0.wp.com\/www.jazzzeitung.de\/cms\/wp-content\/uploads\/2022\/04\/P1765588-Fort-Foto-TJ-Krebs.jpg?w=499&#038;h=333&#038;ssl=1\" srcset=\"https:\/\/i0.wp.com\/www.jazzzeitung.de\/cms\/wp-content\/uploads\/2022\/04\/P1765588-Fort-Foto-TJ-Krebs.jpg?w=1200&amp;ssl=1 1200w, https:\/\/i0.wp.com\/www.jazzzeitung.de\/cms\/wp-content\/uploads\/2022\/04\/P1765588-Fort-Foto-TJ-Krebs.jpg?resize=300%2C200&amp;ssl=1 300w, https:\/\/i0.wp.com\/www.jazzzeitung.de\/cms\/wp-content\/uploads\/2022\/04\/P1765588-Fort-Foto-TJ-Krebs.jpg?resize=900%2C600&amp;ssl=1 900w, https:\/\/i0.wp.com\/www.jazzzeitung.de\/cms\/wp-content\/uploads\/2022\/04\/P1765588-Fort-Foto-TJ-Krebs.jpg?resize=768%2C512&amp;ssl=1 768w, https:\/\/i0.wp.com\/www.jazzzeitung.de\/cms\/wp-content\/uploads\/2022\/04\/P1765588-Fort-Foto-TJ-Krebs.jpg?resize=120%2C80&amp;ssl=1 120w\" width=\"499\" height=\"333\" loading=\"lazy\" data-original-width=\"499\" data-original-height=\"333\" itemprop=\"http:\/\/schema.org\/image\" title=\"\" alt=\"Anat Fort. Foto: TJ Krebs\" style=\"width: 499px; height: 333px;\" \/> <\/a> <div class=\"tiled-gallery-caption\" itemprop=\"caption description\"> Anat Fort. Foto: TJ Krebs <\/div> <\/div> <\/div> <!-- close group --> <div class=\"gallery-group images-1\" style=\"width: 337px; height: 337px;\" data-original-width=\"337\" data-original-height=\"337\" > <div class=\"tiled-gallery-item tiled-gallery-item-large\" itemprop=\"associatedMedia\" itemscope itemtype=\"http:\/\/schema.org\/ImageObject\"> <a href=\"https:\/\/www.jazzzeitung.de\/cms\/2022\/04\/das-marco-mezquida-trio-beim-bmw-welt-jazz-award-2022-key-positions\/dsc07058\/\" border=\"0\" itemprop=\"url\"> <meta itemprop=\"width\" content=\"333\"> <meta itemprop=\"height\" content=\"333\"> <img decoding=\"async\" class=\"\" data-attachment-id=\"27157\" data-orig-file=\"https:\/\/www.jazzzeitung.de\/cms\/wp-content\/uploads\/2022\/04\/DSC07058-e1655128279945.jpg\" data-orig-size=\"1280,1280\" data-comments-opened=\"1\" data-image-meta=\"{&quot;aperture&quot;:&quot;5&quot;,&quot;credit&quot;:&quot;&quot;,&quot;camera&quot;:&quot;ILCE-7M3&quot;,&quot;caption&quot;:&quot;Marco Mezquida (p), Martin Melendez (vcl), Aleix Tobias (dr), BMW Welt Jazz Award, BMW Welt, Photo (c) Ralf Dombrowski&quot;,&quot;created_timestamp&quot;:&quot;1650394501&quot;,&quot;copyright&quot;:&quot;&quot;,&quot;focal_length&quot;:&quot;120&quot;,&quot;iso&quot;:&quot;2000&quot;,&quot;shutter_speed&quot;:&quot;0.005&quot;,&quot;title&quot;:&quot;&quot;,&quot;orientation&quot;:&quot;1&quot;}\" data-image-title=\"DSC07058\" data-image-description=\"\" data-medium-file=\"https:\/\/i0.wp.com\/www.jazzzeitung.de\/cms\/wp-content\/uploads\/2022\/04\/DSC07058-e1655128279945.jpg?fit=300%2C300&#038;ssl=1\" data-large-file=\"https:\/\/i0.wp.com\/www.jazzzeitung.de\/cms\/wp-content\/uploads\/2022\/04\/DSC07058-e1655128279945.jpg?fit=600%2C600&#038;ssl=1\" src=\"https:\/\/i0.wp.com\/www.jazzzeitung.de\/cms\/wp-content\/uploads\/2022\/04\/DSC07058-e1655128279945.jpg?w=333&#038;h=333&#038;crop=1&#038;ssl=1\" srcset=\"https:\/\/i0.wp.com\/www.jazzzeitung.de\/cms\/wp-content\/uploads\/2022\/04\/DSC07058-e1655128279945.jpg?w=1280&amp;ssl=1 1280w, https:\/\/i0.wp.com\/www.jazzzeitung.de\/cms\/wp-content\/uploads\/2022\/04\/DSC07058-e1655128279945.jpg?resize=300%2C300&amp;ssl=1 300w, https:\/\/i0.wp.com\/www.jazzzeitung.de\/cms\/wp-content\/uploads\/2022\/04\/DSC07058-e1655128279945.jpg?resize=600%2C600&amp;ssl=1 600w, https:\/\/i0.wp.com\/www.jazzzeitung.de\/cms\/wp-content\/uploads\/2022\/04\/DSC07058-e1655128279945.jpg?resize=150%2C150&amp;ssl=1 150w, https:\/\/i0.wp.com\/www.jazzzeitung.de\/cms\/wp-content\/uploads\/2022\/04\/DSC07058-e1655128279945.jpg?resize=768%2C768&amp;ssl=1 768w\" width=\"333\" height=\"333\" loading=\"lazy\" data-original-width=\"333\" data-original-height=\"333\" itemprop=\"http:\/\/schema.org\/image\" title=\"DSC07058\" alt=\"Marco Mezquida. Foto: Ralf Dombrowski\" style=\"width: 333px; height: 333px;\" \/> <\/a> <div class=\"tiled-gallery-caption\" itemprop=\"caption description\"> Marco Mezquida. Foto: Ralf Dombrowski <\/div> <\/div> <\/div> <!-- close group --> <\/div> <!-- close row --> <\/div>\n","protected":false},"excerpt":{"rendered":"<p>&#8222;Anat Fort und Giovanni Guidi bestreiten das Finale&#8220; hie\u00df es Ende April noch an dieser Stelle. Obwohl jeder Teilnehmer des BMW Welt Awards mit seiner Teilnahme am Wettbewerb die Zusage gibt, im Fall einer positiven Juryentscheidung auch das Finale zu spielen, musste Giovanni Guidi kurzfristig absagen. F\u00fcr die Jury stellte dies kein Problem dar, denn unter den hochkar\u00e4tigen Mitwberbern war der Nachr\u00fccker schon ausgew\u00e4hlt gewesen: Das Marco Mezquida Trio freute sich auch \u00fcber die versp\u00e4tete Nominierung und sagte sofort zu.\u00a0Nach sechs spannenden Soireen geht der BMW Welt Jazz Award 2022 am 9. Juli in die finale Runde. Dabei zeigen Anat Fort Trio\u00a0und das\u00a0Marco Mezquida Trio\u00a0 ihre Interpretation des diesj\u00e4hrigen Mottos \u201eKey Position\u201c im Auditorium der BMW Welt. Die Expertenjury verk\u00fcndet noch am Abend, wer die von BMW Design entworfene Troph\u00e4e mit nach Hause nehmen darf. Dem Preistr\u00e4ger winkt zus\u00e4tzlich eine Siegespr\u00e4mie von 10.000 Euro. Der Zweitplatzierte kann sich \u00fcber ein Preisgeld von 5.000 Euro freuen.<\/p>\n","protected":false},"author":18,"featured_media":26651,"comment_status":"open","ping_status":"closed","sticky":false,"template":"","format":"standard","meta":{"_jetpack_memberships_contains_paid_content":false,"footnotes":"","jetpack_publicize_message":"","jetpack_publicize_feature_enabled":true,"jetpack_social_post_already_shared":false,"jetpack_social_options":{"image_generator_settings":{"template":"highway","default_image_id":0,"font":"","enabled":false},"version":2}},"categories":[633],"tags":[4023,3998,2417],"coauthors":[695],"class_list":["post-27541","post","type-post","status-publish","format-standard","has-post-thumbnail","hentry","category-nachrichten","tag-anat-fort","tag-bmw-welt-jazz-award-2022","tag-marco-mezquida"],"yoast_head":"<!-- This site is optimized with the Yoast SEO plugin v27.5 - https:\/\/yoast.com\/product\/yoast-seo-wordpress\/ -->\n<title>+++ news +++ Neuer Finalist beim BMW Welt Jazz Award Finale 2022: das Marco Mezquida Trio +++ - JazzZeitung<\/title>\n<meta name=\"robots\" content=\"index, follow, max-snippet:-1, max-image-preview:large, max-video-preview:-1\" \/>\n<link rel=\"canonical\" href=\"https:\/\/www.jazzzeitung.de\/cms\/2022\/06\/news-neuer-finalist-beim-bmw-welt-jazz-awardfinale-2022-das-marco-mezquida-trio\/\" \/>\n<meta property=\"og:locale\" content=\"de_DE\" \/>\n<meta property=\"og:type\" content=\"article\" \/>\n<meta property=\"og:title\" content=\"+++ news +++ Neuer Finalist beim BMW Welt Jazz Award Finale 2022: das Marco Mezquida Trio +++ - JazzZeitung\" \/>\n<meta property=\"og:description\" content=\"&#8222;Anat Fort und Giovanni Guidi bestreiten das Finale&#8220; hie\u00df es Ende April noch an dieser Stelle. Obwohl jeder Teilnehmer des BMW Welt Awards mit seiner Teilnahme am Wettbewerb die Zusage gibt, im Fall einer positiven Juryentscheidung auch das Finale zu spielen, musste Giovanni Guidi kurzfristig absagen. F\u00fcr die Jury stellte dies kein Problem dar, denn unter den hochkar\u00e4tigen Mitwberbern war der Nachr\u00fccker schon ausgew\u00e4hlt gewesen: Das Marco Mezquida Trio freute sich auch \u00fcber die versp\u00e4tete Nominierung und sagte sofort zu.\u00a0Nach sechs spannenden Soireen geht der BMW Welt Jazz Award 2022 am 9. Juli in die finale Runde. Dabei zeigen Anat Fort Trio\u00a0und das\u00a0Marco Mezquida Trio\u00a0 ihre Interpretation des diesj\u00e4hrigen Mottos \u201eKey Position\u201c im Auditorium der BMW Welt. Die Expertenjury verk\u00fcndet noch am Abend, wer die von BMW Design entworfene Troph\u00e4e mit nach Hause nehmen darf. Dem Preistr\u00e4ger winkt zus\u00e4tzlich eine Siegespr\u00e4mie von 10.000 Euro. Der Zweitplatzierte kann sich \u00fcber ein Preisgeld von 5.000 Euro freuen.\" \/>\n<meta property=\"og:url\" content=\"https:\/\/www.jazzzeitung.de\/cms\/2022\/06\/news-neuer-finalist-beim-bmw-welt-jazz-awardfinale-2022-das-marco-mezquida-trio\/\" \/>\n<meta property=\"og:site_name\" content=\"JazzZeitung\" \/>\n<meta property=\"article:publisher\" content=\"https:\/\/www.facebook.com\/JazzZeitung\/\" \/>\n<meta property=\"article:published_time\" content=\"2022-06-15T05:59:50+00:00\" \/>\n<meta property=\"article:modified_time\" content=\"2022-06-15T12:53:05+00:00\" \/>\n<meta property=\"og:image\" content=\"https:\/\/www.jazzzeitung.de\/cms\/wp-content\/uploads\/2022\/01\/P90449764_highRes_bmw-welt-jazz-award--scaled.jpg\" \/>\n\t<meta property=\"og:image:width\" content=\"2560\" \/>\n\t<meta property=\"og:image:height\" content=\"1707\" \/>\n\t<meta property=\"og:image:type\" content=\"image\/jpeg\" \/>\n<meta name=\"author\" content=\"Redaktion JazzZeitung\" \/>\n<script type=\"application\/ld+json\" class=\"yoast-schema-graph\">{\"@context\":\"https:\\\/\\\/schema.org\",\"@graph\":[{\"@type\":\"Article\",\"@id\":\"https:\\\/\\\/www.jazzzeitung.de\\\/cms\\\/2022\\\/06\\\/news-neuer-finalist-beim-bmw-welt-jazz-awardfinale-2022-das-marco-mezquida-trio\\\/#article\",\"isPartOf\":{\"@id\":\"https:\\\/\\\/www.jazzzeitung.de\\\/cms\\\/2022\\\/06\\\/news-neuer-finalist-beim-bmw-welt-jazz-awardfinale-2022-das-marco-mezquida-trio\\\/\"},\"author\":{\"name\":\"Redaktion JazzZeitung\",\"@id\":\"https:\\\/\\\/www.jazzzeitung.de\\\/cms\\\/#\\\/schema\\\/person\\\/2245b36b9cd1d24cea10f01c031fb92b\"},\"headline\":\"+++ news +++ Neuer Finalist beim BMW Welt Jazz Award Finale 2022: das Marco Mezquida Trio +++\",\"datePublished\":\"2022-06-15T05:59:50+00:00\",\"dateModified\":\"2022-06-15T12:53:05+00:00\",\"mainEntityOfPage\":{\"@id\":\"https:\\\/\\\/www.jazzzeitung.de\\\/cms\\\/2022\\\/06\\\/news-neuer-finalist-beim-bmw-welt-jazz-awardfinale-2022-das-marco-mezquida-trio\\\/\"},\"wordCount\":182,\"commentCount\":0,\"publisher\":{\"@id\":\"https:\\\/\\\/www.jazzzeitung.de\\\/cms\\\/#organization\"},\"image\":{\"@id\":\"https:\\\/\\\/www.jazzzeitung.de\\\/cms\\\/2022\\\/06\\\/news-neuer-finalist-beim-bmw-welt-jazz-awardfinale-2022-das-marco-mezquida-trio\\\/#primaryimage\"},\"thumbnailUrl\":\"https:\\\/\\\/i0.wp.com\\\/www.jazzzeitung.de\\\/cms\\\/wp-content\\\/uploads\\\/2022\\\/01\\\/P90449764_highRes_bmw-welt-jazz-award--scaled.jpg?fit=2560%2C1707&ssl=1\",\"keywords\":[\"Anat Fort\",\"BMW Welt Jazz Award 2022\",\"Marco Mezquida\"],\"articleSection\":[\"News\"],\"inLanguage\":\"de\",\"potentialAction\":[{\"@type\":\"CommentAction\",\"name\":\"Comment\",\"target\":[\"https:\\\/\\\/www.jazzzeitung.de\\\/cms\\\/2022\\\/06\\\/news-neuer-finalist-beim-bmw-welt-jazz-awardfinale-2022-das-marco-mezquida-trio\\\/#respond\"]}]},{\"@type\":\"WebPage\",\"@id\":\"https:\\\/\\\/www.jazzzeitung.de\\\/cms\\\/2022\\\/06\\\/news-neuer-finalist-beim-bmw-welt-jazz-awardfinale-2022-das-marco-mezquida-trio\\\/\",\"url\":\"https:\\\/\\\/www.jazzzeitung.de\\\/cms\\\/2022\\\/06\\\/news-neuer-finalist-beim-bmw-welt-jazz-awardfinale-2022-das-marco-mezquida-trio\\\/\",\"name\":\"+++ news +++ Neuer Finalist beim BMW Welt Jazz Award Finale 2022: das Marco Mezquida Trio +++ - JazzZeitung\",\"isPartOf\":{\"@id\":\"https:\\\/\\\/www.jazzzeitung.de\\\/cms\\\/#website\"},\"primaryImageOfPage\":{\"@id\":\"https:\\\/\\\/www.jazzzeitung.de\\\/cms\\\/2022\\\/06\\\/news-neuer-finalist-beim-bmw-welt-jazz-awardfinale-2022-das-marco-mezquida-trio\\\/#primaryimage\"},\"image\":{\"@id\":\"https:\\\/\\\/www.jazzzeitung.de\\\/cms\\\/2022\\\/06\\\/news-neuer-finalist-beim-bmw-welt-jazz-awardfinale-2022-das-marco-mezquida-trio\\\/#primaryimage\"},\"thumbnailUrl\":\"https:\\\/\\\/i0.wp.com\\\/www.jazzzeitung.de\\\/cms\\\/wp-content\\\/uploads\\\/2022\\\/01\\\/P90449764_highRes_bmw-welt-jazz-award--scaled.jpg?fit=2560%2C1707&ssl=1\",\"datePublished\":\"2022-06-15T05:59:50+00:00\",\"dateModified\":\"2022-06-15T12:53:05+00:00\",\"breadcrumb\":{\"@id\":\"https:\\\/\\\/www.jazzzeitung.de\\\/cms\\\/2022\\\/06\\\/news-neuer-finalist-beim-bmw-welt-jazz-awardfinale-2022-das-marco-mezquida-trio\\\/#breadcrumb\"},\"inLanguage\":\"de\",\"potentialAction\":[{\"@type\":\"ReadAction\",\"target\":[\"https:\\\/\\\/www.jazzzeitung.de\\\/cms\\\/2022\\\/06\\\/news-neuer-finalist-beim-bmw-welt-jazz-awardfinale-2022-das-marco-mezquida-trio\\\/\"]}]},{\"@type\":\"ImageObject\",\"inLanguage\":\"de\",\"@id\":\"https:\\\/\\\/www.jazzzeitung.de\\\/cms\\\/2022\\\/06\\\/news-neuer-finalist-beim-bmw-welt-jazz-awardfinale-2022-das-marco-mezquida-trio\\\/#primaryimage\",\"url\":\"https:\\\/\\\/i0.wp.com\\\/www.jazzzeitung.de\\\/cms\\\/wp-content\\\/uploads\\\/2022\\\/01\\\/P90449764_highRes_bmw-welt-jazz-award--scaled.jpg?fit=2560%2C1707&ssl=1\",\"contentUrl\":\"https:\\\/\\\/i0.wp.com\\\/www.jazzzeitung.de\\\/cms\\\/wp-content\\\/uploads\\\/2022\\\/01\\\/P90449764_highRes_bmw-welt-jazz-award--scaled.jpg?fit=2560%2C1707&ssl=1\",\"width\":2560,\"height\":1707,\"caption\":\"Marco Mezquida Trio. Foto: Mireia Miralles\"},{\"@type\":\"BreadcrumbList\",\"@id\":\"https:\\\/\\\/www.jazzzeitung.de\\\/cms\\\/2022\\\/06\\\/news-neuer-finalist-beim-bmw-welt-jazz-awardfinale-2022-das-marco-mezquida-trio\\\/#breadcrumb\",\"itemListElement\":[{\"@type\":\"ListItem\",\"position\":1,\"name\":\"Startseite\",\"item\":\"https:\\\/\\\/www.jazzzeitung.de\\\/cms\\\/\"},{\"@type\":\"ListItem\",\"position\":2,\"name\":\"+++ news +++ Neuer Finalist beim BMW Welt Jazz Award Finale 2022: das Marco Mezquida Trio +++\"}]},{\"@type\":\"WebSite\",\"@id\":\"https:\\\/\\\/www.jazzzeitung.de\\\/cms\\\/#website\",\"url\":\"https:\\\/\\\/www.jazzzeitung.de\\\/cms\\\/\",\"name\":\"JazzZeitung\",\"description\":\"Jazz-News und Jazz-Kontroverses\",\"publisher\":{\"@id\":\"https:\\\/\\\/www.jazzzeitung.de\\\/cms\\\/#organization\"},\"potentialAction\":[{\"@type\":\"SearchAction\",\"target\":{\"@type\":\"EntryPoint\",\"urlTemplate\":\"https:\\\/\\\/www.jazzzeitung.de\\\/cms\\\/?s={search_term_string}\"},\"query-input\":{\"@type\":\"PropertyValueSpecification\",\"valueRequired\":true,\"valueName\":\"search_term_string\"}}],\"inLanguage\":\"de\"},{\"@type\":\"Organization\",\"@id\":\"https:\\\/\\\/www.jazzzeitung.de\\\/cms\\\/#organization\",\"name\":\"JazzZeitung online\",\"url\":\"https:\\\/\\\/www.jazzzeitung.de\\\/cms\\\/\",\"logo\":{\"@type\":\"ImageObject\",\"inLanguage\":\"de\",\"@id\":\"https:\\\/\\\/www.jazzzeitung.de\\\/cms\\\/#\\\/schema\\\/logo\\\/image\\\/\",\"url\":\"https:\\\/\\\/i0.wp.com\\\/www.jazzzeitung.de\\\/cms\\\/wp-content\\\/uploads\\\/2015\\\/08\\\/JAZZZEITUNGDE_Logo_Neu.png?fit=499%2C200&ssl=1\",\"contentUrl\":\"https:\\\/\\\/i0.wp.com\\\/www.jazzzeitung.de\\\/cms\\\/wp-content\\\/uploads\\\/2015\\\/08\\\/JAZZZEITUNGDE_Logo_Neu.png?fit=499%2C200&ssl=1\",\"width\":499,\"height\":200,\"caption\":\"JazzZeitung online\"},\"image\":{\"@id\":\"https:\\\/\\\/www.jazzzeitung.de\\\/cms\\\/#\\\/schema\\\/logo\\\/image\\\/\"},\"sameAs\":[\"https:\\\/\\\/www.facebook.com\\\/JazzZeitung\\\/\"]},{\"@type\":\"Person\",\"@id\":\"https:\\\/\\\/www.jazzzeitung.de\\\/cms\\\/#\\\/schema\\\/person\\\/2245b36b9cd1d24cea10f01c031fb92b\",\"name\":\"Redaktion JazzZeitung\",\"image\":{\"@type\":\"ImageObject\",\"inLanguage\":\"de\",\"@id\":\"https:\\\/\\\/i0.wp.com\\\/www.jazzzeitung.de\\\/cms\\\/wp-content\\\/uploads\\\/2015\\\/08\\\/JAZZZEITUNGDE_Logo_Neu.png?resize=96%2C96&ssl=159975dcacb611b5700bd619b5daf0a7a\",\"url\":\"https:\\\/\\\/i0.wp.com\\\/www.jazzzeitung.de\\\/cms\\\/wp-content\\\/uploads\\\/2015\\\/08\\\/JAZZZEITUNGDE_Logo_Neu.png?resize=96%2C96&ssl=1\",\"contentUrl\":\"https:\\\/\\\/i0.wp.com\\\/www.jazzzeitung.de\\\/cms\\\/wp-content\\\/uploads\\\/2015\\\/08\\\/JAZZZEITUNGDE_Logo_Neu.png?resize=96%2C96&ssl=1\",\"caption\":\"Redaktion JazzZeitung\"},\"description\":\"Artikel der Redaktion der JazzZeitung.\",\"sameAs\":[\"http:\\\/\\\/www.jazzzeitung.de\\\/cms\\\/\"],\"url\":\"https:\\\/\\\/www.jazzzeitung.de\\\/cms\\\/author\\\/redaktion\\\/\"}]}<\/script>\n<!-- \/ Yoast SEO plugin. -->","yoast_head_json":{"title":"+++ news +++ Neuer Finalist beim BMW Welt Jazz Award Finale 2022: das Marco Mezquida Trio +++ - JazzZeitung","robots":{"index":"index","follow":"follow","max-snippet":"max-snippet:-1","max-image-preview":"max-image-preview:large","max-video-preview":"max-video-preview:-1"},"canonical":"https:\/\/www.jazzzeitung.de\/cms\/2022\/06\/news-neuer-finalist-beim-bmw-welt-jazz-awardfinale-2022-das-marco-mezquida-trio\/","og_locale":"de_DE","og_type":"article","og_title":"+++ news +++ Neuer Finalist beim BMW Welt Jazz Award Finale 2022: das Marco Mezquida Trio +++ - JazzZeitung","og_description":"&#8222;Anat Fort und Giovanni Guidi bestreiten das Finale&#8220; hie\u00df es Ende April noch an dieser Stelle. Obwohl jeder Teilnehmer des BMW Welt Awards mit seiner Teilnahme am Wettbewerb die Zusage gibt, im Fall einer positiven Juryentscheidung auch das Finale zu spielen, musste Giovanni Guidi kurzfristig absagen. F\u00fcr die Jury stellte dies kein Problem dar, denn unter den hochkar\u00e4tigen Mitwberbern war der Nachr\u00fccker schon ausgew\u00e4hlt gewesen: Das Marco Mezquida Trio freute sich auch \u00fcber die versp\u00e4tete Nominierung und sagte sofort zu.\u00a0Nach sechs spannenden Soireen geht der BMW Welt Jazz Award 2022 am 9. Juli in die finale Runde. Dabei zeigen Anat Fort Trio\u00a0und das\u00a0Marco Mezquida Trio\u00a0 ihre Interpretation des diesj\u00e4hrigen Mottos \u201eKey Position\u201c im Auditorium der BMW Welt. Die Expertenjury verk\u00fcndet noch am Abend, wer die von BMW Design entworfene Troph\u00e4e mit nach Hause nehmen darf. Dem Preistr\u00e4ger winkt zus\u00e4tzlich eine Siegespr\u00e4mie von 10.000 Euro. Der Zweitplatzierte kann sich \u00fcber ein Preisgeld von 5.000 Euro freuen.","og_url":"https:\/\/www.jazzzeitung.de\/cms\/2022\/06\/news-neuer-finalist-beim-bmw-welt-jazz-awardfinale-2022-das-marco-mezquida-trio\/","og_site_name":"JazzZeitung","article_publisher":"https:\/\/www.facebook.com\/JazzZeitung\/","article_published_time":"2022-06-15T05:59:50+00:00","article_modified_time":"2022-06-15T12:53:05+00:00","og_image":[{"width":2560,"height":1707,"url":"https:\/\/www.jazzzeitung.de\/cms\/wp-content\/uploads\/2022\/01\/P90449764_highRes_bmw-welt-jazz-award--scaled.jpg","type":"image\/jpeg"}],"author":"Redaktion JazzZeitung","schema":{"@context":"https:\/\/schema.org","@graph":[{"@type":"Article","@id":"https:\/\/www.jazzzeitung.de\/cms\/2022\/06\/news-neuer-finalist-beim-bmw-welt-jazz-awardfinale-2022-das-marco-mezquida-trio\/#article","isPartOf":{"@id":"https:\/\/www.jazzzeitung.de\/cms\/2022\/06\/news-neuer-finalist-beim-bmw-welt-jazz-awardfinale-2022-das-marco-mezquida-trio\/"},"author":{"name":"Redaktion JazzZeitung","@id":"https:\/\/www.jazzzeitung.de\/cms\/#\/schema\/person\/2245b36b9cd1d24cea10f01c031fb92b"},"headline":"+++ news +++ Neuer Finalist beim BMW Welt Jazz Award Finale 2022: das Marco Mezquida Trio +++","datePublished":"2022-06-15T05:59:50+00:00","dateModified":"2022-06-15T12:53:05+00:00","mainEntityOfPage":{"@id":"https:\/\/www.jazzzeitung.de\/cms\/2022\/06\/news-neuer-finalist-beim-bmw-welt-jazz-awardfinale-2022-das-marco-mezquida-trio\/"},"wordCount":182,"commentCount":0,"publisher":{"@id":"https:\/\/www.jazzzeitung.de\/cms\/#organization"},"image":{"@id":"https:\/\/www.jazzzeitung.de\/cms\/2022\/06\/news-neuer-finalist-beim-bmw-welt-jazz-awardfinale-2022-das-marco-mezquida-trio\/#primaryimage"},"thumbnailUrl":"https:\/\/i0.wp.com\/www.jazzzeitung.de\/cms\/wp-content\/uploads\/2022\/01\/P90449764_highRes_bmw-welt-jazz-award--scaled.jpg?fit=2560%2C1707&ssl=1","keywords":["Anat Fort","BMW Welt Jazz Award 2022","Marco Mezquida"],"articleSection":["News"],"inLanguage":"de","potentialAction":[{"@type":"CommentAction","name":"Comment","target":["https:\/\/www.jazzzeitung.de\/cms\/2022\/06\/news-neuer-finalist-beim-bmw-welt-jazz-awardfinale-2022-das-marco-mezquida-trio\/#respond"]}]},{"@type":"WebPage","@id":"https:\/\/www.jazzzeitung.de\/cms\/2022\/06\/news-neuer-finalist-beim-bmw-welt-jazz-awardfinale-2022-das-marco-mezquida-trio\/","url":"https:\/\/www.jazzzeitung.de\/cms\/2022\/06\/news-neuer-finalist-beim-bmw-welt-jazz-awardfinale-2022-das-marco-mezquida-trio\/","name":"+++ news +++ Neuer Finalist beim BMW Welt Jazz Award Finale 2022: das Marco Mezquida Trio +++ - JazzZeitung","isPartOf":{"@id":"https:\/\/www.jazzzeitung.de\/cms\/#website"},"primaryImageOfPage":{"@id":"https:\/\/www.jazzzeitung.de\/cms\/2022\/06\/news-neuer-finalist-beim-bmw-welt-jazz-awardfinale-2022-das-marco-mezquida-trio\/#primaryimage"},"image":{"@id":"https:\/\/www.jazzzeitung.de\/cms\/2022\/06\/news-neuer-finalist-beim-bmw-welt-jazz-awardfinale-2022-das-marco-mezquida-trio\/#primaryimage"},"thumbnailUrl":"https:\/\/i0.wp.com\/www.jazzzeitung.de\/cms\/wp-content\/uploads\/2022\/01\/P90449764_highRes_bmw-welt-jazz-award--scaled.jpg?fit=2560%2C1707&ssl=1","datePublished":"2022-06-15T05:59:50+00:00","dateModified":"2022-06-15T12:53:05+00:00","breadcrumb":{"@id":"https:\/\/www.jazzzeitung.de\/cms\/2022\/06\/news-neuer-finalist-beim-bmw-welt-jazz-awardfinale-2022-das-marco-mezquida-trio\/#breadcrumb"},"inLanguage":"de","potentialAction":[{"@type":"ReadAction","target":["https:\/\/www.jazzzeitung.de\/cms\/2022\/06\/news-neuer-finalist-beim-bmw-welt-jazz-awardfinale-2022-das-marco-mezquida-trio\/"]}]},{"@type":"ImageObject","inLanguage":"de","@id":"https:\/\/www.jazzzeitung.de\/cms\/2022\/06\/news-neuer-finalist-beim-bmw-welt-jazz-awardfinale-2022-das-marco-mezquida-trio\/#primaryimage","url":"https:\/\/i0.wp.com\/www.jazzzeitung.de\/cms\/wp-content\/uploads\/2022\/01\/P90449764_highRes_bmw-welt-jazz-award--scaled.jpg?fit=2560%2C1707&ssl=1","contentUrl":"https:\/\/i0.wp.com\/www.jazzzeitung.de\/cms\/wp-content\/uploads\/2022\/01\/P90449764_highRes_bmw-welt-jazz-award--scaled.jpg?fit=2560%2C1707&ssl=1","width":2560,"height":1707,"caption":"Marco Mezquida Trio. Foto: Mireia Miralles"},{"@type":"BreadcrumbList","@id":"https:\/\/www.jazzzeitung.de\/cms\/2022\/06\/news-neuer-finalist-beim-bmw-welt-jazz-awardfinale-2022-das-marco-mezquida-trio\/#breadcrumb","itemListElement":[{"@type":"ListItem","position":1,"name":"Startseite","item":"https:\/\/www.jazzzeitung.de\/cms\/"},{"@type":"ListItem","position":2,"name":"+++ news +++ Neuer Finalist beim BMW Welt Jazz Award Finale 2022: das Marco Mezquida Trio +++"}]},{"@type":"WebSite","@id":"https:\/\/www.jazzzeitung.de\/cms\/#website","url":"https:\/\/www.jazzzeitung.de\/cms\/","name":"JazzZeitung","description":"Jazz-News und Jazz-Kontroverses","publisher":{"@id":"https:\/\/www.jazzzeitung.de\/cms\/#organization"},"potentialAction":[{"@type":"SearchAction","target":{"@type":"EntryPoint","urlTemplate":"https:\/\/www.jazzzeitung.de\/cms\/?s={search_term_string}"},"query-input":{"@type":"PropertyValueSpecification","valueRequired":true,"valueName":"search_term_string"}}],"inLanguage":"de"},{"@type":"Organization","@id":"https:\/\/www.jazzzeitung.de\/cms\/#organization","name":"JazzZeitung online","url":"https:\/\/www.jazzzeitung.de\/cms\/","logo":{"@type":"ImageObject","inLanguage":"de","@id":"https:\/\/www.jazzzeitung.de\/cms\/#\/schema\/logo\/image\/","url":"https:\/\/i0.wp.com\/www.jazzzeitung.de\/cms\/wp-content\/uploads\/2015\/08\/JAZZZEITUNGDE_Logo_Neu.png?fit=499%2C200&ssl=1","contentUrl":"https:\/\/i0.wp.com\/www.jazzzeitung.de\/cms\/wp-content\/uploads\/2015\/08\/JAZZZEITUNGDE_Logo_Neu.png?fit=499%2C200&ssl=1","width":499,"height":200,"caption":"JazzZeitung online"},"image":{"@id":"https:\/\/www.jazzzeitung.de\/cms\/#\/schema\/logo\/image\/"},"sameAs":["https:\/\/www.facebook.com\/JazzZeitung\/"]},{"@type":"Person","@id":"https:\/\/www.jazzzeitung.de\/cms\/#\/schema\/person\/2245b36b9cd1d24cea10f01c031fb92b","name":"Redaktion JazzZeitung","image":{"@type":"ImageObject","inLanguage":"de","@id":"https:\/\/i0.wp.com\/www.jazzzeitung.de\/cms\/wp-content\/uploads\/2015\/08\/JAZZZEITUNGDE_Logo_Neu.png?resize=96%2C96&ssl=159975dcacb611b5700bd619b5daf0a7a","url":"https:\/\/i0.wp.com\/www.jazzzeitung.de\/cms\/wp-content\/uploads\/2015\/08\/JAZZZEITUNGDE_Logo_Neu.png?resize=96%2C96&ssl=1","contentUrl":"https:\/\/i0.wp.com\/www.jazzzeitung.de\/cms\/wp-content\/uploads\/2015\/08\/JAZZZEITUNGDE_Logo_Neu.png?resize=96%2C96&ssl=1","caption":"Redaktion JazzZeitung"},"description":"Artikel der Redaktion der JazzZeitung.","sameAs":["http:\/\/www.jazzzeitung.de\/cms\/"],"url":"https:\/\/www.jazzzeitung.de\/cms\/author\/redaktion\/"}]}},"wp-worthy-pixel":{"ignored":false,"public":null,"server":null,"url":null},"wp-worthy-type":"normal","jetpack_publicize_connections":[],"cc_featured_image_caption":{"caption_text":"","source_text":"","source_url":""},"jetpack_featured_media_url":"https:\/\/i0.wp.com\/www.jazzzeitung.de\/cms\/wp-content\/uploads\/2022\/01\/P90449764_highRes_bmw-welt-jazz-award--scaled.jpg?fit=2560%2C1707&ssl=1","jetpack_shortlink":"https:\/\/wp.me\/p3KEcT-7ad","jetpack-related-posts":[{"id":27751,"url":"https:\/\/www.jazzzeitung.de\/cms\/2022\/07\/marco-mezquida-trio-gewinnt-bmw-welt-jazz-award-2022\/","url_meta":{"origin":27541,"position":0},"title":"Marco Mezquida Trio gewinnt BMW Welt Jazz Award 2022","author":"Redaktion JazzZeitung","date":"11. Juli 2022","format":false,"excerpt":"M\u00fcnchen. Beim Finale des BMW Welt Jazz Award 2022 am vergangenen Samstag konnte das Marco Mezquida Trio die Experten-Jury von sich \u00fcberzeugen. Zusammen mit Aleix Tobias am Schlagzeug und Mart\u00edn Mel\u00e9ndez am Cello setzte sich der Pianist Marco Mezquida am Samstagabend beim Finale im Auditorium der BMW Welt gegen das\u2026","rel":"","context":"In &quot;News&quot;","block_context":{"text":"News","link":"https:\/\/www.jazzzeitung.de\/cms\/thema\/nachrichten\/"},"img":{"alt_text":"","src":"https:\/\/i0.wp.com\/www.jazzzeitung.de\/cms\/wp-content\/uploads\/2022\/07\/P1957019-Mezquida-Foto-TJ-Krebs.jpg?fit=1200%2C822&ssl=1&resize=350%2C200","width":350,"height":200,"srcset":"https:\/\/i0.wp.com\/www.jazzzeitung.de\/cms\/wp-content\/uploads\/2022\/07\/P1957019-Mezquida-Foto-TJ-Krebs.jpg?fit=1200%2C822&ssl=1&resize=350%2C200 1x, https:\/\/i0.wp.com\/www.jazzzeitung.de\/cms\/wp-content\/uploads\/2022\/07\/P1957019-Mezquida-Foto-TJ-Krebs.jpg?fit=1200%2C822&ssl=1&resize=525%2C300 1.5x, https:\/\/i0.wp.com\/www.jazzzeitung.de\/cms\/wp-content\/uploads\/2022\/07\/P1957019-Mezquida-Foto-TJ-Krebs.jpg?fit=1200%2C822&ssl=1&resize=700%2C400 2x, https:\/\/i0.wp.com\/www.jazzzeitung.de\/cms\/wp-content\/uploads\/2022\/07\/P1957019-Mezquida-Foto-TJ-Krebs.jpg?fit=1200%2C822&ssl=1&resize=1050%2C600 3x"},"classes":[]},{"id":27206,"url":"https:\/\/www.jazzzeitung.de\/cms\/2022\/04\/britischer-pianist-ashly-henry-mit-erweiterem-trio-beim-bmw-welt-jazz-award-2022anat-fort-und-giovanni-guidi-bestreiten-das-finale\/","url_meta":{"origin":27541,"position":1},"title":"+++Britischer Pianist Ashly Henry mit erweitertem Trio beim BMW Welt Jazz Award 2022+++Anat Fort und Giovanni Guidi bestreiten das Finale im Juli+++","author":"Redaktion JazzZeitung","date":"28. April 2022","format":false,"excerpt":"Das sechste Konzert des BMW Welt Jazz Award 2022 spielte vorgestern der Pianist Ashley Henry mit seinem Ensemble. Die letzte Soiree der Competition bestritt damit der j\u00fcngste Teilnehmer vor vollem Haus. Der 30-j\u00e4hrige Londoner Pianist schloss erst 2016 sein Studium an der Royal Academy of Music ab. Freilich eilte ihm\u2026","rel":"","context":"In &quot;Galerie&quot;","block_context":{"text":"Galerie","link":"https:\/\/www.jazzzeitung.de\/cms\/thema\/galerie\/"},"img":{"alt_text":"","src":"https:\/\/i0.wp.com\/www.jazzzeitung.de\/cms\/wp-content\/uploads\/2022\/04\/P1809161-Ashley-Henry-Quartett-Foto-TJ-Krebs.jpg?fit=1200%2C800&ssl=1&resize=350%2C200","width":350,"height":200,"srcset":"https:\/\/i0.wp.com\/www.jazzzeitung.de\/cms\/wp-content\/uploads\/2022\/04\/P1809161-Ashley-Henry-Quartett-Foto-TJ-Krebs.jpg?fit=1200%2C800&ssl=1&resize=350%2C200 1x, https:\/\/i0.wp.com\/www.jazzzeitung.de\/cms\/wp-content\/uploads\/2022\/04\/P1809161-Ashley-Henry-Quartett-Foto-TJ-Krebs.jpg?fit=1200%2C800&ssl=1&resize=525%2C300 1.5x, https:\/\/i0.wp.com\/www.jazzzeitung.de\/cms\/wp-content\/uploads\/2022\/04\/P1809161-Ashley-Henry-Quartett-Foto-TJ-Krebs.jpg?fit=1200%2C800&ssl=1&resize=700%2C400 2x, https:\/\/i0.wp.com\/www.jazzzeitung.de\/cms\/wp-content\/uploads\/2022\/04\/P1809161-Ashley-Henry-Quartett-Foto-TJ-Krebs.jpg?fit=1200%2C800&ssl=1&resize=1050%2C600 3x"},"classes":[]},{"id":26769,"url":"https:\/\/www.jazzzeitung.de\/cms\/2022\/03\/bmw-welt-jazz-award-2022-sechs-pianisten-mit-ihren-internationalen-ensembles-kaempfen-um-die-key-position\/","url_meta":{"origin":27541,"position":2},"title":"BMW Welt Jazz Award 2022: Sechs Pianisten mit ihren internationalen Ensembles k\u00e4mpfen um die &#8222;Key Position&#8220;.","author":"Redaktion JazzZeitung","date":"4. M\u00e4rz 2022","format":false,"excerpt":"Der BMW Weit Jazz Award geht 2022 in seine dreizehnte Saison. An sechs Soireen zwischen M\u00e4rz und April pr\u00e4sentieren sich unter dem Motto \"Key Position\" hochkar\u00e4tige, von Tastenk\u00f6niginnen und-k\u00f6nigen geleitete Jazz-Bands in der einzigartigen Atmosph\u00e4re des Doppelkegels der M\u00fcnchener BMW Weit. Es spielen Musikerinnen und Musiker aus Deutschland, Schweden, Is\u00adrael,\u2026","rel":"","context":"In &quot;News&quot;","block_context":{"text":"News","link":"https:\/\/www.jazzzeitung.de\/cms\/thema\/nachrichten\/"},"img":{"alt_text":"","src":"https:\/\/i0.wp.com\/www.jazzzeitung.de\/cms\/wp-content\/uploads\/2022\/02\/P90449758_highRes_bmw-welt-jazz-award--scaled.jpg?fit=1200%2C675&ssl=1&resize=350%2C200","width":350,"height":200,"srcset":"https:\/\/i0.wp.com\/www.jazzzeitung.de\/cms\/wp-content\/uploads\/2022\/02\/P90449758_highRes_bmw-welt-jazz-award--scaled.jpg?fit=1200%2C675&ssl=1&resize=350%2C200 1x, https:\/\/i0.wp.com\/www.jazzzeitung.de\/cms\/wp-content\/uploads\/2022\/02\/P90449758_highRes_bmw-welt-jazz-award--scaled.jpg?fit=1200%2C675&ssl=1&resize=525%2C300 1.5x, https:\/\/i0.wp.com\/www.jazzzeitung.de\/cms\/wp-content\/uploads\/2022\/02\/P90449758_highRes_bmw-welt-jazz-award--scaled.jpg?fit=1200%2C675&ssl=1&resize=700%2C400 2x, https:\/\/i0.wp.com\/www.jazzzeitung.de\/cms\/wp-content\/uploads\/2022\/02\/P90449758_highRes_bmw-welt-jazz-award--scaled.jpg?fit=1200%2C675&ssl=1&resize=1050%2C600 3x"},"classes":[]},{"id":27149,"url":"https:\/\/www.jazzzeitung.de\/cms\/2022\/04\/das-marco-mezquida-trio-beim-bmw-welt-jazz-award-2022-key-positions\/","url_meta":{"origin":27541,"position":3},"title":"Das Marco Mezquida Trio beim BMW Welt Jazz Award 2022 &#8222;Key Position&#8220;","author":"Redaktion JazzZeitung","date":"20. April 2022","format":false,"excerpt":"Das f\u00fcnfte Konzert des BMW Welt Jazz Awards spielt das Marco Mezquida Trio in der BMW Welt. Der Pianist Marco Mezquida gilt als wichtiger Vertreter der aktuellen spanischen Jazzszene. Der aus Menorca stammende K\u00fcnstler konnte mit seinem Trio mit Mart\u00edn Mel\u00e9ndez am Cello und Aleix Tobias an Schlagzeug und Percussion\u2026","rel":"","context":"In &quot;Galerie&quot;","block_context":{"text":"Galerie","link":"https:\/\/www.jazzzeitung.de\/cms\/thema\/galerie\/"},"img":{"alt_text":"","src":"https:\/\/i0.wp.com\/www.jazzzeitung.de\/cms\/wp-content\/uploads\/2022\/04\/DSC06968.jpg?fit=1200%2C800&ssl=1&resize=350%2C200","width":350,"height":200,"srcset":"https:\/\/i0.wp.com\/www.jazzzeitung.de\/cms\/wp-content\/uploads\/2022\/04\/DSC06968.jpg?fit=1200%2C800&ssl=1&resize=350%2C200 1x, https:\/\/i0.wp.com\/www.jazzzeitung.de\/cms\/wp-content\/uploads\/2022\/04\/DSC06968.jpg?fit=1200%2C800&ssl=1&resize=525%2C300 1.5x, https:\/\/i0.wp.com\/www.jazzzeitung.de\/cms\/wp-content\/uploads\/2022\/04\/DSC06968.jpg?fit=1200%2C800&ssl=1&resize=700%2C400 2x, https:\/\/i0.wp.com\/www.jazzzeitung.de\/cms\/wp-content\/uploads\/2022\/04\/DSC06968.jpg?fit=1200%2C800&ssl=1&resize=1050%2C600 3x"},"classes":[]},{"id":27114,"url":"https:\/\/www.jazzzeitung.de\/cms\/2022\/04\/der-pianist-giovanni-guidi-und-sein-quintett-beim-bmw-welt-jazz-award-2022\/","url_meta":{"origin":27541,"position":4},"title":"Der Pianist Giovanni Guidi und sein Quintett beim BMW Welt Jazz Award 2022","author":"Redaktion JazzZeitung","date":"13. April 2022","format":false,"excerpt":"Gestern, am Dienstag den 12. April, zeigte das Giovanni Guidi Quintet sein K\u00f6nnen im Doppelkegel der BMW Welt. Pianist Guidi hatte Teile seines aktuellen Programms \u201eAvec le temps\u201c mit dabei, f\u00fcr das er sein Trio mit dem aus Chicago stammenden Bassisten Joe Rehmer und dem portugiesischen Schlagzeuger Jo\u00e3o Lobo um\u2026","rel":"","context":"In &quot;Galerie&quot;","block_context":{"text":"Galerie","link":"https:\/\/www.jazzzeitung.de\/cms\/thema\/galerie\/"},"img":{"alt_text":"","src":"https:\/\/i0.wp.com\/www.jazzzeitung.de\/cms\/wp-content\/uploads\/2022\/04\/P1776982-Guidi-Quintett-Foto-TJ-Krebs.jpg?fit=1200%2C800&ssl=1&resize=350%2C200","width":350,"height":200,"srcset":"https:\/\/i0.wp.com\/www.jazzzeitung.de\/cms\/wp-content\/uploads\/2022\/04\/P1776982-Guidi-Quintett-Foto-TJ-Krebs.jpg?fit=1200%2C800&ssl=1&resize=350%2C200 1x, https:\/\/i0.wp.com\/www.jazzzeitung.de\/cms\/wp-content\/uploads\/2022\/04\/P1776982-Guidi-Quintett-Foto-TJ-Krebs.jpg?fit=1200%2C800&ssl=1&resize=525%2C300 1.5x, https:\/\/i0.wp.com\/www.jazzzeitung.de\/cms\/wp-content\/uploads\/2022\/04\/P1776982-Guidi-Quintett-Foto-TJ-Krebs.jpg?fit=1200%2C800&ssl=1&resize=700%2C400 2x, https:\/\/i0.wp.com\/www.jazzzeitung.de\/cms\/wp-content\/uploads\/2022\/04\/P1776982-Guidi-Quintett-Foto-TJ-Krebs.jpg?fit=1200%2C800&ssl=1&resize=1050%2C600 3x"},"classes":[]},{"id":26844,"url":"https:\/\/www.jazzzeitung.de\/cms\/2022\/03\/julia-huelsmann-trio-eroeffnet-die-12-konzert-competition-bmw-welt-jazz-award\/","url_meta":{"origin":27541,"position":5},"title":"Julia H\u00fclsmann Trio er\u00f6ffnet die 12. Konzert-Competition BMW Welt Jazz Award","author":"Redaktion JazzZeitung","date":"9. M\u00e4rz 2022","format":false,"excerpt":"Mit viel Liebe zum motivischen Detail er\u00f6ffnete das Julia H\u00fclsmann Trio die neue Runde des BMW-Welt Jazz Award. Nach der Corona-Zwangspause wollte man 2022 befreit wieder neustarten, die aktuelle politische Lage sorgte allerdings f\u00fcr eine entsprechend ged\u00e4mpfte Stimmung bei allen Teilnehmern. Das Konzert war gut besucht, die ber\u00fchmte Schlange vor\u2026","rel":"","context":"In &quot;Bericht&quot;","block_context":{"text":"Bericht","link":"https:\/\/www.jazzzeitung.de\/cms\/thema\/bericht\/"},"img":{"alt_text":"","src":"https:\/\/i0.wp.com\/www.jazzzeitung.de\/cms\/wp-content\/uploads\/2022\/03\/P1688409-Huelsman-Trio-Foto-TJ-Krebs.jpg?fit=1200%2C800&ssl=1&resize=350%2C200","width":350,"height":200,"srcset":"https:\/\/i0.wp.com\/www.jazzzeitung.de\/cms\/wp-content\/uploads\/2022\/03\/P1688409-Huelsman-Trio-Foto-TJ-Krebs.jpg?fit=1200%2C800&ssl=1&resize=350%2C200 1x, https:\/\/i0.wp.com\/www.jazzzeitung.de\/cms\/wp-content\/uploads\/2022\/03\/P1688409-Huelsman-Trio-Foto-TJ-Krebs.jpg?fit=1200%2C800&ssl=1&resize=525%2C300 1.5x, https:\/\/i0.wp.com\/www.jazzzeitung.de\/cms\/wp-content\/uploads\/2022\/03\/P1688409-Huelsman-Trio-Foto-TJ-Krebs.jpg?fit=1200%2C800&ssl=1&resize=700%2C400 2x, https:\/\/i0.wp.com\/www.jazzzeitung.de\/cms\/wp-content\/uploads\/2022\/03\/P1688409-Huelsman-Trio-Foto-TJ-Krebs.jpg?fit=1200%2C800&ssl=1&resize=1050%2C600 3x"},"classes":[]}],"jetpack_sharing_enabled":true,"_links":{"self":[{"href":"https:\/\/www.jazzzeitung.de\/cms\/wp-json\/wp\/v2\/posts\/27541","targetHints":{"allow":["GET"]}}],"collection":[{"href":"https:\/\/www.jazzzeitung.de\/cms\/wp-json\/wp\/v2\/posts"}],"about":[{"href":"https:\/\/www.jazzzeitung.de\/cms\/wp-json\/wp\/v2\/types\/post"}],"author":[{"embeddable":true,"href":"https:\/\/www.jazzzeitung.de\/cms\/wp-json\/wp\/v2\/users\/18"}],"replies":[{"embeddable":true,"href":"https:\/\/www.jazzzeitung.de\/cms\/wp-json\/wp\/v2\/comments?post=27541"}],"version-history":[{"count":7,"href":"https:\/\/www.jazzzeitung.de\/cms\/wp-json\/wp\/v2\/posts\/27541\/revisions"}],"predecessor-version":[{"id":27554,"href":"https:\/\/www.jazzzeitung.de\/cms\/wp-json\/wp\/v2\/posts\/27541\/revisions\/27554"}],"wp:featuredmedia":[{"embeddable":true,"href":"https:\/\/www.jazzzeitung.de\/cms\/wp-json\/wp\/v2\/media\/26651"}],"wp:attachment":[{"href":"https:\/\/www.jazzzeitung.de\/cms\/wp-json\/wp\/v2\/media?parent=27541"}],"wp:term":[{"taxonomy":"category","embeddable":true,"href":"https:\/\/www.jazzzeitung.de\/cms\/wp-json\/wp\/v2\/categories?post=27541"},{"taxonomy":"post_tag","embeddable":true,"href":"https:\/\/www.jazzzeitung.de\/cms\/wp-json\/wp\/v2\/tags?post=27541"},{"taxonomy":"author","embeddable":true,"href":"https:\/\/www.jazzzeitung.de\/cms\/wp-json\/wp\/v2\/coauthors?post=27541"}],"curies":[{"name":"wp","href":"https:\/\/api.w.org\/{rel}","templated":true}]}}