{"id":27496,"date":"2022-06-10T07:30:13","date_gmt":"2022-06-10T05:30:13","guid":{"rendered":"https:\/\/www.jazzzeitung.de\/cms\/?p=27496"},"modified":"2022-06-10T10:57:03","modified_gmt":"2022-06-10T08:57:03","slug":"heiner-schmitz-tales-from-the-wooden-kingdom","status":"publish","type":"post","link":"https:\/\/www.jazzzeitung.de\/cms\/2022\/06\/heiner-schmitz-tales-from-the-wooden-kingdom\/","title":{"rendered":"Heiner Schmitz &#8211; \u201eTales From The Wooden Kingdom\u201c"},"content":{"rendered":"<p>Von Dietrich Schlegel. <strong>Elias Canetti beschrieb in seinem philosophischen Hauptwerk \u201eMasse und Macht\u201c (1960) den Hang der Deutschen zur Mystifizierung des Waldes mit den Worten: \u201eIn keinem modernen Lande der Welt ist das Waldgef\u00fchl so lebendig geblieben wie in Deutschland. Das Rigide und Parallele der aufrechtstehenden B\u00e4ume, ihre Dichte und ihre Zahl erf\u00fcllt das Herz des Deutschen mit tiefer und geheimnisvoller Freude. Er sucht den Wald, in dem seine Vorfahren gelebt haben, noch gern auf und f\u00fchlt sich eins mit den B\u00e4umen\u2026 Man soll die Wirkung dieser fr\u00fchen Waldromantik auf den Deutschen nicht untersch\u00e4tzen. In hundert Liedern und Gedichten nahm er sie auf\u2026\u201c<\/strong><\/p>\n<h3>Refugium Wald<\/h3>\n<p>Konfrontiert mit diesen S\u00e4tzen ger\u00e4t Heiner Schmitz, Jazzmusiker und Komponist, Sch\u00f6pfer seines \u2013 nach der \u201eOdyssee\u201c und \u201eSinns &amp; Blessings\u201c &#8211; neuen gro\u00dforchestralen Werkes \u201eTales From The Wooden Kingdom\u201c, ins Gr\u00fcbeln, sieht sich in gewisser Weise best\u00e4tigt und versucht zu beschreiben, was Wald f\u00fcr ihn bedeutet: \u201eWald ist f\u00fcr mich in erster Linie ein Refugium, in dem man zu sich kommen kann, seine Gedanken schweifen l\u00e4sst, den urbanen, sozusagen unbewaldeten Alltag abstreifen und durchatmen kann\u2026\u201c<\/p>\n<figure id=\"attachment_27501\" aria-describedby=\"caption-attachment-27501\" style=\"width: 1500px\" class=\"wp-caption aligncenter\"><img data-recalc-dims=\"1\" loading=\"lazy\" decoding=\"async\" data-attachment-id=\"27501\" data-permalink=\"https:\/\/www.jazzzeitung.de\/cms\/2022\/06\/heiner-schmitz-tales-from-the-wooden-kingdom\/heiner-schmitz1_c_frank-wiesen\/\" data-orig-file=\"https:\/\/i0.wp.com\/www.jazzzeitung.de\/cms\/wp-content\/uploads\/2022\/06\/Heiner-Schmitz1_c_Frank-Wiesen.jpg?fit=1500%2C1001&amp;ssl=1\" data-orig-size=\"1500,1001\" data-comments-opened=\"1\" data-image-meta=\"{&quot;aperture&quot;:&quot;4.5&quot;,&quot;credit&quot;:&quot;Frank Wiesen&quot;,&quot;camera&quot;:&quot;ILCE-7RM3&quot;,&quot;caption&quot;:&quot;&quot;,&quot;created_timestamp&quot;:&quot;1634223802&quot;,&quot;copyright&quot;:&quot;Frank Wiesen&quot;,&quot;focal_length&quot;:&quot;45&quot;,&quot;iso&quot;:&quot;250&quot;,&quot;shutter_speed&quot;:&quot;0.025&quot;,&quot;title&quot;:&quot;&quot;,&quot;orientation&quot;:&quot;0&quot;}\" data-image-title=\"Heiner-Schmitz1_c_Frank-Wiesen\" data-image-description=\"\" data-image-caption=\"\" data-large-file=\"https:\/\/i0.wp.com\/www.jazzzeitung.de\/cms\/wp-content\/uploads\/2022\/06\/Heiner-Schmitz1_c_Frank-Wiesen.jpg?fit=840%2C560&amp;ssl=1\" class=\"wp-image-27501 size-full\" src=\"https:\/\/i0.wp.com\/www.jazzzeitung.de\/cms\/wp-content\/uploads\/2022\/06\/Heiner-Schmitz1_c_Frank-Wiesen.jpg?resize=840%2C561&#038;ssl=1\" alt=\"\" width=\"840\" height=\"561\" srcset=\"https:\/\/i0.wp.com\/www.jazzzeitung.de\/cms\/wp-content\/uploads\/2022\/06\/Heiner-Schmitz1_c_Frank-Wiesen.jpg?w=1500&amp;ssl=1 1500w, https:\/\/i0.wp.com\/www.jazzzeitung.de\/cms\/wp-content\/uploads\/2022\/06\/Heiner-Schmitz1_c_Frank-Wiesen.jpg?resize=300%2C200&amp;ssl=1 300w, https:\/\/i0.wp.com\/www.jazzzeitung.de\/cms\/wp-content\/uploads\/2022\/06\/Heiner-Schmitz1_c_Frank-Wiesen.jpg?resize=900%2C600&amp;ssl=1 900w, https:\/\/i0.wp.com\/www.jazzzeitung.de\/cms\/wp-content\/uploads\/2022\/06\/Heiner-Schmitz1_c_Frank-Wiesen.jpg?resize=768%2C513&amp;ssl=1 768w, https:\/\/i0.wp.com\/www.jazzzeitung.de\/cms\/wp-content\/uploads\/2022\/06\/Heiner-Schmitz1_c_Frank-Wiesen.jpg?resize=120%2C80&amp;ssl=1 120w, https:\/\/i0.wp.com\/www.jazzzeitung.de\/cms\/wp-content\/uploads\/2022\/06\/Heiner-Schmitz1_c_Frank-Wiesen.jpg?resize=1320%2C881&amp;ssl=1 1320w\" sizes=\"auto, (max-width: 840px) 100vw, 840px\" \/><figcaption id=\"caption-attachment-27501\" class=\"wp-caption-text\">Alle Fotos: Frank Wiesen<\/figcaption><\/figure>\n<p>&nbsp;<\/p>\n<p>Die Frage, ob er ein versteckter Romantiker sei, die andere Seite des hei\u00dfen Saxophonisten der Hip Hop Jazzband \u201eJazzkantine\u201c, bejaht er ohne Umschweife: \u201eAbsolut! Mal kurz einfach weg sein, wegschweben, unsere medial so eng vernetzte Welt des st\u00e4ndig Online-seins verlassen \u2013 das tut mir gut. Und das fand ich in den vergangenen zwei Corona-Jahren beim Joggen, beim Spazieren oder Wandern mit der Familie in den Ville-W\u00e4ldern, die meine s\u00fcdwestlich\u00a0 von K\u00f6ln gelegene Heimatstadt Erftstadt umgeben. Und durchaus im Sinne Canettis flossen die Eindr\u00fccke von diesen Waldg\u00e4ngen, der Zauber von Licht und Schatten, die Ehrfurcht vor den Baumriesen zu Hause am Klavier in Kompositionen, die letztlich zu den \u201aTales\u2018 f\u00fchrten.\u201c<\/p>\n<h3>Poetische Texte &#8211; mit Veronika Morscher<\/h3>\n<p>Diese Tales, diese Geschichten sind gekleidet in poetische Texte, in englischer Sprache, f\u00fcnf verfasst von Veronika Morscher, der Vocalistin des Projekts, und zwei von Heiner Schmitz selbst. Mit ihnen wird bewusst kein missionarischer, moralisierender Zeigefinger erhoben, sondern durch sie mag, so die Hoffnung, beim Auditorium eine st\u00e4rkere Sensibilit\u00e4t f\u00fcr das Thema Wald und \u00fcberhaupt eine h\u00f6here Wertsch\u00e4tzung dieses Lebensraumes erweckt werden. Die Texte, die als Gedichte durchaus auch f\u00fcr sich selbst stehen k\u00f6nnten, sind im sorgf\u00e4ltig gestalteten Booklet abgedruckt.<\/p>\n<div class=\"tiled-gallery type-rectangular tiled-gallery-unresized\" data-original-width=\"840\" data-carousel-extra='{&quot;blog_id&quot;:1,&quot;permalink&quot;:&quot;https:\\\/\\\/www.jazzzeitung.de\\\/cms\\\/2022\\\/06\\\/heiner-schmitz-tales-from-the-wooden-kingdom\\\/&quot;,&quot;likes_blog_id&quot;:55446655}' itemscope itemtype=\"http:\/\/schema.org\/ImageGallery\" > <div class=\"gallery-row\" style=\"width: 840px; height: 282px;\" data-original-width=\"840\" data-original-height=\"282\" > <div class=\"gallery-group images-1\" style=\"width: 420px; height: 282px;\" data-original-width=\"420\" data-original-height=\"282\" > <div class=\"tiled-gallery-item tiled-gallery-item-large\" itemprop=\"associatedMedia\" itemscope itemtype=\"http:\/\/schema.org\/ImageObject\"> <a href=\"https:\/\/www.jazzzeitung.de\/cms\/2022\/06\/heiner-schmitz-tales-from-the-wooden-kingdom\/heiner-schmitztales-from-the-wooden-kingdom-feat-ccjo-6\/\" border=\"0\" itemprop=\"url\"> <meta itemprop=\"width\" content=\"416\"> <meta itemprop=\"height\" content=\"278\"> <img decoding=\"async\" class=\"\" data-attachment-id=\"27505\" data-orig-file=\"https:\/\/www.jazzzeitung.de\/cms\/wp-content\/uploads\/2022\/06\/HS_VM_WK2_c_Frank-Wiesen.jpg\" data-orig-size=\"1500,1001\" data-comments-opened=\"1\" data-image-meta=\"{&quot;aperture&quot;:&quot;2&quot;,&quot;credit&quot;:&quot;www.frankwiesenphoto.com&quot;,&quot;camera&quot;:&quot;ILCE-7RM3&quot;,&quot;caption&quot;:&quot;Heiner Schmitz\\u00b4Tales From The Wooden Kingdom feat. CCJO&quot;,&quot;created_timestamp&quot;:&quot;1632663204&quot;,&quot;copyright&quot;:&quot;Frank Wiesen&quot;,&quot;focal_length&quot;:&quot;50&quot;,&quot;iso&quot;:&quot;1000&quot;,&quot;shutter_speed&quot;:&quot;0.0125&quot;,&quot;title&quot;:&quot;Heiner Schmitz\\u00b4Tales From The Wooden Kingdom feat. CCJO&quot;,&quot;orientation&quot;:&quot;0&quot;}\" data-image-title=\"Heiner Schmitz\u00b4Tales From The Wooden Kingdom feat. CCJO\" data-image-description=\"\" data-medium-file=\"https:\/\/i0.wp.com\/www.jazzzeitung.de\/cms\/wp-content\/uploads\/2022\/06\/HS_VM_WK2_c_Frank-Wiesen.jpg?fit=300%2C200&#038;ssl=1\" data-large-file=\"https:\/\/i0.wp.com\/www.jazzzeitung.de\/cms\/wp-content\/uploads\/2022\/06\/HS_VM_WK2_c_Frank-Wiesen.jpg?fit=840%2C560&#038;ssl=1\" src=\"https:\/\/i0.wp.com\/www.jazzzeitung.de\/cms\/wp-content\/uploads\/2022\/06\/HS_VM_WK2_c_Frank-Wiesen.jpg?w=416&#038;h=278&#038;ssl=1\" srcset=\"https:\/\/i0.wp.com\/www.jazzzeitung.de\/cms\/wp-content\/uploads\/2022\/06\/HS_VM_WK2_c_Frank-Wiesen.jpg?w=1500&amp;ssl=1 1500w, https:\/\/i0.wp.com\/www.jazzzeitung.de\/cms\/wp-content\/uploads\/2022\/06\/HS_VM_WK2_c_Frank-Wiesen.jpg?resize=300%2C200&amp;ssl=1 300w, https:\/\/i0.wp.com\/www.jazzzeitung.de\/cms\/wp-content\/uploads\/2022\/06\/HS_VM_WK2_c_Frank-Wiesen.jpg?resize=900%2C600&amp;ssl=1 900w, https:\/\/i0.wp.com\/www.jazzzeitung.de\/cms\/wp-content\/uploads\/2022\/06\/HS_VM_WK2_c_Frank-Wiesen.jpg?resize=768%2C513&amp;ssl=1 768w, https:\/\/i0.wp.com\/www.jazzzeitung.de\/cms\/wp-content\/uploads\/2022\/06\/HS_VM_WK2_c_Frank-Wiesen.jpg?resize=120%2C80&amp;ssl=1 120w, https:\/\/i0.wp.com\/www.jazzzeitung.de\/cms\/wp-content\/uploads\/2022\/06\/HS_VM_WK2_c_Frank-Wiesen.jpg?resize=1320%2C881&amp;ssl=1 1320w\" width=\"416\" height=\"278\" loading=\"lazy\" data-original-width=\"416\" data-original-height=\"278\" itemprop=\"http:\/\/schema.org\/image\" title=\"Heiner Schmitz\u00b4Tales From The Wooden Kingdom feat. CCJO\" alt=\"Heiner Schmitz\u00b4Tales From The Wooden Kingdom feat. CCJO\" style=\"width: 416px; height: 278px;\" \/> <\/a> <div class=\"tiled-gallery-caption\" itemprop=\"caption description\"> Heiner Schmitz\u00b4Tales From The Wooden Kingdom feat. CCJO <\/div> <\/div> <\/div> <!-- close group --> <div class=\"gallery-group images-1\" style=\"width: 420px; height: 282px;\" data-original-width=\"420\" data-original-height=\"282\" > <div class=\"tiled-gallery-item tiled-gallery-item-large\" itemprop=\"associatedMedia\" itemscope itemtype=\"http:\/\/schema.org\/ImageObject\"> <a href=\"https:\/\/www.jazzzeitung.de\/cms\/2022\/06\/heiner-schmitz-tales-from-the-wooden-kingdom\/heiner-schmitztales-from-the-wooden-kingdom-feat-ccjo-5\/\" border=\"0\" itemprop=\"url\"> <meta itemprop=\"width\" content=\"416\"> <meta itemprop=\"height\" content=\"278\"> <img decoding=\"async\" class=\"\" data-attachment-id=\"27504\" data-orig-file=\"https:\/\/www.jazzzeitung.de\/cms\/wp-content\/uploads\/2022\/06\/HS_VM_WK1_c_Frank-Wiesen.jpg\" data-orig-size=\"1500,1001\" data-comments-opened=\"1\" data-image-meta=\"{&quot;aperture&quot;:&quot;2&quot;,&quot;credit&quot;:&quot;www.frankwiesenphoto.com&quot;,&quot;camera&quot;:&quot;ILCE-7RM3&quot;,&quot;caption&quot;:&quot;Heiner Schmitz\\u00b4Tales From The Wooden Kingdom feat. CCJO&quot;,&quot;created_timestamp&quot;:&quot;1632663368&quot;,&quot;copyright&quot;:&quot;Frank Wiesen&quot;,&quot;focal_length&quot;:&quot;50&quot;,&quot;iso&quot;:&quot;400&quot;,&quot;shutter_speed&quot;:&quot;0.008&quot;,&quot;title&quot;:&quot;Heiner Schmitz\\u00b4Tales From The Wooden Kingdom feat. CCJO&quot;,&quot;orientation&quot;:&quot;0&quot;}\" data-image-title=\"Heiner Schmitz\u00b4Tales From The Wooden Kingdom feat. CCJO\" data-image-description=\"\" data-medium-file=\"https:\/\/i0.wp.com\/www.jazzzeitung.de\/cms\/wp-content\/uploads\/2022\/06\/HS_VM_WK1_c_Frank-Wiesen.jpg?fit=300%2C200&#038;ssl=1\" data-large-file=\"https:\/\/i0.wp.com\/www.jazzzeitung.de\/cms\/wp-content\/uploads\/2022\/06\/HS_VM_WK1_c_Frank-Wiesen.jpg?fit=840%2C560&#038;ssl=1\" src=\"https:\/\/i0.wp.com\/www.jazzzeitung.de\/cms\/wp-content\/uploads\/2022\/06\/HS_VM_WK1_c_Frank-Wiesen.jpg?w=416&#038;h=278&#038;ssl=1\" srcset=\"https:\/\/i0.wp.com\/www.jazzzeitung.de\/cms\/wp-content\/uploads\/2022\/06\/HS_VM_WK1_c_Frank-Wiesen.jpg?w=1500&amp;ssl=1 1500w, https:\/\/i0.wp.com\/www.jazzzeitung.de\/cms\/wp-content\/uploads\/2022\/06\/HS_VM_WK1_c_Frank-Wiesen.jpg?resize=300%2C200&amp;ssl=1 300w, https:\/\/i0.wp.com\/www.jazzzeitung.de\/cms\/wp-content\/uploads\/2022\/06\/HS_VM_WK1_c_Frank-Wiesen.jpg?resize=900%2C600&amp;ssl=1 900w, https:\/\/i0.wp.com\/www.jazzzeitung.de\/cms\/wp-content\/uploads\/2022\/06\/HS_VM_WK1_c_Frank-Wiesen.jpg?resize=768%2C513&amp;ssl=1 768w, https:\/\/i0.wp.com\/www.jazzzeitung.de\/cms\/wp-content\/uploads\/2022\/06\/HS_VM_WK1_c_Frank-Wiesen.jpg?resize=120%2C80&amp;ssl=1 120w, https:\/\/i0.wp.com\/www.jazzzeitung.de\/cms\/wp-content\/uploads\/2022\/06\/HS_VM_WK1_c_Frank-Wiesen.jpg?resize=1320%2C881&amp;ssl=1 1320w\" width=\"416\" height=\"278\" loading=\"lazy\" data-original-width=\"416\" data-original-height=\"278\" itemprop=\"http:\/\/schema.org\/image\" title=\"Heiner Schmitz\u00b4Tales From The Wooden Kingdom feat. CCJO\" alt=\"Heiner Schmitz\u00b4Tales From The Wooden Kingdom feat. CCJO\" style=\"width: 416px; height: 278px;\" \/> <\/a> <div class=\"tiled-gallery-caption\" itemprop=\"caption description\"> Heiner Schmitz\u00b4Tales From The Wooden Kingdom feat. CCJO <\/div> <\/div> <\/div> <!-- close group --> <\/div> <!-- close row --> <\/div>\n<p>F\u00fcr die Realisierung dieses ambitionierten Projekts suchte sich Heiner Schmitz in bew\u00e4hrter Partnerschaft das wieder gro\u00dfartig aufspielende Cologne Contemporary Jazz Orchestra (CCJO) aus, mit dem er seine \u201eOdyssee\u201c produziert und \u00a0sein Programm zur Verleihung des WDR-Preises Komposition (2019) aufgef\u00fchrt hatte. Kongenial in das gesamte musikalische Geschehen f\u00fcgt sich die \u00f6sterreichische, in K\u00f6ln lebende Vocalistin Veronika Morscher ein: \u201eMit ihrer Leichtigkeit und Nat\u00fcrlichkeit,\u00a0 Empfindsamkeit und Aufgeschlossenheit f\u00fcr die Thematik des Projektes, nicht zuletzt ihrer Virtuosit\u00e4t und Musikalit\u00e4t war sie f\u00fcr mich die absolute Idealbesetzung.\u201c<\/p>\n<h3>&#8222;Voice in the Band&#8220;<\/h3>\n<p>Im ersten St\u00fcck \u201eGreen Diving\u201c verst\u00e4rkt Veronika Morscher als \u201eVoice in the Band\u201c instrumental das orchestrale Gewirr von Stimmungen und Ger\u00e4uschen, das den Spazierg\u00e4nger oder L\u00e4ufer beim Eintritt in die gr\u00fcne Welt umf\u00e4ngt. Zugleich vermittelt das CCJO einen ersten Eindruck von der Kunst des Komponisten, mit dem klassischen Instrumentarium einer Big Band Kl\u00e4nge zu erzeugen, durch die er seine Naturerlebnisse eindr\u00fccklich und nachvollziehbar widerzuspiegeln vermag. Im sich \u00fcbergangslos anschlie\u00dfenden \u201eThe Riddle\u201c interpretiert Veronika ihre eigenen Verse &#8211; ein Lobgesang auf \u201eThe empress of all things rising\u201c in Form eines den ewigen Wandel der Natur beschw\u00f6renden R\u00e4tsels.<\/p>\n<p><img data-recalc-dims=\"1\" loading=\"lazy\" decoding=\"async\" data-attachment-id=\"27506\" data-permalink=\"https:\/\/www.jazzzeitung.de\/cms\/2022\/06\/heiner-schmitz-tales-from-the-wooden-kingdom\/heiner-schmitztales-from-the-wooden-kingdom-feat-ccjo-7\/\" data-orig-file=\"https:\/\/i0.wp.com\/www.jazzzeitung.de\/cms\/wp-content\/uploads\/2022\/06\/WK_CCJO_c_Frank-Wiesen.jpg?fit=1500%2C1000&amp;ssl=1\" data-orig-size=\"1500,1000\" data-comments-opened=\"1\" data-image-meta=\"{&quot;aperture&quot;:&quot;5&quot;,&quot;credit&quot;:&quot;www.frankwiesenphoto.com&quot;,&quot;camera&quot;:&quot;ILCE-7RM3&quot;,&quot;caption&quot;:&quot;Heiner Schmitz\\u00b4Tales From The Wooden Kingdom feat. CCJO&quot;,&quot;created_timestamp&quot;:&quot;1632659791&quot;,&quot;copyright&quot;:&quot;Frank Wiesen&quot;,&quot;focal_length&quot;:&quot;35&quot;,&quot;iso&quot;:&quot;1250&quot;,&quot;shutter_speed&quot;:&quot;0.016666666666667&quot;,&quot;title&quot;:&quot;Heiner Schmitz\\u00b4Tales From The Wooden Kingdom feat. CCJO&quot;,&quot;orientation&quot;:&quot;0&quot;}\" data-image-title=\"Heiner Schmitz\u00b4Tales From The Wooden Kingdom feat. CCJO\" data-image-description=\"\" data-image-caption=\"&lt;p&gt;Heiner Schmitz\u00b4Tales From The Wooden Kingdom feat. CCJO&lt;\/p&gt;\n\" data-large-file=\"https:\/\/i0.wp.com\/www.jazzzeitung.de\/cms\/wp-content\/uploads\/2022\/06\/WK_CCJO_c_Frank-Wiesen.jpg?fit=840%2C560&amp;ssl=1\" class=\"size-full wp-image-27506\" src=\"https:\/\/i0.wp.com\/www.jazzzeitung.de\/cms\/wp-content\/uploads\/2022\/06\/WK_CCJO_c_Frank-Wiesen.jpg?resize=840%2C560&#038;ssl=1\" alt=\"\" width=\"840\" height=\"560\" srcset=\"https:\/\/i0.wp.com\/www.jazzzeitung.de\/cms\/wp-content\/uploads\/2022\/06\/WK_CCJO_c_Frank-Wiesen.jpg?w=1500&amp;ssl=1 1500w, https:\/\/i0.wp.com\/www.jazzzeitung.de\/cms\/wp-content\/uploads\/2022\/06\/WK_CCJO_c_Frank-Wiesen.jpg?resize=300%2C200&amp;ssl=1 300w, https:\/\/i0.wp.com\/www.jazzzeitung.de\/cms\/wp-content\/uploads\/2022\/06\/WK_CCJO_c_Frank-Wiesen.jpg?resize=900%2C600&amp;ssl=1 900w, https:\/\/i0.wp.com\/www.jazzzeitung.de\/cms\/wp-content\/uploads\/2022\/06\/WK_CCJO_c_Frank-Wiesen.jpg?resize=768%2C512&amp;ssl=1 768w, https:\/\/i0.wp.com\/www.jazzzeitung.de\/cms\/wp-content\/uploads\/2022\/06\/WK_CCJO_c_Frank-Wiesen.jpg?resize=120%2C80&amp;ssl=1 120w, https:\/\/i0.wp.com\/www.jazzzeitung.de\/cms\/wp-content\/uploads\/2022\/06\/WK_CCJO_c_Frank-Wiesen.jpg?resize=1320%2C880&amp;ssl=1 1320w\" sizes=\"auto, (max-width: 840px) 100vw, 840px\" \/><\/p>\n<p>April Morning\u201c und \u201eNovember Dust\u201c, f\u00fcr Schmitz zwei Seiten einer Medaille: atmosph\u00e4risch lautmalerische Impressionen w\u00e4hrend seiner Waldl\u00e4ufe zu kontr\u00e4ren Jahreszeiten. Im \u201eApril\u201c kontrastiert ein flirrendes Solo des Gitarristen Johannes Behr zum im Wortsinn durchlaufenden Puls der hier wie stets hochsensiblen Rhythmusgruppe J\u00fcrgen Friedrich, p, Volker Heinze, b, Alex Parzhuber, dr. Im \u201eNovember\u201c zelebriert Veronika ihre meditativen Lyrics und verzaubert Matthias Bergmann auf dem Fl\u00fcgelhorn.<\/p>\n<p>\u201eAnttrail\u201c, etwa Ameisen im Gel\u00e4ndelauf, ist ein wahres Meisterst\u00fcck des Komponisten als Arrangeur seines eigenen Werkes, mit dem sich das CCJO die selten vergebene Auszeichnung \u201eSolo by the whole band\u201c verdient. Schmitz \u201eportr\u00e4tiert\u201c einen Ameisenstaat, in dem aus dem scheinbaren chaotischen Gewimmel sich allm\u00e4hlich eine sinnvolle, artgerechte Ordnung formiert, anders ausgedr\u00fcckt: Aus anf\u00e4nglichem freejazzigem Chaos bildet sich nach\u00a0 und nach ein fetziger, doch geordneter homogener Big Band Sound heraus.<\/p>\n<h3>Naturphilosophie<\/h3>\n<p>Als naturphilosophischer Poet erweist sich Heiner Schmitz in seinem Gedicht \u201eBeech Tree\u201c, einer Art Zwiegespr\u00e4ch mit einer, nein: <em>der<\/em> Buche, f\u00fcr ihn <em>der<\/em> deutsche Baum in unseren Laub- und Mischw\u00e4ldern. Wei\u00df sie, dieser hundert Jahre \u00e4ltere Baum, die Antwort auf die ewige Frage nach dem Verlauf und dem Sinn des Lebens? Veronika Morscher \u00fcberzeugt als wissbegieriger, ungeduldig fragender Mensch, dem sie jedoch im Schlussvers, mit warmer Stimme die Seelenruhe der altersweisen Buche verk\u00f6rpernd, keine wirkliche Antwort gibt \u2013 wie auch? Aber im Anblick und im Schatten einer m\u00e4chtigen Buche stellen sich einem sensiblen Menschen solcherlei Fragen einfach von selbst. Im Wechsel mit Veronikas hoher, manchmal zu schweben scheinender Stimme erklingen \u2013 das ist hier das genaue Wort! \u2013 wunderbare Soli von Matthias Knoop, flh, Andreas Schickendanz, tb, und Marko Lackner, as. Und wieder hervorgehoben werden muss die Rhythmusgruppe, die sich in die nicht durchgehend rhythmische Struktur des St\u00fcckes sicher einf\u00fchlt und teils auch solistisch gl\u00e4nzt.<\/p>\n<p><img data-recalc-dims=\"1\" loading=\"lazy\" decoding=\"async\" data-attachment-id=\"27502\" data-permalink=\"https:\/\/www.jazzzeitung.de\/cms\/2022\/06\/heiner-schmitz-tales-from-the-wooden-kingdom\/heiner-schmitztales-from-the-wooden-kingdom-feat-ccjo-3\/\" data-orig-file=\"https:\/\/i0.wp.com\/www.jazzzeitung.de\/cms\/wp-content\/uploads\/2022\/06\/Heiner-Schmitz2-_c_Frank-Wiesen.jpg?fit=1500%2C1001&amp;ssl=1\" data-orig-size=\"1500,1001\" data-comments-opened=\"1\" data-image-meta=\"{&quot;aperture&quot;:&quot;4.5&quot;,&quot;credit&quot;:&quot;www.frankwiesenphoto.com&quot;,&quot;camera&quot;:&quot;ILCE-7RM3&quot;,&quot;caption&quot;:&quot;Heiner Schmitz\\u00b4Tales From The Wooden Kingdom feat. CCJO&quot;,&quot;created_timestamp&quot;:&quot;1632655992&quot;,&quot;copyright&quot;:&quot;Frank Wiesen&quot;,&quot;focal_length&quot;:&quot;170&quot;,&quot;iso&quot;:&quot;6400&quot;,&quot;shutter_speed&quot;:&quot;0.004&quot;,&quot;title&quot;:&quot;Heiner Schmitz\\u00b4Tales From The Wooden Kingdom feat. CCJO&quot;,&quot;orientation&quot;:&quot;0&quot;}\" data-image-title=\"Heiner Schmitz\u00b4Tales From The Wooden Kingdom feat. CCJO\" data-image-description=\"\" data-image-caption=\"&lt;p&gt;Heiner Schmitz\u00b4Tales From The Wooden Kingdom feat. CCJO&lt;\/p&gt;\n\" data-large-file=\"https:\/\/i0.wp.com\/www.jazzzeitung.de\/cms\/wp-content\/uploads\/2022\/06\/Heiner-Schmitz2-_c_Frank-Wiesen.jpg?fit=840%2C560&amp;ssl=1\" class=\"size-full wp-image-27502\" src=\"https:\/\/i0.wp.com\/www.jazzzeitung.de\/cms\/wp-content\/uploads\/2022\/06\/Heiner-Schmitz2-_c_Frank-Wiesen.jpg?resize=840%2C561&#038;ssl=1\" alt=\"\" width=\"840\" height=\"561\" srcset=\"https:\/\/i0.wp.com\/www.jazzzeitung.de\/cms\/wp-content\/uploads\/2022\/06\/Heiner-Schmitz2-_c_Frank-Wiesen.jpg?w=1500&amp;ssl=1 1500w, https:\/\/i0.wp.com\/www.jazzzeitung.de\/cms\/wp-content\/uploads\/2022\/06\/Heiner-Schmitz2-_c_Frank-Wiesen.jpg?resize=300%2C200&amp;ssl=1 300w, https:\/\/i0.wp.com\/www.jazzzeitung.de\/cms\/wp-content\/uploads\/2022\/06\/Heiner-Schmitz2-_c_Frank-Wiesen.jpg?resize=900%2C600&amp;ssl=1 900w, https:\/\/i0.wp.com\/www.jazzzeitung.de\/cms\/wp-content\/uploads\/2022\/06\/Heiner-Schmitz2-_c_Frank-Wiesen.jpg?resize=768%2C513&amp;ssl=1 768w, https:\/\/i0.wp.com\/www.jazzzeitung.de\/cms\/wp-content\/uploads\/2022\/06\/Heiner-Schmitz2-_c_Frank-Wiesen.jpg?resize=120%2C80&amp;ssl=1 120w, https:\/\/i0.wp.com\/www.jazzzeitung.de\/cms\/wp-content\/uploads\/2022\/06\/Heiner-Schmitz2-_c_Frank-Wiesen.jpg?resize=1320%2C881&amp;ssl=1 1320w\" sizes=\"auto, (max-width: 840px) 100vw, 840px\" \/><\/p>\n<p>In \u201eUnderwood\u201c beeindruckt Kristina Brodersen mit einem langen unbegleiteten Intro auf dem Alt, behutsam beginnend, sich erst fast unmerklich, dann intensiver steigernd, um schlie\u00dflich mit dem anwachsenden Tutti der Band zu verschmelzen, gleichsam den Weg aus dem Unterholz auf eine Lichtung findend.<\/p>\n<h3>A Shadow&#8217;s Life<\/h3>\n<p>F\u00fcr sein Poem \u201eA Shadow\u2019s Life\u201c hat sich Heiner Schmitz von Peter Wohllebens Bestseller \u201eDas geheime Leben der B\u00e4ume\u201c inspirieren lassen, \u201ein dem er erz\u00e4hlt, wie Baumkinder versorgt und verpflegt werden, aber doch warten m\u00fcssen, bis es Licht auch f\u00fcr sie gibt, bis die Eltern fallen und f\u00fcr sie Platz machen. Diesen Zwiespalt, diesen tragischen Kreislauf des Lebens in der Natur, habe ich versucht, auf die menschliche Ebene zu \u00fcbertragen\u201c. Das ist ihm eindringlich gelungen. Anders als in dem nachfolgenden \u201eBreathing\u201c, f\u00fcr das er Veronika nur eine grobe Form vorgab, auf die sie ihre Lyrics, so Heiner Schmitz bewundernd, \u201egezaubert\u201c hat, schrieb er erst die sechs streng gereimten Strophen f\u00fcr \u201eShadow\u2019s Life\u201c und versuchte dann die passende Komposition zu schreiben, kein einfaches St\u00fcck Arbeit, wie er gesteht: \u201eDaraus ist dann mein l\u00e4ngstes auf eine CD gebanntes St\u00fcck geworden, das auch am meisten durchkomponiert ist, entstanden aber aus\u00a0 einer einzigen\u00a0 kompositorischen Keimzelle. Genau wie ein Baum\u201c, wie er schmunzelnd hinzuf\u00fcgt. Veronika \u00fcbernimmt sowohl die Rolle der Erz\u00e4hlerin als auch mitf\u00fchlend das Zwiegespr\u00e4ch zwischen dem Kind und der Mutter bzw. \u00a0den Eltern. Ihre Performance wird von Soli des Pianisten J\u00fcrgen Friedrich und des Tenoristen Matthew Halpin umrahmt, wodurch die romantische, teils schon mythische Atmosph\u00e4re des mehr als elf Minuten langen St\u00fccks noch verst\u00e4rkt wird. Ein gro\u00dfer Wurf!<\/p>\n<p><img data-recalc-dims=\"1\" loading=\"lazy\" decoding=\"async\" data-attachment-id=\"27500\" data-permalink=\"https:\/\/www.jazzzeitung.de\/cms\/2022\/06\/heiner-schmitz-tales-from-the-wooden-kingdom\/heiner-schmitztales-from-the-wooden-kingdom-feat-ccjo-2\/\" data-orig-file=\"https:\/\/i0.wp.com\/www.jazzzeitung.de\/cms\/wp-content\/uploads\/2022\/06\/Heiner-S_Veronika-M_WK3_c_Frank-Wiesen.jpg?fit=1500%2C1001&amp;ssl=1\" data-orig-size=\"1500,1001\" data-comments-opened=\"1\" data-image-meta=\"{&quot;aperture&quot;:&quot;4&quot;,&quot;credit&quot;:&quot;www.frankwiesenphoto.com&quot;,&quot;camera&quot;:&quot;ILCE-7RM3&quot;,&quot;caption&quot;:&quot;Heiner Schmitz\\u00b4Tales From The Wooden Kingdom feat. CCJO&quot;,&quot;created_timestamp&quot;:&quot;1632663539&quot;,&quot;copyright&quot;:&quot;Frank Wiesen&quot;,&quot;focal_length&quot;:&quot;50&quot;,&quot;iso&quot;:&quot;1000&quot;,&quot;shutter_speed&quot;:&quot;0.008&quot;,&quot;title&quot;:&quot;Heiner Schmitz\\u00b4Tales From The Wooden Kingdom feat. CCJO&quot;,&quot;orientation&quot;:&quot;0&quot;}\" data-image-title=\"Heiner Schmitz\u00b4Tales From The Wooden Kingdom feat. CCJO\" data-image-description=\"\" data-image-caption=\"&lt;p&gt;Heiner Schmitz\u00b4Tales From The Wooden Kingdom feat. CCJO&lt;\/p&gt;\n\" data-large-file=\"https:\/\/i0.wp.com\/www.jazzzeitung.de\/cms\/wp-content\/uploads\/2022\/06\/Heiner-S_Veronika-M_WK3_c_Frank-Wiesen.jpg?fit=840%2C560&amp;ssl=1\" class=\"size-full wp-image-27500\" src=\"https:\/\/i0.wp.com\/www.jazzzeitung.de\/cms\/wp-content\/uploads\/2022\/06\/Heiner-S_Veronika-M_WK3_c_Frank-Wiesen.jpg?resize=840%2C561&#038;ssl=1\" alt=\"\" width=\"840\" height=\"561\" srcset=\"https:\/\/i0.wp.com\/www.jazzzeitung.de\/cms\/wp-content\/uploads\/2022\/06\/Heiner-S_Veronika-M_WK3_c_Frank-Wiesen.jpg?w=1500&amp;ssl=1 1500w, https:\/\/i0.wp.com\/www.jazzzeitung.de\/cms\/wp-content\/uploads\/2022\/06\/Heiner-S_Veronika-M_WK3_c_Frank-Wiesen.jpg?resize=300%2C200&amp;ssl=1 300w, https:\/\/i0.wp.com\/www.jazzzeitung.de\/cms\/wp-content\/uploads\/2022\/06\/Heiner-S_Veronika-M_WK3_c_Frank-Wiesen.jpg?resize=900%2C600&amp;ssl=1 900w, https:\/\/i0.wp.com\/www.jazzzeitung.de\/cms\/wp-content\/uploads\/2022\/06\/Heiner-S_Veronika-M_WK3_c_Frank-Wiesen.jpg?resize=768%2C513&amp;ssl=1 768w, https:\/\/i0.wp.com\/www.jazzzeitung.de\/cms\/wp-content\/uploads\/2022\/06\/Heiner-S_Veronika-M_WK3_c_Frank-Wiesen.jpg?resize=120%2C80&amp;ssl=1 120w, https:\/\/i0.wp.com\/www.jazzzeitung.de\/cms\/wp-content\/uploads\/2022\/06\/Heiner-S_Veronika-M_WK3_c_Frank-Wiesen.jpg?resize=1320%2C881&amp;ssl=1 1320w\" sizes=\"auto, (max-width: 840px) 100vw, 840px\" \/><\/p>\n<p>Die Lyrics der Veronika Morscher in \u201eBreathing\u201c kommen einem Schrei nach Befreiung gleich, einer Befreiung von allem Altst\u00e4ndigen, \u00dcberfl\u00fcssigen, Verbrauchten, Verstaubten, allzu Vertrauten \u2013 \u201eOut \/ Out \/ Out with the old, the comfort, the safety, destinations and \u2026 above all: ideals\u2026\u201c , m\u00fcndend in dem erleichterten Statement vom \u201eOut\u201c\u00a0 in ein \u201eIn \/ Into \/ Inward \/ Inside \/ Take it in\u2026 \/ Know you are good. \/ You are complete. \/ You are free.\u201c Eine Meditation im Wald, durch den Wald hervorgerufen? Nicht leicht zu beantworten, aber durch den intensiven Vortrag als Sprechgesang l\u00e4sst es einen nicht los. Nicht ganz verst\u00e4ndlich, dass die letzte Zeile \u201eYou are free\u201c, eigentlich doch die letzte Konsequenz dieses Denkprozesses der Befreiung, sowohl in dem Konzert, das der Verfasser besuchte, als auch auf der CD weggelassen wurde.<\/p>\n<h3>Zeitlose Weisheit<\/h3>\n<p>\u201eOut Of The Woods\u201c ist als Gegenst\u00fcck zu \u201eGreen Diving\u201c gedacht, zum \u201eHello\u201c ein \u201eGoodbye\u201c. Veronika fasst in einem Vierzeiler pr\u00e4zise zusammen, was der Wald seinen Besuchern beschert hat, seine zeitlose Weisheit, derer wir alle letztlich bed\u00fcrften. Nach Christoph M\u00f6ckels lyrisch beginnendem, dann rissig aufgerautem Solo auf dem Tenor brilliert Veronika mit einer langen Vocalise, gedoppelt durch Johannes Behrs Gitarre. Die Band steigert sich mit allem, was sie aufzubieten hat, bis zum abrupten, doch \u2013 wie heute \u00fcblich \u2013 nur scheinbarem Schluss. Als Zugabe in Konzerten und auf der CD folgt noch ein \u201eWinter Poem\u201c, ein wahrhaft romantischer Abgesang auf das verflossene Jahr und doch der Vorfreude auf den Winterwald, ausgedr\u00fcckt in einem stimmungsvollen Gedicht von Veronika, die auch an der Komposition mitwirkte. Sch\u00f6ne Fl\u00f6tent\u00f6ne \u00fcber und neben der subtilen Bassklarinette von Marcus Bartelt. Alles zusammen endend in einem verhauchten \u201eWinter is coming\u201c.<\/p>\n<p><img data-recalc-dims=\"1\" loading=\"lazy\" decoding=\"async\" data-attachment-id=\"27503\" data-permalink=\"https:\/\/www.jazzzeitung.de\/cms\/2022\/06\/heiner-schmitz-tales-from-the-wooden-kingdom\/heiner-schmitztales-from-the-wooden-kingdom-feat-ccjo-4\/\" data-orig-file=\"https:\/\/i0.wp.com\/www.jazzzeitung.de\/cms\/wp-content\/uploads\/2022\/06\/Heiner-Schmitz3_c_Frank-Wiesen.jpg?fit=1001%2C1500&amp;ssl=1\" data-orig-size=\"1001,1500\" data-comments-opened=\"1\" data-image-meta=\"{&quot;aperture&quot;:&quot;4&quot;,&quot;credit&quot;:&quot;www.frankwiesenphoto.com&quot;,&quot;camera&quot;:&quot;ILCE-7RM3&quot;,&quot;caption&quot;:&quot;Heiner Schmitz\\u00b4Tales From The Wooden Kingdom feat. CCJO&quot;,&quot;created_timestamp&quot;:&quot;1632663883&quot;,&quot;copyright&quot;:&quot;Frank Wiesen&quot;,&quot;focal_length&quot;:&quot;50&quot;,&quot;iso&quot;:&quot;4000&quot;,&quot;shutter_speed&quot;:&quot;0.008&quot;,&quot;title&quot;:&quot;Heiner Schmitz\\u00b4Tales From The Wooden Kingdom feat. CCJO&quot;,&quot;orientation&quot;:&quot;0&quot;}\" data-image-title=\"Heiner Schmitz\u00b4Tales From The Wooden Kingdom feat. CCJO\" data-image-description=\"\" data-image-caption=\"&lt;p&gt;Heiner Schmitz\u00b4Tales From The Wooden Kingdom feat. CCJO&lt;\/p&gt;\n\" data-large-file=\"https:\/\/i0.wp.com\/www.jazzzeitung.de\/cms\/wp-content\/uploads\/2022\/06\/Heiner-Schmitz3_c_Frank-Wiesen.jpg?fit=400%2C600&amp;ssl=1\" class=\" wp-image-27503\" src=\"https:\/\/i0.wp.com\/www.jazzzeitung.de\/cms\/wp-content\/uploads\/2022\/06\/Heiner-Schmitz3_c_Frank-Wiesen.jpg?resize=424%2C643&#038;ssl=1\" alt=\"\" width=\"424\" height=\"643\" \/><\/p>\n<p>Heiner Schmitz hat mit Veronika Morscher und dem Cologne Contemporary Jazz Orchestra ein Kunstwerk geschaffen, das nicht nur eine jazzmusikalische \u00a0Hommage an den Wald schlechthin darstellt, sondern \u00fcberdies einen originellen Beitrag zum Kapitel \u201eJazz und Lyrik\u201c.<\/p>\n<p>\u201eTales From The Wooden Kingdom\u201c wurde von der Initiative Musik eGmbH, den Klaus-Geske-Stiftungen und der Kunststiftung NRW gef\u00f6rdert, im September 2021 im Kammermusiksaal des Deutschlandfunks K\u00f6ln aufgenommen und im April 2022 als CD bei KLAENG Records ver\u00f6ffentlicht.<\/p>\n<p><img data-recalc-dims=\"1\" loading=\"lazy\" decoding=\"async\" data-attachment-id=\"27498\" data-permalink=\"https:\/\/www.jazzzeitung.de\/cms\/2022\/06\/heiner-schmitz-tales-from-the-wooden-kingdom\/cover-heiner-schmitz-wooden-kingdom-1\/\" data-orig-file=\"https:\/\/i0.wp.com\/www.jazzzeitung.de\/cms\/wp-content\/uploads\/2022\/06\/cover-Heiner-Schmitz-wooden-kingdom-1.jpg?fit=1648%2C1476&amp;ssl=1\" data-orig-size=\"1648,1476\" data-comments-opened=\"1\" data-image-meta=\"{&quot;aperture&quot;:&quot;0&quot;,&quot;credit&quot;:&quot;&quot;,&quot;camera&quot;:&quot;&quot;,&quot;caption&quot;:&quot;&quot;,&quot;created_timestamp&quot;:&quot;0&quot;,&quot;copyright&quot;:&quot;&quot;,&quot;focal_length&quot;:&quot;0&quot;,&quot;iso&quot;:&quot;0&quot;,&quot;shutter_speed&quot;:&quot;0&quot;,&quot;title&quot;:&quot;&quot;,&quot;orientation&quot;:&quot;1&quot;}\" data-image-title=\"cover-Heiner-Schmitz-wooden-kingdom (1)\" data-image-description=\"\" data-image-caption=\"\" data-large-file=\"https:\/\/i0.wp.com\/www.jazzzeitung.de\/cms\/wp-content\/uploads\/2022\/06\/cover-Heiner-Schmitz-wooden-kingdom-1.jpg?fit=670%2C600&amp;ssl=1\" class=\"alignleft size-medium wp-image-27498\" src=\"https:\/\/i0.wp.com\/www.jazzzeitung.de\/cms\/wp-content\/uploads\/2022\/06\/cover-Heiner-Schmitz-wooden-kingdom-1.jpg?resize=300%2C269&#038;ssl=1\" alt=\"\" width=\"300\" height=\"269\" srcset=\"https:\/\/i0.wp.com\/www.jazzzeitung.de\/cms\/wp-content\/uploads\/2022\/06\/cover-Heiner-Schmitz-wooden-kingdom-1.jpg?resize=300%2C269&amp;ssl=1 300w, https:\/\/i0.wp.com\/www.jazzzeitung.de\/cms\/wp-content\/uploads\/2022\/06\/cover-Heiner-Schmitz-wooden-kingdom-1.jpg?resize=670%2C600&amp;ssl=1 670w, https:\/\/i0.wp.com\/www.jazzzeitung.de\/cms\/wp-content\/uploads\/2022\/06\/cover-Heiner-Schmitz-wooden-kingdom-1.jpg?resize=768%2C688&amp;ssl=1 768w, https:\/\/i0.wp.com\/www.jazzzeitung.de\/cms\/wp-content\/uploads\/2022\/06\/cover-Heiner-Schmitz-wooden-kingdom-1.jpg?resize=1536%2C1376&amp;ssl=1 1536w, https:\/\/i0.wp.com\/www.jazzzeitung.de\/cms\/wp-content\/uploads\/2022\/06\/cover-Heiner-Schmitz-wooden-kingdom-1.jpg?resize=1320%2C1182&amp;ssl=1 1320w, https:\/\/i0.wp.com\/www.jazzzeitung.de\/cms\/wp-content\/uploads\/2022\/06\/cover-Heiner-Schmitz-wooden-kingdom-1.jpg?w=1648&amp;ssl=1 1648w\" sizes=\"auto, (max-width: 300px) 100vw, 300px\" \/><\/p>\n<p><strong>Heiner Schmitz \u2013 Tales From The Wooden Kingdom<\/strong><\/p>\n<p>Klaeng Records 065 \/ LC 30645 \/ 016027172521 \/\u00a0 Vertrieb: Klaeng Records \/\u00a0<a href=\"http:\/\/www.klaengrecords.de\/\">www.klaengrecords.de<\/a><\/p>\n<p><strong>Feat. Cologne Contemporary Jazz Ochestra \u00a0\/ \u00a0Veronika Morscher, Gesang<\/strong><\/p>\n<p>&nbsp;<\/p>\n","protected":false},"excerpt":{"rendered":"<p>Von Dietrich Schlegel. Elias Canetti beschrieb in seinem philosophischen Hauptwerk \u201eMasse und Macht\u201c (1960) den Hang der Deutschen zur Mystifizierung des Waldes mit den Worten: \u201eIn keinem modernen Lande der Welt ist das Waldgef\u00fchl so lebendig geblieben wie in Deutschland. Das Rigide und Parallele der aufrechtstehenden B\u00e4ume, ihre Dichte und ihre Zahl erf\u00fcllt das Herz des Deutschen mit tiefer und geheimnisvoller Freude. Er sucht den Wald, in dem seine Vorfahren gelebt haben, noch gern auf und f\u00fchlt sich eins mit den B\u00e4umen\u2026 Man soll die Wirkung dieser fr\u00fchen Waldromantik auf den Deutschen nicht untersch\u00e4tzen. In hundert Liedern und Gedichten nahm er sie auf\u2026\u201c Refugium Wald Konfrontiert mit diesen S\u00e4tzen ger\u00e4t Heiner Schmitz, Jazzmusiker und Komponist, Sch\u00f6pfer seines \u2013 nach der \u201eOdyssee\u201c und \u201eSinns &amp; Blessings\u201c &#8211; neuen gro\u00dforchestralen Werkes \u201eTales From The Wooden Kingdom\u201c, ins Gr\u00fcbeln, sieht sich in gewisser Weise best\u00e4tigt und versucht zu beschreiben, was Wald f\u00fcr ihn bedeutet: \u201eWald ist f\u00fcr mich in erster Linie ein Refugium, in dem man zu sich kommen kann, seine Gedanken schweifen l\u00e4sst, den urbanen, sozusagen unbewaldeten Alltag abstreifen und durchatmen kann\u2026\u201c &nbsp; Die Frage, ob er &hellip;<\/p>\n","protected":false},"author":18,"featured_media":27499,"comment_status":"open","ping_status":"closed","sticky":false,"template":"","format":"standard","meta":{"_jetpack_memberships_contains_paid_content":false,"footnotes":"","jetpack_publicize_message":"","jetpack_publicize_feature_enabled":true,"jetpack_social_post_already_shared":false,"jetpack_social_options":{"image_generator_settings":{"template":"highway","default_image_id":0,"font":"","enabled":false},"version":2}},"categories":[1063,1152],"tags":[1081,4150,4151,4149],"coauthors":[695],"class_list":["post-27496","post","type-post","status-publish","format-standard","has-post-thumbnail","hentry","category-portrait","category-rezension","tag-dietrich-schlegel","tag-heiner-schmitz","tag-klaeng-records","tag-tales-from-the-wooden-kingdom"],"yoast_head":"<!-- This site is optimized with the Yoast SEO plugin v27.4 - https:\/\/yoast.com\/product\/yoast-seo-wordpress\/ -->\n<title>Heiner Schmitz - \u201eTales From The Wooden Kingdom\u201c - JazzZeitung<\/title>\n<meta name=\"robots\" content=\"index, follow, max-snippet:-1, max-image-preview:large, max-video-preview:-1\" \/>\n<link rel=\"canonical\" href=\"https:\/\/www.jazzzeitung.de\/cms\/2022\/06\/heiner-schmitz-tales-from-the-wooden-kingdom\/\" \/>\n<meta property=\"og:locale\" content=\"de_DE\" \/>\n<meta property=\"og:type\" content=\"article\" \/>\n<meta property=\"og:title\" content=\"Heiner Schmitz - \u201eTales From The Wooden Kingdom\u201c - JazzZeitung\" \/>\n<meta property=\"og:description\" content=\"Von Dietrich Schlegel. Elias Canetti beschrieb in seinem philosophischen Hauptwerk \u201eMasse und Macht\u201c (1960) den Hang der Deutschen zur Mystifizierung des Waldes mit den Worten: \u201eIn keinem modernen Lande der Welt ist das Waldgef\u00fchl so lebendig geblieben wie in Deutschland. Das Rigide und Parallele der aufrechtstehenden B\u00e4ume, ihre Dichte und ihre Zahl erf\u00fcllt das Herz des Deutschen mit tiefer und geheimnisvoller Freude. Er sucht den Wald, in dem seine Vorfahren gelebt haben, noch gern auf und f\u00fchlt sich eins mit den B\u00e4umen\u2026 Man soll die Wirkung dieser fr\u00fchen Waldromantik auf den Deutschen nicht untersch\u00e4tzen. In hundert Liedern und Gedichten nahm er sie auf\u2026\u201c Refugium Wald Konfrontiert mit diesen S\u00e4tzen ger\u00e4t Heiner Schmitz, Jazzmusiker und Komponist, Sch\u00f6pfer seines \u2013 nach der \u201eOdyssee\u201c und \u201eSinns &amp; Blessings\u201c &#8211; neuen gro\u00dforchestralen Werkes \u201eTales From The Wooden Kingdom\u201c, ins Gr\u00fcbeln, sieht sich in gewisser Weise best\u00e4tigt und versucht zu beschreiben, was Wald f\u00fcr ihn bedeutet: \u201eWald ist f\u00fcr mich in erster Linie ein Refugium, in dem man zu sich kommen kann, seine Gedanken schweifen l\u00e4sst, den urbanen, sozusagen unbewaldeten Alltag abstreifen und durchatmen kann\u2026\u201c &nbsp; Die Frage, ob er &hellip;\" \/>\n<meta property=\"og:url\" content=\"https:\/\/www.jazzzeitung.de\/cms\/2022\/06\/heiner-schmitz-tales-from-the-wooden-kingdom\/\" \/>\n<meta property=\"og:site_name\" content=\"JazzZeitung\" \/>\n<meta property=\"article:publisher\" content=\"https:\/\/www.facebook.com\/JazzZeitung\/\" \/>\n<meta property=\"article:published_time\" content=\"2022-06-10T05:30:13+00:00\" \/>\n<meta property=\"article:modified_time\" content=\"2022-06-10T08:57:03+00:00\" \/>\n<meta property=\"og:image\" content=\"https:\/\/www.jazzzeitung.de\/cms\/wp-content\/uploads\/2022\/06\/Heiner-Schmitz-WK_CCJO_2_c_Frank-Wiesen.jpg\" \/>\n\t<meta property=\"og:image:width\" content=\"1500\" \/>\n\t<meta property=\"og:image:height\" content=\"844\" \/>\n\t<meta property=\"og:image:type\" content=\"image\/jpeg\" \/>\n<meta name=\"author\" content=\"Redaktion JazzZeitung\" \/>\n<script type=\"application\/ld+json\" class=\"yoast-schema-graph\">{\"@context\":\"https:\\\/\\\/schema.org\",\"@graph\":[{\"@type\":\"Article\",\"@id\":\"https:\\\/\\\/www.jazzzeitung.de\\\/cms\\\/2022\\\/06\\\/heiner-schmitz-tales-from-the-wooden-kingdom\\\/#article\",\"isPartOf\":{\"@id\":\"https:\\\/\\\/www.jazzzeitung.de\\\/cms\\\/2022\\\/06\\\/heiner-schmitz-tales-from-the-wooden-kingdom\\\/\"},\"author\":{\"name\":\"Redaktion JazzZeitung\",\"@id\":\"https:\\\/\\\/www.jazzzeitung.de\\\/cms\\\/#\\\/schema\\\/person\\\/2245b36b9cd1d24cea10f01c031fb92b\"},\"headline\":\"Heiner Schmitz &#8211; \u201eTales From The Wooden Kingdom\u201c\",\"datePublished\":\"2022-06-10T05:30:13+00:00\",\"dateModified\":\"2022-06-10T08:57:03+00:00\",\"mainEntityOfPage\":{\"@id\":\"https:\\\/\\\/www.jazzzeitung.de\\\/cms\\\/2022\\\/06\\\/heiner-schmitz-tales-from-the-wooden-kingdom\\\/\"},\"wordCount\":1601,\"commentCount\":0,\"publisher\":{\"@id\":\"https:\\\/\\\/www.jazzzeitung.de\\\/cms\\\/#organization\"},\"image\":{\"@id\":\"https:\\\/\\\/www.jazzzeitung.de\\\/cms\\\/2022\\\/06\\\/heiner-schmitz-tales-from-the-wooden-kingdom\\\/#primaryimage\"},\"thumbnailUrl\":\"https:\\\/\\\/i0.wp.com\\\/www.jazzzeitung.de\\\/cms\\\/wp-content\\\/uploads\\\/2022\\\/06\\\/Heiner-Schmitz-WK_CCJO_2_c_Frank-Wiesen.jpg?fit=1500%2C844&ssl=1\",\"keywords\":[\"Dietrich Schlegel\",\"Heiner Schmitz\",\"Klaeng Records\",\"Tales from the Wooden Kingdom\"],\"articleSection\":[\"Portrait\",\"Rezension\"],\"inLanguage\":\"de\",\"potentialAction\":[{\"@type\":\"CommentAction\",\"name\":\"Comment\",\"target\":[\"https:\\\/\\\/www.jazzzeitung.de\\\/cms\\\/2022\\\/06\\\/heiner-schmitz-tales-from-the-wooden-kingdom\\\/#respond\"]}]},{\"@type\":\"WebPage\",\"@id\":\"https:\\\/\\\/www.jazzzeitung.de\\\/cms\\\/2022\\\/06\\\/heiner-schmitz-tales-from-the-wooden-kingdom\\\/\",\"url\":\"https:\\\/\\\/www.jazzzeitung.de\\\/cms\\\/2022\\\/06\\\/heiner-schmitz-tales-from-the-wooden-kingdom\\\/\",\"name\":\"Heiner Schmitz - \u201eTales From The Wooden Kingdom\u201c - JazzZeitung\",\"isPartOf\":{\"@id\":\"https:\\\/\\\/www.jazzzeitung.de\\\/cms\\\/#website\"},\"primaryImageOfPage\":{\"@id\":\"https:\\\/\\\/www.jazzzeitung.de\\\/cms\\\/2022\\\/06\\\/heiner-schmitz-tales-from-the-wooden-kingdom\\\/#primaryimage\"},\"image\":{\"@id\":\"https:\\\/\\\/www.jazzzeitung.de\\\/cms\\\/2022\\\/06\\\/heiner-schmitz-tales-from-the-wooden-kingdom\\\/#primaryimage\"},\"thumbnailUrl\":\"https:\\\/\\\/i0.wp.com\\\/www.jazzzeitung.de\\\/cms\\\/wp-content\\\/uploads\\\/2022\\\/06\\\/Heiner-Schmitz-WK_CCJO_2_c_Frank-Wiesen.jpg?fit=1500%2C844&ssl=1\",\"datePublished\":\"2022-06-10T05:30:13+00:00\",\"dateModified\":\"2022-06-10T08:57:03+00:00\",\"breadcrumb\":{\"@id\":\"https:\\\/\\\/www.jazzzeitung.de\\\/cms\\\/2022\\\/06\\\/heiner-schmitz-tales-from-the-wooden-kingdom\\\/#breadcrumb\"},\"inLanguage\":\"de\",\"potentialAction\":[{\"@type\":\"ReadAction\",\"target\":[\"https:\\\/\\\/www.jazzzeitung.de\\\/cms\\\/2022\\\/06\\\/heiner-schmitz-tales-from-the-wooden-kingdom\\\/\"]}]},{\"@type\":\"ImageObject\",\"inLanguage\":\"de\",\"@id\":\"https:\\\/\\\/www.jazzzeitung.de\\\/cms\\\/2022\\\/06\\\/heiner-schmitz-tales-from-the-wooden-kingdom\\\/#primaryimage\",\"url\":\"https:\\\/\\\/i0.wp.com\\\/www.jazzzeitung.de\\\/cms\\\/wp-content\\\/uploads\\\/2022\\\/06\\\/Heiner-Schmitz-WK_CCJO_2_c_Frank-Wiesen.jpg?fit=1500%2C844&ssl=1\",\"contentUrl\":\"https:\\\/\\\/i0.wp.com\\\/www.jazzzeitung.de\\\/cms\\\/wp-content\\\/uploads\\\/2022\\\/06\\\/Heiner-Schmitz-WK_CCJO_2_c_Frank-Wiesen.jpg?fit=1500%2C844&ssl=1\",\"width\":1500,\"height\":844,\"caption\":\"Heiner Schmitz\u00b4Tales From The Wooden Kingdom feat. CCJO\"},{\"@type\":\"BreadcrumbList\",\"@id\":\"https:\\\/\\\/www.jazzzeitung.de\\\/cms\\\/2022\\\/06\\\/heiner-schmitz-tales-from-the-wooden-kingdom\\\/#breadcrumb\",\"itemListElement\":[{\"@type\":\"ListItem\",\"position\":1,\"name\":\"Startseite\",\"item\":\"https:\\\/\\\/www.jazzzeitung.de\\\/cms\\\/\"},{\"@type\":\"ListItem\",\"position\":2,\"name\":\"Heiner Schmitz &#8211; \u201eTales From The Wooden Kingdom\u201c\"}]},{\"@type\":\"WebSite\",\"@id\":\"https:\\\/\\\/www.jazzzeitung.de\\\/cms\\\/#website\",\"url\":\"https:\\\/\\\/www.jazzzeitung.de\\\/cms\\\/\",\"name\":\"JazzZeitung\",\"description\":\"Jazz-News und Jazz-Kontroverses\",\"publisher\":{\"@id\":\"https:\\\/\\\/www.jazzzeitung.de\\\/cms\\\/#organization\"},\"potentialAction\":[{\"@type\":\"SearchAction\",\"target\":{\"@type\":\"EntryPoint\",\"urlTemplate\":\"https:\\\/\\\/www.jazzzeitung.de\\\/cms\\\/?s={search_term_string}\"},\"query-input\":{\"@type\":\"PropertyValueSpecification\",\"valueRequired\":true,\"valueName\":\"search_term_string\"}}],\"inLanguage\":\"de\"},{\"@type\":\"Organization\",\"@id\":\"https:\\\/\\\/www.jazzzeitung.de\\\/cms\\\/#organization\",\"name\":\"JazzZeitung online\",\"url\":\"https:\\\/\\\/www.jazzzeitung.de\\\/cms\\\/\",\"logo\":{\"@type\":\"ImageObject\",\"inLanguage\":\"de\",\"@id\":\"https:\\\/\\\/www.jazzzeitung.de\\\/cms\\\/#\\\/schema\\\/logo\\\/image\\\/\",\"url\":\"https:\\\/\\\/i0.wp.com\\\/www.jazzzeitung.de\\\/cms\\\/wp-content\\\/uploads\\\/2015\\\/08\\\/JAZZZEITUNGDE_Logo_Neu.png?fit=499%2C200&ssl=1\",\"contentUrl\":\"https:\\\/\\\/i0.wp.com\\\/www.jazzzeitung.de\\\/cms\\\/wp-content\\\/uploads\\\/2015\\\/08\\\/JAZZZEITUNGDE_Logo_Neu.png?fit=499%2C200&ssl=1\",\"width\":499,\"height\":200,\"caption\":\"JazzZeitung online\"},\"image\":{\"@id\":\"https:\\\/\\\/www.jazzzeitung.de\\\/cms\\\/#\\\/schema\\\/logo\\\/image\\\/\"},\"sameAs\":[\"https:\\\/\\\/www.facebook.com\\\/JazzZeitung\\\/\"]},{\"@type\":\"Person\",\"@id\":\"https:\\\/\\\/www.jazzzeitung.de\\\/cms\\\/#\\\/schema\\\/person\\\/2245b36b9cd1d24cea10f01c031fb92b\",\"name\":\"Redaktion JazzZeitung\",\"image\":{\"@type\":\"ImageObject\",\"inLanguage\":\"de\",\"@id\":\"https:\\\/\\\/i0.wp.com\\\/www.jazzzeitung.de\\\/cms\\\/wp-content\\\/uploads\\\/2015\\\/08\\\/JAZZZEITUNGDE_Logo_Neu.png?resize=96%2C96&ssl=159975dcacb611b5700bd619b5daf0a7a\",\"url\":\"https:\\\/\\\/i0.wp.com\\\/www.jazzzeitung.de\\\/cms\\\/wp-content\\\/uploads\\\/2015\\\/08\\\/JAZZZEITUNGDE_Logo_Neu.png?resize=96%2C96&ssl=1\",\"contentUrl\":\"https:\\\/\\\/i0.wp.com\\\/www.jazzzeitung.de\\\/cms\\\/wp-content\\\/uploads\\\/2015\\\/08\\\/JAZZZEITUNGDE_Logo_Neu.png?resize=96%2C96&ssl=1\",\"caption\":\"Redaktion JazzZeitung\"},\"description\":\"Artikel der Redaktion der JazzZeitung.\",\"sameAs\":[\"http:\\\/\\\/www.jazzzeitung.de\\\/cms\\\/\"],\"url\":\"https:\\\/\\\/www.jazzzeitung.de\\\/cms\\\/author\\\/redaktion\\\/\"}]}<\/script>\n<!-- \/ Yoast SEO plugin. -->","yoast_head_json":{"title":"Heiner Schmitz - \u201eTales From The Wooden Kingdom\u201c - JazzZeitung","robots":{"index":"index","follow":"follow","max-snippet":"max-snippet:-1","max-image-preview":"max-image-preview:large","max-video-preview":"max-video-preview:-1"},"canonical":"https:\/\/www.jazzzeitung.de\/cms\/2022\/06\/heiner-schmitz-tales-from-the-wooden-kingdom\/","og_locale":"de_DE","og_type":"article","og_title":"Heiner Schmitz - \u201eTales From The Wooden Kingdom\u201c - JazzZeitung","og_description":"Von Dietrich Schlegel. Elias Canetti beschrieb in seinem philosophischen Hauptwerk \u201eMasse und Macht\u201c (1960) den Hang der Deutschen zur Mystifizierung des Waldes mit den Worten: \u201eIn keinem modernen Lande der Welt ist das Waldgef\u00fchl so lebendig geblieben wie in Deutschland. Das Rigide und Parallele der aufrechtstehenden B\u00e4ume, ihre Dichte und ihre Zahl erf\u00fcllt das Herz des Deutschen mit tiefer und geheimnisvoller Freude. Er sucht den Wald, in dem seine Vorfahren gelebt haben, noch gern auf und f\u00fchlt sich eins mit den B\u00e4umen\u2026 Man soll die Wirkung dieser fr\u00fchen Waldromantik auf den Deutschen nicht untersch\u00e4tzen. In hundert Liedern und Gedichten nahm er sie auf\u2026\u201c Refugium Wald Konfrontiert mit diesen S\u00e4tzen ger\u00e4t Heiner Schmitz, Jazzmusiker und Komponist, Sch\u00f6pfer seines \u2013 nach der \u201eOdyssee\u201c und \u201eSinns &amp; Blessings\u201c &#8211; neuen gro\u00dforchestralen Werkes \u201eTales From The Wooden Kingdom\u201c, ins Gr\u00fcbeln, sieht sich in gewisser Weise best\u00e4tigt und versucht zu beschreiben, was Wald f\u00fcr ihn bedeutet: \u201eWald ist f\u00fcr mich in erster Linie ein Refugium, in dem man zu sich kommen kann, seine Gedanken schweifen l\u00e4sst, den urbanen, sozusagen unbewaldeten Alltag abstreifen und durchatmen kann\u2026\u201c &nbsp; Die Frage, ob er &hellip;","og_url":"https:\/\/www.jazzzeitung.de\/cms\/2022\/06\/heiner-schmitz-tales-from-the-wooden-kingdom\/","og_site_name":"JazzZeitung","article_publisher":"https:\/\/www.facebook.com\/JazzZeitung\/","article_published_time":"2022-06-10T05:30:13+00:00","article_modified_time":"2022-06-10T08:57:03+00:00","og_image":[{"width":1500,"height":844,"url":"https:\/\/www.jazzzeitung.de\/cms\/wp-content\/uploads\/2022\/06\/Heiner-Schmitz-WK_CCJO_2_c_Frank-Wiesen.jpg","type":"image\/jpeg"}],"author":"Redaktion JazzZeitung","schema":{"@context":"https:\/\/schema.org","@graph":[{"@type":"Article","@id":"https:\/\/www.jazzzeitung.de\/cms\/2022\/06\/heiner-schmitz-tales-from-the-wooden-kingdom\/#article","isPartOf":{"@id":"https:\/\/www.jazzzeitung.de\/cms\/2022\/06\/heiner-schmitz-tales-from-the-wooden-kingdom\/"},"author":{"name":"Redaktion JazzZeitung","@id":"https:\/\/www.jazzzeitung.de\/cms\/#\/schema\/person\/2245b36b9cd1d24cea10f01c031fb92b"},"headline":"Heiner Schmitz &#8211; \u201eTales From The Wooden Kingdom\u201c","datePublished":"2022-06-10T05:30:13+00:00","dateModified":"2022-06-10T08:57:03+00:00","mainEntityOfPage":{"@id":"https:\/\/www.jazzzeitung.de\/cms\/2022\/06\/heiner-schmitz-tales-from-the-wooden-kingdom\/"},"wordCount":1601,"commentCount":0,"publisher":{"@id":"https:\/\/www.jazzzeitung.de\/cms\/#organization"},"image":{"@id":"https:\/\/www.jazzzeitung.de\/cms\/2022\/06\/heiner-schmitz-tales-from-the-wooden-kingdom\/#primaryimage"},"thumbnailUrl":"https:\/\/i0.wp.com\/www.jazzzeitung.de\/cms\/wp-content\/uploads\/2022\/06\/Heiner-Schmitz-WK_CCJO_2_c_Frank-Wiesen.jpg?fit=1500%2C844&ssl=1","keywords":["Dietrich Schlegel","Heiner Schmitz","Klaeng Records","Tales from the Wooden Kingdom"],"articleSection":["Portrait","Rezension"],"inLanguage":"de","potentialAction":[{"@type":"CommentAction","name":"Comment","target":["https:\/\/www.jazzzeitung.de\/cms\/2022\/06\/heiner-schmitz-tales-from-the-wooden-kingdom\/#respond"]}]},{"@type":"WebPage","@id":"https:\/\/www.jazzzeitung.de\/cms\/2022\/06\/heiner-schmitz-tales-from-the-wooden-kingdom\/","url":"https:\/\/www.jazzzeitung.de\/cms\/2022\/06\/heiner-schmitz-tales-from-the-wooden-kingdom\/","name":"Heiner Schmitz - \u201eTales From The Wooden Kingdom\u201c - JazzZeitung","isPartOf":{"@id":"https:\/\/www.jazzzeitung.de\/cms\/#website"},"primaryImageOfPage":{"@id":"https:\/\/www.jazzzeitung.de\/cms\/2022\/06\/heiner-schmitz-tales-from-the-wooden-kingdom\/#primaryimage"},"image":{"@id":"https:\/\/www.jazzzeitung.de\/cms\/2022\/06\/heiner-schmitz-tales-from-the-wooden-kingdom\/#primaryimage"},"thumbnailUrl":"https:\/\/i0.wp.com\/www.jazzzeitung.de\/cms\/wp-content\/uploads\/2022\/06\/Heiner-Schmitz-WK_CCJO_2_c_Frank-Wiesen.jpg?fit=1500%2C844&ssl=1","datePublished":"2022-06-10T05:30:13+00:00","dateModified":"2022-06-10T08:57:03+00:00","breadcrumb":{"@id":"https:\/\/www.jazzzeitung.de\/cms\/2022\/06\/heiner-schmitz-tales-from-the-wooden-kingdom\/#breadcrumb"},"inLanguage":"de","potentialAction":[{"@type":"ReadAction","target":["https:\/\/www.jazzzeitung.de\/cms\/2022\/06\/heiner-schmitz-tales-from-the-wooden-kingdom\/"]}]},{"@type":"ImageObject","inLanguage":"de","@id":"https:\/\/www.jazzzeitung.de\/cms\/2022\/06\/heiner-schmitz-tales-from-the-wooden-kingdom\/#primaryimage","url":"https:\/\/i0.wp.com\/www.jazzzeitung.de\/cms\/wp-content\/uploads\/2022\/06\/Heiner-Schmitz-WK_CCJO_2_c_Frank-Wiesen.jpg?fit=1500%2C844&ssl=1","contentUrl":"https:\/\/i0.wp.com\/www.jazzzeitung.de\/cms\/wp-content\/uploads\/2022\/06\/Heiner-Schmitz-WK_CCJO_2_c_Frank-Wiesen.jpg?fit=1500%2C844&ssl=1","width":1500,"height":844,"caption":"Heiner Schmitz\u00b4Tales From The Wooden Kingdom feat. CCJO"},{"@type":"BreadcrumbList","@id":"https:\/\/www.jazzzeitung.de\/cms\/2022\/06\/heiner-schmitz-tales-from-the-wooden-kingdom\/#breadcrumb","itemListElement":[{"@type":"ListItem","position":1,"name":"Startseite","item":"https:\/\/www.jazzzeitung.de\/cms\/"},{"@type":"ListItem","position":2,"name":"Heiner Schmitz &#8211; \u201eTales From The Wooden Kingdom\u201c"}]},{"@type":"WebSite","@id":"https:\/\/www.jazzzeitung.de\/cms\/#website","url":"https:\/\/www.jazzzeitung.de\/cms\/","name":"JazzZeitung","description":"Jazz-News und Jazz-Kontroverses","publisher":{"@id":"https:\/\/www.jazzzeitung.de\/cms\/#organization"},"potentialAction":[{"@type":"SearchAction","target":{"@type":"EntryPoint","urlTemplate":"https:\/\/www.jazzzeitung.de\/cms\/?s={search_term_string}"},"query-input":{"@type":"PropertyValueSpecification","valueRequired":true,"valueName":"search_term_string"}}],"inLanguage":"de"},{"@type":"Organization","@id":"https:\/\/www.jazzzeitung.de\/cms\/#organization","name":"JazzZeitung online","url":"https:\/\/www.jazzzeitung.de\/cms\/","logo":{"@type":"ImageObject","inLanguage":"de","@id":"https:\/\/www.jazzzeitung.de\/cms\/#\/schema\/logo\/image\/","url":"https:\/\/i0.wp.com\/www.jazzzeitung.de\/cms\/wp-content\/uploads\/2015\/08\/JAZZZEITUNGDE_Logo_Neu.png?fit=499%2C200&ssl=1","contentUrl":"https:\/\/i0.wp.com\/www.jazzzeitung.de\/cms\/wp-content\/uploads\/2015\/08\/JAZZZEITUNGDE_Logo_Neu.png?fit=499%2C200&ssl=1","width":499,"height":200,"caption":"JazzZeitung online"},"image":{"@id":"https:\/\/www.jazzzeitung.de\/cms\/#\/schema\/logo\/image\/"},"sameAs":["https:\/\/www.facebook.com\/JazzZeitung\/"]},{"@type":"Person","@id":"https:\/\/www.jazzzeitung.de\/cms\/#\/schema\/person\/2245b36b9cd1d24cea10f01c031fb92b","name":"Redaktion JazzZeitung","image":{"@type":"ImageObject","inLanguage":"de","@id":"https:\/\/i0.wp.com\/www.jazzzeitung.de\/cms\/wp-content\/uploads\/2015\/08\/JAZZZEITUNGDE_Logo_Neu.png?resize=96%2C96&ssl=159975dcacb611b5700bd619b5daf0a7a","url":"https:\/\/i0.wp.com\/www.jazzzeitung.de\/cms\/wp-content\/uploads\/2015\/08\/JAZZZEITUNGDE_Logo_Neu.png?resize=96%2C96&ssl=1","contentUrl":"https:\/\/i0.wp.com\/www.jazzzeitung.de\/cms\/wp-content\/uploads\/2015\/08\/JAZZZEITUNGDE_Logo_Neu.png?resize=96%2C96&ssl=1","caption":"Redaktion JazzZeitung"},"description":"Artikel der Redaktion der JazzZeitung.","sameAs":["http:\/\/www.jazzzeitung.de\/cms\/"],"url":"https:\/\/www.jazzzeitung.de\/cms\/author\/redaktion\/"}]}},"wp-worthy-pixel":{"ignored":false,"public":null,"server":null,"url":null},"wp-worthy-type":"normal","jetpack_publicize_connections":[],"cc_featured_image_caption":{"caption_text":"","source_text":"","source_url":""},"jetpack_featured_media_url":"https:\/\/i0.wp.com\/www.jazzzeitung.de\/cms\/wp-content\/uploads\/2022\/06\/Heiner-Schmitz-WK_CCJO_2_c_Frank-Wiesen.jpg?fit=1500%2C844&ssl=1","jetpack_shortlink":"https:\/\/wp.me\/p3KEcT-79u","jetpack-related-posts":[{"id":5615,"url":"https:\/\/www.jazzzeitung.de\/cms\/2015\/03\/nach-der-odyssee-nun-die-sieben-todsuenden-heiner-schmitz\/","url_meta":{"origin":27496,"position":0},"title":"Nach der \u201eOdyssee\u201c nun die Sieben Tods\u00fcnden: Heiner Schmitz","author":"Redaktion JazzZeitung","date":"3. M\u00e4rz 2015","format":false,"excerpt":"Von Dietrich Schlegel - Um neue Ideen f\u00fcr ungew\u00f6hnliche Projekte ist der Komponist und Saxophonist Heiner Schmitz nie verlegen. Hatte er sich vor vier Jahren mit der \u201eOdyssee\u201c das \u00e4lteste Werk der abendl\u00e4ndischen Literatur ausgesucht, um es in die Klangwelt einer modernen Jazz Big Band einzubetten, dem Cologne Contemporary Jazz\u2026","rel":"","context":"In &quot;Portrait&quot;","block_context":{"text":"Portrait","link":"https:\/\/www.jazzzeitung.de\/cms\/thema\/portrait\/"},"img":{"alt_text":"schmitz2","src":"https:\/\/i0.wp.com\/www.jazzzeitung.de\/cms\/wp-content\/uploads\/2015\/03\/schmitz2-150x150.jpg?resize=350%2C200","width":350,"height":200},"classes":[]},{"id":17499,"url":"https:\/\/www.jazzzeitung.de\/cms\/2018\/10\/einen-tusch-fuer-den-jazzfan-christian-brueckner-die-wdr-big-band-und-das-literaturfestival-lit-cologne-ehrten-den-grossen-sprachkuenstler\/","url_meta":{"origin":27496,"position":1},"title":"Einen Tusch f\u00fcr den Jazzfan Christian Br\u00fcckner: Die WDR Big Band und das Literaturfestival lit.Cologne ehrten den gro\u00dfen Sprachk\u00fcnstler","author":"Redaktion JazzZeitung","date":"19. Oktober 2018","format":false,"excerpt":"Seine unverkennbare Stimme hat an Eindringlichkeit nichts verloren. Vielleicht ist sie noch eine Spur heiserer, br\u00fcchiger, kehliger geworden, geht noch tiefer unter die Haut, l\u00e4sst schaudern, leiht den Gedanken Fl\u00fcgel oder erdet die Gef\u00fchle, je nach der Vorlage seines die gesamte Weltliteratur umfassenden Repertoires. Der gro\u00dfe Sprachzauberer Christian Br\u00fcckner, Rezitator,\u2026","rel":"","context":"In &quot;Bericht&quot;","block_context":{"text":"Bericht","link":"https:\/\/www.jazzzeitung.de\/cms\/thema\/bericht\/"},"img":{"alt_text":"","src":"https:\/\/i0.wp.com\/www.jazzzeitung.de\/cms\/wp-content\/uploads\/2018\/10\/Christian_Br%C3%BCckner_Matthias-Scheuer_audioberlin.com_.png?fit=1200%2C800&ssl=1&resize=350%2C200","width":350,"height":200,"srcset":"https:\/\/i0.wp.com\/www.jazzzeitung.de\/cms\/wp-content\/uploads\/2018\/10\/Christian_Br%C3%BCckner_Matthias-Scheuer_audioberlin.com_.png?fit=1200%2C800&ssl=1&resize=350%2C200 1x, https:\/\/i0.wp.com\/www.jazzzeitung.de\/cms\/wp-content\/uploads\/2018\/10\/Christian_Br%C3%BCckner_Matthias-Scheuer_audioberlin.com_.png?fit=1200%2C800&ssl=1&resize=525%2C300 1.5x, https:\/\/i0.wp.com\/www.jazzzeitung.de\/cms\/wp-content\/uploads\/2018\/10\/Christian_Br%C3%BCckner_Matthias-Scheuer_audioberlin.com_.png?fit=1200%2C800&ssl=1&resize=700%2C400 2x, https:\/\/i0.wp.com\/www.jazzzeitung.de\/cms\/wp-content\/uploads\/2018\/10\/Christian_Br%C3%BCckner_Matthias-Scheuer_audioberlin.com_.png?fit=1200%2C800&ssl=1&resize=1050%2C600 3x"},"classes":[]},{"id":1214,"url":"https:\/\/www.jazzzeitung.de\/cms\/2011\/09\/wolfgang-lauth-gestorben-von-dietrich-schlegel\/","url_meta":{"origin":27496,"position":2},"title":"Wolfgang Lauth gestorben &#8211; von Dietrich Schlegel","author":"Ursula Gaisa","date":"7. September 2011","format":false,"excerpt":"Wolfgang Lauth, \u201eeiner der f\u00fchrenden Pianisten und Komponisten der deutschen Jazzszene\u201c (Emil Mangelsdorff) starb am 30. August im Alter von 80 Jahren in seinem Wohnort Mannheim. In den F\u00fcnfzigerjahren geh\u00f6rte er zu jenen deutschen Jazzmusikern, die \u201edaf\u00fcr sorgten, dass der Jazz im Nachkriegsdeutschland nicht nur hinter den Amis herhechelte, sondern\u2026","rel":"","context":"In &quot;Blog&quot;","block_context":{"text":"Blog","link":"https:\/\/www.jazzzeitung.de\/cms\/thema\/blog\/"},"img":{"alt_text":"lauther","src":"https:\/\/i0.wp.com\/www.jazzzeitung.de\/cms\/wp-content\/uploads\/2011\/09\/lauther.jpg?resize=350%2C200","width":350,"height":200},"classes":[]},{"id":1662,"url":"https:\/\/www.jazzzeitung.de\/cms\/2012\/07\/ror-wolf-zum-80-geburtstag\/","url_meta":{"origin":27496,"position":3},"title":"Ror Wolf zum 80. Geburtstag","author":"Dietrich Schlegel","date":"5. Juli 2012","format":false,"excerpt":"Der vielfach ausgezeichnete Schriftsteller Ror Wolf, ein Virtuose der Sprache, der nicht zuletzt wegen seiner H\u00f6rspiele und Radiocollagen auch einem breiteren Publikum bekannt wurde (Stichwort: Fu\u00dfball), hat sich Jazzmusikern und \u2013fans vor allem durch sein gro\u00dfartiges H\u00f6rspiel \u201eLeben und Tod des Kornettisten Bix Beiderbecke aus Nordamerika\u201c eingepr\u00e4gt. Wolf zeichnet darin\u2026","rel":"","context":"In &quot;Portrait&quot;","block_context":{"text":"Portrait","link":"https:\/\/www.jazzzeitung.de\/cms\/thema\/portrait\/"},"img":{"alt_text":"Ror Wolf. Foto: ???","src":"https:\/\/i0.wp.com\/www.jazzzeitung.de\/cms\/wp-content\/uploads\/2015\/07\/Ror-Wolf.jpg?fit=460%2C360&ssl=1&resize=350%2C200","width":350,"height":200},"classes":[]},{"id":6061,"url":"https:\/\/www.jazzzeitung.de\/cms\/2015\/05\/wolfgang-sauer-gestorben\/","url_meta":{"origin":27496,"position":4},"title":"Wolfgang Sauer gestorben","author":"Redaktion JazzZeitung","date":"4. Mai 2015","format":false,"excerpt":"Von Dietrich Schlegel - Dass der am 26. April im Alter von 87 Jahren in K\u00f6ln verstorbene S\u00e4nger und Pianist Wolfgang Sauer seine gr\u00f6\u00dften Erfolge und eine breite Popularit\u00e4t mit Schlagern wie \u201eGlaube mir\u201c und \u201eTr\u00e4nen in den Augen\u201c zu verdanken hatte, sollte nicht vergessen lassen, dass auch er, wie\u2026","rel":"","context":"In &quot;News&quot;","block_context":{"text":"News","link":"https:\/\/www.jazzzeitung.de\/cms\/thema\/nachrichten\/"},"img":{"alt_text":"cover_sauer","src":"https:\/\/i0.wp.com\/www.jazzzeitung.de\/cms\/wp-content\/uploads\/2015\/05\/cover_sauer-150x150.jpg?resize=350%2C200","width":350,"height":200},"classes":[]},{"id":28211,"url":"https:\/\/www.jazzzeitung.de\/cms\/2022\/08\/clarinet-bird-zum-tode-von-rolf-kuehn\/","url_meta":{"origin":27496,"position":5},"title":"\u201eClarinet Bird\u201c \u2013 Zum Tode von Rolf K\u00fchn","author":"Dietrich Schlegel","date":"22. August 2022","format":false,"excerpt":"Die Jazzwelt weit \u00fcber die deutsche Szene hinaus trauert um Rolf K\u00fchn, Klarinettist von internationalem Ruf, Komponist und Arrangeur, Bandleader sowie Musical Director. Er starb in der Nacht zum Freitag, dem 19. August, in seinem Wohnort Berlin nach vergeblicher Operation infolge eines Sturzes. Er w\u00e4re am 29. September 93 Jahre\u2026","rel":"","context":"In &quot;News&quot;","block_context":{"text":"News","link":"https:\/\/www.jazzzeitung.de\/cms\/thema\/nachrichten\/"},"img":{"alt_text":"","src":"https:\/\/i0.wp.com\/www.jazzzeitung.de\/cms\/wp-content\/uploads\/2022\/08\/huf-cmyk-np-2016-11-Joachim-Rolf-KuehnFotovanLoon845-1.jpg?fit=1200%2C800&ssl=1&resize=350%2C200","width":350,"height":200,"srcset":"https:\/\/i0.wp.com\/www.jazzzeitung.de\/cms\/wp-content\/uploads\/2022\/08\/huf-cmyk-np-2016-11-Joachim-Rolf-KuehnFotovanLoon845-1.jpg?fit=1200%2C800&ssl=1&resize=350%2C200 1x, https:\/\/i0.wp.com\/www.jazzzeitung.de\/cms\/wp-content\/uploads\/2022\/08\/huf-cmyk-np-2016-11-Joachim-Rolf-KuehnFotovanLoon845-1.jpg?fit=1200%2C800&ssl=1&resize=525%2C300 1.5x, https:\/\/i0.wp.com\/www.jazzzeitung.de\/cms\/wp-content\/uploads\/2022\/08\/huf-cmyk-np-2016-11-Joachim-Rolf-KuehnFotovanLoon845-1.jpg?fit=1200%2C800&ssl=1&resize=700%2C400 2x, https:\/\/i0.wp.com\/www.jazzzeitung.de\/cms\/wp-content\/uploads\/2022\/08\/huf-cmyk-np-2016-11-Joachim-Rolf-KuehnFotovanLoon845-1.jpg?fit=1200%2C800&ssl=1&resize=1050%2C600 3x"},"classes":[]}],"jetpack_sharing_enabled":true,"_links":{"self":[{"href":"https:\/\/www.jazzzeitung.de\/cms\/wp-json\/wp\/v2\/posts\/27496","targetHints":{"allow":["GET"]}}],"collection":[{"href":"https:\/\/www.jazzzeitung.de\/cms\/wp-json\/wp\/v2\/posts"}],"about":[{"href":"https:\/\/www.jazzzeitung.de\/cms\/wp-json\/wp\/v2\/types\/post"}],"author":[{"embeddable":true,"href":"https:\/\/www.jazzzeitung.de\/cms\/wp-json\/wp\/v2\/users\/18"}],"replies":[{"embeddable":true,"href":"https:\/\/www.jazzzeitung.de\/cms\/wp-json\/wp\/v2\/comments?post=27496"}],"version-history":[{"count":3,"href":"https:\/\/www.jazzzeitung.de\/cms\/wp-json\/wp\/v2\/posts\/27496\/revisions"}],"predecessor-version":[{"id":27509,"href":"https:\/\/www.jazzzeitung.de\/cms\/wp-json\/wp\/v2\/posts\/27496\/revisions\/27509"}],"wp:featuredmedia":[{"embeddable":true,"href":"https:\/\/www.jazzzeitung.de\/cms\/wp-json\/wp\/v2\/media\/27499"}],"wp:attachment":[{"href":"https:\/\/www.jazzzeitung.de\/cms\/wp-json\/wp\/v2\/media?parent=27496"}],"wp:term":[{"taxonomy":"category","embeddable":true,"href":"https:\/\/www.jazzzeitung.de\/cms\/wp-json\/wp\/v2\/categories?post=27496"},{"taxonomy":"post_tag","embeddable":true,"href":"https:\/\/www.jazzzeitung.de\/cms\/wp-json\/wp\/v2\/tags?post=27496"},{"taxonomy":"author","embeddable":true,"href":"https:\/\/www.jazzzeitung.de\/cms\/wp-json\/wp\/v2\/coauthors?post=27496"}],"curies":[{"name":"wp","href":"https:\/\/api.w.org\/{rel}","templated":true}]}}