{"id":27474,"date":"2022-06-07T11:00:21","date_gmt":"2022-06-07T09:00:21","guid":{"rendered":"https:\/\/www.jazzzeitung.de\/cms\/?p=27474"},"modified":"2022-06-07T11:00:21","modified_gmt":"2022-06-07T09:00:21","slug":"bingen-swingt-wird-jazz-am-maeuseturm-rabatt-auf-eintrittskarten","status":"publish","type":"post","link":"https:\/\/www.jazzzeitung.de\/cms\/2022\/06\/bingen-swingt-wird-jazz-am-maeuseturm-rabatt-auf-eintrittskarten\/","title":{"rendered":"Bingen swingt wird Jazz am M\u00e4useturm &#8211; Rabatt auf Eintrittskarten"},"content":{"rendered":"<h3>JAM \u2013 Jazz am M\u00e4useturm \u2013 das neue Jazzfestival in Bingen<\/h3>\n<p>(Pressemitteilung) <strong>Frische Sounds mit 25 Acts auf 3 Stages beim neuen JAM Festival: Jazz am M\u00e4useturm bringt Max Mutzke, Joy Denalane und viele Jazzgr\u00f6\u00dfen nach Bingen. Vom 16. bis 18. Juni 2022 bringen 25 internationale K\u00fcnstler auf 3 B\u00fchnen unvergessliche Konzertmomente in die atemberaubende Kulisse des Binger RheinNahe-Ecks. Joy Denalane, Nils Landgren Funk Unit, Max Mutzke, die SWR Big Band &amp; Chris Potter, Richard Bona, Leslie Clio, die Jazzrausch Bigband, Marco Mezquida, Kinga G\u0142yk, Jeff Cascaro und viele mehr versprechen ein unvergessliches Festivalerlebnis!<\/strong><\/p>\n<p>Mit dem JAM Festival bekommt Bingen ein legeres, weltoffenes und Generationen \u00fcbergreifendes Sommer-Format. Mit neuem Konzept treten die Veranstalter der Binger Tourismus &amp; Kongress GmbH in gro\u00dfe Fu\u00dfstapfen. \u201eBingen swingt\u201c hat in den vergangenen 25 Jahren tausende Jazz-Liebhaber<em>innen am Rhein versammelt und war eine feste Institution in der Region. Das JAM Festival wurde daher bewusst f\u00fcr die Fans von Bingen swingt und neue Besucher<\/em>innen erdacht und gestaltet.<br \/>\nDas neue Konzept sch\u00e4rft die bew\u00e4hrte musikalische Qualit\u00e4t im nationalen und internationalen Soul- und Jazz-Bereich und kombiniert sie mit Auftritten nationaler Gr\u00f6\u00dfen. Drei Tage lang wird der Sommer friedlich miteinander bei bestem Jazz, Soul, Funk und Pop gefeiert!<\/p>\n<h3>Traumkulisse<\/h3>\n<p>Unvergessliche Konzertmomente mit einem leckeren Glas Wein vor atemberaubender Kulisse mit Ausblick auf den Rhein erwarten die Besucher, die tags\u00fcber bei abwechslungsreichen Tagesprogrammen eine der sch\u00f6nsten Weinbauregionen erkunden k\u00f6nnen. Es ist diese besondere Atmosph\u00e4re, die das JAM Festival zu einem neuen, \u00fcberregionalen Anziehungspunkt f\u00fcr Bingen machen wird.<\/p>\n<figure id=\"attachment_27477\" aria-describedby=\"caption-attachment-27477\" style=\"width: 2000px\" class=\"wp-caption alignleft\"><img data-recalc-dims=\"1\" loading=\"lazy\" decoding=\"async\" data-attachment-id=\"27477\" data-permalink=\"https:\/\/www.jazzzeitung.de\/cms\/2022\/06\/bingen-swingt-wird-jazz-am-maeuseturm-rabatt-auf-eintrittskarten\/joydenalane_bennie-julian-gay_web\/\" data-orig-file=\"https:\/\/i0.wp.com\/www.jazzzeitung.de\/cms\/wp-content\/uploads\/2022\/06\/JoyDenalane_%C2%A9Bennie-Julian-Gay_web.jpg?fit=2000%2C1600&amp;ssl=1\" data-orig-size=\"2000,1600\" data-comments-opened=\"1\" data-image-meta=\"{&quot;aperture&quot;:&quot;5&quot;,&quot;credit&quot;:&quot;&quot;,&quot;camera&quot;:&quot;ILCE-7R&quot;,&quot;caption&quot;:&quot;&quot;,&quot;created_timestamp&quot;:&quot;1587989435&quot;,&quot;copyright&quot;:&quot;&quot;,&quot;focal_length&quot;:&quot;55&quot;,&quot;iso&quot;:&quot;800&quot;,&quot;shutter_speed&quot;:&quot;0.01&quot;,&quot;title&quot;:&quot;&quot;,&quot;orientation&quot;:&quot;0&quot;}\" data-image-title=\"JoyDenalane_\u00a9Bennie Julian Gay_web\" data-image-description=\"\" data-image-caption=\"\" data-large-file=\"https:\/\/i0.wp.com\/www.jazzzeitung.de\/cms\/wp-content\/uploads\/2022\/06\/JoyDenalane_%C2%A9Bennie-Julian-Gay_web.jpg?fit=750%2C600&amp;ssl=1\" class=\"wp-image-27477 size-full\" src=\"https:\/\/i0.wp.com\/www.jazzzeitung.de\/cms\/wp-content\/uploads\/2022\/06\/JoyDenalane_%C2%A9Bennie-Julian-Gay_web.jpg?resize=840%2C672&#038;ssl=1\" alt=\"\" width=\"840\" height=\"672\" srcset=\"https:\/\/i0.wp.com\/www.jazzzeitung.de\/cms\/wp-content\/uploads\/2022\/06\/JoyDenalane_%C2%A9Bennie-Julian-Gay_web.jpg?w=2000&amp;ssl=1 2000w, https:\/\/i0.wp.com\/www.jazzzeitung.de\/cms\/wp-content\/uploads\/2022\/06\/JoyDenalane_%C2%A9Bennie-Julian-Gay_web.jpg?resize=300%2C240&amp;ssl=1 300w, https:\/\/i0.wp.com\/www.jazzzeitung.de\/cms\/wp-content\/uploads\/2022\/06\/JoyDenalane_%C2%A9Bennie-Julian-Gay_web.jpg?resize=750%2C600&amp;ssl=1 750w, https:\/\/i0.wp.com\/www.jazzzeitung.de\/cms\/wp-content\/uploads\/2022\/06\/JoyDenalane_%C2%A9Bennie-Julian-Gay_web.jpg?resize=768%2C614&amp;ssl=1 768w, https:\/\/i0.wp.com\/www.jazzzeitung.de\/cms\/wp-content\/uploads\/2022\/06\/JoyDenalane_%C2%A9Bennie-Julian-Gay_web.jpg?resize=1536%2C1229&amp;ssl=1 1536w, https:\/\/i0.wp.com\/www.jazzzeitung.de\/cms\/wp-content\/uploads\/2022\/06\/JoyDenalane_%C2%A9Bennie-Julian-Gay_web.jpg?resize=1320%2C1056&amp;ssl=1 1320w, https:\/\/i0.wp.com\/www.jazzzeitung.de\/cms\/wp-content\/uploads\/2022\/06\/JoyDenalane_%C2%A9Bennie-Julian-Gay_web.jpg?w=1680&amp;ssl=1 1680w\" sizes=\"auto, (max-width: 840px) 100vw, 840px\" \/><figcaption id=\"caption-attachment-27477\" class=\"wp-caption-text\">Joy Denalane. Foto: Bennie Julian Gay\/JAM<\/figcaption><\/figure>\n<p>Oberb\u00fcrgermeister Thomas Feser freut sich \u00fcber das neue Konzept und die renommierten und aufstrebenden K\u00fcnstlerinnen und K\u00fcnstler, die f\u00fcr das neue Festival in Bingen gewonnen werden konnten. \u201eEndlich erklingen wieder Jazzt\u00f6ne am M\u00e4useturm\u201c.<br \/>\nZahlreiche hochkar\u00e4tige und ausdrucksstarke Musiker*innen werden Teil dieses ganz besonderen Neustarts: Die Soul-S\u00e4ngerin Joy Denalane, der Rock- und Soul-Musiker Max Mutzke sowie die Soul-Pop S\u00e4ngerin Leslie Clio stehen beim JAM Festival 2022 f\u00fcr die Erweiterung des musikalischen Programms, die sich auf der B\u00fchne im Park am M\u00e4useturm entfalten wird.<\/p>\n<h3>Am Fluss bleibt es renommiert jazzig<\/h3>\n<p>Die Nils Landgren Funk Unit ist ein unverzichtbarer Act f\u00fcr alle Jazz-Fans! Als wahre Jazz-Ikone kennt der Schwede die Stadt bereits von einigen Besuchen bei \u201eBingen swingt\u201c. Die SWR Bigband bringt einen ganz besonderen Gast mit ans Rhein-Nahe Eck: Der amerikanische Star-Saxophonist Chris Potter weiht gemeinsam mit ihr das neue Festival ein. Das vielf\u00e4ltige Programm wird unter anderem erweitert durch den Komponisten und Musiker Marco Mezquida, der mit seiner spektakul\u00e4ren Mischung aus Tango, Flamenco und Buleras jegliche Genregrenzen aufbrechen wird. \u00c4hnliches hat die die frankoalgerische S\u00e4ngerin, Cellistin und Songwriterin Nesrine mit einem individuellen Mix zwischen Pop, Jazz und Weltmusik vor.<\/p>\n<h3>Internationale Ausrichtung<\/h3>\n<p>Stolz ist man auch auf die internationale musikalische Ausrichtung des diesj\u00e4hrigen Programms. So ist mit Richard Bona aus Kamerun ein Grammy-ausgezeichneter Musiker und einer der international versiertesten Bassisten zu Gast. Auch in Bezug auf das Motto des rheinland-pf\u00e4lzischen Kultursommers \u201eKompass Europa: Ostwind\u201c hat das JAM Festival einiges zu bieten: die beiden polnischen Acts Kinga G\u0142yk, die dem Binger Publikum bereits 2018 zahlreiche G\u00e4nsehautmomente bescherte und Adam Ba\u0142dych, der als Jazzgeigen-Virtuose jungen, offenen Jazz im Quartett spielt, werden das Festivalwochenende bereichern.<\/p>\n<p>Auch die Nachwuchsf\u00f6rderung liegt den JAM-Veranstaltern weiterhin sehr am Herzen. Der \u201eJugend jazzt\u201c Landeswettbewerb 2022 am Samstag und die f\u00fcr alle kostenfrei zug\u00e4ngliche B\u00fchne in der Binger Innenstadt bieten den Rahmen f\u00fcr junge Talente und Newcomer und damit den Ort f\u00fcr musikalische Neuentdeckungen. Nach dem offiziellen Programm wird es noch lange nicht still \u2013 mit der Jamsession bis tief in die Nacht wird es jede Menge Gelegenheit zum Mitswingen geben!<br \/>\nMit insgesamt 25 Acts auf drei verschiedenen Stages wird im Juni die Liebe zum Jazz, Soul, Funk und Musik in Bingen gefeiert! Das vielf\u00e4ltige Festival-LineUp garantiert \u00fcberraschende und intensive Konzerterlebnisse, die man sich nicht entgehen lassen sollte. Zeit zum Mitjammen!<\/p>\n<p>Tickets, Infos &amp; das komplette LineUp ab sofort unter <a href=\"http:\/\/www.jam-festival.com\">www.jam-festival.com<\/a><br \/>\nTagesticket 45,- Euro, Festivalticket 99,- Euro<br \/>\nRahmenprogramm ab 8,- Euro<\/p>\n<p>Mit dem <strong>Rabattcode \u201eJazzfreunde\u201c<\/strong> bekommen unsere Leser*innen 10% Rabatt auf alle Tickets. Einfach im Warenkorb vor Bezahlung eingeben.<\/p>\n<p>Ticket-Link <a href=\"https:\/\/shop.paylogic.com\/d0debabe6329481c8d456872968ac8b2\/tickets\">https:\/\/shop.paylogic.com\/d0debabe6329481c8d456872968ac8b2\/tickets<\/a><\/p>\n<h3>Weitere Infos:<\/h3>\n<p>Bingen am Rhein Tourismus und Kongress GmbH, Rheinkai 21, 55411 Bingen, Tel. 06721 184 200<\/p>\n<p><strong>Das neue Jazzfestival in Bingen<\/strong><br \/>\n<strong>jam@bingen.de, www.jam-festival.com<\/strong><\/p>\n<p>&nbsp;<\/p>\n<p><em>Beitragsbild: In Montreal ausgezeichnet dieses Jahr bei Jazz am M\u00e4useturm: der aus Kamerun stammende Richard Bona \u00a9 Jarasum Jazz Festival<\/em><\/p>\n","protected":false},"excerpt":{"rendered":"<p>JAM \u2013 Jazz am M\u00e4useturm \u2013 das neue Jazzfestival in Bingen (Pressemitteilung) Frische Sounds mit 25 Acts auf 3 Stages beim neuen JAM Festival: Jazz am M\u00e4useturm bringt Max Mutzke, Joy Denalane und viele Jazzgr\u00f6\u00dfen nach Bingen. Vom 16. bis 18. Juni 2022 bringen 25 internationale K\u00fcnstler auf 3 B\u00fchnen unvergessliche Konzertmomente in die atemberaubende Kulisse des Binger RheinNahe-Ecks. Joy Denalane, Nils Landgren Funk Unit, Max Mutzke, die SWR Big Band &amp; Chris Potter, Richard Bona, Leslie Clio, die Jazzrausch Bigband, Marco Mezquida, Kinga G\u0142yk, Jeff Cascaro und viele mehr versprechen ein unvergessliches Festivalerlebnis! Mit dem JAM Festival bekommt Bingen ein legeres, weltoffenes und Generationen \u00fcbergreifendes Sommer-Format. Mit neuem Konzept treten die Veranstalter der Binger Tourismus &amp; Kongress GmbH in gro\u00dfe Fu\u00dfstapfen. \u201eBingen swingt\u201c hat in den vergangenen 25 Jahren tausende Jazz-Liebhaberinnen am Rhein versammelt und war eine feste Institution in der Region. Das JAM Festival wurde daher bewusst f\u00fcr die Fans von Bingen swingt und neue Besucherinnen erdacht und gestaltet. Das neue Konzept sch\u00e4rft die bew\u00e4hrte musikalische Qualit\u00e4t im nationalen und internationalen Soul- und Jazz-Bereich und kombiniert sie mit Auftritten nationaler Gr\u00f6\u00dfen. Drei Tage &hellip;<\/p>\n","protected":false},"author":18,"featured_media":27476,"comment_status":"open","ping_status":"closed","sticky":false,"template":"","format":"standard","meta":{"_jetpack_memberships_contains_paid_content":false,"footnotes":"","jetpack_publicize_message":"","jetpack_publicize_feature_enabled":true,"jetpack_social_post_already_shared":true,"jetpack_social_options":{"image_generator_settings":{"template":"highway","default_image_id":0,"font":"","enabled":false},"version":2}},"categories":[633],"tags":[77,4147,682,4143,1033,417,4144,4145,4146],"coauthors":[695],"class_list":["post-27474","post","type-post","status-publish","format-standard","has-post-thumbnail","hentry","category-nachrichten","tag-bingen-swingt","tag-eintrittskarten","tag-festivals","tag-jazz-am-maeuseturm","tag-joy-denalane","tag-nils-landgren","tag-programm","tag-rabattcode","tag-richard-bona"],"yoast_head":"<!-- This site is optimized with the Yoast SEO plugin v27.5 - https:\/\/yoast.com\/product\/yoast-seo-wordpress\/ -->\n<title>Bingen swingt wird Jazz am M\u00e4useturm - Rabatt auf Eintrittskarten - JazzZeitung<\/title>\n<meta name=\"robots\" content=\"index, follow, max-snippet:-1, max-image-preview:large, max-video-preview:-1\" \/>\n<link rel=\"canonical\" href=\"https:\/\/www.jazzzeitung.de\/cms\/2022\/06\/bingen-swingt-wird-jazz-am-maeuseturm-rabatt-auf-eintrittskarten\/\" \/>\n<meta property=\"og:locale\" content=\"de_DE\" \/>\n<meta property=\"og:type\" content=\"article\" \/>\n<meta property=\"og:title\" content=\"Bingen swingt wird Jazz am M\u00e4useturm - Rabatt auf Eintrittskarten - JazzZeitung\" \/>\n<meta property=\"og:description\" content=\"JAM \u2013 Jazz am M\u00e4useturm \u2013 das neue Jazzfestival in Bingen (Pressemitteilung) Frische Sounds mit 25 Acts auf 3 Stages beim neuen JAM Festival: Jazz am M\u00e4useturm bringt Max Mutzke, Joy Denalane und viele Jazzgr\u00f6\u00dfen nach Bingen. Vom 16. bis 18. Juni 2022 bringen 25 internationale K\u00fcnstler auf 3 B\u00fchnen unvergessliche Konzertmomente in die atemberaubende Kulisse des Binger RheinNahe-Ecks. Joy Denalane, Nils Landgren Funk Unit, Max Mutzke, die SWR Big Band &amp; Chris Potter, Richard Bona, Leslie Clio, die Jazzrausch Bigband, Marco Mezquida, Kinga G\u0142yk, Jeff Cascaro und viele mehr versprechen ein unvergessliches Festivalerlebnis! Mit dem JAM Festival bekommt Bingen ein legeres, weltoffenes und Generationen \u00fcbergreifendes Sommer-Format. Mit neuem Konzept treten die Veranstalter der Binger Tourismus &amp; Kongress GmbH in gro\u00dfe Fu\u00dfstapfen. \u201eBingen swingt\u201c hat in den vergangenen 25 Jahren tausende Jazz-Liebhaberinnen am Rhein versammelt und war eine feste Institution in der Region. Das JAM Festival wurde daher bewusst f\u00fcr die Fans von Bingen swingt und neue Besucherinnen erdacht und gestaltet. Das neue Konzept sch\u00e4rft die bew\u00e4hrte musikalische Qualit\u00e4t im nationalen und internationalen Soul- und Jazz-Bereich und kombiniert sie mit Auftritten nationaler Gr\u00f6\u00dfen. Drei Tage &hellip;\" \/>\n<meta property=\"og:url\" content=\"https:\/\/www.jazzzeitung.de\/cms\/2022\/06\/bingen-swingt-wird-jazz-am-maeuseturm-rabatt-auf-eintrittskarten\/\" \/>\n<meta property=\"og:site_name\" content=\"JazzZeitung\" \/>\n<meta property=\"article:publisher\" content=\"https:\/\/www.facebook.com\/JazzZeitung\/\" \/>\n<meta property=\"article:published_time\" content=\"2022-06-07T09:00:21+00:00\" \/>\n<meta property=\"og:image\" content=\"https:\/\/www.jazzzeitung.de\/cms\/wp-content\/uploads\/2022\/06\/Richard-Bona_\u00a9-Jarasum-Jazz-Festival_web.jpg\" \/>\n\t<meta property=\"og:image:width\" content=\"2000\" \/>\n\t<meta property=\"og:image:height\" content=\"1335\" \/>\n\t<meta property=\"og:image:type\" content=\"image\/jpeg\" \/>\n<meta name=\"author\" content=\"Redaktion JazzZeitung\" \/>\n<script type=\"application\/ld+json\" class=\"yoast-schema-graph\">{\"@context\":\"https:\\\/\\\/schema.org\",\"@graph\":[{\"@type\":\"Article\",\"@id\":\"https:\\\/\\\/www.jazzzeitung.de\\\/cms\\\/2022\\\/06\\\/bingen-swingt-wird-jazz-am-maeuseturm-rabatt-auf-eintrittskarten\\\/#article\",\"isPartOf\":{\"@id\":\"https:\\\/\\\/www.jazzzeitung.de\\\/cms\\\/2022\\\/06\\\/bingen-swingt-wird-jazz-am-maeuseturm-rabatt-auf-eintrittskarten\\\/\"},\"author\":{\"name\":\"Redaktion JazzZeitung\",\"@id\":\"https:\\\/\\\/www.jazzzeitung.de\\\/cms\\\/#\\\/schema\\\/person\\\/2245b36b9cd1d24cea10f01c031fb92b\"},\"headline\":\"Bingen swingt wird Jazz am M\u00e4useturm &#8211; Rabatt auf Eintrittskarten\",\"datePublished\":\"2022-06-07T09:00:21+00:00\",\"mainEntityOfPage\":{\"@id\":\"https:\\\/\\\/www.jazzzeitung.de\\\/cms\\\/2022\\\/06\\\/bingen-swingt-wird-jazz-am-maeuseturm-rabatt-auf-eintrittskarten\\\/\"},\"wordCount\":780,\"commentCount\":0,\"publisher\":{\"@id\":\"https:\\\/\\\/www.jazzzeitung.de\\\/cms\\\/#organization\"},\"image\":{\"@id\":\"https:\\\/\\\/www.jazzzeitung.de\\\/cms\\\/2022\\\/06\\\/bingen-swingt-wird-jazz-am-maeuseturm-rabatt-auf-eintrittskarten\\\/#primaryimage\"},\"thumbnailUrl\":\"https:\\\/\\\/i0.wp.com\\\/www.jazzzeitung.de\\\/cms\\\/wp-content\\\/uploads\\\/2022\\\/06\\\/Richard-Bona_%C2%A9-Jarasum-Jazz-Festival_web.jpg?fit=2000%2C1335&ssl=1\",\"keywords\":[\"Bingen swingt\",\"Eintrittskarten\",\"Festivals\",\"Jazz am M\u00e4useturm\",\"Joy Denalane\",\"Nils Landgren\",\"Programm\",\"Rabattcode\",\"Richard Bona\"],\"articleSection\":[\"News\"],\"inLanguage\":\"de\",\"potentialAction\":[{\"@type\":\"CommentAction\",\"name\":\"Comment\",\"target\":[\"https:\\\/\\\/www.jazzzeitung.de\\\/cms\\\/2022\\\/06\\\/bingen-swingt-wird-jazz-am-maeuseturm-rabatt-auf-eintrittskarten\\\/#respond\"]}]},{\"@type\":\"WebPage\",\"@id\":\"https:\\\/\\\/www.jazzzeitung.de\\\/cms\\\/2022\\\/06\\\/bingen-swingt-wird-jazz-am-maeuseturm-rabatt-auf-eintrittskarten\\\/\",\"url\":\"https:\\\/\\\/www.jazzzeitung.de\\\/cms\\\/2022\\\/06\\\/bingen-swingt-wird-jazz-am-maeuseturm-rabatt-auf-eintrittskarten\\\/\",\"name\":\"Bingen swingt wird Jazz am M\u00e4useturm - Rabatt auf Eintrittskarten - JazzZeitung\",\"isPartOf\":{\"@id\":\"https:\\\/\\\/www.jazzzeitung.de\\\/cms\\\/#website\"},\"primaryImageOfPage\":{\"@id\":\"https:\\\/\\\/www.jazzzeitung.de\\\/cms\\\/2022\\\/06\\\/bingen-swingt-wird-jazz-am-maeuseturm-rabatt-auf-eintrittskarten\\\/#primaryimage\"},\"image\":{\"@id\":\"https:\\\/\\\/www.jazzzeitung.de\\\/cms\\\/2022\\\/06\\\/bingen-swingt-wird-jazz-am-maeuseturm-rabatt-auf-eintrittskarten\\\/#primaryimage\"},\"thumbnailUrl\":\"https:\\\/\\\/i0.wp.com\\\/www.jazzzeitung.de\\\/cms\\\/wp-content\\\/uploads\\\/2022\\\/06\\\/Richard-Bona_%C2%A9-Jarasum-Jazz-Festival_web.jpg?fit=2000%2C1335&ssl=1\",\"datePublished\":\"2022-06-07T09:00:21+00:00\",\"breadcrumb\":{\"@id\":\"https:\\\/\\\/www.jazzzeitung.de\\\/cms\\\/2022\\\/06\\\/bingen-swingt-wird-jazz-am-maeuseturm-rabatt-auf-eintrittskarten\\\/#breadcrumb\"},\"inLanguage\":\"de\",\"potentialAction\":[{\"@type\":\"ReadAction\",\"target\":[\"https:\\\/\\\/www.jazzzeitung.de\\\/cms\\\/2022\\\/06\\\/bingen-swingt-wird-jazz-am-maeuseturm-rabatt-auf-eintrittskarten\\\/\"]}]},{\"@type\":\"ImageObject\",\"inLanguage\":\"de\",\"@id\":\"https:\\\/\\\/www.jazzzeitung.de\\\/cms\\\/2022\\\/06\\\/bingen-swingt-wird-jazz-am-maeuseturm-rabatt-auf-eintrittskarten\\\/#primaryimage\",\"url\":\"https:\\\/\\\/i0.wp.com\\\/www.jazzzeitung.de\\\/cms\\\/wp-content\\\/uploads\\\/2022\\\/06\\\/Richard-Bona_%C2%A9-Jarasum-Jazz-Festival_web.jpg?fit=2000%2C1335&ssl=1\",\"contentUrl\":\"https:\\\/\\\/i0.wp.com\\\/www.jazzzeitung.de\\\/cms\\\/wp-content\\\/uploads\\\/2022\\\/06\\\/Richard-Bona_%C2%A9-Jarasum-Jazz-Festival_web.jpg?fit=2000%2C1335&ssl=1\",\"width\":2000,\"height\":1335},{\"@type\":\"BreadcrumbList\",\"@id\":\"https:\\\/\\\/www.jazzzeitung.de\\\/cms\\\/2022\\\/06\\\/bingen-swingt-wird-jazz-am-maeuseturm-rabatt-auf-eintrittskarten\\\/#breadcrumb\",\"itemListElement\":[{\"@type\":\"ListItem\",\"position\":1,\"name\":\"Startseite\",\"item\":\"https:\\\/\\\/www.jazzzeitung.de\\\/cms\\\/\"},{\"@type\":\"ListItem\",\"position\":2,\"name\":\"Bingen swingt wird Jazz am M\u00e4useturm &#8211; Rabatt auf Eintrittskarten\"}]},{\"@type\":\"WebSite\",\"@id\":\"https:\\\/\\\/www.jazzzeitung.de\\\/cms\\\/#website\",\"url\":\"https:\\\/\\\/www.jazzzeitung.de\\\/cms\\\/\",\"name\":\"JazzZeitung\",\"description\":\"Jazz-News und Jazz-Kontroverses\",\"publisher\":{\"@id\":\"https:\\\/\\\/www.jazzzeitung.de\\\/cms\\\/#organization\"},\"potentialAction\":[{\"@type\":\"SearchAction\",\"target\":{\"@type\":\"EntryPoint\",\"urlTemplate\":\"https:\\\/\\\/www.jazzzeitung.de\\\/cms\\\/?s={search_term_string}\"},\"query-input\":{\"@type\":\"PropertyValueSpecification\",\"valueRequired\":true,\"valueName\":\"search_term_string\"}}],\"inLanguage\":\"de\"},{\"@type\":\"Organization\",\"@id\":\"https:\\\/\\\/www.jazzzeitung.de\\\/cms\\\/#organization\",\"name\":\"JazzZeitung online\",\"url\":\"https:\\\/\\\/www.jazzzeitung.de\\\/cms\\\/\",\"logo\":{\"@type\":\"ImageObject\",\"inLanguage\":\"de\",\"@id\":\"https:\\\/\\\/www.jazzzeitung.de\\\/cms\\\/#\\\/schema\\\/logo\\\/image\\\/\",\"url\":\"https:\\\/\\\/i0.wp.com\\\/www.jazzzeitung.de\\\/cms\\\/wp-content\\\/uploads\\\/2015\\\/08\\\/JAZZZEITUNGDE_Logo_Neu.png?fit=499%2C200&ssl=1\",\"contentUrl\":\"https:\\\/\\\/i0.wp.com\\\/www.jazzzeitung.de\\\/cms\\\/wp-content\\\/uploads\\\/2015\\\/08\\\/JAZZZEITUNGDE_Logo_Neu.png?fit=499%2C200&ssl=1\",\"width\":499,\"height\":200,\"caption\":\"JazzZeitung online\"},\"image\":{\"@id\":\"https:\\\/\\\/www.jazzzeitung.de\\\/cms\\\/#\\\/schema\\\/logo\\\/image\\\/\"},\"sameAs\":[\"https:\\\/\\\/www.facebook.com\\\/JazzZeitung\\\/\"]},{\"@type\":\"Person\",\"@id\":\"https:\\\/\\\/www.jazzzeitung.de\\\/cms\\\/#\\\/schema\\\/person\\\/2245b36b9cd1d24cea10f01c031fb92b\",\"name\":\"Redaktion JazzZeitung\",\"image\":{\"@type\":\"ImageObject\",\"inLanguage\":\"de\",\"@id\":\"https:\\\/\\\/i0.wp.com\\\/www.jazzzeitung.de\\\/cms\\\/wp-content\\\/uploads\\\/2015\\\/08\\\/JAZZZEITUNGDE_Logo_Neu.png?resize=96%2C96&ssl=159975dcacb611b5700bd619b5daf0a7a\",\"url\":\"https:\\\/\\\/i0.wp.com\\\/www.jazzzeitung.de\\\/cms\\\/wp-content\\\/uploads\\\/2015\\\/08\\\/JAZZZEITUNGDE_Logo_Neu.png?resize=96%2C96&ssl=1\",\"contentUrl\":\"https:\\\/\\\/i0.wp.com\\\/www.jazzzeitung.de\\\/cms\\\/wp-content\\\/uploads\\\/2015\\\/08\\\/JAZZZEITUNGDE_Logo_Neu.png?resize=96%2C96&ssl=1\",\"caption\":\"Redaktion JazzZeitung\"},\"description\":\"Artikel der Redaktion der JazzZeitung.\",\"sameAs\":[\"http:\\\/\\\/www.jazzzeitung.de\\\/cms\\\/\"],\"url\":\"https:\\\/\\\/www.jazzzeitung.de\\\/cms\\\/author\\\/redaktion\\\/\"}]}<\/script>\n<!-- \/ Yoast SEO plugin. -->","yoast_head_json":{"title":"Bingen swingt wird Jazz am M\u00e4useturm - Rabatt auf Eintrittskarten - JazzZeitung","robots":{"index":"index","follow":"follow","max-snippet":"max-snippet:-1","max-image-preview":"max-image-preview:large","max-video-preview":"max-video-preview:-1"},"canonical":"https:\/\/www.jazzzeitung.de\/cms\/2022\/06\/bingen-swingt-wird-jazz-am-maeuseturm-rabatt-auf-eintrittskarten\/","og_locale":"de_DE","og_type":"article","og_title":"Bingen swingt wird Jazz am M\u00e4useturm - Rabatt auf Eintrittskarten - JazzZeitung","og_description":"JAM \u2013 Jazz am M\u00e4useturm \u2013 das neue Jazzfestival in Bingen (Pressemitteilung) Frische Sounds mit 25 Acts auf 3 Stages beim neuen JAM Festival: Jazz am M\u00e4useturm bringt Max Mutzke, Joy Denalane und viele Jazzgr\u00f6\u00dfen nach Bingen. Vom 16. bis 18. Juni 2022 bringen 25 internationale K\u00fcnstler auf 3 B\u00fchnen unvergessliche Konzertmomente in die atemberaubende Kulisse des Binger RheinNahe-Ecks. Joy Denalane, Nils Landgren Funk Unit, Max Mutzke, die SWR Big Band &amp; Chris Potter, Richard Bona, Leslie Clio, die Jazzrausch Bigband, Marco Mezquida, Kinga G\u0142yk, Jeff Cascaro und viele mehr versprechen ein unvergessliches Festivalerlebnis! Mit dem JAM Festival bekommt Bingen ein legeres, weltoffenes und Generationen \u00fcbergreifendes Sommer-Format. Mit neuem Konzept treten die Veranstalter der Binger Tourismus &amp; Kongress GmbH in gro\u00dfe Fu\u00dfstapfen. \u201eBingen swingt\u201c hat in den vergangenen 25 Jahren tausende Jazz-Liebhaberinnen am Rhein versammelt und war eine feste Institution in der Region. Das JAM Festival wurde daher bewusst f\u00fcr die Fans von Bingen swingt und neue Besucherinnen erdacht und gestaltet. Das neue Konzept sch\u00e4rft die bew\u00e4hrte musikalische Qualit\u00e4t im nationalen und internationalen Soul- und Jazz-Bereich und kombiniert sie mit Auftritten nationaler Gr\u00f6\u00dfen. Drei Tage &hellip;","og_url":"https:\/\/www.jazzzeitung.de\/cms\/2022\/06\/bingen-swingt-wird-jazz-am-maeuseturm-rabatt-auf-eintrittskarten\/","og_site_name":"JazzZeitung","article_publisher":"https:\/\/www.facebook.com\/JazzZeitung\/","article_published_time":"2022-06-07T09:00:21+00:00","og_image":[{"width":2000,"height":1335,"url":"https:\/\/www.jazzzeitung.de\/cms\/wp-content\/uploads\/2022\/06\/Richard-Bona_\u00a9-Jarasum-Jazz-Festival_web.jpg","type":"image\/jpeg"}],"author":"Redaktion JazzZeitung","schema":{"@context":"https:\/\/schema.org","@graph":[{"@type":"Article","@id":"https:\/\/www.jazzzeitung.de\/cms\/2022\/06\/bingen-swingt-wird-jazz-am-maeuseturm-rabatt-auf-eintrittskarten\/#article","isPartOf":{"@id":"https:\/\/www.jazzzeitung.de\/cms\/2022\/06\/bingen-swingt-wird-jazz-am-maeuseturm-rabatt-auf-eintrittskarten\/"},"author":{"name":"Redaktion JazzZeitung","@id":"https:\/\/www.jazzzeitung.de\/cms\/#\/schema\/person\/2245b36b9cd1d24cea10f01c031fb92b"},"headline":"Bingen swingt wird Jazz am M\u00e4useturm &#8211; Rabatt auf Eintrittskarten","datePublished":"2022-06-07T09:00:21+00:00","mainEntityOfPage":{"@id":"https:\/\/www.jazzzeitung.de\/cms\/2022\/06\/bingen-swingt-wird-jazz-am-maeuseturm-rabatt-auf-eintrittskarten\/"},"wordCount":780,"commentCount":0,"publisher":{"@id":"https:\/\/www.jazzzeitung.de\/cms\/#organization"},"image":{"@id":"https:\/\/www.jazzzeitung.de\/cms\/2022\/06\/bingen-swingt-wird-jazz-am-maeuseturm-rabatt-auf-eintrittskarten\/#primaryimage"},"thumbnailUrl":"https:\/\/i0.wp.com\/www.jazzzeitung.de\/cms\/wp-content\/uploads\/2022\/06\/Richard-Bona_%C2%A9-Jarasum-Jazz-Festival_web.jpg?fit=2000%2C1335&ssl=1","keywords":["Bingen swingt","Eintrittskarten","Festivals","Jazz am M\u00e4useturm","Joy Denalane","Nils Landgren","Programm","Rabattcode","Richard Bona"],"articleSection":["News"],"inLanguage":"de","potentialAction":[{"@type":"CommentAction","name":"Comment","target":["https:\/\/www.jazzzeitung.de\/cms\/2022\/06\/bingen-swingt-wird-jazz-am-maeuseturm-rabatt-auf-eintrittskarten\/#respond"]}]},{"@type":"WebPage","@id":"https:\/\/www.jazzzeitung.de\/cms\/2022\/06\/bingen-swingt-wird-jazz-am-maeuseturm-rabatt-auf-eintrittskarten\/","url":"https:\/\/www.jazzzeitung.de\/cms\/2022\/06\/bingen-swingt-wird-jazz-am-maeuseturm-rabatt-auf-eintrittskarten\/","name":"Bingen swingt wird Jazz am M\u00e4useturm - Rabatt auf Eintrittskarten - JazzZeitung","isPartOf":{"@id":"https:\/\/www.jazzzeitung.de\/cms\/#website"},"primaryImageOfPage":{"@id":"https:\/\/www.jazzzeitung.de\/cms\/2022\/06\/bingen-swingt-wird-jazz-am-maeuseturm-rabatt-auf-eintrittskarten\/#primaryimage"},"image":{"@id":"https:\/\/www.jazzzeitung.de\/cms\/2022\/06\/bingen-swingt-wird-jazz-am-maeuseturm-rabatt-auf-eintrittskarten\/#primaryimage"},"thumbnailUrl":"https:\/\/i0.wp.com\/www.jazzzeitung.de\/cms\/wp-content\/uploads\/2022\/06\/Richard-Bona_%C2%A9-Jarasum-Jazz-Festival_web.jpg?fit=2000%2C1335&ssl=1","datePublished":"2022-06-07T09:00:21+00:00","breadcrumb":{"@id":"https:\/\/www.jazzzeitung.de\/cms\/2022\/06\/bingen-swingt-wird-jazz-am-maeuseturm-rabatt-auf-eintrittskarten\/#breadcrumb"},"inLanguage":"de","potentialAction":[{"@type":"ReadAction","target":["https:\/\/www.jazzzeitung.de\/cms\/2022\/06\/bingen-swingt-wird-jazz-am-maeuseturm-rabatt-auf-eintrittskarten\/"]}]},{"@type":"ImageObject","inLanguage":"de","@id":"https:\/\/www.jazzzeitung.de\/cms\/2022\/06\/bingen-swingt-wird-jazz-am-maeuseturm-rabatt-auf-eintrittskarten\/#primaryimage","url":"https:\/\/i0.wp.com\/www.jazzzeitung.de\/cms\/wp-content\/uploads\/2022\/06\/Richard-Bona_%C2%A9-Jarasum-Jazz-Festival_web.jpg?fit=2000%2C1335&ssl=1","contentUrl":"https:\/\/i0.wp.com\/www.jazzzeitung.de\/cms\/wp-content\/uploads\/2022\/06\/Richard-Bona_%C2%A9-Jarasum-Jazz-Festival_web.jpg?fit=2000%2C1335&ssl=1","width":2000,"height":1335},{"@type":"BreadcrumbList","@id":"https:\/\/www.jazzzeitung.de\/cms\/2022\/06\/bingen-swingt-wird-jazz-am-maeuseturm-rabatt-auf-eintrittskarten\/#breadcrumb","itemListElement":[{"@type":"ListItem","position":1,"name":"Startseite","item":"https:\/\/www.jazzzeitung.de\/cms\/"},{"@type":"ListItem","position":2,"name":"Bingen swingt wird Jazz am M\u00e4useturm &#8211; Rabatt auf Eintrittskarten"}]},{"@type":"WebSite","@id":"https:\/\/www.jazzzeitung.de\/cms\/#website","url":"https:\/\/www.jazzzeitung.de\/cms\/","name":"JazzZeitung","description":"Jazz-News und Jazz-Kontroverses","publisher":{"@id":"https:\/\/www.jazzzeitung.de\/cms\/#organization"},"potentialAction":[{"@type":"SearchAction","target":{"@type":"EntryPoint","urlTemplate":"https:\/\/www.jazzzeitung.de\/cms\/?s={search_term_string}"},"query-input":{"@type":"PropertyValueSpecification","valueRequired":true,"valueName":"search_term_string"}}],"inLanguage":"de"},{"@type":"Organization","@id":"https:\/\/www.jazzzeitung.de\/cms\/#organization","name":"JazzZeitung online","url":"https:\/\/www.jazzzeitung.de\/cms\/","logo":{"@type":"ImageObject","inLanguage":"de","@id":"https:\/\/www.jazzzeitung.de\/cms\/#\/schema\/logo\/image\/","url":"https:\/\/i0.wp.com\/www.jazzzeitung.de\/cms\/wp-content\/uploads\/2015\/08\/JAZZZEITUNGDE_Logo_Neu.png?fit=499%2C200&ssl=1","contentUrl":"https:\/\/i0.wp.com\/www.jazzzeitung.de\/cms\/wp-content\/uploads\/2015\/08\/JAZZZEITUNGDE_Logo_Neu.png?fit=499%2C200&ssl=1","width":499,"height":200,"caption":"JazzZeitung online"},"image":{"@id":"https:\/\/www.jazzzeitung.de\/cms\/#\/schema\/logo\/image\/"},"sameAs":["https:\/\/www.facebook.com\/JazzZeitung\/"]},{"@type":"Person","@id":"https:\/\/www.jazzzeitung.de\/cms\/#\/schema\/person\/2245b36b9cd1d24cea10f01c031fb92b","name":"Redaktion JazzZeitung","image":{"@type":"ImageObject","inLanguage":"de","@id":"https:\/\/i0.wp.com\/www.jazzzeitung.de\/cms\/wp-content\/uploads\/2015\/08\/JAZZZEITUNGDE_Logo_Neu.png?resize=96%2C96&ssl=159975dcacb611b5700bd619b5daf0a7a","url":"https:\/\/i0.wp.com\/www.jazzzeitung.de\/cms\/wp-content\/uploads\/2015\/08\/JAZZZEITUNGDE_Logo_Neu.png?resize=96%2C96&ssl=1","contentUrl":"https:\/\/i0.wp.com\/www.jazzzeitung.de\/cms\/wp-content\/uploads\/2015\/08\/JAZZZEITUNGDE_Logo_Neu.png?resize=96%2C96&ssl=1","caption":"Redaktion JazzZeitung"},"description":"Artikel der Redaktion der JazzZeitung.","sameAs":["http:\/\/www.jazzzeitung.de\/cms\/"],"url":"https:\/\/www.jazzzeitung.de\/cms\/author\/redaktion\/"}]}},"wp-worthy-pixel":{"ignored":false,"public":null,"server":null,"url":null},"wp-worthy-type":"normal","jetpack_publicize_connections":[],"cc_featured_image_caption":{"caption_text":"","source_text":"","source_url":""},"jetpack_featured_media_url":"https:\/\/i0.wp.com\/www.jazzzeitung.de\/cms\/wp-content\/uploads\/2022\/06\/Richard-Bona_%C2%A9-Jarasum-Jazz-Festival_web.jpg?fit=2000%2C1335&ssl=1","jetpack_shortlink":"https:\/\/wp.me\/p3KEcT-798","jetpack-related-posts":[{"id":22079,"url":"https:\/\/www.jazzzeitung.de\/cms\/2020\/03\/news-internationales-jazzfestival-saalfelden-2020\/","url_meta":{"origin":27474,"position":0},"title":"news +++ Internationales Jazzfestival Saalfelden 2020 +++ Bingen swingt im 25. Jahr +++","author":"Redaktion JazzZeitung","date":"6. M\u00e4rz 2020","format":false,"excerpt":"+++Das \u00f6sterreichische Element beim Internationalen Jazzfestival Saalfelden 2020+++ Das Jazzfestival Saalfelden findet dieses Jahr vom 20.- 23. August statt. Das Festival ist bekannt daf\u00fcr, nicht nur internationalen Acts, sondern insbesondere auch der heimischen Musikszene eine B\u00fchne zu bieten. Auch 2020 zeigt Saalfelden einen Ausschnitt aus der Vielfalt der \u00f6sterreichischen Jazzszene\u2026","rel":"","context":"In &quot;News&quot;","block_context":{"text":"News","link":"https:\/\/www.jazzzeitung.de\/cms\/thema\/nachrichten\/"},"img":{"alt_text":"","src":"https:\/\/i0.wp.com\/www.jazzzeitung.de\/cms\/wp-content\/uploads\/2020\/03\/beitragsbildFabian-Rucker-Press2020_5-%C2%A9Severin-Koller.jpg?fit=1200%2C939&ssl=1&resize=350%2C200","width":350,"height":200,"srcset":"https:\/\/i0.wp.com\/www.jazzzeitung.de\/cms\/wp-content\/uploads\/2020\/03\/beitragsbildFabian-Rucker-Press2020_5-%C2%A9Severin-Koller.jpg?fit=1200%2C939&ssl=1&resize=350%2C200 1x, https:\/\/i0.wp.com\/www.jazzzeitung.de\/cms\/wp-content\/uploads\/2020\/03\/beitragsbildFabian-Rucker-Press2020_5-%C2%A9Severin-Koller.jpg?fit=1200%2C939&ssl=1&resize=525%2C300 1.5x, https:\/\/i0.wp.com\/www.jazzzeitung.de\/cms\/wp-content\/uploads\/2020\/03\/beitragsbildFabian-Rucker-Press2020_5-%C2%A9Severin-Koller.jpg?fit=1200%2C939&ssl=1&resize=700%2C400 2x, https:\/\/i0.wp.com\/www.jazzzeitung.de\/cms\/wp-content\/uploads\/2020\/03\/beitragsbildFabian-Rucker-Press2020_5-%C2%A9Severin-Koller.jpg?fit=1200%2C939&ssl=1&resize=1050%2C600 3x"},"classes":[]},{"id":16040,"url":"https:\/\/www.jazzzeitung.de\/cms\/2018\/05\/bingen-swingt-laedt-vom-22-24-juni-musikalisch-und-sportlich-zu-spannenden-partien-ein\/","url_meta":{"origin":27474,"position":1},"title":"BINGEN SWINGT l\u00e4dt vom 22.-24. Juni musikalisch und sportlich zu spannenden Partien ein","author":"Redaktion JazzZeitung","date":"16. Mai 2018","format":false,"excerpt":"Das Festival BINGEN SWINGT sieht sich nicht als Konkurrenz zur zeitgleich stattfindenden Fu\u00dfball-Weltmeisterschaft und verspricht seinen Besuchern und Besucherinnen neben einem hochwertigen musikalischen Programm auch, dass sie kein Spiel verpassen m\u00fcssen. Das BINGEN SWINGT beginnt ein mal mehr traditionell im Riverboat-Shuffle, wobei man dem Christian Christl Vintage Blues Quartett und\u2026","rel":"","context":"In &quot;News&quot;","block_context":{"text":"News","link":"https:\/\/www.jazzzeitung.de\/cms\/thema\/nachrichten\/"},"img":{"alt_text":"","src":"https:\/\/i0.wp.com\/www.jazzzeitung.de\/cms\/wp-content\/uploads\/2018\/05\/pressefoto01-kmms-3000.jpg?fit=1200%2C971&ssl=1&resize=350%2C200","width":350,"height":200,"srcset":"https:\/\/i0.wp.com\/www.jazzzeitung.de\/cms\/wp-content\/uploads\/2018\/05\/pressefoto01-kmms-3000.jpg?fit=1200%2C971&ssl=1&resize=350%2C200 1x, https:\/\/i0.wp.com\/www.jazzzeitung.de\/cms\/wp-content\/uploads\/2018\/05\/pressefoto01-kmms-3000.jpg?fit=1200%2C971&ssl=1&resize=525%2C300 1.5x, https:\/\/i0.wp.com\/www.jazzzeitung.de\/cms\/wp-content\/uploads\/2018\/05\/pressefoto01-kmms-3000.jpg?fit=1200%2C971&ssl=1&resize=700%2C400 2x, https:\/\/i0.wp.com\/www.jazzzeitung.de\/cms\/wp-content\/uploads\/2018\/05\/pressefoto01-kmms-3000.jpg?fit=1200%2C971&ssl=1&resize=1050%2C600 3x"},"classes":[]},{"id":9167,"url":"https:\/\/www.jazzzeitung.de\/cms\/2016\/05\/jazzfestival-bingen-swingt-2016-die-highlights\/","url_meta":{"origin":27474,"position":2},"title":"Jazzfestival Bingen swingt 2016 &#8211; die Highlights","author":"Redaktion JazzZeitung","date":"4. Mai 2016","format":false,"excerpt":"Das Jubil\u00e4umsjahr ist vor\u00fcber und die Macher von Bingen swingt demonstrieren mit der diesj\u00e4hrigen Ausgabe vom 24. bis 26. Juni 2016, dass ihr Festival immer enger mit der internationalen Szene verbandelt ist. Ob England, Italien, Brasilien, Norwegen oder D\u00e4nemark, ob die Tschechische Republik, die Schweiz oder USA, die Musikerriege zeigt\u2026","rel":"","context":"In &quot;News&quot;","block_context":{"text":"News","link":"https:\/\/www.jazzzeitung.de\/cms\/thema\/nachrichten\/"},"img":{"alt_text":"bingen_logo","src":"https:\/\/i0.wp.com\/www.jazzzeitung.de\/cms\/wp-content\/uploads\/2016\/05\/bingen_logo-150x150.jpg?resize=350%2C200","width":350,"height":200},"classes":[]},{"id":6484,"url":"https:\/\/www.jazzzeitung.de\/cms\/2015\/06\/bingen-swingt\/","url_meta":{"origin":27474,"position":3},"title":"Bingen swingt mit gro\u00dfer Jubil\u00e4ums-Show","author":"Redaktion JazzZeitung","date":"29. Juni 2015","format":false,"excerpt":"Bingen feierte 20j\u00e4hriges Swingen und hatte Gl\u00fcck: Die finsteren Wolken, die sich \u00fcber Mainz entleerten, schafften es nicht bis an die Nahe und so konnte das Open-Air-Festival, das mit der Binger B\u00fchne nur einen Club mit im Boot hatte, weitgehend trockenen Fu\u00dfes \u00fcber die B\u00fchne gehen. Das Programm - wild\u2026","rel":"","context":"In &quot;Bericht&quot;","block_context":{"text":"Bericht","link":"https:\/\/www.jazzzeitung.de\/cms\/thema\/bericht\/"},"img":{"alt_text":"","src":"https:\/\/i0.wp.com\/www.jazzzeitung.de\/cms\/wp-content\/uploads\/2015\/06\/0K3A8219-Moses-dombr.jpg?resize=350%2C200","width":350,"height":200,"srcset":"https:\/\/i0.wp.com\/www.jazzzeitung.de\/cms\/wp-content\/uploads\/2015\/06\/0K3A8219-Moses-dombr.jpg?resize=350%2C200 1x, https:\/\/i0.wp.com\/www.jazzzeitung.de\/cms\/wp-content\/uploads\/2015\/06\/0K3A8219-Moses-dombr.jpg?resize=525%2C300 1.5x, https:\/\/i0.wp.com\/www.jazzzeitung.de\/cms\/wp-content\/uploads\/2015\/06\/0K3A8219-Moses-dombr.jpg?resize=700%2C400 2x, https:\/\/i0.wp.com\/www.jazzzeitung.de\/cms\/wp-content\/uploads\/2015\/06\/0K3A8219-Moses-dombr.jpg?resize=1050%2C600 3x"},"classes":[]},{"id":5642,"url":"https:\/\/www.jazzzeitung.de\/cms\/2015\/03\/news-jazzpreis-fuer-magnus-mehl-20-jahre-bingen-swingt-jazz-der-ddr\/","url_meta":{"origin":27474,"position":4},"title":"News: Jazzpreis f\u00fcr Magnus Mehl +++ 20 Jahre &#8222;Bingen swingt&#8220; +++ Jazz in der DDR","author":"Redaktion JazzZeitung","date":"6. M\u00e4rz 2015","format":false,"excerpt":"Jazz-Preis Baden-W\u00fcrttemberg geht an Magnus Mehl Der Jazz-Preis des Landes Baden-W\u00fcrttemberg 2015 geht an den Saxophonisten Magnus Mehl. Die mit 15.000 Euro dotierte Auszeichnung wird noch vor den Sommerferien in Stuttgart im Rahmen eines Preistr\u00e4gerkonzerts mit Magnus Mehl (Saxophon) und der Zweitplatzierten Judith Goldbach (Kontrabass) verliehen.\u00a0Es ist bereits die 31.\u2026","rel":"","context":"In &quot;News&quot;","block_context":{"text":"News","link":"https:\/\/www.jazzzeitung.de\/cms\/thema\/nachrichten\/"},"img":{"alt_text":"Magnus Mehl. Foto: Katharina Schlipf","src":"https:\/\/i0.wp.com\/www.jazzzeitung.de\/cms\/wp-content\/uploads\/2015\/03\/020_PM_Anlage_Portrait_Magnus_Mehl_4_by_Katharina_Schlipf-150x150.jpg?resize=350%2C200","width":350,"height":200},"classes":[]},{"id":19901,"url":"https:\/\/www.jazzzeitung.de\/cms\/2019\/06\/news-hammond-keys-bei-bingen-swingt-jazz-in-the-garden-im-juedischen-museum-berlin\/","url_meta":{"origin":27474,"position":5},"title":"+++ news +++ \u201eHammond &#038; Keys\u201c \u2013 BINGEN SWINGT startet heute +++ \u201eJazz in the Garden\u201c im J\u00fcdischen Museum Berlin +++","author":"Redaktion JazzZeitung","date":"28. Juni 2019","format":false,"excerpt":"Zum 24. Mal l\u00e4dt die Stadt Bingen am Rhein zum Internationalen Jazzfestival BINGEN SWINGT ans Tor zum UNESCO Welterbe Oberes Mittelrheintal ein. 2019 steht das Festival unter dem Motto \u201ehammond and keys\u201c. Als Koryph\u00e4e an der Hammond-Orgel wird Barbara Dennerlein zu Gast sein. Barbara Dennerlein wei\u00df das, was sie beim\u2026","rel":"","context":"In &quot;News&quot;","block_context":{"text":"News","link":"https:\/\/www.jazzzeitung.de\/cms\/thema\/nachrichten\/"},"img":{"alt_text":"","src":"https:\/\/i0.wp.com\/www.jazzzeitung.de\/cms\/wp-content\/uploads\/2019\/06\/yael-badash-galleryimage.jpg?fit=1060%2C703&ssl=1&resize=350%2C200","width":350,"height":200,"srcset":"https:\/\/i0.wp.com\/www.jazzzeitung.de\/cms\/wp-content\/uploads\/2019\/06\/yael-badash-galleryimage.jpg?fit=1060%2C703&ssl=1&resize=350%2C200 1x, https:\/\/i0.wp.com\/www.jazzzeitung.de\/cms\/wp-content\/uploads\/2019\/06\/yael-badash-galleryimage.jpg?fit=1060%2C703&ssl=1&resize=525%2C300 1.5x, https:\/\/i0.wp.com\/www.jazzzeitung.de\/cms\/wp-content\/uploads\/2019\/06\/yael-badash-galleryimage.jpg?fit=1060%2C703&ssl=1&resize=700%2C400 2x, https:\/\/i0.wp.com\/www.jazzzeitung.de\/cms\/wp-content\/uploads\/2019\/06\/yael-badash-galleryimage.jpg?fit=1060%2C703&ssl=1&resize=1050%2C600 3x"},"classes":[]}],"jetpack_sharing_enabled":true,"_links":{"self":[{"href":"https:\/\/www.jazzzeitung.de\/cms\/wp-json\/wp\/v2\/posts\/27474","targetHints":{"allow":["GET"]}}],"collection":[{"href":"https:\/\/www.jazzzeitung.de\/cms\/wp-json\/wp\/v2\/posts"}],"about":[{"href":"https:\/\/www.jazzzeitung.de\/cms\/wp-json\/wp\/v2\/types\/post"}],"author":[{"embeddable":true,"href":"https:\/\/www.jazzzeitung.de\/cms\/wp-json\/wp\/v2\/users\/18"}],"replies":[{"embeddable":true,"href":"https:\/\/www.jazzzeitung.de\/cms\/wp-json\/wp\/v2\/comments?post=27474"}],"version-history":[{"count":3,"href":"https:\/\/www.jazzzeitung.de\/cms\/wp-json\/wp\/v2\/posts\/27474\/revisions"}],"predecessor-version":[{"id":27479,"href":"https:\/\/www.jazzzeitung.de\/cms\/wp-json\/wp\/v2\/posts\/27474\/revisions\/27479"}],"wp:featuredmedia":[{"embeddable":true,"href":"https:\/\/www.jazzzeitung.de\/cms\/wp-json\/wp\/v2\/media\/27476"}],"wp:attachment":[{"href":"https:\/\/www.jazzzeitung.de\/cms\/wp-json\/wp\/v2\/media?parent=27474"}],"wp:term":[{"taxonomy":"category","embeddable":true,"href":"https:\/\/www.jazzzeitung.de\/cms\/wp-json\/wp\/v2\/categories?post=27474"},{"taxonomy":"post_tag","embeddable":true,"href":"https:\/\/www.jazzzeitung.de\/cms\/wp-json\/wp\/v2\/tags?post=27474"},{"taxonomy":"author","embeddable":true,"href":"https:\/\/www.jazzzeitung.de\/cms\/wp-json\/wp\/v2\/coauthors?post=27474"}],"curies":[{"name":"wp","href":"https:\/\/api.w.org\/{rel}","templated":true}]}}