{"id":27327,"date":"2022-05-12T11:54:03","date_gmt":"2022-05-12T09:54:03","guid":{"rendered":"https:\/\/www.jazzzeitung.de\/cms\/?p=27327"},"modified":"2022-05-12T13:19:03","modified_gmt":"2022-05-12T11:19:03","slug":"newsneun-jahre-sofiadeutsche-jazzunion-waehlt-neuen-vorstanddie-neue-jazzstudie-2022-der-deutschen-jazzunion","status":"publish","type":"post","link":"https:\/\/www.jazzzeitung.de\/cms\/2022\/05\/newsneun-jahre-sofiadeutsche-jazzunion-waehlt-neuen-vorstanddie-neue-jazzstudie-2022-der-deutschen-jazzunion\/","title":{"rendered":"+++ news +++ Neun Jahre SOFIA +++ Deutsche Jazzunion w\u00e4hlt neuen Vorstand +++ Die neue Jazzstudie 2022 der Deutschen Jazzunion +++"},"content":{"rendered":"<h3>+++ Neun Jahre SOFIA +++<\/h3>\n<figure id=\"attachment_20625\" aria-describedby=\"caption-attachment-20625\" style=\"width: 450px\" class=\"wp-caption alignleft\"><img data-recalc-dims=\"1\" loading=\"lazy\" decoding=\"async\" data-attachment-id=\"20625\" data-permalink=\"https:\/\/www.jazzzeitung.de\/cms\/2019\/09\/news-nicole-johaenntgens-neues-musikfestival-neueroeffnung-jaki-klub-im-stadtgarten\/nicole-johaenntgen\/\" data-orig-file=\"https:\/\/i0.wp.com\/www.jazzzeitung.de\/cms\/wp-content\/uploads\/2019\/09\/nicole-johaenntgen-9535-1.jpg?fit=4928%2C3280&amp;ssl=1\" data-orig-size=\"4928,3280\" data-comments-opened=\"1\" data-image-meta=\"{&quot;aperture&quot;:&quot;2.8&quot;,&quot;credit&quot;:&quot;Daniel Bernet&quot;,&quot;camera&quot;:&quot;NIKON Df&quot;,&quot;caption&quot;:&quot;Nicole Joh\\u00e4nntgen&quot;,&quot;created_timestamp&quot;:&quot;1552219399&quot;,&quot;copyright&quot;:&quot;Daniel Bernet&quot;,&quot;focal_length&quot;:&quot;45&quot;,&quot;iso&quot;:&quot;320&quot;,&quot;shutter_speed&quot;:&quot;0.005&quot;,&quot;title&quot;:&quot;Nicole Joh\\u00e4nntgen&quot;,&quot;orientation&quot;:&quot;1&quot;}\" data-image-title=\"Nicole Joh\u00e4nntgen\" data-image-description=\"\" data-image-caption=\"&lt;p&gt;Nicole Joh\u00e4nntgen&lt;\/p&gt;\n\" data-large-file=\"https:\/\/i0.wp.com\/www.jazzzeitung.de\/cms\/wp-content\/uploads\/2019\/09\/nicole-johaenntgen-9535-1.jpg?fit=840%2C560&amp;ssl=1\" class=\"wp-image-20625\" src=\"https:\/\/i0.wp.com\/www.jazzzeitung.de\/cms\/wp-content\/uploads\/2019\/09\/nicole-johaenntgen-9535-1.jpg?resize=450%2C320&#038;ssl=1\" alt=\"\" width=\"450\" height=\"320\" \/><figcaption id=\"caption-attachment-20625\" class=\"wp-caption-text\">Nicole Joh\u00e4nntgen. Foto: Daniel Bernet<\/figcaption><\/figure>\n<p>Nicole Joh\u00e4nntgen l\u00e4dt wieder einmal zu einer neuen Ausgabe von SOFIA ein. 2013, vor neun Jahren,\u00a0 hat sie den Music- und Business Workshop SOFIA Support Of Female Improvising Artists ins Leben gerufen. SOFIA unterst\u00fctzt seither erfolgreich Nachwuchs-Jazzmusikerinnen weltweit. Ab 18. Mai finden in Z\u00fcrich, Villa Schneckenmann, Business-Workshops (Booking, PR, Achtsamkeitstraining, Musikphysiologie, Buchhaltung etc.) und Konzerte, wie auch Jam Sessions statt. Es sind Musikerinnen aus Argentinien, Schweden, Estland, Frankreich, Schottland und aus der Schweiz dabei.<\/p>\n<p>Hier die Termin\u00fcbersicht der Workshops, bei denen frau aktiv und passiv teilnehmen kann. Auch Zuh\u00f6ren lohnt sich. Weitere Infos findet ihr auf <a href=\"https:\/\/news.nicolejohaenntgen.com\/lt.php?tid=LR5XB1cPBVsEVRwICgsFH1ZUW1xJXAVfC04JXQZWDVAGU1ZSWANNVgMCAgBVUQcfA1daAklRBwkCTgldAVYUUgZXAFZXVQBRAFZVTAIAVwMDVApdSQZSDwROBARTUBQHXAcBHQQDCFMCBwVTBFBQAw\">SOFIA<\/a><\/p>\n<p>18.5. Z\u00fcrich, JazzBaragge@Moods<br \/>\n19.5. Z\u00fcrich, Villa Schneckenmann<br \/>\n21.5. Z\u00fcrich, Villa Schneckenmann<br \/>\n22.5. Uster, Musikcontainer + Weinfelden, 8570 Jazzclub<\/p>\n<p>&nbsp;<\/p>\n<h3><strong>+++ Deutsche Jazzunion w\u00e4hlt neuen Vorstand +++<br \/>\n<\/strong><\/h3>\n<figure id=\"attachment_27331\" aria-describedby=\"caption-attachment-27331\" style=\"width: 465px\" class=\"wp-caption alignleft\"><img data-recalc-dims=\"1\" loading=\"lazy\" decoding=\"async\" data-attachment-id=\"27331\" data-permalink=\"https:\/\/www.jazzzeitung.de\/cms\/2022\/05\/newsneun-jahre-sofiadeutsche-jazzunion-waehlt-neuen-vorstanddie-neue-jazzstudie-2022-der-deutschen-jazzunion\/2020-09-2_anettevoneichelmaya-claussen\/\" data-orig-file=\"https:\/\/i0.wp.com\/www.jazzzeitung.de\/cms\/wp-content\/uploads\/2022\/05\/2020-09-2_AnetteVonEichelMaya-Claussen.jpg?fit=2560%2C1707&amp;ssl=1\" data-orig-size=\"2560,1707\" data-comments-opened=\"1\" data-image-meta=\"{&quot;aperture&quot;:&quot;0&quot;,&quot;credit&quot;:&quot;&quot;,&quot;camera&quot;:&quot;&quot;,&quot;caption&quot;:&quot;&quot;,&quot;created_timestamp&quot;:&quot;0&quot;,&quot;copyright&quot;:&quot;&quot;,&quot;focal_length&quot;:&quot;0&quot;,&quot;iso&quot;:&quot;0&quot;,&quot;shutter_speed&quot;:&quot;0&quot;,&quot;title&quot;:&quot;&quot;,&quot;orientation&quot;:&quot;0&quot;}\" data-image-title=\"2020-09-2_AnetteVonEichelMaya Claussen\" data-image-description=\"\" data-image-caption=\"\" data-large-file=\"https:\/\/i0.wp.com\/www.jazzzeitung.de\/cms\/wp-content\/uploads\/2022\/05\/2020-09-2_AnetteVonEichelMaya-Claussen.jpg?fit=840%2C560&amp;ssl=1\" class=\"wp-image-27331\" src=\"https:\/\/i0.wp.com\/www.jazzzeitung.de\/cms\/wp-content\/uploads\/2022\/05\/2020-09-2_AnetteVonEichelMaya-Claussen.jpg?resize=465%2C318&#038;ssl=1\" alt=\"\" width=\"465\" height=\"318\" \/><figcaption id=\"caption-attachment-27331\" class=\"wp-caption-text\">Anette von Eichel. Foto: Maya Claussen<\/figcaption><\/figure>\n<p>In der digitalen Versammlung am 3. Mai 2022 w\u00e4hlten die Mitglieder des Berufs- und Fachinteressenverbands sieben Kolleg*innen in das ehrenamtliche Gremium. Dieses repr\u00e4sentiert von 2022 bis 2025 die mehr als 1.400 Mitglieder in ihrer Vielfalt.<\/p>\n<p>Neu gew\u00e4hlt wurden Gabriele Maurer (Mannheim), Robert Lucaciu (Leipzig) und Janning Trumann (K\u00f6ln). Weiterhin im Vorstand sind Nikolaus Neuser (Berlin), Johanna Schneider (Essen) und Felix Falk (Berlin). Das langj\u00e4hrige Vorstandsmitglied Anette von Eichel (K\u00f6ln) wurde zur neuen Vorsitzenden gew\u00e4hlt.<\/p>\n<p>Prof. Anette von Eichel, Vorsitzende der Deutschen Jazzunion, nach ihrer Wahl: <em>\u201eMit vereinten Kr\u00e4ften arbeiten wir f\u00fcr mehr\u00a0soziale Sicherheit, Gleichberechtigung und\u00a0Vielfalt\u00a0f\u00fcr alle Jazzmusiker*innen in Deutschland!\u201c<\/em><\/p>\n<p>Die Deutsche Jazzunion wurde 1973 gegr\u00fcndet und sieht sich als Sprachrohr der Jazzmusiker<em>innen in Deutschland sowie als wichtige Ansprechpartnerin f\u00fcr die Politik auf Bundesebene. Zu den Kernzielen des Verbands geh\u00f6ren Verbesserungen bei der Verg\u00fctung und der sozialen Absicherung von Jazzmusiker<\/em>innen, der Ausbau der spezifischen F\u00f6rderung f\u00fcr Jazz und Improvisierte Musik sowie die St\u00e4rkung der Spielst\u00e4tten. Die Deutsche Jazzunion setzt sich zudem f\u00fcr eine st\u00e4rkere Pr\u00e4senz von Jazz in Bildung und Lehre sowie im \u00f6ffentlich-rechtlichen Rundfunk ein. In j\u00fcngerer Zeit nimmt die Deutsche Jazzunion verst\u00e4rkt gesamtgesellschaftliche Themenfelder wie Diversit\u00e4t und Nachhaltigkeit in den Blick. Hauptamtlicher Gesch\u00e4ftsf\u00fchrer ist Urs Johnen.<\/p>\n<p><strong>Weitere Informationen<\/strong>: <a href=\"https:\/\/deutsche-jazzunion.us17.list-manage.com\/track\/click?u=58be787bba4617a28b00e04d0&amp;id=61d15dd79c&amp;e=1874cb0abc\">www.deutsche-jazzunion.de<\/a>.<\/p>\n<p>&nbsp;<\/p>\n<h3><strong>+++ Die neue Jazzstudie 2022 der Deutschen Jazzunion +++<br \/>\n<\/strong><\/h3>\n<p>Mit der Jazzstudie 2022, einer deutlich erweiterten Anschlussstudie an die\u00a0<u><a href=\"http:\/\/www.jazzstudie2016.de\/\">Jazzstudie 2016<\/a><\/u>, will die DJU dazu beitragen, ein tieferes Verst\u00e4ndnis f\u00fcr die Situation von Jazzmusiker*innen in Deutschland zu entwickeln.<\/p>\n<p>Neben der generellen Lebens- und Arbeitssituation von Jazzmusiker*innen und m\u00f6glichen Ver\u00e4nderungen seit der letzten Erhebung stehen unter anderem die Auswirkungen der Coronapandemie auf die k\u00fcnstlerische und wirtschaftliche Situation sowie das pers\u00f6nliche Wohlbefinden im Mittelpunkt.<\/p>\n<p>Die Initiatoren schreiben: \u201eJe nach Ausf\u00fchrlichkeit der Antworten sollte die Umfrage 30\u201360 Minuten in Anspruch nehmen. Wir empfehlen, die Unterlagen zur Einkommenssituation der letzten drei Jahre sowie zu den in den letzten f\u00fcnf Jahren erhaltenen F\u00f6rdermitteln zurechtzulegen. Ein Zusammenhang zwischen E-Mail-Adresse und Fragebogen kann von uns nicht hergestellt werden.<\/p>\n<p><strong><u><a href=\"https:\/\/limesurvey.tiefetoene.de\/index.php\/396529\">&gt;&gt;&gt; Hier geht\u2019s zur Befragung<\/a><\/u><\/strong><\/p>\n","protected":false},"excerpt":{"rendered":"<p>+++ Neun Jahre SOFIA +++ Nicole Joh\u00e4nntgen l\u00e4dt wieder einmal zu einer neuen Ausgabe von SOFIA ein. 2013, vor neun Jahren,\u00a0 hat sie den Music- und Business Workshop SOFIA Support Of Female Improvising Artists ins Leben gerufen. SOFIA unterst\u00fctzt seither erfolgreich Nachwuchs-Jazzmusikerinnen weltweit. Ab 18. Mai finden in Z\u00fcrich, Villa Schneckenmann, Business-Workshops (Booking, PR, Achtsamkeitstraining, Musikphysiologie, Buchhaltung etc.) und Konzerte, wie auch Jam Sessions statt. Es sind Musikerinnen aus Argentinien, Schweden, Estland, Frankreich, Schottland und aus der Schweiz dabei. Hier die Termin\u00fcbersicht der Workshops, bei denen frau aktiv und passiv teilnehmen kann. Auch Zuh\u00f6ren lohnt sich. Weitere Infos findet ihr auf SOFIA 18.5. Z\u00fcrich, JazzBaragge@Moods 19.5. Z\u00fcrich, Villa Schneckenmann 21.5. Z\u00fcrich, Villa Schneckenmann 22.5. Uster, Musikcontainer + Weinfelden, 8570 Jazzclub &nbsp; +++ Deutsche Jazzunion w\u00e4hlt neuen Vorstand +++ In der digitalen Versammlung am 3. Mai 2022 w\u00e4hlten die Mitglieder des Berufs- und Fachinteressenverbands sieben Kolleg*innen in das ehrenamtliche Gremium. Dieses repr\u00e4sentiert von 2022 bis 2025 die mehr als 1.400 Mitglieder in ihrer Vielfalt. Neu gew\u00e4hlt wurden Gabriele Maurer (Mannheim), Robert Lucaciu (Leipzig) und Janning Trumann (K\u00f6ln). Weiterhin im Vorstand sind Nikolaus Neuser (Berlin), Johanna Schneider &hellip;<\/p>\n","protected":false},"author":18,"featured_media":27330,"comment_status":"open","ping_status":"closed","sticky":false,"template":"","format":"standard","meta":{"_jetpack_memberships_contains_paid_content":false,"footnotes":"","jetpack_publicize_message":"","jetpack_publicize_feature_enabled":true,"jetpack_social_post_already_shared":true,"jetpack_social_options":{"image_generator_settings":{"template":"highway","default_image_id":0,"font":"","enabled":false},"version":2}},"categories":[633],"tags":[4112,2445,3919,796,4111],"coauthors":[695],"class_list":["post-27327","post","type-post","status-publish","format-standard","has-post-thumbnail","hentry","category-nachrichten","tag-annette-von-eichel","tag-deutsche-jazzunion","tag-jazzstudie","tag-nicole-johaenntgen","tag-sofi"],"yoast_head":"<!-- This site is optimized with the Yoast SEO plugin v27.5 - https:\/\/yoast.com\/product\/yoast-seo-wordpress\/ -->\n<title>+++ news +++ Neun Jahre SOFIA +++ Deutsche Jazzunion w\u00e4hlt neuen Vorstand +++ Die neue Jazzstudie 2022 der Deutschen Jazzunion +++ - JazzZeitung<\/title>\n<meta name=\"robots\" content=\"index, follow, max-snippet:-1, max-image-preview:large, max-video-preview:-1\" \/>\n<link rel=\"canonical\" href=\"https:\/\/www.jazzzeitung.de\/cms\/2022\/05\/newsneun-jahre-sofiadeutsche-jazzunion-waehlt-neuen-vorstanddie-neue-jazzstudie-2022-der-deutschen-jazzunion\/\" \/>\n<meta property=\"og:locale\" content=\"de_DE\" \/>\n<meta property=\"og:type\" content=\"article\" \/>\n<meta property=\"og:title\" content=\"+++ news +++ Neun Jahre SOFIA +++ Deutsche Jazzunion w\u00e4hlt neuen Vorstand +++ Die neue Jazzstudie 2022 der Deutschen Jazzunion +++ - JazzZeitung\" \/>\n<meta property=\"og:description\" content=\"+++ Neun Jahre SOFIA +++ Nicole Joh\u00e4nntgen l\u00e4dt wieder einmal zu einer neuen Ausgabe von SOFIA ein. 2013, vor neun Jahren,\u00a0 hat sie den Music- und Business Workshop SOFIA Support Of Female Improvising Artists ins Leben gerufen. SOFIA unterst\u00fctzt seither erfolgreich Nachwuchs-Jazzmusikerinnen weltweit. Ab 18. Mai finden in Z\u00fcrich, Villa Schneckenmann, Business-Workshops (Booking, PR, Achtsamkeitstraining, Musikphysiologie, Buchhaltung etc.) und Konzerte, wie auch Jam Sessions statt. Es sind Musikerinnen aus Argentinien, Schweden, Estland, Frankreich, Schottland und aus der Schweiz dabei. Hier die Termin\u00fcbersicht der Workshops, bei denen frau aktiv und passiv teilnehmen kann. Auch Zuh\u00f6ren lohnt sich. Weitere Infos findet ihr auf SOFIA 18.5. Z\u00fcrich, JazzBaragge@Moods 19.5. Z\u00fcrich, Villa Schneckenmann 21.5. Z\u00fcrich, Villa Schneckenmann 22.5. Uster, Musikcontainer + Weinfelden, 8570 Jazzclub &nbsp; +++ Deutsche Jazzunion w\u00e4hlt neuen Vorstand +++ In der digitalen Versammlung am 3. Mai 2022 w\u00e4hlten die Mitglieder des Berufs- und Fachinteressenverbands sieben Kolleg*innen in das ehrenamtliche Gremium. Dieses repr\u00e4sentiert von 2022 bis 2025 die mehr als 1.400 Mitglieder in ihrer Vielfalt. Neu gew\u00e4hlt wurden Gabriele Maurer (Mannheim), Robert Lucaciu (Leipzig) und Janning Trumann (K\u00f6ln). Weiterhin im Vorstand sind Nikolaus Neuser (Berlin), Johanna Schneider &hellip;\" \/>\n<meta property=\"og:url\" content=\"https:\/\/www.jazzzeitung.de\/cms\/2022\/05\/newsneun-jahre-sofiadeutsche-jazzunion-waehlt-neuen-vorstanddie-neue-jazzstudie-2022-der-deutschen-jazzunion\/\" \/>\n<meta property=\"og:site_name\" content=\"JazzZeitung\" \/>\n<meta property=\"article:publisher\" content=\"https:\/\/www.facebook.com\/JazzZeitung\/\" \/>\n<meta property=\"article:published_time\" content=\"2022-05-12T09:54:03+00:00\" \/>\n<meta property=\"article:modified_time\" content=\"2022-05-12T11:19:03+00:00\" \/>\n<meta property=\"og:image\" content=\"https:\/\/www.jazzzeitung.de\/cms\/wp-content\/uploads\/2022\/05\/SOFIAscreenshot-e1652352739176.png\" \/>\n\t<meta property=\"og:image:width\" content=\"1833\" \/>\n\t<meta property=\"og:image:height\" content=\"957\" \/>\n\t<meta property=\"og:image:type\" content=\"image\/png\" \/>\n<meta name=\"author\" content=\"Redaktion JazzZeitung\" \/>\n<script type=\"application\/ld+json\" class=\"yoast-schema-graph\">{\"@context\":\"https:\\\/\\\/schema.org\",\"@graph\":[{\"@type\":\"Article\",\"@id\":\"https:\\\/\\\/www.jazzzeitung.de\\\/cms\\\/2022\\\/05\\\/newsneun-jahre-sofiadeutsche-jazzunion-waehlt-neuen-vorstanddie-neue-jazzstudie-2022-der-deutschen-jazzunion\\\/#article\",\"isPartOf\":{\"@id\":\"https:\\\/\\\/www.jazzzeitung.de\\\/cms\\\/2022\\\/05\\\/newsneun-jahre-sofiadeutsche-jazzunion-waehlt-neuen-vorstanddie-neue-jazzstudie-2022-der-deutschen-jazzunion\\\/\"},\"author\":{\"name\":\"Redaktion JazzZeitung\",\"@id\":\"https:\\\/\\\/www.jazzzeitung.de\\\/cms\\\/#\\\/schema\\\/person\\\/2245b36b9cd1d24cea10f01c031fb92b\"},\"headline\":\"+++ news +++ Neun Jahre SOFIA +++ Deutsche Jazzunion w\u00e4hlt neuen Vorstand +++ Die neue Jazzstudie 2022 der Deutschen Jazzunion +++\",\"datePublished\":\"2022-05-12T09:54:03+00:00\",\"dateModified\":\"2022-05-12T11:19:03+00:00\",\"mainEntityOfPage\":{\"@id\":\"https:\\\/\\\/www.jazzzeitung.de\\\/cms\\\/2022\\\/05\\\/newsneun-jahre-sofiadeutsche-jazzunion-waehlt-neuen-vorstanddie-neue-jazzstudie-2022-der-deutschen-jazzunion\\\/\"},\"wordCount\":531,\"commentCount\":0,\"publisher\":{\"@id\":\"https:\\\/\\\/www.jazzzeitung.de\\\/cms\\\/#organization\"},\"image\":{\"@id\":\"https:\\\/\\\/www.jazzzeitung.de\\\/cms\\\/2022\\\/05\\\/newsneun-jahre-sofiadeutsche-jazzunion-waehlt-neuen-vorstanddie-neue-jazzstudie-2022-der-deutschen-jazzunion\\\/#primaryimage\"},\"thumbnailUrl\":\"https:\\\/\\\/i0.wp.com\\\/www.jazzzeitung.de\\\/cms\\\/wp-content\\\/uploads\\\/2022\\\/05\\\/SOFIAscreenshot-e1652352739176.png?fit=1833%2C957&ssl=1\",\"keywords\":[\"Annette von Eichel\",\"Deutsche Jazzunion\",\"Jazzstudie\",\"Nicole Joh\u00e4nntgen\",\"SOFI\"],\"articleSection\":[\"News\"],\"inLanguage\":\"de\",\"potentialAction\":[{\"@type\":\"CommentAction\",\"name\":\"Comment\",\"target\":[\"https:\\\/\\\/www.jazzzeitung.de\\\/cms\\\/2022\\\/05\\\/newsneun-jahre-sofiadeutsche-jazzunion-waehlt-neuen-vorstanddie-neue-jazzstudie-2022-der-deutschen-jazzunion\\\/#respond\"]}]},{\"@type\":\"WebPage\",\"@id\":\"https:\\\/\\\/www.jazzzeitung.de\\\/cms\\\/2022\\\/05\\\/newsneun-jahre-sofiadeutsche-jazzunion-waehlt-neuen-vorstanddie-neue-jazzstudie-2022-der-deutschen-jazzunion\\\/\",\"url\":\"https:\\\/\\\/www.jazzzeitung.de\\\/cms\\\/2022\\\/05\\\/newsneun-jahre-sofiadeutsche-jazzunion-waehlt-neuen-vorstanddie-neue-jazzstudie-2022-der-deutschen-jazzunion\\\/\",\"name\":\"+++ news +++ Neun Jahre SOFIA +++ Deutsche Jazzunion w\u00e4hlt neuen Vorstand +++ Die neue Jazzstudie 2022 der Deutschen Jazzunion +++ - JazzZeitung\",\"isPartOf\":{\"@id\":\"https:\\\/\\\/www.jazzzeitung.de\\\/cms\\\/#website\"},\"primaryImageOfPage\":{\"@id\":\"https:\\\/\\\/www.jazzzeitung.de\\\/cms\\\/2022\\\/05\\\/newsneun-jahre-sofiadeutsche-jazzunion-waehlt-neuen-vorstanddie-neue-jazzstudie-2022-der-deutschen-jazzunion\\\/#primaryimage\"},\"image\":{\"@id\":\"https:\\\/\\\/www.jazzzeitung.de\\\/cms\\\/2022\\\/05\\\/newsneun-jahre-sofiadeutsche-jazzunion-waehlt-neuen-vorstanddie-neue-jazzstudie-2022-der-deutschen-jazzunion\\\/#primaryimage\"},\"thumbnailUrl\":\"https:\\\/\\\/i0.wp.com\\\/www.jazzzeitung.de\\\/cms\\\/wp-content\\\/uploads\\\/2022\\\/05\\\/SOFIAscreenshot-e1652352739176.png?fit=1833%2C957&ssl=1\",\"datePublished\":\"2022-05-12T09:54:03+00:00\",\"dateModified\":\"2022-05-12T11:19:03+00:00\",\"breadcrumb\":{\"@id\":\"https:\\\/\\\/www.jazzzeitung.de\\\/cms\\\/2022\\\/05\\\/newsneun-jahre-sofiadeutsche-jazzunion-waehlt-neuen-vorstanddie-neue-jazzstudie-2022-der-deutschen-jazzunion\\\/#breadcrumb\"},\"inLanguage\":\"de\",\"potentialAction\":[{\"@type\":\"ReadAction\",\"target\":[\"https:\\\/\\\/www.jazzzeitung.de\\\/cms\\\/2022\\\/05\\\/newsneun-jahre-sofiadeutsche-jazzunion-waehlt-neuen-vorstanddie-neue-jazzstudie-2022-der-deutschen-jazzunion\\\/\"]}]},{\"@type\":\"ImageObject\",\"inLanguage\":\"de\",\"@id\":\"https:\\\/\\\/www.jazzzeitung.de\\\/cms\\\/2022\\\/05\\\/newsneun-jahre-sofiadeutsche-jazzunion-waehlt-neuen-vorstanddie-neue-jazzstudie-2022-der-deutschen-jazzunion\\\/#primaryimage\",\"url\":\"https:\\\/\\\/i0.wp.com\\\/www.jazzzeitung.de\\\/cms\\\/wp-content\\\/uploads\\\/2022\\\/05\\\/SOFIAscreenshot-e1652352739176.png?fit=1833%2C957&ssl=1\",\"contentUrl\":\"https:\\\/\\\/i0.wp.com\\\/www.jazzzeitung.de\\\/cms\\\/wp-content\\\/uploads\\\/2022\\\/05\\\/SOFIAscreenshot-e1652352739176.png?fit=1833%2C957&ssl=1\",\"width\":1833,\"height\":957},{\"@type\":\"BreadcrumbList\",\"@id\":\"https:\\\/\\\/www.jazzzeitung.de\\\/cms\\\/2022\\\/05\\\/newsneun-jahre-sofiadeutsche-jazzunion-waehlt-neuen-vorstanddie-neue-jazzstudie-2022-der-deutschen-jazzunion\\\/#breadcrumb\",\"itemListElement\":[{\"@type\":\"ListItem\",\"position\":1,\"name\":\"Startseite\",\"item\":\"https:\\\/\\\/www.jazzzeitung.de\\\/cms\\\/\"},{\"@type\":\"ListItem\",\"position\":2,\"name\":\"+++ news +++ Neun Jahre SOFIA +++ Deutsche Jazzunion w\u00e4hlt neuen Vorstand +++ Die neue Jazzstudie 2022 der Deutschen Jazzunion +++\"}]},{\"@type\":\"WebSite\",\"@id\":\"https:\\\/\\\/www.jazzzeitung.de\\\/cms\\\/#website\",\"url\":\"https:\\\/\\\/www.jazzzeitung.de\\\/cms\\\/\",\"name\":\"JazzZeitung\",\"description\":\"Jazz-News und Jazz-Kontroverses\",\"publisher\":{\"@id\":\"https:\\\/\\\/www.jazzzeitung.de\\\/cms\\\/#organization\"},\"potentialAction\":[{\"@type\":\"SearchAction\",\"target\":{\"@type\":\"EntryPoint\",\"urlTemplate\":\"https:\\\/\\\/www.jazzzeitung.de\\\/cms\\\/?s={search_term_string}\"},\"query-input\":{\"@type\":\"PropertyValueSpecification\",\"valueRequired\":true,\"valueName\":\"search_term_string\"}}],\"inLanguage\":\"de\"},{\"@type\":\"Organization\",\"@id\":\"https:\\\/\\\/www.jazzzeitung.de\\\/cms\\\/#organization\",\"name\":\"JazzZeitung online\",\"url\":\"https:\\\/\\\/www.jazzzeitung.de\\\/cms\\\/\",\"logo\":{\"@type\":\"ImageObject\",\"inLanguage\":\"de\",\"@id\":\"https:\\\/\\\/www.jazzzeitung.de\\\/cms\\\/#\\\/schema\\\/logo\\\/image\\\/\",\"url\":\"https:\\\/\\\/i0.wp.com\\\/www.jazzzeitung.de\\\/cms\\\/wp-content\\\/uploads\\\/2015\\\/08\\\/JAZZZEITUNGDE_Logo_Neu.png?fit=499%2C200&ssl=1\",\"contentUrl\":\"https:\\\/\\\/i0.wp.com\\\/www.jazzzeitung.de\\\/cms\\\/wp-content\\\/uploads\\\/2015\\\/08\\\/JAZZZEITUNGDE_Logo_Neu.png?fit=499%2C200&ssl=1\",\"width\":499,\"height\":200,\"caption\":\"JazzZeitung online\"},\"image\":{\"@id\":\"https:\\\/\\\/www.jazzzeitung.de\\\/cms\\\/#\\\/schema\\\/logo\\\/image\\\/\"},\"sameAs\":[\"https:\\\/\\\/www.facebook.com\\\/JazzZeitung\\\/\"]},{\"@type\":\"Person\",\"@id\":\"https:\\\/\\\/www.jazzzeitung.de\\\/cms\\\/#\\\/schema\\\/person\\\/2245b36b9cd1d24cea10f01c031fb92b\",\"name\":\"Redaktion JazzZeitung\",\"image\":{\"@type\":\"ImageObject\",\"inLanguage\":\"de\",\"@id\":\"https:\\\/\\\/i0.wp.com\\\/www.jazzzeitung.de\\\/cms\\\/wp-content\\\/uploads\\\/2015\\\/08\\\/JAZZZEITUNGDE_Logo_Neu.png?resize=96%2C96&ssl=159975dcacb611b5700bd619b5daf0a7a\",\"url\":\"https:\\\/\\\/i0.wp.com\\\/www.jazzzeitung.de\\\/cms\\\/wp-content\\\/uploads\\\/2015\\\/08\\\/JAZZZEITUNGDE_Logo_Neu.png?resize=96%2C96&ssl=1\",\"contentUrl\":\"https:\\\/\\\/i0.wp.com\\\/www.jazzzeitung.de\\\/cms\\\/wp-content\\\/uploads\\\/2015\\\/08\\\/JAZZZEITUNGDE_Logo_Neu.png?resize=96%2C96&ssl=1\",\"caption\":\"Redaktion JazzZeitung\"},\"description\":\"Artikel der Redaktion der JazzZeitung.\",\"sameAs\":[\"http:\\\/\\\/www.jazzzeitung.de\\\/cms\\\/\"],\"url\":\"https:\\\/\\\/www.jazzzeitung.de\\\/cms\\\/author\\\/redaktion\\\/\"}]}<\/script>\n<!-- \/ Yoast SEO plugin. -->","yoast_head_json":{"title":"+++ news +++ Neun Jahre SOFIA +++ Deutsche Jazzunion w\u00e4hlt neuen Vorstand +++ Die neue Jazzstudie 2022 der Deutschen Jazzunion +++ - JazzZeitung","robots":{"index":"index","follow":"follow","max-snippet":"max-snippet:-1","max-image-preview":"max-image-preview:large","max-video-preview":"max-video-preview:-1"},"canonical":"https:\/\/www.jazzzeitung.de\/cms\/2022\/05\/newsneun-jahre-sofiadeutsche-jazzunion-waehlt-neuen-vorstanddie-neue-jazzstudie-2022-der-deutschen-jazzunion\/","og_locale":"de_DE","og_type":"article","og_title":"+++ news +++ Neun Jahre SOFIA +++ Deutsche Jazzunion w\u00e4hlt neuen Vorstand +++ Die neue Jazzstudie 2022 der Deutschen Jazzunion +++ - JazzZeitung","og_description":"+++ Neun Jahre SOFIA +++ Nicole Joh\u00e4nntgen l\u00e4dt wieder einmal zu einer neuen Ausgabe von SOFIA ein. 2013, vor neun Jahren,\u00a0 hat sie den Music- und Business Workshop SOFIA Support Of Female Improvising Artists ins Leben gerufen. SOFIA unterst\u00fctzt seither erfolgreich Nachwuchs-Jazzmusikerinnen weltweit. Ab 18. Mai finden in Z\u00fcrich, Villa Schneckenmann, Business-Workshops (Booking, PR, Achtsamkeitstraining, Musikphysiologie, Buchhaltung etc.) und Konzerte, wie auch Jam Sessions statt. Es sind Musikerinnen aus Argentinien, Schweden, Estland, Frankreich, Schottland und aus der Schweiz dabei. Hier die Termin\u00fcbersicht der Workshops, bei denen frau aktiv und passiv teilnehmen kann. Auch Zuh\u00f6ren lohnt sich. Weitere Infos findet ihr auf SOFIA 18.5. Z\u00fcrich, JazzBaragge@Moods 19.5. Z\u00fcrich, Villa Schneckenmann 21.5. Z\u00fcrich, Villa Schneckenmann 22.5. Uster, Musikcontainer + Weinfelden, 8570 Jazzclub &nbsp; +++ Deutsche Jazzunion w\u00e4hlt neuen Vorstand +++ In der digitalen Versammlung am 3. Mai 2022 w\u00e4hlten die Mitglieder des Berufs- und Fachinteressenverbands sieben Kolleg*innen in das ehrenamtliche Gremium. Dieses repr\u00e4sentiert von 2022 bis 2025 die mehr als 1.400 Mitglieder in ihrer Vielfalt. Neu gew\u00e4hlt wurden Gabriele Maurer (Mannheim), Robert Lucaciu (Leipzig) und Janning Trumann (K\u00f6ln). Weiterhin im Vorstand sind Nikolaus Neuser (Berlin), Johanna Schneider &hellip;","og_url":"https:\/\/www.jazzzeitung.de\/cms\/2022\/05\/newsneun-jahre-sofiadeutsche-jazzunion-waehlt-neuen-vorstanddie-neue-jazzstudie-2022-der-deutschen-jazzunion\/","og_site_name":"JazzZeitung","article_publisher":"https:\/\/www.facebook.com\/JazzZeitung\/","article_published_time":"2022-05-12T09:54:03+00:00","article_modified_time":"2022-05-12T11:19:03+00:00","og_image":[{"width":1833,"height":957,"url":"https:\/\/www.jazzzeitung.de\/cms\/wp-content\/uploads\/2022\/05\/SOFIAscreenshot-e1652352739176.png","type":"image\/png"}],"author":"Redaktion JazzZeitung","schema":{"@context":"https:\/\/schema.org","@graph":[{"@type":"Article","@id":"https:\/\/www.jazzzeitung.de\/cms\/2022\/05\/newsneun-jahre-sofiadeutsche-jazzunion-waehlt-neuen-vorstanddie-neue-jazzstudie-2022-der-deutschen-jazzunion\/#article","isPartOf":{"@id":"https:\/\/www.jazzzeitung.de\/cms\/2022\/05\/newsneun-jahre-sofiadeutsche-jazzunion-waehlt-neuen-vorstanddie-neue-jazzstudie-2022-der-deutschen-jazzunion\/"},"author":{"name":"Redaktion JazzZeitung","@id":"https:\/\/www.jazzzeitung.de\/cms\/#\/schema\/person\/2245b36b9cd1d24cea10f01c031fb92b"},"headline":"+++ news +++ Neun Jahre SOFIA +++ Deutsche Jazzunion w\u00e4hlt neuen Vorstand +++ Die neue Jazzstudie 2022 der Deutschen Jazzunion +++","datePublished":"2022-05-12T09:54:03+00:00","dateModified":"2022-05-12T11:19:03+00:00","mainEntityOfPage":{"@id":"https:\/\/www.jazzzeitung.de\/cms\/2022\/05\/newsneun-jahre-sofiadeutsche-jazzunion-waehlt-neuen-vorstanddie-neue-jazzstudie-2022-der-deutschen-jazzunion\/"},"wordCount":531,"commentCount":0,"publisher":{"@id":"https:\/\/www.jazzzeitung.de\/cms\/#organization"},"image":{"@id":"https:\/\/www.jazzzeitung.de\/cms\/2022\/05\/newsneun-jahre-sofiadeutsche-jazzunion-waehlt-neuen-vorstanddie-neue-jazzstudie-2022-der-deutschen-jazzunion\/#primaryimage"},"thumbnailUrl":"https:\/\/i0.wp.com\/www.jazzzeitung.de\/cms\/wp-content\/uploads\/2022\/05\/SOFIAscreenshot-e1652352739176.png?fit=1833%2C957&ssl=1","keywords":["Annette von Eichel","Deutsche Jazzunion","Jazzstudie","Nicole Joh\u00e4nntgen","SOFI"],"articleSection":["News"],"inLanguage":"de","potentialAction":[{"@type":"CommentAction","name":"Comment","target":["https:\/\/www.jazzzeitung.de\/cms\/2022\/05\/newsneun-jahre-sofiadeutsche-jazzunion-waehlt-neuen-vorstanddie-neue-jazzstudie-2022-der-deutschen-jazzunion\/#respond"]}]},{"@type":"WebPage","@id":"https:\/\/www.jazzzeitung.de\/cms\/2022\/05\/newsneun-jahre-sofiadeutsche-jazzunion-waehlt-neuen-vorstanddie-neue-jazzstudie-2022-der-deutschen-jazzunion\/","url":"https:\/\/www.jazzzeitung.de\/cms\/2022\/05\/newsneun-jahre-sofiadeutsche-jazzunion-waehlt-neuen-vorstanddie-neue-jazzstudie-2022-der-deutschen-jazzunion\/","name":"+++ news +++ Neun Jahre SOFIA +++ Deutsche Jazzunion w\u00e4hlt neuen Vorstand +++ Die neue Jazzstudie 2022 der Deutschen Jazzunion +++ - JazzZeitung","isPartOf":{"@id":"https:\/\/www.jazzzeitung.de\/cms\/#website"},"primaryImageOfPage":{"@id":"https:\/\/www.jazzzeitung.de\/cms\/2022\/05\/newsneun-jahre-sofiadeutsche-jazzunion-waehlt-neuen-vorstanddie-neue-jazzstudie-2022-der-deutschen-jazzunion\/#primaryimage"},"image":{"@id":"https:\/\/www.jazzzeitung.de\/cms\/2022\/05\/newsneun-jahre-sofiadeutsche-jazzunion-waehlt-neuen-vorstanddie-neue-jazzstudie-2022-der-deutschen-jazzunion\/#primaryimage"},"thumbnailUrl":"https:\/\/i0.wp.com\/www.jazzzeitung.de\/cms\/wp-content\/uploads\/2022\/05\/SOFIAscreenshot-e1652352739176.png?fit=1833%2C957&ssl=1","datePublished":"2022-05-12T09:54:03+00:00","dateModified":"2022-05-12T11:19:03+00:00","breadcrumb":{"@id":"https:\/\/www.jazzzeitung.de\/cms\/2022\/05\/newsneun-jahre-sofiadeutsche-jazzunion-waehlt-neuen-vorstanddie-neue-jazzstudie-2022-der-deutschen-jazzunion\/#breadcrumb"},"inLanguage":"de","potentialAction":[{"@type":"ReadAction","target":["https:\/\/www.jazzzeitung.de\/cms\/2022\/05\/newsneun-jahre-sofiadeutsche-jazzunion-waehlt-neuen-vorstanddie-neue-jazzstudie-2022-der-deutschen-jazzunion\/"]}]},{"@type":"ImageObject","inLanguage":"de","@id":"https:\/\/www.jazzzeitung.de\/cms\/2022\/05\/newsneun-jahre-sofiadeutsche-jazzunion-waehlt-neuen-vorstanddie-neue-jazzstudie-2022-der-deutschen-jazzunion\/#primaryimage","url":"https:\/\/i0.wp.com\/www.jazzzeitung.de\/cms\/wp-content\/uploads\/2022\/05\/SOFIAscreenshot-e1652352739176.png?fit=1833%2C957&ssl=1","contentUrl":"https:\/\/i0.wp.com\/www.jazzzeitung.de\/cms\/wp-content\/uploads\/2022\/05\/SOFIAscreenshot-e1652352739176.png?fit=1833%2C957&ssl=1","width":1833,"height":957},{"@type":"BreadcrumbList","@id":"https:\/\/www.jazzzeitung.de\/cms\/2022\/05\/newsneun-jahre-sofiadeutsche-jazzunion-waehlt-neuen-vorstanddie-neue-jazzstudie-2022-der-deutschen-jazzunion\/#breadcrumb","itemListElement":[{"@type":"ListItem","position":1,"name":"Startseite","item":"https:\/\/www.jazzzeitung.de\/cms\/"},{"@type":"ListItem","position":2,"name":"+++ news +++ Neun Jahre SOFIA +++ Deutsche Jazzunion w\u00e4hlt neuen Vorstand +++ Die neue Jazzstudie 2022 der Deutschen Jazzunion +++"}]},{"@type":"WebSite","@id":"https:\/\/www.jazzzeitung.de\/cms\/#website","url":"https:\/\/www.jazzzeitung.de\/cms\/","name":"JazzZeitung","description":"Jazz-News und Jazz-Kontroverses","publisher":{"@id":"https:\/\/www.jazzzeitung.de\/cms\/#organization"},"potentialAction":[{"@type":"SearchAction","target":{"@type":"EntryPoint","urlTemplate":"https:\/\/www.jazzzeitung.de\/cms\/?s={search_term_string}"},"query-input":{"@type":"PropertyValueSpecification","valueRequired":true,"valueName":"search_term_string"}}],"inLanguage":"de"},{"@type":"Organization","@id":"https:\/\/www.jazzzeitung.de\/cms\/#organization","name":"JazzZeitung online","url":"https:\/\/www.jazzzeitung.de\/cms\/","logo":{"@type":"ImageObject","inLanguage":"de","@id":"https:\/\/www.jazzzeitung.de\/cms\/#\/schema\/logo\/image\/","url":"https:\/\/i0.wp.com\/www.jazzzeitung.de\/cms\/wp-content\/uploads\/2015\/08\/JAZZZEITUNGDE_Logo_Neu.png?fit=499%2C200&ssl=1","contentUrl":"https:\/\/i0.wp.com\/www.jazzzeitung.de\/cms\/wp-content\/uploads\/2015\/08\/JAZZZEITUNGDE_Logo_Neu.png?fit=499%2C200&ssl=1","width":499,"height":200,"caption":"JazzZeitung online"},"image":{"@id":"https:\/\/www.jazzzeitung.de\/cms\/#\/schema\/logo\/image\/"},"sameAs":["https:\/\/www.facebook.com\/JazzZeitung\/"]},{"@type":"Person","@id":"https:\/\/www.jazzzeitung.de\/cms\/#\/schema\/person\/2245b36b9cd1d24cea10f01c031fb92b","name":"Redaktion JazzZeitung","image":{"@type":"ImageObject","inLanguage":"de","@id":"https:\/\/i0.wp.com\/www.jazzzeitung.de\/cms\/wp-content\/uploads\/2015\/08\/JAZZZEITUNGDE_Logo_Neu.png?resize=96%2C96&ssl=159975dcacb611b5700bd619b5daf0a7a","url":"https:\/\/i0.wp.com\/www.jazzzeitung.de\/cms\/wp-content\/uploads\/2015\/08\/JAZZZEITUNGDE_Logo_Neu.png?resize=96%2C96&ssl=1","contentUrl":"https:\/\/i0.wp.com\/www.jazzzeitung.de\/cms\/wp-content\/uploads\/2015\/08\/JAZZZEITUNGDE_Logo_Neu.png?resize=96%2C96&ssl=1","caption":"Redaktion JazzZeitung"},"description":"Artikel der Redaktion der JazzZeitung.","sameAs":["http:\/\/www.jazzzeitung.de\/cms\/"],"url":"https:\/\/www.jazzzeitung.de\/cms\/author\/redaktion\/"}]}},"wp-worthy-pixel":{"ignored":false,"public":null,"server":null,"url":null},"wp-worthy-type":"normal","jetpack_publicize_connections":[],"cc_featured_image_caption":{"caption_text":"","source_text":"","source_url":""},"jetpack_featured_media_url":"https:\/\/i0.wp.com\/www.jazzzeitung.de\/cms\/wp-content\/uploads\/2022\/05\/SOFIAscreenshot-e1652352739176.png?fit=1833%2C957&ssl=1","jetpack_shortlink":"https:\/\/wp.me\/p3KEcT-76L","jetpack-related-posts":[{"id":3045,"url":"https:\/\/www.jazzzeitung.de\/cms\/2013\/11\/sofia-ein-foerderprogramm-fuer-junge-jazzmusikerinnen\/","url_meta":{"origin":27327,"position":0},"title":"SOFIA  \u2013 ein F\u00f6rderprogramm f\u00fcr junge Jazzmusikerinnen","author":"Redaktion JazzZeitung","date":"20. November 2013","format":false,"excerpt":"Sie ist hochbegabt, attraktiv und versteht gleich viel von Business und Vermarktung ihrer Talente wie von ihrer Musik. Die Rede ist von Nicole Joh\u00e4nntgen, der Initiatorin von SOFIA. SOFIA ist ein auf Nachhaltigkeit angelegtes Projekt zur F\u00f6rderung begabter Jazz Musikerinnen. Sechs junge Frauen werden aus der Schweiz, Frankreich und Deutschland\u2026","rel":"","context":"In &quot;News&quot;","block_context":{"text":"News","link":"https:\/\/www.jazzzeitung.de\/cms\/thema\/nachrichten\/"},"img":{"alt_text":"johanntgen","src":"https:\/\/i0.wp.com\/www.jazzzeitung.de\/cms\/wp-content\/uploads\/2013\/11\/johanntgen-150x150.jpg?resize=350%2C200","width":350,"height":200},"classes":[]},{"id":29477,"url":"https:\/\/www.jazzzeitung.de\/cms\/2023\/05\/news-nicole-johaenntgen-zu-gast-bei-sofia-open-air-zwischen-fachwerkhaeusern-beim-idstein-jazzfestival\/","url_meta":{"origin":27327,"position":1},"title":"News: +++ Nicole Joh\u00e4nntgen zu Gast bei SOFIA +++ Open-Air zwischen Fachwerkh\u00e4usern beim Idstein JazzFestival +++","author":"Redaktion JazzZeitung","date":"31. Mai 2023","format":false,"excerpt":"+++ Nicole Joh\u00e4nntgen zu Gast bei SOFIA +++ Die Saxophonistin Nicole Joh\u00e4nntgen, erst k\u00fcrzlich mit dem Lichtenburgpreis 2023 ausgezeichnet, wird im Rahmen der sechsten SOFIA Music Business Workshops zu h\u00f6ren sein, die vom 30. Mai bis zum 4. Juni 2023 in Z\u00fcrich stattfinden. SOFIA \u2013 das steht f\u00fcr Support Of\u2026","rel":"","context":"In &quot;News&quot;","block_context":{"text":"News","link":"https:\/\/www.jazzzeitung.de\/cms\/thema\/nachrichten\/"},"img":{"alt_text":"","src":"https:\/\/i0.wp.com\/www.jazzzeitung.de\/cms\/wp-content\/uploads\/2023\/01\/nicole-johaenntgen-new-orleans-3-scaled.jpg?fit=1200%2C799&ssl=1&resize=350%2C200","width":350,"height":200,"srcset":"https:\/\/i0.wp.com\/www.jazzzeitung.de\/cms\/wp-content\/uploads\/2023\/01\/nicole-johaenntgen-new-orleans-3-scaled.jpg?fit=1200%2C799&ssl=1&resize=350%2C200 1x, https:\/\/i0.wp.com\/www.jazzzeitung.de\/cms\/wp-content\/uploads\/2023\/01\/nicole-johaenntgen-new-orleans-3-scaled.jpg?fit=1200%2C799&ssl=1&resize=525%2C300 1.5x, https:\/\/i0.wp.com\/www.jazzzeitung.de\/cms\/wp-content\/uploads\/2023\/01\/nicole-johaenntgen-new-orleans-3-scaled.jpg?fit=1200%2C799&ssl=1&resize=700%2C400 2x, https:\/\/i0.wp.com\/www.jazzzeitung.de\/cms\/wp-content\/uploads\/2023\/01\/nicole-johaenntgen-new-orleans-3-scaled.jpg?fit=1200%2C799&ssl=1&resize=1050%2C600 3x"},"classes":[]},{"id":26558,"url":"https:\/\/www.jazzzeitung.de\/cms\/2022\/01\/newsdie-deutsche-jazz-szene-unter-der-lupe-infoveranstaltung-der-dju-zur-jazzstudie-2022-anmeldefrist-fuers-bayerische-jazzweekend-regensburg-bis-24-1-2022-verlaengert\/","url_meta":{"origin":27327,"position":2},"title":"+++ News +++ Die deutsche Jazz-Szene unter der Lupe: Infoveranstaltung der DJU zur Jazzstudie 2022 +++  Anmeldefrist f\u00fcrs Bayerische Jazzweekend Regensburg bis 24.1.2022 verl\u00e4ngert +++","author":"Redaktion JazzZeitung","date":"19. Januar 2022","format":false,"excerpt":"+++ Infoveranstaltung der DJU zur Jazzstudie 2022 am 20.01.22, 19:00\u201320:00 +++ Die im Auftrag der Deutschen Jazzunion verfasste und im vergangenen Jahr unter Aspekten der Geschlechtergerechtigkeit erneut ausgewertete erste Jazzstudie 2016 ist eine wichtige und viel zitierte empirische Quelle zur Situation von Jazzmusiker*innen in Deutschland. Um die Situation und die\u2026","rel":"","context":"In &quot;News&quot;","block_context":{"text":"News","link":"https:\/\/www.jazzzeitung.de\/cms\/thema\/nachrichten\/"},"img":{"alt_text":"","src":"https:\/\/i0.wp.com\/www.jazzzeitung.de\/cms\/wp-content\/uploads\/2022\/01\/4ac5dd_3865d9dc332a47f2a0947c8a1bf649b5mv2-e1642600192241.webp?fit=741%2C502&ssl=1&resize=350%2C200","width":350,"height":200,"srcset":"https:\/\/i0.wp.com\/www.jazzzeitung.de\/cms\/wp-content\/uploads\/2022\/01\/4ac5dd_3865d9dc332a47f2a0947c8a1bf649b5mv2-e1642600192241.webp?fit=741%2C502&ssl=1&resize=350%2C200 1x, https:\/\/i0.wp.com\/www.jazzzeitung.de\/cms\/wp-content\/uploads\/2022\/01\/4ac5dd_3865d9dc332a47f2a0947c8a1bf649b5mv2-e1642600192241.webp?fit=741%2C502&ssl=1&resize=525%2C300 1.5x, https:\/\/i0.wp.com\/www.jazzzeitung.de\/cms\/wp-content\/uploads\/2022\/01\/4ac5dd_3865d9dc332a47f2a0947c8a1bf649b5mv2-e1642600192241.webp?fit=741%2C502&ssl=1&resize=700%2C400 2x"},"classes":[]},{"id":22133,"url":"https:\/\/www.jazzzeitung.de\/cms\/2020\/03\/deutsche-jazzunion-existenz-vieler-jazzmusikerinnen-in-gefahr\/","url_meta":{"origin":27327,"position":3},"title":"Deutsche Jazzunion: Existenz vieler Jazzmusiker*innen in Gefahr","author":"Redaktion JazzZeitung","date":"12. M\u00e4rz 2020","format":false,"excerpt":"Wirtschaftliche Existenz vieler Jazzmusiker*innen durch Veranstaltungsabsagen wegen Coronavirus in Gefahr. Abgesagte Messen, geschlossene Konzerth\u00e4user und auf unbestimmte Zeit verschobene Veranstaltungen: Von den staatlichen Ma\u00dfnahmen gegen die Ausbreitung des neuartigen Coronavirus CoVid-19 in Deutschland sind nicht nur Gro\u00dfveranstaltungen betroffen, sondern auch unz\u00e4hlige Jazzspielst\u00e4tten wie Clubs und Kleinkunstb\u00fchnen. Gerade die \u00fcberwiegend freischaffenden\u2026","rel":"","context":"In &quot;News&quot;","block_context":{"text":"News","link":"https:\/\/www.jazzzeitung.de\/cms\/thema\/nachrichten\/"},"img":{"alt_text":"Logo der Deutschen Jazzunion","src":"https:\/\/i0.wp.com\/www.jazzzeitung.de\/cms\/wp-content\/uploads\/2019\/05\/DeutscheJazzunion.png?fit=811%2C456&ssl=1&resize=350%2C200","width":350,"height":200,"srcset":"https:\/\/i0.wp.com\/www.jazzzeitung.de\/cms\/wp-content\/uploads\/2019\/05\/DeutscheJazzunion.png?fit=811%2C456&ssl=1&resize=350%2C200 1x, https:\/\/i0.wp.com\/www.jazzzeitung.de\/cms\/wp-content\/uploads\/2019\/05\/DeutscheJazzunion.png?fit=811%2C456&ssl=1&resize=525%2C300 1.5x, https:\/\/i0.wp.com\/www.jazzzeitung.de\/cms\/wp-content\/uploads\/2019\/05\/DeutscheJazzunion.png?fit=811%2C456&ssl=1&resize=700%2C400 2x"},"classes":[]},{"id":26858,"url":"https:\/\/www.jazzzeitung.de\/cms\/2022\/03\/jazzstudie-2022-online-befragung-von-jazzmusikerinnen-ab-10-03-jazzfest-rottweil-neue-programmhighlights\/","url_meta":{"origin":27327,"position":4},"title":"+++ Jazzstudie 2022: Online-Befragung von Jazzmusiker*innen ab 10.03. +++ Jazzfest Rottweil: Neue Programmhighlights +++","author":"Redaktion JazzZeitung","date":"17. M\u00e4rz 2022","format":false,"excerpt":"Online-Befragung zur Jazzstudie 2022 der Deutschen Jazzunion Die Deutsche Jazzunionstellt die Lebens- und Arbeitssituation von Jazzmusikerinnen erneut auf den Pr\u00fcfstand. Dazu ist am 10.03.2022 die gro\u00dfangelegte Online-Befragung gestartet. SIe richtet sich an alle professionellen Jazzmusikerinnen und -p\u00e4dagog*innen, die schwerpunktm\u00e4\u00dfig in Deutschland t\u00e4tig sind. Es sollen Ver\u00e4nderungen der sozio\u00f6konimischen Lage seit\u2026","rel":"","context":"In &quot;News&quot;","block_context":{"text":"News","link":"https:\/\/www.jazzzeitung.de\/cms\/thema\/nachrichten\/"},"img":{"alt_text":"","src":"https:\/\/i0.wp.com\/www.jazzzeitung.de\/cms\/wp-content\/uploads\/2019\/10\/P1526924-Exotica-K%C3%A4nzig-shadow-Foto-TJ-Krebs.jpg?fit=800%2C1200&ssl=1&resize=350%2C200","width":350,"height":200,"srcset":"https:\/\/i0.wp.com\/www.jazzzeitung.de\/cms\/wp-content\/uploads\/2019\/10\/P1526924-Exotica-K%C3%A4nzig-shadow-Foto-TJ-Krebs.jpg?fit=800%2C1200&ssl=1&resize=350%2C200 1x, https:\/\/i0.wp.com\/www.jazzzeitung.de\/cms\/wp-content\/uploads\/2019\/10\/P1526924-Exotica-K%C3%A4nzig-shadow-Foto-TJ-Krebs.jpg?fit=800%2C1200&ssl=1&resize=525%2C300 1.5x, https:\/\/i0.wp.com\/www.jazzzeitung.de\/cms\/wp-content\/uploads\/2019\/10\/P1526924-Exotica-K%C3%A4nzig-shadow-Foto-TJ-Krebs.jpg?fit=800%2C1200&ssl=1&resize=700%2C400 2x"},"classes":[]},{"id":32477,"url":"https:\/\/www.jazzzeitung.de\/cms\/2025\/04\/news-save-the-date-suedtirol-jazzfestival-alto-adige-2025-deutsche-jazzunion-waehlt-neuen-vorstand\/","url_meta":{"origin":27327,"position":5},"title":"+++ news +++ Save the Date: S\u00fcdtirol Jazzfestival Alto Adige 2025 +++ Deutsche Jazzunion w\u00e4hlt neuen Vorstand +++","author":"Redaktion JazzZeitung","date":"28. April 2025","format":false,"excerpt":"+++ Die Welt ist Klang - S\u00fcdtirol Jazzfestival Alto Adige 2025 +++ Wie entsteht ein \u201eeigener Sound\u201d? Und was klingt \u2013 heute \u2013 gut? Jazzmusiker und Jazzmusikerinnen haben \u2013 anders als in der europ\u00e4ischen Kunstmusik \u2013 ihren eigenen Sound und der Ausdruck ist dabei immer wichtiger als der sch\u00f6ne Klang.\u2026","rel":"","context":"In &quot;Redaktionelle Nachrichten&quot;","block_context":{"text":"Redaktionelle Nachrichten","link":"https:\/\/www.jazzzeitung.de\/cms\/thema\/redaktion\/"},"img":{"alt_text":"","src":"https:\/\/i0.wp.com\/www.jazzzeitung.de\/cms\/wp-content\/uploads\/2025\/04\/BrainteaserOrchestra_Artwork_Liggend_Geel-c-Mike-Pasarella_Floor-Rehbach.jpg?fit=835%2C566&ssl=1&resize=350%2C200","width":350,"height":200,"srcset":"https:\/\/i0.wp.com\/www.jazzzeitung.de\/cms\/wp-content\/uploads\/2025\/04\/BrainteaserOrchestra_Artwork_Liggend_Geel-c-Mike-Pasarella_Floor-Rehbach.jpg?fit=835%2C566&ssl=1&resize=350%2C200 1x, https:\/\/i0.wp.com\/www.jazzzeitung.de\/cms\/wp-content\/uploads\/2025\/04\/BrainteaserOrchestra_Artwork_Liggend_Geel-c-Mike-Pasarella_Floor-Rehbach.jpg?fit=835%2C566&ssl=1&resize=525%2C300 1.5x, https:\/\/i0.wp.com\/www.jazzzeitung.de\/cms\/wp-content\/uploads\/2025\/04\/BrainteaserOrchestra_Artwork_Liggend_Geel-c-Mike-Pasarella_Floor-Rehbach.jpg?fit=835%2C566&ssl=1&resize=700%2C400 2x"},"classes":[]}],"jetpack_sharing_enabled":true,"_links":{"self":[{"href":"https:\/\/www.jazzzeitung.de\/cms\/wp-json\/wp\/v2\/posts\/27327","targetHints":{"allow":["GET"]}}],"collection":[{"href":"https:\/\/www.jazzzeitung.de\/cms\/wp-json\/wp\/v2\/posts"}],"about":[{"href":"https:\/\/www.jazzzeitung.de\/cms\/wp-json\/wp\/v2\/types\/post"}],"author":[{"embeddable":true,"href":"https:\/\/www.jazzzeitung.de\/cms\/wp-json\/wp\/v2\/users\/18"}],"replies":[{"embeddable":true,"href":"https:\/\/www.jazzzeitung.de\/cms\/wp-json\/wp\/v2\/comments?post=27327"}],"version-history":[{"count":13,"href":"https:\/\/www.jazzzeitung.de\/cms\/wp-json\/wp\/v2\/posts\/27327\/revisions"}],"predecessor-version":[{"id":27344,"href":"https:\/\/www.jazzzeitung.de\/cms\/wp-json\/wp\/v2\/posts\/27327\/revisions\/27344"}],"wp:featuredmedia":[{"embeddable":true,"href":"https:\/\/www.jazzzeitung.de\/cms\/wp-json\/wp\/v2\/media\/27330"}],"wp:attachment":[{"href":"https:\/\/www.jazzzeitung.de\/cms\/wp-json\/wp\/v2\/media?parent=27327"}],"wp:term":[{"taxonomy":"category","embeddable":true,"href":"https:\/\/www.jazzzeitung.de\/cms\/wp-json\/wp\/v2\/categories?post=27327"},{"taxonomy":"post_tag","embeddable":true,"href":"https:\/\/www.jazzzeitung.de\/cms\/wp-json\/wp\/v2\/tags?post=27327"},{"taxonomy":"author","embeddable":true,"href":"https:\/\/www.jazzzeitung.de\/cms\/wp-json\/wp\/v2\/coauthors?post=27327"}],"curies":[{"name":"wp","href":"https:\/\/api.w.org\/{rel}","templated":true}]}}