{"id":27206,"date":"2022-04-28T11:40:08","date_gmt":"2022-04-28T09:40:08","guid":{"rendered":"https:\/\/www.jazzzeitung.de\/cms\/?p=27206"},"modified":"2022-04-28T11:33:44","modified_gmt":"2022-04-28T09:33:44","slug":"britischer-pianist-ashly-henry-mit-erweiterem-trio-beim-bmw-welt-jazz-award-2022anat-fort-und-giovanni-guidi-bestreiten-das-finale","status":"publish","type":"post","link":"https:\/\/www.jazzzeitung.de\/cms\/2022\/04\/britischer-pianist-ashly-henry-mit-erweiterem-trio-beim-bmw-welt-jazz-award-2022anat-fort-und-giovanni-guidi-bestreiten-das-finale\/","title":{"rendered":"+++Britischer Pianist Ashly Henry mit erweitertem Trio beim BMW Welt Jazz Award 2022+++Anat Fort und Giovanni Guidi bestreiten das Finale im Juli+++"},"content":{"rendered":"<p>Das sechste Konzert des BMW Welt Jazz Award 2022 spielte vorgestern der Pianist Ashley Henry mit seinem Ensemble. Die letzte Soiree der Competition bestritt damit der j\u00fcngste Teilnehmer vor vollem Haus. Der 30-j\u00e4hrige Londoner Pianist schloss erst 2016 sein Studium an der Royal Academy of Music ab. Freilich eilte ihm da schon der Ruf eines Ausnahmetalents voraus, sodass er noch im selben Jahr mit Stars wie Terence Blanchard oder Jean Toussaint arbeiten durfte und als bislang J\u00fcngster zum International Piano Trio Festival eingeladen wurde, um mit Robert Glasper aufzutreten.<\/p>\n<div class=\"tiled-gallery type-rectangular tiled-gallery-unresized\" data-original-width=\"840\" data-carousel-extra='{&quot;blog_id&quot;:1,&quot;permalink&quot;:&quot;https:\\\/\\\/www.jazzzeitung.de\\\/cms\\\/2022\\\/04\\\/britischer-pianist-ashly-henry-mit-erweiterem-trio-beim-bmw-welt-jazz-award-2022anat-fort-und-giovanni-guidi-bestreiten-das-finale\\\/&quot;,&quot;likes_blog_id&quot;:55446655}' itemscope itemtype=\"http:\/\/schema.org\/ImageGallery\" > <div class=\"gallery-row\" style=\"width: 840px; height: 418px;\" data-original-width=\"840\" data-original-height=\"418\" > <div class=\"gallery-group images-1\" style=\"width: 280px; height: 418px;\" data-original-width=\"280\" data-original-height=\"418\" > <div class=\"tiled-gallery-item tiled-gallery-item-large\" itemprop=\"associatedMedia\" itemscope itemtype=\"http:\/\/schema.org\/ImageObject\"> <a href=\"https:\/\/www.jazzzeitung.de\/cms\/2022\/04\/britischer-pianist-ashly-henry-mit-erweiterem-trio-beim-bmw-welt-jazz-award-2022anat-fort-und-giovanni-guidi-bestreiten-das-finale\/p1798865-ashley-henry-foto-tj-krebs\/\" border=\"0\" itemprop=\"url\"> <meta itemprop=\"width\" content=\"276\"> <meta itemprop=\"height\" content=\"414\"> <img decoding=\"async\" class=\"\" data-attachment-id=\"27207\" data-orig-file=\"https:\/\/www.jazzzeitung.de\/cms\/wp-content\/uploads\/2022\/04\/P1798865-Ashley-Henry-Foto-TJ-Krebs.jpg\" data-orig-size=\"800,1200\" data-comments-opened=\"1\" data-image-meta=\"{&quot;aperture&quot;:&quot;0&quot;,&quot;credit&quot;:&quot;&quot;,&quot;camera&quot;:&quot;&quot;,&quot;caption&quot;:&quot;&quot;,&quot;created_timestamp&quot;:&quot;0&quot;,&quot;copyright&quot;:&quot;&quot;,&quot;focal_length&quot;:&quot;0&quot;,&quot;iso&quot;:&quot;0&quot;,&quot;shutter_speed&quot;:&quot;0&quot;,&quot;title&quot;:&quot;&quot;,&quot;orientation&quot;:&quot;0&quot;}\" data-image-title=\"\" data-image-description=\"\" data-medium-file=\"https:\/\/i0.wp.com\/www.jazzzeitung.de\/cms\/wp-content\/uploads\/2022\/04\/P1798865-Ashley-Henry-Foto-TJ-Krebs.jpg?fit=200%2C300&#038;ssl=1\" data-large-file=\"https:\/\/i0.wp.com\/www.jazzzeitung.de\/cms\/wp-content\/uploads\/2022\/04\/P1798865-Ashley-Henry-Foto-TJ-Krebs.jpg?fit=400%2C600&#038;ssl=1\" src=\"https:\/\/i0.wp.com\/www.jazzzeitung.de\/cms\/wp-content\/uploads\/2022\/04\/P1798865-Ashley-Henry-Foto-TJ-Krebs.jpg?w=276&#038;h=414&#038;ssl=1\" srcset=\"https:\/\/i0.wp.com\/www.jazzzeitung.de\/cms\/wp-content\/uploads\/2022\/04\/P1798865-Ashley-Henry-Foto-TJ-Krebs.jpg?w=800&amp;ssl=1 800w, https:\/\/i0.wp.com\/www.jazzzeitung.de\/cms\/wp-content\/uploads\/2022\/04\/P1798865-Ashley-Henry-Foto-TJ-Krebs.jpg?resize=200%2C300&amp;ssl=1 200w, https:\/\/i0.wp.com\/www.jazzzeitung.de\/cms\/wp-content\/uploads\/2022\/04\/P1798865-Ashley-Henry-Foto-TJ-Krebs.jpg?resize=400%2C600&amp;ssl=1 400w, https:\/\/i0.wp.com\/www.jazzzeitung.de\/cms\/wp-content\/uploads\/2022\/04\/P1798865-Ashley-Henry-Foto-TJ-Krebs.jpg?resize=768%2C1152&amp;ssl=1 768w\" width=\"276\" height=\"414\" loading=\"lazy\" data-original-width=\"276\" data-original-height=\"414\" itemprop=\"http:\/\/schema.org\/image\" title=\"\" alt=\"Bandleader Ashley Henry. Foto: TJ Krebs\" style=\"width: 276px; height: 414px;\" \/> <\/a> <div class=\"tiled-gallery-caption\" itemprop=\"caption description\"> Bandleader Ashley Henry. Foto: TJ Krebs <\/div> <\/div> <\/div> <!-- close group --> <div class=\"gallery-group images-1\" style=\"width: 280px; height: 418px;\" data-original-width=\"280\" data-original-height=\"418\" > <div class=\"tiled-gallery-item tiled-gallery-item-large\" itemprop=\"associatedMedia\" itemscope itemtype=\"http:\/\/schema.org\/ImageObject\"> <a href=\"https:\/\/www.jazzzeitung.de\/cms\/2022\/04\/britischer-pianist-ashly-henry-mit-erweiterem-trio-beim-bmw-welt-jazz-award-2022anat-fort-und-giovanni-guidi-bestreiten-das-finale\/p1798941-ashley-henry-foto-tj-krebs\/\" border=\"0\" itemprop=\"url\"> <meta itemprop=\"width\" content=\"276\"> <meta itemprop=\"height\" content=\"414\"> <img decoding=\"async\" class=\"\" data-attachment-id=\"27208\" data-orig-file=\"https:\/\/www.jazzzeitung.de\/cms\/wp-content\/uploads\/2022\/04\/P1798941-Ashley-Henry-Foto-TJ-Krebs.jpg\" data-orig-size=\"800,1200\" data-comments-opened=\"1\" data-image-meta=\"{&quot;aperture&quot;:&quot;0&quot;,&quot;credit&quot;:&quot;&quot;,&quot;camera&quot;:&quot;&quot;,&quot;caption&quot;:&quot;&quot;,&quot;created_timestamp&quot;:&quot;0&quot;,&quot;copyright&quot;:&quot;&quot;,&quot;focal_length&quot;:&quot;0&quot;,&quot;iso&quot;:&quot;0&quot;,&quot;shutter_speed&quot;:&quot;0&quot;,&quot;title&quot;:&quot;&quot;,&quot;orientation&quot;:&quot;0&quot;}\" data-image-title=\"P1798941 Ashley Henry &amp;#8211; Foto TJ Krebs\" data-image-description=\"\" data-medium-file=\"https:\/\/i0.wp.com\/www.jazzzeitung.de\/cms\/wp-content\/uploads\/2022\/04\/P1798941-Ashley-Henry-Foto-TJ-Krebs.jpg?fit=200%2C300&#038;ssl=1\" data-large-file=\"https:\/\/i0.wp.com\/www.jazzzeitung.de\/cms\/wp-content\/uploads\/2022\/04\/P1798941-Ashley-Henry-Foto-TJ-Krebs.jpg?fit=400%2C600&#038;ssl=1\" src=\"https:\/\/i0.wp.com\/www.jazzzeitung.de\/cms\/wp-content\/uploads\/2022\/04\/P1798941-Ashley-Henry-Foto-TJ-Krebs.jpg?w=276&#038;h=414&#038;ssl=1\" srcset=\"https:\/\/i0.wp.com\/www.jazzzeitung.de\/cms\/wp-content\/uploads\/2022\/04\/P1798941-Ashley-Henry-Foto-TJ-Krebs.jpg?w=800&amp;ssl=1 800w, https:\/\/i0.wp.com\/www.jazzzeitung.de\/cms\/wp-content\/uploads\/2022\/04\/P1798941-Ashley-Henry-Foto-TJ-Krebs.jpg?resize=200%2C300&amp;ssl=1 200w, https:\/\/i0.wp.com\/www.jazzzeitung.de\/cms\/wp-content\/uploads\/2022\/04\/P1798941-Ashley-Henry-Foto-TJ-Krebs.jpg?resize=400%2C600&amp;ssl=1 400w, https:\/\/i0.wp.com\/www.jazzzeitung.de\/cms\/wp-content\/uploads\/2022\/04\/P1798941-Ashley-Henry-Foto-TJ-Krebs.jpg?resize=768%2C1152&amp;ssl=1 768w\" width=\"276\" height=\"414\" loading=\"lazy\" data-original-width=\"276\" data-original-height=\"414\" itemprop=\"http:\/\/schema.org\/image\" title=\"P1798941 Ashley Henry - Foto TJ Krebs\" alt=\"S\u00e4nger Ashley Henry. Foto: TJ Krebs\" style=\"width: 276px; height: 414px;\" \/> <\/a> <div class=\"tiled-gallery-caption\" itemprop=\"caption description\"> S\u00e4nger Ashley Henry. Foto: TJ Krebs <\/div> <\/div> <\/div> <!-- close group --> <div class=\"gallery-group images-1\" style=\"width: 280px; height: 418px;\" data-original-width=\"280\" data-original-height=\"418\" > <div class=\"tiled-gallery-item tiled-gallery-item-large\" itemprop=\"associatedMedia\" itemscope itemtype=\"http:\/\/schema.org\/ImageObject\"> <a href=\"https:\/\/www.jazzzeitung.de\/cms\/2022\/04\/britischer-pianist-ashly-henry-mit-erweiterem-trio-beim-bmw-welt-jazz-award-2022anat-fort-und-giovanni-guidi-bestreiten-das-finale\/p1809149-oloniluyi-abel-foto-tj-krebs\/\" border=\"0\" itemprop=\"url\"> <meta itemprop=\"width\" content=\"276\"> <meta itemprop=\"height\" content=\"414\"> <img decoding=\"async\" class=\"\" data-attachment-id=\"27209\" data-orig-file=\"https:\/\/www.jazzzeitung.de\/cms\/wp-content\/uploads\/2022\/04\/P1809149-Oloniluyi-Abel-Foto-TJ-Krebs.jpg\" data-orig-size=\"800,1200\" data-comments-opened=\"1\" data-image-meta=\"{&quot;aperture&quot;:&quot;0&quot;,&quot;credit&quot;:&quot;&quot;,&quot;camera&quot;:&quot;&quot;,&quot;caption&quot;:&quot;&quot;,&quot;created_timestamp&quot;:&quot;0&quot;,&quot;copyright&quot;:&quot;&quot;,&quot;focal_length&quot;:&quot;0&quot;,&quot;iso&quot;:&quot;0&quot;,&quot;shutter_speed&quot;:&quot;0&quot;,&quot;title&quot;:&quot;&quot;,&quot;orientation&quot;:&quot;0&quot;}\" data-image-title=\"\" data-image-description=\"\" data-medium-file=\"https:\/\/i0.wp.com\/www.jazzzeitung.de\/cms\/wp-content\/uploads\/2022\/04\/P1809149-Oloniluyi-Abel-Foto-TJ-Krebs.jpg?fit=200%2C300&#038;ssl=1\" data-large-file=\"https:\/\/i0.wp.com\/www.jazzzeitung.de\/cms\/wp-content\/uploads\/2022\/04\/P1809149-Oloniluyi-Abel-Foto-TJ-Krebs.jpg?fit=400%2C600&#038;ssl=1\" src=\"https:\/\/i0.wp.com\/www.jazzzeitung.de\/cms\/wp-content\/uploads\/2022\/04\/P1809149-Oloniluyi-Abel-Foto-TJ-Krebs.jpg?w=276&#038;h=414&#038;ssl=1\" srcset=\"https:\/\/i0.wp.com\/www.jazzzeitung.de\/cms\/wp-content\/uploads\/2022\/04\/P1809149-Oloniluyi-Abel-Foto-TJ-Krebs.jpg?w=800&amp;ssl=1 800w, https:\/\/i0.wp.com\/www.jazzzeitung.de\/cms\/wp-content\/uploads\/2022\/04\/P1809149-Oloniluyi-Abel-Foto-TJ-Krebs.jpg?resize=200%2C300&amp;ssl=1 200w, https:\/\/i0.wp.com\/www.jazzzeitung.de\/cms\/wp-content\/uploads\/2022\/04\/P1809149-Oloniluyi-Abel-Foto-TJ-Krebs.jpg?resize=400%2C600&amp;ssl=1 400w, https:\/\/i0.wp.com\/www.jazzzeitung.de\/cms\/wp-content\/uploads\/2022\/04\/P1809149-Oloniluyi-Abel-Foto-TJ-Krebs.jpg?resize=768%2C1152&amp;ssl=1 768w\" width=\"276\" height=\"414\" loading=\"lazy\" data-original-width=\"276\" data-original-height=\"414\" itemprop=\"http:\/\/schema.org\/image\" title=\"\" alt=\"Karl Oloniluyi-Abel. Foto: TJ Krebs\" style=\"width: 276px; height: 414px;\" \/> <\/a> <div class=\"tiled-gallery-caption\" itemprop=\"caption description\"> Karl Oloniluyi-Abel. Foto: TJ Krebs <\/div> <\/div> <\/div> <!-- close group --> <\/div> <!-- close row --> <div class=\"gallery-row\" style=\"width: 840px; height: 628px;\" data-original-width=\"840\" data-original-height=\"628\" > <div class=\"gallery-group images-1\" style=\"width: 420px; height: 628px;\" data-original-width=\"420\" data-original-height=\"628\" > <div class=\"tiled-gallery-item tiled-gallery-item-large\" itemprop=\"associatedMedia\" itemscope itemtype=\"http:\/\/schema.org\/ImageObject\"> <a href=\"https:\/\/www.jazzzeitung.de\/cms\/2022\/04\/britischer-pianist-ashly-henry-mit-erweiterem-trio-beim-bmw-welt-jazz-award-2022anat-fort-und-giovanni-guidi-bestreiten-das-finale\/p1809274-marcelle-foto-tj-krebs\/\" border=\"0\" itemprop=\"url\"> <meta itemprop=\"width\" content=\"416\"> <meta itemprop=\"height\" content=\"624\"> <img decoding=\"async\" class=\"\" data-attachment-id=\"27210\" data-orig-file=\"https:\/\/www.jazzzeitung.de\/cms\/wp-content\/uploads\/2022\/04\/P1809274-Marcelle-Foto-TJ-Krebs.jpg\" data-orig-size=\"800,1200\" data-comments-opened=\"1\" data-image-meta=\"{&quot;aperture&quot;:&quot;0&quot;,&quot;credit&quot;:&quot;&quot;,&quot;camera&quot;:&quot;&quot;,&quot;caption&quot;:&quot;&quot;,&quot;created_timestamp&quot;:&quot;0&quot;,&quot;copyright&quot;:&quot;&quot;,&quot;focal_length&quot;:&quot;0&quot;,&quot;iso&quot;:&quot;0&quot;,&quot;shutter_speed&quot;:&quot;0&quot;,&quot;title&quot;:&quot;&quot;,&quot;orientation&quot;:&quot;0&quot;}\" data-image-title=\"\" data-image-description=\"\" data-medium-file=\"https:\/\/i0.wp.com\/www.jazzzeitung.de\/cms\/wp-content\/uploads\/2022\/04\/P1809274-Marcelle-Foto-TJ-Krebs.jpg?fit=200%2C300&#038;ssl=1\" data-large-file=\"https:\/\/i0.wp.com\/www.jazzzeitung.de\/cms\/wp-content\/uploads\/2022\/04\/P1809274-Marcelle-Foto-TJ-Krebs.jpg?fit=400%2C600&#038;ssl=1\" src=\"https:\/\/i0.wp.com\/www.jazzzeitung.de\/cms\/wp-content\/uploads\/2022\/04\/P1809274-Marcelle-Foto-TJ-Krebs.jpg?w=416&#038;h=624&#038;ssl=1\" srcset=\"https:\/\/i0.wp.com\/www.jazzzeitung.de\/cms\/wp-content\/uploads\/2022\/04\/P1809274-Marcelle-Foto-TJ-Krebs.jpg?w=800&amp;ssl=1 800w, https:\/\/i0.wp.com\/www.jazzzeitung.de\/cms\/wp-content\/uploads\/2022\/04\/P1809274-Marcelle-Foto-TJ-Krebs.jpg?resize=200%2C300&amp;ssl=1 200w, https:\/\/i0.wp.com\/www.jazzzeitung.de\/cms\/wp-content\/uploads\/2022\/04\/P1809274-Marcelle-Foto-TJ-Krebs.jpg?resize=400%2C600&amp;ssl=1 400w, https:\/\/i0.wp.com\/www.jazzzeitung.de\/cms\/wp-content\/uploads\/2022\/04\/P1809274-Marcelle-Foto-TJ-Krebs.jpg?resize=768%2C1152&amp;ssl=1 768w\" width=\"416\" height=\"624\" loading=\"lazy\" data-original-width=\"416\" data-original-height=\"624\" itemprop=\"http:\/\/schema.org\/image\" title=\"\" alt=\"Zola Marcelle. Foto: TJ Krebs\" style=\"width: 416px; height: 624px;\" \/> <\/a> <div class=\"tiled-gallery-caption\" itemprop=\"caption description\"> Zola Marcelle. Foto: TJ Krebs <\/div> <\/div> <\/div> <!-- close group --> <div class=\"gallery-group images-1\" style=\"width: 420px; height: 628px;\" data-original-width=\"420\" data-original-height=\"628\" > <div class=\"tiled-gallery-item tiled-gallery-item-large\" itemprop=\"associatedMedia\" itemscope itemtype=\"http:\/\/schema.org\/ImageObject\"> <a href=\"https:\/\/www.jazzzeitung.de\/cms\/2022\/04\/britischer-pianist-ashly-henry-mit-erweiterem-trio-beim-bmw-welt-jazz-award-2022anat-fort-und-giovanni-guidi-bestreiten-das-finale\/p1809288-manzanza-foto-tj-krebs\/\" border=\"0\" itemprop=\"url\"> <meta itemprop=\"width\" content=\"416\"> <meta itemprop=\"height\" content=\"624\"> <img decoding=\"async\" class=\"\" data-attachment-id=\"27211\" data-orig-file=\"https:\/\/www.jazzzeitung.de\/cms\/wp-content\/uploads\/2022\/04\/P1809288-Manzanza-Foto-TJ-Krebs.jpg\" data-orig-size=\"800,1200\" data-comments-opened=\"1\" data-image-meta=\"{&quot;aperture&quot;:&quot;0&quot;,&quot;credit&quot;:&quot;&quot;,&quot;camera&quot;:&quot;&quot;,&quot;caption&quot;:&quot;&quot;,&quot;created_timestamp&quot;:&quot;0&quot;,&quot;copyright&quot;:&quot;&quot;,&quot;focal_length&quot;:&quot;0&quot;,&quot;iso&quot;:&quot;0&quot;,&quot;shutter_speed&quot;:&quot;0&quot;,&quot;title&quot;:&quot;&quot;,&quot;orientation&quot;:&quot;0&quot;}\" data-image-title=\"\" data-image-description=\"\" data-medium-file=\"https:\/\/i0.wp.com\/www.jazzzeitung.de\/cms\/wp-content\/uploads\/2022\/04\/P1809288-Manzanza-Foto-TJ-Krebs.jpg?fit=200%2C300&#038;ssl=1\" data-large-file=\"https:\/\/i0.wp.com\/www.jazzzeitung.de\/cms\/wp-content\/uploads\/2022\/04\/P1809288-Manzanza-Foto-TJ-Krebs.jpg?fit=400%2C600&#038;ssl=1\" src=\"https:\/\/i0.wp.com\/www.jazzzeitung.de\/cms\/wp-content\/uploads\/2022\/04\/P1809288-Manzanza-Foto-TJ-Krebs.jpg?w=416&#038;h=624&#038;ssl=1\" srcset=\"https:\/\/i0.wp.com\/www.jazzzeitung.de\/cms\/wp-content\/uploads\/2022\/04\/P1809288-Manzanza-Foto-TJ-Krebs.jpg?w=800&amp;ssl=1 800w, https:\/\/i0.wp.com\/www.jazzzeitung.de\/cms\/wp-content\/uploads\/2022\/04\/P1809288-Manzanza-Foto-TJ-Krebs.jpg?resize=200%2C300&amp;ssl=1 200w, https:\/\/i0.wp.com\/www.jazzzeitung.de\/cms\/wp-content\/uploads\/2022\/04\/P1809288-Manzanza-Foto-TJ-Krebs.jpg?resize=400%2C600&amp;ssl=1 400w, https:\/\/i0.wp.com\/www.jazzzeitung.de\/cms\/wp-content\/uploads\/2022\/04\/P1809288-Manzanza-Foto-TJ-Krebs.jpg?resize=768%2C1152&amp;ssl=1 768w\" width=\"416\" height=\"624\" loading=\"lazy\" data-original-width=\"416\" data-original-height=\"624\" itemprop=\"http:\/\/schema.org\/image\" title=\"\" alt=\"Myele Manzanza. Foto: TJ Krebs\" style=\"width: 416px; height: 624px;\" \/> <\/a> <div class=\"tiled-gallery-caption\" itemprop=\"caption description\"> Myele Manzanza. Foto: TJ Krebs <\/div> <\/div> <\/div> <!-- close group --> <\/div> <!-- close row --> <\/div>\n<p>Henrys Kompositionen bewegten sich an fr\u00fchen Fusion-und Souljazz-Mustern der Sechzigerjahre entlang, stellenweise um ein paar Verweise auf Reggae-Beats erg\u00e4nzt. Er bevorzugte harten,\u00a0 dynamische Extremkontraste, au\u00dferdem wortreich formulierte Botschaften der Liebe, Freude und Wokeness.<\/p>\n<h3>+++Aktuelle Meldung: +++Anat Fort und Giovanni Guidi bestreiten das Finale+++<\/h3>\n<p>Nach sechs einzigartigen Soireen geht der BMW Welt Jazz Award 2022 am 9. Juli in die finale Runde. Dabei treten das Anat Fort Trio und das Giovanni Guidi Quintet an und zeigen ihre Interpretation des diesj\u00e4hrigen Mottos \u201eKey Position\u201c im Auditorium der BMW Welt. Dies gab heute die BMW Group Kulturkommunikation nach der Entscheidung der Jury, bestehend aus Oliver Hochkeppel (S\u00fcddeutsche Zeitung), Heike Lies (Kulturreferat der Landeshauptstadt M\u00fcnchen), Christiane B\u00f6hnke-Geisse (schwere reiter M\u00fcnchen), Roland Spiegel (BR-KLASSIK) und Andreas Kolb (JazzZeitung.de &amp; neue musikzeitung) bekannt. Dieselbe Expertenjury verk\u00fcndet noch am Finalabend, wer die von BMW Design entworfene Troph\u00e4e mit nach Hause nehmen darf. Dem Preistr\u00e4ger winkt zus\u00e4tzlich eine Siegespr\u00e4mie von 10.000 Euro. Der Zweitplatzierte kann sich \u00fcber ein Preisgeld von 5.000 Euro freuen.<\/p>\n<div class=\"tiled-gallery type-rectangular tiled-gallery-unresized\" data-original-width=\"840\" data-carousel-extra='{&quot;blog_id&quot;:1,&quot;permalink&quot;:&quot;https:\\\/\\\/www.jazzzeitung.de\\\/cms\\\/2022\\\/04\\\/britischer-pianist-ashly-henry-mit-erweiterem-trio-beim-bmw-welt-jazz-award-2022anat-fort-und-giovanni-guidi-bestreiten-das-finale\\\/&quot;,&quot;likes_blog_id&quot;:55446655}' itemscope itemtype=\"http:\/\/schema.org\/ImageGallery\" > <div class=\"gallery-row\" style=\"width: 840px; height: 388px;\" data-original-width=\"840\" data-original-height=\"388\" > <div class=\"gallery-group images-1\" style=\"width: 580px; height: 388px;\" data-original-width=\"580\" data-original-height=\"388\" > <div class=\"tiled-gallery-item tiled-gallery-item-large\" itemprop=\"associatedMedia\" itemscope itemtype=\"http:\/\/schema.org\/ImageObject\"> <a href=\"https:\/\/www.jazzzeitung.de\/cms\/2022\/04\/die-pianistin-anat-fort-und-ihr-trio-beim-bmw-welt-jazz-award\/p1765588-fort-foto-tj-krebs\/\" border=\"0\" itemprop=\"url\"> <meta itemprop=\"width\" content=\"576\"> <meta itemprop=\"height\" content=\"384\"> <img decoding=\"async\" class=\"\" data-attachment-id=\"27071\" data-orig-file=\"https:\/\/www.jazzzeitung.de\/cms\/wp-content\/uploads\/2022\/04\/P1765588-Fort-Foto-TJ-Krebs.jpg\" data-orig-size=\"1200,800\" data-comments-opened=\"1\" data-image-meta=\"{&quot;aperture&quot;:&quot;0&quot;,&quot;credit&quot;:&quot;&quot;,&quot;camera&quot;:&quot;&quot;,&quot;caption&quot;:&quot;&quot;,&quot;created_timestamp&quot;:&quot;0&quot;,&quot;copyright&quot;:&quot;&quot;,&quot;focal_length&quot;:&quot;0&quot;,&quot;iso&quot;:&quot;0&quot;,&quot;shutter_speed&quot;:&quot;0&quot;,&quot;title&quot;:&quot;&quot;,&quot;orientation&quot;:&quot;0&quot;}\" data-image-title=\"\" data-image-description=\"\" data-medium-file=\"https:\/\/i0.wp.com\/www.jazzzeitung.de\/cms\/wp-content\/uploads\/2022\/04\/P1765588-Fort-Foto-TJ-Krebs.jpg?fit=300%2C200&#038;ssl=1\" data-large-file=\"https:\/\/i0.wp.com\/www.jazzzeitung.de\/cms\/wp-content\/uploads\/2022\/04\/P1765588-Fort-Foto-TJ-Krebs.jpg?fit=840%2C560&#038;ssl=1\" src=\"https:\/\/i0.wp.com\/www.jazzzeitung.de\/cms\/wp-content\/uploads\/2022\/04\/P1765588-Fort-Foto-TJ-Krebs.jpg?w=576&#038;h=384&#038;ssl=1\" srcset=\"https:\/\/i0.wp.com\/www.jazzzeitung.de\/cms\/wp-content\/uploads\/2022\/04\/P1765588-Fort-Foto-TJ-Krebs.jpg?w=1200&amp;ssl=1 1200w, https:\/\/i0.wp.com\/www.jazzzeitung.de\/cms\/wp-content\/uploads\/2022\/04\/P1765588-Fort-Foto-TJ-Krebs.jpg?resize=300%2C200&amp;ssl=1 300w, https:\/\/i0.wp.com\/www.jazzzeitung.de\/cms\/wp-content\/uploads\/2022\/04\/P1765588-Fort-Foto-TJ-Krebs.jpg?resize=900%2C600&amp;ssl=1 900w, https:\/\/i0.wp.com\/www.jazzzeitung.de\/cms\/wp-content\/uploads\/2022\/04\/P1765588-Fort-Foto-TJ-Krebs.jpg?resize=768%2C512&amp;ssl=1 768w, https:\/\/i0.wp.com\/www.jazzzeitung.de\/cms\/wp-content\/uploads\/2022\/04\/P1765588-Fort-Foto-TJ-Krebs.jpg?resize=120%2C80&amp;ssl=1 120w\" width=\"576\" height=\"384\" loading=\"lazy\" data-original-width=\"576\" data-original-height=\"384\" itemprop=\"http:\/\/schema.org\/image\" title=\"\" alt=\"Anat Fort. Foto: TJ Krebs\" style=\"width: 576px; height: 384px;\" \/> <\/a> <div class=\"tiled-gallery-caption\" itemprop=\"caption description\"> Anat Fort. Foto: TJ Krebs <\/div> <\/div> <\/div> <!-- close group --> <div class=\"gallery-group images-1\" style=\"width: 260px; height: 388px;\" data-original-width=\"260\" data-original-height=\"388\" > <div class=\"tiled-gallery-item tiled-gallery-item-large\" itemprop=\"associatedMedia\" itemscope itemtype=\"http:\/\/schema.org\/ImageObject\"> <a href=\"https:\/\/www.jazzzeitung.de\/cms\/2022\/04\/der-pianist-giovanni-guidi-und-sein-quintett-beim-bmw-welt-jazz-award-2022\/p1787054-guidi-foto-tj-krebs\/\" border=\"0\" itemprop=\"url\"> <meta itemprop=\"width\" content=\"256\"> <meta itemprop=\"height\" content=\"384\"> <img decoding=\"async\" class=\"\" data-attachment-id=\"27130\" data-orig-file=\"https:\/\/www.jazzzeitung.de\/cms\/wp-content\/uploads\/2022\/04\/P1787054-Guidi-Foto-TJ-Krebs.jpg\" data-orig-size=\"800,1200\" data-comments-opened=\"1\" data-image-meta=\"{&quot;aperture&quot;:&quot;0&quot;,&quot;credit&quot;:&quot;&quot;,&quot;camera&quot;:&quot;&quot;,&quot;caption&quot;:&quot;&quot;,&quot;created_timestamp&quot;:&quot;0&quot;,&quot;copyright&quot;:&quot;&quot;,&quot;focal_length&quot;:&quot;0&quot;,&quot;iso&quot;:&quot;0&quot;,&quot;shutter_speed&quot;:&quot;0&quot;,&quot;title&quot;:&quot;&quot;,&quot;orientation&quot;:&quot;0&quot;}\" data-image-title=\"P1787054 Guidi &amp;#8211; Foto TJ Krebs\" data-image-description=\"\" data-medium-file=\"https:\/\/i0.wp.com\/www.jazzzeitung.de\/cms\/wp-content\/uploads\/2022\/04\/P1787054-Guidi-Foto-TJ-Krebs.jpg?fit=200%2C300&#038;ssl=1\" data-large-file=\"https:\/\/i0.wp.com\/www.jazzzeitung.de\/cms\/wp-content\/uploads\/2022\/04\/P1787054-Guidi-Foto-TJ-Krebs.jpg?fit=400%2C600&#038;ssl=1\" src=\"https:\/\/i0.wp.com\/www.jazzzeitung.de\/cms\/wp-content\/uploads\/2022\/04\/P1787054-Guidi-Foto-TJ-Krebs.jpg?w=256&#038;h=384&#038;ssl=1\" srcset=\"https:\/\/i0.wp.com\/www.jazzzeitung.de\/cms\/wp-content\/uploads\/2022\/04\/P1787054-Guidi-Foto-TJ-Krebs.jpg?w=800&amp;ssl=1 800w, https:\/\/i0.wp.com\/www.jazzzeitung.de\/cms\/wp-content\/uploads\/2022\/04\/P1787054-Guidi-Foto-TJ-Krebs.jpg?resize=200%2C300&amp;ssl=1 200w, https:\/\/i0.wp.com\/www.jazzzeitung.de\/cms\/wp-content\/uploads\/2022\/04\/P1787054-Guidi-Foto-TJ-Krebs.jpg?resize=400%2C600&amp;ssl=1 400w, https:\/\/i0.wp.com\/www.jazzzeitung.de\/cms\/wp-content\/uploads\/2022\/04\/P1787054-Guidi-Foto-TJ-Krebs.jpg?resize=768%2C1152&amp;ssl=1 768w\" width=\"256\" height=\"384\" loading=\"lazy\" data-original-width=\"256\" data-original-height=\"384\" itemprop=\"http:\/\/schema.org\/image\" title=\"P1787054 Guidi - Foto TJ Krebs\" alt=\"Giovanni Guidi. Foto: TJ Krebs\" style=\"width: 256px; height: 384px;\" \/> <\/a> <div class=\"tiled-gallery-caption\" itemprop=\"caption description\"> Giovanni Guidi. Foto: TJ Krebs <\/div> <\/div> <\/div> <!-- close group --> <\/div> <!-- close row --> <\/div>\n<p>Das\u00a0Finale\u00a0mit den zwei nominierten Ensembles findet am\u00a09. Juli 2022um 19 Uhr im Auditorium der BMW Welt statt.\u00a0Ticketssind bei\u00a0<a href=\"https:\/\/www.muenchenticket.de\/tickets\/performances\/e05lji39ahpw\/BMW-Welt-Jazz-Award-Finale-2022\"><strong>M\u00fcnchen Ticket<\/strong><\/a>\u00a0erh\u00e4ltlich.<\/p>\n","protected":false},"excerpt":{"rendered":"<p>Das sechste Konzert des BMW Welt Jazz Award 2022 spielte vorgestern der Pianist Ashley Henry mit seinem Ensemble. Die letzte Soiree der Competition bestritt damit der j\u00fcngste Teilnehmer vor vollem Haus. Der 30-j\u00e4hrige Londoner Pianist schloss erst 2016 sein Studium an der Royal Academy of Music ab. Freilich eilte ihm da schon der Ruf eines Ausnahmetalents voraus, sodass er noch im selben Jahr mit Stars wie Terence Blanchard oder Jean Toussaint arbeiten durfte und als bislang J\u00fcngster zum International Piano Trio Festival eingeladen wurde, um mit Robert Glasper aufzutreten. Henrys Kompositionen bewegten sich an fr\u00fchen Fusion-und Souljazz-Mustern der Sechzigerjahre entlang, stellenweise um ein paar Verweise auf Reggae-Beats erg\u00e4nzt. Er bevorzugte harten,\u00a0 dynamische Extremkontraste, au\u00dferdem wortreich formulierte Botschaften der Liebe, Freude und Wokeness. +++Aktuelle Meldung: +++Anat Fort und Giovanni Guidi bestreiten das Finale+++ Nach sechs einzigartigen Soireen geht der BMW Welt Jazz Award 2022 am 9. Juli in die finale Runde. Dabei treten das Anat Fort Trio und das Giovanni Guidi Quintet an und zeigen ihre Interpretation des diesj\u00e4hrigen Mottos \u201eKey Position\u201c im Auditorium der BMW Welt. Dies gab heute die BMW Group Kulturkommunikation nach der &hellip;<\/p>\n","protected":false},"author":18,"featured_media":27213,"comment_status":"open","ping_status":"closed","sticky":false,"template":"","format":"standard","meta":{"_jetpack_memberships_contains_paid_content":false,"footnotes":"","jetpack_publicize_message":"","jetpack_publicize_feature_enabled":true,"jetpack_social_post_already_shared":false,"jetpack_social_options":{"image_generator_settings":{"template":"highway","default_image_id":0,"font":"","enabled":false},"version":2}},"categories":[652,633],"tags":[4023,4080,4079,1615,4081],"coauthors":[695],"class_list":["post-27206","post","type-post","status-publish","format-standard","has-post-thumbnail","hentry","category-galerie","category-nachrichten","tag-anat-fort","tag-ashley-henry","tag-bmw-welt-jazzaward","tag-giovanni-guidi","tag-zola-marcelle"],"yoast_head":"<!-- This site is optimized with the Yoast SEO plugin v27.5 - https:\/\/yoast.com\/product\/yoast-seo-wordpress\/ -->\n<title>+++Britischer Pianist Ashly Henry mit erweitertem Trio beim BMW Welt Jazz Award 2022+++Anat Fort und Giovanni Guidi bestreiten das Finale im Juli+++ - JazzZeitung<\/title>\n<meta name=\"robots\" content=\"index, follow, max-snippet:-1, max-image-preview:large, max-video-preview:-1\" \/>\n<link rel=\"canonical\" href=\"https:\/\/www.jazzzeitung.de\/cms\/2022\/04\/britischer-pianist-ashly-henry-mit-erweiterem-trio-beim-bmw-welt-jazz-award-2022anat-fort-und-giovanni-guidi-bestreiten-das-finale\/\" \/>\n<meta property=\"og:locale\" content=\"de_DE\" \/>\n<meta property=\"og:type\" content=\"article\" \/>\n<meta property=\"og:title\" content=\"+++Britischer Pianist Ashly Henry mit erweitertem Trio beim BMW Welt Jazz Award 2022+++Anat Fort und Giovanni Guidi bestreiten das Finale im Juli+++ - JazzZeitung\" \/>\n<meta property=\"og:description\" content=\"Das sechste Konzert des BMW Welt Jazz Award 2022 spielte vorgestern der Pianist Ashley Henry mit seinem Ensemble. Die letzte Soiree der Competition bestritt damit der j\u00fcngste Teilnehmer vor vollem Haus. Der 30-j\u00e4hrige Londoner Pianist schloss erst 2016 sein Studium an der Royal Academy of Music ab. Freilich eilte ihm da schon der Ruf eines Ausnahmetalents voraus, sodass er noch im selben Jahr mit Stars wie Terence Blanchard oder Jean Toussaint arbeiten durfte und als bislang J\u00fcngster zum International Piano Trio Festival eingeladen wurde, um mit Robert Glasper aufzutreten. Henrys Kompositionen bewegten sich an fr\u00fchen Fusion-und Souljazz-Mustern der Sechzigerjahre entlang, stellenweise um ein paar Verweise auf Reggae-Beats erg\u00e4nzt. Er bevorzugte harten,\u00a0 dynamische Extremkontraste, au\u00dferdem wortreich formulierte Botschaften der Liebe, Freude und Wokeness. +++Aktuelle Meldung: +++Anat Fort und Giovanni Guidi bestreiten das Finale+++ Nach sechs einzigartigen Soireen geht der BMW Welt Jazz Award 2022 am 9. Juli in die finale Runde. Dabei treten das Anat Fort Trio und das Giovanni Guidi Quintet an und zeigen ihre Interpretation des diesj\u00e4hrigen Mottos \u201eKey Position\u201c im Auditorium der BMW Welt. Dies gab heute die BMW Group Kulturkommunikation nach der &hellip;\" \/>\n<meta property=\"og:url\" content=\"https:\/\/www.jazzzeitung.de\/cms\/2022\/04\/britischer-pianist-ashly-henry-mit-erweiterem-trio-beim-bmw-welt-jazz-award-2022anat-fort-und-giovanni-guidi-bestreiten-das-finale\/\" \/>\n<meta property=\"og:site_name\" content=\"JazzZeitung\" \/>\n<meta property=\"article:publisher\" content=\"https:\/\/www.facebook.com\/JazzZeitung\/\" \/>\n<meta property=\"article:published_time\" content=\"2022-04-28T09:40:08+00:00\" \/>\n<meta property=\"og:image\" content=\"https:\/\/i0.wp.com\/www.jazzzeitung.de\/cms\/wp-content\/uploads\/2022\/04\/P1809161-Ashley-Henry-Quartett-Foto-TJ-Krebs.jpg?fit=1200%2C800&ssl=1\" \/>\n\t<meta property=\"og:image:width\" content=\"1200\" \/>\n\t<meta property=\"og:image:height\" content=\"800\" \/>\n\t<meta property=\"og:image:type\" content=\"image\/jpeg\" \/>\n<meta name=\"author\" content=\"Redaktion JazzZeitung\" \/>\n<script type=\"application\/ld+json\" class=\"yoast-schema-graph\">{\"@context\":\"https:\\\/\\\/schema.org\",\"@graph\":[{\"@type\":\"Article\",\"@id\":\"https:\\\/\\\/www.jazzzeitung.de\\\/cms\\\/2022\\\/04\\\/britischer-pianist-ashly-henry-mit-erweiterem-trio-beim-bmw-welt-jazz-award-2022anat-fort-und-giovanni-guidi-bestreiten-das-finale\\\/#article\",\"isPartOf\":{\"@id\":\"https:\\\/\\\/www.jazzzeitung.de\\\/cms\\\/2022\\\/04\\\/britischer-pianist-ashly-henry-mit-erweiterem-trio-beim-bmw-welt-jazz-award-2022anat-fort-und-giovanni-guidi-bestreiten-das-finale\\\/\"},\"author\":{\"name\":\"Redaktion JazzZeitung\",\"@id\":\"https:\\\/\\\/www.jazzzeitung.de\\\/cms\\\/#\\\/schema\\\/person\\\/2245b36b9cd1d24cea10f01c031fb92b\"},\"headline\":\"+++Britischer Pianist Ashly Henry mit erweitertem Trio beim BMW Welt Jazz Award 2022+++Anat Fort und Giovanni Guidi bestreiten das Finale im Juli+++\",\"datePublished\":\"2022-04-28T09:40:08+00:00\",\"mainEntityOfPage\":{\"@id\":\"https:\\\/\\\/www.jazzzeitung.de\\\/cms\\\/2022\\\/04\\\/britischer-pianist-ashly-henry-mit-erweiterem-trio-beim-bmw-welt-jazz-award-2022anat-fort-und-giovanni-guidi-bestreiten-das-finale\\\/\"},\"wordCount\":320,\"commentCount\":0,\"publisher\":{\"@id\":\"https:\\\/\\\/www.jazzzeitung.de\\\/cms\\\/#organization\"},\"image\":{\"@id\":\"https:\\\/\\\/www.jazzzeitung.de\\\/cms\\\/2022\\\/04\\\/britischer-pianist-ashly-henry-mit-erweiterem-trio-beim-bmw-welt-jazz-award-2022anat-fort-und-giovanni-guidi-bestreiten-das-finale\\\/#primaryimage\"},\"thumbnailUrl\":\"https:\\\/\\\/i0.wp.com\\\/www.jazzzeitung.de\\\/cms\\\/wp-content\\\/uploads\\\/2022\\\/04\\\/P1809161-Ashley-Henry-Quartett-Foto-TJ-Krebs.jpg?fit=1200%2C800&ssl=1\",\"keywords\":[\"Anat Fort\",\"Ashley Henry\",\"BMW Welt JazzAward\",\"Giovanni Guidi\",\"Zola Marcelle\"],\"articleSection\":[\"Galerie\",\"News\"],\"inLanguage\":\"de\",\"potentialAction\":[{\"@type\":\"CommentAction\",\"name\":\"Comment\",\"target\":[\"https:\\\/\\\/www.jazzzeitung.de\\\/cms\\\/2022\\\/04\\\/britischer-pianist-ashly-henry-mit-erweiterem-trio-beim-bmw-welt-jazz-award-2022anat-fort-und-giovanni-guidi-bestreiten-das-finale\\\/#respond\"]}]},{\"@type\":\"WebPage\",\"@id\":\"https:\\\/\\\/www.jazzzeitung.de\\\/cms\\\/2022\\\/04\\\/britischer-pianist-ashly-henry-mit-erweiterem-trio-beim-bmw-welt-jazz-award-2022anat-fort-und-giovanni-guidi-bestreiten-das-finale\\\/\",\"url\":\"https:\\\/\\\/www.jazzzeitung.de\\\/cms\\\/2022\\\/04\\\/britischer-pianist-ashly-henry-mit-erweiterem-trio-beim-bmw-welt-jazz-award-2022anat-fort-und-giovanni-guidi-bestreiten-das-finale\\\/\",\"name\":\"+++Britischer Pianist Ashly Henry mit erweitertem Trio beim BMW Welt Jazz Award 2022+++Anat Fort und Giovanni Guidi bestreiten das Finale im Juli+++ - JazzZeitung\",\"isPartOf\":{\"@id\":\"https:\\\/\\\/www.jazzzeitung.de\\\/cms\\\/#website\"},\"primaryImageOfPage\":{\"@id\":\"https:\\\/\\\/www.jazzzeitung.de\\\/cms\\\/2022\\\/04\\\/britischer-pianist-ashly-henry-mit-erweiterem-trio-beim-bmw-welt-jazz-award-2022anat-fort-und-giovanni-guidi-bestreiten-das-finale\\\/#primaryimage\"},\"image\":{\"@id\":\"https:\\\/\\\/www.jazzzeitung.de\\\/cms\\\/2022\\\/04\\\/britischer-pianist-ashly-henry-mit-erweiterem-trio-beim-bmw-welt-jazz-award-2022anat-fort-und-giovanni-guidi-bestreiten-das-finale\\\/#primaryimage\"},\"thumbnailUrl\":\"https:\\\/\\\/i0.wp.com\\\/www.jazzzeitung.de\\\/cms\\\/wp-content\\\/uploads\\\/2022\\\/04\\\/P1809161-Ashley-Henry-Quartett-Foto-TJ-Krebs.jpg?fit=1200%2C800&ssl=1\",\"datePublished\":\"2022-04-28T09:40:08+00:00\",\"breadcrumb\":{\"@id\":\"https:\\\/\\\/www.jazzzeitung.de\\\/cms\\\/2022\\\/04\\\/britischer-pianist-ashly-henry-mit-erweiterem-trio-beim-bmw-welt-jazz-award-2022anat-fort-und-giovanni-guidi-bestreiten-das-finale\\\/#breadcrumb\"},\"inLanguage\":\"de\",\"potentialAction\":[{\"@type\":\"ReadAction\",\"target\":[\"https:\\\/\\\/www.jazzzeitung.de\\\/cms\\\/2022\\\/04\\\/britischer-pianist-ashly-henry-mit-erweiterem-trio-beim-bmw-welt-jazz-award-2022anat-fort-und-giovanni-guidi-bestreiten-das-finale\\\/\"]}]},{\"@type\":\"ImageObject\",\"inLanguage\":\"de\",\"@id\":\"https:\\\/\\\/www.jazzzeitung.de\\\/cms\\\/2022\\\/04\\\/britischer-pianist-ashly-henry-mit-erweiterem-trio-beim-bmw-welt-jazz-award-2022anat-fort-und-giovanni-guidi-bestreiten-das-finale\\\/#primaryimage\",\"url\":\"https:\\\/\\\/i0.wp.com\\\/www.jazzzeitung.de\\\/cms\\\/wp-content\\\/uploads\\\/2022\\\/04\\\/P1809161-Ashley-Henry-Quartett-Foto-TJ-Krebs.jpg?fit=1200%2C800&ssl=1\",\"contentUrl\":\"https:\\\/\\\/i0.wp.com\\\/www.jazzzeitung.de\\\/cms\\\/wp-content\\\/uploads\\\/2022\\\/04\\\/P1809161-Ashley-Henry-Quartett-Foto-TJ-Krebs.jpg?fit=1200%2C800&ssl=1\",\"width\":1200,\"height\":800},{\"@type\":\"BreadcrumbList\",\"@id\":\"https:\\\/\\\/www.jazzzeitung.de\\\/cms\\\/2022\\\/04\\\/britischer-pianist-ashly-henry-mit-erweiterem-trio-beim-bmw-welt-jazz-award-2022anat-fort-und-giovanni-guidi-bestreiten-das-finale\\\/#breadcrumb\",\"itemListElement\":[{\"@type\":\"ListItem\",\"position\":1,\"name\":\"Startseite\",\"item\":\"https:\\\/\\\/www.jazzzeitung.de\\\/cms\\\/\"},{\"@type\":\"ListItem\",\"position\":2,\"name\":\"+++Britischer Pianist Ashly Henry mit erweitertem Trio beim BMW Welt Jazz Award 2022+++Anat Fort und Giovanni Guidi bestreiten das Finale im Juli+++\"}]},{\"@type\":\"WebSite\",\"@id\":\"https:\\\/\\\/www.jazzzeitung.de\\\/cms\\\/#website\",\"url\":\"https:\\\/\\\/www.jazzzeitung.de\\\/cms\\\/\",\"name\":\"JazzZeitung\",\"description\":\"Jazz-News und Jazz-Kontroverses\",\"publisher\":{\"@id\":\"https:\\\/\\\/www.jazzzeitung.de\\\/cms\\\/#organization\"},\"potentialAction\":[{\"@type\":\"SearchAction\",\"target\":{\"@type\":\"EntryPoint\",\"urlTemplate\":\"https:\\\/\\\/www.jazzzeitung.de\\\/cms\\\/?s={search_term_string}\"},\"query-input\":{\"@type\":\"PropertyValueSpecification\",\"valueRequired\":true,\"valueName\":\"search_term_string\"}}],\"inLanguage\":\"de\"},{\"@type\":\"Organization\",\"@id\":\"https:\\\/\\\/www.jazzzeitung.de\\\/cms\\\/#organization\",\"name\":\"JazzZeitung online\",\"url\":\"https:\\\/\\\/www.jazzzeitung.de\\\/cms\\\/\",\"logo\":{\"@type\":\"ImageObject\",\"inLanguage\":\"de\",\"@id\":\"https:\\\/\\\/www.jazzzeitung.de\\\/cms\\\/#\\\/schema\\\/logo\\\/image\\\/\",\"url\":\"https:\\\/\\\/i0.wp.com\\\/www.jazzzeitung.de\\\/cms\\\/wp-content\\\/uploads\\\/2015\\\/08\\\/JAZZZEITUNGDE_Logo_Neu.png?fit=499%2C200&ssl=1\",\"contentUrl\":\"https:\\\/\\\/i0.wp.com\\\/www.jazzzeitung.de\\\/cms\\\/wp-content\\\/uploads\\\/2015\\\/08\\\/JAZZZEITUNGDE_Logo_Neu.png?fit=499%2C200&ssl=1\",\"width\":499,\"height\":200,\"caption\":\"JazzZeitung online\"},\"image\":{\"@id\":\"https:\\\/\\\/www.jazzzeitung.de\\\/cms\\\/#\\\/schema\\\/logo\\\/image\\\/\"},\"sameAs\":[\"https:\\\/\\\/www.facebook.com\\\/JazzZeitung\\\/\"]},{\"@type\":\"Person\",\"@id\":\"https:\\\/\\\/www.jazzzeitung.de\\\/cms\\\/#\\\/schema\\\/person\\\/2245b36b9cd1d24cea10f01c031fb92b\",\"name\":\"Redaktion JazzZeitung\",\"image\":{\"@type\":\"ImageObject\",\"inLanguage\":\"de\",\"@id\":\"https:\\\/\\\/i0.wp.com\\\/www.jazzzeitung.de\\\/cms\\\/wp-content\\\/uploads\\\/2015\\\/08\\\/JAZZZEITUNGDE_Logo_Neu.png?resize=96%2C96&ssl=159975dcacb611b5700bd619b5daf0a7a\",\"url\":\"https:\\\/\\\/i0.wp.com\\\/www.jazzzeitung.de\\\/cms\\\/wp-content\\\/uploads\\\/2015\\\/08\\\/JAZZZEITUNGDE_Logo_Neu.png?resize=96%2C96&ssl=1\",\"contentUrl\":\"https:\\\/\\\/i0.wp.com\\\/www.jazzzeitung.de\\\/cms\\\/wp-content\\\/uploads\\\/2015\\\/08\\\/JAZZZEITUNGDE_Logo_Neu.png?resize=96%2C96&ssl=1\",\"caption\":\"Redaktion JazzZeitung\"},\"description\":\"Artikel der Redaktion der JazzZeitung.\",\"sameAs\":[\"http:\\\/\\\/www.jazzzeitung.de\\\/cms\\\/\"],\"url\":\"https:\\\/\\\/www.jazzzeitung.de\\\/cms\\\/author\\\/redaktion\\\/\"}]}<\/script>\n<!-- \/ Yoast SEO plugin. -->","yoast_head_json":{"title":"+++Britischer Pianist Ashly Henry mit erweitertem Trio beim BMW Welt Jazz Award 2022+++Anat Fort und Giovanni Guidi bestreiten das Finale im Juli+++ - JazzZeitung","robots":{"index":"index","follow":"follow","max-snippet":"max-snippet:-1","max-image-preview":"max-image-preview:large","max-video-preview":"max-video-preview:-1"},"canonical":"https:\/\/www.jazzzeitung.de\/cms\/2022\/04\/britischer-pianist-ashly-henry-mit-erweiterem-trio-beim-bmw-welt-jazz-award-2022anat-fort-und-giovanni-guidi-bestreiten-das-finale\/","og_locale":"de_DE","og_type":"article","og_title":"+++Britischer Pianist Ashly Henry mit erweitertem Trio beim BMW Welt Jazz Award 2022+++Anat Fort und Giovanni Guidi bestreiten das Finale im Juli+++ - JazzZeitung","og_description":"Das sechste Konzert des BMW Welt Jazz Award 2022 spielte vorgestern der Pianist Ashley Henry mit seinem Ensemble. Die letzte Soiree der Competition bestritt damit der j\u00fcngste Teilnehmer vor vollem Haus. Der 30-j\u00e4hrige Londoner Pianist schloss erst 2016 sein Studium an der Royal Academy of Music ab. Freilich eilte ihm da schon der Ruf eines Ausnahmetalents voraus, sodass er noch im selben Jahr mit Stars wie Terence Blanchard oder Jean Toussaint arbeiten durfte und als bislang J\u00fcngster zum International Piano Trio Festival eingeladen wurde, um mit Robert Glasper aufzutreten. Henrys Kompositionen bewegten sich an fr\u00fchen Fusion-und Souljazz-Mustern der Sechzigerjahre entlang, stellenweise um ein paar Verweise auf Reggae-Beats erg\u00e4nzt. Er bevorzugte harten,\u00a0 dynamische Extremkontraste, au\u00dferdem wortreich formulierte Botschaften der Liebe, Freude und Wokeness. +++Aktuelle Meldung: +++Anat Fort und Giovanni Guidi bestreiten das Finale+++ Nach sechs einzigartigen Soireen geht der BMW Welt Jazz Award 2022 am 9. Juli in die finale Runde. Dabei treten das Anat Fort Trio und das Giovanni Guidi Quintet an und zeigen ihre Interpretation des diesj\u00e4hrigen Mottos \u201eKey Position\u201c im Auditorium der BMW Welt. Dies gab heute die BMW Group Kulturkommunikation nach der &hellip;","og_url":"https:\/\/www.jazzzeitung.de\/cms\/2022\/04\/britischer-pianist-ashly-henry-mit-erweiterem-trio-beim-bmw-welt-jazz-award-2022anat-fort-und-giovanni-guidi-bestreiten-das-finale\/","og_site_name":"JazzZeitung","article_publisher":"https:\/\/www.facebook.com\/JazzZeitung\/","article_published_time":"2022-04-28T09:40:08+00:00","og_image":[{"width":1200,"height":800,"url":"https:\/\/i0.wp.com\/www.jazzzeitung.de\/cms\/wp-content\/uploads\/2022\/04\/P1809161-Ashley-Henry-Quartett-Foto-TJ-Krebs.jpg?fit=1200%2C800&ssl=1","type":"image\/jpeg"}],"author":"Redaktion JazzZeitung","schema":{"@context":"https:\/\/schema.org","@graph":[{"@type":"Article","@id":"https:\/\/www.jazzzeitung.de\/cms\/2022\/04\/britischer-pianist-ashly-henry-mit-erweiterem-trio-beim-bmw-welt-jazz-award-2022anat-fort-und-giovanni-guidi-bestreiten-das-finale\/#article","isPartOf":{"@id":"https:\/\/www.jazzzeitung.de\/cms\/2022\/04\/britischer-pianist-ashly-henry-mit-erweiterem-trio-beim-bmw-welt-jazz-award-2022anat-fort-und-giovanni-guidi-bestreiten-das-finale\/"},"author":{"name":"Redaktion JazzZeitung","@id":"https:\/\/www.jazzzeitung.de\/cms\/#\/schema\/person\/2245b36b9cd1d24cea10f01c031fb92b"},"headline":"+++Britischer Pianist Ashly Henry mit erweitertem Trio beim BMW Welt Jazz Award 2022+++Anat Fort und Giovanni Guidi bestreiten das Finale im Juli+++","datePublished":"2022-04-28T09:40:08+00:00","mainEntityOfPage":{"@id":"https:\/\/www.jazzzeitung.de\/cms\/2022\/04\/britischer-pianist-ashly-henry-mit-erweiterem-trio-beim-bmw-welt-jazz-award-2022anat-fort-und-giovanni-guidi-bestreiten-das-finale\/"},"wordCount":320,"commentCount":0,"publisher":{"@id":"https:\/\/www.jazzzeitung.de\/cms\/#organization"},"image":{"@id":"https:\/\/www.jazzzeitung.de\/cms\/2022\/04\/britischer-pianist-ashly-henry-mit-erweiterem-trio-beim-bmw-welt-jazz-award-2022anat-fort-und-giovanni-guidi-bestreiten-das-finale\/#primaryimage"},"thumbnailUrl":"https:\/\/i0.wp.com\/www.jazzzeitung.de\/cms\/wp-content\/uploads\/2022\/04\/P1809161-Ashley-Henry-Quartett-Foto-TJ-Krebs.jpg?fit=1200%2C800&ssl=1","keywords":["Anat Fort","Ashley Henry","BMW Welt JazzAward","Giovanni Guidi","Zola Marcelle"],"articleSection":["Galerie","News"],"inLanguage":"de","potentialAction":[{"@type":"CommentAction","name":"Comment","target":["https:\/\/www.jazzzeitung.de\/cms\/2022\/04\/britischer-pianist-ashly-henry-mit-erweiterem-trio-beim-bmw-welt-jazz-award-2022anat-fort-und-giovanni-guidi-bestreiten-das-finale\/#respond"]}]},{"@type":"WebPage","@id":"https:\/\/www.jazzzeitung.de\/cms\/2022\/04\/britischer-pianist-ashly-henry-mit-erweiterem-trio-beim-bmw-welt-jazz-award-2022anat-fort-und-giovanni-guidi-bestreiten-das-finale\/","url":"https:\/\/www.jazzzeitung.de\/cms\/2022\/04\/britischer-pianist-ashly-henry-mit-erweiterem-trio-beim-bmw-welt-jazz-award-2022anat-fort-und-giovanni-guidi-bestreiten-das-finale\/","name":"+++Britischer Pianist Ashly Henry mit erweitertem Trio beim BMW Welt Jazz Award 2022+++Anat Fort und Giovanni Guidi bestreiten das Finale im Juli+++ - JazzZeitung","isPartOf":{"@id":"https:\/\/www.jazzzeitung.de\/cms\/#website"},"primaryImageOfPage":{"@id":"https:\/\/www.jazzzeitung.de\/cms\/2022\/04\/britischer-pianist-ashly-henry-mit-erweiterem-trio-beim-bmw-welt-jazz-award-2022anat-fort-und-giovanni-guidi-bestreiten-das-finale\/#primaryimage"},"image":{"@id":"https:\/\/www.jazzzeitung.de\/cms\/2022\/04\/britischer-pianist-ashly-henry-mit-erweiterem-trio-beim-bmw-welt-jazz-award-2022anat-fort-und-giovanni-guidi-bestreiten-das-finale\/#primaryimage"},"thumbnailUrl":"https:\/\/i0.wp.com\/www.jazzzeitung.de\/cms\/wp-content\/uploads\/2022\/04\/P1809161-Ashley-Henry-Quartett-Foto-TJ-Krebs.jpg?fit=1200%2C800&ssl=1","datePublished":"2022-04-28T09:40:08+00:00","breadcrumb":{"@id":"https:\/\/www.jazzzeitung.de\/cms\/2022\/04\/britischer-pianist-ashly-henry-mit-erweiterem-trio-beim-bmw-welt-jazz-award-2022anat-fort-und-giovanni-guidi-bestreiten-das-finale\/#breadcrumb"},"inLanguage":"de","potentialAction":[{"@type":"ReadAction","target":["https:\/\/www.jazzzeitung.de\/cms\/2022\/04\/britischer-pianist-ashly-henry-mit-erweiterem-trio-beim-bmw-welt-jazz-award-2022anat-fort-und-giovanni-guidi-bestreiten-das-finale\/"]}]},{"@type":"ImageObject","inLanguage":"de","@id":"https:\/\/www.jazzzeitung.de\/cms\/2022\/04\/britischer-pianist-ashly-henry-mit-erweiterem-trio-beim-bmw-welt-jazz-award-2022anat-fort-und-giovanni-guidi-bestreiten-das-finale\/#primaryimage","url":"https:\/\/i0.wp.com\/www.jazzzeitung.de\/cms\/wp-content\/uploads\/2022\/04\/P1809161-Ashley-Henry-Quartett-Foto-TJ-Krebs.jpg?fit=1200%2C800&ssl=1","contentUrl":"https:\/\/i0.wp.com\/www.jazzzeitung.de\/cms\/wp-content\/uploads\/2022\/04\/P1809161-Ashley-Henry-Quartett-Foto-TJ-Krebs.jpg?fit=1200%2C800&ssl=1","width":1200,"height":800},{"@type":"BreadcrumbList","@id":"https:\/\/www.jazzzeitung.de\/cms\/2022\/04\/britischer-pianist-ashly-henry-mit-erweiterem-trio-beim-bmw-welt-jazz-award-2022anat-fort-und-giovanni-guidi-bestreiten-das-finale\/#breadcrumb","itemListElement":[{"@type":"ListItem","position":1,"name":"Startseite","item":"https:\/\/www.jazzzeitung.de\/cms\/"},{"@type":"ListItem","position":2,"name":"+++Britischer Pianist Ashly Henry mit erweitertem Trio beim BMW Welt Jazz Award 2022+++Anat Fort und Giovanni Guidi bestreiten das Finale im Juli+++"}]},{"@type":"WebSite","@id":"https:\/\/www.jazzzeitung.de\/cms\/#website","url":"https:\/\/www.jazzzeitung.de\/cms\/","name":"JazzZeitung","description":"Jazz-News und Jazz-Kontroverses","publisher":{"@id":"https:\/\/www.jazzzeitung.de\/cms\/#organization"},"potentialAction":[{"@type":"SearchAction","target":{"@type":"EntryPoint","urlTemplate":"https:\/\/www.jazzzeitung.de\/cms\/?s={search_term_string}"},"query-input":{"@type":"PropertyValueSpecification","valueRequired":true,"valueName":"search_term_string"}}],"inLanguage":"de"},{"@type":"Organization","@id":"https:\/\/www.jazzzeitung.de\/cms\/#organization","name":"JazzZeitung online","url":"https:\/\/www.jazzzeitung.de\/cms\/","logo":{"@type":"ImageObject","inLanguage":"de","@id":"https:\/\/www.jazzzeitung.de\/cms\/#\/schema\/logo\/image\/","url":"https:\/\/i0.wp.com\/www.jazzzeitung.de\/cms\/wp-content\/uploads\/2015\/08\/JAZZZEITUNGDE_Logo_Neu.png?fit=499%2C200&ssl=1","contentUrl":"https:\/\/i0.wp.com\/www.jazzzeitung.de\/cms\/wp-content\/uploads\/2015\/08\/JAZZZEITUNGDE_Logo_Neu.png?fit=499%2C200&ssl=1","width":499,"height":200,"caption":"JazzZeitung online"},"image":{"@id":"https:\/\/www.jazzzeitung.de\/cms\/#\/schema\/logo\/image\/"},"sameAs":["https:\/\/www.facebook.com\/JazzZeitung\/"]},{"@type":"Person","@id":"https:\/\/www.jazzzeitung.de\/cms\/#\/schema\/person\/2245b36b9cd1d24cea10f01c031fb92b","name":"Redaktion JazzZeitung","image":{"@type":"ImageObject","inLanguage":"de","@id":"https:\/\/i0.wp.com\/www.jazzzeitung.de\/cms\/wp-content\/uploads\/2015\/08\/JAZZZEITUNGDE_Logo_Neu.png?resize=96%2C96&ssl=159975dcacb611b5700bd619b5daf0a7a","url":"https:\/\/i0.wp.com\/www.jazzzeitung.de\/cms\/wp-content\/uploads\/2015\/08\/JAZZZEITUNGDE_Logo_Neu.png?resize=96%2C96&ssl=1","contentUrl":"https:\/\/i0.wp.com\/www.jazzzeitung.de\/cms\/wp-content\/uploads\/2015\/08\/JAZZZEITUNGDE_Logo_Neu.png?resize=96%2C96&ssl=1","caption":"Redaktion JazzZeitung"},"description":"Artikel der Redaktion der JazzZeitung.","sameAs":["http:\/\/www.jazzzeitung.de\/cms\/"],"url":"https:\/\/www.jazzzeitung.de\/cms\/author\/redaktion\/"}]}},"wp-worthy-pixel":{"ignored":false,"public":null,"server":null,"url":null},"wp-worthy-type":"normal","jetpack_publicize_connections":[],"cc_featured_image_caption":{"caption_text":"","source_text":"","source_url":""},"jetpack_featured_media_url":"https:\/\/i0.wp.com\/www.jazzzeitung.de\/cms\/wp-content\/uploads\/2022\/04\/P1809161-Ashley-Henry-Quartett-Foto-TJ-Krebs.jpg?fit=1200%2C800&ssl=1","jetpack_shortlink":"https:\/\/wp.me\/p3KEcT-74O","jetpack-related-posts":[{"id":27751,"url":"https:\/\/www.jazzzeitung.de\/cms\/2022\/07\/marco-mezquida-trio-gewinnt-bmw-welt-jazz-award-2022\/","url_meta":{"origin":27206,"position":0},"title":"Marco Mezquida Trio gewinnt BMW Welt Jazz Award 2022","author":"Redaktion JazzZeitung","date":"11. Juli 2022","format":false,"excerpt":"M\u00fcnchen. Beim Finale des BMW Welt Jazz Award 2022 am vergangenen Samstag konnte das Marco Mezquida Trio die Experten-Jury von sich \u00fcberzeugen. Zusammen mit Aleix Tobias am Schlagzeug und Mart\u00edn Mel\u00e9ndez am Cello setzte sich der Pianist Marco Mezquida am Samstagabend beim Finale im Auditorium der BMW Welt gegen das\u2026","rel":"","context":"In &quot;News&quot;","block_context":{"text":"News","link":"https:\/\/www.jazzzeitung.de\/cms\/thema\/nachrichten\/"},"img":{"alt_text":"","src":"https:\/\/i0.wp.com\/www.jazzzeitung.de\/cms\/wp-content\/uploads\/2022\/07\/P1957019-Mezquida-Foto-TJ-Krebs.jpg?fit=1200%2C822&ssl=1&resize=350%2C200","width":350,"height":200,"srcset":"https:\/\/i0.wp.com\/www.jazzzeitung.de\/cms\/wp-content\/uploads\/2022\/07\/P1957019-Mezquida-Foto-TJ-Krebs.jpg?fit=1200%2C822&ssl=1&resize=350%2C200 1x, https:\/\/i0.wp.com\/www.jazzzeitung.de\/cms\/wp-content\/uploads\/2022\/07\/P1957019-Mezquida-Foto-TJ-Krebs.jpg?fit=1200%2C822&ssl=1&resize=525%2C300 1.5x, https:\/\/i0.wp.com\/www.jazzzeitung.de\/cms\/wp-content\/uploads\/2022\/07\/P1957019-Mezquida-Foto-TJ-Krebs.jpg?fit=1200%2C822&ssl=1&resize=700%2C400 2x, https:\/\/i0.wp.com\/www.jazzzeitung.de\/cms\/wp-content\/uploads\/2022\/07\/P1957019-Mezquida-Foto-TJ-Krebs.jpg?fit=1200%2C822&ssl=1&resize=1050%2C600 3x"},"classes":[]},{"id":27114,"url":"https:\/\/www.jazzzeitung.de\/cms\/2022\/04\/der-pianist-giovanni-guidi-und-sein-quintett-beim-bmw-welt-jazz-award-2022\/","url_meta":{"origin":27206,"position":1},"title":"Der Pianist Giovanni Guidi und sein Quintett beim BMW Welt Jazz Award 2022","author":"Redaktion JazzZeitung","date":"13. April 2022","format":false,"excerpt":"Gestern, am Dienstag den 12. April, zeigte das Giovanni Guidi Quintet sein K\u00f6nnen im Doppelkegel der BMW Welt. Pianist Guidi hatte Teile seines aktuellen Programms \u201eAvec le temps\u201c mit dabei, f\u00fcr das er sein Trio mit dem aus Chicago stammenden Bassisten Joe Rehmer und dem portugiesischen Schlagzeuger Jo\u00e3o Lobo um\u2026","rel":"","context":"In &quot;Galerie&quot;","block_context":{"text":"Galerie","link":"https:\/\/www.jazzzeitung.de\/cms\/thema\/galerie\/"},"img":{"alt_text":"","src":"https:\/\/i0.wp.com\/www.jazzzeitung.de\/cms\/wp-content\/uploads\/2022\/04\/P1776982-Guidi-Quintett-Foto-TJ-Krebs.jpg?fit=1200%2C800&ssl=1&resize=350%2C200","width":350,"height":200,"srcset":"https:\/\/i0.wp.com\/www.jazzzeitung.de\/cms\/wp-content\/uploads\/2022\/04\/P1776982-Guidi-Quintett-Foto-TJ-Krebs.jpg?fit=1200%2C800&ssl=1&resize=350%2C200 1x, https:\/\/i0.wp.com\/www.jazzzeitung.de\/cms\/wp-content\/uploads\/2022\/04\/P1776982-Guidi-Quintett-Foto-TJ-Krebs.jpg?fit=1200%2C800&ssl=1&resize=525%2C300 1.5x, https:\/\/i0.wp.com\/www.jazzzeitung.de\/cms\/wp-content\/uploads\/2022\/04\/P1776982-Guidi-Quintett-Foto-TJ-Krebs.jpg?fit=1200%2C800&ssl=1&resize=700%2C400 2x, https:\/\/i0.wp.com\/www.jazzzeitung.de\/cms\/wp-content\/uploads\/2022\/04\/P1776982-Guidi-Quintett-Foto-TJ-Krebs.jpg?fit=1200%2C800&ssl=1&resize=1050%2C600 3x"},"classes":[]},{"id":27541,"url":"https:\/\/www.jazzzeitung.de\/cms\/2022\/06\/news-neuer-finalist-beim-bmw-welt-jazz-awardfinale-2022-das-marco-mezquida-trio\/","url_meta":{"origin":27206,"position":2},"title":"+++ news +++ Neuer Finalist beim BMW Welt Jazz Award Finale 2022: das Marco Mezquida Trio +++","author":"Redaktion JazzZeitung","date":"15. Juni 2022","format":false,"excerpt":"\"Anat Fort und Giovanni Guidi bestreiten das Finale\" hie\u00df es Ende April noch an dieser Stelle. Obwohl jeder Teilnehmer des BMW Welt Awards mit seiner Teilnahme am Wettbewerb die Zusage gibt, im Fall einer positiven Juryentscheidung auch das Finale zu spielen, musste Giovanni Guidi kurzfristig absagen. F\u00fcr die Jury stellte\u2026","rel":"","context":"In &quot;News&quot;","block_context":{"text":"News","link":"https:\/\/www.jazzzeitung.de\/cms\/thema\/nachrichten\/"},"img":{"alt_text":"","src":"https:\/\/i0.wp.com\/www.jazzzeitung.de\/cms\/wp-content\/uploads\/2022\/01\/P90449764_highRes_bmw-welt-jazz-award--scaled.jpg?fit=1200%2C800&ssl=1&resize=350%2C200","width":350,"height":200,"srcset":"https:\/\/i0.wp.com\/www.jazzzeitung.de\/cms\/wp-content\/uploads\/2022\/01\/P90449764_highRes_bmw-welt-jazz-award--scaled.jpg?fit=1200%2C800&ssl=1&resize=350%2C200 1x, https:\/\/i0.wp.com\/www.jazzzeitung.de\/cms\/wp-content\/uploads\/2022\/01\/P90449764_highRes_bmw-welt-jazz-award--scaled.jpg?fit=1200%2C800&ssl=1&resize=525%2C300 1.5x, https:\/\/i0.wp.com\/www.jazzzeitung.de\/cms\/wp-content\/uploads\/2022\/01\/P90449764_highRes_bmw-welt-jazz-award--scaled.jpg?fit=1200%2C800&ssl=1&resize=700%2C400 2x, https:\/\/i0.wp.com\/www.jazzzeitung.de\/cms\/wp-content\/uploads\/2022\/01\/P90449764_highRes_bmw-welt-jazz-award--scaled.jpg?fit=1200%2C800&ssl=1&resize=1050%2C600 3x"},"classes":[]},{"id":26769,"url":"https:\/\/www.jazzzeitung.de\/cms\/2022\/03\/bmw-welt-jazz-award-2022-sechs-pianisten-mit-ihren-internationalen-ensembles-kaempfen-um-die-key-position\/","url_meta":{"origin":27206,"position":3},"title":"BMW Welt Jazz Award 2022: Sechs Pianisten mit ihren internationalen Ensembles k\u00e4mpfen um die &#8222;Key Position&#8220;.","author":"Redaktion JazzZeitung","date":"4. M\u00e4rz 2022","format":false,"excerpt":"Der BMW Weit Jazz Award geht 2022 in seine dreizehnte Saison. An sechs Soireen zwischen M\u00e4rz und April pr\u00e4sentieren sich unter dem Motto \"Key Position\" hochkar\u00e4tige, von Tastenk\u00f6niginnen und-k\u00f6nigen geleitete Jazz-Bands in der einzigartigen Atmosph\u00e4re des Doppelkegels der M\u00fcnchener BMW Weit. Es spielen Musikerinnen und Musiker aus Deutschland, Schweden, Is\u00adrael,\u2026","rel":"","context":"In &quot;News&quot;","block_context":{"text":"News","link":"https:\/\/www.jazzzeitung.de\/cms\/thema\/nachrichten\/"},"img":{"alt_text":"","src":"https:\/\/i0.wp.com\/www.jazzzeitung.de\/cms\/wp-content\/uploads\/2022\/02\/P90449758_highRes_bmw-welt-jazz-award--scaled.jpg?fit=1200%2C675&ssl=1&resize=350%2C200","width":350,"height":200,"srcset":"https:\/\/i0.wp.com\/www.jazzzeitung.de\/cms\/wp-content\/uploads\/2022\/02\/P90449758_highRes_bmw-welt-jazz-award--scaled.jpg?fit=1200%2C675&ssl=1&resize=350%2C200 1x, https:\/\/i0.wp.com\/www.jazzzeitung.de\/cms\/wp-content\/uploads\/2022\/02\/P90449758_highRes_bmw-welt-jazz-award--scaled.jpg?fit=1200%2C675&ssl=1&resize=525%2C300 1.5x, https:\/\/i0.wp.com\/www.jazzzeitung.de\/cms\/wp-content\/uploads\/2022\/02\/P90449758_highRes_bmw-welt-jazz-award--scaled.jpg?fit=1200%2C675&ssl=1&resize=700%2C400 2x, https:\/\/i0.wp.com\/www.jazzzeitung.de\/cms\/wp-content\/uploads\/2022\/02\/P90449758_highRes_bmw-welt-jazz-award--scaled.jpg?fit=1200%2C675&ssl=1&resize=1050%2C600 3x"},"classes":[]},{"id":26844,"url":"https:\/\/www.jazzzeitung.de\/cms\/2022\/03\/julia-huelsmann-trio-eroeffnet-die-12-konzert-competition-bmw-welt-jazz-award\/","url_meta":{"origin":27206,"position":4},"title":"Julia H\u00fclsmann Trio er\u00f6ffnet die 12. Konzert-Competition BMW Welt Jazz Award","author":"Redaktion JazzZeitung","date":"9. M\u00e4rz 2022","format":false,"excerpt":"Mit viel Liebe zum motivischen Detail er\u00f6ffnete das Julia H\u00fclsmann Trio die neue Runde des BMW-Welt Jazz Award. Nach der Corona-Zwangspause wollte man 2022 befreit wieder neustarten, die aktuelle politische Lage sorgte allerdings f\u00fcr eine entsprechend ged\u00e4mpfte Stimmung bei allen Teilnehmern. Das Konzert war gut besucht, die ber\u00fchmte Schlange vor\u2026","rel":"","context":"In &quot;Bericht&quot;","block_context":{"text":"Bericht","link":"https:\/\/www.jazzzeitung.de\/cms\/thema\/bericht\/"},"img":{"alt_text":"","src":"https:\/\/i0.wp.com\/www.jazzzeitung.de\/cms\/wp-content\/uploads\/2022\/03\/P1688409-Huelsman-Trio-Foto-TJ-Krebs.jpg?fit=1200%2C800&ssl=1&resize=350%2C200","width":350,"height":200,"srcset":"https:\/\/i0.wp.com\/www.jazzzeitung.de\/cms\/wp-content\/uploads\/2022\/03\/P1688409-Huelsman-Trio-Foto-TJ-Krebs.jpg?fit=1200%2C800&ssl=1&resize=350%2C200 1x, https:\/\/i0.wp.com\/www.jazzzeitung.de\/cms\/wp-content\/uploads\/2022\/03\/P1688409-Huelsman-Trio-Foto-TJ-Krebs.jpg?fit=1200%2C800&ssl=1&resize=525%2C300 1.5x, https:\/\/i0.wp.com\/www.jazzzeitung.de\/cms\/wp-content\/uploads\/2022\/03\/P1688409-Huelsman-Trio-Foto-TJ-Krebs.jpg?fit=1200%2C800&ssl=1&resize=700%2C400 2x, https:\/\/i0.wp.com\/www.jazzzeitung.de\/cms\/wp-content\/uploads\/2022\/03\/P1688409-Huelsman-Trio-Foto-TJ-Krebs.jpg?fit=1200%2C800&ssl=1&resize=1050%2C600 3x"},"classes":[]},{"id":26949,"url":"https:\/\/www.jazzzeitung.de\/cms\/2022\/03\/jacob-karlzon-trio-beim-bmw-welt-jazz-award\/","url_meta":{"origin":27206,"position":5},"title":"Jacob Karlzon Trio beim BMW Welt Jazz Award","author":"Redaktion JazzZeitung","date":"29. M\u00e4rz 2022","format":false,"excerpt":"Der 2010 in seiner Heimat Schweden als Jazz-Musiker des Jahres ausgezeichnete Pianist Jacob Karlzon macht schon immer Musik f\u00fcr den inneren Film. In der BMW Welt spielte er zusamen mit\u00a0 Morten Ramsb\u00f8l am Bass und Rasmus Kihlberg am Schlagzeug am 22. M\u00e4rz das 2. Konzert des diesj\u00e4hrigen BMW Welt Jazz\u2026","rel":"","context":"In &quot;Galerie&quot;","block_context":{"text":"Galerie","link":"https:\/\/www.jazzzeitung.de\/cms\/thema\/galerie\/"},"img":{"alt_text":"","src":"https:\/\/i0.wp.com\/www.jazzzeitung.de\/cms\/wp-content\/uploads\/2022\/03\/P1710856-sw-Karlzon-Trio-Foto-TJ-Krebs.jpg?fit=1200%2C800&ssl=1&resize=350%2C200","width":350,"height":200,"srcset":"https:\/\/i0.wp.com\/www.jazzzeitung.de\/cms\/wp-content\/uploads\/2022\/03\/P1710856-sw-Karlzon-Trio-Foto-TJ-Krebs.jpg?fit=1200%2C800&ssl=1&resize=350%2C200 1x, https:\/\/i0.wp.com\/www.jazzzeitung.de\/cms\/wp-content\/uploads\/2022\/03\/P1710856-sw-Karlzon-Trio-Foto-TJ-Krebs.jpg?fit=1200%2C800&ssl=1&resize=525%2C300 1.5x, https:\/\/i0.wp.com\/www.jazzzeitung.de\/cms\/wp-content\/uploads\/2022\/03\/P1710856-sw-Karlzon-Trio-Foto-TJ-Krebs.jpg?fit=1200%2C800&ssl=1&resize=700%2C400 2x, https:\/\/i0.wp.com\/www.jazzzeitung.de\/cms\/wp-content\/uploads\/2022\/03\/P1710856-sw-Karlzon-Trio-Foto-TJ-Krebs.jpg?fit=1200%2C800&ssl=1&resize=1050%2C600 3x"},"classes":[]}],"jetpack_sharing_enabled":true,"_links":{"self":[{"href":"https:\/\/www.jazzzeitung.de\/cms\/wp-json\/wp\/v2\/posts\/27206","targetHints":{"allow":["GET"]}}],"collection":[{"href":"https:\/\/www.jazzzeitung.de\/cms\/wp-json\/wp\/v2\/posts"}],"about":[{"href":"https:\/\/www.jazzzeitung.de\/cms\/wp-json\/wp\/v2\/types\/post"}],"author":[{"embeddable":true,"href":"https:\/\/www.jazzzeitung.de\/cms\/wp-json\/wp\/v2\/users\/18"}],"replies":[{"embeddable":true,"href":"https:\/\/www.jazzzeitung.de\/cms\/wp-json\/wp\/v2\/comments?post=27206"}],"version-history":[{"count":10,"href":"https:\/\/www.jazzzeitung.de\/cms\/wp-json\/wp\/v2\/posts\/27206\/revisions"}],"predecessor-version":[{"id":27222,"href":"https:\/\/www.jazzzeitung.de\/cms\/wp-json\/wp\/v2\/posts\/27206\/revisions\/27222"}],"wp:featuredmedia":[{"embeddable":true,"href":"https:\/\/www.jazzzeitung.de\/cms\/wp-json\/wp\/v2\/media\/27213"}],"wp:attachment":[{"href":"https:\/\/www.jazzzeitung.de\/cms\/wp-json\/wp\/v2\/media?parent=27206"}],"wp:term":[{"taxonomy":"category","embeddable":true,"href":"https:\/\/www.jazzzeitung.de\/cms\/wp-json\/wp\/v2\/categories?post=27206"},{"taxonomy":"post_tag","embeddable":true,"href":"https:\/\/www.jazzzeitung.de\/cms\/wp-json\/wp\/v2\/tags?post=27206"},{"taxonomy":"author","embeddable":true,"href":"https:\/\/www.jazzzeitung.de\/cms\/wp-json\/wp\/v2\/coauthors?post=27206"}],"curies":[{"name":"wp","href":"https:\/\/api.w.org\/{rel}","templated":true}]}}