{"id":27170,"date":"2022-04-22T11:45:42","date_gmt":"2022-04-22T09:45:42","guid":{"rendered":"https:\/\/www.jazzzeitung.de\/cms\/?p=27170"},"modified":"2022-04-22T11:45:42","modified_gmt":"2022-04-22T09:45:42","slug":"digitale-konzertreihe-zur-bundesbegegnung-jugend-jazzt-gestartet","status":"publish","type":"post","link":"https:\/\/www.jazzzeitung.de\/cms\/2022\/04\/digitale-konzertreihe-zur-bundesbegegnung-jugend-jazzt-gestartet\/","title":{"rendered":"Digitale Konzertreihe zur Bundesbegegnung Jugend jazzt gestartet"},"content":{"rendered":"<p>(Pressemeldung: Deutscher Musikrat) Ab sofort werden die Videos der Jazz-Combos, die sich f\u00fcr die Bundesbegegnung Jugend jazzt qualifiziert haben, ver\u00f6ffentlicht. Die digitale Konzertreihe ist auf dem <a href=\"https:\/\/www.youtube.com\/user\/deutschermusikrat\/videos\">YouTube-Kanal des Deutschen Musikrates<\/a>\u00a0sowie auf der\u00a0<a href=\"http:\/\/www.jugendjazzt.de\">Website<\/a>\u00a0und in den Social Media-Kan\u00e4len von Jugend jazzt (<a href=\"https:\/\/www.facebook.com\/jugendjazzt\/\">Facebook<\/a>\u00a0und\u00a0<a href=\"https:\/\/www.instagram.com\/jugendjazzt\/\">Instagram<\/a>) zu finden. Die 18. Bundesbegegnung Jugend jazzt ist vom 26. bis 29. Mai in der Hansestadt L\u00fcbeck zu Gast.<\/p>\n<p>Die Videos wurden im Jugend jazzt Truck aufgenommen. Das ist ein von der Kulturakademie der Vorwerker Diakonie L\u00fcbeck zu einem mobilen Ton- und Filmstudio mit Jazzclub-Atmosph\u00e4re umgebauter 12-Tonner-LKW. Die Bundesbegegnung Jugend jazzt hat in Kooperation mit der Kulturakademie den Jugend jazzt Truck durch die Bundesl\u00e4nder geschickt, um auch im Corona-Jahr 2021 den Jazz-Nachwuchs zu st\u00e4rken und zu motivieren. So bekamen die 13 Preistr\u00e4ger-Combos der Landesbegegnungen die gro\u00dfartige M\u00f6glichkeit, ihre Songs professionell einzuspielen und sich im Interview vorzustellen. Neben den Songs der Combos und den Interviews mit den Bandmitgliedern kommen in den Videos auch Vertreter*innen der Landesmusikr\u00e4te beziehungsweise die Jazz-Beauftragten des jeweiligen Bundeslandes zu Wort. Neun Videos wurden bereits produziert, die Videos der vier weiteren Combos werden in den kommenden Wochen aufgenommen.<\/p>\n<p>Folgende Jazz-Combos haben sich als Preistr\u00e4ger der Landesbegegnungen f\u00fcr die Bundesbegegnung Jugend jazzt qualifiziert:<\/p>\n<ul>\n<li>Dimension (Baden-W\u00fcrttemberg)<\/li>\n<li>TimPanLaurie (Bayern)<\/li>\n<li>Wittners B\u00fcgelgruppe (Berlin)<\/li>\n<li>Jazztronauts (Brandenburg)<\/li>\n<li>Fluent Interruption (Bremen)<\/li>\n<li>F7susb9 (Hamburg)<\/li>\n<li><a href=\"https:\/\/youtu.be\/JyVRdtwG7bQ\">Quartertone<\/a> (Hessen)<\/li>\n<li><a href=\"https:\/\/youtu.be\/srahB7zLRck\">Razzmatazz<\/a> (Mecklenburg-Vorpommern)<\/li>\n<li>LeJaZz (Niedersachsen)<\/li>\n<li>Funky Friends (Nordrhein-Westfalen)<\/li>\n<li>exit denied (Sachsen)<\/li>\n<li>Cactus in a Garage (Sachsen-Anhalt)<\/li>\n<li>\\logical dissolution {0, 1, 2, 3, 4, 5, \u2026, x} (Schleswig-Holstein)<\/li>\n<\/ul>\n<p><strong>Die ersten Beitr\u00e4ge auf YouTube:<\/strong><\/p>\n<p><span class=\"embed-youtube\" style=\"text-align:center; display: block;\"><iframe loading=\"lazy\" class=\"youtube-player\" width=\"840\" height=\"473\" src=\"https:\/\/www.youtube.com\/embed\/srahB7zLRck?version=3&#038;rel=1&#038;showsearch=0&#038;showinfo=1&#038;iv_load_policy=1&#038;fs=1&#038;hl=de-DE&#038;autohide=2&#038;wmode=transparent\" allowfullscreen=\"true\" style=\"border:0;\" sandbox=\"allow-scripts allow-same-origin allow-popups allow-presentation allow-popups-to-escape-sandbox\"><\/iframe><\/span><\/p>\n<p><span class=\"embed-youtube\" style=\"text-align:center; display: block;\"><iframe loading=\"lazy\" class=\"youtube-player\" width=\"840\" height=\"473\" src=\"https:\/\/www.youtube.com\/embed\/JyVRdtwG7bQ?version=3&#038;rel=1&#038;showsearch=0&#038;showinfo=1&#038;iv_load_policy=1&#038;fs=1&#038;hl=de-DE&#038;autohide=2&#038;wmode=transparent\" allowfullscreen=\"true\" style=\"border:0;\" sandbox=\"allow-scripts allow-same-origin allow-popups allow-presentation allow-popups-to-escape-sandbox\"><\/iframe><\/span><\/p>\n<p>&nbsp;<\/p>\n","protected":false},"excerpt":{"rendered":"<p>(Pressemeldung: Deutscher Musikrat) Ab sofort werden die Videos der Jazz-Combos, die sich f\u00fcr die Bundesbegegnung Jugend jazzt qualifiziert haben, ver\u00f6ffentlicht. Die digitale Konzertreihe ist auf dem YouTube-Kanal des Deutschen Musikrates\u00a0sowie auf der\u00a0Website\u00a0und in den Social Media-Kan\u00e4len von Jugend jazzt (Facebook\u00a0und\u00a0Instagram) zu finden. Die 18. Bundesbegegnung Jugend jazzt ist vom 26. bis 29. Mai in der Hansestadt L\u00fcbeck zu Gast. Die Videos wurden im Jugend jazzt Truck aufgenommen. Das ist ein von der Kulturakademie der Vorwerker Diakonie L\u00fcbeck zu einem mobilen Ton- und Filmstudio mit Jazzclub-Atmosph\u00e4re umgebauter 12-Tonner-LKW. Die Bundesbegegnung Jugend jazzt hat in Kooperation mit der Kulturakademie den Jugend jazzt Truck durch die Bundesl\u00e4nder geschickt, um auch im Corona-Jahr 2021 den Jazz-Nachwuchs zu st\u00e4rken und zu motivieren. So bekamen die 13 Preistr\u00e4ger-Combos der Landesbegegnungen die gro\u00dfartige M\u00f6glichkeit, ihre Songs professionell einzuspielen und sich im Interview vorzustellen. Neben den Songs der Combos und den Interviews mit den Bandmitgliedern kommen in den Videos auch Vertreter*innen der Landesmusikr\u00e4te beziehungsweise die Jazz-Beauftragten des jeweiligen Bundeslandes zu Wort. Neun Videos wurden bereits produziert, die Videos der vier weiteren Combos werden in den kommenden Wochen aufgenommen. Folgende Jazz-Combos haben sich als &hellip;<\/p>\n","protected":false},"author":18,"featured_media":27172,"comment_status":"open","ping_status":"closed","sticky":false,"template":"","format":"standard","meta":{"_jetpack_memberships_contains_paid_content":false,"footnotes":"","jetpack_publicize_message":"","jetpack_publicize_feature_enabled":true,"jetpack_social_post_already_shared":false,"jetpack_social_options":{"image_generator_settings":{"template":"highway","default_image_id":0,"font":"","enabled":false},"version":2}},"categories":[633],"tags":[3391,100,245,305,3996,2370,1170,2128],"coauthors":[695],"class_list":["post-27170","post","type-post","status-publish","format-standard","has-post-thumbnail","hentry","category-nachrichten","tag-3391","tag-bundesbegegnung","tag-interview-2","tag-jugend-jazzt","tag-konzertreihe","tag-luebeck","tag-preistraeger","tag-videos"],"yoast_head":"<!-- This site is optimized with the Yoast SEO plugin v27.5 - https:\/\/yoast.com\/product\/yoast-seo-wordpress\/ -->\n<title>Digitale Konzertreihe zur Bundesbegegnung Jugend jazzt gestartet - JazzZeitung<\/title>\n<meta name=\"robots\" content=\"index, follow, max-snippet:-1, max-image-preview:large, max-video-preview:-1\" \/>\n<link rel=\"canonical\" href=\"https:\/\/www.jazzzeitung.de\/cms\/2022\/04\/digitale-konzertreihe-zur-bundesbegegnung-jugend-jazzt-gestartet\/\" \/>\n<meta property=\"og:locale\" content=\"de_DE\" \/>\n<meta property=\"og:type\" content=\"article\" \/>\n<meta property=\"og:title\" content=\"Digitale Konzertreihe zur Bundesbegegnung Jugend jazzt gestartet - JazzZeitung\" \/>\n<meta property=\"og:description\" content=\"(Pressemeldung: Deutscher Musikrat) Ab sofort werden die Videos der Jazz-Combos, die sich f\u00fcr die Bundesbegegnung Jugend jazzt qualifiziert haben, ver\u00f6ffentlicht. Die digitale Konzertreihe ist auf dem YouTube-Kanal des Deutschen Musikrates\u00a0sowie auf der\u00a0Website\u00a0und in den Social Media-Kan\u00e4len von Jugend jazzt (Facebook\u00a0und\u00a0Instagram) zu finden. Die 18. Bundesbegegnung Jugend jazzt ist vom 26. bis 29. Mai in der Hansestadt L\u00fcbeck zu Gast. Die Videos wurden im Jugend jazzt Truck aufgenommen. Das ist ein von der Kulturakademie der Vorwerker Diakonie L\u00fcbeck zu einem mobilen Ton- und Filmstudio mit Jazzclub-Atmosph\u00e4re umgebauter 12-Tonner-LKW. Die Bundesbegegnung Jugend jazzt hat in Kooperation mit der Kulturakademie den Jugend jazzt Truck durch die Bundesl\u00e4nder geschickt, um auch im Corona-Jahr 2021 den Jazz-Nachwuchs zu st\u00e4rken und zu motivieren. So bekamen die 13 Preistr\u00e4ger-Combos der Landesbegegnungen die gro\u00dfartige M\u00f6glichkeit, ihre Songs professionell einzuspielen und sich im Interview vorzustellen. Neben den Songs der Combos und den Interviews mit den Bandmitgliedern kommen in den Videos auch Vertreter*innen der Landesmusikr\u00e4te beziehungsweise die Jazz-Beauftragten des jeweiligen Bundeslandes zu Wort. Neun Videos wurden bereits produziert, die Videos der vier weiteren Combos werden in den kommenden Wochen aufgenommen. Folgende Jazz-Combos haben sich als &hellip;\" \/>\n<meta property=\"og:url\" content=\"https:\/\/www.jazzzeitung.de\/cms\/2022\/04\/digitale-konzertreihe-zur-bundesbegegnung-jugend-jazzt-gestartet\/\" \/>\n<meta property=\"og:site_name\" content=\"JazzZeitung\" \/>\n<meta property=\"article:publisher\" content=\"https:\/\/www.facebook.com\/JazzZeitung\/\" \/>\n<meta property=\"article:published_time\" content=\"2022-04-22T09:45:42+00:00\" \/>\n<meta property=\"og:image\" content=\"https:\/\/www.jazzzeitung.de\/cms\/wp-content\/uploads\/2022\/04\/jugend_jazz_1600t.jpg\" \/>\n\t<meta property=\"og:image:width\" content=\"1600\" \/>\n\t<meta property=\"og:image:height\" content=\"901\" \/>\n\t<meta property=\"og:image:type\" content=\"image\/jpeg\" \/>\n<meta name=\"author\" content=\"Redaktion JazzZeitung\" \/>\n<script type=\"application\/ld+json\" class=\"yoast-schema-graph\">{\"@context\":\"https:\\\/\\\/schema.org\",\"@graph\":[{\"@type\":\"Article\",\"@id\":\"https:\\\/\\\/www.jazzzeitung.de\\\/cms\\\/2022\\\/04\\\/digitale-konzertreihe-zur-bundesbegegnung-jugend-jazzt-gestartet\\\/#article\",\"isPartOf\":{\"@id\":\"https:\\\/\\\/www.jazzzeitung.de\\\/cms\\\/2022\\\/04\\\/digitale-konzertreihe-zur-bundesbegegnung-jugend-jazzt-gestartet\\\/\"},\"author\":{\"name\":\"Redaktion JazzZeitung\",\"@id\":\"https:\\\/\\\/www.jazzzeitung.de\\\/cms\\\/#\\\/schema\\\/person\\\/2245b36b9cd1d24cea10f01c031fb92b\"},\"headline\":\"Digitale Konzertreihe zur Bundesbegegnung Jugend jazzt gestartet\",\"datePublished\":\"2022-04-22T09:45:42+00:00\",\"mainEntityOfPage\":{\"@id\":\"https:\\\/\\\/www.jazzzeitung.de\\\/cms\\\/2022\\\/04\\\/digitale-konzertreihe-zur-bundesbegegnung-jugend-jazzt-gestartet\\\/\"},\"wordCount\":271,\"commentCount\":0,\"publisher\":{\"@id\":\"https:\\\/\\\/www.jazzzeitung.de\\\/cms\\\/#organization\"},\"image\":{\"@id\":\"https:\\\/\\\/www.jazzzeitung.de\\\/cms\\\/2022\\\/04\\\/digitale-konzertreihe-zur-bundesbegegnung-jugend-jazzt-gestartet\\\/#primaryimage\"},\"thumbnailUrl\":\"https:\\\/\\\/i0.wp.com\\\/www.jazzzeitung.de\\\/cms\\\/wp-content\\\/uploads\\\/2022\\\/04\\\/jugend_jazz_1600t.jpg?fit=1600%2C901&ssl=1\",\"keywords\":[\"2021\",\"Bundesbegegnung\",\"Interview\",\"Jugend jazzt\",\"Konzertreihe\",\"L\u00fcbeck\",\"Preistr\u00e4ger\",\"Videos\"],\"articleSection\":[\"News\"],\"inLanguage\":\"de\",\"potentialAction\":[{\"@type\":\"CommentAction\",\"name\":\"Comment\",\"target\":[\"https:\\\/\\\/www.jazzzeitung.de\\\/cms\\\/2022\\\/04\\\/digitale-konzertreihe-zur-bundesbegegnung-jugend-jazzt-gestartet\\\/#respond\"]}]},{\"@type\":\"WebPage\",\"@id\":\"https:\\\/\\\/www.jazzzeitung.de\\\/cms\\\/2022\\\/04\\\/digitale-konzertreihe-zur-bundesbegegnung-jugend-jazzt-gestartet\\\/\",\"url\":\"https:\\\/\\\/www.jazzzeitung.de\\\/cms\\\/2022\\\/04\\\/digitale-konzertreihe-zur-bundesbegegnung-jugend-jazzt-gestartet\\\/\",\"name\":\"Digitale Konzertreihe zur Bundesbegegnung Jugend jazzt gestartet - JazzZeitung\",\"isPartOf\":{\"@id\":\"https:\\\/\\\/www.jazzzeitung.de\\\/cms\\\/#website\"},\"primaryImageOfPage\":{\"@id\":\"https:\\\/\\\/www.jazzzeitung.de\\\/cms\\\/2022\\\/04\\\/digitale-konzertreihe-zur-bundesbegegnung-jugend-jazzt-gestartet\\\/#primaryimage\"},\"image\":{\"@id\":\"https:\\\/\\\/www.jazzzeitung.de\\\/cms\\\/2022\\\/04\\\/digitale-konzertreihe-zur-bundesbegegnung-jugend-jazzt-gestartet\\\/#primaryimage\"},\"thumbnailUrl\":\"https:\\\/\\\/i0.wp.com\\\/www.jazzzeitung.de\\\/cms\\\/wp-content\\\/uploads\\\/2022\\\/04\\\/jugend_jazz_1600t.jpg?fit=1600%2C901&ssl=1\",\"datePublished\":\"2022-04-22T09:45:42+00:00\",\"breadcrumb\":{\"@id\":\"https:\\\/\\\/www.jazzzeitung.de\\\/cms\\\/2022\\\/04\\\/digitale-konzertreihe-zur-bundesbegegnung-jugend-jazzt-gestartet\\\/#breadcrumb\"},\"inLanguage\":\"de\",\"potentialAction\":[{\"@type\":\"ReadAction\",\"target\":[\"https:\\\/\\\/www.jazzzeitung.de\\\/cms\\\/2022\\\/04\\\/digitale-konzertreihe-zur-bundesbegegnung-jugend-jazzt-gestartet\\\/\"]}]},{\"@type\":\"ImageObject\",\"inLanguage\":\"de\",\"@id\":\"https:\\\/\\\/www.jazzzeitung.de\\\/cms\\\/2022\\\/04\\\/digitale-konzertreihe-zur-bundesbegegnung-jugend-jazzt-gestartet\\\/#primaryimage\",\"url\":\"https:\\\/\\\/i0.wp.com\\\/www.jazzzeitung.de\\\/cms\\\/wp-content\\\/uploads\\\/2022\\\/04\\\/jugend_jazz_1600t.jpg?fit=1600%2C901&ssl=1\",\"contentUrl\":\"https:\\\/\\\/i0.wp.com\\\/www.jazzzeitung.de\\\/cms\\\/wp-content\\\/uploads\\\/2022\\\/04\\\/jugend_jazz_1600t.jpg?fit=1600%2C901&ssl=1\",\"width\":1600,\"height\":901,\"caption\":\"Quartertone (Hessen)\"},{\"@type\":\"BreadcrumbList\",\"@id\":\"https:\\\/\\\/www.jazzzeitung.de\\\/cms\\\/2022\\\/04\\\/digitale-konzertreihe-zur-bundesbegegnung-jugend-jazzt-gestartet\\\/#breadcrumb\",\"itemListElement\":[{\"@type\":\"ListItem\",\"position\":1,\"name\":\"Startseite\",\"item\":\"https:\\\/\\\/www.jazzzeitung.de\\\/cms\\\/\"},{\"@type\":\"ListItem\",\"position\":2,\"name\":\"Digitale Konzertreihe zur Bundesbegegnung Jugend jazzt gestartet\"}]},{\"@type\":\"WebSite\",\"@id\":\"https:\\\/\\\/www.jazzzeitung.de\\\/cms\\\/#website\",\"url\":\"https:\\\/\\\/www.jazzzeitung.de\\\/cms\\\/\",\"name\":\"JazzZeitung\",\"description\":\"Jazz-News und Jazz-Kontroverses\",\"publisher\":{\"@id\":\"https:\\\/\\\/www.jazzzeitung.de\\\/cms\\\/#organization\"},\"potentialAction\":[{\"@type\":\"SearchAction\",\"target\":{\"@type\":\"EntryPoint\",\"urlTemplate\":\"https:\\\/\\\/www.jazzzeitung.de\\\/cms\\\/?s={search_term_string}\"},\"query-input\":{\"@type\":\"PropertyValueSpecification\",\"valueRequired\":true,\"valueName\":\"search_term_string\"}}],\"inLanguage\":\"de\"},{\"@type\":\"Organization\",\"@id\":\"https:\\\/\\\/www.jazzzeitung.de\\\/cms\\\/#organization\",\"name\":\"JazzZeitung online\",\"url\":\"https:\\\/\\\/www.jazzzeitung.de\\\/cms\\\/\",\"logo\":{\"@type\":\"ImageObject\",\"inLanguage\":\"de\",\"@id\":\"https:\\\/\\\/www.jazzzeitung.de\\\/cms\\\/#\\\/schema\\\/logo\\\/image\\\/\",\"url\":\"https:\\\/\\\/i0.wp.com\\\/www.jazzzeitung.de\\\/cms\\\/wp-content\\\/uploads\\\/2015\\\/08\\\/JAZZZEITUNGDE_Logo_Neu.png?fit=499%2C200&ssl=1\",\"contentUrl\":\"https:\\\/\\\/i0.wp.com\\\/www.jazzzeitung.de\\\/cms\\\/wp-content\\\/uploads\\\/2015\\\/08\\\/JAZZZEITUNGDE_Logo_Neu.png?fit=499%2C200&ssl=1\",\"width\":499,\"height\":200,\"caption\":\"JazzZeitung online\"},\"image\":{\"@id\":\"https:\\\/\\\/www.jazzzeitung.de\\\/cms\\\/#\\\/schema\\\/logo\\\/image\\\/\"},\"sameAs\":[\"https:\\\/\\\/www.facebook.com\\\/JazzZeitung\\\/\"]},{\"@type\":\"Person\",\"@id\":\"https:\\\/\\\/www.jazzzeitung.de\\\/cms\\\/#\\\/schema\\\/person\\\/2245b36b9cd1d24cea10f01c031fb92b\",\"name\":\"Redaktion JazzZeitung\",\"image\":{\"@type\":\"ImageObject\",\"inLanguage\":\"de\",\"@id\":\"https:\\\/\\\/i0.wp.com\\\/www.jazzzeitung.de\\\/cms\\\/wp-content\\\/uploads\\\/2015\\\/08\\\/JAZZZEITUNGDE_Logo_Neu.png?resize=96%2C96&ssl=159975dcacb611b5700bd619b5daf0a7a\",\"url\":\"https:\\\/\\\/i0.wp.com\\\/www.jazzzeitung.de\\\/cms\\\/wp-content\\\/uploads\\\/2015\\\/08\\\/JAZZZEITUNGDE_Logo_Neu.png?resize=96%2C96&ssl=1\",\"contentUrl\":\"https:\\\/\\\/i0.wp.com\\\/www.jazzzeitung.de\\\/cms\\\/wp-content\\\/uploads\\\/2015\\\/08\\\/JAZZZEITUNGDE_Logo_Neu.png?resize=96%2C96&ssl=1\",\"caption\":\"Redaktion JazzZeitung\"},\"description\":\"Artikel der Redaktion der JazzZeitung.\",\"sameAs\":[\"http:\\\/\\\/www.jazzzeitung.de\\\/cms\\\/\"],\"url\":\"https:\\\/\\\/www.jazzzeitung.de\\\/cms\\\/author\\\/redaktion\\\/\"}]}<\/script>\n<!-- \/ Yoast SEO plugin. -->","yoast_head_json":{"title":"Digitale Konzertreihe zur Bundesbegegnung Jugend jazzt gestartet - JazzZeitung","robots":{"index":"index","follow":"follow","max-snippet":"max-snippet:-1","max-image-preview":"max-image-preview:large","max-video-preview":"max-video-preview:-1"},"canonical":"https:\/\/www.jazzzeitung.de\/cms\/2022\/04\/digitale-konzertreihe-zur-bundesbegegnung-jugend-jazzt-gestartet\/","og_locale":"de_DE","og_type":"article","og_title":"Digitale Konzertreihe zur Bundesbegegnung Jugend jazzt gestartet - JazzZeitung","og_description":"(Pressemeldung: Deutscher Musikrat) Ab sofort werden die Videos der Jazz-Combos, die sich f\u00fcr die Bundesbegegnung Jugend jazzt qualifiziert haben, ver\u00f6ffentlicht. Die digitale Konzertreihe ist auf dem YouTube-Kanal des Deutschen Musikrates\u00a0sowie auf der\u00a0Website\u00a0und in den Social Media-Kan\u00e4len von Jugend jazzt (Facebook\u00a0und\u00a0Instagram) zu finden. Die 18. Bundesbegegnung Jugend jazzt ist vom 26. bis 29. Mai in der Hansestadt L\u00fcbeck zu Gast. Die Videos wurden im Jugend jazzt Truck aufgenommen. Das ist ein von der Kulturakademie der Vorwerker Diakonie L\u00fcbeck zu einem mobilen Ton- und Filmstudio mit Jazzclub-Atmosph\u00e4re umgebauter 12-Tonner-LKW. Die Bundesbegegnung Jugend jazzt hat in Kooperation mit der Kulturakademie den Jugend jazzt Truck durch die Bundesl\u00e4nder geschickt, um auch im Corona-Jahr 2021 den Jazz-Nachwuchs zu st\u00e4rken und zu motivieren. So bekamen die 13 Preistr\u00e4ger-Combos der Landesbegegnungen die gro\u00dfartige M\u00f6glichkeit, ihre Songs professionell einzuspielen und sich im Interview vorzustellen. Neben den Songs der Combos und den Interviews mit den Bandmitgliedern kommen in den Videos auch Vertreter*innen der Landesmusikr\u00e4te beziehungsweise die Jazz-Beauftragten des jeweiligen Bundeslandes zu Wort. Neun Videos wurden bereits produziert, die Videos der vier weiteren Combos werden in den kommenden Wochen aufgenommen. Folgende Jazz-Combos haben sich als &hellip;","og_url":"https:\/\/www.jazzzeitung.de\/cms\/2022\/04\/digitale-konzertreihe-zur-bundesbegegnung-jugend-jazzt-gestartet\/","og_site_name":"JazzZeitung","article_publisher":"https:\/\/www.facebook.com\/JazzZeitung\/","article_published_time":"2022-04-22T09:45:42+00:00","og_image":[{"width":1600,"height":901,"url":"https:\/\/www.jazzzeitung.de\/cms\/wp-content\/uploads\/2022\/04\/jugend_jazz_1600t.jpg","type":"image\/jpeg"}],"author":"Redaktion JazzZeitung","schema":{"@context":"https:\/\/schema.org","@graph":[{"@type":"Article","@id":"https:\/\/www.jazzzeitung.de\/cms\/2022\/04\/digitale-konzertreihe-zur-bundesbegegnung-jugend-jazzt-gestartet\/#article","isPartOf":{"@id":"https:\/\/www.jazzzeitung.de\/cms\/2022\/04\/digitale-konzertreihe-zur-bundesbegegnung-jugend-jazzt-gestartet\/"},"author":{"name":"Redaktion JazzZeitung","@id":"https:\/\/www.jazzzeitung.de\/cms\/#\/schema\/person\/2245b36b9cd1d24cea10f01c031fb92b"},"headline":"Digitale Konzertreihe zur Bundesbegegnung Jugend jazzt gestartet","datePublished":"2022-04-22T09:45:42+00:00","mainEntityOfPage":{"@id":"https:\/\/www.jazzzeitung.de\/cms\/2022\/04\/digitale-konzertreihe-zur-bundesbegegnung-jugend-jazzt-gestartet\/"},"wordCount":271,"commentCount":0,"publisher":{"@id":"https:\/\/www.jazzzeitung.de\/cms\/#organization"},"image":{"@id":"https:\/\/www.jazzzeitung.de\/cms\/2022\/04\/digitale-konzertreihe-zur-bundesbegegnung-jugend-jazzt-gestartet\/#primaryimage"},"thumbnailUrl":"https:\/\/i0.wp.com\/www.jazzzeitung.de\/cms\/wp-content\/uploads\/2022\/04\/jugend_jazz_1600t.jpg?fit=1600%2C901&ssl=1","keywords":["2021","Bundesbegegnung","Interview","Jugend jazzt","Konzertreihe","L\u00fcbeck","Preistr\u00e4ger","Videos"],"articleSection":["News"],"inLanguage":"de","potentialAction":[{"@type":"CommentAction","name":"Comment","target":["https:\/\/www.jazzzeitung.de\/cms\/2022\/04\/digitale-konzertreihe-zur-bundesbegegnung-jugend-jazzt-gestartet\/#respond"]}]},{"@type":"WebPage","@id":"https:\/\/www.jazzzeitung.de\/cms\/2022\/04\/digitale-konzertreihe-zur-bundesbegegnung-jugend-jazzt-gestartet\/","url":"https:\/\/www.jazzzeitung.de\/cms\/2022\/04\/digitale-konzertreihe-zur-bundesbegegnung-jugend-jazzt-gestartet\/","name":"Digitale Konzertreihe zur Bundesbegegnung Jugend jazzt gestartet - JazzZeitung","isPartOf":{"@id":"https:\/\/www.jazzzeitung.de\/cms\/#website"},"primaryImageOfPage":{"@id":"https:\/\/www.jazzzeitung.de\/cms\/2022\/04\/digitale-konzertreihe-zur-bundesbegegnung-jugend-jazzt-gestartet\/#primaryimage"},"image":{"@id":"https:\/\/www.jazzzeitung.de\/cms\/2022\/04\/digitale-konzertreihe-zur-bundesbegegnung-jugend-jazzt-gestartet\/#primaryimage"},"thumbnailUrl":"https:\/\/i0.wp.com\/www.jazzzeitung.de\/cms\/wp-content\/uploads\/2022\/04\/jugend_jazz_1600t.jpg?fit=1600%2C901&ssl=1","datePublished":"2022-04-22T09:45:42+00:00","breadcrumb":{"@id":"https:\/\/www.jazzzeitung.de\/cms\/2022\/04\/digitale-konzertreihe-zur-bundesbegegnung-jugend-jazzt-gestartet\/#breadcrumb"},"inLanguage":"de","potentialAction":[{"@type":"ReadAction","target":["https:\/\/www.jazzzeitung.de\/cms\/2022\/04\/digitale-konzertreihe-zur-bundesbegegnung-jugend-jazzt-gestartet\/"]}]},{"@type":"ImageObject","inLanguage":"de","@id":"https:\/\/www.jazzzeitung.de\/cms\/2022\/04\/digitale-konzertreihe-zur-bundesbegegnung-jugend-jazzt-gestartet\/#primaryimage","url":"https:\/\/i0.wp.com\/www.jazzzeitung.de\/cms\/wp-content\/uploads\/2022\/04\/jugend_jazz_1600t.jpg?fit=1600%2C901&ssl=1","contentUrl":"https:\/\/i0.wp.com\/www.jazzzeitung.de\/cms\/wp-content\/uploads\/2022\/04\/jugend_jazz_1600t.jpg?fit=1600%2C901&ssl=1","width":1600,"height":901,"caption":"Quartertone (Hessen)"},{"@type":"BreadcrumbList","@id":"https:\/\/www.jazzzeitung.de\/cms\/2022\/04\/digitale-konzertreihe-zur-bundesbegegnung-jugend-jazzt-gestartet\/#breadcrumb","itemListElement":[{"@type":"ListItem","position":1,"name":"Startseite","item":"https:\/\/www.jazzzeitung.de\/cms\/"},{"@type":"ListItem","position":2,"name":"Digitale Konzertreihe zur Bundesbegegnung Jugend jazzt gestartet"}]},{"@type":"WebSite","@id":"https:\/\/www.jazzzeitung.de\/cms\/#website","url":"https:\/\/www.jazzzeitung.de\/cms\/","name":"JazzZeitung","description":"Jazz-News und Jazz-Kontroverses","publisher":{"@id":"https:\/\/www.jazzzeitung.de\/cms\/#organization"},"potentialAction":[{"@type":"SearchAction","target":{"@type":"EntryPoint","urlTemplate":"https:\/\/www.jazzzeitung.de\/cms\/?s={search_term_string}"},"query-input":{"@type":"PropertyValueSpecification","valueRequired":true,"valueName":"search_term_string"}}],"inLanguage":"de"},{"@type":"Organization","@id":"https:\/\/www.jazzzeitung.de\/cms\/#organization","name":"JazzZeitung online","url":"https:\/\/www.jazzzeitung.de\/cms\/","logo":{"@type":"ImageObject","inLanguage":"de","@id":"https:\/\/www.jazzzeitung.de\/cms\/#\/schema\/logo\/image\/","url":"https:\/\/i0.wp.com\/www.jazzzeitung.de\/cms\/wp-content\/uploads\/2015\/08\/JAZZZEITUNGDE_Logo_Neu.png?fit=499%2C200&ssl=1","contentUrl":"https:\/\/i0.wp.com\/www.jazzzeitung.de\/cms\/wp-content\/uploads\/2015\/08\/JAZZZEITUNGDE_Logo_Neu.png?fit=499%2C200&ssl=1","width":499,"height":200,"caption":"JazzZeitung online"},"image":{"@id":"https:\/\/www.jazzzeitung.de\/cms\/#\/schema\/logo\/image\/"},"sameAs":["https:\/\/www.facebook.com\/JazzZeitung\/"]},{"@type":"Person","@id":"https:\/\/www.jazzzeitung.de\/cms\/#\/schema\/person\/2245b36b9cd1d24cea10f01c031fb92b","name":"Redaktion JazzZeitung","image":{"@type":"ImageObject","inLanguage":"de","@id":"https:\/\/i0.wp.com\/www.jazzzeitung.de\/cms\/wp-content\/uploads\/2015\/08\/JAZZZEITUNGDE_Logo_Neu.png?resize=96%2C96&ssl=159975dcacb611b5700bd619b5daf0a7a","url":"https:\/\/i0.wp.com\/www.jazzzeitung.de\/cms\/wp-content\/uploads\/2015\/08\/JAZZZEITUNGDE_Logo_Neu.png?resize=96%2C96&ssl=1","contentUrl":"https:\/\/i0.wp.com\/www.jazzzeitung.de\/cms\/wp-content\/uploads\/2015\/08\/JAZZZEITUNGDE_Logo_Neu.png?resize=96%2C96&ssl=1","caption":"Redaktion JazzZeitung"},"description":"Artikel der Redaktion der JazzZeitung.","sameAs":["http:\/\/www.jazzzeitung.de\/cms\/"],"url":"https:\/\/www.jazzzeitung.de\/cms\/author\/redaktion\/"}]}},"wp-worthy-pixel":{"ignored":true,"public":null,"server":null,"url":null},"wp-worthy-type":"normal","jetpack_publicize_connections":[],"cc_featured_image_caption":{"caption_text":"Quartertone (Hessen) ","source_text":"Website: Jugend jazzt","source_url":"http:\/\/www.jugendjazzt.de"},"jetpack_featured_media_url":"https:\/\/i0.wp.com\/www.jazzzeitung.de\/cms\/wp-content\/uploads\/2022\/04\/jugend_jazz_1600t.jpg?fit=1600%2C901&ssl=1","jetpack_shortlink":"https:\/\/wp.me\/p3KEcT-74e","jetpack-related-posts":[{"id":15922,"url":"https:\/\/www.jazzzeitung.de\/cms\/2018\/05\/jugend-jazzt-2018\/","url_meta":{"origin":27170,"position":0},"title":"16. Bundesbegegnung Jugend jazzt in Frankfurt am Main","author":"Redaktion JazzZeitung","date":"7. Mai 2018","format":false,"excerpt":"Diese Woche startet die 16. Bundesbegegnung Jugend jazzt (10.-12. Mai 2018) in Frankfurt am Main. Rund 350 junge Jazzmusikerinnen und -musiker werden aus der gesamten Republik nach Frankfurt reisen, um sich in Wertungsspielen, Konzerten, Sessions und Workshops zu begegnen, sich kennenzulernen und auszutauschen. Die Bundesbegegnung wird er\u00f6ffnet mit einem Konzert\u2026","rel":"","context":"In &quot;News&quot;","block_context":{"text":"News","link":"https:\/\/www.jazzzeitung.de\/cms\/thema\/nachrichten\/"},"img":{"alt_text":"","src":"https:\/\/i0.wp.com\/www.jazzzeitung.de\/cms\/wp-content\/uploads\/2018\/05\/Logo_Jugend_jazzt.jpg?fit=1200%2C802&ssl=1&resize=350%2C200","width":350,"height":200,"srcset":"https:\/\/i0.wp.com\/www.jazzzeitung.de\/cms\/wp-content\/uploads\/2018\/05\/Logo_Jugend_jazzt.jpg?fit=1200%2C802&ssl=1&resize=350%2C200 1x, https:\/\/i0.wp.com\/www.jazzzeitung.de\/cms\/wp-content\/uploads\/2018\/05\/Logo_Jugend_jazzt.jpg?fit=1200%2C802&ssl=1&resize=525%2C300 1.5x, https:\/\/i0.wp.com\/www.jazzzeitung.de\/cms\/wp-content\/uploads\/2018\/05\/Logo_Jugend_jazzt.jpg?fit=1200%2C802&ssl=1&resize=700%2C400 2x, https:\/\/i0.wp.com\/www.jazzzeitung.de\/cms\/wp-content\/uploads\/2018\/05\/Logo_Jugend_jazzt.jpg?fit=1200%2C802&ssl=1&resize=1050%2C600 3x"},"classes":[]},{"id":240,"url":"https:\/\/www.jazzzeitung.de\/cms\/2010\/07\/erste-bundesbegegnung-jugend-jazzt-fuer-big-bands\/","url_meta":{"origin":27170,"position":1},"title":"Erste Bundesbegegnung &#8222;Jugend jazzt&#8220; f\u00fcr Big Bands","author":"J\u00f6rg Lichtinger","date":"1. Juli 2010","format":false,"excerpt":"Die Jugend jazzt erfreulicherweise nach wie vor recht aktiv \u2013 seit 1997 auch unter fachm\u00e4nnischer Beobachtung des Deutschen Musikrats. In diesem Jahr gab es die Bundesbegegnung \"Jugend jazzt\" zum ersten Mal auch f\u00fcr Jazzorchester. Jugend-Bigbands aus ganz Deutschland, die sich bei den jeweiligen Landesausscheidungen durchgesetzt hatten, trafen am 26.\/27. Juni\u2026","rel":"","context":"In &quot;Blog&quot;","block_context":{"text":"Blog","link":"https:\/\/www.jazzzeitung.de\/cms\/thema\/blog\/"},"img":{"alt_text":"Die Teilnehmer bei \"Jugend jazzt\" 2010. Foto Bernadette Heim","src":"https:\/\/i0.wp.com\/www.jazzzeitung.de\/cms\/wp-content\/uploads\/2010\/06\/1aMusikrat1-300x172.jpg?resize=350%2C200","width":350,"height":200},"classes":[]},{"id":3982,"url":"https:\/\/www.jazzzeitung.de\/cms\/2014\/05\/bundesbegegnung-jugend-jazzt-mit-dem-skoda-jazzpreis-stuttgart\/","url_meta":{"origin":27170,"position":2},"title":"Bundesbegegnung Jugend jazzt mit dem \u0160KODA Jazzpreis in Stuttgart","author":"Andreas Kolb","date":"26. Mai 2014","format":false,"excerpt":"Am Donnerstag, den 29. Mai startet die Bundesbegegnung Jugend jazzt mit dem \u0160KODA Jazzpreis in Stuttgart. Das in der Tr\u00e4gerschaft des Deutschen Musikrats befindliche Projekt gibt j\u00e4hrlich den Siegern der vorausgegangenen Landeswettbewerbe die Chance, ihr K\u00f6nnen vor einer Jury und einem gr\u00f6\u00dferen Publikum zu pr\u00e4sentieren. Dieses Jahr stellen sich junge\u2026","rel":"","context":"In &quot;Blog&quot;","block_context":{"text":"Blog","link":"https:\/\/www.jazzzeitung.de\/cms\/thema\/blog\/"},"img":{"alt_text":"Jugend jazzt mit dem \u0160KODA Jazzpreis in Stuttgart ","src":"https:\/\/i0.wp.com\/www.jazzzeitung.de\/cms\/wp-content\/uploads\/2014\/05\/140523-Bundesbegegnung-Jugend-jazzt-bringt-Stuttgart-zum-Grooven-150x150.jpg?resize=350%2C200","width":350,"height":200},"classes":[]},{"id":9199,"url":"https:\/\/www.jazzzeitung.de\/cms\/2016\/05\/bundesbegegnung-jugend-jazzt-big-band-preis-geht-nach-niedersachsen\/","url_meta":{"origin":27170,"position":3},"title":"Bundesbegegnung Jugend jazzt beendet &#8211; Bigbandpreis geht nach Niedersachsen","author":"Redaktion JazzZeitung","date":"9. Mai 2016","format":false,"excerpt":"Die Bundesbegegnung Jugend jazzt 2016 ist beendet. Das seit dem 5. Mai laufende Event in Kempten im Allg\u00e4u ist am Sonntag nun zuende gegangen. Die Bigband des Gymnasiums Berenbostel unter der Leitung von Bodo Schmidt aus Niedersachsen ist laut Expertenjury das beste Jugendbigbandorchester Deutschlands. Aus den Landesvorentscheiden waren die folgenden\u2026","rel":"","context":"In &quot;News&quot;","block_context":{"text":"News","link":"https:\/\/www.jazzzeitung.de\/cms\/thema\/nachrichten\/"},"img":{"alt_text":"Das Landesjugendjazzorchester Bayern","src":"https:\/\/i0.wp.com\/www.jazzzeitung.de\/cms\/wp-content\/uploads\/2016\/05\/IMG-1257-150x150.jpg?resize=350%2C200","width":350,"height":200},"classes":[]},{"id":8853,"url":"https:\/\/www.jazzzeitung.de\/cms\/2016\/03\/jazznachwuchs-zu-gast-kempten\/","url_meta":{"origin":27170,"position":4},"title":"Jazznachwuchs zu Gast in Kempten","author":"Redaktion JazzZeitung","date":"31. M\u00e4rz 2016","format":false,"excerpt":"Es ist wieder so weit: Vom 5. bis zum 8. Mai wird die Bundesbegegnung Jugend jazzt ausgetragen, 2016 zum ersten Mal in Bayern, in Kempten im Allg\u00e4u. Alle zwei Jahre treffen sich die besten Nachwuchs-Bigbands Deutschlands zur Bundesbegegnung Jugend jazzt, wo junge Jazzmusiker die Chance erhalten, ihr K\u00f6nnen vor einer\u2026","rel":"","context":"In &quot;News&quot;","block_context":{"text":"News","link":"https:\/\/www.jazzzeitung.de\/cms\/thema\/nachrichten\/"},"img":{"alt_text":"Das Landes-Jugendjazzorchester Bayern unter der Leitung von Harald R\u00fcschenbaum","src":"https:\/\/i0.wp.com\/www.jazzzeitung.de\/cms\/wp-content\/uploads\/2016\/03\/Landes-Jugendjazzorchester-Bayern-150x150.jpg?resize=350%2C200","width":350,"height":200},"classes":[]},{"id":21318,"url":"https:\/\/www.jazzzeitung.de\/cms\/2019\/11\/news-jugend-jazzt-landeswettbewerb-in-hamburg-2019jugend-jazzt-landeswettbewerb-in-bayern\/","url_meta":{"origin":27170,"position":5},"title":"News: +++Jugend jazzt Landeswettbewerb in Hamburg 2019+++Jugend jazzt Landeswettbewerb in Bayern+++","author":"Redaktion JazzZeitung","date":"16. November 2019","format":false,"excerpt":"Jugend jazzt in Hamburg Heute und morgen am 17. November 2019 ist es wieder soweit: Die Staatliche Jugendmusikschule Hamburg wird im Rahmen des Landeswettbewerbs \u201eJugend jazzt\u201c zum Treffpunkt des Hamburger Jazznachwuchses. Rund 400 Teilnehmer*innen aus Hamburg haben sich f\u00fcr den diesj\u00e4hrigen Landeswettbewerb \u201eJugend jazzt\u201c angemeldet und pr\u00e4sentieren im Rahmen von\u2026","rel":"","context":"In &quot;News&quot;","block_context":{"text":"News","link":"https:\/\/www.jazzzeitung.de\/cms\/thema\/nachrichten\/"},"img":{"alt_text":"","src":"https:\/\/i0.wp.com\/www.jazzzeitung.de\/cms\/wp-content\/uploads\/2019\/11\/Jugend-jazztDSCF9149-scaled.jpg?fit=1200%2C800&ssl=1&resize=350%2C200","width":350,"height":200,"srcset":"https:\/\/i0.wp.com\/www.jazzzeitung.de\/cms\/wp-content\/uploads\/2019\/11\/Jugend-jazztDSCF9149-scaled.jpg?fit=1200%2C800&ssl=1&resize=350%2C200 1x, https:\/\/i0.wp.com\/www.jazzzeitung.de\/cms\/wp-content\/uploads\/2019\/11\/Jugend-jazztDSCF9149-scaled.jpg?fit=1200%2C800&ssl=1&resize=525%2C300 1.5x, https:\/\/i0.wp.com\/www.jazzzeitung.de\/cms\/wp-content\/uploads\/2019\/11\/Jugend-jazztDSCF9149-scaled.jpg?fit=1200%2C800&ssl=1&resize=700%2C400 2x, https:\/\/i0.wp.com\/www.jazzzeitung.de\/cms\/wp-content\/uploads\/2019\/11\/Jugend-jazztDSCF9149-scaled.jpg?fit=1200%2C800&ssl=1&resize=1050%2C600 3x"},"classes":[]}],"jetpack_sharing_enabled":true,"_links":{"self":[{"href":"https:\/\/www.jazzzeitung.de\/cms\/wp-json\/wp\/v2\/posts\/27170","targetHints":{"allow":["GET"]}}],"collection":[{"href":"https:\/\/www.jazzzeitung.de\/cms\/wp-json\/wp\/v2\/posts"}],"about":[{"href":"https:\/\/www.jazzzeitung.de\/cms\/wp-json\/wp\/v2\/types\/post"}],"author":[{"embeddable":true,"href":"https:\/\/www.jazzzeitung.de\/cms\/wp-json\/wp\/v2\/users\/18"}],"replies":[{"embeddable":true,"href":"https:\/\/www.jazzzeitung.de\/cms\/wp-json\/wp\/v2\/comments?post=27170"}],"version-history":[{"count":2,"href":"https:\/\/www.jazzzeitung.de\/cms\/wp-json\/wp\/v2\/posts\/27170\/revisions"}],"predecessor-version":[{"id":27176,"href":"https:\/\/www.jazzzeitung.de\/cms\/wp-json\/wp\/v2\/posts\/27170\/revisions\/27176"}],"wp:featuredmedia":[{"embeddable":true,"href":"https:\/\/www.jazzzeitung.de\/cms\/wp-json\/wp\/v2\/media\/27172"}],"wp:attachment":[{"href":"https:\/\/www.jazzzeitung.de\/cms\/wp-json\/wp\/v2\/media?parent=27170"}],"wp:term":[{"taxonomy":"category","embeddable":true,"href":"https:\/\/www.jazzzeitung.de\/cms\/wp-json\/wp\/v2\/categories?post=27170"},{"taxonomy":"post_tag","embeddable":true,"href":"https:\/\/www.jazzzeitung.de\/cms\/wp-json\/wp\/v2\/tags?post=27170"},{"taxonomy":"author","embeddable":true,"href":"https:\/\/www.jazzzeitung.de\/cms\/wp-json\/wp\/v2\/coauthors?post=27170"}],"curies":[{"name":"wp","href":"https:\/\/api.w.org\/{rel}","templated":true}]}}