{"id":27114,"date":"2022-04-13T12:18:03","date_gmt":"2022-04-13T10:18:03","guid":{"rendered":"https:\/\/www.jazzzeitung.de\/cms\/?p=27114"},"modified":"2022-04-13T12:08:35","modified_gmt":"2022-04-13T10:08:35","slug":"der-pianist-giovanni-guidi-und-sein-quintett-beim-bmw-welt-jazz-award-2022","status":"publish","type":"post","link":"https:\/\/www.jazzzeitung.de\/cms\/2022\/04\/der-pianist-giovanni-guidi-und-sein-quintett-beim-bmw-welt-jazz-award-2022\/","title":{"rendered":"Der Pianist Giovanni Guidi und sein Quintett beim BMW Welt Jazz Award 2022"},"content":{"rendered":"<p>Gestern, am Dienstag den 12. April, zeigte das Giovanni Guidi Quintet sein K\u00f6nnen im Doppelkegel der BMW Welt. Pianist Guidi hatte Teile seines aktuellen Programms \u201eAvec le temps\u201c mit dabei, f\u00fcr das er sein Trio mit dem aus Chicago stammenden Bassisten Joe Rehmer und dem portugiesischen Schlagzeuger Jo\u00e3o Lobo um zwei prominente italienische Jazz-Gr\u00f6\u00dfen aufgestockt hat: mit dem Tenorsaxophonisten Francesco Bearzatti und dem Gitarristen Roberto Cecchetto. Die f\u00fcnf zeigten italienisch angehauchtes Powerplay von der ersten bis zur letzten Sekunde. Das reichte vom beschwingt-f\u00f6hlichen Calypso bis zur eindringlichen Interpretation des Antikriegslieds \u00fcberhaupt, &#8222;A Hard Rain&#8217;s a-Gonna Fall&#8220; von Bob Dylan.<\/p>\n<div class=\"tiled-gallery type-rectangular tiled-gallery-unresized\" data-original-width=\"840\" data-carousel-extra='{&quot;blog_id&quot;:1,&quot;permalink&quot;:&quot;https:\\\/\\\/www.jazzzeitung.de\\\/cms\\\/2022\\\/04\\\/der-pianist-giovanni-guidi-und-sein-quintett-beim-bmw-welt-jazz-award-2022\\\/&quot;,&quot;likes_blog_id&quot;:55446655}' itemscope itemtype=\"http:\/\/schema.org\/ImageGallery\" > <div class=\"gallery-row\" style=\"width: 840px; height: 624px;\" data-original-width=\"840\" data-original-height=\"624\" > <div class=\"gallery-group images-1\" style=\"width: 417px; height: 624px;\" data-original-width=\"417\" data-original-height=\"624\" > <div class=\"tiled-gallery-item tiled-gallery-item-large\" itemprop=\"associatedMedia\" itemscope itemtype=\"http:\/\/schema.org\/ImageObject\"> <a href=\"https:\/\/www.jazzzeitung.de\/cms\/2022\/04\/der-pianist-giovanni-guidi-und-sein-quintett-beim-bmw-welt-jazz-award-2022\/p1776737-cecchetto-foto-tj-krebs\/\" border=\"0\" itemprop=\"url\"> <meta itemprop=\"width\" content=\"413\"> <meta itemprop=\"height\" content=\"620\"> <img decoding=\"async\" class=\"\" data-attachment-id=\"27124\" data-orig-file=\"https:\/\/www.jazzzeitung.de\/cms\/wp-content\/uploads\/2022\/04\/P1776737-Cecchetto-Foto-TJ-Krebs.jpg\" data-orig-size=\"800,1200\" data-comments-opened=\"1\" data-image-meta=\"{&quot;aperture&quot;:&quot;0&quot;,&quot;credit&quot;:&quot;&quot;,&quot;camera&quot;:&quot;&quot;,&quot;caption&quot;:&quot;&quot;,&quot;created_timestamp&quot;:&quot;0&quot;,&quot;copyright&quot;:&quot;&quot;,&quot;focal_length&quot;:&quot;0&quot;,&quot;iso&quot;:&quot;0&quot;,&quot;shutter_speed&quot;:&quot;0&quot;,&quot;title&quot;:&quot;&quot;,&quot;orientation&quot;:&quot;0&quot;}\" data-image-title=\"\" data-image-description=\"\" data-medium-file=\"https:\/\/i0.wp.com\/www.jazzzeitung.de\/cms\/wp-content\/uploads\/2022\/04\/P1776737-Cecchetto-Foto-TJ-Krebs.jpg?fit=200%2C300&#038;ssl=1\" data-large-file=\"https:\/\/i0.wp.com\/www.jazzzeitung.de\/cms\/wp-content\/uploads\/2022\/04\/P1776737-Cecchetto-Foto-TJ-Krebs.jpg?fit=400%2C600&#038;ssl=1\" src=\"https:\/\/i0.wp.com\/www.jazzzeitung.de\/cms\/wp-content\/uploads\/2022\/04\/P1776737-Cecchetto-Foto-TJ-Krebs.jpg?w=413&#038;h=620&#038;ssl=1\" srcset=\"https:\/\/i0.wp.com\/www.jazzzeitung.de\/cms\/wp-content\/uploads\/2022\/04\/P1776737-Cecchetto-Foto-TJ-Krebs.jpg?w=800&amp;ssl=1 800w, https:\/\/i0.wp.com\/www.jazzzeitung.de\/cms\/wp-content\/uploads\/2022\/04\/P1776737-Cecchetto-Foto-TJ-Krebs.jpg?resize=200%2C300&amp;ssl=1 200w, https:\/\/i0.wp.com\/www.jazzzeitung.de\/cms\/wp-content\/uploads\/2022\/04\/P1776737-Cecchetto-Foto-TJ-Krebs.jpg?resize=400%2C600&amp;ssl=1 400w, https:\/\/i0.wp.com\/www.jazzzeitung.de\/cms\/wp-content\/uploads\/2022\/04\/P1776737-Cecchetto-Foto-TJ-Krebs.jpg?resize=768%2C1152&amp;ssl=1 768w\" width=\"413\" height=\"620\" loading=\"lazy\" data-original-width=\"413\" data-original-height=\"620\" itemprop=\"http:\/\/schema.org\/image\" title=\"\" alt=\"Joe Rehmer. Foto: TJ Krebs\" style=\"width: 413px; height: 620px;\" \/> <\/a> <div class=\"tiled-gallery-caption\" itemprop=\"caption description\"> Joe Rehmer. Foto: TJ Krebs <\/div> <\/div> <\/div> <!-- close group --> <div class=\"gallery-group images-1\" style=\"width: 423px; height: 624px;\" data-original-width=\"423\" data-original-height=\"624\" > <div class=\"tiled-gallery-item tiled-gallery-item-large\" itemprop=\"associatedMedia\" itemscope itemtype=\"http:\/\/schema.org\/ImageObject\"> <a href=\"https:\/\/www.jazzzeitung.de\/cms\/2022\/04\/der-pianist-giovanni-guidi-und-sein-quintett-beim-bmw-welt-jazz-award-2022\/p1776822-bearzatti-guidi-foto-tj-krebs\/\" border=\"0\" itemprop=\"url\"> <meta itemprop=\"width\" content=\"419\"> <meta itemprop=\"height\" content=\"620\"> <img decoding=\"async\" class=\"\" data-attachment-id=\"27125\" data-orig-file=\"https:\/\/www.jazzzeitung.de\/cms\/wp-content\/uploads\/2022\/04\/P1776822-Bearzatti-Guidi-Foto-TJ-Krebs.jpg\" data-orig-size=\"800,1183\" data-comments-opened=\"1\" data-image-meta=\"{&quot;aperture&quot;:&quot;0&quot;,&quot;credit&quot;:&quot;&quot;,&quot;camera&quot;:&quot;&quot;,&quot;caption&quot;:&quot;&quot;,&quot;created_timestamp&quot;:&quot;0&quot;,&quot;copyright&quot;:&quot;&quot;,&quot;focal_length&quot;:&quot;0&quot;,&quot;iso&quot;:&quot;0&quot;,&quot;shutter_speed&quot;:&quot;0&quot;,&quot;title&quot;:&quot;&quot;,&quot;orientation&quot;:&quot;0&quot;}\" data-image-title=\"\" data-image-description=\"\" data-medium-file=\"https:\/\/i0.wp.com\/www.jazzzeitung.de\/cms\/wp-content\/uploads\/2022\/04\/P1776822-Bearzatti-Guidi-Foto-TJ-Krebs.jpg?fit=203%2C300&#038;ssl=1\" data-large-file=\"https:\/\/i0.wp.com\/www.jazzzeitung.de\/cms\/wp-content\/uploads\/2022\/04\/P1776822-Bearzatti-Guidi-Foto-TJ-Krebs.jpg?fit=406%2C600&#038;ssl=1\" src=\"https:\/\/i0.wp.com\/www.jazzzeitung.de\/cms\/wp-content\/uploads\/2022\/04\/P1776822-Bearzatti-Guidi-Foto-TJ-Krebs.jpg?w=419&#038;h=620&#038;ssl=1\" srcset=\"https:\/\/i0.wp.com\/www.jazzzeitung.de\/cms\/wp-content\/uploads\/2022\/04\/P1776822-Bearzatti-Guidi-Foto-TJ-Krebs.jpg?w=800&amp;ssl=1 800w, https:\/\/i0.wp.com\/www.jazzzeitung.de\/cms\/wp-content\/uploads\/2022\/04\/P1776822-Bearzatti-Guidi-Foto-TJ-Krebs.jpg?resize=203%2C300&amp;ssl=1 203w, https:\/\/i0.wp.com\/www.jazzzeitung.de\/cms\/wp-content\/uploads\/2022\/04\/P1776822-Bearzatti-Guidi-Foto-TJ-Krebs.jpg?resize=406%2C600&amp;ssl=1 406w, https:\/\/i0.wp.com\/www.jazzzeitung.de\/cms\/wp-content\/uploads\/2022\/04\/P1776822-Bearzatti-Guidi-Foto-TJ-Krebs.jpg?resize=768%2C1136&amp;ssl=1 768w\" width=\"419\" height=\"620\" loading=\"lazy\" data-original-width=\"419\" data-original-height=\"620\" itemprop=\"http:\/\/schema.org\/image\" title=\"\" alt=\"Francesco Bearzatti und Giovanni Guidi. Foto: TJ Krebs\" style=\"width: 419px; height: 620px;\" \/> <\/a> <div class=\"tiled-gallery-caption\" itemprop=\"caption description\"> Francesco Bearzatti und Giovanni Guidi. Foto: TJ Krebs <\/div> <\/div> <\/div> <!-- close group --> <\/div> <!-- close row --> <div class=\"gallery-row\" style=\"width: 840px; height: 239px;\" data-original-width=\"840\" data-original-height=\"239\" > <div class=\"gallery-group images-1\" style=\"width: 357px; height: 239px;\" data-original-width=\"357\" data-original-height=\"239\" > <div class=\"tiled-gallery-item tiled-gallery-item-large\" itemprop=\"associatedMedia\" itemscope itemtype=\"http:\/\/schema.org\/ImageObject\"> <a href=\"https:\/\/www.jazzzeitung.de\/cms\/2022\/04\/der-pianist-giovanni-guidi-und-sein-quintett-beim-bmw-welt-jazz-award-2022\/p1776841-lobo-foto-tj-krebs\/\" border=\"0\" itemprop=\"url\"> <meta itemprop=\"width\" content=\"353\"> <meta itemprop=\"height\" content=\"235\"> <img decoding=\"async\" class=\"\" data-attachment-id=\"27126\" data-orig-file=\"https:\/\/www.jazzzeitung.de\/cms\/wp-content\/uploads\/2022\/04\/P1776841-Lobo-Foto-TJ-Krebs.jpg\" data-orig-size=\"1200,800\" data-comments-opened=\"1\" data-image-meta=\"{&quot;aperture&quot;:&quot;0&quot;,&quot;credit&quot;:&quot;&quot;,&quot;camera&quot;:&quot;&quot;,&quot;caption&quot;:&quot;&quot;,&quot;created_timestamp&quot;:&quot;0&quot;,&quot;copyright&quot;:&quot;&quot;,&quot;focal_length&quot;:&quot;0&quot;,&quot;iso&quot;:&quot;0&quot;,&quot;shutter_speed&quot;:&quot;0&quot;,&quot;title&quot;:&quot;&quot;,&quot;orientation&quot;:&quot;0&quot;}\" data-image-title=\"\" data-image-description=\"\" data-medium-file=\"https:\/\/i0.wp.com\/www.jazzzeitung.de\/cms\/wp-content\/uploads\/2022\/04\/P1776841-Lobo-Foto-TJ-Krebs.jpg?fit=300%2C200&#038;ssl=1\" data-large-file=\"https:\/\/i0.wp.com\/www.jazzzeitung.de\/cms\/wp-content\/uploads\/2022\/04\/P1776841-Lobo-Foto-TJ-Krebs.jpg?fit=840%2C560&#038;ssl=1\" src=\"https:\/\/i0.wp.com\/www.jazzzeitung.de\/cms\/wp-content\/uploads\/2022\/04\/P1776841-Lobo-Foto-TJ-Krebs.jpg?w=353&#038;h=235&#038;ssl=1\" srcset=\"https:\/\/i0.wp.com\/www.jazzzeitung.de\/cms\/wp-content\/uploads\/2022\/04\/P1776841-Lobo-Foto-TJ-Krebs.jpg?w=1200&amp;ssl=1 1200w, https:\/\/i0.wp.com\/www.jazzzeitung.de\/cms\/wp-content\/uploads\/2022\/04\/P1776841-Lobo-Foto-TJ-Krebs.jpg?resize=300%2C200&amp;ssl=1 300w, https:\/\/i0.wp.com\/www.jazzzeitung.de\/cms\/wp-content\/uploads\/2022\/04\/P1776841-Lobo-Foto-TJ-Krebs.jpg?resize=900%2C600&amp;ssl=1 900w, https:\/\/i0.wp.com\/www.jazzzeitung.de\/cms\/wp-content\/uploads\/2022\/04\/P1776841-Lobo-Foto-TJ-Krebs.jpg?resize=768%2C512&amp;ssl=1 768w, https:\/\/i0.wp.com\/www.jazzzeitung.de\/cms\/wp-content\/uploads\/2022\/04\/P1776841-Lobo-Foto-TJ-Krebs.jpg?resize=120%2C80&amp;ssl=1 120w\" width=\"353\" height=\"235\" loading=\"lazy\" data-original-width=\"353\" data-original-height=\"235\" itemprop=\"http:\/\/schema.org\/image\" title=\"\" alt=\"Jo\u00e3o Lobo. Foto: TJ Krebs\" style=\"width: 353px; height: 235px;\" \/> <\/a> <div class=\"tiled-gallery-caption\" itemprop=\"caption description\"> Jo\u00e3o Lobo. Foto: TJ Krebs <\/div> <\/div> <\/div> <!-- close group --> <div class=\"gallery-group images-1\" style=\"width: 161px; height: 239px;\" data-original-width=\"161\" data-original-height=\"239\" > <div class=\"tiled-gallery-item tiled-gallery-item-small\" itemprop=\"associatedMedia\" itemscope itemtype=\"http:\/\/schema.org\/ImageObject\"> <a href=\"https:\/\/www.jazzzeitung.de\/cms\/2022\/04\/der-pianist-giovanni-guidi-und-sein-quintett-beim-bmw-welt-jazz-award-2022\/p1777006-cecchetto-foto-tj-krebs\/\" border=\"0\" itemprop=\"url\"> <meta itemprop=\"width\" content=\"157\"> <meta itemprop=\"height\" content=\"235\"> <img decoding=\"async\" class=\"\" data-attachment-id=\"27127\" data-orig-file=\"https:\/\/www.jazzzeitung.de\/cms\/wp-content\/uploads\/2022\/04\/P1777006-Cecchetto-Foto-TJ-Krebs.jpg\" data-orig-size=\"800,1200\" data-comments-opened=\"1\" data-image-meta=\"{&quot;aperture&quot;:&quot;0&quot;,&quot;credit&quot;:&quot;&quot;,&quot;camera&quot;:&quot;&quot;,&quot;caption&quot;:&quot;&quot;,&quot;created_timestamp&quot;:&quot;0&quot;,&quot;copyright&quot;:&quot;&quot;,&quot;focal_length&quot;:&quot;0&quot;,&quot;iso&quot;:&quot;0&quot;,&quot;shutter_speed&quot;:&quot;0&quot;,&quot;title&quot;:&quot;&quot;,&quot;orientation&quot;:&quot;0&quot;}\" data-image-title=\"\" data-image-description=\"\" data-medium-file=\"https:\/\/i0.wp.com\/www.jazzzeitung.de\/cms\/wp-content\/uploads\/2022\/04\/P1777006-Cecchetto-Foto-TJ-Krebs.jpg?fit=200%2C300&#038;ssl=1\" data-large-file=\"https:\/\/i0.wp.com\/www.jazzzeitung.de\/cms\/wp-content\/uploads\/2022\/04\/P1777006-Cecchetto-Foto-TJ-Krebs.jpg?fit=400%2C600&#038;ssl=1\" src=\"https:\/\/i0.wp.com\/www.jazzzeitung.de\/cms\/wp-content\/uploads\/2022\/04\/P1777006-Cecchetto-Foto-TJ-Krebs.jpg?w=157&#038;h=235&#038;ssl=1\" srcset=\"https:\/\/i0.wp.com\/www.jazzzeitung.de\/cms\/wp-content\/uploads\/2022\/04\/P1777006-Cecchetto-Foto-TJ-Krebs.jpg?w=800&amp;ssl=1 800w, https:\/\/i0.wp.com\/www.jazzzeitung.de\/cms\/wp-content\/uploads\/2022\/04\/P1777006-Cecchetto-Foto-TJ-Krebs.jpg?resize=200%2C300&amp;ssl=1 200w, https:\/\/i0.wp.com\/www.jazzzeitung.de\/cms\/wp-content\/uploads\/2022\/04\/P1777006-Cecchetto-Foto-TJ-Krebs.jpg?resize=400%2C600&amp;ssl=1 400w, https:\/\/i0.wp.com\/www.jazzzeitung.de\/cms\/wp-content\/uploads\/2022\/04\/P1777006-Cecchetto-Foto-TJ-Krebs.jpg?resize=768%2C1152&amp;ssl=1 768w\" width=\"157\" height=\"235\" loading=\"lazy\" data-original-width=\"157\" data-original-height=\"235\" itemprop=\"http:\/\/schema.org\/image\" title=\"\" alt=\"Roberto Cecchetto. Foto: TJ Krebs\" style=\"width: 157px; height: 235px;\" \/> <\/a> <div class=\"tiled-gallery-caption\" itemprop=\"caption description\"> Roberto Cecchetto. Foto: TJ Krebs <\/div> <\/div> <\/div> <!-- close group --> <div class=\"gallery-group images-1\" style=\"width: 161px; height: 239px;\" data-original-width=\"161\" data-original-height=\"239\" > <div class=\"tiled-gallery-item tiled-gallery-item-small\" itemprop=\"associatedMedia\" itemscope itemtype=\"http:\/\/schema.org\/ImageObject\"> <a href=\"https:\/\/www.jazzzeitung.de\/cms\/2022\/04\/der-pianist-giovanni-guidi-und-sein-quintett-beim-bmw-welt-jazz-award-2022\/p1787033-cecchetto-guidi-bearzatti-foto-tj-krebs\/\" border=\"0\" itemprop=\"url\"> <meta itemprop=\"width\" content=\"157\"> <meta itemprop=\"height\" content=\"235\"> <img decoding=\"async\" class=\"\" data-attachment-id=\"27129\" data-orig-file=\"https:\/\/www.jazzzeitung.de\/cms\/wp-content\/uploads\/2022\/04\/P1787033-Cecchetto-Guidi-Bearzatti-Foto-TJ-Krebs.jpg\" data-orig-size=\"800,1200\" data-comments-opened=\"1\" data-image-meta=\"{&quot;aperture&quot;:&quot;0&quot;,&quot;credit&quot;:&quot;&quot;,&quot;camera&quot;:&quot;&quot;,&quot;caption&quot;:&quot;&quot;,&quot;created_timestamp&quot;:&quot;0&quot;,&quot;copyright&quot;:&quot;&quot;,&quot;focal_length&quot;:&quot;0&quot;,&quot;iso&quot;:&quot;0&quot;,&quot;shutter_speed&quot;:&quot;0&quot;,&quot;title&quot;:&quot;&quot;,&quot;orientation&quot;:&quot;0&quot;}\" data-image-title=\"\" data-image-description=\"\" data-medium-file=\"https:\/\/i0.wp.com\/www.jazzzeitung.de\/cms\/wp-content\/uploads\/2022\/04\/P1787033-Cecchetto-Guidi-Bearzatti-Foto-TJ-Krebs.jpg?fit=200%2C300&#038;ssl=1\" data-large-file=\"https:\/\/i0.wp.com\/www.jazzzeitung.de\/cms\/wp-content\/uploads\/2022\/04\/P1787033-Cecchetto-Guidi-Bearzatti-Foto-TJ-Krebs.jpg?fit=400%2C600&#038;ssl=1\" src=\"https:\/\/i0.wp.com\/www.jazzzeitung.de\/cms\/wp-content\/uploads\/2022\/04\/P1787033-Cecchetto-Guidi-Bearzatti-Foto-TJ-Krebs.jpg?w=157&#038;h=235&#038;ssl=1\" srcset=\"https:\/\/i0.wp.com\/www.jazzzeitung.de\/cms\/wp-content\/uploads\/2022\/04\/P1787033-Cecchetto-Guidi-Bearzatti-Foto-TJ-Krebs.jpg?w=800&amp;ssl=1 800w, https:\/\/i0.wp.com\/www.jazzzeitung.de\/cms\/wp-content\/uploads\/2022\/04\/P1787033-Cecchetto-Guidi-Bearzatti-Foto-TJ-Krebs.jpg?resize=200%2C300&amp;ssl=1 200w, https:\/\/i0.wp.com\/www.jazzzeitung.de\/cms\/wp-content\/uploads\/2022\/04\/P1787033-Cecchetto-Guidi-Bearzatti-Foto-TJ-Krebs.jpg?resize=400%2C600&amp;ssl=1 400w, https:\/\/i0.wp.com\/www.jazzzeitung.de\/cms\/wp-content\/uploads\/2022\/04\/P1787033-Cecchetto-Guidi-Bearzatti-Foto-TJ-Krebs.jpg?resize=768%2C1152&amp;ssl=1 768w\" width=\"157\" height=\"235\" loading=\"lazy\" data-original-width=\"157\" data-original-height=\"235\" itemprop=\"http:\/\/schema.org\/image\" title=\"\" alt=\"Das Giovanni Guidi Quintet beim BMW Welt Jazz Award. Foto: TJ Krebs\" style=\"width: 157px; height: 235px;\" \/> <\/a> <div class=\"tiled-gallery-caption\" itemprop=\"caption description\"> Das Giovanni Guidi Quintet beim BMW Welt Jazz Award. Foto: TJ Krebs <\/div> <\/div> <\/div> <!-- close group --> <div class=\"gallery-group images-1\" style=\"width: 161px; height: 239px;\" data-original-width=\"161\" data-original-height=\"239\" > <div class=\"tiled-gallery-item tiled-gallery-item-small\" itemprop=\"associatedMedia\" itemscope itemtype=\"http:\/\/schema.org\/ImageObject\"> <a href=\"https:\/\/www.jazzzeitung.de\/cms\/2022\/04\/der-pianist-giovanni-guidi-und-sein-quintett-beim-bmw-welt-jazz-award-2022\/p1787054-guidi-foto-tj-krebs\/\" border=\"0\" itemprop=\"url\"> <meta itemprop=\"width\" content=\"157\"> <meta itemprop=\"height\" content=\"235\"> <img decoding=\"async\" class=\"\" data-attachment-id=\"27130\" data-orig-file=\"https:\/\/www.jazzzeitung.de\/cms\/wp-content\/uploads\/2022\/04\/P1787054-Guidi-Foto-TJ-Krebs.jpg\" data-orig-size=\"800,1200\" data-comments-opened=\"1\" data-image-meta=\"{&quot;aperture&quot;:&quot;0&quot;,&quot;credit&quot;:&quot;&quot;,&quot;camera&quot;:&quot;&quot;,&quot;caption&quot;:&quot;&quot;,&quot;created_timestamp&quot;:&quot;0&quot;,&quot;copyright&quot;:&quot;&quot;,&quot;focal_length&quot;:&quot;0&quot;,&quot;iso&quot;:&quot;0&quot;,&quot;shutter_speed&quot;:&quot;0&quot;,&quot;title&quot;:&quot;&quot;,&quot;orientation&quot;:&quot;0&quot;}\" data-image-title=\"P1787054 Guidi &amp;#8211; Foto TJ Krebs\" data-image-description=\"\" data-medium-file=\"https:\/\/i0.wp.com\/www.jazzzeitung.de\/cms\/wp-content\/uploads\/2022\/04\/P1787054-Guidi-Foto-TJ-Krebs.jpg?fit=200%2C300&#038;ssl=1\" data-large-file=\"https:\/\/i0.wp.com\/www.jazzzeitung.de\/cms\/wp-content\/uploads\/2022\/04\/P1787054-Guidi-Foto-TJ-Krebs.jpg?fit=400%2C600&#038;ssl=1\" src=\"https:\/\/i0.wp.com\/www.jazzzeitung.de\/cms\/wp-content\/uploads\/2022\/04\/P1787054-Guidi-Foto-TJ-Krebs.jpg?w=157&#038;h=235&#038;ssl=1\" srcset=\"https:\/\/i0.wp.com\/www.jazzzeitung.de\/cms\/wp-content\/uploads\/2022\/04\/P1787054-Guidi-Foto-TJ-Krebs.jpg?w=800&amp;ssl=1 800w, https:\/\/i0.wp.com\/www.jazzzeitung.de\/cms\/wp-content\/uploads\/2022\/04\/P1787054-Guidi-Foto-TJ-Krebs.jpg?resize=200%2C300&amp;ssl=1 200w, https:\/\/i0.wp.com\/www.jazzzeitung.de\/cms\/wp-content\/uploads\/2022\/04\/P1787054-Guidi-Foto-TJ-Krebs.jpg?resize=400%2C600&amp;ssl=1 400w, https:\/\/i0.wp.com\/www.jazzzeitung.de\/cms\/wp-content\/uploads\/2022\/04\/P1787054-Guidi-Foto-TJ-Krebs.jpg?resize=768%2C1152&amp;ssl=1 768w\" width=\"157\" height=\"235\" loading=\"lazy\" data-original-width=\"157\" data-original-height=\"235\" itemprop=\"http:\/\/schema.org\/image\" title=\"P1787054 Guidi - Foto TJ Krebs\" alt=\"Giovanni Guidi. Foto: TJ Krebs\" style=\"width: 157px; height: 235px;\" \/> <\/a> <div class=\"tiled-gallery-caption\" itemprop=\"caption description\"> Giovanni Guidi. Foto: TJ Krebs <\/div> <\/div> <\/div> <!-- close group --> <\/div> <!-- close row --> <\/div>\n<p>Das n\u00e4chste <a href=\"https:\/\/www.bmw-welt.com\/de\/experience\/jazz-award-2022.html\">Wettbewerbskonzert im Doppelkegel der BMW Welt<\/a> bestreitet der spanische Pianist Marco Mezquida mit seinem Trio am Dienstagabend, den 19. Aptril 2022.<\/p>\n","protected":false},"excerpt":{"rendered":"<p>Gestern, am Dienstag den 12. April, zeigte das Giovanni Guidi Quintet sein K\u00f6nnen im Doppelkegel der BMW Welt. Pianist Guidi hatte Teile seines aktuellen Programms \u201eAvec le temps\u201c mit dabei, f\u00fcr das er sein Trio mit dem aus Chicago stammenden Bassisten Joe Rehmer und dem portugiesischen Schlagzeuger Jo\u00e3o Lobo um zwei prominente italienische Jazz-Gr\u00f6\u00dfen aufgestockt hat: mit dem Tenorsaxophonisten Francesco Bearzatti und dem Gitarristen Roberto Cecchetto. Die f\u00fcnf zeigten italienisch angehauchtes Powerplay von der ersten bis zur letzten Sekunde. Das reichte vom beschwingt-f\u00f6hlichen Calypso bis zur eindringlichen Interpretation des Antikriegslieds \u00fcberhaupt, &#8222;A Hard Rain&#8217;s a-Gonna Fall&#8220; von Bob Dylan. Das n\u00e4chste Wettbewerbskonzert im Doppelkegel der BMW Welt bestreitet der spanische Pianist Marco Mezquida mit seinem Trio am Dienstagabend, den 19. Aptril 2022.<\/p>\n","protected":false},"author":18,"featured_media":27123,"comment_status":"open","ping_status":"closed","sticky":false,"template":"","format":"standard","meta":{"_jetpack_memberships_contains_paid_content":false,"footnotes":"","jetpack_publicize_message":"","jetpack_publicize_feature_enabled":true,"jetpack_social_post_already_shared":false,"jetpack_social_options":{"image_generator_settings":{"template":"highway","default_image_id":0,"font":"","enabled":false},"version":2}},"categories":[652,633],"tags":[3420,4061,1615,4062],"coauthors":[695],"class_list":["post-27114","post","type-post","status-publish","format-standard","has-post-thumbnail","hentry","category-galerie","category-nachrichten","tag-bmw-welt-bmw-welt-jazzaward","tag-francesco-bearzatti","tag-giovanni-guidi","tag-roberto-cecchetto"],"yoast_head":"<!-- This site is optimized with the Yoast SEO plugin v27.5 - https:\/\/yoast.com\/product\/yoast-seo-wordpress\/ -->\n<title>Der Pianist Giovanni Guidi und sein Quintett beim BMW Welt Jazz Award 2022 - JazzZeitung<\/title>\n<meta name=\"robots\" content=\"index, follow, max-snippet:-1, max-image-preview:large, max-video-preview:-1\" \/>\n<link rel=\"canonical\" href=\"https:\/\/www.jazzzeitung.de\/cms\/2022\/04\/der-pianist-giovanni-guidi-und-sein-quintett-beim-bmw-welt-jazz-award-2022\/\" \/>\n<meta property=\"og:locale\" content=\"de_DE\" \/>\n<meta property=\"og:type\" content=\"article\" \/>\n<meta property=\"og:title\" content=\"Der Pianist Giovanni Guidi und sein Quintett beim BMW Welt Jazz Award 2022 - JazzZeitung\" \/>\n<meta property=\"og:description\" content=\"Gestern, am Dienstag den 12. April, zeigte das Giovanni Guidi Quintet sein K\u00f6nnen im Doppelkegel der BMW Welt. Pianist Guidi hatte Teile seines aktuellen Programms \u201eAvec le temps\u201c mit dabei, f\u00fcr das er sein Trio mit dem aus Chicago stammenden Bassisten Joe Rehmer und dem portugiesischen Schlagzeuger Jo\u00e3o Lobo um zwei prominente italienische Jazz-Gr\u00f6\u00dfen aufgestockt hat: mit dem Tenorsaxophonisten Francesco Bearzatti und dem Gitarristen Roberto Cecchetto. Die f\u00fcnf zeigten italienisch angehauchtes Powerplay von der ersten bis zur letzten Sekunde. Das reichte vom beschwingt-f\u00f6hlichen Calypso bis zur eindringlichen Interpretation des Antikriegslieds \u00fcberhaupt, &#8222;A Hard Rain&#8217;s a-Gonna Fall&#8220; von Bob Dylan. Das n\u00e4chste Wettbewerbskonzert im Doppelkegel der BMW Welt bestreitet der spanische Pianist Marco Mezquida mit seinem Trio am Dienstagabend, den 19. Aptril 2022.\" \/>\n<meta property=\"og:url\" content=\"https:\/\/www.jazzzeitung.de\/cms\/2022\/04\/der-pianist-giovanni-guidi-und-sein-quintett-beim-bmw-welt-jazz-award-2022\/\" \/>\n<meta property=\"og:site_name\" content=\"JazzZeitung\" \/>\n<meta property=\"article:publisher\" content=\"https:\/\/www.facebook.com\/JazzZeitung\/\" \/>\n<meta property=\"article:published_time\" content=\"2022-04-13T10:18:03+00:00\" \/>\n<meta property=\"og:image\" content=\"https:\/\/i0.wp.com\/www.jazzzeitung.de\/cms\/wp-content\/uploads\/2022\/04\/P1776982-Guidi-Quintett-Foto-TJ-Krebs.jpg?fit=1200%2C800&ssl=1\" \/>\n\t<meta property=\"og:image:width\" content=\"1200\" \/>\n\t<meta property=\"og:image:height\" content=\"800\" \/>\n\t<meta property=\"og:image:type\" content=\"image\/jpeg\" \/>\n<meta name=\"author\" content=\"Redaktion JazzZeitung\" \/>\n<script type=\"application\/ld+json\" class=\"yoast-schema-graph\">{\"@context\":\"https:\\\/\\\/schema.org\",\"@graph\":[{\"@type\":\"Article\",\"@id\":\"https:\\\/\\\/www.jazzzeitung.de\\\/cms\\\/2022\\\/04\\\/der-pianist-giovanni-guidi-und-sein-quintett-beim-bmw-welt-jazz-award-2022\\\/#article\",\"isPartOf\":{\"@id\":\"https:\\\/\\\/www.jazzzeitung.de\\\/cms\\\/2022\\\/04\\\/der-pianist-giovanni-guidi-und-sein-quintett-beim-bmw-welt-jazz-award-2022\\\/\"},\"author\":{\"name\":\"Redaktion JazzZeitung\",\"@id\":\"https:\\\/\\\/www.jazzzeitung.de\\\/cms\\\/#\\\/schema\\\/person\\\/2245b36b9cd1d24cea10f01c031fb92b\"},\"headline\":\"Der Pianist Giovanni Guidi und sein Quintett beim BMW Welt Jazz Award 2022\",\"datePublished\":\"2022-04-13T10:18:03+00:00\",\"mainEntityOfPage\":{\"@id\":\"https:\\\/\\\/www.jazzzeitung.de\\\/cms\\\/2022\\\/04\\\/der-pianist-giovanni-guidi-und-sein-quintett-beim-bmw-welt-jazz-award-2022\\\/\"},\"wordCount\":143,\"commentCount\":0,\"publisher\":{\"@id\":\"https:\\\/\\\/www.jazzzeitung.de\\\/cms\\\/#organization\"},\"image\":{\"@id\":\"https:\\\/\\\/www.jazzzeitung.de\\\/cms\\\/2022\\\/04\\\/der-pianist-giovanni-guidi-und-sein-quintett-beim-bmw-welt-jazz-award-2022\\\/#primaryimage\"},\"thumbnailUrl\":\"https:\\\/\\\/i0.wp.com\\\/www.jazzzeitung.de\\\/cms\\\/wp-content\\\/uploads\\\/2022\\\/04\\\/P1776982-Guidi-Quintett-Foto-TJ-Krebs.jpg?fit=1200%2C800&ssl=1\",\"keywords\":[\"BMW Welt BMW Welt JazzAward\",\"Francesco Bearzatti\",\"Giovanni Guidi\",\"Roberto Cecchetto\"],\"articleSection\":[\"Galerie\",\"News\"],\"inLanguage\":\"de\",\"potentialAction\":[{\"@type\":\"CommentAction\",\"name\":\"Comment\",\"target\":[\"https:\\\/\\\/www.jazzzeitung.de\\\/cms\\\/2022\\\/04\\\/der-pianist-giovanni-guidi-und-sein-quintett-beim-bmw-welt-jazz-award-2022\\\/#respond\"]}]},{\"@type\":\"WebPage\",\"@id\":\"https:\\\/\\\/www.jazzzeitung.de\\\/cms\\\/2022\\\/04\\\/der-pianist-giovanni-guidi-und-sein-quintett-beim-bmw-welt-jazz-award-2022\\\/\",\"url\":\"https:\\\/\\\/www.jazzzeitung.de\\\/cms\\\/2022\\\/04\\\/der-pianist-giovanni-guidi-und-sein-quintett-beim-bmw-welt-jazz-award-2022\\\/\",\"name\":\"Der Pianist Giovanni Guidi und sein Quintett beim BMW Welt Jazz Award 2022 - JazzZeitung\",\"isPartOf\":{\"@id\":\"https:\\\/\\\/www.jazzzeitung.de\\\/cms\\\/#website\"},\"primaryImageOfPage\":{\"@id\":\"https:\\\/\\\/www.jazzzeitung.de\\\/cms\\\/2022\\\/04\\\/der-pianist-giovanni-guidi-und-sein-quintett-beim-bmw-welt-jazz-award-2022\\\/#primaryimage\"},\"image\":{\"@id\":\"https:\\\/\\\/www.jazzzeitung.de\\\/cms\\\/2022\\\/04\\\/der-pianist-giovanni-guidi-und-sein-quintett-beim-bmw-welt-jazz-award-2022\\\/#primaryimage\"},\"thumbnailUrl\":\"https:\\\/\\\/i0.wp.com\\\/www.jazzzeitung.de\\\/cms\\\/wp-content\\\/uploads\\\/2022\\\/04\\\/P1776982-Guidi-Quintett-Foto-TJ-Krebs.jpg?fit=1200%2C800&ssl=1\",\"datePublished\":\"2022-04-13T10:18:03+00:00\",\"breadcrumb\":{\"@id\":\"https:\\\/\\\/www.jazzzeitung.de\\\/cms\\\/2022\\\/04\\\/der-pianist-giovanni-guidi-und-sein-quintett-beim-bmw-welt-jazz-award-2022\\\/#breadcrumb\"},\"inLanguage\":\"de\",\"potentialAction\":[{\"@type\":\"ReadAction\",\"target\":[\"https:\\\/\\\/www.jazzzeitung.de\\\/cms\\\/2022\\\/04\\\/der-pianist-giovanni-guidi-und-sein-quintett-beim-bmw-welt-jazz-award-2022\\\/\"]}]},{\"@type\":\"ImageObject\",\"inLanguage\":\"de\",\"@id\":\"https:\\\/\\\/www.jazzzeitung.de\\\/cms\\\/2022\\\/04\\\/der-pianist-giovanni-guidi-und-sein-quintett-beim-bmw-welt-jazz-award-2022\\\/#primaryimage\",\"url\":\"https:\\\/\\\/i0.wp.com\\\/www.jazzzeitung.de\\\/cms\\\/wp-content\\\/uploads\\\/2022\\\/04\\\/P1776982-Guidi-Quintett-Foto-TJ-Krebs.jpg?fit=1200%2C800&ssl=1\",\"contentUrl\":\"https:\\\/\\\/i0.wp.com\\\/www.jazzzeitung.de\\\/cms\\\/wp-content\\\/uploads\\\/2022\\\/04\\\/P1776982-Guidi-Quintett-Foto-TJ-Krebs.jpg?fit=1200%2C800&ssl=1\",\"width\":1200,\"height\":800},{\"@type\":\"BreadcrumbList\",\"@id\":\"https:\\\/\\\/www.jazzzeitung.de\\\/cms\\\/2022\\\/04\\\/der-pianist-giovanni-guidi-und-sein-quintett-beim-bmw-welt-jazz-award-2022\\\/#breadcrumb\",\"itemListElement\":[{\"@type\":\"ListItem\",\"position\":1,\"name\":\"Startseite\",\"item\":\"https:\\\/\\\/www.jazzzeitung.de\\\/cms\\\/\"},{\"@type\":\"ListItem\",\"position\":2,\"name\":\"Der Pianist Giovanni Guidi und sein Quintett beim BMW Welt Jazz Award 2022\"}]},{\"@type\":\"WebSite\",\"@id\":\"https:\\\/\\\/www.jazzzeitung.de\\\/cms\\\/#website\",\"url\":\"https:\\\/\\\/www.jazzzeitung.de\\\/cms\\\/\",\"name\":\"JazzZeitung\",\"description\":\"Jazz-News und Jazz-Kontroverses\",\"publisher\":{\"@id\":\"https:\\\/\\\/www.jazzzeitung.de\\\/cms\\\/#organization\"},\"potentialAction\":[{\"@type\":\"SearchAction\",\"target\":{\"@type\":\"EntryPoint\",\"urlTemplate\":\"https:\\\/\\\/www.jazzzeitung.de\\\/cms\\\/?s={search_term_string}\"},\"query-input\":{\"@type\":\"PropertyValueSpecification\",\"valueRequired\":true,\"valueName\":\"search_term_string\"}}],\"inLanguage\":\"de\"},{\"@type\":\"Organization\",\"@id\":\"https:\\\/\\\/www.jazzzeitung.de\\\/cms\\\/#organization\",\"name\":\"JazzZeitung online\",\"url\":\"https:\\\/\\\/www.jazzzeitung.de\\\/cms\\\/\",\"logo\":{\"@type\":\"ImageObject\",\"inLanguage\":\"de\",\"@id\":\"https:\\\/\\\/www.jazzzeitung.de\\\/cms\\\/#\\\/schema\\\/logo\\\/image\\\/\",\"url\":\"https:\\\/\\\/i0.wp.com\\\/www.jazzzeitung.de\\\/cms\\\/wp-content\\\/uploads\\\/2015\\\/08\\\/JAZZZEITUNGDE_Logo_Neu.png?fit=499%2C200&ssl=1\",\"contentUrl\":\"https:\\\/\\\/i0.wp.com\\\/www.jazzzeitung.de\\\/cms\\\/wp-content\\\/uploads\\\/2015\\\/08\\\/JAZZZEITUNGDE_Logo_Neu.png?fit=499%2C200&ssl=1\",\"width\":499,\"height\":200,\"caption\":\"JazzZeitung online\"},\"image\":{\"@id\":\"https:\\\/\\\/www.jazzzeitung.de\\\/cms\\\/#\\\/schema\\\/logo\\\/image\\\/\"},\"sameAs\":[\"https:\\\/\\\/www.facebook.com\\\/JazzZeitung\\\/\"]},{\"@type\":\"Person\",\"@id\":\"https:\\\/\\\/www.jazzzeitung.de\\\/cms\\\/#\\\/schema\\\/person\\\/2245b36b9cd1d24cea10f01c031fb92b\",\"name\":\"Redaktion JazzZeitung\",\"image\":{\"@type\":\"ImageObject\",\"inLanguage\":\"de\",\"@id\":\"https:\\\/\\\/i0.wp.com\\\/www.jazzzeitung.de\\\/cms\\\/wp-content\\\/uploads\\\/2015\\\/08\\\/JAZZZEITUNGDE_Logo_Neu.png?resize=96%2C96&ssl=159975dcacb611b5700bd619b5daf0a7a\",\"url\":\"https:\\\/\\\/i0.wp.com\\\/www.jazzzeitung.de\\\/cms\\\/wp-content\\\/uploads\\\/2015\\\/08\\\/JAZZZEITUNGDE_Logo_Neu.png?resize=96%2C96&ssl=1\",\"contentUrl\":\"https:\\\/\\\/i0.wp.com\\\/www.jazzzeitung.de\\\/cms\\\/wp-content\\\/uploads\\\/2015\\\/08\\\/JAZZZEITUNGDE_Logo_Neu.png?resize=96%2C96&ssl=1\",\"caption\":\"Redaktion JazzZeitung\"},\"description\":\"Artikel der Redaktion der JazzZeitung.\",\"sameAs\":[\"http:\\\/\\\/www.jazzzeitung.de\\\/cms\\\/\"],\"url\":\"https:\\\/\\\/www.jazzzeitung.de\\\/cms\\\/author\\\/redaktion\\\/\"}]}<\/script>\n<!-- \/ Yoast SEO plugin. -->","yoast_head_json":{"title":"Der Pianist Giovanni Guidi und sein Quintett beim BMW Welt Jazz Award 2022 - JazzZeitung","robots":{"index":"index","follow":"follow","max-snippet":"max-snippet:-1","max-image-preview":"max-image-preview:large","max-video-preview":"max-video-preview:-1"},"canonical":"https:\/\/www.jazzzeitung.de\/cms\/2022\/04\/der-pianist-giovanni-guidi-und-sein-quintett-beim-bmw-welt-jazz-award-2022\/","og_locale":"de_DE","og_type":"article","og_title":"Der Pianist Giovanni Guidi und sein Quintett beim BMW Welt Jazz Award 2022 - JazzZeitung","og_description":"Gestern, am Dienstag den 12. April, zeigte das Giovanni Guidi Quintet sein K\u00f6nnen im Doppelkegel der BMW Welt. Pianist Guidi hatte Teile seines aktuellen Programms \u201eAvec le temps\u201c mit dabei, f\u00fcr das er sein Trio mit dem aus Chicago stammenden Bassisten Joe Rehmer und dem portugiesischen Schlagzeuger Jo\u00e3o Lobo um zwei prominente italienische Jazz-Gr\u00f6\u00dfen aufgestockt hat: mit dem Tenorsaxophonisten Francesco Bearzatti und dem Gitarristen Roberto Cecchetto. Die f\u00fcnf zeigten italienisch angehauchtes Powerplay von der ersten bis zur letzten Sekunde. Das reichte vom beschwingt-f\u00f6hlichen Calypso bis zur eindringlichen Interpretation des Antikriegslieds \u00fcberhaupt, &#8222;A Hard Rain&#8217;s a-Gonna Fall&#8220; von Bob Dylan. Das n\u00e4chste Wettbewerbskonzert im Doppelkegel der BMW Welt bestreitet der spanische Pianist Marco Mezquida mit seinem Trio am Dienstagabend, den 19. Aptril 2022.","og_url":"https:\/\/www.jazzzeitung.de\/cms\/2022\/04\/der-pianist-giovanni-guidi-und-sein-quintett-beim-bmw-welt-jazz-award-2022\/","og_site_name":"JazzZeitung","article_publisher":"https:\/\/www.facebook.com\/JazzZeitung\/","article_published_time":"2022-04-13T10:18:03+00:00","og_image":[{"width":1200,"height":800,"url":"https:\/\/i0.wp.com\/www.jazzzeitung.de\/cms\/wp-content\/uploads\/2022\/04\/P1776982-Guidi-Quintett-Foto-TJ-Krebs.jpg?fit=1200%2C800&ssl=1","type":"image\/jpeg"}],"author":"Redaktion JazzZeitung","schema":{"@context":"https:\/\/schema.org","@graph":[{"@type":"Article","@id":"https:\/\/www.jazzzeitung.de\/cms\/2022\/04\/der-pianist-giovanni-guidi-und-sein-quintett-beim-bmw-welt-jazz-award-2022\/#article","isPartOf":{"@id":"https:\/\/www.jazzzeitung.de\/cms\/2022\/04\/der-pianist-giovanni-guidi-und-sein-quintett-beim-bmw-welt-jazz-award-2022\/"},"author":{"name":"Redaktion JazzZeitung","@id":"https:\/\/www.jazzzeitung.de\/cms\/#\/schema\/person\/2245b36b9cd1d24cea10f01c031fb92b"},"headline":"Der Pianist Giovanni Guidi und sein Quintett beim BMW Welt Jazz Award 2022","datePublished":"2022-04-13T10:18:03+00:00","mainEntityOfPage":{"@id":"https:\/\/www.jazzzeitung.de\/cms\/2022\/04\/der-pianist-giovanni-guidi-und-sein-quintett-beim-bmw-welt-jazz-award-2022\/"},"wordCount":143,"commentCount":0,"publisher":{"@id":"https:\/\/www.jazzzeitung.de\/cms\/#organization"},"image":{"@id":"https:\/\/www.jazzzeitung.de\/cms\/2022\/04\/der-pianist-giovanni-guidi-und-sein-quintett-beim-bmw-welt-jazz-award-2022\/#primaryimage"},"thumbnailUrl":"https:\/\/i0.wp.com\/www.jazzzeitung.de\/cms\/wp-content\/uploads\/2022\/04\/P1776982-Guidi-Quintett-Foto-TJ-Krebs.jpg?fit=1200%2C800&ssl=1","keywords":["BMW Welt BMW Welt JazzAward","Francesco Bearzatti","Giovanni Guidi","Roberto Cecchetto"],"articleSection":["Galerie","News"],"inLanguage":"de","potentialAction":[{"@type":"CommentAction","name":"Comment","target":["https:\/\/www.jazzzeitung.de\/cms\/2022\/04\/der-pianist-giovanni-guidi-und-sein-quintett-beim-bmw-welt-jazz-award-2022\/#respond"]}]},{"@type":"WebPage","@id":"https:\/\/www.jazzzeitung.de\/cms\/2022\/04\/der-pianist-giovanni-guidi-und-sein-quintett-beim-bmw-welt-jazz-award-2022\/","url":"https:\/\/www.jazzzeitung.de\/cms\/2022\/04\/der-pianist-giovanni-guidi-und-sein-quintett-beim-bmw-welt-jazz-award-2022\/","name":"Der Pianist Giovanni Guidi und sein Quintett beim BMW Welt Jazz Award 2022 - JazzZeitung","isPartOf":{"@id":"https:\/\/www.jazzzeitung.de\/cms\/#website"},"primaryImageOfPage":{"@id":"https:\/\/www.jazzzeitung.de\/cms\/2022\/04\/der-pianist-giovanni-guidi-und-sein-quintett-beim-bmw-welt-jazz-award-2022\/#primaryimage"},"image":{"@id":"https:\/\/www.jazzzeitung.de\/cms\/2022\/04\/der-pianist-giovanni-guidi-und-sein-quintett-beim-bmw-welt-jazz-award-2022\/#primaryimage"},"thumbnailUrl":"https:\/\/i0.wp.com\/www.jazzzeitung.de\/cms\/wp-content\/uploads\/2022\/04\/P1776982-Guidi-Quintett-Foto-TJ-Krebs.jpg?fit=1200%2C800&ssl=1","datePublished":"2022-04-13T10:18:03+00:00","breadcrumb":{"@id":"https:\/\/www.jazzzeitung.de\/cms\/2022\/04\/der-pianist-giovanni-guidi-und-sein-quintett-beim-bmw-welt-jazz-award-2022\/#breadcrumb"},"inLanguage":"de","potentialAction":[{"@type":"ReadAction","target":["https:\/\/www.jazzzeitung.de\/cms\/2022\/04\/der-pianist-giovanni-guidi-und-sein-quintett-beim-bmw-welt-jazz-award-2022\/"]}]},{"@type":"ImageObject","inLanguage":"de","@id":"https:\/\/www.jazzzeitung.de\/cms\/2022\/04\/der-pianist-giovanni-guidi-und-sein-quintett-beim-bmw-welt-jazz-award-2022\/#primaryimage","url":"https:\/\/i0.wp.com\/www.jazzzeitung.de\/cms\/wp-content\/uploads\/2022\/04\/P1776982-Guidi-Quintett-Foto-TJ-Krebs.jpg?fit=1200%2C800&ssl=1","contentUrl":"https:\/\/i0.wp.com\/www.jazzzeitung.de\/cms\/wp-content\/uploads\/2022\/04\/P1776982-Guidi-Quintett-Foto-TJ-Krebs.jpg?fit=1200%2C800&ssl=1","width":1200,"height":800},{"@type":"BreadcrumbList","@id":"https:\/\/www.jazzzeitung.de\/cms\/2022\/04\/der-pianist-giovanni-guidi-und-sein-quintett-beim-bmw-welt-jazz-award-2022\/#breadcrumb","itemListElement":[{"@type":"ListItem","position":1,"name":"Startseite","item":"https:\/\/www.jazzzeitung.de\/cms\/"},{"@type":"ListItem","position":2,"name":"Der Pianist Giovanni Guidi und sein Quintett beim BMW Welt Jazz Award 2022"}]},{"@type":"WebSite","@id":"https:\/\/www.jazzzeitung.de\/cms\/#website","url":"https:\/\/www.jazzzeitung.de\/cms\/","name":"JazzZeitung","description":"Jazz-News und Jazz-Kontroverses","publisher":{"@id":"https:\/\/www.jazzzeitung.de\/cms\/#organization"},"potentialAction":[{"@type":"SearchAction","target":{"@type":"EntryPoint","urlTemplate":"https:\/\/www.jazzzeitung.de\/cms\/?s={search_term_string}"},"query-input":{"@type":"PropertyValueSpecification","valueRequired":true,"valueName":"search_term_string"}}],"inLanguage":"de"},{"@type":"Organization","@id":"https:\/\/www.jazzzeitung.de\/cms\/#organization","name":"JazzZeitung online","url":"https:\/\/www.jazzzeitung.de\/cms\/","logo":{"@type":"ImageObject","inLanguage":"de","@id":"https:\/\/www.jazzzeitung.de\/cms\/#\/schema\/logo\/image\/","url":"https:\/\/i0.wp.com\/www.jazzzeitung.de\/cms\/wp-content\/uploads\/2015\/08\/JAZZZEITUNGDE_Logo_Neu.png?fit=499%2C200&ssl=1","contentUrl":"https:\/\/i0.wp.com\/www.jazzzeitung.de\/cms\/wp-content\/uploads\/2015\/08\/JAZZZEITUNGDE_Logo_Neu.png?fit=499%2C200&ssl=1","width":499,"height":200,"caption":"JazzZeitung online"},"image":{"@id":"https:\/\/www.jazzzeitung.de\/cms\/#\/schema\/logo\/image\/"},"sameAs":["https:\/\/www.facebook.com\/JazzZeitung\/"]},{"@type":"Person","@id":"https:\/\/www.jazzzeitung.de\/cms\/#\/schema\/person\/2245b36b9cd1d24cea10f01c031fb92b","name":"Redaktion JazzZeitung","image":{"@type":"ImageObject","inLanguage":"de","@id":"https:\/\/i0.wp.com\/www.jazzzeitung.de\/cms\/wp-content\/uploads\/2015\/08\/JAZZZEITUNGDE_Logo_Neu.png?resize=96%2C96&ssl=159975dcacb611b5700bd619b5daf0a7a","url":"https:\/\/i0.wp.com\/www.jazzzeitung.de\/cms\/wp-content\/uploads\/2015\/08\/JAZZZEITUNGDE_Logo_Neu.png?resize=96%2C96&ssl=1","contentUrl":"https:\/\/i0.wp.com\/www.jazzzeitung.de\/cms\/wp-content\/uploads\/2015\/08\/JAZZZEITUNGDE_Logo_Neu.png?resize=96%2C96&ssl=1","caption":"Redaktion JazzZeitung"},"description":"Artikel der Redaktion der JazzZeitung.","sameAs":["http:\/\/www.jazzzeitung.de\/cms\/"],"url":"https:\/\/www.jazzzeitung.de\/cms\/author\/redaktion\/"}]}},"wp-worthy-pixel":{"ignored":false,"public":null,"server":null,"url":null},"wp-worthy-type":"normal","jetpack_publicize_connections":[],"cc_featured_image_caption":{"caption_text":"","source_text":"","source_url":""},"jetpack_featured_media_url":"https:\/\/i0.wp.com\/www.jazzzeitung.de\/cms\/wp-content\/uploads\/2022\/04\/P1776982-Guidi-Quintett-Foto-TJ-Krebs.jpg?fit=1200%2C800&ssl=1","jetpack_shortlink":"https:\/\/wp.me\/p3KEcT-73k","jetpack-related-posts":[{"id":27206,"url":"https:\/\/www.jazzzeitung.de\/cms\/2022\/04\/britischer-pianist-ashly-henry-mit-erweiterem-trio-beim-bmw-welt-jazz-award-2022anat-fort-und-giovanni-guidi-bestreiten-das-finale\/","url_meta":{"origin":27114,"position":0},"title":"+++Britischer Pianist Ashly Henry mit erweitertem Trio beim BMW Welt Jazz Award 2022+++Anat Fort und Giovanni Guidi bestreiten das Finale im Juli+++","author":"Redaktion JazzZeitung","date":"28. April 2022","format":false,"excerpt":"Das sechste Konzert des BMW Welt Jazz Award 2022 spielte vorgestern der Pianist Ashley Henry mit seinem Ensemble. Die letzte Soiree der Competition bestritt damit der j\u00fcngste Teilnehmer vor vollem Haus. Der 30-j\u00e4hrige Londoner Pianist schloss erst 2016 sein Studium an der Royal Academy of Music ab. Freilich eilte ihm\u2026","rel":"","context":"In &quot;Galerie&quot;","block_context":{"text":"Galerie","link":"https:\/\/www.jazzzeitung.de\/cms\/thema\/galerie\/"},"img":{"alt_text":"","src":"https:\/\/i0.wp.com\/www.jazzzeitung.de\/cms\/wp-content\/uploads\/2022\/04\/P1809161-Ashley-Henry-Quartett-Foto-TJ-Krebs.jpg?fit=1200%2C800&ssl=1&resize=350%2C200","width":350,"height":200,"srcset":"https:\/\/i0.wp.com\/www.jazzzeitung.de\/cms\/wp-content\/uploads\/2022\/04\/P1809161-Ashley-Henry-Quartett-Foto-TJ-Krebs.jpg?fit=1200%2C800&ssl=1&resize=350%2C200 1x, https:\/\/i0.wp.com\/www.jazzzeitung.de\/cms\/wp-content\/uploads\/2022\/04\/P1809161-Ashley-Henry-Quartett-Foto-TJ-Krebs.jpg?fit=1200%2C800&ssl=1&resize=525%2C300 1.5x, https:\/\/i0.wp.com\/www.jazzzeitung.de\/cms\/wp-content\/uploads\/2022\/04\/P1809161-Ashley-Henry-Quartett-Foto-TJ-Krebs.jpg?fit=1200%2C800&ssl=1&resize=700%2C400 2x, https:\/\/i0.wp.com\/www.jazzzeitung.de\/cms\/wp-content\/uploads\/2022\/04\/P1809161-Ashley-Henry-Quartett-Foto-TJ-Krebs.jpg?fit=1200%2C800&ssl=1&resize=1050%2C600 3x"},"classes":[]},{"id":22093,"url":"https:\/\/www.jazzzeitung.de\/cms\/2020\/03\/news-suedtirol-jazz-festival-altoadige\/","url_meta":{"origin":27114,"position":1},"title":"news+++ BMW Welt Jazz Award: Giovanni Guidi Konzert wg. COVID-19 ersatzlos gestrichen +++ S\u00fcdtirol Jazzfestival Altoadige stellt sein Programm 2020 vor +++","author":"Redaktion JazzZeitung","date":"9. M\u00e4rz 2020","format":false,"excerpt":"BMW Welt Jazz Award: Giovanni Guidi Konzert wg. COVID-19 ersatzlos gestrichen Aufgrund der aktuellen Entwicklungen und weiterer Ausweitung der Corona Risikogebiete in Norditalien hat der BMW AG Krisenstab heute Morgen entschieden, zum Schutze der Mitarbeiter und der G\u00e4ste das letzte Konzert des BMW Welt Jazz Award ersatzlos zu streichen. Die\u2026","rel":"","context":"In &quot;News&quot;","block_context":{"text":"News","link":"https:\/\/www.jazzzeitung.de\/cms\/thema\/nachrichten\/"},"img":{"alt_text":"","src":"https:\/\/i0.wp.com\/www.jazzzeitung.de\/cms\/wp-content\/uploads\/2020\/03\/Guidi_Copyright_1600x1067px.jpg?fit=1200%2C800&ssl=1&resize=350%2C200","width":350,"height":200,"srcset":"https:\/\/i0.wp.com\/www.jazzzeitung.de\/cms\/wp-content\/uploads\/2020\/03\/Guidi_Copyright_1600x1067px.jpg?fit=1200%2C800&ssl=1&resize=350%2C200 1x, https:\/\/i0.wp.com\/www.jazzzeitung.de\/cms\/wp-content\/uploads\/2020\/03\/Guidi_Copyright_1600x1067px.jpg?fit=1200%2C800&ssl=1&resize=525%2C300 1.5x, https:\/\/i0.wp.com\/www.jazzzeitung.de\/cms\/wp-content\/uploads\/2020\/03\/Guidi_Copyright_1600x1067px.jpg?fit=1200%2C800&ssl=1&resize=700%2C400 2x, https:\/\/i0.wp.com\/www.jazzzeitung.de\/cms\/wp-content\/uploads\/2020\/03\/Guidi_Copyright_1600x1067px.jpg?fit=1200%2C800&ssl=1&resize=1050%2C600 3x"},"classes":[]},{"id":27541,"url":"https:\/\/www.jazzzeitung.de\/cms\/2022\/06\/news-neuer-finalist-beim-bmw-welt-jazz-awardfinale-2022-das-marco-mezquida-trio\/","url_meta":{"origin":27114,"position":2},"title":"+++ news +++ Neuer Finalist beim BMW Welt Jazz Award Finale 2022: das Marco Mezquida Trio +++","author":"Redaktion JazzZeitung","date":"15. Juni 2022","format":false,"excerpt":"\"Anat Fort und Giovanni Guidi bestreiten das Finale\" hie\u00df es Ende April noch an dieser Stelle. Obwohl jeder Teilnehmer des BMW Welt Awards mit seiner Teilnahme am Wettbewerb die Zusage gibt, im Fall einer positiven Juryentscheidung auch das Finale zu spielen, musste Giovanni Guidi kurzfristig absagen. F\u00fcr die Jury stellte\u2026","rel":"","context":"In &quot;News&quot;","block_context":{"text":"News","link":"https:\/\/www.jazzzeitung.de\/cms\/thema\/nachrichten\/"},"img":{"alt_text":"","src":"https:\/\/i0.wp.com\/www.jazzzeitung.de\/cms\/wp-content\/uploads\/2022\/01\/P90449764_highRes_bmw-welt-jazz-award--scaled.jpg?fit=1200%2C800&ssl=1&resize=350%2C200","width":350,"height":200,"srcset":"https:\/\/i0.wp.com\/www.jazzzeitung.de\/cms\/wp-content\/uploads\/2022\/01\/P90449764_highRes_bmw-welt-jazz-award--scaled.jpg?fit=1200%2C800&ssl=1&resize=350%2C200 1x, https:\/\/i0.wp.com\/www.jazzzeitung.de\/cms\/wp-content\/uploads\/2022\/01\/P90449764_highRes_bmw-welt-jazz-award--scaled.jpg?fit=1200%2C800&ssl=1&resize=525%2C300 1.5x, https:\/\/i0.wp.com\/www.jazzzeitung.de\/cms\/wp-content\/uploads\/2022\/01\/P90449764_highRes_bmw-welt-jazz-award--scaled.jpg?fit=1200%2C800&ssl=1&resize=700%2C400 2x, https:\/\/i0.wp.com\/www.jazzzeitung.de\/cms\/wp-content\/uploads\/2022\/01\/P90449764_highRes_bmw-welt-jazz-award--scaled.jpg?fit=1200%2C800&ssl=1&resize=1050%2C600 3x"},"classes":[]},{"id":22344,"url":"https:\/\/www.jazzzeitung.de\/cms\/2020\/04\/newsbmw-welt-jazz-award-finale-auf-anfang-2021-verschoben\/","url_meta":{"origin":27114,"position":3},"title":"news+++BMW Welt Jazz Award Finale auf Anfang 2021 verschoben+++","author":"Redaktion JazzZeitung","date":"14. April 2020","format":false,"excerpt":"M\u00fcnchen. Nach den spannenden Konzerten des diesj\u00e4hrigen BMW Welt Jazz Award im Doppelkegel der BMW Welt hat die Jury jetzt die Finalisten bekannt gegeben: Adam Ba\u0142dych Quartet und Peter Gall Quintet. Mit dem diesj\u00e4hrigen Motto \u201eThe Melody at Night\u201c besann sich der BMW Welt Jazz Award auf die Wurzeln des\u2026","rel":"","context":"In &quot;News&quot;","block_context":{"text":"News","link":"https:\/\/www.jazzzeitung.de\/cms\/thema\/nachrichten\/"},"img":{"alt_text":"","src":"https:\/\/i0.wp.com\/www.jazzzeitung.de\/cms\/wp-content\/uploads\/2020\/04\/P90332903_highRes_bmw-welt-jazz-award--scaled.jpg?fit=800%2C1200&ssl=1&resize=350%2C200","width":350,"height":200,"srcset":"https:\/\/i0.wp.com\/www.jazzzeitung.de\/cms\/wp-content\/uploads\/2020\/04\/P90332903_highRes_bmw-welt-jazz-award--scaled.jpg?fit=800%2C1200&ssl=1&resize=350%2C200 1x, https:\/\/i0.wp.com\/www.jazzzeitung.de\/cms\/wp-content\/uploads\/2020\/04\/P90332903_highRes_bmw-welt-jazz-award--scaled.jpg?fit=800%2C1200&ssl=1&resize=525%2C300 1.5x, https:\/\/i0.wp.com\/www.jazzzeitung.de\/cms\/wp-content\/uploads\/2020\/04\/P90332903_highRes_bmw-welt-jazz-award--scaled.jpg?fit=800%2C1200&ssl=1&resize=700%2C400 2x"},"classes":[]},{"id":21670,"url":"https:\/\/www.jazzzeitung.de\/cms\/2020\/01\/news-dienstag-after-work-der-bmw-welt-jazz-award-2020-will-jacobs-in-oberthulba\/","url_meta":{"origin":27114,"position":4},"title":"+++ news +++ Dienstag after work: Der BMW Welt Jazz Award 2020 +++ Will Jacobs in Oberthulba +++","author":"Redaktion JazzZeitung","date":"14. Januar 2020","format":false,"excerpt":"+++ Dienstag after work: Der BMW Welt Jazz Award 2020 +++ Bereits zum 12. Mal findet dieses Jahr der BMW Welt Jazz Award statt: allerdings nicht l\u00e4nger Sonntagvormittag, sondern zwischen 14. Januar und 10. M\u00e4rz an sechs Dienstag-Abenden im Doppelkegel der BMW Welt. Die Veranstalter stellen in diesem Jahr alles\u2026","rel":"","context":"In &quot;News&quot;","block_context":{"text":"News","link":"https:\/\/www.jazzzeitung.de\/cms\/thema\/nachrichten\/"},"img":{"alt_text":"","src":"https:\/\/i0.wp.com\/www.jazzzeitung.de\/cms\/wp-content\/uploads\/2020\/01\/Maciej_Obara-04_12x18_300dpi_c_Pakzad.jpg?fit=1200%2C799&ssl=1&resize=350%2C200","width":350,"height":200,"srcset":"https:\/\/i0.wp.com\/www.jazzzeitung.de\/cms\/wp-content\/uploads\/2020\/01\/Maciej_Obara-04_12x18_300dpi_c_Pakzad.jpg?fit=1200%2C799&ssl=1&resize=350%2C200 1x, https:\/\/i0.wp.com\/www.jazzzeitung.de\/cms\/wp-content\/uploads\/2020\/01\/Maciej_Obara-04_12x18_300dpi_c_Pakzad.jpg?fit=1200%2C799&ssl=1&resize=525%2C300 1.5x, https:\/\/i0.wp.com\/www.jazzzeitung.de\/cms\/wp-content\/uploads\/2020\/01\/Maciej_Obara-04_12x18_300dpi_c_Pakzad.jpg?fit=1200%2C799&ssl=1&resize=700%2C400 2x, https:\/\/i0.wp.com\/www.jazzzeitung.de\/cms\/wp-content\/uploads\/2020\/01\/Maciej_Obara-04_12x18_300dpi_c_Pakzad.jpg?fit=1200%2C799&ssl=1&resize=1050%2C600 3x"},"classes":[]},{"id":27751,"url":"https:\/\/www.jazzzeitung.de\/cms\/2022\/07\/marco-mezquida-trio-gewinnt-bmw-welt-jazz-award-2022\/","url_meta":{"origin":27114,"position":5},"title":"Marco Mezquida Trio gewinnt BMW Welt Jazz Award 2022","author":"Redaktion JazzZeitung","date":"11. Juli 2022","format":false,"excerpt":"M\u00fcnchen. Beim Finale des BMW Welt Jazz Award 2022 am vergangenen Samstag konnte das Marco Mezquida Trio die Experten-Jury von sich \u00fcberzeugen. Zusammen mit Aleix Tobias am Schlagzeug und Mart\u00edn Mel\u00e9ndez am Cello setzte sich der Pianist Marco Mezquida am Samstagabend beim Finale im Auditorium der BMW Welt gegen das\u2026","rel":"","context":"In &quot;News&quot;","block_context":{"text":"News","link":"https:\/\/www.jazzzeitung.de\/cms\/thema\/nachrichten\/"},"img":{"alt_text":"","src":"https:\/\/i0.wp.com\/www.jazzzeitung.de\/cms\/wp-content\/uploads\/2022\/07\/P1957019-Mezquida-Foto-TJ-Krebs.jpg?fit=1200%2C822&ssl=1&resize=350%2C200","width":350,"height":200,"srcset":"https:\/\/i0.wp.com\/www.jazzzeitung.de\/cms\/wp-content\/uploads\/2022\/07\/P1957019-Mezquida-Foto-TJ-Krebs.jpg?fit=1200%2C822&ssl=1&resize=350%2C200 1x, https:\/\/i0.wp.com\/www.jazzzeitung.de\/cms\/wp-content\/uploads\/2022\/07\/P1957019-Mezquida-Foto-TJ-Krebs.jpg?fit=1200%2C822&ssl=1&resize=525%2C300 1.5x, https:\/\/i0.wp.com\/www.jazzzeitung.de\/cms\/wp-content\/uploads\/2022\/07\/P1957019-Mezquida-Foto-TJ-Krebs.jpg?fit=1200%2C822&ssl=1&resize=700%2C400 2x, https:\/\/i0.wp.com\/www.jazzzeitung.de\/cms\/wp-content\/uploads\/2022\/07\/P1957019-Mezquida-Foto-TJ-Krebs.jpg?fit=1200%2C822&ssl=1&resize=1050%2C600 3x"},"classes":[]}],"jetpack_sharing_enabled":true,"_links":{"self":[{"href":"https:\/\/www.jazzzeitung.de\/cms\/wp-json\/wp\/v2\/posts\/27114","targetHints":{"allow":["GET"]}}],"collection":[{"href":"https:\/\/www.jazzzeitung.de\/cms\/wp-json\/wp\/v2\/posts"}],"about":[{"href":"https:\/\/www.jazzzeitung.de\/cms\/wp-json\/wp\/v2\/types\/post"}],"author":[{"embeddable":true,"href":"https:\/\/www.jazzzeitung.de\/cms\/wp-json\/wp\/v2\/users\/18"}],"replies":[{"embeddable":true,"href":"https:\/\/www.jazzzeitung.de\/cms\/wp-json\/wp\/v2\/comments?post=27114"}],"version-history":[{"count":10,"href":"https:\/\/www.jazzzeitung.de\/cms\/wp-json\/wp\/v2\/posts\/27114\/revisions"}],"predecessor-version":[{"id":27140,"href":"https:\/\/www.jazzzeitung.de\/cms\/wp-json\/wp\/v2\/posts\/27114\/revisions\/27140"}],"wp:featuredmedia":[{"embeddable":true,"href":"https:\/\/www.jazzzeitung.de\/cms\/wp-json\/wp\/v2\/media\/27123"}],"wp:attachment":[{"href":"https:\/\/www.jazzzeitung.de\/cms\/wp-json\/wp\/v2\/media?parent=27114"}],"wp:term":[{"taxonomy":"category","embeddable":true,"href":"https:\/\/www.jazzzeitung.de\/cms\/wp-json\/wp\/v2\/categories?post=27114"},{"taxonomy":"post_tag","embeddable":true,"href":"https:\/\/www.jazzzeitung.de\/cms\/wp-json\/wp\/v2\/tags?post=27114"},{"taxonomy":"author","embeddable":true,"href":"https:\/\/www.jazzzeitung.de\/cms\/wp-json\/wp\/v2\/coauthors?post=27114"}],"curies":[{"name":"wp","href":"https:\/\/api.w.org\/{rel}","templated":true}]}}