{"id":27101,"date":"2022-04-12T11:00:00","date_gmt":"2022-04-12T09:00:00","guid":{"rendered":"https:\/\/www.jazzzeitung.de\/cms\/?p=27101"},"modified":"2022-04-12T10:46:46","modified_gmt":"2022-04-12T08:46:46","slug":"digitale-akademie-insight-jazz_is_my_democracy","status":"publish","type":"post","link":"https:\/\/www.jazzzeitung.de\/cms\/2022\/04\/digitale-akademie-insight-jazz_is_my_democracy\/","title":{"rendered":"+++ News +++ Start der Digitalen Akademie \u201cInsight Out\u201d der DJU +++ Jazz und Gender \u2013 Lesung im Frankfurter Salon+++"},"content":{"rendered":"<div class=\"ZpV9q\">\n<h3 class=\"qL5op -EN5- D4II4\" tabindex=\"-1\" data-hook=\"post-title\">+++ Silodenken \u00fcberwinden +++<\/h3>\n<\/div>\n<div class=\"SFQRB\" data-hook=\"post-description\">\n<article class=\"blog-post-page-font\">\n<div class=\"post-content__body\">\n<div class=\"DHTiu\">\n<div class=\"DHTiu\">\n<div class=\"LUaQN qUxWM _3Z+zE\" data-rce-version=\"8.70.33\">\n<div class=\"kvdbP ZUTsX SO4Kx _1O7aH\" dir=\"ltr\" data-id=\"rich-content-viewer\">\n<div class=\"_1hN1O NwZmu _3EPBy\">\n<div data-hook=\"rcv-block9\">Die Digitale Akademie \u201cInsight Out\u201d der Deutschen Jazzunion startet am 7. April ins Sommersemester. In w\u00f6chentlichen Online-Veranstaltungen zu einem breiten Spektrum an jazz- und berufspolitischen Fragestellungen aus den Bereichen Diversit\u00e4t, Nachhaltigkeit, Bildung und weiteren Themenkomplexen stehen Austausch und Diskurs im Zentrum. Neben Workshopformaten z\u00e4hlen auch<br \/>\nhochkar\u00e4tig besetzte Panels zum kostenlosen Angebot der Digitalen Akademie.<br \/>\nAnette von Eichel, Vorstandsmitglied der Deutschen Jazzunion:<br \/>\n\u201cSilodenken \u00fcberwinden &#8211; out of the box denken! Das hat Jazz als Kulturform immer stark gemacht. Mit der Digitalen Akademie \u201cInsight Out\u201d wollen wir Jazzmusiker*innen und -p\u00e4dagog*innen Einblicke in bestehende Strukturen mit ihren Privilegierungen und Diskriminierungen erm\u00f6glichen. Dabei wollen wir unseren Fokus mehr und mehr darauf richten, wie genau verschiedene Formen<br \/>\nder Ausgrenzung miteinander verbunden sind.\u201d<br \/>\nMit der Digitalen Akademie \u201cInsight Out\u201d m\u00f6chte die Deutsche Jazzunion dazu beitragen, berufspolitische und gesellschaftliche Herausforderungen nicht l\u00e4nger isoliert voneinander zu betrachten. Mehrere Veranstaltung nehmen die Jazzlandschaft in Deutschland aus intersektionaler Perspektive in den Fokus.<\/div>\n<div data-hook=\"rcv-block9\"><\/div>\n<div data-hook=\"rcv-block9\"><strong>Veranstaltungs\u00fcbersicht Digitale Akademie \u201cInsight Out\u201d im April 2022:<\/strong><br \/>\n14.04.2022 | 10.00 Uhr | Phillipp Schoof | Workshop | How To Jazzmusiker*in &#8211; Teil II<br \/>\n20.04.2022 | 17.00 Uhr | Tanja Witten | Workshop | Wertsch\u00e4tzende Kommunikation<br \/>\nim Jazz-Alltag<br \/>\n28.04.2022 | 16.00 Uhr | Prof. Anette von Eichel \/ Prof. Anne Mette Iversen \/ Dr.<br \/>\nFrank Dorn \/ Mascha Corman | Moderation: Sina-Mareike Schulte \/ Jakob Fraisse |<br \/>\nPanel | Insight Out @ jazzahead!: R\u00fcckenwind f\u00fcr die musikalische<br \/>\nBildung\u2013Diskussion zum Potenzial von Improvisierter Musik und Jazz in der<br \/>\nMusikp\u00e4dagogik<br \/>\n30.04.2022 | 11.45 Uhr | Dr. Reimar Volke \/ Athina Kontou \/ Lars Thor Jensen \/ Paul<br \/>\nJarret | Moderation: Fine Stammnitz | Panel | Insight Out @ jazzahead!: Crisis as a<br \/>\nchance \u2013Live jazz performance in times of global transformation<br \/>\n30.04.2022 | 13.00 Uhr | Dr. Monika Herzig \/ Dr. Laura Block | Panel | Insight Out @<br \/>\njazzahead!: Historical and social context of gender imbalances in jaz<\/div>\n<div data-hook=\"rcv-block10\">\n<div data-hook=\"rcv-block9\">Weitere Informationen &amp; Anmeldung unter:<br \/>\n<a href=\"https:\/\/www.deutsche-jazzunion.de\/digitale-akademie\">https:\/\/www.deutsche-jazzunion.de\/digitale-akademie<\/a><\/div>\n<\/div>\n<\/div>\n<\/div>\n<\/div>\n<div data-hook=\"rcv-block9\"><\/div>\n<div class=\"LUaQN qUxWM _3Z+zE\" data-rce-version=\"8.70.33\">\n<div class=\"kvdbP ZUTsX SO4Kx _1O7aH\" dir=\"ltr\" data-id=\"rich-content-viewer\">\n<div class=\"_1hN1O NwZmu _3EPBy\">\n<h3 data-hook=\"rcv-block20\"><\/h3>\n<h3 data-hook=\"rcv-block20\">+++ Jazz is my democracy in Frankfurt +++<\/h3>\n<\/div>\n<\/div>\n<\/div>\n<\/div>\n<\/div>\n<\/div>\n<\/article>\n<\/div>\n<p><strong>MELODIVA &amp; Jazz Montez pr\u00e4sentieren: \u201cJazz is my democracy\u2026?\u201d Vol. 1 \u2013 Lesung &amp; Offene Gespr\u00e4chsrunde im Rahmen der Woche der Meinungsfreiheit. Am 04.05.2022 \u2013 19:30 Uhr im <a href=\"https:\/\/www.frankfurtersalon.de\/\">frankfurtersalon. <\/a><\/strong><strong>Mit Dr. Monika Herzig (Jazzpianistin, Musikwissenschaftlerin, USA), Nina Hacker (Jazzmusikerin, Instrumentallehrerin, Frankfurt), Johanna Schneider (S\u00e4ngerin, Vorstand Deutsche Jazzunion, Mitgr\u00fcnderin PENG! Kollektiv &amp; Festival, Bamberg).<br \/>\n<\/strong><\/p>\n<p>Jazz is my democracy\u2026? Jazz gilt als Musik der Freiheit und Demokratie, Musiker<em>innen sch\u00e4tzen die Freiheit der Improvisation und sich k\u00fcnstlerisch \u201efrei\u201c ausdr\u00fccken zu k\u00f6nnen. Aber wer hat \u00fcberhaupt Zugang zum Jazz? Wer \u201edarf\u201c die Musik \u00f6ffentlich aus\u00fcben? Gibt es H\u00fcrden, sodass der Zugang zu dieser Musik wenigen in unserer Gesellschaft vorbehalten bleibt? Welche Gateways sind unverzichtbar, um den Jazz kennenlernen und aus\u00fcben zu k\u00f6nnen und um eine erfolgreiche Karriere und Akzeptanz in der Jazzszene zu erreichen? Welche Rolle spielen Vorbilder und all female<\/em> Bands dabei? Und wie w\u00fcrde eine gleichberechtigte Teilhabe den Jazz ver\u00e4ndern? Diesen und weiteren Fragen wollen sich die Veranstalter mit ihren G\u00e4sten und dem Publikum ann\u00e4hern.<\/p>\n<h3>Jazz &amp; Gender<\/h3>\n<p>In ihrer\u00a0<strong>Lesung<\/strong>\u00a0stellt die Jazzmusikerin und Musikwissenschafterin<strong>\u00a0Dr. Monika Herzig<\/strong>\u00a0(Hg.) ein Kapitel aus dem kommenden Sammelband \u201eJazz &amp; Gender\u201c vor (V\u00d6: Juni 22). Darin geht sie auf die wichtige Rolle von all female* Bands ein, die ihren Mitgliedern Auftritts- und Karrierechancen, sichere Umgebungen sowie Unterst\u00fctzung in sozialen Fragen bieten, aber auch unsere gesellschaftliche Wahrnehmung ver\u00e4ndern und Stereotype \u00fcberwinden. Ein wichtiger Schritt in Richtung gleichberechtigter Teilhabe, die am Ende gar in einen Kulturwandel m\u00fcndet: hin zum gemeinschaftlichen Aspekt des Musizierens und weg vom M\u00e4nnlichkeits- und Konkurrenzdenken<em>.<\/em>\u00a0\u201eOnce such parity is achieved the music will represent the democratic principles of creating jazz in true fashion\u201d.<\/p>\n<p>Danach ist das Publikum zu einer <strong>offenen Gespr\u00e4chsrunde<\/strong> mit weiteren G\u00e4sten geladen: Die Jazzbassistin und Instrumentalp\u00e4dagogin <strong>Nina Hacker<\/strong>\u00a0unterrichtet an der Musikschule Frankfurt und betreut Schuljazz- und Bandprojekte, in gemischten Gruppen und nur f\u00fcr M\u00e4dchen*. Die S\u00e4ngerin\u00a0<strong>Johanna Schneider<\/strong>\u00a0ist Co-Initiatorin des feministischen Jazzkollektivs PENG und des gleichnamigen Festivals in K\u00f6ln, sie ist im Vorstand der Deutschen Jazzunion und arbeitet dort in der AG Gender &amp; Diversity mit.<\/p>\n<p>Ort:\u00a0<a href=\"https:\/\/www.frankfurtersalon.de\/\">frankfurtersalon<\/a>, Braubachstra\u00dfe 32, 60311 Frankfurt<\/p>\n<p>Eintritt frei (Spenden erw\u00fcnscht)<\/p>\n","protected":false},"excerpt":{"rendered":"<p>+++ Silodenken \u00fcberwinden +++ Die Digitale Akademie \u201cInsight Out\u201d der Deutschen Jazzunion startet am 7. April ins Sommersemester. In w\u00f6chentlichen Online-Veranstaltungen zu einem breiten Spektrum an jazz- und berufspolitischen Fragestellungen aus den Bereichen Diversit\u00e4t, Nachhaltigkeit, Bildung und weiteren Themenkomplexen stehen Austausch und Diskurs im Zentrum. Neben Workshopformaten z\u00e4hlen auch hochkar\u00e4tig besetzte Panels zum kostenlosen Angebot der Digitalen Akademie. Anette von Eichel, Vorstandsmitglied der Deutschen Jazzunion: \u201cSilodenken \u00fcberwinden &#8211; out of the box denken! Das hat Jazz als Kulturform immer stark gemacht. Mit der Digitalen Akademie \u201cInsight Out\u201d wollen wir Jazzmusiker*innen und -p\u00e4dagog*innen Einblicke in bestehende Strukturen mit ihren Privilegierungen und Diskriminierungen erm\u00f6glichen. Dabei wollen wir unseren Fokus mehr und mehr darauf richten, wie genau verschiedene Formen der Ausgrenzung miteinander verbunden sind.\u201d Mit der Digitalen Akademie \u201cInsight Out\u201d m\u00f6chte die Deutsche Jazzunion dazu beitragen, berufspolitische und gesellschaftliche Herausforderungen nicht l\u00e4nger isoliert voneinander zu betrachten. Mehrere Veranstaltung nehmen die Jazzlandschaft in Deutschland aus intersektionaler Perspektive in den Fokus. Veranstaltungs\u00fcbersicht Digitale Akademie \u201cInsight Out\u201d im April 2022: 14.04.2022 | 10.00 Uhr | Phillipp Schoof | Workshop | How To Jazzmusiker*in &#8211; Teil II 20.04.2022 | 17.00 Uhr | &hellip;<\/p>\n","protected":false},"author":18,"featured_media":19592,"comment_status":"open","ping_status":"closed","sticky":false,"template":"","format":"standard","meta":{"_jetpack_memberships_contains_paid_content":false,"footnotes":"","jetpack_publicize_message":"","jetpack_publicize_feature_enabled":true,"jetpack_social_post_already_shared":false,"jetpack_social_options":{"image_generator_settings":{"template":"highway","default_image_id":0,"font":"","enabled":false},"version":2}},"categories":[633],"tags":[2445,3892,4054,4057,4055,4056,2703],"coauthors":[695],"class_list":["post-27101","post","type-post","status-publish","format-standard","has-post-thumbnail","hentry","category-nachrichten","tag-deutsche-jazzunion","tag-digitale-akademie","tag-frauen-musik-buero","tag-johanna-schneider","tag-monika-herzig","tag-nina-hacker","tag-peng"],"yoast_head":"<!-- This site is optimized with the Yoast SEO plugin v27.5 - https:\/\/yoast.com\/product\/yoast-seo-wordpress\/ -->\n<title>+++ News +++ Start der Digitalen Akademie \u201cInsight Out\u201d der DJU +++ Jazz und Gender \u2013 Lesung im Frankfurter Salon+++ - JazzZeitung<\/title>\n<meta name=\"robots\" content=\"index, follow, max-snippet:-1, max-image-preview:large, max-video-preview:-1\" \/>\n<link rel=\"canonical\" href=\"https:\/\/www.jazzzeitung.de\/cms\/2022\/04\/digitale-akademie-insight-jazz_is_my_democracy\/\" \/>\n<meta property=\"og:locale\" content=\"de_DE\" \/>\n<meta property=\"og:type\" content=\"article\" \/>\n<meta property=\"og:title\" content=\"+++ News +++ Start der Digitalen Akademie \u201cInsight Out\u201d der DJU +++ Jazz und Gender \u2013 Lesung im Frankfurter Salon+++ - JazzZeitung\" \/>\n<meta property=\"og:description\" content=\"+++ Silodenken \u00fcberwinden +++ Die Digitale Akademie \u201cInsight Out\u201d der Deutschen Jazzunion startet am 7. April ins Sommersemester. In w\u00f6chentlichen Online-Veranstaltungen zu einem breiten Spektrum an jazz- und berufspolitischen Fragestellungen aus den Bereichen Diversit\u00e4t, Nachhaltigkeit, Bildung und weiteren Themenkomplexen stehen Austausch und Diskurs im Zentrum. Neben Workshopformaten z\u00e4hlen auch hochkar\u00e4tig besetzte Panels zum kostenlosen Angebot der Digitalen Akademie. Anette von Eichel, Vorstandsmitglied der Deutschen Jazzunion: \u201cSilodenken \u00fcberwinden &#8211; out of the box denken! Das hat Jazz als Kulturform immer stark gemacht. Mit der Digitalen Akademie \u201cInsight Out\u201d wollen wir Jazzmusiker*innen und -p\u00e4dagog*innen Einblicke in bestehende Strukturen mit ihren Privilegierungen und Diskriminierungen erm\u00f6glichen. Dabei wollen wir unseren Fokus mehr und mehr darauf richten, wie genau verschiedene Formen der Ausgrenzung miteinander verbunden sind.\u201d Mit der Digitalen Akademie \u201cInsight Out\u201d m\u00f6chte die Deutsche Jazzunion dazu beitragen, berufspolitische und gesellschaftliche Herausforderungen nicht l\u00e4nger isoliert voneinander zu betrachten. Mehrere Veranstaltung nehmen die Jazzlandschaft in Deutschland aus intersektionaler Perspektive in den Fokus. Veranstaltungs\u00fcbersicht Digitale Akademie \u201cInsight Out\u201d im April 2022: 14.04.2022 | 10.00 Uhr | Phillipp Schoof | Workshop | How To Jazzmusiker*in &#8211; Teil II 20.04.2022 | 17.00 Uhr | &hellip;\" \/>\n<meta property=\"og:url\" content=\"https:\/\/www.jazzzeitung.de\/cms\/2022\/04\/digitale-akademie-insight-jazz_is_my_democracy\/\" \/>\n<meta property=\"og:site_name\" content=\"JazzZeitung\" \/>\n<meta property=\"article:publisher\" content=\"https:\/\/www.facebook.com\/JazzZeitung\/\" \/>\n<meta property=\"article:published_time\" content=\"2022-04-12T09:00:00+00:00\" \/>\n<meta property=\"og:image\" content=\"https:\/\/i0.wp.com\/www.jazzzeitung.de\/cms\/wp-content\/uploads\/2019\/05\/DeutscheJazzunion.png?fit=811%2C456&ssl=1\" \/>\n\t<meta property=\"og:image:width\" content=\"811\" \/>\n\t<meta property=\"og:image:height\" content=\"456\" \/>\n\t<meta property=\"og:image:type\" content=\"image\/png\" \/>\n<meta name=\"author\" content=\"Redaktion JazzZeitung\" \/>\n<script type=\"application\/ld+json\" class=\"yoast-schema-graph\">{\"@context\":\"https:\\\/\\\/schema.org\",\"@graph\":[{\"@type\":\"Article\",\"@id\":\"https:\\\/\\\/www.jazzzeitung.de\\\/cms\\\/2022\\\/04\\\/digitale-akademie-insight-jazz_is_my_democracy\\\/#article\",\"isPartOf\":{\"@id\":\"https:\\\/\\\/www.jazzzeitung.de\\\/cms\\\/2022\\\/04\\\/digitale-akademie-insight-jazz_is_my_democracy\\\/\"},\"author\":{\"name\":\"Redaktion JazzZeitung\",\"@id\":\"https:\\\/\\\/www.jazzzeitung.de\\\/cms\\\/#\\\/schema\\\/person\\\/2245b36b9cd1d24cea10f01c031fb92b\"},\"headline\":\"+++ News +++ Start der Digitalen Akademie \u201cInsight Out\u201d der DJU +++ Jazz und Gender \u2013 Lesung im Frankfurter Salon+++\",\"datePublished\":\"2022-04-12T09:00:00+00:00\",\"mainEntityOfPage\":{\"@id\":\"https:\\\/\\\/www.jazzzeitung.de\\\/cms\\\/2022\\\/04\\\/digitale-akademie-insight-jazz_is_my_democracy\\\/\"},\"wordCount\":685,\"commentCount\":0,\"publisher\":{\"@id\":\"https:\\\/\\\/www.jazzzeitung.de\\\/cms\\\/#organization\"},\"image\":{\"@id\":\"https:\\\/\\\/www.jazzzeitung.de\\\/cms\\\/2022\\\/04\\\/digitale-akademie-insight-jazz_is_my_democracy\\\/#primaryimage\"},\"thumbnailUrl\":\"https:\\\/\\\/i0.wp.com\\\/www.jazzzeitung.de\\\/cms\\\/wp-content\\\/uploads\\\/2019\\\/05\\\/DeutscheJazzunion.png?fit=811%2C456&ssl=1\",\"keywords\":[\"Deutsche Jazzunion\",\"Digitale Akademie\",\"Frauen Musik B\u00fcro\",\"Johanna Schneider\",\"Monika Herzig\",\"Nina Hacker\",\"PENG\"],\"articleSection\":[\"News\"],\"inLanguage\":\"de\",\"potentialAction\":[{\"@type\":\"CommentAction\",\"name\":\"Comment\",\"target\":[\"https:\\\/\\\/www.jazzzeitung.de\\\/cms\\\/2022\\\/04\\\/digitale-akademie-insight-jazz_is_my_democracy\\\/#respond\"]}]},{\"@type\":\"WebPage\",\"@id\":\"https:\\\/\\\/www.jazzzeitung.de\\\/cms\\\/2022\\\/04\\\/digitale-akademie-insight-jazz_is_my_democracy\\\/\",\"url\":\"https:\\\/\\\/www.jazzzeitung.de\\\/cms\\\/2022\\\/04\\\/digitale-akademie-insight-jazz_is_my_democracy\\\/\",\"name\":\"+++ News +++ Start der Digitalen Akademie \u201cInsight Out\u201d der DJU +++ Jazz und Gender \u2013 Lesung im Frankfurter Salon+++ - JazzZeitung\",\"isPartOf\":{\"@id\":\"https:\\\/\\\/www.jazzzeitung.de\\\/cms\\\/#website\"},\"primaryImageOfPage\":{\"@id\":\"https:\\\/\\\/www.jazzzeitung.de\\\/cms\\\/2022\\\/04\\\/digitale-akademie-insight-jazz_is_my_democracy\\\/#primaryimage\"},\"image\":{\"@id\":\"https:\\\/\\\/www.jazzzeitung.de\\\/cms\\\/2022\\\/04\\\/digitale-akademie-insight-jazz_is_my_democracy\\\/#primaryimage\"},\"thumbnailUrl\":\"https:\\\/\\\/i0.wp.com\\\/www.jazzzeitung.de\\\/cms\\\/wp-content\\\/uploads\\\/2019\\\/05\\\/DeutscheJazzunion.png?fit=811%2C456&ssl=1\",\"datePublished\":\"2022-04-12T09:00:00+00:00\",\"breadcrumb\":{\"@id\":\"https:\\\/\\\/www.jazzzeitung.de\\\/cms\\\/2022\\\/04\\\/digitale-akademie-insight-jazz_is_my_democracy\\\/#breadcrumb\"},\"inLanguage\":\"de\",\"potentialAction\":[{\"@type\":\"ReadAction\",\"target\":[\"https:\\\/\\\/www.jazzzeitung.de\\\/cms\\\/2022\\\/04\\\/digitale-akademie-insight-jazz_is_my_democracy\\\/\"]}]},{\"@type\":\"ImageObject\",\"inLanguage\":\"de\",\"@id\":\"https:\\\/\\\/www.jazzzeitung.de\\\/cms\\\/2022\\\/04\\\/digitale-akademie-insight-jazz_is_my_democracy\\\/#primaryimage\",\"url\":\"https:\\\/\\\/i0.wp.com\\\/www.jazzzeitung.de\\\/cms\\\/wp-content\\\/uploads\\\/2019\\\/05\\\/DeutscheJazzunion.png?fit=811%2C456&ssl=1\",\"contentUrl\":\"https:\\\/\\\/i0.wp.com\\\/www.jazzzeitung.de\\\/cms\\\/wp-content\\\/uploads\\\/2019\\\/05\\\/DeutscheJazzunion.png?fit=811%2C456&ssl=1\",\"width\":811,\"height\":456,\"caption\":\"Logo der Deutschen Jazzunion\"},{\"@type\":\"BreadcrumbList\",\"@id\":\"https:\\\/\\\/www.jazzzeitung.de\\\/cms\\\/2022\\\/04\\\/digitale-akademie-insight-jazz_is_my_democracy\\\/#breadcrumb\",\"itemListElement\":[{\"@type\":\"ListItem\",\"position\":1,\"name\":\"Startseite\",\"item\":\"https:\\\/\\\/www.jazzzeitung.de\\\/cms\\\/\"},{\"@type\":\"ListItem\",\"position\":2,\"name\":\"+++ News +++ Start der Digitalen Akademie \u201cInsight Out\u201d der DJU +++ Jazz und Gender \u2013 Lesung im Frankfurter Salon+++\"}]},{\"@type\":\"WebSite\",\"@id\":\"https:\\\/\\\/www.jazzzeitung.de\\\/cms\\\/#website\",\"url\":\"https:\\\/\\\/www.jazzzeitung.de\\\/cms\\\/\",\"name\":\"JazzZeitung\",\"description\":\"Jazz-News und Jazz-Kontroverses\",\"publisher\":{\"@id\":\"https:\\\/\\\/www.jazzzeitung.de\\\/cms\\\/#organization\"},\"potentialAction\":[{\"@type\":\"SearchAction\",\"target\":{\"@type\":\"EntryPoint\",\"urlTemplate\":\"https:\\\/\\\/www.jazzzeitung.de\\\/cms\\\/?s={search_term_string}\"},\"query-input\":{\"@type\":\"PropertyValueSpecification\",\"valueRequired\":true,\"valueName\":\"search_term_string\"}}],\"inLanguage\":\"de\"},{\"@type\":\"Organization\",\"@id\":\"https:\\\/\\\/www.jazzzeitung.de\\\/cms\\\/#organization\",\"name\":\"JazzZeitung online\",\"url\":\"https:\\\/\\\/www.jazzzeitung.de\\\/cms\\\/\",\"logo\":{\"@type\":\"ImageObject\",\"inLanguage\":\"de\",\"@id\":\"https:\\\/\\\/www.jazzzeitung.de\\\/cms\\\/#\\\/schema\\\/logo\\\/image\\\/\",\"url\":\"https:\\\/\\\/i0.wp.com\\\/www.jazzzeitung.de\\\/cms\\\/wp-content\\\/uploads\\\/2015\\\/08\\\/JAZZZEITUNGDE_Logo_Neu.png?fit=499%2C200&ssl=1\",\"contentUrl\":\"https:\\\/\\\/i0.wp.com\\\/www.jazzzeitung.de\\\/cms\\\/wp-content\\\/uploads\\\/2015\\\/08\\\/JAZZZEITUNGDE_Logo_Neu.png?fit=499%2C200&ssl=1\",\"width\":499,\"height\":200,\"caption\":\"JazzZeitung online\"},\"image\":{\"@id\":\"https:\\\/\\\/www.jazzzeitung.de\\\/cms\\\/#\\\/schema\\\/logo\\\/image\\\/\"},\"sameAs\":[\"https:\\\/\\\/www.facebook.com\\\/JazzZeitung\\\/\"]},{\"@type\":\"Person\",\"@id\":\"https:\\\/\\\/www.jazzzeitung.de\\\/cms\\\/#\\\/schema\\\/person\\\/2245b36b9cd1d24cea10f01c031fb92b\",\"name\":\"Redaktion JazzZeitung\",\"image\":{\"@type\":\"ImageObject\",\"inLanguage\":\"de\",\"@id\":\"https:\\\/\\\/i0.wp.com\\\/www.jazzzeitung.de\\\/cms\\\/wp-content\\\/uploads\\\/2015\\\/08\\\/JAZZZEITUNGDE_Logo_Neu.png?resize=96%2C96&ssl=159975dcacb611b5700bd619b5daf0a7a\",\"url\":\"https:\\\/\\\/i0.wp.com\\\/www.jazzzeitung.de\\\/cms\\\/wp-content\\\/uploads\\\/2015\\\/08\\\/JAZZZEITUNGDE_Logo_Neu.png?resize=96%2C96&ssl=1\",\"contentUrl\":\"https:\\\/\\\/i0.wp.com\\\/www.jazzzeitung.de\\\/cms\\\/wp-content\\\/uploads\\\/2015\\\/08\\\/JAZZZEITUNGDE_Logo_Neu.png?resize=96%2C96&ssl=1\",\"caption\":\"Redaktion JazzZeitung\"},\"description\":\"Artikel der Redaktion der JazzZeitung.\",\"sameAs\":[\"http:\\\/\\\/www.jazzzeitung.de\\\/cms\\\/\"],\"url\":\"https:\\\/\\\/www.jazzzeitung.de\\\/cms\\\/author\\\/redaktion\\\/\"}]}<\/script>\n<!-- \/ Yoast SEO plugin. -->","yoast_head_json":{"title":"+++ News +++ Start der Digitalen Akademie \u201cInsight Out\u201d der DJU +++ Jazz und Gender \u2013 Lesung im Frankfurter Salon+++ - JazzZeitung","robots":{"index":"index","follow":"follow","max-snippet":"max-snippet:-1","max-image-preview":"max-image-preview:large","max-video-preview":"max-video-preview:-1"},"canonical":"https:\/\/www.jazzzeitung.de\/cms\/2022\/04\/digitale-akademie-insight-jazz_is_my_democracy\/","og_locale":"de_DE","og_type":"article","og_title":"+++ News +++ Start der Digitalen Akademie \u201cInsight Out\u201d der DJU +++ Jazz und Gender \u2013 Lesung im Frankfurter Salon+++ - JazzZeitung","og_description":"+++ Silodenken \u00fcberwinden +++ Die Digitale Akademie \u201cInsight Out\u201d der Deutschen Jazzunion startet am 7. April ins Sommersemester. In w\u00f6chentlichen Online-Veranstaltungen zu einem breiten Spektrum an jazz- und berufspolitischen Fragestellungen aus den Bereichen Diversit\u00e4t, Nachhaltigkeit, Bildung und weiteren Themenkomplexen stehen Austausch und Diskurs im Zentrum. Neben Workshopformaten z\u00e4hlen auch hochkar\u00e4tig besetzte Panels zum kostenlosen Angebot der Digitalen Akademie. Anette von Eichel, Vorstandsmitglied der Deutschen Jazzunion: \u201cSilodenken \u00fcberwinden &#8211; out of the box denken! Das hat Jazz als Kulturform immer stark gemacht. Mit der Digitalen Akademie \u201cInsight Out\u201d wollen wir Jazzmusiker*innen und -p\u00e4dagog*innen Einblicke in bestehende Strukturen mit ihren Privilegierungen und Diskriminierungen erm\u00f6glichen. Dabei wollen wir unseren Fokus mehr und mehr darauf richten, wie genau verschiedene Formen der Ausgrenzung miteinander verbunden sind.\u201d Mit der Digitalen Akademie \u201cInsight Out\u201d m\u00f6chte die Deutsche Jazzunion dazu beitragen, berufspolitische und gesellschaftliche Herausforderungen nicht l\u00e4nger isoliert voneinander zu betrachten. Mehrere Veranstaltung nehmen die Jazzlandschaft in Deutschland aus intersektionaler Perspektive in den Fokus. Veranstaltungs\u00fcbersicht Digitale Akademie \u201cInsight Out\u201d im April 2022: 14.04.2022 | 10.00 Uhr | Phillipp Schoof | Workshop | How To Jazzmusiker*in &#8211; Teil II 20.04.2022 | 17.00 Uhr | &hellip;","og_url":"https:\/\/www.jazzzeitung.de\/cms\/2022\/04\/digitale-akademie-insight-jazz_is_my_democracy\/","og_site_name":"JazzZeitung","article_publisher":"https:\/\/www.facebook.com\/JazzZeitung\/","article_published_time":"2022-04-12T09:00:00+00:00","og_image":[{"width":811,"height":456,"url":"https:\/\/i0.wp.com\/www.jazzzeitung.de\/cms\/wp-content\/uploads\/2019\/05\/DeutscheJazzunion.png?fit=811%2C456&ssl=1","type":"image\/png"}],"author":"Redaktion JazzZeitung","schema":{"@context":"https:\/\/schema.org","@graph":[{"@type":"Article","@id":"https:\/\/www.jazzzeitung.de\/cms\/2022\/04\/digitale-akademie-insight-jazz_is_my_democracy\/#article","isPartOf":{"@id":"https:\/\/www.jazzzeitung.de\/cms\/2022\/04\/digitale-akademie-insight-jazz_is_my_democracy\/"},"author":{"name":"Redaktion JazzZeitung","@id":"https:\/\/www.jazzzeitung.de\/cms\/#\/schema\/person\/2245b36b9cd1d24cea10f01c031fb92b"},"headline":"+++ News +++ Start der Digitalen Akademie \u201cInsight Out\u201d der DJU +++ Jazz und Gender \u2013 Lesung im Frankfurter Salon+++","datePublished":"2022-04-12T09:00:00+00:00","mainEntityOfPage":{"@id":"https:\/\/www.jazzzeitung.de\/cms\/2022\/04\/digitale-akademie-insight-jazz_is_my_democracy\/"},"wordCount":685,"commentCount":0,"publisher":{"@id":"https:\/\/www.jazzzeitung.de\/cms\/#organization"},"image":{"@id":"https:\/\/www.jazzzeitung.de\/cms\/2022\/04\/digitale-akademie-insight-jazz_is_my_democracy\/#primaryimage"},"thumbnailUrl":"https:\/\/i0.wp.com\/www.jazzzeitung.de\/cms\/wp-content\/uploads\/2019\/05\/DeutscheJazzunion.png?fit=811%2C456&ssl=1","keywords":["Deutsche Jazzunion","Digitale Akademie","Frauen Musik B\u00fcro","Johanna Schneider","Monika Herzig","Nina Hacker","PENG"],"articleSection":["News"],"inLanguage":"de","potentialAction":[{"@type":"CommentAction","name":"Comment","target":["https:\/\/www.jazzzeitung.de\/cms\/2022\/04\/digitale-akademie-insight-jazz_is_my_democracy\/#respond"]}]},{"@type":"WebPage","@id":"https:\/\/www.jazzzeitung.de\/cms\/2022\/04\/digitale-akademie-insight-jazz_is_my_democracy\/","url":"https:\/\/www.jazzzeitung.de\/cms\/2022\/04\/digitale-akademie-insight-jazz_is_my_democracy\/","name":"+++ News +++ Start der Digitalen Akademie \u201cInsight Out\u201d der DJU +++ Jazz und Gender \u2013 Lesung im Frankfurter Salon+++ - JazzZeitung","isPartOf":{"@id":"https:\/\/www.jazzzeitung.de\/cms\/#website"},"primaryImageOfPage":{"@id":"https:\/\/www.jazzzeitung.de\/cms\/2022\/04\/digitale-akademie-insight-jazz_is_my_democracy\/#primaryimage"},"image":{"@id":"https:\/\/www.jazzzeitung.de\/cms\/2022\/04\/digitale-akademie-insight-jazz_is_my_democracy\/#primaryimage"},"thumbnailUrl":"https:\/\/i0.wp.com\/www.jazzzeitung.de\/cms\/wp-content\/uploads\/2019\/05\/DeutscheJazzunion.png?fit=811%2C456&ssl=1","datePublished":"2022-04-12T09:00:00+00:00","breadcrumb":{"@id":"https:\/\/www.jazzzeitung.de\/cms\/2022\/04\/digitale-akademie-insight-jazz_is_my_democracy\/#breadcrumb"},"inLanguage":"de","potentialAction":[{"@type":"ReadAction","target":["https:\/\/www.jazzzeitung.de\/cms\/2022\/04\/digitale-akademie-insight-jazz_is_my_democracy\/"]}]},{"@type":"ImageObject","inLanguage":"de","@id":"https:\/\/www.jazzzeitung.de\/cms\/2022\/04\/digitale-akademie-insight-jazz_is_my_democracy\/#primaryimage","url":"https:\/\/i0.wp.com\/www.jazzzeitung.de\/cms\/wp-content\/uploads\/2019\/05\/DeutscheJazzunion.png?fit=811%2C456&ssl=1","contentUrl":"https:\/\/i0.wp.com\/www.jazzzeitung.de\/cms\/wp-content\/uploads\/2019\/05\/DeutscheJazzunion.png?fit=811%2C456&ssl=1","width":811,"height":456,"caption":"Logo der Deutschen Jazzunion"},{"@type":"BreadcrumbList","@id":"https:\/\/www.jazzzeitung.de\/cms\/2022\/04\/digitale-akademie-insight-jazz_is_my_democracy\/#breadcrumb","itemListElement":[{"@type":"ListItem","position":1,"name":"Startseite","item":"https:\/\/www.jazzzeitung.de\/cms\/"},{"@type":"ListItem","position":2,"name":"+++ News +++ Start der Digitalen Akademie \u201cInsight Out\u201d der DJU +++ Jazz und Gender \u2013 Lesung im Frankfurter Salon+++"}]},{"@type":"WebSite","@id":"https:\/\/www.jazzzeitung.de\/cms\/#website","url":"https:\/\/www.jazzzeitung.de\/cms\/","name":"JazzZeitung","description":"Jazz-News und Jazz-Kontroverses","publisher":{"@id":"https:\/\/www.jazzzeitung.de\/cms\/#organization"},"potentialAction":[{"@type":"SearchAction","target":{"@type":"EntryPoint","urlTemplate":"https:\/\/www.jazzzeitung.de\/cms\/?s={search_term_string}"},"query-input":{"@type":"PropertyValueSpecification","valueRequired":true,"valueName":"search_term_string"}}],"inLanguage":"de"},{"@type":"Organization","@id":"https:\/\/www.jazzzeitung.de\/cms\/#organization","name":"JazzZeitung online","url":"https:\/\/www.jazzzeitung.de\/cms\/","logo":{"@type":"ImageObject","inLanguage":"de","@id":"https:\/\/www.jazzzeitung.de\/cms\/#\/schema\/logo\/image\/","url":"https:\/\/i0.wp.com\/www.jazzzeitung.de\/cms\/wp-content\/uploads\/2015\/08\/JAZZZEITUNGDE_Logo_Neu.png?fit=499%2C200&ssl=1","contentUrl":"https:\/\/i0.wp.com\/www.jazzzeitung.de\/cms\/wp-content\/uploads\/2015\/08\/JAZZZEITUNGDE_Logo_Neu.png?fit=499%2C200&ssl=1","width":499,"height":200,"caption":"JazzZeitung online"},"image":{"@id":"https:\/\/www.jazzzeitung.de\/cms\/#\/schema\/logo\/image\/"},"sameAs":["https:\/\/www.facebook.com\/JazzZeitung\/"]},{"@type":"Person","@id":"https:\/\/www.jazzzeitung.de\/cms\/#\/schema\/person\/2245b36b9cd1d24cea10f01c031fb92b","name":"Redaktion JazzZeitung","image":{"@type":"ImageObject","inLanguage":"de","@id":"https:\/\/i0.wp.com\/www.jazzzeitung.de\/cms\/wp-content\/uploads\/2015\/08\/JAZZZEITUNGDE_Logo_Neu.png?resize=96%2C96&ssl=159975dcacb611b5700bd619b5daf0a7a","url":"https:\/\/i0.wp.com\/www.jazzzeitung.de\/cms\/wp-content\/uploads\/2015\/08\/JAZZZEITUNGDE_Logo_Neu.png?resize=96%2C96&ssl=1","contentUrl":"https:\/\/i0.wp.com\/www.jazzzeitung.de\/cms\/wp-content\/uploads\/2015\/08\/JAZZZEITUNGDE_Logo_Neu.png?resize=96%2C96&ssl=1","caption":"Redaktion JazzZeitung"},"description":"Artikel der Redaktion der JazzZeitung.","sameAs":["http:\/\/www.jazzzeitung.de\/cms\/"],"url":"https:\/\/www.jazzzeitung.de\/cms\/author\/redaktion\/"}]}},"wp-worthy-pixel":{"ignored":false,"public":null,"server":null,"url":null},"wp-worthy-type":"normal","jetpack_publicize_connections":[],"cc_featured_image_caption":{"caption_text":"","source_text":"","source_url":""},"jetpack_featured_media_url":"https:\/\/i0.wp.com\/www.jazzzeitung.de\/cms\/wp-content\/uploads\/2019\/05\/DeutscheJazzunion.png?fit=811%2C456&ssl=1","jetpack_shortlink":"https:\/\/wp.me\/p3KEcT-737","jetpack-related-posts":[{"id":26401,"url":"https:\/\/www.jazzzeitung.de\/cms\/2021\/12\/digitale-akademie-insight-out-der-deutschen-jazzunion-ein-interview-mit-johanna-schneider-und-jakob-fraisse\/","url_meta":{"origin":27101,"position":0},"title":"Digitale Akademie \u201eInsight Out\u201d der Deutschen Jazzunion \u2013 ein Interview mit Johanna Schneider und Jakob Fraisse","author":"Redaktion JazzZeitung","date":"16. Dezember 2021","format":false,"excerpt":"Unter dem Dach der Digitalen Akademie \u201eInsight Out\u201d bietet die Deutsche Jazzunion seit dem 13. Oktober 2021 digitale Workshops, Vortr\u00e4ge und Diskussionsveranstaltungen zu Diversit\u00e4t, Nachhaltigkeit, Bildung und Professionalisierung f\u00fcr professionelle und angehende Jazzmusiker*innen an. Mit Blogbeitr\u00e4gen und Veranstaltungshinweisen wird die JazzZeitung die beiden ersten Semester bis Mitte 2022 begleiten. Zehn\u2026","rel":"","context":"In &quot;Bericht&quot;","block_context":{"text":"Bericht","link":"https:\/\/www.jazzzeitung.de\/cms\/thema\/bericht\/"},"img":{"alt_text":"","src":"https:\/\/i0.wp.com\/www.jazzzeitung.de\/cms\/wp-content\/uploads\/2021\/12\/21-12-03_DigitaleAkademie_Grafik_II-e1639584596952.png?fit=1080%2C764&ssl=1&resize=350%2C200","width":350,"height":200,"srcset":"https:\/\/i0.wp.com\/www.jazzzeitung.de\/cms\/wp-content\/uploads\/2021\/12\/21-12-03_DigitaleAkademie_Grafik_II-e1639584596952.png?fit=1080%2C764&ssl=1&resize=350%2C200 1x, https:\/\/i0.wp.com\/www.jazzzeitung.de\/cms\/wp-content\/uploads\/2021\/12\/21-12-03_DigitaleAkademie_Grafik_II-e1639584596952.png?fit=1080%2C764&ssl=1&resize=525%2C300 1.5x, https:\/\/i0.wp.com\/www.jazzzeitung.de\/cms\/wp-content\/uploads\/2021\/12\/21-12-03_DigitaleAkademie_Grafik_II-e1639584596952.png?fit=1080%2C764&ssl=1&resize=700%2C400 2x, https:\/\/i0.wp.com\/www.jazzzeitung.de\/cms\/wp-content\/uploads\/2021\/12\/21-12-03_DigitaleAkademie_Grafik_II-e1639584596952.png?fit=1080%2C764&ssl=1&resize=1050%2C600 3x"},"classes":[]},{"id":25951,"url":"https:\/\/www.jazzzeitung.de\/cms\/2021\/10\/news-ebe-jazz-is-back-insight-out-digitale-akademie-der-deutschen-jazzunion-startet-gypsy-jazz-tage-muenchen-2021\/","url_meta":{"origin":27101,"position":1},"title":"+++ news +++ EBE-JAZZ is back! +++ \u201cInsight Out\u201d: Digitale Akademie der Deutschen Jazzunion startet +++ Gypsy Jazz Tage M\u00fcnchen 2021 +++","author":"Redaktion JazzZeitung","date":"6. Oktober 2021","format":false,"excerpt":"+++ EBE-JAZZ is back! +++ (Pressemitteilung) Nachdem Live-Kultur so lange nicht m\u00f6glich war, l\u00e4uft nun als Comeback der Kultursommer - und f\u00fcr eine Fortsetzung im Herbst ist bereits gesorgt: EBE-JAZZ is back! Vom 8. bis 17. Oktober 2021 geht das internationale Jazzfestival in Ebersberg und Grafing in seine vierte Runde!\u2026","rel":"","context":"In &quot;News&quot;","block_context":{"text":"News","link":"https:\/\/www.jazzzeitung.de\/cms\/thema\/nachrichten\/"},"img":{"alt_text":"","src":"https:\/\/i0.wp.com\/www.jazzzeitung.de\/cms\/wp-content\/uploads\/2021\/10\/EBE-JAZZ-Vorstaende-Foto-TJ-Krebs_kleine.jpg?fit=1134%2C756&ssl=1&resize=350%2C200","width":350,"height":200,"srcset":"https:\/\/i0.wp.com\/www.jazzzeitung.de\/cms\/wp-content\/uploads\/2021\/10\/EBE-JAZZ-Vorstaende-Foto-TJ-Krebs_kleine.jpg?fit=1134%2C756&ssl=1&resize=350%2C200 1x, https:\/\/i0.wp.com\/www.jazzzeitung.de\/cms\/wp-content\/uploads\/2021\/10\/EBE-JAZZ-Vorstaende-Foto-TJ-Krebs_kleine.jpg?fit=1134%2C756&ssl=1&resize=525%2C300 1.5x, https:\/\/i0.wp.com\/www.jazzzeitung.de\/cms\/wp-content\/uploads\/2021\/10\/EBE-JAZZ-Vorstaende-Foto-TJ-Krebs_kleine.jpg?fit=1134%2C756&ssl=1&resize=700%2C400 2x, https:\/\/i0.wp.com\/www.jazzzeitung.de\/cms\/wp-content\/uploads\/2021\/10\/EBE-JAZZ-Vorstaende-Foto-TJ-Krebs_kleine.jpg?fit=1134%2C756&ssl=1&resize=1050%2C600 3x"},"classes":[]},{"id":26551,"url":"https:\/\/www.jazzzeitung.de\/cms\/2022\/01\/kunst-als-transformative-kraft-die-rolle-von-kulturakteurinnen-im-nachhaltigkeitskontext\/","url_meta":{"origin":27101,"position":2},"title":"Kunst als transformative Kraft: Die Rolle von Kulturakteur*innen im Nachhaltigkeitskontext","author":"Redaktion JazzZeitung","date":"20. Januar 2022","format":false,"excerpt":"Davide Brocchi zu Gast bei der Digitalen Akademie der Deutschen Jazzunion Mit der Veranstaltungsreihe Digitale Akademie \u201eInsight Out\u201c bietet die Deutsche Jazzunion seit dem 13. Oktober 2021 w\u00f6chentlich Vortr\u00e4ge, Workshops und Diskussionsrunden zu den Themen Diversit\u00e4t, Nachhaltigkeit, Bildung und Professionalisierung an. Damit will sie einen Diskursraum f\u00fcr aktuelle Gesellschaftsthemen in\u2026","rel":"","context":"In &quot;Bericht&quot;","block_context":{"text":"Bericht","link":"https:\/\/www.jazzzeitung.de\/cms\/thema\/bericht\/"},"img":{"alt_text":"","src":"https:\/\/i0.wp.com\/www.jazzzeitung.de\/cms\/wp-content\/uploads\/2022\/01\/21-12-09_Davide_Brocchi_c_Bozica_Babic.jpg?fit=876%2C1134&ssl=1&resize=350%2C200","width":350,"height":200,"srcset":"https:\/\/i0.wp.com\/www.jazzzeitung.de\/cms\/wp-content\/uploads\/2022\/01\/21-12-09_Davide_Brocchi_c_Bozica_Babic.jpg?fit=876%2C1134&ssl=1&resize=350%2C200 1x, https:\/\/i0.wp.com\/www.jazzzeitung.de\/cms\/wp-content\/uploads\/2022\/01\/21-12-09_Davide_Brocchi_c_Bozica_Babic.jpg?fit=876%2C1134&ssl=1&resize=525%2C300 1.5x, https:\/\/i0.wp.com\/www.jazzzeitung.de\/cms\/wp-content\/uploads\/2022\/01\/21-12-09_Davide_Brocchi_c_Bozica_Babic.jpg?fit=876%2C1134&ssl=1&resize=700%2C400 2x"},"classes":[]},{"id":26451,"url":"https:\/\/www.jazzzeitung.de\/cms\/2021\/12\/digitale-akademie-insight-out-blogbeitrag-von-jakob-fraisse-zum-workshop-class-matters-der-taenzerin-verena-brakonier\/","url_meta":{"origin":27101,"position":3},"title":"Digitale Akademie \u201eInsight Out\u201c: Blogbeitrag von Jakob Fraisse zum Workshop \u201eClass matters\u201c der T\u00e4nzerin Verena Brakonier","author":"Redaktion JazzZeitung","date":"22. Dezember 2021","format":false,"excerpt":"Mit der Veranstaltungsreihe Digitale Akademie \u201eInsight Out\u201c bietet die Deutsche Jazzunion seit dem 13. Oktober w\u00f6chentlich Vortr\u00e4ge, Workshops und Diskussionsrunden zu den Themen Diversit\u00e4t, Nachhaltigkeit, Bildung und Professionalisierung an. Damit will sie einen Diskursraum f\u00fcr aktuelle Gesellschaftsthemen in der Jazz-Szene schaffen. Begleitet wird die Digitale Akademie durch einen Blog, in\u2026","rel":"","context":"In &quot;Bericht&quot;","block_context":{"text":"Bericht","link":"https:\/\/www.jazzzeitung.de\/cms\/thema\/bericht\/"},"img":{"alt_text":"","src":"https:\/\/i0.wp.com\/www.jazzzeitung.de\/cms\/wp-content\/uploads\/2021\/12\/verenaChristoph-SebastianPACT-Zollverein..jpg?fit=797%2C532&ssl=1&resize=350%2C200","width":350,"height":200,"srcset":"https:\/\/i0.wp.com\/www.jazzzeitung.de\/cms\/wp-content\/uploads\/2021\/12\/verenaChristoph-SebastianPACT-Zollverein..jpg?fit=797%2C532&ssl=1&resize=350%2C200 1x, https:\/\/i0.wp.com\/www.jazzzeitung.de\/cms\/wp-content\/uploads\/2021\/12\/verenaChristoph-SebastianPACT-Zollverein..jpg?fit=797%2C532&ssl=1&resize=525%2C300 1.5x, https:\/\/i0.wp.com\/www.jazzzeitung.de\/cms\/wp-content\/uploads\/2021\/12\/verenaChristoph-SebastianPACT-Zollverein..jpg?fit=797%2C532&ssl=1&resize=700%2C400 2x"},"classes":[]},{"id":23646,"url":"https:\/\/www.jazzzeitung.de\/cms\/2020\/10\/jazz-now-2020-25-jazzforum-der-deutschen-jazzunion-fand-trotz-corona-pandemie-in-leipzig-statt\/","url_meta":{"origin":27101,"position":4},"title":"Jazz Now! 2020: 25. Jazzforum der Deutschen Jazzunion fand trotz Corona-Pandemie in Leipzig statt","author":"Redaktion JazzZeitung","date":"19. Oktober 2020","format":false,"excerpt":"Trotz den Corona-Einschr\u00e4nkungen hat die Deutsche Jazzunion an den vergangenen zwei Tagen ihre biennale Bundeskonferenz \u201eJazz Now! 2020\u201c im Kunstkraftwerk Leipzig durchgef\u00fchrt. Mit Abstand und Masken, sowie mit vielen digitalen und hybriden Formaten fanden Panels und Workshops statt, die von Jazzmusiker*innen aus ganz Deutschland und Europa beachtet wurden. Durch die\u2026","rel":"","context":"In &quot;News&quot;","block_context":{"text":"News","link":"https:\/\/www.jazzzeitung.de\/cms\/thema\/nachrichten\/"},"img":{"alt_text":"JazzNow Jazztage Leipzig 2020. Foto: Lukas Diller.","src":"https:\/\/i0.wp.com\/www.jazzzeitung.de\/cms\/wp-content\/uploads\/2020\/10\/JazzNow_Jazztage_c_LukasDiller-9.jpg?fit=1200%2C800&ssl=1&resize=350%2C200","width":350,"height":200,"srcset":"https:\/\/i0.wp.com\/www.jazzzeitung.de\/cms\/wp-content\/uploads\/2020\/10\/JazzNow_Jazztage_c_LukasDiller-9.jpg?fit=1200%2C800&ssl=1&resize=350%2C200 1x, https:\/\/i0.wp.com\/www.jazzzeitung.de\/cms\/wp-content\/uploads\/2020\/10\/JazzNow_Jazztage_c_LukasDiller-9.jpg?fit=1200%2C800&ssl=1&resize=525%2C300 1.5x, https:\/\/i0.wp.com\/www.jazzzeitung.de\/cms\/wp-content\/uploads\/2020\/10\/JazzNow_Jazztage_c_LukasDiller-9.jpg?fit=1200%2C800&ssl=1&resize=700%2C400 2x, https:\/\/i0.wp.com\/www.jazzzeitung.de\/cms\/wp-content\/uploads\/2020\/10\/JazzNow_Jazztage_c_LukasDiller-9.jpg?fit=1200%2C800&ssl=1&resize=1050%2C600 3x"},"classes":[]},{"id":30866,"url":"https:\/\/www.jazzzeitung.de\/cms\/2024\/04\/wechsel-in-vorstand-und-geschaeftsfuehrung-der-deutschen-jazzunion\/","url_meta":{"origin":27101,"position":5},"title":"Wechsel in Vorstand und Gesch\u00e4ftsf\u00fchrung der Deutschen Jazzunion","author":"Redaktion JazzZeitung","date":"17. April 2024","format":false,"excerpt":"Doppelte Stabs\u00fcbergabe beim Sprachrohr der Jazzmusiker*innen in Deutschland: im Rahmen der jazzahead! in Bremen wurden Gesch\u00e4ftsf\u00fchrer Urs Johnen und Vorstandsmitglied Nikolaus Neuser verabschiedet. Ihnen folgen Camille Buscot und Michael Griener nach. Die Vorsitzenden der Deutschen Jazzunion Anette von Eichel und Felix Falk w\u00fcrdigten Johnens Verdienste auf einer Mitgliederversammlung mit einem\u2026","rel":"","context":"In &quot;News&quot;","block_context":{"text":"News","link":"https:\/\/www.jazzzeitung.de\/cms\/thema\/nachrichten\/"},"img":{"alt_text":"Stabswechel bei der Deutschen Jazzunion (v.l.n.r., hinten: Johanna Schneider, Camille Buscot, Michael Griener, Urs Johnen, Anette von Eichel; vorne: Felix Falk, Janning Trumann, Robert Lucaciu \u00a9 Julia Tornier","src":"https:\/\/i0.wp.com\/www.jazzzeitung.de\/cms\/wp-content\/uploads\/2024\/04\/2024-04-13_VerabschiedungUrsJohnen_VorstandCamilleUrs-scaled.jpg?fit=1200%2C900&ssl=1&resize=350%2C200","width":350,"height":200,"srcset":"https:\/\/i0.wp.com\/www.jazzzeitung.de\/cms\/wp-content\/uploads\/2024\/04\/2024-04-13_VerabschiedungUrsJohnen_VorstandCamilleUrs-scaled.jpg?fit=1200%2C900&ssl=1&resize=350%2C200 1x, https:\/\/i0.wp.com\/www.jazzzeitung.de\/cms\/wp-content\/uploads\/2024\/04\/2024-04-13_VerabschiedungUrsJohnen_VorstandCamilleUrs-scaled.jpg?fit=1200%2C900&ssl=1&resize=525%2C300 1.5x, https:\/\/i0.wp.com\/www.jazzzeitung.de\/cms\/wp-content\/uploads\/2024\/04\/2024-04-13_VerabschiedungUrsJohnen_VorstandCamilleUrs-scaled.jpg?fit=1200%2C900&ssl=1&resize=700%2C400 2x, https:\/\/i0.wp.com\/www.jazzzeitung.de\/cms\/wp-content\/uploads\/2024\/04\/2024-04-13_VerabschiedungUrsJohnen_VorstandCamilleUrs-scaled.jpg?fit=1200%2C900&ssl=1&resize=1050%2C600 3x"},"classes":[]}],"jetpack_sharing_enabled":true,"_links":{"self":[{"href":"https:\/\/www.jazzzeitung.de\/cms\/wp-json\/wp\/v2\/posts\/27101","targetHints":{"allow":["GET"]}}],"collection":[{"href":"https:\/\/www.jazzzeitung.de\/cms\/wp-json\/wp\/v2\/posts"}],"about":[{"href":"https:\/\/www.jazzzeitung.de\/cms\/wp-json\/wp\/v2\/types\/post"}],"author":[{"embeddable":true,"href":"https:\/\/www.jazzzeitung.de\/cms\/wp-json\/wp\/v2\/users\/18"}],"replies":[{"embeddable":true,"href":"https:\/\/www.jazzzeitung.de\/cms\/wp-json\/wp\/v2\/comments?post=27101"}],"version-history":[{"count":10,"href":"https:\/\/www.jazzzeitung.de\/cms\/wp-json\/wp\/v2\/posts\/27101\/revisions"}],"predecessor-version":[{"id":27112,"href":"https:\/\/www.jazzzeitung.de\/cms\/wp-json\/wp\/v2\/posts\/27101\/revisions\/27112"}],"wp:featuredmedia":[{"embeddable":true,"href":"https:\/\/www.jazzzeitung.de\/cms\/wp-json\/wp\/v2\/media\/19592"}],"wp:attachment":[{"href":"https:\/\/www.jazzzeitung.de\/cms\/wp-json\/wp\/v2\/media?parent=27101"}],"wp:term":[{"taxonomy":"category","embeddable":true,"href":"https:\/\/www.jazzzeitung.de\/cms\/wp-json\/wp\/v2\/categories?post=27101"},{"taxonomy":"post_tag","embeddable":true,"href":"https:\/\/www.jazzzeitung.de\/cms\/wp-json\/wp\/v2\/tags?post=27101"},{"taxonomy":"author","embeddable":true,"href":"https:\/\/www.jazzzeitung.de\/cms\/wp-json\/wp\/v2\/coauthors?post=27101"}],"curies":[{"name":"wp","href":"https:\/\/api.w.org\/{rel}","templated":true}]}}