{"id":27083,"date":"2022-04-09T07:57:23","date_gmt":"2022-04-09T05:57:23","guid":{"rendered":"https:\/\/www.jazzzeitung.de\/cms\/?p=27083"},"modified":"2022-04-08T13:01:48","modified_gmt":"2022-04-08T11:01:48","slug":"klangliche-seiltaenze-voller-zaertlichkeit","status":"publish","type":"post","link":"https:\/\/www.jazzzeitung.de\/cms\/2022\/04\/klangliche-seiltaenze-voller-zaertlichkeit\/","title":{"rendered":"Klangliche Seilt\u00e4nze voller Z\u00e4rtlichkeit"},"content":{"rendered":"<p><strong>Erst nach mehreren Zugaben durfte das gefeierte Duo mit Jean-Louis Matinier und Kevin Seddiki von der B\u00fchne im Leeren Beutel in Regensburg.<\/strong><\/p>\n<p>Von Michael Scheiner<\/p>\n<p>Irgendwann beginnt es im Kopf zu klingeln und Erinnerungen an ein weit entferntes Konzert, \u201eFriday Night in San Francisco\u201c, tauchen bei einigen Akkorden von Kevin Seddiki auf.\u00a0 Seddiki, 1981 in Clermont-Ferrand zur Welt gekommen, ist viel zu jung, um das ein Jahr vor seiner Geburt live mitgeschnittene Konzert der drei Gitarrengr\u00f6\u00dfen Paco de Lucia, John McLaughlin und Al Di Meola erlebt zu haben. Sicher hat er es sp\u00e4ter einmal als Video gesehen.<\/p>\n<p>Entscheidender f\u00fcr sein eigenes Spiel auf der nylonbespannten akustischen Gitarre aber ist die Mitgliedschaft in Di Meolas Band World Sinfonia. Vier Jahre spielte der franz\u00f6sische Gitarrist mit algerischen und italienischen Wurzeln in der Band des als \u201eschnellster Gitarrist der Welt\u201c gefeierten Fusionmusikers. Dabei fand auch der eine oder andere Lick des \u00e4lteren Bandleaders seinen Weg in Seddikis Spiel. Von einem Imitat kann bei dem klassisch geschulten Musiker indessen keine Rede sein. Auf jeder Station seiner ungemein weit gef\u00e4cherten k\u00fcnstlerischen Karriere hat er Ideen aufgesogen und in sein vielgestaltiges Spiel eingebaut.<\/p>\n<div class=\"tiled-gallery type-rectangular tiled-gallery-unresized\" data-original-width=\"840\" data-carousel-extra='{&quot;blog_id&quot;:1,&quot;permalink&quot;:&quot;https:\\\/\\\/www.jazzzeitung.de\\\/cms\\\/2022\\\/04\\\/klangliche-seiltaenze-voller-zaertlichkeit\\\/&quot;,&quot;likes_blog_id&quot;:55446655}' itemscope itemtype=\"http:\/\/schema.org\/ImageGallery\" > <div class=\"gallery-row\" style=\"width: 840px; height: 644px;\" data-original-width=\"840\" data-original-height=\"644\" > <div class=\"gallery-group images-1\" style=\"width: 429px; height: 644px;\" data-original-width=\"429\" data-original-height=\"644\" > <div class=\"tiled-gallery-item tiled-gallery-item-large\" itemprop=\"associatedMedia\" itemscope itemtype=\"http:\/\/schema.org\/ImageObject\"> <a href=\"https:\/\/www.jazzzeitung.de\/cms\/2022\/04\/klangliche-seiltaenze-voller-zaertlichkeit\/seddiki-kevin_48\/\" border=\"0\" itemprop=\"url\"> <meta itemprop=\"width\" content=\"425\"> <meta itemprop=\"height\" content=\"640\"> <img decoding=\"async\" class=\"\" data-attachment-id=\"27093\" data-orig-file=\"https:\/\/www.jazzzeitung.de\/cms\/wp-content\/uploads\/2022\/04\/Seddiki-kevin_48.jpg\" data-orig-size=\"1574,2372\" data-comments-opened=\"1\" data-image-meta=\"{&quot;aperture&quot;:&quot;5.6&quot;,&quot;credit&quot;:&quot;MICHAEL Scheiner&quot;,&quot;camera&quot;:&quot;NIKON D7200&quot;,&quot;caption&quot;:&quot;&quot;,&quot;created_timestamp&quot;:&quot;1647807297&quot;,&quot;copyright&quot;:&quot;Michael Scheiner&quot;,&quot;focal_length&quot;:&quot;44&quot;,&quot;iso&quot;:&quot;2500&quot;,&quot;shutter_speed&quot;:&quot;0.0125&quot;,&quot;title&quot;:&quot;&quot;,&quot;orientation&quot;:&quot;1&quot;}\" data-image-title=\"\" data-image-description=\"\" data-medium-file=\"https:\/\/i0.wp.com\/www.jazzzeitung.de\/cms\/wp-content\/uploads\/2022\/04\/Seddiki-kevin_48.jpg?fit=199%2C300&#038;ssl=1\" data-large-file=\"https:\/\/i0.wp.com\/www.jazzzeitung.de\/cms\/wp-content\/uploads\/2022\/04\/Seddiki-kevin_48.jpg?fit=398%2C600&#038;ssl=1\" src=\"https:\/\/i0.wp.com\/www.jazzzeitung.de\/cms\/wp-content\/uploads\/2022\/04\/Seddiki-kevin_48.jpg?w=425&#038;h=640&#038;ssl=1\" srcset=\"https:\/\/i0.wp.com\/www.jazzzeitung.de\/cms\/wp-content\/uploads\/2022\/04\/Seddiki-kevin_48.jpg?w=1574&amp;ssl=1 1574w, https:\/\/i0.wp.com\/www.jazzzeitung.de\/cms\/wp-content\/uploads\/2022\/04\/Seddiki-kevin_48.jpg?resize=199%2C300&amp;ssl=1 199w, https:\/\/i0.wp.com\/www.jazzzeitung.de\/cms\/wp-content\/uploads\/2022\/04\/Seddiki-kevin_48.jpg?resize=398%2C600&amp;ssl=1 398w, https:\/\/i0.wp.com\/www.jazzzeitung.de\/cms\/wp-content\/uploads\/2022\/04\/Seddiki-kevin_48.jpg?resize=768%2C1157&amp;ssl=1 768w, https:\/\/i0.wp.com\/www.jazzzeitung.de\/cms\/wp-content\/uploads\/2022\/04\/Seddiki-kevin_48.jpg?resize=1019%2C1536&amp;ssl=1 1019w, https:\/\/i0.wp.com\/www.jazzzeitung.de\/cms\/wp-content\/uploads\/2022\/04\/Seddiki-kevin_48.jpg?resize=1359%2C2048&amp;ssl=1 1359w, https:\/\/i0.wp.com\/www.jazzzeitung.de\/cms\/wp-content\/uploads\/2022\/04\/Seddiki-kevin_48.jpg?resize=1320%2C1989&amp;ssl=1 1320w\" width=\"425\" height=\"640\" loading=\"lazy\" data-original-width=\"425\" data-original-height=\"640\" itemprop=\"http:\/\/schema.org\/image\" title=\"\" alt=\"Kevin Seddiki. Foto: Michael Scheiner\" style=\"width: 425px; height: 640px;\" \/> <\/a> <div class=\"tiled-gallery-caption\" itemprop=\"caption description\"> Kevin Seddiki. Foto: Michael Scheiner <\/div> <\/div> <\/div> <!-- close group --> <div class=\"gallery-group images-1\" style=\"width: 411px; height: 644px;\" data-original-width=\"411\" data-original-height=\"644\" > <div class=\"tiled-gallery-item tiled-gallery-item-large\" itemprop=\"associatedMedia\" itemscope itemtype=\"http:\/\/schema.org\/ImageObject\"> <a href=\"https:\/\/www.jazzzeitung.de\/cms\/2022\/04\/klangliche-seiltaenze-voller-zaertlichkeit\/matinier-jean-luis_71\/\" border=\"0\" itemprop=\"url\"> <meta itemprop=\"width\" content=\"407\"> <meta itemprop=\"height\" content=\"640\"> <img decoding=\"async\" class=\"\" data-attachment-id=\"27092\" data-orig-file=\"https:\/\/www.jazzzeitung.de\/cms\/wp-content\/uploads\/2022\/04\/Matinier-jean-luis_71.jpg\" data-orig-size=\"1574,2472\" data-comments-opened=\"1\" data-image-meta=\"{&quot;aperture&quot;:&quot;5.3&quot;,&quot;credit&quot;:&quot;MICHAEL Scheiner&quot;,&quot;camera&quot;:&quot;NIKON D7200&quot;,&quot;caption&quot;:&quot;&quot;,&quot;created_timestamp&quot;:&quot;1647808636&quot;,&quot;copyright&quot;:&quot;Michael Scheiner&quot;,&quot;focal_length&quot;:&quot;75&quot;,&quot;iso&quot;:&quot;2500&quot;,&quot;shutter_speed&quot;:&quot;0.016666666666667&quot;,&quot;title&quot;:&quot;&quot;,&quot;orientation&quot;:&quot;1&quot;}\" data-image-title=\"\" data-image-description=\"\" data-medium-file=\"https:\/\/i0.wp.com\/www.jazzzeitung.de\/cms\/wp-content\/uploads\/2022\/04\/Matinier-jean-luis_71.jpg?fit=191%2C300&#038;ssl=1\" data-large-file=\"https:\/\/i0.wp.com\/www.jazzzeitung.de\/cms\/wp-content\/uploads\/2022\/04\/Matinier-jean-luis_71.jpg?fit=382%2C600&#038;ssl=1\" src=\"https:\/\/i0.wp.com\/www.jazzzeitung.de\/cms\/wp-content\/uploads\/2022\/04\/Matinier-jean-luis_71.jpg?w=407&#038;h=640&#038;ssl=1\" srcset=\"https:\/\/i0.wp.com\/www.jazzzeitung.de\/cms\/wp-content\/uploads\/2022\/04\/Matinier-jean-luis_71.jpg?w=1574&amp;ssl=1 1574w, https:\/\/i0.wp.com\/www.jazzzeitung.de\/cms\/wp-content\/uploads\/2022\/04\/Matinier-jean-luis_71.jpg?resize=191%2C300&amp;ssl=1 191w, https:\/\/i0.wp.com\/www.jazzzeitung.de\/cms\/wp-content\/uploads\/2022\/04\/Matinier-jean-luis_71.jpg?resize=382%2C600&amp;ssl=1 382w, https:\/\/i0.wp.com\/www.jazzzeitung.de\/cms\/wp-content\/uploads\/2022\/04\/Matinier-jean-luis_71.jpg?resize=768%2C1206&amp;ssl=1 768w, https:\/\/i0.wp.com\/www.jazzzeitung.de\/cms\/wp-content\/uploads\/2022\/04\/Matinier-jean-luis_71.jpg?resize=978%2C1536&amp;ssl=1 978w, https:\/\/i0.wp.com\/www.jazzzeitung.de\/cms\/wp-content\/uploads\/2022\/04\/Matinier-jean-luis_71.jpg?resize=1304%2C2048&amp;ssl=1 1304w, https:\/\/i0.wp.com\/www.jazzzeitung.de\/cms\/wp-content\/uploads\/2022\/04\/Matinier-jean-luis_71.jpg?resize=1320%2C2073&amp;ssl=1 1320w\" width=\"407\" height=\"640\" loading=\"lazy\" data-original-width=\"407\" data-original-height=\"640\" itemprop=\"http:\/\/schema.org\/image\" title=\"\" alt=\"Jean-Luis Matinier. Foto Michael Scheiner\" style=\"width: 407px; height: 640px;\" \/> <\/a> <div class=\"tiled-gallery-caption\" itemprop=\"caption description\"> Jean-Luis Matinier. Foto Michael Scheiner <\/div> <\/div> <\/div> <!-- close group --> <\/div> <!-- close row --> <\/div>\n<p>Seit einigen Jahren bringt dieses Potential im Duo mit dem franz\u00f6sischen Jazzakkordeonisten Jean-Louis Matinier eine musikalische Bl\u00fctenpracht hervor, die ihresgleichen sucht. Zwischen Klassik und Jazz, spanischer Musik und ethnischen Kl\u00e4ngen, zwischen \u201eGreensleeves\u201c und Gabriel Faur\u00e9s \u201eLes berceaux\u201c entfalten die zwei Meister ein feinsinniges kammermusikalisches Feuerwerk. Dessen Sch\u00f6nklang in g\u00e4nzlich ungewohnten Akkorden und schwebenden oder knisternden Kl\u00e4ngen auf dem Akkordeon bringt die Musik von innen heraus zum Leuchten.<\/p>\n<p>Lange hat sich der Jazzclub Regensburg darum bem\u00fcht das Duo nach Regensburg zu holen. Verwandtschaftliche Beziehungen Seddikis in die Welterbestadt, ein Onkel von ihm betreibt ein exquisites Restaurant in der westlichen Altstadt, haben schlie\u00dflich zum Gelingen beigetragen. Matinier, der in seiner Moderation auf diese pers\u00f6nliche Verbindung hinwies, best\u00e4tigte mit gen\u00fc\u00dflichem Zungenschnalzen die Qualit\u00e4t des Essens beim Onkel. Die musikalische Qualit\u00e4t des Duos stand diesem um keine noch so feine oder exotische Zutat nach.<\/p>\n<p>Kennen gelernt haben sich die beiden vor \u00fcber einem Jahrzehnt in der franz\u00f6sischen Abtei Royaumont, einem Zentrum f\u00fcr interkulturellen Austausch. Sp\u00e4ter spielte Matinier, der selbst einen reichen Erfahrungsschatz als Begleiter von Juliette Greco bis Gianluigi Trovesi und Anouar Brahem mitbringt, in Seddikis Band mit Schlagzeuger Bijan Chemirani und Maria Simoglou. Daraus erwuchs der Wunsch den musikalischen Dialog zu vertiefen \u201edie Kl\u00e4nge und Farben sowie die orchestralen M\u00f6glichkeiten\u201c der Instrumente weiter zu erkunden, wie Seddiki in einem Interview das Ziel ihrer Zusammenarbeit beschreibt.<\/p>\n<p>Es ist eine Musik, die den Schmerz und die Trauer in getragenen Stimmungen erkundet, die losgel\u00f6st von Erdenschwere zu schweben beginnt und die die Zuh\u00f6renden im Leeren Beutel in eine Welt voller Achtung, Z\u00e4rtlichkeit und leiser Heiterkeit versetzt. Die k\u00fchnen Melodien und klanglichen Seilt\u00e4nze, die Seddikis vollendetes Spiel auf der Gitarre vollf\u00fchrt, \u00f6ffnen Fenster und T\u00fcren in ungeahnte Klangwelten. Dabei wechseln sich die Instrumentalisten in der melodischen F\u00fchrung und Begleitung andauernd, manchmal mehrmals in einem St\u00fcck ab. Es ist ein musikalisch-klangliches und emotionales Ineinandergreifen, eine respektvolle und gleichwohl selbstbewu\u00dfte Begegnung zweier verschiedener Pers\u00f6nlichkeiten, die dennoch von einer gemeinsamen Wellenl\u00e4nge angetrieben werden. Vor zwei Jahren haben Matinier und Seddiki diese Ideen in die Aufnahme eines Albums (\u201eRivages\u201c, ECM) flie\u00dfen lassen, aus dem sie im Leeren Beutel einige gemeinsame St\u00fccke und eigenwillig-sch\u00f6ne Interpretationen vorstellten.<\/p>\n<p>Alle Fotos: Michael Scheiner<\/p>\n","protected":false},"excerpt":{"rendered":"<p>Erst nach mehreren Zugaben durfte das gefeierte Duo mit Jean-Louis Matinier und Kevin Seddiki von der B\u00fchne im Leeren Beutel in Regensburg. Von Michael Scheiner Irgendwann beginnt es im Kopf zu klingeln und Erinnerungen an ein weit entferntes Konzert, \u201eFriday Night in San Francisco\u201c, tauchen bei einigen Akkorden von Kevin Seddiki auf.\u00a0 Seddiki, 1981 in Clermont-Ferrand zur Welt gekommen, ist viel zu jung, um das ein Jahr vor seiner Geburt live mitgeschnittene Konzert der drei Gitarrengr\u00f6\u00dfen Paco de Lucia, John McLaughlin und Al Di Meola erlebt zu haben. Sicher hat er es sp\u00e4ter einmal als Video gesehen. Entscheidender f\u00fcr sein eigenes Spiel auf der nylonbespannten akustischen Gitarre aber ist die Mitgliedschaft in Di Meolas Band World Sinfonia. Vier Jahre spielte der franz\u00f6sische Gitarrist mit algerischen und italienischen Wurzeln in der Band des als \u201eschnellster Gitarrist der Welt\u201c gefeierten Fusionmusikers. Dabei fand auch der eine oder andere Lick des \u00e4lteren Bandleaders seinen Weg in Seddikis Spiel. Von einem Imitat kann bei dem klassisch geschulten Musiker indessen keine Rede sein. Auf jeder Station seiner ungemein weit gef\u00e4cherten k\u00fcnstlerischen Karriere hat er Ideen aufgesogen und in sein vielgestaltiges &hellip;<\/p>\n","protected":false},"author":18,"featured_media":27091,"comment_status":"open","ping_status":"closed","sticky":false,"template":"","format":"standard","meta":{"_jetpack_memberships_contains_paid_content":false,"footnotes":"","jetpack_publicize_message":"","jetpack_publicize_feature_enabled":true,"jetpack_social_post_already_shared":false,"jetpack_social_options":{"image_generator_settings":{"template":"highway","default_image_id":0,"font":"","enabled":false},"version":2}},"categories":[1053],"tags":[33,1043,1826,3914,1457,2890,245,271,1535,737,4051,304,4053,4052,316,322,387,1797,2312,579,3044],"coauthors":[695],"class_list":["post-27083","post","type-post","status-publish","format-standard","has-post-thumbnail","hentry","category-bericht","tag-akkordeon","tag-al-di-meola","tag-anouar-brahem","tag-band","tag-gianluigi-trovesi","tag-gitarre","tag-interview-2","tag-jazzclub","tag-jazzclub-im-leeren-beutel","tag-jazzclub-regensburg","tag-jean-louis-matinier","tag-john-mclaughlin","tag-juliette-greco","tag-kevin-seddiki","tag-klassik","tag-konzert-2","tag-michael-scheiner","tag-regensburg","tag-schlagzeuger","tag-video","tag-zentrum"],"yoast_head":"<!-- This site is optimized with the Yoast SEO plugin v27.5 - https:\/\/yoast.com\/product\/yoast-seo-wordpress\/ -->\n<title>Klangliche Seilt\u00e4nze voller Z\u00e4rtlichkeit - JazzZeitung<\/title>\n<meta name=\"robots\" content=\"index, follow, max-snippet:-1, max-image-preview:large, max-video-preview:-1\" \/>\n<link rel=\"canonical\" href=\"https:\/\/www.jazzzeitung.de\/cms\/2022\/04\/klangliche-seiltaenze-voller-zaertlichkeit\/\" \/>\n<meta property=\"og:locale\" content=\"de_DE\" \/>\n<meta property=\"og:type\" content=\"article\" \/>\n<meta property=\"og:title\" content=\"Klangliche Seilt\u00e4nze voller Z\u00e4rtlichkeit - JazzZeitung\" \/>\n<meta property=\"og:description\" content=\"Erst nach mehreren Zugaben durfte das gefeierte Duo mit Jean-Louis Matinier und Kevin Seddiki von der B\u00fchne im Leeren Beutel in Regensburg. Von Michael Scheiner Irgendwann beginnt es im Kopf zu klingeln und Erinnerungen an ein weit entferntes Konzert, \u201eFriday Night in San Francisco\u201c, tauchen bei einigen Akkorden von Kevin Seddiki auf.\u00a0 Seddiki, 1981 in Clermont-Ferrand zur Welt gekommen, ist viel zu jung, um das ein Jahr vor seiner Geburt live mitgeschnittene Konzert der drei Gitarrengr\u00f6\u00dfen Paco de Lucia, John McLaughlin und Al Di Meola erlebt zu haben. Sicher hat er es sp\u00e4ter einmal als Video gesehen. Entscheidender f\u00fcr sein eigenes Spiel auf der nylonbespannten akustischen Gitarre aber ist die Mitgliedschaft in Di Meolas Band World Sinfonia. Vier Jahre spielte der franz\u00f6sische Gitarrist mit algerischen und italienischen Wurzeln in der Band des als \u201eschnellster Gitarrist der Welt\u201c gefeierten Fusionmusikers. Dabei fand auch der eine oder andere Lick des \u00e4lteren Bandleaders seinen Weg in Seddikis Spiel. Von einem Imitat kann bei dem klassisch geschulten Musiker indessen keine Rede sein. Auf jeder Station seiner ungemein weit gef\u00e4cherten k\u00fcnstlerischen Karriere hat er Ideen aufgesogen und in sein vielgestaltiges &hellip;\" \/>\n<meta property=\"og:url\" content=\"https:\/\/www.jazzzeitung.de\/cms\/2022\/04\/klangliche-seiltaenze-voller-zaertlichkeit\/\" \/>\n<meta property=\"og:site_name\" content=\"JazzZeitung\" \/>\n<meta property=\"article:publisher\" content=\"https:\/\/www.facebook.com\/JazzZeitung\/\" \/>\n<meta property=\"article:published_time\" content=\"2022-04-09T05:57:23+00:00\" \/>\n<meta property=\"og:image\" content=\"https:\/\/www.jazzzeitung.de\/cms\/wp-content\/uploads\/2022\/04\/Seddiki-matinier_45-900x600.jpg\" \/>\n\t<meta property=\"og:image:width\" content=\"900\" \/>\n\t<meta property=\"og:image:height\" content=\"600\" \/>\n\t<meta property=\"og:image:type\" content=\"image\/jpeg\" \/>\n<meta name=\"author\" content=\"Redaktion JazzZeitung\" \/>\n<script type=\"application\/ld+json\" class=\"yoast-schema-graph\">{\"@context\":\"https:\\\/\\\/schema.org\",\"@graph\":[{\"@type\":\"Article\",\"@id\":\"https:\\\/\\\/www.jazzzeitung.de\\\/cms\\\/2022\\\/04\\\/klangliche-seiltaenze-voller-zaertlichkeit\\\/#article\",\"isPartOf\":{\"@id\":\"https:\\\/\\\/www.jazzzeitung.de\\\/cms\\\/2022\\\/04\\\/klangliche-seiltaenze-voller-zaertlichkeit\\\/\"},\"author\":{\"name\":\"Redaktion JazzZeitung\",\"@id\":\"https:\\\/\\\/www.jazzzeitung.de\\\/cms\\\/#\\\/schema\\\/person\\\/2245b36b9cd1d24cea10f01c031fb92b\"},\"headline\":\"Klangliche Seilt\u00e4nze voller Z\u00e4rtlichkeit\",\"datePublished\":\"2022-04-09T05:57:23+00:00\",\"mainEntityOfPage\":{\"@id\":\"https:\\\/\\\/www.jazzzeitung.de\\\/cms\\\/2022\\\/04\\\/klangliche-seiltaenze-voller-zaertlichkeit\\\/\"},\"wordCount\":595,\"commentCount\":0,\"publisher\":{\"@id\":\"https:\\\/\\\/www.jazzzeitung.de\\\/cms\\\/#organization\"},\"image\":{\"@id\":\"https:\\\/\\\/www.jazzzeitung.de\\\/cms\\\/2022\\\/04\\\/klangliche-seiltaenze-voller-zaertlichkeit\\\/#primaryimage\"},\"thumbnailUrl\":\"https:\\\/\\\/i0.wp.com\\\/www.jazzzeitung.de\\\/cms\\\/wp-content\\\/uploads\\\/2022\\\/04\\\/Seddiki-matinier_45.jpg?fit=2362%2C1576&ssl=1\",\"keywords\":[\"Akkordeon\",\"Al Di Meola\",\"Anouar Brahem\",\"Band\",\"Gianluigi Trovesi\",\"Gitarre\",\"Interview\",\"Jazzclub\",\"Jazzclub im Leeren Beutel\",\"Jazzclub Regensburg\",\"Jean-Louis Matinier\",\"John McLaughlin\",\"Juliette Greco\",\"Kevin Seddiki\",\"Klassik\",\"Konzert\",\"Michael Scheiner\",\"Regensburg\",\"Schlagzeuger\",\"Video\",\"Zentrum\"],\"articleSection\":[\"Bericht\"],\"inLanguage\":\"de\",\"potentialAction\":[{\"@type\":\"CommentAction\",\"name\":\"Comment\",\"target\":[\"https:\\\/\\\/www.jazzzeitung.de\\\/cms\\\/2022\\\/04\\\/klangliche-seiltaenze-voller-zaertlichkeit\\\/#respond\"]}]},{\"@type\":\"WebPage\",\"@id\":\"https:\\\/\\\/www.jazzzeitung.de\\\/cms\\\/2022\\\/04\\\/klangliche-seiltaenze-voller-zaertlichkeit\\\/\",\"url\":\"https:\\\/\\\/www.jazzzeitung.de\\\/cms\\\/2022\\\/04\\\/klangliche-seiltaenze-voller-zaertlichkeit\\\/\",\"name\":\"Klangliche Seilt\u00e4nze voller Z\u00e4rtlichkeit - JazzZeitung\",\"isPartOf\":{\"@id\":\"https:\\\/\\\/www.jazzzeitung.de\\\/cms\\\/#website\"},\"primaryImageOfPage\":{\"@id\":\"https:\\\/\\\/www.jazzzeitung.de\\\/cms\\\/2022\\\/04\\\/klangliche-seiltaenze-voller-zaertlichkeit\\\/#primaryimage\"},\"image\":{\"@id\":\"https:\\\/\\\/www.jazzzeitung.de\\\/cms\\\/2022\\\/04\\\/klangliche-seiltaenze-voller-zaertlichkeit\\\/#primaryimage\"},\"thumbnailUrl\":\"https:\\\/\\\/i0.wp.com\\\/www.jazzzeitung.de\\\/cms\\\/wp-content\\\/uploads\\\/2022\\\/04\\\/Seddiki-matinier_45.jpg?fit=2362%2C1576&ssl=1\",\"datePublished\":\"2022-04-09T05:57:23+00:00\",\"breadcrumb\":{\"@id\":\"https:\\\/\\\/www.jazzzeitung.de\\\/cms\\\/2022\\\/04\\\/klangliche-seiltaenze-voller-zaertlichkeit\\\/#breadcrumb\"},\"inLanguage\":\"de\",\"potentialAction\":[{\"@type\":\"ReadAction\",\"target\":[\"https:\\\/\\\/www.jazzzeitung.de\\\/cms\\\/2022\\\/04\\\/klangliche-seiltaenze-voller-zaertlichkeit\\\/\"]}]},{\"@type\":\"ImageObject\",\"inLanguage\":\"de\",\"@id\":\"https:\\\/\\\/www.jazzzeitung.de\\\/cms\\\/2022\\\/04\\\/klangliche-seiltaenze-voller-zaertlichkeit\\\/#primaryimage\",\"url\":\"https:\\\/\\\/i0.wp.com\\\/www.jazzzeitung.de\\\/cms\\\/wp-content\\\/uploads\\\/2022\\\/04\\\/Seddiki-matinier_45.jpg?fit=2362%2C1576&ssl=1\",\"contentUrl\":\"https:\\\/\\\/i0.wp.com\\\/www.jazzzeitung.de\\\/cms\\\/wp-content\\\/uploads\\\/2022\\\/04\\\/Seddiki-matinier_45.jpg?fit=2362%2C1576&ssl=1\",\"width\":2362,\"height\":1576},{\"@type\":\"BreadcrumbList\",\"@id\":\"https:\\\/\\\/www.jazzzeitung.de\\\/cms\\\/2022\\\/04\\\/klangliche-seiltaenze-voller-zaertlichkeit\\\/#breadcrumb\",\"itemListElement\":[{\"@type\":\"ListItem\",\"position\":1,\"name\":\"Startseite\",\"item\":\"https:\\\/\\\/www.jazzzeitung.de\\\/cms\\\/\"},{\"@type\":\"ListItem\",\"position\":2,\"name\":\"Klangliche Seilt\u00e4nze voller Z\u00e4rtlichkeit\"}]},{\"@type\":\"WebSite\",\"@id\":\"https:\\\/\\\/www.jazzzeitung.de\\\/cms\\\/#website\",\"url\":\"https:\\\/\\\/www.jazzzeitung.de\\\/cms\\\/\",\"name\":\"JazzZeitung\",\"description\":\"Jazz-News und Jazz-Kontroverses\",\"publisher\":{\"@id\":\"https:\\\/\\\/www.jazzzeitung.de\\\/cms\\\/#organization\"},\"potentialAction\":[{\"@type\":\"SearchAction\",\"target\":{\"@type\":\"EntryPoint\",\"urlTemplate\":\"https:\\\/\\\/www.jazzzeitung.de\\\/cms\\\/?s={search_term_string}\"},\"query-input\":{\"@type\":\"PropertyValueSpecification\",\"valueRequired\":true,\"valueName\":\"search_term_string\"}}],\"inLanguage\":\"de\"},{\"@type\":\"Organization\",\"@id\":\"https:\\\/\\\/www.jazzzeitung.de\\\/cms\\\/#organization\",\"name\":\"JazzZeitung online\",\"url\":\"https:\\\/\\\/www.jazzzeitung.de\\\/cms\\\/\",\"logo\":{\"@type\":\"ImageObject\",\"inLanguage\":\"de\",\"@id\":\"https:\\\/\\\/www.jazzzeitung.de\\\/cms\\\/#\\\/schema\\\/logo\\\/image\\\/\",\"url\":\"https:\\\/\\\/i0.wp.com\\\/www.jazzzeitung.de\\\/cms\\\/wp-content\\\/uploads\\\/2015\\\/08\\\/JAZZZEITUNGDE_Logo_Neu.png?fit=499%2C200&ssl=1\",\"contentUrl\":\"https:\\\/\\\/i0.wp.com\\\/www.jazzzeitung.de\\\/cms\\\/wp-content\\\/uploads\\\/2015\\\/08\\\/JAZZZEITUNGDE_Logo_Neu.png?fit=499%2C200&ssl=1\",\"width\":499,\"height\":200,\"caption\":\"JazzZeitung online\"},\"image\":{\"@id\":\"https:\\\/\\\/www.jazzzeitung.de\\\/cms\\\/#\\\/schema\\\/logo\\\/image\\\/\"},\"sameAs\":[\"https:\\\/\\\/www.facebook.com\\\/JazzZeitung\\\/\"]},{\"@type\":\"Person\",\"@id\":\"https:\\\/\\\/www.jazzzeitung.de\\\/cms\\\/#\\\/schema\\\/person\\\/2245b36b9cd1d24cea10f01c031fb92b\",\"name\":\"Redaktion JazzZeitung\",\"image\":{\"@type\":\"ImageObject\",\"inLanguage\":\"de\",\"@id\":\"https:\\\/\\\/i0.wp.com\\\/www.jazzzeitung.de\\\/cms\\\/wp-content\\\/uploads\\\/2015\\\/08\\\/JAZZZEITUNGDE_Logo_Neu.png?resize=96%2C96&ssl=159975dcacb611b5700bd619b5daf0a7a\",\"url\":\"https:\\\/\\\/i0.wp.com\\\/www.jazzzeitung.de\\\/cms\\\/wp-content\\\/uploads\\\/2015\\\/08\\\/JAZZZEITUNGDE_Logo_Neu.png?resize=96%2C96&ssl=1\",\"contentUrl\":\"https:\\\/\\\/i0.wp.com\\\/www.jazzzeitung.de\\\/cms\\\/wp-content\\\/uploads\\\/2015\\\/08\\\/JAZZZEITUNGDE_Logo_Neu.png?resize=96%2C96&ssl=1\",\"caption\":\"Redaktion JazzZeitung\"},\"description\":\"Artikel der Redaktion der JazzZeitung.\",\"sameAs\":[\"http:\\\/\\\/www.jazzzeitung.de\\\/cms\\\/\"],\"url\":\"https:\\\/\\\/www.jazzzeitung.de\\\/cms\\\/author\\\/redaktion\\\/\"}]}<\/script>\n<!-- \/ Yoast SEO plugin. -->","yoast_head_json":{"title":"Klangliche Seilt\u00e4nze voller Z\u00e4rtlichkeit - JazzZeitung","robots":{"index":"index","follow":"follow","max-snippet":"max-snippet:-1","max-image-preview":"max-image-preview:large","max-video-preview":"max-video-preview:-1"},"canonical":"https:\/\/www.jazzzeitung.de\/cms\/2022\/04\/klangliche-seiltaenze-voller-zaertlichkeit\/","og_locale":"de_DE","og_type":"article","og_title":"Klangliche Seilt\u00e4nze voller Z\u00e4rtlichkeit - JazzZeitung","og_description":"Erst nach mehreren Zugaben durfte das gefeierte Duo mit Jean-Louis Matinier und Kevin Seddiki von der B\u00fchne im Leeren Beutel in Regensburg. Von Michael Scheiner Irgendwann beginnt es im Kopf zu klingeln und Erinnerungen an ein weit entferntes Konzert, \u201eFriday Night in San Francisco\u201c, tauchen bei einigen Akkorden von Kevin Seddiki auf.\u00a0 Seddiki, 1981 in Clermont-Ferrand zur Welt gekommen, ist viel zu jung, um das ein Jahr vor seiner Geburt live mitgeschnittene Konzert der drei Gitarrengr\u00f6\u00dfen Paco de Lucia, John McLaughlin und Al Di Meola erlebt zu haben. Sicher hat er es sp\u00e4ter einmal als Video gesehen. Entscheidender f\u00fcr sein eigenes Spiel auf der nylonbespannten akustischen Gitarre aber ist die Mitgliedschaft in Di Meolas Band World Sinfonia. Vier Jahre spielte der franz\u00f6sische Gitarrist mit algerischen und italienischen Wurzeln in der Band des als \u201eschnellster Gitarrist der Welt\u201c gefeierten Fusionmusikers. Dabei fand auch der eine oder andere Lick des \u00e4lteren Bandleaders seinen Weg in Seddikis Spiel. Von einem Imitat kann bei dem klassisch geschulten Musiker indessen keine Rede sein. Auf jeder Station seiner ungemein weit gef\u00e4cherten k\u00fcnstlerischen Karriere hat er Ideen aufgesogen und in sein vielgestaltiges &hellip;","og_url":"https:\/\/www.jazzzeitung.de\/cms\/2022\/04\/klangliche-seiltaenze-voller-zaertlichkeit\/","og_site_name":"JazzZeitung","article_publisher":"https:\/\/www.facebook.com\/JazzZeitung\/","article_published_time":"2022-04-09T05:57:23+00:00","og_image":[{"width":900,"height":600,"url":"https:\/\/www.jazzzeitung.de\/cms\/wp-content\/uploads\/2022\/04\/Seddiki-matinier_45-900x600.jpg","type":"image\/jpeg"}],"author":"Redaktion JazzZeitung","schema":{"@context":"https:\/\/schema.org","@graph":[{"@type":"Article","@id":"https:\/\/www.jazzzeitung.de\/cms\/2022\/04\/klangliche-seiltaenze-voller-zaertlichkeit\/#article","isPartOf":{"@id":"https:\/\/www.jazzzeitung.de\/cms\/2022\/04\/klangliche-seiltaenze-voller-zaertlichkeit\/"},"author":{"name":"Redaktion JazzZeitung","@id":"https:\/\/www.jazzzeitung.de\/cms\/#\/schema\/person\/2245b36b9cd1d24cea10f01c031fb92b"},"headline":"Klangliche Seilt\u00e4nze voller Z\u00e4rtlichkeit","datePublished":"2022-04-09T05:57:23+00:00","mainEntityOfPage":{"@id":"https:\/\/www.jazzzeitung.de\/cms\/2022\/04\/klangliche-seiltaenze-voller-zaertlichkeit\/"},"wordCount":595,"commentCount":0,"publisher":{"@id":"https:\/\/www.jazzzeitung.de\/cms\/#organization"},"image":{"@id":"https:\/\/www.jazzzeitung.de\/cms\/2022\/04\/klangliche-seiltaenze-voller-zaertlichkeit\/#primaryimage"},"thumbnailUrl":"https:\/\/i0.wp.com\/www.jazzzeitung.de\/cms\/wp-content\/uploads\/2022\/04\/Seddiki-matinier_45.jpg?fit=2362%2C1576&ssl=1","keywords":["Akkordeon","Al Di Meola","Anouar Brahem","Band","Gianluigi Trovesi","Gitarre","Interview","Jazzclub","Jazzclub im Leeren Beutel","Jazzclub Regensburg","Jean-Louis Matinier","John McLaughlin","Juliette Greco","Kevin Seddiki","Klassik","Konzert","Michael Scheiner","Regensburg","Schlagzeuger","Video","Zentrum"],"articleSection":["Bericht"],"inLanguage":"de","potentialAction":[{"@type":"CommentAction","name":"Comment","target":["https:\/\/www.jazzzeitung.de\/cms\/2022\/04\/klangliche-seiltaenze-voller-zaertlichkeit\/#respond"]}]},{"@type":"WebPage","@id":"https:\/\/www.jazzzeitung.de\/cms\/2022\/04\/klangliche-seiltaenze-voller-zaertlichkeit\/","url":"https:\/\/www.jazzzeitung.de\/cms\/2022\/04\/klangliche-seiltaenze-voller-zaertlichkeit\/","name":"Klangliche Seilt\u00e4nze voller Z\u00e4rtlichkeit - JazzZeitung","isPartOf":{"@id":"https:\/\/www.jazzzeitung.de\/cms\/#website"},"primaryImageOfPage":{"@id":"https:\/\/www.jazzzeitung.de\/cms\/2022\/04\/klangliche-seiltaenze-voller-zaertlichkeit\/#primaryimage"},"image":{"@id":"https:\/\/www.jazzzeitung.de\/cms\/2022\/04\/klangliche-seiltaenze-voller-zaertlichkeit\/#primaryimage"},"thumbnailUrl":"https:\/\/i0.wp.com\/www.jazzzeitung.de\/cms\/wp-content\/uploads\/2022\/04\/Seddiki-matinier_45.jpg?fit=2362%2C1576&ssl=1","datePublished":"2022-04-09T05:57:23+00:00","breadcrumb":{"@id":"https:\/\/www.jazzzeitung.de\/cms\/2022\/04\/klangliche-seiltaenze-voller-zaertlichkeit\/#breadcrumb"},"inLanguage":"de","potentialAction":[{"@type":"ReadAction","target":["https:\/\/www.jazzzeitung.de\/cms\/2022\/04\/klangliche-seiltaenze-voller-zaertlichkeit\/"]}]},{"@type":"ImageObject","inLanguage":"de","@id":"https:\/\/www.jazzzeitung.de\/cms\/2022\/04\/klangliche-seiltaenze-voller-zaertlichkeit\/#primaryimage","url":"https:\/\/i0.wp.com\/www.jazzzeitung.de\/cms\/wp-content\/uploads\/2022\/04\/Seddiki-matinier_45.jpg?fit=2362%2C1576&ssl=1","contentUrl":"https:\/\/i0.wp.com\/www.jazzzeitung.de\/cms\/wp-content\/uploads\/2022\/04\/Seddiki-matinier_45.jpg?fit=2362%2C1576&ssl=1","width":2362,"height":1576},{"@type":"BreadcrumbList","@id":"https:\/\/www.jazzzeitung.de\/cms\/2022\/04\/klangliche-seiltaenze-voller-zaertlichkeit\/#breadcrumb","itemListElement":[{"@type":"ListItem","position":1,"name":"Startseite","item":"https:\/\/www.jazzzeitung.de\/cms\/"},{"@type":"ListItem","position":2,"name":"Klangliche Seilt\u00e4nze voller Z\u00e4rtlichkeit"}]},{"@type":"WebSite","@id":"https:\/\/www.jazzzeitung.de\/cms\/#website","url":"https:\/\/www.jazzzeitung.de\/cms\/","name":"JazzZeitung","description":"Jazz-News und Jazz-Kontroverses","publisher":{"@id":"https:\/\/www.jazzzeitung.de\/cms\/#organization"},"potentialAction":[{"@type":"SearchAction","target":{"@type":"EntryPoint","urlTemplate":"https:\/\/www.jazzzeitung.de\/cms\/?s={search_term_string}"},"query-input":{"@type":"PropertyValueSpecification","valueRequired":true,"valueName":"search_term_string"}}],"inLanguage":"de"},{"@type":"Organization","@id":"https:\/\/www.jazzzeitung.de\/cms\/#organization","name":"JazzZeitung online","url":"https:\/\/www.jazzzeitung.de\/cms\/","logo":{"@type":"ImageObject","inLanguage":"de","@id":"https:\/\/www.jazzzeitung.de\/cms\/#\/schema\/logo\/image\/","url":"https:\/\/i0.wp.com\/www.jazzzeitung.de\/cms\/wp-content\/uploads\/2015\/08\/JAZZZEITUNGDE_Logo_Neu.png?fit=499%2C200&ssl=1","contentUrl":"https:\/\/i0.wp.com\/www.jazzzeitung.de\/cms\/wp-content\/uploads\/2015\/08\/JAZZZEITUNGDE_Logo_Neu.png?fit=499%2C200&ssl=1","width":499,"height":200,"caption":"JazzZeitung online"},"image":{"@id":"https:\/\/www.jazzzeitung.de\/cms\/#\/schema\/logo\/image\/"},"sameAs":["https:\/\/www.facebook.com\/JazzZeitung\/"]},{"@type":"Person","@id":"https:\/\/www.jazzzeitung.de\/cms\/#\/schema\/person\/2245b36b9cd1d24cea10f01c031fb92b","name":"Redaktion JazzZeitung","image":{"@type":"ImageObject","inLanguage":"de","@id":"https:\/\/i0.wp.com\/www.jazzzeitung.de\/cms\/wp-content\/uploads\/2015\/08\/JAZZZEITUNGDE_Logo_Neu.png?resize=96%2C96&ssl=159975dcacb611b5700bd619b5daf0a7a","url":"https:\/\/i0.wp.com\/www.jazzzeitung.de\/cms\/wp-content\/uploads\/2015\/08\/JAZZZEITUNGDE_Logo_Neu.png?resize=96%2C96&ssl=1","contentUrl":"https:\/\/i0.wp.com\/www.jazzzeitung.de\/cms\/wp-content\/uploads\/2015\/08\/JAZZZEITUNGDE_Logo_Neu.png?resize=96%2C96&ssl=1","caption":"Redaktion JazzZeitung"},"description":"Artikel der Redaktion der JazzZeitung.","sameAs":["http:\/\/www.jazzzeitung.de\/cms\/"],"url":"https:\/\/www.jazzzeitung.de\/cms\/author\/redaktion\/"}]}},"wp-worthy-pixel":{"ignored":false,"public":null,"server":null,"url":null},"wp-worthy-type":"normal","jetpack_publicize_connections":[],"cc_featured_image_caption":{"caption_text":"","source_text":"","source_url":""},"jetpack_featured_media_url":"https:\/\/i0.wp.com\/www.jazzzeitung.de\/cms\/wp-content\/uploads\/2022\/04\/Seddiki-matinier_45.jpg?fit=2362%2C1576&ssl=1","jetpack_shortlink":"https:\/\/wp.me\/p3KEcT-72P","jetpack-related-posts":[{"id":4042,"url":"https:\/\/www.jazzzeitung.de\/cms\/2014\/06\/fulminanter-auftritt-des-sun-ra-arkestra-beim-jazzclub-regensburg\/","url_meta":{"origin":27083,"position":0},"title":"Fulminanter Auftritt des Sun Ra Arkestra beim Jazzclub Regensburg","author":"Andreas Kolb","date":"13. Juni 2014","format":false,"excerpt":"Das legend\u00e4re Sun Ra Arkestra gastierte 2014 im Rahmen einer weltweiten Jubilee-Tour anl\u00e4sslich des 100. Geburtstags seines Gr\u00fcnders Sun Ra neben Wien, Salzburg, Amsterdam, und Paris auch in Regensburg. Das Orchester begl\u00fcckte mit einem fulminanten Auftritt beim Jazzclub im Leeren Beutel alle Zuh\u00f6rer und brachte viele zum Tanzen. Michael Scheiner\u2026","rel":"","context":"In &quot;News&quot;","block_context":{"text":"News","link":"https:\/\/www.jazzzeitung.de\/cms\/thema\/nachrichten\/"},"img":{"alt_text":"Foto: Michael Scheiner","src":"https:\/\/i0.wp.com\/www.jazzzeitung.de\/cms\/wp-content\/uploads\/2014\/06\/Allen-Marshall_23.jpg?resize=350%2C200","width":350,"height":200,"srcset":"https:\/\/i0.wp.com\/www.jazzzeitung.de\/cms\/wp-content\/uploads\/2014\/06\/Allen-Marshall_23.jpg?resize=350%2C200 1x, https:\/\/i0.wp.com\/www.jazzzeitung.de\/cms\/wp-content\/uploads\/2014\/06\/Allen-Marshall_23.jpg?resize=525%2C300 1.5x, https:\/\/i0.wp.com\/www.jazzzeitung.de\/cms\/wp-content\/uploads\/2014\/06\/Allen-Marshall_23.jpg?resize=700%2C400 2x, https:\/\/i0.wp.com\/www.jazzzeitung.de\/cms\/wp-content\/uploads\/2014\/06\/Allen-Marshall_23.jpg?resize=1050%2C600 3x, https:\/\/i0.wp.com\/www.jazzzeitung.de\/cms\/wp-content\/uploads\/2014\/06\/Allen-Marshall_23.jpg?resize=1400%2C800 4x"},"classes":[]},{"id":14054,"url":"https:\/\/www.jazzzeitung.de\/cms\/2017\/11\/lyambiko-im-jazzclub-regensburg-relaxte-swingsongs-ueber-die-liebe\/","url_meta":{"origin":27083,"position":1},"title":"Lyambiko im Jazzclub Regensburg: Relaxte Swingsongs \u00fcber die Liebe","author":"Michael Scheiner","date":"2. November 2017","format":false,"excerpt":"An den Fl\u00fcgel gelehnt, sang sie als Zugabe \u201eM\u00fctterlein\u201c. Ohne Mikro, nur mit der Kraft ihrer wandlungsf\u00e4higen Stimme. Freilich nicht in der deutschen Originalversion von Fred Rauch und Gerhard Winkler, sondern in der englischen Interpretation \u201eAnswer Me (My Love)\u201c von Carl Sigman. Damit landete der gro\u00dfe Nat King Cole 1954\u2026","rel":"","context":"In &quot;Bericht&quot;","block_context":{"text":"Bericht","link":"https:\/\/www.jazzzeitung.de\/cms\/thema\/bericht\/"},"img":{"alt_text":"Lyambiko mit Band im Jazzclub Leerer beutel. Foto: Michael Scheiner","src":"https:\/\/i0.wp.com\/www.jazzzeitung.de\/cms\/wp-content\/uploads\/2017\/11\/Lyambiko-Band_86.jpg?fit=1200%2C795&ssl=1&resize=350%2C200","width":350,"height":200,"srcset":"https:\/\/i0.wp.com\/www.jazzzeitung.de\/cms\/wp-content\/uploads\/2017\/11\/Lyambiko-Band_86.jpg?fit=1200%2C795&ssl=1&resize=350%2C200 1x, https:\/\/i0.wp.com\/www.jazzzeitung.de\/cms\/wp-content\/uploads\/2017\/11\/Lyambiko-Band_86.jpg?fit=1200%2C795&ssl=1&resize=525%2C300 1.5x, https:\/\/i0.wp.com\/www.jazzzeitung.de\/cms\/wp-content\/uploads\/2017\/11\/Lyambiko-Band_86.jpg?fit=1200%2C795&ssl=1&resize=700%2C400 2x, https:\/\/i0.wp.com\/www.jazzzeitung.de\/cms\/wp-content\/uploads\/2017\/11\/Lyambiko-Band_86.jpg?fit=1200%2C795&ssl=1&resize=1050%2C600 3x"},"classes":[]},{"id":19556,"url":"https:\/\/www.jazzzeitung.de\/cms\/2019\/05\/mischung-aus-magie-und-poesie-lisa-bassenge-mit-borrowed-and-blue-beim-jazzclub-im-leeren-beutel\/","url_meta":{"origin":27083,"position":2},"title":"Mischung aus Magie und Poesie \u2013 Lisa Bassenge mit \u201eBorrowed and Blue\u201c beim Jazzclub im Leeren Beutel","author":"Michael Scheiner","date":"30. Mai 2019","format":false,"excerpt":"Regensburg. Bei einem eindrucksvollen Konzert stellte die Berliner S\u00e4ngerin Lisa Bassenge k\u00fcrzlich ihr aktuelles Album \u201eBorrowed and Blue\u201c beim Jazzclub Regensburg im Leeren Beutel vor. In einer ruhigen und intimen Atmosph\u00e4re lie\u00dfen der schwedische Pianist Jacob Karlzon und der d\u00e4nische Bassist Andreas Lang zusammen mit Bassenge grazile Welten zwischen Blues,\u2026","rel":"","context":"In &quot;Bericht&quot;","block_context":{"text":"Bericht","link":"https:\/\/www.jazzzeitung.de\/cms\/thema\/bericht\/"},"img":{"alt_text":"","src":"https:\/\/i0.wp.com\/www.jazzzeitung.de\/cms\/wp-content\/uploads\/2019\/05\/image013.jpg?fit=574%2C378&ssl=1&resize=350%2C200","width":350,"height":200,"srcset":"https:\/\/i0.wp.com\/www.jazzzeitung.de\/cms\/wp-content\/uploads\/2019\/05\/image013.jpg?fit=574%2C378&ssl=1&resize=350%2C200 1x, https:\/\/i0.wp.com\/www.jazzzeitung.de\/cms\/wp-content\/uploads\/2019\/05\/image013.jpg?fit=574%2C378&ssl=1&resize=525%2C300 1.5x"},"classes":[]},{"id":29366,"url":"https:\/\/www.jazzzeitung.de\/cms\/2023\/04\/poetische-jazzsongs-mit-humor-und-tiefe\/","url_meta":{"origin":27083,"position":3},"title":"Poetische Jazzsongs mit Humor und Tiefe","author":"Michael Scheiner","date":"25. April 2023","format":false,"excerpt":"Konzert. Um ein Haar w\u00e4re der gro\u00dfartige Auftritt von S\u00e4ngerin Efrat Alony Covid zum Opfer gefallen. \u00a0 Regensburg. Nach au\u00dfen schrill, nach innen poetisch, tr\u00e4umerisch und oft alles andere als geradlinig. Efrat Alonys Songs besch\u00e4ftigen sich auf vielf\u00e4ltige Weise mit Eindr\u00fccken und ihrer Sicht auf die Welt um sie herum\u2026","rel":"","context":"In &quot;Bericht&quot;","block_context":{"text":"Bericht","link":"https:\/\/www.jazzzeitung.de\/cms\/thema\/bericht\/"},"img":{"alt_text":"","src":"https:\/\/i0.wp.com\/www.jazzzeitung.de\/cms\/wp-content\/uploads\/2023\/04\/alony-band_12.jpg?fit=1200%2C769&ssl=1&resize=350%2C200","width":350,"height":200,"srcset":"https:\/\/i0.wp.com\/www.jazzzeitung.de\/cms\/wp-content\/uploads\/2023\/04\/alony-band_12.jpg?fit=1200%2C769&ssl=1&resize=350%2C200 1x, https:\/\/i0.wp.com\/www.jazzzeitung.de\/cms\/wp-content\/uploads\/2023\/04\/alony-band_12.jpg?fit=1200%2C769&ssl=1&resize=525%2C300 1.5x, https:\/\/i0.wp.com\/www.jazzzeitung.de\/cms\/wp-content\/uploads\/2023\/04\/alony-band_12.jpg?fit=1200%2C769&ssl=1&resize=700%2C400 2x, https:\/\/i0.wp.com\/www.jazzzeitung.de\/cms\/wp-content\/uploads\/2023\/04\/alony-band_12.jpg?fit=1200%2C769&ssl=1&resize=1050%2C600 3x"},"classes":[]},{"id":16223,"url":"https:\/\/www.jazzzeitung.de\/cms\/2018\/06\/finnische-klangwelt-von-oddarang-im-leeren-beutel-in-regensburg\/","url_meta":{"origin":27083,"position":4},"title":"Finnische Klangwelt von Oddarang im Leeren Beutel in Regensburg","author":"Redaktion JazzZeitung","date":"5. Juni 2018","format":false,"excerpt":"Finnischer Frauenschwarm am Cello Mehr als drei Reihen vor der B\u00fchne voll besetzt mit jungen Frauen und M\u00e4dchen. Auf einige Besucher des Jazzclubs im Leeren Beutel wirkte das so irritierend, dass sie sich fragten, ob sie beim richtigen Konzert gelandet waren. Der Blick auf die abgedunkelte B\u00fchne mit mehreren Keyboardpults,\u2026","rel":"","context":"In &quot;Bericht&quot;","block_context":{"text":"Bericht","link":"https:\/\/www.jazzzeitung.de\/cms\/thema\/bericht\/"},"img":{"alt_text":"","src":"https:\/\/i0.wp.com\/www.jazzzeitung.de\/cms\/wp-content\/uploads\/2018\/06\/Ikonen-Osmo_51_red-2.jpg?fit=1200%2C1183&ssl=1&resize=350%2C200","width":350,"height":200,"srcset":"https:\/\/i0.wp.com\/www.jazzzeitung.de\/cms\/wp-content\/uploads\/2018\/06\/Ikonen-Osmo_51_red-2.jpg?fit=1200%2C1183&ssl=1&resize=350%2C200 1x, https:\/\/i0.wp.com\/www.jazzzeitung.de\/cms\/wp-content\/uploads\/2018\/06\/Ikonen-Osmo_51_red-2.jpg?fit=1200%2C1183&ssl=1&resize=525%2C300 1.5x, https:\/\/i0.wp.com\/www.jazzzeitung.de\/cms\/wp-content\/uploads\/2018\/06\/Ikonen-Osmo_51_red-2.jpg?fit=1200%2C1183&ssl=1&resize=700%2C400 2x, https:\/\/i0.wp.com\/www.jazzzeitung.de\/cms\/wp-content\/uploads\/2018\/06\/Ikonen-Osmo_51_red-2.jpg?fit=1200%2C1183&ssl=1&resize=1050%2C600 3x"},"classes":[]},{"id":28719,"url":"https:\/\/www.jazzzeitung.de\/cms\/2022\/11\/wuchtige-grooves-stille-momente-kultband-om-im-jazzclub-leerer-beutel\/","url_meta":{"origin":27083,"position":5},"title":"Wuchtige Grooves, stille Momente: Kultband OM im Jazzclub Leerer Beutel","author":"Michael Scheiner","date":"30. November 2022","format":false,"excerpt":"P-M-F\/B, der Titel ist so r\u00e4tselhaft, wie vieldeutig. Mit diesem m\u00e4chtig groovenden St\u00fcck aus ihrem neuen Album \u201eOM 50\u201c fallen die vier Musiker der schweizerischen Kultband beim Jazzclub in Regensburg mit der T\u00fcr ins Haus. Unnachgiebig jagt Bobby Burri mit dem Plektron \u00fcber die Saiten des Kontrabasses, nicht weniger straff\u2026","rel":"","context":"In &quot;Rezension&quot;","block_context":{"text":"Rezension","link":"https:\/\/www.jazzzeitung.de\/cms\/thema\/rezension\/"},"img":{"alt_text":"","src":"https:\/\/i0.wp.com\/www.jazzzeitung.de\/cms\/wp-content\/uploads\/2022\/11\/om-studer_97.jpg?fit=1200%2C769&ssl=1&resize=350%2C200","width":350,"height":200,"srcset":"https:\/\/i0.wp.com\/www.jazzzeitung.de\/cms\/wp-content\/uploads\/2022\/11\/om-studer_97.jpg?fit=1200%2C769&ssl=1&resize=350%2C200 1x, https:\/\/i0.wp.com\/www.jazzzeitung.de\/cms\/wp-content\/uploads\/2022\/11\/om-studer_97.jpg?fit=1200%2C769&ssl=1&resize=525%2C300 1.5x, https:\/\/i0.wp.com\/www.jazzzeitung.de\/cms\/wp-content\/uploads\/2022\/11\/om-studer_97.jpg?fit=1200%2C769&ssl=1&resize=700%2C400 2x, https:\/\/i0.wp.com\/www.jazzzeitung.de\/cms\/wp-content\/uploads\/2022\/11\/om-studer_97.jpg?fit=1200%2C769&ssl=1&resize=1050%2C600 3x"},"classes":[]}],"jetpack_sharing_enabled":true,"_links":{"self":[{"href":"https:\/\/www.jazzzeitung.de\/cms\/wp-json\/wp\/v2\/posts\/27083","targetHints":{"allow":["GET"]}}],"collection":[{"href":"https:\/\/www.jazzzeitung.de\/cms\/wp-json\/wp\/v2\/posts"}],"about":[{"href":"https:\/\/www.jazzzeitung.de\/cms\/wp-json\/wp\/v2\/types\/post"}],"author":[{"embeddable":true,"href":"https:\/\/www.jazzzeitung.de\/cms\/wp-json\/wp\/v2\/users\/18"}],"replies":[{"embeddable":true,"href":"https:\/\/www.jazzzeitung.de\/cms\/wp-json\/wp\/v2\/comments?post=27083"}],"version-history":[{"count":5,"href":"https:\/\/www.jazzzeitung.de\/cms\/wp-json\/wp\/v2\/posts\/27083\/revisions"}],"predecessor-version":[{"id":27096,"href":"https:\/\/www.jazzzeitung.de\/cms\/wp-json\/wp\/v2\/posts\/27083\/revisions\/27096"}],"wp:featuredmedia":[{"embeddable":true,"href":"https:\/\/www.jazzzeitung.de\/cms\/wp-json\/wp\/v2\/media\/27091"}],"wp:attachment":[{"href":"https:\/\/www.jazzzeitung.de\/cms\/wp-json\/wp\/v2\/media?parent=27083"}],"wp:term":[{"taxonomy":"category","embeddable":true,"href":"https:\/\/www.jazzzeitung.de\/cms\/wp-json\/wp\/v2\/categories?post=27083"},{"taxonomy":"post_tag","embeddable":true,"href":"https:\/\/www.jazzzeitung.de\/cms\/wp-json\/wp\/v2\/tags?post=27083"},{"taxonomy":"author","embeddable":true,"href":"https:\/\/www.jazzzeitung.de\/cms\/wp-json\/wp\/v2\/coauthors?post=27083"}],"curies":[{"name":"wp","href":"https:\/\/api.w.org\/{rel}","templated":true}]}}