{"id":26949,"date":"2022-03-29T09:00:25","date_gmt":"2022-03-29T07:00:25","guid":{"rendered":"https:\/\/www.jazzzeitung.de\/cms\/?p=26949"},"modified":"2022-03-28T16:15:38","modified_gmt":"2022-03-28T14:15:38","slug":"jacob-karlzon-trio-beim-bmw-welt-jazz-award","status":"publish","type":"post","link":"https:\/\/www.jazzzeitung.de\/cms\/2022\/03\/jacob-karlzon-trio-beim-bmw-welt-jazz-award\/","title":{"rendered":"Jacob Karlzon Trio beim BMW Welt Jazz Award"},"content":{"rendered":"<p>Der 2010 in seiner Heimat Schweden als Jazz-Musiker des Jahres ausgezeichnete Pianist Jacob Karlzon macht schon immer Musik f\u00fcr den inneren Film. In der BMW Welt spielte er zusamen mit\u00a0 Morten Ramsb\u00f8l am Bass und Rasmus Kihlberg am Schlagzeug am 22. M\u00e4rz das 2. Konzert des diesj\u00e4hrigen BMW Welt Jazz Awards mit 5 weiteren Teilnehmerbands. Den Zuh\u00f6rern im Doppelkegel pr\u00e4sentierte Karlzon keine Kurzfilme, sondern gro\u00dfes Kino: Er h\u00e4ngte die St\u00fccke \u00fcbergangslos aneinander und lie\u00df derart eine ausladende Jazzsuite entstehen, die mittels stupender Technik und tiefer Empfindung seinerseits bei den Zuh\u00f6rern gro\u00dfe Emotionen weckte.<\/p>\n<p>Ungebremste schwedische Spielfreude konnte Thomas J. Krebs auf seinen Schwarzwei\u00df-Bildern festhalten.<\/p>\n<figure id=\"attachment_26971\" aria-describedby=\"caption-attachment-26971\" style=\"width: 300px\" class=\"wp-caption alignleft\"><img data-recalc-dims=\"1\" loading=\"lazy\" decoding=\"async\" data-attachment-id=\"26971\" data-permalink=\"https:\/\/www.jazzzeitung.de\/cms\/2022\/03\/jacob-karlzon-trio-beim-bmw-welt-jazz-award\/p1710856-sw-karlzon-trio-foto-tj-krebshell\/\" data-orig-file=\"https:\/\/i0.wp.com\/www.jazzzeitung.de\/cms\/wp-content\/uploads\/2022\/03\/P1710856-sw-Karlzon-Trio-Foto-TJ-KrebsHELL.jpg?fit=1200%2C800&amp;ssl=1\" data-orig-size=\"1200,800\" data-comments-opened=\"1\" data-image-meta=\"{&quot;aperture&quot;:&quot;0&quot;,&quot;credit&quot;:&quot;&quot;,&quot;camera&quot;:&quot;&quot;,&quot;caption&quot;:&quot;&quot;,&quot;created_timestamp&quot;:&quot;0&quot;,&quot;copyright&quot;:&quot;&quot;,&quot;focal_length&quot;:&quot;0&quot;,&quot;iso&quot;:&quot;0&quot;,&quot;shutter_speed&quot;:&quot;0&quot;,&quot;title&quot;:&quot;&quot;,&quot;orientation&quot;:&quot;1&quot;}\" data-image-title=\"\" data-image-description=\"\" data-image-caption=\"\" data-large-file=\"https:\/\/i0.wp.com\/www.jazzzeitung.de\/cms\/wp-content\/uploads\/2022\/03\/P1710856-sw-Karlzon-Trio-Foto-TJ-KrebsHELL.jpg?fit=840%2C560&amp;ssl=1\" class=\"wp-image-26971 size-medium\" src=\"https:\/\/i0.wp.com\/www.jazzzeitung.de\/cms\/wp-content\/uploads\/2022\/03\/P1710856-sw-Karlzon-Trio-Foto-TJ-KrebsHELL.jpg?resize=300%2C200&#038;ssl=1\" alt=\"\" width=\"300\" height=\"200\" srcset=\"https:\/\/i0.wp.com\/www.jazzzeitung.de\/cms\/wp-content\/uploads\/2022\/03\/P1710856-sw-Karlzon-Trio-Foto-TJ-KrebsHELL.jpg?resize=300%2C200&amp;ssl=1 300w, https:\/\/i0.wp.com\/www.jazzzeitung.de\/cms\/wp-content\/uploads\/2022\/03\/P1710856-sw-Karlzon-Trio-Foto-TJ-KrebsHELL.jpg?resize=900%2C600&amp;ssl=1 900w, https:\/\/i0.wp.com\/www.jazzzeitung.de\/cms\/wp-content\/uploads\/2022\/03\/P1710856-sw-Karlzon-Trio-Foto-TJ-KrebsHELL.jpg?resize=768%2C512&amp;ssl=1 768w, https:\/\/i0.wp.com\/www.jazzzeitung.de\/cms\/wp-content\/uploads\/2022\/03\/P1710856-sw-Karlzon-Trio-Foto-TJ-KrebsHELL.jpg?resize=120%2C80&amp;ssl=1 120w, https:\/\/i0.wp.com\/www.jazzzeitung.de\/cms\/wp-content\/uploads\/2022\/03\/P1710856-sw-Karlzon-Trio-Foto-TJ-KrebsHELL.jpg?w=1200&amp;ssl=1 1200w\" sizes=\"auto, (max-width: 300px) 100vw, 300px\" \/><figcaption id=\"caption-attachment-26971\" class=\"wp-caption-text\">Das Jacob Karlzon Trio in der BMW Welt Foto: Thomas J. Krebs<\/figcaption><\/figure>\n<figure id=\"attachment_26970\" aria-describedby=\"caption-attachment-26970\" style=\"width: 200px\" class=\"wp-caption alignleft\"><img data-recalc-dims=\"1\" loading=\"lazy\" decoding=\"async\" data-attachment-id=\"26970\" data-permalink=\"https:\/\/www.jazzzeitung.de\/cms\/2022\/03\/jacob-karlzon-trio-beim-bmw-welt-jazz-award\/p1710876-sw-ramsbol-foto-tj-krebshell\/\" data-orig-file=\"https:\/\/i0.wp.com\/www.jazzzeitung.de\/cms\/wp-content\/uploads\/2022\/03\/P1710876-sw-Ramsbol-Foto-TJ-KrebsHELL.jpg?fit=800%2C1200&amp;ssl=1\" data-orig-size=\"800,1200\" data-comments-opened=\"1\" data-image-meta=\"{&quot;aperture&quot;:&quot;0&quot;,&quot;credit&quot;:&quot;&quot;,&quot;camera&quot;:&quot;&quot;,&quot;caption&quot;:&quot;&quot;,&quot;created_timestamp&quot;:&quot;0&quot;,&quot;copyright&quot;:&quot;&quot;,&quot;focal_length&quot;:&quot;0&quot;,&quot;iso&quot;:&quot;0&quot;,&quot;shutter_speed&quot;:&quot;0&quot;,&quot;title&quot;:&quot;&quot;,&quot;orientation&quot;:&quot;1&quot;}\" data-image-title=\"\" data-image-description=\"\" data-image-caption=\"\" data-large-file=\"https:\/\/i0.wp.com\/www.jazzzeitung.de\/cms\/wp-content\/uploads\/2022\/03\/P1710876-sw-Ramsbol-Foto-TJ-KrebsHELL.jpg?fit=400%2C600&amp;ssl=1\" class=\"wp-image-26970 size-medium\" src=\"https:\/\/i0.wp.com\/www.jazzzeitung.de\/cms\/wp-content\/uploads\/2022\/03\/P1710876-sw-Ramsbol-Foto-TJ-KrebsHELL.jpg?resize=200%2C300&#038;ssl=1\" alt=\"\" width=\"200\" height=\"300\" srcset=\"https:\/\/i0.wp.com\/www.jazzzeitung.de\/cms\/wp-content\/uploads\/2022\/03\/P1710876-sw-Ramsbol-Foto-TJ-KrebsHELL.jpg?resize=200%2C300&amp;ssl=1 200w, https:\/\/i0.wp.com\/www.jazzzeitung.de\/cms\/wp-content\/uploads\/2022\/03\/P1710876-sw-Ramsbol-Foto-TJ-KrebsHELL.jpg?resize=400%2C600&amp;ssl=1 400w, https:\/\/i0.wp.com\/www.jazzzeitung.de\/cms\/wp-content\/uploads\/2022\/03\/P1710876-sw-Ramsbol-Foto-TJ-KrebsHELL.jpg?resize=768%2C1152&amp;ssl=1 768w, https:\/\/i0.wp.com\/www.jazzzeitung.de\/cms\/wp-content\/uploads\/2022\/03\/P1710876-sw-Ramsbol-Foto-TJ-KrebsHELL.jpg?w=800&amp;ssl=1 800w\" sizes=\"auto, (max-width: 200px) 100vw, 200px\" \/><figcaption id=\"caption-attachment-26970\" class=\"wp-caption-text\">Bassist Morten Ramsb\u00f8l Foto: T. J. Krebs<\/figcaption><\/figure>\n<figure id=\"attachment_26967\" aria-describedby=\"caption-attachment-26967\" style=\"width: 200px\" class=\"wp-caption alignleft\"><img data-recalc-dims=\"1\" loading=\"lazy\" decoding=\"async\" data-attachment-id=\"26967\" data-permalink=\"https:\/\/www.jazzzeitung.de\/cms\/2022\/03\/jacob-karlzon-trio-beim-bmw-welt-jazz-award\/p1710884-sw-kihlberg-trio-foto-tj-krebshell\/\" data-orig-file=\"https:\/\/i0.wp.com\/www.jazzzeitung.de\/cms\/wp-content\/uploads\/2022\/03\/P1710884-sw-Kihlberg-Trio-Foto-TJ-KrebsHELL.jpg?fit=800%2C1200&amp;ssl=1\" data-orig-size=\"800,1200\" data-comments-opened=\"1\" data-image-meta=\"{&quot;aperture&quot;:&quot;0&quot;,&quot;credit&quot;:&quot;&quot;,&quot;camera&quot;:&quot;&quot;,&quot;caption&quot;:&quot;&quot;,&quot;created_timestamp&quot;:&quot;0&quot;,&quot;copyright&quot;:&quot;&quot;,&quot;focal_length&quot;:&quot;0&quot;,&quot;iso&quot;:&quot;0&quot;,&quot;shutter_speed&quot;:&quot;0&quot;,&quot;title&quot;:&quot;&quot;,&quot;orientation&quot;:&quot;1&quot;}\" data-image-title=\"\" data-image-description=\"\" data-image-caption=\"\" data-large-file=\"https:\/\/i0.wp.com\/www.jazzzeitung.de\/cms\/wp-content\/uploads\/2022\/03\/P1710884-sw-Kihlberg-Trio-Foto-TJ-KrebsHELL.jpg?fit=400%2C600&amp;ssl=1\" class=\"wp-image-26967 size-medium\" src=\"https:\/\/i0.wp.com\/www.jazzzeitung.de\/cms\/wp-content\/uploads\/2022\/03\/P1710884-sw-Kihlberg-Trio-Foto-TJ-KrebsHELL.jpg?resize=200%2C300&#038;ssl=1\" alt=\"\" width=\"200\" height=\"300\" srcset=\"https:\/\/i0.wp.com\/www.jazzzeitung.de\/cms\/wp-content\/uploads\/2022\/03\/P1710884-sw-Kihlberg-Trio-Foto-TJ-KrebsHELL.jpg?resize=200%2C300&amp;ssl=1 200w, https:\/\/i0.wp.com\/www.jazzzeitung.de\/cms\/wp-content\/uploads\/2022\/03\/P1710884-sw-Kihlberg-Trio-Foto-TJ-KrebsHELL.jpg?resize=400%2C600&amp;ssl=1 400w, https:\/\/i0.wp.com\/www.jazzzeitung.de\/cms\/wp-content\/uploads\/2022\/03\/P1710884-sw-Kihlberg-Trio-Foto-TJ-KrebsHELL.jpg?resize=768%2C1152&amp;ssl=1 768w, https:\/\/i0.wp.com\/www.jazzzeitung.de\/cms\/wp-content\/uploads\/2022\/03\/P1710884-sw-Kihlberg-Trio-Foto-TJ-KrebsHELL.jpg?w=800&amp;ssl=1 800w\" sizes=\"auto, (max-width: 200px) 100vw, 200px\" \/><figcaption id=\"caption-attachment-26967\" class=\"wp-caption-text\">Schlagzeuger Rasmus Kihlberg Foto: T. J. Krebs<\/figcaption><\/figure>\n<figure id=\"attachment_26966\" aria-describedby=\"caption-attachment-26966\" style=\"width: 200px\" class=\"wp-caption alignleft\"><img data-recalc-dims=\"1\" loading=\"lazy\" decoding=\"async\" data-attachment-id=\"26966\" data-permalink=\"https:\/\/www.jazzzeitung.de\/cms\/2022\/03\/jacob-karlzon-trio-beim-bmw-welt-jazz-award\/p1721052-sw-karlzon-foto-tj-krebshell\/\" data-orig-file=\"https:\/\/i0.wp.com\/www.jazzzeitung.de\/cms\/wp-content\/uploads\/2022\/03\/P1721052-sw-Karlzon-Foto-TJ-KrebsHELL.jpg?fit=800%2C1200&amp;ssl=1\" data-orig-size=\"800,1200\" data-comments-opened=\"1\" data-image-meta=\"{&quot;aperture&quot;:&quot;0&quot;,&quot;credit&quot;:&quot;&quot;,&quot;camera&quot;:&quot;&quot;,&quot;caption&quot;:&quot;&quot;,&quot;created_timestamp&quot;:&quot;0&quot;,&quot;copyright&quot;:&quot;&quot;,&quot;focal_length&quot;:&quot;0&quot;,&quot;iso&quot;:&quot;0&quot;,&quot;shutter_speed&quot;:&quot;0&quot;,&quot;title&quot;:&quot;&quot;,&quot;orientation&quot;:&quot;1&quot;}\" data-image-title=\"\" data-image-description=\"\" data-image-caption=\"\" data-large-file=\"https:\/\/i0.wp.com\/www.jazzzeitung.de\/cms\/wp-content\/uploads\/2022\/03\/P1721052-sw-Karlzon-Foto-TJ-KrebsHELL.jpg?fit=400%2C600&amp;ssl=1\" class=\"wp-image-26966 size-medium\" src=\"https:\/\/i0.wp.com\/www.jazzzeitung.de\/cms\/wp-content\/uploads\/2022\/03\/P1721052-sw-Karlzon-Foto-TJ-KrebsHELL.jpg?resize=200%2C300&#038;ssl=1\" alt=\"\" width=\"200\" height=\"300\" srcset=\"https:\/\/i0.wp.com\/www.jazzzeitung.de\/cms\/wp-content\/uploads\/2022\/03\/P1721052-sw-Karlzon-Foto-TJ-KrebsHELL.jpg?resize=200%2C300&amp;ssl=1 200w, https:\/\/i0.wp.com\/www.jazzzeitung.de\/cms\/wp-content\/uploads\/2022\/03\/P1721052-sw-Karlzon-Foto-TJ-KrebsHELL.jpg?resize=400%2C600&amp;ssl=1 400w, https:\/\/i0.wp.com\/www.jazzzeitung.de\/cms\/wp-content\/uploads\/2022\/03\/P1721052-sw-Karlzon-Foto-TJ-KrebsHELL.jpg?resize=768%2C1152&amp;ssl=1 768w, https:\/\/i0.wp.com\/www.jazzzeitung.de\/cms\/wp-content\/uploads\/2022\/03\/P1721052-sw-Karlzon-Foto-TJ-KrebsHELL.jpg?w=800&amp;ssl=1 800w\" sizes=\"auto, (max-width: 200px) 100vw, 200px\" \/><figcaption id=\"caption-attachment-26966\" class=\"wp-caption-text\">Pianist Jacob Karlzon Foto: T. J. Krebs<\/figcaption><\/figure>\n<p data-wp-editing=\"1\"><img data-recalc-dims=\"1\" loading=\"lazy\" decoding=\"async\" data-attachment-id=\"26969\" data-permalink=\"https:\/\/www.jazzzeitung.de\/cms\/2022\/03\/jacob-karlzon-trio-beim-bmw-welt-jazz-award\/p1721059-sw-karlzon-foto-tj-krebshell\/\" data-orig-file=\"https:\/\/i0.wp.com\/www.jazzzeitung.de\/cms\/wp-content\/uploads\/2022\/03\/P1721059-sw-Karlzon-Foto-TJ-KrebsHELL.jpg?fit=800%2C1167&amp;ssl=1\" data-orig-size=\"800,1167\" data-comments-opened=\"1\" data-image-meta=\"{&quot;aperture&quot;:&quot;0&quot;,&quot;credit&quot;:&quot;&quot;,&quot;camera&quot;:&quot;&quot;,&quot;caption&quot;:&quot;&quot;,&quot;created_timestamp&quot;:&quot;0&quot;,&quot;copyright&quot;:&quot;&quot;,&quot;focal_length&quot;:&quot;0&quot;,&quot;iso&quot;:&quot;0&quot;,&quot;shutter_speed&quot;:&quot;0&quot;,&quot;title&quot;:&quot;&quot;,&quot;orientation&quot;:&quot;1&quot;}\" data-image-title=\"\" data-image-description=\"\" data-image-caption=\"\" data-large-file=\"https:\/\/i0.wp.com\/www.jazzzeitung.de\/cms\/wp-content\/uploads\/2022\/03\/P1721059-sw-Karlzon-Foto-TJ-KrebsHELL.jpg?fit=411%2C600&amp;ssl=1\" class=\"alignleft size-medium wp-image-26969\" src=\"https:\/\/i0.wp.com\/www.jazzzeitung.de\/cms\/wp-content\/uploads\/2022\/03\/P1721059-sw-Karlzon-Foto-TJ-KrebsHELL.jpg?resize=206%2C300&#038;ssl=1\" alt=\"\" width=\"206\" height=\"300\" srcset=\"https:\/\/i0.wp.com\/www.jazzzeitung.de\/cms\/wp-content\/uploads\/2022\/03\/P1721059-sw-Karlzon-Foto-TJ-KrebsHELL.jpg?resize=206%2C300&amp;ssl=1 206w, https:\/\/i0.wp.com\/www.jazzzeitung.de\/cms\/wp-content\/uploads\/2022\/03\/P1721059-sw-Karlzon-Foto-TJ-KrebsHELL.jpg?resize=411%2C600&amp;ssl=1 411w, https:\/\/i0.wp.com\/www.jazzzeitung.de\/cms\/wp-content\/uploads\/2022\/03\/P1721059-sw-Karlzon-Foto-TJ-KrebsHELL.jpg?resize=768%2C1120&amp;ssl=1 768w, https:\/\/i0.wp.com\/www.jazzzeitung.de\/cms\/wp-content\/uploads\/2022\/03\/P1721059-sw-Karlzon-Foto-TJ-KrebsHELL.jpg?w=800&amp;ssl=1 800w\" sizes=\"auto, (max-width: 206px) 100vw, 206px\" \/><img data-recalc-dims=\"1\" loading=\"lazy\" decoding=\"async\" data-attachment-id=\"26968\" data-permalink=\"https:\/\/www.jazzzeitung.de\/cms\/2022\/03\/jacob-karlzon-trio-beim-bmw-welt-jazz-award\/p1710988-sw-karlzon-foto-tj-krebshell\/\" data-orig-file=\"https:\/\/i0.wp.com\/www.jazzzeitung.de\/cms\/wp-content\/uploads\/2022\/03\/P1710988-sw-Karlzon-Foto-TJ-KrebsHELL.jpg?fit=800%2C1200&amp;ssl=1\" data-orig-size=\"800,1200\" data-comments-opened=\"1\" data-image-meta=\"{&quot;aperture&quot;:&quot;0&quot;,&quot;credit&quot;:&quot;&quot;,&quot;camera&quot;:&quot;&quot;,&quot;caption&quot;:&quot;&quot;,&quot;created_timestamp&quot;:&quot;0&quot;,&quot;copyright&quot;:&quot;&quot;,&quot;focal_length&quot;:&quot;0&quot;,&quot;iso&quot;:&quot;0&quot;,&quot;shutter_speed&quot;:&quot;0&quot;,&quot;title&quot;:&quot;&quot;,&quot;orientation&quot;:&quot;1&quot;}\" data-image-title=\"\" data-image-description=\"\" data-image-caption=\"\" data-large-file=\"https:\/\/i0.wp.com\/www.jazzzeitung.de\/cms\/wp-content\/uploads\/2022\/03\/P1710988-sw-Karlzon-Foto-TJ-KrebsHELL.jpg?fit=400%2C600&amp;ssl=1\" class=\"alignleft size-medium wp-image-26968\" src=\"https:\/\/i0.wp.com\/www.jazzzeitung.de\/cms\/wp-content\/uploads\/2022\/03\/P1710988-sw-Karlzon-Foto-TJ-KrebsHELL.jpg?resize=200%2C300&#038;ssl=1\" alt=\"\" width=\"200\" height=\"300\" srcset=\"https:\/\/i0.wp.com\/www.jazzzeitung.de\/cms\/wp-content\/uploads\/2022\/03\/P1710988-sw-Karlzon-Foto-TJ-KrebsHELL.jpg?resize=200%2C300&amp;ssl=1 200w, https:\/\/i0.wp.com\/www.jazzzeitung.de\/cms\/wp-content\/uploads\/2022\/03\/P1710988-sw-Karlzon-Foto-TJ-KrebsHELL.jpg?resize=400%2C600&amp;ssl=1 400w, https:\/\/i0.wp.com\/www.jazzzeitung.de\/cms\/wp-content\/uploads\/2022\/03\/P1710988-sw-Karlzon-Foto-TJ-KrebsHELL.jpg?resize=768%2C1152&amp;ssl=1 768w, https:\/\/i0.wp.com\/www.jazzzeitung.de\/cms\/wp-content\/uploads\/2022\/03\/P1710988-sw-Karlzon-Foto-TJ-KrebsHELL.jpg?w=800&amp;ssl=1 800w\" sizes=\"auto, (max-width: 200px) 100vw, 200px\" \/><\/p>\n<p>&nbsp;<\/p>\n<p>&nbsp;<\/p>\n<p>&nbsp;<\/p>\n<p>&nbsp;<\/p>\n<p>&nbsp;<\/p>\n<p>&nbsp;<\/p>\n<p>&nbsp;<\/p>\n<p>&nbsp;<\/p>\n<p>&nbsp;<\/p>\n<p>&nbsp;<\/p>\n<p>&nbsp;<\/p>\n<p>&nbsp;<\/p>\n<p>&nbsp;<\/p>\n<p>&nbsp;<\/p>\n<p>&nbsp;<\/p>\n<p>Weiter mit dem Wettbewerb geht es am 5. April 2022: Da spielt die israelische Pianistin Anat Fort mit ihrem Trio. Die Pianistin Fort geh\u00f6rt zu der Riege israelischer, in New York gro\u00df gewordener Musiker, die den aktuellen Jazz wesentlich mitpr\u00e4gen. Sie selbst lebt inzwischen wieder in Israel, was ihrer weltweiten Beachtung keinen Abbruch getan hat. Seit \u00fcber 20 Jahren spielt sie mit dem Bassisten Gary Wang und dem Schlagzeuger Roland Schneider zusammen. Das daraus erwachsene blinde Verst\u00e4ndnis ist die Basis f\u00fcr au\u00dfergew\u00f6hnliche improvisatorische Freiheit.<\/p>\n<p>Informationen zum Wettbewerb unter: <a href=\"https:\/\/www.bmw-welt.com\/de\/experience\/jazz-award-2022.html\">https:\/\/www.bmw-welt.com\/de\/experience\/jazz-award-2022.html<\/a><\/p>\n<p>&nbsp;<\/p>\n","protected":false},"excerpt":{"rendered":"<p>Der 2010 in seiner Heimat Schweden als Jazz-Musiker des Jahres ausgezeichnete Pianist Jacob Karlzon macht schon immer Musik f\u00fcr den inneren Film. In der BMW Welt spielte er zusamen mit\u00a0 Morten Ramsb\u00f8l am Bass und Rasmus Kihlberg am Schlagzeug am 22. M\u00e4rz das 2. Konzert des diesj\u00e4hrigen BMW Welt Jazz Awards mit 5 weiteren Teilnehmerbands. Den Zuh\u00f6rern im Doppelkegel pr\u00e4sentierte Karlzon keine Kurzfilme, sondern gro\u00dfes Kino: Er h\u00e4ngte die St\u00fccke \u00fcbergangslos aneinander und lie\u00df derart eine ausladende Jazzsuite entstehen, die mittels stupender Technik und tiefer Empfindung seinerseits bei den Zuh\u00f6rern gro\u00dfe Emotionen weckte. Ungebremste schwedische Spielfreude konnte Thomas J. Krebs auf seinen Schwarzwei\u00df-Bildern festhalten. &nbsp; &nbsp; &nbsp; &nbsp; &nbsp; &nbsp; &nbsp; &nbsp; &nbsp; &nbsp; &nbsp; &nbsp; &nbsp; &nbsp; &nbsp; Weiter mit dem Wettbewerb geht es am 5. April 2022: Da spielt die israelische Pianistin Anat Fort mit ihrem Trio. Die Pianistin Fort geh\u00f6rt zu der Riege israelischer, in New York gro\u00df gewordener Musiker, die den aktuellen Jazz wesentlich mitpr\u00e4gen. Sie selbst lebt inzwischen wieder in Israel, was ihrer weltweiten Beachtung keinen Abbruch getan hat. Seit \u00fcber 20 Jahren spielt sie mit dem Bassisten Gary Wang &hellip;<\/p>\n","protected":false},"author":18,"featured_media":26950,"comment_status":"open","ping_status":"closed","sticky":false,"template":"","format":"standard","meta":{"_jetpack_memberships_contains_paid_content":false,"footnotes":"","jetpack_publicize_message":"","jetpack_publicize_feature_enabled":true,"jetpack_social_post_already_shared":false,"jetpack_social_options":{"image_generator_settings":{"template":"highway","default_image_id":0,"font":"","enabled":false},"version":2}},"categories":[652,633],"tags":[4023,1763,3503,3998,149,2462,4022,1876,322,904,1564,2312,494,1260,19,3959],"coauthors":[695],"class_list":["post-26949","post","type-post","status-publish","format-standard","has-post-thumbnail","hentry","category-galerie","category-nachrichten","tag-anat-fort","tag-bass","tag-bmw","tag-bmw-welt-jazz-award-2022","tag-doppelkegel","tag-jacob-karlzon","tag-jacob-karlzon-trio","tag-jazz","tag-konzert-2","tag-new-york","tag-schlagzeug","tag-schlagzeuger","tag-schweden","tag-thomas-j-krebs","tag-wettbewerb","tag-york"],"yoast_head":"<!-- This site is optimized with the Yoast SEO plugin v27.5 - https:\/\/yoast.com\/product\/yoast-seo-wordpress\/ -->\n<title>Jacob Karlzon Trio beim BMW Welt Jazz Award - JazzZeitung<\/title>\n<meta name=\"robots\" content=\"index, follow, max-snippet:-1, max-image-preview:large, max-video-preview:-1\" \/>\n<link rel=\"canonical\" href=\"https:\/\/www.jazzzeitung.de\/cms\/2022\/03\/jacob-karlzon-trio-beim-bmw-welt-jazz-award\/\" \/>\n<meta property=\"og:locale\" content=\"de_DE\" \/>\n<meta property=\"og:type\" content=\"article\" \/>\n<meta property=\"og:title\" content=\"Jacob Karlzon Trio beim BMW Welt Jazz Award - JazzZeitung\" \/>\n<meta property=\"og:description\" content=\"Der 2010 in seiner Heimat Schweden als Jazz-Musiker des Jahres ausgezeichnete Pianist Jacob Karlzon macht schon immer Musik f\u00fcr den inneren Film. In der BMW Welt spielte er zusamen mit\u00a0 Morten Ramsb\u00f8l am Bass und Rasmus Kihlberg am Schlagzeug am 22. M\u00e4rz das 2. Konzert des diesj\u00e4hrigen BMW Welt Jazz Awards mit 5 weiteren Teilnehmerbands. Den Zuh\u00f6rern im Doppelkegel pr\u00e4sentierte Karlzon keine Kurzfilme, sondern gro\u00dfes Kino: Er h\u00e4ngte die St\u00fccke \u00fcbergangslos aneinander und lie\u00df derart eine ausladende Jazzsuite entstehen, die mittels stupender Technik und tiefer Empfindung seinerseits bei den Zuh\u00f6rern gro\u00dfe Emotionen weckte. Ungebremste schwedische Spielfreude konnte Thomas J. Krebs auf seinen Schwarzwei\u00df-Bildern festhalten. &nbsp; &nbsp; &nbsp; &nbsp; &nbsp; &nbsp; &nbsp; &nbsp; &nbsp; &nbsp; &nbsp; &nbsp; &nbsp; &nbsp; &nbsp; Weiter mit dem Wettbewerb geht es am 5. April 2022: Da spielt die israelische Pianistin Anat Fort mit ihrem Trio. Die Pianistin Fort geh\u00f6rt zu der Riege israelischer, in New York gro\u00df gewordener Musiker, die den aktuellen Jazz wesentlich mitpr\u00e4gen. Sie selbst lebt inzwischen wieder in Israel, was ihrer weltweiten Beachtung keinen Abbruch getan hat. Seit \u00fcber 20 Jahren spielt sie mit dem Bassisten Gary Wang &hellip;\" \/>\n<meta property=\"og:url\" content=\"https:\/\/www.jazzzeitung.de\/cms\/2022\/03\/jacob-karlzon-trio-beim-bmw-welt-jazz-award\/\" \/>\n<meta property=\"og:site_name\" content=\"JazzZeitung\" \/>\n<meta property=\"article:publisher\" content=\"https:\/\/www.facebook.com\/JazzZeitung\/\" \/>\n<meta property=\"article:published_time\" content=\"2022-03-29T07:00:25+00:00\" \/>\n<meta property=\"og:image\" content=\"https:\/\/i0.wp.com\/www.jazzzeitung.de\/cms\/wp-content\/uploads\/2022\/03\/P1710856-sw-Karlzon-Trio-Foto-TJ-Krebs.jpg?fit=1200%2C800&ssl=1\" \/>\n\t<meta property=\"og:image:width\" content=\"1200\" \/>\n\t<meta property=\"og:image:height\" content=\"800\" \/>\n\t<meta property=\"og:image:type\" content=\"image\/jpeg\" \/>\n<meta name=\"author\" content=\"Redaktion JazzZeitung\" \/>\n<script type=\"application\/ld+json\" class=\"yoast-schema-graph\">{\"@context\":\"https:\\\/\\\/schema.org\",\"@graph\":[{\"@type\":\"Article\",\"@id\":\"https:\\\/\\\/www.jazzzeitung.de\\\/cms\\\/2022\\\/03\\\/jacob-karlzon-trio-beim-bmw-welt-jazz-award\\\/#article\",\"isPartOf\":{\"@id\":\"https:\\\/\\\/www.jazzzeitung.de\\\/cms\\\/2022\\\/03\\\/jacob-karlzon-trio-beim-bmw-welt-jazz-award\\\/\"},\"author\":{\"name\":\"Redaktion JazzZeitung\",\"@id\":\"https:\\\/\\\/www.jazzzeitung.de\\\/cms\\\/#\\\/schema\\\/person\\\/2245b36b9cd1d24cea10f01c031fb92b\"},\"headline\":\"Jacob Karlzon Trio beim BMW Welt Jazz Award\",\"datePublished\":\"2022-03-29T07:00:25+00:00\",\"mainEntityOfPage\":{\"@id\":\"https:\\\/\\\/www.jazzzeitung.de\\\/cms\\\/2022\\\/03\\\/jacob-karlzon-trio-beim-bmw-welt-jazz-award\\\/\"},\"wordCount\":297,\"commentCount\":0,\"publisher\":{\"@id\":\"https:\\\/\\\/www.jazzzeitung.de\\\/cms\\\/#organization\"},\"image\":{\"@id\":\"https:\\\/\\\/www.jazzzeitung.de\\\/cms\\\/2022\\\/03\\\/jacob-karlzon-trio-beim-bmw-welt-jazz-award\\\/#primaryimage\"},\"thumbnailUrl\":\"https:\\\/\\\/i0.wp.com\\\/www.jazzzeitung.de\\\/cms\\\/wp-content\\\/uploads\\\/2022\\\/03\\\/P1710856-sw-Karlzon-Trio-Foto-TJ-Krebs.jpg?fit=1200%2C800&ssl=1\",\"keywords\":[\"Anat Fort\",\"Bass\",\"BMW\",\"BMW Welt Jazz Award 2022\",\"Doppelkegel\",\"Jacob Karlzon\",\"Jacob Karlzon Trio\",\"Jazz\",\"Konzert\",\"New York\",\"Schlagzeug\",\"Schlagzeuger\",\"Schweden\",\"Thomas J. Krebs\",\"Wettbewerb\",\"York\"],\"articleSection\":[\"Galerie\",\"News\"],\"inLanguage\":\"de\",\"potentialAction\":[{\"@type\":\"CommentAction\",\"name\":\"Comment\",\"target\":[\"https:\\\/\\\/www.jazzzeitung.de\\\/cms\\\/2022\\\/03\\\/jacob-karlzon-trio-beim-bmw-welt-jazz-award\\\/#respond\"]}]},{\"@type\":\"WebPage\",\"@id\":\"https:\\\/\\\/www.jazzzeitung.de\\\/cms\\\/2022\\\/03\\\/jacob-karlzon-trio-beim-bmw-welt-jazz-award\\\/\",\"url\":\"https:\\\/\\\/www.jazzzeitung.de\\\/cms\\\/2022\\\/03\\\/jacob-karlzon-trio-beim-bmw-welt-jazz-award\\\/\",\"name\":\"Jacob Karlzon Trio beim BMW Welt Jazz Award - JazzZeitung\",\"isPartOf\":{\"@id\":\"https:\\\/\\\/www.jazzzeitung.de\\\/cms\\\/#website\"},\"primaryImageOfPage\":{\"@id\":\"https:\\\/\\\/www.jazzzeitung.de\\\/cms\\\/2022\\\/03\\\/jacob-karlzon-trio-beim-bmw-welt-jazz-award\\\/#primaryimage\"},\"image\":{\"@id\":\"https:\\\/\\\/www.jazzzeitung.de\\\/cms\\\/2022\\\/03\\\/jacob-karlzon-trio-beim-bmw-welt-jazz-award\\\/#primaryimage\"},\"thumbnailUrl\":\"https:\\\/\\\/i0.wp.com\\\/www.jazzzeitung.de\\\/cms\\\/wp-content\\\/uploads\\\/2022\\\/03\\\/P1710856-sw-Karlzon-Trio-Foto-TJ-Krebs.jpg?fit=1200%2C800&ssl=1\",\"datePublished\":\"2022-03-29T07:00:25+00:00\",\"breadcrumb\":{\"@id\":\"https:\\\/\\\/www.jazzzeitung.de\\\/cms\\\/2022\\\/03\\\/jacob-karlzon-trio-beim-bmw-welt-jazz-award\\\/#breadcrumb\"},\"inLanguage\":\"de\",\"potentialAction\":[{\"@type\":\"ReadAction\",\"target\":[\"https:\\\/\\\/www.jazzzeitung.de\\\/cms\\\/2022\\\/03\\\/jacob-karlzon-trio-beim-bmw-welt-jazz-award\\\/\"]}]},{\"@type\":\"ImageObject\",\"inLanguage\":\"de\",\"@id\":\"https:\\\/\\\/www.jazzzeitung.de\\\/cms\\\/2022\\\/03\\\/jacob-karlzon-trio-beim-bmw-welt-jazz-award\\\/#primaryimage\",\"url\":\"https:\\\/\\\/i0.wp.com\\\/www.jazzzeitung.de\\\/cms\\\/wp-content\\\/uploads\\\/2022\\\/03\\\/P1710856-sw-Karlzon-Trio-Foto-TJ-Krebs.jpg?fit=1200%2C800&ssl=1\",\"contentUrl\":\"https:\\\/\\\/i0.wp.com\\\/www.jazzzeitung.de\\\/cms\\\/wp-content\\\/uploads\\\/2022\\\/03\\\/P1710856-sw-Karlzon-Trio-Foto-TJ-Krebs.jpg?fit=1200%2C800&ssl=1\",\"width\":1200,\"height\":800,\"caption\":\"Jacob Karlzon Trio in der BMW Welt Foto: T.J. Krebs\"},{\"@type\":\"BreadcrumbList\",\"@id\":\"https:\\\/\\\/www.jazzzeitung.de\\\/cms\\\/2022\\\/03\\\/jacob-karlzon-trio-beim-bmw-welt-jazz-award\\\/#breadcrumb\",\"itemListElement\":[{\"@type\":\"ListItem\",\"position\":1,\"name\":\"Startseite\",\"item\":\"https:\\\/\\\/www.jazzzeitung.de\\\/cms\\\/\"},{\"@type\":\"ListItem\",\"position\":2,\"name\":\"Jacob Karlzon Trio beim BMW Welt Jazz Award\"}]},{\"@type\":\"WebSite\",\"@id\":\"https:\\\/\\\/www.jazzzeitung.de\\\/cms\\\/#website\",\"url\":\"https:\\\/\\\/www.jazzzeitung.de\\\/cms\\\/\",\"name\":\"JazzZeitung\",\"description\":\"Jazz-News und Jazz-Kontroverses\",\"publisher\":{\"@id\":\"https:\\\/\\\/www.jazzzeitung.de\\\/cms\\\/#organization\"},\"potentialAction\":[{\"@type\":\"SearchAction\",\"target\":{\"@type\":\"EntryPoint\",\"urlTemplate\":\"https:\\\/\\\/www.jazzzeitung.de\\\/cms\\\/?s={search_term_string}\"},\"query-input\":{\"@type\":\"PropertyValueSpecification\",\"valueRequired\":true,\"valueName\":\"search_term_string\"}}],\"inLanguage\":\"de\"},{\"@type\":\"Organization\",\"@id\":\"https:\\\/\\\/www.jazzzeitung.de\\\/cms\\\/#organization\",\"name\":\"JazzZeitung online\",\"url\":\"https:\\\/\\\/www.jazzzeitung.de\\\/cms\\\/\",\"logo\":{\"@type\":\"ImageObject\",\"inLanguage\":\"de\",\"@id\":\"https:\\\/\\\/www.jazzzeitung.de\\\/cms\\\/#\\\/schema\\\/logo\\\/image\\\/\",\"url\":\"https:\\\/\\\/i0.wp.com\\\/www.jazzzeitung.de\\\/cms\\\/wp-content\\\/uploads\\\/2015\\\/08\\\/JAZZZEITUNGDE_Logo_Neu.png?fit=499%2C200&ssl=1\",\"contentUrl\":\"https:\\\/\\\/i0.wp.com\\\/www.jazzzeitung.de\\\/cms\\\/wp-content\\\/uploads\\\/2015\\\/08\\\/JAZZZEITUNGDE_Logo_Neu.png?fit=499%2C200&ssl=1\",\"width\":499,\"height\":200,\"caption\":\"JazzZeitung online\"},\"image\":{\"@id\":\"https:\\\/\\\/www.jazzzeitung.de\\\/cms\\\/#\\\/schema\\\/logo\\\/image\\\/\"},\"sameAs\":[\"https:\\\/\\\/www.facebook.com\\\/JazzZeitung\\\/\"]},{\"@type\":\"Person\",\"@id\":\"https:\\\/\\\/www.jazzzeitung.de\\\/cms\\\/#\\\/schema\\\/person\\\/2245b36b9cd1d24cea10f01c031fb92b\",\"name\":\"Redaktion JazzZeitung\",\"image\":{\"@type\":\"ImageObject\",\"inLanguage\":\"de\",\"@id\":\"https:\\\/\\\/i0.wp.com\\\/www.jazzzeitung.de\\\/cms\\\/wp-content\\\/uploads\\\/2015\\\/08\\\/JAZZZEITUNGDE_Logo_Neu.png?resize=96%2C96&ssl=159975dcacb611b5700bd619b5daf0a7a\",\"url\":\"https:\\\/\\\/i0.wp.com\\\/www.jazzzeitung.de\\\/cms\\\/wp-content\\\/uploads\\\/2015\\\/08\\\/JAZZZEITUNGDE_Logo_Neu.png?resize=96%2C96&ssl=1\",\"contentUrl\":\"https:\\\/\\\/i0.wp.com\\\/www.jazzzeitung.de\\\/cms\\\/wp-content\\\/uploads\\\/2015\\\/08\\\/JAZZZEITUNGDE_Logo_Neu.png?resize=96%2C96&ssl=1\",\"caption\":\"Redaktion JazzZeitung\"},\"description\":\"Artikel der Redaktion der JazzZeitung.\",\"sameAs\":[\"http:\\\/\\\/www.jazzzeitung.de\\\/cms\\\/\"],\"url\":\"https:\\\/\\\/www.jazzzeitung.de\\\/cms\\\/author\\\/redaktion\\\/\"}]}<\/script>\n<!-- \/ Yoast SEO plugin. -->","yoast_head_json":{"title":"Jacob Karlzon Trio beim BMW Welt Jazz Award - JazzZeitung","robots":{"index":"index","follow":"follow","max-snippet":"max-snippet:-1","max-image-preview":"max-image-preview:large","max-video-preview":"max-video-preview:-1"},"canonical":"https:\/\/www.jazzzeitung.de\/cms\/2022\/03\/jacob-karlzon-trio-beim-bmw-welt-jazz-award\/","og_locale":"de_DE","og_type":"article","og_title":"Jacob Karlzon Trio beim BMW Welt Jazz Award - JazzZeitung","og_description":"Der 2010 in seiner Heimat Schweden als Jazz-Musiker des Jahres ausgezeichnete Pianist Jacob Karlzon macht schon immer Musik f\u00fcr den inneren Film. In der BMW Welt spielte er zusamen mit\u00a0 Morten Ramsb\u00f8l am Bass und Rasmus Kihlberg am Schlagzeug am 22. M\u00e4rz das 2. Konzert des diesj\u00e4hrigen BMW Welt Jazz Awards mit 5 weiteren Teilnehmerbands. Den Zuh\u00f6rern im Doppelkegel pr\u00e4sentierte Karlzon keine Kurzfilme, sondern gro\u00dfes Kino: Er h\u00e4ngte die St\u00fccke \u00fcbergangslos aneinander und lie\u00df derart eine ausladende Jazzsuite entstehen, die mittels stupender Technik und tiefer Empfindung seinerseits bei den Zuh\u00f6rern gro\u00dfe Emotionen weckte. Ungebremste schwedische Spielfreude konnte Thomas J. Krebs auf seinen Schwarzwei\u00df-Bildern festhalten. &nbsp; &nbsp; &nbsp; &nbsp; &nbsp; &nbsp; &nbsp; &nbsp; &nbsp; &nbsp; &nbsp; &nbsp; &nbsp; &nbsp; &nbsp; Weiter mit dem Wettbewerb geht es am 5. April 2022: Da spielt die israelische Pianistin Anat Fort mit ihrem Trio. Die Pianistin Fort geh\u00f6rt zu der Riege israelischer, in New York gro\u00df gewordener Musiker, die den aktuellen Jazz wesentlich mitpr\u00e4gen. Sie selbst lebt inzwischen wieder in Israel, was ihrer weltweiten Beachtung keinen Abbruch getan hat. Seit \u00fcber 20 Jahren spielt sie mit dem Bassisten Gary Wang &hellip;","og_url":"https:\/\/www.jazzzeitung.de\/cms\/2022\/03\/jacob-karlzon-trio-beim-bmw-welt-jazz-award\/","og_site_name":"JazzZeitung","article_publisher":"https:\/\/www.facebook.com\/JazzZeitung\/","article_published_time":"2022-03-29T07:00:25+00:00","og_image":[{"width":1200,"height":800,"url":"https:\/\/i0.wp.com\/www.jazzzeitung.de\/cms\/wp-content\/uploads\/2022\/03\/P1710856-sw-Karlzon-Trio-Foto-TJ-Krebs.jpg?fit=1200%2C800&ssl=1","type":"image\/jpeg"}],"author":"Redaktion JazzZeitung","schema":{"@context":"https:\/\/schema.org","@graph":[{"@type":"Article","@id":"https:\/\/www.jazzzeitung.de\/cms\/2022\/03\/jacob-karlzon-trio-beim-bmw-welt-jazz-award\/#article","isPartOf":{"@id":"https:\/\/www.jazzzeitung.de\/cms\/2022\/03\/jacob-karlzon-trio-beim-bmw-welt-jazz-award\/"},"author":{"name":"Redaktion JazzZeitung","@id":"https:\/\/www.jazzzeitung.de\/cms\/#\/schema\/person\/2245b36b9cd1d24cea10f01c031fb92b"},"headline":"Jacob Karlzon Trio beim BMW Welt Jazz Award","datePublished":"2022-03-29T07:00:25+00:00","mainEntityOfPage":{"@id":"https:\/\/www.jazzzeitung.de\/cms\/2022\/03\/jacob-karlzon-trio-beim-bmw-welt-jazz-award\/"},"wordCount":297,"commentCount":0,"publisher":{"@id":"https:\/\/www.jazzzeitung.de\/cms\/#organization"},"image":{"@id":"https:\/\/www.jazzzeitung.de\/cms\/2022\/03\/jacob-karlzon-trio-beim-bmw-welt-jazz-award\/#primaryimage"},"thumbnailUrl":"https:\/\/i0.wp.com\/www.jazzzeitung.de\/cms\/wp-content\/uploads\/2022\/03\/P1710856-sw-Karlzon-Trio-Foto-TJ-Krebs.jpg?fit=1200%2C800&ssl=1","keywords":["Anat Fort","Bass","BMW","BMW Welt Jazz Award 2022","Doppelkegel","Jacob Karlzon","Jacob Karlzon Trio","Jazz","Konzert","New York","Schlagzeug","Schlagzeuger","Schweden","Thomas J. Krebs","Wettbewerb","York"],"articleSection":["Galerie","News"],"inLanguage":"de","potentialAction":[{"@type":"CommentAction","name":"Comment","target":["https:\/\/www.jazzzeitung.de\/cms\/2022\/03\/jacob-karlzon-trio-beim-bmw-welt-jazz-award\/#respond"]}]},{"@type":"WebPage","@id":"https:\/\/www.jazzzeitung.de\/cms\/2022\/03\/jacob-karlzon-trio-beim-bmw-welt-jazz-award\/","url":"https:\/\/www.jazzzeitung.de\/cms\/2022\/03\/jacob-karlzon-trio-beim-bmw-welt-jazz-award\/","name":"Jacob Karlzon Trio beim BMW Welt Jazz Award - JazzZeitung","isPartOf":{"@id":"https:\/\/www.jazzzeitung.de\/cms\/#website"},"primaryImageOfPage":{"@id":"https:\/\/www.jazzzeitung.de\/cms\/2022\/03\/jacob-karlzon-trio-beim-bmw-welt-jazz-award\/#primaryimage"},"image":{"@id":"https:\/\/www.jazzzeitung.de\/cms\/2022\/03\/jacob-karlzon-trio-beim-bmw-welt-jazz-award\/#primaryimage"},"thumbnailUrl":"https:\/\/i0.wp.com\/www.jazzzeitung.de\/cms\/wp-content\/uploads\/2022\/03\/P1710856-sw-Karlzon-Trio-Foto-TJ-Krebs.jpg?fit=1200%2C800&ssl=1","datePublished":"2022-03-29T07:00:25+00:00","breadcrumb":{"@id":"https:\/\/www.jazzzeitung.de\/cms\/2022\/03\/jacob-karlzon-trio-beim-bmw-welt-jazz-award\/#breadcrumb"},"inLanguage":"de","potentialAction":[{"@type":"ReadAction","target":["https:\/\/www.jazzzeitung.de\/cms\/2022\/03\/jacob-karlzon-trio-beim-bmw-welt-jazz-award\/"]}]},{"@type":"ImageObject","inLanguage":"de","@id":"https:\/\/www.jazzzeitung.de\/cms\/2022\/03\/jacob-karlzon-trio-beim-bmw-welt-jazz-award\/#primaryimage","url":"https:\/\/i0.wp.com\/www.jazzzeitung.de\/cms\/wp-content\/uploads\/2022\/03\/P1710856-sw-Karlzon-Trio-Foto-TJ-Krebs.jpg?fit=1200%2C800&ssl=1","contentUrl":"https:\/\/i0.wp.com\/www.jazzzeitung.de\/cms\/wp-content\/uploads\/2022\/03\/P1710856-sw-Karlzon-Trio-Foto-TJ-Krebs.jpg?fit=1200%2C800&ssl=1","width":1200,"height":800,"caption":"Jacob Karlzon Trio in der BMW Welt Foto: T.J. Krebs"},{"@type":"BreadcrumbList","@id":"https:\/\/www.jazzzeitung.de\/cms\/2022\/03\/jacob-karlzon-trio-beim-bmw-welt-jazz-award\/#breadcrumb","itemListElement":[{"@type":"ListItem","position":1,"name":"Startseite","item":"https:\/\/www.jazzzeitung.de\/cms\/"},{"@type":"ListItem","position":2,"name":"Jacob Karlzon Trio beim BMW Welt Jazz Award"}]},{"@type":"WebSite","@id":"https:\/\/www.jazzzeitung.de\/cms\/#website","url":"https:\/\/www.jazzzeitung.de\/cms\/","name":"JazzZeitung","description":"Jazz-News und Jazz-Kontroverses","publisher":{"@id":"https:\/\/www.jazzzeitung.de\/cms\/#organization"},"potentialAction":[{"@type":"SearchAction","target":{"@type":"EntryPoint","urlTemplate":"https:\/\/www.jazzzeitung.de\/cms\/?s={search_term_string}"},"query-input":{"@type":"PropertyValueSpecification","valueRequired":true,"valueName":"search_term_string"}}],"inLanguage":"de"},{"@type":"Organization","@id":"https:\/\/www.jazzzeitung.de\/cms\/#organization","name":"JazzZeitung online","url":"https:\/\/www.jazzzeitung.de\/cms\/","logo":{"@type":"ImageObject","inLanguage":"de","@id":"https:\/\/www.jazzzeitung.de\/cms\/#\/schema\/logo\/image\/","url":"https:\/\/i0.wp.com\/www.jazzzeitung.de\/cms\/wp-content\/uploads\/2015\/08\/JAZZZEITUNGDE_Logo_Neu.png?fit=499%2C200&ssl=1","contentUrl":"https:\/\/i0.wp.com\/www.jazzzeitung.de\/cms\/wp-content\/uploads\/2015\/08\/JAZZZEITUNGDE_Logo_Neu.png?fit=499%2C200&ssl=1","width":499,"height":200,"caption":"JazzZeitung online"},"image":{"@id":"https:\/\/www.jazzzeitung.de\/cms\/#\/schema\/logo\/image\/"},"sameAs":["https:\/\/www.facebook.com\/JazzZeitung\/"]},{"@type":"Person","@id":"https:\/\/www.jazzzeitung.de\/cms\/#\/schema\/person\/2245b36b9cd1d24cea10f01c031fb92b","name":"Redaktion JazzZeitung","image":{"@type":"ImageObject","inLanguage":"de","@id":"https:\/\/i0.wp.com\/www.jazzzeitung.de\/cms\/wp-content\/uploads\/2015\/08\/JAZZZEITUNGDE_Logo_Neu.png?resize=96%2C96&ssl=159975dcacb611b5700bd619b5daf0a7a","url":"https:\/\/i0.wp.com\/www.jazzzeitung.de\/cms\/wp-content\/uploads\/2015\/08\/JAZZZEITUNGDE_Logo_Neu.png?resize=96%2C96&ssl=1","contentUrl":"https:\/\/i0.wp.com\/www.jazzzeitung.de\/cms\/wp-content\/uploads\/2015\/08\/JAZZZEITUNGDE_Logo_Neu.png?resize=96%2C96&ssl=1","caption":"Redaktion JazzZeitung"},"description":"Artikel der Redaktion der JazzZeitung.","sameAs":["http:\/\/www.jazzzeitung.de\/cms\/"],"url":"https:\/\/www.jazzzeitung.de\/cms\/author\/redaktion\/"}]}},"wp-worthy-pixel":{"ignored":false,"public":null,"server":null,"url":null},"wp-worthy-type":"normal","jetpack_publicize_connections":[],"cc_featured_image_caption":{"caption_text":"","source_text":"","source_url":""},"jetpack_featured_media_url":"https:\/\/i0.wp.com\/www.jazzzeitung.de\/cms\/wp-content\/uploads\/2022\/03\/P1710856-sw-Karlzon-Trio-Foto-TJ-Krebs.jpg?fit=1200%2C800&ssl=1","jetpack_shortlink":"https:\/\/wp.me\/p3KEcT-70F","jetpack-related-posts":[{"id":5774,"url":"https:\/\/www.jazzzeitung.de\/cms\/2015\/03\/news-bmw-welt-jazz-award-kinderjazzfestival-leipzig-jazz-im-theater\/","url_meta":{"origin":26949,"position":0},"title":"News: BMW Welt Jazz Award +++ Kinderjazzfestival Leipzig +++ Jazz im Theater","author":"Redaktion JazzZeitung","date":"24. M\u00e4rz 2015","format":false,"excerpt":"Finalisten des BMW Welt Jazz Award stehen fest Das \u00f6sterreichische FAT \u2013 Fabulous Austrian Trio und das Manu Codjia Trio aus Frankreich sind die beiden Finalisten beim BMW Welt Jazz Award 2015. Die Fachjury hat die beiden Ensembles f\u00fcr das gro\u00dfe Finale am 18. April 2015 im Auditorium der BMW\u2026","rel":"","context":"In &quot;News&quot;","block_context":{"text":"News","link":"https:\/\/www.jazzzeitung.de\/cms\/thema\/nachrichten\/"},"img":{"alt_text":"Das Manu Codjia Trio bei der Matinee im Doppelkegel. Foto: Thomas J. Krebs","src":"https:\/\/i0.wp.com\/www.jazzzeitung.de\/cms\/wp-content\/uploads\/2015\/03\/11-Manu-Codjia-Trio-P1470073-Copyright-TJ-Krebs-jazzphotoagency%40web.de_-150x150.jpg?resize=350%2C200","width":350,"height":200},"classes":[]},{"id":26844,"url":"https:\/\/www.jazzzeitung.de\/cms\/2022\/03\/julia-huelsmann-trio-eroeffnet-die-12-konzert-competition-bmw-welt-jazz-award\/","url_meta":{"origin":26949,"position":1},"title":"Julia H\u00fclsmann Trio er\u00f6ffnet die 12. Konzert-Competition BMW Welt Jazz Award","author":"Redaktion JazzZeitung","date":"9. M\u00e4rz 2022","format":false,"excerpt":"Mit viel Liebe zum motivischen Detail er\u00f6ffnete das Julia H\u00fclsmann Trio die neue Runde des BMW-Welt Jazz Award. Nach der Corona-Zwangspause wollte man 2022 befreit wieder neustarten, die aktuelle politische Lage sorgte allerdings f\u00fcr eine entsprechend ged\u00e4mpfte Stimmung bei allen Teilnehmern. Das Konzert war gut besucht, die ber\u00fchmte Schlange vor\u2026","rel":"","context":"In &quot;Bericht&quot;","block_context":{"text":"Bericht","link":"https:\/\/www.jazzzeitung.de\/cms\/thema\/bericht\/"},"img":{"alt_text":"","src":"https:\/\/i0.wp.com\/www.jazzzeitung.de\/cms\/wp-content\/uploads\/2022\/03\/P1688409-Huelsman-Trio-Foto-TJ-Krebs.jpg?fit=1200%2C800&ssl=1&resize=350%2C200","width":350,"height":200,"srcset":"https:\/\/i0.wp.com\/www.jazzzeitung.de\/cms\/wp-content\/uploads\/2022\/03\/P1688409-Huelsman-Trio-Foto-TJ-Krebs.jpg?fit=1200%2C800&ssl=1&resize=350%2C200 1x, https:\/\/i0.wp.com\/www.jazzzeitung.de\/cms\/wp-content\/uploads\/2022\/03\/P1688409-Huelsman-Trio-Foto-TJ-Krebs.jpg?fit=1200%2C800&ssl=1&resize=525%2C300 1.5x, https:\/\/i0.wp.com\/www.jazzzeitung.de\/cms\/wp-content\/uploads\/2022\/03\/P1688409-Huelsman-Trio-Foto-TJ-Krebs.jpg?fit=1200%2C800&ssl=1&resize=700%2C400 2x, https:\/\/i0.wp.com\/www.jazzzeitung.de\/cms\/wp-content\/uploads\/2022\/03\/P1688409-Huelsman-Trio-Foto-TJ-Krebs.jpg?fit=1200%2C800&ssl=1&resize=1050%2C600 3x"},"classes":[]},{"id":26769,"url":"https:\/\/www.jazzzeitung.de\/cms\/2022\/03\/bmw-welt-jazz-award-2022-sechs-pianisten-mit-ihren-internationalen-ensembles-kaempfen-um-die-key-position\/","url_meta":{"origin":26949,"position":2},"title":"BMW Welt Jazz Award 2022: Sechs Pianisten mit ihren internationalen Ensembles k\u00e4mpfen um die &#8222;Key Position&#8220;.","author":"Redaktion JazzZeitung","date":"4. M\u00e4rz 2022","format":false,"excerpt":"Der BMW Weit Jazz Award geht 2022 in seine dreizehnte Saison. An sechs Soireen zwischen M\u00e4rz und April pr\u00e4sentieren sich unter dem Motto \"Key Position\" hochkar\u00e4tige, von Tastenk\u00f6niginnen und-k\u00f6nigen geleitete Jazz-Bands in der einzigartigen Atmosph\u00e4re des Doppelkegels der M\u00fcnchener BMW Weit. Es spielen Musikerinnen und Musiker aus Deutschland, Schweden, Is\u00adrael,\u2026","rel":"","context":"In &quot;News&quot;","block_context":{"text":"News","link":"https:\/\/www.jazzzeitung.de\/cms\/thema\/nachrichten\/"},"img":{"alt_text":"","src":"https:\/\/i0.wp.com\/www.jazzzeitung.de\/cms\/wp-content\/uploads\/2022\/02\/P90449758_highRes_bmw-welt-jazz-award--scaled.jpg?fit=1200%2C675&ssl=1&resize=350%2C200","width":350,"height":200,"srcset":"https:\/\/i0.wp.com\/www.jazzzeitung.de\/cms\/wp-content\/uploads\/2022\/02\/P90449758_highRes_bmw-welt-jazz-award--scaled.jpg?fit=1200%2C675&ssl=1&resize=350%2C200 1x, https:\/\/i0.wp.com\/www.jazzzeitung.de\/cms\/wp-content\/uploads\/2022\/02\/P90449758_highRes_bmw-welt-jazz-award--scaled.jpg?fit=1200%2C675&ssl=1&resize=525%2C300 1.5x, https:\/\/i0.wp.com\/www.jazzzeitung.de\/cms\/wp-content\/uploads\/2022\/02\/P90449758_highRes_bmw-welt-jazz-award--scaled.jpg?fit=1200%2C675&ssl=1&resize=700%2C400 2x, https:\/\/i0.wp.com\/www.jazzzeitung.de\/cms\/wp-content\/uploads\/2022\/02\/P90449758_highRes_bmw-welt-jazz-award--scaled.jpg?fit=1200%2C675&ssl=1&resize=1050%2C600 3x"},"classes":[]},{"id":27751,"url":"https:\/\/www.jazzzeitung.de\/cms\/2022\/07\/marco-mezquida-trio-gewinnt-bmw-welt-jazz-award-2022\/","url_meta":{"origin":26949,"position":3},"title":"Marco Mezquida Trio gewinnt BMW Welt Jazz Award 2022","author":"Redaktion JazzZeitung","date":"11. Juli 2022","format":false,"excerpt":"M\u00fcnchen. Beim Finale des BMW Welt Jazz Award 2022 am vergangenen Samstag konnte das Marco Mezquida Trio die Experten-Jury von sich \u00fcberzeugen. Zusammen mit Aleix Tobias am Schlagzeug und Mart\u00edn Mel\u00e9ndez am Cello setzte sich der Pianist Marco Mezquida am Samstagabend beim Finale im Auditorium der BMW Welt gegen das\u2026","rel":"","context":"In &quot;News&quot;","block_context":{"text":"News","link":"https:\/\/www.jazzzeitung.de\/cms\/thema\/nachrichten\/"},"img":{"alt_text":"","src":"https:\/\/i0.wp.com\/www.jazzzeitung.de\/cms\/wp-content\/uploads\/2022\/07\/P1957019-Mezquida-Foto-TJ-Krebs.jpg?fit=1200%2C822&ssl=1&resize=350%2C200","width":350,"height":200,"srcset":"https:\/\/i0.wp.com\/www.jazzzeitung.de\/cms\/wp-content\/uploads\/2022\/07\/P1957019-Mezquida-Foto-TJ-Krebs.jpg?fit=1200%2C822&ssl=1&resize=350%2C200 1x, https:\/\/i0.wp.com\/www.jazzzeitung.de\/cms\/wp-content\/uploads\/2022\/07\/P1957019-Mezquida-Foto-TJ-Krebs.jpg?fit=1200%2C822&ssl=1&resize=525%2C300 1.5x, https:\/\/i0.wp.com\/www.jazzzeitung.de\/cms\/wp-content\/uploads\/2022\/07\/P1957019-Mezquida-Foto-TJ-Krebs.jpg?fit=1200%2C822&ssl=1&resize=700%2C400 2x, https:\/\/i0.wp.com\/www.jazzzeitung.de\/cms\/wp-content\/uploads\/2022\/07\/P1957019-Mezquida-Foto-TJ-Krebs.jpg?fit=1200%2C822&ssl=1&resize=1050%2C600 3x"},"classes":[]},{"id":10159,"url":"https:\/\/www.jazzzeitung.de\/cms\/2016\/09\/newssoul-blues-jazz-rb-partyjazzfestival-wuerzburgaline-frazaos-und-jacob-karlzon\/","url_meta":{"origin":26949,"position":4},"title":"+++ News +++ Soul-Blues-Jazz-R&#038;B-Party in Oberthulba +++ Jazzfestival W\u00fcrzburg +++ Aline Fraz\u00e3os und Jacob Karlzon +++","author":"Redaktion JazzZeitung","date":"27. September 2016","format":false,"excerpt":"+++ Soul-Blues-Jazz-R&B-Party +++ Am 21.10.16 um 20 Uhr geben Adriano Prestl & Matthias Bublath Band ein Konzert auf der Piano B\u00fchne in Oberthulba. In den M\u00fcncher Soul-Funk-Blues & Jazz Locations wird der junge Adriano mit seiner \"schwarzen\" Stimme von den vielen Fans dieser Musik verehrt. Auch bei Filmmusik , TV-und\u2026","rel":"","context":"In &quot;News&quot;","block_context":{"text":"News","link":"https:\/\/www.jazzzeitung.de\/cms\/thema\/nachrichten\/"},"img":{"alt_text":"","src":"https:\/\/i0.wp.com\/www.jazzzeitung.de\/cms\/wp-content\/uploads\/2016\/09\/1606_Adriano_030-150x150.jpg?resize=350%2C200","width":350,"height":200},"classes":[]},{"id":6102,"url":"https:\/\/www.jazzzeitung.de\/cms\/2015\/05\/viktoria-tolstoy-jacob-karlzon-im-veranstaltungsforum-fuerstenfeld-fussball-oder-jazz\/","url_meta":{"origin":26949,"position":5},"title":"Viktoria Tolstoy &#038; Jacob Karlzon im Veranstaltungsforum F\u00fcrstenfeld &#8211; Fu\u00dfball oder Jazz?","author":"Redaktion JazzZeitung","date":"8. Mai 2015","format":"gallery","excerpt":"Von Thomas J. Krebs \u2013 Diese Frage stellte sich dem Publikum aus dem M\u00fcnchner Umland am vergangenen Mittwoch nicht wirklich. Im Rahmen der renommierten und erfolgreichen \u201ef\u00fcrst jazz\u201c Reihe, die mittlerweile in die 22. Saison geht, erschien das treue Jazzpublikum vollz\u00e4hlig und konnte, im Gegensatz zu den Fu\u00dfballfans, den Abend\u2026","rel":"","context":"In &quot;Bericht&quot;","block_context":{"text":"Bericht","link":"https:\/\/www.jazzzeitung.de\/cms\/thema\/bericht\/"},"img":{"alt_text":"","src":"https:\/\/i0.wp.com\/www.jazzzeitung.de\/cms\/wp-content\/uploads\/2015\/05\/P1010278Tolstoy-Karlzon-Copyright-by-TJ-Krebs-jazzphotoagency%40web.de_.jpg?resize=350%2C200","width":350,"height":200,"srcset":"https:\/\/i0.wp.com\/www.jazzzeitung.de\/cms\/wp-content\/uploads\/2015\/05\/P1010278Tolstoy-Karlzon-Copyright-by-TJ-Krebs-jazzphotoagency%40web.de_.jpg?resize=350%2C200 1x, https:\/\/i0.wp.com\/www.jazzzeitung.de\/cms\/wp-content\/uploads\/2015\/05\/P1010278Tolstoy-Karlzon-Copyright-by-TJ-Krebs-jazzphotoagency%40web.de_.jpg?resize=525%2C300 1.5x, https:\/\/i0.wp.com\/www.jazzzeitung.de\/cms\/wp-content\/uploads\/2015\/05\/P1010278Tolstoy-Karlzon-Copyright-by-TJ-Krebs-jazzphotoagency%40web.de_.jpg?resize=700%2C400 2x, https:\/\/i0.wp.com\/www.jazzzeitung.de\/cms\/wp-content\/uploads\/2015\/05\/P1010278Tolstoy-Karlzon-Copyright-by-TJ-Krebs-jazzphotoagency%40web.de_.jpg?resize=1050%2C600 3x, https:\/\/i0.wp.com\/www.jazzzeitung.de\/cms\/wp-content\/uploads\/2015\/05\/P1010278Tolstoy-Karlzon-Copyright-by-TJ-Krebs-jazzphotoagency%40web.de_.jpg?resize=1400%2C800 4x"},"classes":[]}],"jetpack_sharing_enabled":true,"_links":{"self":[{"href":"https:\/\/www.jazzzeitung.de\/cms\/wp-json\/wp\/v2\/posts\/26949","targetHints":{"allow":["GET"]}}],"collection":[{"href":"https:\/\/www.jazzzeitung.de\/cms\/wp-json\/wp\/v2\/posts"}],"about":[{"href":"https:\/\/www.jazzzeitung.de\/cms\/wp-json\/wp\/v2\/types\/post"}],"author":[{"embeddable":true,"href":"https:\/\/www.jazzzeitung.de\/cms\/wp-json\/wp\/v2\/users\/18"}],"replies":[{"embeddable":true,"href":"https:\/\/www.jazzzeitung.de\/cms\/wp-json\/wp\/v2\/comments?post=26949"}],"version-history":[{"count":5,"href":"https:\/\/www.jazzzeitung.de\/cms\/wp-json\/wp\/v2\/posts\/26949\/revisions"}],"predecessor-version":[{"id":26963,"href":"https:\/\/www.jazzzeitung.de\/cms\/wp-json\/wp\/v2\/posts\/26949\/revisions\/26963"}],"wp:featuredmedia":[{"embeddable":true,"href":"https:\/\/www.jazzzeitung.de\/cms\/wp-json\/wp\/v2\/media\/26950"}],"wp:attachment":[{"href":"https:\/\/www.jazzzeitung.de\/cms\/wp-json\/wp\/v2\/media?parent=26949"}],"wp:term":[{"taxonomy":"category","embeddable":true,"href":"https:\/\/www.jazzzeitung.de\/cms\/wp-json\/wp\/v2\/categories?post=26949"},{"taxonomy":"post_tag","embeddable":true,"href":"https:\/\/www.jazzzeitung.de\/cms\/wp-json\/wp\/v2\/tags?post=26949"},{"taxonomy":"author","embeddable":true,"href":"https:\/\/www.jazzzeitung.de\/cms\/wp-json\/wp\/v2\/coauthors?post=26949"}],"curies":[{"name":"wp","href":"https:\/\/api.w.org\/{rel}","templated":true}]}}