{"id":26940,"date":"2022-03-28T11:01:03","date_gmt":"2022-03-28T09:01:03","guid":{"rendered":"https:\/\/www.jazzzeitung.de\/cms\/?p=26940"},"modified":"2022-03-29T14:11:36","modified_gmt":"2022-03-29T12:11:36","slug":"julia-huelsmann-erhaelt-musikautorinnenpreis-2022","status":"publish","type":"post","link":"https:\/\/www.jazzzeitung.de\/cms\/2022\/03\/julia-huelsmann-erhaelt-musikautorinnenpreis-2022\/","title":{"rendered":"Julia H\u00fclsmann erh\u00e4lt Musikautor*innenpreis 2022"},"content":{"rendered":"<p>Die deutsche Jazzpianistin Julia H\u00fclsmann wurde in der Kategorie Komposition Jazz\/Crossover f\u00fcr ihr herausragendes musikalisches Schaffen mit dem Deutschen Musikautor*innenpreis ausgezeichnet. Die Verleihung fand am Donnerstag dem, 24. M\u00e4rz im Ritz-Carlton Hotel Berlin statt.<\/p>\n<p>Insgesamt wurden 18 K\u00fcnstler<em>innen ausgezeichnet, die mit ihrer Arbeit einen besonderen Beitrag zur Musikkultur in Deutschland leisten. Schirmfrau des Deutschen Musikautor<\/em>innenpreis ist die Staatsministerin f\u00fcr Kultur und Medien Claudia Roth. Der Preis wurde 2009 von der GEMA ins Leben gerufen, um die in der GEMA versammelten Komponist<em>innen und Textdichter<\/em>innen zu w\u00fcrdigen. Alle Preistr\u00e4ger<em>innen und Nominierte werden in die Akademie Deutsche Musikautor<\/em>innen (ADMA) aufgenommen, welche die Fachjury des Preises jedes Jahr neu w\u00e4hlt.<\/p>\n<p><strong>Folgende K\u00fcnstler<em>innen wurden 2022 mit dem Deutschen Musikautor<\/em>innenpreis geehrt:<\/strong><\/p>\n<p>Komposition Audiovisuelle Medien: Dascha Dauenhauer<br \/>\nKomposition Hip-Hop: Lucry &amp; Suena (Luis Cruz &amp; Jennifer Allend\u00f6rfer)<br \/>\nKomposition Jazz\/Crossover: Julia H\u00fclsmann<br \/>\nKomposition Kammermusik: Zeynep Gedizlio\u011flu\u00a0 \u00a0 \u00a0 \u00a0 \u00a0 \u00a0 \u00a0 \u00a0 \u00a0 \u00a0 \u00a0 \u00a0 \u00a0 \u00a0 \u00a0 \u00a0 Komposition Musiktheater: Chaya Czernowin<\/p>\n<p>Text Rock\/Pop: Grossstadtgefl\u00fcster (Jen Bender, Raphael Schalz, Chriz Falk)<br \/>\nText Schlager: Michael Holm<\/p>\n<p>Nachwuchspreis: Ami Warning (Sparte U) und Ole H\u00fcbner (Sparte E)<\/p>\n<p>Erfolgreichstes Werk 2021: \u201eOhne Dich\u201c von KASIMIR1441 (Clemens Reichelt), badm\u00f3mzjay (Josy Napieray), WILDBWOYS (Daniel Sluga &amp; Markus Gorecki), Takt32 (Marco Tscheschlok), Montez (Luca Manuel Montesinos Gargallo)<\/p>\n<p>Weitere Informationen zum Deutschen Musikautor*innenpreis unter: <a href=\"https:\/\/www.musikautorinnenpreis.de\/\">https:\/\/www.musikautorinnenpreis.de\/<\/a><\/p>\n","protected":false},"excerpt":{"rendered":"<p>Die deutsche Jazzpianistin Julia H\u00fclsmann wurde in der Kategorie Komposition Jazz\/Crossover f\u00fcr ihr herausragendes musikalisches Schaffen mit dem Deutschen Musikautor*innenpreis ausgezeichnet. Die Verleihung fand am Donnerstag dem, 24. M\u00e4rz im Ritz-Carlton Hotel Berlin statt. Insgesamt wurden 18 K\u00fcnstlerinnen ausgezeichnet, die mit ihrer Arbeit einen besonderen Beitrag zur Musikkultur in Deutschland leisten. Schirmfrau des Deutschen Musikautorinnenpreis ist die Staatsministerin f\u00fcr Kultur und Medien Claudia Roth. Der Preis wurde 2009 von der GEMA ins Leben gerufen, um die in der GEMA versammelten Komponistinnen und Textdichterinnen zu w\u00fcrdigen. Alle Preistr\u00e4gerinnen und Nominierte werden in die Akademie Deutsche Musikautorinnen (ADMA) aufgenommen, welche die Fachjury des Preises jedes Jahr neu w\u00e4hlt. Folgende K\u00fcnstlerinnen wurden 2022 mit dem Deutschen Musikautorinnenpreis geehrt: Komposition Audiovisuelle Medien: Dascha Dauenhauer Komposition Hip-Hop: Lucry &amp; Suena (Luis Cruz &amp; Jennifer Allend\u00f6rfer) Komposition Jazz\/Crossover: Julia H\u00fclsmann Komposition Kammermusik: Zeynep Gedizlio\u011flu\u00a0 \u00a0 \u00a0 \u00a0 \u00a0 \u00a0 \u00a0 \u00a0 \u00a0 \u00a0 \u00a0 \u00a0 \u00a0 \u00a0 \u00a0 \u00a0 Komposition Musiktheater: Chaya Czernowin Text Rock\/Pop: Grossstadtgefl\u00fcster (Jen Bender, Raphael Schalz, Chriz Falk) Text Schlager: Michael Holm Nachwuchspreis: Ami Warning (Sparte U) und Ole H\u00fcbner (Sparte E) Erfolgreichstes Werk 2021: \u201eOhne Dich\u201c &hellip;<\/p>\n","protected":false},"author":18,"featured_media":24613,"comment_status":"open","ping_status":"closed","sticky":false,"template":"","format":"standard","meta":{"_jetpack_memberships_contains_paid_content":false,"footnotes":"","jetpack_publicize_message":"","jetpack_publicize_feature_enabled":true,"jetpack_social_post_already_shared":false,"jetpack_social_options":{"image_generator_settings":{"template":"highway","default_image_id":0,"font":"","enabled":false},"version":2}},"categories":[633],"tags":[66,4020,137,194,306,4021,327,1502,450],"coauthors":[695],"class_list":["post-26940","post","type-post","status-publish","format-standard","has-post-thumbnail","hentry","category-nachrichten","tag-berlin","tag-deutsche-musikautorinnenpreis-2022","tag-deutschland","tag-gema","tag-julia-huelsmann","tag-komposition-jazz-crossover","tag-kultur","tag-preis","tag-preisverleihung"],"yoast_head":"<!-- This site is optimized with the Yoast SEO plugin v27.5 - https:\/\/yoast.com\/product\/yoast-seo-wordpress\/ -->\n<title>Julia H\u00fclsmann erh\u00e4lt Musikautor*innenpreis 2022 - JazzZeitung<\/title>\n<meta name=\"robots\" content=\"index, follow, max-snippet:-1, max-image-preview:large, max-video-preview:-1\" \/>\n<link rel=\"canonical\" href=\"https:\/\/www.jazzzeitung.de\/cms\/2022\/03\/julia-huelsmann-erhaelt-musikautorinnenpreis-2022\/\" \/>\n<meta property=\"og:locale\" content=\"de_DE\" \/>\n<meta property=\"og:type\" content=\"article\" \/>\n<meta property=\"og:title\" content=\"Julia H\u00fclsmann erh\u00e4lt Musikautor*innenpreis 2022 - JazzZeitung\" \/>\n<meta property=\"og:description\" content=\"Die deutsche Jazzpianistin Julia H\u00fclsmann wurde in der Kategorie Komposition Jazz\/Crossover f\u00fcr ihr herausragendes musikalisches Schaffen mit dem Deutschen Musikautor*innenpreis ausgezeichnet. Die Verleihung fand am Donnerstag dem, 24. M\u00e4rz im Ritz-Carlton Hotel Berlin statt. Insgesamt wurden 18 K\u00fcnstlerinnen ausgezeichnet, die mit ihrer Arbeit einen besonderen Beitrag zur Musikkultur in Deutschland leisten. Schirmfrau des Deutschen Musikautorinnenpreis ist die Staatsministerin f\u00fcr Kultur und Medien Claudia Roth. Der Preis wurde 2009 von der GEMA ins Leben gerufen, um die in der GEMA versammelten Komponistinnen und Textdichterinnen zu w\u00fcrdigen. Alle Preistr\u00e4gerinnen und Nominierte werden in die Akademie Deutsche Musikautorinnen (ADMA) aufgenommen, welche die Fachjury des Preises jedes Jahr neu w\u00e4hlt. Folgende K\u00fcnstlerinnen wurden 2022 mit dem Deutschen Musikautorinnenpreis geehrt: Komposition Audiovisuelle Medien: Dascha Dauenhauer Komposition Hip-Hop: Lucry &amp; Suena (Luis Cruz &amp; Jennifer Allend\u00f6rfer) Komposition Jazz\/Crossover: Julia H\u00fclsmann Komposition Kammermusik: Zeynep Gedizlio\u011flu\u00a0 \u00a0 \u00a0 \u00a0 \u00a0 \u00a0 \u00a0 \u00a0 \u00a0 \u00a0 \u00a0 \u00a0 \u00a0 \u00a0 \u00a0 \u00a0 Komposition Musiktheater: Chaya Czernowin Text Rock\/Pop: Grossstadtgefl\u00fcster (Jen Bender, Raphael Schalz, Chriz Falk) Text Schlager: Michael Holm Nachwuchspreis: Ami Warning (Sparte U) und Ole H\u00fcbner (Sparte E) Erfolgreichstes Werk 2021: \u201eOhne Dich\u201c &hellip;\" \/>\n<meta property=\"og:url\" content=\"https:\/\/www.jazzzeitung.de\/cms\/2022\/03\/julia-huelsmann-erhaelt-musikautorinnenpreis-2022\/\" \/>\n<meta property=\"og:site_name\" content=\"JazzZeitung\" \/>\n<meta property=\"article:publisher\" content=\"https:\/\/www.facebook.com\/JazzZeitung\/\" \/>\n<meta property=\"article:published_time\" content=\"2022-03-28T09:01:03+00:00\" \/>\n<meta property=\"article:modified_time\" content=\"2022-03-29T12:11:36+00:00\" \/>\n<meta property=\"og:image\" content=\"https:\/\/i0.wp.com\/www.jazzzeitung.de\/cms\/wp-content\/uploads\/2021\/03\/P2139371-Huelsmann-Foto-TJ-Krebs.jpg?fit=1200%2C823&ssl=1\" \/>\n\t<meta property=\"og:image:width\" content=\"1200\" \/>\n\t<meta property=\"og:image:height\" content=\"823\" \/>\n\t<meta property=\"og:image:type\" content=\"image\/jpeg\" \/>\n<meta name=\"author\" content=\"Redaktion JazzZeitung\" \/>\n<script type=\"application\/ld+json\" class=\"yoast-schema-graph\">{\"@context\":\"https:\\\/\\\/schema.org\",\"@graph\":[{\"@type\":\"Article\",\"@id\":\"https:\\\/\\\/www.jazzzeitung.de\\\/cms\\\/2022\\\/03\\\/julia-huelsmann-erhaelt-musikautorinnenpreis-2022\\\/#article\",\"isPartOf\":{\"@id\":\"https:\\\/\\\/www.jazzzeitung.de\\\/cms\\\/2022\\\/03\\\/julia-huelsmann-erhaelt-musikautorinnenpreis-2022\\\/\"},\"author\":{\"name\":\"Redaktion JazzZeitung\",\"@id\":\"https:\\\/\\\/www.jazzzeitung.de\\\/cms\\\/#\\\/schema\\\/person\\\/2245b36b9cd1d24cea10f01c031fb92b\"},\"headline\":\"Julia H\u00fclsmann erh\u00e4lt Musikautor*innenpreis 2022\",\"datePublished\":\"2022-03-28T09:01:03+00:00\",\"dateModified\":\"2022-03-29T12:11:36+00:00\",\"mainEntityOfPage\":{\"@id\":\"https:\\\/\\\/www.jazzzeitung.de\\\/cms\\\/2022\\\/03\\\/julia-huelsmann-erhaelt-musikautorinnenpreis-2022\\\/\"},\"wordCount\":223,\"commentCount\":0,\"publisher\":{\"@id\":\"https:\\\/\\\/www.jazzzeitung.de\\\/cms\\\/#organization\"},\"image\":{\"@id\":\"https:\\\/\\\/www.jazzzeitung.de\\\/cms\\\/2022\\\/03\\\/julia-huelsmann-erhaelt-musikautorinnenpreis-2022\\\/#primaryimage\"},\"thumbnailUrl\":\"https:\\\/\\\/i0.wp.com\\\/www.jazzzeitung.de\\\/cms\\\/wp-content\\\/uploads\\\/2021\\\/03\\\/P2139371-Huelsmann-Foto-TJ-Krebs.jpg?fit=1200%2C823&ssl=1\",\"keywords\":[\"Berlin\",\"Deutsche Musikautor*innenpreis 2022\",\"Deutschland\",\"GEMA\",\"Julia H\u00fclsmann\",\"Komposition Jazz\\\/Crossover\",\"Kultur\",\"Preis\",\"Preisverleihung\"],\"articleSection\":[\"News\"],\"inLanguage\":\"de\",\"potentialAction\":[{\"@type\":\"CommentAction\",\"name\":\"Comment\",\"target\":[\"https:\\\/\\\/www.jazzzeitung.de\\\/cms\\\/2022\\\/03\\\/julia-huelsmann-erhaelt-musikautorinnenpreis-2022\\\/#respond\"]}]},{\"@type\":\"WebPage\",\"@id\":\"https:\\\/\\\/www.jazzzeitung.de\\\/cms\\\/2022\\\/03\\\/julia-huelsmann-erhaelt-musikautorinnenpreis-2022\\\/\",\"url\":\"https:\\\/\\\/www.jazzzeitung.de\\\/cms\\\/2022\\\/03\\\/julia-huelsmann-erhaelt-musikautorinnenpreis-2022\\\/\",\"name\":\"Julia H\u00fclsmann erh\u00e4lt Musikautor*innenpreis 2022 - JazzZeitung\",\"isPartOf\":{\"@id\":\"https:\\\/\\\/www.jazzzeitung.de\\\/cms\\\/#website\"},\"primaryImageOfPage\":{\"@id\":\"https:\\\/\\\/www.jazzzeitung.de\\\/cms\\\/2022\\\/03\\\/julia-huelsmann-erhaelt-musikautorinnenpreis-2022\\\/#primaryimage\"},\"image\":{\"@id\":\"https:\\\/\\\/www.jazzzeitung.de\\\/cms\\\/2022\\\/03\\\/julia-huelsmann-erhaelt-musikautorinnenpreis-2022\\\/#primaryimage\"},\"thumbnailUrl\":\"https:\\\/\\\/i0.wp.com\\\/www.jazzzeitung.de\\\/cms\\\/wp-content\\\/uploads\\\/2021\\\/03\\\/P2139371-Huelsmann-Foto-TJ-Krebs.jpg?fit=1200%2C823&ssl=1\",\"datePublished\":\"2022-03-28T09:01:03+00:00\",\"dateModified\":\"2022-03-29T12:11:36+00:00\",\"breadcrumb\":{\"@id\":\"https:\\\/\\\/www.jazzzeitung.de\\\/cms\\\/2022\\\/03\\\/julia-huelsmann-erhaelt-musikautorinnenpreis-2022\\\/#breadcrumb\"},\"inLanguage\":\"de\",\"potentialAction\":[{\"@type\":\"ReadAction\",\"target\":[\"https:\\\/\\\/www.jazzzeitung.de\\\/cms\\\/2022\\\/03\\\/julia-huelsmann-erhaelt-musikautorinnenpreis-2022\\\/\"]}]},{\"@type\":\"ImageObject\",\"inLanguage\":\"de\",\"@id\":\"https:\\\/\\\/www.jazzzeitung.de\\\/cms\\\/2022\\\/03\\\/julia-huelsmann-erhaelt-musikautorinnenpreis-2022\\\/#primaryimage\",\"url\":\"https:\\\/\\\/i0.wp.com\\\/www.jazzzeitung.de\\\/cms\\\/wp-content\\\/uploads\\\/2021\\\/03\\\/P2139371-Huelsmann-Foto-TJ-Krebs.jpg?fit=1200%2C823&ssl=1\",\"contentUrl\":\"https:\\\/\\\/i0.wp.com\\\/www.jazzzeitung.de\\\/cms\\\/wp-content\\\/uploads\\\/2021\\\/03\\\/P2139371-Huelsmann-Foto-TJ-Krebs.jpg?fit=1200%2C823&ssl=1\",\"width\":1200,\"height\":823,\"caption\":\"Julia H\u00fclsmann. Foto: TJ Krebs\"},{\"@type\":\"BreadcrumbList\",\"@id\":\"https:\\\/\\\/www.jazzzeitung.de\\\/cms\\\/2022\\\/03\\\/julia-huelsmann-erhaelt-musikautorinnenpreis-2022\\\/#breadcrumb\",\"itemListElement\":[{\"@type\":\"ListItem\",\"position\":1,\"name\":\"Startseite\",\"item\":\"https:\\\/\\\/www.jazzzeitung.de\\\/cms\\\/\"},{\"@type\":\"ListItem\",\"position\":2,\"name\":\"Julia H\u00fclsmann erh\u00e4lt Musikautor*innenpreis 2022\"}]},{\"@type\":\"WebSite\",\"@id\":\"https:\\\/\\\/www.jazzzeitung.de\\\/cms\\\/#website\",\"url\":\"https:\\\/\\\/www.jazzzeitung.de\\\/cms\\\/\",\"name\":\"JazzZeitung\",\"description\":\"Jazz-News und Jazz-Kontroverses\",\"publisher\":{\"@id\":\"https:\\\/\\\/www.jazzzeitung.de\\\/cms\\\/#organization\"},\"potentialAction\":[{\"@type\":\"SearchAction\",\"target\":{\"@type\":\"EntryPoint\",\"urlTemplate\":\"https:\\\/\\\/www.jazzzeitung.de\\\/cms\\\/?s={search_term_string}\"},\"query-input\":{\"@type\":\"PropertyValueSpecification\",\"valueRequired\":true,\"valueName\":\"search_term_string\"}}],\"inLanguage\":\"de\"},{\"@type\":\"Organization\",\"@id\":\"https:\\\/\\\/www.jazzzeitung.de\\\/cms\\\/#organization\",\"name\":\"JazzZeitung online\",\"url\":\"https:\\\/\\\/www.jazzzeitung.de\\\/cms\\\/\",\"logo\":{\"@type\":\"ImageObject\",\"inLanguage\":\"de\",\"@id\":\"https:\\\/\\\/www.jazzzeitung.de\\\/cms\\\/#\\\/schema\\\/logo\\\/image\\\/\",\"url\":\"https:\\\/\\\/i0.wp.com\\\/www.jazzzeitung.de\\\/cms\\\/wp-content\\\/uploads\\\/2015\\\/08\\\/JAZZZEITUNGDE_Logo_Neu.png?fit=499%2C200&ssl=1\",\"contentUrl\":\"https:\\\/\\\/i0.wp.com\\\/www.jazzzeitung.de\\\/cms\\\/wp-content\\\/uploads\\\/2015\\\/08\\\/JAZZZEITUNGDE_Logo_Neu.png?fit=499%2C200&ssl=1\",\"width\":499,\"height\":200,\"caption\":\"JazzZeitung online\"},\"image\":{\"@id\":\"https:\\\/\\\/www.jazzzeitung.de\\\/cms\\\/#\\\/schema\\\/logo\\\/image\\\/\"},\"sameAs\":[\"https:\\\/\\\/www.facebook.com\\\/JazzZeitung\\\/\"]},{\"@type\":\"Person\",\"@id\":\"https:\\\/\\\/www.jazzzeitung.de\\\/cms\\\/#\\\/schema\\\/person\\\/2245b36b9cd1d24cea10f01c031fb92b\",\"name\":\"Redaktion JazzZeitung\",\"image\":{\"@type\":\"ImageObject\",\"inLanguage\":\"de\",\"@id\":\"https:\\\/\\\/i0.wp.com\\\/www.jazzzeitung.de\\\/cms\\\/wp-content\\\/uploads\\\/2015\\\/08\\\/JAZZZEITUNGDE_Logo_Neu.png?resize=96%2C96&ssl=159975dcacb611b5700bd619b5daf0a7a\",\"url\":\"https:\\\/\\\/i0.wp.com\\\/www.jazzzeitung.de\\\/cms\\\/wp-content\\\/uploads\\\/2015\\\/08\\\/JAZZZEITUNGDE_Logo_Neu.png?resize=96%2C96&ssl=1\",\"contentUrl\":\"https:\\\/\\\/i0.wp.com\\\/www.jazzzeitung.de\\\/cms\\\/wp-content\\\/uploads\\\/2015\\\/08\\\/JAZZZEITUNGDE_Logo_Neu.png?resize=96%2C96&ssl=1\",\"caption\":\"Redaktion JazzZeitung\"},\"description\":\"Artikel der Redaktion der JazzZeitung.\",\"sameAs\":[\"http:\\\/\\\/www.jazzzeitung.de\\\/cms\\\/\"],\"url\":\"https:\\\/\\\/www.jazzzeitung.de\\\/cms\\\/author\\\/redaktion\\\/\"}]}<\/script>\n<!-- \/ Yoast SEO plugin. -->","yoast_head_json":{"title":"Julia H\u00fclsmann erh\u00e4lt Musikautor*innenpreis 2022 - JazzZeitung","robots":{"index":"index","follow":"follow","max-snippet":"max-snippet:-1","max-image-preview":"max-image-preview:large","max-video-preview":"max-video-preview:-1"},"canonical":"https:\/\/www.jazzzeitung.de\/cms\/2022\/03\/julia-huelsmann-erhaelt-musikautorinnenpreis-2022\/","og_locale":"de_DE","og_type":"article","og_title":"Julia H\u00fclsmann erh\u00e4lt Musikautor*innenpreis 2022 - JazzZeitung","og_description":"Die deutsche Jazzpianistin Julia H\u00fclsmann wurde in der Kategorie Komposition Jazz\/Crossover f\u00fcr ihr herausragendes musikalisches Schaffen mit dem Deutschen Musikautor*innenpreis ausgezeichnet. Die Verleihung fand am Donnerstag dem, 24. M\u00e4rz im Ritz-Carlton Hotel Berlin statt. Insgesamt wurden 18 K\u00fcnstlerinnen ausgezeichnet, die mit ihrer Arbeit einen besonderen Beitrag zur Musikkultur in Deutschland leisten. Schirmfrau des Deutschen Musikautorinnenpreis ist die Staatsministerin f\u00fcr Kultur und Medien Claudia Roth. Der Preis wurde 2009 von der GEMA ins Leben gerufen, um die in der GEMA versammelten Komponistinnen und Textdichterinnen zu w\u00fcrdigen. Alle Preistr\u00e4gerinnen und Nominierte werden in die Akademie Deutsche Musikautorinnen (ADMA) aufgenommen, welche die Fachjury des Preises jedes Jahr neu w\u00e4hlt. Folgende K\u00fcnstlerinnen wurden 2022 mit dem Deutschen Musikautorinnenpreis geehrt: Komposition Audiovisuelle Medien: Dascha Dauenhauer Komposition Hip-Hop: Lucry &amp; Suena (Luis Cruz &amp; Jennifer Allend\u00f6rfer) Komposition Jazz\/Crossover: Julia H\u00fclsmann Komposition Kammermusik: Zeynep Gedizlio\u011flu\u00a0 \u00a0 \u00a0 \u00a0 \u00a0 \u00a0 \u00a0 \u00a0 \u00a0 \u00a0 \u00a0 \u00a0 \u00a0 \u00a0 \u00a0 \u00a0 Komposition Musiktheater: Chaya Czernowin Text Rock\/Pop: Grossstadtgefl\u00fcster (Jen Bender, Raphael Schalz, Chriz Falk) Text Schlager: Michael Holm Nachwuchspreis: Ami Warning (Sparte U) und Ole H\u00fcbner (Sparte E) Erfolgreichstes Werk 2021: \u201eOhne Dich\u201c &hellip;","og_url":"https:\/\/www.jazzzeitung.de\/cms\/2022\/03\/julia-huelsmann-erhaelt-musikautorinnenpreis-2022\/","og_site_name":"JazzZeitung","article_publisher":"https:\/\/www.facebook.com\/JazzZeitung\/","article_published_time":"2022-03-28T09:01:03+00:00","article_modified_time":"2022-03-29T12:11:36+00:00","og_image":[{"width":1200,"height":823,"url":"https:\/\/i0.wp.com\/www.jazzzeitung.de\/cms\/wp-content\/uploads\/2021\/03\/P2139371-Huelsmann-Foto-TJ-Krebs.jpg?fit=1200%2C823&ssl=1","type":"image\/jpeg"}],"author":"Redaktion JazzZeitung","schema":{"@context":"https:\/\/schema.org","@graph":[{"@type":"Article","@id":"https:\/\/www.jazzzeitung.de\/cms\/2022\/03\/julia-huelsmann-erhaelt-musikautorinnenpreis-2022\/#article","isPartOf":{"@id":"https:\/\/www.jazzzeitung.de\/cms\/2022\/03\/julia-huelsmann-erhaelt-musikautorinnenpreis-2022\/"},"author":{"name":"Redaktion JazzZeitung","@id":"https:\/\/www.jazzzeitung.de\/cms\/#\/schema\/person\/2245b36b9cd1d24cea10f01c031fb92b"},"headline":"Julia H\u00fclsmann erh\u00e4lt Musikautor*innenpreis 2022","datePublished":"2022-03-28T09:01:03+00:00","dateModified":"2022-03-29T12:11:36+00:00","mainEntityOfPage":{"@id":"https:\/\/www.jazzzeitung.de\/cms\/2022\/03\/julia-huelsmann-erhaelt-musikautorinnenpreis-2022\/"},"wordCount":223,"commentCount":0,"publisher":{"@id":"https:\/\/www.jazzzeitung.de\/cms\/#organization"},"image":{"@id":"https:\/\/www.jazzzeitung.de\/cms\/2022\/03\/julia-huelsmann-erhaelt-musikautorinnenpreis-2022\/#primaryimage"},"thumbnailUrl":"https:\/\/i0.wp.com\/www.jazzzeitung.de\/cms\/wp-content\/uploads\/2021\/03\/P2139371-Huelsmann-Foto-TJ-Krebs.jpg?fit=1200%2C823&ssl=1","keywords":["Berlin","Deutsche Musikautor*innenpreis 2022","Deutschland","GEMA","Julia H\u00fclsmann","Komposition Jazz\/Crossover","Kultur","Preis","Preisverleihung"],"articleSection":["News"],"inLanguage":"de","potentialAction":[{"@type":"CommentAction","name":"Comment","target":["https:\/\/www.jazzzeitung.de\/cms\/2022\/03\/julia-huelsmann-erhaelt-musikautorinnenpreis-2022\/#respond"]}]},{"@type":"WebPage","@id":"https:\/\/www.jazzzeitung.de\/cms\/2022\/03\/julia-huelsmann-erhaelt-musikautorinnenpreis-2022\/","url":"https:\/\/www.jazzzeitung.de\/cms\/2022\/03\/julia-huelsmann-erhaelt-musikautorinnenpreis-2022\/","name":"Julia H\u00fclsmann erh\u00e4lt Musikautor*innenpreis 2022 - JazzZeitung","isPartOf":{"@id":"https:\/\/www.jazzzeitung.de\/cms\/#website"},"primaryImageOfPage":{"@id":"https:\/\/www.jazzzeitung.de\/cms\/2022\/03\/julia-huelsmann-erhaelt-musikautorinnenpreis-2022\/#primaryimage"},"image":{"@id":"https:\/\/www.jazzzeitung.de\/cms\/2022\/03\/julia-huelsmann-erhaelt-musikautorinnenpreis-2022\/#primaryimage"},"thumbnailUrl":"https:\/\/i0.wp.com\/www.jazzzeitung.de\/cms\/wp-content\/uploads\/2021\/03\/P2139371-Huelsmann-Foto-TJ-Krebs.jpg?fit=1200%2C823&ssl=1","datePublished":"2022-03-28T09:01:03+00:00","dateModified":"2022-03-29T12:11:36+00:00","breadcrumb":{"@id":"https:\/\/www.jazzzeitung.de\/cms\/2022\/03\/julia-huelsmann-erhaelt-musikautorinnenpreis-2022\/#breadcrumb"},"inLanguage":"de","potentialAction":[{"@type":"ReadAction","target":["https:\/\/www.jazzzeitung.de\/cms\/2022\/03\/julia-huelsmann-erhaelt-musikautorinnenpreis-2022\/"]}]},{"@type":"ImageObject","inLanguage":"de","@id":"https:\/\/www.jazzzeitung.de\/cms\/2022\/03\/julia-huelsmann-erhaelt-musikautorinnenpreis-2022\/#primaryimage","url":"https:\/\/i0.wp.com\/www.jazzzeitung.de\/cms\/wp-content\/uploads\/2021\/03\/P2139371-Huelsmann-Foto-TJ-Krebs.jpg?fit=1200%2C823&ssl=1","contentUrl":"https:\/\/i0.wp.com\/www.jazzzeitung.de\/cms\/wp-content\/uploads\/2021\/03\/P2139371-Huelsmann-Foto-TJ-Krebs.jpg?fit=1200%2C823&ssl=1","width":1200,"height":823,"caption":"Julia H\u00fclsmann. Foto: TJ Krebs"},{"@type":"BreadcrumbList","@id":"https:\/\/www.jazzzeitung.de\/cms\/2022\/03\/julia-huelsmann-erhaelt-musikautorinnenpreis-2022\/#breadcrumb","itemListElement":[{"@type":"ListItem","position":1,"name":"Startseite","item":"https:\/\/www.jazzzeitung.de\/cms\/"},{"@type":"ListItem","position":2,"name":"Julia H\u00fclsmann erh\u00e4lt Musikautor*innenpreis 2022"}]},{"@type":"WebSite","@id":"https:\/\/www.jazzzeitung.de\/cms\/#website","url":"https:\/\/www.jazzzeitung.de\/cms\/","name":"JazzZeitung","description":"Jazz-News und Jazz-Kontroverses","publisher":{"@id":"https:\/\/www.jazzzeitung.de\/cms\/#organization"},"potentialAction":[{"@type":"SearchAction","target":{"@type":"EntryPoint","urlTemplate":"https:\/\/www.jazzzeitung.de\/cms\/?s={search_term_string}"},"query-input":{"@type":"PropertyValueSpecification","valueRequired":true,"valueName":"search_term_string"}}],"inLanguage":"de"},{"@type":"Organization","@id":"https:\/\/www.jazzzeitung.de\/cms\/#organization","name":"JazzZeitung online","url":"https:\/\/www.jazzzeitung.de\/cms\/","logo":{"@type":"ImageObject","inLanguage":"de","@id":"https:\/\/www.jazzzeitung.de\/cms\/#\/schema\/logo\/image\/","url":"https:\/\/i0.wp.com\/www.jazzzeitung.de\/cms\/wp-content\/uploads\/2015\/08\/JAZZZEITUNGDE_Logo_Neu.png?fit=499%2C200&ssl=1","contentUrl":"https:\/\/i0.wp.com\/www.jazzzeitung.de\/cms\/wp-content\/uploads\/2015\/08\/JAZZZEITUNGDE_Logo_Neu.png?fit=499%2C200&ssl=1","width":499,"height":200,"caption":"JazzZeitung online"},"image":{"@id":"https:\/\/www.jazzzeitung.de\/cms\/#\/schema\/logo\/image\/"},"sameAs":["https:\/\/www.facebook.com\/JazzZeitung\/"]},{"@type":"Person","@id":"https:\/\/www.jazzzeitung.de\/cms\/#\/schema\/person\/2245b36b9cd1d24cea10f01c031fb92b","name":"Redaktion JazzZeitung","image":{"@type":"ImageObject","inLanguage":"de","@id":"https:\/\/i0.wp.com\/www.jazzzeitung.de\/cms\/wp-content\/uploads\/2015\/08\/JAZZZEITUNGDE_Logo_Neu.png?resize=96%2C96&ssl=159975dcacb611b5700bd619b5daf0a7a","url":"https:\/\/i0.wp.com\/www.jazzzeitung.de\/cms\/wp-content\/uploads\/2015\/08\/JAZZZEITUNGDE_Logo_Neu.png?resize=96%2C96&ssl=1","contentUrl":"https:\/\/i0.wp.com\/www.jazzzeitung.de\/cms\/wp-content\/uploads\/2015\/08\/JAZZZEITUNGDE_Logo_Neu.png?resize=96%2C96&ssl=1","caption":"Redaktion JazzZeitung"},"description":"Artikel der Redaktion der JazzZeitung.","sameAs":["http:\/\/www.jazzzeitung.de\/cms\/"],"url":"https:\/\/www.jazzzeitung.de\/cms\/author\/redaktion\/"}]}},"wp-worthy-pixel":{"ignored":false,"public":null,"server":null,"url":null},"wp-worthy-type":"normal","jetpack_publicize_connections":[],"cc_featured_image_caption":{"caption_text":"","source_text":"","source_url":""},"jetpack_featured_media_url":"https:\/\/i0.wp.com\/www.jazzzeitung.de\/cms\/wp-content\/uploads\/2021\/03\/P2139371-Huelsmann-Foto-TJ-Krebs.jpg?fit=1200%2C823&ssl=1","jetpack_shortlink":"https:\/\/wp.me\/p3KEcT-70w","jetpack-related-posts":[{"id":1347,"url":"https:\/\/www.jazzzeitung.de\/cms\/2011\/10\/jazz-talk-in-berlin-musiker-im-gesprach-mit-der-bundespolitik\/","url_meta":{"origin":26940,"position":0},"title":"Jazz-Talk in Berlin: Musiker im Gespr\u00e4ch mit der Bundespolitik","author":"J\u00f6rg Lichtinger","date":"18. Oktober 2011","format":false,"excerpt":"Bundeskonferenz Jazz, Jazzinstitut Darmstadt und die Hessische Landesvertretung in Berlin laden ein: KONZERT \/ TALK: JAZZ TRIFFT POLITIK ... nur f\u00fcr den politischen Fr\u00fchschoppen? Gespr\u00e4ch zwischen Jazzmusikern und Bundespolitik Durch eine gro\u00dfe Anfrage der SPD-Fraktion im Bundestag zur \u201eMusikf\u00f6rderung des Bundes\u201c im April dieses Jahres und die inzwischen vorliegende Antwort\u2026","rel":"","context":"In &quot;Blog&quot;","block_context":{"text":"Blog","link":"https:\/\/www.jazzzeitung.de\/cms\/thema\/blog\/"},"img":{"alt_text":"","src":"","width":0,"height":0},"classes":[]},{"id":23943,"url":"https:\/\/www.jazzzeitung.de\/cms\/2020\/12\/deutscher-jazzpreis-der-initiative-musik-feiert-2021-seine-premiere\/","url_meta":{"origin":26940,"position":1},"title":"Deutscher Jazzpreis der Initiative Musik feiert 2021 seine Premiere","author":"Redaktion JazzZeitung","date":"8. Dezember 2020","format":false,"excerpt":"Pressemitteilung der Initiative Musik: Der Deutsche Jazzpreis wird im Juni 2021 erstmals von Kulturstaatsministerin Monika Gr\u00fctters verliehen: \u201eJazz ist eine markante Gattung in unserer vielf\u00e4ltigen Musiklandschaft. Aus diesem Grund f\u00f6rdert der Bund die Jazzkultur in Deutschland auf unterschiedliche Weise, zum Beispiel mit der Schaffung eines Zentrums f\u00fcr Jazz und improvisierte\u2026","rel":"","context":"In &quot;News&quot;","block_context":{"text":"News","link":"https:\/\/www.jazzzeitung.de\/cms\/thema\/nachrichten\/"},"img":{"alt_text":"jazz_news. Motiv. Foto: Hufner","src":"https:\/\/i0.wp.com\/www.jazzzeitung.de\/cms\/wp-content\/uploads\/2017\/10\/jazz_news.jpg?fit=1200%2C873&ssl=1&resize=350%2C200","width":350,"height":200,"srcset":"https:\/\/i0.wp.com\/www.jazzzeitung.de\/cms\/wp-content\/uploads\/2017\/10\/jazz_news.jpg?fit=1200%2C873&ssl=1&resize=350%2C200 1x, https:\/\/i0.wp.com\/www.jazzzeitung.de\/cms\/wp-content\/uploads\/2017\/10\/jazz_news.jpg?fit=1200%2C873&ssl=1&resize=525%2C300 1.5x, https:\/\/i0.wp.com\/www.jazzzeitung.de\/cms\/wp-content\/uploads\/2017\/10\/jazz_news.jpg?fit=1200%2C873&ssl=1&resize=700%2C400 2x, https:\/\/i0.wp.com\/www.jazzzeitung.de\/cms\/wp-content\/uploads\/2017\/10\/jazz_news.jpg?fit=1200%2C873&ssl=1&resize=1050%2C600 3x"},"classes":[]},{"id":24893,"url":"https:\/\/www.jazzzeitung.de\/cms\/2021\/05\/deutscher-jazzpreis-geht-an-den-hamburger-konzertveranstalter-karsten-jahnke\/","url_meta":{"origin":26940,"position":2},"title":"Deutscher Jazzpreis geht an den Hamburger Konzertveranstalter Karsten Jahnke","author":"Redaktion JazzZeitung","date":"31. Mai 2021","format":false,"excerpt":"Live\u00fcbertragung von Preisverleihung und diversen Musik-Acts aus Hamburg, Berlin, Mannheim und M\u00fcnchen am Donnerstag, 3. Juni 2021, ab 19:30 Uhr. Karsten Jahnke wird bei der Premiere des Deutschen Jazzpreises am 3. Juni f\u00fcr sein Lebenswerk ausgezeichnet. Mit dem Preis w\u00fcrdigt die Hauptjury das jahrzehntelange Wirken eines gro\u00dfen Musikliebhabers und -kenners\u2026","rel":"","context":"In &quot;News&quot;","block_context":{"text":"News","link":"https:\/\/www.jazzzeitung.de\/cms\/thema\/nachrichten\/"},"img":{"alt_text":"","src":"https:\/\/i0.wp.com\/www.jazzzeitung.de\/cms\/wp-content\/uploads\/2021\/05\/jahnke_karsten_2012_by_steven_haberland-e1622468689708.jpg?fit=850%2C635&ssl=1&resize=350%2C200","width":350,"height":200,"srcset":"https:\/\/i0.wp.com\/www.jazzzeitung.de\/cms\/wp-content\/uploads\/2021\/05\/jahnke_karsten_2012_by_steven_haberland-e1622468689708.jpg?fit=850%2C635&ssl=1&resize=350%2C200 1x, https:\/\/i0.wp.com\/www.jazzzeitung.de\/cms\/wp-content\/uploads\/2021\/05\/jahnke_karsten_2012_by_steven_haberland-e1622468689708.jpg?fit=850%2C635&ssl=1&resize=525%2C300 1.5x, https:\/\/i0.wp.com\/www.jazzzeitung.de\/cms\/wp-content\/uploads\/2021\/05\/jahnke_karsten_2012_by_steven_haberland-e1622468689708.jpg?fit=850%2C635&ssl=1&resize=700%2C400 2x"},"classes":[]},{"id":1096,"url":"https:\/\/www.jazzzeitung.de\/cms\/2011\/06\/nmz-tv-buehne-hochsubventionierte-klassik-unterbezahlter-pop-und-jazz\/","url_meta":{"origin":26940,"position":3},"title":"nmz-TV-B\u00fchne: Hochsubventionierte Klassik &#8211; unterbezahlter Pop und Jazz?","author":"J\u00f6rg Lichtinger","date":"18. Juni 2011","format":false,"excerpt":"In unserem Post \"Wo bleibt der deutsche Jazz\" \u00fcber den ZEIT-Online-Artikel zur Deutschen Jazzszene kam k\u00fcrzlich wieder die Situation des deutschen Jazz zur Sprache. Im genannten Artikel hat unter anderem Felix Falk von Mo' Blow die fehlende Exportf\u00f6rderung f\u00fcr deutsche Bands beklagt, die es zum Beispiel in skandinavischen L\u00e4ndern sehr\u2026","rel":"","context":"In &quot;Blog&quot;","block_context":{"text":"Blog","link":"https:\/\/www.jazzzeitung.de\/cms\/thema\/blog\/"},"img":{"alt_text":"v.l.n.r.: Udo Dahmen, Ina Ke\u00dfler, Ursula Gaisa, Julia H\u00fclsmann, Peter Ortmann. Foto: nmzMedia","src":"https:\/\/i0.wp.com\/www.jazzzeitung.de\/cms\/wp-content\/uploads\/2011\/06\/M5_Subventionen_0-300x168.jpg?resize=350%2C200","width":350,"height":200},"classes":[]},{"id":18964,"url":"https:\/\/www.jazzzeitung.de\/cms\/2019\/03\/news-deutscher-musikautorenpreis-2019-in-berlin-neuer-deutscher-jazzpreis-2019-in-mannheim-paul-sennewalds-bop-gewinnt-den-sparda-jazz-award-2019\/","url_meta":{"origin":26940,"position":4},"title":"+++ News: +++ Deutscher \u00a0Musikautorenpreis 2019 in Berlin +++ Neuer Deutscher Jazzpreis 2019 in Mannheim +++ Paul Sennewalds BOP gewinnt den Sparda Jazz Award 2019 +++","author":"Redaktion JazzZeitung","date":"19. M\u00e4rz 2019","format":false,"excerpt":"\u201eGegenseitige Anerkennung abseits jeder Konkurrenz\u201c beim DMAP 2019 in Berlin Der Deutsche Musikautorenpreis wurde 2009 von der GEMA ins Leben gerufen, um die Komponisten und Textdichter der deutschen Musikbranche f\u00fcr ihre herausragenden Leistungen zu w\u00fcrdigen. Unter dem Motto \u201eAutoren ehren Autoren\u201c r\u00fccken Musikschaffende in den Vordergrund, die oftmals nicht auf\u2026","rel":"","context":"In &quot;News&quot;","block_context":{"text":"News","link":"https:\/\/www.jazzzeitung.de\/cms\/thema\/nachrichten\/"},"img":{"alt_text":"","src":"https:\/\/i0.wp.com\/www.jazzzeitung.de\/cms\/wp-content\/uploads\/2019\/03\/BB2DMAP2019_Abschlussbild_c.Sebastian_Linder_046.jpg?fit=1200%2C800&ssl=1&resize=350%2C200","width":350,"height":200,"srcset":"https:\/\/i0.wp.com\/www.jazzzeitung.de\/cms\/wp-content\/uploads\/2019\/03\/BB2DMAP2019_Abschlussbild_c.Sebastian_Linder_046.jpg?fit=1200%2C800&ssl=1&resize=350%2C200 1x, https:\/\/i0.wp.com\/www.jazzzeitung.de\/cms\/wp-content\/uploads\/2019\/03\/BB2DMAP2019_Abschlussbild_c.Sebastian_Linder_046.jpg?fit=1200%2C800&ssl=1&resize=525%2C300 1.5x, https:\/\/i0.wp.com\/www.jazzzeitung.de\/cms\/wp-content\/uploads\/2019\/03\/BB2DMAP2019_Abschlussbild_c.Sebastian_Linder_046.jpg?fit=1200%2C800&ssl=1&resize=700%2C400 2x, https:\/\/i0.wp.com\/www.jazzzeitung.de\/cms\/wp-content\/uploads\/2019\/03\/BB2DMAP2019_Abschlussbild_c.Sebastian_Linder_046.jpg?fit=1200%2C800&ssl=1&resize=1050%2C600 3x"},"classes":[]},{"id":12029,"url":"https:\/\/www.jazzzeitung.de\/cms\/2017\/03\/isabella-lundgren-statt-camille-osullivan-bei-jazzopen-in-stuttgart\/","url_meta":{"origin":26940,"position":5},"title":"+++Julia H\u00fclsmann auf Deutschland-Tour+++Deutsch-franz\u00f6sischer Jazz-Gipfel+++Isabella Lundgren statt Camille O\u2018Sullivan bei jazzopen in Stuttgart","author":"Redaktion JazzZeitung","date":"30. M\u00e4rz 2017","format":false,"excerpt":"+++Julia H\u00fclsmann in der Unterfahrt und anderswo+++ Am 06.04.2017 um 21:00h gastiert Julia H\u00fclsmann mit ihrem Trio in der M\u00fcnchner Unterfahrt und pr\u00e4sentiert ihr aktuelles, gerade auf ECM erschienenes Album \u201eSooner Or Later\u201c. Nach \u201cEnd of Summer\u201c sowie dem Folgealbum \u201eImprint\u201c folgten zwei Quartett-Aufnahmen, jeweils mit dem Trompeter Tom Arthurs\u2026","rel":"","context":"In &quot;News&quot;","block_context":{"text":"News","link":"https:\/\/www.jazzzeitung.de\/cms\/thema\/nachrichten\/"},"img":{"alt_text":"","src":"https:\/\/i0.wp.com\/www.jazzzeitung.de\/cms\/wp-content\/uploads\/2017\/03\/P1120001-H%C3%BClsmann-Foto-TJ-Krebs-150x150.jpg?resize=350%2C200","width":350,"height":200},"classes":[]}],"jetpack_sharing_enabled":true,"_links":{"self":[{"href":"https:\/\/www.jazzzeitung.de\/cms\/wp-json\/wp\/v2\/posts\/26940","targetHints":{"allow":["GET"]}}],"collection":[{"href":"https:\/\/www.jazzzeitung.de\/cms\/wp-json\/wp\/v2\/posts"}],"about":[{"href":"https:\/\/www.jazzzeitung.de\/cms\/wp-json\/wp\/v2\/types\/post"}],"author":[{"embeddable":true,"href":"https:\/\/www.jazzzeitung.de\/cms\/wp-json\/wp\/v2\/users\/18"}],"replies":[{"embeddable":true,"href":"https:\/\/www.jazzzeitung.de\/cms\/wp-json\/wp\/v2\/comments?post=26940"}],"version-history":[{"count":5,"href":"https:\/\/www.jazzzeitung.de\/cms\/wp-json\/wp\/v2\/posts\/26940\/revisions"}],"predecessor-version":[{"id":26975,"href":"https:\/\/www.jazzzeitung.de\/cms\/wp-json\/wp\/v2\/posts\/26940\/revisions\/26975"}],"wp:featuredmedia":[{"embeddable":true,"href":"https:\/\/www.jazzzeitung.de\/cms\/wp-json\/wp\/v2\/media\/24613"}],"wp:attachment":[{"href":"https:\/\/www.jazzzeitung.de\/cms\/wp-json\/wp\/v2\/media?parent=26940"}],"wp:term":[{"taxonomy":"category","embeddable":true,"href":"https:\/\/www.jazzzeitung.de\/cms\/wp-json\/wp\/v2\/categories?post=26940"},{"taxonomy":"post_tag","embeddable":true,"href":"https:\/\/www.jazzzeitung.de\/cms\/wp-json\/wp\/v2\/tags?post=26940"},{"taxonomy":"author","embeddable":true,"href":"https:\/\/www.jazzzeitung.de\/cms\/wp-json\/wp\/v2\/coauthors?post=26940"}],"curies":[{"name":"wp","href":"https:\/\/api.w.org\/{rel}","templated":true}]}}