{"id":26903,"date":"2022-03-22T09:00:19","date_gmt":"2022-03-22T08:00:19","guid":{"rendered":"https:\/\/www.jazzzeitung.de\/cms\/?p=26903"},"modified":"2022-03-21T16:53:33","modified_gmt":"2022-03-21T15:53:33","slug":"trauer-und-hoffnung-gado-mit-neuer-cd-whispering-quiet-secrets-into-hairy-ears","status":"publish","type":"post","link":"https:\/\/www.jazzzeitung.de\/cms\/2022\/03\/trauer-und-hoffnung-gado-mit-neuer-cd-whispering-quiet-secrets-into-hairy-ears\/","title":{"rendered":"Trauer und Hoffnung: Gad\u00f3 mit neuer CD \u201eWhispering Quiet Secrets Into Hairy Ears\u201c"},"content":{"rendered":"<p>Angesichts des Zustandes der Welt und deren Verworrenheit, in der Menschen hilflos scheinend in das Betrachten ihres bereits Gestorbenseins versunken sind, sucht auch Musik nach dem Ausdruck der Trauer.<\/p>\n<p>Der in Paris und Budapest lebende Gitarrist und Komponist G\u00e1bor Gad\u00f3 gestaltet seit \u00fcber drei\u00dfig Jahren mit seiner immer konzentrierter und spiritueller gewordenen Musik Zug\u00e4nge zu philosophischen, moralischen und historischen Aspekten menschlichen Verlorenseins. Etwa zwanzig CDs mit Gad\u00f3s Kompositionen und seinem Gitarrenspiel greifen gedanklich William Butler Yeats, Jakob B\u00f6hmes \u201eUngrund\u201c, Tarkowskis \u201eStalker\u201c, die Byzantinische Wende im historischen Christentum, Avicenna und Mirandola, Livingstone und Strindberg oder auch bedeutende Schriftsteller wie Bohumil Hrabal, Joseph Brodsky und L\u00e1szl\u00f3 Krasznahorkai auf.<\/p>\n<p>Wenn seine aktuelle CD \u201eWhispering Quiet Secrets Into Hairy Ears\u201c, die er im Duo mit diesmal dem Saxophonisten J\u00e1nos \u00c1v\u00e9d eingespielt hat, mit \u201eLacrimosa\u201c beginnt, einer Assoziation an die Sequenz aus Mozarts Requiem, der allerletzten Arbeit Mozarts, der \u00fcber dem Komponieren des Werkes verstarb, darf das wohl als Hinweis auf das Gesamtthema dieser Gad\u00f3-CD verstanden werden: das Abschiednehmen, die Beweinung und das Rechenschaft ablegen als ein Sich-bewusst-Machen eigener historischer und spiritueller Wurzeln. Musik als klanggewordene Trauer. Und Musik als klanggewordene Hoffnung.<\/p>\n<p>Gad\u00f3 schlie\u00dft diese CD mit einem Gebet ab. Nicht mit irgendeinem, sondern mit Franz Liszts \u201ePater Noster\u201c aus dem Klavierzyklus \u201eHarmonies po\u00e9tiques et religieuses\u201c, einem Werk, das angeregt war von Texten des Dichters Alphonse de Lamartine. Herr, so betet diese Musik Gad\u00f3s, erl\u00f6se uns von dem \u00dcbel.<\/p>\n<p>Der spirituelle Zugang Gad\u00f3s zu Musik ist im Kanon christlicher Bilder verankert. Markieren Anregungen aus Mozarts Requiem und aus Liszts \u201eHarmonies &#8230;\u201c Anfang und Ende der Gad\u00f3-CD \u201eWhispering Quiet Secrets Into Hairy Ears\u201c, so stellt der Gitarrist und Komponist das Leiden Christi mit seiner Bearbeitung des lateinischen Kreuzhymnus \u201eVexilla Regis\u201c, dem Beginn der Liszt\u2019schen Kreuzweg-Kompostion \u201eVia Crucis\u201c, in die Mitte seiner CD.<\/p>\n<p>Musikalisch greift Gad\u00f3 auf verschiedene musikgeschichtliche Ausdrucksweisen zur\u00fcck, manchmal gleichzeitig und kontrastreich, manchmal homogen abfolgend. Es klingen liturgische Modalmusik beziehungsweise Gregorianik auf; modernere Kompositionsprinzipien und Improvisationen aus dem Feld des Modern Jazz, so Modales, transportieren durchaus ein spirituelles Verst\u00e4ndnis von Literarischem und Historischem, von l\u00e4chelnd Ironischem und Moralphilosophischem.<\/p>\n<p>Frappierend ist, dass \u00fcber alle Differenziertheiten hinweg ein einmaliger, individueller Duo-Sound aus modifiziertem Gitarrenklang und weichen (nie aber verweichlichten) Saxophonlinien entsteht. Was die beiden Musiker hier mit ihren Instrumenten leisten, ist sowohl spieltechnisch als auch kreativ-phrasierungsm\u00e4\u00dfig und ideell \u00fcberragend.<\/p>\n<p>W\u00e4hrend des Schreibens dieser CD-Besprechung, etwa zur Texth\u00e4lfte, begann der Krieg in der Ukraine, was mir das Rezensieren drastisch schwerer machte. W\u00fcrden die Kriegsparteien einen Atomkrieg provozieren? Die CD \u201eWhispering Quiet Secrets Into Hairy Ears\u201c von G\u00e1bor Gad\u00f3 und J\u00e1nos \u00c1v\u00e9d markiert, eigentlich ungeplant, den Ernst der Lage; sie filtert heraus, was gerade an heutiger Musik wichtig ist: die Klanggestaltung des Ausdrucks der Trauer und die Erinnerung an Hoffnung. Vielleicht sind dies die Geheimnisse, die dem CD-Titel zufolge eigefl\u00fcstert werden sollen &#8230;<\/p>\n<p>Mathias B\u00e4umel<\/p>\n<figure id=\"attachment_26904\" aria-describedby=\"caption-attachment-26904\" style=\"width: 300px\" class=\"wp-caption alignleft\"><img data-recalc-dims=\"1\" loading=\"lazy\" decoding=\"async\" data-attachment-id=\"26904\" data-permalink=\"https:\/\/www.jazzzeitung.de\/cms\/2022\/03\/trauer-und-hoffnung-gado-mit-neuer-cd-whispering-quiet-secrets-into-hairy-ears\/cd-cover-gabor-gado\/\" data-orig-file=\"https:\/\/i0.wp.com\/www.jazzzeitung.de\/cms\/wp-content\/uploads\/2022\/03\/CD-Cover-Gabor-Gado.jpg?fit=600%2C529&amp;ssl=1\" data-orig-size=\"600,529\" data-comments-opened=\"1\" data-image-meta=\"{&quot;aperture&quot;:&quot;0&quot;,&quot;credit&quot;:&quot;&quot;,&quot;camera&quot;:&quot;&quot;,&quot;caption&quot;:&quot;&quot;,&quot;created_timestamp&quot;:&quot;0&quot;,&quot;copyright&quot;:&quot;&quot;,&quot;focal_length&quot;:&quot;0&quot;,&quot;iso&quot;:&quot;0&quot;,&quot;shutter_speed&quot;:&quot;0&quot;,&quot;title&quot;:&quot;&quot;,&quot;orientation&quot;:&quot;0&quot;}\" data-image-title=\"CD-Cover G\u00e1bor Gad\u00f3\" data-image-description=\"\" data-image-caption=\"&lt;p&gt;Cover der neuen CD von G\u00e1bor Gad\u00f3 und J\u00e1nos Av\u00e9d&lt;\/p&gt;\n\" data-large-file=\"https:\/\/i0.wp.com\/www.jazzzeitung.de\/cms\/wp-content\/uploads\/2022\/03\/CD-Cover-Gabor-Gado.jpg?fit=600%2C529&amp;ssl=1\" class=\"wp-image-26904 size-medium\" src=\"https:\/\/i0.wp.com\/www.jazzzeitung.de\/cms\/wp-content\/uploads\/2022\/03\/CD-Cover-Gabor-Gado.jpg?resize=300%2C265&#038;ssl=1\" alt=\"\" width=\"300\" height=\"265\" srcset=\"https:\/\/i0.wp.com\/www.jazzzeitung.de\/cms\/wp-content\/uploads\/2022\/03\/CD-Cover-Gabor-Gado.jpg?resize=300%2C265&amp;ssl=1 300w, https:\/\/i0.wp.com\/www.jazzzeitung.de\/cms\/wp-content\/uploads\/2022\/03\/CD-Cover-Gabor-Gado.jpg?w=600&amp;ssl=1 600w\" sizes=\"auto, (max-width: 300px) 100vw, 300px\" \/><figcaption id=\"caption-attachment-26904\" class=\"wp-caption-text\">\u00a0G\u00e1bor Gad\u00f3 \/ J\u00e1nos \u00c1v\u00e9d: \u201eWhispering Quiet Secrets Into Hairy Ears\u201c, BMC Records CD 300<\/figcaption><\/figure>\n<p>&nbsp;<\/p>\n<p>&nbsp;<\/p>\n<p>&nbsp;<\/p>\n<p>&nbsp;<\/p>\n<p>&nbsp;<\/p>\n<p>&nbsp;<\/p>\n","protected":false},"excerpt":{"rendered":"<p>Angesichts des Zustandes der Welt und deren Verworrenheit, in der Menschen hilflos scheinend in das Betrachten ihres bereits Gestorbenseins versunken sind, sucht auch Musik nach dem Ausdruck der Trauer. Der in Paris und Budapest lebende Gitarrist und Komponist G\u00e1bor Gad\u00f3 gestaltet seit \u00fcber drei\u00dfig Jahren mit seiner immer konzentrierter und spiritueller gewordenen Musik Zug\u00e4nge zu philosophischen, moralischen und historischen Aspekten menschlichen Verlorenseins. Etwa zwanzig CDs mit Gad\u00f3s Kompositionen und seinem Gitarrenspiel greifen gedanklich William Butler Yeats, Jakob B\u00f6hmes \u201eUngrund\u201c, Tarkowskis \u201eStalker\u201c, die Byzantinische Wende im historischen Christentum, Avicenna und Mirandola, Livingstone und Strindberg oder auch bedeutende Schriftsteller wie Bohumil Hrabal, Joseph Brodsky und L\u00e1szl\u00f3 Krasznahorkai auf. Wenn seine aktuelle CD \u201eWhispering Quiet Secrets Into Hairy Ears\u201c, die er im Duo mit diesmal dem Saxophonisten J\u00e1nos \u00c1v\u00e9d eingespielt hat, mit \u201eLacrimosa\u201c beginnt, einer Assoziation an die Sequenz aus Mozarts Requiem, der allerletzten Arbeit Mozarts, der \u00fcber dem Komponieren des Werkes verstarb, darf das wohl als Hinweis auf das Gesamtthema dieser Gad\u00f3-CD verstanden werden: das Abschiednehmen, die Beweinung und das Rechenschaft ablegen als ein Sich-bewusst-Machen eigener historischer und spiritueller Wurzeln. Musik als klanggewordene Trauer. Und Musik als &hellip;<\/p>\n","protected":false},"author":18,"featured_media":26904,"comment_status":"open","ping_status":"closed","sticky":false,"template":"","format":"standard","meta":{"_jetpack_memberships_contains_paid_content":false,"footnotes":"","jetpack_publicize_message":"","jetpack_publicize_feature_enabled":true,"jetpack_social_post_already_shared":false,"jetpack_social_options":{"image_generator_settings":{"template":"highway","default_image_id":0,"font":"","enabled":false},"version":2}},"categories":[1152],"tags":[2725,109,1485,2157,2123,2935,4008,4009,431],"coauthors":[695],"class_list":["post-26903","post","type-post","status-publish","format-standard","has-post-thumbnail","hentry","category-rezension","tag-budapest","tag-cd","tag-cd-rezension","tag-cd-tipp","tag-cd-vorstellung","tag-cds","tag-gabor-gado","tag-janos-aved","tag-paris"],"yoast_head":"<!-- This site is optimized with the Yoast SEO plugin v27.5 - https:\/\/yoast.com\/product\/yoast-seo-wordpress\/ -->\n<title>Trauer und Hoffnung: Gad\u00f3 mit neuer CD \u201eWhispering Quiet Secrets Into Hairy Ears\u201c - JazzZeitung<\/title>\n<meta name=\"robots\" content=\"index, follow, max-snippet:-1, max-image-preview:large, max-video-preview:-1\" \/>\n<link rel=\"canonical\" href=\"https:\/\/www.jazzzeitung.de\/cms\/2022\/03\/trauer-und-hoffnung-gado-mit-neuer-cd-whispering-quiet-secrets-into-hairy-ears\/\" \/>\n<meta property=\"og:locale\" content=\"de_DE\" \/>\n<meta property=\"og:type\" content=\"article\" \/>\n<meta property=\"og:title\" content=\"Trauer und Hoffnung: Gad\u00f3 mit neuer CD \u201eWhispering Quiet Secrets Into Hairy Ears\u201c - JazzZeitung\" \/>\n<meta property=\"og:description\" content=\"Angesichts des Zustandes der Welt und deren Verworrenheit, in der Menschen hilflos scheinend in das Betrachten ihres bereits Gestorbenseins versunken sind, sucht auch Musik nach dem Ausdruck der Trauer. Der in Paris und Budapest lebende Gitarrist und Komponist G\u00e1bor Gad\u00f3 gestaltet seit \u00fcber drei\u00dfig Jahren mit seiner immer konzentrierter und spiritueller gewordenen Musik Zug\u00e4nge zu philosophischen, moralischen und historischen Aspekten menschlichen Verlorenseins. Etwa zwanzig CDs mit Gad\u00f3s Kompositionen und seinem Gitarrenspiel greifen gedanklich William Butler Yeats, Jakob B\u00f6hmes \u201eUngrund\u201c, Tarkowskis \u201eStalker\u201c, die Byzantinische Wende im historischen Christentum, Avicenna und Mirandola, Livingstone und Strindberg oder auch bedeutende Schriftsteller wie Bohumil Hrabal, Joseph Brodsky und L\u00e1szl\u00f3 Krasznahorkai auf. Wenn seine aktuelle CD \u201eWhispering Quiet Secrets Into Hairy Ears\u201c, die er im Duo mit diesmal dem Saxophonisten J\u00e1nos \u00c1v\u00e9d eingespielt hat, mit \u201eLacrimosa\u201c beginnt, einer Assoziation an die Sequenz aus Mozarts Requiem, der allerletzten Arbeit Mozarts, der \u00fcber dem Komponieren des Werkes verstarb, darf das wohl als Hinweis auf das Gesamtthema dieser Gad\u00f3-CD verstanden werden: das Abschiednehmen, die Beweinung und das Rechenschaft ablegen als ein Sich-bewusst-Machen eigener historischer und spiritueller Wurzeln. Musik als klanggewordene Trauer. Und Musik als &hellip;\" \/>\n<meta property=\"og:url\" content=\"https:\/\/www.jazzzeitung.de\/cms\/2022\/03\/trauer-und-hoffnung-gado-mit-neuer-cd-whispering-quiet-secrets-into-hairy-ears\/\" \/>\n<meta property=\"og:site_name\" content=\"JazzZeitung\" \/>\n<meta property=\"article:publisher\" content=\"https:\/\/www.facebook.com\/JazzZeitung\/\" \/>\n<meta property=\"article:published_time\" content=\"2022-03-22T08:00:19+00:00\" \/>\n<meta property=\"og:image\" content=\"https:\/\/i0.wp.com\/www.jazzzeitung.de\/cms\/wp-content\/uploads\/2022\/03\/CD-Cover-Gabor-Gado.jpg?fit=600%2C529&ssl=1\" \/>\n\t<meta property=\"og:image:width\" content=\"600\" \/>\n\t<meta property=\"og:image:height\" content=\"529\" \/>\n\t<meta property=\"og:image:type\" content=\"image\/jpeg\" \/>\n<meta name=\"author\" content=\"Redaktion JazzZeitung\" \/>\n<script type=\"application\/ld+json\" class=\"yoast-schema-graph\">{\"@context\":\"https:\\\/\\\/schema.org\",\"@graph\":[{\"@type\":\"Article\",\"@id\":\"https:\\\/\\\/www.jazzzeitung.de\\\/cms\\\/2022\\\/03\\\/trauer-und-hoffnung-gado-mit-neuer-cd-whispering-quiet-secrets-into-hairy-ears\\\/#article\",\"isPartOf\":{\"@id\":\"https:\\\/\\\/www.jazzzeitung.de\\\/cms\\\/2022\\\/03\\\/trauer-und-hoffnung-gado-mit-neuer-cd-whispering-quiet-secrets-into-hairy-ears\\\/\"},\"author\":{\"name\":\"Redaktion JazzZeitung\",\"@id\":\"https:\\\/\\\/www.jazzzeitung.de\\\/cms\\\/#\\\/schema\\\/person\\\/2245b36b9cd1d24cea10f01c031fb92b\"},\"headline\":\"Trauer und Hoffnung: Gad\u00f3 mit neuer CD \u201eWhispering Quiet Secrets Into Hairy Ears\u201c\",\"datePublished\":\"2022-03-22T08:00:19+00:00\",\"mainEntityOfPage\":{\"@id\":\"https:\\\/\\\/www.jazzzeitung.de\\\/cms\\\/2022\\\/03\\\/trauer-und-hoffnung-gado-mit-neuer-cd-whispering-quiet-secrets-into-hairy-ears\\\/\"},\"wordCount\":535,\"commentCount\":0,\"publisher\":{\"@id\":\"https:\\\/\\\/www.jazzzeitung.de\\\/cms\\\/#organization\"},\"image\":{\"@id\":\"https:\\\/\\\/www.jazzzeitung.de\\\/cms\\\/2022\\\/03\\\/trauer-und-hoffnung-gado-mit-neuer-cd-whispering-quiet-secrets-into-hairy-ears\\\/#primaryimage\"},\"thumbnailUrl\":\"https:\\\/\\\/i0.wp.com\\\/www.jazzzeitung.de\\\/cms\\\/wp-content\\\/uploads\\\/2022\\\/03\\\/CD-Cover-Gabor-Gado.jpg?fit=600%2C529&ssl=1\",\"keywords\":[\"Budapest\",\"CD\",\"CD-Rezension\",\"CD-Tipp\",\"CD-Vorstellung\",\"CDs\",\"G\u00e1bor Gad\u00f3\",\"J\u00e1nos \u00c1v\u00e9d\",\"Paris\"],\"articleSection\":[\"Rezension\"],\"inLanguage\":\"de\",\"potentialAction\":[{\"@type\":\"CommentAction\",\"name\":\"Comment\",\"target\":[\"https:\\\/\\\/www.jazzzeitung.de\\\/cms\\\/2022\\\/03\\\/trauer-und-hoffnung-gado-mit-neuer-cd-whispering-quiet-secrets-into-hairy-ears\\\/#respond\"]}]},{\"@type\":\"WebPage\",\"@id\":\"https:\\\/\\\/www.jazzzeitung.de\\\/cms\\\/2022\\\/03\\\/trauer-und-hoffnung-gado-mit-neuer-cd-whispering-quiet-secrets-into-hairy-ears\\\/\",\"url\":\"https:\\\/\\\/www.jazzzeitung.de\\\/cms\\\/2022\\\/03\\\/trauer-und-hoffnung-gado-mit-neuer-cd-whispering-quiet-secrets-into-hairy-ears\\\/\",\"name\":\"Trauer und Hoffnung: Gad\u00f3 mit neuer CD \u201eWhispering Quiet Secrets Into Hairy Ears\u201c - JazzZeitung\",\"isPartOf\":{\"@id\":\"https:\\\/\\\/www.jazzzeitung.de\\\/cms\\\/#website\"},\"primaryImageOfPage\":{\"@id\":\"https:\\\/\\\/www.jazzzeitung.de\\\/cms\\\/2022\\\/03\\\/trauer-und-hoffnung-gado-mit-neuer-cd-whispering-quiet-secrets-into-hairy-ears\\\/#primaryimage\"},\"image\":{\"@id\":\"https:\\\/\\\/www.jazzzeitung.de\\\/cms\\\/2022\\\/03\\\/trauer-und-hoffnung-gado-mit-neuer-cd-whispering-quiet-secrets-into-hairy-ears\\\/#primaryimage\"},\"thumbnailUrl\":\"https:\\\/\\\/i0.wp.com\\\/www.jazzzeitung.de\\\/cms\\\/wp-content\\\/uploads\\\/2022\\\/03\\\/CD-Cover-Gabor-Gado.jpg?fit=600%2C529&ssl=1\",\"datePublished\":\"2022-03-22T08:00:19+00:00\",\"breadcrumb\":{\"@id\":\"https:\\\/\\\/www.jazzzeitung.de\\\/cms\\\/2022\\\/03\\\/trauer-und-hoffnung-gado-mit-neuer-cd-whispering-quiet-secrets-into-hairy-ears\\\/#breadcrumb\"},\"inLanguage\":\"de\",\"potentialAction\":[{\"@type\":\"ReadAction\",\"target\":[\"https:\\\/\\\/www.jazzzeitung.de\\\/cms\\\/2022\\\/03\\\/trauer-und-hoffnung-gado-mit-neuer-cd-whispering-quiet-secrets-into-hairy-ears\\\/\"]}]},{\"@type\":\"ImageObject\",\"inLanguage\":\"de\",\"@id\":\"https:\\\/\\\/www.jazzzeitung.de\\\/cms\\\/2022\\\/03\\\/trauer-und-hoffnung-gado-mit-neuer-cd-whispering-quiet-secrets-into-hairy-ears\\\/#primaryimage\",\"url\":\"https:\\\/\\\/i0.wp.com\\\/www.jazzzeitung.de\\\/cms\\\/wp-content\\\/uploads\\\/2022\\\/03\\\/CD-Cover-Gabor-Gado.jpg?fit=600%2C529&ssl=1\",\"contentUrl\":\"https:\\\/\\\/i0.wp.com\\\/www.jazzzeitung.de\\\/cms\\\/wp-content\\\/uploads\\\/2022\\\/03\\\/CD-Cover-Gabor-Gado.jpg?fit=600%2C529&ssl=1\",\"width\":600,\"height\":529,\"caption\":\"Cover der neuen CD von G\u00e1bor Gad\u00f3 und J\u00e1nos Av\u00e9d\"},{\"@type\":\"BreadcrumbList\",\"@id\":\"https:\\\/\\\/www.jazzzeitung.de\\\/cms\\\/2022\\\/03\\\/trauer-und-hoffnung-gado-mit-neuer-cd-whispering-quiet-secrets-into-hairy-ears\\\/#breadcrumb\",\"itemListElement\":[{\"@type\":\"ListItem\",\"position\":1,\"name\":\"Startseite\",\"item\":\"https:\\\/\\\/www.jazzzeitung.de\\\/cms\\\/\"},{\"@type\":\"ListItem\",\"position\":2,\"name\":\"Trauer und Hoffnung: Gad\u00f3 mit neuer CD \u201eWhispering Quiet Secrets Into Hairy Ears\u201c\"}]},{\"@type\":\"WebSite\",\"@id\":\"https:\\\/\\\/www.jazzzeitung.de\\\/cms\\\/#website\",\"url\":\"https:\\\/\\\/www.jazzzeitung.de\\\/cms\\\/\",\"name\":\"JazzZeitung\",\"description\":\"Jazz-News und Jazz-Kontroverses\",\"publisher\":{\"@id\":\"https:\\\/\\\/www.jazzzeitung.de\\\/cms\\\/#organization\"},\"potentialAction\":[{\"@type\":\"SearchAction\",\"target\":{\"@type\":\"EntryPoint\",\"urlTemplate\":\"https:\\\/\\\/www.jazzzeitung.de\\\/cms\\\/?s={search_term_string}\"},\"query-input\":{\"@type\":\"PropertyValueSpecification\",\"valueRequired\":true,\"valueName\":\"search_term_string\"}}],\"inLanguage\":\"de\"},{\"@type\":\"Organization\",\"@id\":\"https:\\\/\\\/www.jazzzeitung.de\\\/cms\\\/#organization\",\"name\":\"JazzZeitung online\",\"url\":\"https:\\\/\\\/www.jazzzeitung.de\\\/cms\\\/\",\"logo\":{\"@type\":\"ImageObject\",\"inLanguage\":\"de\",\"@id\":\"https:\\\/\\\/www.jazzzeitung.de\\\/cms\\\/#\\\/schema\\\/logo\\\/image\\\/\",\"url\":\"https:\\\/\\\/i0.wp.com\\\/www.jazzzeitung.de\\\/cms\\\/wp-content\\\/uploads\\\/2015\\\/08\\\/JAZZZEITUNGDE_Logo_Neu.png?fit=499%2C200&ssl=1\",\"contentUrl\":\"https:\\\/\\\/i0.wp.com\\\/www.jazzzeitung.de\\\/cms\\\/wp-content\\\/uploads\\\/2015\\\/08\\\/JAZZZEITUNGDE_Logo_Neu.png?fit=499%2C200&ssl=1\",\"width\":499,\"height\":200,\"caption\":\"JazzZeitung online\"},\"image\":{\"@id\":\"https:\\\/\\\/www.jazzzeitung.de\\\/cms\\\/#\\\/schema\\\/logo\\\/image\\\/\"},\"sameAs\":[\"https:\\\/\\\/www.facebook.com\\\/JazzZeitung\\\/\"]},{\"@type\":\"Person\",\"@id\":\"https:\\\/\\\/www.jazzzeitung.de\\\/cms\\\/#\\\/schema\\\/person\\\/2245b36b9cd1d24cea10f01c031fb92b\",\"name\":\"Redaktion JazzZeitung\",\"image\":{\"@type\":\"ImageObject\",\"inLanguage\":\"de\",\"@id\":\"https:\\\/\\\/i0.wp.com\\\/www.jazzzeitung.de\\\/cms\\\/wp-content\\\/uploads\\\/2015\\\/08\\\/JAZZZEITUNGDE_Logo_Neu.png?resize=96%2C96&ssl=159975dcacb611b5700bd619b5daf0a7a\",\"url\":\"https:\\\/\\\/i0.wp.com\\\/www.jazzzeitung.de\\\/cms\\\/wp-content\\\/uploads\\\/2015\\\/08\\\/JAZZZEITUNGDE_Logo_Neu.png?resize=96%2C96&ssl=1\",\"contentUrl\":\"https:\\\/\\\/i0.wp.com\\\/www.jazzzeitung.de\\\/cms\\\/wp-content\\\/uploads\\\/2015\\\/08\\\/JAZZZEITUNGDE_Logo_Neu.png?resize=96%2C96&ssl=1\",\"caption\":\"Redaktion JazzZeitung\"},\"description\":\"Artikel der Redaktion der JazzZeitung.\",\"sameAs\":[\"http:\\\/\\\/www.jazzzeitung.de\\\/cms\\\/\"],\"url\":\"https:\\\/\\\/www.jazzzeitung.de\\\/cms\\\/author\\\/redaktion\\\/\"}]}<\/script>\n<!-- \/ Yoast SEO plugin. -->","yoast_head_json":{"title":"Trauer und Hoffnung: Gad\u00f3 mit neuer CD \u201eWhispering Quiet Secrets Into Hairy Ears\u201c - JazzZeitung","robots":{"index":"index","follow":"follow","max-snippet":"max-snippet:-1","max-image-preview":"max-image-preview:large","max-video-preview":"max-video-preview:-1"},"canonical":"https:\/\/www.jazzzeitung.de\/cms\/2022\/03\/trauer-und-hoffnung-gado-mit-neuer-cd-whispering-quiet-secrets-into-hairy-ears\/","og_locale":"de_DE","og_type":"article","og_title":"Trauer und Hoffnung: Gad\u00f3 mit neuer CD \u201eWhispering Quiet Secrets Into Hairy Ears\u201c - JazzZeitung","og_description":"Angesichts des Zustandes der Welt und deren Verworrenheit, in der Menschen hilflos scheinend in das Betrachten ihres bereits Gestorbenseins versunken sind, sucht auch Musik nach dem Ausdruck der Trauer. Der in Paris und Budapest lebende Gitarrist und Komponist G\u00e1bor Gad\u00f3 gestaltet seit \u00fcber drei\u00dfig Jahren mit seiner immer konzentrierter und spiritueller gewordenen Musik Zug\u00e4nge zu philosophischen, moralischen und historischen Aspekten menschlichen Verlorenseins. Etwa zwanzig CDs mit Gad\u00f3s Kompositionen und seinem Gitarrenspiel greifen gedanklich William Butler Yeats, Jakob B\u00f6hmes \u201eUngrund\u201c, Tarkowskis \u201eStalker\u201c, die Byzantinische Wende im historischen Christentum, Avicenna und Mirandola, Livingstone und Strindberg oder auch bedeutende Schriftsteller wie Bohumil Hrabal, Joseph Brodsky und L\u00e1szl\u00f3 Krasznahorkai auf. Wenn seine aktuelle CD \u201eWhispering Quiet Secrets Into Hairy Ears\u201c, die er im Duo mit diesmal dem Saxophonisten J\u00e1nos \u00c1v\u00e9d eingespielt hat, mit \u201eLacrimosa\u201c beginnt, einer Assoziation an die Sequenz aus Mozarts Requiem, der allerletzten Arbeit Mozarts, der \u00fcber dem Komponieren des Werkes verstarb, darf das wohl als Hinweis auf das Gesamtthema dieser Gad\u00f3-CD verstanden werden: das Abschiednehmen, die Beweinung und das Rechenschaft ablegen als ein Sich-bewusst-Machen eigener historischer und spiritueller Wurzeln. Musik als klanggewordene Trauer. Und Musik als &hellip;","og_url":"https:\/\/www.jazzzeitung.de\/cms\/2022\/03\/trauer-und-hoffnung-gado-mit-neuer-cd-whispering-quiet-secrets-into-hairy-ears\/","og_site_name":"JazzZeitung","article_publisher":"https:\/\/www.facebook.com\/JazzZeitung\/","article_published_time":"2022-03-22T08:00:19+00:00","og_image":[{"width":600,"height":529,"url":"https:\/\/i0.wp.com\/www.jazzzeitung.de\/cms\/wp-content\/uploads\/2022\/03\/CD-Cover-Gabor-Gado.jpg?fit=600%2C529&ssl=1","type":"image\/jpeg"}],"author":"Redaktion JazzZeitung","schema":{"@context":"https:\/\/schema.org","@graph":[{"@type":"Article","@id":"https:\/\/www.jazzzeitung.de\/cms\/2022\/03\/trauer-und-hoffnung-gado-mit-neuer-cd-whispering-quiet-secrets-into-hairy-ears\/#article","isPartOf":{"@id":"https:\/\/www.jazzzeitung.de\/cms\/2022\/03\/trauer-und-hoffnung-gado-mit-neuer-cd-whispering-quiet-secrets-into-hairy-ears\/"},"author":{"name":"Redaktion JazzZeitung","@id":"https:\/\/www.jazzzeitung.de\/cms\/#\/schema\/person\/2245b36b9cd1d24cea10f01c031fb92b"},"headline":"Trauer und Hoffnung: Gad\u00f3 mit neuer CD \u201eWhispering Quiet Secrets Into Hairy Ears\u201c","datePublished":"2022-03-22T08:00:19+00:00","mainEntityOfPage":{"@id":"https:\/\/www.jazzzeitung.de\/cms\/2022\/03\/trauer-und-hoffnung-gado-mit-neuer-cd-whispering-quiet-secrets-into-hairy-ears\/"},"wordCount":535,"commentCount":0,"publisher":{"@id":"https:\/\/www.jazzzeitung.de\/cms\/#organization"},"image":{"@id":"https:\/\/www.jazzzeitung.de\/cms\/2022\/03\/trauer-und-hoffnung-gado-mit-neuer-cd-whispering-quiet-secrets-into-hairy-ears\/#primaryimage"},"thumbnailUrl":"https:\/\/i0.wp.com\/www.jazzzeitung.de\/cms\/wp-content\/uploads\/2022\/03\/CD-Cover-Gabor-Gado.jpg?fit=600%2C529&ssl=1","keywords":["Budapest","CD","CD-Rezension","CD-Tipp","CD-Vorstellung","CDs","G\u00e1bor Gad\u00f3","J\u00e1nos \u00c1v\u00e9d","Paris"],"articleSection":["Rezension"],"inLanguage":"de","potentialAction":[{"@type":"CommentAction","name":"Comment","target":["https:\/\/www.jazzzeitung.de\/cms\/2022\/03\/trauer-und-hoffnung-gado-mit-neuer-cd-whispering-quiet-secrets-into-hairy-ears\/#respond"]}]},{"@type":"WebPage","@id":"https:\/\/www.jazzzeitung.de\/cms\/2022\/03\/trauer-und-hoffnung-gado-mit-neuer-cd-whispering-quiet-secrets-into-hairy-ears\/","url":"https:\/\/www.jazzzeitung.de\/cms\/2022\/03\/trauer-und-hoffnung-gado-mit-neuer-cd-whispering-quiet-secrets-into-hairy-ears\/","name":"Trauer und Hoffnung: Gad\u00f3 mit neuer CD \u201eWhispering Quiet Secrets Into Hairy Ears\u201c - JazzZeitung","isPartOf":{"@id":"https:\/\/www.jazzzeitung.de\/cms\/#website"},"primaryImageOfPage":{"@id":"https:\/\/www.jazzzeitung.de\/cms\/2022\/03\/trauer-und-hoffnung-gado-mit-neuer-cd-whispering-quiet-secrets-into-hairy-ears\/#primaryimage"},"image":{"@id":"https:\/\/www.jazzzeitung.de\/cms\/2022\/03\/trauer-und-hoffnung-gado-mit-neuer-cd-whispering-quiet-secrets-into-hairy-ears\/#primaryimage"},"thumbnailUrl":"https:\/\/i0.wp.com\/www.jazzzeitung.de\/cms\/wp-content\/uploads\/2022\/03\/CD-Cover-Gabor-Gado.jpg?fit=600%2C529&ssl=1","datePublished":"2022-03-22T08:00:19+00:00","breadcrumb":{"@id":"https:\/\/www.jazzzeitung.de\/cms\/2022\/03\/trauer-und-hoffnung-gado-mit-neuer-cd-whispering-quiet-secrets-into-hairy-ears\/#breadcrumb"},"inLanguage":"de","potentialAction":[{"@type":"ReadAction","target":["https:\/\/www.jazzzeitung.de\/cms\/2022\/03\/trauer-und-hoffnung-gado-mit-neuer-cd-whispering-quiet-secrets-into-hairy-ears\/"]}]},{"@type":"ImageObject","inLanguage":"de","@id":"https:\/\/www.jazzzeitung.de\/cms\/2022\/03\/trauer-und-hoffnung-gado-mit-neuer-cd-whispering-quiet-secrets-into-hairy-ears\/#primaryimage","url":"https:\/\/i0.wp.com\/www.jazzzeitung.de\/cms\/wp-content\/uploads\/2022\/03\/CD-Cover-Gabor-Gado.jpg?fit=600%2C529&ssl=1","contentUrl":"https:\/\/i0.wp.com\/www.jazzzeitung.de\/cms\/wp-content\/uploads\/2022\/03\/CD-Cover-Gabor-Gado.jpg?fit=600%2C529&ssl=1","width":600,"height":529,"caption":"Cover der neuen CD von G\u00e1bor Gad\u00f3 und J\u00e1nos Av\u00e9d"},{"@type":"BreadcrumbList","@id":"https:\/\/www.jazzzeitung.de\/cms\/2022\/03\/trauer-und-hoffnung-gado-mit-neuer-cd-whispering-quiet-secrets-into-hairy-ears\/#breadcrumb","itemListElement":[{"@type":"ListItem","position":1,"name":"Startseite","item":"https:\/\/www.jazzzeitung.de\/cms\/"},{"@type":"ListItem","position":2,"name":"Trauer und Hoffnung: Gad\u00f3 mit neuer CD \u201eWhispering Quiet Secrets Into Hairy Ears\u201c"}]},{"@type":"WebSite","@id":"https:\/\/www.jazzzeitung.de\/cms\/#website","url":"https:\/\/www.jazzzeitung.de\/cms\/","name":"JazzZeitung","description":"Jazz-News und Jazz-Kontroverses","publisher":{"@id":"https:\/\/www.jazzzeitung.de\/cms\/#organization"},"potentialAction":[{"@type":"SearchAction","target":{"@type":"EntryPoint","urlTemplate":"https:\/\/www.jazzzeitung.de\/cms\/?s={search_term_string}"},"query-input":{"@type":"PropertyValueSpecification","valueRequired":true,"valueName":"search_term_string"}}],"inLanguage":"de"},{"@type":"Organization","@id":"https:\/\/www.jazzzeitung.de\/cms\/#organization","name":"JazzZeitung online","url":"https:\/\/www.jazzzeitung.de\/cms\/","logo":{"@type":"ImageObject","inLanguage":"de","@id":"https:\/\/www.jazzzeitung.de\/cms\/#\/schema\/logo\/image\/","url":"https:\/\/i0.wp.com\/www.jazzzeitung.de\/cms\/wp-content\/uploads\/2015\/08\/JAZZZEITUNGDE_Logo_Neu.png?fit=499%2C200&ssl=1","contentUrl":"https:\/\/i0.wp.com\/www.jazzzeitung.de\/cms\/wp-content\/uploads\/2015\/08\/JAZZZEITUNGDE_Logo_Neu.png?fit=499%2C200&ssl=1","width":499,"height":200,"caption":"JazzZeitung online"},"image":{"@id":"https:\/\/www.jazzzeitung.de\/cms\/#\/schema\/logo\/image\/"},"sameAs":["https:\/\/www.facebook.com\/JazzZeitung\/"]},{"@type":"Person","@id":"https:\/\/www.jazzzeitung.de\/cms\/#\/schema\/person\/2245b36b9cd1d24cea10f01c031fb92b","name":"Redaktion JazzZeitung","image":{"@type":"ImageObject","inLanguage":"de","@id":"https:\/\/i0.wp.com\/www.jazzzeitung.de\/cms\/wp-content\/uploads\/2015\/08\/JAZZZEITUNGDE_Logo_Neu.png?resize=96%2C96&ssl=159975dcacb611b5700bd619b5daf0a7a","url":"https:\/\/i0.wp.com\/www.jazzzeitung.de\/cms\/wp-content\/uploads\/2015\/08\/JAZZZEITUNGDE_Logo_Neu.png?resize=96%2C96&ssl=1","contentUrl":"https:\/\/i0.wp.com\/www.jazzzeitung.de\/cms\/wp-content\/uploads\/2015\/08\/JAZZZEITUNGDE_Logo_Neu.png?resize=96%2C96&ssl=1","caption":"Redaktion JazzZeitung"},"description":"Artikel der Redaktion der JazzZeitung.","sameAs":["http:\/\/www.jazzzeitung.de\/cms\/"],"url":"https:\/\/www.jazzzeitung.de\/cms\/author\/redaktion\/"}]}},"wp-worthy-pixel":{"ignored":false,"public":null,"server":null,"url":null},"wp-worthy-type":"normal","jetpack_publicize_connections":[],"cc_featured_image_caption":{"caption_text":"","source_text":"","source_url":""},"jetpack_featured_media_url":"https:\/\/i0.wp.com\/www.jazzzeitung.de\/cms\/wp-content\/uploads\/2022\/03\/CD-Cover-Gabor-Gado.jpg?fit=600%2C529&ssl=1","jetpack_shortlink":"https:\/\/wp.me\/p3KEcT-6ZV","jetpack-related-posts":[{"id":20067,"url":"https:\/\/www.jazzzeitung.de\/cms\/2019\/07\/cd-rezension-vier-meister-im-studio-in-budapest\/","url_meta":{"origin":26903,"position":0},"title":"CD-Rezension: Vier Meister im Studio in Budapest","author":"Redaktion JazzZeitung","date":"13. Juli 2019","format":false,"excerpt":"Graupe, Ceccaldi, Lillinger, Ceccaldi: \u00bbq\u00d6\u00d6lp\u00ab, BMC Records CD 257 F\u00fcr ein Meisterwerk m\u00fcssen stets mehrere Faktoren zusammenkommen; nur gute Ideen gen\u00fcgen ebenso wenig wie allein gute Musiker. Beides ist hier ohne jeden Zweifel der Fall. Aber es muss \u2013 f\u00fcr das Entstehen einer exzellenten CD \u2013 auch jemanden geben, der\u2026","rel":"","context":"In &quot;Rezension&quot;","block_context":{"text":"Rezension","link":"https:\/\/www.jazzzeitung.de\/cms\/thema\/rezension\/"},"img":{"alt_text":"","src":"https:\/\/i0.wp.com\/www.jazzzeitung.de\/cms\/wp-content\/uploads\/2019\/07\/71cAsbMirBL._SS500_.jpg?fit=500%2C500&ssl=1&resize=350%2C200","width":350,"height":200},"classes":[]},{"id":15365,"url":"https:\/\/www.jazzzeitung.de\/cms\/2018\/03\/cd-rezension-boris-bell-sacred-drums\/","url_meta":{"origin":26903,"position":1},"title":"CD-Rezension: Boris Bell \u2013 Sacred Drums","author":"Redaktion JazzZeitung","date":"23. M\u00e4rz 2018","format":false,"excerpt":"Hinh\u00f6r-Musik mit dem Gestus der Weisheit: Boris Bell ver\u00f6ffentlicht seine Solo-Platte \u00bbSacred Drums\u00ab auf EJK-Records Schlagzeug-Soli gibt es im Jazz schier unendlich viele. Langspielplatten oder CDs mit ausschlie\u00dflich solchen Soli, meist aus verschiedenen Aufnahmen zusammengestellt, schon deutlich weniger. Und noch seltener solche, die direkt als Perkussions-Solo-Platten konzipiert sind. Von Klassikern\u2026","rel":"","context":"In &quot;News&quot;","block_context":{"text":"News","link":"https:\/\/www.jazzzeitung.de\/cms\/thema\/nachrichten\/"},"img":{"alt_text":"","src":"https:\/\/i0.wp.com\/www.jazzzeitung.de\/cms\/wp-content\/uploads\/2018\/03\/Cover-mit-wei%C3%9F-e1510825247737-3.jpg?fit=995%2C679&ssl=1&resize=350%2C200","width":350,"height":200,"srcset":"https:\/\/i0.wp.com\/www.jazzzeitung.de\/cms\/wp-content\/uploads\/2018\/03\/Cover-mit-wei%C3%9F-e1510825247737-3.jpg?fit=995%2C679&ssl=1&resize=350%2C200 1x, https:\/\/i0.wp.com\/www.jazzzeitung.de\/cms\/wp-content\/uploads\/2018\/03\/Cover-mit-wei%C3%9F-e1510825247737-3.jpg?fit=995%2C679&ssl=1&resize=525%2C300 1.5x, https:\/\/i0.wp.com\/www.jazzzeitung.de\/cms\/wp-content\/uploads\/2018\/03\/Cover-mit-wei%C3%9F-e1510825247737-3.jpg?fit=995%2C679&ssl=1&resize=700%2C400 2x"},"classes":[]},{"id":26122,"url":"https:\/\/www.jazzzeitung.de\/cms\/2021\/11\/olaf-taranczewski-jean-philippe-wadle-und-benedikt-stehle-legen-mit-when-i-was-ein-beeindruckendes-album-vor\/","url_meta":{"origin":26903,"position":2},"title":"Olaf Taranczewski, Jean-Philippe Wadle und Benedikt Stehle legen mit \u00bbWhen I was\u00ab ein beeindruckendes Album vor","author":"Redaktion JazzZeitung","date":"10. November 2021","format":false,"excerpt":"Melancholie ... Was ist Melancholie? Mit der landl\u00e4ufigen Vorstellung, Melancholie sei ein Zustand der Traurigkeit, kann man sich eigentlich nicht zufriedengeben. Tiefer sch\u00fcrfen da Essayisten und Philosophen wie B\u00e9la Hamvas (\u00bbAnatomie der Melancholie\u00ab, \u00bbDie Melancholie der Sp\u00e4twerke\u00ab) und L\u00e1szl\u00f3 F. F\u00f6ld\u00e9nyi (Essayband \u00bbLob der Melancholie\u00ab). Die Melancholie habe nichts mit\u2026","rel":"","context":"In &quot;Rezension&quot;","block_context":{"text":"Rezension","link":"https:\/\/www.jazzzeitung.de\/cms\/thema\/rezension\/"},"img":{"alt_text":"","src":"https:\/\/i0.wp.com\/www.jazzzeitung.de\/cms\/wp-content\/uploads\/2021\/11\/cropped-LP-1-01-scaled-1.jpg?fit=1200%2C738&ssl=1&resize=350%2C200","width":350,"height":200,"srcset":"https:\/\/i0.wp.com\/www.jazzzeitung.de\/cms\/wp-content\/uploads\/2021\/11\/cropped-LP-1-01-scaled-1.jpg?fit=1200%2C738&ssl=1&resize=350%2C200 1x, https:\/\/i0.wp.com\/www.jazzzeitung.de\/cms\/wp-content\/uploads\/2021\/11\/cropped-LP-1-01-scaled-1.jpg?fit=1200%2C738&ssl=1&resize=525%2C300 1.5x, https:\/\/i0.wp.com\/www.jazzzeitung.de\/cms\/wp-content\/uploads\/2021\/11\/cropped-LP-1-01-scaled-1.jpg?fit=1200%2C738&ssl=1&resize=700%2C400 2x, https:\/\/i0.wp.com\/www.jazzzeitung.de\/cms\/wp-content\/uploads\/2021\/11\/cropped-LP-1-01-scaled-1.jpg?fit=1200%2C738&ssl=1&resize=1050%2C600 3x"},"classes":[]},{"id":24342,"url":"https:\/\/www.jazzzeitung.de\/cms\/2021\/02\/grafikdesigner-und-cd-cover-kuenstler-laszlo-huszar-ist-tot\/","url_meta":{"origin":26903,"position":3},"title":"Grafikdesigner und CD-Cover-K\u00fcnstler L\u00e1szl\u00f3 Husz\u00e1r ist tot","author":"Redaktion JazzZeitung","date":"2. Februar 2021","format":false,"excerpt":"Der international anerkannte ungarische Grafikdesigner L\u00e1szl\u00f3 Husz\u00e1r ist tot. Das gaben das ungarische Onlineportal Kreativ sowie die CD-Firma BMC Records bekannt. Husz\u00e1r starb am 3. Januar 2021 an den Folgen einer Krebserkrankung. Der K\u00fcnstler war Art Director der vielfach ausgezeichneten\u00a0Agentur Greenroom. Neben den visuellen L\u00f6sungen mehrerer preisgekr\u00f6nter Kampagnen war L\u00e1szl\u00f3\u2026","rel":"","context":"In &quot;News&quot;","block_context":{"text":"News","link":"https:\/\/www.jazzzeitung.de\/cms\/thema\/nachrichten\/"},"img":{"alt_text":"","src":"https:\/\/i0.wp.com\/www.jazzzeitung.de\/cms\/wp-content\/uploads\/2021\/02\/5998309302473.jpg?fit=500%2C500&ssl=1&resize=350%2C200","width":350,"height":200},"classes":[]},{"id":12415,"url":"https:\/\/www.jazzzeitung.de\/cms\/2017\/05\/offen-und-kreativ-eine-farbenreiche-weitere-cd-von-samo-salamon\/","url_meta":{"origin":26903,"position":4},"title":"Offen und kreativ \u2013 eine \u00bbfarbenreiche\u00ab weitere CD von Samo Salamon","author":"Redaktion JazzZeitung","date":"22. Mai 2017","format":false,"excerpt":"Der Output Samo Salamons ist erstaunlich \u2013 im doppelten Sinne. Einerseits: Innerhalb weniger Jahre \u00fcber zwanzig eigene, also auch selbst komponierte und mit diversen, extra zusammengestellten Bands eingespielte CDs \u2013 das machen nicht viele Musiker! Insbesondere nicht jene mit einer solch anspruchsvollen, nicht leicht verk\u00e4uflichen Musik. Andererseits: Dichte, Struktur und\u2026","rel":"","context":"In &quot;Rezension&quot;","block_context":{"text":"Rezension","link":"https:\/\/www.jazzzeitung.de\/cms\/thema\/rezension\/"},"img":{"alt_text":"","src":"https:\/\/i0.wp.com\/www.jazzzeitung.de\/cms\/wp-content\/uploads\/2017\/05\/Salamon-Sextet.jpg?resize=350%2C200&ssl=1","width":350,"height":200},"classes":[]},{"id":12229,"url":"https:\/\/www.jazzzeitung.de\/cms\/2017\/05\/cd-rezension-joerg-schippas-mit-kiosk\/","url_meta":{"origin":26903,"position":5},"title":"CD-Rezension J\u00f6rg Schippas mit &#8222;Kiosk&#8220;","author":"Redaktion JazzZeitung","date":"3. Mai 2017","format":false,"excerpt":"Nach seinen Bandprojekten UnbedingT und Rattle The Cage pr\u00e4sentiert der Gitarrist J\u00f6rg Schippa nun seinen \u201eKiosk\u201c. Das Trio mit Schippa, Christian Marien (Drums) und Horst Nonnenmacher (Bass), auch der \u201erhythmische Kern\u201c des Hannes Zerbe Jazz Orchesters, bietet hier transparente, stilistisch vielseitige, hartkantige Jazzrock-Musik bester G\u00fcte. Ideal f\u00fcr H\u00f6rer, die im\u2026","rel":"","context":"In &quot;Rezension&quot;","block_context":{"text":"Rezension","link":"https:\/\/www.jazzzeitung.de\/cms\/thema\/rezension\/"},"img":{"alt_text":"","src":"https:\/\/i0.wp.com\/www.jazzzeitung.de\/cms\/wp-content\/uploads\/2017\/05\/SchippasKiosk-150x150.jpg?resize=350%2C200","width":350,"height":200},"classes":[]}],"jetpack_sharing_enabled":true,"_links":{"self":[{"href":"https:\/\/www.jazzzeitung.de\/cms\/wp-json\/wp\/v2\/posts\/26903","targetHints":{"allow":["GET"]}}],"collection":[{"href":"https:\/\/www.jazzzeitung.de\/cms\/wp-json\/wp\/v2\/posts"}],"about":[{"href":"https:\/\/www.jazzzeitung.de\/cms\/wp-json\/wp\/v2\/types\/post"}],"author":[{"embeddable":true,"href":"https:\/\/www.jazzzeitung.de\/cms\/wp-json\/wp\/v2\/users\/18"}],"replies":[{"embeddable":true,"href":"https:\/\/www.jazzzeitung.de\/cms\/wp-json\/wp\/v2\/comments?post=26903"}],"version-history":[{"count":2,"href":"https:\/\/www.jazzzeitung.de\/cms\/wp-json\/wp\/v2\/posts\/26903\/revisions"}],"predecessor-version":[{"id":26906,"href":"https:\/\/www.jazzzeitung.de\/cms\/wp-json\/wp\/v2\/posts\/26903\/revisions\/26906"}],"wp:featuredmedia":[{"embeddable":true,"href":"https:\/\/www.jazzzeitung.de\/cms\/wp-json\/wp\/v2\/media\/26904"}],"wp:attachment":[{"href":"https:\/\/www.jazzzeitung.de\/cms\/wp-json\/wp\/v2\/media?parent=26903"}],"wp:term":[{"taxonomy":"category","embeddable":true,"href":"https:\/\/www.jazzzeitung.de\/cms\/wp-json\/wp\/v2\/categories?post=26903"},{"taxonomy":"post_tag","embeddable":true,"href":"https:\/\/www.jazzzeitung.de\/cms\/wp-json\/wp\/v2\/tags?post=26903"},{"taxonomy":"author","embeddable":true,"href":"https:\/\/www.jazzzeitung.de\/cms\/wp-json\/wp\/v2\/coauthors?post=26903"}],"curies":[{"name":"wp","href":"https:\/\/api.w.org\/{rel}","templated":true}]}}