{"id":26894,"date":"2022-03-18T13:55:05","date_gmt":"2022-03-18T12:55:05","guid":{"rendered":"https:\/\/www.jazzzeitung.de\/cms\/?p=26894"},"modified":"2022-03-18T13:46:40","modified_gmt":"2022-03-18T12:46:40","slug":"saxophonist-und-komponist-jakob-manz-erhaelt-den-jazz-preis-baden-wuerttemberg-2022","status":"publish","type":"post","link":"https:\/\/www.jazzzeitung.de\/cms\/2022\/03\/saxophonist-und-komponist-jakob-manz-erhaelt-den-jazz-preis-baden-wuerttemberg-2022\/","title":{"rendered":"Saxophonist und Komponist Jakob Manz erh\u00e4lt den Jazz-Preis Baden-W\u00fcrttemberg 2022"},"content":{"rendered":"<p>&#8222;Wer Jakob Manz auf der B\u00fchne erlebt, ist fasziniert von seiner Energie und Spielfreude.&#8220; Das sagt Kunststaatssekret\u00e4rin Petra Olschowski \u00fcber den diesj\u00e4hrigen Preistr\u00e4ger des Jazz-Preises Baden-W\u00fcrttemberg.<\/p>\n<p>Der 20-j\u00e4hrige Jakob Manz aus Dettingen bei Reutlingen \u00fcberzeugte die Jury unter anderem mit seinem &#8222;reifen und charakterstarken Saxophonspiel&#8220; und der &#8222;kompositorischen Finesse seiner Arrangements f\u00fcr The Jakob Manz Project.&#8220;<\/p>\n<p>Bereits in jungen Jahren entdeckte Manz seine Leidenschaft f\u00fcr den Jazz und die Improvisation. Seine professionelle Ausbildung begann er 2016 als Jungstudent von Prof. Christian Weidner an der Musikhochschule Stuttgart. Mittlerweile studiert er Jazz\/Pop Saxophon bei Roger Hanschel an der Hochschule f\u00fcr Musik und Tanz K\u00f6ln. Also Solist tritt Jakob Manz bei Konzerten im In- und Ausland auf. So beispielsweise beim Jazzfestival in Port-au-Prince in Haiti auf Einladung der deutschen Botschaft und neben anderen K\u00fcnstlern wie Gregor Meyle, Curtis Stigers oder Nils Landgren im April 2022 beim Jubil\u00e4umskonzert &#8222;70 Jahre SWR Big Band&#8220; in Stuttgart.<\/p>\n<p>Der Jazz-Preis Baden-W\u00fcrttemberg ist mit 15.000 Euro einer der bestdotiertesten Nachwuchspreise f\u00fcr Jazz in Deutschland. Er wird seit 1985 an K\u00fcnstlerinnen und K\u00fcnstler verliehen, die nicht \u00e4lter als 35 Jahre sind und in Baden-W\u00fcrttemberg wohnen oder eine enge Beziehung zum Land haben.<\/p>\n<p>Die Preisverleihung des Jazz-Preises Baden-W\u00fcrttemberg an Jakob Manz findet am 23. Oktober 2022 im Theaterhaus Stuttgart statt.<\/p>\n<p>Weitere Informationen zum K\u00fcnstler auf seiner Homepage: <a href=\"https:\/\/jakobmanz.de\/\">https:\/\/jakobmanz.de\/<\/a><\/p>\n<p>Beitragsbild: Thomas Kiehl<\/p>\n<p>&nbsp;<\/p>\n<p>&nbsp;<\/p>\n","protected":false},"excerpt":{"rendered":"<p>&#8222;Wer Jakob Manz auf der B\u00fchne erlebt, ist fasziniert von seiner Energie und Spielfreude.&#8220; Das sagt Kunststaatssekret\u00e4rin Petra Olschowski \u00fcber den diesj\u00e4hrigen Preistr\u00e4ger des Jazz-Preises Baden-W\u00fcrttemberg. Der 20-j\u00e4hrige Jakob Manz aus Dettingen bei Reutlingen \u00fcberzeugte die Jury unter anderem mit seinem &#8222;reifen und charakterstarken Saxophonspiel&#8220; und der &#8222;kompositorischen Finesse seiner Arrangements f\u00fcr The Jakob Manz Project.&#8220; Bereits in jungen Jahren entdeckte Manz seine Leidenschaft f\u00fcr den Jazz und die Improvisation. Seine professionelle Ausbildung begann er 2016 als Jungstudent von Prof. Christian Weidner an der Musikhochschule Stuttgart. Mittlerweile studiert er Jazz\/Pop Saxophon bei Roger Hanschel an der Hochschule f\u00fcr Musik und Tanz K\u00f6ln. Also Solist tritt Jakob Manz bei Konzerten im In- und Ausland auf. So beispielsweise beim Jazzfestival in Port-au-Prince in Haiti auf Einladung der deutschen Botschaft und neben anderen K\u00fcnstlern wie Gregor Meyle, Curtis Stigers oder Nils Landgren im April 2022 beim Jubil\u00e4umskonzert &#8222;70 Jahre SWR Big Band&#8220; in Stuttgart. Der Jazz-Preis Baden-W\u00fcrttemberg ist mit 15.000 Euro einer der bestdotiertesten Nachwuchspreise f\u00fcr Jazz in Deutschland. Er wird seit 1985 an K\u00fcnstlerinnen und K\u00fcnstler verliehen, die nicht \u00e4lter als 35 Jahre sind und in Baden-W\u00fcrttemberg &hellip;<\/p>\n","protected":false},"author":18,"featured_media":26895,"comment_status":"open","ping_status":"closed","sticky":false,"template":"","format":"standard","meta":{"_jetpack_memberships_contains_paid_content":false,"footnotes":"","jetpack_publicize_message":"","jetpack_publicize_feature_enabled":true,"jetpack_social_post_already_shared":false,"jetpack_social_options":{"image_generator_settings":{"template":"highway","default_image_id":0,"font":"","enabled":false},"version":2}},"categories":[633],"tags":[1724,3482,3142,1876,4007,918,3315,3387,417,2048,1170,450,3194,2125,1860,1398],"coauthors":[695],"class_list":["post-26894","post","type-post","status-publish","format-standard","has-post-thumbnail","hentry","category-nachrichten","tag-ausbildung","tag-baden-wuerttemberg","tag-jakob-manz","tag-jazz","tag-jazz-preis-baden-wuerttemberg-2022","tag-jazzfestival","tag-jazznachwuchspreis","tag-kuenstler","tag-nils-landgren","tag-oktober","tag-preistraeger","tag-preisverleihung","tag-roger-hanschel","tag-saxophon","tag-stuttgart","tag-swr"],"yoast_head":"<!-- This site is optimized with the Yoast SEO plugin v27.5 - https:\/\/yoast.com\/product\/yoast-seo-wordpress\/ -->\n<title>Saxophonist und Komponist Jakob Manz erh\u00e4lt den Jazz-Preis Baden-W\u00fcrttemberg 2022 - JazzZeitung<\/title>\n<meta name=\"robots\" content=\"index, follow, max-snippet:-1, max-image-preview:large, max-video-preview:-1\" \/>\n<link rel=\"canonical\" href=\"https:\/\/www.jazzzeitung.de\/cms\/2022\/03\/saxophonist-und-komponist-jakob-manz-erhaelt-den-jazz-preis-baden-wuerttemberg-2022\/\" \/>\n<meta property=\"og:locale\" content=\"de_DE\" \/>\n<meta property=\"og:type\" content=\"article\" \/>\n<meta property=\"og:title\" content=\"Saxophonist und Komponist Jakob Manz erh\u00e4lt den Jazz-Preis Baden-W\u00fcrttemberg 2022 - JazzZeitung\" \/>\n<meta property=\"og:description\" content=\"&#8222;Wer Jakob Manz auf der B\u00fchne erlebt, ist fasziniert von seiner Energie und Spielfreude.&#8220; Das sagt Kunststaatssekret\u00e4rin Petra Olschowski \u00fcber den diesj\u00e4hrigen Preistr\u00e4ger des Jazz-Preises Baden-W\u00fcrttemberg. Der 20-j\u00e4hrige Jakob Manz aus Dettingen bei Reutlingen \u00fcberzeugte die Jury unter anderem mit seinem &#8222;reifen und charakterstarken Saxophonspiel&#8220; und der &#8222;kompositorischen Finesse seiner Arrangements f\u00fcr The Jakob Manz Project.&#8220; Bereits in jungen Jahren entdeckte Manz seine Leidenschaft f\u00fcr den Jazz und die Improvisation. Seine professionelle Ausbildung begann er 2016 als Jungstudent von Prof. Christian Weidner an der Musikhochschule Stuttgart. Mittlerweile studiert er Jazz\/Pop Saxophon bei Roger Hanschel an der Hochschule f\u00fcr Musik und Tanz K\u00f6ln. Also Solist tritt Jakob Manz bei Konzerten im In- und Ausland auf. So beispielsweise beim Jazzfestival in Port-au-Prince in Haiti auf Einladung der deutschen Botschaft und neben anderen K\u00fcnstlern wie Gregor Meyle, Curtis Stigers oder Nils Landgren im April 2022 beim Jubil\u00e4umskonzert &#8222;70 Jahre SWR Big Band&#8220; in Stuttgart. Der Jazz-Preis Baden-W\u00fcrttemberg ist mit 15.000 Euro einer der bestdotiertesten Nachwuchspreise f\u00fcr Jazz in Deutschland. Er wird seit 1985 an K\u00fcnstlerinnen und K\u00fcnstler verliehen, die nicht \u00e4lter als 35 Jahre sind und in Baden-W\u00fcrttemberg &hellip;\" \/>\n<meta property=\"og:url\" content=\"https:\/\/www.jazzzeitung.de\/cms\/2022\/03\/saxophonist-und-komponist-jakob-manz-erhaelt-den-jazz-preis-baden-wuerttemberg-2022\/\" \/>\n<meta property=\"og:site_name\" content=\"JazzZeitung\" \/>\n<meta property=\"article:publisher\" content=\"https:\/\/www.facebook.com\/JazzZeitung\/\" \/>\n<meta property=\"article:published_time\" content=\"2022-03-18T12:55:05+00:00\" \/>\n<meta property=\"og:image\" content=\"https:\/\/i0.wp.com\/www.jazzzeitung.de\/cms\/wp-content\/uploads\/2022\/03\/023-PM-MWK_ANLAGE_Foto_2_Jakob-Manz_c_Thomas-Kiehl-scaled.jpg?fit=2560%2C1707&ssl=1\" \/>\n\t<meta property=\"og:image:width\" content=\"2560\" \/>\n\t<meta property=\"og:image:height\" content=\"1707\" \/>\n\t<meta property=\"og:image:type\" content=\"image\/jpeg\" \/>\n<meta name=\"author\" content=\"Redaktion JazzZeitung\" \/>\n<script type=\"application\/ld+json\" class=\"yoast-schema-graph\">{\"@context\":\"https:\\\/\\\/schema.org\",\"@graph\":[{\"@type\":\"Article\",\"@id\":\"https:\\\/\\\/www.jazzzeitung.de\\\/cms\\\/2022\\\/03\\\/saxophonist-und-komponist-jakob-manz-erhaelt-den-jazz-preis-baden-wuerttemberg-2022\\\/#article\",\"isPartOf\":{\"@id\":\"https:\\\/\\\/www.jazzzeitung.de\\\/cms\\\/2022\\\/03\\\/saxophonist-und-komponist-jakob-manz-erhaelt-den-jazz-preis-baden-wuerttemberg-2022\\\/\"},\"author\":{\"name\":\"Redaktion JazzZeitung\",\"@id\":\"https:\\\/\\\/www.jazzzeitung.de\\\/cms\\\/#\\\/schema\\\/person\\\/2245b36b9cd1d24cea10f01c031fb92b\"},\"headline\":\"Saxophonist und Komponist Jakob Manz erh\u00e4lt den Jazz-Preis Baden-W\u00fcrttemberg 2022\",\"datePublished\":\"2022-03-18T12:55:05+00:00\",\"mainEntityOfPage\":{\"@id\":\"https:\\\/\\\/www.jazzzeitung.de\\\/cms\\\/2022\\\/03\\\/saxophonist-und-komponist-jakob-manz-erhaelt-den-jazz-preis-baden-wuerttemberg-2022\\\/\"},\"wordCount\":248,\"commentCount\":0,\"publisher\":{\"@id\":\"https:\\\/\\\/www.jazzzeitung.de\\\/cms\\\/#organization\"},\"image\":{\"@id\":\"https:\\\/\\\/www.jazzzeitung.de\\\/cms\\\/2022\\\/03\\\/saxophonist-und-komponist-jakob-manz-erhaelt-den-jazz-preis-baden-wuerttemberg-2022\\\/#primaryimage\"},\"thumbnailUrl\":\"https:\\\/\\\/i0.wp.com\\\/www.jazzzeitung.de\\\/cms\\\/wp-content\\\/uploads\\\/2022\\\/03\\\/023-PM-MWK_ANLAGE_Foto_2_Jakob-Manz_c_Thomas-Kiehl-scaled.jpg?fit=2560%2C1707&ssl=1\",\"keywords\":[\"Ausbildung\",\"Baden-W\u00fcrttemberg\",\"Jakob Manz\",\"Jazz\",\"Jazz-Preis Baden-W\u00fcrttemberg 2022\",\"Jazzfestival\",\"Jazznachwuchspreis\",\"K\u00fcnstler\",\"Nils Landgren\",\"Oktober\",\"Preistr\u00e4ger\",\"Preisverleihung\",\"Roger Hanschel\",\"Saxophon\",\"Stuttgart\",\"SWR\"],\"articleSection\":[\"News\"],\"inLanguage\":\"de\",\"potentialAction\":[{\"@type\":\"CommentAction\",\"name\":\"Comment\",\"target\":[\"https:\\\/\\\/www.jazzzeitung.de\\\/cms\\\/2022\\\/03\\\/saxophonist-und-komponist-jakob-manz-erhaelt-den-jazz-preis-baden-wuerttemberg-2022\\\/#respond\"]}]},{\"@type\":\"WebPage\",\"@id\":\"https:\\\/\\\/www.jazzzeitung.de\\\/cms\\\/2022\\\/03\\\/saxophonist-und-komponist-jakob-manz-erhaelt-den-jazz-preis-baden-wuerttemberg-2022\\\/\",\"url\":\"https:\\\/\\\/www.jazzzeitung.de\\\/cms\\\/2022\\\/03\\\/saxophonist-und-komponist-jakob-manz-erhaelt-den-jazz-preis-baden-wuerttemberg-2022\\\/\",\"name\":\"Saxophonist und Komponist Jakob Manz erh\u00e4lt den Jazz-Preis Baden-W\u00fcrttemberg 2022 - JazzZeitung\",\"isPartOf\":{\"@id\":\"https:\\\/\\\/www.jazzzeitung.de\\\/cms\\\/#website\"},\"primaryImageOfPage\":{\"@id\":\"https:\\\/\\\/www.jazzzeitung.de\\\/cms\\\/2022\\\/03\\\/saxophonist-und-komponist-jakob-manz-erhaelt-den-jazz-preis-baden-wuerttemberg-2022\\\/#primaryimage\"},\"image\":{\"@id\":\"https:\\\/\\\/www.jazzzeitung.de\\\/cms\\\/2022\\\/03\\\/saxophonist-und-komponist-jakob-manz-erhaelt-den-jazz-preis-baden-wuerttemberg-2022\\\/#primaryimage\"},\"thumbnailUrl\":\"https:\\\/\\\/i0.wp.com\\\/www.jazzzeitung.de\\\/cms\\\/wp-content\\\/uploads\\\/2022\\\/03\\\/023-PM-MWK_ANLAGE_Foto_2_Jakob-Manz_c_Thomas-Kiehl-scaled.jpg?fit=2560%2C1707&ssl=1\",\"datePublished\":\"2022-03-18T12:55:05+00:00\",\"breadcrumb\":{\"@id\":\"https:\\\/\\\/www.jazzzeitung.de\\\/cms\\\/2022\\\/03\\\/saxophonist-und-komponist-jakob-manz-erhaelt-den-jazz-preis-baden-wuerttemberg-2022\\\/#breadcrumb\"},\"inLanguage\":\"de\",\"potentialAction\":[{\"@type\":\"ReadAction\",\"target\":[\"https:\\\/\\\/www.jazzzeitung.de\\\/cms\\\/2022\\\/03\\\/saxophonist-und-komponist-jakob-manz-erhaelt-den-jazz-preis-baden-wuerttemberg-2022\\\/\"]}]},{\"@type\":\"ImageObject\",\"inLanguage\":\"de\",\"@id\":\"https:\\\/\\\/www.jazzzeitung.de\\\/cms\\\/2022\\\/03\\\/saxophonist-und-komponist-jakob-manz-erhaelt-den-jazz-preis-baden-wuerttemberg-2022\\\/#primaryimage\",\"url\":\"https:\\\/\\\/i0.wp.com\\\/www.jazzzeitung.de\\\/cms\\\/wp-content\\\/uploads\\\/2022\\\/03\\\/023-PM-MWK_ANLAGE_Foto_2_Jakob-Manz_c_Thomas-Kiehl-scaled.jpg?fit=2560%2C1707&ssl=1\",\"contentUrl\":\"https:\\\/\\\/i0.wp.com\\\/www.jazzzeitung.de\\\/cms\\\/wp-content\\\/uploads\\\/2022\\\/03\\\/023-PM-MWK_ANLAGE_Foto_2_Jakob-Manz_c_Thomas-Kiehl-scaled.jpg?fit=2560%2C1707&ssl=1\",\"width\":2560,\"height\":1707,\"caption\":\"Jakob Manz Foto: Thomas Kiehl\"},{\"@type\":\"BreadcrumbList\",\"@id\":\"https:\\\/\\\/www.jazzzeitung.de\\\/cms\\\/2022\\\/03\\\/saxophonist-und-komponist-jakob-manz-erhaelt-den-jazz-preis-baden-wuerttemberg-2022\\\/#breadcrumb\",\"itemListElement\":[{\"@type\":\"ListItem\",\"position\":1,\"name\":\"Startseite\",\"item\":\"https:\\\/\\\/www.jazzzeitung.de\\\/cms\\\/\"},{\"@type\":\"ListItem\",\"position\":2,\"name\":\"Saxophonist und Komponist Jakob Manz erh\u00e4lt den Jazz-Preis Baden-W\u00fcrttemberg 2022\"}]},{\"@type\":\"WebSite\",\"@id\":\"https:\\\/\\\/www.jazzzeitung.de\\\/cms\\\/#website\",\"url\":\"https:\\\/\\\/www.jazzzeitung.de\\\/cms\\\/\",\"name\":\"JazzZeitung\",\"description\":\"Jazz-News und Jazz-Kontroverses\",\"publisher\":{\"@id\":\"https:\\\/\\\/www.jazzzeitung.de\\\/cms\\\/#organization\"},\"potentialAction\":[{\"@type\":\"SearchAction\",\"target\":{\"@type\":\"EntryPoint\",\"urlTemplate\":\"https:\\\/\\\/www.jazzzeitung.de\\\/cms\\\/?s={search_term_string}\"},\"query-input\":{\"@type\":\"PropertyValueSpecification\",\"valueRequired\":true,\"valueName\":\"search_term_string\"}}],\"inLanguage\":\"de\"},{\"@type\":\"Organization\",\"@id\":\"https:\\\/\\\/www.jazzzeitung.de\\\/cms\\\/#organization\",\"name\":\"JazzZeitung online\",\"url\":\"https:\\\/\\\/www.jazzzeitung.de\\\/cms\\\/\",\"logo\":{\"@type\":\"ImageObject\",\"inLanguage\":\"de\",\"@id\":\"https:\\\/\\\/www.jazzzeitung.de\\\/cms\\\/#\\\/schema\\\/logo\\\/image\\\/\",\"url\":\"https:\\\/\\\/i0.wp.com\\\/www.jazzzeitung.de\\\/cms\\\/wp-content\\\/uploads\\\/2015\\\/08\\\/JAZZZEITUNGDE_Logo_Neu.png?fit=499%2C200&ssl=1\",\"contentUrl\":\"https:\\\/\\\/i0.wp.com\\\/www.jazzzeitung.de\\\/cms\\\/wp-content\\\/uploads\\\/2015\\\/08\\\/JAZZZEITUNGDE_Logo_Neu.png?fit=499%2C200&ssl=1\",\"width\":499,\"height\":200,\"caption\":\"JazzZeitung online\"},\"image\":{\"@id\":\"https:\\\/\\\/www.jazzzeitung.de\\\/cms\\\/#\\\/schema\\\/logo\\\/image\\\/\"},\"sameAs\":[\"https:\\\/\\\/www.facebook.com\\\/JazzZeitung\\\/\"]},{\"@type\":\"Person\",\"@id\":\"https:\\\/\\\/www.jazzzeitung.de\\\/cms\\\/#\\\/schema\\\/person\\\/2245b36b9cd1d24cea10f01c031fb92b\",\"name\":\"Redaktion JazzZeitung\",\"image\":{\"@type\":\"ImageObject\",\"inLanguage\":\"de\",\"@id\":\"https:\\\/\\\/i0.wp.com\\\/www.jazzzeitung.de\\\/cms\\\/wp-content\\\/uploads\\\/2015\\\/08\\\/JAZZZEITUNGDE_Logo_Neu.png?resize=96%2C96&ssl=159975dcacb611b5700bd619b5daf0a7a\",\"url\":\"https:\\\/\\\/i0.wp.com\\\/www.jazzzeitung.de\\\/cms\\\/wp-content\\\/uploads\\\/2015\\\/08\\\/JAZZZEITUNGDE_Logo_Neu.png?resize=96%2C96&ssl=1\",\"contentUrl\":\"https:\\\/\\\/i0.wp.com\\\/www.jazzzeitung.de\\\/cms\\\/wp-content\\\/uploads\\\/2015\\\/08\\\/JAZZZEITUNGDE_Logo_Neu.png?resize=96%2C96&ssl=1\",\"caption\":\"Redaktion JazzZeitung\"},\"description\":\"Artikel der Redaktion der JazzZeitung.\",\"sameAs\":[\"http:\\\/\\\/www.jazzzeitung.de\\\/cms\\\/\"],\"url\":\"https:\\\/\\\/www.jazzzeitung.de\\\/cms\\\/author\\\/redaktion\\\/\"}]}<\/script>\n<!-- \/ Yoast SEO plugin. -->","yoast_head_json":{"title":"Saxophonist und Komponist Jakob Manz erh\u00e4lt den Jazz-Preis Baden-W\u00fcrttemberg 2022 - JazzZeitung","robots":{"index":"index","follow":"follow","max-snippet":"max-snippet:-1","max-image-preview":"max-image-preview:large","max-video-preview":"max-video-preview:-1"},"canonical":"https:\/\/www.jazzzeitung.de\/cms\/2022\/03\/saxophonist-und-komponist-jakob-manz-erhaelt-den-jazz-preis-baden-wuerttemberg-2022\/","og_locale":"de_DE","og_type":"article","og_title":"Saxophonist und Komponist Jakob Manz erh\u00e4lt den Jazz-Preis Baden-W\u00fcrttemberg 2022 - JazzZeitung","og_description":"&#8222;Wer Jakob Manz auf der B\u00fchne erlebt, ist fasziniert von seiner Energie und Spielfreude.&#8220; Das sagt Kunststaatssekret\u00e4rin Petra Olschowski \u00fcber den diesj\u00e4hrigen Preistr\u00e4ger des Jazz-Preises Baden-W\u00fcrttemberg. Der 20-j\u00e4hrige Jakob Manz aus Dettingen bei Reutlingen \u00fcberzeugte die Jury unter anderem mit seinem &#8222;reifen und charakterstarken Saxophonspiel&#8220; und der &#8222;kompositorischen Finesse seiner Arrangements f\u00fcr The Jakob Manz Project.&#8220; Bereits in jungen Jahren entdeckte Manz seine Leidenschaft f\u00fcr den Jazz und die Improvisation. Seine professionelle Ausbildung begann er 2016 als Jungstudent von Prof. Christian Weidner an der Musikhochschule Stuttgart. Mittlerweile studiert er Jazz\/Pop Saxophon bei Roger Hanschel an der Hochschule f\u00fcr Musik und Tanz K\u00f6ln. Also Solist tritt Jakob Manz bei Konzerten im In- und Ausland auf. So beispielsweise beim Jazzfestival in Port-au-Prince in Haiti auf Einladung der deutschen Botschaft und neben anderen K\u00fcnstlern wie Gregor Meyle, Curtis Stigers oder Nils Landgren im April 2022 beim Jubil\u00e4umskonzert &#8222;70 Jahre SWR Big Band&#8220; in Stuttgart. Der Jazz-Preis Baden-W\u00fcrttemberg ist mit 15.000 Euro einer der bestdotiertesten Nachwuchspreise f\u00fcr Jazz in Deutschland. Er wird seit 1985 an K\u00fcnstlerinnen und K\u00fcnstler verliehen, die nicht \u00e4lter als 35 Jahre sind und in Baden-W\u00fcrttemberg &hellip;","og_url":"https:\/\/www.jazzzeitung.de\/cms\/2022\/03\/saxophonist-und-komponist-jakob-manz-erhaelt-den-jazz-preis-baden-wuerttemberg-2022\/","og_site_name":"JazzZeitung","article_publisher":"https:\/\/www.facebook.com\/JazzZeitung\/","article_published_time":"2022-03-18T12:55:05+00:00","og_image":[{"width":2560,"height":1707,"url":"https:\/\/i0.wp.com\/www.jazzzeitung.de\/cms\/wp-content\/uploads\/2022\/03\/023-PM-MWK_ANLAGE_Foto_2_Jakob-Manz_c_Thomas-Kiehl-scaled.jpg?fit=2560%2C1707&ssl=1","type":"image\/jpeg"}],"author":"Redaktion JazzZeitung","schema":{"@context":"https:\/\/schema.org","@graph":[{"@type":"Article","@id":"https:\/\/www.jazzzeitung.de\/cms\/2022\/03\/saxophonist-und-komponist-jakob-manz-erhaelt-den-jazz-preis-baden-wuerttemberg-2022\/#article","isPartOf":{"@id":"https:\/\/www.jazzzeitung.de\/cms\/2022\/03\/saxophonist-und-komponist-jakob-manz-erhaelt-den-jazz-preis-baden-wuerttemberg-2022\/"},"author":{"name":"Redaktion JazzZeitung","@id":"https:\/\/www.jazzzeitung.de\/cms\/#\/schema\/person\/2245b36b9cd1d24cea10f01c031fb92b"},"headline":"Saxophonist und Komponist Jakob Manz erh\u00e4lt den Jazz-Preis Baden-W\u00fcrttemberg 2022","datePublished":"2022-03-18T12:55:05+00:00","mainEntityOfPage":{"@id":"https:\/\/www.jazzzeitung.de\/cms\/2022\/03\/saxophonist-und-komponist-jakob-manz-erhaelt-den-jazz-preis-baden-wuerttemberg-2022\/"},"wordCount":248,"commentCount":0,"publisher":{"@id":"https:\/\/www.jazzzeitung.de\/cms\/#organization"},"image":{"@id":"https:\/\/www.jazzzeitung.de\/cms\/2022\/03\/saxophonist-und-komponist-jakob-manz-erhaelt-den-jazz-preis-baden-wuerttemberg-2022\/#primaryimage"},"thumbnailUrl":"https:\/\/i0.wp.com\/www.jazzzeitung.de\/cms\/wp-content\/uploads\/2022\/03\/023-PM-MWK_ANLAGE_Foto_2_Jakob-Manz_c_Thomas-Kiehl-scaled.jpg?fit=2560%2C1707&ssl=1","keywords":["Ausbildung","Baden-W\u00fcrttemberg","Jakob Manz","Jazz","Jazz-Preis Baden-W\u00fcrttemberg 2022","Jazzfestival","Jazznachwuchspreis","K\u00fcnstler","Nils Landgren","Oktober","Preistr\u00e4ger","Preisverleihung","Roger Hanschel","Saxophon","Stuttgart","SWR"],"articleSection":["News"],"inLanguage":"de","potentialAction":[{"@type":"CommentAction","name":"Comment","target":["https:\/\/www.jazzzeitung.de\/cms\/2022\/03\/saxophonist-und-komponist-jakob-manz-erhaelt-den-jazz-preis-baden-wuerttemberg-2022\/#respond"]}]},{"@type":"WebPage","@id":"https:\/\/www.jazzzeitung.de\/cms\/2022\/03\/saxophonist-und-komponist-jakob-manz-erhaelt-den-jazz-preis-baden-wuerttemberg-2022\/","url":"https:\/\/www.jazzzeitung.de\/cms\/2022\/03\/saxophonist-und-komponist-jakob-manz-erhaelt-den-jazz-preis-baden-wuerttemberg-2022\/","name":"Saxophonist und Komponist Jakob Manz erh\u00e4lt den Jazz-Preis Baden-W\u00fcrttemberg 2022 - JazzZeitung","isPartOf":{"@id":"https:\/\/www.jazzzeitung.de\/cms\/#website"},"primaryImageOfPage":{"@id":"https:\/\/www.jazzzeitung.de\/cms\/2022\/03\/saxophonist-und-komponist-jakob-manz-erhaelt-den-jazz-preis-baden-wuerttemberg-2022\/#primaryimage"},"image":{"@id":"https:\/\/www.jazzzeitung.de\/cms\/2022\/03\/saxophonist-und-komponist-jakob-manz-erhaelt-den-jazz-preis-baden-wuerttemberg-2022\/#primaryimage"},"thumbnailUrl":"https:\/\/i0.wp.com\/www.jazzzeitung.de\/cms\/wp-content\/uploads\/2022\/03\/023-PM-MWK_ANLAGE_Foto_2_Jakob-Manz_c_Thomas-Kiehl-scaled.jpg?fit=2560%2C1707&ssl=1","datePublished":"2022-03-18T12:55:05+00:00","breadcrumb":{"@id":"https:\/\/www.jazzzeitung.de\/cms\/2022\/03\/saxophonist-und-komponist-jakob-manz-erhaelt-den-jazz-preis-baden-wuerttemberg-2022\/#breadcrumb"},"inLanguage":"de","potentialAction":[{"@type":"ReadAction","target":["https:\/\/www.jazzzeitung.de\/cms\/2022\/03\/saxophonist-und-komponist-jakob-manz-erhaelt-den-jazz-preis-baden-wuerttemberg-2022\/"]}]},{"@type":"ImageObject","inLanguage":"de","@id":"https:\/\/www.jazzzeitung.de\/cms\/2022\/03\/saxophonist-und-komponist-jakob-manz-erhaelt-den-jazz-preis-baden-wuerttemberg-2022\/#primaryimage","url":"https:\/\/i0.wp.com\/www.jazzzeitung.de\/cms\/wp-content\/uploads\/2022\/03\/023-PM-MWK_ANLAGE_Foto_2_Jakob-Manz_c_Thomas-Kiehl-scaled.jpg?fit=2560%2C1707&ssl=1","contentUrl":"https:\/\/i0.wp.com\/www.jazzzeitung.de\/cms\/wp-content\/uploads\/2022\/03\/023-PM-MWK_ANLAGE_Foto_2_Jakob-Manz_c_Thomas-Kiehl-scaled.jpg?fit=2560%2C1707&ssl=1","width":2560,"height":1707,"caption":"Jakob Manz Foto: Thomas Kiehl"},{"@type":"BreadcrumbList","@id":"https:\/\/www.jazzzeitung.de\/cms\/2022\/03\/saxophonist-und-komponist-jakob-manz-erhaelt-den-jazz-preis-baden-wuerttemberg-2022\/#breadcrumb","itemListElement":[{"@type":"ListItem","position":1,"name":"Startseite","item":"https:\/\/www.jazzzeitung.de\/cms\/"},{"@type":"ListItem","position":2,"name":"Saxophonist und Komponist Jakob Manz erh\u00e4lt den Jazz-Preis Baden-W\u00fcrttemberg 2022"}]},{"@type":"WebSite","@id":"https:\/\/www.jazzzeitung.de\/cms\/#website","url":"https:\/\/www.jazzzeitung.de\/cms\/","name":"JazzZeitung","description":"Jazz-News und Jazz-Kontroverses","publisher":{"@id":"https:\/\/www.jazzzeitung.de\/cms\/#organization"},"potentialAction":[{"@type":"SearchAction","target":{"@type":"EntryPoint","urlTemplate":"https:\/\/www.jazzzeitung.de\/cms\/?s={search_term_string}"},"query-input":{"@type":"PropertyValueSpecification","valueRequired":true,"valueName":"search_term_string"}}],"inLanguage":"de"},{"@type":"Organization","@id":"https:\/\/www.jazzzeitung.de\/cms\/#organization","name":"JazzZeitung online","url":"https:\/\/www.jazzzeitung.de\/cms\/","logo":{"@type":"ImageObject","inLanguage":"de","@id":"https:\/\/www.jazzzeitung.de\/cms\/#\/schema\/logo\/image\/","url":"https:\/\/i0.wp.com\/www.jazzzeitung.de\/cms\/wp-content\/uploads\/2015\/08\/JAZZZEITUNGDE_Logo_Neu.png?fit=499%2C200&ssl=1","contentUrl":"https:\/\/i0.wp.com\/www.jazzzeitung.de\/cms\/wp-content\/uploads\/2015\/08\/JAZZZEITUNGDE_Logo_Neu.png?fit=499%2C200&ssl=1","width":499,"height":200,"caption":"JazzZeitung online"},"image":{"@id":"https:\/\/www.jazzzeitung.de\/cms\/#\/schema\/logo\/image\/"},"sameAs":["https:\/\/www.facebook.com\/JazzZeitung\/"]},{"@type":"Person","@id":"https:\/\/www.jazzzeitung.de\/cms\/#\/schema\/person\/2245b36b9cd1d24cea10f01c031fb92b","name":"Redaktion JazzZeitung","image":{"@type":"ImageObject","inLanguage":"de","@id":"https:\/\/i0.wp.com\/www.jazzzeitung.de\/cms\/wp-content\/uploads\/2015\/08\/JAZZZEITUNGDE_Logo_Neu.png?resize=96%2C96&ssl=159975dcacb611b5700bd619b5daf0a7a","url":"https:\/\/i0.wp.com\/www.jazzzeitung.de\/cms\/wp-content\/uploads\/2015\/08\/JAZZZEITUNGDE_Logo_Neu.png?resize=96%2C96&ssl=1","contentUrl":"https:\/\/i0.wp.com\/www.jazzzeitung.de\/cms\/wp-content\/uploads\/2015\/08\/JAZZZEITUNGDE_Logo_Neu.png?resize=96%2C96&ssl=1","caption":"Redaktion JazzZeitung"},"description":"Artikel der Redaktion der JazzZeitung.","sameAs":["http:\/\/www.jazzzeitung.de\/cms\/"],"url":"https:\/\/www.jazzzeitung.de\/cms\/author\/redaktion\/"}]}},"wp-worthy-pixel":{"ignored":false,"public":null,"server":null,"url":null},"wp-worthy-type":"normal","jetpack_publicize_connections":[],"cc_featured_image_caption":{"caption_text":"","source_text":"","source_url":""},"jetpack_featured_media_url":"https:\/\/i0.wp.com\/www.jazzzeitung.de\/cms\/wp-content\/uploads\/2022\/03\/023-PM-MWK_ANLAGE_Foto_2_Jakob-Manz_c_Thomas-Kiehl-scaled.jpg?fit=2560%2C1707&ssl=1","jetpack_shortlink":"https:\/\/wp.me\/p3KEcT-6ZM","jetpack-related-posts":[{"id":22446,"url":"https:\/\/www.jazzzeitung.de\/cms\/2020\/05\/young-german-jazz-neues-von-jakob-manz-und-johanna-summer\/","url_meta":{"origin":26894,"position":0},"title":"Young German Jazz: Neues von Jakob Manz und Johanna Summer","author":"Thomas J. Krebs","date":"4. Mai 2020","format":false,"excerpt":"Im Rahmen der ACT Reihe \u201e:young german jazz\u201c erscheinen aktuell zwei bemerkenswerte Ver\u00f6ffentlichungen. \u201eSchuman Kaleidoskop\u201c von Johanna Summer und \u201eNatural Energy\u201c von The Jakob Manz Project.\u00a0Beide K\u00fcnstler verbindet auf kuriose Weise das Jahr 2018: Die Pianistin Johanna Summer gewann damals mit knapp 23 Jahren den Jungen M\u00fcnchner Jazzpreis und Saxophonist\u2026","rel":"","context":"In &quot;Rezension&quot;","block_context":{"text":"Rezension","link":"https:\/\/www.jazzzeitung.de\/cms\/thema\/rezension\/"},"img":{"alt_text":"","src":"https:\/\/i0.wp.com\/www.jazzzeitung.de\/cms\/wp-content\/uploads\/2020\/05\/P1100662-Jakob-Manz-Project-Foto-TJ-Krebs.jpg?fit=1200%2C800&ssl=1&resize=350%2C200","width":350,"height":200,"srcset":"https:\/\/i0.wp.com\/www.jazzzeitung.de\/cms\/wp-content\/uploads\/2020\/05\/P1100662-Jakob-Manz-Project-Foto-TJ-Krebs.jpg?fit=1200%2C800&ssl=1&resize=350%2C200 1x, https:\/\/i0.wp.com\/www.jazzzeitung.de\/cms\/wp-content\/uploads\/2020\/05\/P1100662-Jakob-Manz-Project-Foto-TJ-Krebs.jpg?fit=1200%2C800&ssl=1&resize=525%2C300 1.5x, https:\/\/i0.wp.com\/www.jazzzeitung.de\/cms\/wp-content\/uploads\/2020\/05\/P1100662-Jakob-Manz-Project-Foto-TJ-Krebs.jpg?fit=1200%2C800&ssl=1&resize=700%2C400 2x, https:\/\/i0.wp.com\/www.jazzzeitung.de\/cms\/wp-content\/uploads\/2020\/05\/P1100662-Jakob-Manz-Project-Foto-TJ-Krebs.jpg?fit=1200%2C800&ssl=1&resize=1050%2C600 3x"},"classes":[]},{"id":26884,"url":"https:\/\/www.jazzzeitung.de\/cms\/2022\/03\/the-gallery-concerts-i-jakob-manz-johanna-summer\/","url_meta":{"origin":26894,"position":1},"title":"The Gallery Concerts I: Jakob Manz &#038; Johanna Summer","author":"Redaktion JazzZeitung","date":"25. M\u00e4rz 2022","format":false,"excerpt":"ACT Records ist seit seiner Gr\u00fcndung 1992 mit der bildenden Kunst fest verbunden. In der Berliner ACT Art Collection Gallery werden von Zeit zu Zeit spezielle Musikabende abgehalten. Mit dem vorliegenden Album \u201eThe Gallery Concerts\u201c wird eine neue Konzertreihe aus der Taufe gehoben, deren erste Ausgabe zwei junge K\u00fcnstler bestreiten,\u2026","rel":"","context":"In &quot;News&quot;","block_context":{"text":"News","link":"https:\/\/www.jazzzeitung.de\/cms\/thema\/nachrichten\/"},"img":{"alt_text":"","src":"https:\/\/i0.wp.com\/www.jazzzeitung.de\/cms\/wp-content\/uploads\/2022\/03\/Collage-Summer-Manz-2-Foto-TJ-Krebs.jpg?fit=1200%2C900&ssl=1&resize=350%2C200","width":350,"height":200,"srcset":"https:\/\/i0.wp.com\/www.jazzzeitung.de\/cms\/wp-content\/uploads\/2022\/03\/Collage-Summer-Manz-2-Foto-TJ-Krebs.jpg?fit=1200%2C900&ssl=1&resize=350%2C200 1x, https:\/\/i0.wp.com\/www.jazzzeitung.de\/cms\/wp-content\/uploads\/2022\/03\/Collage-Summer-Manz-2-Foto-TJ-Krebs.jpg?fit=1200%2C900&ssl=1&resize=525%2C300 1.5x, https:\/\/i0.wp.com\/www.jazzzeitung.de\/cms\/wp-content\/uploads\/2022\/03\/Collage-Summer-Manz-2-Foto-TJ-Krebs.jpg?fit=1200%2C900&ssl=1&resize=700%2C400 2x, https:\/\/i0.wp.com\/www.jazzzeitung.de\/cms\/wp-content\/uploads\/2022\/03\/Collage-Summer-Manz-2-Foto-TJ-Krebs.jpg?fit=1200%2C900&ssl=1&resize=1050%2C600 3x"},"classes":[]},{"id":28386,"url":"https:\/\/www.jazzzeitung.de\/cms\/2022\/10\/jazzpreise-und-preistraegerkonzerte-im-suedwesten-andromeda-mega-express-orchestra-auf-deutschland-tour-jazzfest-muenchen-meets-jazz-now-blitzclub\/","url_meta":{"origin":26894,"position":2},"title":"+++ Jazzpreise und Preistr\u00e4gerkonzerte im S\u00fcdwesten +++ Andromeda Mega Express Orchestra auf Deutschland-Tour +++ Jazzfest M\u00fcnchen meets Jazz Now! \/ Blitzclub +++","author":"Redaktion JazzZeitung","date":"4. Oktober 2022","format":false,"excerpt":"+++ Jazzpreise und Preistr\u00e4gerkonzerte im S\u00fcdwesten +++ Der mit 15.000 Euro dotierte SWR-Jazzpreis geht 2022 an den in Berlin lebenden schwedischen Bassisten, Komponisten und Bandleader Petter Eldh. Der gemeinsam vom Land Rheinland-Pfalz und dem SWR vergebene Preis ist die \u00e4lteste Jazzauszeichnung im deutschsprachigen Raum. Am 10. Oktober findet diesbez\u00fcglich ein\u2026","rel":"","context":"In &quot;News&quot;","block_context":{"text":"News","link":"https:\/\/www.jazzzeitung.de\/cms\/thema\/nachrichten\/"},"img":{"alt_text":"","src":"https:\/\/i0.wp.com\/www.jazzzeitung.de\/cms\/wp-content\/uploads\/2022\/10\/HotStuff-1024x682-1.jpeg?fit=1024%2C682&ssl=1&resize=350%2C200","width":350,"height":200,"srcset":"https:\/\/i0.wp.com\/www.jazzzeitung.de\/cms\/wp-content\/uploads\/2022\/10\/HotStuff-1024x682-1.jpeg?fit=1024%2C682&ssl=1&resize=350%2C200 1x, https:\/\/i0.wp.com\/www.jazzzeitung.de\/cms\/wp-content\/uploads\/2022\/10\/HotStuff-1024x682-1.jpeg?fit=1024%2C682&ssl=1&resize=525%2C300 1.5x, https:\/\/i0.wp.com\/www.jazzzeitung.de\/cms\/wp-content\/uploads\/2022\/10\/HotStuff-1024x682-1.jpeg?fit=1024%2C682&ssl=1&resize=700%2C400 2x"},"classes":[]},{"id":26027,"url":"https:\/\/www.jazzzeitung.de\/cms\/2021\/10\/news-jazz-preis-baden-wuerttemberg-2021-geht-an-christoph-neuhaus\/","url_meta":{"origin":26894,"position":3},"title":"+++ news +++ Jazz-Preis Baden-W\u00fcrttemberg 2021 geht an Christoph Neuhaus +++","author":"Redaktion JazzZeitung","date":"23. Oktober 2021","format":false,"excerpt":"(Pressemitteilung) Der Stuttgarter Gitarrist und Komponist Christoph Neuhaus ist am Donnerstag (21. Oktober) mit dem Jazz-Preis des Landes Baden-W\u00fcrttemberg ausgezeichnet worden. Der mit 15.000 Euro dotierte Preis wurde dem K\u00fcnstler im Rahmen eines Konzerts im Wilhelma Theater in Stuttgart verliehen. Kunststaatssekret\u00e4rin Petra Olschowski sagte anl\u00e4sslich des Preistr\u00e4gerkonzerts: \u201eChristoph Neuhaus begeistert\u2026","rel":"","context":"In &quot;News&quot;","block_context":{"text":"News","link":"https:\/\/www.jazzzeitung.de\/cms\/thema\/nachrichten\/"},"img":{"alt_text":"","src":"https:\/\/i0.wp.com\/www.jazzzeitung.de\/cms\/wp-content\/uploads\/2021\/10\/065_PM_MWK_ANLAGE_Landesjazzpreis_2021_-_Christoph_Neuhaus__c__Sven_Goetz-scaled.jpg?fit=1200%2C801&ssl=1&resize=350%2C200","width":350,"height":200,"srcset":"https:\/\/i0.wp.com\/www.jazzzeitung.de\/cms\/wp-content\/uploads\/2021\/10\/065_PM_MWK_ANLAGE_Landesjazzpreis_2021_-_Christoph_Neuhaus__c__Sven_Goetz-scaled.jpg?fit=1200%2C801&ssl=1&resize=350%2C200 1x, https:\/\/i0.wp.com\/www.jazzzeitung.de\/cms\/wp-content\/uploads\/2021\/10\/065_PM_MWK_ANLAGE_Landesjazzpreis_2021_-_Christoph_Neuhaus__c__Sven_Goetz-scaled.jpg?fit=1200%2C801&ssl=1&resize=525%2C300 1.5x, https:\/\/i0.wp.com\/www.jazzzeitung.de\/cms\/wp-content\/uploads\/2021\/10\/065_PM_MWK_ANLAGE_Landesjazzpreis_2021_-_Christoph_Neuhaus__c__Sven_Goetz-scaled.jpg?fit=1200%2C801&ssl=1&resize=700%2C400 2x, https:\/\/i0.wp.com\/www.jazzzeitung.de\/cms\/wp-content\/uploads\/2021\/10\/065_PM_MWK_ANLAGE_Landesjazzpreis_2021_-_Christoph_Neuhaus__c__Sven_Goetz-scaled.jpg?fit=1200%2C801&ssl=1&resize=1050%2C600 3x"},"classes":[]},{"id":30301,"url":"https:\/\/www.jazzzeitung.de\/cms\/2023\/11\/den-bass-an-die-rampe-geholt\/","url_meta":{"origin":26894,"position":4},"title":"Den Bass an die Rampe geholt","author":"Redaktion JazzZeitung","date":"17. November 2023","format":false,"excerpt":"E-Bassist, Bandleader und Professor Wolfgang Schmid feierte seinen 75. Geburtstag mit Freunden in der M\u00fcnchener Unterfahrt Michael St\u00fcckl, Vorstand des Jazzclub Unterfahrt, hatte sich auf Wunsch des Jubilars eigens in Schale geworfen. Schlie\u00dflich machte ihn dieser als 15-J\u00e4hrigen erst zum Jazz-Freund und dann -Veranstalter. Und so begr\u00fc\u00dfte er Wolfgang Schmid,\u2026","rel":"","context":"In &quot;Galerie&quot;","block_context":{"text":"Galerie","link":"https:\/\/www.jazzzeitung.de\/cms\/thema\/galerie\/"},"img":{"alt_text":"","src":"https:\/\/i0.wp.com\/www.jazzzeitung.de\/cms\/wp-content\/uploads\/2023\/11\/BALTESLuis-MANZJakob-SCHMIDWolfgang%C2%A9Godehard.Lutz%40bayern-mail.de_IMGP4703A-scaled.jpg?fit=1200%2C795&ssl=1&resize=350%2C200","width":350,"height":200,"srcset":"https:\/\/i0.wp.com\/www.jazzzeitung.de\/cms\/wp-content\/uploads\/2023\/11\/BALTESLuis-MANZJakob-SCHMIDWolfgang%C2%A9Godehard.Lutz%40bayern-mail.de_IMGP4703A-scaled.jpg?fit=1200%2C795&ssl=1&resize=350%2C200 1x, https:\/\/i0.wp.com\/www.jazzzeitung.de\/cms\/wp-content\/uploads\/2023\/11\/BALTESLuis-MANZJakob-SCHMIDWolfgang%C2%A9Godehard.Lutz%40bayern-mail.de_IMGP4703A-scaled.jpg?fit=1200%2C795&ssl=1&resize=525%2C300 1.5x, https:\/\/i0.wp.com\/www.jazzzeitung.de\/cms\/wp-content\/uploads\/2023\/11\/BALTESLuis-MANZJakob-SCHMIDWolfgang%C2%A9Godehard.Lutz%40bayern-mail.de_IMGP4703A-scaled.jpg?fit=1200%2C795&ssl=1&resize=700%2C400 2x, https:\/\/i0.wp.com\/www.jazzzeitung.de\/cms\/wp-content\/uploads\/2023\/11\/BALTESLuis-MANZJakob-SCHMIDWolfgang%C2%A9Godehard.Lutz%40bayern-mail.de_IMGP4703A-scaled.jpg?fit=1200%2C795&ssl=1&resize=1050%2C600 3x"},"classes":[]},{"id":14252,"url":"https:\/\/www.jazzzeitung.de\/cms\/2017\/11\/landesjazzpreis-baden-wuerttemberg-an-bernd-konrad\/","url_meta":{"origin":26894,"position":5},"title":"Landesjazzpreis Baden-W\u00fcrttemberg an Bernd Konrad","author":"Hans Kumpf","date":"12. November 2017","format":false,"excerpt":"Stuttgart. Der zum vierten Mal in der Kategorie \u201eSonderpreis f\u00fcr das Lebenswerk\u201c vergebene und mit 10.000 Euro dotierte Landesjazzpreis Baden-W\u00fcrttemberg geht an den Saxophonisten, Klarinettisten und Komponisten Professor Bernd Konrad. \u201eMit Bernd Konrad ehren wir einen Pionier des Jazz in Baden-W\u00fcrttemberg. Als virtuoser Instrumentalist und mutiger Avantgardist spielte er sich\u2026","rel":"","context":"In &quot;News&quot;","block_context":{"text":"News","link":"https:\/\/www.jazzzeitung.de\/cms\/thema\/nachrichten\/"},"img":{"alt_text":"Konrad Bernd im Landtag Baden-W\u00fcrttemberg (1994). Foto: Hans Kumpf","src":"https:\/\/i0.wp.com\/www.jazzzeitung.de\/cms\/wp-content\/uploads\/2017\/11\/Konrad-Bernd-Landtag-S1994b-Kumpf-002.jpg?fit=1200%2C682&ssl=1&resize=350%2C200","width":350,"height":200,"srcset":"https:\/\/i0.wp.com\/www.jazzzeitung.de\/cms\/wp-content\/uploads\/2017\/11\/Konrad-Bernd-Landtag-S1994b-Kumpf-002.jpg?fit=1200%2C682&ssl=1&resize=350%2C200 1x, https:\/\/i0.wp.com\/www.jazzzeitung.de\/cms\/wp-content\/uploads\/2017\/11\/Konrad-Bernd-Landtag-S1994b-Kumpf-002.jpg?fit=1200%2C682&ssl=1&resize=525%2C300 1.5x, https:\/\/i0.wp.com\/www.jazzzeitung.de\/cms\/wp-content\/uploads\/2017\/11\/Konrad-Bernd-Landtag-S1994b-Kumpf-002.jpg?fit=1200%2C682&ssl=1&resize=700%2C400 2x, https:\/\/i0.wp.com\/www.jazzzeitung.de\/cms\/wp-content\/uploads\/2017\/11\/Konrad-Bernd-Landtag-S1994b-Kumpf-002.jpg?fit=1200%2C682&ssl=1&resize=1050%2C600 3x"},"classes":[]}],"jetpack_sharing_enabled":true,"_links":{"self":[{"href":"https:\/\/www.jazzzeitung.de\/cms\/wp-json\/wp\/v2\/posts\/26894","targetHints":{"allow":["GET"]}}],"collection":[{"href":"https:\/\/www.jazzzeitung.de\/cms\/wp-json\/wp\/v2\/posts"}],"about":[{"href":"https:\/\/www.jazzzeitung.de\/cms\/wp-json\/wp\/v2\/types\/post"}],"author":[{"embeddable":true,"href":"https:\/\/www.jazzzeitung.de\/cms\/wp-json\/wp\/v2\/users\/18"}],"replies":[{"embeddable":true,"href":"https:\/\/www.jazzzeitung.de\/cms\/wp-json\/wp\/v2\/comments?post=26894"}],"version-history":[{"count":4,"href":"https:\/\/www.jazzzeitung.de\/cms\/wp-json\/wp\/v2\/posts\/26894\/revisions"}],"predecessor-version":[{"id":26899,"href":"https:\/\/www.jazzzeitung.de\/cms\/wp-json\/wp\/v2\/posts\/26894\/revisions\/26899"}],"wp:featuredmedia":[{"embeddable":true,"href":"https:\/\/www.jazzzeitung.de\/cms\/wp-json\/wp\/v2\/media\/26895"}],"wp:attachment":[{"href":"https:\/\/www.jazzzeitung.de\/cms\/wp-json\/wp\/v2\/media?parent=26894"}],"wp:term":[{"taxonomy":"category","embeddable":true,"href":"https:\/\/www.jazzzeitung.de\/cms\/wp-json\/wp\/v2\/categories?post=26894"},{"taxonomy":"post_tag","embeddable":true,"href":"https:\/\/www.jazzzeitung.de\/cms\/wp-json\/wp\/v2\/tags?post=26894"},{"taxonomy":"author","embeddable":true,"href":"https:\/\/www.jazzzeitung.de\/cms\/wp-json\/wp\/v2\/coauthors?post=26894"}],"curies":[{"name":"wp","href":"https:\/\/api.w.org\/{rel}","templated":true}]}}