{"id":26837,"date":"2022-03-10T12:54:29","date_gmt":"2022-03-10T11:54:29","guid":{"rendered":"https:\/\/www.jazzzeitung.de\/cms\/?p=26837"},"modified":"2022-03-09T12:56:18","modified_gmt":"2022-03-09T11:56:18","slug":"news-70-jahre-swr-bigband-51-jazzwoche-burghausen","status":"publish","type":"post","link":"https:\/\/www.jazzzeitung.de\/cms\/2022\/03\/news-70-jahre-swr-bigband-51-jazzwoche-burghausen\/","title":{"rendered":"+++ news +++70 Jahre SWR Bigband +++ 51. Jazzwoche Burghausen +++"},"content":{"rendered":"<h3>70 Jahre SWR Bigband<\/h3>\n<p>Nachdem das Jubil\u00e4umskonzert 2021 coronabedingt ausfallen musste, feiert die SWR Bigband dieses Jahr am 3. April in der Porsche-Arena ihr 70 j\u00e4hriges Bestehen. Geplant ist die &#8222;gr\u00f6\u00dfte Bigband Sause, die es in Stuttgart je gegeben hat&#8220;. Es gratulieren zahlreiche K\u00fcnstlerinnen und K\u00fcnstler, darunter Paul Carrack, Till Br\u00f6nner, Gregor Meyle, Nils Landgren, Ida Sand Onita Boone und viele andere. Der Abend wird pr\u00e4sentiert von G\u00f6tz Alsmann. Die musikalische Leitung obliegt dem Artist in Residence der SWR Bigband Magnus Lindgren.<\/p>\n<p>Alle Karten vom letzten Jahr behalten ihre G\u00fcltigkeit.<\/p>\n<p>Weitere Informationen <a href=\"https:\/\/www.swr.de\/swr1\/bw\/events\/3-4-2022-swr-big-band-heimspiel-70jahre-stuttgart-102.html\">hier<\/a><\/p>\n<p>&nbsp;<\/p>\n<h3>51. Jazzwoche Burghausen<\/h3>\n<p>Vom 22. bis zum 27. M\u00e4rz 2022 findet zum ersten Mal nach zwei Jahren wieder die Internationale Jazzwoche Burghausen statt. Das Festival, das seit 1970 existiert, lockt seitdem internationale Stars der Jazzszene nach Bayern.<\/p>\n<p>Auch in diesem Jahr gestaltet eine bunte Mischung von K\u00fcnstlerinnen und K\u00fcnstlern das Programm, darunter Bill Evans, Leslie Mandoki mit Al di Meola, Till Br\u00f6nner, Tony Carey und anderen, Alma Naidu, Johannes Enders und viele weitere.<\/p>\n<p>Teil des Festivals ist auch das Finale des Burghauser Jazz-Nachwuchspreises, das am 22. M\u00e4rz im Stadtsaal stattfindet.<\/p>\n<p>weitere Informationen unter: <a href=\"http:\/\/www.b-jazz.com\">www.b-jazz.com<\/a><\/p>\n<p>&nbsp;<\/p>\n<p>Beitragsfoto SWR Bigband: Lena Semmelroggen<\/p>\n<p>&nbsp;<\/p>\n","protected":false},"excerpt":{"rendered":"<p>70 Jahre SWR Bigband Nachdem das Jubil\u00e4umskonzert 2021 coronabedingt ausfallen musste, feiert die SWR Bigband dieses Jahr am 3. April in der Porsche-Arena ihr 70 j\u00e4hriges Bestehen. Geplant ist die &#8222;gr\u00f6\u00dfte Bigband Sause, die es in Stuttgart je gegeben hat&#8220;. Es gratulieren zahlreiche K\u00fcnstlerinnen und K\u00fcnstler, darunter Paul Carrack, Till Br\u00f6nner, Gregor Meyle, Nils Landgren, Ida Sand Onita Boone und viele andere. Der Abend wird pr\u00e4sentiert von G\u00f6tz Alsmann. Die musikalische Leitung obliegt dem Artist in Residence der SWR Bigband Magnus Lindgren. Alle Karten vom letzten Jahr behalten ihre G\u00fcltigkeit. Weitere Informationen hier &nbsp; 51. Jazzwoche Burghausen Vom 22. bis zum 27. M\u00e4rz 2022 findet zum ersten Mal nach zwei Jahren wieder die Internationale Jazzwoche Burghausen statt. Das Festival, das seit 1970 existiert, lockt seitdem internationale Stars der Jazzszene nach Bayern. Auch in diesem Jahr gestaltet eine bunte Mischung von K\u00fcnstlerinnen und K\u00fcnstlern das Programm, darunter Bill Evans, Leslie Mandoki mit Al di Meola, Till Br\u00f6nner, Tony Carey und anderen, Alma Naidu, Johannes Enders und viele weitere. Teil des Festivals ist auch das Finale des Burghauser Jazz-Nachwuchspreises, das am 22. M\u00e4rz im Stadtsaal stattfindet. weitere &hellip;<\/p>\n","protected":false},"author":18,"featured_media":26842,"comment_status":"open","ping_status":"closed","sticky":false,"template":"","format":"standard","meta":{"_jetpack_memberships_contains_paid_content":false,"footnotes":"","jetpack_publicize_message":"","jetpack_publicize_feature_enabled":true,"jetpack_social_post_already_shared":false,"jetpack_social_options":{"image_generator_settings":{"template":"highway","default_image_id":0,"font":"","enabled":false},"version":2}},"categories":[633],"tags":[3391,73,722,682,2152,244,918,1978,947,2057,10,1860,1398,3883],"coauthors":[695],"class_list":["post-26837","post","type-post","status-publish","format-standard","has-post-thumbnail","hentry","category-nachrichten","tag-3391","tag-bigband","tag-burghausen","tag-festivals","tag-finale","tag-internationale-jazzwoche-burghausen","tag-jazzfestival","tag-jazzszene","tag-jazzwoche-burghausen","tag-johannes-enders","tag-jubilaeum","tag-stuttgart","tag-swr","tag-swr-bigband"],"yoast_head":"<!-- This site is optimized with the Yoast SEO plugin v27.5 - https:\/\/yoast.com\/product\/yoast-seo-wordpress\/ -->\n<title>+++ news +++70 Jahre SWR Bigband +++ 51. Jazzwoche Burghausen +++ - JazzZeitung<\/title>\n<meta name=\"robots\" content=\"index, follow, max-snippet:-1, max-image-preview:large, max-video-preview:-1\" \/>\n<link rel=\"canonical\" href=\"https:\/\/www.jazzzeitung.de\/cms\/2022\/03\/news-70-jahre-swr-bigband-51-jazzwoche-burghausen\/\" \/>\n<meta property=\"og:locale\" content=\"de_DE\" \/>\n<meta property=\"og:type\" content=\"article\" \/>\n<meta property=\"og:title\" content=\"+++ news +++70 Jahre SWR Bigband +++ 51. Jazzwoche Burghausen +++ - JazzZeitung\" \/>\n<meta property=\"og:description\" content=\"70 Jahre SWR Bigband Nachdem das Jubil\u00e4umskonzert 2021 coronabedingt ausfallen musste, feiert die SWR Bigband dieses Jahr am 3. April in der Porsche-Arena ihr 70 j\u00e4hriges Bestehen. Geplant ist die &#8222;gr\u00f6\u00dfte Bigband Sause, die es in Stuttgart je gegeben hat&#8220;. Es gratulieren zahlreiche K\u00fcnstlerinnen und K\u00fcnstler, darunter Paul Carrack, Till Br\u00f6nner, Gregor Meyle, Nils Landgren, Ida Sand Onita Boone und viele andere. Der Abend wird pr\u00e4sentiert von G\u00f6tz Alsmann. Die musikalische Leitung obliegt dem Artist in Residence der SWR Bigband Magnus Lindgren. Alle Karten vom letzten Jahr behalten ihre G\u00fcltigkeit. Weitere Informationen hier &nbsp; 51. Jazzwoche Burghausen Vom 22. bis zum 27. M\u00e4rz 2022 findet zum ersten Mal nach zwei Jahren wieder die Internationale Jazzwoche Burghausen statt. Das Festival, das seit 1970 existiert, lockt seitdem internationale Stars der Jazzszene nach Bayern. Auch in diesem Jahr gestaltet eine bunte Mischung von K\u00fcnstlerinnen und K\u00fcnstlern das Programm, darunter Bill Evans, Leslie Mandoki mit Al di Meola, Till Br\u00f6nner, Tony Carey und anderen, Alma Naidu, Johannes Enders und viele weitere. Teil des Festivals ist auch das Finale des Burghauser Jazz-Nachwuchspreises, das am 22. M\u00e4rz im Stadtsaal stattfindet. weitere &hellip;\" \/>\n<meta property=\"og:url\" content=\"https:\/\/www.jazzzeitung.de\/cms\/2022\/03\/news-70-jahre-swr-bigband-51-jazzwoche-burghausen\/\" \/>\n<meta property=\"og:site_name\" content=\"JazzZeitung\" \/>\n<meta property=\"article:publisher\" content=\"https:\/\/www.facebook.com\/JazzZeitung\/\" \/>\n<meta property=\"article:published_time\" content=\"2022-03-10T11:54:29+00:00\" \/>\n<meta property=\"og:image\" content=\"https:\/\/i0.wp.com\/www.jazzzeitung.de\/cms\/wp-content\/uploads\/2022\/03\/SWRBB_Logo-cLena-Semmelroggen-4-scaled.jpg?fit=2560%2C1707&ssl=1\" \/>\n\t<meta property=\"og:image:width\" content=\"2560\" \/>\n\t<meta property=\"og:image:height\" content=\"1707\" \/>\n\t<meta property=\"og:image:type\" content=\"image\/jpeg\" \/>\n<meta name=\"author\" content=\"Redaktion JazzZeitung\" \/>\n<script type=\"application\/ld+json\" class=\"yoast-schema-graph\">{\"@context\":\"https:\\\/\\\/schema.org\",\"@graph\":[{\"@type\":\"Article\",\"@id\":\"https:\\\/\\\/www.jazzzeitung.de\\\/cms\\\/2022\\\/03\\\/news-70-jahre-swr-bigband-51-jazzwoche-burghausen\\\/#article\",\"isPartOf\":{\"@id\":\"https:\\\/\\\/www.jazzzeitung.de\\\/cms\\\/2022\\\/03\\\/news-70-jahre-swr-bigband-51-jazzwoche-burghausen\\\/\"},\"author\":{\"name\":\"Redaktion JazzZeitung\",\"@id\":\"https:\\\/\\\/www.jazzzeitung.de\\\/cms\\\/#\\\/schema\\\/person\\\/2245b36b9cd1d24cea10f01c031fb92b\"},\"headline\":\"+++ news +++70 Jahre SWR Bigband +++ 51. Jazzwoche Burghausen +++\",\"datePublished\":\"2022-03-10T11:54:29+00:00\",\"mainEntityOfPage\":{\"@id\":\"https:\\\/\\\/www.jazzzeitung.de\\\/cms\\\/2022\\\/03\\\/news-70-jahre-swr-bigband-51-jazzwoche-burghausen\\\/\"},\"wordCount\":207,\"commentCount\":0,\"publisher\":{\"@id\":\"https:\\\/\\\/www.jazzzeitung.de\\\/cms\\\/#organization\"},\"image\":{\"@id\":\"https:\\\/\\\/www.jazzzeitung.de\\\/cms\\\/2022\\\/03\\\/news-70-jahre-swr-bigband-51-jazzwoche-burghausen\\\/#primaryimage\"},\"thumbnailUrl\":\"https:\\\/\\\/i0.wp.com\\\/www.jazzzeitung.de\\\/cms\\\/wp-content\\\/uploads\\\/2022\\\/03\\\/SWRBB_Logo-cLena-Semmelroggen-4-scaled.jpg?fit=2560%2C1707&ssl=1\",\"keywords\":[\"2021\",\"Bigband\",\"Burghausen\",\"Festivals\",\"Finale\",\"Internationale Jazzwoche Burghausen\",\"Jazzfestival\",\"Jazzszene\",\"Jazzwoche Burghausen\",\"Johannes Enders\",\"Jubil\u00e4um\",\"Stuttgart\",\"SWR\",\"SWR-Bigband\"],\"articleSection\":[\"News\"],\"inLanguage\":\"de\",\"potentialAction\":[{\"@type\":\"CommentAction\",\"name\":\"Comment\",\"target\":[\"https:\\\/\\\/www.jazzzeitung.de\\\/cms\\\/2022\\\/03\\\/news-70-jahre-swr-bigband-51-jazzwoche-burghausen\\\/#respond\"]}]},{\"@type\":\"WebPage\",\"@id\":\"https:\\\/\\\/www.jazzzeitung.de\\\/cms\\\/2022\\\/03\\\/news-70-jahre-swr-bigband-51-jazzwoche-burghausen\\\/\",\"url\":\"https:\\\/\\\/www.jazzzeitung.de\\\/cms\\\/2022\\\/03\\\/news-70-jahre-swr-bigband-51-jazzwoche-burghausen\\\/\",\"name\":\"+++ news +++70 Jahre SWR Bigband +++ 51. Jazzwoche Burghausen +++ - JazzZeitung\",\"isPartOf\":{\"@id\":\"https:\\\/\\\/www.jazzzeitung.de\\\/cms\\\/#website\"},\"primaryImageOfPage\":{\"@id\":\"https:\\\/\\\/www.jazzzeitung.de\\\/cms\\\/2022\\\/03\\\/news-70-jahre-swr-bigband-51-jazzwoche-burghausen\\\/#primaryimage\"},\"image\":{\"@id\":\"https:\\\/\\\/www.jazzzeitung.de\\\/cms\\\/2022\\\/03\\\/news-70-jahre-swr-bigband-51-jazzwoche-burghausen\\\/#primaryimage\"},\"thumbnailUrl\":\"https:\\\/\\\/i0.wp.com\\\/www.jazzzeitung.de\\\/cms\\\/wp-content\\\/uploads\\\/2022\\\/03\\\/SWRBB_Logo-cLena-Semmelroggen-4-scaled.jpg?fit=2560%2C1707&ssl=1\",\"datePublished\":\"2022-03-10T11:54:29+00:00\",\"breadcrumb\":{\"@id\":\"https:\\\/\\\/www.jazzzeitung.de\\\/cms\\\/2022\\\/03\\\/news-70-jahre-swr-bigband-51-jazzwoche-burghausen\\\/#breadcrumb\"},\"inLanguage\":\"de\",\"potentialAction\":[{\"@type\":\"ReadAction\",\"target\":[\"https:\\\/\\\/www.jazzzeitung.de\\\/cms\\\/2022\\\/03\\\/news-70-jahre-swr-bigband-51-jazzwoche-burghausen\\\/\"]}]},{\"@type\":\"ImageObject\",\"inLanguage\":\"de\",\"@id\":\"https:\\\/\\\/www.jazzzeitung.de\\\/cms\\\/2022\\\/03\\\/news-70-jahre-swr-bigband-51-jazzwoche-burghausen\\\/#primaryimage\",\"url\":\"https:\\\/\\\/i0.wp.com\\\/www.jazzzeitung.de\\\/cms\\\/wp-content\\\/uploads\\\/2022\\\/03\\\/SWRBB_Logo-cLena-Semmelroggen-4-scaled.jpg?fit=2560%2C1707&ssl=1\",\"contentUrl\":\"https:\\\/\\\/i0.wp.com\\\/www.jazzzeitung.de\\\/cms\\\/wp-content\\\/uploads\\\/2022\\\/03\\\/SWRBB_Logo-cLena-Semmelroggen-4-scaled.jpg?fit=2560%2C1707&ssl=1\",\"width\":2560,\"height\":1707,\"caption\":\"SWR Bigband Pressefoto Fotografin: Lena Semmelroggen\"},{\"@type\":\"BreadcrumbList\",\"@id\":\"https:\\\/\\\/www.jazzzeitung.de\\\/cms\\\/2022\\\/03\\\/news-70-jahre-swr-bigband-51-jazzwoche-burghausen\\\/#breadcrumb\",\"itemListElement\":[{\"@type\":\"ListItem\",\"position\":1,\"name\":\"Startseite\",\"item\":\"https:\\\/\\\/www.jazzzeitung.de\\\/cms\\\/\"},{\"@type\":\"ListItem\",\"position\":2,\"name\":\"+++ news +++70 Jahre SWR Bigband +++ 51. Jazzwoche Burghausen +++\"}]},{\"@type\":\"WebSite\",\"@id\":\"https:\\\/\\\/www.jazzzeitung.de\\\/cms\\\/#website\",\"url\":\"https:\\\/\\\/www.jazzzeitung.de\\\/cms\\\/\",\"name\":\"JazzZeitung\",\"description\":\"Jazz-News und Jazz-Kontroverses\",\"publisher\":{\"@id\":\"https:\\\/\\\/www.jazzzeitung.de\\\/cms\\\/#organization\"},\"potentialAction\":[{\"@type\":\"SearchAction\",\"target\":{\"@type\":\"EntryPoint\",\"urlTemplate\":\"https:\\\/\\\/www.jazzzeitung.de\\\/cms\\\/?s={search_term_string}\"},\"query-input\":{\"@type\":\"PropertyValueSpecification\",\"valueRequired\":true,\"valueName\":\"search_term_string\"}}],\"inLanguage\":\"de\"},{\"@type\":\"Organization\",\"@id\":\"https:\\\/\\\/www.jazzzeitung.de\\\/cms\\\/#organization\",\"name\":\"JazzZeitung online\",\"url\":\"https:\\\/\\\/www.jazzzeitung.de\\\/cms\\\/\",\"logo\":{\"@type\":\"ImageObject\",\"inLanguage\":\"de\",\"@id\":\"https:\\\/\\\/www.jazzzeitung.de\\\/cms\\\/#\\\/schema\\\/logo\\\/image\\\/\",\"url\":\"https:\\\/\\\/i0.wp.com\\\/www.jazzzeitung.de\\\/cms\\\/wp-content\\\/uploads\\\/2015\\\/08\\\/JAZZZEITUNGDE_Logo_Neu.png?fit=499%2C200&ssl=1\",\"contentUrl\":\"https:\\\/\\\/i0.wp.com\\\/www.jazzzeitung.de\\\/cms\\\/wp-content\\\/uploads\\\/2015\\\/08\\\/JAZZZEITUNGDE_Logo_Neu.png?fit=499%2C200&ssl=1\",\"width\":499,\"height\":200,\"caption\":\"JazzZeitung online\"},\"image\":{\"@id\":\"https:\\\/\\\/www.jazzzeitung.de\\\/cms\\\/#\\\/schema\\\/logo\\\/image\\\/\"},\"sameAs\":[\"https:\\\/\\\/www.facebook.com\\\/JazzZeitung\\\/\"]},{\"@type\":\"Person\",\"@id\":\"https:\\\/\\\/www.jazzzeitung.de\\\/cms\\\/#\\\/schema\\\/person\\\/2245b36b9cd1d24cea10f01c031fb92b\",\"name\":\"Redaktion JazzZeitung\",\"image\":{\"@type\":\"ImageObject\",\"inLanguage\":\"de\",\"@id\":\"https:\\\/\\\/i0.wp.com\\\/www.jazzzeitung.de\\\/cms\\\/wp-content\\\/uploads\\\/2015\\\/08\\\/JAZZZEITUNGDE_Logo_Neu.png?resize=96%2C96&ssl=159975dcacb611b5700bd619b5daf0a7a\",\"url\":\"https:\\\/\\\/i0.wp.com\\\/www.jazzzeitung.de\\\/cms\\\/wp-content\\\/uploads\\\/2015\\\/08\\\/JAZZZEITUNGDE_Logo_Neu.png?resize=96%2C96&ssl=1\",\"contentUrl\":\"https:\\\/\\\/i0.wp.com\\\/www.jazzzeitung.de\\\/cms\\\/wp-content\\\/uploads\\\/2015\\\/08\\\/JAZZZEITUNGDE_Logo_Neu.png?resize=96%2C96&ssl=1\",\"caption\":\"Redaktion JazzZeitung\"},\"description\":\"Artikel der Redaktion der JazzZeitung.\",\"sameAs\":[\"http:\\\/\\\/www.jazzzeitung.de\\\/cms\\\/\"],\"url\":\"https:\\\/\\\/www.jazzzeitung.de\\\/cms\\\/author\\\/redaktion\\\/\"}]}<\/script>\n<!-- \/ Yoast SEO plugin. -->","yoast_head_json":{"title":"+++ news +++70 Jahre SWR Bigband +++ 51. Jazzwoche Burghausen +++ - JazzZeitung","robots":{"index":"index","follow":"follow","max-snippet":"max-snippet:-1","max-image-preview":"max-image-preview:large","max-video-preview":"max-video-preview:-1"},"canonical":"https:\/\/www.jazzzeitung.de\/cms\/2022\/03\/news-70-jahre-swr-bigband-51-jazzwoche-burghausen\/","og_locale":"de_DE","og_type":"article","og_title":"+++ news +++70 Jahre SWR Bigband +++ 51. Jazzwoche Burghausen +++ - JazzZeitung","og_description":"70 Jahre SWR Bigband Nachdem das Jubil\u00e4umskonzert 2021 coronabedingt ausfallen musste, feiert die SWR Bigband dieses Jahr am 3. April in der Porsche-Arena ihr 70 j\u00e4hriges Bestehen. Geplant ist die &#8222;gr\u00f6\u00dfte Bigband Sause, die es in Stuttgart je gegeben hat&#8220;. Es gratulieren zahlreiche K\u00fcnstlerinnen und K\u00fcnstler, darunter Paul Carrack, Till Br\u00f6nner, Gregor Meyle, Nils Landgren, Ida Sand Onita Boone und viele andere. Der Abend wird pr\u00e4sentiert von G\u00f6tz Alsmann. Die musikalische Leitung obliegt dem Artist in Residence der SWR Bigband Magnus Lindgren. Alle Karten vom letzten Jahr behalten ihre G\u00fcltigkeit. Weitere Informationen hier &nbsp; 51. Jazzwoche Burghausen Vom 22. bis zum 27. M\u00e4rz 2022 findet zum ersten Mal nach zwei Jahren wieder die Internationale Jazzwoche Burghausen statt. Das Festival, das seit 1970 existiert, lockt seitdem internationale Stars der Jazzszene nach Bayern. Auch in diesem Jahr gestaltet eine bunte Mischung von K\u00fcnstlerinnen und K\u00fcnstlern das Programm, darunter Bill Evans, Leslie Mandoki mit Al di Meola, Till Br\u00f6nner, Tony Carey und anderen, Alma Naidu, Johannes Enders und viele weitere. Teil des Festivals ist auch das Finale des Burghauser Jazz-Nachwuchspreises, das am 22. M\u00e4rz im Stadtsaal stattfindet. weitere &hellip;","og_url":"https:\/\/www.jazzzeitung.de\/cms\/2022\/03\/news-70-jahre-swr-bigband-51-jazzwoche-burghausen\/","og_site_name":"JazzZeitung","article_publisher":"https:\/\/www.facebook.com\/JazzZeitung\/","article_published_time":"2022-03-10T11:54:29+00:00","og_image":[{"width":2560,"height":1707,"url":"https:\/\/i0.wp.com\/www.jazzzeitung.de\/cms\/wp-content\/uploads\/2022\/03\/SWRBB_Logo-cLena-Semmelroggen-4-scaled.jpg?fit=2560%2C1707&ssl=1","type":"image\/jpeg"}],"author":"Redaktion JazzZeitung","schema":{"@context":"https:\/\/schema.org","@graph":[{"@type":"Article","@id":"https:\/\/www.jazzzeitung.de\/cms\/2022\/03\/news-70-jahre-swr-bigband-51-jazzwoche-burghausen\/#article","isPartOf":{"@id":"https:\/\/www.jazzzeitung.de\/cms\/2022\/03\/news-70-jahre-swr-bigband-51-jazzwoche-burghausen\/"},"author":{"name":"Redaktion JazzZeitung","@id":"https:\/\/www.jazzzeitung.de\/cms\/#\/schema\/person\/2245b36b9cd1d24cea10f01c031fb92b"},"headline":"+++ news +++70 Jahre SWR Bigband +++ 51. Jazzwoche Burghausen +++","datePublished":"2022-03-10T11:54:29+00:00","mainEntityOfPage":{"@id":"https:\/\/www.jazzzeitung.de\/cms\/2022\/03\/news-70-jahre-swr-bigband-51-jazzwoche-burghausen\/"},"wordCount":207,"commentCount":0,"publisher":{"@id":"https:\/\/www.jazzzeitung.de\/cms\/#organization"},"image":{"@id":"https:\/\/www.jazzzeitung.de\/cms\/2022\/03\/news-70-jahre-swr-bigband-51-jazzwoche-burghausen\/#primaryimage"},"thumbnailUrl":"https:\/\/i0.wp.com\/www.jazzzeitung.de\/cms\/wp-content\/uploads\/2022\/03\/SWRBB_Logo-cLena-Semmelroggen-4-scaled.jpg?fit=2560%2C1707&ssl=1","keywords":["2021","Bigband","Burghausen","Festivals","Finale","Internationale Jazzwoche Burghausen","Jazzfestival","Jazzszene","Jazzwoche Burghausen","Johannes Enders","Jubil\u00e4um","Stuttgart","SWR","SWR-Bigband"],"articleSection":["News"],"inLanguage":"de","potentialAction":[{"@type":"CommentAction","name":"Comment","target":["https:\/\/www.jazzzeitung.de\/cms\/2022\/03\/news-70-jahre-swr-bigband-51-jazzwoche-burghausen\/#respond"]}]},{"@type":"WebPage","@id":"https:\/\/www.jazzzeitung.de\/cms\/2022\/03\/news-70-jahre-swr-bigband-51-jazzwoche-burghausen\/","url":"https:\/\/www.jazzzeitung.de\/cms\/2022\/03\/news-70-jahre-swr-bigband-51-jazzwoche-burghausen\/","name":"+++ news +++70 Jahre SWR Bigband +++ 51. Jazzwoche Burghausen +++ - JazzZeitung","isPartOf":{"@id":"https:\/\/www.jazzzeitung.de\/cms\/#website"},"primaryImageOfPage":{"@id":"https:\/\/www.jazzzeitung.de\/cms\/2022\/03\/news-70-jahre-swr-bigband-51-jazzwoche-burghausen\/#primaryimage"},"image":{"@id":"https:\/\/www.jazzzeitung.de\/cms\/2022\/03\/news-70-jahre-swr-bigband-51-jazzwoche-burghausen\/#primaryimage"},"thumbnailUrl":"https:\/\/i0.wp.com\/www.jazzzeitung.de\/cms\/wp-content\/uploads\/2022\/03\/SWRBB_Logo-cLena-Semmelroggen-4-scaled.jpg?fit=2560%2C1707&ssl=1","datePublished":"2022-03-10T11:54:29+00:00","breadcrumb":{"@id":"https:\/\/www.jazzzeitung.de\/cms\/2022\/03\/news-70-jahre-swr-bigband-51-jazzwoche-burghausen\/#breadcrumb"},"inLanguage":"de","potentialAction":[{"@type":"ReadAction","target":["https:\/\/www.jazzzeitung.de\/cms\/2022\/03\/news-70-jahre-swr-bigband-51-jazzwoche-burghausen\/"]}]},{"@type":"ImageObject","inLanguage":"de","@id":"https:\/\/www.jazzzeitung.de\/cms\/2022\/03\/news-70-jahre-swr-bigband-51-jazzwoche-burghausen\/#primaryimage","url":"https:\/\/i0.wp.com\/www.jazzzeitung.de\/cms\/wp-content\/uploads\/2022\/03\/SWRBB_Logo-cLena-Semmelroggen-4-scaled.jpg?fit=2560%2C1707&ssl=1","contentUrl":"https:\/\/i0.wp.com\/www.jazzzeitung.de\/cms\/wp-content\/uploads\/2022\/03\/SWRBB_Logo-cLena-Semmelroggen-4-scaled.jpg?fit=2560%2C1707&ssl=1","width":2560,"height":1707,"caption":"SWR Bigband Pressefoto Fotografin: Lena Semmelroggen"},{"@type":"BreadcrumbList","@id":"https:\/\/www.jazzzeitung.de\/cms\/2022\/03\/news-70-jahre-swr-bigband-51-jazzwoche-burghausen\/#breadcrumb","itemListElement":[{"@type":"ListItem","position":1,"name":"Startseite","item":"https:\/\/www.jazzzeitung.de\/cms\/"},{"@type":"ListItem","position":2,"name":"+++ news +++70 Jahre SWR Bigband +++ 51. Jazzwoche Burghausen +++"}]},{"@type":"WebSite","@id":"https:\/\/www.jazzzeitung.de\/cms\/#website","url":"https:\/\/www.jazzzeitung.de\/cms\/","name":"JazzZeitung","description":"Jazz-News und Jazz-Kontroverses","publisher":{"@id":"https:\/\/www.jazzzeitung.de\/cms\/#organization"},"potentialAction":[{"@type":"SearchAction","target":{"@type":"EntryPoint","urlTemplate":"https:\/\/www.jazzzeitung.de\/cms\/?s={search_term_string}"},"query-input":{"@type":"PropertyValueSpecification","valueRequired":true,"valueName":"search_term_string"}}],"inLanguage":"de"},{"@type":"Organization","@id":"https:\/\/www.jazzzeitung.de\/cms\/#organization","name":"JazzZeitung online","url":"https:\/\/www.jazzzeitung.de\/cms\/","logo":{"@type":"ImageObject","inLanguage":"de","@id":"https:\/\/www.jazzzeitung.de\/cms\/#\/schema\/logo\/image\/","url":"https:\/\/i0.wp.com\/www.jazzzeitung.de\/cms\/wp-content\/uploads\/2015\/08\/JAZZZEITUNGDE_Logo_Neu.png?fit=499%2C200&ssl=1","contentUrl":"https:\/\/i0.wp.com\/www.jazzzeitung.de\/cms\/wp-content\/uploads\/2015\/08\/JAZZZEITUNGDE_Logo_Neu.png?fit=499%2C200&ssl=1","width":499,"height":200,"caption":"JazzZeitung online"},"image":{"@id":"https:\/\/www.jazzzeitung.de\/cms\/#\/schema\/logo\/image\/"},"sameAs":["https:\/\/www.facebook.com\/JazzZeitung\/"]},{"@type":"Person","@id":"https:\/\/www.jazzzeitung.de\/cms\/#\/schema\/person\/2245b36b9cd1d24cea10f01c031fb92b","name":"Redaktion JazzZeitung","image":{"@type":"ImageObject","inLanguage":"de","@id":"https:\/\/i0.wp.com\/www.jazzzeitung.de\/cms\/wp-content\/uploads\/2015\/08\/JAZZZEITUNGDE_Logo_Neu.png?resize=96%2C96&ssl=159975dcacb611b5700bd619b5daf0a7a","url":"https:\/\/i0.wp.com\/www.jazzzeitung.de\/cms\/wp-content\/uploads\/2015\/08\/JAZZZEITUNGDE_Logo_Neu.png?resize=96%2C96&ssl=1","contentUrl":"https:\/\/i0.wp.com\/www.jazzzeitung.de\/cms\/wp-content\/uploads\/2015\/08\/JAZZZEITUNGDE_Logo_Neu.png?resize=96%2C96&ssl=1","caption":"Redaktion JazzZeitung"},"description":"Artikel der Redaktion der JazzZeitung.","sameAs":["http:\/\/www.jazzzeitung.de\/cms\/"],"url":"https:\/\/www.jazzzeitung.de\/cms\/author\/redaktion\/"}]}},"wp-worthy-pixel":{"ignored":false,"public":null,"server":null,"url":null},"wp-worthy-type":"normal","jetpack_publicize_connections":[],"cc_featured_image_caption":{"caption_text":"","source_text":"","source_url":""},"jetpack_featured_media_url":"https:\/\/i0.wp.com\/www.jazzzeitung.de\/cms\/wp-content\/uploads\/2022\/03\/SWRBB_Logo-cLena-Semmelroggen-4-scaled.jpg?fit=2560%2C1707&ssl=1","jetpack_shortlink":"https:\/\/wp.me\/p3KEcT-6YR","jetpack-related-posts":[{"id":8689,"url":"https:\/\/www.jazzzeitung.de\/cms\/2016\/03\/8689\/","url_meta":{"origin":26837,"position":0},"title":"Immer wieder Burghausen&#8230;","author":"Redaktion JazzZeitung","date":"12. M\u00e4rz 2016","format":false,"excerpt":"Hier einige fotografische Impressionen von der Jazzwoche Burghausen 2016 mit Richard Galliano, Ron Carter, der WDR Bigband sowie dem Kammerer OrK\u00f6ster. Die Fotos machte Michael Scheiner. Ein ausf\u00fchrlicher Artikel folgt in der Aprilausgabe der neuen musikzeitung. Weitere Infos zur Jazzwoche Burghausen unter www.b-jazz.com\/jazzwoche-burghausen-2016\/.","rel":"","context":"In &quot;News&quot;","block_context":{"text":"News","link":"https:\/\/www.jazzzeitung.de\/cms\/thema\/nachrichten\/"},"img":{"alt_text":"","src":"https:\/\/i0.wp.com\/www.jazzzeitung.de\/cms\/wp-content\/uploads\/2016\/03\/Carter-Ron_59.jpg?resize=350%2C200","width":350,"height":200,"srcset":"https:\/\/i0.wp.com\/www.jazzzeitung.de\/cms\/wp-content\/uploads\/2016\/03\/Carter-Ron_59.jpg?resize=350%2C200 1x, https:\/\/i0.wp.com\/www.jazzzeitung.de\/cms\/wp-content\/uploads\/2016\/03\/Carter-Ron_59.jpg?resize=525%2C300 1.5x, https:\/\/i0.wp.com\/www.jazzzeitung.de\/cms\/wp-content\/uploads\/2016\/03\/Carter-Ron_59.jpg?resize=700%2C400 2x, https:\/\/i0.wp.com\/www.jazzzeitung.de\/cms\/wp-content\/uploads\/2016\/03\/Carter-Ron_59.jpg?resize=1050%2C600 3x, https:\/\/i0.wp.com\/www.jazzzeitung.de\/cms\/wp-content\/uploads\/2016\/03\/Carter-Ron_59.jpg?resize=1400%2C800 4x"},"classes":[]},{"id":14833,"url":"https:\/\/www.jazzzeitung.de\/cms\/2018\/01\/49-internationale-jazzwoche\/","url_meta":{"origin":26837,"position":1},"title":"Die 49. Internationale Jazzwoche Burghausen beginnt am 6. M\u00e4rz 2018","author":"Redaktion JazzZeitung","date":"24. Januar 2018","format":false,"excerpt":"Die 49. Ausgabe der Internationalen Jazzwoche in Burghausen findet heuer vom 6. bis 11. M\u00e4rz statt. Das Vorprogramm f\u00fcr den Auftritt der New Yorker Jazzrock-Band \u201eBlood, Sweat & Tears\u201c in der Wackerhalle am 7. M\u00e4rz wird am Tag davor beim Finale des 10. Europ\u00e4ischen Burghauser Nachwuchs-Jazzpreises ermittelt. Die Erstplatzierten des\u2026","rel":"","context":"In &quot;News&quot;","block_context":{"text":"News","link":"https:\/\/www.jazzzeitung.de\/cms\/thema\/nachrichten\/"},"img":{"alt_text":"","src":"https:\/\/i0.wp.com\/www.jazzzeitung.de\/cms\/wp-content\/uploads\/2018\/01\/bgh_pan_8002_cut.jpg?fit=1200%2C634&ssl=1&resize=350%2C200","width":350,"height":200,"srcset":"https:\/\/i0.wp.com\/www.jazzzeitung.de\/cms\/wp-content\/uploads\/2018\/01\/bgh_pan_8002_cut.jpg?fit=1200%2C634&ssl=1&resize=350%2C200 1x, https:\/\/i0.wp.com\/www.jazzzeitung.de\/cms\/wp-content\/uploads\/2018\/01\/bgh_pan_8002_cut.jpg?fit=1200%2C634&ssl=1&resize=525%2C300 1.5x, https:\/\/i0.wp.com\/www.jazzzeitung.de\/cms\/wp-content\/uploads\/2018\/01\/bgh_pan_8002_cut.jpg?fit=1200%2C634&ssl=1&resize=700%2C400 2x, https:\/\/i0.wp.com\/www.jazzzeitung.de\/cms\/wp-content\/uploads\/2018\/01\/bgh_pan_8002_cut.jpg?fit=1200%2C634&ssl=1&resize=1050%2C600 3x"},"classes":[]},{"id":5045,"url":"https:\/\/www.jazzzeitung.de\/cms\/2014\/12\/neues-aus-burghausen-nachwuchspreis-und-sonder-vorverkauf\/","url_meta":{"origin":26837,"position":2},"title":"Neues aus Burghausen: Nachwuchspreis und Sonder-Vorverkauf","author":"Redaktion JazzZeitung","date":"3. Dezember 2014","format":false,"excerpt":"Mit knapp 70 Einsendungen aus 30 L\u00e4ndern hat der 7. Europ\u00e4ische Burghauser Nachwuchs-Jazzpreis weitere L\u00e4nder erreicht. Die europaweit offene Ausschreibung (geographisch gesehen) f\u00fcr die Preisverleihung im n\u00e4chsten Jahr fand begeisterten Anklang. Dieses Mal standen vor allem L\u00e4nder aus dem Osten, wie Kroatien, Rum\u00e4nien, Litauen, Ungarn und Polen auf der Bewerberliste.\u2026","rel":"","context":"In &quot;News&quot;","block_context":{"text":"News","link":"https:\/\/www.jazzzeitung.de\/cms\/thema\/nachrichten\/"},"img":{"alt_text":"-","src":"https:\/\/i0.wp.com\/www.jazzzeitung.de\/cms\/wp-content\/uploads\/2014\/12\/mario_biondi_011-150x150.jpg?resize=350%2C200","width":350,"height":200},"classes":[]},{"id":22162,"url":"https:\/\/www.jazzzeitung.de\/cms\/2020\/03\/die-jazz-radiowoche-vom-16-03-20-bis-22-03-20\/","url_meta":{"origin":26837,"position":3},"title":"Die Jazz-Radiowoche vom 16.03.20 bis 22.03.20","author":"Martin Hufner","date":"15. M\u00e4rz 2020","format":false,"excerpt":"Ein kleiner Blick in die Jazzwoche 12 im Radio. Die \u00dcbersicht zum Download als PDF. Alle Angaben ohne Gew\u00e4hr. Jazz im Radio (Fernsehen) SR2 \u2013 JazzNow \u2013 Sonntags von 20.04 bis 22.30 Uhr BR-KLASSIK \u2013 Jazztime \u2013 Von Montag bis Freitag t\u00e4glich um 23.05 Uhr rbb-kultur \u2013 Late Night Jazz\u2026","rel":"","context":"In &quot;News&quot;","block_context":{"text":"News","link":"https:\/\/www.jazzzeitung.de\/cms\/thema\/nachrichten\/"},"img":{"alt_text":"Jazz im Radio. Foto: Hufner","src":"https:\/\/i0.wp.com\/www.jazzzeitung.de\/cms\/wp-content\/uploads\/2019\/03\/jazz_im_radio.jpg?fit=1200%2C773&ssl=1&resize=350%2C200","width":350,"height":200,"srcset":"https:\/\/i0.wp.com\/www.jazzzeitung.de\/cms\/wp-content\/uploads\/2019\/03\/jazz_im_radio.jpg?fit=1200%2C773&ssl=1&resize=350%2C200 1x, https:\/\/i0.wp.com\/www.jazzzeitung.de\/cms\/wp-content\/uploads\/2019\/03\/jazz_im_radio.jpg?fit=1200%2C773&ssl=1&resize=525%2C300 1.5x, https:\/\/i0.wp.com\/www.jazzzeitung.de\/cms\/wp-content\/uploads\/2019\/03\/jazz_im_radio.jpg?fit=1200%2C773&ssl=1&resize=700%2C400 2x, https:\/\/i0.wp.com\/www.jazzzeitung.de\/cms\/wp-content\/uploads\/2019\/03\/jazz_im_radio.jpg?fit=1200%2C773&ssl=1&resize=1050%2C600 3x"},"classes":[]},{"id":15287,"url":"https:\/\/www.jazzzeitung.de\/cms\/2018\/03\/bildergalerie-internationale-jazzwoche-burghausen-2018\/","url_meta":{"origin":26837,"position":4},"title":"Bildergalerie: Internationale Jazzwoche Burghausen 2018","author":"Redaktion JazzZeitung","date":"12. M\u00e4rz 2018","format":false,"excerpt":"Gestern ging die 49. Internationale Jazzwoche Burghausen zu Ende. Ralf Dombrowski hat sie uns fotografisch dokumentiert. Die Interessengemeinschaft Jazz Burghausen e.V. ist durchweg zufrieden mit dem Ergebnis der 49. Internationalen Jazzwoche Burghausen e.V.: \u201eWir hatten (mit Stand Sonntagmittag) 7.500 Besucher. Damit kommen wir an das Rekordjahr 2017 nicht ran, aber\u2026","rel":"","context":"In &quot;Galerie&quot;","block_context":{"text":"Galerie","link":"https:\/\/www.jazzzeitung.de\/cms\/thema\/galerie\/"},"img":{"alt_text":"","src":"https:\/\/i0.wp.com\/www.jazzzeitung.de\/cms\/wp-content\/uploads\/2018\/03\/0K3A9690-Leleka-Viktoria-Anton-dombr.jpg?fit=1200%2C800&ssl=1&resize=350%2C200","width":350,"height":200,"srcset":"https:\/\/i0.wp.com\/www.jazzzeitung.de\/cms\/wp-content\/uploads\/2018\/03\/0K3A9690-Leleka-Viktoria-Anton-dombr.jpg?fit=1200%2C800&ssl=1&resize=350%2C200 1x, https:\/\/i0.wp.com\/www.jazzzeitung.de\/cms\/wp-content\/uploads\/2018\/03\/0K3A9690-Leleka-Viktoria-Anton-dombr.jpg?fit=1200%2C800&ssl=1&resize=525%2C300 1.5x, https:\/\/i0.wp.com\/www.jazzzeitung.de\/cms\/wp-content\/uploads\/2018\/03\/0K3A9690-Leleka-Viktoria-Anton-dombr.jpg?fit=1200%2C800&ssl=1&resize=700%2C400 2x, https:\/\/i0.wp.com\/www.jazzzeitung.de\/cms\/wp-content\/uploads\/2018\/03\/0K3A9690-Leleka-Viktoria-Anton-dombr.jpg?fit=1200%2C800&ssl=1&resize=1050%2C600 3x"},"classes":[]},{"id":18988,"url":"https:\/\/www.jazzzeitung.de\/cms\/2019\/03\/die-jazz-radiowoche-vom-25-03-19-bis-31-03-2019\/","url_meta":{"origin":26837,"position":5},"title":"Die Jazz-Radiowoche vom 25.03.19 bis 31.03.2019","author":"Martin Hufner","date":"24. M\u00e4rz 2019","format":false,"excerpt":"Ein kleiner Blick in die Jazzwoche 13 im Radio. TIP: 27.3.2019: 22:04 bis 00:00 | WDR 3: WDR 3 Jazz & World: Klangkosmos NRW: Me\u00efkh\u00e2neh. Die \u00dcbersicht zum Download als PDF. Alle Angaben ohne Gew\u00e4hr. Jazz im Radio (Fernsehen) SR2 \u2013 JazzNow \u2013 Sonntags von 20.04 bis 22.30 Uhr BR-KLASSIK\u2026","rel":"","context":"In &quot;Radio&quot;","block_context":{"text":"Radio","link":"https:\/\/www.jazzzeitung.de\/cms\/thema\/radio\/"},"img":{"alt_text":"Jazz im Radio. Foto: Hufner","src":"https:\/\/i0.wp.com\/www.jazzzeitung.de\/cms\/wp-content\/uploads\/2019\/03\/jazz_im_radio.jpg?fit=1200%2C773&ssl=1&resize=350%2C200","width":350,"height":200,"srcset":"https:\/\/i0.wp.com\/www.jazzzeitung.de\/cms\/wp-content\/uploads\/2019\/03\/jazz_im_radio.jpg?fit=1200%2C773&ssl=1&resize=350%2C200 1x, https:\/\/i0.wp.com\/www.jazzzeitung.de\/cms\/wp-content\/uploads\/2019\/03\/jazz_im_radio.jpg?fit=1200%2C773&ssl=1&resize=525%2C300 1.5x, https:\/\/i0.wp.com\/www.jazzzeitung.de\/cms\/wp-content\/uploads\/2019\/03\/jazz_im_radio.jpg?fit=1200%2C773&ssl=1&resize=700%2C400 2x, https:\/\/i0.wp.com\/www.jazzzeitung.de\/cms\/wp-content\/uploads\/2019\/03\/jazz_im_radio.jpg?fit=1200%2C773&ssl=1&resize=1050%2C600 3x"},"classes":[]}],"jetpack_sharing_enabled":true,"_links":{"self":[{"href":"https:\/\/www.jazzzeitung.de\/cms\/wp-json\/wp\/v2\/posts\/26837","targetHints":{"allow":["GET"]}}],"collection":[{"href":"https:\/\/www.jazzzeitung.de\/cms\/wp-json\/wp\/v2\/posts"}],"about":[{"href":"https:\/\/www.jazzzeitung.de\/cms\/wp-json\/wp\/v2\/types\/post"}],"author":[{"embeddable":true,"href":"https:\/\/www.jazzzeitung.de\/cms\/wp-json\/wp\/v2\/users\/18"}],"replies":[{"embeddable":true,"href":"https:\/\/www.jazzzeitung.de\/cms\/wp-json\/wp\/v2\/comments?post=26837"}],"version-history":[{"count":2,"href":"https:\/\/www.jazzzeitung.de\/cms\/wp-json\/wp\/v2\/posts\/26837\/revisions"}],"predecessor-version":[{"id":26843,"href":"https:\/\/www.jazzzeitung.de\/cms\/wp-json\/wp\/v2\/posts\/26837\/revisions\/26843"}],"wp:featuredmedia":[{"embeddable":true,"href":"https:\/\/www.jazzzeitung.de\/cms\/wp-json\/wp\/v2\/media\/26842"}],"wp:attachment":[{"href":"https:\/\/www.jazzzeitung.de\/cms\/wp-json\/wp\/v2\/media?parent=26837"}],"wp:term":[{"taxonomy":"category","embeddable":true,"href":"https:\/\/www.jazzzeitung.de\/cms\/wp-json\/wp\/v2\/categories?post=26837"},{"taxonomy":"post_tag","embeddable":true,"href":"https:\/\/www.jazzzeitung.de\/cms\/wp-json\/wp\/v2\/tags?post=26837"},{"taxonomy":"author","embeddable":true,"href":"https:\/\/www.jazzzeitung.de\/cms\/wp-json\/wp\/v2\/coauthors?post=26837"}],"curies":[{"name":"wp","href":"https:\/\/api.w.org\/{rel}","templated":true}]}}