{"id":26747,"date":"2022-02-22T16:00:44","date_gmt":"2022-02-22T15:00:44","guid":{"rendered":"https:\/\/www.jazzzeitung.de\/cms\/?p=26747"},"modified":"2022-02-22T10:33:32","modified_gmt":"2022-02-22T09:33:32","slug":"news-jazzaheadfestival-bremen-clubnight-jazzwerkstatt-startet-mit-livekonzerten","status":"publish","type":"post","link":"https:\/\/www.jazzzeitung.de\/cms\/2022\/02\/news-jazzaheadfestival-bremen-clubnight-jazzwerkstatt-startet-mit-livekonzerten\/","title":{"rendered":"+++ news +++ jazzahead!Festival Bremen: CLUBNIGHT +++ Jazzwerkstatt startet mit Livekonzerten +++"},"content":{"rendered":"<h3 class=\"v1MsoNormal\">Jazzahead! Festival in Bremen: \u00dcber 20 Spielst\u00e4tten bei der CLUBNIGHT<\/h3>\n<p class=\"v1MsoNormal\">Wenn am 30. April in Bremen die CLUBNIGHT stattfindet, geh\u00f6ren Diversit\u00e4t der Spielst\u00e4tten und des Programms ins Zentrum. Es wird davon ausgegangen, dass die Besucher*innen ihre individuellen Touren w\u00e4hrend der CLUBNIGHT, dem gr\u00f6\u00dften Event auf der Messe, st\u00e4rker planen werden. In diesem Zusammenhang ist ein neues Ticket-Konzept vorgesehen: Statt einem gemeinsamen CLUBNIGHT-Ticket f\u00fcr alle Veranstaltungen, bietet jede Spielst\u00e4tte ihr eigenes Ticket an. F\u00fcr die einfachere Planbarkeit wird es ab Ende Februar einen Ticketshop geben, der\u00a0 \u00fcber die Webseite der jazzahead! und bei Nordwest Ticket zu finden sein wird. Kanada wird als diesj\u00e4hriges Gastland des Festivals auch bei der CLUBNIGHT pr\u00e4sent sein. Mehrere kanadische Acts werden im Metropol Theater und in der Schaulust auftreten.<\/p>\n<p class=\"v1MsoNormal\">Weitere Informationen ab Ende Februar unter: <a href=\"http:\/\/www.jazzahead.de\">www.jazzahead.de<\/a><\/p>\n<h3><\/h3>\n<h3 class=\"v1MsoNormal\">Jazzwerkstatt startet wieder mit Livekonzerten<\/h3>\n<p class=\"v1MsoNormal\">Am 20. und 21. Februar spielen das Pablo Held Trio sowie Tim Berne und Matt Mitchel im Rahmen der Reihe \u201eNew York Journey&#8220; im Institut Fran\u00e7ais Berlin. Die Jazzwerkstatt startet somit wieder mit Livekonzerten in vielen verschiedenen St\u00e4dten Deutschlands. Es folgen Konzerte mit weiteren K\u00fcnstler*innen am 25. Februar und am 04.\/05. M\u00e4rz in Potsdam, Schwerin und Berlin.<\/p>\n<p class=\"v1MsoNormal\">Weitere Informationen unter:\u00a0 <a href=\"https:\/\/www.jazzwerkstatt.eu\/\">https:\/\/www.jazzwerkstatt.eu\/<\/a><\/p>\n<p>&nbsp;<\/p>\n<p>Beitragsbild: jazzahead!Festival<\/p>\n","protected":false},"excerpt":{"rendered":"<p>Jazzahead! Festival in Bremen: \u00dcber 20 Spielst\u00e4tten bei der CLUBNIGHT Wenn am 30. April in Bremen die CLUBNIGHT stattfindet, geh\u00f6ren Diversit\u00e4t der Spielst\u00e4tten und des Programms ins Zentrum. Es wird davon ausgegangen, dass die Besucher*innen ihre individuellen Touren w\u00e4hrend der CLUBNIGHT, dem gr\u00f6\u00dften Event auf der Messe, st\u00e4rker planen werden. In diesem Zusammenhang ist ein neues Ticket-Konzept vorgesehen: Statt einem gemeinsamen CLUBNIGHT-Ticket f\u00fcr alle Veranstaltungen, bietet jede Spielst\u00e4tte ihr eigenes Ticket an. F\u00fcr die einfachere Planbarkeit wird es ab Ende Februar einen Ticketshop geben, der\u00a0 \u00fcber die Webseite der jazzahead! und bei Nordwest Ticket zu finden sein wird. Kanada wird als diesj\u00e4hriges Gastland des Festivals auch bei der CLUBNIGHT pr\u00e4sent sein. Mehrere kanadische Acts werden im Metropol Theater und in der Schaulust auftreten. Weitere Informationen ab Ende Februar unter: www.jazzahead.de Jazzwerkstatt startet wieder mit Livekonzerten Am 20. und 21. Februar spielen das Pablo Held Trio sowie Tim Berne und Matt Mitchel im Rahmen der Reihe \u201eNew York Journey&#8220; im Institut Fran\u00e7ais Berlin. Die Jazzwerkstatt startet somit wieder mit Livekonzerten in vielen verschiedenen St\u00e4dten Deutschlands. Es folgen Konzerte mit weiteren K\u00fcnstler*innen am 25. Februar und am &hellip;<\/p>\n","protected":false},"author":18,"featured_media":26756,"comment_status":"open","ping_status":"closed","sticky":false,"template":"","format":"standard","meta":{"_jetpack_memberships_contains_paid_content":false,"footnotes":"","jetpack_publicize_message":"","jetpack_publicize_feature_enabled":true,"jetpack_social_post_already_shared":false,"jetpack_social_options":{"image_generator_settings":{"template":"highway","default_image_id":0,"font":"","enabled":false},"version":2}},"categories":[633],"tags":[95,2250,3,682,3942,966,293,3943,323,2866,1792,1817,3959],"coauthors":[695],"class_list":["post-26747","post","type-post","status-publish","format-standard","has-post-thumbnail","hentry","category-nachrichten","tag-bremen","tag-clubnight","tag-festival","tag-festivals","tag-jazzahead-2022","tag-jazzahead-bremen","tag-jazzwerkstatt","tag-kanada","tag-konzerte","tag-livekonzerte","tag-pablo-held","tag-pablo-held-trio","tag-york"],"yoast_head":"<!-- This site is optimized with the Yoast SEO plugin v27.5 - https:\/\/yoast.com\/product\/yoast-seo-wordpress\/ -->\n<title>+++ news +++ jazzahead!Festival Bremen: CLUBNIGHT +++ Jazzwerkstatt startet mit Livekonzerten +++ - JazzZeitung<\/title>\n<meta name=\"robots\" content=\"index, follow, max-snippet:-1, max-image-preview:large, max-video-preview:-1\" \/>\n<link rel=\"canonical\" href=\"https:\/\/www.jazzzeitung.de\/cms\/2022\/02\/news-jazzaheadfestival-bremen-clubnight-jazzwerkstatt-startet-mit-livekonzerten\/\" \/>\n<meta property=\"og:locale\" content=\"de_DE\" \/>\n<meta property=\"og:type\" content=\"article\" \/>\n<meta property=\"og:title\" content=\"+++ news +++ jazzahead!Festival Bremen: CLUBNIGHT +++ Jazzwerkstatt startet mit Livekonzerten +++ - JazzZeitung\" \/>\n<meta property=\"og:description\" content=\"Jazzahead! Festival in Bremen: \u00dcber 20 Spielst\u00e4tten bei der CLUBNIGHT Wenn am 30. April in Bremen die CLUBNIGHT stattfindet, geh\u00f6ren Diversit\u00e4t der Spielst\u00e4tten und des Programms ins Zentrum. Es wird davon ausgegangen, dass die Besucher*innen ihre individuellen Touren w\u00e4hrend der CLUBNIGHT, dem gr\u00f6\u00dften Event auf der Messe, st\u00e4rker planen werden. In diesem Zusammenhang ist ein neues Ticket-Konzept vorgesehen: Statt einem gemeinsamen CLUBNIGHT-Ticket f\u00fcr alle Veranstaltungen, bietet jede Spielst\u00e4tte ihr eigenes Ticket an. F\u00fcr die einfachere Planbarkeit wird es ab Ende Februar einen Ticketshop geben, der\u00a0 \u00fcber die Webseite der jazzahead! und bei Nordwest Ticket zu finden sein wird. Kanada wird als diesj\u00e4hriges Gastland des Festivals auch bei der CLUBNIGHT pr\u00e4sent sein. Mehrere kanadische Acts werden im Metropol Theater und in der Schaulust auftreten. Weitere Informationen ab Ende Februar unter: www.jazzahead.de Jazzwerkstatt startet wieder mit Livekonzerten Am 20. und 21. Februar spielen das Pablo Held Trio sowie Tim Berne und Matt Mitchel im Rahmen der Reihe \u201eNew York Journey&#8220; im Institut Fran\u00e7ais Berlin. Die Jazzwerkstatt startet somit wieder mit Livekonzerten in vielen verschiedenen St\u00e4dten Deutschlands. Es folgen Konzerte mit weiteren K\u00fcnstler*innen am 25. Februar und am &hellip;\" \/>\n<meta property=\"og:url\" content=\"https:\/\/www.jazzzeitung.de\/cms\/2022\/02\/news-jazzaheadfestival-bremen-clubnight-jazzwerkstatt-startet-mit-livekonzerten\/\" \/>\n<meta property=\"og:site_name\" content=\"JazzZeitung\" \/>\n<meta property=\"article:publisher\" content=\"https:\/\/www.facebook.com\/JazzZeitung\/\" \/>\n<meta property=\"article:published_time\" content=\"2022-02-22T15:00:44+00:00\" \/>\n<meta property=\"og:image\" content=\"https:\/\/i0.wp.com\/www.jazzzeitung.de\/cms\/wp-content\/uploads\/2022\/02\/Clubnight_TheaterBremen-c-Nikolai-Wolff-scaled.jpg?fit=2560%2C1707&ssl=1\" \/>\n\t<meta property=\"og:image:width\" content=\"2560\" \/>\n\t<meta property=\"og:image:height\" content=\"1707\" \/>\n\t<meta property=\"og:image:type\" content=\"image\/jpeg\" \/>\n<meta name=\"author\" content=\"Redaktion JazzZeitung\" \/>\n<script type=\"application\/ld+json\" class=\"yoast-schema-graph\">{\"@context\":\"https:\\\/\\\/schema.org\",\"@graph\":[{\"@type\":\"Article\",\"@id\":\"https:\\\/\\\/www.jazzzeitung.de\\\/cms\\\/2022\\\/02\\\/news-jazzaheadfestival-bremen-clubnight-jazzwerkstatt-startet-mit-livekonzerten\\\/#article\",\"isPartOf\":{\"@id\":\"https:\\\/\\\/www.jazzzeitung.de\\\/cms\\\/2022\\\/02\\\/news-jazzaheadfestival-bremen-clubnight-jazzwerkstatt-startet-mit-livekonzerten\\\/\"},\"author\":{\"name\":\"Redaktion JazzZeitung\",\"@id\":\"https:\\\/\\\/www.jazzzeitung.de\\\/cms\\\/#\\\/schema\\\/person\\\/2245b36b9cd1d24cea10f01c031fb92b\"},\"headline\":\"+++ news +++ jazzahead!Festival Bremen: CLUBNIGHT +++ Jazzwerkstatt startet mit Livekonzerten +++\",\"datePublished\":\"2022-02-22T15:00:44+00:00\",\"mainEntityOfPage\":{\"@id\":\"https:\\\/\\\/www.jazzzeitung.de\\\/cms\\\/2022\\\/02\\\/news-jazzaheadfestival-bremen-clubnight-jazzwerkstatt-startet-mit-livekonzerten\\\/\"},\"wordCount\":226,\"commentCount\":0,\"publisher\":{\"@id\":\"https:\\\/\\\/www.jazzzeitung.de\\\/cms\\\/#organization\"},\"image\":{\"@id\":\"https:\\\/\\\/www.jazzzeitung.de\\\/cms\\\/2022\\\/02\\\/news-jazzaheadfestival-bremen-clubnight-jazzwerkstatt-startet-mit-livekonzerten\\\/#primaryimage\"},\"thumbnailUrl\":\"https:\\\/\\\/i0.wp.com\\\/www.jazzzeitung.de\\\/cms\\\/wp-content\\\/uploads\\\/2022\\\/02\\\/Clubnight_TheaterBremen-c-Nikolai-Wolff-scaled.jpg?fit=2560%2C1707&ssl=1\",\"keywords\":[\"Bremen\",\"CLUBNIGHT\",\"Festival\",\"Festivals\",\"Jazzahead! 2022\",\"jazzahead! Bremen\",\"Jazzwerkstatt\",\"Kanada\",\"Konzerte\",\"Livekonzerte\",\"Pablo Held\",\"Pablo Held Trio\",\"York\"],\"articleSection\":[\"News\"],\"inLanguage\":\"de\",\"potentialAction\":[{\"@type\":\"CommentAction\",\"name\":\"Comment\",\"target\":[\"https:\\\/\\\/www.jazzzeitung.de\\\/cms\\\/2022\\\/02\\\/news-jazzaheadfestival-bremen-clubnight-jazzwerkstatt-startet-mit-livekonzerten\\\/#respond\"]}]},{\"@type\":\"WebPage\",\"@id\":\"https:\\\/\\\/www.jazzzeitung.de\\\/cms\\\/2022\\\/02\\\/news-jazzaheadfestival-bremen-clubnight-jazzwerkstatt-startet-mit-livekonzerten\\\/\",\"url\":\"https:\\\/\\\/www.jazzzeitung.de\\\/cms\\\/2022\\\/02\\\/news-jazzaheadfestival-bremen-clubnight-jazzwerkstatt-startet-mit-livekonzerten\\\/\",\"name\":\"+++ news +++ jazzahead!Festival Bremen: CLUBNIGHT +++ Jazzwerkstatt startet mit Livekonzerten +++ - JazzZeitung\",\"isPartOf\":{\"@id\":\"https:\\\/\\\/www.jazzzeitung.de\\\/cms\\\/#website\"},\"primaryImageOfPage\":{\"@id\":\"https:\\\/\\\/www.jazzzeitung.de\\\/cms\\\/2022\\\/02\\\/news-jazzaheadfestival-bremen-clubnight-jazzwerkstatt-startet-mit-livekonzerten\\\/#primaryimage\"},\"image\":{\"@id\":\"https:\\\/\\\/www.jazzzeitung.de\\\/cms\\\/2022\\\/02\\\/news-jazzaheadfestival-bremen-clubnight-jazzwerkstatt-startet-mit-livekonzerten\\\/#primaryimage\"},\"thumbnailUrl\":\"https:\\\/\\\/i0.wp.com\\\/www.jazzzeitung.de\\\/cms\\\/wp-content\\\/uploads\\\/2022\\\/02\\\/Clubnight_TheaterBremen-c-Nikolai-Wolff-scaled.jpg?fit=2560%2C1707&ssl=1\",\"datePublished\":\"2022-02-22T15:00:44+00:00\",\"breadcrumb\":{\"@id\":\"https:\\\/\\\/www.jazzzeitung.de\\\/cms\\\/2022\\\/02\\\/news-jazzaheadfestival-bremen-clubnight-jazzwerkstatt-startet-mit-livekonzerten\\\/#breadcrumb\"},\"inLanguage\":\"de\",\"potentialAction\":[{\"@type\":\"ReadAction\",\"target\":[\"https:\\\/\\\/www.jazzzeitung.de\\\/cms\\\/2022\\\/02\\\/news-jazzaheadfestival-bremen-clubnight-jazzwerkstatt-startet-mit-livekonzerten\\\/\"]}]},{\"@type\":\"ImageObject\",\"inLanguage\":\"de\",\"@id\":\"https:\\\/\\\/www.jazzzeitung.de\\\/cms\\\/2022\\\/02\\\/news-jazzaheadfestival-bremen-clubnight-jazzwerkstatt-startet-mit-livekonzerten\\\/#primaryimage\",\"url\":\"https:\\\/\\\/i0.wp.com\\\/www.jazzzeitung.de\\\/cms\\\/wp-content\\\/uploads\\\/2022\\\/02\\\/Clubnight_TheaterBremen-c-Nikolai-Wolff-scaled.jpg?fit=2560%2C1707&ssl=1\",\"contentUrl\":\"https:\\\/\\\/i0.wp.com\\\/www.jazzzeitung.de\\\/cms\\\/wp-content\\\/uploads\\\/2022\\\/02\\\/Clubnight_TheaterBremen-c-Nikolai-Wolff-scaled.jpg?fit=2560%2C1707&ssl=1\",\"width\":2560,\"height\":1707,\"caption\":\"jazzahead! Clubnight: Bobby Rausch im Theater Bremen\\\/Kleines Haus, 27.4.2019\"},{\"@type\":\"BreadcrumbList\",\"@id\":\"https:\\\/\\\/www.jazzzeitung.de\\\/cms\\\/2022\\\/02\\\/news-jazzaheadfestival-bremen-clubnight-jazzwerkstatt-startet-mit-livekonzerten\\\/#breadcrumb\",\"itemListElement\":[{\"@type\":\"ListItem\",\"position\":1,\"name\":\"Startseite\",\"item\":\"https:\\\/\\\/www.jazzzeitung.de\\\/cms\\\/\"},{\"@type\":\"ListItem\",\"position\":2,\"name\":\"+++ news +++ jazzahead!Festival Bremen: CLUBNIGHT +++ Jazzwerkstatt startet mit Livekonzerten +++\"}]},{\"@type\":\"WebSite\",\"@id\":\"https:\\\/\\\/www.jazzzeitung.de\\\/cms\\\/#website\",\"url\":\"https:\\\/\\\/www.jazzzeitung.de\\\/cms\\\/\",\"name\":\"JazzZeitung\",\"description\":\"Jazz-News und Jazz-Kontroverses\",\"publisher\":{\"@id\":\"https:\\\/\\\/www.jazzzeitung.de\\\/cms\\\/#organization\"},\"potentialAction\":[{\"@type\":\"SearchAction\",\"target\":{\"@type\":\"EntryPoint\",\"urlTemplate\":\"https:\\\/\\\/www.jazzzeitung.de\\\/cms\\\/?s={search_term_string}\"},\"query-input\":{\"@type\":\"PropertyValueSpecification\",\"valueRequired\":true,\"valueName\":\"search_term_string\"}}],\"inLanguage\":\"de\"},{\"@type\":\"Organization\",\"@id\":\"https:\\\/\\\/www.jazzzeitung.de\\\/cms\\\/#organization\",\"name\":\"JazzZeitung online\",\"url\":\"https:\\\/\\\/www.jazzzeitung.de\\\/cms\\\/\",\"logo\":{\"@type\":\"ImageObject\",\"inLanguage\":\"de\",\"@id\":\"https:\\\/\\\/www.jazzzeitung.de\\\/cms\\\/#\\\/schema\\\/logo\\\/image\\\/\",\"url\":\"https:\\\/\\\/i0.wp.com\\\/www.jazzzeitung.de\\\/cms\\\/wp-content\\\/uploads\\\/2015\\\/08\\\/JAZZZEITUNGDE_Logo_Neu.png?fit=499%2C200&ssl=1\",\"contentUrl\":\"https:\\\/\\\/i0.wp.com\\\/www.jazzzeitung.de\\\/cms\\\/wp-content\\\/uploads\\\/2015\\\/08\\\/JAZZZEITUNGDE_Logo_Neu.png?fit=499%2C200&ssl=1\",\"width\":499,\"height\":200,\"caption\":\"JazzZeitung online\"},\"image\":{\"@id\":\"https:\\\/\\\/www.jazzzeitung.de\\\/cms\\\/#\\\/schema\\\/logo\\\/image\\\/\"},\"sameAs\":[\"https:\\\/\\\/www.facebook.com\\\/JazzZeitung\\\/\"]},{\"@type\":\"Person\",\"@id\":\"https:\\\/\\\/www.jazzzeitung.de\\\/cms\\\/#\\\/schema\\\/person\\\/2245b36b9cd1d24cea10f01c031fb92b\",\"name\":\"Redaktion JazzZeitung\",\"image\":{\"@type\":\"ImageObject\",\"inLanguage\":\"de\",\"@id\":\"https:\\\/\\\/i0.wp.com\\\/www.jazzzeitung.de\\\/cms\\\/wp-content\\\/uploads\\\/2015\\\/08\\\/JAZZZEITUNGDE_Logo_Neu.png?resize=96%2C96&ssl=159975dcacb611b5700bd619b5daf0a7a\",\"url\":\"https:\\\/\\\/i0.wp.com\\\/www.jazzzeitung.de\\\/cms\\\/wp-content\\\/uploads\\\/2015\\\/08\\\/JAZZZEITUNGDE_Logo_Neu.png?resize=96%2C96&ssl=1\",\"contentUrl\":\"https:\\\/\\\/i0.wp.com\\\/www.jazzzeitung.de\\\/cms\\\/wp-content\\\/uploads\\\/2015\\\/08\\\/JAZZZEITUNGDE_Logo_Neu.png?resize=96%2C96&ssl=1\",\"caption\":\"Redaktion JazzZeitung\"},\"description\":\"Artikel der Redaktion der JazzZeitung.\",\"sameAs\":[\"http:\\\/\\\/www.jazzzeitung.de\\\/cms\\\/\"],\"url\":\"https:\\\/\\\/www.jazzzeitung.de\\\/cms\\\/author\\\/redaktion\\\/\"}]}<\/script>\n<!-- \/ Yoast SEO plugin. -->","yoast_head_json":{"title":"+++ news +++ jazzahead!Festival Bremen: CLUBNIGHT +++ Jazzwerkstatt startet mit Livekonzerten +++ - JazzZeitung","robots":{"index":"index","follow":"follow","max-snippet":"max-snippet:-1","max-image-preview":"max-image-preview:large","max-video-preview":"max-video-preview:-1"},"canonical":"https:\/\/www.jazzzeitung.de\/cms\/2022\/02\/news-jazzaheadfestival-bremen-clubnight-jazzwerkstatt-startet-mit-livekonzerten\/","og_locale":"de_DE","og_type":"article","og_title":"+++ news +++ jazzahead!Festival Bremen: CLUBNIGHT +++ Jazzwerkstatt startet mit Livekonzerten +++ - JazzZeitung","og_description":"Jazzahead! Festival in Bremen: \u00dcber 20 Spielst\u00e4tten bei der CLUBNIGHT Wenn am 30. April in Bremen die CLUBNIGHT stattfindet, geh\u00f6ren Diversit\u00e4t der Spielst\u00e4tten und des Programms ins Zentrum. Es wird davon ausgegangen, dass die Besucher*innen ihre individuellen Touren w\u00e4hrend der CLUBNIGHT, dem gr\u00f6\u00dften Event auf der Messe, st\u00e4rker planen werden. In diesem Zusammenhang ist ein neues Ticket-Konzept vorgesehen: Statt einem gemeinsamen CLUBNIGHT-Ticket f\u00fcr alle Veranstaltungen, bietet jede Spielst\u00e4tte ihr eigenes Ticket an. F\u00fcr die einfachere Planbarkeit wird es ab Ende Februar einen Ticketshop geben, der\u00a0 \u00fcber die Webseite der jazzahead! und bei Nordwest Ticket zu finden sein wird. Kanada wird als diesj\u00e4hriges Gastland des Festivals auch bei der CLUBNIGHT pr\u00e4sent sein. Mehrere kanadische Acts werden im Metropol Theater und in der Schaulust auftreten. Weitere Informationen ab Ende Februar unter: www.jazzahead.de Jazzwerkstatt startet wieder mit Livekonzerten Am 20. und 21. Februar spielen das Pablo Held Trio sowie Tim Berne und Matt Mitchel im Rahmen der Reihe \u201eNew York Journey&#8220; im Institut Fran\u00e7ais Berlin. Die Jazzwerkstatt startet somit wieder mit Livekonzerten in vielen verschiedenen St\u00e4dten Deutschlands. Es folgen Konzerte mit weiteren K\u00fcnstler*innen am 25. Februar und am &hellip;","og_url":"https:\/\/www.jazzzeitung.de\/cms\/2022\/02\/news-jazzaheadfestival-bremen-clubnight-jazzwerkstatt-startet-mit-livekonzerten\/","og_site_name":"JazzZeitung","article_publisher":"https:\/\/www.facebook.com\/JazzZeitung\/","article_published_time":"2022-02-22T15:00:44+00:00","og_image":[{"width":2560,"height":1707,"url":"https:\/\/i0.wp.com\/www.jazzzeitung.de\/cms\/wp-content\/uploads\/2022\/02\/Clubnight_TheaterBremen-c-Nikolai-Wolff-scaled.jpg?fit=2560%2C1707&ssl=1","type":"image\/jpeg"}],"author":"Redaktion JazzZeitung","schema":{"@context":"https:\/\/schema.org","@graph":[{"@type":"Article","@id":"https:\/\/www.jazzzeitung.de\/cms\/2022\/02\/news-jazzaheadfestival-bremen-clubnight-jazzwerkstatt-startet-mit-livekonzerten\/#article","isPartOf":{"@id":"https:\/\/www.jazzzeitung.de\/cms\/2022\/02\/news-jazzaheadfestival-bremen-clubnight-jazzwerkstatt-startet-mit-livekonzerten\/"},"author":{"name":"Redaktion JazzZeitung","@id":"https:\/\/www.jazzzeitung.de\/cms\/#\/schema\/person\/2245b36b9cd1d24cea10f01c031fb92b"},"headline":"+++ news +++ jazzahead!Festival Bremen: CLUBNIGHT +++ Jazzwerkstatt startet mit Livekonzerten +++","datePublished":"2022-02-22T15:00:44+00:00","mainEntityOfPage":{"@id":"https:\/\/www.jazzzeitung.de\/cms\/2022\/02\/news-jazzaheadfestival-bremen-clubnight-jazzwerkstatt-startet-mit-livekonzerten\/"},"wordCount":226,"commentCount":0,"publisher":{"@id":"https:\/\/www.jazzzeitung.de\/cms\/#organization"},"image":{"@id":"https:\/\/www.jazzzeitung.de\/cms\/2022\/02\/news-jazzaheadfestival-bremen-clubnight-jazzwerkstatt-startet-mit-livekonzerten\/#primaryimage"},"thumbnailUrl":"https:\/\/i0.wp.com\/www.jazzzeitung.de\/cms\/wp-content\/uploads\/2022\/02\/Clubnight_TheaterBremen-c-Nikolai-Wolff-scaled.jpg?fit=2560%2C1707&ssl=1","keywords":["Bremen","CLUBNIGHT","Festival","Festivals","Jazzahead! 2022","jazzahead! Bremen","Jazzwerkstatt","Kanada","Konzerte","Livekonzerte","Pablo Held","Pablo Held Trio","York"],"articleSection":["News"],"inLanguage":"de","potentialAction":[{"@type":"CommentAction","name":"Comment","target":["https:\/\/www.jazzzeitung.de\/cms\/2022\/02\/news-jazzaheadfestival-bremen-clubnight-jazzwerkstatt-startet-mit-livekonzerten\/#respond"]}]},{"@type":"WebPage","@id":"https:\/\/www.jazzzeitung.de\/cms\/2022\/02\/news-jazzaheadfestival-bremen-clubnight-jazzwerkstatt-startet-mit-livekonzerten\/","url":"https:\/\/www.jazzzeitung.de\/cms\/2022\/02\/news-jazzaheadfestival-bremen-clubnight-jazzwerkstatt-startet-mit-livekonzerten\/","name":"+++ news +++ jazzahead!Festival Bremen: CLUBNIGHT +++ Jazzwerkstatt startet mit Livekonzerten +++ - JazzZeitung","isPartOf":{"@id":"https:\/\/www.jazzzeitung.de\/cms\/#website"},"primaryImageOfPage":{"@id":"https:\/\/www.jazzzeitung.de\/cms\/2022\/02\/news-jazzaheadfestival-bremen-clubnight-jazzwerkstatt-startet-mit-livekonzerten\/#primaryimage"},"image":{"@id":"https:\/\/www.jazzzeitung.de\/cms\/2022\/02\/news-jazzaheadfestival-bremen-clubnight-jazzwerkstatt-startet-mit-livekonzerten\/#primaryimage"},"thumbnailUrl":"https:\/\/i0.wp.com\/www.jazzzeitung.de\/cms\/wp-content\/uploads\/2022\/02\/Clubnight_TheaterBremen-c-Nikolai-Wolff-scaled.jpg?fit=2560%2C1707&ssl=1","datePublished":"2022-02-22T15:00:44+00:00","breadcrumb":{"@id":"https:\/\/www.jazzzeitung.de\/cms\/2022\/02\/news-jazzaheadfestival-bremen-clubnight-jazzwerkstatt-startet-mit-livekonzerten\/#breadcrumb"},"inLanguage":"de","potentialAction":[{"@type":"ReadAction","target":["https:\/\/www.jazzzeitung.de\/cms\/2022\/02\/news-jazzaheadfestival-bremen-clubnight-jazzwerkstatt-startet-mit-livekonzerten\/"]}]},{"@type":"ImageObject","inLanguage":"de","@id":"https:\/\/www.jazzzeitung.de\/cms\/2022\/02\/news-jazzaheadfestival-bremen-clubnight-jazzwerkstatt-startet-mit-livekonzerten\/#primaryimage","url":"https:\/\/i0.wp.com\/www.jazzzeitung.de\/cms\/wp-content\/uploads\/2022\/02\/Clubnight_TheaterBremen-c-Nikolai-Wolff-scaled.jpg?fit=2560%2C1707&ssl=1","contentUrl":"https:\/\/i0.wp.com\/www.jazzzeitung.de\/cms\/wp-content\/uploads\/2022\/02\/Clubnight_TheaterBremen-c-Nikolai-Wolff-scaled.jpg?fit=2560%2C1707&ssl=1","width":2560,"height":1707,"caption":"jazzahead! Clubnight: Bobby Rausch im Theater Bremen\/Kleines Haus, 27.4.2019"},{"@type":"BreadcrumbList","@id":"https:\/\/www.jazzzeitung.de\/cms\/2022\/02\/news-jazzaheadfestival-bremen-clubnight-jazzwerkstatt-startet-mit-livekonzerten\/#breadcrumb","itemListElement":[{"@type":"ListItem","position":1,"name":"Startseite","item":"https:\/\/www.jazzzeitung.de\/cms\/"},{"@type":"ListItem","position":2,"name":"+++ news +++ jazzahead!Festival Bremen: CLUBNIGHT +++ Jazzwerkstatt startet mit Livekonzerten +++"}]},{"@type":"WebSite","@id":"https:\/\/www.jazzzeitung.de\/cms\/#website","url":"https:\/\/www.jazzzeitung.de\/cms\/","name":"JazzZeitung","description":"Jazz-News und Jazz-Kontroverses","publisher":{"@id":"https:\/\/www.jazzzeitung.de\/cms\/#organization"},"potentialAction":[{"@type":"SearchAction","target":{"@type":"EntryPoint","urlTemplate":"https:\/\/www.jazzzeitung.de\/cms\/?s={search_term_string}"},"query-input":{"@type":"PropertyValueSpecification","valueRequired":true,"valueName":"search_term_string"}}],"inLanguage":"de"},{"@type":"Organization","@id":"https:\/\/www.jazzzeitung.de\/cms\/#organization","name":"JazzZeitung online","url":"https:\/\/www.jazzzeitung.de\/cms\/","logo":{"@type":"ImageObject","inLanguage":"de","@id":"https:\/\/www.jazzzeitung.de\/cms\/#\/schema\/logo\/image\/","url":"https:\/\/i0.wp.com\/www.jazzzeitung.de\/cms\/wp-content\/uploads\/2015\/08\/JAZZZEITUNGDE_Logo_Neu.png?fit=499%2C200&ssl=1","contentUrl":"https:\/\/i0.wp.com\/www.jazzzeitung.de\/cms\/wp-content\/uploads\/2015\/08\/JAZZZEITUNGDE_Logo_Neu.png?fit=499%2C200&ssl=1","width":499,"height":200,"caption":"JazzZeitung online"},"image":{"@id":"https:\/\/www.jazzzeitung.de\/cms\/#\/schema\/logo\/image\/"},"sameAs":["https:\/\/www.facebook.com\/JazzZeitung\/"]},{"@type":"Person","@id":"https:\/\/www.jazzzeitung.de\/cms\/#\/schema\/person\/2245b36b9cd1d24cea10f01c031fb92b","name":"Redaktion JazzZeitung","image":{"@type":"ImageObject","inLanguage":"de","@id":"https:\/\/i0.wp.com\/www.jazzzeitung.de\/cms\/wp-content\/uploads\/2015\/08\/JAZZZEITUNGDE_Logo_Neu.png?resize=96%2C96&ssl=159975dcacb611b5700bd619b5daf0a7a","url":"https:\/\/i0.wp.com\/www.jazzzeitung.de\/cms\/wp-content\/uploads\/2015\/08\/JAZZZEITUNGDE_Logo_Neu.png?resize=96%2C96&ssl=1","contentUrl":"https:\/\/i0.wp.com\/www.jazzzeitung.de\/cms\/wp-content\/uploads\/2015\/08\/JAZZZEITUNGDE_Logo_Neu.png?resize=96%2C96&ssl=1","caption":"Redaktion JazzZeitung"},"description":"Artikel der Redaktion der JazzZeitung.","sameAs":["http:\/\/www.jazzzeitung.de\/cms\/"],"url":"https:\/\/www.jazzzeitung.de\/cms\/author\/redaktion\/"}]}},"wp-worthy-pixel":{"ignored":false,"public":null,"server":null,"url":null},"wp-worthy-type":"normal","jetpack_publicize_connections":[],"cc_featured_image_caption":{"caption_text":"","source_text":"","source_url":""},"jetpack_featured_media_url":"https:\/\/i0.wp.com\/www.jazzzeitung.de\/cms\/wp-content\/uploads\/2022\/02\/Clubnight_TheaterBremen-c-Nikolai-Wolff-scaled.jpg?fit=2560%2C1707&ssl=1","jetpack_shortlink":"https:\/\/wp.me\/p3KEcT-6Xp","jetpack-related-posts":[{"id":19285,"url":"https:\/\/www.jazzzeitung.de\/cms\/2019\/04\/jazzahead-clubnight-macht-station-beim-hfk-jazzclub\/","url_meta":{"origin":26747,"position":0},"title":"jazzahead! CLUBNIGHT macht Station beim HfK-Jazzclub","author":"Redaktion JazzZeitung","date":"24. April 2019","format":false,"excerpt":"Die Jazzabteilung der Hochschule f\u00fcr K\u00fcnste Bremen bereichert seit mehr als 25 Jahren die Szene und sieht sich als Groove- und Ideenschmiede f\u00fcr Jazz im Norden. Renommierte Dozierende, diverse Band- und Ensemblem\u00f6glichkeiten, das New Dimensions Festival, ein eigener Jazzclub und Master-Classes mit internationalen Stars machen die Bremer Jazzabteilung zum Leuchtturm.\u2026","rel":"","context":"In &quot;News&quot;","block_context":{"text":"News","link":"https:\/\/www.jazzzeitung.de\/cms\/thema\/nachrichten\/"},"img":{"alt_text":"","src":"https:\/\/i0.wp.com\/www.jazzzeitung.de\/cms\/wp-content\/uploads\/2019\/04\/Rainbow-Trio-%C2%A9-Rich-Serra.jpg?fit=1200%2C800&ssl=1&resize=350%2C200","width":350,"height":200,"srcset":"https:\/\/i0.wp.com\/www.jazzzeitung.de\/cms\/wp-content\/uploads\/2019\/04\/Rainbow-Trio-%C2%A9-Rich-Serra.jpg?fit=1200%2C800&ssl=1&resize=350%2C200 1x, https:\/\/i0.wp.com\/www.jazzzeitung.de\/cms\/wp-content\/uploads\/2019\/04\/Rainbow-Trio-%C2%A9-Rich-Serra.jpg?fit=1200%2C800&ssl=1&resize=525%2C300 1.5x, https:\/\/i0.wp.com\/www.jazzzeitung.de\/cms\/wp-content\/uploads\/2019\/04\/Rainbow-Trio-%C2%A9-Rich-Serra.jpg?fit=1200%2C800&ssl=1&resize=700%2C400 2x, https:\/\/i0.wp.com\/www.jazzzeitung.de\/cms\/wp-content\/uploads\/2019\/04\/Rainbow-Trio-%C2%A9-Rich-Serra.jpg?fit=1200%2C800&ssl=1&resize=1050%2C600 3x"},"classes":[]},{"id":9007,"url":"https:\/\/www.jazzzeitung.de\/cms\/2016\/04\/jazzahead-macht-bremen-wieder-zur-jazzmetropole\/","url_meta":{"origin":26747,"position":1},"title":"Jazzahead! macht Bremen wieder zur Jazzmetropole","author":"Redaktion JazzZeitung","date":"22. April 2016","format":false,"excerpt":"Weltgr\u00f6\u00dfter Jazz-Branchentreff in der Hansestadt er\u00f6ffnet - die 11. Ausgabe der jazzahead! wurde heute am fr\u00fchen Abend in Bremen er\u00f6ffnet. Bei der offiziellen Er\u00f6ffnungsfeier kamen G\u00e4ste aus Bremen, Berlin und dem Partnerland Schweiz sowie die internationalen Aussteller und Teilnehmer zusammen. Als besonderer Gast konnte zudem die Schweizer Botschafterin f\u00fcr Deutschland\u2026","rel":"","context":"In &quot;News&quot;","block_context":{"text":"News","link":"https:\/\/www.jazzzeitung.de\/cms\/thema\/nachrichten\/"},"img":{"alt_text":"Erika_stucky_jazzahead__c_IngoWagner_MesseBremen","src":"https:\/\/i0.wp.com\/www.jazzzeitung.de\/cms\/wp-content\/uploads\/2016\/04\/Erika_stucky_jazzahead__c_IngoWagner_MesseBremen-859x600.jpg?resize=350%2C200","width":350,"height":200,"srcset":"https:\/\/i0.wp.com\/www.jazzzeitung.de\/cms\/wp-content\/uploads\/2016\/04\/Erika_stucky_jazzahead__c_IngoWagner_MesseBremen-859x600.jpg?resize=350%2C200 1x, https:\/\/i0.wp.com\/www.jazzzeitung.de\/cms\/wp-content\/uploads\/2016\/04\/Erika_stucky_jazzahead__c_IngoWagner_MesseBremen-859x600.jpg?resize=525%2C300 1.5x"},"classes":[]},{"id":22172,"url":"https:\/\/www.jazzzeitung.de\/cms\/2020\/03\/jazzahead-2020-wird-abgesagt-und-2021-nachgeholt\/","url_meta":{"origin":26747,"position":2},"title":"jazzahead! 2020 wird abgesagt und erst im Mai 2021 nachgeholt","author":"Redaktion JazzZeitung","date":"20. M\u00e4rz 2020","format":false,"excerpt":"Die jazzahead! 2020 wird abgesagt, dies gab die Bremer Messegesellschaft heute bekannt. Die Entscheidung begr\u00fcndet Hans Peter Schneider, Gesch\u00e4ftsf\u00fchrer der M3B GmbH, zu der die Messe Bremen geh\u00f6rt, wie folgt: \u201eDie jazzahead! lebt vom internationalen Austausch und von Begegnungen \u2013 dies wird in Corona-Zeiten leider nicht m\u00f6glich sein, auch Ende\u2026","rel":"","context":"In &quot;News&quot;","block_context":{"text":"News","link":"https:\/\/www.jazzzeitung.de\/cms\/thema\/nachrichten\/"},"img":{"alt_text":"","src":"https:\/\/i0.wp.com\/www.jazzzeitung.de\/cms\/wp-content\/uploads\/2017\/04\/001_Foto-van-Loon.jpg?fit=1200%2C801&ssl=1&resize=350%2C200","width":350,"height":200,"srcset":"https:\/\/i0.wp.com\/www.jazzzeitung.de\/cms\/wp-content\/uploads\/2017\/04\/001_Foto-van-Loon.jpg?fit=1200%2C801&ssl=1&resize=350%2C200 1x, https:\/\/i0.wp.com\/www.jazzzeitung.de\/cms\/wp-content\/uploads\/2017\/04\/001_Foto-van-Loon.jpg?fit=1200%2C801&ssl=1&resize=525%2C300 1.5x, https:\/\/i0.wp.com\/www.jazzzeitung.de\/cms\/wp-content\/uploads\/2017\/04\/001_Foto-van-Loon.jpg?fit=1200%2C801&ssl=1&resize=700%2C400 2x, https:\/\/i0.wp.com\/www.jazzzeitung.de\/cms\/wp-content\/uploads\/2017\/04\/001_Foto-van-Loon.jpg?fit=1200%2C801&ssl=1&resize=1050%2C600 3x"},"classes":[]},{"id":24006,"url":"https:\/\/www.jazzzeitung.de\/cms\/2020\/12\/fachmesse-jazzahead-startet-2021-online-man-hofft-aber-auch-auf-konzerte-vor-publikum\/","url_meta":{"origin":26747,"position":3},"title":"Fachmesse jazzahead! startet 2021 online \u2013 man hofft aber auch auf Konzerte vor Publikum","author":"Redaktion JazzZeitung","date":"18. Dezember 2020","format":false,"excerpt":"Die 15. jazzahead!, die Jubil\u00e4umsausgabe der gr\u00f6\u00dften Jazz-Fachmesse der Welt, sollte urspr\u00fcnglich von Donnerstag bis Sonntag, 23. bis 26. April 2020, in den Hallen 6 und 7 der MESSE BREMEN stattfinden, das begleitende Festival von Freitag bis Sonntag, 17. bis 26. April 2020. Die gesamte Veranstaltung wurde wegen der Corona-Pandemie\u2026","rel":"","context":"In &quot;News&quot;","block_context":{"text":"News","link":"https:\/\/www.jazzzeitung.de\/cms\/thema\/nachrichten\/"},"img":{"alt_text":"","src":"https:\/\/i0.wp.com\/www.jazzzeitung.de\/cms\/wp-content\/uploads\/2020\/12\/Thomas-Koch.jpg?fit=800%2C1200&ssl=1&resize=350%2C200","width":350,"height":200,"srcset":"https:\/\/i0.wp.com\/www.jazzzeitung.de\/cms\/wp-content\/uploads\/2020\/12\/Thomas-Koch.jpg?fit=800%2C1200&ssl=1&resize=350%2C200 1x, https:\/\/i0.wp.com\/www.jazzzeitung.de\/cms\/wp-content\/uploads\/2020\/12\/Thomas-Koch.jpg?fit=800%2C1200&ssl=1&resize=525%2C300 1.5x, https:\/\/i0.wp.com\/www.jazzzeitung.de\/cms\/wp-content\/uploads\/2020\/12\/Thomas-Koch.jpg?fit=800%2C1200&ssl=1&resize=700%2C400 2x"},"classes":[]},{"id":4907,"url":"https:\/\/www.jazzzeitung.de\/cms\/2014\/11\/showcase-bewerbungsphase-fuer-jazzahead-endet-heute\/","url_meta":{"origin":26747,"position":4},"title":"Showcase-Bewerbungsphase f\u00fcr jazzahead endet heute","author":"Redaktion JazzZeitung","date":"11. November 2014","format":false,"excerpt":"Showcase-Bewerbungsphase endet am 11. November 2014 Bewerbungen f\u00fcr die 40 Showcases auf der zehnten jazzahead! k\u00f6nnen f\u00fcr die Module German Jazz Expo (K\u00fcnstler aus Deutschland), French Night (Jazz aus dem Partnerland 2015: Frankreich), European Jazz Meeting (europ\u00e4ische Jazzformationen) und Overseas Night (Jazz aus \u00dcbersee) eingereicht werden. Konditionen f\u00fcr eine Bewerbung\u2026","rel":"","context":"In &quot;News&quot;","block_context":{"text":"News","link":"https:\/\/www.jazzzeitung.de\/cms\/thema\/nachrichten\/"},"img":{"alt_text":"Staatsministerin f\u00fcr Kultur und Medien, Monika Gr\u00fctters, \u00fcbernimmt 2015 die Schirmherrschaft zur Jubil\u00e4umsausgabe der jazzahead! Foto: Christof Rieken","src":"https:\/\/i0.wp.com\/www.jazzzeitung.de\/cms\/wp-content\/uploads\/2014\/11\/Photo1-MonikaGr%C3%BCtters-c_Quelle-Christof-Rieken_800KB.jpg?fit=799%2C1200&ssl=1&resize=350%2C200","width":350,"height":200,"srcset":"https:\/\/i0.wp.com\/www.jazzzeitung.de\/cms\/wp-content\/uploads\/2014\/11\/Photo1-MonikaGr%C3%BCtters-c_Quelle-Christof-Rieken_800KB.jpg?fit=799%2C1200&ssl=1&resize=350%2C200 1x, https:\/\/i0.wp.com\/www.jazzzeitung.de\/cms\/wp-content\/uploads\/2014\/11\/Photo1-MonikaGr%C3%BCtters-c_Quelle-Christof-Rieken_800KB.jpg?fit=799%2C1200&ssl=1&resize=525%2C300 1.5x, https:\/\/i0.wp.com\/www.jazzzeitung.de\/cms\/wp-content\/uploads\/2014\/11\/Photo1-MonikaGr%C3%BCtters-c_Quelle-Christof-Rieken_800KB.jpg?fit=799%2C1200&ssl=1&resize=700%2C400 2x"},"classes":[]},{"id":26365,"url":"https:\/\/www.jazzzeitung.de\/cms\/2021\/12\/jazzahead-festival-2022-endlich-kanada-im-april-in-bremen50-jubilaeum-des-moers-festivals-im-juni-2022-irgendwann-ist-immer-morgenneuer-vorstand-im-jazzbuero-hamburg\/","url_meta":{"origin":26747,"position":5},"title":"+++Jazzahead Festival 2022 &#8222;Endlich Kanada&#8220; im April in Bremen+++50. Jubil\u00e4um des Moers-Festivals im Juni 2022 \u201eIrgendwann ist immer morgen\u201c+++Neuer Vorstand im Jazzb\u00fcro Hamburg+++","author":"Redaktion JazzZeitung","date":"10. Dezember 2021","format":false,"excerpt":"Jazzahead Festival 2022 im April in Bremen Vom 14. April bis 1. Mai findet das Festival \u201eJazzahead! 2022: Endlich Kanada\u201c erstmals als hybride Veranstaltung statt. Das Kooperationsprojekt findet in einem stadtweiten Musik- und Kulturprogramm seit 2006 in der MESSE BREMEN statt und gilt als weltgr\u00f6\u00dfter Branchentreff der Jazz-Szene. Seit 10\u2026","rel":"","context":"In &quot;News&quot;","block_context":{"text":"News","link":"https:\/\/www.jazzzeitung.de\/cms\/thema\/nachrichten\/"},"img":{"alt_text":"","src":"https:\/\/i0.wp.com\/www.jazzzeitung.de\/cms\/wp-content\/uploads\/2017\/04\/001_Foto-van-Loon.jpg?fit=1200%2C801&ssl=1&resize=350%2C200","width":350,"height":200,"srcset":"https:\/\/i0.wp.com\/www.jazzzeitung.de\/cms\/wp-content\/uploads\/2017\/04\/001_Foto-van-Loon.jpg?fit=1200%2C801&ssl=1&resize=350%2C200 1x, https:\/\/i0.wp.com\/www.jazzzeitung.de\/cms\/wp-content\/uploads\/2017\/04\/001_Foto-van-Loon.jpg?fit=1200%2C801&ssl=1&resize=525%2C300 1.5x, https:\/\/i0.wp.com\/www.jazzzeitung.de\/cms\/wp-content\/uploads\/2017\/04\/001_Foto-van-Loon.jpg?fit=1200%2C801&ssl=1&resize=700%2C400 2x, https:\/\/i0.wp.com\/www.jazzzeitung.de\/cms\/wp-content\/uploads\/2017\/04\/001_Foto-van-Loon.jpg?fit=1200%2C801&ssl=1&resize=1050%2C600 3x"},"classes":[]}],"jetpack_sharing_enabled":true,"_links":{"self":[{"href":"https:\/\/www.jazzzeitung.de\/cms\/wp-json\/wp\/v2\/posts\/26747","targetHints":{"allow":["GET"]}}],"collection":[{"href":"https:\/\/www.jazzzeitung.de\/cms\/wp-json\/wp\/v2\/posts"}],"about":[{"href":"https:\/\/www.jazzzeitung.de\/cms\/wp-json\/wp\/v2\/types\/post"}],"author":[{"embeddable":true,"href":"https:\/\/www.jazzzeitung.de\/cms\/wp-json\/wp\/v2\/users\/18"}],"replies":[{"embeddable":true,"href":"https:\/\/www.jazzzeitung.de\/cms\/wp-json\/wp\/v2\/comments?post=26747"}],"version-history":[{"count":2,"href":"https:\/\/www.jazzzeitung.de\/cms\/wp-json\/wp\/v2\/posts\/26747\/revisions"}],"predecessor-version":[{"id":26757,"href":"https:\/\/www.jazzzeitung.de\/cms\/wp-json\/wp\/v2\/posts\/26747\/revisions\/26757"}],"wp:featuredmedia":[{"embeddable":true,"href":"https:\/\/www.jazzzeitung.de\/cms\/wp-json\/wp\/v2\/media\/26756"}],"wp:attachment":[{"href":"https:\/\/www.jazzzeitung.de\/cms\/wp-json\/wp\/v2\/media?parent=26747"}],"wp:term":[{"taxonomy":"category","embeddable":true,"href":"https:\/\/www.jazzzeitung.de\/cms\/wp-json\/wp\/v2\/categories?post=26747"},{"taxonomy":"post_tag","embeddable":true,"href":"https:\/\/www.jazzzeitung.de\/cms\/wp-json\/wp\/v2\/tags?post=26747"},{"taxonomy":"author","embeddable":true,"href":"https:\/\/www.jazzzeitung.de\/cms\/wp-json\/wp\/v2\/coauthors?post=26747"}],"curies":[{"name":"wp","href":"https:\/\/api.w.org\/{rel}","templated":true}]}}