{"id":26730,"date":"2022-02-12T10:42:39","date_gmt":"2022-02-12T09:42:39","guid":{"rendered":"https:\/\/www.jazzzeitung.de\/cms\/?p=26730"},"modified":"2022-02-11T10:46:15","modified_gmt":"2022-02-11T09:46:15","slug":"gyoergy-szabados-und-eva-kanalas-cd-bewahrt-denkwuerdiges-konzert-von-1997-vor-dem-vergessen","status":"publish","type":"post","link":"https:\/\/www.jazzzeitung.de\/cms\/2022\/02\/gyoergy-szabados-und-eva-kanalas-cd-bewahrt-denkwuerdiges-konzert-von-1997-vor-dem-vergessen\/","title":{"rendered":"Gy\u00f6rgy Szabados und \u00c9va Kanalas: CD bewahrt denkw\u00fcrdiges Konzert von 1997 vor dem Vergessen"},"content":{"rendered":"<p>Vor 25 Jahren, am 15. Februar 1997, fand im Budapester Fon\u00f3 Musikhaus ein denkw\u00fcrdiges Konzert statt. Die dabei entstandenen Aufnahmen wurden k\u00fcrzlich unter dem Titel \u201eTengri \u2013 Mindens\u00e9g\u201c (etwa: Weltall \u2013 Allheit) von \u00c9va Kanalas privat ver\u00f6ffentlicht.<\/p>\n<p>Dieses Duo-Konzert, Improvisationen \u00fcber Volkslieder, vereinte den ungarischen Freejazz-Pionier und Pianisten Gy\u00f6rgy Szabados und die Volksmusiks\u00e4ngerin \u00c9va Kanalas. Der CD-Begleittext betont: \u201eDas Konzert von Gy\u00f6rgy Szabados und \u00c9va Kanalas brachte eine v\u00f6llig originelle Musikwelt zum Klingen.\u201c Szabados hob damals hervor, dass er von der starken, archaischen, reinen Klangwelt Maria Kanalas&#8216; zutiefst inspiriert sei. Die improvisierten Vokalisen der Kanalas basieren auf ihren Erfahrungen mit der vielf\u00e4ltigen Volksmusik aus dem weiten Tieflandraum (vor allem auch der Cs\u00e1ng\u00f3-Musik) und auf Gesangstechniken und Motiven einer bis nach Ostasien reichenden archaischen Klangwelt. Eine ihrer vorangegangenen privat herausgebrachten Ver\u00f6ffentlichungen hatte \u00c9va Kanalas bezeichnenderweise \u201eSounds from Shaman Time\u201c genannt, eine weitere hatte sie untertitelt mit \u201eNew Hungarian Shaman Songs\u201c.<\/p>\n<p>Der Begleittext zur hier nun vorliegenden CD erl\u00e4utert: \u201eDie von Kanalas streng strukturierten Volkslieder umh\u00fcllt Szabados mit der Welt seiner freien Musik auf der Ebene der musikalischen Poesie. Es scheint, dass Gy\u00f6rgy Szabados all dies langsam durchsiebt und in seine unverwechselbare Musik einbindet.\u201c Und man k\u00f6nne nur das Geh\u00f6r von \u00c9va Kanalas bewundern, diese unbeirrbare Selbstsicherheit, wie sie ihren Gesang in diesem gewobenen Umfeld so selbstverst\u00e4ndlich ert\u00f6nen l\u00e4sst. Dass das denkw\u00fcrdige Konzert von vor 25 Jahren nicht dem Vergessen anheimfallen muss, ist nun dieser CD-Ver\u00f6ffentlichung zu danken.<\/p>\n<p>Diese private Edition \u00c9va Kanalas\u2019 erfolgte mit Einverst\u00e4ndnis der Witwe Gy\u00f6rgy Szabados\u2019, Judit Szabados. Die CD kostet 15 Euro plus l\u00e4nderspezifische Transportkosten und ist bestellbar \u00fcber <a href=\"mailto:kanalaseva@gmail.com\">kanalaseva@gmail.com<\/a> .<\/p>\n<p>Text: Mathias B\u00e4umel<\/p>\n","protected":false},"excerpt":{"rendered":"<p>Vor 25 Jahren, am 15. Februar 1997, fand im Budapester Fon\u00f3 Musikhaus ein denkw\u00fcrdiges Konzert statt. Die dabei entstandenen Aufnahmen wurden k\u00fcrzlich unter dem Titel \u201eTengri \u2013 Mindens\u00e9g\u201c (etwa: Weltall \u2013 Allheit) von \u00c9va Kanalas privat ver\u00f6ffentlicht. Dieses Duo-Konzert, Improvisationen \u00fcber Volkslieder, vereinte den ungarischen Freejazz-Pionier und Pianisten Gy\u00f6rgy Szabados und die Volksmusiks\u00e4ngerin \u00c9va Kanalas. Der CD-Begleittext betont: \u201eDas Konzert von Gy\u00f6rgy Szabados und \u00c9va Kanalas brachte eine v\u00f6llig originelle Musikwelt zum Klingen.\u201c Szabados hob damals hervor, dass er von der starken, archaischen, reinen Klangwelt Maria Kanalas&#8216; zutiefst inspiriert sei. Die improvisierten Vokalisen der Kanalas basieren auf ihren Erfahrungen mit der vielf\u00e4ltigen Volksmusik aus dem weiten Tieflandraum (vor allem auch der Cs\u00e1ng\u00f3-Musik) und auf Gesangstechniken und Motiven einer bis nach Ostasien reichenden archaischen Klangwelt. Eine ihrer vorangegangenen privat herausgebrachten Ver\u00f6ffentlichungen hatte \u00c9va Kanalas bezeichnenderweise \u201eSounds from Shaman Time\u201c genannt, eine weitere hatte sie untertitelt mit \u201eNew Hungarian Shaman Songs\u201c. Der Begleittext zur hier nun vorliegenden CD erl\u00e4utert: \u201eDie von Kanalas streng strukturierten Volkslieder umh\u00fcllt Szabados mit der Welt seiner freien Musik auf der Ebene der musikalischen Poesie. Es scheint, dass Gy\u00f6rgy Szabados all dies langsam &hellip;<\/p>\n","protected":false},"author":18,"featured_media":26731,"comment_status":"open","ping_status":"closed","sticky":false,"template":"","format":"standard","meta":{"_jetpack_memberships_contains_paid_content":false,"footnotes":"","jetpack_publicize_message":"","jetpack_publicize_feature_enabled":true,"jetpack_social_post_already_shared":false,"jetpack_social_options":{"image_generator_settings":{"template":"highway","default_image_id":0,"font":"","enabled":false},"version":2}},"categories":[1152],"tags":[109,2157,3974,754,1422,3975,322,1156,2080,3976],"coauthors":[695],"class_list":["post-26730","post","type-post","status-publish","format-standard","has-post-thumbnail","hentry","category-rezension","tag-cd","tag-cd-tipp","tag-eva-kanalas","tag-free-jazz","tag-gesang","tag-gyoergy-szabados","tag-konzert-2","tag-mathias-baeumel","tag-pianisten","tag-volksmusik"],"yoast_head":"<!-- This site is optimized with the Yoast SEO plugin v27.5 - https:\/\/yoast.com\/product\/yoast-seo-wordpress\/ -->\n<title>Gy\u00f6rgy Szabados und \u00c9va Kanalas: CD bewahrt denkw\u00fcrdiges Konzert von 1997 vor dem Vergessen - JazzZeitung<\/title>\n<meta name=\"robots\" content=\"index, follow, max-snippet:-1, max-image-preview:large, max-video-preview:-1\" \/>\n<link rel=\"canonical\" href=\"https:\/\/www.jazzzeitung.de\/cms\/2022\/02\/gyoergy-szabados-und-eva-kanalas-cd-bewahrt-denkwuerdiges-konzert-von-1997-vor-dem-vergessen\/\" \/>\n<meta property=\"og:locale\" content=\"de_DE\" \/>\n<meta property=\"og:type\" content=\"article\" \/>\n<meta property=\"og:title\" content=\"Gy\u00f6rgy Szabados und \u00c9va Kanalas: CD bewahrt denkw\u00fcrdiges Konzert von 1997 vor dem Vergessen - JazzZeitung\" \/>\n<meta property=\"og:description\" content=\"Vor 25 Jahren, am 15. Februar 1997, fand im Budapester Fon\u00f3 Musikhaus ein denkw\u00fcrdiges Konzert statt. Die dabei entstandenen Aufnahmen wurden k\u00fcrzlich unter dem Titel \u201eTengri \u2013 Mindens\u00e9g\u201c (etwa: Weltall \u2013 Allheit) von \u00c9va Kanalas privat ver\u00f6ffentlicht. Dieses Duo-Konzert, Improvisationen \u00fcber Volkslieder, vereinte den ungarischen Freejazz-Pionier und Pianisten Gy\u00f6rgy Szabados und die Volksmusiks\u00e4ngerin \u00c9va Kanalas. Der CD-Begleittext betont: \u201eDas Konzert von Gy\u00f6rgy Szabados und \u00c9va Kanalas brachte eine v\u00f6llig originelle Musikwelt zum Klingen.\u201c Szabados hob damals hervor, dass er von der starken, archaischen, reinen Klangwelt Maria Kanalas&#8216; zutiefst inspiriert sei. Die improvisierten Vokalisen der Kanalas basieren auf ihren Erfahrungen mit der vielf\u00e4ltigen Volksmusik aus dem weiten Tieflandraum (vor allem auch der Cs\u00e1ng\u00f3-Musik) und auf Gesangstechniken und Motiven einer bis nach Ostasien reichenden archaischen Klangwelt. Eine ihrer vorangegangenen privat herausgebrachten Ver\u00f6ffentlichungen hatte \u00c9va Kanalas bezeichnenderweise \u201eSounds from Shaman Time\u201c genannt, eine weitere hatte sie untertitelt mit \u201eNew Hungarian Shaman Songs\u201c. Der Begleittext zur hier nun vorliegenden CD erl\u00e4utert: \u201eDie von Kanalas streng strukturierten Volkslieder umh\u00fcllt Szabados mit der Welt seiner freien Musik auf der Ebene der musikalischen Poesie. Es scheint, dass Gy\u00f6rgy Szabados all dies langsam &hellip;\" \/>\n<meta property=\"og:url\" content=\"https:\/\/www.jazzzeitung.de\/cms\/2022\/02\/gyoergy-szabados-und-eva-kanalas-cd-bewahrt-denkwuerdiges-konzert-von-1997-vor-dem-vergessen\/\" \/>\n<meta property=\"og:site_name\" content=\"JazzZeitung\" \/>\n<meta property=\"article:publisher\" content=\"https:\/\/www.facebook.com\/JazzZeitung\/\" \/>\n<meta property=\"article:published_time\" content=\"2022-02-12T09:42:39+00:00\" \/>\n<meta property=\"og:image\" content=\"https:\/\/i0.wp.com\/www.jazzzeitung.de\/cms\/wp-content\/uploads\/2022\/02\/szabadoskanalas_Cover-e1644484507365.jpg?fit=709%2C698&ssl=1\" \/>\n\t<meta property=\"og:image:width\" content=\"709\" \/>\n\t<meta property=\"og:image:height\" content=\"698\" \/>\n\t<meta property=\"og:image:type\" content=\"image\/jpeg\" \/>\n<meta name=\"author\" content=\"Redaktion JazzZeitung\" \/>\n<script type=\"application\/ld+json\" class=\"yoast-schema-graph\">{\"@context\":\"https:\\\/\\\/schema.org\",\"@graph\":[{\"@type\":\"Article\",\"@id\":\"https:\\\/\\\/www.jazzzeitung.de\\\/cms\\\/2022\\\/02\\\/gyoergy-szabados-und-eva-kanalas-cd-bewahrt-denkwuerdiges-konzert-von-1997-vor-dem-vergessen\\\/#article\",\"isPartOf\":{\"@id\":\"https:\\\/\\\/www.jazzzeitung.de\\\/cms\\\/2022\\\/02\\\/gyoergy-szabados-und-eva-kanalas-cd-bewahrt-denkwuerdiges-konzert-von-1997-vor-dem-vergessen\\\/\"},\"author\":{\"name\":\"Redaktion JazzZeitung\",\"@id\":\"https:\\\/\\\/www.jazzzeitung.de\\\/cms\\\/#\\\/schema\\\/person\\\/2245b36b9cd1d24cea10f01c031fb92b\"},\"headline\":\"Gy\u00f6rgy Szabados und \u00c9va Kanalas: CD bewahrt denkw\u00fcrdiges Konzert von 1997 vor dem Vergessen\",\"datePublished\":\"2022-02-12T09:42:39+00:00\",\"mainEntityOfPage\":{\"@id\":\"https:\\\/\\\/www.jazzzeitung.de\\\/cms\\\/2022\\\/02\\\/gyoergy-szabados-und-eva-kanalas-cd-bewahrt-denkwuerdiges-konzert-von-1997-vor-dem-vergessen\\\/\"},\"wordCount\":302,\"commentCount\":0,\"publisher\":{\"@id\":\"https:\\\/\\\/www.jazzzeitung.de\\\/cms\\\/#organization\"},\"image\":{\"@id\":\"https:\\\/\\\/www.jazzzeitung.de\\\/cms\\\/2022\\\/02\\\/gyoergy-szabados-und-eva-kanalas-cd-bewahrt-denkwuerdiges-konzert-von-1997-vor-dem-vergessen\\\/#primaryimage\"},\"thumbnailUrl\":\"https:\\\/\\\/i0.wp.com\\\/www.jazzzeitung.de\\\/cms\\\/wp-content\\\/uploads\\\/2022\\\/02\\\/szabadoskanalas_Cover-e1644484507365.jpg?fit=709%2C698&ssl=1\",\"keywords\":[\"CD\",\"CD-Tipp\",\"\u00c9va Kanalas\",\"Free Jazz\",\"Gesang\",\"Gy\u00f6rgy Szabados\",\"Konzert\",\"Mathias B\u00e4umel\",\"Pianisten\",\"Volksmusik\"],\"articleSection\":[\"Rezension\"],\"inLanguage\":\"de\",\"potentialAction\":[{\"@type\":\"CommentAction\",\"name\":\"Comment\",\"target\":[\"https:\\\/\\\/www.jazzzeitung.de\\\/cms\\\/2022\\\/02\\\/gyoergy-szabados-und-eva-kanalas-cd-bewahrt-denkwuerdiges-konzert-von-1997-vor-dem-vergessen\\\/#respond\"]}]},{\"@type\":\"WebPage\",\"@id\":\"https:\\\/\\\/www.jazzzeitung.de\\\/cms\\\/2022\\\/02\\\/gyoergy-szabados-und-eva-kanalas-cd-bewahrt-denkwuerdiges-konzert-von-1997-vor-dem-vergessen\\\/\",\"url\":\"https:\\\/\\\/www.jazzzeitung.de\\\/cms\\\/2022\\\/02\\\/gyoergy-szabados-und-eva-kanalas-cd-bewahrt-denkwuerdiges-konzert-von-1997-vor-dem-vergessen\\\/\",\"name\":\"Gy\u00f6rgy Szabados und \u00c9va Kanalas: CD bewahrt denkw\u00fcrdiges Konzert von 1997 vor dem Vergessen - JazzZeitung\",\"isPartOf\":{\"@id\":\"https:\\\/\\\/www.jazzzeitung.de\\\/cms\\\/#website\"},\"primaryImageOfPage\":{\"@id\":\"https:\\\/\\\/www.jazzzeitung.de\\\/cms\\\/2022\\\/02\\\/gyoergy-szabados-und-eva-kanalas-cd-bewahrt-denkwuerdiges-konzert-von-1997-vor-dem-vergessen\\\/#primaryimage\"},\"image\":{\"@id\":\"https:\\\/\\\/www.jazzzeitung.de\\\/cms\\\/2022\\\/02\\\/gyoergy-szabados-und-eva-kanalas-cd-bewahrt-denkwuerdiges-konzert-von-1997-vor-dem-vergessen\\\/#primaryimage\"},\"thumbnailUrl\":\"https:\\\/\\\/i0.wp.com\\\/www.jazzzeitung.de\\\/cms\\\/wp-content\\\/uploads\\\/2022\\\/02\\\/szabadoskanalas_Cover-e1644484507365.jpg?fit=709%2C698&ssl=1\",\"datePublished\":\"2022-02-12T09:42:39+00:00\",\"breadcrumb\":{\"@id\":\"https:\\\/\\\/www.jazzzeitung.de\\\/cms\\\/2022\\\/02\\\/gyoergy-szabados-und-eva-kanalas-cd-bewahrt-denkwuerdiges-konzert-von-1997-vor-dem-vergessen\\\/#breadcrumb\"},\"inLanguage\":\"de\",\"potentialAction\":[{\"@type\":\"ReadAction\",\"target\":[\"https:\\\/\\\/www.jazzzeitung.de\\\/cms\\\/2022\\\/02\\\/gyoergy-szabados-und-eva-kanalas-cd-bewahrt-denkwuerdiges-konzert-von-1997-vor-dem-vergessen\\\/\"]}]},{\"@type\":\"ImageObject\",\"inLanguage\":\"de\",\"@id\":\"https:\\\/\\\/www.jazzzeitung.de\\\/cms\\\/2022\\\/02\\\/gyoergy-szabados-und-eva-kanalas-cd-bewahrt-denkwuerdiges-konzert-von-1997-vor-dem-vergessen\\\/#primaryimage\",\"url\":\"https:\\\/\\\/i0.wp.com\\\/www.jazzzeitung.de\\\/cms\\\/wp-content\\\/uploads\\\/2022\\\/02\\\/szabadoskanalas_Cover-e1644484507365.jpg?fit=709%2C698&ssl=1\",\"contentUrl\":\"https:\\\/\\\/i0.wp.com\\\/www.jazzzeitung.de\\\/cms\\\/wp-content\\\/uploads\\\/2022\\\/02\\\/szabadoskanalas_Cover-e1644484507365.jpg?fit=709%2C698&ssl=1\",\"width\":709,\"height\":698,\"caption\":\"Cover der CD \u201eTengri \u2013 Mindens\u00e9g\u201c, ver\u00f6ffentlicht von \u00c9va Kanalas\"},{\"@type\":\"BreadcrumbList\",\"@id\":\"https:\\\/\\\/www.jazzzeitung.de\\\/cms\\\/2022\\\/02\\\/gyoergy-szabados-und-eva-kanalas-cd-bewahrt-denkwuerdiges-konzert-von-1997-vor-dem-vergessen\\\/#breadcrumb\",\"itemListElement\":[{\"@type\":\"ListItem\",\"position\":1,\"name\":\"Startseite\",\"item\":\"https:\\\/\\\/www.jazzzeitung.de\\\/cms\\\/\"},{\"@type\":\"ListItem\",\"position\":2,\"name\":\"Gy\u00f6rgy Szabados und \u00c9va Kanalas: CD bewahrt denkw\u00fcrdiges Konzert von 1997 vor dem Vergessen\"}]},{\"@type\":\"WebSite\",\"@id\":\"https:\\\/\\\/www.jazzzeitung.de\\\/cms\\\/#website\",\"url\":\"https:\\\/\\\/www.jazzzeitung.de\\\/cms\\\/\",\"name\":\"JazzZeitung\",\"description\":\"Jazz-News und Jazz-Kontroverses\",\"publisher\":{\"@id\":\"https:\\\/\\\/www.jazzzeitung.de\\\/cms\\\/#organization\"},\"potentialAction\":[{\"@type\":\"SearchAction\",\"target\":{\"@type\":\"EntryPoint\",\"urlTemplate\":\"https:\\\/\\\/www.jazzzeitung.de\\\/cms\\\/?s={search_term_string}\"},\"query-input\":{\"@type\":\"PropertyValueSpecification\",\"valueRequired\":true,\"valueName\":\"search_term_string\"}}],\"inLanguage\":\"de\"},{\"@type\":\"Organization\",\"@id\":\"https:\\\/\\\/www.jazzzeitung.de\\\/cms\\\/#organization\",\"name\":\"JazzZeitung online\",\"url\":\"https:\\\/\\\/www.jazzzeitung.de\\\/cms\\\/\",\"logo\":{\"@type\":\"ImageObject\",\"inLanguage\":\"de\",\"@id\":\"https:\\\/\\\/www.jazzzeitung.de\\\/cms\\\/#\\\/schema\\\/logo\\\/image\\\/\",\"url\":\"https:\\\/\\\/i0.wp.com\\\/www.jazzzeitung.de\\\/cms\\\/wp-content\\\/uploads\\\/2015\\\/08\\\/JAZZZEITUNGDE_Logo_Neu.png?fit=499%2C200&ssl=1\",\"contentUrl\":\"https:\\\/\\\/i0.wp.com\\\/www.jazzzeitung.de\\\/cms\\\/wp-content\\\/uploads\\\/2015\\\/08\\\/JAZZZEITUNGDE_Logo_Neu.png?fit=499%2C200&ssl=1\",\"width\":499,\"height\":200,\"caption\":\"JazzZeitung online\"},\"image\":{\"@id\":\"https:\\\/\\\/www.jazzzeitung.de\\\/cms\\\/#\\\/schema\\\/logo\\\/image\\\/\"},\"sameAs\":[\"https:\\\/\\\/www.facebook.com\\\/JazzZeitung\\\/\"]},{\"@type\":\"Person\",\"@id\":\"https:\\\/\\\/www.jazzzeitung.de\\\/cms\\\/#\\\/schema\\\/person\\\/2245b36b9cd1d24cea10f01c031fb92b\",\"name\":\"Redaktion JazzZeitung\",\"image\":{\"@type\":\"ImageObject\",\"inLanguage\":\"de\",\"@id\":\"https:\\\/\\\/i0.wp.com\\\/www.jazzzeitung.de\\\/cms\\\/wp-content\\\/uploads\\\/2015\\\/08\\\/JAZZZEITUNGDE_Logo_Neu.png?resize=96%2C96&ssl=159975dcacb611b5700bd619b5daf0a7a\",\"url\":\"https:\\\/\\\/i0.wp.com\\\/www.jazzzeitung.de\\\/cms\\\/wp-content\\\/uploads\\\/2015\\\/08\\\/JAZZZEITUNGDE_Logo_Neu.png?resize=96%2C96&ssl=1\",\"contentUrl\":\"https:\\\/\\\/i0.wp.com\\\/www.jazzzeitung.de\\\/cms\\\/wp-content\\\/uploads\\\/2015\\\/08\\\/JAZZZEITUNGDE_Logo_Neu.png?resize=96%2C96&ssl=1\",\"caption\":\"Redaktion JazzZeitung\"},\"description\":\"Artikel der Redaktion der JazzZeitung.\",\"sameAs\":[\"http:\\\/\\\/www.jazzzeitung.de\\\/cms\\\/\"],\"url\":\"https:\\\/\\\/www.jazzzeitung.de\\\/cms\\\/author\\\/redaktion\\\/\"}]}<\/script>\n<!-- \/ Yoast SEO plugin. -->","yoast_head_json":{"title":"Gy\u00f6rgy Szabados und \u00c9va Kanalas: CD bewahrt denkw\u00fcrdiges Konzert von 1997 vor dem Vergessen - JazzZeitung","robots":{"index":"index","follow":"follow","max-snippet":"max-snippet:-1","max-image-preview":"max-image-preview:large","max-video-preview":"max-video-preview:-1"},"canonical":"https:\/\/www.jazzzeitung.de\/cms\/2022\/02\/gyoergy-szabados-und-eva-kanalas-cd-bewahrt-denkwuerdiges-konzert-von-1997-vor-dem-vergessen\/","og_locale":"de_DE","og_type":"article","og_title":"Gy\u00f6rgy Szabados und \u00c9va Kanalas: CD bewahrt denkw\u00fcrdiges Konzert von 1997 vor dem Vergessen - JazzZeitung","og_description":"Vor 25 Jahren, am 15. Februar 1997, fand im Budapester Fon\u00f3 Musikhaus ein denkw\u00fcrdiges Konzert statt. Die dabei entstandenen Aufnahmen wurden k\u00fcrzlich unter dem Titel \u201eTengri \u2013 Mindens\u00e9g\u201c (etwa: Weltall \u2013 Allheit) von \u00c9va Kanalas privat ver\u00f6ffentlicht. Dieses Duo-Konzert, Improvisationen \u00fcber Volkslieder, vereinte den ungarischen Freejazz-Pionier und Pianisten Gy\u00f6rgy Szabados und die Volksmusiks\u00e4ngerin \u00c9va Kanalas. Der CD-Begleittext betont: \u201eDas Konzert von Gy\u00f6rgy Szabados und \u00c9va Kanalas brachte eine v\u00f6llig originelle Musikwelt zum Klingen.\u201c Szabados hob damals hervor, dass er von der starken, archaischen, reinen Klangwelt Maria Kanalas&#8216; zutiefst inspiriert sei. Die improvisierten Vokalisen der Kanalas basieren auf ihren Erfahrungen mit der vielf\u00e4ltigen Volksmusik aus dem weiten Tieflandraum (vor allem auch der Cs\u00e1ng\u00f3-Musik) und auf Gesangstechniken und Motiven einer bis nach Ostasien reichenden archaischen Klangwelt. Eine ihrer vorangegangenen privat herausgebrachten Ver\u00f6ffentlichungen hatte \u00c9va Kanalas bezeichnenderweise \u201eSounds from Shaman Time\u201c genannt, eine weitere hatte sie untertitelt mit \u201eNew Hungarian Shaman Songs\u201c. Der Begleittext zur hier nun vorliegenden CD erl\u00e4utert: \u201eDie von Kanalas streng strukturierten Volkslieder umh\u00fcllt Szabados mit der Welt seiner freien Musik auf der Ebene der musikalischen Poesie. Es scheint, dass Gy\u00f6rgy Szabados all dies langsam &hellip;","og_url":"https:\/\/www.jazzzeitung.de\/cms\/2022\/02\/gyoergy-szabados-und-eva-kanalas-cd-bewahrt-denkwuerdiges-konzert-von-1997-vor-dem-vergessen\/","og_site_name":"JazzZeitung","article_publisher":"https:\/\/www.facebook.com\/JazzZeitung\/","article_published_time":"2022-02-12T09:42:39+00:00","og_image":[{"width":709,"height":698,"url":"https:\/\/i0.wp.com\/www.jazzzeitung.de\/cms\/wp-content\/uploads\/2022\/02\/szabadoskanalas_Cover-e1644484507365.jpg?fit=709%2C698&ssl=1","type":"image\/jpeg"}],"author":"Redaktion JazzZeitung","schema":{"@context":"https:\/\/schema.org","@graph":[{"@type":"Article","@id":"https:\/\/www.jazzzeitung.de\/cms\/2022\/02\/gyoergy-szabados-und-eva-kanalas-cd-bewahrt-denkwuerdiges-konzert-von-1997-vor-dem-vergessen\/#article","isPartOf":{"@id":"https:\/\/www.jazzzeitung.de\/cms\/2022\/02\/gyoergy-szabados-und-eva-kanalas-cd-bewahrt-denkwuerdiges-konzert-von-1997-vor-dem-vergessen\/"},"author":{"name":"Redaktion JazzZeitung","@id":"https:\/\/www.jazzzeitung.de\/cms\/#\/schema\/person\/2245b36b9cd1d24cea10f01c031fb92b"},"headline":"Gy\u00f6rgy Szabados und \u00c9va Kanalas: CD bewahrt denkw\u00fcrdiges Konzert von 1997 vor dem Vergessen","datePublished":"2022-02-12T09:42:39+00:00","mainEntityOfPage":{"@id":"https:\/\/www.jazzzeitung.de\/cms\/2022\/02\/gyoergy-szabados-und-eva-kanalas-cd-bewahrt-denkwuerdiges-konzert-von-1997-vor-dem-vergessen\/"},"wordCount":302,"commentCount":0,"publisher":{"@id":"https:\/\/www.jazzzeitung.de\/cms\/#organization"},"image":{"@id":"https:\/\/www.jazzzeitung.de\/cms\/2022\/02\/gyoergy-szabados-und-eva-kanalas-cd-bewahrt-denkwuerdiges-konzert-von-1997-vor-dem-vergessen\/#primaryimage"},"thumbnailUrl":"https:\/\/i0.wp.com\/www.jazzzeitung.de\/cms\/wp-content\/uploads\/2022\/02\/szabadoskanalas_Cover-e1644484507365.jpg?fit=709%2C698&ssl=1","keywords":["CD","CD-Tipp","\u00c9va Kanalas","Free Jazz","Gesang","Gy\u00f6rgy Szabados","Konzert","Mathias B\u00e4umel","Pianisten","Volksmusik"],"articleSection":["Rezension"],"inLanguage":"de","potentialAction":[{"@type":"CommentAction","name":"Comment","target":["https:\/\/www.jazzzeitung.de\/cms\/2022\/02\/gyoergy-szabados-und-eva-kanalas-cd-bewahrt-denkwuerdiges-konzert-von-1997-vor-dem-vergessen\/#respond"]}]},{"@type":"WebPage","@id":"https:\/\/www.jazzzeitung.de\/cms\/2022\/02\/gyoergy-szabados-und-eva-kanalas-cd-bewahrt-denkwuerdiges-konzert-von-1997-vor-dem-vergessen\/","url":"https:\/\/www.jazzzeitung.de\/cms\/2022\/02\/gyoergy-szabados-und-eva-kanalas-cd-bewahrt-denkwuerdiges-konzert-von-1997-vor-dem-vergessen\/","name":"Gy\u00f6rgy Szabados und \u00c9va Kanalas: CD bewahrt denkw\u00fcrdiges Konzert von 1997 vor dem Vergessen - JazzZeitung","isPartOf":{"@id":"https:\/\/www.jazzzeitung.de\/cms\/#website"},"primaryImageOfPage":{"@id":"https:\/\/www.jazzzeitung.de\/cms\/2022\/02\/gyoergy-szabados-und-eva-kanalas-cd-bewahrt-denkwuerdiges-konzert-von-1997-vor-dem-vergessen\/#primaryimage"},"image":{"@id":"https:\/\/www.jazzzeitung.de\/cms\/2022\/02\/gyoergy-szabados-und-eva-kanalas-cd-bewahrt-denkwuerdiges-konzert-von-1997-vor-dem-vergessen\/#primaryimage"},"thumbnailUrl":"https:\/\/i0.wp.com\/www.jazzzeitung.de\/cms\/wp-content\/uploads\/2022\/02\/szabadoskanalas_Cover-e1644484507365.jpg?fit=709%2C698&ssl=1","datePublished":"2022-02-12T09:42:39+00:00","breadcrumb":{"@id":"https:\/\/www.jazzzeitung.de\/cms\/2022\/02\/gyoergy-szabados-und-eva-kanalas-cd-bewahrt-denkwuerdiges-konzert-von-1997-vor-dem-vergessen\/#breadcrumb"},"inLanguage":"de","potentialAction":[{"@type":"ReadAction","target":["https:\/\/www.jazzzeitung.de\/cms\/2022\/02\/gyoergy-szabados-und-eva-kanalas-cd-bewahrt-denkwuerdiges-konzert-von-1997-vor-dem-vergessen\/"]}]},{"@type":"ImageObject","inLanguage":"de","@id":"https:\/\/www.jazzzeitung.de\/cms\/2022\/02\/gyoergy-szabados-und-eva-kanalas-cd-bewahrt-denkwuerdiges-konzert-von-1997-vor-dem-vergessen\/#primaryimage","url":"https:\/\/i0.wp.com\/www.jazzzeitung.de\/cms\/wp-content\/uploads\/2022\/02\/szabadoskanalas_Cover-e1644484507365.jpg?fit=709%2C698&ssl=1","contentUrl":"https:\/\/i0.wp.com\/www.jazzzeitung.de\/cms\/wp-content\/uploads\/2022\/02\/szabadoskanalas_Cover-e1644484507365.jpg?fit=709%2C698&ssl=1","width":709,"height":698,"caption":"Cover der CD \u201eTengri \u2013 Mindens\u00e9g\u201c, ver\u00f6ffentlicht von \u00c9va Kanalas"},{"@type":"BreadcrumbList","@id":"https:\/\/www.jazzzeitung.de\/cms\/2022\/02\/gyoergy-szabados-und-eva-kanalas-cd-bewahrt-denkwuerdiges-konzert-von-1997-vor-dem-vergessen\/#breadcrumb","itemListElement":[{"@type":"ListItem","position":1,"name":"Startseite","item":"https:\/\/www.jazzzeitung.de\/cms\/"},{"@type":"ListItem","position":2,"name":"Gy\u00f6rgy Szabados und \u00c9va Kanalas: CD bewahrt denkw\u00fcrdiges Konzert von 1997 vor dem Vergessen"}]},{"@type":"WebSite","@id":"https:\/\/www.jazzzeitung.de\/cms\/#website","url":"https:\/\/www.jazzzeitung.de\/cms\/","name":"JazzZeitung","description":"Jazz-News und Jazz-Kontroverses","publisher":{"@id":"https:\/\/www.jazzzeitung.de\/cms\/#organization"},"potentialAction":[{"@type":"SearchAction","target":{"@type":"EntryPoint","urlTemplate":"https:\/\/www.jazzzeitung.de\/cms\/?s={search_term_string}"},"query-input":{"@type":"PropertyValueSpecification","valueRequired":true,"valueName":"search_term_string"}}],"inLanguage":"de"},{"@type":"Organization","@id":"https:\/\/www.jazzzeitung.de\/cms\/#organization","name":"JazzZeitung online","url":"https:\/\/www.jazzzeitung.de\/cms\/","logo":{"@type":"ImageObject","inLanguage":"de","@id":"https:\/\/www.jazzzeitung.de\/cms\/#\/schema\/logo\/image\/","url":"https:\/\/i0.wp.com\/www.jazzzeitung.de\/cms\/wp-content\/uploads\/2015\/08\/JAZZZEITUNGDE_Logo_Neu.png?fit=499%2C200&ssl=1","contentUrl":"https:\/\/i0.wp.com\/www.jazzzeitung.de\/cms\/wp-content\/uploads\/2015\/08\/JAZZZEITUNGDE_Logo_Neu.png?fit=499%2C200&ssl=1","width":499,"height":200,"caption":"JazzZeitung online"},"image":{"@id":"https:\/\/www.jazzzeitung.de\/cms\/#\/schema\/logo\/image\/"},"sameAs":["https:\/\/www.facebook.com\/JazzZeitung\/"]},{"@type":"Person","@id":"https:\/\/www.jazzzeitung.de\/cms\/#\/schema\/person\/2245b36b9cd1d24cea10f01c031fb92b","name":"Redaktion JazzZeitung","image":{"@type":"ImageObject","inLanguage":"de","@id":"https:\/\/i0.wp.com\/www.jazzzeitung.de\/cms\/wp-content\/uploads\/2015\/08\/JAZZZEITUNGDE_Logo_Neu.png?resize=96%2C96&ssl=159975dcacb611b5700bd619b5daf0a7a","url":"https:\/\/i0.wp.com\/www.jazzzeitung.de\/cms\/wp-content\/uploads\/2015\/08\/JAZZZEITUNGDE_Logo_Neu.png?resize=96%2C96&ssl=1","contentUrl":"https:\/\/i0.wp.com\/www.jazzzeitung.de\/cms\/wp-content\/uploads\/2015\/08\/JAZZZEITUNGDE_Logo_Neu.png?resize=96%2C96&ssl=1","caption":"Redaktion JazzZeitung"},"description":"Artikel der Redaktion der JazzZeitung.","sameAs":["http:\/\/www.jazzzeitung.de\/cms\/"],"url":"https:\/\/www.jazzzeitung.de\/cms\/author\/redaktion\/"}]}},"wp-worthy-pixel":{"ignored":false,"public":null,"server":null,"url":null},"wp-worthy-type":"normal","jetpack_publicize_connections":[],"cc_featured_image_caption":{"caption_text":"","source_text":"","source_url":""},"jetpack_featured_media_url":"https:\/\/i0.wp.com\/www.jazzzeitung.de\/cms\/wp-content\/uploads\/2022\/02\/szabadoskanalas_Cover-e1644484507365.jpg?fit=709%2C698&ssl=1","jetpack_shortlink":"https:\/\/wp.me\/p3KEcT-6X8","jetpack-related-posts":[{"id":5483,"url":"https:\/\/www.jazzzeitung.de\/cms\/2015\/02\/a-la-bartok-im-kontrast-zum-herkoemmlichen-freejazz\/","url_meta":{"origin":26730,"position":0},"title":"\u00c0 la Bart\u00f3k im Kontrast zum herk\u00f6mmlichen Freejazz","author":"Redaktion JazzZeitung","date":"11. Februar 2015","format":false,"excerpt":"Die Musik der CD \u00bbTrio Kontraszt\u00ab folgt den Anregungen des gro\u00dfen Gy\u00f6rgy Szabados Von Mathias B\u00e4umel - Geheimnisvoll, anregend, bizarr, in fremder Weise vertraut \u2013 das war die Musik, die uns in der sp\u00e4ten Mitte der siebziger Jahre mit der ungarischen Langspielplatte \u00bbAz esk\u00fcv\u0151\u00ab (The Wedding) entgegenklang. Diese Platte hatte\u2026","rel":"","context":"In &quot;Rezension&quot;","block_context":{"text":"Rezension","link":"https:\/\/www.jazzzeitung.de\/cms\/thema\/rezension\/"},"img":{"alt_text":"Trio Kontraszt. Grencs\u00f3 \u2013 Tickmayer \u2013 Ger\u00f6ly (BMC Records \/ nrw Vertrieb)","src":"https:\/\/i0.wp.com\/www.jazzzeitung.de\/cms\/wp-content\/uploads\/2015\/02\/kontraszt_cover-150x150.jpg?resize=350%2C200","width":350,"height":200},"classes":[]},{"id":14211,"url":"https:\/\/www.jazzzeitung.de\/cms\/2017\/11\/istvan-grencso-und-sein-open-collective-veroeffentlichte-die-verdienstvolle-doppel-cd-derenges-dawn\/","url_meta":{"origin":26730,"position":1},"title":"Istv\u00e1n Grencs\u00f3 und sein Open Collective ver\u00f6ffentlichte die verdienstvolle Doppel-CD \u00bbDereng\u00e9s \/ Dawn\u00ab","author":"Redaktion JazzZeitung","date":"9. November 2017","format":false,"excerpt":"Dieses Foto war unvergesslich. Auch f\u00fcr den Freejazz-Pianisten und -Komponisten Gy\u00f6rgy Szabados. Es hei\u00dft \u00bbDie Hochzeit\u00ab (\u00bbAz esk\u00fcv\u0151\u00ab) und zeigt eine nur sechs Personen umfassende Hochzeitsgesellschaft wohl auf dem Weg zur Trauung. Die Menschen, voran die wei\u00df gekleidete Braut, scheinen gerade aus einer Wohnung gekommen zu sein und laufen nun\u2026","rel":"","context":"In &quot;Rezension&quot;","block_context":{"text":"Rezension","link":"https:\/\/www.jazzzeitung.de\/cms\/thema\/rezension\/"},"img":{"alt_text":"","src":"https:\/\/i0.wp.com\/www.jazzzeitung.de\/cms\/wp-content\/uploads\/2017\/11\/Cover_szabados_Front-1024x896.jpg?fit=425%2C356&ssl=1&resize=350%2C200","width":350,"height":200},"classes":[]},{"id":7216,"url":"https:\/\/www.jazzzeitung.de\/cms\/2015\/10\/cd-rezension-grencso-open-collectiv-flat\/","url_meta":{"origin":26730,"position":2},"title":"CD-Rezension: Grencs\u00f3 Open Collective \u00bbFlat\u00ab","author":"Redaktion JazzZeitung","date":"1. Oktober 2015","format":false,"excerpt":"Improvisatorische Kraft, die Freude macht Von Mathias B\u00e4umel - Wer glaubt, der Titel \u00bbIvan\u2019s Childhood\u00ab auf der vorliegenden CD \u00bbFlat\u00ab des Grencs\u00f3 Open Collectives bez\u00f6ge sich auf den gleichnamigen, ersten abendf\u00fcllenden Film von Andrej Tarkowski, der irrt. Gewidmet ist dieses St\u00fcck dem 1946 geborenen ungarischen Musiker (Gitarre, Fl\u00f6ten, Perkussion), Volksmusikforscher\u2026","rel":"","context":"In &quot;Rezension&quot;","block_context":{"text":"Rezension","link":"https:\/\/www.jazzzeitung.de\/cms\/thema\/rezension\/"},"img":{"alt_text":"grencso_cover","src":"https:\/\/i0.wp.com\/www.jazzzeitung.de\/cms\/wp-content\/uploads\/2015\/09\/grencso_cover-300x262.jpg?resize=350%2C200","width":350,"height":200},"classes":[]},{"id":8426,"url":"https:\/\/www.jazzzeitung.de\/cms\/2016\/02\/musik-aus-stadt-und-sand\/","url_meta":{"origin":26730,"position":3},"title":"Musik aus Stadt und Sand &#8211; Rudi Mahall und Istv\u00e1n Grencs\u00f3 ver\u00f6ffentlichen CD \u201eMarginal Music \/ R\u00e9tegzene\u201c","author":"Redaktion JazzZeitung","date":"16. Februar 2016","format":false,"excerpt":"Von Mathias B\u00e4umel - Da treffen zwei der fulminantesten und ausdrucksst\u00e4rksten Holzbl\u00e4ser ihrer L\u00e4nder \u2013 der Deutsche Rudi Mahall und der Ungar Istv\u00e1n Grencs\u00f3 \u2013 aufeinander, und was wird gespielt? Eine zwar kraftvolle, aber dennoch \u00fcberaus lyrische, atmosph\u00e4rische Musik. Die beiden kommen bekanntlich aus verschiedenen Freejazz-Kulturkreisen. Mahall ist stark gepr\u00e4gt\u2026","rel":"","context":"In &quot;Rezension&quot;","block_context":{"text":"Rezension","link":"https:\/\/www.jazzzeitung.de\/cms\/thema\/rezension\/"},"img":{"alt_text":"","src":"https:\/\/i0.wp.com\/www.jazzzeitung.de\/cms\/wp-content\/uploads\/2016\/02\/222_650-150x150.jpg?resize=350%2C200","width":350,"height":200},"classes":[]},{"id":11968,"url":"https:\/\/www.jazzzeitung.de\/cms\/2017\/03\/konzert-nummer-5-des-bmw-welt-jazz-award-eva-kruse-mit-on-the-mo\/","url_meta":{"origin":26730,"position":4},"title":"Konzert Nummer 6 des BMW Welt Jazz Award: Eva Kruse mit &#8222;On the Mo&#8220;","author":"Redaktion JazzZeitung","date":"14. M\u00e4rz 2017","format":false,"excerpt":"Wiedersehen macht Freude, dachte sich die gefeierte Bassistin und BMW Welt Jazz Award 2009 Gewinnerin Eva Kruse. Am 12. M\u00e4rz stellte sie im Quintett mit Eric Schaefer am Schlagzeug, Christian Jormin am Klavier, Uwe Steinmetz am Saxofon und Tjadina Wake-Walker an der Oboe ihr faszinierendes Programm \u201eOn The Mo\u201c vor.\u2026","rel":"","context":"In &quot;Galerie&quot;","block_context":{"text":"Galerie","link":"https:\/\/www.jazzzeitung.de\/cms\/thema\/galerie\/"},"img":{"alt_text":"","src":"https:\/\/i0.wp.com\/www.jazzzeitung.de\/cms\/wp-content\/uploads\/2017\/03\/Kruse-P1250056-Foto-TJ-Krebs.jpg?resize=350%2C200","width":350,"height":200,"srcset":"https:\/\/i0.wp.com\/www.jazzzeitung.de\/cms\/wp-content\/uploads\/2017\/03\/Kruse-P1250056-Foto-TJ-Krebs.jpg?resize=350%2C200 1x, https:\/\/i0.wp.com\/www.jazzzeitung.de\/cms\/wp-content\/uploads\/2017\/03\/Kruse-P1250056-Foto-TJ-Krebs.jpg?resize=525%2C300 1.5x, https:\/\/i0.wp.com\/www.jazzzeitung.de\/cms\/wp-content\/uploads\/2017\/03\/Kruse-P1250056-Foto-TJ-Krebs.jpg?resize=700%2C400 2x"},"classes":[]},{"id":11744,"url":"https:\/\/www.jazzzeitung.de\/cms\/2017\/02\/bmw-welt-jazz-award-das-4-konzert-mir-renaud-garcia-fons\/","url_meta":{"origin":26730,"position":5},"title":"Konzert Nummer 4 des BMW Welt Jazz Award: Renaud Garcia-Fons mit Revoir Paris","author":"Redaktion JazzZeitung","date":"21. Februar 2017","format":false,"excerpt":"Im neuen Trio mit dem Akkordeonisten David Ventucci und dem Vibraphonisten und Perkussionisten Stephan Caracci kehrt\u00a0Renaud Garcia-Fons\u00a0 zum Urbanen seiner Geburtsstadt Paris zur\u00fcck. Das Trio war vergangenen Sonntag zum BMW Welt Jazz Award eingeladen und begeisterte das Publikum mit einem \u201eRevoir Paris\u201c \u00fcberschriebenen Programm. Von Musette zu Hot Jazz, von\u2026","rel":"","context":"In &quot;Bericht&quot;","block_context":{"text":"Bericht","link":"https:\/\/www.jazzzeitung.de\/cms\/thema\/bericht\/"},"img":{"alt_text":"","src":"https:\/\/i0.wp.com\/www.jazzzeitung.de\/cms\/wp-content\/uploads\/2017\/02\/Bass-Garcia-Fons-P1200769-Foto-TJ-Krebs.jpg?resize=350%2C200","width":350,"height":200,"srcset":"https:\/\/i0.wp.com\/www.jazzzeitung.de\/cms\/wp-content\/uploads\/2017\/02\/Bass-Garcia-Fons-P1200769-Foto-TJ-Krebs.jpg?resize=350%2C200 1x, https:\/\/i0.wp.com\/www.jazzzeitung.de\/cms\/wp-content\/uploads\/2017\/02\/Bass-Garcia-Fons-P1200769-Foto-TJ-Krebs.jpg?resize=525%2C300 1.5x, https:\/\/i0.wp.com\/www.jazzzeitung.de\/cms\/wp-content\/uploads\/2017\/02\/Bass-Garcia-Fons-P1200769-Foto-TJ-Krebs.jpg?resize=700%2C400 2x, https:\/\/i0.wp.com\/www.jazzzeitung.de\/cms\/wp-content\/uploads\/2017\/02\/Bass-Garcia-Fons-P1200769-Foto-TJ-Krebs.jpg?resize=1050%2C600 3x"},"classes":[]}],"jetpack_sharing_enabled":true,"_links":{"self":[{"href":"https:\/\/www.jazzzeitung.de\/cms\/wp-json\/wp\/v2\/posts\/26730","targetHints":{"allow":["GET"]}}],"collection":[{"href":"https:\/\/www.jazzzeitung.de\/cms\/wp-json\/wp\/v2\/posts"}],"about":[{"href":"https:\/\/www.jazzzeitung.de\/cms\/wp-json\/wp\/v2\/types\/post"}],"author":[{"embeddable":true,"href":"https:\/\/www.jazzzeitung.de\/cms\/wp-json\/wp\/v2\/users\/18"}],"replies":[{"embeddable":true,"href":"https:\/\/www.jazzzeitung.de\/cms\/wp-json\/wp\/v2\/comments?post=26730"}],"version-history":[{"count":1,"href":"https:\/\/www.jazzzeitung.de\/cms\/wp-json\/wp\/v2\/posts\/26730\/revisions"}],"predecessor-version":[{"id":26732,"href":"https:\/\/www.jazzzeitung.de\/cms\/wp-json\/wp\/v2\/posts\/26730\/revisions\/26732"}],"wp:featuredmedia":[{"embeddable":true,"href":"https:\/\/www.jazzzeitung.de\/cms\/wp-json\/wp\/v2\/media\/26731"}],"wp:attachment":[{"href":"https:\/\/www.jazzzeitung.de\/cms\/wp-json\/wp\/v2\/media?parent=26730"}],"wp:term":[{"taxonomy":"category","embeddable":true,"href":"https:\/\/www.jazzzeitung.de\/cms\/wp-json\/wp\/v2\/categories?post=26730"},{"taxonomy":"post_tag","embeddable":true,"href":"https:\/\/www.jazzzeitung.de\/cms\/wp-json\/wp\/v2\/tags?post=26730"},{"taxonomy":"author","embeddable":true,"href":"https:\/\/www.jazzzeitung.de\/cms\/wp-json\/wp\/v2\/coauthors?post=26730"}],"curies":[{"name":"wp","href":"https:\/\/api.w.org\/{rel}","templated":true}]}}