{"id":26695,"date":"2022-02-03T12:47:10","date_gmt":"2022-02-03T11:47:10","guid":{"rendered":"https:\/\/www.jazzzeitung.de\/cms\/?p=26695"},"modified":"2022-02-03T12:51:11","modified_gmt":"2022-02-03T11:51:11","slug":"news-4","status":"publish","type":"post","link":"https:\/\/www.jazzzeitung.de\/cms\/2022\/02\/news-4\/","title":{"rendered":"+++ news +++ Jazzfestival Saalfelden +++ Bigband-Konzert Weimar +++ Absage H\u00fcrth +++ Bazzooka in Straubing +++"},"content":{"rendered":"<h3><strong>+++ Jazzfestival Saalfelden &#8211; Start des Ticketverkaufs +++<\/strong><\/h3>\n<p>Vom 18.-21. August wird das Jazzfestivals Saalfelden in seiner 42. Ausgabe stattfinden. Mehr als 60 Konzerte an unterschiedlichen Spielorten sind geplant. Mit dabei sind u.a. Isaiah Collier &amp; The Chosen Few, Alba Careta Group, Christoph Cech Jazz Orchestra Project, Trondheim Jazz Orchestra &amp; Jason Moran, Fabian Rucker, Ted Poor &amp; Cuong Vu, Katharina Ernst als Artist in Residence, Gard Nilssen&#8217;s Supersonic Orchestra, Jason Moran solo, Signe Emmeluth&#8217;s Amoeba, Bushman&#8217;s Revenge, Gard Nilssen Acoustic Unity.<\/p>\n<p>Weitere Informationen unter: <a href=\"http:\/\/www.jazzsaalfelden.com\">www.jazzsaalfelden.com<\/a><\/p>\n<p>Der Ticketverkauf startet ab sofort.<\/p>\n<p>Tickets k\u00f6nnen online hier bestellt werden: <a href=\"https:\/\/tickets.jazzsaalfelden.com\/\">https:\/\/tickets.jazzsaalfelden.com\/<\/a><\/p>\n<p>Unser Beitragsbild zeigt Issaiah Collier (Foto: Jazzfestival Saalfelden)<\/p>\n<p>&nbsp;<\/p>\n<h3><strong>+++ Bigband-Jazz im Doppelpack: Kooperation von SchumuBigband und HfM Jazz Orchestra im Livestream +++<\/strong><\/h3>\n<p>Am Freitag, 4. Februar um 19:30 Uhr findet im Festsaal F\u00fcrstenhaus der HfM Weimar ein gemeinsames Konzert der SchumuBigband Weimar und des HfM Jazzorchesters statt. . Auf dem Programm stehen u.a. Werke von George Gershwin, Dizzy Gillespie, Duke Ellington, Bob Florence und Tom Waits.<\/p>\n<p>Das Konzert wird im Livestream auf <a href=\"http:\/\/www.hfm-weimar.de\">www.hfm-weimar.de<\/a> \u00fcbertragen.<\/p>\n<p>&nbsp;<\/p>\n<h3><strong>+++ Jazzclub H\u00fcrth: Absage der Konzerte im Februar +++<\/strong><\/h3>\n<p>Wegen der aktuellen pandemischen Lage sagt der Jazzclub H\u00fcrth seine f\u00fcr Februar geplanten Konzerte ab. Betroffen sind die Konzerte mit dem Nils Eickmeier Quartett und dem RE:UNION 4TET, die f\u00fcr den 4. und den 18. Februar geplant waren. Das Nils Eickmeier Quartett wird am 10. Februar 2023 im Jazzclub H\u00fcrth zu Gast sein, ein Ausweichtermin f\u00fcr das Konzert des RE:UNION 4TET wird noch bekannt gegeben.<\/p>\n<p>Weitere Informationen unter: <a href=\"http:\/\/www.jazzclub-huerth.de\">www.jazzclub-huerth.de<\/a><\/p>\n<p>&nbsp;<\/p>\n<h3><strong>+++ Live-Konzert mit Brazzooka in Straubing +++<\/strong><\/h3>\n<p>Am Samstag, 12.02. findet in der Musikkneipe \u201eThe Raven\u201c in Straubing ein Konzert der Regensburger Band Brazzooka statt. Einlass ist ab 18.30 Uhr, das Konzert beginnt um 19.30.<\/p>\n<p>Um telefonische Reservierung unter wird gebeten unter: 0163 \/ 600 12 56<\/p>\n<p>Weitere Informationen unter: <a href=\"http:\/\/wordpress.p515353.webspaceconfig.de\/samstag-12-02-22-einlass-18-30-uhr-brazzoka\/\">The Raven Straubing<\/a><\/p>\n","protected":false},"excerpt":{"rendered":"<p>+++ Jazzfestival Saalfelden &#8211; Start des Ticketverkaufs +++ Vom 18.-21. August wird das Jazzfestivals Saalfelden in seiner 42. Ausgabe stattfinden. Mehr als 60 Konzerte an unterschiedlichen Spielorten sind geplant. Mit dabei sind u.a. Isaiah Collier &amp; The Chosen Few, Alba Careta Group, Christoph Cech Jazz Orchestra Project, Trondheim Jazz Orchestra &amp; Jason Moran, Fabian Rucker, Ted Poor &amp; Cuong Vu, Katharina Ernst als Artist in Residence, Gard Nilssen&#8217;s Supersonic Orchestra, Jason Moran solo, Signe Emmeluth&#8217;s Amoeba, Bushman&#8217;s Revenge, Gard Nilssen Acoustic Unity. Weitere Informationen unter: www.jazzsaalfelden.com Der Ticketverkauf startet ab sofort. Tickets k\u00f6nnen online hier bestellt werden: https:\/\/tickets.jazzsaalfelden.com\/ Unser Beitragsbild zeigt Issaiah Collier (Foto: Jazzfestival Saalfelden) &nbsp; +++ Bigband-Jazz im Doppelpack: Kooperation von SchumuBigband und HfM Jazz Orchestra im Livestream +++ Am Freitag, 4. Februar um 19:30 Uhr findet im Festsaal F\u00fcrstenhaus der HfM Weimar ein gemeinsames Konzert der SchumuBigband Weimar und des HfM Jazzorchesters statt. . Auf dem Programm stehen u.a. Werke von George Gershwin, Dizzy Gillespie, Duke Ellington, Bob Florence und Tom Waits. Das Konzert wird im Livestream auf www.hfm-weimar.de \u00fcbertragen. &nbsp; +++ Jazzclub H\u00fcrth: Absage der Konzerte im Februar +++ Wegen der &hellip;<\/p>\n","protected":false},"author":18,"featured_media":26696,"comment_status":"open","ping_status":"closed","sticky":false,"template":"","format":"standard","meta":{"_jetpack_memberships_contains_paid_content":false,"footnotes":"","jetpack_publicize_message":"","jetpack_publicize_feature_enabled":true,"jetpack_social_post_already_shared":false,"jetpack_social_options":{"image_generator_settings":{"template":"highway","default_image_id":0,"font":"","enabled":false},"version":2}},"categories":[633],"tags":[2650,3961,2009,3963,3962,3960],"coauthors":[695],"class_list":["post-26695","post","type-post","status-publish","format-standard","has-post-thumbnail","hentry","category-nachrichten","tag-brazzooka","tag-hfm-jazzorchester-weimar","tag-jazzclub-huerth","tag-jazzfestival-saalfelden-2022","tag-schumubigband-weimar","tag-the-raven-straubing"],"yoast_head":"<!-- This site is optimized with the Yoast SEO plugin v27.5 - https:\/\/yoast.com\/product\/yoast-seo-wordpress\/ -->\n<title>+++ news +++ Jazzfestival Saalfelden +++ Bigband-Konzert Weimar +++ Absage H\u00fcrth +++ Bazzooka in Straubing +++ - JazzZeitung<\/title>\n<meta name=\"robots\" content=\"index, follow, max-snippet:-1, max-image-preview:large, max-video-preview:-1\" \/>\n<link rel=\"canonical\" href=\"https:\/\/www.jazzzeitung.de\/cms\/2022\/02\/news-4\/\" \/>\n<meta property=\"og:locale\" content=\"de_DE\" \/>\n<meta property=\"og:type\" content=\"article\" \/>\n<meta property=\"og:title\" content=\"+++ news +++ Jazzfestival Saalfelden +++ Bigband-Konzert Weimar +++ Absage H\u00fcrth +++ Bazzooka in Straubing +++ - JazzZeitung\" \/>\n<meta property=\"og:description\" content=\"+++ Jazzfestival Saalfelden &#8211; Start des Ticketverkaufs +++ Vom 18.-21. August wird das Jazzfestivals Saalfelden in seiner 42. Ausgabe stattfinden. Mehr als 60 Konzerte an unterschiedlichen Spielorten sind geplant. Mit dabei sind u.a. Isaiah Collier &amp; The Chosen Few, Alba Careta Group, Christoph Cech Jazz Orchestra Project, Trondheim Jazz Orchestra &amp; Jason Moran, Fabian Rucker, Ted Poor &amp; Cuong Vu, Katharina Ernst als Artist in Residence, Gard Nilssen&#8217;s Supersonic Orchestra, Jason Moran solo, Signe Emmeluth&#8217;s Amoeba, Bushman&#8217;s Revenge, Gard Nilssen Acoustic Unity. Weitere Informationen unter: www.jazzsaalfelden.com Der Ticketverkauf startet ab sofort. Tickets k\u00f6nnen online hier bestellt werden: https:\/\/tickets.jazzsaalfelden.com\/ Unser Beitragsbild zeigt Issaiah Collier (Foto: Jazzfestival Saalfelden) &nbsp; +++ Bigband-Jazz im Doppelpack: Kooperation von SchumuBigband und HfM Jazz Orchestra im Livestream +++ Am Freitag, 4. Februar um 19:30 Uhr findet im Festsaal F\u00fcrstenhaus der HfM Weimar ein gemeinsames Konzert der SchumuBigband Weimar und des HfM Jazzorchesters statt. . Auf dem Programm stehen u.a. Werke von George Gershwin, Dizzy Gillespie, Duke Ellington, Bob Florence und Tom Waits. Das Konzert wird im Livestream auf www.hfm-weimar.de \u00fcbertragen. &nbsp; +++ Jazzclub H\u00fcrth: Absage der Konzerte im Februar +++ Wegen der &hellip;\" \/>\n<meta property=\"og:url\" content=\"https:\/\/www.jazzzeitung.de\/cms\/2022\/02\/news-4\/\" \/>\n<meta property=\"og:site_name\" content=\"JazzZeitung\" \/>\n<meta property=\"article:publisher\" content=\"https:\/\/www.facebook.com\/JazzZeitung\/\" \/>\n<meta property=\"article:published_time\" content=\"2022-02-03T11:47:10+00:00\" \/>\n<meta property=\"article:modified_time\" content=\"2022-02-03T11:51:11+00:00\" \/>\n<meta property=\"og:image\" content=\"https:\/\/i0.wp.com\/www.jazzzeitung.de\/cms\/wp-content\/uploads\/2022\/02\/Isaiah-Collier-1.jpeg?fit=1200%2C800&ssl=1\" \/>\n\t<meta property=\"og:image:width\" content=\"1200\" \/>\n\t<meta property=\"og:image:height\" content=\"800\" \/>\n\t<meta property=\"og:image:type\" content=\"image\/jpeg\" \/>\n<meta name=\"author\" content=\"Redaktion JazzZeitung\" \/>\n<script type=\"application\/ld+json\" class=\"yoast-schema-graph\">{\"@context\":\"https:\\\/\\\/schema.org\",\"@graph\":[{\"@type\":\"Article\",\"@id\":\"https:\\\/\\\/www.jazzzeitung.de\\\/cms\\\/2022\\\/02\\\/news-4\\\/#article\",\"isPartOf\":{\"@id\":\"https:\\\/\\\/www.jazzzeitung.de\\\/cms\\\/2022\\\/02\\\/news-4\\\/\"},\"author\":{\"name\":\"Redaktion JazzZeitung\",\"@id\":\"https:\\\/\\\/www.jazzzeitung.de\\\/cms\\\/#\\\/schema\\\/person\\\/2245b36b9cd1d24cea10f01c031fb92b\"},\"headline\":\"+++ news +++ Jazzfestival Saalfelden +++ Bigband-Konzert Weimar +++ Absage H\u00fcrth +++ Bazzooka in Straubing +++\",\"datePublished\":\"2022-02-03T11:47:10+00:00\",\"dateModified\":\"2022-02-03T11:51:11+00:00\",\"mainEntityOfPage\":{\"@id\":\"https:\\\/\\\/www.jazzzeitung.de\\\/cms\\\/2022\\\/02\\\/news-4\\\/\"},\"wordCount\":316,\"commentCount\":0,\"publisher\":{\"@id\":\"https:\\\/\\\/www.jazzzeitung.de\\\/cms\\\/#organization\"},\"image\":{\"@id\":\"https:\\\/\\\/www.jazzzeitung.de\\\/cms\\\/2022\\\/02\\\/news-4\\\/#primaryimage\"},\"thumbnailUrl\":\"https:\\\/\\\/i0.wp.com\\\/www.jazzzeitung.de\\\/cms\\\/wp-content\\\/uploads\\\/2022\\\/02\\\/Isaiah-Collier-1.jpeg?fit=1200%2C800&ssl=1\",\"keywords\":[\"Brazzooka\",\"HfM Jazzorchester Weimar\",\"Jazzclub H\u00fcrth\",\"Jazzfestival Saalfelden 2022\",\"SchumuBigband Weimar\",\"The Raven Straubing\"],\"articleSection\":[\"News\"],\"inLanguage\":\"de\",\"potentialAction\":[{\"@type\":\"CommentAction\",\"name\":\"Comment\",\"target\":[\"https:\\\/\\\/www.jazzzeitung.de\\\/cms\\\/2022\\\/02\\\/news-4\\\/#respond\"]}]},{\"@type\":\"WebPage\",\"@id\":\"https:\\\/\\\/www.jazzzeitung.de\\\/cms\\\/2022\\\/02\\\/news-4\\\/\",\"url\":\"https:\\\/\\\/www.jazzzeitung.de\\\/cms\\\/2022\\\/02\\\/news-4\\\/\",\"name\":\"+++ news +++ Jazzfestival Saalfelden +++ Bigband-Konzert Weimar +++ Absage H\u00fcrth +++ Bazzooka in Straubing +++ - JazzZeitung\",\"isPartOf\":{\"@id\":\"https:\\\/\\\/www.jazzzeitung.de\\\/cms\\\/#website\"},\"primaryImageOfPage\":{\"@id\":\"https:\\\/\\\/www.jazzzeitung.de\\\/cms\\\/2022\\\/02\\\/news-4\\\/#primaryimage\"},\"image\":{\"@id\":\"https:\\\/\\\/www.jazzzeitung.de\\\/cms\\\/2022\\\/02\\\/news-4\\\/#primaryimage\"},\"thumbnailUrl\":\"https:\\\/\\\/i0.wp.com\\\/www.jazzzeitung.de\\\/cms\\\/wp-content\\\/uploads\\\/2022\\\/02\\\/Isaiah-Collier-1.jpeg?fit=1200%2C800&ssl=1\",\"datePublished\":\"2022-02-03T11:47:10+00:00\",\"dateModified\":\"2022-02-03T11:51:11+00:00\",\"breadcrumb\":{\"@id\":\"https:\\\/\\\/www.jazzzeitung.de\\\/cms\\\/2022\\\/02\\\/news-4\\\/#breadcrumb\"},\"inLanguage\":\"de\",\"potentialAction\":[{\"@type\":\"ReadAction\",\"target\":[\"https:\\\/\\\/www.jazzzeitung.de\\\/cms\\\/2022\\\/02\\\/news-4\\\/\"]}]},{\"@type\":\"ImageObject\",\"inLanguage\":\"de\",\"@id\":\"https:\\\/\\\/www.jazzzeitung.de\\\/cms\\\/2022\\\/02\\\/news-4\\\/#primaryimage\",\"url\":\"https:\\\/\\\/i0.wp.com\\\/www.jazzzeitung.de\\\/cms\\\/wp-content\\\/uploads\\\/2022\\\/02\\\/Isaiah-Collier-1.jpeg?fit=1200%2C800&ssl=1\",\"contentUrl\":\"https:\\\/\\\/i0.wp.com\\\/www.jazzzeitung.de\\\/cms\\\/wp-content\\\/uploads\\\/2022\\\/02\\\/Isaiah-Collier-1.jpeg?fit=1200%2C800&ssl=1\",\"width\":1200,\"height\":800,\"caption\":\"Foto. Jazzfestival Saalfelden\"},{\"@type\":\"BreadcrumbList\",\"@id\":\"https:\\\/\\\/www.jazzzeitung.de\\\/cms\\\/2022\\\/02\\\/news-4\\\/#breadcrumb\",\"itemListElement\":[{\"@type\":\"ListItem\",\"position\":1,\"name\":\"Startseite\",\"item\":\"https:\\\/\\\/www.jazzzeitung.de\\\/cms\\\/\"},{\"@type\":\"ListItem\",\"position\":2,\"name\":\"+++ news +++ Jazzfestival Saalfelden +++ Bigband-Konzert Weimar +++ Absage H\u00fcrth +++ Bazzooka in Straubing +++\"}]},{\"@type\":\"WebSite\",\"@id\":\"https:\\\/\\\/www.jazzzeitung.de\\\/cms\\\/#website\",\"url\":\"https:\\\/\\\/www.jazzzeitung.de\\\/cms\\\/\",\"name\":\"JazzZeitung\",\"description\":\"Jazz-News und Jazz-Kontroverses\",\"publisher\":{\"@id\":\"https:\\\/\\\/www.jazzzeitung.de\\\/cms\\\/#organization\"},\"potentialAction\":[{\"@type\":\"SearchAction\",\"target\":{\"@type\":\"EntryPoint\",\"urlTemplate\":\"https:\\\/\\\/www.jazzzeitung.de\\\/cms\\\/?s={search_term_string}\"},\"query-input\":{\"@type\":\"PropertyValueSpecification\",\"valueRequired\":true,\"valueName\":\"search_term_string\"}}],\"inLanguage\":\"de\"},{\"@type\":\"Organization\",\"@id\":\"https:\\\/\\\/www.jazzzeitung.de\\\/cms\\\/#organization\",\"name\":\"JazzZeitung online\",\"url\":\"https:\\\/\\\/www.jazzzeitung.de\\\/cms\\\/\",\"logo\":{\"@type\":\"ImageObject\",\"inLanguage\":\"de\",\"@id\":\"https:\\\/\\\/www.jazzzeitung.de\\\/cms\\\/#\\\/schema\\\/logo\\\/image\\\/\",\"url\":\"https:\\\/\\\/i0.wp.com\\\/www.jazzzeitung.de\\\/cms\\\/wp-content\\\/uploads\\\/2015\\\/08\\\/JAZZZEITUNGDE_Logo_Neu.png?fit=499%2C200&ssl=1\",\"contentUrl\":\"https:\\\/\\\/i0.wp.com\\\/www.jazzzeitung.de\\\/cms\\\/wp-content\\\/uploads\\\/2015\\\/08\\\/JAZZZEITUNGDE_Logo_Neu.png?fit=499%2C200&ssl=1\",\"width\":499,\"height\":200,\"caption\":\"JazzZeitung online\"},\"image\":{\"@id\":\"https:\\\/\\\/www.jazzzeitung.de\\\/cms\\\/#\\\/schema\\\/logo\\\/image\\\/\"},\"sameAs\":[\"https:\\\/\\\/www.facebook.com\\\/JazzZeitung\\\/\"]},{\"@type\":\"Person\",\"@id\":\"https:\\\/\\\/www.jazzzeitung.de\\\/cms\\\/#\\\/schema\\\/person\\\/2245b36b9cd1d24cea10f01c031fb92b\",\"name\":\"Redaktion JazzZeitung\",\"image\":{\"@type\":\"ImageObject\",\"inLanguage\":\"de\",\"@id\":\"https:\\\/\\\/i0.wp.com\\\/www.jazzzeitung.de\\\/cms\\\/wp-content\\\/uploads\\\/2015\\\/08\\\/JAZZZEITUNGDE_Logo_Neu.png?resize=96%2C96&ssl=159975dcacb611b5700bd619b5daf0a7a\",\"url\":\"https:\\\/\\\/i0.wp.com\\\/www.jazzzeitung.de\\\/cms\\\/wp-content\\\/uploads\\\/2015\\\/08\\\/JAZZZEITUNGDE_Logo_Neu.png?resize=96%2C96&ssl=1\",\"contentUrl\":\"https:\\\/\\\/i0.wp.com\\\/www.jazzzeitung.de\\\/cms\\\/wp-content\\\/uploads\\\/2015\\\/08\\\/JAZZZEITUNGDE_Logo_Neu.png?resize=96%2C96&ssl=1\",\"caption\":\"Redaktion JazzZeitung\"},\"description\":\"Artikel der Redaktion der JazzZeitung.\",\"sameAs\":[\"http:\\\/\\\/www.jazzzeitung.de\\\/cms\\\/\"],\"url\":\"https:\\\/\\\/www.jazzzeitung.de\\\/cms\\\/author\\\/redaktion\\\/\"}]}<\/script>\n<!-- \/ Yoast SEO plugin. -->","yoast_head_json":{"title":"+++ news +++ Jazzfestival Saalfelden +++ Bigband-Konzert Weimar +++ Absage H\u00fcrth +++ Bazzooka in Straubing +++ - JazzZeitung","robots":{"index":"index","follow":"follow","max-snippet":"max-snippet:-1","max-image-preview":"max-image-preview:large","max-video-preview":"max-video-preview:-1"},"canonical":"https:\/\/www.jazzzeitung.de\/cms\/2022\/02\/news-4\/","og_locale":"de_DE","og_type":"article","og_title":"+++ news +++ Jazzfestival Saalfelden +++ Bigband-Konzert Weimar +++ Absage H\u00fcrth +++ Bazzooka in Straubing +++ - JazzZeitung","og_description":"+++ Jazzfestival Saalfelden &#8211; Start des Ticketverkaufs +++ Vom 18.-21. August wird das Jazzfestivals Saalfelden in seiner 42. Ausgabe stattfinden. Mehr als 60 Konzerte an unterschiedlichen Spielorten sind geplant. Mit dabei sind u.a. Isaiah Collier &amp; The Chosen Few, Alba Careta Group, Christoph Cech Jazz Orchestra Project, Trondheim Jazz Orchestra &amp; Jason Moran, Fabian Rucker, Ted Poor &amp; Cuong Vu, Katharina Ernst als Artist in Residence, Gard Nilssen&#8217;s Supersonic Orchestra, Jason Moran solo, Signe Emmeluth&#8217;s Amoeba, Bushman&#8217;s Revenge, Gard Nilssen Acoustic Unity. Weitere Informationen unter: www.jazzsaalfelden.com Der Ticketverkauf startet ab sofort. Tickets k\u00f6nnen online hier bestellt werden: https:\/\/tickets.jazzsaalfelden.com\/ Unser Beitragsbild zeigt Issaiah Collier (Foto: Jazzfestival Saalfelden) &nbsp; +++ Bigband-Jazz im Doppelpack: Kooperation von SchumuBigband und HfM Jazz Orchestra im Livestream +++ Am Freitag, 4. Februar um 19:30 Uhr findet im Festsaal F\u00fcrstenhaus der HfM Weimar ein gemeinsames Konzert der SchumuBigband Weimar und des HfM Jazzorchesters statt. . Auf dem Programm stehen u.a. Werke von George Gershwin, Dizzy Gillespie, Duke Ellington, Bob Florence und Tom Waits. Das Konzert wird im Livestream auf www.hfm-weimar.de \u00fcbertragen. &nbsp; +++ Jazzclub H\u00fcrth: Absage der Konzerte im Februar +++ Wegen der &hellip;","og_url":"https:\/\/www.jazzzeitung.de\/cms\/2022\/02\/news-4\/","og_site_name":"JazzZeitung","article_publisher":"https:\/\/www.facebook.com\/JazzZeitung\/","article_published_time":"2022-02-03T11:47:10+00:00","article_modified_time":"2022-02-03T11:51:11+00:00","og_image":[{"width":1200,"height":800,"url":"https:\/\/i0.wp.com\/www.jazzzeitung.de\/cms\/wp-content\/uploads\/2022\/02\/Isaiah-Collier-1.jpeg?fit=1200%2C800&ssl=1","type":"image\/jpeg"}],"author":"Redaktion JazzZeitung","schema":{"@context":"https:\/\/schema.org","@graph":[{"@type":"Article","@id":"https:\/\/www.jazzzeitung.de\/cms\/2022\/02\/news-4\/#article","isPartOf":{"@id":"https:\/\/www.jazzzeitung.de\/cms\/2022\/02\/news-4\/"},"author":{"name":"Redaktion JazzZeitung","@id":"https:\/\/www.jazzzeitung.de\/cms\/#\/schema\/person\/2245b36b9cd1d24cea10f01c031fb92b"},"headline":"+++ news +++ Jazzfestival Saalfelden +++ Bigband-Konzert Weimar +++ Absage H\u00fcrth +++ Bazzooka in Straubing +++","datePublished":"2022-02-03T11:47:10+00:00","dateModified":"2022-02-03T11:51:11+00:00","mainEntityOfPage":{"@id":"https:\/\/www.jazzzeitung.de\/cms\/2022\/02\/news-4\/"},"wordCount":316,"commentCount":0,"publisher":{"@id":"https:\/\/www.jazzzeitung.de\/cms\/#organization"},"image":{"@id":"https:\/\/www.jazzzeitung.de\/cms\/2022\/02\/news-4\/#primaryimage"},"thumbnailUrl":"https:\/\/i0.wp.com\/www.jazzzeitung.de\/cms\/wp-content\/uploads\/2022\/02\/Isaiah-Collier-1.jpeg?fit=1200%2C800&ssl=1","keywords":["Brazzooka","HfM Jazzorchester Weimar","Jazzclub H\u00fcrth","Jazzfestival Saalfelden 2022","SchumuBigband Weimar","The Raven Straubing"],"articleSection":["News"],"inLanguage":"de","potentialAction":[{"@type":"CommentAction","name":"Comment","target":["https:\/\/www.jazzzeitung.de\/cms\/2022\/02\/news-4\/#respond"]}]},{"@type":"WebPage","@id":"https:\/\/www.jazzzeitung.de\/cms\/2022\/02\/news-4\/","url":"https:\/\/www.jazzzeitung.de\/cms\/2022\/02\/news-4\/","name":"+++ news +++ Jazzfestival Saalfelden +++ Bigband-Konzert Weimar +++ Absage H\u00fcrth +++ Bazzooka in Straubing +++ - JazzZeitung","isPartOf":{"@id":"https:\/\/www.jazzzeitung.de\/cms\/#website"},"primaryImageOfPage":{"@id":"https:\/\/www.jazzzeitung.de\/cms\/2022\/02\/news-4\/#primaryimage"},"image":{"@id":"https:\/\/www.jazzzeitung.de\/cms\/2022\/02\/news-4\/#primaryimage"},"thumbnailUrl":"https:\/\/i0.wp.com\/www.jazzzeitung.de\/cms\/wp-content\/uploads\/2022\/02\/Isaiah-Collier-1.jpeg?fit=1200%2C800&ssl=1","datePublished":"2022-02-03T11:47:10+00:00","dateModified":"2022-02-03T11:51:11+00:00","breadcrumb":{"@id":"https:\/\/www.jazzzeitung.de\/cms\/2022\/02\/news-4\/#breadcrumb"},"inLanguage":"de","potentialAction":[{"@type":"ReadAction","target":["https:\/\/www.jazzzeitung.de\/cms\/2022\/02\/news-4\/"]}]},{"@type":"ImageObject","inLanguage":"de","@id":"https:\/\/www.jazzzeitung.de\/cms\/2022\/02\/news-4\/#primaryimage","url":"https:\/\/i0.wp.com\/www.jazzzeitung.de\/cms\/wp-content\/uploads\/2022\/02\/Isaiah-Collier-1.jpeg?fit=1200%2C800&ssl=1","contentUrl":"https:\/\/i0.wp.com\/www.jazzzeitung.de\/cms\/wp-content\/uploads\/2022\/02\/Isaiah-Collier-1.jpeg?fit=1200%2C800&ssl=1","width":1200,"height":800,"caption":"Foto. Jazzfestival Saalfelden"},{"@type":"BreadcrumbList","@id":"https:\/\/www.jazzzeitung.de\/cms\/2022\/02\/news-4\/#breadcrumb","itemListElement":[{"@type":"ListItem","position":1,"name":"Startseite","item":"https:\/\/www.jazzzeitung.de\/cms\/"},{"@type":"ListItem","position":2,"name":"+++ news +++ Jazzfestival Saalfelden +++ Bigband-Konzert Weimar +++ Absage H\u00fcrth +++ Bazzooka in Straubing +++"}]},{"@type":"WebSite","@id":"https:\/\/www.jazzzeitung.de\/cms\/#website","url":"https:\/\/www.jazzzeitung.de\/cms\/","name":"JazzZeitung","description":"Jazz-News und Jazz-Kontroverses","publisher":{"@id":"https:\/\/www.jazzzeitung.de\/cms\/#organization"},"potentialAction":[{"@type":"SearchAction","target":{"@type":"EntryPoint","urlTemplate":"https:\/\/www.jazzzeitung.de\/cms\/?s={search_term_string}"},"query-input":{"@type":"PropertyValueSpecification","valueRequired":true,"valueName":"search_term_string"}}],"inLanguage":"de"},{"@type":"Organization","@id":"https:\/\/www.jazzzeitung.de\/cms\/#organization","name":"JazzZeitung online","url":"https:\/\/www.jazzzeitung.de\/cms\/","logo":{"@type":"ImageObject","inLanguage":"de","@id":"https:\/\/www.jazzzeitung.de\/cms\/#\/schema\/logo\/image\/","url":"https:\/\/i0.wp.com\/www.jazzzeitung.de\/cms\/wp-content\/uploads\/2015\/08\/JAZZZEITUNGDE_Logo_Neu.png?fit=499%2C200&ssl=1","contentUrl":"https:\/\/i0.wp.com\/www.jazzzeitung.de\/cms\/wp-content\/uploads\/2015\/08\/JAZZZEITUNGDE_Logo_Neu.png?fit=499%2C200&ssl=1","width":499,"height":200,"caption":"JazzZeitung online"},"image":{"@id":"https:\/\/www.jazzzeitung.de\/cms\/#\/schema\/logo\/image\/"},"sameAs":["https:\/\/www.facebook.com\/JazzZeitung\/"]},{"@type":"Person","@id":"https:\/\/www.jazzzeitung.de\/cms\/#\/schema\/person\/2245b36b9cd1d24cea10f01c031fb92b","name":"Redaktion JazzZeitung","image":{"@type":"ImageObject","inLanguage":"de","@id":"https:\/\/i0.wp.com\/www.jazzzeitung.de\/cms\/wp-content\/uploads\/2015\/08\/JAZZZEITUNGDE_Logo_Neu.png?resize=96%2C96&ssl=159975dcacb611b5700bd619b5daf0a7a","url":"https:\/\/i0.wp.com\/www.jazzzeitung.de\/cms\/wp-content\/uploads\/2015\/08\/JAZZZEITUNGDE_Logo_Neu.png?resize=96%2C96&ssl=1","contentUrl":"https:\/\/i0.wp.com\/www.jazzzeitung.de\/cms\/wp-content\/uploads\/2015\/08\/JAZZZEITUNGDE_Logo_Neu.png?resize=96%2C96&ssl=1","caption":"Redaktion JazzZeitung"},"description":"Artikel der Redaktion der JazzZeitung.","sameAs":["http:\/\/www.jazzzeitung.de\/cms\/"],"url":"https:\/\/www.jazzzeitung.de\/cms\/author\/redaktion\/"}]}},"wp-worthy-pixel":{"ignored":false,"public":null,"server":null,"url":null},"wp-worthy-type":"normal","jetpack_publicize_connections":[],"cc_featured_image_caption":{"caption_text":"","source_text":"","source_url":""},"jetpack_featured_media_url":"https:\/\/i0.wp.com\/www.jazzzeitung.de\/cms\/wp-content\/uploads\/2022\/02\/Isaiah-Collier-1.jpeg?fit=1200%2C800&ssl=1","jetpack_shortlink":"https:\/\/wp.me\/p3KEcT-6Wz","jetpack-related-posts":[{"id":12583,"url":"https:\/\/www.jazzzeitung.de\/cms\/2017\/06\/news-38-internationales-jazzfestival-saalfelden-24-27-08-2017\/","url_meta":{"origin":26695,"position":0},"title":"+++ News +++ Jazz im Hamburger Hafen: Elbjazz-Festival startet heute! +++  Stefan Frank Band ft. Michel Kneule 7.06.2017 in der AalenerJamSession +++ 38. Internationales Jazzfestival Saalfelden 24.-27.08.2017 +++","author":"Redaktion JazzZeitung","date":"2. Juni 2017","format":false,"excerpt":"+++ Jazz im Hamburger Hafen: Elbjazz-Festival startet heute! +++ Nach einj\u00e4hriger Pause kehrt am Freitag, den 2.06.2017 das Elbjazz-Festival in den Hamburger Hafen zur\u00fcck. In diesem Jahr werden auf acht B\u00fchnen\u00a0neben zahlreichen\u00a0Newcomern auch diverse Stars der Szene spielen, teilte der Veranstalter mit.\u00a0Zu den diesj\u00e4hrigen Highlights z\u00e4hlen Auftritte des\u00a0Joshua Redman Trios,\u2026","rel":"","context":"In &quot;News&quot;","block_context":{"text":"News","link":"https:\/\/www.jazzzeitung.de\/cms\/thema\/nachrichten\/"},"img":{"alt_text":"","src":"https:\/\/i0.wp.com\/www.jazzzeitung.de\/cms\/wp-content\/uploads\/2017\/06\/ELBJAZZ_Logo_schw-300x239.jpg?resize=350%2C200&ssl=1","width":350,"height":200},"classes":[]},{"id":19594,"url":"https:\/\/www.jazzzeitung.de\/cms\/2019\/05\/news-pee-wee-ellis-und-enrico-rava-beim-worms-jazz-joy-neuerungen-zur-40-ausgabe-des-international-jazzfestival-saalfelden-jazz-benefizkonzert-beim-lions-circusfestival-in-huerth\/","url_meta":{"origin":26695,"position":1},"title":"+++ news +++ Pee Wee Ellis und Enrico Rava beim \u201eWorms: Jazz &#038; Joy\u201c +++ Neuerungen zur 40. Ausgabe des International Jazzfestival Saalfelden +++ Jazz-Benefizkonzert beim Lions-Circusfestival in H\u00fcrth +++","author":"Redaktion JazzZeitung","date":"28. Mai 2019","format":false,"excerpt":"Vom 9. bis 11. August findet das \u201eWorms: Jazz & Joy\u201c auf f\u00fcnf Open-Air-B\u00fchnen rund um den historischen Wormser Kaiserdom statt. Der wohl bekannteste Gast, Jazz-Urgestein Pee Wee Ellis er\u00f6ffnet das Festival mit seiner \u201eFunk Assembly\u201c und ist einen Tag sp\u00e4ter nochmal zu h\u00f6ren, dann aber mit dem Pianisten Danny\u2026","rel":"","context":"In &quot;News&quot;","block_context":{"text":"News","link":"https:\/\/www.jazzzeitung.de\/cms\/thema\/nachrichten\/"},"img":{"alt_text":"","src":"https:\/\/i0.wp.com\/www.jazzzeitung.de\/cms\/wp-content\/uploads\/2019\/05\/Enrico-Rava-4-by-Roberto-Manzi.jpg?fit=1200%2C795&ssl=1&resize=350%2C200","width":350,"height":200,"srcset":"https:\/\/i0.wp.com\/www.jazzzeitung.de\/cms\/wp-content\/uploads\/2019\/05\/Enrico-Rava-4-by-Roberto-Manzi.jpg?fit=1200%2C795&ssl=1&resize=350%2C200 1x, https:\/\/i0.wp.com\/www.jazzzeitung.de\/cms\/wp-content\/uploads\/2019\/05\/Enrico-Rava-4-by-Roberto-Manzi.jpg?fit=1200%2C795&ssl=1&resize=525%2C300 1.5x, https:\/\/i0.wp.com\/www.jazzzeitung.de\/cms\/wp-content\/uploads\/2019\/05\/Enrico-Rava-4-by-Roberto-Manzi.jpg?fit=1200%2C795&ssl=1&resize=700%2C400 2x, https:\/\/i0.wp.com\/www.jazzzeitung.de\/cms\/wp-content\/uploads\/2019\/05\/Enrico-Rava-4-by-Roberto-Manzi.jpg?fit=1200%2C795&ssl=1&resize=1050%2C600 3x"},"classes":[]},{"id":11589,"url":"https:\/\/www.jazzzeitung.de\/cms\/2017\/01\/so-war-das-3-tage-jazz-in-saalfelden\/","url_meta":{"origin":26695,"position":2},"title":"So war das \u201e3 Tage Jazz\u201c in Saalfelden","author":"Redaktion JazzZeitung","date":"25. Januar 2017","format":false,"excerpt":"Fast 40 Jahre ist es her, als das heutige Jazzfestival Saalfelden unter dem Namen \"3 Tage Jazz\" 1978 seine Tore \u00f6ffnete. Nun im Jahr 2017 konnte man schon zum zweiten Mal den unkonventionellen Jazzt\u00f6nen auch im Winter lauschen und so pr\u00e4sentierten wir beim \u201e3 Tage Jazz\u201c von 20.\u00a0 bis 22.\u2026","rel":"","context":"In &quot;Bericht&quot;","block_context":{"text":"Bericht","link":"https:\/\/www.jazzzeitung.de\/cms\/thema\/bericht\/"},"img":{"alt_text":"","src":"https:\/\/i0.wp.com\/www.jazzzeitung.de\/cms\/wp-content\/uploads\/2017\/01\/Gianluigi-Trovesi-%C2%A9-Michael-Gei%C3%9Fler-150x150.jpg?resize=350%2C200","width":350,"height":200},"classes":[]},{"id":18436,"url":"https:\/\/www.jazzzeitung.de\/cms\/2019\/01\/news-saalfelden-leogang-feierte-3-tage-jazz-jazzfest-in-rottweil-programm-nahezu-komplett-das-suedtirol-jazzfestival-2019-bespielt-neue-locations\/","url_meta":{"origin":26695,"position":3},"title":"+++ News: +++ Saalfelden Leogang feierte \u201e3 Tage Jazz&#8220; +++ Jazzfest in Rottweil &#8211; Programm nahezu komplett! +++ Das S\u00fcdtirol Jazzfestival 2019 bespielt neue Locations +++","author":"Redaktion JazzZeitung","date":"28. Januar 2019","format":false,"excerpt":"Die ersten \"Drei Tage Jazz\" in der Saalfelden Leogang 2019 Vom 18.-20. Januar 2019 ging das vierte \u201e3 Tage Jazz\" Festival in der Region Saalfelden Leogang\u00a0 inmitten des Salzburger Innergebirgs \u00fcber die B\u00fchne. Das Appetith\u00e4ppchen aufs gro\u00dfe Saalfeldener Sommerfestival ist aber auch schonaus den Kinderschuhen raus und wurde zum neuen\u2026","rel":"","context":"In &quot;News&quot;","block_context":{"text":"News","link":"https:\/\/www.jazzzeitung.de\/cms\/thema\/nachrichten\/"},"img":{"alt_text":"","src":"https:\/\/i0.wp.com\/www.jazzzeitung.de\/cms\/wp-content\/uploads\/2019\/01\/Veranstalter-JazzfestivalcJohannesRadlwimmer.jpg?fit=1200%2C800&ssl=1&resize=350%2C200","width":350,"height":200,"srcset":"https:\/\/i0.wp.com\/www.jazzzeitung.de\/cms\/wp-content\/uploads\/2019\/01\/Veranstalter-JazzfestivalcJohannesRadlwimmer.jpg?fit=1200%2C800&ssl=1&resize=350%2C200 1x, https:\/\/i0.wp.com\/www.jazzzeitung.de\/cms\/wp-content\/uploads\/2019\/01\/Veranstalter-JazzfestivalcJohannesRadlwimmer.jpg?fit=1200%2C800&ssl=1&resize=525%2C300 1.5x, https:\/\/i0.wp.com\/www.jazzzeitung.de\/cms\/wp-content\/uploads\/2019\/01\/Veranstalter-JazzfestivalcJohannesRadlwimmer.jpg?fit=1200%2C800&ssl=1&resize=700%2C400 2x, https:\/\/i0.wp.com\/www.jazzzeitung.de\/cms\/wp-content\/uploads\/2019\/01\/Veranstalter-JazzfestivalcJohannesRadlwimmer.jpg?fit=1200%2C800&ssl=1&resize=1050%2C600 3x"},"classes":[]},{"id":13375,"url":"https:\/\/www.jazzzeitung.de\/cms\/2017\/08\/news-38-internationales-jazzfestival-saalfelden\/","url_meta":{"origin":26695,"position":4},"title":"+++ news +++ 38. Internationales Jazzfestival Saalfelden +++ Meier-Budjana Group Europe Tour 2017 +++ Programm f\u00fcr den Jazz Club Minden +++","author":"Redaktion JazzZeitung","date":"22. August 2017","format":false,"excerpt":"+++ 38. Internationales Jazzfestival Saalfelden vom 24. bis 27. August +++ Das Internationale Jazzfestival j\u00e4hrt sich 2017 bereits zum 38. Mal. Das Festival Saalfelden beginnt bereits am Donnerstagabend mit den sogenannten City Stage Konzerten auf dem Rathausplatz, welche kostenlos zug\u00e4nglich sind. Offiziell er\u00f6ffnet wird das Event dann am Freitagabend auf\u2026","rel":"","context":"In &quot;News&quot;","block_context":{"text":"News","link":"https:\/\/www.jazzzeitung.de\/cms\/thema\/nachrichten\/"},"img":{"alt_text":"","src":"https:\/\/i0.wp.com\/www.jazzzeitung.de\/cms\/wp-content\/uploads\/2017\/08\/image001-1-150x150.jpg?resize=350%2C200&ssl=1","width":350,"height":200},"classes":[]},{"id":4847,"url":"https:\/\/www.jazzzeitung.de\/cms\/2014\/11\/von-der-nadel-gepiekt-bericht-zum-jazzfestival-saalfelden-2014\/","url_meta":{"origin":26695,"position":5},"title":"Von der Nadel gepiekt: Bericht zum Jazzfestival Saalfelden 2014","author":"Redaktion JazzZeitung","date":"6. November 2014","format":false,"excerpt":"Text und Foto (Sylvie Courvoisier) von Ssirus W. Pakzad -\u00a0\u00a0 Ein kleines Jubil\u00e4um konnte das Internationale Jazzfestival im \u00f6sterreichischen Saalfelden feiern. Zum 35. Mal machten sich die Programmgestalter auf musikalische Spurensuche, sp\u00fcrten Trends nach und versuchten den Status Quo des zeitgen\u00f6ssischen Jazz zu bestimmen. Dabei m\u00fcssten sich die Intendanten Michaela\u2026","rel":"","context":"In &quot;Bericht&quot;","block_context":{"text":"Bericht","link":"https:\/\/www.jazzzeitung.de\/cms\/thema\/bericht\/"},"img":{"alt_text":"Sylvie_Courvoisier-06_12x18_300dpi_Pakzad","src":"https:\/\/i0.wp.com\/www.jazzzeitung.de\/cms\/wp-content\/uploads\/2014\/11\/Sylvie_Courvoisier-06_12x18_300dpi_Pakzad-150x150.jpg?resize=350%2C200","width":350,"height":200},"classes":[]}],"jetpack_sharing_enabled":true,"_links":{"self":[{"href":"https:\/\/www.jazzzeitung.de\/cms\/wp-json\/wp\/v2\/posts\/26695","targetHints":{"allow":["GET"]}}],"collection":[{"href":"https:\/\/www.jazzzeitung.de\/cms\/wp-json\/wp\/v2\/posts"}],"about":[{"href":"https:\/\/www.jazzzeitung.de\/cms\/wp-json\/wp\/v2\/types\/post"}],"author":[{"embeddable":true,"href":"https:\/\/www.jazzzeitung.de\/cms\/wp-json\/wp\/v2\/users\/18"}],"replies":[{"embeddable":true,"href":"https:\/\/www.jazzzeitung.de\/cms\/wp-json\/wp\/v2\/comments?post=26695"}],"version-history":[{"count":4,"href":"https:\/\/www.jazzzeitung.de\/cms\/wp-json\/wp\/v2\/posts\/26695\/revisions"}],"predecessor-version":[{"id":26700,"href":"https:\/\/www.jazzzeitung.de\/cms\/wp-json\/wp\/v2\/posts\/26695\/revisions\/26700"}],"wp:featuredmedia":[{"embeddable":true,"href":"https:\/\/www.jazzzeitung.de\/cms\/wp-json\/wp\/v2\/media\/26696"}],"wp:attachment":[{"href":"https:\/\/www.jazzzeitung.de\/cms\/wp-json\/wp\/v2\/media?parent=26695"}],"wp:term":[{"taxonomy":"category","embeddable":true,"href":"https:\/\/www.jazzzeitung.de\/cms\/wp-json\/wp\/v2\/categories?post=26695"},{"taxonomy":"post_tag","embeddable":true,"href":"https:\/\/www.jazzzeitung.de\/cms\/wp-json\/wp\/v2\/tags?post=26695"},{"taxonomy":"author","embeddable":true,"href":"https:\/\/www.jazzzeitung.de\/cms\/wp-json\/wp\/v2\/coauthors?post=26695"}],"curies":[{"name":"wp","href":"https:\/\/api.w.org\/{rel}","templated":true}]}}