{"id":266,"date":"2010-07-01T13:51:02","date_gmt":"2010-07-01T11:51:02","guid":{"rendered":"http:\/\/blogs.nmz.de\/jazz\/?p=266"},"modified":"2010-07-01T13:51:02","modified_gmt":"2010-07-01T11:51:02","slug":"tollwood-mit-jazznachwuchs","status":"publish","type":"post","link":"https:\/\/www.jazzzeitung.de\/cms\/2010\/07\/tollwood-mit-jazznachwuchs\/","title":{"rendered":"Tollwood mit Jazznachwuchs"},"content":{"rendered":"<p>Heute beginnt das Sommerfest &#8222;Tollwood&#8220; am M\u00fcnchner Olympiagel\u00e4nde. Dabei gibt&#8217;s neben kleineren und gr\u00f6\u00dferen Pop-Rock-Acts wie immer auch einige Konzerte mit &#8222;Jazzn\u00e4he&#8220; (Norah Jones \u2013 bereits ausverkauft!, Gilberto Gil, Roger Cicero).<\/p>\n<p>Neu hingegen ist die Plattform f\u00fcr den Jazz-Nachwuchs, die <strong>Blue-Note-Lounge<\/strong>. Tizian Jost, Dozent f\u00fcr Jazzpiano an der Hochschule f\u00fcr Musik und Theater M\u00fcnchen, hat aus dem Umfeld noch aktiver sowie ehemaliger Jazzstudenten ein t\u00e4gliches Programm zusammengestellt. <strong>Jazz-, Electrolounge- und Singer\/Songwriter-Projekte<\/strong> stellt die Hochschule auf die B\u00fchne. Unter anderem dabei: Rickie Lee Kroell, die wir erst k\u00fcrzlich als Konzertact bei uns im Blog hatten und auch Tizian Jost selbst, der bei seiner &#8222;Hommage an Milt Jackson&#8220; einmal nicht am Piano, sondern am Vibraphon zu sehen sein wird.<\/p>\n<p><em><strong>Tollwood 2010, vom 1.\u201325.7.2010<\/strong><\/em><\/p>\n<p>M\u00fcnchen, Olympia-Park S\u00fcd<\/p>\n<p>Blue Note Lounge, Beginn: jeweils 22.00 Uhr<\/p>\n<p><a href=\"http:\/\/www.tollwood.de\/sommerfestival-2010\/\" target=\"_blank\">Programm Tollwood 2010<\/a><\/p>\n<figure id=\"attachment_271\" aria-describedby=\"caption-attachment-271\" style=\"width: 300px\" class=\"wp-caption alignleft\"><img data-recalc-dims=\"1\" loading=\"lazy\" decoding=\"async\" data-attachment-id=\"271\" data-permalink=\"https:\/\/www.jazzzeitung.de\/cms\/2010\/07\/tollwood-mit-jazznachwuchs\/sommer06_3markusdlouhy\/\" data-orig-file=\"https:\/\/i0.wp.com\/www.jazzzeitung.de\/cms\/wp-content\/uploads\/2010\/07\/Sommer06_3MarkusDlouhy.jpg?fit=1280%2C856&amp;ssl=1\" data-orig-size=\"1280,856\" data-comments-opened=\"1\" data-image-meta=\"{&quot;aperture&quot;:&quot;8&quot;,&quot;credit&quot;:&quot;&quot;,&quot;camera&quot;:&quot;NIKON D200&quot;,&quot;caption&quot;:&quot;&quot;,&quot;created_timestamp&quot;:&quot;1182297468&quot;,&quot;copyright&quot;:&quot;&quot;,&quot;focal_length&quot;:&quot;12&quot;,&quot;iso&quot;:&quot;200&quot;,&quot;shutter_speed&quot;:&quot;2.5&quot;,&quot;title&quot;:&quot;&quot;}\" data-image-title=\"Sommer06_3MarkusDlouhy\" data-image-description=\"\" data-image-caption=\"\" data-large-file=\"https:\/\/i0.wp.com\/www.jazzzeitung.de\/cms\/wp-content\/uploads\/2010\/07\/Sommer06_3MarkusDlouhy.jpg?fit=840%2C561&amp;ssl=1\" class=\"size-medium wp-image-271\" title=\"Sommer06_3MarkusDlouhy\" src=\"https:\/\/i0.wp.com\/www.jazzzeitung.de\/cms\/wp-content\/uploads\/2010\/07\/Sommer06_3MarkusDlouhy-300x200.jpg?resize=300%2C200\" alt=\"Sommer06_3MarkusDlouhy\" width=\"300\" height=\"200\" srcset=\"https:\/\/i0.wp.com\/www.jazzzeitung.de\/cms\/wp-content\/uploads\/2010\/07\/Sommer06_3MarkusDlouhy.jpg?resize=300%2C200&amp;ssl=1 300w, https:\/\/i0.wp.com\/www.jazzzeitung.de\/cms\/wp-content\/uploads\/2010\/07\/Sommer06_3MarkusDlouhy.jpg?resize=1024%2C684&amp;ssl=1 1024w, https:\/\/i0.wp.com\/www.jazzzeitung.de\/cms\/wp-content\/uploads\/2010\/07\/Sommer06_3MarkusDlouhy.jpg?w=1280&amp;ssl=1 1280w\" sizes=\"auto, (max-width: 300px) 100vw, 300px\" \/><figcaption id=\"caption-attachment-271\" class=\"wp-caption-text\">Tollwood Sommer. Foto: Markus Dlouhy<\/figcaption><\/figure>\n<figure id=\"attachment_273\" aria-describedby=\"caption-attachment-273\" style=\"width: 300px\" class=\"wp-caption alignleft\"><img data-recalc-dims=\"1\" loading=\"lazy\" decoding=\"async\" data-attachment-id=\"273\" data-permalink=\"https:\/\/www.jazzzeitung.de\/cms\/2010\/07\/tollwood-mit-jazznachwuchs\/rz_roger_cicero_300_cmyk_small_foto_sven_sindt-2\/\" data-orig-file=\"https:\/\/i0.wp.com\/www.jazzzeitung.de\/cms\/wp-content\/uploads\/2010\/07\/rz_Roger_Cicero_300_cmyk_small_Foto_Sven_Sindt1.jpg?fit=1024%2C683&amp;ssl=1\" data-orig-size=\"1024,683\" data-comments-opened=\"1\" data-image-meta=\"{&quot;aperture&quot;:&quot;16&quot;,&quot;credit&quot;:&quot;&quot;,&quot;camera&quot;:&quot;Canon EOS-1Ds Mark III&quot;,&quot;caption&quot;:&quot;&quot;,&quot;created_timestamp&quot;:&quot;1229107117&quot;,&quot;copyright&quot;:&quot;&quot;,&quot;focal_length&quot;:&quot;70&quot;,&quot;iso&quot;:&quot;100&quot;,&quot;shutter_speed&quot;:&quot;0.008&quot;,&quot;title&quot;:&quot;&quot;}\" data-image-title=\"rz_Roger_Cicero_300_cmyk_small_Foto_Sven_Sindt\" data-image-description=\"\" data-image-caption=\"&lt;p&gt;noch zu haben: Roger Cicero. Foto: Sven Sindt&lt;\/p&gt;\n\" data-large-file=\"https:\/\/i0.wp.com\/www.jazzzeitung.de\/cms\/wp-content\/uploads\/2010\/07\/rz_Roger_Cicero_300_cmyk_small_Foto_Sven_Sindt1.jpg?fit=840%2C560&amp;ssl=1\" class=\"size-medium wp-image-273\" title=\"rz_Roger_Cicero_300_cmyk_small_Foto_Sven_Sindt\" src=\"https:\/\/i0.wp.com\/www.jazzzeitung.de\/cms\/wp-content\/uploads\/2010\/07\/rz_Roger_Cicero_300_cmyk_small_Foto_Sven_Sindt1-300x200.jpg?resize=300%2C200\" alt=\"noch zu haben: Roger Cicero. Foto: Sven Sindt\" width=\"300\" height=\"200\" srcset=\"https:\/\/i0.wp.com\/www.jazzzeitung.de\/cms\/wp-content\/uploads\/2010\/07\/rz_Roger_Cicero_300_cmyk_small_Foto_Sven_Sindt1.jpg?resize=300%2C200&amp;ssl=1 300w, https:\/\/i0.wp.com\/www.jazzzeitung.de\/cms\/wp-content\/uploads\/2010\/07\/rz_Roger_Cicero_300_cmyk_small_Foto_Sven_Sindt1.jpg?w=1024&amp;ssl=1 1024w\" sizes=\"auto, (max-width: 300px) 100vw, 300px\" \/><figcaption id=\"caption-attachment-273\" class=\"wp-caption-text\">Norah Jones ist schon vergeben \u2013 er ist aber noch zu haben: Roger Cicero. Foto: Sven Sindt<\/figcaption><\/figure>\n","protected":false},"excerpt":{"rendered":"<p>Heute beginnt das Sommerfest &#8222;Tollwood&#8220; am M\u00fcnchner Olympiagel\u00e4nde. Dabei gibt&#8217;s neben kleineren und gr\u00f6\u00dferen Pop-Rock-Acts wie immer auch einige Konzerte mit &#8222;Jazzn\u00e4he&#8220; (Norah Jones \u2013 bereits ausverkauft!, Gilberto Gil, Roger Cicero). Neu hingegen ist die Plattform f\u00fcr den Jazz-Nachwuchs, die Blue-Note-Lounge. Tizian Jost, Dozent f\u00fcr Jazzpiano an der Hochschule f\u00fcr Musik und Theater M\u00fcnchen, hat aus dem Umfeld noch aktiver sowie ehemaliger Jazzstudenten ein t\u00e4gliches Programm zusammengestellt. Jazz-, Electrolounge- und Singer\/Songwriter-Projekte stellt die Hochschule auf die B\u00fchne. Unter anderem dabei: Rickie Lee Kroell, die wir erst k\u00fcrzlich als Konzertact bei uns im Blog hatten und auch Tizian Jost selbst, der bei seiner &#8222;Hommage an Milt Jackson&#8220; einmal nicht am Piano, sondern am Vibraphon zu sehen sein wird. Tollwood 2010, vom 1.\u201325.7.2010 M\u00fcnchen, Olympia-Park S\u00fcd Blue Note Lounge, Beginn: jeweils 22.00 Uhr Programm Tollwood 2010<\/p>\n","protected":false},"author":4,"featured_media":0,"comment_status":"open","ping_status":"open","sticky":false,"template":"","format":"standard","meta":{"_jetpack_memberships_contains_paid_content":false,"footnotes":"","jetpack_publicize_message":"","jetpack_publicize_feature_enabled":true,"jetpack_social_post_already_shared":false,"jetpack_social_options":{"image_generator_settings":{"template":"highway","default_image_id":0,"font":"","enabled":false},"version":2}},"categories":[82],"tags":[1191,226,283,323,552],"coauthors":[],"class_list":["post-266","post","type-post","status-publish","format-standard","hentry","category-blog","tag-blog","tag-hochschule-fuer-musik-und-theater","tag-jazzpiano","tag-konzerte","tag-tizian-jost"],"yoast_head":"<!-- This site is optimized with the Yoast SEO plugin v27.5 - https:\/\/yoast.com\/product\/yoast-seo-wordpress\/ -->\n<title>Tollwood mit Jazznachwuchs - JazzZeitung<\/title>\n<meta name=\"robots\" content=\"index, follow, max-snippet:-1, max-image-preview:large, max-video-preview:-1\" \/>\n<link rel=\"canonical\" href=\"https:\/\/www.jazzzeitung.de\/cms\/2010\/07\/tollwood-mit-jazznachwuchs\/\" \/>\n<meta property=\"og:locale\" content=\"de_DE\" \/>\n<meta property=\"og:type\" content=\"article\" \/>\n<meta property=\"og:title\" content=\"Tollwood mit Jazznachwuchs - JazzZeitung\" \/>\n<meta property=\"og:description\" content=\"Heute beginnt das Sommerfest &#8222;Tollwood&#8220; am M\u00fcnchner Olympiagel\u00e4nde. Dabei gibt&#8217;s neben kleineren und gr\u00f6\u00dferen Pop-Rock-Acts wie immer auch einige Konzerte mit &#8222;Jazzn\u00e4he&#8220; (Norah Jones \u2013 bereits ausverkauft!, Gilberto Gil, Roger Cicero). Neu hingegen ist die Plattform f\u00fcr den Jazz-Nachwuchs, die Blue-Note-Lounge. Tizian Jost, Dozent f\u00fcr Jazzpiano an der Hochschule f\u00fcr Musik und Theater M\u00fcnchen, hat aus dem Umfeld noch aktiver sowie ehemaliger Jazzstudenten ein t\u00e4gliches Programm zusammengestellt. Jazz-, Electrolounge- und Singer\/Songwriter-Projekte stellt die Hochschule auf die B\u00fchne. Unter anderem dabei: Rickie Lee Kroell, die wir erst k\u00fcrzlich als Konzertact bei uns im Blog hatten und auch Tizian Jost selbst, der bei seiner &#8222;Hommage an Milt Jackson&#8220; einmal nicht am Piano, sondern am Vibraphon zu sehen sein wird. Tollwood 2010, vom 1.\u201325.7.2010 M\u00fcnchen, Olympia-Park S\u00fcd Blue Note Lounge, Beginn: jeweils 22.00 Uhr Programm Tollwood 2010\" \/>\n<meta property=\"og:url\" content=\"https:\/\/www.jazzzeitung.de\/cms\/2010\/07\/tollwood-mit-jazznachwuchs\/\" \/>\n<meta property=\"og:site_name\" content=\"JazzZeitung\" \/>\n<meta property=\"article:publisher\" content=\"https:\/\/www.facebook.com\/JazzZeitung\/\" \/>\n<meta property=\"article:published_time\" content=\"2010-07-01T11:51:02+00:00\" \/>\n<meta property=\"og:image\" content=\"http:\/\/www.jazzzeitung.de\/cms\/wp-content\/uploads\/2010\/07\/Sommer06_3MarkusDlouhy-300x200.jpg\" \/>\n<meta name=\"author\" content=\"J\u00f6rg Lichtinger\" \/>\n<script type=\"application\/ld+json\" class=\"yoast-schema-graph\">{\"@context\":\"https:\\\/\\\/schema.org\",\"@graph\":[{\"@type\":\"Article\",\"@id\":\"https:\\\/\\\/www.jazzzeitung.de\\\/cms\\\/2010\\\/07\\\/tollwood-mit-jazznachwuchs\\\/#article\",\"isPartOf\":{\"@id\":\"https:\\\/\\\/www.jazzzeitung.de\\\/cms\\\/2010\\\/07\\\/tollwood-mit-jazznachwuchs\\\/\"},\"author\":{\"name\":\"J\u00f6rg Lichtinger\",\"@id\":\"https:\\\/\\\/www.jazzzeitung.de\\\/cms\\\/#\\\/schema\\\/person\\\/4c5aaf486bdcd85db94b9a8b9e026bad\"},\"headline\":\"Tollwood mit Jazznachwuchs\",\"datePublished\":\"2010-07-01T11:51:02+00:00\",\"mainEntityOfPage\":{\"@id\":\"https:\\\/\\\/www.jazzzeitung.de\\\/cms\\\/2010\\\/07\\\/tollwood-mit-jazznachwuchs\\\/\"},\"wordCount\":184,\"commentCount\":0,\"publisher\":{\"@id\":\"https:\\\/\\\/www.jazzzeitung.de\\\/cms\\\/#organization\"},\"image\":{\"@id\":\"https:\\\/\\\/www.jazzzeitung.de\\\/cms\\\/2010\\\/07\\\/tollwood-mit-jazznachwuchs\\\/#primaryimage\"},\"thumbnailUrl\":\"http:\\\/\\\/www.jazzzeitung.de\\\/cms\\\/wp-content\\\/uploads\\\/2010\\\/07\\\/Sommer06_3MarkusDlouhy-300x200.jpg\",\"keywords\":[\"Blog\",\"Hochschule f\u00fcr Musik und Theater\",\"Jazzpiano\",\"Konzerte\",\"Tizian Jost\"],\"articleSection\":[\"Blog\"],\"inLanguage\":\"de\",\"potentialAction\":[{\"@type\":\"CommentAction\",\"name\":\"Comment\",\"target\":[\"https:\\\/\\\/www.jazzzeitung.de\\\/cms\\\/2010\\\/07\\\/tollwood-mit-jazznachwuchs\\\/#respond\"]}]},{\"@type\":\"WebPage\",\"@id\":\"https:\\\/\\\/www.jazzzeitung.de\\\/cms\\\/2010\\\/07\\\/tollwood-mit-jazznachwuchs\\\/\",\"url\":\"https:\\\/\\\/www.jazzzeitung.de\\\/cms\\\/2010\\\/07\\\/tollwood-mit-jazznachwuchs\\\/\",\"name\":\"Tollwood mit Jazznachwuchs - JazzZeitung\",\"isPartOf\":{\"@id\":\"https:\\\/\\\/www.jazzzeitung.de\\\/cms\\\/#website\"},\"primaryImageOfPage\":{\"@id\":\"https:\\\/\\\/www.jazzzeitung.de\\\/cms\\\/2010\\\/07\\\/tollwood-mit-jazznachwuchs\\\/#primaryimage\"},\"image\":{\"@id\":\"https:\\\/\\\/www.jazzzeitung.de\\\/cms\\\/2010\\\/07\\\/tollwood-mit-jazznachwuchs\\\/#primaryimage\"},\"thumbnailUrl\":\"http:\\\/\\\/www.jazzzeitung.de\\\/cms\\\/wp-content\\\/uploads\\\/2010\\\/07\\\/Sommer06_3MarkusDlouhy-300x200.jpg\",\"datePublished\":\"2010-07-01T11:51:02+00:00\",\"breadcrumb\":{\"@id\":\"https:\\\/\\\/www.jazzzeitung.de\\\/cms\\\/2010\\\/07\\\/tollwood-mit-jazznachwuchs\\\/#breadcrumb\"},\"inLanguage\":\"de\",\"potentialAction\":[{\"@type\":\"ReadAction\",\"target\":[\"https:\\\/\\\/www.jazzzeitung.de\\\/cms\\\/2010\\\/07\\\/tollwood-mit-jazznachwuchs\\\/\"]}]},{\"@type\":\"ImageObject\",\"inLanguage\":\"de\",\"@id\":\"https:\\\/\\\/www.jazzzeitung.de\\\/cms\\\/2010\\\/07\\\/tollwood-mit-jazznachwuchs\\\/#primaryimage\",\"url\":\"http:\\\/\\\/www.jazzzeitung.de\\\/cms\\\/wp-content\\\/uploads\\\/2010\\\/07\\\/Sommer06_3MarkusDlouhy-300x200.jpg\",\"contentUrl\":\"http:\\\/\\\/www.jazzzeitung.de\\\/cms\\\/wp-content\\\/uploads\\\/2010\\\/07\\\/Sommer06_3MarkusDlouhy-300x200.jpg\"},{\"@type\":\"BreadcrumbList\",\"@id\":\"https:\\\/\\\/www.jazzzeitung.de\\\/cms\\\/2010\\\/07\\\/tollwood-mit-jazznachwuchs\\\/#breadcrumb\",\"itemListElement\":[{\"@type\":\"ListItem\",\"position\":1,\"name\":\"Startseite\",\"item\":\"https:\\\/\\\/www.jazzzeitung.de\\\/cms\\\/\"},{\"@type\":\"ListItem\",\"position\":2,\"name\":\"Tollwood mit Jazznachwuchs\"}]},{\"@type\":\"WebSite\",\"@id\":\"https:\\\/\\\/www.jazzzeitung.de\\\/cms\\\/#website\",\"url\":\"https:\\\/\\\/www.jazzzeitung.de\\\/cms\\\/\",\"name\":\"JazzZeitung\",\"description\":\"Jazz-News und Jazz-Kontroverses\",\"publisher\":{\"@id\":\"https:\\\/\\\/www.jazzzeitung.de\\\/cms\\\/#organization\"},\"potentialAction\":[{\"@type\":\"SearchAction\",\"target\":{\"@type\":\"EntryPoint\",\"urlTemplate\":\"https:\\\/\\\/www.jazzzeitung.de\\\/cms\\\/?s={search_term_string}\"},\"query-input\":{\"@type\":\"PropertyValueSpecification\",\"valueRequired\":true,\"valueName\":\"search_term_string\"}}],\"inLanguage\":\"de\"},{\"@type\":\"Organization\",\"@id\":\"https:\\\/\\\/www.jazzzeitung.de\\\/cms\\\/#organization\",\"name\":\"JazzZeitung online\",\"url\":\"https:\\\/\\\/www.jazzzeitung.de\\\/cms\\\/\",\"logo\":{\"@type\":\"ImageObject\",\"inLanguage\":\"de\",\"@id\":\"https:\\\/\\\/www.jazzzeitung.de\\\/cms\\\/#\\\/schema\\\/logo\\\/image\\\/\",\"url\":\"https:\\\/\\\/i0.wp.com\\\/www.jazzzeitung.de\\\/cms\\\/wp-content\\\/uploads\\\/2015\\\/08\\\/JAZZZEITUNGDE_Logo_Neu.png?fit=499%2C200&ssl=1\",\"contentUrl\":\"https:\\\/\\\/i0.wp.com\\\/www.jazzzeitung.de\\\/cms\\\/wp-content\\\/uploads\\\/2015\\\/08\\\/JAZZZEITUNGDE_Logo_Neu.png?fit=499%2C200&ssl=1\",\"width\":499,\"height\":200,\"caption\":\"JazzZeitung online\"},\"image\":{\"@id\":\"https:\\\/\\\/www.jazzzeitung.de\\\/cms\\\/#\\\/schema\\\/logo\\\/image\\\/\"},\"sameAs\":[\"https:\\\/\\\/www.facebook.com\\\/JazzZeitung\\\/\"]},{\"@type\":\"Person\",\"@id\":\"https:\\\/\\\/www.jazzzeitung.de\\\/cms\\\/#\\\/schema\\\/person\\\/4c5aaf486bdcd85db94b9a8b9e026bad\",\"name\":\"J\u00f6rg Lichtinger\",\"image\":{\"@type\":\"ImageObject\",\"inLanguage\":\"de\",\"@id\":\"https:\\\/\\\/secure.gravatar.com\\\/avatar\\\/8d1d484eb77cf370a1620f9866681cdba540c9b8439ce96ea0c830dd3b59936c?s=96&d=wp_user_avatar&r=ge66dff7680db2349fb79ae0cb2d734e3\",\"url\":\"https:\\\/\\\/secure.gravatar.com\\\/avatar\\\/8d1d484eb77cf370a1620f9866681cdba540c9b8439ce96ea0c830dd3b59936c?s=96&d=wp_user_avatar&r=g\",\"contentUrl\":\"https:\\\/\\\/secure.gravatar.com\\\/avatar\\\/8d1d484eb77cf370a1620f9866681cdba540c9b8439ce96ea0c830dd3b59936c?s=96&d=wp_user_avatar&r=g\",\"caption\":\"J\u00f6rg Lichtinger\"},\"url\":\"https:\\\/\\\/www.jazzzeitung.de\\\/cms\\\/author\\\/lichtinger\\\/\"}]}<\/script>\n<!-- \/ Yoast SEO plugin. -->","yoast_head_json":{"title":"Tollwood mit Jazznachwuchs - JazzZeitung","robots":{"index":"index","follow":"follow","max-snippet":"max-snippet:-1","max-image-preview":"max-image-preview:large","max-video-preview":"max-video-preview:-1"},"canonical":"https:\/\/www.jazzzeitung.de\/cms\/2010\/07\/tollwood-mit-jazznachwuchs\/","og_locale":"de_DE","og_type":"article","og_title":"Tollwood mit Jazznachwuchs - JazzZeitung","og_description":"Heute beginnt das Sommerfest &#8222;Tollwood&#8220; am M\u00fcnchner Olympiagel\u00e4nde. Dabei gibt&#8217;s neben kleineren und gr\u00f6\u00dferen Pop-Rock-Acts wie immer auch einige Konzerte mit &#8222;Jazzn\u00e4he&#8220; (Norah Jones \u2013 bereits ausverkauft!, Gilberto Gil, Roger Cicero). Neu hingegen ist die Plattform f\u00fcr den Jazz-Nachwuchs, die Blue-Note-Lounge. Tizian Jost, Dozent f\u00fcr Jazzpiano an der Hochschule f\u00fcr Musik und Theater M\u00fcnchen, hat aus dem Umfeld noch aktiver sowie ehemaliger Jazzstudenten ein t\u00e4gliches Programm zusammengestellt. Jazz-, Electrolounge- und Singer\/Songwriter-Projekte stellt die Hochschule auf die B\u00fchne. Unter anderem dabei: Rickie Lee Kroell, die wir erst k\u00fcrzlich als Konzertact bei uns im Blog hatten und auch Tizian Jost selbst, der bei seiner &#8222;Hommage an Milt Jackson&#8220; einmal nicht am Piano, sondern am Vibraphon zu sehen sein wird. Tollwood 2010, vom 1.\u201325.7.2010 M\u00fcnchen, Olympia-Park S\u00fcd Blue Note Lounge, Beginn: jeweils 22.00 Uhr Programm Tollwood 2010","og_url":"https:\/\/www.jazzzeitung.de\/cms\/2010\/07\/tollwood-mit-jazznachwuchs\/","og_site_name":"JazzZeitung","article_publisher":"https:\/\/www.facebook.com\/JazzZeitung\/","article_published_time":"2010-07-01T11:51:02+00:00","og_image":[{"url":"http:\/\/www.jazzzeitung.de\/cms\/wp-content\/uploads\/2010\/07\/Sommer06_3MarkusDlouhy-300x200.jpg","type":"","width":"","height":""}],"author":"J\u00f6rg Lichtinger","schema":{"@context":"https:\/\/schema.org","@graph":[{"@type":"Article","@id":"https:\/\/www.jazzzeitung.de\/cms\/2010\/07\/tollwood-mit-jazznachwuchs\/#article","isPartOf":{"@id":"https:\/\/www.jazzzeitung.de\/cms\/2010\/07\/tollwood-mit-jazznachwuchs\/"},"author":{"name":"J\u00f6rg Lichtinger","@id":"https:\/\/www.jazzzeitung.de\/cms\/#\/schema\/person\/4c5aaf486bdcd85db94b9a8b9e026bad"},"headline":"Tollwood mit Jazznachwuchs","datePublished":"2010-07-01T11:51:02+00:00","mainEntityOfPage":{"@id":"https:\/\/www.jazzzeitung.de\/cms\/2010\/07\/tollwood-mit-jazznachwuchs\/"},"wordCount":184,"commentCount":0,"publisher":{"@id":"https:\/\/www.jazzzeitung.de\/cms\/#organization"},"image":{"@id":"https:\/\/www.jazzzeitung.de\/cms\/2010\/07\/tollwood-mit-jazznachwuchs\/#primaryimage"},"thumbnailUrl":"http:\/\/www.jazzzeitung.de\/cms\/wp-content\/uploads\/2010\/07\/Sommer06_3MarkusDlouhy-300x200.jpg","keywords":["Blog","Hochschule f\u00fcr Musik und Theater","Jazzpiano","Konzerte","Tizian Jost"],"articleSection":["Blog"],"inLanguage":"de","potentialAction":[{"@type":"CommentAction","name":"Comment","target":["https:\/\/www.jazzzeitung.de\/cms\/2010\/07\/tollwood-mit-jazznachwuchs\/#respond"]}]},{"@type":"WebPage","@id":"https:\/\/www.jazzzeitung.de\/cms\/2010\/07\/tollwood-mit-jazznachwuchs\/","url":"https:\/\/www.jazzzeitung.de\/cms\/2010\/07\/tollwood-mit-jazznachwuchs\/","name":"Tollwood mit Jazznachwuchs - JazzZeitung","isPartOf":{"@id":"https:\/\/www.jazzzeitung.de\/cms\/#website"},"primaryImageOfPage":{"@id":"https:\/\/www.jazzzeitung.de\/cms\/2010\/07\/tollwood-mit-jazznachwuchs\/#primaryimage"},"image":{"@id":"https:\/\/www.jazzzeitung.de\/cms\/2010\/07\/tollwood-mit-jazznachwuchs\/#primaryimage"},"thumbnailUrl":"http:\/\/www.jazzzeitung.de\/cms\/wp-content\/uploads\/2010\/07\/Sommer06_3MarkusDlouhy-300x200.jpg","datePublished":"2010-07-01T11:51:02+00:00","breadcrumb":{"@id":"https:\/\/www.jazzzeitung.de\/cms\/2010\/07\/tollwood-mit-jazznachwuchs\/#breadcrumb"},"inLanguage":"de","potentialAction":[{"@type":"ReadAction","target":["https:\/\/www.jazzzeitung.de\/cms\/2010\/07\/tollwood-mit-jazznachwuchs\/"]}]},{"@type":"ImageObject","inLanguage":"de","@id":"https:\/\/www.jazzzeitung.de\/cms\/2010\/07\/tollwood-mit-jazznachwuchs\/#primaryimage","url":"http:\/\/www.jazzzeitung.de\/cms\/wp-content\/uploads\/2010\/07\/Sommer06_3MarkusDlouhy-300x200.jpg","contentUrl":"http:\/\/www.jazzzeitung.de\/cms\/wp-content\/uploads\/2010\/07\/Sommer06_3MarkusDlouhy-300x200.jpg"},{"@type":"BreadcrumbList","@id":"https:\/\/www.jazzzeitung.de\/cms\/2010\/07\/tollwood-mit-jazznachwuchs\/#breadcrumb","itemListElement":[{"@type":"ListItem","position":1,"name":"Startseite","item":"https:\/\/www.jazzzeitung.de\/cms\/"},{"@type":"ListItem","position":2,"name":"Tollwood mit Jazznachwuchs"}]},{"@type":"WebSite","@id":"https:\/\/www.jazzzeitung.de\/cms\/#website","url":"https:\/\/www.jazzzeitung.de\/cms\/","name":"JazzZeitung","description":"Jazz-News und Jazz-Kontroverses","publisher":{"@id":"https:\/\/www.jazzzeitung.de\/cms\/#organization"},"potentialAction":[{"@type":"SearchAction","target":{"@type":"EntryPoint","urlTemplate":"https:\/\/www.jazzzeitung.de\/cms\/?s={search_term_string}"},"query-input":{"@type":"PropertyValueSpecification","valueRequired":true,"valueName":"search_term_string"}}],"inLanguage":"de"},{"@type":"Organization","@id":"https:\/\/www.jazzzeitung.de\/cms\/#organization","name":"JazzZeitung online","url":"https:\/\/www.jazzzeitung.de\/cms\/","logo":{"@type":"ImageObject","inLanguage":"de","@id":"https:\/\/www.jazzzeitung.de\/cms\/#\/schema\/logo\/image\/","url":"https:\/\/i0.wp.com\/www.jazzzeitung.de\/cms\/wp-content\/uploads\/2015\/08\/JAZZZEITUNGDE_Logo_Neu.png?fit=499%2C200&ssl=1","contentUrl":"https:\/\/i0.wp.com\/www.jazzzeitung.de\/cms\/wp-content\/uploads\/2015\/08\/JAZZZEITUNGDE_Logo_Neu.png?fit=499%2C200&ssl=1","width":499,"height":200,"caption":"JazzZeitung online"},"image":{"@id":"https:\/\/www.jazzzeitung.de\/cms\/#\/schema\/logo\/image\/"},"sameAs":["https:\/\/www.facebook.com\/JazzZeitung\/"]},{"@type":"Person","@id":"https:\/\/www.jazzzeitung.de\/cms\/#\/schema\/person\/4c5aaf486bdcd85db94b9a8b9e026bad","name":"J\u00f6rg Lichtinger","image":{"@type":"ImageObject","inLanguage":"de","@id":"https:\/\/secure.gravatar.com\/avatar\/8d1d484eb77cf370a1620f9866681cdba540c9b8439ce96ea0c830dd3b59936c?s=96&d=wp_user_avatar&r=ge66dff7680db2349fb79ae0cb2d734e3","url":"https:\/\/secure.gravatar.com\/avatar\/8d1d484eb77cf370a1620f9866681cdba540c9b8439ce96ea0c830dd3b59936c?s=96&d=wp_user_avatar&r=g","contentUrl":"https:\/\/secure.gravatar.com\/avatar\/8d1d484eb77cf370a1620f9866681cdba540c9b8439ce96ea0c830dd3b59936c?s=96&d=wp_user_avatar&r=g","caption":"J\u00f6rg Lichtinger"},"url":"https:\/\/www.jazzzeitung.de\/cms\/author\/lichtinger\/"}]}},"wp-worthy-pixel":{"ignored":false,"public":null,"server":null,"url":null},"wp-worthy-type":"normal","jetpack_publicize_connections":[],"cc_featured_image_caption":{"caption_text":false,"source_text":false,"source_url":false},"jetpack_featured_media_url":"","jetpack_shortlink":"https:\/\/wp.me\/p3KEcT-4i","jetpack-related-posts":[{"id":7983,"url":"https:\/\/www.jazzzeitung.de\/cms\/2015\/12\/7983\/","url_meta":{"origin":266,"position":0},"title":"Der Jazz und die Komponisten der Weimarer Republik","author":"Redaktion JazzZeitung","date":"17. Dezember 2015","format":"gallery","excerpt":"Die Konzertreihe \u201eFeindsender\u201c beleuchtet die kontroverse und tragische Situation des Jazz unter der Nazi-Diktatur. Die Konzerte werden ausf\u00fchrlich moderiert und mit interessanten R\u00fcckblicken auf die Musikszene und Zitaten aus Originalquellen angereichert. Das Ensemble besteht aus Studierenden und Dozenten der Hochschule f\u00fcr Musik und Theater M\u00fcnchen mit dem besonderen Fokus auf\u2026","rel":"","context":"In &quot;Galerie&quot;","block_context":{"text":"Galerie","link":"https:\/\/www.jazzzeitung.de\/cms\/thema\/galerie\/"},"img":{"alt_text":"","src":"https:\/\/i0.wp.com\/www.jazzzeitung.de\/cms\/wp-content\/uploads\/2015\/12\/0K3A0813-Bazijan-Riessler-Jost-dombr.jpg?resize=350%2C200","width":350,"height":200,"srcset":"https:\/\/i0.wp.com\/www.jazzzeitung.de\/cms\/wp-content\/uploads\/2015\/12\/0K3A0813-Bazijan-Riessler-Jost-dombr.jpg?resize=350%2C200 1x, https:\/\/i0.wp.com\/www.jazzzeitung.de\/cms\/wp-content\/uploads\/2015\/12\/0K3A0813-Bazijan-Riessler-Jost-dombr.jpg?resize=525%2C300 1.5x, https:\/\/i0.wp.com\/www.jazzzeitung.de\/cms\/wp-content\/uploads\/2015\/12\/0K3A0813-Bazijan-Riessler-Jost-dombr.jpg?resize=700%2C400 2x, https:\/\/i0.wp.com\/www.jazzzeitung.de\/cms\/wp-content\/uploads\/2015\/12\/0K3A0813-Bazijan-Riessler-Jost-dombr.jpg?resize=1050%2C600 3x"},"classes":[]},{"id":11998,"url":"https:\/\/www.jazzzeitung.de\/cms\/2017\/03\/junger-muenchner-jazzpreis-2017-jetzt-bewerben\/","url_meta":{"origin":266,"position":1},"title":"Junger M\u00fcnchner Jazzpreis 2017 &#8211; jetzt bewerben!","author":"Redaktion JazzZeitung","date":"20. M\u00e4rz 2017","format":false,"excerpt":"F\u00fcr den Jungen M\u00fcnchner Jazzpreis 2017 sind Bewerbungen von Bands bzw. Musiker(inn)en bis 28 Jahre sind bis zum 1. Juli 2017 (Eingang) herzlich willkommen. Junger M\u00fcnchner Jazzpreis Der Junge M\u00fcnchner Jazzpreis (JMJP) wird 2017 das 5. Mal vergeben. Es ist ein F\u00f6rderpreis von \u201amucjazz - M\u00fcnchner Verein zur F\u00f6rderung von\u2026","rel":"","context":"In &quot;News&quot;","block_context":{"text":"News","link":"https:\/\/www.jazzzeitung.de\/cms\/thema\/nachrichten\/"},"img":{"alt_text":"","src":"","width":0,"height":0},"classes":[]},{"id":7771,"url":"https:\/\/www.jazzzeitung.de\/cms\/2015\/11\/7771\/","url_meta":{"origin":266,"position":2},"title":"Feindsender spielt im NS-Dokumentationszentrum M\u00fcnchen","author":"Redaktion JazzZeitung","date":"18. November 2015","format":false,"excerpt":"\"Die Filmkomponisten der UFA und ihr Verh\u00e4ltnis zum Jazz\" \u2013 das ist das Thema eines Konzerts im M\u00fcnchner NS-Dokumentationszentrum am 25. November. F\u00fcr die UFA (Universum Film AG), den gr\u00f6\u00dften Film-Produzenten der Weimarer Republik waren viele Komponisten t\u00e4tig, die als wichtige Quelle den Jazz verwendeten. Als ab den 1930er Jahren\u2026","rel":"","context":"In &quot;News&quot;","block_context":{"text":"News","link":"https:\/\/www.jazzzeitung.de\/cms\/thema\/nachrichten\/"},"img":{"alt_text":"Feindsender","src":"https:\/\/i0.wp.com\/www.jazzzeitung.de\/cms\/wp-content\/uploads\/2015\/11\/Feindsender-150x150.jpg?resize=350%2C200","width":350,"height":200},"classes":[]},{"id":11792,"url":"https:\/\/www.jazzzeitung.de\/cms\/2017\/02\/11792\/","url_meta":{"origin":266,"position":3},"title":"Tizian Jost zum 2. LAG Jazzfestival in Murnau","author":"Redaktion JazzZeitung","date":"27. Februar 2017","format":false,"excerpt":"Nach der Premiere im vergangenen Jahr in Regensburg findet das Landesjazzfestival 2017 in Murnau am Staffelsee statt (23. bis 25. Juni). Im Mittelpunkt der Veranstaltung steht erneut die Begegnung von regionalen und international renommierten K\u00fcnstlern. Bei dem von der Landesarbeitsgemeinschaft Jazz in Bayern (LAG) gemeinsam mit dem Kulturverein Murnau ausgerichteten\u2026","rel":"","context":"In &quot;Bericht&quot;","block_context":{"text":"Bericht","link":"https:\/\/www.jazzzeitung.de\/cms\/thema\/bericht\/"},"img":{"alt_text":"","src":"https:\/\/i0.wp.com\/www.jazzzeitung.de\/cms\/wp-content\/uploads\/2017\/02\/Tizian-Jost_9649-150x150.jpg?resize=350%2C200","width":350,"height":200},"classes":[]},{"id":24252,"url":"https:\/\/www.jazzzeitung.de\/cms\/2021\/01\/verleihung-des-berklee-master-of-global-jazz-award-an-dusko-goykovich-jazz-trompeter-und-ehrenmitglied-des-jazz-instituts-livestream-auf-youtube\/","url_meta":{"origin":266,"position":4},"title":"Verleihung des &#8222;Berklee Master of Global Jazz Award&#8220; an Dusko Goykovich, Jazz-Trompeter und Ehrenmitglied des Jazz Instituts Livestream auf Youtube","author":"Redaktion JazzZeitung","date":"20. Januar 2021","format":false,"excerpt":"Die drei Gewinner des 5. Kurt Maas Jazz Award bestreiten am Freitag, 22. Januar 2021 um 19:00 Uhr gemeinsam mit Kolleginnen und Kollegen des Jazz Instituts der Hochschule f\u00fcr Musik und Theater M\u00fcnchen (HMTM) das Preistr\u00e4gerkonzert des Wettbewerbs als Livestream auf dem Youtube-Kanal des Jazz Instituts. Besonderer H\u00f6hepunkt ist au\u00dferdem\u2026","rel":"","context":"In &quot;News&quot;","block_context":{"text":"News","link":"https:\/\/www.jazzzeitung.de\/cms\/thema\/nachrichten\/"},"img":{"alt_text":"","src":"https:\/\/i0.wp.com\/www.jazzzeitung.de\/cms\/wp-content\/uploads\/2021\/01\/Goykovich_Dusko_c_Jan-Scheffner-scaled.jpg?fit=1200%2C798&ssl=1&resize=350%2C200","width":350,"height":200,"srcset":"https:\/\/i0.wp.com\/www.jazzzeitung.de\/cms\/wp-content\/uploads\/2021\/01\/Goykovich_Dusko_c_Jan-Scheffner-scaled.jpg?fit=1200%2C798&ssl=1&resize=350%2C200 1x, https:\/\/i0.wp.com\/www.jazzzeitung.de\/cms\/wp-content\/uploads\/2021\/01\/Goykovich_Dusko_c_Jan-Scheffner-scaled.jpg?fit=1200%2C798&ssl=1&resize=525%2C300 1.5x, https:\/\/i0.wp.com\/www.jazzzeitung.de\/cms\/wp-content\/uploads\/2021\/01\/Goykovich_Dusko_c_Jan-Scheffner-scaled.jpg?fit=1200%2C798&ssl=1&resize=700%2C400 2x, https:\/\/i0.wp.com\/www.jazzzeitung.de\/cms\/wp-content\/uploads\/2021\/01\/Goykovich_Dusko_c_Jan-Scheffner-scaled.jpg?fit=1200%2C798&ssl=1&resize=1050%2C600 3x"},"classes":[]},{"id":3862,"url":"https:\/\/www.jazzzeitung.de\/cms\/2014\/05\/quartett-aus-augsburg-gewinnt-ersten-lag-jazzpreis\/","url_meta":{"origin":266,"position":5},"title":"Quartett aus Augsburg gewinnt ersten LAG-Jazzpreis","author":"Redaktion JazzZeitung","date":"6. Mai 2014","format":false,"excerpt":"Erstmals ist im Rahmen des Kemptener Jazzfr\u00fchlings \u2013 der heuer zum 30. Mal stattgefunden hat \u2013 der Hansj\u00fcrg Hensler Wettbewerb durchgef\u00fchrt worden. F\u00fcr das Finale im Stadttheater vom Kempten waren vier Bands aus einem Bewerberkreis von 20 Jazzensembles ausgew\u00e4hlt worden. Nach einer spannenden Konzertsession, an der sich jede Finalisten-Band 30\u2026","rel":"","context":"In &quot;News&quot;","block_context":{"text":"News","link":"https:\/\/www.jazzzeitung.de\/cms\/thema\/nachrichten\/"},"img":{"alt_text":"Jesse van Ruller \/ Three For Jazz - Live At The Jazzclub","src":"https:\/\/i0.wp.com\/www.jazzzeitung.de\/cms\/wp-content\/uploads\/2014\/05\/JilmanZilman-Jesse-van-Ruller-150x150.jpg?resize=350%2C200","width":350,"height":200},"classes":[]}],"jetpack_sharing_enabled":true,"_links":{"self":[{"href":"https:\/\/www.jazzzeitung.de\/cms\/wp-json\/wp\/v2\/posts\/266","targetHints":{"allow":["GET"]}}],"collection":[{"href":"https:\/\/www.jazzzeitung.de\/cms\/wp-json\/wp\/v2\/posts"}],"about":[{"href":"https:\/\/www.jazzzeitung.de\/cms\/wp-json\/wp\/v2\/types\/post"}],"author":[{"embeddable":true,"href":"https:\/\/www.jazzzeitung.de\/cms\/wp-json\/wp\/v2\/users\/4"}],"replies":[{"embeddable":true,"href":"https:\/\/www.jazzzeitung.de\/cms\/wp-json\/wp\/v2\/comments?post=266"}],"version-history":[{"count":0,"href":"https:\/\/www.jazzzeitung.de\/cms\/wp-json\/wp\/v2\/posts\/266\/revisions"}],"wp:attachment":[{"href":"https:\/\/www.jazzzeitung.de\/cms\/wp-json\/wp\/v2\/media?parent=266"}],"wp:term":[{"taxonomy":"category","embeddable":true,"href":"https:\/\/www.jazzzeitung.de\/cms\/wp-json\/wp\/v2\/categories?post=266"},{"taxonomy":"post_tag","embeddable":true,"href":"https:\/\/www.jazzzeitung.de\/cms\/wp-json\/wp\/v2\/tags?post=266"},{"taxonomy":"author","embeddable":true,"href":"https:\/\/www.jazzzeitung.de\/cms\/wp-json\/wp\/v2\/coauthors?post=266"}],"curies":[{"name":"wp","href":"https:\/\/api.w.org\/{rel}","templated":true}]}}