{"id":26578,"date":"2022-01-22T10:00:48","date_gmt":"2022-01-22T09:00:48","guid":{"rendered":"https:\/\/www.jazzzeitung.de\/cms\/?p=26578"},"modified":"2022-01-21T10:52:45","modified_gmt":"2022-01-21T09:52:45","slug":"zwei-furiose-geister-im-gleichklang","status":"publish","type":"post","link":"https:\/\/www.jazzzeitung.de\/cms\/2022\/01\/zwei-furiose-geister-im-gleichklang\/","title":{"rendered":"Zwei furiose Geister im Gleichklang"},"content":{"rendered":"<p>Regensburg. \u201eFurios, es war einfach furios!\u201c Es ist eine Mischung aus Staunen, Begeisterung und Ehrfurcht, die sich im Gesicht der Jazzclub-Besucherin widerspiegelt. \u201eIch konnte nur noch ihre H\u00e4nde anschauen\u201c, stimmt die Begleiterin in das Lob \u00fcber das Konzert der Berliner Pianistin Aki Takase mit dem Saxofonisten Daniel Erdmann ein. Nach einer l\u00e4ngeren Konzertpause, zog das ungew\u00f6hnliche Duo musikbegeisterte Zuh\u00f6rer geradezu magisch an. Die wenigen Pl\u00e4tze f\u00fcr eine unsinnige 25-prozentige Auslastung des Konzertraums im Leeren Beutel waren schnell ausverkauft.<\/p>\n<p>Ungew\u00f6hnlich ist nicht nur die Besetzung der beiden Musiker, sie geh\u00f6ren auch zwei verschiedenen Generationen an. Die in Japan geborene virtuose Pianistin, die ihre ersten Auftritte im Jazzclub des Bestsellerautors Haruki Murakamis hatte, ist mit dem Modern Jazz gro\u00df geworden. In den 1980er Jahren kam sie nach Europa und tauchte mit ihrem Mann, dem Pianisten und Gr\u00fcnder des Globe Unity Orchestra Alexander von Schlippenbach, verst\u00e4rkt in die Improvisation und freiere Spielweisen ein. Dabei entwickelte sie \u00fcber Projekte, in denen sie sich intensiv mit der Jazzgeschichte von Duke Ellington bis Ornette Coleman auseinandersetzte, einen energiegeladenen eigenen Stil mit insistierendem Akkordspiel und hartem Anschlag.<\/p>\n<p>Beide haben im vergangenen Herbst den erstmals von Kulturstaatsministerin Monika Gr\u00fctters vergebenen Deutschen Jazzpreis erhalten. Takase f\u00fcr ihre k\u00fcnstlerische Leistungen am Piano und Erdmann als Saxofonist. Der geb\u00fcrtige Wolfsburger wuchs zeitweise in den USA auf. W\u00e4hrend seines Musikstudiums in Berlin begegnete er erstmals seiner sp\u00e4teren Duopartnerin. Musikalisch ist er im aktuellen, europ\u00e4isch gepr\u00e4gten Jazzgeschehen verankert mit feinen Wurzeln in der Jazztradition. Die blitzten auch immer wieder im Spiel der beiden auf, die sich nach knapp zwei Jahrzehnten 2020 wieder begegnet sind und spontan beschlossen ihre musikalische Beziehung aufzufrischen. Nach vielen Online-Proben w\u00e4hrend der Lockdowns, nahmen sie in Budapest ihr Duo-Album auf, welches sie nach Richard Rodgers Standard \u201eIsn`t it Romantic?\u201c benannten.<\/p>\n<div class=\"tiled-gallery type-rectangular tiled-gallery-unresized\" data-original-width=\"840\" data-carousel-extra='{&quot;blog_id&quot;:1,&quot;permalink&quot;:&quot;https:\\\/\\\/www.jazzzeitung.de\\\/cms\\\/2022\\\/01\\\/zwei-furiose-geister-im-gleichklang\\\/&quot;,&quot;likes_blog_id&quot;:55446655}' itemscope itemtype=\"http:\/\/schema.org\/ImageGallery\" > <div class=\"gallery-row\" style=\"width: 840px; height: 595px;\" data-original-width=\"840\" data-original-height=\"595\" > <div class=\"gallery-group images-1\" style=\"width: 398px; height: 595px;\" data-original-width=\"398\" data-original-height=\"595\" > <div class=\"tiled-gallery-item tiled-gallery-item-large\" itemprop=\"associatedMedia\" itemscope itemtype=\"http:\/\/schema.org\/ImageObject\"> <a href=\"https:\/\/www.jazzzeitung.de\/cms\/2022\/01\/zwei-furiose-geister-im-gleichklang\/takase-aki_02\/\" border=\"0\" itemprop=\"url\"> <meta itemprop=\"width\" content=\"394\"> <meta itemprop=\"height\" content=\"591\"> <img decoding=\"async\" class=\"\" data-attachment-id=\"26584\" data-orig-file=\"https:\/\/www.jazzzeitung.de\/cms\/wp-content\/uploads\/2022\/01\/takase-aki_02.jpg\" data-orig-size=\"1575,2362\" data-comments-opened=\"1\" data-image-meta=\"{&quot;aperture&quot;:&quot;5&quot;,&quot;credit&quot;:&quot;MICHAEL Scheiner&quot;,&quot;camera&quot;:&quot;NIKON D7200&quot;,&quot;caption&quot;:&quot;&quot;,&quot;created_timestamp&quot;:&quot;1642107146&quot;,&quot;copyright&quot;:&quot;Michael Scheiner&quot;,&quot;focal_length&quot;:&quot;62&quot;,&quot;iso&quot;:&quot;2500&quot;,&quot;shutter_speed&quot;:&quot;0.01&quot;,&quot;title&quot;:&quot;&quot;,&quot;orientation&quot;:&quot;1&quot;}\" data-image-title=\"takase-aki_02\" data-image-description=\"\" data-medium-file=\"https:\/\/i0.wp.com\/www.jazzzeitung.de\/cms\/wp-content\/uploads\/2022\/01\/takase-aki_02.jpg?fit=200%2C300&#038;ssl=1\" data-large-file=\"https:\/\/i0.wp.com\/www.jazzzeitung.de\/cms\/wp-content\/uploads\/2022\/01\/takase-aki_02.jpg?fit=400%2C600&#038;ssl=1\" src=\"https:\/\/i0.wp.com\/www.jazzzeitung.de\/cms\/wp-content\/uploads\/2022\/01\/takase-aki_02.jpg?w=394&#038;h=591&#038;ssl=1\" srcset=\"https:\/\/i0.wp.com\/www.jazzzeitung.de\/cms\/wp-content\/uploads\/2022\/01\/takase-aki_02.jpg?w=1575&amp;ssl=1 1575w, https:\/\/i0.wp.com\/www.jazzzeitung.de\/cms\/wp-content\/uploads\/2022\/01\/takase-aki_02.jpg?resize=200%2C300&amp;ssl=1 200w, https:\/\/i0.wp.com\/www.jazzzeitung.de\/cms\/wp-content\/uploads\/2022\/01\/takase-aki_02.jpg?resize=400%2C600&amp;ssl=1 400w, https:\/\/i0.wp.com\/www.jazzzeitung.de\/cms\/wp-content\/uploads\/2022\/01\/takase-aki_02.jpg?resize=768%2C1152&amp;ssl=1 768w, https:\/\/i0.wp.com\/www.jazzzeitung.de\/cms\/wp-content\/uploads\/2022\/01\/takase-aki_02.jpg?resize=1024%2C1536&amp;ssl=1 1024w, https:\/\/i0.wp.com\/www.jazzzeitung.de\/cms\/wp-content\/uploads\/2022\/01\/takase-aki_02.jpg?resize=1366%2C2048&amp;ssl=1 1366w, https:\/\/i0.wp.com\/www.jazzzeitung.de\/cms\/wp-content\/uploads\/2022\/01\/takase-aki_02.jpg?resize=1320%2C1980&amp;ssl=1 1320w\" width=\"394\" height=\"591\" loading=\"lazy\" data-original-width=\"394\" data-original-height=\"591\" itemprop=\"http:\/\/schema.org\/image\" title=\"takase-aki_02\" alt=\"Aki Takase am Piano. Foto: Michael Scheiner\" style=\"width: 394px; height: 591px;\" \/> <\/a> <div class=\"tiled-gallery-caption\" itemprop=\"caption description\"> Aki Takase am Piano. Foto: Michael Scheiner <\/div> <\/div> <\/div> <!-- close group --> <div class=\"gallery-group images-2\" style=\"width: 442px; height: 595px;\" data-original-width=\"442\" data-original-height=\"595\" > <div class=\"tiled-gallery-item tiled-gallery-item-large\" itemprop=\"associatedMedia\" itemscope itemtype=\"http:\/\/schema.org\/ImageObject\"> <a href=\"https:\/\/www.jazzzeitung.de\/cms\/2022\/01\/zwei-furiose-geister-im-gleichklang\/erdmann-daniel_55\/\" border=\"0\" itemprop=\"url\"> <meta itemprop=\"width\" content=\"438\"> <meta itemprop=\"height\" content=\"292\"> <img decoding=\"async\" class=\"\" data-attachment-id=\"26581\" data-orig-file=\"https:\/\/www.jazzzeitung.de\/cms\/wp-content\/uploads\/2022\/01\/erdmann-daniel_55.jpg\" data-orig-size=\"2362,1575\" data-comments-opened=\"1\" data-image-meta=\"{&quot;aperture&quot;:&quot;6&quot;,&quot;credit&quot;:&quot;MICHAEL Scheiner&quot;,&quot;camera&quot;:&quot;NIKON D7200&quot;,&quot;caption&quot;:&quot;&quot;,&quot;created_timestamp&quot;:&quot;1642104276&quot;,&quot;copyright&quot;:&quot;Michael Scheiner&quot;,&quot;focal_length&quot;:&quot;155&quot;,&quot;iso&quot;:&quot;2500&quot;,&quot;shutter_speed&quot;:&quot;0.0125&quot;,&quot;title&quot;:&quot;&quot;,&quot;orientation&quot;:&quot;1&quot;}\" data-image-title=\"erdmann-daniel_55\" data-image-description=\"\" data-medium-file=\"https:\/\/i0.wp.com\/www.jazzzeitung.de\/cms\/wp-content\/uploads\/2022\/01\/erdmann-daniel_55.jpg?fit=300%2C200&#038;ssl=1\" data-large-file=\"https:\/\/i0.wp.com\/www.jazzzeitung.de\/cms\/wp-content\/uploads\/2022\/01\/erdmann-daniel_55.jpg?fit=840%2C560&#038;ssl=1\" src=\"https:\/\/i0.wp.com\/www.jazzzeitung.de\/cms\/wp-content\/uploads\/2022\/01\/erdmann-daniel_55.jpg?w=438&#038;h=292&#038;ssl=1\" srcset=\"https:\/\/i0.wp.com\/www.jazzzeitung.de\/cms\/wp-content\/uploads\/2022\/01\/erdmann-daniel_55.jpg?w=2362&amp;ssl=1 2362w, https:\/\/i0.wp.com\/www.jazzzeitung.de\/cms\/wp-content\/uploads\/2022\/01\/erdmann-daniel_55.jpg?resize=300%2C200&amp;ssl=1 300w, https:\/\/i0.wp.com\/www.jazzzeitung.de\/cms\/wp-content\/uploads\/2022\/01\/erdmann-daniel_55.jpg?resize=900%2C600&amp;ssl=1 900w, https:\/\/i0.wp.com\/www.jazzzeitung.de\/cms\/wp-content\/uploads\/2022\/01\/erdmann-daniel_55.jpg?resize=768%2C512&amp;ssl=1 768w, https:\/\/i0.wp.com\/www.jazzzeitung.de\/cms\/wp-content\/uploads\/2022\/01\/erdmann-daniel_55.jpg?resize=1536%2C1024&amp;ssl=1 1536w, https:\/\/i0.wp.com\/www.jazzzeitung.de\/cms\/wp-content\/uploads\/2022\/01\/erdmann-daniel_55.jpg?resize=2048%2C1366&amp;ssl=1 2048w, https:\/\/i0.wp.com\/www.jazzzeitung.de\/cms\/wp-content\/uploads\/2022\/01\/erdmann-daniel_55.jpg?resize=120%2C80&amp;ssl=1 120w, https:\/\/i0.wp.com\/www.jazzzeitung.de\/cms\/wp-content\/uploads\/2022\/01\/erdmann-daniel_55.jpg?resize=1320%2C880&amp;ssl=1 1320w, https:\/\/i0.wp.com\/www.jazzzeitung.de\/cms\/wp-content\/uploads\/2022\/01\/erdmann-daniel_55.jpg?w=1680&amp;ssl=1 1680w\" width=\"438\" height=\"292\" loading=\"lazy\" data-original-width=\"438\" data-original-height=\"292\" itemprop=\"http:\/\/schema.org\/image\" title=\"erdmann-daniel_55\" alt=\"Daniel Erdmann am Sopransaxophon. Foto: Michael Scheiner\" style=\"width: 438px; height: 292px;\" \/> <\/a> <div class=\"tiled-gallery-caption\" itemprop=\"caption description\"> Daniel Erdmann am Sopransaxophon. Foto: Michael Scheiner <\/div> <\/div> <div class=\"tiled-gallery-item tiled-gallery-item-large\" itemprop=\"associatedMedia\" itemscope itemtype=\"http:\/\/schema.org\/ImageObject\"> <a href=\"https:\/\/www.jazzzeitung.de\/cms\/2022\/01\/zwei-furiose-geister-im-gleichklang\/takase-erdmann_83\/\" border=\"0\" itemprop=\"url\"> <meta itemprop=\"width\" content=\"438\"> <meta itemprop=\"height\" content=\"295\"> <img decoding=\"async\" class=\"\" data-attachment-id=\"26583\" data-orig-file=\"https:\/\/www.jazzzeitung.de\/cms\/wp-content\/uploads\/2022\/01\/takase-erdmann_83.jpg\" data-orig-size=\"2362,1596\" data-comments-opened=\"1\" data-image-meta=\"{&quot;aperture&quot;:&quot;5&quot;,&quot;credit&quot;:&quot;MICHAEL Scheiner&quot;,&quot;camera&quot;:&quot;NIKON D7200&quot;,&quot;caption&quot;:&quot;&quot;,&quot;created_timestamp&quot;:&quot;1642105181&quot;,&quot;copyright&quot;:&quot;Michael Scheiner&quot;,&quot;focal_length&quot;:&quot;62&quot;,&quot;iso&quot;:&quot;2500&quot;,&quot;shutter_speed&quot;:&quot;0.0125&quot;,&quot;title&quot;:&quot;&quot;,&quot;orientation&quot;:&quot;1&quot;}\" data-image-title=\"takase-erdmann_83\" data-image-description=\"\" data-medium-file=\"https:\/\/i0.wp.com\/www.jazzzeitung.de\/cms\/wp-content\/uploads\/2022\/01\/takase-erdmann_83.jpg?fit=300%2C203&#038;ssl=1\" data-large-file=\"https:\/\/i0.wp.com\/www.jazzzeitung.de\/cms\/wp-content\/uploads\/2022\/01\/takase-erdmann_83.jpg?fit=840%2C568&#038;ssl=1\" src=\"https:\/\/i0.wp.com\/www.jazzzeitung.de\/cms\/wp-content\/uploads\/2022\/01\/takase-erdmann_83.jpg?w=438&#038;h=295&#038;ssl=1\" srcset=\"https:\/\/i0.wp.com\/www.jazzzeitung.de\/cms\/wp-content\/uploads\/2022\/01\/takase-erdmann_83.jpg?w=2362&amp;ssl=1 2362w, https:\/\/i0.wp.com\/www.jazzzeitung.de\/cms\/wp-content\/uploads\/2022\/01\/takase-erdmann_83.jpg?resize=300%2C203&amp;ssl=1 300w, https:\/\/i0.wp.com\/www.jazzzeitung.de\/cms\/wp-content\/uploads\/2022\/01\/takase-erdmann_83.jpg?resize=888%2C600&amp;ssl=1 888w, https:\/\/i0.wp.com\/www.jazzzeitung.de\/cms\/wp-content\/uploads\/2022\/01\/takase-erdmann_83.jpg?resize=768%2C519&amp;ssl=1 768w, https:\/\/i0.wp.com\/www.jazzzeitung.de\/cms\/wp-content\/uploads\/2022\/01\/takase-erdmann_83.jpg?resize=1536%2C1038&amp;ssl=1 1536w, https:\/\/i0.wp.com\/www.jazzzeitung.de\/cms\/wp-content\/uploads\/2022\/01\/takase-erdmann_83.jpg?resize=2048%2C1384&amp;ssl=1 2048w, https:\/\/i0.wp.com\/www.jazzzeitung.de\/cms\/wp-content\/uploads\/2022\/01\/takase-erdmann_83.jpg?resize=120%2C80&amp;ssl=1 120w, https:\/\/i0.wp.com\/www.jazzzeitung.de\/cms\/wp-content\/uploads\/2022\/01\/takase-erdmann_83.jpg?resize=1320%2C892&amp;ssl=1 1320w, https:\/\/i0.wp.com\/www.jazzzeitung.de\/cms\/wp-content\/uploads\/2022\/01\/takase-erdmann_83.jpg?w=1680&amp;ssl=1 1680w\" width=\"438\" height=\"295\" loading=\"lazy\" data-original-width=\"438\" data-original-height=\"295\" itemprop=\"http:\/\/schema.org\/image\" title=\"takase-erdmann_83\" alt=\"Furioses Duo. Aki Takase und Daniel Erdmann. Foto: Michael Scheiner\" style=\"width: 438px; height: 295px;\" \/> <\/a> <div class=\"tiled-gallery-caption\" itemprop=\"caption description\"> Furioses Duo. Aki Takase und Daniel Erdmann. Foto: Michael Scheiner <\/div> <\/div> <\/div> <!-- close group --> <\/div> <!-- close row --> <\/div>\n<p>Dieser schnulzige Klassiker bildete die erste Zugabe des Konzertes im Leeren Beutel, ironisch gebrochen, mit viel Witz, Ankl\u00e4ngen an den Kintopp und einer herrlich verspielten leidenschaftlichen Lust. Die Antwort des hingerissenen Publikums viel \u2013 erwartbar \u2013 keinen Deut weniger leidenschaftlich aus. Heftiger Beifall und Bravo-Rufe, bis die beiden Musiker mit leicht verstohlener Freude zu einer weiteren Zugabe ansetzten \u2013 ein balladeskes St\u00fcck voll zarter Eleganz. Ein Abgang nach Ma\u00df.<\/p>\n<p>Zuvor pr\u00e4sentierten sie in komplexen St\u00fccken wie \u201eAn jeder Kreuzung liegt eine Erinnerung begraben\u201c, \u201eVoodoo Girl\u201c, dem dunklen \u201eMagic\u201c oder \u201eBonjour Tristesse\u201c vom neuen Album ihr traumhaftes Zusammenspiel. Gepr\u00e4gt von einer unb\u00e4ndigen Energie, Witz und einem schier unersch\u00f6pflichen Fundus an Ideen rasten sie \u00fcber holprige Wege, st\u00fcrzten sich in Cluster, jagten in jubelnde H\u00f6hen und lauschten in sanfte Ecken voller gehauchter Zartheit. Ein Hochgenuss f\u00fcr jede corona-geschundene Seele.<\/p>\n<p><em>Beitragsbild: Aki Takase. Foto: Michael Scheiner<\/em><\/p>\n<p><em>Beide erhielten 2021 den Deutschen Jazzpreis. Daniel Erdmann wurde 2020 mit dem SWR Jazzpreis ausgezeichnet (den Aki Takase bereits 2002 erhalten hat). Im November 2021 wurde Aki Takase im Rahmen des Berliner Jazzfests der renommierte Albert Mangelsdorff-Preis verliehen.<\/em><\/p>\n<p><em>\u00a0<\/em><\/p>\n","protected":false},"excerpt":{"rendered":"<p>Regensburg. \u201eFurios, es war einfach furios!\u201c Es ist eine Mischung aus Staunen, Begeisterung und Ehrfurcht, die sich im Gesicht der Jazzclub-Besucherin widerspiegelt. \u201eIch konnte nur noch ihre H\u00e4nde anschauen\u201c, stimmt die Begleiterin in das Lob \u00fcber das Konzert der Berliner Pianistin Aki Takase mit dem Saxofonisten Daniel Erdmann ein. Nach einer l\u00e4ngeren Konzertpause, zog das ungew\u00f6hnliche Duo musikbegeisterte Zuh\u00f6rer geradezu magisch an. Die wenigen Pl\u00e4tze f\u00fcr eine unsinnige 25-prozentige Auslastung des Konzertraums im Leeren Beutel waren schnell ausverkauft. Ungew\u00f6hnlich ist nicht nur die Besetzung der beiden Musiker, sie geh\u00f6ren auch zwei verschiedenen Generationen an. Die in Japan geborene virtuose Pianistin, die ihre ersten Auftritte im Jazzclub des Bestsellerautors Haruki Murakamis hatte, ist mit dem Modern Jazz gro\u00df geworden. In den 1980er Jahren kam sie nach Europa und tauchte mit ihrem Mann, dem Pianisten und Gr\u00fcnder des Globe Unity Orchestra Alexander von Schlippenbach, verst\u00e4rkt in die Improvisation und freiere Spielweisen ein. Dabei entwickelte sie \u00fcber Projekte, in denen sie sich intensiv mit der Jazzgeschichte von Duke Ellington bis Ornette Coleman auseinandersetzte, einen energiegeladenen eigenen Stil mit insistierendem Akkordspiel und hartem Anschlag. Beide haben im vergangenen Herbst &hellip;<\/p>\n","protected":false},"author":37,"featured_media":26580,"comment_status":"open","ping_status":"closed","sticky":false,"template":"","format":"standard","meta":{"_jetpack_memberships_contains_paid_content":false,"footnotes":"","jetpack_publicize_message":"","jetpack_publicize_feature_enabled":true,"jetpack_social_post_already_shared":false,"jetpack_social_options":{"image_generator_settings":{"template":"highway","default_image_id":0,"font":"","enabled":false},"version":2}},"categories":[1053],"tags":[2660,3391,32,734,34,66,2725,3237,3827,1706,1007,251,1876,271,1058,1423,322,787,1317,1691,2080,442,1797,1398,1289],"coauthors":[1765],"class_list":["post-26578","post","type-post","status-publish","format-standard","has-post-thumbnail","hentry","category-bericht","tag-2660","tag-3391","tag-aki-takase","tag-albert-mangelsdorff-preis","tag-album","tag-berlin","tag-budapest","tag-daniel-erdmann","tag-deutschen-jazzpreis","tag-duke-ellington","tag-improvisation","tag-japan","tag-jazz","tag-jazzclub","tag-jazzgeschichte","tag-jazzpreis","tag-konzert-2","tag-leerer-beutel","tag-monika-gruetters","tag-ornette-coleman","tag-pianisten","tag-piano","tag-regensburg","tag-swr","tag-swr-jazzpreis"],"yoast_head":"<!-- This site is optimized with the Yoast SEO plugin v27.5 - https:\/\/yoast.com\/product\/yoast-seo-wordpress\/ -->\n<title>Zwei furiose Geister im Gleichklang - JazzZeitung<\/title>\n<meta name=\"robots\" content=\"index, follow, max-snippet:-1, max-image-preview:large, max-video-preview:-1\" \/>\n<link rel=\"canonical\" href=\"https:\/\/www.jazzzeitung.de\/cms\/2022\/01\/zwei-furiose-geister-im-gleichklang\/\" \/>\n<meta property=\"og:locale\" content=\"de_DE\" \/>\n<meta property=\"og:type\" content=\"article\" \/>\n<meta property=\"og:title\" content=\"Zwei furiose Geister im Gleichklang - JazzZeitung\" \/>\n<meta property=\"og:description\" content=\"Regensburg. \u201eFurios, es war einfach furios!\u201c Es ist eine Mischung aus Staunen, Begeisterung und Ehrfurcht, die sich im Gesicht der Jazzclub-Besucherin widerspiegelt. \u201eIch konnte nur noch ihre H\u00e4nde anschauen\u201c, stimmt die Begleiterin in das Lob \u00fcber das Konzert der Berliner Pianistin Aki Takase mit dem Saxofonisten Daniel Erdmann ein. Nach einer l\u00e4ngeren Konzertpause, zog das ungew\u00f6hnliche Duo musikbegeisterte Zuh\u00f6rer geradezu magisch an. Die wenigen Pl\u00e4tze f\u00fcr eine unsinnige 25-prozentige Auslastung des Konzertraums im Leeren Beutel waren schnell ausverkauft. Ungew\u00f6hnlich ist nicht nur die Besetzung der beiden Musiker, sie geh\u00f6ren auch zwei verschiedenen Generationen an. Die in Japan geborene virtuose Pianistin, die ihre ersten Auftritte im Jazzclub des Bestsellerautors Haruki Murakamis hatte, ist mit dem Modern Jazz gro\u00df geworden. In den 1980er Jahren kam sie nach Europa und tauchte mit ihrem Mann, dem Pianisten und Gr\u00fcnder des Globe Unity Orchestra Alexander von Schlippenbach, verst\u00e4rkt in die Improvisation und freiere Spielweisen ein. Dabei entwickelte sie \u00fcber Projekte, in denen sie sich intensiv mit der Jazzgeschichte von Duke Ellington bis Ornette Coleman auseinandersetzte, einen energiegeladenen eigenen Stil mit insistierendem Akkordspiel und hartem Anschlag. Beide haben im vergangenen Herbst &hellip;\" \/>\n<meta property=\"og:url\" content=\"https:\/\/www.jazzzeitung.de\/cms\/2022\/01\/zwei-furiose-geister-im-gleichklang\/\" \/>\n<meta property=\"og:site_name\" content=\"JazzZeitung\" \/>\n<meta property=\"article:publisher\" content=\"https:\/\/www.facebook.com\/JazzZeitung\/\" \/>\n<meta property=\"article:published_time\" content=\"2022-01-22T09:00:48+00:00\" \/>\n<meta property=\"og:image\" content=\"https:\/\/i0.wp.com\/www.jazzzeitung.de\/cms\/wp-content\/uploads\/2022\/01\/takase-aki_56.jpg?fit=2362%2C1575&ssl=1\" \/>\n\t<meta property=\"og:image:width\" content=\"2362\" \/>\n\t<meta property=\"og:image:height\" content=\"1575\" \/>\n\t<meta property=\"og:image:type\" content=\"image\/jpeg\" \/>\n<meta name=\"author\" content=\"Michael Scheiner\" \/>\n<script type=\"application\/ld+json\" class=\"yoast-schema-graph\">{\"@context\":\"https:\\\/\\\/schema.org\",\"@graph\":[{\"@type\":\"Article\",\"@id\":\"https:\\\/\\\/www.jazzzeitung.de\\\/cms\\\/2022\\\/01\\\/zwei-furiose-geister-im-gleichklang\\\/#article\",\"isPartOf\":{\"@id\":\"https:\\\/\\\/www.jazzzeitung.de\\\/cms\\\/2022\\\/01\\\/zwei-furiose-geister-im-gleichklang\\\/\"},\"author\":{\"name\":\"Michael Scheiner\",\"@id\":\"https:\\\/\\\/www.jazzzeitung.de\\\/cms\\\/#\\\/schema\\\/person\\\/a0bebd4d1728041629a3cbd7790f87fb\"},\"headline\":\"Zwei furiose Geister im Gleichklang\",\"datePublished\":\"2022-01-22T09:00:48+00:00\",\"mainEntityOfPage\":{\"@id\":\"https:\\\/\\\/www.jazzzeitung.de\\\/cms\\\/2022\\\/01\\\/zwei-furiose-geister-im-gleichklang\\\/\"},\"wordCount\":503,\"commentCount\":0,\"publisher\":{\"@id\":\"https:\\\/\\\/www.jazzzeitung.de\\\/cms\\\/#organization\"},\"image\":{\"@id\":\"https:\\\/\\\/www.jazzzeitung.de\\\/cms\\\/2022\\\/01\\\/zwei-furiose-geister-im-gleichklang\\\/#primaryimage\"},\"thumbnailUrl\":\"https:\\\/\\\/i0.wp.com\\\/www.jazzzeitung.de\\\/cms\\\/wp-content\\\/uploads\\\/2022\\\/01\\\/takase-aki_56.jpg?fit=2362%2C1575&ssl=1\",\"keywords\":[\"2020\",\"2021\",\"Aki Takase\",\"Albert-Mangelsdorff-Preis\",\"Album\",\"Berlin\",\"Budapest\",\"Daniel Erdmann\",\"Deutschen Jazzpreis\",\"Duke Ellington\",\"Improvisation\",\"Japan\",\"Jazz\",\"Jazzclub\",\"Jazzgeschichte\",\"Jazzpreis\",\"Konzert\",\"Leerer Beutel\",\"Monika Gr\u00fctters\",\"Ornette Coleman\",\"Pianisten\",\"Piano\",\"Regensburg\",\"SWR\",\"SWR Jazzpreis\"],\"articleSection\":[\"Bericht\"],\"inLanguage\":\"de\",\"potentialAction\":[{\"@type\":\"CommentAction\",\"name\":\"Comment\",\"target\":[\"https:\\\/\\\/www.jazzzeitung.de\\\/cms\\\/2022\\\/01\\\/zwei-furiose-geister-im-gleichklang\\\/#respond\"]}]},{\"@type\":\"WebPage\",\"@id\":\"https:\\\/\\\/www.jazzzeitung.de\\\/cms\\\/2022\\\/01\\\/zwei-furiose-geister-im-gleichklang\\\/\",\"url\":\"https:\\\/\\\/www.jazzzeitung.de\\\/cms\\\/2022\\\/01\\\/zwei-furiose-geister-im-gleichklang\\\/\",\"name\":\"Zwei furiose Geister im Gleichklang - JazzZeitung\",\"isPartOf\":{\"@id\":\"https:\\\/\\\/www.jazzzeitung.de\\\/cms\\\/#website\"},\"primaryImageOfPage\":{\"@id\":\"https:\\\/\\\/www.jazzzeitung.de\\\/cms\\\/2022\\\/01\\\/zwei-furiose-geister-im-gleichklang\\\/#primaryimage\"},\"image\":{\"@id\":\"https:\\\/\\\/www.jazzzeitung.de\\\/cms\\\/2022\\\/01\\\/zwei-furiose-geister-im-gleichklang\\\/#primaryimage\"},\"thumbnailUrl\":\"https:\\\/\\\/i0.wp.com\\\/www.jazzzeitung.de\\\/cms\\\/wp-content\\\/uploads\\\/2022\\\/01\\\/takase-aki_56.jpg?fit=2362%2C1575&ssl=1\",\"datePublished\":\"2022-01-22T09:00:48+00:00\",\"breadcrumb\":{\"@id\":\"https:\\\/\\\/www.jazzzeitung.de\\\/cms\\\/2022\\\/01\\\/zwei-furiose-geister-im-gleichklang\\\/#breadcrumb\"},\"inLanguage\":\"de\",\"potentialAction\":[{\"@type\":\"ReadAction\",\"target\":[\"https:\\\/\\\/www.jazzzeitung.de\\\/cms\\\/2022\\\/01\\\/zwei-furiose-geister-im-gleichklang\\\/\"]}]},{\"@type\":\"ImageObject\",\"inLanguage\":\"de\",\"@id\":\"https:\\\/\\\/www.jazzzeitung.de\\\/cms\\\/2022\\\/01\\\/zwei-furiose-geister-im-gleichklang\\\/#primaryimage\",\"url\":\"https:\\\/\\\/i0.wp.com\\\/www.jazzzeitung.de\\\/cms\\\/wp-content\\\/uploads\\\/2022\\\/01\\\/takase-aki_56.jpg?fit=2362%2C1575&ssl=1\",\"contentUrl\":\"https:\\\/\\\/i0.wp.com\\\/www.jazzzeitung.de\\\/cms\\\/wp-content\\\/uploads\\\/2022\\\/01\\\/takase-aki_56.jpg?fit=2362%2C1575&ssl=1\",\"width\":2362,\"height\":1575},{\"@type\":\"BreadcrumbList\",\"@id\":\"https:\\\/\\\/www.jazzzeitung.de\\\/cms\\\/2022\\\/01\\\/zwei-furiose-geister-im-gleichklang\\\/#breadcrumb\",\"itemListElement\":[{\"@type\":\"ListItem\",\"position\":1,\"name\":\"Startseite\",\"item\":\"https:\\\/\\\/www.jazzzeitung.de\\\/cms\\\/\"},{\"@type\":\"ListItem\",\"position\":2,\"name\":\"Zwei furiose Geister im Gleichklang\"}]},{\"@type\":\"WebSite\",\"@id\":\"https:\\\/\\\/www.jazzzeitung.de\\\/cms\\\/#website\",\"url\":\"https:\\\/\\\/www.jazzzeitung.de\\\/cms\\\/\",\"name\":\"JazzZeitung\",\"description\":\"Jazz-News und Jazz-Kontroverses\",\"publisher\":{\"@id\":\"https:\\\/\\\/www.jazzzeitung.de\\\/cms\\\/#organization\"},\"potentialAction\":[{\"@type\":\"SearchAction\",\"target\":{\"@type\":\"EntryPoint\",\"urlTemplate\":\"https:\\\/\\\/www.jazzzeitung.de\\\/cms\\\/?s={search_term_string}\"},\"query-input\":{\"@type\":\"PropertyValueSpecification\",\"valueRequired\":true,\"valueName\":\"search_term_string\"}}],\"inLanguage\":\"de\"},{\"@type\":\"Organization\",\"@id\":\"https:\\\/\\\/www.jazzzeitung.de\\\/cms\\\/#organization\",\"name\":\"JazzZeitung online\",\"url\":\"https:\\\/\\\/www.jazzzeitung.de\\\/cms\\\/\",\"logo\":{\"@type\":\"ImageObject\",\"inLanguage\":\"de\",\"@id\":\"https:\\\/\\\/www.jazzzeitung.de\\\/cms\\\/#\\\/schema\\\/logo\\\/image\\\/\",\"url\":\"https:\\\/\\\/i0.wp.com\\\/www.jazzzeitung.de\\\/cms\\\/wp-content\\\/uploads\\\/2015\\\/08\\\/JAZZZEITUNGDE_Logo_Neu.png?fit=499%2C200&ssl=1\",\"contentUrl\":\"https:\\\/\\\/i0.wp.com\\\/www.jazzzeitung.de\\\/cms\\\/wp-content\\\/uploads\\\/2015\\\/08\\\/JAZZZEITUNGDE_Logo_Neu.png?fit=499%2C200&ssl=1\",\"width\":499,\"height\":200,\"caption\":\"JazzZeitung online\"},\"image\":{\"@id\":\"https:\\\/\\\/www.jazzzeitung.de\\\/cms\\\/#\\\/schema\\\/logo\\\/image\\\/\"},\"sameAs\":[\"https:\\\/\\\/www.facebook.com\\\/JazzZeitung\\\/\"]},{\"@type\":\"Person\",\"@id\":\"https:\\\/\\\/www.jazzzeitung.de\\\/cms\\\/#\\\/schema\\\/person\\\/a0bebd4d1728041629a3cbd7790f87fb\",\"name\":\"Michael Scheiner\",\"image\":{\"@type\":\"ImageObject\",\"inLanguage\":\"de\",\"@id\":\"https:\\\/\\\/secure.gravatar.com\\\/avatar\\\/c2d6ac12f682c419867cf3f803880bb41d5b23007d3670820aa9a6e7b5f6ec8d?s=96&d=wp_user_avatar&r=gdabb1b10453880983dfc53da7552ec76\",\"url\":\"https:\\\/\\\/secure.gravatar.com\\\/avatar\\\/c2d6ac12f682c419867cf3f803880bb41d5b23007d3670820aa9a6e7b5f6ec8d?s=96&d=wp_user_avatar&r=g\",\"contentUrl\":\"https:\\\/\\\/secure.gravatar.com\\\/avatar\\\/c2d6ac12f682c419867cf3f803880bb41d5b23007d3670820aa9a6e7b5f6ec8d?s=96&d=wp_user_avatar&r=g\",\"caption\":\"Michael Scheiner\"},\"sameAs\":[\"http:\\\/\\\/www.michaelscheiner.de\"],\"url\":\"https:\\\/\\\/www.jazzzeitung.de\\\/cms\\\/author\\\/mscheiner\\\/\"}]}<\/script>\n<!-- \/ Yoast SEO plugin. -->","yoast_head_json":{"title":"Zwei furiose Geister im Gleichklang - JazzZeitung","robots":{"index":"index","follow":"follow","max-snippet":"max-snippet:-1","max-image-preview":"max-image-preview:large","max-video-preview":"max-video-preview:-1"},"canonical":"https:\/\/www.jazzzeitung.de\/cms\/2022\/01\/zwei-furiose-geister-im-gleichklang\/","og_locale":"de_DE","og_type":"article","og_title":"Zwei furiose Geister im Gleichklang - JazzZeitung","og_description":"Regensburg. \u201eFurios, es war einfach furios!\u201c Es ist eine Mischung aus Staunen, Begeisterung und Ehrfurcht, die sich im Gesicht der Jazzclub-Besucherin widerspiegelt. \u201eIch konnte nur noch ihre H\u00e4nde anschauen\u201c, stimmt die Begleiterin in das Lob \u00fcber das Konzert der Berliner Pianistin Aki Takase mit dem Saxofonisten Daniel Erdmann ein. Nach einer l\u00e4ngeren Konzertpause, zog das ungew\u00f6hnliche Duo musikbegeisterte Zuh\u00f6rer geradezu magisch an. Die wenigen Pl\u00e4tze f\u00fcr eine unsinnige 25-prozentige Auslastung des Konzertraums im Leeren Beutel waren schnell ausverkauft. Ungew\u00f6hnlich ist nicht nur die Besetzung der beiden Musiker, sie geh\u00f6ren auch zwei verschiedenen Generationen an. Die in Japan geborene virtuose Pianistin, die ihre ersten Auftritte im Jazzclub des Bestsellerautors Haruki Murakamis hatte, ist mit dem Modern Jazz gro\u00df geworden. In den 1980er Jahren kam sie nach Europa und tauchte mit ihrem Mann, dem Pianisten und Gr\u00fcnder des Globe Unity Orchestra Alexander von Schlippenbach, verst\u00e4rkt in die Improvisation und freiere Spielweisen ein. Dabei entwickelte sie \u00fcber Projekte, in denen sie sich intensiv mit der Jazzgeschichte von Duke Ellington bis Ornette Coleman auseinandersetzte, einen energiegeladenen eigenen Stil mit insistierendem Akkordspiel und hartem Anschlag. Beide haben im vergangenen Herbst &hellip;","og_url":"https:\/\/www.jazzzeitung.de\/cms\/2022\/01\/zwei-furiose-geister-im-gleichklang\/","og_site_name":"JazzZeitung","article_publisher":"https:\/\/www.facebook.com\/JazzZeitung\/","article_published_time":"2022-01-22T09:00:48+00:00","og_image":[{"width":2362,"height":1575,"url":"https:\/\/i0.wp.com\/www.jazzzeitung.de\/cms\/wp-content\/uploads\/2022\/01\/takase-aki_56.jpg?fit=2362%2C1575&ssl=1","type":"image\/jpeg"}],"author":"Michael Scheiner","schema":{"@context":"https:\/\/schema.org","@graph":[{"@type":"Article","@id":"https:\/\/www.jazzzeitung.de\/cms\/2022\/01\/zwei-furiose-geister-im-gleichklang\/#article","isPartOf":{"@id":"https:\/\/www.jazzzeitung.de\/cms\/2022\/01\/zwei-furiose-geister-im-gleichklang\/"},"author":{"name":"Michael Scheiner","@id":"https:\/\/www.jazzzeitung.de\/cms\/#\/schema\/person\/a0bebd4d1728041629a3cbd7790f87fb"},"headline":"Zwei furiose Geister im Gleichklang","datePublished":"2022-01-22T09:00:48+00:00","mainEntityOfPage":{"@id":"https:\/\/www.jazzzeitung.de\/cms\/2022\/01\/zwei-furiose-geister-im-gleichklang\/"},"wordCount":503,"commentCount":0,"publisher":{"@id":"https:\/\/www.jazzzeitung.de\/cms\/#organization"},"image":{"@id":"https:\/\/www.jazzzeitung.de\/cms\/2022\/01\/zwei-furiose-geister-im-gleichklang\/#primaryimage"},"thumbnailUrl":"https:\/\/i0.wp.com\/www.jazzzeitung.de\/cms\/wp-content\/uploads\/2022\/01\/takase-aki_56.jpg?fit=2362%2C1575&ssl=1","keywords":["2020","2021","Aki Takase","Albert-Mangelsdorff-Preis","Album","Berlin","Budapest","Daniel Erdmann","Deutschen Jazzpreis","Duke Ellington","Improvisation","Japan","Jazz","Jazzclub","Jazzgeschichte","Jazzpreis","Konzert","Leerer Beutel","Monika Gr\u00fctters","Ornette Coleman","Pianisten","Piano","Regensburg","SWR","SWR Jazzpreis"],"articleSection":["Bericht"],"inLanguage":"de","potentialAction":[{"@type":"CommentAction","name":"Comment","target":["https:\/\/www.jazzzeitung.de\/cms\/2022\/01\/zwei-furiose-geister-im-gleichklang\/#respond"]}]},{"@type":"WebPage","@id":"https:\/\/www.jazzzeitung.de\/cms\/2022\/01\/zwei-furiose-geister-im-gleichklang\/","url":"https:\/\/www.jazzzeitung.de\/cms\/2022\/01\/zwei-furiose-geister-im-gleichklang\/","name":"Zwei furiose Geister im Gleichklang - JazzZeitung","isPartOf":{"@id":"https:\/\/www.jazzzeitung.de\/cms\/#website"},"primaryImageOfPage":{"@id":"https:\/\/www.jazzzeitung.de\/cms\/2022\/01\/zwei-furiose-geister-im-gleichklang\/#primaryimage"},"image":{"@id":"https:\/\/www.jazzzeitung.de\/cms\/2022\/01\/zwei-furiose-geister-im-gleichklang\/#primaryimage"},"thumbnailUrl":"https:\/\/i0.wp.com\/www.jazzzeitung.de\/cms\/wp-content\/uploads\/2022\/01\/takase-aki_56.jpg?fit=2362%2C1575&ssl=1","datePublished":"2022-01-22T09:00:48+00:00","breadcrumb":{"@id":"https:\/\/www.jazzzeitung.de\/cms\/2022\/01\/zwei-furiose-geister-im-gleichklang\/#breadcrumb"},"inLanguage":"de","potentialAction":[{"@type":"ReadAction","target":["https:\/\/www.jazzzeitung.de\/cms\/2022\/01\/zwei-furiose-geister-im-gleichklang\/"]}]},{"@type":"ImageObject","inLanguage":"de","@id":"https:\/\/www.jazzzeitung.de\/cms\/2022\/01\/zwei-furiose-geister-im-gleichklang\/#primaryimage","url":"https:\/\/i0.wp.com\/www.jazzzeitung.de\/cms\/wp-content\/uploads\/2022\/01\/takase-aki_56.jpg?fit=2362%2C1575&ssl=1","contentUrl":"https:\/\/i0.wp.com\/www.jazzzeitung.de\/cms\/wp-content\/uploads\/2022\/01\/takase-aki_56.jpg?fit=2362%2C1575&ssl=1","width":2362,"height":1575},{"@type":"BreadcrumbList","@id":"https:\/\/www.jazzzeitung.de\/cms\/2022\/01\/zwei-furiose-geister-im-gleichklang\/#breadcrumb","itemListElement":[{"@type":"ListItem","position":1,"name":"Startseite","item":"https:\/\/www.jazzzeitung.de\/cms\/"},{"@type":"ListItem","position":2,"name":"Zwei furiose Geister im Gleichklang"}]},{"@type":"WebSite","@id":"https:\/\/www.jazzzeitung.de\/cms\/#website","url":"https:\/\/www.jazzzeitung.de\/cms\/","name":"JazzZeitung","description":"Jazz-News und Jazz-Kontroverses","publisher":{"@id":"https:\/\/www.jazzzeitung.de\/cms\/#organization"},"potentialAction":[{"@type":"SearchAction","target":{"@type":"EntryPoint","urlTemplate":"https:\/\/www.jazzzeitung.de\/cms\/?s={search_term_string}"},"query-input":{"@type":"PropertyValueSpecification","valueRequired":true,"valueName":"search_term_string"}}],"inLanguage":"de"},{"@type":"Organization","@id":"https:\/\/www.jazzzeitung.de\/cms\/#organization","name":"JazzZeitung online","url":"https:\/\/www.jazzzeitung.de\/cms\/","logo":{"@type":"ImageObject","inLanguage":"de","@id":"https:\/\/www.jazzzeitung.de\/cms\/#\/schema\/logo\/image\/","url":"https:\/\/i0.wp.com\/www.jazzzeitung.de\/cms\/wp-content\/uploads\/2015\/08\/JAZZZEITUNGDE_Logo_Neu.png?fit=499%2C200&ssl=1","contentUrl":"https:\/\/i0.wp.com\/www.jazzzeitung.de\/cms\/wp-content\/uploads\/2015\/08\/JAZZZEITUNGDE_Logo_Neu.png?fit=499%2C200&ssl=1","width":499,"height":200,"caption":"JazzZeitung online"},"image":{"@id":"https:\/\/www.jazzzeitung.de\/cms\/#\/schema\/logo\/image\/"},"sameAs":["https:\/\/www.facebook.com\/JazzZeitung\/"]},{"@type":"Person","@id":"https:\/\/www.jazzzeitung.de\/cms\/#\/schema\/person\/a0bebd4d1728041629a3cbd7790f87fb","name":"Michael Scheiner","image":{"@type":"ImageObject","inLanguage":"de","@id":"https:\/\/secure.gravatar.com\/avatar\/c2d6ac12f682c419867cf3f803880bb41d5b23007d3670820aa9a6e7b5f6ec8d?s=96&d=wp_user_avatar&r=gdabb1b10453880983dfc53da7552ec76","url":"https:\/\/secure.gravatar.com\/avatar\/c2d6ac12f682c419867cf3f803880bb41d5b23007d3670820aa9a6e7b5f6ec8d?s=96&d=wp_user_avatar&r=g","contentUrl":"https:\/\/secure.gravatar.com\/avatar\/c2d6ac12f682c419867cf3f803880bb41d5b23007d3670820aa9a6e7b5f6ec8d?s=96&d=wp_user_avatar&r=g","caption":"Michael Scheiner"},"sameAs":["http:\/\/www.michaelscheiner.de"],"url":"https:\/\/www.jazzzeitung.de\/cms\/author\/mscheiner\/"}]}},"wp-worthy-pixel":{"ignored":false,"public":null,"server":null,"url":null},"wp-worthy-type":"normal","jetpack_publicize_connections":[],"cc_featured_image_caption":{"caption_text":"","source_text":"","source_url":""},"jetpack_featured_media_url":"https:\/\/i0.wp.com\/www.jazzzeitung.de\/cms\/wp-content\/uploads\/2022\/01\/takase-aki_56.jpg?fit=2362%2C1575&ssl=1","jetpack_shortlink":"https:\/\/wp.me\/p3KEcT-6UG","jetpack-related-posts":[{"id":23692,"url":"https:\/\/www.jazzzeitung.de\/cms\/2020\/10\/newsdaniel-erdmann-gewinnt-swr-jazzpreis-2020schickmajkowskilovens-am-10-11-in-muenchenveranstaltungen-bix-jazzclub-stuttgart\/","url_meta":{"origin":26578,"position":0},"title":"+++News:+++Daniel Erdmann gewinnt SWR Jazzpreis 2020+++Schick\/Majkowski\/Lovens am 10.11. in M\u00fcnchen+++Veranstaltungen BIX-Jazzclub Stuttgart+++","author":"Redaktion JazzZeitung","date":"28. Oktober 2020","format":false,"excerpt":"+++Daniel Erdmann gewinnt SWR Jazzpreis 2020 +++ Baden-Baden\/Mainz. Der gemeinsam vom S\u00fcdwestrundfunk (SWR) und dem Land Rheinland-Pfalz gestiftete SWR Jazzpreis 2020 wird heute, am 28. Oktober, im Rahmen des Internationalen Festivals \"Enjoy Jazz\" in Ludwigshafen an den Tenorsaxophonisten Daniel Erdmann verliehen. Erdmann, der auf den Tag genau vor 47 Jahren\u2026","rel":"","context":"In &quot;News&quot;","block_context":{"text":"News","link":"https:\/\/www.jazzzeitung.de\/cms\/thema\/nachrichten\/"},"img":{"alt_text":"","src":"https:\/\/i0.wp.com\/www.jazzzeitung.de\/cms\/wp-content\/uploads\/2020\/10\/Schick_Majkowski_Lovens_%C2%A9_UrsulaZeidler_720.jpg?fit=720%2C404&ssl=1&resize=350%2C200","width":350,"height":200,"srcset":"https:\/\/i0.wp.com\/www.jazzzeitung.de\/cms\/wp-content\/uploads\/2020\/10\/Schick_Majkowski_Lovens_%C2%A9_UrsulaZeidler_720.jpg?fit=720%2C404&ssl=1&resize=350%2C200 1x, https:\/\/i0.wp.com\/www.jazzzeitung.de\/cms\/wp-content\/uploads\/2020\/10\/Schick_Majkowski_Lovens_%C2%A9_UrsulaZeidler_720.jpg?fit=720%2C404&ssl=1&resize=525%2C300 1.5x, https:\/\/i0.wp.com\/www.jazzzeitung.de\/cms\/wp-content\/uploads\/2020\/10\/Schick_Majkowski_Lovens_%C2%A9_UrsulaZeidler_720.jpg?fit=720%2C404&ssl=1&resize=700%2C400 2x"},"classes":[]},{"id":16388,"url":"https:\/\/www.jazzzeitung.de\/cms\/2018\/06\/aki-takase-erhaelt-den-jazzpreis-berlin-2018\/","url_meta":{"origin":26578,"position":1},"title":"Aki Takase erh\u00e4lt den Jazzpreis Berlin 2018","author":"Redaktion JazzZeitung","date":"16. Juni 2018","format":false,"excerpt":"Das Kulturradio vom rbb und die Kulturverwaltung des Berliner Senats zeichnen die Pianistin Aki Takase mit dem Jazzpreis Berlin 2018 aus. Der mit 15.000 Euro dotierte Preis wird bei einem \u00f6ffentlichen Konzert am Dienstag, 26. Juni 2018, ab 20.00 Uhr, im Kleinen Sendesaal des rbb verliehen. Die 1948 in Japan\u2026","rel":"","context":"In &quot;News&quot;","block_context":{"text":"News","link":"https:\/\/www.jazzzeitung.de\/cms\/thema\/nachrichten\/"},"img":{"alt_text":"","src":"https:\/\/i0.wp.com\/www.jazzzeitung.de\/cms\/wp-content\/uploads\/2018\/06\/2015.jpg?fit=1200%2C967&ssl=1&resize=350%2C200","width":350,"height":200,"srcset":"https:\/\/i0.wp.com\/www.jazzzeitung.de\/cms\/wp-content\/uploads\/2018\/06\/2015.jpg?fit=1200%2C967&ssl=1&resize=350%2C200 1x, https:\/\/i0.wp.com\/www.jazzzeitung.de\/cms\/wp-content\/uploads\/2018\/06\/2015.jpg?fit=1200%2C967&ssl=1&resize=525%2C300 1.5x, https:\/\/i0.wp.com\/www.jazzzeitung.de\/cms\/wp-content\/uploads\/2018\/06\/2015.jpg?fit=1200%2C967&ssl=1&resize=700%2C400 2x, https:\/\/i0.wp.com\/www.jazzzeitung.de\/cms\/wp-content\/uploads\/2018\/06\/2015.jpg?fit=1200%2C967&ssl=1&resize=1050%2C600 3x"},"classes":[]},{"id":29366,"url":"https:\/\/www.jazzzeitung.de\/cms\/2023\/04\/poetische-jazzsongs-mit-humor-und-tiefe\/","url_meta":{"origin":26578,"position":2},"title":"Poetische Jazzsongs mit Humor und Tiefe","author":"Michael Scheiner","date":"25. April 2023","format":false,"excerpt":"Konzert. Um ein Haar w\u00e4re der gro\u00dfartige Auftritt von S\u00e4ngerin Efrat Alony Covid zum Opfer gefallen. \u00a0 Regensburg. Nach au\u00dfen schrill, nach innen poetisch, tr\u00e4umerisch und oft alles andere als geradlinig. Efrat Alonys Songs besch\u00e4ftigen sich auf vielf\u00e4ltige Weise mit Eindr\u00fccken und ihrer Sicht auf die Welt um sie herum\u2026","rel":"","context":"In &quot;Bericht&quot;","block_context":{"text":"Bericht","link":"https:\/\/www.jazzzeitung.de\/cms\/thema\/bericht\/"},"img":{"alt_text":"","src":"https:\/\/i0.wp.com\/www.jazzzeitung.de\/cms\/wp-content\/uploads\/2023\/04\/alony-band_12.jpg?fit=1200%2C769&ssl=1&resize=350%2C200","width":350,"height":200,"srcset":"https:\/\/i0.wp.com\/www.jazzzeitung.de\/cms\/wp-content\/uploads\/2023\/04\/alony-band_12.jpg?fit=1200%2C769&ssl=1&resize=350%2C200 1x, https:\/\/i0.wp.com\/www.jazzzeitung.de\/cms\/wp-content\/uploads\/2023\/04\/alony-band_12.jpg?fit=1200%2C769&ssl=1&resize=525%2C300 1.5x, https:\/\/i0.wp.com\/www.jazzzeitung.de\/cms\/wp-content\/uploads\/2023\/04\/alony-band_12.jpg?fit=1200%2C769&ssl=1&resize=700%2C400 2x, https:\/\/i0.wp.com\/www.jazzzeitung.de\/cms\/wp-content\/uploads\/2023\/04\/alony-band_12.jpg?fit=1200%2C769&ssl=1&resize=1050%2C600 3x"},"classes":[]},{"id":15181,"url":"https:\/\/www.jazzzeitung.de\/cms\/2018\/02\/jazzpreis-berlin-2018-rbb-und-land-berlin-zeichnen-aki-takase-aus\/","url_meta":{"origin":26578,"position":3},"title":"Jazzpreis Berlin 2018: rbb und Land Berlin zeichnen Aki Takase aus","author":"Martin Hufner","date":"28. Februar 2018","format":false,"excerpt":"Pressemitteilung: Die Pianistin und Komponistin Aki Takase erh\u00e4lt den Jazzpreis Berlin 2018. Der Rundfunk Berlin-Brandenburg (rbb) und das Land Berlin vergeben die mit 15.000 Euro dotierte Auszeichnung. Aki Takase, 1948 in Japan geboren, erlebte ihren internationalen Durchbruch 1981 beim Jazzfest Berlin. 1987 verlegte die Musikerin ihren Lebensmittelpunkt nach Berlin, wo\u2026","rel":"","context":"In &quot;News&quot;","block_context":{"text":"News","link":"https:\/\/www.jazzzeitung.de\/cms\/thema\/nachrichten\/"},"img":{"alt_text":"Pianistin und Komponistin Aki Takase erh\u00e4lt Jazzpreis Berlin 2018. \u00a9 rbb\/Kazue Yokoi","src":"https:\/\/i0.wp.com\/www.jazzzeitung.de\/cms\/wp-content\/uploads\/2018\/02\/rbb_takase.jpg?fit=1200%2C854&ssl=1&resize=350%2C200","width":350,"height":200,"srcset":"https:\/\/i0.wp.com\/www.jazzzeitung.de\/cms\/wp-content\/uploads\/2018\/02\/rbb_takase.jpg?fit=1200%2C854&ssl=1&resize=350%2C200 1x, https:\/\/i0.wp.com\/www.jazzzeitung.de\/cms\/wp-content\/uploads\/2018\/02\/rbb_takase.jpg?fit=1200%2C854&ssl=1&resize=525%2C300 1.5x, https:\/\/i0.wp.com\/www.jazzzeitung.de\/cms\/wp-content\/uploads\/2018\/02\/rbb_takase.jpg?fit=1200%2C854&ssl=1&resize=700%2C400 2x, https:\/\/i0.wp.com\/www.jazzzeitung.de\/cms\/wp-content\/uploads\/2018\/02\/rbb_takase.jpg?fit=1200%2C854&ssl=1&resize=1050%2C600 3x"},"classes":[]},{"id":25830,"url":"https:\/\/www.jazzzeitung.de\/cms\/2021\/09\/albert-mangelsdorff-preis-2021-geht-an-aki-takase\/","url_meta":{"origin":26578,"position":4},"title":"Albert-Mangelsdorff-Preis 2021 geht an Aki Takase","author":"Redaktion JazzZeitung","date":"20. September 2021","format":false,"excerpt":"Die Berliner Pianistin Aki Takase wird von der Deutschen Jazzunion mit dem Albert-Mangelsdorff-Preis 2021 f\u00fcr ihr Lebenswerk und ihre Verdienste f\u00fcr den Jazz in Deutschland ausgezeichnet. Die Preisverleihung mit Konzert der Preistr\u00e4gerin findet am 5. November 2021 im Rahmen des Jazzfest Berlin statt, dessen Gesamtprogramm am 30. September ver\u00f6ffentlicht wird.\u2026","rel":"","context":"In &quot;News&quot;","block_context":{"text":"News","link":"https:\/\/www.jazzzeitung.de\/cms\/thema\/nachrichten\/"},"img":{"alt_text":"","src":"https:\/\/i0.wp.com\/www.jazzzeitung.de\/cms\/wp-content\/uploads\/2021\/09\/AkiTakaseByZigaKoritnik-scaled-1-e1632125752971.jpg?fit=1200%2C1023&ssl=1&resize=350%2C200","width":350,"height":200,"srcset":"https:\/\/i0.wp.com\/www.jazzzeitung.de\/cms\/wp-content\/uploads\/2021\/09\/AkiTakaseByZigaKoritnik-scaled-1-e1632125752971.jpg?fit=1200%2C1023&ssl=1&resize=350%2C200 1x, https:\/\/i0.wp.com\/www.jazzzeitung.de\/cms\/wp-content\/uploads\/2021\/09\/AkiTakaseByZigaKoritnik-scaled-1-e1632125752971.jpg?fit=1200%2C1023&ssl=1&resize=525%2C300 1.5x, https:\/\/i0.wp.com\/www.jazzzeitung.de\/cms\/wp-content\/uploads\/2021\/09\/AkiTakaseByZigaKoritnik-scaled-1-e1632125752971.jpg?fit=1200%2C1023&ssl=1&resize=700%2C400 2x, https:\/\/i0.wp.com\/www.jazzzeitung.de\/cms\/wp-content\/uploads\/2021\/09\/AkiTakaseByZigaKoritnik-scaled-1-e1632125752971.jpg?fit=1200%2C1023&ssl=1&resize=1050%2C600 3x"},"classes":[]},{"id":29211,"url":"https:\/\/www.jazzzeitung.de\/cms\/2023\/03\/news-regensburg-huerth-ljjo-baden-wuerttemberg\/","url_meta":{"origin":26578,"position":5},"title":"News: +++ Regensburg +++ H\u00fcrth +++ LJJO Baden-W\u00fcrttemberg +++","author":"Redaktion JazzZeitung","date":"14. M\u00e4rz 2023","format":false,"excerpt":"+++ Highlight-April im Regensburger Jazzclub +++ Neben dem allmonatlichen Jazz-Brunch im Degginger (diesen Monat Yankee Meier Organ Trio, Sonntag 23. April 2023) und der Session im Leeren Beutel (Sessionleiter: Danube in Blue, 3. April 2023), veranstaltet der Regensburger Jazzclub wiederholt hochkar\u00e4tige Konzerte im Leeren Beutel und im Caf\u00e9 Degginger. Das\u2026","rel":"","context":"In &quot;News&quot;","block_context":{"text":"News","link":"https:\/\/www.jazzzeitung.de\/cms\/thema\/nachrichten\/"},"img":{"alt_text":"","src":"https:\/\/i0.wp.com\/www.jazzzeitung.de\/cms\/wp-content\/uploads\/2023\/03\/jc-20230404-Tobias-Meinhart-The-Painter%C2%A9-Mariana-Meraz_Jazzclub-Regensburg.jpg?fit=1200%2C801&ssl=1&resize=350%2C200","width":350,"height":200,"srcset":"https:\/\/i0.wp.com\/www.jazzzeitung.de\/cms\/wp-content\/uploads\/2023\/03\/jc-20230404-Tobias-Meinhart-The-Painter%C2%A9-Mariana-Meraz_Jazzclub-Regensburg.jpg?fit=1200%2C801&ssl=1&resize=350%2C200 1x, https:\/\/i0.wp.com\/www.jazzzeitung.de\/cms\/wp-content\/uploads\/2023\/03\/jc-20230404-Tobias-Meinhart-The-Painter%C2%A9-Mariana-Meraz_Jazzclub-Regensburg.jpg?fit=1200%2C801&ssl=1&resize=525%2C300 1.5x, https:\/\/i0.wp.com\/www.jazzzeitung.de\/cms\/wp-content\/uploads\/2023\/03\/jc-20230404-Tobias-Meinhart-The-Painter%C2%A9-Mariana-Meraz_Jazzclub-Regensburg.jpg?fit=1200%2C801&ssl=1&resize=700%2C400 2x, https:\/\/i0.wp.com\/www.jazzzeitung.de\/cms\/wp-content\/uploads\/2023\/03\/jc-20230404-Tobias-Meinhart-The-Painter%C2%A9-Mariana-Meraz_Jazzclub-Regensburg.jpg?fit=1200%2C801&ssl=1&resize=1050%2C600 3x"},"classes":[]}],"jetpack_sharing_enabled":true,"_links":{"self":[{"href":"https:\/\/www.jazzzeitung.de\/cms\/wp-json\/wp\/v2\/posts\/26578","targetHints":{"allow":["GET"]}}],"collection":[{"href":"https:\/\/www.jazzzeitung.de\/cms\/wp-json\/wp\/v2\/posts"}],"about":[{"href":"https:\/\/www.jazzzeitung.de\/cms\/wp-json\/wp\/v2\/types\/post"}],"author":[{"embeddable":true,"href":"https:\/\/www.jazzzeitung.de\/cms\/wp-json\/wp\/v2\/users\/37"}],"replies":[{"embeddable":true,"href":"https:\/\/www.jazzzeitung.de\/cms\/wp-json\/wp\/v2\/comments?post=26578"}],"version-history":[{"count":4,"href":"https:\/\/www.jazzzeitung.de\/cms\/wp-json\/wp\/v2\/posts\/26578\/revisions"}],"predecessor-version":[{"id":26587,"href":"https:\/\/www.jazzzeitung.de\/cms\/wp-json\/wp\/v2\/posts\/26578\/revisions\/26587"}],"wp:featuredmedia":[{"embeddable":true,"href":"https:\/\/www.jazzzeitung.de\/cms\/wp-json\/wp\/v2\/media\/26580"}],"wp:attachment":[{"href":"https:\/\/www.jazzzeitung.de\/cms\/wp-json\/wp\/v2\/media?parent=26578"}],"wp:term":[{"taxonomy":"category","embeddable":true,"href":"https:\/\/www.jazzzeitung.de\/cms\/wp-json\/wp\/v2\/categories?post=26578"},{"taxonomy":"post_tag","embeddable":true,"href":"https:\/\/www.jazzzeitung.de\/cms\/wp-json\/wp\/v2\/tags?post=26578"},{"taxonomy":"author","embeddable":true,"href":"https:\/\/www.jazzzeitung.de\/cms\/wp-json\/wp\/v2\/coauthors?post=26578"}],"curies":[{"name":"wp","href":"https:\/\/api.w.org\/{rel}","templated":true}]}}