{"id":26551,"date":"2022-01-20T13:23:04","date_gmt":"2022-01-20T12:23:04","guid":{"rendered":"https:\/\/www.jazzzeitung.de\/cms\/?p=26551"},"modified":"2022-01-20T14:18:17","modified_gmt":"2022-01-20T13:18:17","slug":"kunst-als-transformative-kraft-die-rolle-von-kulturakteurinnen-im-nachhaltigkeitskontext","status":"publish","type":"post","link":"https:\/\/www.jazzzeitung.de\/cms\/2022\/01\/kunst-als-transformative-kraft-die-rolle-von-kulturakteurinnen-im-nachhaltigkeitskontext\/","title":{"rendered":"Kunst als transformative Kraft: Die Rolle von Kulturakteur*innen im Nachhaltigkeitskontext"},"content":{"rendered":"<h3>Davide Brocchi zu Gast bei der Digitalen Akademie der Deutschen Jazzunion<\/h3>\n<p>Mit der Veranstaltungsreihe Digitale Akademie \u201eInsight Out\u201c bietet die Deutsche Jazzunion seit dem 13. Oktober 2021 w\u00f6chentlich Vortr\u00e4ge, Workshops und Diskussionsrunden zu den Themen Diversit\u00e4t, Nachhaltigkeit, Bildung und Professionalisierung an. Damit will sie einen Diskursraum f\u00fcr aktuelle Gesellschaftsthemen in der Jazz-Szene schaffen. Begleitet wird die Digitale Akademie durch einen Blog, in dem vier Musiker<em>innen von ihren Eindr\u00fccken der verschiedenen Veranstaltungen berichten. Der folgende Beitrag bespricht den Vortrag \u201eDie Rolle von Kulturakteur<\/em>innen im Nachhaltigkeitskontext\u201c, in dem sich der Sozialwissenschaftler Davide Brocchi am 9. Dezember 2021 mit dem Verh\u00e4ltnis von Kultur und Nachhaltigkeit auseinandergesetzt hat.<\/p>\n<h3><strong>Kunst als transformative Kraft<\/strong><\/h3>\n<p><strong><em>Blogbeitrag von Leon Senger<\/em><\/strong><\/p>\n<p>Die digitale Akademie \u201cInsight Out\u201d der Deutschen Jazzunion basiert unter anderem auf der Arbeit verschiedener interner Arbeitsgruppen, von denen sich eine der Nachhaltigkeit verschrieben hat. Dieser Begriff, der in aller Munde ist, scheint erst einmal klar &#8211; es wird wohl um irgendetwas mit \u201cgr\u00fcn\u201d und \u201cbio\u201d gehen. Doch Referent Davide Brocchi zeigt mit seinem Vortrag zur Rolle von Kulturakteur*innen beim Thema Nachhaltigkeit, dass es noch ganz andere Perspektiven zu entdecken gilt. Schnell wird bei seinen Worten klar, dass es um das sprichw\u00f6rtliche gro\u00dfe Ganze gehen soll. An diesem Abend erfahren die Teilnehmenden nicht, wie man die Anreise zum Gig m\u00f6glichst klimafreundlich gestaltet, sondern welche impulsgebende Rolle Kunst und Kultur bei bitter n\u00f6tigen Transformationsprozessen spielen k\u00f6nnten. Hat mein Co-Autor Lennart beim Workshop \u201cGreener Artist Activities\u201d noch die Einbettung der Nachhaltigkeitsdebatte in einen gr\u00f6\u00dferen systemischen Rahmen vermisst, bietet dieser theoretische Input, dem ich mich hier widmen m\u00f6chte, genau das.<\/p>\n<p>Zun\u00e4chst erinnert Davide uns alle eindringlich daran, dass es angesichts der Klimakatastrophe nicht zur Debatte steht, ob es eine Transformation des menschlichen Zusammenlebens geben wird, sondern nur, ob es eine Transformation \u201cby disaster\u201d oder \u201cby design\u201d sein wird. Wenn uns ernsthaft daran gelegen sei, dieses Desaster abzuwenden, dann sei es wichtig, ein erweitertes Nachhaltigkeitsverst\u00e4ndnis zu kultivieren. Eine so grundlegende Herausforderung f\u00fcr das menschliche Zusammenleben k\u00f6nne nicht isoliert betrachtet, und ihr k\u00f6nne schon gar nicht allein mit einem kleinen Umweltressort begegnet werden. Laut Davide leidet das institutionelle Nachhaltigkeitsverst\u00e4ndnis an einer \u201csozialen Blindheit\u201d. Er m\u00f6chte stattdessen Nachhaltigkeit als ein \u00fcbergreifendes Konzept verschiedener sozialer Bewegungen sehen, die so auf gesellschaftliche Missst\u00e4nde reagieren. In diesen sozialen Bewegungen gab es meist eine k\u00fcnstlerische Komponente, wie beispielsweise die Rolle von Pers\u00f6nlichkeiten wie Joseph Beuys oder Heinrich B\u00f6ll in der Umweltbewegung. Kultur und Kunst k\u00f6nnen sowohl als vierte erg\u00e4nzende S\u00e4ule neben \u00d6kologie, \u00d6konomie und Sozialem stehen, als auch als Basis bzw. \u201cBauplan der Gesellschaft\u201d innerhalb eines solchen S\u00e4ulen-Modells der Nachhaltigkeit gesehen werden. Aus dieser zweiten Perspektive heraus kann Kunst Teil eines grundlegenden Kulturwandels sein. Zudem ist es hier wichtig anzumerken, dass der Kulturbegriff von Davide ein sehr weit gefasster ist. Der Anbau von Wein seiner Gro\u00dfeltern ist f\u00fcr ihn nicht weniger Kultur als ein Jazzkonzert. In all diesen Facetten (re-)produziert Kultur unser Wertesystem und ist deshalb entscheidend f\u00fcr gesellschaftliche Ver\u00e4nderungen.<\/p>\n<p><strong>Gesellschaftliche Dimensionen der Kunst<\/strong><\/p>\n<p>Vor einem zweiten Teil, der sich noch einmal genauer mit dem Begriff der Transformation auseinandersetzt, gibt es die M\u00f6glichkeit zum Gespr\u00e4ch. Davide konfrontiert die Gruppe mit einigen Fragen zur gesellschaftlichen Verantwortung von K\u00fcnstler<em>innen sowie zur Kunstfreiheit. Ein Fokus liegt bei ihm beispielsweise darauf, ob K\u00fcnstler<\/em>innen \u00fcberhaupt frei in ihren Entscheidungen sind, wenn sie zur Sicherung ihrer Existenz (scheinbar) nur w\u00e4hlen k\u00f6nnen zwischen marktwirtschaftlichen Prinzipien und staatlicher F\u00f6rderung. In der kurzen Diskussion ist unter anderem der Unmut \u00fcber die fehlende Gewichtung von Kultur bzw. Kunst als essentiellem Teil gesellschaftlichen Lebens zu sp\u00fcren.<\/p>\n<p>Anschlie\u00dfend f\u00fchrt Davide seine Argumentation weiter aus, indem er erkl\u00e4rt, dass Menschen Gef\u00fchlswesen sind, und dass gut informiert zu sein keine ausreichende Voraussetzung f\u00fcr eine Ver\u00e4nderung des Verhaltens zum Guten hin ist. Kunst k\u00f6nne die Gef\u00fchls- und Beziehungsebene besser adressieren als n\u00fcchterne Informationen und so auf ganz andere Weise zu Verhaltens\u00e4nderungen beitragen. An dieser Stelle m\u00f6chte ich kurz aus K\u00fcnstlersicht den Fokus darauf legen, dass diese Ebene sich nicht ersch\u00f6pft in der Kommunikation einer eindeutigen Emotion mithilfe eines Musikst\u00fccks. Viele Potentiale der Kunst liegen gerade im Ambivalenten, au\u00dferhalb von Produktivit\u00e4tsdenken und einer rein linear wissenschaftlichen Logik. Der Prozess ist wichtiger als das Produkt, Kunst ist nicht Mittel zum Zweck und dennoch kann sie gleichzeitig wichtige Funktionen in der Gesellschaft haben. Dies meint nach meinem Verst\u00e4ndnis auch Davide, wenn er sagt, dass sich K\u00fcnstler<em>innen nicht zu pathetischen Fahnentr\u00e4ger<\/em>innen einer gr\u00fcnen Ideologie machen m\u00fcssen, sondern, dass eine emanzipierte, \u201cdefunktionalisierte\u201d Kunstwelt Teil davon sein kann, was er uns als \u201cReallabore\u201d vorgestellt hat: Orte, an denen Alternativen zur geistigen Monokultur, die der Kapitalismus erschafft, entstehen k\u00f6nnen und andere Formen des menschlichen Zusammenlebens erprobt werden k\u00f6nnen. Entscheidend ist hierbei, wie es gelingen kann, den Dichotomien von Kommerz oder \u00f6ffentlicher F\u00f6rderung, Staat oder Markt, Kultur oder Natur, Gemeinschaft oder Individuum zu entkommen und nach Alternativen au\u00dferhalb dieses bin\u00e4ren Denkens\u00a0 zu suchen.<\/p>\n<p><strong>Neue inspirierte Transformation <\/strong><\/p>\n<p>Nat\u00fcrlich bleibt die Frage, an welchen Stellen sich speziell der Jazz konkret als Impulsgeber hervortun kann, an diesem Abend noch sehr offen, eben weil ein so weiter Bogen gespannt wird. Den abschlie\u00dfenden Dankesworten einiger Teilnehmender ist aber klar zu entnehmen, dass Davides mit gro\u00dfer \u00dcberzeugung vorgetragene Worte inspirierend und motivierend wirkten. Es ist anzunehmen, dass jede*r die Veranstaltung mit Gedanken und Fragen dazu, wie ein Transformationsprozess \u201cby design\u201d vorangetrieben werden kann, verlassen hat. Meine Assoziationen mit dem Begriff Nachhaltigkeit haben sich auf jeden Fall nachhaltig ver\u00e4ndert und ich wurde daran erinnert, wieder mehr dar\u00fcber nachzudenken, wie ich zum gro\u00dfen Ganzen in meiner Rolle als Kulturschaffender stehe.<\/p>\n<p>Foto Davide Brocchi: Bozica Babic<\/p>\n<p>&nbsp;<\/p>\n","protected":false},"excerpt":{"rendered":"<p>Davide Brocchi zu Gast bei der Digitalen Akademie der Deutschen Jazzunion Mit der Veranstaltungsreihe Digitale Akademie \u201eInsight Out\u201c bietet die Deutsche Jazzunion seit dem 13. Oktober 2021 w\u00f6chentlich Vortr\u00e4ge, Workshops und Diskussionsrunden zu den Themen Diversit\u00e4t, Nachhaltigkeit, Bildung und Professionalisierung an. Damit will sie einen Diskursraum f\u00fcr aktuelle Gesellschaftsthemen in der Jazz-Szene schaffen. Begleitet wird die Digitale Akademie durch einen Blog, in dem vier Musikerinnen von ihren Eindr\u00fccken der verschiedenen Veranstaltungen berichten. Der folgende Beitrag bespricht den Vortrag \u201eDie Rolle von Kulturakteurinnen im Nachhaltigkeitskontext\u201c, in dem sich der Sozialwissenschaftler Davide Brocchi am 9. Dezember 2021 mit dem Verh\u00e4ltnis von Kultur und Nachhaltigkeit auseinandergesetzt hat. Kunst als transformative Kraft Blogbeitrag von Leon Senger Die digitale Akademie \u201cInsight Out\u201d der Deutschen Jazzunion basiert unter anderem auf der Arbeit verschiedener interner Arbeitsgruppen, von denen sich eine der Nachhaltigkeit verschrieben hat. Dieser Begriff, der in aller Munde ist, scheint erst einmal klar &#8211; es wird wohl um irgendetwas mit \u201cgr\u00fcn\u201d und \u201cbio\u201d gehen. Doch Referent Davide Brocchi zeigt mit seinem Vortrag zur Rolle von Kulturakteur*innen beim Thema Nachhaltigkeit, dass es noch ganz andere Perspektiven zu entdecken gilt. Schnell wird &hellip;<\/p>\n","protected":false},"author":18,"featured_media":26554,"comment_status":"open","ping_status":"closed","sticky":false,"template":"","format":"standard","meta":{"_jetpack_memberships_contains_paid_content":false,"footnotes":"","jetpack_publicize_message":"","jetpack_publicize_feature_enabled":true,"jetpack_social_post_already_shared":false,"jetpack_social_options":{"image_generator_settings":{"template":"highway","default_image_id":0,"font":"","enabled":false},"version":2}},"categories":[1053],"tags":[3391,3922,2445,3892,200,1876,2910,327,3923,2952,2048,1976,3189,20],"coauthors":[695],"class_list":["post-26551","post","type-post","status-publish","format-standard","has-post-thumbnail","hentry","category-bericht","tag-3391","tag-davide-brocchi","tag-deutsche-jazzunion","tag-digitale-akademie","tag-gesellschaft","tag-jazz","tag-jazzunion","tag-kultur","tag-leon-senger","tag-musikerinnen","tag-oktober","tag-veranstaltungen","tag-vortrag","tag-workshop"],"yoast_head":"<!-- This site is optimized with the Yoast SEO plugin v27.5 - https:\/\/yoast.com\/product\/yoast-seo-wordpress\/ -->\n<title>Kunst als transformative Kraft: Die Rolle von Kulturakteur*innen im Nachhaltigkeitskontext - JazzZeitung<\/title>\n<meta name=\"robots\" content=\"index, follow, max-snippet:-1, max-image-preview:large, max-video-preview:-1\" \/>\n<link rel=\"canonical\" href=\"https:\/\/www.jazzzeitung.de\/cms\/2022\/01\/kunst-als-transformative-kraft-die-rolle-von-kulturakteurinnen-im-nachhaltigkeitskontext\/\" \/>\n<meta property=\"og:locale\" content=\"de_DE\" \/>\n<meta property=\"og:type\" content=\"article\" \/>\n<meta property=\"og:title\" content=\"Kunst als transformative Kraft: Die Rolle von Kulturakteur*innen im Nachhaltigkeitskontext - JazzZeitung\" \/>\n<meta property=\"og:description\" content=\"Davide Brocchi zu Gast bei der Digitalen Akademie der Deutschen Jazzunion Mit der Veranstaltungsreihe Digitale Akademie \u201eInsight Out\u201c bietet die Deutsche Jazzunion seit dem 13. Oktober 2021 w\u00f6chentlich Vortr\u00e4ge, Workshops und Diskussionsrunden zu den Themen Diversit\u00e4t, Nachhaltigkeit, Bildung und Professionalisierung an. Damit will sie einen Diskursraum f\u00fcr aktuelle Gesellschaftsthemen in der Jazz-Szene schaffen. Begleitet wird die Digitale Akademie durch einen Blog, in dem vier Musikerinnen von ihren Eindr\u00fccken der verschiedenen Veranstaltungen berichten. Der folgende Beitrag bespricht den Vortrag \u201eDie Rolle von Kulturakteurinnen im Nachhaltigkeitskontext\u201c, in dem sich der Sozialwissenschaftler Davide Brocchi am 9. Dezember 2021 mit dem Verh\u00e4ltnis von Kultur und Nachhaltigkeit auseinandergesetzt hat. Kunst als transformative Kraft Blogbeitrag von Leon Senger Die digitale Akademie \u201cInsight Out\u201d der Deutschen Jazzunion basiert unter anderem auf der Arbeit verschiedener interner Arbeitsgruppen, von denen sich eine der Nachhaltigkeit verschrieben hat. Dieser Begriff, der in aller Munde ist, scheint erst einmal klar &#8211; es wird wohl um irgendetwas mit \u201cgr\u00fcn\u201d und \u201cbio\u201d gehen. Doch Referent Davide Brocchi zeigt mit seinem Vortrag zur Rolle von Kulturakteur*innen beim Thema Nachhaltigkeit, dass es noch ganz andere Perspektiven zu entdecken gilt. Schnell wird &hellip;\" \/>\n<meta property=\"og:url\" content=\"https:\/\/www.jazzzeitung.de\/cms\/2022\/01\/kunst-als-transformative-kraft-die-rolle-von-kulturakteurinnen-im-nachhaltigkeitskontext\/\" \/>\n<meta property=\"og:site_name\" content=\"JazzZeitung\" \/>\n<meta property=\"article:publisher\" content=\"https:\/\/www.facebook.com\/JazzZeitung\/\" \/>\n<meta property=\"article:published_time\" content=\"2022-01-20T12:23:04+00:00\" \/>\n<meta property=\"article:modified_time\" content=\"2022-01-20T13:18:17+00:00\" \/>\n<meta property=\"og:image\" content=\"https:\/\/i0.wp.com\/www.jazzzeitung.de\/cms\/wp-content\/uploads\/2022\/01\/21-12-09_Davide_Brocchi_c_Bozica_Babic.jpg?fit=876%2C1134&ssl=1\" \/>\n\t<meta property=\"og:image:width\" content=\"876\" \/>\n\t<meta property=\"og:image:height\" content=\"1134\" \/>\n\t<meta property=\"og:image:type\" content=\"image\/jpeg\" \/>\n<meta name=\"author\" content=\"Redaktion JazzZeitung\" \/>\n<script type=\"application\/ld+json\" class=\"yoast-schema-graph\">{\"@context\":\"https:\\\/\\\/schema.org\",\"@graph\":[{\"@type\":\"Article\",\"@id\":\"https:\\\/\\\/www.jazzzeitung.de\\\/cms\\\/2022\\\/01\\\/kunst-als-transformative-kraft-die-rolle-von-kulturakteurinnen-im-nachhaltigkeitskontext\\\/#article\",\"isPartOf\":{\"@id\":\"https:\\\/\\\/www.jazzzeitung.de\\\/cms\\\/2022\\\/01\\\/kunst-als-transformative-kraft-die-rolle-von-kulturakteurinnen-im-nachhaltigkeitskontext\\\/\"},\"author\":{\"name\":\"Redaktion JazzZeitung\",\"@id\":\"https:\\\/\\\/www.jazzzeitung.de\\\/cms\\\/#\\\/schema\\\/person\\\/2245b36b9cd1d24cea10f01c031fb92b\"},\"headline\":\"Kunst als transformative Kraft: Die Rolle von Kulturakteur*innen im Nachhaltigkeitskontext\",\"datePublished\":\"2022-01-20T12:23:04+00:00\",\"dateModified\":\"2022-01-20T13:18:17+00:00\",\"mainEntityOfPage\":{\"@id\":\"https:\\\/\\\/www.jazzzeitung.de\\\/cms\\\/2022\\\/01\\\/kunst-als-transformative-kraft-die-rolle-von-kulturakteurinnen-im-nachhaltigkeitskontext\\\/\"},\"wordCount\":990,\"commentCount\":0,\"publisher\":{\"@id\":\"https:\\\/\\\/www.jazzzeitung.de\\\/cms\\\/#organization\"},\"image\":{\"@id\":\"https:\\\/\\\/www.jazzzeitung.de\\\/cms\\\/2022\\\/01\\\/kunst-als-transformative-kraft-die-rolle-von-kulturakteurinnen-im-nachhaltigkeitskontext\\\/#primaryimage\"},\"thumbnailUrl\":\"https:\\\/\\\/i0.wp.com\\\/www.jazzzeitung.de\\\/cms\\\/wp-content\\\/uploads\\\/2022\\\/01\\\/21-12-09_Davide_Brocchi_c_Bozica_Babic.jpg?fit=876%2C1134&ssl=1\",\"keywords\":[\"2021\",\"Davide Brocchi\",\"Deutsche Jazzunion\",\"Digitale Akademie\",\"Gesellschaft\",\"Jazz\",\"Jazzunion\",\"Kultur\",\"Leon Senger\",\"Musikerinnen\",\"Oktober\",\"Veranstaltungen\",\"Vortrag\",\"Workshop\"],\"articleSection\":[\"Bericht\"],\"inLanguage\":\"de\",\"potentialAction\":[{\"@type\":\"CommentAction\",\"name\":\"Comment\",\"target\":[\"https:\\\/\\\/www.jazzzeitung.de\\\/cms\\\/2022\\\/01\\\/kunst-als-transformative-kraft-die-rolle-von-kulturakteurinnen-im-nachhaltigkeitskontext\\\/#respond\"]}]},{\"@type\":\"WebPage\",\"@id\":\"https:\\\/\\\/www.jazzzeitung.de\\\/cms\\\/2022\\\/01\\\/kunst-als-transformative-kraft-die-rolle-von-kulturakteurinnen-im-nachhaltigkeitskontext\\\/\",\"url\":\"https:\\\/\\\/www.jazzzeitung.de\\\/cms\\\/2022\\\/01\\\/kunst-als-transformative-kraft-die-rolle-von-kulturakteurinnen-im-nachhaltigkeitskontext\\\/\",\"name\":\"Kunst als transformative Kraft: Die Rolle von Kulturakteur*innen im Nachhaltigkeitskontext - JazzZeitung\",\"isPartOf\":{\"@id\":\"https:\\\/\\\/www.jazzzeitung.de\\\/cms\\\/#website\"},\"primaryImageOfPage\":{\"@id\":\"https:\\\/\\\/www.jazzzeitung.de\\\/cms\\\/2022\\\/01\\\/kunst-als-transformative-kraft-die-rolle-von-kulturakteurinnen-im-nachhaltigkeitskontext\\\/#primaryimage\"},\"image\":{\"@id\":\"https:\\\/\\\/www.jazzzeitung.de\\\/cms\\\/2022\\\/01\\\/kunst-als-transformative-kraft-die-rolle-von-kulturakteurinnen-im-nachhaltigkeitskontext\\\/#primaryimage\"},\"thumbnailUrl\":\"https:\\\/\\\/i0.wp.com\\\/www.jazzzeitung.de\\\/cms\\\/wp-content\\\/uploads\\\/2022\\\/01\\\/21-12-09_Davide_Brocchi_c_Bozica_Babic.jpg?fit=876%2C1134&ssl=1\",\"datePublished\":\"2022-01-20T12:23:04+00:00\",\"dateModified\":\"2022-01-20T13:18:17+00:00\",\"breadcrumb\":{\"@id\":\"https:\\\/\\\/www.jazzzeitung.de\\\/cms\\\/2022\\\/01\\\/kunst-als-transformative-kraft-die-rolle-von-kulturakteurinnen-im-nachhaltigkeitskontext\\\/#breadcrumb\"},\"inLanguage\":\"de\",\"potentialAction\":[{\"@type\":\"ReadAction\",\"target\":[\"https:\\\/\\\/www.jazzzeitung.de\\\/cms\\\/2022\\\/01\\\/kunst-als-transformative-kraft-die-rolle-von-kulturakteurinnen-im-nachhaltigkeitskontext\\\/\"]}]},{\"@type\":\"ImageObject\",\"inLanguage\":\"de\",\"@id\":\"https:\\\/\\\/www.jazzzeitung.de\\\/cms\\\/2022\\\/01\\\/kunst-als-transformative-kraft-die-rolle-von-kulturakteurinnen-im-nachhaltigkeitskontext\\\/#primaryimage\",\"url\":\"https:\\\/\\\/i0.wp.com\\\/www.jazzzeitung.de\\\/cms\\\/wp-content\\\/uploads\\\/2022\\\/01\\\/21-12-09_Davide_Brocchi_c_Bozica_Babic.jpg?fit=876%2C1134&ssl=1\",\"contentUrl\":\"https:\\\/\\\/i0.wp.com\\\/www.jazzzeitung.de\\\/cms\\\/wp-content\\\/uploads\\\/2022\\\/01\\\/21-12-09_Davide_Brocchi_c_Bozica_Babic.jpg?fit=876%2C1134&ssl=1\",\"width\":876,\"height\":1134},{\"@type\":\"BreadcrumbList\",\"@id\":\"https:\\\/\\\/www.jazzzeitung.de\\\/cms\\\/2022\\\/01\\\/kunst-als-transformative-kraft-die-rolle-von-kulturakteurinnen-im-nachhaltigkeitskontext\\\/#breadcrumb\",\"itemListElement\":[{\"@type\":\"ListItem\",\"position\":1,\"name\":\"Startseite\",\"item\":\"https:\\\/\\\/www.jazzzeitung.de\\\/cms\\\/\"},{\"@type\":\"ListItem\",\"position\":2,\"name\":\"Kunst als transformative Kraft: Die Rolle von Kulturakteur*innen im Nachhaltigkeitskontext\"}]},{\"@type\":\"WebSite\",\"@id\":\"https:\\\/\\\/www.jazzzeitung.de\\\/cms\\\/#website\",\"url\":\"https:\\\/\\\/www.jazzzeitung.de\\\/cms\\\/\",\"name\":\"JazzZeitung\",\"description\":\"Jazz-News und Jazz-Kontroverses\",\"publisher\":{\"@id\":\"https:\\\/\\\/www.jazzzeitung.de\\\/cms\\\/#organization\"},\"potentialAction\":[{\"@type\":\"SearchAction\",\"target\":{\"@type\":\"EntryPoint\",\"urlTemplate\":\"https:\\\/\\\/www.jazzzeitung.de\\\/cms\\\/?s={search_term_string}\"},\"query-input\":{\"@type\":\"PropertyValueSpecification\",\"valueRequired\":true,\"valueName\":\"search_term_string\"}}],\"inLanguage\":\"de\"},{\"@type\":\"Organization\",\"@id\":\"https:\\\/\\\/www.jazzzeitung.de\\\/cms\\\/#organization\",\"name\":\"JazzZeitung online\",\"url\":\"https:\\\/\\\/www.jazzzeitung.de\\\/cms\\\/\",\"logo\":{\"@type\":\"ImageObject\",\"inLanguage\":\"de\",\"@id\":\"https:\\\/\\\/www.jazzzeitung.de\\\/cms\\\/#\\\/schema\\\/logo\\\/image\\\/\",\"url\":\"https:\\\/\\\/i0.wp.com\\\/www.jazzzeitung.de\\\/cms\\\/wp-content\\\/uploads\\\/2015\\\/08\\\/JAZZZEITUNGDE_Logo_Neu.png?fit=499%2C200&ssl=1\",\"contentUrl\":\"https:\\\/\\\/i0.wp.com\\\/www.jazzzeitung.de\\\/cms\\\/wp-content\\\/uploads\\\/2015\\\/08\\\/JAZZZEITUNGDE_Logo_Neu.png?fit=499%2C200&ssl=1\",\"width\":499,\"height\":200,\"caption\":\"JazzZeitung online\"},\"image\":{\"@id\":\"https:\\\/\\\/www.jazzzeitung.de\\\/cms\\\/#\\\/schema\\\/logo\\\/image\\\/\"},\"sameAs\":[\"https:\\\/\\\/www.facebook.com\\\/JazzZeitung\\\/\"]},{\"@type\":\"Person\",\"@id\":\"https:\\\/\\\/www.jazzzeitung.de\\\/cms\\\/#\\\/schema\\\/person\\\/2245b36b9cd1d24cea10f01c031fb92b\",\"name\":\"Redaktion JazzZeitung\",\"image\":{\"@type\":\"ImageObject\",\"inLanguage\":\"de\",\"@id\":\"https:\\\/\\\/i0.wp.com\\\/www.jazzzeitung.de\\\/cms\\\/wp-content\\\/uploads\\\/2015\\\/08\\\/JAZZZEITUNGDE_Logo_Neu.png?resize=96%2C96&ssl=159975dcacb611b5700bd619b5daf0a7a\",\"url\":\"https:\\\/\\\/i0.wp.com\\\/www.jazzzeitung.de\\\/cms\\\/wp-content\\\/uploads\\\/2015\\\/08\\\/JAZZZEITUNGDE_Logo_Neu.png?resize=96%2C96&ssl=1\",\"contentUrl\":\"https:\\\/\\\/i0.wp.com\\\/www.jazzzeitung.de\\\/cms\\\/wp-content\\\/uploads\\\/2015\\\/08\\\/JAZZZEITUNGDE_Logo_Neu.png?resize=96%2C96&ssl=1\",\"caption\":\"Redaktion JazzZeitung\"},\"description\":\"Artikel der Redaktion der JazzZeitung.\",\"sameAs\":[\"http:\\\/\\\/www.jazzzeitung.de\\\/cms\\\/\"],\"url\":\"https:\\\/\\\/www.jazzzeitung.de\\\/cms\\\/author\\\/redaktion\\\/\"}]}<\/script>\n<!-- \/ Yoast SEO plugin. -->","yoast_head_json":{"title":"Kunst als transformative Kraft: Die Rolle von Kulturakteur*innen im Nachhaltigkeitskontext - JazzZeitung","robots":{"index":"index","follow":"follow","max-snippet":"max-snippet:-1","max-image-preview":"max-image-preview:large","max-video-preview":"max-video-preview:-1"},"canonical":"https:\/\/www.jazzzeitung.de\/cms\/2022\/01\/kunst-als-transformative-kraft-die-rolle-von-kulturakteurinnen-im-nachhaltigkeitskontext\/","og_locale":"de_DE","og_type":"article","og_title":"Kunst als transformative Kraft: Die Rolle von Kulturakteur*innen im Nachhaltigkeitskontext - JazzZeitung","og_description":"Davide Brocchi zu Gast bei der Digitalen Akademie der Deutschen Jazzunion Mit der Veranstaltungsreihe Digitale Akademie \u201eInsight Out\u201c bietet die Deutsche Jazzunion seit dem 13. Oktober 2021 w\u00f6chentlich Vortr\u00e4ge, Workshops und Diskussionsrunden zu den Themen Diversit\u00e4t, Nachhaltigkeit, Bildung und Professionalisierung an. Damit will sie einen Diskursraum f\u00fcr aktuelle Gesellschaftsthemen in der Jazz-Szene schaffen. Begleitet wird die Digitale Akademie durch einen Blog, in dem vier Musikerinnen von ihren Eindr\u00fccken der verschiedenen Veranstaltungen berichten. Der folgende Beitrag bespricht den Vortrag \u201eDie Rolle von Kulturakteurinnen im Nachhaltigkeitskontext\u201c, in dem sich der Sozialwissenschaftler Davide Brocchi am 9. Dezember 2021 mit dem Verh\u00e4ltnis von Kultur und Nachhaltigkeit auseinandergesetzt hat. Kunst als transformative Kraft Blogbeitrag von Leon Senger Die digitale Akademie \u201cInsight Out\u201d der Deutschen Jazzunion basiert unter anderem auf der Arbeit verschiedener interner Arbeitsgruppen, von denen sich eine der Nachhaltigkeit verschrieben hat. Dieser Begriff, der in aller Munde ist, scheint erst einmal klar &#8211; es wird wohl um irgendetwas mit \u201cgr\u00fcn\u201d und \u201cbio\u201d gehen. Doch Referent Davide Brocchi zeigt mit seinem Vortrag zur Rolle von Kulturakteur*innen beim Thema Nachhaltigkeit, dass es noch ganz andere Perspektiven zu entdecken gilt. Schnell wird &hellip;","og_url":"https:\/\/www.jazzzeitung.de\/cms\/2022\/01\/kunst-als-transformative-kraft-die-rolle-von-kulturakteurinnen-im-nachhaltigkeitskontext\/","og_site_name":"JazzZeitung","article_publisher":"https:\/\/www.facebook.com\/JazzZeitung\/","article_published_time":"2022-01-20T12:23:04+00:00","article_modified_time":"2022-01-20T13:18:17+00:00","og_image":[{"width":876,"height":1134,"url":"https:\/\/i0.wp.com\/www.jazzzeitung.de\/cms\/wp-content\/uploads\/2022\/01\/21-12-09_Davide_Brocchi_c_Bozica_Babic.jpg?fit=876%2C1134&ssl=1","type":"image\/jpeg"}],"author":"Redaktion JazzZeitung","schema":{"@context":"https:\/\/schema.org","@graph":[{"@type":"Article","@id":"https:\/\/www.jazzzeitung.de\/cms\/2022\/01\/kunst-als-transformative-kraft-die-rolle-von-kulturakteurinnen-im-nachhaltigkeitskontext\/#article","isPartOf":{"@id":"https:\/\/www.jazzzeitung.de\/cms\/2022\/01\/kunst-als-transformative-kraft-die-rolle-von-kulturakteurinnen-im-nachhaltigkeitskontext\/"},"author":{"name":"Redaktion JazzZeitung","@id":"https:\/\/www.jazzzeitung.de\/cms\/#\/schema\/person\/2245b36b9cd1d24cea10f01c031fb92b"},"headline":"Kunst als transformative Kraft: Die Rolle von Kulturakteur*innen im Nachhaltigkeitskontext","datePublished":"2022-01-20T12:23:04+00:00","dateModified":"2022-01-20T13:18:17+00:00","mainEntityOfPage":{"@id":"https:\/\/www.jazzzeitung.de\/cms\/2022\/01\/kunst-als-transformative-kraft-die-rolle-von-kulturakteurinnen-im-nachhaltigkeitskontext\/"},"wordCount":990,"commentCount":0,"publisher":{"@id":"https:\/\/www.jazzzeitung.de\/cms\/#organization"},"image":{"@id":"https:\/\/www.jazzzeitung.de\/cms\/2022\/01\/kunst-als-transformative-kraft-die-rolle-von-kulturakteurinnen-im-nachhaltigkeitskontext\/#primaryimage"},"thumbnailUrl":"https:\/\/i0.wp.com\/www.jazzzeitung.de\/cms\/wp-content\/uploads\/2022\/01\/21-12-09_Davide_Brocchi_c_Bozica_Babic.jpg?fit=876%2C1134&ssl=1","keywords":["2021","Davide Brocchi","Deutsche Jazzunion","Digitale Akademie","Gesellschaft","Jazz","Jazzunion","Kultur","Leon Senger","Musikerinnen","Oktober","Veranstaltungen","Vortrag","Workshop"],"articleSection":["Bericht"],"inLanguage":"de","potentialAction":[{"@type":"CommentAction","name":"Comment","target":["https:\/\/www.jazzzeitung.de\/cms\/2022\/01\/kunst-als-transformative-kraft-die-rolle-von-kulturakteurinnen-im-nachhaltigkeitskontext\/#respond"]}]},{"@type":"WebPage","@id":"https:\/\/www.jazzzeitung.de\/cms\/2022\/01\/kunst-als-transformative-kraft-die-rolle-von-kulturakteurinnen-im-nachhaltigkeitskontext\/","url":"https:\/\/www.jazzzeitung.de\/cms\/2022\/01\/kunst-als-transformative-kraft-die-rolle-von-kulturakteurinnen-im-nachhaltigkeitskontext\/","name":"Kunst als transformative Kraft: Die Rolle von Kulturakteur*innen im Nachhaltigkeitskontext - JazzZeitung","isPartOf":{"@id":"https:\/\/www.jazzzeitung.de\/cms\/#website"},"primaryImageOfPage":{"@id":"https:\/\/www.jazzzeitung.de\/cms\/2022\/01\/kunst-als-transformative-kraft-die-rolle-von-kulturakteurinnen-im-nachhaltigkeitskontext\/#primaryimage"},"image":{"@id":"https:\/\/www.jazzzeitung.de\/cms\/2022\/01\/kunst-als-transformative-kraft-die-rolle-von-kulturakteurinnen-im-nachhaltigkeitskontext\/#primaryimage"},"thumbnailUrl":"https:\/\/i0.wp.com\/www.jazzzeitung.de\/cms\/wp-content\/uploads\/2022\/01\/21-12-09_Davide_Brocchi_c_Bozica_Babic.jpg?fit=876%2C1134&ssl=1","datePublished":"2022-01-20T12:23:04+00:00","dateModified":"2022-01-20T13:18:17+00:00","breadcrumb":{"@id":"https:\/\/www.jazzzeitung.de\/cms\/2022\/01\/kunst-als-transformative-kraft-die-rolle-von-kulturakteurinnen-im-nachhaltigkeitskontext\/#breadcrumb"},"inLanguage":"de","potentialAction":[{"@type":"ReadAction","target":["https:\/\/www.jazzzeitung.de\/cms\/2022\/01\/kunst-als-transformative-kraft-die-rolle-von-kulturakteurinnen-im-nachhaltigkeitskontext\/"]}]},{"@type":"ImageObject","inLanguage":"de","@id":"https:\/\/www.jazzzeitung.de\/cms\/2022\/01\/kunst-als-transformative-kraft-die-rolle-von-kulturakteurinnen-im-nachhaltigkeitskontext\/#primaryimage","url":"https:\/\/i0.wp.com\/www.jazzzeitung.de\/cms\/wp-content\/uploads\/2022\/01\/21-12-09_Davide_Brocchi_c_Bozica_Babic.jpg?fit=876%2C1134&ssl=1","contentUrl":"https:\/\/i0.wp.com\/www.jazzzeitung.de\/cms\/wp-content\/uploads\/2022\/01\/21-12-09_Davide_Brocchi_c_Bozica_Babic.jpg?fit=876%2C1134&ssl=1","width":876,"height":1134},{"@type":"BreadcrumbList","@id":"https:\/\/www.jazzzeitung.de\/cms\/2022\/01\/kunst-als-transformative-kraft-die-rolle-von-kulturakteurinnen-im-nachhaltigkeitskontext\/#breadcrumb","itemListElement":[{"@type":"ListItem","position":1,"name":"Startseite","item":"https:\/\/www.jazzzeitung.de\/cms\/"},{"@type":"ListItem","position":2,"name":"Kunst als transformative Kraft: Die Rolle von Kulturakteur*innen im Nachhaltigkeitskontext"}]},{"@type":"WebSite","@id":"https:\/\/www.jazzzeitung.de\/cms\/#website","url":"https:\/\/www.jazzzeitung.de\/cms\/","name":"JazzZeitung","description":"Jazz-News und Jazz-Kontroverses","publisher":{"@id":"https:\/\/www.jazzzeitung.de\/cms\/#organization"},"potentialAction":[{"@type":"SearchAction","target":{"@type":"EntryPoint","urlTemplate":"https:\/\/www.jazzzeitung.de\/cms\/?s={search_term_string}"},"query-input":{"@type":"PropertyValueSpecification","valueRequired":true,"valueName":"search_term_string"}}],"inLanguage":"de"},{"@type":"Organization","@id":"https:\/\/www.jazzzeitung.de\/cms\/#organization","name":"JazzZeitung online","url":"https:\/\/www.jazzzeitung.de\/cms\/","logo":{"@type":"ImageObject","inLanguage":"de","@id":"https:\/\/www.jazzzeitung.de\/cms\/#\/schema\/logo\/image\/","url":"https:\/\/i0.wp.com\/www.jazzzeitung.de\/cms\/wp-content\/uploads\/2015\/08\/JAZZZEITUNGDE_Logo_Neu.png?fit=499%2C200&ssl=1","contentUrl":"https:\/\/i0.wp.com\/www.jazzzeitung.de\/cms\/wp-content\/uploads\/2015\/08\/JAZZZEITUNGDE_Logo_Neu.png?fit=499%2C200&ssl=1","width":499,"height":200,"caption":"JazzZeitung online"},"image":{"@id":"https:\/\/www.jazzzeitung.de\/cms\/#\/schema\/logo\/image\/"},"sameAs":["https:\/\/www.facebook.com\/JazzZeitung\/"]},{"@type":"Person","@id":"https:\/\/www.jazzzeitung.de\/cms\/#\/schema\/person\/2245b36b9cd1d24cea10f01c031fb92b","name":"Redaktion JazzZeitung","image":{"@type":"ImageObject","inLanguage":"de","@id":"https:\/\/i0.wp.com\/www.jazzzeitung.de\/cms\/wp-content\/uploads\/2015\/08\/JAZZZEITUNGDE_Logo_Neu.png?resize=96%2C96&ssl=159975dcacb611b5700bd619b5daf0a7a","url":"https:\/\/i0.wp.com\/www.jazzzeitung.de\/cms\/wp-content\/uploads\/2015\/08\/JAZZZEITUNGDE_Logo_Neu.png?resize=96%2C96&ssl=1","contentUrl":"https:\/\/i0.wp.com\/www.jazzzeitung.de\/cms\/wp-content\/uploads\/2015\/08\/JAZZZEITUNGDE_Logo_Neu.png?resize=96%2C96&ssl=1","caption":"Redaktion JazzZeitung"},"description":"Artikel der Redaktion der JazzZeitung.","sameAs":["http:\/\/www.jazzzeitung.de\/cms\/"],"url":"https:\/\/www.jazzzeitung.de\/cms\/author\/redaktion\/"}]}},"wp-worthy-pixel":{"ignored":false,"public":null,"server":null,"url":null},"wp-worthy-type":"normal","jetpack_publicize_connections":[],"cc_featured_image_caption":{"caption_text":"","source_text":"","source_url":""},"jetpack_featured_media_url":"https:\/\/i0.wp.com\/www.jazzzeitung.de\/cms\/wp-content\/uploads\/2022\/01\/21-12-09_Davide_Brocchi_c_Bozica_Babic.jpg?fit=876%2C1134&ssl=1","jetpack_shortlink":"https:\/\/wp.me\/p3KEcT-6Uf","jetpack-related-posts":[{"id":27101,"url":"https:\/\/www.jazzzeitung.de\/cms\/2022\/04\/digitale-akademie-insight-jazz_is_my_democracy\/","url_meta":{"origin":26551,"position":0},"title":"+++ News +++ Start der Digitalen Akademie \u201cInsight Out\u201d der DJU +++ Jazz und Gender \u2013 Lesung im Frankfurter Salon+++","author":"Redaktion JazzZeitung","date":"12. April 2022","format":false,"excerpt":"+++ Silodenken \u00fcberwinden +++ Die Digitale Akademie \u201cInsight Out\u201d der Deutschen Jazzunion startet am 7. April ins Sommersemester. In w\u00f6chentlichen Online-Veranstaltungen zu einem breiten Spektrum an jazz- und berufspolitischen Fragestellungen aus den Bereichen Diversit\u00e4t, Nachhaltigkeit, Bildung und weiteren Themenkomplexen stehen Austausch und Diskurs im Zentrum. Neben Workshopformaten z\u00e4hlen auch hochkar\u00e4tig\u2026","rel":"","context":"In &quot;News&quot;","block_context":{"text":"News","link":"https:\/\/www.jazzzeitung.de\/cms\/thema\/nachrichten\/"},"img":{"alt_text":"Logo der Deutschen Jazzunion","src":"https:\/\/i0.wp.com\/www.jazzzeitung.de\/cms\/wp-content\/uploads\/2019\/05\/DeutscheJazzunion.png?fit=811%2C456&ssl=1&resize=350%2C200","width":350,"height":200,"srcset":"https:\/\/i0.wp.com\/www.jazzzeitung.de\/cms\/wp-content\/uploads\/2019\/05\/DeutscheJazzunion.png?fit=811%2C456&ssl=1&resize=350%2C200 1x, https:\/\/i0.wp.com\/www.jazzzeitung.de\/cms\/wp-content\/uploads\/2019\/05\/DeutscheJazzunion.png?fit=811%2C456&ssl=1&resize=525%2C300 1.5x, https:\/\/i0.wp.com\/www.jazzzeitung.de\/cms\/wp-content\/uploads\/2019\/05\/DeutscheJazzunion.png?fit=811%2C456&ssl=1&resize=700%2C400 2x"},"classes":[]},{"id":26401,"url":"https:\/\/www.jazzzeitung.de\/cms\/2021\/12\/digitale-akademie-insight-out-der-deutschen-jazzunion-ein-interview-mit-johanna-schneider-und-jakob-fraisse\/","url_meta":{"origin":26551,"position":1},"title":"Digitale Akademie \u201eInsight Out\u201d der Deutschen Jazzunion \u2013 ein Interview mit Johanna Schneider und Jakob Fraisse","author":"Redaktion JazzZeitung","date":"16. Dezember 2021","format":false,"excerpt":"Unter dem Dach der Digitalen Akademie \u201eInsight Out\u201d bietet die Deutsche Jazzunion seit dem 13. Oktober 2021 digitale Workshops, Vortr\u00e4ge und Diskussionsveranstaltungen zu Diversit\u00e4t, Nachhaltigkeit, Bildung und Professionalisierung f\u00fcr professionelle und angehende Jazzmusiker*innen an. Mit Blogbeitr\u00e4gen und Veranstaltungshinweisen wird die JazzZeitung die beiden ersten Semester bis Mitte 2022 begleiten. Zehn\u2026","rel":"","context":"In &quot;Bericht&quot;","block_context":{"text":"Bericht","link":"https:\/\/www.jazzzeitung.de\/cms\/thema\/bericht\/"},"img":{"alt_text":"","src":"https:\/\/i0.wp.com\/www.jazzzeitung.de\/cms\/wp-content\/uploads\/2021\/12\/21-12-03_DigitaleAkademie_Grafik_II-e1639584596952.png?fit=1080%2C764&ssl=1&resize=350%2C200","width":350,"height":200,"srcset":"https:\/\/i0.wp.com\/www.jazzzeitung.de\/cms\/wp-content\/uploads\/2021\/12\/21-12-03_DigitaleAkademie_Grafik_II-e1639584596952.png?fit=1080%2C764&ssl=1&resize=350%2C200 1x, https:\/\/i0.wp.com\/www.jazzzeitung.de\/cms\/wp-content\/uploads\/2021\/12\/21-12-03_DigitaleAkademie_Grafik_II-e1639584596952.png?fit=1080%2C764&ssl=1&resize=525%2C300 1.5x, https:\/\/i0.wp.com\/www.jazzzeitung.de\/cms\/wp-content\/uploads\/2021\/12\/21-12-03_DigitaleAkademie_Grafik_II-e1639584596952.png?fit=1080%2C764&ssl=1&resize=700%2C400 2x, https:\/\/i0.wp.com\/www.jazzzeitung.de\/cms\/wp-content\/uploads\/2021\/12\/21-12-03_DigitaleAkademie_Grafik_II-e1639584596952.png?fit=1080%2C764&ssl=1&resize=1050%2C600 3x"},"classes":[]},{"id":25951,"url":"https:\/\/www.jazzzeitung.de\/cms\/2021\/10\/news-ebe-jazz-is-back-insight-out-digitale-akademie-der-deutschen-jazzunion-startet-gypsy-jazz-tage-muenchen-2021\/","url_meta":{"origin":26551,"position":2},"title":"+++ news +++ EBE-JAZZ is back! +++ \u201cInsight Out\u201d: Digitale Akademie der Deutschen Jazzunion startet +++ Gypsy Jazz Tage M\u00fcnchen 2021 +++","author":"Redaktion JazzZeitung","date":"6. Oktober 2021","format":false,"excerpt":"+++ EBE-JAZZ is back! +++ (Pressemitteilung) Nachdem Live-Kultur so lange nicht m\u00f6glich war, l\u00e4uft nun als Comeback der Kultursommer - und f\u00fcr eine Fortsetzung im Herbst ist bereits gesorgt: EBE-JAZZ is back! Vom 8. bis 17. Oktober 2021 geht das internationale Jazzfestival in Ebersberg und Grafing in seine vierte Runde!\u2026","rel":"","context":"In &quot;News&quot;","block_context":{"text":"News","link":"https:\/\/www.jazzzeitung.de\/cms\/thema\/nachrichten\/"},"img":{"alt_text":"","src":"https:\/\/i0.wp.com\/www.jazzzeitung.de\/cms\/wp-content\/uploads\/2021\/10\/EBE-JAZZ-Vorstaende-Foto-TJ-Krebs_kleine.jpg?fit=1134%2C756&ssl=1&resize=350%2C200","width":350,"height":200,"srcset":"https:\/\/i0.wp.com\/www.jazzzeitung.de\/cms\/wp-content\/uploads\/2021\/10\/EBE-JAZZ-Vorstaende-Foto-TJ-Krebs_kleine.jpg?fit=1134%2C756&ssl=1&resize=350%2C200 1x, https:\/\/i0.wp.com\/www.jazzzeitung.de\/cms\/wp-content\/uploads\/2021\/10\/EBE-JAZZ-Vorstaende-Foto-TJ-Krebs_kleine.jpg?fit=1134%2C756&ssl=1&resize=525%2C300 1.5x, https:\/\/i0.wp.com\/www.jazzzeitung.de\/cms\/wp-content\/uploads\/2021\/10\/EBE-JAZZ-Vorstaende-Foto-TJ-Krebs_kleine.jpg?fit=1134%2C756&ssl=1&resize=700%2C400 2x, https:\/\/i0.wp.com\/www.jazzzeitung.de\/cms\/wp-content\/uploads\/2021\/10\/EBE-JAZZ-Vorstaende-Foto-TJ-Krebs_kleine.jpg?fit=1134%2C756&ssl=1&resize=1050%2C600 3x"},"classes":[]},{"id":26451,"url":"https:\/\/www.jazzzeitung.de\/cms\/2021\/12\/digitale-akademie-insight-out-blogbeitrag-von-jakob-fraisse-zum-workshop-class-matters-der-taenzerin-verena-brakonier\/","url_meta":{"origin":26551,"position":3},"title":"Digitale Akademie \u201eInsight Out\u201c: Blogbeitrag von Jakob Fraisse zum Workshop \u201eClass matters\u201c der T\u00e4nzerin Verena Brakonier","author":"Redaktion JazzZeitung","date":"22. Dezember 2021","format":false,"excerpt":"Mit der Veranstaltungsreihe Digitale Akademie \u201eInsight Out\u201c bietet die Deutsche Jazzunion seit dem 13. Oktober w\u00f6chentlich Vortr\u00e4ge, Workshops und Diskussionsrunden zu den Themen Diversit\u00e4t, Nachhaltigkeit, Bildung und Professionalisierung an. Damit will sie einen Diskursraum f\u00fcr aktuelle Gesellschaftsthemen in der Jazz-Szene schaffen. Begleitet wird die Digitale Akademie durch einen Blog, in\u2026","rel":"","context":"In &quot;Bericht&quot;","block_context":{"text":"Bericht","link":"https:\/\/www.jazzzeitung.de\/cms\/thema\/bericht\/"},"img":{"alt_text":"","src":"https:\/\/i0.wp.com\/www.jazzzeitung.de\/cms\/wp-content\/uploads\/2021\/12\/verenaChristoph-SebastianPACT-Zollverein..jpg?fit=797%2C532&ssl=1&resize=350%2C200","width":350,"height":200,"srcset":"https:\/\/i0.wp.com\/www.jazzzeitung.de\/cms\/wp-content\/uploads\/2021\/12\/verenaChristoph-SebastianPACT-Zollverein..jpg?fit=797%2C532&ssl=1&resize=350%2C200 1x, https:\/\/i0.wp.com\/www.jazzzeitung.de\/cms\/wp-content\/uploads\/2021\/12\/verenaChristoph-SebastianPACT-Zollverein..jpg?fit=797%2C532&ssl=1&resize=525%2C300 1.5x, https:\/\/i0.wp.com\/www.jazzzeitung.de\/cms\/wp-content\/uploads\/2021\/12\/verenaChristoph-SebastianPACT-Zollverein..jpg?fit=797%2C532&ssl=1&resize=700%2C400 2x"},"classes":[]},{"id":19583,"url":"https:\/\/www.jazzzeitung.de\/cms\/2019\/05\/union-deutscher-jazzmusiker-udj-in-deutsche-jazzunion-umbenannt\/","url_meta":{"origin":26551,"position":4},"title":"\u201eUnion Deutscher Jazzmusiker\u201c (UDJ) in \u201eDeutsche Jazzunion\u201c umbenannt","author":"Redaktion JazzZeitung","date":"27. Mai 2019","format":false,"excerpt":"Berlin, 27.05.2019 | Die Interessenvertretung der Jazzmusikerinnen und -musiker in Deutschland hat einen neuen Namen. Die Mitglieder des 1973 gegr\u00fcndeten Verbands beschlossen auf ihrer Mitgliederversammlung in Bremen, den Namen \u201eUnion Deutscher Jazzmusiker\u201c in \u201eDeutsche Jazzunion\u201c zu \u00e4ndern. Mit der Namens\u00e4nderung will der Verband als Sprachrohr der Jazzmusiker*innen in Deutschland der\u2026","rel":"","context":"In &quot;News&quot;","block_context":{"text":"News","link":"https:\/\/www.jazzzeitung.de\/cms\/thema\/nachrichten\/"},"img":{"alt_text":"Logo der Deutschen Jazzunion","src":"https:\/\/i0.wp.com\/www.jazzzeitung.de\/cms\/wp-content\/uploads\/2019\/05\/DeutscheJazzunion.png?fit=811%2C456&ssl=1&resize=350%2C200","width":350,"height":200,"srcset":"https:\/\/i0.wp.com\/www.jazzzeitung.de\/cms\/wp-content\/uploads\/2019\/05\/DeutscheJazzunion.png?fit=811%2C456&ssl=1&resize=350%2C200 1x, https:\/\/i0.wp.com\/www.jazzzeitung.de\/cms\/wp-content\/uploads\/2019\/05\/DeutscheJazzunion.png?fit=811%2C456&ssl=1&resize=525%2C300 1.5x, https:\/\/i0.wp.com\/www.jazzzeitung.de\/cms\/wp-content\/uploads\/2019\/05\/DeutscheJazzunion.png?fit=811%2C456&ssl=1&resize=700%2C400 2x"},"classes":[]},{"id":23646,"url":"https:\/\/www.jazzzeitung.de\/cms\/2020\/10\/jazz-now-2020-25-jazzforum-der-deutschen-jazzunion-fand-trotz-corona-pandemie-in-leipzig-statt\/","url_meta":{"origin":26551,"position":5},"title":"Jazz Now! 2020: 25. Jazzforum der Deutschen Jazzunion fand trotz Corona-Pandemie in Leipzig statt","author":"Redaktion JazzZeitung","date":"19. Oktober 2020","format":false,"excerpt":"Trotz den Corona-Einschr\u00e4nkungen hat die Deutsche Jazzunion an den vergangenen zwei Tagen ihre biennale Bundeskonferenz \u201eJazz Now! 2020\u201c im Kunstkraftwerk Leipzig durchgef\u00fchrt. Mit Abstand und Masken, sowie mit vielen digitalen und hybriden Formaten fanden Panels und Workshops statt, die von Jazzmusiker*innen aus ganz Deutschland und Europa beachtet wurden. Durch die\u2026","rel":"","context":"In &quot;News&quot;","block_context":{"text":"News","link":"https:\/\/www.jazzzeitung.de\/cms\/thema\/nachrichten\/"},"img":{"alt_text":"JazzNow Jazztage Leipzig 2020. Foto: Lukas Diller.","src":"https:\/\/i0.wp.com\/www.jazzzeitung.de\/cms\/wp-content\/uploads\/2020\/10\/JazzNow_Jazztage_c_LukasDiller-9.jpg?fit=1200%2C800&ssl=1&resize=350%2C200","width":350,"height":200,"srcset":"https:\/\/i0.wp.com\/www.jazzzeitung.de\/cms\/wp-content\/uploads\/2020\/10\/JazzNow_Jazztage_c_LukasDiller-9.jpg?fit=1200%2C800&ssl=1&resize=350%2C200 1x, https:\/\/i0.wp.com\/www.jazzzeitung.de\/cms\/wp-content\/uploads\/2020\/10\/JazzNow_Jazztage_c_LukasDiller-9.jpg?fit=1200%2C800&ssl=1&resize=525%2C300 1.5x, https:\/\/i0.wp.com\/www.jazzzeitung.de\/cms\/wp-content\/uploads\/2020\/10\/JazzNow_Jazztage_c_LukasDiller-9.jpg?fit=1200%2C800&ssl=1&resize=700%2C400 2x, https:\/\/i0.wp.com\/www.jazzzeitung.de\/cms\/wp-content\/uploads\/2020\/10\/JazzNow_Jazztage_c_LukasDiller-9.jpg?fit=1200%2C800&ssl=1&resize=1050%2C600 3x"},"classes":[]}],"jetpack_sharing_enabled":true,"_links":{"self":[{"href":"https:\/\/www.jazzzeitung.de\/cms\/wp-json\/wp\/v2\/posts\/26551","targetHints":{"allow":["GET"]}}],"collection":[{"href":"https:\/\/www.jazzzeitung.de\/cms\/wp-json\/wp\/v2\/posts"}],"about":[{"href":"https:\/\/www.jazzzeitung.de\/cms\/wp-json\/wp\/v2\/types\/post"}],"author":[{"embeddable":true,"href":"https:\/\/www.jazzzeitung.de\/cms\/wp-json\/wp\/v2\/users\/18"}],"replies":[{"embeddable":true,"href":"https:\/\/www.jazzzeitung.de\/cms\/wp-json\/wp\/v2\/comments?post=26551"}],"version-history":[{"count":8,"href":"https:\/\/www.jazzzeitung.de\/cms\/wp-json\/wp\/v2\/posts\/26551\/revisions"}],"predecessor-version":[{"id":26577,"href":"https:\/\/www.jazzzeitung.de\/cms\/wp-json\/wp\/v2\/posts\/26551\/revisions\/26577"}],"wp:featuredmedia":[{"embeddable":true,"href":"https:\/\/www.jazzzeitung.de\/cms\/wp-json\/wp\/v2\/media\/26554"}],"wp:attachment":[{"href":"https:\/\/www.jazzzeitung.de\/cms\/wp-json\/wp\/v2\/media?parent=26551"}],"wp:term":[{"taxonomy":"category","embeddable":true,"href":"https:\/\/www.jazzzeitung.de\/cms\/wp-json\/wp\/v2\/categories?post=26551"},{"taxonomy":"post_tag","embeddable":true,"href":"https:\/\/www.jazzzeitung.de\/cms\/wp-json\/wp\/v2\/tags?post=26551"},{"taxonomy":"author","embeddable":true,"href":"https:\/\/www.jazzzeitung.de\/cms\/wp-json\/wp\/v2\/coauthors?post=26551"}],"curies":[{"name":"wp","href":"https:\/\/api.w.org\/{rel}","templated":true}]}}