{"id":26529,"date":"2022-01-18T08:00:06","date_gmt":"2022-01-18T07:00:06","guid":{"rendered":"https:\/\/www.jazzzeitung.de\/cms\/?p=26529"},"modified":"2022-01-17T15:44:06","modified_gmt":"2022-01-17T14:44:06","slug":"auf-eine-unexpected-journey-mit-beta-con-brio","status":"publish","type":"post","link":"https:\/\/www.jazzzeitung.de\/cms\/2022\/01\/auf-eine-unexpected-journey-mit-beta-con-brio\/","title":{"rendered":"Auf eine \u201eUnexpected Journey\u201c mit Beta con Brio"},"content":{"rendered":"<p>Seit vier Jahren treffen sich die drei jungen K\u00fcnstler aus der hannoverschen Musikszene im Proberaum, um neue Kl\u00e4nge zu finden, zu improvisieren und zuletzt auch eine \u201eVideo-Livesession\u201c aufzunehmen. Mit Jakob Bereznai am Klavier, Benjamin Br\u00fcckmann am Cello und Matthias Bodensteiner am Schlagzeug hat sich in \u201eBeta con Brio\u201c ein Trio gefunden, das sich nicht zuletzt wegen der eher untypischen Besetzung in kein bestimmtes Genre einordnet, sondern lieber die Musik f\u00fcr sich sprechen l\u00e4sst. Songs wie \u201eUnexpected journey\u201c, \u201eZwiefacher\u201c oder \u201eOtthon az Itthon\u201c zeichnen sich durch Patternvariationen, virtuose Improvisationen und raffinierte Taktwechsel aus. Dabei wird der lyrische Cellopart auch mal unvermittelt von groovigen Rhythmen abgel\u00f6st. Im Interview mit Valerie Probst:<\/p>\n<p><strong><em>jazzzeitung<\/em><\/strong><strong>: Beta con Brio, wie habt ihr euch als Trio kennengelernt?<\/strong><\/p>\n<p>Matthias Bodensteiner: Im Rahmen der Hochschule, wir haben gemeinsam angefangen zu studieren \u2013 Jakob ein Jahr fr\u00fcher als ich. Wir hatten den gleichen Schlagzeuglehrer und da hat man hier und da gequatscht. Die Initiative hat Jakob ergriffen, daraufhin haben wir uns im Proberaum getroffen und Ideen ausgetauscht.<\/p>\n<p><strong><em>jazzzeitung<\/em><\/strong><strong>: Und welchen Studiengang habt ihr studiert?<\/strong><\/p>\n<p>Jakob Bereznai: Das ist ein sogenanntes f\u00e4cher\u00fcbergreifendes Bachelorstudium mit unseren jeweiligen Instrumenten als Hauptfach.<\/p>\n<p>Benjamin Br\u00fcckmann: Bei Matthias und Jakob ist die Ausrichtung Jazz\/Popul\u00e4re Musik und bei mir klassisch.<\/p>\n<p><strong><em>jazzzeitung<\/em><\/strong><strong>: \u201eAlpha sessions\u201d hei\u00dft eure Studioproduktion, was hat es denn mit den griechischen Buchstaben auf sich?<\/strong><\/p>\n<p>Bereznai: Ja, erstmal ist das relativ platt, w\u00fcrde ich fast sagen. Dieses Beta ist aus der Idee heraus entstanden, dass wir alle zuf\u00e4lligerweise denselben Anfangsbuchstaben im Nachnamen haben: Bereznai, Br\u00fcckmann, Bodensteiner. Diesen Zufall wollten wir nutzen und haben ihn in unserem Bandnamen untergebracht.\u00a0 Und daraus hat sich ergeben, dieses Konzept auch im Namen unserer Videoreihe weiter zu fahren. Das alpha steht in dem Fall nicht f\u00fcr Anfangsbuchstaben, sondern f\u00fcr den Anfang, weil es auch unsere erste Studioproduktion ist.<\/p>\n<p><strong><em>jazzzeitung<\/em><\/strong><strong>: Jazztrio oder Band?<\/strong><\/p>\n<figure id=\"attachment_26530\" aria-describedby=\"caption-attachment-26530\" style=\"width: 315px\" class=\"wp-caption alignleft\"><img data-recalc-dims=\"1\" loading=\"lazy\" decoding=\"async\" data-attachment-id=\"26530\" data-permalink=\"https:\/\/www.jazzzeitung.de\/cms\/2022\/01\/auf-eine-unexpected-journey-mit-beta-con-brio\/collage_bcb\/\" data-orig-file=\"https:\/\/i0.wp.com\/www.jazzzeitung.de\/cms\/wp-content\/uploads\/2022\/01\/Collage_BcB.jpg?fit=800%2C600&amp;ssl=1\" data-orig-size=\"800,600\" data-comments-opened=\"1\" data-image-meta=\"{&quot;aperture&quot;:&quot;0&quot;,&quot;credit&quot;:&quot;&quot;,&quot;camera&quot;:&quot;&quot;,&quot;caption&quot;:&quot;&quot;,&quot;created_timestamp&quot;:&quot;0&quot;,&quot;copyright&quot;:&quot;&quot;,&quot;focal_length&quot;:&quot;0&quot;,&quot;iso&quot;:&quot;0&quot;,&quot;shutter_speed&quot;:&quot;0&quot;,&quot;title&quot;:&quot;&quot;,&quot;orientation&quot;:&quot;0&quot;}\" data-image-title=\"Collage: beta con brio\" data-image-description=\"\" data-image-caption=\"&lt;p&gt;Collage: beta con brio&lt;\/p&gt;\n\" data-large-file=\"https:\/\/i0.wp.com\/www.jazzzeitung.de\/cms\/wp-content\/uploads\/2022\/01\/Collage_BcB.jpg?fit=800%2C600&amp;ssl=1\" class=\" wp-image-26530\" src=\"https:\/\/i0.wp.com\/www.jazzzeitung.de\/cms\/wp-content\/uploads\/2022\/01\/Collage_BcB.jpg?resize=315%2C236&#038;ssl=1\" alt=\"\" width=\"315\" height=\"236\" srcset=\"https:\/\/i0.wp.com\/www.jazzzeitung.de\/cms\/wp-content\/uploads\/2022\/01\/Collage_BcB.jpg?resize=300%2C225&amp;ssl=1 300w, https:\/\/i0.wp.com\/www.jazzzeitung.de\/cms\/wp-content\/uploads\/2022\/01\/Collage_BcB.jpg?resize=768%2C576&amp;ssl=1 768w, https:\/\/i0.wp.com\/www.jazzzeitung.de\/cms\/wp-content\/uploads\/2022\/01\/Collage_BcB.jpg?w=800&amp;ssl=1 800w\" sizes=\"auto, (max-width: 315px) 100vw, 315px\" \/><figcaption id=\"caption-attachment-26530\" class=\"wp-caption-text\">Collage: beta con brio<\/figcaption><\/figure>\n<p>Bodensteiner: Also vom Klang, wie wir auftreten und wie wir uns beschreiben, das spricht eher f\u00fcr Jazztrio. Wir haben uns aber einen Bandnamen gegeben, weil bei uns nicht eine Person die Songs f\u00fcr die Band schreibt, sondern Jakob und ich, damit sind wir nicht das \u201eBodensteiner Trio\u201c oder so \u00e4hnlich, bei uns ist das hybrid: Wir sind offen f\u00fcr alle Ideen der Mitspielenden, deswegen fanden wir den Bandnamen eine gelungenere Bezeichnung.<\/p>\n<p>&nbsp;<\/p>\n<p><strong><em>jazzzeitung<\/em><\/strong><strong>: \u201eUnexpected journey\u201c hei\u00dft einer eurer Songs. Hattet ihr bei der Gr\u00fcndung <\/strong><strong>eurer Band schon einen genauen Plan oder war das auch eine \u201eunexpected journey\u201c?<\/strong><\/p>\n<p>Br\u00fcckmann: Ja also einen Plan gab es nicht, sondern das Ganze ist mehr aus den Ideen entstanden, die wir hatten. Wir haben uns stilistisch gar nicht festgelegt, haben uns offen gehalten, wie es sich entwickelt. Aber Matthias und Jakob schreiben ja die meisten Sachen und kommen aus der Jazzrichtung, haben sich aber anderer Stilistiken bedient und da ist das mit der Zeit entstanden. Wir haben uns, wie der Name auch verr\u00e4t, als \u201eunexpected journey\u201c gesehen. Unerwartbar, in welche Richtung das ging.<\/p>\n<p><strong><em>jazzzeitung<\/em><\/strong><strong>: Ihr habt also von vornherein eigene Musik gemacht?<\/strong><\/p>\n<p>Bodensteiner: Ja. Der Fokus war auf der eigenen Musik, das ist f\u00fcr mich etwas viel pers\u00f6nlicheres und emotionaleres. Ich finde auch, dass es eine sehr unerwartete Reise war \u2013 auch, dass Benny mitspielt ergab sich aus einer spontanen Begegnung. Man trifft jemanden und dann fragt man, ob er Lust hat, mit Cello in einem Trio im Jazzkontext zu spielen. Begegnungen kann man ja auch nicht planen, das ist ja auch das Sch\u00f6ne daran.<\/p>\n<p><strong><em>jazzzeitung<\/em><\/strong><strong>: Jazz, Pop und Klassik. Vertritt jeder von euch einen Stil? Und wenn ja, wer welchen?<\/strong><\/p>\n<p>Bereznai: Naja, es gibt nat\u00fcrlich Schwerpunkte, wir kommen ja schon auch aus verschiedenen Richtungen. Das ist eine Art Fahrwasser, in dem man unterwegs ist, aber ich w\u00fcrde nicht sagen, dass jeder von uns explizit f\u00fcr ein Genre steht. Das ist nicht schwarz-wei\u00df zu sehen. Wir bringen alle unterschiedliche Ideen und Klangideale innerhalb einer Person mit. Das h\u00f6rt man auch in unseren St\u00fccken. Die beiden, die Matthias komponiert hat: \u201eZwiefacher\u201c und \u201eZweifeln\u201c, vereint stilistisch nicht viel.<\/p>\n<p><strong><em>jazzzeitung<\/em><\/strong><strong>: Habt ihr musikalische Vorbilder?<\/strong><\/p>\n<p>Bodensteiner: Ich denke, jeder hat eine ganze Reihe an Vorbildern, die alle aufzuz\u00e4hlen w\u00fcrde jetzt bestimmt den Rahmen sprengen. Ich denke, jeder Musiker braucht das auch; bei mir \u00e4ndern sich die Vorbilder auch w\u00f6chentlich, weil man neue Dinge h\u00f6rt und sucht. Eine Person, wegen der alles klingt wie es klingt, gibt es nicht. Das ist auch ein Prozess: Die K\u00fcnstler und Personen, die einen beeinflussen, sind immer wieder andere.<\/p>\n<p>Br\u00fcckmann: Sehe ich \u00e4hnlich. Wir haben uns auch im Vorhinein auch kein Ideal oder Vorbild gesetzt, das wir verfolgen, sondern es war das eigene Starten und Ausprobieren und eben nicht in eine Richtung zu gehen, die es schon gibt.<\/p>\n<p>Bereznai: Man muss auch sagen, dass es unsere spezielle Besetzung fast nicht gibt. W\u00e4re Benny jetzt Kontrabassist, dann k\u00f6nnte man sich Milliarden von Jazztrios mit dieser Besetzung reinziehen und sich daraus inspirieren lassen und das ist beim Cello oft nicht direkt \u00fcbertragbar. Man findet auch nicht viel, woran man sich abarbeiten kann. Das ist auch das spannende bei dieser Band: Man kann sich von allen m\u00f6glichen Sachen inspirieren lassen, aber es gibt selten Bands, die genauso auftreten wie wir.<\/p>\n<p><strong><em>jazzzeitung<\/em><\/strong><strong>: Ich bin beim H\u00f6ren des Songs \u201eUnexpected Journey\u201c \u00fcber krasse Br\u00fcche zwischen <\/strong><strong>Formteilen gestolpert. Das eine h\u00f6rt auf und etwas v\u00f6llig neues beginnt. Was steckt da dahinter?\u00a0\u00a0 <\/strong><\/p>\n<p>Bereznai: Ja, bei dem Song ist eigentlich der Name Programm. Das ist eine Idee hinter dem St\u00fcck gewesen: Es f\u00fchrt irgendwohin, wo man als au\u00dfenstehende Person, die das St\u00fcck zum ersten Mal h\u00f6rt, nicht erwartet hat, dass es hinf\u00fchrt. Das zeigt sich sowohl darin, dass es zwei Br\u00fcche in dem Song gibt, als auch in der grunds\u00e4tzlichen Entwicklung des St\u00fccks. Das ist hier nat\u00fcrlich sehr plastisch, weil der Song auch so hei\u00dft, aber bei anderen St\u00fccken von uns passiert das genauso. Vielleicht hat sich das auch im Laufe der Zeit bei uns entwickelt, dass wir das gerne machen. Aber wenn dann ist es etwas, was wir nicht bewusst ausgesprochen haben, sondern es ist einfach so entstanden.<\/p>\n<p><strong>\u00a0<em>jazzzeitung<\/em>: Newcomer in Corona-Zeiten: Hat euch die Pandemie dazwischen gefunkt? <\/strong><\/p>\n<p>Br\u00fcckmann: Ja, als der erste Lockdown war, war Jakob in Budapest f\u00fcr ein Erasmussemester und er sollte eigentlich gerade wiederkommen. Wir hatten Pl\u00e4ne, hier und da zu spielen und wir hatten Bock. Aber leider hat uns da Corona einen Strich durch die Planung gemacht. Man kann es so sehen, dass die Aufnahmen ein Ersatz f\u00fcr die Konzerte waren. Dass wir einerseits trotz allem unsere Arbeit preisgeben wollten und andererseits als Zwischenstand, damit wir ein Ergebnis und ein Ziel haben, auf das wir hinarbeiten konnten.<\/p>\n<p><strong><em>jazzzeitung<\/em><\/strong><strong>: H\u00e4ttet ihr die Studioaufnahme sonst nicht gemacht?<\/strong><\/p>\n<p>Br\u00fcckmann: Doch, vielleicht nicht zu diesem Zeitpunkt, aber wir h\u00e4tten auf jeden Fall eine Aufnahme gemacht.<\/p>\n<p>Bodensteiner: Also das war immer schon der Punkt, dass wir etwas Greifbares haben wollten. Konzerterleben ist ein fl\u00fcchtiges: man spielt es und danach ist es auch wieder weg. Und eine Aufnahme ist wirklich so ein Stand, ein anderes Sich-Pr\u00e4sentieren.<\/p>\n<figure id=\"attachment_26532\" aria-describedby=\"caption-attachment-26532\" style=\"width: 270px\" class=\"wp-caption alignleft\"><img data-recalc-dims=\"1\" loading=\"lazy\" decoding=\"async\" data-attachment-id=\"26532\" data-permalink=\"https:\/\/www.jazzzeitung.de\/cms\/2022\/01\/auf-eine-unexpected-journey-mit-beta-con-brio\/dsc_3823\/\" data-orig-file=\"https:\/\/i0.wp.com\/www.jazzzeitung.de\/cms\/wp-content\/uploads\/2022\/01\/DSC_3823-scaled.jpg?fit=2560%2C1707&amp;ssl=1\" data-orig-size=\"2560,1707\" data-comments-opened=\"1\" data-image-meta=\"{&quot;aperture&quot;:&quot;4.5&quot;,&quot;credit&quot;:&quot;&quot;,&quot;camera&quot;:&quot;NIKON D5300&quot;,&quot;caption&quot;:&quot;&quot;,&quot;created_timestamp&quot;:&quot;1530020609&quot;,&quot;copyright&quot;:&quot;&quot;,&quot;focal_length&quot;:&quot;50&quot;,&quot;iso&quot;:&quot;640&quot;,&quot;shutter_speed&quot;:&quot;0.003125&quot;,&quot;title&quot;:&quot;&quot;,&quot;orientation&quot;:&quot;1&quot;}\" data-image-title=\"DSC_3823\" data-image-description=\"\" data-image-caption=\"&lt;p&gt;3 B&amp;#8217;s: Bereznai, Br\u00fcckmann, Bodensteiner&lt;\/p&gt;\n\" data-large-file=\"https:\/\/i0.wp.com\/www.jazzzeitung.de\/cms\/wp-content\/uploads\/2022\/01\/DSC_3823-scaled.jpg?fit=840%2C560&amp;ssl=1\" class=\" wp-image-26532\" src=\"https:\/\/i0.wp.com\/www.jazzzeitung.de\/cms\/wp-content\/uploads\/2022\/01\/DSC_3823.jpg?resize=270%2C180&#038;ssl=1\" alt=\"\" width=\"270\" height=\"180\" srcset=\"https:\/\/i0.wp.com\/www.jazzzeitung.de\/cms\/wp-content\/uploads\/2022\/01\/DSC_3823-scaled.jpg?resize=300%2C200&amp;ssl=1 300w, https:\/\/i0.wp.com\/www.jazzzeitung.de\/cms\/wp-content\/uploads\/2022\/01\/DSC_3823-scaled.jpg?resize=900%2C600&amp;ssl=1 900w, https:\/\/i0.wp.com\/www.jazzzeitung.de\/cms\/wp-content\/uploads\/2022\/01\/DSC_3823-scaled.jpg?resize=768%2C512&amp;ssl=1 768w, https:\/\/i0.wp.com\/www.jazzzeitung.de\/cms\/wp-content\/uploads\/2022\/01\/DSC_3823-scaled.jpg?resize=1536%2C1024&amp;ssl=1 1536w, https:\/\/i0.wp.com\/www.jazzzeitung.de\/cms\/wp-content\/uploads\/2022\/01\/DSC_3823-scaled.jpg?resize=2048%2C1365&amp;ssl=1 2048w, https:\/\/i0.wp.com\/www.jazzzeitung.de\/cms\/wp-content\/uploads\/2022\/01\/DSC_3823-scaled.jpg?resize=120%2C80&amp;ssl=1 120w, https:\/\/i0.wp.com\/www.jazzzeitung.de\/cms\/wp-content\/uploads\/2022\/01\/DSC_3823-scaled.jpg?resize=1320%2C880&amp;ssl=1 1320w, https:\/\/i0.wp.com\/www.jazzzeitung.de\/cms\/wp-content\/uploads\/2022\/01\/DSC_3823-scaled.jpg?w=1680&amp;ssl=1 1680w, https:\/\/i0.wp.com\/www.jazzzeitung.de\/cms\/wp-content\/uploads\/2022\/01\/DSC_3823-scaled.jpg?w=2520&amp;ssl=1 2520w\" sizes=\"auto, (max-width: 270px) 100vw, 270px\" \/><figcaption id=\"caption-attachment-26532\" class=\"wp-caption-text\">3 B&#8217;s: Bereznai, Br\u00fcckmann, Bodensteiner<\/figcaption><\/figure>\n<p><strong><em>jazzzeitung<\/em><\/strong><strong>: Was sind eure Pl\u00e4ne f\u00fcr die n\u00e4chste Zeit?<\/strong><\/p>\n<p>Bereznai: Bei uns ist die mittelfristige Planung gerade sehr interessant, weil wir momentan so zerstreut wohnen. Ich bin nach wie vor in Hannover, Matthias ist seit September in Rotterdam, studiert dort Komposition, Benny wird seinen Master wahrscheinlich in Detmold machen. Wahrscheinlich wird es auch in den n\u00e4chsten Monaten bez\u00fcglich der Coronasituation mit live-Auftritten nicht besser werden. Wir werden jetzt projektorientierter planen: Hier und da ein Wochenende mit m\u00f6glichst sch\u00f6nen Konzerten und auf das Live-Spielen fokussieren. Eine Studioproduktion ist sch\u00f6n und gut, aber damit kann man nicht ersetzen, dass Dinge live und einmalig bei diesem einen Konzert entstehen.<\/p>\n<p><strong><em>jazzzeitung<\/em><\/strong><strong>: Ja. Also kann man\u00a0 sozusagen auch ein \u201egamma project\u201c erwarten?<\/strong><\/p>\n<p>Bodensteiner: Wir verpflichten uns nat\u00fcrlich nicht, jeden Buchstaben des griechischen Alphabets abzuarbeiten, aber m\u00f6glichst weit mit den Projekten voranzuschreiten und eine gemeinsame Entwicklung durchzumachen, neue Dinge zu planen, live oder auch Aufnahmen. Wir schauen mal, wohin das f\u00fchrt. Wir haben nat\u00fcrlich auch Lust, eine Reunion in Hannover, in Rotterdam oder auch Regensburg zu machen.<\/p>\n<p><strong><em>jazzzeitung<\/em><\/strong><strong>: Eine Frage zum Schluss: Wenn ihr euch einen Ort aussuchen k\u00f6nntet, an dem ihr mal unbedingt auftreten wollt, wo w\u00e4re das? Welches Festival, welches Land, welches Wohnzimmer\u2026?\u00a0 <\/strong><\/p>\n<p>Bodensteiner: Tiny Desk Concerts <em>(lacht)<\/em><\/p>\n<p>Bereznai: Ich war ja in Ungarn im Erasmussemester und ich bin auch von der Herkunft \u2013 zumindest halb \u2013 aus Ungarn. Deswegen f\u00e4nde ich es sehr sch\u00f6n, einen Trip in meine zweite Heimat zu machen. Vielleicht im Jazzclub Budapest oder im Opus Jazzclub.<\/p>\n<p>Br\u00fcckmann: Keinen expliziten Ort, mir geht es mehr um gute Stimmung und sch\u00f6ne Umgebung.<\/p>\n<p>Bereznai: Hauptsache erstmal wieder live spielen.<\/p>\n<p><strong><em>jazzzeitung<\/em><\/strong><strong>: Ja das stimmt und ist ein gutes Schlusswort. Vielen Dank euch!<\/strong><\/p>\n<p>Zum Reinh\u00f6ren in die &#8222;alpha-Sessions&#8220;: <a href=\"https:\/\/www.youtube.com\/watch?v=7qUrkgz5pKA\">https:\/\/www.youtube.com\/watch?v=7qUrkgz5pKA <\/a><\/p>\n<p>Beitragsbilder: privat. Text: Valerie Probst<\/p>\n","protected":false},"excerpt":{"rendered":"<p>Seit vier Jahren treffen sich die drei jungen K\u00fcnstler aus der hannoverschen Musikszene im Proberaum, um neue Kl\u00e4nge zu finden, zu improvisieren und zuletzt auch eine \u201eVideo-Livesession\u201c aufzunehmen. Mit Jakob Bereznai am Klavier, Benjamin Br\u00fcckmann am Cello und Matthias Bodensteiner am Schlagzeug hat sich in \u201eBeta con Brio\u201c ein Trio gefunden, das sich nicht zuletzt wegen der eher untypischen Besetzung in kein bestimmtes Genre einordnet, sondern lieber die Musik f\u00fcr sich sprechen l\u00e4sst. Songs wie \u201eUnexpected journey\u201c, \u201eZwiefacher\u201c oder \u201eOtthon az Itthon\u201c zeichnen sich durch Patternvariationen, virtuose Improvisationen und raffinierte Taktwechsel aus. Dabei wird der lyrische Cellopart auch mal unvermittelt von groovigen Rhythmen abgel\u00f6st. Im Interview mit Valerie Probst: jazzzeitung: Beta con Brio, wie habt ihr euch als Trio kennengelernt? Matthias Bodensteiner: Im Rahmen der Hochschule, wir haben gemeinsam angefangen zu studieren \u2013 Jakob ein Jahr fr\u00fcher als ich. Wir hatten den gleichen Schlagzeuglehrer und da hat man hier und da gequatscht. Die Initiative hat Jakob ergriffen, daraufhin haben wir uns im Proberaum getroffen und Ideen ausgetauscht. jazzzeitung: Und welchen Studiengang habt ihr studiert? Jakob Bereznai: Das ist ein sogenanntes f\u00e4cher\u00fcbergreifendes Bachelorstudium mit unseren jeweiligen &hellip;<\/p>\n","protected":false},"author":18,"featured_media":26531,"comment_status":"open","ping_status":"closed","sticky":false,"template":"","format":"standard","meta":{"_jetpack_memberships_contains_paid_content":false,"footnotes":"","jetpack_publicize_message":"","jetpack_publicize_feature_enabled":true,"jetpack_social_post_already_shared":false,"jetpack_social_options":{"image_generator_settings":{"template":"highway","default_image_id":0,"font":"","enabled":false},"version":2}},"categories":[632],"tags":[1959,3914,3917,3911,2725,2941,245,3916,271,3913,322,323,3387,3918,3915,732,2182,447,1797,1564,3479,3912],"coauthors":[695],"class_list":["post-26529","post","type-post","status-publish","format-standard","has-post-thumbnail","hentry","category-newcomer","tag-1959","tag-band","tag-benjamin-brueckmann","tag-beta-con-brio","tag-budapest","tag-corona","tag-interview-2","tag-jakob-bereznai","tag-jazzclub","tag-jazztrio","tag-konzert-2","tag-konzerte","tag-kuenstler","tag-matthias-bodensteiner","tag-musikhochschule-hannover","tag-newcomer-2","tag-opus","tag-pop","tag-regensburg","tag-schlagzeug","tag-september","tag-tiny-desk-concerts"],"yoast_head":"<!-- This site is optimized with the Yoast SEO plugin v27.5 - https:\/\/yoast.com\/product\/yoast-seo-wordpress\/ -->\n<title>Auf eine \u201eUnexpected Journey\u201c mit Beta con Brio - JazzZeitung<\/title>\n<meta name=\"robots\" content=\"index, follow, max-snippet:-1, max-image-preview:large, max-video-preview:-1\" \/>\n<link rel=\"canonical\" href=\"https:\/\/www.jazzzeitung.de\/cms\/2022\/01\/auf-eine-unexpected-journey-mit-beta-con-brio\/\" \/>\n<meta property=\"og:locale\" content=\"de_DE\" \/>\n<meta property=\"og:type\" content=\"article\" \/>\n<meta property=\"og:title\" content=\"Auf eine \u201eUnexpected Journey\u201c mit Beta con Brio - JazzZeitung\" \/>\n<meta property=\"og:description\" content=\"Seit vier Jahren treffen sich die drei jungen K\u00fcnstler aus der hannoverschen Musikszene im Proberaum, um neue Kl\u00e4nge zu finden, zu improvisieren und zuletzt auch eine \u201eVideo-Livesession\u201c aufzunehmen. Mit Jakob Bereznai am Klavier, Benjamin Br\u00fcckmann am Cello und Matthias Bodensteiner am Schlagzeug hat sich in \u201eBeta con Brio\u201c ein Trio gefunden, das sich nicht zuletzt wegen der eher untypischen Besetzung in kein bestimmtes Genre einordnet, sondern lieber die Musik f\u00fcr sich sprechen l\u00e4sst. Songs wie \u201eUnexpected journey\u201c, \u201eZwiefacher\u201c oder \u201eOtthon az Itthon\u201c zeichnen sich durch Patternvariationen, virtuose Improvisationen und raffinierte Taktwechsel aus. Dabei wird der lyrische Cellopart auch mal unvermittelt von groovigen Rhythmen abgel\u00f6st. Im Interview mit Valerie Probst: jazzzeitung: Beta con Brio, wie habt ihr euch als Trio kennengelernt? Matthias Bodensteiner: Im Rahmen der Hochschule, wir haben gemeinsam angefangen zu studieren \u2013 Jakob ein Jahr fr\u00fcher als ich. Wir hatten den gleichen Schlagzeuglehrer und da hat man hier und da gequatscht. Die Initiative hat Jakob ergriffen, daraufhin haben wir uns im Proberaum getroffen und Ideen ausgetauscht. jazzzeitung: Und welchen Studiengang habt ihr studiert? Jakob Bereznai: Das ist ein sogenanntes f\u00e4cher\u00fcbergreifendes Bachelorstudium mit unseren jeweiligen &hellip;\" \/>\n<meta property=\"og:url\" content=\"https:\/\/www.jazzzeitung.de\/cms\/2022\/01\/auf-eine-unexpected-journey-mit-beta-con-brio\/\" \/>\n<meta property=\"og:site_name\" content=\"JazzZeitung\" \/>\n<meta property=\"article:publisher\" content=\"https:\/\/www.facebook.com\/JazzZeitung\/\" \/>\n<meta property=\"article:published_time\" content=\"2022-01-18T07:00:06+00:00\" \/>\n<meta property=\"og:image\" content=\"https:\/\/i0.wp.com\/www.jazzzeitung.de\/cms\/wp-content\/uploads\/2022\/01\/DSC_3803-scaled.jpg?fit=2560%2C2278&ssl=1\" \/>\n\t<meta property=\"og:image:width\" content=\"2560\" \/>\n\t<meta property=\"og:image:height\" content=\"2278\" \/>\n\t<meta property=\"og:image:type\" content=\"image\/jpeg\" \/>\n<meta name=\"author\" content=\"Redaktion JazzZeitung\" \/>\n<script type=\"application\/ld+json\" class=\"yoast-schema-graph\">{\"@context\":\"https:\\\/\\\/schema.org\",\"@graph\":[{\"@type\":\"Article\",\"@id\":\"https:\\\/\\\/www.jazzzeitung.de\\\/cms\\\/2022\\\/01\\\/auf-eine-unexpected-journey-mit-beta-con-brio\\\/#article\",\"isPartOf\":{\"@id\":\"https:\\\/\\\/www.jazzzeitung.de\\\/cms\\\/2022\\\/01\\\/auf-eine-unexpected-journey-mit-beta-con-brio\\\/\"},\"author\":{\"name\":\"Redaktion JazzZeitung\",\"@id\":\"https:\\\/\\\/www.jazzzeitung.de\\\/cms\\\/#\\\/schema\\\/person\\\/2245b36b9cd1d24cea10f01c031fb92b\"},\"headline\":\"Auf eine \u201eUnexpected Journey\u201c mit Beta con Brio\",\"datePublished\":\"2022-01-18T07:00:06+00:00\",\"mainEntityOfPage\":{\"@id\":\"https:\\\/\\\/www.jazzzeitung.de\\\/cms\\\/2022\\\/01\\\/auf-eine-unexpected-journey-mit-beta-con-brio\\\/\"},\"wordCount\":1556,\"commentCount\":0,\"publisher\":{\"@id\":\"https:\\\/\\\/www.jazzzeitung.de\\\/cms\\\/#organization\"},\"image\":{\"@id\":\"https:\\\/\\\/www.jazzzeitung.de\\\/cms\\\/2022\\\/01\\\/auf-eine-unexpected-journey-mit-beta-con-brio\\\/#primaryimage\"},\"thumbnailUrl\":\"https:\\\/\\\/i0.wp.com\\\/www.jazzzeitung.de\\\/cms\\\/wp-content\\\/uploads\\\/2022\\\/01\\\/DSC_3803-scaled.jpg?fit=2560%2C2278&ssl=1\",\"keywords\":[\"2018\",\"Band\",\"Benjamin Br\u00fcckmann\",\"Beta con Brio\",\"Budapest\",\"Corona\",\"Interview\",\"Jakob Bereznai\",\"Jazzclub\",\"Jazztrio\",\"Konzert\",\"Konzerte\",\"K\u00fcnstler\",\"Matthias Bodensteiner\",\"Musikhochschule Hannover\",\"Newcomer\",\"Opus\",\"Pop\",\"Regensburg\",\"Schlagzeug\",\"September\",\"Tiny Desk Concerts\"],\"articleSection\":[\"Newcomer des Monats\"],\"inLanguage\":\"de\",\"potentialAction\":[{\"@type\":\"CommentAction\",\"name\":\"Comment\",\"target\":[\"https:\\\/\\\/www.jazzzeitung.de\\\/cms\\\/2022\\\/01\\\/auf-eine-unexpected-journey-mit-beta-con-brio\\\/#respond\"]}]},{\"@type\":\"WebPage\",\"@id\":\"https:\\\/\\\/www.jazzzeitung.de\\\/cms\\\/2022\\\/01\\\/auf-eine-unexpected-journey-mit-beta-con-brio\\\/\",\"url\":\"https:\\\/\\\/www.jazzzeitung.de\\\/cms\\\/2022\\\/01\\\/auf-eine-unexpected-journey-mit-beta-con-brio\\\/\",\"name\":\"Auf eine \u201eUnexpected Journey\u201c mit Beta con Brio - JazzZeitung\",\"isPartOf\":{\"@id\":\"https:\\\/\\\/www.jazzzeitung.de\\\/cms\\\/#website\"},\"primaryImageOfPage\":{\"@id\":\"https:\\\/\\\/www.jazzzeitung.de\\\/cms\\\/2022\\\/01\\\/auf-eine-unexpected-journey-mit-beta-con-brio\\\/#primaryimage\"},\"image\":{\"@id\":\"https:\\\/\\\/www.jazzzeitung.de\\\/cms\\\/2022\\\/01\\\/auf-eine-unexpected-journey-mit-beta-con-brio\\\/#primaryimage\"},\"thumbnailUrl\":\"https:\\\/\\\/i0.wp.com\\\/www.jazzzeitung.de\\\/cms\\\/wp-content\\\/uploads\\\/2022\\\/01\\\/DSC_3803-scaled.jpg?fit=2560%2C2278&ssl=1\",\"datePublished\":\"2022-01-18T07:00:06+00:00\",\"breadcrumb\":{\"@id\":\"https:\\\/\\\/www.jazzzeitung.de\\\/cms\\\/2022\\\/01\\\/auf-eine-unexpected-journey-mit-beta-con-brio\\\/#breadcrumb\"},\"inLanguage\":\"de\",\"potentialAction\":[{\"@type\":\"ReadAction\",\"target\":[\"https:\\\/\\\/www.jazzzeitung.de\\\/cms\\\/2022\\\/01\\\/auf-eine-unexpected-journey-mit-beta-con-brio\\\/\"]}]},{\"@type\":\"ImageObject\",\"inLanguage\":\"de\",\"@id\":\"https:\\\/\\\/www.jazzzeitung.de\\\/cms\\\/2022\\\/01\\\/auf-eine-unexpected-journey-mit-beta-con-brio\\\/#primaryimage\",\"url\":\"https:\\\/\\\/i0.wp.com\\\/www.jazzzeitung.de\\\/cms\\\/wp-content\\\/uploads\\\/2022\\\/01\\\/DSC_3803-scaled.jpg?fit=2560%2C2278&ssl=1\",\"contentUrl\":\"https:\\\/\\\/i0.wp.com\\\/www.jazzzeitung.de\\\/cms\\\/wp-content\\\/uploads\\\/2022\\\/01\\\/DSC_3803-scaled.jpg?fit=2560%2C2278&ssl=1\",\"width\":2560,\"height\":2278},{\"@type\":\"BreadcrumbList\",\"@id\":\"https:\\\/\\\/www.jazzzeitung.de\\\/cms\\\/2022\\\/01\\\/auf-eine-unexpected-journey-mit-beta-con-brio\\\/#breadcrumb\",\"itemListElement\":[{\"@type\":\"ListItem\",\"position\":1,\"name\":\"Startseite\",\"item\":\"https:\\\/\\\/www.jazzzeitung.de\\\/cms\\\/\"},{\"@type\":\"ListItem\",\"position\":2,\"name\":\"Auf eine \u201eUnexpected Journey\u201c mit Beta con Brio\"}]},{\"@type\":\"WebSite\",\"@id\":\"https:\\\/\\\/www.jazzzeitung.de\\\/cms\\\/#website\",\"url\":\"https:\\\/\\\/www.jazzzeitung.de\\\/cms\\\/\",\"name\":\"JazzZeitung\",\"description\":\"Jazz-News und Jazz-Kontroverses\",\"publisher\":{\"@id\":\"https:\\\/\\\/www.jazzzeitung.de\\\/cms\\\/#organization\"},\"potentialAction\":[{\"@type\":\"SearchAction\",\"target\":{\"@type\":\"EntryPoint\",\"urlTemplate\":\"https:\\\/\\\/www.jazzzeitung.de\\\/cms\\\/?s={search_term_string}\"},\"query-input\":{\"@type\":\"PropertyValueSpecification\",\"valueRequired\":true,\"valueName\":\"search_term_string\"}}],\"inLanguage\":\"de\"},{\"@type\":\"Organization\",\"@id\":\"https:\\\/\\\/www.jazzzeitung.de\\\/cms\\\/#organization\",\"name\":\"JazzZeitung online\",\"url\":\"https:\\\/\\\/www.jazzzeitung.de\\\/cms\\\/\",\"logo\":{\"@type\":\"ImageObject\",\"inLanguage\":\"de\",\"@id\":\"https:\\\/\\\/www.jazzzeitung.de\\\/cms\\\/#\\\/schema\\\/logo\\\/image\\\/\",\"url\":\"https:\\\/\\\/i0.wp.com\\\/www.jazzzeitung.de\\\/cms\\\/wp-content\\\/uploads\\\/2015\\\/08\\\/JAZZZEITUNGDE_Logo_Neu.png?fit=499%2C200&ssl=1\",\"contentUrl\":\"https:\\\/\\\/i0.wp.com\\\/www.jazzzeitung.de\\\/cms\\\/wp-content\\\/uploads\\\/2015\\\/08\\\/JAZZZEITUNGDE_Logo_Neu.png?fit=499%2C200&ssl=1\",\"width\":499,\"height\":200,\"caption\":\"JazzZeitung online\"},\"image\":{\"@id\":\"https:\\\/\\\/www.jazzzeitung.de\\\/cms\\\/#\\\/schema\\\/logo\\\/image\\\/\"},\"sameAs\":[\"https:\\\/\\\/www.facebook.com\\\/JazzZeitung\\\/\"]},{\"@type\":\"Person\",\"@id\":\"https:\\\/\\\/www.jazzzeitung.de\\\/cms\\\/#\\\/schema\\\/person\\\/2245b36b9cd1d24cea10f01c031fb92b\",\"name\":\"Redaktion JazzZeitung\",\"image\":{\"@type\":\"ImageObject\",\"inLanguage\":\"de\",\"@id\":\"https:\\\/\\\/i0.wp.com\\\/www.jazzzeitung.de\\\/cms\\\/wp-content\\\/uploads\\\/2015\\\/08\\\/JAZZZEITUNGDE_Logo_Neu.png?resize=96%2C96&ssl=159975dcacb611b5700bd619b5daf0a7a\",\"url\":\"https:\\\/\\\/i0.wp.com\\\/www.jazzzeitung.de\\\/cms\\\/wp-content\\\/uploads\\\/2015\\\/08\\\/JAZZZEITUNGDE_Logo_Neu.png?resize=96%2C96&ssl=1\",\"contentUrl\":\"https:\\\/\\\/i0.wp.com\\\/www.jazzzeitung.de\\\/cms\\\/wp-content\\\/uploads\\\/2015\\\/08\\\/JAZZZEITUNGDE_Logo_Neu.png?resize=96%2C96&ssl=1\",\"caption\":\"Redaktion JazzZeitung\"},\"description\":\"Artikel der Redaktion der JazzZeitung.\",\"sameAs\":[\"http:\\\/\\\/www.jazzzeitung.de\\\/cms\\\/\"],\"url\":\"https:\\\/\\\/www.jazzzeitung.de\\\/cms\\\/author\\\/redaktion\\\/\"}]}<\/script>\n<!-- \/ Yoast SEO plugin. -->","yoast_head_json":{"title":"Auf eine \u201eUnexpected Journey\u201c mit Beta con Brio - JazzZeitung","robots":{"index":"index","follow":"follow","max-snippet":"max-snippet:-1","max-image-preview":"max-image-preview:large","max-video-preview":"max-video-preview:-1"},"canonical":"https:\/\/www.jazzzeitung.de\/cms\/2022\/01\/auf-eine-unexpected-journey-mit-beta-con-brio\/","og_locale":"de_DE","og_type":"article","og_title":"Auf eine \u201eUnexpected Journey\u201c mit Beta con Brio - JazzZeitung","og_description":"Seit vier Jahren treffen sich die drei jungen K\u00fcnstler aus der hannoverschen Musikszene im Proberaum, um neue Kl\u00e4nge zu finden, zu improvisieren und zuletzt auch eine \u201eVideo-Livesession\u201c aufzunehmen. Mit Jakob Bereznai am Klavier, Benjamin Br\u00fcckmann am Cello und Matthias Bodensteiner am Schlagzeug hat sich in \u201eBeta con Brio\u201c ein Trio gefunden, das sich nicht zuletzt wegen der eher untypischen Besetzung in kein bestimmtes Genre einordnet, sondern lieber die Musik f\u00fcr sich sprechen l\u00e4sst. Songs wie \u201eUnexpected journey\u201c, \u201eZwiefacher\u201c oder \u201eOtthon az Itthon\u201c zeichnen sich durch Patternvariationen, virtuose Improvisationen und raffinierte Taktwechsel aus. Dabei wird der lyrische Cellopart auch mal unvermittelt von groovigen Rhythmen abgel\u00f6st. Im Interview mit Valerie Probst: jazzzeitung: Beta con Brio, wie habt ihr euch als Trio kennengelernt? Matthias Bodensteiner: Im Rahmen der Hochschule, wir haben gemeinsam angefangen zu studieren \u2013 Jakob ein Jahr fr\u00fcher als ich. Wir hatten den gleichen Schlagzeuglehrer und da hat man hier und da gequatscht. Die Initiative hat Jakob ergriffen, daraufhin haben wir uns im Proberaum getroffen und Ideen ausgetauscht. jazzzeitung: Und welchen Studiengang habt ihr studiert? Jakob Bereznai: Das ist ein sogenanntes f\u00e4cher\u00fcbergreifendes Bachelorstudium mit unseren jeweiligen &hellip;","og_url":"https:\/\/www.jazzzeitung.de\/cms\/2022\/01\/auf-eine-unexpected-journey-mit-beta-con-brio\/","og_site_name":"JazzZeitung","article_publisher":"https:\/\/www.facebook.com\/JazzZeitung\/","article_published_time":"2022-01-18T07:00:06+00:00","og_image":[{"width":2560,"height":2278,"url":"https:\/\/i0.wp.com\/www.jazzzeitung.de\/cms\/wp-content\/uploads\/2022\/01\/DSC_3803-scaled.jpg?fit=2560%2C2278&ssl=1","type":"image\/jpeg"}],"author":"Redaktion JazzZeitung","schema":{"@context":"https:\/\/schema.org","@graph":[{"@type":"Article","@id":"https:\/\/www.jazzzeitung.de\/cms\/2022\/01\/auf-eine-unexpected-journey-mit-beta-con-brio\/#article","isPartOf":{"@id":"https:\/\/www.jazzzeitung.de\/cms\/2022\/01\/auf-eine-unexpected-journey-mit-beta-con-brio\/"},"author":{"name":"Redaktion JazzZeitung","@id":"https:\/\/www.jazzzeitung.de\/cms\/#\/schema\/person\/2245b36b9cd1d24cea10f01c031fb92b"},"headline":"Auf eine \u201eUnexpected Journey\u201c mit Beta con Brio","datePublished":"2022-01-18T07:00:06+00:00","mainEntityOfPage":{"@id":"https:\/\/www.jazzzeitung.de\/cms\/2022\/01\/auf-eine-unexpected-journey-mit-beta-con-brio\/"},"wordCount":1556,"commentCount":0,"publisher":{"@id":"https:\/\/www.jazzzeitung.de\/cms\/#organization"},"image":{"@id":"https:\/\/www.jazzzeitung.de\/cms\/2022\/01\/auf-eine-unexpected-journey-mit-beta-con-brio\/#primaryimage"},"thumbnailUrl":"https:\/\/i0.wp.com\/www.jazzzeitung.de\/cms\/wp-content\/uploads\/2022\/01\/DSC_3803-scaled.jpg?fit=2560%2C2278&ssl=1","keywords":["2018","Band","Benjamin Br\u00fcckmann","Beta con Brio","Budapest","Corona","Interview","Jakob Bereznai","Jazzclub","Jazztrio","Konzert","Konzerte","K\u00fcnstler","Matthias Bodensteiner","Musikhochschule Hannover","Newcomer","Opus","Pop","Regensburg","Schlagzeug","September","Tiny Desk Concerts"],"articleSection":["Newcomer des Monats"],"inLanguage":"de","potentialAction":[{"@type":"CommentAction","name":"Comment","target":["https:\/\/www.jazzzeitung.de\/cms\/2022\/01\/auf-eine-unexpected-journey-mit-beta-con-brio\/#respond"]}]},{"@type":"WebPage","@id":"https:\/\/www.jazzzeitung.de\/cms\/2022\/01\/auf-eine-unexpected-journey-mit-beta-con-brio\/","url":"https:\/\/www.jazzzeitung.de\/cms\/2022\/01\/auf-eine-unexpected-journey-mit-beta-con-brio\/","name":"Auf eine \u201eUnexpected Journey\u201c mit Beta con Brio - JazzZeitung","isPartOf":{"@id":"https:\/\/www.jazzzeitung.de\/cms\/#website"},"primaryImageOfPage":{"@id":"https:\/\/www.jazzzeitung.de\/cms\/2022\/01\/auf-eine-unexpected-journey-mit-beta-con-brio\/#primaryimage"},"image":{"@id":"https:\/\/www.jazzzeitung.de\/cms\/2022\/01\/auf-eine-unexpected-journey-mit-beta-con-brio\/#primaryimage"},"thumbnailUrl":"https:\/\/i0.wp.com\/www.jazzzeitung.de\/cms\/wp-content\/uploads\/2022\/01\/DSC_3803-scaled.jpg?fit=2560%2C2278&ssl=1","datePublished":"2022-01-18T07:00:06+00:00","breadcrumb":{"@id":"https:\/\/www.jazzzeitung.de\/cms\/2022\/01\/auf-eine-unexpected-journey-mit-beta-con-brio\/#breadcrumb"},"inLanguage":"de","potentialAction":[{"@type":"ReadAction","target":["https:\/\/www.jazzzeitung.de\/cms\/2022\/01\/auf-eine-unexpected-journey-mit-beta-con-brio\/"]}]},{"@type":"ImageObject","inLanguage":"de","@id":"https:\/\/www.jazzzeitung.de\/cms\/2022\/01\/auf-eine-unexpected-journey-mit-beta-con-brio\/#primaryimage","url":"https:\/\/i0.wp.com\/www.jazzzeitung.de\/cms\/wp-content\/uploads\/2022\/01\/DSC_3803-scaled.jpg?fit=2560%2C2278&ssl=1","contentUrl":"https:\/\/i0.wp.com\/www.jazzzeitung.de\/cms\/wp-content\/uploads\/2022\/01\/DSC_3803-scaled.jpg?fit=2560%2C2278&ssl=1","width":2560,"height":2278},{"@type":"BreadcrumbList","@id":"https:\/\/www.jazzzeitung.de\/cms\/2022\/01\/auf-eine-unexpected-journey-mit-beta-con-brio\/#breadcrumb","itemListElement":[{"@type":"ListItem","position":1,"name":"Startseite","item":"https:\/\/www.jazzzeitung.de\/cms\/"},{"@type":"ListItem","position":2,"name":"Auf eine \u201eUnexpected Journey\u201c mit Beta con Brio"}]},{"@type":"WebSite","@id":"https:\/\/www.jazzzeitung.de\/cms\/#website","url":"https:\/\/www.jazzzeitung.de\/cms\/","name":"JazzZeitung","description":"Jazz-News und Jazz-Kontroverses","publisher":{"@id":"https:\/\/www.jazzzeitung.de\/cms\/#organization"},"potentialAction":[{"@type":"SearchAction","target":{"@type":"EntryPoint","urlTemplate":"https:\/\/www.jazzzeitung.de\/cms\/?s={search_term_string}"},"query-input":{"@type":"PropertyValueSpecification","valueRequired":true,"valueName":"search_term_string"}}],"inLanguage":"de"},{"@type":"Organization","@id":"https:\/\/www.jazzzeitung.de\/cms\/#organization","name":"JazzZeitung online","url":"https:\/\/www.jazzzeitung.de\/cms\/","logo":{"@type":"ImageObject","inLanguage":"de","@id":"https:\/\/www.jazzzeitung.de\/cms\/#\/schema\/logo\/image\/","url":"https:\/\/i0.wp.com\/www.jazzzeitung.de\/cms\/wp-content\/uploads\/2015\/08\/JAZZZEITUNGDE_Logo_Neu.png?fit=499%2C200&ssl=1","contentUrl":"https:\/\/i0.wp.com\/www.jazzzeitung.de\/cms\/wp-content\/uploads\/2015\/08\/JAZZZEITUNGDE_Logo_Neu.png?fit=499%2C200&ssl=1","width":499,"height":200,"caption":"JazzZeitung online"},"image":{"@id":"https:\/\/www.jazzzeitung.de\/cms\/#\/schema\/logo\/image\/"},"sameAs":["https:\/\/www.facebook.com\/JazzZeitung\/"]},{"@type":"Person","@id":"https:\/\/www.jazzzeitung.de\/cms\/#\/schema\/person\/2245b36b9cd1d24cea10f01c031fb92b","name":"Redaktion JazzZeitung","image":{"@type":"ImageObject","inLanguage":"de","@id":"https:\/\/i0.wp.com\/www.jazzzeitung.de\/cms\/wp-content\/uploads\/2015\/08\/JAZZZEITUNGDE_Logo_Neu.png?resize=96%2C96&ssl=159975dcacb611b5700bd619b5daf0a7a","url":"https:\/\/i0.wp.com\/www.jazzzeitung.de\/cms\/wp-content\/uploads\/2015\/08\/JAZZZEITUNGDE_Logo_Neu.png?resize=96%2C96&ssl=1","contentUrl":"https:\/\/i0.wp.com\/www.jazzzeitung.de\/cms\/wp-content\/uploads\/2015\/08\/JAZZZEITUNGDE_Logo_Neu.png?resize=96%2C96&ssl=1","caption":"Redaktion JazzZeitung"},"description":"Artikel der Redaktion der JazzZeitung.","sameAs":["http:\/\/www.jazzzeitung.de\/cms\/"],"url":"https:\/\/www.jazzzeitung.de\/cms\/author\/redaktion\/"}]}},"wp-worthy-pixel":{"ignored":false,"public":null,"server":null,"url":null},"wp-worthy-type":"normal","jetpack_publicize_connections":[],"cc_featured_image_caption":{"caption_text":"","source_text":"","source_url":""},"jetpack_featured_media_url":"https:\/\/i0.wp.com\/www.jazzzeitung.de\/cms\/wp-content\/uploads\/2022\/01\/DSC_3803-scaled.jpg?fit=2560%2C2278&ssl=1","jetpack_shortlink":"https:\/\/wp.me\/p3KEcT-6TT","jetpack-related-posts":[{"id":22446,"url":"https:\/\/www.jazzzeitung.de\/cms\/2020\/05\/young-german-jazz-neues-von-jakob-manz-und-johanna-summer\/","url_meta":{"origin":26529,"position":0},"title":"Young German Jazz: Neues von Jakob Manz und Johanna Summer","author":"Thomas J. Krebs","date":"4. Mai 2020","format":false,"excerpt":"Im Rahmen der ACT Reihe \u201e:young german jazz\u201c erscheinen aktuell zwei bemerkenswerte Ver\u00f6ffentlichungen. \u201eSchuman Kaleidoskop\u201c von Johanna Summer und \u201eNatural Energy\u201c von The Jakob Manz Project.\u00a0Beide K\u00fcnstler verbindet auf kuriose Weise das Jahr 2018: Die Pianistin Johanna Summer gewann damals mit knapp 23 Jahren den Jungen M\u00fcnchner Jazzpreis und Saxophonist\u2026","rel":"","context":"In &quot;Rezension&quot;","block_context":{"text":"Rezension","link":"https:\/\/www.jazzzeitung.de\/cms\/thema\/rezension\/"},"img":{"alt_text":"","src":"https:\/\/i0.wp.com\/www.jazzzeitung.de\/cms\/wp-content\/uploads\/2020\/05\/P1100662-Jakob-Manz-Project-Foto-TJ-Krebs.jpg?fit=1200%2C800&ssl=1&resize=350%2C200","width":350,"height":200,"srcset":"https:\/\/i0.wp.com\/www.jazzzeitung.de\/cms\/wp-content\/uploads\/2020\/05\/P1100662-Jakob-Manz-Project-Foto-TJ-Krebs.jpg?fit=1200%2C800&ssl=1&resize=350%2C200 1x, https:\/\/i0.wp.com\/www.jazzzeitung.de\/cms\/wp-content\/uploads\/2020\/05\/P1100662-Jakob-Manz-Project-Foto-TJ-Krebs.jpg?fit=1200%2C800&ssl=1&resize=525%2C300 1.5x, https:\/\/i0.wp.com\/www.jazzzeitung.de\/cms\/wp-content\/uploads\/2020\/05\/P1100662-Jakob-Manz-Project-Foto-TJ-Krebs.jpg?fit=1200%2C800&ssl=1&resize=700%2C400 2x, https:\/\/i0.wp.com\/www.jazzzeitung.de\/cms\/wp-content\/uploads\/2020\/05\/P1100662-Jakob-Manz-Project-Foto-TJ-Krebs.jpg?fit=1200%2C800&ssl=1&resize=1050%2C600 3x"},"classes":[]},{"id":26884,"url":"https:\/\/www.jazzzeitung.de\/cms\/2022\/03\/the-gallery-concerts-i-jakob-manz-johanna-summer\/","url_meta":{"origin":26529,"position":1},"title":"The Gallery Concerts I: Jakob Manz &#038; Johanna Summer","author":"Redaktion JazzZeitung","date":"25. M\u00e4rz 2022","format":false,"excerpt":"ACT Records ist seit seiner Gr\u00fcndung 1992 mit der bildenden Kunst fest verbunden. In der Berliner ACT Art Collection Gallery werden von Zeit zu Zeit spezielle Musikabende abgehalten. Mit dem vorliegenden Album \u201eThe Gallery Concerts\u201c wird eine neue Konzertreihe aus der Taufe gehoben, deren erste Ausgabe zwei junge K\u00fcnstler bestreiten,\u2026","rel":"","context":"In &quot;News&quot;","block_context":{"text":"News","link":"https:\/\/www.jazzzeitung.de\/cms\/thema\/nachrichten\/"},"img":{"alt_text":"","src":"https:\/\/i0.wp.com\/www.jazzzeitung.de\/cms\/wp-content\/uploads\/2022\/03\/Collage-Summer-Manz-2-Foto-TJ-Krebs.jpg?fit=1200%2C900&ssl=1&resize=350%2C200","width":350,"height":200,"srcset":"https:\/\/i0.wp.com\/www.jazzzeitung.de\/cms\/wp-content\/uploads\/2022\/03\/Collage-Summer-Manz-2-Foto-TJ-Krebs.jpg?fit=1200%2C900&ssl=1&resize=350%2C200 1x, https:\/\/i0.wp.com\/www.jazzzeitung.de\/cms\/wp-content\/uploads\/2022\/03\/Collage-Summer-Manz-2-Foto-TJ-Krebs.jpg?fit=1200%2C900&ssl=1&resize=525%2C300 1.5x, https:\/\/i0.wp.com\/www.jazzzeitung.de\/cms\/wp-content\/uploads\/2022\/03\/Collage-Summer-Manz-2-Foto-TJ-Krebs.jpg?fit=1200%2C900&ssl=1&resize=700%2C400 2x, https:\/\/i0.wp.com\/www.jazzzeitung.de\/cms\/wp-content\/uploads\/2022\/03\/Collage-Summer-Manz-2-Foto-TJ-Krebs.jpg?fit=1200%2C900&ssl=1&resize=1050%2C600 3x"},"classes":[]},{"id":6412,"url":"https:\/\/www.jazzzeitung.de\/cms\/2015\/06\/alpenjazz-jazzfestival-im-hotel-kronthaler-achensee\/","url_meta":{"origin":26529,"position":2},"title":"Alpenjazz \u2013 Jazzfestival im Hotel Kronthaler am Achensee","author":"Redaktion JazzZeitung","date":"18. Juni 2015","format":false,"excerpt":"Von 17. bis 19. Juli 2015 erklingen am Achensee schr\u00e4ge T\u00f6ne aus Blasinstrumenten, neben jazzigem Wohlklang aus weiblichen Kehlen: Der Sommer steht ganz im Zeichen des Heimatsounds. Beim Alpenjazz-Festival gehen K\u00fcnstler ihrer Herkunft aus den Alpenregionen nach. Matthias Schriefl, die Damen von Netnakisum, David Helbock und nicht zuletzt Christian Wegscheider\u2026","rel":"","context":"In &quot;News&quot;","block_context":{"text":"News","link":"https:\/\/www.jazzzeitung.de\/cms\/thema\/nachrichten\/"},"img":{"alt_text":"Drei Frauen an Geige, Bratsche und Cello, das sind: Netnakisum","src":"https:\/\/i0.wp.com\/www.jazzzeitung.de\/cms\/wp-content\/uploads\/2015\/06\/Netnakisum-150x150.jpg?resize=350%2C200","width":350,"height":200},"classes":[]},{"id":16599,"url":"https:\/\/www.jazzzeitung.de\/cms\/2018\/07\/wo-jazzer-neues-schaffen\/","url_meta":{"origin":26529,"position":3},"title":"Nordlichter in S\u00fcdtirol &#8211; ein Festival f\u00fcr Entdecker","author":"Redaktion JazzZeitung","date":"10. Juli 2018","format":false,"excerpt":"Grob gesagt gibt es zwei Typen von Jazzh\u00f6rern: Die einen wollen das h\u00f6ren, was sie schon immer geh\u00f6rt haben. Im Extremfall reisen sie ihren Idolen von Konzert zu Konzert, von Stadt zu Stadt nach. Besonders beliebt sind Klavier-Ikonen wie Keith Jarrett, Brad Mehldau, Herbie Hancock oder Jamie Cullum. Aber auch\u2026","rel":"","context":"In &quot;Bericht&quot;","block_context":{"text":"Bericht","link":"https:\/\/www.jazzzeitung.de\/cms\/thema\/bericht\/"},"img":{"alt_text":"","src":"https:\/\/i0.wp.com\/www.jazzzeitung.de\/cms\/wp-content\/uploads\/2018\/07\/024_Elifantree%C2%A9FotovanLoon.jpg?fit=1200%2C799&ssl=1&resize=350%2C200","width":350,"height":200,"srcset":"https:\/\/i0.wp.com\/www.jazzzeitung.de\/cms\/wp-content\/uploads\/2018\/07\/024_Elifantree%C2%A9FotovanLoon.jpg?fit=1200%2C799&ssl=1&resize=350%2C200 1x, https:\/\/i0.wp.com\/www.jazzzeitung.de\/cms\/wp-content\/uploads\/2018\/07\/024_Elifantree%C2%A9FotovanLoon.jpg?fit=1200%2C799&ssl=1&resize=525%2C300 1.5x, https:\/\/i0.wp.com\/www.jazzzeitung.de\/cms\/wp-content\/uploads\/2018\/07\/024_Elifantree%C2%A9FotovanLoon.jpg?fit=1200%2C799&ssl=1&resize=700%2C400 2x, https:\/\/i0.wp.com\/www.jazzzeitung.de\/cms\/wp-content\/uploads\/2018\/07\/024_Elifantree%C2%A9FotovanLoon.jpg?fit=1200%2C799&ssl=1&resize=1050%2C600 3x"},"classes":[]},{"id":6738,"url":"https:\/\/www.jazzzeitung.de\/cms\/2015\/07\/ingolstaedter-jazzfoerderpreis-2015-geht-matthias-hetzer\/","url_meta":{"origin":26529,"position":4},"title":"Ingolst\u00e4dter Jazzf\u00f6rderpreis 2015 geht an Matthias Hetzer","author":"Redaktion JazzZeitung","date":"29. Juli 2015","format":false,"excerpt":"Die Ingolst\u00e4dter Jazztage stehen nicht nur f\u00fcr Konzerterlebnisse mit internationalen Jazzstars, sondern auch f\u00fcr aktive Nachwuchs-F\u00f6rderung. Aus diesem Grunde verleihen die Veranstalter in jedem Jahr den Jazzf\u00f6rderpreis der Stadt Ingolstadt \u2013 gef\u00f6rdert von der Sparkasse Ingolstadt und Media-Saturn. In diesem Jahr w\u00fcrdigt die hochkar\u00e4tig besetzte Jury den 21-j\u00e4hrigen Schlagzeuger Matthias\u2026","rel":"","context":"In &quot;News&quot;","block_context":{"text":"News","link":"https:\/\/www.jazzzeitung.de\/cms\/thema\/nachrichten\/"},"img":{"alt_text":"Matthias Hetzer. Foto: Ingolst\u00e4dter Jazztage\/Tob","src":"https:\/\/i0.wp.com\/www.jazzzeitung.de\/cms\/wp-content\/uploads\/2015\/07\/MatthiasHetzer_by_Tob52EA5-150x150.jpg?resize=350%2C200","width":350,"height":200},"classes":[]},{"id":28591,"url":"https:\/\/www.jazzzeitung.de\/cms\/2022\/11\/masako-ohta-matthias-lindermayr-cd-mmmmh\/","url_meta":{"origin":26529,"position":5},"title":"Masako Ohta &#038; Matthias Lindermayr &#8211; CD &#8222;MMMMH&#8220;","author":"Thomas J. Krebs","date":"3. November 2022","format":false,"excerpt":"Die in M\u00fcnchen lebende Pianistin Masako Ohta und der ebenfalls in M\u00fcnchen ans\u00e4ssige Trompeter Matthias Lindermayr haben auf der gerade erschienenen Aufnahme \u201eMMMMH\u201c im Duo zusammen gefunden und pr\u00e4sentieren ein wunderbar flie\u00dfendes, homogenes Album. Dass sich die Musiker, die aus unterschiedlichen Genres stammen, kenngelernt haben ist dem Musikf\u00f6rderpreis der Stadt\u2026","rel":"","context":"In &quot;Rezension&quot;","block_context":{"text":"Rezension","link":"https:\/\/www.jazzzeitung.de\/cms\/thema\/rezension\/"},"img":{"alt_text":"","src":"https:\/\/i0.wp.com\/www.jazzzeitung.de\/cms\/wp-content\/uploads\/2022\/11\/Collage-Ohta-2-Lindermayr.jpg?fit=1200%2C675&ssl=1&resize=350%2C200","width":350,"height":200,"srcset":"https:\/\/i0.wp.com\/www.jazzzeitung.de\/cms\/wp-content\/uploads\/2022\/11\/Collage-Ohta-2-Lindermayr.jpg?fit=1200%2C675&ssl=1&resize=350%2C200 1x, https:\/\/i0.wp.com\/www.jazzzeitung.de\/cms\/wp-content\/uploads\/2022\/11\/Collage-Ohta-2-Lindermayr.jpg?fit=1200%2C675&ssl=1&resize=525%2C300 1.5x, https:\/\/i0.wp.com\/www.jazzzeitung.de\/cms\/wp-content\/uploads\/2022\/11\/Collage-Ohta-2-Lindermayr.jpg?fit=1200%2C675&ssl=1&resize=700%2C400 2x, https:\/\/i0.wp.com\/www.jazzzeitung.de\/cms\/wp-content\/uploads\/2022\/11\/Collage-Ohta-2-Lindermayr.jpg?fit=1200%2C675&ssl=1&resize=1050%2C600 3x"},"classes":[]}],"jetpack_sharing_enabled":true,"_links":{"self":[{"href":"https:\/\/www.jazzzeitung.de\/cms\/wp-json\/wp\/v2\/posts\/26529","targetHints":{"allow":["GET"]}}],"collection":[{"href":"https:\/\/www.jazzzeitung.de\/cms\/wp-json\/wp\/v2\/posts"}],"about":[{"href":"https:\/\/www.jazzzeitung.de\/cms\/wp-json\/wp\/v2\/types\/post"}],"author":[{"embeddable":true,"href":"https:\/\/www.jazzzeitung.de\/cms\/wp-json\/wp\/v2\/users\/18"}],"replies":[{"embeddable":true,"href":"https:\/\/www.jazzzeitung.de\/cms\/wp-json\/wp\/v2\/comments?post=26529"}],"version-history":[{"count":14,"href":"https:\/\/www.jazzzeitung.de\/cms\/wp-json\/wp\/v2\/posts\/26529\/revisions"}],"predecessor-version":[{"id":26546,"href":"https:\/\/www.jazzzeitung.de\/cms\/wp-json\/wp\/v2\/posts\/26529\/revisions\/26546"}],"wp:featuredmedia":[{"embeddable":true,"href":"https:\/\/www.jazzzeitung.de\/cms\/wp-json\/wp\/v2\/media\/26531"}],"wp:attachment":[{"href":"https:\/\/www.jazzzeitung.de\/cms\/wp-json\/wp\/v2\/media?parent=26529"}],"wp:term":[{"taxonomy":"category","embeddable":true,"href":"https:\/\/www.jazzzeitung.de\/cms\/wp-json\/wp\/v2\/categories?post=26529"},{"taxonomy":"post_tag","embeddable":true,"href":"https:\/\/www.jazzzeitung.de\/cms\/wp-json\/wp\/v2\/tags?post=26529"},{"taxonomy":"author","embeddable":true,"href":"https:\/\/www.jazzzeitung.de\/cms\/wp-json\/wp\/v2\/coauthors?post=26529"}],"curies":[{"name":"wp","href":"https:\/\/api.w.org\/{rel}","templated":true}]}}