{"id":26476,"date":"2022-01-04T09:30:54","date_gmt":"2022-01-04T08:30:54","guid":{"rendered":"https:\/\/www.jazzzeitung.de\/cms\/?p=26476"},"modified":"2022-01-04T09:47:00","modified_gmt":"2022-01-04T08:47:00","slug":"jazz-und-aktuelle-musik-in-der-hoerbar-2021-kw-47","status":"publish","type":"post","link":"https:\/\/www.jazzzeitung.de\/cms\/2022\/01\/jazz-und-aktuelle-musik-in-der-hoerbar-2021-kw-47\/","title":{"rendered":"Jazz und aktuelle Musik in der H\u00f6rBar 2021 \u2013 kw 47"},"content":{"rendered":"<p>Eine bunte Mischung hatte sich Huflaikhan f\u00fcr die letzte Novemberwoche in der H\u00f6rBar zusammengestellt. Wie nicht selten, sind die \u00dcberg\u00e4nge zwischen Neuer Musik und Jazz im Bereich der Improvisation flie\u00dfend: Slowfox: Freedom &#8211; Hildenbrand: Mater &#8211; Tchiba: klang collection &#8211; mikroPULS &#8211; Sch\u00f6negg \/ Enso: Strukturen<\/p>\n<h3>Slowfox: Freedom<\/h3>\n<figure id=\"attachment_26477\" aria-describedby=\"caption-attachment-26477\" style=\"width: 150px\" class=\"wp-caption alignright\"><a href=\"https:\/\/i0.wp.com\/www.jazzzeitung.de\/cms\/wp-content\/uploads\/2022\/01\/47_slowfox.jpg?ssl=1\"><img data-recalc-dims=\"1\" loading=\"lazy\" decoding=\"async\" data-attachment-id=\"26477\" data-permalink=\"https:\/\/www.jazzzeitung.de\/cms\/2022\/01\/jazz-und-aktuelle-musik-in-der-hoerbar-2021-kw-47\/47_slowfox\/\" data-orig-file=\"https:\/\/i0.wp.com\/www.jazzzeitung.de\/cms\/wp-content\/uploads\/2022\/01\/47_slowfox.jpg?fit=1200%2C1070&amp;ssl=1\" data-orig-size=\"1200,1070\" data-comments-opened=\"1\" data-image-meta=\"{&quot;aperture&quot;:&quot;0&quot;,&quot;credit&quot;:&quot;&quot;,&quot;camera&quot;:&quot;&quot;,&quot;caption&quot;:&quot;&quot;,&quot;created_timestamp&quot;:&quot;0&quot;,&quot;copyright&quot;:&quot;&quot;,&quot;focal_length&quot;:&quot;0&quot;,&quot;iso&quot;:&quot;0&quot;,&quot;shutter_speed&quot;:&quot;0&quot;,&quot;title&quot;:&quot;&quot;,&quot;orientation&quot;:&quot;0&quot;}\" data-image-title=\"Slowfox: Freedom\" data-image-description=\"&lt;p&gt;Slowfox: Freedom&lt;\/p&gt;\n\" data-image-caption=\"&lt;p&gt;Slowfox: Freedom&lt;\/p&gt;\n\" data-large-file=\"https:\/\/i0.wp.com\/www.jazzzeitung.de\/cms\/wp-content\/uploads\/2022\/01\/47_slowfox.jpg?fit=673%2C600&amp;ssl=1\" class=\"size-thumbnail wp-image-26477\" src=\"https:\/\/i0.wp.com\/www.jazzzeitung.de\/cms\/wp-content\/uploads\/2022\/01\/47_slowfox.jpg?resize=150%2C150&#038;ssl=1\" alt=\"Slowfox: Freedom\" width=\"150\" height=\"150\" srcset=\"https:\/\/i0.wp.com\/www.jazzzeitung.de\/cms\/wp-content\/uploads\/2022\/01\/47_slowfox.jpg?resize=150%2C150&amp;ssl=1 150w, https:\/\/i0.wp.com\/www.jazzzeitung.de\/cms\/wp-content\/uploads\/2022\/01\/47_slowfox.jpg?zoom=2&amp;resize=150%2C150&amp;ssl=1 300w, https:\/\/i0.wp.com\/www.jazzzeitung.de\/cms\/wp-content\/uploads\/2022\/01\/47_slowfox.jpg?zoom=3&amp;resize=150%2C150&amp;ssl=1 450w\" sizes=\"auto, (max-width: 150px) 100vw, 150px\" \/><\/a><figcaption id=\"caption-attachment-26477\" class=\"wp-caption-text\">Slowfox: Freedom<\/figcaption><\/figure>\n<p>Slowfox sind das Trio Hayden Chisholm (sax, fl), Philip Zoubek (p, moog) und Sebastian Gramss (b, comp), die mit diese Aufnahme eine ganz aparte, schummerige Platte vorlegen, die so kammermusikalisch intim klingt, wie selten etwas. Teils in komplexer Song-Struktur, die dann aber doch durchschaubar auftritt. Virtuos ist alles ohne dabei diesen Eindruck selbst zu erwecken. Kompositionen wie Freedom leben in dieser Zur\u00fcckgezogenheit des Ausdrucks, dieser Druckarmut mit hoher Intensit\u00e4t gleichwohl. Keine musikalische Prosa: Hier spricht das \u201elyrische Wir\u201c aus den Kompositionen. Die Titel der 15 Einzelst\u00fccke entstehen, wenn man das Plattenmotto <a href=\"https:\/\/hoerbar.nmz.de\/2021\/11\/slowfox-freedom\/\">Weiterlesen<\/a><\/p>\n<h3>Hildenbrand: Mater<\/h3>\n<figure id=\"attachment_26480\" aria-describedby=\"caption-attachment-26480\" style=\"width: 150px\" class=\"wp-caption alignright\"><a href=\"https:\/\/i0.wp.com\/www.jazzzeitung.de\/cms\/wp-content\/uploads\/2022\/01\/47_hildenbrand.jpg?ssl=1\"><img data-recalc-dims=\"1\" loading=\"lazy\" decoding=\"async\" data-attachment-id=\"26480\" data-permalink=\"https:\/\/www.jazzzeitung.de\/cms\/2022\/01\/jazz-und-aktuelle-musik-in-der-hoerbar-2021-kw-47\/47_hildenbrand\/\" data-orig-file=\"https:\/\/i0.wp.com\/www.jazzzeitung.de\/cms\/wp-content\/uploads\/2022\/01\/47_hildenbrand.jpg?fit=1200%2C1200&amp;ssl=1\" data-orig-size=\"1200,1200\" data-comments-opened=\"1\" data-image-meta=\"{&quot;aperture&quot;:&quot;0&quot;,&quot;credit&quot;:&quot;&quot;,&quot;camera&quot;:&quot;&quot;,&quot;caption&quot;:&quot;&quot;,&quot;created_timestamp&quot;:&quot;0&quot;,&quot;copyright&quot;:&quot;&quot;,&quot;focal_length&quot;:&quot;0&quot;,&quot;iso&quot;:&quot;0&quot;,&quot;shutter_speed&quot;:&quot;0&quot;,&quot;title&quot;:&quot;&quot;,&quot;orientation&quot;:&quot;0&quot;}\" data-image-title=\"Hildenbrand: Mater\" data-image-description=\"&lt;p&gt;Hildenbrand: Mater&lt;\/p&gt;\n\" data-image-caption=\"&lt;p&gt;Hildenbrand: Mater&lt;\/p&gt;\n\" data-large-file=\"https:\/\/i0.wp.com\/www.jazzzeitung.de\/cms\/wp-content\/uploads\/2022\/01\/47_hildenbrand.jpg?fit=600%2C600&amp;ssl=1\" class=\"size-thumbnail wp-image-26480\" src=\"https:\/\/i0.wp.com\/www.jazzzeitung.de\/cms\/wp-content\/uploads\/2022\/01\/47_hildenbrand.jpg?resize=150%2C150&#038;ssl=1\" alt=\"Hildenbrand: Mater\" width=\"150\" height=\"150\" srcset=\"https:\/\/i0.wp.com\/www.jazzzeitung.de\/cms\/wp-content\/uploads\/2022\/01\/47_hildenbrand.jpg?resize=150%2C150&amp;ssl=1 150w, https:\/\/i0.wp.com\/www.jazzzeitung.de\/cms\/wp-content\/uploads\/2022\/01\/47_hildenbrand.jpg?resize=300%2C300&amp;ssl=1 300w, https:\/\/i0.wp.com\/www.jazzzeitung.de\/cms\/wp-content\/uploads\/2022\/01\/47_hildenbrand.jpg?resize=600%2C600&amp;ssl=1 600w, https:\/\/i0.wp.com\/www.jazzzeitung.de\/cms\/wp-content\/uploads\/2022\/01\/47_hildenbrand.jpg?resize=768%2C768&amp;ssl=1 768w, https:\/\/i0.wp.com\/www.jazzzeitung.de\/cms\/wp-content\/uploads\/2022\/01\/47_hildenbrand.jpg?w=1200&amp;ssl=1 1200w\" sizes=\"auto, (max-width: 150px) 100vw, 150px\" \/><\/a><figcaption id=\"caption-attachment-26480\" class=\"wp-caption-text\">Hildenbrand: Mater<\/figcaption><\/figure>\n<p>Im September 2020 hat sich Hub Hildenbrand f\u00fcr die Aufnahmen seines Mater-Zyklus in die Dorfkirche von Woddow begeben. Das ist ein kleines Dorf der Uckermark mit ca. 109 Einwohnern. \u201eDie Saalkirche wurde in sauber gequadertem Feldsteinmauerwerk w\u00e4hrend der Ostkolonisation in der zweiten H\u00e4lfte des 13. Jahrhunderts erbaut,\u201c steht im Wikipedia-Eintrag. Warum das gesagt wird: Nun die von Hildenbrand hier zelebrierte Musik klingt nach \u201esteinalt\u201c \u2013 nach archaischer, erdiger, schwebender Musik, die sich so wunderbar freispielt, wie sie zugleich doch wie verankert und gesichert wirkt. Hildenbrand erschafft hier mit ganz wenig \u2026 <a href=\"https:\/\/hoerbar.nmz.de\/2021\/11\/hildenbrand-mater\/\">Weiterlesen<\/a><\/p>\n<h3>Tchiba: klang collection<\/h3>\n<figure id=\"attachment_26481\" aria-describedby=\"caption-attachment-26481\" style=\"width: 150px\" class=\"wp-caption alignright\"><a href=\"https:\/\/i0.wp.com\/www.jazzzeitung.de\/cms\/wp-content\/uploads\/2022\/01\/47_tchiba.jpg?ssl=1\"><img data-recalc-dims=\"1\" loading=\"lazy\" decoding=\"async\" data-attachment-id=\"26481\" data-permalink=\"https:\/\/www.jazzzeitung.de\/cms\/2022\/01\/jazz-und-aktuelle-musik-in-der-hoerbar-2021-kw-47\/47_tchiba\/\" data-orig-file=\"https:\/\/i0.wp.com\/www.jazzzeitung.de\/cms\/wp-content\/uploads\/2022\/01\/47_tchiba.jpg?fit=1429%2C1417&amp;ssl=1\" data-orig-size=\"1429,1417\" data-comments-opened=\"1\" data-image-meta=\"{&quot;aperture&quot;:&quot;0&quot;,&quot;credit&quot;:&quot;&quot;,&quot;camera&quot;:&quot;&quot;,&quot;caption&quot;:&quot;&quot;,&quot;created_timestamp&quot;:&quot;0&quot;,&quot;copyright&quot;:&quot;&quot;,&quot;focal_length&quot;:&quot;0&quot;,&quot;iso&quot;:&quot;0&quot;,&quot;shutter_speed&quot;:&quot;0&quot;,&quot;title&quot;:&quot;&quot;,&quot;orientation&quot;:&quot;0&quot;}\" data-image-title=\"Tchiba: klang collection\" data-image-description=\"&lt;p&gt;Tchiba: klang collection&lt;\/p&gt;\n\" data-image-caption=\"&lt;p&gt;Tchiba: klang collection&lt;\/p&gt;\n\" data-large-file=\"https:\/\/i0.wp.com\/www.jazzzeitung.de\/cms\/wp-content\/uploads\/2022\/01\/47_tchiba.jpg?fit=605%2C600&amp;ssl=1\" class=\"size-thumbnail wp-image-26481\" src=\"https:\/\/i0.wp.com\/www.jazzzeitung.de\/cms\/wp-content\/uploads\/2022\/01\/47_tchiba.jpg?resize=150%2C150&#038;ssl=1\" alt=\"Tchiba: klang collection\" width=\"150\" height=\"150\" srcset=\"https:\/\/i0.wp.com\/www.jazzzeitung.de\/cms\/wp-content\/uploads\/2022\/01\/47_tchiba.jpg?resize=150%2C150&amp;ssl=1 150w, https:\/\/i0.wp.com\/www.jazzzeitung.de\/cms\/wp-content\/uploads\/2022\/01\/47_tchiba.jpg?resize=300%2C297&amp;ssl=1 300w, https:\/\/i0.wp.com\/www.jazzzeitung.de\/cms\/wp-content\/uploads\/2022\/01\/47_tchiba.jpg?resize=605%2C600&amp;ssl=1 605w, https:\/\/i0.wp.com\/www.jazzzeitung.de\/cms\/wp-content\/uploads\/2022\/01\/47_tchiba.jpg?resize=768%2C762&amp;ssl=1 768w, https:\/\/i0.wp.com\/www.jazzzeitung.de\/cms\/wp-content\/uploads\/2022\/01\/47_tchiba.jpg?resize=1320%2C1309&amp;ssl=1 1320w, https:\/\/i0.wp.com\/www.jazzzeitung.de\/cms\/wp-content\/uploads\/2022\/01\/47_tchiba.jpg?w=1429&amp;ssl=1 1429w\" sizes=\"auto, (max-width: 150px) 100vw, 150px\" \/><\/a><figcaption id=\"caption-attachment-26481\" class=\"wp-caption-text\">Tchiba: klang collection<\/figcaption><\/figure>\n<p>Badooum! Der den meisten von uns eher als souver\u00e4ner Pianist bekannte Martin Tchiba geht mit diese CD unter die Potentiometer-Skalierer, unter die T\u00fcftler, die am Klangrad drehen. Badoooum! In drei Teile zerf\u00e4llt hier sein Werk: places, dedications und images. Er selbst schreibt zum Gesamtkomplex der CD: \u00abklang collection ist meine musikalische Aufarbeitung der Corona-Zeit. Reflektiert werden vielf\u00e4ltige Kl\u00e4nge, Dinge, Orte, die mir 2020 und 2021 wichtig waren, die auf der Agenda gestanden h\u00e4tten, aber aufgrund der Situation \u201eunerh\u00f6rt\u201c blieben, erg\u00e4nzt durch starke Reminiszenzen an die \u201eZeit davor\u201c.\u00bb Da ist es \u2026 <a href=\"https:\/\/hoerbar.nmz.de\/2021\/11\/tchiba-klang-collection\/\">Weiterlesen<\/a><\/p>\n<h3>mikroPULS<\/h3>\n<figure id=\"attachment_26478\" aria-describedby=\"caption-attachment-26478\" style=\"width: 150px\" class=\"wp-caption alignright\"><a href=\"https:\/\/i0.wp.com\/www.jazzzeitung.de\/cms\/wp-content\/uploads\/2022\/01\/47_mikropuls.jpg?ssl=1\"><img data-recalc-dims=\"1\" loading=\"lazy\" decoding=\"async\" data-attachment-id=\"26478\" data-permalink=\"https:\/\/www.jazzzeitung.de\/cms\/2022\/01\/jazz-und-aktuelle-musik-in-der-hoerbar-2021-kw-47\/47_mikropuls\/\" data-orig-file=\"https:\/\/i0.wp.com\/www.jazzzeitung.de\/cms\/wp-content\/uploads\/2022\/01\/47_mikropuls.jpg?fit=1500%2C1500&amp;ssl=1\" data-orig-size=\"1500,1500\" data-comments-opened=\"1\" data-image-meta=\"{&quot;aperture&quot;:&quot;0&quot;,&quot;credit&quot;:&quot;&quot;,&quot;camera&quot;:&quot;&quot;,&quot;caption&quot;:&quot;&quot;,&quot;created_timestamp&quot;:&quot;0&quot;,&quot;copyright&quot;:&quot;&quot;,&quot;focal_length&quot;:&quot;0&quot;,&quot;iso&quot;:&quot;0&quot;,&quot;shutter_speed&quot;:&quot;0&quot;,&quot;title&quot;:&quot;&quot;,&quot;orientation&quot;:&quot;0&quot;}\" data-image-title=\"mikroPULS\" data-image-description=\"&lt;p&gt;mikroPULS&lt;\/p&gt;\n\" data-image-caption=\"&lt;p&gt;mikroPULS&lt;\/p&gt;\n\" data-large-file=\"https:\/\/i0.wp.com\/www.jazzzeitung.de\/cms\/wp-content\/uploads\/2022\/01\/47_mikropuls.jpg?fit=600%2C600&amp;ssl=1\" class=\"size-thumbnail wp-image-26478\" src=\"https:\/\/i0.wp.com\/www.jazzzeitung.de\/cms\/wp-content\/uploads\/2022\/01\/47_mikropuls.jpg?resize=150%2C150&#038;ssl=1\" alt=\"mikroPULS\" width=\"150\" height=\"150\" srcset=\"https:\/\/i0.wp.com\/www.jazzzeitung.de\/cms\/wp-content\/uploads\/2022\/01\/47_mikropuls.jpg?resize=150%2C150&amp;ssl=1 150w, https:\/\/i0.wp.com\/www.jazzzeitung.de\/cms\/wp-content\/uploads\/2022\/01\/47_mikropuls.jpg?resize=300%2C300&amp;ssl=1 300w, https:\/\/i0.wp.com\/www.jazzzeitung.de\/cms\/wp-content\/uploads\/2022\/01\/47_mikropuls.jpg?resize=600%2C600&amp;ssl=1 600w, https:\/\/i0.wp.com\/www.jazzzeitung.de\/cms\/wp-content\/uploads\/2022\/01\/47_mikropuls.jpg?resize=768%2C768&amp;ssl=1 768w, https:\/\/i0.wp.com\/www.jazzzeitung.de\/cms\/wp-content\/uploads\/2022\/01\/47_mikropuls.jpg?resize=1320%2C1320&amp;ssl=1 1320w, https:\/\/i0.wp.com\/www.jazzzeitung.de\/cms\/wp-content\/uploads\/2022\/01\/47_mikropuls.jpg?w=1500&amp;ssl=1 1500w\" sizes=\"auto, (max-width: 150px) 100vw, 150px\" \/><\/a><figcaption id=\"caption-attachment-26478\" class=\"wp-caption-text\">mikroPULS<\/figcaption><\/figure>\n<p>Die Platte hatte sich in einem Haufen anderer CDs versteckt und kam nun zum Vorschein. Aber lieber sp\u00e4t als nie. Und man kann es auch sogar ganz kurz machen. N\u00f6ligkeit kann so erfrischend klingen, wenn man sie nur wirklich zul\u00e4sst. Jedenfalls erzeugt der Einsatz von Mikrotonalit\u00e4t hier gerne diesen Sprung im Downgrade von Ekstase. Da wird schon mal eine Tonleiter abw\u00e4rts zum Ereignis wie in \u201eHead Quarter\u201c und zur Herausforderung ans Ohr. Was ist es? Mikrotonale Verschiebungen sind wir sehr gewohnt zu h\u00f6ren in der direkten Abweichung. Die alten nach \u2026 <a href=\"https:\/\/hoerbar.nmz.de\/2021\/11\/mikropuls\/\">Weiterlesen<\/a><\/p>\n<h3>Sch\u00f6negg \/ Enso: Strukturen<\/h3>\n<figure id=\"attachment_26479\" aria-describedby=\"caption-attachment-26479\" style=\"width: 150px\" class=\"wp-caption alignright\"><a href=\"https:\/\/i0.wp.com\/www.jazzzeitung.de\/cms\/wp-content\/uploads\/2022\/01\/47_schoenegg.jpg?ssl=1\"><img data-recalc-dims=\"1\" loading=\"lazy\" decoding=\"async\" data-attachment-id=\"26479\" data-permalink=\"https:\/\/www.jazzzeitung.de\/cms\/2022\/01\/jazz-und-aktuelle-musik-in-der-hoerbar-2021-kw-47\/47_schoenegg\/\" data-orig-file=\"https:\/\/i0.wp.com\/www.jazzzeitung.de\/cms\/wp-content\/uploads\/2022\/01\/47_schoenegg.jpg?fit=1200%2C1200&amp;ssl=1\" data-orig-size=\"1200,1200\" data-comments-opened=\"1\" data-image-meta=\"{&quot;aperture&quot;:&quot;0&quot;,&quot;credit&quot;:&quot;&quot;,&quot;camera&quot;:&quot;&quot;,&quot;caption&quot;:&quot;&quot;,&quot;created_timestamp&quot;:&quot;0&quot;,&quot;copyright&quot;:&quot;&quot;,&quot;focal_length&quot;:&quot;0&quot;,&quot;iso&quot;:&quot;0&quot;,&quot;shutter_speed&quot;:&quot;0&quot;,&quot;title&quot;:&quot;&quot;,&quot;orientation&quot;:&quot;0&quot;}\" data-image-title=\"Sch\u00f6negg \/ Enso: Strukturen\" data-image-description=\"&lt;p&gt;Sch\u00f6negg \/ Enso: Strukturen&lt;\/p&gt;\n\" data-image-caption=\"&lt;p&gt;Sch\u00f6negg \/ Enso: Strukturen&lt;\/p&gt;\n\" data-large-file=\"https:\/\/i0.wp.com\/www.jazzzeitung.de\/cms\/wp-content\/uploads\/2022\/01\/47_schoenegg.jpg?fit=600%2C600&amp;ssl=1\" class=\"size-thumbnail wp-image-26479\" src=\"https:\/\/i0.wp.com\/www.jazzzeitung.de\/cms\/wp-content\/uploads\/2022\/01\/47_schoenegg.jpg?resize=150%2C150&#038;ssl=1\" alt=\"Sch\u00f6negg \/ Enso: Strukturen\" width=\"150\" height=\"150\" srcset=\"https:\/\/i0.wp.com\/www.jazzzeitung.de\/cms\/wp-content\/uploads\/2022\/01\/47_schoenegg.jpg?resize=150%2C150&amp;ssl=1 150w, https:\/\/i0.wp.com\/www.jazzzeitung.de\/cms\/wp-content\/uploads\/2022\/01\/47_schoenegg.jpg?resize=300%2C300&amp;ssl=1 300w, https:\/\/i0.wp.com\/www.jazzzeitung.de\/cms\/wp-content\/uploads\/2022\/01\/47_schoenegg.jpg?resize=600%2C600&amp;ssl=1 600w, https:\/\/i0.wp.com\/www.jazzzeitung.de\/cms\/wp-content\/uploads\/2022\/01\/47_schoenegg.jpg?resize=768%2C768&amp;ssl=1 768w, https:\/\/i0.wp.com\/www.jazzzeitung.de\/cms\/wp-content\/uploads\/2022\/01\/47_schoenegg.jpg?w=1200&amp;ssl=1 1200w\" sizes=\"auto, (max-width: 150px) 100vw, 150px\" \/><\/a><figcaption id=\"caption-attachment-26479\" class=\"wp-caption-text\">Sch\u00f6negg \/ Enso: Strukturen<\/figcaption><\/figure>\n<p>Wie geschwungen, so verklungen. Eintauchmusik, schrubbig manchmal, dann eher gel\u00fcftet. Strukturen, so die Titel R\u00f6misch I bis VI, klingt dabei viel zu eckig f\u00fcr das, was da tats\u00e4chlich t\u00f6nt. Das Ensemble Enso breitet n\u00e4mlich sehr Lebendiges, weniger Abstraktes oder Immaterielles vor einem aus. Entschuldigen Sie den Einwurf, gerade aber t\u00fcrmt sich so eine Art lebendiger Obertonreihe mit vor mir auf. Ein Dahingehauchtes ist es dann. Und eine seltene Musik obendrein: Die Besetzung mit Michael Thieke (Klarinette), Sandra Weiss (Fagott), Nathan Bontrager (Cello), Stefan Sch\u00f6negg (Kontrabass) und Etienne Nillesen (erweiterte Snare \u2026) <a href=\"https:\/\/hoerbar.nmz.de\/2021\/11\/schoenegg-enso-strukturen\/\">Weiterlesen<\/a><\/p>\n<p>&nbsp;<\/p>\n<p>&nbsp;<\/p>\n","protected":false},"excerpt":{"rendered":"<p>Eine bunte Mischung hatte sich Huflaikhan f\u00fcr die letzte Novemberwoche in der H\u00f6rBar zusammengestellt. Wie nicht selten, sind die \u00dcberg\u00e4nge zwischen Neuer Musik und Jazz im Bereich der Improvisation flie\u00dfend: Slowfox: Freedom &#8211; Hildenbrand: Mater &#8211; Tchiba: klang collection &#8211; mikroPULS &#8211; Sch\u00f6negg \/ Enso: Strukturen Slowfox: Freedom Slowfox sind das Trio Hayden Chisholm (sax, fl), Philip Zoubek (p, moog) und Sebastian Gramss (b, comp), die mit diese Aufnahme eine ganz aparte, schummerige Platte vorlegen, die so kammermusikalisch intim klingt, wie selten etwas. Teils in komplexer Song-Struktur, die dann aber doch durchschaubar auftritt. Virtuos ist alles ohne dabei diesen Eindruck selbst zu erwecken. Kompositionen wie Freedom leben in dieser Zur\u00fcckgezogenheit des Ausdrucks, dieser Druckarmut mit hoher Intensit\u00e4t gleichwohl. Keine musikalische Prosa: Hier spricht das \u201elyrische Wir\u201c aus den Kompositionen. Die Titel der 15 Einzelst\u00fccke entstehen, wenn man das Plattenmotto Weiterlesen Hildenbrand: Mater Im September 2020 hat sich Hub Hildenbrand f\u00fcr die Aufnahmen seines Mater-Zyklus in die Dorfkirche von Woddow begeben. Das ist ein kleines Dorf der Uckermark mit ca. 109 Einwohnern. \u201eDie Saalkirche wurde in sauber gequadertem Feldsteinmauerwerk w\u00e4hrend der Ostkolonisation in der zweiten H\u00e4lfte &hellip;<\/p>\n","protected":false},"author":2,"featured_media":26478,"comment_status":"open","ping_status":"closed","sticky":false,"template":"","format":"standard","meta":{"_jetpack_memberships_contains_paid_content":false,"footnotes":"","jetpack_publicize_message":"","jetpack_publicize_feature_enabled":true,"jetpack_social_post_already_shared":false,"jetpack_social_options":{"image_generator_settings":{"template":"highway","default_image_id":0,"font":"","enabled":false},"version":2}},"categories":[1152],"tags":[801,3582,3904,1186,3903],"coauthors":[680],"class_list":["post-26476","post","type-post","status-publish","format-standard","has-post-thumbnail","hentry","category-rezension","tag-gebhard-ullmann","tag-hoerbar","tag-hub-hildenbrand","tag-rezension","tag-stefan-schoenegg"],"yoast_head":"<!-- This site is optimized with the Yoast SEO plugin v27.5 - https:\/\/yoast.com\/product\/yoast-seo-wordpress\/ -->\n<title>Jazz und aktuelle Musik in der H\u00f6rBar 2021 \u2013 kw 47 - JazzZeitung<\/title>\n<meta name=\"robots\" content=\"index, follow, max-snippet:-1, max-image-preview:large, max-video-preview:-1\" \/>\n<link rel=\"canonical\" href=\"https:\/\/www.jazzzeitung.de\/cms\/2022\/01\/jazz-und-aktuelle-musik-in-der-hoerbar-2021-kw-47\/\" \/>\n<meta property=\"og:locale\" content=\"de_DE\" \/>\n<meta property=\"og:type\" content=\"article\" \/>\n<meta property=\"og:title\" content=\"Jazz und aktuelle Musik in der H\u00f6rBar 2021 \u2013 kw 47 - JazzZeitung\" \/>\n<meta property=\"og:description\" content=\"Eine bunte Mischung hatte sich Huflaikhan f\u00fcr die letzte Novemberwoche in der H\u00f6rBar zusammengestellt. Wie nicht selten, sind die \u00dcberg\u00e4nge zwischen Neuer Musik und Jazz im Bereich der Improvisation flie\u00dfend: Slowfox: Freedom &#8211; Hildenbrand: Mater &#8211; Tchiba: klang collection &#8211; mikroPULS &#8211; Sch\u00f6negg \/ Enso: Strukturen Slowfox: Freedom Slowfox sind das Trio Hayden Chisholm (sax, fl), Philip Zoubek (p, moog) und Sebastian Gramss (b, comp), die mit diese Aufnahme eine ganz aparte, schummerige Platte vorlegen, die so kammermusikalisch intim klingt, wie selten etwas. Teils in komplexer Song-Struktur, die dann aber doch durchschaubar auftritt. Virtuos ist alles ohne dabei diesen Eindruck selbst zu erwecken. Kompositionen wie Freedom leben in dieser Zur\u00fcckgezogenheit des Ausdrucks, dieser Druckarmut mit hoher Intensit\u00e4t gleichwohl. Keine musikalische Prosa: Hier spricht das \u201elyrische Wir\u201c aus den Kompositionen. Die Titel der 15 Einzelst\u00fccke entstehen, wenn man das Plattenmotto Weiterlesen Hildenbrand: Mater Im September 2020 hat sich Hub Hildenbrand f\u00fcr die Aufnahmen seines Mater-Zyklus in die Dorfkirche von Woddow begeben. Das ist ein kleines Dorf der Uckermark mit ca. 109 Einwohnern. \u201eDie Saalkirche wurde in sauber gequadertem Feldsteinmauerwerk w\u00e4hrend der Ostkolonisation in der zweiten H\u00e4lfte &hellip;\" \/>\n<meta property=\"og:url\" content=\"https:\/\/www.jazzzeitung.de\/cms\/2022\/01\/jazz-und-aktuelle-musik-in-der-hoerbar-2021-kw-47\/\" \/>\n<meta property=\"og:site_name\" content=\"JazzZeitung\" \/>\n<meta property=\"article:publisher\" content=\"https:\/\/www.facebook.com\/JazzZeitung\/\" \/>\n<meta property=\"article:author\" content=\"https:\/\/www.facebook.com\/hufner\" \/>\n<meta property=\"article:published_time\" content=\"2022-01-04T08:30:54+00:00\" \/>\n<meta property=\"article:modified_time\" content=\"2022-01-04T08:47:00+00:00\" \/>\n<meta property=\"og:image\" content=\"https:\/\/i0.wp.com\/www.jazzzeitung.de\/cms\/wp-content\/uploads\/2022\/01\/47_mikropuls.jpg?fit=1500%2C1500&ssl=1\" \/>\n\t<meta property=\"og:image:width\" content=\"1500\" \/>\n\t<meta property=\"og:image:height\" content=\"1500\" \/>\n\t<meta property=\"og:image:type\" content=\"image\/jpeg\" \/>\n<meta name=\"author\" content=\"Huflaikhan\" \/>\n<script type=\"application\/ld+json\" class=\"yoast-schema-graph\">{\"@context\":\"https:\\\/\\\/schema.org\",\"@graph\":[{\"@type\":\"Article\",\"@id\":\"https:\\\/\\\/www.jazzzeitung.de\\\/cms\\\/2022\\\/01\\\/jazz-und-aktuelle-musik-in-der-hoerbar-2021-kw-47\\\/#article\",\"isPartOf\":{\"@id\":\"https:\\\/\\\/www.jazzzeitung.de\\\/cms\\\/2022\\\/01\\\/jazz-und-aktuelle-musik-in-der-hoerbar-2021-kw-47\\\/\"},\"author\":{\"name\":\"Huflaikhan\",\"@id\":\"https:\\\/\\\/www.jazzzeitung.de\\\/cms\\\/#\\\/schema\\\/person\\\/1ba404714b9455401502bc409a7df45e\"},\"headline\":\"Jazz und aktuelle Musik in der H\u00f6rBar 2021 \u2013 kw 47\",\"datePublished\":\"2022-01-04T08:30:54+00:00\",\"dateModified\":\"2022-01-04T08:47:00+00:00\",\"mainEntityOfPage\":{\"@id\":\"https:\\\/\\\/www.jazzzeitung.de\\\/cms\\\/2022\\\/01\\\/jazz-und-aktuelle-musik-in-der-hoerbar-2021-kw-47\\\/\"},\"wordCount\":597,\"commentCount\":0,\"publisher\":{\"@id\":\"https:\\\/\\\/www.jazzzeitung.de\\\/cms\\\/#organization\"},\"image\":{\"@id\":\"https:\\\/\\\/www.jazzzeitung.de\\\/cms\\\/2022\\\/01\\\/jazz-und-aktuelle-musik-in-der-hoerbar-2021-kw-47\\\/#primaryimage\"},\"thumbnailUrl\":\"https:\\\/\\\/i0.wp.com\\\/www.jazzzeitung.de\\\/cms\\\/wp-content\\\/uploads\\\/2022\\\/01\\\/47_mikropuls.jpg?fit=1500%2C1500&ssl=1\",\"keywords\":[\"Gebhard Ullmann\",\"H\u00f6rBar\",\"Hub Hildenbrand\",\"Rezension\",\"Stefan Sch\u00f6negg\"],\"articleSection\":[\"Rezension\"],\"inLanguage\":\"de\",\"potentialAction\":[{\"@type\":\"CommentAction\",\"name\":\"Comment\",\"target\":[\"https:\\\/\\\/www.jazzzeitung.de\\\/cms\\\/2022\\\/01\\\/jazz-und-aktuelle-musik-in-der-hoerbar-2021-kw-47\\\/#respond\"]}]},{\"@type\":\"WebPage\",\"@id\":\"https:\\\/\\\/www.jazzzeitung.de\\\/cms\\\/2022\\\/01\\\/jazz-und-aktuelle-musik-in-der-hoerbar-2021-kw-47\\\/\",\"url\":\"https:\\\/\\\/www.jazzzeitung.de\\\/cms\\\/2022\\\/01\\\/jazz-und-aktuelle-musik-in-der-hoerbar-2021-kw-47\\\/\",\"name\":\"Jazz und aktuelle Musik in der H\u00f6rBar 2021 \u2013 kw 47 - JazzZeitung\",\"isPartOf\":{\"@id\":\"https:\\\/\\\/www.jazzzeitung.de\\\/cms\\\/#website\"},\"primaryImageOfPage\":{\"@id\":\"https:\\\/\\\/www.jazzzeitung.de\\\/cms\\\/2022\\\/01\\\/jazz-und-aktuelle-musik-in-der-hoerbar-2021-kw-47\\\/#primaryimage\"},\"image\":{\"@id\":\"https:\\\/\\\/www.jazzzeitung.de\\\/cms\\\/2022\\\/01\\\/jazz-und-aktuelle-musik-in-der-hoerbar-2021-kw-47\\\/#primaryimage\"},\"thumbnailUrl\":\"https:\\\/\\\/i0.wp.com\\\/www.jazzzeitung.de\\\/cms\\\/wp-content\\\/uploads\\\/2022\\\/01\\\/47_mikropuls.jpg?fit=1500%2C1500&ssl=1\",\"datePublished\":\"2022-01-04T08:30:54+00:00\",\"dateModified\":\"2022-01-04T08:47:00+00:00\",\"breadcrumb\":{\"@id\":\"https:\\\/\\\/www.jazzzeitung.de\\\/cms\\\/2022\\\/01\\\/jazz-und-aktuelle-musik-in-der-hoerbar-2021-kw-47\\\/#breadcrumb\"},\"inLanguage\":\"de\",\"potentialAction\":[{\"@type\":\"ReadAction\",\"target\":[\"https:\\\/\\\/www.jazzzeitung.de\\\/cms\\\/2022\\\/01\\\/jazz-und-aktuelle-musik-in-der-hoerbar-2021-kw-47\\\/\"]}]},{\"@type\":\"ImageObject\",\"inLanguage\":\"de\",\"@id\":\"https:\\\/\\\/www.jazzzeitung.de\\\/cms\\\/2022\\\/01\\\/jazz-und-aktuelle-musik-in-der-hoerbar-2021-kw-47\\\/#primaryimage\",\"url\":\"https:\\\/\\\/i0.wp.com\\\/www.jazzzeitung.de\\\/cms\\\/wp-content\\\/uploads\\\/2022\\\/01\\\/47_mikropuls.jpg?fit=1500%2C1500&ssl=1\",\"contentUrl\":\"https:\\\/\\\/i0.wp.com\\\/www.jazzzeitung.de\\\/cms\\\/wp-content\\\/uploads\\\/2022\\\/01\\\/47_mikropuls.jpg?fit=1500%2C1500&ssl=1\",\"width\":1500,\"height\":1500,\"caption\":\"mikroPULS\"},{\"@type\":\"BreadcrumbList\",\"@id\":\"https:\\\/\\\/www.jazzzeitung.de\\\/cms\\\/2022\\\/01\\\/jazz-und-aktuelle-musik-in-der-hoerbar-2021-kw-47\\\/#breadcrumb\",\"itemListElement\":[{\"@type\":\"ListItem\",\"position\":1,\"name\":\"Startseite\",\"item\":\"https:\\\/\\\/www.jazzzeitung.de\\\/cms\\\/\"},{\"@type\":\"ListItem\",\"position\":2,\"name\":\"Jazz und aktuelle Musik in der H\u00f6rBar 2021 \u2013 kw 47\"}]},{\"@type\":\"WebSite\",\"@id\":\"https:\\\/\\\/www.jazzzeitung.de\\\/cms\\\/#website\",\"url\":\"https:\\\/\\\/www.jazzzeitung.de\\\/cms\\\/\",\"name\":\"JazzZeitung\",\"description\":\"Jazz-News und Jazz-Kontroverses\",\"publisher\":{\"@id\":\"https:\\\/\\\/www.jazzzeitung.de\\\/cms\\\/#organization\"},\"potentialAction\":[{\"@type\":\"SearchAction\",\"target\":{\"@type\":\"EntryPoint\",\"urlTemplate\":\"https:\\\/\\\/www.jazzzeitung.de\\\/cms\\\/?s={search_term_string}\"},\"query-input\":{\"@type\":\"PropertyValueSpecification\",\"valueRequired\":true,\"valueName\":\"search_term_string\"}}],\"inLanguage\":\"de\"},{\"@type\":\"Organization\",\"@id\":\"https:\\\/\\\/www.jazzzeitung.de\\\/cms\\\/#organization\",\"name\":\"JazzZeitung online\",\"url\":\"https:\\\/\\\/www.jazzzeitung.de\\\/cms\\\/\",\"logo\":{\"@type\":\"ImageObject\",\"inLanguage\":\"de\",\"@id\":\"https:\\\/\\\/www.jazzzeitung.de\\\/cms\\\/#\\\/schema\\\/logo\\\/image\\\/\",\"url\":\"https:\\\/\\\/i0.wp.com\\\/www.jazzzeitung.de\\\/cms\\\/wp-content\\\/uploads\\\/2015\\\/08\\\/JAZZZEITUNGDE_Logo_Neu.png?fit=499%2C200&ssl=1\",\"contentUrl\":\"https:\\\/\\\/i0.wp.com\\\/www.jazzzeitung.de\\\/cms\\\/wp-content\\\/uploads\\\/2015\\\/08\\\/JAZZZEITUNGDE_Logo_Neu.png?fit=499%2C200&ssl=1\",\"width\":499,\"height\":200,\"caption\":\"JazzZeitung online\"},\"image\":{\"@id\":\"https:\\\/\\\/www.jazzzeitung.de\\\/cms\\\/#\\\/schema\\\/logo\\\/image\\\/\"},\"sameAs\":[\"https:\\\/\\\/www.facebook.com\\\/JazzZeitung\\\/\"]},{\"@type\":\"Person\",\"@id\":\"https:\\\/\\\/www.jazzzeitung.de\\\/cms\\\/#\\\/schema\\\/person\\\/1ba404714b9455401502bc409a7df45e\",\"name\":\"Huflaikhan\",\"image\":{\"@type\":\"ImageObject\",\"inLanguage\":\"de\",\"@id\":\"https:\\\/\\\/i0.wp.com\\\/www.jazzzeitung.de\\\/cms\\\/wp-content\\\/uploads\\\/2013\\\/11\\\/huf-06.jpg?resize=96%2C96&ssl=18afacd5aa7627f2840c013425f5a4164\",\"url\":\"https:\\\/\\\/i0.wp.com\\\/www.jazzzeitung.de\\\/cms\\\/wp-content\\\/uploads\\\/2013\\\/11\\\/huf-06.jpg?resize=96%2C96&ssl=1\",\"contentUrl\":\"https:\\\/\\\/i0.wp.com\\\/www.jazzzeitung.de\\\/cms\\\/wp-content\\\/uploads\\\/2013\\\/11\\\/huf-06.jpg?resize=96%2C96&ssl=1\",\"caption\":\"Huflaikhan\"},\"description\":\"Huflaikhan (aka Martin Hufner) hat Musikwissenschaft, Philosophie und Psychologie in Gie\u00dfen studiert und mit einer Arbeit \u00fcber Adorno und die Zw\u00f6lftontechnik promoviert. Seit 1995 ist er freiberuflich als Autor, Fotograf und Netzmacher unterwegs.\",\"sameAs\":[\"https:\\\/\\\/www.kritische-masse.de\\\/logbuch\",\"https:\\\/\\\/www.facebook.com\\\/hufner\"],\"url\":\"https:\\\/\\\/www.jazzzeitung.de\\\/cms\\\/author\\\/hufi\\\/\"}]}<\/script>\n<!-- \/ Yoast SEO plugin. -->","yoast_head_json":{"title":"Jazz und aktuelle Musik in der H\u00f6rBar 2021 \u2013 kw 47 - JazzZeitung","robots":{"index":"index","follow":"follow","max-snippet":"max-snippet:-1","max-image-preview":"max-image-preview:large","max-video-preview":"max-video-preview:-1"},"canonical":"https:\/\/www.jazzzeitung.de\/cms\/2022\/01\/jazz-und-aktuelle-musik-in-der-hoerbar-2021-kw-47\/","og_locale":"de_DE","og_type":"article","og_title":"Jazz und aktuelle Musik in der H\u00f6rBar 2021 \u2013 kw 47 - JazzZeitung","og_description":"Eine bunte Mischung hatte sich Huflaikhan f\u00fcr die letzte Novemberwoche in der H\u00f6rBar zusammengestellt. Wie nicht selten, sind die \u00dcberg\u00e4nge zwischen Neuer Musik und Jazz im Bereich der Improvisation flie\u00dfend: Slowfox: Freedom &#8211; Hildenbrand: Mater &#8211; Tchiba: klang collection &#8211; mikroPULS &#8211; Sch\u00f6negg \/ Enso: Strukturen Slowfox: Freedom Slowfox sind das Trio Hayden Chisholm (sax, fl), Philip Zoubek (p, moog) und Sebastian Gramss (b, comp), die mit diese Aufnahme eine ganz aparte, schummerige Platte vorlegen, die so kammermusikalisch intim klingt, wie selten etwas. Teils in komplexer Song-Struktur, die dann aber doch durchschaubar auftritt. Virtuos ist alles ohne dabei diesen Eindruck selbst zu erwecken. Kompositionen wie Freedom leben in dieser Zur\u00fcckgezogenheit des Ausdrucks, dieser Druckarmut mit hoher Intensit\u00e4t gleichwohl. Keine musikalische Prosa: Hier spricht das \u201elyrische Wir\u201c aus den Kompositionen. Die Titel der 15 Einzelst\u00fccke entstehen, wenn man das Plattenmotto Weiterlesen Hildenbrand: Mater Im September 2020 hat sich Hub Hildenbrand f\u00fcr die Aufnahmen seines Mater-Zyklus in die Dorfkirche von Woddow begeben. Das ist ein kleines Dorf der Uckermark mit ca. 109 Einwohnern. \u201eDie Saalkirche wurde in sauber gequadertem Feldsteinmauerwerk w\u00e4hrend der Ostkolonisation in der zweiten H\u00e4lfte &hellip;","og_url":"https:\/\/www.jazzzeitung.de\/cms\/2022\/01\/jazz-und-aktuelle-musik-in-der-hoerbar-2021-kw-47\/","og_site_name":"JazzZeitung","article_publisher":"https:\/\/www.facebook.com\/JazzZeitung\/","article_author":"https:\/\/www.facebook.com\/hufner","article_published_time":"2022-01-04T08:30:54+00:00","article_modified_time":"2022-01-04T08:47:00+00:00","og_image":[{"width":1500,"height":1500,"url":"https:\/\/i0.wp.com\/www.jazzzeitung.de\/cms\/wp-content\/uploads\/2022\/01\/47_mikropuls.jpg?fit=1500%2C1500&ssl=1","type":"image\/jpeg"}],"author":"Huflaikhan","schema":{"@context":"https:\/\/schema.org","@graph":[{"@type":"Article","@id":"https:\/\/www.jazzzeitung.de\/cms\/2022\/01\/jazz-und-aktuelle-musik-in-der-hoerbar-2021-kw-47\/#article","isPartOf":{"@id":"https:\/\/www.jazzzeitung.de\/cms\/2022\/01\/jazz-und-aktuelle-musik-in-der-hoerbar-2021-kw-47\/"},"author":{"name":"Huflaikhan","@id":"https:\/\/www.jazzzeitung.de\/cms\/#\/schema\/person\/1ba404714b9455401502bc409a7df45e"},"headline":"Jazz und aktuelle Musik in der H\u00f6rBar 2021 \u2013 kw 47","datePublished":"2022-01-04T08:30:54+00:00","dateModified":"2022-01-04T08:47:00+00:00","mainEntityOfPage":{"@id":"https:\/\/www.jazzzeitung.de\/cms\/2022\/01\/jazz-und-aktuelle-musik-in-der-hoerbar-2021-kw-47\/"},"wordCount":597,"commentCount":0,"publisher":{"@id":"https:\/\/www.jazzzeitung.de\/cms\/#organization"},"image":{"@id":"https:\/\/www.jazzzeitung.de\/cms\/2022\/01\/jazz-und-aktuelle-musik-in-der-hoerbar-2021-kw-47\/#primaryimage"},"thumbnailUrl":"https:\/\/i0.wp.com\/www.jazzzeitung.de\/cms\/wp-content\/uploads\/2022\/01\/47_mikropuls.jpg?fit=1500%2C1500&ssl=1","keywords":["Gebhard Ullmann","H\u00f6rBar","Hub Hildenbrand","Rezension","Stefan Sch\u00f6negg"],"articleSection":["Rezension"],"inLanguage":"de","potentialAction":[{"@type":"CommentAction","name":"Comment","target":["https:\/\/www.jazzzeitung.de\/cms\/2022\/01\/jazz-und-aktuelle-musik-in-der-hoerbar-2021-kw-47\/#respond"]}]},{"@type":"WebPage","@id":"https:\/\/www.jazzzeitung.de\/cms\/2022\/01\/jazz-und-aktuelle-musik-in-der-hoerbar-2021-kw-47\/","url":"https:\/\/www.jazzzeitung.de\/cms\/2022\/01\/jazz-und-aktuelle-musik-in-der-hoerbar-2021-kw-47\/","name":"Jazz und aktuelle Musik in der H\u00f6rBar 2021 \u2013 kw 47 - JazzZeitung","isPartOf":{"@id":"https:\/\/www.jazzzeitung.de\/cms\/#website"},"primaryImageOfPage":{"@id":"https:\/\/www.jazzzeitung.de\/cms\/2022\/01\/jazz-und-aktuelle-musik-in-der-hoerbar-2021-kw-47\/#primaryimage"},"image":{"@id":"https:\/\/www.jazzzeitung.de\/cms\/2022\/01\/jazz-und-aktuelle-musik-in-der-hoerbar-2021-kw-47\/#primaryimage"},"thumbnailUrl":"https:\/\/i0.wp.com\/www.jazzzeitung.de\/cms\/wp-content\/uploads\/2022\/01\/47_mikropuls.jpg?fit=1500%2C1500&ssl=1","datePublished":"2022-01-04T08:30:54+00:00","dateModified":"2022-01-04T08:47:00+00:00","breadcrumb":{"@id":"https:\/\/www.jazzzeitung.de\/cms\/2022\/01\/jazz-und-aktuelle-musik-in-der-hoerbar-2021-kw-47\/#breadcrumb"},"inLanguage":"de","potentialAction":[{"@type":"ReadAction","target":["https:\/\/www.jazzzeitung.de\/cms\/2022\/01\/jazz-und-aktuelle-musik-in-der-hoerbar-2021-kw-47\/"]}]},{"@type":"ImageObject","inLanguage":"de","@id":"https:\/\/www.jazzzeitung.de\/cms\/2022\/01\/jazz-und-aktuelle-musik-in-der-hoerbar-2021-kw-47\/#primaryimage","url":"https:\/\/i0.wp.com\/www.jazzzeitung.de\/cms\/wp-content\/uploads\/2022\/01\/47_mikropuls.jpg?fit=1500%2C1500&ssl=1","contentUrl":"https:\/\/i0.wp.com\/www.jazzzeitung.de\/cms\/wp-content\/uploads\/2022\/01\/47_mikropuls.jpg?fit=1500%2C1500&ssl=1","width":1500,"height":1500,"caption":"mikroPULS"},{"@type":"BreadcrumbList","@id":"https:\/\/www.jazzzeitung.de\/cms\/2022\/01\/jazz-und-aktuelle-musik-in-der-hoerbar-2021-kw-47\/#breadcrumb","itemListElement":[{"@type":"ListItem","position":1,"name":"Startseite","item":"https:\/\/www.jazzzeitung.de\/cms\/"},{"@type":"ListItem","position":2,"name":"Jazz und aktuelle Musik in der H\u00f6rBar 2021 \u2013 kw 47"}]},{"@type":"WebSite","@id":"https:\/\/www.jazzzeitung.de\/cms\/#website","url":"https:\/\/www.jazzzeitung.de\/cms\/","name":"JazzZeitung","description":"Jazz-News und Jazz-Kontroverses","publisher":{"@id":"https:\/\/www.jazzzeitung.de\/cms\/#organization"},"potentialAction":[{"@type":"SearchAction","target":{"@type":"EntryPoint","urlTemplate":"https:\/\/www.jazzzeitung.de\/cms\/?s={search_term_string}"},"query-input":{"@type":"PropertyValueSpecification","valueRequired":true,"valueName":"search_term_string"}}],"inLanguage":"de"},{"@type":"Organization","@id":"https:\/\/www.jazzzeitung.de\/cms\/#organization","name":"JazzZeitung online","url":"https:\/\/www.jazzzeitung.de\/cms\/","logo":{"@type":"ImageObject","inLanguage":"de","@id":"https:\/\/www.jazzzeitung.de\/cms\/#\/schema\/logo\/image\/","url":"https:\/\/i0.wp.com\/www.jazzzeitung.de\/cms\/wp-content\/uploads\/2015\/08\/JAZZZEITUNGDE_Logo_Neu.png?fit=499%2C200&ssl=1","contentUrl":"https:\/\/i0.wp.com\/www.jazzzeitung.de\/cms\/wp-content\/uploads\/2015\/08\/JAZZZEITUNGDE_Logo_Neu.png?fit=499%2C200&ssl=1","width":499,"height":200,"caption":"JazzZeitung online"},"image":{"@id":"https:\/\/www.jazzzeitung.de\/cms\/#\/schema\/logo\/image\/"},"sameAs":["https:\/\/www.facebook.com\/JazzZeitung\/"]},{"@type":"Person","@id":"https:\/\/www.jazzzeitung.de\/cms\/#\/schema\/person\/1ba404714b9455401502bc409a7df45e","name":"Huflaikhan","image":{"@type":"ImageObject","inLanguage":"de","@id":"https:\/\/i0.wp.com\/www.jazzzeitung.de\/cms\/wp-content\/uploads\/2013\/11\/huf-06.jpg?resize=96%2C96&ssl=18afacd5aa7627f2840c013425f5a4164","url":"https:\/\/i0.wp.com\/www.jazzzeitung.de\/cms\/wp-content\/uploads\/2013\/11\/huf-06.jpg?resize=96%2C96&ssl=1","contentUrl":"https:\/\/i0.wp.com\/www.jazzzeitung.de\/cms\/wp-content\/uploads\/2013\/11\/huf-06.jpg?resize=96%2C96&ssl=1","caption":"Huflaikhan"},"description":"Huflaikhan (aka Martin Hufner) hat Musikwissenschaft, Philosophie und Psychologie in Gie\u00dfen studiert und mit einer Arbeit \u00fcber Adorno und die Zw\u00f6lftontechnik promoviert. Seit 1995 ist er freiberuflich als Autor, Fotograf und Netzmacher unterwegs.","sameAs":["https:\/\/www.kritische-masse.de\/logbuch","https:\/\/www.facebook.com\/hufner"],"url":"https:\/\/www.jazzzeitung.de\/cms\/author\/hufi\/"}]}},"wp-worthy-pixel":{"ignored":false,"public":"f415cde168d848cd9fdfa8eba577b19a","server":"vg04.met.vgwort.de","url":"https:\/\/vg04.met.vgwort.de\/na\/f415cde168d848cd9fdfa8eba577b19a"},"wp-worthy-type":"normal","jetpack_publicize_connections":[],"cc_featured_image_caption":{"caption_text":"CD - Mikropuls","source_text":"Rezensiert in der H\u00f6rBar","source_url":"https:\/\/hoerbar.nmz.de"},"jetpack_featured_media_url":"https:\/\/i0.wp.com\/www.jazzzeitung.de\/cms\/wp-content\/uploads\/2022\/01\/47_mikropuls.jpg?fit=1500%2C1500&ssl=1","jetpack_shortlink":"https:\/\/wp.me\/p3KEcT-6T2","jetpack-related-posts":[{"id":31010,"url":"https:\/\/www.jazzzeitung.de\/cms\/2024\/05\/simplified-urschall-atlas-10-rezensionen-im-schnelldurchlauf\/","url_meta":{"origin":26476,"position":0},"title":"Simplified Urschall-Atlas \u2026 10 Rezensionen im Schnelldurchlauf","author":"Huflaikhan","date":"8. Mai 2024","format":false,"excerpt":"Zehn Platten aus dem Jazz und an- und umgrenzenden Bereichen. Die Links f\u00fchren zu den vollst\u00e4ndigen Kritiken in der H\u00f6rBar der neuen musikzeitung. Enso: A Simplified Space Gerdes: Songs and Improvisations Perplexities On Mars: Perseverances Joray: Updraft Gramss\u2019 States Of Play: Urschall Gu\u00f0mundsd\u00f3ttir \/ \u00c1rnason: Poems Trovesi \/ Montanari: Stravaganze\u2026","rel":"","context":"In &quot;Rezension&quot;","block_context":{"text":"Rezension","link":"https:\/\/www.jazzzeitung.de\/cms\/thema\/rezension\/"},"img":{"alt_text":"Gramss\u2019 States Of Play: Urschall","src":"https:\/\/i0.wp.com\/www.jazzzeitung.de\/cms\/wp-content\/uploads\/2024\/05\/gramss_urschall.jpg?fit=1200%2C1049&ssl=1&resize=350%2C200","width":350,"height":200,"srcset":"https:\/\/i0.wp.com\/www.jazzzeitung.de\/cms\/wp-content\/uploads\/2024\/05\/gramss_urschall.jpg?fit=1200%2C1049&ssl=1&resize=350%2C200 1x, https:\/\/i0.wp.com\/www.jazzzeitung.de\/cms\/wp-content\/uploads\/2024\/05\/gramss_urschall.jpg?fit=1200%2C1049&ssl=1&resize=525%2C300 1.5x, https:\/\/i0.wp.com\/www.jazzzeitung.de\/cms\/wp-content\/uploads\/2024\/05\/gramss_urschall.jpg?fit=1200%2C1049&ssl=1&resize=700%2C400 2x, https:\/\/i0.wp.com\/www.jazzzeitung.de\/cms\/wp-content\/uploads\/2024\/05\/gramss_urschall.jpg?fit=1200%2C1049&ssl=1&resize=1050%2C600 3x"},"classes":[]},{"id":29349,"url":"https:\/\/www.jazzzeitung.de\/cms\/2023\/04\/verschwoerungen-steinblumen-und-illusionen-jazz-cds-in-der-hoerbar\/","url_meta":{"origin":26476,"position":1},"title":"Verschw\u00f6rungen, Steinblumen und Illusionen \u2013 Jazz-CDs in der H\u00f6rBar","author":"Huflaikhan","date":"12. April 2023","format":false,"excerpt":"Aktuelle Platten von Benjamin Schaefer, Kaan Bulak, dem Tobias Hoffmann Jazz Orchestra, den Hotties und Enso. Neuere Jazz-Rezensionen in der H\u00f6rBar der neuen musikzeitung. Benjamin Schaefer \u2013 Stone Flowers Kaan Bulak \u2013 Illusions Tobias Hoffmann Jazz Orchestra \u2013 Conspiracy Enso \u2013 Strings & Percussion Hotties \u2013 #happyorsad Mehr zu den\u2026","rel":"","context":"In &quot;Rezension&quot;","block_context":{"text":"Rezension","link":"https:\/\/www.jazzzeitung.de\/cms\/thema\/rezension\/"},"img":{"alt_text":"Tobias Hoffmann Jazz Orchestra \u2013 Conspiracy","src":"https:\/\/i0.wp.com\/www.jazzzeitung.de\/cms\/wp-content\/uploads\/2023\/04\/CD-Cover-THJO-_Conspiracy_.jpg?fit=1198%2C1200&ssl=1&resize=350%2C200","width":350,"height":200,"srcset":"https:\/\/i0.wp.com\/www.jazzzeitung.de\/cms\/wp-content\/uploads\/2023\/04\/CD-Cover-THJO-_Conspiracy_.jpg?fit=1198%2C1200&ssl=1&resize=350%2C200 1x, https:\/\/i0.wp.com\/www.jazzzeitung.de\/cms\/wp-content\/uploads\/2023\/04\/CD-Cover-THJO-_Conspiracy_.jpg?fit=1198%2C1200&ssl=1&resize=525%2C300 1.5x, https:\/\/i0.wp.com\/www.jazzzeitung.de\/cms\/wp-content\/uploads\/2023\/04\/CD-Cover-THJO-_Conspiracy_.jpg?fit=1198%2C1200&ssl=1&resize=700%2C400 2x, https:\/\/i0.wp.com\/www.jazzzeitung.de\/cms\/wp-content\/uploads\/2023\/04\/CD-Cover-THJO-_Conspiracy_.jpg?fit=1198%2C1200&ssl=1&resize=1050%2C600 3x"},"classes":[]},{"id":27441,"url":"https:\/\/www.jazzzeitung.de\/cms\/2022\/05\/zwei-big-bands-und-zwei-quartette-frische-jazz-cds-in-der-hoerbar-mai-2022\/","url_meta":{"origin":26476,"position":2},"title":"Zwei Big Bands und zwei Quartette \u2013 Frische Jazz-CDs in der H\u00f6rBar Mai 2022","author":"Huflaikhan","date":"28. Mai 2022","format":false,"excerpt":"Zurich Jazz Orchestra & Steffen Schorn | Gil Evans Orchestra 1986 | Bastian J\u00fctte Quartett | Schmid\u2019s Huhn. Rezensionen in der H\u00f6rBar der neuen musikzeitung. Zurich Jazz Orchestra & Steffen Schorn: to my beloved ones Gil Evans Orchestra 1986 live in der Fabrik Hamburg Bastian J\u00fctte Quartett: The Cure Schmid\u2019s\u2026","rel":"","context":"In &quot;Rezension&quot;","block_context":{"text":"Rezension","link":"https:\/\/www.jazzzeitung.de\/cms\/thema\/rezension\/"},"img":{"alt_text":"Zurich Jazz Orchestra & Steffen Schorn: to my beloved ones","src":"https:\/\/i0.wp.com\/www.jazzzeitung.de\/cms\/wp-content\/uploads\/2022\/05\/19_schorn.jpg?fit=1200%2C1200&ssl=1&resize=350%2C200","width":350,"height":200,"srcset":"https:\/\/i0.wp.com\/www.jazzzeitung.de\/cms\/wp-content\/uploads\/2022\/05\/19_schorn.jpg?fit=1200%2C1200&ssl=1&resize=350%2C200 1x, https:\/\/i0.wp.com\/www.jazzzeitung.de\/cms\/wp-content\/uploads\/2022\/05\/19_schorn.jpg?fit=1200%2C1200&ssl=1&resize=525%2C300 1.5x, https:\/\/i0.wp.com\/www.jazzzeitung.de\/cms\/wp-content\/uploads\/2022\/05\/19_schorn.jpg?fit=1200%2C1200&ssl=1&resize=700%2C400 2x, https:\/\/i0.wp.com\/www.jazzzeitung.de\/cms\/wp-content\/uploads\/2022\/05\/19_schorn.jpg?fit=1200%2C1200&ssl=1&resize=1050%2C600 3x"},"classes":[]},{"id":26662,"url":"https:\/\/www.jazzzeitung.de\/cms\/2022\/01\/very-improvisierte-musik-in-der-hoerbar-von-henkelhausen-bis-zerbe\/","url_meta":{"origin":26476,"position":3},"title":"Very Improvisierte Musik in der H\u00f6rBar von Henkelhausen bis Zerbe","author":"Huflaikhan","date":"31. Januar 2022","format":false,"excerpt":"Eine bunte Mischung aus der Welt der improvisierten Musik hat sich Huflaikhan f\u00fcr Ende Dezember in der H\u00f6rBar zusammengestellt: Henkelhausen Quintet: Misantropic Tendencies, Ramsch \u2013 Carabattola, Sylvain Rifflet \u2013 Troubadours und Kupke\/Zerbe \u2013 Monalisa. Kupke\/Zerbe: Monalisa Eine kleine Serenade von Pretiosen musikalischer Improvisationen. Klarinette und Klavier teilen hier nicht nur\u2026","rel":"","context":"In &quot;Rezension&quot;","block_context":{"text":"Rezension","link":"https:\/\/www.jazzzeitung.de\/cms\/thema\/rezension\/"},"img":{"alt_text":"Kupke\/Zerbe: Monalisa","src":"https:\/\/i0.wp.com\/www.jazzzeitung.de\/cms\/wp-content\/uploads\/2022\/01\/51_zerbe_kupke.jpg?fit=1200%2C1083&ssl=1&resize=350%2C200","width":350,"height":200,"srcset":"https:\/\/i0.wp.com\/www.jazzzeitung.de\/cms\/wp-content\/uploads\/2022\/01\/51_zerbe_kupke.jpg?fit=1200%2C1083&ssl=1&resize=350%2C200 1x, https:\/\/i0.wp.com\/www.jazzzeitung.de\/cms\/wp-content\/uploads\/2022\/01\/51_zerbe_kupke.jpg?fit=1200%2C1083&ssl=1&resize=525%2C300 1.5x, https:\/\/i0.wp.com\/www.jazzzeitung.de\/cms\/wp-content\/uploads\/2022\/01\/51_zerbe_kupke.jpg?fit=1200%2C1083&ssl=1&resize=700%2C400 2x, https:\/\/i0.wp.com\/www.jazzzeitung.de\/cms\/wp-content\/uploads\/2022\/01\/51_zerbe_kupke.jpg?fit=1200%2C1083&ssl=1&resize=1050%2C600 3x"},"classes":[]},{"id":28128,"url":"https:\/\/www.jazzzeitung.de\/cms\/2022\/08\/musik-fuer-sehr-viele-saiten-jazz-cds-in-der-hoerbar-august-2022-01\/","url_meta":{"origin":26476,"position":4},"title":"Musik f\u00fcr (sehr) viele Saiten \u2013 Jazz-CDs in der H\u00f6rBar August 2022\/01","author":"Huflaikhan","date":"15. August 2022","format":false,"excerpt":"Ganz viele Gitarrensaiten schwingen hier in den vier Rezensionen aus der ersten Augustwoche. Rezensionen in der H\u00f6rBar der neuen musikzeitung. Sven Jungbeck invites Peter Weiss: Conversation With Six-String People Blind Spot & Philipp Wisser: Frontmirror Jazando Guitar Duo \u2013 La Fiesta Sven Jungbeck invites Sven Jungbeck lud ein, die Gastmusiker:innen\u2026","rel":"","context":"In &quot;Rezension&quot;","block_context":{"text":"Rezension","link":"https:\/\/www.jazzzeitung.de\/cms\/thema\/rezension\/"},"img":{"alt_text":"Sven Jungbeck invites","src":"https:\/\/i0.wp.com\/www.jazzzeitung.de\/cms\/wp-content\/uploads\/2022\/08\/31_jungbeck.jpg?fit=1200%2C1076&ssl=1&resize=350%2C200","width":350,"height":200,"srcset":"https:\/\/i0.wp.com\/www.jazzzeitung.de\/cms\/wp-content\/uploads\/2022\/08\/31_jungbeck.jpg?fit=1200%2C1076&ssl=1&resize=350%2C200 1x, https:\/\/i0.wp.com\/www.jazzzeitung.de\/cms\/wp-content\/uploads\/2022\/08\/31_jungbeck.jpg?fit=1200%2C1076&ssl=1&resize=525%2C300 1.5x, https:\/\/i0.wp.com\/www.jazzzeitung.de\/cms\/wp-content\/uploads\/2022\/08\/31_jungbeck.jpg?fit=1200%2C1076&ssl=1&resize=700%2C400 2x, https:\/\/i0.wp.com\/www.jazzzeitung.de\/cms\/wp-content\/uploads\/2022\/08\/31_jungbeck.jpg?fit=1200%2C1076&ssl=1&resize=1050%2C600 3x"},"classes":[]},{"id":30394,"url":"https:\/\/www.jazzzeitung.de\/cms\/2023\/12\/von-uetopya-und-von-planeten-weitere-jazz-cds-in-der-hoerbar\/","url_meta":{"origin":26476,"position":5},"title":"Von \u00dctopya und von Planeten \u2026 \u2013 Weitere Jazz-CDs in der H\u00f6rBar","author":"Huflaikhan","date":"15. Dezember 2023","format":false,"excerpt":"Sieben aktuelle Platten aus dem Jazz. Drei Duos sind dabei und sehr alte und sehr junge Musiker. Es wird erinnert und es wird \u00a0Die Jazz-Rezensionen in der H\u00f6rBar der neuen musikzeitung.","rel":"","context":"In &quot;Rezension&quot;","block_context":{"text":"Rezension","link":"https:\/\/www.jazzzeitung.de\/cms\/thema\/rezension\/"},"img":{"alt_text":"Rowk - Rowk","src":"https:\/\/i0.wp.com\/www.jazzzeitung.de\/cms\/wp-content\/uploads\/2023\/12\/rowk.jpg?fit=1200%2C1089&ssl=1&resize=350%2C200","width":350,"height":200,"srcset":"https:\/\/i0.wp.com\/www.jazzzeitung.de\/cms\/wp-content\/uploads\/2023\/12\/rowk.jpg?fit=1200%2C1089&ssl=1&resize=350%2C200 1x, https:\/\/i0.wp.com\/www.jazzzeitung.de\/cms\/wp-content\/uploads\/2023\/12\/rowk.jpg?fit=1200%2C1089&ssl=1&resize=525%2C300 1.5x, https:\/\/i0.wp.com\/www.jazzzeitung.de\/cms\/wp-content\/uploads\/2023\/12\/rowk.jpg?fit=1200%2C1089&ssl=1&resize=700%2C400 2x, https:\/\/i0.wp.com\/www.jazzzeitung.de\/cms\/wp-content\/uploads\/2023\/12\/rowk.jpg?fit=1200%2C1089&ssl=1&resize=1050%2C600 3x"},"classes":[]}],"jetpack_sharing_enabled":true,"_links":{"self":[{"href":"https:\/\/www.jazzzeitung.de\/cms\/wp-json\/wp\/v2\/posts\/26476","targetHints":{"allow":["GET"]}}],"collection":[{"href":"https:\/\/www.jazzzeitung.de\/cms\/wp-json\/wp\/v2\/posts"}],"about":[{"href":"https:\/\/www.jazzzeitung.de\/cms\/wp-json\/wp\/v2\/types\/post"}],"author":[{"embeddable":true,"href":"https:\/\/www.jazzzeitung.de\/cms\/wp-json\/wp\/v2\/users\/2"}],"replies":[{"embeddable":true,"href":"https:\/\/www.jazzzeitung.de\/cms\/wp-json\/wp\/v2\/comments?post=26476"}],"version-history":[{"count":2,"href":"https:\/\/www.jazzzeitung.de\/cms\/wp-json\/wp\/v2\/posts\/26476\/revisions"}],"predecessor-version":[{"id":26483,"href":"https:\/\/www.jazzzeitung.de\/cms\/wp-json\/wp\/v2\/posts\/26476\/revisions\/26483"}],"wp:featuredmedia":[{"embeddable":true,"href":"https:\/\/www.jazzzeitung.de\/cms\/wp-json\/wp\/v2\/media\/26478"}],"wp:attachment":[{"href":"https:\/\/www.jazzzeitung.de\/cms\/wp-json\/wp\/v2\/media?parent=26476"}],"wp:term":[{"taxonomy":"category","embeddable":true,"href":"https:\/\/www.jazzzeitung.de\/cms\/wp-json\/wp\/v2\/categories?post=26476"},{"taxonomy":"post_tag","embeddable":true,"href":"https:\/\/www.jazzzeitung.de\/cms\/wp-json\/wp\/v2\/tags?post=26476"},{"taxonomy":"author","embeddable":true,"href":"https:\/\/www.jazzzeitung.de\/cms\/wp-json\/wp\/v2\/coauthors?post=26476"}],"curies":[{"name":"wp","href":"https:\/\/api.w.org\/{rel}","templated":true}]}}