{"id":26185,"date":"2021-11-18T09:38:29","date_gmt":"2021-11-18T08:38:29","guid":{"rendered":"https:\/\/www.jazzzeitung.de\/cms\/?p=26185"},"modified":"2021-11-18T10:47:17","modified_gmt":"2021-11-18T09:47:17","slug":"26185","status":"publish","type":"post","link":"https:\/\/www.jazzzeitung.de\/cms\/2021\/11\/26185\/","title":{"rendered":"Bewerbungsphase f\u00fcrs Bayerische Jazzweekend Regensburg gestartet"},"content":{"rendered":"<p>\u201eVom 14. bis 17. Juli 2022 ist Regensburg ganz Jazz. Von Dixieland \u00fcber Swing und Bebop bis hin zu Free Jazz: Das Bayerische Jazzweekend Regensburg sucht Musikerinnen und Musiker, Bands und Combos auf allen Richtungen und Sparten der Jazzmusik. Wir freuen uns auf Ihre Bewerbung! \u201c<\/p>\n<p>Das Zitat stammt von der neuen Homepage des <a href=\"http:\/\/www.jazzwe.de\">Bayerischen Jazzweekends<\/a>, die am Montag, den 15. November 2021 gelauncht wurde. Gleichzeitig mit der Homepage ist die Bewerbungsphase gestartet, die am 10. Januar 2022 endet. Auftretende Bands erhalten wie bisher 100 EUR netto pro Musiker sowie eine entsprechende Verpflegung am Veranstaltungsort. Die Bewerbung kann digital auf der Homepage jazzwe.de eingereicht werden. Die Auswahl aus den eingegangenen Bewerbungen wird Ende Februar 2022 abgeschlossen sein. F\u00fcr die folgenden Jahre kann man sich voraussichtlich bis zu einem Bewerbungsschluss im Oktober bewerben. Die Auswahl wird dann bis Dezember getroffen, damit ab Januar mit der Bekanntgabe des Programms begonnen werden kann.<\/p>\n<h3>Neues Kuratorium unter Christian Sommerer<\/h3>\n<p>Nachdem der Regensburger Kulturreferent Wolfgang Dersch Ende August dem Bayerischen Jazzinstitut der Intendanz des dieses Jahr 40 Jahre alt gewordenen Non-Profit Festivals gek\u00fcndigt hatte, stellte er jetzt das neue 5-k\u00f6pfiges Kuratorium vor, das \u00fcber das Programm entscheidet und die Bands aus den eingehenden Bewerbungen ausw\u00e4hlt. Die Programmgestaltung und Verteilung auf die einzelnen Spielorte definiert Christian Sommerer als k\u00fcnstlerische Leitung in Absprache mit der Veranstalterin, der Stadt Regensburg. Das finale Programm f\u00fcr 2022 soll bis Anfang April stehen.<\/p>\n<p>Der neue k\u00fcnstlerische Leiter, Christian Sommerer, ist kein Unbekannter in der Jazzszene. Sommerer ist hauptberuflich Gesch\u00e4ftsf\u00fchrer der Eisb\u00e4ren Regensburg und hat zuvor zw\u00f6lf Jahre lang das Bob Brookmeyer New Art Orchestra gemanagt. Ausgebildet im Bundesjazzorchester und dem Landesjugendjazzorchester Bayern, spielte der Posaunist viele Jahre insbesondere in Big Bands. Er ist auch Bandleader der Big Band Convention Ostbayern.<\/p>\n<h3>Vertreterin auch f\u00fcr die Freie Szene<\/h3>\n<p>Das k\u00fcnstlerische Kuratorium setzt sich zusammen aus einem Vertreter des Bayerischen Jazzverband e.V. (Tizian Jost), einem Vertreter der Jazzhochschulen in Bayern (j\u00e4hrlich rotierend: 2022 M\u00fcnchen mit Professor Claus Reichstaller, 2023 N\u00fcrnberg, 2024 W\u00fcrzburg, 2025 wieder M\u00fcnchen ect.), einem Vertreter der JazzZeitung.de (Andreas Kolb), einem Vertreter des Jazzclub Regensburg (Alfred Merkel) sowie einem Vertreter der freien Szene. Letztere Position wechselt j\u00e4hrlich, 2022 bringt die S\u00e4ngerin Lisa Wahlandt ihre Expertise ein. Der Bayerische Rundfunk ist weiterhin Kooperationspartner und zeichnet die Konzerte aus dem Innenhof des Thon-Dittmer-Palais auf. Ebenfalls eingebunden werden sollen die Universit\u00e4t, der Jazzclub und die Hochschule f\u00fcr Katholische Kirchenmusik.<\/p>\n<p>Nicht mehr eingebunden wird das Bayerische Jazzinstitut. Das Budget des Jazzweekends soll laut Dersch f\u00fcr die Stadt weitgehend gleich bleiben. Zuletzt waren dies knapp 150.000 Euro. Als Gage sind \u2013 wie bisher auch \u2013 100 Euro pro Musikerin und Musiker vorgesehen. In den n\u00e4chsten Jahren wolle man aber nach M\u00f6glichkeit 150 Euro zahlen, so Kulturreferent Dersch. F\u00fcr das Publikum bleibt die Veranstaltung kostenlos.<\/p>\n<p><a href=\"https:\/\/www.jazzwe.de\/contactform.html\">www.jazzwe.de\/contactform.html<\/a><\/p>\n<p>&nbsp;<\/p>\n","protected":false},"excerpt":{"rendered":"<p>\u201eVom 14. bis 17. Juli 2022 ist Regensburg ganz Jazz. Von Dixieland \u00fcber Swing und Bebop bis hin zu Free Jazz: Das Bayerische Jazzweekend Regensburg sucht Musikerinnen und Musiker, Bands und Combos auf allen Richtungen und Sparten der Jazzmusik. Wir freuen uns auf Ihre Bewerbung! \u201c Das Zitat stammt von der neuen Homepage des Bayerischen Jazzweekends, die am Montag, den 15. November 2021 gelauncht wurde. Gleichzeitig mit der Homepage ist die Bewerbungsphase gestartet, die am 10. Januar 2022 endet. Auftretende Bands erhalten wie bisher 100 EUR netto pro Musiker sowie eine entsprechende Verpflegung am Veranstaltungsort. Die Bewerbung kann digital auf der Homepage jazzwe.de eingereicht werden. Die Auswahl aus den eingegangenen Bewerbungen wird Ende Februar 2022 abgeschlossen sein. F\u00fcr die folgenden Jahre kann man sich voraussichtlich bis zu einem Bewerbungsschluss im Oktober bewerben. Die Auswahl wird dann bis Dezember getroffen, damit ab Januar mit der Bekanntgabe des Programms begonnen werden kann. Neues Kuratorium unter Christian Sommerer Nachdem der Regensburger Kulturreferent Wolfgang Dersch Ende August dem Bayerischen Jazzinstitut der Intendanz des dieses Jahr 40 Jahre alt gewordenen Non-Profit Festivals gek\u00fcndigt hatte, stellte er jetzt das neue 5-k\u00f6pfiges &hellip;<\/p>\n","protected":false},"author":18,"featured_media":26187,"comment_status":"open","ping_status":"closed","sticky":false,"template":"","format":"standard","meta":{"_jetpack_memberships_contains_paid_content":false,"footnotes":"","jetpack_publicize_message":"","jetpack_publicize_feature_enabled":true,"jetpack_social_post_already_shared":false,"jetpack_social_options":{"image_generator_settings":{"template":"highway","default_image_id":0,"font":"","enabled":false},"version":2}},"categories":[633],"tags":[3391,1798,2002,71,87,1519,119,3333,682,769,271,737,277,2192,291,292,294,2861,323,343,356,401,2952,2048,1797,15,535],"coauthors":[695],"class_list":["post-26185","post","type-post","status-publish","format-standard","has-post-thumbnail","hentry","category-nachrichten","tag-3391","tag-bayern","tag-bewerbung","tag-big-band","tag-bob-brookmeyer","tag-bundesjazzorchester","tag-claus-reichstaller","tag-digital","tag-festivals","tag-gage","tag-jazzclub","tag-jazzclub-regensburg","tag-jazzinstitut","tag-jazzverband","tag-jazzweekend","tag-jazzweekend-regensburg","tag-jazzzeitung","tag-jazzzeitung-de","tag-konzerte","tag-landesjugendjazzorchester","tag-lisa-wahlandt","tag-muenchen","tag-musikerinnen","tag-oktober","tag-regensburg","tag-rundfunk","tag-swing"],"yoast_head":"<!-- This site is optimized with the Yoast SEO plugin v27.5 - https:\/\/yoast.com\/product\/yoast-seo-wordpress\/ -->\n<title>Bewerbungsphase f\u00fcrs Bayerische Jazzweekend Regensburg gestartet - JazzZeitung<\/title>\n<meta name=\"robots\" content=\"index, follow, max-snippet:-1, max-image-preview:large, max-video-preview:-1\" \/>\n<link rel=\"canonical\" href=\"https:\/\/www.jazzzeitung.de\/cms\/2021\/11\/26185\/\" \/>\n<meta property=\"og:locale\" content=\"de_DE\" \/>\n<meta property=\"og:type\" content=\"article\" \/>\n<meta property=\"og:title\" content=\"Bewerbungsphase f\u00fcrs Bayerische Jazzweekend Regensburg gestartet - JazzZeitung\" \/>\n<meta property=\"og:description\" content=\"\u201eVom 14. bis 17. Juli 2022 ist Regensburg ganz Jazz. Von Dixieland \u00fcber Swing und Bebop bis hin zu Free Jazz: Das Bayerische Jazzweekend Regensburg sucht Musikerinnen und Musiker, Bands und Combos auf allen Richtungen und Sparten der Jazzmusik. Wir freuen uns auf Ihre Bewerbung! \u201c Das Zitat stammt von der neuen Homepage des Bayerischen Jazzweekends, die am Montag, den 15. November 2021 gelauncht wurde. Gleichzeitig mit der Homepage ist die Bewerbungsphase gestartet, die am 10. Januar 2022 endet. Auftretende Bands erhalten wie bisher 100 EUR netto pro Musiker sowie eine entsprechende Verpflegung am Veranstaltungsort. Die Bewerbung kann digital auf der Homepage jazzwe.de eingereicht werden. Die Auswahl aus den eingegangenen Bewerbungen wird Ende Februar 2022 abgeschlossen sein. F\u00fcr die folgenden Jahre kann man sich voraussichtlich bis zu einem Bewerbungsschluss im Oktober bewerben. Die Auswahl wird dann bis Dezember getroffen, damit ab Januar mit der Bekanntgabe des Programms begonnen werden kann. Neues Kuratorium unter Christian Sommerer Nachdem der Regensburger Kulturreferent Wolfgang Dersch Ende August dem Bayerischen Jazzinstitut der Intendanz des dieses Jahr 40 Jahre alt gewordenen Non-Profit Festivals gek\u00fcndigt hatte, stellte er jetzt das neue 5-k\u00f6pfiges &hellip;\" \/>\n<meta property=\"og:url\" content=\"https:\/\/www.jazzzeitung.de\/cms\/2021\/11\/26185\/\" \/>\n<meta property=\"og:site_name\" content=\"JazzZeitung\" \/>\n<meta property=\"article:publisher\" content=\"https:\/\/www.facebook.com\/JazzZeitung\/\" \/>\n<meta property=\"article:published_time\" content=\"2021-11-18T08:38:29+00:00\" \/>\n<meta property=\"article:modified_time\" content=\"2021-11-18T09:47:17+00:00\" \/>\n<meta property=\"og:image\" content=\"https:\/\/i0.wp.com\/www.jazzzeitung.de\/cms\/wp-content\/uploads\/2021\/11\/weekend1-scaled-e1637159697323.jpg?fit=2048%2C1427&ssl=1\" \/>\n\t<meta property=\"og:image:width\" content=\"2048\" \/>\n\t<meta property=\"og:image:height\" content=\"1427\" \/>\n\t<meta property=\"og:image:type\" content=\"image\/jpeg\" \/>\n<meta name=\"author\" content=\"Redaktion JazzZeitung\" \/>\n<script type=\"application\/ld+json\" class=\"yoast-schema-graph\">{\"@context\":\"https:\\\/\\\/schema.org\",\"@graph\":[{\"@type\":\"Article\",\"@id\":\"https:\\\/\\\/www.jazzzeitung.de\\\/cms\\\/2021\\\/11\\\/26185\\\/#article\",\"isPartOf\":{\"@id\":\"https:\\\/\\\/www.jazzzeitung.de\\\/cms\\\/2021\\\/11\\\/26185\\\/\"},\"author\":{\"name\":\"Redaktion JazzZeitung\",\"@id\":\"https:\\\/\\\/www.jazzzeitung.de\\\/cms\\\/#\\\/schema\\\/person\\\/2245b36b9cd1d24cea10f01c031fb92b\"},\"headline\":\"Bewerbungsphase f\u00fcrs Bayerische Jazzweekend Regensburg gestartet\",\"datePublished\":\"2021-11-18T08:38:29+00:00\",\"dateModified\":\"2021-11-18T09:47:17+00:00\",\"mainEntityOfPage\":{\"@id\":\"https:\\\/\\\/www.jazzzeitung.de\\\/cms\\\/2021\\\/11\\\/26185\\\/\"},\"wordCount\":477,\"commentCount\":0,\"publisher\":{\"@id\":\"https:\\\/\\\/www.jazzzeitung.de\\\/cms\\\/#organization\"},\"image\":{\"@id\":\"https:\\\/\\\/www.jazzzeitung.de\\\/cms\\\/2021\\\/11\\\/26185\\\/#primaryimage\"},\"thumbnailUrl\":\"https:\\\/\\\/i0.wp.com\\\/www.jazzzeitung.de\\\/cms\\\/wp-content\\\/uploads\\\/2021\\\/11\\\/weekend1-scaled-e1637159697323.jpg?fit=2048%2C1427&ssl=1\",\"keywords\":[\"2021\",\"Bayern\",\"Bewerbung\",\"Big Band\",\"Bob Brookmeyer\",\"Bundesjazzorchester\",\"Claus Reichstaller\",\"digital\",\"Festivals\",\"Gage\",\"Jazzclub\",\"Jazzclub Regensburg\",\"Jazzinstitut\",\"Jazzverband\",\"Jazzweekend\",\"Jazzweekend Regensburg\",\"Jazzzeitung\",\"JazzZeitung.de\",\"Konzerte\",\"Landesjugendjazzorchester\",\"Lisa Wahlandt\",\"M\u00fcnchen\",\"Musikerinnen\",\"Oktober\",\"Regensburg\",\"Rundfunk\",\"Swing\"],\"articleSection\":[\"News\"],\"inLanguage\":\"de\",\"potentialAction\":[{\"@type\":\"CommentAction\",\"name\":\"Comment\",\"target\":[\"https:\\\/\\\/www.jazzzeitung.de\\\/cms\\\/2021\\\/11\\\/26185\\\/#respond\"]}]},{\"@type\":\"WebPage\",\"@id\":\"https:\\\/\\\/www.jazzzeitung.de\\\/cms\\\/2021\\\/11\\\/26185\\\/\",\"url\":\"https:\\\/\\\/www.jazzzeitung.de\\\/cms\\\/2021\\\/11\\\/26185\\\/\",\"name\":\"Bewerbungsphase f\u00fcrs Bayerische Jazzweekend Regensburg gestartet - JazzZeitung\",\"isPartOf\":{\"@id\":\"https:\\\/\\\/www.jazzzeitung.de\\\/cms\\\/#website\"},\"primaryImageOfPage\":{\"@id\":\"https:\\\/\\\/www.jazzzeitung.de\\\/cms\\\/2021\\\/11\\\/26185\\\/#primaryimage\"},\"image\":{\"@id\":\"https:\\\/\\\/www.jazzzeitung.de\\\/cms\\\/2021\\\/11\\\/26185\\\/#primaryimage\"},\"thumbnailUrl\":\"https:\\\/\\\/i0.wp.com\\\/www.jazzzeitung.de\\\/cms\\\/wp-content\\\/uploads\\\/2021\\\/11\\\/weekend1-scaled-e1637159697323.jpg?fit=2048%2C1427&ssl=1\",\"datePublished\":\"2021-11-18T08:38:29+00:00\",\"dateModified\":\"2021-11-18T09:47:17+00:00\",\"breadcrumb\":{\"@id\":\"https:\\\/\\\/www.jazzzeitung.de\\\/cms\\\/2021\\\/11\\\/26185\\\/#breadcrumb\"},\"inLanguage\":\"de\",\"potentialAction\":[{\"@type\":\"ReadAction\",\"target\":[\"https:\\\/\\\/www.jazzzeitung.de\\\/cms\\\/2021\\\/11\\\/26185\\\/\"]}]},{\"@type\":\"ImageObject\",\"inLanguage\":\"de\",\"@id\":\"https:\\\/\\\/www.jazzzeitung.de\\\/cms\\\/2021\\\/11\\\/26185\\\/#primaryimage\",\"url\":\"https:\\\/\\\/i0.wp.com\\\/www.jazzzeitung.de\\\/cms\\\/wp-content\\\/uploads\\\/2021\\\/11\\\/weekend1-scaled-e1637159697323.jpg?fit=2048%2C1427&ssl=1\",\"contentUrl\":\"https:\\\/\\\/i0.wp.com\\\/www.jazzzeitung.de\\\/cms\\\/wp-content\\\/uploads\\\/2021\\\/11\\\/weekend1-scaled-e1637159697323.jpg?fit=2048%2C1427&ssl=1\",\"width\":2048,\"height\":1427},{\"@type\":\"BreadcrumbList\",\"@id\":\"https:\\\/\\\/www.jazzzeitung.de\\\/cms\\\/2021\\\/11\\\/26185\\\/#breadcrumb\",\"itemListElement\":[{\"@type\":\"ListItem\",\"position\":1,\"name\":\"Startseite\",\"item\":\"https:\\\/\\\/www.jazzzeitung.de\\\/cms\\\/\"},{\"@type\":\"ListItem\",\"position\":2,\"name\":\"Bewerbungsphase f\u00fcrs Bayerische Jazzweekend Regensburg gestartet\"}]},{\"@type\":\"WebSite\",\"@id\":\"https:\\\/\\\/www.jazzzeitung.de\\\/cms\\\/#website\",\"url\":\"https:\\\/\\\/www.jazzzeitung.de\\\/cms\\\/\",\"name\":\"JazzZeitung\",\"description\":\"Jazz-News und Jazz-Kontroverses\",\"publisher\":{\"@id\":\"https:\\\/\\\/www.jazzzeitung.de\\\/cms\\\/#organization\"},\"potentialAction\":[{\"@type\":\"SearchAction\",\"target\":{\"@type\":\"EntryPoint\",\"urlTemplate\":\"https:\\\/\\\/www.jazzzeitung.de\\\/cms\\\/?s={search_term_string}\"},\"query-input\":{\"@type\":\"PropertyValueSpecification\",\"valueRequired\":true,\"valueName\":\"search_term_string\"}}],\"inLanguage\":\"de\"},{\"@type\":\"Organization\",\"@id\":\"https:\\\/\\\/www.jazzzeitung.de\\\/cms\\\/#organization\",\"name\":\"JazzZeitung online\",\"url\":\"https:\\\/\\\/www.jazzzeitung.de\\\/cms\\\/\",\"logo\":{\"@type\":\"ImageObject\",\"inLanguage\":\"de\",\"@id\":\"https:\\\/\\\/www.jazzzeitung.de\\\/cms\\\/#\\\/schema\\\/logo\\\/image\\\/\",\"url\":\"https:\\\/\\\/i0.wp.com\\\/www.jazzzeitung.de\\\/cms\\\/wp-content\\\/uploads\\\/2015\\\/08\\\/JAZZZEITUNGDE_Logo_Neu.png?fit=499%2C200&ssl=1\",\"contentUrl\":\"https:\\\/\\\/i0.wp.com\\\/www.jazzzeitung.de\\\/cms\\\/wp-content\\\/uploads\\\/2015\\\/08\\\/JAZZZEITUNGDE_Logo_Neu.png?fit=499%2C200&ssl=1\",\"width\":499,\"height\":200,\"caption\":\"JazzZeitung online\"},\"image\":{\"@id\":\"https:\\\/\\\/www.jazzzeitung.de\\\/cms\\\/#\\\/schema\\\/logo\\\/image\\\/\"},\"sameAs\":[\"https:\\\/\\\/www.facebook.com\\\/JazzZeitung\\\/\"]},{\"@type\":\"Person\",\"@id\":\"https:\\\/\\\/www.jazzzeitung.de\\\/cms\\\/#\\\/schema\\\/person\\\/2245b36b9cd1d24cea10f01c031fb92b\",\"name\":\"Redaktion JazzZeitung\",\"image\":{\"@type\":\"ImageObject\",\"inLanguage\":\"de\",\"@id\":\"https:\\\/\\\/i0.wp.com\\\/www.jazzzeitung.de\\\/cms\\\/wp-content\\\/uploads\\\/2015\\\/08\\\/JAZZZEITUNGDE_Logo_Neu.png?resize=96%2C96&ssl=159975dcacb611b5700bd619b5daf0a7a\",\"url\":\"https:\\\/\\\/i0.wp.com\\\/www.jazzzeitung.de\\\/cms\\\/wp-content\\\/uploads\\\/2015\\\/08\\\/JAZZZEITUNGDE_Logo_Neu.png?resize=96%2C96&ssl=1\",\"contentUrl\":\"https:\\\/\\\/i0.wp.com\\\/www.jazzzeitung.de\\\/cms\\\/wp-content\\\/uploads\\\/2015\\\/08\\\/JAZZZEITUNGDE_Logo_Neu.png?resize=96%2C96&ssl=1\",\"caption\":\"Redaktion JazzZeitung\"},\"description\":\"Artikel der Redaktion der JazzZeitung.\",\"sameAs\":[\"http:\\\/\\\/www.jazzzeitung.de\\\/cms\\\/\"],\"url\":\"https:\\\/\\\/www.jazzzeitung.de\\\/cms\\\/author\\\/redaktion\\\/\"}]}<\/script>\n<!-- \/ Yoast SEO plugin. -->","yoast_head_json":{"title":"Bewerbungsphase f\u00fcrs Bayerische Jazzweekend Regensburg gestartet - JazzZeitung","robots":{"index":"index","follow":"follow","max-snippet":"max-snippet:-1","max-image-preview":"max-image-preview:large","max-video-preview":"max-video-preview:-1"},"canonical":"https:\/\/www.jazzzeitung.de\/cms\/2021\/11\/26185\/","og_locale":"de_DE","og_type":"article","og_title":"Bewerbungsphase f\u00fcrs Bayerische Jazzweekend Regensburg gestartet - JazzZeitung","og_description":"\u201eVom 14. bis 17. Juli 2022 ist Regensburg ganz Jazz. Von Dixieland \u00fcber Swing und Bebop bis hin zu Free Jazz: Das Bayerische Jazzweekend Regensburg sucht Musikerinnen und Musiker, Bands und Combos auf allen Richtungen und Sparten der Jazzmusik. Wir freuen uns auf Ihre Bewerbung! \u201c Das Zitat stammt von der neuen Homepage des Bayerischen Jazzweekends, die am Montag, den 15. November 2021 gelauncht wurde. Gleichzeitig mit der Homepage ist die Bewerbungsphase gestartet, die am 10. Januar 2022 endet. Auftretende Bands erhalten wie bisher 100 EUR netto pro Musiker sowie eine entsprechende Verpflegung am Veranstaltungsort. Die Bewerbung kann digital auf der Homepage jazzwe.de eingereicht werden. Die Auswahl aus den eingegangenen Bewerbungen wird Ende Februar 2022 abgeschlossen sein. F\u00fcr die folgenden Jahre kann man sich voraussichtlich bis zu einem Bewerbungsschluss im Oktober bewerben. Die Auswahl wird dann bis Dezember getroffen, damit ab Januar mit der Bekanntgabe des Programms begonnen werden kann. Neues Kuratorium unter Christian Sommerer Nachdem der Regensburger Kulturreferent Wolfgang Dersch Ende August dem Bayerischen Jazzinstitut der Intendanz des dieses Jahr 40 Jahre alt gewordenen Non-Profit Festivals gek\u00fcndigt hatte, stellte er jetzt das neue 5-k\u00f6pfiges &hellip;","og_url":"https:\/\/www.jazzzeitung.de\/cms\/2021\/11\/26185\/","og_site_name":"JazzZeitung","article_publisher":"https:\/\/www.facebook.com\/JazzZeitung\/","article_published_time":"2021-11-18T08:38:29+00:00","article_modified_time":"2021-11-18T09:47:17+00:00","og_image":[{"width":2048,"height":1427,"url":"https:\/\/i0.wp.com\/www.jazzzeitung.de\/cms\/wp-content\/uploads\/2021\/11\/weekend1-scaled-e1637159697323.jpg?fit=2048%2C1427&ssl=1","type":"image\/jpeg"}],"author":"Redaktion JazzZeitung","schema":{"@context":"https:\/\/schema.org","@graph":[{"@type":"Article","@id":"https:\/\/www.jazzzeitung.de\/cms\/2021\/11\/26185\/#article","isPartOf":{"@id":"https:\/\/www.jazzzeitung.de\/cms\/2021\/11\/26185\/"},"author":{"name":"Redaktion JazzZeitung","@id":"https:\/\/www.jazzzeitung.de\/cms\/#\/schema\/person\/2245b36b9cd1d24cea10f01c031fb92b"},"headline":"Bewerbungsphase f\u00fcrs Bayerische Jazzweekend Regensburg gestartet","datePublished":"2021-11-18T08:38:29+00:00","dateModified":"2021-11-18T09:47:17+00:00","mainEntityOfPage":{"@id":"https:\/\/www.jazzzeitung.de\/cms\/2021\/11\/26185\/"},"wordCount":477,"commentCount":0,"publisher":{"@id":"https:\/\/www.jazzzeitung.de\/cms\/#organization"},"image":{"@id":"https:\/\/www.jazzzeitung.de\/cms\/2021\/11\/26185\/#primaryimage"},"thumbnailUrl":"https:\/\/i0.wp.com\/www.jazzzeitung.de\/cms\/wp-content\/uploads\/2021\/11\/weekend1-scaled-e1637159697323.jpg?fit=2048%2C1427&ssl=1","keywords":["2021","Bayern","Bewerbung","Big Band","Bob Brookmeyer","Bundesjazzorchester","Claus Reichstaller","digital","Festivals","Gage","Jazzclub","Jazzclub Regensburg","Jazzinstitut","Jazzverband","Jazzweekend","Jazzweekend Regensburg","Jazzzeitung","JazzZeitung.de","Konzerte","Landesjugendjazzorchester","Lisa Wahlandt","M\u00fcnchen","Musikerinnen","Oktober","Regensburg","Rundfunk","Swing"],"articleSection":["News"],"inLanguage":"de","potentialAction":[{"@type":"CommentAction","name":"Comment","target":["https:\/\/www.jazzzeitung.de\/cms\/2021\/11\/26185\/#respond"]}]},{"@type":"WebPage","@id":"https:\/\/www.jazzzeitung.de\/cms\/2021\/11\/26185\/","url":"https:\/\/www.jazzzeitung.de\/cms\/2021\/11\/26185\/","name":"Bewerbungsphase f\u00fcrs Bayerische Jazzweekend Regensburg gestartet - JazzZeitung","isPartOf":{"@id":"https:\/\/www.jazzzeitung.de\/cms\/#website"},"primaryImageOfPage":{"@id":"https:\/\/www.jazzzeitung.de\/cms\/2021\/11\/26185\/#primaryimage"},"image":{"@id":"https:\/\/www.jazzzeitung.de\/cms\/2021\/11\/26185\/#primaryimage"},"thumbnailUrl":"https:\/\/i0.wp.com\/www.jazzzeitung.de\/cms\/wp-content\/uploads\/2021\/11\/weekend1-scaled-e1637159697323.jpg?fit=2048%2C1427&ssl=1","datePublished":"2021-11-18T08:38:29+00:00","dateModified":"2021-11-18T09:47:17+00:00","breadcrumb":{"@id":"https:\/\/www.jazzzeitung.de\/cms\/2021\/11\/26185\/#breadcrumb"},"inLanguage":"de","potentialAction":[{"@type":"ReadAction","target":["https:\/\/www.jazzzeitung.de\/cms\/2021\/11\/26185\/"]}]},{"@type":"ImageObject","inLanguage":"de","@id":"https:\/\/www.jazzzeitung.de\/cms\/2021\/11\/26185\/#primaryimage","url":"https:\/\/i0.wp.com\/www.jazzzeitung.de\/cms\/wp-content\/uploads\/2021\/11\/weekend1-scaled-e1637159697323.jpg?fit=2048%2C1427&ssl=1","contentUrl":"https:\/\/i0.wp.com\/www.jazzzeitung.de\/cms\/wp-content\/uploads\/2021\/11\/weekend1-scaled-e1637159697323.jpg?fit=2048%2C1427&ssl=1","width":2048,"height":1427},{"@type":"BreadcrumbList","@id":"https:\/\/www.jazzzeitung.de\/cms\/2021\/11\/26185\/#breadcrumb","itemListElement":[{"@type":"ListItem","position":1,"name":"Startseite","item":"https:\/\/www.jazzzeitung.de\/cms\/"},{"@type":"ListItem","position":2,"name":"Bewerbungsphase f\u00fcrs Bayerische Jazzweekend Regensburg gestartet"}]},{"@type":"WebSite","@id":"https:\/\/www.jazzzeitung.de\/cms\/#website","url":"https:\/\/www.jazzzeitung.de\/cms\/","name":"JazzZeitung","description":"Jazz-News und Jazz-Kontroverses","publisher":{"@id":"https:\/\/www.jazzzeitung.de\/cms\/#organization"},"potentialAction":[{"@type":"SearchAction","target":{"@type":"EntryPoint","urlTemplate":"https:\/\/www.jazzzeitung.de\/cms\/?s={search_term_string}"},"query-input":{"@type":"PropertyValueSpecification","valueRequired":true,"valueName":"search_term_string"}}],"inLanguage":"de"},{"@type":"Organization","@id":"https:\/\/www.jazzzeitung.de\/cms\/#organization","name":"JazzZeitung online","url":"https:\/\/www.jazzzeitung.de\/cms\/","logo":{"@type":"ImageObject","inLanguage":"de","@id":"https:\/\/www.jazzzeitung.de\/cms\/#\/schema\/logo\/image\/","url":"https:\/\/i0.wp.com\/www.jazzzeitung.de\/cms\/wp-content\/uploads\/2015\/08\/JAZZZEITUNGDE_Logo_Neu.png?fit=499%2C200&ssl=1","contentUrl":"https:\/\/i0.wp.com\/www.jazzzeitung.de\/cms\/wp-content\/uploads\/2015\/08\/JAZZZEITUNGDE_Logo_Neu.png?fit=499%2C200&ssl=1","width":499,"height":200,"caption":"JazzZeitung online"},"image":{"@id":"https:\/\/www.jazzzeitung.de\/cms\/#\/schema\/logo\/image\/"},"sameAs":["https:\/\/www.facebook.com\/JazzZeitung\/"]},{"@type":"Person","@id":"https:\/\/www.jazzzeitung.de\/cms\/#\/schema\/person\/2245b36b9cd1d24cea10f01c031fb92b","name":"Redaktion JazzZeitung","image":{"@type":"ImageObject","inLanguage":"de","@id":"https:\/\/i0.wp.com\/www.jazzzeitung.de\/cms\/wp-content\/uploads\/2015\/08\/JAZZZEITUNGDE_Logo_Neu.png?resize=96%2C96&ssl=159975dcacb611b5700bd619b5daf0a7a","url":"https:\/\/i0.wp.com\/www.jazzzeitung.de\/cms\/wp-content\/uploads\/2015\/08\/JAZZZEITUNGDE_Logo_Neu.png?resize=96%2C96&ssl=1","contentUrl":"https:\/\/i0.wp.com\/www.jazzzeitung.de\/cms\/wp-content\/uploads\/2015\/08\/JAZZZEITUNGDE_Logo_Neu.png?resize=96%2C96&ssl=1","caption":"Redaktion JazzZeitung"},"description":"Artikel der Redaktion der JazzZeitung.","sameAs":["http:\/\/www.jazzzeitung.de\/cms\/"],"url":"https:\/\/www.jazzzeitung.de\/cms\/author\/redaktion\/"}]}},"wp-worthy-pixel":{"ignored":false,"public":null,"server":null,"url":null},"wp-worthy-type":"normal","jetpack_publicize_connections":[],"cc_featured_image_caption":{"caption_text":"","source_text":"","source_url":""},"jetpack_featured_media_url":"https:\/\/i0.wp.com\/www.jazzzeitung.de\/cms\/wp-content\/uploads\/2021\/11\/weekend1-scaled-e1637159697323.jpg?fit=2048%2C1427&ssl=1","jetpack_shortlink":"https:\/\/wp.me\/s3KEcT-26185","jetpack-related-posts":[{"id":32827,"url":"https:\/\/www.jazzzeitung.de\/cms\/2025\/07\/ein-rundgang-ueber-das-44-bayerische-jazzweekend-in-regensburg\/","url_meta":{"origin":26185,"position":0},"title":"Ein Rundgang \u00fcber das 44. Bayerische Jazzweekend in Regensburg","author":"Redaktion JazzZeitung","date":"17. Juli 2025","format":false,"excerpt":"Rund 90.000 Musikbegeisterte lauschten vom 10. bis 13. Juli 2025 vier Tage lang den vielseitigen Spielarten des Jazz. An 14 Spielorten in Regensburg und weiteren 5 Spielorten in Kallm\u00fcnz erlebte das tanzfreudige, kritische und begeisterungsf\u00e4hige Publikum rund 110 unterschiedliche Formationen und deren Konzerte. International gefragte Gr\u00f6\u00dfen des Jazz trafen beim\u2026","rel":"","context":"In &quot;Galerie&quot;","block_context":{"text":"Galerie","link":"https:\/\/www.jazzzeitung.de\/cms\/thema\/galerie\/"},"img":{"alt_text":"","src":"https:\/\/i0.wp.com\/www.jazzzeitung.de\/cms\/wp-content\/uploads\/2025\/07\/SiEA-Antonia-Dering-c-JM-Koch.jpg?fit=1200%2C900&ssl=1&resize=350%2C200","width":350,"height":200,"srcset":"https:\/\/i0.wp.com\/www.jazzzeitung.de\/cms\/wp-content\/uploads\/2025\/07\/SiEA-Antonia-Dering-c-JM-Koch.jpg?fit=1200%2C900&ssl=1&resize=350%2C200 1x, https:\/\/i0.wp.com\/www.jazzzeitung.de\/cms\/wp-content\/uploads\/2025\/07\/SiEA-Antonia-Dering-c-JM-Koch.jpg?fit=1200%2C900&ssl=1&resize=525%2C300 1.5x, https:\/\/i0.wp.com\/www.jazzzeitung.de\/cms\/wp-content\/uploads\/2025\/07\/SiEA-Antonia-Dering-c-JM-Koch.jpg?fit=1200%2C900&ssl=1&resize=700%2C400 2x, https:\/\/i0.wp.com\/www.jazzzeitung.de\/cms\/wp-content\/uploads\/2025\/07\/SiEA-Antonia-Dering-c-JM-Koch.jpg?fit=1200%2C900&ssl=1&resize=1050%2C600 3x"},"classes":[]},{"id":26558,"url":"https:\/\/www.jazzzeitung.de\/cms\/2022\/01\/newsdie-deutsche-jazz-szene-unter-der-lupe-infoveranstaltung-der-dju-zur-jazzstudie-2022-anmeldefrist-fuers-bayerische-jazzweekend-regensburg-bis-24-1-2022-verlaengert\/","url_meta":{"origin":26185,"position":1},"title":"+++ News +++ Die deutsche Jazz-Szene unter der Lupe: Infoveranstaltung der DJU zur Jazzstudie 2022 +++  Anmeldefrist f\u00fcrs Bayerische Jazzweekend Regensburg bis 24.1.2022 verl\u00e4ngert +++","author":"Redaktion JazzZeitung","date":"19. Januar 2022","format":false,"excerpt":"+++ Infoveranstaltung der DJU zur Jazzstudie 2022 am 20.01.22, 19:00\u201320:00 +++ Die im Auftrag der Deutschen Jazzunion verfasste und im vergangenen Jahr unter Aspekten der Geschlechtergerechtigkeit erneut ausgewertete erste Jazzstudie 2016 ist eine wichtige und viel zitierte empirische Quelle zur Situation von Jazzmusiker*innen in Deutschland. Um die Situation und die\u2026","rel":"","context":"In &quot;News&quot;","block_context":{"text":"News","link":"https:\/\/www.jazzzeitung.de\/cms\/thema\/nachrichten\/"},"img":{"alt_text":"","src":"https:\/\/i0.wp.com\/www.jazzzeitung.de\/cms\/wp-content\/uploads\/2022\/01\/4ac5dd_3865d9dc332a47f2a0947c8a1bf649b5mv2-e1642600192241.webp?fit=741%2C502&ssl=1&resize=350%2C200","width":350,"height":200,"srcset":"https:\/\/i0.wp.com\/www.jazzzeitung.de\/cms\/wp-content\/uploads\/2022\/01\/4ac5dd_3865d9dc332a47f2a0947c8a1bf649b5mv2-e1642600192241.webp?fit=741%2C502&ssl=1&resize=350%2C200 1x, https:\/\/i0.wp.com\/www.jazzzeitung.de\/cms\/wp-content\/uploads\/2022\/01\/4ac5dd_3865d9dc332a47f2a0947c8a1bf649b5mv2-e1642600192241.webp?fit=741%2C502&ssl=1&resize=525%2C300 1.5x, https:\/\/i0.wp.com\/www.jazzzeitung.de\/cms\/wp-content\/uploads\/2022\/01\/4ac5dd_3865d9dc332a47f2a0947c8a1bf649b5mv2-e1642600192241.webp?fit=741%2C502&ssl=1&resize=700%2C400 2x"},"classes":[]},{"id":28776,"url":"https:\/\/www.jazzzeitung.de\/cms\/2022\/12\/open-call-jetzt-bewerben-fuers-jazzweeekend-2023\/","url_meta":{"origin":26185,"position":2},"title":"Open Call: Jetzt bis 31. Dezember bewerben f\u00fcr das Bayerische Jazzweeekend 2023 in Regensburg","author":"Redaktion JazzZeitung","date":"13. Dezember 2022","format":false,"excerpt":"Vom 13. bis 16. Juli 2023 ist Regensburg wieder einmal ganz Jazz: am 42. Bayerischen Jazzweekend. Daf\u00fcr sucht das Jazzweekend Musikerinnen und Musiker, Bands und Kombos aus allen Richtungen und Sparten der Jazzmusik. Die Bewerbung kann digital auf der Website unter diesem Link eingereicht werden. Die Bewerbungsfrist endet am 31.\u2026","rel":"","context":"In &quot;News&quot;","block_context":{"text":"News","link":"https:\/\/www.jazzzeitung.de\/cms\/thema\/nachrichten\/"},"img":{"alt_text":"","src":"https:\/\/i0.wp.com\/www.jazzzeitung.de\/cms\/wp-content\/uploads\/2022\/07\/JW-2022-Anarchist-Brass-Collective-c-JM-Koch.jpg?fit=1200%2C900&ssl=1&resize=350%2C200","width":350,"height":200,"srcset":"https:\/\/i0.wp.com\/www.jazzzeitung.de\/cms\/wp-content\/uploads\/2022\/07\/JW-2022-Anarchist-Brass-Collective-c-JM-Koch.jpg?fit=1200%2C900&ssl=1&resize=350%2C200 1x, https:\/\/i0.wp.com\/www.jazzzeitung.de\/cms\/wp-content\/uploads\/2022\/07\/JW-2022-Anarchist-Brass-Collective-c-JM-Koch.jpg?fit=1200%2C900&ssl=1&resize=525%2C300 1.5x, https:\/\/i0.wp.com\/www.jazzzeitung.de\/cms\/wp-content\/uploads\/2022\/07\/JW-2022-Anarchist-Brass-Collective-c-JM-Koch.jpg?fit=1200%2C900&ssl=1&resize=700%2C400 2x, https:\/\/i0.wp.com\/www.jazzzeitung.de\/cms\/wp-content\/uploads\/2022\/07\/JW-2022-Anarchist-Brass-Collective-c-JM-Koch.jpg?fit=1200%2C900&ssl=1&resize=1050%2C600 3x"},"classes":[]},{"id":27812,"url":"https:\/\/www.jazzzeitung.de\/cms\/2022\/07\/das-41-jazzweekend-regensburg-ist-gestartet-ukrainische-lieder-und-neo-scat-aus-muenchen\/","url_meta":{"origin":26185,"position":3},"title":"Das 41. Jazzweekend Regensburg ist gestartet: Ukrainische Lieder und Neo-Scat aus M\u00fcnchen","author":"Redaktion JazzZeitung","date":"15. Juli 2022","format":false,"excerpt":"Rund 100 nationale sowie internationale Bands, Kombos und Einzelk\u00fcnstlerinnen und -k\u00fcnstler sind der Einladung nach Regensburg gefolgt und bespielen von heute Abend bis Sonntag 17 B\u00fchnen und Schaupl\u00e4tze auf die ganze Innenstadt verteilt. Heute um 18:00 er\u00f6ffnet die Regensburger Oberb\u00fcrgermeisterin Gertrud Maltz-Schwarzfischer das 41. Bayerische Jazzweekend am Regensburger Platz der\u2026","rel":"","context":"In &quot;Bericht&quot;","block_context":{"text":"Bericht","link":"https:\/\/www.jazzzeitung.de\/cms\/thema\/bericht\/"},"img":{"alt_text":"","src":"https:\/\/i0.wp.com\/www.jazzzeitung.de\/cms\/wp-content\/uploads\/2022\/07\/20220714_193718-scaled.jpg?fit=1200%2C900&ssl=1&resize=350%2C200","width":350,"height":200,"srcset":"https:\/\/i0.wp.com\/www.jazzzeitung.de\/cms\/wp-content\/uploads\/2022\/07\/20220714_193718-scaled.jpg?fit=1200%2C900&ssl=1&resize=350%2C200 1x, https:\/\/i0.wp.com\/www.jazzzeitung.de\/cms\/wp-content\/uploads\/2022\/07\/20220714_193718-scaled.jpg?fit=1200%2C900&ssl=1&resize=525%2C300 1.5x, https:\/\/i0.wp.com\/www.jazzzeitung.de\/cms\/wp-content\/uploads\/2022\/07\/20220714_193718-scaled.jpg?fit=1200%2C900&ssl=1&resize=700%2C400 2x, https:\/\/i0.wp.com\/www.jazzzeitung.de\/cms\/wp-content\/uploads\/2022\/07\/20220714_193718-scaled.jpg?fit=1200%2C900&ssl=1&resize=1050%2C600 3x"},"classes":[]},{"id":29554,"url":"https:\/\/www.jazzzeitung.de\/cms\/2023\/06\/regensburg-praesentiert-das-programm-fuer-das-42-bayerische-jazzweekend\/","url_meta":{"origin":26185,"position":4},"title":"Regensburg pr\u00e4sentiert das Programm f\u00fcr das 42. Bayerische Jazzweekend","author":"Redaktion JazzZeitung","date":"9. Juni 2023","format":false,"excerpt":"Das Programm des Jazzweekends 2023 steht fest. Vom 13. bis 16. Juli werden 105 kostenfreie Konzerte von 101 Bands, Combos und Einzelk\u00fcnstlerinnen und -k\u00fcnstlern \u00fcber die B\u00fchnen der Stadt gehen. Das Konzept gibt es seit 42 Jahren, dem seit 2022 wirkenden neuen k\u00fcnstlerischen Leiter, Christian Sommerer, gelingt es wie versprochen,\u2026","rel":"","context":"In &quot;Bericht&quot;","block_context":{"text":"Bericht","link":"https:\/\/www.jazzzeitung.de\/cms\/thema\/bericht\/"},"img":{"alt_text":"","src":"https:\/\/i0.wp.com\/www.jazzzeitung.de\/cms\/wp-content\/uploads\/2023\/06\/Monika-Roscher-Big-Band_Lukas-Diller-scaled.jpg?fit=1200%2C794&ssl=1&resize=350%2C200","width":350,"height":200,"srcset":"https:\/\/i0.wp.com\/www.jazzzeitung.de\/cms\/wp-content\/uploads\/2023\/06\/Monika-Roscher-Big-Band_Lukas-Diller-scaled.jpg?fit=1200%2C794&ssl=1&resize=350%2C200 1x, https:\/\/i0.wp.com\/www.jazzzeitung.de\/cms\/wp-content\/uploads\/2023\/06\/Monika-Roscher-Big-Band_Lukas-Diller-scaled.jpg?fit=1200%2C794&ssl=1&resize=525%2C300 1.5x, https:\/\/i0.wp.com\/www.jazzzeitung.de\/cms\/wp-content\/uploads\/2023\/06\/Monika-Roscher-Big-Band_Lukas-Diller-scaled.jpg?fit=1200%2C794&ssl=1&resize=700%2C400 2x, https:\/\/i0.wp.com\/www.jazzzeitung.de\/cms\/wp-content\/uploads\/2023\/06\/Monika-Roscher-Big-Band_Lukas-Diller-scaled.jpg?fit=1200%2C794&ssl=1&resize=1050%2C600 3x"},"classes":[]},{"id":10237,"url":"https:\/\/www.jazzzeitung.de\/cms\/2016\/10\/kartenverlosung-lag-festival-regensburg\/","url_meta":{"origin":26185,"position":5},"title":"Kartenverlosung Leo Betzl Trio Landesjazzfestival Regensburg","author":"Redaktion JazzZeitung","date":"5. Oktober 2016","format":false,"excerpt":"In Kooperation der LAG Jazz in Bayern e.V. und dem Jazzclub Regensburg e.V findet vom 21. bis 23. Oktober das 1. Bayrische Landesjazzfestival in Regensburg statt. Mit dem 1. Bayerischen Landesjazzfestival bekommt die kreative und vielf\u00e4ltige Jazzszene Bayerns im Herbst dieses Jahres erstmals eine eigene Plattform. Neben dem Bayerischen Jazzweekend,\u2026","rel":"","context":"In &quot;News&quot;","block_context":{"text":"News","link":"https:\/\/www.jazzzeitung.de\/cms\/thema\/nachrichten\/"},"img":{"alt_text":"lbt-2","src":"https:\/\/i0.wp.com\/www.jazzzeitung.de\/cms\/wp-content\/uploads\/2016\/10\/LBT-2-150x150.jpg?resize=350%2C200","width":350,"height":200},"classes":[]}],"jetpack_sharing_enabled":true,"_links":{"self":[{"href":"https:\/\/www.jazzzeitung.de\/cms\/wp-json\/wp\/v2\/posts\/26185","targetHints":{"allow":["GET"]}}],"collection":[{"href":"https:\/\/www.jazzzeitung.de\/cms\/wp-json\/wp\/v2\/posts"}],"about":[{"href":"https:\/\/www.jazzzeitung.de\/cms\/wp-json\/wp\/v2\/types\/post"}],"author":[{"embeddable":true,"href":"https:\/\/www.jazzzeitung.de\/cms\/wp-json\/wp\/v2\/users\/18"}],"replies":[{"embeddable":true,"href":"https:\/\/www.jazzzeitung.de\/cms\/wp-json\/wp\/v2\/comments?post=26185"}],"version-history":[{"count":8,"href":"https:\/\/www.jazzzeitung.de\/cms\/wp-json\/wp\/v2\/posts\/26185\/revisions"}],"predecessor-version":[{"id":26194,"href":"https:\/\/www.jazzzeitung.de\/cms\/wp-json\/wp\/v2\/posts\/26185\/revisions\/26194"}],"wp:featuredmedia":[{"embeddable":true,"href":"https:\/\/www.jazzzeitung.de\/cms\/wp-json\/wp\/v2\/media\/26187"}],"wp:attachment":[{"href":"https:\/\/www.jazzzeitung.de\/cms\/wp-json\/wp\/v2\/media?parent=26185"}],"wp:term":[{"taxonomy":"category","embeddable":true,"href":"https:\/\/www.jazzzeitung.de\/cms\/wp-json\/wp\/v2\/categories?post=26185"},{"taxonomy":"post_tag","embeddable":true,"href":"https:\/\/www.jazzzeitung.de\/cms\/wp-json\/wp\/v2\/tags?post=26185"},{"taxonomy":"author","embeddable":true,"href":"https:\/\/www.jazzzeitung.de\/cms\/wp-json\/wp\/v2\/coauthors?post=26185"}],"curies":[{"name":"wp","href":"https:\/\/api.w.org\/{rel}","templated":true}]}}