{"id":26161,"date":"2021-11-17T16:45:56","date_gmt":"2021-11-17T15:45:56","guid":{"rendered":"https:\/\/www.jazzzeitung.de\/cms\/?p=26161"},"modified":"2021-11-17T15:56:24","modified_gmt":"2021-11-17T14:56:24","slug":"preistraegerkonzert-des-9-jungen-muenchner-jazzpreises-im-club-unterfahrt","status":"publish","type":"post","link":"https:\/\/www.jazzzeitung.de\/cms\/2021\/11\/preistraegerkonzert-des-9-jungen-muenchner-jazzpreises-im-club-unterfahrt\/","title":{"rendered":"Preistr\u00e4gerkonzert des 9. Jungen M\u00fcnchner Jazzpreises im Club Unterfahrt"},"content":{"rendered":"<p>Der Junge M\u00fcnchner Jazzpreis hat auch ein bisschen Gl\u00fcck gehabt. Als im vergangenen Jahr zum Beispiel viele Veranstaltungen abgesagt werden mussten, lag er so g\u00fcnstig zwischen den pandemischen Verschlussphasen, dass er sogar live vor Publikum durchgef\u00fchrt werden konnte. Die Kontinuit\u00e4t blieb gewahrt. \u201eIch kann es kaum glauben,\u201c meint Andreas Heuck, \u201eaber wir gehen in unser zehntes Jahr!\u201c Selbst ein begeisterter Musikh\u00f6rer, geh\u00f6rt er zu den Gr\u00fcndungsmitgliedern des Vereins mucjazz, der als private Initiative unter anderem ins Leben gerufen worden war, um eine L\u00fccke zu schlie\u00dfen. Denn Jazz wurde zwar von der Landeshauptstadt gef\u00f6rdert, aber unsystematisch und vor allem in Form von Stipendien oder Musikpreisen. Abgesehen vom BMW Welt Jazz Award gab es keine \u00fcberregional wahrgenommene Auszeichnung.<\/p>\n<p>Das \u00e4nderte sich durch die Beharrlichkeit von mucjazz und einiger Unterst\u00fctzer, so dass die Situation inzwischen vergleichsweise komfortabel ist. Die Stadt freut sich und ihr Oberb\u00fcrgermeister Dieter Reiter hat die Schirmherrschaft \u00fcbernommen. Neben den Vereinsmitgliedern und Spendern geh\u00f6ren Institutionen wie die Kulturstiftung der Versicherungskammer zu den F\u00f6rderern. Der Bayerische Rundfunk ist mit \u00dc-Wagen und BR Klassik im Boot, der Jazzclub Unterfahrt steht als Austragungsort des Konzertfinales und als Streaming-Host zur Verf\u00fcgung. Eine kompetente Jury mit Journalist:innen wie Laura W\u00e4chter, Oliver Hochkeppel und Musikern wie Michael Wollny und Nils W\u00fclker sichtet die anonymisierten Bewerbungen, in diesem Jahr immerhin 33 Einsendungen aus ganz Deutschland. Und die Musiker:innen stehen mit einem Leuchten im Gesicht auf der B\u00fchne, wenn sie es unter die ersten drei geschafft haben, die vor Publikum um den Jungen M\u00fcnchner Jazzpreis antreten.<\/p>\n<div class=\"tiled-gallery type-rectangular tiled-gallery-unresized\" data-original-width=\"840\" data-carousel-extra='{&quot;blog_id&quot;:1,&quot;permalink&quot;:&quot;https:\\\/\\\/www.jazzzeitung.de\\\/cms\\\/2021\\\/11\\\/preistraegerkonzert-des-9-jungen-muenchner-jazzpreises-im-club-unterfahrt\\\/&quot;,&quot;likes_blog_id&quot;:55446655}' itemscope itemtype=\"http:\/\/schema.org\/ImageGallery\" > <div class=\"gallery-row\" style=\"width: 840px; height: 401px;\" data-original-width=\"840\" data-original-height=\"401\" > <div class=\"gallery-group images-1\" style=\"width: 600px; height: 401px;\" data-original-width=\"600\" data-original-height=\"401\" > <div class=\"tiled-gallery-item tiled-gallery-item-large\" itemprop=\"associatedMedia\" itemscope itemtype=\"http:\/\/schema.org\/ImageObject\"> <a href=\"https:\/\/www.jazzzeitung.de\/cms\/2021\/11\/preistraegerkonzert-des-9-jungen-muenchner-jazzpreises-im-club-unterfahrt\/dsc07476\/\" border=\"0\" itemprop=\"url\"> <meta itemprop=\"width\" content=\"596\"> <meta itemprop=\"height\" content=\"397\"> <img decoding=\"async\" class=\"\" data-attachment-id=\"26170\" data-orig-file=\"https:\/\/www.jazzzeitung.de\/cms\/wp-content\/uploads\/2021\/11\/DSC07476.jpg\" data-orig-size=\"1280,853\" data-comments-opened=\"1\" data-image-meta=\"{&quot;aperture&quot;:&quot;4&quot;,&quot;credit&quot;:&quot;&quot;,&quot;camera&quot;:&quot;ILCE-7M3&quot;,&quot;caption&quot;:&quot;Karoline Weidt (voc), Mikolaj Suchanek (p), Loreen Sima (b), Valentin Steinle (dr), Junger M\\u00fcnchner Jazzpreis, Jazzclub Unterfahrt, Foto (c) Ralf Dombrowski&quot;,&quot;created_timestamp&quot;:&quot;1636753394&quot;,&quot;copyright&quot;:&quot;&quot;,&quot;focal_length&quot;:&quot;40&quot;,&quot;iso&quot;:&quot;3200&quot;,&quot;shutter_speed&quot;:&quot;0.005&quot;,&quot;title&quot;:&quot;&quot;,&quot;orientation&quot;:&quot;1&quot;}\" data-image-title=\"\" data-image-description=\"\" data-medium-file=\"https:\/\/i0.wp.com\/www.jazzzeitung.de\/cms\/wp-content\/uploads\/2021\/11\/DSC07476.jpg?fit=300%2C200&#038;ssl=1\" data-large-file=\"https:\/\/i0.wp.com\/www.jazzzeitung.de\/cms\/wp-content\/uploads\/2021\/11\/DSC07476.jpg?fit=840%2C560&#038;ssl=1\" src=\"https:\/\/i0.wp.com\/www.jazzzeitung.de\/cms\/wp-content\/uploads\/2021\/11\/DSC07476.jpg?w=596&#038;h=397&#038;ssl=1\" srcset=\"https:\/\/i0.wp.com\/www.jazzzeitung.de\/cms\/wp-content\/uploads\/2021\/11\/DSC07476.jpg?w=1280&amp;ssl=1 1280w, https:\/\/i0.wp.com\/www.jazzzeitung.de\/cms\/wp-content\/uploads\/2021\/11\/DSC07476.jpg?resize=300%2C200&amp;ssl=1 300w, https:\/\/i0.wp.com\/www.jazzzeitung.de\/cms\/wp-content\/uploads\/2021\/11\/DSC07476.jpg?resize=900%2C600&amp;ssl=1 900w, https:\/\/i0.wp.com\/www.jazzzeitung.de\/cms\/wp-content\/uploads\/2021\/11\/DSC07476.jpg?resize=768%2C512&amp;ssl=1 768w, https:\/\/i0.wp.com\/www.jazzzeitung.de\/cms\/wp-content\/uploads\/2021\/11\/DSC07476.jpg?resize=120%2C80&amp;ssl=1 120w\" width=\"596\" height=\"397\" loading=\"lazy\" data-original-width=\"596\" data-original-height=\"397\" itemprop=\"http:\/\/schema.org\/image\" title=\"\" alt=\"Karoline Weidt (voc), Mikolaj Suchanek (p), Loreen Sima (b), Valentin Steinle (dr), Foto (c) Ralf Dombrowski\" style=\"width: 596px; height: 397px;\" \/> <\/a> <div class=\"tiled-gallery-caption\" itemprop=\"caption description\"> Karoline Weidt (voc), Mikolaj Suchanek (p), Loreen Sima (b), Valentin Steinle (dr), Foto (c) Ralf Dombrowski <\/div> <\/div> <\/div> <!-- close group --> <div class=\"gallery-group images-2\" style=\"width: 240px; height: 401px;\" data-original-width=\"240\" data-original-height=\"401\" > <div class=\"tiled-gallery-item tiled-gallery-item-small\" itemprop=\"associatedMedia\" itemscope itemtype=\"http:\/\/schema.org\/ImageObject\"> <a href=\"https:\/\/www.jazzzeitung.de\/cms\/2021\/11\/preistraegerkonzert-des-9-jungen-muenchner-jazzpreises-im-club-unterfahrt\/dsc07537\/\" border=\"0\" itemprop=\"url\"> <meta itemprop=\"width\" content=\"236\"> <meta itemprop=\"height\" content=\"157\"> <img decoding=\"async\" class=\"\" data-attachment-id=\"26169\" data-orig-file=\"https:\/\/www.jazzzeitung.de\/cms\/wp-content\/uploads\/2021\/11\/DSC07537.jpg\" data-orig-size=\"1280,853\" data-comments-opened=\"1\" data-image-meta=\"{&quot;aperture&quot;:&quot;5.6&quot;,&quot;credit&quot;:&quot;&quot;,&quot;camera&quot;:&quot;ILCE-7M3&quot;,&quot;caption&quot;:&quot;Lukas Langguth (p), Hannes Stegmeier (b), Jonas Sorgenfrei (dr), Junger M\\u00fcnchner Jazzpreis, Jazzclub Unterfahrt, Foto (c) Ralf Dombrowski&quot;,&quot;created_timestamp&quot;:&quot;1636755416&quot;,&quot;copyright&quot;:&quot;&quot;,&quot;focal_length&quot;:&quot;165&quot;,&quot;iso&quot;:&quot;3200&quot;,&quot;shutter_speed&quot;:&quot;0.005&quot;,&quot;title&quot;:&quot;&quot;,&quot;orientation&quot;:&quot;1&quot;}\" data-image-title=\"\" data-image-description=\"\" data-medium-file=\"https:\/\/i0.wp.com\/www.jazzzeitung.de\/cms\/wp-content\/uploads\/2021\/11\/DSC07537.jpg?fit=300%2C200&#038;ssl=1\" data-large-file=\"https:\/\/i0.wp.com\/www.jazzzeitung.de\/cms\/wp-content\/uploads\/2021\/11\/DSC07537.jpg?fit=840%2C560&#038;ssl=1\" src=\"https:\/\/i0.wp.com\/www.jazzzeitung.de\/cms\/wp-content\/uploads\/2021\/11\/DSC07537.jpg?w=236&#038;h=157&#038;ssl=1\" srcset=\"https:\/\/i0.wp.com\/www.jazzzeitung.de\/cms\/wp-content\/uploads\/2021\/11\/DSC07537.jpg?w=1280&amp;ssl=1 1280w, https:\/\/i0.wp.com\/www.jazzzeitung.de\/cms\/wp-content\/uploads\/2021\/11\/DSC07537.jpg?resize=300%2C200&amp;ssl=1 300w, https:\/\/i0.wp.com\/www.jazzzeitung.de\/cms\/wp-content\/uploads\/2021\/11\/DSC07537.jpg?resize=900%2C600&amp;ssl=1 900w, https:\/\/i0.wp.com\/www.jazzzeitung.de\/cms\/wp-content\/uploads\/2021\/11\/DSC07537.jpg?resize=768%2C512&amp;ssl=1 768w, https:\/\/i0.wp.com\/www.jazzzeitung.de\/cms\/wp-content\/uploads\/2021\/11\/DSC07537.jpg?resize=120%2C80&amp;ssl=1 120w\" width=\"236\" height=\"157\" loading=\"lazy\" data-original-width=\"236\" data-original-height=\"157\" itemprop=\"http:\/\/schema.org\/image\" title=\"\" alt=\"Jonas Sorgenfrei (dr), Foto (c) Ralf Dombrowski\" style=\"width: 236px; height: 157px;\" \/> <\/a> <div class=\"tiled-gallery-caption\" itemprop=\"caption description\"> Jonas Sorgenfrei (dr), Foto (c) Ralf Dombrowski <\/div> <\/div> <div class=\"tiled-gallery-item tiled-gallery-item-small\" itemprop=\"associatedMedia\" itemscope itemtype=\"http:\/\/schema.org\/ImageObject\"> <a href=\"https:\/\/www.jazzzeitung.de\/cms\/2021\/11\/preistraegerkonzert-des-9-jungen-muenchner-jazzpreises-im-club-unterfahrt\/dsc07526\/\" border=\"0\" itemprop=\"url\"> <meta itemprop=\"width\" content=\"236\"> <meta itemprop=\"height\" content=\"236\"> <img decoding=\"async\" class=\"\" data-attachment-id=\"26168\" data-orig-file=\"https:\/\/www.jazzzeitung.de\/cms\/wp-content\/uploads\/2021\/11\/DSC07526.jpg\" data-orig-size=\"1280,1280\" data-comments-opened=\"1\" data-image-meta=\"{&quot;aperture&quot;:&quot;3.5&quot;,&quot;credit&quot;:&quot;&quot;,&quot;camera&quot;:&quot;ILCE-7M3&quot;,&quot;caption&quot;:&quot;Lukas Langguth (p), Hannes Stegmeier (b), Jonas Sorgenfrei (dr), Junger M\\u00fcnchner Jazzpreis, Jazzclub Unterfahrt, Foto (c) Ralf Dombrowski&quot;,&quot;created_timestamp&quot;:&quot;1636755304&quot;,&quot;copyright&quot;:&quot;&quot;,&quot;focal_length&quot;:&quot;28&quot;,&quot;iso&quot;:&quot;3200&quot;,&quot;shutter_speed&quot;:&quot;0.005&quot;,&quot;title&quot;:&quot;&quot;,&quot;orientation&quot;:&quot;1&quot;}\" data-image-title=\"\" data-image-description=\"\" data-medium-file=\"https:\/\/i0.wp.com\/www.jazzzeitung.de\/cms\/wp-content\/uploads\/2021\/11\/DSC07526.jpg?fit=300%2C300&#038;ssl=1\" data-large-file=\"https:\/\/i0.wp.com\/www.jazzzeitung.de\/cms\/wp-content\/uploads\/2021\/11\/DSC07526.jpg?fit=600%2C600&#038;ssl=1\" src=\"https:\/\/i0.wp.com\/www.jazzzeitung.de\/cms\/wp-content\/uploads\/2021\/11\/DSC07526.jpg?w=236&#038;h=236&#038;crop=1&#038;ssl=1\" srcset=\"https:\/\/i0.wp.com\/www.jazzzeitung.de\/cms\/wp-content\/uploads\/2021\/11\/DSC07526.jpg?w=1280&amp;ssl=1 1280w, https:\/\/i0.wp.com\/www.jazzzeitung.de\/cms\/wp-content\/uploads\/2021\/11\/DSC07526.jpg?resize=300%2C300&amp;ssl=1 300w, https:\/\/i0.wp.com\/www.jazzzeitung.de\/cms\/wp-content\/uploads\/2021\/11\/DSC07526.jpg?resize=600%2C600&amp;ssl=1 600w, https:\/\/i0.wp.com\/www.jazzzeitung.de\/cms\/wp-content\/uploads\/2021\/11\/DSC07526.jpg?resize=150%2C150&amp;ssl=1 150w, https:\/\/i0.wp.com\/www.jazzzeitung.de\/cms\/wp-content\/uploads\/2021\/11\/DSC07526.jpg?resize=768%2C768&amp;ssl=1 768w\" width=\"236\" height=\"236\" loading=\"lazy\" data-original-width=\"236\" data-original-height=\"236\" itemprop=\"http:\/\/schema.org\/image\" title=\"\" alt=\"Lukas Langguth (p), Hannes Stegmeier (b), Jonas Sorgenfrei (dr), Foto (c) Ralf Dombrowski\" style=\"width: 236px; height: 236px;\" \/> <\/a> <div class=\"tiled-gallery-caption\" itemprop=\"caption description\"> Lukas Langguth (p), Hannes Stegmeier (b), Jonas Sorgenfrei (dr), Foto (c) Ralf Dombrowski <\/div> <\/div> <\/div> <!-- close group --> <\/div> <!-- close row --> <div class=\"gallery-row\" style=\"width: 840px; height: 141px;\" data-original-width=\"840\" data-original-height=\"141\" > <div class=\"gallery-group images-1\" style=\"width: 210px; height: 141px;\" data-original-width=\"210\" data-original-height=\"141\" > <div class=\"tiled-gallery-item tiled-gallery-item-small\" itemprop=\"associatedMedia\" itemscope itemtype=\"http:\/\/schema.org\/ImageObject\"> <a href=\"https:\/\/www.jazzzeitung.de\/cms\/2021\/11\/preistraegerkonzert-des-9-jungen-muenchner-jazzpreises-im-club-unterfahrt\/dsc07466\/\" border=\"0\" itemprop=\"url\"> <meta itemprop=\"width\" content=\"206\"> <meta itemprop=\"height\" content=\"137\"> <img decoding=\"async\" class=\"\" data-attachment-id=\"26167\" data-orig-file=\"https:\/\/www.jazzzeitung.de\/cms\/wp-content\/uploads\/2021\/11\/DSC07466.jpg\" data-orig-size=\"1280,853\" data-comments-opened=\"1\" data-image-meta=\"{&quot;aperture&quot;:&quot;5&quot;,&quot;credit&quot;:&quot;&quot;,&quot;camera&quot;:&quot;ILCE-7M3&quot;,&quot;caption&quot;:&quot;Karoline Weidt (voc), Mikolaj Suchanek (p), Loreen Sima (b), Valentin Steinle (dr), Junger M\\u00fcnchner Jazzpreis, Jazzclub Unterfahrt, Foto (c) Ralf Dombrowski&quot;,&quot;created_timestamp&quot;:&quot;1636753175&quot;,&quot;copyright&quot;:&quot;&quot;,&quot;focal_length&quot;:&quot;93&quot;,&quot;iso&quot;:&quot;3200&quot;,&quot;shutter_speed&quot;:&quot;0.005&quot;,&quot;title&quot;:&quot;&quot;,&quot;orientation&quot;:&quot;1&quot;}\" data-image-title=\"\" data-image-description=\"\" data-medium-file=\"https:\/\/i0.wp.com\/www.jazzzeitung.de\/cms\/wp-content\/uploads\/2021\/11\/DSC07466.jpg?fit=300%2C200&#038;ssl=1\" data-large-file=\"https:\/\/i0.wp.com\/www.jazzzeitung.de\/cms\/wp-content\/uploads\/2021\/11\/DSC07466.jpg?fit=840%2C560&#038;ssl=1\" src=\"https:\/\/i0.wp.com\/www.jazzzeitung.de\/cms\/wp-content\/uploads\/2021\/11\/DSC07466.jpg?w=206&#038;h=137&#038;ssl=1\" srcset=\"https:\/\/i0.wp.com\/www.jazzzeitung.de\/cms\/wp-content\/uploads\/2021\/11\/DSC07466.jpg?w=1280&amp;ssl=1 1280w, https:\/\/i0.wp.com\/www.jazzzeitung.de\/cms\/wp-content\/uploads\/2021\/11\/DSC07466.jpg?resize=300%2C200&amp;ssl=1 300w, https:\/\/i0.wp.com\/www.jazzzeitung.de\/cms\/wp-content\/uploads\/2021\/11\/DSC07466.jpg?resize=900%2C600&amp;ssl=1 900w, https:\/\/i0.wp.com\/www.jazzzeitung.de\/cms\/wp-content\/uploads\/2021\/11\/DSC07466.jpg?resize=768%2C512&amp;ssl=1 768w, https:\/\/i0.wp.com\/www.jazzzeitung.de\/cms\/wp-content\/uploads\/2021\/11\/DSC07466.jpg?resize=120%2C80&amp;ssl=1 120w\" width=\"206\" height=\"137\" loading=\"lazy\" data-original-width=\"206\" data-original-height=\"137\" itemprop=\"http:\/\/schema.org\/image\" title=\"\" alt=\"Karoline Weidt (voc), Foto: Ralf Dombrowski\" style=\"width: 206px; height: 137px;\" \/> <\/a> <div class=\"tiled-gallery-caption\" itemprop=\"caption description\"> Karoline Weidt (voc), Foto: Ralf Dombrowski <\/div> <\/div> <\/div> <!-- close group --> <div class=\"gallery-group images-1\" style=\"width: 210px; height: 141px;\" data-original-width=\"210\" data-original-height=\"141\" > <div class=\"tiled-gallery-item tiled-gallery-item-small\" itemprop=\"associatedMedia\" itemscope itemtype=\"http:\/\/schema.org\/ImageObject\"> <a href=\"https:\/\/www.jazzzeitung.de\/cms\/2021\/11\/preistraegerkonzert-des-9-jungen-muenchner-jazzpreises-im-club-unterfahrt\/dsc07359\/\" border=\"0\" itemprop=\"url\"> <meta itemprop=\"width\" content=\"206\"> <meta itemprop=\"height\" content=\"137\"> <img decoding=\"async\" class=\"\" data-attachment-id=\"26165\" data-orig-file=\"https:\/\/www.jazzzeitung.de\/cms\/wp-content\/uploads\/2021\/11\/DSC07359.jpg\" data-orig-size=\"1280,853\" data-comments-opened=\"1\" data-image-meta=\"{&quot;aperture&quot;:&quot;5.6&quot;,&quot;credit&quot;:&quot;&quot;,&quot;camera&quot;:&quot;ILCE-7M3&quot;,&quot;caption&quot;:&quot;Karoline Weidt (voc), Mikolaj Suchanek (p), Loreen Sima (b), Valentin Steinle (dr), Junger M\\u00fcnchner Jazzpreis, Jazzclub Unterfahrt, Foto (c) Ralf Dombrowski&quot;,&quot;created_timestamp&quot;:&quot;1636752234&quot;,&quot;copyright&quot;:&quot;&quot;,&quot;focal_length&quot;:&quot;185&quot;,&quot;iso&quot;:&quot;3200&quot;,&quot;shutter_speed&quot;:&quot;0.005&quot;,&quot;title&quot;:&quot;&quot;,&quot;orientation&quot;:&quot;1&quot;}\" data-image-title=\"\" data-image-description=\"\" data-medium-file=\"https:\/\/i0.wp.com\/www.jazzzeitung.de\/cms\/wp-content\/uploads\/2021\/11\/DSC07359.jpg?fit=300%2C200&#038;ssl=1\" data-large-file=\"https:\/\/i0.wp.com\/www.jazzzeitung.de\/cms\/wp-content\/uploads\/2021\/11\/DSC07359.jpg?fit=840%2C560&#038;ssl=1\" src=\"https:\/\/i0.wp.com\/www.jazzzeitung.de\/cms\/wp-content\/uploads\/2021\/11\/DSC07359.jpg?w=206&#038;h=137&#038;ssl=1\" srcset=\"https:\/\/i0.wp.com\/www.jazzzeitung.de\/cms\/wp-content\/uploads\/2021\/11\/DSC07359.jpg?w=1280&amp;ssl=1 1280w, https:\/\/i0.wp.com\/www.jazzzeitung.de\/cms\/wp-content\/uploads\/2021\/11\/DSC07359.jpg?resize=300%2C200&amp;ssl=1 300w, https:\/\/i0.wp.com\/www.jazzzeitung.de\/cms\/wp-content\/uploads\/2021\/11\/DSC07359.jpg?resize=900%2C600&amp;ssl=1 900w, https:\/\/i0.wp.com\/www.jazzzeitung.de\/cms\/wp-content\/uploads\/2021\/11\/DSC07359.jpg?resize=768%2C512&amp;ssl=1 768w, https:\/\/i0.wp.com\/www.jazzzeitung.de\/cms\/wp-content\/uploads\/2021\/11\/DSC07359.jpg?resize=120%2C80&amp;ssl=1 120w\" width=\"206\" height=\"137\" loading=\"lazy\" data-original-width=\"206\" data-original-height=\"137\" itemprop=\"http:\/\/schema.org\/image\" title=\"\" alt=\"Loreen Sima (b), Foto (c) Ralf Dombrowski\" style=\"width: 206px; height: 137px;\" \/> <\/a> <div class=\"tiled-gallery-caption\" itemprop=\"caption description\"> Loreen Sima (b), Foto (c) Ralf Dombrowski <\/div> <\/div> <\/div> <!-- close group --> <div class=\"gallery-group images-1\" style=\"width: 210px; height: 141px;\" data-original-width=\"210\" data-original-height=\"141\" > <div class=\"tiled-gallery-item tiled-gallery-item-small\" itemprop=\"associatedMedia\" itemscope itemtype=\"http:\/\/schema.org\/ImageObject\"> <a href=\"https:\/\/www.jazzzeitung.de\/cms\/2021\/11\/preistraegerkonzert-des-9-jungen-muenchner-jazzpreises-im-club-unterfahrt\/dsc07281\/\" border=\"0\" itemprop=\"url\"> <meta itemprop=\"width\" content=\"206\"> <meta itemprop=\"height\" content=\"137\"> <img decoding=\"async\" class=\"\" data-attachment-id=\"26164\" data-orig-file=\"https:\/\/www.jazzzeitung.de\/cms\/wp-content\/uploads\/2021\/11\/DSC07281.jpg\" data-orig-size=\"1280,853\" data-comments-opened=\"1\" data-image-meta=\"{&quot;aperture&quot;:&quot;5.6&quot;,&quot;credit&quot;:&quot;&quot;,&quot;camera&quot;:&quot;ILCE-7M3&quot;,&quot;caption&quot;:&quot;Luca Zambito (p), Moritz Stahl (sax), Nils Kugelmann (b), Valentin Renner (dr), Junger M\\u00fcnchner Jazzpreis, Jazzclub Unterfahrt, Foto (c) Ralf Dombrowski&quot;,&quot;created_timestamp&quot;:&quot;1636749680&quot;,&quot;copyright&quot;:&quot;&quot;,&quot;focal_length&quot;:&quot;163&quot;,&quot;iso&quot;:&quot;3200&quot;,&quot;shutter_speed&quot;:&quot;0.005&quot;,&quot;title&quot;:&quot;&quot;,&quot;orientation&quot;:&quot;1&quot;}\" data-image-title=\"\" data-image-description=\"\" data-medium-file=\"https:\/\/i0.wp.com\/www.jazzzeitung.de\/cms\/wp-content\/uploads\/2021\/11\/DSC07281.jpg?fit=300%2C200&#038;ssl=1\" data-large-file=\"https:\/\/i0.wp.com\/www.jazzzeitung.de\/cms\/wp-content\/uploads\/2021\/11\/DSC07281.jpg?fit=840%2C560&#038;ssl=1\" src=\"https:\/\/i0.wp.com\/www.jazzzeitung.de\/cms\/wp-content\/uploads\/2021\/11\/DSC07281.jpg?w=206&#038;h=137&#038;ssl=1\" srcset=\"https:\/\/i0.wp.com\/www.jazzzeitung.de\/cms\/wp-content\/uploads\/2021\/11\/DSC07281.jpg?w=1280&amp;ssl=1 1280w, https:\/\/i0.wp.com\/www.jazzzeitung.de\/cms\/wp-content\/uploads\/2021\/11\/DSC07281.jpg?resize=300%2C200&amp;ssl=1 300w, https:\/\/i0.wp.com\/www.jazzzeitung.de\/cms\/wp-content\/uploads\/2021\/11\/DSC07281.jpg?resize=900%2C600&amp;ssl=1 900w, https:\/\/i0.wp.com\/www.jazzzeitung.de\/cms\/wp-content\/uploads\/2021\/11\/DSC07281.jpg?resize=768%2C512&amp;ssl=1 768w, https:\/\/i0.wp.com\/www.jazzzeitung.de\/cms\/wp-content\/uploads\/2021\/11\/DSC07281.jpg?resize=120%2C80&amp;ssl=1 120w\" width=\"206\" height=\"137\" loading=\"lazy\" data-original-width=\"206\" data-original-height=\"137\" itemprop=\"http:\/\/schema.org\/image\" title=\"\" alt=\"Luca Zambito (p), Foto: Ralf Dombrowski\" style=\"width: 206px; height: 137px;\" \/> <\/a> <div class=\"tiled-gallery-caption\" itemprop=\"caption description\"> Luca Zambito (p), Foto: Ralf Dombrowski <\/div> <\/div> <\/div> <!-- close group --> <div class=\"gallery-group images-1\" style=\"width: 210px; height: 141px;\" data-original-width=\"210\" data-original-height=\"141\" > <div class=\"tiled-gallery-item tiled-gallery-item-small\" itemprop=\"associatedMedia\" itemscope itemtype=\"http:\/\/schema.org\/ImageObject\"> <a href=\"https:\/\/www.jazzzeitung.de\/cms\/2021\/11\/preistraegerkonzert-des-9-jungen-muenchner-jazzpreises-im-club-unterfahrt\/dsc07198\/\" border=\"0\" itemprop=\"url\"> <meta itemprop=\"width\" content=\"206\"> <meta itemprop=\"height\" content=\"137\"> <img decoding=\"async\" class=\"\" data-attachment-id=\"26163\" data-orig-file=\"https:\/\/www.jazzzeitung.de\/cms\/wp-content\/uploads\/2021\/11\/DSC07198.jpg\" data-orig-size=\"1280,853\" data-comments-opened=\"1\" data-image-meta=\"{&quot;aperture&quot;:&quot;3.5&quot;,&quot;credit&quot;:&quot;&quot;,&quot;camera&quot;:&quot;ILCE-7M3&quot;,&quot;caption&quot;:&quot;Luca Zambito (p), Moritz Stahl (sax), Nils Kugelmann (b), Valentin Renner (dr), Junger M\\u00fcnchner Jazzpreis, Jazzclub Unterfahrt, Foto (c) Ralf Dombrowski&quot;,&quot;created_timestamp&quot;:&quot;1636748768&quot;,&quot;copyright&quot;:&quot;&quot;,&quot;focal_length&quot;:&quot;28&quot;,&quot;iso&quot;:&quot;2500&quot;,&quot;shutter_speed&quot;:&quot;0.005&quot;,&quot;title&quot;:&quot;&quot;,&quot;orientation&quot;:&quot;1&quot;}\" data-image-title=\"\" data-image-description=\"\" data-medium-file=\"https:\/\/i0.wp.com\/www.jazzzeitung.de\/cms\/wp-content\/uploads\/2021\/11\/DSC07198.jpg?fit=300%2C200&#038;ssl=1\" data-large-file=\"https:\/\/i0.wp.com\/www.jazzzeitung.de\/cms\/wp-content\/uploads\/2021\/11\/DSC07198.jpg?fit=840%2C560&#038;ssl=1\" src=\"https:\/\/i0.wp.com\/www.jazzzeitung.de\/cms\/wp-content\/uploads\/2021\/11\/DSC07198.jpg?w=206&#038;h=137&#038;ssl=1\" srcset=\"https:\/\/i0.wp.com\/www.jazzzeitung.de\/cms\/wp-content\/uploads\/2021\/11\/DSC07198.jpg?w=1280&amp;ssl=1 1280w, https:\/\/i0.wp.com\/www.jazzzeitung.de\/cms\/wp-content\/uploads\/2021\/11\/DSC07198.jpg?resize=300%2C200&amp;ssl=1 300w, https:\/\/i0.wp.com\/www.jazzzeitung.de\/cms\/wp-content\/uploads\/2021\/11\/DSC07198.jpg?resize=900%2C600&amp;ssl=1 900w, https:\/\/i0.wp.com\/www.jazzzeitung.de\/cms\/wp-content\/uploads\/2021\/11\/DSC07198.jpg?resize=768%2C512&amp;ssl=1 768w, https:\/\/i0.wp.com\/www.jazzzeitung.de\/cms\/wp-content\/uploads\/2021\/11\/DSC07198.jpg?resize=120%2C80&amp;ssl=1 120w\" width=\"206\" height=\"137\" loading=\"lazy\" data-original-width=\"206\" data-original-height=\"137\" itemprop=\"http:\/\/schema.org\/image\" title=\"\" alt=\"Moritz Stahl (sax), Nils Kugelmann (b), Foto (c) Ralf Dombrowski\" style=\"width: 206px; height: 137px;\" \/> <\/a> <div class=\"tiled-gallery-caption\" itemprop=\"caption description\"> Moritz Stahl (sax), Nils Kugelmann (b), Foto (c) Ralf Dombrowski <\/div> <\/div> <\/div> <!-- close group --> <\/div> <!-- close row --> <\/div>\n<p>Karoline Weidt zum Beispiel hatte w\u00e4hrend der vergangenen Monate bereits die Gelegenheit, als artist in residence der Villa Waldberta sich \u00fcber das \u00fcbliche Ma\u00df hinaus mit Komponieren zu besch\u00e4ftigen. Dem Programm ihrer Dresdner Band kam diese gestalterische Konzentrationsphase zugute, denn das Quartett mit dem Pianisten Mikolaj Suchanek, der Bassistin Loreen Sima und dem Schlagzeuger Valentin Steinle g\u00f6nnte sich ein Set abseits des Gewohnten. Zwar fand auch die jazzende Moderne etwa durch die Adaption eines Wayne-Shorter-St\u00fccks Platz im Repertoire. Die meisten Lieder jedoch waren Songs im Wechselspiel von sanfter, kammermusikalischer Textur und improvisierender Gestaltungsfreude. Weidt selbst lehnte sich zur\u00fcck in den Sound ihrer Band, f\u00fchrte ihn mit klarer, stellenweise dynamischer Emphase an, lie\u00df aber die Gesamtwirkung der Musik als gemeinsame Aussage unber\u00fchrt.<\/p>\n<p>Aus N\u00fcrnberg st\u00fcrmte das Trio des Pianisten Lukas Langguth auf die B\u00fchne, mit wild romantischem Gestus und der Tendenz zur musikalischen \u00dcberf\u00fclle. Sie agierten brillant, der Schlagzeuger Jonas Sorgenfrei mit der F\u00e4higkeit zur simultanen, kommentierenden Abstraktion des Gespielten, ohne dabei etwas dem rhythmischen Netz entschl\u00fcpfen zu lassen. Der Bassist Hannes Stegmeier fungierte in fortw\u00e4hrender Kommunikation nach beiden Seiten als eine Art Anker des Projekts, ebenfalls hervorragend in der Kunst beil\u00e4ufig versierter Strukturierung. Der Pianist Lukas Langguth wiederum war kaum zu bremsen, in sich \u00fcberschlagenden Ansagen ebenso wie in einem \u00fcberbordend ornamentierenden Spiel, dessen pointierte Geschmeidigkeit dann die Jury \u00fcberzeugte, ihm den Solistenpreis des Abends zuzusprechen.<\/p>\n<p>Am \u00fcberzeugendsten schlie\u00dflich jonglierten der Pianist Luca Zambito und sein Quartett mit den Ideen des modernen, aber nicht in experimentelle Beliebigkeit entgleitenden Jazz. Es war eigentlich ein Sprung in die Neunziger, als Bands wie das Quartett von Joshua Redman die Tradition mit konstruktiver Kraft entr\u00fcmpelten, wobei Zambito, der Saxophonist Moritz Stahl, der Bassist Nils Kugelmann und der Schlagzeuger Valentin Renner mit dieser Hommage nicht nostalgisch klangen. Ihre St\u00fccken wirkten sehr pr\u00e4sent, organisch wogend im Bandgef\u00fcge und mit dem Handwerkszeug der Jazzmoderne so vertraut, dass sie nicht mehr dar\u00fcber nachdenken mussten. Das wiederum erm\u00f6glichte einen Flow fortw\u00e4hrend zirkulierender, sich beeinflussender Impulse, vergleichbar einem neuronalen Geflecht reagierender Gleichzeitigkeit, ohne die gemeinsame Linie zu verlieren. Einfacher gesagt: Die Musik explodierte, ohne zu vergl\u00fchen. Ein erster Platz aus dem Zentrum des klassischen Jazz, gespielt mit dem Selbstverst\u00e4ndnis der offenen Gegenwart. Andreas Heuck und mucjazz k\u00f6nnen sich freuen. Der Junge M\u00fcnchner Jazzpreis hat innerhalb noch nicht einmal eines Jahrzehnts ein Niveau erreicht, das sich weit \u00fcber die Stadt hinaus sehen lassen kann.<\/p>\n<p>Fotos und Text: Ralf Dombrowski<\/p>\n<p>Das Beitragsbild zeigt die Siegerband: Pianist Luca Zambito und sein Quartett<\/p>\n","protected":false},"excerpt":{"rendered":"<p>Der Junge M\u00fcnchner Jazzpreis hat auch ein bisschen Gl\u00fcck gehabt. Als im vergangenen Jahr zum Beispiel viele Veranstaltungen abgesagt werden mussten, lag er so g\u00fcnstig zwischen den pandemischen Verschlussphasen, dass er sogar live vor Publikum durchgef\u00fchrt werden konnte. Die Kontinuit\u00e4t blieb gewahrt. \u201eIch kann es kaum glauben,\u201c meint Andreas Heuck, \u201eaber wir gehen in unser zehntes Jahr!\u201c Selbst ein begeisterter Musikh\u00f6rer, geh\u00f6rt er zu den Gr\u00fcndungsmitgliedern des Vereins mucjazz, der als private Initiative unter anderem ins Leben gerufen worden war, um eine L\u00fccke zu schlie\u00dfen. Denn Jazz wurde zwar von der Landeshauptstadt gef\u00f6rdert, aber unsystematisch und vor allem in Form von Stipendien oder Musikpreisen. Abgesehen vom BMW Welt Jazz Award gab es keine \u00fcberregional wahrgenommene Auszeichnung. Das \u00e4nderte sich durch die Beharrlichkeit von mucjazz und einiger Unterst\u00fctzer, so dass die Situation inzwischen vergleichsweise komfortabel ist. Die Stadt freut sich und ihr Oberb\u00fcrgermeister Dieter Reiter hat die Schirmherrschaft \u00fcbernommen. Neben den Vereinsmitgliedern und Spendern geh\u00f6ren Institutionen wie die Kulturstiftung der Versicherungskammer zu den F\u00f6rderern. Der Bayerische Rundfunk ist mit \u00dc-Wagen und BR Klassik im Boot, der Jazzclub Unterfahrt steht als Austragungsort des Konzertfinales und als Streaming-Host &hellip;<\/p>\n","protected":false},"author":18,"featured_media":26172,"comment_status":"open","ping_status":"closed","sticky":false,"template":"","format":"standard","meta":{"_jetpack_memberships_contains_paid_content":false,"footnotes":"","jetpack_publicize_message":"","jetpack_publicize_feature_enabled":true,"jetpack_social_post_already_shared":false,"jetpack_social_options":{"image_generator_settings":{"template":"highway","default_image_id":0,"font":"","enabled":false},"version":2}},"categories":[1053,652],"tags":[3503,120,1876,254,271,809,1423,1335,316,3649,388,1116,989,423,845,2080,1965,146,15,2312,573,1976,3044],"coauthors":[658],"class_list":["post-26161","post","type-post","status-publish","format-standard","has-post-thumbnail","hentry","category-bericht","category-galerie","tag-bmw","tag-club","tag-jazz","tag-jazz-award","tag-jazzclub","tag-jazzclub-unterfahrt","tag-jazzpreis","tag-joshua-redman","tag-klassik","tag-loreen-sima","tag-michael-wollny","tag-mucjazz","tag-nils-wuelker","tag-nuernberg","tag-oliver-hochkeppel","tag-pianisten","tag-quartett","tag-dombrowski","tag-rundfunk","tag-schlagzeuger","tag-unterfahrt","tag-veranstaltungen","tag-zentrum"],"yoast_head":"<!-- This site is optimized with the Yoast SEO plugin v27.5 - https:\/\/yoast.com\/product\/yoast-seo-wordpress\/ -->\n<title>Preistr\u00e4gerkonzert des 9. Jungen M\u00fcnchner Jazzpreises im Club Unterfahrt - JazzZeitung<\/title>\n<meta name=\"robots\" content=\"index, follow, max-snippet:-1, max-image-preview:large, max-video-preview:-1\" \/>\n<link rel=\"canonical\" href=\"https:\/\/www.jazzzeitung.de\/cms\/2021\/11\/preistraegerkonzert-des-9-jungen-muenchner-jazzpreises-im-club-unterfahrt\/\" \/>\n<meta property=\"og:locale\" content=\"de_DE\" \/>\n<meta property=\"og:type\" content=\"article\" \/>\n<meta property=\"og:title\" content=\"Preistr\u00e4gerkonzert des 9. Jungen M\u00fcnchner Jazzpreises im Club Unterfahrt - JazzZeitung\" \/>\n<meta property=\"og:description\" content=\"Der Junge M\u00fcnchner Jazzpreis hat auch ein bisschen Gl\u00fcck gehabt. Als im vergangenen Jahr zum Beispiel viele Veranstaltungen abgesagt werden mussten, lag er so g\u00fcnstig zwischen den pandemischen Verschlussphasen, dass er sogar live vor Publikum durchgef\u00fchrt werden konnte. Die Kontinuit\u00e4t blieb gewahrt. \u201eIch kann es kaum glauben,\u201c meint Andreas Heuck, \u201eaber wir gehen in unser zehntes Jahr!\u201c Selbst ein begeisterter Musikh\u00f6rer, geh\u00f6rt er zu den Gr\u00fcndungsmitgliedern des Vereins mucjazz, der als private Initiative unter anderem ins Leben gerufen worden war, um eine L\u00fccke zu schlie\u00dfen. Denn Jazz wurde zwar von der Landeshauptstadt gef\u00f6rdert, aber unsystematisch und vor allem in Form von Stipendien oder Musikpreisen. Abgesehen vom BMW Welt Jazz Award gab es keine \u00fcberregional wahrgenommene Auszeichnung. Das \u00e4nderte sich durch die Beharrlichkeit von mucjazz und einiger Unterst\u00fctzer, so dass die Situation inzwischen vergleichsweise komfortabel ist. Die Stadt freut sich und ihr Oberb\u00fcrgermeister Dieter Reiter hat die Schirmherrschaft \u00fcbernommen. Neben den Vereinsmitgliedern und Spendern geh\u00f6ren Institutionen wie die Kulturstiftung der Versicherungskammer zu den F\u00f6rderern. Der Bayerische Rundfunk ist mit \u00dc-Wagen und BR Klassik im Boot, der Jazzclub Unterfahrt steht als Austragungsort des Konzertfinales und als Streaming-Host &hellip;\" \/>\n<meta property=\"og:url\" content=\"https:\/\/www.jazzzeitung.de\/cms\/2021\/11\/preistraegerkonzert-des-9-jungen-muenchner-jazzpreises-im-club-unterfahrt\/\" \/>\n<meta property=\"og:site_name\" content=\"JazzZeitung\" \/>\n<meta property=\"article:publisher\" content=\"https:\/\/www.facebook.com\/JazzZeitung\/\" \/>\n<meta property=\"article:published_time\" content=\"2021-11-17T15:45:56+00:00\" \/>\n<meta property=\"og:image\" content=\"https:\/\/i0.wp.com\/www.jazzzeitung.de\/cms\/wp-content\/uploads\/2021\/11\/DSC07326.jpg?fit=1280%2C853&ssl=1\" \/>\n\t<meta property=\"og:image:width\" content=\"1280\" \/>\n\t<meta property=\"og:image:height\" content=\"853\" \/>\n\t<meta property=\"og:image:type\" content=\"image\/jpeg\" \/>\n<meta name=\"author\" content=\"Ralf Dombrowski\" \/>\n<script type=\"application\/ld+json\" class=\"yoast-schema-graph\">{\"@context\":\"https:\\\/\\\/schema.org\",\"@graph\":[{\"@type\":\"Article\",\"@id\":\"https:\\\/\\\/www.jazzzeitung.de\\\/cms\\\/2021\\\/11\\\/preistraegerkonzert-des-9-jungen-muenchner-jazzpreises-im-club-unterfahrt\\\/#article\",\"isPartOf\":{\"@id\":\"https:\\\/\\\/www.jazzzeitung.de\\\/cms\\\/2021\\\/11\\\/preistraegerkonzert-des-9-jungen-muenchner-jazzpreises-im-club-unterfahrt\\\/\"},\"author\":{\"name\":\"Redaktion JazzZeitung\",\"@id\":\"https:\\\/\\\/www.jazzzeitung.de\\\/cms\\\/#\\\/schema\\\/person\\\/2245b36b9cd1d24cea10f01c031fb92b\"},\"headline\":\"Preistr\u00e4gerkonzert des 9. Jungen M\u00fcnchner Jazzpreises im Club Unterfahrt\",\"datePublished\":\"2021-11-17T15:45:56+00:00\",\"mainEntityOfPage\":{\"@id\":\"https:\\\/\\\/www.jazzzeitung.de\\\/cms\\\/2021\\\/11\\\/preistraegerkonzert-des-9-jungen-muenchner-jazzpreises-im-club-unterfahrt\\\/\"},\"wordCount\":719,\"commentCount\":0,\"publisher\":{\"@id\":\"https:\\\/\\\/www.jazzzeitung.de\\\/cms\\\/#organization\"},\"image\":{\"@id\":\"https:\\\/\\\/www.jazzzeitung.de\\\/cms\\\/2021\\\/11\\\/preistraegerkonzert-des-9-jungen-muenchner-jazzpreises-im-club-unterfahrt\\\/#primaryimage\"},\"thumbnailUrl\":\"https:\\\/\\\/i0.wp.com\\\/www.jazzzeitung.de\\\/cms\\\/wp-content\\\/uploads\\\/2021\\\/11\\\/DSC07326.jpg?fit=1280%2C853&ssl=1\",\"keywords\":[\"BMW\",\"Club\",\"Jazz\",\"Jazz Award\",\"Jazzclub\",\"Jazzclub Unterfahrt\",\"Jazzpreis\",\"Joshua Redman\",\"Klassik\",\"Loreen Sima\",\"Michael Wollny\",\"mucjazz\",\"Nils W\u00fclker\",\"N\u00fcrnberg\",\"Oliver Hochkeppel\",\"Pianisten\",\"Quartett\",\"Ralf Dombrowski\",\"Rundfunk\",\"Schlagzeuger\",\"Unterfahrt\",\"Veranstaltungen\",\"Zentrum\"],\"articleSection\":[\"Bericht\",\"Galerie\"],\"inLanguage\":\"de\",\"potentialAction\":[{\"@type\":\"CommentAction\",\"name\":\"Comment\",\"target\":[\"https:\\\/\\\/www.jazzzeitung.de\\\/cms\\\/2021\\\/11\\\/preistraegerkonzert-des-9-jungen-muenchner-jazzpreises-im-club-unterfahrt\\\/#respond\"]}]},{\"@type\":\"WebPage\",\"@id\":\"https:\\\/\\\/www.jazzzeitung.de\\\/cms\\\/2021\\\/11\\\/preistraegerkonzert-des-9-jungen-muenchner-jazzpreises-im-club-unterfahrt\\\/\",\"url\":\"https:\\\/\\\/www.jazzzeitung.de\\\/cms\\\/2021\\\/11\\\/preistraegerkonzert-des-9-jungen-muenchner-jazzpreises-im-club-unterfahrt\\\/\",\"name\":\"Preistr\u00e4gerkonzert des 9. Jungen M\u00fcnchner Jazzpreises im Club Unterfahrt - JazzZeitung\",\"isPartOf\":{\"@id\":\"https:\\\/\\\/www.jazzzeitung.de\\\/cms\\\/#website\"},\"primaryImageOfPage\":{\"@id\":\"https:\\\/\\\/www.jazzzeitung.de\\\/cms\\\/2021\\\/11\\\/preistraegerkonzert-des-9-jungen-muenchner-jazzpreises-im-club-unterfahrt\\\/#primaryimage\"},\"image\":{\"@id\":\"https:\\\/\\\/www.jazzzeitung.de\\\/cms\\\/2021\\\/11\\\/preistraegerkonzert-des-9-jungen-muenchner-jazzpreises-im-club-unterfahrt\\\/#primaryimage\"},\"thumbnailUrl\":\"https:\\\/\\\/i0.wp.com\\\/www.jazzzeitung.de\\\/cms\\\/wp-content\\\/uploads\\\/2021\\\/11\\\/DSC07326.jpg?fit=1280%2C853&ssl=1\",\"datePublished\":\"2021-11-17T15:45:56+00:00\",\"breadcrumb\":{\"@id\":\"https:\\\/\\\/www.jazzzeitung.de\\\/cms\\\/2021\\\/11\\\/preistraegerkonzert-des-9-jungen-muenchner-jazzpreises-im-club-unterfahrt\\\/#breadcrumb\"},\"inLanguage\":\"de\",\"potentialAction\":[{\"@type\":\"ReadAction\",\"target\":[\"https:\\\/\\\/www.jazzzeitung.de\\\/cms\\\/2021\\\/11\\\/preistraegerkonzert-des-9-jungen-muenchner-jazzpreises-im-club-unterfahrt\\\/\"]}]},{\"@type\":\"ImageObject\",\"inLanguage\":\"de\",\"@id\":\"https:\\\/\\\/www.jazzzeitung.de\\\/cms\\\/2021\\\/11\\\/preistraegerkonzert-des-9-jungen-muenchner-jazzpreises-im-club-unterfahrt\\\/#primaryimage\",\"url\":\"https:\\\/\\\/i0.wp.com\\\/www.jazzzeitung.de\\\/cms\\\/wp-content\\\/uploads\\\/2021\\\/11\\\/DSC07326.jpg?fit=1280%2C853&ssl=1\",\"contentUrl\":\"https:\\\/\\\/i0.wp.com\\\/www.jazzzeitung.de\\\/cms\\\/wp-content\\\/uploads\\\/2021\\\/11\\\/DSC07326.jpg?fit=1280%2C853&ssl=1\",\"width\":1280,\"height\":853,\"caption\":\"Luca Zambito (p), Moritz Stahl (sax), Nils Kugelmann (b), Valentin Renner (dr), Junger M\u00fcnchner Jazzpreis, Jazzclub Unterfahrt, Foto (c) Ralf Dombrowski\"},{\"@type\":\"BreadcrumbList\",\"@id\":\"https:\\\/\\\/www.jazzzeitung.de\\\/cms\\\/2021\\\/11\\\/preistraegerkonzert-des-9-jungen-muenchner-jazzpreises-im-club-unterfahrt\\\/#breadcrumb\",\"itemListElement\":[{\"@type\":\"ListItem\",\"position\":1,\"name\":\"Startseite\",\"item\":\"https:\\\/\\\/www.jazzzeitung.de\\\/cms\\\/\"},{\"@type\":\"ListItem\",\"position\":2,\"name\":\"Preistr\u00e4gerkonzert des 9. Jungen M\u00fcnchner Jazzpreises im Club Unterfahrt\"}]},{\"@type\":\"WebSite\",\"@id\":\"https:\\\/\\\/www.jazzzeitung.de\\\/cms\\\/#website\",\"url\":\"https:\\\/\\\/www.jazzzeitung.de\\\/cms\\\/\",\"name\":\"JazzZeitung\",\"description\":\"Jazz-News und Jazz-Kontroverses\",\"publisher\":{\"@id\":\"https:\\\/\\\/www.jazzzeitung.de\\\/cms\\\/#organization\"},\"potentialAction\":[{\"@type\":\"SearchAction\",\"target\":{\"@type\":\"EntryPoint\",\"urlTemplate\":\"https:\\\/\\\/www.jazzzeitung.de\\\/cms\\\/?s={search_term_string}\"},\"query-input\":{\"@type\":\"PropertyValueSpecification\",\"valueRequired\":true,\"valueName\":\"search_term_string\"}}],\"inLanguage\":\"de\"},{\"@type\":\"Organization\",\"@id\":\"https:\\\/\\\/www.jazzzeitung.de\\\/cms\\\/#organization\",\"name\":\"JazzZeitung online\",\"url\":\"https:\\\/\\\/www.jazzzeitung.de\\\/cms\\\/\",\"logo\":{\"@type\":\"ImageObject\",\"inLanguage\":\"de\",\"@id\":\"https:\\\/\\\/www.jazzzeitung.de\\\/cms\\\/#\\\/schema\\\/logo\\\/image\\\/\",\"url\":\"https:\\\/\\\/i0.wp.com\\\/www.jazzzeitung.de\\\/cms\\\/wp-content\\\/uploads\\\/2015\\\/08\\\/JAZZZEITUNGDE_Logo_Neu.png?fit=499%2C200&ssl=1\",\"contentUrl\":\"https:\\\/\\\/i0.wp.com\\\/www.jazzzeitung.de\\\/cms\\\/wp-content\\\/uploads\\\/2015\\\/08\\\/JAZZZEITUNGDE_Logo_Neu.png?fit=499%2C200&ssl=1\",\"width\":499,\"height\":200,\"caption\":\"JazzZeitung online\"},\"image\":{\"@id\":\"https:\\\/\\\/www.jazzzeitung.de\\\/cms\\\/#\\\/schema\\\/logo\\\/image\\\/\"},\"sameAs\":[\"https:\\\/\\\/www.facebook.com\\\/JazzZeitung\\\/\"]},{\"@type\":\"Person\",\"@id\":\"https:\\\/\\\/www.jazzzeitung.de\\\/cms\\\/#\\\/schema\\\/person\\\/2245b36b9cd1d24cea10f01c031fb92b\",\"name\":\"Redaktion JazzZeitung\",\"image\":{\"@type\":\"ImageObject\",\"inLanguage\":\"de\",\"@id\":\"https:\\\/\\\/i0.wp.com\\\/www.jazzzeitung.de\\\/cms\\\/wp-content\\\/uploads\\\/2015\\\/08\\\/JAZZZEITUNGDE_Logo_Neu.png?resize=96%2C96&ssl=159975dcacb611b5700bd619b5daf0a7a\",\"url\":\"https:\\\/\\\/i0.wp.com\\\/www.jazzzeitung.de\\\/cms\\\/wp-content\\\/uploads\\\/2015\\\/08\\\/JAZZZEITUNGDE_Logo_Neu.png?resize=96%2C96&ssl=1\",\"contentUrl\":\"https:\\\/\\\/i0.wp.com\\\/www.jazzzeitung.de\\\/cms\\\/wp-content\\\/uploads\\\/2015\\\/08\\\/JAZZZEITUNGDE_Logo_Neu.png?resize=96%2C96&ssl=1\",\"caption\":\"Redaktion JazzZeitung\"},\"description\":\"Artikel der Redaktion der JazzZeitung.\",\"sameAs\":[\"http:\\\/\\\/www.jazzzeitung.de\\\/cms\\\/\"],\"url\":\"https:\\\/\\\/www.jazzzeitung.de\\\/cms\\\/author\\\/redaktion\\\/\"}]}<\/script>\n<!-- \/ Yoast SEO plugin. -->","yoast_head_json":{"title":"Preistr\u00e4gerkonzert des 9. Jungen M\u00fcnchner Jazzpreises im Club Unterfahrt - JazzZeitung","robots":{"index":"index","follow":"follow","max-snippet":"max-snippet:-1","max-image-preview":"max-image-preview:large","max-video-preview":"max-video-preview:-1"},"canonical":"https:\/\/www.jazzzeitung.de\/cms\/2021\/11\/preistraegerkonzert-des-9-jungen-muenchner-jazzpreises-im-club-unterfahrt\/","og_locale":"de_DE","og_type":"article","og_title":"Preistr\u00e4gerkonzert des 9. Jungen M\u00fcnchner Jazzpreises im Club Unterfahrt - JazzZeitung","og_description":"Der Junge M\u00fcnchner Jazzpreis hat auch ein bisschen Gl\u00fcck gehabt. Als im vergangenen Jahr zum Beispiel viele Veranstaltungen abgesagt werden mussten, lag er so g\u00fcnstig zwischen den pandemischen Verschlussphasen, dass er sogar live vor Publikum durchgef\u00fchrt werden konnte. Die Kontinuit\u00e4t blieb gewahrt. \u201eIch kann es kaum glauben,\u201c meint Andreas Heuck, \u201eaber wir gehen in unser zehntes Jahr!\u201c Selbst ein begeisterter Musikh\u00f6rer, geh\u00f6rt er zu den Gr\u00fcndungsmitgliedern des Vereins mucjazz, der als private Initiative unter anderem ins Leben gerufen worden war, um eine L\u00fccke zu schlie\u00dfen. Denn Jazz wurde zwar von der Landeshauptstadt gef\u00f6rdert, aber unsystematisch und vor allem in Form von Stipendien oder Musikpreisen. Abgesehen vom BMW Welt Jazz Award gab es keine \u00fcberregional wahrgenommene Auszeichnung. Das \u00e4nderte sich durch die Beharrlichkeit von mucjazz und einiger Unterst\u00fctzer, so dass die Situation inzwischen vergleichsweise komfortabel ist. Die Stadt freut sich und ihr Oberb\u00fcrgermeister Dieter Reiter hat die Schirmherrschaft \u00fcbernommen. Neben den Vereinsmitgliedern und Spendern geh\u00f6ren Institutionen wie die Kulturstiftung der Versicherungskammer zu den F\u00f6rderern. Der Bayerische Rundfunk ist mit \u00dc-Wagen und BR Klassik im Boot, der Jazzclub Unterfahrt steht als Austragungsort des Konzertfinales und als Streaming-Host &hellip;","og_url":"https:\/\/www.jazzzeitung.de\/cms\/2021\/11\/preistraegerkonzert-des-9-jungen-muenchner-jazzpreises-im-club-unterfahrt\/","og_site_name":"JazzZeitung","article_publisher":"https:\/\/www.facebook.com\/JazzZeitung\/","article_published_time":"2021-11-17T15:45:56+00:00","og_image":[{"width":1280,"height":853,"url":"https:\/\/i0.wp.com\/www.jazzzeitung.de\/cms\/wp-content\/uploads\/2021\/11\/DSC07326.jpg?fit=1280%2C853&ssl=1","type":"image\/jpeg"}],"author":"Ralf Dombrowski","schema":{"@context":"https:\/\/schema.org","@graph":[{"@type":"Article","@id":"https:\/\/www.jazzzeitung.de\/cms\/2021\/11\/preistraegerkonzert-des-9-jungen-muenchner-jazzpreises-im-club-unterfahrt\/#article","isPartOf":{"@id":"https:\/\/www.jazzzeitung.de\/cms\/2021\/11\/preistraegerkonzert-des-9-jungen-muenchner-jazzpreises-im-club-unterfahrt\/"},"author":{"name":"Redaktion JazzZeitung","@id":"https:\/\/www.jazzzeitung.de\/cms\/#\/schema\/person\/2245b36b9cd1d24cea10f01c031fb92b"},"headline":"Preistr\u00e4gerkonzert des 9. Jungen M\u00fcnchner Jazzpreises im Club Unterfahrt","datePublished":"2021-11-17T15:45:56+00:00","mainEntityOfPage":{"@id":"https:\/\/www.jazzzeitung.de\/cms\/2021\/11\/preistraegerkonzert-des-9-jungen-muenchner-jazzpreises-im-club-unterfahrt\/"},"wordCount":719,"commentCount":0,"publisher":{"@id":"https:\/\/www.jazzzeitung.de\/cms\/#organization"},"image":{"@id":"https:\/\/www.jazzzeitung.de\/cms\/2021\/11\/preistraegerkonzert-des-9-jungen-muenchner-jazzpreises-im-club-unterfahrt\/#primaryimage"},"thumbnailUrl":"https:\/\/i0.wp.com\/www.jazzzeitung.de\/cms\/wp-content\/uploads\/2021\/11\/DSC07326.jpg?fit=1280%2C853&ssl=1","keywords":["BMW","Club","Jazz","Jazz Award","Jazzclub","Jazzclub Unterfahrt","Jazzpreis","Joshua Redman","Klassik","Loreen Sima","Michael Wollny","mucjazz","Nils W\u00fclker","N\u00fcrnberg","Oliver Hochkeppel","Pianisten","Quartett","Ralf Dombrowski","Rundfunk","Schlagzeuger","Unterfahrt","Veranstaltungen","Zentrum"],"articleSection":["Bericht","Galerie"],"inLanguage":"de","potentialAction":[{"@type":"CommentAction","name":"Comment","target":["https:\/\/www.jazzzeitung.de\/cms\/2021\/11\/preistraegerkonzert-des-9-jungen-muenchner-jazzpreises-im-club-unterfahrt\/#respond"]}]},{"@type":"WebPage","@id":"https:\/\/www.jazzzeitung.de\/cms\/2021\/11\/preistraegerkonzert-des-9-jungen-muenchner-jazzpreises-im-club-unterfahrt\/","url":"https:\/\/www.jazzzeitung.de\/cms\/2021\/11\/preistraegerkonzert-des-9-jungen-muenchner-jazzpreises-im-club-unterfahrt\/","name":"Preistr\u00e4gerkonzert des 9. Jungen M\u00fcnchner Jazzpreises im Club Unterfahrt - JazzZeitung","isPartOf":{"@id":"https:\/\/www.jazzzeitung.de\/cms\/#website"},"primaryImageOfPage":{"@id":"https:\/\/www.jazzzeitung.de\/cms\/2021\/11\/preistraegerkonzert-des-9-jungen-muenchner-jazzpreises-im-club-unterfahrt\/#primaryimage"},"image":{"@id":"https:\/\/www.jazzzeitung.de\/cms\/2021\/11\/preistraegerkonzert-des-9-jungen-muenchner-jazzpreises-im-club-unterfahrt\/#primaryimage"},"thumbnailUrl":"https:\/\/i0.wp.com\/www.jazzzeitung.de\/cms\/wp-content\/uploads\/2021\/11\/DSC07326.jpg?fit=1280%2C853&ssl=1","datePublished":"2021-11-17T15:45:56+00:00","breadcrumb":{"@id":"https:\/\/www.jazzzeitung.de\/cms\/2021\/11\/preistraegerkonzert-des-9-jungen-muenchner-jazzpreises-im-club-unterfahrt\/#breadcrumb"},"inLanguage":"de","potentialAction":[{"@type":"ReadAction","target":["https:\/\/www.jazzzeitung.de\/cms\/2021\/11\/preistraegerkonzert-des-9-jungen-muenchner-jazzpreises-im-club-unterfahrt\/"]}]},{"@type":"ImageObject","inLanguage":"de","@id":"https:\/\/www.jazzzeitung.de\/cms\/2021\/11\/preistraegerkonzert-des-9-jungen-muenchner-jazzpreises-im-club-unterfahrt\/#primaryimage","url":"https:\/\/i0.wp.com\/www.jazzzeitung.de\/cms\/wp-content\/uploads\/2021\/11\/DSC07326.jpg?fit=1280%2C853&ssl=1","contentUrl":"https:\/\/i0.wp.com\/www.jazzzeitung.de\/cms\/wp-content\/uploads\/2021\/11\/DSC07326.jpg?fit=1280%2C853&ssl=1","width":1280,"height":853,"caption":"Luca Zambito (p), Moritz Stahl (sax), Nils Kugelmann (b), Valentin Renner (dr), Junger M\u00fcnchner Jazzpreis, Jazzclub Unterfahrt, Foto (c) Ralf Dombrowski"},{"@type":"BreadcrumbList","@id":"https:\/\/www.jazzzeitung.de\/cms\/2021\/11\/preistraegerkonzert-des-9-jungen-muenchner-jazzpreises-im-club-unterfahrt\/#breadcrumb","itemListElement":[{"@type":"ListItem","position":1,"name":"Startseite","item":"https:\/\/www.jazzzeitung.de\/cms\/"},{"@type":"ListItem","position":2,"name":"Preistr\u00e4gerkonzert des 9. Jungen M\u00fcnchner Jazzpreises im Club Unterfahrt"}]},{"@type":"WebSite","@id":"https:\/\/www.jazzzeitung.de\/cms\/#website","url":"https:\/\/www.jazzzeitung.de\/cms\/","name":"JazzZeitung","description":"Jazz-News und Jazz-Kontroverses","publisher":{"@id":"https:\/\/www.jazzzeitung.de\/cms\/#organization"},"potentialAction":[{"@type":"SearchAction","target":{"@type":"EntryPoint","urlTemplate":"https:\/\/www.jazzzeitung.de\/cms\/?s={search_term_string}"},"query-input":{"@type":"PropertyValueSpecification","valueRequired":true,"valueName":"search_term_string"}}],"inLanguage":"de"},{"@type":"Organization","@id":"https:\/\/www.jazzzeitung.de\/cms\/#organization","name":"JazzZeitung online","url":"https:\/\/www.jazzzeitung.de\/cms\/","logo":{"@type":"ImageObject","inLanguage":"de","@id":"https:\/\/www.jazzzeitung.de\/cms\/#\/schema\/logo\/image\/","url":"https:\/\/i0.wp.com\/www.jazzzeitung.de\/cms\/wp-content\/uploads\/2015\/08\/JAZZZEITUNGDE_Logo_Neu.png?fit=499%2C200&ssl=1","contentUrl":"https:\/\/i0.wp.com\/www.jazzzeitung.de\/cms\/wp-content\/uploads\/2015\/08\/JAZZZEITUNGDE_Logo_Neu.png?fit=499%2C200&ssl=1","width":499,"height":200,"caption":"JazzZeitung online"},"image":{"@id":"https:\/\/www.jazzzeitung.de\/cms\/#\/schema\/logo\/image\/"},"sameAs":["https:\/\/www.facebook.com\/JazzZeitung\/"]},{"@type":"Person","@id":"https:\/\/www.jazzzeitung.de\/cms\/#\/schema\/person\/2245b36b9cd1d24cea10f01c031fb92b","name":"Redaktion JazzZeitung","image":{"@type":"ImageObject","inLanguage":"de","@id":"https:\/\/i0.wp.com\/www.jazzzeitung.de\/cms\/wp-content\/uploads\/2015\/08\/JAZZZEITUNGDE_Logo_Neu.png?resize=96%2C96&ssl=159975dcacb611b5700bd619b5daf0a7a","url":"https:\/\/i0.wp.com\/www.jazzzeitung.de\/cms\/wp-content\/uploads\/2015\/08\/JAZZZEITUNGDE_Logo_Neu.png?resize=96%2C96&ssl=1","contentUrl":"https:\/\/i0.wp.com\/www.jazzzeitung.de\/cms\/wp-content\/uploads\/2015\/08\/JAZZZEITUNGDE_Logo_Neu.png?resize=96%2C96&ssl=1","caption":"Redaktion JazzZeitung"},"description":"Artikel der Redaktion der JazzZeitung.","sameAs":["http:\/\/www.jazzzeitung.de\/cms\/"],"url":"https:\/\/www.jazzzeitung.de\/cms\/author\/redaktion\/"}]}},"wp-worthy-pixel":{"ignored":false,"public":null,"server":null,"url":null},"wp-worthy-type":"normal","jetpack_publicize_connections":[],"cc_featured_image_caption":{"caption_text":"","source_text":"","source_url":""},"jetpack_featured_media_url":"https:\/\/i0.wp.com\/www.jazzzeitung.de\/cms\/wp-content\/uploads\/2021\/11\/DSC07326.jpg?fit=1280%2C853&ssl=1","jetpack_shortlink":"https:\/\/wp.me\/p3KEcT-6NX","jetpack-related-posts":[{"id":9437,"url":"https:\/\/www.jazzzeitung.de\/cms\/2016\/06\/1-juli-endet-der-bewerbungsschluss-fuer-den-jungen-muenchner-jazzpreis-2016\/","url_meta":{"origin":26161,"position":0},"title":"Am 1. Juli endet der Bewerbungsschluss f\u00fcr den &#8222;Jungen M\u00fcnchner Jazzpreis 2016\u201c","author":"Redaktion JazzZeitung","date":"1. Juni 2016","format":false,"excerpt":"Mit der Verleihung des Jungen M\u00fcnchner Jazzpreises 2016 unterst\u00fctzt der M\u00fcnchner Verein zur F\u00f6rderung von Jazz e.V. - mucjazz auch in diesem Jahr wieder junge Nachwuchs-K\u00fcnstler und -Bands aus Deutschland. Bewerbungen k\u00f6nnen bis zum 1. Juli 2016 in Form von Unterlagen einschlie\u00dflich Tonproben der eigenen Musik eingereicht werden. Vorrausetzung f\u00fcr\u2026","rel":"","context":"In &quot;News&quot;","block_context":{"text":"News","link":"https:\/\/www.jazzzeitung.de\/cms\/thema\/nachrichten\/"},"img":{"alt_text":"","src":"","width":0,"height":0},"classes":[]},{"id":9585,"url":"https:\/\/www.jazzzeitung.de\/cms\/2016\/06\/junger-muenchner-jazzpreis-2016-steht-bevor\/","url_meta":{"origin":26161,"position":1},"title":"Jetzt bewerben f\u00fcr den Jungen M\u00fcnchner Jazzpreis 2016","author":"Redaktion JazzZeitung","date":"29. Juni 2016","format":false,"excerpt":"Am 11. November 2016 wird zum vierten Mal der Junge M\u00fcnchner Jazzpreis vergeben.\u00a0 Mit diesem Preis\u00a0 sollen junge K\u00fcnstler und Bands aus Deutschland gef\u00f6rdert werden. Bewerben k\u00f6nnen sich 1-6 Jazzmusiker(innen). Jede(r) Musiker(in) kann sich im selben Jahr nur einmal bewerben, insgesamt maximal dreimal. Alle Bewerber(innen) sollen zum Zeitpunkt der Bewerbungsfrist\u2026","rel":"","context":"In &quot;News&quot;","block_context":{"text":"News","link":"https:\/\/www.jazzzeitung.de\/cms\/thema\/nachrichten\/"},"img":{"alt_text":"Logo_Muc_Jazz-300x244","src":"https:\/\/i0.wp.com\/www.jazzzeitung.de\/cms\/wp-content\/uploads\/2016\/06\/Logo_Muc_Jazz-300x244-150x150.png?resize=350%2C200","width":350,"height":200},"classes":[]},{"id":11998,"url":"https:\/\/www.jazzzeitung.de\/cms\/2017\/03\/junger-muenchner-jazzpreis-2017-jetzt-bewerben\/","url_meta":{"origin":26161,"position":2},"title":"Junger M\u00fcnchner Jazzpreis 2017 &#8211; jetzt bewerben!","author":"Redaktion JazzZeitung","date":"20. M\u00e4rz 2017","format":false,"excerpt":"F\u00fcr den Jungen M\u00fcnchner Jazzpreis 2017 sind Bewerbungen von Bands bzw. Musiker(inn)en bis 28 Jahre sind bis zum 1. Juli 2017 (Eingang) herzlich willkommen. Junger M\u00fcnchner Jazzpreis Der Junge M\u00fcnchner Jazzpreis (JMJP) wird 2017 das 5. Mal vergeben. Es ist ein F\u00f6rderpreis von \u201amucjazz - M\u00fcnchner Verein zur F\u00f6rderung von\u2026","rel":"","context":"In &quot;News&quot;","block_context":{"text":"News","link":"https:\/\/www.jazzzeitung.de\/cms\/thema\/nachrichten\/"},"img":{"alt_text":"","src":"","width":0,"height":0},"classes":[]},{"id":3904,"url":"https:\/\/www.jazzzeitung.de\/cms\/2014\/05\/junger-muenchner-jazzpreis-2014\/","url_meta":{"origin":26161,"position":3},"title":"Junger M\u00fcnchner Jazzpreis 2014","author":"Andreas Kolb","date":"21. Mai 2014","format":false,"excerpt":"Junger M\u00fcnchner Jazzpreis Nachdem die Premiere des ersten Jungen M\u00fcnchner Jazzpreises im letzten Jahr erfolgreich \u00fcber die B\u00fchne ging, hat man Wettbewerb auch f\u00fcr 2014 wieder ausgeschrieben. Bis zum 11. Juli k\u00f6nnen junge Jazzer ihre maximal 20-min\u00fctigen H\u00f6rproben nebst Musikerinfo beim M\u00fcnchner Verein zur F\u00f6rderung von Jazz e.V. (mucjazz) einschicken.\u2026","rel":"","context":"In &quot;News&quot;","block_context":{"text":"News","link":"https:\/\/www.jazzzeitung.de\/cms\/thema\/nachrichten\/"},"img":{"alt_text":"","src":"https:\/\/i0.wp.com\/www.jazzzeitung.de\/cms\/wp-content\/uploads\/2014\/05\/Logo_Muc_Jazz-300x244.png?fit=300%2C244&ssl=1&resize=350%2C200","width":350,"height":200},"classes":[]},{"id":22636,"url":"https:\/\/www.jazzzeitung.de\/cms\/2020\/06\/news-hannah-weiss-und-vincent-rein-als-local-heroes-in-der-unterfahrtbewerben-fuer-den-jungen-muenchner-jazzpreis\/","url_meta":{"origin":26161,"position":4},"title":"+++News: +++Hannah Weiss und Vincent Rein als Local Heroes in der Unterfahrt+++Bewerben f\u00fcr den Jungen M\u00fcnchner Jazzpreis+++","author":"Redaktion JazzZeitung","date":"10. Juni 2020","format":false,"excerpt":"+++Local Heroes: Die Jazz-Streams aus M\u00fcnchen+++ \u201eLocal Heroes Live\u201c\u00a0 ist eine Live-Stream-Serie des M\u00fcnchener Jazzclub Unterfahrt. Die Tipps der JazzZeitung.de im Folgenden: \u00a0 Local Heroes Live #12 + 13 Abschlusskonzerte des Jazz-Instituts der Hochschule f\u00fcr Musik und Theater M\u00fcnchen Freitag, 12.06.2020 20.00 Uhr: Ganzenm\u00fcller\u2019s Bed & Breakbeat Besetzung: Julian Hesse\u2026","rel":"","context":"In &quot;News&quot;","block_context":{"text":"News","link":"https:\/\/www.jazzzeitung.de\/cms\/thema\/nachrichten\/"},"img":{"alt_text":"","src":"https:\/\/i0.wp.com\/www.jazzzeitung.de\/cms\/wp-content\/uploads\/2020\/06\/weiss.jpg?fit=709%2C1063&ssl=1&resize=350%2C200","width":350,"height":200,"srcset":"https:\/\/i0.wp.com\/www.jazzzeitung.de\/cms\/wp-content\/uploads\/2020\/06\/weiss.jpg?fit=709%2C1063&ssl=1&resize=350%2C200 1x, https:\/\/i0.wp.com\/www.jazzzeitung.de\/cms\/wp-content\/uploads\/2020\/06\/weiss.jpg?fit=709%2C1063&ssl=1&resize=525%2C300 1.5x, https:\/\/i0.wp.com\/www.jazzzeitung.de\/cms\/wp-content\/uploads\/2020\/06\/weiss.jpg?fit=709%2C1063&ssl=1&resize=700%2C400 2x"},"classes":[]},{"id":21297,"url":"https:\/\/www.jazzzeitung.de\/cms\/2019\/11\/3-aus-34-7-junger-muenchner-jazzpreis-2019-mit-grandiosem-konzertfinale\/","url_meta":{"origin":26161,"position":5},"title":"3 aus 34: 7. Junger M\u00fcnchner Jazzpreis 2019 mit grandiosem Konzertfinale","author":"Redaktion JazzZeitung","date":"15. November 2019","format":false,"excerpt":"Der 7. Junge M\u00fcnchner Jazzpreis 2019 wurde nach einem grandiosen Konzertfinale im Jazzclub Unterfahrt ohne weitere Begr\u00fcndung verliehen. Gewinner des 1. Preises, dotiert mit 2500 \u20ac, ist das SH4iKH Quartett aus Mainz. Die Formation des aus Frankfurt stammenden Alt- und Sopran-Saxophonisten Maximilian Shaikh-Yousef mit Lukas Moriz am Piano, Bastian Weinig\u2026","rel":"","context":"In &quot;News&quot;","block_context":{"text":"News","link":"https:\/\/www.jazzzeitung.de\/cms\/thema\/nachrichten\/"},"img":{"alt_text":"","src":"https:\/\/i0.wp.com\/www.jazzzeitung.de\/cms\/wp-content\/uploads\/2019\/11\/SH4IKH-4et_MORIZ_WEINIG_SHAIKH-YOUSEF-EBERT%E2%94%AC%C2%AEGodehard.Lutz%40bayern-mail.de_IMGP0549AB-scaled.jpg?fit=1200%2C795&ssl=1&resize=350%2C200","width":350,"height":200,"srcset":"https:\/\/i0.wp.com\/www.jazzzeitung.de\/cms\/wp-content\/uploads\/2019\/11\/SH4IKH-4et_MORIZ_WEINIG_SHAIKH-YOUSEF-EBERT%E2%94%AC%C2%AEGodehard.Lutz%40bayern-mail.de_IMGP0549AB-scaled.jpg?fit=1200%2C795&ssl=1&resize=350%2C200 1x, https:\/\/i0.wp.com\/www.jazzzeitung.de\/cms\/wp-content\/uploads\/2019\/11\/SH4IKH-4et_MORIZ_WEINIG_SHAIKH-YOUSEF-EBERT%E2%94%AC%C2%AEGodehard.Lutz%40bayern-mail.de_IMGP0549AB-scaled.jpg?fit=1200%2C795&ssl=1&resize=525%2C300 1.5x, https:\/\/i0.wp.com\/www.jazzzeitung.de\/cms\/wp-content\/uploads\/2019\/11\/SH4IKH-4et_MORIZ_WEINIG_SHAIKH-YOUSEF-EBERT%E2%94%AC%C2%AEGodehard.Lutz%40bayern-mail.de_IMGP0549AB-scaled.jpg?fit=1200%2C795&ssl=1&resize=700%2C400 2x, https:\/\/i0.wp.com\/www.jazzzeitung.de\/cms\/wp-content\/uploads\/2019\/11\/SH4IKH-4et_MORIZ_WEINIG_SHAIKH-YOUSEF-EBERT%E2%94%AC%C2%AEGodehard.Lutz%40bayern-mail.de_IMGP0549AB-scaled.jpg?fit=1200%2C795&ssl=1&resize=1050%2C600 3x"},"classes":[]}],"jetpack_sharing_enabled":true,"_links":{"self":[{"href":"https:\/\/www.jazzzeitung.de\/cms\/wp-json\/wp\/v2\/posts\/26161","targetHints":{"allow":["GET"]}}],"collection":[{"href":"https:\/\/www.jazzzeitung.de\/cms\/wp-json\/wp\/v2\/posts"}],"about":[{"href":"https:\/\/www.jazzzeitung.de\/cms\/wp-json\/wp\/v2\/types\/post"}],"author":[{"embeddable":true,"href":"https:\/\/www.jazzzeitung.de\/cms\/wp-json\/wp\/v2\/users\/18"}],"replies":[{"embeddable":true,"href":"https:\/\/www.jazzzeitung.de\/cms\/wp-json\/wp\/v2\/comments?post=26161"}],"version-history":[{"count":4,"href":"https:\/\/www.jazzzeitung.de\/cms\/wp-json\/wp\/v2\/posts\/26161\/revisions"}],"predecessor-version":[{"id":26184,"href":"https:\/\/www.jazzzeitung.de\/cms\/wp-json\/wp\/v2\/posts\/26161\/revisions\/26184"}],"wp:featuredmedia":[{"embeddable":true,"href":"https:\/\/www.jazzzeitung.de\/cms\/wp-json\/wp\/v2\/media\/26172"}],"wp:attachment":[{"href":"https:\/\/www.jazzzeitung.de\/cms\/wp-json\/wp\/v2\/media?parent=26161"}],"wp:term":[{"taxonomy":"category","embeddable":true,"href":"https:\/\/www.jazzzeitung.de\/cms\/wp-json\/wp\/v2\/categories?post=26161"},{"taxonomy":"post_tag","embeddable":true,"href":"https:\/\/www.jazzzeitung.de\/cms\/wp-json\/wp\/v2\/tags?post=26161"},{"taxonomy":"author","embeddable":true,"href":"https:\/\/www.jazzzeitung.de\/cms\/wp-json\/wp\/v2\/coauthors?post=26161"}],"curies":[{"name":"wp","href":"https:\/\/api.w.org\/{rel}","templated":true}]}}