{"id":26139,"date":"2021-11-16T12:15:27","date_gmt":"2021-11-16T11:15:27","guid":{"rendered":"https:\/\/www.jazzzeitung.de\/cms\/?p=26139"},"modified":"2021-11-16T12:03:18","modified_gmt":"2021-11-16T11:03:18","slug":"tobias-meinhart-und-seine-band-im-regensburger-jazzclub-leerer-beutel","status":"publish","type":"post","link":"https:\/\/www.jazzzeitung.de\/cms\/2021\/11\/tobias-meinhart-und-seine-band-im-regensburger-jazzclub-leerer-beutel\/","title":{"rendered":"Tobias Meinhart und seine Band im Regensburger Jazzclub Leerer Beutel"},"content":{"rendered":"<p>Einhellig begr\u00fc\u00dften Vorstandsmitglied beim Jazzclub Alfred Merkel, die Musiker um Tobias Meinhart und das Publikum mit lautem Beifall das erste Konzert ohne die Pflicht zum Tragen einer Maske. \u201eEndlich schaue ich wieder in Gesichter\u201c, freute sich Merkel bei der Begr\u00fc\u00dfung und Meinhart gestand, dass \u201ewir gl\u00fccklich sind nach langer Zeit vor so vielen Leuten spielen und euch sehen zu k\u00f6nnen!\u201c<\/p>\n<p>Im voll besetzten Leeren Beutel genossen die 3G-Besucher aber nicht nur ihre neu gewonnene Gesichtsfreiheit. Vom ruhigen Beginn an wurde der geb\u00fcrtige Regensburger, der mit seiner Band das neue Album \u201eThe Painter\u201c \u2013 der Maler \u2013 vorstellte, nachdr\u00fccklich gefeiert. Quer durch alle Altersgruppen waren die Menschen sp\u00fcrbar dankbar, die Begegnung mit anderen w\u00e4hrend eines lang erwarteten Konzertes in vollen Z\u00fcgen genie\u00dfen zu k\u00f6nnen.<\/p>\n<div class=\"tiled-gallery type-rectangular tiled-gallery-unresized\" data-original-width=\"840\" data-carousel-extra='{&quot;blog_id&quot;:1,&quot;permalink&quot;:&quot;https:\\\/\\\/www.jazzzeitung.de\\\/cms\\\/2021\\\/11\\\/tobias-meinhart-und-seine-band-im-regensburger-jazzclub-leerer-beutel\\\/&quot;,&quot;likes_blog_id&quot;:55446655}' itemscope itemtype=\"http:\/\/schema.org\/ImageGallery\" > <div class=\"gallery-row\" style=\"width: 840px; height: 194px;\" data-original-width=\"840\" data-original-height=\"194\" > <div class=\"gallery-group images-1\" style=\"width: 290px; height: 194px;\" data-original-width=\"290\" data-original-height=\"194\" > <div class=\"tiled-gallery-item tiled-gallery-item-large\" itemprop=\"associatedMedia\" itemscope itemtype=\"http:\/\/schema.org\/ImageObject\"> <a href=\"https:\/\/www.jazzzeitung.de\/cms\/2021\/11\/tobias-meinhart-und-seine-band-im-regensburger-jazzclub-leerer-beutel\/ladin-eden_61\/\" border=\"0\" itemprop=\"url\"> <meta itemprop=\"width\" content=\"286\"> <meta itemprop=\"height\" content=\"190\"> <img decoding=\"async\" class=\"\" data-attachment-id=\"26142\" data-orig-file=\"https:\/\/www.jazzzeitung.de\/cms\/wp-content\/uploads\/2021\/11\/ladin-eden_61.jpg\" data-orig-size=\"2367,1574\" data-comments-opened=\"1\" data-image-meta=\"{&quot;aperture&quot;:&quot;5.6&quot;,&quot;credit&quot;:&quot;MICHAEL Scheiner&quot;,&quot;camera&quot;:&quot;NIKON D7200&quot;,&quot;caption&quot;:&quot;&quot;,&quot;created_timestamp&quot;:&quot;1636056413&quot;,&quot;copyright&quot;:&quot;Michael Scheiner&quot;,&quot;focal_length&quot;:&quot;105&quot;,&quot;iso&quot;:&quot;2500&quot;,&quot;shutter_speed&quot;:&quot;0.0125&quot;,&quot;title&quot;:&quot;&quot;,&quot;orientation&quot;:&quot;1&quot;}\" data-image-title=\"\" data-image-description=\"\" data-medium-file=\"https:\/\/i0.wp.com\/www.jazzzeitung.de\/cms\/wp-content\/uploads\/2021\/11\/ladin-eden_61.jpg?fit=300%2C199&#038;ssl=1\" data-large-file=\"https:\/\/i0.wp.com\/www.jazzzeitung.de\/cms\/wp-content\/uploads\/2021\/11\/ladin-eden_61.jpg?fit=840%2C558&#038;ssl=1\" src=\"https:\/\/i0.wp.com\/www.jazzzeitung.de\/cms\/wp-content\/uploads\/2021\/11\/ladin-eden_61.jpg?w=286&#038;h=190&#038;ssl=1\" srcset=\"https:\/\/i0.wp.com\/www.jazzzeitung.de\/cms\/wp-content\/uploads\/2021\/11\/ladin-eden_61.jpg?w=2367&amp;ssl=1 2367w, https:\/\/i0.wp.com\/www.jazzzeitung.de\/cms\/wp-content\/uploads\/2021\/11\/ladin-eden_61.jpg?resize=300%2C199&amp;ssl=1 300w, https:\/\/i0.wp.com\/www.jazzzeitung.de\/cms\/wp-content\/uploads\/2021\/11\/ladin-eden_61.jpg?resize=900%2C598&amp;ssl=1 900w, https:\/\/i0.wp.com\/www.jazzzeitung.de\/cms\/wp-content\/uploads\/2021\/11\/ladin-eden_61.jpg?resize=768%2C511&amp;ssl=1 768w, https:\/\/i0.wp.com\/www.jazzzeitung.de\/cms\/wp-content\/uploads\/2021\/11\/ladin-eden_61.jpg?resize=1536%2C1021&amp;ssl=1 1536w, https:\/\/i0.wp.com\/www.jazzzeitung.de\/cms\/wp-content\/uploads\/2021\/11\/ladin-eden_61.jpg?resize=2048%2C1362&amp;ssl=1 2048w, https:\/\/i0.wp.com\/www.jazzzeitung.de\/cms\/wp-content\/uploads\/2021\/11\/ladin-eden_61.jpg?resize=120%2C80&amp;ssl=1 120w, https:\/\/i0.wp.com\/www.jazzzeitung.de\/cms\/wp-content\/uploads\/2021\/11\/ladin-eden_61.jpg?resize=1320%2C878&amp;ssl=1 1320w, https:\/\/i0.wp.com\/www.jazzzeitung.de\/cms\/wp-content\/uploads\/2021\/11\/ladin-eden_61.jpg?w=1680&amp;ssl=1 1680w\" width=\"286\" height=\"190\" loading=\"lazy\" data-original-width=\"286\" data-original-height=\"190\" itemprop=\"http:\/\/schema.org\/image\" title=\"\" alt=\"Eden Ladin. Foto: Michael Scheiner\" style=\"width: 286px; height: 190px;\" \/> <\/a> <div class=\"tiled-gallery-caption\" itemprop=\"caption description\"> Eden Ladin. Foto: Michael Scheiner <\/div> <\/div> <\/div> <!-- close group --> <div class=\"gallery-group images-1\" style=\"width: 131px; height: 194px;\" data-original-width=\"131\" data-original-height=\"194\" > <div class=\"tiled-gallery-item tiled-gallery-item-small\" itemprop=\"associatedMedia\" itemscope itemtype=\"http:\/\/schema.org\/ImageObject\"> <a href=\"https:\/\/www.jazzzeitung.de\/cms\/2021\/11\/tobias-meinhart-und-seine-band-im-regensburger-jazzclub-leerer-beutel\/meinhart-tobias_05\/\" border=\"0\" itemprop=\"url\"> <meta itemprop=\"width\" content=\"127\"> <meta itemprop=\"height\" content=\"190\"> <img decoding=\"async\" class=\"\" data-attachment-id=\"26143\" data-orig-file=\"https:\/\/www.jazzzeitung.de\/cms\/wp-content\/uploads\/2021\/11\/meinhart-tobias_05.jpg\" data-orig-size=\"1575,2362\" data-comments-opened=\"1\" data-image-meta=\"{&quot;aperture&quot;:&quot;11&quot;,&quot;credit&quot;:&quot;MICHAEL Scheiner&quot;,&quot;camera&quot;:&quot;NIKON D7200&quot;,&quot;caption&quot;:&quot;&quot;,&quot;created_timestamp&quot;:&quot;1636057722&quot;,&quot;copyright&quot;:&quot;Michael Scheiner&quot;,&quot;focal_length&quot;:&quot;155&quot;,&quot;iso&quot;:&quot;3200&quot;,&quot;shutter_speed&quot;:&quot;0.01&quot;,&quot;title&quot;:&quot;&quot;,&quot;orientation&quot;:&quot;1&quot;}\" data-image-title=\"\" data-image-description=\"\" data-medium-file=\"https:\/\/i0.wp.com\/www.jazzzeitung.de\/cms\/wp-content\/uploads\/2021\/11\/meinhart-tobias_05.jpg?fit=200%2C300&#038;ssl=1\" data-large-file=\"https:\/\/i0.wp.com\/www.jazzzeitung.de\/cms\/wp-content\/uploads\/2021\/11\/meinhart-tobias_05.jpg?fit=400%2C600&#038;ssl=1\" src=\"https:\/\/i0.wp.com\/www.jazzzeitung.de\/cms\/wp-content\/uploads\/2021\/11\/meinhart-tobias_05.jpg?w=127&#038;h=190&#038;ssl=1\" srcset=\"https:\/\/i0.wp.com\/www.jazzzeitung.de\/cms\/wp-content\/uploads\/2021\/11\/meinhart-tobias_05.jpg?w=1575&amp;ssl=1 1575w, https:\/\/i0.wp.com\/www.jazzzeitung.de\/cms\/wp-content\/uploads\/2021\/11\/meinhart-tobias_05.jpg?resize=200%2C300&amp;ssl=1 200w, https:\/\/i0.wp.com\/www.jazzzeitung.de\/cms\/wp-content\/uploads\/2021\/11\/meinhart-tobias_05.jpg?resize=400%2C600&amp;ssl=1 400w, https:\/\/i0.wp.com\/www.jazzzeitung.de\/cms\/wp-content\/uploads\/2021\/11\/meinhart-tobias_05.jpg?resize=768%2C1152&amp;ssl=1 768w, https:\/\/i0.wp.com\/www.jazzzeitung.de\/cms\/wp-content\/uploads\/2021\/11\/meinhart-tobias_05.jpg?resize=1024%2C1536&amp;ssl=1 1024w, https:\/\/i0.wp.com\/www.jazzzeitung.de\/cms\/wp-content\/uploads\/2021\/11\/meinhart-tobias_05.jpg?resize=1366%2C2048&amp;ssl=1 1366w, https:\/\/i0.wp.com\/www.jazzzeitung.de\/cms\/wp-content\/uploads\/2021\/11\/meinhart-tobias_05.jpg?resize=1320%2C1980&amp;ssl=1 1320w\" width=\"127\" height=\"190\" loading=\"lazy\" data-original-width=\"127\" data-original-height=\"190\" itemprop=\"http:\/\/schema.org\/image\" title=\"\" alt=\"Bandleader Tobias Meinhart. Foto: Michael Scheiner\" style=\"width: 127px; height: 190px;\" \/> <\/a> <div class=\"tiled-gallery-caption\" itemprop=\"caption description\"> Bandleader Tobias Meinhart. Foto: Michael Scheiner <\/div> <\/div> <\/div> <!-- close group --> <div class=\"gallery-group images-1\" style=\"width: 289px; height: 194px;\" data-original-width=\"289\" data-original-height=\"194\" > <div class=\"tiled-gallery-item tiled-gallery-item-large\" itemprop=\"associatedMedia\" itemscope itemtype=\"http:\/\/schema.org\/ImageObject\"> <a href=\"https:\/\/www.jazzzeitung.de\/cms\/2021\/11\/tobias-meinhart-und-seine-band-im-regensburger-jazzclub-leerer-beutel\/calvaire-obed_99\/\" border=\"0\" itemprop=\"url\"> <meta itemprop=\"width\" content=\"285\"> <meta itemprop=\"height\" content=\"190\"> <img decoding=\"async\" class=\"\" data-attachment-id=\"26141\" data-orig-file=\"https:\/\/www.jazzzeitung.de\/cms\/wp-content\/uploads\/2021\/11\/calvaire-Obed_99.jpg\" data-orig-size=\"2362,1575\" data-comments-opened=\"1\" data-image-meta=\"{&quot;aperture&quot;:&quot;6.3&quot;,&quot;credit&quot;:&quot;MICHAEL Scheiner&quot;,&quot;camera&quot;:&quot;NIKON D7200&quot;,&quot;caption&quot;:&quot;&quot;,&quot;created_timestamp&quot;:&quot;1636057657&quot;,&quot;copyright&quot;:&quot;Michael Scheiner&quot;,&quot;focal_length&quot;:&quot;155&quot;,&quot;iso&quot;:&quot;3200&quot;,&quot;shutter_speed&quot;:&quot;0.016666666666667&quot;,&quot;title&quot;:&quot;&quot;,&quot;orientation&quot;:&quot;1&quot;}\" data-image-title=\"\" data-image-description=\"\" data-medium-file=\"https:\/\/i0.wp.com\/www.jazzzeitung.de\/cms\/wp-content\/uploads\/2021\/11\/calvaire-Obed_99.jpg?fit=300%2C200&#038;ssl=1\" data-large-file=\"https:\/\/i0.wp.com\/www.jazzzeitung.de\/cms\/wp-content\/uploads\/2021\/11\/calvaire-Obed_99.jpg?fit=840%2C560&#038;ssl=1\" src=\"https:\/\/i0.wp.com\/www.jazzzeitung.de\/cms\/wp-content\/uploads\/2021\/11\/calvaire-Obed_99.jpg?w=285&#038;h=190&#038;ssl=1\" srcset=\"https:\/\/i0.wp.com\/www.jazzzeitung.de\/cms\/wp-content\/uploads\/2021\/11\/calvaire-Obed_99.jpg?w=2362&amp;ssl=1 2362w, https:\/\/i0.wp.com\/www.jazzzeitung.de\/cms\/wp-content\/uploads\/2021\/11\/calvaire-Obed_99.jpg?resize=300%2C200&amp;ssl=1 300w, https:\/\/i0.wp.com\/www.jazzzeitung.de\/cms\/wp-content\/uploads\/2021\/11\/calvaire-Obed_99.jpg?resize=900%2C600&amp;ssl=1 900w, https:\/\/i0.wp.com\/www.jazzzeitung.de\/cms\/wp-content\/uploads\/2021\/11\/calvaire-Obed_99.jpg?resize=768%2C512&amp;ssl=1 768w, https:\/\/i0.wp.com\/www.jazzzeitung.de\/cms\/wp-content\/uploads\/2021\/11\/calvaire-Obed_99.jpg?resize=1536%2C1024&amp;ssl=1 1536w, https:\/\/i0.wp.com\/www.jazzzeitung.de\/cms\/wp-content\/uploads\/2021\/11\/calvaire-Obed_99.jpg?resize=2048%2C1366&amp;ssl=1 2048w, https:\/\/i0.wp.com\/www.jazzzeitung.de\/cms\/wp-content\/uploads\/2021\/11\/calvaire-Obed_99.jpg?resize=120%2C80&amp;ssl=1 120w, https:\/\/i0.wp.com\/www.jazzzeitung.de\/cms\/wp-content\/uploads\/2021\/11\/calvaire-Obed_99.jpg?resize=1320%2C880&amp;ssl=1 1320w, https:\/\/i0.wp.com\/www.jazzzeitung.de\/cms\/wp-content\/uploads\/2021\/11\/calvaire-Obed_99.jpg?w=1680&amp;ssl=1 1680w\" width=\"285\" height=\"190\" loading=\"lazy\" data-original-width=\"285\" data-original-height=\"190\" itemprop=\"http:\/\/schema.org\/image\" title=\"\" alt=\"Obed Calvaire. Foto: Michael Scheiner\" style=\"width: 285px; height: 190px;\" \/> <\/a> <div class=\"tiled-gallery-caption\" itemprop=\"caption description\"> Obed Calvaire. Foto: Michael Scheiner <\/div> <\/div> <\/div> <!-- close group --> <div class=\"gallery-group images-1\" style=\"width: 130px; height: 194px;\" data-original-width=\"130\" data-original-height=\"194\" > <div class=\"tiled-gallery-item tiled-gallery-item-small\" itemprop=\"associatedMedia\" itemscope itemtype=\"http:\/\/schema.org\/ImageObject\"> <a href=\"https:\/\/www.jazzzeitung.de\/cms\/2021\/11\/tobias-meinhart-und-seine-band-im-regensburger-jazzclub-leerer-beutel\/penman-matt_70\/\" border=\"0\" itemprop=\"url\"> <meta itemprop=\"width\" content=\"126\"> <meta itemprop=\"height\" content=\"190\"> <img decoding=\"async\" class=\"\" data-attachment-id=\"26144\" data-orig-file=\"https:\/\/www.jazzzeitung.de\/cms\/wp-content\/uploads\/2021\/11\/penman-Matt_70.jpg\" data-orig-size=\"1575,2362\" data-comments-opened=\"1\" data-image-meta=\"{&quot;aperture&quot;:&quot;5.3&quot;,&quot;credit&quot;:&quot;MICHAEL Scheiner&quot;,&quot;camera&quot;:&quot;NIKON D7200&quot;,&quot;caption&quot;:&quot;&quot;,&quot;created_timestamp&quot;:&quot;1636056488&quot;,&quot;copyright&quot;:&quot;Michael Scheiner&quot;,&quot;focal_length&quot;:&quot;75&quot;,&quot;iso&quot;:&quot;2500&quot;,&quot;shutter_speed&quot;:&quot;0.0125&quot;,&quot;title&quot;:&quot;&quot;,&quot;orientation&quot;:&quot;1&quot;}\" data-image-title=\"\" data-image-description=\"\" data-medium-file=\"https:\/\/i0.wp.com\/www.jazzzeitung.de\/cms\/wp-content\/uploads\/2021\/11\/penman-Matt_70.jpg?fit=200%2C300&#038;ssl=1\" data-large-file=\"https:\/\/i0.wp.com\/www.jazzzeitung.de\/cms\/wp-content\/uploads\/2021\/11\/penman-Matt_70.jpg?fit=400%2C600&#038;ssl=1\" src=\"https:\/\/i0.wp.com\/www.jazzzeitung.de\/cms\/wp-content\/uploads\/2021\/11\/penman-Matt_70.jpg?w=126&#038;h=190&#038;ssl=1\" srcset=\"https:\/\/i0.wp.com\/www.jazzzeitung.de\/cms\/wp-content\/uploads\/2021\/11\/penman-Matt_70.jpg?w=1575&amp;ssl=1 1575w, https:\/\/i0.wp.com\/www.jazzzeitung.de\/cms\/wp-content\/uploads\/2021\/11\/penman-Matt_70.jpg?resize=200%2C300&amp;ssl=1 200w, https:\/\/i0.wp.com\/www.jazzzeitung.de\/cms\/wp-content\/uploads\/2021\/11\/penman-Matt_70.jpg?resize=400%2C600&amp;ssl=1 400w, https:\/\/i0.wp.com\/www.jazzzeitung.de\/cms\/wp-content\/uploads\/2021\/11\/penman-Matt_70.jpg?resize=768%2C1152&amp;ssl=1 768w, https:\/\/i0.wp.com\/www.jazzzeitung.de\/cms\/wp-content\/uploads\/2021\/11\/penman-Matt_70.jpg?resize=1024%2C1536&amp;ssl=1 1024w, https:\/\/i0.wp.com\/www.jazzzeitung.de\/cms\/wp-content\/uploads\/2021\/11\/penman-Matt_70.jpg?resize=1366%2C2048&amp;ssl=1 1366w, https:\/\/i0.wp.com\/www.jazzzeitung.de\/cms\/wp-content\/uploads\/2021\/11\/penman-Matt_70.jpg?resize=1320%2C1980&amp;ssl=1 1320w\" width=\"126\" height=\"190\" loading=\"lazy\" data-original-width=\"126\" data-original-height=\"190\" itemprop=\"http:\/\/schema.org\/image\" title=\"\" alt=\"Matt Penman. Foto: Michael Scheiner\" style=\"width: 126px; height: 190px;\" \/> <\/a> <div class=\"tiled-gallery-caption\" itemprop=\"caption description\"> Matt Penman. Foto: Michael Scheiner <\/div> <\/div> <\/div> <!-- close group --> <\/div> <!-- close row --> <\/div>\n<p>Das musikalische Futter lieferten die vier Musiker mit einer Energie, Spielfreude und einem Feuerwerk an Ideen, die die Aufmerksamkeit bis zur letzten Sekunde fesselten. Das gilt sicher auch f\u00fcr die zwei \u00e4lteren Frauen, die der Veranstaltung schon zur Pause den R\u00fccken kehrten. Im Brustton der \u00dcberzeugung meinte eine zu ihrer Begleiterin: \u201eGeh, so schlecht san`s doch garnet!\u201c Bereits beim ersten St\u00fcck \u201eLunapark\u201c, einer hardbop-orientierten Komposition die Meinhart eigens f\u00fcr die Tour geschrieben hat, fanden die vier zu einem makellosem Zusammenspiel. In langen Soli entfalteten nacheinander Meinhart, Bassist Matt Penman und Eden Ladin am Piano ihre Ideen, die am Schlu\u00df in einem Feuerwerk am Schlagzeug m\u00fcndeten.<\/p>\n<h3>Instrumentale H\u00f6chstleistungen<\/h3>\n<p>Obed Calvaire, Schlagzeuger mit haitianischen Wurzeln, knallte dem begierig lauschenden Publikum in einem Fourth-Spiel mit den restlichen Musikern seine raffinierten Rhythmen derart um die Ohren, dass manchem der Atem stockte. Tats\u00e4chlich zeigte sich der jede Nuance vom zart getupften Kl\u00e4ngen bis hart vorantreibende Drummer als der heimliche Star des Abends. Geradezu spielerisch t\u00e4nzelte er mit seinen St\u00f6cken \u00fcber Felle und Becken, umspielte Rhythmen mit federleichtem Feingef\u00fchl. In \u201eWhite Bear\u201c, das Meinhart seinem Lieblingsrestaurant in Brooklyn gewidmet hat, gl\u00e4nzte er mit einem Solo der Extraklasse. Mit dichtem Bassdrumspiel und unwirklich schnell wirbelnden Sticks klang er fast wie ein ganzes Perkussion-Orchester. Es war ein Gewitter auf Fellen, Becken und Trommeln, repetitiv begleitet von Piano und Bass.<\/p>\n<p>Nach der wundervollen Ballade \u201eOak Tree\u201c und dem groovigen \u201eDark Horse\u201c, bei dem Meinhart eine beinahe sakrale Stimmung entfaltete, konnte sich das Publikum bei dem l\u00e4ssig interpretierten Standard \u201eNobody else, but me\u201c ein wenig zur\u00fccklehnen und entspannen. In \u201eDreamers\u201c lief der Bandleader auf dem nur zweimal eingesetzten Sopransaxofon zur H\u00f6chstform auf, im titelgebenden \u201eThe Painter\u201c formte er mit Multiphonics mi\u00dft\u00f6nende Klanggespinste zu einem ausdrucksstarken Statement. In einem langen Spannungsbogen steigerte er sich in einen expressiven Rausch von hymnischer Intensit\u00e4t, dem Penman mit seinem warmen, weichen Ton und der zupackende Ladin n nichts nachstanden. Ein gro\u00dfartiges Quartett, das hervorragend die Balance von packender Spannung und legerer Entspannung h\u00e4lt.<\/p>\n<p>Text und Fotos: Michael Scheiner<\/p>\n","protected":false},"excerpt":{"rendered":"<p>Einhellig begr\u00fc\u00dften Vorstandsmitglied beim Jazzclub Alfred Merkel, die Musiker um Tobias Meinhart und das Publikum mit lautem Beifall das erste Konzert ohne die Pflicht zum Tragen einer Maske. \u201eEndlich schaue ich wieder in Gesichter\u201c, freute sich Merkel bei der Begr\u00fc\u00dfung und Meinhart gestand, dass \u201ewir gl\u00fccklich sind nach langer Zeit vor so vielen Leuten spielen und euch sehen zu k\u00f6nnen!\u201c Im voll besetzten Leeren Beutel genossen die 3G-Besucher aber nicht nur ihre neu gewonnene Gesichtsfreiheit. Vom ruhigen Beginn an wurde der geb\u00fcrtige Regensburger, der mit seiner Band das neue Album \u201eThe Painter\u201c \u2013 der Maler \u2013 vorstellte, nachdr\u00fccklich gefeiert. Quer durch alle Altersgruppen waren die Menschen sp\u00fcrbar dankbar, die Begegnung mit anderen w\u00e4hrend eines lang erwarteten Konzertes in vollen Z\u00fcgen genie\u00dfen zu k\u00f6nnen. Das musikalische Futter lieferten die vier Musiker mit einer Energie, Spielfreude und einem Feuerwerk an Ideen, die die Aufmerksamkeit bis zur letzten Sekunde fesselten. Das gilt sicher auch f\u00fcr die zwei \u00e4lteren Frauen, die der Veranstaltung schon zur Pause den R\u00fccken kehrten. Im Brustton der \u00dcberzeugung meinte eine zu ihrer Begleiterin: \u201eGeh, so schlecht san`s doch garnet!\u201c Bereits beim ersten St\u00fcck \u201eLunapark\u201c, &hellip;<\/p>\n","protected":false},"author":37,"featured_media":26148,"comment_status":"open","ping_status":"closed","sticky":false,"template":"","format":"standard","meta":{"_jetpack_memberships_contains_paid_content":false,"footnotes":"","jetpack_publicize_message":"","jetpack_publicize_feature_enabled":true,"jetpack_social_post_already_shared":false,"jetpack_social_options":{"image_generator_settings":{"template":"highway","default_image_id":0,"font":"","enabled":false},"version":2}},"categories":[1053,652],"tags":[34,3472,3423,271,1896,322,3422,387,904,1758,442,1564,2312,1176,1035,558],"coauthors":[1765],"class_list":["post-26139","post","type-post","status-publish","format-standard","has-post-thumbnail","hentry","category-bericht","category-galerie","tag-album","tag-drummer","tag-eden-ladin","tag-jazzclub","tag-jazzclub-leerer-beutel","tag-konzert-2","tag-matt-penman","tag-michael-scheiner","tag-new-york","tag-obed-calvaire","tag-piano","tag-schlagzeug","tag-schlagzeuger","tag-soli","tag-tobias-meinhart","tag-tour"],"yoast_head":"<!-- This site is optimized with the Yoast SEO plugin v27.5 - https:\/\/yoast.com\/product\/yoast-seo-wordpress\/ -->\n<title>Tobias Meinhart und seine Band im Regensburger Jazzclub Leerer Beutel - JazzZeitung<\/title>\n<meta name=\"robots\" content=\"index, follow, max-snippet:-1, max-image-preview:large, max-video-preview:-1\" \/>\n<link rel=\"canonical\" href=\"https:\/\/www.jazzzeitung.de\/cms\/2021\/11\/tobias-meinhart-und-seine-band-im-regensburger-jazzclub-leerer-beutel\/\" \/>\n<meta property=\"og:locale\" content=\"de_DE\" \/>\n<meta property=\"og:type\" content=\"article\" \/>\n<meta property=\"og:title\" content=\"Tobias Meinhart und seine Band im Regensburger Jazzclub Leerer Beutel - JazzZeitung\" \/>\n<meta property=\"og:description\" content=\"Einhellig begr\u00fc\u00dften Vorstandsmitglied beim Jazzclub Alfred Merkel, die Musiker um Tobias Meinhart und das Publikum mit lautem Beifall das erste Konzert ohne die Pflicht zum Tragen einer Maske. \u201eEndlich schaue ich wieder in Gesichter\u201c, freute sich Merkel bei der Begr\u00fc\u00dfung und Meinhart gestand, dass \u201ewir gl\u00fccklich sind nach langer Zeit vor so vielen Leuten spielen und euch sehen zu k\u00f6nnen!\u201c Im voll besetzten Leeren Beutel genossen die 3G-Besucher aber nicht nur ihre neu gewonnene Gesichtsfreiheit. Vom ruhigen Beginn an wurde der geb\u00fcrtige Regensburger, der mit seiner Band das neue Album \u201eThe Painter\u201c \u2013 der Maler \u2013 vorstellte, nachdr\u00fccklich gefeiert. Quer durch alle Altersgruppen waren die Menschen sp\u00fcrbar dankbar, die Begegnung mit anderen w\u00e4hrend eines lang erwarteten Konzertes in vollen Z\u00fcgen genie\u00dfen zu k\u00f6nnen. Das musikalische Futter lieferten die vier Musiker mit einer Energie, Spielfreude und einem Feuerwerk an Ideen, die die Aufmerksamkeit bis zur letzten Sekunde fesselten. Das gilt sicher auch f\u00fcr die zwei \u00e4lteren Frauen, die der Veranstaltung schon zur Pause den R\u00fccken kehrten. Im Brustton der \u00dcberzeugung meinte eine zu ihrer Begleiterin: \u201eGeh, so schlecht san`s doch garnet!\u201c Bereits beim ersten St\u00fcck \u201eLunapark\u201c, &hellip;\" \/>\n<meta property=\"og:url\" content=\"https:\/\/www.jazzzeitung.de\/cms\/2021\/11\/tobias-meinhart-und-seine-band-im-regensburger-jazzclub-leerer-beutel\/\" \/>\n<meta property=\"og:site_name\" content=\"JazzZeitung\" \/>\n<meta property=\"article:publisher\" content=\"https:\/\/www.facebook.com\/JazzZeitung\/\" \/>\n<meta property=\"article:published_time\" content=\"2021-11-16T11:15:27+00:00\" \/>\n<meta property=\"og:image\" content=\"https:\/\/i0.wp.com\/www.jazzzeitung.de\/cms\/wp-content\/uploads\/2021\/11\/meinhart-trio_82.jpg?fit=2362%2C1575&ssl=1\" \/>\n\t<meta property=\"og:image:width\" content=\"2362\" \/>\n\t<meta property=\"og:image:height\" content=\"1575\" \/>\n\t<meta property=\"og:image:type\" content=\"image\/jpeg\" \/>\n<meta name=\"author\" content=\"Michael Scheiner\" \/>\n<script type=\"application\/ld+json\" class=\"yoast-schema-graph\">{\"@context\":\"https:\\\/\\\/schema.org\",\"@graph\":[{\"@type\":\"Article\",\"@id\":\"https:\\\/\\\/www.jazzzeitung.de\\\/cms\\\/2021\\\/11\\\/tobias-meinhart-und-seine-band-im-regensburger-jazzclub-leerer-beutel\\\/#article\",\"isPartOf\":{\"@id\":\"https:\\\/\\\/www.jazzzeitung.de\\\/cms\\\/2021\\\/11\\\/tobias-meinhart-und-seine-band-im-regensburger-jazzclub-leerer-beutel\\\/\"},\"author\":{\"name\":\"Michael Scheiner\",\"@id\":\"https:\\\/\\\/www.jazzzeitung.de\\\/cms\\\/#\\\/schema\\\/person\\\/a0bebd4d1728041629a3cbd7790f87fb\"},\"headline\":\"Tobias Meinhart und seine Band im Regensburger Jazzclub Leerer Beutel\",\"datePublished\":\"2021-11-16T11:15:27+00:00\",\"mainEntityOfPage\":{\"@id\":\"https:\\\/\\\/www.jazzzeitung.de\\\/cms\\\/2021\\\/11\\\/tobias-meinhart-und-seine-band-im-regensburger-jazzclub-leerer-beutel\\\/\"},\"wordCount\":500,\"commentCount\":0,\"publisher\":{\"@id\":\"https:\\\/\\\/www.jazzzeitung.de\\\/cms\\\/#organization\"},\"image\":{\"@id\":\"https:\\\/\\\/www.jazzzeitung.de\\\/cms\\\/2021\\\/11\\\/tobias-meinhart-und-seine-band-im-regensburger-jazzclub-leerer-beutel\\\/#primaryimage\"},\"thumbnailUrl\":\"https:\\\/\\\/i0.wp.com\\\/www.jazzzeitung.de\\\/cms\\\/wp-content\\\/uploads\\\/2021\\\/11\\\/meinhart-trio_82.jpg?fit=2362%2C1575&ssl=1\",\"keywords\":[\"Album\",\"Drummer\",\"Eden Ladin\",\"Jazzclub\",\"Jazzclub Leerer Beutel\",\"Konzert\",\"Matt Penman\",\"Michael Scheiner\",\"New York\",\"Obed Calvaire\",\"Piano\",\"Schlagzeug\",\"Schlagzeuger\",\"Soli\",\"Tobias Meinhart\",\"Tour\"],\"articleSection\":[\"Bericht\",\"Galerie\"],\"inLanguage\":\"de\",\"potentialAction\":[{\"@type\":\"CommentAction\",\"name\":\"Comment\",\"target\":[\"https:\\\/\\\/www.jazzzeitung.de\\\/cms\\\/2021\\\/11\\\/tobias-meinhart-und-seine-band-im-regensburger-jazzclub-leerer-beutel\\\/#respond\"]}]},{\"@type\":\"WebPage\",\"@id\":\"https:\\\/\\\/www.jazzzeitung.de\\\/cms\\\/2021\\\/11\\\/tobias-meinhart-und-seine-band-im-regensburger-jazzclub-leerer-beutel\\\/\",\"url\":\"https:\\\/\\\/www.jazzzeitung.de\\\/cms\\\/2021\\\/11\\\/tobias-meinhart-und-seine-band-im-regensburger-jazzclub-leerer-beutel\\\/\",\"name\":\"Tobias Meinhart und seine Band im Regensburger Jazzclub Leerer Beutel - JazzZeitung\",\"isPartOf\":{\"@id\":\"https:\\\/\\\/www.jazzzeitung.de\\\/cms\\\/#website\"},\"primaryImageOfPage\":{\"@id\":\"https:\\\/\\\/www.jazzzeitung.de\\\/cms\\\/2021\\\/11\\\/tobias-meinhart-und-seine-band-im-regensburger-jazzclub-leerer-beutel\\\/#primaryimage\"},\"image\":{\"@id\":\"https:\\\/\\\/www.jazzzeitung.de\\\/cms\\\/2021\\\/11\\\/tobias-meinhart-und-seine-band-im-regensburger-jazzclub-leerer-beutel\\\/#primaryimage\"},\"thumbnailUrl\":\"https:\\\/\\\/i0.wp.com\\\/www.jazzzeitung.de\\\/cms\\\/wp-content\\\/uploads\\\/2021\\\/11\\\/meinhart-trio_82.jpg?fit=2362%2C1575&ssl=1\",\"datePublished\":\"2021-11-16T11:15:27+00:00\",\"breadcrumb\":{\"@id\":\"https:\\\/\\\/www.jazzzeitung.de\\\/cms\\\/2021\\\/11\\\/tobias-meinhart-und-seine-band-im-regensburger-jazzclub-leerer-beutel\\\/#breadcrumb\"},\"inLanguage\":\"de\",\"potentialAction\":[{\"@type\":\"ReadAction\",\"target\":[\"https:\\\/\\\/www.jazzzeitung.de\\\/cms\\\/2021\\\/11\\\/tobias-meinhart-und-seine-band-im-regensburger-jazzclub-leerer-beutel\\\/\"]}]},{\"@type\":\"ImageObject\",\"inLanguage\":\"de\",\"@id\":\"https:\\\/\\\/www.jazzzeitung.de\\\/cms\\\/2021\\\/11\\\/tobias-meinhart-und-seine-band-im-regensburger-jazzclub-leerer-beutel\\\/#primaryimage\",\"url\":\"https:\\\/\\\/i0.wp.com\\\/www.jazzzeitung.de\\\/cms\\\/wp-content\\\/uploads\\\/2021\\\/11\\\/meinhart-trio_82.jpg?fit=2362%2C1575&ssl=1\",\"contentUrl\":\"https:\\\/\\\/i0.wp.com\\\/www.jazzzeitung.de\\\/cms\\\/wp-content\\\/uploads\\\/2021\\\/11\\\/meinhart-trio_82.jpg?fit=2362%2C1575&ssl=1\",\"width\":2362,\"height\":1575},{\"@type\":\"BreadcrumbList\",\"@id\":\"https:\\\/\\\/www.jazzzeitung.de\\\/cms\\\/2021\\\/11\\\/tobias-meinhart-und-seine-band-im-regensburger-jazzclub-leerer-beutel\\\/#breadcrumb\",\"itemListElement\":[{\"@type\":\"ListItem\",\"position\":1,\"name\":\"Startseite\",\"item\":\"https:\\\/\\\/www.jazzzeitung.de\\\/cms\\\/\"},{\"@type\":\"ListItem\",\"position\":2,\"name\":\"Tobias Meinhart und seine Band im Regensburger Jazzclub Leerer Beutel\"}]},{\"@type\":\"WebSite\",\"@id\":\"https:\\\/\\\/www.jazzzeitung.de\\\/cms\\\/#website\",\"url\":\"https:\\\/\\\/www.jazzzeitung.de\\\/cms\\\/\",\"name\":\"JazzZeitung\",\"description\":\"Jazz-News und Jazz-Kontroverses\",\"publisher\":{\"@id\":\"https:\\\/\\\/www.jazzzeitung.de\\\/cms\\\/#organization\"},\"potentialAction\":[{\"@type\":\"SearchAction\",\"target\":{\"@type\":\"EntryPoint\",\"urlTemplate\":\"https:\\\/\\\/www.jazzzeitung.de\\\/cms\\\/?s={search_term_string}\"},\"query-input\":{\"@type\":\"PropertyValueSpecification\",\"valueRequired\":true,\"valueName\":\"search_term_string\"}}],\"inLanguage\":\"de\"},{\"@type\":\"Organization\",\"@id\":\"https:\\\/\\\/www.jazzzeitung.de\\\/cms\\\/#organization\",\"name\":\"JazzZeitung online\",\"url\":\"https:\\\/\\\/www.jazzzeitung.de\\\/cms\\\/\",\"logo\":{\"@type\":\"ImageObject\",\"inLanguage\":\"de\",\"@id\":\"https:\\\/\\\/www.jazzzeitung.de\\\/cms\\\/#\\\/schema\\\/logo\\\/image\\\/\",\"url\":\"https:\\\/\\\/i0.wp.com\\\/www.jazzzeitung.de\\\/cms\\\/wp-content\\\/uploads\\\/2015\\\/08\\\/JAZZZEITUNGDE_Logo_Neu.png?fit=499%2C200&ssl=1\",\"contentUrl\":\"https:\\\/\\\/i0.wp.com\\\/www.jazzzeitung.de\\\/cms\\\/wp-content\\\/uploads\\\/2015\\\/08\\\/JAZZZEITUNGDE_Logo_Neu.png?fit=499%2C200&ssl=1\",\"width\":499,\"height\":200,\"caption\":\"JazzZeitung online\"},\"image\":{\"@id\":\"https:\\\/\\\/www.jazzzeitung.de\\\/cms\\\/#\\\/schema\\\/logo\\\/image\\\/\"},\"sameAs\":[\"https:\\\/\\\/www.facebook.com\\\/JazzZeitung\\\/\"]},{\"@type\":\"Person\",\"@id\":\"https:\\\/\\\/www.jazzzeitung.de\\\/cms\\\/#\\\/schema\\\/person\\\/a0bebd4d1728041629a3cbd7790f87fb\",\"name\":\"Michael Scheiner\",\"image\":{\"@type\":\"ImageObject\",\"inLanguage\":\"de\",\"@id\":\"https:\\\/\\\/secure.gravatar.com\\\/avatar\\\/c2d6ac12f682c419867cf3f803880bb41d5b23007d3670820aa9a6e7b5f6ec8d?s=96&d=wp_user_avatar&r=gdabb1b10453880983dfc53da7552ec76\",\"url\":\"https:\\\/\\\/secure.gravatar.com\\\/avatar\\\/c2d6ac12f682c419867cf3f803880bb41d5b23007d3670820aa9a6e7b5f6ec8d?s=96&d=wp_user_avatar&r=g\",\"contentUrl\":\"https:\\\/\\\/secure.gravatar.com\\\/avatar\\\/c2d6ac12f682c419867cf3f803880bb41d5b23007d3670820aa9a6e7b5f6ec8d?s=96&d=wp_user_avatar&r=g\",\"caption\":\"Michael Scheiner\"},\"sameAs\":[\"http:\\\/\\\/www.michaelscheiner.de\"],\"url\":\"https:\\\/\\\/www.jazzzeitung.de\\\/cms\\\/author\\\/mscheiner\\\/\"}]}<\/script>\n<!-- \/ Yoast SEO plugin. -->","yoast_head_json":{"title":"Tobias Meinhart und seine Band im Regensburger Jazzclub Leerer Beutel - JazzZeitung","robots":{"index":"index","follow":"follow","max-snippet":"max-snippet:-1","max-image-preview":"max-image-preview:large","max-video-preview":"max-video-preview:-1"},"canonical":"https:\/\/www.jazzzeitung.de\/cms\/2021\/11\/tobias-meinhart-und-seine-band-im-regensburger-jazzclub-leerer-beutel\/","og_locale":"de_DE","og_type":"article","og_title":"Tobias Meinhart und seine Band im Regensburger Jazzclub Leerer Beutel - JazzZeitung","og_description":"Einhellig begr\u00fc\u00dften Vorstandsmitglied beim Jazzclub Alfred Merkel, die Musiker um Tobias Meinhart und das Publikum mit lautem Beifall das erste Konzert ohne die Pflicht zum Tragen einer Maske. \u201eEndlich schaue ich wieder in Gesichter\u201c, freute sich Merkel bei der Begr\u00fc\u00dfung und Meinhart gestand, dass \u201ewir gl\u00fccklich sind nach langer Zeit vor so vielen Leuten spielen und euch sehen zu k\u00f6nnen!\u201c Im voll besetzten Leeren Beutel genossen die 3G-Besucher aber nicht nur ihre neu gewonnene Gesichtsfreiheit. Vom ruhigen Beginn an wurde der geb\u00fcrtige Regensburger, der mit seiner Band das neue Album \u201eThe Painter\u201c \u2013 der Maler \u2013 vorstellte, nachdr\u00fccklich gefeiert. Quer durch alle Altersgruppen waren die Menschen sp\u00fcrbar dankbar, die Begegnung mit anderen w\u00e4hrend eines lang erwarteten Konzertes in vollen Z\u00fcgen genie\u00dfen zu k\u00f6nnen. Das musikalische Futter lieferten die vier Musiker mit einer Energie, Spielfreude und einem Feuerwerk an Ideen, die die Aufmerksamkeit bis zur letzten Sekunde fesselten. Das gilt sicher auch f\u00fcr die zwei \u00e4lteren Frauen, die der Veranstaltung schon zur Pause den R\u00fccken kehrten. Im Brustton der \u00dcberzeugung meinte eine zu ihrer Begleiterin: \u201eGeh, so schlecht san`s doch garnet!\u201c Bereits beim ersten St\u00fcck \u201eLunapark\u201c, &hellip;","og_url":"https:\/\/www.jazzzeitung.de\/cms\/2021\/11\/tobias-meinhart-und-seine-band-im-regensburger-jazzclub-leerer-beutel\/","og_site_name":"JazzZeitung","article_publisher":"https:\/\/www.facebook.com\/JazzZeitung\/","article_published_time":"2021-11-16T11:15:27+00:00","og_image":[{"width":2362,"height":1575,"url":"https:\/\/i0.wp.com\/www.jazzzeitung.de\/cms\/wp-content\/uploads\/2021\/11\/meinhart-trio_82.jpg?fit=2362%2C1575&ssl=1","type":"image\/jpeg"}],"author":"Michael Scheiner","schema":{"@context":"https:\/\/schema.org","@graph":[{"@type":"Article","@id":"https:\/\/www.jazzzeitung.de\/cms\/2021\/11\/tobias-meinhart-und-seine-band-im-regensburger-jazzclub-leerer-beutel\/#article","isPartOf":{"@id":"https:\/\/www.jazzzeitung.de\/cms\/2021\/11\/tobias-meinhart-und-seine-band-im-regensburger-jazzclub-leerer-beutel\/"},"author":{"name":"Michael Scheiner","@id":"https:\/\/www.jazzzeitung.de\/cms\/#\/schema\/person\/a0bebd4d1728041629a3cbd7790f87fb"},"headline":"Tobias Meinhart und seine Band im Regensburger Jazzclub Leerer Beutel","datePublished":"2021-11-16T11:15:27+00:00","mainEntityOfPage":{"@id":"https:\/\/www.jazzzeitung.de\/cms\/2021\/11\/tobias-meinhart-und-seine-band-im-regensburger-jazzclub-leerer-beutel\/"},"wordCount":500,"commentCount":0,"publisher":{"@id":"https:\/\/www.jazzzeitung.de\/cms\/#organization"},"image":{"@id":"https:\/\/www.jazzzeitung.de\/cms\/2021\/11\/tobias-meinhart-und-seine-band-im-regensburger-jazzclub-leerer-beutel\/#primaryimage"},"thumbnailUrl":"https:\/\/i0.wp.com\/www.jazzzeitung.de\/cms\/wp-content\/uploads\/2021\/11\/meinhart-trio_82.jpg?fit=2362%2C1575&ssl=1","keywords":["Album","Drummer","Eden Ladin","Jazzclub","Jazzclub Leerer Beutel","Konzert","Matt Penman","Michael Scheiner","New York","Obed Calvaire","Piano","Schlagzeug","Schlagzeuger","Soli","Tobias Meinhart","Tour"],"articleSection":["Bericht","Galerie"],"inLanguage":"de","potentialAction":[{"@type":"CommentAction","name":"Comment","target":["https:\/\/www.jazzzeitung.de\/cms\/2021\/11\/tobias-meinhart-und-seine-band-im-regensburger-jazzclub-leerer-beutel\/#respond"]}]},{"@type":"WebPage","@id":"https:\/\/www.jazzzeitung.de\/cms\/2021\/11\/tobias-meinhart-und-seine-band-im-regensburger-jazzclub-leerer-beutel\/","url":"https:\/\/www.jazzzeitung.de\/cms\/2021\/11\/tobias-meinhart-und-seine-band-im-regensburger-jazzclub-leerer-beutel\/","name":"Tobias Meinhart und seine Band im Regensburger Jazzclub Leerer Beutel - JazzZeitung","isPartOf":{"@id":"https:\/\/www.jazzzeitung.de\/cms\/#website"},"primaryImageOfPage":{"@id":"https:\/\/www.jazzzeitung.de\/cms\/2021\/11\/tobias-meinhart-und-seine-band-im-regensburger-jazzclub-leerer-beutel\/#primaryimage"},"image":{"@id":"https:\/\/www.jazzzeitung.de\/cms\/2021\/11\/tobias-meinhart-und-seine-band-im-regensburger-jazzclub-leerer-beutel\/#primaryimage"},"thumbnailUrl":"https:\/\/i0.wp.com\/www.jazzzeitung.de\/cms\/wp-content\/uploads\/2021\/11\/meinhart-trio_82.jpg?fit=2362%2C1575&ssl=1","datePublished":"2021-11-16T11:15:27+00:00","breadcrumb":{"@id":"https:\/\/www.jazzzeitung.de\/cms\/2021\/11\/tobias-meinhart-und-seine-band-im-regensburger-jazzclub-leerer-beutel\/#breadcrumb"},"inLanguage":"de","potentialAction":[{"@type":"ReadAction","target":["https:\/\/www.jazzzeitung.de\/cms\/2021\/11\/tobias-meinhart-und-seine-band-im-regensburger-jazzclub-leerer-beutel\/"]}]},{"@type":"ImageObject","inLanguage":"de","@id":"https:\/\/www.jazzzeitung.de\/cms\/2021\/11\/tobias-meinhart-und-seine-band-im-regensburger-jazzclub-leerer-beutel\/#primaryimage","url":"https:\/\/i0.wp.com\/www.jazzzeitung.de\/cms\/wp-content\/uploads\/2021\/11\/meinhart-trio_82.jpg?fit=2362%2C1575&ssl=1","contentUrl":"https:\/\/i0.wp.com\/www.jazzzeitung.de\/cms\/wp-content\/uploads\/2021\/11\/meinhart-trio_82.jpg?fit=2362%2C1575&ssl=1","width":2362,"height":1575},{"@type":"BreadcrumbList","@id":"https:\/\/www.jazzzeitung.de\/cms\/2021\/11\/tobias-meinhart-und-seine-band-im-regensburger-jazzclub-leerer-beutel\/#breadcrumb","itemListElement":[{"@type":"ListItem","position":1,"name":"Startseite","item":"https:\/\/www.jazzzeitung.de\/cms\/"},{"@type":"ListItem","position":2,"name":"Tobias Meinhart und seine Band im Regensburger Jazzclub Leerer Beutel"}]},{"@type":"WebSite","@id":"https:\/\/www.jazzzeitung.de\/cms\/#website","url":"https:\/\/www.jazzzeitung.de\/cms\/","name":"JazzZeitung","description":"Jazz-News und Jazz-Kontroverses","publisher":{"@id":"https:\/\/www.jazzzeitung.de\/cms\/#organization"},"potentialAction":[{"@type":"SearchAction","target":{"@type":"EntryPoint","urlTemplate":"https:\/\/www.jazzzeitung.de\/cms\/?s={search_term_string}"},"query-input":{"@type":"PropertyValueSpecification","valueRequired":true,"valueName":"search_term_string"}}],"inLanguage":"de"},{"@type":"Organization","@id":"https:\/\/www.jazzzeitung.de\/cms\/#organization","name":"JazzZeitung online","url":"https:\/\/www.jazzzeitung.de\/cms\/","logo":{"@type":"ImageObject","inLanguage":"de","@id":"https:\/\/www.jazzzeitung.de\/cms\/#\/schema\/logo\/image\/","url":"https:\/\/i0.wp.com\/www.jazzzeitung.de\/cms\/wp-content\/uploads\/2015\/08\/JAZZZEITUNGDE_Logo_Neu.png?fit=499%2C200&ssl=1","contentUrl":"https:\/\/i0.wp.com\/www.jazzzeitung.de\/cms\/wp-content\/uploads\/2015\/08\/JAZZZEITUNGDE_Logo_Neu.png?fit=499%2C200&ssl=1","width":499,"height":200,"caption":"JazzZeitung online"},"image":{"@id":"https:\/\/www.jazzzeitung.de\/cms\/#\/schema\/logo\/image\/"},"sameAs":["https:\/\/www.facebook.com\/JazzZeitung\/"]},{"@type":"Person","@id":"https:\/\/www.jazzzeitung.de\/cms\/#\/schema\/person\/a0bebd4d1728041629a3cbd7790f87fb","name":"Michael Scheiner","image":{"@type":"ImageObject","inLanguage":"de","@id":"https:\/\/secure.gravatar.com\/avatar\/c2d6ac12f682c419867cf3f803880bb41d5b23007d3670820aa9a6e7b5f6ec8d?s=96&d=wp_user_avatar&r=gdabb1b10453880983dfc53da7552ec76","url":"https:\/\/secure.gravatar.com\/avatar\/c2d6ac12f682c419867cf3f803880bb41d5b23007d3670820aa9a6e7b5f6ec8d?s=96&d=wp_user_avatar&r=g","contentUrl":"https:\/\/secure.gravatar.com\/avatar\/c2d6ac12f682c419867cf3f803880bb41d5b23007d3670820aa9a6e7b5f6ec8d?s=96&d=wp_user_avatar&r=g","caption":"Michael Scheiner"},"sameAs":["http:\/\/www.michaelscheiner.de"],"url":"https:\/\/www.jazzzeitung.de\/cms\/author\/mscheiner\/"}]}},"wp-worthy-pixel":{"ignored":false,"public":null,"server":null,"url":null},"wp-worthy-type":"normal","jetpack_publicize_connections":[],"cc_featured_image_caption":{"caption_text":"","source_text":"","source_url":""},"jetpack_featured_media_url":"https:\/\/i0.wp.com\/www.jazzzeitung.de\/cms\/wp-content\/uploads\/2021\/11\/meinhart-trio_82.jpg?fit=2362%2C1575&ssl=1","jetpack_shortlink":"https:\/\/wp.me\/p3KEcT-6NB","jetpack-related-posts":[{"id":29211,"url":"https:\/\/www.jazzzeitung.de\/cms\/2023\/03\/news-regensburg-huerth-ljjo-baden-wuerttemberg\/","url_meta":{"origin":26139,"position":0},"title":"News: +++ Regensburg +++ H\u00fcrth +++ LJJO Baden-W\u00fcrttemberg +++","author":"Redaktion JazzZeitung","date":"14. M\u00e4rz 2023","format":false,"excerpt":"+++ Highlight-April im Regensburger Jazzclub +++ Neben dem allmonatlichen Jazz-Brunch im Degginger (diesen Monat Yankee Meier Organ Trio, Sonntag 23. April 2023) und der Session im Leeren Beutel (Sessionleiter: Danube in Blue, 3. April 2023), veranstaltet der Regensburger Jazzclub wiederholt hochkar\u00e4tige Konzerte im Leeren Beutel und im Caf\u00e9 Degginger. Das\u2026","rel":"","context":"In &quot;News&quot;","block_context":{"text":"News","link":"https:\/\/www.jazzzeitung.de\/cms\/thema\/nachrichten\/"},"img":{"alt_text":"","src":"https:\/\/i0.wp.com\/www.jazzzeitung.de\/cms\/wp-content\/uploads\/2023\/03\/jc-20230404-Tobias-Meinhart-The-Painter%C2%A9-Mariana-Meraz_Jazzclub-Regensburg.jpg?fit=1200%2C801&ssl=1&resize=350%2C200","width":350,"height":200,"srcset":"https:\/\/i0.wp.com\/www.jazzzeitung.de\/cms\/wp-content\/uploads\/2023\/03\/jc-20230404-Tobias-Meinhart-The-Painter%C2%A9-Mariana-Meraz_Jazzclub-Regensburg.jpg?fit=1200%2C801&ssl=1&resize=350%2C200 1x, https:\/\/i0.wp.com\/www.jazzzeitung.de\/cms\/wp-content\/uploads\/2023\/03\/jc-20230404-Tobias-Meinhart-The-Painter%C2%A9-Mariana-Meraz_Jazzclub-Regensburg.jpg?fit=1200%2C801&ssl=1&resize=525%2C300 1.5x, https:\/\/i0.wp.com\/www.jazzzeitung.de\/cms\/wp-content\/uploads\/2023\/03\/jc-20230404-Tobias-Meinhart-The-Painter%C2%A9-Mariana-Meraz_Jazzclub-Regensburg.jpg?fit=1200%2C801&ssl=1&resize=700%2C400 2x, https:\/\/i0.wp.com\/www.jazzzeitung.de\/cms\/wp-content\/uploads\/2023\/03\/jc-20230404-Tobias-Meinhart-The-Painter%C2%A9-Mariana-Meraz_Jazzclub-Regensburg.jpg?fit=1200%2C801&ssl=1&resize=1050%2C600 3x"},"classes":[]},{"id":2516,"url":"https:\/\/www.jazzzeitung.de\/cms\/2013\/10\/drei-hammond-eggs-und-ein-amerikaner-im-regensburger-jazzclub-leerer-beutel\/","url_meta":{"origin":26139,"position":1},"title":"Drei Hammond Eggs und ein Amerikaner im Regensburger Jazzclub \u201eLeerer Beutel\u201c","author":"Redaktion JazzZeitung","date":"24. Oktober 2013","format":false,"excerpt":"Hammond Eggs, das sind Jermaine Landsberger an einer unaufh\u00f6rlich\u00a0 brodelnden Hammond-Orgel, Paulo Morello, der seine Gitarre cool und\u00a0 kultiviert grooven l\u00e4sst, sowie Christoph Huber hinger seinem pr\u00e4zise, knackig arbeitenden Schlagwerk. Gestern besuchte das Trio den Regensburger Jazzclub \u201eLeerer Beutel\u201c gemeinsam mit dem amerikanischen Trompeter Randy Brecker. Das Quartett produzierte \u00fcber\u2026","rel":"","context":"In &quot;News&quot;","block_context":{"text":"News","link":"https:\/\/www.jazzzeitung.de\/cms\/thema\/nachrichten\/"},"img":{"alt_text":"","src":"https:\/\/i0.wp.com\/www.jazzzeitung.de\/cms\/wp-content\/uploads\/2013\/10\/DSC_0221.jpg?fit=1200%2C797&ssl=1&resize=350%2C200","width":350,"height":200,"srcset":"https:\/\/i0.wp.com\/www.jazzzeitung.de\/cms\/wp-content\/uploads\/2013\/10\/DSC_0221.jpg?fit=1200%2C797&ssl=1&resize=350%2C200 1x, https:\/\/i0.wp.com\/www.jazzzeitung.de\/cms\/wp-content\/uploads\/2013\/10\/DSC_0221.jpg?fit=1200%2C797&ssl=1&resize=525%2C300 1.5x, https:\/\/i0.wp.com\/www.jazzzeitung.de\/cms\/wp-content\/uploads\/2013\/10\/DSC_0221.jpg?fit=1200%2C797&ssl=1&resize=700%2C400 2x, https:\/\/i0.wp.com\/www.jazzzeitung.de\/cms\/wp-content\/uploads\/2013\/10\/DSC_0221.jpg?fit=1200%2C797&ssl=1&resize=1050%2C600 3x"},"classes":[]},{"id":30055,"url":"https:\/\/www.jazzzeitung.de\/cms\/2023\/09\/das-quartett-von-alex-hitchcock-spielt-zum-saisonauftakt-beim-jazzclub-regensburg\/","url_meta":{"origin":26139,"position":2},"title":"Das Quartett von Alex Hitchcock spielt zum Saisonauftakt beim Jazzclub Regensburg","author":"Michael Scheiner","date":"22. September 2023","format":false,"excerpt":"Schaut man nur auf das \u00c4u\u00dfere der Alex Hitchcock Dream Band, f\u00e4llt sie durch alle Raster. Durch den der political correctness ebenso wie den des musikalischen Zeitgeistes. In der Traumbesetzung des jungen britischen Saxophonisten hat keine Musikerin Platz. Und bei den m\u00e4nnlichen Musikschaffenden auf der B\u00fchne ist nirgends auch nur\u2026","rel":"","context":"In &quot;Bericht&quot;","block_context":{"text":"Bericht","link":"https:\/\/www.jazzzeitung.de\/cms\/thema\/bericht\/"},"img":{"alt_text":"","src":"https:\/\/i0.wp.com\/www.jazzzeitung.de\/cms\/wp-content\/uploads\/2023\/09\/Hitchcock-Alex-band_44.jpg?fit=1200%2C810&ssl=1&resize=350%2C200","width":350,"height":200,"srcset":"https:\/\/i0.wp.com\/www.jazzzeitung.de\/cms\/wp-content\/uploads\/2023\/09\/Hitchcock-Alex-band_44.jpg?fit=1200%2C810&ssl=1&resize=350%2C200 1x, https:\/\/i0.wp.com\/www.jazzzeitung.de\/cms\/wp-content\/uploads\/2023\/09\/Hitchcock-Alex-band_44.jpg?fit=1200%2C810&ssl=1&resize=525%2C300 1.5x, https:\/\/i0.wp.com\/www.jazzzeitung.de\/cms\/wp-content\/uploads\/2023\/09\/Hitchcock-Alex-band_44.jpg?fit=1200%2C810&ssl=1&resize=700%2C400 2x, https:\/\/i0.wp.com\/www.jazzzeitung.de\/cms\/wp-content\/uploads\/2023\/09\/Hitchcock-Alex-band_44.jpg?fit=1200%2C810&ssl=1&resize=1050%2C600 3x"},"classes":[]},{"id":28719,"url":"https:\/\/www.jazzzeitung.de\/cms\/2022\/11\/wuchtige-grooves-stille-momente-kultband-om-im-jazzclub-leerer-beutel\/","url_meta":{"origin":26139,"position":3},"title":"Wuchtige Grooves, stille Momente: Kultband OM im Jazzclub Leerer Beutel","author":"Michael Scheiner","date":"30. November 2022","format":false,"excerpt":"P-M-F\/B, der Titel ist so r\u00e4tselhaft, wie vieldeutig. Mit diesem m\u00e4chtig groovenden St\u00fcck aus ihrem neuen Album \u201eOM 50\u201c fallen die vier Musiker der schweizerischen Kultband beim Jazzclub in Regensburg mit der T\u00fcr ins Haus. Unnachgiebig jagt Bobby Burri mit dem Plektron \u00fcber die Saiten des Kontrabasses, nicht weniger straff\u2026","rel":"","context":"In &quot;Rezension&quot;","block_context":{"text":"Rezension","link":"https:\/\/www.jazzzeitung.de\/cms\/thema\/rezension\/"},"img":{"alt_text":"","src":"https:\/\/i0.wp.com\/www.jazzzeitung.de\/cms\/wp-content\/uploads\/2022\/11\/om-studer_97.jpg?fit=1200%2C769&ssl=1&resize=350%2C200","width":350,"height":200,"srcset":"https:\/\/i0.wp.com\/www.jazzzeitung.de\/cms\/wp-content\/uploads\/2022\/11\/om-studer_97.jpg?fit=1200%2C769&ssl=1&resize=350%2C200 1x, https:\/\/i0.wp.com\/www.jazzzeitung.de\/cms\/wp-content\/uploads\/2022\/11\/om-studer_97.jpg?fit=1200%2C769&ssl=1&resize=525%2C300 1.5x, https:\/\/i0.wp.com\/www.jazzzeitung.de\/cms\/wp-content\/uploads\/2022\/11\/om-studer_97.jpg?fit=1200%2C769&ssl=1&resize=700%2C400 2x, https:\/\/i0.wp.com\/www.jazzzeitung.de\/cms\/wp-content\/uploads\/2022\/11\/om-studer_97.jpg?fit=1200%2C769&ssl=1&resize=1050%2C600 3x"},"classes":[]},{"id":13670,"url":"https:\/\/www.jazzzeitung.de\/cms\/2017\/10\/save-the-date-der-jazzclub-regensburg-wird-30\/","url_meta":{"origin":26139,"position":4},"title":"Save the date: der Jazzclub Regensburg wird 30","author":"Redaktion JazzZeitung","date":"5. Oktober 2017","format":false,"excerpt":"Seit 30 Jahren steht der Jazzclub Regensburg f\u00fcr ein genauso hochkar\u00e4tiges, wie abwechslungsreiches Live-Programm. In diesem Herbst wird die bayerische Musikinstitution 30 Jahre alt \u2013 gefeiert wird im November. Seit 1987 hat der Jazz in Regensburg ein Zuhause \u2013im Jazzclub Regensburg, angesiedelt im historischen Gem\u00e4uer des Kulturzentrums \u201eLeerer Beutel\u201c (Bertoldstra\u00dfe\u2026","rel":"","context":"In &quot;News&quot;","block_context":{"text":"News","link":"https:\/\/www.jazzzeitung.de\/cms\/thema\/nachrichten\/"},"img":{"alt_text":"","src":"https:\/\/i0.wp.com\/www.jazzzeitung.de\/cms\/wp-content\/uploads\/2017\/10\/Pablo-Held-Trio-Wald-73423.jpg?fit=1200%2C800&ssl=1&resize=350%2C200","width":350,"height":200,"srcset":"https:\/\/i0.wp.com\/www.jazzzeitung.de\/cms\/wp-content\/uploads\/2017\/10\/Pablo-Held-Trio-Wald-73423.jpg?fit=1200%2C800&ssl=1&resize=350%2C200 1x, https:\/\/i0.wp.com\/www.jazzzeitung.de\/cms\/wp-content\/uploads\/2017\/10\/Pablo-Held-Trio-Wald-73423.jpg?fit=1200%2C800&ssl=1&resize=525%2C300 1.5x, https:\/\/i0.wp.com\/www.jazzzeitung.de\/cms\/wp-content\/uploads\/2017\/10\/Pablo-Held-Trio-Wald-73423.jpg?fit=1200%2C800&ssl=1&resize=700%2C400 2x, https:\/\/i0.wp.com\/www.jazzzeitung.de\/cms\/wp-content\/uploads\/2017\/10\/Pablo-Held-Trio-Wald-73423.jpg?fit=1200%2C800&ssl=1&resize=1050%2C600 3x"},"classes":[]},{"id":7704,"url":"https:\/\/www.jazzzeitung.de\/cms\/2015\/11\/news-konzertfinale-junger-muenchner-jazzpreis-2015-festival-jazzdate2015-leipzig\/","url_meta":{"origin":26139,"position":5},"title":"+++ News +++ Konzertfinale Junger M\u00fcnchner Jazzpreis 2015 +++ Festival JazzDate2015 Leipzig +++ Tobias Meinhart auf Tour +++","author":"Redaktion JazzZeitung","date":"10. November 2015","format":false,"excerpt":"+++ Konzertfinale Junger M\u00fcnchner Jazzpreis 2015 +++ Am Freitag, den 13. 11., 20 Uhr, findet in der M\u00fcnchner Unterfahrt das Konzertfinale des Jungen M\u00fcnchner Jazzpreises 2015 statt \u2013 ein Gl\u00fcckstag f\u00fcr den jungen deutschen Jazz. Der Preis (JMJP) wird 2015 das dritte Mal vergeben. Die Konzertfinale 2013 und 2014 in\u2026","rel":"","context":"In &quot;Redaktionelle Nachrichten&quot;","block_context":{"text":"Redaktionelle Nachrichten","link":"https:\/\/www.jazzzeitung.de\/cms\/thema\/redaktion\/"},"img":{"alt_text":"Tobais Meinhart. Foto: Mariana Meraz","src":"https:\/\/i0.wp.com\/www.jazzzeitung.de\/cms\/wp-content\/uploads\/2015\/11\/Tobias-Meinhart_c_Mariana-Meraz_8269-150x150.jpg?resize=350%2C200","width":350,"height":200},"classes":[]}],"jetpack_sharing_enabled":true,"_links":{"self":[{"href":"https:\/\/www.jazzzeitung.de\/cms\/wp-json\/wp\/v2\/posts\/26139","targetHints":{"allow":["GET"]}}],"collection":[{"href":"https:\/\/www.jazzzeitung.de\/cms\/wp-json\/wp\/v2\/posts"}],"about":[{"href":"https:\/\/www.jazzzeitung.de\/cms\/wp-json\/wp\/v2\/types\/post"}],"author":[{"embeddable":true,"href":"https:\/\/www.jazzzeitung.de\/cms\/wp-json\/wp\/v2\/users\/37"}],"replies":[{"embeddable":true,"href":"https:\/\/www.jazzzeitung.de\/cms\/wp-json\/wp\/v2\/comments?post=26139"}],"version-history":[{"count":5,"href":"https:\/\/www.jazzzeitung.de\/cms\/wp-json\/wp\/v2\/posts\/26139\/revisions"}],"predecessor-version":[{"id":26149,"href":"https:\/\/www.jazzzeitung.de\/cms\/wp-json\/wp\/v2\/posts\/26139\/revisions\/26149"}],"wp:featuredmedia":[{"embeddable":true,"href":"https:\/\/www.jazzzeitung.de\/cms\/wp-json\/wp\/v2\/media\/26148"}],"wp:attachment":[{"href":"https:\/\/www.jazzzeitung.de\/cms\/wp-json\/wp\/v2\/media?parent=26139"}],"wp:term":[{"taxonomy":"category","embeddable":true,"href":"https:\/\/www.jazzzeitung.de\/cms\/wp-json\/wp\/v2\/categories?post=26139"},{"taxonomy":"post_tag","embeddable":true,"href":"https:\/\/www.jazzzeitung.de\/cms\/wp-json\/wp\/v2\/tags?post=26139"},{"taxonomy":"author","embeddable":true,"href":"https:\/\/www.jazzzeitung.de\/cms\/wp-json\/wp\/v2\/coauthors?post=26139"}],"curies":[{"name":"wp","href":"https:\/\/api.w.org\/{rel}","templated":true}]}}