{"id":2604,"date":"2013-11-01T12:06:28","date_gmt":"2013-11-01T11:06:28","guid":{"rendered":"http:\/\/www.jazzzeitung.de\/cms\/?p=2604"},"modified":"2013-11-04T15:51:39","modified_gmt":"2013-11-04T14:51:39","slug":"jazzfest-2013-gestartet-christian-scott-und-joachim-kuehn-stage-stretch-stretch","status":"publish","type":"post","link":"https:\/\/www.jazzzeitung.de\/cms\/2013\/11\/jazzfest-2013-gestartet-christian-scott-und-joachim-kuehn-stage-stretch-stretch\/","title":{"rendered":"Jazzfest 2013 gestartet \u2013 Christian Scott und Joachim K\u00fchn on Stage: Stretch as jazz can"},"content":{"rendered":"<p>Es gibt offizielle und heimliche Schwerpunkte bei umfangreichen Veranstaltungen wie es das JazzFest in Berlin eine ist. Offiziell geht es um einen \u201eAfrika-Akzent\u201c, inoffiziell um Umarmungen. Das Er\u00f6ffnungskonzert brachte zwei Formationen nacheinander auf die B\u00fchen: Der Trompeter Christian Scott mit seiner Band und \u201eGnawa Jazz Voodoo \u2013 Joachim K\u00fchn Africa Connection feat. Pharoah Sanders\u201c. Wer umarmt hier wen, wie betont werden die Akzente? Unterschiedliche Antworten: Der Abend war musikalisch durchwachsen und erzeugte ebenso Langeweile wie Verdichtung. Erste Eindr\u00fccke und Bilder vom JazzFest 2013.<\/p>\n<p><strong>Stretch Music (Christian Scott)<br \/>\n<\/strong><\/p>\n<figure id=\"attachment_2627\" aria-describedby=\"caption-attachment-2627\" style=\"width: 150px\" class=\"wp-caption alignright\"><a href=\"https:\/\/i0.wp.com\/www.jazzzeitung.de\/cms\/wp-content\/uploads\/2013\/11\/jf13-01-0721.jpg\"><img data-recalc-dims=\"1\" loading=\"lazy\" decoding=\"async\" data-attachment-id=\"2627\" data-permalink=\"https:\/\/www.jazzzeitung.de\/cms\/2013\/11\/jazzfest-2013-gestartet-christian-scott-und-joachim-kuehn-stage-stretch-stretch\/jf13-01-0721\/\" data-orig-file=\"https:\/\/i0.wp.com\/www.jazzzeitung.de\/cms\/wp-content\/uploads\/2013\/11\/jf13-01-0721.jpg?fit=601%2C900&amp;ssl=1\" data-orig-size=\"601,900\" data-comments-opened=\"1\" data-image-meta=\"{&quot;aperture&quot;:&quot;0&quot;,&quot;credit&quot;:&quot;Petra Basche&quot;,&quot;camera&quot;:&quot;&quot;,&quot;caption&quot;:&quot;&quot;,&quot;created_timestamp&quot;:&quot;0&quot;,&quot;copyright&quot;:&quot;Petra Basche&quot;,&quot;focal_length&quot;:&quot;0&quot;,&quot;iso&quot;:&quot;0&quot;,&quot;shutter_speed&quot;:&quot;0&quot;,&quot;title&quot;:&quot;&quot;}\" data-image-title=\"Christian Scott. Foto: Petra Basche\" data-image-description=\"&lt;p&gt;Christian Scott. Foto: Petra Basche&lt;\/p&gt;\n\" data-image-caption=\"&lt;p&gt;Christian Scott. Foto: Petra Basche&lt;\/p&gt;\n\" data-large-file=\"https:\/\/i0.wp.com\/www.jazzzeitung.de\/cms\/wp-content\/uploads\/2013\/11\/jf13-01-0721.jpg?fit=400%2C600&amp;ssl=1\" class=\"size-thumbnail wp-image-2627 \" title=\"Christian Scott. Foto: Petra Basche\" alt=\"Christian Scott. Foto: Petra Basche\" src=\"https:\/\/i0.wp.com\/www.jazzzeitung.de\/cms\/wp-content\/uploads\/2013\/11\/jf13-01-0721-150x150.jpg?resize=150%2C150\" width=\"150\" height=\"150\" srcset=\"https:\/\/i0.wp.com\/www.jazzzeitung.de\/cms\/wp-content\/uploads\/2013\/11\/jf13-01-0721.jpg?resize=150%2C150&amp;ssl=1 150w, https:\/\/i0.wp.com\/www.jazzzeitung.de\/cms\/wp-content\/uploads\/2013\/11\/jf13-01-0721.jpg?resize=96%2C96&amp;ssl=1 96w, https:\/\/i0.wp.com\/www.jazzzeitung.de\/cms\/wp-content\/uploads\/2013\/11\/jf13-01-0721.jpg?resize=24%2C24&amp;ssl=1 24w, https:\/\/i0.wp.com\/www.jazzzeitung.de\/cms\/wp-content\/uploads\/2013\/11\/jf13-01-0721.jpg?resize=36%2C36&amp;ssl=1 36w, https:\/\/i0.wp.com\/www.jazzzeitung.de\/cms\/wp-content\/uploads\/2013\/11\/jf13-01-0721.jpg?resize=48%2C48&amp;ssl=1 48w, https:\/\/i0.wp.com\/www.jazzzeitung.de\/cms\/wp-content\/uploads\/2013\/11\/jf13-01-0721.jpg?resize=64%2C64&amp;ssl=1 64w, https:\/\/i0.wp.com\/www.jazzzeitung.de\/cms\/wp-content\/uploads\/2013\/11\/jf13-01-0721.jpg?resize=32%2C32&amp;ssl=1 32w, https:\/\/i0.wp.com\/www.jazzzeitung.de\/cms\/wp-content\/uploads\/2013\/11\/jf13-01-0721.jpg?resize=128%2C128&amp;ssl=1 128w, https:\/\/i0.wp.com\/www.jazzzeitung.de\/cms\/wp-content\/uploads\/2013\/11\/jf13-01-0721.jpg?zoom=2&amp;resize=150%2C150&amp;ssl=1 300w, https:\/\/i0.wp.com\/www.jazzzeitung.de\/cms\/wp-content\/uploads\/2013\/11\/jf13-01-0721.jpg?zoom=3&amp;resize=150%2C150&amp;ssl=1 450w\" sizes=\"auto, (max-width: 150px) 100vw, 150px\" \/><\/a><figcaption id=\"caption-attachment-2627\" class=\"wp-caption-text\">Christian Scott. Foto: Petra Basche<\/figcaption><\/figure>\n<p>Die Gruppe um Christian Scott (tp) mit Braxton Crook (sax), Matthew Stevens (git), Lawrence Fields (p), Kris Funn (b) und Cory Fonville (dm) wird hoch gehandelt. Die teilweise sehr jungen Musiker zu einer musikalischen Familie zusammen gefunden, einer Familie, die einen Kopf hat, Christian Scott und einen K\u00f6rper, die Band. Darin gelingt es scheinbar m\u00fchelos, das Vokabular des Jazz in viele Richtung zu erweitern und sich einzuverleiben. Vom minimalistischen Pattern bis zum Song, von der Einzel- bis zur Gruppenimprovisation. Dabei Stielelemente parallel laufen und sich trotzdem kreuzen zu lassen, bringt eine Multidimensionalit\u00e4t hervor, die musikalisch funktioniert.<\/p>\n<p>Das alles steht den Musikern zur Verf\u00fcgung und erzeugt einen kraftvollen Druck nach au\u00dfen, aber auch nach innen. Dass das so \u201eeinfach\u201c gelingt, liegt aber vor allem an der virtuosen Musikalit\u00e4t im Hintergrund. Kris Funn (b) und Cory Fonville (dm) ist die Elastizit\u00e4tsgaranten, erzeugen den musikalischen selbst\u00e4ndigen Boden, auf dem sich der Rest der Musik entfalten kann. Jedoch nicht in dienender Funktion, sondern mit hoher innerer Flexibilit\u00e4t. In einer Passage wurde das sehr deutlich. Scott spielte mit beiden im Duo (Trio): Die Binnensoli zwischen Funn und Fonville erreichten eine Komplexit\u00e4t, in die hinein Scott seine Solo-Impulse trieb. Das hatte Spiel- und Streitcharakter und war in jedem Fall verzaubernd. Nicht alles war so so elastisch, mancher H\u00e4nger schien eher personell bedingt \u2013 ohne das jetzt eigens benennen zu wollen (gilt nicht f\u00fcr Special-Guest, Richard Howell!)<\/p>\n<p>Fotos: Petra Basche<\/p>\n<div class=\"tiled-gallery type-rectangular tiled-gallery-unresized\" data-original-width=\"840\" data-carousel-extra='{&quot;blog_id&quot;:1,&quot;permalink&quot;:&quot;https:\\\/\\\/www.jazzzeitung.de\\\/cms\\\/2013\\\/11\\\/jazzfest-2013-gestartet-christian-scott-und-joachim-kuehn-stage-stretch-stretch\\\/&quot;,&quot;likes_blog_id&quot;:55446655}' itemscope itemtype=\"http:\/\/schema.org\/ImageGallery\" > <div class=\"gallery-row\" style=\"width: 840px; height: 296px;\" data-original-width=\"840\" data-original-height=\"296\" > <div class=\"gallery-group images-1\" style=\"width: 199px; height: 296px;\" data-original-width=\"199\" data-original-height=\"296\" > <div class=\"tiled-gallery-item tiled-gallery-item-small\" itemprop=\"associatedMedia\" itemscope itemtype=\"http:\/\/schema.org\/ImageObject\"> <a href=\"https:\/\/i0.wp.com\/www.jazzzeitung.de\/cms\/wp-content\/uploads\/2013\/11\/jf13-01-0721.jpg?ssl=1\" border=\"0\" itemprop=\"url\"> <meta itemprop=\"width\" content=\"195\"> <meta itemprop=\"height\" content=\"292\"> <img decoding=\"async\" class=\"\" data-attachment-id=\"2627\" data-orig-file=\"https:\/\/www.jazzzeitung.de\/cms\/wp-content\/uploads\/2013\/11\/jf13-01-0721.jpg\" data-orig-size=\"601,900\" data-comments-opened=\"1\" data-image-meta=\"{&quot;aperture&quot;:&quot;0&quot;,&quot;credit&quot;:&quot;Petra Basche&quot;,&quot;camera&quot;:&quot;&quot;,&quot;caption&quot;:&quot;&quot;,&quot;created_timestamp&quot;:&quot;0&quot;,&quot;copyright&quot;:&quot;Petra Basche&quot;,&quot;focal_length&quot;:&quot;0&quot;,&quot;iso&quot;:&quot;0&quot;,&quot;shutter_speed&quot;:&quot;0&quot;,&quot;title&quot;:&quot;&quot;}\" data-image-title=\"Christian Scott. Foto: Petra Basche\" data-image-description=\"&lt;p&gt;Christian Scott. Foto: Petra Basche&lt;\/p&gt; \" data-medium-file=\"https:\/\/i0.wp.com\/www.jazzzeitung.de\/cms\/wp-content\/uploads\/2013\/11\/jf13-01-0721.jpg?fit=200%2C300&#038;ssl=1\" data-large-file=\"https:\/\/i0.wp.com\/www.jazzzeitung.de\/cms\/wp-content\/uploads\/2013\/11\/jf13-01-0721.jpg?fit=400%2C600&#038;ssl=1\" src=\"https:\/\/i0.wp.com\/www.jazzzeitung.de\/cms\/wp-content\/uploads\/2013\/11\/jf13-01-0721.jpg?w=195&#038;h=292&#038;ssl=1\" srcset=\"https:\/\/i0.wp.com\/www.jazzzeitung.de\/cms\/wp-content\/uploads\/2013\/11\/jf13-01-0721.jpg?w=601&amp;ssl=1 601w, https:\/\/i0.wp.com\/www.jazzzeitung.de\/cms\/wp-content\/uploads\/2013\/11\/jf13-01-0721.jpg?resize=200%2C300&amp;ssl=1 200w, https:\/\/i0.wp.com\/www.jazzzeitung.de\/cms\/wp-content\/uploads\/2013\/11\/jf13-01-0721.jpg?resize=400%2C600&amp;ssl=1 400w, https:\/\/i0.wp.com\/www.jazzzeitung.de\/cms\/wp-content\/uploads\/2013\/11\/jf13-01-0721.jpg?resize=600%2C898&amp;ssl=1 600w\" width=\"195\" height=\"292\" loading=\"lazy\" data-original-width=\"195\" data-original-height=\"292\" itemprop=\"http:\/\/schema.org\/image\" title=\"Christian Scott. Foto: Petra Basche\" alt=\"Christian Scott. Foto: Petra Basche\" style=\"width: 195px; height: 292px;\" \/> <\/a> <div class=\"tiled-gallery-caption\" itemprop=\"caption description\"> Christian Scott. Foto: Petra Basche <\/div> <\/div> <\/div> <!-- close group --> <div class=\"gallery-group images-1\" style=\"width: 442px; height: 296px;\" data-original-width=\"442\" data-original-height=\"296\" > <div class=\"tiled-gallery-item tiled-gallery-item-large\" itemprop=\"associatedMedia\" itemscope itemtype=\"http:\/\/schema.org\/ImageObject\"> <a href=\"https:\/\/i0.wp.com\/www.jazzzeitung.de\/cms\/wp-content\/uploads\/2013\/11\/jf13-01-0650.jpg?ssl=1\" border=\"0\" itemprop=\"url\"> <meta itemprop=\"width\" content=\"438\"> <meta itemprop=\"height\" content=\"292\"> <img decoding=\"async\" class=\"\" data-attachment-id=\"2625\" data-orig-file=\"https:\/\/www.jazzzeitung.de\/cms\/wp-content\/uploads\/2013\/11\/jf13-01-0650.jpg\" data-orig-size=\"1349,900\" data-comments-opened=\"1\" data-image-meta=\"{&quot;aperture&quot;:&quot;0&quot;,&quot;credit&quot;:&quot;Petra Basche&quot;,&quot;camera&quot;:&quot;&quot;,&quot;caption&quot;:&quot;&quot;,&quot;created_timestamp&quot;:&quot;0&quot;,&quot;copyright&quot;:&quot;Petra Basche&quot;,&quot;focal_length&quot;:&quot;0&quot;,&quot;iso&quot;:&quot;0&quot;,&quot;shutter_speed&quot;:&quot;0&quot;,&quot;title&quot;:&quot;&quot;}\" data-image-title=\"Foto: Petra Basche\" data-image-description=\"&lt;p&gt;Foto: Petra Basche&lt;\/p&gt; \" data-medium-file=\"https:\/\/i0.wp.com\/www.jazzzeitung.de\/cms\/wp-content\/uploads\/2013\/11\/jf13-01-0650.jpg?fit=300%2C200&#038;ssl=1\" data-large-file=\"https:\/\/i0.wp.com\/www.jazzzeitung.de\/cms\/wp-content\/uploads\/2013\/11\/jf13-01-0650.jpg?fit=840%2C560&#038;ssl=1\" src=\"https:\/\/i0.wp.com\/www.jazzzeitung.de\/cms\/wp-content\/uploads\/2013\/11\/jf13-01-0650.jpg?w=438&#038;h=292&#038;ssl=1\" srcset=\"https:\/\/i0.wp.com\/www.jazzzeitung.de\/cms\/wp-content\/uploads\/2013\/11\/jf13-01-0650.jpg?w=1349&amp;ssl=1 1349w, https:\/\/i0.wp.com\/www.jazzzeitung.de\/cms\/wp-content\/uploads\/2013\/11\/jf13-01-0650.jpg?resize=300%2C200&amp;ssl=1 300w, https:\/\/i0.wp.com\/www.jazzzeitung.de\/cms\/wp-content\/uploads\/2013\/11\/jf13-01-0650.jpg?resize=900%2C600&amp;ssl=1 900w, https:\/\/i0.wp.com\/www.jazzzeitung.de\/cms\/wp-content\/uploads\/2013\/11\/jf13-01-0650.jpg?resize=600%2C400&amp;ssl=1 600w\" width=\"438\" height=\"292\" loading=\"lazy\" data-original-width=\"438\" data-original-height=\"292\" itemprop=\"http:\/\/schema.org\/image\" title=\"Foto: Petra Basche\" alt=\"Foto: Petra Basche\" style=\"width: 438px; height: 292px;\" \/> <\/a> <div class=\"tiled-gallery-caption\" itemprop=\"caption description\"> Foto: Petra Basche <\/div> <\/div> <\/div> <!-- close group --> <div class=\"gallery-group images-1\" style=\"width: 199px; height: 296px;\" data-original-width=\"199\" data-original-height=\"296\" > <div class=\"tiled-gallery-item tiled-gallery-item-small\" itemprop=\"associatedMedia\" itemscope itemtype=\"http:\/\/schema.org\/ImageObject\"> <a href=\"https:\/\/i0.wp.com\/www.jazzzeitung.de\/cms\/wp-content\/uploads\/2013\/11\/jf13-01-0424.jpg?ssl=1\" border=\"0\" itemprop=\"url\"> <meta itemprop=\"width\" content=\"195\"> <meta itemprop=\"height\" content=\"292\"> <img decoding=\"async\" class=\"\" data-attachment-id=\"2611\" data-orig-file=\"https:\/\/www.jazzzeitung.de\/cms\/wp-content\/uploads\/2013\/11\/jf13-01-0424.jpg\" data-orig-size=\"601,900\" data-comments-opened=\"1\" data-image-meta=\"{&quot;aperture&quot;:&quot;0&quot;,&quot;credit&quot;:&quot;Petra Basche&quot;,&quot;camera&quot;:&quot;&quot;,&quot;caption&quot;:&quot;&quot;,&quot;created_timestamp&quot;:&quot;0&quot;,&quot;copyright&quot;:&quot;Petra Basche&quot;,&quot;focal_length&quot;:&quot;0&quot;,&quot;iso&quot;:&quot;0&quot;,&quot;shutter_speed&quot;:&quot;0&quot;,&quot;title&quot;:&quot;&quot;}\" data-image-title=\"Christian Scott Group. Foto: Petra Basche\" data-image-description=\"&lt;p&gt;Christian Scott Group. Foto: Petra Basche&lt;\/p&gt; \" data-medium-file=\"https:\/\/i0.wp.com\/www.jazzzeitung.de\/cms\/wp-content\/uploads\/2013\/11\/jf13-01-0424.jpg?fit=200%2C300&#038;ssl=1\" data-large-file=\"https:\/\/i0.wp.com\/www.jazzzeitung.de\/cms\/wp-content\/uploads\/2013\/11\/jf13-01-0424.jpg?fit=400%2C600&#038;ssl=1\" src=\"https:\/\/i0.wp.com\/www.jazzzeitung.de\/cms\/wp-content\/uploads\/2013\/11\/jf13-01-0424.jpg?w=195&#038;h=292&#038;ssl=1\" srcset=\"https:\/\/i0.wp.com\/www.jazzzeitung.de\/cms\/wp-content\/uploads\/2013\/11\/jf13-01-0424.jpg?w=601&amp;ssl=1 601w, https:\/\/i0.wp.com\/www.jazzzeitung.de\/cms\/wp-content\/uploads\/2013\/11\/jf13-01-0424.jpg?resize=200%2C300&amp;ssl=1 200w, https:\/\/i0.wp.com\/www.jazzzeitung.de\/cms\/wp-content\/uploads\/2013\/11\/jf13-01-0424.jpg?resize=400%2C600&amp;ssl=1 400w, https:\/\/i0.wp.com\/www.jazzzeitung.de\/cms\/wp-content\/uploads\/2013\/11\/jf13-01-0424.jpg?resize=600%2C898&amp;ssl=1 600w\" width=\"195\" height=\"292\" loading=\"lazy\" data-original-width=\"195\" data-original-height=\"292\" itemprop=\"http:\/\/schema.org\/image\" title=\"Christian Scott Group. Foto: Petra Basche\" alt=\"Christian Scott Group. Foto: Petra Basche\" style=\"width: 195px; height: 292px;\" \/> <\/a> <div class=\"tiled-gallery-caption\" itemprop=\"caption description\"> Christian Scott Group. Foto: Petra Basche <\/div> <\/div> <\/div> <!-- close group --> <\/div> <!-- close row --> <div class=\"gallery-row\" style=\"width: 840px; height: 388px;\" data-original-width=\"840\" data-original-height=\"388\" > <div class=\"gallery-group images-1\" style=\"width: 580px; height: 388px;\" data-original-width=\"580\" data-original-height=\"388\" > <div class=\"tiled-gallery-item tiled-gallery-item-large\" itemprop=\"associatedMedia\" itemscope itemtype=\"http:\/\/schema.org\/ImageObject\"> <a href=\"https:\/\/i0.wp.com\/www.jazzzeitung.de\/cms\/wp-content\/uploads\/2013\/11\/jf13-01-0321.jpg?ssl=1\" border=\"0\" itemprop=\"url\"> <meta itemprop=\"width\" content=\"576\"> <meta itemprop=\"height\" content=\"384\"> <img decoding=\"async\" class=\"\" data-attachment-id=\"2606\" data-orig-file=\"https:\/\/www.jazzzeitung.de\/cms\/wp-content\/uploads\/2013\/11\/jf13-01-0321.jpg\" data-orig-size=\"1349,900\" data-comments-opened=\"1\" data-image-meta=\"{&quot;aperture&quot;:&quot;0&quot;,&quot;credit&quot;:&quot;Petra Basche&quot;,&quot;camera&quot;:&quot;&quot;,&quot;caption&quot;:&quot;&quot;,&quot;created_timestamp&quot;:&quot;0&quot;,&quot;copyright&quot;:&quot;Petra Basche&quot;,&quot;focal_length&quot;:&quot;0&quot;,&quot;iso&quot;:&quot;0&quot;,&quot;shutter_speed&quot;:&quot;0&quot;,&quot;title&quot;:&quot;&quot;}\" data-image-title=\"Christian Scott Group. Foto: Petra Basche\" data-image-description=\"&lt;p&gt;Christian Scott Group. Foto: Petra Basche&lt;\/p&gt; \" data-medium-file=\"https:\/\/i0.wp.com\/www.jazzzeitung.de\/cms\/wp-content\/uploads\/2013\/11\/jf13-01-0321.jpg?fit=300%2C200&#038;ssl=1\" data-large-file=\"https:\/\/i0.wp.com\/www.jazzzeitung.de\/cms\/wp-content\/uploads\/2013\/11\/jf13-01-0321.jpg?fit=840%2C560&#038;ssl=1\" src=\"https:\/\/i0.wp.com\/www.jazzzeitung.de\/cms\/wp-content\/uploads\/2013\/11\/jf13-01-0321.jpg?w=576&#038;h=384&#038;ssl=1\" srcset=\"https:\/\/i0.wp.com\/www.jazzzeitung.de\/cms\/wp-content\/uploads\/2013\/11\/jf13-01-0321.jpg?w=1349&amp;ssl=1 1349w, https:\/\/i0.wp.com\/www.jazzzeitung.de\/cms\/wp-content\/uploads\/2013\/11\/jf13-01-0321.jpg?resize=300%2C200&amp;ssl=1 300w, https:\/\/i0.wp.com\/www.jazzzeitung.de\/cms\/wp-content\/uploads\/2013\/11\/jf13-01-0321.jpg?resize=900%2C600&amp;ssl=1 900w, https:\/\/i0.wp.com\/www.jazzzeitung.de\/cms\/wp-content\/uploads\/2013\/11\/jf13-01-0321.jpg?resize=600%2C400&amp;ssl=1 600w\" width=\"576\" height=\"384\" loading=\"lazy\" data-original-width=\"576\" data-original-height=\"384\" itemprop=\"http:\/\/schema.org\/image\" title=\"Christian Scott Group. Foto: Petra Basche\" alt=\"Christian Scott Group. Foto: Petra Basche\" style=\"width: 576px; height: 384px;\" \/> <\/a> <div class=\"tiled-gallery-caption\" itemprop=\"caption description\"> Christian Scott Group. Foto: Petra Basche <\/div> <\/div> <\/div> <!-- close group --> <div class=\"gallery-group images-1\" style=\"width: 260px; height: 388px;\" data-original-width=\"260\" data-original-height=\"388\" > <div class=\"tiled-gallery-item tiled-gallery-item-large\" itemprop=\"associatedMedia\" itemscope itemtype=\"http:\/\/schema.org\/ImageObject\"> <a href=\"https:\/\/i0.wp.com\/www.jazzzeitung.de\/cms\/wp-content\/uploads\/2013\/11\/jf13-01-0348.jpg?ssl=1\" border=\"0\" itemprop=\"url\"> <meta itemprop=\"width\" content=\"256\"> <meta itemprop=\"height\" content=\"384\"> <img decoding=\"async\" class=\"\" data-attachment-id=\"2608\" data-orig-file=\"https:\/\/www.jazzzeitung.de\/cms\/wp-content\/uploads\/2013\/11\/jf13-01-0348.jpg\" data-orig-size=\"601,900\" data-comments-opened=\"1\" data-image-meta=\"{&quot;aperture&quot;:&quot;0&quot;,&quot;credit&quot;:&quot;Petra Basche&quot;,&quot;camera&quot;:&quot;&quot;,&quot;caption&quot;:&quot;&quot;,&quot;created_timestamp&quot;:&quot;0&quot;,&quot;copyright&quot;:&quot;Petra Basche&quot;,&quot;focal_length&quot;:&quot;0&quot;,&quot;iso&quot;:&quot;0&quot;,&quot;shutter_speed&quot;:&quot;0&quot;,&quot;title&quot;:&quot;&quot;}\" data-image-title=\"Christian Scott Group. Foto: Petra Basche\" data-image-description=\"&lt;p&gt;Christian Scott Group. Foto: Petra Basche&lt;\/p&gt; \" data-medium-file=\"https:\/\/i0.wp.com\/www.jazzzeitung.de\/cms\/wp-content\/uploads\/2013\/11\/jf13-01-0348.jpg?fit=200%2C300&#038;ssl=1\" data-large-file=\"https:\/\/i0.wp.com\/www.jazzzeitung.de\/cms\/wp-content\/uploads\/2013\/11\/jf13-01-0348.jpg?fit=400%2C600&#038;ssl=1\" src=\"https:\/\/i0.wp.com\/www.jazzzeitung.de\/cms\/wp-content\/uploads\/2013\/11\/jf13-01-0348.jpg?w=256&#038;h=384&#038;ssl=1\" srcset=\"https:\/\/i0.wp.com\/www.jazzzeitung.de\/cms\/wp-content\/uploads\/2013\/11\/jf13-01-0348.jpg?w=601&amp;ssl=1 601w, https:\/\/i0.wp.com\/www.jazzzeitung.de\/cms\/wp-content\/uploads\/2013\/11\/jf13-01-0348.jpg?resize=200%2C300&amp;ssl=1 200w, https:\/\/i0.wp.com\/www.jazzzeitung.de\/cms\/wp-content\/uploads\/2013\/11\/jf13-01-0348.jpg?resize=400%2C600&amp;ssl=1 400w, https:\/\/i0.wp.com\/www.jazzzeitung.de\/cms\/wp-content\/uploads\/2013\/11\/jf13-01-0348.jpg?resize=600%2C898&amp;ssl=1 600w\" width=\"256\" height=\"384\" loading=\"lazy\" data-original-width=\"256\" data-original-height=\"384\" itemprop=\"http:\/\/schema.org\/image\" title=\"Christian Scott Group. Foto: Petra Basche\" alt=\"Christian Scott Group. Foto: Petra Basche\" style=\"width: 256px; height: 384px;\" \/> <\/a> <div class=\"tiled-gallery-caption\" itemprop=\"caption description\"> Christian Scott Group. Foto: Petra Basche <\/div> <\/div> <\/div> <!-- close group --> <\/div> <!-- close row --> <div class=\"gallery-row\" style=\"width: 840px; height: 627px;\" data-original-width=\"840\" data-original-height=\"627\" > <div class=\"gallery-group images-1\" style=\"width: 420px; height: 627px;\" data-original-width=\"420\" data-original-height=\"627\" > <div class=\"tiled-gallery-item tiled-gallery-item-large\" itemprop=\"associatedMedia\" itemscope itemtype=\"http:\/\/schema.org\/ImageObject\"> <a href=\"https:\/\/i0.wp.com\/www.jazzzeitung.de\/cms\/wp-content\/uploads\/2013\/11\/jf13-01-0355.jpg?ssl=1\" border=\"0\" itemprop=\"url\"> <meta itemprop=\"width\" content=\"416\"> <meta itemprop=\"height\" content=\"623\"> <img decoding=\"async\" class=\"\" data-attachment-id=\"2609\" data-orig-file=\"https:\/\/www.jazzzeitung.de\/cms\/wp-content\/uploads\/2013\/11\/jf13-01-0355.jpg\" data-orig-size=\"601,900\" data-comments-opened=\"1\" data-image-meta=\"{&quot;aperture&quot;:&quot;0&quot;,&quot;credit&quot;:&quot;Petra Basche&quot;,&quot;camera&quot;:&quot;&quot;,&quot;caption&quot;:&quot;&quot;,&quot;created_timestamp&quot;:&quot;0&quot;,&quot;copyright&quot;:&quot;Petra Basche&quot;,&quot;focal_length&quot;:&quot;0&quot;,&quot;iso&quot;:&quot;0&quot;,&quot;shutter_speed&quot;:&quot;0&quot;,&quot;title&quot;:&quot;&quot;}\" data-image-title=\"Christian Scott Group. Foto: Petra Basche\" data-image-description=\"&lt;p&gt;Christian Scott Group. Foto: Petra Basche&lt;\/p&gt; \" data-medium-file=\"https:\/\/i0.wp.com\/www.jazzzeitung.de\/cms\/wp-content\/uploads\/2013\/11\/jf13-01-0355.jpg?fit=200%2C300&#038;ssl=1\" data-large-file=\"https:\/\/i0.wp.com\/www.jazzzeitung.de\/cms\/wp-content\/uploads\/2013\/11\/jf13-01-0355.jpg?fit=400%2C600&#038;ssl=1\" src=\"https:\/\/i0.wp.com\/www.jazzzeitung.de\/cms\/wp-content\/uploads\/2013\/11\/jf13-01-0355.jpg?w=416&#038;h=623&#038;ssl=1\" srcset=\"https:\/\/i0.wp.com\/www.jazzzeitung.de\/cms\/wp-content\/uploads\/2013\/11\/jf13-01-0355.jpg?w=601&amp;ssl=1 601w, https:\/\/i0.wp.com\/www.jazzzeitung.de\/cms\/wp-content\/uploads\/2013\/11\/jf13-01-0355.jpg?resize=200%2C300&amp;ssl=1 200w, https:\/\/i0.wp.com\/www.jazzzeitung.de\/cms\/wp-content\/uploads\/2013\/11\/jf13-01-0355.jpg?resize=400%2C600&amp;ssl=1 400w, https:\/\/i0.wp.com\/www.jazzzeitung.de\/cms\/wp-content\/uploads\/2013\/11\/jf13-01-0355.jpg?resize=600%2C898&amp;ssl=1 600w\" width=\"416\" height=\"623\" loading=\"lazy\" data-original-width=\"416\" data-original-height=\"623\" itemprop=\"http:\/\/schema.org\/image\" title=\"Christian Scott Group. Foto: Petra Basche\" alt=\"Christian Scott Group. Foto: Petra Basche\" style=\"width: 416px; height: 623px;\" \/> <\/a> <div class=\"tiled-gallery-caption\" itemprop=\"caption description\"> Christian Scott Group. Foto: Petra Basche <\/div> <\/div> <\/div> <!-- close group --> <div class=\"gallery-group images-1\" style=\"width: 420px; height: 627px;\" data-original-width=\"420\" data-original-height=\"627\" > <div class=\"tiled-gallery-item tiled-gallery-item-large\" itemprop=\"associatedMedia\" itemscope itemtype=\"http:\/\/schema.org\/ImageObject\"> <a href=\"https:\/\/i0.wp.com\/www.jazzzeitung.de\/cms\/wp-content\/uploads\/2013\/11\/jf13-01-0370.jpg?ssl=1\" border=\"0\" itemprop=\"url\"> <meta itemprop=\"width\" content=\"416\"> <meta itemprop=\"height\" content=\"623\"> <img decoding=\"async\" class=\"\" data-attachment-id=\"2610\" data-orig-file=\"https:\/\/www.jazzzeitung.de\/cms\/wp-content\/uploads\/2013\/11\/jf13-01-0370.jpg\" data-orig-size=\"601,900\" data-comments-opened=\"1\" data-image-meta=\"{&quot;aperture&quot;:&quot;0&quot;,&quot;credit&quot;:&quot;Petra Basche&quot;,&quot;camera&quot;:&quot;&quot;,&quot;caption&quot;:&quot;&quot;,&quot;created_timestamp&quot;:&quot;0&quot;,&quot;copyright&quot;:&quot;Petra Basche&quot;,&quot;focal_length&quot;:&quot;0&quot;,&quot;iso&quot;:&quot;0&quot;,&quot;shutter_speed&quot;:&quot;0&quot;,&quot;title&quot;:&quot;&quot;}\" data-image-title=\"Christian Scott Group. Foto: Petra Basche\" data-image-description=\"&lt;p&gt;Christian Scott Group. Foto: Petra Basche&lt;\/p&gt; \" data-medium-file=\"https:\/\/i0.wp.com\/www.jazzzeitung.de\/cms\/wp-content\/uploads\/2013\/11\/jf13-01-0370.jpg?fit=200%2C300&#038;ssl=1\" data-large-file=\"https:\/\/i0.wp.com\/www.jazzzeitung.de\/cms\/wp-content\/uploads\/2013\/11\/jf13-01-0370.jpg?fit=400%2C600&#038;ssl=1\" src=\"https:\/\/i0.wp.com\/www.jazzzeitung.de\/cms\/wp-content\/uploads\/2013\/11\/jf13-01-0370.jpg?w=416&#038;h=623&#038;ssl=1\" srcset=\"https:\/\/i0.wp.com\/www.jazzzeitung.de\/cms\/wp-content\/uploads\/2013\/11\/jf13-01-0370.jpg?w=601&amp;ssl=1 601w, https:\/\/i0.wp.com\/www.jazzzeitung.de\/cms\/wp-content\/uploads\/2013\/11\/jf13-01-0370.jpg?resize=200%2C300&amp;ssl=1 200w, https:\/\/i0.wp.com\/www.jazzzeitung.de\/cms\/wp-content\/uploads\/2013\/11\/jf13-01-0370.jpg?resize=400%2C600&amp;ssl=1 400w, https:\/\/i0.wp.com\/www.jazzzeitung.de\/cms\/wp-content\/uploads\/2013\/11\/jf13-01-0370.jpg?resize=600%2C898&amp;ssl=1 600w\" width=\"416\" height=\"623\" loading=\"lazy\" data-original-width=\"416\" data-original-height=\"623\" itemprop=\"http:\/\/schema.org\/image\" title=\"Christian Scott Group. Foto: Petra Basche\" alt=\"Christian Scott Group. Foto: Petra Basche\" style=\"width: 416px; height: 623px;\" \/> <\/a> <div class=\"tiled-gallery-caption\" itemprop=\"caption description\"> Christian Scott Group. Foto: Petra Basche <\/div> <\/div> <\/div> <!-- close group --> <\/div> <!-- close row --> <div class=\"gallery-row\" style=\"width: 840px; height: 720px;\" data-original-width=\"840\" data-original-height=\"720\" > <div class=\"gallery-group images-3\" style=\"width: 358px; height: 720px;\" data-original-width=\"358\" data-original-height=\"720\" > <div class=\"tiled-gallery-item tiled-gallery-item-large\" itemprop=\"associatedMedia\" itemscope itemtype=\"http:\/\/schema.org\/ImageObject\"> <a href=\"https:\/\/i0.wp.com\/www.jazzzeitung.de\/cms\/wp-content\/uploads\/2013\/11\/jf13-01-0445.jpg?ssl=1\" border=\"0\" itemprop=\"url\"> <meta itemprop=\"width\" content=\"354\"> <meta itemprop=\"height\" content=\"236\"> <img decoding=\"async\" class=\"\" data-attachment-id=\"2612\" data-orig-file=\"https:\/\/www.jazzzeitung.de\/cms\/wp-content\/uploads\/2013\/11\/jf13-01-0445.jpg\" data-orig-size=\"1349,900\" data-comments-opened=\"1\" data-image-meta=\"{&quot;aperture&quot;:&quot;0&quot;,&quot;credit&quot;:&quot;Petra Basche&quot;,&quot;camera&quot;:&quot;&quot;,&quot;caption&quot;:&quot;&quot;,&quot;created_timestamp&quot;:&quot;0&quot;,&quot;copyright&quot;:&quot;Petra Basche&quot;,&quot;focal_length&quot;:&quot;0&quot;,&quot;iso&quot;:&quot;0&quot;,&quot;shutter_speed&quot;:&quot;0&quot;,&quot;title&quot;:&quot;&quot;}\" data-image-title=\"Christian Scott Group. Foto: Petra Basche\" data-image-description=\"&lt;p&gt;Christian Scott Group. Foto: Petra Basche&lt;\/p&gt; \" data-medium-file=\"https:\/\/i0.wp.com\/www.jazzzeitung.de\/cms\/wp-content\/uploads\/2013\/11\/jf13-01-0445.jpg?fit=300%2C200&#038;ssl=1\" data-large-file=\"https:\/\/i0.wp.com\/www.jazzzeitung.de\/cms\/wp-content\/uploads\/2013\/11\/jf13-01-0445.jpg?fit=840%2C560&#038;ssl=1\" src=\"https:\/\/i0.wp.com\/www.jazzzeitung.de\/cms\/wp-content\/uploads\/2013\/11\/jf13-01-0445.jpg?w=354&#038;h=236&#038;ssl=1\" srcset=\"https:\/\/i0.wp.com\/www.jazzzeitung.de\/cms\/wp-content\/uploads\/2013\/11\/jf13-01-0445.jpg?w=1349&amp;ssl=1 1349w, https:\/\/i0.wp.com\/www.jazzzeitung.de\/cms\/wp-content\/uploads\/2013\/11\/jf13-01-0445.jpg?resize=300%2C200&amp;ssl=1 300w, https:\/\/i0.wp.com\/www.jazzzeitung.de\/cms\/wp-content\/uploads\/2013\/11\/jf13-01-0445.jpg?resize=900%2C600&amp;ssl=1 900w, https:\/\/i0.wp.com\/www.jazzzeitung.de\/cms\/wp-content\/uploads\/2013\/11\/jf13-01-0445.jpg?resize=600%2C400&amp;ssl=1 600w\" width=\"354\" height=\"236\" loading=\"lazy\" data-original-width=\"354\" data-original-height=\"236\" itemprop=\"http:\/\/schema.org\/image\" title=\"Christian Scott Group. Foto: Petra Basche\" alt=\"Christian Scott Group. Foto: Petra Basche\" style=\"width: 354px; height: 236px;\" \/> <\/a> <div class=\"tiled-gallery-caption\" itemprop=\"caption description\"> Christian Scott Group. Foto: Petra Basche <\/div> <\/div> <div class=\"tiled-gallery-item tiled-gallery-item-large\" itemprop=\"associatedMedia\" itemscope itemtype=\"http:\/\/schema.org\/ImageObject\"> <a href=\"https:\/\/i0.wp.com\/www.jazzzeitung.de\/cms\/wp-content\/uploads\/2013\/11\/jf13-01-0328.jpg?ssl=1\" border=\"0\" itemprop=\"url\"> <meta itemprop=\"width\" content=\"354\"> <meta itemprop=\"height\" content=\"236\"> <img decoding=\"async\" class=\"\" data-attachment-id=\"2607\" data-orig-file=\"https:\/\/www.jazzzeitung.de\/cms\/wp-content\/uploads\/2013\/11\/jf13-01-0328.jpg\" data-orig-size=\"1349,900\" data-comments-opened=\"1\" data-image-meta=\"{&quot;aperture&quot;:&quot;0&quot;,&quot;credit&quot;:&quot;Petra Basche&quot;,&quot;camera&quot;:&quot;&quot;,&quot;caption&quot;:&quot;&quot;,&quot;created_timestamp&quot;:&quot;0&quot;,&quot;copyright&quot;:&quot;Petra Basche&quot;,&quot;focal_length&quot;:&quot;0&quot;,&quot;iso&quot;:&quot;0&quot;,&quot;shutter_speed&quot;:&quot;0&quot;,&quot;title&quot;:&quot;&quot;}\" data-image-title=\"Christian Scott Group. Foto: Petra Basche\" data-image-description=\"&lt;p&gt;Christian Scott Group. Foto: Petra Basche&lt;\/p&gt; \" data-medium-file=\"https:\/\/i0.wp.com\/www.jazzzeitung.de\/cms\/wp-content\/uploads\/2013\/11\/jf13-01-0328.jpg?fit=300%2C200&#038;ssl=1\" data-large-file=\"https:\/\/i0.wp.com\/www.jazzzeitung.de\/cms\/wp-content\/uploads\/2013\/11\/jf13-01-0328.jpg?fit=840%2C560&#038;ssl=1\" src=\"https:\/\/i0.wp.com\/www.jazzzeitung.de\/cms\/wp-content\/uploads\/2013\/11\/jf13-01-0328.jpg?w=354&#038;h=236&#038;ssl=1\" srcset=\"https:\/\/i0.wp.com\/www.jazzzeitung.de\/cms\/wp-content\/uploads\/2013\/11\/jf13-01-0328.jpg?w=1349&amp;ssl=1 1349w, https:\/\/i0.wp.com\/www.jazzzeitung.de\/cms\/wp-content\/uploads\/2013\/11\/jf13-01-0328.jpg?resize=300%2C200&amp;ssl=1 300w, https:\/\/i0.wp.com\/www.jazzzeitung.de\/cms\/wp-content\/uploads\/2013\/11\/jf13-01-0328.jpg?resize=900%2C600&amp;ssl=1 900w, https:\/\/i0.wp.com\/www.jazzzeitung.de\/cms\/wp-content\/uploads\/2013\/11\/jf13-01-0328.jpg?resize=600%2C400&amp;ssl=1 600w\" width=\"354\" height=\"236\" loading=\"lazy\" data-original-width=\"354\" data-original-height=\"236\" itemprop=\"http:\/\/schema.org\/image\" title=\"Christian Scott Group. Foto: Petra Basche\" alt=\"Christian Scott Group. Foto: Petra Basche\" style=\"width: 354px; height: 236px;\" \/> <\/a> <div class=\"tiled-gallery-caption\" itemprop=\"caption description\"> Christian Scott Group. Foto: Petra Basche <\/div> <\/div> <div class=\"tiled-gallery-item tiled-gallery-item-large\" itemprop=\"associatedMedia\" itemscope itemtype=\"http:\/\/schema.org\/ImageObject\"> <a href=\"https:\/\/i0.wp.com\/www.jazzzeitung.de\/cms\/wp-content\/uploads\/2013\/11\/jf13-01-0451.jpg?ssl=1\" border=\"0\" itemprop=\"url\"> <meta itemprop=\"width\" content=\"354\"> <meta itemprop=\"height\" content=\"236\"> <img decoding=\"async\" class=\"\" data-attachment-id=\"2613\" data-orig-file=\"https:\/\/www.jazzzeitung.de\/cms\/wp-content\/uploads\/2013\/11\/jf13-01-0451.jpg\" data-orig-size=\"1349,900\" data-comments-opened=\"1\" data-image-meta=\"{&quot;aperture&quot;:&quot;0&quot;,&quot;credit&quot;:&quot;Petra Basche&quot;,&quot;camera&quot;:&quot;&quot;,&quot;caption&quot;:&quot;&quot;,&quot;created_timestamp&quot;:&quot;0&quot;,&quot;copyright&quot;:&quot;Petra Basche&quot;,&quot;focal_length&quot;:&quot;0&quot;,&quot;iso&quot;:&quot;0&quot;,&quot;shutter_speed&quot;:&quot;0&quot;,&quot;title&quot;:&quot;&quot;}\" data-image-title=\"Christian Scott Group. Foto: Petra Basche\" data-image-description=\"&lt;p&gt;Christian Scott Group. Foto: Petra Basche&lt;\/p&gt; \" data-medium-file=\"https:\/\/i0.wp.com\/www.jazzzeitung.de\/cms\/wp-content\/uploads\/2013\/11\/jf13-01-0451.jpg?fit=300%2C200&#038;ssl=1\" data-large-file=\"https:\/\/i0.wp.com\/www.jazzzeitung.de\/cms\/wp-content\/uploads\/2013\/11\/jf13-01-0451.jpg?fit=840%2C560&#038;ssl=1\" src=\"https:\/\/i0.wp.com\/www.jazzzeitung.de\/cms\/wp-content\/uploads\/2013\/11\/jf13-01-0451.jpg?w=354&#038;h=236&#038;ssl=1\" srcset=\"https:\/\/i0.wp.com\/www.jazzzeitung.de\/cms\/wp-content\/uploads\/2013\/11\/jf13-01-0451.jpg?w=1349&amp;ssl=1 1349w, https:\/\/i0.wp.com\/www.jazzzeitung.de\/cms\/wp-content\/uploads\/2013\/11\/jf13-01-0451.jpg?resize=300%2C200&amp;ssl=1 300w, https:\/\/i0.wp.com\/www.jazzzeitung.de\/cms\/wp-content\/uploads\/2013\/11\/jf13-01-0451.jpg?resize=900%2C600&amp;ssl=1 900w, https:\/\/i0.wp.com\/www.jazzzeitung.de\/cms\/wp-content\/uploads\/2013\/11\/jf13-01-0451.jpg?resize=600%2C400&amp;ssl=1 600w\" width=\"354\" height=\"236\" loading=\"lazy\" data-original-width=\"354\" data-original-height=\"236\" itemprop=\"http:\/\/schema.org\/image\" title=\"Christian Scott Group. Foto: Petra Basche\" alt=\"Christian Scott Group. Foto: Petra Basche\" style=\"width: 354px; height: 236px;\" \/> <\/a> <div class=\"tiled-gallery-caption\" itemprop=\"caption description\"> Christian Scott Group. Foto: Petra Basche <\/div> <\/div> <\/div> <!-- close group --> <div class=\"gallery-group images-1\" style=\"width: 482px; height: 720px;\" data-original-width=\"482\" data-original-height=\"720\" > <div class=\"tiled-gallery-item tiled-gallery-item-large\" itemprop=\"associatedMedia\" itemscope itemtype=\"http:\/\/schema.org\/ImageObject\"> <a href=\"https:\/\/i0.wp.com\/www.jazzzeitung.de\/cms\/wp-content\/uploads\/2013\/11\/jf13-01-0455.jpg?ssl=1\" border=\"0\" itemprop=\"url\"> <meta itemprop=\"width\" content=\"478\"> <meta itemprop=\"height\" content=\"716\"> <img decoding=\"async\" class=\"\" data-attachment-id=\"2614\" data-orig-file=\"https:\/\/www.jazzzeitung.de\/cms\/wp-content\/uploads\/2013\/11\/jf13-01-0455.jpg\" data-orig-size=\"601,900\" data-comments-opened=\"1\" data-image-meta=\"{&quot;aperture&quot;:&quot;0&quot;,&quot;credit&quot;:&quot;Petra Basche&quot;,&quot;camera&quot;:&quot;&quot;,&quot;caption&quot;:&quot;&quot;,&quot;created_timestamp&quot;:&quot;0&quot;,&quot;copyright&quot;:&quot;Petra Basche&quot;,&quot;focal_length&quot;:&quot;0&quot;,&quot;iso&quot;:&quot;0&quot;,&quot;shutter_speed&quot;:&quot;0&quot;,&quot;title&quot;:&quot;&quot;}\" data-image-title=\"Christian Scott Group. Foto: Petra Basche\" data-image-description=\"&lt;p&gt;Christian Scott Group. Foto: Petra Basche&lt;\/p&gt; \" data-medium-file=\"https:\/\/i0.wp.com\/www.jazzzeitung.de\/cms\/wp-content\/uploads\/2013\/11\/jf13-01-0455.jpg?fit=200%2C300&#038;ssl=1\" data-large-file=\"https:\/\/i0.wp.com\/www.jazzzeitung.de\/cms\/wp-content\/uploads\/2013\/11\/jf13-01-0455.jpg?fit=400%2C600&#038;ssl=1\" src=\"https:\/\/i0.wp.com\/www.jazzzeitung.de\/cms\/wp-content\/uploads\/2013\/11\/jf13-01-0455.jpg?w=478&#038;h=716&#038;ssl=1\" srcset=\"https:\/\/i0.wp.com\/www.jazzzeitung.de\/cms\/wp-content\/uploads\/2013\/11\/jf13-01-0455.jpg?w=601&amp;ssl=1 601w, https:\/\/i0.wp.com\/www.jazzzeitung.de\/cms\/wp-content\/uploads\/2013\/11\/jf13-01-0455.jpg?resize=200%2C300&amp;ssl=1 200w, https:\/\/i0.wp.com\/www.jazzzeitung.de\/cms\/wp-content\/uploads\/2013\/11\/jf13-01-0455.jpg?resize=400%2C600&amp;ssl=1 400w, https:\/\/i0.wp.com\/www.jazzzeitung.de\/cms\/wp-content\/uploads\/2013\/11\/jf13-01-0455.jpg?resize=600%2C898&amp;ssl=1 600w\" width=\"478\" height=\"716\" loading=\"lazy\" data-original-width=\"478\" data-original-height=\"716\" itemprop=\"http:\/\/schema.org\/image\" title=\"Christian Scott Group. Foto: Petra Basche\" alt=\"Christian Scott Group. Foto: Petra Basche\" style=\"width: 478px; height: 716px;\" \/> <\/a> <div class=\"tiled-gallery-caption\" itemprop=\"caption description\"> Christian Scott Group. Foto: Petra Basche <\/div> <\/div> <\/div> <!-- close group --> <\/div> <!-- close row --> <div class=\"gallery-row\" style=\"width: 840px; height: 627px;\" data-original-width=\"840\" data-original-height=\"627\" > <div class=\"gallery-group images-1\" style=\"width: 420px; height: 627px;\" data-original-width=\"420\" data-original-height=\"627\" > <div class=\"tiled-gallery-item tiled-gallery-item-large\" itemprop=\"associatedMedia\" itemscope itemtype=\"http:\/\/schema.org\/ImageObject\"> <a href=\"https:\/\/i0.wp.com\/www.jazzzeitung.de\/cms\/wp-content\/uploads\/2013\/11\/jf13-01-0456.jpg?ssl=1\" border=\"0\" itemprop=\"url\"> <meta itemprop=\"width\" content=\"416\"> <meta itemprop=\"height\" content=\"623\"> <img decoding=\"async\" class=\"\" data-attachment-id=\"2615\" data-orig-file=\"https:\/\/www.jazzzeitung.de\/cms\/wp-content\/uploads\/2013\/11\/jf13-01-0456.jpg\" data-orig-size=\"601,900\" data-comments-opened=\"1\" data-image-meta=\"{&quot;aperture&quot;:&quot;0&quot;,&quot;credit&quot;:&quot;Petra Basche&quot;,&quot;camera&quot;:&quot;&quot;,&quot;caption&quot;:&quot;&quot;,&quot;created_timestamp&quot;:&quot;0&quot;,&quot;copyright&quot;:&quot;Petra Basche&quot;,&quot;focal_length&quot;:&quot;0&quot;,&quot;iso&quot;:&quot;0&quot;,&quot;shutter_speed&quot;:&quot;0&quot;,&quot;title&quot;:&quot;&quot;}\" data-image-title=\"Christian Scott Group. Foto: Petra Basche\" data-image-description=\"&lt;p&gt;Christian Scott Group. Foto: Petra Basche&lt;\/p&gt; \" data-medium-file=\"https:\/\/i0.wp.com\/www.jazzzeitung.de\/cms\/wp-content\/uploads\/2013\/11\/jf13-01-0456.jpg?fit=200%2C300&#038;ssl=1\" data-large-file=\"https:\/\/i0.wp.com\/www.jazzzeitung.de\/cms\/wp-content\/uploads\/2013\/11\/jf13-01-0456.jpg?fit=400%2C600&#038;ssl=1\" src=\"https:\/\/i0.wp.com\/www.jazzzeitung.de\/cms\/wp-content\/uploads\/2013\/11\/jf13-01-0456.jpg?w=416&#038;h=623&#038;ssl=1\" srcset=\"https:\/\/i0.wp.com\/www.jazzzeitung.de\/cms\/wp-content\/uploads\/2013\/11\/jf13-01-0456.jpg?w=601&amp;ssl=1 601w, https:\/\/i0.wp.com\/www.jazzzeitung.de\/cms\/wp-content\/uploads\/2013\/11\/jf13-01-0456.jpg?resize=200%2C300&amp;ssl=1 200w, https:\/\/i0.wp.com\/www.jazzzeitung.de\/cms\/wp-content\/uploads\/2013\/11\/jf13-01-0456.jpg?resize=400%2C600&amp;ssl=1 400w, https:\/\/i0.wp.com\/www.jazzzeitung.de\/cms\/wp-content\/uploads\/2013\/11\/jf13-01-0456.jpg?resize=600%2C898&amp;ssl=1 600w\" width=\"416\" height=\"623\" loading=\"lazy\" data-original-width=\"416\" data-original-height=\"623\" itemprop=\"http:\/\/schema.org\/image\" title=\"Christian Scott Group. Foto: Petra Basche\" alt=\"Christian Scott Group. Foto: Petra Basche\" style=\"width: 416px; height: 623px;\" \/> <\/a> <div class=\"tiled-gallery-caption\" itemprop=\"caption description\"> Christian Scott Group. Foto: Petra Basche <\/div> <\/div> <\/div> <!-- close group --> <div class=\"gallery-group images-1\" style=\"width: 420px; height: 627px;\" data-original-width=\"420\" data-original-height=\"627\" > <div class=\"tiled-gallery-item tiled-gallery-item-large\" itemprop=\"associatedMedia\" itemscope itemtype=\"http:\/\/schema.org\/ImageObject\"> <a href=\"https:\/\/i0.wp.com\/www.jazzzeitung.de\/cms\/wp-content\/uploads\/2013\/11\/jf13-01-0468.jpg?ssl=1\" border=\"0\" itemprop=\"url\"> <meta itemprop=\"width\" content=\"416\"> <meta itemprop=\"height\" content=\"623\"> <img decoding=\"async\" class=\"\" data-attachment-id=\"2616\" data-orig-file=\"https:\/\/www.jazzzeitung.de\/cms\/wp-content\/uploads\/2013\/11\/jf13-01-0468.jpg\" data-orig-size=\"601,900\" data-comments-opened=\"1\" data-image-meta=\"{&quot;aperture&quot;:&quot;0&quot;,&quot;credit&quot;:&quot;Petra Basche&quot;,&quot;camera&quot;:&quot;&quot;,&quot;caption&quot;:&quot;&quot;,&quot;created_timestamp&quot;:&quot;0&quot;,&quot;copyright&quot;:&quot;Petra Basche&quot;,&quot;focal_length&quot;:&quot;0&quot;,&quot;iso&quot;:&quot;0&quot;,&quot;shutter_speed&quot;:&quot;0&quot;,&quot;title&quot;:&quot;&quot;}\" data-image-title=\"Christian Scott Group. Foto: Petra Basche\" data-image-description=\"&lt;p&gt;Christian Scott Group. Foto: Petra Basche&lt;\/p&gt; \" data-medium-file=\"https:\/\/i0.wp.com\/www.jazzzeitung.de\/cms\/wp-content\/uploads\/2013\/11\/jf13-01-0468.jpg?fit=200%2C300&#038;ssl=1\" data-large-file=\"https:\/\/i0.wp.com\/www.jazzzeitung.de\/cms\/wp-content\/uploads\/2013\/11\/jf13-01-0468.jpg?fit=400%2C600&#038;ssl=1\" src=\"https:\/\/i0.wp.com\/www.jazzzeitung.de\/cms\/wp-content\/uploads\/2013\/11\/jf13-01-0468.jpg?w=416&#038;h=623&#038;ssl=1\" srcset=\"https:\/\/i0.wp.com\/www.jazzzeitung.de\/cms\/wp-content\/uploads\/2013\/11\/jf13-01-0468.jpg?w=601&amp;ssl=1 601w, https:\/\/i0.wp.com\/www.jazzzeitung.de\/cms\/wp-content\/uploads\/2013\/11\/jf13-01-0468.jpg?resize=200%2C300&amp;ssl=1 200w, https:\/\/i0.wp.com\/www.jazzzeitung.de\/cms\/wp-content\/uploads\/2013\/11\/jf13-01-0468.jpg?resize=400%2C600&amp;ssl=1 400w, https:\/\/i0.wp.com\/www.jazzzeitung.de\/cms\/wp-content\/uploads\/2013\/11\/jf13-01-0468.jpg?resize=600%2C898&amp;ssl=1 600w\" width=\"416\" height=\"623\" loading=\"lazy\" data-original-width=\"416\" data-original-height=\"623\" itemprop=\"http:\/\/schema.org\/image\" title=\"Christian Scott Group. Foto: Petra Basche\" alt=\"Christian Scott Group. Foto: Petra Basche\" style=\"width: 416px; height: 623px;\" \/> <\/a> <div class=\"tiled-gallery-caption\" itemprop=\"caption description\"> Christian Scott Group. Foto: Petra Basche <\/div> <\/div> <\/div> <!-- close group --> <\/div> <!-- close row --> <div class=\"gallery-row\" style=\"width: 840px; height: 375px;\" data-original-width=\"840\" data-original-height=\"375\" > <div class=\"gallery-group images-1\" style=\"width: 561px; height: 375px;\" data-original-width=\"561\" data-original-height=\"375\" > <div class=\"tiled-gallery-item tiled-gallery-item-large\" itemprop=\"associatedMedia\" itemscope itemtype=\"http:\/\/schema.org\/ImageObject\"> <a href=\"https:\/\/i0.wp.com\/www.jazzzeitung.de\/cms\/wp-content\/uploads\/2013\/11\/jf13-01-0490.jpg?ssl=1\" border=\"0\" itemprop=\"url\"> <meta itemprop=\"width\" content=\"557\"> <meta itemprop=\"height\" content=\"371\"> <img decoding=\"async\" class=\"\" data-attachment-id=\"2617\" data-orig-file=\"https:\/\/www.jazzzeitung.de\/cms\/wp-content\/uploads\/2013\/11\/jf13-01-0490.jpg\" data-orig-size=\"1349,900\" data-comments-opened=\"1\" data-image-meta=\"{&quot;aperture&quot;:&quot;0&quot;,&quot;credit&quot;:&quot;Petra Basche&quot;,&quot;camera&quot;:&quot;&quot;,&quot;caption&quot;:&quot;&quot;,&quot;created_timestamp&quot;:&quot;0&quot;,&quot;copyright&quot;:&quot;Petra Basche&quot;,&quot;focal_length&quot;:&quot;0&quot;,&quot;iso&quot;:&quot;0&quot;,&quot;shutter_speed&quot;:&quot;0&quot;,&quot;title&quot;:&quot;&quot;}\" data-image-title=\"Christian Scott Group. Foto: Petra Basche\" data-image-description=\"&lt;p&gt;Christian Scott Group. Foto: Petra Basche&lt;\/p&gt; \" data-medium-file=\"https:\/\/i0.wp.com\/www.jazzzeitung.de\/cms\/wp-content\/uploads\/2013\/11\/jf13-01-0490.jpg?fit=300%2C200&#038;ssl=1\" data-large-file=\"https:\/\/i0.wp.com\/www.jazzzeitung.de\/cms\/wp-content\/uploads\/2013\/11\/jf13-01-0490.jpg?fit=840%2C560&#038;ssl=1\" src=\"https:\/\/i0.wp.com\/www.jazzzeitung.de\/cms\/wp-content\/uploads\/2013\/11\/jf13-01-0490.jpg?w=557&#038;h=371&#038;ssl=1\" srcset=\"https:\/\/i0.wp.com\/www.jazzzeitung.de\/cms\/wp-content\/uploads\/2013\/11\/jf13-01-0490.jpg?w=1349&amp;ssl=1 1349w, https:\/\/i0.wp.com\/www.jazzzeitung.de\/cms\/wp-content\/uploads\/2013\/11\/jf13-01-0490.jpg?resize=300%2C200&amp;ssl=1 300w, https:\/\/i0.wp.com\/www.jazzzeitung.de\/cms\/wp-content\/uploads\/2013\/11\/jf13-01-0490.jpg?resize=900%2C600&amp;ssl=1 900w, https:\/\/i0.wp.com\/www.jazzzeitung.de\/cms\/wp-content\/uploads\/2013\/11\/jf13-01-0490.jpg?resize=600%2C400&amp;ssl=1 600w\" width=\"557\" height=\"371\" loading=\"lazy\" data-original-width=\"557\" data-original-height=\"371\" itemprop=\"http:\/\/schema.org\/image\" title=\"Christian Scott Group. Foto: Petra Basche\" alt=\"Christian Scott Group. Foto: Petra Basche\" style=\"width: 557px; height: 371px;\" \/> <\/a> <div class=\"tiled-gallery-caption\" itemprop=\"caption description\"> Christian Scott Group. Foto: Petra Basche <\/div> <\/div> <\/div> <!-- close group --> <div class=\"gallery-group images-2\" style=\"width: 279px; height: 375px;\" data-original-width=\"279\" data-original-height=\"375\" > <div class=\"tiled-gallery-item tiled-gallery-item-large\" itemprop=\"associatedMedia\" itemscope itemtype=\"http:\/\/schema.org\/ImageObject\"> <a href=\"https:\/\/i0.wp.com\/www.jazzzeitung.de\/cms\/wp-content\/uploads\/2013\/11\/jf13-01-0510.jpg?ssl=1\" border=\"0\" itemprop=\"url\"> <meta itemprop=\"width\" content=\"275\"> <meta itemprop=\"height\" content=\"184\"> <img decoding=\"async\" class=\"\" data-attachment-id=\"2619\" data-orig-file=\"https:\/\/www.jazzzeitung.de\/cms\/wp-content\/uploads\/2013\/11\/jf13-01-0510.jpg\" data-orig-size=\"1349,900\" data-comments-opened=\"1\" data-image-meta=\"{&quot;aperture&quot;:&quot;0&quot;,&quot;credit&quot;:&quot;Petra Basche&quot;,&quot;camera&quot;:&quot;&quot;,&quot;caption&quot;:&quot;&quot;,&quot;created_timestamp&quot;:&quot;0&quot;,&quot;copyright&quot;:&quot;Petra Basche&quot;,&quot;focal_length&quot;:&quot;0&quot;,&quot;iso&quot;:&quot;0&quot;,&quot;shutter_speed&quot;:&quot;0&quot;,&quot;title&quot;:&quot;&quot;}\" data-image-title=\"Christian Scott Group. Foto: Petra Basche\" data-image-description=\"&lt;p&gt;Christian Scott Group. Foto: Petra Basche&lt;\/p&gt; \" data-medium-file=\"https:\/\/i0.wp.com\/www.jazzzeitung.de\/cms\/wp-content\/uploads\/2013\/11\/jf13-01-0510.jpg?fit=300%2C200&#038;ssl=1\" data-large-file=\"https:\/\/i0.wp.com\/www.jazzzeitung.de\/cms\/wp-content\/uploads\/2013\/11\/jf13-01-0510.jpg?fit=840%2C560&#038;ssl=1\" src=\"https:\/\/i0.wp.com\/www.jazzzeitung.de\/cms\/wp-content\/uploads\/2013\/11\/jf13-01-0510.jpg?w=275&#038;h=184&#038;ssl=1\" srcset=\"https:\/\/i0.wp.com\/www.jazzzeitung.de\/cms\/wp-content\/uploads\/2013\/11\/jf13-01-0510.jpg?w=1349&amp;ssl=1 1349w, https:\/\/i0.wp.com\/www.jazzzeitung.de\/cms\/wp-content\/uploads\/2013\/11\/jf13-01-0510.jpg?resize=300%2C200&amp;ssl=1 300w, https:\/\/i0.wp.com\/www.jazzzeitung.de\/cms\/wp-content\/uploads\/2013\/11\/jf13-01-0510.jpg?resize=900%2C600&amp;ssl=1 900w, https:\/\/i0.wp.com\/www.jazzzeitung.de\/cms\/wp-content\/uploads\/2013\/11\/jf13-01-0510.jpg?resize=600%2C400&amp;ssl=1 600w\" width=\"275\" height=\"184\" loading=\"lazy\" data-original-width=\"275\" data-original-height=\"184\" itemprop=\"http:\/\/schema.org\/image\" title=\"Christian Scott Group. Foto: Petra Basche\" alt=\"Christian Scott Group. Foto: Petra Basche\" style=\"width: 275px; height: 184px;\" \/> <\/a> <div class=\"tiled-gallery-caption\" itemprop=\"caption description\"> Christian Scott Group. Foto: Petra Basche <\/div> <\/div> <div class=\"tiled-gallery-item tiled-gallery-item-large\" itemprop=\"associatedMedia\" itemscope itemtype=\"http:\/\/schema.org\/ImageObject\"> <a href=\"https:\/\/i0.wp.com\/www.jazzzeitung.de\/cms\/wp-content\/uploads\/2013\/11\/jf13-01-0514.jpg?ssl=1\" border=\"0\" itemprop=\"url\"> <meta itemprop=\"width\" content=\"275\"> <meta itemprop=\"height\" content=\"183\"> <img decoding=\"async\" class=\"\" data-attachment-id=\"2620\" data-orig-file=\"https:\/\/www.jazzzeitung.de\/cms\/wp-content\/uploads\/2013\/11\/jf13-01-0514.jpg\" data-orig-size=\"1349,900\" data-comments-opened=\"1\" data-image-meta=\"{&quot;aperture&quot;:&quot;0&quot;,&quot;credit&quot;:&quot;Petra Basche&quot;,&quot;camera&quot;:&quot;&quot;,&quot;caption&quot;:&quot;&quot;,&quot;created_timestamp&quot;:&quot;0&quot;,&quot;copyright&quot;:&quot;Petra Basche&quot;,&quot;focal_length&quot;:&quot;0&quot;,&quot;iso&quot;:&quot;0&quot;,&quot;shutter_speed&quot;:&quot;0&quot;,&quot;title&quot;:&quot;&quot;}\" data-image-title=\"Christian Scott Group. Foto: Petra Basche\" data-image-description=\"&lt;p&gt;Christian Scott Group. Foto: Petra Basche&lt;\/p&gt; \" data-medium-file=\"https:\/\/i0.wp.com\/www.jazzzeitung.de\/cms\/wp-content\/uploads\/2013\/11\/jf13-01-0514.jpg?fit=300%2C200&#038;ssl=1\" data-large-file=\"https:\/\/i0.wp.com\/www.jazzzeitung.de\/cms\/wp-content\/uploads\/2013\/11\/jf13-01-0514.jpg?fit=840%2C560&#038;ssl=1\" src=\"https:\/\/i0.wp.com\/www.jazzzeitung.de\/cms\/wp-content\/uploads\/2013\/11\/jf13-01-0514.jpg?w=275&#038;h=183&#038;ssl=1\" srcset=\"https:\/\/i0.wp.com\/www.jazzzeitung.de\/cms\/wp-content\/uploads\/2013\/11\/jf13-01-0514.jpg?w=1349&amp;ssl=1 1349w, https:\/\/i0.wp.com\/www.jazzzeitung.de\/cms\/wp-content\/uploads\/2013\/11\/jf13-01-0514.jpg?resize=300%2C200&amp;ssl=1 300w, https:\/\/i0.wp.com\/www.jazzzeitung.de\/cms\/wp-content\/uploads\/2013\/11\/jf13-01-0514.jpg?resize=900%2C600&amp;ssl=1 900w, https:\/\/i0.wp.com\/www.jazzzeitung.de\/cms\/wp-content\/uploads\/2013\/11\/jf13-01-0514.jpg?resize=600%2C400&amp;ssl=1 600w\" width=\"275\" height=\"183\" loading=\"lazy\" data-original-width=\"275\" data-original-height=\"183\" itemprop=\"http:\/\/schema.org\/image\" title=\"Christian Scott Group. Foto: Petra Basche\" alt=\"Christian Scott Group. Foto: Petra Basche\" style=\"width: 275px; height: 183px;\" \/> <\/a> <div class=\"tiled-gallery-caption\" itemprop=\"caption description\"> Christian Scott Group. Foto: Petra Basche <\/div> <\/div> <\/div> <!-- close group --> <\/div> <!-- close row --> <div class=\"gallery-row\" style=\"width: 840px; height: 720px;\" data-original-width=\"840\" data-original-height=\"720\" > <div class=\"gallery-group images-1\" style=\"width: 482px; height: 720px;\" data-original-width=\"482\" data-original-height=\"720\" > <div class=\"tiled-gallery-item tiled-gallery-item-large\" itemprop=\"associatedMedia\" itemscope itemtype=\"http:\/\/schema.org\/ImageObject\"> <a href=\"https:\/\/i0.wp.com\/www.jazzzeitung.de\/cms\/wp-content\/uploads\/2013\/11\/jf13-01-0534.jpg?ssl=1\" border=\"0\" itemprop=\"url\"> <meta itemprop=\"width\" content=\"478\"> <meta itemprop=\"height\" content=\"716\"> <img decoding=\"async\" class=\"\" data-attachment-id=\"2621\" data-orig-file=\"https:\/\/www.jazzzeitung.de\/cms\/wp-content\/uploads\/2013\/11\/jf13-01-0534.jpg\" data-orig-size=\"601,900\" data-comments-opened=\"1\" data-image-meta=\"{&quot;aperture&quot;:&quot;0&quot;,&quot;credit&quot;:&quot;Petra Basche&quot;,&quot;camera&quot;:&quot;&quot;,&quot;caption&quot;:&quot;&quot;,&quot;created_timestamp&quot;:&quot;0&quot;,&quot;copyright&quot;:&quot;Petra Basche&quot;,&quot;focal_length&quot;:&quot;0&quot;,&quot;iso&quot;:&quot;0&quot;,&quot;shutter_speed&quot;:&quot;0&quot;,&quot;title&quot;:&quot;&quot;}\" data-image-title=\"Christian Scott Group. Foto: Petra Basche\" data-image-description=\"&lt;p&gt;Christian Scott Group. Foto: Petra Basche&lt;\/p&gt; \" data-medium-file=\"https:\/\/i0.wp.com\/www.jazzzeitung.de\/cms\/wp-content\/uploads\/2013\/11\/jf13-01-0534.jpg?fit=200%2C300&#038;ssl=1\" data-large-file=\"https:\/\/i0.wp.com\/www.jazzzeitung.de\/cms\/wp-content\/uploads\/2013\/11\/jf13-01-0534.jpg?fit=400%2C600&#038;ssl=1\" src=\"https:\/\/i0.wp.com\/www.jazzzeitung.de\/cms\/wp-content\/uploads\/2013\/11\/jf13-01-0534.jpg?w=478&#038;h=716&#038;ssl=1\" srcset=\"https:\/\/i0.wp.com\/www.jazzzeitung.de\/cms\/wp-content\/uploads\/2013\/11\/jf13-01-0534.jpg?w=601&amp;ssl=1 601w, https:\/\/i0.wp.com\/www.jazzzeitung.de\/cms\/wp-content\/uploads\/2013\/11\/jf13-01-0534.jpg?resize=200%2C300&amp;ssl=1 200w, https:\/\/i0.wp.com\/www.jazzzeitung.de\/cms\/wp-content\/uploads\/2013\/11\/jf13-01-0534.jpg?resize=400%2C600&amp;ssl=1 400w, https:\/\/i0.wp.com\/www.jazzzeitung.de\/cms\/wp-content\/uploads\/2013\/11\/jf13-01-0534.jpg?resize=600%2C898&amp;ssl=1 600w\" width=\"478\" height=\"716\" loading=\"lazy\" data-original-width=\"478\" data-original-height=\"716\" itemprop=\"http:\/\/schema.org\/image\" title=\"Christian Scott Group. Foto: Petra Basche\" alt=\"Christian Scott Group. Foto: Petra Basche\" style=\"width: 478px; height: 716px;\" \/> <\/a> <div class=\"tiled-gallery-caption\" itemprop=\"caption description\"> Christian Scott Group. Foto: Petra Basche <\/div> <\/div> <\/div> <!-- close group --> <div class=\"gallery-group images-3\" style=\"width: 358px; height: 720px;\" data-original-width=\"358\" data-original-height=\"720\" > <div class=\"tiled-gallery-item tiled-gallery-item-large\" itemprop=\"associatedMedia\" itemscope itemtype=\"http:\/\/schema.org\/ImageObject\"> <a href=\"https:\/\/i0.wp.com\/www.jazzzeitung.de\/cms\/wp-content\/uploads\/2013\/11\/jf13-01-0552.jpg?ssl=1\" border=\"0\" itemprop=\"url\"> <meta itemprop=\"width\" content=\"354\"> <meta itemprop=\"height\" content=\"236\"> <img decoding=\"async\" class=\"\" data-attachment-id=\"2622\" data-orig-file=\"https:\/\/www.jazzzeitung.de\/cms\/wp-content\/uploads\/2013\/11\/jf13-01-0552.jpg\" data-orig-size=\"1349,900\" data-comments-opened=\"1\" data-image-meta=\"{&quot;aperture&quot;:&quot;0&quot;,&quot;credit&quot;:&quot;Petra Basche&quot;,&quot;camera&quot;:&quot;&quot;,&quot;caption&quot;:&quot;&quot;,&quot;created_timestamp&quot;:&quot;0&quot;,&quot;copyright&quot;:&quot;Petra Basche&quot;,&quot;focal_length&quot;:&quot;0&quot;,&quot;iso&quot;:&quot;0&quot;,&quot;shutter_speed&quot;:&quot;0&quot;,&quot;title&quot;:&quot;&quot;}\" data-image-title=\"Christian Scott Group. Foto: Petra Basche\" data-image-description=\"&lt;p&gt;Christian Scott Group. Foto: Petra Basche&lt;\/p&gt; \" data-medium-file=\"https:\/\/i0.wp.com\/www.jazzzeitung.de\/cms\/wp-content\/uploads\/2013\/11\/jf13-01-0552.jpg?fit=300%2C200&#038;ssl=1\" data-large-file=\"https:\/\/i0.wp.com\/www.jazzzeitung.de\/cms\/wp-content\/uploads\/2013\/11\/jf13-01-0552.jpg?fit=840%2C560&#038;ssl=1\" src=\"https:\/\/i0.wp.com\/www.jazzzeitung.de\/cms\/wp-content\/uploads\/2013\/11\/jf13-01-0552.jpg?w=354&#038;h=236&#038;ssl=1\" srcset=\"https:\/\/i0.wp.com\/www.jazzzeitung.de\/cms\/wp-content\/uploads\/2013\/11\/jf13-01-0552.jpg?w=1349&amp;ssl=1 1349w, https:\/\/i0.wp.com\/www.jazzzeitung.de\/cms\/wp-content\/uploads\/2013\/11\/jf13-01-0552.jpg?resize=300%2C200&amp;ssl=1 300w, https:\/\/i0.wp.com\/www.jazzzeitung.de\/cms\/wp-content\/uploads\/2013\/11\/jf13-01-0552.jpg?resize=900%2C600&amp;ssl=1 900w, https:\/\/i0.wp.com\/www.jazzzeitung.de\/cms\/wp-content\/uploads\/2013\/11\/jf13-01-0552.jpg?resize=600%2C400&amp;ssl=1 600w\" width=\"354\" height=\"236\" loading=\"lazy\" data-original-width=\"354\" data-original-height=\"236\" itemprop=\"http:\/\/schema.org\/image\" title=\"Christian Scott Group. Foto: Petra Basche\" alt=\"Christian Scott Group. Foto: Petra Basche\" style=\"width: 354px; height: 236px;\" \/> <\/a> <div class=\"tiled-gallery-caption\" itemprop=\"caption description\"> Christian Scott Group. Foto: Petra Basche <\/div> <\/div> <div class=\"tiled-gallery-item tiled-gallery-item-large\" itemprop=\"associatedMedia\" itemscope itemtype=\"http:\/\/schema.org\/ImageObject\"> <a href=\"https:\/\/i0.wp.com\/www.jazzzeitung.de\/cms\/wp-content\/uploads\/2013\/11\/jf13-01-0573.jpg?ssl=1\" border=\"0\" itemprop=\"url\"> <meta itemprop=\"width\" content=\"354\"> <meta itemprop=\"height\" content=\"236\"> <img decoding=\"async\" class=\"\" data-attachment-id=\"2623\" data-orig-file=\"https:\/\/www.jazzzeitung.de\/cms\/wp-content\/uploads\/2013\/11\/jf13-01-0573.jpg\" data-orig-size=\"1349,900\" data-comments-opened=\"1\" data-image-meta=\"{&quot;aperture&quot;:&quot;0&quot;,&quot;credit&quot;:&quot;Petra Basche&quot;,&quot;camera&quot;:&quot;&quot;,&quot;caption&quot;:&quot;&quot;,&quot;created_timestamp&quot;:&quot;0&quot;,&quot;copyright&quot;:&quot;Petra Basche&quot;,&quot;focal_length&quot;:&quot;0&quot;,&quot;iso&quot;:&quot;0&quot;,&quot;shutter_speed&quot;:&quot;0&quot;,&quot;title&quot;:&quot;&quot;}\" data-image-title=\"Christian Scott Group. Foto: Petra Basche\" data-image-description=\"&lt;p&gt;Christian Scott Group. Foto: Petra Basche&lt;\/p&gt; \" data-medium-file=\"https:\/\/i0.wp.com\/www.jazzzeitung.de\/cms\/wp-content\/uploads\/2013\/11\/jf13-01-0573.jpg?fit=300%2C200&#038;ssl=1\" data-large-file=\"https:\/\/i0.wp.com\/www.jazzzeitung.de\/cms\/wp-content\/uploads\/2013\/11\/jf13-01-0573.jpg?fit=840%2C560&#038;ssl=1\" src=\"https:\/\/i0.wp.com\/www.jazzzeitung.de\/cms\/wp-content\/uploads\/2013\/11\/jf13-01-0573.jpg?w=354&#038;h=236&#038;ssl=1\" srcset=\"https:\/\/i0.wp.com\/www.jazzzeitung.de\/cms\/wp-content\/uploads\/2013\/11\/jf13-01-0573.jpg?w=1349&amp;ssl=1 1349w, https:\/\/i0.wp.com\/www.jazzzeitung.de\/cms\/wp-content\/uploads\/2013\/11\/jf13-01-0573.jpg?resize=300%2C200&amp;ssl=1 300w, https:\/\/i0.wp.com\/www.jazzzeitung.de\/cms\/wp-content\/uploads\/2013\/11\/jf13-01-0573.jpg?resize=900%2C600&amp;ssl=1 900w, https:\/\/i0.wp.com\/www.jazzzeitung.de\/cms\/wp-content\/uploads\/2013\/11\/jf13-01-0573.jpg?resize=600%2C400&amp;ssl=1 600w\" width=\"354\" height=\"236\" loading=\"lazy\" data-original-width=\"354\" data-original-height=\"236\" itemprop=\"http:\/\/schema.org\/image\" title=\"Christian Scott Group. Foto: Petra Basche\" alt=\"Christian Scott Group. Foto: Petra Basche\" style=\"width: 354px; height: 236px;\" \/> <\/a> <div class=\"tiled-gallery-caption\" itemprop=\"caption description\"> Christian Scott Group. Foto: Petra Basche <\/div> <\/div> <div class=\"tiled-gallery-item tiled-gallery-item-large\" itemprop=\"associatedMedia\" itemscope itemtype=\"http:\/\/schema.org\/ImageObject\"> <a href=\"https:\/\/i0.wp.com\/www.jazzzeitung.de\/cms\/wp-content\/uploads\/2013\/11\/jf13-01-0494.jpg?ssl=1\" border=\"0\" itemprop=\"url\"> <meta itemprop=\"width\" content=\"354\"> <meta itemprop=\"height\" content=\"236\"> <img decoding=\"async\" class=\"\" data-attachment-id=\"2618\" data-orig-file=\"https:\/\/www.jazzzeitung.de\/cms\/wp-content\/uploads\/2013\/11\/jf13-01-0494.jpg\" data-orig-size=\"1349,900\" data-comments-opened=\"1\" data-image-meta=\"{&quot;aperture&quot;:&quot;0&quot;,&quot;credit&quot;:&quot;Petra Basche&quot;,&quot;camera&quot;:&quot;&quot;,&quot;caption&quot;:&quot;&quot;,&quot;created_timestamp&quot;:&quot;0&quot;,&quot;copyright&quot;:&quot;Petra Basche&quot;,&quot;focal_length&quot;:&quot;0&quot;,&quot;iso&quot;:&quot;0&quot;,&quot;shutter_speed&quot;:&quot;0&quot;,&quot;title&quot;:&quot;&quot;}\" data-image-title=\"Christian Scott Group. Foto: Petra Basche\" data-image-description=\"&lt;p&gt;Christian Scott Group. Foto: Petra Basche&lt;\/p&gt; \" data-medium-file=\"https:\/\/i0.wp.com\/www.jazzzeitung.de\/cms\/wp-content\/uploads\/2013\/11\/jf13-01-0494.jpg?fit=300%2C200&#038;ssl=1\" data-large-file=\"https:\/\/i0.wp.com\/www.jazzzeitung.de\/cms\/wp-content\/uploads\/2013\/11\/jf13-01-0494.jpg?fit=840%2C560&#038;ssl=1\" src=\"https:\/\/i0.wp.com\/www.jazzzeitung.de\/cms\/wp-content\/uploads\/2013\/11\/jf13-01-0494.jpg?w=354&#038;h=236&#038;ssl=1\" srcset=\"https:\/\/i0.wp.com\/www.jazzzeitung.de\/cms\/wp-content\/uploads\/2013\/11\/jf13-01-0494.jpg?w=1349&amp;ssl=1 1349w, https:\/\/i0.wp.com\/www.jazzzeitung.de\/cms\/wp-content\/uploads\/2013\/11\/jf13-01-0494.jpg?resize=300%2C200&amp;ssl=1 300w, https:\/\/i0.wp.com\/www.jazzzeitung.de\/cms\/wp-content\/uploads\/2013\/11\/jf13-01-0494.jpg?resize=900%2C600&amp;ssl=1 900w, https:\/\/i0.wp.com\/www.jazzzeitung.de\/cms\/wp-content\/uploads\/2013\/11\/jf13-01-0494.jpg?resize=600%2C400&amp;ssl=1 600w\" width=\"354\" height=\"236\" loading=\"lazy\" data-original-width=\"354\" data-original-height=\"236\" itemprop=\"http:\/\/schema.org\/image\" title=\"Christian Scott Group. Foto: Petra Basche\" alt=\"Christian Scott Group. Foto: Petra Basche\" style=\"width: 354px; height: 236px;\" \/> <\/a> <div class=\"tiled-gallery-caption\" itemprop=\"caption description\"> Christian Scott Group. Foto: Petra Basche <\/div> <\/div> <\/div> <!-- close group --> <\/div> <!-- close row --> <div class=\"gallery-row\" style=\"width: 840px; height: 627px;\" data-original-width=\"840\" data-original-height=\"627\" > <div class=\"gallery-group images-1\" style=\"width: 420px; height: 627px;\" data-original-width=\"420\" data-original-height=\"627\" > <div class=\"tiled-gallery-item tiled-gallery-item-large\" itemprop=\"associatedMedia\" itemscope itemtype=\"http:\/\/schema.org\/ImageObject\"> <a href=\"https:\/\/i0.wp.com\/www.jazzzeitung.de\/cms\/wp-content\/uploads\/2013\/11\/jf13-01-0612.jpg?ssl=1\" border=\"0\" itemprop=\"url\"> <meta itemprop=\"width\" content=\"416\"> <meta itemprop=\"height\" content=\"623\"> <img decoding=\"async\" class=\"\" data-attachment-id=\"2624\" data-orig-file=\"https:\/\/www.jazzzeitung.de\/cms\/wp-content\/uploads\/2013\/11\/jf13-01-0612.jpg\" data-orig-size=\"601,900\" data-comments-opened=\"1\" data-image-meta=\"{&quot;aperture&quot;:&quot;0&quot;,&quot;credit&quot;:&quot;Petra Basche&quot;,&quot;camera&quot;:&quot;&quot;,&quot;caption&quot;:&quot;&quot;,&quot;created_timestamp&quot;:&quot;0&quot;,&quot;copyright&quot;:&quot;Petra Basche&quot;,&quot;focal_length&quot;:&quot;0&quot;,&quot;iso&quot;:&quot;0&quot;,&quot;shutter_speed&quot;:&quot;0&quot;,&quot;title&quot;:&quot;&quot;}\" data-image-title=\"Foto: Petra Basche\" data-image-description=\"&lt;p&gt;Christian Scott Group. Foto: Petra Basche&lt;\/p&gt; \" data-medium-file=\"https:\/\/i0.wp.com\/www.jazzzeitung.de\/cms\/wp-content\/uploads\/2013\/11\/jf13-01-0612.jpg?fit=200%2C300&#038;ssl=1\" data-large-file=\"https:\/\/i0.wp.com\/www.jazzzeitung.de\/cms\/wp-content\/uploads\/2013\/11\/jf13-01-0612.jpg?fit=400%2C600&#038;ssl=1\" src=\"https:\/\/i0.wp.com\/www.jazzzeitung.de\/cms\/wp-content\/uploads\/2013\/11\/jf13-01-0612.jpg?w=416&#038;h=623&#038;ssl=1\" srcset=\"https:\/\/i0.wp.com\/www.jazzzeitung.de\/cms\/wp-content\/uploads\/2013\/11\/jf13-01-0612.jpg?w=601&amp;ssl=1 601w, https:\/\/i0.wp.com\/www.jazzzeitung.de\/cms\/wp-content\/uploads\/2013\/11\/jf13-01-0612.jpg?resize=200%2C300&amp;ssl=1 200w, https:\/\/i0.wp.com\/www.jazzzeitung.de\/cms\/wp-content\/uploads\/2013\/11\/jf13-01-0612.jpg?resize=400%2C600&amp;ssl=1 400w, https:\/\/i0.wp.com\/www.jazzzeitung.de\/cms\/wp-content\/uploads\/2013\/11\/jf13-01-0612.jpg?resize=600%2C898&amp;ssl=1 600w\" width=\"416\" height=\"623\" loading=\"lazy\" data-original-width=\"416\" data-original-height=\"623\" itemprop=\"http:\/\/schema.org\/image\" title=\"Foto: Petra Basche\" alt=\"Foto: Petra Basche\" style=\"width: 416px; height: 623px;\" \/> <\/a> <div class=\"tiled-gallery-caption\" itemprop=\"caption description\"> Foto: Petra Basche <\/div> <\/div> <\/div> <!-- close group --> <div class=\"gallery-group images-1\" style=\"width: 420px; height: 627px;\" data-original-width=\"420\" data-original-height=\"627\" > <div class=\"tiled-gallery-item tiled-gallery-item-large\" itemprop=\"associatedMedia\" itemscope itemtype=\"http:\/\/schema.org\/ImageObject\"> <a href=\"https:\/\/i0.wp.com\/www.jazzzeitung.de\/cms\/wp-content\/uploads\/2013\/11\/jf13-01-0720.jpg?ssl=1\" border=\"0\" itemprop=\"url\"> <meta itemprop=\"width\" content=\"416\"> <meta itemprop=\"height\" content=\"623\"> <img decoding=\"async\" class=\"\" data-attachment-id=\"2626\" data-orig-file=\"https:\/\/www.jazzzeitung.de\/cms\/wp-content\/uploads\/2013\/11\/jf13-01-0720.jpg\" data-orig-size=\"601,900\" data-comments-opened=\"1\" data-image-meta=\"{&quot;aperture&quot;:&quot;0&quot;,&quot;credit&quot;:&quot;Petra Basche&quot;,&quot;camera&quot;:&quot;&quot;,&quot;caption&quot;:&quot;&quot;,&quot;created_timestamp&quot;:&quot;0&quot;,&quot;copyright&quot;:&quot;Petra Basche&quot;,&quot;focal_length&quot;:&quot;0&quot;,&quot;iso&quot;:&quot;0&quot;,&quot;shutter_speed&quot;:&quot;0&quot;,&quot;title&quot;:&quot;&quot;}\" data-image-title=\"Foto: Petra Basche\" data-image-description=\"&lt;p&gt;Foto: Petra Basche&lt;\/p&gt; \" data-medium-file=\"https:\/\/i0.wp.com\/www.jazzzeitung.de\/cms\/wp-content\/uploads\/2013\/11\/jf13-01-0720.jpg?fit=200%2C300&#038;ssl=1\" data-large-file=\"https:\/\/i0.wp.com\/www.jazzzeitung.de\/cms\/wp-content\/uploads\/2013\/11\/jf13-01-0720.jpg?fit=400%2C600&#038;ssl=1\" src=\"https:\/\/i0.wp.com\/www.jazzzeitung.de\/cms\/wp-content\/uploads\/2013\/11\/jf13-01-0720.jpg?w=416&#038;h=623&#038;ssl=1\" srcset=\"https:\/\/i0.wp.com\/www.jazzzeitung.de\/cms\/wp-content\/uploads\/2013\/11\/jf13-01-0720.jpg?w=601&amp;ssl=1 601w, https:\/\/i0.wp.com\/www.jazzzeitung.de\/cms\/wp-content\/uploads\/2013\/11\/jf13-01-0720.jpg?resize=200%2C300&amp;ssl=1 200w, https:\/\/i0.wp.com\/www.jazzzeitung.de\/cms\/wp-content\/uploads\/2013\/11\/jf13-01-0720.jpg?resize=400%2C600&amp;ssl=1 400w, https:\/\/i0.wp.com\/www.jazzzeitung.de\/cms\/wp-content\/uploads\/2013\/11\/jf13-01-0720.jpg?resize=600%2C898&amp;ssl=1 600w\" width=\"416\" height=\"623\" loading=\"lazy\" data-original-width=\"416\" data-original-height=\"623\" itemprop=\"http:\/\/schema.org\/image\" title=\"Foto: Petra Basche\" alt=\"Foto: Petra Basche\" style=\"width: 416px; height: 623px;\" \/> <\/a> <div class=\"tiled-gallery-caption\" itemprop=\"caption description\"> Foto: Petra Basche <\/div> <\/div> <\/div> <!-- close group --> <\/div> <!-- close row --> <\/div>\n<p><strong>Gehemmte Extase (Gnawa Jazz Vodoo \u2013 Joachim K\u00fchn Africa Connection feat. Pharoah Sanders)<br \/>\n<\/strong><\/p>\n<p>Umarmungen k\u00f6nnen aber auch erdr\u00fccken. Das Projekt um Volker K\u00fchn war dieser Art. Die Konstellation: Ein Trio aus Joachim K\u00fchn (p), Majid Bekkas (guembri) und Ram\u00f3n L\u00f3pez (dm); ein Quartett aus Perkussionisten: Abdessadek Bounhar (conga, talking drum), Fatallah Chaouki, Abdessadek Bounhar und Moussa Sissakha (perc.); eine Saxophon-Legende: Pharoah Sanders. Die Connection zwischen diesen Musikern stimmte einfach nicht. Gruppe f\u00fcr Gruppe machten sie in sich konsistente Musik, aber die Scharniere zwischen ihnen schienen wie eingefroren. Die Schaltstation im engeren Sinn \u00fcbernahm der Schlagzeuger Ram\u00f3n L\u00f3pez, der \u201emodernen\u201c Jazz mit afrikanischer Trommelvirtuosit\u00e4t zu verkoppeln hatte, das zeigte sich in seiner selbst zur\u00fcckgenommenen Art des Spiels wie in seiner K\u00f6rperhaltung. Aber es klappte nicht. Die Perkussionisten produzierten durchaus magische Energie. Aber sie wirkte f\u00fcr sich und als Bett f\u00fcr den Rest der Mannschaft eher nicht.<\/p>\n<p>Umgekehrt blieben die Ausfl\u00fcge von Sanders und K\u00fchn in den freien Jazz, den \u00fcbrigens K\u00fchn sehr genial an mancher Stelle mit Bach\u2019scher Spielhaltung zu verschmelzen wusste, unverbunden. Was ja auch okay ist. Der Schlagzeug-Zauber aber scheint merkw\u00fcrdig quer zu stehen zu dieser Form von Jazzempfindung. Das ist ja zumindest in Richtung Sanders gesagt, erstaunlich. Seine Ausfl\u00fcge zur afrikanischen Musik wie auf \u201eElevation\u201c (1973) waren ja deutlich homogener. Insgesamt konnte man aber schon den Eindruck empfinden, einer Veranstaltung mit netter Guter-Laune- Free-Jazz beizuwohnen.<\/p>\n<p>Als gesamtes Ensemble mochten sich die Musiker gegenseitig erdr\u00fccken, als Einzelensembles fand man an die musikalische Luft.<\/p>\n<p>Fotos: Petra Basche<\/p>\n<div class=\"tiled-gallery type-rectangular tiled-gallery-unresized\" data-original-width=\"840\" data-carousel-extra='{&quot;blog_id&quot;:1,&quot;permalink&quot;:&quot;https:\\\/\\\/www.jazzzeitung.de\\\/cms\\\/2013\\\/11\\\/jazzfest-2013-gestartet-christian-scott-und-joachim-kuehn-stage-stretch-stretch\\\/&quot;,&quot;likes_blog_id&quot;:55446655}' itemscope itemtype=\"http:\/\/schema.org\/ImageGallery\" > <div class=\"gallery-row\" style=\"width: 840px; height: 593px;\" data-original-width=\"840\" data-original-height=\"593\" > <div class=\"gallery-group images-2\" style=\"width: 443px; height: 593px;\" data-original-width=\"443\" data-original-height=\"593\" > <div class=\"tiled-gallery-item tiled-gallery-item-large\" itemprop=\"associatedMedia\" itemscope itemtype=\"http:\/\/schema.org\/ImageObject\"> <a href=\"https:\/\/i0.wp.com\/www.jazzzeitung.de\/cms\/wp-content\/uploads\/2013\/11\/jf13-01-0861.jpg?ssl=1\" border=\"0\" itemprop=\"url\"> <meta itemprop=\"width\" content=\"439\"> <meta itemprop=\"height\" content=\"293\"> <img decoding=\"async\" class=\"\" data-attachment-id=\"2645\" data-orig-file=\"https:\/\/www.jazzzeitung.de\/cms\/wp-content\/uploads\/2013\/11\/jf13-01-0861.jpg\" data-orig-size=\"1349,900\" data-comments-opened=\"1\" data-image-meta=\"{&quot;aperture&quot;:&quot;0&quot;,&quot;credit&quot;:&quot;Petra Basche&quot;,&quot;camera&quot;:&quot;&quot;,&quot;caption&quot;:&quot;&quot;,&quot;created_timestamp&quot;:&quot;0&quot;,&quot;copyright&quot;:&quot;Petra Basche&quot;,&quot;focal_length&quot;:&quot;0&quot;,&quot;iso&quot;:&quot;0&quot;,&quot;shutter_speed&quot;:&quot;0&quot;,&quot;title&quot;:&quot;&quot;}\" data-image-title=\"Gnawa Jazz Vodoo \u2013 Joachim K\u00fchn Africa Connection feat. Pharoah Sanders. Foto: Petra Basche\" data-image-description=\"&lt;p&gt;Gnawa Jazz Vodoo \u2013 Joachim K\u00fchn Africa Connection feat. Pharoah Sanders. Foto: Petra Basche&lt;\/p&gt; \" data-medium-file=\"https:\/\/i0.wp.com\/www.jazzzeitung.de\/cms\/wp-content\/uploads\/2013\/11\/jf13-01-0861.jpg?fit=300%2C200&#038;ssl=1\" data-large-file=\"https:\/\/i0.wp.com\/www.jazzzeitung.de\/cms\/wp-content\/uploads\/2013\/11\/jf13-01-0861.jpg?fit=840%2C560&#038;ssl=1\" src=\"https:\/\/i0.wp.com\/www.jazzzeitung.de\/cms\/wp-content\/uploads\/2013\/11\/jf13-01-0861.jpg?w=439&#038;h=293&#038;ssl=1\" srcset=\"https:\/\/i0.wp.com\/www.jazzzeitung.de\/cms\/wp-content\/uploads\/2013\/11\/jf13-01-0861.jpg?w=1349&amp;ssl=1 1349w, https:\/\/i0.wp.com\/www.jazzzeitung.de\/cms\/wp-content\/uploads\/2013\/11\/jf13-01-0861.jpg?resize=300%2C200&amp;ssl=1 300w, https:\/\/i0.wp.com\/www.jazzzeitung.de\/cms\/wp-content\/uploads\/2013\/11\/jf13-01-0861.jpg?resize=900%2C600&amp;ssl=1 900w, https:\/\/i0.wp.com\/www.jazzzeitung.de\/cms\/wp-content\/uploads\/2013\/11\/jf13-01-0861.jpg?resize=600%2C400&amp;ssl=1 600w\" width=\"439\" height=\"293\" loading=\"lazy\" data-original-width=\"439\" data-original-height=\"293\" itemprop=\"http:\/\/schema.org\/image\" title=\"Gnawa Jazz Vodoo \u2013 Joachim K\u00fchn Africa Connection feat. Pharoah Sanders. Foto: Petra Basche\" alt=\"Gnawa Jazz Vodoo \u2013 Joachim K\u00fchn Africa Connection feat. Pharoah Sanders. Foto: Petra Basche\" style=\"width: 439px; height: 293px;\" \/> <\/a> <div class=\"tiled-gallery-caption\" itemprop=\"caption description\"> Gnawa Jazz Vodoo \u2013 Joachim K\u00fchn Africa Connection feat. Pharoah Sanders. Foto: Petra Basche <\/div> <\/div> <div class=\"tiled-gallery-item tiled-gallery-item-large\" itemprop=\"associatedMedia\" itemscope itemtype=\"http:\/\/schema.org\/ImageObject\"> <a href=\"https:\/\/i0.wp.com\/www.jazzzeitung.de\/cms\/wp-content\/uploads\/2013\/11\/jf13-01-0725.jpg?ssl=1\" border=\"0\" itemprop=\"url\"> <meta itemprop=\"width\" content=\"439\"> <meta itemprop=\"height\" content=\"292\"> <img decoding=\"async\" class=\"\" data-attachment-id=\"2629\" data-orig-file=\"https:\/\/www.jazzzeitung.de\/cms\/wp-content\/uploads\/2013\/11\/jf13-01-0725.jpg\" data-orig-size=\"1349,900\" data-comments-opened=\"1\" data-image-meta=\"{&quot;aperture&quot;:&quot;0&quot;,&quot;credit&quot;:&quot;Petra Basche&quot;,&quot;camera&quot;:&quot;&quot;,&quot;caption&quot;:&quot;&quot;,&quot;created_timestamp&quot;:&quot;0&quot;,&quot;copyright&quot;:&quot;Petra Basche&quot;,&quot;focal_length&quot;:&quot;0&quot;,&quot;iso&quot;:&quot;0&quot;,&quot;shutter_speed&quot;:&quot;0&quot;,&quot;title&quot;:&quot;&quot;}\" data-image-title=\"Gnawa Jazz Vodoo \u2013 Joachim K\u00fchn Africa Connection feat. Pharoah Sanders. Foto: Petra Basche\" data-image-description=\"&lt;p&gt;Gnawa Jazz Vodoo \u2013 Joachim K\u00fchn Africa Connection feat. Pharoah Sanders. Foto: Petra Basche&lt;\/p&gt; \" data-medium-file=\"https:\/\/i0.wp.com\/www.jazzzeitung.de\/cms\/wp-content\/uploads\/2013\/11\/jf13-01-0725.jpg?fit=300%2C200&#038;ssl=1\" data-large-file=\"https:\/\/i0.wp.com\/www.jazzzeitung.de\/cms\/wp-content\/uploads\/2013\/11\/jf13-01-0725.jpg?fit=840%2C560&#038;ssl=1\" src=\"https:\/\/i0.wp.com\/www.jazzzeitung.de\/cms\/wp-content\/uploads\/2013\/11\/jf13-01-0725.jpg?w=439&#038;h=292&#038;ssl=1\" srcset=\"https:\/\/i0.wp.com\/www.jazzzeitung.de\/cms\/wp-content\/uploads\/2013\/11\/jf13-01-0725.jpg?w=1349&amp;ssl=1 1349w, https:\/\/i0.wp.com\/www.jazzzeitung.de\/cms\/wp-content\/uploads\/2013\/11\/jf13-01-0725.jpg?resize=300%2C200&amp;ssl=1 300w, https:\/\/i0.wp.com\/www.jazzzeitung.de\/cms\/wp-content\/uploads\/2013\/11\/jf13-01-0725.jpg?resize=900%2C600&amp;ssl=1 900w, https:\/\/i0.wp.com\/www.jazzzeitung.de\/cms\/wp-content\/uploads\/2013\/11\/jf13-01-0725.jpg?resize=600%2C400&amp;ssl=1 600w\" width=\"439\" height=\"292\" loading=\"lazy\" data-original-width=\"439\" data-original-height=\"292\" itemprop=\"http:\/\/schema.org\/image\" title=\"Gnawa Jazz Vodoo \u2013 Joachim K\u00fchn Africa Connection feat. Pharoah Sanders. Foto: Petra Basche\" alt=\"Gnawa Jazz Vodoo \u2013 Joachim K\u00fchn Africa Connection feat. Pharoah Sanders. Foto: Petra Basche\" style=\"width: 439px; height: 292px;\" \/> <\/a> <div class=\"tiled-gallery-caption\" itemprop=\"caption description\"> Gnawa Jazz Vodoo \u2013 Joachim K\u00fchn Africa Connection feat. Pharoah Sanders. Foto: Petra Basche <\/div> <\/div> <\/div> <!-- close group --> <div class=\"gallery-group images-1\" style=\"width: 397px; height: 593px;\" data-original-width=\"397\" data-original-height=\"593\" > <div class=\"tiled-gallery-item tiled-gallery-item-large\" itemprop=\"associatedMedia\" itemscope itemtype=\"http:\/\/schema.org\/ImageObject\"> <a href=\"https:\/\/i0.wp.com\/www.jazzzeitung.de\/cms\/wp-content\/uploads\/2013\/11\/jf13-01-0813.jpg?ssl=1\" border=\"0\" itemprop=\"url\"> <meta itemprop=\"width\" content=\"393\"> <meta itemprop=\"height\" content=\"589\"> <img decoding=\"async\" class=\"\" data-attachment-id=\"2637\" data-orig-file=\"https:\/\/www.jazzzeitung.de\/cms\/wp-content\/uploads\/2013\/11\/jf13-01-0813.jpg\" data-orig-size=\"601,900\" data-comments-opened=\"1\" data-image-meta=\"{&quot;aperture&quot;:&quot;0&quot;,&quot;credit&quot;:&quot;Petra Basche&quot;,&quot;camera&quot;:&quot;&quot;,&quot;caption&quot;:&quot;&quot;,&quot;created_timestamp&quot;:&quot;0&quot;,&quot;copyright&quot;:&quot;Petra Basche&quot;,&quot;focal_length&quot;:&quot;0&quot;,&quot;iso&quot;:&quot;0&quot;,&quot;shutter_speed&quot;:&quot;0&quot;,&quot;title&quot;:&quot;&quot;}\" data-image-title=\"Gnawa Jazz Vodoo \u2013 Joachim K\u00fchn Africa Connection feat. Pharoah Sanders. Foto: Petra Basche\" data-image-description=\"&lt;p&gt;Gnawa Jazz Vodoo \u2013 Joachim K\u00fchn Africa Connection feat. Pharoah Sanders. Foto: Petra Basche&lt;\/p&gt; \" data-medium-file=\"https:\/\/i0.wp.com\/www.jazzzeitung.de\/cms\/wp-content\/uploads\/2013\/11\/jf13-01-0813.jpg?fit=200%2C300&#038;ssl=1\" data-large-file=\"https:\/\/i0.wp.com\/www.jazzzeitung.de\/cms\/wp-content\/uploads\/2013\/11\/jf13-01-0813.jpg?fit=400%2C600&#038;ssl=1\" src=\"https:\/\/i0.wp.com\/www.jazzzeitung.de\/cms\/wp-content\/uploads\/2013\/11\/jf13-01-0813.jpg?w=393&#038;h=589&#038;ssl=1\" srcset=\"https:\/\/i0.wp.com\/www.jazzzeitung.de\/cms\/wp-content\/uploads\/2013\/11\/jf13-01-0813.jpg?w=601&amp;ssl=1 601w, https:\/\/i0.wp.com\/www.jazzzeitung.de\/cms\/wp-content\/uploads\/2013\/11\/jf13-01-0813.jpg?resize=200%2C300&amp;ssl=1 200w, https:\/\/i0.wp.com\/www.jazzzeitung.de\/cms\/wp-content\/uploads\/2013\/11\/jf13-01-0813.jpg?resize=400%2C600&amp;ssl=1 400w, https:\/\/i0.wp.com\/www.jazzzeitung.de\/cms\/wp-content\/uploads\/2013\/11\/jf13-01-0813.jpg?resize=600%2C898&amp;ssl=1 600w\" width=\"393\" height=\"589\" loading=\"lazy\" data-original-width=\"393\" data-original-height=\"589\" itemprop=\"http:\/\/schema.org\/image\" title=\"Gnawa Jazz Vodoo \u2013 Joachim K\u00fchn Africa Connection feat. Pharoah Sanders. Foto: Petra Basche\" alt=\"Gnawa Jazz Vodoo \u2013 Joachim K\u00fchn Africa Connection feat. Pharoah Sanders. Foto: Petra Basche\" style=\"width: 393px; height: 589px;\" \/> <\/a> <div class=\"tiled-gallery-caption\" itemprop=\"caption description\"> Gnawa Jazz Vodoo \u2013 Joachim K\u00fchn Africa Connection feat. Pharoah Sanders. Foto: Petra Basche <\/div> <\/div> <\/div> <!-- close group --> <\/div> <!-- close row --> <div class=\"gallery-row\" style=\"width: 840px; height: 230px;\" data-original-width=\"840\" data-original-height=\"230\" > <div class=\"gallery-group images-1\" style=\"width: 343px; height: 230px;\" data-original-width=\"343\" data-original-height=\"230\" > <div class=\"tiled-gallery-item tiled-gallery-item-large\" itemprop=\"associatedMedia\" itemscope itemtype=\"http:\/\/schema.org\/ImageObject\"> <a href=\"https:\/\/i0.wp.com\/www.jazzzeitung.de\/cms\/wp-content\/uploads\/2013\/11\/jf13-01-0733.jpg?ssl=1\" border=\"0\" itemprop=\"url\"> <meta itemprop=\"width\" content=\"339\"> <meta itemprop=\"height\" content=\"226\"> <img decoding=\"async\" class=\"\" data-attachment-id=\"2630\" data-orig-file=\"https:\/\/www.jazzzeitung.de\/cms\/wp-content\/uploads\/2013\/11\/jf13-01-0733.jpg\" data-orig-size=\"1349,900\" data-comments-opened=\"1\" data-image-meta=\"{&quot;aperture&quot;:&quot;0&quot;,&quot;credit&quot;:&quot;Petra Basche&quot;,&quot;camera&quot;:&quot;&quot;,&quot;caption&quot;:&quot;&quot;,&quot;created_timestamp&quot;:&quot;0&quot;,&quot;copyright&quot;:&quot;Petra Basche&quot;,&quot;focal_length&quot;:&quot;0&quot;,&quot;iso&quot;:&quot;0&quot;,&quot;shutter_speed&quot;:&quot;0&quot;,&quot;title&quot;:&quot;&quot;}\" data-image-title=\"Gnawa Jazz Vodoo \u2013 Joachim K\u00fchn Africa Connection feat. Pharoah Sanders. Foto: Petra Basche\" data-image-description=\"&lt;p&gt;Gnawa Jazz Vodoo \u2013 Joachim K\u00fchn Africa Connection feat. Pharoah Sanders. Foto: Petra Basche&lt;\/p&gt; \" data-medium-file=\"https:\/\/i0.wp.com\/www.jazzzeitung.de\/cms\/wp-content\/uploads\/2013\/11\/jf13-01-0733.jpg?fit=300%2C200&#038;ssl=1\" data-large-file=\"https:\/\/i0.wp.com\/www.jazzzeitung.de\/cms\/wp-content\/uploads\/2013\/11\/jf13-01-0733.jpg?fit=840%2C560&#038;ssl=1\" src=\"https:\/\/i0.wp.com\/www.jazzzeitung.de\/cms\/wp-content\/uploads\/2013\/11\/jf13-01-0733.jpg?w=339&#038;h=226&#038;ssl=1\" srcset=\"https:\/\/i0.wp.com\/www.jazzzeitung.de\/cms\/wp-content\/uploads\/2013\/11\/jf13-01-0733.jpg?w=1349&amp;ssl=1 1349w, https:\/\/i0.wp.com\/www.jazzzeitung.de\/cms\/wp-content\/uploads\/2013\/11\/jf13-01-0733.jpg?resize=300%2C200&amp;ssl=1 300w, https:\/\/i0.wp.com\/www.jazzzeitung.de\/cms\/wp-content\/uploads\/2013\/11\/jf13-01-0733.jpg?resize=900%2C600&amp;ssl=1 900w, https:\/\/i0.wp.com\/www.jazzzeitung.de\/cms\/wp-content\/uploads\/2013\/11\/jf13-01-0733.jpg?resize=600%2C400&amp;ssl=1 600w\" width=\"339\" height=\"226\" loading=\"lazy\" data-original-width=\"339\" data-original-height=\"226\" itemprop=\"http:\/\/schema.org\/image\" title=\"Gnawa Jazz Vodoo \u2013 Joachim K\u00fchn Africa Connection feat. Pharoah Sanders. Foto: Petra Basche\" alt=\"Gnawa Jazz Vodoo \u2013 Joachim K\u00fchn Africa Connection feat. Pharoah Sanders. Foto: Petra Basche\" style=\"width: 339px; height: 226px;\" \/> <\/a> <div class=\"tiled-gallery-caption\" itemprop=\"caption description\"> Gnawa Jazz Vodoo \u2013 Joachim K\u00fchn Africa Connection feat. Pharoah Sanders. Foto: Petra Basche <\/div> <\/div> <\/div> <!-- close group --> <div class=\"gallery-group images-1\" style=\"width: 155px; height: 230px;\" data-original-width=\"155\" data-original-height=\"230\" > <div class=\"tiled-gallery-item tiled-gallery-item-small\" itemprop=\"associatedMedia\" itemscope itemtype=\"http:\/\/schema.org\/ImageObject\"> <a href=\"https:\/\/i0.wp.com\/www.jazzzeitung.de\/cms\/wp-content\/uploads\/2013\/11\/jf13-01-0821.jpg?ssl=1\" border=\"0\" itemprop=\"url\"> <meta itemprop=\"width\" content=\"151\"> <meta itemprop=\"height\" content=\"226\"> <img decoding=\"async\" class=\"\" data-attachment-id=\"2638\" data-orig-file=\"https:\/\/www.jazzzeitung.de\/cms\/wp-content\/uploads\/2013\/11\/jf13-01-0821.jpg\" data-orig-size=\"601,900\" data-comments-opened=\"1\" data-image-meta=\"{&quot;aperture&quot;:&quot;0&quot;,&quot;credit&quot;:&quot;Petra Basche&quot;,&quot;camera&quot;:&quot;&quot;,&quot;caption&quot;:&quot;&quot;,&quot;created_timestamp&quot;:&quot;0&quot;,&quot;copyright&quot;:&quot;Petra Basche&quot;,&quot;focal_length&quot;:&quot;0&quot;,&quot;iso&quot;:&quot;0&quot;,&quot;shutter_speed&quot;:&quot;0&quot;,&quot;title&quot;:&quot;&quot;}\" data-image-title=\"Gnawa Jazz Vodoo \u2013 Joachim K\u00fchn Africa Connection feat. Pharoah Sanders. Foto: Petra Basche\" data-image-description=\"&lt;p&gt;Gnawa Jazz Vodoo \u2013 Joachim K\u00fchn Africa Connection feat. Pharoah Sanders. Foto: Petra Basche&lt;\/p&gt; \" data-medium-file=\"https:\/\/i0.wp.com\/www.jazzzeitung.de\/cms\/wp-content\/uploads\/2013\/11\/jf13-01-0821.jpg?fit=200%2C300&#038;ssl=1\" data-large-file=\"https:\/\/i0.wp.com\/www.jazzzeitung.de\/cms\/wp-content\/uploads\/2013\/11\/jf13-01-0821.jpg?fit=400%2C600&#038;ssl=1\" src=\"https:\/\/i0.wp.com\/www.jazzzeitung.de\/cms\/wp-content\/uploads\/2013\/11\/jf13-01-0821.jpg?w=151&#038;h=226&#038;ssl=1\" srcset=\"https:\/\/i0.wp.com\/www.jazzzeitung.de\/cms\/wp-content\/uploads\/2013\/11\/jf13-01-0821.jpg?w=601&amp;ssl=1 601w, https:\/\/i0.wp.com\/www.jazzzeitung.de\/cms\/wp-content\/uploads\/2013\/11\/jf13-01-0821.jpg?resize=200%2C300&amp;ssl=1 200w, https:\/\/i0.wp.com\/www.jazzzeitung.de\/cms\/wp-content\/uploads\/2013\/11\/jf13-01-0821.jpg?resize=400%2C600&amp;ssl=1 400w, https:\/\/i0.wp.com\/www.jazzzeitung.de\/cms\/wp-content\/uploads\/2013\/11\/jf13-01-0821.jpg?resize=600%2C898&amp;ssl=1 600w\" width=\"151\" height=\"226\" loading=\"lazy\" data-original-width=\"151\" data-original-height=\"226\" itemprop=\"http:\/\/schema.org\/image\" title=\"Gnawa Jazz Vodoo \u2013 Joachim K\u00fchn Africa Connection feat. Pharoah Sanders. Foto: Petra Basche\" alt=\"Gnawa Jazz Vodoo \u2013 Joachim K\u00fchn Africa Connection feat. Pharoah Sanders. Foto: Petra Basche\" style=\"width: 151px; height: 226px;\" \/> <\/a> <div class=\"tiled-gallery-caption\" itemprop=\"caption description\"> Gnawa Jazz Vodoo \u2013 Joachim K\u00fchn Africa Connection feat. Pharoah Sanders. Foto: Petra Basche <\/div> <\/div> <\/div> <!-- close group --> <div class=\"gallery-group images-1\" style=\"width: 342px; height: 230px;\" data-original-width=\"342\" data-original-height=\"230\" > <div class=\"tiled-gallery-item tiled-gallery-item-large\" itemprop=\"associatedMedia\" itemscope itemtype=\"http:\/\/schema.org\/ImageObject\"> <a href=\"https:\/\/i0.wp.com\/www.jazzzeitung.de\/cms\/wp-content\/uploads\/2013\/11\/jf13-01-0735.jpg?ssl=1\" border=\"0\" itemprop=\"url\"> <meta itemprop=\"width\" content=\"338\"> <meta itemprop=\"height\" content=\"226\"> <img decoding=\"async\" class=\"\" data-attachment-id=\"2631\" data-orig-file=\"https:\/\/www.jazzzeitung.de\/cms\/wp-content\/uploads\/2013\/11\/jf13-01-0735.jpg\" data-orig-size=\"1349,900\" data-comments-opened=\"1\" data-image-meta=\"{&quot;aperture&quot;:&quot;0&quot;,&quot;credit&quot;:&quot;Petra Basche&quot;,&quot;camera&quot;:&quot;&quot;,&quot;caption&quot;:&quot;&quot;,&quot;created_timestamp&quot;:&quot;0&quot;,&quot;copyright&quot;:&quot;Petra Basche&quot;,&quot;focal_length&quot;:&quot;0&quot;,&quot;iso&quot;:&quot;0&quot;,&quot;shutter_speed&quot;:&quot;0&quot;,&quot;title&quot;:&quot;&quot;}\" data-image-title=\"Gnawa Jazz Vodoo \u2013 Joachim K\u00fchn Africa Connection feat. Pharoah Sanders. Foto: Petra Basche\" data-image-description=\"&lt;p&gt;Gnawa Jazz Vodoo \u2013 Joachim K\u00fchn Africa Connection feat. Pharoah Sanders. Foto: Petra Basche&lt;\/p&gt; \" data-medium-file=\"https:\/\/i0.wp.com\/www.jazzzeitung.de\/cms\/wp-content\/uploads\/2013\/11\/jf13-01-0735.jpg?fit=300%2C200&#038;ssl=1\" data-large-file=\"https:\/\/i0.wp.com\/www.jazzzeitung.de\/cms\/wp-content\/uploads\/2013\/11\/jf13-01-0735.jpg?fit=840%2C560&#038;ssl=1\" src=\"https:\/\/i0.wp.com\/www.jazzzeitung.de\/cms\/wp-content\/uploads\/2013\/11\/jf13-01-0735.jpg?w=338&#038;h=226&#038;ssl=1\" srcset=\"https:\/\/i0.wp.com\/www.jazzzeitung.de\/cms\/wp-content\/uploads\/2013\/11\/jf13-01-0735.jpg?w=1349&amp;ssl=1 1349w, https:\/\/i0.wp.com\/www.jazzzeitung.de\/cms\/wp-content\/uploads\/2013\/11\/jf13-01-0735.jpg?resize=300%2C200&amp;ssl=1 300w, https:\/\/i0.wp.com\/www.jazzzeitung.de\/cms\/wp-content\/uploads\/2013\/11\/jf13-01-0735.jpg?resize=900%2C600&amp;ssl=1 900w, https:\/\/i0.wp.com\/www.jazzzeitung.de\/cms\/wp-content\/uploads\/2013\/11\/jf13-01-0735.jpg?resize=600%2C400&amp;ssl=1 600w\" width=\"338\" height=\"226\" loading=\"lazy\" data-original-width=\"338\" data-original-height=\"226\" itemprop=\"http:\/\/schema.org\/image\" title=\"Gnawa Jazz Vodoo \u2013 Joachim K\u00fchn Africa Connection feat. Pharoah Sanders. Foto: Petra Basche\" alt=\"Gnawa Jazz Vodoo \u2013 Joachim K\u00fchn Africa Connection feat. Pharoah Sanders. Foto: Petra Basche\" style=\"width: 338px; height: 226px;\" \/> <\/a> <div class=\"tiled-gallery-caption\" itemprop=\"caption description\"> Gnawa Jazz Vodoo \u2013 Joachim K\u00fchn Africa Connection feat. Pharoah Sanders. Foto: Petra Basche <\/div> <\/div> <\/div> <!-- close group --> <\/div> <!-- close row --> <div class=\"gallery-row\" style=\"width: 840px; height: 720px;\" data-original-width=\"840\" data-original-height=\"720\" > <div class=\"gallery-group images-3\" style=\"width: 358px; height: 720px;\" data-original-width=\"358\" data-original-height=\"720\" > <div class=\"tiled-gallery-item tiled-gallery-item-large\" itemprop=\"associatedMedia\" itemscope itemtype=\"http:\/\/schema.org\/ImageObject\"> <a href=\"https:\/\/i0.wp.com\/www.jazzzeitung.de\/cms\/wp-content\/uploads\/2013\/11\/jf13-01-0764.jpg?ssl=1\" border=\"0\" itemprop=\"url\"> <meta itemprop=\"width\" content=\"354\"> <meta itemprop=\"height\" content=\"236\"> <img decoding=\"async\" class=\"\" data-attachment-id=\"2632\" data-orig-file=\"https:\/\/www.jazzzeitung.de\/cms\/wp-content\/uploads\/2013\/11\/jf13-01-0764.jpg\" data-orig-size=\"1349,900\" data-comments-opened=\"1\" data-image-meta=\"{&quot;aperture&quot;:&quot;0&quot;,&quot;credit&quot;:&quot;Petra Basche&quot;,&quot;camera&quot;:&quot;&quot;,&quot;caption&quot;:&quot;&quot;,&quot;created_timestamp&quot;:&quot;0&quot;,&quot;copyright&quot;:&quot;Petra Basche&quot;,&quot;focal_length&quot;:&quot;0&quot;,&quot;iso&quot;:&quot;0&quot;,&quot;shutter_speed&quot;:&quot;0&quot;,&quot;title&quot;:&quot;&quot;}\" data-image-title=\"Gnawa Jazz Vodoo \u2013 Joachim K\u00fchn Africa Connection feat. Pharoah Sanders. Foto: Petra Basche\" data-image-description=\"&lt;p&gt;Gnawa Jazz Vodoo \u2013 Joachim K\u00fchn Africa Connection feat. Pharoah Sanders. Foto: Petra Basche&lt;\/p&gt; \" data-medium-file=\"https:\/\/i0.wp.com\/www.jazzzeitung.de\/cms\/wp-content\/uploads\/2013\/11\/jf13-01-0764.jpg?fit=300%2C200&#038;ssl=1\" data-large-file=\"https:\/\/i0.wp.com\/www.jazzzeitung.de\/cms\/wp-content\/uploads\/2013\/11\/jf13-01-0764.jpg?fit=840%2C560&#038;ssl=1\" src=\"https:\/\/i0.wp.com\/www.jazzzeitung.de\/cms\/wp-content\/uploads\/2013\/11\/jf13-01-0764.jpg?w=354&#038;h=236&#038;ssl=1\" srcset=\"https:\/\/i0.wp.com\/www.jazzzeitung.de\/cms\/wp-content\/uploads\/2013\/11\/jf13-01-0764.jpg?w=1349&amp;ssl=1 1349w, https:\/\/i0.wp.com\/www.jazzzeitung.de\/cms\/wp-content\/uploads\/2013\/11\/jf13-01-0764.jpg?resize=300%2C200&amp;ssl=1 300w, https:\/\/i0.wp.com\/www.jazzzeitung.de\/cms\/wp-content\/uploads\/2013\/11\/jf13-01-0764.jpg?resize=900%2C600&amp;ssl=1 900w, https:\/\/i0.wp.com\/www.jazzzeitung.de\/cms\/wp-content\/uploads\/2013\/11\/jf13-01-0764.jpg?resize=600%2C400&amp;ssl=1 600w\" width=\"354\" height=\"236\" loading=\"lazy\" data-original-width=\"354\" data-original-height=\"236\" itemprop=\"http:\/\/schema.org\/image\" title=\"Gnawa Jazz Vodoo \u2013 Joachim K\u00fchn Africa Connection feat. Pharoah Sanders. Foto: Petra Basche\" alt=\"Gnawa Jazz Vodoo \u2013 Joachim K\u00fchn Africa Connection feat. Pharoah Sanders. Foto: Petra Basche\" style=\"width: 354px; height: 236px;\" \/> <\/a> <div class=\"tiled-gallery-caption\" itemprop=\"caption description\"> Gnawa Jazz Vodoo \u2013 Joachim K\u00fchn Africa Connection feat. Pharoah Sanders. Foto: Petra Basche <\/div> <\/div> <div class=\"tiled-gallery-item tiled-gallery-item-large\" itemprop=\"associatedMedia\" itemscope itemtype=\"http:\/\/schema.org\/ImageObject\"> <a href=\"https:\/\/i0.wp.com\/www.jazzzeitung.de\/cms\/wp-content\/uploads\/2013\/11\/jf13-01-0766.jpg?ssl=1\" border=\"0\" itemprop=\"url\"> <meta itemprop=\"width\" content=\"354\"> <meta itemprop=\"height\" content=\"236\"> <img decoding=\"async\" class=\"\" data-attachment-id=\"2633\" data-orig-file=\"https:\/\/www.jazzzeitung.de\/cms\/wp-content\/uploads\/2013\/11\/jf13-01-0766.jpg\" data-orig-size=\"1349,900\" data-comments-opened=\"1\" data-image-meta=\"{&quot;aperture&quot;:&quot;0&quot;,&quot;credit&quot;:&quot;Petra Basche&quot;,&quot;camera&quot;:&quot;&quot;,&quot;caption&quot;:&quot;&quot;,&quot;created_timestamp&quot;:&quot;0&quot;,&quot;copyright&quot;:&quot;Petra Basche&quot;,&quot;focal_length&quot;:&quot;0&quot;,&quot;iso&quot;:&quot;0&quot;,&quot;shutter_speed&quot;:&quot;0&quot;,&quot;title&quot;:&quot;&quot;}\" data-image-title=\"Gnawa Jazz Vodoo \u2013 Joachim K\u00fchn Africa Connection feat. Pharoah Sanders. Foto: Petra Basche\" data-image-description=\"&lt;p&gt;Gnawa Jazz Vodoo \u2013 Joachim K\u00fchn Africa Connection feat. Pharoah Sanders. Foto: Petra Basche&lt;\/p&gt; \" data-medium-file=\"https:\/\/i0.wp.com\/www.jazzzeitung.de\/cms\/wp-content\/uploads\/2013\/11\/jf13-01-0766.jpg?fit=300%2C200&#038;ssl=1\" data-large-file=\"https:\/\/i0.wp.com\/www.jazzzeitung.de\/cms\/wp-content\/uploads\/2013\/11\/jf13-01-0766.jpg?fit=840%2C560&#038;ssl=1\" src=\"https:\/\/i0.wp.com\/www.jazzzeitung.de\/cms\/wp-content\/uploads\/2013\/11\/jf13-01-0766.jpg?w=354&#038;h=236&#038;ssl=1\" srcset=\"https:\/\/i0.wp.com\/www.jazzzeitung.de\/cms\/wp-content\/uploads\/2013\/11\/jf13-01-0766.jpg?w=1349&amp;ssl=1 1349w, https:\/\/i0.wp.com\/www.jazzzeitung.de\/cms\/wp-content\/uploads\/2013\/11\/jf13-01-0766.jpg?resize=300%2C200&amp;ssl=1 300w, https:\/\/i0.wp.com\/www.jazzzeitung.de\/cms\/wp-content\/uploads\/2013\/11\/jf13-01-0766.jpg?resize=900%2C600&amp;ssl=1 900w, https:\/\/i0.wp.com\/www.jazzzeitung.de\/cms\/wp-content\/uploads\/2013\/11\/jf13-01-0766.jpg?resize=600%2C400&amp;ssl=1 600w\" width=\"354\" height=\"236\" loading=\"lazy\" data-original-width=\"354\" data-original-height=\"236\" itemprop=\"http:\/\/schema.org\/image\" title=\"Gnawa Jazz Vodoo \u2013 Joachim K\u00fchn Africa Connection feat. Pharoah Sanders. Foto: Petra Basche\" alt=\"Gnawa Jazz Vodoo \u2013 Joachim K\u00fchn Africa Connection feat. Pharoah Sanders. Foto: Petra Basche\" style=\"width: 354px; height: 236px;\" \/> <\/a> <div class=\"tiled-gallery-caption\" itemprop=\"caption description\"> Gnawa Jazz Vodoo \u2013 Joachim K\u00fchn Africa Connection feat. Pharoah Sanders. Foto: Petra Basche <\/div> <\/div> <div class=\"tiled-gallery-item tiled-gallery-item-large\" itemprop=\"associatedMedia\" itemscope itemtype=\"http:\/\/schema.org\/ImageObject\"> <a href=\"https:\/\/i0.wp.com\/www.jazzzeitung.de\/cms\/wp-content\/uploads\/2013\/11\/jf13-01-0785.jpg?ssl=1\" border=\"0\" itemprop=\"url\"> <meta itemprop=\"width\" content=\"354\"> <meta itemprop=\"height\" content=\"236\"> <img decoding=\"async\" class=\"\" data-attachment-id=\"2634\" data-orig-file=\"https:\/\/www.jazzzeitung.de\/cms\/wp-content\/uploads\/2013\/11\/jf13-01-0785.jpg\" data-orig-size=\"1349,900\" data-comments-opened=\"1\" data-image-meta=\"{&quot;aperture&quot;:&quot;0&quot;,&quot;credit&quot;:&quot;Petra Basche&quot;,&quot;camera&quot;:&quot;&quot;,&quot;caption&quot;:&quot;&quot;,&quot;created_timestamp&quot;:&quot;0&quot;,&quot;copyright&quot;:&quot;Petra Basche&quot;,&quot;focal_length&quot;:&quot;0&quot;,&quot;iso&quot;:&quot;0&quot;,&quot;shutter_speed&quot;:&quot;0&quot;,&quot;title&quot;:&quot;&quot;}\" data-image-title=\"Gnawa Jazz Vodoo \u2013 Joachim K\u00fchn Africa Connection feat. Pharoah Sanders. Foto: Petra Basche\" data-image-description=\"&lt;p&gt;Gnawa Jazz Vodoo \u2013 Joachim K\u00fchn Africa Connection feat. Pharoah Sanders. Foto: Petra Basche&lt;\/p&gt; \" data-medium-file=\"https:\/\/i0.wp.com\/www.jazzzeitung.de\/cms\/wp-content\/uploads\/2013\/11\/jf13-01-0785.jpg?fit=300%2C200&#038;ssl=1\" data-large-file=\"https:\/\/i0.wp.com\/www.jazzzeitung.de\/cms\/wp-content\/uploads\/2013\/11\/jf13-01-0785.jpg?fit=840%2C560&#038;ssl=1\" src=\"https:\/\/i0.wp.com\/www.jazzzeitung.de\/cms\/wp-content\/uploads\/2013\/11\/jf13-01-0785.jpg?w=354&#038;h=236&#038;ssl=1\" srcset=\"https:\/\/i0.wp.com\/www.jazzzeitung.de\/cms\/wp-content\/uploads\/2013\/11\/jf13-01-0785.jpg?w=1349&amp;ssl=1 1349w, https:\/\/i0.wp.com\/www.jazzzeitung.de\/cms\/wp-content\/uploads\/2013\/11\/jf13-01-0785.jpg?resize=300%2C200&amp;ssl=1 300w, https:\/\/i0.wp.com\/www.jazzzeitung.de\/cms\/wp-content\/uploads\/2013\/11\/jf13-01-0785.jpg?resize=900%2C600&amp;ssl=1 900w, https:\/\/i0.wp.com\/www.jazzzeitung.de\/cms\/wp-content\/uploads\/2013\/11\/jf13-01-0785.jpg?resize=600%2C400&amp;ssl=1 600w\" width=\"354\" height=\"236\" loading=\"lazy\" data-original-width=\"354\" data-original-height=\"236\" itemprop=\"http:\/\/schema.org\/image\" title=\"Gnawa Jazz Vodoo \u2013 Joachim K\u00fchn Africa Connection feat. Pharoah Sanders. Foto: Petra Basche\" alt=\"Gnawa Jazz Vodoo \u2013 Joachim K\u00fchn Africa Connection feat. Pharoah Sanders. Foto: Petra Basche\" style=\"width: 354px; height: 236px;\" \/> <\/a> <div class=\"tiled-gallery-caption\" itemprop=\"caption description\"> Gnawa Jazz Vodoo \u2013 Joachim K\u00fchn Africa Connection feat. Pharoah Sanders. Foto: Petra Basche <\/div> <\/div> <\/div> <!-- close group --> <div class=\"gallery-group images-1\" style=\"width: 482px; height: 720px;\" data-original-width=\"482\" data-original-height=\"720\" > <div class=\"tiled-gallery-item tiled-gallery-item-large\" itemprop=\"associatedMedia\" itemscope itemtype=\"http:\/\/schema.org\/ImageObject\"> <a href=\"https:\/\/i0.wp.com\/www.jazzzeitung.de\/cms\/wp-content\/uploads\/2013\/11\/jf13-01-0808.jpg?ssl=1\" border=\"0\" itemprop=\"url\"> <meta itemprop=\"width\" content=\"478\"> <meta itemprop=\"height\" content=\"716\"> <img decoding=\"async\" class=\"\" data-attachment-id=\"2635\" data-orig-file=\"https:\/\/www.jazzzeitung.de\/cms\/wp-content\/uploads\/2013\/11\/jf13-01-0808.jpg\" data-orig-size=\"601,900\" data-comments-opened=\"1\" data-image-meta=\"{&quot;aperture&quot;:&quot;0&quot;,&quot;credit&quot;:&quot;Petra Basche&quot;,&quot;camera&quot;:&quot;&quot;,&quot;caption&quot;:&quot;&quot;,&quot;created_timestamp&quot;:&quot;0&quot;,&quot;copyright&quot;:&quot;Petra Basche&quot;,&quot;focal_length&quot;:&quot;0&quot;,&quot;iso&quot;:&quot;0&quot;,&quot;shutter_speed&quot;:&quot;0&quot;,&quot;title&quot;:&quot;&quot;}\" data-image-title=\"Gnawa Jazz Vodoo \u2013 Joachim K\u00fchn Africa Connection feat. Pharoah Sanders. Foto: Petra Basche\" data-image-description=\"&lt;p&gt;Gnawa Jazz Vodoo \u2013 Joachim K\u00fchn Africa Connection feat. Pharoah Sanders. Foto: Petra Basche&lt;\/p&gt; \" data-medium-file=\"https:\/\/i0.wp.com\/www.jazzzeitung.de\/cms\/wp-content\/uploads\/2013\/11\/jf13-01-0808.jpg?fit=200%2C300&#038;ssl=1\" data-large-file=\"https:\/\/i0.wp.com\/www.jazzzeitung.de\/cms\/wp-content\/uploads\/2013\/11\/jf13-01-0808.jpg?fit=400%2C600&#038;ssl=1\" src=\"https:\/\/i0.wp.com\/www.jazzzeitung.de\/cms\/wp-content\/uploads\/2013\/11\/jf13-01-0808.jpg?w=478&#038;h=716&#038;ssl=1\" srcset=\"https:\/\/i0.wp.com\/www.jazzzeitung.de\/cms\/wp-content\/uploads\/2013\/11\/jf13-01-0808.jpg?w=601&amp;ssl=1 601w, https:\/\/i0.wp.com\/www.jazzzeitung.de\/cms\/wp-content\/uploads\/2013\/11\/jf13-01-0808.jpg?resize=200%2C300&amp;ssl=1 200w, https:\/\/i0.wp.com\/www.jazzzeitung.de\/cms\/wp-content\/uploads\/2013\/11\/jf13-01-0808.jpg?resize=400%2C600&amp;ssl=1 400w, https:\/\/i0.wp.com\/www.jazzzeitung.de\/cms\/wp-content\/uploads\/2013\/11\/jf13-01-0808.jpg?resize=600%2C898&amp;ssl=1 600w\" width=\"478\" height=\"716\" loading=\"lazy\" data-original-width=\"478\" data-original-height=\"716\" itemprop=\"http:\/\/schema.org\/image\" title=\"Gnawa Jazz Vodoo \u2013 Joachim K\u00fchn Africa Connection feat. Pharoah Sanders. Foto: Petra Basche\" alt=\"Gnawa Jazz Vodoo \u2013 Joachim K\u00fchn Africa Connection feat. Pharoah Sanders. Foto: Petra Basche\" style=\"width: 478px; height: 716px;\" \/> <\/a> <div class=\"tiled-gallery-caption\" itemprop=\"caption description\"> Gnawa Jazz Vodoo \u2013 Joachim K\u00fchn Africa Connection feat. Pharoah Sanders. Foto: Petra Basche <\/div> <\/div> <\/div> <!-- close group --> <\/div> <!-- close row --> <div class=\"gallery-row\" style=\"width: 840px; height: 627px;\" data-original-width=\"840\" data-original-height=\"627\" > <div class=\"gallery-group images-1\" style=\"width: 420px; height: 627px;\" data-original-width=\"420\" data-original-height=\"627\" > <div class=\"tiled-gallery-item tiled-gallery-item-large\" itemprop=\"associatedMedia\" itemscope itemtype=\"http:\/\/schema.org\/ImageObject\"> <a href=\"https:\/\/i0.wp.com\/www.jazzzeitung.de\/cms\/wp-content\/uploads\/2013\/11\/jf13-01-0810.jpg?ssl=1\" border=\"0\" itemprop=\"url\"> <meta itemprop=\"width\" content=\"416\"> <meta itemprop=\"height\" content=\"623\"> <img decoding=\"async\" class=\"\" data-attachment-id=\"2636\" data-orig-file=\"https:\/\/www.jazzzeitung.de\/cms\/wp-content\/uploads\/2013\/11\/jf13-01-0810.jpg\" data-orig-size=\"601,900\" data-comments-opened=\"1\" data-image-meta=\"{&quot;aperture&quot;:&quot;0&quot;,&quot;credit&quot;:&quot;Petra Basche&quot;,&quot;camera&quot;:&quot;&quot;,&quot;caption&quot;:&quot;&quot;,&quot;created_timestamp&quot;:&quot;0&quot;,&quot;copyright&quot;:&quot;Petra Basche&quot;,&quot;focal_length&quot;:&quot;0&quot;,&quot;iso&quot;:&quot;0&quot;,&quot;shutter_speed&quot;:&quot;0&quot;,&quot;title&quot;:&quot;&quot;}\" data-image-title=\"Gnawa Jazz Vodoo \u2013 Joachim K\u00fchn Africa Connection feat. Pharoah Sanders. Foto: Petra Basche\" data-image-description=\"&lt;p&gt;Gnawa Jazz Vodoo \u2013 Joachim K\u00fchn Africa Connection feat. Pharoah Sanders. Foto: Petra Basche&lt;\/p&gt; \" data-medium-file=\"https:\/\/i0.wp.com\/www.jazzzeitung.de\/cms\/wp-content\/uploads\/2013\/11\/jf13-01-0810.jpg?fit=200%2C300&#038;ssl=1\" data-large-file=\"https:\/\/i0.wp.com\/www.jazzzeitung.de\/cms\/wp-content\/uploads\/2013\/11\/jf13-01-0810.jpg?fit=400%2C600&#038;ssl=1\" src=\"https:\/\/i0.wp.com\/www.jazzzeitung.de\/cms\/wp-content\/uploads\/2013\/11\/jf13-01-0810.jpg?w=416&#038;h=623&#038;ssl=1\" srcset=\"https:\/\/i0.wp.com\/www.jazzzeitung.de\/cms\/wp-content\/uploads\/2013\/11\/jf13-01-0810.jpg?w=601&amp;ssl=1 601w, https:\/\/i0.wp.com\/www.jazzzeitung.de\/cms\/wp-content\/uploads\/2013\/11\/jf13-01-0810.jpg?resize=200%2C300&amp;ssl=1 200w, https:\/\/i0.wp.com\/www.jazzzeitung.de\/cms\/wp-content\/uploads\/2013\/11\/jf13-01-0810.jpg?resize=400%2C600&amp;ssl=1 400w, https:\/\/i0.wp.com\/www.jazzzeitung.de\/cms\/wp-content\/uploads\/2013\/11\/jf13-01-0810.jpg?resize=600%2C898&amp;ssl=1 600w\" width=\"416\" height=\"623\" loading=\"lazy\" data-original-width=\"416\" data-original-height=\"623\" itemprop=\"http:\/\/schema.org\/image\" title=\"Gnawa Jazz Vodoo \u2013 Joachim K\u00fchn Africa Connection feat. Pharoah Sanders. Foto: Petra Basche\" alt=\"Gnawa Jazz Vodoo \u2013 Joachim K\u00fchn Africa Connection feat. Pharoah Sanders. Foto: Petra Basche\" style=\"width: 416px; height: 623px;\" \/> <\/a> <div class=\"tiled-gallery-caption\" itemprop=\"caption description\"> Gnawa Jazz Vodoo \u2013 Joachim K\u00fchn Africa Connection feat. Pharoah Sanders. Foto: Petra Basche <\/div> <\/div> <\/div> <!-- close group --> <div class=\"gallery-group images-1\" style=\"width: 420px; height: 627px;\" data-original-width=\"420\" data-original-height=\"627\" > <div class=\"tiled-gallery-item tiled-gallery-item-large\" itemprop=\"associatedMedia\" itemscope itemtype=\"http:\/\/schema.org\/ImageObject\"> <a href=\"https:\/\/i0.wp.com\/www.jazzzeitung.de\/cms\/wp-content\/uploads\/2013\/11\/jf13-01-0822.jpg?ssl=1\" border=\"0\" itemprop=\"url\"> <meta itemprop=\"width\" content=\"416\"> <meta itemprop=\"height\" content=\"623\"> <img decoding=\"async\" class=\"\" data-attachment-id=\"2639\" data-orig-file=\"https:\/\/www.jazzzeitung.de\/cms\/wp-content\/uploads\/2013\/11\/jf13-01-0822.jpg\" data-orig-size=\"601,900\" data-comments-opened=\"1\" data-image-meta=\"{&quot;aperture&quot;:&quot;0&quot;,&quot;credit&quot;:&quot;Petra Basche&quot;,&quot;camera&quot;:&quot;&quot;,&quot;caption&quot;:&quot;&quot;,&quot;created_timestamp&quot;:&quot;0&quot;,&quot;copyright&quot;:&quot;Petra Basche&quot;,&quot;focal_length&quot;:&quot;0&quot;,&quot;iso&quot;:&quot;0&quot;,&quot;shutter_speed&quot;:&quot;0&quot;,&quot;title&quot;:&quot;&quot;}\" data-image-title=\"Gnawa Jazz Vodoo \u2013 Joachim K\u00fchn Africa Connection feat. Pharoah Sanders. Foto: Petra Basche\" data-image-description=\"&lt;p&gt;Gnawa Jazz Vodoo \u2013 Joachim K\u00fchn Africa Connection feat. Pharoah Sanders. Foto: Petra Basche&lt;\/p&gt; \" data-medium-file=\"https:\/\/i0.wp.com\/www.jazzzeitung.de\/cms\/wp-content\/uploads\/2013\/11\/jf13-01-0822.jpg?fit=200%2C300&#038;ssl=1\" data-large-file=\"https:\/\/i0.wp.com\/www.jazzzeitung.de\/cms\/wp-content\/uploads\/2013\/11\/jf13-01-0822.jpg?fit=400%2C600&#038;ssl=1\" src=\"https:\/\/i0.wp.com\/www.jazzzeitung.de\/cms\/wp-content\/uploads\/2013\/11\/jf13-01-0822.jpg?w=416&#038;h=623&#038;ssl=1\" srcset=\"https:\/\/i0.wp.com\/www.jazzzeitung.de\/cms\/wp-content\/uploads\/2013\/11\/jf13-01-0822.jpg?w=601&amp;ssl=1 601w, https:\/\/i0.wp.com\/www.jazzzeitung.de\/cms\/wp-content\/uploads\/2013\/11\/jf13-01-0822.jpg?resize=200%2C300&amp;ssl=1 200w, https:\/\/i0.wp.com\/www.jazzzeitung.de\/cms\/wp-content\/uploads\/2013\/11\/jf13-01-0822.jpg?resize=400%2C600&amp;ssl=1 400w, https:\/\/i0.wp.com\/www.jazzzeitung.de\/cms\/wp-content\/uploads\/2013\/11\/jf13-01-0822.jpg?resize=600%2C898&amp;ssl=1 600w\" width=\"416\" height=\"623\" loading=\"lazy\" data-original-width=\"416\" data-original-height=\"623\" itemprop=\"http:\/\/schema.org\/image\" title=\"Gnawa Jazz Vodoo \u2013 Joachim K\u00fchn Africa Connection feat. Pharoah Sanders. Foto: Petra Basche\" alt=\"Gnawa Jazz Vodoo \u2013 Joachim K\u00fchn Africa Connection feat. Pharoah Sanders. Foto: Petra Basche\" style=\"width: 416px; height: 623px;\" \/> <\/a> <div class=\"tiled-gallery-caption\" itemprop=\"caption description\"> Gnawa Jazz Vodoo \u2013 Joachim K\u00fchn Africa Connection feat. Pharoah Sanders. Foto: Petra Basche <\/div> <\/div> <\/div> <!-- close group --> <\/div> <!-- close row --> <div class=\"gallery-row\" style=\"width: 840px; height: 388px;\" data-original-width=\"840\" data-original-height=\"388\" > <div class=\"gallery-group images-1\" style=\"width: 580px; height: 388px;\" data-original-width=\"580\" data-original-height=\"388\" > <div class=\"tiled-gallery-item tiled-gallery-item-large\" itemprop=\"associatedMedia\" itemscope itemtype=\"http:\/\/schema.org\/ImageObject\"> <a href=\"https:\/\/i0.wp.com\/www.jazzzeitung.de\/cms\/wp-content\/uploads\/2013\/11\/jf13-01-0825.jpg?ssl=1\" border=\"0\" itemprop=\"url\"> <meta itemprop=\"width\" content=\"576\"> <meta itemprop=\"height\" content=\"384\"> <img decoding=\"async\" class=\"\" data-attachment-id=\"2640\" data-orig-file=\"https:\/\/www.jazzzeitung.de\/cms\/wp-content\/uploads\/2013\/11\/jf13-01-0825.jpg\" data-orig-size=\"1349,900\" data-comments-opened=\"1\" data-image-meta=\"{&quot;aperture&quot;:&quot;0&quot;,&quot;credit&quot;:&quot;Petra Basche&quot;,&quot;camera&quot;:&quot;&quot;,&quot;caption&quot;:&quot;&quot;,&quot;created_timestamp&quot;:&quot;0&quot;,&quot;copyright&quot;:&quot;Petra Basche&quot;,&quot;focal_length&quot;:&quot;0&quot;,&quot;iso&quot;:&quot;0&quot;,&quot;shutter_speed&quot;:&quot;0&quot;,&quot;title&quot;:&quot;&quot;}\" data-image-title=\"Gnawa Jazz Vodoo \u2013 Joachim K\u00fchn Africa Connection feat. Pharoah Sanders. Foto: Petra Basche\" data-image-description=\"&lt;p&gt;Gnawa Jazz Vodoo \u2013 Joachim K\u00fchn Africa Connection feat. Pharoah Sanders. Foto: Petra Basche&lt;\/p&gt; \" data-medium-file=\"https:\/\/i0.wp.com\/www.jazzzeitung.de\/cms\/wp-content\/uploads\/2013\/11\/jf13-01-0825.jpg?fit=300%2C200&#038;ssl=1\" data-large-file=\"https:\/\/i0.wp.com\/www.jazzzeitung.de\/cms\/wp-content\/uploads\/2013\/11\/jf13-01-0825.jpg?fit=840%2C560&#038;ssl=1\" src=\"https:\/\/i0.wp.com\/www.jazzzeitung.de\/cms\/wp-content\/uploads\/2013\/11\/jf13-01-0825.jpg?w=576&#038;h=384&#038;ssl=1\" srcset=\"https:\/\/i0.wp.com\/www.jazzzeitung.de\/cms\/wp-content\/uploads\/2013\/11\/jf13-01-0825.jpg?w=1349&amp;ssl=1 1349w, https:\/\/i0.wp.com\/www.jazzzeitung.de\/cms\/wp-content\/uploads\/2013\/11\/jf13-01-0825.jpg?resize=300%2C200&amp;ssl=1 300w, https:\/\/i0.wp.com\/www.jazzzeitung.de\/cms\/wp-content\/uploads\/2013\/11\/jf13-01-0825.jpg?resize=900%2C600&amp;ssl=1 900w, https:\/\/i0.wp.com\/www.jazzzeitung.de\/cms\/wp-content\/uploads\/2013\/11\/jf13-01-0825.jpg?resize=600%2C400&amp;ssl=1 600w\" width=\"576\" height=\"384\" loading=\"lazy\" data-original-width=\"576\" data-original-height=\"384\" itemprop=\"http:\/\/schema.org\/image\" title=\"Gnawa Jazz Vodoo \u2013 Joachim K\u00fchn Africa Connection feat. Pharoah Sanders. Foto: Petra Basche\" alt=\"Gnawa Jazz Vodoo \u2013 Joachim K\u00fchn Africa Connection feat. Pharoah Sanders. Foto: Petra Basche\" style=\"width: 576px; height: 384px;\" \/> <\/a> <div class=\"tiled-gallery-caption\" itemprop=\"caption description\"> Gnawa Jazz Vodoo \u2013 Joachim K\u00fchn Africa Connection feat. Pharoah Sanders. Foto: Petra Basche <\/div> <\/div> <\/div> <!-- close group --> <div class=\"gallery-group images-1\" style=\"width: 260px; height: 388px;\" data-original-width=\"260\" data-original-height=\"388\" > <div class=\"tiled-gallery-item tiled-gallery-item-large\" itemprop=\"associatedMedia\" itemscope itemtype=\"http:\/\/schema.org\/ImageObject\"> <a href=\"https:\/\/i0.wp.com\/www.jazzzeitung.de\/cms\/wp-content\/uploads\/2013\/11\/jf13-01-0847.jpg?ssl=1\" border=\"0\" itemprop=\"url\"> <meta itemprop=\"width\" content=\"256\"> <meta itemprop=\"height\" content=\"384\"> <img decoding=\"async\" class=\"\" data-attachment-id=\"2641\" data-orig-file=\"https:\/\/www.jazzzeitung.de\/cms\/wp-content\/uploads\/2013\/11\/jf13-01-0847.jpg\" data-orig-size=\"601,900\" data-comments-opened=\"1\" data-image-meta=\"{&quot;aperture&quot;:&quot;0&quot;,&quot;credit&quot;:&quot;Petra Basche&quot;,&quot;camera&quot;:&quot;&quot;,&quot;caption&quot;:&quot;&quot;,&quot;created_timestamp&quot;:&quot;0&quot;,&quot;copyright&quot;:&quot;Petra Basche&quot;,&quot;focal_length&quot;:&quot;0&quot;,&quot;iso&quot;:&quot;0&quot;,&quot;shutter_speed&quot;:&quot;0&quot;,&quot;title&quot;:&quot;&quot;}\" data-image-title=\"Gnawa Jazz Vodoo \u2013 Joachim K\u00fchn Africa Connection feat. Pharoah Sanders. Foto: Petra Basche\" data-image-description=\"&lt;p&gt;Gnawa Jazz Vodoo \u2013 Joachim K\u00fchn Africa Connection feat. Pharoah Sanders. Foto: Petra Basche&lt;\/p&gt; \" data-medium-file=\"https:\/\/i0.wp.com\/www.jazzzeitung.de\/cms\/wp-content\/uploads\/2013\/11\/jf13-01-0847.jpg?fit=200%2C300&#038;ssl=1\" data-large-file=\"https:\/\/i0.wp.com\/www.jazzzeitung.de\/cms\/wp-content\/uploads\/2013\/11\/jf13-01-0847.jpg?fit=400%2C600&#038;ssl=1\" src=\"https:\/\/i0.wp.com\/www.jazzzeitung.de\/cms\/wp-content\/uploads\/2013\/11\/jf13-01-0847.jpg?w=256&#038;h=384&#038;ssl=1\" srcset=\"https:\/\/i0.wp.com\/www.jazzzeitung.de\/cms\/wp-content\/uploads\/2013\/11\/jf13-01-0847.jpg?w=601&amp;ssl=1 601w, https:\/\/i0.wp.com\/www.jazzzeitung.de\/cms\/wp-content\/uploads\/2013\/11\/jf13-01-0847.jpg?resize=200%2C300&amp;ssl=1 200w, https:\/\/i0.wp.com\/www.jazzzeitung.de\/cms\/wp-content\/uploads\/2013\/11\/jf13-01-0847.jpg?resize=400%2C600&amp;ssl=1 400w, https:\/\/i0.wp.com\/www.jazzzeitung.de\/cms\/wp-content\/uploads\/2013\/11\/jf13-01-0847.jpg?resize=600%2C898&amp;ssl=1 600w\" width=\"256\" height=\"384\" loading=\"lazy\" data-original-width=\"256\" data-original-height=\"384\" itemprop=\"http:\/\/schema.org\/image\" title=\"Gnawa Jazz Vodoo \u2013 Joachim K\u00fchn Africa Connection feat. Pharoah Sanders. Foto: Petra Basche\" alt=\"Gnawa Jazz Vodoo \u2013 Joachim K\u00fchn Africa Connection feat. Pharoah Sanders. Foto: Petra Basche\" style=\"width: 256px; height: 384px;\" \/> <\/a> <div class=\"tiled-gallery-caption\" itemprop=\"caption description\"> Gnawa Jazz Vodoo \u2013 Joachim K\u00fchn Africa Connection feat. Pharoah Sanders. Foto: Petra Basche <\/div> <\/div> <\/div> <!-- close group --> <\/div> <!-- close row --> <div class=\"gallery-row\" style=\"width: 840px; height: 627px;\" data-original-width=\"840\" data-original-height=\"627\" > <div class=\"gallery-group images-1\" style=\"width: 420px; height: 627px;\" data-original-width=\"420\" data-original-height=\"627\" > <div class=\"tiled-gallery-item tiled-gallery-item-large\" itemprop=\"associatedMedia\" itemscope itemtype=\"http:\/\/schema.org\/ImageObject\"> <a href=\"https:\/\/i0.wp.com\/www.jazzzeitung.de\/cms\/wp-content\/uploads\/2013\/11\/jf13-01-0849.jpg?ssl=1\" border=\"0\" itemprop=\"url\"> <meta itemprop=\"width\" content=\"416\"> <meta itemprop=\"height\" content=\"623\"> <img decoding=\"async\" class=\"\" data-attachment-id=\"2642\" data-orig-file=\"https:\/\/www.jazzzeitung.de\/cms\/wp-content\/uploads\/2013\/11\/jf13-01-0849.jpg\" data-orig-size=\"601,900\" data-comments-opened=\"1\" data-image-meta=\"{&quot;aperture&quot;:&quot;0&quot;,&quot;credit&quot;:&quot;Petra Basche&quot;,&quot;camera&quot;:&quot;&quot;,&quot;caption&quot;:&quot;&quot;,&quot;created_timestamp&quot;:&quot;0&quot;,&quot;copyright&quot;:&quot;Petra Basche&quot;,&quot;focal_length&quot;:&quot;0&quot;,&quot;iso&quot;:&quot;0&quot;,&quot;shutter_speed&quot;:&quot;0&quot;,&quot;title&quot;:&quot;&quot;}\" data-image-title=\"Gnawa Jazz Vodoo \u2013 Joachim K\u00fchn Africa Connection feat. Pharoah Sanders. Foto: Petra Basche\" data-image-description=\"&lt;p&gt;Gnawa Jazz Vodoo \u2013 Joachim K\u00fchn Africa Connection feat. Pharoah Sanders. Foto: Petra Basche&lt;\/p&gt; \" data-medium-file=\"https:\/\/i0.wp.com\/www.jazzzeitung.de\/cms\/wp-content\/uploads\/2013\/11\/jf13-01-0849.jpg?fit=200%2C300&#038;ssl=1\" data-large-file=\"https:\/\/i0.wp.com\/www.jazzzeitung.de\/cms\/wp-content\/uploads\/2013\/11\/jf13-01-0849.jpg?fit=400%2C600&#038;ssl=1\" src=\"https:\/\/i0.wp.com\/www.jazzzeitung.de\/cms\/wp-content\/uploads\/2013\/11\/jf13-01-0849.jpg?w=416&#038;h=623&#038;ssl=1\" srcset=\"https:\/\/i0.wp.com\/www.jazzzeitung.de\/cms\/wp-content\/uploads\/2013\/11\/jf13-01-0849.jpg?w=601&amp;ssl=1 601w, https:\/\/i0.wp.com\/www.jazzzeitung.de\/cms\/wp-content\/uploads\/2013\/11\/jf13-01-0849.jpg?resize=200%2C300&amp;ssl=1 200w, https:\/\/i0.wp.com\/www.jazzzeitung.de\/cms\/wp-content\/uploads\/2013\/11\/jf13-01-0849.jpg?resize=400%2C600&amp;ssl=1 400w, https:\/\/i0.wp.com\/www.jazzzeitung.de\/cms\/wp-content\/uploads\/2013\/11\/jf13-01-0849.jpg?resize=600%2C898&amp;ssl=1 600w\" width=\"416\" height=\"623\" loading=\"lazy\" data-original-width=\"416\" data-original-height=\"623\" itemprop=\"http:\/\/schema.org\/image\" title=\"Gnawa Jazz Vodoo \u2013 Joachim K\u00fchn Africa Connection feat. Pharoah Sanders. Foto: Petra Basche\" alt=\"Gnawa Jazz Vodoo \u2013 Joachim K\u00fchn Africa Connection feat. Pharoah Sanders. Foto: Petra Basche\" style=\"width: 416px; height: 623px;\" \/> <\/a> <div class=\"tiled-gallery-caption\" itemprop=\"caption description\"> Gnawa Jazz Vodoo \u2013 Joachim K\u00fchn Africa Connection feat. Pharoah Sanders. Foto: Petra Basche <\/div> <\/div> <\/div> <!-- close group --> <div class=\"gallery-group images-1\" style=\"width: 420px; height: 627px;\" data-original-width=\"420\" data-original-height=\"627\" > <div class=\"tiled-gallery-item tiled-gallery-item-large\" itemprop=\"associatedMedia\" itemscope itemtype=\"http:\/\/schema.org\/ImageObject\"> <a href=\"https:\/\/i0.wp.com\/www.jazzzeitung.de\/cms\/wp-content\/uploads\/2013\/11\/jf13-01-0856.jpg?ssl=1\" border=\"0\" itemprop=\"url\"> <meta itemprop=\"width\" content=\"416\"> <meta itemprop=\"height\" content=\"623\"> <img decoding=\"async\" class=\"\" data-attachment-id=\"2643\" data-orig-file=\"https:\/\/www.jazzzeitung.de\/cms\/wp-content\/uploads\/2013\/11\/jf13-01-0856.jpg\" data-orig-size=\"601,900\" data-comments-opened=\"1\" data-image-meta=\"{&quot;aperture&quot;:&quot;0&quot;,&quot;credit&quot;:&quot;Petra Basche&quot;,&quot;camera&quot;:&quot;&quot;,&quot;caption&quot;:&quot;&quot;,&quot;created_timestamp&quot;:&quot;0&quot;,&quot;copyright&quot;:&quot;Petra Basche&quot;,&quot;focal_length&quot;:&quot;0&quot;,&quot;iso&quot;:&quot;0&quot;,&quot;shutter_speed&quot;:&quot;0&quot;,&quot;title&quot;:&quot;&quot;}\" data-image-title=\"Gnawa Jazz Vodoo \u2013 Joachim K\u00fchn Africa Connection feat. Pharoah Sanders. Foto: Petra Basche\" data-image-description=\"&lt;p&gt;Gnawa Jazz Vodoo \u2013 Joachim K\u00fchn Africa Connection feat. Pharoah Sanders. Foto: Petra Basche&lt;\/p&gt; \" data-medium-file=\"https:\/\/i0.wp.com\/www.jazzzeitung.de\/cms\/wp-content\/uploads\/2013\/11\/jf13-01-0856.jpg?fit=200%2C300&#038;ssl=1\" data-large-file=\"https:\/\/i0.wp.com\/www.jazzzeitung.de\/cms\/wp-content\/uploads\/2013\/11\/jf13-01-0856.jpg?fit=400%2C600&#038;ssl=1\" src=\"https:\/\/i0.wp.com\/www.jazzzeitung.de\/cms\/wp-content\/uploads\/2013\/11\/jf13-01-0856.jpg?w=416&#038;h=623&#038;ssl=1\" srcset=\"https:\/\/i0.wp.com\/www.jazzzeitung.de\/cms\/wp-content\/uploads\/2013\/11\/jf13-01-0856.jpg?w=601&amp;ssl=1 601w, https:\/\/i0.wp.com\/www.jazzzeitung.de\/cms\/wp-content\/uploads\/2013\/11\/jf13-01-0856.jpg?resize=200%2C300&amp;ssl=1 200w, https:\/\/i0.wp.com\/www.jazzzeitung.de\/cms\/wp-content\/uploads\/2013\/11\/jf13-01-0856.jpg?resize=400%2C600&amp;ssl=1 400w, https:\/\/i0.wp.com\/www.jazzzeitung.de\/cms\/wp-content\/uploads\/2013\/11\/jf13-01-0856.jpg?resize=600%2C898&amp;ssl=1 600w\" width=\"416\" height=\"623\" loading=\"lazy\" data-original-width=\"416\" data-original-height=\"623\" itemprop=\"http:\/\/schema.org\/image\" title=\"Gnawa Jazz Vodoo \u2013 Joachim K\u00fchn Africa Connection feat. Pharoah Sanders. Foto: Petra Basche\" alt=\"Gnawa Jazz Vodoo \u2013 Joachim K\u00fchn Africa Connection feat. Pharoah Sanders. Foto: Petra Basche\" style=\"width: 416px; height: 623px;\" \/> <\/a> <div class=\"tiled-gallery-caption\" itemprop=\"caption description\"> Gnawa Jazz Vodoo \u2013 Joachim K\u00fchn Africa Connection feat. Pharoah Sanders. Foto: Petra Basche <\/div> <\/div> <\/div> <!-- close group --> <\/div> <!-- close row --> <div class=\"gallery-row\" style=\"width: 840px; height: 164px;\" data-original-width=\"840\" data-original-height=\"164\" > <div class=\"gallery-group images-1\" style=\"width: 243px; height: 164px;\" data-original-width=\"243\" data-original-height=\"164\" > <div class=\"tiled-gallery-item tiled-gallery-item-small\" itemprop=\"associatedMedia\" itemscope itemtype=\"http:\/\/schema.org\/ImageObject\"> <a href=\"https:\/\/i0.wp.com\/www.jazzzeitung.de\/cms\/wp-content\/uploads\/2013\/11\/jf13-01-0859.jpg?ssl=1\" border=\"0\" itemprop=\"url\"> <meta itemprop=\"width\" content=\"239\"> <meta itemprop=\"height\" content=\"160\"> <img decoding=\"async\" class=\"\" data-attachment-id=\"2644\" data-orig-file=\"https:\/\/www.jazzzeitung.de\/cms\/wp-content\/uploads\/2013\/11\/jf13-01-0859.jpg\" data-orig-size=\"1349,900\" data-comments-opened=\"1\" data-image-meta=\"{&quot;aperture&quot;:&quot;0&quot;,&quot;credit&quot;:&quot;Petra Basche&quot;,&quot;camera&quot;:&quot;&quot;,&quot;caption&quot;:&quot;&quot;,&quot;created_timestamp&quot;:&quot;0&quot;,&quot;copyright&quot;:&quot;Petra Basche&quot;,&quot;focal_length&quot;:&quot;0&quot;,&quot;iso&quot;:&quot;0&quot;,&quot;shutter_speed&quot;:&quot;0&quot;,&quot;title&quot;:&quot;&quot;}\" data-image-title=\"Gnawa Jazz Vodoo \u2013 Joachim K\u00fchn Africa Connection feat. Pharoah Sanders. Foto: Petra Basche\" data-image-description=\"&lt;p&gt;Gnawa Jazz Vodoo \u2013 Joachim K\u00fchn Africa Connection feat. Pharoah Sanders. Foto: Petra Basche&lt;\/p&gt; \" data-medium-file=\"https:\/\/i0.wp.com\/www.jazzzeitung.de\/cms\/wp-content\/uploads\/2013\/11\/jf13-01-0859.jpg?fit=300%2C200&#038;ssl=1\" data-large-file=\"https:\/\/i0.wp.com\/www.jazzzeitung.de\/cms\/wp-content\/uploads\/2013\/11\/jf13-01-0859.jpg?fit=840%2C560&#038;ssl=1\" src=\"https:\/\/i0.wp.com\/www.jazzzeitung.de\/cms\/wp-content\/uploads\/2013\/11\/jf13-01-0859.jpg?w=239&#038;h=160&#038;ssl=1\" srcset=\"https:\/\/i0.wp.com\/www.jazzzeitung.de\/cms\/wp-content\/uploads\/2013\/11\/jf13-01-0859.jpg?w=1349&amp;ssl=1 1349w, https:\/\/i0.wp.com\/www.jazzzeitung.de\/cms\/wp-content\/uploads\/2013\/11\/jf13-01-0859.jpg?resize=300%2C200&amp;ssl=1 300w, https:\/\/i0.wp.com\/www.jazzzeitung.de\/cms\/wp-content\/uploads\/2013\/11\/jf13-01-0859.jpg?resize=900%2C600&amp;ssl=1 900w, https:\/\/i0.wp.com\/www.jazzzeitung.de\/cms\/wp-content\/uploads\/2013\/11\/jf13-01-0859.jpg?resize=600%2C400&amp;ssl=1 600w\" width=\"239\" height=\"160\" loading=\"lazy\" data-original-width=\"239\" data-original-height=\"160\" itemprop=\"http:\/\/schema.org\/image\" title=\"Gnawa Jazz Vodoo \u2013 Joachim K\u00fchn Africa Connection feat. Pharoah Sanders. Foto: Petra Basche\" alt=\"Gnawa Jazz Vodoo \u2013 Joachim K\u00fchn Africa Connection feat. Pharoah Sanders. Foto: Petra Basche\" style=\"width: 239px; height: 160px;\" \/> <\/a> <div class=\"tiled-gallery-caption\" itemprop=\"caption description\"> Gnawa Jazz Vodoo \u2013 Joachim K\u00fchn Africa Connection feat. Pharoah Sanders. Foto: Petra Basche <\/div> <\/div> <\/div> <!-- close group --> <div class=\"gallery-group images-1\" style=\"width: 111px; height: 164px;\" data-original-width=\"111\" data-original-height=\"164\" > <div class=\"tiled-gallery-item tiled-gallery-item-small\" itemprop=\"associatedMedia\" itemscope itemtype=\"http:\/\/schema.org\/ImageObject\"> <a href=\"https:\/\/i0.wp.com\/www.jazzzeitung.de\/cms\/wp-content\/uploads\/2013\/11\/jf13-01-0869.jpg?ssl=1\" border=\"0\" itemprop=\"url\"> <meta itemprop=\"width\" content=\"107\"> <meta itemprop=\"height\" content=\"160\"> <img decoding=\"async\" class=\"\" data-attachment-id=\"2646\" data-orig-file=\"https:\/\/www.jazzzeitung.de\/cms\/wp-content\/uploads\/2013\/11\/jf13-01-0869.jpg\" data-orig-size=\"601,900\" data-comments-opened=\"1\" data-image-meta=\"{&quot;aperture&quot;:&quot;0&quot;,&quot;credit&quot;:&quot;Petra Basche&quot;,&quot;camera&quot;:&quot;&quot;,&quot;caption&quot;:&quot;&quot;,&quot;created_timestamp&quot;:&quot;0&quot;,&quot;copyright&quot;:&quot;Petra Basche&quot;,&quot;focal_length&quot;:&quot;0&quot;,&quot;iso&quot;:&quot;0&quot;,&quot;shutter_speed&quot;:&quot;0&quot;,&quot;title&quot;:&quot;&quot;}\" data-image-title=\"Gnawa Jazz Vodoo \u2013 Joachim K\u00fchn Africa Connection feat. Pharoah Sanders. Foto: Petra Basche\" data-image-description=\"&lt;p&gt;Gnawa Jazz Vodoo \u2013 Joachim K\u00fchn Africa Connection feat. Pharoah Sanders. Foto: Petra Basche&lt;\/p&gt; \" data-medium-file=\"https:\/\/i0.wp.com\/www.jazzzeitung.de\/cms\/wp-content\/uploads\/2013\/11\/jf13-01-0869.jpg?fit=200%2C300&#038;ssl=1\" data-large-file=\"https:\/\/i0.wp.com\/www.jazzzeitung.de\/cms\/wp-content\/uploads\/2013\/11\/jf13-01-0869.jpg?fit=400%2C600&#038;ssl=1\" src=\"https:\/\/i0.wp.com\/www.jazzzeitung.de\/cms\/wp-content\/uploads\/2013\/11\/jf13-01-0869.jpg?w=107&#038;h=160&#038;ssl=1\" srcset=\"https:\/\/i0.wp.com\/www.jazzzeitung.de\/cms\/wp-content\/uploads\/2013\/11\/jf13-01-0869.jpg?w=601&amp;ssl=1 601w, https:\/\/i0.wp.com\/www.jazzzeitung.de\/cms\/wp-content\/uploads\/2013\/11\/jf13-01-0869.jpg?resize=200%2C300&amp;ssl=1 200w, https:\/\/i0.wp.com\/www.jazzzeitung.de\/cms\/wp-content\/uploads\/2013\/11\/jf13-01-0869.jpg?resize=400%2C600&amp;ssl=1 400w, https:\/\/i0.wp.com\/www.jazzzeitung.de\/cms\/wp-content\/uploads\/2013\/11\/jf13-01-0869.jpg?resize=600%2C898&amp;ssl=1 600w\" width=\"107\" height=\"160\" loading=\"lazy\" data-original-width=\"107\" data-original-height=\"160\" itemprop=\"http:\/\/schema.org\/image\" title=\"Gnawa Jazz Vodoo \u2013 Joachim K\u00fchn Africa Connection feat. Pharoah Sanders. Foto: Petra Basche\" alt=\"Gnawa Jazz Vodoo \u2013 Joachim K\u00fchn Africa Connection feat. Pharoah Sanders. Foto: Petra Basche\" style=\"width: 107px; height: 160px;\" \/> <\/a> <div class=\"tiled-gallery-caption\" itemprop=\"caption description\"> Gnawa Jazz Vodoo \u2013 Joachim K\u00fchn Africa Connection feat. Pharoah Sanders. Foto: Petra Basche <\/div> <\/div> <\/div> <!-- close group --> <div class=\"gallery-group images-1\" style=\"width: 243px; height: 164px;\" data-original-width=\"243\" data-original-height=\"164\" > <div class=\"tiled-gallery-item tiled-gallery-item-small\" itemprop=\"associatedMedia\" itemscope itemtype=\"http:\/\/schema.org\/ImageObject\"> <a href=\"https:\/\/i0.wp.com\/www.jazzzeitung.de\/cms\/wp-content\/uploads\/2013\/11\/jf13-01-0876.jpg?ssl=1\" border=\"0\" itemprop=\"url\"> <meta itemprop=\"width\" content=\"239\"> <meta itemprop=\"height\" content=\"160\"> <img decoding=\"async\" class=\"\" data-attachment-id=\"2647\" data-orig-file=\"https:\/\/www.jazzzeitung.de\/cms\/wp-content\/uploads\/2013\/11\/jf13-01-0876.jpg\" data-orig-size=\"1349,900\" data-comments-opened=\"1\" data-image-meta=\"{&quot;aperture&quot;:&quot;0&quot;,&quot;credit&quot;:&quot;Petra Basche&quot;,&quot;camera&quot;:&quot;&quot;,&quot;caption&quot;:&quot;&quot;,&quot;created_timestamp&quot;:&quot;0&quot;,&quot;copyright&quot;:&quot;Petra Basche&quot;,&quot;focal_length&quot;:&quot;0&quot;,&quot;iso&quot;:&quot;0&quot;,&quot;shutter_speed&quot;:&quot;0&quot;,&quot;title&quot;:&quot;&quot;}\" data-image-title=\"Gnawa Jazz Vodoo \u2013 Joachim K\u00fchn Africa Connection feat. Pharoah Sanders. Foto: Petra Basche\" data-image-description=\"&lt;p&gt;Gnawa Jazz Vodoo \u2013 Joachim K\u00fchn Africa Connection feat. Pharoah Sanders. Foto: Petra Basche&lt;\/p&gt; \" data-medium-file=\"https:\/\/i0.wp.com\/www.jazzzeitung.de\/cms\/wp-content\/uploads\/2013\/11\/jf13-01-0876.jpg?fit=300%2C200&#038;ssl=1\" data-large-file=\"https:\/\/i0.wp.com\/www.jazzzeitung.de\/cms\/wp-content\/uploads\/2013\/11\/jf13-01-0876.jpg?fit=840%2C560&#038;ssl=1\" src=\"https:\/\/i0.wp.com\/www.jazzzeitung.de\/cms\/wp-content\/uploads\/2013\/11\/jf13-01-0876.jpg?w=239&#038;h=160&#038;ssl=1\" srcset=\"https:\/\/i0.wp.com\/www.jazzzeitung.de\/cms\/wp-content\/uploads\/2013\/11\/jf13-01-0876.jpg?w=1349&amp;ssl=1 1349w, https:\/\/i0.wp.com\/www.jazzzeitung.de\/cms\/wp-content\/uploads\/2013\/11\/jf13-01-0876.jpg?resize=300%2C200&amp;ssl=1 300w, https:\/\/i0.wp.com\/www.jazzzeitung.de\/cms\/wp-content\/uploads\/2013\/11\/jf13-01-0876.jpg?resize=900%2C600&amp;ssl=1 900w, https:\/\/i0.wp.com\/www.jazzzeitung.de\/cms\/wp-content\/uploads\/2013\/11\/jf13-01-0876.jpg?resize=600%2C400&amp;ssl=1 600w\" width=\"239\" height=\"160\" loading=\"lazy\" data-original-width=\"239\" data-original-height=\"160\" itemprop=\"http:\/\/schema.org\/image\" title=\"Gnawa Jazz Vodoo \u2013 Joachim K\u00fchn Africa Connection feat. Pharoah Sanders. Foto: Petra Basche\" alt=\"Gnawa Jazz Vodoo \u2013 Joachim K\u00fchn Africa Connection feat. Pharoah Sanders. Foto: Petra Basche\" style=\"width: 239px; height: 160px;\" \/> <\/a> <div class=\"tiled-gallery-caption\" itemprop=\"caption description\"> Gnawa Jazz Vodoo \u2013 Joachim K\u00fchn Africa Connection feat. Pharoah Sanders. Foto: Petra Basche <\/div> <\/div> <\/div> <!-- close group --> <div class=\"gallery-group images-1\" style=\"width: 243px; height: 164px;\" data-original-width=\"243\" data-original-height=\"164\" > <div class=\"tiled-gallery-item tiled-gallery-item-small\" itemprop=\"associatedMedia\" itemscope itemtype=\"http:\/\/schema.org\/ImageObject\"> <a href=\"https:\/\/i0.wp.com\/www.jazzzeitung.de\/cms\/wp-content\/uploads\/2013\/11\/jf13-01-0877.jpg?ssl=1\" border=\"0\" itemprop=\"url\"> <meta itemprop=\"width\" content=\"239\"> <meta itemprop=\"height\" content=\"160\"> <img decoding=\"async\" class=\"\" data-attachment-id=\"2648\" data-orig-file=\"https:\/\/www.jazzzeitung.de\/cms\/wp-content\/uploads\/2013\/11\/jf13-01-0877.jpg\" data-orig-size=\"1349,900\" data-comments-opened=\"1\" data-image-meta=\"{&quot;aperture&quot;:&quot;0&quot;,&quot;credit&quot;:&quot;Petra Basche&quot;,&quot;camera&quot;:&quot;&quot;,&quot;caption&quot;:&quot;&quot;,&quot;created_timestamp&quot;:&quot;0&quot;,&quot;copyright&quot;:&quot;Petra Basche&quot;,&quot;focal_length&quot;:&quot;0&quot;,&quot;iso&quot;:&quot;0&quot;,&quot;shutter_speed&quot;:&quot;0&quot;,&quot;title&quot;:&quot;&quot;}\" data-image-title=\"Gnawa Jazz Vodoo \u2013 Joachim K\u00fchn Africa Connection feat. Pharoah Sanders. Foto: Petra Basche\" data-image-description=\"&lt;p&gt;Gnawa Jazz Vodoo \u2013 Joachim K\u00fchn Africa Connection feat. Pharoah Sanders. Foto: Petra Basche&lt;\/p&gt; \" data-medium-file=\"https:\/\/i0.wp.com\/www.jazzzeitung.de\/cms\/wp-content\/uploads\/2013\/11\/jf13-01-0877.jpg?fit=300%2C200&#038;ssl=1\" data-large-file=\"https:\/\/i0.wp.com\/www.jazzzeitung.de\/cms\/wp-content\/uploads\/2013\/11\/jf13-01-0877.jpg?fit=840%2C560&#038;ssl=1\" src=\"https:\/\/i0.wp.com\/www.jazzzeitung.de\/cms\/wp-content\/uploads\/2013\/11\/jf13-01-0877.jpg?w=239&#038;h=160&#038;ssl=1\" srcset=\"https:\/\/i0.wp.com\/www.jazzzeitung.de\/cms\/wp-content\/uploads\/2013\/11\/jf13-01-0877.jpg?w=1349&amp;ssl=1 1349w, https:\/\/i0.wp.com\/www.jazzzeitung.de\/cms\/wp-content\/uploads\/2013\/11\/jf13-01-0877.jpg?resize=300%2C200&amp;ssl=1 300w, https:\/\/i0.wp.com\/www.jazzzeitung.de\/cms\/wp-content\/uploads\/2013\/11\/jf13-01-0877.jpg?resize=900%2C600&amp;ssl=1 900w, https:\/\/i0.wp.com\/www.jazzzeitung.de\/cms\/wp-content\/uploads\/2013\/11\/jf13-01-0877.jpg?resize=600%2C400&amp;ssl=1 600w\" width=\"239\" height=\"160\" loading=\"lazy\" data-original-width=\"239\" data-original-height=\"160\" itemprop=\"http:\/\/schema.org\/image\" title=\"Gnawa Jazz Vodoo \u2013 Joachim K\u00fchn Africa Connection feat. Pharoah Sanders. Foto: Petra Basche\" alt=\"Gnawa Jazz Vodoo \u2013 Joachim K\u00fchn Africa Connection feat. Pharoah Sanders. Foto: Petra Basche\" style=\"width: 239px; height: 160px;\" \/> <\/a> <div class=\"tiled-gallery-caption\" itemprop=\"caption description\"> Gnawa Jazz Vodoo \u2013 Joachim K\u00fchn Africa Connection feat. Pharoah Sanders. Foto: Petra Basche <\/div> <\/div> <\/div> <!-- close group --> <\/div> <!-- close row --> <\/div>\n<p>Und ein paar weitere Eindr\u00fccke. Fotos: Hufner<\/p>\n<div class=\"tiled-gallery type-rectangular tiled-gallery-unresized\" data-original-width=\"840\" data-carousel-extra='{&quot;blog_id&quot;:1,&quot;permalink&quot;:&quot;https:\\\/\\\/www.jazzzeitung.de\\\/cms\\\/2013\\\/11\\\/jazzfest-2013-gestartet-christian-scott-und-joachim-kuehn-stage-stretch-stretch\\\/&quot;,&quot;likes_blog_id&quot;:55446655}' itemscope itemtype=\"http:\/\/schema.org\/ImageGallery\" > <div class=\"gallery-row\" style=\"width: 840px; height: 559px;\" data-original-width=\"840\" data-original-height=\"559\" > <div class=\"gallery-group images-1\" style=\"width: 420px; height: 559px;\" data-original-width=\"420\" data-original-height=\"559\" > <div class=\"tiled-gallery-item tiled-gallery-item-large\" itemprop=\"associatedMedia\" itemscope itemtype=\"http:\/\/schema.org\/ImageObject\"> <a href=\"https:\/\/i0.wp.com\/www.jazzzeitung.de\/cms\/wp-content\/uploads\/2013\/11\/jf13-01h-310239.jpg?ssl=1\" border=\"0\" itemprop=\"url\"> <meta itemprop=\"width\" content=\"416\"> <meta itemprop=\"height\" content=\"555\"> <img decoding=\"async\" class=\"\" data-attachment-id=\"2663\" data-orig-file=\"https:\/\/www.jazzzeitung.de\/cms\/wp-content\/uploads\/2013\/11\/jf13-01h-310239.jpg\" data-orig-size=\"675,900\" data-comments-opened=\"1\" data-image-meta=\"{&quot;aperture&quot;:&quot;0&quot;,&quot;credit&quot;:&quot;Dr. Martin Hufner&quot;,&quot;camera&quot;:&quot;&quot;,&quot;caption&quot;:&quot;&quot;,&quot;created_timestamp&quot;:&quot;0&quot;,&quot;copyright&quot;:&quot;Martin Hufner&quot;,&quot;focal_length&quot;:&quot;0&quot;,&quot;iso&quot;:&quot;0&quot;,&quot;shutter_speed&quot;:&quot;0&quot;,&quot;title&quot;:&quot;&quot;}\" data-image-title=\"Bert Noglik. Foto: Hufner\" data-image-description=\"&lt;p&gt;Bert Noglik. Foto: Hufner&lt;\/p&gt; \" data-medium-file=\"https:\/\/i0.wp.com\/www.jazzzeitung.de\/cms\/wp-content\/uploads\/2013\/11\/jf13-01h-310239.jpg?fit=225%2C300&#038;ssl=1\" data-large-file=\"https:\/\/i0.wp.com\/www.jazzzeitung.de\/cms\/wp-content\/uploads\/2013\/11\/jf13-01h-310239.jpg?fit=450%2C600&#038;ssl=1\" src=\"https:\/\/i0.wp.com\/www.jazzzeitung.de\/cms\/wp-content\/uploads\/2013\/11\/jf13-01h-310239.jpg?w=416&#038;h=555&#038;ssl=1\" srcset=\"https:\/\/i0.wp.com\/www.jazzzeitung.de\/cms\/wp-content\/uploads\/2013\/11\/jf13-01h-310239.jpg?w=675&amp;ssl=1 675w, https:\/\/i0.wp.com\/www.jazzzeitung.de\/cms\/wp-content\/uploads\/2013\/11\/jf13-01h-310239.jpg?resize=225%2C300&amp;ssl=1 225w, https:\/\/i0.wp.com\/www.jazzzeitung.de\/cms\/wp-content\/uploads\/2013\/11\/jf13-01h-310239.jpg?resize=450%2C600&amp;ssl=1 450w, https:\/\/i0.wp.com\/www.jazzzeitung.de\/cms\/wp-content\/uploads\/2013\/11\/jf13-01h-310239.jpg?resize=600%2C800&amp;ssl=1 600w\" width=\"416\" height=\"555\" loading=\"lazy\" data-original-width=\"416\" data-original-height=\"555\" itemprop=\"http:\/\/schema.org\/image\" title=\"Bert Noglik. Foto: Hufner\" alt=\"Bert Noglik. Foto: Hufner\" style=\"width: 416px; height: 555px;\" \/> <\/a> <div class=\"tiled-gallery-caption\" itemprop=\"caption description\"> Bert Noglik. Foto: Hufner <\/div> <\/div> <\/div> <!-- close group --> <div class=\"gallery-group images-1\" style=\"width: 420px; height: 559px;\" data-original-width=\"420\" data-original-height=\"559\" > <div class=\"tiled-gallery-item tiled-gallery-item-large\" itemprop=\"associatedMedia\" itemscope itemtype=\"http:\/\/schema.org\/ImageObject\"> <a href=\"https:\/\/i0.wp.com\/www.jazzzeitung.de\/cms\/wp-content\/uploads\/2013\/11\/jf13-01h-310207.jpg?ssl=1\" border=\"0\" itemprop=\"url\"> <meta itemprop=\"width\" content=\"416\"> <meta itemprop=\"height\" content=\"555\"> <img decoding=\"async\" class=\"\" data-attachment-id=\"2660\" data-orig-file=\"https:\/\/www.jazzzeitung.de\/cms\/wp-content\/uploads\/2013\/11\/jf13-01h-310207.jpg\" data-orig-size=\"675,900\" data-comments-opened=\"1\" data-image-meta=\"{&quot;aperture&quot;:&quot;0&quot;,&quot;credit&quot;:&quot;Dr. Martin Hufner&quot;,&quot;camera&quot;:&quot;&quot;,&quot;caption&quot;:&quot;&quot;,&quot;created_timestamp&quot;:&quot;0&quot;,&quot;copyright&quot;:&quot;Martin Hufner&quot;,&quot;focal_length&quot;:&quot;0&quot;,&quot;iso&quot;:&quot;0&quot;,&quot;shutter_speed&quot;:&quot;0&quot;,&quot;title&quot;:&quot;&quot;}\" data-image-title=\"Christian Scott Group. Foto: Hufner\" data-image-description=\"&lt;p&gt;Christian Scott Group. Foto: Hufner&lt;\/p&gt; \" data-medium-file=\"https:\/\/i0.wp.com\/www.jazzzeitung.de\/cms\/wp-content\/uploads\/2013\/11\/jf13-01h-310207.jpg?fit=225%2C300&#038;ssl=1\" data-large-file=\"https:\/\/i0.wp.com\/www.jazzzeitung.de\/cms\/wp-content\/uploads\/2013\/11\/jf13-01h-310207.jpg?fit=450%2C600&#038;ssl=1\" src=\"https:\/\/i0.wp.com\/www.jazzzeitung.de\/cms\/wp-content\/uploads\/2013\/11\/jf13-01h-310207.jpg?w=416&#038;h=555&#038;ssl=1\" srcset=\"https:\/\/i0.wp.com\/www.jazzzeitung.de\/cms\/wp-content\/uploads\/2013\/11\/jf13-01h-310207.jpg?w=675&amp;ssl=1 675w, https:\/\/i0.wp.com\/www.jazzzeitung.de\/cms\/wp-content\/uploads\/2013\/11\/jf13-01h-310207.jpg?resize=225%2C300&amp;ssl=1 225w, https:\/\/i0.wp.com\/www.jazzzeitung.de\/cms\/wp-content\/uploads\/2013\/11\/jf13-01h-310207.jpg?resize=450%2C600&amp;ssl=1 450w, https:\/\/i0.wp.com\/www.jazzzeitung.de\/cms\/wp-content\/uploads\/2013\/11\/jf13-01h-310207.jpg?resize=600%2C800&amp;ssl=1 600w\" width=\"416\" height=\"555\" loading=\"lazy\" data-original-width=\"416\" data-original-height=\"555\" itemprop=\"http:\/\/schema.org\/image\" title=\"Christian Scott Group. Foto: Hufner\" alt=\"Christian Scott Group. Foto: Hufner\" style=\"width: 416px; height: 555px;\" \/> <\/a> <div class=\"tiled-gallery-caption\" itemprop=\"caption description\"> Christian Scott Group. Foto: Hufner <\/div> <\/div> <\/div> <!-- close group --> <\/div> <!-- close row --> <div class=\"gallery-row\" style=\"width: 840px; height: 403px;\" data-original-width=\"840\" data-original-height=\"403\" > <div class=\"gallery-group images-1\" style=\"width: 536px; height: 403px;\" data-original-width=\"536\" data-original-height=\"403\" > <div class=\"tiled-gallery-item tiled-gallery-item-large\" itemprop=\"associatedMedia\" itemscope itemtype=\"http:\/\/schema.org\/ImageObject\"> <a href=\"https:\/\/i0.wp.com\/www.jazzzeitung.de\/cms\/wp-content\/uploads\/2013\/11\/jf13-01h-310233.jpg?ssl=1\" border=\"0\" itemprop=\"url\"> <meta itemprop=\"width\" content=\"532\"> <meta itemprop=\"height\" content=\"399\"> <img decoding=\"async\" class=\"\" data-attachment-id=\"2662\" data-orig-file=\"https:\/\/www.jazzzeitung.de\/cms\/wp-content\/uploads\/2013\/11\/jf13-01h-310233.jpg\" data-orig-size=\"1200,900\" data-comments-opened=\"1\" data-image-meta=\"{&quot;aperture&quot;:&quot;0&quot;,&quot;credit&quot;:&quot;Dr. Martin Hufner&quot;,&quot;camera&quot;:&quot;&quot;,&quot;caption&quot;:&quot;&quot;,&quot;created_timestamp&quot;:&quot;0&quot;,&quot;copyright&quot;:&quot;Martin Hufner&quot;,&quot;focal_length&quot;:&quot;0&quot;,&quot;iso&quot;:&quot;0&quot;,&quot;shutter_speed&quot;:&quot;0&quot;,&quot;title&quot;:&quot;&quot;}\" data-image-title=\"Christian Scott Group. Foto: Hufner\" data-image-description=\"&lt;p&gt;Christian Scott Group. Foto: Hufner&lt;\/p&gt; \" data-medium-file=\"https:\/\/i0.wp.com\/www.jazzzeitung.de\/cms\/wp-content\/uploads\/2013\/11\/jf13-01h-310233.jpg?fit=300%2C225&#038;ssl=1\" data-large-file=\"https:\/\/i0.wp.com\/www.jazzzeitung.de\/cms\/wp-content\/uploads\/2013\/11\/jf13-01h-310233.jpg?fit=800%2C600&#038;ssl=1\" src=\"https:\/\/i0.wp.com\/www.jazzzeitung.de\/cms\/wp-content\/uploads\/2013\/11\/jf13-01h-310233.jpg?w=532&#038;h=399&#038;ssl=1\" srcset=\"https:\/\/i0.wp.com\/www.jazzzeitung.de\/cms\/wp-content\/uploads\/2013\/11\/jf13-01h-310233.jpg?w=1200&amp;ssl=1 1200w, https:\/\/i0.wp.com\/www.jazzzeitung.de\/cms\/wp-content\/uploads\/2013\/11\/jf13-01h-310233.jpg?resize=300%2C225&amp;ssl=1 300w, https:\/\/i0.wp.com\/www.jazzzeitung.de\/cms\/wp-content\/uploads\/2013\/11\/jf13-01h-310233.jpg?resize=800%2C600&amp;ssl=1 800w, https:\/\/i0.wp.com\/www.jazzzeitung.de\/cms\/wp-content\/uploads\/2013\/11\/jf13-01h-310233.jpg?resize=600%2C450&amp;ssl=1 600w\" width=\"532\" height=\"399\" loading=\"lazy\" data-original-width=\"532\" data-original-height=\"399\" itemprop=\"http:\/\/schema.org\/image\" title=\"Christian Scott Group. Foto: Hufner\" alt=\"Christian Scott Group. Foto: Hufner\" style=\"width: 532px; height: 399px;\" \/> <\/a> <div class=\"tiled-gallery-caption\" itemprop=\"caption description\"> Christian Scott Group. Foto: Hufner <\/div> <\/div> <\/div> <!-- close group --> <div class=\"gallery-group images-1\" style=\"width: 304px; height: 403px;\" data-original-width=\"304\" data-original-height=\"403\" > <div class=\"tiled-gallery-item tiled-gallery-item-large\" itemprop=\"associatedMedia\" itemscope itemtype=\"http:\/\/schema.org\/ImageObject\"> <a href=\"https:\/\/i0.wp.com\/www.jazzzeitung.de\/cms\/wp-content\/uploads\/2013\/11\/jf13-01h-310126.jpg?ssl=1\" border=\"0\" itemprop=\"url\"> <meta itemprop=\"width\" content=\"300\"> <meta itemprop=\"height\" content=\"399\"> <img decoding=\"async\" class=\"\" data-attachment-id=\"2652\" data-orig-file=\"https:\/\/www.jazzzeitung.de\/cms\/wp-content\/uploads\/2013\/11\/jf13-01h-310126.jpg\" data-orig-size=\"675,900\" data-comments-opened=\"1\" data-image-meta=\"{&quot;aperture&quot;:&quot;0&quot;,&quot;credit&quot;:&quot;Dr. Martin Hufner&quot;,&quot;camera&quot;:&quot;&quot;,&quot;caption&quot;:&quot;&quot;,&quot;created_timestamp&quot;:&quot;0&quot;,&quot;copyright&quot;:&quot;Martin Hufner&quot;,&quot;focal_length&quot;:&quot;0&quot;,&quot;iso&quot;:&quot;0&quot;,&quot;shutter_speed&quot;:&quot;0&quot;,&quot;title&quot;:&quot;&quot;}\" data-image-title=\"Christian Scott Group. Foto: Hufner\" data-image-description=\"&lt;p&gt;Christian Scott Group. Foto: Hufner&lt;\/p&gt; \" data-medium-file=\"https:\/\/i0.wp.com\/www.jazzzeitung.de\/cms\/wp-content\/uploads\/2013\/11\/jf13-01h-310126.jpg?fit=225%2C300&#038;ssl=1\" data-large-file=\"https:\/\/i0.wp.com\/www.jazzzeitung.de\/cms\/wp-content\/uploads\/2013\/11\/jf13-01h-310126.jpg?fit=450%2C600&#038;ssl=1\" src=\"https:\/\/i0.wp.com\/www.jazzzeitung.de\/cms\/wp-content\/uploads\/2013\/11\/jf13-01h-310126.jpg?w=300&#038;h=399&#038;ssl=1\" srcset=\"https:\/\/i0.wp.com\/www.jazzzeitung.de\/cms\/wp-content\/uploads\/2013\/11\/jf13-01h-310126.jpg?w=675&amp;ssl=1 675w, https:\/\/i0.wp.com\/www.jazzzeitung.de\/cms\/wp-content\/uploads\/2013\/11\/jf13-01h-310126.jpg?resize=225%2C300&amp;ssl=1 225w, https:\/\/i0.wp.com\/www.jazzzeitung.de\/cms\/wp-content\/uploads\/2013\/11\/jf13-01h-310126.jpg?resize=450%2C600&amp;ssl=1 450w, https:\/\/i0.wp.com\/www.jazzzeitung.de\/cms\/wp-content\/uploads\/2013\/11\/jf13-01h-310126.jpg?resize=600%2C800&amp;ssl=1 600w\" width=\"300\" height=\"399\" loading=\"lazy\" data-original-width=\"300\" data-original-height=\"399\" itemprop=\"http:\/\/schema.org\/image\" title=\"Christian Scott Group. Foto: Hufner\" alt=\"Christian Scott Group. Foto: Hufner\" style=\"width: 300px; height: 399px;\" \/> <\/a> <div class=\"tiled-gallery-caption\" itemprop=\"caption description\"> Christian Scott Group. Foto: Hufner <\/div> <\/div> <\/div> <!-- close group --> <\/div> <!-- close row --> <div class=\"gallery-row\" style=\"width: 840px; height: 279px;\" data-original-width=\"840\" data-original-height=\"279\" > <div class=\"gallery-group images-1\" style=\"width: 210px; height: 279px;\" data-original-width=\"210\" data-original-height=\"279\" > <div class=\"tiled-gallery-item tiled-gallery-item-small\" itemprop=\"associatedMedia\" itemscope itemtype=\"http:\/\/schema.org\/ImageObject\"> <a href=\"https:\/\/i0.wp.com\/www.jazzzeitung.de\/cms\/wp-content\/uploads\/2013\/11\/jf13-01h-310148.jpg?ssl=1\" border=\"0\" itemprop=\"url\"> <meta itemprop=\"width\" content=\"206\"> <meta itemprop=\"height\" content=\"275\"> <img decoding=\"async\" class=\"\" data-attachment-id=\"2655\" data-orig-file=\"https:\/\/www.jazzzeitung.de\/cms\/wp-content\/uploads\/2013\/11\/jf13-01h-310148.jpg\" data-orig-size=\"675,900\" data-comments-opened=\"1\" data-image-meta=\"{&quot;aperture&quot;:&quot;0&quot;,&quot;credit&quot;:&quot;Dr. Martin Hufner&quot;,&quot;camera&quot;:&quot;&quot;,&quot;caption&quot;:&quot;&quot;,&quot;created_timestamp&quot;:&quot;0&quot;,&quot;copyright&quot;:&quot;Martin Hufner&quot;,&quot;focal_length&quot;:&quot;0&quot;,&quot;iso&quot;:&quot;0&quot;,&quot;shutter_speed&quot;:&quot;0&quot;,&quot;title&quot;:&quot;&quot;}\" data-image-title=\"Christian Scott Group. Foto: Hufner\" data-image-description=\"&lt;p&gt;Christian Scott Group. Foto: Hufner&lt;\/p&gt; \" data-medium-file=\"https:\/\/i0.wp.com\/www.jazzzeitung.de\/cms\/wp-content\/uploads\/2013\/11\/jf13-01h-310148.jpg?fit=225%2C300&#038;ssl=1\" data-large-file=\"https:\/\/i0.wp.com\/www.jazzzeitung.de\/cms\/wp-content\/uploads\/2013\/11\/jf13-01h-310148.jpg?fit=450%2C600&#038;ssl=1\" src=\"https:\/\/i0.wp.com\/www.jazzzeitung.de\/cms\/wp-content\/uploads\/2013\/11\/jf13-01h-310148.jpg?w=206&#038;h=275&#038;ssl=1\" srcset=\"https:\/\/i0.wp.com\/www.jazzzeitung.de\/cms\/wp-content\/uploads\/2013\/11\/jf13-01h-310148.jpg?w=675&amp;ssl=1 675w, https:\/\/i0.wp.com\/www.jazzzeitung.de\/cms\/wp-content\/uploads\/2013\/11\/jf13-01h-310148.jpg?resize=225%2C300&amp;ssl=1 225w, https:\/\/i0.wp.com\/www.jazzzeitung.de\/cms\/wp-content\/uploads\/2013\/11\/jf13-01h-310148.jpg?resize=450%2C600&amp;ssl=1 450w, https:\/\/i0.wp.com\/www.jazzzeitung.de\/cms\/wp-content\/uploads\/2013\/11\/jf13-01h-310148.jpg?resize=600%2C800&amp;ssl=1 600w\" width=\"206\" height=\"275\" loading=\"lazy\" data-original-width=\"206\" data-original-height=\"275\" itemprop=\"http:\/\/schema.org\/image\" title=\"Christian Scott Group. Foto: Hufner\" alt=\"Christian Scott Group. Foto: Hufner\" style=\"width: 206px; height: 275px;\" \/> <\/a> <div class=\"tiled-gallery-caption\" itemprop=\"caption description\"> Christian Scott Group. Foto: Hufner <\/div> <\/div> <\/div> <!-- close group --> <div class=\"gallery-group images-1\" style=\"width: 210px; height: 279px;\" data-original-width=\"210\" data-original-height=\"279\" > <div class=\"tiled-gallery-item tiled-gallery-item-small\" itemprop=\"associatedMedia\" itemscope itemtype=\"http:\/\/schema.org\/ImageObject\"> <a href=\"https:\/\/i0.wp.com\/www.jazzzeitung.de\/cms\/wp-content\/uploads\/2013\/11\/jf13-01h-310131.jpg?ssl=1\" border=\"0\" itemprop=\"url\"> <meta itemprop=\"width\" content=\"206\"> <meta itemprop=\"height\" content=\"275\"> <img decoding=\"async\" class=\"\" data-attachment-id=\"2653\" data-orig-file=\"https:\/\/www.jazzzeitung.de\/cms\/wp-content\/uploads\/2013\/11\/jf13-01h-310131.jpg\" data-orig-size=\"675,900\" data-comments-opened=\"1\" data-image-meta=\"{&quot;aperture&quot;:&quot;0&quot;,&quot;credit&quot;:&quot;Dr. Martin Hufner&quot;,&quot;camera&quot;:&quot;&quot;,&quot;caption&quot;:&quot;&quot;,&quot;created_timestamp&quot;:&quot;0&quot;,&quot;copyright&quot;:&quot;Martin Hufner&quot;,&quot;focal_length&quot;:&quot;0&quot;,&quot;iso&quot;:&quot;0&quot;,&quot;shutter_speed&quot;:&quot;0&quot;,&quot;title&quot;:&quot;&quot;}\" data-image-title=\"Christian Scott Group. Foto: Hufner\" data-image-description=\"&lt;p&gt;Christian Scott Group. Foto: Hufner&lt;\/p&gt; \" data-medium-file=\"https:\/\/i0.wp.com\/www.jazzzeitung.de\/cms\/wp-content\/uploads\/2013\/11\/jf13-01h-310131.jpg?fit=225%2C300&#038;ssl=1\" data-large-file=\"https:\/\/i0.wp.com\/www.jazzzeitung.de\/cms\/wp-content\/uploads\/2013\/11\/jf13-01h-310131.jpg?fit=450%2C600&#038;ssl=1\" src=\"https:\/\/i0.wp.com\/www.jazzzeitung.de\/cms\/wp-content\/uploads\/2013\/11\/jf13-01h-310131.jpg?w=206&#038;h=275&#038;ssl=1\" srcset=\"https:\/\/i0.wp.com\/www.jazzzeitung.de\/cms\/wp-content\/uploads\/2013\/11\/jf13-01h-310131.jpg?w=675&amp;ssl=1 675w, https:\/\/i0.wp.com\/www.jazzzeitung.de\/cms\/wp-content\/uploads\/2013\/11\/jf13-01h-310131.jpg?resize=225%2C300&amp;ssl=1 225w, https:\/\/i0.wp.com\/www.jazzzeitung.de\/cms\/wp-content\/uploads\/2013\/11\/jf13-01h-310131.jpg?resize=450%2C600&amp;ssl=1 450w, https:\/\/i0.wp.com\/www.jazzzeitung.de\/cms\/wp-content\/uploads\/2013\/11\/jf13-01h-310131.jpg?resize=600%2C800&amp;ssl=1 600w\" width=\"206\" height=\"275\" loading=\"lazy\" data-original-width=\"206\" data-original-height=\"275\" itemprop=\"http:\/\/schema.org\/image\" title=\"Christian Scott Group. Foto: Hufner\" alt=\"Christian Scott Group. Foto: Hufner\" style=\"width: 206px; height: 275px;\" \/> <\/a> <div class=\"tiled-gallery-caption\" itemprop=\"caption description\"> Christian Scott Group. Foto: Hufner <\/div> <\/div> <\/div> <!-- close group --> <div class=\"gallery-group images-1\" style=\"width: 210px; height: 279px;\" data-original-width=\"210\" data-original-height=\"279\" > <div class=\"tiled-gallery-item tiled-gallery-item-small\" itemprop=\"associatedMedia\" itemscope itemtype=\"http:\/\/schema.org\/ImageObject\"> <a href=\"https:\/\/i0.wp.com\/www.jazzzeitung.de\/cms\/wp-content\/uploads\/2013\/11\/jf13-01h-310136.jpg?ssl=1\" border=\"0\" itemprop=\"url\"> <meta itemprop=\"width\" content=\"206\"> <meta itemprop=\"height\" content=\"275\"> <img decoding=\"async\" class=\"\" data-attachment-id=\"2654\" data-orig-file=\"https:\/\/www.jazzzeitung.de\/cms\/wp-content\/uploads\/2013\/11\/jf13-01h-310136.jpg\" data-orig-size=\"675,900\" data-comments-opened=\"1\" data-image-meta=\"{&quot;aperture&quot;:&quot;0&quot;,&quot;credit&quot;:&quot;Dr. Martin Hufner&quot;,&quot;camera&quot;:&quot;&quot;,&quot;caption&quot;:&quot;&quot;,&quot;created_timestamp&quot;:&quot;0&quot;,&quot;copyright&quot;:&quot;Martin Hufner&quot;,&quot;focal_length&quot;:&quot;0&quot;,&quot;iso&quot;:&quot;0&quot;,&quot;shutter_speed&quot;:&quot;0&quot;,&quot;title&quot;:&quot;&quot;}\" data-image-title=\"jf13-01h-310136\" data-image-description=\"\" data-medium-file=\"https:\/\/i0.wp.com\/www.jazzzeitung.de\/cms\/wp-content\/uploads\/2013\/11\/jf13-01h-310136.jpg?fit=225%2C300&#038;ssl=1\" data-large-file=\"https:\/\/i0.wp.com\/www.jazzzeitung.de\/cms\/wp-content\/uploads\/2013\/11\/jf13-01h-310136.jpg?fit=450%2C600&#038;ssl=1\" src=\"https:\/\/i0.wp.com\/www.jazzzeitung.de\/cms\/wp-content\/uploads\/2013\/11\/jf13-01h-310136.jpg?w=206&#038;h=275&#038;ssl=1\" srcset=\"https:\/\/i0.wp.com\/www.jazzzeitung.de\/cms\/wp-content\/uploads\/2013\/11\/jf13-01h-310136.jpg?w=675&amp;ssl=1 675w, https:\/\/i0.wp.com\/www.jazzzeitung.de\/cms\/wp-content\/uploads\/2013\/11\/jf13-01h-310136.jpg?resize=225%2C300&amp;ssl=1 225w, https:\/\/i0.wp.com\/www.jazzzeitung.de\/cms\/wp-content\/uploads\/2013\/11\/jf13-01h-310136.jpg?resize=450%2C600&amp;ssl=1 450w, https:\/\/i0.wp.com\/www.jazzzeitung.de\/cms\/wp-content\/uploads\/2013\/11\/jf13-01h-310136.jpg?resize=600%2C800&amp;ssl=1 600w\" width=\"206\" height=\"275\" loading=\"lazy\" data-original-width=\"206\" data-original-height=\"275\" itemprop=\"http:\/\/schema.org\/image\" title=\"jf13-01h-310136\" alt=\"Christian Scott Group. Foto: Hufner\" style=\"width: 206px; height: 275px;\" \/> <\/a> <div class=\"tiled-gallery-caption\" itemprop=\"caption description\"> Christian Scott Group. Foto: Hufner <\/div> <\/div> <\/div> <!-- close group --> <div class=\"gallery-group images-1\" style=\"width: 210px; height: 279px;\" data-original-width=\"210\" data-original-height=\"279\" > <div class=\"tiled-gallery-item tiled-gallery-item-small\" itemprop=\"associatedMedia\" itemscope itemtype=\"http:\/\/schema.org\/ImageObject\"> <a href=\"https:\/\/i0.wp.com\/www.jazzzeitung.de\/cms\/wp-content\/uploads\/2013\/11\/jf13-01h-310156.jpg?ssl=1\" border=\"0\" itemprop=\"url\"> <meta itemprop=\"width\" content=\"206\"> <meta itemprop=\"height\" content=\"275\"> <img decoding=\"async\" class=\"\" data-attachment-id=\"2656\" data-orig-file=\"https:\/\/www.jazzzeitung.de\/cms\/wp-content\/uploads\/2013\/11\/jf13-01h-310156.jpg\" data-orig-size=\"675,900\" data-comments-opened=\"1\" data-image-meta=\"{&quot;aperture&quot;:&quot;0&quot;,&quot;credit&quot;:&quot;Dr. Martin Hufner&quot;,&quot;camera&quot;:&quot;&quot;,&quot;caption&quot;:&quot;&quot;,&quot;created_timestamp&quot;:&quot;0&quot;,&quot;copyright&quot;:&quot;Martin Hufner&quot;,&quot;focal_length&quot;:&quot;0&quot;,&quot;iso&quot;:&quot;0&quot;,&quot;shutter_speed&quot;:&quot;0&quot;,&quot;title&quot;:&quot;&quot;}\" data-image-title=\"Christian Scott Group. Foto: Hufner\" data-image-description=\"&lt;p&gt;Christian Scott Group. Foto: Hufner&lt;\/p&gt; \" data-medium-file=\"https:\/\/i0.wp.com\/www.jazzzeitung.de\/cms\/wp-content\/uploads\/2013\/11\/jf13-01h-310156.jpg?fit=225%2C300&#038;ssl=1\" data-large-file=\"https:\/\/i0.wp.com\/www.jazzzeitung.de\/cms\/wp-content\/uploads\/2013\/11\/jf13-01h-310156.jpg?fit=450%2C600&#038;ssl=1\" src=\"https:\/\/i0.wp.com\/www.jazzzeitung.de\/cms\/wp-content\/uploads\/2013\/11\/jf13-01h-310156.jpg?w=206&#038;h=275&#038;ssl=1\" srcset=\"https:\/\/i0.wp.com\/www.jazzzeitung.de\/cms\/wp-content\/uploads\/2013\/11\/jf13-01h-310156.jpg?w=675&amp;ssl=1 675w, https:\/\/i0.wp.com\/www.jazzzeitung.de\/cms\/wp-content\/uploads\/2013\/11\/jf13-01h-310156.jpg?resize=225%2C300&amp;ssl=1 225w, https:\/\/i0.wp.com\/www.jazzzeitung.de\/cms\/wp-content\/uploads\/2013\/11\/jf13-01h-310156.jpg?resize=450%2C600&amp;ssl=1 450w, https:\/\/i0.wp.com\/www.jazzzeitung.de\/cms\/wp-content\/uploads\/2013\/11\/jf13-01h-310156.jpg?resize=600%2C800&amp;ssl=1 600w\" width=\"206\" height=\"275\" loading=\"lazy\" data-original-width=\"206\" data-original-height=\"275\" itemprop=\"http:\/\/schema.org\/image\" title=\"Christian Scott Group. Foto: Hufner\" alt=\"Christian Scott Group. Foto: Hufner\" style=\"width: 206px; height: 275px;\" \/> <\/a> <div class=\"tiled-gallery-caption\" itemprop=\"caption description\"> Christian Scott Group. Foto: Hufner <\/div> <\/div> <\/div> <!-- close group --> <\/div> <!-- close row --> <div class=\"gallery-row\" style=\"width: 840px; height: 421px;\" data-original-width=\"840\" data-original-height=\"421\" > <div class=\"gallery-group images-1\" style=\"width: 560px; height: 421px;\" data-original-width=\"560\" data-original-height=\"421\" > <div class=\"tiled-gallery-item tiled-gallery-item-large\" itemprop=\"associatedMedia\" itemscope itemtype=\"http:\/\/schema.org\/ImageObject\"> <a href=\"https:\/\/i0.wp.com\/www.jazzzeitung.de\/cms\/wp-content\/uploads\/2013\/11\/jf13-01h-310170.jpg?ssl=1\" border=\"0\" itemprop=\"url\"> <meta itemprop=\"width\" content=\"556\"> <meta itemprop=\"height\" content=\"417\"> <img decoding=\"async\" class=\"\" data-attachment-id=\"2657\" data-orig-file=\"https:\/\/www.jazzzeitung.de\/cms\/wp-content\/uploads\/2013\/11\/jf13-01h-310170.jpg\" data-orig-size=\"1200,900\" data-comments-opened=\"1\" data-image-meta=\"{&quot;aperture&quot;:&quot;0&quot;,&quot;credit&quot;:&quot;Dr. Martin Hufner&quot;,&quot;camera&quot;:&quot;&quot;,&quot;caption&quot;:&quot;&quot;,&quot;created_timestamp&quot;:&quot;0&quot;,&quot;copyright&quot;:&quot;Martin Hufner&quot;,&quot;focal_length&quot;:&quot;0&quot;,&quot;iso&quot;:&quot;0&quot;,&quot;shutter_speed&quot;:&quot;0&quot;,&quot;title&quot;:&quot;&quot;}\" data-image-title=\"Christian Scott Group. Foto: Hufner\" data-image-description=\"&lt;p&gt;Christian Scott Group. Foto: Hufner&lt;\/p&gt; \" data-medium-file=\"https:\/\/i0.wp.com\/www.jazzzeitung.de\/cms\/wp-content\/uploads\/2013\/11\/jf13-01h-310170.jpg?fit=300%2C225&#038;ssl=1\" data-large-file=\"https:\/\/i0.wp.com\/www.jazzzeitung.de\/cms\/wp-content\/uploads\/2013\/11\/jf13-01h-310170.jpg?fit=800%2C600&#038;ssl=1\" src=\"https:\/\/i0.wp.com\/www.jazzzeitung.de\/cms\/wp-content\/uploads\/2013\/11\/jf13-01h-310170.jpg?w=556&#038;h=417&#038;ssl=1\" srcset=\"https:\/\/i0.wp.com\/www.jazzzeitung.de\/cms\/wp-content\/uploads\/2013\/11\/jf13-01h-310170.jpg?w=1200&amp;ssl=1 1200w, https:\/\/i0.wp.com\/www.jazzzeitung.de\/cms\/wp-content\/uploads\/2013\/11\/jf13-01h-310170.jpg?resize=300%2C225&amp;ssl=1 300w, https:\/\/i0.wp.com\/www.jazzzeitung.de\/cms\/wp-content\/uploads\/2013\/11\/jf13-01h-310170.jpg?resize=800%2C600&amp;ssl=1 800w, https:\/\/i0.wp.com\/www.jazzzeitung.de\/cms\/wp-content\/uploads\/2013\/11\/jf13-01h-310170.jpg?resize=600%2C450&amp;ssl=1 600w\" width=\"556\" height=\"417\" loading=\"lazy\" data-original-width=\"556\" data-original-height=\"417\" itemprop=\"http:\/\/schema.org\/image\" title=\"Christian Scott Group. Foto: Hufner\" alt=\"Christian Scott Group. Foto: Hufner\" style=\"width: 556px; height: 417px;\" \/> <\/a> <div class=\"tiled-gallery-caption\" itemprop=\"caption description\"> Christian Scott Group. Foto: Hufner <\/div> <\/div> <\/div> <!-- close group --> <div class=\"gallery-group images-2\" style=\"width: 280px; height: 421px;\" data-original-width=\"280\" data-original-height=\"421\" > <div class=\"tiled-gallery-item tiled-gallery-item-large\" itemprop=\"associatedMedia\" itemscope itemtype=\"http:\/\/schema.org\/ImageObject\"> <a href=\"https:\/\/i0.wp.com\/www.jazzzeitung.de\/cms\/wp-content\/uploads\/2013\/11\/jf13-01h-310102.jpg?ssl=1\" border=\"0\" itemprop=\"url\"> <meta itemprop=\"width\" content=\"276\"> <meta itemprop=\"height\" content=\"207\"> <img decoding=\"async\" class=\"\" data-attachment-id=\"2651\" data-orig-file=\"https:\/\/www.jazzzeitung.de\/cms\/wp-content\/uploads\/2013\/11\/jf13-01h-310102.jpg\" data-orig-size=\"1200,900\" data-comments-opened=\"1\" data-image-meta=\"{&quot;aperture&quot;:&quot;0&quot;,&quot;credit&quot;:&quot;Dr. Martin Hufner&quot;,&quot;camera&quot;:&quot;&quot;,&quot;caption&quot;:&quot;&quot;,&quot;created_timestamp&quot;:&quot;0&quot;,&quot;copyright&quot;:&quot;Martin Hufner&quot;,&quot;focal_length&quot;:&quot;0&quot;,&quot;iso&quot;:&quot;0&quot;,&quot;shutter_speed&quot;:&quot;0&quot;,&quot;title&quot;:&quot;&quot;}\" data-image-title=\"Christian Scott Group. Foto: Hufner\" data-image-description=\"\" data-medium-file=\"https:\/\/i0.wp.com\/www.jazzzeitung.de\/cms\/wp-content\/uploads\/2013\/11\/jf13-01h-310102.jpg?fit=300%2C225&#038;ssl=1\" data-large-file=\"https:\/\/i0.wp.com\/www.jazzzeitung.de\/cms\/wp-content\/uploads\/2013\/11\/jf13-01h-310102.jpg?fit=800%2C600&#038;ssl=1\" src=\"https:\/\/i0.wp.com\/www.jazzzeitung.de\/cms\/wp-content\/uploads\/2013\/11\/jf13-01h-310102.jpg?w=276&#038;h=207&#038;ssl=1\" srcset=\"https:\/\/i0.wp.com\/www.jazzzeitung.de\/cms\/wp-content\/uploads\/2013\/11\/jf13-01h-310102.jpg?w=1200&amp;ssl=1 1200w, https:\/\/i0.wp.com\/www.jazzzeitung.de\/cms\/wp-content\/uploads\/2013\/11\/jf13-01h-310102.jpg?resize=300%2C225&amp;ssl=1 300w, https:\/\/i0.wp.com\/www.jazzzeitung.de\/cms\/wp-content\/uploads\/2013\/11\/jf13-01h-310102.jpg?resize=800%2C600&amp;ssl=1 800w, https:\/\/i0.wp.com\/www.jazzzeitung.de\/cms\/wp-content\/uploads\/2013\/11\/jf13-01h-310102.jpg?resize=600%2C450&amp;ssl=1 600w\" width=\"276\" height=\"207\" loading=\"lazy\" data-original-width=\"276\" data-original-height=\"207\" itemprop=\"http:\/\/schema.org\/image\" title=\"Christian Scott Group. Foto: Hufner\" alt=\"Christian Scott Group. Foto: Hufner\" style=\"width: 276px; height: 207px;\" \/> <\/a> <div class=\"tiled-gallery-caption\" itemprop=\"caption description\"> Christian Scott Group. Foto: Hufner <\/div> <\/div> <div class=\"tiled-gallery-item tiled-gallery-item-large\" itemprop=\"associatedMedia\" itemscope itemtype=\"http:\/\/schema.org\/ImageObject\"> <a href=\"https:\/\/i0.wp.com\/www.jazzzeitung.de\/cms\/wp-content\/uploads\/2013\/11\/jf13-01h-310185.jpg?ssl=1\" border=\"0\" itemprop=\"url\"> <meta itemprop=\"width\" content=\"276\"> <meta itemprop=\"height\" content=\"206\"> <img decoding=\"async\" class=\"\" data-attachment-id=\"2658\" data-orig-file=\"https:\/\/www.jazzzeitung.de\/cms\/wp-content\/uploads\/2013\/11\/jf13-01h-310185.jpg\" data-orig-size=\"1200,900\" data-comments-opened=\"1\" data-image-meta=\"{&quot;aperture&quot;:&quot;0&quot;,&quot;credit&quot;:&quot;Dr. Martin Hufner&quot;,&quot;camera&quot;:&quot;&quot;,&quot;caption&quot;:&quot;&quot;,&quot;created_timestamp&quot;:&quot;0&quot;,&quot;copyright&quot;:&quot;Martin Hufner&quot;,&quot;focal_length&quot;:&quot;0&quot;,&quot;iso&quot;:&quot;0&quot;,&quot;shutter_speed&quot;:&quot;0&quot;,&quot;title&quot;:&quot;&quot;}\" data-image-title=\"Christian Scott Group. Foto: Hufner\" data-image-description=\"&lt;p&gt;Christian Scott Group. Foto: Hufner&lt;\/p&gt; \" data-medium-file=\"https:\/\/i0.wp.com\/www.jazzzeitung.de\/cms\/wp-content\/uploads\/2013\/11\/jf13-01h-310185.jpg?fit=300%2C225&#038;ssl=1\" data-large-file=\"https:\/\/i0.wp.com\/www.jazzzeitung.de\/cms\/wp-content\/uploads\/2013\/11\/jf13-01h-310185.jpg?fit=800%2C600&#038;ssl=1\" src=\"https:\/\/i0.wp.com\/www.jazzzeitung.de\/cms\/wp-content\/uploads\/2013\/11\/jf13-01h-310185.jpg?w=276&#038;h=206&#038;ssl=1\" srcset=\"https:\/\/i0.wp.com\/www.jazzzeitung.de\/cms\/wp-content\/uploads\/2013\/11\/jf13-01h-310185.jpg?w=1200&amp;ssl=1 1200w, https:\/\/i0.wp.com\/www.jazzzeitung.de\/cms\/wp-content\/uploads\/2013\/11\/jf13-01h-310185.jpg?resize=300%2C225&amp;ssl=1 300w, https:\/\/i0.wp.com\/www.jazzzeitung.de\/cms\/wp-content\/uploads\/2013\/11\/jf13-01h-310185.jpg?resize=800%2C600&amp;ssl=1 800w, https:\/\/i0.wp.com\/www.jazzzeitung.de\/cms\/wp-content\/uploads\/2013\/11\/jf13-01h-310185.jpg?resize=600%2C450&amp;ssl=1 600w\" width=\"276\" height=\"206\" loading=\"lazy\" data-original-width=\"276\" data-original-height=\"206\" itemprop=\"http:\/\/schema.org\/image\" title=\"Christian Scott Group. Foto: Hufner\" alt=\"Christian Scott Group. Foto: Hufner\" style=\"width: 276px; height: 206px;\" \/> <\/a> <div class=\"tiled-gallery-caption\" itemprop=\"caption description\"> Christian Scott Group. Foto: Hufner <\/div> <\/div> <\/div> <!-- close group --> <\/div> <!-- close row --> <div class=\"gallery-row\" style=\"width: 840px; height: 159px;\" data-original-width=\"840\" data-original-height=\"159\" > <div class=\"gallery-group images-1\" style=\"width: 210px; height: 159px;\" data-original-width=\"210\" data-original-height=\"159\" > <div class=\"tiled-gallery-item tiled-gallery-item-small\" itemprop=\"associatedMedia\" itemscope itemtype=\"http:\/\/schema.org\/ImageObject\"> <a href=\"https:\/\/i0.wp.com\/www.jazzzeitung.de\/cms\/wp-content\/uploads\/2013\/11\/jf13-01h-310192.jpg?ssl=1\" border=\"0\" itemprop=\"url\"> <meta itemprop=\"width\" content=\"206\"> <meta itemprop=\"height\" content=\"155\"> <img decoding=\"async\" class=\"\" data-attachment-id=\"2659\" data-orig-file=\"https:\/\/www.jazzzeitung.de\/cms\/wp-content\/uploads\/2013\/11\/jf13-01h-310192.jpg\" data-orig-size=\"1200,900\" data-comments-opened=\"1\" data-image-meta=\"{&quot;aperture&quot;:&quot;0&quot;,&quot;credit&quot;:&quot;Dr. Martin Hufner&quot;,&quot;camera&quot;:&quot;&quot;,&quot;caption&quot;:&quot;&quot;,&quot;created_timestamp&quot;:&quot;0&quot;,&quot;copyright&quot;:&quot;Martin Hufner&quot;,&quot;focal_length&quot;:&quot;0&quot;,&quot;iso&quot;:&quot;0&quot;,&quot;shutter_speed&quot;:&quot;0&quot;,&quot;title&quot;:&quot;&quot;}\" data-image-title=\"Christian Scott Group. Foto: Hufner\" data-image-description=\"&lt;p&gt;Christian Scott Group. Foto: Hufner&lt;\/p&gt; \" data-medium-file=\"https:\/\/i0.wp.com\/www.jazzzeitung.de\/cms\/wp-content\/uploads\/2013\/11\/jf13-01h-310192.jpg?fit=300%2C225&#038;ssl=1\" data-large-file=\"https:\/\/i0.wp.com\/www.jazzzeitung.de\/cms\/wp-content\/uploads\/2013\/11\/jf13-01h-310192.jpg?fit=800%2C600&#038;ssl=1\" src=\"https:\/\/i0.wp.com\/www.jazzzeitung.de\/cms\/wp-content\/uploads\/2013\/11\/jf13-01h-310192.jpg?w=206&#038;h=155&#038;ssl=1\" srcset=\"https:\/\/i0.wp.com\/www.jazzzeitung.de\/cms\/wp-content\/uploads\/2013\/11\/jf13-01h-310192.jpg?w=1200&amp;ssl=1 1200w, https:\/\/i0.wp.com\/www.jazzzeitung.de\/cms\/wp-content\/uploads\/2013\/11\/jf13-01h-310192.jpg?resize=300%2C225&amp;ssl=1 300w, https:\/\/i0.wp.com\/www.jazzzeitung.de\/cms\/wp-content\/uploads\/2013\/11\/jf13-01h-310192.jpg?resize=800%2C600&amp;ssl=1 800w, https:\/\/i0.wp.com\/www.jazzzeitung.de\/cms\/wp-content\/uploads\/2013\/11\/jf13-01h-310192.jpg?resize=600%2C450&amp;ssl=1 600w\" width=\"206\" height=\"155\" loading=\"lazy\" data-original-width=\"206\" data-original-height=\"155\" itemprop=\"http:\/\/schema.org\/image\" title=\"Christian Scott Group. Foto: Hufner\" alt=\"Christian Scott Group. Foto: Hufner\" style=\"width: 206px; height: 155px;\" \/> <\/a> <div class=\"tiled-gallery-caption\" itemprop=\"caption description\"> Christian Scott Group. Foto: Hufner <\/div> <\/div> <\/div> <!-- close group --> <div class=\"gallery-group images-1\" style=\"width: 210px; height: 159px;\" data-original-width=\"210\" data-original-height=\"159\" > <div class=\"tiled-gallery-item tiled-gallery-item-small\" itemprop=\"associatedMedia\" itemscope itemtype=\"http:\/\/schema.org\/ImageObject\"> <a href=\"https:\/\/i0.wp.com\/www.jazzzeitung.de\/cms\/wp-content\/uploads\/2013\/11\/jf13-01h-310221.jpg?ssl=1\" border=\"0\" itemprop=\"url\"> <meta itemprop=\"width\" content=\"206\"> <meta itemprop=\"height\" content=\"155\"> <img decoding=\"async\" class=\"\" data-attachment-id=\"2661\" data-orig-file=\"https:\/\/www.jazzzeitung.de\/cms\/wp-content\/uploads\/2013\/11\/jf13-01h-310221.jpg\" data-orig-size=\"1200,900\" data-comments-opened=\"1\" data-image-meta=\"{&quot;aperture&quot;:&quot;0&quot;,&quot;credit&quot;:&quot;Dr. Martin Hufner&quot;,&quot;camera&quot;:&quot;&quot;,&quot;caption&quot;:&quot;&quot;,&quot;created_timestamp&quot;:&quot;0&quot;,&quot;copyright&quot;:&quot;Martin Hufner&quot;,&quot;focal_length&quot;:&quot;0&quot;,&quot;iso&quot;:&quot;0&quot;,&quot;shutter_speed&quot;:&quot;0&quot;,&quot;title&quot;:&quot;&quot;}\" data-image-title=\"Christian Scott Group. Foto: Hufner\" data-image-description=\"&lt;p&gt;Christian Scott Group. Foto: Hufner&lt;\/p&gt; \" data-medium-file=\"https:\/\/i0.wp.com\/www.jazzzeitung.de\/cms\/wp-content\/uploads\/2013\/11\/jf13-01h-310221.jpg?fit=300%2C225&#038;ssl=1\" data-large-file=\"https:\/\/i0.wp.com\/www.jazzzeitung.de\/cms\/wp-content\/uploads\/2013\/11\/jf13-01h-310221.jpg?fit=800%2C600&#038;ssl=1\" src=\"https:\/\/i0.wp.com\/www.jazzzeitung.de\/cms\/wp-content\/uploads\/2013\/11\/jf13-01h-310221.jpg?w=206&#038;h=155&#038;ssl=1\" srcset=\"https:\/\/i0.wp.com\/www.jazzzeitung.de\/cms\/wp-content\/uploads\/2013\/11\/jf13-01h-310221.jpg?w=1200&amp;ssl=1 1200w, https:\/\/i0.wp.com\/www.jazzzeitung.de\/cms\/wp-content\/uploads\/2013\/11\/jf13-01h-310221.jpg?resize=300%2C225&amp;ssl=1 300w, https:\/\/i0.wp.com\/www.jazzzeitung.de\/cms\/wp-content\/uploads\/2013\/11\/jf13-01h-310221.jpg?resize=800%2C600&amp;ssl=1 800w, https:\/\/i0.wp.com\/www.jazzzeitung.de\/cms\/wp-content\/uploads\/2013\/11\/jf13-01h-310221.jpg?resize=600%2C450&amp;ssl=1 600w\" width=\"206\" height=\"155\" loading=\"lazy\" data-original-width=\"206\" data-original-height=\"155\" itemprop=\"http:\/\/schema.org\/image\" title=\"Christian Scott Group. Foto: Hufner\" alt=\"Christian Scott Group. Foto: Hufner\" style=\"width: 206px; height: 155px;\" \/> <\/a> <div class=\"tiled-gallery-caption\" itemprop=\"caption description\"> Christian Scott Group. Foto: Hufner <\/div> <\/div> <\/div> <!-- close group --> <div class=\"gallery-group images-1\" style=\"width: 210px; height: 159px;\" data-original-width=\"210\" data-original-height=\"159\" > <div class=\"tiled-gallery-item tiled-gallery-item-small\" itemprop=\"associatedMedia\" itemscope itemtype=\"http:\/\/schema.org\/ImageObject\"> <a href=\"https:\/\/i0.wp.com\/www.jazzzeitung.de\/cms\/wp-content\/uploads\/2013\/11\/jf13-01h-310263.jpg?ssl=1\" border=\"0\" itemprop=\"url\"> <meta itemprop=\"width\" content=\"206\"> <meta itemprop=\"height\" content=\"155\"> <img decoding=\"async\" class=\"\" data-attachment-id=\"2664\" data-orig-file=\"https:\/\/www.jazzzeitung.de\/cms\/wp-content\/uploads\/2013\/11\/jf13-01h-310263.jpg\" data-orig-size=\"1200,900\" data-comments-opened=\"1\" data-image-meta=\"{&quot;aperture&quot;:&quot;0&quot;,&quot;credit&quot;:&quot;Dr. Martin Hufner&quot;,&quot;camera&quot;:&quot;&quot;,&quot;caption&quot;:&quot;&quot;,&quot;created_timestamp&quot;:&quot;0&quot;,&quot;copyright&quot;:&quot;Martin Hufner&quot;,&quot;focal_length&quot;:&quot;0&quot;,&quot;iso&quot;:&quot;0&quot;,&quot;shutter_speed&quot;:&quot;0&quot;,&quot;title&quot;:&quot;&quot;}\" data-image-title=\"Christian Scott Group. Foto: Hufner\" data-image-description=\"&lt;p&gt;Christian Scott Group. Foto: Hufner&lt;\/p&gt; \" data-medium-file=\"https:\/\/i0.wp.com\/www.jazzzeitung.de\/cms\/wp-content\/uploads\/2013\/11\/jf13-01h-310263.jpg?fit=300%2C225&#038;ssl=1\" data-large-file=\"https:\/\/i0.wp.com\/www.jazzzeitung.de\/cms\/wp-content\/uploads\/2013\/11\/jf13-01h-310263.jpg?fit=800%2C600&#038;ssl=1\" src=\"https:\/\/i0.wp.com\/www.jazzzeitung.de\/cms\/wp-content\/uploads\/2013\/11\/jf13-01h-310263.jpg?w=206&#038;h=155&#038;ssl=1\" srcset=\"https:\/\/i0.wp.com\/www.jazzzeitung.de\/cms\/wp-content\/uploads\/2013\/11\/jf13-01h-310263.jpg?w=1200&amp;ssl=1 1200w, https:\/\/i0.wp.com\/www.jazzzeitung.de\/cms\/wp-content\/uploads\/2013\/11\/jf13-01h-310263.jpg?resize=300%2C225&amp;ssl=1 300w, https:\/\/i0.wp.com\/www.jazzzeitung.de\/cms\/wp-content\/uploads\/2013\/11\/jf13-01h-310263.jpg?resize=800%2C600&amp;ssl=1 800w, https:\/\/i0.wp.com\/www.jazzzeitung.de\/cms\/wp-content\/uploads\/2013\/11\/jf13-01h-310263.jpg?resize=600%2C450&amp;ssl=1 600w\" width=\"206\" height=\"155\" loading=\"lazy\" data-original-width=\"206\" data-original-height=\"155\" itemprop=\"http:\/\/schema.org\/image\" title=\"Christian Scott Group. Foto: Hufner\" alt=\"Christian Scott Group. Foto: Hufner\" style=\"width: 206px; height: 155px;\" \/> <\/a> <div class=\"tiled-gallery-caption\" itemprop=\"caption description\"> Christian Scott Group. Foto: Hufner <\/div> <\/div> <\/div> <!-- close group --> <div class=\"gallery-group images-1\" style=\"width: 210px; height: 159px;\" data-original-width=\"210\" data-original-height=\"159\" > <div class=\"tiled-gallery-item tiled-gallery-item-small\" itemprop=\"associatedMedia\" itemscope itemtype=\"http:\/\/schema.org\/ImageObject\"> <a href=\"https:\/\/i0.wp.com\/www.jazzzeitung.de\/cms\/wp-content\/uploads\/2013\/11\/jf13-01h-310293.jpg?ssl=1\" border=\"0\" itemprop=\"url\"> <meta itemprop=\"width\" content=\"206\"> <meta itemprop=\"height\" content=\"155\"> <img decoding=\"async\" class=\"\" data-attachment-id=\"2665\" data-orig-file=\"https:\/\/www.jazzzeitung.de\/cms\/wp-content\/uploads\/2013\/11\/jf13-01h-310293.jpg\" data-orig-size=\"1200,900\" data-comments-opened=\"1\" data-image-meta=\"{&quot;aperture&quot;:&quot;0&quot;,&quot;credit&quot;:&quot;Dr. Martin Hufner&quot;,&quot;camera&quot;:&quot;&quot;,&quot;caption&quot;:&quot;&quot;,&quot;created_timestamp&quot;:&quot;0&quot;,&quot;copyright&quot;:&quot;Martin Hufner&quot;,&quot;focal_length&quot;:&quot;0&quot;,&quot;iso&quot;:&quot;0&quot;,&quot;shutter_speed&quot;:&quot;0&quot;,&quot;title&quot;:&quot;&quot;}\" data-image-title=\"Christian Scott Group. Foto: Hufner\" data-image-description=\"&lt;p&gt;Christian Scott Group. Foto: Hufner&lt;\/p&gt; \" data-medium-file=\"https:\/\/i0.wp.com\/www.jazzzeitung.de\/cms\/wp-content\/uploads\/2013\/11\/jf13-01h-310293.jpg?fit=300%2C225&#038;ssl=1\" data-large-file=\"https:\/\/i0.wp.com\/www.jazzzeitung.de\/cms\/wp-content\/uploads\/2013\/11\/jf13-01h-310293.jpg?fit=800%2C600&#038;ssl=1\" src=\"https:\/\/i0.wp.com\/www.jazzzeitung.de\/cms\/wp-content\/uploads\/2013\/11\/jf13-01h-310293.jpg?w=206&#038;h=155&#038;ssl=1\" srcset=\"https:\/\/i0.wp.com\/www.jazzzeitung.de\/cms\/wp-content\/uploads\/2013\/11\/jf13-01h-310293.jpg?w=1200&amp;ssl=1 1200w, https:\/\/i0.wp.com\/www.jazzzeitung.de\/cms\/wp-content\/uploads\/2013\/11\/jf13-01h-310293.jpg?resize=300%2C225&amp;ssl=1 300w, https:\/\/i0.wp.com\/www.jazzzeitung.de\/cms\/wp-content\/uploads\/2013\/11\/jf13-01h-310293.jpg?resize=800%2C600&amp;ssl=1 800w, https:\/\/i0.wp.com\/www.jazzzeitung.de\/cms\/wp-content\/uploads\/2013\/11\/jf13-01h-310293.jpg?resize=600%2C450&amp;ssl=1 600w\" width=\"206\" height=\"155\" loading=\"lazy\" data-original-width=\"206\" data-original-height=\"155\" itemprop=\"http:\/\/schema.org\/image\" title=\"Christian Scott Group. Foto: Hufner\" alt=\"Christian Scott Group. Foto: Hufner\" style=\"width: 206px; height: 155px;\" \/> <\/a> <div class=\"tiled-gallery-caption\" itemprop=\"caption description\"> Christian Scott Group. Foto: Hufner <\/div> <\/div> <\/div> <!-- close group --> <\/div> <!-- close row --> <\/div>\n","protected":false},"excerpt":{"rendered":"<p>Es gibt offizielle und heimliche Schwerpunkte bei umfangreichen Veranstaltungen wie es das JazzFest in Berlin eine ist. Offiziell geht es um einen \u201eAfrika-Akzent\u201c, inoffiziell um Umarmungen. Das Er\u00f6ffnungskonzert brachte zwei Formationen nacheinander auf die B\u00fchen: Der Trompeter Christian Scott mit seiner Band und \u201eGnawa Jazz Voodoo \u2013 Joachim K\u00fchn Africa Connection feat. Pharoah Sanders\u201c. Wer umarmt hier wen, wie betont werden die Akzente? Unterschiedliche Antworten: Der Abend war musikalisch durchwachsen und erzeugte ebenso Langeweile wie Verdichtung. Erste Eindr\u00fccke und Bilder vom JazzFest 2013. Stretch Music (Christian Scott) Die Gruppe um Christian Scott (tp) mit Braxton Crook (sax), Matthew Stevens (git), Lawrence Fields (p), Kris Funn (b) und Cory Fonville (dm) wird hoch gehandelt. Die teilweise sehr jungen Musiker zu einer musikalischen Familie zusammen gefunden, einer Familie, die einen Kopf hat, Christian Scott und einen K\u00f6rper, die Band. Darin gelingt es scheinbar m\u00fchelos, das Vokabular des Jazz in viele Richtung zu erweitern und sich einzuverleiben. Vom minimalistischen Pattern bis zum Song, von der Einzel- bis zur Gruppenimprovisation. Dabei Stielelemente parallel laufen und sich trotzdem kreuzen zu lassen, bringt eine Multidimensionalit\u00e4t hervor, die musikalisch funktioniert. Das alles &hellip;<\/p>\n","protected":false},"author":2,"featured_media":0,"comment_status":"open","ping_status":"closed","sticky":false,"template":"","format":"standard","meta":{"_jetpack_memberships_contains_paid_content":false,"footnotes":"","jetpack_publicize_message":"","jetpack_publicize_feature_enabled":true,"jetpack_social_post_already_shared":false,"jetpack_social_options":{"image_generator_settings":{"template":"highway","default_image_id":0,"font":"","enabled":false},"version":2}},"categories":[82],"tags":[66,752,754,751,272,753,755],"coauthors":[680],"class_list":["post-2604","post","type-post","status-publish","format-standard","hentry","category-blog","tag-berlin","tag-christian-scott","tag-free-jazz","tag-jazzfest","tag-jazzfest-berlin","tag-joachim-kuehn","tag-stretch-music"],"yoast_head":"<!-- This site is optimized with the Yoast SEO plugin v27.5 - https:\/\/yoast.com\/product\/yoast-seo-wordpress\/ -->\n<title>Jazzfest 2013 gestartet \u2013 Christian Scott und Joachim K\u00fchn on Stage: Stretch as jazz can - JazzZeitung<\/title>\n<meta name=\"robots\" content=\"index, follow, max-snippet:-1, max-image-preview:large, max-video-preview:-1\" \/>\n<link rel=\"canonical\" href=\"https:\/\/www.jazzzeitung.de\/cms\/2013\/11\/jazzfest-2013-gestartet-christian-scott-und-joachim-kuehn-stage-stretch-stretch\/\" \/>\n<meta property=\"og:locale\" content=\"de_DE\" \/>\n<meta property=\"og:type\" content=\"article\" \/>\n<meta property=\"og:title\" content=\"Jazzfest 2013 gestartet \u2013 Christian Scott und Joachim K\u00fchn on Stage: Stretch as jazz can - JazzZeitung\" \/>\n<meta property=\"og:description\" content=\"Es gibt offizielle und heimliche Schwerpunkte bei umfangreichen Veranstaltungen wie es das JazzFest in Berlin eine ist. Offiziell geht es um einen \u201eAfrika-Akzent\u201c, inoffiziell um Umarmungen. Das Er\u00f6ffnungskonzert brachte zwei Formationen nacheinander auf die B\u00fchen: Der Trompeter Christian Scott mit seiner Band und \u201eGnawa Jazz Voodoo \u2013 Joachim K\u00fchn Africa Connection feat. Pharoah Sanders\u201c. Wer umarmt hier wen, wie betont werden die Akzente? Unterschiedliche Antworten: Der Abend war musikalisch durchwachsen und erzeugte ebenso Langeweile wie Verdichtung. Erste Eindr\u00fccke und Bilder vom JazzFest 2013. Stretch Music (Christian Scott) Die Gruppe um Christian Scott (tp) mit Braxton Crook (sax), Matthew Stevens (git), Lawrence Fields (p), Kris Funn (b) und Cory Fonville (dm) wird hoch gehandelt. Die teilweise sehr jungen Musiker zu einer musikalischen Familie zusammen gefunden, einer Familie, die einen Kopf hat, Christian Scott und einen K\u00f6rper, die Band. Darin gelingt es scheinbar m\u00fchelos, das Vokabular des Jazz in viele Richtung zu erweitern und sich einzuverleiben. Vom minimalistischen Pattern bis zum Song, von der Einzel- bis zur Gruppenimprovisation. Dabei Stielelemente parallel laufen und sich trotzdem kreuzen zu lassen, bringt eine Multidimensionalit\u00e4t hervor, die musikalisch funktioniert. Das alles &hellip;\" \/>\n<meta property=\"og:url\" content=\"https:\/\/www.jazzzeitung.de\/cms\/2013\/11\/jazzfest-2013-gestartet-christian-scott-und-joachim-kuehn-stage-stretch-stretch\/\" \/>\n<meta property=\"og:site_name\" content=\"JazzZeitung\" \/>\n<meta property=\"article:publisher\" content=\"https:\/\/www.facebook.com\/JazzZeitung\/\" \/>\n<meta property=\"article:author\" content=\"https:\/\/www.facebook.com\/hufner\" \/>\n<meta property=\"article:published_time\" content=\"2013-11-01T11:06:28+00:00\" \/>\n<meta property=\"article:modified_time\" content=\"2013-11-04T14:51:39+00:00\" \/>\n<meta property=\"og:image\" content=\"https:\/\/i0.wp.com\/www.jazzzeitung.de\/cms\/wp-content\/uploads\/2013\/11\/jf13-01-0721.jpg?w=195&#038;h=292&#038;ssl=1\" \/>\n<meta name=\"author\" content=\"Huflaikhan\" \/>\n<script type=\"application\/ld+json\" class=\"yoast-schema-graph\">{\"@context\":\"https:\\\/\\\/schema.org\",\"@graph\":[{\"@type\":\"Article\",\"@id\":\"https:\\\/\\\/www.jazzzeitung.de\\\/cms\\\/2013\\\/11\\\/jazzfest-2013-gestartet-christian-scott-und-joachim-kuehn-stage-stretch-stretch\\\/#article\",\"isPartOf\":{\"@id\":\"https:\\\/\\\/www.jazzzeitung.de\\\/cms\\\/2013\\\/11\\\/jazzfest-2013-gestartet-christian-scott-und-joachim-kuehn-stage-stretch-stretch\\\/\"},\"author\":{\"name\":\"Huflaikhan\",\"@id\":\"https:\\\/\\\/www.jazzzeitung.de\\\/cms\\\/#\\\/schema\\\/person\\\/1ba404714b9455401502bc409a7df45e\"},\"headline\":\"Jazzfest 2013 gestartet \u2013 Christian Scott und Joachim K\u00fchn on Stage: Stretch as jazz can\",\"datePublished\":\"2013-11-01T11:06:28+00:00\",\"dateModified\":\"2013-11-04T14:51:39+00:00\",\"mainEntityOfPage\":{\"@id\":\"https:\\\/\\\/www.jazzzeitung.de\\\/cms\\\/2013\\\/11\\\/jazzfest-2013-gestartet-christian-scott-und-joachim-kuehn-stage-stretch-stretch\\\/\"},\"wordCount\":652,\"commentCount\":0,\"publisher\":{\"@id\":\"https:\\\/\\\/www.jazzzeitung.de\\\/cms\\\/#organization\"},\"image\":{\"@id\":\"https:\\\/\\\/www.jazzzeitung.de\\\/cms\\\/2013\\\/11\\\/jazzfest-2013-gestartet-christian-scott-und-joachim-kuehn-stage-stretch-stretch\\\/#primaryimage\"},\"thumbnailUrl\":\"http:\\\/\\\/www.jazzzeitung.de\\\/cms\\\/wp-content\\\/uploads\\\/2013\\\/11\\\/jf13-01-0721-150x150.jpg\",\"keywords\":[\"Berlin\",\"Christian Scott\",\"Free Jazz\",\"Jazzfest\",\"Jazzfest Berlin\",\"Joachim K\u00fchn\",\"Stretch Music\"],\"articleSection\":[\"Blog\"],\"inLanguage\":\"de\",\"potentialAction\":[{\"@type\":\"CommentAction\",\"name\":\"Comment\",\"target\":[\"https:\\\/\\\/www.jazzzeitung.de\\\/cms\\\/2013\\\/11\\\/jazzfest-2013-gestartet-christian-scott-und-joachim-kuehn-stage-stretch-stretch\\\/#respond\"]}]},{\"@type\":\"WebPage\",\"@id\":\"https:\\\/\\\/www.jazzzeitung.de\\\/cms\\\/2013\\\/11\\\/jazzfest-2013-gestartet-christian-scott-und-joachim-kuehn-stage-stretch-stretch\\\/\",\"url\":\"https:\\\/\\\/www.jazzzeitung.de\\\/cms\\\/2013\\\/11\\\/jazzfest-2013-gestartet-christian-scott-und-joachim-kuehn-stage-stretch-stretch\\\/\",\"name\":\"Jazzfest 2013 gestartet \u2013 Christian Scott und Joachim K\u00fchn on Stage: Stretch as jazz can - JazzZeitung\",\"isPartOf\":{\"@id\":\"https:\\\/\\\/www.jazzzeitung.de\\\/cms\\\/#website\"},\"primaryImageOfPage\":{\"@id\":\"https:\\\/\\\/www.jazzzeitung.de\\\/cms\\\/2013\\\/11\\\/jazzfest-2013-gestartet-christian-scott-und-joachim-kuehn-stage-stretch-stretch\\\/#primaryimage\"},\"image\":{\"@id\":\"https:\\\/\\\/www.jazzzeitung.de\\\/cms\\\/2013\\\/11\\\/jazzfest-2013-gestartet-christian-scott-und-joachim-kuehn-stage-stretch-stretch\\\/#primaryimage\"},\"thumbnailUrl\":\"http:\\\/\\\/www.jazzzeitung.de\\\/cms\\\/wp-content\\\/uploads\\\/2013\\\/11\\\/jf13-01-0721-150x150.jpg\",\"datePublished\":\"2013-11-01T11:06:28+00:00\",\"dateModified\":\"2013-11-04T14:51:39+00:00\",\"breadcrumb\":{\"@id\":\"https:\\\/\\\/www.jazzzeitung.de\\\/cms\\\/2013\\\/11\\\/jazzfest-2013-gestartet-christian-scott-und-joachim-kuehn-stage-stretch-stretch\\\/#breadcrumb\"},\"inLanguage\":\"de\",\"potentialAction\":[{\"@type\":\"ReadAction\",\"target\":[\"https:\\\/\\\/www.jazzzeitung.de\\\/cms\\\/2013\\\/11\\\/jazzfest-2013-gestartet-christian-scott-und-joachim-kuehn-stage-stretch-stretch\\\/\"]}]},{\"@type\":\"ImageObject\",\"inLanguage\":\"de\",\"@id\":\"https:\\\/\\\/www.jazzzeitung.de\\\/cms\\\/2013\\\/11\\\/jazzfest-2013-gestartet-christian-scott-und-joachim-kuehn-stage-stretch-stretch\\\/#primaryimage\",\"url\":\"http:\\\/\\\/www.jazzzeitung.de\\\/cms\\\/wp-content\\\/uploads\\\/2013\\\/11\\\/jf13-01-0721-150x150.jpg\",\"contentUrl\":\"http:\\\/\\\/www.jazzzeitung.de\\\/cms\\\/wp-content\\\/uploads\\\/2013\\\/11\\\/jf13-01-0721-150x150.jpg\"},{\"@type\":\"BreadcrumbList\",\"@id\":\"https:\\\/\\\/www.jazzzeitung.de\\\/cms\\\/2013\\\/11\\\/jazzfest-2013-gestartet-christian-scott-und-joachim-kuehn-stage-stretch-stretch\\\/#breadcrumb\",\"itemListElement\":[{\"@type\":\"ListItem\",\"position\":1,\"name\":\"Startseite\",\"item\":\"https:\\\/\\\/www.jazzzeitung.de\\\/cms\\\/\"},{\"@type\":\"ListItem\",\"position\":2,\"name\":\"Jazzfest 2013 gestartet \u2013 Christian Scott und Joachim K\u00fchn on Stage: Stretch as jazz can\"}]},{\"@type\":\"WebSite\",\"@id\":\"https:\\\/\\\/www.jazzzeitung.de\\\/cms\\\/#website\",\"url\":\"https:\\\/\\\/www.jazzzeitung.de\\\/cms\\\/\",\"name\":\"JazzZeitung\",\"description\":\"Jazz-News und Jazz-Kontroverses\",\"publisher\":{\"@id\":\"https:\\\/\\\/www.jazzzeitung.de\\\/cms\\\/#organization\"},\"potentialAction\":[{\"@type\":\"SearchAction\",\"target\":{\"@type\":\"EntryPoint\",\"urlTemplate\":\"https:\\\/\\\/www.jazzzeitung.de\\\/cms\\\/?s={search_term_string}\"},\"query-input\":{\"@type\":\"PropertyValueSpecification\",\"valueRequired\":true,\"valueName\":\"search_term_string\"}}],\"inLanguage\":\"de\"},{\"@type\":\"Organization\",\"@id\":\"https:\\\/\\\/www.jazzzeitung.de\\\/cms\\\/#organization\",\"name\":\"JazzZeitung online\",\"url\":\"https:\\\/\\\/www.jazzzeitung.de\\\/cms\\\/\",\"logo\":{\"@type\":\"ImageObject\",\"inLanguage\":\"de\",\"@id\":\"https:\\\/\\\/www.jazzzeitung.de\\\/cms\\\/#\\\/schema\\\/logo\\\/image\\\/\",\"url\":\"https:\\\/\\\/i0.wp.com\\\/www.jazzzeitung.de\\\/cms\\\/wp-content\\\/uploads\\\/2015\\\/08\\\/JAZZZEITUNGDE_Logo_Neu.png?fit=499%2C200&ssl=1\",\"contentUrl\":\"https:\\\/\\\/i0.wp.com\\\/www.jazzzeitung.de\\\/cms\\\/wp-content\\\/uploads\\\/2015\\\/08\\\/JAZZZEITUNGDE_Logo_Neu.png?fit=499%2C200&ssl=1\",\"width\":499,\"height\":200,\"caption\":\"JazzZeitung online\"},\"image\":{\"@id\":\"https:\\\/\\\/www.jazzzeitung.de\\\/cms\\\/#\\\/schema\\\/logo\\\/image\\\/\"},\"sameAs\":[\"https:\\\/\\\/www.facebook.com\\\/JazzZeitung\\\/\"]},{\"@type\":\"Person\",\"@id\":\"https:\\\/\\\/www.jazzzeitung.de\\\/cms\\\/#\\\/schema\\\/person\\\/1ba404714b9455401502bc409a7df45e\",\"name\":\"Huflaikhan\",\"image\":{\"@type\":\"ImageObject\",\"inLanguage\":\"de\",\"@id\":\"https:\\\/\\\/i0.wp.com\\\/www.jazzzeitung.de\\\/cms\\\/wp-content\\\/uploads\\\/2013\\\/11\\\/huf-06.jpg?resize=96%2C96&ssl=18afacd5aa7627f2840c013425f5a4164\",\"url\":\"https:\\\/\\\/i0.wp.com\\\/www.jazzzeitung.de\\\/cms\\\/wp-content\\\/uploads\\\/2013\\\/11\\\/huf-06.jpg?resize=96%2C96&ssl=1\",\"contentUrl\":\"https:\\\/\\\/i0.wp.com\\\/www.jazzzeitung.de\\\/cms\\\/wp-content\\\/uploads\\\/2013\\\/11\\\/huf-06.jpg?resize=96%2C96&ssl=1\",\"caption\":\"Huflaikhan\"},\"description\":\"Huflaikhan (aka Martin Hufner) hat Musikwissenschaft, Philosophie und Psychologie in Gie\u00dfen studiert und mit einer Arbeit \u00fcber Adorno und die Zw\u00f6lftontechnik promoviert. Seit 1995 ist er freiberuflich als Autor, Fotograf und Netzmacher unterwegs.\",\"sameAs\":[\"https:\\\/\\\/www.kritische-masse.de\\\/logbuch\",\"https:\\\/\\\/www.facebook.com\\\/hufner\"],\"url\":\"https:\\\/\\\/www.jazzzeitung.de\\\/cms\\\/author\\\/hufi\\\/\"}]}<\/script>\n<!-- \/ Yoast SEO plugin. -->","yoast_head_json":{"title":"Jazzfest 2013 gestartet \u2013 Christian Scott und Joachim K\u00fchn on Stage: Stretch as jazz can - JazzZeitung","robots":{"index":"index","follow":"follow","max-snippet":"max-snippet:-1","max-image-preview":"max-image-preview:large","max-video-preview":"max-video-preview:-1"},"canonical":"https:\/\/www.jazzzeitung.de\/cms\/2013\/11\/jazzfest-2013-gestartet-christian-scott-und-joachim-kuehn-stage-stretch-stretch\/","og_locale":"de_DE","og_type":"article","og_title":"Jazzfest 2013 gestartet \u2013 Christian Scott und Joachim K\u00fchn on Stage: Stretch as jazz can - JazzZeitung","og_description":"Es gibt offizielle und heimliche Schwerpunkte bei umfangreichen Veranstaltungen wie es das JazzFest in Berlin eine ist. Offiziell geht es um einen \u201eAfrika-Akzent\u201c, inoffiziell um Umarmungen. Das Er\u00f6ffnungskonzert brachte zwei Formationen nacheinander auf die B\u00fchen: Der Trompeter Christian Scott mit seiner Band und \u201eGnawa Jazz Voodoo \u2013 Joachim K\u00fchn Africa Connection feat. Pharoah Sanders\u201c. Wer umarmt hier wen, wie betont werden die Akzente? Unterschiedliche Antworten: Der Abend war musikalisch durchwachsen und erzeugte ebenso Langeweile wie Verdichtung. Erste Eindr\u00fccke und Bilder vom JazzFest 2013. Stretch Music (Christian Scott) Die Gruppe um Christian Scott (tp) mit Braxton Crook (sax), Matthew Stevens (git), Lawrence Fields (p), Kris Funn (b) und Cory Fonville (dm) wird hoch gehandelt. Die teilweise sehr jungen Musiker zu einer musikalischen Familie zusammen gefunden, einer Familie, die einen Kopf hat, Christian Scott und einen K\u00f6rper, die Band. Darin gelingt es scheinbar m\u00fchelos, das Vokabular des Jazz in viele Richtung zu erweitern und sich einzuverleiben. Vom minimalistischen Pattern bis zum Song, von der Einzel- bis zur Gruppenimprovisation. Dabei Stielelemente parallel laufen und sich trotzdem kreuzen zu lassen, bringt eine Multidimensionalit\u00e4t hervor, die musikalisch funktioniert. Das alles &hellip;","og_url":"https:\/\/www.jazzzeitung.de\/cms\/2013\/11\/jazzfest-2013-gestartet-christian-scott-und-joachim-kuehn-stage-stretch-stretch\/","og_site_name":"JazzZeitung","article_publisher":"https:\/\/www.facebook.com\/JazzZeitung\/","article_author":"https:\/\/www.facebook.com\/hufner","article_published_time":"2013-11-01T11:06:28+00:00","article_modified_time":"2013-11-04T14:51:39+00:00","og_image":[{"url":"https:\/\/i0.wp.com\/www.jazzzeitung.de\/cms\/wp-content\/uploads\/2013\/11\/jf13-01-0721.jpg?w=195&#038;h=292&#038;ssl=1","type":"","width":"","height":""}],"author":"Huflaikhan","schema":{"@context":"https:\/\/schema.org","@graph":[{"@type":"Article","@id":"https:\/\/www.jazzzeitung.de\/cms\/2013\/11\/jazzfest-2013-gestartet-christian-scott-und-joachim-kuehn-stage-stretch-stretch\/#article","isPartOf":{"@id":"https:\/\/www.jazzzeitung.de\/cms\/2013\/11\/jazzfest-2013-gestartet-christian-scott-und-joachim-kuehn-stage-stretch-stretch\/"},"author":{"name":"Huflaikhan","@id":"https:\/\/www.jazzzeitung.de\/cms\/#\/schema\/person\/1ba404714b9455401502bc409a7df45e"},"headline":"Jazzfest 2013 gestartet \u2013 Christian Scott und Joachim K\u00fchn on Stage: Stretch as jazz can","datePublished":"2013-11-01T11:06:28+00:00","dateModified":"2013-11-04T14:51:39+00:00","mainEntityOfPage":{"@id":"https:\/\/www.jazzzeitung.de\/cms\/2013\/11\/jazzfest-2013-gestartet-christian-scott-und-joachim-kuehn-stage-stretch-stretch\/"},"wordCount":652,"commentCount":0,"publisher":{"@id":"https:\/\/www.jazzzeitung.de\/cms\/#organization"},"image":{"@id":"https:\/\/www.jazzzeitung.de\/cms\/2013\/11\/jazzfest-2013-gestartet-christian-scott-und-joachim-kuehn-stage-stretch-stretch\/#primaryimage"},"thumbnailUrl":"http:\/\/www.jazzzeitung.de\/cms\/wp-content\/uploads\/2013\/11\/jf13-01-0721-150x150.jpg","keywords":["Berlin","Christian Scott","Free Jazz","Jazzfest","Jazzfest Berlin","Joachim K\u00fchn","Stretch Music"],"articleSection":["Blog"],"inLanguage":"de","potentialAction":[{"@type":"CommentAction","name":"Comment","target":["https:\/\/www.jazzzeitung.de\/cms\/2013\/11\/jazzfest-2013-gestartet-christian-scott-und-joachim-kuehn-stage-stretch-stretch\/#respond"]}]},{"@type":"WebPage","@id":"https:\/\/www.jazzzeitung.de\/cms\/2013\/11\/jazzfest-2013-gestartet-christian-scott-und-joachim-kuehn-stage-stretch-stretch\/","url":"https:\/\/www.jazzzeitung.de\/cms\/2013\/11\/jazzfest-2013-gestartet-christian-scott-und-joachim-kuehn-stage-stretch-stretch\/","name":"Jazzfest 2013 gestartet \u2013 Christian Scott und Joachim K\u00fchn on Stage: Stretch as jazz can - JazzZeitung","isPartOf":{"@id":"https:\/\/www.jazzzeitung.de\/cms\/#website"},"primaryImageOfPage":{"@id":"https:\/\/www.jazzzeitung.de\/cms\/2013\/11\/jazzfest-2013-gestartet-christian-scott-und-joachim-kuehn-stage-stretch-stretch\/#primaryimage"},"image":{"@id":"https:\/\/www.jazzzeitung.de\/cms\/2013\/11\/jazzfest-2013-gestartet-christian-scott-und-joachim-kuehn-stage-stretch-stretch\/#primaryimage"},"thumbnailUrl":"http:\/\/www.jazzzeitung.de\/cms\/wp-content\/uploads\/2013\/11\/jf13-01-0721-150x150.jpg","datePublished":"2013-11-01T11:06:28+00:00","dateModified":"2013-11-04T14:51:39+00:00","breadcrumb":{"@id":"https:\/\/www.jazzzeitung.de\/cms\/2013\/11\/jazzfest-2013-gestartet-christian-scott-und-joachim-kuehn-stage-stretch-stretch\/#breadcrumb"},"inLanguage":"de","potentialAction":[{"@type":"ReadAction","target":["https:\/\/www.jazzzeitung.de\/cms\/2013\/11\/jazzfest-2013-gestartet-christian-scott-und-joachim-kuehn-stage-stretch-stretch\/"]}]},{"@type":"ImageObject","inLanguage":"de","@id":"https:\/\/www.jazzzeitung.de\/cms\/2013\/11\/jazzfest-2013-gestartet-christian-scott-und-joachim-kuehn-stage-stretch-stretch\/#primaryimage","url":"http:\/\/www.jazzzeitung.de\/cms\/wp-content\/uploads\/2013\/11\/jf13-01-0721-150x150.jpg","contentUrl":"http:\/\/www.jazzzeitung.de\/cms\/wp-content\/uploads\/2013\/11\/jf13-01-0721-150x150.jpg"},{"@type":"BreadcrumbList","@id":"https:\/\/www.jazzzeitung.de\/cms\/2013\/11\/jazzfest-2013-gestartet-christian-scott-und-joachim-kuehn-stage-stretch-stretch\/#breadcrumb","itemListElement":[{"@type":"ListItem","position":1,"name":"Startseite","item":"https:\/\/www.jazzzeitung.de\/cms\/"},{"@type":"ListItem","position":2,"name":"Jazzfest 2013 gestartet \u2013 Christian Scott und Joachim K\u00fchn on Stage: Stretch as jazz can"}]},{"@type":"WebSite","@id":"https:\/\/www.jazzzeitung.de\/cms\/#website","url":"https:\/\/www.jazzzeitung.de\/cms\/","name":"JazzZeitung","description":"Jazz-News und Jazz-Kontroverses","publisher":{"@id":"https:\/\/www.jazzzeitung.de\/cms\/#organization"},"potentialAction":[{"@type":"SearchAction","target":{"@type":"EntryPoint","urlTemplate":"https:\/\/www.jazzzeitung.de\/cms\/?s={search_term_string}"},"query-input":{"@type":"PropertyValueSpecification","valueRequired":true,"valueName":"search_term_string"}}],"inLanguage":"de"},{"@type":"Organization","@id":"https:\/\/www.jazzzeitung.de\/cms\/#organization","name":"JazzZeitung online","url":"https:\/\/www.jazzzeitung.de\/cms\/","logo":{"@type":"ImageObject","inLanguage":"de","@id":"https:\/\/www.jazzzeitung.de\/cms\/#\/schema\/logo\/image\/","url":"https:\/\/i0.wp.com\/www.jazzzeitung.de\/cms\/wp-content\/uploads\/2015\/08\/JAZZZEITUNGDE_Logo_Neu.png?fit=499%2C200&ssl=1","contentUrl":"https:\/\/i0.wp.com\/www.jazzzeitung.de\/cms\/wp-content\/uploads\/2015\/08\/JAZZZEITUNGDE_Logo_Neu.png?fit=499%2C200&ssl=1","width":499,"height":200,"caption":"JazzZeitung online"},"image":{"@id":"https:\/\/www.jazzzeitung.de\/cms\/#\/schema\/logo\/image\/"},"sameAs":["https:\/\/www.facebook.com\/JazzZeitung\/"]},{"@type":"Person","@id":"https:\/\/www.jazzzeitung.de\/cms\/#\/schema\/person\/1ba404714b9455401502bc409a7df45e","name":"Huflaikhan","image":{"@type":"ImageObject","inLanguage":"de","@id":"https:\/\/i0.wp.com\/www.jazzzeitung.de\/cms\/wp-content\/uploads\/2013\/11\/huf-06.jpg?resize=96%2C96&ssl=18afacd5aa7627f2840c013425f5a4164","url":"https:\/\/i0.wp.com\/www.jazzzeitung.de\/cms\/wp-content\/uploads\/2013\/11\/huf-06.jpg?resize=96%2C96&ssl=1","contentUrl":"https:\/\/i0.wp.com\/www.jazzzeitung.de\/cms\/wp-content\/uploads\/2013\/11\/huf-06.jpg?resize=96%2C96&ssl=1","caption":"Huflaikhan"},"description":"Huflaikhan (aka Martin Hufner) hat Musikwissenschaft, Philosophie und Psychologie in Gie\u00dfen studiert und mit einer Arbeit \u00fcber Adorno und die Zw\u00f6lftontechnik promoviert. Seit 1995 ist er freiberuflich als Autor, Fotograf und Netzmacher unterwegs.","sameAs":["https:\/\/www.kritische-masse.de\/logbuch","https:\/\/www.facebook.com\/hufner"],"url":"https:\/\/www.jazzzeitung.de\/cms\/author\/hufi\/"}]}},"wp-worthy-pixel":{"ignored":false,"public":"b47891396a2e4d1191814e94d00f4bce","server":"vg09.met.vgwort.de","url":"https:\/\/vg09.met.vgwort.de\/na\/b47891396a2e4d1191814e94d00f4bce"},"wp-worthy-type":"normal","jetpack_publicize_connections":[],"cc_featured_image_caption":{"caption_text":false,"source_text":false,"source_url":false},"jetpack_featured_media_url":"","jetpack_shortlink":"https:\/\/wp.me\/p3KEcT-G0","jetpack-related-posts":[{"id":2247,"url":"https:\/\/www.jazzzeitung.de\/cms\/2013\/09\/verlosung-karten-fuer-das-jazzfest-berlin\/","url_meta":{"origin":2604,"position":0},"title":"Verlosung: Karten f\u00fcr das Jazzfest Berlin","author":"Redaktion JazzZeitung","date":"20. September 2013","format":false,"excerpt":"Das Jazzfest Berlin 2013 \u2013 veranstaltet von den Berliner Festspielen \u2013 findet vom 31. Oktober bis zum 03. November 2013 statt. An vier Tagen werden 22 Jazzformationen in 19 Veranstaltungen zu erleben sein. Der k\u00fcnstlerische Leiter Bert Noglik schafft auch in seiner zweiten Festivalausgabe ein Spannungsfeld unterschiedlicher thematischer Magnetpunkte mit\u2026","rel":"","context":"In &quot;News&quot;","block_context":{"text":"News","link":"https:\/\/www.jazzzeitung.de\/cms\/thema\/nachrichten\/"},"img":{"alt_text":"","src":"","width":0,"height":0},"classes":[]},{"id":31839,"url":"https:\/\/www.jazzzeitung.de\/cms\/2024\/11\/zeiten-und-welten-verbinden-mit-toenen-das-jazzfest-berlin-feierte-60-jaehriges-bestehen\/","url_meta":{"origin":2604,"position":1},"title":"Zeiten und Welten verbinden mit T\u00f6nen: Das Jazzfest Berlin feierte 60-j\u00e4hriges Bestehen","author":"Redaktion JazzZeitung","date":"6. November 2024","format":false,"excerpt":"Auch so kann man feiern: Hochklassige Konzerte und Jazzprojekte mit Kindern schauten nicht nur in die Vergangenheit, sondern auch in die Zukunft. Ein \u201eResearch Lab\u201c arbeitete die Geschichte wissenschaftlich auf. Und die T\u00f6ne wetterleuchteten in allen Farben. \u201eStill Digging\u201c hie\u00df das Motto beim Jazzfest Berlin 2024, erg\u00e4nzt durch die Formel\u2026","rel":"","context":"In &quot;Bericht&quot;","block_context":{"text":"Bericht","link":"https:\/\/www.jazzzeitung.de\/cms\/thema\/bericht\/"},"img":{"alt_text":"","src":"https:\/\/i0.wp.com\/www.jazzzeitung.de\/cms\/wp-content\/uploads\/2024\/11\/JFB2024_Berliner-Festspiele_33487_jfb24_otomo_yoshihide_special_bigband_c_soshi_setani-2-scaled.jpeg?fit=1200%2C797&ssl=1&resize=350%2C200","width":350,"height":200,"srcset":"https:\/\/i0.wp.com\/www.jazzzeitung.de\/cms\/wp-content\/uploads\/2024\/11\/JFB2024_Berliner-Festspiele_33487_jfb24_otomo_yoshihide_special_bigband_c_soshi_setani-2-scaled.jpeg?fit=1200%2C797&ssl=1&resize=350%2C200 1x, https:\/\/i0.wp.com\/www.jazzzeitung.de\/cms\/wp-content\/uploads\/2024\/11\/JFB2024_Berliner-Festspiele_33487_jfb24_otomo_yoshihide_special_bigband_c_soshi_setani-2-scaled.jpeg?fit=1200%2C797&ssl=1&resize=525%2C300 1.5x, https:\/\/i0.wp.com\/www.jazzzeitung.de\/cms\/wp-content\/uploads\/2024\/11\/JFB2024_Berliner-Festspiele_33487_jfb24_otomo_yoshihide_special_bigband_c_soshi_setani-2-scaled.jpeg?fit=1200%2C797&ssl=1&resize=700%2C400 2x, https:\/\/i0.wp.com\/www.jazzzeitung.de\/cms\/wp-content\/uploads\/2024\/11\/JFB2024_Berliner-Festspiele_33487_jfb24_otomo_yoshihide_special_bigband_c_soshi_setani-2-scaled.jpeg?fit=1200%2C797&ssl=1&resize=1050%2C600 3x"},"classes":[]},{"id":3758,"url":"https:\/\/www.jazzzeitung.de\/cms\/2014\/04\/joachim-kuehn-portraet-und-auftritt-im-leeren-beutel\/","url_meta":{"origin":2604,"position":2},"title":"Joachim K\u00fchn: Portr\u00e4t und Auftritt im Leeren Beutel","author":"Redaktion JazzZeitung","date":"17. April 2014","format":false,"excerpt":"Unten stehendes Portrait von Ssirus W. Pakazd erschien zuerst in der Printausgabe 2-14. Am 15. April gastierte Joachim K\u00fchn im Leeren Beutel in Regensburg. Juan Martin Koch fotografierte. In Trance: Joachim K\u00fchn feierte seinen 70. Geburtstag - von Ssirus W. Pakzad: Seinen 70. Geburtstag hat Joachim K\u00fchn in einem Berliner\u2026","rel":"","context":"In &quot;JazzZeitung (print)&quot;","block_context":{"text":"JazzZeitung (print)","link":"https:\/\/www.jazzzeitung.de\/cms\/thema\/archiv\/jazzzeitung-print\/"},"img":{"alt_text":"Joachim K\u00fchn 2014 web (c) Juan Martin Koch","src":"https:\/\/i0.wp.com\/www.jazzzeitung.de\/cms\/wp-content\/uploads\/2014\/04\/Joachim-K%C3%BChn-2014-web-c-Juan-Martin-Koch.jpg?fit=929%2C622&ssl=1&resize=350%2C200","width":350,"height":200,"srcset":"https:\/\/i0.wp.com\/www.jazzzeitung.de\/cms\/wp-content\/uploads\/2014\/04\/Joachim-K%C3%BChn-2014-web-c-Juan-Martin-Koch.jpg?fit=929%2C622&ssl=1&resize=350%2C200 1x, https:\/\/i0.wp.com\/www.jazzzeitung.de\/cms\/wp-content\/uploads\/2014\/04\/Joachim-K%C3%BChn-2014-web-c-Juan-Martin-Koch.jpg?fit=929%2C622&ssl=1&resize=525%2C300 1.5x, https:\/\/i0.wp.com\/www.jazzzeitung.de\/cms\/wp-content\/uploads\/2014\/04\/Joachim-K%C3%BChn-2014-web-c-Juan-Martin-Koch.jpg?fit=929%2C622&ssl=1&resize=700%2C400 2x"},"classes":[]},{"id":15273,"url":"https:\/\/www.jazzzeitung.de\/cms\/2018\/03\/newsneue-reihe-in-swr2-meine-erste-jazzplattedas-lajjazzo-und-das-lajjazzo-junior-brandenburg-praesentieren-best-of-britain-mit-werken-von-steve-gray-sowie-musik-count-basies\/","url_meta":{"origin":2604,"position":3},"title":"+++News+++Neue Reihe in SWR2: Meine erste Jazzplatte+++Das LaJJazzO und das LaJJazzO Junior Brandenburg pr\u00e4sentieren &#8222;Best of Britain&#8220; mit Werken von Steve Gray sowie Musik Count Basies+++","author":"Redaktion JazzZeitung","date":"12. M\u00e4rz 2018","format":false,"excerpt":"+++Neue Reihe in SWR2: Meine erste Jazzplatte+++ Wie findet man zu improvisierter Musik? \u201eSWR2 Jazztime\u201c hat nachgefragt und l\u00e4sst ab 17. M\u00e4rz 2018 um 22:03 Uhr Pers\u00f6nlichkeiten der Jazz-Szene, aber auch Schriftsteller und Philosophen zu Wort kommen. In der ersten Folge erz\u00e4hlen unter anderem der S\u00e4nger Theo Bleckmann, Arrangeur Mike\u2026","rel":"","context":"In &quot;News&quot;","block_context":{"text":"News","link":"https:\/\/www.jazzzeitung.de\/cms\/thema\/nachrichten\/"},"img":{"alt_text":"","src":"https:\/\/i0.wp.com\/www.jazzzeitung.de\/cms\/wp-content\/uploads\/2018\/03\/785A3336%C2%A9uwehauth_neu.jpg?fit=1200%2C920&ssl=1&resize=350%2C200","width":350,"height":200,"srcset":"https:\/\/i0.wp.com\/www.jazzzeitung.de\/cms\/wp-content\/uploads\/2018\/03\/785A3336%C2%A9uwehauth_neu.jpg?fit=1200%2C920&ssl=1&resize=350%2C200 1x, https:\/\/i0.wp.com\/www.jazzzeitung.de\/cms\/wp-content\/uploads\/2018\/03\/785A3336%C2%A9uwehauth_neu.jpg?fit=1200%2C920&ssl=1&resize=525%2C300 1.5x, https:\/\/i0.wp.com\/www.jazzzeitung.de\/cms\/wp-content\/uploads\/2018\/03\/785A3336%C2%A9uwehauth_neu.jpg?fit=1200%2C920&ssl=1&resize=700%2C400 2x, https:\/\/i0.wp.com\/www.jazzzeitung.de\/cms\/wp-content\/uploads\/2018\/03\/785A3336%C2%A9uwehauth_neu.jpg?fit=1200%2C920&ssl=1&resize=1050%2C600 3x"},"classes":[]},{"id":21164,"url":"https:\/\/www.jazzzeitung.de\/cms\/2019\/11\/jazzfest-berlin-2019-tag-3-tueckische-praepapaparationen\/","url_meta":{"origin":2604,"position":4},"title":"Jazzfest Berlin 2019 | Tag 3 | T\u00fccken mit Pr\u00e4papaparationen","author":"Huflaikhan","date":"3. November 2019","format":false,"excerpt":"Drei Acts auf der Hauptb\u00fchne des Hauses der Berliner Festspiele. Bereit zur Pr\u00e4paration von Musik, die unterschiedlicher kaum sein k\u00f6nnten. Dieses Mal Beobachtungen vom Parkett aus, statt aus Bird\u2019s H\u00f6hle und seiner akustischen H\u00f6lle gestern. Pr\u00e4paration des Instruments: Eve Risser mit Apr\u00e8s un r\u00eave Zu v\u00f6rderst Eve Risser an einem\u2026","rel":"","context":"In &quot;Blog&quot;","block_context":{"text":"Blog","link":"https:\/\/www.jazzzeitung.de\/cms\/thema\/blog\/"},"img":{"alt_text":"","src":"https:\/\/i0.wp.com\/www.jazzzeitung.de\/cms\/wp-content\/uploads\/2019\/11\/eve_risser_jazzfest_berlin_201900122019.jpg?fit=1200%2C857&ssl=1&resize=350%2C200","width":350,"height":200,"srcset":"https:\/\/i0.wp.com\/www.jazzzeitung.de\/cms\/wp-content\/uploads\/2019\/11\/eve_risser_jazzfest_berlin_201900122019.jpg?fit=1200%2C857&ssl=1&resize=350%2C200 1x, https:\/\/i0.wp.com\/www.jazzzeitung.de\/cms\/wp-content\/uploads\/2019\/11\/eve_risser_jazzfest_berlin_201900122019.jpg?fit=1200%2C857&ssl=1&resize=525%2C300 1.5x, https:\/\/i0.wp.com\/www.jazzzeitung.de\/cms\/wp-content\/uploads\/2019\/11\/eve_risser_jazzfest_berlin_201900122019.jpg?fit=1200%2C857&ssl=1&resize=700%2C400 2x, https:\/\/i0.wp.com\/www.jazzzeitung.de\/cms\/wp-content\/uploads\/2019\/11\/eve_risser_jazzfest_berlin_201900122019.jpg?fit=1200%2C857&ssl=1&resize=1050%2C600 3x"},"classes":[]},{"id":21060,"url":"https:\/\/www.jazzzeitung.de\/cms\/2019\/10\/die-jazz-radiowoche-vom-28-10-19-bis-03-11-2019\/","url_meta":{"origin":2604,"position":5},"title":"Die Jazz-Radiowoche vom 28.10.19 bis 03.11.2019","author":"Martin Hufner","date":"27. Oktober 2019","format":false,"excerpt":"Ein kleiner Blick in die Jazzwoche 44 im Radio. Die \u00dcbersicht zum Download als PDF. Alle Angaben ohne Gew\u00e4hr. Jazz im Radio (Fernsehen) SR2 \u2013 JazzNow \u2013 Sonntags von 20.04 bis 22.30 Uhr BR-KLASSIK \u2013 Jazztime \u2013 Von Montag bis Freitag t\u00e4glich um 23.05 Uhr rbb-kultur \u2013 Late Night Jazz\u2026","rel":"","context":"In &quot;News&quot;","block_context":{"text":"News","link":"https:\/\/www.jazzzeitung.de\/cms\/thema\/nachrichten\/"},"img":{"alt_text":"Jazz im Radio. Foto: Hufner","src":"https:\/\/i0.wp.com\/www.jazzzeitung.de\/cms\/wp-content\/uploads\/2019\/03\/jazz_im_radio.jpg?fit=1200%2C773&ssl=1&resize=350%2C200","width":350,"height":200,"srcset":"https:\/\/i0.wp.com\/www.jazzzeitung.de\/cms\/wp-content\/uploads\/2019\/03\/jazz_im_radio.jpg?fit=1200%2C773&ssl=1&resize=350%2C200 1x, https:\/\/i0.wp.com\/www.jazzzeitung.de\/cms\/wp-content\/uploads\/2019\/03\/jazz_im_radio.jpg?fit=1200%2C773&ssl=1&resize=525%2C300 1.5x, https:\/\/i0.wp.com\/www.jazzzeitung.de\/cms\/wp-content\/uploads\/2019\/03\/jazz_im_radio.jpg?fit=1200%2C773&ssl=1&resize=700%2C400 2x, https:\/\/i0.wp.com\/www.jazzzeitung.de\/cms\/wp-content\/uploads\/2019\/03\/jazz_im_radio.jpg?fit=1200%2C773&ssl=1&resize=1050%2C600 3x"},"classes":[]}],"jetpack_sharing_enabled":true,"_links":{"self":[{"href":"https:\/\/www.jazzzeitung.de\/cms\/wp-json\/wp\/v2\/posts\/2604","targetHints":{"allow":["GET"]}}],"collection":[{"href":"https:\/\/www.jazzzeitung.de\/cms\/wp-json\/wp\/v2\/posts"}],"about":[{"href":"https:\/\/www.jazzzeitung.de\/cms\/wp-json\/wp\/v2\/types\/post"}],"author":[{"embeddable":true,"href":"https:\/\/www.jazzzeitung.de\/cms\/wp-json\/wp\/v2\/users\/2"}],"replies":[{"embeddable":true,"href":"https:\/\/www.jazzzeitung.de\/cms\/wp-json\/wp\/v2\/comments?post=2604"}],"version-history":[{"count":13,"href":"https:\/\/www.jazzzeitung.de\/cms\/wp-json\/wp\/v2\/posts\/2604\/revisions"}],"predecessor-version":[{"id":2675,"href":"https:\/\/www.jazzzeitung.de\/cms\/wp-json\/wp\/v2\/posts\/2604\/revisions\/2675"}],"wp:attachment":[{"href":"https:\/\/www.jazzzeitung.de\/cms\/wp-json\/wp\/v2\/media?parent=2604"}],"wp:term":[{"taxonomy":"category","embeddable":true,"href":"https:\/\/www.jazzzeitung.de\/cms\/wp-json\/wp\/v2\/categories?post=2604"},{"taxonomy":"post_tag","embeddable":true,"href":"https:\/\/www.jazzzeitung.de\/cms\/wp-json\/wp\/v2\/tags?post=2604"},{"taxonomy":"author","embeddable":true,"href":"https:\/\/www.jazzzeitung.de\/cms\/wp-json\/wp\/v2\/coauthors?post=2604"}],"curies":[{"name":"wp","href":"https:\/\/api.w.org\/{rel}","templated":true}]}}