{"id":25969,"date":"2021-10-12T10:55:26","date_gmt":"2021-10-12T08:55:26","guid":{"rendered":"https:\/\/www.jazzzeitung.de\/cms\/?p=25969"},"modified":"2021-10-12T11:09:03","modified_gmt":"2021-10-12T09:09:03","slug":"newsin-friedrichshafen-geht-jazzamdonnerstag-an-den-neustartbewerbungsphase-des-deutschen-jazzpreises-2022-gestartet","status":"publish","type":"post","link":"https:\/\/www.jazzzeitung.de\/cms\/2021\/10\/newsin-friedrichshafen-geht-jazzamdonnerstag-an-den-neustartbewerbungsphase-des-deutschen-jazzpreises-2022-gestartet\/","title":{"rendered":"+++News+++In Friedrichshafen geht nach 19 Monaten Pause &#8222;JazzAmDonnerstag&#8220; an den Neustart+++Bewerbungsphase des Deutschen Jazzpreises 2022 gestartet+++\u00a0"},"content":{"rendered":"<h2>+++Neustart: JazzAmDonnerstag jetzt im Theater Atrium Fallenbrunnen+++<\/h2>\n<p>startet am 14. Oktober wieder mit der w\u00f6chentlichen Konzertreihe JazzAmDonnerstag und freut sich seine Mitglieder und seine G\u00e4ste endlich wieder begr\u00fc\u00dfen zu k\u00f6nnen. Nach 19 Monaten Pause hat der Jazz Club von Friedrichshafen, JazzPort Friedrichshafen e.V.,\u00a0 mit dem 1. JazzPort Festival den Neustart in die aktuelle Konzertsaison eingel\u00e4utet. Das \u00fcber viele Jahre bew\u00e4hrte Konzept der w\u00f6chentlich stattfindenden Livekonzerte wird in Kooperation mit dem Culturverein Caserne e.V. im Theater Atrium &#8211; Kulturhaus Caserne, Fallenbrunnen Friedrichshafen fortgesetzt. Die Konzerte beginnen jeweils um 20 Uhr, Einlass ist um 19:30 Uhr. Der Eintritt ist frei. Wie bisher, ist ein Beitrag in die Hutsammlung gerne gesehen. Den Start am am 14. Oktober um 20 Uhr macht das STALA Quartett aus Vorarlberg mit einer musikalische Ost und West Begegnung (Foto: Stefanie Momo Beck).<\/p>\n<p>Weitere Acts sind das Lorenzo Petrocca Organ Trio mit Groove Jazz am Donnerstag, 21. Oktober 2021 und die Latin-, Pop-, Fusion- und Jazzband Choice Brand am Donnerstag, den 14. Oktober 2021.<\/p>\n<p>JazzPort Friedrichshafen e.V.<br \/>\nFildenstr. 14<br \/>\n88048 Friedrichshafen<br \/>\nEmail: <a style=\"cursor: pointer; color: #9d0000; text-decoration: none; border: none;\" href=\"mailto:mail@jazzport-fn.de?subject=JazzPort%20Newsletter\">mail@jazzport-fn.de<\/a><br \/>\n<a style=\"cursor: pointer; color: #9d0000; text-decoration: none; border: none;\" href=\"https:\/\/jazzport-fn.de\/index.php?option=com_acym&amp;ctrl=fronturl&amp;action=acymailing_frontrouter&amp;task=click&amp;urlid=78497&amp;userid=264&amp;mailid=31\">www.jazzport-fn.de<\/a><br \/>\nfacebook: jazzportfn<\/p>\n<h2><\/h2>\n<h2><\/h2>\n<h2>+++Bewerbungsphase des Deutschen Jazzpreises 2022 gestartet+++<\/h2>\n<p>Am 11. Oktober ist die Bewerbungsphase f\u00fcr den <a href=\"https:\/\/www.deutscher-jazzpreis.de\/\">Deutschen Jazzpreis 2022<\/a> gestartet. Ab sofort k\u00f6nnen in elf Kategorien Bewerbungen eingereicht werden, zum Beispiel f\u00fcr nationale wie internationale Alben des Jahres Instrumental oder Vokal sowie f\u00fcr Deb\u00fct-Alben. Dar\u00fcber hinaus sind Einreichungen f\u00fcr Rundfunkproduktionen, das Festival des Jahres, die besten Kompositionen sowie Arrangements und besondere journalistische Leistungen m\u00f6glich. Zur Einreichung berechtigt sind K\u00fcnstler:innen, die an der Produktion beteiligt sind, genauso wie Labels, Verlage, Rundfunkanstalten, Managements und Promoter<em>innen sowie Komponist<\/em>innen, Arrangeur<em>innen und Autor<\/em>innen journalistischer Beitr\u00e4ge.<\/p>\n<p><strong>Tina Sikorski, Gesch\u00e4ftsf\u00fchrerin Initiative Musik<\/strong>: &#8222;<em>Mit dem Deutschen Jazzpreis werden seit 2021 nicht nur die herausragendsten nationalen und internationalen Musiker:innen ins Rampenlicht ger\u00fcckt, es geht auch darum, der gesamten Jazzszene ein Podium zu geben. Bei der jetzt beginnenden Vorauswahl setzen wir auf zwei unterschiedliche Ans\u00e4tze, um die besondere Vielfalt im Jazz bestm\u00f6glich abzubilden. Daher ist in insgesamt elf Kategorien eine Bewerbung m\u00f6glich. Die Vorschl\u00e4ge f\u00fcr die weiteren Nominierungen erfolgen durch die jeweiligen Fachjurys.&#8220;<\/em><em><br \/>\n<\/em><br \/>\nEingereicht werden k\u00f6nnen k\u00fcnstlerische Leistungen, die im Zeitraum vom 11. Januar 2021 bis 30. November 2021 erbracht wurden bzw. noch erbracht werden.<\/p>\n<p>In 31 Kategorien werden beim Deutschen Jazzpreis besondere nationale wie internationale k\u00fcnstlerische Leistungen im Jazz pr\u00e4miert. Im Mittelpunkt stehen dabei die Musiker, f\u00fcr die es in der <em>Hauptkategorie 1: K\u00fcnstlerinnen und K\u00fcnstler<\/em>\u00a0insgesamt 17 Auszeichnungen geben wird. Dar\u00fcber hinaus werden in vier weiteren Hauptkategorien 14 Auszeichnungen f\u00fcr\u00a0<em>Aufnahme\/Produktion,\u00a0Live,\u00a0Komposition\/Arrangement<\/em>\u00a0sowie drei\u00a0<em>Sonderpreise\u00a0<\/em>verliehen. Die Auszeichnungen sind mit 10.000 Euro dotiert.<\/p>\n<p>Nach der Premiere des Deutschen Jazzpreises wurde das Konzept evaluiert und auf Empfehlung des Beirates weiterentwickelt. So werden beispielsweise die Kategorien \u201eK\u00fcnstler<em>in des Jahres\u201c und \u201eK\u00fcnstler<\/em>in des Jahres international\u201c st\u00e4rker hervorgehoben. Dazu kommen Verfahrensverbesserungen und Klarstellungen unter anderem f\u00fcr die Kategorien \u201eKomposition des Jahres\u201c, \u201eArrangement des Jahres\u201c und \u201eClub des Jahres\u201c. Die letztgenannte Kategorie wurde zum einen in \u201eSpielst\u00e4tte des Jahres\u201c umbenannt und zum anderen werden zuk\u00fcnftig die Nominierungen, zu denen neuerdings auch Jazzreihen z\u00e4hlen k\u00f6nnen, auf Vorschlag der Jurymitglieder ermittelt. Im Anschluss erfolgt eine Wahl durch die Mitglieder der Deutschen Jazzunion. Auch zuk\u00fcnftig soll der Preis fortlaufend evaluiert werden. Dar\u00fcber hinaus werden weiter R\u00fcckmeldungen und Vorschl\u00e4ge aus dem steten Dialog mit der Jazzszene in die kontinuierliche Weiterentwicklung des Deutschen Jazzpreises einflie\u00dfen.<\/p>\n<p>F\u00fcr den Deutschen Jazzpreis wurde von Kulturstaatsministerin Monika Gr\u00fctters ein 13-k\u00f6pfiger Fachbeirat berufen, der an der Weiterentwicklung des Konzeptes, der Besetzung der Fach- und Hauptjury und Durchf\u00fchrung des Deutschen Jazzpreises mitwirkt. Neu in den Beirat berufen werden die Musikerin und Kulturmanagerin <strong>Lisa Tuyala<\/strong> und der Musikwissenschaftler und Dozent <strong>Dr. Harald Kisiedu<\/strong>.<\/p>\n<p>Im Beirat wirken mit:<\/p>\n<ul>\n<li><strong>Andreas Brandis \u2013\u00a0<\/strong>Gesch\u00e4ftsf\u00fchrer ACT Music + Vision, Tambour Music Management, Vorstand VUT<\/li>\n<li><strong>Nadin Deventer<\/strong>\u00a0\u2013 K\u00fcnstlerische Leiterin des Jazzfest Berlin<\/li>\n<li><strong>Felix Falk<\/strong>\u00a0\u2013 Vorstand Deutsche Jazzunion, Bundeskonferenz Jazz, Vorstand Musikfonds<\/li>\n<li><strong>J\u00f6rg Heidemann<\/strong>\u00a0\u2013 Gesch\u00e4ftsf\u00fchrer VUT<\/li>\n<li><strong>Julia H\u00fclsmann<\/strong>\u00a0\u2013 Musikerin, Professorin Universit\u00e4t der K\u00fcnste Berlin<\/li>\n<li><strong>Astrid Kieselbach<\/strong>\u00a0\u2013 Senior Director Universal Music Jazz (Deutsche Grammophon)<\/li>\n<li><strong>Dr. Harald Kisiedu <\/strong>\u2013 Musikwissenschaftler, Dozent f\u00fcr Jazzgeschichte und Jazzwissenschaft am Institut f\u00fcr Musik der Hochschule Osnabr\u00fcck<\/li>\n<li><strong>Alexandra Lehmler\u00a0<\/strong>\u2013 Musikerin, Vorstand Deutsche Jazzunion<\/li>\n<li><strong>Hans L\u00fcdemann<\/strong>\u00a0\u2013 Musiker, Vorstand Deutscher Komponistenverband<\/li>\n<li><strong>Yvonne Moissl<\/strong>\u00a0\u2013 Vorstand Deutsche Jazz F\u00f6deration e.V., palatia Jazz<\/li>\n<li><strong>Miho Nishimoto<\/strong>\u00a0\u2013 Senior Brand Manager Classics &amp; Jazz, Warner Music Group<\/li>\n<li><strong>Lisa Tuyala \u2013 <\/strong>Kulturmanagerin (Kulturkabinett e.V.), Musikerin, Co-Initiatorin Women* of Music<\/li>\n<li><strong>Arndt Weidler<\/strong>\u00a0\u2013 Soziologe, Leitung Projekte beim Jazzinstitut Darmstadt<\/li>\n<\/ul>\n<p>&nbsp;<\/p>\n","protected":false},"excerpt":{"rendered":"<p>+++Neustart: JazzAmDonnerstag jetzt im Theater Atrium Fallenbrunnen+++ startet am 14. Oktober wieder mit der w\u00f6chentlichen Konzertreihe JazzAmDonnerstag und freut sich seine Mitglieder und seine G\u00e4ste endlich wieder begr\u00fc\u00dfen zu k\u00f6nnen. Nach 19 Monaten Pause hat der Jazz Club von Friedrichshafen, JazzPort Friedrichshafen e.V.,\u00a0 mit dem 1. JazzPort Festival den Neustart in die aktuelle Konzertsaison eingel\u00e4utet. Das \u00fcber viele Jahre bew\u00e4hrte Konzept der w\u00f6chentlich stattfindenden Livekonzerte wird in Kooperation mit dem Culturverein Caserne e.V. im Theater Atrium &#8211; Kulturhaus Caserne, Fallenbrunnen Friedrichshafen fortgesetzt. Die Konzerte beginnen jeweils um 20 Uhr, Einlass ist um 19:30 Uhr. Der Eintritt ist frei. Wie bisher, ist ein Beitrag in die Hutsammlung gerne gesehen. Den Start am am 14. Oktober um 20 Uhr macht das STALA Quartett aus Vorarlberg mit einer musikalische Ost und West Begegnung (Foto: Stefanie Momo Beck). Weitere Acts sind das Lorenzo Petrocca Organ Trio mit Groove Jazz am Donnerstag, 21. Oktober 2021 und die Latin-, Pop-, Fusion- und Jazzband Choice Brand am Donnerstag, den 14. Oktober 2021. JazzPort Friedrichshafen e.V. Fildenstr. 14 88048 Friedrichshafen Email: mail@jazzport-fn.de www.jazzport-fn.de facebook: jazzportfn +++Bewerbungsphase des Deutschen Jazzpreises 2022 gestartet+++ Am 11. &hellip;<\/p>\n","protected":false},"author":18,"featured_media":25974,"comment_status":"open","ping_status":"closed","sticky":false,"template":"","format":"standard","meta":{"_jetpack_memberships_contains_paid_content":false,"footnotes":"","jetpack_publicize_message":"","jetpack_publicize_feature_enabled":true,"jetpack_social_post_already_shared":false,"jetpack_social_options":{"image_generator_settings":{"template":"highway","default_image_id":0,"font":"","enabled":false},"version":2}},"categories":[633],"tags":[3391,965,3433,66,2002,120,3827,735,3,3828,1876,3829,751,1058,277,1423,1978,323,2866,3831,1317,3392,2048,1502,1965,3830,572],"coauthors":[695],"class_list":["post-25969","post","type-post","status-publish","format-standard","has-post-thumbnail","hentry","category-nachrichten","tag-3391","tag-act-music","tag-auszeichnungen","tag-berlin","tag-bewerbung","tag-club","tag-deutschen-jazzpreis","tag-deutscher-jazzpreis","tag-festival","tag-friedrichshafen","tag-jazz","tag-jazz-am-donnerstag","tag-jazzfest","tag-jazzgeschichte","tag-jazzinstitut","tag-jazzpreis","tag-jazzszene","tag-konzerte","tag-livekonzerte","tag-lorenzo-petrocca","tag-monika-gruetters","tag-nominierungen","tag-oktober","tag-preis","tag-quartett","tag-stala-quartett","tag-universal"],"yoast_head":"<!-- This site is optimized with the Yoast SEO plugin v27.5 - https:\/\/yoast.com\/product\/yoast-seo-wordpress\/ -->\n<title>+++News+++In Friedrichshafen geht nach 19 Monaten Pause &quot;JazzAmDonnerstag&quot; an den Neustart+++Bewerbungsphase des Deutschen Jazzpreises 2022 gestartet+++\u00a0 - JazzZeitung<\/title>\n<meta name=\"robots\" content=\"index, follow, max-snippet:-1, max-image-preview:large, max-video-preview:-1\" \/>\n<link rel=\"canonical\" href=\"https:\/\/www.jazzzeitung.de\/cms\/2021\/10\/newsin-friedrichshafen-geht-jazzamdonnerstag-an-den-neustartbewerbungsphase-des-deutschen-jazzpreises-2022-gestartet\/\" \/>\n<meta property=\"og:locale\" content=\"de_DE\" \/>\n<meta property=\"og:type\" content=\"article\" \/>\n<meta property=\"og:title\" content=\"+++News+++In Friedrichshafen geht nach 19 Monaten Pause &quot;JazzAmDonnerstag&quot; an den Neustart+++Bewerbungsphase des Deutschen Jazzpreises 2022 gestartet+++\u00a0 - JazzZeitung\" \/>\n<meta property=\"og:description\" content=\"+++Neustart: JazzAmDonnerstag jetzt im Theater Atrium Fallenbrunnen+++ startet am 14. Oktober wieder mit der w\u00f6chentlichen Konzertreihe JazzAmDonnerstag und freut sich seine Mitglieder und seine G\u00e4ste endlich wieder begr\u00fc\u00dfen zu k\u00f6nnen. Nach 19 Monaten Pause hat der Jazz Club von Friedrichshafen, JazzPort Friedrichshafen e.V.,\u00a0 mit dem 1. JazzPort Festival den Neustart in die aktuelle Konzertsaison eingel\u00e4utet. Das \u00fcber viele Jahre bew\u00e4hrte Konzept der w\u00f6chentlich stattfindenden Livekonzerte wird in Kooperation mit dem Culturverein Caserne e.V. im Theater Atrium &#8211; Kulturhaus Caserne, Fallenbrunnen Friedrichshafen fortgesetzt. Die Konzerte beginnen jeweils um 20 Uhr, Einlass ist um 19:30 Uhr. Der Eintritt ist frei. Wie bisher, ist ein Beitrag in die Hutsammlung gerne gesehen. Den Start am am 14. Oktober um 20 Uhr macht das STALA Quartett aus Vorarlberg mit einer musikalische Ost und West Begegnung (Foto: Stefanie Momo Beck). Weitere Acts sind das Lorenzo Petrocca Organ Trio mit Groove Jazz am Donnerstag, 21. Oktober 2021 und die Latin-, Pop-, Fusion- und Jazzband Choice Brand am Donnerstag, den 14. Oktober 2021. JazzPort Friedrichshafen e.V. Fildenstr. 14 88048 Friedrichshafen Email: mail@jazzport-fn.de www.jazzport-fn.de facebook: jazzportfn +++Bewerbungsphase des Deutschen Jazzpreises 2022 gestartet+++ Am 11. &hellip;\" \/>\n<meta property=\"og:url\" content=\"https:\/\/www.jazzzeitung.de\/cms\/2021\/10\/newsin-friedrichshafen-geht-jazzamdonnerstag-an-den-neustartbewerbungsphase-des-deutschen-jazzpreises-2022-gestartet\/\" \/>\n<meta property=\"og:site_name\" content=\"JazzZeitung\" \/>\n<meta property=\"article:publisher\" content=\"https:\/\/www.facebook.com\/JazzZeitung\/\" \/>\n<meta property=\"article:published_time\" content=\"2021-10-12T08:55:26+00:00\" \/>\n<meta property=\"article:modified_time\" content=\"2021-10-12T09:09:03+00:00\" \/>\n<meta property=\"og:image\" content=\"https:\/\/i0.wp.com\/www.jazzzeitung.de\/cms\/wp-content\/uploads\/2021\/10\/JazzPortStefanie-Momo-beck-1.jpg?fit=756%2C505&ssl=1\" \/>\n\t<meta property=\"og:image:width\" content=\"756\" \/>\n\t<meta property=\"og:image:height\" content=\"505\" \/>\n\t<meta property=\"og:image:type\" content=\"image\/jpeg\" \/>\n<meta name=\"author\" content=\"Redaktion JazzZeitung\" \/>\n<script type=\"application\/ld+json\" class=\"yoast-schema-graph\">{\"@context\":\"https:\\\/\\\/schema.org\",\"@graph\":[{\"@type\":\"Article\",\"@id\":\"https:\\\/\\\/www.jazzzeitung.de\\\/cms\\\/2021\\\/10\\\/newsin-friedrichshafen-geht-jazzamdonnerstag-an-den-neustartbewerbungsphase-des-deutschen-jazzpreises-2022-gestartet\\\/#article\",\"isPartOf\":{\"@id\":\"https:\\\/\\\/www.jazzzeitung.de\\\/cms\\\/2021\\\/10\\\/newsin-friedrichshafen-geht-jazzamdonnerstag-an-den-neustartbewerbungsphase-des-deutschen-jazzpreises-2022-gestartet\\\/\"},\"author\":{\"name\":\"Redaktion JazzZeitung\",\"@id\":\"https:\\\/\\\/www.jazzzeitung.de\\\/cms\\\/#\\\/schema\\\/person\\\/2245b36b9cd1d24cea10f01c031fb92b\"},\"headline\":\"+++News+++In Friedrichshafen geht nach 19 Monaten Pause &#8222;JazzAmDonnerstag&#8220; an den Neustart+++Bewerbungsphase des Deutschen Jazzpreises 2022 gestartet+++\u00a0\",\"datePublished\":\"2021-10-12T08:55:26+00:00\",\"dateModified\":\"2021-10-12T09:09:03+00:00\",\"mainEntityOfPage\":{\"@id\":\"https:\\\/\\\/www.jazzzeitung.de\\\/cms\\\/2021\\\/10\\\/newsin-friedrichshafen-geht-jazzamdonnerstag-an-den-neustartbewerbungsphase-des-deutschen-jazzpreises-2022-gestartet\\\/\"},\"wordCount\":781,\"commentCount\":0,\"publisher\":{\"@id\":\"https:\\\/\\\/www.jazzzeitung.de\\\/cms\\\/#organization\"},\"image\":{\"@id\":\"https:\\\/\\\/www.jazzzeitung.de\\\/cms\\\/2021\\\/10\\\/newsin-friedrichshafen-geht-jazzamdonnerstag-an-den-neustartbewerbungsphase-des-deutschen-jazzpreises-2022-gestartet\\\/#primaryimage\"},\"thumbnailUrl\":\"https:\\\/\\\/i0.wp.com\\\/www.jazzzeitung.de\\\/cms\\\/wp-content\\\/uploads\\\/2021\\\/10\\\/JazzPortStefanie-Momo-beck-1.jpg?fit=756%2C505&ssl=1\",\"keywords\":[\"2021\",\"ACT Music\",\"Auszeichnungen\",\"Berlin\",\"Bewerbung\",\"Club\",\"Deutschen Jazzpreis\",\"Deutscher Jazzpreis\",\"Festival\",\"Friedrichshafen\",\"Jazz\",\"Jazz am Donnerstag\",\"Jazzfest\",\"Jazzgeschichte\",\"Jazzinstitut\",\"Jazzpreis\",\"Jazzszene\",\"Konzerte\",\"Livekonzerte\",\"Lorenzo Petrocca\",\"Monika Gr\u00fctters\",\"Nominierungen\",\"Oktober\",\"Preis\",\"Quartett\",\"STALA Quartett\",\"Universal\"],\"articleSection\":[\"News\"],\"inLanguage\":\"de\",\"potentialAction\":[{\"@type\":\"CommentAction\",\"name\":\"Comment\",\"target\":[\"https:\\\/\\\/www.jazzzeitung.de\\\/cms\\\/2021\\\/10\\\/newsin-friedrichshafen-geht-jazzamdonnerstag-an-den-neustartbewerbungsphase-des-deutschen-jazzpreises-2022-gestartet\\\/#respond\"]}]},{\"@type\":\"WebPage\",\"@id\":\"https:\\\/\\\/www.jazzzeitung.de\\\/cms\\\/2021\\\/10\\\/newsin-friedrichshafen-geht-jazzamdonnerstag-an-den-neustartbewerbungsphase-des-deutschen-jazzpreises-2022-gestartet\\\/\",\"url\":\"https:\\\/\\\/www.jazzzeitung.de\\\/cms\\\/2021\\\/10\\\/newsin-friedrichshafen-geht-jazzamdonnerstag-an-den-neustartbewerbungsphase-des-deutschen-jazzpreises-2022-gestartet\\\/\",\"name\":\"+++News+++In Friedrichshafen geht nach 19 Monaten Pause \\\"JazzAmDonnerstag\\\" an den Neustart+++Bewerbungsphase des Deutschen Jazzpreises 2022 gestartet+++\u00a0 - JazzZeitung\",\"isPartOf\":{\"@id\":\"https:\\\/\\\/www.jazzzeitung.de\\\/cms\\\/#website\"},\"primaryImageOfPage\":{\"@id\":\"https:\\\/\\\/www.jazzzeitung.de\\\/cms\\\/2021\\\/10\\\/newsin-friedrichshafen-geht-jazzamdonnerstag-an-den-neustartbewerbungsphase-des-deutschen-jazzpreises-2022-gestartet\\\/#primaryimage\"},\"image\":{\"@id\":\"https:\\\/\\\/www.jazzzeitung.de\\\/cms\\\/2021\\\/10\\\/newsin-friedrichshafen-geht-jazzamdonnerstag-an-den-neustartbewerbungsphase-des-deutschen-jazzpreises-2022-gestartet\\\/#primaryimage\"},\"thumbnailUrl\":\"https:\\\/\\\/i0.wp.com\\\/www.jazzzeitung.de\\\/cms\\\/wp-content\\\/uploads\\\/2021\\\/10\\\/JazzPortStefanie-Momo-beck-1.jpg?fit=756%2C505&ssl=1\",\"datePublished\":\"2021-10-12T08:55:26+00:00\",\"dateModified\":\"2021-10-12T09:09:03+00:00\",\"breadcrumb\":{\"@id\":\"https:\\\/\\\/www.jazzzeitung.de\\\/cms\\\/2021\\\/10\\\/newsin-friedrichshafen-geht-jazzamdonnerstag-an-den-neustartbewerbungsphase-des-deutschen-jazzpreises-2022-gestartet\\\/#breadcrumb\"},\"inLanguage\":\"de\",\"potentialAction\":[{\"@type\":\"ReadAction\",\"target\":[\"https:\\\/\\\/www.jazzzeitung.de\\\/cms\\\/2021\\\/10\\\/newsin-friedrichshafen-geht-jazzamdonnerstag-an-den-neustartbewerbungsphase-des-deutschen-jazzpreises-2022-gestartet\\\/\"]}]},{\"@type\":\"ImageObject\",\"inLanguage\":\"de\",\"@id\":\"https:\\\/\\\/www.jazzzeitung.de\\\/cms\\\/2021\\\/10\\\/newsin-friedrichshafen-geht-jazzamdonnerstag-an-den-neustartbewerbungsphase-des-deutschen-jazzpreises-2022-gestartet\\\/#primaryimage\",\"url\":\"https:\\\/\\\/i0.wp.com\\\/www.jazzzeitung.de\\\/cms\\\/wp-content\\\/uploads\\\/2021\\\/10\\\/JazzPortStefanie-Momo-beck-1.jpg?fit=756%2C505&ssl=1\",\"contentUrl\":\"https:\\\/\\\/i0.wp.com\\\/www.jazzzeitung.de\\\/cms\\\/wp-content\\\/uploads\\\/2021\\\/10\\\/JazzPortStefanie-Momo-beck-1.jpg?fit=756%2C505&ssl=1\",\"width\":756,\"height\":505},{\"@type\":\"BreadcrumbList\",\"@id\":\"https:\\\/\\\/www.jazzzeitung.de\\\/cms\\\/2021\\\/10\\\/newsin-friedrichshafen-geht-jazzamdonnerstag-an-den-neustartbewerbungsphase-des-deutschen-jazzpreises-2022-gestartet\\\/#breadcrumb\",\"itemListElement\":[{\"@type\":\"ListItem\",\"position\":1,\"name\":\"Startseite\",\"item\":\"https:\\\/\\\/www.jazzzeitung.de\\\/cms\\\/\"},{\"@type\":\"ListItem\",\"position\":2,\"name\":\"+++News+++In Friedrichshafen geht nach 19 Monaten Pause &#8222;JazzAmDonnerstag&#8220; an den Neustart+++Bewerbungsphase des Deutschen Jazzpreises 2022 gestartet+++\u00a0\"}]},{\"@type\":\"WebSite\",\"@id\":\"https:\\\/\\\/www.jazzzeitung.de\\\/cms\\\/#website\",\"url\":\"https:\\\/\\\/www.jazzzeitung.de\\\/cms\\\/\",\"name\":\"JazzZeitung\",\"description\":\"Jazz-News und Jazz-Kontroverses\",\"publisher\":{\"@id\":\"https:\\\/\\\/www.jazzzeitung.de\\\/cms\\\/#organization\"},\"potentialAction\":[{\"@type\":\"SearchAction\",\"target\":{\"@type\":\"EntryPoint\",\"urlTemplate\":\"https:\\\/\\\/www.jazzzeitung.de\\\/cms\\\/?s={search_term_string}\"},\"query-input\":{\"@type\":\"PropertyValueSpecification\",\"valueRequired\":true,\"valueName\":\"search_term_string\"}}],\"inLanguage\":\"de\"},{\"@type\":\"Organization\",\"@id\":\"https:\\\/\\\/www.jazzzeitung.de\\\/cms\\\/#organization\",\"name\":\"JazzZeitung online\",\"url\":\"https:\\\/\\\/www.jazzzeitung.de\\\/cms\\\/\",\"logo\":{\"@type\":\"ImageObject\",\"inLanguage\":\"de\",\"@id\":\"https:\\\/\\\/www.jazzzeitung.de\\\/cms\\\/#\\\/schema\\\/logo\\\/image\\\/\",\"url\":\"https:\\\/\\\/i0.wp.com\\\/www.jazzzeitung.de\\\/cms\\\/wp-content\\\/uploads\\\/2015\\\/08\\\/JAZZZEITUNGDE_Logo_Neu.png?fit=499%2C200&ssl=1\",\"contentUrl\":\"https:\\\/\\\/i0.wp.com\\\/www.jazzzeitung.de\\\/cms\\\/wp-content\\\/uploads\\\/2015\\\/08\\\/JAZZZEITUNGDE_Logo_Neu.png?fit=499%2C200&ssl=1\",\"width\":499,\"height\":200,\"caption\":\"JazzZeitung online\"},\"image\":{\"@id\":\"https:\\\/\\\/www.jazzzeitung.de\\\/cms\\\/#\\\/schema\\\/logo\\\/image\\\/\"},\"sameAs\":[\"https:\\\/\\\/www.facebook.com\\\/JazzZeitung\\\/\"]},{\"@type\":\"Person\",\"@id\":\"https:\\\/\\\/www.jazzzeitung.de\\\/cms\\\/#\\\/schema\\\/person\\\/2245b36b9cd1d24cea10f01c031fb92b\",\"name\":\"Redaktion JazzZeitung\",\"image\":{\"@type\":\"ImageObject\",\"inLanguage\":\"de\",\"@id\":\"https:\\\/\\\/i0.wp.com\\\/www.jazzzeitung.de\\\/cms\\\/wp-content\\\/uploads\\\/2015\\\/08\\\/JAZZZEITUNGDE_Logo_Neu.png?resize=96%2C96&ssl=159975dcacb611b5700bd619b5daf0a7a\",\"url\":\"https:\\\/\\\/i0.wp.com\\\/www.jazzzeitung.de\\\/cms\\\/wp-content\\\/uploads\\\/2015\\\/08\\\/JAZZZEITUNGDE_Logo_Neu.png?resize=96%2C96&ssl=1\",\"contentUrl\":\"https:\\\/\\\/i0.wp.com\\\/www.jazzzeitung.de\\\/cms\\\/wp-content\\\/uploads\\\/2015\\\/08\\\/JAZZZEITUNGDE_Logo_Neu.png?resize=96%2C96&ssl=1\",\"caption\":\"Redaktion JazzZeitung\"},\"description\":\"Artikel der Redaktion der JazzZeitung.\",\"sameAs\":[\"http:\\\/\\\/www.jazzzeitung.de\\\/cms\\\/\"],\"url\":\"https:\\\/\\\/www.jazzzeitung.de\\\/cms\\\/author\\\/redaktion\\\/\"}]}<\/script>\n<!-- \/ Yoast SEO plugin. -->","yoast_head_json":{"title":"+++News+++In Friedrichshafen geht nach 19 Monaten Pause \"JazzAmDonnerstag\" an den Neustart+++Bewerbungsphase des Deutschen Jazzpreises 2022 gestartet+++\u00a0 - JazzZeitung","robots":{"index":"index","follow":"follow","max-snippet":"max-snippet:-1","max-image-preview":"max-image-preview:large","max-video-preview":"max-video-preview:-1"},"canonical":"https:\/\/www.jazzzeitung.de\/cms\/2021\/10\/newsin-friedrichshafen-geht-jazzamdonnerstag-an-den-neustartbewerbungsphase-des-deutschen-jazzpreises-2022-gestartet\/","og_locale":"de_DE","og_type":"article","og_title":"+++News+++In Friedrichshafen geht nach 19 Monaten Pause \"JazzAmDonnerstag\" an den Neustart+++Bewerbungsphase des Deutschen Jazzpreises 2022 gestartet+++\u00a0 - JazzZeitung","og_description":"+++Neustart: JazzAmDonnerstag jetzt im Theater Atrium Fallenbrunnen+++ startet am 14. Oktober wieder mit der w\u00f6chentlichen Konzertreihe JazzAmDonnerstag und freut sich seine Mitglieder und seine G\u00e4ste endlich wieder begr\u00fc\u00dfen zu k\u00f6nnen. Nach 19 Monaten Pause hat der Jazz Club von Friedrichshafen, JazzPort Friedrichshafen e.V.,\u00a0 mit dem 1. JazzPort Festival den Neustart in die aktuelle Konzertsaison eingel\u00e4utet. Das \u00fcber viele Jahre bew\u00e4hrte Konzept der w\u00f6chentlich stattfindenden Livekonzerte wird in Kooperation mit dem Culturverein Caserne e.V. im Theater Atrium &#8211; Kulturhaus Caserne, Fallenbrunnen Friedrichshafen fortgesetzt. Die Konzerte beginnen jeweils um 20 Uhr, Einlass ist um 19:30 Uhr. Der Eintritt ist frei. Wie bisher, ist ein Beitrag in die Hutsammlung gerne gesehen. Den Start am am 14. Oktober um 20 Uhr macht das STALA Quartett aus Vorarlberg mit einer musikalische Ost und West Begegnung (Foto: Stefanie Momo Beck). Weitere Acts sind das Lorenzo Petrocca Organ Trio mit Groove Jazz am Donnerstag, 21. Oktober 2021 und die Latin-, Pop-, Fusion- und Jazzband Choice Brand am Donnerstag, den 14. Oktober 2021. JazzPort Friedrichshafen e.V. Fildenstr. 14 88048 Friedrichshafen Email: mail@jazzport-fn.de www.jazzport-fn.de facebook: jazzportfn +++Bewerbungsphase des Deutschen Jazzpreises 2022 gestartet+++ Am 11. &hellip;","og_url":"https:\/\/www.jazzzeitung.de\/cms\/2021\/10\/newsin-friedrichshafen-geht-jazzamdonnerstag-an-den-neustartbewerbungsphase-des-deutschen-jazzpreises-2022-gestartet\/","og_site_name":"JazzZeitung","article_publisher":"https:\/\/www.facebook.com\/JazzZeitung\/","article_published_time":"2021-10-12T08:55:26+00:00","article_modified_time":"2021-10-12T09:09:03+00:00","og_image":[{"width":756,"height":505,"url":"https:\/\/i0.wp.com\/www.jazzzeitung.de\/cms\/wp-content\/uploads\/2021\/10\/JazzPortStefanie-Momo-beck-1.jpg?fit=756%2C505&ssl=1","type":"image\/jpeg"}],"author":"Redaktion JazzZeitung","schema":{"@context":"https:\/\/schema.org","@graph":[{"@type":"Article","@id":"https:\/\/www.jazzzeitung.de\/cms\/2021\/10\/newsin-friedrichshafen-geht-jazzamdonnerstag-an-den-neustartbewerbungsphase-des-deutschen-jazzpreises-2022-gestartet\/#article","isPartOf":{"@id":"https:\/\/www.jazzzeitung.de\/cms\/2021\/10\/newsin-friedrichshafen-geht-jazzamdonnerstag-an-den-neustartbewerbungsphase-des-deutschen-jazzpreises-2022-gestartet\/"},"author":{"name":"Redaktion JazzZeitung","@id":"https:\/\/www.jazzzeitung.de\/cms\/#\/schema\/person\/2245b36b9cd1d24cea10f01c031fb92b"},"headline":"+++News+++In Friedrichshafen geht nach 19 Monaten Pause &#8222;JazzAmDonnerstag&#8220; an den Neustart+++Bewerbungsphase des Deutschen Jazzpreises 2022 gestartet+++\u00a0","datePublished":"2021-10-12T08:55:26+00:00","dateModified":"2021-10-12T09:09:03+00:00","mainEntityOfPage":{"@id":"https:\/\/www.jazzzeitung.de\/cms\/2021\/10\/newsin-friedrichshafen-geht-jazzamdonnerstag-an-den-neustartbewerbungsphase-des-deutschen-jazzpreises-2022-gestartet\/"},"wordCount":781,"commentCount":0,"publisher":{"@id":"https:\/\/www.jazzzeitung.de\/cms\/#organization"},"image":{"@id":"https:\/\/www.jazzzeitung.de\/cms\/2021\/10\/newsin-friedrichshafen-geht-jazzamdonnerstag-an-den-neustartbewerbungsphase-des-deutschen-jazzpreises-2022-gestartet\/#primaryimage"},"thumbnailUrl":"https:\/\/i0.wp.com\/www.jazzzeitung.de\/cms\/wp-content\/uploads\/2021\/10\/JazzPortStefanie-Momo-beck-1.jpg?fit=756%2C505&ssl=1","keywords":["2021","ACT Music","Auszeichnungen","Berlin","Bewerbung","Club","Deutschen Jazzpreis","Deutscher Jazzpreis","Festival","Friedrichshafen","Jazz","Jazz am Donnerstag","Jazzfest","Jazzgeschichte","Jazzinstitut","Jazzpreis","Jazzszene","Konzerte","Livekonzerte","Lorenzo Petrocca","Monika Gr\u00fctters","Nominierungen","Oktober","Preis","Quartett","STALA Quartett","Universal"],"articleSection":["News"],"inLanguage":"de","potentialAction":[{"@type":"CommentAction","name":"Comment","target":["https:\/\/www.jazzzeitung.de\/cms\/2021\/10\/newsin-friedrichshafen-geht-jazzamdonnerstag-an-den-neustartbewerbungsphase-des-deutschen-jazzpreises-2022-gestartet\/#respond"]}]},{"@type":"WebPage","@id":"https:\/\/www.jazzzeitung.de\/cms\/2021\/10\/newsin-friedrichshafen-geht-jazzamdonnerstag-an-den-neustartbewerbungsphase-des-deutschen-jazzpreises-2022-gestartet\/","url":"https:\/\/www.jazzzeitung.de\/cms\/2021\/10\/newsin-friedrichshafen-geht-jazzamdonnerstag-an-den-neustartbewerbungsphase-des-deutschen-jazzpreises-2022-gestartet\/","name":"+++News+++In Friedrichshafen geht nach 19 Monaten Pause \"JazzAmDonnerstag\" an den Neustart+++Bewerbungsphase des Deutschen Jazzpreises 2022 gestartet+++\u00a0 - JazzZeitung","isPartOf":{"@id":"https:\/\/www.jazzzeitung.de\/cms\/#website"},"primaryImageOfPage":{"@id":"https:\/\/www.jazzzeitung.de\/cms\/2021\/10\/newsin-friedrichshafen-geht-jazzamdonnerstag-an-den-neustartbewerbungsphase-des-deutschen-jazzpreises-2022-gestartet\/#primaryimage"},"image":{"@id":"https:\/\/www.jazzzeitung.de\/cms\/2021\/10\/newsin-friedrichshafen-geht-jazzamdonnerstag-an-den-neustartbewerbungsphase-des-deutschen-jazzpreises-2022-gestartet\/#primaryimage"},"thumbnailUrl":"https:\/\/i0.wp.com\/www.jazzzeitung.de\/cms\/wp-content\/uploads\/2021\/10\/JazzPortStefanie-Momo-beck-1.jpg?fit=756%2C505&ssl=1","datePublished":"2021-10-12T08:55:26+00:00","dateModified":"2021-10-12T09:09:03+00:00","breadcrumb":{"@id":"https:\/\/www.jazzzeitung.de\/cms\/2021\/10\/newsin-friedrichshafen-geht-jazzamdonnerstag-an-den-neustartbewerbungsphase-des-deutschen-jazzpreises-2022-gestartet\/#breadcrumb"},"inLanguage":"de","potentialAction":[{"@type":"ReadAction","target":["https:\/\/www.jazzzeitung.de\/cms\/2021\/10\/newsin-friedrichshafen-geht-jazzamdonnerstag-an-den-neustartbewerbungsphase-des-deutschen-jazzpreises-2022-gestartet\/"]}]},{"@type":"ImageObject","inLanguage":"de","@id":"https:\/\/www.jazzzeitung.de\/cms\/2021\/10\/newsin-friedrichshafen-geht-jazzamdonnerstag-an-den-neustartbewerbungsphase-des-deutschen-jazzpreises-2022-gestartet\/#primaryimage","url":"https:\/\/i0.wp.com\/www.jazzzeitung.de\/cms\/wp-content\/uploads\/2021\/10\/JazzPortStefanie-Momo-beck-1.jpg?fit=756%2C505&ssl=1","contentUrl":"https:\/\/i0.wp.com\/www.jazzzeitung.de\/cms\/wp-content\/uploads\/2021\/10\/JazzPortStefanie-Momo-beck-1.jpg?fit=756%2C505&ssl=1","width":756,"height":505},{"@type":"BreadcrumbList","@id":"https:\/\/www.jazzzeitung.de\/cms\/2021\/10\/newsin-friedrichshafen-geht-jazzamdonnerstag-an-den-neustartbewerbungsphase-des-deutschen-jazzpreises-2022-gestartet\/#breadcrumb","itemListElement":[{"@type":"ListItem","position":1,"name":"Startseite","item":"https:\/\/www.jazzzeitung.de\/cms\/"},{"@type":"ListItem","position":2,"name":"+++News+++In Friedrichshafen geht nach 19 Monaten Pause &#8222;JazzAmDonnerstag&#8220; an den Neustart+++Bewerbungsphase des Deutschen Jazzpreises 2022 gestartet+++\u00a0"}]},{"@type":"WebSite","@id":"https:\/\/www.jazzzeitung.de\/cms\/#website","url":"https:\/\/www.jazzzeitung.de\/cms\/","name":"JazzZeitung","description":"Jazz-News und Jazz-Kontroverses","publisher":{"@id":"https:\/\/www.jazzzeitung.de\/cms\/#organization"},"potentialAction":[{"@type":"SearchAction","target":{"@type":"EntryPoint","urlTemplate":"https:\/\/www.jazzzeitung.de\/cms\/?s={search_term_string}"},"query-input":{"@type":"PropertyValueSpecification","valueRequired":true,"valueName":"search_term_string"}}],"inLanguage":"de"},{"@type":"Organization","@id":"https:\/\/www.jazzzeitung.de\/cms\/#organization","name":"JazzZeitung online","url":"https:\/\/www.jazzzeitung.de\/cms\/","logo":{"@type":"ImageObject","inLanguage":"de","@id":"https:\/\/www.jazzzeitung.de\/cms\/#\/schema\/logo\/image\/","url":"https:\/\/i0.wp.com\/www.jazzzeitung.de\/cms\/wp-content\/uploads\/2015\/08\/JAZZZEITUNGDE_Logo_Neu.png?fit=499%2C200&ssl=1","contentUrl":"https:\/\/i0.wp.com\/www.jazzzeitung.de\/cms\/wp-content\/uploads\/2015\/08\/JAZZZEITUNGDE_Logo_Neu.png?fit=499%2C200&ssl=1","width":499,"height":200,"caption":"JazzZeitung online"},"image":{"@id":"https:\/\/www.jazzzeitung.de\/cms\/#\/schema\/logo\/image\/"},"sameAs":["https:\/\/www.facebook.com\/JazzZeitung\/"]},{"@type":"Person","@id":"https:\/\/www.jazzzeitung.de\/cms\/#\/schema\/person\/2245b36b9cd1d24cea10f01c031fb92b","name":"Redaktion JazzZeitung","image":{"@type":"ImageObject","inLanguage":"de","@id":"https:\/\/i0.wp.com\/www.jazzzeitung.de\/cms\/wp-content\/uploads\/2015\/08\/JAZZZEITUNGDE_Logo_Neu.png?resize=96%2C96&ssl=159975dcacb611b5700bd619b5daf0a7a","url":"https:\/\/i0.wp.com\/www.jazzzeitung.de\/cms\/wp-content\/uploads\/2015\/08\/JAZZZEITUNGDE_Logo_Neu.png?resize=96%2C96&ssl=1","contentUrl":"https:\/\/i0.wp.com\/www.jazzzeitung.de\/cms\/wp-content\/uploads\/2015\/08\/JAZZZEITUNGDE_Logo_Neu.png?resize=96%2C96&ssl=1","caption":"Redaktion JazzZeitung"},"description":"Artikel der Redaktion der JazzZeitung.","sameAs":["http:\/\/www.jazzzeitung.de\/cms\/"],"url":"https:\/\/www.jazzzeitung.de\/cms\/author\/redaktion\/"}]}},"wp-worthy-pixel":{"ignored":false,"public":null,"server":null,"url":null},"wp-worthy-type":"normal","jetpack_publicize_connections":[],"cc_featured_image_caption":{"caption_text":"","source_text":"","source_url":""},"jetpack_featured_media_url":"https:\/\/i0.wp.com\/www.jazzzeitung.de\/cms\/wp-content\/uploads\/2021\/10\/JazzPortStefanie-Momo-beck-1.jpg?fit=756%2C505&ssl=1","jetpack_shortlink":"https:\/\/wp.me\/p3KEcT-6KR","jetpack-related-posts":[{"id":28386,"url":"https:\/\/www.jazzzeitung.de\/cms\/2022\/10\/jazzpreise-und-preistraegerkonzerte-im-suedwesten-andromeda-mega-express-orchestra-auf-deutschland-tour-jazzfest-muenchen-meets-jazz-now-blitzclub\/","url_meta":{"origin":25969,"position":0},"title":"+++ Jazzpreise und Preistr\u00e4gerkonzerte im S\u00fcdwesten +++ Andromeda Mega Express Orchestra auf Deutschland-Tour +++ Jazzfest M\u00fcnchen meets Jazz Now! \/ Blitzclub +++","author":"Redaktion JazzZeitung","date":"4. Oktober 2022","format":false,"excerpt":"+++ Jazzpreise und Preistr\u00e4gerkonzerte im S\u00fcdwesten +++ Der mit 15.000 Euro dotierte SWR-Jazzpreis geht 2022 an den in Berlin lebenden schwedischen Bassisten, Komponisten und Bandleader Petter Eldh. Der gemeinsam vom Land Rheinland-Pfalz und dem SWR vergebene Preis ist die \u00e4lteste Jazzauszeichnung im deutschsprachigen Raum. Am 10. Oktober findet diesbez\u00fcglich ein\u2026","rel":"","context":"In &quot;News&quot;","block_context":{"text":"News","link":"https:\/\/www.jazzzeitung.de\/cms\/thema\/nachrichten\/"},"img":{"alt_text":"","src":"https:\/\/i0.wp.com\/www.jazzzeitung.de\/cms\/wp-content\/uploads\/2022\/10\/HotStuff-1024x682-1.jpeg?fit=1024%2C682&ssl=1&resize=350%2C200","width":350,"height":200,"srcset":"https:\/\/i0.wp.com\/www.jazzzeitung.de\/cms\/wp-content\/uploads\/2022\/10\/HotStuff-1024x682-1.jpeg?fit=1024%2C682&ssl=1&resize=350%2C200 1x, https:\/\/i0.wp.com\/www.jazzzeitung.de\/cms\/wp-content\/uploads\/2022\/10\/HotStuff-1024x682-1.jpeg?fit=1024%2C682&ssl=1&resize=525%2C300 1.5x, https:\/\/i0.wp.com\/www.jazzzeitung.de\/cms\/wp-content\/uploads\/2022\/10\/HotStuff-1024x682-1.jpeg?fit=1024%2C682&ssl=1&resize=700%2C400 2x"},"classes":[]},{"id":15685,"url":"https:\/\/www.jazzzeitung.de\/cms\/2018\/04\/wr-jazzpreis-2018-fuer-saxofonist-sebastian-gille-in-koeln-lebender-musiker-erhaelt-den-aeltesten-jazzpreis-deutschlands\/","url_meta":{"origin":25969,"position":1},"title":"SWR Jazzpreis 2018 f\u00fcr Saxofonist Sebastian Gille","author":"Redaktion JazzZeitung","date":"19. April 2018","format":false,"excerpt":"Der Saxofonist Sebastian Gille erh\u00e4lt den je zur H\u00e4lfte vom Land Rheinland-Pfalz und vom S\u00fcdwestrundfunk gestifteten SWR Jazzpreis 2018. Die Auszeichnung wird ihm am 15. Oktober 2018 beim Internationalen Festival \"Enjoy Jazz\" in Ludwigshafen \u00fcberreicht. Im Preistr\u00e4gerkonzert wird Sebastian Gille mit seinem Quartett (Elias Stemeseder, Klavier; Robert Landfermann, Kontrabass und\u2026","rel":"","context":"In &quot;Bericht&quot;","block_context":{"text":"Bericht","link":"https:\/\/www.jazzzeitung.de\/cms\/thema\/bericht\/"},"img":{"alt_text":"","src":"https:\/\/i0.wp.com\/www.jazzzeitung.de\/cms\/wp-content\/uploads\/2018\/04\/Gille_SWR_Jazzpreis_2018.jpg?fit=1200%2C792&ssl=1&resize=350%2C200","width":350,"height":200,"srcset":"https:\/\/i0.wp.com\/www.jazzzeitung.de\/cms\/wp-content\/uploads\/2018\/04\/Gille_SWR_Jazzpreis_2018.jpg?fit=1200%2C792&ssl=1&resize=350%2C200 1x, https:\/\/i0.wp.com\/www.jazzzeitung.de\/cms\/wp-content\/uploads\/2018\/04\/Gille_SWR_Jazzpreis_2018.jpg?fit=1200%2C792&ssl=1&resize=525%2C300 1.5x, https:\/\/i0.wp.com\/www.jazzzeitung.de\/cms\/wp-content\/uploads\/2018\/04\/Gille_SWR_Jazzpreis_2018.jpg?fit=1200%2C792&ssl=1&resize=700%2C400 2x, https:\/\/i0.wp.com\/www.jazzzeitung.de\/cms\/wp-content\/uploads\/2018\/04\/Gille_SWR_Jazzpreis_2018.jpg?fit=1200%2C792&ssl=1&resize=1050%2C600 3x"},"classes":[]},{"id":12111,"url":"https:\/\/www.jazzzeitung.de\/cms\/2017\/04\/12111\/","url_meta":{"origin":25969,"position":2},"title":"+++ Neuer Deutscher Jazzpreis in Mannheim vergeben +++","author":"Redaktion JazzZeitung","date":"12. April 2017","format":false,"excerpt":"Neuer Deutscher Jazzpreis in Mannheim vergeben Im Jahr 2017 vergab die IG Jazz Rhein-Neckar e.V. in Kooperation mit der Alten Feuerwache Mannheim gGmbH bereits zum zw\u00f6lften Mal den Neuen Deutschen Jazzpreis, den einzigen Publikumspreis der deutschen Jazzszene. Gewinner des Neuen Deutschen Jazzpreises Mannheim wurde das Tamara Lukasheva Quartett mit Tamara\u2026","rel":"","context":"In &quot;News&quot;","block_context":{"text":"News","link":"https:\/\/www.jazzzeitung.de\/cms\/thema\/nachrichten\/"},"img":{"alt_text":"","src":"","width":0,"height":0},"classes":[]},{"id":8783,"url":"https:\/\/www.jazzzeitung.de\/cms\/2016\/03\/neuer-deutscher-jazzpreis-mannheim-2016-die-gewinner\/","url_meta":{"origin":25969,"position":3},"title":"Neuer Deutscher Jazzpreis Mannheim 2016: die Gewinner","author":"Redaktion JazzZeitung","date":"21. M\u00e4rz 2016","format":false,"excerpt":"Bereits zum elften Mal fand am 18. und 19. M\u00e4rz 2016 in Mannheim das Festival des von der IG Jazz ausgeschriebenen Neuen Deutschen Jazzpreises statt. Es war wie auch in den Vorjahren ein voller Erfolg. Am Samstag Abend w\u00e4hlten die Zuschauer nach drei hochklassigen Konzerten in der ausverkauften Alten Feuerwache\u2026","rel":"","context":"In &quot;News&quot;","block_context":{"text":"News","link":"https:\/\/www.jazzzeitung.de\/cms\/thema\/nachrichten\/"},"img":{"alt_text":"Rainer_Boehm01","src":"https:\/\/i0.wp.com\/www.jazzzeitung.de\/cms\/wp-content\/uploads\/2016\/03\/rainer_b%C3%B6hm-150x150.jpg?resize=350%2C200","width":350,"height":200},"classes":[]},{"id":9715,"url":"https:\/\/www.jazzzeitung.de\/cms\/2016\/07\/neuer-deutscher-jazzpreis-mannheim-2017\/","url_meta":{"origin":25969,"position":4},"title":"Neuer Deutscher Jazzpreis Mannheim 2017","author":"Redaktion JazzZeitung","date":"21. Juli 2016","format":false,"excerpt":"Im Jahr 2017 vergibt die IG Jazz Rhein-Neckar e.V. in Kooperation mit der Alten Feuerwache Mannheim gGmbH bereits zum zw\u00f6lften Mal den Neuen Deutschen Jazzpreis. Das Festivalwochenende findet am 7. und 8. April 2017 in der Alten Feuerwache Mannheim statt. Es ist mit 10.000.- Euro der h\u00f6chstdotierte Bandpreis f\u00fcr professionelle\u2026","rel":"","context":"In &quot;News&quot;","block_context":{"text":"News","link":"https:\/\/www.jazzzeitung.de\/cms\/thema\/nachrichten\/"},"img":{"alt_text":"logo_ndjazzpreis","src":"https:\/\/i0.wp.com\/www.jazzzeitung.de\/cms\/wp-content\/uploads\/2016\/07\/logo_ndjazzpreis-150x150.jpg?resize=350%2C200","width":350,"height":200},"classes":[]},{"id":15456,"url":"https:\/\/www.jazzzeitung.de\/cms\/2018\/03\/neuer-deutscher-jazzpreis-mannheim-2018\/","url_meta":{"origin":25969,"position":5},"title":"Neuer Deutscher Jazzpreis Mannheim 2018","author":"Redaktion JazzZeitung","date":"26. M\u00e4rz 2018","format":false,"excerpt":"Am 23. und 24. M\u00e4rz fand in der alten Feuerwache in Mannheim zum dreizehnten Mal der Neue Deutsche Jazzpreis statt. Am Freitag w\u00e4hlte das Publikum den Gewinner des Neuen Deutschen Kompositionspreises, am Samstag die Gewinner des Neuen Deutschen Jazzpreises. Gewinner des L-Bank-Bandpreises in Ho\u0308he von 10.000 Euro wurde das Vincent\u2026","rel":"","context":"In &quot;News&quot;","block_context":{"text":"News","link":"https:\/\/www.jazzzeitung.de\/cms\/thema\/nachrichten\/"},"img":{"alt_text":"","src":"https:\/\/i0.wp.com\/www.jazzzeitung.de\/cms\/wp-content\/uploads\/2018\/03\/Eberle_Quintett_Copyright_Konni_Kern.jpg?fit=1200%2C800&ssl=1&resize=350%2C200","width":350,"height":200,"srcset":"https:\/\/i0.wp.com\/www.jazzzeitung.de\/cms\/wp-content\/uploads\/2018\/03\/Eberle_Quintett_Copyright_Konni_Kern.jpg?fit=1200%2C800&ssl=1&resize=350%2C200 1x, https:\/\/i0.wp.com\/www.jazzzeitung.de\/cms\/wp-content\/uploads\/2018\/03\/Eberle_Quintett_Copyright_Konni_Kern.jpg?fit=1200%2C800&ssl=1&resize=525%2C300 1.5x, https:\/\/i0.wp.com\/www.jazzzeitung.de\/cms\/wp-content\/uploads\/2018\/03\/Eberle_Quintett_Copyright_Konni_Kern.jpg?fit=1200%2C800&ssl=1&resize=700%2C400 2x, https:\/\/i0.wp.com\/www.jazzzeitung.de\/cms\/wp-content\/uploads\/2018\/03\/Eberle_Quintett_Copyright_Konni_Kern.jpg?fit=1200%2C800&ssl=1&resize=1050%2C600 3x"},"classes":[]}],"jetpack_sharing_enabled":true,"_links":{"self":[{"href":"https:\/\/www.jazzzeitung.de\/cms\/wp-json\/wp\/v2\/posts\/25969","targetHints":{"allow":["GET"]}}],"collection":[{"href":"https:\/\/www.jazzzeitung.de\/cms\/wp-json\/wp\/v2\/posts"}],"about":[{"href":"https:\/\/www.jazzzeitung.de\/cms\/wp-json\/wp\/v2\/types\/post"}],"author":[{"embeddable":true,"href":"https:\/\/www.jazzzeitung.de\/cms\/wp-json\/wp\/v2\/users\/18"}],"replies":[{"embeddable":true,"href":"https:\/\/www.jazzzeitung.de\/cms\/wp-json\/wp\/v2\/comments?post=25969"}],"version-history":[{"count":6,"href":"https:\/\/www.jazzzeitung.de\/cms\/wp-json\/wp\/v2\/posts\/25969\/revisions"}],"predecessor-version":[{"id":25977,"href":"https:\/\/www.jazzzeitung.de\/cms\/wp-json\/wp\/v2\/posts\/25969\/revisions\/25977"}],"wp:featuredmedia":[{"embeddable":true,"href":"https:\/\/www.jazzzeitung.de\/cms\/wp-json\/wp\/v2\/media\/25974"}],"wp:attachment":[{"href":"https:\/\/www.jazzzeitung.de\/cms\/wp-json\/wp\/v2\/media?parent=25969"}],"wp:term":[{"taxonomy":"category","embeddable":true,"href":"https:\/\/www.jazzzeitung.de\/cms\/wp-json\/wp\/v2\/categories?post=25969"},{"taxonomy":"post_tag","embeddable":true,"href":"https:\/\/www.jazzzeitung.de\/cms\/wp-json\/wp\/v2\/tags?post=25969"},{"taxonomy":"author","embeddable":true,"href":"https:\/\/www.jazzzeitung.de\/cms\/wp-json\/wp\/v2\/coauthors?post=25969"}],"curies":[{"name":"wp","href":"https:\/\/api.w.org\/{rel}","templated":true}]}}