{"id":2590,"date":"2013-10-31T15:08:08","date_gmt":"2013-10-31T14:08:08","guid":{"rendered":"http:\/\/www.jazzzeitung.de\/cms\/?p=2590"},"modified":"2013-10-31T15:24:20","modified_gmt":"2013-10-31T14:24:20","slug":"neues-aus-moers-2","status":"publish","type":"post","link":"https:\/\/www.jazzzeitung.de\/cms\/2013\/10\/neues-aus-moers-2\/","title":{"rendered":"Neues aus Moers"},"content":{"rendered":"<p>In Moers wird gebaut. Die Umbauten in der neue Festivalhalle haben begonnen. Aktuell wird noch nicht um- sondern nur zur\u00fcckgebaut was langj\u00e4hrige Nutzung als Theater und Tennishalle \u00fcbrig gelassen haben. Zum Umzug des Moers Festivals 2014 vom gewohnten Zelt in eine feste Halle haben wohl verschiedene Gr\u00fcnde gef\u00fchrt.<\/p>\n<p><a href=\"https:\/\/i0.wp.com\/www.jazzzeitung.de\/cms\/wp-content\/uploads\/2013\/10\/Moers-Festival.jpg\"><img data-recalc-dims=\"1\" loading=\"lazy\" decoding=\"async\" data-attachment-id=\"2588\" data-permalink=\"https:\/\/www.jazzzeitung.de\/cms\/moers-festival\/\" data-orig-file=\"https:\/\/i0.wp.com\/www.jazzzeitung.de\/cms\/wp-content\/uploads\/2013\/10\/Moers-Festival.jpg?fit=600%2C375&amp;ssl=1\" data-orig-size=\"600,375\" data-comments-opened=\"1\" data-image-meta=\"{&quot;aperture&quot;:&quot;0&quot;,&quot;credit&quot;:&quot;&quot;,&quot;camera&quot;:&quot;&quot;,&quot;caption&quot;:&quot;&quot;,&quot;created_timestamp&quot;:&quot;0&quot;,&quot;copyright&quot;:&quot;&quot;,&quot;focal_length&quot;:&quot;0&quot;,&quot;iso&quot;:&quot;0&quot;,&quot;shutter_speed&quot;:&quot;0&quot;,&quot;title&quot;:&quot;&quot;}\" data-image-title=\"Moers Festival\" data-image-description=\"\" data-image-caption=\"\" data-large-file=\"https:\/\/i0.wp.com\/www.jazzzeitung.de\/cms\/wp-content\/uploads\/2013\/10\/Moers-Festival.jpg?fit=600%2C375&amp;ssl=1\" class=\"alignright size-thumbnail wp-image-2588\" alt=\"Moers Festival\" src=\"https:\/\/i0.wp.com\/www.jazzzeitung.de\/cms\/wp-content\/uploads\/2013\/10\/Moers-Festival-150x150.jpg?resize=150%2C150\" width=\"150\" height=\"150\" srcset=\"https:\/\/i0.wp.com\/www.jazzzeitung.de\/cms\/wp-content\/uploads\/2013\/10\/Moers-Festival.jpg?resize=150%2C150&amp;ssl=1 150w, https:\/\/i0.wp.com\/www.jazzzeitung.de\/cms\/wp-content\/uploads\/2013\/10\/Moers-Festival.jpg?resize=96%2C96&amp;ssl=1 96w, https:\/\/i0.wp.com\/www.jazzzeitung.de\/cms\/wp-content\/uploads\/2013\/10\/Moers-Festival.jpg?resize=24%2C24&amp;ssl=1 24w, https:\/\/i0.wp.com\/www.jazzzeitung.de\/cms\/wp-content\/uploads\/2013\/10\/Moers-Festival.jpg?resize=36%2C36&amp;ssl=1 36w, https:\/\/i0.wp.com\/www.jazzzeitung.de\/cms\/wp-content\/uploads\/2013\/10\/Moers-Festival.jpg?resize=48%2C48&amp;ssl=1 48w, https:\/\/i0.wp.com\/www.jazzzeitung.de\/cms\/wp-content\/uploads\/2013\/10\/Moers-Festival.jpg?resize=64%2C64&amp;ssl=1 64w, https:\/\/i0.wp.com\/www.jazzzeitung.de\/cms\/wp-content\/uploads\/2013\/10\/Moers-Festival.jpg?resize=32%2C32&amp;ssl=1 32w, https:\/\/i0.wp.com\/www.jazzzeitung.de\/cms\/wp-content\/uploads\/2013\/10\/Moers-Festival.jpg?resize=128%2C128&amp;ssl=1 128w, https:\/\/i0.wp.com\/www.jazzzeitung.de\/cms\/wp-content\/uploads\/2013\/10\/Moers-Festival.jpg?zoom=2&amp;resize=150%2C150&amp;ssl=1 300w, https:\/\/i0.wp.com\/www.jazzzeitung.de\/cms\/wp-content\/uploads\/2013\/10\/Moers-Festival.jpg?zoom=3&amp;resize=150%2C150&amp;ssl=1 450w\" sizes=\"auto, (max-width: 150px) 100vw, 150px\" \/><\/a>\u00dcber die Jahre hatten sich die Kosten f\u00fcr die Bewachung des Gel\u00e4ndes so stark erh\u00f6ht, dass sogar K\u00fcrzungen bez\u00fcglich des Programms n\u00f6tig waren um das stemmen zu k\u00f6nnen. Der j\u00e4hrliche Zuschuss durch die Stadt f\u00fcr das n\u00e4chste Jahr wurde um 50% gek\u00fcrzt, was Einsparungen beim Festivalprogramm erforderlich macht. Ob es daf\u00fcr keinen anderen Posten g\u00e4be sei dahingestellt.<\/p>\n<p>Ein weiterer Punkt ist die Akustik. Die kann nat\u00fcrlich in einem festen Bau mit geringerem Aufwand besser kontrolliert werden. Leisere Programmpunkte, die in einem Zelt keinen Sinn machen, sind jetzt im Bereich des M\u00f6glichen. Dass durch den Umzug weniger G\u00e4ste am Festival teilnehmen k\u00f6nnen und das bisherige Flair des Moers Festivals verloren gehen k\u00f6nnte ist klar. Reiner Michalke, der k\u00fcnstlerische Leiter des Festivals nennt das \u00fcbrigens eine \u201eschon fast historische Chance, das Festival neu erfinden zu k\u00f6nnen.\u201c F\u00fcr den Umbau stellt die Bundesregierung einen Zuschuss in H\u00f6he von 500.000 Euro zur Verf\u00fcgung.<\/p>\n<p>Es gibt noch mehr Neues aus Moers:<\/p>\n<p>F\u00fcr 2014 wird es wieder einen Kalender mit zw\u00f6lf (plus eins) Portraits von Musikerinnen und Musikern des diesj\u00e4hrigen Moers Festivals geben. Die Aufnahmen stammen von Frank Schemmann, der die Musikerinnen und Musiker direkt nach ihrem Auftritt in sein improvisiertes Studio hinter der B\u00fchne eingeladen hatte.<\/p>\n<p>Anfang Dezember wird man au\u00dferdem wieder das Early-Bird-Ticket kaufen k\u00f6nnen. Noch ist nicht klar ob das Festival wieder mit vier regul\u00e4ren Tagen veranstaltet wird oder nicht, deshalb steht auch noch kein genauer Preis fest. Sicher ist aber eine Preiserh\u00f6hung um ca. 10%.<\/p>\n","protected":false},"excerpt":{"rendered":"<p>In Moers wird gebaut. Die Umbauten in der neue Festivalhalle haben begonnen. Aktuell wird noch nicht um- sondern nur zur\u00fcckgebaut was langj\u00e4hrige Nutzung als Theater und Tennishalle \u00fcbrig gelassen haben. Zum Umzug des Moers Festivals 2014 vom gewohnten Zelt in eine feste Halle haben wohl verschiedene Gr\u00fcnde gef\u00fchrt. \u00dcber die Jahre hatten sich die Kosten f\u00fcr die Bewachung des Gel\u00e4ndes so stark erh\u00f6ht, dass sogar K\u00fcrzungen bez\u00fcglich des Programms n\u00f6tig waren um das stemmen zu k\u00f6nnen. Der j\u00e4hrliche Zuschuss durch die Stadt f\u00fcr das n\u00e4chste Jahr wurde um 50% gek\u00fcrzt, was Einsparungen beim Festivalprogramm erforderlich macht. Ob es daf\u00fcr keinen anderen Posten g\u00e4be sei dahingestellt. Ein weiterer Punkt ist die Akustik. Die kann nat\u00fcrlich in einem festen Bau mit geringerem Aufwand besser kontrolliert werden. Leisere Programmpunkte, die in einem Zelt keinen Sinn machen, sind jetzt im Bereich des M\u00f6glichen. Dass durch den Umzug weniger G\u00e4ste am Festival teilnehmen k\u00f6nnen und das bisherige Flair des Moers Festivals verloren gehen k\u00f6nnte ist klar. Reiner Michalke, der k\u00fcnstlerische Leiter des Festivals nennt das \u00fcbrigens eine \u201eschon fast historische Chance, das Festival neu erfinden zu k\u00f6nnen.\u201c F\u00fcr den Umbau &hellip;<\/p>\n","protected":false},"author":18,"featured_media":0,"comment_status":"open","ping_status":"closed","sticky":false,"template":"","format":"standard","meta":{"_jetpack_memberships_contains_paid_content":false,"footnotes":"","jetpack_publicize_message":"","jetpack_publicize_feature_enabled":true,"jetpack_social_post_already_shared":false,"jetpack_social_options":{"image_generator_settings":{"template":"highway","default_image_id":0,"font":"","enabled":false},"version":2}},"categories":[633],"tags":[103,750,3,748,682,214,396,397,749],"coauthors":[695],"class_list":["post-2590","post","type-post","status-publish","format-standard","hentry","category-nachrichten","tag-bundesregierung","tag-early-bird-ticket","tag-festival","tag-festivalhalle","tag-festivals","tag-halle","tag-moers","tag-moers-festival","tag-moers-festival-kalender"],"yoast_head":"<!-- This site is optimized with the Yoast SEO plugin v27.5 - https:\/\/yoast.com\/product\/yoast-seo-wordpress\/ -->\n<title>Neues aus Moers - JazzZeitung<\/title>\n<meta name=\"robots\" content=\"index, follow, max-snippet:-1, max-image-preview:large, max-video-preview:-1\" \/>\n<link rel=\"canonical\" href=\"https:\/\/www.jazzzeitung.de\/cms\/2013\/10\/neues-aus-moers-2\/\" \/>\n<meta property=\"og:locale\" content=\"de_DE\" \/>\n<meta property=\"og:type\" content=\"article\" \/>\n<meta property=\"og:title\" content=\"Neues aus Moers - JazzZeitung\" \/>\n<meta property=\"og:description\" content=\"In Moers wird gebaut. Die Umbauten in der neue Festivalhalle haben begonnen. Aktuell wird noch nicht um- sondern nur zur\u00fcckgebaut was langj\u00e4hrige Nutzung als Theater und Tennishalle \u00fcbrig gelassen haben. Zum Umzug des Moers Festivals 2014 vom gewohnten Zelt in eine feste Halle haben wohl verschiedene Gr\u00fcnde gef\u00fchrt. \u00dcber die Jahre hatten sich die Kosten f\u00fcr die Bewachung des Gel\u00e4ndes so stark erh\u00f6ht, dass sogar K\u00fcrzungen bez\u00fcglich des Programms n\u00f6tig waren um das stemmen zu k\u00f6nnen. Der j\u00e4hrliche Zuschuss durch die Stadt f\u00fcr das n\u00e4chste Jahr wurde um 50% gek\u00fcrzt, was Einsparungen beim Festivalprogramm erforderlich macht. Ob es daf\u00fcr keinen anderen Posten g\u00e4be sei dahingestellt. Ein weiterer Punkt ist die Akustik. Die kann nat\u00fcrlich in einem festen Bau mit geringerem Aufwand besser kontrolliert werden. Leisere Programmpunkte, die in einem Zelt keinen Sinn machen, sind jetzt im Bereich des M\u00f6glichen. Dass durch den Umzug weniger G\u00e4ste am Festival teilnehmen k\u00f6nnen und das bisherige Flair des Moers Festivals verloren gehen k\u00f6nnte ist klar. Reiner Michalke, der k\u00fcnstlerische Leiter des Festivals nennt das \u00fcbrigens eine \u201eschon fast historische Chance, das Festival neu erfinden zu k\u00f6nnen.\u201c F\u00fcr den Umbau &hellip;\" \/>\n<meta property=\"og:url\" content=\"https:\/\/www.jazzzeitung.de\/cms\/2013\/10\/neues-aus-moers-2\/\" \/>\n<meta property=\"og:site_name\" content=\"JazzZeitung\" \/>\n<meta property=\"article:publisher\" content=\"https:\/\/www.facebook.com\/JazzZeitung\/\" \/>\n<meta property=\"article:published_time\" content=\"2013-10-31T14:08:08+00:00\" \/>\n<meta property=\"article:modified_time\" content=\"2013-10-31T14:24:20+00:00\" \/>\n<meta property=\"og:image\" content=\"http:\/\/www.jazzzeitung.de\/cms\/wp-content\/uploads\/2013\/10\/Moers-Festival-150x150.jpg\" \/>\n<meta name=\"author\" content=\"Redaktion JazzZeitung\" \/>\n<script type=\"application\/ld+json\" class=\"yoast-schema-graph\">{\"@context\":\"https:\\\/\\\/schema.org\",\"@graph\":[{\"@type\":\"Article\",\"@id\":\"https:\\\/\\\/www.jazzzeitung.de\\\/cms\\\/2013\\\/10\\\/neues-aus-moers-2\\\/#article\",\"isPartOf\":{\"@id\":\"https:\\\/\\\/www.jazzzeitung.de\\\/cms\\\/2013\\\/10\\\/neues-aus-moers-2\\\/\"},\"author\":{\"name\":\"Redaktion JazzZeitung\",\"@id\":\"https:\\\/\\\/www.jazzzeitung.de\\\/cms\\\/#\\\/schema\\\/person\\\/2245b36b9cd1d24cea10f01c031fb92b\"},\"headline\":\"Neues aus Moers\",\"datePublished\":\"2013-10-31T14:08:08+00:00\",\"dateModified\":\"2013-10-31T14:24:20+00:00\",\"mainEntityOfPage\":{\"@id\":\"https:\\\/\\\/www.jazzzeitung.de\\\/cms\\\/2013\\\/10\\\/neues-aus-moers-2\\\/\"},\"wordCount\":324,\"commentCount\":0,\"publisher\":{\"@id\":\"https:\\\/\\\/www.jazzzeitung.de\\\/cms\\\/#organization\"},\"image\":{\"@id\":\"https:\\\/\\\/www.jazzzeitung.de\\\/cms\\\/2013\\\/10\\\/neues-aus-moers-2\\\/#primaryimage\"},\"thumbnailUrl\":\"http:\\\/\\\/www.jazzzeitung.de\\\/cms\\\/wp-content\\\/uploads\\\/2013\\\/10\\\/Moers-Festival-150x150.jpg\",\"keywords\":[\"Bundesregierung\",\"Early-bird-Ticket\",\"Festival\",\"Festivalhalle\",\"Festivals\",\"Halle\",\"Moers\",\"Moers Festival\",\"moers festival-Kalender\"],\"articleSection\":[\"News\"],\"inLanguage\":\"de\",\"potentialAction\":[{\"@type\":\"CommentAction\",\"name\":\"Comment\",\"target\":[\"https:\\\/\\\/www.jazzzeitung.de\\\/cms\\\/2013\\\/10\\\/neues-aus-moers-2\\\/#respond\"]}]},{\"@type\":\"WebPage\",\"@id\":\"https:\\\/\\\/www.jazzzeitung.de\\\/cms\\\/2013\\\/10\\\/neues-aus-moers-2\\\/\",\"url\":\"https:\\\/\\\/www.jazzzeitung.de\\\/cms\\\/2013\\\/10\\\/neues-aus-moers-2\\\/\",\"name\":\"Neues aus Moers - JazzZeitung\",\"isPartOf\":{\"@id\":\"https:\\\/\\\/www.jazzzeitung.de\\\/cms\\\/#website\"},\"primaryImageOfPage\":{\"@id\":\"https:\\\/\\\/www.jazzzeitung.de\\\/cms\\\/2013\\\/10\\\/neues-aus-moers-2\\\/#primaryimage\"},\"image\":{\"@id\":\"https:\\\/\\\/www.jazzzeitung.de\\\/cms\\\/2013\\\/10\\\/neues-aus-moers-2\\\/#primaryimage\"},\"thumbnailUrl\":\"http:\\\/\\\/www.jazzzeitung.de\\\/cms\\\/wp-content\\\/uploads\\\/2013\\\/10\\\/Moers-Festival-150x150.jpg\",\"datePublished\":\"2013-10-31T14:08:08+00:00\",\"dateModified\":\"2013-10-31T14:24:20+00:00\",\"breadcrumb\":{\"@id\":\"https:\\\/\\\/www.jazzzeitung.de\\\/cms\\\/2013\\\/10\\\/neues-aus-moers-2\\\/#breadcrumb\"},\"inLanguage\":\"de\",\"potentialAction\":[{\"@type\":\"ReadAction\",\"target\":[\"https:\\\/\\\/www.jazzzeitung.de\\\/cms\\\/2013\\\/10\\\/neues-aus-moers-2\\\/\"]}]},{\"@type\":\"ImageObject\",\"inLanguage\":\"de\",\"@id\":\"https:\\\/\\\/www.jazzzeitung.de\\\/cms\\\/2013\\\/10\\\/neues-aus-moers-2\\\/#primaryimage\",\"url\":\"http:\\\/\\\/www.jazzzeitung.de\\\/cms\\\/wp-content\\\/uploads\\\/2013\\\/10\\\/Moers-Festival-150x150.jpg\",\"contentUrl\":\"http:\\\/\\\/www.jazzzeitung.de\\\/cms\\\/wp-content\\\/uploads\\\/2013\\\/10\\\/Moers-Festival-150x150.jpg\"},{\"@type\":\"BreadcrumbList\",\"@id\":\"https:\\\/\\\/www.jazzzeitung.de\\\/cms\\\/2013\\\/10\\\/neues-aus-moers-2\\\/#breadcrumb\",\"itemListElement\":[{\"@type\":\"ListItem\",\"position\":1,\"name\":\"Startseite\",\"item\":\"https:\\\/\\\/www.jazzzeitung.de\\\/cms\\\/\"},{\"@type\":\"ListItem\",\"position\":2,\"name\":\"Neues aus Moers\"}]},{\"@type\":\"WebSite\",\"@id\":\"https:\\\/\\\/www.jazzzeitung.de\\\/cms\\\/#website\",\"url\":\"https:\\\/\\\/www.jazzzeitung.de\\\/cms\\\/\",\"name\":\"JazzZeitung\",\"description\":\"Jazz-News und Jazz-Kontroverses\",\"publisher\":{\"@id\":\"https:\\\/\\\/www.jazzzeitung.de\\\/cms\\\/#organization\"},\"potentialAction\":[{\"@type\":\"SearchAction\",\"target\":{\"@type\":\"EntryPoint\",\"urlTemplate\":\"https:\\\/\\\/www.jazzzeitung.de\\\/cms\\\/?s={search_term_string}\"},\"query-input\":{\"@type\":\"PropertyValueSpecification\",\"valueRequired\":true,\"valueName\":\"search_term_string\"}}],\"inLanguage\":\"de\"},{\"@type\":\"Organization\",\"@id\":\"https:\\\/\\\/www.jazzzeitung.de\\\/cms\\\/#organization\",\"name\":\"JazzZeitung online\",\"url\":\"https:\\\/\\\/www.jazzzeitung.de\\\/cms\\\/\",\"logo\":{\"@type\":\"ImageObject\",\"inLanguage\":\"de\",\"@id\":\"https:\\\/\\\/www.jazzzeitung.de\\\/cms\\\/#\\\/schema\\\/logo\\\/image\\\/\",\"url\":\"https:\\\/\\\/i0.wp.com\\\/www.jazzzeitung.de\\\/cms\\\/wp-content\\\/uploads\\\/2015\\\/08\\\/JAZZZEITUNGDE_Logo_Neu.png?fit=499%2C200&ssl=1\",\"contentUrl\":\"https:\\\/\\\/i0.wp.com\\\/www.jazzzeitung.de\\\/cms\\\/wp-content\\\/uploads\\\/2015\\\/08\\\/JAZZZEITUNGDE_Logo_Neu.png?fit=499%2C200&ssl=1\",\"width\":499,\"height\":200,\"caption\":\"JazzZeitung online\"},\"image\":{\"@id\":\"https:\\\/\\\/www.jazzzeitung.de\\\/cms\\\/#\\\/schema\\\/logo\\\/image\\\/\"},\"sameAs\":[\"https:\\\/\\\/www.facebook.com\\\/JazzZeitung\\\/\"]},{\"@type\":\"Person\",\"@id\":\"https:\\\/\\\/www.jazzzeitung.de\\\/cms\\\/#\\\/schema\\\/person\\\/2245b36b9cd1d24cea10f01c031fb92b\",\"name\":\"Redaktion JazzZeitung\",\"image\":{\"@type\":\"ImageObject\",\"inLanguage\":\"de\",\"@id\":\"https:\\\/\\\/i0.wp.com\\\/www.jazzzeitung.de\\\/cms\\\/wp-content\\\/uploads\\\/2015\\\/08\\\/JAZZZEITUNGDE_Logo_Neu.png?resize=96%2C96&ssl=159975dcacb611b5700bd619b5daf0a7a\",\"url\":\"https:\\\/\\\/i0.wp.com\\\/www.jazzzeitung.de\\\/cms\\\/wp-content\\\/uploads\\\/2015\\\/08\\\/JAZZZEITUNGDE_Logo_Neu.png?resize=96%2C96&ssl=1\",\"contentUrl\":\"https:\\\/\\\/i0.wp.com\\\/www.jazzzeitung.de\\\/cms\\\/wp-content\\\/uploads\\\/2015\\\/08\\\/JAZZZEITUNGDE_Logo_Neu.png?resize=96%2C96&ssl=1\",\"caption\":\"Redaktion JazzZeitung\"},\"description\":\"Artikel der Redaktion der JazzZeitung.\",\"sameAs\":[\"http:\\\/\\\/www.jazzzeitung.de\\\/cms\\\/\"],\"url\":\"https:\\\/\\\/www.jazzzeitung.de\\\/cms\\\/author\\\/redaktion\\\/\"}]}<\/script>\n<!-- \/ Yoast SEO plugin. -->","yoast_head_json":{"title":"Neues aus Moers - JazzZeitung","robots":{"index":"index","follow":"follow","max-snippet":"max-snippet:-1","max-image-preview":"max-image-preview:large","max-video-preview":"max-video-preview:-1"},"canonical":"https:\/\/www.jazzzeitung.de\/cms\/2013\/10\/neues-aus-moers-2\/","og_locale":"de_DE","og_type":"article","og_title":"Neues aus Moers - JazzZeitung","og_description":"In Moers wird gebaut. Die Umbauten in der neue Festivalhalle haben begonnen. Aktuell wird noch nicht um- sondern nur zur\u00fcckgebaut was langj\u00e4hrige Nutzung als Theater und Tennishalle \u00fcbrig gelassen haben. Zum Umzug des Moers Festivals 2014 vom gewohnten Zelt in eine feste Halle haben wohl verschiedene Gr\u00fcnde gef\u00fchrt. \u00dcber die Jahre hatten sich die Kosten f\u00fcr die Bewachung des Gel\u00e4ndes so stark erh\u00f6ht, dass sogar K\u00fcrzungen bez\u00fcglich des Programms n\u00f6tig waren um das stemmen zu k\u00f6nnen. Der j\u00e4hrliche Zuschuss durch die Stadt f\u00fcr das n\u00e4chste Jahr wurde um 50% gek\u00fcrzt, was Einsparungen beim Festivalprogramm erforderlich macht. Ob es daf\u00fcr keinen anderen Posten g\u00e4be sei dahingestellt. Ein weiterer Punkt ist die Akustik. Die kann nat\u00fcrlich in einem festen Bau mit geringerem Aufwand besser kontrolliert werden. Leisere Programmpunkte, die in einem Zelt keinen Sinn machen, sind jetzt im Bereich des M\u00f6glichen. Dass durch den Umzug weniger G\u00e4ste am Festival teilnehmen k\u00f6nnen und das bisherige Flair des Moers Festivals verloren gehen k\u00f6nnte ist klar. Reiner Michalke, der k\u00fcnstlerische Leiter des Festivals nennt das \u00fcbrigens eine \u201eschon fast historische Chance, das Festival neu erfinden zu k\u00f6nnen.\u201c F\u00fcr den Umbau &hellip;","og_url":"https:\/\/www.jazzzeitung.de\/cms\/2013\/10\/neues-aus-moers-2\/","og_site_name":"JazzZeitung","article_publisher":"https:\/\/www.facebook.com\/JazzZeitung\/","article_published_time":"2013-10-31T14:08:08+00:00","article_modified_time":"2013-10-31T14:24:20+00:00","og_image":[{"url":"http:\/\/www.jazzzeitung.de\/cms\/wp-content\/uploads\/2013\/10\/Moers-Festival-150x150.jpg","type":"","width":"","height":""}],"author":"Redaktion JazzZeitung","schema":{"@context":"https:\/\/schema.org","@graph":[{"@type":"Article","@id":"https:\/\/www.jazzzeitung.de\/cms\/2013\/10\/neues-aus-moers-2\/#article","isPartOf":{"@id":"https:\/\/www.jazzzeitung.de\/cms\/2013\/10\/neues-aus-moers-2\/"},"author":{"name":"Redaktion JazzZeitung","@id":"https:\/\/www.jazzzeitung.de\/cms\/#\/schema\/person\/2245b36b9cd1d24cea10f01c031fb92b"},"headline":"Neues aus Moers","datePublished":"2013-10-31T14:08:08+00:00","dateModified":"2013-10-31T14:24:20+00:00","mainEntityOfPage":{"@id":"https:\/\/www.jazzzeitung.de\/cms\/2013\/10\/neues-aus-moers-2\/"},"wordCount":324,"commentCount":0,"publisher":{"@id":"https:\/\/www.jazzzeitung.de\/cms\/#organization"},"image":{"@id":"https:\/\/www.jazzzeitung.de\/cms\/2013\/10\/neues-aus-moers-2\/#primaryimage"},"thumbnailUrl":"http:\/\/www.jazzzeitung.de\/cms\/wp-content\/uploads\/2013\/10\/Moers-Festival-150x150.jpg","keywords":["Bundesregierung","Early-bird-Ticket","Festival","Festivalhalle","Festivals","Halle","Moers","Moers Festival","moers festival-Kalender"],"articleSection":["News"],"inLanguage":"de","potentialAction":[{"@type":"CommentAction","name":"Comment","target":["https:\/\/www.jazzzeitung.de\/cms\/2013\/10\/neues-aus-moers-2\/#respond"]}]},{"@type":"WebPage","@id":"https:\/\/www.jazzzeitung.de\/cms\/2013\/10\/neues-aus-moers-2\/","url":"https:\/\/www.jazzzeitung.de\/cms\/2013\/10\/neues-aus-moers-2\/","name":"Neues aus Moers - JazzZeitung","isPartOf":{"@id":"https:\/\/www.jazzzeitung.de\/cms\/#website"},"primaryImageOfPage":{"@id":"https:\/\/www.jazzzeitung.de\/cms\/2013\/10\/neues-aus-moers-2\/#primaryimage"},"image":{"@id":"https:\/\/www.jazzzeitung.de\/cms\/2013\/10\/neues-aus-moers-2\/#primaryimage"},"thumbnailUrl":"http:\/\/www.jazzzeitung.de\/cms\/wp-content\/uploads\/2013\/10\/Moers-Festival-150x150.jpg","datePublished":"2013-10-31T14:08:08+00:00","dateModified":"2013-10-31T14:24:20+00:00","breadcrumb":{"@id":"https:\/\/www.jazzzeitung.de\/cms\/2013\/10\/neues-aus-moers-2\/#breadcrumb"},"inLanguage":"de","potentialAction":[{"@type":"ReadAction","target":["https:\/\/www.jazzzeitung.de\/cms\/2013\/10\/neues-aus-moers-2\/"]}]},{"@type":"ImageObject","inLanguage":"de","@id":"https:\/\/www.jazzzeitung.de\/cms\/2013\/10\/neues-aus-moers-2\/#primaryimage","url":"http:\/\/www.jazzzeitung.de\/cms\/wp-content\/uploads\/2013\/10\/Moers-Festival-150x150.jpg","contentUrl":"http:\/\/www.jazzzeitung.de\/cms\/wp-content\/uploads\/2013\/10\/Moers-Festival-150x150.jpg"},{"@type":"BreadcrumbList","@id":"https:\/\/www.jazzzeitung.de\/cms\/2013\/10\/neues-aus-moers-2\/#breadcrumb","itemListElement":[{"@type":"ListItem","position":1,"name":"Startseite","item":"https:\/\/www.jazzzeitung.de\/cms\/"},{"@type":"ListItem","position":2,"name":"Neues aus Moers"}]},{"@type":"WebSite","@id":"https:\/\/www.jazzzeitung.de\/cms\/#website","url":"https:\/\/www.jazzzeitung.de\/cms\/","name":"JazzZeitung","description":"Jazz-News und Jazz-Kontroverses","publisher":{"@id":"https:\/\/www.jazzzeitung.de\/cms\/#organization"},"potentialAction":[{"@type":"SearchAction","target":{"@type":"EntryPoint","urlTemplate":"https:\/\/www.jazzzeitung.de\/cms\/?s={search_term_string}"},"query-input":{"@type":"PropertyValueSpecification","valueRequired":true,"valueName":"search_term_string"}}],"inLanguage":"de"},{"@type":"Organization","@id":"https:\/\/www.jazzzeitung.de\/cms\/#organization","name":"JazzZeitung online","url":"https:\/\/www.jazzzeitung.de\/cms\/","logo":{"@type":"ImageObject","inLanguage":"de","@id":"https:\/\/www.jazzzeitung.de\/cms\/#\/schema\/logo\/image\/","url":"https:\/\/i0.wp.com\/www.jazzzeitung.de\/cms\/wp-content\/uploads\/2015\/08\/JAZZZEITUNGDE_Logo_Neu.png?fit=499%2C200&ssl=1","contentUrl":"https:\/\/i0.wp.com\/www.jazzzeitung.de\/cms\/wp-content\/uploads\/2015\/08\/JAZZZEITUNGDE_Logo_Neu.png?fit=499%2C200&ssl=1","width":499,"height":200,"caption":"JazzZeitung online"},"image":{"@id":"https:\/\/www.jazzzeitung.de\/cms\/#\/schema\/logo\/image\/"},"sameAs":["https:\/\/www.facebook.com\/JazzZeitung\/"]},{"@type":"Person","@id":"https:\/\/www.jazzzeitung.de\/cms\/#\/schema\/person\/2245b36b9cd1d24cea10f01c031fb92b","name":"Redaktion JazzZeitung","image":{"@type":"ImageObject","inLanguage":"de","@id":"https:\/\/i0.wp.com\/www.jazzzeitung.de\/cms\/wp-content\/uploads\/2015\/08\/JAZZZEITUNGDE_Logo_Neu.png?resize=96%2C96&ssl=159975dcacb611b5700bd619b5daf0a7a","url":"https:\/\/i0.wp.com\/www.jazzzeitung.de\/cms\/wp-content\/uploads\/2015\/08\/JAZZZEITUNGDE_Logo_Neu.png?resize=96%2C96&ssl=1","contentUrl":"https:\/\/i0.wp.com\/www.jazzzeitung.de\/cms\/wp-content\/uploads\/2015\/08\/JAZZZEITUNGDE_Logo_Neu.png?resize=96%2C96&ssl=1","caption":"Redaktion JazzZeitung"},"description":"Artikel der Redaktion der JazzZeitung.","sameAs":["http:\/\/www.jazzzeitung.de\/cms\/"],"url":"https:\/\/www.jazzzeitung.de\/cms\/author\/redaktion\/"}]}},"wp-worthy-pixel":{"ignored":false,"public":null,"server":null,"url":null},"wp-worthy-type":"normal","jetpack_publicize_connections":[],"cc_featured_image_caption":{"caption_text":false,"source_text":false,"source_url":false},"jetpack_featured_media_url":"","jetpack_shortlink":"https:\/\/wp.me\/p3KEcT-FM","jetpack-related-posts":[{"id":8066,"url":"https:\/\/www.jazzzeitung.de\/cms\/2016\/01\/neue-impulse-moers-carolin-pook-uebernimmt-im-jahr-2016-das-amt-des-improviser-residence\/","url_meta":{"origin":2590,"position":0},"title":"Neue Impulse in Moers: Carolin Pook \u00fcbernimmt im Jahr 2016 das Amt des \u201eImproviser in Residence\u201d","author":"Redaktion JazzZeitung","date":"14. Januar 2016","format":false,"excerpt":"Mit Carolin Pook tritt dieses Jahr eine in New York lebende, deutsche Musikerin den Posten des \u201eImproviser in Residence\u201c in Moers an. Die Komponistin und Geigerin l\u00f6st damit im Rahmen eines gemeinsamen Konzertes am 21. Januar den derzeitigen \u201eImproviser in Residence\u201c Hayden Chisholm ab. \u201eWir sind sehr froh, dass Carolin\u2026","rel":"","context":"In &quot;Redaktionelle Nachrichten&quot;","block_context":{"text":"Redaktionelle Nachrichten","link":"https:\/\/www.jazzzeitung.de\/cms\/thema\/redaktion\/"},"img":{"alt_text":"Die Geigerin und Komponistin Carolin Pook. Foto: Patrick Essex","src":"https:\/\/i0.wp.com\/www.jazzzeitung.de\/cms\/wp-content\/uploads\/2016\/01\/moers-festival_2016_carolin_pook_02-e1452787169465-150x150.jpg?resize=350%2C200","width":350,"height":200},"classes":[]},{"id":11941,"url":"https:\/\/www.jazzzeitung.de\/cms\/2017\/03\/11941\/","url_meta":{"origin":2590,"position":1},"title":"Tim Isfort \u00e4u\u00dfert sich nach 100 Tagen im Amt zum neuen Moers Festival","author":"Redaktion JazzZeitung","date":"15. M\u00e4rz 2017","format":false,"excerpt":"Musik und Unerh\u00f6rtes aus verschiedenen Kulturen Am 1. Dezember vergangenen Jahres nahm der neue k\u00fcnstlerische Leiter des Moers Festivals, Tim Isfort, zusammen mit seinem (fast) neuen Team, die Arbeit auf. Noch bis zum Wochenende ist er in Sachen Programmplanung f\u00fcr das diesj\u00e4hrige Festival im Kongo. Im (Fern)Gespr\u00e4ch mit dem Festivalb\u00fcro\u2026","rel":"","context":"In &quot;Bericht&quot;","block_context":{"text":"Bericht","link":"https:\/\/www.jazzzeitung.de\/cms\/thema\/bericht\/"},"img":{"alt_text":"","src":"https:\/\/i0.wp.com\/www.jazzzeitung.de\/cms\/wp-content\/uploads\/2017\/03\/2.-Lineup-Battle-Trance-Foto-Ryan-Power-1-150x150.jpg?resize=350%2C200","width":350,"height":200},"classes":[]},{"id":27512,"url":"https:\/\/www.jazzzeitung.de\/cms\/2022\/06\/das-moers-festival-2022-wurde-seinem-wesenskern-treu-und-blickt-in-die-zukunft\/","url_meta":{"origin":2590,"position":2},"title":"Das Moers-Festival 2022 wurde seinem Wesenskern treu und blickt in die Zukunft","author":"Redaktion JazzZeitung","date":"14. Juni 2022","format":false,"excerpt":"(Text und Fotos von Stefan Pieper) Obwohl das neue Konzept noch die Unfertigkeit eines Neustarts verk\u00f6rpert, flie\u00dft der Strom beim Moers-Festival ungebremst weiter. In den letzten beiden Jahren habe viele neue, digitale Vorst\u00f6\u00dfe das k\u00fcnstlerische Schwergewicht beim Moers-Festival durch die Pandemie getragen. Bei der 51. Ausgabe zum 50. Geburtstag behauptete\u2026","rel":"","context":"In &quot;Bericht&quot;","block_context":{"text":"Bericht","link":"https:\/\/www.jazzzeitung.de\/cms\/thema\/bericht\/"},"img":{"alt_text":"","src":"https:\/\/i0.wp.com\/www.jazzzeitung.de\/cms\/wp-content\/uploads\/2022\/06\/The-Hidden-Tune-3-1-scaled.jpg?fit=1200%2C953&ssl=1&resize=350%2C200","width":350,"height":200,"srcset":"https:\/\/i0.wp.com\/www.jazzzeitung.de\/cms\/wp-content\/uploads\/2022\/06\/The-Hidden-Tune-3-1-scaled.jpg?fit=1200%2C953&ssl=1&resize=350%2C200 1x, https:\/\/i0.wp.com\/www.jazzzeitung.de\/cms\/wp-content\/uploads\/2022\/06\/The-Hidden-Tune-3-1-scaled.jpg?fit=1200%2C953&ssl=1&resize=525%2C300 1.5x, https:\/\/i0.wp.com\/www.jazzzeitung.de\/cms\/wp-content\/uploads\/2022\/06\/The-Hidden-Tune-3-1-scaled.jpg?fit=1200%2C953&ssl=1&resize=700%2C400 2x, https:\/\/i0.wp.com\/www.jazzzeitung.de\/cms\/wp-content\/uploads\/2022\/06\/The-Hidden-Tune-3-1-scaled.jpg?fit=1200%2C953&ssl=1&resize=1050%2C600 3x"},"classes":[]},{"id":8606,"url":"https:\/\/www.jazzzeitung.de\/cms\/2016\/03\/programm-das-29-jazzfest-rottweil-2016-steht-fest\/","url_meta":{"origin":2590,"position":3},"title":"+++ News +++ Volker Engelberth erh\u00e4lt den Landesjazzpreis 2016 +++ Programm das 29. Jazzfest Rottweil 2016 steht fest +++ Finanzen und Musik beim moers festival 2016 +++","author":"Redaktion JazzZeitung","date":"5. M\u00e4rz 2016","format":false,"excerpt":"Volker Engelberth erh\u00e4lt den Landesjazzpreis 2016 Der Pianist Volker Engelberth aus Mannheim wird mit dem Landesjazzpreis Baden-W\u00fcrttemberg 2016 geehrt. \u201eEr besticht als Komponist und als Improvisator\u201c, teilte Kunststaatssekret\u00e4r J\u00fcrgen Walter (Gr\u00fcne) am Donnerstag mit. \u201eSeine Musik hat eine unglaubliche Tiefe und ist von einer Intensit\u00e4t, wie man sie selten bei\u2026","rel":"","context":"In &quot;News&quot;","block_context":{"text":"News","link":"https:\/\/www.jazzzeitung.de\/cms\/thema\/nachrichten\/"},"img":{"alt_text":"Volker Engelberth. Foto: Sven G\u00f6tz","src":"https:\/\/i0.wp.com\/www.jazzzeitung.de\/cms\/wp-content\/uploads\/2016\/03\/volker-engelberth-quintett-jigsaw-puzzles-foto-by-sven-go-tz--150x150.jpg?resize=350%2C200","width":350,"height":200},"classes":[]},{"id":19809,"url":"https:\/\/www.jazzzeitung.de\/cms\/2019\/06\/strengt-euch-an-das-moers-festival-2019-zeigte-sich-empfindsam-fuer-menschen-und-klaenge\/","url_meta":{"origin":2590,"position":4},"title":"\u201eStrengt euch an!\u201c \u2013 das Moers-Festival 2019 zeigte sich empfindsam f\u00fcr Menschen und Kl\u00e4nge","author":"Redaktion JazzZeitung","date":"14. Juni 2019","format":false,"excerpt":"Stell Dir vor, ein riesiger, h\u00f6lzerner Kampfpanzer \u201eziert\u201c die B\u00fchne auf einem friedlichen Musikfestival und keiner begehrt dagegen auf. Dabei hatte Tim Isfort bei der j\u00fcngsten Ausgabe des Moers-Festivals ausdr\u00fccklich angeregt, sich durch Bemalen oder Besteigen des martialischen Unget\u00fcms einzumischen. Denn das Motto f\u00fcrs Moers-Festival 2019 lautete: \u201eStrengt euch an!\u201c\u2026","rel":"","context":"In &quot;Bericht&quot;","block_context":{"text":"Bericht","link":"https:\/\/www.jazzzeitung.de\/cms\/thema\/bericht\/"},"img":{"alt_text":"","src":"https:\/\/i0.wp.com\/www.jazzzeitung.de\/cms\/wp-content\/uploads\/2019\/06\/DSC02719.jpg?fit=1200%2C800&ssl=1&resize=350%2C200","width":350,"height":200,"srcset":"https:\/\/i0.wp.com\/www.jazzzeitung.de\/cms\/wp-content\/uploads\/2019\/06\/DSC02719.jpg?fit=1200%2C800&ssl=1&resize=350%2C200 1x, https:\/\/i0.wp.com\/www.jazzzeitung.de\/cms\/wp-content\/uploads\/2019\/06\/DSC02719.jpg?fit=1200%2C800&ssl=1&resize=525%2C300 1.5x, https:\/\/i0.wp.com\/www.jazzzeitung.de\/cms\/wp-content\/uploads\/2019\/06\/DSC02719.jpg?fit=1200%2C800&ssl=1&resize=700%2C400 2x, https:\/\/i0.wp.com\/www.jazzzeitung.de\/cms\/wp-content\/uploads\/2019\/06\/DSC02719.jpg?fit=1200%2C800&ssl=1&resize=1050%2C600 3x"},"classes":[]},{"id":19226,"url":"https:\/\/www.jazzzeitung.de\/cms\/2019\/04\/48-moers-festival-mit-sao-paulo-und-tokyo-special\/","url_meta":{"origin":2590,"position":5},"title":"48. moers festival mit Sao Paulo- und Tokyo-Special","author":"Redaktion JazzZeitung","date":"22. April 2019","format":false,"excerpt":"Seit 1972 bricht das moers festival mit Normalit\u00e4tserwartungen an Musik und ist ein Versprechen an das Ungez\u00e4hmte jenseits des Mainstreams. F\u00fcr die 48. Festivalausgabe vom 07. bis 10. Juni 2019 fordert das moers festival: \u201eStrengt euch an!\u201c \u201eMit Experimenten, Schwerpunkten, Statements, Ausbrechern, Piraten und Gef\u00e4hrten behauptet moers das stete doch!\u2026","rel":"","context":"In &quot;News&quot;","block_context":{"text":"News","link":"https:\/\/www.jazzzeitung.de\/cms\/thema\/nachrichten\/"},"img":{"alt_text":"","src":"https:\/\/i0.wp.com\/www.jazzzeitung.de\/cms\/wp-content\/uploads\/2019\/04\/csm_gamut2017_simonzangger__E4A3224_60c8beb265.jpg?fit=1200%2C800&ssl=1&resize=350%2C200","width":350,"height":200,"srcset":"https:\/\/i0.wp.com\/www.jazzzeitung.de\/cms\/wp-content\/uploads\/2019\/04\/csm_gamut2017_simonzangger__E4A3224_60c8beb265.jpg?fit=1200%2C800&ssl=1&resize=350%2C200 1x, https:\/\/i0.wp.com\/www.jazzzeitung.de\/cms\/wp-content\/uploads\/2019\/04\/csm_gamut2017_simonzangger__E4A3224_60c8beb265.jpg?fit=1200%2C800&ssl=1&resize=525%2C300 1.5x, https:\/\/i0.wp.com\/www.jazzzeitung.de\/cms\/wp-content\/uploads\/2019\/04\/csm_gamut2017_simonzangger__E4A3224_60c8beb265.jpg?fit=1200%2C800&ssl=1&resize=700%2C400 2x, https:\/\/i0.wp.com\/www.jazzzeitung.de\/cms\/wp-content\/uploads\/2019\/04\/csm_gamut2017_simonzangger__E4A3224_60c8beb265.jpg?fit=1200%2C800&ssl=1&resize=1050%2C600 3x"},"classes":[]}],"jetpack_sharing_enabled":true,"_links":{"self":[{"href":"https:\/\/www.jazzzeitung.de\/cms\/wp-json\/wp\/v2\/posts\/2590","targetHints":{"allow":["GET"]}}],"collection":[{"href":"https:\/\/www.jazzzeitung.de\/cms\/wp-json\/wp\/v2\/posts"}],"about":[{"href":"https:\/\/www.jazzzeitung.de\/cms\/wp-json\/wp\/v2\/types\/post"}],"author":[{"embeddable":true,"href":"https:\/\/www.jazzzeitung.de\/cms\/wp-json\/wp\/v2\/users\/18"}],"replies":[{"embeddable":true,"href":"https:\/\/www.jazzzeitung.de\/cms\/wp-json\/wp\/v2\/comments?post=2590"}],"version-history":[{"count":3,"href":"https:\/\/www.jazzzeitung.de\/cms\/wp-json\/wp\/v2\/posts\/2590\/revisions"}],"predecessor-version":[{"id":2593,"href":"https:\/\/www.jazzzeitung.de\/cms\/wp-json\/wp\/v2\/posts\/2590\/revisions\/2593"}],"wp:attachment":[{"href":"https:\/\/www.jazzzeitung.de\/cms\/wp-json\/wp\/v2\/media?parent=2590"}],"wp:term":[{"taxonomy":"category","embeddable":true,"href":"https:\/\/www.jazzzeitung.de\/cms\/wp-json\/wp\/v2\/categories?post=2590"},{"taxonomy":"post_tag","embeddable":true,"href":"https:\/\/www.jazzzeitung.de\/cms\/wp-json\/wp\/v2\/tags?post=2590"},{"taxonomy":"author","embeddable":true,"href":"https:\/\/www.jazzzeitung.de\/cms\/wp-json\/wp\/v2\/coauthors?post=2590"}],"curies":[{"name":"wp","href":"https:\/\/api.w.org\/{rel}","templated":true}]}}