{"id":25772,"date":"2021-09-15T09:00:18","date_gmt":"2021-09-15T07:00:18","guid":{"rendered":"https:\/\/www.jazzzeitung.de\/cms\/?p=25772"},"modified":"2021-09-14T16:48:39","modified_gmt":"2021-09-14T14:48:39","slug":"news-hoemma-21-krawall-de-cologne-bayreuther-jazz-november","status":"publish","type":"post","link":"https:\/\/www.jazzzeitung.de\/cms\/2021\/09\/news-hoemma-21-krawall-de-cologne-bayreuther-jazz-november\/","title":{"rendered":"+++ news +++ H\u00d6MMA 21 +++ Krawall de Cologne +++ Bayreuther Jazz-November +++"},"content":{"rendered":"<h2><strong>H\u00d6MMA 21 \u2013 Das Jazzfestival in Oberhausen<\/strong><\/h2>\n<figure id=\"attachment_25784\" aria-describedby=\"caption-attachment-25784\" style=\"width: 300px\" class=\"wp-caption alignright\"><a href=\"https:\/\/i0.wp.com\/www.jazzzeitung.de\/cms\/wp-content\/uploads\/2021\/09\/Nighthawks_Live%C2%A9M.Starck.jpeg?ssl=1\"><img data-recalc-dims=\"1\" loading=\"lazy\" decoding=\"async\" data-attachment-id=\"25784\" data-permalink=\"https:\/\/www.jazzzeitung.de\/cms\/2021\/09\/news-hoemma-21-krawall-de-cologne-bayreuther-jazz-november\/nighthawks_livem-starck\/\" data-orig-file=\"https:\/\/i0.wp.com\/www.jazzzeitung.de\/cms\/wp-content\/uploads\/2021\/09\/Nighthawks_Live%C2%A9M.Starck.jpeg?fit=2404%2C1865&amp;ssl=1\" data-orig-size=\"2404,1865\" data-comments-opened=\"1\" data-image-meta=\"{&quot;aperture&quot;:&quot;0&quot;,&quot;credit&quot;:&quot;&quot;,&quot;camera&quot;:&quot;&quot;,&quot;caption&quot;:&quot;&quot;,&quot;created_timestamp&quot;:&quot;1553739379&quot;,&quot;copyright&quot;:&quot;&quot;,&quot;focal_length&quot;:&quot;0&quot;,&quot;iso&quot;:&quot;0&quot;,&quot;shutter_speed&quot;:&quot;0&quot;,&quot;title&quot;:&quot;&quot;,&quot;orientation&quot;:&quot;0&quot;}\" data-image-title=\"Nighthawks_Live\u00a9M.Starck\" data-image-description=\"&lt;p&gt;Nighthawks Live. Bild: M. Starck&lt;\/p&gt;\n\" data-image-caption=\"&lt;p&gt;Nighthawks Live. Bild: M. Starck&lt;\/p&gt;\n\" data-large-file=\"https:\/\/i0.wp.com\/www.jazzzeitung.de\/cms\/wp-content\/uploads\/2021\/09\/Nighthawks_Live%C2%A9M.Starck.jpeg?fit=773%2C600&amp;ssl=1\" class=\"size-medium wp-image-25784\" src=\"https:\/\/i0.wp.com\/www.jazzzeitung.de\/cms\/wp-content\/uploads\/2021\/09\/Nighthawks_Live%C2%A9M.Starck.jpeg?resize=300%2C233&#038;ssl=1\" alt=\"\" width=\"300\" height=\"233\" srcset=\"https:\/\/i0.wp.com\/www.jazzzeitung.de\/cms\/wp-content\/uploads\/2021\/09\/Nighthawks_Live%C2%A9M.Starck.jpeg?resize=300%2C233&amp;ssl=1 300w, https:\/\/i0.wp.com\/www.jazzzeitung.de\/cms\/wp-content\/uploads\/2021\/09\/Nighthawks_Live%C2%A9M.Starck.jpeg?resize=773%2C600&amp;ssl=1 773w, https:\/\/i0.wp.com\/www.jazzzeitung.de\/cms\/wp-content\/uploads\/2021\/09\/Nighthawks_Live%C2%A9M.Starck.jpeg?resize=768%2C596&amp;ssl=1 768w, https:\/\/i0.wp.com\/www.jazzzeitung.de\/cms\/wp-content\/uploads\/2021\/09\/Nighthawks_Live%C2%A9M.Starck.jpeg?resize=1536%2C1192&amp;ssl=1 1536w, https:\/\/i0.wp.com\/www.jazzzeitung.de\/cms\/wp-content\/uploads\/2021\/09\/Nighthawks_Live%C2%A9M.Starck.jpeg?resize=2048%2C1589&amp;ssl=1 2048w, https:\/\/i0.wp.com\/www.jazzzeitung.de\/cms\/wp-content\/uploads\/2021\/09\/Nighthawks_Live%C2%A9M.Starck.jpeg?resize=1320%2C1024&amp;ssl=1 1320w, https:\/\/i0.wp.com\/www.jazzzeitung.de\/cms\/wp-content\/uploads\/2021\/09\/Nighthawks_Live%C2%A9M.Starck.jpeg?w=1680&amp;ssl=1 1680w\" sizes=\"auto, (max-width: 300px) 100vw, 300px\" \/><\/a><figcaption id=\"caption-attachment-25784\" class=\"wp-caption-text\">Nighthawks Live. Bild: M. Starck<\/figcaption><\/figure>\n<p>Der Ruhrpott swingt wieder: Zum f\u00fcnften Mal pr\u00e4sentiert das Oberhausener Jazzfestival <strong>H\u00d6MMA <\/strong>(hochdeutsch: \u201eh\u00f6r mal zu!&#8220;) im Herbst <strong>drei Tage lang<\/strong> Live-Acts an verschiedenen Locations im Stadtgebiet. Von <strong>Freitag<\/strong>, dem <strong>8. Oktober 2021<\/strong>, bis <strong>Sonntag<\/strong>, dem <strong>10. Oktober 2021<\/strong>, d\u00fcrfen sich Musikfans auf groovende Rhythmen und mitrei\u00dfende Improvisationen freuen. Zu den akustischen Leckerbissen geh\u00f6ren unter anderem der Auftritt von <strong>Nighthawks<\/strong> und das Konzert der <strong>WDR Big Band<\/strong>. Au\u00dferdem zu h\u00f6ren sind <strong>Inga L\u00fchning<\/strong> und <strong>Andr\u00e9 Nendza<\/strong>, <strong>RoMi<\/strong>, das Trio <strong>Accordion Affairs<\/strong> und <strong>Gunther Tiedemann<\/strong>.<\/p>\n<p><strong>Weitere Informationen unter<\/strong>: <a href=\"http:\/\/www.hoemma-jazz.de\">www.hoemma-jazz.de<\/a><\/p>\n<p>Es gelten die beh\u00f6rdlichen Bestimmungen zum Coronaschutz.<\/p>\n<p>&nbsp;<\/p>\n<h2>Krawall de Cologne<\/h2>\n<p><strong>\u201eFreude und k\u00f6lsche Lebensart\u201c<br \/>\n<\/strong><strong>Krawall de Cologne verjazzt Kr\u00e4tzjer des K\u00f6lner Liedermachers Willi Ostermann.<\/strong><strong>\u00a0<\/strong><\/p>\n<figure id=\"attachment_25786\" aria-describedby=\"caption-attachment-25786\" style=\"width: 223px\" class=\"wp-caption alignleft\"><a href=\"https:\/\/i0.wp.com\/www.jazzzeitung.de\/cms\/wp-content\/uploads\/2021\/09\/WilliOstermann-coloriert.jpg?ssl=1\"><img data-recalc-dims=\"1\" loading=\"lazy\" decoding=\"async\" data-attachment-id=\"25786\" data-permalink=\"https:\/\/www.jazzzeitung.de\/cms\/2021\/09\/news-hoemma-21-krawall-de-cologne-bayreuther-jazz-november\/williostermann-coloriert\/\" data-orig-file=\"https:\/\/i0.wp.com\/www.jazzzeitung.de\/cms\/wp-content\/uploads\/2021\/09\/WilliOstermann-coloriert.jpg?fit=336%2C453&amp;ssl=1\" data-orig-size=\"336,453\" data-comments-opened=\"1\" data-image-meta=\"{&quot;aperture&quot;:&quot;0&quot;,&quot;credit&quot;:&quot;&quot;,&quot;camera&quot;:&quot;&quot;,&quot;caption&quot;:&quot;&quot;,&quot;created_timestamp&quot;:&quot;1454172726&quot;,&quot;copyright&quot;:&quot;&quot;,&quot;focal_length&quot;:&quot;0&quot;,&quot;iso&quot;:&quot;0&quot;,&quot;shutter_speed&quot;:&quot;0&quot;,&quot;title&quot;:&quot;&quot;,&quot;orientation&quot;:&quot;1&quot;}\" data-image-title=\"WilliOstermann coloriert\" data-image-description=\"&lt;p&gt;Ostermann \u2013 \u00a9 Ostermanngesellschaft K\u00f6ln&lt;\/p&gt;\n\" data-image-caption=\"&lt;p&gt;Ostermann \u2013 Ostermanngesellschaft K\u00f6ln&lt;\/p&gt;\n\" data-large-file=\"https:\/\/i0.wp.com\/www.jazzzeitung.de\/cms\/wp-content\/uploads\/2021\/09\/WilliOstermann-coloriert.jpg?fit=336%2C453&amp;ssl=1\" class=\"wp-image-25786 size-medium\" src=\"https:\/\/i0.wp.com\/www.jazzzeitung.de\/cms\/wp-content\/uploads\/2021\/09\/WilliOstermann-coloriert.jpg?resize=223%2C300&#038;ssl=1\" alt=\"\" width=\"223\" height=\"300\" srcset=\"https:\/\/i0.wp.com\/www.jazzzeitung.de\/cms\/wp-content\/uploads\/2021\/09\/WilliOstermann-coloriert.jpg?resize=223%2C300&amp;ssl=1 223w, https:\/\/i0.wp.com\/www.jazzzeitung.de\/cms\/wp-content\/uploads\/2021\/09\/WilliOstermann-coloriert.jpg?w=336&amp;ssl=1 336w\" sizes=\"auto, (max-width: 223px) 100vw, 223px\" \/><\/a><figcaption id=\"caption-attachment-25786\" class=\"wp-caption-text\">Ostermann \u2013 Pressefoto: Jazzclub H\u00fcrth, \u00a9 Ostermanngesellschaft K\u00f6ln<\/figcaption><\/figure>\n<p>Am <strong>8. Oktober 2021, 20:00 Uhr <\/strong>stellt das Ensemble <strong>Krawall de Cologne<\/strong> \u2013 <strong>J\u00fcrgen Schockmann<\/strong> (Gesang &amp; Gitarre), <strong>Rolf Grommes <\/strong>(Schlagzeug) und <strong>Hans-G\u00fcnther Adam<\/strong> (Keyboard &amp; Pedalbass) \u2013 im gro\u00dfen R\u00f6mersaal des <strong>B\u00fcrgerhauses H\u00fcrth<\/strong> die Wandelbarkeit der Musik des k\u00f6lschen Originals unter Beweis. Das Ensemble betrachtet dabei die unvergesslichen Kr\u00e4tzjer des bekanntesten K\u00f6lner Lieders\u00e4ngers und Komponisten Willi Ostermann aus jazziger Perspektive. In den energiegeladenen Neu-Interpretationen von Krawall de Cologne hat Ostermann pl\u00f6tzlich nicht nur Schunkel-Qualit\u00e4ten, sondern eine Menge Groove, Swing, Blues und rockigen Drive, ohne etwas von seiner urbanen Eleganz und augenzwinkernden Tiefsinnigkeit zu verlieren. \u00dcber die Hintergr\u00fcnde der Lieder und die Anekdoten, die ihnen zugrunde liegen, kl\u00e4ren <strong>Ralf Schlegelmilch<\/strong> und <strong>Wolfgang Frank<\/strong> von der Willi Ostermann Gesellschaft K\u00f6ln 1967 e. V. auf.<\/p>\n<p>Vorverkaufskarten (15,\u2013 \u20ac) unter K\u00f6lnTicket und das B\u00fcrgerhaus H\u00fcrth (02233-537 10) oder aber an der Abendkasse (18,\u2013 \u20ac).<\/p>\n<p>&nbsp;<\/p>\n<h2><strong>Der Bayreuther Jazz-November 2021 <\/strong><\/h2>\n<p><strong><u>Klangstark, nuancenreich, pandemiekonform <\/u><\/strong><\/p>\n<figure id=\"attachment_25788\" aria-describedby=\"caption-attachment-25788\" style=\"width: 300px\" class=\"wp-caption alignright\"><a href=\"https:\/\/i0.wp.com\/www.jazzzeitung.de\/cms\/wp-content\/uploads\/2021\/09\/P-JazzNov-2021-11-Kilian-Sladek-Quartett-by-Peter-Hausner.jpg?ssl=1\"><img data-recalc-dims=\"1\" loading=\"lazy\" decoding=\"async\" data-attachment-id=\"25788\" data-permalink=\"https:\/\/www.jazzzeitung.de\/cms\/2021\/09\/news-hoemma-21-krawall-de-cologne-bayreuther-jazz-november\/p-jazznov-2021-11-kilian-sladek-quartett-by-peter-hausner\/\" data-orig-file=\"https:\/\/i0.wp.com\/www.jazzzeitung.de\/cms\/wp-content\/uploads\/2021\/09\/P-JazzNov-2021-11-Kilian-Sladek-Quartett-by-Peter-Hausner.jpg?fit=2126%2C1535&amp;ssl=1\" data-orig-size=\"2126,1535\" data-comments-opened=\"1\" data-image-meta=\"{&quot;aperture&quot;:&quot;0&quot;,&quot;credit&quot;:&quot;&quot;,&quot;camera&quot;:&quot;&quot;,&quot;caption&quot;:&quot;&quot;,&quot;created_timestamp&quot;:&quot;0&quot;,&quot;copyright&quot;:&quot;&quot;,&quot;focal_length&quot;:&quot;0&quot;,&quot;iso&quot;:&quot;0&quot;,&quot;shutter_speed&quot;:&quot;0&quot;,&quot;title&quot;:&quot;&quot;,&quot;orientation&quot;:&quot;0&quot;}\" data-image-title=\"P-JazzNov-2021-11-Kilian-Sladek-Quartett-by-Peter-Hausner\" data-image-description=\"\" data-image-caption=\"&lt;p&gt;Kilian Sladek. Bild: Peter Hausner&lt;\/p&gt;\n\" data-large-file=\"https:\/\/i0.wp.com\/www.jazzzeitung.de\/cms\/wp-content\/uploads\/2021\/09\/P-JazzNov-2021-11-Kilian-Sladek-Quartett-by-Peter-Hausner.jpg?fit=831%2C600&amp;ssl=1\" class=\"size-medium wp-image-25788\" src=\"https:\/\/i0.wp.com\/www.jazzzeitung.de\/cms\/wp-content\/uploads\/2021\/09\/P-JazzNov-2021-11-Kilian-Sladek-Quartett-by-Peter-Hausner.jpg?resize=300%2C217&#038;ssl=1\" alt=\"\" width=\"300\" height=\"217\" srcset=\"https:\/\/i0.wp.com\/www.jazzzeitung.de\/cms\/wp-content\/uploads\/2021\/09\/P-JazzNov-2021-11-Kilian-Sladek-Quartett-by-Peter-Hausner.jpg?resize=300%2C217&amp;ssl=1 300w, https:\/\/i0.wp.com\/www.jazzzeitung.de\/cms\/wp-content\/uploads\/2021\/09\/P-JazzNov-2021-11-Kilian-Sladek-Quartett-by-Peter-Hausner.jpg?resize=831%2C600&amp;ssl=1 831w, https:\/\/i0.wp.com\/www.jazzzeitung.de\/cms\/wp-content\/uploads\/2021\/09\/P-JazzNov-2021-11-Kilian-Sladek-Quartett-by-Peter-Hausner.jpg?resize=768%2C555&amp;ssl=1 768w, https:\/\/i0.wp.com\/www.jazzzeitung.de\/cms\/wp-content\/uploads\/2021\/09\/P-JazzNov-2021-11-Kilian-Sladek-Quartett-by-Peter-Hausner.jpg?resize=1536%2C1109&amp;ssl=1 1536w, https:\/\/i0.wp.com\/www.jazzzeitung.de\/cms\/wp-content\/uploads\/2021\/09\/P-JazzNov-2021-11-Kilian-Sladek-Quartett-by-Peter-Hausner.jpg?resize=2048%2C1479&amp;ssl=1 2048w, https:\/\/i0.wp.com\/www.jazzzeitung.de\/cms\/wp-content\/uploads\/2021\/09\/P-JazzNov-2021-11-Kilian-Sladek-Quartett-by-Peter-Hausner.jpg?resize=1320%2C953&amp;ssl=1 1320w, https:\/\/i0.wp.com\/www.jazzzeitung.de\/cms\/wp-content\/uploads\/2021\/09\/P-JazzNov-2021-11-Kilian-Sladek-Quartett-by-Peter-Hausner.jpg?w=1680&amp;ssl=1 1680w\" sizes=\"auto, (max-width: 300px) 100vw, 300px\" \/><\/a><figcaption id=\"caption-attachment-25788\" class=\"wp-caption-text\">Kilian Sladek. Bild: Peter Hausner<\/figcaption><\/figure>\n<p><em>Bayreuth.<\/em> Der Bayreuther Jazz-November \u2013 das \u00fcber die Region hinaus bekannte Jazz-Festival \u2013 geht nach der pandemiebedingten Pause endlich wieder an den Start. F\u00fcr die Gesundheit aller Jazz-Fans nat\u00fcrlich unter konsequenter Anwendung der gebotenen Abstands- und Hygieneregeln. Der Jazz-November 2021 findet vom 11.11. bis 14.11. statt, mit aktuell drei Hauptkonzerten jeweils um 19.30 Uhr im Bechersaal und drei Sp\u00e4tkonzerten am 11.\/12.\/13. jeweils um 22.30 Uhr im Podium am Gerberplatz. Den Auftag bilden Quartett um <strong>Dejan Terzic, Axiom<\/strong>, die <strong>Huntertones<\/strong> und S\u00e4ngerin<strong> Shayna Steele<\/strong> aus New York, <strong>Shake Stew<\/strong> aus \u00d6sterreich, das\u00a0<strong>Fragments-Quartett<\/strong> um\u00a0<strong>Kilian Sladek<\/strong>, das Duo\u00a0<strong>Caro Trischler<\/strong> und\u00a0<strong>Ulf Kleiner\u00a0<\/strong>und\u00a0<strong>Ferge X Fisherman\u00a0<\/strong>folgen.<\/p>\n<p>Alle Infos zu den Konzerten, zu den K\u00fcnstlern, zum Hygienekonzept und zur Online-Ticketbuchung unter <a href=\"http:\/\/www.jazz-bayreuth.de\/club-konzerte\/\">www.jazz-bayreuth.de\/club-konzerte\/<\/a>.<\/p>\n<p>Beitragsbild: Huntertones und Shayna Steele. Bild: Shervin Lainez<\/p>\n","protected":false},"excerpt":{"rendered":"<p>H\u00d6MMA 21 \u2013 Das Jazzfestival in Oberhausen Der Ruhrpott swingt wieder: Zum f\u00fcnften Mal pr\u00e4sentiert das Oberhausener Jazzfestival H\u00d6MMA (hochdeutsch: \u201eh\u00f6r mal zu!&#8220;) im Herbst drei Tage lang Live-Acts an verschiedenen Locations im Stadtgebiet. Von Freitag, dem 8. Oktober 2021, bis Sonntag, dem 10. Oktober 2021, d\u00fcrfen sich Musikfans auf groovende Rhythmen und mitrei\u00dfende Improvisationen freuen. Zu den akustischen Leckerbissen geh\u00f6ren unter anderem der Auftritt von Nighthawks und das Konzert der WDR Big Band. Au\u00dferdem zu h\u00f6ren sind Inga L\u00fchning und Andr\u00e9 Nendza, RoMi, das Trio Accordion Affairs und Gunther Tiedemann. Weitere Informationen unter: www.hoemma-jazz.de Es gelten die beh\u00f6rdlichen Bestimmungen zum Coronaschutz. &nbsp; Krawall de Cologne \u201eFreude und k\u00f6lsche Lebensart\u201c Krawall de Cologne verjazzt Kr\u00e4tzjer des K\u00f6lner Liedermachers Willi Ostermann.\u00a0 Am 8. Oktober 2021, 20:00 Uhr stellt das Ensemble Krawall de Cologne \u2013 J\u00fcrgen Schockmann (Gesang &amp; Gitarre), Rolf Grommes (Schlagzeug) und Hans-G\u00fcnther Adam (Keyboard &amp; Pedalbass) \u2013 im gro\u00dfen R\u00f6mersaal des B\u00fcrgerhauses H\u00fcrth die Wandelbarkeit der Musik des k\u00f6lschen Originals unter Beweis. Das Ensemble betrachtet dabei die unvergesslichen Kr\u00e4tzjer des bekanntesten K\u00f6lner Lieders\u00e4ngers und Komponisten Willi Ostermann aus jazziger Perspektive. In den energiegeladenen Neu-Interpretationen &hellip;<\/p>\n","protected":false},"author":18,"featured_media":25789,"comment_status":"open","ping_status":"closed","sticky":false,"template":"","format":"standard","meta":{"_jetpack_memberships_contains_paid_content":false,"footnotes":"","jetpack_publicize_message":"","jetpack_publicize_feature_enabled":true,"jetpack_social_post_already_shared":false,"jetpack_social_options":{"image_generator_settings":{"template":"highway","default_image_id":0,"font":"","enabled":false},"version":2}},"categories":[633],"tags":[3530,3427,3736,3074,3740,3735,3742,3739,3749,3752,3745,3746,3737,1718,3747,294,3734,3750,3648,852,3293,2762,2667,3743,3751,3748,1619,3738,3741,592,3753,3744],"coauthors":[695],"class_list":["post-25772","post","type-post","status-publish","format-standard","has-post-thumbnail","hentry","category-nachrichten","tag-accordion-affairs","tag-andre-nendza","tag-axiom","tag-bayreuth","tag-caro-trischler","tag-dejan-terzic","tag-ferge-x-fisherman","tag-fragments","tag-gunther-tidemann","tag-hans-guenther-adam","tag-hoemma","tag-hoemma-21","tag-huntertones","tag-huerth","tag-inga-luehning","tag-jazzzeitung","tag-jazzzetitung-de","tag-juergen-schockmann","tag-kilian-sladek","tag-koeln","tag-krawall-de-cologne","tag-nighthawks","tag-oberhausen","tag-ralf-schlegelmilch","tag-rolf-grommes","tag-romi","tag-shake-stew","tag-shaya-steele","tag-ulf-kleiner","tag-wdr-big-band","tag-willi-ostermann","tag-wolfgang-frank"],"yoast_head":"<!-- This site is optimized with the Yoast SEO plugin v27.5 - https:\/\/yoast.com\/product\/yoast-seo-wordpress\/ -->\n<title>+++ news +++ H\u00d6MMA 21 +++ Krawall de Cologne +++ Bayreuther Jazz-November +++ - JazzZeitung<\/title>\n<meta name=\"robots\" content=\"index, follow, max-snippet:-1, max-image-preview:large, max-video-preview:-1\" \/>\n<link rel=\"canonical\" href=\"https:\/\/www.jazzzeitung.de\/cms\/2021\/09\/news-hoemma-21-krawall-de-cologne-bayreuther-jazz-november\/\" \/>\n<meta property=\"og:locale\" content=\"de_DE\" \/>\n<meta property=\"og:type\" content=\"article\" \/>\n<meta property=\"og:title\" content=\"+++ news +++ H\u00d6MMA 21 +++ Krawall de Cologne +++ Bayreuther Jazz-November +++ - JazzZeitung\" \/>\n<meta property=\"og:description\" content=\"H\u00d6MMA 21 \u2013 Das Jazzfestival in Oberhausen Der Ruhrpott swingt wieder: Zum f\u00fcnften Mal pr\u00e4sentiert das Oberhausener Jazzfestival H\u00d6MMA (hochdeutsch: \u201eh\u00f6r mal zu!&#8220;) im Herbst drei Tage lang Live-Acts an verschiedenen Locations im Stadtgebiet. Von Freitag, dem 8. Oktober 2021, bis Sonntag, dem 10. Oktober 2021, d\u00fcrfen sich Musikfans auf groovende Rhythmen und mitrei\u00dfende Improvisationen freuen. Zu den akustischen Leckerbissen geh\u00f6ren unter anderem der Auftritt von Nighthawks und das Konzert der WDR Big Band. Au\u00dferdem zu h\u00f6ren sind Inga L\u00fchning und Andr\u00e9 Nendza, RoMi, das Trio Accordion Affairs und Gunther Tiedemann. Weitere Informationen unter: www.hoemma-jazz.de Es gelten die beh\u00f6rdlichen Bestimmungen zum Coronaschutz. &nbsp; Krawall de Cologne \u201eFreude und k\u00f6lsche Lebensart\u201c Krawall de Cologne verjazzt Kr\u00e4tzjer des K\u00f6lner Liedermachers Willi Ostermann.\u00a0 Am 8. Oktober 2021, 20:00 Uhr stellt das Ensemble Krawall de Cologne \u2013 J\u00fcrgen Schockmann (Gesang &amp; Gitarre), Rolf Grommes (Schlagzeug) und Hans-G\u00fcnther Adam (Keyboard &amp; Pedalbass) \u2013 im gro\u00dfen R\u00f6mersaal des B\u00fcrgerhauses H\u00fcrth die Wandelbarkeit der Musik des k\u00f6lschen Originals unter Beweis. Das Ensemble betrachtet dabei die unvergesslichen Kr\u00e4tzjer des bekanntesten K\u00f6lner Lieders\u00e4ngers und Komponisten Willi Ostermann aus jazziger Perspektive. In den energiegeladenen Neu-Interpretationen &hellip;\" \/>\n<meta property=\"og:url\" content=\"https:\/\/www.jazzzeitung.de\/cms\/2021\/09\/news-hoemma-21-krawall-de-cologne-bayreuther-jazz-november\/\" \/>\n<meta property=\"og:site_name\" content=\"JazzZeitung\" \/>\n<meta property=\"article:publisher\" content=\"https:\/\/www.facebook.com\/JazzZeitung\/\" \/>\n<meta property=\"article:published_time\" content=\"2021-09-15T07:00:18+00:00\" \/>\n<meta property=\"og:image\" content=\"https:\/\/www.jazzzeitung.de\/cms\/wp-content\/uploads\/2021\/09\/P-JazzNov-2021-12-Huntertones-feat-Shayna-Steele-by-Shervin-Lainez-831x600.jpg\" \/>\n\t<meta property=\"og:image:width\" content=\"831\" \/>\n\t<meta property=\"og:image:height\" content=\"600\" \/>\n\t<meta property=\"og:image:type\" content=\"image\/jpeg\" \/>\n<meta name=\"author\" content=\"Redaktion JazzZeitung\" \/>\n<script type=\"application\/ld+json\" class=\"yoast-schema-graph\">{\"@context\":\"https:\\\/\\\/schema.org\",\"@graph\":[{\"@type\":\"Article\",\"@id\":\"https:\\\/\\\/www.jazzzeitung.de\\\/cms\\\/2021\\\/09\\\/news-hoemma-21-krawall-de-cologne-bayreuther-jazz-november\\\/#article\",\"isPartOf\":{\"@id\":\"https:\\\/\\\/www.jazzzeitung.de\\\/cms\\\/2021\\\/09\\\/news-hoemma-21-krawall-de-cologne-bayreuther-jazz-november\\\/\"},\"author\":{\"name\":\"Redaktion JazzZeitung\",\"@id\":\"https:\\\/\\\/www.jazzzeitung.de\\\/cms\\\/#\\\/schema\\\/person\\\/2245b36b9cd1d24cea10f01c031fb92b\"},\"headline\":\"+++ news +++ H\u00d6MMA 21 +++ Krawall de Cologne +++ Bayreuther Jazz-November +++\",\"datePublished\":\"2021-09-15T07:00:18+00:00\",\"mainEntityOfPage\":{\"@id\":\"https:\\\/\\\/www.jazzzeitung.de\\\/cms\\\/2021\\\/09\\\/news-hoemma-21-krawall-de-cologne-bayreuther-jazz-november\\\/\"},\"wordCount\":463,\"commentCount\":0,\"publisher\":{\"@id\":\"https:\\\/\\\/www.jazzzeitung.de\\\/cms\\\/#organization\"},\"image\":{\"@id\":\"https:\\\/\\\/www.jazzzeitung.de\\\/cms\\\/2021\\\/09\\\/news-hoemma-21-krawall-de-cologne-bayreuther-jazz-november\\\/#primaryimage\"},\"thumbnailUrl\":\"https:\\\/\\\/i0.wp.com\\\/www.jazzzeitung.de\\\/cms\\\/wp-content\\\/uploads\\\/2021\\\/09\\\/P-JazzNov-2021-12-Huntertones-feat-Shayna-Steele-by-Shervin-Lainez.jpg?fit=2126%2C1535&ssl=1\",\"keywords\":[\"Accordion Affairs\",\"Andre Nendza\",\"Axiom\",\"Bayreuth\",\"Caro Trischler\",\"Dejan Terzic\",\"Ferge X Fisherman\",\"Fragments\",\"Gunther Tidemann\",\"Hans-G\u00fcnther Adam\",\"H\u00d6MMA\",\"H\u00d6MMA 21\",\"Huntertones\",\"H\u00fcrth\",\"Inga L\u00fchning\",\"Jazzzeitung\",\"jazzzet\u00edtung.de\",\"J\u00fcrgen Schockmann\",\"Kilian Sladek\",\"K\u00f6ln\",\"Krawall de Cologne\",\"Nighthawks\",\"Oberhausen\",\"Ralf Schlegelmilch\",\"Rolf Grommes\",\"RoMi\",\"Shake Stew\",\"Shaya Steele\",\"Ulf Kleiner\",\"WDR BigBand\",\"Willi Ostermann\",\"Wolfgang Frank\"],\"articleSection\":[\"News\"],\"inLanguage\":\"de\",\"potentialAction\":[{\"@type\":\"CommentAction\",\"name\":\"Comment\",\"target\":[\"https:\\\/\\\/www.jazzzeitung.de\\\/cms\\\/2021\\\/09\\\/news-hoemma-21-krawall-de-cologne-bayreuther-jazz-november\\\/#respond\"]}]},{\"@type\":\"WebPage\",\"@id\":\"https:\\\/\\\/www.jazzzeitung.de\\\/cms\\\/2021\\\/09\\\/news-hoemma-21-krawall-de-cologne-bayreuther-jazz-november\\\/\",\"url\":\"https:\\\/\\\/www.jazzzeitung.de\\\/cms\\\/2021\\\/09\\\/news-hoemma-21-krawall-de-cologne-bayreuther-jazz-november\\\/\",\"name\":\"+++ news +++ H\u00d6MMA 21 +++ Krawall de Cologne +++ Bayreuther Jazz-November +++ - JazzZeitung\",\"isPartOf\":{\"@id\":\"https:\\\/\\\/www.jazzzeitung.de\\\/cms\\\/#website\"},\"primaryImageOfPage\":{\"@id\":\"https:\\\/\\\/www.jazzzeitung.de\\\/cms\\\/2021\\\/09\\\/news-hoemma-21-krawall-de-cologne-bayreuther-jazz-november\\\/#primaryimage\"},\"image\":{\"@id\":\"https:\\\/\\\/www.jazzzeitung.de\\\/cms\\\/2021\\\/09\\\/news-hoemma-21-krawall-de-cologne-bayreuther-jazz-november\\\/#primaryimage\"},\"thumbnailUrl\":\"https:\\\/\\\/i0.wp.com\\\/www.jazzzeitung.de\\\/cms\\\/wp-content\\\/uploads\\\/2021\\\/09\\\/P-JazzNov-2021-12-Huntertones-feat-Shayna-Steele-by-Shervin-Lainez.jpg?fit=2126%2C1535&ssl=1\",\"datePublished\":\"2021-09-15T07:00:18+00:00\",\"breadcrumb\":{\"@id\":\"https:\\\/\\\/www.jazzzeitung.de\\\/cms\\\/2021\\\/09\\\/news-hoemma-21-krawall-de-cologne-bayreuther-jazz-november\\\/#breadcrumb\"},\"inLanguage\":\"de\",\"potentialAction\":[{\"@type\":\"ReadAction\",\"target\":[\"https:\\\/\\\/www.jazzzeitung.de\\\/cms\\\/2021\\\/09\\\/news-hoemma-21-krawall-de-cologne-bayreuther-jazz-november\\\/\"]}]},{\"@type\":\"ImageObject\",\"inLanguage\":\"de\",\"@id\":\"https:\\\/\\\/www.jazzzeitung.de\\\/cms\\\/2021\\\/09\\\/news-hoemma-21-krawall-de-cologne-bayreuther-jazz-november\\\/#primaryimage\",\"url\":\"https:\\\/\\\/i0.wp.com\\\/www.jazzzeitung.de\\\/cms\\\/wp-content\\\/uploads\\\/2021\\\/09\\\/P-JazzNov-2021-12-Huntertones-feat-Shayna-Steele-by-Shervin-Lainez.jpg?fit=2126%2C1535&ssl=1\",\"contentUrl\":\"https:\\\/\\\/i0.wp.com\\\/www.jazzzeitung.de\\\/cms\\\/wp-content\\\/uploads\\\/2021\\\/09\\\/P-JazzNov-2021-12-Huntertones-feat-Shayna-Steele-by-Shervin-Lainez.jpg?fit=2126%2C1535&ssl=1\",\"width\":2126,\"height\":1535,\"caption\":\"Huntertones-feat-Shayna-Steele-by-Shervin-Lainez\"},{\"@type\":\"BreadcrumbList\",\"@id\":\"https:\\\/\\\/www.jazzzeitung.de\\\/cms\\\/2021\\\/09\\\/news-hoemma-21-krawall-de-cologne-bayreuther-jazz-november\\\/#breadcrumb\",\"itemListElement\":[{\"@type\":\"ListItem\",\"position\":1,\"name\":\"Startseite\",\"item\":\"https:\\\/\\\/www.jazzzeitung.de\\\/cms\\\/\"},{\"@type\":\"ListItem\",\"position\":2,\"name\":\"+++ news +++ H\u00d6MMA 21 +++ Krawall de Cologne +++ Bayreuther Jazz-November +++\"}]},{\"@type\":\"WebSite\",\"@id\":\"https:\\\/\\\/www.jazzzeitung.de\\\/cms\\\/#website\",\"url\":\"https:\\\/\\\/www.jazzzeitung.de\\\/cms\\\/\",\"name\":\"JazzZeitung\",\"description\":\"Jazz-News und Jazz-Kontroverses\",\"publisher\":{\"@id\":\"https:\\\/\\\/www.jazzzeitung.de\\\/cms\\\/#organization\"},\"potentialAction\":[{\"@type\":\"SearchAction\",\"target\":{\"@type\":\"EntryPoint\",\"urlTemplate\":\"https:\\\/\\\/www.jazzzeitung.de\\\/cms\\\/?s={search_term_string}\"},\"query-input\":{\"@type\":\"PropertyValueSpecification\",\"valueRequired\":true,\"valueName\":\"search_term_string\"}}],\"inLanguage\":\"de\"},{\"@type\":\"Organization\",\"@id\":\"https:\\\/\\\/www.jazzzeitung.de\\\/cms\\\/#organization\",\"name\":\"JazzZeitung online\",\"url\":\"https:\\\/\\\/www.jazzzeitung.de\\\/cms\\\/\",\"logo\":{\"@type\":\"ImageObject\",\"inLanguage\":\"de\",\"@id\":\"https:\\\/\\\/www.jazzzeitung.de\\\/cms\\\/#\\\/schema\\\/logo\\\/image\\\/\",\"url\":\"https:\\\/\\\/i0.wp.com\\\/www.jazzzeitung.de\\\/cms\\\/wp-content\\\/uploads\\\/2015\\\/08\\\/JAZZZEITUNGDE_Logo_Neu.png?fit=499%2C200&ssl=1\",\"contentUrl\":\"https:\\\/\\\/i0.wp.com\\\/www.jazzzeitung.de\\\/cms\\\/wp-content\\\/uploads\\\/2015\\\/08\\\/JAZZZEITUNGDE_Logo_Neu.png?fit=499%2C200&ssl=1\",\"width\":499,\"height\":200,\"caption\":\"JazzZeitung online\"},\"image\":{\"@id\":\"https:\\\/\\\/www.jazzzeitung.de\\\/cms\\\/#\\\/schema\\\/logo\\\/image\\\/\"},\"sameAs\":[\"https:\\\/\\\/www.facebook.com\\\/JazzZeitung\\\/\"]},{\"@type\":\"Person\",\"@id\":\"https:\\\/\\\/www.jazzzeitung.de\\\/cms\\\/#\\\/schema\\\/person\\\/2245b36b9cd1d24cea10f01c031fb92b\",\"name\":\"Redaktion JazzZeitung\",\"image\":{\"@type\":\"ImageObject\",\"inLanguage\":\"de\",\"@id\":\"https:\\\/\\\/i0.wp.com\\\/www.jazzzeitung.de\\\/cms\\\/wp-content\\\/uploads\\\/2015\\\/08\\\/JAZZZEITUNGDE_Logo_Neu.png?resize=96%2C96&ssl=159975dcacb611b5700bd619b5daf0a7a\",\"url\":\"https:\\\/\\\/i0.wp.com\\\/www.jazzzeitung.de\\\/cms\\\/wp-content\\\/uploads\\\/2015\\\/08\\\/JAZZZEITUNGDE_Logo_Neu.png?resize=96%2C96&ssl=1\",\"contentUrl\":\"https:\\\/\\\/i0.wp.com\\\/www.jazzzeitung.de\\\/cms\\\/wp-content\\\/uploads\\\/2015\\\/08\\\/JAZZZEITUNGDE_Logo_Neu.png?resize=96%2C96&ssl=1\",\"caption\":\"Redaktion JazzZeitung\"},\"description\":\"Artikel der Redaktion der JazzZeitung.\",\"sameAs\":[\"http:\\\/\\\/www.jazzzeitung.de\\\/cms\\\/\"],\"url\":\"https:\\\/\\\/www.jazzzeitung.de\\\/cms\\\/author\\\/redaktion\\\/\"}]}<\/script>\n<!-- \/ Yoast SEO plugin. -->","yoast_head_json":{"title":"+++ news +++ H\u00d6MMA 21 +++ Krawall de Cologne +++ Bayreuther Jazz-November +++ - JazzZeitung","robots":{"index":"index","follow":"follow","max-snippet":"max-snippet:-1","max-image-preview":"max-image-preview:large","max-video-preview":"max-video-preview:-1"},"canonical":"https:\/\/www.jazzzeitung.de\/cms\/2021\/09\/news-hoemma-21-krawall-de-cologne-bayreuther-jazz-november\/","og_locale":"de_DE","og_type":"article","og_title":"+++ news +++ H\u00d6MMA 21 +++ Krawall de Cologne +++ Bayreuther Jazz-November +++ - JazzZeitung","og_description":"H\u00d6MMA 21 \u2013 Das Jazzfestival in Oberhausen Der Ruhrpott swingt wieder: Zum f\u00fcnften Mal pr\u00e4sentiert das Oberhausener Jazzfestival H\u00d6MMA (hochdeutsch: \u201eh\u00f6r mal zu!&#8220;) im Herbst drei Tage lang Live-Acts an verschiedenen Locations im Stadtgebiet. Von Freitag, dem 8. Oktober 2021, bis Sonntag, dem 10. Oktober 2021, d\u00fcrfen sich Musikfans auf groovende Rhythmen und mitrei\u00dfende Improvisationen freuen. Zu den akustischen Leckerbissen geh\u00f6ren unter anderem der Auftritt von Nighthawks und das Konzert der WDR Big Band. Au\u00dferdem zu h\u00f6ren sind Inga L\u00fchning und Andr\u00e9 Nendza, RoMi, das Trio Accordion Affairs und Gunther Tiedemann. Weitere Informationen unter: www.hoemma-jazz.de Es gelten die beh\u00f6rdlichen Bestimmungen zum Coronaschutz. &nbsp; Krawall de Cologne \u201eFreude und k\u00f6lsche Lebensart\u201c Krawall de Cologne verjazzt Kr\u00e4tzjer des K\u00f6lner Liedermachers Willi Ostermann.\u00a0 Am 8. Oktober 2021, 20:00 Uhr stellt das Ensemble Krawall de Cologne \u2013 J\u00fcrgen Schockmann (Gesang &amp; Gitarre), Rolf Grommes (Schlagzeug) und Hans-G\u00fcnther Adam (Keyboard &amp; Pedalbass) \u2013 im gro\u00dfen R\u00f6mersaal des B\u00fcrgerhauses H\u00fcrth die Wandelbarkeit der Musik des k\u00f6lschen Originals unter Beweis. Das Ensemble betrachtet dabei die unvergesslichen Kr\u00e4tzjer des bekanntesten K\u00f6lner Lieders\u00e4ngers und Komponisten Willi Ostermann aus jazziger Perspektive. In den energiegeladenen Neu-Interpretationen &hellip;","og_url":"https:\/\/www.jazzzeitung.de\/cms\/2021\/09\/news-hoemma-21-krawall-de-cologne-bayreuther-jazz-november\/","og_site_name":"JazzZeitung","article_publisher":"https:\/\/www.facebook.com\/JazzZeitung\/","article_published_time":"2021-09-15T07:00:18+00:00","og_image":[{"width":831,"height":600,"url":"https:\/\/www.jazzzeitung.de\/cms\/wp-content\/uploads\/2021\/09\/P-JazzNov-2021-12-Huntertones-feat-Shayna-Steele-by-Shervin-Lainez-831x600.jpg","type":"image\/jpeg"}],"author":"Redaktion JazzZeitung","schema":{"@context":"https:\/\/schema.org","@graph":[{"@type":"Article","@id":"https:\/\/www.jazzzeitung.de\/cms\/2021\/09\/news-hoemma-21-krawall-de-cologne-bayreuther-jazz-november\/#article","isPartOf":{"@id":"https:\/\/www.jazzzeitung.de\/cms\/2021\/09\/news-hoemma-21-krawall-de-cologne-bayreuther-jazz-november\/"},"author":{"name":"Redaktion JazzZeitung","@id":"https:\/\/www.jazzzeitung.de\/cms\/#\/schema\/person\/2245b36b9cd1d24cea10f01c031fb92b"},"headline":"+++ news +++ H\u00d6MMA 21 +++ Krawall de Cologne +++ Bayreuther Jazz-November +++","datePublished":"2021-09-15T07:00:18+00:00","mainEntityOfPage":{"@id":"https:\/\/www.jazzzeitung.de\/cms\/2021\/09\/news-hoemma-21-krawall-de-cologne-bayreuther-jazz-november\/"},"wordCount":463,"commentCount":0,"publisher":{"@id":"https:\/\/www.jazzzeitung.de\/cms\/#organization"},"image":{"@id":"https:\/\/www.jazzzeitung.de\/cms\/2021\/09\/news-hoemma-21-krawall-de-cologne-bayreuther-jazz-november\/#primaryimage"},"thumbnailUrl":"https:\/\/i0.wp.com\/www.jazzzeitung.de\/cms\/wp-content\/uploads\/2021\/09\/P-JazzNov-2021-12-Huntertones-feat-Shayna-Steele-by-Shervin-Lainez.jpg?fit=2126%2C1535&ssl=1","keywords":["Accordion Affairs","Andre Nendza","Axiom","Bayreuth","Caro Trischler","Dejan Terzic","Ferge X Fisherman","Fragments","Gunther Tidemann","Hans-G\u00fcnther Adam","H\u00d6MMA","H\u00d6MMA 21","Huntertones","H\u00fcrth","Inga L\u00fchning","Jazzzeitung","jazzzet\u00edtung.de","J\u00fcrgen Schockmann","Kilian Sladek","K\u00f6ln","Krawall de Cologne","Nighthawks","Oberhausen","Ralf Schlegelmilch","Rolf Grommes","RoMi","Shake Stew","Shaya Steele","Ulf Kleiner","WDR BigBand","Willi Ostermann","Wolfgang Frank"],"articleSection":["News"],"inLanguage":"de","potentialAction":[{"@type":"CommentAction","name":"Comment","target":["https:\/\/www.jazzzeitung.de\/cms\/2021\/09\/news-hoemma-21-krawall-de-cologne-bayreuther-jazz-november\/#respond"]}]},{"@type":"WebPage","@id":"https:\/\/www.jazzzeitung.de\/cms\/2021\/09\/news-hoemma-21-krawall-de-cologne-bayreuther-jazz-november\/","url":"https:\/\/www.jazzzeitung.de\/cms\/2021\/09\/news-hoemma-21-krawall-de-cologne-bayreuther-jazz-november\/","name":"+++ news +++ H\u00d6MMA 21 +++ Krawall de Cologne +++ Bayreuther Jazz-November +++ - JazzZeitung","isPartOf":{"@id":"https:\/\/www.jazzzeitung.de\/cms\/#website"},"primaryImageOfPage":{"@id":"https:\/\/www.jazzzeitung.de\/cms\/2021\/09\/news-hoemma-21-krawall-de-cologne-bayreuther-jazz-november\/#primaryimage"},"image":{"@id":"https:\/\/www.jazzzeitung.de\/cms\/2021\/09\/news-hoemma-21-krawall-de-cologne-bayreuther-jazz-november\/#primaryimage"},"thumbnailUrl":"https:\/\/i0.wp.com\/www.jazzzeitung.de\/cms\/wp-content\/uploads\/2021\/09\/P-JazzNov-2021-12-Huntertones-feat-Shayna-Steele-by-Shervin-Lainez.jpg?fit=2126%2C1535&ssl=1","datePublished":"2021-09-15T07:00:18+00:00","breadcrumb":{"@id":"https:\/\/www.jazzzeitung.de\/cms\/2021\/09\/news-hoemma-21-krawall-de-cologne-bayreuther-jazz-november\/#breadcrumb"},"inLanguage":"de","potentialAction":[{"@type":"ReadAction","target":["https:\/\/www.jazzzeitung.de\/cms\/2021\/09\/news-hoemma-21-krawall-de-cologne-bayreuther-jazz-november\/"]}]},{"@type":"ImageObject","inLanguage":"de","@id":"https:\/\/www.jazzzeitung.de\/cms\/2021\/09\/news-hoemma-21-krawall-de-cologne-bayreuther-jazz-november\/#primaryimage","url":"https:\/\/i0.wp.com\/www.jazzzeitung.de\/cms\/wp-content\/uploads\/2021\/09\/P-JazzNov-2021-12-Huntertones-feat-Shayna-Steele-by-Shervin-Lainez.jpg?fit=2126%2C1535&ssl=1","contentUrl":"https:\/\/i0.wp.com\/www.jazzzeitung.de\/cms\/wp-content\/uploads\/2021\/09\/P-JazzNov-2021-12-Huntertones-feat-Shayna-Steele-by-Shervin-Lainez.jpg?fit=2126%2C1535&ssl=1","width":2126,"height":1535,"caption":"Huntertones-feat-Shayna-Steele-by-Shervin-Lainez"},{"@type":"BreadcrumbList","@id":"https:\/\/www.jazzzeitung.de\/cms\/2021\/09\/news-hoemma-21-krawall-de-cologne-bayreuther-jazz-november\/#breadcrumb","itemListElement":[{"@type":"ListItem","position":1,"name":"Startseite","item":"https:\/\/www.jazzzeitung.de\/cms\/"},{"@type":"ListItem","position":2,"name":"+++ news +++ H\u00d6MMA 21 +++ Krawall de Cologne +++ Bayreuther Jazz-November +++"}]},{"@type":"WebSite","@id":"https:\/\/www.jazzzeitung.de\/cms\/#website","url":"https:\/\/www.jazzzeitung.de\/cms\/","name":"JazzZeitung","description":"Jazz-News und Jazz-Kontroverses","publisher":{"@id":"https:\/\/www.jazzzeitung.de\/cms\/#organization"},"potentialAction":[{"@type":"SearchAction","target":{"@type":"EntryPoint","urlTemplate":"https:\/\/www.jazzzeitung.de\/cms\/?s={search_term_string}"},"query-input":{"@type":"PropertyValueSpecification","valueRequired":true,"valueName":"search_term_string"}}],"inLanguage":"de"},{"@type":"Organization","@id":"https:\/\/www.jazzzeitung.de\/cms\/#organization","name":"JazzZeitung online","url":"https:\/\/www.jazzzeitung.de\/cms\/","logo":{"@type":"ImageObject","inLanguage":"de","@id":"https:\/\/www.jazzzeitung.de\/cms\/#\/schema\/logo\/image\/","url":"https:\/\/i0.wp.com\/www.jazzzeitung.de\/cms\/wp-content\/uploads\/2015\/08\/JAZZZEITUNGDE_Logo_Neu.png?fit=499%2C200&ssl=1","contentUrl":"https:\/\/i0.wp.com\/www.jazzzeitung.de\/cms\/wp-content\/uploads\/2015\/08\/JAZZZEITUNGDE_Logo_Neu.png?fit=499%2C200&ssl=1","width":499,"height":200,"caption":"JazzZeitung online"},"image":{"@id":"https:\/\/www.jazzzeitung.de\/cms\/#\/schema\/logo\/image\/"},"sameAs":["https:\/\/www.facebook.com\/JazzZeitung\/"]},{"@type":"Person","@id":"https:\/\/www.jazzzeitung.de\/cms\/#\/schema\/person\/2245b36b9cd1d24cea10f01c031fb92b","name":"Redaktion JazzZeitung","image":{"@type":"ImageObject","inLanguage":"de","@id":"https:\/\/i0.wp.com\/www.jazzzeitung.de\/cms\/wp-content\/uploads\/2015\/08\/JAZZZEITUNGDE_Logo_Neu.png?resize=96%2C96&ssl=159975dcacb611b5700bd619b5daf0a7a","url":"https:\/\/i0.wp.com\/www.jazzzeitung.de\/cms\/wp-content\/uploads\/2015\/08\/JAZZZEITUNGDE_Logo_Neu.png?resize=96%2C96&ssl=1","contentUrl":"https:\/\/i0.wp.com\/www.jazzzeitung.de\/cms\/wp-content\/uploads\/2015\/08\/JAZZZEITUNGDE_Logo_Neu.png?resize=96%2C96&ssl=1","caption":"Redaktion JazzZeitung"},"description":"Artikel der Redaktion der JazzZeitung.","sameAs":["http:\/\/www.jazzzeitung.de\/cms\/"],"url":"https:\/\/www.jazzzeitung.de\/cms\/author\/redaktion\/"}]}},"wp-worthy-pixel":{"ignored":false,"public":null,"server":null,"url":null},"wp-worthy-type":"normal","jetpack_publicize_connections":[],"cc_featured_image_caption":{"caption_text":"","source_text":"","source_url":""},"jetpack_featured_media_url":"https:\/\/i0.wp.com\/www.jazzzeitung.de\/cms\/wp-content\/uploads\/2021\/09\/P-JazzNov-2021-12-Huntertones-feat-Shayna-Steele-by-Shervin-Lainez.jpg?fit=2126%2C1535&ssl=1","jetpack_shortlink":"https:\/\/wp.me\/p3KEcT-6HG","jetpack-related-posts":[{"id":28340,"url":"https:\/\/www.jazzzeitung.de\/cms\/2022\/09\/one-night-stand-jp-weber-im-huerther-jazzkeller-jazzahead-2023-jetzt-registrieren-hoemma-22-jazz-in-oberhausen\/","url_meta":{"origin":25772,"position":0},"title":"+++ \u201eOne-Night-Stand\u201c \u2013 JP Weber im H\u00fcrther Jazzkeller +++ jazzahead! 2023 \u2013 Jetzt Registrieren +++ H\u00d6MMA 22 \u2013 Jazz in Oberhausen +++","author":"Redaktion JazzZeitung","date":"21. September 2022","format":false,"excerpt":"+++ jazzahead! 2023 \u2013 Jetzt Registrieren +++ Vom 27.\u201330. April 2023 findet in Bremen die internationale Fachmesse jazzahead! in ihrer 17. Auflage statt. Ab dem 21. September k\u00f6nnen sich Austeller registrieren und ist ebenfalls Termin f\u00fcr die Showcase-Bewerbung. Die MESSE BREMEN plant die jazzahead! als Pr\u00e4senzveranstaltung,\u00a0 bietet aber auch hybride\u2026","rel":"","context":"In &quot;News&quot;","block_context":{"text":"News","link":"https:\/\/www.jazzzeitung.de\/cms\/thema\/nachrichten\/"},"img":{"alt_text":"","src":"https:\/\/i0.wp.com\/www.jazzzeitung.de\/cms\/wp-content\/uploads\/2022\/09\/20220428-jazzahead-1192-scaled-1.jpg?fit=800%2C1200&ssl=1&resize=350%2C200","width":350,"height":200,"srcset":"https:\/\/i0.wp.com\/www.jazzzeitung.de\/cms\/wp-content\/uploads\/2022\/09\/20220428-jazzahead-1192-scaled-1.jpg?fit=800%2C1200&ssl=1&resize=350%2C200 1x, https:\/\/i0.wp.com\/www.jazzzeitung.de\/cms\/wp-content\/uploads\/2022\/09\/20220428-jazzahead-1192-scaled-1.jpg?fit=800%2C1200&ssl=1&resize=525%2C300 1.5x, https:\/\/i0.wp.com\/www.jazzzeitung.de\/cms\/wp-content\/uploads\/2022\/09\/20220428-jazzahead-1192-scaled-1.jpg?fit=800%2C1200&ssl=1&resize=700%2C400 2x"},"classes":[]},{"id":13106,"url":"https:\/\/www.jazzzeitung.de\/cms\/2017\/07\/news-15-weidener-jazzseminar-hoemma-17-jazzfestival-oberhausen\/","url_meta":{"origin":25772,"position":1},"title":"+++ news +++ 15. Weidener Jazzseminar +++ H\u00f6mma 17 &#8211; Jazzfestival Oberhausen +++","author":"Redaktion JazzZeitung","date":"24. Juli 2017","format":false,"excerpt":"+++ 15. Weidener Jazzseminar +++ Seit 15 Jahren ist das Jazzseminar aus dem Weidener Jazzkalender nicht mehr wegzudenken. In Gruppen- und Einzelunterricht werden tags\u00fcber\u00a0in der Musikschule Jazzharmonik und -rhythmik einge\u00fcbt. An drei Abenden folgen dann\u00a0 Sessions im Jazz-Zirkel Domizil im Bistrot Paris.\u00a0Hier kann dann das interessierte Publikum\u00a0die Seminar-Combos live erleben.\u2026","rel":"","context":"In &quot;News&quot;","block_context":{"text":"News","link":"https:\/\/www.jazzzeitung.de\/cms\/thema\/nachrichten\/"},"img":{"alt_text":"","src":"https:\/\/i0.wp.com\/www.jazzzeitung.de\/cms\/wp-content\/uploads\/2017\/07\/Frau-Contra-Bass-150x150.jpeg?resize=350%2C200&ssl=1","width":350,"height":200},"classes":[]},{"id":20272,"url":"https:\/\/www.jazzzeitung.de\/cms\/2019\/08\/news-oberhausen-hoemma-jazzfestival-6-9-8-9-2019\/","url_meta":{"origin":25772,"position":2},"title":"+++ News +++ Oberhausen &#8211; &#8222;H\u00d6MMA&#8220;-Jazzfestival +++","author":"Redaktion JazzZeitung","date":"9. August 2019","format":false,"excerpt":"\u201cEntweder authentisch oder gar nicht\u201d (Frank Goosen) \u201cH\u00d6MMA\u201d (hochdeutsch: H\u00f6r mal) \u2013 ein Jazzfestival, das perfekt ins Ruhrgebiet passt: Zum dritten Mal beschenken lokale, nationale und internationale Top-K\u00fcnstler das Publikum mit unvergesslichen Musikerlebnissen. Was hier z\u00e4hlt, ist der Inhalt, nicht die Verpackung \u2013 typisch \u201ePott\u201c eben. Mit Unterst\u00fctzung der Stadt\u2026","rel":"","context":"In &quot;News&quot;","block_context":{"text":"News","link":"https:\/\/www.jazzzeitung.de\/cms\/thema\/nachrichten\/"},"img":{"alt_text":"","src":"https:\/\/i0.wp.com\/www.jazzzeitung.de\/cms\/wp-content\/uploads\/2019\/08\/Kinga_3529_Peter_Hoennemann-kl3-e1565081539489.jpg?fit=1200%2C822&ssl=1&resize=350%2C200","width":350,"height":200,"srcset":"https:\/\/i0.wp.com\/www.jazzzeitung.de\/cms\/wp-content\/uploads\/2019\/08\/Kinga_3529_Peter_Hoennemann-kl3-e1565081539489.jpg?fit=1200%2C822&ssl=1&resize=350%2C200 1x, https:\/\/i0.wp.com\/www.jazzzeitung.de\/cms\/wp-content\/uploads\/2019\/08\/Kinga_3529_Peter_Hoennemann-kl3-e1565081539489.jpg?fit=1200%2C822&ssl=1&resize=525%2C300 1.5x, https:\/\/i0.wp.com\/www.jazzzeitung.de\/cms\/wp-content\/uploads\/2019\/08\/Kinga_3529_Peter_Hoennemann-kl3-e1565081539489.jpg?fit=1200%2C822&ssl=1&resize=700%2C400 2x, https:\/\/i0.wp.com\/www.jazzzeitung.de\/cms\/wp-content\/uploads\/2019\/08\/Kinga_3529_Peter_Hoennemann-kl3-e1565081539489.jpg?fit=1200%2C822&ssl=1&resize=1050%2C600 3x"},"classes":[]},{"id":16884,"url":"https:\/\/www.jazzzeitung.de\/cms\/2018\/08\/16884\/","url_meta":{"origin":25772,"position":3},"title":"+++ Cultoursommer Halle l\u00e4utet seine Jazz-Woche ein +++ 2. H\u00f6mma Jazz Festival in Oberhausen +++ Violinenvirtuose Roy Sandro beim JazzBayreuth +++ Holzkirchen pr\u00e4sentiert Jazz, Blues und mehr","author":"Redaktion JazzZeitung","date":"7. August 2018","format":false,"excerpt":"+++ 6. Cultoursommerwoche +++ Auch in seiner zw\u00f6lften Auflage widmet der Cultoursommer seine letzte Woche traditionsgem\u00e4\u00df dem Jazz. Daf\u00fcr finden sich vom 8. bis 11. August zahlreiche Musiker in Halle an der Saale ein, um das universale Musikfestival mit dem ein oder anderen Standard ausklingen zu lassen. Den Auftakt macht\u2026","rel":"","context":"In &quot;News&quot;","block_context":{"text":"News","link":"https:\/\/www.jazzzeitung.de\/cms\/thema\/nachrichten\/"},"img":{"alt_text":"","src":"https:\/\/i0.wp.com\/www.jazzzeitung.de\/cms\/wp-content\/uploads\/2018\/08\/Igor-Lazarev-copyright-by-Igor-Lazarev-kl.jpg?fit=1200%2C800&ssl=1&resize=350%2C200","width":350,"height":200,"srcset":"https:\/\/i0.wp.com\/www.jazzzeitung.de\/cms\/wp-content\/uploads\/2018\/08\/Igor-Lazarev-copyright-by-Igor-Lazarev-kl.jpg?fit=1200%2C800&ssl=1&resize=350%2C200 1x, https:\/\/i0.wp.com\/www.jazzzeitung.de\/cms\/wp-content\/uploads\/2018\/08\/Igor-Lazarev-copyright-by-Igor-Lazarev-kl.jpg?fit=1200%2C800&ssl=1&resize=525%2C300 1.5x, https:\/\/i0.wp.com\/www.jazzzeitung.de\/cms\/wp-content\/uploads\/2018\/08\/Igor-Lazarev-copyright-by-Igor-Lazarev-kl.jpg?fit=1200%2C800&ssl=1&resize=700%2C400 2x, https:\/\/i0.wp.com\/www.jazzzeitung.de\/cms\/wp-content\/uploads\/2018\/08\/Igor-Lazarev-copyright-by-Igor-Lazarev-kl.jpg?fit=1200%2C800&ssl=1&resize=1050%2C600 3x"},"classes":[]},{"id":23911,"url":"https:\/\/www.jazzzeitung.de\/cms\/2020\/12\/streaming-tipp-krawall-de-cologne-und-walter-oepen-geben-ein-jazzig-literarisches-weihnachtskonzert\/","url_meta":{"origin":25772,"position":4},"title":"Streaming-Tipp: Krawall de Cologne und Walter Oepen geben ein jazzig-literarisches Weihnachtskonzert","author":"Redaktion JazzZeitung","date":"3. Dezember 2020","format":false,"excerpt":"N\u00e4, wat wor dat fr\u00f6her sch\u00f6n, als mer noch Chressnaach fiere kunnt. \u00c4vver in d\u00e4m kn\u00f6ppeldecke Johr 2020 is eja nix wie et wor. Doch et gitt, d\u00e4m leeve Godd sei et gedank, och Saache, die Corona nit kapoddkritt, un dozo geh\u00f6re de Musik un uns k\u00f6lsche Sproch! Aus genau\u2026","rel":"","context":"In &quot;News&quot;","block_context":{"text":"News","link":"https:\/\/www.jazzzeitung.de\/cms\/thema\/nachrichten\/"},"img":{"alt_text":"","src":"https:\/\/i0.wp.com\/www.jazzzeitung.de\/cms\/wp-content\/uploads\/2020\/12\/IMG_1183-scaled.jpg?fit=1200%2C900&ssl=1&resize=350%2C200","width":350,"height":200,"srcset":"https:\/\/i0.wp.com\/www.jazzzeitung.de\/cms\/wp-content\/uploads\/2020\/12\/IMG_1183-scaled.jpg?fit=1200%2C900&ssl=1&resize=350%2C200 1x, https:\/\/i0.wp.com\/www.jazzzeitung.de\/cms\/wp-content\/uploads\/2020\/12\/IMG_1183-scaled.jpg?fit=1200%2C900&ssl=1&resize=525%2C300 1.5x, https:\/\/i0.wp.com\/www.jazzzeitung.de\/cms\/wp-content\/uploads\/2020\/12\/IMG_1183-scaled.jpg?fit=1200%2C900&ssl=1&resize=700%2C400 2x, https:\/\/i0.wp.com\/www.jazzzeitung.de\/cms\/wp-content\/uploads\/2020\/12\/IMG_1183-scaled.jpg?fit=1200%2C900&ssl=1&resize=1050%2C600 3x"},"classes":[]},{"id":20735,"url":"https:\/\/www.jazzzeitung.de\/cms\/2019\/09\/news-35-jazz-festival-wuerzburg-2019-gary-smulyan-new-encounter-quintet-in-concert-multiphonics-festival-koeln-2019\/","url_meta":{"origin":25772,"position":5},"title":"+++ News +++ 35. Jazz Festival W\u00fcrzburg 2019 +++ Gary Smulyan &#8211; &#8222;New Encounter&#8220;-Quintet in Weiden+++ multiphonics Festival K\u00f6ln 2019 +++ Internationales Jazzfestival EBE-JAZZ 2019 in Ebersberg +++","author":"Redaktion JazzZeitung","date":"24. September 2019","format":false,"excerpt":"+++ 35. Jazz Festival W\u00fcrzburg 2019 +++ Auch in diesem Jahr beginnt der W\u00fcrzburger Herbst mit einem Jazzfestival der Jazzinitiative W\u00fcrzburg am 26. und 27. Oktober 2019 im W\u00fcrzburger Felix-Fechenbach-Haus.\u00a0 An zwei Abenden der 35. Ausgabe von \u201eJazz made in Germany\u201c, werden insgesamt sechs Bands auftretet. Der Headliner des Festivals\u2026","rel":"","context":"In &quot;News&quot;","block_context":{"text":"News","link":"https:\/\/www.jazzzeitung.de\/cms\/thema\/nachrichten\/"},"img":{"alt_text":"","src":"https:\/\/i0.wp.com\/www.jazzzeitung.de\/cms\/wp-content\/uploads\/2019\/09\/6-Jazzkantine_Foto_Marc-Stantien.jpg?fit=1200%2C830&ssl=1&resize=350%2C200","width":350,"height":200,"srcset":"https:\/\/i0.wp.com\/www.jazzzeitung.de\/cms\/wp-content\/uploads\/2019\/09\/6-Jazzkantine_Foto_Marc-Stantien.jpg?fit=1200%2C830&ssl=1&resize=350%2C200 1x, https:\/\/i0.wp.com\/www.jazzzeitung.de\/cms\/wp-content\/uploads\/2019\/09\/6-Jazzkantine_Foto_Marc-Stantien.jpg?fit=1200%2C830&ssl=1&resize=525%2C300 1.5x, https:\/\/i0.wp.com\/www.jazzzeitung.de\/cms\/wp-content\/uploads\/2019\/09\/6-Jazzkantine_Foto_Marc-Stantien.jpg?fit=1200%2C830&ssl=1&resize=700%2C400 2x, https:\/\/i0.wp.com\/www.jazzzeitung.de\/cms\/wp-content\/uploads\/2019\/09\/6-Jazzkantine_Foto_Marc-Stantien.jpg?fit=1200%2C830&ssl=1&resize=1050%2C600 3x"},"classes":[]}],"jetpack_sharing_enabled":true,"_links":{"self":[{"href":"https:\/\/www.jazzzeitung.de\/cms\/wp-json\/wp\/v2\/posts\/25772","targetHints":{"allow":["GET"]}}],"collection":[{"href":"https:\/\/www.jazzzeitung.de\/cms\/wp-json\/wp\/v2\/posts"}],"about":[{"href":"https:\/\/www.jazzzeitung.de\/cms\/wp-json\/wp\/v2\/types\/post"}],"author":[{"embeddable":true,"href":"https:\/\/www.jazzzeitung.de\/cms\/wp-json\/wp\/v2\/users\/18"}],"replies":[{"embeddable":true,"href":"https:\/\/www.jazzzeitung.de\/cms\/wp-json\/wp\/v2\/comments?post=25772"}],"version-history":[{"count":7,"href":"https:\/\/www.jazzzeitung.de\/cms\/wp-json\/wp\/v2\/posts\/25772\/revisions"}],"predecessor-version":[{"id":25794,"href":"https:\/\/www.jazzzeitung.de\/cms\/wp-json\/wp\/v2\/posts\/25772\/revisions\/25794"}],"wp:featuredmedia":[{"embeddable":true,"href":"https:\/\/www.jazzzeitung.de\/cms\/wp-json\/wp\/v2\/media\/25789"}],"wp:attachment":[{"href":"https:\/\/www.jazzzeitung.de\/cms\/wp-json\/wp\/v2\/media?parent=25772"}],"wp:term":[{"taxonomy":"category","embeddable":true,"href":"https:\/\/www.jazzzeitung.de\/cms\/wp-json\/wp\/v2\/categories?post=25772"},{"taxonomy":"post_tag","embeddable":true,"href":"https:\/\/www.jazzzeitung.de\/cms\/wp-json\/wp\/v2\/tags?post=25772"},{"taxonomy":"author","embeddable":true,"href":"https:\/\/www.jazzzeitung.de\/cms\/wp-json\/wp\/v2\/coauthors?post=25772"}],"curies":[{"name":"wp","href":"https:\/\/api.w.org\/{rel}","templated":true}]}}