{"id":2575,"date":"2013-10-30T10:32:55","date_gmt":"2013-10-30T09:32:55","guid":{"rendered":"http:\/\/www.jazzzeitung.de\/cms\/?p=2575"},"modified":"2013-10-31T10:07:30","modified_gmt":"2013-10-31T09:07:30","slug":"jazztage-dresden","status":"publish","type":"post","link":"https:\/\/www.jazzzeitung.de\/cms\/2013\/10\/jazztage-dresden\/","title":{"rendered":"Jazztage Dresden"},"content":{"rendered":"<p><a href=\"http:\/\/www.jazzzeitung.de\/cms\/wp-content\/uploads\/2013\/10\/Jazztage-Dresden.bmp\"><img loading=\"lazy\" decoding=\"async\" data-attachment-id=\"2576\" data-permalink=\"https:\/\/www.jazzzeitung.de\/cms\/2013\/10\/jazztage-dresden\/jazztage-dresden-2\/\" data-orig-file=\"https:\/\/www.jazzzeitung.de\/cms\/wp-content\/uploads\/2013\/10\/Jazztage-Dresden.bmp\" data-orig-size=\"\" data-comments-opened=\"1\" data-image-meta=\"[]\" data-image-title=\"Jazztage Dresden\" data-image-description=\"\" data-image-caption=\"\" data-large-file=\"https:\/\/www.jazzzeitung.de\/cms\/wp-content\/uploads\/2013\/10\/Jazztage-Dresden.bmp\" class=\"alignright size-thumbnail wp-image-2576\" alt=\"Jazztage Dresden\" src=\"http:\/\/www.jazzzeitung.de\/cms\/wp-content\/uploads\/2013\/10\/Jazztage-Dresden.bmp\" width=\"1\" height=\"1\" \/><\/a><a href=\"http:\/\/www.jazzzeitung.de\/cms\/wp-content\/uploads\/2013\/10\/Jazztage-Dresden.bmp\"><img loading=\"lazy\" decoding=\"async\" data-attachment-id=\"2576\" data-permalink=\"https:\/\/www.jazzzeitung.de\/cms\/2013\/10\/jazztage-dresden\/jazztage-dresden-2\/\" data-orig-file=\"https:\/\/www.jazzzeitung.de\/cms\/wp-content\/uploads\/2013\/10\/Jazztage-Dresden.bmp\" data-orig-size=\"\" data-comments-opened=\"1\" data-image-meta=\"[]\" data-image-title=\"Jazztage Dresden\" data-image-description=\"\" data-image-caption=\"\" data-large-file=\"https:\/\/www.jazzzeitung.de\/cms\/wp-content\/uploads\/2013\/10\/Jazztage-Dresden.bmp\" class=\"alignright size-thumbnail wp-image-2576\" alt=\"Jazztage Dresden\" src=\"http:\/\/www.jazzzeitung.de\/cms\/wp-content\/uploads\/2013\/10\/Jazztage-Dresden.bmp\" width=\"1\" height=\"1\" \/><\/a>Die Jazztage in Dresden stehen wieder vor der T\u00fcr: Am 8. November 2013 startet das l\u00e4ngste Jazzfestival Mitteldeutschlands. Es hat im 13. Jahr seines Bestehens noch mehr zu bieten \u2013 noch mehr Bands, noch mehr Konzerte, noch mehr Spielst\u00e4tten, noch mehr Jazz \u2013 als je zuvor. Unter dem Motto international \u2013 emotional \u2013 ph\u00e4nomenal, pr\u00e4sentiert das Festival \u00fcber 100 K\u00fcnstler in rund 30 Konzerten und Sessions an f\u00fcnfzehn Spielst\u00e4tten in der Landeshauptstadt und Umgebung.<\/p>\n<p><a href=\"https:\/\/i0.wp.com\/www.jazzzeitung.de\/cms\/wp-content\/uploads\/2013\/10\/Jazztage-Dresden.jpg\"><img data-recalc-dims=\"1\" loading=\"lazy\" decoding=\"async\" data-attachment-id=\"2579\" data-permalink=\"https:\/\/www.jazzzeitung.de\/cms\/2013\/10\/jazztage-dresden\/jazztage-dresden-3\/\" data-orig-file=\"https:\/\/i0.wp.com\/www.jazzzeitung.de\/cms\/wp-content\/uploads\/2013\/10\/Jazztage-Dresden.jpg?fit=378%2C373&amp;ssl=1\" data-orig-size=\"378,373\" data-comments-opened=\"1\" data-image-meta=\"{&quot;aperture&quot;:&quot;0&quot;,&quot;credit&quot;:&quot;&quot;,&quot;camera&quot;:&quot;&quot;,&quot;caption&quot;:&quot;&quot;,&quot;created_timestamp&quot;:&quot;0&quot;,&quot;copyright&quot;:&quot;&quot;,&quot;focal_length&quot;:&quot;0&quot;,&quot;iso&quot;:&quot;0&quot;,&quot;shutter_speed&quot;:&quot;0&quot;,&quot;title&quot;:&quot;&quot;}\" data-image-title=\"Jazztage Dresden\" data-image-description=\"\" data-image-caption=\"\" data-large-file=\"https:\/\/i0.wp.com\/www.jazzzeitung.de\/cms\/wp-content\/uploads\/2013\/10\/Jazztage-Dresden.jpg?fit=378%2C373&amp;ssl=1\" class=\"alignright size-thumbnail wp-image-2579\" alt=\"Jazztage Dresden\" src=\"https:\/\/i0.wp.com\/www.jazzzeitung.de\/cms\/wp-content\/uploads\/2013\/10\/Jazztage-Dresden-150x150.jpg?resize=150%2C150\" width=\"150\" height=\"150\" srcset=\"https:\/\/i0.wp.com\/www.jazzzeitung.de\/cms\/wp-content\/uploads\/2013\/10\/Jazztage-Dresden.jpg?resize=150%2C150&amp;ssl=1 150w, https:\/\/i0.wp.com\/www.jazzzeitung.de\/cms\/wp-content\/uploads\/2013\/10\/Jazztage-Dresden.jpg?resize=96%2C96&amp;ssl=1 96w, https:\/\/i0.wp.com\/www.jazzzeitung.de\/cms\/wp-content\/uploads\/2013\/10\/Jazztage-Dresden.jpg?resize=24%2C24&amp;ssl=1 24w, https:\/\/i0.wp.com\/www.jazzzeitung.de\/cms\/wp-content\/uploads\/2013\/10\/Jazztage-Dresden.jpg?resize=36%2C36&amp;ssl=1 36w, https:\/\/i0.wp.com\/www.jazzzeitung.de\/cms\/wp-content\/uploads\/2013\/10\/Jazztage-Dresden.jpg?resize=48%2C48&amp;ssl=1 48w, https:\/\/i0.wp.com\/www.jazzzeitung.de\/cms\/wp-content\/uploads\/2013\/10\/Jazztage-Dresden.jpg?resize=64%2C64&amp;ssl=1 64w, https:\/\/i0.wp.com\/www.jazzzeitung.de\/cms\/wp-content\/uploads\/2013\/10\/Jazztage-Dresden.jpg?resize=32%2C32&amp;ssl=1 32w, https:\/\/i0.wp.com\/www.jazzzeitung.de\/cms\/wp-content\/uploads\/2013\/10\/Jazztage-Dresden.jpg?resize=128%2C128&amp;ssl=1 128w, https:\/\/i0.wp.com\/www.jazzzeitung.de\/cms\/wp-content\/uploads\/2013\/10\/Jazztage-Dresden.jpg?zoom=2&amp;resize=150%2C150&amp;ssl=1 300w\" sizes=\"auto, (max-width: 150px) 100vw, 150px\" \/><\/a>Das internationale Festival hat sich Jazz in seiner gesamten Vielfalt und Bandbreite mit Schwerpunkt Crossover verschrieben. Internationale Stars der Szene sowie junge aufstrebende Talente pr\u00e4sentieren hochkar\u00e4tig das breite Spektrum des Jazz: Modern Jazz, Mainstream, Swing, Latin, Funk &amp; Soul, Fusion und popul\u00e4ren Jazz mit Ausfl\u00fcgen bis hin zu Rock, Pop, Beatbox und Klassik. Der Spagat zwischen Hochkultur und Clubkultur, zwischen passionierten Jazz- und Klassik-Fans und erlebnisoffenem Publikum von jung bis alt wird gewagt.<\/p>\n<p>In diesem Jahr wurde erstmals ein Gastland als Schwerpunkt ausgew\u00e4hlt: Den Zuschlag erhielt \u00d6sterreich. Zu den Starg\u00e4sten aus der Alpenrepublik z\u00e4hlen auch Mnozil Brass, ein Ensemble aus Virtuosen, das schon lange auf der Wunschliste der Veranstalter stand.<\/p>\n<p>Neu auch in diesem Jahr: Die Funk &amp; Soul Night zieht nach f\u00fcnf Jahren im Flughafenterminal ins Stadtzentrum in den Jazzclub Tonne und das Kurl\u00e4nder Palais.<\/p>\n<p>Zum Einstimmen gibt es am 30. Oktober schon ein kleines Vorabkonzert mit dem Bassisten Renaud Garcia-Fons im Societaetstheater. Und dann geht\u2018s am 9. November gleich los mit MAYBEBOP.<\/p>\n<p>Unter anderem spielen au\u00dferdem an den Dresdner Jazztagen Torsten Goods, Uwaga!, Georg Breinschmid, The Big Jazz Thing, und Quadro Nuevo.<\/p>\n<p>Das Abschlusskonzert, am 17. November 2013, bestreiten die Klazz Brothers &amp; Cuba Percussion im Schauspielhaus Gro\u00dfes Haus. Die Leipziger Formation gibt es so erst seit der aufsehenerregenden Cubatournee der Klazz Brothers. An diesem letzten Tag spielt auch Mnozil Brass im Schauspielhaus. Das Konzert ist leider jetzt bereits fast ausgebucht, doch die Band konnte schon f\u00fcrs n\u00e4chste Jahr, am 29. September 2014, wieder f\u00fcr Dresden gewonnen werden und spielt dann in der Com\u00f6die Dresden.<\/p>\n","protected":false},"excerpt":{"rendered":"<p>Die Jazztage in Dresden stehen wieder vor der T\u00fcr: Am 8. November 2013 startet das l\u00e4ngste Jazzfestival Mitteldeutschlands. Es hat im 13. Jahr seines Bestehens noch mehr zu bieten \u2013 noch mehr Bands, noch mehr Konzerte, noch mehr Spielst\u00e4tten, noch mehr Jazz \u2013 als je zuvor. Unter dem Motto international \u2013 emotional \u2013 ph\u00e4nomenal, pr\u00e4sentiert das Festival \u00fcber 100 K\u00fcnstler in rund 30 Konzerten und Sessions an f\u00fcnfzehn Spielst\u00e4tten in der Landeshauptstadt und Umgebung. Das internationale Festival hat sich Jazz in seiner gesamten Vielfalt und Bandbreite mit Schwerpunkt Crossover verschrieben. Internationale Stars der Szene sowie junge aufstrebende Talente pr\u00e4sentieren hochkar\u00e4tig das breite Spektrum des Jazz: Modern Jazz, Mainstream, Swing, Latin, Funk &amp; Soul, Fusion und popul\u00e4ren Jazz mit Ausfl\u00fcgen bis hin zu Rock, Pop, Beatbox und Klassik. Der Spagat zwischen Hochkultur und Clubkultur, zwischen passionierten Jazz- und Klassik-Fans und erlebnisoffenem Publikum von jung bis alt wird gewagt. In diesem Jahr wurde erstmals ein Gastland als Schwerpunkt ausgew\u00e4hlt: Den Zuschlag erhielt \u00d6sterreich. Zu den Starg\u00e4sten aus der Alpenrepublik z\u00e4hlen auch Mnozil Brass, ein Ensemble aus Virtuosen, das schon lange auf der Wunschliste der Veranstalter stand. Neu &hellip;<\/p>\n","protected":false},"author":18,"featured_media":0,"comment_status":"open","ping_status":"open","sticky":false,"template":"","format":"standard","meta":{"_jetpack_memberships_contains_paid_content":false,"footnotes":"","jetpack_publicize_message":"","jetpack_publicize_feature_enabled":true,"jetpack_social_post_already_shared":false,"jetpack_social_options":{"image_generator_settings":{"template":"highway","default_image_id":0,"font":"","enabled":false},"version":2}},"categories":[633],"tags":[154,3,271,286,746,747,322,745,744],"coauthors":[695],"class_list":["post-2575","post","type-post","status-publish","format-standard","hentry","category-nachrichten","tag-dresden","tag-festival","tag-jazzclub","tag-jazztage-dresden","tag-klazz-brothers","tag-klazz-brothers-cuba-percussion","tag-konzert-2","tag-maybebop","tag-mnozil-brass"],"yoast_head":"<!-- This site is optimized with the Yoast SEO plugin v27.5 - https:\/\/yoast.com\/product\/yoast-seo-wordpress\/ -->\n<title>Jazztage Dresden - JazzZeitung<\/title>\n<meta name=\"robots\" content=\"index, follow, max-snippet:-1, max-image-preview:large, max-video-preview:-1\" \/>\n<link rel=\"canonical\" href=\"https:\/\/www.jazzzeitung.de\/cms\/2013\/10\/jazztage-dresden\/\" \/>\n<meta property=\"og:locale\" content=\"de_DE\" \/>\n<meta property=\"og:type\" content=\"article\" \/>\n<meta property=\"og:title\" content=\"Jazztage Dresden - JazzZeitung\" \/>\n<meta property=\"og:description\" content=\"Die Jazztage in Dresden stehen wieder vor der T\u00fcr: Am 8. November 2013 startet das l\u00e4ngste Jazzfestival Mitteldeutschlands. Es hat im 13. Jahr seines Bestehens noch mehr zu bieten \u2013 noch mehr Bands, noch mehr Konzerte, noch mehr Spielst\u00e4tten, noch mehr Jazz \u2013 als je zuvor. Unter dem Motto international \u2013 emotional \u2013 ph\u00e4nomenal, pr\u00e4sentiert das Festival \u00fcber 100 K\u00fcnstler in rund 30 Konzerten und Sessions an f\u00fcnfzehn Spielst\u00e4tten in der Landeshauptstadt und Umgebung. Das internationale Festival hat sich Jazz in seiner gesamten Vielfalt und Bandbreite mit Schwerpunkt Crossover verschrieben. Internationale Stars der Szene sowie junge aufstrebende Talente pr\u00e4sentieren hochkar\u00e4tig das breite Spektrum des Jazz: Modern Jazz, Mainstream, Swing, Latin, Funk &amp; Soul, Fusion und popul\u00e4ren Jazz mit Ausfl\u00fcgen bis hin zu Rock, Pop, Beatbox und Klassik. Der Spagat zwischen Hochkultur und Clubkultur, zwischen passionierten Jazz- und Klassik-Fans und erlebnisoffenem Publikum von jung bis alt wird gewagt. In diesem Jahr wurde erstmals ein Gastland als Schwerpunkt ausgew\u00e4hlt: Den Zuschlag erhielt \u00d6sterreich. Zu den Starg\u00e4sten aus der Alpenrepublik z\u00e4hlen auch Mnozil Brass, ein Ensemble aus Virtuosen, das schon lange auf der Wunschliste der Veranstalter stand. Neu &hellip;\" \/>\n<meta property=\"og:url\" content=\"https:\/\/www.jazzzeitung.de\/cms\/2013\/10\/jazztage-dresden\/\" \/>\n<meta property=\"og:site_name\" content=\"JazzZeitung\" \/>\n<meta property=\"article:publisher\" content=\"https:\/\/www.facebook.com\/JazzZeitung\/\" \/>\n<meta property=\"article:published_time\" content=\"2013-10-30T09:32:55+00:00\" \/>\n<meta property=\"article:modified_time\" content=\"2013-10-31T09:07:30+00:00\" \/>\n<meta property=\"og:image\" content=\"http:\/\/www.jazzzeitung.de\/cms\/wp-content\/uploads\/2013\/10\/Jazztage-Dresden.bmp\" \/>\n<meta name=\"author\" content=\"Redaktion JazzZeitung\" \/>\n<script type=\"application\/ld+json\" class=\"yoast-schema-graph\">{\"@context\":\"https:\\\/\\\/schema.org\",\"@graph\":[{\"@type\":\"Article\",\"@id\":\"https:\\\/\\\/www.jazzzeitung.de\\\/cms\\\/2013\\\/10\\\/jazztage-dresden\\\/#article\",\"isPartOf\":{\"@id\":\"https:\\\/\\\/www.jazzzeitung.de\\\/cms\\\/2013\\\/10\\\/jazztage-dresden\\\/\"},\"author\":{\"name\":\"Redaktion JazzZeitung\",\"@id\":\"https:\\\/\\\/www.jazzzeitung.de\\\/cms\\\/#\\\/schema\\\/person\\\/2245b36b9cd1d24cea10f01c031fb92b\"},\"headline\":\"Jazztage Dresden\",\"datePublished\":\"2013-10-30T09:32:55+00:00\",\"dateModified\":\"2013-10-31T09:07:30+00:00\",\"mainEntityOfPage\":{\"@id\":\"https:\\\/\\\/www.jazzzeitung.de\\\/cms\\\/2013\\\/10\\\/jazztage-dresden\\\/\"},\"wordCount\":342,\"commentCount\":0,\"publisher\":{\"@id\":\"https:\\\/\\\/www.jazzzeitung.de\\\/cms\\\/#organization\"},\"image\":{\"@id\":\"https:\\\/\\\/www.jazzzeitung.de\\\/cms\\\/2013\\\/10\\\/jazztage-dresden\\\/#primaryimage\"},\"thumbnailUrl\":\"http:\\\/\\\/www.jazzzeitung.de\\\/cms\\\/wp-content\\\/uploads\\\/2013\\\/10\\\/Jazztage-Dresden.bmp\",\"keywords\":[\"Dresden\",\"Festival\",\"Jazzclub\",\"Jazztage Dresden\",\"Klazz Brothers\",\"Klazz Brothers &amp; Cuba Percussion\",\"Konzert\",\"Maybebop\",\"Mnozil Brass\"],\"articleSection\":[\"News\"],\"inLanguage\":\"de\",\"potentialAction\":[{\"@type\":\"CommentAction\",\"name\":\"Comment\",\"target\":[\"https:\\\/\\\/www.jazzzeitung.de\\\/cms\\\/2013\\\/10\\\/jazztage-dresden\\\/#respond\"]}]},{\"@type\":\"WebPage\",\"@id\":\"https:\\\/\\\/www.jazzzeitung.de\\\/cms\\\/2013\\\/10\\\/jazztage-dresden\\\/\",\"url\":\"https:\\\/\\\/www.jazzzeitung.de\\\/cms\\\/2013\\\/10\\\/jazztage-dresden\\\/\",\"name\":\"Jazztage Dresden - JazzZeitung\",\"isPartOf\":{\"@id\":\"https:\\\/\\\/www.jazzzeitung.de\\\/cms\\\/#website\"},\"primaryImageOfPage\":{\"@id\":\"https:\\\/\\\/www.jazzzeitung.de\\\/cms\\\/2013\\\/10\\\/jazztage-dresden\\\/#primaryimage\"},\"image\":{\"@id\":\"https:\\\/\\\/www.jazzzeitung.de\\\/cms\\\/2013\\\/10\\\/jazztage-dresden\\\/#primaryimage\"},\"thumbnailUrl\":\"http:\\\/\\\/www.jazzzeitung.de\\\/cms\\\/wp-content\\\/uploads\\\/2013\\\/10\\\/Jazztage-Dresden.bmp\",\"datePublished\":\"2013-10-30T09:32:55+00:00\",\"dateModified\":\"2013-10-31T09:07:30+00:00\",\"breadcrumb\":{\"@id\":\"https:\\\/\\\/www.jazzzeitung.de\\\/cms\\\/2013\\\/10\\\/jazztage-dresden\\\/#breadcrumb\"},\"inLanguage\":\"de\",\"potentialAction\":[{\"@type\":\"ReadAction\",\"target\":[\"https:\\\/\\\/www.jazzzeitung.de\\\/cms\\\/2013\\\/10\\\/jazztage-dresden\\\/\"]}]},{\"@type\":\"ImageObject\",\"inLanguage\":\"de\",\"@id\":\"https:\\\/\\\/www.jazzzeitung.de\\\/cms\\\/2013\\\/10\\\/jazztage-dresden\\\/#primaryimage\",\"url\":\"http:\\\/\\\/www.jazzzeitung.de\\\/cms\\\/wp-content\\\/uploads\\\/2013\\\/10\\\/Jazztage-Dresden.bmp\",\"contentUrl\":\"http:\\\/\\\/www.jazzzeitung.de\\\/cms\\\/wp-content\\\/uploads\\\/2013\\\/10\\\/Jazztage-Dresden.bmp\"},{\"@type\":\"BreadcrumbList\",\"@id\":\"https:\\\/\\\/www.jazzzeitung.de\\\/cms\\\/2013\\\/10\\\/jazztage-dresden\\\/#breadcrumb\",\"itemListElement\":[{\"@type\":\"ListItem\",\"position\":1,\"name\":\"Startseite\",\"item\":\"https:\\\/\\\/www.jazzzeitung.de\\\/cms\\\/\"},{\"@type\":\"ListItem\",\"position\":2,\"name\":\"Jazztage Dresden\"}]},{\"@type\":\"WebSite\",\"@id\":\"https:\\\/\\\/www.jazzzeitung.de\\\/cms\\\/#website\",\"url\":\"https:\\\/\\\/www.jazzzeitung.de\\\/cms\\\/\",\"name\":\"JazzZeitung\",\"description\":\"Jazz-News und Jazz-Kontroverses\",\"publisher\":{\"@id\":\"https:\\\/\\\/www.jazzzeitung.de\\\/cms\\\/#organization\"},\"potentialAction\":[{\"@type\":\"SearchAction\",\"target\":{\"@type\":\"EntryPoint\",\"urlTemplate\":\"https:\\\/\\\/www.jazzzeitung.de\\\/cms\\\/?s={search_term_string}\"},\"query-input\":{\"@type\":\"PropertyValueSpecification\",\"valueRequired\":true,\"valueName\":\"search_term_string\"}}],\"inLanguage\":\"de\"},{\"@type\":\"Organization\",\"@id\":\"https:\\\/\\\/www.jazzzeitung.de\\\/cms\\\/#organization\",\"name\":\"JazzZeitung online\",\"url\":\"https:\\\/\\\/www.jazzzeitung.de\\\/cms\\\/\",\"logo\":{\"@type\":\"ImageObject\",\"inLanguage\":\"de\",\"@id\":\"https:\\\/\\\/www.jazzzeitung.de\\\/cms\\\/#\\\/schema\\\/logo\\\/image\\\/\",\"url\":\"https:\\\/\\\/i0.wp.com\\\/www.jazzzeitung.de\\\/cms\\\/wp-content\\\/uploads\\\/2015\\\/08\\\/JAZZZEITUNGDE_Logo_Neu.png?fit=499%2C200&ssl=1\",\"contentUrl\":\"https:\\\/\\\/i0.wp.com\\\/www.jazzzeitung.de\\\/cms\\\/wp-content\\\/uploads\\\/2015\\\/08\\\/JAZZZEITUNGDE_Logo_Neu.png?fit=499%2C200&ssl=1\",\"width\":499,\"height\":200,\"caption\":\"JazzZeitung online\"},\"image\":{\"@id\":\"https:\\\/\\\/www.jazzzeitung.de\\\/cms\\\/#\\\/schema\\\/logo\\\/image\\\/\"},\"sameAs\":[\"https:\\\/\\\/www.facebook.com\\\/JazzZeitung\\\/\"]},{\"@type\":\"Person\",\"@id\":\"https:\\\/\\\/www.jazzzeitung.de\\\/cms\\\/#\\\/schema\\\/person\\\/2245b36b9cd1d24cea10f01c031fb92b\",\"name\":\"Redaktion JazzZeitung\",\"image\":{\"@type\":\"ImageObject\",\"inLanguage\":\"de\",\"@id\":\"https:\\\/\\\/i0.wp.com\\\/www.jazzzeitung.de\\\/cms\\\/wp-content\\\/uploads\\\/2015\\\/08\\\/JAZZZEITUNGDE_Logo_Neu.png?resize=96%2C96&ssl=159975dcacb611b5700bd619b5daf0a7a\",\"url\":\"https:\\\/\\\/i0.wp.com\\\/www.jazzzeitung.de\\\/cms\\\/wp-content\\\/uploads\\\/2015\\\/08\\\/JAZZZEITUNGDE_Logo_Neu.png?resize=96%2C96&ssl=1\",\"contentUrl\":\"https:\\\/\\\/i0.wp.com\\\/www.jazzzeitung.de\\\/cms\\\/wp-content\\\/uploads\\\/2015\\\/08\\\/JAZZZEITUNGDE_Logo_Neu.png?resize=96%2C96&ssl=1\",\"caption\":\"Redaktion JazzZeitung\"},\"description\":\"Artikel der Redaktion der JazzZeitung.\",\"sameAs\":[\"http:\\\/\\\/www.jazzzeitung.de\\\/cms\\\/\"],\"url\":\"https:\\\/\\\/www.jazzzeitung.de\\\/cms\\\/author\\\/redaktion\\\/\"}]}<\/script>\n<!-- \/ Yoast SEO plugin. -->","yoast_head_json":{"title":"Jazztage Dresden - JazzZeitung","robots":{"index":"index","follow":"follow","max-snippet":"max-snippet:-1","max-image-preview":"max-image-preview:large","max-video-preview":"max-video-preview:-1"},"canonical":"https:\/\/www.jazzzeitung.de\/cms\/2013\/10\/jazztage-dresden\/","og_locale":"de_DE","og_type":"article","og_title":"Jazztage Dresden - JazzZeitung","og_description":"Die Jazztage in Dresden stehen wieder vor der T\u00fcr: Am 8. November 2013 startet das l\u00e4ngste Jazzfestival Mitteldeutschlands. Es hat im 13. Jahr seines Bestehens noch mehr zu bieten \u2013 noch mehr Bands, noch mehr Konzerte, noch mehr Spielst\u00e4tten, noch mehr Jazz \u2013 als je zuvor. Unter dem Motto international \u2013 emotional \u2013 ph\u00e4nomenal, pr\u00e4sentiert das Festival \u00fcber 100 K\u00fcnstler in rund 30 Konzerten und Sessions an f\u00fcnfzehn Spielst\u00e4tten in der Landeshauptstadt und Umgebung. Das internationale Festival hat sich Jazz in seiner gesamten Vielfalt und Bandbreite mit Schwerpunkt Crossover verschrieben. Internationale Stars der Szene sowie junge aufstrebende Talente pr\u00e4sentieren hochkar\u00e4tig das breite Spektrum des Jazz: Modern Jazz, Mainstream, Swing, Latin, Funk &amp; Soul, Fusion und popul\u00e4ren Jazz mit Ausfl\u00fcgen bis hin zu Rock, Pop, Beatbox und Klassik. Der Spagat zwischen Hochkultur und Clubkultur, zwischen passionierten Jazz- und Klassik-Fans und erlebnisoffenem Publikum von jung bis alt wird gewagt. In diesem Jahr wurde erstmals ein Gastland als Schwerpunkt ausgew\u00e4hlt: Den Zuschlag erhielt \u00d6sterreich. Zu den Starg\u00e4sten aus der Alpenrepublik z\u00e4hlen auch Mnozil Brass, ein Ensemble aus Virtuosen, das schon lange auf der Wunschliste der Veranstalter stand. Neu &hellip;","og_url":"https:\/\/www.jazzzeitung.de\/cms\/2013\/10\/jazztage-dresden\/","og_site_name":"JazzZeitung","article_publisher":"https:\/\/www.facebook.com\/JazzZeitung\/","article_published_time":"2013-10-30T09:32:55+00:00","article_modified_time":"2013-10-31T09:07:30+00:00","og_image":[{"url":"http:\/\/www.jazzzeitung.de\/cms\/wp-content\/uploads\/2013\/10\/Jazztage-Dresden.bmp","type":"","width":"","height":""}],"author":"Redaktion JazzZeitung","schema":{"@context":"https:\/\/schema.org","@graph":[{"@type":"Article","@id":"https:\/\/www.jazzzeitung.de\/cms\/2013\/10\/jazztage-dresden\/#article","isPartOf":{"@id":"https:\/\/www.jazzzeitung.de\/cms\/2013\/10\/jazztage-dresden\/"},"author":{"name":"Redaktion JazzZeitung","@id":"https:\/\/www.jazzzeitung.de\/cms\/#\/schema\/person\/2245b36b9cd1d24cea10f01c031fb92b"},"headline":"Jazztage Dresden","datePublished":"2013-10-30T09:32:55+00:00","dateModified":"2013-10-31T09:07:30+00:00","mainEntityOfPage":{"@id":"https:\/\/www.jazzzeitung.de\/cms\/2013\/10\/jazztage-dresden\/"},"wordCount":342,"commentCount":0,"publisher":{"@id":"https:\/\/www.jazzzeitung.de\/cms\/#organization"},"image":{"@id":"https:\/\/www.jazzzeitung.de\/cms\/2013\/10\/jazztage-dresden\/#primaryimage"},"thumbnailUrl":"http:\/\/www.jazzzeitung.de\/cms\/wp-content\/uploads\/2013\/10\/Jazztage-Dresden.bmp","keywords":["Dresden","Festival","Jazzclub","Jazztage Dresden","Klazz Brothers","Klazz Brothers &amp; Cuba Percussion","Konzert","Maybebop","Mnozil Brass"],"articleSection":["News"],"inLanguage":"de","potentialAction":[{"@type":"CommentAction","name":"Comment","target":["https:\/\/www.jazzzeitung.de\/cms\/2013\/10\/jazztage-dresden\/#respond"]}]},{"@type":"WebPage","@id":"https:\/\/www.jazzzeitung.de\/cms\/2013\/10\/jazztage-dresden\/","url":"https:\/\/www.jazzzeitung.de\/cms\/2013\/10\/jazztage-dresden\/","name":"Jazztage Dresden - JazzZeitung","isPartOf":{"@id":"https:\/\/www.jazzzeitung.de\/cms\/#website"},"primaryImageOfPage":{"@id":"https:\/\/www.jazzzeitung.de\/cms\/2013\/10\/jazztage-dresden\/#primaryimage"},"image":{"@id":"https:\/\/www.jazzzeitung.de\/cms\/2013\/10\/jazztage-dresden\/#primaryimage"},"thumbnailUrl":"http:\/\/www.jazzzeitung.de\/cms\/wp-content\/uploads\/2013\/10\/Jazztage-Dresden.bmp","datePublished":"2013-10-30T09:32:55+00:00","dateModified":"2013-10-31T09:07:30+00:00","breadcrumb":{"@id":"https:\/\/www.jazzzeitung.de\/cms\/2013\/10\/jazztage-dresden\/#breadcrumb"},"inLanguage":"de","potentialAction":[{"@type":"ReadAction","target":["https:\/\/www.jazzzeitung.de\/cms\/2013\/10\/jazztage-dresden\/"]}]},{"@type":"ImageObject","inLanguage":"de","@id":"https:\/\/www.jazzzeitung.de\/cms\/2013\/10\/jazztage-dresden\/#primaryimage","url":"http:\/\/www.jazzzeitung.de\/cms\/wp-content\/uploads\/2013\/10\/Jazztage-Dresden.bmp","contentUrl":"http:\/\/www.jazzzeitung.de\/cms\/wp-content\/uploads\/2013\/10\/Jazztage-Dresden.bmp"},{"@type":"BreadcrumbList","@id":"https:\/\/www.jazzzeitung.de\/cms\/2013\/10\/jazztage-dresden\/#breadcrumb","itemListElement":[{"@type":"ListItem","position":1,"name":"Startseite","item":"https:\/\/www.jazzzeitung.de\/cms\/"},{"@type":"ListItem","position":2,"name":"Jazztage Dresden"}]},{"@type":"WebSite","@id":"https:\/\/www.jazzzeitung.de\/cms\/#website","url":"https:\/\/www.jazzzeitung.de\/cms\/","name":"JazzZeitung","description":"Jazz-News und Jazz-Kontroverses","publisher":{"@id":"https:\/\/www.jazzzeitung.de\/cms\/#organization"},"potentialAction":[{"@type":"SearchAction","target":{"@type":"EntryPoint","urlTemplate":"https:\/\/www.jazzzeitung.de\/cms\/?s={search_term_string}"},"query-input":{"@type":"PropertyValueSpecification","valueRequired":true,"valueName":"search_term_string"}}],"inLanguage":"de"},{"@type":"Organization","@id":"https:\/\/www.jazzzeitung.de\/cms\/#organization","name":"JazzZeitung online","url":"https:\/\/www.jazzzeitung.de\/cms\/","logo":{"@type":"ImageObject","inLanguage":"de","@id":"https:\/\/www.jazzzeitung.de\/cms\/#\/schema\/logo\/image\/","url":"https:\/\/i0.wp.com\/www.jazzzeitung.de\/cms\/wp-content\/uploads\/2015\/08\/JAZZZEITUNGDE_Logo_Neu.png?fit=499%2C200&ssl=1","contentUrl":"https:\/\/i0.wp.com\/www.jazzzeitung.de\/cms\/wp-content\/uploads\/2015\/08\/JAZZZEITUNGDE_Logo_Neu.png?fit=499%2C200&ssl=1","width":499,"height":200,"caption":"JazzZeitung online"},"image":{"@id":"https:\/\/www.jazzzeitung.de\/cms\/#\/schema\/logo\/image\/"},"sameAs":["https:\/\/www.facebook.com\/JazzZeitung\/"]},{"@type":"Person","@id":"https:\/\/www.jazzzeitung.de\/cms\/#\/schema\/person\/2245b36b9cd1d24cea10f01c031fb92b","name":"Redaktion JazzZeitung","image":{"@type":"ImageObject","inLanguage":"de","@id":"https:\/\/i0.wp.com\/www.jazzzeitung.de\/cms\/wp-content\/uploads\/2015\/08\/JAZZZEITUNGDE_Logo_Neu.png?resize=96%2C96&ssl=159975dcacb611b5700bd619b5daf0a7a","url":"https:\/\/i0.wp.com\/www.jazzzeitung.de\/cms\/wp-content\/uploads\/2015\/08\/JAZZZEITUNGDE_Logo_Neu.png?resize=96%2C96&ssl=1","contentUrl":"https:\/\/i0.wp.com\/www.jazzzeitung.de\/cms\/wp-content\/uploads\/2015\/08\/JAZZZEITUNGDE_Logo_Neu.png?resize=96%2C96&ssl=1","caption":"Redaktion JazzZeitung"},"description":"Artikel der Redaktion der JazzZeitung.","sameAs":["http:\/\/www.jazzzeitung.de\/cms\/"],"url":"https:\/\/www.jazzzeitung.de\/cms\/author\/redaktion\/"}]}},"wp-worthy-pixel":{"ignored":false,"public":null,"server":null,"url":null},"wp-worthy-type":"normal","jetpack_publicize_connections":[],"cc_featured_image_caption":{"caption_text":false,"source_text":false,"source_url":false},"jetpack_featured_media_url":"","jetpack_shortlink":"https:\/\/wp.me\/p3KEcT-Fx","jetpack-related-posts":[{"id":10703,"url":"https:\/\/www.jazzzeitung.de\/cms\/2016\/11\/von-unkersdorf-an-den-elbestrand-die-16-jazztage-dresden-widmen-sich-den-lebenden-legenden\/","url_meta":{"origin":2575,"position":0},"title":"Geschichtsbewusst: Die 16. Jazztage Dresden widmen sich den lebenden Legenden","author":"Redaktion JazzZeitung","date":"3. November 2016","format":false,"excerpt":"Der 16. Festivaljahrgang der Jazztage Dresden ist ganz dem Thema LIVING LEGENDS gewidmet und somit den Stars und Legenden des Jazz. Mit dabei sind einerseits Al Jarreau (Foto. (c) Yvonne Schmedemann), Stanley Clarke, Klaus Doldinger, Chris Barber und Al di Meola, die nach wie vor auf den B\u00fchnen dieser Welt\u2026","rel":"","context":"In &quot;News&quot;","block_context":{"text":"News","link":"https:\/\/www.jazzzeitung.de\/cms\/thema\/nachrichten\/"},"img":{"alt_text":"","src":"https:\/\/i0.wp.com\/www.jazzzeitung.de\/cms\/wp-content\/uploads\/2016\/11\/16-11-05_Al-Jarreau-NDR-Bigband_Erlwein-Capitol_JT16%C2%A9-Yvonne-Schmedemann_Ensemble_2.jpg?fit=1200%2C795&ssl=1&resize=350%2C200","width":350,"height":200,"srcset":"https:\/\/i0.wp.com\/www.jazzzeitung.de\/cms\/wp-content\/uploads\/2016\/11\/16-11-05_Al-Jarreau-NDR-Bigband_Erlwein-Capitol_JT16%C2%A9-Yvonne-Schmedemann_Ensemble_2.jpg?fit=1200%2C795&ssl=1&resize=350%2C200 1x, https:\/\/i0.wp.com\/www.jazzzeitung.de\/cms\/wp-content\/uploads\/2016\/11\/16-11-05_Al-Jarreau-NDR-Bigband_Erlwein-Capitol_JT16%C2%A9-Yvonne-Schmedemann_Ensemble_2.jpg?fit=1200%2C795&ssl=1&resize=525%2C300 1.5x, https:\/\/i0.wp.com\/www.jazzzeitung.de\/cms\/wp-content\/uploads\/2016\/11\/16-11-05_Al-Jarreau-NDR-Bigband_Erlwein-Capitol_JT16%C2%A9-Yvonne-Schmedemann_Ensemble_2.jpg?fit=1200%2C795&ssl=1&resize=700%2C400 2x, https:\/\/i0.wp.com\/www.jazzzeitung.de\/cms\/wp-content\/uploads\/2016\/11\/16-11-05_Al-Jarreau-NDR-Bigband_Erlwein-Capitol_JT16%C2%A9-Yvonne-Schmedemann_Ensemble_2.jpg?fit=1200%2C795&ssl=1&resize=1050%2C600 3x"},"classes":[]},{"id":22515,"url":"https:\/\/www.jazzzeitung.de\/cms\/2020\/05\/news-zukunft-dresden-mit-oder-ohne-jazztage-dresden-bewerbungsfrist-verlaengert-radio-oe1-jazz-stipendium-2020\/","url_meta":{"origin":2575,"position":1},"title":"+++ news +++ Zukunft Dresden: mit oder ohne Jazztage Dresden? +++ Bewerbungsfrist verl\u00e4ngert: Radio \u00d61 Jazz-Stipendium 2020 +++","author":"Redaktion JazzZeitung","date":"12. Mai 2020","format":false,"excerpt":"+++ Pressemitteilung des Teams der Jazztage Dresden +++ Eine sch\u00f6ne Sache k\u00f6nnen wir der aktuellen Situation abgewinnen \u2013 wir h\u00f6ren \u00f6fter voneinander. Wir sind im Gespr\u00e4ch mit zahlreichen politischen Akteuren, ben\u00f6tigen aber Ihre breite Unterst\u00fctzung gerade jetzt in Bezug auf die Kulturentwicklung der Stadt Dresden. Hier hei\u00dft es simpel: Wir\u2026","rel":"","context":"In &quot;News&quot;","block_context":{"text":"News","link":"https:\/\/www.jazzzeitung.de\/cms\/thema\/nachrichten\/"},"img":{"alt_text":"","src":"https:\/\/i0.wp.com\/www.jazzzeitung.de\/cms\/wp-content\/uploads\/2020\/05\/pub-3284641_1920.jpg?fit=1200%2C800&ssl=1&resize=350%2C200","width":350,"height":200,"srcset":"https:\/\/i0.wp.com\/www.jazzzeitung.de\/cms\/wp-content\/uploads\/2020\/05\/pub-3284641_1920.jpg?fit=1200%2C800&ssl=1&resize=350%2C200 1x, https:\/\/i0.wp.com\/www.jazzzeitung.de\/cms\/wp-content\/uploads\/2020\/05\/pub-3284641_1920.jpg?fit=1200%2C800&ssl=1&resize=525%2C300 1.5x, https:\/\/i0.wp.com\/www.jazzzeitung.de\/cms\/wp-content\/uploads\/2020\/05\/pub-3284641_1920.jpg?fit=1200%2C800&ssl=1&resize=700%2C400 2x, https:\/\/i0.wp.com\/www.jazzzeitung.de\/cms\/wp-content\/uploads\/2020\/05\/pub-3284641_1920.jpg?fit=1200%2C800&ssl=1&resize=1050%2C600 3x"},"classes":[]},{"id":577,"url":"https:\/\/www.jazzzeitung.de\/cms\/2010\/11\/jazztage-dresden-senden-s-o-s\/","url_meta":{"origin":2575,"position":2},"title":"Jazztage Dresden senden S.O.S","author":"J\u00f6rg Lichtinger","date":"19. November 2010","format":false,"excerpt":"Bitter f\u00fcr die chronisch defizit\u00e4r arbeitendenden Jazztage Dresden: Bei der k\u00fcrzlich zu Ende gegangenen Ausgabe 2010 hat das Festival mit rund 13.000 Besuchern einen Rekord aufgestellt, obwohl man aus Geldmangel sowohl das Werbebudget um 75 % k\u00fcrzen, als auch die Dauer des Festivals um f\u00fcnf Tage reduzieren musste. Trotzdem steht\u2026","rel":"","context":"In &quot;Blog&quot;","block_context":{"text":"Blog","link":"https:\/\/www.jazzzeitung.de\/cms\/thema\/blog\/"},"img":{"alt_text":"logo","src":"https:\/\/i0.wp.com\/www.jazzzeitung.de\/cms\/wp-content\/uploads\/2010\/11\/logo.png?resize=350%2C200","width":350,"height":200},"classes":[]},{"id":9361,"url":"https:\/\/www.jazzzeitung.de\/cms\/2016\/05\/news-mehrere-jazzevents-klopfen-der-tuer-erdingen-goerlitz-und-im-spaetherbst-dresden\/","url_meta":{"origin":2575,"position":3},"title":"+++ News: +++ Mehrere Jazzevents klopfen an der T\u00fcr: Erding, G\u00f6rlitz und im Sp\u00e4therbst: Dresden +++","author":"Redaktion JazzZeitung","date":"20. Mai 2016","format":false,"excerpt":"Einige Jazzevents klopfen nun an die T\u00fcr \u2013 beginnend am 25. Mai in Erding \u00fcber G\u00f6rlitz am 26. Mai bis nach Dresden, wo am 2. Juni der Kartenvorverkauf f\u00fcr die Dresdener Jazztage startet. Am Mittwoch geht es wieder los mit den Konzerten des Jazz Project Erding im renovierten und neu\u2026","rel":"","context":"In &quot;News&quot;","block_context":{"text":"News","link":"https:\/\/www.jazzzeitung.de\/cms\/thema\/nachrichten\/"},"img":{"alt_text":"","src":"https:\/\/i0.wp.com\/www.jazzzeitung.de\/cms\/wp-content\/uploads\/2016\/05\/JazzLegends-feat-Julia-Schroeter_800x367_4w3.jpg?resize=350%2C200","width":350,"height":200},"classes":[]},{"id":23624,"url":"https:\/\/www.jazzzeitung.de\/cms\/2020\/10\/daniele-ganser-bei-den-jazztagen-dresden-ein-politikum\/","url_meta":{"origin":2575,"position":4},"title":"Daniele Ganser bei den Jazztagen Dresden &#8211; ein Politikum","author":"Redaktion JazzZeitung","date":"14. Oktober 2020","format":false,"excerpt":"Gro\u00dfe Aufregung um den Vortrag von Daniele Ganser bei den Jazztagen Dresden, die am 21. Oktober 2020 starten. Es erreichten uns einige Mails von Kritikern. Wir als Medium haben nun gesammelt und stellen unseren Leserinnen und Lesern unzensiert und objektiv folgende Informationen zur Verf\u00fcgung: Stellungnahme der Jazztage Dresden Seit Ende\u2026","rel":"","context":"In &quot;News&quot;","block_context":{"text":"News","link":"https:\/\/www.jazzzeitung.de\/cms\/thema\/nachrichten\/"},"img":{"alt_text":"","src":"https:\/\/i0.wp.com\/www.jazzzeitung.de\/cms\/wp-content\/uploads\/2020\/10\/micro-1494436_1920.jpg?fit=1200%2C800&ssl=1&resize=350%2C200","width":350,"height":200,"srcset":"https:\/\/i0.wp.com\/www.jazzzeitung.de\/cms\/wp-content\/uploads\/2020\/10\/micro-1494436_1920.jpg?fit=1200%2C800&ssl=1&resize=350%2C200 1x, https:\/\/i0.wp.com\/www.jazzzeitung.de\/cms\/wp-content\/uploads\/2020\/10\/micro-1494436_1920.jpg?fit=1200%2C800&ssl=1&resize=525%2C300 1.5x, https:\/\/i0.wp.com\/www.jazzzeitung.de\/cms\/wp-content\/uploads\/2020\/10\/micro-1494436_1920.jpg?fit=1200%2C800&ssl=1&resize=700%2C400 2x, https:\/\/i0.wp.com\/www.jazzzeitung.de\/cms\/wp-content\/uploads\/2020\/10\/micro-1494436_1920.jpg?fit=1200%2C800&ssl=1&resize=1050%2C600 3x"},"classes":[]},{"id":28768,"url":"https:\/\/www.jazzzeitung.de\/cms\/2022\/12\/news-jazz-heroes-sparda-jazz-award-2023-und-kubanische-weihnachten\/","url_meta":{"origin":2575,"position":5},"title":"+++ News: Jazz Heroes, Sparda Jazz Award 2023 und kubanische Weihnachten +++","author":"Redaktion JazzZeitung","date":"8. Dezember 2022","format":false,"excerpt":"+++ \"JAZZ HEROES\" Bewerbung noch bis 9. Dezember 20022 +++ Der neu gew\u00e4hlte Vorstand der Jazz Federation Hamburg (JFH) m\u00f6chte sich daf\u00fcr einsetzen, das Gender-Equality sich m\u00f6glichst kurzfristig in der Veranstaltungs-Programmatik der JFH widerspiegelt und vom Verein intern sowie extern wahrnehmbar gelebt wird. Auch in 2023 wird die Jazz Federation\u2026","rel":"","context":"In &quot;News&quot;","block_context":{"text":"News","link":"https:\/\/www.jazzzeitung.de\/cms\/thema\/nachrichten\/"},"img":{"alt_text":"","src":"https:\/\/i0.wp.com\/www.jazzzeitung.de\/cms\/wp-content\/uploads\/2022\/12\/20191017_Hannah-Weiss-Group_Foto-Susann-Jehnichen_13-e1670493083261.jpg?fit=1200%2C750&ssl=1&resize=350%2C200","width":350,"height":200,"srcset":"https:\/\/i0.wp.com\/www.jazzzeitung.de\/cms\/wp-content\/uploads\/2022\/12\/20191017_Hannah-Weiss-Group_Foto-Susann-Jehnichen_13-e1670493083261.jpg?fit=1200%2C750&ssl=1&resize=350%2C200 1x, https:\/\/i0.wp.com\/www.jazzzeitung.de\/cms\/wp-content\/uploads\/2022\/12\/20191017_Hannah-Weiss-Group_Foto-Susann-Jehnichen_13-e1670493083261.jpg?fit=1200%2C750&ssl=1&resize=525%2C300 1.5x, https:\/\/i0.wp.com\/www.jazzzeitung.de\/cms\/wp-content\/uploads\/2022\/12\/20191017_Hannah-Weiss-Group_Foto-Susann-Jehnichen_13-e1670493083261.jpg?fit=1200%2C750&ssl=1&resize=700%2C400 2x, https:\/\/i0.wp.com\/www.jazzzeitung.de\/cms\/wp-content\/uploads\/2022\/12\/20191017_Hannah-Weiss-Group_Foto-Susann-Jehnichen_13-e1670493083261.jpg?fit=1200%2C750&ssl=1&resize=1050%2C600 3x"},"classes":[]}],"jetpack_sharing_enabled":true,"_links":{"self":[{"href":"https:\/\/www.jazzzeitung.de\/cms\/wp-json\/wp\/v2\/posts\/2575","targetHints":{"allow":["GET"]}}],"collection":[{"href":"https:\/\/www.jazzzeitung.de\/cms\/wp-json\/wp\/v2\/posts"}],"about":[{"href":"https:\/\/www.jazzzeitung.de\/cms\/wp-json\/wp\/v2\/types\/post"}],"author":[{"embeddable":true,"href":"https:\/\/www.jazzzeitung.de\/cms\/wp-json\/wp\/v2\/users\/18"}],"replies":[{"embeddable":true,"href":"https:\/\/www.jazzzeitung.de\/cms\/wp-json\/wp\/v2\/comments?post=2575"}],"version-history":[{"count":6,"href":"https:\/\/www.jazzzeitung.de\/cms\/wp-json\/wp\/v2\/posts\/2575\/revisions"}],"predecessor-version":[{"id":2584,"href":"https:\/\/www.jazzzeitung.de\/cms\/wp-json\/wp\/v2\/posts\/2575\/revisions\/2584"}],"wp:attachment":[{"href":"https:\/\/www.jazzzeitung.de\/cms\/wp-json\/wp\/v2\/media?parent=2575"}],"wp:term":[{"taxonomy":"category","embeddable":true,"href":"https:\/\/www.jazzzeitung.de\/cms\/wp-json\/wp\/v2\/categories?post=2575"},{"taxonomy":"post_tag","embeddable":true,"href":"https:\/\/www.jazzzeitung.de\/cms\/wp-json\/wp\/v2\/tags?post=2575"},{"taxonomy":"author","embeddable":true,"href":"https:\/\/www.jazzzeitung.de\/cms\/wp-json\/wp\/v2\/coauthors?post=2575"}],"curies":[{"name":"wp","href":"https:\/\/api.w.org\/{rel}","templated":true}]}}