{"id":25696,"date":"2021-09-07T10:44:00","date_gmt":"2021-09-07T08:44:00","guid":{"rendered":"https:\/\/www.jazzzeitung.de\/cms\/?p=25696"},"modified":"2021-09-07T10:44:00","modified_gmt":"2021-09-07T08:44:00","slug":"news-58-jazzwerkstatt-peitz-kollektiv-in-der-kunsttankstelle-luebeck","status":"publish","type":"post","link":"https:\/\/www.jazzzeitung.de\/cms\/2021\/09\/news-58-jazzwerkstatt-peitz-kollektiv-in-der-kunsttankstelle-luebeck\/","title":{"rendered":"+++ news +++ 58. jazzwerkstatt Peitz +++ Kollektiv in der Kunsttankstelle L\u00fcbeck +++"},"content":{"rendered":"<h3>jazzwerkstatt Peitz Nr. 58<\/h3>\n<figure id=\"attachment_25705\" aria-describedby=\"caption-attachment-25705\" style=\"width: 363px\" class=\"wp-caption alignright\"><a href=\"https:\/\/i0.wp.com\/www.jazzzeitung.de\/cms\/wp-content\/uploads\/2021\/09\/4dda49d1-1e0d-485a-8c32-a7c70f1809ae.jpg?ssl=1\"><img data-recalc-dims=\"1\" loading=\"lazy\" decoding=\"async\" data-attachment-id=\"25705\" data-permalink=\"https:\/\/www.jazzzeitung.de\/cms\/2021\/09\/news-58-jazzwerkstatt-peitz-kollektiv-in-der-kunsttankstelle-luebeck\/4dda49d1-1e0d-485a-8c32-a7c70f1809ae\/\" data-orig-file=\"https:\/\/i0.wp.com\/www.jazzzeitung.de\/cms\/wp-content\/uploads\/2021\/09\/4dda49d1-1e0d-485a-8c32-a7c70f1809ae.jpg?fit=800%2C532&amp;ssl=1\" data-orig-size=\"800,532\" data-comments-opened=\"1\" data-image-meta=\"{&quot;aperture&quot;:&quot;2.8&quot;,&quot;credit&quot;:&quot;&quot;,&quot;camera&quot;:&quot;NIKON Z 6&quot;,&quot;caption&quot;:&quot;&quot;,&quot;created_timestamp&quot;:&quot;1606648339&quot;,&quot;copyright&quot;:&quot;&quot;,&quot;focal_length&quot;:&quot;50&quot;,&quot;iso&quot;:&quot;6400&quot;,&quot;shutter_speed&quot;:&quot;0.005&quot;,&quot;title&quot;:&quot;&quot;,&quot;orientation&quot;:&quot;1&quot;}\" data-image-title=\"4dda49d1-1e0d-485a-8c32-a7c70f1809ae\" data-image-description=\"\" data-image-caption=\"\" data-large-file=\"https:\/\/i0.wp.com\/www.jazzzeitung.de\/cms\/wp-content\/uploads\/2021\/09\/4dda49d1-1e0d-485a-8c32-a7c70f1809ae.jpg?fit=800%2C532&amp;ssl=1\" class=\"wp-image-25705 \" src=\"https:\/\/i0.wp.com\/www.jazzzeitung.de\/cms\/wp-content\/uploads\/2021\/09\/4dda49d1-1e0d-485a-8c32-a7c70f1809ae.jpg?resize=363%2C242&#038;ssl=1\" alt=\"\" width=\"363\" height=\"242\" srcset=\"https:\/\/i0.wp.com\/www.jazzzeitung.de\/cms\/wp-content\/uploads\/2021\/09\/4dda49d1-1e0d-485a-8c32-a7c70f1809ae.jpg?resize=300%2C200&amp;ssl=1 300w, https:\/\/i0.wp.com\/www.jazzzeitung.de\/cms\/wp-content\/uploads\/2021\/09\/4dda49d1-1e0d-485a-8c32-a7c70f1809ae.jpg?resize=768%2C511&amp;ssl=1 768w, https:\/\/i0.wp.com\/www.jazzzeitung.de\/cms\/wp-content\/uploads\/2021\/09\/4dda49d1-1e0d-485a-8c32-a7c70f1809ae.jpg?resize=120%2C80&amp;ssl=1 120w, https:\/\/i0.wp.com\/www.jazzzeitung.de\/cms\/wp-content\/uploads\/2021\/09\/4dda49d1-1e0d-485a-8c32-a7c70f1809ae.jpg?w=800&amp;ssl=1 800w\" sizes=\"auto, (max-width: 363px) 100vw, 363px\" \/><\/a><figcaption id=\"caption-attachment-25705\" class=\"wp-caption-text\">Matthias Schriefl. Bild: Gerhard Richter<\/figcaption><\/figure>\n<p>Vom 10. bis 12. September findet zum 58. Mal die jazzwerkstatt in Peitz statt. Festivalp\u00e4sse sowie Tagestickes sind bereits ausverkauft. Lediglich f\u00fcr die Open-Air-Veranstaltungen am Festungsturm k\u00f6nnen noch online unter: <a href=\"https:\/\/www.eventbrite.de\/o\/jazzexzess-14358707265\">https:\/\/www.eventbrite.de\/o\/jazzexzess-14358707265<\/a> oder aber an der Abendkasse f\u00fcr 20 \u20ac erworben werden. Rest-Tickets f\u00fcr das Sonderkonzert John Zorn New Masada in der Stadthalle Cottbus gibt es \u00fcber <a href=\"mailto:info@jazzwerkstatt.eu\">info@jazzwerkstatt.eu<\/a>.<\/p>\n<p>F\u00fcr die Konzerte in der St\u00fcler-Kirche, dem Festungssaal und im Rathhaussaal wird um einen Nachweis \u00fcber Impfung, Gengesung oder Test gebeten. Zus\u00e4tzlich wurde ein Testzentrum im Rathhaus Peitz eingerichtet. Gestet werden kann am Freitag von 19:00 &#8211; 20:00 Uhr, am Samstag von 10:00 &#8211; 15:00 Uhr und am Sonntag von 13:00 &#8211; 14:00 Uhr.<\/p>\n<p>Damit auch bei schlechtem Wetter die Musik genossen werden kann, wurde dieses Jahr wird die Open-Air B\u00fchne am Festungsturm dieses Jahr \u00fcberdacht.<\/p>\n<p>Auch dieses Jahr steht eine kleine Fl\u00e4che f\u00fcr Camping zur Verf\u00fcrgung. Diese kostet 10\u20ac\/pro Nacht. Um eine Voranmeldung unter <a href=\"mailto:info@jazzwerkstatt.eu\">info@jazzwerkstatt.eu<\/a> wird gebeten.<\/p>\n<p>Die 59. jazzwerkstatt Peitz findet im n\u00e4chsten Jahr vom 9. bis 11. September statt.<\/p>\n<p>Das Programm in der \u00dcbersicht:<\/p>\n<div id=\"page-zones__main-widgets__responsivecolumns5\" class=\"responsivecolumns widget js-widget\" data-name=\"responsivecolumns\" data-uniqueid=\"DSv4cOvJCoV9p32\" data-parentuniqueid=\"\">\n<section id=\"page-zones__main-widgets__responsivecolumns5-zones__column\" class=\"bk-zone column columns-two-left\" data-uniqueid=\"jChDOJTqRGIgmKU\" data-parentuniqueid=\"DSv4cOvJCoV9p32\"><strong>Fr., 10. September 2021<\/strong><br \/>\n<b>20.00 Uhr \/ OPEN AIR B\u00dcHNE AM FESTUNGSTURM<\/b><br \/>\nG\u00dcNTER BABY SOMMER &amp; PERCUSSION STAFF<br \/>\nKIRCHENGEL\u00c4UT mit MATTHIAS SCHRIEFL<\/section>\n<section class=\"bk-zone column columns-two-left\" data-uniqueid=\"jChDOJTqRGIgmKU\" data-parentuniqueid=\"DSv4cOvJCoV9p32\"><b>22.00 Uhr \/ ST\u00dcLER KIRCHE<\/b><br \/>\nDELL &#8211; LILLINGER \u2013 WESTERGAARD<br \/>\nJAN KLARE QUARTET<b><br \/>\n<\/b><\/p>\n<div><\/div>\n<div class=\"bk-content-text js-text-content wysihtml-editor-content\"><strong>Sa., 11. September 2021<\/strong><br \/>\n<b>11.00 Uhr \/ OPEN AIR AN DER FESTUNGSSCHEUNE<\/b> \/ TICKETS: FREI<br \/>\nFAMILIENJAZZ<br \/>\nGROSSE T\u00d6NE SPUCKEN MIT TIM<\/div>\n<div class=\"bk-content-text js-text-content wysihtml-editor-content\"><b>12.00 Uhr \/ RATHHAUSSAAL <\/b>\/ TICKETS: FREI<br \/>\nWIEDERGABE Ein Gespr\u00e4ch \u00fcber Politik und Gesellschaft<br \/>\nOLIVER SCHWERDT SOLO<\/div>\n<div class=\"bk-content-text js-text-content wysihtml-editor-content\"><b>13.30 Uhr \/ OPEN AIR AN DER FESTUNGSSCHEUNE<br \/>\n<\/b>LUNCH CONCERT<br \/>\nDIE ENTT\u00c4USCHUNG<\/div>\n<div class=\"bk-content-text js-text-content wysihtml-editor-content\"><b>15.00 Uhr \/ OPEN AIR B\u00dcHNE AM FESTUNGSTURM<\/b><br \/>\nJIM BLACK &amp; THE SHRIMPS<br \/>\nMARTIN BLUME SOUND BRIDGES feat. KEN VANDERMARK<\/div>\n<div class=\"bk-content-text js-text-content wysihtml-editor-content\"><b>17.00 Uhr \/ FESTUNGSSAAL<\/b> \/<br \/>\nJULIE SASSOON SOLO<br \/>\nMARTIN STEGNER SOLO<\/div>\n<div class=\"bk-content-text js-text-content wysihtml-editor-content\"><b>19.00 Uhr \/ OPEN AIR AN DER FESTUNGSSCHEUNE<\/b><br \/>\nRUF DER HEIMAT<br \/>\nJOHANNES LAUER FESTIVALPROJEKT<\/div>\n<div class=\"bk-content-text js-text-content wysihtml-editor-content\"><b>20.30 Uhr<\/b> <strong>\/ ST\u00dcLER KIRCHE<\/strong><br \/>\nPETER EHWALD &amp; SEPTUOR DE GRAND MATIN<br \/>\nCRAIG TABORN SOLO<\/div>\n<div class=\"bk-content-text js-text-content wysihtml-editor-content\"><b>22.00 Uhr \/ OPEN AIR B\u00dcHNE AM FESTUNGSTURM<\/b><br \/>\nLUCIANO BIONDINI SOLO<br \/>\nULRICH\u00a0GUMPERT B3 QUARTETT &amp; ULI KEMPENDORFF<\/div>\n<\/section>\n<\/div>\n<section id=\"page-zones__main-widgets__responsivecolumns26-zones__column\" class=\"bk-zone column columns-two-left\" data-uniqueid=\"AntdzJO1pffM0fz\" data-parentuniqueid=\"WWoJyx4Ems5qY9A\">\n<div id=\"page-zones__main-widgets__responsivecolumns26-zones__column-widgets__content\" class=\"content widget js-widget\" data-name=\"content\" data-uniqueid=\"nbLDaEmv3gkXRND\" data-parentuniqueid=\"AntdzJO1pffM0fz\">\n<div><\/div>\n<div class=\"bk-content-text js-text-content wysihtml-editor-content\"><strong>So., 12. September 2021 TICKETS: FREI<\/strong><br \/>\n<strong>9.30 Uhr \/ ST\u00dcLER KIRCHE<\/strong><br \/>\nJAZZGOTTESDIENST mit Pfarrer KURT MALK<br \/>\nJO\u00c3O SEGURADO &amp; GERHARD GSCHL\u00d6\u00dfL<\/div>\n<div class=\"bk-content-text js-text-content wysihtml-editor-content\"><b>11.00 Uhr \/ OPEN AIR AN DER FESTUNGSSCHEUNE<\/b><br \/>\n<strong>FR\u00dcHSCHOPPEN<\/strong><br \/>\nDeINDUSTRIAL<br \/>\nSTEPHEN GOSLING<br \/>\nCRAIG TABORN SOLO\u00a0 (FESTIVALPASS PEITZ 58 GILT NICHT F\u00dcR DIESES SONDERKONZERT!)<\/div>\n<div class=\"bk-content-text js-text-content wysihtml-editor-content\"><b>18.30 Uhr \/ <\/b><b>STADTHALLE COTTBUS <\/b><strong>(Berliner Platz 6, 03046 Cottbus)<\/strong><\/div>\n<div class=\"bk-content-text js-text-content wysihtml-editor-content\"><b>SONDERKONZERT &#8211; IN KOOPERATION MIT DEM LAUSITZ FESTIVAL<\/b><\/div>\n<div class=\"bk-content-text js-text-content wysihtml-editor-content\">JOHN ZORN NEW MASADA (FESTIVALPASS PEITZ 58 GILT NICHT F\u00dcR DIESES SONDERKONZERT!)<\/div>\n<\/div>\n<\/section>\n<h3><\/h3>\n<h3 class=\"v1MsoNormal\">Kollektiv \u201eN&#8220;<\/h3>\n<figure id=\"attachment_25699\" aria-describedby=\"caption-attachment-25699\" style=\"width: 300px\" class=\"wp-caption alignleft\"><a href=\"https:\/\/i0.wp.com\/www.jazzzeitung.de\/cms\/wp-content\/uploads\/2021\/09\/BAF64CD6-E208-46DD-B451-2303AE665C1B_1_105_c.jpeg?ssl=1\"><img data-recalc-dims=\"1\" loading=\"lazy\" decoding=\"async\" data-attachment-id=\"25699\" data-permalink=\"https:\/\/www.jazzzeitung.de\/cms\/2021\/09\/news-58-jazzwerkstatt-peitz-kollektiv-in-der-kunsttankstelle-luebeck\/baf64cd6-e208-46dd-b451-2303ae665c1b_1_105_c\/\" data-orig-file=\"https:\/\/i0.wp.com\/www.jazzzeitung.de\/cms\/wp-content\/uploads\/2021\/09\/BAF64CD6-E208-46DD-B451-2303AE665C1B_1_105_c.jpeg?fit=1024%2C768&amp;ssl=1\" data-orig-size=\"1024,768\" data-comments-opened=\"1\" data-image-meta=\"{&quot;aperture&quot;:&quot;0&quot;,&quot;credit&quot;:&quot;&quot;,&quot;camera&quot;:&quot;&quot;,&quot;caption&quot;:&quot;&quot;,&quot;created_timestamp&quot;:&quot;0&quot;,&quot;copyright&quot;:&quot;&quot;,&quot;focal_length&quot;:&quot;0&quot;,&quot;iso&quot;:&quot;0&quot;,&quot;shutter_speed&quot;:&quot;0&quot;,&quot;title&quot;:&quot;&quot;,&quot;orientation&quot;:&quot;0&quot;}\" data-image-title=\"BAF64CD6-E208-46DD-B451-2303AE665C1B_1_105_c\" data-image-description=\"\" data-image-caption=\"\" data-large-file=\"https:\/\/i0.wp.com\/www.jazzzeitung.de\/cms\/wp-content\/uploads\/2021\/09\/BAF64CD6-E208-46DD-B451-2303AE665C1B_1_105_c.jpeg?fit=800%2C600&amp;ssl=1\" class=\"wp-image-25699 size-medium\" src=\"https:\/\/i0.wp.com\/www.jazzzeitung.de\/cms\/wp-content\/uploads\/2021\/09\/BAF64CD6-E208-46DD-B451-2303AE665C1B_1_105_c.jpeg?resize=300%2C225&#038;ssl=1\" alt=\"\" width=\"300\" height=\"225\" srcset=\"https:\/\/i0.wp.com\/www.jazzzeitung.de\/cms\/wp-content\/uploads\/2021\/09\/BAF64CD6-E208-46DD-B451-2303AE665C1B_1_105_c.jpeg?resize=300%2C225&amp;ssl=1 300w, https:\/\/i0.wp.com\/www.jazzzeitung.de\/cms\/wp-content\/uploads\/2021\/09\/BAF64CD6-E208-46DD-B451-2303AE665C1B_1_105_c.jpeg?resize=800%2C600&amp;ssl=1 800w, https:\/\/i0.wp.com\/www.jazzzeitung.de\/cms\/wp-content\/uploads\/2021\/09\/BAF64CD6-E208-46DD-B451-2303AE665C1B_1_105_c.jpeg?resize=768%2C576&amp;ssl=1 768w, https:\/\/i0.wp.com\/www.jazzzeitung.de\/cms\/wp-content\/uploads\/2021\/09\/BAF64CD6-E208-46DD-B451-2303AE665C1B_1_105_c.jpeg?w=1024&amp;ssl=1 1024w\" sizes=\"auto, (max-width: 300px) 100vw, 300px\" \/><\/a><figcaption id=\"caption-attachment-25699\" class=\"wp-caption-text\">Kollektiv \u201eN&#8220; in der Kunsttankstelle L\u00fcbeck. Bild: Sebastian Schmiedt<\/figcaption><\/figure>\n<p class=\"v1MsoNormal\">Am Donnerstag, 7. Oktober 2021 tritt das Kollektiv \u201eN&#8220; in der Kunsttankstelle L\u00fcbeck, Wallstra\u00dfe 3-5, 23560 L\u00fcbeck auf. Beginn ist um 20:00 Uhr, Ende gegen 22:00 Uhr. Der Eintritt kostet 15, erm\u00e4\u00dfigt 10 \u20ac.<\/p>\n<p>Das preisgekr\u00f6nte Ensemble ist ein Zusammenschluss von Musikerinnen und Musikern, die ihre jeweils individuelle musikalische Sprache einer musikalisch-kreativen Freiheit in kollektiv erzeugten Kl\u00e4ngen, Rhythmen und Melodien b\u00fcndeln wollten.<\/p>\n<p class=\"v1MsoNormal\">Es setzt sich zusammen aus: Susanne Wegener, Stimme; Akira Ando, Kontrabass; Heinz-Erich G\u00f6decke, Posaune; Theo J\u00f6rgensmann, Klarinette; Willi Kellers, Schlagzeug; Peter Ortmann, Klavier; Wolfgang Schmiedt, Gitarre; Jens Tolksdorf, Saxophone.<\/p>\n<p class=\"v1MsoNormal\">Eine erste CD soll in K\u00fcrze ver\u00f6ffentlicht werden.<\/p>\n<p>Der Kontakt zum Veranstalter unter: <a href=\"https:\/\/www.defacto-art.de\/kontakte\">https:\/\/www.defacto-art.de\/kontakte<\/a><\/p>\n<p>Beitragsbild: Kollektiv \u201eN&#8220; im Theater Putbus. Foto: Sebastian Schmiedt<\/p>\n","protected":false},"excerpt":{"rendered":"<p>jazzwerkstatt Peitz Nr. 58 Vom 10. bis 12. September findet zum 58. Mal die jazzwerkstatt in Peitz statt. Festivalp\u00e4sse sowie Tagestickes sind bereits ausverkauft. Lediglich f\u00fcr die Open-Air-Veranstaltungen am Festungsturm k\u00f6nnen noch online unter: https:\/\/www.eventbrite.de\/o\/jazzexzess-14358707265 oder aber an der Abendkasse f\u00fcr 20 \u20ac erworben werden. Rest-Tickets f\u00fcr das Sonderkonzert John Zorn New Masada in der Stadthalle Cottbus gibt es \u00fcber info@jazzwerkstatt.eu. F\u00fcr die Konzerte in der St\u00fcler-Kirche, dem Festungssaal und im Rathhaussaal wird um einen Nachweis \u00fcber Impfung, Gengesung oder Test gebeten. Zus\u00e4tzlich wurde ein Testzentrum im Rathhaus Peitz eingerichtet. Gestet werden kann am Freitag von 19:00 &#8211; 20:00 Uhr, am Samstag von 10:00 &#8211; 15:00 Uhr und am Sonntag von 13:00 &#8211; 14:00 Uhr. Damit auch bei schlechtem Wetter die Musik genossen werden kann, wurde dieses Jahr wird die Open-Air B\u00fchne am Festungsturm dieses Jahr \u00fcberdacht. Auch dieses Jahr steht eine kleine Fl\u00e4che f\u00fcr Camping zur Verf\u00fcrgung. Diese kostet 10\u20ac\/pro Nacht. Um eine Voranmeldung unter info@jazzwerkstatt.eu wird gebeten. Die 59. jazzwerkstatt Peitz findet im n\u00e4chsten Jahr vom 9. bis 11. September statt. Das Programm in der \u00dcbersicht: Fr., 10. September 2021 20.00 Uhr \/ &hellip;<\/p>\n","protected":false},"author":18,"featured_media":25697,"comment_status":"open","ping_status":"closed","sticky":false,"template":"","format":"standard","meta":{"_jetpack_memberships_contains_paid_content":false,"footnotes":"","jetpack_publicize_message":"","jetpack_publicize_feature_enabled":true,"jetpack_social_post_already_shared":false,"jetpack_social_options":{"image_generator_settings":{"template":"highway","default_image_id":0,"font":"","enabled":false},"version":2}},"categories":[633],"tags":[3685,3249,3711,3693,3700,3696,1079,3697,3691,3695,3686,3694,3681,3680,294,2861,3690,3701,3709,3710,1230,3713,3714,3704,3692,3683,3682,2370,1720,3702,3703,3705,827,1951,1553,3699,2716,3707,440,3706,3712,3684,3687,3708,1077,3715,3698,3688,3689],"coauthors":[695],"class_list":["post-25696","post","type-post","status-publish","format-standard","has-post-thumbnail","hentry","category-nachrichten","tag-akira-ando","tag-craig-taborn","tag-deindustrial","tag-dell-lillinger-westergaard","tag-die-enttaeuschung","tag-familienjazz","tag-gerhard-gschloessl","tag-grosse-toene-spucken-mit-tim","tag-guenther-baby-sommer","tag-guenther-baby-sommer-percussion-staff","tag-heinz-erich-goedecke","tag-jan-klare-quartet","tag-jazzwerkstatt-peitz","tag-jazzwerkstatt-peitz-nr-58","tag-jazzzeitung","tag-jazzzeitung-de","tag-jens-tolksdorf","tag-jim-black-the-shrimps","tag-joao-segurado","tag-joao-segurado-gerhard-gschloessl","tag-johannes-lauer","tag-john-zorn","tag-john-zorn-new-masada","tag-julie-sassoon","tag-kirchengelaeut","tag-kollektiv-n","tag-kunsthalle-luebeck","tag-luebeck","tag-luciano-biondini","tag-martin-blume","tag-martin-blume-sound-bridges-feat-ken-vandermark","tag-martin-stegner","tag-matthias-schriefl","tag-news","tag-newsletter","tag-oliver-schwerdt","tag-peitz","tag-peter-ehwald-septuor-de-grand-matin","tag-peter-ortmann","tag-ruf-der-heimat","tag-stephen-gosling","tag-susanne-wegener","tag-theo-joergensmann","tag-uli-kempendorff","tag-ulrich-gumpert","tag-ulrich-gumpert-b3-quartett-uli-kempendorff","tag-wiedergabe","tag-willi-kellers","tag-wolfgang-schmiedt"],"yoast_head":"<!-- This site is optimized with the Yoast SEO plugin v27.5 - https:\/\/yoast.com\/product\/yoast-seo-wordpress\/ -->\n<title>+++ news +++ 58. jazzwerkstatt Peitz +++ Kollektiv in der Kunsttankstelle L\u00fcbeck +++ - JazzZeitung<\/title>\n<meta name=\"robots\" content=\"index, follow, max-snippet:-1, max-image-preview:large, max-video-preview:-1\" \/>\n<link rel=\"canonical\" href=\"https:\/\/www.jazzzeitung.de\/cms\/2021\/09\/news-58-jazzwerkstatt-peitz-kollektiv-in-der-kunsttankstelle-luebeck\/\" \/>\n<meta property=\"og:locale\" content=\"de_DE\" \/>\n<meta property=\"og:type\" content=\"article\" \/>\n<meta property=\"og:title\" content=\"+++ news +++ 58. jazzwerkstatt Peitz +++ Kollektiv in der Kunsttankstelle L\u00fcbeck +++ - JazzZeitung\" \/>\n<meta property=\"og:description\" content=\"jazzwerkstatt Peitz Nr. 58 Vom 10. bis 12. September findet zum 58. Mal die jazzwerkstatt in Peitz statt. Festivalp\u00e4sse sowie Tagestickes sind bereits ausverkauft. Lediglich f\u00fcr die Open-Air-Veranstaltungen am Festungsturm k\u00f6nnen noch online unter: https:\/\/www.eventbrite.de\/o\/jazzexzess-14358707265 oder aber an der Abendkasse f\u00fcr 20 \u20ac erworben werden. Rest-Tickets f\u00fcr das Sonderkonzert John Zorn New Masada in der Stadthalle Cottbus gibt es \u00fcber info@jazzwerkstatt.eu. F\u00fcr die Konzerte in der St\u00fcler-Kirche, dem Festungssaal und im Rathhaussaal wird um einen Nachweis \u00fcber Impfung, Gengesung oder Test gebeten. Zus\u00e4tzlich wurde ein Testzentrum im Rathhaus Peitz eingerichtet. Gestet werden kann am Freitag von 19:00 &#8211; 20:00 Uhr, am Samstag von 10:00 &#8211; 15:00 Uhr und am Sonntag von 13:00 &#8211; 14:00 Uhr. Damit auch bei schlechtem Wetter die Musik genossen werden kann, wurde dieses Jahr wird die Open-Air B\u00fchne am Festungsturm dieses Jahr \u00fcberdacht. Auch dieses Jahr steht eine kleine Fl\u00e4che f\u00fcr Camping zur Verf\u00fcrgung. Diese kostet 10\u20ac\/pro Nacht. Um eine Voranmeldung unter info@jazzwerkstatt.eu wird gebeten. Die 59. jazzwerkstatt Peitz findet im n\u00e4chsten Jahr vom 9. bis 11. September statt. Das Programm in der \u00dcbersicht: Fr., 10. September 2021 20.00 Uhr \/ &hellip;\" \/>\n<meta property=\"og:url\" content=\"https:\/\/www.jazzzeitung.de\/cms\/2021\/09\/news-58-jazzwerkstatt-peitz-kollektiv-in-der-kunsttankstelle-luebeck\/\" \/>\n<meta property=\"og:site_name\" content=\"JazzZeitung\" \/>\n<meta property=\"article:publisher\" content=\"https:\/\/www.facebook.com\/JazzZeitung\/\" \/>\n<meta property=\"article:published_time\" content=\"2021-09-07T08:44:00+00:00\" \/>\n<meta property=\"og:image\" content=\"https:\/\/i0.wp.com\/www.jazzzeitung.de\/cms\/wp-content\/uploads\/2021\/09\/6828BDCE-845D-41F0-8EDC-58BDD817EEDF_1_105_c.jpeg?fit=1024%2C768&ssl=1\" \/>\n\t<meta property=\"og:image:width\" content=\"1024\" \/>\n\t<meta property=\"og:image:height\" content=\"768\" \/>\n\t<meta property=\"og:image:type\" content=\"image\/jpeg\" \/>\n<meta name=\"author\" content=\"Redaktion JazzZeitung\" \/>\n<script type=\"application\/ld+json\" class=\"yoast-schema-graph\">{\"@context\":\"https:\\\/\\\/schema.org\",\"@graph\":[{\"@type\":\"Article\",\"@id\":\"https:\\\/\\\/www.jazzzeitung.de\\\/cms\\\/2021\\\/09\\\/news-58-jazzwerkstatt-peitz-kollektiv-in-der-kunsttankstelle-luebeck\\\/#article\",\"isPartOf\":{\"@id\":\"https:\\\/\\\/www.jazzzeitung.de\\\/cms\\\/2021\\\/09\\\/news-58-jazzwerkstatt-peitz-kollektiv-in-der-kunsttankstelle-luebeck\\\/\"},\"author\":{\"name\":\"Redaktion JazzZeitung\",\"@id\":\"https:\\\/\\\/www.jazzzeitung.de\\\/cms\\\/#\\\/schema\\\/person\\\/2245b36b9cd1d24cea10f01c031fb92b\"},\"headline\":\"+++ news +++ 58. jazzwerkstatt Peitz +++ Kollektiv in der Kunsttankstelle L\u00fcbeck +++\",\"datePublished\":\"2021-09-07T08:44:00+00:00\",\"mainEntityOfPage\":{\"@id\":\"https:\\\/\\\/www.jazzzeitung.de\\\/cms\\\/2021\\\/09\\\/news-58-jazzwerkstatt-peitz-kollektiv-in-der-kunsttankstelle-luebeck\\\/\"},\"wordCount\":559,\"commentCount\":0,\"publisher\":{\"@id\":\"https:\\\/\\\/www.jazzzeitung.de\\\/cms\\\/#organization\"},\"image\":{\"@id\":\"https:\\\/\\\/www.jazzzeitung.de\\\/cms\\\/2021\\\/09\\\/news-58-jazzwerkstatt-peitz-kollektiv-in-der-kunsttankstelle-luebeck\\\/#primaryimage\"},\"thumbnailUrl\":\"https:\\\/\\\/i0.wp.com\\\/www.jazzzeitung.de\\\/cms\\\/wp-content\\\/uploads\\\/2021\\\/09\\\/6828BDCE-845D-41F0-8EDC-58BDD817EEDF_1_105_c.jpeg?fit=1024%2C768&ssl=1\",\"keywords\":[\"Akira Ando\",\"Craig Taborn\",\"DeINDUSTRIAL\",\"Dell \u2013 Lillinger \u2013 Westergaard\",\"Die Entt\u00e4uschung\",\"Familienjazz\",\"Gerhard Gschl\u00f6\u00dfl\",\"Gro\u00dfe T\u00f6ne spucken mit Tim\",\"G\u00fcnther Baby Sommer\",\"G\u00fcnther Baby Sommer &amp; Percussion Staff\",\"Heinz-Erich G\u00f6decke\",\"Jan Klare Quartet\",\"jazzwerkstatt Peitz\",\"jazzwerkstatt Peitz Nr. 58\",\"Jazzzeitung\",\"JazzZeitung.de\",\"Jens Tolksdorf\",\"Jim Black &amp; The Shrimps\",\"Jo\u00e3o Segurado\",\"Jo\u00e3o Segurado &amp; Gerhard Gschl\u00f6\u00dfl\",\"Johannes Lauer\",\"John Zorn\",\"John Zorn New Masada\",\"Julie Sassoon\",\"Kirchengel\u00e4ut\",\"Kollektiv \u201eN\\\"\",\"Kunsthalle L\u00fcbeck\",\"L\u00fcbeck\",\"Luciano Biondini\",\"Martin Blume\",\"Martin Blume Sound Bridges feat. Ken Vandermark\",\"Martin Stegner\",\"Matthias Schriefl\",\"News\",\"Newsletter\",\"Oliver Schwerdt\",\"Peitz\",\"Peter Ehwald &amp; Septuor de Grand Matin\",\"peter ortmann\",\"Ruf der Heimat\",\"Stephen Gosling\",\"Susanne Wegener\",\"Theo J\u00f6rgensmann\",\"Uli Kempendorff\",\"Ulrich Gumpert\",\"Ulrich Gumpert B3 Quartett &amp; Uli Kempendorff\",\"Wiedergabe\",\"Willi Kellers\",\"Wolfgang Schmiedt\"],\"articleSection\":[\"News\"],\"inLanguage\":\"de\",\"potentialAction\":[{\"@type\":\"CommentAction\",\"name\":\"Comment\",\"target\":[\"https:\\\/\\\/www.jazzzeitung.de\\\/cms\\\/2021\\\/09\\\/news-58-jazzwerkstatt-peitz-kollektiv-in-der-kunsttankstelle-luebeck\\\/#respond\"]}]},{\"@type\":\"WebPage\",\"@id\":\"https:\\\/\\\/www.jazzzeitung.de\\\/cms\\\/2021\\\/09\\\/news-58-jazzwerkstatt-peitz-kollektiv-in-der-kunsttankstelle-luebeck\\\/\",\"url\":\"https:\\\/\\\/www.jazzzeitung.de\\\/cms\\\/2021\\\/09\\\/news-58-jazzwerkstatt-peitz-kollektiv-in-der-kunsttankstelle-luebeck\\\/\",\"name\":\"+++ news +++ 58. jazzwerkstatt Peitz +++ Kollektiv in der Kunsttankstelle L\u00fcbeck +++ - JazzZeitung\",\"isPartOf\":{\"@id\":\"https:\\\/\\\/www.jazzzeitung.de\\\/cms\\\/#website\"},\"primaryImageOfPage\":{\"@id\":\"https:\\\/\\\/www.jazzzeitung.de\\\/cms\\\/2021\\\/09\\\/news-58-jazzwerkstatt-peitz-kollektiv-in-der-kunsttankstelle-luebeck\\\/#primaryimage\"},\"image\":{\"@id\":\"https:\\\/\\\/www.jazzzeitung.de\\\/cms\\\/2021\\\/09\\\/news-58-jazzwerkstatt-peitz-kollektiv-in-der-kunsttankstelle-luebeck\\\/#primaryimage\"},\"thumbnailUrl\":\"https:\\\/\\\/i0.wp.com\\\/www.jazzzeitung.de\\\/cms\\\/wp-content\\\/uploads\\\/2021\\\/09\\\/6828BDCE-845D-41F0-8EDC-58BDD817EEDF_1_105_c.jpeg?fit=1024%2C768&ssl=1\",\"datePublished\":\"2021-09-07T08:44:00+00:00\",\"breadcrumb\":{\"@id\":\"https:\\\/\\\/www.jazzzeitung.de\\\/cms\\\/2021\\\/09\\\/news-58-jazzwerkstatt-peitz-kollektiv-in-der-kunsttankstelle-luebeck\\\/#breadcrumb\"},\"inLanguage\":\"de\",\"potentialAction\":[{\"@type\":\"ReadAction\",\"target\":[\"https:\\\/\\\/www.jazzzeitung.de\\\/cms\\\/2021\\\/09\\\/news-58-jazzwerkstatt-peitz-kollektiv-in-der-kunsttankstelle-luebeck\\\/\"]}]},{\"@type\":\"ImageObject\",\"inLanguage\":\"de\",\"@id\":\"https:\\\/\\\/www.jazzzeitung.de\\\/cms\\\/2021\\\/09\\\/news-58-jazzwerkstatt-peitz-kollektiv-in-der-kunsttankstelle-luebeck\\\/#primaryimage\",\"url\":\"https:\\\/\\\/i0.wp.com\\\/www.jazzzeitung.de\\\/cms\\\/wp-content\\\/uploads\\\/2021\\\/09\\\/6828BDCE-845D-41F0-8EDC-58BDD817EEDF_1_105_c.jpeg?fit=1024%2C768&ssl=1\",\"contentUrl\":\"https:\\\/\\\/i0.wp.com\\\/www.jazzzeitung.de\\\/cms\\\/wp-content\\\/uploads\\\/2021\\\/09\\\/6828BDCE-845D-41F0-8EDC-58BDD817EEDF_1_105_c.jpeg?fit=1024%2C768&ssl=1\",\"width\":1024,\"height\":768,\"caption\":\"Kollektiv \u201eN\\\" im Theater Putbus. Foto: Sebastian Schmiedt\"},{\"@type\":\"BreadcrumbList\",\"@id\":\"https:\\\/\\\/www.jazzzeitung.de\\\/cms\\\/2021\\\/09\\\/news-58-jazzwerkstatt-peitz-kollektiv-in-der-kunsttankstelle-luebeck\\\/#breadcrumb\",\"itemListElement\":[{\"@type\":\"ListItem\",\"position\":1,\"name\":\"Startseite\",\"item\":\"https:\\\/\\\/www.jazzzeitung.de\\\/cms\\\/\"},{\"@type\":\"ListItem\",\"position\":2,\"name\":\"+++ news +++ 58. jazzwerkstatt Peitz +++ Kollektiv in der Kunsttankstelle L\u00fcbeck +++\"}]},{\"@type\":\"WebSite\",\"@id\":\"https:\\\/\\\/www.jazzzeitung.de\\\/cms\\\/#website\",\"url\":\"https:\\\/\\\/www.jazzzeitung.de\\\/cms\\\/\",\"name\":\"JazzZeitung\",\"description\":\"Jazz-News und Jazz-Kontroverses\",\"publisher\":{\"@id\":\"https:\\\/\\\/www.jazzzeitung.de\\\/cms\\\/#organization\"},\"potentialAction\":[{\"@type\":\"SearchAction\",\"target\":{\"@type\":\"EntryPoint\",\"urlTemplate\":\"https:\\\/\\\/www.jazzzeitung.de\\\/cms\\\/?s={search_term_string}\"},\"query-input\":{\"@type\":\"PropertyValueSpecification\",\"valueRequired\":true,\"valueName\":\"search_term_string\"}}],\"inLanguage\":\"de\"},{\"@type\":\"Organization\",\"@id\":\"https:\\\/\\\/www.jazzzeitung.de\\\/cms\\\/#organization\",\"name\":\"JazzZeitung online\",\"url\":\"https:\\\/\\\/www.jazzzeitung.de\\\/cms\\\/\",\"logo\":{\"@type\":\"ImageObject\",\"inLanguage\":\"de\",\"@id\":\"https:\\\/\\\/www.jazzzeitung.de\\\/cms\\\/#\\\/schema\\\/logo\\\/image\\\/\",\"url\":\"https:\\\/\\\/i0.wp.com\\\/www.jazzzeitung.de\\\/cms\\\/wp-content\\\/uploads\\\/2015\\\/08\\\/JAZZZEITUNGDE_Logo_Neu.png?fit=499%2C200&ssl=1\",\"contentUrl\":\"https:\\\/\\\/i0.wp.com\\\/www.jazzzeitung.de\\\/cms\\\/wp-content\\\/uploads\\\/2015\\\/08\\\/JAZZZEITUNGDE_Logo_Neu.png?fit=499%2C200&ssl=1\",\"width\":499,\"height\":200,\"caption\":\"JazzZeitung online\"},\"image\":{\"@id\":\"https:\\\/\\\/www.jazzzeitung.de\\\/cms\\\/#\\\/schema\\\/logo\\\/image\\\/\"},\"sameAs\":[\"https:\\\/\\\/www.facebook.com\\\/JazzZeitung\\\/\"]},{\"@type\":\"Person\",\"@id\":\"https:\\\/\\\/www.jazzzeitung.de\\\/cms\\\/#\\\/schema\\\/person\\\/2245b36b9cd1d24cea10f01c031fb92b\",\"name\":\"Redaktion JazzZeitung\",\"image\":{\"@type\":\"ImageObject\",\"inLanguage\":\"de\",\"@id\":\"https:\\\/\\\/i0.wp.com\\\/www.jazzzeitung.de\\\/cms\\\/wp-content\\\/uploads\\\/2015\\\/08\\\/JAZZZEITUNGDE_Logo_Neu.png?resize=96%2C96&ssl=159975dcacb611b5700bd619b5daf0a7a\",\"url\":\"https:\\\/\\\/i0.wp.com\\\/www.jazzzeitung.de\\\/cms\\\/wp-content\\\/uploads\\\/2015\\\/08\\\/JAZZZEITUNGDE_Logo_Neu.png?resize=96%2C96&ssl=1\",\"contentUrl\":\"https:\\\/\\\/i0.wp.com\\\/www.jazzzeitung.de\\\/cms\\\/wp-content\\\/uploads\\\/2015\\\/08\\\/JAZZZEITUNGDE_Logo_Neu.png?resize=96%2C96&ssl=1\",\"caption\":\"Redaktion JazzZeitung\"},\"description\":\"Artikel der Redaktion der JazzZeitung.\",\"sameAs\":[\"http:\\\/\\\/www.jazzzeitung.de\\\/cms\\\/\"],\"url\":\"https:\\\/\\\/www.jazzzeitung.de\\\/cms\\\/author\\\/redaktion\\\/\"}]}<\/script>\n<!-- \/ Yoast SEO plugin. -->","yoast_head_json":{"title":"+++ news +++ 58. jazzwerkstatt Peitz +++ Kollektiv in der Kunsttankstelle L\u00fcbeck +++ - JazzZeitung","robots":{"index":"index","follow":"follow","max-snippet":"max-snippet:-1","max-image-preview":"max-image-preview:large","max-video-preview":"max-video-preview:-1"},"canonical":"https:\/\/www.jazzzeitung.de\/cms\/2021\/09\/news-58-jazzwerkstatt-peitz-kollektiv-in-der-kunsttankstelle-luebeck\/","og_locale":"de_DE","og_type":"article","og_title":"+++ news +++ 58. jazzwerkstatt Peitz +++ Kollektiv in der Kunsttankstelle L\u00fcbeck +++ - JazzZeitung","og_description":"jazzwerkstatt Peitz Nr. 58 Vom 10. bis 12. September findet zum 58. Mal die jazzwerkstatt in Peitz statt. Festivalp\u00e4sse sowie Tagestickes sind bereits ausverkauft. Lediglich f\u00fcr die Open-Air-Veranstaltungen am Festungsturm k\u00f6nnen noch online unter: https:\/\/www.eventbrite.de\/o\/jazzexzess-14358707265 oder aber an der Abendkasse f\u00fcr 20 \u20ac erworben werden. Rest-Tickets f\u00fcr das Sonderkonzert John Zorn New Masada in der Stadthalle Cottbus gibt es \u00fcber info@jazzwerkstatt.eu. F\u00fcr die Konzerte in der St\u00fcler-Kirche, dem Festungssaal und im Rathhaussaal wird um einen Nachweis \u00fcber Impfung, Gengesung oder Test gebeten. Zus\u00e4tzlich wurde ein Testzentrum im Rathhaus Peitz eingerichtet. Gestet werden kann am Freitag von 19:00 &#8211; 20:00 Uhr, am Samstag von 10:00 &#8211; 15:00 Uhr und am Sonntag von 13:00 &#8211; 14:00 Uhr. Damit auch bei schlechtem Wetter die Musik genossen werden kann, wurde dieses Jahr wird die Open-Air B\u00fchne am Festungsturm dieses Jahr \u00fcberdacht. Auch dieses Jahr steht eine kleine Fl\u00e4che f\u00fcr Camping zur Verf\u00fcrgung. Diese kostet 10\u20ac\/pro Nacht. Um eine Voranmeldung unter info@jazzwerkstatt.eu wird gebeten. Die 59. jazzwerkstatt Peitz findet im n\u00e4chsten Jahr vom 9. bis 11. September statt. Das Programm in der \u00dcbersicht: Fr., 10. September 2021 20.00 Uhr \/ &hellip;","og_url":"https:\/\/www.jazzzeitung.de\/cms\/2021\/09\/news-58-jazzwerkstatt-peitz-kollektiv-in-der-kunsttankstelle-luebeck\/","og_site_name":"JazzZeitung","article_publisher":"https:\/\/www.facebook.com\/JazzZeitung\/","article_published_time":"2021-09-07T08:44:00+00:00","og_image":[{"width":1024,"height":768,"url":"https:\/\/i0.wp.com\/www.jazzzeitung.de\/cms\/wp-content\/uploads\/2021\/09\/6828BDCE-845D-41F0-8EDC-58BDD817EEDF_1_105_c.jpeg?fit=1024%2C768&ssl=1","type":"image\/jpeg"}],"author":"Redaktion JazzZeitung","schema":{"@context":"https:\/\/schema.org","@graph":[{"@type":"Article","@id":"https:\/\/www.jazzzeitung.de\/cms\/2021\/09\/news-58-jazzwerkstatt-peitz-kollektiv-in-der-kunsttankstelle-luebeck\/#article","isPartOf":{"@id":"https:\/\/www.jazzzeitung.de\/cms\/2021\/09\/news-58-jazzwerkstatt-peitz-kollektiv-in-der-kunsttankstelle-luebeck\/"},"author":{"name":"Redaktion JazzZeitung","@id":"https:\/\/www.jazzzeitung.de\/cms\/#\/schema\/person\/2245b36b9cd1d24cea10f01c031fb92b"},"headline":"+++ news +++ 58. jazzwerkstatt Peitz +++ Kollektiv in der Kunsttankstelle L\u00fcbeck +++","datePublished":"2021-09-07T08:44:00+00:00","mainEntityOfPage":{"@id":"https:\/\/www.jazzzeitung.de\/cms\/2021\/09\/news-58-jazzwerkstatt-peitz-kollektiv-in-der-kunsttankstelle-luebeck\/"},"wordCount":559,"commentCount":0,"publisher":{"@id":"https:\/\/www.jazzzeitung.de\/cms\/#organization"},"image":{"@id":"https:\/\/www.jazzzeitung.de\/cms\/2021\/09\/news-58-jazzwerkstatt-peitz-kollektiv-in-der-kunsttankstelle-luebeck\/#primaryimage"},"thumbnailUrl":"https:\/\/i0.wp.com\/www.jazzzeitung.de\/cms\/wp-content\/uploads\/2021\/09\/6828BDCE-845D-41F0-8EDC-58BDD817EEDF_1_105_c.jpeg?fit=1024%2C768&ssl=1","keywords":["Akira Ando","Craig Taborn","DeINDUSTRIAL","Dell \u2013 Lillinger \u2013 Westergaard","Die Entt\u00e4uschung","Familienjazz","Gerhard Gschl\u00f6\u00dfl","Gro\u00dfe T\u00f6ne spucken mit Tim","G\u00fcnther Baby Sommer","G\u00fcnther Baby Sommer &amp; Percussion Staff","Heinz-Erich G\u00f6decke","Jan Klare Quartet","jazzwerkstatt Peitz","jazzwerkstatt Peitz Nr. 58","Jazzzeitung","JazzZeitung.de","Jens Tolksdorf","Jim Black &amp; The Shrimps","Jo\u00e3o Segurado","Jo\u00e3o Segurado &amp; Gerhard Gschl\u00f6\u00dfl","Johannes Lauer","John Zorn","John Zorn New Masada","Julie Sassoon","Kirchengel\u00e4ut","Kollektiv \u201eN\"","Kunsthalle L\u00fcbeck","L\u00fcbeck","Luciano Biondini","Martin Blume","Martin Blume Sound Bridges feat. Ken Vandermark","Martin Stegner","Matthias Schriefl","News","Newsletter","Oliver Schwerdt","Peitz","Peter Ehwald &amp; Septuor de Grand Matin","peter ortmann","Ruf der Heimat","Stephen Gosling","Susanne Wegener","Theo J\u00f6rgensmann","Uli Kempendorff","Ulrich Gumpert","Ulrich Gumpert B3 Quartett &amp; Uli Kempendorff","Wiedergabe","Willi Kellers","Wolfgang Schmiedt"],"articleSection":["News"],"inLanguage":"de","potentialAction":[{"@type":"CommentAction","name":"Comment","target":["https:\/\/www.jazzzeitung.de\/cms\/2021\/09\/news-58-jazzwerkstatt-peitz-kollektiv-in-der-kunsttankstelle-luebeck\/#respond"]}]},{"@type":"WebPage","@id":"https:\/\/www.jazzzeitung.de\/cms\/2021\/09\/news-58-jazzwerkstatt-peitz-kollektiv-in-der-kunsttankstelle-luebeck\/","url":"https:\/\/www.jazzzeitung.de\/cms\/2021\/09\/news-58-jazzwerkstatt-peitz-kollektiv-in-der-kunsttankstelle-luebeck\/","name":"+++ news +++ 58. jazzwerkstatt Peitz +++ Kollektiv in der Kunsttankstelle L\u00fcbeck +++ - JazzZeitung","isPartOf":{"@id":"https:\/\/www.jazzzeitung.de\/cms\/#website"},"primaryImageOfPage":{"@id":"https:\/\/www.jazzzeitung.de\/cms\/2021\/09\/news-58-jazzwerkstatt-peitz-kollektiv-in-der-kunsttankstelle-luebeck\/#primaryimage"},"image":{"@id":"https:\/\/www.jazzzeitung.de\/cms\/2021\/09\/news-58-jazzwerkstatt-peitz-kollektiv-in-der-kunsttankstelle-luebeck\/#primaryimage"},"thumbnailUrl":"https:\/\/i0.wp.com\/www.jazzzeitung.de\/cms\/wp-content\/uploads\/2021\/09\/6828BDCE-845D-41F0-8EDC-58BDD817EEDF_1_105_c.jpeg?fit=1024%2C768&ssl=1","datePublished":"2021-09-07T08:44:00+00:00","breadcrumb":{"@id":"https:\/\/www.jazzzeitung.de\/cms\/2021\/09\/news-58-jazzwerkstatt-peitz-kollektiv-in-der-kunsttankstelle-luebeck\/#breadcrumb"},"inLanguage":"de","potentialAction":[{"@type":"ReadAction","target":["https:\/\/www.jazzzeitung.de\/cms\/2021\/09\/news-58-jazzwerkstatt-peitz-kollektiv-in-der-kunsttankstelle-luebeck\/"]}]},{"@type":"ImageObject","inLanguage":"de","@id":"https:\/\/www.jazzzeitung.de\/cms\/2021\/09\/news-58-jazzwerkstatt-peitz-kollektiv-in-der-kunsttankstelle-luebeck\/#primaryimage","url":"https:\/\/i0.wp.com\/www.jazzzeitung.de\/cms\/wp-content\/uploads\/2021\/09\/6828BDCE-845D-41F0-8EDC-58BDD817EEDF_1_105_c.jpeg?fit=1024%2C768&ssl=1","contentUrl":"https:\/\/i0.wp.com\/www.jazzzeitung.de\/cms\/wp-content\/uploads\/2021\/09\/6828BDCE-845D-41F0-8EDC-58BDD817EEDF_1_105_c.jpeg?fit=1024%2C768&ssl=1","width":1024,"height":768,"caption":"Kollektiv \u201eN\" im Theater Putbus. Foto: Sebastian Schmiedt"},{"@type":"BreadcrumbList","@id":"https:\/\/www.jazzzeitung.de\/cms\/2021\/09\/news-58-jazzwerkstatt-peitz-kollektiv-in-der-kunsttankstelle-luebeck\/#breadcrumb","itemListElement":[{"@type":"ListItem","position":1,"name":"Startseite","item":"https:\/\/www.jazzzeitung.de\/cms\/"},{"@type":"ListItem","position":2,"name":"+++ news +++ 58. jazzwerkstatt Peitz +++ Kollektiv in der Kunsttankstelle L\u00fcbeck +++"}]},{"@type":"WebSite","@id":"https:\/\/www.jazzzeitung.de\/cms\/#website","url":"https:\/\/www.jazzzeitung.de\/cms\/","name":"JazzZeitung","description":"Jazz-News und Jazz-Kontroverses","publisher":{"@id":"https:\/\/www.jazzzeitung.de\/cms\/#organization"},"potentialAction":[{"@type":"SearchAction","target":{"@type":"EntryPoint","urlTemplate":"https:\/\/www.jazzzeitung.de\/cms\/?s={search_term_string}"},"query-input":{"@type":"PropertyValueSpecification","valueRequired":true,"valueName":"search_term_string"}}],"inLanguage":"de"},{"@type":"Organization","@id":"https:\/\/www.jazzzeitung.de\/cms\/#organization","name":"JazzZeitung online","url":"https:\/\/www.jazzzeitung.de\/cms\/","logo":{"@type":"ImageObject","inLanguage":"de","@id":"https:\/\/www.jazzzeitung.de\/cms\/#\/schema\/logo\/image\/","url":"https:\/\/i0.wp.com\/www.jazzzeitung.de\/cms\/wp-content\/uploads\/2015\/08\/JAZZZEITUNGDE_Logo_Neu.png?fit=499%2C200&ssl=1","contentUrl":"https:\/\/i0.wp.com\/www.jazzzeitung.de\/cms\/wp-content\/uploads\/2015\/08\/JAZZZEITUNGDE_Logo_Neu.png?fit=499%2C200&ssl=1","width":499,"height":200,"caption":"JazzZeitung online"},"image":{"@id":"https:\/\/www.jazzzeitung.de\/cms\/#\/schema\/logo\/image\/"},"sameAs":["https:\/\/www.facebook.com\/JazzZeitung\/"]},{"@type":"Person","@id":"https:\/\/www.jazzzeitung.de\/cms\/#\/schema\/person\/2245b36b9cd1d24cea10f01c031fb92b","name":"Redaktion JazzZeitung","image":{"@type":"ImageObject","inLanguage":"de","@id":"https:\/\/i0.wp.com\/www.jazzzeitung.de\/cms\/wp-content\/uploads\/2015\/08\/JAZZZEITUNGDE_Logo_Neu.png?resize=96%2C96&ssl=159975dcacb611b5700bd619b5daf0a7a","url":"https:\/\/i0.wp.com\/www.jazzzeitung.de\/cms\/wp-content\/uploads\/2015\/08\/JAZZZEITUNGDE_Logo_Neu.png?resize=96%2C96&ssl=1","contentUrl":"https:\/\/i0.wp.com\/www.jazzzeitung.de\/cms\/wp-content\/uploads\/2015\/08\/JAZZZEITUNGDE_Logo_Neu.png?resize=96%2C96&ssl=1","caption":"Redaktion JazzZeitung"},"description":"Artikel der Redaktion der JazzZeitung.","sameAs":["http:\/\/www.jazzzeitung.de\/cms\/"],"url":"https:\/\/www.jazzzeitung.de\/cms\/author\/redaktion\/"}]}},"wp-worthy-pixel":{"ignored":false,"public":null,"server":null,"url":null},"wp-worthy-type":"normal","jetpack_publicize_connections":[],"cc_featured_image_caption":{"caption_text":"","source_text":"","source_url":""},"jetpack_featured_media_url":"https:\/\/i0.wp.com\/www.jazzzeitung.de\/cms\/wp-content\/uploads\/2021\/09\/6828BDCE-845D-41F0-8EDC-58BDD817EEDF_1_105_c.jpeg?fit=1024%2C768&ssl=1","jetpack_shortlink":"https:\/\/wp.me\/p3KEcT-6Gs","jetpack-related-posts":[{"id":28235,"url":"https:\/\/www.jazzzeitung.de\/cms\/2022\/08\/chick-corea-the-montreux-album-chris-hopkins-on-tour-2022-jazzwerkstatt-peitz-59\/","url_meta":{"origin":25696,"position":0},"title":"+++ Chick Corea: The Montreux Album +++\u00a0Chris Hopkins on Tour 2022 +++ Jazzwerkstatt Peitz 59 +++","author":"Redaktion JazzZeitung","date":"30. August 2022","format":false,"excerpt":"+++ Chick Corea: The Montreux Album +++ Das Montreux Jazz Festival und das Label BMG k\u00fcndigen den n\u00e4chsten Teil der \u201eThe Montreux Years\u201c-Reihe an. Auf dem Tontr\u00e4ger zu h\u00f6ren sind Live-Mitschnitte von Werken Chick Coreas, die zwischen 1981 und 2010 entstanden sind. Die Klangqualit\u00e4t der Aufnahmen sind vollst\u00e4ndig restauriert und\u2026","rel":"","context":"In &quot;News&quot;","block_context":{"text":"News","link":"https:\/\/www.jazzzeitung.de\/cms\/thema\/nachrichten\/"},"img":{"alt_text":"","src":"https:\/\/i0.wp.com\/www.jazzzeitung.de\/cms\/wp-content\/uploads\/2022\/08\/91oNdzWMmZL._SL1500_.jpg?fit=1200%2C1200&ssl=1&resize=350%2C200","width":350,"height":200,"srcset":"https:\/\/i0.wp.com\/www.jazzzeitung.de\/cms\/wp-content\/uploads\/2022\/08\/91oNdzWMmZL._SL1500_.jpg?fit=1200%2C1200&ssl=1&resize=350%2C200 1x, https:\/\/i0.wp.com\/www.jazzzeitung.de\/cms\/wp-content\/uploads\/2022\/08\/91oNdzWMmZL._SL1500_.jpg?fit=1200%2C1200&ssl=1&resize=525%2C300 1.5x, https:\/\/i0.wp.com\/www.jazzzeitung.de\/cms\/wp-content\/uploads\/2022\/08\/91oNdzWMmZL._SL1500_.jpg?fit=1200%2C1200&ssl=1&resize=700%2C400 2x, https:\/\/i0.wp.com\/www.jazzzeitung.de\/cms\/wp-content\/uploads\/2022\/08\/91oNdzWMmZL._SL1500_.jpg?fit=1200%2C1200&ssl=1&resize=1050%2C600 3x"},"classes":[]},{"id":20465,"url":"https:\/\/www.jazzzeitung.de\/cms\/2019\/08\/news-30-jahre-jazz-fuer-alle-e-v-peitz-woodstock-am-karpfenteich-dvd\/","url_meta":{"origin":25696,"position":1},"title":"+++ News +++ 30 Jahre Jazz f\u00fcr Alle e.V. +++ PEITZ Woodstock am Karpfenteich DVD +++","author":"Redaktion JazzZeitung","date":"26. August 2019","format":false,"excerpt":"+++ 30 Jahre Jazz f\u00fcr alle e.V. +++ Der \u00e4lteste Jazzverein Berlins, \u201eJazz f\u00fcr Alle e.V.\", wird in diesem Sommer 30 Jahre alt. 1989 gegr\u00fcndet sollte er die Aufgabe \u00fcbernehmen, Jazz-Musiker und \u2013Enthusiasten zu Konzerten und Treffen zu versammeln, da die bisherige M\u00f6glichkeit dazu entfiel, als die bekannte Radiosendung \u201eClub\u2026","rel":"","context":"In &quot;News&quot;","block_context":{"text":"News","link":"https:\/\/www.jazzzeitung.de\/cms\/thema\/nachrichten\/"},"img":{"alt_text":"","src":"https:\/\/i0.wp.com\/www.jazzzeitung.de\/cms\/wp-content\/uploads\/2019\/08\/DSC07692_DxO.jpg?fit=1200%2C798&ssl=1&resize=350%2C200","width":350,"height":200,"srcset":"https:\/\/i0.wp.com\/www.jazzzeitung.de\/cms\/wp-content\/uploads\/2019\/08\/DSC07692_DxO.jpg?fit=1200%2C798&ssl=1&resize=350%2C200 1x, https:\/\/i0.wp.com\/www.jazzzeitung.de\/cms\/wp-content\/uploads\/2019\/08\/DSC07692_DxO.jpg?fit=1200%2C798&ssl=1&resize=525%2C300 1.5x, https:\/\/i0.wp.com\/www.jazzzeitung.de\/cms\/wp-content\/uploads\/2019\/08\/DSC07692_DxO.jpg?fit=1200%2C798&ssl=1&resize=700%2C400 2x, https:\/\/i0.wp.com\/www.jazzzeitung.de\/cms\/wp-content\/uploads\/2019\/08\/DSC07692_DxO.jpg?fit=1200%2C798&ssl=1&resize=1050%2C600 3x"},"classes":[]},{"id":29319,"url":"https:\/\/www.jazzzeitung.de\/cms\/2023\/04\/news-jazztrio-um-antonio-farao-zu-gast-im-night-club-nacht-voller-livemusik-in-muenchen-50-jahre-woodstock-am-karpfenteich-in-peitz\/","url_meta":{"origin":25696,"position":2},"title":"News: +++ Jazztrio um Antonio Fara\u00f2 zu Gast im Night Club +++ Nacht voller Livemusik in M\u00fcnchen +++ 50 Jahre Woodstock am Karpfenteich in Peitz +++","author":"Redaktion JazzZeitung","date":"5. April 2023","format":false,"excerpt":"+++ Jazztrio um Antonio Fara\u00f2 zu Gast im Night Club +++ Das neue Programm des Bayerischen Hofs in M\u00fcnchen verspricht f\u00fcr die n\u00e4chsten Wochen einige musikalische Highlights. Mit einem Konzert am 6. April aus der Veranstaltungsreihe \u201eJazzin' the Night Club\u201c ziehen wieder Jazzkl\u00e4nge in den Night Club im Untergeschoss ein.\u2026","rel":"","context":"In &quot;News&quot;","block_context":{"text":"News","link":"https:\/\/www.jazzzeitung.de\/cms\/thema\/nachrichten\/"},"img":{"alt_text":"","src":"https:\/\/i0.wp.com\/www.jazzzeitung.de\/cms\/wp-content\/uploads\/2023\/04\/AntonioPianoYamahaSDacosta_Bayerischer-Hof.jpg?fit=1200%2C800&ssl=1&resize=350%2C200","width":350,"height":200,"srcset":"https:\/\/i0.wp.com\/www.jazzzeitung.de\/cms\/wp-content\/uploads\/2023\/04\/AntonioPianoYamahaSDacosta_Bayerischer-Hof.jpg?fit=1200%2C800&ssl=1&resize=350%2C200 1x, https:\/\/i0.wp.com\/www.jazzzeitung.de\/cms\/wp-content\/uploads\/2023\/04\/AntonioPianoYamahaSDacosta_Bayerischer-Hof.jpg?fit=1200%2C800&ssl=1&resize=525%2C300 1.5x, https:\/\/i0.wp.com\/www.jazzzeitung.de\/cms\/wp-content\/uploads\/2023\/04\/AntonioPianoYamahaSDacosta_Bayerischer-Hof.jpg?fit=1200%2C800&ssl=1&resize=700%2C400 2x, https:\/\/i0.wp.com\/www.jazzzeitung.de\/cms\/wp-content\/uploads\/2023\/04\/AntonioPianoYamahaSDacosta_Bayerischer-Hof.jpg?fit=1200%2C800&ssl=1&resize=1050%2C600 3x"},"classes":[]},{"id":19186,"url":"https:\/\/www.jazzzeitung.de\/cms\/2019\/04\/jazzwerkstatt-peitz56-vorverkauf-hat-begonnen\/","url_meta":{"origin":25696,"position":3},"title":"+++ news +++ 24. Jazztage G\u00f6rlitz im Mai +++ Jazzwerkstatt Peitz56 im Juni +++","author":"Redaktion JazzZeitung","date":"17. April 2019","format":false,"excerpt":"Der Vorverkauf f\u00fcr das \u00f6stlichste Jazzfestival der Republik hat begonnen. Die 24. Jazztage G\u00f6rlitz vom 17. bis 25. Mai 2019 versprechen guten Jazz, wieder neue R\u00e4ume, neue Bands und ungeahnte Klang-Abenteuer mit internationalen G\u00e4sten. W\u00e4hrend die beiden Solisten des Festivals, die koreanische Pianistin Younee und der aus \u00d6sterreich und Luxemburg\u2026","rel":"","context":"In &quot;News&quot;","block_context":{"text":"News","link":"https:\/\/www.jazzzeitung.de\/cms\/thema\/nachrichten\/"},"img":{"alt_text":"","src":"https:\/\/i0.wp.com\/www.jazzzeitung.de\/cms\/wp-content\/uploads\/2019\/04\/JazzwerkstattPeitz56.jpg?fit=1200%2C569&ssl=1&resize=350%2C200","width":350,"height":200,"srcset":"https:\/\/i0.wp.com\/www.jazzzeitung.de\/cms\/wp-content\/uploads\/2019\/04\/JazzwerkstattPeitz56.jpg?fit=1200%2C569&ssl=1&resize=350%2C200 1x, https:\/\/i0.wp.com\/www.jazzzeitung.de\/cms\/wp-content\/uploads\/2019\/04\/JazzwerkstattPeitz56.jpg?fit=1200%2C569&ssl=1&resize=525%2C300 1.5x, https:\/\/i0.wp.com\/www.jazzzeitung.de\/cms\/wp-content\/uploads\/2019\/04\/JazzwerkstattPeitz56.jpg?fit=1200%2C569&ssl=1&resize=700%2C400 2x, https:\/\/i0.wp.com\/www.jazzzeitung.de\/cms\/wp-content\/uploads\/2019\/04\/JazzwerkstattPeitz56.jpg?fit=1200%2C569&ssl=1&resize=1050%2C600 3x"},"classes":[]},{"id":4506,"url":"https:\/\/www.jazzzeitung.de\/cms\/2014\/08\/gemeinsam-frei-das-jazzkollektiv-berlin-veranstaltet-sein-zehntes-festival\/","url_meta":{"origin":25696,"position":4},"title":"Gemeinsam frei \u2013 Das Jazzkollektiv Berlin veranstaltet sein zehntes Festival","author":"Antje R\u00f6\u00dfler","date":"28. August 2014","format":false,"excerpt":"Ein Kollektiv ist nicht dasselbe wie ein \u201eTeam\u201c, das sich pragmatisch zur Erledigung einer Aufgabe zusammentut. Die Mitglieder eines Kollektivs verfolgen gemeinsame Ziele und Ideale. Als ein Zusammenschluss dieser Art versteht sich das Jazzkollektiv Berlin, das von dem Posaunisten Gerhard Gschl\u00f6\u00dfl und dem Pianisten Marc Schmolling gegr\u00fcndet wurde. Ende August\u2026","rel":"","context":"In &quot;Bericht&quot;","block_context":{"text":"Bericht","link":"https:\/\/www.jazzzeitung.de\/cms\/thema\/bericht\/"},"img":{"alt_text":"Jazz-Kollektiv Berlin. Foto: Jazz-Kollektiv Berlin","src":"https:\/\/i0.wp.com\/www.jazzzeitung.de\/cms\/wp-content\/uploads\/2014\/08\/Kollektiv2Ausschnitt-nights_roessler.jpg?resize=350%2C200","width":350,"height":200,"srcset":"https:\/\/i0.wp.com\/www.jazzzeitung.de\/cms\/wp-content\/uploads\/2014\/08\/Kollektiv2Ausschnitt-nights_roessler.jpg?resize=350%2C200 1x, https:\/\/i0.wp.com\/www.jazzzeitung.de\/cms\/wp-content\/uploads\/2014\/08\/Kollektiv2Ausschnitt-nights_roessler.jpg?resize=525%2C300 1.5x, https:\/\/i0.wp.com\/www.jazzzeitung.de\/cms\/wp-content\/uploads\/2014\/08\/Kollektiv2Ausschnitt-nights_roessler.jpg?resize=700%2C400 2x, https:\/\/i0.wp.com\/www.jazzzeitung.de\/cms\/wp-content\/uploads\/2014\/08\/Kollektiv2Ausschnitt-nights_roessler.jpg?resize=1050%2C600 3x"},"classes":[]},{"id":11077,"url":"https:\/\/www.jazzzeitung.de\/cms\/2016\/11\/udj-ehrt-siegmund-ehrmann\/","url_meta":{"origin":25696,"position":5},"title":"NEWS +++ UDJ ehrt Siegmund Ehrmann +++ SWR New Jazz Meeting 2016 +++ Jazz am Weihnachtsmarkt Berlin +++","author":"Redaktion JazzZeitung","date":"21. November 2016","format":false,"excerpt":"+++ UDJ-Ehrennadel f\u00fcr Siegmund Ehrmann +++ Die UDJ zeichnet den Bundestagsabgeordneten Siegmund Ehrmann (SPD) im Rahmen des 23. UDJ-Jazzforums in K\u00f6ln\u00a0mit der UDJ-Ehrennadel aus. 15 Jahre lang wirkte Siegmund Ehrmann im Deutschen Bundestag zuletzt als Vorsitzender des Ausschusses f\u00fcr Kultur und Medien. In dieser Funktion hat er wesentlich dazu beigetragen,\u2026","rel":"","context":"In &quot;News&quot;","block_context":{"text":"News","link":"https:\/\/www.jazzzeitung.de\/cms\/thema\/nachrichten\/"},"img":{"alt_text":"Siegmund Ehrmann MdB. Foto: Pressefoto","src":"https:\/\/i0.wp.com\/www.jazzzeitung.de\/cms\/wp-content\/uploads\/2016\/11\/click-150x150.jpg?resize=350%2C200","width":350,"height":200},"classes":[]}],"jetpack_sharing_enabled":true,"_links":{"self":[{"href":"https:\/\/www.jazzzeitung.de\/cms\/wp-json\/wp\/v2\/posts\/25696","targetHints":{"allow":["GET"]}}],"collection":[{"href":"https:\/\/www.jazzzeitung.de\/cms\/wp-json\/wp\/v2\/posts"}],"about":[{"href":"https:\/\/www.jazzzeitung.de\/cms\/wp-json\/wp\/v2\/types\/post"}],"author":[{"embeddable":true,"href":"https:\/\/www.jazzzeitung.de\/cms\/wp-json\/wp\/v2\/users\/18"}],"replies":[{"embeddable":true,"href":"https:\/\/www.jazzzeitung.de\/cms\/wp-json\/wp\/v2\/comments?post=25696"}],"version-history":[{"count":19,"href":"https:\/\/www.jazzzeitung.de\/cms\/wp-json\/wp\/v2\/posts\/25696\/revisions"}],"predecessor-version":[{"id":26275,"href":"https:\/\/www.jazzzeitung.de\/cms\/wp-json\/wp\/v2\/posts\/25696\/revisions\/26275"}],"wp:featuredmedia":[{"embeddable":true,"href":"https:\/\/www.jazzzeitung.de\/cms\/wp-json\/wp\/v2\/media\/25697"}],"wp:attachment":[{"href":"https:\/\/www.jazzzeitung.de\/cms\/wp-json\/wp\/v2\/media?parent=25696"}],"wp:term":[{"taxonomy":"category","embeddable":true,"href":"https:\/\/www.jazzzeitung.de\/cms\/wp-json\/wp\/v2\/categories?post=25696"},{"taxonomy":"post_tag","embeddable":true,"href":"https:\/\/www.jazzzeitung.de\/cms\/wp-json\/wp\/v2\/tags?post=25696"},{"taxonomy":"author","embeddable":true,"href":"https:\/\/www.jazzzeitung.de\/cms\/wp-json\/wp\/v2\/coauthors?post=25696"}],"curies":[{"name":"wp","href":"https:\/\/api.w.org\/{rel}","templated":true}]}}