{"id":25627,"date":"2021-09-03T09:00:39","date_gmt":"2021-09-03T07:00:39","guid":{"rendered":"https:\/\/www.jazzzeitung.de\/cms\/?p=25627"},"modified":"2021-09-01T13:21:27","modified_gmt":"2021-09-01T11:21:27","slug":"festivalland-nrw-die-livekultur-ist-wieder-da","status":"publish","type":"post","link":"https:\/\/www.jazzzeitung.de\/cms\/2021\/09\/festivalland-nrw-die-livekultur-ist-wieder-da\/","title":{"rendered":"Festivalland NRW: Die Livekultur ist wieder da!"},"content":{"rendered":"<p class=\"v1normal\"><span class=\"v1tm8\">Wenn es um Jazz geht, dann ist NRW ein Festivalland. Vor allem jenseits der Jazzmetropole K\u00f6ln sind sie ein starker Imagetr\u00e4ger und verschaffen oft kleinen oder strukturschwachen St\u00e4dten eine \u00fcberregionale Ausstrahlung. <\/span><span class=\"v1tm7\">Das Moers-Festival ist hier das prominenteste Beispiel. Immerhin fanden zu Pfingsten im Moerser Freizeitpark die allerersten Konzerte vor Publikum wieder statt. Der &#8222;echte&#8220; Neustart einer Live-Kultur auf breiter Ebene ist erst jetzt im ausgehenden Sommer erfolgt &#8211; aber damit l\u00e4sst sich die Friedhofsruhe der Lockdown-Zeit umso nachhaltiger bek\u00e4mpfen. Jazzjestivals in NRW sind durch sehr diverse Historien, Konzepte und Milieus gepr\u00e4gt. Kreativ und hartn\u00e4ckig und mit viel privater und \u00f6ffentlicher Unterst\u00fctzung haben die Veranstalter ihre Events f\u00fcr die aktuelle Situation passend gemacht und damit auch so manche gute Idee f\u00fcr die Zukunft aus der Taufe gehoben.<\/span><\/p>\n<h3>Platzhirsch-Festival Duisburg<\/h3>\n<p class=\"v1normal\"><span class=\"v1tm7\">Zum Beispiel in Duisburg, was nach au\u00dfen nicht unbedingt als Kulturmetropole wahrgenommen wird: Das Platzhirsch-Festival belegt, dass hier viele kulturaffine Mennschen an einem Strang ziehen. In diesem Jahr profitierte das Festival vom Duisburger Kultursommer, der in einem gro\u00dfen Zelt im Kantpark den verschiedenen Kultursparten ein Forum liefert und hier nat\u00fcrlich auch der Platzhirsch<\/span><span class=\"v1tm7\"> (deswegen hei\u00dft er ja wohl so) zu Gast war. Hier begegnen sich alternative rockige Klangwelten mit improvisierten Sternstunden, etwa eine Trio-Besetzung mit der belgischen Pianistin Marlies Debacker, dem Schlagzeuger Kevin Shea und dem Bassisten Salim Javaid. Hypnotische Kraft entfaltete zum Finale eine Neuauff\u00fchrung von Julius Eastman minimalistischem Werk f\u00fcr vier Klaviere Evil Nigger unter Federf\u00fchrung des Duisburger Pianisten Kai Schumacher.<\/span><\/p>\n<h3>Hildener Jazztage<\/h3>\n<p class=\"v1normal\"><span class=\"v1tm7\">Auch Hilden wird wohl in kaum einem Deutschland-Reisef\u00fchrer als kulturelles Mekka gepriesen. Der Schlagzeuger Peter Baumg\u00e4rtner nahm sich aber der Sache an, als ihn die damalige Kulturdezernentin fragte, ob er ein Jazzkonzert veranstalten k\u00f6nnte. Dies war die Geburtsstunde der Hildener Jazztage, die in diesem Jahr ihr 25-j\u00e4hriges Bestehen feiern. Normalerweise breitet sich das Hildener Festival \u00fcber viele kleine Venues aus. Das geht zwar im Corona-Jahr noch nicht &#8211; daf\u00fcr wurde ein Gewerbegewbiet zum Mekka das Jazz. Zum Beispiel mit einem herausragenden Gastspiel der litauischen Band &#8222;Shinkarenko Jazz 4&#8220; und einer Auff\u00fchrung der &#8222;Five Birds and Strings&#8220; des Gitarristen Axel Fischbacher zusammen mit der Wuppertaler Kammerphilharmonie.<\/span><\/p>\n<div class=\"tiled-gallery type-rectangular tiled-gallery-unresized\" data-original-width=\"840\" data-carousel-extra='{&quot;blog_id&quot;:1,&quot;permalink&quot;:&quot;https:\\\/\\\/www.jazzzeitung.de\\\/cms\\\/2021\\\/09\\\/festivalland-nrw-die-livekultur-ist-wieder-da\\\/&quot;,&quot;likes_blog_id&quot;:55446655}' itemscope itemtype=\"http:\/\/schema.org\/ImageGallery\" > <div class=\"gallery-row\" style=\"width: 840px; height: 420px;\" data-original-width=\"840\" data-original-height=\"420\" > <div class=\"gallery-group images-1\" style=\"width: 420px; height: 420px;\" data-original-width=\"420\" data-original-height=\"420\" > <div class=\"tiled-gallery-item tiled-gallery-item-large\" itemprop=\"associatedMedia\" itemscope itemtype=\"http:\/\/schema.org\/ImageObject\"> <a href=\"https:\/\/www.jazzzeitung.de\/cms\/2021\/09\/festivalland-nrw-die-livekultur-ist-wieder-da\/leonid-shiikarenko-vytautas-labutis\/\" border=\"0\" itemprop=\"url\"> <meta itemprop=\"width\" content=\"416\"> <meta itemprop=\"height\" content=\"416\"> <img decoding=\"async\" class=\"\" data-attachment-id=\"25642\" data-orig-file=\"https:\/\/www.jazzzeitung.de\/cms\/wp-content\/uploads\/2021\/08\/Leonid-Shiikarenko-Vytautas-Labutis-scaled.jpg\" data-orig-size=\"2560,2560\" data-comments-opened=\"1\" data-image-meta=\"{&quot;aperture&quot;:&quot;0&quot;,&quot;credit&quot;:&quot;&quot;,&quot;camera&quot;:&quot;&quot;,&quot;caption&quot;:&quot;&quot;,&quot;created_timestamp&quot;:&quot;0&quot;,&quot;copyright&quot;:&quot;&quot;,&quot;focal_length&quot;:&quot;0&quot;,&quot;iso&quot;:&quot;0&quot;,&quot;shutter_speed&quot;:&quot;0&quot;,&quot;title&quot;:&quot;&quot;,&quot;orientation&quot;:&quot;0&quot;}\" data-image-title=\"Leonid Shiikarenko, Vytautas Labutis\" data-image-description=\"\" data-medium-file=\"https:\/\/i0.wp.com\/www.jazzzeitung.de\/cms\/wp-content\/uploads\/2021\/08\/Leonid-Shiikarenko-Vytautas-Labutis-scaled.jpg?fit=300%2C300&#038;ssl=1\" data-large-file=\"https:\/\/i0.wp.com\/www.jazzzeitung.de\/cms\/wp-content\/uploads\/2021\/08\/Leonid-Shiikarenko-Vytautas-Labutis-scaled.jpg?fit=600%2C600&#038;ssl=1\" src=\"https:\/\/i0.wp.com\/www.jazzzeitung.de\/cms\/wp-content\/uploads\/2021\/08\/Leonid-Shiikarenko-Vytautas-Labutis-scaled.jpg?w=416&#038;h=416&#038;crop=1&#038;ssl=1\" srcset=\"https:\/\/i0.wp.com\/www.jazzzeitung.de\/cms\/wp-content\/uploads\/2021\/08\/Leonid-Shiikarenko-Vytautas-Labutis-scaled.jpg?w=2560&amp;ssl=1 2560w, https:\/\/i0.wp.com\/www.jazzzeitung.de\/cms\/wp-content\/uploads\/2021\/08\/Leonid-Shiikarenko-Vytautas-Labutis-scaled.jpg?resize=300%2C300&amp;ssl=1 300w, https:\/\/i0.wp.com\/www.jazzzeitung.de\/cms\/wp-content\/uploads\/2021\/08\/Leonid-Shiikarenko-Vytautas-Labutis-scaled.jpg?resize=600%2C600&amp;ssl=1 600w, https:\/\/i0.wp.com\/www.jazzzeitung.de\/cms\/wp-content\/uploads\/2021\/08\/Leonid-Shiikarenko-Vytautas-Labutis-scaled.jpg?resize=150%2C150&amp;ssl=1 150w, https:\/\/i0.wp.com\/www.jazzzeitung.de\/cms\/wp-content\/uploads\/2021\/08\/Leonid-Shiikarenko-Vytautas-Labutis-scaled.jpg?resize=768%2C768&amp;ssl=1 768w, https:\/\/i0.wp.com\/www.jazzzeitung.de\/cms\/wp-content\/uploads\/2021\/08\/Leonid-Shiikarenko-Vytautas-Labutis-scaled.jpg?resize=1536%2C1536&amp;ssl=1 1536w, https:\/\/i0.wp.com\/www.jazzzeitung.de\/cms\/wp-content\/uploads\/2021\/08\/Leonid-Shiikarenko-Vytautas-Labutis-scaled.jpg?resize=2048%2C2048&amp;ssl=1 2048w, https:\/\/i0.wp.com\/www.jazzzeitung.de\/cms\/wp-content\/uploads\/2021\/08\/Leonid-Shiikarenko-Vytautas-Labutis-scaled.jpg?resize=1320%2C1320&amp;ssl=1 1320w, https:\/\/i0.wp.com\/www.jazzzeitung.de\/cms\/wp-content\/uploads\/2021\/08\/Leonid-Shiikarenko-Vytautas-Labutis-scaled.jpg?w=1680&amp;ssl=1 1680w\" width=\"416\" height=\"416\" loading=\"lazy\" data-original-width=\"416\" data-original-height=\"416\" itemprop=\"http:\/\/schema.org\/image\" title=\"Leonid Shiikarenko, Vytautas Labutis\" alt=\"Leonid Shiikarenko, Vytautas Labutis. Bild: Stefan Pieper\" style=\"width: 416px; height: 416px;\" \/> <\/a> <div class=\"tiled-gallery-caption\" itemprop=\"caption description\"> Leonid Shiikarenko, Vytautas Labutis. Bild: Stefan Pieper <\/div> <\/div> <\/div> <!-- close group --> <div class=\"gallery-group images-1\" style=\"width: 420px; height: 420px;\" data-original-width=\"420\" data-original-height=\"420\" > <div class=\"tiled-gallery-item tiled-gallery-item-large\" itemprop=\"associatedMedia\" itemscope itemtype=\"http:\/\/schema.org\/ImageObject\"> <a href=\"https:\/\/www.jazzzeitung.de\/cms\/2021\/09\/festivalland-nrw-die-livekultur-ist-wieder-da\/linas-buda\/\" border=\"0\" itemprop=\"url\"> <meta itemprop=\"width\" content=\"416\"> <meta itemprop=\"height\" content=\"416\"> <img decoding=\"async\" class=\"\" data-attachment-id=\"25632\" data-orig-file=\"https:\/\/www.jazzzeitung.de\/cms\/wp-content\/uploads\/2021\/08\/Linas-Buda-scaled.jpg\" data-orig-size=\"2560,2560\" data-comments-opened=\"1\" data-image-meta=\"{&quot;aperture&quot;:&quot;0&quot;,&quot;credit&quot;:&quot;&quot;,&quot;camera&quot;:&quot;&quot;,&quot;caption&quot;:&quot;&quot;,&quot;created_timestamp&quot;:&quot;0&quot;,&quot;copyright&quot;:&quot;&quot;,&quot;focal_length&quot;:&quot;0&quot;,&quot;iso&quot;:&quot;0&quot;,&quot;shutter_speed&quot;:&quot;0&quot;,&quot;title&quot;:&quot;&quot;,&quot;orientation&quot;:&quot;0&quot;}\" data-image-title=\"Linas Buda\" data-image-description=\"\" data-medium-file=\"https:\/\/i0.wp.com\/www.jazzzeitung.de\/cms\/wp-content\/uploads\/2021\/08\/Linas-Buda-scaled.jpg?fit=300%2C300&#038;ssl=1\" data-large-file=\"https:\/\/i0.wp.com\/www.jazzzeitung.de\/cms\/wp-content\/uploads\/2021\/08\/Linas-Buda-scaled.jpg?fit=600%2C600&#038;ssl=1\" src=\"https:\/\/i0.wp.com\/www.jazzzeitung.de\/cms\/wp-content\/uploads\/2021\/08\/Linas-Buda-scaled.jpg?w=416&#038;h=416&#038;crop=1&#038;ssl=1\" srcset=\"https:\/\/i0.wp.com\/www.jazzzeitung.de\/cms\/wp-content\/uploads\/2021\/08\/Linas-Buda-scaled.jpg?w=2560&amp;ssl=1 2560w, https:\/\/i0.wp.com\/www.jazzzeitung.de\/cms\/wp-content\/uploads\/2021\/08\/Linas-Buda-scaled.jpg?resize=300%2C300&amp;ssl=1 300w, https:\/\/i0.wp.com\/www.jazzzeitung.de\/cms\/wp-content\/uploads\/2021\/08\/Linas-Buda-scaled.jpg?resize=600%2C600&amp;ssl=1 600w, https:\/\/i0.wp.com\/www.jazzzeitung.de\/cms\/wp-content\/uploads\/2021\/08\/Linas-Buda-scaled.jpg?resize=150%2C150&amp;ssl=1 150w, https:\/\/i0.wp.com\/www.jazzzeitung.de\/cms\/wp-content\/uploads\/2021\/08\/Linas-Buda-scaled.jpg?resize=768%2C768&amp;ssl=1 768w, https:\/\/i0.wp.com\/www.jazzzeitung.de\/cms\/wp-content\/uploads\/2021\/08\/Linas-Buda-scaled.jpg?resize=1536%2C1536&amp;ssl=1 1536w, https:\/\/i0.wp.com\/www.jazzzeitung.de\/cms\/wp-content\/uploads\/2021\/08\/Linas-Buda-scaled.jpg?resize=2048%2C2048&amp;ssl=1 2048w, https:\/\/i0.wp.com\/www.jazzzeitung.de\/cms\/wp-content\/uploads\/2021\/08\/Linas-Buda-scaled.jpg?resize=1320%2C1320&amp;ssl=1 1320w, https:\/\/i0.wp.com\/www.jazzzeitung.de\/cms\/wp-content\/uploads\/2021\/08\/Linas-Buda-scaled.jpg?w=1680&amp;ssl=1 1680w\" width=\"416\" height=\"416\" loading=\"lazy\" data-original-width=\"416\" data-original-height=\"416\" itemprop=\"http:\/\/schema.org\/image\" title=\"Linas Buda\" alt=\"Linas Buda. Bild: Stefan Pieper\" style=\"width: 416px; height: 416px;\" \/> <\/a> <div class=\"tiled-gallery-caption\" itemprop=\"caption description\"> Linas Buda. Bild: Stefan Pieper <\/div> <\/div> <\/div> <!-- close group --> <\/div> <!-- close row --> <\/div>\n<h3>Jazz an einem Sommerabend Krefeld<\/h3>\n<p class=\"v1normal\"><span class=\"v1tm7\">Krefeld ist eine weitere mittelgro\u00dfe Stadt, in der seit Jahrzehnten ein umtriebiger Verein sein Publikum f\u00fcr \u00e4sthetische Abenteuer vorbildlich sensibilisiert hat. H\u00f6hepunkt im Jahr ist der Jazz-Sommerabend vor der malerischen Burg Linn &#8211; und auch dieser funktionierte wieder pr\u00e4chtig nach einem Jahr Pause: Mit musikalischen Entdeckungen wie die \u00f6sterreichische Band chuffDRONE, gefolgt von einer Freejazz-Sternstunde mit dem Quartett mofaya, bei dem es die US-Trompeterin Jamie Branch und der Saxofonist John Dikemann ekstatisch in die Nacht hinaus schallen lie\u00dfen.<\/span><\/p>\n<div class=\"tiled-gallery type-rectangular tiled-gallery-unresized\" data-original-width=\"840\" data-carousel-extra='{&quot;blog_id&quot;:1,&quot;permalink&quot;:&quot;https:\\\/\\\/www.jazzzeitung.de\\\/cms\\\/2021\\\/09\\\/festivalland-nrw-die-livekultur-ist-wieder-da\\\/&quot;,&quot;likes_blog_id&quot;:55446655}' itemscope itemtype=\"http:\/\/schema.org\/ImageGallery\" > <div class=\"gallery-row\" style=\"width: 840px; height: 560px;\" data-original-width=\"840\" data-original-height=\"560\" > <div class=\"gallery-group images-1\" style=\"width: 560px; height: 560px;\" data-original-width=\"560\" data-original-height=\"560\" > <div class=\"tiled-gallery-item tiled-gallery-item-large\" itemprop=\"associatedMedia\" itemscope itemtype=\"http:\/\/schema.org\/ImageObject\"> <a href=\"https:\/\/www.jazzzeitung.de\/cms\/2021\/09\/festivalland-nrw-die-livekultur-ist-wieder-da\/judith-schwarz\/\" border=\"0\" itemprop=\"url\"> <meta itemprop=\"width\" content=\"556\"> <meta itemprop=\"height\" content=\"556\"> <img decoding=\"async\" class=\"\" data-attachment-id=\"25694\" data-orig-file=\"https:\/\/www.jazzzeitung.de\/cms\/wp-content\/uploads\/2021\/09\/Judith-Schwarz-scaled.jpg\" data-orig-size=\"2560,2560\" data-comments-opened=\"1\" data-image-meta=\"{&quot;aperture&quot;:&quot;0&quot;,&quot;credit&quot;:&quot;&quot;,&quot;camera&quot;:&quot;&quot;,&quot;caption&quot;:&quot;&quot;,&quot;created_timestamp&quot;:&quot;0&quot;,&quot;copyright&quot;:&quot;&quot;,&quot;focal_length&quot;:&quot;0&quot;,&quot;iso&quot;:&quot;0&quot;,&quot;shutter_speed&quot;:&quot;0&quot;,&quot;title&quot;:&quot;&quot;,&quot;orientation&quot;:&quot;0&quot;}\" data-image-title=\"Judith Schwarz\" data-image-description=\"\" data-medium-file=\"https:\/\/i0.wp.com\/www.jazzzeitung.de\/cms\/wp-content\/uploads\/2021\/09\/Judith-Schwarz-scaled.jpg?fit=300%2C300&#038;ssl=1\" data-large-file=\"https:\/\/i0.wp.com\/www.jazzzeitung.de\/cms\/wp-content\/uploads\/2021\/09\/Judith-Schwarz-scaled.jpg?fit=600%2C600&#038;ssl=1\" src=\"https:\/\/i0.wp.com\/www.jazzzeitung.de\/cms\/wp-content\/uploads\/2021\/09\/Judith-Schwarz-scaled.jpg?w=556&#038;h=556&#038;crop=1&#038;ssl=1\" srcset=\"https:\/\/i0.wp.com\/www.jazzzeitung.de\/cms\/wp-content\/uploads\/2021\/09\/Judith-Schwarz-scaled.jpg?w=2560&amp;ssl=1 2560w, https:\/\/i0.wp.com\/www.jazzzeitung.de\/cms\/wp-content\/uploads\/2021\/09\/Judith-Schwarz-scaled.jpg?resize=300%2C300&amp;ssl=1 300w, https:\/\/i0.wp.com\/www.jazzzeitung.de\/cms\/wp-content\/uploads\/2021\/09\/Judith-Schwarz-scaled.jpg?resize=600%2C600&amp;ssl=1 600w, https:\/\/i0.wp.com\/www.jazzzeitung.de\/cms\/wp-content\/uploads\/2021\/09\/Judith-Schwarz-scaled.jpg?resize=150%2C150&amp;ssl=1 150w, https:\/\/i0.wp.com\/www.jazzzeitung.de\/cms\/wp-content\/uploads\/2021\/09\/Judith-Schwarz-scaled.jpg?resize=768%2C768&amp;ssl=1 768w, https:\/\/i0.wp.com\/www.jazzzeitung.de\/cms\/wp-content\/uploads\/2021\/09\/Judith-Schwarz-scaled.jpg?resize=1536%2C1536&amp;ssl=1 1536w, https:\/\/i0.wp.com\/www.jazzzeitung.de\/cms\/wp-content\/uploads\/2021\/09\/Judith-Schwarz-scaled.jpg?resize=2048%2C2048&amp;ssl=1 2048w, https:\/\/i0.wp.com\/www.jazzzeitung.de\/cms\/wp-content\/uploads\/2021\/09\/Judith-Schwarz-scaled.jpg?resize=1320%2C1320&amp;ssl=1 1320w, https:\/\/i0.wp.com\/www.jazzzeitung.de\/cms\/wp-content\/uploads\/2021\/09\/Judith-Schwarz-scaled.jpg?w=1680&amp;ssl=1 1680w\" width=\"556\" height=\"556\" loading=\"lazy\" data-original-width=\"556\" data-original-height=\"556\" itemprop=\"http:\/\/schema.org\/image\" title=\"Judith Schwarz\" alt=\"Judith Schwarz. Bild: Stefan Pieper\" style=\"width: 556px; height: 556px;\" \/> <\/a> <div class=\"tiled-gallery-caption\" itemprop=\"caption description\"> Judith Schwarz. Bild: Stefan Pieper <\/div> <\/div> <\/div> <!-- close group --> <div class=\"gallery-group images-2\" style=\"width: 280px; height: 560px;\" data-original-width=\"280\" data-original-height=\"560\" > <div class=\"tiled-gallery-item tiled-gallery-item-large\" itemprop=\"associatedMedia\" itemscope itemtype=\"http:\/\/schema.org\/ImageObject\"> <a href=\"https:\/\/www.jazzzeitung.de\/cms\/2021\/09\/festivalland-nrw-die-livekultur-ist-wieder-da\/casey-moir\/\" border=\"0\" itemprop=\"url\"> <meta itemprop=\"width\" content=\"276\"> <meta itemprop=\"height\" content=\"276\"> <img decoding=\"async\" class=\"\" data-attachment-id=\"25638\" data-orig-file=\"https:\/\/www.jazzzeitung.de\/cms\/wp-content\/uploads\/2021\/08\/Casey-Moir.jpg\" data-orig-size=\"2499,2500\" data-comments-opened=\"1\" data-image-meta=\"{&quot;aperture&quot;:&quot;0&quot;,&quot;credit&quot;:&quot;&quot;,&quot;camera&quot;:&quot;&quot;,&quot;caption&quot;:&quot;&quot;,&quot;created_timestamp&quot;:&quot;0&quot;,&quot;copyright&quot;:&quot;&quot;,&quot;focal_length&quot;:&quot;0&quot;,&quot;iso&quot;:&quot;0&quot;,&quot;shutter_speed&quot;:&quot;0&quot;,&quot;title&quot;:&quot;&quot;,&quot;orientation&quot;:&quot;1&quot;}\" data-image-title=\"Casey Moir\" data-image-description=\"&lt;p&gt;Casey Moir&lt;\/p&gt; \" data-medium-file=\"https:\/\/i0.wp.com\/www.jazzzeitung.de\/cms\/wp-content\/uploads\/2021\/08\/Casey-Moir.jpg?fit=300%2C300&#038;ssl=1\" data-large-file=\"https:\/\/i0.wp.com\/www.jazzzeitung.de\/cms\/wp-content\/uploads\/2021\/08\/Casey-Moir.jpg?fit=600%2C600&#038;ssl=1\" src=\"https:\/\/i0.wp.com\/www.jazzzeitung.de\/cms\/wp-content\/uploads\/2021\/08\/Casey-Moir.jpg?w=276&#038;h=276&#038;crop=1&#038;ssl=1\" srcset=\"https:\/\/i0.wp.com\/www.jazzzeitung.de\/cms\/wp-content\/uploads\/2021\/08\/Casey-Moir.jpg?w=2499&amp;ssl=1 2499w, https:\/\/i0.wp.com\/www.jazzzeitung.de\/cms\/wp-content\/uploads\/2021\/08\/Casey-Moir.jpg?resize=300%2C300&amp;ssl=1 300w, https:\/\/i0.wp.com\/www.jazzzeitung.de\/cms\/wp-content\/uploads\/2021\/08\/Casey-Moir.jpg?resize=600%2C600&amp;ssl=1 600w, https:\/\/i0.wp.com\/www.jazzzeitung.de\/cms\/wp-content\/uploads\/2021\/08\/Casey-Moir.jpg?resize=150%2C150&amp;ssl=1 150w, https:\/\/i0.wp.com\/www.jazzzeitung.de\/cms\/wp-content\/uploads\/2021\/08\/Casey-Moir.jpg?resize=768%2C768&amp;ssl=1 768w, https:\/\/i0.wp.com\/www.jazzzeitung.de\/cms\/wp-content\/uploads\/2021\/08\/Casey-Moir.jpg?resize=1536%2C1536&amp;ssl=1 1536w, https:\/\/i0.wp.com\/www.jazzzeitung.de\/cms\/wp-content\/uploads\/2021\/08\/Casey-Moir.jpg?resize=2048%2C2048&amp;ssl=1 2048w, https:\/\/i0.wp.com\/www.jazzzeitung.de\/cms\/wp-content\/uploads\/2021\/08\/Casey-Moir.jpg?resize=1320%2C1321&amp;ssl=1 1320w, https:\/\/i0.wp.com\/www.jazzzeitung.de\/cms\/wp-content\/uploads\/2021\/08\/Casey-Moir.jpg?w=1680&amp;ssl=1 1680w\" width=\"276\" height=\"276\" loading=\"lazy\" data-original-width=\"276\" data-original-height=\"276\" itemprop=\"http:\/\/schema.org\/image\" title=\"Casey Moir\" alt=\"Casey Moir. Bild: Stefan Pieper\" style=\"width: 276px; height: 276px;\" \/> <\/a> <div class=\"tiled-gallery-caption\" itemprop=\"caption description\"> Casey Moir. Bild: Stefan Pieper <\/div> <\/div> <div class=\"tiled-gallery-item tiled-gallery-item-large\" itemprop=\"associatedMedia\" itemscope itemtype=\"http:\/\/schema.org\/ImageObject\"> <a href=\"https:\/\/www.jazzzeitung.de\/cms\/2021\/09\/festivalland-nrw-die-livekultur-ist-wieder-da\/john-dikeman2\/\" border=\"0\" itemprop=\"url\"> <meta itemprop=\"width\" content=\"276\"> <meta itemprop=\"height\" content=\"276\"> <img decoding=\"async\" class=\"\" data-attachment-id=\"25631\" data-orig-file=\"https:\/\/www.jazzzeitung.de\/cms\/wp-content\/uploads\/2021\/08\/John-Dikeman2-scaled.jpg\" data-orig-size=\"2557,2560\" data-comments-opened=\"1\" data-image-meta=\"{&quot;aperture&quot;:&quot;0&quot;,&quot;credit&quot;:&quot;&quot;,&quot;camera&quot;:&quot;&quot;,&quot;caption&quot;:&quot;&quot;,&quot;created_timestamp&quot;:&quot;0&quot;,&quot;copyright&quot;:&quot;&quot;,&quot;focal_length&quot;:&quot;0&quot;,&quot;iso&quot;:&quot;0&quot;,&quot;shutter_speed&quot;:&quot;0&quot;,&quot;title&quot;:&quot;&quot;,&quot;orientation&quot;:&quot;0&quot;}\" data-image-title=\"John Dikeman2\" data-image-description=\"\" data-medium-file=\"https:\/\/i0.wp.com\/www.jazzzeitung.de\/cms\/wp-content\/uploads\/2021\/08\/John-Dikeman2-scaled.jpg?fit=300%2C300&#038;ssl=1\" data-large-file=\"https:\/\/i0.wp.com\/www.jazzzeitung.de\/cms\/wp-content\/uploads\/2021\/08\/John-Dikeman2-scaled.jpg?fit=599%2C600&#038;ssl=1\" src=\"https:\/\/i0.wp.com\/www.jazzzeitung.de\/cms\/wp-content\/uploads\/2021\/08\/John-Dikeman2-scaled.jpg?w=276&#038;h=276&#038;crop=1&#038;ssl=1\" srcset=\"https:\/\/i0.wp.com\/www.jazzzeitung.de\/cms\/wp-content\/uploads\/2021\/08\/John-Dikeman2-scaled.jpg?w=2557&amp;ssl=1 2557w, https:\/\/i0.wp.com\/www.jazzzeitung.de\/cms\/wp-content\/uploads\/2021\/08\/John-Dikeman2-scaled.jpg?resize=300%2C300&amp;ssl=1 300w, https:\/\/i0.wp.com\/www.jazzzeitung.de\/cms\/wp-content\/uploads\/2021\/08\/John-Dikeman2-scaled.jpg?resize=599%2C600&amp;ssl=1 599w, https:\/\/i0.wp.com\/www.jazzzeitung.de\/cms\/wp-content\/uploads\/2021\/08\/John-Dikeman2-scaled.jpg?resize=150%2C150&amp;ssl=1 150w, https:\/\/i0.wp.com\/www.jazzzeitung.de\/cms\/wp-content\/uploads\/2021\/08\/John-Dikeman2-scaled.jpg?resize=768%2C769&amp;ssl=1 768w, https:\/\/i0.wp.com\/www.jazzzeitung.de\/cms\/wp-content\/uploads\/2021\/08\/John-Dikeman2-scaled.jpg?resize=1534%2C1536&amp;ssl=1 1534w, https:\/\/i0.wp.com\/www.jazzzeitung.de\/cms\/wp-content\/uploads\/2021\/08\/John-Dikeman2-scaled.jpg?resize=2046%2C2048&amp;ssl=1 2046w, https:\/\/i0.wp.com\/www.jazzzeitung.de\/cms\/wp-content\/uploads\/2021\/08\/John-Dikeman2-scaled.jpg?resize=1320%2C1321&amp;ssl=1 1320w, https:\/\/i0.wp.com\/www.jazzzeitung.de\/cms\/wp-content\/uploads\/2021\/08\/John-Dikeman2-scaled.jpg?w=1680&amp;ssl=1 1680w\" width=\"276\" height=\"276\" loading=\"lazy\" data-original-width=\"276\" data-original-height=\"276\" itemprop=\"http:\/\/schema.org\/image\" title=\"John Dikeman2\" alt=\"John Dikeman. Bild: Stefan Pieper\" style=\"width: 276px; height: 276px;\" \/> <\/a> <div class=\"tiled-gallery-caption\" itemprop=\"caption description\"> John Dikeman. Bild: Stefan Pieper <\/div> <\/div> <\/div> <!-- close group --> <\/div> <!-- close row --> <div class=\"gallery-row\" style=\"width: 840px; height: 420px;\" data-original-width=\"840\" data-original-height=\"420\" > <div class=\"gallery-group images-1\" style=\"width: 420px; height: 420px;\" data-original-width=\"420\" data-original-height=\"420\" > <div class=\"tiled-gallery-item tiled-gallery-item-large\" itemprop=\"associatedMedia\" itemscope itemtype=\"http:\/\/schema.org\/ImageObject\"> <a href=\"https:\/\/www.jazzzeitung.de\/cms\/2021\/09\/festivalland-nrw-die-livekultur-ist-wieder-da\/jaimie-branch\/\" border=\"0\" itemprop=\"url\"> <meta itemprop=\"width\" content=\"416\"> <meta itemprop=\"height\" content=\"416\"> <img decoding=\"async\" class=\"\" data-attachment-id=\"25641\" data-orig-file=\"https:\/\/www.jazzzeitung.de\/cms\/wp-content\/uploads\/2021\/08\/Jaimie-Branch.jpg\" data-orig-size=\"2497,2500\" data-comments-opened=\"1\" data-image-meta=\"{&quot;aperture&quot;:&quot;0&quot;,&quot;credit&quot;:&quot;&quot;,&quot;camera&quot;:&quot;&quot;,&quot;caption&quot;:&quot;&quot;,&quot;created_timestamp&quot;:&quot;0&quot;,&quot;copyright&quot;:&quot;&quot;,&quot;focal_length&quot;:&quot;0&quot;,&quot;iso&quot;:&quot;0&quot;,&quot;shutter_speed&quot;:&quot;0&quot;,&quot;title&quot;:&quot;&quot;,&quot;orientation&quot;:&quot;1&quot;}\" data-image-title=\"Jaimie Branch\" data-image-description=\"\" data-medium-file=\"https:\/\/i0.wp.com\/www.jazzzeitung.de\/cms\/wp-content\/uploads\/2021\/08\/Jaimie-Branch.jpg?fit=300%2C300&#038;ssl=1\" data-large-file=\"https:\/\/i0.wp.com\/www.jazzzeitung.de\/cms\/wp-content\/uploads\/2021\/08\/Jaimie-Branch.jpg?fit=599%2C600&#038;ssl=1\" src=\"https:\/\/i0.wp.com\/www.jazzzeitung.de\/cms\/wp-content\/uploads\/2021\/08\/Jaimie-Branch.jpg?w=416&#038;h=416&#038;crop=1&#038;ssl=1\" srcset=\"https:\/\/i0.wp.com\/www.jazzzeitung.de\/cms\/wp-content\/uploads\/2021\/08\/Jaimie-Branch.jpg?w=2497&amp;ssl=1 2497w, https:\/\/i0.wp.com\/www.jazzzeitung.de\/cms\/wp-content\/uploads\/2021\/08\/Jaimie-Branch.jpg?resize=300%2C300&amp;ssl=1 300w, https:\/\/i0.wp.com\/www.jazzzeitung.de\/cms\/wp-content\/uploads\/2021\/08\/Jaimie-Branch.jpg?resize=599%2C600&amp;ssl=1 599w, https:\/\/i0.wp.com\/www.jazzzeitung.de\/cms\/wp-content\/uploads\/2021\/08\/Jaimie-Branch.jpg?resize=150%2C150&amp;ssl=1 150w, https:\/\/i0.wp.com\/www.jazzzeitung.de\/cms\/wp-content\/uploads\/2021\/08\/Jaimie-Branch.jpg?resize=768%2C769&amp;ssl=1 768w, https:\/\/i0.wp.com\/www.jazzzeitung.de\/cms\/wp-content\/uploads\/2021\/08\/Jaimie-Branch.jpg?resize=1534%2C1536&amp;ssl=1 1534w, https:\/\/i0.wp.com\/www.jazzzeitung.de\/cms\/wp-content\/uploads\/2021\/08\/Jaimie-Branch.jpg?resize=2046%2C2048&amp;ssl=1 2046w, https:\/\/i0.wp.com\/www.jazzzeitung.de\/cms\/wp-content\/uploads\/2021\/08\/Jaimie-Branch.jpg?resize=1320%2C1322&amp;ssl=1 1320w, https:\/\/i0.wp.com\/www.jazzzeitung.de\/cms\/wp-content\/uploads\/2021\/08\/Jaimie-Branch.jpg?w=1680&amp;ssl=1 1680w\" width=\"416\" height=\"416\" loading=\"lazy\" data-original-width=\"416\" data-original-height=\"416\" itemprop=\"http:\/\/schema.org\/image\" title=\"Jaimie Branch\" alt=\"Jaimie Branch. Bild: Stefan Pieper\" style=\"width: 416px; height: 416px;\" \/> <\/a> <div class=\"tiled-gallery-caption\" itemprop=\"caption description\"> Jaimie Branch. Bild: Stefan Pieper <\/div> <\/div> <\/div> <!-- close group --> <div class=\"gallery-group images-1\" style=\"width: 420px; height: 420px;\" data-original-width=\"420\" data-original-height=\"420\" > <div class=\"tiled-gallery-item tiled-gallery-item-large\" itemprop=\"associatedMedia\" itemscope itemtype=\"http:\/\/schema.org\/ImageObject\"> <a href=\"https:\/\/www.jazzzeitung.de\/cms\/2021\/09\/festivalland-nrw-die-livekultur-ist-wieder-da\/aleksandar-skoric-2\/\" border=\"0\" itemprop=\"url\"> <meta itemprop=\"width\" content=\"416\"> <meta itemprop=\"height\" content=\"416\"> <img decoding=\"async\" class=\"\" data-attachment-id=\"25636\" data-orig-file=\"https:\/\/www.jazzzeitung.de\/cms\/wp-content\/uploads\/2021\/08\/Aleksandar-Skoric-1.jpg\" data-orig-size=\"2499,2500\" data-comments-opened=\"1\" data-image-meta=\"{&quot;aperture&quot;:&quot;0&quot;,&quot;credit&quot;:&quot;&quot;,&quot;camera&quot;:&quot;&quot;,&quot;caption&quot;:&quot;&quot;,&quot;created_timestamp&quot;:&quot;0&quot;,&quot;copyright&quot;:&quot;&quot;,&quot;focal_length&quot;:&quot;0&quot;,&quot;iso&quot;:&quot;0&quot;,&quot;shutter_speed&quot;:&quot;0&quot;,&quot;title&quot;:&quot;&quot;,&quot;orientation&quot;:&quot;1&quot;}\" data-image-title=\"Aleksandar Skoric\" data-image-description=\"\" data-medium-file=\"https:\/\/i0.wp.com\/www.jazzzeitung.de\/cms\/wp-content\/uploads\/2021\/08\/Aleksandar-Skoric-1.jpg?fit=300%2C300&#038;ssl=1\" data-large-file=\"https:\/\/i0.wp.com\/www.jazzzeitung.de\/cms\/wp-content\/uploads\/2021\/08\/Aleksandar-Skoric-1.jpg?fit=600%2C600&#038;ssl=1\" src=\"https:\/\/i0.wp.com\/www.jazzzeitung.de\/cms\/wp-content\/uploads\/2021\/08\/Aleksandar-Skoric-1.jpg?w=416&#038;h=416&#038;crop=1&#038;ssl=1\" srcset=\"https:\/\/i0.wp.com\/www.jazzzeitung.de\/cms\/wp-content\/uploads\/2021\/08\/Aleksandar-Skoric-1.jpg?w=2499&amp;ssl=1 2499w, https:\/\/i0.wp.com\/www.jazzzeitung.de\/cms\/wp-content\/uploads\/2021\/08\/Aleksandar-Skoric-1.jpg?resize=300%2C300&amp;ssl=1 300w, https:\/\/i0.wp.com\/www.jazzzeitung.de\/cms\/wp-content\/uploads\/2021\/08\/Aleksandar-Skoric-1.jpg?resize=600%2C600&amp;ssl=1 600w, https:\/\/i0.wp.com\/www.jazzzeitung.de\/cms\/wp-content\/uploads\/2021\/08\/Aleksandar-Skoric-1.jpg?resize=150%2C150&amp;ssl=1 150w, https:\/\/i0.wp.com\/www.jazzzeitung.de\/cms\/wp-content\/uploads\/2021\/08\/Aleksandar-Skoric-1.jpg?resize=768%2C768&amp;ssl=1 768w, https:\/\/i0.wp.com\/www.jazzzeitung.de\/cms\/wp-content\/uploads\/2021\/08\/Aleksandar-Skoric-1.jpg?resize=1536%2C1536&amp;ssl=1 1536w, https:\/\/i0.wp.com\/www.jazzzeitung.de\/cms\/wp-content\/uploads\/2021\/08\/Aleksandar-Skoric-1.jpg?resize=2048%2C2048&amp;ssl=1 2048w, https:\/\/i0.wp.com\/www.jazzzeitung.de\/cms\/wp-content\/uploads\/2021\/08\/Aleksandar-Skoric-1.jpg?resize=1320%2C1321&amp;ssl=1 1320w, https:\/\/i0.wp.com\/www.jazzzeitung.de\/cms\/wp-content\/uploads\/2021\/08\/Aleksandar-Skoric-1.jpg?w=1680&amp;ssl=1 1680w\" width=\"416\" height=\"416\" loading=\"lazy\" data-original-width=\"416\" data-original-height=\"416\" itemprop=\"http:\/\/schema.org\/image\" title=\"Aleksandar Skoric\" alt=\"Aleksandar Skoric. Bild: Stefan Pieper\" style=\"width: 416px; height: 416px;\" \/> <\/a> <div class=\"tiled-gallery-caption\" itemprop=\"caption description\"> Aleksandar Skoric. Bild: Stefan Pieper <\/div> <\/div> <\/div> <!-- close group --> <\/div> <!-- close row --> <\/div>\n<h3>Jazz Offensive Essen<\/h3>\n<p class=\"v1normal\"><span class=\"v1tm7\">Ebenso ist das Ruhrgebiet in Sachen Jazz alles andere als strukturschwach. Daf\u00fcr sorgt nicht zuletzt die Jazz Offensive Essen, deren allj\u00e4hrliches Festival frische Kreativit\u00e4t zu b\u00fcndeln wei\u00df. Drei Abende lang gab es auch hier mit Herzblut erdachte und mit ebenso viel Leidenschaft gespielte Musik, die sich nicht darum schert, irgendeine kommerziell oder medial fassbare Schublade zu passen. Freejazz mit Heavy Metal lie\u00df die Formation \u201eMaelstroem&#8220; \u00fcberzeugend miteinander reagieren. Eine meditative Sternstunde aus Norwegen ging aufs Konto eines neuen Trios von Thomas Stroenen. Eine extrem coole beatlastige Musik erzeugte ein Trio bestehend aus dem Schlagzeuger Simon Camatta, dem Banjospieler St.Kirchoff und dem DJ Illvibe. Und immer noch klingt das gro\u00dfe Finale beim JOE-Festival in den Ohren nach &#8211; eine Auff\u00fchrung von Luise Volkmanns internationaler Gro\u00dfformation \u201e\u00c9t\u00e9 Large&#8220;, deren Programm eine echte, neue Jazzoper im Geiste der 1968er Bewegung darstellt.<\/span><\/p>\n<div class=\"tiled-gallery type-rectangular tiled-gallery-unresized\" data-original-width=\"840\" data-carousel-extra='{&quot;blog_id&quot;:1,&quot;permalink&quot;:&quot;https:\\\/\\\/www.jazzzeitung.de\\\/cms\\\/2021\\\/09\\\/festivalland-nrw-die-livekultur-ist-wieder-da\\\/&quot;,&quot;likes_blog_id&quot;:55446655}' itemscope itemtype=\"http:\/\/schema.org\/ImageGallery\" > <div class=\"gallery-row\" style=\"width: 840px; height: 560px;\" data-original-width=\"840\" data-original-height=\"560\" > <div class=\"gallery-group images-1\" style=\"width: 560px; height: 560px;\" data-original-width=\"560\" data-original-height=\"560\" > <div class=\"tiled-gallery-item tiled-gallery-item-large\" itemprop=\"associatedMedia\" itemscope itemtype=\"http:\/\/schema.org\/ImageObject\"> <a href=\"https:\/\/www.jazzzeitung.de\/cms\/2021\/09\/festivalland-nrw-die-livekultur-ist-wieder-da\/luise-volkmann\/\" border=\"0\" itemprop=\"url\"> <meta itemprop=\"width\" content=\"556\"> <meta itemprop=\"height\" content=\"556\"> <img decoding=\"async\" class=\"\" data-attachment-id=\"25633\" data-orig-file=\"https:\/\/www.jazzzeitung.de\/cms\/wp-content\/uploads\/2021\/08\/Luise-Volkmann-scaled.jpg\" data-orig-size=\"2560,2560\" data-comments-opened=\"1\" data-image-meta=\"{&quot;aperture&quot;:&quot;0&quot;,&quot;credit&quot;:&quot;&quot;,&quot;camera&quot;:&quot;&quot;,&quot;caption&quot;:&quot;&quot;,&quot;created_timestamp&quot;:&quot;0&quot;,&quot;copyright&quot;:&quot;&quot;,&quot;focal_length&quot;:&quot;0&quot;,&quot;iso&quot;:&quot;0&quot;,&quot;shutter_speed&quot;:&quot;0&quot;,&quot;title&quot;:&quot;&quot;,&quot;orientation&quot;:&quot;0&quot;}\" data-image-title=\"Luise Volkmann\" data-image-description=\"\" data-medium-file=\"https:\/\/i0.wp.com\/www.jazzzeitung.de\/cms\/wp-content\/uploads\/2021\/08\/Luise-Volkmann-scaled.jpg?fit=300%2C300&#038;ssl=1\" data-large-file=\"https:\/\/i0.wp.com\/www.jazzzeitung.de\/cms\/wp-content\/uploads\/2021\/08\/Luise-Volkmann-scaled.jpg?fit=600%2C600&#038;ssl=1\" src=\"https:\/\/i0.wp.com\/www.jazzzeitung.de\/cms\/wp-content\/uploads\/2021\/08\/Luise-Volkmann-scaled.jpg?w=556&#038;h=556&#038;crop=1&#038;ssl=1\" srcset=\"https:\/\/i0.wp.com\/www.jazzzeitung.de\/cms\/wp-content\/uploads\/2021\/08\/Luise-Volkmann-scaled.jpg?w=2560&amp;ssl=1 2560w, https:\/\/i0.wp.com\/www.jazzzeitung.de\/cms\/wp-content\/uploads\/2021\/08\/Luise-Volkmann-scaled.jpg?resize=300%2C300&amp;ssl=1 300w, https:\/\/i0.wp.com\/www.jazzzeitung.de\/cms\/wp-content\/uploads\/2021\/08\/Luise-Volkmann-scaled.jpg?resize=600%2C600&amp;ssl=1 600w, https:\/\/i0.wp.com\/www.jazzzeitung.de\/cms\/wp-content\/uploads\/2021\/08\/Luise-Volkmann-scaled.jpg?resize=150%2C150&amp;ssl=1 150w, https:\/\/i0.wp.com\/www.jazzzeitung.de\/cms\/wp-content\/uploads\/2021\/08\/Luise-Volkmann-scaled.jpg?resize=768%2C768&amp;ssl=1 768w, https:\/\/i0.wp.com\/www.jazzzeitung.de\/cms\/wp-content\/uploads\/2021\/08\/Luise-Volkmann-scaled.jpg?resize=1536%2C1536&amp;ssl=1 1536w, https:\/\/i0.wp.com\/www.jazzzeitung.de\/cms\/wp-content\/uploads\/2021\/08\/Luise-Volkmann-scaled.jpg?resize=2048%2C2048&amp;ssl=1 2048w, https:\/\/i0.wp.com\/www.jazzzeitung.de\/cms\/wp-content\/uploads\/2021\/08\/Luise-Volkmann-scaled.jpg?resize=1320%2C1320&amp;ssl=1 1320w, https:\/\/i0.wp.com\/www.jazzzeitung.de\/cms\/wp-content\/uploads\/2021\/08\/Luise-Volkmann-scaled.jpg?w=1680&amp;ssl=1 1680w\" width=\"556\" height=\"556\" loading=\"lazy\" data-original-width=\"556\" data-original-height=\"556\" itemprop=\"http:\/\/schema.org\/image\" title=\"Luise Volkmann\" alt=\"Luise Volkmann. Bild: Stefan Pieper\" style=\"width: 556px; height: 556px;\" \/> <\/a> <div class=\"tiled-gallery-caption\" itemprop=\"caption description\"> Luise Volkmann. Bild: Stefan Pieper <\/div> <\/div> <\/div> <!-- close group --> <div class=\"gallery-group images-2\" style=\"width: 280px; height: 560px;\" data-original-width=\"280\" data-original-height=\"560\" > <div class=\"tiled-gallery-item tiled-gallery-item-large\" itemprop=\"associatedMedia\" itemscope itemtype=\"http:\/\/schema.org\/ImageObject\"> <a href=\"https:\/\/www.jazzzeitung.de\/cms\/2021\/09\/festivalland-nrw-die-livekultur-ist-wieder-da\/jo-beyer\/\" border=\"0\" itemprop=\"url\"> <meta itemprop=\"width\" content=\"276\"> <meta itemprop=\"height\" content=\"276\"> <img decoding=\"async\" class=\"\" data-attachment-id=\"25630\" data-orig-file=\"https:\/\/www.jazzzeitung.de\/cms\/wp-content\/uploads\/2021\/08\/Jo-Beyer-scaled.jpg\" data-orig-size=\"2560,2560\" data-comments-opened=\"1\" data-image-meta=\"{&quot;aperture&quot;:&quot;0&quot;,&quot;credit&quot;:&quot;&quot;,&quot;camera&quot;:&quot;&quot;,&quot;caption&quot;:&quot;&quot;,&quot;created_timestamp&quot;:&quot;0&quot;,&quot;copyright&quot;:&quot;&quot;,&quot;focal_length&quot;:&quot;0&quot;,&quot;iso&quot;:&quot;0&quot;,&quot;shutter_speed&quot;:&quot;0&quot;,&quot;title&quot;:&quot;&quot;,&quot;orientation&quot;:&quot;0&quot;}\" data-image-title=\"Jo Beyer\" data-image-description=\"\" data-medium-file=\"https:\/\/i0.wp.com\/www.jazzzeitung.de\/cms\/wp-content\/uploads\/2021\/08\/Jo-Beyer-scaled.jpg?fit=300%2C300&#038;ssl=1\" data-large-file=\"https:\/\/i0.wp.com\/www.jazzzeitung.de\/cms\/wp-content\/uploads\/2021\/08\/Jo-Beyer-scaled.jpg?fit=600%2C600&#038;ssl=1\" src=\"https:\/\/i0.wp.com\/www.jazzzeitung.de\/cms\/wp-content\/uploads\/2021\/08\/Jo-Beyer-scaled.jpg?w=276&#038;h=276&#038;crop=1&#038;ssl=1\" srcset=\"https:\/\/i0.wp.com\/www.jazzzeitung.de\/cms\/wp-content\/uploads\/2021\/08\/Jo-Beyer-scaled.jpg?w=2560&amp;ssl=1 2560w, https:\/\/i0.wp.com\/www.jazzzeitung.de\/cms\/wp-content\/uploads\/2021\/08\/Jo-Beyer-scaled.jpg?resize=300%2C300&amp;ssl=1 300w, https:\/\/i0.wp.com\/www.jazzzeitung.de\/cms\/wp-content\/uploads\/2021\/08\/Jo-Beyer-scaled.jpg?resize=600%2C600&amp;ssl=1 600w, https:\/\/i0.wp.com\/www.jazzzeitung.de\/cms\/wp-content\/uploads\/2021\/08\/Jo-Beyer-scaled.jpg?resize=150%2C150&amp;ssl=1 150w, https:\/\/i0.wp.com\/www.jazzzeitung.de\/cms\/wp-content\/uploads\/2021\/08\/Jo-Beyer-scaled.jpg?resize=768%2C768&amp;ssl=1 768w, https:\/\/i0.wp.com\/www.jazzzeitung.de\/cms\/wp-content\/uploads\/2021\/08\/Jo-Beyer-scaled.jpg?resize=1536%2C1536&amp;ssl=1 1536w, https:\/\/i0.wp.com\/www.jazzzeitung.de\/cms\/wp-content\/uploads\/2021\/08\/Jo-Beyer-scaled.jpg?resize=2048%2C2048&amp;ssl=1 2048w, https:\/\/i0.wp.com\/www.jazzzeitung.de\/cms\/wp-content\/uploads\/2021\/08\/Jo-Beyer-scaled.jpg?resize=1320%2C1320&amp;ssl=1 1320w, https:\/\/i0.wp.com\/www.jazzzeitung.de\/cms\/wp-content\/uploads\/2021\/08\/Jo-Beyer-scaled.jpg?w=1680&amp;ssl=1 1680w\" width=\"276\" height=\"276\" loading=\"lazy\" data-original-width=\"276\" data-original-height=\"276\" itemprop=\"http:\/\/schema.org\/image\" title=\"Jo Beyer\" alt=\"Jo Beyer. Bild: Stefan Pieper\" style=\"width: 276px; height: 276px;\" \/> <\/a> <div class=\"tiled-gallery-caption\" itemprop=\"caption description\"> Jo Beyer. Bild: Stefan Pieper <\/div> <\/div> <div class=\"tiled-gallery-item tiled-gallery-item-large\" itemprop=\"associatedMedia\" itemscope itemtype=\"http:\/\/schema.org\/ImageObject\"> <a href=\"https:\/\/www.jazzzeitung.de\/cms\/2021\/09\/festivalland-nrw-die-livekultur-ist-wieder-da\/dj-illvibe\/\" border=\"0\" itemprop=\"url\"> <meta itemprop=\"width\" content=\"276\"> <meta itemprop=\"height\" content=\"276\"> <img decoding=\"async\" class=\"\" data-attachment-id=\"25639\" data-orig-file=\"https:\/\/www.jazzzeitung.de\/cms\/wp-content\/uploads\/2021\/08\/DJ-Illvibe.jpg\" data-orig-size=\"2499,2500\" data-comments-opened=\"1\" data-image-meta=\"{&quot;aperture&quot;:&quot;0&quot;,&quot;credit&quot;:&quot;&quot;,&quot;camera&quot;:&quot;&quot;,&quot;caption&quot;:&quot;&quot;,&quot;created_timestamp&quot;:&quot;0&quot;,&quot;copyright&quot;:&quot;&quot;,&quot;focal_length&quot;:&quot;0&quot;,&quot;iso&quot;:&quot;0&quot;,&quot;shutter_speed&quot;:&quot;0&quot;,&quot;title&quot;:&quot;&quot;,&quot;orientation&quot;:&quot;1&quot;}\" data-image-title=\"DJ Illvibe\" data-image-description=\"\" data-medium-file=\"https:\/\/i0.wp.com\/www.jazzzeitung.de\/cms\/wp-content\/uploads\/2021\/08\/DJ-Illvibe.jpg?fit=300%2C300&#038;ssl=1\" data-large-file=\"https:\/\/i0.wp.com\/www.jazzzeitung.de\/cms\/wp-content\/uploads\/2021\/08\/DJ-Illvibe.jpg?fit=600%2C600&#038;ssl=1\" src=\"https:\/\/i0.wp.com\/www.jazzzeitung.de\/cms\/wp-content\/uploads\/2021\/08\/DJ-Illvibe.jpg?w=276&#038;h=276&#038;crop=1&#038;ssl=1\" srcset=\"https:\/\/i0.wp.com\/www.jazzzeitung.de\/cms\/wp-content\/uploads\/2021\/08\/DJ-Illvibe.jpg?w=2499&amp;ssl=1 2499w, https:\/\/i0.wp.com\/www.jazzzeitung.de\/cms\/wp-content\/uploads\/2021\/08\/DJ-Illvibe.jpg?resize=300%2C300&amp;ssl=1 300w, https:\/\/i0.wp.com\/www.jazzzeitung.de\/cms\/wp-content\/uploads\/2021\/08\/DJ-Illvibe.jpg?resize=600%2C600&amp;ssl=1 600w, https:\/\/i0.wp.com\/www.jazzzeitung.de\/cms\/wp-content\/uploads\/2021\/08\/DJ-Illvibe.jpg?resize=150%2C150&amp;ssl=1 150w, https:\/\/i0.wp.com\/www.jazzzeitung.de\/cms\/wp-content\/uploads\/2021\/08\/DJ-Illvibe.jpg?resize=768%2C768&amp;ssl=1 768w, https:\/\/i0.wp.com\/www.jazzzeitung.de\/cms\/wp-content\/uploads\/2021\/08\/DJ-Illvibe.jpg?resize=1536%2C1536&amp;ssl=1 1536w, https:\/\/i0.wp.com\/www.jazzzeitung.de\/cms\/wp-content\/uploads\/2021\/08\/DJ-Illvibe.jpg?resize=2048%2C2048&amp;ssl=1 2048w, https:\/\/i0.wp.com\/www.jazzzeitung.de\/cms\/wp-content\/uploads\/2021\/08\/DJ-Illvibe.jpg?resize=1320%2C1321&amp;ssl=1 1320w, https:\/\/i0.wp.com\/www.jazzzeitung.de\/cms\/wp-content\/uploads\/2021\/08\/DJ-Illvibe.jpg?w=1680&amp;ssl=1 1680w\" width=\"276\" height=\"276\" loading=\"lazy\" data-original-width=\"276\" data-original-height=\"276\" itemprop=\"http:\/\/schema.org\/image\" title=\"DJ Illvibe\" alt=\"DJ Illvibe. Bild: Stefan Pieper\" style=\"width: 276px; height: 276px;\" \/> <\/a> <div class=\"tiled-gallery-caption\" itemprop=\"caption description\"> DJ Illvibe. Bild: Stefan Pieper <\/div> <\/div> <\/div> <!-- close group --> <\/div> <!-- close row --> <div class=\"gallery-row\" style=\"width: 840px; height: 421px;\" data-original-width=\"840\" data-original-height=\"421\" > <div class=\"gallery-group images-1\" style=\"width: 421px; height: 421px;\" data-original-width=\"421\" data-original-height=\"421\" > <div class=\"tiled-gallery-item tiled-gallery-item-large\" itemprop=\"associatedMedia\" itemscope itemtype=\"http:\/\/schema.org\/ImageObject\"> <a href=\"https:\/\/www.jazzzeitung.de\/cms\/2021\/09\/festivalland-nrw-die-livekultur-ist-wieder-da\/florian-walter\/\" border=\"0\" itemprop=\"url\"> <meta itemprop=\"width\" content=\"417\"> <meta itemprop=\"height\" content=\"417\"> <img decoding=\"async\" class=\"\" data-attachment-id=\"25640\" data-orig-file=\"https:\/\/www.jazzzeitung.de\/cms\/wp-content\/uploads\/2021\/08\/Florian-Walter.jpg\" data-orig-size=\"2500,2500\" data-comments-opened=\"1\" data-image-meta=\"{&quot;aperture&quot;:&quot;0&quot;,&quot;credit&quot;:&quot;&quot;,&quot;camera&quot;:&quot;&quot;,&quot;caption&quot;:&quot;&quot;,&quot;created_timestamp&quot;:&quot;0&quot;,&quot;copyright&quot;:&quot;&quot;,&quot;focal_length&quot;:&quot;0&quot;,&quot;iso&quot;:&quot;0&quot;,&quot;shutter_speed&quot;:&quot;0&quot;,&quot;title&quot;:&quot;&quot;,&quot;orientation&quot;:&quot;1&quot;}\" data-image-title=\"Florian Walter\" data-image-description=\"\" data-medium-file=\"https:\/\/i0.wp.com\/www.jazzzeitung.de\/cms\/wp-content\/uploads\/2021\/08\/Florian-Walter.jpg?fit=300%2C300&#038;ssl=1\" data-large-file=\"https:\/\/i0.wp.com\/www.jazzzeitung.de\/cms\/wp-content\/uploads\/2021\/08\/Florian-Walter.jpg?fit=600%2C600&#038;ssl=1\" src=\"https:\/\/i0.wp.com\/www.jazzzeitung.de\/cms\/wp-content\/uploads\/2021\/08\/Florian-Walter.jpg?w=417&#038;h=417&#038;crop=1&#038;ssl=1\" srcset=\"https:\/\/i0.wp.com\/www.jazzzeitung.de\/cms\/wp-content\/uploads\/2021\/08\/Florian-Walter.jpg?w=2500&amp;ssl=1 2500w, https:\/\/i0.wp.com\/www.jazzzeitung.de\/cms\/wp-content\/uploads\/2021\/08\/Florian-Walter.jpg?resize=300%2C300&amp;ssl=1 300w, https:\/\/i0.wp.com\/www.jazzzeitung.de\/cms\/wp-content\/uploads\/2021\/08\/Florian-Walter.jpg?resize=600%2C600&amp;ssl=1 600w, https:\/\/i0.wp.com\/www.jazzzeitung.de\/cms\/wp-content\/uploads\/2021\/08\/Florian-Walter.jpg?resize=150%2C150&amp;ssl=1 150w, https:\/\/i0.wp.com\/www.jazzzeitung.de\/cms\/wp-content\/uploads\/2021\/08\/Florian-Walter.jpg?resize=768%2C768&amp;ssl=1 768w, https:\/\/i0.wp.com\/www.jazzzeitung.de\/cms\/wp-content\/uploads\/2021\/08\/Florian-Walter.jpg?resize=1536%2C1536&amp;ssl=1 1536w, https:\/\/i0.wp.com\/www.jazzzeitung.de\/cms\/wp-content\/uploads\/2021\/08\/Florian-Walter.jpg?resize=2048%2C2048&amp;ssl=1 2048w, https:\/\/i0.wp.com\/www.jazzzeitung.de\/cms\/wp-content\/uploads\/2021\/08\/Florian-Walter.jpg?resize=1320%2C1320&amp;ssl=1 1320w, https:\/\/i0.wp.com\/www.jazzzeitung.de\/cms\/wp-content\/uploads\/2021\/08\/Florian-Walter.jpg?w=1680&amp;ssl=1 1680w\" width=\"417\" height=\"417\" loading=\"lazy\" data-original-width=\"417\" data-original-height=\"417\" itemprop=\"http:\/\/schema.org\/image\" title=\"Florian Walter\" alt=\"Florian Walter. Bild: Stefan Pieper\" style=\"width: 417px; height: 417px;\" \/> <\/a> <div class=\"tiled-gallery-caption\" itemprop=\"caption description\"> Florian Walter. Bild: Stefan Pieper <\/div> <\/div> <\/div> <!-- close group --> <div class=\"gallery-group images-1\" style=\"width: 419px; height: 421px;\" data-original-width=\"419\" data-original-height=\"421\" > <div class=\"tiled-gallery-item tiled-gallery-item-large\" itemprop=\"associatedMedia\" itemscope itemtype=\"http:\/\/schema.org\/ImageObject\"> <a href=\"https:\/\/www.jazzzeitung.de\/cms\/2021\/09\/festivalland-nrw-die-livekultur-ist-wieder-da\/caris-hermes-maika-kuester\/\" border=\"0\" itemprop=\"url\"> <meta itemprop=\"width\" content=\"415\"> <meta itemprop=\"height\" content=\"417\"> <img decoding=\"async\" class=\"\" data-attachment-id=\"25628\" data-orig-file=\"https:\/\/www.jazzzeitung.de\/cms\/wp-content\/uploads\/2021\/08\/Caris-Hermes-Maika-Kuester-scaled.jpg\" data-orig-size=\"2553,2560\" data-comments-opened=\"1\" data-image-meta=\"{&quot;aperture&quot;:&quot;0&quot;,&quot;credit&quot;:&quot;&quot;,&quot;camera&quot;:&quot;&quot;,&quot;caption&quot;:&quot;&quot;,&quot;created_timestamp&quot;:&quot;0&quot;,&quot;copyright&quot;:&quot;&quot;,&quot;focal_length&quot;:&quot;0&quot;,&quot;iso&quot;:&quot;0&quot;,&quot;shutter_speed&quot;:&quot;0&quot;,&quot;title&quot;:&quot;&quot;,&quot;orientation&quot;:&quot;0&quot;}\" data-image-title=\"Caris Hermes, Maika K\u00fcster\" data-image-description=\"\" data-medium-file=\"https:\/\/i0.wp.com\/www.jazzzeitung.de\/cms\/wp-content\/uploads\/2021\/08\/Caris-Hermes-Maika-Kuester-scaled.jpg?fit=300%2C300&#038;ssl=1\" data-large-file=\"https:\/\/i0.wp.com\/www.jazzzeitung.de\/cms\/wp-content\/uploads\/2021\/08\/Caris-Hermes-Maika-Kuester-scaled.jpg?fit=598%2C600&#038;ssl=1\" src=\"https:\/\/i0.wp.com\/www.jazzzeitung.de\/cms\/wp-content\/uploads\/2021\/08\/Caris-Hermes-Maika-Kuester-scaled.jpg?w=415&#038;h=417&#038;ssl=1\" srcset=\"https:\/\/i0.wp.com\/www.jazzzeitung.de\/cms\/wp-content\/uploads\/2021\/08\/Caris-Hermes-Maika-Kuester-scaled.jpg?w=2553&amp;ssl=1 2553w, https:\/\/i0.wp.com\/www.jazzzeitung.de\/cms\/wp-content\/uploads\/2021\/08\/Caris-Hermes-Maika-Kuester-scaled.jpg?resize=300%2C300&amp;ssl=1 300w, https:\/\/i0.wp.com\/www.jazzzeitung.de\/cms\/wp-content\/uploads\/2021\/08\/Caris-Hermes-Maika-Kuester-scaled.jpg?resize=598%2C600&amp;ssl=1 598w, https:\/\/i0.wp.com\/www.jazzzeitung.de\/cms\/wp-content\/uploads\/2021\/08\/Caris-Hermes-Maika-Kuester-scaled.jpg?resize=150%2C150&amp;ssl=1 150w, https:\/\/i0.wp.com\/www.jazzzeitung.de\/cms\/wp-content\/uploads\/2021\/08\/Caris-Hermes-Maika-Kuester-scaled.jpg?resize=768%2C770&amp;ssl=1 768w, https:\/\/i0.wp.com\/www.jazzzeitung.de\/cms\/wp-content\/uploads\/2021\/08\/Caris-Hermes-Maika-Kuester-scaled.jpg?resize=1532%2C1536&amp;ssl=1 1532w, https:\/\/i0.wp.com\/www.jazzzeitung.de\/cms\/wp-content\/uploads\/2021\/08\/Caris-Hermes-Maika-Kuester-scaled.jpg?resize=2042%2C2048&amp;ssl=1 2042w, https:\/\/i0.wp.com\/www.jazzzeitung.de\/cms\/wp-content\/uploads\/2021\/08\/Caris-Hermes-Maika-Kuester-scaled.jpg?resize=1320%2C1324&amp;ssl=1 1320w, https:\/\/i0.wp.com\/www.jazzzeitung.de\/cms\/wp-content\/uploads\/2021\/08\/Caris-Hermes-Maika-Kuester-scaled.jpg?w=1680&amp;ssl=1 1680w\" width=\"415\" height=\"417\" loading=\"lazy\" data-original-width=\"415\" data-original-height=\"417\" itemprop=\"http:\/\/schema.org\/image\" title=\"Caris Hermes, Maika K\u00fcster\" alt=\"Maika K\u00fcster (Gesang), Caris Hermes (Bass). Bild: Stefan Pieper\" style=\"width: 415px; height: 417px;\" \/> <\/a> <div class=\"tiled-gallery-caption\" itemprop=\"caption description\"> Maika K\u00fcster (Gesang), Caris Hermes (Bass). Bild: Stefan Pieper <\/div> <\/div> <\/div> <!-- close group --> <\/div> <!-- close row --> <\/div>\n<p class=\"v1normal\"><span class=\"v1tm7\">Dies sind nur einige Ausschnitte aus einem reichen Spektrum an Konzertreihen und Festivals, die zurzeit allerorten fast schon f\u00fcr ein \u00dcberangebot sorgen, die aber in jedem Moment und \u00fcberall die vorhandenen Potenziale gerade in der freien Szene unter Beweis stellen. Die \u00f6ffentliche Hand macht sich gerade in dieser Zeit durch beherzte Unterst\u00fctzung verdient, ebenso erfahren viele Veranstaltungsreihen einen immensen freiwilligen Support durch ihr Publikum oder neu gegr\u00fcndete F\u00f6rdervereine. Nahtlos geht es mit dieser hochfrequenten Livekultur weiter: Soeben hat die \u201eCologne Jazz Week&#8220; begonnen &#8211; mit der tonangebende Jazz-Spielst\u00e4tten bis zum 5. September ihr Programm b\u00fcndeln.<\/span><\/p>\n<p>Text und Bilder: Stefan Pieper<\/p>\n<p>Beitragsbild: Burg Linn. Jazz an einem Sommerabend Krefeld. Bild: Stefan Pieper<\/p>\n<p>Stefan Pieper ist Redakteur des Jazzportals NRW.<\/p>\n<p>Weitere Infos unter: <a href=\"https:\/\/nrwjazz.net\/yii\/yiiapp\/archiv\/redakteure.html\">nrwjazz<\/a><\/p>\n","protected":false},"excerpt":{"rendered":"<p>Wenn es um Jazz geht, dann ist NRW ein Festivalland. Vor allem jenseits der Jazzmetropole K\u00f6ln sind sie ein starker Imagetr\u00e4ger und verschaffen oft kleinen oder strukturschwachen St\u00e4dten eine \u00fcberregionale Ausstrahlung. Das Moers-Festival ist hier das prominenteste Beispiel. Immerhin fanden zu Pfingsten im Moerser Freizeitpark die allerersten Konzerte vor Publikum wieder statt. Der &#8222;echte&#8220; Neustart einer Live-Kultur auf breiter Ebene ist erst jetzt im ausgehenden Sommer erfolgt &#8211; aber damit l\u00e4sst sich die Friedhofsruhe der Lockdown-Zeit umso nachhaltiger bek\u00e4mpfen. Jazzjestivals in NRW sind durch sehr diverse Historien, Konzepte und Milieus gepr\u00e4gt. Kreativ und hartn\u00e4ckig und mit viel privater und \u00f6ffentlicher Unterst\u00fctzung haben die Veranstalter ihre Events f\u00fcr die aktuelle Situation passend gemacht und damit auch so manche gute Idee f\u00fcr die Zukunft aus der Taufe gehoben. Platzhirsch-Festival Duisburg Zum Beispiel in Duisburg, was nach au\u00dfen nicht unbedingt als Kulturmetropole wahrgenommen wird: Das Platzhirsch-Festival belegt, dass hier viele kulturaffine Mennschen an einem Strang ziehen. In diesem Jahr profitierte das Festival vom Duisburger Kultursommer, der in einem gro\u00dfen Zelt im Kantpark den verschiedenen Kultursparten ein Forum liefert und hier nat\u00fcrlich auch der Platzhirsch (deswegen hei\u00dft er ja &hellip;<\/p>\n","protected":false},"author":18,"featured_media":25634,"comment_status":"open","ping_status":"closed","sticky":false,"template":"","format":"standard","meta":{"_jetpack_memberships_contains_paid_content":false,"footnotes":"","jetpack_publicize_message":"","jetpack_publicize_feature_enabled":true,"jetpack_social_post_already_shared":false,"jetpack_social_options":{"image_generator_settings":{"template":"highway","default_image_id":0,"font":"","enabled":false},"version":2}},"categories":[1053,652,1152],"tags":[3668,1197,3670,3679,3642,3657,691,3678,3663,3,682,3665,2267,3672,3669,3674,294,2861,3673,3662,3664,3660,2109,3174,3675,3659,3671,3132,3666,3658,3661,3667,3558,3676,3677,1129],"coauthors":[695],"class_list":["post-25627","post","type-post","status-publish","format-standard","has-post-thumbnail","hentry","category-bericht","category-galerie","category-rezension","tag-axel-fischbacher","tag-bericht","tag-chuffdrone","tag-cologne-jazz-week","tag-dj-illvibe","tag-duisburg","tag-essen","tag-ete-large","tag-evil-nigger","tag-festival","tag-festivals","tag-hilden","tag-hildener-jazztage","tag-jamie-branch","tag-jazz-an-einem-sommerabend","tag-jazz-offensive-essen","tag-jazzzeitung","tag-jazzzeitung-de","tag-john-dikemann","tag-julius-eastman","tag-kai-schumacher","tag-kevin-shea","tag-krefeld","tag-luise-volkmann","tag-maelstroem","tag-marlies-debacker","tag-mofaya","tag-nrw","tag-peter-baumgaertner","tag-platzhirsch-festival","tag-salim-javaid","tag-shinkarenko","tag-shinkarenko-jazz-4","tag-simon-camatta","tag-st-kirchoff","tag-stefan-pieper"],"yoast_head":"<!-- This site is optimized with the Yoast SEO plugin v27.5 - https:\/\/yoast.com\/product\/yoast-seo-wordpress\/ -->\n<title>Festivalland NRW: Die Livekultur ist wieder da! - JazzZeitung<\/title>\n<meta name=\"robots\" content=\"index, follow, max-snippet:-1, max-image-preview:large, max-video-preview:-1\" \/>\n<link rel=\"canonical\" href=\"https:\/\/www.jazzzeitung.de\/cms\/2021\/09\/festivalland-nrw-die-livekultur-ist-wieder-da\/\" \/>\n<meta property=\"og:locale\" content=\"de_DE\" \/>\n<meta property=\"og:type\" content=\"article\" \/>\n<meta property=\"og:title\" content=\"Festivalland NRW: Die Livekultur ist wieder da! - JazzZeitung\" \/>\n<meta property=\"og:description\" content=\"Wenn es um Jazz geht, dann ist NRW ein Festivalland. Vor allem jenseits der Jazzmetropole K\u00f6ln sind sie ein starker Imagetr\u00e4ger und verschaffen oft kleinen oder strukturschwachen St\u00e4dten eine \u00fcberregionale Ausstrahlung. Das Moers-Festival ist hier das prominenteste Beispiel. Immerhin fanden zu Pfingsten im Moerser Freizeitpark die allerersten Konzerte vor Publikum wieder statt. Der &#8222;echte&#8220; Neustart einer Live-Kultur auf breiter Ebene ist erst jetzt im ausgehenden Sommer erfolgt &#8211; aber damit l\u00e4sst sich die Friedhofsruhe der Lockdown-Zeit umso nachhaltiger bek\u00e4mpfen. Jazzjestivals in NRW sind durch sehr diverse Historien, Konzepte und Milieus gepr\u00e4gt. Kreativ und hartn\u00e4ckig und mit viel privater und \u00f6ffentlicher Unterst\u00fctzung haben die Veranstalter ihre Events f\u00fcr die aktuelle Situation passend gemacht und damit auch so manche gute Idee f\u00fcr die Zukunft aus der Taufe gehoben. Platzhirsch-Festival Duisburg Zum Beispiel in Duisburg, was nach au\u00dfen nicht unbedingt als Kulturmetropole wahrgenommen wird: Das Platzhirsch-Festival belegt, dass hier viele kulturaffine Mennschen an einem Strang ziehen. In diesem Jahr profitierte das Festival vom Duisburger Kultursommer, der in einem gro\u00dfen Zelt im Kantpark den verschiedenen Kultursparten ein Forum liefert und hier nat\u00fcrlich auch der Platzhirsch (deswegen hei\u00dft er ja &hellip;\" \/>\n<meta property=\"og:url\" content=\"https:\/\/www.jazzzeitung.de\/cms\/2021\/09\/festivalland-nrw-die-livekultur-ist-wieder-da\/\" \/>\n<meta property=\"og:site_name\" content=\"JazzZeitung\" \/>\n<meta property=\"article:publisher\" content=\"https:\/\/www.facebook.com\/JazzZeitung\/\" \/>\n<meta property=\"article:published_time\" content=\"2021-09-03T07:00:39+00:00\" \/>\n<meta property=\"og:image\" content=\"https:\/\/i0.wp.com\/www.jazzzeitung.de\/cms\/wp-content\/uploads\/2021\/08\/Jazz-an-einem-Sommerabend.jpg?fit=2500%2C892&ssl=1\" \/>\n\t<meta property=\"og:image:width\" content=\"2500\" \/>\n\t<meta property=\"og:image:height\" content=\"892\" \/>\n\t<meta property=\"og:image:type\" content=\"image\/jpeg\" \/>\n<meta name=\"author\" content=\"Redaktion JazzZeitung\" \/>\n<script type=\"application\/ld+json\" class=\"yoast-schema-graph\">{\"@context\":\"https:\\\/\\\/schema.org\",\"@graph\":[{\"@type\":\"Article\",\"@id\":\"https:\\\/\\\/www.jazzzeitung.de\\\/cms\\\/2021\\\/09\\\/festivalland-nrw-die-livekultur-ist-wieder-da\\\/#article\",\"isPartOf\":{\"@id\":\"https:\\\/\\\/www.jazzzeitung.de\\\/cms\\\/2021\\\/09\\\/festivalland-nrw-die-livekultur-ist-wieder-da\\\/\"},\"author\":{\"name\":\"Redaktion JazzZeitung\",\"@id\":\"https:\\\/\\\/www.jazzzeitung.de\\\/cms\\\/#\\\/schema\\\/person\\\/2245b36b9cd1d24cea10f01c031fb92b\"},\"headline\":\"Festivalland NRW: Die Livekultur ist wieder da!\",\"datePublished\":\"2021-09-03T07:00:39+00:00\",\"mainEntityOfPage\":{\"@id\":\"https:\\\/\\\/www.jazzzeitung.de\\\/cms\\\/2021\\\/09\\\/festivalland-nrw-die-livekultur-ist-wieder-da\\\/\"},\"wordCount\":753,\"commentCount\":0,\"publisher\":{\"@id\":\"https:\\\/\\\/www.jazzzeitung.de\\\/cms\\\/#organization\"},\"image\":{\"@id\":\"https:\\\/\\\/www.jazzzeitung.de\\\/cms\\\/2021\\\/09\\\/festivalland-nrw-die-livekultur-ist-wieder-da\\\/#primaryimage\"},\"thumbnailUrl\":\"https:\\\/\\\/i0.wp.com\\\/www.jazzzeitung.de\\\/cms\\\/wp-content\\\/uploads\\\/2021\\\/08\\\/Jazz-an-einem-Sommerabend.jpg?fit=2500%2C892&ssl=1\",\"keywords\":[\"Axel Fischbacher\",\"Bericht\",\"chuffDRONE\",\"Cologne Jazz Week\",\"DJ Illvibe\",\"Duisburg\",\"Essen\",\"\u00c9t\u00e9 Large\",\"Evil Nigger\",\"Festival\",\"Festivals\",\"Hilden\",\"Hildener Jazztage\",\"Jamie Branch\",\"Jazz an einem Sommerabend\",\"Jazz Offensive Essen\",\"Jazzzeitung\",\"JazzZeitung.de\",\"John Dikemann\",\"Julius Eastman\",\"Kai Schumacher\",\"Kevin Shea\",\"Krefeld\",\"Luise Volkmann\",\"Maelstroem\",\"Marlies Debacker\",\"mofaya\",\"NRW\",\"Peter Baumg\u00e4rtner\",\"Platzhirsch-Festival\",\"Salim Javaid\",\"Shinkarenko\",\"Shinkarenko Jazz 4\",\"Simon Camatta\",\"St.Kirchoff\",\"Stefan Pieper\"],\"articleSection\":[\"Bericht\",\"Galerie\",\"Rezension\"],\"inLanguage\":\"de\",\"potentialAction\":[{\"@type\":\"CommentAction\",\"name\":\"Comment\",\"target\":[\"https:\\\/\\\/www.jazzzeitung.de\\\/cms\\\/2021\\\/09\\\/festivalland-nrw-die-livekultur-ist-wieder-da\\\/#respond\"]}]},{\"@type\":\"WebPage\",\"@id\":\"https:\\\/\\\/www.jazzzeitung.de\\\/cms\\\/2021\\\/09\\\/festivalland-nrw-die-livekultur-ist-wieder-da\\\/\",\"url\":\"https:\\\/\\\/www.jazzzeitung.de\\\/cms\\\/2021\\\/09\\\/festivalland-nrw-die-livekultur-ist-wieder-da\\\/\",\"name\":\"Festivalland NRW: Die Livekultur ist wieder da! - JazzZeitung\",\"isPartOf\":{\"@id\":\"https:\\\/\\\/www.jazzzeitung.de\\\/cms\\\/#website\"},\"primaryImageOfPage\":{\"@id\":\"https:\\\/\\\/www.jazzzeitung.de\\\/cms\\\/2021\\\/09\\\/festivalland-nrw-die-livekultur-ist-wieder-da\\\/#primaryimage\"},\"image\":{\"@id\":\"https:\\\/\\\/www.jazzzeitung.de\\\/cms\\\/2021\\\/09\\\/festivalland-nrw-die-livekultur-ist-wieder-da\\\/#primaryimage\"},\"thumbnailUrl\":\"https:\\\/\\\/i0.wp.com\\\/www.jazzzeitung.de\\\/cms\\\/wp-content\\\/uploads\\\/2021\\\/08\\\/Jazz-an-einem-Sommerabend.jpg?fit=2500%2C892&ssl=1\",\"datePublished\":\"2021-09-03T07:00:39+00:00\",\"breadcrumb\":{\"@id\":\"https:\\\/\\\/www.jazzzeitung.de\\\/cms\\\/2021\\\/09\\\/festivalland-nrw-die-livekultur-ist-wieder-da\\\/#breadcrumb\"},\"inLanguage\":\"de\",\"potentialAction\":[{\"@type\":\"ReadAction\",\"target\":[\"https:\\\/\\\/www.jazzzeitung.de\\\/cms\\\/2021\\\/09\\\/festivalland-nrw-die-livekultur-ist-wieder-da\\\/\"]}]},{\"@type\":\"ImageObject\",\"inLanguage\":\"de\",\"@id\":\"https:\\\/\\\/www.jazzzeitung.de\\\/cms\\\/2021\\\/09\\\/festivalland-nrw-die-livekultur-ist-wieder-da\\\/#primaryimage\",\"url\":\"https:\\\/\\\/i0.wp.com\\\/www.jazzzeitung.de\\\/cms\\\/wp-content\\\/uploads\\\/2021\\\/08\\\/Jazz-an-einem-Sommerabend.jpg?fit=2500%2C892&ssl=1\",\"contentUrl\":\"https:\\\/\\\/i0.wp.com\\\/www.jazzzeitung.de\\\/cms\\\/wp-content\\\/uploads\\\/2021\\\/08\\\/Jazz-an-einem-Sommerabend.jpg?fit=2500%2C892&ssl=1\",\"width\":2500,\"height\":892},{\"@type\":\"BreadcrumbList\",\"@id\":\"https:\\\/\\\/www.jazzzeitung.de\\\/cms\\\/2021\\\/09\\\/festivalland-nrw-die-livekultur-ist-wieder-da\\\/#breadcrumb\",\"itemListElement\":[{\"@type\":\"ListItem\",\"position\":1,\"name\":\"Startseite\",\"item\":\"https:\\\/\\\/www.jazzzeitung.de\\\/cms\\\/\"},{\"@type\":\"ListItem\",\"position\":2,\"name\":\"Festivalland NRW: Die Livekultur ist wieder da!\"}]},{\"@type\":\"WebSite\",\"@id\":\"https:\\\/\\\/www.jazzzeitung.de\\\/cms\\\/#website\",\"url\":\"https:\\\/\\\/www.jazzzeitung.de\\\/cms\\\/\",\"name\":\"JazzZeitung\",\"description\":\"Jazz-News und Jazz-Kontroverses\",\"publisher\":{\"@id\":\"https:\\\/\\\/www.jazzzeitung.de\\\/cms\\\/#organization\"},\"potentialAction\":[{\"@type\":\"SearchAction\",\"target\":{\"@type\":\"EntryPoint\",\"urlTemplate\":\"https:\\\/\\\/www.jazzzeitung.de\\\/cms\\\/?s={search_term_string}\"},\"query-input\":{\"@type\":\"PropertyValueSpecification\",\"valueRequired\":true,\"valueName\":\"search_term_string\"}}],\"inLanguage\":\"de\"},{\"@type\":\"Organization\",\"@id\":\"https:\\\/\\\/www.jazzzeitung.de\\\/cms\\\/#organization\",\"name\":\"JazzZeitung online\",\"url\":\"https:\\\/\\\/www.jazzzeitung.de\\\/cms\\\/\",\"logo\":{\"@type\":\"ImageObject\",\"inLanguage\":\"de\",\"@id\":\"https:\\\/\\\/www.jazzzeitung.de\\\/cms\\\/#\\\/schema\\\/logo\\\/image\\\/\",\"url\":\"https:\\\/\\\/i0.wp.com\\\/www.jazzzeitung.de\\\/cms\\\/wp-content\\\/uploads\\\/2015\\\/08\\\/JAZZZEITUNGDE_Logo_Neu.png?fit=499%2C200&ssl=1\",\"contentUrl\":\"https:\\\/\\\/i0.wp.com\\\/www.jazzzeitung.de\\\/cms\\\/wp-content\\\/uploads\\\/2015\\\/08\\\/JAZZZEITUNGDE_Logo_Neu.png?fit=499%2C200&ssl=1\",\"width\":499,\"height\":200,\"caption\":\"JazzZeitung online\"},\"image\":{\"@id\":\"https:\\\/\\\/www.jazzzeitung.de\\\/cms\\\/#\\\/schema\\\/logo\\\/image\\\/\"},\"sameAs\":[\"https:\\\/\\\/www.facebook.com\\\/JazzZeitung\\\/\"]},{\"@type\":\"Person\",\"@id\":\"https:\\\/\\\/www.jazzzeitung.de\\\/cms\\\/#\\\/schema\\\/person\\\/2245b36b9cd1d24cea10f01c031fb92b\",\"name\":\"Redaktion JazzZeitung\",\"image\":{\"@type\":\"ImageObject\",\"inLanguage\":\"de\",\"@id\":\"https:\\\/\\\/i0.wp.com\\\/www.jazzzeitung.de\\\/cms\\\/wp-content\\\/uploads\\\/2015\\\/08\\\/JAZZZEITUNGDE_Logo_Neu.png?resize=96%2C96&ssl=159975dcacb611b5700bd619b5daf0a7a\",\"url\":\"https:\\\/\\\/i0.wp.com\\\/www.jazzzeitung.de\\\/cms\\\/wp-content\\\/uploads\\\/2015\\\/08\\\/JAZZZEITUNGDE_Logo_Neu.png?resize=96%2C96&ssl=1\",\"contentUrl\":\"https:\\\/\\\/i0.wp.com\\\/www.jazzzeitung.de\\\/cms\\\/wp-content\\\/uploads\\\/2015\\\/08\\\/JAZZZEITUNGDE_Logo_Neu.png?resize=96%2C96&ssl=1\",\"caption\":\"Redaktion JazzZeitung\"},\"description\":\"Artikel der Redaktion der JazzZeitung.\",\"sameAs\":[\"http:\\\/\\\/www.jazzzeitung.de\\\/cms\\\/\"],\"url\":\"https:\\\/\\\/www.jazzzeitung.de\\\/cms\\\/author\\\/redaktion\\\/\"}]}<\/script>\n<!-- \/ Yoast SEO plugin. -->","yoast_head_json":{"title":"Festivalland NRW: Die Livekultur ist wieder da! - JazzZeitung","robots":{"index":"index","follow":"follow","max-snippet":"max-snippet:-1","max-image-preview":"max-image-preview:large","max-video-preview":"max-video-preview:-1"},"canonical":"https:\/\/www.jazzzeitung.de\/cms\/2021\/09\/festivalland-nrw-die-livekultur-ist-wieder-da\/","og_locale":"de_DE","og_type":"article","og_title":"Festivalland NRW: Die Livekultur ist wieder da! - JazzZeitung","og_description":"Wenn es um Jazz geht, dann ist NRW ein Festivalland. Vor allem jenseits der Jazzmetropole K\u00f6ln sind sie ein starker Imagetr\u00e4ger und verschaffen oft kleinen oder strukturschwachen St\u00e4dten eine \u00fcberregionale Ausstrahlung. Das Moers-Festival ist hier das prominenteste Beispiel. Immerhin fanden zu Pfingsten im Moerser Freizeitpark die allerersten Konzerte vor Publikum wieder statt. Der &#8222;echte&#8220; Neustart einer Live-Kultur auf breiter Ebene ist erst jetzt im ausgehenden Sommer erfolgt &#8211; aber damit l\u00e4sst sich die Friedhofsruhe der Lockdown-Zeit umso nachhaltiger bek\u00e4mpfen. Jazzjestivals in NRW sind durch sehr diverse Historien, Konzepte und Milieus gepr\u00e4gt. Kreativ und hartn\u00e4ckig und mit viel privater und \u00f6ffentlicher Unterst\u00fctzung haben die Veranstalter ihre Events f\u00fcr die aktuelle Situation passend gemacht und damit auch so manche gute Idee f\u00fcr die Zukunft aus der Taufe gehoben. Platzhirsch-Festival Duisburg Zum Beispiel in Duisburg, was nach au\u00dfen nicht unbedingt als Kulturmetropole wahrgenommen wird: Das Platzhirsch-Festival belegt, dass hier viele kulturaffine Mennschen an einem Strang ziehen. In diesem Jahr profitierte das Festival vom Duisburger Kultursommer, der in einem gro\u00dfen Zelt im Kantpark den verschiedenen Kultursparten ein Forum liefert und hier nat\u00fcrlich auch der Platzhirsch (deswegen hei\u00dft er ja &hellip;","og_url":"https:\/\/www.jazzzeitung.de\/cms\/2021\/09\/festivalland-nrw-die-livekultur-ist-wieder-da\/","og_site_name":"JazzZeitung","article_publisher":"https:\/\/www.facebook.com\/JazzZeitung\/","article_published_time":"2021-09-03T07:00:39+00:00","og_image":[{"width":2500,"height":892,"url":"https:\/\/i0.wp.com\/www.jazzzeitung.de\/cms\/wp-content\/uploads\/2021\/08\/Jazz-an-einem-Sommerabend.jpg?fit=2500%2C892&ssl=1","type":"image\/jpeg"}],"author":"Redaktion JazzZeitung","schema":{"@context":"https:\/\/schema.org","@graph":[{"@type":"Article","@id":"https:\/\/www.jazzzeitung.de\/cms\/2021\/09\/festivalland-nrw-die-livekultur-ist-wieder-da\/#article","isPartOf":{"@id":"https:\/\/www.jazzzeitung.de\/cms\/2021\/09\/festivalland-nrw-die-livekultur-ist-wieder-da\/"},"author":{"name":"Redaktion JazzZeitung","@id":"https:\/\/www.jazzzeitung.de\/cms\/#\/schema\/person\/2245b36b9cd1d24cea10f01c031fb92b"},"headline":"Festivalland NRW: Die Livekultur ist wieder da!","datePublished":"2021-09-03T07:00:39+00:00","mainEntityOfPage":{"@id":"https:\/\/www.jazzzeitung.de\/cms\/2021\/09\/festivalland-nrw-die-livekultur-ist-wieder-da\/"},"wordCount":753,"commentCount":0,"publisher":{"@id":"https:\/\/www.jazzzeitung.de\/cms\/#organization"},"image":{"@id":"https:\/\/www.jazzzeitung.de\/cms\/2021\/09\/festivalland-nrw-die-livekultur-ist-wieder-da\/#primaryimage"},"thumbnailUrl":"https:\/\/i0.wp.com\/www.jazzzeitung.de\/cms\/wp-content\/uploads\/2021\/08\/Jazz-an-einem-Sommerabend.jpg?fit=2500%2C892&ssl=1","keywords":["Axel Fischbacher","Bericht","chuffDRONE","Cologne Jazz Week","DJ Illvibe","Duisburg","Essen","\u00c9t\u00e9 Large","Evil Nigger","Festival","Festivals","Hilden","Hildener Jazztage","Jamie Branch","Jazz an einem Sommerabend","Jazz Offensive Essen","Jazzzeitung","JazzZeitung.de","John Dikemann","Julius Eastman","Kai Schumacher","Kevin Shea","Krefeld","Luise Volkmann","Maelstroem","Marlies Debacker","mofaya","NRW","Peter Baumg\u00e4rtner","Platzhirsch-Festival","Salim Javaid","Shinkarenko","Shinkarenko Jazz 4","Simon Camatta","St.Kirchoff","Stefan Pieper"],"articleSection":["Bericht","Galerie","Rezension"],"inLanguage":"de","potentialAction":[{"@type":"CommentAction","name":"Comment","target":["https:\/\/www.jazzzeitung.de\/cms\/2021\/09\/festivalland-nrw-die-livekultur-ist-wieder-da\/#respond"]}]},{"@type":"WebPage","@id":"https:\/\/www.jazzzeitung.de\/cms\/2021\/09\/festivalland-nrw-die-livekultur-ist-wieder-da\/","url":"https:\/\/www.jazzzeitung.de\/cms\/2021\/09\/festivalland-nrw-die-livekultur-ist-wieder-da\/","name":"Festivalland NRW: Die Livekultur ist wieder da! - JazzZeitung","isPartOf":{"@id":"https:\/\/www.jazzzeitung.de\/cms\/#website"},"primaryImageOfPage":{"@id":"https:\/\/www.jazzzeitung.de\/cms\/2021\/09\/festivalland-nrw-die-livekultur-ist-wieder-da\/#primaryimage"},"image":{"@id":"https:\/\/www.jazzzeitung.de\/cms\/2021\/09\/festivalland-nrw-die-livekultur-ist-wieder-da\/#primaryimage"},"thumbnailUrl":"https:\/\/i0.wp.com\/www.jazzzeitung.de\/cms\/wp-content\/uploads\/2021\/08\/Jazz-an-einem-Sommerabend.jpg?fit=2500%2C892&ssl=1","datePublished":"2021-09-03T07:00:39+00:00","breadcrumb":{"@id":"https:\/\/www.jazzzeitung.de\/cms\/2021\/09\/festivalland-nrw-die-livekultur-ist-wieder-da\/#breadcrumb"},"inLanguage":"de","potentialAction":[{"@type":"ReadAction","target":["https:\/\/www.jazzzeitung.de\/cms\/2021\/09\/festivalland-nrw-die-livekultur-ist-wieder-da\/"]}]},{"@type":"ImageObject","inLanguage":"de","@id":"https:\/\/www.jazzzeitung.de\/cms\/2021\/09\/festivalland-nrw-die-livekultur-ist-wieder-da\/#primaryimage","url":"https:\/\/i0.wp.com\/www.jazzzeitung.de\/cms\/wp-content\/uploads\/2021\/08\/Jazz-an-einem-Sommerabend.jpg?fit=2500%2C892&ssl=1","contentUrl":"https:\/\/i0.wp.com\/www.jazzzeitung.de\/cms\/wp-content\/uploads\/2021\/08\/Jazz-an-einem-Sommerabend.jpg?fit=2500%2C892&ssl=1","width":2500,"height":892},{"@type":"BreadcrumbList","@id":"https:\/\/www.jazzzeitung.de\/cms\/2021\/09\/festivalland-nrw-die-livekultur-ist-wieder-da\/#breadcrumb","itemListElement":[{"@type":"ListItem","position":1,"name":"Startseite","item":"https:\/\/www.jazzzeitung.de\/cms\/"},{"@type":"ListItem","position":2,"name":"Festivalland NRW: Die Livekultur ist wieder da!"}]},{"@type":"WebSite","@id":"https:\/\/www.jazzzeitung.de\/cms\/#website","url":"https:\/\/www.jazzzeitung.de\/cms\/","name":"JazzZeitung","description":"Jazz-News und Jazz-Kontroverses","publisher":{"@id":"https:\/\/www.jazzzeitung.de\/cms\/#organization"},"potentialAction":[{"@type":"SearchAction","target":{"@type":"EntryPoint","urlTemplate":"https:\/\/www.jazzzeitung.de\/cms\/?s={search_term_string}"},"query-input":{"@type":"PropertyValueSpecification","valueRequired":true,"valueName":"search_term_string"}}],"inLanguage":"de"},{"@type":"Organization","@id":"https:\/\/www.jazzzeitung.de\/cms\/#organization","name":"JazzZeitung online","url":"https:\/\/www.jazzzeitung.de\/cms\/","logo":{"@type":"ImageObject","inLanguage":"de","@id":"https:\/\/www.jazzzeitung.de\/cms\/#\/schema\/logo\/image\/","url":"https:\/\/i0.wp.com\/www.jazzzeitung.de\/cms\/wp-content\/uploads\/2015\/08\/JAZZZEITUNGDE_Logo_Neu.png?fit=499%2C200&ssl=1","contentUrl":"https:\/\/i0.wp.com\/www.jazzzeitung.de\/cms\/wp-content\/uploads\/2015\/08\/JAZZZEITUNGDE_Logo_Neu.png?fit=499%2C200&ssl=1","width":499,"height":200,"caption":"JazzZeitung online"},"image":{"@id":"https:\/\/www.jazzzeitung.de\/cms\/#\/schema\/logo\/image\/"},"sameAs":["https:\/\/www.facebook.com\/JazzZeitung\/"]},{"@type":"Person","@id":"https:\/\/www.jazzzeitung.de\/cms\/#\/schema\/person\/2245b36b9cd1d24cea10f01c031fb92b","name":"Redaktion JazzZeitung","image":{"@type":"ImageObject","inLanguage":"de","@id":"https:\/\/i0.wp.com\/www.jazzzeitung.de\/cms\/wp-content\/uploads\/2015\/08\/JAZZZEITUNGDE_Logo_Neu.png?resize=96%2C96&ssl=159975dcacb611b5700bd619b5daf0a7a","url":"https:\/\/i0.wp.com\/www.jazzzeitung.de\/cms\/wp-content\/uploads\/2015\/08\/JAZZZEITUNGDE_Logo_Neu.png?resize=96%2C96&ssl=1","contentUrl":"https:\/\/i0.wp.com\/www.jazzzeitung.de\/cms\/wp-content\/uploads\/2015\/08\/JAZZZEITUNGDE_Logo_Neu.png?resize=96%2C96&ssl=1","caption":"Redaktion JazzZeitung"},"description":"Artikel der Redaktion der JazzZeitung.","sameAs":["http:\/\/www.jazzzeitung.de\/cms\/"],"url":"https:\/\/www.jazzzeitung.de\/cms\/author\/redaktion\/"}]}},"wp-worthy-pixel":{"ignored":false,"public":null,"server":null,"url":null},"wp-worthy-type":"normal","jetpack_publicize_connections":[],"cc_featured_image_caption":{"caption_text":"","source_text":"","source_url":""},"jetpack_featured_media_url":"https:\/\/i0.wp.com\/www.jazzzeitung.de\/cms\/wp-content\/uploads\/2021\/08\/Jazz-an-einem-Sommerabend.jpg?fit=2500%2C892&ssl=1","jetpack_shortlink":"https:\/\/wp.me\/p3KEcT-6Fl","jetpack-related-posts":[{"id":19226,"url":"https:\/\/www.jazzzeitung.de\/cms\/2019\/04\/48-moers-festival-mit-sao-paulo-und-tokyo-special\/","url_meta":{"origin":25627,"position":0},"title":"48. moers festival mit Sao Paulo- und Tokyo-Special","author":"Redaktion JazzZeitung","date":"22. April 2019","format":false,"excerpt":"Seit 1972 bricht das moers festival mit Normalit\u00e4tserwartungen an Musik und ist ein Versprechen an das Ungez\u00e4hmte jenseits des Mainstreams. F\u00fcr die 48. Festivalausgabe vom 07. bis 10. Juni 2019 fordert das moers festival: \u201eStrengt euch an!\u201c \u201eMit Experimenten, Schwerpunkten, Statements, Ausbrechern, Piraten und Gef\u00e4hrten behauptet moers das stete doch!\u2026","rel":"","context":"In &quot;News&quot;","block_context":{"text":"News","link":"https:\/\/www.jazzzeitung.de\/cms\/thema\/nachrichten\/"},"img":{"alt_text":"","src":"https:\/\/i0.wp.com\/www.jazzzeitung.de\/cms\/wp-content\/uploads\/2019\/04\/csm_gamut2017_simonzangger__E4A3224_60c8beb265.jpg?fit=1200%2C800&ssl=1&resize=350%2C200","width":350,"height":200,"srcset":"https:\/\/i0.wp.com\/www.jazzzeitung.de\/cms\/wp-content\/uploads\/2019\/04\/csm_gamut2017_simonzangger__E4A3224_60c8beb265.jpg?fit=1200%2C800&ssl=1&resize=350%2C200 1x, https:\/\/i0.wp.com\/www.jazzzeitung.de\/cms\/wp-content\/uploads\/2019\/04\/csm_gamut2017_simonzangger__E4A3224_60c8beb265.jpg?fit=1200%2C800&ssl=1&resize=525%2C300 1.5x, https:\/\/i0.wp.com\/www.jazzzeitung.de\/cms\/wp-content\/uploads\/2019\/04\/csm_gamut2017_simonzangger__E4A3224_60c8beb265.jpg?fit=1200%2C800&ssl=1&resize=700%2C400 2x, https:\/\/i0.wp.com\/www.jazzzeitung.de\/cms\/wp-content\/uploads\/2019\/04\/csm_gamut2017_simonzangger__E4A3224_60c8beb265.jpg?fit=1200%2C800&ssl=1&resize=1050%2C600 3x"},"classes":[]},{"id":6513,"url":"https:\/\/www.jazzzeitung.de\/cms\/2015\/07\/neue-studie-zum-kreativwirtschaftsbereich-jazz-nrw-gestartet\/","url_meta":{"origin":25627,"position":1},"title":"Neue Studie zum Kreativwirtschaftsbereich Jazz in NRW gestartet","author":"Redaktion JazzZeitung","date":"4. Juli 2015","format":false,"excerpt":"Die Jazz-Szene in NRW gilt als eine der lebendigsten im Bundesgebiet.\u00a0 Die Kulturregion bietet eine gro\u00dfe Zahl an Musikern, Auff\u00fchrungs- und Ausbildungsst\u00e4tten und Festivals. Aber vieles k\u00f6nnte noch besser zur Entfaltung kommen, meint\u00a0 der Verein nrwjazz und will deshalb im Rahmen einer vom Wirtschaftsministerium gef\u00f6rderten Projektstudie nach Verbesserungsm\u00f6glichkeiten f\u00fcr alle\u2026","rel":"","context":"In &quot;News&quot;","block_context":{"text":"News","link":"https:\/\/www.jazzzeitung.de\/cms\/thema\/nachrichten\/"},"img":{"alt_text":"","src":"","width":0,"height":0},"classes":[]},{"id":16937,"url":"https:\/\/www.jazzzeitung.de\/cms\/2018\/08\/news-jazz-und-wein-jazz-festival-leibnitz-joe-spricht-kinder-an-al-di-meola-beim-41-goettinger-jazz-festival\/","url_meta":{"origin":25627,"position":2},"title":"+++ News +++ Jazz und Wein-Festival Leibnitz +++ Jazz-Offensive-Essen spricht Kinder an +++ Al Di Meola beim 41. G\u00f6ttinger Jazz-Festival+++","author":"Redaktion JazzZeitung","date":"13. August 2018","format":false,"excerpt":"+++ Jazz und Wein-Festival Leibnitz +++ Vom 27. bis 30. September 2018 findet die sechste Auflage des Jazz und Wein-Festivals im \u00f6sterreichischen Leibnitz statt. Dabei pr\u00e4sentiert Jazztrompeter Wadada Leo Smith am Freitag seine neueste Aufnahme \"Nawja\". Unterst\u00fctzt wird das Improvisationstalent dabei von seinem Great Lakes Quartets aus der Avantgarde Chicagos.\u2026","rel":"","context":"In &quot;News&quot;","block_context":{"text":"News","link":"https:\/\/www.jazzzeitung.de\/cms\/thema\/nachrichten\/"},"img":{"alt_text":"","src":"https:\/\/i0.wp.com\/www.jazzzeitung.de\/cms\/wp-content\/uploads\/2018\/08\/Wadada_Leo_Smith_by_Scott_Goller-e1530532637274.jpg?fit=1200%2C674&ssl=1&resize=350%2C200","width":350,"height":200,"srcset":"https:\/\/i0.wp.com\/www.jazzzeitung.de\/cms\/wp-content\/uploads\/2018\/08\/Wadada_Leo_Smith_by_Scott_Goller-e1530532637274.jpg?fit=1200%2C674&ssl=1&resize=350%2C200 1x, https:\/\/i0.wp.com\/www.jazzzeitung.de\/cms\/wp-content\/uploads\/2018\/08\/Wadada_Leo_Smith_by_Scott_Goller-e1530532637274.jpg?fit=1200%2C674&ssl=1&resize=525%2C300 1.5x, https:\/\/i0.wp.com\/www.jazzzeitung.de\/cms\/wp-content\/uploads\/2018\/08\/Wadada_Leo_Smith_by_Scott_Goller-e1530532637274.jpg?fit=1200%2C674&ssl=1&resize=700%2C400 2x, https:\/\/i0.wp.com\/www.jazzzeitung.de\/cms\/wp-content\/uploads\/2018\/08\/Wadada_Leo_Smith_by_Scott_Goller-e1530532637274.jpg?fit=1200%2C674&ssl=1&resize=1050%2C600 3x"},"classes":[]},{"id":7124,"url":"https:\/\/www.jazzzeitung.de\/cms\/2015\/09\/forschungsstudie-jazz-nrw-es-geht-um-die-selbstvermarktung\/","url_meta":{"origin":25627,"position":3},"title":"Forschungsstudie Jazz in NRW: Es geht um die Selbstvermarktung","author":"Redaktion JazzZeitung","date":"21. September 2015","format":false,"excerpt":"Jazz in NRW ist alles andere als eine \u201eRanderscheinung\u201c, sondern eine vielf\u00e4ltige und lebendige kulturelle Praxis. Diese Einsicht teilt auch das Wirtschaftsministerium, wenn es den Verein nrwjazz bei einer Forschungsstudie zur Jazz-Szene in Nordrhein-Westfalen unterst\u00fctzt. Wie ist es um die kreativwirtschaftliche Verwertungskette zwischen Anbietern (=Musiker) und Publikum sowie den ganzen\u2026","rel":"","context":"In &quot;News&quot;","block_context":{"text":"News","link":"https:\/\/www.jazzzeitung.de\/cms\/thema\/nachrichten\/"},"img":{"alt_text":"","src":"","width":0,"height":0},"classes":[]},{"id":25980,"url":"https:\/\/www.jazzzeitung.de\/cms\/2021\/10\/news-peng-festival-2021-in-essen-nguyen-le-zu-gast-bei-jazz-in-essen\/","url_meta":{"origin":25627,"position":4},"title":"+++ news +++ PENG Festival 2021 in Essen +++ Nguy\u00ean L\u00ea zu Gast bei \u201eJazz in Essen\u201c +++","author":"Redaktion JazzZeitung","date":"14. Oktober 2021","format":false,"excerpt":"+++ PENG Festival 2021 +++ (Pressetext) Mit vereinten Kr\u00e4ften stellt das PENG Jazzkollektiv - bestehend aus den sieben Musikerinnen Barbara Barth, Marie Daniels, Rosa Kremp, Maika K\u00fcster, Mara Minjoli, Johanna Schneider und Christina Schamei - vom 5. bis 7. November 2021 die f\u00fcnfte Ausgabe des PENG Festivals im Maschinenhaus Essen\u2026","rel":"","context":"In &quot;News&quot;","block_context":{"text":"News","link":"https:\/\/www.jazzzeitung.de\/cms\/thema\/nachrichten\/"},"img":{"alt_text":"","src":"https:\/\/i0.wp.com\/www.jazzzeitung.de\/cms\/wp-content\/uploads\/2021\/10\/Julia-Huelsmann-Quartett-Foto-c-Dovile-Sermokas-scaled.jpg?fit=1200%2C800&ssl=1&resize=350%2C200","width":350,"height":200,"srcset":"https:\/\/i0.wp.com\/www.jazzzeitung.de\/cms\/wp-content\/uploads\/2021\/10\/Julia-Huelsmann-Quartett-Foto-c-Dovile-Sermokas-scaled.jpg?fit=1200%2C800&ssl=1&resize=350%2C200 1x, https:\/\/i0.wp.com\/www.jazzzeitung.de\/cms\/wp-content\/uploads\/2021\/10\/Julia-Huelsmann-Quartett-Foto-c-Dovile-Sermokas-scaled.jpg?fit=1200%2C800&ssl=1&resize=525%2C300 1.5x, https:\/\/i0.wp.com\/www.jazzzeitung.de\/cms\/wp-content\/uploads\/2021\/10\/Julia-Huelsmann-Quartett-Foto-c-Dovile-Sermokas-scaled.jpg?fit=1200%2C800&ssl=1&resize=700%2C400 2x, https:\/\/i0.wp.com\/www.jazzzeitung.de\/cms\/wp-content\/uploads\/2021\/10\/Julia-Huelsmann-Quartett-Foto-c-Dovile-Sermokas-scaled.jpg?fit=1200%2C800&ssl=1&resize=1050%2C600 3x"},"classes":[]},{"id":23519,"url":"https:\/\/www.jazzzeitung.de\/cms\/2020\/10\/newsspielstaettenprogrammpraemie-nrw-202021brandenburg-vergibt-mikrostipendien-an-freie-kuenstler\/","url_meta":{"origin":25627,"position":5},"title":"+++News:+++Spielst\u00e4ttenprogrammpr\u00e4mie NRW 2020\/21+++Brandenburg vergibt Mikrostipendien an freie K\u00fcnstler+++","author":"Redaktion JazzZeitung","date":"7. Oktober 2020","format":false,"excerpt":"+++Spielst\u00e4ttenprogrammpr\u00e4mie NRW 2020\/21+++ Das Ministerium f\u00fcr Kultur und Wissenschaft NRW und der Landesmusikrat NRW vergeben in der Saison 2020\/2021 Pr\u00e4mien f\u00fcr herausragende Programme von Spielst\u00e4tten des Jazz und des avancierten Pop\/Rock, um deren herausragende Rolle als Foren der musikalischen Innovation f\u00fcr das Musikleben in NRW zu w\u00fcrdigen. Kreative alternative Pr\u00e4sentationskonzepte,\u2026","rel":"","context":"In &quot;News&quot;","block_context":{"text":"News","link":"https:\/\/www.jazzzeitung.de\/cms\/thema\/nachrichten\/"},"img":{"alt_text":"","src":"https:\/\/i0.wp.com\/www.jazzzeitung.de\/cms\/wp-content\/uploads\/2017\/07\/020_TromboneShorty_Foto-van-Loon-e1601901848868.jpg?fit=1200%2C735&ssl=1&resize=350%2C200","width":350,"height":200,"srcset":"https:\/\/i0.wp.com\/www.jazzzeitung.de\/cms\/wp-content\/uploads\/2017\/07\/020_TromboneShorty_Foto-van-Loon-e1601901848868.jpg?fit=1200%2C735&ssl=1&resize=350%2C200 1x, https:\/\/i0.wp.com\/www.jazzzeitung.de\/cms\/wp-content\/uploads\/2017\/07\/020_TromboneShorty_Foto-van-Loon-e1601901848868.jpg?fit=1200%2C735&ssl=1&resize=525%2C300 1.5x, https:\/\/i0.wp.com\/www.jazzzeitung.de\/cms\/wp-content\/uploads\/2017\/07\/020_TromboneShorty_Foto-van-Loon-e1601901848868.jpg?fit=1200%2C735&ssl=1&resize=700%2C400 2x, https:\/\/i0.wp.com\/www.jazzzeitung.de\/cms\/wp-content\/uploads\/2017\/07\/020_TromboneShorty_Foto-van-Loon-e1601901848868.jpg?fit=1200%2C735&ssl=1&resize=1050%2C600 3x"},"classes":[]}],"jetpack_sharing_enabled":true,"_links":{"self":[{"href":"https:\/\/www.jazzzeitung.de\/cms\/wp-json\/wp\/v2\/posts\/25627","targetHints":{"allow":["GET"]}}],"collection":[{"href":"https:\/\/www.jazzzeitung.de\/cms\/wp-json\/wp\/v2\/posts"}],"about":[{"href":"https:\/\/www.jazzzeitung.de\/cms\/wp-json\/wp\/v2\/types\/post"}],"author":[{"embeddable":true,"href":"https:\/\/www.jazzzeitung.de\/cms\/wp-json\/wp\/v2\/users\/18"}],"replies":[{"embeddable":true,"href":"https:\/\/www.jazzzeitung.de\/cms\/wp-json\/wp\/v2\/comments?post=25627"}],"version-history":[{"count":13,"href":"https:\/\/www.jazzzeitung.de\/cms\/wp-json\/wp\/v2\/posts\/25627\/revisions"}],"predecessor-version":[{"id":25695,"href":"https:\/\/www.jazzzeitung.de\/cms\/wp-json\/wp\/v2\/posts\/25627\/revisions\/25695"}],"wp:featuredmedia":[{"embeddable":true,"href":"https:\/\/www.jazzzeitung.de\/cms\/wp-json\/wp\/v2\/media\/25634"}],"wp:attachment":[{"href":"https:\/\/www.jazzzeitung.de\/cms\/wp-json\/wp\/v2\/media?parent=25627"}],"wp:term":[{"taxonomy":"category","embeddable":true,"href":"https:\/\/www.jazzzeitung.de\/cms\/wp-json\/wp\/v2\/categories?post=25627"},{"taxonomy":"post_tag","embeddable":true,"href":"https:\/\/www.jazzzeitung.de\/cms\/wp-json\/wp\/v2\/tags?post=25627"},{"taxonomy":"author","embeddable":true,"href":"https:\/\/www.jazzzeitung.de\/cms\/wp-json\/wp\/v2\/coauthors?post=25627"}],"curies":[{"name":"wp","href":"https:\/\/api.w.org\/{rel}","templated":true}]}}