{"id":25615,"date":"2021-09-01T16:00:31","date_gmt":"2021-09-01T14:00:31","guid":{"rendered":"https:\/\/www.jazzzeitung.de\/cms\/?p=25615"},"modified":"2021-08-31T19:07:02","modified_gmt":"2021-08-31T17:07:02","slug":"aus-der-hoerbar-der-nmz-duos-in-jazz-und-improvisation","status":"publish","type":"post","link":"https:\/\/www.jazzzeitung.de\/cms\/2021\/09\/aus-der-hoerbar-der-nmz-duos-in-jazz-und-improvisation\/","title":{"rendered":"Aus der H\u00f6rBar der nmz: Duos in Jazz und Improvisation"},"content":{"rendered":"<p>Ob Aki Takase mit Daniel Erdmann oder Daniel Herskedahl mit Magnus Moksnes Myhre. In der vorletzten Woche hat sich @huflaikhan in der H\u00f6rBar f\u00fcnf aktuelle CDs in Duoformationen etwas genauer angeh\u00f6rt: Takase\/Erdmann \u2013 Isn\u2019t it Romantic?, Poulsen\/Fryland \u2013 Dream a World, Fleischwolf \u2013 Einst, Duo Sonoma I und Herskedahl, Myhre \u2013 Desert Lighthouse.<\/p>\n<hr \/>\n<h4><a href=\"https:\/\/hoerbar.nmz.de\/2021\/08\/takase-erdmann-isnt-it-romantic-2\/\">Takase\/Erdmann \u2013 Isn\u2019t it Romantic?<\/a><\/h4>\n<figure id=\"attachment_25621\" aria-describedby=\"caption-attachment-25621\" style=\"width: 150px\" class=\"wp-caption alignright\"><a href=\"https:\/\/i0.wp.com\/www.jazzzeitung.de\/cms\/wp-content\/uploads\/2021\/08\/kw33_takase_erdmann.jpg?ssl=1\"><img data-recalc-dims=\"1\" loading=\"lazy\" decoding=\"async\" data-attachment-id=\"25621\" data-permalink=\"https:\/\/www.jazzzeitung.de\/cms\/2021\/09\/aus-der-hoerbar-der-nmz-duos-in-jazz-und-improvisation\/kw33_takase_erdmann\/\" data-orig-file=\"https:\/\/i0.wp.com\/www.jazzzeitung.de\/cms\/wp-content\/uploads\/2021\/08\/kw33_takase_erdmann.jpg?fit=1200%2C1063&amp;ssl=1\" data-orig-size=\"1200,1063\" data-comments-opened=\"1\" data-image-meta=\"{&quot;aperture&quot;:&quot;0&quot;,&quot;credit&quot;:&quot;&quot;,&quot;camera&quot;:&quot;&quot;,&quot;caption&quot;:&quot;&quot;,&quot;created_timestamp&quot;:&quot;0&quot;,&quot;copyright&quot;:&quot;&quot;,&quot;focal_length&quot;:&quot;0&quot;,&quot;iso&quot;:&quot;0&quot;,&quot;shutter_speed&quot;:&quot;0&quot;,&quot;title&quot;:&quot;&quot;,&quot;orientation&quot;:&quot;0&quot;}\" data-image-title=\"Takase\/Erdmann \u2013 Isn\u2019t it Romantic?\" data-image-description=\"&lt;p&gt;Takase\/Erdmann \u2013 Isn\u2019t it Romantic?&lt;\/p&gt;\n\" data-image-caption=\"&lt;p&gt;Takase\/Erdmann \u2013 Isn\u2019t it Romantic?&lt;\/p&gt;\n\" data-large-file=\"https:\/\/i0.wp.com\/www.jazzzeitung.de\/cms\/wp-content\/uploads\/2021\/08\/kw33_takase_erdmann.jpg?fit=677%2C600&amp;ssl=1\" class=\"size-thumbnail wp-image-25621\" src=\"https:\/\/i0.wp.com\/www.jazzzeitung.de\/cms\/wp-content\/uploads\/2021\/08\/kw33_takase_erdmann.jpg?resize=150%2C150&#038;ssl=1\" alt=\"Takase\/Erdmann \u2013 Isn\u2019t it Romantic?\" width=\"150\" height=\"150\" srcset=\"https:\/\/i0.wp.com\/www.jazzzeitung.de\/cms\/wp-content\/uploads\/2021\/08\/kw33_takase_erdmann.jpg?resize=150%2C150&amp;ssl=1 150w, https:\/\/i0.wp.com\/www.jazzzeitung.de\/cms\/wp-content\/uploads\/2021\/08\/kw33_takase_erdmann.jpg?zoom=2&amp;resize=150%2C150&amp;ssl=1 300w, https:\/\/i0.wp.com\/www.jazzzeitung.de\/cms\/wp-content\/uploads\/2021\/08\/kw33_takase_erdmann.jpg?zoom=3&amp;resize=150%2C150&amp;ssl=1 450w\" sizes=\"auto, (max-width: 150px) 100vw, 150px\" \/><\/a><figcaption id=\"caption-attachment-25621\" class=\"wp-caption-text\">Takase\/Erdmann \u2013 Isn\u2019t it Romantic?<\/figcaption><\/figure>\n<p>It is! Zumindest so ein bisschen. Sogar barock, wenn man es genau nimmt. In jedem Fall \u00fcppig an T\u00f6nen und an Tongruppen in Sequenzen. Da eislert schon mal nebenbei, bleibt klanglich dabei \u00fcberaus scharf auf der harmonischen Klinge. Das Duo zeigt sich sehr robust in seiner thematischen Anlage und in seinen Improvisationen. Der Booklet-Text von Bert Noglik erkl\u00e4rt zur Entstehung, dass \u00fcber die Distanzen Reims (Erdmann) und Berlin (Takase) hinweg in Corona-Zeiten zusammengearbeitet wurde und in einem kleinen Zeitfenster die CD in Budapest innerhalb von drei Tagen aufgenommen wurde. \u2026 <a href=\"https:\/\/hoerbar.nmz.de\/2021\/08\/takase-erdmann-isnt-it-romantic-2\/\">Weiterlesen<\/a><\/p>\n<h4><a href=\"https:\/\/hoerbar.nmz.de\/2021\/08\/poulsen-fryland-dream-a-world\/\">Poulsen\/Fryland \u2013 Dream a World<\/a><\/h4>\n<figure id=\"attachment_25619\" aria-describedby=\"caption-attachment-25619\" style=\"width: 150px\" class=\"wp-caption alignright\"><a href=\"https:\/\/i0.wp.com\/www.jazzzeitung.de\/cms\/wp-content\/uploads\/2021\/08\/kw33_poulsen.jpg?ssl=1\"><img data-recalc-dims=\"1\" loading=\"lazy\" decoding=\"async\" data-attachment-id=\"25619\" data-permalink=\"https:\/\/www.jazzzeitung.de\/cms\/2021\/09\/aus-der-hoerbar-der-nmz-duos-in-jazz-und-improvisation\/kw33_poulsen\/\" data-orig-file=\"https:\/\/i0.wp.com\/www.jazzzeitung.de\/cms\/wp-content\/uploads\/2021\/08\/kw33_poulsen.jpg?fit=1200%2C901&amp;ssl=1\" data-orig-size=\"1200,901\" data-comments-opened=\"1\" data-image-meta=\"{&quot;aperture&quot;:&quot;0&quot;,&quot;credit&quot;:&quot;&quot;,&quot;camera&quot;:&quot;&quot;,&quot;caption&quot;:&quot;&quot;,&quot;created_timestamp&quot;:&quot;0&quot;,&quot;copyright&quot;:&quot;&quot;,&quot;focal_length&quot;:&quot;0&quot;,&quot;iso&quot;:&quot;0&quot;,&quot;shutter_speed&quot;:&quot;0&quot;,&quot;title&quot;:&quot;&quot;,&quot;orientation&quot;:&quot;0&quot;}\" data-image-title=\"Poulsen\/Fryland \u2013 Dream a World\" data-image-description=\"&lt;p&gt;Poulsen\/Fryland \u2013 Dream a World&lt;\/p&gt;\n\" data-image-caption=\"&lt;p&gt;Poulsen\/Fryland \u2013 Dream a World&lt;\/p&gt;\n\" data-large-file=\"https:\/\/i0.wp.com\/www.jazzzeitung.de\/cms\/wp-content\/uploads\/2021\/08\/kw33_poulsen.jpg?fit=799%2C600&amp;ssl=1\" class=\"size-thumbnail wp-image-25619\" src=\"https:\/\/i0.wp.com\/www.jazzzeitung.de\/cms\/wp-content\/uploads\/2021\/08\/kw33_poulsen.jpg?resize=150%2C150&#038;ssl=1\" alt=\"Poulsen\/Fryland \u2013 Dream a World\" width=\"150\" height=\"150\" srcset=\"https:\/\/i0.wp.com\/www.jazzzeitung.de\/cms\/wp-content\/uploads\/2021\/08\/kw33_poulsen.jpg?resize=150%2C150&amp;ssl=1 150w, https:\/\/i0.wp.com\/www.jazzzeitung.de\/cms\/wp-content\/uploads\/2021\/08\/kw33_poulsen.jpg?zoom=2&amp;resize=150%2C150&amp;ssl=1 300w, https:\/\/i0.wp.com\/www.jazzzeitung.de\/cms\/wp-content\/uploads\/2021\/08\/kw33_poulsen.jpg?zoom=3&amp;resize=150%2C150&amp;ssl=1 450w\" sizes=\"auto, (max-width: 150px) 100vw, 150px\" \/><\/a><figcaption id=\"caption-attachment-25619\" class=\"wp-caption-text\">Poulsen\/Fryland \u2013 Dream a World<\/figcaption><\/figure>\n<p>Gitarre und Trompete treffen sich im vierten Duo dieser Woche. Hasse Poulsen und Thomas Fryland tr\u00e4umen sich anhand zahlreicher St\u00fccke der Musikgeschichte durch Zeit und Raum. Virtuos und beinahe fr\u00f6hlich. Das ist total nett so. So sauber und zur\u00fcckhaltend zugleich wollen sie laut Booklet f\u00fcr Hoffnung sorgen (\u201eWe need hope today. We need it badly.\u201c) Daf\u00fcr klopfen sie \u201eThe Times They Are Changing\u201d, \u201cE Pueblo\u201d. \u201cHallelujah\u201d \u2026 \u00fcber \u201eOde to Joy\u201c oder \u201eImagine\u201c bis zu Pink Floyds \u201eAnother Brick In The Wall\u201c ab und gehen dabei keine Risiken ein, was \u2026<a href=\"https:\/\/hoerbar.nmz.de\/2021\/08\/poulsen-fryland-dream-a-world\/\">Weiterlesen<\/a><\/p>\n<h4><a href=\"https:\/\/hoerbar.nmz.de\/2021\/08\/fleischwolf-einst\/\">Fleischwolf \u2013 Einst<\/a><\/h4>\n<figure id=\"attachment_25620\" aria-describedby=\"caption-attachment-25620\" style=\"width: 150px\" class=\"wp-caption alignright\"><a href=\"https:\/\/i0.wp.com\/www.jazzzeitung.de\/cms\/wp-content\/uploads\/2021\/08\/kw33-FLEISCHWOLF_BIG-scaled.jpg?ssl=1\"><img data-recalc-dims=\"1\" loading=\"lazy\" decoding=\"async\" data-attachment-id=\"25620\" data-permalink=\"https:\/\/www.jazzzeitung.de\/cms\/2021\/09\/aus-der-hoerbar-der-nmz-duos-in-jazz-und-improvisation\/kw33-fleischwolf_big\/\" data-orig-file=\"https:\/\/i0.wp.com\/www.jazzzeitung.de\/cms\/wp-content\/uploads\/2021\/08\/kw33-FLEISCHWOLF_BIG-scaled.jpg?fit=2560%2C2560&amp;ssl=1\" data-orig-size=\"2560,2560\" data-comments-opened=\"1\" data-image-meta=\"{&quot;aperture&quot;:&quot;0&quot;,&quot;credit&quot;:&quot;&quot;,&quot;camera&quot;:&quot;&quot;,&quot;caption&quot;:&quot;&quot;,&quot;created_timestamp&quot;:&quot;0&quot;,&quot;copyright&quot;:&quot;&quot;,&quot;focal_length&quot;:&quot;0&quot;,&quot;iso&quot;:&quot;0&quot;,&quot;shutter_speed&quot;:&quot;0&quot;,&quot;title&quot;:&quot;&quot;,&quot;orientation&quot;:&quot;0&quot;}\" data-image-title=\"Fleischwolf \u2013 Einst\" data-image-description=\"&lt;p&gt;Fleischwolf \u2013 Einst&lt;\/p&gt;\n\" data-image-caption=\"&lt;p&gt;Fleischwolf \u2013 Einst&lt;\/p&gt;\n\" data-large-file=\"https:\/\/i0.wp.com\/www.jazzzeitung.de\/cms\/wp-content\/uploads\/2021\/08\/kw33-FLEISCHWOLF_BIG-scaled.jpg?fit=600%2C600&amp;ssl=1\" class=\"size-thumbnail wp-image-25620\" src=\"https:\/\/i0.wp.com\/www.jazzzeitung.de\/cms\/wp-content\/uploads\/2021\/08\/kw33-FLEISCHWOLF_BIG.jpg?resize=150%2C150&#038;ssl=1\" alt=\"Fleischwolf \u2013 Einst\" width=\"150\" height=\"150\" srcset=\"https:\/\/i0.wp.com\/www.jazzzeitung.de\/cms\/wp-content\/uploads\/2021\/08\/kw33-FLEISCHWOLF_BIG-scaled.jpg?resize=150%2C150&amp;ssl=1 150w, https:\/\/i0.wp.com\/www.jazzzeitung.de\/cms\/wp-content\/uploads\/2021\/08\/kw33-FLEISCHWOLF_BIG-scaled.jpg?resize=300%2C300&amp;ssl=1 300w, https:\/\/i0.wp.com\/www.jazzzeitung.de\/cms\/wp-content\/uploads\/2021\/08\/kw33-FLEISCHWOLF_BIG-scaled.jpg?resize=600%2C600&amp;ssl=1 600w, https:\/\/i0.wp.com\/www.jazzzeitung.de\/cms\/wp-content\/uploads\/2021\/08\/kw33-FLEISCHWOLF_BIG-scaled.jpg?resize=768%2C768&amp;ssl=1 768w, https:\/\/i0.wp.com\/www.jazzzeitung.de\/cms\/wp-content\/uploads\/2021\/08\/kw33-FLEISCHWOLF_BIG-scaled.jpg?resize=1536%2C1536&amp;ssl=1 1536w, https:\/\/i0.wp.com\/www.jazzzeitung.de\/cms\/wp-content\/uploads\/2021\/08\/kw33-FLEISCHWOLF_BIG-scaled.jpg?resize=2048%2C2048&amp;ssl=1 2048w, https:\/\/i0.wp.com\/www.jazzzeitung.de\/cms\/wp-content\/uploads\/2021\/08\/kw33-FLEISCHWOLF_BIG-scaled.jpg?resize=1320%2C1320&amp;ssl=1 1320w, https:\/\/i0.wp.com\/www.jazzzeitung.de\/cms\/wp-content\/uploads\/2021\/08\/kw33-FLEISCHWOLF_BIG-scaled.jpg?w=1680&amp;ssl=1 1680w, https:\/\/i0.wp.com\/www.jazzzeitung.de\/cms\/wp-content\/uploads\/2021\/08\/kw33-FLEISCHWOLF_BIG-scaled.jpg?w=2520&amp;ssl=1 2520w\" sizes=\"auto, (max-width: 150px) 100vw, 150px\" \/><\/a><figcaption id=\"caption-attachment-25620\" class=\"wp-caption-text\">Fleischwolf \u2013 Einst<\/figcaption><\/figure>\n<p>Auch nicht ganz allt\u00e4glich: Ein Duo, bestehend aus Violine\/Viola und Computer. Nennt sich Duo Fleischwolf und besteht aus Gunda Gottschalk (violin, alto, voice), Achim Konrad (computer). Man wei\u00df nicht so ganz, wohin das Duo musikalisch zielt, rauschende Partys sind es nicht, Rauschendes ist es auch nicht. Assoziationen mit dem Bild des Fleischwolfs, durch den da Musik gedreht wird, bieten sich zwar sofort an, aber laufen ins Leere. Das sehen die Musiker:innen allerdings in ihrer Selbstbeschreibung durchaus anders. \u201eDas Paradigma hinter den meisten Tracks dieses Albums: \u2026 <a href=\"https:\/\/hoerbar.nmz.de\/2021\/08\/fleischwolf-einst\/\">Weiterlesen<\/a><\/p>\n<h4><a href=\"https:\/\/hoerbar.nmz.de\/2021\/08\/duo-sonoma-i\/\">Duo Sonoma I<\/a><\/h4>\n<figure id=\"attachment_25616\" aria-describedby=\"caption-attachment-25616\" style=\"width: 150px\" class=\"wp-caption alignright\"><a href=\"https:\/\/i0.wp.com\/www.jazzzeitung.de\/cms\/wp-content\/uploads\/2021\/08\/33_sonoma_02.jpg?ssl=1\"><img data-recalc-dims=\"1\" loading=\"lazy\" decoding=\"async\" data-attachment-id=\"25616\" data-permalink=\"https:\/\/www.jazzzeitung.de\/cms\/2021\/09\/aus-der-hoerbar-der-nmz-duos-in-jazz-und-improvisation\/33_sonoma_02\/\" data-orig-file=\"https:\/\/i0.wp.com\/www.jazzzeitung.de\/cms\/wp-content\/uploads\/2021\/08\/33_sonoma_02.jpg?fit=500%2C500&amp;ssl=1\" data-orig-size=\"500,500\" data-comments-opened=\"1\" data-image-meta=\"{&quot;aperture&quot;:&quot;0&quot;,&quot;credit&quot;:&quot;&quot;,&quot;camera&quot;:&quot;&quot;,&quot;caption&quot;:&quot;&quot;,&quot;created_timestamp&quot;:&quot;0&quot;,&quot;copyright&quot;:&quot;&quot;,&quot;focal_length&quot;:&quot;0&quot;,&quot;iso&quot;:&quot;0&quot;,&quot;shutter_speed&quot;:&quot;0&quot;,&quot;title&quot;:&quot;&quot;,&quot;orientation&quot;:&quot;0&quot;}\" data-image-title=\"Duo Sonoma I\" data-image-description=\"&lt;p&gt;Duo Sonoma I&lt;\/p&gt;\n\" data-image-caption=\"&lt;p&gt;Duo Sonoma I&lt;\/p&gt;\n\" data-large-file=\"https:\/\/i0.wp.com\/www.jazzzeitung.de\/cms\/wp-content\/uploads\/2021\/08\/33_sonoma_02.jpg?fit=500%2C500&amp;ssl=1\" class=\"size-thumbnail wp-image-25616\" src=\"https:\/\/i0.wp.com\/www.jazzzeitung.de\/cms\/wp-content\/uploads\/2021\/08\/33_sonoma_02.jpg?resize=150%2C150&#038;ssl=1\" alt=\"Duo Sonoma I\" width=\"150\" height=\"150\" srcset=\"https:\/\/i0.wp.com\/www.jazzzeitung.de\/cms\/wp-content\/uploads\/2021\/08\/33_sonoma_02.jpg?resize=150%2C150&amp;ssl=1 150w, https:\/\/i0.wp.com\/www.jazzzeitung.de\/cms\/wp-content\/uploads\/2021\/08\/33_sonoma_02.jpg?resize=300%2C300&amp;ssl=1 300w, https:\/\/i0.wp.com\/www.jazzzeitung.de\/cms\/wp-content\/uploads\/2021\/08\/33_sonoma_02.jpg?w=500&amp;ssl=1 500w\" sizes=\"auto, (max-width: 150px) 100vw, 150px\" \/><\/a><figcaption id=\"caption-attachment-25616\" class=\"wp-caption-text\">Duo Sonoma I<\/figcaption><\/figure>\n<p>Geh\u00f6rt auch nicht zu den g\u00e4ngigsten Kombinationen im Bereich des Jazz. Gitarre trifft auf Violine. Und umgekehrt. Was f\u00fcr eine flinke und intime Musik zaubern dabei die beiden Musikerinnen. Selten findet man diese entspannte Leichtigkeit bei Erstlingsproduktionen. Dass man das locker angeht und doch mit h\u00f6chster musikalischer Disziplin und Verbindlichkeit, das macht den besonderen Reiz dieses Duos aus. Die CD wird beworben als eine \u201eSammlung von Eigenkompositionen, die mit unterschiedlichen Zug\u00e4ngen von Klassik bis Jazz und verwoben mit der besonderen k\u00e4rntner-slowenischen Note neuartig Eigenes entstehen l\u00e4\u00dft.\u201c \u2026 <a href=\"https:\/\/hoerbar.nmz.de\/2021\/08\/duo-sonoma-i\/\">Weiterlesen<\/a><\/p>\n<h4><a href=\"https:\/\/hoerbar.nmz.de\/2021\/08\/herskedahl-myhre-desert-lighthouse\/\">Herskedahl, Myhre \u2013 Desert Lighthouse<\/a><\/h4>\n<figure id=\"attachment_25617\" aria-describedby=\"caption-attachment-25617\" style=\"width: 150px\" class=\"wp-caption alignright\"><a href=\"https:\/\/i0.wp.com\/www.jazzzeitung.de\/cms\/wp-content\/uploads\/2021\/08\/33_herskedal_01.jpg?ssl=1\"><img data-recalc-dims=\"1\" loading=\"lazy\" decoding=\"async\" data-attachment-id=\"25617\" data-permalink=\"https:\/\/www.jazzzeitung.de\/cms\/2021\/09\/aus-der-hoerbar-der-nmz-duos-in-jazz-und-improvisation\/33_herskedal_01\/\" data-orig-file=\"https:\/\/i0.wp.com\/www.jazzzeitung.de\/cms\/wp-content\/uploads\/2021\/08\/33_herskedal_01.jpg?fit=1200%2C1200&amp;ssl=1\" data-orig-size=\"1200,1200\" data-comments-opened=\"1\" data-image-meta=\"{&quot;aperture&quot;:&quot;0&quot;,&quot;credit&quot;:&quot;&quot;,&quot;camera&quot;:&quot;&quot;,&quot;caption&quot;:&quot;&quot;,&quot;created_timestamp&quot;:&quot;0&quot;,&quot;copyright&quot;:&quot;&quot;,&quot;focal_length&quot;:&quot;0&quot;,&quot;iso&quot;:&quot;0&quot;,&quot;shutter_speed&quot;:&quot;0&quot;,&quot;title&quot;:&quot;&quot;,&quot;orientation&quot;:&quot;0&quot;}\" data-image-title=\"Herskedahl, Myhre \u2013 Desert Lighthouse\" data-image-description=\"&lt;p&gt;Herskedahl, Myhre \u2013 Desert Lighthouse&lt;\/p&gt;\n\" data-image-caption=\"&lt;p&gt;Herskedahl, Myhre \u2013 Desert Lighthouse&lt;\/p&gt;\n\" data-large-file=\"https:\/\/i0.wp.com\/www.jazzzeitung.de\/cms\/wp-content\/uploads\/2021\/08\/33_herskedal_01.jpg?fit=600%2C600&amp;ssl=1\" class=\"size-thumbnail wp-image-25617\" src=\"https:\/\/i0.wp.com\/www.jazzzeitung.de\/cms\/wp-content\/uploads\/2021\/08\/33_herskedal_01.jpg?resize=150%2C150&#038;ssl=1\" alt=\"Herskedahl, Myhre \u2013 Desert Lighthouse\" width=\"150\" height=\"150\" srcset=\"https:\/\/i0.wp.com\/www.jazzzeitung.de\/cms\/wp-content\/uploads\/2021\/08\/33_herskedal_01.jpg?resize=150%2C150&amp;ssl=1 150w, https:\/\/i0.wp.com\/www.jazzzeitung.de\/cms\/wp-content\/uploads\/2021\/08\/33_herskedal_01.jpg?resize=300%2C300&amp;ssl=1 300w, https:\/\/i0.wp.com\/www.jazzzeitung.de\/cms\/wp-content\/uploads\/2021\/08\/33_herskedal_01.jpg?resize=600%2C600&amp;ssl=1 600w, https:\/\/i0.wp.com\/www.jazzzeitung.de\/cms\/wp-content\/uploads\/2021\/08\/33_herskedal_01.jpg?resize=768%2C768&amp;ssl=1 768w, https:\/\/i0.wp.com\/www.jazzzeitung.de\/cms\/wp-content\/uploads\/2021\/08\/33_herskedal_01.jpg?w=1200&amp;ssl=1 1200w\" sizes=\"auto, (max-width: 150px) 100vw, 150px\" \/><\/a><figcaption id=\"caption-attachment-25617\" class=\"wp-caption-text\">Herskedahl, Myhre \u2013 Desert Lighthouse<\/figcaption><\/figure>\n<p>Diese Kombination von Musikinstrumenten ist doch nicht normal! Tuba trifft auf Orgel. Orgel trifft auf Tuba. Leute, Sachen macht ihr. Und wie gro\u00dfartig. Was f\u00fcr ein klanglicher Tumult zwischen auf den Instrumenten lastenden Traditionen mit all dem Schnick und Schnack von strengem Satz und freier Improvisation. Macht das bitte nie wieder! Das ist definitiv zu gut so. Man wird gleich von Anfang an hineingesaugt in einen Strudel aus Tiefton-Expression und hochkultiviertem Klang. Welche sonderbaren Farben erklingen im Lighthouse Lullaby? Was klar sein sollte, musikalische Geschwindigkeitsr\u00e4usche sind eher nicht zu erwarten. <a href=\"https:\/\/hoerbar.nmz.de\/2021\/08\/herskedahl-myhre-desert-lighthouse\/\">Weiterlesen<\/a><\/p>\n<hr \/>\n<p>Hier geht es zur <a href=\"https:\/\/hoerbar.nmz.de\">H\u00f6rBar der nmz<\/a>.<\/p>\n<p>&nbsp;<\/p>\n<p>&nbsp;<\/p>\n","protected":false},"excerpt":{"rendered":"<p>Ob Aki Takase mit Daniel Erdmann oder Daniel Herskedahl mit Magnus Moksnes Myhre. In der vorletzten Woche hat sich @huflaikhan in der H\u00f6rBar f\u00fcnf aktuelle CDs in Duoformationen etwas genauer angeh\u00f6rt: Takase\/Erdmann \u2013 Isn\u2019t it Romantic?, Poulsen\/Fryland \u2013 Dream a World, Fleischwolf \u2013 Einst, Duo Sonoma I und Herskedahl, Myhre \u2013 Desert Lighthouse. Takase\/Erdmann \u2013 Isn\u2019t it Romantic? It is! Zumindest so ein bisschen. Sogar barock, wenn man es genau nimmt. In jedem Fall \u00fcppig an T\u00f6nen und an Tongruppen in Sequenzen. Da eislert schon mal nebenbei, bleibt klanglich dabei \u00fcberaus scharf auf der harmonischen Klinge. Das Duo zeigt sich sehr robust in seiner thematischen Anlage und in seinen Improvisationen. Der Booklet-Text von Bert Noglik erkl\u00e4rt zur Entstehung, dass \u00fcber die Distanzen Reims (Erdmann) und Berlin (Takase) hinweg in Corona-Zeiten zusammengearbeitet wurde und in einem kleinen Zeitfenster die CD in Budapest innerhalb von drei Tagen aufgenommen wurde. \u2026 Weiterlesen Poulsen\/Fryland \u2013 Dream a World Gitarre und Trompete treffen sich im vierten Duo dieser Woche. Hasse Poulsen und Thomas Fryland tr\u00e4umen sich anhand zahlreicher St\u00fccke der Musikgeschichte durch Zeit und Raum. Virtuos und beinahe fr\u00f6hlich. Das &hellip;<\/p>\n","protected":false},"author":2,"featured_media":25621,"comment_status":"open","ping_status":"closed","sticky":false,"template":"","format":"standard","meta":{"_jetpack_memberships_contains_paid_content":false,"footnotes":"","jetpack_publicize_message":"","jetpack_publicize_feature_enabled":true,"jetpack_social_post_already_shared":false,"jetpack_social_options":{"image_generator_settings":{"template":"highway","default_image_id":0,"font":"","enabled":false},"version":2}},"categories":[1152],"tags":[32,3237,3653,1406,2738,3654],"coauthors":[680],"class_list":["post-25615","post","type-post","status-publish","format-standard","has-post-thumbnail","hentry","category-rezension","tag-aki-takase","tag-daniel-erdmann","tag-daniel-herskedahl","tag-duo","tag-hoerbar-der-nmz","tag-magnus-moksnes-myhre"],"yoast_head":"<!-- This site is optimized with the Yoast SEO plugin v27.5 - https:\/\/yoast.com\/product\/yoast-seo-wordpress\/ -->\n<title>Aus der H\u00f6rBar der nmz: Duos in Jazz und Improvisation - JazzZeitung<\/title>\n<meta name=\"description\" content=\"Ob Aki Takase mit Daniel Erdmann oder Daniel Herskedahl mit Magnus Moksnes Myhre. In der vorletzten Woche hat sich @huflaikhan in der H\u00f6rBar f\u00fcnf aktuelle CDs in Duoformationen etwas genauer angeh\u00f6rt: Takase\/Erdmann \u2013 Isn\u2019t it Romantic?, Poulsen\/Fryland \u2013 Dream a World, Fleischwolf \u2013 Einst, Duo Sonoma I und Herskedahl, Myhre \u2013 Desert Lighthouse.\" \/>\n<meta name=\"robots\" content=\"index, follow, max-snippet:-1, max-image-preview:large, max-video-preview:-1\" \/>\n<link rel=\"canonical\" href=\"https:\/\/www.jazzzeitung.de\/cms\/2021\/09\/aus-der-hoerbar-der-nmz-duos-in-jazz-und-improvisation\/\" \/>\n<meta property=\"og:locale\" content=\"de_DE\" \/>\n<meta property=\"og:type\" content=\"article\" \/>\n<meta property=\"og:title\" content=\"Aus der H\u00f6rBar der nmz: Duos in Jazz und Improvisation - JazzZeitung\" \/>\n<meta property=\"og:description\" content=\"Ob Aki Takase mit Daniel Erdmann oder Daniel Herskedahl mit Magnus Moksnes Myhre. In der vorletzten Woche hat sich @huflaikhan in der H\u00f6rBar f\u00fcnf aktuelle CDs in Duoformationen etwas genauer angeh\u00f6rt: Takase\/Erdmann \u2013 Isn\u2019t it Romantic?, Poulsen\/Fryland \u2013 Dream a World, Fleischwolf \u2013 Einst, Duo Sonoma I und Herskedahl, Myhre \u2013 Desert Lighthouse.\" \/>\n<meta property=\"og:url\" content=\"https:\/\/www.jazzzeitung.de\/cms\/2021\/09\/aus-der-hoerbar-der-nmz-duos-in-jazz-und-improvisation\/\" \/>\n<meta property=\"og:site_name\" content=\"JazzZeitung\" \/>\n<meta property=\"article:publisher\" content=\"https:\/\/www.facebook.com\/JazzZeitung\/\" \/>\n<meta property=\"article:author\" content=\"https:\/\/www.facebook.com\/hufner\" \/>\n<meta property=\"article:published_time\" content=\"2021-09-01T14:00:31+00:00\" \/>\n<meta property=\"og:image\" content=\"https:\/\/i0.wp.com\/www.jazzzeitung.de\/cms\/wp-content\/uploads\/2021\/08\/kw33_takase_erdmann.jpg?fit=1200%2C1063&ssl=1\" \/>\n\t<meta property=\"og:image:width\" content=\"1200\" \/>\n\t<meta property=\"og:image:height\" content=\"1063\" \/>\n\t<meta property=\"og:image:type\" content=\"image\/jpeg\" \/>\n<meta name=\"author\" content=\"Huflaikhan\" \/>\n<script type=\"application\/ld+json\" class=\"yoast-schema-graph\">{\"@context\":\"https:\\\/\\\/schema.org\",\"@graph\":[{\"@type\":\"Article\",\"@id\":\"https:\\\/\\\/www.jazzzeitung.de\\\/cms\\\/2021\\\/09\\\/aus-der-hoerbar-der-nmz-duos-in-jazz-und-improvisation\\\/#article\",\"isPartOf\":{\"@id\":\"https:\\\/\\\/www.jazzzeitung.de\\\/cms\\\/2021\\\/09\\\/aus-der-hoerbar-der-nmz-duos-in-jazz-und-improvisation\\\/\"},\"author\":{\"name\":\"Huflaikhan\",\"@id\":\"https:\\\/\\\/www.jazzzeitung.de\\\/cms\\\/#\\\/schema\\\/person\\\/1ba404714b9455401502bc409a7df45e\"},\"headline\":\"Aus der H\u00f6rBar der nmz: Duos in Jazz und Improvisation\",\"datePublished\":\"2021-09-01T14:00:31+00:00\",\"mainEntityOfPage\":{\"@id\":\"https:\\\/\\\/www.jazzzeitung.de\\\/cms\\\/2021\\\/09\\\/aus-der-hoerbar-der-nmz-duos-in-jazz-und-improvisation\\\/\"},\"wordCount\":616,\"commentCount\":0,\"publisher\":{\"@id\":\"https:\\\/\\\/www.jazzzeitung.de\\\/cms\\\/#organization\"},\"image\":{\"@id\":\"https:\\\/\\\/www.jazzzeitung.de\\\/cms\\\/2021\\\/09\\\/aus-der-hoerbar-der-nmz-duos-in-jazz-und-improvisation\\\/#primaryimage\"},\"thumbnailUrl\":\"https:\\\/\\\/i0.wp.com\\\/www.jazzzeitung.de\\\/cms\\\/wp-content\\\/uploads\\\/2021\\\/08\\\/kw33_takase_erdmann.jpg?fit=1200%2C1063&ssl=1\",\"keywords\":[\"Aki Takase\",\"Daniel Erdmann\",\"Daniel Herskedahl\",\"duo\",\"H\u00f6rBar der nmz\",\"Magnus Moksnes Myhre\"],\"articleSection\":[\"Rezension\"],\"inLanguage\":\"de\",\"potentialAction\":[{\"@type\":\"CommentAction\",\"name\":\"Comment\",\"target\":[\"https:\\\/\\\/www.jazzzeitung.de\\\/cms\\\/2021\\\/09\\\/aus-der-hoerbar-der-nmz-duos-in-jazz-und-improvisation\\\/#respond\"]}]},{\"@type\":\"WebPage\",\"@id\":\"https:\\\/\\\/www.jazzzeitung.de\\\/cms\\\/2021\\\/09\\\/aus-der-hoerbar-der-nmz-duos-in-jazz-und-improvisation\\\/\",\"url\":\"https:\\\/\\\/www.jazzzeitung.de\\\/cms\\\/2021\\\/09\\\/aus-der-hoerbar-der-nmz-duos-in-jazz-und-improvisation\\\/\",\"name\":\"Aus der H\u00f6rBar der nmz: Duos in Jazz und Improvisation - JazzZeitung\",\"isPartOf\":{\"@id\":\"https:\\\/\\\/www.jazzzeitung.de\\\/cms\\\/#website\"},\"primaryImageOfPage\":{\"@id\":\"https:\\\/\\\/www.jazzzeitung.de\\\/cms\\\/2021\\\/09\\\/aus-der-hoerbar-der-nmz-duos-in-jazz-und-improvisation\\\/#primaryimage\"},\"image\":{\"@id\":\"https:\\\/\\\/www.jazzzeitung.de\\\/cms\\\/2021\\\/09\\\/aus-der-hoerbar-der-nmz-duos-in-jazz-und-improvisation\\\/#primaryimage\"},\"thumbnailUrl\":\"https:\\\/\\\/i0.wp.com\\\/www.jazzzeitung.de\\\/cms\\\/wp-content\\\/uploads\\\/2021\\\/08\\\/kw33_takase_erdmann.jpg?fit=1200%2C1063&ssl=1\",\"datePublished\":\"2021-09-01T14:00:31+00:00\",\"description\":\"Ob Aki Takase mit Daniel Erdmann oder Daniel Herskedahl mit Magnus Moksnes Myhre. In der vorletzten Woche hat sich @huflaikhan in der H\u00f6rBar f\u00fcnf aktuelle CDs in Duoformationen etwas genauer angeh\u00f6rt: Takase\\\/Erdmann \u2013 Isn\u2019t it Romantic?, Poulsen\\\/Fryland \u2013 Dream a World, Fleischwolf \u2013 Einst, Duo Sonoma I und Herskedahl, Myhre \u2013 Desert Lighthouse.\",\"breadcrumb\":{\"@id\":\"https:\\\/\\\/www.jazzzeitung.de\\\/cms\\\/2021\\\/09\\\/aus-der-hoerbar-der-nmz-duos-in-jazz-und-improvisation\\\/#breadcrumb\"},\"inLanguage\":\"de\",\"potentialAction\":[{\"@type\":\"ReadAction\",\"target\":[\"https:\\\/\\\/www.jazzzeitung.de\\\/cms\\\/2021\\\/09\\\/aus-der-hoerbar-der-nmz-duos-in-jazz-und-improvisation\\\/\"]}]},{\"@type\":\"ImageObject\",\"inLanguage\":\"de\",\"@id\":\"https:\\\/\\\/www.jazzzeitung.de\\\/cms\\\/2021\\\/09\\\/aus-der-hoerbar-der-nmz-duos-in-jazz-und-improvisation\\\/#primaryimage\",\"url\":\"https:\\\/\\\/i0.wp.com\\\/www.jazzzeitung.de\\\/cms\\\/wp-content\\\/uploads\\\/2021\\\/08\\\/kw33_takase_erdmann.jpg?fit=1200%2C1063&ssl=1\",\"contentUrl\":\"https:\\\/\\\/i0.wp.com\\\/www.jazzzeitung.de\\\/cms\\\/wp-content\\\/uploads\\\/2021\\\/08\\\/kw33_takase_erdmann.jpg?fit=1200%2C1063&ssl=1\",\"width\":1200,\"height\":1063,\"caption\":\"Takase\\\/Erdmann \u2013 Isn\u2019t it Romantic?\"},{\"@type\":\"BreadcrumbList\",\"@id\":\"https:\\\/\\\/www.jazzzeitung.de\\\/cms\\\/2021\\\/09\\\/aus-der-hoerbar-der-nmz-duos-in-jazz-und-improvisation\\\/#breadcrumb\",\"itemListElement\":[{\"@type\":\"ListItem\",\"position\":1,\"name\":\"Startseite\",\"item\":\"https:\\\/\\\/www.jazzzeitung.de\\\/cms\\\/\"},{\"@type\":\"ListItem\",\"position\":2,\"name\":\"Aus der H\u00f6rBar der nmz: Duos in Jazz und Improvisation\"}]},{\"@type\":\"WebSite\",\"@id\":\"https:\\\/\\\/www.jazzzeitung.de\\\/cms\\\/#website\",\"url\":\"https:\\\/\\\/www.jazzzeitung.de\\\/cms\\\/\",\"name\":\"JazzZeitung\",\"description\":\"Jazz-News und Jazz-Kontroverses\",\"publisher\":{\"@id\":\"https:\\\/\\\/www.jazzzeitung.de\\\/cms\\\/#organization\"},\"potentialAction\":[{\"@type\":\"SearchAction\",\"target\":{\"@type\":\"EntryPoint\",\"urlTemplate\":\"https:\\\/\\\/www.jazzzeitung.de\\\/cms\\\/?s={search_term_string}\"},\"query-input\":{\"@type\":\"PropertyValueSpecification\",\"valueRequired\":true,\"valueName\":\"search_term_string\"}}],\"inLanguage\":\"de\"},{\"@type\":\"Organization\",\"@id\":\"https:\\\/\\\/www.jazzzeitung.de\\\/cms\\\/#organization\",\"name\":\"JazzZeitung online\",\"url\":\"https:\\\/\\\/www.jazzzeitung.de\\\/cms\\\/\",\"logo\":{\"@type\":\"ImageObject\",\"inLanguage\":\"de\",\"@id\":\"https:\\\/\\\/www.jazzzeitung.de\\\/cms\\\/#\\\/schema\\\/logo\\\/image\\\/\",\"url\":\"https:\\\/\\\/i0.wp.com\\\/www.jazzzeitung.de\\\/cms\\\/wp-content\\\/uploads\\\/2015\\\/08\\\/JAZZZEITUNGDE_Logo_Neu.png?fit=499%2C200&ssl=1\",\"contentUrl\":\"https:\\\/\\\/i0.wp.com\\\/www.jazzzeitung.de\\\/cms\\\/wp-content\\\/uploads\\\/2015\\\/08\\\/JAZZZEITUNGDE_Logo_Neu.png?fit=499%2C200&ssl=1\",\"width\":499,\"height\":200,\"caption\":\"JazzZeitung online\"},\"image\":{\"@id\":\"https:\\\/\\\/www.jazzzeitung.de\\\/cms\\\/#\\\/schema\\\/logo\\\/image\\\/\"},\"sameAs\":[\"https:\\\/\\\/www.facebook.com\\\/JazzZeitung\\\/\"]},{\"@type\":\"Person\",\"@id\":\"https:\\\/\\\/www.jazzzeitung.de\\\/cms\\\/#\\\/schema\\\/person\\\/1ba404714b9455401502bc409a7df45e\",\"name\":\"Huflaikhan\",\"image\":{\"@type\":\"ImageObject\",\"inLanguage\":\"de\",\"@id\":\"https:\\\/\\\/i0.wp.com\\\/www.jazzzeitung.de\\\/cms\\\/wp-content\\\/uploads\\\/2013\\\/11\\\/huf-06.jpg?resize=96%2C96&ssl=18afacd5aa7627f2840c013425f5a4164\",\"url\":\"https:\\\/\\\/i0.wp.com\\\/www.jazzzeitung.de\\\/cms\\\/wp-content\\\/uploads\\\/2013\\\/11\\\/huf-06.jpg?resize=96%2C96&ssl=1\",\"contentUrl\":\"https:\\\/\\\/i0.wp.com\\\/www.jazzzeitung.de\\\/cms\\\/wp-content\\\/uploads\\\/2013\\\/11\\\/huf-06.jpg?resize=96%2C96&ssl=1\",\"caption\":\"Huflaikhan\"},\"description\":\"Huflaikhan (aka Martin Hufner) hat Musikwissenschaft, Philosophie und Psychologie in Gie\u00dfen studiert und mit einer Arbeit \u00fcber Adorno und die Zw\u00f6lftontechnik promoviert. Seit 1995 ist er freiberuflich als Autor, Fotograf und Netzmacher unterwegs.\",\"sameAs\":[\"https:\\\/\\\/www.kritische-masse.de\\\/logbuch\",\"https:\\\/\\\/www.facebook.com\\\/hufner\"],\"url\":\"https:\\\/\\\/www.jazzzeitung.de\\\/cms\\\/author\\\/hufi\\\/\"}]}<\/script>\n<!-- \/ Yoast SEO plugin. -->","yoast_head_json":{"title":"Aus der H\u00f6rBar der nmz: Duos in Jazz und Improvisation - JazzZeitung","description":"Ob Aki Takase mit Daniel Erdmann oder Daniel Herskedahl mit Magnus Moksnes Myhre. In der vorletzten Woche hat sich @huflaikhan in der H\u00f6rBar f\u00fcnf aktuelle CDs in Duoformationen etwas genauer angeh\u00f6rt: Takase\/Erdmann \u2013 Isn\u2019t it Romantic?, Poulsen\/Fryland \u2013 Dream a World, Fleischwolf \u2013 Einst, Duo Sonoma I und Herskedahl, Myhre \u2013 Desert Lighthouse.","robots":{"index":"index","follow":"follow","max-snippet":"max-snippet:-1","max-image-preview":"max-image-preview:large","max-video-preview":"max-video-preview:-1"},"canonical":"https:\/\/www.jazzzeitung.de\/cms\/2021\/09\/aus-der-hoerbar-der-nmz-duos-in-jazz-und-improvisation\/","og_locale":"de_DE","og_type":"article","og_title":"Aus der H\u00f6rBar der nmz: Duos in Jazz und Improvisation - JazzZeitung","og_description":"Ob Aki Takase mit Daniel Erdmann oder Daniel Herskedahl mit Magnus Moksnes Myhre. In der vorletzten Woche hat sich @huflaikhan in der H\u00f6rBar f\u00fcnf aktuelle CDs in Duoformationen etwas genauer angeh\u00f6rt: Takase\/Erdmann \u2013 Isn\u2019t it Romantic?, Poulsen\/Fryland \u2013 Dream a World, Fleischwolf \u2013 Einst, Duo Sonoma I und Herskedahl, Myhre \u2013 Desert Lighthouse.","og_url":"https:\/\/www.jazzzeitung.de\/cms\/2021\/09\/aus-der-hoerbar-der-nmz-duos-in-jazz-und-improvisation\/","og_site_name":"JazzZeitung","article_publisher":"https:\/\/www.facebook.com\/JazzZeitung\/","article_author":"https:\/\/www.facebook.com\/hufner","article_published_time":"2021-09-01T14:00:31+00:00","og_image":[{"width":1200,"height":1063,"url":"https:\/\/i0.wp.com\/www.jazzzeitung.de\/cms\/wp-content\/uploads\/2021\/08\/kw33_takase_erdmann.jpg?fit=1200%2C1063&ssl=1","type":"image\/jpeg"}],"author":"Huflaikhan","schema":{"@context":"https:\/\/schema.org","@graph":[{"@type":"Article","@id":"https:\/\/www.jazzzeitung.de\/cms\/2021\/09\/aus-der-hoerbar-der-nmz-duos-in-jazz-und-improvisation\/#article","isPartOf":{"@id":"https:\/\/www.jazzzeitung.de\/cms\/2021\/09\/aus-der-hoerbar-der-nmz-duos-in-jazz-und-improvisation\/"},"author":{"name":"Huflaikhan","@id":"https:\/\/www.jazzzeitung.de\/cms\/#\/schema\/person\/1ba404714b9455401502bc409a7df45e"},"headline":"Aus der H\u00f6rBar der nmz: Duos in Jazz und Improvisation","datePublished":"2021-09-01T14:00:31+00:00","mainEntityOfPage":{"@id":"https:\/\/www.jazzzeitung.de\/cms\/2021\/09\/aus-der-hoerbar-der-nmz-duos-in-jazz-und-improvisation\/"},"wordCount":616,"commentCount":0,"publisher":{"@id":"https:\/\/www.jazzzeitung.de\/cms\/#organization"},"image":{"@id":"https:\/\/www.jazzzeitung.de\/cms\/2021\/09\/aus-der-hoerbar-der-nmz-duos-in-jazz-und-improvisation\/#primaryimage"},"thumbnailUrl":"https:\/\/i0.wp.com\/www.jazzzeitung.de\/cms\/wp-content\/uploads\/2021\/08\/kw33_takase_erdmann.jpg?fit=1200%2C1063&ssl=1","keywords":["Aki Takase","Daniel Erdmann","Daniel Herskedahl","duo","H\u00f6rBar der nmz","Magnus Moksnes Myhre"],"articleSection":["Rezension"],"inLanguage":"de","potentialAction":[{"@type":"CommentAction","name":"Comment","target":["https:\/\/www.jazzzeitung.de\/cms\/2021\/09\/aus-der-hoerbar-der-nmz-duos-in-jazz-und-improvisation\/#respond"]}]},{"@type":"WebPage","@id":"https:\/\/www.jazzzeitung.de\/cms\/2021\/09\/aus-der-hoerbar-der-nmz-duos-in-jazz-und-improvisation\/","url":"https:\/\/www.jazzzeitung.de\/cms\/2021\/09\/aus-der-hoerbar-der-nmz-duos-in-jazz-und-improvisation\/","name":"Aus der H\u00f6rBar der nmz: Duos in Jazz und Improvisation - JazzZeitung","isPartOf":{"@id":"https:\/\/www.jazzzeitung.de\/cms\/#website"},"primaryImageOfPage":{"@id":"https:\/\/www.jazzzeitung.de\/cms\/2021\/09\/aus-der-hoerbar-der-nmz-duos-in-jazz-und-improvisation\/#primaryimage"},"image":{"@id":"https:\/\/www.jazzzeitung.de\/cms\/2021\/09\/aus-der-hoerbar-der-nmz-duos-in-jazz-und-improvisation\/#primaryimage"},"thumbnailUrl":"https:\/\/i0.wp.com\/www.jazzzeitung.de\/cms\/wp-content\/uploads\/2021\/08\/kw33_takase_erdmann.jpg?fit=1200%2C1063&ssl=1","datePublished":"2021-09-01T14:00:31+00:00","description":"Ob Aki Takase mit Daniel Erdmann oder Daniel Herskedahl mit Magnus Moksnes Myhre. In der vorletzten Woche hat sich @huflaikhan in der H\u00f6rBar f\u00fcnf aktuelle CDs in Duoformationen etwas genauer angeh\u00f6rt: Takase\/Erdmann \u2013 Isn\u2019t it Romantic?, Poulsen\/Fryland \u2013 Dream a World, Fleischwolf \u2013 Einst, Duo Sonoma I und Herskedahl, Myhre \u2013 Desert Lighthouse.","breadcrumb":{"@id":"https:\/\/www.jazzzeitung.de\/cms\/2021\/09\/aus-der-hoerbar-der-nmz-duos-in-jazz-und-improvisation\/#breadcrumb"},"inLanguage":"de","potentialAction":[{"@type":"ReadAction","target":["https:\/\/www.jazzzeitung.de\/cms\/2021\/09\/aus-der-hoerbar-der-nmz-duos-in-jazz-und-improvisation\/"]}]},{"@type":"ImageObject","inLanguage":"de","@id":"https:\/\/www.jazzzeitung.de\/cms\/2021\/09\/aus-der-hoerbar-der-nmz-duos-in-jazz-und-improvisation\/#primaryimage","url":"https:\/\/i0.wp.com\/www.jazzzeitung.de\/cms\/wp-content\/uploads\/2021\/08\/kw33_takase_erdmann.jpg?fit=1200%2C1063&ssl=1","contentUrl":"https:\/\/i0.wp.com\/www.jazzzeitung.de\/cms\/wp-content\/uploads\/2021\/08\/kw33_takase_erdmann.jpg?fit=1200%2C1063&ssl=1","width":1200,"height":1063,"caption":"Takase\/Erdmann \u2013 Isn\u2019t it Romantic?"},{"@type":"BreadcrumbList","@id":"https:\/\/www.jazzzeitung.de\/cms\/2021\/09\/aus-der-hoerbar-der-nmz-duos-in-jazz-und-improvisation\/#breadcrumb","itemListElement":[{"@type":"ListItem","position":1,"name":"Startseite","item":"https:\/\/www.jazzzeitung.de\/cms\/"},{"@type":"ListItem","position":2,"name":"Aus der H\u00f6rBar der nmz: Duos in Jazz und Improvisation"}]},{"@type":"WebSite","@id":"https:\/\/www.jazzzeitung.de\/cms\/#website","url":"https:\/\/www.jazzzeitung.de\/cms\/","name":"JazzZeitung","description":"Jazz-News und Jazz-Kontroverses","publisher":{"@id":"https:\/\/www.jazzzeitung.de\/cms\/#organization"},"potentialAction":[{"@type":"SearchAction","target":{"@type":"EntryPoint","urlTemplate":"https:\/\/www.jazzzeitung.de\/cms\/?s={search_term_string}"},"query-input":{"@type":"PropertyValueSpecification","valueRequired":true,"valueName":"search_term_string"}}],"inLanguage":"de"},{"@type":"Organization","@id":"https:\/\/www.jazzzeitung.de\/cms\/#organization","name":"JazzZeitung online","url":"https:\/\/www.jazzzeitung.de\/cms\/","logo":{"@type":"ImageObject","inLanguage":"de","@id":"https:\/\/www.jazzzeitung.de\/cms\/#\/schema\/logo\/image\/","url":"https:\/\/i0.wp.com\/www.jazzzeitung.de\/cms\/wp-content\/uploads\/2015\/08\/JAZZZEITUNGDE_Logo_Neu.png?fit=499%2C200&ssl=1","contentUrl":"https:\/\/i0.wp.com\/www.jazzzeitung.de\/cms\/wp-content\/uploads\/2015\/08\/JAZZZEITUNGDE_Logo_Neu.png?fit=499%2C200&ssl=1","width":499,"height":200,"caption":"JazzZeitung online"},"image":{"@id":"https:\/\/www.jazzzeitung.de\/cms\/#\/schema\/logo\/image\/"},"sameAs":["https:\/\/www.facebook.com\/JazzZeitung\/"]},{"@type":"Person","@id":"https:\/\/www.jazzzeitung.de\/cms\/#\/schema\/person\/1ba404714b9455401502bc409a7df45e","name":"Huflaikhan","image":{"@type":"ImageObject","inLanguage":"de","@id":"https:\/\/i0.wp.com\/www.jazzzeitung.de\/cms\/wp-content\/uploads\/2013\/11\/huf-06.jpg?resize=96%2C96&ssl=18afacd5aa7627f2840c013425f5a4164","url":"https:\/\/i0.wp.com\/www.jazzzeitung.de\/cms\/wp-content\/uploads\/2013\/11\/huf-06.jpg?resize=96%2C96&ssl=1","contentUrl":"https:\/\/i0.wp.com\/www.jazzzeitung.de\/cms\/wp-content\/uploads\/2013\/11\/huf-06.jpg?resize=96%2C96&ssl=1","caption":"Huflaikhan"},"description":"Huflaikhan (aka Martin Hufner) hat Musikwissenschaft, Philosophie und Psychologie in Gie\u00dfen studiert und mit einer Arbeit \u00fcber Adorno und die Zw\u00f6lftontechnik promoviert. Seit 1995 ist er freiberuflich als Autor, Fotograf und Netzmacher unterwegs.","sameAs":["https:\/\/www.kritische-masse.de\/logbuch","https:\/\/www.facebook.com\/hufner"],"url":"https:\/\/www.jazzzeitung.de\/cms\/author\/hufi\/"}]}},"wp-worthy-pixel":{"ignored":false,"public":"a3d5e4a046d144a88243716f55667f6a","server":"vg04.met.vgwort.de","url":"https:\/\/vg04.met.vgwort.de\/na\/a3d5e4a046d144a88243716f55667f6a"},"wp-worthy-type":"normal","jetpack_publicize_connections":[],"cc_featured_image_caption":{"caption_text":"Takase\/Erdmann \u2013 Isn\u2019t it Romantic?","source_text":"CDs in der H\u00f6rBar der nmz","source_url":"https:\/\/hoerbar.nmz.de\/"},"jetpack_featured_media_url":"https:\/\/i0.wp.com\/www.jazzzeitung.de\/cms\/wp-content\/uploads\/2021\/08\/kw33_takase_erdmann.jpg?fit=1200%2C1063&ssl=1","jetpack_shortlink":"https:\/\/wp.me\/p3KEcT-6F9","jetpack-related-posts":[{"id":25830,"url":"https:\/\/www.jazzzeitung.de\/cms\/2021\/09\/albert-mangelsdorff-preis-2021-geht-an-aki-takase\/","url_meta":{"origin":25615,"position":0},"title":"Albert-Mangelsdorff-Preis 2021 geht an Aki Takase","author":"Redaktion JazzZeitung","date":"20. September 2021","format":false,"excerpt":"Die Berliner Pianistin Aki Takase wird von der Deutschen Jazzunion mit dem Albert-Mangelsdorff-Preis 2021 f\u00fcr ihr Lebenswerk und ihre Verdienste f\u00fcr den Jazz in Deutschland ausgezeichnet. Die Preisverleihung mit Konzert der Preistr\u00e4gerin findet am 5. November 2021 im Rahmen des Jazzfest Berlin statt, dessen Gesamtprogramm am 30. September ver\u00f6ffentlicht wird.\u2026","rel":"","context":"In &quot;News&quot;","block_context":{"text":"News","link":"https:\/\/www.jazzzeitung.de\/cms\/thema\/nachrichten\/"},"img":{"alt_text":"","src":"https:\/\/i0.wp.com\/www.jazzzeitung.de\/cms\/wp-content\/uploads\/2021\/09\/AkiTakaseByZigaKoritnik-scaled-1-e1632125752971.jpg?fit=1200%2C1023&ssl=1&resize=350%2C200","width":350,"height":200,"srcset":"https:\/\/i0.wp.com\/www.jazzzeitung.de\/cms\/wp-content\/uploads\/2021\/09\/AkiTakaseByZigaKoritnik-scaled-1-e1632125752971.jpg?fit=1200%2C1023&ssl=1&resize=350%2C200 1x, https:\/\/i0.wp.com\/www.jazzzeitung.de\/cms\/wp-content\/uploads\/2021\/09\/AkiTakaseByZigaKoritnik-scaled-1-e1632125752971.jpg?fit=1200%2C1023&ssl=1&resize=525%2C300 1.5x, https:\/\/i0.wp.com\/www.jazzzeitung.de\/cms\/wp-content\/uploads\/2021\/09\/AkiTakaseByZigaKoritnik-scaled-1-e1632125752971.jpg?fit=1200%2C1023&ssl=1&resize=700%2C400 2x, https:\/\/i0.wp.com\/www.jazzzeitung.de\/cms\/wp-content\/uploads\/2021\/09\/AkiTakaseByZigaKoritnik-scaled-1-e1632125752971.jpg?fit=1200%2C1023&ssl=1&resize=1050%2C600 3x"},"classes":[]},{"id":26578,"url":"https:\/\/www.jazzzeitung.de\/cms\/2022\/01\/zwei-furiose-geister-im-gleichklang\/","url_meta":{"origin":25615,"position":1},"title":"Zwei furiose Geister im Gleichklang","author":"Michael Scheiner","date":"22. Januar 2022","format":false,"excerpt":"Regensburg. \u201eFurios, es war einfach furios!\u201c Es ist eine Mischung aus Staunen, Begeisterung und Ehrfurcht, die sich im Gesicht der Jazzclub-Besucherin widerspiegelt. \u201eIch konnte nur noch ihre H\u00e4nde anschauen\u201c, stimmt die Begleiterin in das Lob \u00fcber das Konzert der Berliner Pianistin Aki Takase mit dem Saxofonisten Daniel Erdmann ein. Nach\u2026","rel":"","context":"In &quot;Bericht&quot;","block_context":{"text":"Bericht","link":"https:\/\/www.jazzzeitung.de\/cms\/thema\/bericht\/"},"img":{"alt_text":"","src":"https:\/\/i0.wp.com\/www.jazzzeitung.de\/cms\/wp-content\/uploads\/2022\/01\/takase-aki_56.jpg?fit=1200%2C800&ssl=1&resize=350%2C200","width":350,"height":200,"srcset":"https:\/\/i0.wp.com\/www.jazzzeitung.de\/cms\/wp-content\/uploads\/2022\/01\/takase-aki_56.jpg?fit=1200%2C800&ssl=1&resize=350%2C200 1x, https:\/\/i0.wp.com\/www.jazzzeitung.de\/cms\/wp-content\/uploads\/2022\/01\/takase-aki_56.jpg?fit=1200%2C800&ssl=1&resize=525%2C300 1.5x, https:\/\/i0.wp.com\/www.jazzzeitung.de\/cms\/wp-content\/uploads\/2022\/01\/takase-aki_56.jpg?fit=1200%2C800&ssl=1&resize=700%2C400 2x, https:\/\/i0.wp.com\/www.jazzzeitung.de\/cms\/wp-content\/uploads\/2022\/01\/takase-aki_56.jpg?fit=1200%2C800&ssl=1&resize=1050%2C600 3x"},"classes":[]},{"id":23692,"url":"https:\/\/www.jazzzeitung.de\/cms\/2020\/10\/newsdaniel-erdmann-gewinnt-swr-jazzpreis-2020schickmajkowskilovens-am-10-11-in-muenchenveranstaltungen-bix-jazzclub-stuttgart\/","url_meta":{"origin":25615,"position":2},"title":"+++News:+++Daniel Erdmann gewinnt SWR Jazzpreis 2020+++Schick\/Majkowski\/Lovens am 10.11. in M\u00fcnchen+++Veranstaltungen BIX-Jazzclub Stuttgart+++","author":"Redaktion JazzZeitung","date":"28. Oktober 2020","format":false,"excerpt":"+++Daniel Erdmann gewinnt SWR Jazzpreis 2020 +++ Baden-Baden\/Mainz. Der gemeinsam vom S\u00fcdwestrundfunk (SWR) und dem Land Rheinland-Pfalz gestiftete SWR Jazzpreis 2020 wird heute, am 28. Oktober, im Rahmen des Internationalen Festivals \"Enjoy Jazz\" in Ludwigshafen an den Tenorsaxophonisten Daniel Erdmann verliehen. Erdmann, der auf den Tag genau vor 47 Jahren\u2026","rel":"","context":"In &quot;News&quot;","block_context":{"text":"News","link":"https:\/\/www.jazzzeitung.de\/cms\/thema\/nachrichten\/"},"img":{"alt_text":"","src":"https:\/\/i0.wp.com\/www.jazzzeitung.de\/cms\/wp-content\/uploads\/2020\/10\/Schick_Majkowski_Lovens_%C2%A9_UrsulaZeidler_720.jpg?fit=720%2C404&ssl=1&resize=350%2C200","width":350,"height":200,"srcset":"https:\/\/i0.wp.com\/www.jazzzeitung.de\/cms\/wp-content\/uploads\/2020\/10\/Schick_Majkowski_Lovens_%C2%A9_UrsulaZeidler_720.jpg?fit=720%2C404&ssl=1&resize=350%2C200 1x, https:\/\/i0.wp.com\/www.jazzzeitung.de\/cms\/wp-content\/uploads\/2020\/10\/Schick_Majkowski_Lovens_%C2%A9_UrsulaZeidler_720.jpg?fit=720%2C404&ssl=1&resize=525%2C300 1.5x, https:\/\/i0.wp.com\/www.jazzzeitung.de\/cms\/wp-content\/uploads\/2020\/10\/Schick_Majkowski_Lovens_%C2%A9_UrsulaZeidler_720.jpg?fit=720%2C404&ssl=1&resize=700%2C400 2x"},"classes":[]},{"id":25582,"url":"https:\/\/www.jazzzeitung.de\/cms\/2021\/08\/das-muenchner-festival-jazz-im-sommer-genre-und-grenzueberschreitend\/","url_meta":{"origin":25615,"position":3},"title":"Das M\u00fcnchner Festival \u201eJazz im Sommer\u201c: genre- und grenz\u00fcberschreitend!","author":"Redaktion JazzZeitung","date":"31. August 2021","format":false,"excerpt":"Endlich mal wieder raus und live Open Air Musik h\u00f6ren. Das Einzige, was man dieses Jahr dabei immer fest im Blick haben muss: die Wetter-App. Dem M\u00fcnchner \u201eJazz im Sommer\u201c war Petrus im Gro\u00dfen und Ganzen wohl gesonnen, und so konnten die zahlreichen Besucher das abwechslungsreiche Festivalprogramm gr\u00f6\u00dftenteils bei Sonnenschein,\u2026","rel":"","context":"In &quot;Bericht&quot;","block_context":{"text":"Bericht","link":"https:\/\/www.jazzzeitung.de\/cms\/thema\/bericht\/"},"img":{"alt_text":"","src":"https:\/\/i0.wp.com\/www.jazzzeitung.de\/cms\/wp-content\/uploads\/2021\/08\/P1211883-Tingvall-Trio-Foto-TJ-Krebs-1.jpg?fit=1200%2C811&ssl=1&resize=350%2C200","width":350,"height":200,"srcset":"https:\/\/i0.wp.com\/www.jazzzeitung.de\/cms\/wp-content\/uploads\/2021\/08\/P1211883-Tingvall-Trio-Foto-TJ-Krebs-1.jpg?fit=1200%2C811&ssl=1&resize=350%2C200 1x, https:\/\/i0.wp.com\/www.jazzzeitung.de\/cms\/wp-content\/uploads\/2021\/08\/P1211883-Tingvall-Trio-Foto-TJ-Krebs-1.jpg?fit=1200%2C811&ssl=1&resize=525%2C300 1.5x, https:\/\/i0.wp.com\/www.jazzzeitung.de\/cms\/wp-content\/uploads\/2021\/08\/P1211883-Tingvall-Trio-Foto-TJ-Krebs-1.jpg?fit=1200%2C811&ssl=1&resize=700%2C400 2x, https:\/\/i0.wp.com\/www.jazzzeitung.de\/cms\/wp-content\/uploads\/2021\/08\/P1211883-Tingvall-Trio-Foto-TJ-Krebs-1.jpg?fit=1200%2C811&ssl=1&resize=1050%2C600 3x"},"classes":[]},{"id":16388,"url":"https:\/\/www.jazzzeitung.de\/cms\/2018\/06\/aki-takase-erhaelt-den-jazzpreis-berlin-2018\/","url_meta":{"origin":25615,"position":4},"title":"Aki Takase erh\u00e4lt den Jazzpreis Berlin 2018","author":"Redaktion JazzZeitung","date":"16. Juni 2018","format":false,"excerpt":"Das Kulturradio vom rbb und die Kulturverwaltung des Berliner Senats zeichnen die Pianistin Aki Takase mit dem Jazzpreis Berlin 2018 aus. Der mit 15.000 Euro dotierte Preis wird bei einem \u00f6ffentlichen Konzert am Dienstag, 26. Juni 2018, ab 20.00 Uhr, im Kleinen Sendesaal des rbb verliehen. Die 1948 in Japan\u2026","rel":"","context":"In &quot;News&quot;","block_context":{"text":"News","link":"https:\/\/www.jazzzeitung.de\/cms\/thema\/nachrichten\/"},"img":{"alt_text":"","src":"https:\/\/i0.wp.com\/www.jazzzeitung.de\/cms\/wp-content\/uploads\/2018\/06\/2015.jpg?fit=1200%2C967&ssl=1&resize=350%2C200","width":350,"height":200,"srcset":"https:\/\/i0.wp.com\/www.jazzzeitung.de\/cms\/wp-content\/uploads\/2018\/06\/2015.jpg?fit=1200%2C967&ssl=1&resize=350%2C200 1x, https:\/\/i0.wp.com\/www.jazzzeitung.de\/cms\/wp-content\/uploads\/2018\/06\/2015.jpg?fit=1200%2C967&ssl=1&resize=525%2C300 1.5x, https:\/\/i0.wp.com\/www.jazzzeitung.de\/cms\/wp-content\/uploads\/2018\/06\/2015.jpg?fit=1200%2C967&ssl=1&resize=700%2C400 2x, https:\/\/i0.wp.com\/www.jazzzeitung.de\/cms\/wp-content\/uploads\/2018\/06\/2015.jpg?fit=1200%2C967&ssl=1&resize=1050%2C600 3x"},"classes":[]},{"id":15181,"url":"https:\/\/www.jazzzeitung.de\/cms\/2018\/02\/jazzpreis-berlin-2018-rbb-und-land-berlin-zeichnen-aki-takase-aus\/","url_meta":{"origin":25615,"position":5},"title":"Jazzpreis Berlin 2018: rbb und Land Berlin zeichnen Aki Takase aus","author":"Martin Hufner","date":"28. Februar 2018","format":false,"excerpt":"Pressemitteilung: Die Pianistin und Komponistin Aki Takase erh\u00e4lt den Jazzpreis Berlin 2018. Der Rundfunk Berlin-Brandenburg (rbb) und das Land Berlin vergeben die mit 15.000 Euro dotierte Auszeichnung. Aki Takase, 1948 in Japan geboren, erlebte ihren internationalen Durchbruch 1981 beim Jazzfest Berlin. 1987 verlegte die Musikerin ihren Lebensmittelpunkt nach Berlin, wo\u2026","rel":"","context":"In &quot;News&quot;","block_context":{"text":"News","link":"https:\/\/www.jazzzeitung.de\/cms\/thema\/nachrichten\/"},"img":{"alt_text":"Pianistin und Komponistin Aki Takase erh\u00e4lt Jazzpreis Berlin 2018. \u00a9 rbb\/Kazue Yokoi","src":"https:\/\/i0.wp.com\/www.jazzzeitung.de\/cms\/wp-content\/uploads\/2018\/02\/rbb_takase.jpg?fit=1200%2C854&ssl=1&resize=350%2C200","width":350,"height":200,"srcset":"https:\/\/i0.wp.com\/www.jazzzeitung.de\/cms\/wp-content\/uploads\/2018\/02\/rbb_takase.jpg?fit=1200%2C854&ssl=1&resize=350%2C200 1x, https:\/\/i0.wp.com\/www.jazzzeitung.de\/cms\/wp-content\/uploads\/2018\/02\/rbb_takase.jpg?fit=1200%2C854&ssl=1&resize=525%2C300 1.5x, https:\/\/i0.wp.com\/www.jazzzeitung.de\/cms\/wp-content\/uploads\/2018\/02\/rbb_takase.jpg?fit=1200%2C854&ssl=1&resize=700%2C400 2x, https:\/\/i0.wp.com\/www.jazzzeitung.de\/cms\/wp-content\/uploads\/2018\/02\/rbb_takase.jpg?fit=1200%2C854&ssl=1&resize=1050%2C600 3x"},"classes":[]}],"jetpack_sharing_enabled":true,"_links":{"self":[{"href":"https:\/\/www.jazzzeitung.de\/cms\/wp-json\/wp\/v2\/posts\/25615","targetHints":{"allow":["GET"]}}],"collection":[{"href":"https:\/\/www.jazzzeitung.de\/cms\/wp-json\/wp\/v2\/posts"}],"about":[{"href":"https:\/\/www.jazzzeitung.de\/cms\/wp-json\/wp\/v2\/types\/post"}],"author":[{"embeddable":true,"href":"https:\/\/www.jazzzeitung.de\/cms\/wp-json\/wp\/v2\/users\/2"}],"replies":[{"embeddable":true,"href":"https:\/\/www.jazzzeitung.de\/cms\/wp-json\/wp\/v2\/comments?post=25615"}],"version-history":[{"count":3,"href":"https:\/\/www.jazzzeitung.de\/cms\/wp-json\/wp\/v2\/posts\/25615\/revisions"}],"predecessor-version":[{"id":25624,"href":"https:\/\/www.jazzzeitung.de\/cms\/wp-json\/wp\/v2\/posts\/25615\/revisions\/25624"}],"wp:featuredmedia":[{"embeddable":true,"href":"https:\/\/www.jazzzeitung.de\/cms\/wp-json\/wp\/v2\/media\/25621"}],"wp:attachment":[{"href":"https:\/\/www.jazzzeitung.de\/cms\/wp-json\/wp\/v2\/media?parent=25615"}],"wp:term":[{"taxonomy":"category","embeddable":true,"href":"https:\/\/www.jazzzeitung.de\/cms\/wp-json\/wp\/v2\/categories?post=25615"},{"taxonomy":"post_tag","embeddable":true,"href":"https:\/\/www.jazzzeitung.de\/cms\/wp-json\/wp\/v2\/tags?post=25615"},{"taxonomy":"author","embeddable":true,"href":"https:\/\/www.jazzzeitung.de\/cms\/wp-json\/wp\/v2\/coauthors?post=25615"}],"curies":[{"name":"wp","href":"https:\/\/api.w.org\/{rel}","templated":true}]}}