{"id":25582,"date":"2021-08-31T09:00:22","date_gmt":"2021-08-31T07:00:22","guid":{"rendered":"https:\/\/www.jazzzeitung.de\/cms\/?p=25582"},"modified":"2021-08-31T16:24:00","modified_gmt":"2021-08-31T14:24:00","slug":"das-muenchner-festival-jazz-im-sommer-genre-und-grenzueberschreitend","status":"publish","type":"post","link":"https:\/\/www.jazzzeitung.de\/cms\/2021\/08\/das-muenchner-festival-jazz-im-sommer-genre-und-grenzueberschreitend\/","title":{"rendered":"Das M\u00fcnchner Festival \u201eJazz im Sommer\u201c: genre- und grenz\u00fcberschreitend!"},"content":{"rendered":"<p><strong>Endlich mal wieder raus und live Open Air Musik h\u00f6ren. Das Einzige, was man dieses Jahr dabei immer fest im Blick haben muss: die Wetter-App. Dem M\u00fcnchner \u201eJazz im Sommer\u201c war Petrus im Gro\u00dfen und Ganzen wohl gesonnen, und so konnten die zahlreichen Besucher das abwechslungsreiche Festivalprogramm gr\u00f6\u00dftenteils bei Sonnenschein, vor allem aber trocken, in vollen Z\u00fcgen genie\u00dfen.<\/strong><\/p>\n<p><strong>\u00a0<\/strong>Vor allem Open Air findet Kultur vor gr\u00f6\u00dferem Publikum nach langem Darben endlich wieder statt. Die JazzStiftung M\u00fcnchen, mucjazz e.\u00ad\u00a0V. und der Jazzclub Unterfahrt haben sich f\u00fcr den von der Landeshauptstadt organisierten \u201eKultursommer in der Stadt\u201c zusammen gefunden und an verschiedenen Standorten ein sensationelles Programm auf die Beine gestellt. Genre\u00fcbergreifend wurde der \u201eJazz im Sommer\u201c auf der Theresienwiese, auf dem Areal von \u201eKunst im Quadrat\u201c, von der M\u00fcnchner Band <strong>SiEA<\/strong> er\u00f6ffnet. Vor eindrucksvoller Kulisse mit beleuchteten Jahrmarktfahrgesch\u00e4ften im Hintergrund groovten die M\u00e4dels von SiEA (mit dem Posaunisten Thorben Sch\u00fctt als Gast in SiEA-typischem outfit) \u00fcber die B\u00fchne und holten mit ihrem kompromisslosen Indie-Jazz-Pop-Techno das Publikum von den Sitzen. Ein gelungener Auftakt!<\/p>\n<div class=\"tiled-gallery type-rectangular tiled-gallery-unresized\" data-original-width=\"840\" data-carousel-extra='{&quot;blog_id&quot;:1,&quot;permalink&quot;:&quot;https:\\\/\\\/www.jazzzeitung.de\\\/cms\\\/2021\\\/08\\\/das-muenchner-festival-jazz-im-sommer-genre-und-grenzueberschreitend\\\/&quot;,&quot;likes_blog_id&quot;:55446655}' itemscope itemtype=\"http:\/\/schema.org\/ImageGallery\" > <div class=\"gallery-row\" style=\"width: 840px; height: 375px;\" data-original-width=\"840\" data-original-height=\"375\" > <div class=\"gallery-group images-1\" style=\"width: 561px; height: 375px;\" data-original-width=\"561\" data-original-height=\"375\" > <div class=\"tiled-gallery-item tiled-gallery-item-large\" itemprop=\"associatedMedia\" itemscope itemtype=\"http:\/\/schema.org\/ImageObject\"> <a href=\"https:\/\/www.jazzzeitung.de\/cms\/2021\/08\/das-muenchner-festival-jazz-im-sommer-genre-und-grenzueberschreitend\/p1188666-amelie-patricia-foto-tj-krebs\/\" border=\"0\" itemprop=\"url\"> <meta itemprop=\"width\" content=\"557\"> <meta itemprop=\"height\" content=\"371\"> <img decoding=\"async\" class=\"\" data-attachment-id=\"25593\" data-orig-file=\"https:\/\/www.jazzzeitung.de\/cms\/wp-content\/uploads\/2021\/08\/P1188666-Amelie-Patricia-Foto-TJ-Krebs.jpg\" data-orig-size=\"1200,800\" data-comments-opened=\"1\" data-image-meta=\"{&quot;aperture&quot;:&quot;0&quot;,&quot;credit&quot;:&quot;&quot;,&quot;camera&quot;:&quot;&quot;,&quot;caption&quot;:&quot;&quot;,&quot;created_timestamp&quot;:&quot;0&quot;,&quot;copyright&quot;:&quot;&quot;,&quot;focal_length&quot;:&quot;0&quot;,&quot;iso&quot;:&quot;0&quot;,&quot;shutter_speed&quot;:&quot;0&quot;,&quot;title&quot;:&quot;&quot;,&quot;orientation&quot;:&quot;0&quot;}\" data-image-title=\"P1188666 Am\u00e9lie-Patricia &amp;#8211; Foto TJ Krebs\" data-image-description=\"\" data-medium-file=\"https:\/\/i0.wp.com\/www.jazzzeitung.de\/cms\/wp-content\/uploads\/2021\/08\/P1188666-Amelie-Patricia-Foto-TJ-Krebs.jpg?fit=300%2C200&#038;ssl=1\" data-large-file=\"https:\/\/i0.wp.com\/www.jazzzeitung.de\/cms\/wp-content\/uploads\/2021\/08\/P1188666-Amelie-Patricia-Foto-TJ-Krebs.jpg?fit=840%2C560&#038;ssl=1\" src=\"https:\/\/i0.wp.com\/www.jazzzeitung.de\/cms\/wp-content\/uploads\/2021\/08\/P1188666-Amelie-Patricia-Foto-TJ-Krebs.jpg?w=557&#038;h=371&#038;ssl=1\" srcset=\"https:\/\/i0.wp.com\/www.jazzzeitung.de\/cms\/wp-content\/uploads\/2021\/08\/P1188666-Amelie-Patricia-Foto-TJ-Krebs.jpg?w=1200&amp;ssl=1 1200w, https:\/\/i0.wp.com\/www.jazzzeitung.de\/cms\/wp-content\/uploads\/2021\/08\/P1188666-Amelie-Patricia-Foto-TJ-Krebs.jpg?resize=300%2C200&amp;ssl=1 300w, https:\/\/i0.wp.com\/www.jazzzeitung.de\/cms\/wp-content\/uploads\/2021\/08\/P1188666-Amelie-Patricia-Foto-TJ-Krebs.jpg?resize=900%2C600&amp;ssl=1 900w, https:\/\/i0.wp.com\/www.jazzzeitung.de\/cms\/wp-content\/uploads\/2021\/08\/P1188666-Amelie-Patricia-Foto-TJ-Krebs.jpg?resize=768%2C512&amp;ssl=1 768w, https:\/\/i0.wp.com\/www.jazzzeitung.de\/cms\/wp-content\/uploads\/2021\/08\/P1188666-Amelie-Patricia-Foto-TJ-Krebs.jpg?resize=120%2C80&amp;ssl=1 120w\" width=\"557\" height=\"371\" loading=\"lazy\" data-original-width=\"557\" data-original-height=\"371\" itemprop=\"http:\/\/schema.org\/image\" title=\"P1188666 Am\u00e9lie-Patricia - Foto TJ Krebs\" alt=\"Am\u00e9lie-Patricia (SiEA)\" style=\"width: 557px; height: 371px;\" \/> <\/a> <div class=\"tiled-gallery-caption\" itemprop=\"caption description\"> Am\u00e9lie-Patricia (SiEA) <\/div> <\/div> <\/div> <!-- close group --> <div class=\"gallery-group images-2\" style=\"width: 279px; height: 375px;\" data-original-width=\"279\" data-original-height=\"375\" > <div class=\"tiled-gallery-item tiled-gallery-item-large\" itemprop=\"associatedMedia\" itemscope itemtype=\"http:\/\/schema.org\/ImageObject\"> <a href=\"https:\/\/www.jazzzeitung.de\/cms\/2021\/08\/das-muenchner-festival-jazz-im-sommer-genre-und-grenzueberschreitend\/p1188686-amelie-antonia-patricia-foto-tj-krebs\/\" border=\"0\" itemprop=\"url\"> <meta itemprop=\"width\" content=\"275\"> <meta itemprop=\"height\" content=\"184\"> <img decoding=\"async\" class=\"\" data-attachment-id=\"25594\" data-orig-file=\"https:\/\/www.jazzzeitung.de\/cms\/wp-content\/uploads\/2021\/08\/P1188686-Amelie-Antonia-Patricia-Foto-TJ-Krebs.jpg\" data-orig-size=\"1200,800\" data-comments-opened=\"1\" data-image-meta=\"{&quot;aperture&quot;:&quot;0&quot;,&quot;credit&quot;:&quot;&quot;,&quot;camera&quot;:&quot;&quot;,&quot;caption&quot;:&quot;&quot;,&quot;created_timestamp&quot;:&quot;0&quot;,&quot;copyright&quot;:&quot;&quot;,&quot;focal_length&quot;:&quot;0&quot;,&quot;iso&quot;:&quot;0&quot;,&quot;shutter_speed&quot;:&quot;0&quot;,&quot;title&quot;:&quot;&quot;,&quot;orientation&quot;:&quot;0&quot;}\" data-image-title=\"P1188686 Am\u00e9lie-Antonia-Patricia &amp;#8211; Foto TJ Krebs\" data-image-description=\"\" data-medium-file=\"https:\/\/i0.wp.com\/www.jazzzeitung.de\/cms\/wp-content\/uploads\/2021\/08\/P1188686-Amelie-Antonia-Patricia-Foto-TJ-Krebs.jpg?fit=300%2C200&#038;ssl=1\" data-large-file=\"https:\/\/i0.wp.com\/www.jazzzeitung.de\/cms\/wp-content\/uploads\/2021\/08\/P1188686-Amelie-Antonia-Patricia-Foto-TJ-Krebs.jpg?fit=840%2C560&#038;ssl=1\" src=\"https:\/\/i0.wp.com\/www.jazzzeitung.de\/cms\/wp-content\/uploads\/2021\/08\/P1188686-Amelie-Antonia-Patricia-Foto-TJ-Krebs.jpg?w=275&#038;h=184&#038;ssl=1\" srcset=\"https:\/\/i0.wp.com\/www.jazzzeitung.de\/cms\/wp-content\/uploads\/2021\/08\/P1188686-Amelie-Antonia-Patricia-Foto-TJ-Krebs.jpg?w=1200&amp;ssl=1 1200w, https:\/\/i0.wp.com\/www.jazzzeitung.de\/cms\/wp-content\/uploads\/2021\/08\/P1188686-Amelie-Antonia-Patricia-Foto-TJ-Krebs.jpg?resize=300%2C200&amp;ssl=1 300w, https:\/\/i0.wp.com\/www.jazzzeitung.de\/cms\/wp-content\/uploads\/2021\/08\/P1188686-Amelie-Antonia-Patricia-Foto-TJ-Krebs.jpg?resize=900%2C600&amp;ssl=1 900w, https:\/\/i0.wp.com\/www.jazzzeitung.de\/cms\/wp-content\/uploads\/2021\/08\/P1188686-Amelie-Antonia-Patricia-Foto-TJ-Krebs.jpg?resize=768%2C512&amp;ssl=1 768w, https:\/\/i0.wp.com\/www.jazzzeitung.de\/cms\/wp-content\/uploads\/2021\/08\/P1188686-Amelie-Antonia-Patricia-Foto-TJ-Krebs.jpg?resize=120%2C80&amp;ssl=1 120w\" width=\"275\" height=\"184\" loading=\"lazy\" data-original-width=\"275\" data-original-height=\"184\" itemprop=\"http:\/\/schema.org\/image\" title=\"P1188686 Am\u00e9lie-Antonia-Patricia - Foto TJ Krebs\" alt=\"Am\u00e9lie-Antonia-Patricia (SiEA)\" style=\"width: 275px; height: 184px;\" \/> <\/a> <div class=\"tiled-gallery-caption\" itemprop=\"caption description\"> Am\u00e9lie-Antonia-Patricia (SiEA) <\/div> <\/div> <div class=\"tiled-gallery-item tiled-gallery-item-large\" itemprop=\"associatedMedia\" itemscope itemtype=\"http:\/\/schema.org\/ImageObject\"> <a href=\"https:\/\/www.jazzzeitung.de\/cms\/2021\/08\/das-muenchner-festival-jazz-im-sommer-genre-und-grenzueberschreitend\/p1188743-siea-foto-tj-krebs\/\" border=\"0\" itemprop=\"url\"> <meta itemprop=\"width\" content=\"275\"> <meta itemprop=\"height\" content=\"183\"> <img decoding=\"async\" class=\"\" data-attachment-id=\"25595\" data-orig-file=\"https:\/\/www.jazzzeitung.de\/cms\/wp-content\/uploads\/2021\/08\/P1188743-SiEA-Foto-TJ-Krebs.jpg\" data-orig-size=\"1200,800\" data-comments-opened=\"1\" data-image-meta=\"{&quot;aperture&quot;:&quot;0&quot;,&quot;credit&quot;:&quot;&quot;,&quot;camera&quot;:&quot;&quot;,&quot;caption&quot;:&quot;&quot;,&quot;created_timestamp&quot;:&quot;0&quot;,&quot;copyright&quot;:&quot;&quot;,&quot;focal_length&quot;:&quot;0&quot;,&quot;iso&quot;:&quot;0&quot;,&quot;shutter_speed&quot;:&quot;0&quot;,&quot;title&quot;:&quot;&quot;,&quot;orientation&quot;:&quot;0&quot;}\" data-image-title=\"P1188743 SiEA &amp;#8211; Foto TJ Krebs\" data-image-description=\"\" data-medium-file=\"https:\/\/i0.wp.com\/www.jazzzeitung.de\/cms\/wp-content\/uploads\/2021\/08\/P1188743-SiEA-Foto-TJ-Krebs.jpg?fit=300%2C200&#038;ssl=1\" data-large-file=\"https:\/\/i0.wp.com\/www.jazzzeitung.de\/cms\/wp-content\/uploads\/2021\/08\/P1188743-SiEA-Foto-TJ-Krebs.jpg?fit=840%2C560&#038;ssl=1\" src=\"https:\/\/i0.wp.com\/www.jazzzeitung.de\/cms\/wp-content\/uploads\/2021\/08\/P1188743-SiEA-Foto-TJ-Krebs.jpg?w=275&#038;h=183&#038;ssl=1\" srcset=\"https:\/\/i0.wp.com\/www.jazzzeitung.de\/cms\/wp-content\/uploads\/2021\/08\/P1188743-SiEA-Foto-TJ-Krebs.jpg?w=1200&amp;ssl=1 1200w, https:\/\/i0.wp.com\/www.jazzzeitung.de\/cms\/wp-content\/uploads\/2021\/08\/P1188743-SiEA-Foto-TJ-Krebs.jpg?resize=300%2C200&amp;ssl=1 300w, https:\/\/i0.wp.com\/www.jazzzeitung.de\/cms\/wp-content\/uploads\/2021\/08\/P1188743-SiEA-Foto-TJ-Krebs.jpg?resize=900%2C600&amp;ssl=1 900w, https:\/\/i0.wp.com\/www.jazzzeitung.de\/cms\/wp-content\/uploads\/2021\/08\/P1188743-SiEA-Foto-TJ-Krebs.jpg?resize=768%2C512&amp;ssl=1 768w, https:\/\/i0.wp.com\/www.jazzzeitung.de\/cms\/wp-content\/uploads\/2021\/08\/P1188743-SiEA-Foto-TJ-Krebs.jpg?resize=120%2C80&amp;ssl=1 120w\" width=\"275\" height=\"183\" loading=\"lazy\" data-original-width=\"275\" data-original-height=\"183\" itemprop=\"http:\/\/schema.org\/image\" title=\"P1188743 SiEA - Foto TJ Krebs\" alt=\"SiEA\" style=\"width: 275px; height: 183px;\" \/> <\/a> <div class=\"tiled-gallery-caption\" itemprop=\"caption description\"> SiEA <\/div> <\/div> <\/div> <!-- close group --> <\/div> <!-- close row --> <\/div>\n<h3>Voll bis zum letzten Platz<\/h3>\n<p>In der Woche darauf traten auf dem \u201eKunst im Quadrat\u201c Areal <strong>TMT xplosif<\/strong> auf, eine unkonventionelle Formation mit Monika Roscher, Tom Jahn und Tilman Herpichb\u00f6hm. Nach schwei\u00dftreibenden Rhythmen, quirligen Gitarren- und schillernden Organsounds bei absolutem \u201esummer in the city\u201c, spielte zum Sonnenuntergang das <strong>Tim Collins Quartett<\/strong> gemeinsam mit dem gro\u00dfartigen Peter O\u2019Mara an der Gitarre auf und sorgte f\u00fcr entspannten, harmonischen Vibraphonjazz. Danach folgte Bluesgitarrist <strong>Nick Woodland,<\/strong> l\u00e4ssig und cool wie immer, mit seinem unvergleichbaren Rhythm \u2018n\u2018 Blues. Der Besucherandrang war unglaublich, alle Pl\u00e4tze auf dem \u201eKunst im Quadrat\u201c Gel\u00e4nde komplett belegt. So wichen die Fans, mit entsprechenden Abst\u00e4nden untereinander, auf den gegen\u00fcberliegenden \u201egr\u00fcnen H\u00fcgel\u201c aus. Vom Veranstalter wurde spontan eine provisorische Bar eingerichtet und so endete ein weiterer grandioser musikalischer Abend.<\/p>\n<div class=\"tiled-gallery type-rectangular tiled-gallery-unresized\" data-original-width=\"840\" data-carousel-extra='{&quot;blog_id&quot;:1,&quot;permalink&quot;:&quot;https:\\\/\\\/www.jazzzeitung.de\\\/cms\\\/2021\\\/08\\\/das-muenchner-festival-jazz-im-sommer-genre-und-grenzueberschreitend\\\/&quot;,&quot;likes_blog_id&quot;:55446655}' itemscope itemtype=\"http:\/\/schema.org\/ImageGallery\" > <div class=\"gallery-row\" style=\"width: 840px; height: 593px;\" data-original-width=\"840\" data-original-height=\"593\" > <div class=\"gallery-group images-2\" style=\"width: 443px; height: 593px;\" data-original-width=\"443\" data-original-height=\"593\" > <div class=\"tiled-gallery-item tiled-gallery-item-large\" itemprop=\"associatedMedia\" itemscope itemtype=\"http:\/\/schema.org\/ImageObject\"> <a href=\"https:\/\/www.jazzzeitung.de\/cms\/2021\/08\/das-muenchner-festival-jazz-im-sommer-genre-und-grenzueberschreitend\/p1199967-herpichboehm-foto-tj-krebs\/\" border=\"0\" itemprop=\"url\"> <meta itemprop=\"width\" content=\"439\"> <meta itemprop=\"height\" content=\"293\"> <img decoding=\"async\" class=\"\" data-attachment-id=\"25589\" data-orig-file=\"https:\/\/www.jazzzeitung.de\/cms\/wp-content\/uploads\/2021\/08\/P1199967-Herpichboehm-Foto-TJ-Krebs.jpg\" data-orig-size=\"1200,800\" data-comments-opened=\"1\" data-image-meta=\"{&quot;aperture&quot;:&quot;0&quot;,&quot;credit&quot;:&quot;&quot;,&quot;camera&quot;:&quot;&quot;,&quot;caption&quot;:&quot;&quot;,&quot;created_timestamp&quot;:&quot;0&quot;,&quot;copyright&quot;:&quot;&quot;,&quot;focal_length&quot;:&quot;0&quot;,&quot;iso&quot;:&quot;0&quot;,&quot;shutter_speed&quot;:&quot;0&quot;,&quot;title&quot;:&quot;&quot;,&quot;orientation&quot;:&quot;0&quot;}\" data-image-title=\"P1199967 Herpichb\u00f6hm &amp;#8211; Foto TJ Krebs\" data-image-description=\"\" data-medium-file=\"https:\/\/i0.wp.com\/www.jazzzeitung.de\/cms\/wp-content\/uploads\/2021\/08\/P1199967-Herpichboehm-Foto-TJ-Krebs.jpg?fit=300%2C200&#038;ssl=1\" data-large-file=\"https:\/\/i0.wp.com\/www.jazzzeitung.de\/cms\/wp-content\/uploads\/2021\/08\/P1199967-Herpichboehm-Foto-TJ-Krebs.jpg?fit=840%2C560&#038;ssl=1\" src=\"https:\/\/i0.wp.com\/www.jazzzeitung.de\/cms\/wp-content\/uploads\/2021\/08\/P1199967-Herpichboehm-Foto-TJ-Krebs.jpg?w=439&#038;h=293&#038;ssl=1\" srcset=\"https:\/\/i0.wp.com\/www.jazzzeitung.de\/cms\/wp-content\/uploads\/2021\/08\/P1199967-Herpichboehm-Foto-TJ-Krebs.jpg?w=1200&amp;ssl=1 1200w, https:\/\/i0.wp.com\/www.jazzzeitung.de\/cms\/wp-content\/uploads\/2021\/08\/P1199967-Herpichboehm-Foto-TJ-Krebs.jpg?resize=300%2C200&amp;ssl=1 300w, https:\/\/i0.wp.com\/www.jazzzeitung.de\/cms\/wp-content\/uploads\/2021\/08\/P1199967-Herpichboehm-Foto-TJ-Krebs.jpg?resize=900%2C600&amp;ssl=1 900w, https:\/\/i0.wp.com\/www.jazzzeitung.de\/cms\/wp-content\/uploads\/2021\/08\/P1199967-Herpichboehm-Foto-TJ-Krebs.jpg?resize=768%2C512&amp;ssl=1 768w, https:\/\/i0.wp.com\/www.jazzzeitung.de\/cms\/wp-content\/uploads\/2021\/08\/P1199967-Herpichboehm-Foto-TJ-Krebs.jpg?resize=120%2C80&amp;ssl=1 120w\" width=\"439\" height=\"293\" loading=\"lazy\" data-original-width=\"439\" data-original-height=\"293\" itemprop=\"http:\/\/schema.org\/image\" title=\"P1199967 Herpichb\u00f6hm - Foto TJ Krebs\" alt=\"Tilman Herpichb\u00f6hm (TMT explosif)\" style=\"width: 439px; height: 293px;\" \/> <\/a> <div class=\"tiled-gallery-caption\" itemprop=\"caption description\"> Tilman Herpichb\u00f6hm (TMT explosif) <\/div> <\/div> <div class=\"tiled-gallery-item tiled-gallery-item-large\" itemprop=\"associatedMedia\" itemscope itemtype=\"http:\/\/schema.org\/ImageObject\"> <a href=\"https:\/\/www.jazzzeitung.de\/cms\/2021\/08\/das-muenchner-festival-jazz-im-sommer-genre-und-grenzueberschreitend\/p1200055-tim-collins-quartett-foto-tj-krebs\/\" border=\"0\" itemprop=\"url\"> <meta itemprop=\"width\" content=\"439\"> <meta itemprop=\"height\" content=\"292\"> <img decoding=\"async\" class=\"\" data-attachment-id=\"25590\" data-orig-file=\"https:\/\/www.jazzzeitung.de\/cms\/wp-content\/uploads\/2021\/08\/P1200055-Tim-Collins-Quartett-Foto-TJ-Krebs.jpg\" data-orig-size=\"1200,800\" data-comments-opened=\"1\" data-image-meta=\"{&quot;aperture&quot;:&quot;0&quot;,&quot;credit&quot;:&quot;&quot;,&quot;camera&quot;:&quot;&quot;,&quot;caption&quot;:&quot;&quot;,&quot;created_timestamp&quot;:&quot;0&quot;,&quot;copyright&quot;:&quot;&quot;,&quot;focal_length&quot;:&quot;0&quot;,&quot;iso&quot;:&quot;0&quot;,&quot;shutter_speed&quot;:&quot;0&quot;,&quot;title&quot;:&quot;&quot;,&quot;orientation&quot;:&quot;0&quot;}\" data-image-title=\"P1200055 Tim Collins Quartett &amp;#8211; Foto TJ Krebs\" data-image-description=\"\" data-medium-file=\"https:\/\/i0.wp.com\/www.jazzzeitung.de\/cms\/wp-content\/uploads\/2021\/08\/P1200055-Tim-Collins-Quartett-Foto-TJ-Krebs.jpg?fit=300%2C200&#038;ssl=1\" data-large-file=\"https:\/\/i0.wp.com\/www.jazzzeitung.de\/cms\/wp-content\/uploads\/2021\/08\/P1200055-Tim-Collins-Quartett-Foto-TJ-Krebs.jpg?fit=840%2C560&#038;ssl=1\" src=\"https:\/\/i0.wp.com\/www.jazzzeitung.de\/cms\/wp-content\/uploads\/2021\/08\/P1200055-Tim-Collins-Quartett-Foto-TJ-Krebs.jpg?w=439&#038;h=292&#038;ssl=1\" srcset=\"https:\/\/i0.wp.com\/www.jazzzeitung.de\/cms\/wp-content\/uploads\/2021\/08\/P1200055-Tim-Collins-Quartett-Foto-TJ-Krebs.jpg?w=1200&amp;ssl=1 1200w, https:\/\/i0.wp.com\/www.jazzzeitung.de\/cms\/wp-content\/uploads\/2021\/08\/P1200055-Tim-Collins-Quartett-Foto-TJ-Krebs.jpg?resize=300%2C200&amp;ssl=1 300w, https:\/\/i0.wp.com\/www.jazzzeitung.de\/cms\/wp-content\/uploads\/2021\/08\/P1200055-Tim-Collins-Quartett-Foto-TJ-Krebs.jpg?resize=900%2C600&amp;ssl=1 900w, https:\/\/i0.wp.com\/www.jazzzeitung.de\/cms\/wp-content\/uploads\/2021\/08\/P1200055-Tim-Collins-Quartett-Foto-TJ-Krebs.jpg?resize=768%2C512&amp;ssl=1 768w, https:\/\/i0.wp.com\/www.jazzzeitung.de\/cms\/wp-content\/uploads\/2021\/08\/P1200055-Tim-Collins-Quartett-Foto-TJ-Krebs.jpg?resize=120%2C80&amp;ssl=1 120w\" width=\"439\" height=\"292\" loading=\"lazy\" data-original-width=\"439\" data-original-height=\"292\" itemprop=\"http:\/\/schema.org\/image\" title=\"P1200055 Tim Collins Quartett - Foto TJ Krebs\" alt=\"Tim Collins Quartett\" style=\"width: 439px; height: 292px;\" \/> <\/a> <div class=\"tiled-gallery-caption\" itemprop=\"caption description\"> Tim Collins Quartett <\/div> <\/div> <\/div> <!-- close group --> <div class=\"gallery-group images-1\" style=\"width: 397px; height: 593px;\" data-original-width=\"397\" data-original-height=\"593\" > <div class=\"tiled-gallery-item tiled-gallery-item-large\" itemprop=\"associatedMedia\" itemscope itemtype=\"http:\/\/schema.org\/ImageObject\"> <a href=\"https:\/\/www.jazzzeitung.de\/cms\/2021\/08\/das-muenchner-festival-jazz-im-sommer-genre-und-grenzueberschreitend\/p1200062-collins-sieverts-foto-tj-krebs\/\" border=\"0\" itemprop=\"url\"> <meta itemprop=\"width\" content=\"393\"> <meta itemprop=\"height\" content=\"589\"> <img decoding=\"async\" class=\"\" data-attachment-id=\"25591\" data-orig-file=\"https:\/\/www.jazzzeitung.de\/cms\/wp-content\/uploads\/2021\/08\/P1200062-Collins-Sieverts-Foto-TJ-Krebs.jpg\" data-orig-size=\"800,1200\" data-comments-opened=\"1\" data-image-meta=\"{&quot;aperture&quot;:&quot;0&quot;,&quot;credit&quot;:&quot;&quot;,&quot;camera&quot;:&quot;&quot;,&quot;caption&quot;:&quot;&quot;,&quot;created_timestamp&quot;:&quot;0&quot;,&quot;copyright&quot;:&quot;&quot;,&quot;focal_length&quot;:&quot;0&quot;,&quot;iso&quot;:&quot;0&quot;,&quot;shutter_speed&quot;:&quot;0&quot;,&quot;title&quot;:&quot;&quot;,&quot;orientation&quot;:&quot;0&quot;}\" data-image-title=\"P1200062 Collins-Sieverts &amp;#8211; Foto TJ Krebs\" data-image-description=\"\" data-medium-file=\"https:\/\/i0.wp.com\/www.jazzzeitung.de\/cms\/wp-content\/uploads\/2021\/08\/P1200062-Collins-Sieverts-Foto-TJ-Krebs.jpg?fit=200%2C300&#038;ssl=1\" data-large-file=\"https:\/\/i0.wp.com\/www.jazzzeitung.de\/cms\/wp-content\/uploads\/2021\/08\/P1200062-Collins-Sieverts-Foto-TJ-Krebs.jpg?fit=400%2C600&#038;ssl=1\" src=\"https:\/\/i0.wp.com\/www.jazzzeitung.de\/cms\/wp-content\/uploads\/2021\/08\/P1200062-Collins-Sieverts-Foto-TJ-Krebs.jpg?w=393&#038;h=589&#038;ssl=1\" srcset=\"https:\/\/i0.wp.com\/www.jazzzeitung.de\/cms\/wp-content\/uploads\/2021\/08\/P1200062-Collins-Sieverts-Foto-TJ-Krebs.jpg?w=800&amp;ssl=1 800w, https:\/\/i0.wp.com\/www.jazzzeitung.de\/cms\/wp-content\/uploads\/2021\/08\/P1200062-Collins-Sieverts-Foto-TJ-Krebs.jpg?resize=200%2C300&amp;ssl=1 200w, https:\/\/i0.wp.com\/www.jazzzeitung.de\/cms\/wp-content\/uploads\/2021\/08\/P1200062-Collins-Sieverts-Foto-TJ-Krebs.jpg?resize=400%2C600&amp;ssl=1 400w, https:\/\/i0.wp.com\/www.jazzzeitung.de\/cms\/wp-content\/uploads\/2021\/08\/P1200062-Collins-Sieverts-Foto-TJ-Krebs.jpg?resize=768%2C1152&amp;ssl=1 768w\" width=\"393\" height=\"589\" loading=\"lazy\" data-original-width=\"393\" data-original-height=\"589\" itemprop=\"http:\/\/schema.org\/image\" title=\"P1200062 Collins-Sieverts - Foto TJ Krebs\" alt=\"Tim Collins (li) und Henning Sieverts (re) - Tim Collins Quartett\" style=\"width: 393px; height: 589px;\" \/> <\/a> <div class=\"tiled-gallery-caption\" itemprop=\"caption description\"> Tim Collins (li) und Henning Sieverts (re) &#8211; Tim Collins Quartett <\/div> <\/div> <\/div> <!-- close group --> <\/div> <!-- close row --> <div class=\"gallery-row\" style=\"width: 840px; height: 418px;\" data-original-width=\"840\" data-original-height=\"418\" > <div class=\"gallery-group images-1\" style=\"width: 280px; height: 418px;\" data-original-width=\"280\" data-original-height=\"418\" > <div class=\"tiled-gallery-item tiled-gallery-item-large\" itemprop=\"associatedMedia\" itemscope itemtype=\"http:\/\/schema.org\/ImageObject\"> <a href=\"https:\/\/www.jazzzeitung.de\/cms\/2021\/08\/das-muenchner-festival-jazz-im-sommer-genre-und-grenzueberschreitend\/p1200100-woodland-foto-tj-krebs\/\" border=\"0\" itemprop=\"url\"> <meta itemprop=\"width\" content=\"276\"> <meta itemprop=\"height\" content=\"414\"> <img decoding=\"async\" class=\"\" data-attachment-id=\"25592\" data-orig-file=\"https:\/\/www.jazzzeitung.de\/cms\/wp-content\/uploads\/2021\/08\/P1200100-Woodland-Foto-TJ-Krebs.jpg\" data-orig-size=\"800,1200\" data-comments-opened=\"1\" data-image-meta=\"{&quot;aperture&quot;:&quot;0&quot;,&quot;credit&quot;:&quot;&quot;,&quot;camera&quot;:&quot;&quot;,&quot;caption&quot;:&quot;&quot;,&quot;created_timestamp&quot;:&quot;0&quot;,&quot;copyright&quot;:&quot;&quot;,&quot;focal_length&quot;:&quot;0&quot;,&quot;iso&quot;:&quot;0&quot;,&quot;shutter_speed&quot;:&quot;0&quot;,&quot;title&quot;:&quot;&quot;,&quot;orientation&quot;:&quot;0&quot;}\" data-image-title=\"P1200100 Woodland &amp;#8211; Foto TJ Krebs\" data-image-description=\"\" data-medium-file=\"https:\/\/i0.wp.com\/www.jazzzeitung.de\/cms\/wp-content\/uploads\/2021\/08\/P1200100-Woodland-Foto-TJ-Krebs.jpg?fit=200%2C300&#038;ssl=1\" data-large-file=\"https:\/\/i0.wp.com\/www.jazzzeitung.de\/cms\/wp-content\/uploads\/2021\/08\/P1200100-Woodland-Foto-TJ-Krebs.jpg?fit=400%2C600&#038;ssl=1\" src=\"https:\/\/i0.wp.com\/www.jazzzeitung.de\/cms\/wp-content\/uploads\/2021\/08\/P1200100-Woodland-Foto-TJ-Krebs.jpg?w=276&#038;h=414&#038;ssl=1\" srcset=\"https:\/\/i0.wp.com\/www.jazzzeitung.de\/cms\/wp-content\/uploads\/2021\/08\/P1200100-Woodland-Foto-TJ-Krebs.jpg?w=800&amp;ssl=1 800w, https:\/\/i0.wp.com\/www.jazzzeitung.de\/cms\/wp-content\/uploads\/2021\/08\/P1200100-Woodland-Foto-TJ-Krebs.jpg?resize=200%2C300&amp;ssl=1 200w, https:\/\/i0.wp.com\/www.jazzzeitung.de\/cms\/wp-content\/uploads\/2021\/08\/P1200100-Woodland-Foto-TJ-Krebs.jpg?resize=400%2C600&amp;ssl=1 400w, https:\/\/i0.wp.com\/www.jazzzeitung.de\/cms\/wp-content\/uploads\/2021\/08\/P1200100-Woodland-Foto-TJ-Krebs.jpg?resize=768%2C1152&amp;ssl=1 768w\" width=\"276\" height=\"414\" loading=\"lazy\" data-original-width=\"276\" data-original-height=\"414\" itemprop=\"http:\/\/schema.org\/image\" title=\"P1200100 Woodland - Foto TJ Krebs\" alt=\"Nick Woodland\" style=\"width: 276px; height: 414px;\" \/> <\/a> <div class=\"tiled-gallery-caption\" itemprop=\"caption description\"> Nick Woodland <\/div> <\/div> <\/div> <!-- close group --> <div class=\"gallery-group images-1\" style=\"width: 280px; height: 418px;\" data-original-width=\"280\" data-original-height=\"418\" > <div class=\"tiled-gallery-item tiled-gallery-item-large\" itemprop=\"associatedMedia\" itemscope itemtype=\"http:\/\/schema.org\/ImageObject\"> <a href=\"https:\/\/www.jazzzeitung.de\/cms\/2021\/08\/das-muenchner-festival-jazz-im-sommer-genre-und-grenzueberschreitend\/p1200085-boehnke-geisse-foto-tj-krebs\/\" border=\"0\" itemprop=\"url\"> <meta itemprop=\"width\" content=\"276\"> <meta itemprop=\"height\" content=\"414\"> <img decoding=\"async\" class=\"\" data-attachment-id=\"25588\" data-orig-file=\"https:\/\/www.jazzzeitung.de\/cms\/wp-content\/uploads\/2021\/08\/P1200085-Boehnke-Geisse-Foto-TJ-Krebs.jpg\" data-orig-size=\"800,1200\" data-comments-opened=\"1\" data-image-meta=\"{&quot;aperture&quot;:&quot;0&quot;,&quot;credit&quot;:&quot;&quot;,&quot;camera&quot;:&quot;&quot;,&quot;caption&quot;:&quot;&quot;,&quot;created_timestamp&quot;:&quot;0&quot;,&quot;copyright&quot;:&quot;&quot;,&quot;focal_length&quot;:&quot;0&quot;,&quot;iso&quot;:&quot;0&quot;,&quot;shutter_speed&quot;:&quot;0&quot;,&quot;title&quot;:&quot;&quot;,&quot;orientation&quot;:&quot;0&quot;}\" data-image-title=\"P1200085 B\u00f6hnke-Geisse &amp;#8211; Foto TJ Krebs\" data-image-description=\"\" data-medium-file=\"https:\/\/i0.wp.com\/www.jazzzeitung.de\/cms\/wp-content\/uploads\/2021\/08\/P1200085-Boehnke-Geisse-Foto-TJ-Krebs.jpg?fit=200%2C300&#038;ssl=1\" data-large-file=\"https:\/\/i0.wp.com\/www.jazzzeitung.de\/cms\/wp-content\/uploads\/2021\/08\/P1200085-Boehnke-Geisse-Foto-TJ-Krebs.jpg?fit=400%2C600&#038;ssl=1\" src=\"https:\/\/i0.wp.com\/www.jazzzeitung.de\/cms\/wp-content\/uploads\/2021\/08\/P1200085-Boehnke-Geisse-Foto-TJ-Krebs.jpg?w=276&#038;h=414&#038;ssl=1\" srcset=\"https:\/\/i0.wp.com\/www.jazzzeitung.de\/cms\/wp-content\/uploads\/2021\/08\/P1200085-Boehnke-Geisse-Foto-TJ-Krebs.jpg?w=800&amp;ssl=1 800w, https:\/\/i0.wp.com\/www.jazzzeitung.de\/cms\/wp-content\/uploads\/2021\/08\/P1200085-Boehnke-Geisse-Foto-TJ-Krebs.jpg?resize=200%2C300&amp;ssl=1 200w, https:\/\/i0.wp.com\/www.jazzzeitung.de\/cms\/wp-content\/uploads\/2021\/08\/P1200085-Boehnke-Geisse-Foto-TJ-Krebs.jpg?resize=400%2C600&amp;ssl=1 400w, https:\/\/i0.wp.com\/www.jazzzeitung.de\/cms\/wp-content\/uploads\/2021\/08\/P1200085-Boehnke-Geisse-Foto-TJ-Krebs.jpg?resize=768%2C1152&amp;ssl=1 768w\" width=\"276\" height=\"414\" loading=\"lazy\" data-original-width=\"276\" data-original-height=\"414\" itemprop=\"http:\/\/schema.org\/image\" title=\"P1200085 B\u00f6hnke-Geisse - Foto TJ Krebs\" alt=\"Christiane B\u00f6nke-Geisse\" style=\"width: 276px; height: 414px;\" \/> <\/a> <div class=\"tiled-gallery-caption\" itemprop=\"caption description\"> Christiane B\u00f6nke-Geisse <\/div> <\/div> <\/div> <!-- close group --> <div class=\"gallery-group images-1\" style=\"width: 280px; height: 418px;\" data-original-width=\"280\" data-original-height=\"418\" > <div class=\"tiled-gallery-item tiled-gallery-item-large\" itemprop=\"associatedMedia\" itemscope itemtype=\"http:\/\/schema.org\/ImageObject\"> <a href=\"https:\/\/www.jazzzeitung.de\/cms\/2021\/08\/das-muenchner-festival-jazz-im-sommer-genre-und-grenzueberschreitend\/p1200008-roscher-foto-tj-krebs\/\" border=\"0\" itemprop=\"url\"> <meta itemprop=\"width\" content=\"276\"> <meta itemprop=\"height\" content=\"414\"> <img decoding=\"async\" class=\"\" data-attachment-id=\"25587\" data-orig-file=\"https:\/\/www.jazzzeitung.de\/cms\/wp-content\/uploads\/2021\/08\/P1200008-Roscher-Foto-TJ-Krebs.jpg\" data-orig-size=\"800,1200\" data-comments-opened=\"1\" data-image-meta=\"{&quot;aperture&quot;:&quot;0&quot;,&quot;credit&quot;:&quot;&quot;,&quot;camera&quot;:&quot;&quot;,&quot;caption&quot;:&quot;&quot;,&quot;created_timestamp&quot;:&quot;0&quot;,&quot;copyright&quot;:&quot;&quot;,&quot;focal_length&quot;:&quot;0&quot;,&quot;iso&quot;:&quot;0&quot;,&quot;shutter_speed&quot;:&quot;0&quot;,&quot;title&quot;:&quot;&quot;,&quot;orientation&quot;:&quot;0&quot;}\" data-image-title=\"P1200008 Roscher &amp;#8211; Foto TJ Krebs\" data-image-description=\"\" data-medium-file=\"https:\/\/i0.wp.com\/www.jazzzeitung.de\/cms\/wp-content\/uploads\/2021\/08\/P1200008-Roscher-Foto-TJ-Krebs.jpg?fit=200%2C300&#038;ssl=1\" data-large-file=\"https:\/\/i0.wp.com\/www.jazzzeitung.de\/cms\/wp-content\/uploads\/2021\/08\/P1200008-Roscher-Foto-TJ-Krebs.jpg?fit=400%2C600&#038;ssl=1\" src=\"https:\/\/i0.wp.com\/www.jazzzeitung.de\/cms\/wp-content\/uploads\/2021\/08\/P1200008-Roscher-Foto-TJ-Krebs.jpg?w=276&#038;h=414&#038;ssl=1\" srcset=\"https:\/\/i0.wp.com\/www.jazzzeitung.de\/cms\/wp-content\/uploads\/2021\/08\/P1200008-Roscher-Foto-TJ-Krebs.jpg?w=800&amp;ssl=1 800w, https:\/\/i0.wp.com\/www.jazzzeitung.de\/cms\/wp-content\/uploads\/2021\/08\/P1200008-Roscher-Foto-TJ-Krebs.jpg?resize=200%2C300&amp;ssl=1 200w, https:\/\/i0.wp.com\/www.jazzzeitung.de\/cms\/wp-content\/uploads\/2021\/08\/P1200008-Roscher-Foto-TJ-Krebs.jpg?resize=400%2C600&amp;ssl=1 400w, https:\/\/i0.wp.com\/www.jazzzeitung.de\/cms\/wp-content\/uploads\/2021\/08\/P1200008-Roscher-Foto-TJ-Krebs.jpg?resize=768%2C1152&amp;ssl=1 768w\" width=\"276\" height=\"414\" loading=\"lazy\" data-original-width=\"276\" data-original-height=\"414\" itemprop=\"http:\/\/schema.org\/image\" title=\"P1200008 Roscher - Foto TJ Krebs\" alt=\"Monika Roscher (TMT xplosif)\" style=\"width: 276px; height: 414px;\" \/> <\/a> <div class=\"tiled-gallery-caption\" itemprop=\"caption description\"> Monika Roscher (TMT xplosif) <\/div> <\/div> <\/div> <!-- close group --> <\/div> <!-- close row --> <\/div>\n<h3>Parforceritt durch die Stile des Jazz<\/h3>\n<p>Der H\u00f6hepunkt der Veranstaltungsreihe war zweifelsohne am dritten Wochenende das Doppelkonzert auf der B\u00fchne im Olympiastadion mit <strong>Aki Takase Japanic<\/strong> und dem <strong>Tingvall Trio<\/strong>. Bei sommerlichen Temperaturen musizierte Aki Takase im bemerkenswerten Quintett mit Daniel Erdmann, Johannes Fink, Magnus Narvesen und DJ Illvibe. \u201eTakasetypisch\u201c passt ihre Musik in keine Schublade und so gab es einen Parforceritt durch die Stile des Jazz, gew\u00fcrzt mit experimentellen Sounds und wunderbaren Improvisationen. Zum Sonnenuntergang, am sp\u00e4ten Abend dann mit beleuchtetem Riesenrad im Hintergrund, wartete das Tingvall Trio mit ihrem aktuellen Programm \u201eDance\u201c auf und bot einen Mix aus skandinavischem Jazzfolk und den f\u00fcr das Tingvall Trio typischen Rock- und Popelementen. Am Tag darauf konnte man dann im Wirtshaus am Bavariapark mit der <strong>Veterinary Street Jazz Band<\/strong> beim gepflegten Jazzfr\u00fchschoppen entspannen und wieder ein fantastisches Jazzwochenende ausklingen lassen.<\/p>\n<div class=\"tiled-gallery type-rectangular tiled-gallery-unresized\" data-original-width=\"840\" data-carousel-extra='{&quot;blog_id&quot;:1,&quot;permalink&quot;:&quot;https:\\\/\\\/www.jazzzeitung.de\\\/cms\\\/2021\\\/08\\\/das-muenchner-festival-jazz-im-sommer-genre-und-grenzueberschreitend\\\/&quot;,&quot;likes_blog_id&quot;:55446655}' itemscope itemtype=\"http:\/\/schema.org\/ImageGallery\" > <div class=\"gallery-row\" style=\"width: 840px; height: 239px;\" data-original-width=\"840\" data-original-height=\"239\" > <div class=\"gallery-group images-1\" style=\"width: 161px; height: 239px;\" data-original-width=\"161\" data-original-height=\"239\" > <div class=\"tiled-gallery-item tiled-gallery-item-small\" itemprop=\"associatedMedia\" itemscope itemtype=\"http:\/\/schema.org\/ImageObject\"> <a href=\"https:\/\/www.jazzzeitung.de\/cms\/2021\/08\/das-muenchner-festival-jazz-im-sommer-genre-und-grenzueberschreitend\/p1211508-takase-erdmann-foto-tj-krebs\/\" border=\"0\" itemprop=\"url\"> <meta itemprop=\"width\" content=\"157\"> <meta itemprop=\"height\" content=\"235\"> <img decoding=\"async\" class=\"\" data-attachment-id=\"25597\" data-orig-file=\"https:\/\/www.jazzzeitung.de\/cms\/wp-content\/uploads\/2021\/08\/P1211508-Takase-Erdmann-Foto-TJ-Krebs.jpg\" data-orig-size=\"800,1200\" data-comments-opened=\"1\" data-image-meta=\"{&quot;aperture&quot;:&quot;0&quot;,&quot;credit&quot;:&quot;&quot;,&quot;camera&quot;:&quot;&quot;,&quot;caption&quot;:&quot;&quot;,&quot;created_timestamp&quot;:&quot;0&quot;,&quot;copyright&quot;:&quot;&quot;,&quot;focal_length&quot;:&quot;0&quot;,&quot;iso&quot;:&quot;0&quot;,&quot;shutter_speed&quot;:&quot;0&quot;,&quot;title&quot;:&quot;&quot;,&quot;orientation&quot;:&quot;0&quot;}\" data-image-title=\"P1211508 Takase-Erdmann &amp;#8211; Foto TJ Krebs\" data-image-description=\"&lt;p&gt;Takease&lt;\/p&gt; \" data-medium-file=\"https:\/\/i0.wp.com\/www.jazzzeitung.de\/cms\/wp-content\/uploads\/2021\/08\/P1211508-Takase-Erdmann-Foto-TJ-Krebs.jpg?fit=200%2C300&#038;ssl=1\" data-large-file=\"https:\/\/i0.wp.com\/www.jazzzeitung.de\/cms\/wp-content\/uploads\/2021\/08\/P1211508-Takase-Erdmann-Foto-TJ-Krebs.jpg?fit=400%2C600&#038;ssl=1\" src=\"https:\/\/i0.wp.com\/www.jazzzeitung.de\/cms\/wp-content\/uploads\/2021\/08\/P1211508-Takase-Erdmann-Foto-TJ-Krebs.jpg?w=157&#038;h=235&#038;ssl=1\" srcset=\"https:\/\/i0.wp.com\/www.jazzzeitung.de\/cms\/wp-content\/uploads\/2021\/08\/P1211508-Takase-Erdmann-Foto-TJ-Krebs.jpg?w=800&amp;ssl=1 800w, https:\/\/i0.wp.com\/www.jazzzeitung.de\/cms\/wp-content\/uploads\/2021\/08\/P1211508-Takase-Erdmann-Foto-TJ-Krebs.jpg?resize=200%2C300&amp;ssl=1 200w, https:\/\/i0.wp.com\/www.jazzzeitung.de\/cms\/wp-content\/uploads\/2021\/08\/P1211508-Takase-Erdmann-Foto-TJ-Krebs.jpg?resize=400%2C600&amp;ssl=1 400w, https:\/\/i0.wp.com\/www.jazzzeitung.de\/cms\/wp-content\/uploads\/2021\/08\/P1211508-Takase-Erdmann-Foto-TJ-Krebs.jpg?resize=768%2C1152&amp;ssl=1 768w\" width=\"157\" height=\"235\" loading=\"lazy\" data-original-width=\"157\" data-original-height=\"235\" itemprop=\"http:\/\/schema.org\/image\" title=\"P1211508 Takase-Erdmann - Foto TJ Krebs\" alt=\"Erdmann (Takase)\" style=\"width: 157px; height: 235px;\" \/> <\/a> <div class=\"tiled-gallery-caption\" itemprop=\"caption description\"> Erdmann (Takase) <\/div> <\/div> <\/div> <!-- close group --> <div class=\"gallery-group images-1\" style=\"width: 357px; height: 239px;\" data-original-width=\"357\" data-original-height=\"239\" > <div class=\"tiled-gallery-item tiled-gallery-item-large\" itemprop=\"associatedMedia\" itemscope itemtype=\"http:\/\/schema.org\/ImageObject\"> <a href=\"https:\/\/www.jazzzeitung.de\/cms\/2021\/08\/das-muenchner-festival-jazz-im-sommer-genre-und-grenzueberschreitend\/p1211668-takase-japanic-foto-tj-krebs\/\" border=\"0\" itemprop=\"url\"> <meta itemprop=\"width\" content=\"353\"> <meta itemprop=\"height\" content=\"235\"> <img decoding=\"async\" class=\"\" data-attachment-id=\"25598\" data-orig-file=\"https:\/\/www.jazzzeitung.de\/cms\/wp-content\/uploads\/2021\/08\/P1211668-Takase-Japanic-Foto-TJ-Krebs.jpg\" data-orig-size=\"1200,800\" data-comments-opened=\"1\" data-image-meta=\"{&quot;aperture&quot;:&quot;0&quot;,&quot;credit&quot;:&quot;&quot;,&quot;camera&quot;:&quot;&quot;,&quot;caption&quot;:&quot;&quot;,&quot;created_timestamp&quot;:&quot;0&quot;,&quot;copyright&quot;:&quot;&quot;,&quot;focal_length&quot;:&quot;0&quot;,&quot;iso&quot;:&quot;0&quot;,&quot;shutter_speed&quot;:&quot;0&quot;,&quot;title&quot;:&quot;&quot;,&quot;orientation&quot;:&quot;0&quot;}\" data-image-title=\"P1211668 Takase- Japanic &amp;#8211; Foto TJ Krebs\" data-image-description=\"\" data-medium-file=\"https:\/\/i0.wp.com\/www.jazzzeitung.de\/cms\/wp-content\/uploads\/2021\/08\/P1211668-Takase-Japanic-Foto-TJ-Krebs.jpg?fit=300%2C200&#038;ssl=1\" data-large-file=\"https:\/\/i0.wp.com\/www.jazzzeitung.de\/cms\/wp-content\/uploads\/2021\/08\/P1211668-Takase-Japanic-Foto-TJ-Krebs.jpg?fit=840%2C560&#038;ssl=1\" src=\"https:\/\/i0.wp.com\/www.jazzzeitung.de\/cms\/wp-content\/uploads\/2021\/08\/P1211668-Takase-Japanic-Foto-TJ-Krebs.jpg?w=353&#038;h=235&#038;ssl=1\" srcset=\"https:\/\/i0.wp.com\/www.jazzzeitung.de\/cms\/wp-content\/uploads\/2021\/08\/P1211668-Takase-Japanic-Foto-TJ-Krebs.jpg?w=1200&amp;ssl=1 1200w, https:\/\/i0.wp.com\/www.jazzzeitung.de\/cms\/wp-content\/uploads\/2021\/08\/P1211668-Takase-Japanic-Foto-TJ-Krebs.jpg?resize=300%2C200&amp;ssl=1 300w, https:\/\/i0.wp.com\/www.jazzzeitung.de\/cms\/wp-content\/uploads\/2021\/08\/P1211668-Takase-Japanic-Foto-TJ-Krebs.jpg?resize=900%2C600&amp;ssl=1 900w, https:\/\/i0.wp.com\/www.jazzzeitung.de\/cms\/wp-content\/uploads\/2021\/08\/P1211668-Takase-Japanic-Foto-TJ-Krebs.jpg?resize=768%2C512&amp;ssl=1 768w, https:\/\/i0.wp.com\/www.jazzzeitung.de\/cms\/wp-content\/uploads\/2021\/08\/P1211668-Takase-Japanic-Foto-TJ-Krebs.jpg?resize=120%2C80&amp;ssl=1 120w\" width=\"353\" height=\"235\" loading=\"lazy\" data-original-width=\"353\" data-original-height=\"235\" itemprop=\"http:\/\/schema.org\/image\" title=\"P1211668 Takase- Japanic - Foto TJ Krebs\" alt=\"Takase\" style=\"width: 353px; height: 235px;\" \/> <\/a> <div class=\"tiled-gallery-caption\" itemprop=\"caption description\"> Takase <\/div> <\/div> <\/div> <!-- close group --> <div class=\"gallery-group images-1\" style=\"width: 161px; height: 239px;\" data-original-width=\"161\" data-original-height=\"239\" > <div class=\"tiled-gallery-item tiled-gallery-item-small\" itemprop=\"associatedMedia\" itemscope itemtype=\"http:\/\/schema.org\/ImageObject\"> <a href=\"https:\/\/www.jazzzeitung.de\/cms\/2021\/08\/das-muenchner-festival-jazz-im-sommer-genre-und-grenzueberschreitend\/p1211811-tingvall-foto-tj-krebs\/\" border=\"0\" itemprop=\"url\"> <meta itemprop=\"width\" content=\"157\"> <meta itemprop=\"height\" content=\"235\"> <img decoding=\"async\" class=\"\" data-attachment-id=\"25600\" data-orig-file=\"https:\/\/www.jazzzeitung.de\/cms\/wp-content\/uploads\/2021\/08\/P1211811-Tingvall-Foto-TJ-Krebs.jpg\" data-orig-size=\"800,1200\" data-comments-opened=\"1\" data-image-meta=\"{&quot;aperture&quot;:&quot;0&quot;,&quot;credit&quot;:&quot;&quot;,&quot;camera&quot;:&quot;&quot;,&quot;caption&quot;:&quot;&quot;,&quot;created_timestamp&quot;:&quot;0&quot;,&quot;copyright&quot;:&quot;&quot;,&quot;focal_length&quot;:&quot;0&quot;,&quot;iso&quot;:&quot;0&quot;,&quot;shutter_speed&quot;:&quot;0&quot;,&quot;title&quot;:&quot;&quot;,&quot;orientation&quot;:&quot;0&quot;}\" data-image-title=\"P1211811 Tingvall &amp;#8211; Foto TJ Krebs\" data-image-description=\"\" data-medium-file=\"https:\/\/i0.wp.com\/www.jazzzeitung.de\/cms\/wp-content\/uploads\/2021\/08\/P1211811-Tingvall-Foto-TJ-Krebs.jpg?fit=200%2C300&#038;ssl=1\" data-large-file=\"https:\/\/i0.wp.com\/www.jazzzeitung.de\/cms\/wp-content\/uploads\/2021\/08\/P1211811-Tingvall-Foto-TJ-Krebs.jpg?fit=400%2C600&#038;ssl=1\" src=\"https:\/\/i0.wp.com\/www.jazzzeitung.de\/cms\/wp-content\/uploads\/2021\/08\/P1211811-Tingvall-Foto-TJ-Krebs.jpg?w=157&#038;h=235&#038;ssl=1\" srcset=\"https:\/\/i0.wp.com\/www.jazzzeitung.de\/cms\/wp-content\/uploads\/2021\/08\/P1211811-Tingvall-Foto-TJ-Krebs.jpg?w=800&amp;ssl=1 800w, https:\/\/i0.wp.com\/www.jazzzeitung.de\/cms\/wp-content\/uploads\/2021\/08\/P1211811-Tingvall-Foto-TJ-Krebs.jpg?resize=200%2C300&amp;ssl=1 200w, https:\/\/i0.wp.com\/www.jazzzeitung.de\/cms\/wp-content\/uploads\/2021\/08\/P1211811-Tingvall-Foto-TJ-Krebs.jpg?resize=400%2C600&amp;ssl=1 400w, https:\/\/i0.wp.com\/www.jazzzeitung.de\/cms\/wp-content\/uploads\/2021\/08\/P1211811-Tingvall-Foto-TJ-Krebs.jpg?resize=768%2C1152&amp;ssl=1 768w\" width=\"157\" height=\"235\" loading=\"lazy\" data-original-width=\"157\" data-original-height=\"235\" itemprop=\"http:\/\/schema.org\/image\" title=\"P1211811 Tingvall - Foto TJ Krebs\" alt=\"Martin Tingvall\" style=\"width: 157px; height: 235px;\" \/> <\/a> <div class=\"tiled-gallery-caption\" itemprop=\"caption description\"> Martin Tingvall <\/div> <\/div> <\/div> <!-- close group --> <div class=\"gallery-group images-1\" style=\"width: 161px; height: 239px;\" data-original-width=\"161\" data-original-height=\"239\" > <div class=\"tiled-gallery-item tiled-gallery-item-small\" itemprop=\"associatedMedia\" itemscope itemtype=\"http:\/\/schema.org\/ImageObject\"> <a href=\"https:\/\/www.jazzzeitung.de\/cms\/2021\/08\/das-muenchner-festival-jazz-im-sommer-genre-und-grenzueberschreitend\/p1211887-tingvall-trio-foto-tj-krebs\/\" border=\"0\" itemprop=\"url\"> <meta itemprop=\"width\" content=\"157\"> <meta itemprop=\"height\" content=\"235\"> <img decoding=\"async\" class=\"\" data-attachment-id=\"25601\" data-orig-file=\"https:\/\/www.jazzzeitung.de\/cms\/wp-content\/uploads\/2021\/08\/P1211887-Tingvall-Trio-Foto-TJ-Krebs.jpg\" data-orig-size=\"800,1200\" data-comments-opened=\"1\" data-image-meta=\"{&quot;aperture&quot;:&quot;0&quot;,&quot;credit&quot;:&quot;&quot;,&quot;camera&quot;:&quot;&quot;,&quot;caption&quot;:&quot;&quot;,&quot;created_timestamp&quot;:&quot;0&quot;,&quot;copyright&quot;:&quot;&quot;,&quot;focal_length&quot;:&quot;0&quot;,&quot;iso&quot;:&quot;0&quot;,&quot;shutter_speed&quot;:&quot;0&quot;,&quot;title&quot;:&quot;&quot;,&quot;orientation&quot;:&quot;0&quot;}\" data-image-title=\"P1211887 Tingvall Trio &amp;#8211; Foto TJ Krebs\" data-image-description=\"\" data-medium-file=\"https:\/\/i0.wp.com\/www.jazzzeitung.de\/cms\/wp-content\/uploads\/2021\/08\/P1211887-Tingvall-Trio-Foto-TJ-Krebs.jpg?fit=200%2C300&#038;ssl=1\" data-large-file=\"https:\/\/i0.wp.com\/www.jazzzeitung.de\/cms\/wp-content\/uploads\/2021\/08\/P1211887-Tingvall-Trio-Foto-TJ-Krebs.jpg?fit=400%2C600&#038;ssl=1\" src=\"https:\/\/i0.wp.com\/www.jazzzeitung.de\/cms\/wp-content\/uploads\/2021\/08\/P1211887-Tingvall-Trio-Foto-TJ-Krebs.jpg?w=157&#038;h=235&#038;ssl=1\" srcset=\"https:\/\/i0.wp.com\/www.jazzzeitung.de\/cms\/wp-content\/uploads\/2021\/08\/P1211887-Tingvall-Trio-Foto-TJ-Krebs.jpg?w=800&amp;ssl=1 800w, https:\/\/i0.wp.com\/www.jazzzeitung.de\/cms\/wp-content\/uploads\/2021\/08\/P1211887-Tingvall-Trio-Foto-TJ-Krebs.jpg?resize=200%2C300&amp;ssl=1 200w, https:\/\/i0.wp.com\/www.jazzzeitung.de\/cms\/wp-content\/uploads\/2021\/08\/P1211887-Tingvall-Trio-Foto-TJ-Krebs.jpg?resize=400%2C600&amp;ssl=1 400w, https:\/\/i0.wp.com\/www.jazzzeitung.de\/cms\/wp-content\/uploads\/2021\/08\/P1211887-Tingvall-Trio-Foto-TJ-Krebs.jpg?resize=768%2C1152&amp;ssl=1 768w\" width=\"157\" height=\"235\" loading=\"lazy\" data-original-width=\"157\" data-original-height=\"235\" itemprop=\"http:\/\/schema.org\/image\" title=\"P1211887 Tingvall Trio - Foto TJ Krebs\" alt=\"Tingvall Trio\" style=\"width: 157px; height: 235px;\" \/> <\/a> <div class=\"tiled-gallery-caption\" itemprop=\"caption description\"> Tingvall Trio <\/div> <\/div> <\/div> <!-- close group --> <\/div> <!-- close row --> <div class=\"gallery-row\" style=\"width: 840px; height: 281px;\" data-original-width=\"840\" data-original-height=\"281\" > <div class=\"gallery-group images-1\" style=\"width: 420px; height: 281px;\" data-original-width=\"420\" data-original-height=\"281\" > <div class=\"tiled-gallery-item tiled-gallery-item-large\" itemprop=\"associatedMedia\" itemscope itemtype=\"http:\/\/schema.org\/ImageObject\"> <a href=\"https:\/\/www.jazzzeitung.de\/cms\/2021\/08\/das-muenchner-festival-jazz-im-sommer-genre-und-grenzueberschreitend\/p1222066-erlhoff-fruehbeis-reiser-foto-tj-krebs\/\" border=\"0\" itemprop=\"url\"> <meta itemprop=\"width\" content=\"416\"> <meta itemprop=\"height\" content=\"277\"> <img decoding=\"async\" class=\"\" data-attachment-id=\"25602\" data-orig-file=\"https:\/\/www.jazzzeitung.de\/cms\/wp-content\/uploads\/2021\/08\/P1222066-Erlhoff-Fruehbeis-Reiser-Foto-TJ-Krebs.jpg\" data-orig-size=\"1200,800\" data-comments-opened=\"1\" data-image-meta=\"{&quot;aperture&quot;:&quot;0&quot;,&quot;credit&quot;:&quot;&quot;,&quot;camera&quot;:&quot;&quot;,&quot;caption&quot;:&quot;&quot;,&quot;created_timestamp&quot;:&quot;0&quot;,&quot;copyright&quot;:&quot;&quot;,&quot;focal_length&quot;:&quot;0&quot;,&quot;iso&quot;:&quot;0&quot;,&quot;shutter_speed&quot;:&quot;0&quot;,&quot;title&quot;:&quot;&quot;,&quot;orientation&quot;:&quot;0&quot;}\" data-image-title=\"P1222066 Erlhoff-Fr\u00fchbeis-Reiser &amp;#8211; Foto TJ Krebs\" data-image-description=\"\" data-medium-file=\"https:\/\/i0.wp.com\/www.jazzzeitung.de\/cms\/wp-content\/uploads\/2021\/08\/P1222066-Erlhoff-Fruehbeis-Reiser-Foto-TJ-Krebs.jpg?fit=300%2C200&#038;ssl=1\" data-large-file=\"https:\/\/i0.wp.com\/www.jazzzeitung.de\/cms\/wp-content\/uploads\/2021\/08\/P1222066-Erlhoff-Fruehbeis-Reiser-Foto-TJ-Krebs.jpg?fit=840%2C560&#038;ssl=1\" src=\"https:\/\/i0.wp.com\/www.jazzzeitung.de\/cms\/wp-content\/uploads\/2021\/08\/P1222066-Erlhoff-Fruehbeis-Reiser-Foto-TJ-Krebs.jpg?w=416&#038;h=277&#038;ssl=1\" srcset=\"https:\/\/i0.wp.com\/www.jazzzeitung.de\/cms\/wp-content\/uploads\/2021\/08\/P1222066-Erlhoff-Fruehbeis-Reiser-Foto-TJ-Krebs.jpg?w=1200&amp;ssl=1 1200w, https:\/\/i0.wp.com\/www.jazzzeitung.de\/cms\/wp-content\/uploads\/2021\/08\/P1222066-Erlhoff-Fruehbeis-Reiser-Foto-TJ-Krebs.jpg?resize=300%2C200&amp;ssl=1 300w, https:\/\/i0.wp.com\/www.jazzzeitung.de\/cms\/wp-content\/uploads\/2021\/08\/P1222066-Erlhoff-Fruehbeis-Reiser-Foto-TJ-Krebs.jpg?resize=900%2C600&amp;ssl=1 900w, https:\/\/i0.wp.com\/www.jazzzeitung.de\/cms\/wp-content\/uploads\/2021\/08\/P1222066-Erlhoff-Fruehbeis-Reiser-Foto-TJ-Krebs.jpg?resize=768%2C512&amp;ssl=1 768w, https:\/\/i0.wp.com\/www.jazzzeitung.de\/cms\/wp-content\/uploads\/2021\/08\/P1222066-Erlhoff-Fruehbeis-Reiser-Foto-TJ-Krebs.jpg?resize=120%2C80&amp;ssl=1 120w\" width=\"416\" height=\"277\" loading=\"lazy\" data-original-width=\"416\" data-original-height=\"277\" itemprop=\"http:\/\/schema.org\/image\" title=\"P1222066 Erlhoff-Fr\u00fchbeis-Reiser - Foto TJ Krebs\" alt=\"Erlhoff-Fr\u00fchbeis-Reiser (Veterinary Street Jazz Band)\" style=\"width: 416px; height: 277px;\" \/> <\/a> <div class=\"tiled-gallery-caption\" itemprop=\"caption description\"> Erlhoff-Fr\u00fchbeis-Reiser (Veterinary Street Jazz Band) <\/div> <\/div> <\/div> <!-- close group --> <div class=\"gallery-group images-1\" style=\"width: 420px; height: 281px;\" data-original-width=\"420\" data-original-height=\"281\" > <div class=\"tiled-gallery-item tiled-gallery-item-large\" itemprop=\"associatedMedia\" itemscope itemtype=\"http:\/\/schema.org\/ImageObject\"> <a href=\"https:\/\/www.jazzzeitung.de\/cms\/2021\/08\/das-muenchner-festival-jazz-im-sommer-genre-und-grenzueberschreitend\/p1211582-takase-foto-tj-krebs\/\" border=\"0\" itemprop=\"url\"> <meta itemprop=\"width\" content=\"416\"> <meta itemprop=\"height\" content=\"277\"> <img decoding=\"async\" class=\"\" data-attachment-id=\"25607\" data-orig-file=\"https:\/\/www.jazzzeitung.de\/cms\/wp-content\/uploads\/2021\/08\/P1211582-Takase-Foto-TJ-Krebs.jpg\" data-orig-size=\"1200,800\" data-comments-opened=\"1\" data-image-meta=\"{&quot;aperture&quot;:&quot;0&quot;,&quot;credit&quot;:&quot;&quot;,&quot;camera&quot;:&quot;&quot;,&quot;caption&quot;:&quot;&quot;,&quot;created_timestamp&quot;:&quot;0&quot;,&quot;copyright&quot;:&quot;&quot;,&quot;focal_length&quot;:&quot;0&quot;,&quot;iso&quot;:&quot;0&quot;,&quot;shutter_speed&quot;:&quot;0&quot;,&quot;title&quot;:&quot;&quot;,&quot;orientation&quot;:&quot;0&quot;}\" data-image-title=\"P1211582 Takase &amp;#8211; Foto TJ Krebs\" data-image-description=\"\" data-medium-file=\"https:\/\/i0.wp.com\/www.jazzzeitung.de\/cms\/wp-content\/uploads\/2021\/08\/P1211582-Takase-Foto-TJ-Krebs.jpg?fit=300%2C200&#038;ssl=1\" data-large-file=\"https:\/\/i0.wp.com\/www.jazzzeitung.de\/cms\/wp-content\/uploads\/2021\/08\/P1211582-Takase-Foto-TJ-Krebs.jpg?fit=840%2C560&#038;ssl=1\" src=\"https:\/\/i0.wp.com\/www.jazzzeitung.de\/cms\/wp-content\/uploads\/2021\/08\/P1211582-Takase-Foto-TJ-Krebs.jpg?w=416&#038;h=277&#038;ssl=1\" srcset=\"https:\/\/i0.wp.com\/www.jazzzeitung.de\/cms\/wp-content\/uploads\/2021\/08\/P1211582-Takase-Foto-TJ-Krebs.jpg?w=1200&amp;ssl=1 1200w, https:\/\/i0.wp.com\/www.jazzzeitung.de\/cms\/wp-content\/uploads\/2021\/08\/P1211582-Takase-Foto-TJ-Krebs.jpg?resize=300%2C200&amp;ssl=1 300w, https:\/\/i0.wp.com\/www.jazzzeitung.de\/cms\/wp-content\/uploads\/2021\/08\/P1211582-Takase-Foto-TJ-Krebs.jpg?resize=900%2C600&amp;ssl=1 900w, https:\/\/i0.wp.com\/www.jazzzeitung.de\/cms\/wp-content\/uploads\/2021\/08\/P1211582-Takase-Foto-TJ-Krebs.jpg?resize=768%2C512&amp;ssl=1 768w, https:\/\/i0.wp.com\/www.jazzzeitung.de\/cms\/wp-content\/uploads\/2021\/08\/P1211582-Takase-Foto-TJ-Krebs.jpg?resize=120%2C80&amp;ssl=1 120w\" width=\"416\" height=\"277\" loading=\"lazy\" data-original-width=\"416\" data-original-height=\"277\" itemprop=\"http:\/\/schema.org\/image\" title=\"P1211582 Takase - Foto TJ Krebs\" alt=\"Aki Takase\" style=\"width: 416px; height: 277px;\" \/> <\/a> <div class=\"tiled-gallery-caption\" itemprop=\"caption description\"> Aki Takase <\/div> <\/div> <\/div> <!-- close group --> <\/div> <!-- close row --> <\/div>\n<h3>Ein kr\u00f6nender, wenn auch frostiger Festivalabschluss<\/h3>\n<p>Den Abschluss der Veranstaltungsreihe bestritten <strong>aMUSE &#8211; singin poetry<\/strong> und last not least das <strong>Andrea Hermenau Quartett<\/strong> Open Air im Innenhof des M\u00fcnchner Stadtmuseums. Ein durch und durch sinnlicher, poetischer Jazzabend. aMUSE &#8211; singing poetrys Performance konzentrierte sich mit Karoline Weidt und Kilian Sladek darauf, zeitgem\u00e4\u00dfe Gedichte stimmlich treffend umzusetzen, w\u00e4hrend das Trio mit Leo Betzl, Loreen Sima und Magnus Dauner dazu den lyrisch, musikalischen Rahmen schaffte. Danach folgte das zweite Konzert des Abends mit Andrea Hermenau und ihrem Programm \u201eDie Nachtpracht\u201c. Inspiriert von Gedichten und Mythen ist Hermenaus musikalische Adaption der poetischen Seite der Nacht pure Inspiration f\u00fcr die Phantasie und avancierte im Quartett mit Till Martin am Tenorsaxophon, dem Bassisten Sven Faller und Bastian J\u00fctte am Schlagzeug zu einem musikalisch wie thematisch kr\u00f6nenden Festivalabschluss, auch wenn es wettertechnisch zum Schluss ein wenig \u201efrostig\u201c wurde.<\/p>\n<div class=\"tiled-gallery type-rectangular tiled-gallery-unresized\" data-original-width=\"840\" data-carousel-extra='{&quot;blog_id&quot;:1,&quot;permalink&quot;:&quot;https:\\\/\\\/www.jazzzeitung.de\\\/cms\\\/2021\\\/08\\\/das-muenchner-festival-jazz-im-sommer-genre-und-grenzueberschreitend\\\/&quot;,&quot;likes_blog_id&quot;:55446655}' itemscope itemtype=\"http:\/\/schema.org\/ImageGallery\" > <div class=\"gallery-row\" style=\"width: 840px; height: 721px;\" data-original-width=\"840\" data-original-height=\"721\" > <div class=\"gallery-group images-1\" style=\"width: 482px; height: 721px;\" data-original-width=\"482\" data-original-height=\"721\" > <div class=\"tiled-gallery-item tiled-gallery-item-large\" itemprop=\"associatedMedia\" itemscope itemtype=\"http:\/\/schema.org\/ImageObject\"> <a href=\"https:\/\/www.jazzzeitung.de\/cms\/2021\/08\/das-muenchner-festival-jazz-im-sommer-genre-und-grenzueberschreitend\/p1233569-caroline-weidt-foto-tj-krebs\/\" border=\"0\" itemprop=\"url\"> <meta itemprop=\"width\" content=\"478\"> <meta itemprop=\"height\" content=\"717\"> <img decoding=\"async\" class=\"\" data-attachment-id=\"25603\" data-orig-file=\"https:\/\/www.jazzzeitung.de\/cms\/wp-content\/uploads\/2021\/08\/P1233569-Caroline-Weidt-Foto-TJ-Krebs.jpg\" data-orig-size=\"800,1200\" data-comments-opened=\"1\" data-image-meta=\"{&quot;aperture&quot;:&quot;0&quot;,&quot;credit&quot;:&quot;&quot;,&quot;camera&quot;:&quot;&quot;,&quot;caption&quot;:&quot;&quot;,&quot;created_timestamp&quot;:&quot;0&quot;,&quot;copyright&quot;:&quot;&quot;,&quot;focal_length&quot;:&quot;0&quot;,&quot;iso&quot;:&quot;0&quot;,&quot;shutter_speed&quot;:&quot;0&quot;,&quot;title&quot;:&quot;&quot;,&quot;orientation&quot;:&quot;0&quot;}\" data-image-title=\"P1233569 Caroline Weidt &amp;#8211; Foto TJ Krebs\" data-image-description=\"\" data-medium-file=\"https:\/\/i0.wp.com\/www.jazzzeitung.de\/cms\/wp-content\/uploads\/2021\/08\/P1233569-Caroline-Weidt-Foto-TJ-Krebs.jpg?fit=200%2C300&#038;ssl=1\" data-large-file=\"https:\/\/i0.wp.com\/www.jazzzeitung.de\/cms\/wp-content\/uploads\/2021\/08\/P1233569-Caroline-Weidt-Foto-TJ-Krebs.jpg?fit=400%2C600&#038;ssl=1\" src=\"https:\/\/i0.wp.com\/www.jazzzeitung.de\/cms\/wp-content\/uploads\/2021\/08\/P1233569-Caroline-Weidt-Foto-TJ-Krebs.jpg?w=478&#038;h=717&#038;ssl=1\" srcset=\"https:\/\/i0.wp.com\/www.jazzzeitung.de\/cms\/wp-content\/uploads\/2021\/08\/P1233569-Caroline-Weidt-Foto-TJ-Krebs.jpg?w=800&amp;ssl=1 800w, https:\/\/i0.wp.com\/www.jazzzeitung.de\/cms\/wp-content\/uploads\/2021\/08\/P1233569-Caroline-Weidt-Foto-TJ-Krebs.jpg?resize=200%2C300&amp;ssl=1 200w, https:\/\/i0.wp.com\/www.jazzzeitung.de\/cms\/wp-content\/uploads\/2021\/08\/P1233569-Caroline-Weidt-Foto-TJ-Krebs.jpg?resize=400%2C600&amp;ssl=1 400w, https:\/\/i0.wp.com\/www.jazzzeitung.de\/cms\/wp-content\/uploads\/2021\/08\/P1233569-Caroline-Weidt-Foto-TJ-Krebs.jpg?resize=768%2C1152&amp;ssl=1 768w\" width=\"478\" height=\"717\" loading=\"lazy\" data-original-width=\"478\" data-original-height=\"717\" itemprop=\"http:\/\/schema.org\/image\" title=\"P1233569 Caroline Weidt - Foto TJ Krebs\" alt=\"Karoline Weidl (aMUSE)\" style=\"width: 478px; height: 717px;\" \/> <\/a> <div class=\"tiled-gallery-caption\" itemprop=\"caption description\"> Karoline Weidl (aMUSE) <\/div> <\/div> <\/div> <!-- close group --> <div class=\"gallery-group images-3\" style=\"width: 358px; height: 721px;\" data-original-width=\"358\" data-original-height=\"721\" > <div class=\"tiled-gallery-item tiled-gallery-item-large\" itemprop=\"associatedMedia\" itemscope itemtype=\"http:\/\/schema.org\/ImageObject\"> <a href=\"https:\/\/www.jazzzeitung.de\/cms\/2021\/08\/das-muenchner-festival-jazz-im-sommer-genre-und-grenzueberschreitend\/p1233604-kilian-sladek-foto-tj-krebs\/\" border=\"0\" itemprop=\"url\"> <meta itemprop=\"width\" content=\"354\"> <meta itemprop=\"height\" content=\"236\"> <img decoding=\"async\" class=\"\" data-attachment-id=\"25604\" data-orig-file=\"https:\/\/www.jazzzeitung.de\/cms\/wp-content\/uploads\/2021\/08\/P1233604-Kilian-Sladek-Foto-TJ-Krebs.jpg\" data-orig-size=\"1200,800\" data-comments-opened=\"1\" data-image-meta=\"{&quot;aperture&quot;:&quot;0&quot;,&quot;credit&quot;:&quot;&quot;,&quot;camera&quot;:&quot;&quot;,&quot;caption&quot;:&quot;&quot;,&quot;created_timestamp&quot;:&quot;0&quot;,&quot;copyright&quot;:&quot;&quot;,&quot;focal_length&quot;:&quot;0&quot;,&quot;iso&quot;:&quot;0&quot;,&quot;shutter_speed&quot;:&quot;0&quot;,&quot;title&quot;:&quot;&quot;,&quot;orientation&quot;:&quot;0&quot;}\" data-image-title=\"P1233604 Kilian Sladek &amp;#8211; Foto TJ Krebs\" data-image-description=\"\" data-medium-file=\"https:\/\/i0.wp.com\/www.jazzzeitung.de\/cms\/wp-content\/uploads\/2021\/08\/P1233604-Kilian-Sladek-Foto-TJ-Krebs.jpg?fit=300%2C200&#038;ssl=1\" data-large-file=\"https:\/\/i0.wp.com\/www.jazzzeitung.de\/cms\/wp-content\/uploads\/2021\/08\/P1233604-Kilian-Sladek-Foto-TJ-Krebs.jpg?fit=840%2C560&#038;ssl=1\" src=\"https:\/\/i0.wp.com\/www.jazzzeitung.de\/cms\/wp-content\/uploads\/2021\/08\/P1233604-Kilian-Sladek-Foto-TJ-Krebs.jpg?w=354&#038;h=236&#038;ssl=1\" srcset=\"https:\/\/i0.wp.com\/www.jazzzeitung.de\/cms\/wp-content\/uploads\/2021\/08\/P1233604-Kilian-Sladek-Foto-TJ-Krebs.jpg?w=1200&amp;ssl=1 1200w, https:\/\/i0.wp.com\/www.jazzzeitung.de\/cms\/wp-content\/uploads\/2021\/08\/P1233604-Kilian-Sladek-Foto-TJ-Krebs.jpg?resize=300%2C200&amp;ssl=1 300w, https:\/\/i0.wp.com\/www.jazzzeitung.de\/cms\/wp-content\/uploads\/2021\/08\/P1233604-Kilian-Sladek-Foto-TJ-Krebs.jpg?resize=900%2C600&amp;ssl=1 900w, https:\/\/i0.wp.com\/www.jazzzeitung.de\/cms\/wp-content\/uploads\/2021\/08\/P1233604-Kilian-Sladek-Foto-TJ-Krebs.jpg?resize=768%2C512&amp;ssl=1 768w, https:\/\/i0.wp.com\/www.jazzzeitung.de\/cms\/wp-content\/uploads\/2021\/08\/P1233604-Kilian-Sladek-Foto-TJ-Krebs.jpg?resize=120%2C80&amp;ssl=1 120w\" width=\"354\" height=\"236\" loading=\"lazy\" data-original-width=\"354\" data-original-height=\"236\" itemprop=\"http:\/\/schema.org\/image\" title=\"P1233604 Kilian Sladek - Foto TJ Krebs\" alt=\"Kilian Sladek (aMuse)\" style=\"width: 354px; height: 236px;\" \/> <\/a> <div class=\"tiled-gallery-caption\" itemprop=\"caption description\"> Kilian Sladek (aMuse) <\/div> <\/div> <div class=\"tiled-gallery-item tiled-gallery-item-large\" itemprop=\"associatedMedia\" itemscope itemtype=\"http:\/\/schema.org\/ImageObject\"> <a href=\"https:\/\/www.jazzzeitung.de\/cms\/2021\/08\/das-muenchner-festival-jazz-im-sommer-genre-und-grenzueberschreitend\/p1233660-amuse-foto-tj-krebs\/\" border=\"0\" itemprop=\"url\"> <meta itemprop=\"width\" content=\"354\"> <meta itemprop=\"height\" content=\"237\"> <img decoding=\"async\" class=\"\" data-attachment-id=\"25605\" data-orig-file=\"https:\/\/www.jazzzeitung.de\/cms\/wp-content\/uploads\/2021\/08\/P1233660-aMUSE-Foto-TJ-KRebs.jpg\" data-orig-size=\"1200,806\" data-comments-opened=\"1\" data-image-meta=\"{&quot;aperture&quot;:&quot;0&quot;,&quot;credit&quot;:&quot;&quot;,&quot;camera&quot;:&quot;&quot;,&quot;caption&quot;:&quot;&quot;,&quot;created_timestamp&quot;:&quot;0&quot;,&quot;copyright&quot;:&quot;&quot;,&quot;focal_length&quot;:&quot;0&quot;,&quot;iso&quot;:&quot;0&quot;,&quot;shutter_speed&quot;:&quot;0&quot;,&quot;title&quot;:&quot;&quot;,&quot;orientation&quot;:&quot;0&quot;}\" data-image-title=\"P1233660 aMUSE &amp;#8211; Foto TJ KRebs\" data-image-description=\"\" data-medium-file=\"https:\/\/i0.wp.com\/www.jazzzeitung.de\/cms\/wp-content\/uploads\/2021\/08\/P1233660-aMUSE-Foto-TJ-KRebs.jpg?fit=300%2C202&#038;ssl=1\" data-large-file=\"https:\/\/i0.wp.com\/www.jazzzeitung.de\/cms\/wp-content\/uploads\/2021\/08\/P1233660-aMUSE-Foto-TJ-KRebs.jpg?fit=840%2C564&#038;ssl=1\" src=\"https:\/\/i0.wp.com\/www.jazzzeitung.de\/cms\/wp-content\/uploads\/2021\/08\/P1233660-aMUSE-Foto-TJ-KRebs.jpg?w=354&#038;h=237&#038;ssl=1\" srcset=\"https:\/\/i0.wp.com\/www.jazzzeitung.de\/cms\/wp-content\/uploads\/2021\/08\/P1233660-aMUSE-Foto-TJ-KRebs.jpg?w=1200&amp;ssl=1 1200w, https:\/\/i0.wp.com\/www.jazzzeitung.de\/cms\/wp-content\/uploads\/2021\/08\/P1233660-aMUSE-Foto-TJ-KRebs.jpg?resize=300%2C202&amp;ssl=1 300w, https:\/\/i0.wp.com\/www.jazzzeitung.de\/cms\/wp-content\/uploads\/2021\/08\/P1233660-aMUSE-Foto-TJ-KRebs.jpg?resize=893%2C600&amp;ssl=1 893w, https:\/\/i0.wp.com\/www.jazzzeitung.de\/cms\/wp-content\/uploads\/2021\/08\/P1233660-aMUSE-Foto-TJ-KRebs.jpg?resize=768%2C516&amp;ssl=1 768w, https:\/\/i0.wp.com\/www.jazzzeitung.de\/cms\/wp-content\/uploads\/2021\/08\/P1233660-aMUSE-Foto-TJ-KRebs.jpg?resize=120%2C80&amp;ssl=1 120w\" width=\"354\" height=\"237\" loading=\"lazy\" data-original-width=\"354\" data-original-height=\"237\" itemprop=\"http:\/\/schema.org\/image\" title=\"P1233660 aMUSE - Foto TJ KRebs\" alt=\"aMuse\" style=\"width: 354px; height: 237px;\" \/> <\/a> <div class=\"tiled-gallery-caption\" itemprop=\"caption description\"> aMuse <\/div> <\/div> <div class=\"tiled-gallery-item tiled-gallery-item-large\" itemprop=\"associatedMedia\" itemscope itemtype=\"http:\/\/schema.org\/ImageObject\"> <a href=\"https:\/\/www.jazzzeitung.de\/cms\/2021\/08\/das-muenchner-festival-jazz-im-sommer-genre-und-grenzueberschreitend\/p1233716-hermenau-quartett-foto-tj-krebs\/\" border=\"0\" itemprop=\"url\"> <meta itemprop=\"width\" content=\"354\"> <meta itemprop=\"height\" content=\"236\"> <img decoding=\"async\" class=\"\" data-attachment-id=\"25606\" data-orig-file=\"https:\/\/www.jazzzeitung.de\/cms\/wp-content\/uploads\/2021\/08\/P1233716-Hermenau-Quartett-Foto-TJ-Krebs.jpg\" data-orig-size=\"1200,800\" data-comments-opened=\"1\" data-image-meta=\"{&quot;aperture&quot;:&quot;0&quot;,&quot;credit&quot;:&quot;&quot;,&quot;camera&quot;:&quot;&quot;,&quot;caption&quot;:&quot;&quot;,&quot;created_timestamp&quot;:&quot;0&quot;,&quot;copyright&quot;:&quot;&quot;,&quot;focal_length&quot;:&quot;0&quot;,&quot;iso&quot;:&quot;0&quot;,&quot;shutter_speed&quot;:&quot;0&quot;,&quot;title&quot;:&quot;&quot;,&quot;orientation&quot;:&quot;0&quot;}\" data-image-title=\"P1233716 Hermenau Quartett &amp;#8211; Foto TJ Krebs\" data-image-description=\"\" data-medium-file=\"https:\/\/i0.wp.com\/www.jazzzeitung.de\/cms\/wp-content\/uploads\/2021\/08\/P1233716-Hermenau-Quartett-Foto-TJ-Krebs.jpg?fit=300%2C200&#038;ssl=1\" data-large-file=\"https:\/\/i0.wp.com\/www.jazzzeitung.de\/cms\/wp-content\/uploads\/2021\/08\/P1233716-Hermenau-Quartett-Foto-TJ-Krebs.jpg?fit=840%2C560&#038;ssl=1\" src=\"https:\/\/i0.wp.com\/www.jazzzeitung.de\/cms\/wp-content\/uploads\/2021\/08\/P1233716-Hermenau-Quartett-Foto-TJ-Krebs.jpg?w=354&#038;h=236&#038;ssl=1\" srcset=\"https:\/\/i0.wp.com\/www.jazzzeitung.de\/cms\/wp-content\/uploads\/2021\/08\/P1233716-Hermenau-Quartett-Foto-TJ-Krebs.jpg?w=1200&amp;ssl=1 1200w, https:\/\/i0.wp.com\/www.jazzzeitung.de\/cms\/wp-content\/uploads\/2021\/08\/P1233716-Hermenau-Quartett-Foto-TJ-Krebs.jpg?resize=300%2C200&amp;ssl=1 300w, https:\/\/i0.wp.com\/www.jazzzeitung.de\/cms\/wp-content\/uploads\/2021\/08\/P1233716-Hermenau-Quartett-Foto-TJ-Krebs.jpg?resize=900%2C600&amp;ssl=1 900w, https:\/\/i0.wp.com\/www.jazzzeitung.de\/cms\/wp-content\/uploads\/2021\/08\/P1233716-Hermenau-Quartett-Foto-TJ-Krebs.jpg?resize=768%2C512&amp;ssl=1 768w, https:\/\/i0.wp.com\/www.jazzzeitung.de\/cms\/wp-content\/uploads\/2021\/08\/P1233716-Hermenau-Quartett-Foto-TJ-Krebs.jpg?resize=120%2C80&amp;ssl=1 120w\" width=\"354\" height=\"236\" loading=\"lazy\" data-original-width=\"354\" data-original-height=\"236\" itemprop=\"http:\/\/schema.org\/image\" title=\"P1233716 Hermenau Quartett - Foto TJ Krebs\" alt=\"Andrea Hermenau Quartett\" style=\"width: 354px; height: 236px;\" \/> <\/a> <div class=\"tiled-gallery-caption\" itemprop=\"caption description\"> Andrea Hermenau Quartett <\/div> <\/div> <\/div> <!-- close group --> <\/div> <!-- close row --> <\/div>\n<p>Alles in allem ein beispielhaftes, erstklassiges wie abwechslungsreiches Festival, das die JazzStiftung M\u00fcnchen, mucjazz e. V. und der Jazzclub Unterfahrt auf die Beine gestellt haben. Bis auf das Doppelkonzert im Olympiastadion und das Abschlusskonzert im Innenhof des Stadtmuseums fanden die Veranstaltungen bei freiem Eintritt statt. \u00dcberhaupt stie\u00df der diesj\u00e4hrige \u201eJazz im Sommer\u201c beim Publikum auf gro\u00dfe, begeisterte Resonanz. Bei diesem Erfolg, den das Festival zu verzeichnen hat, d\u00fcrfen wir auf eine Fortf\u00fchrung im neuen Jahr gespannt sein.<\/p>\n<p>Text &amp; Fotos: Thomas J. Krebs<\/p>\n<p>Beitragsbild: Tingvall Trio. Foto: Thomas J. Krebs<\/p>\n","protected":false},"excerpt":{"rendered":"<p>Endlich mal wieder raus und live Open Air Musik h\u00f6ren. Das Einzige, was man dieses Jahr dabei immer fest im Blick haben muss: die Wetter-App. Dem M\u00fcnchner \u201eJazz im Sommer\u201c war Petrus im Gro\u00dfen und Ganzen wohl gesonnen, und so konnten die zahlreichen Besucher das abwechslungsreiche Festivalprogramm gr\u00f6\u00dftenteils bei Sonnenschein, vor allem aber trocken, in vollen Z\u00fcgen genie\u00dfen. \u00a0Vor allem Open Air findet Kultur vor gr\u00f6\u00dferem Publikum nach langem Darben endlich wieder statt. Die JazzStiftung M\u00fcnchen, mucjazz e.\u00ad\u00a0V. und der Jazzclub Unterfahrt haben sich f\u00fcr den von der Landeshauptstadt organisierten \u201eKultursommer in der Stadt\u201c zusammen gefunden und an verschiedenen Standorten ein sensationelles Programm auf die Beine gestellt. Genre\u00fcbergreifend wurde der \u201eJazz im Sommer\u201c auf der Theresienwiese, auf dem Areal von \u201eKunst im Quadrat\u201c, von der M\u00fcnchner Band SiEA er\u00f6ffnet. Vor eindrucksvoller Kulisse mit beleuchteten Jahrmarktfahrgesch\u00e4ften im Hintergrund groovten die M\u00e4dels von SiEA (mit dem Posaunisten Thorben Sch\u00fctt als Gast in SiEA-typischem outfit) \u00fcber die B\u00fchne und holten mit ihrem kompromisslosen Indie-Jazz-Pop-Techno das Publikum von den Sitzen. Ein gelungener Auftakt! Voll bis zum letzten Platz In der Woche darauf traten auf dem \u201eKunst im Quadrat\u201c Areal &hellip;<\/p>\n","protected":false},"author":18,"featured_media":25585,"comment_status":"open","ping_status":"closed","sticky":false,"template":"","format":"standard","meta":{"_jetpack_memberships_contains_paid_content":false,"footnotes":"","jetpack_publicize_message":"","jetpack_publicize_feature_enabled":true,"jetpack_social_post_already_shared":false,"jetpack_social_options":{"image_generator_settings":{"template":"highway","default_image_id":0,"font":"","enabled":false},"version":2}},"categories":[1053],"tags":[32,3638,3646,3644,3651,3645,2287,3237,3642,294,2861,3640,3647,3648,1306,3649,3650,3641,760,3378,3637,1098,3389,1370,1260,3221,3095,2678,3636,3639,3634,3635,3643],"coauthors":[695],"class_list":["post-25582","post","type-post","status-publish","format-standard","has-post-thumbnail","hentry","category-bericht","tag-aki-takase","tag-aki-takase-japanic","tag-amuse","tag-amuse-singin-poetry","tag-andrea-hermenau","tag-andrea-hermenau-quartett","tag-bastian-juette","tag-daniel-erdmann","tag-dj-illvibe","tag-jazzzeitung","tag-jazzzeitung-de","tag-johannes-fink","tag-karoline-weidt","tag-kilian-sladek","tag-leo-betzl","tag-loreen-sima","tag-magnus-dauner","tag-magnus-narvesen","tag-monika-roscher","tag-nachrichten-jazzzeitung","tag-nick-woodland","tag-peter-omara","tag-siea","tag-sven-faller","tag-thomas-j-krebs","tag-thorben-schuett","tag-till-martin","tag-tilman-herpichboehm","tag-tim-collins-quartett","tag-tingvall-trio","tag-tmt-xplosif","tag-tom-jahn","tag-veterinary-street-jazz-band"],"yoast_head":"<!-- This site is optimized with the Yoast SEO plugin v27.5 - https:\/\/yoast.com\/product\/yoast-seo-wordpress\/ -->\n<title>Das M\u00fcnchner Festival \u201eJazz im Sommer\u201c: genre- und grenz\u00fcberschreitend! - JazzZeitung<\/title>\n<meta name=\"robots\" content=\"index, follow, max-snippet:-1, max-image-preview:large, max-video-preview:-1\" \/>\n<link rel=\"canonical\" href=\"https:\/\/www.jazzzeitung.de\/cms\/2021\/08\/das-muenchner-festival-jazz-im-sommer-genre-und-grenzueberschreitend\/\" \/>\n<meta property=\"og:locale\" content=\"de_DE\" \/>\n<meta property=\"og:type\" content=\"article\" \/>\n<meta property=\"og:title\" content=\"Das M\u00fcnchner Festival \u201eJazz im Sommer\u201c: genre- und grenz\u00fcberschreitend! - JazzZeitung\" \/>\n<meta property=\"og:description\" content=\"Endlich mal wieder raus und live Open Air Musik h\u00f6ren. Das Einzige, was man dieses Jahr dabei immer fest im Blick haben muss: die Wetter-App. Dem M\u00fcnchner \u201eJazz im Sommer\u201c war Petrus im Gro\u00dfen und Ganzen wohl gesonnen, und so konnten die zahlreichen Besucher das abwechslungsreiche Festivalprogramm gr\u00f6\u00dftenteils bei Sonnenschein, vor allem aber trocken, in vollen Z\u00fcgen genie\u00dfen. \u00a0Vor allem Open Air findet Kultur vor gr\u00f6\u00dferem Publikum nach langem Darben endlich wieder statt. Die JazzStiftung M\u00fcnchen, mucjazz e.\u00ad\u00a0V. und der Jazzclub Unterfahrt haben sich f\u00fcr den von der Landeshauptstadt organisierten \u201eKultursommer in der Stadt\u201c zusammen gefunden und an verschiedenen Standorten ein sensationelles Programm auf die Beine gestellt. Genre\u00fcbergreifend wurde der \u201eJazz im Sommer\u201c auf der Theresienwiese, auf dem Areal von \u201eKunst im Quadrat\u201c, von der M\u00fcnchner Band SiEA er\u00f6ffnet. Vor eindrucksvoller Kulisse mit beleuchteten Jahrmarktfahrgesch\u00e4ften im Hintergrund groovten die M\u00e4dels von SiEA (mit dem Posaunisten Thorben Sch\u00fctt als Gast in SiEA-typischem outfit) \u00fcber die B\u00fchne und holten mit ihrem kompromisslosen Indie-Jazz-Pop-Techno das Publikum von den Sitzen. Ein gelungener Auftakt! Voll bis zum letzten Platz In der Woche darauf traten auf dem \u201eKunst im Quadrat\u201c Areal &hellip;\" \/>\n<meta property=\"og:url\" content=\"https:\/\/www.jazzzeitung.de\/cms\/2021\/08\/das-muenchner-festival-jazz-im-sommer-genre-und-grenzueberschreitend\/\" \/>\n<meta property=\"og:site_name\" content=\"JazzZeitung\" \/>\n<meta property=\"article:publisher\" content=\"https:\/\/www.facebook.com\/JazzZeitung\/\" \/>\n<meta property=\"article:published_time\" content=\"2021-08-31T07:00:22+00:00\" \/>\n<meta property=\"article:modified_time\" content=\"2021-08-31T14:24:00+00:00\" \/>\n<meta property=\"og:image\" content=\"https:\/\/i0.wp.com\/www.jazzzeitung.de\/cms\/wp-content\/uploads\/2021\/08\/P1211883-Tingvall-Trio-Foto-TJ-Krebs-1.jpg?fit=1200%2C811&ssl=1\" \/>\n\t<meta property=\"og:image:width\" content=\"1200\" \/>\n\t<meta property=\"og:image:height\" content=\"811\" \/>\n\t<meta property=\"og:image:type\" content=\"image\/jpeg\" \/>\n<meta name=\"author\" content=\"Redaktion JazzZeitung\" \/>\n<script type=\"application\/ld+json\" class=\"yoast-schema-graph\">{\"@context\":\"https:\\\/\\\/schema.org\",\"@graph\":[{\"@type\":\"Article\",\"@id\":\"https:\\\/\\\/www.jazzzeitung.de\\\/cms\\\/2021\\\/08\\\/das-muenchner-festival-jazz-im-sommer-genre-und-grenzueberschreitend\\\/#article\",\"isPartOf\":{\"@id\":\"https:\\\/\\\/www.jazzzeitung.de\\\/cms\\\/2021\\\/08\\\/das-muenchner-festival-jazz-im-sommer-genre-und-grenzueberschreitend\\\/\"},\"author\":{\"name\":\"Redaktion JazzZeitung\",\"@id\":\"https:\\\/\\\/www.jazzzeitung.de\\\/cms\\\/#\\\/schema\\\/person\\\/2245b36b9cd1d24cea10f01c031fb92b\"},\"headline\":\"Das M\u00fcnchner Festival \u201eJazz im Sommer\u201c: genre- und grenz\u00fcberschreitend!\",\"datePublished\":\"2021-08-31T07:00:22+00:00\",\"dateModified\":\"2021-08-31T14:24:00+00:00\",\"mainEntityOfPage\":{\"@id\":\"https:\\\/\\\/www.jazzzeitung.de\\\/cms\\\/2021\\\/08\\\/das-muenchner-festival-jazz-im-sommer-genre-und-grenzueberschreitend\\\/\"},\"wordCount\":741,\"commentCount\":0,\"publisher\":{\"@id\":\"https:\\\/\\\/www.jazzzeitung.de\\\/cms\\\/#organization\"},\"image\":{\"@id\":\"https:\\\/\\\/www.jazzzeitung.de\\\/cms\\\/2021\\\/08\\\/das-muenchner-festival-jazz-im-sommer-genre-und-grenzueberschreitend\\\/#primaryimage\"},\"thumbnailUrl\":\"https:\\\/\\\/i0.wp.com\\\/www.jazzzeitung.de\\\/cms\\\/wp-content\\\/uploads\\\/2021\\\/08\\\/P1211883-Tingvall-Trio-Foto-TJ-Krebs-1.jpg?fit=1200%2C811&ssl=1\",\"keywords\":[\"Aki Takase\",\"Aki Takase Japanic\",\"aMuse\",\"aMUSE - singin poetry\",\"Andrea Hermenau\",\"Andrea Hermenau Quartett\",\"Bastian J\u00fctte\",\"Daniel Erdmann\",\"DJ Illvibe\",\"Jazzzeitung\",\"JazzZeitung.de\",\"Johannes Fink\",\"Karoline Weidt\",\"Kilian Sladek\",\"Leo Betzl\",\"Loreen Sima\",\"Magnus Dauner\",\"Magnus Narvesen\",\"Monika Roscher\",\"Nachrichten JazzZeitung\",\"Nick Woodland\",\"Peter O'Mara\",\"SiEA\",\"Sven Faller\",\"Thomas J. Krebs\",\"Thorben Sch\u00fctt\",\"Till Martin\",\"Tilman Herpichb\u00f6hm\",\"Tim Collins Quartett\",\"Tingvall Trio\",\"TMT xplosif\",\"Tom Jahn\",\"Veterinary Street Jazz Band\"],\"articleSection\":[\"Bericht\"],\"inLanguage\":\"de\",\"potentialAction\":[{\"@type\":\"CommentAction\",\"name\":\"Comment\",\"target\":[\"https:\\\/\\\/www.jazzzeitung.de\\\/cms\\\/2021\\\/08\\\/das-muenchner-festival-jazz-im-sommer-genre-und-grenzueberschreitend\\\/#respond\"]}]},{\"@type\":\"WebPage\",\"@id\":\"https:\\\/\\\/www.jazzzeitung.de\\\/cms\\\/2021\\\/08\\\/das-muenchner-festival-jazz-im-sommer-genre-und-grenzueberschreitend\\\/\",\"url\":\"https:\\\/\\\/www.jazzzeitung.de\\\/cms\\\/2021\\\/08\\\/das-muenchner-festival-jazz-im-sommer-genre-und-grenzueberschreitend\\\/\",\"name\":\"Das M\u00fcnchner Festival \u201eJazz im Sommer\u201c: genre- und grenz\u00fcberschreitend! - JazzZeitung\",\"isPartOf\":{\"@id\":\"https:\\\/\\\/www.jazzzeitung.de\\\/cms\\\/#website\"},\"primaryImageOfPage\":{\"@id\":\"https:\\\/\\\/www.jazzzeitung.de\\\/cms\\\/2021\\\/08\\\/das-muenchner-festival-jazz-im-sommer-genre-und-grenzueberschreitend\\\/#primaryimage\"},\"image\":{\"@id\":\"https:\\\/\\\/www.jazzzeitung.de\\\/cms\\\/2021\\\/08\\\/das-muenchner-festival-jazz-im-sommer-genre-und-grenzueberschreitend\\\/#primaryimage\"},\"thumbnailUrl\":\"https:\\\/\\\/i0.wp.com\\\/www.jazzzeitung.de\\\/cms\\\/wp-content\\\/uploads\\\/2021\\\/08\\\/P1211883-Tingvall-Trio-Foto-TJ-Krebs-1.jpg?fit=1200%2C811&ssl=1\",\"datePublished\":\"2021-08-31T07:00:22+00:00\",\"dateModified\":\"2021-08-31T14:24:00+00:00\",\"breadcrumb\":{\"@id\":\"https:\\\/\\\/www.jazzzeitung.de\\\/cms\\\/2021\\\/08\\\/das-muenchner-festival-jazz-im-sommer-genre-und-grenzueberschreitend\\\/#breadcrumb\"},\"inLanguage\":\"de\",\"potentialAction\":[{\"@type\":\"ReadAction\",\"target\":[\"https:\\\/\\\/www.jazzzeitung.de\\\/cms\\\/2021\\\/08\\\/das-muenchner-festival-jazz-im-sommer-genre-und-grenzueberschreitend\\\/\"]}]},{\"@type\":\"ImageObject\",\"inLanguage\":\"de\",\"@id\":\"https:\\\/\\\/www.jazzzeitung.de\\\/cms\\\/2021\\\/08\\\/das-muenchner-festival-jazz-im-sommer-genre-und-grenzueberschreitend\\\/#primaryimage\",\"url\":\"https:\\\/\\\/i0.wp.com\\\/www.jazzzeitung.de\\\/cms\\\/wp-content\\\/uploads\\\/2021\\\/08\\\/P1211883-Tingvall-Trio-Foto-TJ-Krebs-1.jpg?fit=1200%2C811&ssl=1\",\"contentUrl\":\"https:\\\/\\\/i0.wp.com\\\/www.jazzzeitung.de\\\/cms\\\/wp-content\\\/uploads\\\/2021\\\/08\\\/P1211883-Tingvall-Trio-Foto-TJ-Krebs-1.jpg?fit=1200%2C811&ssl=1\",\"width\":1200,\"height\":811,\"caption\":\"Tingvall Trio - Foto TJ Krebs\"},{\"@type\":\"BreadcrumbList\",\"@id\":\"https:\\\/\\\/www.jazzzeitung.de\\\/cms\\\/2021\\\/08\\\/das-muenchner-festival-jazz-im-sommer-genre-und-grenzueberschreitend\\\/#breadcrumb\",\"itemListElement\":[{\"@type\":\"ListItem\",\"position\":1,\"name\":\"Startseite\",\"item\":\"https:\\\/\\\/www.jazzzeitung.de\\\/cms\\\/\"},{\"@type\":\"ListItem\",\"position\":2,\"name\":\"Das M\u00fcnchner Festival \u201eJazz im Sommer\u201c: genre- und grenz\u00fcberschreitend!\"}]},{\"@type\":\"WebSite\",\"@id\":\"https:\\\/\\\/www.jazzzeitung.de\\\/cms\\\/#website\",\"url\":\"https:\\\/\\\/www.jazzzeitung.de\\\/cms\\\/\",\"name\":\"JazzZeitung\",\"description\":\"Jazz-News und Jazz-Kontroverses\",\"publisher\":{\"@id\":\"https:\\\/\\\/www.jazzzeitung.de\\\/cms\\\/#organization\"},\"potentialAction\":[{\"@type\":\"SearchAction\",\"target\":{\"@type\":\"EntryPoint\",\"urlTemplate\":\"https:\\\/\\\/www.jazzzeitung.de\\\/cms\\\/?s={search_term_string}\"},\"query-input\":{\"@type\":\"PropertyValueSpecification\",\"valueRequired\":true,\"valueName\":\"search_term_string\"}}],\"inLanguage\":\"de\"},{\"@type\":\"Organization\",\"@id\":\"https:\\\/\\\/www.jazzzeitung.de\\\/cms\\\/#organization\",\"name\":\"JazzZeitung online\",\"url\":\"https:\\\/\\\/www.jazzzeitung.de\\\/cms\\\/\",\"logo\":{\"@type\":\"ImageObject\",\"inLanguage\":\"de\",\"@id\":\"https:\\\/\\\/www.jazzzeitung.de\\\/cms\\\/#\\\/schema\\\/logo\\\/image\\\/\",\"url\":\"https:\\\/\\\/i0.wp.com\\\/www.jazzzeitung.de\\\/cms\\\/wp-content\\\/uploads\\\/2015\\\/08\\\/JAZZZEITUNGDE_Logo_Neu.png?fit=499%2C200&ssl=1\",\"contentUrl\":\"https:\\\/\\\/i0.wp.com\\\/www.jazzzeitung.de\\\/cms\\\/wp-content\\\/uploads\\\/2015\\\/08\\\/JAZZZEITUNGDE_Logo_Neu.png?fit=499%2C200&ssl=1\",\"width\":499,\"height\":200,\"caption\":\"JazzZeitung online\"},\"image\":{\"@id\":\"https:\\\/\\\/www.jazzzeitung.de\\\/cms\\\/#\\\/schema\\\/logo\\\/image\\\/\"},\"sameAs\":[\"https:\\\/\\\/www.facebook.com\\\/JazzZeitung\\\/\"]},{\"@type\":\"Person\",\"@id\":\"https:\\\/\\\/www.jazzzeitung.de\\\/cms\\\/#\\\/schema\\\/person\\\/2245b36b9cd1d24cea10f01c031fb92b\",\"name\":\"Redaktion JazzZeitung\",\"image\":{\"@type\":\"ImageObject\",\"inLanguage\":\"de\",\"@id\":\"https:\\\/\\\/i0.wp.com\\\/www.jazzzeitung.de\\\/cms\\\/wp-content\\\/uploads\\\/2015\\\/08\\\/JAZZZEITUNGDE_Logo_Neu.png?resize=96%2C96&ssl=159975dcacb611b5700bd619b5daf0a7a\",\"url\":\"https:\\\/\\\/i0.wp.com\\\/www.jazzzeitung.de\\\/cms\\\/wp-content\\\/uploads\\\/2015\\\/08\\\/JAZZZEITUNGDE_Logo_Neu.png?resize=96%2C96&ssl=1\",\"contentUrl\":\"https:\\\/\\\/i0.wp.com\\\/www.jazzzeitung.de\\\/cms\\\/wp-content\\\/uploads\\\/2015\\\/08\\\/JAZZZEITUNGDE_Logo_Neu.png?resize=96%2C96&ssl=1\",\"caption\":\"Redaktion JazzZeitung\"},\"description\":\"Artikel der Redaktion der JazzZeitung.\",\"sameAs\":[\"http:\\\/\\\/www.jazzzeitung.de\\\/cms\\\/\"],\"url\":\"https:\\\/\\\/www.jazzzeitung.de\\\/cms\\\/author\\\/redaktion\\\/\"}]}<\/script>\n<!-- \/ Yoast SEO plugin. -->","yoast_head_json":{"title":"Das M\u00fcnchner Festival \u201eJazz im Sommer\u201c: genre- und grenz\u00fcberschreitend! - JazzZeitung","robots":{"index":"index","follow":"follow","max-snippet":"max-snippet:-1","max-image-preview":"max-image-preview:large","max-video-preview":"max-video-preview:-1"},"canonical":"https:\/\/www.jazzzeitung.de\/cms\/2021\/08\/das-muenchner-festival-jazz-im-sommer-genre-und-grenzueberschreitend\/","og_locale":"de_DE","og_type":"article","og_title":"Das M\u00fcnchner Festival \u201eJazz im Sommer\u201c: genre- und grenz\u00fcberschreitend! - JazzZeitung","og_description":"Endlich mal wieder raus und live Open Air Musik h\u00f6ren. Das Einzige, was man dieses Jahr dabei immer fest im Blick haben muss: die Wetter-App. Dem M\u00fcnchner \u201eJazz im Sommer\u201c war Petrus im Gro\u00dfen und Ganzen wohl gesonnen, und so konnten die zahlreichen Besucher das abwechslungsreiche Festivalprogramm gr\u00f6\u00dftenteils bei Sonnenschein, vor allem aber trocken, in vollen Z\u00fcgen genie\u00dfen. \u00a0Vor allem Open Air findet Kultur vor gr\u00f6\u00dferem Publikum nach langem Darben endlich wieder statt. Die JazzStiftung M\u00fcnchen, mucjazz e.\u00ad\u00a0V. und der Jazzclub Unterfahrt haben sich f\u00fcr den von der Landeshauptstadt organisierten \u201eKultursommer in der Stadt\u201c zusammen gefunden und an verschiedenen Standorten ein sensationelles Programm auf die Beine gestellt. Genre\u00fcbergreifend wurde der \u201eJazz im Sommer\u201c auf der Theresienwiese, auf dem Areal von \u201eKunst im Quadrat\u201c, von der M\u00fcnchner Band SiEA er\u00f6ffnet. Vor eindrucksvoller Kulisse mit beleuchteten Jahrmarktfahrgesch\u00e4ften im Hintergrund groovten die M\u00e4dels von SiEA (mit dem Posaunisten Thorben Sch\u00fctt als Gast in SiEA-typischem outfit) \u00fcber die B\u00fchne und holten mit ihrem kompromisslosen Indie-Jazz-Pop-Techno das Publikum von den Sitzen. Ein gelungener Auftakt! Voll bis zum letzten Platz In der Woche darauf traten auf dem \u201eKunst im Quadrat\u201c Areal &hellip;","og_url":"https:\/\/www.jazzzeitung.de\/cms\/2021\/08\/das-muenchner-festival-jazz-im-sommer-genre-und-grenzueberschreitend\/","og_site_name":"JazzZeitung","article_publisher":"https:\/\/www.facebook.com\/JazzZeitung\/","article_published_time":"2021-08-31T07:00:22+00:00","article_modified_time":"2021-08-31T14:24:00+00:00","og_image":[{"width":1200,"height":811,"url":"https:\/\/i0.wp.com\/www.jazzzeitung.de\/cms\/wp-content\/uploads\/2021\/08\/P1211883-Tingvall-Trio-Foto-TJ-Krebs-1.jpg?fit=1200%2C811&ssl=1","type":"image\/jpeg"}],"author":"Redaktion JazzZeitung","schema":{"@context":"https:\/\/schema.org","@graph":[{"@type":"Article","@id":"https:\/\/www.jazzzeitung.de\/cms\/2021\/08\/das-muenchner-festival-jazz-im-sommer-genre-und-grenzueberschreitend\/#article","isPartOf":{"@id":"https:\/\/www.jazzzeitung.de\/cms\/2021\/08\/das-muenchner-festival-jazz-im-sommer-genre-und-grenzueberschreitend\/"},"author":{"name":"Redaktion JazzZeitung","@id":"https:\/\/www.jazzzeitung.de\/cms\/#\/schema\/person\/2245b36b9cd1d24cea10f01c031fb92b"},"headline":"Das M\u00fcnchner Festival \u201eJazz im Sommer\u201c: genre- und grenz\u00fcberschreitend!","datePublished":"2021-08-31T07:00:22+00:00","dateModified":"2021-08-31T14:24:00+00:00","mainEntityOfPage":{"@id":"https:\/\/www.jazzzeitung.de\/cms\/2021\/08\/das-muenchner-festival-jazz-im-sommer-genre-und-grenzueberschreitend\/"},"wordCount":741,"commentCount":0,"publisher":{"@id":"https:\/\/www.jazzzeitung.de\/cms\/#organization"},"image":{"@id":"https:\/\/www.jazzzeitung.de\/cms\/2021\/08\/das-muenchner-festival-jazz-im-sommer-genre-und-grenzueberschreitend\/#primaryimage"},"thumbnailUrl":"https:\/\/i0.wp.com\/www.jazzzeitung.de\/cms\/wp-content\/uploads\/2021\/08\/P1211883-Tingvall-Trio-Foto-TJ-Krebs-1.jpg?fit=1200%2C811&ssl=1","keywords":["Aki Takase","Aki Takase Japanic","aMuse","aMUSE - singin poetry","Andrea Hermenau","Andrea Hermenau Quartett","Bastian J\u00fctte","Daniel Erdmann","DJ Illvibe","Jazzzeitung","JazzZeitung.de","Johannes Fink","Karoline Weidt","Kilian Sladek","Leo Betzl","Loreen Sima","Magnus Dauner","Magnus Narvesen","Monika Roscher","Nachrichten JazzZeitung","Nick Woodland","Peter O'Mara","SiEA","Sven Faller","Thomas J. Krebs","Thorben Sch\u00fctt","Till Martin","Tilman Herpichb\u00f6hm","Tim Collins Quartett","Tingvall Trio","TMT xplosif","Tom Jahn","Veterinary Street Jazz Band"],"articleSection":["Bericht"],"inLanguage":"de","potentialAction":[{"@type":"CommentAction","name":"Comment","target":["https:\/\/www.jazzzeitung.de\/cms\/2021\/08\/das-muenchner-festival-jazz-im-sommer-genre-und-grenzueberschreitend\/#respond"]}]},{"@type":"WebPage","@id":"https:\/\/www.jazzzeitung.de\/cms\/2021\/08\/das-muenchner-festival-jazz-im-sommer-genre-und-grenzueberschreitend\/","url":"https:\/\/www.jazzzeitung.de\/cms\/2021\/08\/das-muenchner-festival-jazz-im-sommer-genre-und-grenzueberschreitend\/","name":"Das M\u00fcnchner Festival \u201eJazz im Sommer\u201c: genre- und grenz\u00fcberschreitend! - JazzZeitung","isPartOf":{"@id":"https:\/\/www.jazzzeitung.de\/cms\/#website"},"primaryImageOfPage":{"@id":"https:\/\/www.jazzzeitung.de\/cms\/2021\/08\/das-muenchner-festival-jazz-im-sommer-genre-und-grenzueberschreitend\/#primaryimage"},"image":{"@id":"https:\/\/www.jazzzeitung.de\/cms\/2021\/08\/das-muenchner-festival-jazz-im-sommer-genre-und-grenzueberschreitend\/#primaryimage"},"thumbnailUrl":"https:\/\/i0.wp.com\/www.jazzzeitung.de\/cms\/wp-content\/uploads\/2021\/08\/P1211883-Tingvall-Trio-Foto-TJ-Krebs-1.jpg?fit=1200%2C811&ssl=1","datePublished":"2021-08-31T07:00:22+00:00","dateModified":"2021-08-31T14:24:00+00:00","breadcrumb":{"@id":"https:\/\/www.jazzzeitung.de\/cms\/2021\/08\/das-muenchner-festival-jazz-im-sommer-genre-und-grenzueberschreitend\/#breadcrumb"},"inLanguage":"de","potentialAction":[{"@type":"ReadAction","target":["https:\/\/www.jazzzeitung.de\/cms\/2021\/08\/das-muenchner-festival-jazz-im-sommer-genre-und-grenzueberschreitend\/"]}]},{"@type":"ImageObject","inLanguage":"de","@id":"https:\/\/www.jazzzeitung.de\/cms\/2021\/08\/das-muenchner-festival-jazz-im-sommer-genre-und-grenzueberschreitend\/#primaryimage","url":"https:\/\/i0.wp.com\/www.jazzzeitung.de\/cms\/wp-content\/uploads\/2021\/08\/P1211883-Tingvall-Trio-Foto-TJ-Krebs-1.jpg?fit=1200%2C811&ssl=1","contentUrl":"https:\/\/i0.wp.com\/www.jazzzeitung.de\/cms\/wp-content\/uploads\/2021\/08\/P1211883-Tingvall-Trio-Foto-TJ-Krebs-1.jpg?fit=1200%2C811&ssl=1","width":1200,"height":811,"caption":"Tingvall Trio - Foto TJ Krebs"},{"@type":"BreadcrumbList","@id":"https:\/\/www.jazzzeitung.de\/cms\/2021\/08\/das-muenchner-festival-jazz-im-sommer-genre-und-grenzueberschreitend\/#breadcrumb","itemListElement":[{"@type":"ListItem","position":1,"name":"Startseite","item":"https:\/\/www.jazzzeitung.de\/cms\/"},{"@type":"ListItem","position":2,"name":"Das M\u00fcnchner Festival \u201eJazz im Sommer\u201c: genre- und grenz\u00fcberschreitend!"}]},{"@type":"WebSite","@id":"https:\/\/www.jazzzeitung.de\/cms\/#website","url":"https:\/\/www.jazzzeitung.de\/cms\/","name":"JazzZeitung","description":"Jazz-News und Jazz-Kontroverses","publisher":{"@id":"https:\/\/www.jazzzeitung.de\/cms\/#organization"},"potentialAction":[{"@type":"SearchAction","target":{"@type":"EntryPoint","urlTemplate":"https:\/\/www.jazzzeitung.de\/cms\/?s={search_term_string}"},"query-input":{"@type":"PropertyValueSpecification","valueRequired":true,"valueName":"search_term_string"}}],"inLanguage":"de"},{"@type":"Organization","@id":"https:\/\/www.jazzzeitung.de\/cms\/#organization","name":"JazzZeitung online","url":"https:\/\/www.jazzzeitung.de\/cms\/","logo":{"@type":"ImageObject","inLanguage":"de","@id":"https:\/\/www.jazzzeitung.de\/cms\/#\/schema\/logo\/image\/","url":"https:\/\/i0.wp.com\/www.jazzzeitung.de\/cms\/wp-content\/uploads\/2015\/08\/JAZZZEITUNGDE_Logo_Neu.png?fit=499%2C200&ssl=1","contentUrl":"https:\/\/i0.wp.com\/www.jazzzeitung.de\/cms\/wp-content\/uploads\/2015\/08\/JAZZZEITUNGDE_Logo_Neu.png?fit=499%2C200&ssl=1","width":499,"height":200,"caption":"JazzZeitung online"},"image":{"@id":"https:\/\/www.jazzzeitung.de\/cms\/#\/schema\/logo\/image\/"},"sameAs":["https:\/\/www.facebook.com\/JazzZeitung\/"]},{"@type":"Person","@id":"https:\/\/www.jazzzeitung.de\/cms\/#\/schema\/person\/2245b36b9cd1d24cea10f01c031fb92b","name":"Redaktion JazzZeitung","image":{"@type":"ImageObject","inLanguage":"de","@id":"https:\/\/i0.wp.com\/www.jazzzeitung.de\/cms\/wp-content\/uploads\/2015\/08\/JAZZZEITUNGDE_Logo_Neu.png?resize=96%2C96&ssl=159975dcacb611b5700bd619b5daf0a7a","url":"https:\/\/i0.wp.com\/www.jazzzeitung.de\/cms\/wp-content\/uploads\/2015\/08\/JAZZZEITUNGDE_Logo_Neu.png?resize=96%2C96&ssl=1","contentUrl":"https:\/\/i0.wp.com\/www.jazzzeitung.de\/cms\/wp-content\/uploads\/2015\/08\/JAZZZEITUNGDE_Logo_Neu.png?resize=96%2C96&ssl=1","caption":"Redaktion JazzZeitung"},"description":"Artikel der Redaktion der JazzZeitung.","sameAs":["http:\/\/www.jazzzeitung.de\/cms\/"],"url":"https:\/\/www.jazzzeitung.de\/cms\/author\/redaktion\/"}]}},"wp-worthy-pixel":{"ignored":false,"public":null,"server":null,"url":null},"wp-worthy-type":"normal","jetpack_publicize_connections":[],"cc_featured_image_caption":{"caption_text":"","source_text":"","source_url":""},"jetpack_featured_media_url":"https:\/\/i0.wp.com\/www.jazzzeitung.de\/cms\/wp-content\/uploads\/2021\/08\/P1211883-Tingvall-Trio-Foto-TJ-Krebs-1.jpg?fit=1200%2C811&ssl=1","jetpack_shortlink":"https:\/\/wp.me\/p3KEcT-6EC","jetpack-related-posts":[{"id":25830,"url":"https:\/\/www.jazzzeitung.de\/cms\/2021\/09\/albert-mangelsdorff-preis-2021-geht-an-aki-takase\/","url_meta":{"origin":25582,"position":0},"title":"Albert-Mangelsdorff-Preis 2021 geht an Aki Takase","author":"Redaktion JazzZeitung","date":"20. September 2021","format":false,"excerpt":"Die Berliner Pianistin Aki Takase wird von der Deutschen Jazzunion mit dem Albert-Mangelsdorff-Preis 2021 f\u00fcr ihr Lebenswerk und ihre Verdienste f\u00fcr den Jazz in Deutschland ausgezeichnet. Die Preisverleihung mit Konzert der Preistr\u00e4gerin findet am 5. November 2021 im Rahmen des Jazzfest Berlin statt, dessen Gesamtprogramm am 30. September ver\u00f6ffentlicht wird.\u2026","rel":"","context":"In &quot;News&quot;","block_context":{"text":"News","link":"https:\/\/www.jazzzeitung.de\/cms\/thema\/nachrichten\/"},"img":{"alt_text":"","src":"https:\/\/i0.wp.com\/www.jazzzeitung.de\/cms\/wp-content\/uploads\/2021\/09\/AkiTakaseByZigaKoritnik-scaled-1-e1632125752971.jpg?fit=1200%2C1023&ssl=1&resize=350%2C200","width":350,"height":200,"srcset":"https:\/\/i0.wp.com\/www.jazzzeitung.de\/cms\/wp-content\/uploads\/2021\/09\/AkiTakaseByZigaKoritnik-scaled-1-e1632125752971.jpg?fit=1200%2C1023&ssl=1&resize=350%2C200 1x, https:\/\/i0.wp.com\/www.jazzzeitung.de\/cms\/wp-content\/uploads\/2021\/09\/AkiTakaseByZigaKoritnik-scaled-1-e1632125752971.jpg?fit=1200%2C1023&ssl=1&resize=525%2C300 1.5x, https:\/\/i0.wp.com\/www.jazzzeitung.de\/cms\/wp-content\/uploads\/2021\/09\/AkiTakaseByZigaKoritnik-scaled-1-e1632125752971.jpg?fit=1200%2C1023&ssl=1&resize=700%2C400 2x, https:\/\/i0.wp.com\/www.jazzzeitung.de\/cms\/wp-content\/uploads\/2021\/09\/AkiTakaseByZigaKoritnik-scaled-1-e1632125752971.jpg?fit=1200%2C1023&ssl=1&resize=1050%2C600 3x"},"classes":[]},{"id":21732,"url":"https:\/\/www.jazzzeitung.de\/cms\/2020\/01\/bmw-welt-jazz-award-2020-das-andrea-hermenau-quintett-bestreitet-das-zweite-dienstagskonzert\/","url_meta":{"origin":25582,"position":1},"title":"BMW Welt Jazz Award 2020: Das Andrea Hermenau Quintett bestreitet das zweite Dienstagskonzert","author":"Thomas J. Krebs","date":"24. Januar 2020","format":false,"excerpt":"Jazz & Lyrik zur Nacht: mit ihrem Programm \u201eNachtpracht\u201c hat Andrea Hermenau und ihr Quintett\u00a0 auf jeden Fall Ma\u00dfst\u00e4be gesetzt, an dem sich die Mitbewerber werden messen lassen m\u00fcssen. Eine Konzertkritik\u00a0 lesen Sie unter www.nmz.de Text & Fotos: TJ Krebs","rel":"","context":"In &quot;Galerie&quot;","block_context":{"text":"Galerie","link":"https:\/\/www.jazzzeitung.de\/cms\/thema\/galerie\/"},"img":{"alt_text":"","src":"https:\/\/i0.wp.com\/www.jazzzeitung.de\/cms\/wp-content\/uploads\/2020\/01\/P1661527-Andrea-Hermenau-Quintet-Foto-TJ-Krebs.jpg?fit=1200%2C800&ssl=1&resize=350%2C200","width":350,"height":200,"srcset":"https:\/\/i0.wp.com\/www.jazzzeitung.de\/cms\/wp-content\/uploads\/2020\/01\/P1661527-Andrea-Hermenau-Quintet-Foto-TJ-Krebs.jpg?fit=1200%2C800&ssl=1&resize=350%2C200 1x, https:\/\/i0.wp.com\/www.jazzzeitung.de\/cms\/wp-content\/uploads\/2020\/01\/P1661527-Andrea-Hermenau-Quintet-Foto-TJ-Krebs.jpg?fit=1200%2C800&ssl=1&resize=525%2C300 1.5x, https:\/\/i0.wp.com\/www.jazzzeitung.de\/cms\/wp-content\/uploads\/2020\/01\/P1661527-Andrea-Hermenau-Quintet-Foto-TJ-Krebs.jpg?fit=1200%2C800&ssl=1&resize=700%2C400 2x, https:\/\/i0.wp.com\/www.jazzzeitung.de\/cms\/wp-content\/uploads\/2020\/01\/P1661527-Andrea-Hermenau-Quintet-Foto-TJ-Krebs.jpg?fit=1200%2C800&ssl=1&resize=1050%2C600 3x"},"classes":[]},{"id":9720,"url":"https:\/\/www.jazzzeitung.de\/cms\/2016\/07\/der-jazz-sommer-im-bayerischen-hof-eine-fotografische-nachlese\/","url_meta":{"origin":25582,"position":2},"title":"Der Jazz Sommer im Bayerischen Hof &#8211; eine fotografische Nachlese","author":"Redaktion JazzZeitung","date":"26. Juli 2016","format":false,"excerpt":"Text und Fotos: TJ Krebs - Gut eine Woche gaben sich internationale Jazz Gr\u00f6\u00dfen die Klinke in die Hand und verwandelten das M\u00fcnchner Hotel Bayerischer Hof in ein Jazz-Mekka zu dem die Fans pilgerten. Angefangen von Marcus Miller, der den Festsaal zum Kochen brachte, \u00fcber bluesige Kl\u00e4nge von Robben Ford\u2026","rel":"","context":"In &quot;Galerie&quot;","block_context":{"text":"Galerie","link":"https:\/\/www.jazzzeitung.de\/cms\/thema\/galerie\/"},"img":{"alt_text":"","src":"https:\/\/i0.wp.com\/www.jazzzeitung.de\/cms\/wp-content\/uploads\/2016\/07\/01-P1130165-Marcus-Miller-Foto-TJ-Krebs-1.jpg?resize=350%2C200","width":350,"height":200,"srcset":"https:\/\/i0.wp.com\/www.jazzzeitung.de\/cms\/wp-content\/uploads\/2016\/07\/01-P1130165-Marcus-Miller-Foto-TJ-Krebs-1.jpg?resize=350%2C200 1x, https:\/\/i0.wp.com\/www.jazzzeitung.de\/cms\/wp-content\/uploads\/2016\/07\/01-P1130165-Marcus-Miller-Foto-TJ-Krebs-1.jpg?resize=525%2C300 1.5x"},"classes":[]},{"id":25615,"url":"https:\/\/www.jazzzeitung.de\/cms\/2021\/09\/aus-der-hoerbar-der-nmz-duos-in-jazz-und-improvisation\/","url_meta":{"origin":25582,"position":3},"title":"Aus der H\u00f6rBar der nmz: Duos in Jazz und Improvisation","author":"Huflaikhan","date":"1. September 2021","format":false,"excerpt":"Ob Aki Takase mit Daniel Erdmann oder Daniel Herskedahl mit Magnus Moksnes Myhre. In der vorletzten Woche hat sich @huflaikhan in der H\u00f6rBar f\u00fcnf aktuelle CDs in Duoformationen etwas genauer angeh\u00f6rt: Takase\/Erdmann \u2013 Isn\u2019t it Romantic?, Poulsen\/Fryland \u2013 Dream a World, Fleischwolf \u2013 Einst, Duo Sonoma I und Herskedahl, Myhre\u2026","rel":"","context":"In &quot;Rezension&quot;","block_context":{"text":"Rezension","link":"https:\/\/www.jazzzeitung.de\/cms\/thema\/rezension\/"},"img":{"alt_text":"Takase\/Erdmann \u2013 Isn\u2019t it Romantic?","src":"https:\/\/i0.wp.com\/www.jazzzeitung.de\/cms\/wp-content\/uploads\/2021\/08\/kw33_takase_erdmann.jpg?fit=1200%2C1063&ssl=1&resize=350%2C200","width":350,"height":200,"srcset":"https:\/\/i0.wp.com\/www.jazzzeitung.de\/cms\/wp-content\/uploads\/2021\/08\/kw33_takase_erdmann.jpg?fit=1200%2C1063&ssl=1&resize=350%2C200 1x, https:\/\/i0.wp.com\/www.jazzzeitung.de\/cms\/wp-content\/uploads\/2021\/08\/kw33_takase_erdmann.jpg?fit=1200%2C1063&ssl=1&resize=525%2C300 1.5x, https:\/\/i0.wp.com\/www.jazzzeitung.de\/cms\/wp-content\/uploads\/2021\/08\/kw33_takase_erdmann.jpg?fit=1200%2C1063&ssl=1&resize=700%2C400 2x, https:\/\/i0.wp.com\/www.jazzzeitung.de\/cms\/wp-content\/uploads\/2021\/08\/kw33_takase_erdmann.jpg?fit=1200%2C1063&ssl=1&resize=1050%2C600 3x"},"classes":[]},{"id":33814,"url":"https:\/\/www.jazzzeitung.de\/cms\/2026\/04\/aki-takase-erhaelt-den-deutschen-jazzpreis-2026-fuer-ihr-lebenswerk\/","url_meta":{"origin":25582,"position":4},"title":"Aki Takase erh\u00e4lt den Deutschen Jazzpreis 2026 f\u00fcr ihr Lebenswerk","author":"Redaktion JazzZeitung","date":"15. April 2026","format":false,"excerpt":"Aki Takase erh\u00e4lt den Deutschen Jazzpreis 2026 f\u00fcr ihr Lebenswerk","rel":"","context":"In &quot;News&quot;","block_context":{"text":"News","link":"https:\/\/www.jazzzeitung.de\/cms\/thema\/nachrichten\/"},"img":{"alt_text":"Aki Takase. \u00a9 Frank Siemers","src":"https:\/\/i0.wp.com\/www.jazzzeitung.de\/cms\/wp-content\/uploads\/2026\/04\/Aki-Takase-by-frank-siemers-scaled.jpeg?fit=1200%2C1137&ssl=1&resize=350%2C200","width":350,"height":200,"srcset":"https:\/\/i0.wp.com\/www.jazzzeitung.de\/cms\/wp-content\/uploads\/2026\/04\/Aki-Takase-by-frank-siemers-scaled.jpeg?fit=1200%2C1137&ssl=1&resize=350%2C200 1x, https:\/\/i0.wp.com\/www.jazzzeitung.de\/cms\/wp-content\/uploads\/2026\/04\/Aki-Takase-by-frank-siemers-scaled.jpeg?fit=1200%2C1137&ssl=1&resize=525%2C300 1.5x, https:\/\/i0.wp.com\/www.jazzzeitung.de\/cms\/wp-content\/uploads\/2026\/04\/Aki-Takase-by-frank-siemers-scaled.jpeg?fit=1200%2C1137&ssl=1&resize=700%2C400 2x, https:\/\/i0.wp.com\/www.jazzzeitung.de\/cms\/wp-content\/uploads\/2026\/04\/Aki-Takase-by-frank-siemers-scaled.jpeg?fit=1200%2C1137&ssl=1&resize=1050%2C600 3x"},"classes":[]},{"id":21690,"url":"https:\/\/www.jazzzeitung.de\/cms\/2020\/01\/bmw-welt-jazz-award-2020-das-erste-dienstagskonzert\/","url_meta":{"origin":25582,"position":5},"title":"BMW Welt Jazz Award 2020: das erste Dienstagskonzert","author":"Redaktion JazzZeitung","date":"16. Januar 2020","format":false,"excerpt":"Dass Cecilie Grundt nicht nur Musik studiert hat, sondern auch Architektur, glaubt man ihren Kompositionen anzumerken. Obwohl sie ihren Musikern genug Freiraum f\u00fcr Improvisationen und eigenen Ausdruck gibt, ist bei ihren Klanggeb\u00e4uden nichts dem Zufall \u00fcberlassen. Das 90-min\u00fctige (!) Konzert ohne Pause bot dem Quintett Gelegenheit, alle St\u00fccke ihrer neuen\u2026","rel":"","context":"In &quot;Bericht&quot;","block_context":{"text":"Bericht","link":"https:\/\/www.jazzzeitung.de\/cms\/thema\/bericht\/"},"img":{"alt_text":"","src":"https:\/\/i0.wp.com\/www.jazzzeitung.de\/cms\/wp-content\/uploads\/2020\/01\/P1650147-Cecilie-Grundt-Quintett-Foto-TJ-Krebs.jpg?fit=1200%2C800&ssl=1&resize=350%2C200","width":350,"height":200,"srcset":"https:\/\/i0.wp.com\/www.jazzzeitung.de\/cms\/wp-content\/uploads\/2020\/01\/P1650147-Cecilie-Grundt-Quintett-Foto-TJ-Krebs.jpg?fit=1200%2C800&ssl=1&resize=350%2C200 1x, https:\/\/i0.wp.com\/www.jazzzeitung.de\/cms\/wp-content\/uploads\/2020\/01\/P1650147-Cecilie-Grundt-Quintett-Foto-TJ-Krebs.jpg?fit=1200%2C800&ssl=1&resize=525%2C300 1.5x, https:\/\/i0.wp.com\/www.jazzzeitung.de\/cms\/wp-content\/uploads\/2020\/01\/P1650147-Cecilie-Grundt-Quintett-Foto-TJ-Krebs.jpg?fit=1200%2C800&ssl=1&resize=700%2C400 2x, https:\/\/i0.wp.com\/www.jazzzeitung.de\/cms\/wp-content\/uploads\/2020\/01\/P1650147-Cecilie-Grundt-Quintett-Foto-TJ-Krebs.jpg?fit=1200%2C800&ssl=1&resize=1050%2C600 3x"},"classes":[]}],"jetpack_sharing_enabled":true,"_links":{"self":[{"href":"https:\/\/www.jazzzeitung.de\/cms\/wp-json\/wp\/v2\/posts\/25582","targetHints":{"allow":["GET"]}}],"collection":[{"href":"https:\/\/www.jazzzeitung.de\/cms\/wp-json\/wp\/v2\/posts"}],"about":[{"href":"https:\/\/www.jazzzeitung.de\/cms\/wp-json\/wp\/v2\/types\/post"}],"author":[{"embeddable":true,"href":"https:\/\/www.jazzzeitung.de\/cms\/wp-json\/wp\/v2\/users\/18"}],"replies":[{"embeddable":true,"href":"https:\/\/www.jazzzeitung.de\/cms\/wp-json\/wp\/v2\/comments?post=25582"}],"version-history":[{"count":7,"href":"https:\/\/www.jazzzeitung.de\/cms\/wp-json\/wp\/v2\/posts\/25582\/revisions"}],"predecessor-version":[{"id":25611,"href":"https:\/\/www.jazzzeitung.de\/cms\/wp-json\/wp\/v2\/posts\/25582\/revisions\/25611"}],"wp:featuredmedia":[{"embeddable":true,"href":"https:\/\/www.jazzzeitung.de\/cms\/wp-json\/wp\/v2\/media\/25585"}],"wp:attachment":[{"href":"https:\/\/www.jazzzeitung.de\/cms\/wp-json\/wp\/v2\/media?parent=25582"}],"wp:term":[{"taxonomy":"category","embeddable":true,"href":"https:\/\/www.jazzzeitung.de\/cms\/wp-json\/wp\/v2\/categories?post=25582"},{"taxonomy":"post_tag","embeddable":true,"href":"https:\/\/www.jazzzeitung.de\/cms\/wp-json\/wp\/v2\/tags?post=25582"},{"taxonomy":"author","embeddable":true,"href":"https:\/\/www.jazzzeitung.de\/cms\/wp-json\/wp\/v2\/coauthors?post=25582"}],"curies":[{"name":"wp","href":"https:\/\/api.w.org\/{rel}","templated":true}]}}