{"id":25553,"date":"2021-08-27T14:50:10","date_gmt":"2021-08-27T12:50:10","guid":{"rendered":"https:\/\/www.jazzzeitung.de\/cms\/?p=25553"},"modified":"2021-08-27T14:50:10","modified_gmt":"2021-08-27T12:50:10","slug":"news-neues-veranstaltungsformat-erstmals-jazzpicknick-in-cottbus-international-jazz-composers-symposium","status":"publish","type":"post","link":"https:\/\/www.jazzzeitung.de\/cms\/2021\/08\/news-neues-veranstaltungsformat-erstmals-jazzpicknick-in-cottbus-international-jazz-composers-symposium\/","title":{"rendered":"+++ news +++ Neues Veranstaltungsformat: erstmals Jazzpicknick in Cottbus +++ International Jazz Composers&#8216; Symposium +++"},"content":{"rendered":"<div id=\"page-zones__main-widgets__content3\" class=\"content widget js-widget\" data-name=\"content\" data-uniqueid=\"eT6KCINwxahJGpY\" data-parentuniqueid=\"\">\n<div class=\"bk-content-text js-text-content wysihtml-editor-content\">\n<h2>Neues Veranstaltungsformat in Cottbus:<\/h2>\n<h3><b>Am 29. August 2021 findet im Cottbusser <\/b><b>GLAD HOUSE ab 12:00 Uhr erstmals das Jazzpicknick statt.<br \/>\n<\/b><\/h3>\n<\/div>\n<\/div>\n<div id=\"page-zones__main-widgets__responsivecolumns13\" class=\"responsivecolumns widget js-widget\" data-name=\"responsivecolumns\" data-uniqueid=\"MAdRUhE2gk0DaWW\" data-parentuniqueid=\"\">\n<section id=\"page-zones__main-widgets__responsivecolumns13-zones__column\" class=\"bk-zone column columns-two-left\" data-uniqueid=\"SQr1Ot7liZEEN2f\" data-parentuniqueid=\"MAdRUhE2gk0DaWW\">\n<div id=\"page-zones__main-widgets__responsivecolumns13-zones__column-widgets__content1\" class=\"content widget js-widget\" data-name=\"content\" data-uniqueid=\"URzs0vkazyFzBfq\" data-parentuniqueid=\"SQr1Ot7liZEEN2f\">\n<p class=\"bk-content-text js-text-content wysihtml-editor-content\">Das Format umfasst neben verschiedenen Auftritten auch ein Kinderkonzert des Krodokul Trios und eine Lesung von Therese H\u00e4mer \u00fcber Leben und Werk der j\u00fcdischen Malerin Charlotte Salomon. F\u00fcr eine ansprechende, interessante Atmosph\u00e4re sorgt unter anderem auch Chris Hinzes Installation Zeitzone<b> \u2013<\/b> 21 schwebende Pendel.<\/p>\n<p class=\"bk-content-text js-text-content wysihtml-editor-content\">Gef\u00f6rdert durch wird die Veranstaltungsreihe durch die Initiative Musik gemeinn\u00fctzige Projektgesellschaft mbH im Rahmen von Neustart Kultur mit Projektmitteln der Beauftragten der Bundesregierung f\u00fcr Kultur und Medien.<\/p>\n<div class=\"bk-content-text js-text-content wysihtml-editor-content\">Die Zeiten im \u00dcberblick:<\/div>\n<div>\n<p>12.00 Uhr: Jazz f\u00fcr Kinder &#8211; Krokodil Trio<\/p>\n<p>15.00 Uhr: Therese H\u00e4mer \/ Juli Sassoon Quartet<\/p>\n<p>18.00 Uhr: Aziola \/ Uschi Br\u00fcnung Sings Billie Holiday \/ New Generation of Sisters &amp; Brotherhood<\/p>\n<\/div>\n<\/div>\n<p>Alle Infos zur Veranstaltungsreihe unter: <a href=\"https:\/\/www.jazzwerkstatt.eu\/\">https:\/\/www.jazzwerkstatt.eu\/<\/a><\/p>\n<\/section>\n<\/div>\n<div id=\"page-zones__main-widgets__responsivecolumns10\" class=\"responsivecolumns widget js-widget\" data-name=\"responsivecolumns\" data-uniqueid=\"05cXRUW69X1sbde\" data-parentuniqueid=\"\">\n<section id=\"page-zones__main-widgets__responsivecolumns10-zones__column\" class=\"bk-zone column columns-two-left\" data-uniqueid=\"ajNXlFz2U0ED9Pv\" data-parentuniqueid=\"05cXRUW69X1sbde\">\n<div id=\"page-zones__main-widgets__responsivecolumns10-zones__column-widgets__content\" class=\"content widget js-widget\" data-name=\"content\" data-uniqueid=\"E4kw2nnQ4Thj1cu\" data-parentuniqueid=\"ajNXlFz2U0ED9Pv\">\n<div class=\"bk-content-text js-text-content wysihtml-editor-content\">\n<p>&nbsp;<\/p>\n<\/div>\n<\/div>\n<\/section>\n<\/div>\n<h2><em><sup>5TH<\/sup> International Jazz Composers\u2019 <\/em><em>Symposium<\/em><\/h2>\n<p>Am 12. bis 14. Mai 2022 findet mit Unterst\u00fctzung der University of Texas und der International Society of Jazz Arrangers &amp; Composers in der Butler School of Musik der University of Texas in Austin, Texas, das f\u00fcnfte Internationale Jazz-Komponisten Symposion statt. Das Symposion bietet Jazz-KomponistInnen jeden Alters und jeder Nationalit\u00e4t ein Forum zum informellen Austausch von Ideen, Informationen und Inspirationen. Es umfasst eine Reihe von Konzerten, Vortr\u00e4gen, Meisterkursen, Podiumsdiskussionen, Forschungspr\u00e4sentationen und Tagungen und wird dieses Jahr unter anderem von Gr\u00f6\u00dfen wie <span class=\"s1\">Terri Lyne Carrington, Miguel Zenon, Jim McNeely, John Clayton und Miho Hazama begleitet. <\/span><\/p>\n<p>Die Anmeldung f\u00fcr das <em><sup>5TH<\/sup> International Jazz Composers\u2019\u00a0 <\/em><em>Symposium <\/em>ist bereits er\u00f6ffnet. Bis zum 31. M\u00e4rz 2022 gibt es Fr\u00fchbucherrabatte.<\/p>\n<p><span class=\"s1\">KomponistInnen\/ArrangeurInnen jeden Alters und aus aller Welt sind zudem dazu eingeladen, Noten und Aufnahmen zur Einbeziehung in einen der verschiedenen Meisterkurse und zur Ber\u00fccksichtigung f\u00fcr den ISJAC SONIC Award einzureichen. <\/span>Ausgew\u00e4hlte Werke werden zudem dem Publikum pr\u00e4sentiert.<\/p>\n<p>Jede BewerberIn darf lediglich ein Werk einreichen, welches einer der drei folgenden Kategorien zugeordnet sein muss:<\/p>\n<ul class=\"ul1\">\n<li class=\"li1\"><span class=\"s1\">New Music Presentations<\/span><\/li>\n<li class=\"li1\"><span class=\"s1\">New Music Master Class Workshops<\/span><\/li>\n<li class=\"li1\"><span class=\"s1\">Student\/Young Artist Master Class Workshops <\/span><\/li>\n<\/ul>\n<p>Beitr\u00e4ge m\u00fcssen bis zum 14. Oktober 2021 11:59 Uhr Eastern Standard Time eingegangen sein.<\/p>\n<p>Alle weiteren Infos bez\u00fcglich der Veranstaltungen, der Anmeldung, den Zulassungsgeb\u00fchren, den Preisen, dem Bewerbungsprozess und den Vorgaben f\u00fcr die Einreichungen sowie zu den Kategorien unter: <a href=\"https:\/\/isjac.org\/symposium-main\">https:\/\/isjac.org\/symposium-main<\/a><\/p>\n<p>sowie: <a href=\"https:\/\/isjac.org\/symposium\/call-for-scores-and-papers-2022\">https:\/\/isjac.org\/symposium\/call-for-scores-and-papers-2022<\/a><\/p>\n<p>Beitragsbild: <em><sup>5TH<\/sup> International Jazz Composers\u2019 <\/em><em>Symposium-<\/em>Werbebanner. \u00a9 ISJAC<\/p>\n","protected":false},"excerpt":{"rendered":"<p>Neues Veranstaltungsformat in Cottbus: Am 29. August 2021 findet im Cottbusser GLAD HOUSE ab 12:00 Uhr erstmals das Jazzpicknick statt. Das Format umfasst neben verschiedenen Auftritten auch ein Kinderkonzert des Krodokul Trios und eine Lesung von Therese H\u00e4mer \u00fcber Leben und Werk der j\u00fcdischen Malerin Charlotte Salomon. F\u00fcr eine ansprechende, interessante Atmosph\u00e4re sorgt unter anderem auch Chris Hinzes Installation Zeitzone \u2013 21 schwebende Pendel. Gef\u00f6rdert durch wird die Veranstaltungsreihe durch die Initiative Musik gemeinn\u00fctzige Projektgesellschaft mbH im Rahmen von Neustart Kultur mit Projektmitteln der Beauftragten der Bundesregierung f\u00fcr Kultur und Medien. Die Zeiten im \u00dcberblick: 12.00 Uhr: Jazz f\u00fcr Kinder &#8211; Krokodil Trio 15.00 Uhr: Therese H\u00e4mer \/ Juli Sassoon Quartet 18.00 Uhr: Aziola \/ Uschi Br\u00fcnung Sings Billie Holiday \/ New Generation of Sisters &amp; Brotherhood Alle Infos zur Veranstaltungsreihe unter: https:\/\/www.jazzwerkstatt.eu\/ &nbsp; 5TH International Jazz Composers\u2019 Symposium Am 12. bis 14. Mai 2022 findet mit Unterst\u00fctzung der University of Texas und der International Society of Jazz Arrangers &amp; Composers in der Butler School of Musik der University of Texas in Austin, Texas, das f\u00fcnfte Internationale Jazz-Komponisten Symposion statt. Das Symposion bietet Jazz-KomponistInnen jeden &hellip;<\/p>\n","protected":false},"author":18,"featured_media":25567,"comment_status":"open","ping_status":"closed","sticky":false,"template":"","format":"standard","meta":{"_jetpack_memberships_contains_paid_content":false,"footnotes":"","jetpack_publicize_message":"","jetpack_publicize_feature_enabled":true,"jetpack_social_post_already_shared":false,"jetpack_social_options":{"image_generator_settings":{"template":"highway","default_image_id":0,"font":"","enabled":false},"version":2}},"categories":[633],"tags":[3624,3622,3631,3621,3623,3620,294,3625,3626,3630,3628,1215,3627,3633,1951,872,3629,3632],"coauthors":[695],"class_list":["post-25553","post","type-post","status-publish","format-standard","has-post-thumbnail","hentry","category-nachrichten","tag-5th-international-jazz-composers-symposium","tag-austin","tag-aziola","tag-cottbus","tag-international-jazz-composers-symposium","tag-jazzpicknick","tag-jazzzeitung","tag-jim-mcneely","tag-john-clayton","tag-julie-sasson-quartett","tag-krokodil-trio","tag-miguel-zenon","tag-miho-hazama","tag-new-generation-of-sisters-brotherhood","tag-news","tag-terri-lyne-carrington","tag-therese-haemer","tag-uschi-bruenung"],"yoast_head":"<!-- This site is optimized with the Yoast SEO plugin v27.5 - https:\/\/yoast.com\/product\/yoast-seo-wordpress\/ -->\n<title>+++ news +++ Neues Veranstaltungsformat: erstmals Jazzpicknick in Cottbus +++ International Jazz Composers&#039; Symposium +++ - JazzZeitung<\/title>\n<meta name=\"robots\" content=\"index, follow, max-snippet:-1, max-image-preview:large, max-video-preview:-1\" \/>\n<link rel=\"canonical\" href=\"https:\/\/www.jazzzeitung.de\/cms\/2021\/08\/news-neues-veranstaltungsformat-erstmals-jazzpicknick-in-cottbus-international-jazz-composers-symposium\/\" \/>\n<meta property=\"og:locale\" content=\"de_DE\" \/>\n<meta property=\"og:type\" content=\"article\" \/>\n<meta property=\"og:title\" content=\"+++ news +++ Neues Veranstaltungsformat: erstmals Jazzpicknick in Cottbus +++ International Jazz Composers&#039; Symposium +++ - JazzZeitung\" \/>\n<meta property=\"og:description\" content=\"Neues Veranstaltungsformat in Cottbus: Am 29. August 2021 findet im Cottbusser GLAD HOUSE ab 12:00 Uhr erstmals das Jazzpicknick statt. Das Format umfasst neben verschiedenen Auftritten auch ein Kinderkonzert des Krodokul Trios und eine Lesung von Therese H\u00e4mer \u00fcber Leben und Werk der j\u00fcdischen Malerin Charlotte Salomon. F\u00fcr eine ansprechende, interessante Atmosph\u00e4re sorgt unter anderem auch Chris Hinzes Installation Zeitzone \u2013 21 schwebende Pendel. Gef\u00f6rdert durch wird die Veranstaltungsreihe durch die Initiative Musik gemeinn\u00fctzige Projektgesellschaft mbH im Rahmen von Neustart Kultur mit Projektmitteln der Beauftragten der Bundesregierung f\u00fcr Kultur und Medien. Die Zeiten im \u00dcberblick: 12.00 Uhr: Jazz f\u00fcr Kinder &#8211; Krokodil Trio 15.00 Uhr: Therese H\u00e4mer \/ Juli Sassoon Quartet 18.00 Uhr: Aziola \/ Uschi Br\u00fcnung Sings Billie Holiday \/ New Generation of Sisters &amp; Brotherhood Alle Infos zur Veranstaltungsreihe unter: https:\/\/www.jazzwerkstatt.eu\/ &nbsp; 5TH International Jazz Composers\u2019 Symposium Am 12. bis 14. Mai 2022 findet mit Unterst\u00fctzung der University of Texas und der International Society of Jazz Arrangers &amp; Composers in der Butler School of Musik der University of Texas in Austin, Texas, das f\u00fcnfte Internationale Jazz-Komponisten Symposion statt. Das Symposion bietet Jazz-KomponistInnen jeden &hellip;\" \/>\n<meta property=\"og:url\" content=\"https:\/\/www.jazzzeitung.de\/cms\/2021\/08\/news-neues-veranstaltungsformat-erstmals-jazzpicknick-in-cottbus-international-jazz-composers-symposium\/\" \/>\n<meta property=\"og:site_name\" content=\"JazzZeitung\" \/>\n<meta property=\"article:publisher\" content=\"https:\/\/www.facebook.com\/JazzZeitung\/\" \/>\n<meta property=\"article:published_time\" content=\"2021-08-27T12:50:10+00:00\" \/>\n<meta property=\"og:image\" content=\"https:\/\/i0.wp.com\/www.jazzzeitung.de\/cms\/wp-content\/uploads\/2021\/08\/ISAC-Symposium.png?fit=632%2C373&ssl=1\" \/>\n\t<meta property=\"og:image:width\" content=\"632\" \/>\n\t<meta property=\"og:image:height\" content=\"373\" \/>\n\t<meta property=\"og:image:type\" content=\"image\/png\" \/>\n<meta name=\"author\" content=\"Redaktion JazzZeitung\" \/>\n<script type=\"application\/ld+json\" class=\"yoast-schema-graph\">{\"@context\":\"https:\\\/\\\/schema.org\",\"@graph\":[{\"@type\":\"Article\",\"@id\":\"https:\\\/\\\/www.jazzzeitung.de\\\/cms\\\/2021\\\/08\\\/news-neues-veranstaltungsformat-erstmals-jazzpicknick-in-cottbus-international-jazz-composers-symposium\\\/#article\",\"isPartOf\":{\"@id\":\"https:\\\/\\\/www.jazzzeitung.de\\\/cms\\\/2021\\\/08\\\/news-neues-veranstaltungsformat-erstmals-jazzpicknick-in-cottbus-international-jazz-composers-symposium\\\/\"},\"author\":{\"name\":\"Redaktion JazzZeitung\",\"@id\":\"https:\\\/\\\/www.jazzzeitung.de\\\/cms\\\/#\\\/schema\\\/person\\\/2245b36b9cd1d24cea10f01c031fb92b\"},\"headline\":\"+++ news +++ Neues Veranstaltungsformat: erstmals Jazzpicknick in Cottbus +++ International Jazz Composers&#8216; Symposium +++\",\"datePublished\":\"2021-08-27T12:50:10+00:00\",\"mainEntityOfPage\":{\"@id\":\"https:\\\/\\\/www.jazzzeitung.de\\\/cms\\\/2021\\\/08\\\/news-neues-veranstaltungsformat-erstmals-jazzpicknick-in-cottbus-international-jazz-composers-symposium\\\/\"},\"wordCount\":401,\"commentCount\":0,\"publisher\":{\"@id\":\"https:\\\/\\\/www.jazzzeitung.de\\\/cms\\\/#organization\"},\"image\":{\"@id\":\"https:\\\/\\\/www.jazzzeitung.de\\\/cms\\\/2021\\\/08\\\/news-neues-veranstaltungsformat-erstmals-jazzpicknick-in-cottbus-international-jazz-composers-symposium\\\/#primaryimage\"},\"thumbnailUrl\":\"https:\\\/\\\/i0.wp.com\\\/www.jazzzeitung.de\\\/cms\\\/wp-content\\\/uploads\\\/2021\\\/08\\\/ISAC-Symposium.png?fit=632%2C373&ssl=1\",\"keywords\":[\"5TH International Jazz Composers\u2019 Symposium\",\"Austin\",\"Aziola\",\"Cottbus\",\"International Jazz Composers\u2019 Symposium\",\"Jazzpicknick\",\"Jazzzeitung\",\"Jim McNeely\",\"John Clayton\",\"Julie Sasson Quartett\",\"Krokodil Trio\",\"Miguel Zen\u00f3n\",\"Miho Hazama\",\"New Generation of Sisters &amp; Brotherhood\",\"News\",\"Terri Lyne Carrington\",\"Therese H\u00e4mer\",\"Uschi Br\u00fcnung\"],\"articleSection\":[\"News\"],\"inLanguage\":\"de\",\"potentialAction\":[{\"@type\":\"CommentAction\",\"name\":\"Comment\",\"target\":[\"https:\\\/\\\/www.jazzzeitung.de\\\/cms\\\/2021\\\/08\\\/news-neues-veranstaltungsformat-erstmals-jazzpicknick-in-cottbus-international-jazz-composers-symposium\\\/#respond\"]}]},{\"@type\":\"WebPage\",\"@id\":\"https:\\\/\\\/www.jazzzeitung.de\\\/cms\\\/2021\\\/08\\\/news-neues-veranstaltungsformat-erstmals-jazzpicknick-in-cottbus-international-jazz-composers-symposium\\\/\",\"url\":\"https:\\\/\\\/www.jazzzeitung.de\\\/cms\\\/2021\\\/08\\\/news-neues-veranstaltungsformat-erstmals-jazzpicknick-in-cottbus-international-jazz-composers-symposium\\\/\",\"name\":\"+++ news +++ Neues Veranstaltungsformat: erstmals Jazzpicknick in Cottbus +++ International Jazz Composers' Symposium +++ - JazzZeitung\",\"isPartOf\":{\"@id\":\"https:\\\/\\\/www.jazzzeitung.de\\\/cms\\\/#website\"},\"primaryImageOfPage\":{\"@id\":\"https:\\\/\\\/www.jazzzeitung.de\\\/cms\\\/2021\\\/08\\\/news-neues-veranstaltungsformat-erstmals-jazzpicknick-in-cottbus-international-jazz-composers-symposium\\\/#primaryimage\"},\"image\":{\"@id\":\"https:\\\/\\\/www.jazzzeitung.de\\\/cms\\\/2021\\\/08\\\/news-neues-veranstaltungsformat-erstmals-jazzpicknick-in-cottbus-international-jazz-composers-symposium\\\/#primaryimage\"},\"thumbnailUrl\":\"https:\\\/\\\/i0.wp.com\\\/www.jazzzeitung.de\\\/cms\\\/wp-content\\\/uploads\\\/2021\\\/08\\\/ISAC-Symposium.png?fit=632%2C373&ssl=1\",\"datePublished\":\"2021-08-27T12:50:10+00:00\",\"breadcrumb\":{\"@id\":\"https:\\\/\\\/www.jazzzeitung.de\\\/cms\\\/2021\\\/08\\\/news-neues-veranstaltungsformat-erstmals-jazzpicknick-in-cottbus-international-jazz-composers-symposium\\\/#breadcrumb\"},\"inLanguage\":\"de\",\"potentialAction\":[{\"@type\":\"ReadAction\",\"target\":[\"https:\\\/\\\/www.jazzzeitung.de\\\/cms\\\/2021\\\/08\\\/news-neues-veranstaltungsformat-erstmals-jazzpicknick-in-cottbus-international-jazz-composers-symposium\\\/\"]}]},{\"@type\":\"ImageObject\",\"inLanguage\":\"de\",\"@id\":\"https:\\\/\\\/www.jazzzeitung.de\\\/cms\\\/2021\\\/08\\\/news-neues-veranstaltungsformat-erstmals-jazzpicknick-in-cottbus-international-jazz-composers-symposium\\\/#primaryimage\",\"url\":\"https:\\\/\\\/i0.wp.com\\\/www.jazzzeitung.de\\\/cms\\\/wp-content\\\/uploads\\\/2021\\\/08\\\/ISAC-Symposium.png?fit=632%2C373&ssl=1\",\"contentUrl\":\"https:\\\/\\\/i0.wp.com\\\/www.jazzzeitung.de\\\/cms\\\/wp-content\\\/uploads\\\/2021\\\/08\\\/ISAC-Symposium.png?fit=632%2C373&ssl=1\",\"width\":632,\"height\":373},{\"@type\":\"BreadcrumbList\",\"@id\":\"https:\\\/\\\/www.jazzzeitung.de\\\/cms\\\/2021\\\/08\\\/news-neues-veranstaltungsformat-erstmals-jazzpicknick-in-cottbus-international-jazz-composers-symposium\\\/#breadcrumb\",\"itemListElement\":[{\"@type\":\"ListItem\",\"position\":1,\"name\":\"Startseite\",\"item\":\"https:\\\/\\\/www.jazzzeitung.de\\\/cms\\\/\"},{\"@type\":\"ListItem\",\"position\":2,\"name\":\"+++ news +++ Neues Veranstaltungsformat: erstmals Jazzpicknick in Cottbus +++ International Jazz Composers&#8216; Symposium +++\"}]},{\"@type\":\"WebSite\",\"@id\":\"https:\\\/\\\/www.jazzzeitung.de\\\/cms\\\/#website\",\"url\":\"https:\\\/\\\/www.jazzzeitung.de\\\/cms\\\/\",\"name\":\"JazzZeitung\",\"description\":\"Jazz-News und Jazz-Kontroverses\",\"publisher\":{\"@id\":\"https:\\\/\\\/www.jazzzeitung.de\\\/cms\\\/#organization\"},\"potentialAction\":[{\"@type\":\"SearchAction\",\"target\":{\"@type\":\"EntryPoint\",\"urlTemplate\":\"https:\\\/\\\/www.jazzzeitung.de\\\/cms\\\/?s={search_term_string}\"},\"query-input\":{\"@type\":\"PropertyValueSpecification\",\"valueRequired\":true,\"valueName\":\"search_term_string\"}}],\"inLanguage\":\"de\"},{\"@type\":\"Organization\",\"@id\":\"https:\\\/\\\/www.jazzzeitung.de\\\/cms\\\/#organization\",\"name\":\"JazzZeitung online\",\"url\":\"https:\\\/\\\/www.jazzzeitung.de\\\/cms\\\/\",\"logo\":{\"@type\":\"ImageObject\",\"inLanguage\":\"de\",\"@id\":\"https:\\\/\\\/www.jazzzeitung.de\\\/cms\\\/#\\\/schema\\\/logo\\\/image\\\/\",\"url\":\"https:\\\/\\\/i0.wp.com\\\/www.jazzzeitung.de\\\/cms\\\/wp-content\\\/uploads\\\/2015\\\/08\\\/JAZZZEITUNGDE_Logo_Neu.png?fit=499%2C200&ssl=1\",\"contentUrl\":\"https:\\\/\\\/i0.wp.com\\\/www.jazzzeitung.de\\\/cms\\\/wp-content\\\/uploads\\\/2015\\\/08\\\/JAZZZEITUNGDE_Logo_Neu.png?fit=499%2C200&ssl=1\",\"width\":499,\"height\":200,\"caption\":\"JazzZeitung online\"},\"image\":{\"@id\":\"https:\\\/\\\/www.jazzzeitung.de\\\/cms\\\/#\\\/schema\\\/logo\\\/image\\\/\"},\"sameAs\":[\"https:\\\/\\\/www.facebook.com\\\/JazzZeitung\\\/\"]},{\"@type\":\"Person\",\"@id\":\"https:\\\/\\\/www.jazzzeitung.de\\\/cms\\\/#\\\/schema\\\/person\\\/2245b36b9cd1d24cea10f01c031fb92b\",\"name\":\"Redaktion JazzZeitung\",\"image\":{\"@type\":\"ImageObject\",\"inLanguage\":\"de\",\"@id\":\"https:\\\/\\\/i0.wp.com\\\/www.jazzzeitung.de\\\/cms\\\/wp-content\\\/uploads\\\/2015\\\/08\\\/JAZZZEITUNGDE_Logo_Neu.png?resize=96%2C96&ssl=159975dcacb611b5700bd619b5daf0a7a\",\"url\":\"https:\\\/\\\/i0.wp.com\\\/www.jazzzeitung.de\\\/cms\\\/wp-content\\\/uploads\\\/2015\\\/08\\\/JAZZZEITUNGDE_Logo_Neu.png?resize=96%2C96&ssl=1\",\"contentUrl\":\"https:\\\/\\\/i0.wp.com\\\/www.jazzzeitung.de\\\/cms\\\/wp-content\\\/uploads\\\/2015\\\/08\\\/JAZZZEITUNGDE_Logo_Neu.png?resize=96%2C96&ssl=1\",\"caption\":\"Redaktion JazzZeitung\"},\"description\":\"Artikel der Redaktion der JazzZeitung.\",\"sameAs\":[\"http:\\\/\\\/www.jazzzeitung.de\\\/cms\\\/\"],\"url\":\"https:\\\/\\\/www.jazzzeitung.de\\\/cms\\\/author\\\/redaktion\\\/\"}]}<\/script>\n<!-- \/ Yoast SEO plugin. -->","yoast_head_json":{"title":"+++ news +++ Neues Veranstaltungsformat: erstmals Jazzpicknick in Cottbus +++ International Jazz Composers' Symposium +++ - JazzZeitung","robots":{"index":"index","follow":"follow","max-snippet":"max-snippet:-1","max-image-preview":"max-image-preview:large","max-video-preview":"max-video-preview:-1"},"canonical":"https:\/\/www.jazzzeitung.de\/cms\/2021\/08\/news-neues-veranstaltungsformat-erstmals-jazzpicknick-in-cottbus-international-jazz-composers-symposium\/","og_locale":"de_DE","og_type":"article","og_title":"+++ news +++ Neues Veranstaltungsformat: erstmals Jazzpicknick in Cottbus +++ International Jazz Composers' Symposium +++ - JazzZeitung","og_description":"Neues Veranstaltungsformat in Cottbus: Am 29. August 2021 findet im Cottbusser GLAD HOUSE ab 12:00 Uhr erstmals das Jazzpicknick statt. Das Format umfasst neben verschiedenen Auftritten auch ein Kinderkonzert des Krodokul Trios und eine Lesung von Therese H\u00e4mer \u00fcber Leben und Werk der j\u00fcdischen Malerin Charlotte Salomon. F\u00fcr eine ansprechende, interessante Atmosph\u00e4re sorgt unter anderem auch Chris Hinzes Installation Zeitzone \u2013 21 schwebende Pendel. Gef\u00f6rdert durch wird die Veranstaltungsreihe durch die Initiative Musik gemeinn\u00fctzige Projektgesellschaft mbH im Rahmen von Neustart Kultur mit Projektmitteln der Beauftragten der Bundesregierung f\u00fcr Kultur und Medien. Die Zeiten im \u00dcberblick: 12.00 Uhr: Jazz f\u00fcr Kinder &#8211; Krokodil Trio 15.00 Uhr: Therese H\u00e4mer \/ Juli Sassoon Quartet 18.00 Uhr: Aziola \/ Uschi Br\u00fcnung Sings Billie Holiday \/ New Generation of Sisters &amp; Brotherhood Alle Infos zur Veranstaltungsreihe unter: https:\/\/www.jazzwerkstatt.eu\/ &nbsp; 5TH International Jazz Composers\u2019 Symposium Am 12. bis 14. Mai 2022 findet mit Unterst\u00fctzung der University of Texas und der International Society of Jazz Arrangers &amp; Composers in der Butler School of Musik der University of Texas in Austin, Texas, das f\u00fcnfte Internationale Jazz-Komponisten Symposion statt. Das Symposion bietet Jazz-KomponistInnen jeden &hellip;","og_url":"https:\/\/www.jazzzeitung.de\/cms\/2021\/08\/news-neues-veranstaltungsformat-erstmals-jazzpicknick-in-cottbus-international-jazz-composers-symposium\/","og_site_name":"JazzZeitung","article_publisher":"https:\/\/www.facebook.com\/JazzZeitung\/","article_published_time":"2021-08-27T12:50:10+00:00","og_image":[{"width":632,"height":373,"url":"https:\/\/i0.wp.com\/www.jazzzeitung.de\/cms\/wp-content\/uploads\/2021\/08\/ISAC-Symposium.png?fit=632%2C373&ssl=1","type":"image\/png"}],"author":"Redaktion JazzZeitung","schema":{"@context":"https:\/\/schema.org","@graph":[{"@type":"Article","@id":"https:\/\/www.jazzzeitung.de\/cms\/2021\/08\/news-neues-veranstaltungsformat-erstmals-jazzpicknick-in-cottbus-international-jazz-composers-symposium\/#article","isPartOf":{"@id":"https:\/\/www.jazzzeitung.de\/cms\/2021\/08\/news-neues-veranstaltungsformat-erstmals-jazzpicknick-in-cottbus-international-jazz-composers-symposium\/"},"author":{"name":"Redaktion JazzZeitung","@id":"https:\/\/www.jazzzeitung.de\/cms\/#\/schema\/person\/2245b36b9cd1d24cea10f01c031fb92b"},"headline":"+++ news +++ Neues Veranstaltungsformat: erstmals Jazzpicknick in Cottbus +++ International Jazz Composers&#8216; Symposium +++","datePublished":"2021-08-27T12:50:10+00:00","mainEntityOfPage":{"@id":"https:\/\/www.jazzzeitung.de\/cms\/2021\/08\/news-neues-veranstaltungsformat-erstmals-jazzpicknick-in-cottbus-international-jazz-composers-symposium\/"},"wordCount":401,"commentCount":0,"publisher":{"@id":"https:\/\/www.jazzzeitung.de\/cms\/#organization"},"image":{"@id":"https:\/\/www.jazzzeitung.de\/cms\/2021\/08\/news-neues-veranstaltungsformat-erstmals-jazzpicknick-in-cottbus-international-jazz-composers-symposium\/#primaryimage"},"thumbnailUrl":"https:\/\/i0.wp.com\/www.jazzzeitung.de\/cms\/wp-content\/uploads\/2021\/08\/ISAC-Symposium.png?fit=632%2C373&ssl=1","keywords":["5TH International Jazz Composers\u2019 Symposium","Austin","Aziola","Cottbus","International Jazz Composers\u2019 Symposium","Jazzpicknick","Jazzzeitung","Jim McNeely","John Clayton","Julie Sasson Quartett","Krokodil Trio","Miguel Zen\u00f3n","Miho Hazama","New Generation of Sisters &amp; Brotherhood","News","Terri Lyne Carrington","Therese H\u00e4mer","Uschi Br\u00fcnung"],"articleSection":["News"],"inLanguage":"de","potentialAction":[{"@type":"CommentAction","name":"Comment","target":["https:\/\/www.jazzzeitung.de\/cms\/2021\/08\/news-neues-veranstaltungsformat-erstmals-jazzpicknick-in-cottbus-international-jazz-composers-symposium\/#respond"]}]},{"@type":"WebPage","@id":"https:\/\/www.jazzzeitung.de\/cms\/2021\/08\/news-neues-veranstaltungsformat-erstmals-jazzpicknick-in-cottbus-international-jazz-composers-symposium\/","url":"https:\/\/www.jazzzeitung.de\/cms\/2021\/08\/news-neues-veranstaltungsformat-erstmals-jazzpicknick-in-cottbus-international-jazz-composers-symposium\/","name":"+++ news +++ Neues Veranstaltungsformat: erstmals Jazzpicknick in Cottbus +++ International Jazz Composers' Symposium +++ - JazzZeitung","isPartOf":{"@id":"https:\/\/www.jazzzeitung.de\/cms\/#website"},"primaryImageOfPage":{"@id":"https:\/\/www.jazzzeitung.de\/cms\/2021\/08\/news-neues-veranstaltungsformat-erstmals-jazzpicknick-in-cottbus-international-jazz-composers-symposium\/#primaryimage"},"image":{"@id":"https:\/\/www.jazzzeitung.de\/cms\/2021\/08\/news-neues-veranstaltungsformat-erstmals-jazzpicknick-in-cottbus-international-jazz-composers-symposium\/#primaryimage"},"thumbnailUrl":"https:\/\/i0.wp.com\/www.jazzzeitung.de\/cms\/wp-content\/uploads\/2021\/08\/ISAC-Symposium.png?fit=632%2C373&ssl=1","datePublished":"2021-08-27T12:50:10+00:00","breadcrumb":{"@id":"https:\/\/www.jazzzeitung.de\/cms\/2021\/08\/news-neues-veranstaltungsformat-erstmals-jazzpicknick-in-cottbus-international-jazz-composers-symposium\/#breadcrumb"},"inLanguage":"de","potentialAction":[{"@type":"ReadAction","target":["https:\/\/www.jazzzeitung.de\/cms\/2021\/08\/news-neues-veranstaltungsformat-erstmals-jazzpicknick-in-cottbus-international-jazz-composers-symposium\/"]}]},{"@type":"ImageObject","inLanguage":"de","@id":"https:\/\/www.jazzzeitung.de\/cms\/2021\/08\/news-neues-veranstaltungsformat-erstmals-jazzpicknick-in-cottbus-international-jazz-composers-symposium\/#primaryimage","url":"https:\/\/i0.wp.com\/www.jazzzeitung.de\/cms\/wp-content\/uploads\/2021\/08\/ISAC-Symposium.png?fit=632%2C373&ssl=1","contentUrl":"https:\/\/i0.wp.com\/www.jazzzeitung.de\/cms\/wp-content\/uploads\/2021\/08\/ISAC-Symposium.png?fit=632%2C373&ssl=1","width":632,"height":373},{"@type":"BreadcrumbList","@id":"https:\/\/www.jazzzeitung.de\/cms\/2021\/08\/news-neues-veranstaltungsformat-erstmals-jazzpicknick-in-cottbus-international-jazz-composers-symposium\/#breadcrumb","itemListElement":[{"@type":"ListItem","position":1,"name":"Startseite","item":"https:\/\/www.jazzzeitung.de\/cms\/"},{"@type":"ListItem","position":2,"name":"+++ news +++ Neues Veranstaltungsformat: erstmals Jazzpicknick in Cottbus +++ International Jazz Composers&#8216; Symposium +++"}]},{"@type":"WebSite","@id":"https:\/\/www.jazzzeitung.de\/cms\/#website","url":"https:\/\/www.jazzzeitung.de\/cms\/","name":"JazzZeitung","description":"Jazz-News und Jazz-Kontroverses","publisher":{"@id":"https:\/\/www.jazzzeitung.de\/cms\/#organization"},"potentialAction":[{"@type":"SearchAction","target":{"@type":"EntryPoint","urlTemplate":"https:\/\/www.jazzzeitung.de\/cms\/?s={search_term_string}"},"query-input":{"@type":"PropertyValueSpecification","valueRequired":true,"valueName":"search_term_string"}}],"inLanguage":"de"},{"@type":"Organization","@id":"https:\/\/www.jazzzeitung.de\/cms\/#organization","name":"JazzZeitung online","url":"https:\/\/www.jazzzeitung.de\/cms\/","logo":{"@type":"ImageObject","inLanguage":"de","@id":"https:\/\/www.jazzzeitung.de\/cms\/#\/schema\/logo\/image\/","url":"https:\/\/i0.wp.com\/www.jazzzeitung.de\/cms\/wp-content\/uploads\/2015\/08\/JAZZZEITUNGDE_Logo_Neu.png?fit=499%2C200&ssl=1","contentUrl":"https:\/\/i0.wp.com\/www.jazzzeitung.de\/cms\/wp-content\/uploads\/2015\/08\/JAZZZEITUNGDE_Logo_Neu.png?fit=499%2C200&ssl=1","width":499,"height":200,"caption":"JazzZeitung online"},"image":{"@id":"https:\/\/www.jazzzeitung.de\/cms\/#\/schema\/logo\/image\/"},"sameAs":["https:\/\/www.facebook.com\/JazzZeitung\/"]},{"@type":"Person","@id":"https:\/\/www.jazzzeitung.de\/cms\/#\/schema\/person\/2245b36b9cd1d24cea10f01c031fb92b","name":"Redaktion JazzZeitung","image":{"@type":"ImageObject","inLanguage":"de","@id":"https:\/\/i0.wp.com\/www.jazzzeitung.de\/cms\/wp-content\/uploads\/2015\/08\/JAZZZEITUNGDE_Logo_Neu.png?resize=96%2C96&ssl=159975dcacb611b5700bd619b5daf0a7a","url":"https:\/\/i0.wp.com\/www.jazzzeitung.de\/cms\/wp-content\/uploads\/2015\/08\/JAZZZEITUNGDE_Logo_Neu.png?resize=96%2C96&ssl=1","contentUrl":"https:\/\/i0.wp.com\/www.jazzzeitung.de\/cms\/wp-content\/uploads\/2015\/08\/JAZZZEITUNGDE_Logo_Neu.png?resize=96%2C96&ssl=1","caption":"Redaktion JazzZeitung"},"description":"Artikel der Redaktion der JazzZeitung.","sameAs":["http:\/\/www.jazzzeitung.de\/cms\/"],"url":"https:\/\/www.jazzzeitung.de\/cms\/author\/redaktion\/"}]}},"wp-worthy-pixel":{"ignored":false,"public":null,"server":null,"url":null},"wp-worthy-type":"normal","jetpack_publicize_connections":[],"cc_featured_image_caption":{"caption_text":"","source_text":"","source_url":""},"jetpack_featured_media_url":"https:\/\/i0.wp.com\/www.jazzzeitung.de\/cms\/wp-content\/uploads\/2021\/08\/ISAC-Symposium.png?fit=632%2C373&ssl=1","jetpack_shortlink":"https:\/\/wp.me\/p3KEcT-6E9","jetpack-related-posts":[{"id":31600,"url":"https:\/\/www.jazzzeitung.de\/cms\/2024\/09\/die-erweiterte-jazz-radiowoche-vom-09-09-2024-bis-15-09-2024\/","url_meta":{"origin":25553,"position":0},"title":"Die erweiterte Jazz-Radiowoche vom 09.09.2024 bis 15.09.2024","author":"Martin Hufner","date":"8. September 2024","format":false,"excerpt":"Jazz im Radio \u2013 Jeden Sonntag gibt es um 12 Uhr unsere \u00dcbersicht f\u00fcr die jeweils nachfolgende Woche. Die #Jazz-Radiowoche vom 9. bis 15. September 2024. Erheblich ausged\u00fcnnt. Die ARD schafft ihr Radio gewisserma\u00dfen ab. Auch als PDF zum Download \u2013 #Jazz #JazzZeitung #Radio #Radiowoche \u2013 Ein Service unserer Online-Redaktion.","rel":"","context":"In &quot;News&quot;","block_context":{"text":"News","link":"https:\/\/www.jazzzeitung.de\/cms\/thema\/nachrichten\/"},"img":{"alt_text":"Radioschmelze. Foto: Hufner","src":"https:\/\/i0.wp.com\/www.jazzzeitung.de\/cms\/wp-content\/uploads\/2023\/11\/radio.jpg?fit=768%2C576&ssl=1&resize=350%2C200","width":350,"height":200,"srcset":"https:\/\/i0.wp.com\/www.jazzzeitung.de\/cms\/wp-content\/uploads\/2023\/11\/radio.jpg?fit=768%2C576&ssl=1&resize=350%2C200 1x, https:\/\/i0.wp.com\/www.jazzzeitung.de\/cms\/wp-content\/uploads\/2023\/11\/radio.jpg?fit=768%2C576&ssl=1&resize=525%2C300 1.5x, https:\/\/i0.wp.com\/www.jazzzeitung.de\/cms\/wp-content\/uploads\/2023\/11\/radio.jpg?fit=768%2C576&ssl=1&resize=700%2C400 2x"},"classes":[]},{"id":11706,"url":"https:\/\/www.jazzzeitung.de\/cms\/2017\/02\/symposium-2017-zum-thema-improvisation-und-jazz-fuer-kinder-auf-der-bremer-messe-jazzahead\/","url_meta":{"origin":25553,"position":1},"title":"Symposium 2017 zum Thema Improvisation und Jazz f\u00fcr Kinder auf der Bremer Messe &#8222;jazzahead&#8220;","author":"Redaktion JazzZeitung","date":"18. Februar 2017","format":false,"excerpt":"Kinder sind\u00a0 nicht nur das Publikum der Zukunft, sondern auch das von heute: lebendig, ehrlich, begeisterungsf\u00e4hig und neugierig. Das passt zum Jazz, doch obwohl Jazz und Kinder so gut zusammen passen, gibt es wenig Jazzangebote f\u00fcr die Kleinsten, f\u00fcr Kinder im KiTa- und Grundschulalter. Warum ist das so? Und welche\u2026","rel":"","context":"In &quot;News&quot;","block_context":{"text":"News","link":"https:\/\/www.jazzzeitung.de\/cms\/thema\/nachrichten\/"},"img":{"alt_text":"","src":"https:\/\/i0.wp.com\/www.jazzzeitung.de\/cms\/wp-content\/uploads\/2017\/02\/Initiative-Improvisation-Plakat-13_Seite_2.jpg?resize=350%2C200","width":350,"height":200,"srcset":"https:\/\/i0.wp.com\/www.jazzzeitung.de\/cms\/wp-content\/uploads\/2017\/02\/Initiative-Improvisation-Plakat-13_Seite_2.jpg?resize=350%2C200 1x, https:\/\/i0.wp.com\/www.jazzzeitung.de\/cms\/wp-content\/uploads\/2017\/02\/Initiative-Improvisation-Plakat-13_Seite_2.jpg?resize=525%2C300 1.5x, https:\/\/i0.wp.com\/www.jazzzeitung.de\/cms\/wp-content\/uploads\/2017\/02\/Initiative-Improvisation-Plakat-13_Seite_2.jpg?resize=700%2C400 2x, https:\/\/i0.wp.com\/www.jazzzeitung.de\/cms\/wp-content\/uploads\/2017\/02\/Initiative-Improvisation-Plakat-13_Seite_2.jpg?resize=1050%2C600 3x, https:\/\/i0.wp.com\/www.jazzzeitung.de\/cms\/wp-content\/uploads\/2017\/02\/Initiative-Improvisation-Plakat-13_Seite_2.jpg?resize=1400%2C800 4x"},"classes":[]},{"id":11418,"url":"https:\/\/www.jazzzeitung.de\/cms\/2017\/01\/symposium-2017-zum-thema-improvisation-und-jazz-fuer-kinder-bei-jazzahead\/","url_meta":{"origin":25553,"position":2},"title":"jazzahead-Symposium 2017 zum Thema &#8222;Improvisation und Jazz f\u00fcr Kinder&#8220;","author":"Redaktion JazzZeitung","date":"4. Januar 2017","format":false,"excerpt":"Kinder sind ein lebendiges, ehrliches, anspruchsvolles, begeisterungsf\u00e4higes und neugieriges Publikum. Das passt zum Jazz, denn dessen Spiel zwischen Kopf und Bauch liebt und braucht solche Zuh\u00f6rer und Zuh\u00f6rerinnen. Obwohl Jazz und Kinder so gut zusammen passen, gibt es wenig Jazzangebote f\u00fcr die Kleinsten, f\u00fcr Kinder im KiTa- und Grundschulalter. Warum\u2026","rel":"","context":"In &quot;News&quot;","block_context":{"text":"News","link":"https:\/\/www.jazzzeitung.de\/cms\/thema\/nachrichten\/"},"img":{"alt_text":"","src":"","width":0,"height":0},"classes":[]},{"id":12129,"url":"https:\/\/www.jazzzeitung.de\/cms\/2017\/04\/symposium-improvisation-und-jazz-fuer-kinder\/","url_meta":{"origin":25553,"position":3},"title":"Symposium Improvisation und Jazz f\u00fcr Kinder auf der Bremer Messe jazzahead!","author":"Redaktion JazzZeitung","date":"13. April 2017","format":false,"excerpt":"Das Symposium Improvisation & Jazz f\u00fcr Kinder ist eine eint\u00e4gige Fachveranstaltung am 27. April 2017 als Auftakt zur internationalen Fachmesse jazzahead! in Bremen. Es geht dabei um die Beleuchtung von Jazz und Improvisation f\u00fcr Kinder im KiTa- und Grundschulalter aus verschiedenen Perspektiven und deren Relevanz f\u00fcr die kulturelle Bildung von\u2026","rel":"","context":"In &quot;News&quot;","block_context":{"text":"News","link":"https:\/\/www.jazzzeitung.de\/cms\/thema\/nachrichten\/"},"img":{"alt_text":"","src":"https:\/\/i0.wp.com\/www.jazzzeitung.de\/cms\/wp-content\/uploads\/2017\/04\/jazz16_JazzForKids-150x150.jpg?resize=350%2C200","width":350,"height":200},"classes":[]},{"id":4251,"url":"https:\/\/www.jazzzeitung.de\/cms\/2014\/07\/growing-up-symposium-zur-emanzipation-des-europaeischen-jazz-1960-1980-luzern\/","url_meta":{"origin":25553,"position":4},"title":"Growing Up: Symposium zur Emanzipation des europ\u00e4ischen Jazz 1960-1980 in Luzern","author":"Redaktion JazzZeitung","date":"14. Juli 2014","format":false,"excerpt":"Ein internationales Symposium in Luzern (6. bis 8. November 2014) setzt sich mit der Aufbruchszeit im europ\u00e4ischen Jazz der 1960er- und 1970er-Jahre auseinander. Zentrale Themen sind die Befreiung von den amerikanischen Vorbildern, der Pluralismus von Szenen und Stilen in verschiedenen L\u00e4ndern, die Instrumentalisierung w\u00e4hrend des Kalten Krieges im Westen und\u2026","rel":"","context":"In &quot;Redaktionelle Nachrichten&quot;","block_context":{"text":"Redaktionelle Nachrichten","link":"https:\/\/www.jazzzeitung.de\/cms\/thema\/redaktion\/"},"img":{"alt_text":"68_Pierre_Favre_Trio.J.SCH[1] (2)","src":"https:\/\/i0.wp.com\/www.jazzzeitung.de\/cms\/wp-content\/uploads\/2014\/07\/68_Pierre_Favre_Trio.J.SCH1-2-150x150.jpg?resize=350%2C200","width":350,"height":200},"classes":[]},{"id":8329,"url":"https:\/\/www.jazzzeitung.de\/cms\/2016\/02\/news-aus-graz-neue-kooperation-kug-jazz-live-orpheum\/","url_meta":{"origin":25553,"position":5},"title":"News aus Graz: neue Kooperation: KUG Jazz live! @ ORPHEUM","author":"Redaktion JazzZeitung","date":"4. Februar 2016","format":false,"excerpt":"Bei einem gemeinsamen Pressetermin am Mittwoch, 03. Februar pr\u00e4sentierten Grazer Spielst\u00e4tten und die Kunstuniversit\u00e4t Graz ihre Kooperation im Bereich Jazz. Mit dem Orpheum Extra wurde daf\u00fcr bereits der k\u00fcnftige Schauplatz der Reihe gew\u00e4hlt, das KUG composers ensemble gab eine musikalische Kostprobe \u2013 so klingt KUG Jazz live! @ ORPHEUM. Das\u2026","rel":"","context":"In &quot;Redaktionelle Nachrichten&quot;","block_context":{"text":"Redaktionelle Nachrichten","link":"https:\/\/www.jazzzeitung.de\/cms\/thema\/redaktion\/"},"img":{"alt_text":"peter_bernstein_669","src":"https:\/\/i0.wp.com\/www.jazzzeitung.de\/cms\/wp-content\/uploads\/2016\/02\/peter_bernstein_669-150x150.jpg?resize=350%2C200","width":350,"height":200},"classes":[]}],"jetpack_sharing_enabled":true,"_links":{"self":[{"href":"https:\/\/www.jazzzeitung.de\/cms\/wp-json\/wp\/v2\/posts\/25553","targetHints":{"allow":["GET"]}}],"collection":[{"href":"https:\/\/www.jazzzeitung.de\/cms\/wp-json\/wp\/v2\/posts"}],"about":[{"href":"https:\/\/www.jazzzeitung.de\/cms\/wp-json\/wp\/v2\/types\/post"}],"author":[{"embeddable":true,"href":"https:\/\/www.jazzzeitung.de\/cms\/wp-json\/wp\/v2\/users\/18"}],"replies":[{"embeddable":true,"href":"https:\/\/www.jazzzeitung.de\/cms\/wp-json\/wp\/v2\/comments?post=25553"}],"version-history":[{"count":24,"href":"https:\/\/www.jazzzeitung.de\/cms\/wp-json\/wp\/v2\/posts\/25553\/revisions"}],"predecessor-version":[{"id":25626,"href":"https:\/\/www.jazzzeitung.de\/cms\/wp-json\/wp\/v2\/posts\/25553\/revisions\/25626"}],"wp:featuredmedia":[{"embeddable":true,"href":"https:\/\/www.jazzzeitung.de\/cms\/wp-json\/wp\/v2\/media\/25567"}],"wp:attachment":[{"href":"https:\/\/www.jazzzeitung.de\/cms\/wp-json\/wp\/v2\/media?parent=25553"}],"wp:term":[{"taxonomy":"category","embeddable":true,"href":"https:\/\/www.jazzzeitung.de\/cms\/wp-json\/wp\/v2\/categories?post=25553"},{"taxonomy":"post_tag","embeddable":true,"href":"https:\/\/www.jazzzeitung.de\/cms\/wp-json\/wp\/v2\/tags?post=25553"},{"taxonomy":"author","embeddable":true,"href":"https:\/\/www.jazzzeitung.de\/cms\/wp-json\/wp\/v2\/coauthors?post=25553"}],"curies":[{"name":"wp","href":"https:\/\/api.w.org\/{rel}","templated":true}]}}