{"id":25406,"date":"2021-08-13T11:46:12","date_gmt":"2021-08-13T09:46:12","guid":{"rendered":"https:\/\/www.jazzzeitung.de\/cms\/?p=25406"},"modified":"2021-08-13T11:50:43","modified_gmt":"2021-08-13T09:50:43","slug":"reframing-the-moon-neues-album-des-haberkamp-trios-veroeffentlicht","status":"publish","type":"post","link":"https:\/\/www.jazzzeitung.de\/cms\/2021\/08\/reframing-the-moon-neues-album-des-haberkamp-trios-veroeffentlicht\/","title":{"rendered":"\u201eReframing The Moon\u201c \u2013 Neues Album des Haberkamp Trios ver\u00f6ffentlicht"},"content":{"rendered":"<h1>Homogen, vom ersten bis zum letzten Ton<\/h1>\n<h2><strong>Zum neuen Album des Clara Haberkamp Trios<\/strong><\/h2>\n<p><strong>Die Pianistin Clara Haberkamp l\u00e4utet mit ihrem neuen Trio-Album \u201eReframing The Moon\u201c einen Wendepunkt ihrer bisherigen Karriere ein. Zwischen ihrer ersten Trio-Aufnahme \u201eNicht rot, nicht wei\u00df, nicht blau\u201c und ihrer aktuellen CD liegen mittlerweile 10 Jahre. Zeit, in der Haberkamp viel ausprobiert, sich weiter entwickelt und schlie\u00dflich zu sich selbst und ihren eigentlichen Wurzeln gefunden hat.<\/strong><\/p>\n<figure id=\"attachment_25411\" aria-describedby=\"caption-attachment-25411\" style=\"width: 200px\" class=\"wp-caption alignleft\"><a href=\"https:\/\/i0.wp.com\/www.jazzzeitung.de\/cms\/wp-content\/uploads\/2021\/08\/P2095096-Haberkamp-Foto-TJ-Krebs.jpg?ssl=1\"><img data-recalc-dims=\"1\" loading=\"lazy\" decoding=\"async\" data-attachment-id=\"25411\" data-permalink=\"https:\/\/www.jazzzeitung.de\/cms\/2021\/08\/reframing-the-moon-neues-album-des-haberkamp-trios-veroeffentlicht\/p2095096-haberkamp-foto-tj-krebs\/\" data-orig-file=\"https:\/\/i0.wp.com\/www.jazzzeitung.de\/cms\/wp-content\/uploads\/2021\/08\/P2095096-Haberkamp-Foto-TJ-Krebs.jpg?fit=800%2C1200&amp;ssl=1\" data-orig-size=\"800,1200\" data-comments-opened=\"1\" data-image-meta=\"{&quot;aperture&quot;:&quot;0&quot;,&quot;credit&quot;:&quot;&quot;,&quot;camera&quot;:&quot;&quot;,&quot;caption&quot;:&quot;&quot;,&quot;created_timestamp&quot;:&quot;0&quot;,&quot;copyright&quot;:&quot;&quot;,&quot;focal_length&quot;:&quot;0&quot;,&quot;iso&quot;:&quot;0&quot;,&quot;shutter_speed&quot;:&quot;0&quot;,&quot;title&quot;:&quot;&quot;,&quot;orientation&quot;:&quot;0&quot;}\" data-image-title=\"P2095096 Haberkamp &amp;#8211; Foto TJ Krebs\" data-image-description=\"\" data-image-caption=\"&lt;p&gt;Clara Haberkamp. Bild: Thomas J. Krebs&lt;\/p&gt;\n\" data-large-file=\"https:\/\/i0.wp.com\/www.jazzzeitung.de\/cms\/wp-content\/uploads\/2021\/08\/P2095096-Haberkamp-Foto-TJ-Krebs.jpg?fit=400%2C600&amp;ssl=1\" class=\"size-medium wp-image-25411\" src=\"https:\/\/i0.wp.com\/www.jazzzeitung.de\/cms\/wp-content\/uploads\/2021\/08\/P2095096-Haberkamp-Foto-TJ-Krebs.jpg?resize=200%2C300&#038;ssl=1\" alt=\"\" width=\"200\" height=\"300\" srcset=\"https:\/\/i0.wp.com\/www.jazzzeitung.de\/cms\/wp-content\/uploads\/2021\/08\/P2095096-Haberkamp-Foto-TJ-Krebs.jpg?resize=200%2C300&amp;ssl=1 200w, https:\/\/i0.wp.com\/www.jazzzeitung.de\/cms\/wp-content\/uploads\/2021\/08\/P2095096-Haberkamp-Foto-TJ-Krebs.jpg?resize=400%2C600&amp;ssl=1 400w, https:\/\/i0.wp.com\/www.jazzzeitung.de\/cms\/wp-content\/uploads\/2021\/08\/P2095096-Haberkamp-Foto-TJ-Krebs.jpg?resize=768%2C1152&amp;ssl=1 768w, https:\/\/i0.wp.com\/www.jazzzeitung.de\/cms\/wp-content\/uploads\/2021\/08\/P2095096-Haberkamp-Foto-TJ-Krebs.jpg?w=800&amp;ssl=1 800w\" sizes=\"auto, (max-width: 200px) 100vw, 200px\" \/><\/a><figcaption id=\"caption-attachment-25411\" class=\"wp-caption-text\">Clara Haberkamp. Bild: Thomas J. Krebs<\/figcaption><\/figure>\n<p>Immer im Fluss, neugierig und voller \u00dcberraschungen, so kann man Clara Haberkamps bisherigen Werdegang beschreiben. In ihrem Trio von Anfang an mit dabei ist der Schlagzeuger Tilo Weber. Mit Oliver Potratz am Bass hat sie einen weiteren versierten, vielseitigen Musiker an ihrer Seite, der, wie Weber, traumwandlerisch in den unterschiedlichsten Stilen unterwegs ist. Eine immens wichtige Eigenschaft, die Haberkamps Mitstreiter beherrschen, denn die Pianistin spielt nach wie vor heterogen und l\u00e4sst sich nicht auf eine Richtung festlegen. Ihre Kompositionen tragen eine deutliche, ausdrucksstarke Handschrift. Im Gegensatz zu ihren Anf\u00e4ngen, hat sich Haberkamp ihr Feingef\u00fchl und die Tiefe erhalten, geht nun aber ausdruckstechnisch bewusst andere Wege.<\/p>\n<h2>Ein neues Klangkapitel<\/h2>\n<figure id=\"attachment_25412\" aria-describedby=\"caption-attachment-25412\" style=\"width: 200px\" class=\"wp-caption alignright\"><a href=\"https:\/\/i0.wp.com\/www.jazzzeitung.de\/cms\/wp-content\/uploads\/2021\/08\/P2084882-Potratz-Foto-TJ-Krebs.jpg?ssl=1\"><img data-recalc-dims=\"1\" loading=\"lazy\" decoding=\"async\" data-attachment-id=\"25412\" data-permalink=\"https:\/\/www.jazzzeitung.de\/cms\/2021\/08\/reframing-the-moon-neues-album-des-haberkamp-trios-veroeffentlicht\/p2084882-potratz-foto-tj-krebs\/\" data-orig-file=\"https:\/\/i0.wp.com\/www.jazzzeitung.de\/cms\/wp-content\/uploads\/2021\/08\/P2084882-Potratz-Foto-TJ-Krebs.jpg?fit=800%2C1200&amp;ssl=1\" data-orig-size=\"800,1200\" data-comments-opened=\"1\" data-image-meta=\"{&quot;aperture&quot;:&quot;0&quot;,&quot;credit&quot;:&quot;&quot;,&quot;camera&quot;:&quot;&quot;,&quot;caption&quot;:&quot;&quot;,&quot;created_timestamp&quot;:&quot;0&quot;,&quot;copyright&quot;:&quot;&quot;,&quot;focal_length&quot;:&quot;0&quot;,&quot;iso&quot;:&quot;0&quot;,&quot;shutter_speed&quot;:&quot;0&quot;,&quot;title&quot;:&quot;&quot;,&quot;orientation&quot;:&quot;0&quot;}\" data-image-title=\"P2084882 Potratz &amp;#8211; Foto TJ Krebs\" data-image-description=\"\" data-image-caption=\"&lt;p&gt;Oliver Potratz. Bild: Thomas J. Krebs&lt;\/p&gt;\n\" data-large-file=\"https:\/\/i0.wp.com\/www.jazzzeitung.de\/cms\/wp-content\/uploads\/2021\/08\/P2084882-Potratz-Foto-TJ-Krebs.jpg?fit=400%2C600&amp;ssl=1\" class=\"size-medium wp-image-25412\" src=\"https:\/\/i0.wp.com\/www.jazzzeitung.de\/cms\/wp-content\/uploads\/2021\/08\/P2084882-Potratz-Foto-TJ-Krebs.jpg?resize=200%2C300&#038;ssl=1\" alt=\"\" width=\"200\" height=\"300\" srcset=\"https:\/\/i0.wp.com\/www.jazzzeitung.de\/cms\/wp-content\/uploads\/2021\/08\/P2084882-Potratz-Foto-TJ-Krebs.jpg?resize=200%2C300&amp;ssl=1 200w, https:\/\/i0.wp.com\/www.jazzzeitung.de\/cms\/wp-content\/uploads\/2021\/08\/P2084882-Potratz-Foto-TJ-Krebs.jpg?resize=400%2C600&amp;ssl=1 400w, https:\/\/i0.wp.com\/www.jazzzeitung.de\/cms\/wp-content\/uploads\/2021\/08\/P2084882-Potratz-Foto-TJ-Krebs.jpg?resize=768%2C1152&amp;ssl=1 768w, https:\/\/i0.wp.com\/www.jazzzeitung.de\/cms\/wp-content\/uploads\/2021\/08\/P2084882-Potratz-Foto-TJ-Krebs.jpg?w=800&amp;ssl=1 800w\" sizes=\"auto, (max-width: 200px) 100vw, 200px\" \/><\/a><figcaption id=\"caption-attachment-25412\" class=\"wp-caption-text\">Oliver Potratz. Bild: Thomas J. Krebs<\/figcaption><\/figure>\n<p>Auf \u201eReframing The Moon\u201c klar zu h\u00f6ren ist ein neues Klangkapitel, das sich in den letzten zwei Jahren kontinuierlich entwickelt hat. Nat\u00fcrlich spielen dabei auch die vergangenen Monate in der Corona Zeit eine wichtige Rolle. Durch diese besondere Situation war Haberkamps Reflektion und Umdenken ein logischer Schritt. Alles was sie und ihr Spiel bisher ausgemacht hat ist nach wie vor im Kern noch da, allerdings deutlich klarer, reduzierter im Spiel, ohne Schn\u00f6rkel. Geradeaus, befreit und gel\u00f6st klingen ihre St\u00fccke. Die Dramaturgie des Albums spricht f\u00fcr sich: beginnend mit einem Solointro, das eher klassisch dramatisch daherkommt, folgen vielschichtig angelegte St\u00fccke wie \u201eFilms\u201c, \u201eChoral\u201c, \u201eFlashbacks\u201c oder das einf\u00fchlsame \u201eMein Herz ist unterwegs\u201c. In der Mitte des Albums bei \u201eTwist\u201c, der einzigen Fremdkomposition aus der Feder von Tilo Weber, schwenkt Haberkamp auf das Fender Rhodes Piano um. Im Gesamtkontext kein Bruch, sondern eine harmonische Abwechslung, die sich wunderbar einf\u00fcgt.<\/p>\n<h2 style=\"text-align: right;\">Traumwandlerisches Zusammenspiel<\/h2>\n<figure id=\"attachment_25413\" aria-describedby=\"caption-attachment-25413\" style=\"width: 300px\" class=\"wp-caption alignleft\"><a href=\"https:\/\/i0.wp.com\/www.jazzzeitung.de\/cms\/wp-content\/uploads\/2021\/08\/P2084877.jpg?ssl=1\"><img data-recalc-dims=\"1\" loading=\"lazy\" decoding=\"async\" data-attachment-id=\"25413\" data-permalink=\"https:\/\/www.jazzzeitung.de\/cms\/2021\/08\/reframing-the-moon-neues-album-des-haberkamp-trios-veroeffentlicht\/p2084877\/\" data-orig-file=\"https:\/\/i0.wp.com\/www.jazzzeitung.de\/cms\/wp-content\/uploads\/2021\/08\/P2084877.jpg?fit=1200%2C800&amp;ssl=1\" data-orig-size=\"1200,800\" data-comments-opened=\"1\" data-image-meta=\"{&quot;aperture&quot;:&quot;0&quot;,&quot;credit&quot;:&quot;&quot;,&quot;camera&quot;:&quot;&quot;,&quot;caption&quot;:&quot;&quot;,&quot;created_timestamp&quot;:&quot;0&quot;,&quot;copyright&quot;:&quot;&quot;,&quot;focal_length&quot;:&quot;0&quot;,&quot;iso&quot;:&quot;0&quot;,&quot;shutter_speed&quot;:&quot;0&quot;,&quot;title&quot;:&quot;&quot;,&quot;orientation&quot;:&quot;0&quot;}\" data-image-title=\"P2084877\" data-image-description=\"\" data-image-caption=\"&lt;p&gt;Tilo Weber. Bild: Thomas J. Krebs&lt;\/p&gt;\n\" data-large-file=\"https:\/\/i0.wp.com\/www.jazzzeitung.de\/cms\/wp-content\/uploads\/2021\/08\/P2084877.jpg?fit=840%2C560&amp;ssl=1\" class=\" wp-image-25413\" src=\"https:\/\/i0.wp.com\/www.jazzzeitung.de\/cms\/wp-content\/uploads\/2021\/08\/P2084877.jpg?resize=300%2C200&#038;ssl=1\" alt=\"\" width=\"300\" height=\"200\" srcset=\"https:\/\/i0.wp.com\/www.jazzzeitung.de\/cms\/wp-content\/uploads\/2021\/08\/P2084877.jpg?resize=300%2C200&amp;ssl=1 300w, https:\/\/i0.wp.com\/www.jazzzeitung.de\/cms\/wp-content\/uploads\/2021\/08\/P2084877.jpg?resize=900%2C600&amp;ssl=1 900w, https:\/\/i0.wp.com\/www.jazzzeitung.de\/cms\/wp-content\/uploads\/2021\/08\/P2084877.jpg?resize=768%2C512&amp;ssl=1 768w, https:\/\/i0.wp.com\/www.jazzzeitung.de\/cms\/wp-content\/uploads\/2021\/08\/P2084877.jpg?resize=120%2C80&amp;ssl=1 120w, https:\/\/i0.wp.com\/www.jazzzeitung.de\/cms\/wp-content\/uploads\/2021\/08\/P2084877.jpg?w=1200&amp;ssl=1 1200w\" sizes=\"auto, (max-width: 300px) 100vw, 300px\" \/><\/a><figcaption id=\"caption-attachment-25413\" class=\"wp-caption-text\">Tilo Weber. Bild: Thomas J. Krebs<\/figcaption><\/figure>\n<p>Was bei \u201eReframing The Moon\u201c begeistert, sind die deutlich freieren T\u00f6ne, die Haberkamp in ihrem Klangspektrum auslotet, ohne dabei ihren harmonischen Kosmos zu verlassen. Ein ungemein konzentrierter, vielschichtiger Sound der bewegt. Das Zusammenspiel der drei Musiker ist traumwandlerisch, abwechslungsreich und stellt Haberkamps Kreativit\u00e4t wie Vielseitigkeit \u00fcberzeugend unter Beweis. Melodien und Themen tauchen auf, werden von inspirierten Improvisationen unterbrochen, auseinandergenommen, wieder zusammengesetzt und klingen dennoch homogen, vom ersten bis zum letzten Ton.<\/p>\n<p style=\"text-align: right;\">Thomas J. Krebs<\/p>\n<p><strong>CD:<\/strong> Clara Haberkamp Trio: \u201eReframing The Moon\u201c, Malletmuse (2021)<\/p>\n","protected":false},"excerpt":{"rendered":"<p>Homogen, vom ersten bis zum letzten Ton Zum neuen Album des Clara Haberkamp Trios Die Pianistin Clara Haberkamp l\u00e4utet mit ihrem neuen Trio-Album \u201eReframing The Moon\u201c einen Wendepunkt ihrer bisherigen Karriere ein. Zwischen ihrer ersten Trio-Aufnahme \u201eNicht rot, nicht wei\u00df, nicht blau\u201c und ihrer aktuellen CD liegen mittlerweile 10 Jahre. Zeit, in der Haberkamp viel ausprobiert, sich weiter entwickelt und schlie\u00dflich zu sich selbst und ihren eigentlichen Wurzeln gefunden hat. Immer im Fluss, neugierig und voller \u00dcberraschungen, so kann man Clara Haberkamps bisherigen Werdegang beschreiben. In ihrem Trio von Anfang an mit dabei ist der Schlagzeuger Tilo Weber. Mit Oliver Potratz am Bass hat sie einen weiteren versierten, vielseitigen Musiker an ihrer Seite, der, wie Weber, traumwandlerisch in den unterschiedlichsten Stilen unterwegs ist. Eine immens wichtige Eigenschaft, die Haberkamps Mitstreiter beherrschen, denn die Pianistin spielt nach wie vor heterogen und l\u00e4sst sich nicht auf eine Richtung festlegen. Ihre Kompositionen tragen eine deutliche, ausdrucksstarke Handschrift. Im Gegensatz zu ihren Anf\u00e4ngen, hat sich Haberkamp ihr Feingef\u00fchl und die Tiefe erhalten, geht nun aber ausdruckstechnisch bewusst andere Wege. Ein neues Klangkapitel Auf \u201eReframing The Moon\u201c klar zu h\u00f6ren &hellip;<\/p>\n","protected":false},"author":35,"featured_media":25408,"comment_status":"open","ping_status":"closed","sticky":false,"template":"","format":"standard","meta":{"_jetpack_memberships_contains_paid_content":false,"footnotes":"","jetpack_publicize_message":"","jetpack_publicize_feature_enabled":true,"jetpack_social_post_already_shared":false,"jetpack_social_options":{"image_generator_settings":{"template":"highway","default_image_id":0,"font":"","enabled":false},"version":2}},"categories":[1152],"tags":[34,3575,1027,1485,1419,3574,2861,1865,3573,1186,3572],"coauthors":[1602],"class_list":["post-25406","post","type-post","status-publish","format-standard","has-post-thumbnail","hentry","category-rezension","tag-album","tag-besprechung","tag-cd-besprechung","tag-cd-rezension","tag-clara-haberkamp","tag-clara-haberkamp-trio","tag-jazzzeitung-de","tag-oliver-potratz","tag-reframing-the-moon","tag-rezension","tag-tilo-weber"],"yoast_head":"<!-- This site is optimized with the Yoast SEO plugin v27.5 - https:\/\/yoast.com\/product\/yoast-seo-wordpress\/ -->\n<title>\u201eReframing The Moon\u201c \u2013 Neues Album des Haberkamp Trios ver\u00f6ffentlicht - JazzZeitung<\/title>\n<meta name=\"robots\" content=\"index, follow, max-snippet:-1, max-image-preview:large, max-video-preview:-1\" \/>\n<link rel=\"canonical\" href=\"https:\/\/www.jazzzeitung.de\/cms\/2021\/08\/reframing-the-moon-neues-album-des-haberkamp-trios-veroeffentlicht\/\" \/>\n<meta property=\"og:locale\" content=\"de_DE\" \/>\n<meta property=\"og:type\" content=\"article\" \/>\n<meta property=\"og:title\" content=\"\u201eReframing The Moon\u201c \u2013 Neues Album des Haberkamp Trios ver\u00f6ffentlicht - JazzZeitung\" \/>\n<meta property=\"og:description\" content=\"Homogen, vom ersten bis zum letzten Ton Zum neuen Album des Clara Haberkamp Trios Die Pianistin Clara Haberkamp l\u00e4utet mit ihrem neuen Trio-Album \u201eReframing The Moon\u201c einen Wendepunkt ihrer bisherigen Karriere ein. Zwischen ihrer ersten Trio-Aufnahme \u201eNicht rot, nicht wei\u00df, nicht blau\u201c und ihrer aktuellen CD liegen mittlerweile 10 Jahre. Zeit, in der Haberkamp viel ausprobiert, sich weiter entwickelt und schlie\u00dflich zu sich selbst und ihren eigentlichen Wurzeln gefunden hat. Immer im Fluss, neugierig und voller \u00dcberraschungen, so kann man Clara Haberkamps bisherigen Werdegang beschreiben. In ihrem Trio von Anfang an mit dabei ist der Schlagzeuger Tilo Weber. Mit Oliver Potratz am Bass hat sie einen weiteren versierten, vielseitigen Musiker an ihrer Seite, der, wie Weber, traumwandlerisch in den unterschiedlichsten Stilen unterwegs ist. Eine immens wichtige Eigenschaft, die Haberkamps Mitstreiter beherrschen, denn die Pianistin spielt nach wie vor heterogen und l\u00e4sst sich nicht auf eine Richtung festlegen. Ihre Kompositionen tragen eine deutliche, ausdrucksstarke Handschrift. Im Gegensatz zu ihren Anf\u00e4ngen, hat sich Haberkamp ihr Feingef\u00fchl und die Tiefe erhalten, geht nun aber ausdruckstechnisch bewusst andere Wege. Ein neues Klangkapitel Auf \u201eReframing The Moon\u201c klar zu h\u00f6ren &hellip;\" \/>\n<meta property=\"og:url\" content=\"https:\/\/www.jazzzeitung.de\/cms\/2021\/08\/reframing-the-moon-neues-album-des-haberkamp-trios-veroeffentlicht\/\" \/>\n<meta property=\"og:site_name\" content=\"JazzZeitung\" \/>\n<meta property=\"article:publisher\" content=\"https:\/\/www.facebook.com\/JazzZeitung\/\" \/>\n<meta property=\"article:published_time\" content=\"2021-08-13T09:46:12+00:00\" \/>\n<meta property=\"article:modified_time\" content=\"2021-08-13T09:50:43+00:00\" \/>\n<meta property=\"og:image\" content=\"https:\/\/i0.wp.com\/www.jazzzeitung.de\/cms\/wp-content\/uploads\/2021\/08\/cover-Clara-Haberkamp-Reframing-The-Moon1.jpg?fit=1476%2C1476&ssl=1\" \/>\n\t<meta property=\"og:image:width\" content=\"1476\" \/>\n\t<meta property=\"og:image:height\" content=\"1476\" \/>\n\t<meta property=\"og:image:type\" content=\"image\/jpeg\" \/>\n<meta name=\"author\" content=\"Thomas J. Krebs\" \/>\n<script type=\"application\/ld+json\" class=\"yoast-schema-graph\">{\"@context\":\"https:\\\/\\\/schema.org\",\"@graph\":[{\"@type\":\"Article\",\"@id\":\"https:\\\/\\\/www.jazzzeitung.de\\\/cms\\\/2021\\\/08\\\/reframing-the-moon-neues-album-des-haberkamp-trios-veroeffentlicht\\\/#article\",\"isPartOf\":{\"@id\":\"https:\\\/\\\/www.jazzzeitung.de\\\/cms\\\/2021\\\/08\\\/reframing-the-moon-neues-album-des-haberkamp-trios-veroeffentlicht\\\/\"},\"author\":{\"name\":\"Thomas J. Krebs\",\"@id\":\"https:\\\/\\\/www.jazzzeitung.de\\\/cms\\\/#\\\/schema\\\/person\\\/ba94c5bbea92d014d6a3d1f0105daa18\"},\"headline\":\"\u201eReframing The Moon\u201c \u2013 Neues Album des Haberkamp Trios ver\u00f6ffentlicht\",\"datePublished\":\"2021-08-13T09:46:12+00:00\",\"dateModified\":\"2021-08-13T09:50:43+00:00\",\"mainEntityOfPage\":{\"@id\":\"https:\\\/\\\/www.jazzzeitung.de\\\/cms\\\/2021\\\/08\\\/reframing-the-moon-neues-album-des-haberkamp-trios-veroeffentlicht\\\/\"},\"wordCount\":472,\"commentCount\":0,\"publisher\":{\"@id\":\"https:\\\/\\\/www.jazzzeitung.de\\\/cms\\\/#organization\"},\"image\":{\"@id\":\"https:\\\/\\\/www.jazzzeitung.de\\\/cms\\\/2021\\\/08\\\/reframing-the-moon-neues-album-des-haberkamp-trios-veroeffentlicht\\\/#primaryimage\"},\"thumbnailUrl\":\"https:\\\/\\\/i0.wp.com\\\/www.jazzzeitung.de\\\/cms\\\/wp-content\\\/uploads\\\/2021\\\/08\\\/cover-Clara-Haberkamp-Reframing-The-Moon1.jpg?fit=1476%2C1476&ssl=1\",\"keywords\":[\"Album\",\"Besprechung\",\"CD-Besprechung\",\"CD-Rezension\",\"clara haberkamp\",\"Clara Haberkamp Trio\",\"JazzZeitung.de\",\"Oliver Potratz\",\"Reframing The Moon\",\"Rezension\",\"Tilo Weber\"],\"articleSection\":[\"Rezension\"],\"inLanguage\":\"de\",\"potentialAction\":[{\"@type\":\"CommentAction\",\"name\":\"Comment\",\"target\":[\"https:\\\/\\\/www.jazzzeitung.de\\\/cms\\\/2021\\\/08\\\/reframing-the-moon-neues-album-des-haberkamp-trios-veroeffentlicht\\\/#respond\"]}]},{\"@type\":\"WebPage\",\"@id\":\"https:\\\/\\\/www.jazzzeitung.de\\\/cms\\\/2021\\\/08\\\/reframing-the-moon-neues-album-des-haberkamp-trios-veroeffentlicht\\\/\",\"url\":\"https:\\\/\\\/www.jazzzeitung.de\\\/cms\\\/2021\\\/08\\\/reframing-the-moon-neues-album-des-haberkamp-trios-veroeffentlicht\\\/\",\"name\":\"\u201eReframing The Moon\u201c \u2013 Neues Album des Haberkamp Trios ver\u00f6ffentlicht - JazzZeitung\",\"isPartOf\":{\"@id\":\"https:\\\/\\\/www.jazzzeitung.de\\\/cms\\\/#website\"},\"primaryImageOfPage\":{\"@id\":\"https:\\\/\\\/www.jazzzeitung.de\\\/cms\\\/2021\\\/08\\\/reframing-the-moon-neues-album-des-haberkamp-trios-veroeffentlicht\\\/#primaryimage\"},\"image\":{\"@id\":\"https:\\\/\\\/www.jazzzeitung.de\\\/cms\\\/2021\\\/08\\\/reframing-the-moon-neues-album-des-haberkamp-trios-veroeffentlicht\\\/#primaryimage\"},\"thumbnailUrl\":\"https:\\\/\\\/i0.wp.com\\\/www.jazzzeitung.de\\\/cms\\\/wp-content\\\/uploads\\\/2021\\\/08\\\/cover-Clara-Haberkamp-Reframing-The-Moon1.jpg?fit=1476%2C1476&ssl=1\",\"datePublished\":\"2021-08-13T09:46:12+00:00\",\"dateModified\":\"2021-08-13T09:50:43+00:00\",\"breadcrumb\":{\"@id\":\"https:\\\/\\\/www.jazzzeitung.de\\\/cms\\\/2021\\\/08\\\/reframing-the-moon-neues-album-des-haberkamp-trios-veroeffentlicht\\\/#breadcrumb\"},\"inLanguage\":\"de\",\"potentialAction\":[{\"@type\":\"ReadAction\",\"target\":[\"https:\\\/\\\/www.jazzzeitung.de\\\/cms\\\/2021\\\/08\\\/reframing-the-moon-neues-album-des-haberkamp-trios-veroeffentlicht\\\/\"]}]},{\"@type\":\"ImageObject\",\"inLanguage\":\"de\",\"@id\":\"https:\\\/\\\/www.jazzzeitung.de\\\/cms\\\/2021\\\/08\\\/reframing-the-moon-neues-album-des-haberkamp-trios-veroeffentlicht\\\/#primaryimage\",\"url\":\"https:\\\/\\\/i0.wp.com\\\/www.jazzzeitung.de\\\/cms\\\/wp-content\\\/uploads\\\/2021\\\/08\\\/cover-Clara-Haberkamp-Reframing-The-Moon1.jpg?fit=1476%2C1476&ssl=1\",\"contentUrl\":\"https:\\\/\\\/i0.wp.com\\\/www.jazzzeitung.de\\\/cms\\\/wp-content\\\/uploads\\\/2021\\\/08\\\/cover-Clara-Haberkamp-Reframing-The-Moon1.jpg?fit=1476%2C1476&ssl=1\",\"width\":1476,\"height\":1476,\"caption\":\"Reframing the Moon - Albumcover Haberkamp Trio\"},{\"@type\":\"BreadcrumbList\",\"@id\":\"https:\\\/\\\/www.jazzzeitung.de\\\/cms\\\/2021\\\/08\\\/reframing-the-moon-neues-album-des-haberkamp-trios-veroeffentlicht\\\/#breadcrumb\",\"itemListElement\":[{\"@type\":\"ListItem\",\"position\":1,\"name\":\"Startseite\",\"item\":\"https:\\\/\\\/www.jazzzeitung.de\\\/cms\\\/\"},{\"@type\":\"ListItem\",\"position\":2,\"name\":\"\u201eReframing The Moon\u201c \u2013 Neues Album des Haberkamp Trios ver\u00f6ffentlicht\"}]},{\"@type\":\"WebSite\",\"@id\":\"https:\\\/\\\/www.jazzzeitung.de\\\/cms\\\/#website\",\"url\":\"https:\\\/\\\/www.jazzzeitung.de\\\/cms\\\/\",\"name\":\"JazzZeitung\",\"description\":\"Jazz-News und Jazz-Kontroverses\",\"publisher\":{\"@id\":\"https:\\\/\\\/www.jazzzeitung.de\\\/cms\\\/#organization\"},\"potentialAction\":[{\"@type\":\"SearchAction\",\"target\":{\"@type\":\"EntryPoint\",\"urlTemplate\":\"https:\\\/\\\/www.jazzzeitung.de\\\/cms\\\/?s={search_term_string}\"},\"query-input\":{\"@type\":\"PropertyValueSpecification\",\"valueRequired\":true,\"valueName\":\"search_term_string\"}}],\"inLanguage\":\"de\"},{\"@type\":\"Organization\",\"@id\":\"https:\\\/\\\/www.jazzzeitung.de\\\/cms\\\/#organization\",\"name\":\"JazzZeitung online\",\"url\":\"https:\\\/\\\/www.jazzzeitung.de\\\/cms\\\/\",\"logo\":{\"@type\":\"ImageObject\",\"inLanguage\":\"de\",\"@id\":\"https:\\\/\\\/www.jazzzeitung.de\\\/cms\\\/#\\\/schema\\\/logo\\\/image\\\/\",\"url\":\"https:\\\/\\\/i0.wp.com\\\/www.jazzzeitung.de\\\/cms\\\/wp-content\\\/uploads\\\/2015\\\/08\\\/JAZZZEITUNGDE_Logo_Neu.png?fit=499%2C200&ssl=1\",\"contentUrl\":\"https:\\\/\\\/i0.wp.com\\\/www.jazzzeitung.de\\\/cms\\\/wp-content\\\/uploads\\\/2015\\\/08\\\/JAZZZEITUNGDE_Logo_Neu.png?fit=499%2C200&ssl=1\",\"width\":499,\"height\":200,\"caption\":\"JazzZeitung online\"},\"image\":{\"@id\":\"https:\\\/\\\/www.jazzzeitung.de\\\/cms\\\/#\\\/schema\\\/logo\\\/image\\\/\"},\"sameAs\":[\"https:\\\/\\\/www.facebook.com\\\/JazzZeitung\\\/\"]},{\"@type\":\"Person\",\"@id\":\"https:\\\/\\\/www.jazzzeitung.de\\\/cms\\\/#\\\/schema\\\/person\\\/ba94c5bbea92d014d6a3d1f0105daa18\",\"name\":\"Thomas J. Krebs\",\"image\":{\"@type\":\"ImageObject\",\"inLanguage\":\"de\",\"@id\":\"https:\\\/\\\/secure.gravatar.com\\\/avatar\\\/e362b221c114fbcde56be31a2eacbbab541308e5bf72f20d4519b16cdeb5c667?s=96&d=wp_user_avatar&r=ga12b8f4e2750c9ca30f9e22cab2177c6\",\"url\":\"https:\\\/\\\/secure.gravatar.com\\\/avatar\\\/e362b221c114fbcde56be31a2eacbbab541308e5bf72f20d4519b16cdeb5c667?s=96&d=wp_user_avatar&r=g\",\"contentUrl\":\"https:\\\/\\\/secure.gravatar.com\\\/avatar\\\/e362b221c114fbcde56be31a2eacbbab541308e5bf72f20d4519b16cdeb5c667?s=96&d=wp_user_avatar&r=g\",\"caption\":\"Thomas J. Krebs\"},\"url\":\"https:\\\/\\\/www.jazzzeitung.de\\\/cms\\\/author\\\/krebs\\\/\"}]}<\/script>\n<!-- \/ Yoast SEO plugin. -->","yoast_head_json":{"title":"\u201eReframing The Moon\u201c \u2013 Neues Album des Haberkamp Trios ver\u00f6ffentlicht - JazzZeitung","robots":{"index":"index","follow":"follow","max-snippet":"max-snippet:-1","max-image-preview":"max-image-preview:large","max-video-preview":"max-video-preview:-1"},"canonical":"https:\/\/www.jazzzeitung.de\/cms\/2021\/08\/reframing-the-moon-neues-album-des-haberkamp-trios-veroeffentlicht\/","og_locale":"de_DE","og_type":"article","og_title":"\u201eReframing The Moon\u201c \u2013 Neues Album des Haberkamp Trios ver\u00f6ffentlicht - JazzZeitung","og_description":"Homogen, vom ersten bis zum letzten Ton Zum neuen Album des Clara Haberkamp Trios Die Pianistin Clara Haberkamp l\u00e4utet mit ihrem neuen Trio-Album \u201eReframing The Moon\u201c einen Wendepunkt ihrer bisherigen Karriere ein. Zwischen ihrer ersten Trio-Aufnahme \u201eNicht rot, nicht wei\u00df, nicht blau\u201c und ihrer aktuellen CD liegen mittlerweile 10 Jahre. Zeit, in der Haberkamp viel ausprobiert, sich weiter entwickelt und schlie\u00dflich zu sich selbst und ihren eigentlichen Wurzeln gefunden hat. Immer im Fluss, neugierig und voller \u00dcberraschungen, so kann man Clara Haberkamps bisherigen Werdegang beschreiben. In ihrem Trio von Anfang an mit dabei ist der Schlagzeuger Tilo Weber. Mit Oliver Potratz am Bass hat sie einen weiteren versierten, vielseitigen Musiker an ihrer Seite, der, wie Weber, traumwandlerisch in den unterschiedlichsten Stilen unterwegs ist. Eine immens wichtige Eigenschaft, die Haberkamps Mitstreiter beherrschen, denn die Pianistin spielt nach wie vor heterogen und l\u00e4sst sich nicht auf eine Richtung festlegen. Ihre Kompositionen tragen eine deutliche, ausdrucksstarke Handschrift. Im Gegensatz zu ihren Anf\u00e4ngen, hat sich Haberkamp ihr Feingef\u00fchl und die Tiefe erhalten, geht nun aber ausdruckstechnisch bewusst andere Wege. Ein neues Klangkapitel Auf \u201eReframing The Moon\u201c klar zu h\u00f6ren &hellip;","og_url":"https:\/\/www.jazzzeitung.de\/cms\/2021\/08\/reframing-the-moon-neues-album-des-haberkamp-trios-veroeffentlicht\/","og_site_name":"JazzZeitung","article_publisher":"https:\/\/www.facebook.com\/JazzZeitung\/","article_published_time":"2021-08-13T09:46:12+00:00","article_modified_time":"2021-08-13T09:50:43+00:00","og_image":[{"width":1476,"height":1476,"url":"https:\/\/i0.wp.com\/www.jazzzeitung.de\/cms\/wp-content\/uploads\/2021\/08\/cover-Clara-Haberkamp-Reframing-The-Moon1.jpg?fit=1476%2C1476&ssl=1","type":"image\/jpeg"}],"author":"Thomas J. Krebs","schema":{"@context":"https:\/\/schema.org","@graph":[{"@type":"Article","@id":"https:\/\/www.jazzzeitung.de\/cms\/2021\/08\/reframing-the-moon-neues-album-des-haberkamp-trios-veroeffentlicht\/#article","isPartOf":{"@id":"https:\/\/www.jazzzeitung.de\/cms\/2021\/08\/reframing-the-moon-neues-album-des-haberkamp-trios-veroeffentlicht\/"},"author":{"name":"Thomas J. Krebs","@id":"https:\/\/www.jazzzeitung.de\/cms\/#\/schema\/person\/ba94c5bbea92d014d6a3d1f0105daa18"},"headline":"\u201eReframing The Moon\u201c \u2013 Neues Album des Haberkamp Trios ver\u00f6ffentlicht","datePublished":"2021-08-13T09:46:12+00:00","dateModified":"2021-08-13T09:50:43+00:00","mainEntityOfPage":{"@id":"https:\/\/www.jazzzeitung.de\/cms\/2021\/08\/reframing-the-moon-neues-album-des-haberkamp-trios-veroeffentlicht\/"},"wordCount":472,"commentCount":0,"publisher":{"@id":"https:\/\/www.jazzzeitung.de\/cms\/#organization"},"image":{"@id":"https:\/\/www.jazzzeitung.de\/cms\/2021\/08\/reframing-the-moon-neues-album-des-haberkamp-trios-veroeffentlicht\/#primaryimage"},"thumbnailUrl":"https:\/\/i0.wp.com\/www.jazzzeitung.de\/cms\/wp-content\/uploads\/2021\/08\/cover-Clara-Haberkamp-Reframing-The-Moon1.jpg?fit=1476%2C1476&ssl=1","keywords":["Album","Besprechung","CD-Besprechung","CD-Rezension","clara haberkamp","Clara Haberkamp Trio","JazzZeitung.de","Oliver Potratz","Reframing The Moon","Rezension","Tilo Weber"],"articleSection":["Rezension"],"inLanguage":"de","potentialAction":[{"@type":"CommentAction","name":"Comment","target":["https:\/\/www.jazzzeitung.de\/cms\/2021\/08\/reframing-the-moon-neues-album-des-haberkamp-trios-veroeffentlicht\/#respond"]}]},{"@type":"WebPage","@id":"https:\/\/www.jazzzeitung.de\/cms\/2021\/08\/reframing-the-moon-neues-album-des-haberkamp-trios-veroeffentlicht\/","url":"https:\/\/www.jazzzeitung.de\/cms\/2021\/08\/reframing-the-moon-neues-album-des-haberkamp-trios-veroeffentlicht\/","name":"\u201eReframing The Moon\u201c \u2013 Neues Album des Haberkamp Trios ver\u00f6ffentlicht - JazzZeitung","isPartOf":{"@id":"https:\/\/www.jazzzeitung.de\/cms\/#website"},"primaryImageOfPage":{"@id":"https:\/\/www.jazzzeitung.de\/cms\/2021\/08\/reframing-the-moon-neues-album-des-haberkamp-trios-veroeffentlicht\/#primaryimage"},"image":{"@id":"https:\/\/www.jazzzeitung.de\/cms\/2021\/08\/reframing-the-moon-neues-album-des-haberkamp-trios-veroeffentlicht\/#primaryimage"},"thumbnailUrl":"https:\/\/i0.wp.com\/www.jazzzeitung.de\/cms\/wp-content\/uploads\/2021\/08\/cover-Clara-Haberkamp-Reframing-The-Moon1.jpg?fit=1476%2C1476&ssl=1","datePublished":"2021-08-13T09:46:12+00:00","dateModified":"2021-08-13T09:50:43+00:00","breadcrumb":{"@id":"https:\/\/www.jazzzeitung.de\/cms\/2021\/08\/reframing-the-moon-neues-album-des-haberkamp-trios-veroeffentlicht\/#breadcrumb"},"inLanguage":"de","potentialAction":[{"@type":"ReadAction","target":["https:\/\/www.jazzzeitung.de\/cms\/2021\/08\/reframing-the-moon-neues-album-des-haberkamp-trios-veroeffentlicht\/"]}]},{"@type":"ImageObject","inLanguage":"de","@id":"https:\/\/www.jazzzeitung.de\/cms\/2021\/08\/reframing-the-moon-neues-album-des-haberkamp-trios-veroeffentlicht\/#primaryimage","url":"https:\/\/i0.wp.com\/www.jazzzeitung.de\/cms\/wp-content\/uploads\/2021\/08\/cover-Clara-Haberkamp-Reframing-The-Moon1.jpg?fit=1476%2C1476&ssl=1","contentUrl":"https:\/\/i0.wp.com\/www.jazzzeitung.de\/cms\/wp-content\/uploads\/2021\/08\/cover-Clara-Haberkamp-Reframing-The-Moon1.jpg?fit=1476%2C1476&ssl=1","width":1476,"height":1476,"caption":"Reframing the Moon - Albumcover Haberkamp Trio"},{"@type":"BreadcrumbList","@id":"https:\/\/www.jazzzeitung.de\/cms\/2021\/08\/reframing-the-moon-neues-album-des-haberkamp-trios-veroeffentlicht\/#breadcrumb","itemListElement":[{"@type":"ListItem","position":1,"name":"Startseite","item":"https:\/\/www.jazzzeitung.de\/cms\/"},{"@type":"ListItem","position":2,"name":"\u201eReframing The Moon\u201c \u2013 Neues Album des Haberkamp Trios ver\u00f6ffentlicht"}]},{"@type":"WebSite","@id":"https:\/\/www.jazzzeitung.de\/cms\/#website","url":"https:\/\/www.jazzzeitung.de\/cms\/","name":"JazzZeitung","description":"Jazz-News und Jazz-Kontroverses","publisher":{"@id":"https:\/\/www.jazzzeitung.de\/cms\/#organization"},"potentialAction":[{"@type":"SearchAction","target":{"@type":"EntryPoint","urlTemplate":"https:\/\/www.jazzzeitung.de\/cms\/?s={search_term_string}"},"query-input":{"@type":"PropertyValueSpecification","valueRequired":true,"valueName":"search_term_string"}}],"inLanguage":"de"},{"@type":"Organization","@id":"https:\/\/www.jazzzeitung.de\/cms\/#organization","name":"JazzZeitung online","url":"https:\/\/www.jazzzeitung.de\/cms\/","logo":{"@type":"ImageObject","inLanguage":"de","@id":"https:\/\/www.jazzzeitung.de\/cms\/#\/schema\/logo\/image\/","url":"https:\/\/i0.wp.com\/www.jazzzeitung.de\/cms\/wp-content\/uploads\/2015\/08\/JAZZZEITUNGDE_Logo_Neu.png?fit=499%2C200&ssl=1","contentUrl":"https:\/\/i0.wp.com\/www.jazzzeitung.de\/cms\/wp-content\/uploads\/2015\/08\/JAZZZEITUNGDE_Logo_Neu.png?fit=499%2C200&ssl=1","width":499,"height":200,"caption":"JazzZeitung online"},"image":{"@id":"https:\/\/www.jazzzeitung.de\/cms\/#\/schema\/logo\/image\/"},"sameAs":["https:\/\/www.facebook.com\/JazzZeitung\/"]},{"@type":"Person","@id":"https:\/\/www.jazzzeitung.de\/cms\/#\/schema\/person\/ba94c5bbea92d014d6a3d1f0105daa18","name":"Thomas J. Krebs","image":{"@type":"ImageObject","inLanguage":"de","@id":"https:\/\/secure.gravatar.com\/avatar\/e362b221c114fbcde56be31a2eacbbab541308e5bf72f20d4519b16cdeb5c667?s=96&d=wp_user_avatar&r=ga12b8f4e2750c9ca30f9e22cab2177c6","url":"https:\/\/secure.gravatar.com\/avatar\/e362b221c114fbcde56be31a2eacbbab541308e5bf72f20d4519b16cdeb5c667?s=96&d=wp_user_avatar&r=g","contentUrl":"https:\/\/secure.gravatar.com\/avatar\/e362b221c114fbcde56be31a2eacbbab541308e5bf72f20d4519b16cdeb5c667?s=96&d=wp_user_avatar&r=g","caption":"Thomas J. Krebs"},"url":"https:\/\/www.jazzzeitung.de\/cms\/author\/krebs\/"}]}},"wp-worthy-pixel":{"ignored":false,"public":null,"server":null,"url":null},"wp-worthy-type":"normal","jetpack_publicize_connections":[],"cc_featured_image_caption":{"caption_text":"","source_text":"","source_url":""},"jetpack_featured_media_url":"https:\/\/i0.wp.com\/www.jazzzeitung.de\/cms\/wp-content\/uploads\/2021\/08\/cover-Clara-Haberkamp-Reframing-The-Moon1.jpg?fit=1476%2C1476&ssl=1","jetpack_shortlink":"https:\/\/wp.me\/p3KEcT-6BM","jetpack-related-posts":[{"id":11204,"url":"https:\/\/www.jazzzeitung.de\/cms\/2016\/11\/authentizitaet-vom-ersten-bis-zum-letzten-ton\/","url_meta":{"origin":25406,"position":0},"title":"Authentizit\u00e4t vom ersten bis zum letzten Ton","author":"Redaktion JazzZeitung","date":"30. November 2016","format":false,"excerpt":"Von Thomas J. Krebs \u2013 Bereits nach den ersten Takten ist klar wohin die musikalische Reise bei Clara Haberkamps neuer CD \u201eOrange Blossom\u201c geht. Gemeinsam mit Drummer Tilo Weber und dem Norweger Dan Peter Sundland am E-Bass werden leise, perlende Klanggebilde geformt. Sind die Themen bei den ersten St\u00fccken noch\u2026","rel":"","context":"In &quot;Rezension&quot;","block_context":{"text":"Rezension","link":"https:\/\/www.jazzzeitung.de\/cms\/thema\/rezension\/"},"img":{"alt_text":"","src":"https:\/\/i0.wp.com\/www.jazzzeitung.de\/cms\/wp-content\/uploads\/2016\/11\/Cover-clara-haberkamp.jpg?fit=1200%2C1196&ssl=1&resize=350%2C200","width":350,"height":200,"srcset":"https:\/\/i0.wp.com\/www.jazzzeitung.de\/cms\/wp-content\/uploads\/2016\/11\/Cover-clara-haberkamp.jpg?fit=1200%2C1196&ssl=1&resize=350%2C200 1x, https:\/\/i0.wp.com\/www.jazzzeitung.de\/cms\/wp-content\/uploads\/2016\/11\/Cover-clara-haberkamp.jpg?fit=1200%2C1196&ssl=1&resize=525%2C300 1.5x, https:\/\/i0.wp.com\/www.jazzzeitung.de\/cms\/wp-content\/uploads\/2016\/11\/Cover-clara-haberkamp.jpg?fit=1200%2C1196&ssl=1&resize=700%2C400 2x, https:\/\/i0.wp.com\/www.jazzzeitung.de\/cms\/wp-content\/uploads\/2016\/11\/Cover-clara-haberkamp.jpg?fit=1200%2C1196&ssl=1&resize=1050%2C600 3x"},"classes":[]},{"id":31130,"url":"https:\/\/www.jazzzeitung.de\/cms\/2024\/05\/plateaux-neues-album-von-clara-habercamp\/","url_meta":{"origin":25406,"position":1},"title":"\u201ePlateaux\u201c \u2013 neues Album von Clara Habercamp","author":"Redaktion JazzZeitung","date":"31. Mai 2024","format":false,"excerpt":"Magische Piouretten und Klangsch\u00fcrfungen Im Downbeat-Magazin hat der Musikjournalist Joe Woodard die deutsche Pianistin Clara Haberkamp mit Brad Mehldau verglichen. Ob die Musikerin und seit kurzem Musikwissenschaftlerin, die zudem auch noch singt, davon beeindruckt war, dar\u00fcber kann mehr oder weniger eifrig spekuliert werden. Immerhin r\u00fcckt sie eine solche Bemerkung in\u2026","rel":"","context":"In &quot;Rezension&quot;","block_context":{"text":"Rezension","link":"https:\/\/www.jazzzeitung.de\/cms\/thema\/rezension\/"},"img":{"alt_text":"","src":"https:\/\/i0.wp.com\/www.jazzzeitung.de\/cms\/wp-content\/uploads\/2024\/05\/Clara-Haberkamp-Trio_Plateaux_Peter100_0676.jpeg?fit=1200%2C801&ssl=1&resize=350%2C200","width":350,"height":200,"srcset":"https:\/\/i0.wp.com\/www.jazzzeitung.de\/cms\/wp-content\/uploads\/2024\/05\/Clara-Haberkamp-Trio_Plateaux_Peter100_0676.jpeg?fit=1200%2C801&ssl=1&resize=350%2C200 1x, https:\/\/i0.wp.com\/www.jazzzeitung.de\/cms\/wp-content\/uploads\/2024\/05\/Clara-Haberkamp-Trio_Plateaux_Peter100_0676.jpeg?fit=1200%2C801&ssl=1&resize=525%2C300 1.5x, https:\/\/i0.wp.com\/www.jazzzeitung.de\/cms\/wp-content\/uploads\/2024\/05\/Clara-Haberkamp-Trio_Plateaux_Peter100_0676.jpeg?fit=1200%2C801&ssl=1&resize=700%2C400 2x, https:\/\/i0.wp.com\/www.jazzzeitung.de\/cms\/wp-content\/uploads\/2024\/05\/Clara-Haberkamp-Trio_Plateaux_Peter100_0676.jpeg?fit=1200%2C801&ssl=1&resize=1050%2C600 3x"},"classes":[]},{"id":29110,"url":"https:\/\/www.jazzzeitung.de\/cms\/2023\/02\/ploetzlich-hipp-ilona-haberkamps-jutta-hipp-biografie\/","url_meta":{"origin":25406,"position":2},"title":"Pl\u00f6tzlich Hip(p) &#8211; Ilona Haberkamps Jutta-Hipp-Biografie","author":"Ursula Gaisa","date":"9. Februar 2023","format":false,"excerpt":"Sie war die erste deutsche Jazzpianistin und weltweit eine Pionierin des weiblichen Jazz: die Rede ist von Jutta Hipp. Das Multitalent wurde 1925 in Leipzig geboren, lernte vier Jahre klassisches Klavier, und fand w\u00e4hrend des Zweiten Weltkriegs durch den Jazz erst wieder zu ihrem Instrument. W\u00e4hrend ihres Studiums an der\u2026","rel":"","context":"In &quot;Portrait&quot;","block_context":{"text":"Portrait","link":"https:\/\/www.jazzzeitung.de\/cms\/thema\/portrait\/"},"img":{"alt_text":"","src":"https:\/\/i0.wp.com\/www.jazzzeitung.de\/cms\/wp-content\/uploads\/2023\/02\/Ilona-Jutta.jpg?fit=1200%2C787&ssl=1&resize=350%2C200","width":350,"height":200,"srcset":"https:\/\/i0.wp.com\/www.jazzzeitung.de\/cms\/wp-content\/uploads\/2023\/02\/Ilona-Jutta.jpg?fit=1200%2C787&ssl=1&resize=350%2C200 1x, https:\/\/i0.wp.com\/www.jazzzeitung.de\/cms\/wp-content\/uploads\/2023\/02\/Ilona-Jutta.jpg?fit=1200%2C787&ssl=1&resize=525%2C300 1.5x, https:\/\/i0.wp.com\/www.jazzzeitung.de\/cms\/wp-content\/uploads\/2023\/02\/Ilona-Jutta.jpg?fit=1200%2C787&ssl=1&resize=700%2C400 2x, https:\/\/i0.wp.com\/www.jazzzeitung.de\/cms\/wp-content\/uploads\/2023\/02\/Ilona-Jutta.jpg?fit=1200%2C787&ssl=1&resize=1050%2C600 3x"},"classes":[]},{"id":2319,"url":"https:\/\/www.jazzzeitung.de\/cms\/2013\/09\/die-jutta-hipp-story-nacherzaehlt-von-dietrich-schlegel\/","url_meta":{"origin":25406,"position":3},"title":"Die Jutta Hipp-Story, nacherz\u00e4hlt von Dietrich Schlegel","author":"Redaktion JazzZeitung","date":"27. September 2013","format":false,"excerpt":"[Dieser Text ist in der Printausgabe 4-13 erschienen.] Am 7. April j\u00e4hrte sich zum zehnten Mal der Todestag der Jazzpianistin Jutta Hipp \u2013 Anlass f\u00fcr die Saxophonistin Ilona Haberkamp, \u201eEurope\u2019s first lady of Jazz\u201c und \u201efirst white European woman on Blue Note\u201c mit einer ungew\u00f6hnlichen CD zu w\u00fcrdigen. \u201eCool is\u2026","rel":"","context":"In &quot;JazzZeitung (print)&quot;","block_context":{"text":"JazzZeitung (print)","link":"https:\/\/www.jazzzeitung.de\/cms\/thema\/archiv\/jazzzeitung-print\/"},"img":{"alt_text":"cool is hipp iis cool","src":"https:\/\/i0.wp.com\/www.jazzzeitung.de\/cms\/wp-content\/uploads\/2013\/09\/cover-150x150.jpg?resize=350%2C200","width":350,"height":200},"classes":[]},{"id":15515,"url":"https:\/\/www.jazzzeitung.de\/cms\/2018\/04\/cd-rezension-pablo-held-investigations\/","url_meta":{"origin":25406,"position":4},"title":"CD-Rezension: Pablo Held \u2013 Investigations","author":"Thomas J. Krebs","date":"12. April 2018","format":false,"excerpt":"Seit dem Jahr 2005 existiert das Pablo Held Trio mit Robert Landfermann am Bass und dem Schlagzeuger Jonas Burgwinkel bereits. Bis dato erschienen offiziell neun Alben unter Helds eigenem Namen, davon f\u00fcnf reine Trioalben in dieser Besetzung (plus eine Aufnahme im Trio mit John Scofield). Nach dem bedauernswerten Ende des\u2026","rel":"","context":"In &quot;Rezension&quot;","block_context":{"text":"Rezension","link":"https:\/\/www.jazzzeitung.de\/cms\/thema\/rezension\/"},"img":{"alt_text":"","src":"https:\/\/i0.wp.com\/www.jazzzeitung.de\/cms\/wp-content\/uploads\/2018\/04\/Pablo-Held-Cover1.jpg?fit=1200%2C823&ssl=1&resize=350%2C200","width":350,"height":200,"srcset":"https:\/\/i0.wp.com\/www.jazzzeitung.de\/cms\/wp-content\/uploads\/2018\/04\/Pablo-Held-Cover1.jpg?fit=1200%2C823&ssl=1&resize=350%2C200 1x, https:\/\/i0.wp.com\/www.jazzzeitung.de\/cms\/wp-content\/uploads\/2018\/04\/Pablo-Held-Cover1.jpg?fit=1200%2C823&ssl=1&resize=525%2C300 1.5x, https:\/\/i0.wp.com\/www.jazzzeitung.de\/cms\/wp-content\/uploads\/2018\/04\/Pablo-Held-Cover1.jpg?fit=1200%2C823&ssl=1&resize=700%2C400 2x, https:\/\/i0.wp.com\/www.jazzzeitung.de\/cms\/wp-content\/uploads\/2018\/04\/Pablo-Held-Cover1.jpg?fit=1200%2C823&ssl=1&resize=1050%2C600 3x"},"classes":[]},{"id":7906,"url":"https:\/\/www.jazzzeitung.de\/cms\/2015\/12\/die-vielen-talente-der-jutta-hipp-eine-umfangreiche-dokumentation-gibt-auskunft\/","url_meta":{"origin":25406,"position":5},"title":"Die vielen Talente der Jutta Hipp &#8211; eine umfangreiche Dokumentation gibt Auskunft","author":"Redaktion JazzZeitung","date":"7. Dezember 2015","format":false,"excerpt":"Von Dietrich Schlegel. Gleich zu Beginn sei es gesagt: \u201eThe Life And Art Of Jutta Hipp \u2013 Hipp is cool\u201c ist eine verlegerische und jazzhistorische Gro\u00dftat des Musikproduzenten Micha Gottschalk und der Jazzmusikerin und Musikp\u00e4dagogin Ilona Haberkamp. Ganz wesentlich war auch der Jazzhistoriker Gerhard Evertz, Verfasser eines Buches \u00fcber \u201eJutta\u2026","rel":"","context":"In &quot;Rezension&quot;","block_context":{"text":"Rezension","link":"https:\/\/www.jazzzeitung.de\/cms\/thema\/rezension\/"},"img":{"alt_text":"hipp1","src":"https:\/\/i0.wp.com\/www.jazzzeitung.de\/cms\/wp-content\/uploads\/2015\/12\/hipp1-150x150.jpg?resize=350%2C200","width":350,"height":200},"classes":[]}],"jetpack_sharing_enabled":true,"_links":{"self":[{"href":"https:\/\/www.jazzzeitung.de\/cms\/wp-json\/wp\/v2\/posts\/25406","targetHints":{"allow":["GET"]}}],"collection":[{"href":"https:\/\/www.jazzzeitung.de\/cms\/wp-json\/wp\/v2\/posts"}],"about":[{"href":"https:\/\/www.jazzzeitung.de\/cms\/wp-json\/wp\/v2\/types\/post"}],"author":[{"embeddable":true,"href":"https:\/\/www.jazzzeitung.de\/cms\/wp-json\/wp\/v2\/users\/35"}],"replies":[{"embeddable":true,"href":"https:\/\/www.jazzzeitung.de\/cms\/wp-json\/wp\/v2\/comments?post=25406"}],"version-history":[{"count":11,"href":"https:\/\/www.jazzzeitung.de\/cms\/wp-json\/wp\/v2\/posts\/25406\/revisions"}],"predecessor-version":[{"id":25410,"href":"https:\/\/www.jazzzeitung.de\/cms\/wp-json\/wp\/v2\/posts\/25406\/revisions\/25410"}],"wp:featuredmedia":[{"embeddable":true,"href":"https:\/\/www.jazzzeitung.de\/cms\/wp-json\/wp\/v2\/media\/25408"}],"wp:attachment":[{"href":"https:\/\/www.jazzzeitung.de\/cms\/wp-json\/wp\/v2\/media?parent=25406"}],"wp:term":[{"taxonomy":"category","embeddable":true,"href":"https:\/\/www.jazzzeitung.de\/cms\/wp-json\/wp\/v2\/categories?post=25406"},{"taxonomy":"post_tag","embeddable":true,"href":"https:\/\/www.jazzzeitung.de\/cms\/wp-json\/wp\/v2\/tags?post=25406"},{"taxonomy":"author","embeddable":true,"href":"https:\/\/www.jazzzeitung.de\/cms\/wp-json\/wp\/v2\/coauthors?post=25406"}],"curies":[{"name":"wp","href":"https:\/\/api.w.org\/{rel}","templated":true}]}}