{"id":25246,"date":"2021-08-04T10:00:34","date_gmt":"2021-08-04T08:00:34","guid":{"rendered":"https:\/\/www.jazzzeitung.de\/cms\/?p=25246"},"modified":"2021-08-03T12:57:22","modified_gmt":"2021-08-03T10:57:22","slug":"news-silvan-strauss-erhaelt-hamburger-jazzpreis-2021","status":"publish","type":"post","link":"https:\/\/www.jazzzeitung.de\/cms\/2021\/08\/news-silvan-strauss-erhaelt-hamburger-jazzpreis-2021\/","title":{"rendered":"+++ news +++ Silvan Strau\u00df erh\u00e4lt Hamburger Jazzpreis 2021 +++"},"content":{"rendered":"<p>(Pressenmitteilung) Der Schlagzeuger Silvan Strau\u00df ist Preistr\u00e4ger des renommierten Hamburger Jazzpreises, der 2021 zum achten Mal vergeben wird. Der mit 10.000 Euro dotierte Preis zeichnet alle zwei Jahre Musikerinnen und Musiker aus, die einen besonders qualifizierten k\u00fcnstlerischen Beitrag zur Jazzmusik in Hamburg geleistet und sich f\u00fcr die Belange des Jazz in der Stadt eingesetzt haben.<\/p>\n<p>R\u00e9ka Csorba Gesch\u00e4ftsf\u00fchrerin vom Jazzb\u00fcro Hamburg e.V.:<br \/>\n\u201eMit dem Drummer Silvan Strau\u00df als Hamburgs Jazzpreistr\u00e4ger 2021 ist einer der spannendsten und vielseitigsten Jazzmusiker Hamburgs gew\u00e4hlt worden. Wir freuen uns sehr und unterst\u00fctzen ihn gerne auf seinem Weg.&#8220;<\/p>\n<p>Silvan Strau\u00df dazu:<br \/>\n&#8222;Ich freue mich mega \u00fcber die Auszeichnung! Es ist nicht selbstverst\u00e4ndlich, dass die eigene Arbeit so positiv wahrgenommen wird. Wenn ich auf die Jurymitglieder schaue, die ich alle sehr sch\u00e4tze, ist es f\u00fcr mich umso mehr eine gro\u00dfartige Best\u00e4tigung.&#8220; (Zitat aus dem Interview von NDR Kultur. Ausstrahlungstermin 2.8.21 13:05Uhr, sp\u00e4ter Mediathek)<\/p>\n<h3>Geschichtliches<\/h3>\n<p>Der Hamburger Jazzpreis wurde 2007 von der Dr. E.A. Langner Stiftung ins Leben gerufen. 2011 wurde die Tr\u00e4gerschaft an die ELBJAZZ GmbH \u00fcbertragen. 2017 hat das Jazzb\u00fcro Hamburg die Ausrichtung des Preises \u00fcbernommen, das ELBJAZZ Festival bleibt Gastgeber der Preisverleihung. Eine Fachjury hat zun\u00e4chst Kandidaten nominiert und den diesj\u00e4hrigen Preistr\u00e4ger bestimmt.<\/p>\n<p>Silvan Strau\u00df, geboren 1990, stammt aus dem Allg\u00e4u und wurde zun\u00e4chst im Landes-Jugendjazzorchester Bayern ausgebildet. W\u00e4hrend des Jazzstudiums an der Hochschule f\u00fcr Musik und Theater Hamburg geh\u00f6rte er zum Bundesjugendjazzorchester und ist seither ein Aush\u00e4ngeschild der Hamburger Szene. Ob in seiner eigenen Band TOYTOY oder als Sideman in Bands wie bei Maria Jo\u00e3o oder Giovanni Wei\u00df, als Gastdrummer der NDR Bigband oder im Lisa Wulff Quartett (Hamburger Jazzpreistr\u00e4gerin 2019), in dem er seit acht Jahren festes Mitglied ist.<\/p>\n<h3><strong>Begr\u00fcndung der Jury<\/strong><\/h3>\n<p>Silvan Strau\u00df ist ein musikalisch sowie technisch herausragender Jazzschlagzeuger, der stilistisch so vielf\u00e4ltig ist wie kaum ein anderer. Ob in seiner eigenen Band TOYTOY oder als Sideman in anderen Bands: Silvan Strau\u00df widmet sich jeder musikalischen Aufgabe mit voller Hingabe und maximalem Einsatz und bringt dabei stets seine pers\u00f6nliche Stimme am Schlagzeug ein. Neben dem kreativen Umgang mit seinem Instrument und einem Sinn f\u00fcr Klangfarben und Grooves, zeichnen Silvan Strau\u00df au\u00dferdem sein Talent f\u00fcr Recording und Produktion aus. Hier hat er es ebenfalls geschafft, einen pers\u00f6nlichen Stil zu entwickeln. Seine Unterst\u00fctzung der Musiker-Community hat ihm eine hohe Szenekredibilit\u00e4t eingebracht.\u00a0 Seine Spielfreude und sein besonderer physischer Spa\u00df am Groove macht sein Musizieren f\u00fcr ein Publikum jeglicher Couleur interessant und nahbar. Silvan Strau\u00df steht f\u00fcr eine zukunftsweisende junge Hamburger Jazzszene und bringt dar\u00fcber hinaus Musiker*innen anderer Genres mit Authentizit\u00e4t und intelligentem Blick in die Zukunft mit dem Jazz zusammen. Silvan Strau\u00df ist daher aus unserer Sicht ein gro\u00dfartiger Jazz-Botschafter f\u00fcr Hamburg.<\/p>\n<h3><strong>Die Jury 2021<\/strong><\/h3>\n<p>Gabriel Coburger (Musiker und Preistr\u00e4ger des 1. Hamburger Jazzpreises)<br \/>\nLisa Wulff (Musikerin und Preistr\u00e4gerin des 7. Hamburger Jazzpreises)<br \/>\nStefan Gerdes (NDR Jazzredaktion)<br \/>\nSandra Hempel (Musikerin, NDR Bigband)<br \/>\nMichael Langkamp (Musiker und Koordinator des Jazzstudiengangs an der HfMT)<br \/>\nR\u00e9ka Csorba (Gesch\u00e4ftsf\u00fchrerin Jazzbu\u0308ro Hamburg)<br \/>\nUnd in beratender Funktion ohne Stimmrecht: Jiggs Whigham (Musiker)<\/p>\n","protected":false},"excerpt":{"rendered":"<p>(Pressenmitteilung) Der Schlagzeuger Silvan Strau\u00df ist Preistr\u00e4ger des renommierten Hamburger Jazzpreises, der 2021 zum achten Mal vergeben wird. Der mit 10.000 Euro dotierte Preis zeichnet alle zwei Jahre Musikerinnen und Musiker aus, die einen besonders qualifizierten k\u00fcnstlerischen Beitrag zur Jazzmusik in Hamburg geleistet und sich f\u00fcr die Belange des Jazz in der Stadt eingesetzt haben. R\u00e9ka Csorba Gesch\u00e4ftsf\u00fchrerin vom Jazzb\u00fcro Hamburg e.V.: \u201eMit dem Drummer Silvan Strau\u00df als Hamburgs Jazzpreistr\u00e4ger 2021 ist einer der spannendsten und vielseitigsten Jazzmusiker Hamburgs gew\u00e4hlt worden. Wir freuen uns sehr und unterst\u00fctzen ihn gerne auf seinem Weg.&#8220; Silvan Strau\u00df dazu: &#8222;Ich freue mich mega \u00fcber die Auszeichnung! Es ist nicht selbstverst\u00e4ndlich, dass die eigene Arbeit so positiv wahrgenommen wird. Wenn ich auf die Jurymitglieder schaue, die ich alle sehr sch\u00e4tze, ist es f\u00fcr mich umso mehr eine gro\u00dfartige Best\u00e4tigung.&#8220; (Zitat aus dem Interview von NDR Kultur. Ausstrahlungstermin 2.8.21 13:05Uhr, sp\u00e4ter Mediathek) Geschichtliches Der Hamburger Jazzpreis wurde 2007 von der Dr. E.A. Langner Stiftung ins Leben gerufen. 2011 wurde die Tr\u00e4gerschaft an die ELBJAZZ GmbH \u00fcbertragen. 2017 hat das Jazzb\u00fcro Hamburg die Ausrichtung des Preises \u00fcbernommen, das ELBJAZZ Festival bleibt Gastgeber &hellip;<\/p>\n","protected":false},"author":18,"featured_media":25249,"comment_status":"open","ping_status":"closed","sticky":false,"template":"","format":"standard","meta":{"_jetpack_memberships_contains_paid_content":false,"footnotes":"","jetpack_publicize_message":"","jetpack_publicize_feature_enabled":true,"jetpack_social_post_already_shared":false,"jetpack_social_options":{"image_generator_settings":{"template":"highway","default_image_id":0,"font":"","enabled":false},"version":2}},"categories":[633],"tags":[3472,2339,215,2335,3471,294,1169,2338,3475,1951,1502,1170,3386,3476,3474,2312,3469,3473,3470],"coauthors":[695],"class_list":["post-25246","post","type-post","status-publish","format-standard","has-post-thumbnail","hentry","category-nachrichten","tag-drummer","tag-gabriel-coburger","tag-hamburg","tag-hamburger-jazzpreis","tag-hamburger-jazzpreis-2021","tag-jazzzeitung","tag-jiggs-whigham","tag-lisa-wulff","tag-michael-langkamp","tag-news","tag-preis","tag-preistraeger","tag-pressemitteilung","tag-reka-csorba","tag-sandra-hempel","tag-schlagzeuger","tag-silvan-strauss","tag-stefan-gerdes","tag-strauss"],"yoast_head":"<!-- This site is optimized with the Yoast SEO plugin v27.5 - https:\/\/yoast.com\/product\/yoast-seo-wordpress\/ -->\n<title>+++ news +++ Silvan Strau\u00df erh\u00e4lt Hamburger Jazzpreis 2021 +++ - JazzZeitung<\/title>\n<meta name=\"robots\" content=\"index, follow, max-snippet:-1, max-image-preview:large, max-video-preview:-1\" \/>\n<link rel=\"canonical\" href=\"https:\/\/www.jazzzeitung.de\/cms\/2021\/08\/news-silvan-strauss-erhaelt-hamburger-jazzpreis-2021\/\" \/>\n<meta property=\"og:locale\" content=\"de_DE\" \/>\n<meta property=\"og:type\" content=\"article\" \/>\n<meta property=\"og:title\" content=\"+++ news +++ Silvan Strau\u00df erh\u00e4lt Hamburger Jazzpreis 2021 +++ - JazzZeitung\" \/>\n<meta property=\"og:description\" content=\"(Pressenmitteilung) Der Schlagzeuger Silvan Strau\u00df ist Preistr\u00e4ger des renommierten Hamburger Jazzpreises, der 2021 zum achten Mal vergeben wird. Der mit 10.000 Euro dotierte Preis zeichnet alle zwei Jahre Musikerinnen und Musiker aus, die einen besonders qualifizierten k\u00fcnstlerischen Beitrag zur Jazzmusik in Hamburg geleistet und sich f\u00fcr die Belange des Jazz in der Stadt eingesetzt haben. R\u00e9ka Csorba Gesch\u00e4ftsf\u00fchrerin vom Jazzb\u00fcro Hamburg e.V.: \u201eMit dem Drummer Silvan Strau\u00df als Hamburgs Jazzpreistr\u00e4ger 2021 ist einer der spannendsten und vielseitigsten Jazzmusiker Hamburgs gew\u00e4hlt worden. Wir freuen uns sehr und unterst\u00fctzen ihn gerne auf seinem Weg.&#8220; Silvan Strau\u00df dazu: &#8222;Ich freue mich mega \u00fcber die Auszeichnung! Es ist nicht selbstverst\u00e4ndlich, dass die eigene Arbeit so positiv wahrgenommen wird. Wenn ich auf die Jurymitglieder schaue, die ich alle sehr sch\u00e4tze, ist es f\u00fcr mich umso mehr eine gro\u00dfartige Best\u00e4tigung.&#8220; (Zitat aus dem Interview von NDR Kultur. Ausstrahlungstermin 2.8.21 13:05Uhr, sp\u00e4ter Mediathek) Geschichtliches Der Hamburger Jazzpreis wurde 2007 von der Dr. E.A. Langner Stiftung ins Leben gerufen. 2011 wurde die Tr\u00e4gerschaft an die ELBJAZZ GmbH \u00fcbertragen. 2017 hat das Jazzb\u00fcro Hamburg die Ausrichtung des Preises \u00fcbernommen, das ELBJAZZ Festival bleibt Gastgeber &hellip;\" \/>\n<meta property=\"og:url\" content=\"https:\/\/www.jazzzeitung.de\/cms\/2021\/08\/news-silvan-strauss-erhaelt-hamburger-jazzpreis-2021\/\" \/>\n<meta property=\"og:site_name\" content=\"JazzZeitung\" \/>\n<meta property=\"article:publisher\" content=\"https:\/\/www.facebook.com\/JazzZeitung\/\" \/>\n<meta property=\"article:published_time\" content=\"2021-08-04T08:00:34+00:00\" \/>\n<meta property=\"og:image\" content=\"https:\/\/i0.wp.com\/www.jazzzeitung.de\/cms\/wp-content\/uploads\/2021\/08\/silvan_strass_steven-Haberland.jpg?fit=800%2C534&ssl=1\" \/>\n\t<meta property=\"og:image:width\" content=\"800\" \/>\n\t<meta property=\"og:image:height\" content=\"534\" \/>\n\t<meta property=\"og:image:type\" content=\"image\/jpeg\" \/>\n<meta name=\"author\" content=\"Redaktion JazzZeitung\" \/>\n<script type=\"application\/ld+json\" class=\"yoast-schema-graph\">{\"@context\":\"https:\\\/\\\/schema.org\",\"@graph\":[{\"@type\":\"Article\",\"@id\":\"https:\\\/\\\/www.jazzzeitung.de\\\/cms\\\/2021\\\/08\\\/news-silvan-strauss-erhaelt-hamburger-jazzpreis-2021\\\/#article\",\"isPartOf\":{\"@id\":\"https:\\\/\\\/www.jazzzeitung.de\\\/cms\\\/2021\\\/08\\\/news-silvan-strauss-erhaelt-hamburger-jazzpreis-2021\\\/\"},\"author\":{\"name\":\"Redaktion JazzZeitung\",\"@id\":\"https:\\\/\\\/www.jazzzeitung.de\\\/cms\\\/#\\\/schema\\\/person\\\/2245b36b9cd1d24cea10f01c031fb92b\"},\"headline\":\"+++ news +++ Silvan Strau\u00df erh\u00e4lt Hamburger Jazzpreis 2021 +++\",\"datePublished\":\"2021-08-04T08:00:34+00:00\",\"mainEntityOfPage\":{\"@id\":\"https:\\\/\\\/www.jazzzeitung.de\\\/cms\\\/2021\\\/08\\\/news-silvan-strauss-erhaelt-hamburger-jazzpreis-2021\\\/\"},\"wordCount\":540,\"commentCount\":0,\"publisher\":{\"@id\":\"https:\\\/\\\/www.jazzzeitung.de\\\/cms\\\/#organization\"},\"image\":{\"@id\":\"https:\\\/\\\/www.jazzzeitung.de\\\/cms\\\/2021\\\/08\\\/news-silvan-strauss-erhaelt-hamburger-jazzpreis-2021\\\/#primaryimage\"},\"thumbnailUrl\":\"https:\\\/\\\/i0.wp.com\\\/www.jazzzeitung.de\\\/cms\\\/wp-content\\\/uploads\\\/2021\\\/08\\\/silvan_strass_steven-Haberland.jpg?fit=800%2C534&ssl=1\",\"keywords\":[\"Drummer\",\"Gabriel Coburger\",\"Hamburg\",\"Hamburger Jazzpreis\",\"Hamburger Jazzpreis 2021\",\"Jazzzeitung\",\"Jiggs Whigham\",\"Lisa Wulff\",\"Michael Langkamp\",\"News\",\"Preis\",\"Preistr\u00e4ger\",\"Pressemitteilung\",\"R\u00e9ka Csorba\",\"Sandra Hempel\",\"Schlagzeuger\",\"Silvan Strau\u00df\",\"Stefan Gerdes\",\"Strau\u00df\"],\"articleSection\":[\"News\"],\"inLanguage\":\"de\",\"potentialAction\":[{\"@type\":\"CommentAction\",\"name\":\"Comment\",\"target\":[\"https:\\\/\\\/www.jazzzeitung.de\\\/cms\\\/2021\\\/08\\\/news-silvan-strauss-erhaelt-hamburger-jazzpreis-2021\\\/#respond\"]}]},{\"@type\":\"WebPage\",\"@id\":\"https:\\\/\\\/www.jazzzeitung.de\\\/cms\\\/2021\\\/08\\\/news-silvan-strauss-erhaelt-hamburger-jazzpreis-2021\\\/\",\"url\":\"https:\\\/\\\/www.jazzzeitung.de\\\/cms\\\/2021\\\/08\\\/news-silvan-strauss-erhaelt-hamburger-jazzpreis-2021\\\/\",\"name\":\"+++ news +++ Silvan Strau\u00df erh\u00e4lt Hamburger Jazzpreis 2021 +++ - JazzZeitung\",\"isPartOf\":{\"@id\":\"https:\\\/\\\/www.jazzzeitung.de\\\/cms\\\/#website\"},\"primaryImageOfPage\":{\"@id\":\"https:\\\/\\\/www.jazzzeitung.de\\\/cms\\\/2021\\\/08\\\/news-silvan-strauss-erhaelt-hamburger-jazzpreis-2021\\\/#primaryimage\"},\"image\":{\"@id\":\"https:\\\/\\\/www.jazzzeitung.de\\\/cms\\\/2021\\\/08\\\/news-silvan-strauss-erhaelt-hamburger-jazzpreis-2021\\\/#primaryimage\"},\"thumbnailUrl\":\"https:\\\/\\\/i0.wp.com\\\/www.jazzzeitung.de\\\/cms\\\/wp-content\\\/uploads\\\/2021\\\/08\\\/silvan_strass_steven-Haberland.jpg?fit=800%2C534&ssl=1\",\"datePublished\":\"2021-08-04T08:00:34+00:00\",\"breadcrumb\":{\"@id\":\"https:\\\/\\\/www.jazzzeitung.de\\\/cms\\\/2021\\\/08\\\/news-silvan-strauss-erhaelt-hamburger-jazzpreis-2021\\\/#breadcrumb\"},\"inLanguage\":\"de\",\"potentialAction\":[{\"@type\":\"ReadAction\",\"target\":[\"https:\\\/\\\/www.jazzzeitung.de\\\/cms\\\/2021\\\/08\\\/news-silvan-strauss-erhaelt-hamburger-jazzpreis-2021\\\/\"]}]},{\"@type\":\"ImageObject\",\"inLanguage\":\"de\",\"@id\":\"https:\\\/\\\/www.jazzzeitung.de\\\/cms\\\/2021\\\/08\\\/news-silvan-strauss-erhaelt-hamburger-jazzpreis-2021\\\/#primaryimage\",\"url\":\"https:\\\/\\\/i0.wp.com\\\/www.jazzzeitung.de\\\/cms\\\/wp-content\\\/uploads\\\/2021\\\/08\\\/silvan_strass_steven-Haberland.jpg?fit=800%2C534&ssl=1\",\"contentUrl\":\"https:\\\/\\\/i0.wp.com\\\/www.jazzzeitung.de\\\/cms\\\/wp-content\\\/uploads\\\/2021\\\/08\\\/silvan_strass_steven-Haberland.jpg?fit=800%2C534&ssl=1\",\"width\":800,\"height\":534,\"caption\":\"Foto: Steven Haberland\"},{\"@type\":\"BreadcrumbList\",\"@id\":\"https:\\\/\\\/www.jazzzeitung.de\\\/cms\\\/2021\\\/08\\\/news-silvan-strauss-erhaelt-hamburger-jazzpreis-2021\\\/#breadcrumb\",\"itemListElement\":[{\"@type\":\"ListItem\",\"position\":1,\"name\":\"Startseite\",\"item\":\"https:\\\/\\\/www.jazzzeitung.de\\\/cms\\\/\"},{\"@type\":\"ListItem\",\"position\":2,\"name\":\"+++ news +++ Silvan Strau\u00df erh\u00e4lt Hamburger Jazzpreis 2021 +++\"}]},{\"@type\":\"WebSite\",\"@id\":\"https:\\\/\\\/www.jazzzeitung.de\\\/cms\\\/#website\",\"url\":\"https:\\\/\\\/www.jazzzeitung.de\\\/cms\\\/\",\"name\":\"JazzZeitung\",\"description\":\"Jazz-News und Jazz-Kontroverses\",\"publisher\":{\"@id\":\"https:\\\/\\\/www.jazzzeitung.de\\\/cms\\\/#organization\"},\"potentialAction\":[{\"@type\":\"SearchAction\",\"target\":{\"@type\":\"EntryPoint\",\"urlTemplate\":\"https:\\\/\\\/www.jazzzeitung.de\\\/cms\\\/?s={search_term_string}\"},\"query-input\":{\"@type\":\"PropertyValueSpecification\",\"valueRequired\":true,\"valueName\":\"search_term_string\"}}],\"inLanguage\":\"de\"},{\"@type\":\"Organization\",\"@id\":\"https:\\\/\\\/www.jazzzeitung.de\\\/cms\\\/#organization\",\"name\":\"JazzZeitung online\",\"url\":\"https:\\\/\\\/www.jazzzeitung.de\\\/cms\\\/\",\"logo\":{\"@type\":\"ImageObject\",\"inLanguage\":\"de\",\"@id\":\"https:\\\/\\\/www.jazzzeitung.de\\\/cms\\\/#\\\/schema\\\/logo\\\/image\\\/\",\"url\":\"https:\\\/\\\/i0.wp.com\\\/www.jazzzeitung.de\\\/cms\\\/wp-content\\\/uploads\\\/2015\\\/08\\\/JAZZZEITUNGDE_Logo_Neu.png?fit=499%2C200&ssl=1\",\"contentUrl\":\"https:\\\/\\\/i0.wp.com\\\/www.jazzzeitung.de\\\/cms\\\/wp-content\\\/uploads\\\/2015\\\/08\\\/JAZZZEITUNGDE_Logo_Neu.png?fit=499%2C200&ssl=1\",\"width\":499,\"height\":200,\"caption\":\"JazzZeitung online\"},\"image\":{\"@id\":\"https:\\\/\\\/www.jazzzeitung.de\\\/cms\\\/#\\\/schema\\\/logo\\\/image\\\/\"},\"sameAs\":[\"https:\\\/\\\/www.facebook.com\\\/JazzZeitung\\\/\"]},{\"@type\":\"Person\",\"@id\":\"https:\\\/\\\/www.jazzzeitung.de\\\/cms\\\/#\\\/schema\\\/person\\\/2245b36b9cd1d24cea10f01c031fb92b\",\"name\":\"Redaktion JazzZeitung\",\"image\":{\"@type\":\"ImageObject\",\"inLanguage\":\"de\",\"@id\":\"https:\\\/\\\/i0.wp.com\\\/www.jazzzeitung.de\\\/cms\\\/wp-content\\\/uploads\\\/2015\\\/08\\\/JAZZZEITUNGDE_Logo_Neu.png?resize=96%2C96&ssl=159975dcacb611b5700bd619b5daf0a7a\",\"url\":\"https:\\\/\\\/i0.wp.com\\\/www.jazzzeitung.de\\\/cms\\\/wp-content\\\/uploads\\\/2015\\\/08\\\/JAZZZEITUNGDE_Logo_Neu.png?resize=96%2C96&ssl=1\",\"contentUrl\":\"https:\\\/\\\/i0.wp.com\\\/www.jazzzeitung.de\\\/cms\\\/wp-content\\\/uploads\\\/2015\\\/08\\\/JAZZZEITUNGDE_Logo_Neu.png?resize=96%2C96&ssl=1\",\"caption\":\"Redaktion JazzZeitung\"},\"description\":\"Artikel der Redaktion der JazzZeitung.\",\"sameAs\":[\"http:\\\/\\\/www.jazzzeitung.de\\\/cms\\\/\"],\"url\":\"https:\\\/\\\/www.jazzzeitung.de\\\/cms\\\/author\\\/redaktion\\\/\"}]}<\/script>\n<!-- \/ Yoast SEO plugin. -->","yoast_head_json":{"title":"+++ news +++ Silvan Strau\u00df erh\u00e4lt Hamburger Jazzpreis 2021 +++ - JazzZeitung","robots":{"index":"index","follow":"follow","max-snippet":"max-snippet:-1","max-image-preview":"max-image-preview:large","max-video-preview":"max-video-preview:-1"},"canonical":"https:\/\/www.jazzzeitung.de\/cms\/2021\/08\/news-silvan-strauss-erhaelt-hamburger-jazzpreis-2021\/","og_locale":"de_DE","og_type":"article","og_title":"+++ news +++ Silvan Strau\u00df erh\u00e4lt Hamburger Jazzpreis 2021 +++ - JazzZeitung","og_description":"(Pressenmitteilung) Der Schlagzeuger Silvan Strau\u00df ist Preistr\u00e4ger des renommierten Hamburger Jazzpreises, der 2021 zum achten Mal vergeben wird. Der mit 10.000 Euro dotierte Preis zeichnet alle zwei Jahre Musikerinnen und Musiker aus, die einen besonders qualifizierten k\u00fcnstlerischen Beitrag zur Jazzmusik in Hamburg geleistet und sich f\u00fcr die Belange des Jazz in der Stadt eingesetzt haben. R\u00e9ka Csorba Gesch\u00e4ftsf\u00fchrerin vom Jazzb\u00fcro Hamburg e.V.: \u201eMit dem Drummer Silvan Strau\u00df als Hamburgs Jazzpreistr\u00e4ger 2021 ist einer der spannendsten und vielseitigsten Jazzmusiker Hamburgs gew\u00e4hlt worden. Wir freuen uns sehr und unterst\u00fctzen ihn gerne auf seinem Weg.&#8220; Silvan Strau\u00df dazu: &#8222;Ich freue mich mega \u00fcber die Auszeichnung! Es ist nicht selbstverst\u00e4ndlich, dass die eigene Arbeit so positiv wahrgenommen wird. Wenn ich auf die Jurymitglieder schaue, die ich alle sehr sch\u00e4tze, ist es f\u00fcr mich umso mehr eine gro\u00dfartige Best\u00e4tigung.&#8220; (Zitat aus dem Interview von NDR Kultur. Ausstrahlungstermin 2.8.21 13:05Uhr, sp\u00e4ter Mediathek) Geschichtliches Der Hamburger Jazzpreis wurde 2007 von der Dr. E.A. Langner Stiftung ins Leben gerufen. 2011 wurde die Tr\u00e4gerschaft an die ELBJAZZ GmbH \u00fcbertragen. 2017 hat das Jazzb\u00fcro Hamburg die Ausrichtung des Preises \u00fcbernommen, das ELBJAZZ Festival bleibt Gastgeber &hellip;","og_url":"https:\/\/www.jazzzeitung.de\/cms\/2021\/08\/news-silvan-strauss-erhaelt-hamburger-jazzpreis-2021\/","og_site_name":"JazzZeitung","article_publisher":"https:\/\/www.facebook.com\/JazzZeitung\/","article_published_time":"2021-08-04T08:00:34+00:00","og_image":[{"width":800,"height":534,"url":"https:\/\/i0.wp.com\/www.jazzzeitung.de\/cms\/wp-content\/uploads\/2021\/08\/silvan_strass_steven-Haberland.jpg?fit=800%2C534&ssl=1","type":"image\/jpeg"}],"author":"Redaktion JazzZeitung","schema":{"@context":"https:\/\/schema.org","@graph":[{"@type":"Article","@id":"https:\/\/www.jazzzeitung.de\/cms\/2021\/08\/news-silvan-strauss-erhaelt-hamburger-jazzpreis-2021\/#article","isPartOf":{"@id":"https:\/\/www.jazzzeitung.de\/cms\/2021\/08\/news-silvan-strauss-erhaelt-hamburger-jazzpreis-2021\/"},"author":{"name":"Redaktion JazzZeitung","@id":"https:\/\/www.jazzzeitung.de\/cms\/#\/schema\/person\/2245b36b9cd1d24cea10f01c031fb92b"},"headline":"+++ news +++ Silvan Strau\u00df erh\u00e4lt Hamburger Jazzpreis 2021 +++","datePublished":"2021-08-04T08:00:34+00:00","mainEntityOfPage":{"@id":"https:\/\/www.jazzzeitung.de\/cms\/2021\/08\/news-silvan-strauss-erhaelt-hamburger-jazzpreis-2021\/"},"wordCount":540,"commentCount":0,"publisher":{"@id":"https:\/\/www.jazzzeitung.de\/cms\/#organization"},"image":{"@id":"https:\/\/www.jazzzeitung.de\/cms\/2021\/08\/news-silvan-strauss-erhaelt-hamburger-jazzpreis-2021\/#primaryimage"},"thumbnailUrl":"https:\/\/i0.wp.com\/www.jazzzeitung.de\/cms\/wp-content\/uploads\/2021\/08\/silvan_strass_steven-Haberland.jpg?fit=800%2C534&ssl=1","keywords":["Drummer","Gabriel Coburger","Hamburg","Hamburger Jazzpreis","Hamburger Jazzpreis 2021","Jazzzeitung","Jiggs Whigham","Lisa Wulff","Michael Langkamp","News","Preis","Preistr\u00e4ger","Pressemitteilung","R\u00e9ka Csorba","Sandra Hempel","Schlagzeuger","Silvan Strau\u00df","Stefan Gerdes","Strau\u00df"],"articleSection":["News"],"inLanguage":"de","potentialAction":[{"@type":"CommentAction","name":"Comment","target":["https:\/\/www.jazzzeitung.de\/cms\/2021\/08\/news-silvan-strauss-erhaelt-hamburger-jazzpreis-2021\/#respond"]}]},{"@type":"WebPage","@id":"https:\/\/www.jazzzeitung.de\/cms\/2021\/08\/news-silvan-strauss-erhaelt-hamburger-jazzpreis-2021\/","url":"https:\/\/www.jazzzeitung.de\/cms\/2021\/08\/news-silvan-strauss-erhaelt-hamburger-jazzpreis-2021\/","name":"+++ news +++ Silvan Strau\u00df erh\u00e4lt Hamburger Jazzpreis 2021 +++ - JazzZeitung","isPartOf":{"@id":"https:\/\/www.jazzzeitung.de\/cms\/#website"},"primaryImageOfPage":{"@id":"https:\/\/www.jazzzeitung.de\/cms\/2021\/08\/news-silvan-strauss-erhaelt-hamburger-jazzpreis-2021\/#primaryimage"},"image":{"@id":"https:\/\/www.jazzzeitung.de\/cms\/2021\/08\/news-silvan-strauss-erhaelt-hamburger-jazzpreis-2021\/#primaryimage"},"thumbnailUrl":"https:\/\/i0.wp.com\/www.jazzzeitung.de\/cms\/wp-content\/uploads\/2021\/08\/silvan_strass_steven-Haberland.jpg?fit=800%2C534&ssl=1","datePublished":"2021-08-04T08:00:34+00:00","breadcrumb":{"@id":"https:\/\/www.jazzzeitung.de\/cms\/2021\/08\/news-silvan-strauss-erhaelt-hamburger-jazzpreis-2021\/#breadcrumb"},"inLanguage":"de","potentialAction":[{"@type":"ReadAction","target":["https:\/\/www.jazzzeitung.de\/cms\/2021\/08\/news-silvan-strauss-erhaelt-hamburger-jazzpreis-2021\/"]}]},{"@type":"ImageObject","inLanguage":"de","@id":"https:\/\/www.jazzzeitung.de\/cms\/2021\/08\/news-silvan-strauss-erhaelt-hamburger-jazzpreis-2021\/#primaryimage","url":"https:\/\/i0.wp.com\/www.jazzzeitung.de\/cms\/wp-content\/uploads\/2021\/08\/silvan_strass_steven-Haberland.jpg?fit=800%2C534&ssl=1","contentUrl":"https:\/\/i0.wp.com\/www.jazzzeitung.de\/cms\/wp-content\/uploads\/2021\/08\/silvan_strass_steven-Haberland.jpg?fit=800%2C534&ssl=1","width":800,"height":534,"caption":"Foto: Steven Haberland"},{"@type":"BreadcrumbList","@id":"https:\/\/www.jazzzeitung.de\/cms\/2021\/08\/news-silvan-strauss-erhaelt-hamburger-jazzpreis-2021\/#breadcrumb","itemListElement":[{"@type":"ListItem","position":1,"name":"Startseite","item":"https:\/\/www.jazzzeitung.de\/cms\/"},{"@type":"ListItem","position":2,"name":"+++ news +++ Silvan Strau\u00df erh\u00e4lt Hamburger Jazzpreis 2021 +++"}]},{"@type":"WebSite","@id":"https:\/\/www.jazzzeitung.de\/cms\/#website","url":"https:\/\/www.jazzzeitung.de\/cms\/","name":"JazzZeitung","description":"Jazz-News und Jazz-Kontroverses","publisher":{"@id":"https:\/\/www.jazzzeitung.de\/cms\/#organization"},"potentialAction":[{"@type":"SearchAction","target":{"@type":"EntryPoint","urlTemplate":"https:\/\/www.jazzzeitung.de\/cms\/?s={search_term_string}"},"query-input":{"@type":"PropertyValueSpecification","valueRequired":true,"valueName":"search_term_string"}}],"inLanguage":"de"},{"@type":"Organization","@id":"https:\/\/www.jazzzeitung.de\/cms\/#organization","name":"JazzZeitung online","url":"https:\/\/www.jazzzeitung.de\/cms\/","logo":{"@type":"ImageObject","inLanguage":"de","@id":"https:\/\/www.jazzzeitung.de\/cms\/#\/schema\/logo\/image\/","url":"https:\/\/i0.wp.com\/www.jazzzeitung.de\/cms\/wp-content\/uploads\/2015\/08\/JAZZZEITUNGDE_Logo_Neu.png?fit=499%2C200&ssl=1","contentUrl":"https:\/\/i0.wp.com\/www.jazzzeitung.de\/cms\/wp-content\/uploads\/2015\/08\/JAZZZEITUNGDE_Logo_Neu.png?fit=499%2C200&ssl=1","width":499,"height":200,"caption":"JazzZeitung online"},"image":{"@id":"https:\/\/www.jazzzeitung.de\/cms\/#\/schema\/logo\/image\/"},"sameAs":["https:\/\/www.facebook.com\/JazzZeitung\/"]},{"@type":"Person","@id":"https:\/\/www.jazzzeitung.de\/cms\/#\/schema\/person\/2245b36b9cd1d24cea10f01c031fb92b","name":"Redaktion JazzZeitung","image":{"@type":"ImageObject","inLanguage":"de","@id":"https:\/\/i0.wp.com\/www.jazzzeitung.de\/cms\/wp-content\/uploads\/2015\/08\/JAZZZEITUNGDE_Logo_Neu.png?resize=96%2C96&ssl=159975dcacb611b5700bd619b5daf0a7a","url":"https:\/\/i0.wp.com\/www.jazzzeitung.de\/cms\/wp-content\/uploads\/2015\/08\/JAZZZEITUNGDE_Logo_Neu.png?resize=96%2C96&ssl=1","contentUrl":"https:\/\/i0.wp.com\/www.jazzzeitung.de\/cms\/wp-content\/uploads\/2015\/08\/JAZZZEITUNGDE_Logo_Neu.png?resize=96%2C96&ssl=1","caption":"Redaktion JazzZeitung"},"description":"Artikel der Redaktion der JazzZeitung.","sameAs":["http:\/\/www.jazzzeitung.de\/cms\/"],"url":"https:\/\/www.jazzzeitung.de\/cms\/author\/redaktion\/"}]}},"wp-worthy-pixel":{"ignored":false,"public":null,"server":null,"url":null},"wp-worthy-type":"normal","jetpack_publicize_connections":[],"cc_featured_image_caption":{"caption_text":"","source_text":"","source_url":""},"jetpack_featured_media_url":"https:\/\/i0.wp.com\/www.jazzzeitung.de\/cms\/wp-content\/uploads\/2021\/08\/silvan_strass_steven-Haberland.jpg?fit=800%2C534&ssl=1","jetpack_shortlink":"https:\/\/wp.me\/p3KEcT-6zc","jetpack-related-posts":[{"id":19405,"url":"https:\/\/www.jazzzeitung.de\/cms\/2019\/05\/bassistin-lisa-wulff-erhaelt-hamburger-jazzpreis-2019\/","url_meta":{"origin":25246,"position":0},"title":"Bassistin Lisa Wulff erh\u00e4lt Hamburger Jazzpreis 2019","author":"Redaktion JazzZeitung","date":"8. Mai 2019","format":false,"excerpt":"Die Bassistin Lisa Wulff ist Preistr\u00e4gerin des renommierten Hamburger Jazzpreises, der 2019 zum siebten Mal vergeben wird. Der mit 10.000 Euro dotierte Peis zeichnet alle zwei Jahre Musikerinnen und Musiker aus, die einen besonders qualifizierten k\u00fcnstlerischen Beitrag zur Jazzmusik in Hamburg geleistet und sich f\u00fcr die Belange des Jazz in\u2026","rel":"","context":"In &quot;News&quot;","block_context":{"text":"News","link":"https:\/\/www.jazzzeitung.de\/cms\/thema\/nachrichten\/"},"img":{"alt_text":"","src":"https:\/\/i0.wp.com\/www.jazzzeitung.de\/cms\/wp-content\/uploads\/2019\/05\/Lisa_Wulff_-HELLWAGE-Fotoigrafie-e1557236344785.jpeg?fit=1200%2C729&ssl=1&resize=350%2C200","width":350,"height":200,"srcset":"https:\/\/i0.wp.com\/www.jazzzeitung.de\/cms\/wp-content\/uploads\/2019\/05\/Lisa_Wulff_-HELLWAGE-Fotoigrafie-e1557236344785.jpeg?fit=1200%2C729&ssl=1&resize=350%2C200 1x, https:\/\/i0.wp.com\/www.jazzzeitung.de\/cms\/wp-content\/uploads\/2019\/05\/Lisa_Wulff_-HELLWAGE-Fotoigrafie-e1557236344785.jpeg?fit=1200%2C729&ssl=1&resize=525%2C300 1.5x, https:\/\/i0.wp.com\/www.jazzzeitung.de\/cms\/wp-content\/uploads\/2019\/05\/Lisa_Wulff_-HELLWAGE-Fotoigrafie-e1557236344785.jpeg?fit=1200%2C729&ssl=1&resize=700%2C400 2x, https:\/\/i0.wp.com\/www.jazzzeitung.de\/cms\/wp-content\/uploads\/2019\/05\/Lisa_Wulff_-HELLWAGE-Fotoigrafie-e1557236344785.jpeg?fit=1200%2C729&ssl=1&resize=1050%2C600 3x"},"classes":[]},{"id":4788,"url":"https:\/\/www.jazzzeitung.de\/cms\/2014\/11\/breaking-news-3-11-2014-besucherrekord-beim-jazzfest-berlin-aalener-jazzfest-im-tv-junger-muenchner-jazzpreis\/","url_meta":{"origin":25246,"position":1},"title":"Breaking News +++ 3.11.2014: Besucherrekord beim Jazzfest Berlin +++ Aalener Jazzfest im TV +++ Junger M\u00fcnchner Jazzpreis","author":"Redaktion JazzZeitung","date":"3. November 2014","format":false,"excerpt":"Besucherrekord zum 50. Jubil\u00e4um des Jazzfest\u00a0Berlin Mit\u00a0gro\u00dfem\u00a0Applaus\u00a0f\u00fcr Jason Moran und seine Auftritte mit The Bandwagon und dem neuen Projekt \u201eFats Waller Dance Party\u201c sowie f\u00fcr die Band Mostly Other People Do the Killing im gro\u00dfen Saal im Haus der Berliner Festspiele und einer anschlie\u00dfenden Party auf der Seitenb\u00fchne mit Brass\u2026","rel":"","context":"In &quot;News&quot;","block_context":{"text":"News","link":"https:\/\/www.jazzzeitung.de\/cms\/thema\/nachrichten\/"},"img":{"alt_text":"","src":"","width":0,"height":0},"classes":[]},{"id":12348,"url":"https:\/\/www.jazzzeitung.de\/cms\/2017\/05\/wolfgang-schlueter-erhaelt-den-hamburger-jazzpreis-2017\/","url_meta":{"origin":25246,"position":2},"title":"+++ Wolfgang Schl\u00fcter erh\u00e4lt den Hamburger Jazzpreis 2017 +++","author":"Redaktion JazzZeitung","date":"13. Mai 2017","format":false,"excerpt":"Seit 2007 werden alle zwei Jahre Musikerinnen und Musiker mit dem Hamburger Jazzpreis ausgezeichnet, die einen besonders qualifizierten k\u00fcnstlerischen Beitrag zur Jazzmusik leisten, die ihren Arbeits- und Lebensmittelpunkt in Hamburg haben und sich f\u00fcr die Belange des Jazz in der Stadt einsetzen. Der mit 10,000 Euro dotierte Preis wurde von\u2026","rel":"","context":"In &quot;Bericht&quot;","block_context":{"text":"Bericht","link":"https:\/\/www.jazzzeitung.de\/cms\/thema\/bericht\/"},"img":{"alt_text":"","src":"https:\/\/i0.wp.com\/www.jazzzeitung.de\/cms\/wp-content\/uploads\/2017\/05\/WOLFGANG_SCHL%C3%9CTER_BILD_MANFRED_KRATZAT%C2%A9skip-records1-300x295.jpg?resize=350%2C200","width":350,"height":200},"classes":[]},{"id":20508,"url":"https:\/\/www.jazzzeitung.de\/cms\/2019\/08\/bambule-im-hamburger-knust-mit-toytoy-rejazzed\/","url_meta":{"origin":25246,"position":3},"title":"\u201eBambule\u201c im Hamburger Knust mit TOYTOY- rejazzed!","author":"Thomas J. Krebs","date":"29. August 2019","format":false,"excerpt":"Sp\u00e4testens nach dem Elbjazz Festival Opener dieses Jahr wird die Hamburger Jazzszene von drei aus dem Allg\u00e4u stammenden Musikern aufgemischt. TOYTOY sind die drei Jugendfreunde Alex Eckert, Samuel Wootton und Silvan Strau\u00df, sowie der in Berlin geborene und auf F\u00f6hr gro\u00df gewordene Bassist Daniel Stritzke. Wenn die vier Jungs von\u2026","rel":"","context":"In &quot;News&quot;","block_context":{"text":"News","link":"https:\/\/www.jazzzeitung.de\/cms\/thema\/nachrichten\/"},"img":{"alt_text":"","src":"https:\/\/i0.wp.com\/www.jazzzeitung.de\/cms\/wp-content\/uploads\/2019\/08\/P1482363-TOYTOY-Foto-TJ-Krebs.jpg?fit=1200%2C800&ssl=1&resize=350%2C200","width":350,"height":200,"srcset":"https:\/\/i0.wp.com\/www.jazzzeitung.de\/cms\/wp-content\/uploads\/2019\/08\/P1482363-TOYTOY-Foto-TJ-Krebs.jpg?fit=1200%2C800&ssl=1&resize=350%2C200 1x, https:\/\/i0.wp.com\/www.jazzzeitung.de\/cms\/wp-content\/uploads\/2019\/08\/P1482363-TOYTOY-Foto-TJ-Krebs.jpg?fit=1200%2C800&ssl=1&resize=525%2C300 1.5x, https:\/\/i0.wp.com\/www.jazzzeitung.de\/cms\/wp-content\/uploads\/2019\/08\/P1482363-TOYTOY-Foto-TJ-Krebs.jpg?fit=1200%2C800&ssl=1&resize=700%2C400 2x, https:\/\/i0.wp.com\/www.jazzzeitung.de\/cms\/wp-content\/uploads\/2019\/08\/P1482363-TOYTOY-Foto-TJ-Krebs.jpg?fit=1200%2C800&ssl=1&resize=1050%2C600 3x"},"classes":[]},{"id":24893,"url":"https:\/\/www.jazzzeitung.de\/cms\/2021\/05\/deutscher-jazzpreis-geht-an-den-hamburger-konzertveranstalter-karsten-jahnke\/","url_meta":{"origin":25246,"position":4},"title":"Deutscher Jazzpreis geht an den Hamburger Konzertveranstalter Karsten Jahnke","author":"Redaktion JazzZeitung","date":"31. Mai 2021","format":false,"excerpt":"Live\u00fcbertragung von Preisverleihung und diversen Musik-Acts aus Hamburg, Berlin, Mannheim und M\u00fcnchen am Donnerstag, 3. Juni 2021, ab 19:30 Uhr. Karsten Jahnke wird bei der Premiere des Deutschen Jazzpreises am 3. Juni f\u00fcr sein Lebenswerk ausgezeichnet. Mit dem Preis w\u00fcrdigt die Hauptjury das jahrzehntelange Wirken eines gro\u00dfen Musikliebhabers und -kenners\u2026","rel":"","context":"In &quot;News&quot;","block_context":{"text":"News","link":"https:\/\/www.jazzzeitung.de\/cms\/thema\/nachrichten\/"},"img":{"alt_text":"","src":"https:\/\/i0.wp.com\/www.jazzzeitung.de\/cms\/wp-content\/uploads\/2021\/05\/jahnke_karsten_2012_by_steven_haberland-e1622468689708.jpg?fit=850%2C635&ssl=1&resize=350%2C200","width":350,"height":200,"srcset":"https:\/\/i0.wp.com\/www.jazzzeitung.de\/cms\/wp-content\/uploads\/2021\/05\/jahnke_karsten_2012_by_steven_haberland-e1622468689708.jpg?fit=850%2C635&ssl=1&resize=350%2C200 1x, https:\/\/i0.wp.com\/www.jazzzeitung.de\/cms\/wp-content\/uploads\/2021\/05\/jahnke_karsten_2012_by_steven_haberland-e1622468689708.jpg?fit=850%2C635&ssl=1&resize=525%2C300 1.5x, https:\/\/i0.wp.com\/www.jazzzeitung.de\/cms\/wp-content\/uploads\/2021\/05\/jahnke_karsten_2012_by_steven_haberland-e1622468689708.jpg?fit=850%2C635&ssl=1&resize=700%2C400 2x"},"classes":[]},{"id":24943,"url":"https:\/\/www.jazzzeitung.de\/cms\/2021\/06\/ausgezeichnet-premiere-deutscher-jazzpreis-2021\/","url_meta":{"origin":25246,"position":5},"title":"Ausgezeichnet! Die Premiere des Deutschen Jazzpreises 2021","author":"Redaktion JazzZeitung","date":"4. Juni 2021","format":false,"excerpt":"Am Donnerstagabend fand die gro\u00dfe Premiere des Deutschen Jazzpreises statt. In insgesamt 31 Kategorien wurden herausragende Leistungen der nationalen und internationalen Jazzszene geehrt. Bis zur Verleihung blieben die Namen der Preistr\u00e4ger:innen geheim, sodass \u00dcberraschung und Emotionen w\u00e4hrend der live gestreamten Award-Show entsprechend gro\u00df waren. Kulturstaatsministerin Prof. Monika Gr\u00fctters: \u201eMit dieser\u2026","rel":"","context":"In &quot;News&quot;","block_context":{"text":"News","link":"https:\/\/www.jazzzeitung.de\/cms\/thema\/nachrichten\/"},"img":{"alt_text":"Ausgezeichnet! Premiere Deutscher Jazzpreis 2021","src":"https:\/\/i0.wp.com\/www.jazzzeitung.de\/cms\/wp-content\/uploads\/2021\/06\/Deutscher-Jazzpreis-Hamburg_Fynn-Freund_07.jpg?fit=1200%2C800&ssl=1&resize=350%2C200","width":350,"height":200,"srcset":"https:\/\/i0.wp.com\/www.jazzzeitung.de\/cms\/wp-content\/uploads\/2021\/06\/Deutscher-Jazzpreis-Hamburg_Fynn-Freund_07.jpg?fit=1200%2C800&ssl=1&resize=350%2C200 1x, https:\/\/i0.wp.com\/www.jazzzeitung.de\/cms\/wp-content\/uploads\/2021\/06\/Deutscher-Jazzpreis-Hamburg_Fynn-Freund_07.jpg?fit=1200%2C800&ssl=1&resize=525%2C300 1.5x, https:\/\/i0.wp.com\/www.jazzzeitung.de\/cms\/wp-content\/uploads\/2021\/06\/Deutscher-Jazzpreis-Hamburg_Fynn-Freund_07.jpg?fit=1200%2C800&ssl=1&resize=700%2C400 2x, https:\/\/i0.wp.com\/www.jazzzeitung.de\/cms\/wp-content\/uploads\/2021\/06\/Deutscher-Jazzpreis-Hamburg_Fynn-Freund_07.jpg?fit=1200%2C800&ssl=1&resize=1050%2C600 3x"},"classes":[]}],"jetpack_sharing_enabled":true,"_links":{"self":[{"href":"https:\/\/www.jazzzeitung.de\/cms\/wp-json\/wp\/v2\/posts\/25246","targetHints":{"allow":["GET"]}}],"collection":[{"href":"https:\/\/www.jazzzeitung.de\/cms\/wp-json\/wp\/v2\/posts"}],"about":[{"href":"https:\/\/www.jazzzeitung.de\/cms\/wp-json\/wp\/v2\/types\/post"}],"author":[{"embeddable":true,"href":"https:\/\/www.jazzzeitung.de\/cms\/wp-json\/wp\/v2\/users\/18"}],"replies":[{"embeddable":true,"href":"https:\/\/www.jazzzeitung.de\/cms\/wp-json\/wp\/v2\/comments?post=25246"}],"version-history":[{"count":4,"href":"https:\/\/www.jazzzeitung.de\/cms\/wp-json\/wp\/v2\/posts\/25246\/revisions"}],"predecessor-version":[{"id":25251,"href":"https:\/\/www.jazzzeitung.de\/cms\/wp-json\/wp\/v2\/posts\/25246\/revisions\/25251"}],"wp:featuredmedia":[{"embeddable":true,"href":"https:\/\/www.jazzzeitung.de\/cms\/wp-json\/wp\/v2\/media\/25249"}],"wp:attachment":[{"href":"https:\/\/www.jazzzeitung.de\/cms\/wp-json\/wp\/v2\/media?parent=25246"}],"wp:term":[{"taxonomy":"category","embeddable":true,"href":"https:\/\/www.jazzzeitung.de\/cms\/wp-json\/wp\/v2\/categories?post=25246"},{"taxonomy":"post_tag","embeddable":true,"href":"https:\/\/www.jazzzeitung.de\/cms\/wp-json\/wp\/v2\/tags?post=25246"},{"taxonomy":"author","embeddable":true,"href":"https:\/\/www.jazzzeitung.de\/cms\/wp-json\/wp\/v2\/coauthors?post=25246"}],"curies":[{"name":"wp","href":"https:\/\/api.w.org\/{rel}","templated":true}]}}