{"id":25199,"date":"2021-07-23T10:01:34","date_gmt":"2021-07-23T08:01:34","guid":{"rendered":"https:\/\/www.jazzzeitung.de\/cms\/?p=25199"},"modified":"2021-07-21T11:02:01","modified_gmt":"2021-07-21T09:02:01","slug":"im-dada-marsch-berge-bezwingen-neue-cd-von-pago-libre","status":"publish","type":"post","link":"https:\/\/www.jazzzeitung.de\/cms\/2021\/07\/im-dada-marsch-berge-bezwingen-neue-cd-von-pago-libre\/","title":{"rendered":"Im Dada-Marsch Berge bezwingen\u00a0\u00a0&#8211; neue CD von Pago Libre"},"content":{"rendered":"<p>Wenn der Berg ruft ist der Jodler nicht weit. Komplettieren Jazz und Schweiz das klangsensible Duett, ist es meist eine erfrischend uncoole Jodlerin, die in diversen Suchmaschinen aufploppt. Bei den Mountain Songlines des in der Schweiz angesiedelten europ\u00e4ischen Quartetts Pago Libre ist es eher umgekehrt: Nicht der Berg ruft hier, sondern die vier Musiker um Pianist John Wolf Brennan und Gastjodlerin Sonja Morgenegg huldigen den Bergen um sie herum. Das beginnt mit der stimmungsvoll-getragenen \u201eHornborn Hymn\u201c und endet mit der etwas pathischen \u201eThe Melody of the Earth\u201c, einer ruhigen Komposition des Alphornbl\u00e4sers Arkady Shilkloper. Den melancholisch-feierlichen Klang von Klavier und Geige (Florian Mayer) erweitert Morgenegg mit ihren wortlosen Vokalisen.<\/p>\n<h4>Klanglich fein ausgewogen<\/h4>\n<p>Fast ist man erleichtert, dass ein angeh\u00e4ngter Bonus Track mit einem Exzerpt aus verschiedenen St\u00fccken noch einmal zu grooven beginnt und das Stimmungsruder\u00a0 herumrei\u00dft.\u00a0Insgesamt wirkt das klanglich fein ausgewogene und exzellent produzierte Album sehr verhalten und emotional ausgeglichen. Genrem\u00e4\u00dfig und stilistisch ist es weit offen, l\u00e4sst sich weder auf Jazz, Klassik\/neue Musik noch Heimatsound festlegen, sondern m\u00e4andert durch alle Stilebenen. Repetitive Motive am Piano geben die jazzdominierte Basis f\u00fcr ausgiebige Horn- und Violinsoli. Dennoch l\u00e4sst sich eine gewisse Neigung Richtung ruhiger Neoklassik und besinnlich melodischer Klangmalerei feststellen. Wobei Tom G\u00f6tzes (b) zweimin\u00fctiges \u201eUrwuchs\u201c mit seinen skurrilen Gl\u00f6ckchen- und rauen Saitenkl\u00e4ngen und einem verbeulten Witz angenehm heraussticht.<\/p>\n<h4>\u00dcber Berge und Almwiesen<\/h4>\n<p>Pago Libre geh\u00f6rt zu Brennans Langzeitbesetzungen, ist das Quartett doch schon seit 1989 unterwegs. Von der Urbesetzung ist noch Shilkloper mit auf der Wanderschaft \u00fcber Berge und Almwiesen, die beiden anderen Mitglieder geh\u00f6ren dem Ensemble erst seit einigen Jahren an. Stilistisch vielf\u00e4ltige Pfade waren schon immer ein Merkmal des kammermusikalisch eingestellten Quartetts. Die musikalischen Europ\u00e4er produzieren seit je eine eigenst\u00e4ndige, manchmal witzige, manchmal mitrei\u00dfende Musik aus leichter Klassik, volksmusikalischen Elementen, Groove und originellen Sounds.<\/p>\n<p><a href=\"https:\/\/i0.wp.com\/www.jazzzeitung.de\/cms\/wp-content\/uploads\/2021\/07\/pago-libre-dada.jpg?ssl=1\"><img data-recalc-dims=\"1\" loading=\"lazy\" decoding=\"async\" data-attachment-id=\"25203\" data-permalink=\"https:\/\/www.jazzzeitung.de\/cms\/2021\/07\/im-dada-marsch-berge-bezwingen-neue-cd-von-pago-libre\/pago-libre-dada\/\" data-orig-file=\"https:\/\/i0.wp.com\/www.jazzzeitung.de\/cms\/wp-content\/uploads\/2021\/07\/pago-libre-dada.jpg?fit=1404%2C1401&amp;ssl=1\" data-orig-size=\"1404,1401\" data-comments-opened=\"1\" data-image-meta=\"{&quot;aperture&quot;:&quot;0&quot;,&quot;credit&quot;:&quot;&quot;,&quot;camera&quot;:&quot;&quot;,&quot;caption&quot;:&quot;&quot;,&quot;created_timestamp&quot;:&quot;0&quot;,&quot;copyright&quot;:&quot;&quot;,&quot;focal_length&quot;:&quot;0&quot;,&quot;iso&quot;:&quot;0&quot;,&quot;shutter_speed&quot;:&quot;0&quot;,&quot;title&quot;:&quot;&quot;,&quot;orientation&quot;:&quot;1&quot;}\" data-image-title=\"pago-libre-dada\" data-image-description=\"\" data-image-caption=\"\" data-large-file=\"https:\/\/i0.wp.com\/www.jazzzeitung.de\/cms\/wp-content\/uploads\/2021\/07\/pago-libre-dada.jpg?fit=601%2C600&amp;ssl=1\" class=\"aligncenter size-medium wp-image-25203\" src=\"https:\/\/i0.wp.com\/www.jazzzeitung.de\/cms\/wp-content\/uploads\/2021\/07\/pago-libre-dada.jpg?resize=300%2C300&#038;ssl=1\" alt=\"\" width=\"300\" height=\"300\" srcset=\"https:\/\/i0.wp.com\/www.jazzzeitung.de\/cms\/wp-content\/uploads\/2021\/07\/pago-libre-dada.jpg?resize=300%2C300&amp;ssl=1 300w, https:\/\/i0.wp.com\/www.jazzzeitung.de\/cms\/wp-content\/uploads\/2021\/07\/pago-libre-dada.jpg?resize=601%2C600&amp;ssl=1 601w, https:\/\/i0.wp.com\/www.jazzzeitung.de\/cms\/wp-content\/uploads\/2021\/07\/pago-libre-dada.jpg?resize=150%2C150&amp;ssl=1 150w, https:\/\/i0.wp.com\/www.jazzzeitung.de\/cms\/wp-content\/uploads\/2021\/07\/pago-libre-dada.jpg?resize=768%2C766&amp;ssl=1 768w, https:\/\/i0.wp.com\/www.jazzzeitung.de\/cms\/wp-content\/uploads\/2021\/07\/pago-libre-dada.jpg?resize=1320%2C1317&amp;ssl=1 1320w, https:\/\/i0.wp.com\/www.jazzzeitung.de\/cms\/wp-content\/uploads\/2021\/07\/pago-libre-dada.jpg?w=1404&amp;ssl=1 1404w\" sizes=\"auto, (max-width: 300px) 100vw, 300px\" \/><\/a><\/p>\n<h4>Mal t\u00e4nzerisch, mal pastoral<\/h4>\n<p>Auf zwei St\u00fccken des neuen Albums wirkt die Ostschweizer S\u00e4ngerin und Jodlerin Sonja Morgenegg mit, die auch im neuen Trio Sooon mit Brennan zusammenspielt. Das gibt dem Album den alpinen Volksmusikgeschmack, wie er auch auf anderen St\u00fccken mal t\u00e4nzerischer, mal pastoraler zum Ausdruck kommt. Dem Titel entsprechend haben Brennan, der regelm\u00e4ssige Bergg\u00e4nger, und Shilkloper diesmal ihre Inspirationen aus der alpinen Landschaft und Horizontlinien gezogen.<\/p>\n<p>Eine andere, sehr originelle und vergn\u00fcgliche Seite zeigt das Quartett auf dem zeitgleich wieder aufgelegtenAlbum \u201eplatzDADA\u201c. Klanglich aufpoliert und herausgeputzt machen die musikalisch-klanglich grandios verpackten Gedichte von den k\u00fchn-verschwurbelten Dadaisten Hans Arp, Kurt Schwitters und Daniil Charms einfach Spa\u00df. Ein h\u00f6llisch-poetisches Vergn\u00fcgen mit dadaistischem Witz und Pr\u00e4-Poetry-Slam-Power. Das Album wurde 2009 mit dem Deutschen Schallplattenpreis ausgezeichnet und bietet ein gleicherma\u00dfen unterhaltsames, wie teifenwirksames Wiederh\u00f6ren. Mit der Wiener S\u00e4ngerin Agnes Heginger und dem franz\u00f6sischen Drummer Patrice H\u00e9ral zum Sextett erweitert, hat sich Pago Libre in 24 St\u00fccken der DADA-Poesie angenommen und diese \u201ckongenial vertont\u201c, wie die NZZ am Sonntag damals schrieb.<\/p>\n<p>&nbsp;<\/p>\n<p><strong>PAGO LIBRE: MOUNTAIN SONGLINES<\/strong><\/p>\n<p>Leo Records 886 und PAGO LIBRE SEXTETT, platzDADA!, Leo Records LR 887, Bestellung: <a href=\"mailto:johnwolf@brennan.ch\">johnwolf@brennan.ch<\/a> oder Fachhandel<\/p>\n<p>&nbsp;<\/p>\n<p>Besetzung (Mountain Songlines):<\/p>\n<p><em>John Wolf Brennan \u2013 piano <\/em><\/p>\n<p><em>Arkady Shilkloper \u2013 horn, alphorn <\/em><\/p>\n<p><em>Florian Mayer \u2013 violin<\/em><\/p>\n<p><em>Tom G\u00f6tze \u2013\u00a0 bass<\/em><\/p>\n<p><em>\u00a0<\/em><\/p>\n<p>Besetzung (platzDADA):<\/p>\n<p><em>John Wolf Brennan \u2013 piano, voice, ratchet <\/em><\/p>\n<p><em>Arkady Shilkloper \u2013 horn, alphorn, voice, ratchet <\/em><\/p>\n<p><em>Tscho Theissing \u2013 violin, voice, ratchet<\/em><\/p>\n<p><em>Agnes Heginger \u2013 voice, ratchet<\/em><\/p>\n<p><em>Georg Breinschmid \u2013\u00a0 bass, voice, ratchet<\/em><\/p>\n<p><em>Patrice H\u00e9ral \u2013 drums, voice, ratchet<\/em><\/p>\n","protected":false},"excerpt":{"rendered":"<p>Wenn der Berg ruft ist der Jodler nicht weit. Komplettieren Jazz und Schweiz das klangsensible Duett, ist es meist eine erfrischend uncoole Jodlerin, die in diversen Suchmaschinen aufploppt. Bei den Mountain Songlines des in der Schweiz angesiedelten europ\u00e4ischen Quartetts Pago Libre ist es eher umgekehrt: Nicht der Berg ruft hier, sondern die vier Musiker um Pianist John Wolf Brennan und Gastjodlerin Sonja Morgenegg huldigen den Bergen um sie herum. Das beginnt mit der stimmungsvoll-getragenen \u201eHornborn Hymn\u201c und endet mit der etwas pathischen \u201eThe Melody of the Earth\u201c, einer ruhigen Komposition des Alphornbl\u00e4sers Arkady Shilkloper. Den melancholisch-feierlichen Klang von Klavier und Geige (Florian Mayer) erweitert Morgenegg mit ihren wortlosen Vokalisen. Klanglich fein ausgewogen Fast ist man erleichtert, dass ein angeh\u00e4ngter Bonus Track mit einem Exzerpt aus verschiedenen St\u00fccken noch einmal zu grooven beginnt und das Stimmungsruder\u00a0 herumrei\u00dft.\u00a0Insgesamt wirkt das klanglich fein ausgewogene und exzellent produzierte Album sehr verhalten und emotional ausgeglichen. Genrem\u00e4\u00dfig und stilistisch ist es weit offen, l\u00e4sst sich weder auf Jazz, Klassik\/neue Musik noch Heimatsound festlegen, sondern m\u00e4andert durch alle Stilebenen. Repetitive Motive am Piano geben die jazzdominierte Basis f\u00fcr ausgiebige Horn- und Violinsoli. &hellip;<\/p>\n","protected":false},"author":37,"featured_media":25200,"comment_status":"open","ping_status":"closed","sticky":false,"template":"","format":"standard","meta":{"_jetpack_memberships_contains_paid_content":false,"footnotes":"","jetpack_publicize_message":"","jetpack_publicize_feature_enabled":true,"jetpack_social_post_already_shared":false,"jetpack_social_options":{"image_generator_settings":{"template":"highway","default_image_id":0,"font":"","enabled":false},"version":2}},"categories":[1152],"tags":[3462,1070,109,1485,3463,1876,294,3460,3459,3458,3457,3464,3461],"coauthors":[1765],"class_list":["post-25199","post","type-post","status-publish","format-standard","has-post-thumbnail","hentry","category-rezension","tag-agnes-heginger","tag-arkady-shilkloper","tag-cd","tag-cd-rezension","tag-georg-breinschmid","tag-jazz","tag-jazzzeitung","tag-john-wolf-brennan","tag-leo-records","tag-mountain-songlines","tag-pago-libre","tag-patrice-heral","tag-tscho-theissing"],"yoast_head":"<!-- This site is optimized with the Yoast SEO plugin v27.4 - https:\/\/yoast.com\/product\/yoast-seo-wordpress\/ -->\n<title>Im Dada-Marsch Berge bezwingen\u00a0\u00a0- neue CD von Pago Libre - JazzZeitung<\/title>\n<meta name=\"robots\" content=\"index, follow, max-snippet:-1, max-image-preview:large, max-video-preview:-1\" \/>\n<link rel=\"canonical\" href=\"https:\/\/www.jazzzeitung.de\/cms\/2021\/07\/im-dada-marsch-berge-bezwingen-neue-cd-von-pago-libre\/\" \/>\n<meta property=\"og:locale\" content=\"de_DE\" \/>\n<meta property=\"og:type\" content=\"article\" \/>\n<meta property=\"og:title\" content=\"Im Dada-Marsch Berge bezwingen\u00a0\u00a0- neue CD von Pago Libre - JazzZeitung\" \/>\n<meta property=\"og:description\" content=\"Wenn der Berg ruft ist der Jodler nicht weit. Komplettieren Jazz und Schweiz das klangsensible Duett, ist es meist eine erfrischend uncoole Jodlerin, die in diversen Suchmaschinen aufploppt. Bei den Mountain Songlines des in der Schweiz angesiedelten europ\u00e4ischen Quartetts Pago Libre ist es eher umgekehrt: Nicht der Berg ruft hier, sondern die vier Musiker um Pianist John Wolf Brennan und Gastjodlerin Sonja Morgenegg huldigen den Bergen um sie herum. Das beginnt mit der stimmungsvoll-getragenen \u201eHornborn Hymn\u201c und endet mit der etwas pathischen \u201eThe Melody of the Earth\u201c, einer ruhigen Komposition des Alphornbl\u00e4sers Arkady Shilkloper. Den melancholisch-feierlichen Klang von Klavier und Geige (Florian Mayer) erweitert Morgenegg mit ihren wortlosen Vokalisen. Klanglich fein ausgewogen Fast ist man erleichtert, dass ein angeh\u00e4ngter Bonus Track mit einem Exzerpt aus verschiedenen St\u00fccken noch einmal zu grooven beginnt und das Stimmungsruder\u00a0 herumrei\u00dft.\u00a0Insgesamt wirkt das klanglich fein ausgewogene und exzellent produzierte Album sehr verhalten und emotional ausgeglichen. Genrem\u00e4\u00dfig und stilistisch ist es weit offen, l\u00e4sst sich weder auf Jazz, Klassik\/neue Musik noch Heimatsound festlegen, sondern m\u00e4andert durch alle Stilebenen. Repetitive Motive am Piano geben die jazzdominierte Basis f\u00fcr ausgiebige Horn- und Violinsoli. &hellip;\" \/>\n<meta property=\"og:url\" content=\"https:\/\/www.jazzzeitung.de\/cms\/2021\/07\/im-dada-marsch-berge-bezwingen-neue-cd-von-pago-libre\/\" \/>\n<meta property=\"og:site_name\" content=\"JazzZeitung\" \/>\n<meta property=\"article:publisher\" content=\"https:\/\/www.facebook.com\/JazzZeitung\/\" \/>\n<meta property=\"article:published_time\" content=\"2021-07-23T08:01:34+00:00\" \/>\n<meta property=\"og:image\" content=\"https:\/\/www.jazzzeitung.de\/cms\/wp-content\/uploads\/2021\/07\/pago-libre-mountain-587x600.jpg\" \/>\n\t<meta property=\"og:image:width\" content=\"587\" \/>\n\t<meta property=\"og:image:height\" content=\"600\" \/>\n\t<meta property=\"og:image:type\" content=\"image\/jpeg\" \/>\n<meta name=\"author\" content=\"Michael Scheiner\" \/>\n<script type=\"application\/ld+json\" class=\"yoast-schema-graph\">{\"@context\":\"https:\\\/\\\/schema.org\",\"@graph\":[{\"@type\":\"Article\",\"@id\":\"https:\\\/\\\/www.jazzzeitung.de\\\/cms\\\/2021\\\/07\\\/im-dada-marsch-berge-bezwingen-neue-cd-von-pago-libre\\\/#article\",\"isPartOf\":{\"@id\":\"https:\\\/\\\/www.jazzzeitung.de\\\/cms\\\/2021\\\/07\\\/im-dada-marsch-berge-bezwingen-neue-cd-von-pago-libre\\\/\"},\"author\":{\"name\":\"Michael Scheiner\",\"@id\":\"https:\\\/\\\/www.jazzzeitung.de\\\/cms\\\/#\\\/schema\\\/person\\\/a0bebd4d1728041629a3cbd7790f87fb\"},\"headline\":\"Im Dada-Marsch Berge bezwingen\u00a0\u00a0&#8211; neue CD von Pago Libre\",\"datePublished\":\"2021-07-23T08:01:34+00:00\",\"mainEntityOfPage\":{\"@id\":\"https:\\\/\\\/www.jazzzeitung.de\\\/cms\\\/2021\\\/07\\\/im-dada-marsch-berge-bezwingen-neue-cd-von-pago-libre\\\/\"},\"wordCount\":585,\"commentCount\":0,\"publisher\":{\"@id\":\"https:\\\/\\\/www.jazzzeitung.de\\\/cms\\\/#organization\"},\"image\":{\"@id\":\"https:\\\/\\\/www.jazzzeitung.de\\\/cms\\\/2021\\\/07\\\/im-dada-marsch-berge-bezwingen-neue-cd-von-pago-libre\\\/#primaryimage\"},\"thumbnailUrl\":\"https:\\\/\\\/i0.wp.com\\\/www.jazzzeitung.de\\\/cms\\\/wp-content\\\/uploads\\\/2021\\\/07\\\/pago-libre-mountain.jpg?fit=1404%2C1434&ssl=1\",\"keywords\":[\"Agnes Heginger\",\"Arkady Shilkloper\",\"CD\",\"CD-Rezension\",\"Georg Breinschmid\",\"Jazz\",\"Jazzzeitung\",\"John Wolf Brennan\",\"Leo Records\",\"MOUNTAIN SONGLINES\",\"PAGO LIBRE\",\"Patrice H\u00e9ral\",\"Tscho Theissing\"],\"articleSection\":[\"Rezension\"],\"inLanguage\":\"de\",\"potentialAction\":[{\"@type\":\"CommentAction\",\"name\":\"Comment\",\"target\":[\"https:\\\/\\\/www.jazzzeitung.de\\\/cms\\\/2021\\\/07\\\/im-dada-marsch-berge-bezwingen-neue-cd-von-pago-libre\\\/#respond\"]}]},{\"@type\":\"WebPage\",\"@id\":\"https:\\\/\\\/www.jazzzeitung.de\\\/cms\\\/2021\\\/07\\\/im-dada-marsch-berge-bezwingen-neue-cd-von-pago-libre\\\/\",\"url\":\"https:\\\/\\\/www.jazzzeitung.de\\\/cms\\\/2021\\\/07\\\/im-dada-marsch-berge-bezwingen-neue-cd-von-pago-libre\\\/\",\"name\":\"Im Dada-Marsch Berge bezwingen\u00a0\u00a0- neue CD von Pago Libre - JazzZeitung\",\"isPartOf\":{\"@id\":\"https:\\\/\\\/www.jazzzeitung.de\\\/cms\\\/#website\"},\"primaryImageOfPage\":{\"@id\":\"https:\\\/\\\/www.jazzzeitung.de\\\/cms\\\/2021\\\/07\\\/im-dada-marsch-berge-bezwingen-neue-cd-von-pago-libre\\\/#primaryimage\"},\"image\":{\"@id\":\"https:\\\/\\\/www.jazzzeitung.de\\\/cms\\\/2021\\\/07\\\/im-dada-marsch-berge-bezwingen-neue-cd-von-pago-libre\\\/#primaryimage\"},\"thumbnailUrl\":\"https:\\\/\\\/i0.wp.com\\\/www.jazzzeitung.de\\\/cms\\\/wp-content\\\/uploads\\\/2021\\\/07\\\/pago-libre-mountain.jpg?fit=1404%2C1434&ssl=1\",\"datePublished\":\"2021-07-23T08:01:34+00:00\",\"breadcrumb\":{\"@id\":\"https:\\\/\\\/www.jazzzeitung.de\\\/cms\\\/2021\\\/07\\\/im-dada-marsch-berge-bezwingen-neue-cd-von-pago-libre\\\/#breadcrumb\"},\"inLanguage\":\"de\",\"potentialAction\":[{\"@type\":\"ReadAction\",\"target\":[\"https:\\\/\\\/www.jazzzeitung.de\\\/cms\\\/2021\\\/07\\\/im-dada-marsch-berge-bezwingen-neue-cd-von-pago-libre\\\/\"]}]},{\"@type\":\"ImageObject\",\"inLanguage\":\"de\",\"@id\":\"https:\\\/\\\/www.jazzzeitung.de\\\/cms\\\/2021\\\/07\\\/im-dada-marsch-berge-bezwingen-neue-cd-von-pago-libre\\\/#primaryimage\",\"url\":\"https:\\\/\\\/i0.wp.com\\\/www.jazzzeitung.de\\\/cms\\\/wp-content\\\/uploads\\\/2021\\\/07\\\/pago-libre-mountain.jpg?fit=1404%2C1434&ssl=1\",\"contentUrl\":\"https:\\\/\\\/i0.wp.com\\\/www.jazzzeitung.de\\\/cms\\\/wp-content\\\/uploads\\\/2021\\\/07\\\/pago-libre-mountain.jpg?fit=1404%2C1434&ssl=1\",\"width\":1404,\"height\":1434},{\"@type\":\"BreadcrumbList\",\"@id\":\"https:\\\/\\\/www.jazzzeitung.de\\\/cms\\\/2021\\\/07\\\/im-dada-marsch-berge-bezwingen-neue-cd-von-pago-libre\\\/#breadcrumb\",\"itemListElement\":[{\"@type\":\"ListItem\",\"position\":1,\"name\":\"Startseite\",\"item\":\"https:\\\/\\\/www.jazzzeitung.de\\\/cms\\\/\"},{\"@type\":\"ListItem\",\"position\":2,\"name\":\"Im Dada-Marsch Berge bezwingen\u00a0\u00a0&#8211; neue CD von Pago Libre\"}]},{\"@type\":\"WebSite\",\"@id\":\"https:\\\/\\\/www.jazzzeitung.de\\\/cms\\\/#website\",\"url\":\"https:\\\/\\\/www.jazzzeitung.de\\\/cms\\\/\",\"name\":\"JazzZeitung\",\"description\":\"Jazz-News und Jazz-Kontroverses\",\"publisher\":{\"@id\":\"https:\\\/\\\/www.jazzzeitung.de\\\/cms\\\/#organization\"},\"potentialAction\":[{\"@type\":\"SearchAction\",\"target\":{\"@type\":\"EntryPoint\",\"urlTemplate\":\"https:\\\/\\\/www.jazzzeitung.de\\\/cms\\\/?s={search_term_string}\"},\"query-input\":{\"@type\":\"PropertyValueSpecification\",\"valueRequired\":true,\"valueName\":\"search_term_string\"}}],\"inLanguage\":\"de\"},{\"@type\":\"Organization\",\"@id\":\"https:\\\/\\\/www.jazzzeitung.de\\\/cms\\\/#organization\",\"name\":\"JazzZeitung online\",\"url\":\"https:\\\/\\\/www.jazzzeitung.de\\\/cms\\\/\",\"logo\":{\"@type\":\"ImageObject\",\"inLanguage\":\"de\",\"@id\":\"https:\\\/\\\/www.jazzzeitung.de\\\/cms\\\/#\\\/schema\\\/logo\\\/image\\\/\",\"url\":\"https:\\\/\\\/i0.wp.com\\\/www.jazzzeitung.de\\\/cms\\\/wp-content\\\/uploads\\\/2015\\\/08\\\/JAZZZEITUNGDE_Logo_Neu.png?fit=499%2C200&ssl=1\",\"contentUrl\":\"https:\\\/\\\/i0.wp.com\\\/www.jazzzeitung.de\\\/cms\\\/wp-content\\\/uploads\\\/2015\\\/08\\\/JAZZZEITUNGDE_Logo_Neu.png?fit=499%2C200&ssl=1\",\"width\":499,\"height\":200,\"caption\":\"JazzZeitung online\"},\"image\":{\"@id\":\"https:\\\/\\\/www.jazzzeitung.de\\\/cms\\\/#\\\/schema\\\/logo\\\/image\\\/\"},\"sameAs\":[\"https:\\\/\\\/www.facebook.com\\\/JazzZeitung\\\/\"]},{\"@type\":\"Person\",\"@id\":\"https:\\\/\\\/www.jazzzeitung.de\\\/cms\\\/#\\\/schema\\\/person\\\/a0bebd4d1728041629a3cbd7790f87fb\",\"name\":\"Michael Scheiner\",\"image\":{\"@type\":\"ImageObject\",\"inLanguage\":\"de\",\"@id\":\"https:\\\/\\\/secure.gravatar.com\\\/avatar\\\/c2d6ac12f682c419867cf3f803880bb41d5b23007d3670820aa9a6e7b5f6ec8d?s=96&d=wp_user_avatar&r=gdabb1b10453880983dfc53da7552ec76\",\"url\":\"https:\\\/\\\/secure.gravatar.com\\\/avatar\\\/c2d6ac12f682c419867cf3f803880bb41d5b23007d3670820aa9a6e7b5f6ec8d?s=96&d=wp_user_avatar&r=g\",\"contentUrl\":\"https:\\\/\\\/secure.gravatar.com\\\/avatar\\\/c2d6ac12f682c419867cf3f803880bb41d5b23007d3670820aa9a6e7b5f6ec8d?s=96&d=wp_user_avatar&r=g\",\"caption\":\"Michael Scheiner\"},\"sameAs\":[\"http:\\\/\\\/www.michaelscheiner.de\"],\"url\":\"https:\\\/\\\/www.jazzzeitung.de\\\/cms\\\/author\\\/mscheiner\\\/\"}]}<\/script>\n<!-- \/ Yoast SEO plugin. -->","yoast_head_json":{"title":"Im Dada-Marsch Berge bezwingen\u00a0\u00a0- neue CD von Pago Libre - JazzZeitung","robots":{"index":"index","follow":"follow","max-snippet":"max-snippet:-1","max-image-preview":"max-image-preview:large","max-video-preview":"max-video-preview:-1"},"canonical":"https:\/\/www.jazzzeitung.de\/cms\/2021\/07\/im-dada-marsch-berge-bezwingen-neue-cd-von-pago-libre\/","og_locale":"de_DE","og_type":"article","og_title":"Im Dada-Marsch Berge bezwingen\u00a0\u00a0- neue CD von Pago Libre - JazzZeitung","og_description":"Wenn der Berg ruft ist der Jodler nicht weit. Komplettieren Jazz und Schweiz das klangsensible Duett, ist es meist eine erfrischend uncoole Jodlerin, die in diversen Suchmaschinen aufploppt. Bei den Mountain Songlines des in der Schweiz angesiedelten europ\u00e4ischen Quartetts Pago Libre ist es eher umgekehrt: Nicht der Berg ruft hier, sondern die vier Musiker um Pianist John Wolf Brennan und Gastjodlerin Sonja Morgenegg huldigen den Bergen um sie herum. Das beginnt mit der stimmungsvoll-getragenen \u201eHornborn Hymn\u201c und endet mit der etwas pathischen \u201eThe Melody of the Earth\u201c, einer ruhigen Komposition des Alphornbl\u00e4sers Arkady Shilkloper. Den melancholisch-feierlichen Klang von Klavier und Geige (Florian Mayer) erweitert Morgenegg mit ihren wortlosen Vokalisen. Klanglich fein ausgewogen Fast ist man erleichtert, dass ein angeh\u00e4ngter Bonus Track mit einem Exzerpt aus verschiedenen St\u00fccken noch einmal zu grooven beginnt und das Stimmungsruder\u00a0 herumrei\u00dft.\u00a0Insgesamt wirkt das klanglich fein ausgewogene und exzellent produzierte Album sehr verhalten und emotional ausgeglichen. Genrem\u00e4\u00dfig und stilistisch ist es weit offen, l\u00e4sst sich weder auf Jazz, Klassik\/neue Musik noch Heimatsound festlegen, sondern m\u00e4andert durch alle Stilebenen. Repetitive Motive am Piano geben die jazzdominierte Basis f\u00fcr ausgiebige Horn- und Violinsoli. &hellip;","og_url":"https:\/\/www.jazzzeitung.de\/cms\/2021\/07\/im-dada-marsch-berge-bezwingen-neue-cd-von-pago-libre\/","og_site_name":"JazzZeitung","article_publisher":"https:\/\/www.facebook.com\/JazzZeitung\/","article_published_time":"2021-07-23T08:01:34+00:00","og_image":[{"width":587,"height":600,"url":"https:\/\/www.jazzzeitung.de\/cms\/wp-content\/uploads\/2021\/07\/pago-libre-mountain-587x600.jpg","type":"image\/jpeg"}],"author":"Michael Scheiner","schema":{"@context":"https:\/\/schema.org","@graph":[{"@type":"Article","@id":"https:\/\/www.jazzzeitung.de\/cms\/2021\/07\/im-dada-marsch-berge-bezwingen-neue-cd-von-pago-libre\/#article","isPartOf":{"@id":"https:\/\/www.jazzzeitung.de\/cms\/2021\/07\/im-dada-marsch-berge-bezwingen-neue-cd-von-pago-libre\/"},"author":{"name":"Michael Scheiner","@id":"https:\/\/www.jazzzeitung.de\/cms\/#\/schema\/person\/a0bebd4d1728041629a3cbd7790f87fb"},"headline":"Im Dada-Marsch Berge bezwingen\u00a0\u00a0&#8211; neue CD von Pago Libre","datePublished":"2021-07-23T08:01:34+00:00","mainEntityOfPage":{"@id":"https:\/\/www.jazzzeitung.de\/cms\/2021\/07\/im-dada-marsch-berge-bezwingen-neue-cd-von-pago-libre\/"},"wordCount":585,"commentCount":0,"publisher":{"@id":"https:\/\/www.jazzzeitung.de\/cms\/#organization"},"image":{"@id":"https:\/\/www.jazzzeitung.de\/cms\/2021\/07\/im-dada-marsch-berge-bezwingen-neue-cd-von-pago-libre\/#primaryimage"},"thumbnailUrl":"https:\/\/i0.wp.com\/www.jazzzeitung.de\/cms\/wp-content\/uploads\/2021\/07\/pago-libre-mountain.jpg?fit=1404%2C1434&ssl=1","keywords":["Agnes Heginger","Arkady Shilkloper","CD","CD-Rezension","Georg Breinschmid","Jazz","Jazzzeitung","John Wolf Brennan","Leo Records","MOUNTAIN SONGLINES","PAGO LIBRE","Patrice H\u00e9ral","Tscho Theissing"],"articleSection":["Rezension"],"inLanguage":"de","potentialAction":[{"@type":"CommentAction","name":"Comment","target":["https:\/\/www.jazzzeitung.de\/cms\/2021\/07\/im-dada-marsch-berge-bezwingen-neue-cd-von-pago-libre\/#respond"]}]},{"@type":"WebPage","@id":"https:\/\/www.jazzzeitung.de\/cms\/2021\/07\/im-dada-marsch-berge-bezwingen-neue-cd-von-pago-libre\/","url":"https:\/\/www.jazzzeitung.de\/cms\/2021\/07\/im-dada-marsch-berge-bezwingen-neue-cd-von-pago-libre\/","name":"Im Dada-Marsch Berge bezwingen\u00a0\u00a0- neue CD von Pago Libre - JazzZeitung","isPartOf":{"@id":"https:\/\/www.jazzzeitung.de\/cms\/#website"},"primaryImageOfPage":{"@id":"https:\/\/www.jazzzeitung.de\/cms\/2021\/07\/im-dada-marsch-berge-bezwingen-neue-cd-von-pago-libre\/#primaryimage"},"image":{"@id":"https:\/\/www.jazzzeitung.de\/cms\/2021\/07\/im-dada-marsch-berge-bezwingen-neue-cd-von-pago-libre\/#primaryimage"},"thumbnailUrl":"https:\/\/i0.wp.com\/www.jazzzeitung.de\/cms\/wp-content\/uploads\/2021\/07\/pago-libre-mountain.jpg?fit=1404%2C1434&ssl=1","datePublished":"2021-07-23T08:01:34+00:00","breadcrumb":{"@id":"https:\/\/www.jazzzeitung.de\/cms\/2021\/07\/im-dada-marsch-berge-bezwingen-neue-cd-von-pago-libre\/#breadcrumb"},"inLanguage":"de","potentialAction":[{"@type":"ReadAction","target":["https:\/\/www.jazzzeitung.de\/cms\/2021\/07\/im-dada-marsch-berge-bezwingen-neue-cd-von-pago-libre\/"]}]},{"@type":"ImageObject","inLanguage":"de","@id":"https:\/\/www.jazzzeitung.de\/cms\/2021\/07\/im-dada-marsch-berge-bezwingen-neue-cd-von-pago-libre\/#primaryimage","url":"https:\/\/i0.wp.com\/www.jazzzeitung.de\/cms\/wp-content\/uploads\/2021\/07\/pago-libre-mountain.jpg?fit=1404%2C1434&ssl=1","contentUrl":"https:\/\/i0.wp.com\/www.jazzzeitung.de\/cms\/wp-content\/uploads\/2021\/07\/pago-libre-mountain.jpg?fit=1404%2C1434&ssl=1","width":1404,"height":1434},{"@type":"BreadcrumbList","@id":"https:\/\/www.jazzzeitung.de\/cms\/2021\/07\/im-dada-marsch-berge-bezwingen-neue-cd-von-pago-libre\/#breadcrumb","itemListElement":[{"@type":"ListItem","position":1,"name":"Startseite","item":"https:\/\/www.jazzzeitung.de\/cms\/"},{"@type":"ListItem","position":2,"name":"Im Dada-Marsch Berge bezwingen\u00a0\u00a0&#8211; neue CD von Pago Libre"}]},{"@type":"WebSite","@id":"https:\/\/www.jazzzeitung.de\/cms\/#website","url":"https:\/\/www.jazzzeitung.de\/cms\/","name":"JazzZeitung","description":"Jazz-News und Jazz-Kontroverses","publisher":{"@id":"https:\/\/www.jazzzeitung.de\/cms\/#organization"},"potentialAction":[{"@type":"SearchAction","target":{"@type":"EntryPoint","urlTemplate":"https:\/\/www.jazzzeitung.de\/cms\/?s={search_term_string}"},"query-input":{"@type":"PropertyValueSpecification","valueRequired":true,"valueName":"search_term_string"}}],"inLanguage":"de"},{"@type":"Organization","@id":"https:\/\/www.jazzzeitung.de\/cms\/#organization","name":"JazzZeitung online","url":"https:\/\/www.jazzzeitung.de\/cms\/","logo":{"@type":"ImageObject","inLanguage":"de","@id":"https:\/\/www.jazzzeitung.de\/cms\/#\/schema\/logo\/image\/","url":"https:\/\/i0.wp.com\/www.jazzzeitung.de\/cms\/wp-content\/uploads\/2015\/08\/JAZZZEITUNGDE_Logo_Neu.png?fit=499%2C200&ssl=1","contentUrl":"https:\/\/i0.wp.com\/www.jazzzeitung.de\/cms\/wp-content\/uploads\/2015\/08\/JAZZZEITUNGDE_Logo_Neu.png?fit=499%2C200&ssl=1","width":499,"height":200,"caption":"JazzZeitung online"},"image":{"@id":"https:\/\/www.jazzzeitung.de\/cms\/#\/schema\/logo\/image\/"},"sameAs":["https:\/\/www.facebook.com\/JazzZeitung\/"]},{"@type":"Person","@id":"https:\/\/www.jazzzeitung.de\/cms\/#\/schema\/person\/a0bebd4d1728041629a3cbd7790f87fb","name":"Michael Scheiner","image":{"@type":"ImageObject","inLanguage":"de","@id":"https:\/\/secure.gravatar.com\/avatar\/c2d6ac12f682c419867cf3f803880bb41d5b23007d3670820aa9a6e7b5f6ec8d?s=96&d=wp_user_avatar&r=gdabb1b10453880983dfc53da7552ec76","url":"https:\/\/secure.gravatar.com\/avatar\/c2d6ac12f682c419867cf3f803880bb41d5b23007d3670820aa9a6e7b5f6ec8d?s=96&d=wp_user_avatar&r=g","contentUrl":"https:\/\/secure.gravatar.com\/avatar\/c2d6ac12f682c419867cf3f803880bb41d5b23007d3670820aa9a6e7b5f6ec8d?s=96&d=wp_user_avatar&r=g","caption":"Michael Scheiner"},"sameAs":["http:\/\/www.michaelscheiner.de"],"url":"https:\/\/www.jazzzeitung.de\/cms\/author\/mscheiner\/"}]}},"wp-worthy-pixel":{"ignored":false,"public":null,"server":null,"url":null},"wp-worthy-type":"normal","jetpack_publicize_connections":[],"cc_featured_image_caption":{"caption_text":"","source_text":"","source_url":""},"jetpack_featured_media_url":"https:\/\/i0.wp.com\/www.jazzzeitung.de\/cms\/wp-content\/uploads\/2021\/07\/pago-libre-mountain.jpg?fit=1404%2C1434&ssl=1","jetpack_shortlink":"https:\/\/wp.me\/p3KEcT-6yr","jetpack-related-posts":[{"id":33470,"url":"https:\/\/www.jazzzeitung.de\/cms\/2025\/12\/john-wolf-brennan-von-nacht-i-gallen-und-anderen-tieren\/","url_meta":{"origin":25199,"position":0},"title":"John Wolf Brennan &#8211; von Nacht I Gallen und anderen Tieren","author":"Michael Scheiner","date":"9. Dezember 2025","format":false,"excerpt":"Kein bisschen leise sagt man manchmal \u00fcber \u00c4ltere, die entgegen \u00e4u\u00dferer Erwartungen auch in h\u00f6herem Alter noch aktiv sind. Auf Musiker:innen und andere Kunstschaffende trifft dies fast immer zu. John Wolf Brennan, der irisch-schweizerische Pianist und Musikp\u00e4dagoge, macht da keine Ausnahme. Der Output des Komponisten und Improvisationsmusikers ist fast schon\u2026","rel":"","context":"In &quot;Rezension&quot;","block_context":{"text":"Rezension","link":"https:\/\/www.jazzzeitung.de\/cms\/thema\/rezension\/"},"img":{"alt_text":"","src":"https:\/\/i0.wp.com\/www.jazzzeitung.de\/cms\/wp-content\/uploads\/2025\/12\/titel.jpg?fit=721%2C452&ssl=1&resize=350%2C200","width":350,"height":200,"srcset":"https:\/\/i0.wp.com\/www.jazzzeitung.de\/cms\/wp-content\/uploads\/2025\/12\/titel.jpg?fit=721%2C452&ssl=1&resize=350%2C200 1x, https:\/\/i0.wp.com\/www.jazzzeitung.de\/cms\/wp-content\/uploads\/2025\/12\/titel.jpg?fit=721%2C452&ssl=1&resize=525%2C300 1.5x, https:\/\/i0.wp.com\/www.jazzzeitung.de\/cms\/wp-content\/uploads\/2025\/12\/titel.jpg?fit=721%2C452&ssl=1&resize=700%2C400 2x"},"classes":[]},{"id":4498,"url":"https:\/\/www.jazzzeitung.de\/cms\/2014\/08\/harmonie-zwischen-einem-russen-und-einem-ukrainer\/","url_meta":{"origin":25199,"position":1},"title":"Harmonie zwischen einem Russen und einem Ukrainer","author":"Hans Kumpf","date":"27. August 2014","format":false,"excerpt":"Ende Juni nahm der Hornist Arkady Shilkloper (geboren 1956 in Moskau) mit dem Pianisten Vadim Neselovskyi (geboren 1977 in Odessa) in Ludwigsburg die erste gemeinsame CD auf. Das Eigenlabel der dortigen Bauer Studios wird die mit \u201eKrai\u201c (Land) betitelte Scheibe Anfang Oktober auf den Markt bringen. Hans Kumpf sprach am\u2026","rel":"","context":"In &quot;Portrait&quot;","block_context":{"text":"Portrait","link":"https:\/\/www.jazzzeitung.de\/cms\/thema\/portrait\/"},"img":{"alt_text":"Vadim Neselovsky (p) und Arkady Shilkloper (Horn). Foto: Hans Kumpf","src":"https:\/\/i0.wp.com\/www.jazzzeitung.de\/cms\/wp-content\/uploads\/2014\/08\/NeselovskyiVadim-p-ShilkloperArkady-LB14f-Kumpf.jpg?fit=900%2C594&ssl=1&resize=350%2C200","width":350,"height":200,"srcset":"https:\/\/i0.wp.com\/www.jazzzeitung.de\/cms\/wp-content\/uploads\/2014\/08\/NeselovskyiVadim-p-ShilkloperArkady-LB14f-Kumpf.jpg?fit=900%2C594&ssl=1&resize=350%2C200 1x, https:\/\/i0.wp.com\/www.jazzzeitung.de\/cms\/wp-content\/uploads\/2014\/08\/NeselovskyiVadim-p-ShilkloperArkady-LB14f-Kumpf.jpg?fit=900%2C594&ssl=1&resize=525%2C300 1.5x, https:\/\/i0.wp.com\/www.jazzzeitung.de\/cms\/wp-content\/uploads\/2014\/08\/NeselovskyiVadim-p-ShilkloperArkady-LB14f-Kumpf.jpg?fit=900%2C594&ssl=1&resize=700%2C400 2x"},"classes":[]},{"id":23514,"url":"https:\/\/www.jazzzeitung.de\/cms\/2020\/10\/newsvadim-neselovskyi-arkady-shilkloper-in-poeckingtrans4jazz-festival-in-ravensburgvier-konzerte-im-bix-stuttgart\/","url_meta":{"origin":25199,"position":2},"title":"+++News:+++Vadim Neselovskyi &#038; Arkady Shilkloper in P\u00f6cking+++Trans4JAZZ-Festival in Ravensburg+++Vier Konzerte im BIX Stuttgart+++","author":"Redaktion JazzZeitung","date":"5. Oktober 2020","format":false,"excerpt":"+++Konzerte im BIX Stuttgart+++ Diese Woche veranstaltet der Bix Jazzclub vier Konzerte: Am 6. Oktober er\u00f6ffnet der Pianist Peter-Philipp R\u00f6hm mit seinem Programm Bottrop Orange die Konzertwoche. Am Donnerstag und Freitag, den 8. und 9. Oktober, kommen die \u201eSoul Diamonds feat. Derrick Alexander\u201c und die \u201eBand in the BIX feat.\u2026","rel":"","context":"In &quot;News&quot;","block_context":{"text":"News","link":"https:\/\/www.jazzzeitung.de\/cms\/thema\/nachrichten\/"},"img":{"alt_text":"","src":"https:\/\/i0.wp.com\/www.jazzzeitung.de\/cms\/wp-content\/uploads\/2020\/10\/Vadim-Neselovskyi.jpg?fit=800%2C533&ssl=1&resize=350%2C200","width":350,"height":200,"srcset":"https:\/\/i0.wp.com\/www.jazzzeitung.de\/cms\/wp-content\/uploads\/2020\/10\/Vadim-Neselovskyi.jpg?fit=800%2C533&ssl=1&resize=350%2C200 1x, https:\/\/i0.wp.com\/www.jazzzeitung.de\/cms\/wp-content\/uploads\/2020\/10\/Vadim-Neselovskyi.jpg?fit=800%2C533&ssl=1&resize=525%2C300 1.5x, https:\/\/i0.wp.com\/www.jazzzeitung.de\/cms\/wp-content\/uploads\/2020\/10\/Vadim-Neselovskyi.jpg?fit=800%2C533&ssl=1&resize=700%2C400 2x"},"classes":[]},{"id":16680,"url":"https:\/\/www.jazzzeitung.de\/cms\/2018\/07\/die-jazz-radiowoche-vom-23-07-bis-29-07-2018\/","url_meta":{"origin":25199,"position":3},"title":"Die Jazz-Radiowoche vom 23.07. bis 29.07.2018","author":"Martin Hufner","date":"22. Juli 2018","format":false,"excerpt":"Ein kleiner Blick in die Jazzwoche 30 im Radio. Ab jetzt mit dem ARD Radiofestival 2018. Wochentags von 23:35 bis 00:00 auf hr2-kultur | MDR Kultur | NDR Kultur | Bremen Zwei | SR2 KulturRadio | SWR 2 | WDR 3. Die \u00dcbersicht zum Download als PDF. Alle Angaben ohne\u2026","rel":"","context":"In &quot;News&quot;","block_context":{"text":"News","link":"https:\/\/www.jazzzeitung.de\/cms\/thema\/nachrichten\/"},"img":{"alt_text":"Jazz im Radio. Foto\/Montage: Hufner","src":"https:\/\/i0.wp.com\/www.jazzzeitung.de\/cms\/wp-content\/uploads\/2018\/05\/radio-jazz_journalisten.jpg?fit=1200%2C900&ssl=1&resize=350%2C200","width":350,"height":200,"srcset":"https:\/\/i0.wp.com\/www.jazzzeitung.de\/cms\/wp-content\/uploads\/2018\/05\/radio-jazz_journalisten.jpg?fit=1200%2C900&ssl=1&resize=350%2C200 1x, https:\/\/i0.wp.com\/www.jazzzeitung.de\/cms\/wp-content\/uploads\/2018\/05\/radio-jazz_journalisten.jpg?fit=1200%2C900&ssl=1&resize=525%2C300 1.5x, https:\/\/i0.wp.com\/www.jazzzeitung.de\/cms\/wp-content\/uploads\/2018\/05\/radio-jazz_journalisten.jpg?fit=1200%2C900&ssl=1&resize=700%2C400 2x, https:\/\/i0.wp.com\/www.jazzzeitung.de\/cms\/wp-content\/uploads\/2018\/05\/radio-jazz_journalisten.jpg?fit=1200%2C900&ssl=1&resize=1050%2C600 3x"},"classes":[]},{"id":29392,"url":"https:\/\/www.jazzzeitung.de\/cms\/2023\/05\/cd-rezension-jakob-baensch-opening\/","url_meta":{"origin":25199,"position":4},"title":"CD-Rezension: Jakob B\u00e4nsch \u2013 Opening","author":"Thomas J. Krebs","date":"3. Mai 2023","format":false,"excerpt":"Ein in der Tat gelunges \"Opening\" pr\u00e4sentiert Rising Star Trompeter Jakob B\u00e4nsch mit seinem gleichnamigen Debutalbum, das gerade auf dem Label Jazzline erschienen ist. Beeindruckend, was B\u00e4nsch auf der Trompete, resp. seinem Fl\u00fcgelhorn, spielt. Neben seiner beil\u00e4ufig perfekten Technik begeistert er mit vielschichtigen Sounds und abwechslungsreichen Kompositionen. Musik begleitet ihn\u2026","rel":"","context":"In &quot;Rezension&quot;","block_context":{"text":"Rezension","link":"https:\/\/www.jazzzeitung.de\/cms\/thema\/rezension\/"},"img":{"alt_text":"","src":"https:\/\/i0.wp.com\/www.jazzzeitung.de\/cms\/wp-content\/uploads\/2023\/05\/P1984600-Baensch-HG-DE-Foto-TJ-Krebs.jpg?fit=1200%2C800&ssl=1&resize=350%2C200","width":350,"height":200,"srcset":"https:\/\/i0.wp.com\/www.jazzzeitung.de\/cms\/wp-content\/uploads\/2023\/05\/P1984600-Baensch-HG-DE-Foto-TJ-Krebs.jpg?fit=1200%2C800&ssl=1&resize=350%2C200 1x, https:\/\/i0.wp.com\/www.jazzzeitung.de\/cms\/wp-content\/uploads\/2023\/05\/P1984600-Baensch-HG-DE-Foto-TJ-Krebs.jpg?fit=1200%2C800&ssl=1&resize=525%2C300 1.5x, https:\/\/i0.wp.com\/www.jazzzeitung.de\/cms\/wp-content\/uploads\/2023\/05\/P1984600-Baensch-HG-DE-Foto-TJ-Krebs.jpg?fit=1200%2C800&ssl=1&resize=700%2C400 2x, https:\/\/i0.wp.com\/www.jazzzeitung.de\/cms\/wp-content\/uploads\/2023\/05\/P1984600-Baensch-HG-DE-Foto-TJ-Krebs.jpg?fit=1200%2C800&ssl=1&resize=1050%2C600 3x"},"classes":[]},{"id":15515,"url":"https:\/\/www.jazzzeitung.de\/cms\/2018\/04\/cd-rezension-pablo-held-investigations\/","url_meta":{"origin":25199,"position":5},"title":"CD-Rezension: Pablo Held \u2013 Investigations","author":"Thomas J. Krebs","date":"12. April 2018","format":false,"excerpt":"Seit dem Jahr 2005 existiert das Pablo Held Trio mit Robert Landfermann am Bass und dem Schlagzeuger Jonas Burgwinkel bereits. Bis dato erschienen offiziell neun Alben unter Helds eigenem Namen, davon f\u00fcnf reine Trioalben in dieser Besetzung (plus eine Aufnahme im Trio mit John Scofield). Nach dem bedauernswerten Ende des\u2026","rel":"","context":"In &quot;Rezension&quot;","block_context":{"text":"Rezension","link":"https:\/\/www.jazzzeitung.de\/cms\/thema\/rezension\/"},"img":{"alt_text":"","src":"https:\/\/i0.wp.com\/www.jazzzeitung.de\/cms\/wp-content\/uploads\/2018\/04\/Pablo-Held-Cover1.jpg?fit=1200%2C823&ssl=1&resize=350%2C200","width":350,"height":200,"srcset":"https:\/\/i0.wp.com\/www.jazzzeitung.de\/cms\/wp-content\/uploads\/2018\/04\/Pablo-Held-Cover1.jpg?fit=1200%2C823&ssl=1&resize=350%2C200 1x, https:\/\/i0.wp.com\/www.jazzzeitung.de\/cms\/wp-content\/uploads\/2018\/04\/Pablo-Held-Cover1.jpg?fit=1200%2C823&ssl=1&resize=525%2C300 1.5x, https:\/\/i0.wp.com\/www.jazzzeitung.de\/cms\/wp-content\/uploads\/2018\/04\/Pablo-Held-Cover1.jpg?fit=1200%2C823&ssl=1&resize=700%2C400 2x, https:\/\/i0.wp.com\/www.jazzzeitung.de\/cms\/wp-content\/uploads\/2018\/04\/Pablo-Held-Cover1.jpg?fit=1200%2C823&ssl=1&resize=1050%2C600 3x"},"classes":[]}],"jetpack_sharing_enabled":true,"_links":{"self":[{"href":"https:\/\/www.jazzzeitung.de\/cms\/wp-json\/wp\/v2\/posts\/25199","targetHints":{"allow":["GET"]}}],"collection":[{"href":"https:\/\/www.jazzzeitung.de\/cms\/wp-json\/wp\/v2\/posts"}],"about":[{"href":"https:\/\/www.jazzzeitung.de\/cms\/wp-json\/wp\/v2\/types\/post"}],"author":[{"embeddable":true,"href":"https:\/\/www.jazzzeitung.de\/cms\/wp-json\/wp\/v2\/users\/37"}],"replies":[{"embeddable":true,"href":"https:\/\/www.jazzzeitung.de\/cms\/wp-json\/wp\/v2\/comments?post=25199"}],"version-history":[{"count":3,"href":"https:\/\/www.jazzzeitung.de\/cms\/wp-json\/wp\/v2\/posts\/25199\/revisions"}],"predecessor-version":[{"id":25204,"href":"https:\/\/www.jazzzeitung.de\/cms\/wp-json\/wp\/v2\/posts\/25199\/revisions\/25204"}],"wp:featuredmedia":[{"embeddable":true,"href":"https:\/\/www.jazzzeitung.de\/cms\/wp-json\/wp\/v2\/media\/25200"}],"wp:attachment":[{"href":"https:\/\/www.jazzzeitung.de\/cms\/wp-json\/wp\/v2\/media?parent=25199"}],"wp:term":[{"taxonomy":"category","embeddable":true,"href":"https:\/\/www.jazzzeitung.de\/cms\/wp-json\/wp\/v2\/categories?post=25199"},{"taxonomy":"post_tag","embeddable":true,"href":"https:\/\/www.jazzzeitung.de\/cms\/wp-json\/wp\/v2\/tags?post=25199"},{"taxonomy":"author","embeddable":true,"href":"https:\/\/www.jazzzeitung.de\/cms\/wp-json\/wp\/v2\/coauthors?post=25199"}],"curies":[{"name":"wp","href":"https:\/\/api.w.org\/{rel}","templated":true}]}}