{"id":25005,"date":"2021-06-15T08:00:25","date_gmt":"2021-06-15T06:00:25","guid":{"rendered":"https:\/\/www.jazzzeitung.de\/cms\/?p=25005"},"modified":"2021-06-15T12:31:15","modified_gmt":"2021-06-15T10:31:15","slug":"verkoerperte-improvisation-zum-100-geburtstag-des-pianisten-errol-garner","status":"publish","type":"post","link":"https:\/\/www.jazzzeitung.de\/cms\/2021\/06\/verkoerperte-improvisation-zum-100-geburtstag-des-pianisten-errol-garner\/","title":{"rendered":"Verk\u00f6rperte Improvisation \u2013 Zum 100. Geburtstag des Pianisten Erroll Garner"},"content":{"rendered":"<p>Die materialreichen, luxuri\u00f6s ausgestatteten B\u00e4nde des M\u00fcnchener Pianisten und Autors Ernst Burger \u00fcber Franz Liszt, Frederic Chopin und Robert Schumann genie\u00dfen unter Musikfreunden und Liebhabern guter B\u00fccher beinahe schon Kultstatus. In einem \u00e4hnlich aufw\u00e4ndigen Band, <a href=\"https:\/\/www.conbrio.de\/content\/buch\/erroll-garner\">\u201eErroll Garner \u2013 Leben und Kunst eines genialen Pianisten\u201c<\/a> hat Burger dem Jazzpianisten Erroll Garner, ein Denkmal gesetzt. Das Buch erschien 2006 beim ConBrio Verlag und es war naheliegend, den Autor anl\u00e4sslich des 100. Geburtstags seines Idols am 15. Juni 2021 um eine W\u00fcrdigung in der neuen musikzeitung zu bitten.<\/p>\n<p>Der Artikel \u201e<a href=\"https:\/\/www.nmz.de\/artikel\/gottes-geschenk-an-die-klaviertasten\">Gottes Geschenk an die Klaviertasten<\/a>\u201c enth\u00e4lt auch zwei Notenbeispiele, \u201e<a href=\"https:\/\/www.youtube.com\/watch?v=3HbJNF-T3_Q\">S\u2018 Wonderful\u201c (1953)<\/a> und \u201e<a href=\"https:\/\/www.youtube.com\/watch?v=AM0PoLQBXCA\">Just One of those things\u201c (1964)<\/a>, an denen sich wunderbar illustrieren l\u00e4sst, wie weit Jazzinterpretation und Notentext auseinanderklaffen k\u00f6nnen.<\/p>\n<figure id=\"attachment_25016\" aria-describedby=\"caption-attachment-25016\" style=\"width: 1351px\" class=\"wp-caption aligncenter\"><a href=\"https:\/\/i0.wp.com\/www.jazzzeitung.de\/cms\/wp-content\/uploads\/2021\/06\/cbv_nmz_hp_20210528_05_nb01.jpg?ssl=1\"><img data-recalc-dims=\"1\" loading=\"lazy\" decoding=\"async\" data-attachment-id=\"25016\" data-permalink=\"https:\/\/www.jazzzeitung.de\/cms\/2021\/06\/verkoerperte-improvisation-zum-100-geburtstag-des-pianisten-errol-garner\/cbv_nmz_hp_20210528_05_nb01\/\" data-orig-file=\"https:\/\/i0.wp.com\/www.jazzzeitung.de\/cms\/wp-content\/uploads\/2021\/06\/cbv_nmz_hp_20210528_05_nb01.jpg?fit=1351%2C690&amp;ssl=1\" data-orig-size=\"1351,690\" data-comments-opened=\"1\" data-image-meta=\"{&quot;aperture&quot;:&quot;0&quot;,&quot;credit&quot;:&quot;&quot;,&quot;camera&quot;:&quot;&quot;,&quot;caption&quot;:&quot;&quot;,&quot;created_timestamp&quot;:&quot;0&quot;,&quot;copyright&quot;:&quot;&quot;,&quot;focal_length&quot;:&quot;0&quot;,&quot;iso&quot;:&quot;0&quot;,&quot;shutter_speed&quot;:&quot;0&quot;,&quot;title&quot;:&quot;&quot;,&quot;orientation&quot;:&quot;0&quot;}\" data-image-title=\"Notenbeispiel 1: \u201eJust one of those things\u201c (1964)\" data-image-description=\"&lt;p&gt;Notenbeispiel 1: \u201eJust one of those things\u201c (1964)&lt;\/p&gt;\n\" data-image-caption=\"&lt;p&gt;Notenbeispiel 1: \u201eJust one of those things\u201c (1964)&lt;\/p&gt;\n\" data-large-file=\"https:\/\/i0.wp.com\/www.jazzzeitung.de\/cms\/wp-content\/uploads\/2021\/06\/cbv_nmz_hp_20210528_05_nb01.jpg?fit=840%2C429&amp;ssl=1\" class=\"size-full wp-image-25016\" src=\"https:\/\/i0.wp.com\/www.jazzzeitung.de\/cms\/wp-content\/uploads\/2021\/06\/cbv_nmz_hp_20210528_05_nb01.jpg?resize=840%2C429&#038;ssl=1\" alt=\"Notenbeispiel 1: \u201eJust one of those things\u201c (1964)\" width=\"840\" height=\"429\" srcset=\"https:\/\/i0.wp.com\/www.jazzzeitung.de\/cms\/wp-content\/uploads\/2021\/06\/cbv_nmz_hp_20210528_05_nb01.jpg?w=1351&amp;ssl=1 1351w, https:\/\/i0.wp.com\/www.jazzzeitung.de\/cms\/wp-content\/uploads\/2021\/06\/cbv_nmz_hp_20210528_05_nb01.jpg?resize=300%2C153&amp;ssl=1 300w, https:\/\/i0.wp.com\/www.jazzzeitung.de\/cms\/wp-content\/uploads\/2021\/06\/cbv_nmz_hp_20210528_05_nb01.jpg?resize=900%2C460&amp;ssl=1 900w, https:\/\/i0.wp.com\/www.jazzzeitung.de\/cms\/wp-content\/uploads\/2021\/06\/cbv_nmz_hp_20210528_05_nb01.jpg?resize=768%2C392&amp;ssl=1 768w, https:\/\/i0.wp.com\/www.jazzzeitung.de\/cms\/wp-content\/uploads\/2021\/06\/cbv_nmz_hp_20210528_05_nb01.jpg?resize=1320%2C674&amp;ssl=1 1320w\" sizes=\"auto, (max-width: 840px) 100vw, 840px\" \/><\/a><figcaption id=\"caption-attachment-25016\" class=\"wp-caption-text\">Notenbeispiel 1: \u201eJust one of those things\u201c (1964)<\/figcaption><\/figure>\n<figure id=\"attachment_25015\" aria-describedby=\"caption-attachment-25015\" style=\"width: 1360px\" class=\"wp-caption aligncenter\"><a href=\"https:\/\/i0.wp.com\/www.jazzzeitung.de\/cms\/wp-content\/uploads\/2021\/06\/cbv_nmz_hp_20210528_05_nb02.jpg?ssl=1\"><img data-recalc-dims=\"1\" loading=\"lazy\" decoding=\"async\" data-attachment-id=\"25015\" data-permalink=\"https:\/\/www.jazzzeitung.de\/cms\/2021\/06\/verkoerperte-improvisation-zum-100-geburtstag-des-pianisten-errol-garner\/cbv_nmz_hp_20210528_05_nb02\/\" data-orig-file=\"https:\/\/i0.wp.com\/www.jazzzeitung.de\/cms\/wp-content\/uploads\/2021\/06\/cbv_nmz_hp_20210528_05_nb02.jpg?fit=1360%2C406&amp;ssl=1\" data-orig-size=\"1360,406\" data-comments-opened=\"1\" data-image-meta=\"{&quot;aperture&quot;:&quot;0&quot;,&quot;credit&quot;:&quot;&quot;,&quot;camera&quot;:&quot;&quot;,&quot;caption&quot;:&quot;&quot;,&quot;created_timestamp&quot;:&quot;0&quot;,&quot;copyright&quot;:&quot;&quot;,&quot;focal_length&quot;:&quot;0&quot;,&quot;iso&quot;:&quot;0&quot;,&quot;shutter_speed&quot;:&quot;0&quot;,&quot;title&quot;:&quot;&quot;,&quot;orientation&quot;:&quot;0&quot;}\" data-image-title=\"cNotenbeispiel 2: \u201e\u2019S Wonderful\u201c (1953)\" data-image-description=\"&lt;p&gt;Notenbeispiel 2: \u201e\u2019S Wonderful\u201c (1953)&lt;\/p&gt;\n\" data-image-caption=\"&lt;p&gt;Notenbeispiel 2: \u201e\u2019S Wonderful\u201c (1953)&lt;\/p&gt;\n\" data-large-file=\"https:\/\/i0.wp.com\/www.jazzzeitung.de\/cms\/wp-content\/uploads\/2021\/06\/cbv_nmz_hp_20210528_05_nb02.jpg?fit=840%2C251&amp;ssl=1\" class=\"size-full wp-image-25015\" src=\"https:\/\/i0.wp.com\/www.jazzzeitung.de\/cms\/wp-content\/uploads\/2021\/06\/cbv_nmz_hp_20210528_05_nb02.jpg?resize=840%2C251&#038;ssl=1\" alt=\"Notenbeispiel 2: \u201e\u2019S Wonderful\u201c (1953)\" width=\"840\" height=\"251\" srcset=\"https:\/\/i0.wp.com\/www.jazzzeitung.de\/cms\/wp-content\/uploads\/2021\/06\/cbv_nmz_hp_20210528_05_nb02.jpg?w=1360&amp;ssl=1 1360w, https:\/\/i0.wp.com\/www.jazzzeitung.de\/cms\/wp-content\/uploads\/2021\/06\/cbv_nmz_hp_20210528_05_nb02.jpg?resize=300%2C90&amp;ssl=1 300w, https:\/\/i0.wp.com\/www.jazzzeitung.de\/cms\/wp-content\/uploads\/2021\/06\/cbv_nmz_hp_20210528_05_nb02.jpg?resize=900%2C269&amp;ssl=1 900w, https:\/\/i0.wp.com\/www.jazzzeitung.de\/cms\/wp-content\/uploads\/2021\/06\/cbv_nmz_hp_20210528_05_nb02.jpg?resize=768%2C229&amp;ssl=1 768w, https:\/\/i0.wp.com\/www.jazzzeitung.de\/cms\/wp-content\/uploads\/2021\/06\/cbv_nmz_hp_20210528_05_nb02.jpg?resize=1320%2C394&amp;ssl=1 1320w\" sizes=\"auto, (max-width: 840px) 100vw, 840px\" \/><\/a><figcaption id=\"caption-attachment-25015\" class=\"wp-caption-text\">Notenbeispiel 2: \u201e\u2019S Wonderful\u201c (1953)<\/figcaption><\/figure>\n<p>Ein wunderbar unterhaltsames Exempel f\u00fcr transkribierende Jazzer und vergleichende Jazzwissenschaftler. Da Garner keine Noten schreiben konnte, spielte er auf Tonband und andere schrieben es auf. Garner hinterlie\u00df mehr als 200 Kompositionen, darunter \u201eMisty\u201c, einer der am meistgespielten Jazzsongs des 20. Jahrhunderts. Garner ist verk\u00f6rperte Improvisation: \u201eJust sit down and play\u201c war die unter seinen Bandmitgliedern gef\u00fcrchtete Einleitung zu ungeprobten Plattenaufnahmen oder Konzerten.<\/p>\n<p>In einem Interview mit der neuen musikzeitung im Jahr 2006 <a href=\"https:\/\/www.nmz.de\/artikel\/bei-diesem-klavierspieler-war-alles-von-anfang-an-da\">sprach Ernst Burger \u00fcber seine Motivation, ein Buch \u00fcber Garner zu schreiben<\/a>.<\/p>\n<blockquote><p>\u201eMein erstes Buch galt Franz Liszt und da waren die Beweggr\u00fcnde eigentlich die gleichen wie bei Erroll Garner. Liszt wird immer ungerecht behandelt, wird verurteilt und wird falsch eingesch\u00e4tzt, von Leuten, die sich eigentlich kaum mit ihm befassen. Das war die Motivation, das Liszt-Buch zu machen. Eigentlich trifft das auch auf Erroll Garner zu. Garner war ein unglaublich begabter Musiker, er wurde auch von seinen Kollegen und sogar von seinen Konkurrenten wie Peterson, Monk, Shearing, Brubeck hoch gesch\u00e4tzt, und heute ist er fast vergessen. Die \u00e4ltere Generation kennt ihn nat\u00fcrlich noch, die jungen Leute aber kennen seinen Namen nicht mehr, und dies, obwohl Garner zum Beispiel von Dan Morgenstern als der erfolgreichste Jazzmusiker seiner Generation bezeichnet\u00a0wird.\u201c<\/p><\/blockquote>\n<p>Heute am 15. Juni w\u00e4re Erroll Garner 100 Jahre alt geworden.<\/p>\n<figure id=\"attachment_25006\" aria-describedby=\"caption-attachment-25006\" style=\"width: 1185px\" class=\"wp-caption aligncenter\"><a href=\"https:\/\/i0.wp.com\/www.jazzzeitung.de\/cms\/wp-content\/uploads\/2021\/06\/2021_06_magazin_garner.jpg?ssl=1\"><img data-recalc-dims=\"1\" loading=\"lazy\" decoding=\"async\" data-attachment-id=\"25006\" data-permalink=\"https:\/\/www.jazzzeitung.de\/cms\/2021\/06\/verkoerperte-improvisation-zum-100-geburtstag-des-pianisten-errol-garner\/2021_06_magazin_garner\/\" data-orig-file=\"https:\/\/i0.wp.com\/www.jazzzeitung.de\/cms\/wp-content\/uploads\/2021\/06\/2021_06_magazin_garner.jpg?fit=1185%2C1600&amp;ssl=1\" data-orig-size=\"1185,1600\" data-comments-opened=\"1\" data-image-meta=\"{&quot;aperture&quot;:&quot;0&quot;,&quot;credit&quot;:&quot;&quot;,&quot;camera&quot;:&quot;&quot;,&quot;caption&quot;:&quot;&quot;,&quot;created_timestamp&quot;:&quot;0&quot;,&quot;copyright&quot;:&quot;&quot;,&quot;focal_length&quot;:&quot;0&quot;,&quot;iso&quot;:&quot;0&quot;,&quot;shutter_speed&quot;:&quot;0&quot;,&quot;title&quot;:&quot;&quot;,&quot;orientation&quot;:&quot;0&quot;}\" data-image-title=\"Erroll Garner und Victor Venegas im Mai 1970 in der Berliner Philharmonie. Foto: Bayerisches Jazzinstitut\/Ludwig Binder\" data-image-description=\"&lt;p&gt;Erroll Garner und Victor Venegas im Mai 1970 in der Berliner Philharmonie. Foto: Bayerisches Jazzinstitut\/Ludwig Binder&lt;\/p&gt;\n\" data-image-caption=\"&lt;p&gt;Erroll Garner und Victor Venegas im Mai 1970 in der Berliner Philharmonie. Foto: Bayerisches Jazzinstitut\/Ludwig Binder&lt;\/p&gt;\n\" data-large-file=\"https:\/\/i0.wp.com\/www.jazzzeitung.de\/cms\/wp-content\/uploads\/2021\/06\/2021_06_magazin_garner.jpg?fit=444%2C600&amp;ssl=1\" class=\"size-full wp-image-25006\" src=\"https:\/\/i0.wp.com\/www.jazzzeitung.de\/cms\/wp-content\/uploads\/2021\/06\/2021_06_magazin_garner.jpg?resize=840%2C1134&#038;ssl=1\" alt=\"Erroll Garner und Victor Venegas im Mai 1970 in der Berliner Philharmonie. Foto: Bayerisches Jazzinstitut\/Ludwig Binder\" width=\"840\" height=\"1134\" srcset=\"https:\/\/i0.wp.com\/www.jazzzeitung.de\/cms\/wp-content\/uploads\/2021\/06\/2021_06_magazin_garner.jpg?w=1185&amp;ssl=1 1185w, https:\/\/i0.wp.com\/www.jazzzeitung.de\/cms\/wp-content\/uploads\/2021\/06\/2021_06_magazin_garner.jpg?resize=222%2C300&amp;ssl=1 222w, https:\/\/i0.wp.com\/www.jazzzeitung.de\/cms\/wp-content\/uploads\/2021\/06\/2021_06_magazin_garner.jpg?resize=444%2C600&amp;ssl=1 444w, https:\/\/i0.wp.com\/www.jazzzeitung.de\/cms\/wp-content\/uploads\/2021\/06\/2021_06_magazin_garner.jpg?resize=768%2C1037&amp;ssl=1 768w, https:\/\/i0.wp.com\/www.jazzzeitung.de\/cms\/wp-content\/uploads\/2021\/06\/2021_06_magazin_garner.jpg?resize=1138%2C1536&amp;ssl=1 1138w\" sizes=\"auto, (max-width: 840px) 100vw, 840px\" \/><\/a><figcaption id=\"caption-attachment-25006\" class=\"wp-caption-text\">Erroll Garner und Victor Venegas im Mai 1970 in der Berliner Philharmonie. Foto: Bayerisches Jazzinstitut\/Ludwig Binder<\/figcaption><\/figure>\n<hr \/>\n<h3>Weitere H\u00f6rbeispiele:<\/h3>\n<p><strong>Erroll Garner plays \u201eLaura\u201c<\/strong><\/p>\n<p><span class=\"embed-youtube\" style=\"text-align:center; display: block;\"><iframe loading=\"lazy\" class=\"youtube-player\" width=\"840\" height=\"473\" src=\"https:\/\/www.youtube.com\/embed\/sRA-WV01Ogk?version=3&#038;rel=1&#038;showsearch=0&#038;showinfo=1&#038;iv_load_policy=1&#038;fs=1&#038;hl=de-DE&#038;autohide=2&#038;wmode=transparent\" allowfullscreen=\"true\" style=\"border:0;\" sandbox=\"allow-scripts allow-same-origin allow-popups allow-presentation allow-popups-to-escape-sandbox\"><\/iframe><\/span><\/p>\n<p><strong>Erroll Garner plays \u201eWhat is this thing called love\u201c<\/strong><\/p>\n<p><span class=\"embed-youtube\" style=\"text-align:center; display: block;\"><iframe loading=\"lazy\" class=\"youtube-player\" width=\"840\" height=\"473\" src=\"https:\/\/www.youtube.com\/embed\/gIjotvjBPcQ?version=3&#038;rel=1&#038;showsearch=0&#038;showinfo=1&#038;iv_load_policy=1&#038;fs=1&#038;hl=de-DE&#038;autohide=2&#038;wmode=transparent\" allowfullscreen=\"true\" style=\"border:0;\" sandbox=\"allow-scripts allow-same-origin allow-popups allow-presentation allow-popups-to-escape-sandbox\"><\/iframe><\/span><\/p>\n<hr \/>\n<h3>Links zu Erroll Garner<\/h3>\n<p><strong>Art Tatum und Erroll Garner<br \/>\n<\/strong><a href=\"https:\/\/www.jazzzeitung.de\/jazz\/2006\/12\/dossier-tatum.shtml\">Anl\u00e4sslich des 50. Todestags von Art Tatum \u00b7 Auszug aus Ernst Burgers Garner-Buch<\/a><\/p>\n<p><strong>Bei diesem Klavierspieler war alles von Anfang an da<\/strong><strong><br \/>\n<\/strong><a href=\"https:\/\/www.nmz.de\/artikel\/bei-diesem-klavierspieler-war-alles-von-anfang-an-da\">Ernst Burger im Gespr\u00e4ch mit der neuen musikzeitung \u00fcber seine\u00a0Erroll-Garner-Biografie<\/a><\/p>\n<p>&nbsp;<\/p>\n<p>&nbsp;<\/p>\n<p>&nbsp;<\/p>\n<p>&nbsp;<\/p>\n<p>&nbsp;<\/p>\n","protected":false},"excerpt":{"rendered":"<p>Die materialreichen, luxuri\u00f6s ausgestatteten B\u00e4nde des M\u00fcnchener Pianisten und Autors Ernst Burger \u00fcber Franz Liszt, Frederic Chopin und Robert Schumann genie\u00dfen unter Musikfreunden und Liebhabern guter B\u00fccher beinahe schon Kultstatus. In einem \u00e4hnlich aufw\u00e4ndigen Band, \u201eErroll Garner \u2013 Leben und Kunst eines genialen Pianisten\u201c hat Burger dem Jazzpianisten Erroll Garner, ein Denkmal gesetzt. Das Buch erschien 2006 beim ConBrio Verlag und es war naheliegend, den Autor anl\u00e4sslich des 100. Geburtstags seines Idols am 15. Juni 2021 um eine W\u00fcrdigung in der neuen musikzeitung zu bitten. Der Artikel \u201eGottes Geschenk an die Klaviertasten\u201c enth\u00e4lt auch zwei Notenbeispiele, \u201eS\u2018 Wonderful\u201c (1953) und \u201eJust One of those things\u201c (1964), an denen sich wunderbar illustrieren l\u00e4sst, wie weit Jazzinterpretation und Notentext auseinanderklaffen k\u00f6nnen. Ein wunderbar unterhaltsames Exempel f\u00fcr transkribierende Jazzer und vergleichende Jazzwissenschaftler. Da Garner keine Noten schreiben konnte, spielte er auf Tonband und andere schrieben es auf. Garner hinterlie\u00df mehr als 200 Kompositionen, darunter \u201eMisty\u201c, einer der am meistgespielten Jazzsongs des 20. Jahrhunderts. Garner ist verk\u00f6rperte Improvisation: \u201eJust sit down and play\u201c war die unter seinen Bandmitgliedern gef\u00fcrchtete Einleitung zu ungeprobten Plattenaufnahmen oder Konzerten. In einem Interview mit &hellip;<\/p>\n","protected":false},"author":7,"featured_media":25007,"comment_status":"open","ping_status":"closed","sticky":false,"template":"","format":"standard","meta":{"_jetpack_memberships_contains_paid_content":false,"footnotes":"","jetpack_publicize_message":"","jetpack_publicize_feature_enabled":true,"jetpack_social_post_already_shared":false,"jetpack_social_options":{"image_generator_settings":{"template":"highway","default_image_id":0,"font":"","enabled":false},"version":2}},"categories":[1063],"tags":[3443,3444],"coauthors":[662],"class_list":["post-25005","post","type-post","status-publish","format-standard","has-post-thumbnail","hentry","category-portrait","tag-ernst-burger","tag-erroll-garner"],"yoast_head":"<!-- This site is optimized with the Yoast SEO plugin v27.5 - https:\/\/yoast.com\/product\/yoast-seo-wordpress\/ -->\n<title>Verk\u00f6rperte Improvisation \u2013 Zum 100. Geburtstag des Pianisten Erroll Garner - JazzZeitung<\/title>\n<meta name=\"robots\" content=\"index, follow, max-snippet:-1, max-image-preview:large, max-video-preview:-1\" \/>\n<link rel=\"canonical\" href=\"https:\/\/www.jazzzeitung.de\/cms\/2021\/06\/verkoerperte-improvisation-zum-100-geburtstag-des-pianisten-errol-garner\/\" \/>\n<meta property=\"og:locale\" content=\"de_DE\" \/>\n<meta property=\"og:type\" content=\"article\" \/>\n<meta property=\"og:title\" content=\"Verk\u00f6rperte Improvisation \u2013 Zum 100. Geburtstag des Pianisten Erroll Garner - JazzZeitung\" \/>\n<meta property=\"og:description\" content=\"Die materialreichen, luxuri\u00f6s ausgestatteten B\u00e4nde des M\u00fcnchener Pianisten und Autors Ernst Burger \u00fcber Franz Liszt, Frederic Chopin und Robert Schumann genie\u00dfen unter Musikfreunden und Liebhabern guter B\u00fccher beinahe schon Kultstatus. In einem \u00e4hnlich aufw\u00e4ndigen Band, \u201eErroll Garner \u2013 Leben und Kunst eines genialen Pianisten\u201c hat Burger dem Jazzpianisten Erroll Garner, ein Denkmal gesetzt. Das Buch erschien 2006 beim ConBrio Verlag und es war naheliegend, den Autor anl\u00e4sslich des 100. Geburtstags seines Idols am 15. Juni 2021 um eine W\u00fcrdigung in der neuen musikzeitung zu bitten. Der Artikel \u201eGottes Geschenk an die Klaviertasten\u201c enth\u00e4lt auch zwei Notenbeispiele, \u201eS\u2018 Wonderful\u201c (1953) und \u201eJust One of those things\u201c (1964), an denen sich wunderbar illustrieren l\u00e4sst, wie weit Jazzinterpretation und Notentext auseinanderklaffen k\u00f6nnen. Ein wunderbar unterhaltsames Exempel f\u00fcr transkribierende Jazzer und vergleichende Jazzwissenschaftler. Da Garner keine Noten schreiben konnte, spielte er auf Tonband und andere schrieben es auf. Garner hinterlie\u00df mehr als 200 Kompositionen, darunter \u201eMisty\u201c, einer der am meistgespielten Jazzsongs des 20. Jahrhunderts. Garner ist verk\u00f6rperte Improvisation: \u201eJust sit down and play\u201c war die unter seinen Bandmitgliedern gef\u00fcrchtete Einleitung zu ungeprobten Plattenaufnahmen oder Konzerten. In einem Interview mit &hellip;\" \/>\n<meta property=\"og:url\" content=\"https:\/\/www.jazzzeitung.de\/cms\/2021\/06\/verkoerperte-improvisation-zum-100-geburtstag-des-pianisten-errol-garner\/\" \/>\n<meta property=\"og:site_name\" content=\"JazzZeitung\" \/>\n<meta property=\"article:publisher\" content=\"https:\/\/www.facebook.com\/JazzZeitung\/\" \/>\n<meta property=\"article:published_time\" content=\"2021-06-15T06:00:25+00:00\" \/>\n<meta property=\"article:modified_time\" content=\"2021-06-15T10:31:15+00:00\" \/>\n<meta property=\"og:image\" content=\"https:\/\/i0.wp.com\/www.jazzzeitung.de\/cms\/wp-content\/uploads\/2021\/06\/2021_06_magazin_garner_ausschnitt.jpg?fit=1185%2C1108&ssl=1\" \/>\n\t<meta property=\"og:image:width\" content=\"1185\" \/>\n\t<meta property=\"og:image:height\" content=\"1108\" \/>\n\t<meta property=\"og:image:type\" content=\"image\/jpeg\" \/>\n<meta name=\"author\" content=\"Andreas Kolb\" \/>\n<script type=\"application\/ld+json\" class=\"yoast-schema-graph\">{\"@context\":\"https:\\\/\\\/schema.org\",\"@graph\":[{\"@type\":\"Article\",\"@id\":\"https:\\\/\\\/www.jazzzeitung.de\\\/cms\\\/2021\\\/06\\\/verkoerperte-improvisation-zum-100-geburtstag-des-pianisten-errol-garner\\\/#article\",\"isPartOf\":{\"@id\":\"https:\\\/\\\/www.jazzzeitung.de\\\/cms\\\/2021\\\/06\\\/verkoerperte-improvisation-zum-100-geburtstag-des-pianisten-errol-garner\\\/\"},\"author\":{\"name\":\"Andreas Kolb\",\"@id\":\"https:\\\/\\\/www.jazzzeitung.de\\\/cms\\\/#\\\/schema\\\/person\\\/23954215d035da9ee48d2a2c09a4a62c\"},\"headline\":\"Verk\u00f6rperte Improvisation \u2013 Zum 100. Geburtstag des Pianisten Erroll Garner\",\"datePublished\":\"2021-06-15T06:00:25+00:00\",\"dateModified\":\"2021-06-15T10:31:15+00:00\",\"mainEntityOfPage\":{\"@id\":\"https:\\\/\\\/www.jazzzeitung.de\\\/cms\\\/2021\\\/06\\\/verkoerperte-improvisation-zum-100-geburtstag-des-pianisten-errol-garner\\\/\"},\"wordCount\":471,\"commentCount\":0,\"publisher\":{\"@id\":\"https:\\\/\\\/www.jazzzeitung.de\\\/cms\\\/#organization\"},\"image\":{\"@id\":\"https:\\\/\\\/www.jazzzeitung.de\\\/cms\\\/2021\\\/06\\\/verkoerperte-improvisation-zum-100-geburtstag-des-pianisten-errol-garner\\\/#primaryimage\"},\"thumbnailUrl\":\"https:\\\/\\\/i0.wp.com\\\/www.jazzzeitung.de\\\/cms\\\/wp-content\\\/uploads\\\/2021\\\/06\\\/2021_06_magazin_garner_ausschnitt.jpg?fit=1185%2C1108&ssl=1\",\"keywords\":[\"Ernst Burger\",\"Erroll Garner\"],\"articleSection\":[\"Portrait\"],\"inLanguage\":\"de\",\"potentialAction\":[{\"@type\":\"CommentAction\",\"name\":\"Comment\",\"target\":[\"https:\\\/\\\/www.jazzzeitung.de\\\/cms\\\/2021\\\/06\\\/verkoerperte-improvisation-zum-100-geburtstag-des-pianisten-errol-garner\\\/#respond\"]}]},{\"@type\":\"WebPage\",\"@id\":\"https:\\\/\\\/www.jazzzeitung.de\\\/cms\\\/2021\\\/06\\\/verkoerperte-improvisation-zum-100-geburtstag-des-pianisten-errol-garner\\\/\",\"url\":\"https:\\\/\\\/www.jazzzeitung.de\\\/cms\\\/2021\\\/06\\\/verkoerperte-improvisation-zum-100-geburtstag-des-pianisten-errol-garner\\\/\",\"name\":\"Verk\u00f6rperte Improvisation \u2013 Zum 100. Geburtstag des Pianisten Erroll Garner - JazzZeitung\",\"isPartOf\":{\"@id\":\"https:\\\/\\\/www.jazzzeitung.de\\\/cms\\\/#website\"},\"primaryImageOfPage\":{\"@id\":\"https:\\\/\\\/www.jazzzeitung.de\\\/cms\\\/2021\\\/06\\\/verkoerperte-improvisation-zum-100-geburtstag-des-pianisten-errol-garner\\\/#primaryimage\"},\"image\":{\"@id\":\"https:\\\/\\\/www.jazzzeitung.de\\\/cms\\\/2021\\\/06\\\/verkoerperte-improvisation-zum-100-geburtstag-des-pianisten-errol-garner\\\/#primaryimage\"},\"thumbnailUrl\":\"https:\\\/\\\/i0.wp.com\\\/www.jazzzeitung.de\\\/cms\\\/wp-content\\\/uploads\\\/2021\\\/06\\\/2021_06_magazin_garner_ausschnitt.jpg?fit=1185%2C1108&ssl=1\",\"datePublished\":\"2021-06-15T06:00:25+00:00\",\"dateModified\":\"2021-06-15T10:31:15+00:00\",\"breadcrumb\":{\"@id\":\"https:\\\/\\\/www.jazzzeitung.de\\\/cms\\\/2021\\\/06\\\/verkoerperte-improvisation-zum-100-geburtstag-des-pianisten-errol-garner\\\/#breadcrumb\"},\"inLanguage\":\"de\",\"potentialAction\":[{\"@type\":\"ReadAction\",\"target\":[\"https:\\\/\\\/www.jazzzeitung.de\\\/cms\\\/2021\\\/06\\\/verkoerperte-improvisation-zum-100-geburtstag-des-pianisten-errol-garner\\\/\"]}]},{\"@type\":\"ImageObject\",\"inLanguage\":\"de\",\"@id\":\"https:\\\/\\\/www.jazzzeitung.de\\\/cms\\\/2021\\\/06\\\/verkoerperte-improvisation-zum-100-geburtstag-des-pianisten-errol-garner\\\/#primaryimage\",\"url\":\"https:\\\/\\\/i0.wp.com\\\/www.jazzzeitung.de\\\/cms\\\/wp-content\\\/uploads\\\/2021\\\/06\\\/2021_06_magazin_garner_ausschnitt.jpg?fit=1185%2C1108&ssl=1\",\"contentUrl\":\"https:\\\/\\\/i0.wp.com\\\/www.jazzzeitung.de\\\/cms\\\/wp-content\\\/uploads\\\/2021\\\/06\\\/2021_06_magazin_garner_ausschnitt.jpg?fit=1185%2C1108&ssl=1\",\"width\":1185,\"height\":1108,\"caption\":\"Erroll Garner und Victor Venegas im Mai 1970 in der Berliner Philharmonie. Foto: Bayerisches Jazzinstitut\\\/Ludwig Binder\"},{\"@type\":\"BreadcrumbList\",\"@id\":\"https:\\\/\\\/www.jazzzeitung.de\\\/cms\\\/2021\\\/06\\\/verkoerperte-improvisation-zum-100-geburtstag-des-pianisten-errol-garner\\\/#breadcrumb\",\"itemListElement\":[{\"@type\":\"ListItem\",\"position\":1,\"name\":\"Startseite\",\"item\":\"https:\\\/\\\/www.jazzzeitung.de\\\/cms\\\/\"},{\"@type\":\"ListItem\",\"position\":2,\"name\":\"Verk\u00f6rperte Improvisation \u2013 Zum 100. Geburtstag des Pianisten Erroll Garner\"}]},{\"@type\":\"WebSite\",\"@id\":\"https:\\\/\\\/www.jazzzeitung.de\\\/cms\\\/#website\",\"url\":\"https:\\\/\\\/www.jazzzeitung.de\\\/cms\\\/\",\"name\":\"JazzZeitung\",\"description\":\"Jazz-News und Jazz-Kontroverses\",\"publisher\":{\"@id\":\"https:\\\/\\\/www.jazzzeitung.de\\\/cms\\\/#organization\"},\"potentialAction\":[{\"@type\":\"SearchAction\",\"target\":{\"@type\":\"EntryPoint\",\"urlTemplate\":\"https:\\\/\\\/www.jazzzeitung.de\\\/cms\\\/?s={search_term_string}\"},\"query-input\":{\"@type\":\"PropertyValueSpecification\",\"valueRequired\":true,\"valueName\":\"search_term_string\"}}],\"inLanguage\":\"de\"},{\"@type\":\"Organization\",\"@id\":\"https:\\\/\\\/www.jazzzeitung.de\\\/cms\\\/#organization\",\"name\":\"JazzZeitung online\",\"url\":\"https:\\\/\\\/www.jazzzeitung.de\\\/cms\\\/\",\"logo\":{\"@type\":\"ImageObject\",\"inLanguage\":\"de\",\"@id\":\"https:\\\/\\\/www.jazzzeitung.de\\\/cms\\\/#\\\/schema\\\/logo\\\/image\\\/\",\"url\":\"https:\\\/\\\/i0.wp.com\\\/www.jazzzeitung.de\\\/cms\\\/wp-content\\\/uploads\\\/2015\\\/08\\\/JAZZZEITUNGDE_Logo_Neu.png?fit=499%2C200&ssl=1\",\"contentUrl\":\"https:\\\/\\\/i0.wp.com\\\/www.jazzzeitung.de\\\/cms\\\/wp-content\\\/uploads\\\/2015\\\/08\\\/JAZZZEITUNGDE_Logo_Neu.png?fit=499%2C200&ssl=1\",\"width\":499,\"height\":200,\"caption\":\"JazzZeitung online\"},\"image\":{\"@id\":\"https:\\\/\\\/www.jazzzeitung.de\\\/cms\\\/#\\\/schema\\\/logo\\\/image\\\/\"},\"sameAs\":[\"https:\\\/\\\/www.facebook.com\\\/JazzZeitung\\\/\"]},{\"@type\":\"Person\",\"@id\":\"https:\\\/\\\/www.jazzzeitung.de\\\/cms\\\/#\\\/schema\\\/person\\\/23954215d035da9ee48d2a2c09a4a62c\",\"name\":\"Andreas Kolb\",\"image\":{\"@type\":\"ImageObject\",\"inLanguage\":\"de\",\"@id\":\"https:\\\/\\\/i0.wp.com\\\/www.jazzzeitung.de\\\/cms\\\/wp-content\\\/uploads\\\/2013\\\/05\\\/kolb-small.jpg?resize=96%2C96&ssl=1d81fdf4aa1b2f31d206a8dd371420dd4\",\"url\":\"https:\\\/\\\/i0.wp.com\\\/www.jazzzeitung.de\\\/cms\\\/wp-content\\\/uploads\\\/2013\\\/05\\\/kolb-small.jpg?resize=96%2C96&ssl=1\",\"contentUrl\":\"https:\\\/\\\/i0.wp.com\\\/www.jazzzeitung.de\\\/cms\\\/wp-content\\\/uploads\\\/2013\\\/05\\\/kolb-small.jpg?resize=96%2C96&ssl=1\",\"caption\":\"Andreas Kolb\"},\"description\":\"Andreas Kolb ist Chefredakteur der Jazzzeitung.\",\"sameAs\":[\"https:\\\/\\\/www.jazzzeitung.de\"],\"url\":\"https:\\\/\\\/www.jazzzeitung.de\\\/cms\\\/author\\\/kolb\\\/\"}]}<\/script>\n<!-- \/ Yoast SEO plugin. -->","yoast_head_json":{"title":"Verk\u00f6rperte Improvisation \u2013 Zum 100. Geburtstag des Pianisten Erroll Garner - JazzZeitung","robots":{"index":"index","follow":"follow","max-snippet":"max-snippet:-1","max-image-preview":"max-image-preview:large","max-video-preview":"max-video-preview:-1"},"canonical":"https:\/\/www.jazzzeitung.de\/cms\/2021\/06\/verkoerperte-improvisation-zum-100-geburtstag-des-pianisten-errol-garner\/","og_locale":"de_DE","og_type":"article","og_title":"Verk\u00f6rperte Improvisation \u2013 Zum 100. Geburtstag des Pianisten Erroll Garner - JazzZeitung","og_description":"Die materialreichen, luxuri\u00f6s ausgestatteten B\u00e4nde des M\u00fcnchener Pianisten und Autors Ernst Burger \u00fcber Franz Liszt, Frederic Chopin und Robert Schumann genie\u00dfen unter Musikfreunden und Liebhabern guter B\u00fccher beinahe schon Kultstatus. In einem \u00e4hnlich aufw\u00e4ndigen Band, \u201eErroll Garner \u2013 Leben und Kunst eines genialen Pianisten\u201c hat Burger dem Jazzpianisten Erroll Garner, ein Denkmal gesetzt. Das Buch erschien 2006 beim ConBrio Verlag und es war naheliegend, den Autor anl\u00e4sslich des 100. Geburtstags seines Idols am 15. Juni 2021 um eine W\u00fcrdigung in der neuen musikzeitung zu bitten. Der Artikel \u201eGottes Geschenk an die Klaviertasten\u201c enth\u00e4lt auch zwei Notenbeispiele, \u201eS\u2018 Wonderful\u201c (1953) und \u201eJust One of those things\u201c (1964), an denen sich wunderbar illustrieren l\u00e4sst, wie weit Jazzinterpretation und Notentext auseinanderklaffen k\u00f6nnen. Ein wunderbar unterhaltsames Exempel f\u00fcr transkribierende Jazzer und vergleichende Jazzwissenschaftler. Da Garner keine Noten schreiben konnte, spielte er auf Tonband und andere schrieben es auf. Garner hinterlie\u00df mehr als 200 Kompositionen, darunter \u201eMisty\u201c, einer der am meistgespielten Jazzsongs des 20. Jahrhunderts. Garner ist verk\u00f6rperte Improvisation: \u201eJust sit down and play\u201c war die unter seinen Bandmitgliedern gef\u00fcrchtete Einleitung zu ungeprobten Plattenaufnahmen oder Konzerten. In einem Interview mit &hellip;","og_url":"https:\/\/www.jazzzeitung.de\/cms\/2021\/06\/verkoerperte-improvisation-zum-100-geburtstag-des-pianisten-errol-garner\/","og_site_name":"JazzZeitung","article_publisher":"https:\/\/www.facebook.com\/JazzZeitung\/","article_published_time":"2021-06-15T06:00:25+00:00","article_modified_time":"2021-06-15T10:31:15+00:00","og_image":[{"width":1185,"height":1108,"url":"https:\/\/i0.wp.com\/www.jazzzeitung.de\/cms\/wp-content\/uploads\/2021\/06\/2021_06_magazin_garner_ausschnitt.jpg?fit=1185%2C1108&ssl=1","type":"image\/jpeg"}],"author":"Andreas Kolb","schema":{"@context":"https:\/\/schema.org","@graph":[{"@type":"Article","@id":"https:\/\/www.jazzzeitung.de\/cms\/2021\/06\/verkoerperte-improvisation-zum-100-geburtstag-des-pianisten-errol-garner\/#article","isPartOf":{"@id":"https:\/\/www.jazzzeitung.de\/cms\/2021\/06\/verkoerperte-improvisation-zum-100-geburtstag-des-pianisten-errol-garner\/"},"author":{"name":"Andreas Kolb","@id":"https:\/\/www.jazzzeitung.de\/cms\/#\/schema\/person\/23954215d035da9ee48d2a2c09a4a62c"},"headline":"Verk\u00f6rperte Improvisation \u2013 Zum 100. Geburtstag des Pianisten Erroll Garner","datePublished":"2021-06-15T06:00:25+00:00","dateModified":"2021-06-15T10:31:15+00:00","mainEntityOfPage":{"@id":"https:\/\/www.jazzzeitung.de\/cms\/2021\/06\/verkoerperte-improvisation-zum-100-geburtstag-des-pianisten-errol-garner\/"},"wordCount":471,"commentCount":0,"publisher":{"@id":"https:\/\/www.jazzzeitung.de\/cms\/#organization"},"image":{"@id":"https:\/\/www.jazzzeitung.de\/cms\/2021\/06\/verkoerperte-improvisation-zum-100-geburtstag-des-pianisten-errol-garner\/#primaryimage"},"thumbnailUrl":"https:\/\/i0.wp.com\/www.jazzzeitung.de\/cms\/wp-content\/uploads\/2021\/06\/2021_06_magazin_garner_ausschnitt.jpg?fit=1185%2C1108&ssl=1","keywords":["Ernst Burger","Erroll Garner"],"articleSection":["Portrait"],"inLanguage":"de","potentialAction":[{"@type":"CommentAction","name":"Comment","target":["https:\/\/www.jazzzeitung.de\/cms\/2021\/06\/verkoerperte-improvisation-zum-100-geburtstag-des-pianisten-errol-garner\/#respond"]}]},{"@type":"WebPage","@id":"https:\/\/www.jazzzeitung.de\/cms\/2021\/06\/verkoerperte-improvisation-zum-100-geburtstag-des-pianisten-errol-garner\/","url":"https:\/\/www.jazzzeitung.de\/cms\/2021\/06\/verkoerperte-improvisation-zum-100-geburtstag-des-pianisten-errol-garner\/","name":"Verk\u00f6rperte Improvisation \u2013 Zum 100. Geburtstag des Pianisten Erroll Garner - JazzZeitung","isPartOf":{"@id":"https:\/\/www.jazzzeitung.de\/cms\/#website"},"primaryImageOfPage":{"@id":"https:\/\/www.jazzzeitung.de\/cms\/2021\/06\/verkoerperte-improvisation-zum-100-geburtstag-des-pianisten-errol-garner\/#primaryimage"},"image":{"@id":"https:\/\/www.jazzzeitung.de\/cms\/2021\/06\/verkoerperte-improvisation-zum-100-geburtstag-des-pianisten-errol-garner\/#primaryimage"},"thumbnailUrl":"https:\/\/i0.wp.com\/www.jazzzeitung.de\/cms\/wp-content\/uploads\/2021\/06\/2021_06_magazin_garner_ausschnitt.jpg?fit=1185%2C1108&ssl=1","datePublished":"2021-06-15T06:00:25+00:00","dateModified":"2021-06-15T10:31:15+00:00","breadcrumb":{"@id":"https:\/\/www.jazzzeitung.de\/cms\/2021\/06\/verkoerperte-improvisation-zum-100-geburtstag-des-pianisten-errol-garner\/#breadcrumb"},"inLanguage":"de","potentialAction":[{"@type":"ReadAction","target":["https:\/\/www.jazzzeitung.de\/cms\/2021\/06\/verkoerperte-improvisation-zum-100-geburtstag-des-pianisten-errol-garner\/"]}]},{"@type":"ImageObject","inLanguage":"de","@id":"https:\/\/www.jazzzeitung.de\/cms\/2021\/06\/verkoerperte-improvisation-zum-100-geburtstag-des-pianisten-errol-garner\/#primaryimage","url":"https:\/\/i0.wp.com\/www.jazzzeitung.de\/cms\/wp-content\/uploads\/2021\/06\/2021_06_magazin_garner_ausschnitt.jpg?fit=1185%2C1108&ssl=1","contentUrl":"https:\/\/i0.wp.com\/www.jazzzeitung.de\/cms\/wp-content\/uploads\/2021\/06\/2021_06_magazin_garner_ausschnitt.jpg?fit=1185%2C1108&ssl=1","width":1185,"height":1108,"caption":"Erroll Garner und Victor Venegas im Mai 1970 in der Berliner Philharmonie. Foto: Bayerisches Jazzinstitut\/Ludwig Binder"},{"@type":"BreadcrumbList","@id":"https:\/\/www.jazzzeitung.de\/cms\/2021\/06\/verkoerperte-improvisation-zum-100-geburtstag-des-pianisten-errol-garner\/#breadcrumb","itemListElement":[{"@type":"ListItem","position":1,"name":"Startseite","item":"https:\/\/www.jazzzeitung.de\/cms\/"},{"@type":"ListItem","position":2,"name":"Verk\u00f6rperte Improvisation \u2013 Zum 100. Geburtstag des Pianisten Erroll Garner"}]},{"@type":"WebSite","@id":"https:\/\/www.jazzzeitung.de\/cms\/#website","url":"https:\/\/www.jazzzeitung.de\/cms\/","name":"JazzZeitung","description":"Jazz-News und Jazz-Kontroverses","publisher":{"@id":"https:\/\/www.jazzzeitung.de\/cms\/#organization"},"potentialAction":[{"@type":"SearchAction","target":{"@type":"EntryPoint","urlTemplate":"https:\/\/www.jazzzeitung.de\/cms\/?s={search_term_string}"},"query-input":{"@type":"PropertyValueSpecification","valueRequired":true,"valueName":"search_term_string"}}],"inLanguage":"de"},{"@type":"Organization","@id":"https:\/\/www.jazzzeitung.de\/cms\/#organization","name":"JazzZeitung online","url":"https:\/\/www.jazzzeitung.de\/cms\/","logo":{"@type":"ImageObject","inLanguage":"de","@id":"https:\/\/www.jazzzeitung.de\/cms\/#\/schema\/logo\/image\/","url":"https:\/\/i0.wp.com\/www.jazzzeitung.de\/cms\/wp-content\/uploads\/2015\/08\/JAZZZEITUNGDE_Logo_Neu.png?fit=499%2C200&ssl=1","contentUrl":"https:\/\/i0.wp.com\/www.jazzzeitung.de\/cms\/wp-content\/uploads\/2015\/08\/JAZZZEITUNGDE_Logo_Neu.png?fit=499%2C200&ssl=1","width":499,"height":200,"caption":"JazzZeitung online"},"image":{"@id":"https:\/\/www.jazzzeitung.de\/cms\/#\/schema\/logo\/image\/"},"sameAs":["https:\/\/www.facebook.com\/JazzZeitung\/"]},{"@type":"Person","@id":"https:\/\/www.jazzzeitung.de\/cms\/#\/schema\/person\/23954215d035da9ee48d2a2c09a4a62c","name":"Andreas Kolb","image":{"@type":"ImageObject","inLanguage":"de","@id":"https:\/\/i0.wp.com\/www.jazzzeitung.de\/cms\/wp-content\/uploads\/2013\/05\/kolb-small.jpg?resize=96%2C96&ssl=1d81fdf4aa1b2f31d206a8dd371420dd4","url":"https:\/\/i0.wp.com\/www.jazzzeitung.de\/cms\/wp-content\/uploads\/2013\/05\/kolb-small.jpg?resize=96%2C96&ssl=1","contentUrl":"https:\/\/i0.wp.com\/www.jazzzeitung.de\/cms\/wp-content\/uploads\/2013\/05\/kolb-small.jpg?resize=96%2C96&ssl=1","caption":"Andreas Kolb"},"description":"Andreas Kolb ist Chefredakteur der Jazzzeitung.","sameAs":["https:\/\/www.jazzzeitung.de"],"url":"https:\/\/www.jazzzeitung.de\/cms\/author\/kolb\/"}]}},"wp-worthy-pixel":{"ignored":true,"public":null,"server":null,"url":null},"wp-worthy-type":"normal","jetpack_publicize_connections":[],"cc_featured_image_caption":{"caption_text":"Erroll Garner und Victor Venegas im Mai 1970 in der Berliner Philharmonie. ","source_text":"\u00a9 Foto: Bayerisches Jazzinstitut\/Ludwig Binder","source_url":""},"jetpack_featured_media_url":"https:\/\/i0.wp.com\/www.jazzzeitung.de\/cms\/wp-content\/uploads\/2021\/06\/2021_06_magazin_garner_ausschnitt.jpg?fit=1185%2C1108&ssl=1","jetpack_shortlink":"https:\/\/wp.me\/p3KEcT-6vj","jetpack-related-posts":[{"id":31051,"url":"https:\/\/www.jazzzeitung.de\/cms\/2024\/05\/der-vergessene-misty-the-erroll-garner-story-beim-dok-fest-muenchen\/","url_meta":{"origin":25005,"position":0},"title":"Der Vergessene: &#8222;Misty &#8211; The Erroll\u00a0Garner\u00a0Story&#8220; beim Dok-Fest M\u00fcnchen","author":"Redaktion JazzZeitung","date":"16. Mai 2024","format":false,"excerpt":"Von Oliver Hochkeppel. Festival-Weltpremiere: Georges Gachots beim M\u00fcnchner Dok-Fest uraufgef\u00fchrter Film erinnert an den erfolgreichsten Jazzpianisten der F\u00fcnfzigerjahre. Schon 2006 schrieb der M\u00fcnchner Pianist und Autor Ernst Burger im Vorwort seiner exzellenten, im Conbrio-Verlag erschienenen Erroll-Garner-Biografie, dass\u00a0Garner\u00a0\"nach seinem fr\u00fchen Tod bei uns etwas in Vergessenheit geriet\". Heute gilt das mehr\u2026","rel":"","context":"In &quot;Portrait&quot;","block_context":{"text":"Portrait","link":"https:\/\/www.jazzzeitung.de\/cms\/thema\/portrait\/"},"img":{"alt_text":"","src":"https:\/\/i0.wp.com\/www.jazzzeitung.de\/cms\/wp-content\/uploads\/2024\/05\/MolvaerMcCarthy1_OliverHochkeppel050524-scaled.jpg?fit=1200%2C799&ssl=1&resize=350%2C200","width":350,"height":200,"srcset":"https:\/\/i0.wp.com\/www.jazzzeitung.de\/cms\/wp-content\/uploads\/2024\/05\/MolvaerMcCarthy1_OliverHochkeppel050524-scaled.jpg?fit=1200%2C799&ssl=1&resize=350%2C200 1x, https:\/\/i0.wp.com\/www.jazzzeitung.de\/cms\/wp-content\/uploads\/2024\/05\/MolvaerMcCarthy1_OliverHochkeppel050524-scaled.jpg?fit=1200%2C799&ssl=1&resize=525%2C300 1.5x, https:\/\/i0.wp.com\/www.jazzzeitung.de\/cms\/wp-content\/uploads\/2024\/05\/MolvaerMcCarthy1_OliverHochkeppel050524-scaled.jpg?fit=1200%2C799&ssl=1&resize=700%2C400 2x, https:\/\/i0.wp.com\/www.jazzzeitung.de\/cms\/wp-content\/uploads\/2024\/05\/MolvaerMcCarthy1_OliverHochkeppel050524-scaled.jpg?fit=1200%2C799&ssl=1&resize=1050%2C600 3x"},"classes":[]},{"id":32150,"url":"https:\/\/www.jazzzeitung.de\/cms\/2025\/01\/news-kinostart-misty-the-erroll-garner-story-semesterkonzert-des-hfm-jazz-orchestra-weimar-featuring-paulo-perfeito\/","url_meta":{"origin":25005,"position":1},"title":"+++ news +++ Kinostart &#8222;Misty &#8211; The Erroll Garner Story +++ Semesterkonzert des HfM Jazz Orchestra Weimar featuring Paulo Perfeito +++","author":"Redaktion JazzZeitung","date":"23. Januar 2025","format":false,"excerpt":"+++ Kinostart: \"Misty - The Erroll Garner Story +++ Heute am 23. Januar 2025 startet der Jazz-Dokumentarfilms \"MISTY - THE ERROLL GARNER STORY\" von Georges Gachot in den deutschen Kinos. Eine \u00dcbersicht \u00fcber alle Spielorte finden Sie hier: https:\/\/colognecinecollective.com\/misty MISTY - THE ERROLL GARNER STORY beleuchtet das Leben von Erroll\u2026","rel":"","context":"In &quot;News&quot;","block_context":{"text":"News","link":"https:\/\/www.jazzzeitung.de\/cms\/thema\/nachrichten\/"},"img":{"alt_text":"","src":"https:\/\/i0.wp.com\/www.jazzzeitung.de\/cms\/wp-content\/uploads\/2025\/01\/Misty%C2%A9GachotFilms_ErrollGarner_SoldOut.jpg?fit=567%2C319&ssl=1&resize=350%2C200","width":350,"height":200,"srcset":"https:\/\/i0.wp.com\/www.jazzzeitung.de\/cms\/wp-content\/uploads\/2025\/01\/Misty%C2%A9GachotFilms_ErrollGarner_SoldOut.jpg?fit=567%2C319&ssl=1&resize=350%2C200 1x, https:\/\/i0.wp.com\/www.jazzzeitung.de\/cms\/wp-content\/uploads\/2025\/01\/Misty%C2%A9GachotFilms_ErrollGarner_SoldOut.jpg?fit=567%2C319&ssl=1&resize=525%2C300 1.5x"},"classes":[]},{"id":9791,"url":"https:\/\/www.jazzzeitung.de\/cms\/2016\/08\/ernst-und-entertainment\/","url_meta":{"origin":25005,"position":2},"title":"Ernst und Entertainment: Iiro Rantala mit seinem aktuellen Programm in Trier","author":"Redaktion JazzZeitung","date":"5. August 2016","format":false,"excerpt":"Am Anfang Bach, am Ende Beatles. F\u00fcr Iiro Rantala passt das gut, denn der eine ist seiner Meinung nach als Improvisator des Barocks der Erfinder des Jazz und die anderen geh\u00f6ren zu den besten Songschreibern der Musikgeschichte. Er selbst sitzt irgendwo dazwischen, als brillanter Pianist, famoser Variationsk\u00fcnstler, humorvoller Interpret. Im\u2026","rel":"","context":"In &quot;Galerie&quot;","block_context":{"text":"Galerie","link":"https:\/\/www.jazzzeitung.de\/cms\/thema\/galerie\/"},"img":{"alt_text":"","src":"https:\/\/i0.wp.com\/www.jazzzeitung.de\/cms\/wp-content\/uploads\/2016\/08\/DSC03610-Iiro-Rantala-dombr.jpg?resize=350%2C200","width":350,"height":200,"srcset":"https:\/\/i0.wp.com\/www.jazzzeitung.de\/cms\/wp-content\/uploads\/2016\/08\/DSC03610-Iiro-Rantala-dombr.jpg?resize=350%2C200 1x, https:\/\/i0.wp.com\/www.jazzzeitung.de\/cms\/wp-content\/uploads\/2016\/08\/DSC03610-Iiro-Rantala-dombr.jpg?resize=525%2C300 1.5x, https:\/\/i0.wp.com\/www.jazzzeitung.de\/cms\/wp-content\/uploads\/2016\/08\/DSC03610-Iiro-Rantala-dombr.jpg?resize=700%2C400 2x, https:\/\/i0.wp.com\/www.jazzzeitung.de\/cms\/wp-content\/uploads\/2016\/08\/DSC03610-Iiro-Rantala-dombr.jpg?resize=1050%2C600 3x"},"classes":[]},{"id":23216,"url":"https:\/\/www.jazzzeitung.de\/cms\/2020\/08\/die-grandiose-corona-ausgabe-des-inntoene-festivals\/","url_meta":{"origin":25005,"position":3},"title":"Die Corona-Ausgabe des \u201eInnt\u00f6ne\u201c-Festivals","author":"Redaktion JazzZeitung","date":"25. August 2020","format":false,"excerpt":"Wiese, Stimmen, Sensationen Nat\u00fcrlich war in diesem Jahr auch beim \u201eInnt\u00f6ne Festival\u201c alles anders. Lange war nicht klar, ob es \u00fcberhaupt w\u00fcrde stattfinden k\u00f6nnen, der \u00fcbliche Pfingsttermin war wegen Lockdown ohnehin schnell vom Tisch. Aber Paul Zauner, als Posaunist, Labelbetreiber (\u201ePao\u201c), Veranstalter (unter anderem auch des praktisch kompletten Jazzgeschehens in\u2026","rel":"","context":"In &quot;Bericht&quot;","block_context":{"text":"Bericht","link":"https:\/\/www.jazzzeitung.de\/cms\/thema\/bericht\/"},"img":{"alt_text":"","src":"https:\/\/i0.wp.com\/www.jazzzeitung.de\/cms\/wp-content\/uploads\/2020\/08\/Inntoene5-scaled.jpg?fit=1200%2C900&ssl=1&resize=350%2C200","width":350,"height":200,"srcset":"https:\/\/i0.wp.com\/www.jazzzeitung.de\/cms\/wp-content\/uploads\/2020\/08\/Inntoene5-scaled.jpg?fit=1200%2C900&ssl=1&resize=350%2C200 1x, https:\/\/i0.wp.com\/www.jazzzeitung.de\/cms\/wp-content\/uploads\/2020\/08\/Inntoene5-scaled.jpg?fit=1200%2C900&ssl=1&resize=525%2C300 1.5x, https:\/\/i0.wp.com\/www.jazzzeitung.de\/cms\/wp-content\/uploads\/2020\/08\/Inntoene5-scaled.jpg?fit=1200%2C900&ssl=1&resize=700%2C400 2x, https:\/\/i0.wp.com\/www.jazzzeitung.de\/cms\/wp-content\/uploads\/2020\/08\/Inntoene5-scaled.jpg?fit=1200%2C900&ssl=1&resize=1050%2C600 3x"},"classes":[]},{"id":4514,"url":"https:\/\/www.jazzzeitung.de\/cms\/2014\/09\/improvisation-ueber-improvisation-8\/","url_meta":{"origin":25005,"position":4},"title":"Improvisation \u00fcber Improvisation #8","author":"Benjamin Schaefer","date":"1. September 2014","format":false,"excerpt":"Jerome Kerns \u201eAll the things you are\u201c ist ein Musikst\u00fcck, das einem im Jazzkontext h\u00e4ufig begegnet \u2013 ein sogenannter Standard. Wie so viele St\u00fccke aus dem Great American Songbook wurde es urspr\u00fcnglich f\u00fcr ein Broadway-Musical (\u201eVery warm for May\u201c, 1939) geschrieben. Das Musical war schnell vergessen, der Song aber erwies\u2026","rel":"","context":"In &quot;Blog&quot;","block_context":{"text":"Blog","link":"https:\/\/www.jazzzeitung.de\/cms\/thema\/blog\/"},"img":{"alt_text":"","src":"","width":0,"height":0},"classes":[]},{"id":31374,"url":"https:\/\/www.jazzzeitung.de\/cms\/2024\/07\/der-muenchner-jazzsommer-wieder-mal-ein-gelungenes-festival\/","url_meta":{"origin":25005,"position":5},"title":"Der M\u00fcnchner Jazzsommer &#8211; wieder mal ein gelungenes Festival","author":"Redaktion JazzZeitung","date":"23. Juli 2024","format":false,"excerpt":"(Text & Fotos: Thomas J. Krebs) Der Jazzsommer im Bayerischen Hof ist seit 2007 der offizielle Nachfolger des 1981 begr\u00fcndeten und seinerzeit von Friedrich Gulda initiierten M\u00fcnchner Klaviersommers. Eine traurige Nachricht vorab: die beiden urspr\u00fcnglichen Veranstalter Karheinz Hein sowie Manfred Frei sind vor kurzem verstorben. Umso wichtiger die Tradition weiter\u2026","rel":"","context":"In &quot;Bericht&quot;","block_context":{"text":"Bericht","link":"https:\/\/www.jazzzeitung.de\/cms\/thema\/bericht\/"},"img":{"alt_text":"","src":"https:\/\/i0.wp.com\/www.jazzzeitung.de\/cms\/wp-content\/uploads\/2024\/07\/P1199731-Washington-Foto-TJ-Krebs.jpg?fit=1200%2C799&ssl=1&resize=350%2C200","width":350,"height":200,"srcset":"https:\/\/i0.wp.com\/www.jazzzeitung.de\/cms\/wp-content\/uploads\/2024\/07\/P1199731-Washington-Foto-TJ-Krebs.jpg?fit=1200%2C799&ssl=1&resize=350%2C200 1x, https:\/\/i0.wp.com\/www.jazzzeitung.de\/cms\/wp-content\/uploads\/2024\/07\/P1199731-Washington-Foto-TJ-Krebs.jpg?fit=1200%2C799&ssl=1&resize=525%2C300 1.5x, https:\/\/i0.wp.com\/www.jazzzeitung.de\/cms\/wp-content\/uploads\/2024\/07\/P1199731-Washington-Foto-TJ-Krebs.jpg?fit=1200%2C799&ssl=1&resize=700%2C400 2x, https:\/\/i0.wp.com\/www.jazzzeitung.de\/cms\/wp-content\/uploads\/2024\/07\/P1199731-Washington-Foto-TJ-Krebs.jpg?fit=1200%2C799&ssl=1&resize=1050%2C600 3x"},"classes":[]}],"jetpack_sharing_enabled":true,"_links":{"self":[{"href":"https:\/\/www.jazzzeitung.de\/cms\/wp-json\/wp\/v2\/posts\/25005","targetHints":{"allow":["GET"]}}],"collection":[{"href":"https:\/\/www.jazzzeitung.de\/cms\/wp-json\/wp\/v2\/posts"}],"about":[{"href":"https:\/\/www.jazzzeitung.de\/cms\/wp-json\/wp\/v2\/types\/post"}],"author":[{"embeddable":true,"href":"https:\/\/www.jazzzeitung.de\/cms\/wp-json\/wp\/v2\/users\/7"}],"replies":[{"embeddable":true,"href":"https:\/\/www.jazzzeitung.de\/cms\/wp-json\/wp\/v2\/comments?post=25005"}],"version-history":[{"count":11,"href":"https:\/\/www.jazzzeitung.de\/cms\/wp-json\/wp\/v2\/posts\/25005\/revisions"}],"predecessor-version":[{"id":25010,"href":"https:\/\/www.jazzzeitung.de\/cms\/wp-json\/wp\/v2\/posts\/25005\/revisions\/25010"}],"wp:featuredmedia":[{"embeddable":true,"href":"https:\/\/www.jazzzeitung.de\/cms\/wp-json\/wp\/v2\/media\/25007"}],"wp:attachment":[{"href":"https:\/\/www.jazzzeitung.de\/cms\/wp-json\/wp\/v2\/media?parent=25005"}],"wp:term":[{"taxonomy":"category","embeddable":true,"href":"https:\/\/www.jazzzeitung.de\/cms\/wp-json\/wp\/v2\/categories?post=25005"},{"taxonomy":"post_tag","embeddable":true,"href":"https:\/\/www.jazzzeitung.de\/cms\/wp-json\/wp\/v2\/tags?post=25005"},{"taxonomy":"author","embeddable":true,"href":"https:\/\/www.jazzzeitung.de\/cms\/wp-json\/wp\/v2\/coauthors?post=25005"}],"curies":[{"name":"wp","href":"https:\/\/api.w.org\/{rel}","templated":true}]}}