{"id":24867,"date":"2021-05-27T16:15:48","date_gmt":"2021-05-27T14:15:48","guid":{"rendered":"https:\/\/www.jazzzeitung.de\/cms\/?p=24867"},"modified":"2021-05-27T16:58:18","modified_gmt":"2021-05-27T14:58:18","slug":"auch-die-sonne-liess-sich-anstecken-das-50-moers-festival-gab-alles-und-weckt-hoffnung","status":"publish","type":"post","link":"https:\/\/www.jazzzeitung.de\/cms\/2021\/05\/auch-die-sonne-liess-sich-anstecken-das-50-moers-festival-gab-alles-und-weckt-hoffnung\/","title":{"rendered":"Auch die Sonne lie\u00df sich anstecken: Das 50. Moers-Festival gab alles und weckt Hoffnung"},"content":{"rendered":"<p><strong>Kultur f\u00e4llt nicht einfach vom Himmel, wenn man nur lange genug auf sie verzichtet. Stattdessen zogen in Moers zahllose Musikerinnen und Musiker aus etlichen Nationen und dahinter ein hochmotiviertes Veranstalterteam s\u00e4mtliche Register der Improvisation. Als der legend\u00e4re John Scofield alleine mit seiner Gitarre vor fast 500 Musikbegeisterten einen sanften Blues spielte und auch jeder Avantgarde-Ambition in w\u00e4rmender Entspanntheit entsagte, war die Moerser Festivalgeschichte um einen Moment reicher, der vielleicht in 20 oder gar 50 Jahren weiter erz\u00e4hlt wird&#8230;\u00a0 <\/strong><\/p>\n<p>Sozusagen in allerletzter Minute hatten sich Lichtblicke aufgetan. Die neuen Pandemie-Verordnungen erlaubten zwar kein Publikumsfestival, wohl aber Freiluftkonzerte. Also wurden mit Unterst\u00fctzung der Stadt Moers kurzfristig vier unabh\u00e4ngige Sonderkonzerte auf die Beine gestellt. Der &#8222;letzte Versuch der Unterwanderung der abenteuerlichen Regelungen.&#8220; (so Tim Isfort) ist damit gegl\u00fcckt, um &#8222;Moers&#8220; auch wieder auf der analogen Ebene f\u00fchlbar zu machen. Hinzu kam, dass ein Gro\u00dfteil des geplanten Line-ups kurzfristig noch gerettet werden konnte, da das Bundeskulturministerium f\u00fcr z\u00fcgige Einreise-Bewilligungen gesorgt hatte.<\/p>\n<div class=\"tiled-gallery type-rectangular tiled-gallery-unresized\" data-original-width=\"840\" data-carousel-extra='{&quot;blog_id&quot;:1,&quot;permalink&quot;:&quot;https:\\\/\\\/www.jazzzeitung.de\\\/cms\\\/2021\\\/05\\\/auch-die-sonne-liess-sich-anstecken-das-50-moers-festival-gab-alles-und-weckt-hoffnung\\\/&quot;,&quot;likes_blog_id&quot;:55446655}' itemscope itemtype=\"http:\/\/schema.org\/ImageGallery\" > <div class=\"gallery-row\" style=\"width: 840px; height: 342px;\" data-original-width=\"840\" data-original-height=\"342\" > <div class=\"gallery-group images-1\" style=\"width: 261px; height: 342px;\" data-original-width=\"261\" data-original-height=\"342\" > <div class=\"tiled-gallery-item tiled-gallery-item-large\" itemprop=\"associatedMedia\" itemscope itemtype=\"http:\/\/schema.org\/ImageObject\"> <a href=\"https:\/\/www.jazzzeitung.de\/cms\/2021\/05\/auch-die-sonne-liess-sich-anstecken-das-50-moers-festival-gab-alles-und-weckt-hoffnung\/ava-mendoza\/\" border=\"0\" itemprop=\"url\"> <meta itemprop=\"width\" content=\"257\"> <meta itemprop=\"height\" content=\"338\"> <img decoding=\"async\" class=\"\" data-attachment-id=\"24871\" data-orig-file=\"https:\/\/www.jazzzeitung.de\/cms\/wp-content\/uploads\/2021\/05\/Ava-Mendoza-scaled.jpg\" data-orig-size=\"1948,2560\" data-comments-opened=\"1\" data-image-meta=\"{&quot;aperture&quot;:&quot;0&quot;,&quot;credit&quot;:&quot;&quot;,&quot;camera&quot;:&quot;&quot;,&quot;caption&quot;:&quot;&quot;,&quot;created_timestamp&quot;:&quot;0&quot;,&quot;copyright&quot;:&quot;&quot;,&quot;focal_length&quot;:&quot;0&quot;,&quot;iso&quot;:&quot;0&quot;,&quot;shutter_speed&quot;:&quot;0&quot;,&quot;title&quot;:&quot;&quot;,&quot;orientation&quot;:&quot;0&quot;}\" data-image-title=\"\" data-image-description=\"\" data-medium-file=\"https:\/\/i0.wp.com\/www.jazzzeitung.de\/cms\/wp-content\/uploads\/2021\/05\/Ava-Mendoza-scaled.jpg?fit=228%2C300&#038;ssl=1\" data-large-file=\"https:\/\/i0.wp.com\/www.jazzzeitung.de\/cms\/wp-content\/uploads\/2021\/05\/Ava-Mendoza-scaled.jpg?fit=457%2C600&#038;ssl=1\" src=\"https:\/\/i0.wp.com\/www.jazzzeitung.de\/cms\/wp-content\/uploads\/2021\/05\/Ava-Mendoza-scaled.jpg?w=257&#038;h=338&#038;ssl=1\" srcset=\"https:\/\/i0.wp.com\/www.jazzzeitung.de\/cms\/wp-content\/uploads\/2021\/05\/Ava-Mendoza-scaled.jpg?w=1948&amp;ssl=1 1948w, https:\/\/i0.wp.com\/www.jazzzeitung.de\/cms\/wp-content\/uploads\/2021\/05\/Ava-Mendoza-scaled.jpg?resize=228%2C300&amp;ssl=1 228w, https:\/\/i0.wp.com\/www.jazzzeitung.de\/cms\/wp-content\/uploads\/2021\/05\/Ava-Mendoza-scaled.jpg?resize=457%2C600&amp;ssl=1 457w, https:\/\/i0.wp.com\/www.jazzzeitung.de\/cms\/wp-content\/uploads\/2021\/05\/Ava-Mendoza-scaled.jpg?resize=768%2C1009&amp;ssl=1 768w, https:\/\/i0.wp.com\/www.jazzzeitung.de\/cms\/wp-content\/uploads\/2021\/05\/Ava-Mendoza-scaled.jpg?resize=1169%2C1536&amp;ssl=1 1169w, https:\/\/i0.wp.com\/www.jazzzeitung.de\/cms\/wp-content\/uploads\/2021\/05\/Ava-Mendoza-scaled.jpg?resize=1559%2C2048&amp;ssl=1 1559w, https:\/\/i0.wp.com\/www.jazzzeitung.de\/cms\/wp-content\/uploads\/2021\/05\/Ava-Mendoza-scaled.jpg?resize=1320%2C1734&amp;ssl=1 1320w, https:\/\/i0.wp.com\/www.jazzzeitung.de\/cms\/wp-content\/uploads\/2021\/05\/Ava-Mendoza-scaled.jpg?w=1680&amp;ssl=1 1680w\" width=\"257\" height=\"338\" loading=\"lazy\" data-original-width=\"257\" data-original-height=\"338\" itemprop=\"http:\/\/schema.org\/image\" title=\"\" alt=\"Ava Mendoza. Foto: Stefan Pieper\" style=\"width: 257px; height: 338px;\" \/> <\/a> <div class=\"tiled-gallery-caption\" itemprop=\"caption description\"> Ava Mendoza. Foto: Stefan Pieper <\/div> <\/div> <\/div> <!-- close group --> <div class=\"gallery-group images-1\" style=\"width: 276px; height: 342px;\" data-original-width=\"276\" data-original-height=\"342\" > <div class=\"tiled-gallery-item tiled-gallery-item-large\" itemprop=\"associatedMedia\" itemscope itemtype=\"http:\/\/schema.org\/ImageObject\"> <a href=\"https:\/\/www.jazzzeitung.de\/cms\/2021\/05\/auch-die-sonne-liess-sich-anstecken-das-50-moers-festival-gab-alles-und-weckt-hoffnung\/elvin-brandhi\/\" border=\"0\" itemprop=\"url\"> <meta itemprop=\"width\" content=\"272\"> <meta itemprop=\"height\" content=\"338\"> <img decoding=\"async\" class=\"\" data-attachment-id=\"24873\" data-orig-file=\"https:\/\/www.jazzzeitung.de\/cms\/wp-content\/uploads\/2021\/05\/Elvin-Brandhi-scaled.jpg\" data-orig-size=\"2054,2560\" data-comments-opened=\"1\" data-image-meta=\"{&quot;aperture&quot;:&quot;0&quot;,&quot;credit&quot;:&quot;&quot;,&quot;camera&quot;:&quot;&quot;,&quot;caption&quot;:&quot;&quot;,&quot;created_timestamp&quot;:&quot;0&quot;,&quot;copyright&quot;:&quot;&quot;,&quot;focal_length&quot;:&quot;0&quot;,&quot;iso&quot;:&quot;0&quot;,&quot;shutter_speed&quot;:&quot;0&quot;,&quot;title&quot;:&quot;&quot;,&quot;orientation&quot;:&quot;0&quot;}\" data-image-title=\"\" data-image-description=\"\" data-medium-file=\"https:\/\/i0.wp.com\/www.jazzzeitung.de\/cms\/wp-content\/uploads\/2021\/05\/Elvin-Brandhi-scaled.jpg?fit=241%2C300&#038;ssl=1\" data-large-file=\"https:\/\/i0.wp.com\/www.jazzzeitung.de\/cms\/wp-content\/uploads\/2021\/05\/Elvin-Brandhi-scaled.jpg?fit=481%2C600&#038;ssl=1\" src=\"https:\/\/i0.wp.com\/www.jazzzeitung.de\/cms\/wp-content\/uploads\/2021\/05\/Elvin-Brandhi-scaled.jpg?w=272&#038;h=338&#038;ssl=1\" srcset=\"https:\/\/i0.wp.com\/www.jazzzeitung.de\/cms\/wp-content\/uploads\/2021\/05\/Elvin-Brandhi-scaled.jpg?w=2054&amp;ssl=1 2054w, https:\/\/i0.wp.com\/www.jazzzeitung.de\/cms\/wp-content\/uploads\/2021\/05\/Elvin-Brandhi-scaled.jpg?resize=241%2C300&amp;ssl=1 241w, https:\/\/i0.wp.com\/www.jazzzeitung.de\/cms\/wp-content\/uploads\/2021\/05\/Elvin-Brandhi-scaled.jpg?resize=481%2C600&amp;ssl=1 481w, https:\/\/i0.wp.com\/www.jazzzeitung.de\/cms\/wp-content\/uploads\/2021\/05\/Elvin-Brandhi-scaled.jpg?resize=768%2C957&amp;ssl=1 768w, https:\/\/i0.wp.com\/www.jazzzeitung.de\/cms\/wp-content\/uploads\/2021\/05\/Elvin-Brandhi-scaled.jpg?resize=1232%2C1536&amp;ssl=1 1232w, https:\/\/i0.wp.com\/www.jazzzeitung.de\/cms\/wp-content\/uploads\/2021\/05\/Elvin-Brandhi-scaled.jpg?resize=1643%2C2048&amp;ssl=1 1643w, https:\/\/i0.wp.com\/www.jazzzeitung.de\/cms\/wp-content\/uploads\/2021\/05\/Elvin-Brandhi-scaled.jpg?resize=1320%2C1645&amp;ssl=1 1320w\" width=\"272\" height=\"338\" loading=\"lazy\" data-original-width=\"272\" data-original-height=\"338\" itemprop=\"http:\/\/schema.org\/image\" title=\"\" alt=\"Elvin Brandhi. Foto: Stefan Pieper\" style=\"width: 272px; height: 338px;\" \/> <\/a> <div class=\"tiled-gallery-caption\" itemprop=\"caption description\"> Elvin Brandhi. Foto: Stefan Pieper <\/div> <\/div> <\/div> <!-- close group --> <div class=\"gallery-group images-1\" style=\"width: 303px; height: 342px;\" data-original-width=\"303\" data-original-height=\"342\" > <div class=\"tiled-gallery-item tiled-gallery-item-large\" itemprop=\"associatedMedia\" itemscope itemtype=\"http:\/\/schema.org\/ImageObject\"> <a href=\"https:\/\/www.jazzzeitung.de\/cms\/2021\/05\/auch-die-sonne-liess-sich-anstecken-das-50-moers-festival-gab-alles-und-weckt-hoffnung\/john-scofield-3\/\" border=\"0\" itemprop=\"url\"> <meta itemprop=\"width\" content=\"299\"> <meta itemprop=\"height\" content=\"338\"> <img decoding=\"async\" class=\"\" data-attachment-id=\"24886\" data-orig-file=\"https:\/\/www.jazzzeitung.de\/cms\/wp-content\/uploads\/2021\/05\/John-Scofield-2-scaled-e1622123822774.jpg\" data-orig-size=\"1702,1926\" data-comments-opened=\"1\" data-image-meta=\"{&quot;aperture&quot;:&quot;0&quot;,&quot;credit&quot;:&quot;&quot;,&quot;camera&quot;:&quot;&quot;,&quot;caption&quot;:&quot;&quot;,&quot;created_timestamp&quot;:&quot;0&quot;,&quot;copyright&quot;:&quot;&quot;,&quot;focal_length&quot;:&quot;0&quot;,&quot;iso&quot;:&quot;0&quot;,&quot;shutter_speed&quot;:&quot;0&quot;,&quot;title&quot;:&quot;&quot;,&quot;orientation&quot;:&quot;1&quot;}\" data-image-title=\"\" data-image-description=\"\" data-medium-file=\"https:\/\/i0.wp.com\/www.jazzzeitung.de\/cms\/wp-content\/uploads\/2021\/05\/John-Scofield-2-scaled-e1622123822774.jpg?fit=265%2C300&#038;ssl=1\" data-large-file=\"https:\/\/i0.wp.com\/www.jazzzeitung.de\/cms\/wp-content\/uploads\/2021\/05\/John-Scofield-2-scaled-e1622123822774.jpg?fit=530%2C600&#038;ssl=1\" src=\"https:\/\/i0.wp.com\/www.jazzzeitung.de\/cms\/wp-content\/uploads\/2021\/05\/John-Scofield-2-scaled-e1622123822774.jpg?w=299&#038;h=338&#038;ssl=1\" srcset=\"https:\/\/i0.wp.com\/www.jazzzeitung.de\/cms\/wp-content\/uploads\/2021\/05\/John-Scofield-2-scaled-e1622123822774.jpg?w=1702&amp;ssl=1 1702w, https:\/\/i0.wp.com\/www.jazzzeitung.de\/cms\/wp-content\/uploads\/2021\/05\/John-Scofield-2-scaled-e1622123822774.jpg?resize=265%2C300&amp;ssl=1 265w, https:\/\/i0.wp.com\/www.jazzzeitung.de\/cms\/wp-content\/uploads\/2021\/05\/John-Scofield-2-scaled-e1622123822774.jpg?resize=530%2C600&amp;ssl=1 530w, https:\/\/i0.wp.com\/www.jazzzeitung.de\/cms\/wp-content\/uploads\/2021\/05\/John-Scofield-2-scaled-e1622123822774.jpg?resize=768%2C869&amp;ssl=1 768w, https:\/\/i0.wp.com\/www.jazzzeitung.de\/cms\/wp-content\/uploads\/2021\/05\/John-Scofield-2-scaled-e1622123822774.jpg?resize=1357%2C1536&amp;ssl=1 1357w, https:\/\/i0.wp.com\/www.jazzzeitung.de\/cms\/wp-content\/uploads\/2021\/05\/John-Scofield-2-scaled-e1622123822774.jpg?resize=1320%2C1494&amp;ssl=1 1320w\" width=\"299\" height=\"338\" loading=\"lazy\" data-original-width=\"299\" data-original-height=\"338\" itemprop=\"http:\/\/schema.org\/image\" title=\"\" alt=\"John Scofield. Foto: Stefan Pieper\" style=\"width: 299px; height: 338px;\" \/> <\/a> <div class=\"tiled-gallery-caption\" itemprop=\"caption description\"> John Scofield. Foto: Stefan Pieper <\/div> <\/div> <\/div> <!-- close group --> <\/div> <!-- close row --> <\/div>\n<p>Es braucht erstmal eine gewisse Anlaufzeit, damit sich Musik und Publikum n\u00e4her kamen: Regendicht eingepackt halten bis zu 500 Musikbegeisterte auch am extrem feuchten Pfingstsamstag durch. <strong>\u00a0<\/strong>Melancholisch flutet das Saxofon von Hans Gratkowski von der Band \u201eThe Resonators\u201c und auch die Gitarre stimmt in Klageges\u00e4nge ein. Eine leiser Kommentar zu den Menschen und ihrer Kultur, der es seit 14 Monaten gar nicht gut geht? Der Videostream dazwischen versuchte zumindest, etwas Frohsinn zu verbreiten, wie er per Greenscreen die Tristesse mit einer bunten M\u00e4nnchenschar und virtuellem Blumenregen aufheiterte.<\/p>\n<p>Sp\u00e4testens beim erregenden Auftritt der ugandischen Afro-Elektronik-Formation \u201eNihiloxica\u201c ist der Schalter definitiv umgelegt. Das wiederum taugte als beste Basis f\u00fcr das wohl kostbarste Gastspiel bei der 50. Festival-Ausgabe &#8211; einem Konzert der \u00e4thiopischen Band Fendika: Das ostafrikanische Land, welches Tim Isfort gerne in diesem Jahr noch viel umfassender in Moers pr\u00e4sentiert hatte, ist gleich in mehrerer Hinsicht eine Wiege der menschlichen Kultur &#8211; hat es doch mit seiner pentatonisch-repetetiven Musik den archaischen Prototypen f\u00fcr alle Rockmusik geliefert. So treibend und intensiv zelebriert dies Fendika, dass sich das niederl\u00e4ndische Schlagzeug-Urgestein Haan Bennink mit ganzer Spiellust einklinkt. Bennink hatte schon f\u00fcnfzig Festivals fr\u00fcher, n\u00e4mlich im Jahr 1972 an diesem Ort getrommelt. Dies nur auf dem Bildschirm zu verfolgen und nicht physisch einzutauchen, tut ganz besonders weh. Denn das \u201eist\u201c Moers!<\/p>\n<div class=\"tiled-gallery type-rectangular tiled-gallery-unresized\" data-original-width=\"840\" data-carousel-extra='{&quot;blog_id&quot;:1,&quot;permalink&quot;:&quot;https:\\\/\\\/www.jazzzeitung.de\\\/cms\\\/2021\\\/05\\\/auch-die-sonne-liess-sich-anstecken-das-50-moers-festival-gab-alles-und-weckt-hoffnung\\\/&quot;,&quot;likes_blog_id&quot;:55446655}' itemscope itemtype=\"http:\/\/schema.org\/ImageGallery\" > <div class=\"gallery-row\" style=\"width: 840px; height: 614px;\" data-original-width=\"840\" data-original-height=\"614\" > <div class=\"gallery-group images-1\" style=\"width: 491px; height: 614px;\" data-original-width=\"491\" data-original-height=\"614\" > <div class=\"tiled-gallery-item tiled-gallery-item-large\" itemprop=\"associatedMedia\" itemscope itemtype=\"http:\/\/schema.org\/ImageObject\"> <a href=\"https:\/\/www.jazzzeitung.de\/cms\/2021\/05\/auch-die-sonne-liess-sich-anstecken-das-50-moers-festival-gab-alles-und-weckt-hoffnung\/melaku-belay\/\" border=\"0\" itemprop=\"url\"> <meta itemprop=\"width\" content=\"487\"> <meta itemprop=\"height\" content=\"610\"> <img decoding=\"async\" class=\"\" data-attachment-id=\"24877\" data-orig-file=\"https:\/\/www.jazzzeitung.de\/cms\/wp-content\/uploads\/2021\/05\/Melaku-Belay-scaled.jpg\" data-orig-size=\"2045,2560\" data-comments-opened=\"1\" data-image-meta=\"{&quot;aperture&quot;:&quot;0&quot;,&quot;credit&quot;:&quot;&quot;,&quot;camera&quot;:&quot;&quot;,&quot;caption&quot;:&quot;&quot;,&quot;created_timestamp&quot;:&quot;0&quot;,&quot;copyright&quot;:&quot;&quot;,&quot;focal_length&quot;:&quot;0&quot;,&quot;iso&quot;:&quot;0&quot;,&quot;shutter_speed&quot;:&quot;0&quot;,&quot;title&quot;:&quot;&quot;,&quot;orientation&quot;:&quot;0&quot;}\" data-image-title=\"\" data-image-description=\"\" data-medium-file=\"https:\/\/i0.wp.com\/www.jazzzeitung.de\/cms\/wp-content\/uploads\/2021\/05\/Melaku-Belay-scaled.jpg?fit=240%2C300&#038;ssl=1\" data-large-file=\"https:\/\/i0.wp.com\/www.jazzzeitung.de\/cms\/wp-content\/uploads\/2021\/05\/Melaku-Belay-scaled.jpg?fit=479%2C600&#038;ssl=1\" src=\"https:\/\/i0.wp.com\/www.jazzzeitung.de\/cms\/wp-content\/uploads\/2021\/05\/Melaku-Belay-scaled.jpg?w=487&#038;h=610&#038;ssl=1\" srcset=\"https:\/\/i0.wp.com\/www.jazzzeitung.de\/cms\/wp-content\/uploads\/2021\/05\/Melaku-Belay-scaled.jpg?w=2045&amp;ssl=1 2045w, https:\/\/i0.wp.com\/www.jazzzeitung.de\/cms\/wp-content\/uploads\/2021\/05\/Melaku-Belay-scaled.jpg?resize=240%2C300&amp;ssl=1 240w, https:\/\/i0.wp.com\/www.jazzzeitung.de\/cms\/wp-content\/uploads\/2021\/05\/Melaku-Belay-scaled.jpg?resize=479%2C600&amp;ssl=1 479w, https:\/\/i0.wp.com\/www.jazzzeitung.de\/cms\/wp-content\/uploads\/2021\/05\/Melaku-Belay-scaled.jpg?resize=768%2C961&amp;ssl=1 768w, https:\/\/i0.wp.com\/www.jazzzeitung.de\/cms\/wp-content\/uploads\/2021\/05\/Melaku-Belay-scaled.jpg?resize=1227%2C1536&amp;ssl=1 1227w, https:\/\/i0.wp.com\/www.jazzzeitung.de\/cms\/wp-content\/uploads\/2021\/05\/Melaku-Belay-scaled.jpg?resize=1636%2C2048&amp;ssl=1 1636w, https:\/\/i0.wp.com\/www.jazzzeitung.de\/cms\/wp-content\/uploads\/2021\/05\/Melaku-Belay-scaled.jpg?resize=1320%2C1653&amp;ssl=1 1320w\" width=\"487\" height=\"610\" loading=\"lazy\" data-original-width=\"487\" data-original-height=\"610\" itemprop=\"http:\/\/schema.org\/image\" title=\"\" alt=\"Melaku Belay. Foto: Stefan Pieper\" style=\"width: 487px; height: 610px;\" \/> <\/a> <div class=\"tiled-gallery-caption\" itemprop=\"caption description\"> Melaku Belay. Foto: Stefan Pieper <\/div> <\/div> <\/div> <!-- close group --> <div class=\"gallery-group images-2\" style=\"width: 349px; height: 614px;\" data-original-width=\"349\" data-original-height=\"614\" > <div class=\"tiled-gallery-item tiled-gallery-item-large\" itemprop=\"associatedMedia\" itemscope itemtype=\"http:\/\/schema.org\/ImageObject\"> <a href=\"https:\/\/www.jazzzeitung.de\/cms\/2021\/05\/auch-die-sonne-liess-sich-anstecken-das-50-moers-festival-gab-alles-und-weckt-hoffnung\/hamid-drake\/\" border=\"0\" itemprop=\"url\"> <meta itemprop=\"width\" content=\"345\"> <meta itemprop=\"height\" content=\"376\"> <img decoding=\"async\" class=\"\" data-attachment-id=\"24876\" data-orig-file=\"https:\/\/www.jazzzeitung.de\/cms\/wp-content\/uploads\/2021\/05\/Hamid-Drake-scaled.jpg\" data-orig-size=\"2346,2560\" data-comments-opened=\"1\" data-image-meta=\"{&quot;aperture&quot;:&quot;0&quot;,&quot;credit&quot;:&quot;&quot;,&quot;camera&quot;:&quot;&quot;,&quot;caption&quot;:&quot;&quot;,&quot;created_timestamp&quot;:&quot;0&quot;,&quot;copyright&quot;:&quot;&quot;,&quot;focal_length&quot;:&quot;0&quot;,&quot;iso&quot;:&quot;0&quot;,&quot;shutter_speed&quot;:&quot;0&quot;,&quot;title&quot;:&quot;&quot;,&quot;orientation&quot;:&quot;0&quot;}\" data-image-title=\"\" data-image-description=\"\" data-medium-file=\"https:\/\/i0.wp.com\/www.jazzzeitung.de\/cms\/wp-content\/uploads\/2021\/05\/Hamid-Drake-scaled.jpg?fit=275%2C300&#038;ssl=1\" data-large-file=\"https:\/\/i0.wp.com\/www.jazzzeitung.de\/cms\/wp-content\/uploads\/2021\/05\/Hamid-Drake-scaled.jpg?fit=550%2C600&#038;ssl=1\" src=\"https:\/\/i0.wp.com\/www.jazzzeitung.de\/cms\/wp-content\/uploads\/2021\/05\/Hamid-Drake-scaled.jpg?w=345&#038;h=376&#038;ssl=1\" srcset=\"https:\/\/i0.wp.com\/www.jazzzeitung.de\/cms\/wp-content\/uploads\/2021\/05\/Hamid-Drake-scaled.jpg?w=2346&amp;ssl=1 2346w, https:\/\/i0.wp.com\/www.jazzzeitung.de\/cms\/wp-content\/uploads\/2021\/05\/Hamid-Drake-scaled.jpg?resize=275%2C300&amp;ssl=1 275w, https:\/\/i0.wp.com\/www.jazzzeitung.de\/cms\/wp-content\/uploads\/2021\/05\/Hamid-Drake-scaled.jpg?resize=550%2C600&amp;ssl=1 550w, https:\/\/i0.wp.com\/www.jazzzeitung.de\/cms\/wp-content\/uploads\/2021\/05\/Hamid-Drake-scaled.jpg?resize=768%2C838&amp;ssl=1 768w, https:\/\/i0.wp.com\/www.jazzzeitung.de\/cms\/wp-content\/uploads\/2021\/05\/Hamid-Drake-scaled.jpg?resize=1408%2C1536&amp;ssl=1 1408w, https:\/\/i0.wp.com\/www.jazzzeitung.de\/cms\/wp-content\/uploads\/2021\/05\/Hamid-Drake-scaled.jpg?resize=1877%2C2048&amp;ssl=1 1877w, https:\/\/i0.wp.com\/www.jazzzeitung.de\/cms\/wp-content\/uploads\/2021\/05\/Hamid-Drake-scaled.jpg?resize=1320%2C1440&amp;ssl=1 1320w, https:\/\/i0.wp.com\/www.jazzzeitung.de\/cms\/wp-content\/uploads\/2021\/05\/Hamid-Drake-scaled.jpg?w=1680&amp;ssl=1 1680w\" width=\"345\" height=\"376\" loading=\"lazy\" data-original-width=\"345\" data-original-height=\"376\" itemprop=\"http:\/\/schema.org\/image\" title=\"\" alt=\"Hamid Drake. Foto: Stefan Pieper\" style=\"width: 345px; height: 376px;\" \/> <\/a> <div class=\"tiled-gallery-caption\" itemprop=\"caption description\"> Hamid Drake. Foto: Stefan Pieper <\/div> <\/div> <div class=\"tiled-gallery-item tiled-gallery-item-large\" itemprop=\"associatedMedia\" itemscope itemtype=\"http:\/\/schema.org\/ImageObject\"> <a href=\"https:\/\/www.jazzzeitung.de\/cms\/2021\/05\/auch-die-sonne-liess-sich-anstecken-das-50-moers-festival-gab-alles-und-weckt-hoffnung\/ensemble-nist-nah-2\/\" border=\"0\" itemprop=\"url\"> <meta itemprop=\"width\" content=\"345\"> <meta itemprop=\"height\" content=\"230\"> <img decoding=\"async\" class=\"\" data-attachment-id=\"24875\" data-orig-file=\"https:\/\/www.jazzzeitung.de\/cms\/wp-content\/uploads\/2021\/05\/Ensemble-Nist-Nah-1-scaled.jpg\" data-orig-size=\"2560,1704\" data-comments-opened=\"1\" data-image-meta=\"{&quot;aperture&quot;:&quot;0&quot;,&quot;credit&quot;:&quot;&quot;,&quot;camera&quot;:&quot;&quot;,&quot;caption&quot;:&quot;&quot;,&quot;created_timestamp&quot;:&quot;0&quot;,&quot;copyright&quot;:&quot;&quot;,&quot;focal_length&quot;:&quot;0&quot;,&quot;iso&quot;:&quot;0&quot;,&quot;shutter_speed&quot;:&quot;0&quot;,&quot;title&quot;:&quot;&quot;,&quot;orientation&quot;:&quot;0&quot;}\" data-image-title=\"\" data-image-description=\"\" data-medium-file=\"https:\/\/i0.wp.com\/www.jazzzeitung.de\/cms\/wp-content\/uploads\/2021\/05\/Ensemble-Nist-Nah-1-scaled.jpg?fit=300%2C200&#038;ssl=1\" data-large-file=\"https:\/\/i0.wp.com\/www.jazzzeitung.de\/cms\/wp-content\/uploads\/2021\/05\/Ensemble-Nist-Nah-1-scaled.jpg?fit=840%2C560&#038;ssl=1\" src=\"https:\/\/i0.wp.com\/www.jazzzeitung.de\/cms\/wp-content\/uploads\/2021\/05\/Ensemble-Nist-Nah-1-scaled.jpg?w=345&#038;h=230&#038;ssl=1\" srcset=\"https:\/\/i0.wp.com\/www.jazzzeitung.de\/cms\/wp-content\/uploads\/2021\/05\/Ensemble-Nist-Nah-1-scaled.jpg?w=2560&amp;ssl=1 2560w, https:\/\/i0.wp.com\/www.jazzzeitung.de\/cms\/wp-content\/uploads\/2021\/05\/Ensemble-Nist-Nah-1-scaled.jpg?resize=300%2C200&amp;ssl=1 300w, https:\/\/i0.wp.com\/www.jazzzeitung.de\/cms\/wp-content\/uploads\/2021\/05\/Ensemble-Nist-Nah-1-scaled.jpg?resize=900%2C600&amp;ssl=1 900w, https:\/\/i0.wp.com\/www.jazzzeitung.de\/cms\/wp-content\/uploads\/2021\/05\/Ensemble-Nist-Nah-1-scaled.jpg?resize=768%2C511&amp;ssl=1 768w, https:\/\/i0.wp.com\/www.jazzzeitung.de\/cms\/wp-content\/uploads\/2021\/05\/Ensemble-Nist-Nah-1-scaled.jpg?resize=1536%2C1022&amp;ssl=1 1536w, https:\/\/i0.wp.com\/www.jazzzeitung.de\/cms\/wp-content\/uploads\/2021\/05\/Ensemble-Nist-Nah-1-scaled.jpg?resize=2048%2C1363&amp;ssl=1 2048w, https:\/\/i0.wp.com\/www.jazzzeitung.de\/cms\/wp-content\/uploads\/2021\/05\/Ensemble-Nist-Nah-1-scaled.jpg?resize=120%2C80&amp;ssl=1 120w, https:\/\/i0.wp.com\/www.jazzzeitung.de\/cms\/wp-content\/uploads\/2021\/05\/Ensemble-Nist-Nah-1-scaled.jpg?resize=1320%2C879&amp;ssl=1 1320w, https:\/\/i0.wp.com\/www.jazzzeitung.de\/cms\/wp-content\/uploads\/2021\/05\/Ensemble-Nist-Nah-1-scaled.jpg?w=1680&amp;ssl=1 1680w\" width=\"345\" height=\"230\" loading=\"lazy\" data-original-width=\"345\" data-original-height=\"230\" itemprop=\"http:\/\/schema.org\/image\" title=\"\" alt=\"Ensemble Nist-Nah. Foto: Stefan Pieper\" style=\"width: 345px; height: 230px;\" \/> <\/a> <div class=\"tiled-gallery-caption\" itemprop=\"caption description\"> Ensemble Nist-Nah. Foto: Stefan Pieper <\/div> <\/div> <\/div> <!-- close group --> <\/div> <!-- close row --> <\/div>\n<p>Diskussionen \u00fcber &#8222;H\u00f6hepunkte&#8220; laufen hier ins Leere, denn das Alleinstellungsmerkmal ist jene unvorhersehbare Vielschichtigkeit, in der jeder \u201esein\u201c eigenes Moers-Festival findet. Die 50. Ausgabe gl\u00e4nzte \u00fcberdies mit bestechendem k\u00fcnstlerischen Niveau als \u00fcbergreifendem Nenner s\u00e4mtlicher Beitr\u00e4ge. F\u00fcr manche m\u00f6gen die zupackend-energetischen Interaktionen des Sylvie-Courvoisier-Klaviertrios das Highlight sein, allein weil gerade Sylvier Courvoisier und ein strahlend euphorischer\u00a0 Joey Baron am Schlagzeug sich von der Energie mit &#8222;echtem\u201c Live-Publikum h\u00f6rbar anstecken lie\u00dfen. Andere hatten ihre Sternstunde in den vielen exquisiten Klang-Offenbarungen in der Festivalhalle &#8211; etwa bei der faszinierenden Minimal Music eines Julius Eastman &#8211;\u00a0 oder in der spektakul\u00e4r verfeinerten \u201eMusique Concrete\u201c seitens des gro\u00dfbesetzten \u201eOrchestra of New Musical Creations and Experimentations\u201c aus Frankreich. Mit welcher Sinnlichkeit Jazz auch in sinfonische Streicherapparate eindringen kann, zeigte das serbische Orchester Schime und Muzikon. Auch auf dem Balken spr\u00fcht die Gegenwarts-Musikkultur &#8211; gerade in den Randbereiche von Jazz. Wer lange genug selbst in Moers sozialisiert wurde, taucht selbstverst\u00e4ndlich in all dies ein &#8211; und damit erf\u00fcllt Moers nun schon \u00fcber f\u00fcnf Jahrzehnte einen gro\u00dfen Bildungsauftrag.<\/p>\n<p>Das Kernanliegen bleibt die aufr\u00fchrerische, kreative Gegenwart &#8211; so wie es im Jahr 1972 Peter Br\u00f6tzmann im Schlosshof auf seinem Sax proklamierte. Junge Menschen aus vielen Subkulturen der Avantgarde setzen dem heute ihre neuen, eigenen Spielarten entgegen: Die brachialen, auch elektronisch manipulierten Stimmattacken der Britin Elvin Brandhi versetzt wohl so manchen Spazierg\u00e4nger au\u00dferhalb dese Freiluft-Konzertgel\u00e4ndes in Angst und Schrecken &#8211; aber ihr improvisierter Dialog mit dem Bassisten Joel Grip verzaubert trotz aller Dissonanz mit sehr viel menschlicher Unmittelbarkeit.<\/p>\n<p>So etwas wird gebraucht &#8211; gerade in Tagen, wo sich eine bedrohte Kultur viel zu leise verh\u00e4lt. So sieht das auch der Festivalleiter Tim Isfort, der mit der programmatischen Leitidee vom &#8222;Kampf um die Zukunft&#8220; auf Ray Bradburys Roman \u201eFahrenheit 451\u201c anspielt. Man erinnere sich: Es geht in diesem Klassiker um eine nicht so ferne Zukunft, in der die Welt \u201esicher\u201c geworden ist. So sicher, dass die Feuerwehr in ihrem bisherigen T\u00e4tigkeitsfeld arbeitslos geworden ist und nun ausr\u00fcckt, um B\u00fccher zu verbrennen. Denn der zwischen zwei Buchdeckeln konservierte freie Geist bedroht nun einmal die \u201eSicherheit.\u201c Die daraus abgeleiteten Einspielungen und Anspielungen in Gestalt vieler szenischer Elemente und surrealer Videoeinspielungen im Livestream h\u00e4tten durchaus etwas weniger vage ausfallen k\u00f6nnen &#8211;\u00a0 aber sie verdichteten die Musikerlebnisse, unterstrichen, dass all dies, was hier gerade in Moers passiert, zum K\u00e4mpfen ermutigen und Hoffnungen wecken soll. Eben so wie das Festivalplakat mit seiner z\u00e4rtlichen Umarmung &#8211; einem Zufalls-Schnappschuss irgendwann aus den fr\u00fchen 1970ern. In Zeiten von Pandemie und Abstandsgeboten ist dies wie eine Botschaft aus einer fernen Galaxis.<\/p>\n<p>Das Genormte und Weichgesp\u00fclte ist etwas f\u00fcr Menschen, die mit aufbl\u00fchender Fantasie nichts anfangen k\u00f6nnen. Und Viervierteltakt und Durtonleitern eben f\u00fcr jene, \u00fcber die noch nicht die schrille Extrem-Performance des franz\u00f6sische Progrock-Avantgarde-Oktetts &#8222;Sbam&#8220; herein gebrochen ist.\u00a0 Anarchisch und kunstvoll wirkte deren Strudel aus bizarren Metren und Tonskalen, exaltierten Gesangsparts in einer nicht existenten Fantasiesprache und auch hier stand ein dystopischer Roman Pate f\u00fcr das aktuelle Projekt. Das alles gemahnt irgendwie auch an das legend\u00e4re franz\u00f6sische Underground-Kollektiv &#8222;Magma&#8220; &#8211; welches auch dringend mal nach Moers geh\u00f6rt, sofern diese Truppe noch bestehen sollte. Von den Ideen-Explosionen von &#8222;Sbam&#8220; lie\u00df sich sogar die Sonne anstecken, die in diesem Moment alles gab. Und irgendwie hat &#8222;Sbam&#8220; auch dem eigentlichen Finale, der routiniert-kultivierten Gitarren-Noise-Begegnung von Fred Frith, Ava Mendzoa und Orem Ambarchi reichlich die Show gestohlen.<\/p>\n<p>&#8222;Im n\u00e4chsten Jahr wird es wieder wie 1972!&#8220; hatte Jan Klare, Kurator der Moers-Sessions seinem Publikum zugerufen. Mit dem neun Freiluftareal im Park als hervorragende Erg\u00e4nzung zur Festivalhalle steht schon mal eine hervorragende Infrastruktur f\u00fcr einen &#8222;echten&#8220; Neubeginn der Zukunft in Moers bereit.<\/p>\n<p>Stefan Pieper<\/p>\n<p>Beitragsbild : Brad Mehldau (Foto: Stefan Pieper)<\/p>\n<p>&nbsp;<\/p>\n<p>&nbsp;<\/p>\n","protected":false},"excerpt":{"rendered":"<p>Kultur f\u00e4llt nicht einfach vom Himmel, wenn man nur lange genug auf sie verzichtet. Stattdessen zogen in Moers zahllose Musikerinnen und Musiker aus etlichen Nationen und dahinter ein hochmotiviertes Veranstalterteam s\u00e4mtliche Register der Improvisation. Als der legend\u00e4re John Scofield alleine mit seiner Gitarre vor fast 500 Musikbegeisterten einen sanften Blues spielte und auch jeder Avantgarde-Ambition in w\u00e4rmender Entspanntheit entsagte, war die Moerser Festivalgeschichte um einen Moment reicher, der vielleicht in 20 oder gar 50 Jahren weiter erz\u00e4hlt wird&#8230;\u00a0 Sozusagen in allerletzter Minute hatten sich Lichtblicke aufgetan. Die neuen Pandemie-Verordnungen erlaubten zwar kein Publikumsfestival, wohl aber Freiluftkonzerte. Also wurden mit Unterst\u00fctzung der Stadt Moers kurzfristig vier unabh\u00e4ngige Sonderkonzerte auf die Beine gestellt. Der &#8222;letzte Versuch der Unterwanderung der abenteuerlichen Regelungen.&#8220; (so Tim Isfort) ist damit gegl\u00fcckt, um &#8222;Moers&#8220; auch wieder auf der analogen Ebene f\u00fchlbar zu machen. Hinzu kam, dass ein Gro\u00dfteil des geplanten Line-ups kurzfristig noch gerettet werden konnte, da das Bundeskulturministerium f\u00fcr z\u00fcgige Einreise-Bewilligungen gesorgt hatte. Es braucht erstmal eine gewisse Anlaufzeit, damit sich Musik und Publikum n\u00e4her kamen: Regendicht eingepackt halten bis zu 500 Musikbegeisterte auch am extrem feuchten Pfingstsamstag durch. \u00a0Melancholisch flutet &hellip;<\/p>\n","protected":false},"author":18,"featured_media":24872,"comment_status":"open","ping_status":"closed","sticky":false,"template":"","format":"standard","meta":{"_jetpack_memberships_contains_paid_content":false,"footnotes":"","jetpack_publicize_message":"","jetpack_publicize_feature_enabled":true,"jetpack_social_post_already_shared":false,"jetpack_social_options":{"image_generator_settings":{"template":"highway","default_image_id":0,"font":"","enabled":false},"version":2}},"categories":[1053,652],"tags":[3410,3411,3413,3408,3414,3405,3409,396,1133],"coauthors":[695],"class_list":["post-24867","post","type-post","status-publish","format-standard","has-post-thumbnail","hentry","category-bericht","category-galerie","tag-brandhi","tag-ensemble-nist-nah","tag-hamil-drake","tag-isfort","tag-jan-klare","tag-mehldau","tag-mendoza","tag-moers","tag-scofield"],"yoast_head":"<!-- This site is optimized with the Yoast SEO plugin v27.5 - https:\/\/yoast.com\/product\/yoast-seo-wordpress\/ -->\n<title>Auch die Sonne lie\u00df sich anstecken: Das 50. Moers-Festival gab alles und weckt Hoffnung - JazzZeitung<\/title>\n<meta name=\"robots\" content=\"index, follow, max-snippet:-1, max-image-preview:large, max-video-preview:-1\" \/>\n<link rel=\"canonical\" href=\"https:\/\/www.jazzzeitung.de\/cms\/2021\/05\/auch-die-sonne-liess-sich-anstecken-das-50-moers-festival-gab-alles-und-weckt-hoffnung\/\" \/>\n<meta property=\"og:locale\" content=\"de_DE\" \/>\n<meta property=\"og:type\" content=\"article\" \/>\n<meta property=\"og:title\" content=\"Auch die Sonne lie\u00df sich anstecken: Das 50. Moers-Festival gab alles und weckt Hoffnung - JazzZeitung\" \/>\n<meta property=\"og:description\" content=\"Kultur f\u00e4llt nicht einfach vom Himmel, wenn man nur lange genug auf sie verzichtet. Stattdessen zogen in Moers zahllose Musikerinnen und Musiker aus etlichen Nationen und dahinter ein hochmotiviertes Veranstalterteam s\u00e4mtliche Register der Improvisation. Als der legend\u00e4re John Scofield alleine mit seiner Gitarre vor fast 500 Musikbegeisterten einen sanften Blues spielte und auch jeder Avantgarde-Ambition in w\u00e4rmender Entspanntheit entsagte, war die Moerser Festivalgeschichte um einen Moment reicher, der vielleicht in 20 oder gar 50 Jahren weiter erz\u00e4hlt wird&#8230;\u00a0 Sozusagen in allerletzter Minute hatten sich Lichtblicke aufgetan. Die neuen Pandemie-Verordnungen erlaubten zwar kein Publikumsfestival, wohl aber Freiluftkonzerte. Also wurden mit Unterst\u00fctzung der Stadt Moers kurzfristig vier unabh\u00e4ngige Sonderkonzerte auf die Beine gestellt. Der &#8222;letzte Versuch der Unterwanderung der abenteuerlichen Regelungen.&#8220; (so Tim Isfort) ist damit gegl\u00fcckt, um &#8222;Moers&#8220; auch wieder auf der analogen Ebene f\u00fchlbar zu machen. Hinzu kam, dass ein Gro\u00dfteil des geplanten Line-ups kurzfristig noch gerettet werden konnte, da das Bundeskulturministerium f\u00fcr z\u00fcgige Einreise-Bewilligungen gesorgt hatte. Es braucht erstmal eine gewisse Anlaufzeit, damit sich Musik und Publikum n\u00e4her kamen: Regendicht eingepackt halten bis zu 500 Musikbegeisterte auch am extrem feuchten Pfingstsamstag durch. \u00a0Melancholisch flutet &hellip;\" \/>\n<meta property=\"og:url\" content=\"https:\/\/www.jazzzeitung.de\/cms\/2021\/05\/auch-die-sonne-liess-sich-anstecken-das-50-moers-festival-gab-alles-und-weckt-hoffnung\/\" \/>\n<meta property=\"og:site_name\" content=\"JazzZeitung\" \/>\n<meta property=\"article:publisher\" content=\"https:\/\/www.facebook.com\/JazzZeitung\/\" \/>\n<meta property=\"article:published_time\" content=\"2021-05-27T14:15:48+00:00\" \/>\n<meta property=\"article:modified_time\" content=\"2021-05-27T14:58:18+00:00\" \/>\n<meta property=\"og:image\" content=\"https:\/\/i0.wp.com\/www.jazzzeitung.de\/cms\/wp-content\/uploads\/2021\/05\/Brad-Mehldau-scaled.jpg?fit=2511%2C2560&ssl=1\" \/>\n\t<meta property=\"og:image:width\" content=\"2511\" \/>\n\t<meta property=\"og:image:height\" content=\"2560\" \/>\n\t<meta property=\"og:image:type\" content=\"image\/jpeg\" \/>\n<meta name=\"author\" content=\"Redaktion JazzZeitung\" \/>\n<script type=\"application\/ld+json\" class=\"yoast-schema-graph\">{\"@context\":\"https:\\\/\\\/schema.org\",\"@graph\":[{\"@type\":\"Article\",\"@id\":\"https:\\\/\\\/www.jazzzeitung.de\\\/cms\\\/2021\\\/05\\\/auch-die-sonne-liess-sich-anstecken-das-50-moers-festival-gab-alles-und-weckt-hoffnung\\\/#article\",\"isPartOf\":{\"@id\":\"https:\\\/\\\/www.jazzzeitung.de\\\/cms\\\/2021\\\/05\\\/auch-die-sonne-liess-sich-anstecken-das-50-moers-festival-gab-alles-und-weckt-hoffnung\\\/\"},\"author\":{\"name\":\"Redaktion JazzZeitung\",\"@id\":\"https:\\\/\\\/www.jazzzeitung.de\\\/cms\\\/#\\\/schema\\\/person\\\/2245b36b9cd1d24cea10f01c031fb92b\"},\"headline\":\"Auch die Sonne lie\u00df sich anstecken: Das 50. Moers-Festival gab alles und weckt Hoffnung\",\"datePublished\":\"2021-05-27T14:15:48+00:00\",\"dateModified\":\"2021-05-27T14:58:18+00:00\",\"mainEntityOfPage\":{\"@id\":\"https:\\\/\\\/www.jazzzeitung.de\\\/cms\\\/2021\\\/05\\\/auch-die-sonne-liess-sich-anstecken-das-50-moers-festival-gab-alles-und-weckt-hoffnung\\\/\"},\"wordCount\":1052,\"commentCount\":0,\"publisher\":{\"@id\":\"https:\\\/\\\/www.jazzzeitung.de\\\/cms\\\/#organization\"},\"image\":{\"@id\":\"https:\\\/\\\/www.jazzzeitung.de\\\/cms\\\/2021\\\/05\\\/auch-die-sonne-liess-sich-anstecken-das-50-moers-festival-gab-alles-und-weckt-hoffnung\\\/#primaryimage\"},\"thumbnailUrl\":\"https:\\\/\\\/i0.wp.com\\\/www.jazzzeitung.de\\\/cms\\\/wp-content\\\/uploads\\\/2021\\\/05\\\/Brad-Mehldau-scaled.jpg?fit=2511%2C2560&ssl=1\",\"keywords\":[\"Brandhi\",\"Ensemble Nist-Nah\",\"Hamil Drake\",\"Isfort\",\"Jan KLare\",\"Mehldau\",\"Mendoza\",\"Moers\",\"Scofield\"],\"articleSection\":[\"Bericht\",\"Galerie\"],\"inLanguage\":\"de\",\"potentialAction\":[{\"@type\":\"CommentAction\",\"name\":\"Comment\",\"target\":[\"https:\\\/\\\/www.jazzzeitung.de\\\/cms\\\/2021\\\/05\\\/auch-die-sonne-liess-sich-anstecken-das-50-moers-festival-gab-alles-und-weckt-hoffnung\\\/#respond\"]}]},{\"@type\":\"WebPage\",\"@id\":\"https:\\\/\\\/www.jazzzeitung.de\\\/cms\\\/2021\\\/05\\\/auch-die-sonne-liess-sich-anstecken-das-50-moers-festival-gab-alles-und-weckt-hoffnung\\\/\",\"url\":\"https:\\\/\\\/www.jazzzeitung.de\\\/cms\\\/2021\\\/05\\\/auch-die-sonne-liess-sich-anstecken-das-50-moers-festival-gab-alles-und-weckt-hoffnung\\\/\",\"name\":\"Auch die Sonne lie\u00df sich anstecken: Das 50. Moers-Festival gab alles und weckt Hoffnung - JazzZeitung\",\"isPartOf\":{\"@id\":\"https:\\\/\\\/www.jazzzeitung.de\\\/cms\\\/#website\"},\"primaryImageOfPage\":{\"@id\":\"https:\\\/\\\/www.jazzzeitung.de\\\/cms\\\/2021\\\/05\\\/auch-die-sonne-liess-sich-anstecken-das-50-moers-festival-gab-alles-und-weckt-hoffnung\\\/#primaryimage\"},\"image\":{\"@id\":\"https:\\\/\\\/www.jazzzeitung.de\\\/cms\\\/2021\\\/05\\\/auch-die-sonne-liess-sich-anstecken-das-50-moers-festival-gab-alles-und-weckt-hoffnung\\\/#primaryimage\"},\"thumbnailUrl\":\"https:\\\/\\\/i0.wp.com\\\/www.jazzzeitung.de\\\/cms\\\/wp-content\\\/uploads\\\/2021\\\/05\\\/Brad-Mehldau-scaled.jpg?fit=2511%2C2560&ssl=1\",\"datePublished\":\"2021-05-27T14:15:48+00:00\",\"dateModified\":\"2021-05-27T14:58:18+00:00\",\"breadcrumb\":{\"@id\":\"https:\\\/\\\/www.jazzzeitung.de\\\/cms\\\/2021\\\/05\\\/auch-die-sonne-liess-sich-anstecken-das-50-moers-festival-gab-alles-und-weckt-hoffnung\\\/#breadcrumb\"},\"inLanguage\":\"de\",\"potentialAction\":[{\"@type\":\"ReadAction\",\"target\":[\"https:\\\/\\\/www.jazzzeitung.de\\\/cms\\\/2021\\\/05\\\/auch-die-sonne-liess-sich-anstecken-das-50-moers-festival-gab-alles-und-weckt-hoffnung\\\/\"]}]},{\"@type\":\"ImageObject\",\"inLanguage\":\"de\",\"@id\":\"https:\\\/\\\/www.jazzzeitung.de\\\/cms\\\/2021\\\/05\\\/auch-die-sonne-liess-sich-anstecken-das-50-moers-festival-gab-alles-und-weckt-hoffnung\\\/#primaryimage\",\"url\":\"https:\\\/\\\/i0.wp.com\\\/www.jazzzeitung.de\\\/cms\\\/wp-content\\\/uploads\\\/2021\\\/05\\\/Brad-Mehldau-scaled.jpg?fit=2511%2C2560&ssl=1\",\"contentUrl\":\"https:\\\/\\\/i0.wp.com\\\/www.jazzzeitung.de\\\/cms\\\/wp-content\\\/uploads\\\/2021\\\/05\\\/Brad-Mehldau-scaled.jpg?fit=2511%2C2560&ssl=1\",\"width\":2511,\"height\":2560},{\"@type\":\"BreadcrumbList\",\"@id\":\"https:\\\/\\\/www.jazzzeitung.de\\\/cms\\\/2021\\\/05\\\/auch-die-sonne-liess-sich-anstecken-das-50-moers-festival-gab-alles-und-weckt-hoffnung\\\/#breadcrumb\",\"itemListElement\":[{\"@type\":\"ListItem\",\"position\":1,\"name\":\"Startseite\",\"item\":\"https:\\\/\\\/www.jazzzeitung.de\\\/cms\\\/\"},{\"@type\":\"ListItem\",\"position\":2,\"name\":\"Auch die Sonne lie\u00df sich anstecken: Das 50. Moers-Festival gab alles und weckt Hoffnung\"}]},{\"@type\":\"WebSite\",\"@id\":\"https:\\\/\\\/www.jazzzeitung.de\\\/cms\\\/#website\",\"url\":\"https:\\\/\\\/www.jazzzeitung.de\\\/cms\\\/\",\"name\":\"JazzZeitung\",\"description\":\"Jazz-News und Jazz-Kontroverses\",\"publisher\":{\"@id\":\"https:\\\/\\\/www.jazzzeitung.de\\\/cms\\\/#organization\"},\"potentialAction\":[{\"@type\":\"SearchAction\",\"target\":{\"@type\":\"EntryPoint\",\"urlTemplate\":\"https:\\\/\\\/www.jazzzeitung.de\\\/cms\\\/?s={search_term_string}\"},\"query-input\":{\"@type\":\"PropertyValueSpecification\",\"valueRequired\":true,\"valueName\":\"search_term_string\"}}],\"inLanguage\":\"de\"},{\"@type\":\"Organization\",\"@id\":\"https:\\\/\\\/www.jazzzeitung.de\\\/cms\\\/#organization\",\"name\":\"JazzZeitung online\",\"url\":\"https:\\\/\\\/www.jazzzeitung.de\\\/cms\\\/\",\"logo\":{\"@type\":\"ImageObject\",\"inLanguage\":\"de\",\"@id\":\"https:\\\/\\\/www.jazzzeitung.de\\\/cms\\\/#\\\/schema\\\/logo\\\/image\\\/\",\"url\":\"https:\\\/\\\/i0.wp.com\\\/www.jazzzeitung.de\\\/cms\\\/wp-content\\\/uploads\\\/2015\\\/08\\\/JAZZZEITUNGDE_Logo_Neu.png?fit=499%2C200&ssl=1\",\"contentUrl\":\"https:\\\/\\\/i0.wp.com\\\/www.jazzzeitung.de\\\/cms\\\/wp-content\\\/uploads\\\/2015\\\/08\\\/JAZZZEITUNGDE_Logo_Neu.png?fit=499%2C200&ssl=1\",\"width\":499,\"height\":200,\"caption\":\"JazzZeitung online\"},\"image\":{\"@id\":\"https:\\\/\\\/www.jazzzeitung.de\\\/cms\\\/#\\\/schema\\\/logo\\\/image\\\/\"},\"sameAs\":[\"https:\\\/\\\/www.facebook.com\\\/JazzZeitung\\\/\"]},{\"@type\":\"Person\",\"@id\":\"https:\\\/\\\/www.jazzzeitung.de\\\/cms\\\/#\\\/schema\\\/person\\\/2245b36b9cd1d24cea10f01c031fb92b\",\"name\":\"Redaktion JazzZeitung\",\"image\":{\"@type\":\"ImageObject\",\"inLanguage\":\"de\",\"@id\":\"https:\\\/\\\/i0.wp.com\\\/www.jazzzeitung.de\\\/cms\\\/wp-content\\\/uploads\\\/2015\\\/08\\\/JAZZZEITUNGDE_Logo_Neu.png?resize=96%2C96&ssl=159975dcacb611b5700bd619b5daf0a7a\",\"url\":\"https:\\\/\\\/i0.wp.com\\\/www.jazzzeitung.de\\\/cms\\\/wp-content\\\/uploads\\\/2015\\\/08\\\/JAZZZEITUNGDE_Logo_Neu.png?resize=96%2C96&ssl=1\",\"contentUrl\":\"https:\\\/\\\/i0.wp.com\\\/www.jazzzeitung.de\\\/cms\\\/wp-content\\\/uploads\\\/2015\\\/08\\\/JAZZZEITUNGDE_Logo_Neu.png?resize=96%2C96&ssl=1\",\"caption\":\"Redaktion JazzZeitung\"},\"description\":\"Artikel der Redaktion der JazzZeitung.\",\"sameAs\":[\"http:\\\/\\\/www.jazzzeitung.de\\\/cms\\\/\"],\"url\":\"https:\\\/\\\/www.jazzzeitung.de\\\/cms\\\/author\\\/redaktion\\\/\"}]}<\/script>\n<!-- \/ Yoast SEO plugin. -->","yoast_head_json":{"title":"Auch die Sonne lie\u00df sich anstecken: Das 50. Moers-Festival gab alles und weckt Hoffnung - JazzZeitung","robots":{"index":"index","follow":"follow","max-snippet":"max-snippet:-1","max-image-preview":"max-image-preview:large","max-video-preview":"max-video-preview:-1"},"canonical":"https:\/\/www.jazzzeitung.de\/cms\/2021\/05\/auch-die-sonne-liess-sich-anstecken-das-50-moers-festival-gab-alles-und-weckt-hoffnung\/","og_locale":"de_DE","og_type":"article","og_title":"Auch die Sonne lie\u00df sich anstecken: Das 50. Moers-Festival gab alles und weckt Hoffnung - JazzZeitung","og_description":"Kultur f\u00e4llt nicht einfach vom Himmel, wenn man nur lange genug auf sie verzichtet. Stattdessen zogen in Moers zahllose Musikerinnen und Musiker aus etlichen Nationen und dahinter ein hochmotiviertes Veranstalterteam s\u00e4mtliche Register der Improvisation. Als der legend\u00e4re John Scofield alleine mit seiner Gitarre vor fast 500 Musikbegeisterten einen sanften Blues spielte und auch jeder Avantgarde-Ambition in w\u00e4rmender Entspanntheit entsagte, war die Moerser Festivalgeschichte um einen Moment reicher, der vielleicht in 20 oder gar 50 Jahren weiter erz\u00e4hlt wird&#8230;\u00a0 Sozusagen in allerletzter Minute hatten sich Lichtblicke aufgetan. Die neuen Pandemie-Verordnungen erlaubten zwar kein Publikumsfestival, wohl aber Freiluftkonzerte. Also wurden mit Unterst\u00fctzung der Stadt Moers kurzfristig vier unabh\u00e4ngige Sonderkonzerte auf die Beine gestellt. Der &#8222;letzte Versuch der Unterwanderung der abenteuerlichen Regelungen.&#8220; (so Tim Isfort) ist damit gegl\u00fcckt, um &#8222;Moers&#8220; auch wieder auf der analogen Ebene f\u00fchlbar zu machen. Hinzu kam, dass ein Gro\u00dfteil des geplanten Line-ups kurzfristig noch gerettet werden konnte, da das Bundeskulturministerium f\u00fcr z\u00fcgige Einreise-Bewilligungen gesorgt hatte. Es braucht erstmal eine gewisse Anlaufzeit, damit sich Musik und Publikum n\u00e4her kamen: Regendicht eingepackt halten bis zu 500 Musikbegeisterte auch am extrem feuchten Pfingstsamstag durch. \u00a0Melancholisch flutet &hellip;","og_url":"https:\/\/www.jazzzeitung.de\/cms\/2021\/05\/auch-die-sonne-liess-sich-anstecken-das-50-moers-festival-gab-alles-und-weckt-hoffnung\/","og_site_name":"JazzZeitung","article_publisher":"https:\/\/www.facebook.com\/JazzZeitung\/","article_published_time":"2021-05-27T14:15:48+00:00","article_modified_time":"2021-05-27T14:58:18+00:00","og_image":[{"width":2511,"height":2560,"url":"https:\/\/i0.wp.com\/www.jazzzeitung.de\/cms\/wp-content\/uploads\/2021\/05\/Brad-Mehldau-scaled.jpg?fit=2511%2C2560&ssl=1","type":"image\/jpeg"}],"author":"Redaktion JazzZeitung","schema":{"@context":"https:\/\/schema.org","@graph":[{"@type":"Article","@id":"https:\/\/www.jazzzeitung.de\/cms\/2021\/05\/auch-die-sonne-liess-sich-anstecken-das-50-moers-festival-gab-alles-und-weckt-hoffnung\/#article","isPartOf":{"@id":"https:\/\/www.jazzzeitung.de\/cms\/2021\/05\/auch-die-sonne-liess-sich-anstecken-das-50-moers-festival-gab-alles-und-weckt-hoffnung\/"},"author":{"name":"Redaktion JazzZeitung","@id":"https:\/\/www.jazzzeitung.de\/cms\/#\/schema\/person\/2245b36b9cd1d24cea10f01c031fb92b"},"headline":"Auch die Sonne lie\u00df sich anstecken: Das 50. Moers-Festival gab alles und weckt Hoffnung","datePublished":"2021-05-27T14:15:48+00:00","dateModified":"2021-05-27T14:58:18+00:00","mainEntityOfPage":{"@id":"https:\/\/www.jazzzeitung.de\/cms\/2021\/05\/auch-die-sonne-liess-sich-anstecken-das-50-moers-festival-gab-alles-und-weckt-hoffnung\/"},"wordCount":1052,"commentCount":0,"publisher":{"@id":"https:\/\/www.jazzzeitung.de\/cms\/#organization"},"image":{"@id":"https:\/\/www.jazzzeitung.de\/cms\/2021\/05\/auch-die-sonne-liess-sich-anstecken-das-50-moers-festival-gab-alles-und-weckt-hoffnung\/#primaryimage"},"thumbnailUrl":"https:\/\/i0.wp.com\/www.jazzzeitung.de\/cms\/wp-content\/uploads\/2021\/05\/Brad-Mehldau-scaled.jpg?fit=2511%2C2560&ssl=1","keywords":["Brandhi","Ensemble Nist-Nah","Hamil Drake","Isfort","Jan KLare","Mehldau","Mendoza","Moers","Scofield"],"articleSection":["Bericht","Galerie"],"inLanguage":"de","potentialAction":[{"@type":"CommentAction","name":"Comment","target":["https:\/\/www.jazzzeitung.de\/cms\/2021\/05\/auch-die-sonne-liess-sich-anstecken-das-50-moers-festival-gab-alles-und-weckt-hoffnung\/#respond"]}]},{"@type":"WebPage","@id":"https:\/\/www.jazzzeitung.de\/cms\/2021\/05\/auch-die-sonne-liess-sich-anstecken-das-50-moers-festival-gab-alles-und-weckt-hoffnung\/","url":"https:\/\/www.jazzzeitung.de\/cms\/2021\/05\/auch-die-sonne-liess-sich-anstecken-das-50-moers-festival-gab-alles-und-weckt-hoffnung\/","name":"Auch die Sonne lie\u00df sich anstecken: Das 50. Moers-Festival gab alles und weckt Hoffnung - JazzZeitung","isPartOf":{"@id":"https:\/\/www.jazzzeitung.de\/cms\/#website"},"primaryImageOfPage":{"@id":"https:\/\/www.jazzzeitung.de\/cms\/2021\/05\/auch-die-sonne-liess-sich-anstecken-das-50-moers-festival-gab-alles-und-weckt-hoffnung\/#primaryimage"},"image":{"@id":"https:\/\/www.jazzzeitung.de\/cms\/2021\/05\/auch-die-sonne-liess-sich-anstecken-das-50-moers-festival-gab-alles-und-weckt-hoffnung\/#primaryimage"},"thumbnailUrl":"https:\/\/i0.wp.com\/www.jazzzeitung.de\/cms\/wp-content\/uploads\/2021\/05\/Brad-Mehldau-scaled.jpg?fit=2511%2C2560&ssl=1","datePublished":"2021-05-27T14:15:48+00:00","dateModified":"2021-05-27T14:58:18+00:00","breadcrumb":{"@id":"https:\/\/www.jazzzeitung.de\/cms\/2021\/05\/auch-die-sonne-liess-sich-anstecken-das-50-moers-festival-gab-alles-und-weckt-hoffnung\/#breadcrumb"},"inLanguage":"de","potentialAction":[{"@type":"ReadAction","target":["https:\/\/www.jazzzeitung.de\/cms\/2021\/05\/auch-die-sonne-liess-sich-anstecken-das-50-moers-festival-gab-alles-und-weckt-hoffnung\/"]}]},{"@type":"ImageObject","inLanguage":"de","@id":"https:\/\/www.jazzzeitung.de\/cms\/2021\/05\/auch-die-sonne-liess-sich-anstecken-das-50-moers-festival-gab-alles-und-weckt-hoffnung\/#primaryimage","url":"https:\/\/i0.wp.com\/www.jazzzeitung.de\/cms\/wp-content\/uploads\/2021\/05\/Brad-Mehldau-scaled.jpg?fit=2511%2C2560&ssl=1","contentUrl":"https:\/\/i0.wp.com\/www.jazzzeitung.de\/cms\/wp-content\/uploads\/2021\/05\/Brad-Mehldau-scaled.jpg?fit=2511%2C2560&ssl=1","width":2511,"height":2560},{"@type":"BreadcrumbList","@id":"https:\/\/www.jazzzeitung.de\/cms\/2021\/05\/auch-die-sonne-liess-sich-anstecken-das-50-moers-festival-gab-alles-und-weckt-hoffnung\/#breadcrumb","itemListElement":[{"@type":"ListItem","position":1,"name":"Startseite","item":"https:\/\/www.jazzzeitung.de\/cms\/"},{"@type":"ListItem","position":2,"name":"Auch die Sonne lie\u00df sich anstecken: Das 50. Moers-Festival gab alles und weckt Hoffnung"}]},{"@type":"WebSite","@id":"https:\/\/www.jazzzeitung.de\/cms\/#website","url":"https:\/\/www.jazzzeitung.de\/cms\/","name":"JazzZeitung","description":"Jazz-News und Jazz-Kontroverses","publisher":{"@id":"https:\/\/www.jazzzeitung.de\/cms\/#organization"},"potentialAction":[{"@type":"SearchAction","target":{"@type":"EntryPoint","urlTemplate":"https:\/\/www.jazzzeitung.de\/cms\/?s={search_term_string}"},"query-input":{"@type":"PropertyValueSpecification","valueRequired":true,"valueName":"search_term_string"}}],"inLanguage":"de"},{"@type":"Organization","@id":"https:\/\/www.jazzzeitung.de\/cms\/#organization","name":"JazzZeitung online","url":"https:\/\/www.jazzzeitung.de\/cms\/","logo":{"@type":"ImageObject","inLanguage":"de","@id":"https:\/\/www.jazzzeitung.de\/cms\/#\/schema\/logo\/image\/","url":"https:\/\/i0.wp.com\/www.jazzzeitung.de\/cms\/wp-content\/uploads\/2015\/08\/JAZZZEITUNGDE_Logo_Neu.png?fit=499%2C200&ssl=1","contentUrl":"https:\/\/i0.wp.com\/www.jazzzeitung.de\/cms\/wp-content\/uploads\/2015\/08\/JAZZZEITUNGDE_Logo_Neu.png?fit=499%2C200&ssl=1","width":499,"height":200,"caption":"JazzZeitung online"},"image":{"@id":"https:\/\/www.jazzzeitung.de\/cms\/#\/schema\/logo\/image\/"},"sameAs":["https:\/\/www.facebook.com\/JazzZeitung\/"]},{"@type":"Person","@id":"https:\/\/www.jazzzeitung.de\/cms\/#\/schema\/person\/2245b36b9cd1d24cea10f01c031fb92b","name":"Redaktion JazzZeitung","image":{"@type":"ImageObject","inLanguage":"de","@id":"https:\/\/i0.wp.com\/www.jazzzeitung.de\/cms\/wp-content\/uploads\/2015\/08\/JAZZZEITUNGDE_Logo_Neu.png?resize=96%2C96&ssl=159975dcacb611b5700bd619b5daf0a7a","url":"https:\/\/i0.wp.com\/www.jazzzeitung.de\/cms\/wp-content\/uploads\/2015\/08\/JAZZZEITUNGDE_Logo_Neu.png?resize=96%2C96&ssl=1","contentUrl":"https:\/\/i0.wp.com\/www.jazzzeitung.de\/cms\/wp-content\/uploads\/2015\/08\/JAZZZEITUNGDE_Logo_Neu.png?resize=96%2C96&ssl=1","caption":"Redaktion JazzZeitung"},"description":"Artikel der Redaktion der JazzZeitung.","sameAs":["http:\/\/www.jazzzeitung.de\/cms\/"],"url":"https:\/\/www.jazzzeitung.de\/cms\/author\/redaktion\/"}]}},"wp-worthy-pixel":{"ignored":false,"public":null,"server":null,"url":null},"wp-worthy-type":"normal","jetpack_publicize_connections":[],"cc_featured_image_caption":{"caption_text":"","source_text":"","source_url":""},"jetpack_featured_media_url":"https:\/\/i0.wp.com\/www.jazzzeitung.de\/cms\/wp-content\/uploads\/2021\/05\/Brad-Mehldau-scaled.jpg?fit=2511%2C2560&ssl=1","jetpack_shortlink":"https:\/\/wp.me\/p3KEcT-6t5","jetpack-related-posts":[{"id":22336,"url":"https:\/\/www.jazzzeitung.de\/cms\/2020\/04\/newssuedtirol-jazzfestival-alto-adige-2020-abgesagtmoers-jazzfestival-soll-stattfinden\/","url_meta":{"origin":24867,"position":0},"title":"news+++S\u00fcdtirol Jazzfestival Alto Adige 2020 abgesagt+++Moers Jazzfestival soll stattfinden+++","author":"Redaktion JazzZeitung","date":"11. April 2020","format":false,"excerpt":"Eine weitere Festival-Absage Das S\u00fcdtirol Jazzfestival Alto Adige findet dieses Jahr zum ersten Mal in 38 Jahren nicht statt. Die Pandemie hat auch die Veranstalter in S\u00fcdtirol gezwungen, Festivals, Konzerte usw. abzusagen. Das Programm des Festivals sollte eigentlich eine Reise in den osteurop\u00e4ischen Jazz sein, Name des Themas: \u201eGegen den\u2026","rel":"","context":"In &quot;News&quot;","block_context":{"text":"News","link":"https:\/\/www.jazzzeitung.de\/cms\/thema\/nachrichten\/"},"img":{"alt_text":"","src":"https:\/\/www.jazzzeitung.de\/cms\/wp-content\/uploads\/2020\/03\/Beitragsbild-beschnitten-e1583498329553.bmp","width":350,"height":200,"srcset":"https:\/\/www.jazzzeitung.de\/cms\/wp-content\/uploads\/2020\/03\/Beitragsbild-beschnitten-e1583498329553.bmp 1x, https:\/\/www.jazzzeitung.de\/cms\/wp-content\/uploads\/2020\/03\/Beitragsbild-beschnitten-e1583498329553.bmp 1.5x, https:\/\/www.jazzzeitung.de\/cms\/wp-content\/uploads\/2020\/03\/Beitragsbild-beschnitten-e1583498329553.bmp 2x, https:\/\/www.jazzzeitung.de\/cms\/wp-content\/uploads\/2020\/03\/Beitragsbild-beschnitten-e1583498329553.bmp 3x"},"classes":[]},{"id":26095,"url":"https:\/\/www.jazzzeitung.de\/cms\/2021\/11\/baden-wuerttemberg-zeichnet-saengerin-lauren-newton-fuer-ihr-lebenswerk-austim-isfort-bleibt-beim-moers-festival\/","url_meta":{"origin":24867,"position":1},"title":"+++Baden-W\u00fcrttemberg zeichnet Lauren Newton f\u00fcr ihr Lebenswerk aus++++++Tim Isfort bleibt beim moers festival+++","author":"Redaktion JazzZeitung","date":"5. November 2021","format":false,"excerpt":"Sonderpreis des baden-w\u00fcrttembergischen Jazzpreises geht an S\u00e4ngerin Lauren Newton Die S\u00e4ngerin, Komponistin und Schauspielerin Lauren Newton wurde f\u00fcr den 'Sonderpreis Lebenswerk' des Landesjazzpreises nominiert. Baden-W\u00fcrttembergs Kunststaatssekret\u00e4rin Petra Olschowski sagte anl\u00e4sslich der Auszeichnung: \u201eMit dem Ehrenpreis w\u00fcrdigen wir eine ganz herausragende musikalische Lebensleistung. Lauren Newton ist eine \u00fcberragende Tonk\u00fcnstlerin mit einem\u2026","rel":"","context":"In &quot;News&quot;","block_context":{"text":"News","link":"https:\/\/www.jazzzeitung.de\/cms\/thema\/nachrichten\/"},"img":{"alt_text":"","src":"https:\/\/i0.wp.com\/www.jazzzeitung.de\/cms\/wp-content\/uploads\/2021\/11\/lauren-newton3.jpg?fit=1200%2C675&ssl=1&resize=350%2C200","width":350,"height":200,"srcset":"https:\/\/i0.wp.com\/www.jazzzeitung.de\/cms\/wp-content\/uploads\/2021\/11\/lauren-newton3.jpg?fit=1200%2C675&ssl=1&resize=350%2C200 1x, https:\/\/i0.wp.com\/www.jazzzeitung.de\/cms\/wp-content\/uploads\/2021\/11\/lauren-newton3.jpg?fit=1200%2C675&ssl=1&resize=525%2C300 1.5x, https:\/\/i0.wp.com\/www.jazzzeitung.de\/cms\/wp-content\/uploads\/2021\/11\/lauren-newton3.jpg?fit=1200%2C675&ssl=1&resize=700%2C400 2x, https:\/\/i0.wp.com\/www.jazzzeitung.de\/cms\/wp-content\/uploads\/2021\/11\/lauren-newton3.jpg?fit=1200%2C675&ssl=1&resize=1050%2C600 3x"},"classes":[]},{"id":27512,"url":"https:\/\/www.jazzzeitung.de\/cms\/2022\/06\/das-moers-festival-2022-wurde-seinem-wesenskern-treu-und-blickt-in-die-zukunft\/","url_meta":{"origin":24867,"position":2},"title":"Das Moers-Festival 2022 wurde seinem Wesenskern treu und blickt in die Zukunft","author":"Redaktion JazzZeitung","date":"14. Juni 2022","format":false,"excerpt":"(Text und Fotos von Stefan Pieper) Obwohl das neue Konzept noch die Unfertigkeit eines Neustarts verk\u00f6rpert, flie\u00dft der Strom beim Moers-Festival ungebremst weiter. In den letzten beiden Jahren habe viele neue, digitale Vorst\u00f6\u00dfe das k\u00fcnstlerische Schwergewicht beim Moers-Festival durch die Pandemie getragen. Bei der 51. Ausgabe zum 50. Geburtstag behauptete\u2026","rel":"","context":"In &quot;Bericht&quot;","block_context":{"text":"Bericht","link":"https:\/\/www.jazzzeitung.de\/cms\/thema\/bericht\/"},"img":{"alt_text":"","src":"https:\/\/i0.wp.com\/www.jazzzeitung.de\/cms\/wp-content\/uploads\/2022\/06\/The-Hidden-Tune-3-1-scaled.jpg?fit=1200%2C953&ssl=1&resize=350%2C200","width":350,"height":200,"srcset":"https:\/\/i0.wp.com\/www.jazzzeitung.de\/cms\/wp-content\/uploads\/2022\/06\/The-Hidden-Tune-3-1-scaled.jpg?fit=1200%2C953&ssl=1&resize=350%2C200 1x, https:\/\/i0.wp.com\/www.jazzzeitung.de\/cms\/wp-content\/uploads\/2022\/06\/The-Hidden-Tune-3-1-scaled.jpg?fit=1200%2C953&ssl=1&resize=525%2C300 1.5x, https:\/\/i0.wp.com\/www.jazzzeitung.de\/cms\/wp-content\/uploads\/2022\/06\/The-Hidden-Tune-3-1-scaled.jpg?fit=1200%2C953&ssl=1&resize=700%2C400 2x, https:\/\/i0.wp.com\/www.jazzzeitung.de\/cms\/wp-content\/uploads\/2022\/06\/The-Hidden-Tune-3-1-scaled.jpg?fit=1200%2C953&ssl=1&resize=1050%2C600 3x"},"classes":[]},{"id":2590,"url":"https:\/\/www.jazzzeitung.de\/cms\/2013\/10\/neues-aus-moers-2\/","url_meta":{"origin":24867,"position":3},"title":"Neues aus Moers","author":"Redaktion JazzZeitung","date":"31. Oktober 2013","format":false,"excerpt":"In Moers wird gebaut. Die Umbauten in der neue Festivalhalle haben begonnen. Aktuell wird noch nicht um- sondern nur zur\u00fcckgebaut was langj\u00e4hrige Nutzung als Theater und Tennishalle \u00fcbrig gelassen haben. Zum Umzug des Moers Festivals 2014 vom gewohnten Zelt in eine feste Halle haben wohl verschiedene Gr\u00fcnde gef\u00fchrt. \u00dcber die\u2026","rel":"","context":"In &quot;News&quot;","block_context":{"text":"News","link":"https:\/\/www.jazzzeitung.de\/cms\/thema\/nachrichten\/"},"img":{"alt_text":"Moers Festival","src":"https:\/\/i0.wp.com\/www.jazzzeitung.de\/cms\/wp-content\/uploads\/2013\/10\/Moers-Festival-150x150.jpg?resize=350%2C200","width":350,"height":200},"classes":[]},{"id":1163,"url":"https:\/\/www.jazzzeitung.de\/cms\/2011\/07\/moers-festival-2011-video-online\/","url_meta":{"origin":24867,"position":4},"title":"Moers Festival 2011 \u2013 Video online","author":"J\u00f6rg Lichtinger","date":"25. Juli 2011","format":false,"excerpt":"Die Studierenden der Kunsthochschule f\u00fcr Medien K\u00f6ln haben auch in diesem Jahr wieder einen Festival-Live-Stream in Moers produziert. Aus den\u00a0Live-Mitschnitten und beim Festival gefilmten Interviews hat das Team jetzt einen filmischen R\u00fcckblick des Moers Festivals 2011 zusammengestellt. Im Multimedia-Bereich der Festival-Website ist die knapp 30-min\u00fctige Video-Dokumentation zu sehen. Links: Moers\u2026","rel":"","context":"In &quot;Blog&quot;","block_context":{"text":"Blog","link":"https:\/\/www.jazzzeitung.de\/cms\/thema\/blog\/"},"img":{"alt_text":"moers-festival_plakat","src":"https:\/\/i0.wp.com\/www.jazzzeitung.de\/cms\/wp-content\/uploads\/2011\/07\/moers-festival_plakat-212x300.jpg?resize=350%2C200","width":350,"height":200},"classes":[]},{"id":28790,"url":"https:\/\/www.jazzzeitung.de\/cms\/2022\/12\/news-nils-wogram-mit-weimarer-hochschulbigband-letzter-blue-monday-in-hilden-moers-festival-bis-2028-in-festen-haenden\/","url_meta":{"origin":24867,"position":5},"title":"News: +++ Nils Wogram\u00a0 mit Weimarer Hochschulbigband +++ Letzter Blue Monday in \u00a0Hilden +++ Moers Festival bis 2028 in festen H\u00e4nden +++","author":"Redaktion JazzZeitung","date":"16. Dezember 2022","format":false,"excerpt":"+++ Featuring Nils Wogram: Jazzorchester der Hochschule f\u00fcr Musik Franz Liszt Weimar spielt mit preisgekr\u00f6ntem Posaunisten +++ Mit einem besonderen Gast begr\u00fc\u00dft das Jazzorchester der Hochschule f\u00fcr Musik Franz Liszt Weimar das neue Jahr. Beim Abschlusskonzert der Winterarbeitsphase des \u201eHfM Jazz Orchestra\u201c am Sonntag, 8. Januar 2023 um 19:00 Uhr\u2026","rel":"","context":"In &quot;News&quot;","block_context":{"text":"News","link":"https:\/\/www.jazzzeitung.de\/cms\/thema\/nachrichten\/"},"img":{"alt_text":"","src":"https:\/\/i0.wp.com\/www.jazzzeitung.de\/cms\/wp-content\/uploads\/2022\/12\/Wogram_Nils_Foto_Corinne_Haechler.jpg?fit=1200%2C797&ssl=1&resize=350%2C200","width":350,"height":200,"srcset":"https:\/\/i0.wp.com\/www.jazzzeitung.de\/cms\/wp-content\/uploads\/2022\/12\/Wogram_Nils_Foto_Corinne_Haechler.jpg?fit=1200%2C797&ssl=1&resize=350%2C200 1x, https:\/\/i0.wp.com\/www.jazzzeitung.de\/cms\/wp-content\/uploads\/2022\/12\/Wogram_Nils_Foto_Corinne_Haechler.jpg?fit=1200%2C797&ssl=1&resize=525%2C300 1.5x, https:\/\/i0.wp.com\/www.jazzzeitung.de\/cms\/wp-content\/uploads\/2022\/12\/Wogram_Nils_Foto_Corinne_Haechler.jpg?fit=1200%2C797&ssl=1&resize=700%2C400 2x, https:\/\/i0.wp.com\/www.jazzzeitung.de\/cms\/wp-content\/uploads\/2022\/12\/Wogram_Nils_Foto_Corinne_Haechler.jpg?fit=1200%2C797&ssl=1&resize=1050%2C600 3x"},"classes":[]}],"jetpack_sharing_enabled":true,"_links":{"self":[{"href":"https:\/\/www.jazzzeitung.de\/cms\/wp-json\/wp\/v2\/posts\/24867","targetHints":{"allow":["GET"]}}],"collection":[{"href":"https:\/\/www.jazzzeitung.de\/cms\/wp-json\/wp\/v2\/posts"}],"about":[{"href":"https:\/\/www.jazzzeitung.de\/cms\/wp-json\/wp\/v2\/types\/post"}],"author":[{"embeddable":true,"href":"https:\/\/www.jazzzeitung.de\/cms\/wp-json\/wp\/v2\/users\/18"}],"replies":[{"embeddable":true,"href":"https:\/\/www.jazzzeitung.de\/cms\/wp-json\/wp\/v2\/comments?post=24867"}],"version-history":[{"count":10,"href":"https:\/\/www.jazzzeitung.de\/cms\/wp-json\/wp\/v2\/posts\/24867\/revisions"}],"predecessor-version":[{"id":24890,"href":"https:\/\/www.jazzzeitung.de\/cms\/wp-json\/wp\/v2\/posts\/24867\/revisions\/24890"}],"wp:featuredmedia":[{"embeddable":true,"href":"https:\/\/www.jazzzeitung.de\/cms\/wp-json\/wp\/v2\/media\/24872"}],"wp:attachment":[{"href":"https:\/\/www.jazzzeitung.de\/cms\/wp-json\/wp\/v2\/media?parent=24867"}],"wp:term":[{"taxonomy":"category","embeddable":true,"href":"https:\/\/www.jazzzeitung.de\/cms\/wp-json\/wp\/v2\/categories?post=24867"},{"taxonomy":"post_tag","embeddable":true,"href":"https:\/\/www.jazzzeitung.de\/cms\/wp-json\/wp\/v2\/tags?post=24867"},{"taxonomy":"author","embeddable":true,"href":"https:\/\/www.jazzzeitung.de\/cms\/wp-json\/wp\/v2\/coauthors?post=24867"}],"curies":[{"name":"wp","href":"https:\/\/api.w.org\/{rel}","templated":true}]}}