{"id":24819,"date":"2021-05-16T12:00:19","date_gmt":"2021-05-16T10:00:19","guid":{"rendered":"https:\/\/www.jazzzeitung.de\/cms\/?p=24819"},"modified":"2021-05-17T10:20:43","modified_gmt":"2021-05-17T08:20:43","slug":"neue-musik-jazz-musikfeature-soundart-die-radiowoche-vom-17-05-bis-23-05-2021","status":"publish","type":"post","link":"https:\/\/www.jazzzeitung.de\/cms\/2021\/05\/neue-musik-jazz-musikfeature-soundart-die-radiowoche-vom-17-05-bis-23-05-2021\/","title":{"rendered":"Neue Musik \/ Jazz \/ Musikfeature \/ SoundArt: Die Radiowoche vom 17.05. bis 23.05.2021"},"content":{"rendered":"<p>Neue Musik, Jazz und Musikfeatures in der Kalenderwoche 20. Aktuell muckelt die ARD-Radio-Suchmaschine wieder und gibt nur Sendungen f\u00fcr den Deutschlandfunk aus. Wir bem\u00fchen uns um Kl\u00e4rung. Aber das wird ein bisschen dauern.<\/p>\n<p>Die \u00dcbersicht zum <a href=\"https:\/\/service.conbrio.de\/service\/download\/278\/\">Download als PDF<\/a>. Alle Angaben ohne Gew\u00e4hr.<\/p>\n<hr \/>\n<h2>Jazz im Radio (Fernsehen)<\/h2>\n<ul>\n<li><strong>SR2<\/strong> \u2013 <a href=\"http:\/\/www.sr.de\/sr\/sr2\/sendungen_a-z\/uebersicht\/jazznow\/index.html\">JazzNow<\/a> \u2013 Sonntags von 20.04 bis 22.30 Uhr<\/li>\n<li><strong>BR-KLASSIK \u2013 <\/strong><a href=\"https:\/\/www.br-klassik.de\/themen\/jazz-und-weltmusik\/jazztime-die-ganze-welt-des-jazz-100.html\">Jazztime<\/a><strong> \u2013 <\/strong>Von Montag bis Freitag t\u00e4glich um 23.05 Uhr<\/li>\n<li><strong>rbb-kultur<\/strong> \u2013 <a href=\"https:\/\/www.kulturradio.de\/programm\/schema\/sendungen\/late_night_jazz.html\">Late Night Jazz<\/a> \u2013 Sa und So 23:04 \u2013 24:00 Uhr<\/li>\n<li><strong>hr2-kultur<\/strong> \u2013 <a href=\"http:\/\/www.hr2.de\/musik\/jazz\/index.html\">Jazz in hr2-kultur<\/a> \u2013 t\u00e4glich<\/li>\n<li><strong>NDR Kultur <\/strong>\u2013 <a href=\"https:\/\/www.ndr.de\/ndrkultur\/sendungen\/play_jazz\/index.html\">Play Jazz<\/a> \u2013 5x die Woche<\/li>\n<li><strong>SWR2<\/strong> \u2013 <a href=\"https:\/\/www.swr.de\/swr2\/programm\/sendungen\/jazz\/startseite-mit-vorschau\/-\/id=659242\/did=13778140\/nid=659242\/13ttn4d\/index.html\">Jazz<\/a> \u2013 t\u00e4glich<\/li>\n<li><strong>Deutschlandfunk<\/strong> \u2013 <a href=\"http:\/\/www.deutschlandfunk.de\/jazz.747.de.html\">Jazz (\u00dcberblick)<\/a> \u2013 <a href=\"http:\/\/www.deutschlandfunk.de\/jazz-live.822.de.html\">Jazz Live<\/a>, <a href=\"http:\/\/www.deutschlandfunk.de\/jazzfacts.824.de.html\">JazzFacts<\/a> und <a href=\"http:\/\/www.deutschlandfunk.de\/milestones.1805.de.html\">Milestones<\/a><\/li>\n<li><strong>Deutschlandfunk Kultur<\/strong> \u2013 <a href=\"http:\/\/www.deutschlandfunkkultur.de\/jazz.1142.de.html\">Jazz<\/a> \u2013 diverse Sendetermine<\/li>\n<li><strong>\u00d61 <\/strong>\u2013 <a href=\"https:\/\/oe1.orf.at\/programm\/\">diverse Sendetermine<\/a><\/li>\n<li><strong>ARTE TV<\/strong> \u2013 <a href=\"https:\/\/www.arte.tv\/de\/videos\/arte-concert\/jazz\/?xtor=AD-6-%5bMV_CFR_ARTE_DE_Google_GEN_GDN%5d-%5bGDN_GEN_Arte_Concerts_Jazz%5d-C-%5bjazz%20musik%5d\">Jazz<\/a><\/li>\n<\/ul>\n<p><strong>Periodika: Dauersendungen ohne gen\u00fcgend Infos \u2013 Tagesbegleitradio<\/strong><\/p>\n<ul>\n<li><strong>SWR 2<\/strong> \u2013 <strong>SWR2 Jazz vor Sechs <\/strong>17:50 bis 18:00<\/li>\n<li><strong>hr2-kultur \u2013<\/strong> <strong>H\u00f6rbar \u2013 Musik grenzenlos <\/strong>19:04 bis 20:00<\/li>\n<li><strong>DR Kultur \u2013 Jazz <\/strong>19:05 bis 20:00<\/li>\n<li><strong>MDR Kultur \u2013<\/strong><strong>Jazz Lounge<\/strong> 19:35 bis 20:00<\/li>\n<li><strong>WDR3<\/strong> \u2013 Jazz &amp; World \u2013 Improvisiertes zum Tagesausklang \u2013 Montag bis Freitag, 22.04 \u2013 00:00 Uhr<\/li>\n<li><strong>WDR 3 Pers\u00f6nlich mit G\u00f6tz Alsmann<\/strong> 13:04 bis 15:00 (Samstags)<\/li>\n<\/ul>\n<hr \/>\n<h2>mo \u2013 17.05.2021<\/h2>\n<hr \/>\n<p>23:03 \u2013 24:00 | \u00d61<br \/>\n<strong>Franzose im Zentrum des Wittener Urauff\u00fchrungsfestivals \u2013 Wittener Tagen f\u00fcr neue Kammermusik (1)<\/strong><\/p>\n<p style=\"padding-left: 40px;\">Die Wittener Tage f\u00fcr neue Kammermusik sind eines der zentralen Urauff\u00fchrungsfestivals f\u00fcr zeitgen\u00f6ssische Kl\u00e4nge. Es wurde 1936 initiiert und wird seit 1969 gemeinsam von der Stadt Witten und dem Westdeutschen Rundfunk j\u00e4hrlich am letzten April-Wochenende veranstaltet. Vergangenes Jahr musste das Festival binnen k\u00fcrzester Zeit komplett in den virtuellen Raum wechseln. 2021 hat man bereits von Vornherein einige Audiovisuelle Projekte programmiert \u2013 etwa eine Mixed-Media-Komposition des franz\u00f6sischen Komponist Brice Pauset, der heuer im Mittelpunkt des Festivals stand. Dieses Werk wurde vom Klangforum Wien eingespielt, aufgenommen von \u00d61 im Wiener RadioKulturhaus. Gestaltung: Astrid Schwarz<\/p>\n<hr \/>\n<h2>di \u2013 18.05.2021<\/h2>\n<hr \/>\n<p>00:05 bis 01:00 | Deutschlandfunk Kultur<br \/>\n<strong>Neue Musik: Jetzt? \u2013 Zehn Jahre NOW!-Festival f\u00fcr Neue Musik in Essen<\/strong><\/p>\n<p style=\"padding-left: 40px;\">Von Leonie Reineke. Das philharmonische Abonnementkonzert hat bei NOW! in Essen ebenso seinen Platz wie die verschrobenste Synthesizer-Performance.<\/p>\n<p>01:05 bis 05:00 | Deutschlandfunk Kultur<br \/>\n<strong>Tonart: Jazz \u2013 Moderation: Sophia Fischer<\/strong><\/p>\n<p>21:05 bis 22:00 | Deutschlandfunk<br \/>\n<strong>Jazz Live: Duo Sooner \u2013 Elektro-akustischer Indie-Jazz<\/strong><\/p>\n<p style=\"padding-left: 40px;\">Charlotte Greve, Saxofon, electronics, Gesang; Simon Jermyn, Gitarre, electronics. Aufnahme vom 8.2.2021 aus dem K\u00f6lner Loft<\/p>\n<p style=\"padding-left: 40px;\">Am Mikrofon: Thomas Loewner. Als sich Charlotte Greve entschied, Berlin zu verlassen, war sie bereits erfolgreich mit ihrem rein akustischen, bis heute existierenden Lisbeth Quartett. Inspiriert von der vielf\u00e4ltigen Musikszene, orientierte sie sich in Brooklyn noch einmal ganz neu. 2014 gr\u00fcndete sie das Quartett Wood River. Daf\u00fcr komponiert sie Songs, die stark von Alternative Rock beeinflusst sind. Au\u00dfer Saxofon spielt Greve darin auch Synthesizer und singt. Aus Wood River hervorgegangen ist Sooner, ihr Duo mit Simon Jermyn, dem Bassisten der Band. Bei Sooner spielt er Gitarre. Charlotte Greve bezeichnet das Duo als die Ambient-Variante des Quartetts: Es kommt mehr Elektronik zum Einsatz, die Songs klingen luftiger, es gibt gr\u00f6\u00dferen Raum f\u00fcr Improvisationen \u2013 und ein eigenes Repertoire.<\/p>\n<p>21:05 \u2013 22:00 | SWR2<br \/>\n<strong>SWR2 JAZZ SESSION: THE AMERICAN JAZZ QUARTET 1986 IN STUTTGART<\/strong><\/p>\n<p style=\"padding-left: 40px;\">VON GERD FILTGEN. Im Jahr 1986 formierten sich vier wichtige Modern Jazz Repr\u00e4sentanten unter dem Bandnamen American Jazz Quartet f\u00fcr eine Europatournee. Dabei handelte es sich nicht etwa um eine f\u00fcr dieses Vorhaben bunt zusammengew\u00fcrfelte Gruppe: Schon im Liberation Music Orchestra des Bassisten Charlie Haden, der auch hier mitwirkt, trafen der Saxofonist Dewey Redman, der Gitarrist Mick Goodrick und der Drummer Paul Motian zusammen. In langen, mit exzellenten Improvisationen angereicherten Themen demonstrierten die vier Musiker, wie harmonisch sie miteinander kommunizierten. Ein bravour\u00f6ses Konzertereignis!<\/p>\n<p>23:03 \u2013 24:00 | \u00d61<br \/>\n<strong>Klangforum spielt in Wien f\u00fcr Witten: Wittener Tagen f\u00fcr neue Kammermusik (2)<\/strong><\/p>\n<p style=\"padding-left: 40px;\">30 Urauff\u00fchrungen von Komponisten\/innen aus 15 Nationen wurden vom 23. bis zum 25 April 2021 bei den Wittener Tage f\u00fcr neue Kammermusik von Solisten, Ensembles und dem WDR Sinfonieorchester aus der Taufe gehoben. Das Klangforum Wien spielte f\u00fcr dieses bedeutende deutsche Urauff\u00fchrungsfestival neue Werke von Mirela Ivi\u010devi\u0107 und Christian Winther Christensen im Wiener RadioKulturhaus ein, aufgenommen von \u00d61. Gestaltung: Astrid Schwarz<\/p>\n<hr \/>\n<h2>mi \u2013 19.05.2021<\/h2>\n<hr \/>\n<p>23:03 \u2013 24:00 | \u00d61<br \/>\n<strong>R\u00fcckblick, Vorschau und aktuelle Ver\u00f6ffentlichungen \u2013 Zeit-Ton Magazin <\/strong><\/p>\n<p style=\"padding-left: 40px;\">Jeden Mittwoch pr\u00e4sentieren wir Ihnen ausgesuchte Veranstaltungstipps f\u00fcr die kommenden sieben Tage und die spannendsten Neuver\u00f6ffentlichungen. Mit u.a. einer neuen Folge der \u201eZeit-Ton\u201c-Reihe \u201eDie Klien-Br\u00fcder \u2013 Neue Musik im H\u00e4rtetest\u201c (Gestaltung: Rainer Elstner und Andreas Maurer). Diese Serie gibt es auch als \u00d61 Podcast. Gestaltung: Susanna Niedermayr<\/p>\n<hr \/>\n<h2>do \u2013 20.05.2021<\/h2>\n<hr \/>\n<p>00:05 bis 01:00 | Deutschlandfunk Kultur<br \/>\n<strong>Neue Musik: Arnold Sch\u00f6nberg<\/strong><\/p>\n<p style=\"padding-left: 40px;\">Drei Klavierst\u00fccke op. 11 (1909); Sechs kleine Klavierst\u00fccke op. 19 (1911); F\u00fcnf Klavierst\u00fccke op. 23 (1920-1923); Suite f\u00fcr Klavier op. 25 (1921-23). Peter Serkin, Klavier<\/p>\n<p>19:05 bis 20:00 | BR-KLASSIK<br \/>\n<strong>KlassikPlus: Fr\u00fchlingsgef\u00fchle \u2013 Wenn Komponisten lieben<\/strong><\/p>\n<p style=\"padding-left: 40px;\">Ist es wirklich nur in den trivialen Untiefen des Schlagers, dass sich \u201eLiebe\u201c auf \u201eTriebe\u201c reimt? Nein, auch die hochkulturelle Klassik kennt jenes Kribbeln im Bauch, das wir \u201eFr\u00fchlingsgef\u00fchle\u201c nennen. Viele gro\u00dfe Meister von Mozart bis Mahler haben es vorgemacht: wenn Komponisten in Liebe erbrennen, wenn sie verlangen und begehren, dann greifen sie zu Stift und Notenpapier, um dem Brodeln in ihrer Seele Ausdruck zu gegeben. W\u00e4ren wir Siegmund Freund, k\u00f6nnten wir jetzt sagen: Ein Kunstwerk entsteht, wenn ein Musikgenie seine hormonellen Turbulenzen mit seinen Kl\u00e4ngen sublimiert. Das ist nat\u00fcrlich viel zu kurz gegriffen. Dennoch gilt: Fr\u00fchlingsgef\u00fchle sind ein kreativer Motor. Wie arm w\u00e4re das Repertoire unserer Musik ohne das sehns\u00fcchtige Schmachten vieler Komponisten? Wir haben uns mit einer so leidenschaftlichen wie intimen Seite unserer Musikgeschichte besch\u00e4ftigt und erz\u00e4hlen von freudiger Erwartung, exstatischem Freudentaumel, aber auch von Frustrationen. Eine Sendung von Markus Vanhoefer<\/p>\n<p>21:05 bis 22:00 | Deutschlandfunk<br \/>\n<strong>JazzFacts: Die Eroberung der Leichtigkeit \u2013 Ein Portr\u00e4t des francobrasilianischen Gitarristen Nelson Veras<\/strong><\/p>\n<p style=\"padding-left: 40px;\">Von Karl Lippegaus. F\u00fcr die Franzosen ist Nelson Veras ein \u201etouche-\u00e0-tout\u201c \u2013 ein Allesk\u00f6nner. Von Salvador da Bahia verschlug es den 1977 geborenen Gitarristen fr\u00fch nach Paris. Mit 14 Jahren begann er dort ein Jazz-Studium bei Jeff Gardner. Schon zwei Jahre sp\u00e4ter formierte er ein hochkar\u00e4tiges Quartett. 1992 beeindruckte er Pat Metheny auf der gro\u00dfen Festival-B\u00fchne von Marciac. Nelson Veras ist auf Alben von Aldo Romano, Magic Malik und Steve Coleman, aber auch von Chansonnier Claude Nougaro zu h\u00f6ren. In Deutschland lud ihn der Pianist Pablo Held zu spannenden Konzerten und Aufnahmen ein.<\/p>\n<p>22:05 bis 23:00 | BR-KLASSIK<br \/>\n<strong>Horizonte: Musik der Gegenwart<\/strong><\/p>\n<p style=\"padding-left: 40px;\"><strong>Walter Zimmermann<\/strong>: \u201eL\u00e4ndler Topographien\u201c, Topan (Radio Sinfonie Orchester Frankfurt: Crist\u00f3bal Halffter); \u201eDas irakische Alphabet\u201c (Irene Kurka, Sopran); 20 Figuren-T\u00e4nze (Michael Riessler, John Corbett, Klarinette; Bruno Piroth, Trompete; Konstantin Gockel, Gerhard K\u00f6hn, Violine; Martin Ingenh\u00fctt, Kontrabass); Aus \u201e12 Lieder nach Gedichten von Lermontow und Mandelstam\u201c (Peter Sch\u00f6ne, Bariton; Jan Philip Schulze, Klavier); \u201eL\u00e4ndler Topographien,\u201c Tophran (Radio Sinfonie Orchester Frankfurt: Crist\u00f3bal Halffter)<\/p>\n<p>23:03 \u2013 24:00 | \u00d61<br \/>\n<strong>Experimentelle elektronische Musik aus dem Iran und von der iranischen Diaspora \u2013 Neue Musik von Sote und Zabte Sote<\/strong><\/p>\n<p style=\"padding-left: 40px;\">2018 gr\u00fcndete Ata Ebtekar, der unter dem K\u00fcnstlernamen Sote auftritt, Zabte Sote. Auf dem von ihm kuratierten Sub-Label von Opal Tapes ver\u00f6ffentlicht er seither experimentelle elektronische Musik von iranischen K\u00fcnstlerinnen und K\u00fcnstlern. Nachdem er im Iran und in Deutschland aufgewachsen war und anschlie\u00dfend 25 Jahre in den USA gelebt hatte, zog Ebtekar 2013 zur\u00fcck nach Teheran. Wir h\u00f6ren in diesem Zeit-Ton in neue Alben von u.a. Rojin Sharafi, Sahab und Pouya Ehsaei hinein, aber auch in Sotes aktuelles Album \u201eMoscels\u201c, das ebenfalls bei Opal Tapes erschienen ist. Gestaltung: Susanna Niedermayr<\/p>\n<p>23:03 \u2013 24:00 | SWR2<br \/>\n<strong>NOWJAZZ: ARMENISCHE LEIDENSCHAFT \u2013 DER PIANIST TIGRAN HAMASYAN<\/strong><\/p>\n<p style=\"padding-left: 40px;\">VON HANS-J\u00dcRGEN SCHAAL. Durch den Jazz entdeckte er die Musik seiner Heimat Armenien auf neue Weise. \u00bbJazz war der Ausl\u00f6ser, dass ich erkannte: Ich komme ja aus einer Volksmusik-Tradition.\u00ab Tigran Hamasyans Musik ist durchzogen von der Melancholie armenischer Melodien: \u00bbSelbst wenn ich einen Jazzstandard arrangiere, muss er diesen armenischen Ansatz haben.\u00ab Allerdings kennt der Pianist auch noch ganz andere Inspirationen. Schon als 12-J\u00e4hriger war er verr\u00fcckt nach Bebop, sp\u00e4ter wollte er Thrash-Metal-Gitarrist werden. Seine Musik kennt daher extreme Gegens\u00e4tze zwischen traurig und heftig \u2013 und dies zuweilen innerhalb eines einzigen St\u00fccks.<\/p>\n<hr \/>\n<h2>fr \u2013 21.05.2021<\/h2>\n<hr \/>\n<p>00:05 bis 01:00 | Deutschlandfunk Kultur<br \/>\n<strong>Klangkunst: Kurzstrecke 109 \u2013 Feature, H\u00f6rspiel, Klangkunst \u2013 Die Sendung f\u00fcr H\u00f6rst\u00fccke aus der freien Szene<\/strong><\/p>\n<p>19:05 bis 20:00 | BR-KLASSIK<br \/>\n<strong>Das Musik-Feature: \u201eDie Luft, in der ich atme\u201c \u2013 Clara Schumann, Bilder eines K\u00fcnstlerlebens<\/strong><\/p>\n<p style=\"padding-left: 40px;\">Pianistin, Komponistin, einflussreiche P\u00e4dagogin, Herausgeberin, Konzertorganisatorin, Familienoberhaupt: Ohne Zweifel war Clara Schumann eine der faszinierendsten Figuren der Musikgeschichte. Bei ihrem ersten \u00f6ffentlichen Auftritt als neunj\u00e4hriges Wunderkind schlug sie das Publikum ebenso in ihren Bann wie bei ihrem letzten Konzert mehr als 60 Jahre sp\u00e4ter. Mit 15 komponierte sie ein Klavierkonzert, das die meisten Werke ihrer Virtuosen-Kollegen in den Schatten stellte. Noch nicht vollj\u00e4hrig, unternahm sie alleine eine Konzertreise nach Paris. Gegen den Willen ihres \u00fcberm\u00e4chtigen Vaters setzte sie die Hochzeit mit Robert Schumann durch: der Beginn eines Ehelebens voll Licht und Schatten und einer einzigartigen k\u00fcnstlerischen Symbiose. Acht Kinder hat sie zur Welt gebracht und nach Schumanns fr\u00fchem Tod alleine ern\u00e4hrt, unterst\u00fctzt von Johannes Brahms; bis heute ranken sich um die Beziehung zwischen den beiden viele Legenden. Die Sendung vom September 2019 beleuchtet unterschiedliche Aspekte des Lebens und Wirkens dieser Ausnahme-K\u00fcnstlerin, anhand von Briefen, Tageb\u00fcchern und Gespr\u00e4chen mit Expertinnen. Eine Sendung von Eva Blaskewitz<\/p>\n<p>22:03 bis 23:00 | Deutschlandfunk Kultur<br \/>\n<strong>Musikfeuilleton: Botschafter f\u00fcr Geist und Seele \u2013 Zu Besuch bei den Jubilee Singers in Nashville<\/strong><\/p>\n<p style=\"padding-left: 40px;\">Von Michael Groth. Kurz nach dem Ende des amerikanischen B\u00fcrgerkriegs wollte der Verband der Missionsgesellschaften in der Hauptstadt des Bundesstaates Tennessee ein Zeichen setzen. Er er\u00f6ffnete eine \u201eFree Colored School\u201c, so nannte man das damals, in der die Nachfahren der ehemaligen Sklaven erstmals eine gute Ausbildung erhalten sollten. Der Studentenchor der Universit\u00e4t brachte die Tradition der religi\u00f6sen Spirituals in die Konzerts\u00e4le des wei\u00dfen Publikums. 150 Jahre sp\u00e4ter sind die \u201eJubilee Singers\u201c der Fisk-University aktiver denn je.<\/p>\n<p>22:05 bis 22:50 | Deutschlandfunk<br \/>\n<strong>Milestones \u2013 Jazzklassiker: Jimmy Giuffre \u2013 Die stille Revolution: \u201eFusion\u201c (1961) &amp; \u201eThesis\u201c (1961)<\/strong><\/p>\n<p style=\"padding-left: 40px;\">Am Mikrofon: Niklas Wandt. 1961 erschienen die Alben \u201eFusion\u201c und \u201eThesis\u201c des Jimmy Giuffre Trios. Der feinnervige Kammerjazz blieb bei Erscheinen nahezu unbeachtet, entfaltete aber sp\u00e4ter vor allem in Europa enormen Einfluss. Jimmy Giuffre hatte bereits eine beachtliche Karriere als Holzbl\u00e4ser, Komponist und Arrangeur des Big Band- und Westcoast-Jazz hinter sich, als er sich mit 40 noch einmal auf ganz neues musikalisches Terrain begab. 1961 stie\u00df er mit Paul Bley am Piano und Steve Swallow am Kontrabass in ungewohnte, experimentelle Gefilde vor. Eigenwillig komponierte Miniaturen, unter anderem die ersten St\u00fccke der jungen Carla Bley, sind hier das Sprungbrett f\u00fcr Improvisationen, die sich mitunter komplett von Metrum und Harmonik l\u00f6sen. Im Gegensatz zum wenig sp\u00e4ter aufkommenden Free Jazz ist der Fokus hier aber nach innen gerichtet \u2013 statt eruptivem Powerplay h\u00f6rt man eine versponnene, behutsam tastende Kammermusik mit d\u00fcster-warmem Bluesfeeling. Diese \u00c4sthetik wurde pr\u00e4gend f\u00fcr den europ\u00e4ischen Jazz der 70er-Jahre. Am 26. April w\u00e4re Jimmy Giuffre 100 Jahre alt geworden. Doch auch 2021 klingt die Musik seines Trios noch frisch und aktuell.<\/p>\n<p>23:03 \u2013 24:00 | \u00d61<br \/>\n<strong>Kaleidophon 2021: Festival im Wohnzimmer statt vor Ort im M\u00fchlviertel<\/strong><\/p>\n<p style=\"padding-left: 40px;\">Im M\u00e4rz 2020 haben die Veranstalter des Ulrichsberger Kaleidophon das gesamte Programm auf 2021 verschoben. Und nun? Nicht alles ist umsetzbar, nicht alle MusikerInnen k\u00f6nnen anreisen. Aber ein Kaleidophon gab es. Drei Tage lang, jeweils zwei klein besetzte Konzerte. Zwar ohne Publikum, aber mit Mikrophonen \u2013 des ORF, der einen Tag aufgenommen hat und der Veranstalter, die uns die weiteren Mitschnitte zu Verf\u00fcgung gestellt haben. Zu h\u00f6ren war und ist nun in zwei Zeit-T\u00f6nen: Ein Kaleidophon-typischer Mix aus (Free)Jazz, experimenteller Improvisation und neuer Musik, Musik u.a. mit der Geigerin Biliana Voutchkova, dem Trio Kleeb \/ Dahinen \/ Babel oder der Formation des Wiener Saxophonisten Jakob Gnigler. Gestaltung: Nina Polaschegg<\/p>\n<p>23:03 \u2013 24:00 UHR | SWR2<br \/>\n<strong>NOWJAZZ: ARBEIT AM MOBILE \u2013 DIE PIANISTIN UND KOMPONISTIN ULRIKE HAAGE<\/strong><\/p>\n<p style=\"padding-left: 40px;\">VON ULRICH KRIEST. Musik, Theater, Film, Literatur, Klangkunst \u2013 fast schon provozierend vielgestaltig und multimedial sind die Arbeitsfelder, f\u00fcr die Ulrike Haage komponiert. Selbst innerhalb der unterschiedlichen Arbeitsfelder sind noch erstaunliche Ausdifferenzierungen m\u00f6glich zwischen Improvisation (Vladimir Estragon) und Pop (Rainbirds), zwischen H\u00f6rspiel und H\u00f6rkunst, zwischen Filmmusiken f\u00fcr Doris D\u00f6rrie oder Volker Koepp. Das Portr\u00e4t fragt nach dem Selbstverst\u00e4ndnis einer unabh\u00e4ngigen K\u00fcnstlerin, deren Kunst auch darin besteht, all diese unterschiedlichen Interessen einem Mobile gleich in der Schwebe zu halten.<\/p>\n<hr \/>\n<h2>sa \u2013 22.05.2021<\/h2>\n<hr \/>\n<p>14:05 bis 15:00 | BR-KLASSIK<br \/>\n<strong>Das Musik-Feature: \u201eDie Luft, in der ich atme\u201c \u2013 Clara Schumann, Bilder eines K\u00fcnstlerlebens<\/strong><\/p>\n<p style=\"padding-left: 40px;\">Pianistin, Komponistin, einflussreiche P\u00e4dagogin, Herausgeberin, Konzertorganisatorin, Familienoberhaupt: Ohne Zweifel war Clara Schumann eine der faszinierendsten Figuren der Musikgeschichte. Bei ihrem ersten \u00f6ffentlichen Auftritt als neunj\u00e4hriges Wunderkind schlug sie das Publikum ebenso in ihren Bann wie bei ihrem letzten Konzert mehr als 60 Jahre sp\u00e4ter. Mit 15 komponierte sie ein Klavierkonzert, das die meisten Werke ihrer Virtuosen-Kollegen in den Schatten stellte. Noch nicht vollj\u00e4hrig, unternahm sie alleine eine Konzertreise nach Paris. Gegen den Willen ihres \u00fcberm\u00e4chtigen Vaters setzte sie die Hochzeit mit Robert Schumann durch: der Beginn eines Ehelebens voll Licht und Schatten und einer einzigartigen k\u00fcnstlerischen Symbiose. Acht Kinder hat sie zur Welt gebracht und nach Schumanns fr\u00fchem Tod alleine ern\u00e4hrt, unterst\u00fctzt von Johannes Brahms; bis heute ranken sich um die Beziehung zwischen den beiden viele Legenden. Die Sendung vom September 2019 beleuchtet unterschiedliche Aspekte des Lebens und Wirkens dieser Ausnahme-K\u00fcnstlerin, anhand von Briefen, Tageb\u00fcchern und Gespr\u00e4chen mit Expertinnen. Eine Sendung von Eva Blaskewitz<\/p>\n<p>19:34 \u2013 20:00 | SWR2<br \/>\n<strong>SWR2 JAZZ: MIT COOLNESS UND SEELE \u2013 DIE S\u00c4NGERIN PEGGY LEE<\/strong><\/p>\n<p style=\"padding-left: 40px;\">VON HENRY ALTMANN. Nach au\u00dfen schien sie das wasserblonde \u00bbAll American Girl\u00ab zu sein, eine Peggy-Puppe. In Wirklichkeit war sie selbstbewusst. Peggy Lee begann bei Benny Goodman, wechselte erfolgreich zum Jazz-Pop, re\u00fcssierte als Schauspielerin, nahm 60 Alben auf und textete 200 Songs. \u00bbDie blonde Sirene aus der Pr\u00e4rie\u00ab tat stets das Rechte und wusste ihre Rechte gegen\u00fcber m\u00e4chtigen Plattenbossen wahrzunehmen. In ihrer Stimme aber glommen die Hinterzimmer des Herzens, eine coole Souver\u00e4nit\u00e4t konterte und kaschierte eine traumatische Kindheit und vier st\u00fcrmische Ehen. Am 26. Mai w\u00e4re Peggy Lee 101 Jahre alt geworden.<\/p>\n<p>22:05 bis 22:50 | Deutschlandfunk<br \/>\n<strong>Atelier neuer Musik: Revisited Forum neuer Musik 2013 \u2013 News from the Colonies<\/strong><\/p>\n<p style=\"padding-left: 40px;\">Alan Hilario: \u201eSch\u00f6ner G\u00f6tterfunken! Bilder einer Ausstellung einer Ausstellung\u201c (Ausschnitte). Mark Kysela, Saxofon; Nikola Lutz, Saxofon; Pascal Pons, Schlagwerk; Alan Hilario, Live-Elektronik. Aufnahmen vom 19. und 21.4.2013 aus dem Deutschlandfunk Kammermusiksaal, K\u00f6ln<\/p>\n<p style=\"padding-left: 40px;\">Am Mikrofon: Frank K\u00e4mpfer. In seinem St\u00fcck \u201eSch\u00f6ner G\u00f6tterfunken!\u201c kombiniert der philippinische Komponist Alan Hilario (*1967) drei improvisierende Musiker mit einem Bildergewitter. Auf den zwei Videow\u00e4nden: die Unterdr\u00fcckung der Afrikaner. Asynchron in schnellem Takt wechseln Dokumente der um 1900 in Europa beliebten exotistischen V\u00f6lkerschauen und Bilder gequ\u00e4lter schwarzer Menschen 100 Jahre danach. Hilario zielt mit diesem, in Ohren und Augen gleicherma\u00dfen schmerzenden Event auf nichts Geringeres als den \u201ekolonialen Blick\u201c, den er mit seiner Kunst bewusst machen will. Musikalische Basis ist der Schiller-Vers aus Beethovens \u201eNeunter\u201c \u2013 hier allerdings zum Morse-Rhythmus verfremdet. Der bei\u00dfende akustische Sound sucht sich mit Bedacht aller Kategorisierungen zu entziehen. Hilarios Video-Text-St\u00fcck diskutiert zugleich Wirkmechanismen heutiger elektronischer Medien: Bilder des Schreckens werden ihrer Zusammenh\u00e4nge entrissen und als \u00e4sthtisches Artefakt konsumiert. Ein weiteres Feld der komponierten Irritation ist die vielgestaltige Welt der Perkussionsinstrumente: Versammelt im Set der heutigen Neuen Musik, dokumentieren sie ihrerseits koloniale Geschichte.<\/p>\n<hr \/>\n<h2>so \u2013 23.05.2021<\/h2>\n<hr \/>\n<p>22:08 \u2013 23:00 | \u00d61<br \/>\n<strong>60 Jahre Biennale Zagreb \u2013 Intendantin Margareta Ferek-Petric \u00fcber die Jubil\u00e4ums-Ausgabe der Biennale Zagreb<\/strong><\/p>\n<p style=\"padding-left: 40px;\">Die 1961 von Milko Kelemen gegr\u00fcndete Biennale Zagreb war neben dem Warschauer Herbst eines der zentralen Festivals zeitgen\u00f6ssischer Musik im ehemals kommunistischen Europa. Es z\u00e4hlt zu den angesehensten Urauff\u00fchrungsfestivals und wird in jedem ungeraden Jahr abgehalten. K\u00fcnstlerische Leiterin der Ausgaben 2021 und 2023 ist die in \u00d6sterreich lebende, in Zagreb geborene Komponistin Margareta Ferek-Petric. In \u201eZeit-Ton extended\u201c erl\u00e4utert sie das Konzept des Jubil\u00e4umsfestivals. Die Ausgabe 2021 kann aus Corona-Gr\u00fcnden nicht wie geplant nur im Fr\u00fchjahr stattfinden, sondern wird in vier Veranstaltungsbl\u00f6cken \u00fcbers Jahr verteilt. Gestaltung: Rainer Elstner<\/p>\n<p>23:05 bis 00:00 | BR-KLASSIK<br \/>\n<strong>Musik der Welt: Kantoren, K\u00fcnstler und Konzerte \u2013 Die j\u00fcdische Musikszene zwischen M\u00fcnchen und Hannover<\/strong><\/p>\n<p style=\"padding-left: 40px;\">J\u00fcdische Musik, sie ist vielfach verbunden mit dem Wort \u201eKlezmer\u201c, der beschwingten oder melancholischen Tanzmusik der j\u00fcdischen Feste. Aber j\u00fcdische Musik ist mehr als das. Immer mehr K\u00fcnstler besch\u00e4ftigen sich mit der jiddischen Sprache, lassen alte und neue Gedichte und Geschichten durch Musik facettenreich lebendig werden. Seit 2008 werden am Abraham Geiger Kolleg in Berlin Kantoren ausgebildet. Der Kantor, genannt Chasan, ist ein Vors\u00e4nger, der die j\u00fcdische Liturgie wesentlich durch die gesungenen Gebete gestaltet. Und so, wie die Spuren dieser Melodien sich heute nicht nur in der Synagoge, sondern auch in einer gro\u00dfen Vielfalt unterschiedlicher Stile finden, singen die Kantoren nicht nur in der Synagoge, sondern auch bei Jazzfestivals oder in Opernh\u00e4usern. Der Rekonstruktion der mittelalterlichen j\u00fcdischen Motive widmet sich das Ensemble \u201eSimchat Hanefish\u201c in Halle. Und die Villa Seligman in Hannover ist ein anerkanntes Zentrum der klassischen j\u00fcdischen Musik. \u201eMusik der Welt\u201c geht auf eine musikalische Reise durch die j\u00fcdische Musikszene Deutschlands, von Ausbildung bis Konzert. Von und mit Julia Smilga<\/p>\n<p>&nbsp;<\/p>\n<p>&nbsp;<\/p>\n","protected":false},"excerpt":{"rendered":"<p>Ein kleiner Blick in die Jazzwoche 20 im Radio. \u2013 Gemischt mit Sendungen aus der Welt der Neuen Musik \u2026<\/p>\n","protected":false},"author":1,"featured_media":18913,"comment_status":"open","ping_status":"closed","sticky":false,"template":"","format":"standard","meta":{"_jetpack_memberships_contains_paid_content":false,"footnotes":"","jetpack_publicize_message":"","jetpack_publicize_feature_enabled":true,"jetpack_social_post_already_shared":false,"jetpack_social_options":{"image_generator_settings":{"template":"highway","default_image_id":0,"font":"","enabled":false},"version":2}},"categories":[633,452],"tags":[1629],"coauthors":[650],"class_list":["post-24819","post","type-post","status-publish","format-standard","has-post-thumbnail","hentry","category-nachrichten","category-radio","tag-jazz-im-radio"],"yoast_head":"<!-- This site is optimized with the Yoast SEO plugin v27.5 - https:\/\/yoast.com\/product\/yoast-seo-wordpress\/ -->\n<title>Neue Musik \/ Jazz \/ Musikfeature \/ SoundArt: Die Radiowoche vom 17.05. bis 23.05.2021 - JazzZeitung<\/title>\n<meta name=\"robots\" content=\"index, follow, max-snippet:-1, max-image-preview:large, max-video-preview:-1\" \/>\n<link rel=\"canonical\" href=\"https:\/\/www.jazzzeitung.de\/cms\/2021\/05\/neue-musik-jazz-musikfeature-soundart-die-radiowoche-vom-17-05-bis-23-05-2021\/\" \/>\n<meta property=\"og:locale\" content=\"de_DE\" \/>\n<meta property=\"og:type\" content=\"article\" \/>\n<meta property=\"og:title\" content=\"Neue Musik \/ Jazz \/ Musikfeature \/ SoundArt: Die Radiowoche vom 17.05. bis 23.05.2021 - JazzZeitung\" \/>\n<meta property=\"og:description\" content=\"Ein kleiner Blick in die Jazzwoche 20 im Radio. \u2013 Gemischt mit Sendungen aus der Welt der Neuen Musik \u2026\" \/>\n<meta property=\"og:url\" content=\"https:\/\/www.jazzzeitung.de\/cms\/2021\/05\/neue-musik-jazz-musikfeature-soundart-die-radiowoche-vom-17-05-bis-23-05-2021\/\" \/>\n<meta property=\"og:site_name\" content=\"JazzZeitung\" \/>\n<meta property=\"article:publisher\" content=\"https:\/\/www.facebook.com\/JazzZeitung\/\" \/>\n<meta property=\"article:author\" content=\"https:\/\/www.facebook.com\/hufner\" \/>\n<meta property=\"article:published_time\" content=\"2021-05-16T10:00:19+00:00\" \/>\n<meta property=\"article:modified_time\" content=\"2021-05-17T08:20:43+00:00\" \/>\n<meta property=\"og:image\" content=\"https:\/\/i0.wp.com\/www.jazzzeitung.de\/cms\/wp-content\/uploads\/2019\/03\/jazz_im_radio.jpg?fit=2200%2C1417&ssl=1\" \/>\n\t<meta property=\"og:image:width\" content=\"2200\" \/>\n\t<meta property=\"og:image:height\" content=\"1417\" \/>\n\t<meta property=\"og:image:type\" content=\"image\/jpeg\" \/>\n<meta name=\"author\" content=\"Martin Hufner\" \/>\n<script type=\"application\/ld+json\" class=\"yoast-schema-graph\">{\"@context\":\"https:\\\/\\\/schema.org\",\"@graph\":[{\"@type\":\"Article\",\"@id\":\"https:\\\/\\\/www.jazzzeitung.de\\\/cms\\\/2021\\\/05\\\/neue-musik-jazz-musikfeature-soundart-die-radiowoche-vom-17-05-bis-23-05-2021\\\/#article\",\"isPartOf\":{\"@id\":\"https:\\\/\\\/www.jazzzeitung.de\\\/cms\\\/2021\\\/05\\\/neue-musik-jazz-musikfeature-soundart-die-radiowoche-vom-17-05-bis-23-05-2021\\\/\"},\"author\":{\"name\":\"Martin Hufner\",\"@id\":\"https:\\\/\\\/www.jazzzeitung.de\\\/cms\\\/#\\\/schema\\\/person\\\/b9a4e5ac765d94fb8f617bfa8f1fc5f7\"},\"headline\":\"Neue Musik \\\/ Jazz \\\/ Musikfeature \\\/ SoundArt: Die Radiowoche vom 17.05. bis 23.05.2021\",\"datePublished\":\"2021-05-16T10:00:19+00:00\",\"dateModified\":\"2021-05-17T08:20:43+00:00\",\"mainEntityOfPage\":{\"@id\":\"https:\\\/\\\/www.jazzzeitung.de\\\/cms\\\/2021\\\/05\\\/neue-musik-jazz-musikfeature-soundart-die-radiowoche-vom-17-05-bis-23-05-2021\\\/\"},\"wordCount\":2801,\"commentCount\":0,\"publisher\":{\"@id\":\"https:\\\/\\\/www.jazzzeitung.de\\\/cms\\\/#organization\"},\"image\":{\"@id\":\"https:\\\/\\\/www.jazzzeitung.de\\\/cms\\\/2021\\\/05\\\/neue-musik-jazz-musikfeature-soundart-die-radiowoche-vom-17-05-bis-23-05-2021\\\/#primaryimage\"},\"thumbnailUrl\":\"https:\\\/\\\/i0.wp.com\\\/www.jazzzeitung.de\\\/cms\\\/wp-content\\\/uploads\\\/2019\\\/03\\\/jazz_im_radio.jpg?fit=2200%2C1417&ssl=1\",\"keywords\":[\"Jazz im Radio\"],\"articleSection\":[\"News\",\"Radio\"],\"inLanguage\":\"de\",\"potentialAction\":[{\"@type\":\"CommentAction\",\"name\":\"Comment\",\"target\":[\"https:\\\/\\\/www.jazzzeitung.de\\\/cms\\\/2021\\\/05\\\/neue-musik-jazz-musikfeature-soundart-die-radiowoche-vom-17-05-bis-23-05-2021\\\/#respond\"]}]},{\"@type\":\"WebPage\",\"@id\":\"https:\\\/\\\/www.jazzzeitung.de\\\/cms\\\/2021\\\/05\\\/neue-musik-jazz-musikfeature-soundart-die-radiowoche-vom-17-05-bis-23-05-2021\\\/\",\"url\":\"https:\\\/\\\/www.jazzzeitung.de\\\/cms\\\/2021\\\/05\\\/neue-musik-jazz-musikfeature-soundart-die-radiowoche-vom-17-05-bis-23-05-2021\\\/\",\"name\":\"Neue Musik \\\/ Jazz \\\/ Musikfeature \\\/ SoundArt: Die Radiowoche vom 17.05. bis 23.05.2021 - JazzZeitung\",\"isPartOf\":{\"@id\":\"https:\\\/\\\/www.jazzzeitung.de\\\/cms\\\/#website\"},\"primaryImageOfPage\":{\"@id\":\"https:\\\/\\\/www.jazzzeitung.de\\\/cms\\\/2021\\\/05\\\/neue-musik-jazz-musikfeature-soundart-die-radiowoche-vom-17-05-bis-23-05-2021\\\/#primaryimage\"},\"image\":{\"@id\":\"https:\\\/\\\/www.jazzzeitung.de\\\/cms\\\/2021\\\/05\\\/neue-musik-jazz-musikfeature-soundart-die-radiowoche-vom-17-05-bis-23-05-2021\\\/#primaryimage\"},\"thumbnailUrl\":\"https:\\\/\\\/i0.wp.com\\\/www.jazzzeitung.de\\\/cms\\\/wp-content\\\/uploads\\\/2019\\\/03\\\/jazz_im_radio.jpg?fit=2200%2C1417&ssl=1\",\"datePublished\":\"2021-05-16T10:00:19+00:00\",\"dateModified\":\"2021-05-17T08:20:43+00:00\",\"breadcrumb\":{\"@id\":\"https:\\\/\\\/www.jazzzeitung.de\\\/cms\\\/2021\\\/05\\\/neue-musik-jazz-musikfeature-soundart-die-radiowoche-vom-17-05-bis-23-05-2021\\\/#breadcrumb\"},\"inLanguage\":\"de\",\"potentialAction\":[{\"@type\":\"ReadAction\",\"target\":[\"https:\\\/\\\/www.jazzzeitung.de\\\/cms\\\/2021\\\/05\\\/neue-musik-jazz-musikfeature-soundart-die-radiowoche-vom-17-05-bis-23-05-2021\\\/\"]}]},{\"@type\":\"ImageObject\",\"inLanguage\":\"de\",\"@id\":\"https:\\\/\\\/www.jazzzeitung.de\\\/cms\\\/2021\\\/05\\\/neue-musik-jazz-musikfeature-soundart-die-radiowoche-vom-17-05-bis-23-05-2021\\\/#primaryimage\",\"url\":\"https:\\\/\\\/i0.wp.com\\\/www.jazzzeitung.de\\\/cms\\\/wp-content\\\/uploads\\\/2019\\\/03\\\/jazz_im_radio.jpg?fit=2200%2C1417&ssl=1\",\"contentUrl\":\"https:\\\/\\\/i0.wp.com\\\/www.jazzzeitung.de\\\/cms\\\/wp-content\\\/uploads\\\/2019\\\/03\\\/jazz_im_radio.jpg?fit=2200%2C1417&ssl=1\",\"width\":2200,\"height\":1417,\"caption\":\"Jazz im Radio. Foto: Hufner\"},{\"@type\":\"BreadcrumbList\",\"@id\":\"https:\\\/\\\/www.jazzzeitung.de\\\/cms\\\/2021\\\/05\\\/neue-musik-jazz-musikfeature-soundart-die-radiowoche-vom-17-05-bis-23-05-2021\\\/#breadcrumb\",\"itemListElement\":[{\"@type\":\"ListItem\",\"position\":1,\"name\":\"Startseite\",\"item\":\"https:\\\/\\\/www.jazzzeitung.de\\\/cms\\\/\"},{\"@type\":\"ListItem\",\"position\":2,\"name\":\"Neue Musik \\\/ Jazz \\\/ Musikfeature \\\/ SoundArt: Die Radiowoche vom 17.05. bis 23.05.2021\"}]},{\"@type\":\"WebSite\",\"@id\":\"https:\\\/\\\/www.jazzzeitung.de\\\/cms\\\/#website\",\"url\":\"https:\\\/\\\/www.jazzzeitung.de\\\/cms\\\/\",\"name\":\"JazzZeitung\",\"description\":\"Jazz-News und Jazz-Kontroverses\",\"publisher\":{\"@id\":\"https:\\\/\\\/www.jazzzeitung.de\\\/cms\\\/#organization\"},\"potentialAction\":[{\"@type\":\"SearchAction\",\"target\":{\"@type\":\"EntryPoint\",\"urlTemplate\":\"https:\\\/\\\/www.jazzzeitung.de\\\/cms\\\/?s={search_term_string}\"},\"query-input\":{\"@type\":\"PropertyValueSpecification\",\"valueRequired\":true,\"valueName\":\"search_term_string\"}}],\"inLanguage\":\"de\"},{\"@type\":\"Organization\",\"@id\":\"https:\\\/\\\/www.jazzzeitung.de\\\/cms\\\/#organization\",\"name\":\"JazzZeitung online\",\"url\":\"https:\\\/\\\/www.jazzzeitung.de\\\/cms\\\/\",\"logo\":{\"@type\":\"ImageObject\",\"inLanguage\":\"de\",\"@id\":\"https:\\\/\\\/www.jazzzeitung.de\\\/cms\\\/#\\\/schema\\\/logo\\\/image\\\/\",\"url\":\"https:\\\/\\\/i0.wp.com\\\/www.jazzzeitung.de\\\/cms\\\/wp-content\\\/uploads\\\/2015\\\/08\\\/JAZZZEITUNGDE_Logo_Neu.png?fit=499%2C200&ssl=1\",\"contentUrl\":\"https:\\\/\\\/i0.wp.com\\\/www.jazzzeitung.de\\\/cms\\\/wp-content\\\/uploads\\\/2015\\\/08\\\/JAZZZEITUNGDE_Logo_Neu.png?fit=499%2C200&ssl=1\",\"width\":499,\"height\":200,\"caption\":\"JazzZeitung online\"},\"image\":{\"@id\":\"https:\\\/\\\/www.jazzzeitung.de\\\/cms\\\/#\\\/schema\\\/logo\\\/image\\\/\"},\"sameAs\":[\"https:\\\/\\\/www.facebook.com\\\/JazzZeitung\\\/\"]},{\"@type\":\"Person\",\"@id\":\"https:\\\/\\\/www.jazzzeitung.de\\\/cms\\\/#\\\/schema\\\/person\\\/b9a4e5ac765d94fb8f617bfa8f1fc5f7\",\"name\":\"Martin Hufner\",\"image\":{\"@type\":\"ImageObject\",\"inLanguage\":\"de\",\"@id\":\"https:\\\/\\\/i0.wp.com\\\/www.jazzzeitung.de\\\/cms\\\/wp-content\\\/uploads\\\/2013\\\/07\\\/huf-06.jpg?resize=96%2C96&ssl=15fcc31aa94540751a3b804516452be00\",\"url\":\"https:\\\/\\\/i0.wp.com\\\/www.jazzzeitung.de\\\/cms\\\/wp-content\\\/uploads\\\/2013\\\/07\\\/huf-06.jpg?resize=96%2C96&ssl=1\",\"contentUrl\":\"https:\\\/\\\/i0.wp.com\\\/www.jazzzeitung.de\\\/cms\\\/wp-content\\\/uploads\\\/2013\\\/07\\\/huf-06.jpg?resize=96%2C96&ssl=1\",\"caption\":\"Martin Hufner\"},\"description\":\"Martin Hufner ist freier Autor der JazzZeitung.\",\"sameAs\":[\"https:\\\/\\\/www.kritische-masse.de\\\/logbuch\",\"https:\\\/\\\/www.facebook.com\\\/hufner\"],\"url\":\"https:\\\/\\\/www.jazzzeitung.de\\\/cms\\\/author\\\/admin\\\/\"}]}<\/script>\n<!-- \/ Yoast SEO plugin. -->","yoast_head_json":{"title":"Neue Musik \/ Jazz \/ Musikfeature \/ SoundArt: Die Radiowoche vom 17.05. bis 23.05.2021 - JazzZeitung","robots":{"index":"index","follow":"follow","max-snippet":"max-snippet:-1","max-image-preview":"max-image-preview:large","max-video-preview":"max-video-preview:-1"},"canonical":"https:\/\/www.jazzzeitung.de\/cms\/2021\/05\/neue-musik-jazz-musikfeature-soundart-die-radiowoche-vom-17-05-bis-23-05-2021\/","og_locale":"de_DE","og_type":"article","og_title":"Neue Musik \/ Jazz \/ Musikfeature \/ SoundArt: Die Radiowoche vom 17.05. bis 23.05.2021 - JazzZeitung","og_description":"Ein kleiner Blick in die Jazzwoche 20 im Radio. \u2013 Gemischt mit Sendungen aus der Welt der Neuen Musik \u2026","og_url":"https:\/\/www.jazzzeitung.de\/cms\/2021\/05\/neue-musik-jazz-musikfeature-soundart-die-radiowoche-vom-17-05-bis-23-05-2021\/","og_site_name":"JazzZeitung","article_publisher":"https:\/\/www.facebook.com\/JazzZeitung\/","article_author":"https:\/\/www.facebook.com\/hufner","article_published_time":"2021-05-16T10:00:19+00:00","article_modified_time":"2021-05-17T08:20:43+00:00","og_image":[{"width":2200,"height":1417,"url":"https:\/\/i0.wp.com\/www.jazzzeitung.de\/cms\/wp-content\/uploads\/2019\/03\/jazz_im_radio.jpg?fit=2200%2C1417&ssl=1","type":"image\/jpeg"}],"author":"Martin Hufner","schema":{"@context":"https:\/\/schema.org","@graph":[{"@type":"Article","@id":"https:\/\/www.jazzzeitung.de\/cms\/2021\/05\/neue-musik-jazz-musikfeature-soundart-die-radiowoche-vom-17-05-bis-23-05-2021\/#article","isPartOf":{"@id":"https:\/\/www.jazzzeitung.de\/cms\/2021\/05\/neue-musik-jazz-musikfeature-soundart-die-radiowoche-vom-17-05-bis-23-05-2021\/"},"author":{"name":"Martin Hufner","@id":"https:\/\/www.jazzzeitung.de\/cms\/#\/schema\/person\/b9a4e5ac765d94fb8f617bfa8f1fc5f7"},"headline":"Neue Musik \/ Jazz \/ Musikfeature \/ SoundArt: Die Radiowoche vom 17.05. bis 23.05.2021","datePublished":"2021-05-16T10:00:19+00:00","dateModified":"2021-05-17T08:20:43+00:00","mainEntityOfPage":{"@id":"https:\/\/www.jazzzeitung.de\/cms\/2021\/05\/neue-musik-jazz-musikfeature-soundart-die-radiowoche-vom-17-05-bis-23-05-2021\/"},"wordCount":2801,"commentCount":0,"publisher":{"@id":"https:\/\/www.jazzzeitung.de\/cms\/#organization"},"image":{"@id":"https:\/\/www.jazzzeitung.de\/cms\/2021\/05\/neue-musik-jazz-musikfeature-soundart-die-radiowoche-vom-17-05-bis-23-05-2021\/#primaryimage"},"thumbnailUrl":"https:\/\/i0.wp.com\/www.jazzzeitung.de\/cms\/wp-content\/uploads\/2019\/03\/jazz_im_radio.jpg?fit=2200%2C1417&ssl=1","keywords":["Jazz im Radio"],"articleSection":["News","Radio"],"inLanguage":"de","potentialAction":[{"@type":"CommentAction","name":"Comment","target":["https:\/\/www.jazzzeitung.de\/cms\/2021\/05\/neue-musik-jazz-musikfeature-soundart-die-radiowoche-vom-17-05-bis-23-05-2021\/#respond"]}]},{"@type":"WebPage","@id":"https:\/\/www.jazzzeitung.de\/cms\/2021\/05\/neue-musik-jazz-musikfeature-soundart-die-radiowoche-vom-17-05-bis-23-05-2021\/","url":"https:\/\/www.jazzzeitung.de\/cms\/2021\/05\/neue-musik-jazz-musikfeature-soundart-die-radiowoche-vom-17-05-bis-23-05-2021\/","name":"Neue Musik \/ Jazz \/ Musikfeature \/ SoundArt: Die Radiowoche vom 17.05. bis 23.05.2021 - JazzZeitung","isPartOf":{"@id":"https:\/\/www.jazzzeitung.de\/cms\/#website"},"primaryImageOfPage":{"@id":"https:\/\/www.jazzzeitung.de\/cms\/2021\/05\/neue-musik-jazz-musikfeature-soundart-die-radiowoche-vom-17-05-bis-23-05-2021\/#primaryimage"},"image":{"@id":"https:\/\/www.jazzzeitung.de\/cms\/2021\/05\/neue-musik-jazz-musikfeature-soundart-die-radiowoche-vom-17-05-bis-23-05-2021\/#primaryimage"},"thumbnailUrl":"https:\/\/i0.wp.com\/www.jazzzeitung.de\/cms\/wp-content\/uploads\/2019\/03\/jazz_im_radio.jpg?fit=2200%2C1417&ssl=1","datePublished":"2021-05-16T10:00:19+00:00","dateModified":"2021-05-17T08:20:43+00:00","breadcrumb":{"@id":"https:\/\/www.jazzzeitung.de\/cms\/2021\/05\/neue-musik-jazz-musikfeature-soundart-die-radiowoche-vom-17-05-bis-23-05-2021\/#breadcrumb"},"inLanguage":"de","potentialAction":[{"@type":"ReadAction","target":["https:\/\/www.jazzzeitung.de\/cms\/2021\/05\/neue-musik-jazz-musikfeature-soundart-die-radiowoche-vom-17-05-bis-23-05-2021\/"]}]},{"@type":"ImageObject","inLanguage":"de","@id":"https:\/\/www.jazzzeitung.de\/cms\/2021\/05\/neue-musik-jazz-musikfeature-soundart-die-radiowoche-vom-17-05-bis-23-05-2021\/#primaryimage","url":"https:\/\/i0.wp.com\/www.jazzzeitung.de\/cms\/wp-content\/uploads\/2019\/03\/jazz_im_radio.jpg?fit=2200%2C1417&ssl=1","contentUrl":"https:\/\/i0.wp.com\/www.jazzzeitung.de\/cms\/wp-content\/uploads\/2019\/03\/jazz_im_radio.jpg?fit=2200%2C1417&ssl=1","width":2200,"height":1417,"caption":"Jazz im Radio. Foto: Hufner"},{"@type":"BreadcrumbList","@id":"https:\/\/www.jazzzeitung.de\/cms\/2021\/05\/neue-musik-jazz-musikfeature-soundart-die-radiowoche-vom-17-05-bis-23-05-2021\/#breadcrumb","itemListElement":[{"@type":"ListItem","position":1,"name":"Startseite","item":"https:\/\/www.jazzzeitung.de\/cms\/"},{"@type":"ListItem","position":2,"name":"Neue Musik \/ Jazz \/ Musikfeature \/ SoundArt: Die Radiowoche vom 17.05. bis 23.05.2021"}]},{"@type":"WebSite","@id":"https:\/\/www.jazzzeitung.de\/cms\/#website","url":"https:\/\/www.jazzzeitung.de\/cms\/","name":"JazzZeitung","description":"Jazz-News und Jazz-Kontroverses","publisher":{"@id":"https:\/\/www.jazzzeitung.de\/cms\/#organization"},"potentialAction":[{"@type":"SearchAction","target":{"@type":"EntryPoint","urlTemplate":"https:\/\/www.jazzzeitung.de\/cms\/?s={search_term_string}"},"query-input":{"@type":"PropertyValueSpecification","valueRequired":true,"valueName":"search_term_string"}}],"inLanguage":"de"},{"@type":"Organization","@id":"https:\/\/www.jazzzeitung.de\/cms\/#organization","name":"JazzZeitung online","url":"https:\/\/www.jazzzeitung.de\/cms\/","logo":{"@type":"ImageObject","inLanguage":"de","@id":"https:\/\/www.jazzzeitung.de\/cms\/#\/schema\/logo\/image\/","url":"https:\/\/i0.wp.com\/www.jazzzeitung.de\/cms\/wp-content\/uploads\/2015\/08\/JAZZZEITUNGDE_Logo_Neu.png?fit=499%2C200&ssl=1","contentUrl":"https:\/\/i0.wp.com\/www.jazzzeitung.de\/cms\/wp-content\/uploads\/2015\/08\/JAZZZEITUNGDE_Logo_Neu.png?fit=499%2C200&ssl=1","width":499,"height":200,"caption":"JazzZeitung online"},"image":{"@id":"https:\/\/www.jazzzeitung.de\/cms\/#\/schema\/logo\/image\/"},"sameAs":["https:\/\/www.facebook.com\/JazzZeitung\/"]},{"@type":"Person","@id":"https:\/\/www.jazzzeitung.de\/cms\/#\/schema\/person\/b9a4e5ac765d94fb8f617bfa8f1fc5f7","name":"Martin Hufner","image":{"@type":"ImageObject","inLanguage":"de","@id":"https:\/\/i0.wp.com\/www.jazzzeitung.de\/cms\/wp-content\/uploads\/2013\/07\/huf-06.jpg?resize=96%2C96&ssl=15fcc31aa94540751a3b804516452be00","url":"https:\/\/i0.wp.com\/www.jazzzeitung.de\/cms\/wp-content\/uploads\/2013\/07\/huf-06.jpg?resize=96%2C96&ssl=1","contentUrl":"https:\/\/i0.wp.com\/www.jazzzeitung.de\/cms\/wp-content\/uploads\/2013\/07\/huf-06.jpg?resize=96%2C96&ssl=1","caption":"Martin Hufner"},"description":"Martin Hufner ist freier Autor der JazzZeitung.","sameAs":["https:\/\/www.kritische-masse.de\/logbuch","https:\/\/www.facebook.com\/hufner"],"url":"https:\/\/www.jazzzeitung.de\/cms\/author\/admin\/"}]}},"wp-worthy-pixel":{"ignored":true,"public":null,"server":null,"url":null},"wp-worthy-type":"normal","jetpack_publicize_connections":[],"cc_featured_image_caption":{"caption_text":"Jazz und anderes im Radio","source_text":"Foto: Martin Hufner","source_url":"https:\/\/musikunrat.de"},"jetpack_featured_media_url":"https:\/\/i0.wp.com\/www.jazzzeitung.de\/cms\/wp-content\/uploads\/2019\/03\/jazz_im_radio.jpg?fit=2200%2C1417&ssl=1","jetpack_shortlink":"https:\/\/wp.me\/p3KEcT-6sj","jetpack-related-posts":[{"id":24034,"url":"https:\/\/www.jazzzeitung.de\/cms\/2021\/01\/die-jazz-radiowoche-vom-11-01-2117-01-2021\/","url_meta":{"origin":24819,"position":0},"title":"Die Jazz-Radiowoche vom 11.01.21\u201317.01.2021","author":"Martin Hufner","date":"10. Januar 2021","format":false,"excerpt":"Ein kleiner Blick in die Jazzwoche 02 im Radio. Alle Angaben ohne Gew\u00e4hr. Unter anderem: Milestones \u2013 Jazzklassiker: Carla Bley: \u201eTropic Appetites\u201c (1974).","rel":"","context":"In &quot;News&quot;","block_context":{"text":"News","link":"https:\/\/www.jazzzeitung.de\/cms\/thema\/nachrichten\/"},"img":{"alt_text":"Jazz im Radio. Foto: Hufner","src":"https:\/\/i0.wp.com\/www.jazzzeitung.de\/cms\/wp-content\/uploads\/2019\/03\/jazz_im_radio.jpg?fit=1200%2C773&ssl=1&resize=350%2C200","width":350,"height":200,"srcset":"https:\/\/i0.wp.com\/www.jazzzeitung.de\/cms\/wp-content\/uploads\/2019\/03\/jazz_im_radio.jpg?fit=1200%2C773&ssl=1&resize=350%2C200 1x, https:\/\/i0.wp.com\/www.jazzzeitung.de\/cms\/wp-content\/uploads\/2019\/03\/jazz_im_radio.jpg?fit=1200%2C773&ssl=1&resize=525%2C300 1.5x, https:\/\/i0.wp.com\/www.jazzzeitung.de\/cms\/wp-content\/uploads\/2019\/03\/jazz_im_radio.jpg?fit=1200%2C773&ssl=1&resize=700%2C400 2x, https:\/\/i0.wp.com\/www.jazzzeitung.de\/cms\/wp-content\/uploads\/2019\/03\/jazz_im_radio.jpg?fit=1200%2C773&ssl=1&resize=1050%2C600 3x"},"classes":[]},{"id":24166,"url":"https:\/\/www.jazzzeitung.de\/cms\/2021\/01\/die-jazz-radiowoche-vom-18-01-2125-01-2021\/","url_meta":{"origin":24819,"position":1},"title":"Die Jazz-Radiowoche vom 18.01.21\u201325.01.2021","author":"Martin Hufner","date":"17. Januar 2021","format":false,"excerpt":"Ein kleiner Blick in die Jazzwoche 03 im Radio. Alle Angaben ohne Gew\u00e4hr. Unter anderem: Pianist Sebastian Sternal live im Jazzclub Birdland in Neuburg an der Donau. Aufnahme vom 19. November 2020.","rel":"","context":"In &quot;News&quot;","block_context":{"text":"News","link":"https:\/\/www.jazzzeitung.de\/cms\/thema\/nachrichten\/"},"img":{"alt_text":"Jazz im Radio. Foto: Hufner","src":"https:\/\/i0.wp.com\/www.jazzzeitung.de\/cms\/wp-content\/uploads\/2019\/03\/jazz_im_radio.jpg?fit=1200%2C773&ssl=1&resize=350%2C200","width":350,"height":200,"srcset":"https:\/\/i0.wp.com\/www.jazzzeitung.de\/cms\/wp-content\/uploads\/2019\/03\/jazz_im_radio.jpg?fit=1200%2C773&ssl=1&resize=350%2C200 1x, https:\/\/i0.wp.com\/www.jazzzeitung.de\/cms\/wp-content\/uploads\/2019\/03\/jazz_im_radio.jpg?fit=1200%2C773&ssl=1&resize=525%2C300 1.5x, https:\/\/i0.wp.com\/www.jazzzeitung.de\/cms\/wp-content\/uploads\/2019\/03\/jazz_im_radio.jpg?fit=1200%2C773&ssl=1&resize=700%2C400 2x, https:\/\/i0.wp.com\/www.jazzzeitung.de\/cms\/wp-content\/uploads\/2019\/03\/jazz_im_radio.jpg?fit=1200%2C773&ssl=1&resize=1050%2C600 3x"},"classes":[]},{"id":23939,"url":"https:\/\/www.jazzzeitung.de\/cms\/2020\/12\/die-jazz-radiowoche-vom-7-12-20-bis-13-12-2020\/","url_meta":{"origin":24819,"position":2},"title":"Die Jazz-Radiowoche vom 7.12.20 bis 13.12.2020","author":"Martin Hufner","date":"6. Dezember 2020","format":false,"excerpt":"Ein kleiner Blick in die Jazzwoche 50 im Radio. Der ist dieses mal so klein, es steht da n\u00e4mlich gar nichts drin.Grund daf\u00fcr: Die Suchmaschine f\u00fcr Radiosendungen der ARD gibt am dem 7.12.2020 keine Ergebnisse heraus. Versuche der Kontaktaufnahme mit der ARD sind ohne Echo verhallt. Aktuell bleibt es bei\u2026","rel":"","context":"In &quot;News&quot;","block_context":{"text":"News","link":"https:\/\/www.jazzzeitung.de\/cms\/thema\/nachrichten\/"},"img":{"alt_text":"Jazz im Radio. Foto: Hufner","src":"https:\/\/i0.wp.com\/www.jazzzeitung.de\/cms\/wp-content\/uploads\/2019\/03\/jazz_im_radio.jpg?fit=1200%2C773&ssl=1&resize=350%2C200","width":350,"height":200,"srcset":"https:\/\/i0.wp.com\/www.jazzzeitung.de\/cms\/wp-content\/uploads\/2019\/03\/jazz_im_radio.jpg?fit=1200%2C773&ssl=1&resize=350%2C200 1x, https:\/\/i0.wp.com\/www.jazzzeitung.de\/cms\/wp-content\/uploads\/2019\/03\/jazz_im_radio.jpg?fit=1200%2C773&ssl=1&resize=525%2C300 1.5x, https:\/\/i0.wp.com\/www.jazzzeitung.de\/cms\/wp-content\/uploads\/2019\/03\/jazz_im_radio.jpg?fit=1200%2C773&ssl=1&resize=700%2C400 2x, https:\/\/i0.wp.com\/www.jazzzeitung.de\/cms\/wp-content\/uploads\/2019\/03\/jazz_im_radio.jpg?fit=1200%2C773&ssl=1&resize=1050%2C600 3x"},"classes":[]},{"id":23982,"url":"https:\/\/www.jazzzeitung.de\/cms\/2020\/12\/die-jazz-radiowoche-vom-14-12-20-bis-31-12-2020\/","url_meta":{"origin":24819,"position":3},"title":"Die Jazz-Radiowoche vom 14.12.20 bis 31.12.2020","author":"Martin Hufner","date":"13. Dezember 2020","format":false,"excerpt":"Ein kleiner Blick in Restmonat. Die Suchmaschine der ARD hat ihren Dienst am 7.12.2020 eingestellt. Nachfragen haben nur gezeigt, dass die Veranwortlichen kein Interesse daran haben, das zu kommunizieren. Weder ist herauszubekommen, wer das veranlasst hat noch warum. Danke ARD! F\u00fcr nichts. Jetzt schauen wir mal, wie es weiter geht.\u2026","rel":"","context":"In &quot;News&quot;","block_context":{"text":"News","link":"https:\/\/www.jazzzeitung.de\/cms\/thema\/nachrichten\/"},"img":{"alt_text":"Jazz im Radio. Foto: Hufner","src":"https:\/\/i0.wp.com\/www.jazzzeitung.de\/cms\/wp-content\/uploads\/2019\/03\/jazz_im_radio.jpg?fit=1200%2C773&ssl=1&resize=350%2C200","width":350,"height":200,"srcset":"https:\/\/i0.wp.com\/www.jazzzeitung.de\/cms\/wp-content\/uploads\/2019\/03\/jazz_im_radio.jpg?fit=1200%2C773&ssl=1&resize=350%2C200 1x, https:\/\/i0.wp.com\/www.jazzzeitung.de\/cms\/wp-content\/uploads\/2019\/03\/jazz_im_radio.jpg?fit=1200%2C773&ssl=1&resize=525%2C300 1.5x, https:\/\/i0.wp.com\/www.jazzzeitung.de\/cms\/wp-content\/uploads\/2019\/03\/jazz_im_radio.jpg?fit=1200%2C773&ssl=1&resize=700%2C400 2x, https:\/\/i0.wp.com\/www.jazzzeitung.de\/cms\/wp-content\/uploads\/2019\/03\/jazz_im_radio.jpg?fit=1200%2C773&ssl=1&resize=1050%2C600 3x"},"classes":[]},{"id":24488,"url":"https:\/\/www.jazzzeitung.de\/cms\/2021\/03\/die-jazz-radiowoche-vom-08-03-2115-03-2021\/","url_meta":{"origin":24819,"position":4},"title":"Die Jazz-Radiowoche vom 08.03.21\u201314.03.2021","author":"Martin Hufner","date":"7. M\u00e4rz 2021","format":false,"excerpt":"Ein kleiner Blick in die Jazzwoche 10 im Radio. Am 12.3. zum Beispiel: 23:03 bis 00:00 | SWR 2: SWR2 NOWJazz: Back to the Sixties \u2013 Die \u201eRevisited\u201c-Serie beim Label ezz-thetics.","rel":"","context":"In &quot;News&quot;","block_context":{"text":"News","link":"https:\/\/www.jazzzeitung.de\/cms\/thema\/nachrichten\/"},"img":{"alt_text":"Jazz im Radio. Foto: Hufner","src":"https:\/\/i0.wp.com\/www.jazzzeitung.de\/cms\/wp-content\/uploads\/2019\/03\/jazz_im_radio.jpg?fit=1200%2C773&ssl=1&resize=350%2C200","width":350,"height":200,"srcset":"https:\/\/i0.wp.com\/www.jazzzeitung.de\/cms\/wp-content\/uploads\/2019\/03\/jazz_im_radio.jpg?fit=1200%2C773&ssl=1&resize=350%2C200 1x, https:\/\/i0.wp.com\/www.jazzzeitung.de\/cms\/wp-content\/uploads\/2019\/03\/jazz_im_radio.jpg?fit=1200%2C773&ssl=1&resize=525%2C300 1.5x, https:\/\/i0.wp.com\/www.jazzzeitung.de\/cms\/wp-content\/uploads\/2019\/03\/jazz_im_radio.jpg?fit=1200%2C773&ssl=1&resize=700%2C400 2x, https:\/\/i0.wp.com\/www.jazzzeitung.de\/cms\/wp-content\/uploads\/2019\/03\/jazz_im_radio.jpg?fit=1200%2C773&ssl=1&resize=1050%2C600 3x"},"classes":[]},{"id":22236,"url":"https:\/\/www.jazzzeitung.de\/cms\/2020\/03\/die-jazz-radiowoche-vom-30-03-20-bis-05-04-20\/","url_meta":{"origin":24819,"position":5},"title":"Die Jazz-Radiowoche vom 30.03.20 bis 05.04.20","author":"Martin Hufner","date":"29. M\u00e4rz 2020","format":false,"excerpt":"Ein kleiner Blick in die Jazzwoche 14 im Radio. Alle Angaben ohne Gew\u00e4hr. Jazz im Radio (Fernsehen) SR2 \u2013 JazzNow \u2013 Sonntags von 20.04 bis 22.30 Uhr BR-KLASSIK \u2013 Jazztime \u2013 Von Montag bis Freitag t\u00e4glich um 23.05 Uhr rbb-kultur \u2013 Late Night Jazz \u2013 Sa und So 23:04 \u2013\u2026","rel":"","context":"In &quot;News&quot;","block_context":{"text":"News","link":"https:\/\/www.jazzzeitung.de\/cms\/thema\/nachrichten\/"},"img":{"alt_text":"Jazz im Radio. Foto: Hufner","src":"https:\/\/i0.wp.com\/www.jazzzeitung.de\/cms\/wp-content\/uploads\/2019\/03\/jazz_im_radio.jpg?fit=1200%2C773&ssl=1&resize=350%2C200","width":350,"height":200,"srcset":"https:\/\/i0.wp.com\/www.jazzzeitung.de\/cms\/wp-content\/uploads\/2019\/03\/jazz_im_radio.jpg?fit=1200%2C773&ssl=1&resize=350%2C200 1x, https:\/\/i0.wp.com\/www.jazzzeitung.de\/cms\/wp-content\/uploads\/2019\/03\/jazz_im_radio.jpg?fit=1200%2C773&ssl=1&resize=525%2C300 1.5x, https:\/\/i0.wp.com\/www.jazzzeitung.de\/cms\/wp-content\/uploads\/2019\/03\/jazz_im_radio.jpg?fit=1200%2C773&ssl=1&resize=700%2C400 2x, https:\/\/i0.wp.com\/www.jazzzeitung.de\/cms\/wp-content\/uploads\/2019\/03\/jazz_im_radio.jpg?fit=1200%2C773&ssl=1&resize=1050%2C600 3x"},"classes":[]}],"jetpack_sharing_enabled":false,"_links":{"self":[{"href":"https:\/\/www.jazzzeitung.de\/cms\/wp-json\/wp\/v2\/posts\/24819","targetHints":{"allow":["GET"]}}],"collection":[{"href":"https:\/\/www.jazzzeitung.de\/cms\/wp-json\/wp\/v2\/posts"}],"about":[{"href":"https:\/\/www.jazzzeitung.de\/cms\/wp-json\/wp\/v2\/types\/post"}],"author":[{"embeddable":true,"href":"https:\/\/www.jazzzeitung.de\/cms\/wp-json\/wp\/v2\/users\/1"}],"replies":[{"embeddable":true,"href":"https:\/\/www.jazzzeitung.de\/cms\/wp-json\/wp\/v2\/comments?post=24819"}],"version-history":[{"count":2,"href":"https:\/\/www.jazzzeitung.de\/cms\/wp-json\/wp\/v2\/posts\/24819\/revisions"}],"predecessor-version":[{"id":24828,"href":"https:\/\/www.jazzzeitung.de\/cms\/wp-json\/wp\/v2\/posts\/24819\/revisions\/24828"}],"wp:featuredmedia":[{"embeddable":true,"href":"https:\/\/www.jazzzeitung.de\/cms\/wp-json\/wp\/v2\/media\/18913"}],"wp:attachment":[{"href":"https:\/\/www.jazzzeitung.de\/cms\/wp-json\/wp\/v2\/media?parent=24819"}],"wp:term":[{"taxonomy":"category","embeddable":true,"href":"https:\/\/www.jazzzeitung.de\/cms\/wp-json\/wp\/v2\/categories?post=24819"},{"taxonomy":"post_tag","embeddable":true,"href":"https:\/\/www.jazzzeitung.de\/cms\/wp-json\/wp\/v2\/tags?post=24819"},{"taxonomy":"author","embeddable":true,"href":"https:\/\/www.jazzzeitung.de\/cms\/wp-json\/wp\/v2\/coauthors?post=24819"}],"curies":[{"name":"wp","href":"https:\/\/api.w.org\/{rel}","templated":true}]}}