{"id":24803,"date":"2021-05-08T09:38:43","date_gmt":"2021-05-08T07:38:43","guid":{"rendered":"https:\/\/www.jazzzeitung.de\/cms\/?p=24803"},"modified":"2021-05-07T13:44:58","modified_gmt":"2021-05-07T11:44:58","slug":"international-jazz-day-in-grafing-mit-rising-stars-back-home","status":"publish","type":"post","link":"https:\/\/www.jazzzeitung.de\/cms\/2021\/05\/international-jazz-day-in-grafing-mit-rising-stars-back-home\/","title":{"rendered":"International Jazz Day in Grafing mit \u201eRISING STARS &#8211; BACK HOME\u201c"},"content":{"rendered":"<p><strong>Seit 2012 findet der International Jazz Day statt und seit vier Jahren beteiligt sich auch der Verein JAZZ.GRAFING in Kooperation mit der Stadt Grafing daran. Unter dem Motto \u201eRISING STARS &#8211; BACK HOME\u201c pr\u00e4sentierte der Verein junge Musiker, die in der heimischen Umfeld gro\u00df geworden sind und sich mittlerweile als Profis in der Szene tummeln.<\/strong><\/p>\n<p>Nat\u00fcrlich ist auch dieses Jahr alles anders als sonst. Die Pandemie stellt Veranstalter wie Musiker vor gro\u00dfe Herausforderungen. Bei JAZZ.GRAFING gilt vor allem Eines: Bange machen gilt nicht! Die Stadthalle in Grafing verf\u00fcgt \u00fcber gen\u00fcgend Platz und Engagement aller Beteiligten, um den International Jazz Day auch dieses Jahr, wie schon 2020, live zu streamen. Dazu eingeladen wurde die S\u00e4ngerin Alma Naidu, die bereits bei den EBE-Jazzfestivals 2015 und 2019 aufgetreten ist und k\u00fcrzlich mit dem Kurt Maas Jazz Award ausgezeichnet wurde. Der 1998 in der Nachbarschaft Ebersberg geboren Pianist Niklas Roever ist dem Verein JAZZ.GRAFING musikalisch seit 2002 verbunden und hat nach fr\u00fchen Erfahrungen in heimischen Jam-Sessions bereits mit 15 Jahren angefangen an der Hochschule f\u00fcr Musik und Theater in M\u00fcnchen zu studieren. Dazu gesellte au\u00dferdem sich die Bassistin Julia Hornung, die in der Band SiEA oder dem Monaco Swing Ensemble spielt und u.a. eine eigene Booking Agentur sowie einen Musikverlag betreibt. Der in Grafing aufgewachsene Schlagzeuger Johannes Rothmoser studierte ebenfalls an der Hochschule in M\u00fcnchen und ist seit ca. 10 Jahren in verschiedensten musikalischen Metiers unterwegs.<\/p>\n<div class=\"tiled-gallery type-rectangular tiled-gallery-unresized\" data-original-width=\"840\" data-carousel-extra='{&quot;blog_id&quot;:1,&quot;permalink&quot;:&quot;https:\\\/\\\/www.jazzzeitung.de\\\/cms\\\/2021\\\/05\\\/international-jazz-day-in-grafing-mit-rising-stars-back-home\\\/&quot;,&quot;likes_blog_id&quot;:55446655}' itemscope itemtype=\"http:\/\/schema.org\/ImageGallery\" > <div class=\"gallery-row\" style=\"width: 840px; height: 628px;\" data-original-width=\"840\" data-original-height=\"628\" > <div class=\"gallery-group images-1\" style=\"width: 420px; height: 628px;\" data-original-width=\"420\" data-original-height=\"628\" > <div class=\"tiled-gallery-item tiled-gallery-item-large\" itemprop=\"associatedMedia\" itemscope itemtype=\"http:\/\/schema.org\/ImageObject\"> <a href=\"https:\/\/www.jazzzeitung.de\/cms\/2021\/05\/international-jazz-day-in-grafing-mit-rising-stars-back-home\/p1011328-jann-foto-tj-krebs\/\" border=\"0\" itemprop=\"url\"> <meta itemprop=\"width\" content=\"416\"> <meta itemprop=\"height\" content=\"624\"> <img decoding=\"async\" class=\"\" data-attachment-id=\"24806\" data-orig-file=\"https:\/\/www.jazzzeitung.de\/cms\/wp-content\/uploads\/2021\/05\/P1011328-Jann-Foto-TJ-Krebs.jpg\" data-orig-size=\"800,1200\" data-comments-opened=\"1\" data-image-meta=\"{&quot;aperture&quot;:&quot;0&quot;,&quot;credit&quot;:&quot;&quot;,&quot;camera&quot;:&quot;&quot;,&quot;caption&quot;:&quot;&quot;,&quot;created_timestamp&quot;:&quot;0&quot;,&quot;copyright&quot;:&quot;&quot;,&quot;focal_length&quot;:&quot;0&quot;,&quot;iso&quot;:&quot;0&quot;,&quot;shutter_speed&quot;:&quot;0&quot;,&quot;title&quot;:&quot;&quot;,&quot;orientation&quot;:&quot;0&quot;}\" data-image-title=\"\" data-image-description=\"\" data-medium-file=\"https:\/\/i0.wp.com\/www.jazzzeitung.de\/cms\/wp-content\/uploads\/2021\/05\/P1011328-Jann-Foto-TJ-Krebs.jpg?fit=200%2C300&#038;ssl=1\" data-large-file=\"https:\/\/i0.wp.com\/www.jazzzeitung.de\/cms\/wp-content\/uploads\/2021\/05\/P1011328-Jann-Foto-TJ-Krebs.jpg?fit=400%2C600&#038;ssl=1\" src=\"https:\/\/i0.wp.com\/www.jazzzeitung.de\/cms\/wp-content\/uploads\/2021\/05\/P1011328-Jann-Foto-TJ-Krebs.jpg?w=416&#038;h=624&#038;ssl=1\" srcset=\"https:\/\/i0.wp.com\/www.jazzzeitung.de\/cms\/wp-content\/uploads\/2021\/05\/P1011328-Jann-Foto-TJ-Krebs.jpg?w=800&amp;ssl=1 800w, https:\/\/i0.wp.com\/www.jazzzeitung.de\/cms\/wp-content\/uploads\/2021\/05\/P1011328-Jann-Foto-TJ-Krebs.jpg?resize=200%2C300&amp;ssl=1 200w, https:\/\/i0.wp.com\/www.jazzzeitung.de\/cms\/wp-content\/uploads\/2021\/05\/P1011328-Jann-Foto-TJ-Krebs.jpg?resize=400%2C600&amp;ssl=1 400w, https:\/\/i0.wp.com\/www.jazzzeitung.de\/cms\/wp-content\/uploads\/2021\/05\/P1011328-Jann-Foto-TJ-Krebs.jpg?resize=768%2C1152&amp;ssl=1 768w\" width=\"416\" height=\"624\" loading=\"lazy\" data-original-width=\"416\" data-original-height=\"624\" itemprop=\"http:\/\/schema.org\/image\" title=\"\" alt=\"Jochaim Jann - Foto TJ Krebs\" style=\"width: 416px; height: 624px;\" \/> <\/a> <div class=\"tiled-gallery-caption\" itemprop=\"caption description\"> Jochaim Jann &#8211; Foto TJ Krebs <\/div> <\/div> <\/div> <!-- close group --> <div class=\"gallery-group images-1\" style=\"width: 420px; height: 628px;\" data-original-width=\"420\" data-original-height=\"628\" > <div class=\"tiled-gallery-item tiled-gallery-item-large\" itemprop=\"associatedMedia\" itemscope itemtype=\"http:\/\/schema.org\/ImageObject\"> <a href=\"https:\/\/www.jazzzeitung.de\/cms\/2021\/05\/international-jazz-day-in-grafing-mit-rising-stars-back-home\/p1011536-naidu-rothmoser-foto-tj-krebs\/\" border=\"0\" itemprop=\"url\"> <meta itemprop=\"width\" content=\"416\"> <meta itemprop=\"height\" content=\"624\"> <img decoding=\"async\" class=\"\" data-attachment-id=\"24807\" data-orig-file=\"https:\/\/www.jazzzeitung.de\/cms\/wp-content\/uploads\/2021\/05\/P1011536-Naidu-Rothmoser-Foto-TJ-Krebs.jpg\" data-orig-size=\"800,1200\" data-comments-opened=\"1\" data-image-meta=\"{&quot;aperture&quot;:&quot;0&quot;,&quot;credit&quot;:&quot;&quot;,&quot;camera&quot;:&quot;&quot;,&quot;caption&quot;:&quot;&quot;,&quot;created_timestamp&quot;:&quot;0&quot;,&quot;copyright&quot;:&quot;&quot;,&quot;focal_length&quot;:&quot;0&quot;,&quot;iso&quot;:&quot;0&quot;,&quot;shutter_speed&quot;:&quot;0&quot;,&quot;title&quot;:&quot;&quot;,&quot;orientation&quot;:&quot;0&quot;}\" data-image-title=\"\" data-image-description=\"\" data-medium-file=\"https:\/\/i0.wp.com\/www.jazzzeitung.de\/cms\/wp-content\/uploads\/2021\/05\/P1011536-Naidu-Rothmoser-Foto-TJ-Krebs.jpg?fit=200%2C300&#038;ssl=1\" data-large-file=\"https:\/\/i0.wp.com\/www.jazzzeitung.de\/cms\/wp-content\/uploads\/2021\/05\/P1011536-Naidu-Rothmoser-Foto-TJ-Krebs.jpg?fit=400%2C600&#038;ssl=1\" src=\"https:\/\/i0.wp.com\/www.jazzzeitung.de\/cms\/wp-content\/uploads\/2021\/05\/P1011536-Naidu-Rothmoser-Foto-TJ-Krebs.jpg?w=416&#038;h=624&#038;ssl=1\" srcset=\"https:\/\/i0.wp.com\/www.jazzzeitung.de\/cms\/wp-content\/uploads\/2021\/05\/P1011536-Naidu-Rothmoser-Foto-TJ-Krebs.jpg?w=800&amp;ssl=1 800w, https:\/\/i0.wp.com\/www.jazzzeitung.de\/cms\/wp-content\/uploads\/2021\/05\/P1011536-Naidu-Rothmoser-Foto-TJ-Krebs.jpg?resize=200%2C300&amp;ssl=1 200w, https:\/\/i0.wp.com\/www.jazzzeitung.de\/cms\/wp-content\/uploads\/2021\/05\/P1011536-Naidu-Rothmoser-Foto-TJ-Krebs.jpg?resize=400%2C600&amp;ssl=1 400w, https:\/\/i0.wp.com\/www.jazzzeitung.de\/cms\/wp-content\/uploads\/2021\/05\/P1011536-Naidu-Rothmoser-Foto-TJ-Krebs.jpg?resize=768%2C1152&amp;ssl=1 768w\" width=\"416\" height=\"624\" loading=\"lazy\" data-original-width=\"416\" data-original-height=\"624\" itemprop=\"http:\/\/schema.org\/image\" title=\"\" alt=\"Alma Naidu-Johannes Rothmoser -Foto TJ Krebs\" style=\"width: 416px; height: 624px;\" \/> <\/a> <div class=\"tiled-gallery-caption\" itemprop=\"caption description\"> Alma Naidu-Johannes Rothmoser -Foto TJ Krebs <\/div> <\/div> <\/div> <!-- close group --> <\/div> <!-- close row --> <div class=\"gallery-row\" style=\"width: 840px; height: 593px;\" data-original-width=\"840\" data-original-height=\"593\" > <div class=\"gallery-group images-2\" style=\"width: 443px; height: 593px;\" data-original-width=\"443\" data-original-height=\"593\" > <div class=\"tiled-gallery-item tiled-gallery-item-large\" itemprop=\"associatedMedia\" itemscope itemtype=\"http:\/\/schema.org\/ImageObject\"> <a href=\"https:\/\/www.jazzzeitung.de\/cms\/2021\/05\/international-jazz-day-in-grafing-mit-rising-stars-back-home\/p1011547-hornung-foto-tj-krebs\/\" border=\"0\" itemprop=\"url\"> <meta itemprop=\"width\" content=\"439\"> <meta itemprop=\"height\" content=\"293\"> <img decoding=\"async\" class=\"\" data-attachment-id=\"24808\" data-orig-file=\"https:\/\/www.jazzzeitung.de\/cms\/wp-content\/uploads\/2021\/05\/P1011547-Hornung-Foto-TJ-Krebs.jpg\" data-orig-size=\"1200,800\" data-comments-opened=\"1\" data-image-meta=\"{&quot;aperture&quot;:&quot;0&quot;,&quot;credit&quot;:&quot;&quot;,&quot;camera&quot;:&quot;&quot;,&quot;caption&quot;:&quot;&quot;,&quot;created_timestamp&quot;:&quot;0&quot;,&quot;copyright&quot;:&quot;&quot;,&quot;focal_length&quot;:&quot;0&quot;,&quot;iso&quot;:&quot;0&quot;,&quot;shutter_speed&quot;:&quot;0&quot;,&quot;title&quot;:&quot;&quot;,&quot;orientation&quot;:&quot;0&quot;}\" data-image-title=\"\" data-image-description=\"\" data-medium-file=\"https:\/\/i0.wp.com\/www.jazzzeitung.de\/cms\/wp-content\/uploads\/2021\/05\/P1011547-Hornung-Foto-TJ-Krebs.jpg?fit=300%2C200&#038;ssl=1\" data-large-file=\"https:\/\/i0.wp.com\/www.jazzzeitung.de\/cms\/wp-content\/uploads\/2021\/05\/P1011547-Hornung-Foto-TJ-Krebs.jpg?fit=840%2C560&#038;ssl=1\" src=\"https:\/\/i0.wp.com\/www.jazzzeitung.de\/cms\/wp-content\/uploads\/2021\/05\/P1011547-Hornung-Foto-TJ-Krebs.jpg?w=439&#038;h=293&#038;ssl=1\" srcset=\"https:\/\/i0.wp.com\/www.jazzzeitung.de\/cms\/wp-content\/uploads\/2021\/05\/P1011547-Hornung-Foto-TJ-Krebs.jpg?w=1200&amp;ssl=1 1200w, https:\/\/i0.wp.com\/www.jazzzeitung.de\/cms\/wp-content\/uploads\/2021\/05\/P1011547-Hornung-Foto-TJ-Krebs.jpg?resize=300%2C200&amp;ssl=1 300w, https:\/\/i0.wp.com\/www.jazzzeitung.de\/cms\/wp-content\/uploads\/2021\/05\/P1011547-Hornung-Foto-TJ-Krebs.jpg?resize=900%2C600&amp;ssl=1 900w, https:\/\/i0.wp.com\/www.jazzzeitung.de\/cms\/wp-content\/uploads\/2021\/05\/P1011547-Hornung-Foto-TJ-Krebs.jpg?resize=768%2C512&amp;ssl=1 768w, https:\/\/i0.wp.com\/www.jazzzeitung.de\/cms\/wp-content\/uploads\/2021\/05\/P1011547-Hornung-Foto-TJ-Krebs.jpg?resize=120%2C80&amp;ssl=1 120w\" width=\"439\" height=\"293\" loading=\"lazy\" data-original-width=\"439\" data-original-height=\"293\" itemprop=\"http:\/\/schema.org\/image\" title=\"\" alt=\"Julia Hornung - Foto TJ Krebs\" style=\"width: 439px; height: 293px;\" \/> <\/a> <div class=\"tiled-gallery-caption\" itemprop=\"caption description\"> Julia Hornung &#8211; Foto TJ Krebs <\/div> <\/div> <div class=\"tiled-gallery-item tiled-gallery-item-large\" itemprop=\"associatedMedia\" itemscope itemtype=\"http:\/\/schema.org\/ImageObject\"> <a href=\"https:\/\/www.jazzzeitung.de\/cms\/2021\/05\/international-jazz-day-in-grafing-mit-rising-stars-back-home\/p1011596-03-ametsbichler-foto-tj-krebs\/\" border=\"0\" itemprop=\"url\"> <meta itemprop=\"width\" content=\"439\"> <meta itemprop=\"height\" content=\"292\"> <img decoding=\"async\" class=\"\" data-attachment-id=\"24809\" data-orig-file=\"https:\/\/www.jazzzeitung.de\/cms\/wp-content\/uploads\/2021\/05\/P1011596-03-Ametsbichler-Foto-TJ-Krebs.jpg\" data-orig-size=\"1200,800\" data-comments-opened=\"1\" data-image-meta=\"{&quot;aperture&quot;:&quot;0&quot;,&quot;credit&quot;:&quot;&quot;,&quot;camera&quot;:&quot;&quot;,&quot;caption&quot;:&quot;&quot;,&quot;created_timestamp&quot;:&quot;0&quot;,&quot;copyright&quot;:&quot;&quot;,&quot;focal_length&quot;:&quot;0&quot;,&quot;iso&quot;:&quot;0&quot;,&quot;shutter_speed&quot;:&quot;0&quot;,&quot;title&quot;:&quot;&quot;,&quot;orientation&quot;:&quot;0&quot;}\" data-image-title=\"\" data-image-description=\"\" data-medium-file=\"https:\/\/i0.wp.com\/www.jazzzeitung.de\/cms\/wp-content\/uploads\/2021\/05\/P1011596-03-Ametsbichler-Foto-TJ-Krebs.jpg?fit=300%2C200&#038;ssl=1\" data-large-file=\"https:\/\/i0.wp.com\/www.jazzzeitung.de\/cms\/wp-content\/uploads\/2021\/05\/P1011596-03-Ametsbichler-Foto-TJ-Krebs.jpg?fit=840%2C560&#038;ssl=1\" src=\"https:\/\/i0.wp.com\/www.jazzzeitung.de\/cms\/wp-content\/uploads\/2021\/05\/P1011596-03-Ametsbichler-Foto-TJ-Krebs.jpg?w=439&#038;h=292&#038;ssl=1\" srcset=\"https:\/\/i0.wp.com\/www.jazzzeitung.de\/cms\/wp-content\/uploads\/2021\/05\/P1011596-03-Ametsbichler-Foto-TJ-Krebs.jpg?w=1200&amp;ssl=1 1200w, https:\/\/i0.wp.com\/www.jazzzeitung.de\/cms\/wp-content\/uploads\/2021\/05\/P1011596-03-Ametsbichler-Foto-TJ-Krebs.jpg?resize=300%2C200&amp;ssl=1 300w, https:\/\/i0.wp.com\/www.jazzzeitung.de\/cms\/wp-content\/uploads\/2021\/05\/P1011596-03-Ametsbichler-Foto-TJ-Krebs.jpg?resize=900%2C600&amp;ssl=1 900w, https:\/\/i0.wp.com\/www.jazzzeitung.de\/cms\/wp-content\/uploads\/2021\/05\/P1011596-03-Ametsbichler-Foto-TJ-Krebs.jpg?resize=768%2C512&amp;ssl=1 768w, https:\/\/i0.wp.com\/www.jazzzeitung.de\/cms\/wp-content\/uploads\/2021\/05\/P1011596-03-Ametsbichler-Foto-TJ-Krebs.jpg?resize=120%2C80&amp;ssl=1 120w\" width=\"439\" height=\"292\" loading=\"lazy\" data-original-width=\"439\" data-original-height=\"292\" itemprop=\"http:\/\/schema.org\/image\" title=\"\" alt=\"Josef Ametsbichler - Foto TJ Krebs\" style=\"width: 439px; height: 292px;\" \/> <\/a> <div class=\"tiled-gallery-caption\" itemprop=\"caption description\"> Josef Ametsbichler &#8211; Foto TJ Krebs <\/div> <\/div> <\/div> <!-- close group --> <div class=\"gallery-group images-1\" style=\"width: 397px; height: 593px;\" data-original-width=\"397\" data-original-height=\"593\" > <div class=\"tiled-gallery-item tiled-gallery-item-large\" itemprop=\"associatedMedia\" itemscope itemtype=\"http:\/\/schema.org\/ImageObject\"> <a href=\"https:\/\/www.jazzzeitung.de\/cms\/2021\/05\/international-jazz-day-in-grafing-mit-rising-stars-back-home\/p1011615-naidu-roever-foto-tj-krebs\/\" border=\"0\" itemprop=\"url\"> <meta itemprop=\"width\" content=\"393\"> <meta itemprop=\"height\" content=\"589\"> <img decoding=\"async\" class=\"\" data-attachment-id=\"24810\" data-orig-file=\"https:\/\/www.jazzzeitung.de\/cms\/wp-content\/uploads\/2021\/05\/P1011615-Naidu-Roever-Foto-TJ-Krebs.jpg\" data-orig-size=\"800,1200\" data-comments-opened=\"1\" data-image-meta=\"{&quot;aperture&quot;:&quot;0&quot;,&quot;credit&quot;:&quot;&quot;,&quot;camera&quot;:&quot;&quot;,&quot;caption&quot;:&quot;&quot;,&quot;created_timestamp&quot;:&quot;0&quot;,&quot;copyright&quot;:&quot;&quot;,&quot;focal_length&quot;:&quot;0&quot;,&quot;iso&quot;:&quot;0&quot;,&quot;shutter_speed&quot;:&quot;0&quot;,&quot;title&quot;:&quot;&quot;,&quot;orientation&quot;:&quot;0&quot;}\" data-image-title=\"\" data-image-description=\"\" data-medium-file=\"https:\/\/i0.wp.com\/www.jazzzeitung.de\/cms\/wp-content\/uploads\/2021\/05\/P1011615-Naidu-Roever-Foto-TJ-Krebs.jpg?fit=200%2C300&#038;ssl=1\" data-large-file=\"https:\/\/i0.wp.com\/www.jazzzeitung.de\/cms\/wp-content\/uploads\/2021\/05\/P1011615-Naidu-Roever-Foto-TJ-Krebs.jpg?fit=400%2C600&#038;ssl=1\" src=\"https:\/\/i0.wp.com\/www.jazzzeitung.de\/cms\/wp-content\/uploads\/2021\/05\/P1011615-Naidu-Roever-Foto-TJ-Krebs.jpg?w=393&#038;h=589&#038;ssl=1\" srcset=\"https:\/\/i0.wp.com\/www.jazzzeitung.de\/cms\/wp-content\/uploads\/2021\/05\/P1011615-Naidu-Roever-Foto-TJ-Krebs.jpg?w=800&amp;ssl=1 800w, https:\/\/i0.wp.com\/www.jazzzeitung.de\/cms\/wp-content\/uploads\/2021\/05\/P1011615-Naidu-Roever-Foto-TJ-Krebs.jpg?resize=200%2C300&amp;ssl=1 200w, https:\/\/i0.wp.com\/www.jazzzeitung.de\/cms\/wp-content\/uploads\/2021\/05\/P1011615-Naidu-Roever-Foto-TJ-Krebs.jpg?resize=400%2C600&amp;ssl=1 400w, https:\/\/i0.wp.com\/www.jazzzeitung.de\/cms\/wp-content\/uploads\/2021\/05\/P1011615-Naidu-Roever-Foto-TJ-Krebs.jpg?resize=768%2C1152&amp;ssl=1 768w\" width=\"393\" height=\"589\" loading=\"lazy\" data-original-width=\"393\" data-original-height=\"589\" itemprop=\"http:\/\/schema.org\/image\" title=\"\" alt=\"Alma Naidu-Niklas Roever -Foto TJ Krebs\" style=\"width: 393px; height: 589px;\" \/> <\/a> <div class=\"tiled-gallery-caption\" itemprop=\"caption description\"> Alma Naidu-Niklas Roever -Foto TJ Krebs <\/div> <\/div> <\/div> <!-- close group --> <\/div> <!-- close row --> <div class=\"gallery-row\" style=\"width: 840px; height: 281px;\" data-original-width=\"840\" data-original-height=\"281\" > <div class=\"gallery-group images-1\" style=\"width: 420px; height: 281px;\" data-original-width=\"420\" data-original-height=\"281\" > <div class=\"tiled-gallery-item tiled-gallery-item-large\" itemprop=\"associatedMedia\" itemscope itemtype=\"http:\/\/schema.org\/ImageObject\"> <a href=\"https:\/\/www.jazzzeitung.de\/cms\/2021\/05\/international-jazz-day-in-grafing-mit-rising-stars-back-home\/p1011633-international-jazz-day-grafing-foto-tj-krebs\/\" border=\"0\" itemprop=\"url\"> <meta itemprop=\"width\" content=\"416\"> <meta itemprop=\"height\" content=\"277\"> <img decoding=\"async\" class=\"\" data-attachment-id=\"24811\" data-orig-file=\"https:\/\/www.jazzzeitung.de\/cms\/wp-content\/uploads\/2021\/05\/P1011633-International-Jazz-Day-Grafing-Foto-TJ-Krebs.jpg\" data-orig-size=\"1200,800\" data-comments-opened=\"1\" data-image-meta=\"{&quot;aperture&quot;:&quot;0&quot;,&quot;credit&quot;:&quot;&quot;,&quot;camera&quot;:&quot;&quot;,&quot;caption&quot;:&quot;&quot;,&quot;created_timestamp&quot;:&quot;0&quot;,&quot;copyright&quot;:&quot;&quot;,&quot;focal_length&quot;:&quot;0&quot;,&quot;iso&quot;:&quot;0&quot;,&quot;shutter_speed&quot;:&quot;0&quot;,&quot;title&quot;:&quot;&quot;,&quot;orientation&quot;:&quot;0&quot;}\" data-image-title=\"\" data-image-description=\"\" data-medium-file=\"https:\/\/i0.wp.com\/www.jazzzeitung.de\/cms\/wp-content\/uploads\/2021\/05\/P1011633-International-Jazz-Day-Grafing-Foto-TJ-Krebs.jpg?fit=300%2C200&#038;ssl=1\" data-large-file=\"https:\/\/i0.wp.com\/www.jazzzeitung.de\/cms\/wp-content\/uploads\/2021\/05\/P1011633-International-Jazz-Day-Grafing-Foto-TJ-Krebs.jpg?fit=840%2C560&#038;ssl=1\" src=\"https:\/\/i0.wp.com\/www.jazzzeitung.de\/cms\/wp-content\/uploads\/2021\/05\/P1011633-International-Jazz-Day-Grafing-Foto-TJ-Krebs.jpg?w=416&#038;h=277&#038;ssl=1\" srcset=\"https:\/\/i0.wp.com\/www.jazzzeitung.de\/cms\/wp-content\/uploads\/2021\/05\/P1011633-International-Jazz-Day-Grafing-Foto-TJ-Krebs.jpg?w=1200&amp;ssl=1 1200w, https:\/\/i0.wp.com\/www.jazzzeitung.de\/cms\/wp-content\/uploads\/2021\/05\/P1011633-International-Jazz-Day-Grafing-Foto-TJ-Krebs.jpg?resize=300%2C200&amp;ssl=1 300w, https:\/\/i0.wp.com\/www.jazzzeitung.de\/cms\/wp-content\/uploads\/2021\/05\/P1011633-International-Jazz-Day-Grafing-Foto-TJ-Krebs.jpg?resize=900%2C600&amp;ssl=1 900w, https:\/\/i0.wp.com\/www.jazzzeitung.de\/cms\/wp-content\/uploads\/2021\/05\/P1011633-International-Jazz-Day-Grafing-Foto-TJ-Krebs.jpg?resize=768%2C512&amp;ssl=1 768w, https:\/\/i0.wp.com\/www.jazzzeitung.de\/cms\/wp-content\/uploads\/2021\/05\/P1011633-International-Jazz-Day-Grafing-Foto-TJ-Krebs.jpg?resize=120%2C80&amp;ssl=1 120w\" width=\"416\" height=\"277\" loading=\"lazy\" data-original-width=\"416\" data-original-height=\"277\" itemprop=\"http:\/\/schema.org\/image\" title=\"\" alt=\"International Jazz Day Grafing - Foto TJ Krebs\" style=\"width: 416px; height: 277px;\" \/> <\/a> <div class=\"tiled-gallery-caption\" itemprop=\"caption description\"> International Jazz Day Grafing &#8211; Foto TJ Krebs <\/div> <\/div> <\/div> <!-- close group --> <div class=\"gallery-group images-1\" style=\"width: 420px; height: 281px;\" data-original-width=\"420\" data-original-height=\"281\" > <div class=\"tiled-gallery-item tiled-gallery-item-large\" itemprop=\"associatedMedia\" itemscope itemtype=\"http:\/\/schema.org\/ImageObject\"> <a href=\"https:\/\/www.jazzzeitung.de\/cms\/2021\/05\/international-jazz-day-in-grafing-mit-rising-stars-back-home\/p1011659-haschler-hornung-foto-tj-krebs\/\" border=\"0\" itemprop=\"url\"> <meta itemprop=\"width\" content=\"416\"> <meta itemprop=\"height\" content=\"277\"> <img decoding=\"async\" class=\"\" data-attachment-id=\"24813\" data-orig-file=\"https:\/\/www.jazzzeitung.de\/cms\/wp-content\/uploads\/2021\/05\/P1011659-Haschler-Hornung-Foto-TJ-Krebs.jpg\" data-orig-size=\"1200,800\" data-comments-opened=\"1\" data-image-meta=\"{&quot;aperture&quot;:&quot;0&quot;,&quot;credit&quot;:&quot;&quot;,&quot;camera&quot;:&quot;&quot;,&quot;caption&quot;:&quot;&quot;,&quot;created_timestamp&quot;:&quot;0&quot;,&quot;copyright&quot;:&quot;&quot;,&quot;focal_length&quot;:&quot;0&quot;,&quot;iso&quot;:&quot;0&quot;,&quot;shutter_speed&quot;:&quot;0&quot;,&quot;title&quot;:&quot;&quot;,&quot;orientation&quot;:&quot;0&quot;}\" data-image-title=\"\" data-image-description=\"\" data-medium-file=\"https:\/\/i0.wp.com\/www.jazzzeitung.de\/cms\/wp-content\/uploads\/2021\/05\/P1011659-Haschler-Hornung-Foto-TJ-Krebs.jpg?fit=300%2C200&#038;ssl=1\" data-large-file=\"https:\/\/i0.wp.com\/www.jazzzeitung.de\/cms\/wp-content\/uploads\/2021\/05\/P1011659-Haschler-Hornung-Foto-TJ-Krebs.jpg?fit=840%2C560&#038;ssl=1\" src=\"https:\/\/i0.wp.com\/www.jazzzeitung.de\/cms\/wp-content\/uploads\/2021\/05\/P1011659-Haschler-Hornung-Foto-TJ-Krebs.jpg?w=416&#038;h=277&#038;ssl=1\" srcset=\"https:\/\/i0.wp.com\/www.jazzzeitung.de\/cms\/wp-content\/uploads\/2021\/05\/P1011659-Haschler-Hornung-Foto-TJ-Krebs.jpg?w=1200&amp;ssl=1 1200w, https:\/\/i0.wp.com\/www.jazzzeitung.de\/cms\/wp-content\/uploads\/2021\/05\/P1011659-Haschler-Hornung-Foto-TJ-Krebs.jpg?resize=300%2C200&amp;ssl=1 300w, https:\/\/i0.wp.com\/www.jazzzeitung.de\/cms\/wp-content\/uploads\/2021\/05\/P1011659-Haschler-Hornung-Foto-TJ-Krebs.jpg?resize=900%2C600&amp;ssl=1 900w, https:\/\/i0.wp.com\/www.jazzzeitung.de\/cms\/wp-content\/uploads\/2021\/05\/P1011659-Haschler-Hornung-Foto-TJ-Krebs.jpg?resize=768%2C512&amp;ssl=1 768w, https:\/\/i0.wp.com\/www.jazzzeitung.de\/cms\/wp-content\/uploads\/2021\/05\/P1011659-Haschler-Hornung-Foto-TJ-Krebs.jpg?resize=120%2C80&amp;ssl=1 120w\" width=\"416\" height=\"277\" loading=\"lazy\" data-original-width=\"416\" data-original-height=\"277\" itemprop=\"http:\/\/schema.org\/image\" title=\"\" alt=\"Frank Haschler-Julia Hornung - Foto TJ Krebs\" style=\"width: 416px; height: 277px;\" \/> <\/a> <div class=\"tiled-gallery-caption\" itemprop=\"caption description\"> Frank Haschler-Julia Hornung &#8211; Foto TJ Krebs <\/div> <\/div> <\/div> <!-- close group --> <\/div> <!-- close row --> <div class=\"gallery-row\" style=\"width: 840px; height: 1258px;\" data-original-width=\"840\" data-original-height=\"1258\" > <div class=\"gallery-group images-1\" style=\"width: 840px; height: 1258px;\" data-original-width=\"840\" data-original-height=\"1258\" > <div class=\"tiled-gallery-item tiled-gallery-item-large\" itemprop=\"associatedMedia\" itemscope itemtype=\"http:\/\/schema.org\/ImageObject\"> <a href=\"https:\/\/www.jazzzeitung.de\/cms\/2021\/05\/international-jazz-day-in-grafing-mit-rising-stars-back-home\/p1011663-rothmoser-jann-foto-tj-krebs\/\" border=\"0\" itemprop=\"url\"> <meta itemprop=\"width\" content=\"836\"> <meta itemprop=\"height\" content=\"1254\"> <img decoding=\"async\" class=\"\" data-attachment-id=\"24814\" data-orig-file=\"https:\/\/www.jazzzeitung.de\/cms\/wp-content\/uploads\/2021\/05\/P1011663-Rothmoser-Jann-Foto-TJ-Krebs.jpg\" data-orig-size=\"800,1200\" data-comments-opened=\"1\" data-image-meta=\"{&quot;aperture&quot;:&quot;0&quot;,&quot;credit&quot;:&quot;&quot;,&quot;camera&quot;:&quot;&quot;,&quot;caption&quot;:&quot;&quot;,&quot;created_timestamp&quot;:&quot;0&quot;,&quot;copyright&quot;:&quot;&quot;,&quot;focal_length&quot;:&quot;0&quot;,&quot;iso&quot;:&quot;0&quot;,&quot;shutter_speed&quot;:&quot;0&quot;,&quot;title&quot;:&quot;&quot;,&quot;orientation&quot;:&quot;0&quot;}\" data-image-title=\"\" data-image-description=\"\" data-medium-file=\"https:\/\/i0.wp.com\/www.jazzzeitung.de\/cms\/wp-content\/uploads\/2021\/05\/P1011663-Rothmoser-Jann-Foto-TJ-Krebs.jpg?fit=200%2C300&#038;ssl=1\" data-large-file=\"https:\/\/i0.wp.com\/www.jazzzeitung.de\/cms\/wp-content\/uploads\/2021\/05\/P1011663-Rothmoser-Jann-Foto-TJ-Krebs.jpg?fit=400%2C600&#038;ssl=1\" src=\"https:\/\/i0.wp.com\/www.jazzzeitung.de\/cms\/wp-content\/uploads\/2021\/05\/P1011663-Rothmoser-Jann-Foto-TJ-Krebs.jpg?w=836&#038;h=1254&#038;ssl=1\" srcset=\"https:\/\/i0.wp.com\/www.jazzzeitung.de\/cms\/wp-content\/uploads\/2021\/05\/P1011663-Rothmoser-Jann-Foto-TJ-Krebs.jpg?w=800&amp;ssl=1 800w, https:\/\/i0.wp.com\/www.jazzzeitung.de\/cms\/wp-content\/uploads\/2021\/05\/P1011663-Rothmoser-Jann-Foto-TJ-Krebs.jpg?resize=200%2C300&amp;ssl=1 200w, https:\/\/i0.wp.com\/www.jazzzeitung.de\/cms\/wp-content\/uploads\/2021\/05\/P1011663-Rothmoser-Jann-Foto-TJ-Krebs.jpg?resize=400%2C600&amp;ssl=1 400w, https:\/\/i0.wp.com\/www.jazzzeitung.de\/cms\/wp-content\/uploads\/2021\/05\/P1011663-Rothmoser-Jann-Foto-TJ-Krebs.jpg?resize=768%2C1152&amp;ssl=1 768w\" width=\"836\" height=\"1254\" loading=\"lazy\" data-original-width=\"836\" data-original-height=\"1254\" itemprop=\"http:\/\/schema.org\/image\" title=\"\" alt=\"Johannes Rothmoser-Jann - Foto TJ Krebs\" style=\"width: 836px; height: 1254px;\" \/> <\/a> <div class=\"tiled-gallery-caption\" itemprop=\"caption description\"> Johannes Rothmoser-Jann &#8211; Foto TJ Krebs <\/div> <\/div> <\/div> <!-- close group --> <\/div> <!-- close row --> <\/div>\n<p>\u00dcberaschenderweise haben die vier Musiker bis dato noch nie gemeinsam gespielt und sich extra f\u00fcr diesen Abend zusammen gefunden. Das Programm bestand aus einer gelungenen Auswahl von Eigenkompositionen und ein paar aktuellen Jazz- Nummern wie z.B. Nate Smiths \u201ePages\u201c als Opener des Konzertes. Bei \u201eLet It Ride\u201c aus der Feder von Robert Glasper &amp; Norah Jones mischten sich Joachim Jann am Saxophon und Frank Haschler an den Percussions als musikalische G\u00e4ste des Abends unter die Band. Zwischen den St\u00fccken f\u00fchrte eine abwechslungsreiche Moderation und Interviews des Vereins-Vorstands Bernhard Ladst\u00e4tter sowie Jazz-Urgestein Josef Ametsbichler durch den Abend. Mit \u201eHold On To You\u201c &amp; \u201eSomething About The Rain\u201c pr\u00e4sentierte Alma Naidu zwei Nummern aus ihrer Feder. Niklas Roevers \u201eMafioso\u201c fand Einzug ins Programm und mit seinem \u201eThe Rest Is Yet To Come\u201c gab es an diesem Abend sogar eine Urauff\u00fchrung. Julia Hornung steuerte eine sehr pers\u00f6nliche Komposition bei: \u201eMarrakesch\u201c, mit Frank Haschler an den Percussions. F\u00fcr die Zugabe, Steve Swallows augenzwinkerndes \u201eLadies In Mercedes\u201c, fanden sich dann auch noch einmal die beiden JAZZ.GRAFING Vorst\u00e4nde Haschler und Jann mit ihren Instrumenten auf der B\u00fchne ein und jammten mit den Rising Stars. Alles in allem ein wunderbar kurzweiliger, entspannter und abwechslungsreicher Abend zum diesj\u00e4hrigen International Jazz Day.<\/p>\n<figure id=\"attachment_24816\" aria-describedby=\"caption-attachment-24816\" style=\"width: 300px\" class=\"wp-caption alignleft\"><a href=\"https:\/\/i0.wp.com\/www.jazzzeitung.de\/cms\/wp-content\/uploads\/2021\/05\/P1011472-EBE-JAZZ-Vorstaende-Foto-TJ-Krebs.jpg?ssl=1\"><img data-recalc-dims=\"1\" loading=\"lazy\" decoding=\"async\" data-attachment-id=\"24816\" data-permalink=\"https:\/\/www.jazzzeitung.de\/cms\/2021\/05\/international-jazz-day-in-grafing-mit-rising-stars-back-home\/p1011472-ebe-jazz-vorstaende-foto-tj-krebs\/\" data-orig-file=\"https:\/\/i0.wp.com\/www.jazzzeitung.de\/cms\/wp-content\/uploads\/2021\/05\/P1011472-EBE-JAZZ-Vorstaende-Foto-TJ-Krebs.jpg?fit=1200%2C669&amp;ssl=1\" data-orig-size=\"1200,669\" data-comments-opened=\"1\" data-image-meta=\"{&quot;aperture&quot;:&quot;0&quot;,&quot;credit&quot;:&quot;&quot;,&quot;camera&quot;:&quot;&quot;,&quot;caption&quot;:&quot;&quot;,&quot;created_timestamp&quot;:&quot;0&quot;,&quot;copyright&quot;:&quot;&quot;,&quot;focal_length&quot;:&quot;0&quot;,&quot;iso&quot;:&quot;0&quot;,&quot;shutter_speed&quot;:&quot;0&quot;,&quot;title&quot;:&quot;&quot;,&quot;orientation&quot;:&quot;0&quot;}\" data-image-title=\"P1011472 EBE-JAZZ Vorst\u00e4nde &amp;#8211; Foto TJ Krebs\" data-image-description=\"\" data-image-caption=\"\" data-large-file=\"https:\/\/i0.wp.com\/www.jazzzeitung.de\/cms\/wp-content\/uploads\/2021\/05\/P1011472-EBE-JAZZ-Vorstaende-Foto-TJ-Krebs.jpg?fit=840%2C469&amp;ssl=1\" class=\"wp-image-24816 size-medium\" src=\"https:\/\/i0.wp.com\/www.jazzzeitung.de\/cms\/wp-content\/uploads\/2021\/05\/P1011472-EBE-JAZZ-Vorstaende-Foto-TJ-Krebs.jpg?resize=300%2C167&#038;ssl=1\" alt=\"\" width=\"300\" height=\"167\" srcset=\"https:\/\/i0.wp.com\/www.jazzzeitung.de\/cms\/wp-content\/uploads\/2021\/05\/P1011472-EBE-JAZZ-Vorstaende-Foto-TJ-Krebs.jpg?resize=300%2C167&amp;ssl=1 300w, https:\/\/i0.wp.com\/www.jazzzeitung.de\/cms\/wp-content\/uploads\/2021\/05\/P1011472-EBE-JAZZ-Vorstaende-Foto-TJ-Krebs.jpg?resize=900%2C502&amp;ssl=1 900w, https:\/\/i0.wp.com\/www.jazzzeitung.de\/cms\/wp-content\/uploads\/2021\/05\/P1011472-EBE-JAZZ-Vorstaende-Foto-TJ-Krebs.jpg?resize=768%2C428&amp;ssl=1 768w, https:\/\/i0.wp.com\/www.jazzzeitung.de\/cms\/wp-content\/uploads\/2021\/05\/P1011472-EBE-JAZZ-Vorstaende-Foto-TJ-Krebs.jpg?w=1200&amp;ssl=1 1200w\" sizes=\"auto, (max-width: 300px) 100vw, 300px\" \/><\/a><figcaption id=\"caption-attachment-24816\" class=\"wp-caption-text\">EBE-Jazzvorst\u00e4nde l\u00e4uten die Saison 2021 ein.<\/figcaption><\/figure>\n<p><strong>Aber <\/strong>&#8211; das war nur der Auftakt: weitere Konzerte des Vereins sind geplant und \u2026 Pandemie hin und\/oder her \u2026 das <strong>EBE-Jazz Festival 2021<\/strong> ist so gut wie am Start. Das Programm steht, die Vorbereitungen laufen auf Hochtouren und das traditionelle \u201eEBE &#8211; JAZZ 21\u201c Schild ist bereits produziert &#8211; jetzt muss nur noch die offizielle Zulassung erteilt werden! Hoffen wir, dass diesen Herbst alle durchgeimpft, die Weichen auf gesellschaftliche Entspannung gestellt sind und wir uns endlich wieder auf internationale Live-Konzerte im Rahmen des Festivals freuen k\u00f6nnen.<\/p>\n<p>Text &amp; Fotos: Thomas J. Krebs<\/p>\n","protected":false},"excerpt":{"rendered":"<p>Seit 2012 findet der International Jazz Day statt und seit vier Jahren beteiligt sich auch der Verein JAZZ.GRAFING in Kooperation mit der Stadt Grafing daran. Unter dem Motto \u201eRISING STARS &#8211; BACK HOME\u201c pr\u00e4sentierte der Verein junge Musiker, die in der heimischen Umfeld gro\u00df geworden sind und sich mittlerweile als Profis in der Szene tummeln. Nat\u00fcrlich ist auch dieses Jahr alles anders als sonst. Die Pandemie stellt Veranstalter wie Musiker vor gro\u00dfe Herausforderungen. Bei JAZZ.GRAFING gilt vor allem Eines: Bange machen gilt nicht! Die Stadthalle in Grafing verf\u00fcgt \u00fcber gen\u00fcgend Platz und Engagement aller Beteiligten, um den International Jazz Day auch dieses Jahr, wie schon 2020, live zu streamen. Dazu eingeladen wurde die S\u00e4ngerin Alma Naidu, die bereits bei den EBE-Jazzfestivals 2015 und 2019 aufgetreten ist und k\u00fcrzlich mit dem Kurt Maas Jazz Award ausgezeichnet wurde. Der 1998 in der Nachbarschaft Ebersberg geboren Pianist Niklas Roever ist dem Verein JAZZ.GRAFING musikalisch seit 2002 verbunden und hat nach fr\u00fchen Erfahrungen in heimischen Jam-Sessions bereits mit 15 Jahren angefangen an der Hochschule f\u00fcr Musik und Theater in M\u00fcnchen zu studieren. Dazu gesellte au\u00dferdem sich die Bassistin Julia &hellip;<\/p>\n","protected":false},"author":18,"featured_media":24805,"comment_status":"open","ping_status":"closed","sticky":false,"template":"","format":"standard","meta":{"_jetpack_memberships_contains_paid_content":false,"footnotes":"","jetpack_publicize_message":"","jetpack_publicize_feature_enabled":true,"jetpack_social_post_already_shared":false,"jetpack_social_options":{"image_generator_settings":{"template":"highway","default_image_id":0,"font":"","enabled":false},"version":2}},"categories":[1053,652],"tags":[3394,1616,3393,3395],"coauthors":[695],"class_list":["post-24803","post","type-post","status-publish","format-standard","has-post-thumbnail","hentry","category-bericht","category-galerie","tag-alma-naidu","tag-ebe-jazz","tag-grafing-jazz","tag-julia-hornung-johannes-rothmoser"],"yoast_head":"<!-- This site is optimized with the Yoast SEO plugin v27.5 - https:\/\/yoast.com\/product\/yoast-seo-wordpress\/ -->\n<title>International Jazz Day in Grafing mit \u201eRISING STARS - BACK HOME\u201c - JazzZeitung<\/title>\n<meta name=\"robots\" content=\"index, follow, max-snippet:-1, max-image-preview:large, max-video-preview:-1\" \/>\n<link rel=\"canonical\" href=\"https:\/\/www.jazzzeitung.de\/cms\/2021\/05\/international-jazz-day-in-grafing-mit-rising-stars-back-home\/\" \/>\n<meta property=\"og:locale\" content=\"de_DE\" \/>\n<meta property=\"og:type\" content=\"article\" \/>\n<meta property=\"og:title\" content=\"International Jazz Day in Grafing mit \u201eRISING STARS - BACK HOME\u201c - JazzZeitung\" \/>\n<meta property=\"og:description\" content=\"Seit 2012 findet der International Jazz Day statt und seit vier Jahren beteiligt sich auch der Verein JAZZ.GRAFING in Kooperation mit der Stadt Grafing daran. Unter dem Motto \u201eRISING STARS &#8211; BACK HOME\u201c pr\u00e4sentierte der Verein junge Musiker, die in der heimischen Umfeld gro\u00df geworden sind und sich mittlerweile als Profis in der Szene tummeln. Nat\u00fcrlich ist auch dieses Jahr alles anders als sonst. Die Pandemie stellt Veranstalter wie Musiker vor gro\u00dfe Herausforderungen. Bei JAZZ.GRAFING gilt vor allem Eines: Bange machen gilt nicht! Die Stadthalle in Grafing verf\u00fcgt \u00fcber gen\u00fcgend Platz und Engagement aller Beteiligten, um den International Jazz Day auch dieses Jahr, wie schon 2020, live zu streamen. Dazu eingeladen wurde die S\u00e4ngerin Alma Naidu, die bereits bei den EBE-Jazzfestivals 2015 und 2019 aufgetreten ist und k\u00fcrzlich mit dem Kurt Maas Jazz Award ausgezeichnet wurde. Der 1998 in der Nachbarschaft Ebersberg geboren Pianist Niklas Roever ist dem Verein JAZZ.GRAFING musikalisch seit 2002 verbunden und hat nach fr\u00fchen Erfahrungen in heimischen Jam-Sessions bereits mit 15 Jahren angefangen an der Hochschule f\u00fcr Musik und Theater in M\u00fcnchen zu studieren. Dazu gesellte au\u00dferdem sich die Bassistin Julia &hellip;\" \/>\n<meta property=\"og:url\" content=\"https:\/\/www.jazzzeitung.de\/cms\/2021\/05\/international-jazz-day-in-grafing-mit-rising-stars-back-home\/\" \/>\n<meta property=\"og:site_name\" content=\"JazzZeitung\" \/>\n<meta property=\"article:publisher\" content=\"https:\/\/www.facebook.com\/JazzZeitung\/\" \/>\n<meta property=\"article:published_time\" content=\"2021-05-08T07:38:43+00:00\" \/>\n<meta property=\"og:image\" content=\"https:\/\/i0.wp.com\/www.jazzzeitung.de\/cms\/wp-content\/uploads\/2021\/05\/P1011643-Roever-Naidu-Hornung-Haschler-Jann-Rothmoser-Foto-TJ-Krebs.jpg?fit=1200%2C800&ssl=1\" \/>\n\t<meta property=\"og:image:width\" content=\"1200\" \/>\n\t<meta property=\"og:image:height\" content=\"800\" \/>\n\t<meta property=\"og:image:type\" content=\"image\/jpeg\" \/>\n<meta name=\"author\" content=\"Redaktion JazzZeitung\" \/>\n<script type=\"application\/ld+json\" class=\"yoast-schema-graph\">{\"@context\":\"https:\\\/\\\/schema.org\",\"@graph\":[{\"@type\":\"Article\",\"@id\":\"https:\\\/\\\/www.jazzzeitung.de\\\/cms\\\/2021\\\/05\\\/international-jazz-day-in-grafing-mit-rising-stars-back-home\\\/#article\",\"isPartOf\":{\"@id\":\"https:\\\/\\\/www.jazzzeitung.de\\\/cms\\\/2021\\\/05\\\/international-jazz-day-in-grafing-mit-rising-stars-back-home\\\/\"},\"author\":{\"name\":\"Redaktion JazzZeitung\",\"@id\":\"https:\\\/\\\/www.jazzzeitung.de\\\/cms\\\/#\\\/schema\\\/person\\\/2245b36b9cd1d24cea10f01c031fb92b\"},\"headline\":\"International Jazz Day in Grafing mit \u201eRISING STARS &#8211; BACK HOME\u201c\",\"datePublished\":\"2021-05-08T07:38:43+00:00\",\"mainEntityOfPage\":{\"@id\":\"https:\\\/\\\/www.jazzzeitung.de\\\/cms\\\/2021\\\/05\\\/international-jazz-day-in-grafing-mit-rising-stars-back-home\\\/\"},\"wordCount\":577,\"commentCount\":0,\"publisher\":{\"@id\":\"https:\\\/\\\/www.jazzzeitung.de\\\/cms\\\/#organization\"},\"image\":{\"@id\":\"https:\\\/\\\/www.jazzzeitung.de\\\/cms\\\/2021\\\/05\\\/international-jazz-day-in-grafing-mit-rising-stars-back-home\\\/#primaryimage\"},\"thumbnailUrl\":\"https:\\\/\\\/i0.wp.com\\\/www.jazzzeitung.de\\\/cms\\\/wp-content\\\/uploads\\\/2021\\\/05\\\/P1011643-Roever-Naidu-Hornung-Haschler-Jann-Rothmoser-Foto-TJ-Krebs.jpg?fit=1200%2C800&ssl=1\",\"keywords\":[\"Alma Naidu\",\"EBE Jazz\",\"Grafing Jazz\",\"Julia Hornung; Johannes Rothmoser\"],\"articleSection\":[\"Bericht\",\"Galerie\"],\"inLanguage\":\"de\",\"potentialAction\":[{\"@type\":\"CommentAction\",\"name\":\"Comment\",\"target\":[\"https:\\\/\\\/www.jazzzeitung.de\\\/cms\\\/2021\\\/05\\\/international-jazz-day-in-grafing-mit-rising-stars-back-home\\\/#respond\"]}]},{\"@type\":\"WebPage\",\"@id\":\"https:\\\/\\\/www.jazzzeitung.de\\\/cms\\\/2021\\\/05\\\/international-jazz-day-in-grafing-mit-rising-stars-back-home\\\/\",\"url\":\"https:\\\/\\\/www.jazzzeitung.de\\\/cms\\\/2021\\\/05\\\/international-jazz-day-in-grafing-mit-rising-stars-back-home\\\/\",\"name\":\"International Jazz Day in Grafing mit \u201eRISING STARS - BACK HOME\u201c - JazzZeitung\",\"isPartOf\":{\"@id\":\"https:\\\/\\\/www.jazzzeitung.de\\\/cms\\\/#website\"},\"primaryImageOfPage\":{\"@id\":\"https:\\\/\\\/www.jazzzeitung.de\\\/cms\\\/2021\\\/05\\\/international-jazz-day-in-grafing-mit-rising-stars-back-home\\\/#primaryimage\"},\"image\":{\"@id\":\"https:\\\/\\\/www.jazzzeitung.de\\\/cms\\\/2021\\\/05\\\/international-jazz-day-in-grafing-mit-rising-stars-back-home\\\/#primaryimage\"},\"thumbnailUrl\":\"https:\\\/\\\/i0.wp.com\\\/www.jazzzeitung.de\\\/cms\\\/wp-content\\\/uploads\\\/2021\\\/05\\\/P1011643-Roever-Naidu-Hornung-Haschler-Jann-Rothmoser-Foto-TJ-Krebs.jpg?fit=1200%2C800&ssl=1\",\"datePublished\":\"2021-05-08T07:38:43+00:00\",\"breadcrumb\":{\"@id\":\"https:\\\/\\\/www.jazzzeitung.de\\\/cms\\\/2021\\\/05\\\/international-jazz-day-in-grafing-mit-rising-stars-back-home\\\/#breadcrumb\"},\"inLanguage\":\"de\",\"potentialAction\":[{\"@type\":\"ReadAction\",\"target\":[\"https:\\\/\\\/www.jazzzeitung.de\\\/cms\\\/2021\\\/05\\\/international-jazz-day-in-grafing-mit-rising-stars-back-home\\\/\"]}]},{\"@type\":\"ImageObject\",\"inLanguage\":\"de\",\"@id\":\"https:\\\/\\\/www.jazzzeitung.de\\\/cms\\\/2021\\\/05\\\/international-jazz-day-in-grafing-mit-rising-stars-back-home\\\/#primaryimage\",\"url\":\"https:\\\/\\\/i0.wp.com\\\/www.jazzzeitung.de\\\/cms\\\/wp-content\\\/uploads\\\/2021\\\/05\\\/P1011643-Roever-Naidu-Hornung-Haschler-Jann-Rothmoser-Foto-TJ-Krebs.jpg?fit=1200%2C800&ssl=1\",\"contentUrl\":\"https:\\\/\\\/i0.wp.com\\\/www.jazzzeitung.de\\\/cms\\\/wp-content\\\/uploads\\\/2021\\\/05\\\/P1011643-Roever-Naidu-Hornung-Haschler-Jann-Rothmoser-Foto-TJ-Krebs.jpg?fit=1200%2C800&ssl=1\",\"width\":1200,\"height\":800},{\"@type\":\"BreadcrumbList\",\"@id\":\"https:\\\/\\\/www.jazzzeitung.de\\\/cms\\\/2021\\\/05\\\/international-jazz-day-in-grafing-mit-rising-stars-back-home\\\/#breadcrumb\",\"itemListElement\":[{\"@type\":\"ListItem\",\"position\":1,\"name\":\"Startseite\",\"item\":\"https:\\\/\\\/www.jazzzeitung.de\\\/cms\\\/\"},{\"@type\":\"ListItem\",\"position\":2,\"name\":\"International Jazz Day in Grafing mit \u201eRISING STARS &#8211; BACK HOME\u201c\"}]},{\"@type\":\"WebSite\",\"@id\":\"https:\\\/\\\/www.jazzzeitung.de\\\/cms\\\/#website\",\"url\":\"https:\\\/\\\/www.jazzzeitung.de\\\/cms\\\/\",\"name\":\"JazzZeitung\",\"description\":\"Jazz-News und Jazz-Kontroverses\",\"publisher\":{\"@id\":\"https:\\\/\\\/www.jazzzeitung.de\\\/cms\\\/#organization\"},\"potentialAction\":[{\"@type\":\"SearchAction\",\"target\":{\"@type\":\"EntryPoint\",\"urlTemplate\":\"https:\\\/\\\/www.jazzzeitung.de\\\/cms\\\/?s={search_term_string}\"},\"query-input\":{\"@type\":\"PropertyValueSpecification\",\"valueRequired\":true,\"valueName\":\"search_term_string\"}}],\"inLanguage\":\"de\"},{\"@type\":\"Organization\",\"@id\":\"https:\\\/\\\/www.jazzzeitung.de\\\/cms\\\/#organization\",\"name\":\"JazzZeitung online\",\"url\":\"https:\\\/\\\/www.jazzzeitung.de\\\/cms\\\/\",\"logo\":{\"@type\":\"ImageObject\",\"inLanguage\":\"de\",\"@id\":\"https:\\\/\\\/www.jazzzeitung.de\\\/cms\\\/#\\\/schema\\\/logo\\\/image\\\/\",\"url\":\"https:\\\/\\\/i0.wp.com\\\/www.jazzzeitung.de\\\/cms\\\/wp-content\\\/uploads\\\/2015\\\/08\\\/JAZZZEITUNGDE_Logo_Neu.png?fit=499%2C200&ssl=1\",\"contentUrl\":\"https:\\\/\\\/i0.wp.com\\\/www.jazzzeitung.de\\\/cms\\\/wp-content\\\/uploads\\\/2015\\\/08\\\/JAZZZEITUNGDE_Logo_Neu.png?fit=499%2C200&ssl=1\",\"width\":499,\"height\":200,\"caption\":\"JazzZeitung online\"},\"image\":{\"@id\":\"https:\\\/\\\/www.jazzzeitung.de\\\/cms\\\/#\\\/schema\\\/logo\\\/image\\\/\"},\"sameAs\":[\"https:\\\/\\\/www.facebook.com\\\/JazzZeitung\\\/\"]},{\"@type\":\"Person\",\"@id\":\"https:\\\/\\\/www.jazzzeitung.de\\\/cms\\\/#\\\/schema\\\/person\\\/2245b36b9cd1d24cea10f01c031fb92b\",\"name\":\"Redaktion JazzZeitung\",\"image\":{\"@type\":\"ImageObject\",\"inLanguage\":\"de\",\"@id\":\"https:\\\/\\\/i0.wp.com\\\/www.jazzzeitung.de\\\/cms\\\/wp-content\\\/uploads\\\/2015\\\/08\\\/JAZZZEITUNGDE_Logo_Neu.png?resize=96%2C96&ssl=159975dcacb611b5700bd619b5daf0a7a\",\"url\":\"https:\\\/\\\/i0.wp.com\\\/www.jazzzeitung.de\\\/cms\\\/wp-content\\\/uploads\\\/2015\\\/08\\\/JAZZZEITUNGDE_Logo_Neu.png?resize=96%2C96&ssl=1\",\"contentUrl\":\"https:\\\/\\\/i0.wp.com\\\/www.jazzzeitung.de\\\/cms\\\/wp-content\\\/uploads\\\/2015\\\/08\\\/JAZZZEITUNGDE_Logo_Neu.png?resize=96%2C96&ssl=1\",\"caption\":\"Redaktion JazzZeitung\"},\"description\":\"Artikel der Redaktion der JazzZeitung.\",\"sameAs\":[\"http:\\\/\\\/www.jazzzeitung.de\\\/cms\\\/\"],\"url\":\"https:\\\/\\\/www.jazzzeitung.de\\\/cms\\\/author\\\/redaktion\\\/\"}]}<\/script>\n<!-- \/ Yoast SEO plugin. -->","yoast_head_json":{"title":"International Jazz Day in Grafing mit \u201eRISING STARS - BACK HOME\u201c - JazzZeitung","robots":{"index":"index","follow":"follow","max-snippet":"max-snippet:-1","max-image-preview":"max-image-preview:large","max-video-preview":"max-video-preview:-1"},"canonical":"https:\/\/www.jazzzeitung.de\/cms\/2021\/05\/international-jazz-day-in-grafing-mit-rising-stars-back-home\/","og_locale":"de_DE","og_type":"article","og_title":"International Jazz Day in Grafing mit \u201eRISING STARS - BACK HOME\u201c - JazzZeitung","og_description":"Seit 2012 findet der International Jazz Day statt und seit vier Jahren beteiligt sich auch der Verein JAZZ.GRAFING in Kooperation mit der Stadt Grafing daran. Unter dem Motto \u201eRISING STARS &#8211; BACK HOME\u201c pr\u00e4sentierte der Verein junge Musiker, die in der heimischen Umfeld gro\u00df geworden sind und sich mittlerweile als Profis in der Szene tummeln. Nat\u00fcrlich ist auch dieses Jahr alles anders als sonst. Die Pandemie stellt Veranstalter wie Musiker vor gro\u00dfe Herausforderungen. Bei JAZZ.GRAFING gilt vor allem Eines: Bange machen gilt nicht! Die Stadthalle in Grafing verf\u00fcgt \u00fcber gen\u00fcgend Platz und Engagement aller Beteiligten, um den International Jazz Day auch dieses Jahr, wie schon 2020, live zu streamen. Dazu eingeladen wurde die S\u00e4ngerin Alma Naidu, die bereits bei den EBE-Jazzfestivals 2015 und 2019 aufgetreten ist und k\u00fcrzlich mit dem Kurt Maas Jazz Award ausgezeichnet wurde. Der 1998 in der Nachbarschaft Ebersberg geboren Pianist Niklas Roever ist dem Verein JAZZ.GRAFING musikalisch seit 2002 verbunden und hat nach fr\u00fchen Erfahrungen in heimischen Jam-Sessions bereits mit 15 Jahren angefangen an der Hochschule f\u00fcr Musik und Theater in M\u00fcnchen zu studieren. Dazu gesellte au\u00dferdem sich die Bassistin Julia &hellip;","og_url":"https:\/\/www.jazzzeitung.de\/cms\/2021\/05\/international-jazz-day-in-grafing-mit-rising-stars-back-home\/","og_site_name":"JazzZeitung","article_publisher":"https:\/\/www.facebook.com\/JazzZeitung\/","article_published_time":"2021-05-08T07:38:43+00:00","og_image":[{"width":1200,"height":800,"url":"https:\/\/i0.wp.com\/www.jazzzeitung.de\/cms\/wp-content\/uploads\/2021\/05\/P1011643-Roever-Naidu-Hornung-Haschler-Jann-Rothmoser-Foto-TJ-Krebs.jpg?fit=1200%2C800&ssl=1","type":"image\/jpeg"}],"author":"Redaktion JazzZeitung","schema":{"@context":"https:\/\/schema.org","@graph":[{"@type":"Article","@id":"https:\/\/www.jazzzeitung.de\/cms\/2021\/05\/international-jazz-day-in-grafing-mit-rising-stars-back-home\/#article","isPartOf":{"@id":"https:\/\/www.jazzzeitung.de\/cms\/2021\/05\/international-jazz-day-in-grafing-mit-rising-stars-back-home\/"},"author":{"name":"Redaktion JazzZeitung","@id":"https:\/\/www.jazzzeitung.de\/cms\/#\/schema\/person\/2245b36b9cd1d24cea10f01c031fb92b"},"headline":"International Jazz Day in Grafing mit \u201eRISING STARS &#8211; BACK HOME\u201c","datePublished":"2021-05-08T07:38:43+00:00","mainEntityOfPage":{"@id":"https:\/\/www.jazzzeitung.de\/cms\/2021\/05\/international-jazz-day-in-grafing-mit-rising-stars-back-home\/"},"wordCount":577,"commentCount":0,"publisher":{"@id":"https:\/\/www.jazzzeitung.de\/cms\/#organization"},"image":{"@id":"https:\/\/www.jazzzeitung.de\/cms\/2021\/05\/international-jazz-day-in-grafing-mit-rising-stars-back-home\/#primaryimage"},"thumbnailUrl":"https:\/\/i0.wp.com\/www.jazzzeitung.de\/cms\/wp-content\/uploads\/2021\/05\/P1011643-Roever-Naidu-Hornung-Haschler-Jann-Rothmoser-Foto-TJ-Krebs.jpg?fit=1200%2C800&ssl=1","keywords":["Alma Naidu","EBE Jazz","Grafing Jazz","Julia Hornung; Johannes Rothmoser"],"articleSection":["Bericht","Galerie"],"inLanguage":"de","potentialAction":[{"@type":"CommentAction","name":"Comment","target":["https:\/\/www.jazzzeitung.de\/cms\/2021\/05\/international-jazz-day-in-grafing-mit-rising-stars-back-home\/#respond"]}]},{"@type":"WebPage","@id":"https:\/\/www.jazzzeitung.de\/cms\/2021\/05\/international-jazz-day-in-grafing-mit-rising-stars-back-home\/","url":"https:\/\/www.jazzzeitung.de\/cms\/2021\/05\/international-jazz-day-in-grafing-mit-rising-stars-back-home\/","name":"International Jazz Day in Grafing mit \u201eRISING STARS - BACK HOME\u201c - JazzZeitung","isPartOf":{"@id":"https:\/\/www.jazzzeitung.de\/cms\/#website"},"primaryImageOfPage":{"@id":"https:\/\/www.jazzzeitung.de\/cms\/2021\/05\/international-jazz-day-in-grafing-mit-rising-stars-back-home\/#primaryimage"},"image":{"@id":"https:\/\/www.jazzzeitung.de\/cms\/2021\/05\/international-jazz-day-in-grafing-mit-rising-stars-back-home\/#primaryimage"},"thumbnailUrl":"https:\/\/i0.wp.com\/www.jazzzeitung.de\/cms\/wp-content\/uploads\/2021\/05\/P1011643-Roever-Naidu-Hornung-Haschler-Jann-Rothmoser-Foto-TJ-Krebs.jpg?fit=1200%2C800&ssl=1","datePublished":"2021-05-08T07:38:43+00:00","breadcrumb":{"@id":"https:\/\/www.jazzzeitung.de\/cms\/2021\/05\/international-jazz-day-in-grafing-mit-rising-stars-back-home\/#breadcrumb"},"inLanguage":"de","potentialAction":[{"@type":"ReadAction","target":["https:\/\/www.jazzzeitung.de\/cms\/2021\/05\/international-jazz-day-in-grafing-mit-rising-stars-back-home\/"]}]},{"@type":"ImageObject","inLanguage":"de","@id":"https:\/\/www.jazzzeitung.de\/cms\/2021\/05\/international-jazz-day-in-grafing-mit-rising-stars-back-home\/#primaryimage","url":"https:\/\/i0.wp.com\/www.jazzzeitung.de\/cms\/wp-content\/uploads\/2021\/05\/P1011643-Roever-Naidu-Hornung-Haschler-Jann-Rothmoser-Foto-TJ-Krebs.jpg?fit=1200%2C800&ssl=1","contentUrl":"https:\/\/i0.wp.com\/www.jazzzeitung.de\/cms\/wp-content\/uploads\/2021\/05\/P1011643-Roever-Naidu-Hornung-Haschler-Jann-Rothmoser-Foto-TJ-Krebs.jpg?fit=1200%2C800&ssl=1","width":1200,"height":800},{"@type":"BreadcrumbList","@id":"https:\/\/www.jazzzeitung.de\/cms\/2021\/05\/international-jazz-day-in-grafing-mit-rising-stars-back-home\/#breadcrumb","itemListElement":[{"@type":"ListItem","position":1,"name":"Startseite","item":"https:\/\/www.jazzzeitung.de\/cms\/"},{"@type":"ListItem","position":2,"name":"International Jazz Day in Grafing mit \u201eRISING STARS &#8211; BACK HOME\u201c"}]},{"@type":"WebSite","@id":"https:\/\/www.jazzzeitung.de\/cms\/#website","url":"https:\/\/www.jazzzeitung.de\/cms\/","name":"JazzZeitung","description":"Jazz-News und Jazz-Kontroverses","publisher":{"@id":"https:\/\/www.jazzzeitung.de\/cms\/#organization"},"potentialAction":[{"@type":"SearchAction","target":{"@type":"EntryPoint","urlTemplate":"https:\/\/www.jazzzeitung.de\/cms\/?s={search_term_string}"},"query-input":{"@type":"PropertyValueSpecification","valueRequired":true,"valueName":"search_term_string"}}],"inLanguage":"de"},{"@type":"Organization","@id":"https:\/\/www.jazzzeitung.de\/cms\/#organization","name":"JazzZeitung online","url":"https:\/\/www.jazzzeitung.de\/cms\/","logo":{"@type":"ImageObject","inLanguage":"de","@id":"https:\/\/www.jazzzeitung.de\/cms\/#\/schema\/logo\/image\/","url":"https:\/\/i0.wp.com\/www.jazzzeitung.de\/cms\/wp-content\/uploads\/2015\/08\/JAZZZEITUNGDE_Logo_Neu.png?fit=499%2C200&ssl=1","contentUrl":"https:\/\/i0.wp.com\/www.jazzzeitung.de\/cms\/wp-content\/uploads\/2015\/08\/JAZZZEITUNGDE_Logo_Neu.png?fit=499%2C200&ssl=1","width":499,"height":200,"caption":"JazzZeitung online"},"image":{"@id":"https:\/\/www.jazzzeitung.de\/cms\/#\/schema\/logo\/image\/"},"sameAs":["https:\/\/www.facebook.com\/JazzZeitung\/"]},{"@type":"Person","@id":"https:\/\/www.jazzzeitung.de\/cms\/#\/schema\/person\/2245b36b9cd1d24cea10f01c031fb92b","name":"Redaktion JazzZeitung","image":{"@type":"ImageObject","inLanguage":"de","@id":"https:\/\/i0.wp.com\/www.jazzzeitung.de\/cms\/wp-content\/uploads\/2015\/08\/JAZZZEITUNGDE_Logo_Neu.png?resize=96%2C96&ssl=159975dcacb611b5700bd619b5daf0a7a","url":"https:\/\/i0.wp.com\/www.jazzzeitung.de\/cms\/wp-content\/uploads\/2015\/08\/JAZZZEITUNGDE_Logo_Neu.png?resize=96%2C96&ssl=1","contentUrl":"https:\/\/i0.wp.com\/www.jazzzeitung.de\/cms\/wp-content\/uploads\/2015\/08\/JAZZZEITUNGDE_Logo_Neu.png?resize=96%2C96&ssl=1","caption":"Redaktion JazzZeitung"},"description":"Artikel der Redaktion der JazzZeitung.","sameAs":["http:\/\/www.jazzzeitung.de\/cms\/"],"url":"https:\/\/www.jazzzeitung.de\/cms\/author\/redaktion\/"}]}},"wp-worthy-pixel":{"ignored":false,"public":null,"server":null,"url":null},"wp-worthy-type":"normal","jetpack_publicize_connections":[],"cc_featured_image_caption":{"caption_text":"","source_text":"","source_url":""},"jetpack_featured_media_url":"https:\/\/i0.wp.com\/www.jazzzeitung.de\/cms\/wp-content\/uploads\/2021\/05\/P1011643-Roever-Naidu-Hornung-Haschler-Jann-Rothmoser-Foto-TJ-Krebs.jpg?fit=1200%2C800&ssl=1","jetpack_shortlink":"https:\/\/wp.me\/p3KEcT-6s3","jetpack-related-posts":[{"id":19152,"url":"https:\/\/www.jazzzeitung.de\/cms\/2019\/04\/ebe-jazz-2019-mit-konzerten-ausstellungen-und-neuen-formaten\/","url_meta":{"origin":24803,"position":0},"title":"Konzerte, Ausstellungen und neue Formate: das EBE-JAZZ 2019","author":"Redaktion JazzZeitung","date":"16. April 2019","format":false,"excerpt":"Beim 3. internationalen Festival EBE-JAZZ in Ebersberg und Grafing sind vom 12. bis 20. Oktober 2019 wieder viele internationale Jazz-Gr\u00f6\u00dfen, unter anderem das Brecker Liebman Copland 5tet, zu Gast. EBE-JAZZ hat sich zu einem kulturellen Event mit \u00fcberregionaler Bedeutung entwickelt. \u00dcber 3.000 G\u00e4ste z\u00e4hlten die Veranstalter bei den letzten beiden\u2026","rel":"","context":"In &quot;News&quot;","block_context":{"text":"News","link":"https:\/\/www.jazzzeitung.de\/cms\/thema\/nachrichten\/"},"img":{"alt_text":"","src":"https:\/\/i0.wp.com\/www.jazzzeitung.de\/cms\/wp-content\/uploads\/2019\/04\/Randy-Brecker-by-JohnAbbottWEB.jpg?fit=936%2C603&ssl=1&resize=350%2C200","width":350,"height":200,"srcset":"https:\/\/i0.wp.com\/www.jazzzeitung.de\/cms\/wp-content\/uploads\/2019\/04\/Randy-Brecker-by-JohnAbbottWEB.jpg?fit=936%2C603&ssl=1&resize=350%2C200 1x, https:\/\/i0.wp.com\/www.jazzzeitung.de\/cms\/wp-content\/uploads\/2019\/04\/Randy-Brecker-by-JohnAbbottWEB.jpg?fit=936%2C603&ssl=1&resize=525%2C300 1.5x, https:\/\/i0.wp.com\/www.jazzzeitung.de\/cms\/wp-content\/uploads\/2019\/04\/Randy-Brecker-by-JohnAbbottWEB.jpg?fit=936%2C603&ssl=1&resize=700%2C400 2x"},"classes":[]},{"id":8006,"url":"https:\/\/www.jazzzeitung.de\/cms\/2015\/12\/8006\/","url_meta":{"origin":24803,"position":1},"title":"+++Veranstaltungstipps zwischen den Jahren+++Jazz in Grafing+++StummFilmLiveJazz in Franken+++","author":"Redaktion JazzZeitung","date":"23. Dezember 2015","format":false,"excerpt":"Jazz in Grafing Am Samstag, den 26.12. ab 19 Uhr wird die\u00a0traditionelle X-Mas-Session\u00a0von 3 Jugend-Bands er\u00f6ffnet, bevor jazz.grafing\u2019s Haus-Sextett einen kurzen Set zum Besten gibt. Und dann sind alle G\u00e4ste mit Instrument auf der offenen B\u00fchne willkommen! Am Sonntag, den 27.12. ab 20 Uhr ein hochkar\u00e4tiges World-Jazz-Concert, organisiert vom Goethe-Institut\u2026","rel":"","context":"In &quot;News&quot;","block_context":{"text":"News","link":"https:\/\/www.jazzzeitung.de\/cms\/thema\/nachrichten\/"},"img":{"alt_text":"Billy Hart US-Schlagzeuglegende (u.a. Ex-Drummer von Herbie Hancock) ist auf mehr als 600 Alben zu h\u00f6ren. Er gilt als einer der versiertesten und vielseitigsten Jazz-Schlagzeuger der Gegenwart. Er lehrt sowohl am Oberlin Konservatorium als auch am New England Conservatory of Music und ist an der Western Michigan University engagiert.... wenn er nicht gerade tourt. Foto Jazz in Grafing","src":"https:\/\/i0.wp.com\/www.jazzzeitung.de\/cms\/wp-content\/uploads\/2015\/12\/GMUB-2-Hart-150x150.jpg?resize=350%2C200","width":350,"height":200},"classes":[]},{"id":21031,"url":"https:\/\/www.jazzzeitung.de\/cms\/2019\/10\/ebe-jazz-19-ein-festivalrueckblick\/","url_meta":{"origin":24803,"position":2},"title":"EBE-Jazz 19 &#8211; ein Festivalr\u00fcckblick","author":"Thomas J. Krebs","date":"26. Oktober 2019","format":false,"excerpt":"Mei - schee wars und am\u00fcsiert hamma uns vielf\u00e4ltig, bei aufregenden und abwechslungsreichen EBE-Jazz Tagen, die dieses Jahr gleichzeitig auch Austragungsort des Landes-Jazzfestival waren!\u00a0F\u00fcr\u2019s Auge gab es eine wunderbare Ausstellung des Fotografen Thomas Wunsch unter dem Motto \u201eCoverfotos f\u00fcr ECM\u201c sowie im Stadtmueum Grafing eine \u201eLocal Jazz History\u201c, in der\u2026","rel":"","context":"In &quot;Bericht&quot;","block_context":{"text":"Bericht","link":"https:\/\/www.jazzzeitung.de\/cms\/thema\/bericht\/"},"img":{"alt_text":"","src":"https:\/\/i0.wp.com\/www.jazzzeitung.de\/cms\/wp-content\/uploads\/2019\/10\/P1560144-Liebman-Brecker-Copland-Quintet-Foto-TJ-Krebs.jpg?fit=1200%2C800&ssl=1&resize=350%2C200","width":350,"height":200,"srcset":"https:\/\/i0.wp.com\/www.jazzzeitung.de\/cms\/wp-content\/uploads\/2019\/10\/P1560144-Liebman-Brecker-Copland-Quintet-Foto-TJ-Krebs.jpg?fit=1200%2C800&ssl=1&resize=350%2C200 1x, https:\/\/i0.wp.com\/www.jazzzeitung.de\/cms\/wp-content\/uploads\/2019\/10\/P1560144-Liebman-Brecker-Copland-Quintet-Foto-TJ-Krebs.jpg?fit=1200%2C800&ssl=1&resize=525%2C300 1.5x, https:\/\/i0.wp.com\/www.jazzzeitung.de\/cms\/wp-content\/uploads\/2019\/10\/P1560144-Liebman-Brecker-Copland-Quintet-Foto-TJ-Krebs.jpg?fit=1200%2C800&ssl=1&resize=700%2C400 2x, https:\/\/i0.wp.com\/www.jazzzeitung.de\/cms\/wp-content\/uploads\/2019\/10\/P1560144-Liebman-Brecker-Copland-Quintet-Foto-TJ-Krebs.jpg?fit=1200%2C800&ssl=1&resize=1050%2C600 3x"},"classes":[]},{"id":20735,"url":"https:\/\/www.jazzzeitung.de\/cms\/2019\/09\/news-35-jazz-festival-wuerzburg-2019-gary-smulyan-new-encounter-quintet-in-concert-multiphonics-festival-koeln-2019\/","url_meta":{"origin":24803,"position":3},"title":"+++ News +++ 35. Jazz Festival W\u00fcrzburg 2019 +++ Gary Smulyan &#8211; &#8222;New Encounter&#8220;-Quintet in Weiden+++ multiphonics Festival K\u00f6ln 2019 +++ Internationales Jazzfestival EBE-JAZZ 2019 in Ebersberg +++","author":"Redaktion JazzZeitung","date":"24. September 2019","format":false,"excerpt":"+++ 35. Jazz Festival W\u00fcrzburg 2019 +++ Auch in diesem Jahr beginnt der W\u00fcrzburger Herbst mit einem Jazzfestival der Jazzinitiative W\u00fcrzburg am 26. und 27. Oktober 2019 im W\u00fcrzburger Felix-Fechenbach-Haus.\u00a0 An zwei Abenden der 35. Ausgabe von \u201eJazz made in Germany\u201c, werden insgesamt sechs Bands auftretet. Der Headliner des Festivals\u2026","rel":"","context":"In &quot;News&quot;","block_context":{"text":"News","link":"https:\/\/www.jazzzeitung.de\/cms\/thema\/nachrichten\/"},"img":{"alt_text":"","src":"https:\/\/i0.wp.com\/www.jazzzeitung.de\/cms\/wp-content\/uploads\/2019\/09\/6-Jazzkantine_Foto_Marc-Stantien.jpg?fit=1200%2C830&ssl=1&resize=350%2C200","width":350,"height":200,"srcset":"https:\/\/i0.wp.com\/www.jazzzeitung.de\/cms\/wp-content\/uploads\/2019\/09\/6-Jazzkantine_Foto_Marc-Stantien.jpg?fit=1200%2C830&ssl=1&resize=350%2C200 1x, https:\/\/i0.wp.com\/www.jazzzeitung.de\/cms\/wp-content\/uploads\/2019\/09\/6-Jazzkantine_Foto_Marc-Stantien.jpg?fit=1200%2C830&ssl=1&resize=525%2C300 1.5x, https:\/\/i0.wp.com\/www.jazzzeitung.de\/cms\/wp-content\/uploads\/2019\/09\/6-Jazzkantine_Foto_Marc-Stantien.jpg?fit=1200%2C830&ssl=1&resize=700%2C400 2x, https:\/\/i0.wp.com\/www.jazzzeitung.de\/cms\/wp-content\/uploads\/2019\/09\/6-Jazzkantine_Foto_Marc-Stantien.jpg?fit=1200%2C830&ssl=1&resize=1050%2C600 3x"},"classes":[]},{"id":19859,"url":"https:\/\/www.jazzzeitung.de\/cms\/2019\/06\/ritterschlag-fuer-ebe-jazz-ernennung-zum-diesjaehrigen-landes-jazzfestival-bayern\/","url_meta":{"origin":24803,"position":4},"title":"Ritterschlag f\u00fcr EBE-JAZZ \u2013 Ernennung zum diesj\u00e4hrigen \u201eLandes-Jazzfestival Bayern\u201c","author":"Redaktion JazzZeitung","date":"25. Juni 2019","format":false,"excerpt":"Das Internationale Jazzfestival EBE-JAZZ 19 wird zum offiziellen \u201eLandes-Jazzfestival Bayern\u201c ernannt. Seit vier Jahren ruft der Bayerische Jazzverband e.V. ein Landes-Jazzfestival aus. Bisher wurden Konzertreihen in Regensburg (2016), Murnau (2017) und W\u00fcrzburg (2018) realisiert. Das 4. Landes-Jazzfestival Bayern 2019 findet nun in Ebersberg und Grafing statt. Das Bayerische Staatsministerium f\u00fcr\u2026","rel":"","context":"In &quot;News&quot;","block_context":{"text":"News","link":"https:\/\/www.jazzzeitung.de\/cms\/thema\/nachrichten\/"},"img":{"alt_text":"","src":"https:\/\/i0.wp.com\/www.jazzzeitung.de\/cms\/wp-content\/uploads\/2019\/06\/Logo_Ljf_Bayern19.jpg?fit=1200%2C851&ssl=1&resize=350%2C200","width":350,"height":200,"srcset":"https:\/\/i0.wp.com\/www.jazzzeitung.de\/cms\/wp-content\/uploads\/2019\/06\/Logo_Ljf_Bayern19.jpg?fit=1200%2C851&ssl=1&resize=350%2C200 1x, https:\/\/i0.wp.com\/www.jazzzeitung.de\/cms\/wp-content\/uploads\/2019\/06\/Logo_Ljf_Bayern19.jpg?fit=1200%2C851&ssl=1&resize=525%2C300 1.5x, https:\/\/i0.wp.com\/www.jazzzeitung.de\/cms\/wp-content\/uploads\/2019\/06\/Logo_Ljf_Bayern19.jpg?fit=1200%2C851&ssl=1&resize=700%2C400 2x, https:\/\/i0.wp.com\/www.jazzzeitung.de\/cms\/wp-content\/uploads\/2019\/06\/Logo_Ljf_Bayern19.jpg?fit=1200%2C851&ssl=1&resize=1050%2C600 3x"},"classes":[]},{"id":33083,"url":"https:\/\/www.jazzzeitung.de\/cms\/2025\/09\/ebe-jazz-2025-das-besondere-festival\/","url_meta":{"origin":24803,"position":5},"title":"EBE-JAZZ 2025: Das besondere Festival\u00a0","author":"Thomas J. Krebs","date":"12. September 2025","format":false,"excerpt":"Vor genau 10 Jahren hat alles begonnen, als sich ein paar \u201everr\u00fcckte\u201c Jazz Enthusiasten in Ebersberg zusammengesetzt und beschlossen haben: wir veranstalten ein Jazzfestival. Bereits im ersten Jahr traten beim EBE-JAZZ 2015 u.a. Stars wie Chris Potter und Ron Carter auf. Das Festival war ein gro\u00dfer Erfolg f\u00fcr die Region\u2026","rel":"","context":"In &quot;Bericht&quot;","block_context":{"text":"Bericht","link":"https:\/\/www.jazzzeitung.de\/cms\/thema\/bericht\/"},"img":{"alt_text":"","src":"https:\/\/i0.wp.com\/www.jazzzeitung.de\/cms\/wp-content\/uploads\/2025\/09\/P1376834-sw-Bertault-Foto-TJ-Krebs.jpg?fit=1200%2C800&ssl=1&resize=350%2C200","width":350,"height":200,"srcset":"https:\/\/i0.wp.com\/www.jazzzeitung.de\/cms\/wp-content\/uploads\/2025\/09\/P1376834-sw-Bertault-Foto-TJ-Krebs.jpg?fit=1200%2C800&ssl=1&resize=350%2C200 1x, https:\/\/i0.wp.com\/www.jazzzeitung.de\/cms\/wp-content\/uploads\/2025\/09\/P1376834-sw-Bertault-Foto-TJ-Krebs.jpg?fit=1200%2C800&ssl=1&resize=525%2C300 1.5x, https:\/\/i0.wp.com\/www.jazzzeitung.de\/cms\/wp-content\/uploads\/2025\/09\/P1376834-sw-Bertault-Foto-TJ-Krebs.jpg?fit=1200%2C800&ssl=1&resize=700%2C400 2x, https:\/\/i0.wp.com\/www.jazzzeitung.de\/cms\/wp-content\/uploads\/2025\/09\/P1376834-sw-Bertault-Foto-TJ-Krebs.jpg?fit=1200%2C800&ssl=1&resize=1050%2C600 3x"},"classes":[]}],"jetpack_sharing_enabled":true,"_links":{"self":[{"href":"https:\/\/www.jazzzeitung.de\/cms\/wp-json\/wp\/v2\/posts\/24803","targetHints":{"allow":["GET"]}}],"collection":[{"href":"https:\/\/www.jazzzeitung.de\/cms\/wp-json\/wp\/v2\/posts"}],"about":[{"href":"https:\/\/www.jazzzeitung.de\/cms\/wp-json\/wp\/v2\/types\/post"}],"author":[{"embeddable":true,"href":"https:\/\/www.jazzzeitung.de\/cms\/wp-json\/wp\/v2\/users\/18"}],"replies":[{"embeddable":true,"href":"https:\/\/www.jazzzeitung.de\/cms\/wp-json\/wp\/v2\/comments?post=24803"}],"version-history":[{"count":4,"href":"https:\/\/www.jazzzeitung.de\/cms\/wp-json\/wp\/v2\/posts\/24803\/revisions"}],"predecessor-version":[{"id":24818,"href":"https:\/\/www.jazzzeitung.de\/cms\/wp-json\/wp\/v2\/posts\/24803\/revisions\/24818"}],"wp:featuredmedia":[{"embeddable":true,"href":"https:\/\/www.jazzzeitung.de\/cms\/wp-json\/wp\/v2\/media\/24805"}],"wp:attachment":[{"href":"https:\/\/www.jazzzeitung.de\/cms\/wp-json\/wp\/v2\/media?parent=24803"}],"wp:term":[{"taxonomy":"category","embeddable":true,"href":"https:\/\/www.jazzzeitung.de\/cms\/wp-json\/wp\/v2\/categories?post=24803"},{"taxonomy":"post_tag","embeddable":true,"href":"https:\/\/www.jazzzeitung.de\/cms\/wp-json\/wp\/v2\/tags?post=24803"},{"taxonomy":"author","embeddable":true,"href":"https:\/\/www.jazzzeitung.de\/cms\/wp-json\/wp\/v2\/coauthors?post=24803"}],"curies":[{"name":"wp","href":"https:\/\/api.w.org\/{rel}","templated":true}]}}