{"id":24777,"date":"2021-05-05T13:15:00","date_gmt":"2021-05-05T11:15:00","guid":{"rendered":"https:\/\/www.jazzzeitung.de\/cms\/?p=24777"},"modified":"2021-05-05T13:01:52","modified_gmt":"2021-05-05T11:01:52","slug":"endlich-siea-und-ihr-debutalbum-ride","status":"publish","type":"post","link":"https:\/\/www.jazzzeitung.de\/cms\/2021\/05\/endlich-siea-und-ihr-debutalbum-ride\/","title":{"rendered":"Endlich: SiEA und ihr Debutalbum \u201eRIDE\u201c"},"content":{"rendered":"<p><strong>Was ist SiEA? Techno-Ballade, Jazz, Indie, Performance, Avantgarde-Pop? Die Musikerinnen der Band passen nicht wirklich in eine Schublade, aber das ist letztlich auch egal, denn ihre Musik ist schlichtweg &#8211; unbelievable! Ein Merkmal sticht bei SiEA besonders heraus: die Kompromisslosigkeit und pure Freude am Spiel auf der Fahrt durch kosmische Musikgefilde, denn das neue Album \u201eRIDE\u201c verweist auf Sally Ride, die dritte Frau im Weltraum.<\/strong><\/p>\n<div class=\"tiled-gallery type-rectangular tiled-gallery-unresized\" data-original-width=\"840\" data-carousel-extra='{&quot;blog_id&quot;:1,&quot;permalink&quot;:&quot;https:\\\/\\\/www.jazzzeitung.de\\\/cms\\\/2021\\\/05\\\/endlich-siea-und-ihr-debutalbum-ride\\\/&quot;,&quot;likes_blog_id&quot;:55446655}' itemscope itemtype=\"http:\/\/schema.org\/ImageGallery\" > <div class=\"gallery-row\" style=\"width: 840px; height: 409px;\" data-original-width=\"840\" data-original-height=\"409\" > <div class=\"gallery-group images-1\" style=\"width: 282px; height: 409px;\" data-original-width=\"282\" data-original-height=\"409\" > <div class=\"tiled-gallery-item tiled-gallery-item-large\" itemprop=\"associatedMedia\" itemscope itemtype=\"http:\/\/schema.org\/ImageObject\"> <a href=\"https:\/\/www.jazzzeitung.de\/cms\/2021\/05\/endlich-siea-und-ihr-debutalbum-ride\/p2051069-dering-roemer-foto-tj-krebs\/\" border=\"0\" itemprop=\"url\"> <meta itemprop=\"width\" content=\"278\"> <meta itemprop=\"height\" content=\"405\"> <img decoding=\"async\" class=\"\" data-attachment-id=\"24780\" data-orig-file=\"https:\/\/www.jazzzeitung.de\/cms\/wp-content\/uploads\/2021\/05\/P2051069-Dering-Roemer-Foto-TJ-Krebs.jpg\" data-orig-size=\"800,1167\" data-comments-opened=\"1\" data-image-meta=\"{&quot;aperture&quot;:&quot;0&quot;,&quot;credit&quot;:&quot;&quot;,&quot;camera&quot;:&quot;&quot;,&quot;caption&quot;:&quot;&quot;,&quot;created_timestamp&quot;:&quot;0&quot;,&quot;copyright&quot;:&quot;&quot;,&quot;focal_length&quot;:&quot;0&quot;,&quot;iso&quot;:&quot;0&quot;,&quot;shutter_speed&quot;:&quot;0&quot;,&quot;title&quot;:&quot;&quot;,&quot;orientation&quot;:&quot;0&quot;}\" data-image-title=\"\" data-image-description=\"\" data-medium-file=\"https:\/\/i0.wp.com\/www.jazzzeitung.de\/cms\/wp-content\/uploads\/2021\/05\/P2051069-Dering-Roemer-Foto-TJ-Krebs.jpg?fit=206%2C300&#038;ssl=1\" data-large-file=\"https:\/\/i0.wp.com\/www.jazzzeitung.de\/cms\/wp-content\/uploads\/2021\/05\/P2051069-Dering-Roemer-Foto-TJ-Krebs.jpg?fit=411%2C600&#038;ssl=1\" src=\"https:\/\/i0.wp.com\/www.jazzzeitung.de\/cms\/wp-content\/uploads\/2021\/05\/P2051069-Dering-Roemer-Foto-TJ-Krebs.jpg?w=278&#038;h=405&#038;ssl=1\" srcset=\"https:\/\/i0.wp.com\/www.jazzzeitung.de\/cms\/wp-content\/uploads\/2021\/05\/P2051069-Dering-Roemer-Foto-TJ-Krebs.jpg?w=800&amp;ssl=1 800w, https:\/\/i0.wp.com\/www.jazzzeitung.de\/cms\/wp-content\/uploads\/2021\/05\/P2051069-Dering-Roemer-Foto-TJ-Krebs.jpg?resize=206%2C300&amp;ssl=1 206w, https:\/\/i0.wp.com\/www.jazzzeitung.de\/cms\/wp-content\/uploads\/2021\/05\/P2051069-Dering-Roemer-Foto-TJ-Krebs.jpg?resize=411%2C600&amp;ssl=1 411w, https:\/\/i0.wp.com\/www.jazzzeitung.de\/cms\/wp-content\/uploads\/2021\/05\/P2051069-Dering-Roemer-Foto-TJ-Krebs.jpg?resize=768%2C1120&amp;ssl=1 768w\" width=\"278\" height=\"405\" loading=\"lazy\" data-original-width=\"278\" data-original-height=\"405\" itemprop=\"http:\/\/schema.org\/image\" title=\"\" alt=\"Antonia Dering und Patricia R\u00f6mer - Foto TJ Krebs\" style=\"width: 278px; height: 405px;\" \/> <\/a> <div class=\"tiled-gallery-caption\" itemprop=\"caption description\"> Antonia Dering und Patricia R\u00f6mer &#8211; Foto TJ Krebs <\/div> <\/div> <\/div> <!-- close group --> <div class=\"gallery-group images-1\" style=\"width: 284px; height: 409px;\" data-original-width=\"284\" data-original-height=\"409\" > <div class=\"tiled-gallery-item tiled-gallery-item-large\" itemprop=\"associatedMedia\" itemscope itemtype=\"http:\/\/schema.org\/ImageObject\"> <a href=\"https:\/\/www.jazzzeitung.de\/cms\/2021\/05\/endlich-siea-und-ihr-debutalbum-ride\/p2051118-angela-funetes-foto-tj-krebs\/\" border=\"0\" itemprop=\"url\"> <meta itemprop=\"width\" content=\"280\"> <meta itemprop=\"height\" content=\"405\"> <img decoding=\"async\" class=\"\" data-attachment-id=\"24781\" data-orig-file=\"https:\/\/www.jazzzeitung.de\/cms\/wp-content\/uploads\/2021\/05\/P2051118-Angela-Funetes-Foto-TJ-Krebs.jpg\" data-orig-size=\"800,1156\" data-comments-opened=\"1\" data-image-meta=\"{&quot;aperture&quot;:&quot;0&quot;,&quot;credit&quot;:&quot;&quot;,&quot;camera&quot;:&quot;&quot;,&quot;caption&quot;:&quot;&quot;,&quot;created_timestamp&quot;:&quot;0&quot;,&quot;copyright&quot;:&quot;&quot;,&quot;focal_length&quot;:&quot;0&quot;,&quot;iso&quot;:&quot;0&quot;,&quot;shutter_speed&quot;:&quot;0&quot;,&quot;title&quot;:&quot;&quot;,&quot;orientation&quot;:&quot;0&quot;}\" data-image-title=\"\" data-image-description=\"\" data-medium-file=\"https:\/\/i0.wp.com\/www.jazzzeitung.de\/cms\/wp-content\/uploads\/2021\/05\/P2051118-Angela-Funetes-Foto-TJ-Krebs.jpg?fit=208%2C300&#038;ssl=1\" data-large-file=\"https:\/\/i0.wp.com\/www.jazzzeitung.de\/cms\/wp-content\/uploads\/2021\/05\/P2051118-Angela-Funetes-Foto-TJ-Krebs.jpg?fit=415%2C600&#038;ssl=1\" src=\"https:\/\/i0.wp.com\/www.jazzzeitung.de\/cms\/wp-content\/uploads\/2021\/05\/P2051118-Angela-Funetes-Foto-TJ-Krebs.jpg?w=280&#038;h=405&#038;ssl=1\" srcset=\"https:\/\/i0.wp.com\/www.jazzzeitung.de\/cms\/wp-content\/uploads\/2021\/05\/P2051118-Angela-Funetes-Foto-TJ-Krebs.jpg?w=800&amp;ssl=1 800w, https:\/\/i0.wp.com\/www.jazzzeitung.de\/cms\/wp-content\/uploads\/2021\/05\/P2051118-Angela-Funetes-Foto-TJ-Krebs.jpg?resize=208%2C300&amp;ssl=1 208w, https:\/\/i0.wp.com\/www.jazzzeitung.de\/cms\/wp-content\/uploads\/2021\/05\/P2051118-Angela-Funetes-Foto-TJ-Krebs.jpg?resize=415%2C600&amp;ssl=1 415w, https:\/\/i0.wp.com\/www.jazzzeitung.de\/cms\/wp-content\/uploads\/2021\/05\/P2051118-Angela-Funetes-Foto-TJ-Krebs.jpg?resize=768%2C1110&amp;ssl=1 768w\" width=\"280\" height=\"405\" loading=\"lazy\" data-original-width=\"280\" data-original-height=\"405\" itemprop=\"http:\/\/schema.org\/image\" title=\"\" alt=\"Angela Funetes - Foto TJ Krebs\" style=\"width: 280px; height: 405px;\" \/> <\/a> <div class=\"tiled-gallery-caption\" itemprop=\"caption description\"> Angela Funetes &#8211; Foto TJ Krebs <\/div> <\/div> <\/div> <!-- close group --> <div class=\"gallery-group images-1\" style=\"width: 274px; height: 409px;\" data-original-width=\"274\" data-original-height=\"409\" > <div class=\"tiled-gallery-item tiled-gallery-item-large\" itemprop=\"associatedMedia\" itemscope itemtype=\"http:\/\/schema.org\/ImageObject\"> <a href=\"https:\/\/www.jazzzeitung.de\/cms\/2021\/05\/endlich-siea-und-ihr-debutalbum-ride\/p2051138-julia-hornung-foto-tj-krebs\/\" border=\"0\" itemprop=\"url\"> <meta itemprop=\"width\" content=\"270\"> <meta itemprop=\"height\" content=\"405\"> <img decoding=\"async\" class=\"\" data-attachment-id=\"24782\" data-orig-file=\"https:\/\/www.jazzzeitung.de\/cms\/wp-content\/uploads\/2021\/05\/P2051138-Julia-Hornung-Foto-TJ-Krebs.jpg\" data-orig-size=\"800,1200\" data-comments-opened=\"1\" data-image-meta=\"{&quot;aperture&quot;:&quot;0&quot;,&quot;credit&quot;:&quot;&quot;,&quot;camera&quot;:&quot;&quot;,&quot;caption&quot;:&quot;&quot;,&quot;created_timestamp&quot;:&quot;0&quot;,&quot;copyright&quot;:&quot;&quot;,&quot;focal_length&quot;:&quot;0&quot;,&quot;iso&quot;:&quot;0&quot;,&quot;shutter_speed&quot;:&quot;0&quot;,&quot;title&quot;:&quot;&quot;,&quot;orientation&quot;:&quot;0&quot;}\" data-image-title=\"\" data-image-description=\"\" data-medium-file=\"https:\/\/i0.wp.com\/www.jazzzeitung.de\/cms\/wp-content\/uploads\/2021\/05\/P2051138-Julia-Hornung-Foto-TJ-Krebs.jpg?fit=200%2C300&#038;ssl=1\" data-large-file=\"https:\/\/i0.wp.com\/www.jazzzeitung.de\/cms\/wp-content\/uploads\/2021\/05\/P2051138-Julia-Hornung-Foto-TJ-Krebs.jpg?fit=400%2C600&#038;ssl=1\" src=\"https:\/\/i0.wp.com\/www.jazzzeitung.de\/cms\/wp-content\/uploads\/2021\/05\/P2051138-Julia-Hornung-Foto-TJ-Krebs.jpg?w=270&#038;h=405&#038;ssl=1\" srcset=\"https:\/\/i0.wp.com\/www.jazzzeitung.de\/cms\/wp-content\/uploads\/2021\/05\/P2051138-Julia-Hornung-Foto-TJ-Krebs.jpg?w=800&amp;ssl=1 800w, https:\/\/i0.wp.com\/www.jazzzeitung.de\/cms\/wp-content\/uploads\/2021\/05\/P2051138-Julia-Hornung-Foto-TJ-Krebs.jpg?resize=200%2C300&amp;ssl=1 200w, https:\/\/i0.wp.com\/www.jazzzeitung.de\/cms\/wp-content\/uploads\/2021\/05\/P2051138-Julia-Hornung-Foto-TJ-Krebs.jpg?resize=400%2C600&amp;ssl=1 400w, https:\/\/i0.wp.com\/www.jazzzeitung.de\/cms\/wp-content\/uploads\/2021\/05\/P2051138-Julia-Hornung-Foto-TJ-Krebs.jpg?resize=768%2C1152&amp;ssl=1 768w\" width=\"270\" height=\"405\" loading=\"lazy\" data-original-width=\"270\" data-original-height=\"405\" itemprop=\"http:\/\/schema.org\/image\" title=\"\" alt=\"Julia Hornung - Foto TJ Krebs\" style=\"width: 270px; height: 405px;\" \/> <\/a> <div class=\"tiled-gallery-caption\" itemprop=\"caption description\"> Julia Hornung &#8211; Foto TJ Krebs <\/div> <\/div> <\/div> <!-- close group --> <\/div> <!-- close row --> <div class=\"gallery-row\" style=\"width: 840px; height: 628px;\" data-original-width=\"840\" data-original-height=\"628\" > <div class=\"gallery-group images-1\" style=\"width: 420px; height: 628px;\" data-original-width=\"420\" data-original-height=\"628\" > <div class=\"tiled-gallery-item tiled-gallery-item-large\" itemprop=\"associatedMedia\" itemscope itemtype=\"http:\/\/schema.org\/ImageObject\"> <a href=\"https:\/\/www.jazzzeitung.de\/cms\/2021\/05\/endlich-siea-und-ihr-debutalbum-ride\/p2051187-amelie-haidt-foto-tj-krebs\/\" border=\"0\" itemprop=\"url\"> <meta itemprop=\"width\" content=\"416\"> <meta itemprop=\"height\" content=\"624\"> <img decoding=\"async\" class=\"\" data-attachment-id=\"24783\" data-orig-file=\"https:\/\/www.jazzzeitung.de\/cms\/wp-content\/uploads\/2021\/05\/P2051187-Amelie-Haidt-Foto-TJ-Krebs.jpg\" data-orig-size=\"800,1200\" data-comments-opened=\"1\" data-image-meta=\"{&quot;aperture&quot;:&quot;0&quot;,&quot;credit&quot;:&quot;&quot;,&quot;camera&quot;:&quot;&quot;,&quot;caption&quot;:&quot;&quot;,&quot;created_timestamp&quot;:&quot;0&quot;,&quot;copyright&quot;:&quot;&quot;,&quot;focal_length&quot;:&quot;0&quot;,&quot;iso&quot;:&quot;0&quot;,&quot;shutter_speed&quot;:&quot;0&quot;,&quot;title&quot;:&quot;&quot;,&quot;orientation&quot;:&quot;0&quot;}\" data-image-title=\"\" data-image-description=\"\" data-medium-file=\"https:\/\/i0.wp.com\/www.jazzzeitung.de\/cms\/wp-content\/uploads\/2021\/05\/P2051187-Amelie-Haidt-Foto-TJ-Krebs.jpg?fit=200%2C300&#038;ssl=1\" data-large-file=\"https:\/\/i0.wp.com\/www.jazzzeitung.de\/cms\/wp-content\/uploads\/2021\/05\/P2051187-Amelie-Haidt-Foto-TJ-Krebs.jpg?fit=400%2C600&#038;ssl=1\" src=\"https:\/\/i0.wp.com\/www.jazzzeitung.de\/cms\/wp-content\/uploads\/2021\/05\/P2051187-Amelie-Haidt-Foto-TJ-Krebs.jpg?w=416&#038;h=624&#038;ssl=1\" srcset=\"https:\/\/i0.wp.com\/www.jazzzeitung.de\/cms\/wp-content\/uploads\/2021\/05\/P2051187-Amelie-Haidt-Foto-TJ-Krebs.jpg?w=800&amp;ssl=1 800w, https:\/\/i0.wp.com\/www.jazzzeitung.de\/cms\/wp-content\/uploads\/2021\/05\/P2051187-Amelie-Haidt-Foto-TJ-Krebs.jpg?resize=200%2C300&amp;ssl=1 200w, https:\/\/i0.wp.com\/www.jazzzeitung.de\/cms\/wp-content\/uploads\/2021\/05\/P2051187-Amelie-Haidt-Foto-TJ-Krebs.jpg?resize=400%2C600&amp;ssl=1 400w, https:\/\/i0.wp.com\/www.jazzzeitung.de\/cms\/wp-content\/uploads\/2021\/05\/P2051187-Amelie-Haidt-Foto-TJ-Krebs.jpg?resize=768%2C1152&amp;ssl=1 768w\" width=\"416\" height=\"624\" loading=\"lazy\" data-original-width=\"416\" data-original-height=\"624\" itemprop=\"http:\/\/schema.org\/image\" title=\"\" alt=\"Am\u00e9lie Haidt - Foto TJ Krebs\" style=\"width: 416px; height: 624px;\" \/> <\/a> <div class=\"tiled-gallery-caption\" itemprop=\"caption description\"> Am\u00e9lie Haidt &#8211; Foto TJ Krebs <\/div> <\/div> <\/div> <!-- close group --> <div class=\"gallery-group images-1\" style=\"width: 420px; height: 628px;\" data-original-width=\"420\" data-original-height=\"628\" > <div class=\"tiled-gallery-item tiled-gallery-item-large\" itemprop=\"associatedMedia\" itemscope itemtype=\"http:\/\/schema.org\/ImageObject\"> <a href=\"https:\/\/www.jazzzeitung.de\/cms\/2021\/05\/endlich-siea-und-ihr-debutalbum-ride\/p2051194-lucie-graehl-foto-tj-krebs\/\" border=\"0\" itemprop=\"url\"> <meta itemprop=\"width\" content=\"416\"> <meta itemprop=\"height\" content=\"624\"> <img decoding=\"async\" class=\"\" data-attachment-id=\"24784\" data-orig-file=\"https:\/\/www.jazzzeitung.de\/cms\/wp-content\/uploads\/2021\/05\/P2051194-Lucie-Graehl-Foto-TJ-Krebs.jpg\" data-orig-size=\"800,1200\" data-comments-opened=\"1\" data-image-meta=\"{&quot;aperture&quot;:&quot;0&quot;,&quot;credit&quot;:&quot;&quot;,&quot;camera&quot;:&quot;&quot;,&quot;caption&quot;:&quot;&quot;,&quot;created_timestamp&quot;:&quot;0&quot;,&quot;copyright&quot;:&quot;&quot;,&quot;focal_length&quot;:&quot;0&quot;,&quot;iso&quot;:&quot;0&quot;,&quot;shutter_speed&quot;:&quot;0&quot;,&quot;title&quot;:&quot;&quot;,&quot;orientation&quot;:&quot;0&quot;}\" data-image-title=\"\" data-image-description=\"\" data-medium-file=\"https:\/\/i0.wp.com\/www.jazzzeitung.de\/cms\/wp-content\/uploads\/2021\/05\/P2051194-Lucie-Graehl-Foto-TJ-Krebs.jpg?fit=200%2C300&#038;ssl=1\" data-large-file=\"https:\/\/i0.wp.com\/www.jazzzeitung.de\/cms\/wp-content\/uploads\/2021\/05\/P2051194-Lucie-Graehl-Foto-TJ-Krebs.jpg?fit=400%2C600&#038;ssl=1\" src=\"https:\/\/i0.wp.com\/www.jazzzeitung.de\/cms\/wp-content\/uploads\/2021\/05\/P2051194-Lucie-Graehl-Foto-TJ-Krebs.jpg?w=416&#038;h=624&#038;ssl=1\" srcset=\"https:\/\/i0.wp.com\/www.jazzzeitung.de\/cms\/wp-content\/uploads\/2021\/05\/P2051194-Lucie-Graehl-Foto-TJ-Krebs.jpg?w=800&amp;ssl=1 800w, https:\/\/i0.wp.com\/www.jazzzeitung.de\/cms\/wp-content\/uploads\/2021\/05\/P2051194-Lucie-Graehl-Foto-TJ-Krebs.jpg?resize=200%2C300&amp;ssl=1 200w, https:\/\/i0.wp.com\/www.jazzzeitung.de\/cms\/wp-content\/uploads\/2021\/05\/P2051194-Lucie-Graehl-Foto-TJ-Krebs.jpg?resize=400%2C600&amp;ssl=1 400w, https:\/\/i0.wp.com\/www.jazzzeitung.de\/cms\/wp-content\/uploads\/2021\/05\/P2051194-Lucie-Graehl-Foto-TJ-Krebs.jpg?resize=768%2C1152&amp;ssl=1 768w\" width=\"416\" height=\"624\" loading=\"lazy\" data-original-width=\"416\" data-original-height=\"624\" itemprop=\"http:\/\/schema.org\/image\" title=\"\" alt=\"Lucie Graehl - Foto TJ Krebs\" style=\"width: 416px; height: 624px;\" \/> <\/a> <div class=\"tiled-gallery-caption\" itemprop=\"caption description\"> Lucie Graehl &#8211; Foto TJ Krebs <\/div> <\/div> <\/div> <!-- close group --> <\/div> <!-- close row --> <\/div>\n<p>SiEA funktioniert auf Tontr\u00e4ger, das stellt die Debut-CD \u201eRIDE\u201c eindrucksvoll unter Beweis. Kein Wunder bei der Besetzung. Antonia Dering &amp; Patricia R\u00f6mer Gesang, Performance, Synthesizer werden groove-technisch wie instrumental unterst\u00fctzt von Ramona Schwarzer, Bettina Maier, Lucie Graehl, Am\u00e9lie Haidt, Julia Hornung, Lisa Wilhelm und Angela Requena Fuentes. Soweit die facts zum \u201eharten\u201c Kern von SiEA. Weitere G\u00e4ste geben sich auf der CD ein Stelldichein wie z.B. Jutta Kee\u00df oder Kira Linn, und mit Samuel Wootton oder Michael Salvermoser sind last not least auch noch zwei Jungs mit von der Partie.<\/p>\n<div class=\"tiled-gallery type-rectangular tiled-gallery-unresized\" data-original-width=\"840\" data-carousel-extra='{&quot;blog_id&quot;:1,&quot;permalink&quot;:&quot;https:\\\/\\\/www.jazzzeitung.de\\\/cms\\\/2021\\\/05\\\/endlich-siea-und-ihr-debutalbum-ride\\\/&quot;,&quot;likes_blog_id&quot;:55446655}' itemscope itemtype=\"http:\/\/schema.org\/ImageGallery\" > <div class=\"gallery-row\" style=\"width: 840px; height: 196px;\" data-original-width=\"840\" data-original-height=\"196\" > <div class=\"gallery-group images-1\" style=\"width: 284px; height: 196px;\" data-original-width=\"284\" data-original-height=\"196\" > <div class=\"tiled-gallery-item tiled-gallery-item-large\" itemprop=\"associatedMedia\" itemscope itemtype=\"http:\/\/schema.org\/ImageObject\"> <a href=\"https:\/\/www.jazzzeitung.de\/cms\/2021\/05\/endlich-siea-und-ihr-debutalbum-ride\/p2051255-siea-foto-tj-krebs\/\" border=\"0\" itemprop=\"url\"> <meta itemprop=\"width\" content=\"280\"> <meta itemprop=\"height\" content=\"192\"> <img decoding=\"async\" class=\"\" data-attachment-id=\"24786\" data-orig-file=\"https:\/\/www.jazzzeitung.de\/cms\/wp-content\/uploads\/2021\/05\/P2051255-SiEA-Foto-TJ-Krebs.jpg\" data-orig-size=\"1200,823\" data-comments-opened=\"1\" data-image-meta=\"{&quot;aperture&quot;:&quot;0&quot;,&quot;credit&quot;:&quot;&quot;,&quot;camera&quot;:&quot;&quot;,&quot;caption&quot;:&quot;&quot;,&quot;created_timestamp&quot;:&quot;0&quot;,&quot;copyright&quot;:&quot;&quot;,&quot;focal_length&quot;:&quot;0&quot;,&quot;iso&quot;:&quot;0&quot;,&quot;shutter_speed&quot;:&quot;0&quot;,&quot;title&quot;:&quot;&quot;,&quot;orientation&quot;:&quot;0&quot;}\" data-image-title=\"\" data-image-description=\"\" data-medium-file=\"https:\/\/i0.wp.com\/www.jazzzeitung.de\/cms\/wp-content\/uploads\/2021\/05\/P2051255-SiEA-Foto-TJ-Krebs.jpg?fit=300%2C206&#038;ssl=1\" data-large-file=\"https:\/\/i0.wp.com\/www.jazzzeitung.de\/cms\/wp-content\/uploads\/2021\/05\/P2051255-SiEA-Foto-TJ-Krebs.jpg?fit=840%2C576&#038;ssl=1\" src=\"https:\/\/i0.wp.com\/www.jazzzeitung.de\/cms\/wp-content\/uploads\/2021\/05\/P2051255-SiEA-Foto-TJ-Krebs.jpg?w=280&#038;h=192&#038;ssl=1\" srcset=\"https:\/\/i0.wp.com\/www.jazzzeitung.de\/cms\/wp-content\/uploads\/2021\/05\/P2051255-SiEA-Foto-TJ-Krebs.jpg?w=1200&amp;ssl=1 1200w, https:\/\/i0.wp.com\/www.jazzzeitung.de\/cms\/wp-content\/uploads\/2021\/05\/P2051255-SiEA-Foto-TJ-Krebs.jpg?resize=300%2C206&amp;ssl=1 300w, https:\/\/i0.wp.com\/www.jazzzeitung.de\/cms\/wp-content\/uploads\/2021\/05\/P2051255-SiEA-Foto-TJ-Krebs.jpg?resize=875%2C600&amp;ssl=1 875w, https:\/\/i0.wp.com\/www.jazzzeitung.de\/cms\/wp-content\/uploads\/2021\/05\/P2051255-SiEA-Foto-TJ-Krebs.jpg?resize=768%2C527&amp;ssl=1 768w\" width=\"280\" height=\"192\" loading=\"lazy\" data-original-width=\"280\" data-original-height=\"192\" itemprop=\"http:\/\/schema.org\/image\" title=\"\" alt=\"SiEA in Aktion - Foto TJ Krebs\" style=\"width: 280px; height: 192px;\" \/> <\/a> <div class=\"tiled-gallery-caption\" itemprop=\"caption description\"> SiEA in Aktion &#8211; Foto TJ Krebs <\/div> <\/div> <\/div> <!-- close group --> <div class=\"gallery-group images-1\" style=\"width: 132px; height: 196px;\" data-original-width=\"132\" data-original-height=\"196\" > <div class=\"tiled-gallery-item tiled-gallery-item-small\" itemprop=\"associatedMedia\" itemscope itemtype=\"http:\/\/schema.org\/ImageObject\"> <a href=\"https:\/\/www.jazzzeitung.de\/cms\/2021\/05\/endlich-siea-und-ihr-debutalbum-ride\/p2051288-patricia-roemer-foto-tj-krebs\/\" border=\"0\" itemprop=\"url\"> <meta itemprop=\"width\" content=\"128\"> <meta itemprop=\"height\" content=\"192\"> <img decoding=\"async\" class=\"\" data-attachment-id=\"24787\" data-orig-file=\"https:\/\/www.jazzzeitung.de\/cms\/wp-content\/uploads\/2021\/05\/P2051288-Patricia-Roemer-Foto-TJ-Krebs.jpg\" data-orig-size=\"800,1200\" data-comments-opened=\"1\" data-image-meta=\"{&quot;aperture&quot;:&quot;0&quot;,&quot;credit&quot;:&quot;&quot;,&quot;camera&quot;:&quot;&quot;,&quot;caption&quot;:&quot;&quot;,&quot;created_timestamp&quot;:&quot;0&quot;,&quot;copyright&quot;:&quot;&quot;,&quot;focal_length&quot;:&quot;0&quot;,&quot;iso&quot;:&quot;0&quot;,&quot;shutter_speed&quot;:&quot;0&quot;,&quot;title&quot;:&quot;&quot;,&quot;orientation&quot;:&quot;0&quot;}\" data-image-title=\"\" data-image-description=\"\" data-medium-file=\"https:\/\/i0.wp.com\/www.jazzzeitung.de\/cms\/wp-content\/uploads\/2021\/05\/P2051288-Patricia-Roemer-Foto-TJ-Krebs.jpg?fit=200%2C300&#038;ssl=1\" data-large-file=\"https:\/\/i0.wp.com\/www.jazzzeitung.de\/cms\/wp-content\/uploads\/2021\/05\/P2051288-Patricia-Roemer-Foto-TJ-Krebs.jpg?fit=400%2C600&#038;ssl=1\" src=\"https:\/\/i0.wp.com\/www.jazzzeitung.de\/cms\/wp-content\/uploads\/2021\/05\/P2051288-Patricia-Roemer-Foto-TJ-Krebs.jpg?w=128&#038;h=192&#038;ssl=1\" srcset=\"https:\/\/i0.wp.com\/www.jazzzeitung.de\/cms\/wp-content\/uploads\/2021\/05\/P2051288-Patricia-Roemer-Foto-TJ-Krebs.jpg?w=800&amp;ssl=1 800w, https:\/\/i0.wp.com\/www.jazzzeitung.de\/cms\/wp-content\/uploads\/2021\/05\/P2051288-Patricia-Roemer-Foto-TJ-Krebs.jpg?resize=200%2C300&amp;ssl=1 200w, https:\/\/i0.wp.com\/www.jazzzeitung.de\/cms\/wp-content\/uploads\/2021\/05\/P2051288-Patricia-Roemer-Foto-TJ-Krebs.jpg?resize=400%2C600&amp;ssl=1 400w, https:\/\/i0.wp.com\/www.jazzzeitung.de\/cms\/wp-content\/uploads\/2021\/05\/P2051288-Patricia-Roemer-Foto-TJ-Krebs.jpg?resize=768%2C1152&amp;ssl=1 768w\" width=\"128\" height=\"192\" loading=\"lazy\" data-original-width=\"128\" data-original-height=\"192\" itemprop=\"http:\/\/schema.org\/image\" title=\"\" alt=\"Patricia R\u00f6mer - Foto TJ Krebs\" style=\"width: 128px; height: 192px;\" \/> <\/a> <div class=\"tiled-gallery-caption\" itemprop=\"caption description\"> Patricia R\u00f6mer &#8211; Foto TJ Krebs <\/div> <\/div> <\/div> <!-- close group --> <div class=\"gallery-group images-1\" style=\"width: 132px; height: 196px;\" data-original-width=\"132\" data-original-height=\"196\" > <div class=\"tiled-gallery-item tiled-gallery-item-small\" itemprop=\"associatedMedia\" itemscope itemtype=\"http:\/\/schema.org\/ImageObject\"> <a href=\"https:\/\/www.jazzzeitung.de\/cms\/2021\/05\/endlich-siea-und-ihr-debutalbum-ride\/p2051358-antonia-dering-foto-tj-krebs\/\" border=\"0\" itemprop=\"url\"> <meta itemprop=\"width\" content=\"128\"> <meta itemprop=\"height\" content=\"192\"> <img decoding=\"async\" class=\"\" data-attachment-id=\"24788\" data-orig-file=\"https:\/\/www.jazzzeitung.de\/cms\/wp-content\/uploads\/2021\/05\/P2051358-Antonia-Dering-Foto-TJ-Krebs.jpg\" data-orig-size=\"800,1200\" data-comments-opened=\"1\" data-image-meta=\"{&quot;aperture&quot;:&quot;0&quot;,&quot;credit&quot;:&quot;&quot;,&quot;camera&quot;:&quot;&quot;,&quot;caption&quot;:&quot;&quot;,&quot;created_timestamp&quot;:&quot;0&quot;,&quot;copyright&quot;:&quot;&quot;,&quot;focal_length&quot;:&quot;0&quot;,&quot;iso&quot;:&quot;0&quot;,&quot;shutter_speed&quot;:&quot;0&quot;,&quot;title&quot;:&quot;&quot;,&quot;orientation&quot;:&quot;0&quot;}\" data-image-title=\"\" data-image-description=\"\" data-medium-file=\"https:\/\/i0.wp.com\/www.jazzzeitung.de\/cms\/wp-content\/uploads\/2021\/05\/P2051358-Antonia-Dering-Foto-TJ-Krebs.jpg?fit=200%2C300&#038;ssl=1\" data-large-file=\"https:\/\/i0.wp.com\/www.jazzzeitung.de\/cms\/wp-content\/uploads\/2021\/05\/P2051358-Antonia-Dering-Foto-TJ-Krebs.jpg?fit=400%2C600&#038;ssl=1\" src=\"https:\/\/i0.wp.com\/www.jazzzeitung.de\/cms\/wp-content\/uploads\/2021\/05\/P2051358-Antonia-Dering-Foto-TJ-Krebs.jpg?w=128&#038;h=192&#038;ssl=1\" srcset=\"https:\/\/i0.wp.com\/www.jazzzeitung.de\/cms\/wp-content\/uploads\/2021\/05\/P2051358-Antonia-Dering-Foto-TJ-Krebs.jpg?w=800&amp;ssl=1 800w, https:\/\/i0.wp.com\/www.jazzzeitung.de\/cms\/wp-content\/uploads\/2021\/05\/P2051358-Antonia-Dering-Foto-TJ-Krebs.jpg?resize=200%2C300&amp;ssl=1 200w, https:\/\/i0.wp.com\/www.jazzzeitung.de\/cms\/wp-content\/uploads\/2021\/05\/P2051358-Antonia-Dering-Foto-TJ-Krebs.jpg?resize=400%2C600&amp;ssl=1 400w, https:\/\/i0.wp.com\/www.jazzzeitung.de\/cms\/wp-content\/uploads\/2021\/05\/P2051358-Antonia-Dering-Foto-TJ-Krebs.jpg?resize=768%2C1152&amp;ssl=1 768w\" width=\"128\" height=\"192\" loading=\"lazy\" data-original-width=\"128\" data-original-height=\"192\" itemprop=\"http:\/\/schema.org\/image\" title=\"\" alt=\"Antonia Dering - Foto TJ Krebs\" style=\"width: 128px; height: 192px;\" \/> <\/a> <div class=\"tiled-gallery-caption\" itemprop=\"caption description\"> Antonia Dering &#8211; Foto TJ Krebs <\/div> <\/div> <\/div> <!-- close group --> <div class=\"gallery-group images-1\" style=\"width: 292px; height: 196px;\" data-original-width=\"292\" data-original-height=\"196\" > <div class=\"tiled-gallery-item tiled-gallery-item-large\" itemprop=\"associatedMedia\" itemscope itemtype=\"http:\/\/schema.org\/ImageObject\"> <a href=\"https:\/\/www.jazzzeitung.de\/cms\/2021\/05\/endlich-siea-und-ihr-debutalbum-ride\/p2051360-haidt-dering-roemer-foto-tj-krebs\/\" border=\"0\" itemprop=\"url\"> <meta itemprop=\"width\" content=\"288\"> <meta itemprop=\"height\" content=\"192\"> <img decoding=\"async\" class=\"\" data-attachment-id=\"24789\" data-orig-file=\"https:\/\/www.jazzzeitung.de\/cms\/wp-content\/uploads\/2021\/05\/P2051360-Haidt-Dering-Roemer-Foto-TJ-Krebs.jpg\" data-orig-size=\"1200,800\" data-comments-opened=\"1\" data-image-meta=\"{&quot;aperture&quot;:&quot;0&quot;,&quot;credit&quot;:&quot;&quot;,&quot;camera&quot;:&quot;&quot;,&quot;caption&quot;:&quot;&quot;,&quot;created_timestamp&quot;:&quot;0&quot;,&quot;copyright&quot;:&quot;&quot;,&quot;focal_length&quot;:&quot;0&quot;,&quot;iso&quot;:&quot;0&quot;,&quot;shutter_speed&quot;:&quot;0&quot;,&quot;title&quot;:&quot;&quot;,&quot;orientation&quot;:&quot;0&quot;}\" data-image-title=\"\" data-image-description=\"\" data-medium-file=\"https:\/\/i0.wp.com\/www.jazzzeitung.de\/cms\/wp-content\/uploads\/2021\/05\/P2051360-Haidt-Dering-Roemer-Foto-TJ-Krebs.jpg?fit=300%2C200&#038;ssl=1\" data-large-file=\"https:\/\/i0.wp.com\/www.jazzzeitung.de\/cms\/wp-content\/uploads\/2021\/05\/P2051360-Haidt-Dering-Roemer-Foto-TJ-Krebs.jpg?fit=840%2C560&#038;ssl=1\" src=\"https:\/\/i0.wp.com\/www.jazzzeitung.de\/cms\/wp-content\/uploads\/2021\/05\/P2051360-Haidt-Dering-Roemer-Foto-TJ-Krebs.jpg?w=288&#038;h=192&#038;ssl=1\" srcset=\"https:\/\/i0.wp.com\/www.jazzzeitung.de\/cms\/wp-content\/uploads\/2021\/05\/P2051360-Haidt-Dering-Roemer-Foto-TJ-Krebs.jpg?w=1200&amp;ssl=1 1200w, https:\/\/i0.wp.com\/www.jazzzeitung.de\/cms\/wp-content\/uploads\/2021\/05\/P2051360-Haidt-Dering-Roemer-Foto-TJ-Krebs.jpg?resize=300%2C200&amp;ssl=1 300w, https:\/\/i0.wp.com\/www.jazzzeitung.de\/cms\/wp-content\/uploads\/2021\/05\/P2051360-Haidt-Dering-Roemer-Foto-TJ-Krebs.jpg?resize=900%2C600&amp;ssl=1 900w, https:\/\/i0.wp.com\/www.jazzzeitung.de\/cms\/wp-content\/uploads\/2021\/05\/P2051360-Haidt-Dering-Roemer-Foto-TJ-Krebs.jpg?resize=768%2C512&amp;ssl=1 768w, https:\/\/i0.wp.com\/www.jazzzeitung.de\/cms\/wp-content\/uploads\/2021\/05\/P2051360-Haidt-Dering-Roemer-Foto-TJ-Krebs.jpg?resize=120%2C80&amp;ssl=1 120w\" width=\"288\" height=\"192\" loading=\"lazy\" data-original-width=\"288\" data-original-height=\"192\" itemprop=\"http:\/\/schema.org\/image\" title=\"\" alt=\"Haidt Dering R\u00f6mer - Foto TJ Krebs\" style=\"width: 288px; height: 192px;\" \/> <\/a> <div class=\"tiled-gallery-caption\" itemprop=\"caption description\"> Haidt Dering R\u00f6mer &#8211; Foto TJ Krebs <\/div> <\/div> <\/div> <!-- close group --> <\/div> <!-- close row --> <\/div>\n<p>Die Kompositionen schreibt SiEA selbst und irgendwie ist die Band mehr als nur Musik. Das ganze Konzept sollte eher als Kunst-Performance-Musik-Dialog betrachtet werden und die Arbeit unter- und miteinander ist stets vom Teamgedanken getrieben. Daraus resultiert eine Riesensause, die sich auch musikalisch niederschl\u00e4gt. Mehrstimmiger Gesang, kollektive Improvisationen, elektronische Effekte, immer den Groove im Nacken bis hin zu intimen Duo-Momenten ist alles dabei. Man muss SiEA nur h\u00f6ren und wird von den Sirenen unweigerlich in ihren Bann gezogen. Erfahrungen haben die Musikerinnen bisher in verschiedenen Bands und Projekten gesammelt wie der Jazzrausch Big Band, Am\u00e9lie \/\/ 23 Karat oder dem Monaco Swing Ensemble. So differenziert wie die kreativen Wurzeln und Ambitionen ist auch SiEA selbst. Ob eine psychedelische Ballade wie \u201eLooking North\u201c, das fusion-rockige \u201eReflection\u201c oder der Floor-Knaller \u201eSiEA Knows\u201c sind nur Beispiele f\u00fcr musikalische Vielseitigkeit und good vibes. Herrlich sph\u00e4risch und schillernd knallen die Songs auf dem Album \u201eRIDE\u201c. SiEA kann man nicht nur h\u00f6ren, man muss sie eigentlich parallel dazu sehen, denn das potenziert die Vibrations um ein Vielfaches! Man sehnt sich die Zeit herbei die Band endlich wieder live erleben und mit feiern zu k\u00f6nnen, um gemeinsam auf einen ausgedehnten Trip zu fernen Klangwelten aufzubrechen.<\/p>\n<p><a href=\"https:\/\/i0.wp.com\/www.jazzzeitung.de\/cms\/wp-content\/uploads\/2021\/05\/Cover-SiEA-Ride-scaled.jpg?ssl=1\"><img data-recalc-dims=\"1\" loading=\"lazy\" decoding=\"async\" data-attachment-id=\"24791\" data-permalink=\"https:\/\/www.jazzzeitung.de\/cms\/2021\/05\/endlich-siea-und-ihr-debutalbum-ride\/cover-siea-ride\/\" data-orig-file=\"https:\/\/i0.wp.com\/www.jazzzeitung.de\/cms\/wp-content\/uploads\/2021\/05\/Cover-SiEA-Ride-scaled.jpg?fit=2560%2C2560&amp;ssl=1\" data-orig-size=\"2560,2560\" data-comments-opened=\"1\" data-image-meta=\"{&quot;aperture&quot;:&quot;0&quot;,&quot;credit&quot;:&quot;&quot;,&quot;camera&quot;:&quot;&quot;,&quot;caption&quot;:&quot;&quot;,&quot;created_timestamp&quot;:&quot;0&quot;,&quot;copyright&quot;:&quot;&quot;,&quot;focal_length&quot;:&quot;0&quot;,&quot;iso&quot;:&quot;0&quot;,&quot;shutter_speed&quot;:&quot;0&quot;,&quot;title&quot;:&quot;&quot;,&quot;orientation&quot;:&quot;0&quot;}\" data-image-title=\"Cover SiEA &amp;#8211; Ride\" data-image-description=\"\" data-image-caption=\"\" data-large-file=\"https:\/\/i0.wp.com\/www.jazzzeitung.de\/cms\/wp-content\/uploads\/2021\/05\/Cover-SiEA-Ride-scaled.jpg?fit=600%2C600&amp;ssl=1\" class=\"alignleft size-medium wp-image-24791\" src=\"https:\/\/i0.wp.com\/www.jazzzeitung.de\/cms\/wp-content\/uploads\/2021\/05\/Cover-SiEA-Ride.jpg?resize=300%2C300&#038;ssl=1\" alt=\"\" width=\"300\" height=\"300\" srcset=\"https:\/\/i0.wp.com\/www.jazzzeitung.de\/cms\/wp-content\/uploads\/2021\/05\/Cover-SiEA-Ride-scaled.jpg?resize=300%2C300&amp;ssl=1 300w, https:\/\/i0.wp.com\/www.jazzzeitung.de\/cms\/wp-content\/uploads\/2021\/05\/Cover-SiEA-Ride-scaled.jpg?resize=600%2C600&amp;ssl=1 600w, https:\/\/i0.wp.com\/www.jazzzeitung.de\/cms\/wp-content\/uploads\/2021\/05\/Cover-SiEA-Ride-scaled.jpg?resize=150%2C150&amp;ssl=1 150w, https:\/\/i0.wp.com\/www.jazzzeitung.de\/cms\/wp-content\/uploads\/2021\/05\/Cover-SiEA-Ride-scaled.jpg?resize=768%2C768&amp;ssl=1 768w, https:\/\/i0.wp.com\/www.jazzzeitung.de\/cms\/wp-content\/uploads\/2021\/05\/Cover-SiEA-Ride-scaled.jpg?resize=1536%2C1536&amp;ssl=1 1536w, https:\/\/i0.wp.com\/www.jazzzeitung.de\/cms\/wp-content\/uploads\/2021\/05\/Cover-SiEA-Ride-scaled.jpg?resize=2048%2C2048&amp;ssl=1 2048w, https:\/\/i0.wp.com\/www.jazzzeitung.de\/cms\/wp-content\/uploads\/2021\/05\/Cover-SiEA-Ride-scaled.jpg?resize=1320%2C1320&amp;ssl=1 1320w, https:\/\/i0.wp.com\/www.jazzzeitung.de\/cms\/wp-content\/uploads\/2021\/05\/Cover-SiEA-Ride-scaled.jpg?w=1680&amp;ssl=1 1680w, https:\/\/i0.wp.com\/www.jazzzeitung.de\/cms\/wp-content\/uploads\/2021\/05\/Cover-SiEA-Ride-scaled.jpg?w=2520&amp;ssl=1 2520w\" sizes=\"auto, (max-width: 300px) 100vw, 300px\" \/><\/a><\/p>\n<p>Offiziell erschienen ist SiEA\u2019s CD \u201eRIDE\u201c bereits letzte Woche am 30.04., dem International Jazz Day, \u00fcber das M\u00fcnchner Label <em>In Bloom Records<\/em>. K\u00e4uflich erwerben kann man es entweder direkt auf <a href=\"http:\/\/www.SiEA-music.com\">www.SiEA-music.com<\/a> \u00a0(<a href=\"mailto:contact@SiEA-music.com\">contact@SiEA-music.com<\/a>) oder \u00fcber Bandcamp <a href=\"https:\/\/siea.bandcamp.com\/\">https:\/\/siea.bandcamp.com\/<\/a>. Online gibt es das Album \u00fcber Bandcamp, I-Tunes oder Amazon zu kaufen und auf Spotify zu h\u00f6ren.<\/p>\n<p>Die eigentliche Release Party, geplant als Open Air Konzert im M\u00fcnchner Club IMPORT EXPORT, muss pandemiebedingt verschoben werden.<\/p>\n<p><strong><em>\u00a0<\/em><\/strong><\/p>\n<p><strong><em>Alle Begeisterten trotzdem aufgehorcht:<\/em><\/strong><strong><br \/>\nDer \u201eRIDE\u201c-Release von SiEA wird Mittwoch, den 05.05. um 20:00h in einem Live-Stream aus dem IMPORT EXPORT \u00fcbertragen. So kann wenigstens an den Ger\u00e4ten ordentlich mitgefeiert werden:<\/strong><\/p>\n<p><strong>Anbei die Links zur Veranstaltung:<\/strong><br \/>\n<a href=\"https:\/\/import-export.cc\/event\/siea\/\">https:\/\/import-export.cc\/event\/siea\/<\/a><br \/>\n<a href=\"https:\/\/fb.me\/e\/1jRKUYzeh\">https:\/\/fb.me\/e\/1jRKUYzeh<\/a><\/p>\n<p>Der Eintritt ist frei, freiwillige Spenden sind herzlich willkommen!<\/p>\n<p>Text &amp; Fotos: Thomas J. Krebs<\/p>\n","protected":false},"excerpt":{"rendered":"<p>Was ist SiEA? Techno-Ballade, Jazz, Indie, Performance, Avantgarde-Pop? Die Musikerinnen der Band passen nicht wirklich in eine Schublade, aber das ist letztlich auch egal, denn ihre Musik ist schlichtweg &#8211; unbelievable! Ein Merkmal sticht bei SiEA besonders heraus: die Kompromisslosigkeit und pure Freude am Spiel auf der Fahrt durch kosmische Musikgefilde, denn das neue Album \u201eRIDE\u201c verweist auf Sally Ride, die dritte Frau im Weltraum. SiEA funktioniert auf Tontr\u00e4ger, das stellt die Debut-CD \u201eRIDE\u201c eindrucksvoll unter Beweis. Kein Wunder bei der Besetzung. Antonia Dering &amp; Patricia R\u00f6mer Gesang, Performance, Synthesizer werden groove-technisch wie instrumental unterst\u00fctzt von Ramona Schwarzer, Bettina Maier, Lucie Graehl, Am\u00e9lie Haidt, Julia Hornung, Lisa Wilhelm und Angela Requena Fuentes. Soweit die facts zum \u201eharten\u201c Kern von SiEA. Weitere G\u00e4ste geben sich auf der CD ein Stelldichein wie z.B. Jutta Kee\u00df oder Kira Linn, und mit Samuel Wootton oder Michael Salvermoser sind last not least auch noch zwei Jungs mit von der Partie. Die Kompositionen schreibt SiEA selbst und irgendwie ist die Band mehr als nur Musik. Das ganze Konzept sollte eher als Kunst-Performance-Musik-Dialog betrachtet werden und die Arbeit unter- und miteinander ist &hellip;<\/p>\n","protected":false},"author":35,"featured_media":24779,"comment_status":"open","ping_status":"closed","sticky":false,"template":"","format":"standard","meta":{"_jetpack_memberships_contains_paid_content":false,"footnotes":"","jetpack_publicize_message":"","jetpack_publicize_feature_enabled":true,"jetpack_social_post_already_shared":false,"jetpack_social_options":{"image_generator_settings":{"template":"highway","default_image_id":0,"font":"","enabled":false},"version":2}},"categories":[633,1063],"tags":[1975,3390,3389,573],"coauthors":[1602],"class_list":["post-24777","post","type-post","status-publish","format-standard","has-post-thumbnail","hentry","category-nachrichten","category-portrait","tag-international-jazz-day","tag-patricia-roemer","tag-siea","tag-unterfahrt"],"yoast_head":"<!-- This site is optimized with the Yoast SEO plugin v27.5 - https:\/\/yoast.com\/product\/yoast-seo-wordpress\/ -->\n<title>Endlich: SiEA und ihr Debutalbum \u201eRIDE\u201c - JazzZeitung<\/title>\n<meta name=\"robots\" content=\"index, follow, max-snippet:-1, max-image-preview:large, max-video-preview:-1\" \/>\n<link rel=\"canonical\" href=\"https:\/\/www.jazzzeitung.de\/cms\/2021\/05\/endlich-siea-und-ihr-debutalbum-ride\/\" \/>\n<meta property=\"og:locale\" content=\"de_DE\" \/>\n<meta property=\"og:type\" content=\"article\" \/>\n<meta property=\"og:title\" content=\"Endlich: SiEA und ihr Debutalbum \u201eRIDE\u201c - JazzZeitung\" \/>\n<meta property=\"og:description\" content=\"Was ist SiEA? Techno-Ballade, Jazz, Indie, Performance, Avantgarde-Pop? Die Musikerinnen der Band passen nicht wirklich in eine Schublade, aber das ist letztlich auch egal, denn ihre Musik ist schlichtweg &#8211; unbelievable! Ein Merkmal sticht bei SiEA besonders heraus: die Kompromisslosigkeit und pure Freude am Spiel auf der Fahrt durch kosmische Musikgefilde, denn das neue Album \u201eRIDE\u201c verweist auf Sally Ride, die dritte Frau im Weltraum. SiEA funktioniert auf Tontr\u00e4ger, das stellt die Debut-CD \u201eRIDE\u201c eindrucksvoll unter Beweis. Kein Wunder bei der Besetzung. Antonia Dering &amp; Patricia R\u00f6mer Gesang, Performance, Synthesizer werden groove-technisch wie instrumental unterst\u00fctzt von Ramona Schwarzer, Bettina Maier, Lucie Graehl, Am\u00e9lie Haidt, Julia Hornung, Lisa Wilhelm und Angela Requena Fuentes. Soweit die facts zum \u201eharten\u201c Kern von SiEA. Weitere G\u00e4ste geben sich auf der CD ein Stelldichein wie z.B. Jutta Kee\u00df oder Kira Linn, und mit Samuel Wootton oder Michael Salvermoser sind last not least auch noch zwei Jungs mit von der Partie. Die Kompositionen schreibt SiEA selbst und irgendwie ist die Band mehr als nur Musik. Das ganze Konzept sollte eher als Kunst-Performance-Musik-Dialog betrachtet werden und die Arbeit unter- und miteinander ist &hellip;\" \/>\n<meta property=\"og:url\" content=\"https:\/\/www.jazzzeitung.de\/cms\/2021\/05\/endlich-siea-und-ihr-debutalbum-ride\/\" \/>\n<meta property=\"og:site_name\" content=\"JazzZeitung\" \/>\n<meta property=\"article:publisher\" content=\"https:\/\/www.facebook.com\/JazzZeitung\/\" \/>\n<meta property=\"article:published_time\" content=\"2021-05-05T11:15:00+00:00\" \/>\n<meta property=\"og:image\" content=\"https:\/\/i0.wp.com\/www.jazzzeitung.de\/cms\/wp-content\/uploads\/2021\/05\/P1559577-Dering-Foto-TJ-Krebs-scaled.jpg?fit=2560%2C1707&ssl=1\" \/>\n\t<meta property=\"og:image:width\" content=\"2560\" \/>\n\t<meta property=\"og:image:height\" content=\"1707\" \/>\n\t<meta property=\"og:image:type\" content=\"image\/jpeg\" \/>\n<meta name=\"author\" content=\"Thomas J. Krebs\" \/>\n<script type=\"application\/ld+json\" class=\"yoast-schema-graph\">{\"@context\":\"https:\\\/\\\/schema.org\",\"@graph\":[{\"@type\":\"Article\",\"@id\":\"https:\\\/\\\/www.jazzzeitung.de\\\/cms\\\/2021\\\/05\\\/endlich-siea-und-ihr-debutalbum-ride\\\/#article\",\"isPartOf\":{\"@id\":\"https:\\\/\\\/www.jazzzeitung.de\\\/cms\\\/2021\\\/05\\\/endlich-siea-und-ihr-debutalbum-ride\\\/\"},\"author\":{\"name\":\"Thomas J. Krebs\",\"@id\":\"https:\\\/\\\/www.jazzzeitung.de\\\/cms\\\/#\\\/schema\\\/person\\\/ba94c5bbea92d014d6a3d1f0105daa18\"},\"headline\":\"Endlich: SiEA und ihr Debutalbum \u201eRIDE\u201c\",\"datePublished\":\"2021-05-05T11:15:00+00:00\",\"mainEntityOfPage\":{\"@id\":\"https:\\\/\\\/www.jazzzeitung.de\\\/cms\\\/2021\\\/05\\\/endlich-siea-und-ihr-debutalbum-ride\\\/\"},\"wordCount\":521,\"commentCount\":0,\"publisher\":{\"@id\":\"https:\\\/\\\/www.jazzzeitung.de\\\/cms\\\/#organization\"},\"image\":{\"@id\":\"https:\\\/\\\/www.jazzzeitung.de\\\/cms\\\/2021\\\/05\\\/endlich-siea-und-ihr-debutalbum-ride\\\/#primaryimage\"},\"thumbnailUrl\":\"https:\\\/\\\/i0.wp.com\\\/www.jazzzeitung.de\\\/cms\\\/wp-content\\\/uploads\\\/2021\\\/05\\\/P1559577-Dering-Foto-TJ-Krebs-scaled.jpg?fit=2560%2C1707&ssl=1\",\"keywords\":[\"International Jazz Day\",\"Patricia R\u00f6mer\",\"SiEA\",\"Unterfahrt\"],\"articleSection\":[\"News\",\"Portrait\"],\"inLanguage\":\"de\",\"potentialAction\":[{\"@type\":\"CommentAction\",\"name\":\"Comment\",\"target\":[\"https:\\\/\\\/www.jazzzeitung.de\\\/cms\\\/2021\\\/05\\\/endlich-siea-und-ihr-debutalbum-ride\\\/#respond\"]}]},{\"@type\":\"WebPage\",\"@id\":\"https:\\\/\\\/www.jazzzeitung.de\\\/cms\\\/2021\\\/05\\\/endlich-siea-und-ihr-debutalbum-ride\\\/\",\"url\":\"https:\\\/\\\/www.jazzzeitung.de\\\/cms\\\/2021\\\/05\\\/endlich-siea-und-ihr-debutalbum-ride\\\/\",\"name\":\"Endlich: SiEA und ihr Debutalbum \u201eRIDE\u201c - JazzZeitung\",\"isPartOf\":{\"@id\":\"https:\\\/\\\/www.jazzzeitung.de\\\/cms\\\/#website\"},\"primaryImageOfPage\":{\"@id\":\"https:\\\/\\\/www.jazzzeitung.de\\\/cms\\\/2021\\\/05\\\/endlich-siea-und-ihr-debutalbum-ride\\\/#primaryimage\"},\"image\":{\"@id\":\"https:\\\/\\\/www.jazzzeitung.de\\\/cms\\\/2021\\\/05\\\/endlich-siea-und-ihr-debutalbum-ride\\\/#primaryimage\"},\"thumbnailUrl\":\"https:\\\/\\\/i0.wp.com\\\/www.jazzzeitung.de\\\/cms\\\/wp-content\\\/uploads\\\/2021\\\/05\\\/P1559577-Dering-Foto-TJ-Krebs-scaled.jpg?fit=2560%2C1707&ssl=1\",\"datePublished\":\"2021-05-05T11:15:00+00:00\",\"breadcrumb\":{\"@id\":\"https:\\\/\\\/www.jazzzeitung.de\\\/cms\\\/2021\\\/05\\\/endlich-siea-und-ihr-debutalbum-ride\\\/#breadcrumb\"},\"inLanguage\":\"de\",\"potentialAction\":[{\"@type\":\"ReadAction\",\"target\":[\"https:\\\/\\\/www.jazzzeitung.de\\\/cms\\\/2021\\\/05\\\/endlich-siea-und-ihr-debutalbum-ride\\\/\"]}]},{\"@type\":\"ImageObject\",\"inLanguage\":\"de\",\"@id\":\"https:\\\/\\\/www.jazzzeitung.de\\\/cms\\\/2021\\\/05\\\/endlich-siea-und-ihr-debutalbum-ride\\\/#primaryimage\",\"url\":\"https:\\\/\\\/i0.wp.com\\\/www.jazzzeitung.de\\\/cms\\\/wp-content\\\/uploads\\\/2021\\\/05\\\/P1559577-Dering-Foto-TJ-Krebs-scaled.jpg?fit=2560%2C1707&ssl=1\",\"contentUrl\":\"https:\\\/\\\/i0.wp.com\\\/www.jazzzeitung.de\\\/cms\\\/wp-content\\\/uploads\\\/2021\\\/05\\\/P1559577-Dering-Foto-TJ-Krebs-scaled.jpg?fit=2560%2C1707&ssl=1\",\"width\":2560,\"height\":1707},{\"@type\":\"BreadcrumbList\",\"@id\":\"https:\\\/\\\/www.jazzzeitung.de\\\/cms\\\/2021\\\/05\\\/endlich-siea-und-ihr-debutalbum-ride\\\/#breadcrumb\",\"itemListElement\":[{\"@type\":\"ListItem\",\"position\":1,\"name\":\"Startseite\",\"item\":\"https:\\\/\\\/www.jazzzeitung.de\\\/cms\\\/\"},{\"@type\":\"ListItem\",\"position\":2,\"name\":\"Endlich: SiEA und ihr Debutalbum \u201eRIDE\u201c\"}]},{\"@type\":\"WebSite\",\"@id\":\"https:\\\/\\\/www.jazzzeitung.de\\\/cms\\\/#website\",\"url\":\"https:\\\/\\\/www.jazzzeitung.de\\\/cms\\\/\",\"name\":\"JazzZeitung\",\"description\":\"Jazz-News und Jazz-Kontroverses\",\"publisher\":{\"@id\":\"https:\\\/\\\/www.jazzzeitung.de\\\/cms\\\/#organization\"},\"potentialAction\":[{\"@type\":\"SearchAction\",\"target\":{\"@type\":\"EntryPoint\",\"urlTemplate\":\"https:\\\/\\\/www.jazzzeitung.de\\\/cms\\\/?s={search_term_string}\"},\"query-input\":{\"@type\":\"PropertyValueSpecification\",\"valueRequired\":true,\"valueName\":\"search_term_string\"}}],\"inLanguage\":\"de\"},{\"@type\":\"Organization\",\"@id\":\"https:\\\/\\\/www.jazzzeitung.de\\\/cms\\\/#organization\",\"name\":\"JazzZeitung online\",\"url\":\"https:\\\/\\\/www.jazzzeitung.de\\\/cms\\\/\",\"logo\":{\"@type\":\"ImageObject\",\"inLanguage\":\"de\",\"@id\":\"https:\\\/\\\/www.jazzzeitung.de\\\/cms\\\/#\\\/schema\\\/logo\\\/image\\\/\",\"url\":\"https:\\\/\\\/i0.wp.com\\\/www.jazzzeitung.de\\\/cms\\\/wp-content\\\/uploads\\\/2015\\\/08\\\/JAZZZEITUNGDE_Logo_Neu.png?fit=499%2C200&ssl=1\",\"contentUrl\":\"https:\\\/\\\/i0.wp.com\\\/www.jazzzeitung.de\\\/cms\\\/wp-content\\\/uploads\\\/2015\\\/08\\\/JAZZZEITUNGDE_Logo_Neu.png?fit=499%2C200&ssl=1\",\"width\":499,\"height\":200,\"caption\":\"JazzZeitung online\"},\"image\":{\"@id\":\"https:\\\/\\\/www.jazzzeitung.de\\\/cms\\\/#\\\/schema\\\/logo\\\/image\\\/\"},\"sameAs\":[\"https:\\\/\\\/www.facebook.com\\\/JazzZeitung\\\/\"]},{\"@type\":\"Person\",\"@id\":\"https:\\\/\\\/www.jazzzeitung.de\\\/cms\\\/#\\\/schema\\\/person\\\/ba94c5bbea92d014d6a3d1f0105daa18\",\"name\":\"Thomas J. Krebs\",\"image\":{\"@type\":\"ImageObject\",\"inLanguage\":\"de\",\"@id\":\"https:\\\/\\\/secure.gravatar.com\\\/avatar\\\/e362b221c114fbcde56be31a2eacbbab541308e5bf72f20d4519b16cdeb5c667?s=96&d=wp_user_avatar&r=ga12b8f4e2750c9ca30f9e22cab2177c6\",\"url\":\"https:\\\/\\\/secure.gravatar.com\\\/avatar\\\/e362b221c114fbcde56be31a2eacbbab541308e5bf72f20d4519b16cdeb5c667?s=96&d=wp_user_avatar&r=g\",\"contentUrl\":\"https:\\\/\\\/secure.gravatar.com\\\/avatar\\\/e362b221c114fbcde56be31a2eacbbab541308e5bf72f20d4519b16cdeb5c667?s=96&d=wp_user_avatar&r=g\",\"caption\":\"Thomas J. Krebs\"},\"url\":\"https:\\\/\\\/www.jazzzeitung.de\\\/cms\\\/author\\\/krebs\\\/\"}]}<\/script>\n<!-- \/ Yoast SEO plugin. -->","yoast_head_json":{"title":"Endlich: SiEA und ihr Debutalbum \u201eRIDE\u201c - JazzZeitung","robots":{"index":"index","follow":"follow","max-snippet":"max-snippet:-1","max-image-preview":"max-image-preview:large","max-video-preview":"max-video-preview:-1"},"canonical":"https:\/\/www.jazzzeitung.de\/cms\/2021\/05\/endlich-siea-und-ihr-debutalbum-ride\/","og_locale":"de_DE","og_type":"article","og_title":"Endlich: SiEA und ihr Debutalbum \u201eRIDE\u201c - JazzZeitung","og_description":"Was ist SiEA? Techno-Ballade, Jazz, Indie, Performance, Avantgarde-Pop? Die Musikerinnen der Band passen nicht wirklich in eine Schublade, aber das ist letztlich auch egal, denn ihre Musik ist schlichtweg &#8211; unbelievable! Ein Merkmal sticht bei SiEA besonders heraus: die Kompromisslosigkeit und pure Freude am Spiel auf der Fahrt durch kosmische Musikgefilde, denn das neue Album \u201eRIDE\u201c verweist auf Sally Ride, die dritte Frau im Weltraum. SiEA funktioniert auf Tontr\u00e4ger, das stellt die Debut-CD \u201eRIDE\u201c eindrucksvoll unter Beweis. Kein Wunder bei der Besetzung. Antonia Dering &amp; Patricia R\u00f6mer Gesang, Performance, Synthesizer werden groove-technisch wie instrumental unterst\u00fctzt von Ramona Schwarzer, Bettina Maier, Lucie Graehl, Am\u00e9lie Haidt, Julia Hornung, Lisa Wilhelm und Angela Requena Fuentes. Soweit die facts zum \u201eharten\u201c Kern von SiEA. Weitere G\u00e4ste geben sich auf der CD ein Stelldichein wie z.B. Jutta Kee\u00df oder Kira Linn, und mit Samuel Wootton oder Michael Salvermoser sind last not least auch noch zwei Jungs mit von der Partie. Die Kompositionen schreibt SiEA selbst und irgendwie ist die Band mehr als nur Musik. Das ganze Konzept sollte eher als Kunst-Performance-Musik-Dialog betrachtet werden und die Arbeit unter- und miteinander ist &hellip;","og_url":"https:\/\/www.jazzzeitung.de\/cms\/2021\/05\/endlich-siea-und-ihr-debutalbum-ride\/","og_site_name":"JazzZeitung","article_publisher":"https:\/\/www.facebook.com\/JazzZeitung\/","article_published_time":"2021-05-05T11:15:00+00:00","og_image":[{"width":2560,"height":1707,"url":"https:\/\/i0.wp.com\/www.jazzzeitung.de\/cms\/wp-content\/uploads\/2021\/05\/P1559577-Dering-Foto-TJ-Krebs-scaled.jpg?fit=2560%2C1707&ssl=1","type":"image\/jpeg"}],"author":"Thomas J. Krebs","schema":{"@context":"https:\/\/schema.org","@graph":[{"@type":"Article","@id":"https:\/\/www.jazzzeitung.de\/cms\/2021\/05\/endlich-siea-und-ihr-debutalbum-ride\/#article","isPartOf":{"@id":"https:\/\/www.jazzzeitung.de\/cms\/2021\/05\/endlich-siea-und-ihr-debutalbum-ride\/"},"author":{"name":"Thomas J. Krebs","@id":"https:\/\/www.jazzzeitung.de\/cms\/#\/schema\/person\/ba94c5bbea92d014d6a3d1f0105daa18"},"headline":"Endlich: SiEA und ihr Debutalbum \u201eRIDE\u201c","datePublished":"2021-05-05T11:15:00+00:00","mainEntityOfPage":{"@id":"https:\/\/www.jazzzeitung.de\/cms\/2021\/05\/endlich-siea-und-ihr-debutalbum-ride\/"},"wordCount":521,"commentCount":0,"publisher":{"@id":"https:\/\/www.jazzzeitung.de\/cms\/#organization"},"image":{"@id":"https:\/\/www.jazzzeitung.de\/cms\/2021\/05\/endlich-siea-und-ihr-debutalbum-ride\/#primaryimage"},"thumbnailUrl":"https:\/\/i0.wp.com\/www.jazzzeitung.de\/cms\/wp-content\/uploads\/2021\/05\/P1559577-Dering-Foto-TJ-Krebs-scaled.jpg?fit=2560%2C1707&ssl=1","keywords":["International Jazz Day","Patricia R\u00f6mer","SiEA","Unterfahrt"],"articleSection":["News","Portrait"],"inLanguage":"de","potentialAction":[{"@type":"CommentAction","name":"Comment","target":["https:\/\/www.jazzzeitung.de\/cms\/2021\/05\/endlich-siea-und-ihr-debutalbum-ride\/#respond"]}]},{"@type":"WebPage","@id":"https:\/\/www.jazzzeitung.de\/cms\/2021\/05\/endlich-siea-und-ihr-debutalbum-ride\/","url":"https:\/\/www.jazzzeitung.de\/cms\/2021\/05\/endlich-siea-und-ihr-debutalbum-ride\/","name":"Endlich: SiEA und ihr Debutalbum \u201eRIDE\u201c - JazzZeitung","isPartOf":{"@id":"https:\/\/www.jazzzeitung.de\/cms\/#website"},"primaryImageOfPage":{"@id":"https:\/\/www.jazzzeitung.de\/cms\/2021\/05\/endlich-siea-und-ihr-debutalbum-ride\/#primaryimage"},"image":{"@id":"https:\/\/www.jazzzeitung.de\/cms\/2021\/05\/endlich-siea-und-ihr-debutalbum-ride\/#primaryimage"},"thumbnailUrl":"https:\/\/i0.wp.com\/www.jazzzeitung.de\/cms\/wp-content\/uploads\/2021\/05\/P1559577-Dering-Foto-TJ-Krebs-scaled.jpg?fit=2560%2C1707&ssl=1","datePublished":"2021-05-05T11:15:00+00:00","breadcrumb":{"@id":"https:\/\/www.jazzzeitung.de\/cms\/2021\/05\/endlich-siea-und-ihr-debutalbum-ride\/#breadcrumb"},"inLanguage":"de","potentialAction":[{"@type":"ReadAction","target":["https:\/\/www.jazzzeitung.de\/cms\/2021\/05\/endlich-siea-und-ihr-debutalbum-ride\/"]}]},{"@type":"ImageObject","inLanguage":"de","@id":"https:\/\/www.jazzzeitung.de\/cms\/2021\/05\/endlich-siea-und-ihr-debutalbum-ride\/#primaryimage","url":"https:\/\/i0.wp.com\/www.jazzzeitung.de\/cms\/wp-content\/uploads\/2021\/05\/P1559577-Dering-Foto-TJ-Krebs-scaled.jpg?fit=2560%2C1707&ssl=1","contentUrl":"https:\/\/i0.wp.com\/www.jazzzeitung.de\/cms\/wp-content\/uploads\/2021\/05\/P1559577-Dering-Foto-TJ-Krebs-scaled.jpg?fit=2560%2C1707&ssl=1","width":2560,"height":1707},{"@type":"BreadcrumbList","@id":"https:\/\/www.jazzzeitung.de\/cms\/2021\/05\/endlich-siea-und-ihr-debutalbum-ride\/#breadcrumb","itemListElement":[{"@type":"ListItem","position":1,"name":"Startseite","item":"https:\/\/www.jazzzeitung.de\/cms\/"},{"@type":"ListItem","position":2,"name":"Endlich: SiEA und ihr Debutalbum \u201eRIDE\u201c"}]},{"@type":"WebSite","@id":"https:\/\/www.jazzzeitung.de\/cms\/#website","url":"https:\/\/www.jazzzeitung.de\/cms\/","name":"JazzZeitung","description":"Jazz-News und Jazz-Kontroverses","publisher":{"@id":"https:\/\/www.jazzzeitung.de\/cms\/#organization"},"potentialAction":[{"@type":"SearchAction","target":{"@type":"EntryPoint","urlTemplate":"https:\/\/www.jazzzeitung.de\/cms\/?s={search_term_string}"},"query-input":{"@type":"PropertyValueSpecification","valueRequired":true,"valueName":"search_term_string"}}],"inLanguage":"de"},{"@type":"Organization","@id":"https:\/\/www.jazzzeitung.de\/cms\/#organization","name":"JazzZeitung online","url":"https:\/\/www.jazzzeitung.de\/cms\/","logo":{"@type":"ImageObject","inLanguage":"de","@id":"https:\/\/www.jazzzeitung.de\/cms\/#\/schema\/logo\/image\/","url":"https:\/\/i0.wp.com\/www.jazzzeitung.de\/cms\/wp-content\/uploads\/2015\/08\/JAZZZEITUNGDE_Logo_Neu.png?fit=499%2C200&ssl=1","contentUrl":"https:\/\/i0.wp.com\/www.jazzzeitung.de\/cms\/wp-content\/uploads\/2015\/08\/JAZZZEITUNGDE_Logo_Neu.png?fit=499%2C200&ssl=1","width":499,"height":200,"caption":"JazzZeitung online"},"image":{"@id":"https:\/\/www.jazzzeitung.de\/cms\/#\/schema\/logo\/image\/"},"sameAs":["https:\/\/www.facebook.com\/JazzZeitung\/"]},{"@type":"Person","@id":"https:\/\/www.jazzzeitung.de\/cms\/#\/schema\/person\/ba94c5bbea92d014d6a3d1f0105daa18","name":"Thomas J. Krebs","image":{"@type":"ImageObject","inLanguage":"de","@id":"https:\/\/secure.gravatar.com\/avatar\/e362b221c114fbcde56be31a2eacbbab541308e5bf72f20d4519b16cdeb5c667?s=96&d=wp_user_avatar&r=ga12b8f4e2750c9ca30f9e22cab2177c6","url":"https:\/\/secure.gravatar.com\/avatar\/e362b221c114fbcde56be31a2eacbbab541308e5bf72f20d4519b16cdeb5c667?s=96&d=wp_user_avatar&r=g","contentUrl":"https:\/\/secure.gravatar.com\/avatar\/e362b221c114fbcde56be31a2eacbbab541308e5bf72f20d4519b16cdeb5c667?s=96&d=wp_user_avatar&r=g","caption":"Thomas J. Krebs"},"url":"https:\/\/www.jazzzeitung.de\/cms\/author\/krebs\/"}]}},"wp-worthy-pixel":{"ignored":false,"public":null,"server":null,"url":null},"wp-worthy-type":"normal","jetpack_publicize_connections":[],"cc_featured_image_caption":{"caption_text":"","source_text":"","source_url":""},"jetpack_featured_media_url":"https:\/\/i0.wp.com\/www.jazzzeitung.de\/cms\/wp-content\/uploads\/2021\/05\/P1559577-Dering-Foto-TJ-Krebs-scaled.jpg?fit=2560%2C1707&ssl=1","jetpack_shortlink":"https:\/\/wp.me\/p3KEcT-6rD","jetpack-related-posts":[{"id":25582,"url":"https:\/\/www.jazzzeitung.de\/cms\/2021\/08\/das-muenchner-festival-jazz-im-sommer-genre-und-grenzueberschreitend\/","url_meta":{"origin":24777,"position":0},"title":"Das M\u00fcnchner Festival \u201eJazz im Sommer\u201c: genre- und grenz\u00fcberschreitend!","author":"Redaktion JazzZeitung","date":"31. August 2021","format":false,"excerpt":"Endlich mal wieder raus und live Open Air Musik h\u00f6ren. Das Einzige, was man dieses Jahr dabei immer fest im Blick haben muss: die Wetter-App. Dem M\u00fcnchner \u201eJazz im Sommer\u201c war Petrus im Gro\u00dfen und Ganzen wohl gesonnen, und so konnten die zahlreichen Besucher das abwechslungsreiche Festivalprogramm gr\u00f6\u00dftenteils bei Sonnenschein,\u2026","rel":"","context":"In &quot;Bericht&quot;","block_context":{"text":"Bericht","link":"https:\/\/www.jazzzeitung.de\/cms\/thema\/bericht\/"},"img":{"alt_text":"","src":"https:\/\/i0.wp.com\/www.jazzzeitung.de\/cms\/wp-content\/uploads\/2021\/08\/P1211883-Tingvall-Trio-Foto-TJ-Krebs-1.jpg?fit=1200%2C811&ssl=1&resize=350%2C200","width":350,"height":200,"srcset":"https:\/\/i0.wp.com\/www.jazzzeitung.de\/cms\/wp-content\/uploads\/2021\/08\/P1211883-Tingvall-Trio-Foto-TJ-Krebs-1.jpg?fit=1200%2C811&ssl=1&resize=350%2C200 1x, https:\/\/i0.wp.com\/www.jazzzeitung.de\/cms\/wp-content\/uploads\/2021\/08\/P1211883-Tingvall-Trio-Foto-TJ-Krebs-1.jpg?fit=1200%2C811&ssl=1&resize=525%2C300 1.5x, https:\/\/i0.wp.com\/www.jazzzeitung.de\/cms\/wp-content\/uploads\/2021\/08\/P1211883-Tingvall-Trio-Foto-TJ-Krebs-1.jpg?fit=1200%2C811&ssl=1&resize=700%2C400 2x, https:\/\/i0.wp.com\/www.jazzzeitung.de\/cms\/wp-content\/uploads\/2021\/08\/P1211883-Tingvall-Trio-Foto-TJ-Krebs-1.jpg?fit=1200%2C811&ssl=1&resize=1050%2C600 3x"},"classes":[]},{"id":18153,"url":"https:\/\/www.jazzzeitung.de\/cms\/2019\/01\/news-die-finalisten-des-nachwuchs-jazzpreises-der-jazzwoche-burghausen-2019jetzt-antraege-zur-naechste-applaus-foerderrunde-stellen\/","url_meta":{"origin":24777,"position":1},"title":"+++News: +++Die Finalisten  des Nachwuchs-Jazzpreises der Jazzwoche Burghausen 2019+++Jetzt Antr\u00e4ge zur n\u00e4chste APPLAUS-F\u00f6rderrunde stellen+++","author":"Redaktion JazzZeitung","date":"2. Januar 2019","format":false,"excerpt":"Nachwuchspreis Burghausen Es \u00a0ist ein wichtiges Signal, das die Macher der 50. Internationalen Jazzwoche Burghausen \u00a0(26. bis 31. M\u00e4rz 2019) mit Ihrer diesj\u00e4hrigen Programmgestaltung aussenden: Erstmals \u00a0wird die Jazzwoche von der Jugend er\u00f6ffnet und auch das letzte Konzert des Musikfestivals werden in Burghausen \u00a0ausgezeichnete \u00a0Nachwuchs- k\u00fcnstler bestreiten. \u201eWir gehen mit\u2026","rel":"","context":"In &quot;News&quot;","block_context":{"text":"News","link":"https:\/\/www.jazzzeitung.de\/cms\/thema\/nachrichten\/"},"img":{"alt_text":"Jazz News. Foto: Hufner","src":"https:\/\/i0.wp.com\/www.jazzzeitung.de\/cms\/wp-content\/uploads\/2017\/11\/jazznews.jpg?fit=1200%2C900&ssl=1&resize=350%2C200","width":350,"height":200,"srcset":"https:\/\/i0.wp.com\/www.jazzzeitung.de\/cms\/wp-content\/uploads\/2017\/11\/jazznews.jpg?fit=1200%2C900&ssl=1&resize=350%2C200 1x, https:\/\/i0.wp.com\/www.jazzzeitung.de\/cms\/wp-content\/uploads\/2017\/11\/jazznews.jpg?fit=1200%2C900&ssl=1&resize=525%2C300 1.5x, https:\/\/i0.wp.com\/www.jazzzeitung.de\/cms\/wp-content\/uploads\/2017\/11\/jazznews.jpg?fit=1200%2C900&ssl=1&resize=700%2C400 2x, https:\/\/i0.wp.com\/www.jazzzeitung.de\/cms\/wp-content\/uploads\/2017\/11\/jazznews.jpg?fit=1200%2C900&ssl=1&resize=1050%2C600 3x"},"classes":[]},{"id":29418,"url":"https:\/\/www.jazzzeitung.de\/cms\/2023\/05\/fruehling-freude-freiluftbuehne-der-38-jazzfruehling-in-kempten\/","url_meta":{"origin":24777,"position":2},"title":"Fr\u00fchling, Freude, Freiluftb\u00fchne: Der 38. Jazzfr\u00fchling in Kempten","author":"Redaktion JazzZeitung","date":"5. Mai 2023","format":false,"excerpt":"\"Gute Musik dutzendfach\" versprach Kemptens Oberb\u00fcrgermeister zur Er\u00f6ffnung des 38. Kemptener Jazzfr\u00fchlings auf dem Rathausplatz ohne \u00dcbertreibung. Standen doch 55 oft parallele Auftritte auf 23 B\u00fchnen in der und um die Stadt im Allg\u00e4u \u2013 eine davon auf dem Nebelhorn \u2013 f\u00fcr die acht Tage um den 1. Mai im\u2026","rel":"","context":"In &quot;Bericht&quot;","block_context":{"text":"Bericht","link":"https:\/\/www.jazzzeitung.de\/cms\/thema\/bericht\/"},"img":{"alt_text":"","src":"https:\/\/i0.wp.com\/www.jazzzeitung.de\/cms\/wp-content\/uploads\/2023\/05\/LBBBay%C2%A9Godehard.Lutz%40bayern-mail.de_IMGP3696-2-scaled.jpg?fit=1200%2C917&ssl=1&resize=350%2C200","width":350,"height":200,"srcset":"https:\/\/i0.wp.com\/www.jazzzeitung.de\/cms\/wp-content\/uploads\/2023\/05\/LBBBay%C2%A9Godehard.Lutz%40bayern-mail.de_IMGP3696-2-scaled.jpg?fit=1200%2C917&ssl=1&resize=350%2C200 1x, https:\/\/i0.wp.com\/www.jazzzeitung.de\/cms\/wp-content\/uploads\/2023\/05\/LBBBay%C2%A9Godehard.Lutz%40bayern-mail.de_IMGP3696-2-scaled.jpg?fit=1200%2C917&ssl=1&resize=525%2C300 1.5x, https:\/\/i0.wp.com\/www.jazzzeitung.de\/cms\/wp-content\/uploads\/2023\/05\/LBBBay%C2%A9Godehard.Lutz%40bayern-mail.de_IMGP3696-2-scaled.jpg?fit=1200%2C917&ssl=1&resize=700%2C400 2x, https:\/\/i0.wp.com\/www.jazzzeitung.de\/cms\/wp-content\/uploads\/2023\/05\/LBBBay%C2%A9Godehard.Lutz%40bayern-mail.de_IMGP3696-2-scaled.jpg?fit=1200%2C917&ssl=1&resize=1050%2C600 3x"},"classes":[]},{"id":16508,"url":"https:\/\/www.jazzzeitung.de\/cms\/2018\/06\/news-women-im-jazz-beim-suedtiroler-jazzfestivalvorstudium-jazz-der-offenen-jazzhaus-schule-beginnt-im-septemberkartenverkauf-fuer-jazzfestival-frankfurt-hat-begonnen\/","url_meta":{"origin":24777,"position":3},"title":"+++NEWS+++&#8220;Women in Jazz&#8220; beim S\u00fcdtiroler Jazzfestival+++&#8220;Vorstudium Jazz&#8220; der Offenen Jazzhaus Schule beginnt im September+++Kartenverkauf f\u00fcr Jazzfestival Frankfurt hat begonnen+++","author":"Redaktion JazzZeitung","date":"27. Juni 2018","format":false,"excerpt":"+++\"Women in Jazz\" beim S\u00fcdtiroler Jazzfestival+++ Neben dem Schwerpunkt auf die nordischen L\u00e4nder unter dem Motto \u201eExploring the North\u201c lockt das S\u00fcdtirol Jazzfestival dieses Jahr Wert mit einer reichlich weiblichen Programmierung. Das mit Musikerinnen besetzte franz\u00f6sische Trio Ikui Doki verarbeitet den Impressionismus der Jahrhundertwende und betritt dabei ekstatische Klanglandschaften, die\u2026","rel":"","context":"In &quot;News&quot;","block_context":{"text":"News","link":"https:\/\/www.jazzzeitung.de\/cms\/thema\/nachrichten\/"},"img":{"alt_text":"","src":"https:\/\/i0.wp.com\/www.jazzzeitung.de\/cms\/wp-content\/uploads\/2018\/06\/siea_harry_klein-80.jpg?fit=1200%2C800&ssl=1&resize=350%2C200","width":350,"height":200,"srcset":"https:\/\/i0.wp.com\/www.jazzzeitung.de\/cms\/wp-content\/uploads\/2018\/06\/siea_harry_klein-80.jpg?fit=1200%2C800&ssl=1&resize=350%2C200 1x, https:\/\/i0.wp.com\/www.jazzzeitung.de\/cms\/wp-content\/uploads\/2018\/06\/siea_harry_klein-80.jpg?fit=1200%2C800&ssl=1&resize=525%2C300 1.5x, https:\/\/i0.wp.com\/www.jazzzeitung.de\/cms\/wp-content\/uploads\/2018\/06\/siea_harry_klein-80.jpg?fit=1200%2C800&ssl=1&resize=700%2C400 2x, https:\/\/i0.wp.com\/www.jazzzeitung.de\/cms\/wp-content\/uploads\/2018\/06\/siea_harry_klein-80.jpg?fit=1200%2C800&ssl=1&resize=1050%2C600 3x"},"classes":[]},{"id":24803,"url":"https:\/\/www.jazzzeitung.de\/cms\/2021\/05\/international-jazz-day-in-grafing-mit-rising-stars-back-home\/","url_meta":{"origin":24777,"position":4},"title":"International Jazz Day in Grafing mit \u201eRISING STARS &#8211; BACK HOME\u201c","author":"Redaktion JazzZeitung","date":"8. Mai 2021","format":false,"excerpt":"Seit 2012 findet der International Jazz Day statt und seit vier Jahren beteiligt sich auch der Verein JAZZ.GRAFING in Kooperation mit der Stadt Grafing daran. Unter dem Motto \u201eRISING STARS - BACK HOME\u201c pr\u00e4sentierte der Verein junge Musiker, die in der heimischen Umfeld gro\u00df geworden sind und sich mittlerweile als\u2026","rel":"","context":"In &quot;Bericht&quot;","block_context":{"text":"Bericht","link":"https:\/\/www.jazzzeitung.de\/cms\/thema\/bericht\/"},"img":{"alt_text":"","src":"https:\/\/i0.wp.com\/www.jazzzeitung.de\/cms\/wp-content\/uploads\/2021\/05\/P1011643-Roever-Naidu-Hornung-Haschler-Jann-Rothmoser-Foto-TJ-Krebs.jpg?fit=1200%2C800&ssl=1&resize=350%2C200","width":350,"height":200,"srcset":"https:\/\/i0.wp.com\/www.jazzzeitung.de\/cms\/wp-content\/uploads\/2021\/05\/P1011643-Roever-Naidu-Hornung-Haschler-Jann-Rothmoser-Foto-TJ-Krebs.jpg?fit=1200%2C800&ssl=1&resize=350%2C200 1x, https:\/\/i0.wp.com\/www.jazzzeitung.de\/cms\/wp-content\/uploads\/2021\/05\/P1011643-Roever-Naidu-Hornung-Haschler-Jann-Rothmoser-Foto-TJ-Krebs.jpg?fit=1200%2C800&ssl=1&resize=525%2C300 1.5x, https:\/\/i0.wp.com\/www.jazzzeitung.de\/cms\/wp-content\/uploads\/2021\/05\/P1011643-Roever-Naidu-Hornung-Haschler-Jann-Rothmoser-Foto-TJ-Krebs.jpg?fit=1200%2C800&ssl=1&resize=700%2C400 2x, https:\/\/i0.wp.com\/www.jazzzeitung.de\/cms\/wp-content\/uploads\/2021\/05\/P1011643-Roever-Naidu-Hornung-Haschler-Jann-Rothmoser-Foto-TJ-Krebs.jpg?fit=1200%2C800&ssl=1&resize=1050%2C600 3x"},"classes":[]},{"id":15379,"url":"https:\/\/www.jazzzeitung.de\/cms\/2018\/03\/newssuedtirol-jazzfestival-2018junger-muenchner-jazzpreis-2018\/","url_meta":{"origin":24777,"position":5},"title":"+++News+++Axel Zwingenberger und Martin Schmitt auf der Piano-B\u00fchne+++S\u00fcdtirol Jazzfestival 2018+++Junger M\u00fcnchner Jazzpreis 2018+++","author":"Redaktion JazzZeitung","date":"24. M\u00e4rz 2018","format":false,"excerpt":"+++Axel Zwingenberger und Martin Schmitt auf der Piano-B\u00fchne+++ Am Freitag, den 4. Mai 2018 ist auf der Piano-B\u00fchne Kleinhenz ein ganz besonderes Programm geboten. Deutschlands namhaftester Blues & Boogie-Pianist, Axel Zwingenberger, zeigt zusammen mit dem bayerischen Piano-Entertainer Martin Schmitt Blues und Boogie & Woogie Piano-Unterhaltung auf zwei Konzert-Fl\u00fcgeln: ein Steinway\u2026","rel":"","context":"In &quot;News&quot;","block_context":{"text":"News","link":"https:\/\/www.jazzzeitung.de\/cms\/thema\/nachrichten\/"},"img":{"alt_text":"","src":"https:\/\/i0.wp.com\/www.jazzzeitung.de\/cms\/wp-content\/uploads\/2018\/03\/3.jpg?fit=1200%2C800&ssl=1&resize=350%2C200","width":350,"height":200,"srcset":"https:\/\/i0.wp.com\/www.jazzzeitung.de\/cms\/wp-content\/uploads\/2018\/03\/3.jpg?fit=1200%2C800&ssl=1&resize=350%2C200 1x, https:\/\/i0.wp.com\/www.jazzzeitung.de\/cms\/wp-content\/uploads\/2018\/03\/3.jpg?fit=1200%2C800&ssl=1&resize=525%2C300 1.5x, https:\/\/i0.wp.com\/www.jazzzeitung.de\/cms\/wp-content\/uploads\/2018\/03\/3.jpg?fit=1200%2C800&ssl=1&resize=700%2C400 2x, https:\/\/i0.wp.com\/www.jazzzeitung.de\/cms\/wp-content\/uploads\/2018\/03\/3.jpg?fit=1200%2C800&ssl=1&resize=1050%2C600 3x"},"classes":[]}],"jetpack_sharing_enabled":true,"_links":{"self":[{"href":"https:\/\/www.jazzzeitung.de\/cms\/wp-json\/wp\/v2\/posts\/24777","targetHints":{"allow":["GET"]}}],"collection":[{"href":"https:\/\/www.jazzzeitung.de\/cms\/wp-json\/wp\/v2\/posts"}],"about":[{"href":"https:\/\/www.jazzzeitung.de\/cms\/wp-json\/wp\/v2\/types\/post"}],"author":[{"embeddable":true,"href":"https:\/\/www.jazzzeitung.de\/cms\/wp-json\/wp\/v2\/users\/35"}],"replies":[{"embeddable":true,"href":"https:\/\/www.jazzzeitung.de\/cms\/wp-json\/wp\/v2\/comments?post=24777"}],"version-history":[{"count":8,"href":"https:\/\/www.jazzzeitung.de\/cms\/wp-json\/wp\/v2\/posts\/24777\/revisions"}],"predecessor-version":[{"id":24796,"href":"https:\/\/www.jazzzeitung.de\/cms\/wp-json\/wp\/v2\/posts\/24777\/revisions\/24796"}],"wp:featuredmedia":[{"embeddable":true,"href":"https:\/\/www.jazzzeitung.de\/cms\/wp-json\/wp\/v2\/media\/24779"}],"wp:attachment":[{"href":"https:\/\/www.jazzzeitung.de\/cms\/wp-json\/wp\/v2\/media?parent=24777"}],"wp:term":[{"taxonomy":"category","embeddable":true,"href":"https:\/\/www.jazzzeitung.de\/cms\/wp-json\/wp\/v2\/categories?post=24777"},{"taxonomy":"post_tag","embeddable":true,"href":"https:\/\/www.jazzzeitung.de\/cms\/wp-json\/wp\/v2\/tags?post=24777"},{"taxonomy":"author","embeddable":true,"href":"https:\/\/www.jazzzeitung.de\/cms\/wp-json\/wp\/v2\/coauthors?post=24777"}],"curies":[{"name":"wp","href":"https:\/\/api.w.org\/{rel}","templated":true}]}}