{"id":24749,"date":"2021-04-30T12:05:03","date_gmt":"2021-04-30T10:05:03","guid":{"rendered":"https:\/\/www.jazzzeitung.de\/cms\/?p=24749"},"modified":"2021-04-29T12:07:05","modified_gmt":"2021-04-29T10:07:05","slug":"philipp-schiepek-walter-lang-mit-neuer-duo-cd-cathedral","status":"publish","type":"post","link":"https:\/\/www.jazzzeitung.de\/cms\/2021\/04\/philipp-schiepek-walter-lang-mit-neuer-duo-cd-cathedral\/","title":{"rendered":"Philipp Schiepek &#038; Walter Lang mit neuer Duo-CD &#8222;Cathedral&#8220;"},"content":{"rendered":"<p><strong>\u201eCathedral\u201c &#8211; die neue DUO-CD des Gitarristen Philipp Schiepek und Walter Lang am Fl\u00fcgel beginnt mit zarten, fragilen T\u00f6nen am Piano, unaufgeregt, schlicht und fast Erik Satie \u00e4hnlich. Dazu gesellt sich Schiepeks wunderbar klassisches Spiel an der akustischen Gitarre. <\/strong><\/p>\n<p>Walter Lang spielt je jeher mit hoch sensiblem Anschlag, nie hektisch, aber immer spannend und emotionsgeladen. Philipp Schiepek passt mit seinem Spiel an den Nylonsaiten perfekt dazu und so werden aus einfachen Melodien, kraftvolle Kompositionen und Interpretationen. Wenige Musiker haben in der kurzen Zeit das erreicht, was Philipp Schiepek bis dato gelungen ist. Sein Spiel verf\u00fcgt \u00fcber eine eigene Handschrift und, obwohl sein Sound ausgewogen und makellos ist, klingt er niemals routiniert oder epigonenhaft. Hier haben sich zwei Musiker gefunden und gemeinsam ein wunderbares, beseeltes Album eingespielt. Die Kombination von Klavier und akustischer Gitarre ist eine Herausforderung! Walter Lang hegt seit einiger Zeit die Idee eines Duos in dieser Form. Schiepek und Lang lernten sich kennen und so entstand diese \u00e4u\u00dferst fruchtbare Zusammenarbeit. Die Coronazeit hat ihr \u00dcbriges dazu beigetragen. Beide hatten viel Zeit zum Komponieren, Spielen und gleich nach einem ersten Treffen war klar: das funktioniert perfekt.<\/p>\n<div class=\"tiled-gallery type-rectangular tiled-gallery-unresized\" data-original-width=\"840\" data-carousel-extra='{&quot;blog_id&quot;:1,&quot;permalink&quot;:&quot;https:\\\/\\\/www.jazzzeitung.de\\\/cms\\\/2021\\\/04\\\/philipp-schiepek-walter-lang-mit-neuer-duo-cd-cathedral\\\/&quot;,&quot;likes_blog_id&quot;:55446655}' itemscope itemtype=\"http:\/\/schema.org\/ImageGallery\" > <div class=\"gallery-row\" style=\"width: 840px; height: 281px;\" data-original-width=\"840\" data-original-height=\"281\" > <div class=\"gallery-group images-1\" style=\"width: 420px; height: 281px;\" data-original-width=\"420\" data-original-height=\"281\" > <div class=\"tiled-gallery-item tiled-gallery-item-large\" itemprop=\"associatedMedia\" itemscope itemtype=\"http:\/\/schema.org\/ImageObject\"> <a href=\"https:\/\/www.jazzzeitung.de\/cms\/2021\/04\/philipp-schiepek-walter-lang-mit-neuer-duo-cd-cathedral\/p1100033-sw-lang-foto-tj-krebs\/\" border=\"0\" itemprop=\"url\"> <meta itemprop=\"width\" content=\"416\"> <meta itemprop=\"height\" content=\"277\"> <img decoding=\"async\" class=\"\" data-attachment-id=\"24753\" data-orig-file=\"https:\/\/www.jazzzeitung.de\/cms\/wp-content\/uploads\/2021\/04\/P1100033-sw-Lang-Foto-TJ-Krebs.jpg\" data-orig-size=\"1200,800\" data-comments-opened=\"1\" data-image-meta=\"{&quot;aperture&quot;:&quot;0&quot;,&quot;credit&quot;:&quot;&quot;,&quot;camera&quot;:&quot;&quot;,&quot;caption&quot;:&quot;&quot;,&quot;created_timestamp&quot;:&quot;0&quot;,&quot;copyright&quot;:&quot;&quot;,&quot;focal_length&quot;:&quot;0&quot;,&quot;iso&quot;:&quot;0&quot;,&quot;shutter_speed&quot;:&quot;0&quot;,&quot;title&quot;:&quot;&quot;,&quot;orientation&quot;:&quot;0&quot;}\" data-image-title=\"\" data-image-description=\"\" data-medium-file=\"https:\/\/i0.wp.com\/www.jazzzeitung.de\/cms\/wp-content\/uploads\/2021\/04\/P1100033-sw-Lang-Foto-TJ-Krebs.jpg?fit=300%2C200&#038;ssl=1\" data-large-file=\"https:\/\/i0.wp.com\/www.jazzzeitung.de\/cms\/wp-content\/uploads\/2021\/04\/P1100033-sw-Lang-Foto-TJ-Krebs.jpg?fit=840%2C560&#038;ssl=1\" src=\"https:\/\/i0.wp.com\/www.jazzzeitung.de\/cms\/wp-content\/uploads\/2021\/04\/P1100033-sw-Lang-Foto-TJ-Krebs.jpg?w=416&#038;h=277&#038;ssl=1\" srcset=\"https:\/\/i0.wp.com\/www.jazzzeitung.de\/cms\/wp-content\/uploads\/2021\/04\/P1100033-sw-Lang-Foto-TJ-Krebs.jpg?w=1200&amp;ssl=1 1200w, https:\/\/i0.wp.com\/www.jazzzeitung.de\/cms\/wp-content\/uploads\/2021\/04\/P1100033-sw-Lang-Foto-TJ-Krebs.jpg?resize=300%2C200&amp;ssl=1 300w, https:\/\/i0.wp.com\/www.jazzzeitung.de\/cms\/wp-content\/uploads\/2021\/04\/P1100033-sw-Lang-Foto-TJ-Krebs.jpg?resize=900%2C600&amp;ssl=1 900w, https:\/\/i0.wp.com\/www.jazzzeitung.de\/cms\/wp-content\/uploads\/2021\/04\/P1100033-sw-Lang-Foto-TJ-Krebs.jpg?resize=768%2C512&amp;ssl=1 768w, https:\/\/i0.wp.com\/www.jazzzeitung.de\/cms\/wp-content\/uploads\/2021\/04\/P1100033-sw-Lang-Foto-TJ-Krebs.jpg?resize=120%2C80&amp;ssl=1 120w\" width=\"416\" height=\"277\" loading=\"lazy\" data-original-width=\"416\" data-original-height=\"277\" itemprop=\"http:\/\/schema.org\/image\" title=\"\" alt=\"Walter Lang. Foto: TJ Krebs\" style=\"width: 416px; height: 277px;\" \/> <\/a> <div class=\"tiled-gallery-caption\" itemprop=\"caption description\"> Walter Lang. Foto: TJ Krebs <\/div> <\/div> <\/div> <!-- close group --> <div class=\"gallery-group images-1\" style=\"width: 420px; height: 281px;\" data-original-width=\"420\" data-original-height=\"281\" > <div class=\"tiled-gallery-item tiled-gallery-item-large\" itemprop=\"associatedMedia\" itemscope itemtype=\"http:\/\/schema.org\/ImageObject\"> <a href=\"https:\/\/www.jazzzeitung.de\/cms\/2021\/04\/philipp-schiepek-walter-lang-mit-neuer-duo-cd-cathedral\/p2039510-sw-schiepek-foto-tj-krebs\/\" border=\"0\" itemprop=\"url\"> <meta itemprop=\"width\" content=\"416\"> <meta itemprop=\"height\" content=\"277\"> <img decoding=\"async\" class=\"\" data-attachment-id=\"24754\" data-orig-file=\"https:\/\/www.jazzzeitung.de\/cms\/wp-content\/uploads\/2021\/04\/P2039510-sw-Schiepek-Foto-TJ-Krebs.jpg\" data-orig-size=\"1200,800\" data-comments-opened=\"1\" data-image-meta=\"{&quot;aperture&quot;:&quot;0&quot;,&quot;credit&quot;:&quot;&quot;,&quot;camera&quot;:&quot;&quot;,&quot;caption&quot;:&quot;&quot;,&quot;created_timestamp&quot;:&quot;0&quot;,&quot;copyright&quot;:&quot;&quot;,&quot;focal_length&quot;:&quot;0&quot;,&quot;iso&quot;:&quot;0&quot;,&quot;shutter_speed&quot;:&quot;0&quot;,&quot;title&quot;:&quot;&quot;,&quot;orientation&quot;:&quot;0&quot;}\" data-image-title=\"\" data-image-description=\"\" data-medium-file=\"https:\/\/i0.wp.com\/www.jazzzeitung.de\/cms\/wp-content\/uploads\/2021\/04\/P2039510-sw-Schiepek-Foto-TJ-Krebs.jpg?fit=300%2C200&#038;ssl=1\" data-large-file=\"https:\/\/i0.wp.com\/www.jazzzeitung.de\/cms\/wp-content\/uploads\/2021\/04\/P2039510-sw-Schiepek-Foto-TJ-Krebs.jpg?fit=840%2C560&#038;ssl=1\" src=\"https:\/\/i0.wp.com\/www.jazzzeitung.de\/cms\/wp-content\/uploads\/2021\/04\/P2039510-sw-Schiepek-Foto-TJ-Krebs.jpg?w=416&#038;h=277&#038;ssl=1\" srcset=\"https:\/\/i0.wp.com\/www.jazzzeitung.de\/cms\/wp-content\/uploads\/2021\/04\/P2039510-sw-Schiepek-Foto-TJ-Krebs.jpg?w=1200&amp;ssl=1 1200w, https:\/\/i0.wp.com\/www.jazzzeitung.de\/cms\/wp-content\/uploads\/2021\/04\/P2039510-sw-Schiepek-Foto-TJ-Krebs.jpg?resize=300%2C200&amp;ssl=1 300w, https:\/\/i0.wp.com\/www.jazzzeitung.de\/cms\/wp-content\/uploads\/2021\/04\/P2039510-sw-Schiepek-Foto-TJ-Krebs.jpg?resize=900%2C600&amp;ssl=1 900w, https:\/\/i0.wp.com\/www.jazzzeitung.de\/cms\/wp-content\/uploads\/2021\/04\/P2039510-sw-Schiepek-Foto-TJ-Krebs.jpg?resize=768%2C512&amp;ssl=1 768w, https:\/\/i0.wp.com\/www.jazzzeitung.de\/cms\/wp-content\/uploads\/2021\/04\/P2039510-sw-Schiepek-Foto-TJ-Krebs.jpg?resize=120%2C80&amp;ssl=1 120w\" width=\"416\" height=\"277\" loading=\"lazy\" data-original-width=\"416\" data-original-height=\"277\" itemprop=\"http:\/\/schema.org\/image\" title=\"\" alt=\"Philipp Schiepek. Foto: TJ Krebs\" style=\"width: 416px; height: 277px;\" \/> <\/a> <div class=\"tiled-gallery-caption\" itemprop=\"caption description\"> Philipp Schiepek. Foto: TJ Krebs <\/div> <\/div> <\/div> <!-- close group --> <\/div> <!-- close row --> <\/div>\n<p>Wie soll man die Musik auf \u201eCathedral\u201c am besten beschreiben? Als Anspieltipp die Komposition \u201eEstrela Cadente\u201c: eine einfache Melodie, die zuerst etwas melancholisch anmutet, dann aber durch Langs wunderbaren Anschlag und herrlichen Improvisationen \u00fcber das Thema in den kammermusikalischen Kosmos entf\u00fchrt, den Lang und Schiepek auf der Aufnahme durchgehend pr\u00e4sentieren. \u201eCathedral\u201c genau das richtige Album f\u00fcr diese merkw\u00fcrdige Zeit. Das Prelude zu \u201eThe World Is Upside Down\u201c und das St\u00fcck selbst beschreiben schon im Titel Gef\u00fchle und Zustand, den zur Zeit viele Menschen erleben. Treffender kann man die aktuelle Situation nicht vertonen.<\/p>\n<p>Trotz nachdenklicher T\u00f6ne verstr\u00f6mt \u201eCathedral\u201c mit seinem gro\u00dfartigen Klang eine durchgehend positive Kraft, die tr\u00f6stlich wie aufmunternd wirkt. Am \u201eInternational Jazz Day\u201c, diesen Freitag, wird das Album offiziell ver\u00f6ffentlicht und kommt in den Handel.\u00a0Thomas J. Krebs<\/p>\n<p>Beitragsbild: Uli Zrenner-Wolkenstein<\/p>\n<h5><a href=\"https:\/\/i0.wp.com\/www.jazzzeitung.de\/cms\/wp-content\/uploads\/2021\/04\/Cover_9632_SchiepekLang_Cathedral.jpg?ssl=1\"><img data-recalc-dims=\"1\" loading=\"lazy\" decoding=\"async\" data-attachment-id=\"24752\" data-permalink=\"https:\/\/www.jazzzeitung.de\/cms\/2021\/04\/philipp-schiepek-walter-lang-mit-neuer-duo-cd-cathedral\/cover_9632_schiepeklang_cathedral\/\" data-orig-file=\"https:\/\/i0.wp.com\/www.jazzzeitung.de\/cms\/wp-content\/uploads\/2021\/04\/Cover_9632_SchiepekLang_Cathedral.jpg?fit=1648%2C1482&amp;ssl=1\" data-orig-size=\"1648,1482\" data-comments-opened=\"1\" data-image-meta=\"{&quot;aperture&quot;:&quot;0&quot;,&quot;credit&quot;:&quot;&quot;,&quot;camera&quot;:&quot;&quot;,&quot;caption&quot;:&quot;&quot;,&quot;created_timestamp&quot;:&quot;0&quot;,&quot;copyright&quot;:&quot;&quot;,&quot;focal_length&quot;:&quot;0&quot;,&quot;iso&quot;:&quot;0&quot;,&quot;shutter_speed&quot;:&quot;0&quot;,&quot;title&quot;:&quot;&quot;,&quot;orientation&quot;:&quot;0&quot;}\" data-image-title=\"Cover_9632_Schiepek&amp;#038;Lang_Cathedral\" data-image-description=\"\" data-image-caption=\"\" data-large-file=\"https:\/\/i0.wp.com\/www.jazzzeitung.de\/cms\/wp-content\/uploads\/2021\/04\/Cover_9632_SchiepekLang_Cathedral.jpg?fit=667%2C600&amp;ssl=1\" class=\"alignleft size-medium wp-image-24752\" src=\"https:\/\/i0.wp.com\/www.jazzzeitung.de\/cms\/wp-content\/uploads\/2021\/04\/Cover_9632_SchiepekLang_Cathedral.jpg?resize=300%2C270&#038;ssl=1\" alt=\"\" width=\"300\" height=\"270\" srcset=\"https:\/\/i0.wp.com\/www.jazzzeitung.de\/cms\/wp-content\/uploads\/2021\/04\/Cover_9632_SchiepekLang_Cathedral.jpg?resize=300%2C270&amp;ssl=1 300w, https:\/\/i0.wp.com\/www.jazzzeitung.de\/cms\/wp-content\/uploads\/2021\/04\/Cover_9632_SchiepekLang_Cathedral.jpg?resize=667%2C600&amp;ssl=1 667w, https:\/\/i0.wp.com\/www.jazzzeitung.de\/cms\/wp-content\/uploads\/2021\/04\/Cover_9632_SchiepekLang_Cathedral.jpg?resize=768%2C691&amp;ssl=1 768w, https:\/\/i0.wp.com\/www.jazzzeitung.de\/cms\/wp-content\/uploads\/2021\/04\/Cover_9632_SchiepekLang_Cathedral.jpg?resize=1536%2C1381&amp;ssl=1 1536w, https:\/\/i0.wp.com\/www.jazzzeitung.de\/cms\/wp-content\/uploads\/2021\/04\/Cover_9632_SchiepekLang_Cathedral.jpg?resize=1320%2C1187&amp;ssl=1 1320w, https:\/\/i0.wp.com\/www.jazzzeitung.de\/cms\/wp-content\/uploads\/2021\/04\/Cover_9632_SchiepekLang_Cathedral.jpg?w=1648&amp;ssl=1 1648w\" sizes=\"auto, (max-width: 300px) 100vw, 300px\" \/><\/a><\/h5>\n<h5 style=\"text-align: left;\"><strong>ACT 9632-2 <\/strong><\/h5>\n","protected":false},"excerpt":{"rendered":"<p>\u201eCathedral\u201c &#8211; die neue DUO-CD des Gitarristen Philipp Schiepek und Walter Lang am Fl\u00fcgel beginnt mit zarten, fragilen T\u00f6nen am Piano, unaufgeregt, schlicht und fast Erik Satie \u00e4hnlich. Dazu gesellt sich Schiepeks wunderbar klassisches Spiel an der akustischen Gitarre. Walter Lang spielt je jeher mit hoch sensiblem Anschlag, nie hektisch, aber immer spannend und emotionsgeladen. Philipp Schiepek passt mit seinem Spiel an den Nylonsaiten perfekt dazu und so werden aus einfachen Melodien, kraftvolle Kompositionen und Interpretationen. Wenige Musiker haben in der kurzen Zeit das erreicht, was Philipp Schiepek bis dato gelungen ist. Sein Spiel verf\u00fcgt \u00fcber eine eigene Handschrift und, obwohl sein Sound ausgewogen und makellos ist, klingt er niemals routiniert oder epigonenhaft. Hier haben sich zwei Musiker gefunden und gemeinsam ein wunderbares, beseeltes Album eingespielt. Die Kombination von Klavier und akustischer Gitarre ist eine Herausforderung! Walter Lang hegt seit einiger Zeit die Idee eines Duos in dieser Form. Schiepek und Lang lernten sich kennen und so entstand diese \u00e4u\u00dferst fruchtbare Zusammenarbeit. Die Coronazeit hat ihr \u00dcbriges dazu beigetragen. Beide hatten viel Zeit zum Komponieren, Spielen und gleich nach einem ersten Treffen war klar: das &hellip;<\/p>\n","protected":false},"author":35,"featured_media":24751,"comment_status":"open","ping_status":"closed","sticky":false,"template":"","format":"standard","meta":{"_jetpack_memberships_contains_paid_content":false,"footnotes":"","jetpack_publicize_message":"","jetpack_publicize_feature_enabled":true,"jetpack_social_post_already_shared":false,"jetpack_social_options":{"image_generator_settings":{"template":"highway","default_image_id":0,"font":"","enabled":false},"version":2}},"categories":[1152],"tags":[29,3383,586],"coauthors":[1602],"class_list":["post-24749","post","type-post","status-publish","format-standard","has-post-thumbnail","hentry","category-rezension","tag-act","tag-schiepek","tag-walter-lang"],"yoast_head":"<!-- This site is optimized with the Yoast SEO plugin v27.5 - https:\/\/yoast.com\/product\/yoast-seo-wordpress\/ -->\n<title>Philipp Schiepek &amp; Walter Lang mit neuer Duo-CD &quot;Cathedral&quot; - JazzZeitung<\/title>\n<meta name=\"robots\" content=\"index, follow, max-snippet:-1, max-image-preview:large, max-video-preview:-1\" \/>\n<link rel=\"canonical\" href=\"https:\/\/www.jazzzeitung.de\/cms\/2021\/04\/philipp-schiepek-walter-lang-mit-neuer-duo-cd-cathedral\/\" \/>\n<meta property=\"og:locale\" content=\"de_DE\" \/>\n<meta property=\"og:type\" content=\"article\" \/>\n<meta property=\"og:title\" content=\"Philipp Schiepek &amp; Walter Lang mit neuer Duo-CD &quot;Cathedral&quot; - JazzZeitung\" \/>\n<meta property=\"og:description\" content=\"\u201eCathedral\u201c &#8211; die neue DUO-CD des Gitarristen Philipp Schiepek und Walter Lang am Fl\u00fcgel beginnt mit zarten, fragilen T\u00f6nen am Piano, unaufgeregt, schlicht und fast Erik Satie \u00e4hnlich. Dazu gesellt sich Schiepeks wunderbar klassisches Spiel an der akustischen Gitarre. Walter Lang spielt je jeher mit hoch sensiblem Anschlag, nie hektisch, aber immer spannend und emotionsgeladen. Philipp Schiepek passt mit seinem Spiel an den Nylonsaiten perfekt dazu und so werden aus einfachen Melodien, kraftvolle Kompositionen und Interpretationen. Wenige Musiker haben in der kurzen Zeit das erreicht, was Philipp Schiepek bis dato gelungen ist. Sein Spiel verf\u00fcgt \u00fcber eine eigene Handschrift und, obwohl sein Sound ausgewogen und makellos ist, klingt er niemals routiniert oder epigonenhaft. Hier haben sich zwei Musiker gefunden und gemeinsam ein wunderbares, beseeltes Album eingespielt. Die Kombination von Klavier und akustischer Gitarre ist eine Herausforderung! Walter Lang hegt seit einiger Zeit die Idee eines Duos in dieser Form. Schiepek und Lang lernten sich kennen und so entstand diese \u00e4u\u00dferst fruchtbare Zusammenarbeit. Die Coronazeit hat ihr \u00dcbriges dazu beigetragen. Beide hatten viel Zeit zum Komponieren, Spielen und gleich nach einem ersten Treffen war klar: das &hellip;\" \/>\n<meta property=\"og:url\" content=\"https:\/\/www.jazzzeitung.de\/cms\/2021\/04\/philipp-schiepek-walter-lang-mit-neuer-duo-cd-cathedral\/\" \/>\n<meta property=\"og:site_name\" content=\"JazzZeitung\" \/>\n<meta property=\"article:publisher\" content=\"https:\/\/www.facebook.com\/JazzZeitung\/\" \/>\n<meta property=\"article:published_time\" content=\"2021-04-30T10:05:03+00:00\" \/>\n<meta property=\"og:image\" content=\"https:\/\/i0.wp.com\/www.jazzzeitung.de\/cms\/wp-content\/uploads\/2021\/04\/SchiepekLang3_ACT_Uli-Zrenner-Wolkenstein-scaled.jpg?fit=2560%2C1707&ssl=1\" \/>\n\t<meta property=\"og:image:width\" content=\"2560\" \/>\n\t<meta property=\"og:image:height\" content=\"1707\" \/>\n\t<meta property=\"og:image:type\" content=\"image\/jpeg\" \/>\n<meta name=\"author\" content=\"Thomas J. Krebs\" \/>\n<script type=\"application\/ld+json\" class=\"yoast-schema-graph\">{\"@context\":\"https:\\\/\\\/schema.org\",\"@graph\":[{\"@type\":\"Article\",\"@id\":\"https:\\\/\\\/www.jazzzeitung.de\\\/cms\\\/2021\\\/04\\\/philipp-schiepek-walter-lang-mit-neuer-duo-cd-cathedral\\\/#article\",\"isPartOf\":{\"@id\":\"https:\\\/\\\/www.jazzzeitung.de\\\/cms\\\/2021\\\/04\\\/philipp-schiepek-walter-lang-mit-neuer-duo-cd-cathedral\\\/\"},\"author\":{\"name\":\"Thomas J. Krebs\",\"@id\":\"https:\\\/\\\/www.jazzzeitung.de\\\/cms\\\/#\\\/schema\\\/person\\\/ba94c5bbea92d014d6a3d1f0105daa18\"},\"headline\":\"Philipp Schiepek &#038; Walter Lang mit neuer Duo-CD &#8222;Cathedral&#8220;\",\"datePublished\":\"2021-04-30T10:05:03+00:00\",\"mainEntityOfPage\":{\"@id\":\"https:\\\/\\\/www.jazzzeitung.de\\\/cms\\\/2021\\\/04\\\/philipp-schiepek-walter-lang-mit-neuer-duo-cd-cathedral\\\/\"},\"wordCount\":348,\"commentCount\":0,\"publisher\":{\"@id\":\"https:\\\/\\\/www.jazzzeitung.de\\\/cms\\\/#organization\"},\"image\":{\"@id\":\"https:\\\/\\\/www.jazzzeitung.de\\\/cms\\\/2021\\\/04\\\/philipp-schiepek-walter-lang-mit-neuer-duo-cd-cathedral\\\/#primaryimage\"},\"thumbnailUrl\":\"https:\\\/\\\/i0.wp.com\\\/www.jazzzeitung.de\\\/cms\\\/wp-content\\\/uploads\\\/2021\\\/04\\\/SchiepekLang3_ACT_Uli-Zrenner-Wolkenstein-scaled.jpg?fit=2560%2C1707&ssl=1\",\"keywords\":[\"act\",\"Schiepek\",\"Walter Lang\"],\"articleSection\":[\"Rezension\"],\"inLanguage\":\"de\",\"potentialAction\":[{\"@type\":\"CommentAction\",\"name\":\"Comment\",\"target\":[\"https:\\\/\\\/www.jazzzeitung.de\\\/cms\\\/2021\\\/04\\\/philipp-schiepek-walter-lang-mit-neuer-duo-cd-cathedral\\\/#respond\"]}]},{\"@type\":\"WebPage\",\"@id\":\"https:\\\/\\\/www.jazzzeitung.de\\\/cms\\\/2021\\\/04\\\/philipp-schiepek-walter-lang-mit-neuer-duo-cd-cathedral\\\/\",\"url\":\"https:\\\/\\\/www.jazzzeitung.de\\\/cms\\\/2021\\\/04\\\/philipp-schiepek-walter-lang-mit-neuer-duo-cd-cathedral\\\/\",\"name\":\"Philipp Schiepek & Walter Lang mit neuer Duo-CD \\\"Cathedral\\\" - JazzZeitung\",\"isPartOf\":{\"@id\":\"https:\\\/\\\/www.jazzzeitung.de\\\/cms\\\/#website\"},\"primaryImageOfPage\":{\"@id\":\"https:\\\/\\\/www.jazzzeitung.de\\\/cms\\\/2021\\\/04\\\/philipp-schiepek-walter-lang-mit-neuer-duo-cd-cathedral\\\/#primaryimage\"},\"image\":{\"@id\":\"https:\\\/\\\/www.jazzzeitung.de\\\/cms\\\/2021\\\/04\\\/philipp-schiepek-walter-lang-mit-neuer-duo-cd-cathedral\\\/#primaryimage\"},\"thumbnailUrl\":\"https:\\\/\\\/i0.wp.com\\\/www.jazzzeitung.de\\\/cms\\\/wp-content\\\/uploads\\\/2021\\\/04\\\/SchiepekLang3_ACT_Uli-Zrenner-Wolkenstein-scaled.jpg?fit=2560%2C1707&ssl=1\",\"datePublished\":\"2021-04-30T10:05:03+00:00\",\"breadcrumb\":{\"@id\":\"https:\\\/\\\/www.jazzzeitung.de\\\/cms\\\/2021\\\/04\\\/philipp-schiepek-walter-lang-mit-neuer-duo-cd-cathedral\\\/#breadcrumb\"},\"inLanguage\":\"de\",\"potentialAction\":[{\"@type\":\"ReadAction\",\"target\":[\"https:\\\/\\\/www.jazzzeitung.de\\\/cms\\\/2021\\\/04\\\/philipp-schiepek-walter-lang-mit-neuer-duo-cd-cathedral\\\/\"]}]},{\"@type\":\"ImageObject\",\"inLanguage\":\"de\",\"@id\":\"https:\\\/\\\/www.jazzzeitung.de\\\/cms\\\/2021\\\/04\\\/philipp-schiepek-walter-lang-mit-neuer-duo-cd-cathedral\\\/#primaryimage\",\"url\":\"https:\\\/\\\/i0.wp.com\\\/www.jazzzeitung.de\\\/cms\\\/wp-content\\\/uploads\\\/2021\\\/04\\\/SchiepekLang3_ACT_Uli-Zrenner-Wolkenstein-scaled.jpg?fit=2560%2C1707&ssl=1\",\"contentUrl\":\"https:\\\/\\\/i0.wp.com\\\/www.jazzzeitung.de\\\/cms\\\/wp-content\\\/uploads\\\/2021\\\/04\\\/SchiepekLang3_ACT_Uli-Zrenner-Wolkenstein-scaled.jpg?fit=2560%2C1707&ssl=1\",\"width\":2560,\"height\":1707},{\"@type\":\"BreadcrumbList\",\"@id\":\"https:\\\/\\\/www.jazzzeitung.de\\\/cms\\\/2021\\\/04\\\/philipp-schiepek-walter-lang-mit-neuer-duo-cd-cathedral\\\/#breadcrumb\",\"itemListElement\":[{\"@type\":\"ListItem\",\"position\":1,\"name\":\"Startseite\",\"item\":\"https:\\\/\\\/www.jazzzeitung.de\\\/cms\\\/\"},{\"@type\":\"ListItem\",\"position\":2,\"name\":\"Philipp Schiepek &#038; Walter Lang mit neuer Duo-CD &#8222;Cathedral&#8220;\"}]},{\"@type\":\"WebSite\",\"@id\":\"https:\\\/\\\/www.jazzzeitung.de\\\/cms\\\/#website\",\"url\":\"https:\\\/\\\/www.jazzzeitung.de\\\/cms\\\/\",\"name\":\"JazzZeitung\",\"description\":\"Jazz-News und Jazz-Kontroverses\",\"publisher\":{\"@id\":\"https:\\\/\\\/www.jazzzeitung.de\\\/cms\\\/#organization\"},\"potentialAction\":[{\"@type\":\"SearchAction\",\"target\":{\"@type\":\"EntryPoint\",\"urlTemplate\":\"https:\\\/\\\/www.jazzzeitung.de\\\/cms\\\/?s={search_term_string}\"},\"query-input\":{\"@type\":\"PropertyValueSpecification\",\"valueRequired\":true,\"valueName\":\"search_term_string\"}}],\"inLanguage\":\"de\"},{\"@type\":\"Organization\",\"@id\":\"https:\\\/\\\/www.jazzzeitung.de\\\/cms\\\/#organization\",\"name\":\"JazzZeitung online\",\"url\":\"https:\\\/\\\/www.jazzzeitung.de\\\/cms\\\/\",\"logo\":{\"@type\":\"ImageObject\",\"inLanguage\":\"de\",\"@id\":\"https:\\\/\\\/www.jazzzeitung.de\\\/cms\\\/#\\\/schema\\\/logo\\\/image\\\/\",\"url\":\"https:\\\/\\\/i0.wp.com\\\/www.jazzzeitung.de\\\/cms\\\/wp-content\\\/uploads\\\/2015\\\/08\\\/JAZZZEITUNGDE_Logo_Neu.png?fit=499%2C200&ssl=1\",\"contentUrl\":\"https:\\\/\\\/i0.wp.com\\\/www.jazzzeitung.de\\\/cms\\\/wp-content\\\/uploads\\\/2015\\\/08\\\/JAZZZEITUNGDE_Logo_Neu.png?fit=499%2C200&ssl=1\",\"width\":499,\"height\":200,\"caption\":\"JazzZeitung online\"},\"image\":{\"@id\":\"https:\\\/\\\/www.jazzzeitung.de\\\/cms\\\/#\\\/schema\\\/logo\\\/image\\\/\"},\"sameAs\":[\"https:\\\/\\\/www.facebook.com\\\/JazzZeitung\\\/\"]},{\"@type\":\"Person\",\"@id\":\"https:\\\/\\\/www.jazzzeitung.de\\\/cms\\\/#\\\/schema\\\/person\\\/ba94c5bbea92d014d6a3d1f0105daa18\",\"name\":\"Thomas J. Krebs\",\"image\":{\"@type\":\"ImageObject\",\"inLanguage\":\"de\",\"@id\":\"https:\\\/\\\/secure.gravatar.com\\\/avatar\\\/e362b221c114fbcde56be31a2eacbbab541308e5bf72f20d4519b16cdeb5c667?s=96&d=wp_user_avatar&r=ga12b8f4e2750c9ca30f9e22cab2177c6\",\"url\":\"https:\\\/\\\/secure.gravatar.com\\\/avatar\\\/e362b221c114fbcde56be31a2eacbbab541308e5bf72f20d4519b16cdeb5c667?s=96&d=wp_user_avatar&r=g\",\"contentUrl\":\"https:\\\/\\\/secure.gravatar.com\\\/avatar\\\/e362b221c114fbcde56be31a2eacbbab541308e5bf72f20d4519b16cdeb5c667?s=96&d=wp_user_avatar&r=g\",\"caption\":\"Thomas J. Krebs\"},\"url\":\"https:\\\/\\\/www.jazzzeitung.de\\\/cms\\\/author\\\/krebs\\\/\"}]}<\/script>\n<!-- \/ Yoast SEO plugin. -->","yoast_head_json":{"title":"Philipp Schiepek & Walter Lang mit neuer Duo-CD \"Cathedral\" - JazzZeitung","robots":{"index":"index","follow":"follow","max-snippet":"max-snippet:-1","max-image-preview":"max-image-preview:large","max-video-preview":"max-video-preview:-1"},"canonical":"https:\/\/www.jazzzeitung.de\/cms\/2021\/04\/philipp-schiepek-walter-lang-mit-neuer-duo-cd-cathedral\/","og_locale":"de_DE","og_type":"article","og_title":"Philipp Schiepek & Walter Lang mit neuer Duo-CD \"Cathedral\" - JazzZeitung","og_description":"\u201eCathedral\u201c &#8211; die neue DUO-CD des Gitarristen Philipp Schiepek und Walter Lang am Fl\u00fcgel beginnt mit zarten, fragilen T\u00f6nen am Piano, unaufgeregt, schlicht und fast Erik Satie \u00e4hnlich. Dazu gesellt sich Schiepeks wunderbar klassisches Spiel an der akustischen Gitarre. Walter Lang spielt je jeher mit hoch sensiblem Anschlag, nie hektisch, aber immer spannend und emotionsgeladen. Philipp Schiepek passt mit seinem Spiel an den Nylonsaiten perfekt dazu und so werden aus einfachen Melodien, kraftvolle Kompositionen und Interpretationen. Wenige Musiker haben in der kurzen Zeit das erreicht, was Philipp Schiepek bis dato gelungen ist. Sein Spiel verf\u00fcgt \u00fcber eine eigene Handschrift und, obwohl sein Sound ausgewogen und makellos ist, klingt er niemals routiniert oder epigonenhaft. Hier haben sich zwei Musiker gefunden und gemeinsam ein wunderbares, beseeltes Album eingespielt. Die Kombination von Klavier und akustischer Gitarre ist eine Herausforderung! Walter Lang hegt seit einiger Zeit die Idee eines Duos in dieser Form. Schiepek und Lang lernten sich kennen und so entstand diese \u00e4u\u00dferst fruchtbare Zusammenarbeit. Die Coronazeit hat ihr \u00dcbriges dazu beigetragen. Beide hatten viel Zeit zum Komponieren, Spielen und gleich nach einem ersten Treffen war klar: das &hellip;","og_url":"https:\/\/www.jazzzeitung.de\/cms\/2021\/04\/philipp-schiepek-walter-lang-mit-neuer-duo-cd-cathedral\/","og_site_name":"JazzZeitung","article_publisher":"https:\/\/www.facebook.com\/JazzZeitung\/","article_published_time":"2021-04-30T10:05:03+00:00","og_image":[{"width":2560,"height":1707,"url":"https:\/\/i0.wp.com\/www.jazzzeitung.de\/cms\/wp-content\/uploads\/2021\/04\/SchiepekLang3_ACT_Uli-Zrenner-Wolkenstein-scaled.jpg?fit=2560%2C1707&ssl=1","type":"image\/jpeg"}],"author":"Thomas J. Krebs","schema":{"@context":"https:\/\/schema.org","@graph":[{"@type":"Article","@id":"https:\/\/www.jazzzeitung.de\/cms\/2021\/04\/philipp-schiepek-walter-lang-mit-neuer-duo-cd-cathedral\/#article","isPartOf":{"@id":"https:\/\/www.jazzzeitung.de\/cms\/2021\/04\/philipp-schiepek-walter-lang-mit-neuer-duo-cd-cathedral\/"},"author":{"name":"Thomas J. Krebs","@id":"https:\/\/www.jazzzeitung.de\/cms\/#\/schema\/person\/ba94c5bbea92d014d6a3d1f0105daa18"},"headline":"Philipp Schiepek &#038; Walter Lang mit neuer Duo-CD &#8222;Cathedral&#8220;","datePublished":"2021-04-30T10:05:03+00:00","mainEntityOfPage":{"@id":"https:\/\/www.jazzzeitung.de\/cms\/2021\/04\/philipp-schiepek-walter-lang-mit-neuer-duo-cd-cathedral\/"},"wordCount":348,"commentCount":0,"publisher":{"@id":"https:\/\/www.jazzzeitung.de\/cms\/#organization"},"image":{"@id":"https:\/\/www.jazzzeitung.de\/cms\/2021\/04\/philipp-schiepek-walter-lang-mit-neuer-duo-cd-cathedral\/#primaryimage"},"thumbnailUrl":"https:\/\/i0.wp.com\/www.jazzzeitung.de\/cms\/wp-content\/uploads\/2021\/04\/SchiepekLang3_ACT_Uli-Zrenner-Wolkenstein-scaled.jpg?fit=2560%2C1707&ssl=1","keywords":["act","Schiepek","Walter Lang"],"articleSection":["Rezension"],"inLanguage":"de","potentialAction":[{"@type":"CommentAction","name":"Comment","target":["https:\/\/www.jazzzeitung.de\/cms\/2021\/04\/philipp-schiepek-walter-lang-mit-neuer-duo-cd-cathedral\/#respond"]}]},{"@type":"WebPage","@id":"https:\/\/www.jazzzeitung.de\/cms\/2021\/04\/philipp-schiepek-walter-lang-mit-neuer-duo-cd-cathedral\/","url":"https:\/\/www.jazzzeitung.de\/cms\/2021\/04\/philipp-schiepek-walter-lang-mit-neuer-duo-cd-cathedral\/","name":"Philipp Schiepek & Walter Lang mit neuer Duo-CD \"Cathedral\" - JazzZeitung","isPartOf":{"@id":"https:\/\/www.jazzzeitung.de\/cms\/#website"},"primaryImageOfPage":{"@id":"https:\/\/www.jazzzeitung.de\/cms\/2021\/04\/philipp-schiepek-walter-lang-mit-neuer-duo-cd-cathedral\/#primaryimage"},"image":{"@id":"https:\/\/www.jazzzeitung.de\/cms\/2021\/04\/philipp-schiepek-walter-lang-mit-neuer-duo-cd-cathedral\/#primaryimage"},"thumbnailUrl":"https:\/\/i0.wp.com\/www.jazzzeitung.de\/cms\/wp-content\/uploads\/2021\/04\/SchiepekLang3_ACT_Uli-Zrenner-Wolkenstein-scaled.jpg?fit=2560%2C1707&ssl=1","datePublished":"2021-04-30T10:05:03+00:00","breadcrumb":{"@id":"https:\/\/www.jazzzeitung.de\/cms\/2021\/04\/philipp-schiepek-walter-lang-mit-neuer-duo-cd-cathedral\/#breadcrumb"},"inLanguage":"de","potentialAction":[{"@type":"ReadAction","target":["https:\/\/www.jazzzeitung.de\/cms\/2021\/04\/philipp-schiepek-walter-lang-mit-neuer-duo-cd-cathedral\/"]}]},{"@type":"ImageObject","inLanguage":"de","@id":"https:\/\/www.jazzzeitung.de\/cms\/2021\/04\/philipp-schiepek-walter-lang-mit-neuer-duo-cd-cathedral\/#primaryimage","url":"https:\/\/i0.wp.com\/www.jazzzeitung.de\/cms\/wp-content\/uploads\/2021\/04\/SchiepekLang3_ACT_Uli-Zrenner-Wolkenstein-scaled.jpg?fit=2560%2C1707&ssl=1","contentUrl":"https:\/\/i0.wp.com\/www.jazzzeitung.de\/cms\/wp-content\/uploads\/2021\/04\/SchiepekLang3_ACT_Uli-Zrenner-Wolkenstein-scaled.jpg?fit=2560%2C1707&ssl=1","width":2560,"height":1707},{"@type":"BreadcrumbList","@id":"https:\/\/www.jazzzeitung.de\/cms\/2021\/04\/philipp-schiepek-walter-lang-mit-neuer-duo-cd-cathedral\/#breadcrumb","itemListElement":[{"@type":"ListItem","position":1,"name":"Startseite","item":"https:\/\/www.jazzzeitung.de\/cms\/"},{"@type":"ListItem","position":2,"name":"Philipp Schiepek &#038; Walter Lang mit neuer Duo-CD &#8222;Cathedral&#8220;"}]},{"@type":"WebSite","@id":"https:\/\/www.jazzzeitung.de\/cms\/#website","url":"https:\/\/www.jazzzeitung.de\/cms\/","name":"JazzZeitung","description":"Jazz-News und Jazz-Kontroverses","publisher":{"@id":"https:\/\/www.jazzzeitung.de\/cms\/#organization"},"potentialAction":[{"@type":"SearchAction","target":{"@type":"EntryPoint","urlTemplate":"https:\/\/www.jazzzeitung.de\/cms\/?s={search_term_string}"},"query-input":{"@type":"PropertyValueSpecification","valueRequired":true,"valueName":"search_term_string"}}],"inLanguage":"de"},{"@type":"Organization","@id":"https:\/\/www.jazzzeitung.de\/cms\/#organization","name":"JazzZeitung online","url":"https:\/\/www.jazzzeitung.de\/cms\/","logo":{"@type":"ImageObject","inLanguage":"de","@id":"https:\/\/www.jazzzeitung.de\/cms\/#\/schema\/logo\/image\/","url":"https:\/\/i0.wp.com\/www.jazzzeitung.de\/cms\/wp-content\/uploads\/2015\/08\/JAZZZEITUNGDE_Logo_Neu.png?fit=499%2C200&ssl=1","contentUrl":"https:\/\/i0.wp.com\/www.jazzzeitung.de\/cms\/wp-content\/uploads\/2015\/08\/JAZZZEITUNGDE_Logo_Neu.png?fit=499%2C200&ssl=1","width":499,"height":200,"caption":"JazzZeitung online"},"image":{"@id":"https:\/\/www.jazzzeitung.de\/cms\/#\/schema\/logo\/image\/"},"sameAs":["https:\/\/www.facebook.com\/JazzZeitung\/"]},{"@type":"Person","@id":"https:\/\/www.jazzzeitung.de\/cms\/#\/schema\/person\/ba94c5bbea92d014d6a3d1f0105daa18","name":"Thomas J. Krebs","image":{"@type":"ImageObject","inLanguage":"de","@id":"https:\/\/secure.gravatar.com\/avatar\/e362b221c114fbcde56be31a2eacbbab541308e5bf72f20d4519b16cdeb5c667?s=96&d=wp_user_avatar&r=ga12b8f4e2750c9ca30f9e22cab2177c6","url":"https:\/\/secure.gravatar.com\/avatar\/e362b221c114fbcde56be31a2eacbbab541308e5bf72f20d4519b16cdeb5c667?s=96&d=wp_user_avatar&r=g","contentUrl":"https:\/\/secure.gravatar.com\/avatar\/e362b221c114fbcde56be31a2eacbbab541308e5bf72f20d4519b16cdeb5c667?s=96&d=wp_user_avatar&r=g","caption":"Thomas J. Krebs"},"url":"https:\/\/www.jazzzeitung.de\/cms\/author\/krebs\/"}]}},"wp-worthy-pixel":{"ignored":false,"public":null,"server":null,"url":null},"wp-worthy-type":"normal","jetpack_publicize_connections":[],"cc_featured_image_caption":{"caption_text":"","source_text":"","source_url":""},"jetpack_featured_media_url":"https:\/\/i0.wp.com\/www.jazzzeitung.de\/cms\/wp-content\/uploads\/2021\/04\/SchiepekLang3_ACT_Uli-Zrenner-Wolkenstein-scaled.jpg?fit=2560%2C1707&ssl=1","jetpack_shortlink":"https:\/\/wp.me\/p3KEcT-6rb","jetpack-related-posts":[{"id":31931,"url":"https:\/\/www.jazzzeitung.de\/cms\/2024\/11\/cd-philipp-schiepek-solo-trio-meadows-and-mirrors\/","url_meta":{"origin":24749,"position":0},"title":"CD &#8211; Philipp Schiepek Solo &#038; Trio: Meadows and Mirrors","author":"Thomas J. Krebs","date":"26. November 2024","format":false,"excerpt":"Der aus Dinkelsb\u00fchl stammende Gitarrist Philipp Schiepek ist ein ausgesprochen ruhiger, \u00fcberlegter Zeitgenosse. Nach drei ganz unterschiedlichen Alben, seinem Debut \u201eGolem Dance\u201c im Quartett mit Seamus Blake, dem Duo Album \u201eCathedral\u201c mit dem Pianisten Walter Lang und \u201eVersuch zu Tr\u00e4umen\u201c im Trio mit Henning Sieverts und Bastian J\u00fctte, pr\u00e4sentiert Philipp\u2026","rel":"","context":"In &quot;Rezension&quot;","block_context":{"text":"Rezension","link":"https:\/\/www.jazzzeitung.de\/cms\/thema\/rezension\/"},"img":{"alt_text":"","src":"https:\/\/i0.wp.com\/www.jazzzeitung.de\/cms\/wp-content\/uploads\/2024\/11\/P1465768S-Schiepek-sw-Foto-TJ-Krebs.jpg?fit=1200%2C800&ssl=1&resize=350%2C200","width":350,"height":200,"srcset":"https:\/\/i0.wp.com\/www.jazzzeitung.de\/cms\/wp-content\/uploads\/2024\/11\/P1465768S-Schiepek-sw-Foto-TJ-Krebs.jpg?fit=1200%2C800&ssl=1&resize=350%2C200 1x, https:\/\/i0.wp.com\/www.jazzzeitung.de\/cms\/wp-content\/uploads\/2024\/11\/P1465768S-Schiepek-sw-Foto-TJ-Krebs.jpg?fit=1200%2C800&ssl=1&resize=525%2C300 1.5x, https:\/\/i0.wp.com\/www.jazzzeitung.de\/cms\/wp-content\/uploads\/2024\/11\/P1465768S-Schiepek-sw-Foto-TJ-Krebs.jpg?fit=1200%2C800&ssl=1&resize=700%2C400 2x, https:\/\/i0.wp.com\/www.jazzzeitung.de\/cms\/wp-content\/uploads\/2024\/11\/P1465768S-Schiepek-sw-Foto-TJ-Krebs.jpg?fit=1200%2C800&ssl=1&resize=1050%2C600 3x"},"classes":[]},{"id":26432,"url":"https:\/\/www.jazzzeitung.de\/cms\/2021\/12\/zwischentoene-allumfassend-zum-tod-des-pianisten-walter-lang\/","url_meta":{"origin":24749,"position":1},"title":"Zwischent\u00f6ne, allumfassend: Zum Tod des Pianisten Walter Lang","author":"Redaktion JazzZeitung","date":"22. Dezember 2021","format":false,"excerpt":"Am 16. Dezember 2021 starb der Jazzpianist Walter Lang. Ein Nachruf von Ralf Dombrowski Ich hatte ein Bild gepostet. Viele Menschen haben es kommentiert, aus aller Welt. Es sind nicht die beil\u00e4ufigen Beileidsbekundungen, die man kennt. Denn der Tod von Walter Lang trifft viele. Er war nur 60 Jahre alt,\u2026","rel":"","context":"In &quot;Portrait&quot;","block_context":{"text":"Portrait","link":"https:\/\/www.jazzzeitung.de\/cms\/thema\/portrait\/"},"img":{"alt_text":"","src":"https:\/\/i0.wp.com\/www.jazzzeitung.de\/cms\/wp-content\/uploads\/2021\/12\/Walter-Lang-c-Ralf-Dombrowski-scaled.jpg?fit=1200%2C800&ssl=1&resize=350%2C200","width":350,"height":200,"srcset":"https:\/\/i0.wp.com\/www.jazzzeitung.de\/cms\/wp-content\/uploads\/2021\/12\/Walter-Lang-c-Ralf-Dombrowski-scaled.jpg?fit=1200%2C800&ssl=1&resize=350%2C200 1x, https:\/\/i0.wp.com\/www.jazzzeitung.de\/cms\/wp-content\/uploads\/2021\/12\/Walter-Lang-c-Ralf-Dombrowski-scaled.jpg?fit=1200%2C800&ssl=1&resize=525%2C300 1.5x, https:\/\/i0.wp.com\/www.jazzzeitung.de\/cms\/wp-content\/uploads\/2021\/12\/Walter-Lang-c-Ralf-Dombrowski-scaled.jpg?fit=1200%2C800&ssl=1&resize=700%2C400 2x, https:\/\/i0.wp.com\/www.jazzzeitung.de\/cms\/wp-content\/uploads\/2021\/12\/Walter-Lang-c-Ralf-Dombrowski-scaled.jpg?fit=1200%2C800&ssl=1&resize=1050%2C600 3x"},"classes":[]},{"id":23096,"url":"https:\/\/www.jazzzeitung.de\/cms\/2020\/08\/philipp-schiepek-gewinnt-bmw-welt-young-artist-jazz-award-2020\/","url_meta":{"origin":24749,"position":2},"title":"Philipp Schiepek erh\u00e4lt BMW Welt Young Artist Jazz Award 2020","author":"Redaktion JazzZeitung","date":"4. August 2020","format":false,"excerpt":"Die BMW Group ehrt den deutschen Gitarristen Philipp Schiepek als Gewinner der f\u00fcnften Auflage des BMW Welt Young Artist Jazz Award. Die Auszeichnung beinhaltet ein Preisgeld in H\u00f6he von 3.000 Euro. Die Jury des BMW Welt Young Artist Jazz Award zeigte sich vor allem von der Vielseitigkeit des K\u00fcnstlers beeindruckt:\u2026","rel":"","context":"In &quot;Galerie&quot;","block_context":{"text":"Galerie","link":"https:\/\/www.jazzzeitung.de\/cms\/thema\/galerie\/"},"img":{"alt_text":"","src":"https:\/\/i0.wp.com\/www.jazzzeitung.de\/cms\/wp-content\/uploads\/2020\/08\/Schiepek-RalfDombrowski-scaled.jpg?fit=1200%2C800&ssl=1&resize=350%2C200","width":350,"height":200,"srcset":"https:\/\/i0.wp.com\/www.jazzzeitung.de\/cms\/wp-content\/uploads\/2020\/08\/Schiepek-RalfDombrowski-scaled.jpg?fit=1200%2C800&ssl=1&resize=350%2C200 1x, https:\/\/i0.wp.com\/www.jazzzeitung.de\/cms\/wp-content\/uploads\/2020\/08\/Schiepek-RalfDombrowski-scaled.jpg?fit=1200%2C800&ssl=1&resize=525%2C300 1.5x, https:\/\/i0.wp.com\/www.jazzzeitung.de\/cms\/wp-content\/uploads\/2020\/08\/Schiepek-RalfDombrowski-scaled.jpg?fit=1200%2C800&ssl=1&resize=700%2C400 2x, https:\/\/i0.wp.com\/www.jazzzeitung.de\/cms\/wp-content\/uploads\/2020\/08\/Schiepek-RalfDombrowski-scaled.jpg?fit=1200%2C800&ssl=1&resize=1050%2C600 3x"},"classes":[]},{"id":23858,"url":"https:\/\/www.jazzzeitung.de\/cms\/2020\/11\/bmw-welt-young-artist-jazz-award-2020preistraegerkonzert-mit-philipp-schiepek-im-jazzclub-unterfahrt\/","url_meta":{"origin":24749,"position":3},"title":"BMW Welt Young Artist Jazz Award 2020:\u00a0Preistr\u00e4gerkonzert mit Philipp Schiepek im Jazzclub Unterfahrt","author":"Thomas J. Krebs","date":"23. November 2020","format":false,"excerpt":"Vor f\u00fcnf Jahren wurde der seit 2009 stattfindende BMW Welt Jazz Award um einen j\u00e4hrlichen Nachwuchspreis erweitert. Mit dem BMW Welt Young Artist Jazz Award f\u00f6rdern die BMW AG und die Stadt M\u00fcnchen gezielt junge, regionale Talente aus dem Jazzbereich und stiften neben zwei Konzerten bei den Leipziger Jazztagen und\u2026","rel":"","context":"In &quot;Bericht&quot;","block_context":{"text":"Bericht","link":"https:\/\/www.jazzzeitung.de\/cms\/thema\/bericht\/"},"img":{"alt_text":"","src":"https:\/\/i0.wp.com\/www.jazzzeitung.de\/cms\/wp-content\/uploads\/2020\/11\/P1929683-Schiepek-Quartett-Foto-TJ-Krebs.jpg?fit=1200%2C800&ssl=1&resize=350%2C200","width":350,"height":200,"srcset":"https:\/\/i0.wp.com\/www.jazzzeitung.de\/cms\/wp-content\/uploads\/2020\/11\/P1929683-Schiepek-Quartett-Foto-TJ-Krebs.jpg?fit=1200%2C800&ssl=1&resize=350%2C200 1x, https:\/\/i0.wp.com\/www.jazzzeitung.de\/cms\/wp-content\/uploads\/2020\/11\/P1929683-Schiepek-Quartett-Foto-TJ-Krebs.jpg?fit=1200%2C800&ssl=1&resize=525%2C300 1.5x, https:\/\/i0.wp.com\/www.jazzzeitung.de\/cms\/wp-content\/uploads\/2020\/11\/P1929683-Schiepek-Quartett-Foto-TJ-Krebs.jpg?fit=1200%2C800&ssl=1&resize=700%2C400 2x, https:\/\/i0.wp.com\/www.jazzzeitung.de\/cms\/wp-content\/uploads\/2020\/11\/P1929683-Schiepek-Quartett-Foto-TJ-Krebs.jpg?fit=1200%2C800&ssl=1&resize=1050%2C600 3x"},"classes":[]},{"id":24926,"url":"https:\/\/www.jazzzeitung.de\/cms\/2021\/06\/fiona-grondioses-trio-debutalbum-interspaces\/","url_meta":{"origin":24749,"position":4},"title":"Fiona Grond(ioses) Trio-Debutalbum \u201eInterspaces\u201c","author":"Redaktion JazzZeitung","date":"4. Juni 2021","format":false,"excerpt":"\u00a0Die schweizer Vokalistin Fiona Grond hat \u00fcber die Jahre ihren Ruf als unkonventionelle und vor allem experimentierfreudige Komponistin kontinuierlich \u00fcber die M\u00fcnchner Grenzen hinaus ausgebaut. Nach einem Stipendiat beim New York Voices Vocal Camp in 2019, ausgezeichnet mit dem Leonard & Ida Wolf-Ged\u00e4chtnispreis f\u00fcr Musik, profundem Backup im Svetlana Marinchenko\u2026","rel":"","context":"In &quot;Galerie&quot;","block_context":{"text":"Galerie","link":"https:\/\/www.jazzzeitung.de\/cms\/thema\/galerie\/"},"img":{"alt_text":"","src":"https:\/\/i0.wp.com\/www.jazzzeitung.de\/cms\/wp-content\/uploads\/2021\/06\/P1750689-Interspaces-Foto-TJ-Krebs.jpg?fit=1200%2C800&ssl=1&resize=350%2C200","width":350,"height":200,"srcset":"https:\/\/i0.wp.com\/www.jazzzeitung.de\/cms\/wp-content\/uploads\/2021\/06\/P1750689-Interspaces-Foto-TJ-Krebs.jpg?fit=1200%2C800&ssl=1&resize=350%2C200 1x, https:\/\/i0.wp.com\/www.jazzzeitung.de\/cms\/wp-content\/uploads\/2021\/06\/P1750689-Interspaces-Foto-TJ-Krebs.jpg?fit=1200%2C800&ssl=1&resize=525%2C300 1.5x, https:\/\/i0.wp.com\/www.jazzzeitung.de\/cms\/wp-content\/uploads\/2021\/06\/P1750689-Interspaces-Foto-TJ-Krebs.jpg?fit=1200%2C800&ssl=1&resize=700%2C400 2x, https:\/\/i0.wp.com\/www.jazzzeitung.de\/cms\/wp-content\/uploads\/2021\/06\/P1750689-Interspaces-Foto-TJ-Krebs.jpg?fit=1200%2C800&ssl=1&resize=1050%2C600 3x"},"classes":[]},{"id":26276,"url":"https:\/\/www.jazzzeitung.de\/cms\/2021\/12\/weihnachtliches-im-quadro-nuevo-gewand-konzertabend-in-der-kulturwerkstatt-olching\/","url_meta":{"origin":24749,"position":5},"title":"Weihnachtliches im Quadro-Nuevo-Gewand: Konzertabend in der Kulturwerkstatt Olching","author":"Thomas J. Krebs","date":"3. Dezember 2021","format":false,"excerpt":"P\u00fcnktlich am Abend vor dem ersten Advent fand im Gretl-Bauer-Saal der Olchinger KOM Quadro Nuevos Weihnachtskonzert mit gleich zwei umjubelten Auftritten statt. Zusammen mit Mulo Francel, Andreas Hinterseher und D.D. Lowka war diesmal der Gitarrist Philipp Schiepek mit von der Partie. Die Kulturwerkstatt am Olchinger M\u00fchlbach (KOM) wurde 1877 errichtet,\u2026","rel":"","context":"In &quot;Bericht&quot;","block_context":{"text":"Bericht","link":"https:\/\/www.jazzzeitung.de\/cms\/thema\/bericht\/"},"img":{"alt_text":"","src":"https:\/\/i0.wp.com\/www.jazzzeitung.de\/cms\/wp-content\/uploads\/2021\/11\/P1465928-Quadro-Nuevo-Foto-TJ-Krebs-e1638268991477.jpg?fit=969%2C462&ssl=1&resize=350%2C200","width":350,"height":200,"srcset":"https:\/\/i0.wp.com\/www.jazzzeitung.de\/cms\/wp-content\/uploads\/2021\/11\/P1465928-Quadro-Nuevo-Foto-TJ-Krebs-e1638268991477.jpg?fit=969%2C462&ssl=1&resize=350%2C200 1x, https:\/\/i0.wp.com\/www.jazzzeitung.de\/cms\/wp-content\/uploads\/2021\/11\/P1465928-Quadro-Nuevo-Foto-TJ-Krebs-e1638268991477.jpg?fit=969%2C462&ssl=1&resize=525%2C300 1.5x, https:\/\/i0.wp.com\/www.jazzzeitung.de\/cms\/wp-content\/uploads\/2021\/11\/P1465928-Quadro-Nuevo-Foto-TJ-Krebs-e1638268991477.jpg?fit=969%2C462&ssl=1&resize=700%2C400 2x"},"classes":[]}],"jetpack_sharing_enabled":true,"_links":{"self":[{"href":"https:\/\/www.jazzzeitung.de\/cms\/wp-json\/wp\/v2\/posts\/24749","targetHints":{"allow":["GET"]}}],"collection":[{"href":"https:\/\/www.jazzzeitung.de\/cms\/wp-json\/wp\/v2\/posts"}],"about":[{"href":"https:\/\/www.jazzzeitung.de\/cms\/wp-json\/wp\/v2\/types\/post"}],"author":[{"embeddable":true,"href":"https:\/\/www.jazzzeitung.de\/cms\/wp-json\/wp\/v2\/users\/35"}],"replies":[{"embeddable":true,"href":"https:\/\/www.jazzzeitung.de\/cms\/wp-json\/wp\/v2\/comments?post=24749"}],"version-history":[{"count":3,"href":"https:\/\/www.jazzzeitung.de\/cms\/wp-json\/wp\/v2\/posts\/24749\/revisions"}],"predecessor-version":[{"id":24761,"href":"https:\/\/www.jazzzeitung.de\/cms\/wp-json\/wp\/v2\/posts\/24749\/revisions\/24761"}],"wp:featuredmedia":[{"embeddable":true,"href":"https:\/\/www.jazzzeitung.de\/cms\/wp-json\/wp\/v2\/media\/24751"}],"wp:attachment":[{"href":"https:\/\/www.jazzzeitung.de\/cms\/wp-json\/wp\/v2\/media?parent=24749"}],"wp:term":[{"taxonomy":"category","embeddable":true,"href":"https:\/\/www.jazzzeitung.de\/cms\/wp-json\/wp\/v2\/categories?post=24749"},{"taxonomy":"post_tag","embeddable":true,"href":"https:\/\/www.jazzzeitung.de\/cms\/wp-json\/wp\/v2\/tags?post=24749"},{"taxonomy":"author","embeddable":true,"href":"https:\/\/www.jazzzeitung.de\/cms\/wp-json\/wp\/v2\/coauthors?post=24749"}],"curies":[{"name":"wp","href":"https:\/\/api.w.org\/{rel}","templated":true}]}}