{"id":2474,"date":"2013-10-23T10:27:53","date_gmt":"2013-10-23T08:27:53","guid":{"rendered":"http:\/\/www.jazzzeitung.de\/cms\/?p=2474"},"modified":"2013-10-23T19:19:19","modified_gmt":"2013-10-23T17:19:19","slug":"das-44-deutsche-jazzfestival-live-auf-arte-tv-miterleben","status":"publish","type":"post","link":"https:\/\/www.jazzzeitung.de\/cms\/2013\/10\/das-44-deutsche-jazzfestival-live-auf-arte-tv-miterleben\/","title":{"rendered":"Das 44. Deutsche Jazzfestival auf arte live web miterleben"},"content":{"rendered":"<p>Folgende Pressemitteilung erreichte uns heute vom Hessichen Rundfunk: Morgen f\u00e4llt der Startschuss f\u00fcr das 44. Deutsche Jazzfestival in Frankfurt am Main (24.-26- Oktober). Der Hessische Rundfunk \u00fcbertr\u00e4gt dieses Festival im Netz auf arte live web, sodass jeder \u2013 mit nur einem Klick \u2013 eintauchen kann in Sound, Stimmung und Story desFestivals: <a href=\"http:\/\/jazzfestival.arte.tv\" target=\"_blank\">jazzfestival.arte.tv<\/a> &#8211; egal ob Sie sich aus Berlin, K\u00f6ln oder M\u00fcnchen reinschalten \u2013 ob mit den Kumpels, mit der Familie, den Clubmitgliedern oder der Band \u2013 ob Sie Kopfh\u00f6rer aufhaben oder die Anlage aufdrehen: Seien Sie einfach mit dem Herzen dabei. Und wenn Sie vom Jazzfestival genauso begeistert sind wie wir, dann teilen Sie den Link und embedden Sie unseren Livestream in Ihre Webseite.<\/p>\n<p><a href=\"https:\/\/i0.wp.com\/www.jazzzeitung.de\/cms\/wp-content\/uploads\/2013\/10\/arte.jpg\"><img data-recalc-dims=\"1\" loading=\"lazy\" decoding=\"async\" data-attachment-id=\"2485\" data-permalink=\"https:\/\/www.jazzzeitung.de\/cms\/2013\/10\/das-44-deutsche-jazzfestival-live-auf-arte-tv-miterleben\/arte\/\" data-orig-file=\"https:\/\/i0.wp.com\/www.jazzzeitung.de\/cms\/wp-content\/uploads\/2013\/10\/arte.jpg?fit=780%2C815&amp;ssl=1\" data-orig-size=\"780,815\" data-comments-opened=\"1\" data-image-meta=\"{&quot;aperture&quot;:&quot;0&quot;,&quot;credit&quot;:&quot;&quot;,&quot;camera&quot;:&quot;&quot;,&quot;caption&quot;:&quot;&quot;,&quot;created_timestamp&quot;:&quot;0&quot;,&quot;copyright&quot;:&quot;&quot;,&quot;focal_length&quot;:&quot;0&quot;,&quot;iso&quot;:&quot;0&quot;,&quot;shutter_speed&quot;:&quot;0&quot;,&quot;title&quot;:&quot;&quot;}\" data-image-title=\"arte\" data-image-description=\"\" data-image-caption=\"\" data-large-file=\"https:\/\/i0.wp.com\/www.jazzzeitung.de\/cms\/wp-content\/uploads\/2013\/10\/arte.jpg?fit=574%2C600&amp;ssl=1\" class=\"alignright size-thumbnail wp-image-2485\" alt=\"arte\" src=\"https:\/\/i0.wp.com\/www.jazzzeitung.de\/cms\/wp-content\/uploads\/2013\/10\/arte-150x150.jpg?resize=150%2C150\" width=\"150\" height=\"150\" srcset=\"https:\/\/i0.wp.com\/www.jazzzeitung.de\/cms\/wp-content\/uploads\/2013\/10\/arte.jpg?resize=150%2C150&amp;ssl=1 150w, https:\/\/i0.wp.com\/www.jazzzeitung.de\/cms\/wp-content\/uploads\/2013\/10\/arte.jpg?resize=96%2C96&amp;ssl=1 96w, https:\/\/i0.wp.com\/www.jazzzeitung.de\/cms\/wp-content\/uploads\/2013\/10\/arte.jpg?resize=24%2C24&amp;ssl=1 24w, https:\/\/i0.wp.com\/www.jazzzeitung.de\/cms\/wp-content\/uploads\/2013\/10\/arte.jpg?resize=36%2C36&amp;ssl=1 36w, https:\/\/i0.wp.com\/www.jazzzeitung.de\/cms\/wp-content\/uploads\/2013\/10\/arte.jpg?resize=48%2C48&amp;ssl=1 48w, https:\/\/i0.wp.com\/www.jazzzeitung.de\/cms\/wp-content\/uploads\/2013\/10\/arte.jpg?resize=64%2C64&amp;ssl=1 64w, https:\/\/i0.wp.com\/www.jazzzeitung.de\/cms\/wp-content\/uploads\/2013\/10\/arte.jpg?resize=32%2C32&amp;ssl=1 32w, https:\/\/i0.wp.com\/www.jazzzeitung.de\/cms\/wp-content\/uploads\/2013\/10\/arte.jpg?resize=128%2C128&amp;ssl=1 128w, https:\/\/i0.wp.com\/www.jazzzeitung.de\/cms\/wp-content\/uploads\/2013\/10\/arte.jpg?zoom=2&amp;resize=150%2C150&amp;ssl=1 300w, https:\/\/i0.wp.com\/www.jazzzeitung.de\/cms\/wp-content\/uploads\/2013\/10\/arte.jpg?zoom=3&amp;resize=150%2C150&amp;ssl=1 450w\" sizes=\"auto, (max-width: 150px) 100vw, 150px\" \/><\/a>Wir \u00fcbertragen jedes einzelne Konzert des Jazzfestivals. Aber dar\u00fcber hinaus sammeln wir Backstage-Interviews mit den K\u00fcnstlern und andere mitteilungsw\u00fcrdige Ereignisse ein. Denn auch die wollen wir teilen \u2013 mit Ihnen, mit allen Musikliebenden, mit der ganzen Welt: Und zwar online auf\u00a0<a href=\"http:\/\/jazzfestival.arte.tv\" target=\"_blank\">http:\/\/jazzfestival.arte.tv<\/a> und in den sozialen Netzwerken (#jazzff13).<\/p>\n<p>Wir m\u00f6chten insbesondere Sie, als bekennender Jazz-Fan, dazu einladen, an diesem Event teilzunehmen. Und nicht nur das, wir w\u00fcrden uns freuen, wenn Sie dieses Festival mit uns mit gestalten w\u00fcrden. Dave Holland, Guillaume Perret, Tomasz Stanko, Ibrahim Maalouf, Jim McNeely,\u2026und einige mehr sind dabei. Was ist mit Ihnen?<\/p>\n<p>Wir freuen uns auf ihre Ideen &#8211; Let\u00b4s Jazz!<\/p>\n","protected":false},"excerpt":{"rendered":"<p>Folgende Pressemitteilung erreichte uns heute vom Hessichen Rundfunk: Morgen f\u00e4llt der Startschuss f\u00fcr das 44. Deutsche Jazzfestival in Frankfurt am Main (24.-26- Oktober). Der Hessische Rundfunk \u00fcbertr\u00e4gt dieses Festival im Netz auf arte live web, sodass jeder \u2013 mit nur einem Klick \u2013 eintauchen kann in Sound, Stimmung und Story desFestivals: jazzfestival.arte.tv &#8211; egal ob Sie sich aus Berlin, K\u00f6ln oder M\u00fcnchen reinschalten \u2013 ob mit den Kumpels, mit der Familie, den Clubmitgliedern oder der Band \u2013 ob Sie Kopfh\u00f6rer aufhaben oder die Anlage aufdrehen: Seien Sie einfach mit dem Herzen dabei. Und wenn Sie vom Jazzfestival genauso begeistert sind wie wir, dann teilen Sie den Link und embedden Sie unseren Livestream in Ihre Webseite. Wir \u00fcbertragen jedes einzelne Konzert des Jazzfestivals. Aber dar\u00fcber hinaus sammeln wir Backstage-Interviews mit den K\u00fcnstlern und andere mitteilungsw\u00fcrdige Ereignisse ein. Denn auch die wollen wir teilen \u2013 mit Ihnen, mit allen Musikliebenden, mit der ganzen Welt: Und zwar online auf\u00a0http:\/\/jazzfestival.arte.tv und in den sozialen Netzwerken (#jazzff13). Wir m\u00f6chten insbesondere Sie, als bekennender Jazz-Fan, dazu einladen, an diesem Event teilzunehmen. Und nicht nur das, wir w\u00fcrden uns freuen, wenn Sie &hellip;<\/p>\n","protected":false},"author":18,"featured_media":0,"comment_status":"open","ping_status":"open","sticky":false,"template":"","format":"standard","meta":{"_jetpack_memberships_contains_paid_content":false,"footnotes":"","jetpack_publicize_message":"","jetpack_publicize_feature_enabled":true,"jetpack_social_post_already_shared":false,"jetpack_social_options":{"image_generator_settings":{"template":"highway","default_image_id":0,"font":"","enabled":false},"version":2}},"categories":[633],"tags":[48,681,3,184,322,401,15],"coauthors":[695],"class_list":["post-2474","post","type-post","status-publish","format-standard","hentry","category-nachrichten","tag-arte","tag-deutsches-jazzfestival-frankfurt","tag-festival","tag-frankfurt","tag-konzert-2","tag-muenchen","tag-rundfunk"],"yoast_head":"<!-- This site is optimized with the Yoast SEO plugin v27.5 - https:\/\/yoast.com\/product\/yoast-seo-wordpress\/ -->\n<title>Das 44. Deutsche Jazzfestival auf arte live web miterleben - JazzZeitung<\/title>\n<meta name=\"robots\" content=\"index, follow, max-snippet:-1, max-image-preview:large, max-video-preview:-1\" \/>\n<link rel=\"canonical\" href=\"https:\/\/www.jazzzeitung.de\/cms\/2013\/10\/das-44-deutsche-jazzfestival-live-auf-arte-tv-miterleben\/\" \/>\n<meta property=\"og:locale\" content=\"de_DE\" \/>\n<meta property=\"og:type\" content=\"article\" \/>\n<meta property=\"og:title\" content=\"Das 44. Deutsche Jazzfestival auf arte live web miterleben - JazzZeitung\" \/>\n<meta property=\"og:description\" content=\"Folgende Pressemitteilung erreichte uns heute vom Hessichen Rundfunk: Morgen f\u00e4llt der Startschuss f\u00fcr das 44. Deutsche Jazzfestival in Frankfurt am Main (24.-26- Oktober). Der Hessische Rundfunk \u00fcbertr\u00e4gt dieses Festival im Netz auf arte live web, sodass jeder \u2013 mit nur einem Klick \u2013 eintauchen kann in Sound, Stimmung und Story desFestivals: jazzfestival.arte.tv &#8211; egal ob Sie sich aus Berlin, K\u00f6ln oder M\u00fcnchen reinschalten \u2013 ob mit den Kumpels, mit der Familie, den Clubmitgliedern oder der Band \u2013 ob Sie Kopfh\u00f6rer aufhaben oder die Anlage aufdrehen: Seien Sie einfach mit dem Herzen dabei. Und wenn Sie vom Jazzfestival genauso begeistert sind wie wir, dann teilen Sie den Link und embedden Sie unseren Livestream in Ihre Webseite. Wir \u00fcbertragen jedes einzelne Konzert des Jazzfestivals. Aber dar\u00fcber hinaus sammeln wir Backstage-Interviews mit den K\u00fcnstlern und andere mitteilungsw\u00fcrdige Ereignisse ein. Denn auch die wollen wir teilen \u2013 mit Ihnen, mit allen Musikliebenden, mit der ganzen Welt: Und zwar online auf\u00a0http:\/\/jazzfestival.arte.tv und in den sozialen Netzwerken (#jazzff13). Wir m\u00f6chten insbesondere Sie, als bekennender Jazz-Fan, dazu einladen, an diesem Event teilzunehmen. Und nicht nur das, wir w\u00fcrden uns freuen, wenn Sie &hellip;\" \/>\n<meta property=\"og:url\" content=\"https:\/\/www.jazzzeitung.de\/cms\/2013\/10\/das-44-deutsche-jazzfestival-live-auf-arte-tv-miterleben\/\" \/>\n<meta property=\"og:site_name\" content=\"JazzZeitung\" \/>\n<meta property=\"article:publisher\" content=\"https:\/\/www.facebook.com\/JazzZeitung\/\" \/>\n<meta property=\"article:published_time\" content=\"2013-10-23T08:27:53+00:00\" \/>\n<meta property=\"article:modified_time\" content=\"2013-10-23T17:19:19+00:00\" \/>\n<meta property=\"og:image\" content=\"http:\/\/www.jazzzeitung.de\/cms\/wp-content\/uploads\/2013\/10\/arte-150x150.jpg\" \/>\n<meta name=\"author\" content=\"Redaktion JazzZeitung\" \/>\n<script type=\"application\/ld+json\" class=\"yoast-schema-graph\">{\"@context\":\"https:\\\/\\\/schema.org\",\"@graph\":[{\"@type\":\"Article\",\"@id\":\"https:\\\/\\\/www.jazzzeitung.de\\\/cms\\\/2013\\\/10\\\/das-44-deutsche-jazzfestival-live-auf-arte-tv-miterleben\\\/#article\",\"isPartOf\":{\"@id\":\"https:\\\/\\\/www.jazzzeitung.de\\\/cms\\\/2013\\\/10\\\/das-44-deutsche-jazzfestival-live-auf-arte-tv-miterleben\\\/\"},\"author\":{\"name\":\"Redaktion JazzZeitung\",\"@id\":\"https:\\\/\\\/www.jazzzeitung.de\\\/cms\\\/#\\\/schema\\\/person\\\/2245b36b9cd1d24cea10f01c031fb92b\"},\"headline\":\"Das 44. Deutsche Jazzfestival auf arte live web miterleben\",\"datePublished\":\"2013-10-23T08:27:53+00:00\",\"dateModified\":\"2013-10-23T17:19:19+00:00\",\"mainEntityOfPage\":{\"@id\":\"https:\\\/\\\/www.jazzzeitung.de\\\/cms\\\/2013\\\/10\\\/das-44-deutsche-jazzfestival-live-auf-arte-tv-miterleben\\\/\"},\"wordCount\":242,\"commentCount\":0,\"publisher\":{\"@id\":\"https:\\\/\\\/www.jazzzeitung.de\\\/cms\\\/#organization\"},\"image\":{\"@id\":\"https:\\\/\\\/www.jazzzeitung.de\\\/cms\\\/2013\\\/10\\\/das-44-deutsche-jazzfestival-live-auf-arte-tv-miterleben\\\/#primaryimage\"},\"thumbnailUrl\":\"http:\\\/\\\/www.jazzzeitung.de\\\/cms\\\/wp-content\\\/uploads\\\/2013\\\/10\\\/arte-150x150.jpg\",\"keywords\":[\"Arte\",\"Deutsches Jazzfestival Frankfurt\",\"Festival\",\"Frankfurt\",\"Konzert\",\"M\u00fcnchen\",\"Rundfunk\"],\"articleSection\":[\"News\"],\"inLanguage\":\"de\",\"potentialAction\":[{\"@type\":\"CommentAction\",\"name\":\"Comment\",\"target\":[\"https:\\\/\\\/www.jazzzeitung.de\\\/cms\\\/2013\\\/10\\\/das-44-deutsche-jazzfestival-live-auf-arte-tv-miterleben\\\/#respond\"]}]},{\"@type\":\"WebPage\",\"@id\":\"https:\\\/\\\/www.jazzzeitung.de\\\/cms\\\/2013\\\/10\\\/das-44-deutsche-jazzfestival-live-auf-arte-tv-miterleben\\\/\",\"url\":\"https:\\\/\\\/www.jazzzeitung.de\\\/cms\\\/2013\\\/10\\\/das-44-deutsche-jazzfestival-live-auf-arte-tv-miterleben\\\/\",\"name\":\"Das 44. Deutsche Jazzfestival auf arte live web miterleben - JazzZeitung\",\"isPartOf\":{\"@id\":\"https:\\\/\\\/www.jazzzeitung.de\\\/cms\\\/#website\"},\"primaryImageOfPage\":{\"@id\":\"https:\\\/\\\/www.jazzzeitung.de\\\/cms\\\/2013\\\/10\\\/das-44-deutsche-jazzfestival-live-auf-arte-tv-miterleben\\\/#primaryimage\"},\"image\":{\"@id\":\"https:\\\/\\\/www.jazzzeitung.de\\\/cms\\\/2013\\\/10\\\/das-44-deutsche-jazzfestival-live-auf-arte-tv-miterleben\\\/#primaryimage\"},\"thumbnailUrl\":\"http:\\\/\\\/www.jazzzeitung.de\\\/cms\\\/wp-content\\\/uploads\\\/2013\\\/10\\\/arte-150x150.jpg\",\"datePublished\":\"2013-10-23T08:27:53+00:00\",\"dateModified\":\"2013-10-23T17:19:19+00:00\",\"breadcrumb\":{\"@id\":\"https:\\\/\\\/www.jazzzeitung.de\\\/cms\\\/2013\\\/10\\\/das-44-deutsche-jazzfestival-live-auf-arte-tv-miterleben\\\/#breadcrumb\"},\"inLanguage\":\"de\",\"potentialAction\":[{\"@type\":\"ReadAction\",\"target\":[\"https:\\\/\\\/www.jazzzeitung.de\\\/cms\\\/2013\\\/10\\\/das-44-deutsche-jazzfestival-live-auf-arte-tv-miterleben\\\/\"]}]},{\"@type\":\"ImageObject\",\"inLanguage\":\"de\",\"@id\":\"https:\\\/\\\/www.jazzzeitung.de\\\/cms\\\/2013\\\/10\\\/das-44-deutsche-jazzfestival-live-auf-arte-tv-miterleben\\\/#primaryimage\",\"url\":\"http:\\\/\\\/www.jazzzeitung.de\\\/cms\\\/wp-content\\\/uploads\\\/2013\\\/10\\\/arte-150x150.jpg\",\"contentUrl\":\"http:\\\/\\\/www.jazzzeitung.de\\\/cms\\\/wp-content\\\/uploads\\\/2013\\\/10\\\/arte-150x150.jpg\"},{\"@type\":\"BreadcrumbList\",\"@id\":\"https:\\\/\\\/www.jazzzeitung.de\\\/cms\\\/2013\\\/10\\\/das-44-deutsche-jazzfestival-live-auf-arte-tv-miterleben\\\/#breadcrumb\",\"itemListElement\":[{\"@type\":\"ListItem\",\"position\":1,\"name\":\"Startseite\",\"item\":\"https:\\\/\\\/www.jazzzeitung.de\\\/cms\\\/\"},{\"@type\":\"ListItem\",\"position\":2,\"name\":\"Das 44. Deutsche Jazzfestival auf arte live web miterleben\"}]},{\"@type\":\"WebSite\",\"@id\":\"https:\\\/\\\/www.jazzzeitung.de\\\/cms\\\/#website\",\"url\":\"https:\\\/\\\/www.jazzzeitung.de\\\/cms\\\/\",\"name\":\"JazzZeitung\",\"description\":\"Jazz-News und Jazz-Kontroverses\",\"publisher\":{\"@id\":\"https:\\\/\\\/www.jazzzeitung.de\\\/cms\\\/#organization\"},\"potentialAction\":[{\"@type\":\"SearchAction\",\"target\":{\"@type\":\"EntryPoint\",\"urlTemplate\":\"https:\\\/\\\/www.jazzzeitung.de\\\/cms\\\/?s={search_term_string}\"},\"query-input\":{\"@type\":\"PropertyValueSpecification\",\"valueRequired\":true,\"valueName\":\"search_term_string\"}}],\"inLanguage\":\"de\"},{\"@type\":\"Organization\",\"@id\":\"https:\\\/\\\/www.jazzzeitung.de\\\/cms\\\/#organization\",\"name\":\"JazzZeitung online\",\"url\":\"https:\\\/\\\/www.jazzzeitung.de\\\/cms\\\/\",\"logo\":{\"@type\":\"ImageObject\",\"inLanguage\":\"de\",\"@id\":\"https:\\\/\\\/www.jazzzeitung.de\\\/cms\\\/#\\\/schema\\\/logo\\\/image\\\/\",\"url\":\"https:\\\/\\\/i0.wp.com\\\/www.jazzzeitung.de\\\/cms\\\/wp-content\\\/uploads\\\/2015\\\/08\\\/JAZZZEITUNGDE_Logo_Neu.png?fit=499%2C200&ssl=1\",\"contentUrl\":\"https:\\\/\\\/i0.wp.com\\\/www.jazzzeitung.de\\\/cms\\\/wp-content\\\/uploads\\\/2015\\\/08\\\/JAZZZEITUNGDE_Logo_Neu.png?fit=499%2C200&ssl=1\",\"width\":499,\"height\":200,\"caption\":\"JazzZeitung online\"},\"image\":{\"@id\":\"https:\\\/\\\/www.jazzzeitung.de\\\/cms\\\/#\\\/schema\\\/logo\\\/image\\\/\"},\"sameAs\":[\"https:\\\/\\\/www.facebook.com\\\/JazzZeitung\\\/\"]},{\"@type\":\"Person\",\"@id\":\"https:\\\/\\\/www.jazzzeitung.de\\\/cms\\\/#\\\/schema\\\/person\\\/2245b36b9cd1d24cea10f01c031fb92b\",\"name\":\"Redaktion JazzZeitung\",\"image\":{\"@type\":\"ImageObject\",\"inLanguage\":\"de\",\"@id\":\"https:\\\/\\\/i0.wp.com\\\/www.jazzzeitung.de\\\/cms\\\/wp-content\\\/uploads\\\/2015\\\/08\\\/JAZZZEITUNGDE_Logo_Neu.png?resize=96%2C96&ssl=159975dcacb611b5700bd619b5daf0a7a\",\"url\":\"https:\\\/\\\/i0.wp.com\\\/www.jazzzeitung.de\\\/cms\\\/wp-content\\\/uploads\\\/2015\\\/08\\\/JAZZZEITUNGDE_Logo_Neu.png?resize=96%2C96&ssl=1\",\"contentUrl\":\"https:\\\/\\\/i0.wp.com\\\/www.jazzzeitung.de\\\/cms\\\/wp-content\\\/uploads\\\/2015\\\/08\\\/JAZZZEITUNGDE_Logo_Neu.png?resize=96%2C96&ssl=1\",\"caption\":\"Redaktion JazzZeitung\"},\"description\":\"Artikel der Redaktion der JazzZeitung.\",\"sameAs\":[\"http:\\\/\\\/www.jazzzeitung.de\\\/cms\\\/\"],\"url\":\"https:\\\/\\\/www.jazzzeitung.de\\\/cms\\\/author\\\/redaktion\\\/\"}]}<\/script>\n<!-- \/ Yoast SEO plugin. -->","yoast_head_json":{"title":"Das 44. Deutsche Jazzfestival auf arte live web miterleben - JazzZeitung","robots":{"index":"index","follow":"follow","max-snippet":"max-snippet:-1","max-image-preview":"max-image-preview:large","max-video-preview":"max-video-preview:-1"},"canonical":"https:\/\/www.jazzzeitung.de\/cms\/2013\/10\/das-44-deutsche-jazzfestival-live-auf-arte-tv-miterleben\/","og_locale":"de_DE","og_type":"article","og_title":"Das 44. Deutsche Jazzfestival auf arte live web miterleben - JazzZeitung","og_description":"Folgende Pressemitteilung erreichte uns heute vom Hessichen Rundfunk: Morgen f\u00e4llt der Startschuss f\u00fcr das 44. Deutsche Jazzfestival in Frankfurt am Main (24.-26- Oktober). Der Hessische Rundfunk \u00fcbertr\u00e4gt dieses Festival im Netz auf arte live web, sodass jeder \u2013 mit nur einem Klick \u2013 eintauchen kann in Sound, Stimmung und Story desFestivals: jazzfestival.arte.tv &#8211; egal ob Sie sich aus Berlin, K\u00f6ln oder M\u00fcnchen reinschalten \u2013 ob mit den Kumpels, mit der Familie, den Clubmitgliedern oder der Band \u2013 ob Sie Kopfh\u00f6rer aufhaben oder die Anlage aufdrehen: Seien Sie einfach mit dem Herzen dabei. Und wenn Sie vom Jazzfestival genauso begeistert sind wie wir, dann teilen Sie den Link und embedden Sie unseren Livestream in Ihre Webseite. Wir \u00fcbertragen jedes einzelne Konzert des Jazzfestivals. Aber dar\u00fcber hinaus sammeln wir Backstage-Interviews mit den K\u00fcnstlern und andere mitteilungsw\u00fcrdige Ereignisse ein. Denn auch die wollen wir teilen \u2013 mit Ihnen, mit allen Musikliebenden, mit der ganzen Welt: Und zwar online auf\u00a0http:\/\/jazzfestival.arte.tv und in den sozialen Netzwerken (#jazzff13). Wir m\u00f6chten insbesondere Sie, als bekennender Jazz-Fan, dazu einladen, an diesem Event teilzunehmen. Und nicht nur das, wir w\u00fcrden uns freuen, wenn Sie &hellip;","og_url":"https:\/\/www.jazzzeitung.de\/cms\/2013\/10\/das-44-deutsche-jazzfestival-live-auf-arte-tv-miterleben\/","og_site_name":"JazzZeitung","article_publisher":"https:\/\/www.facebook.com\/JazzZeitung\/","article_published_time":"2013-10-23T08:27:53+00:00","article_modified_time":"2013-10-23T17:19:19+00:00","og_image":[{"url":"http:\/\/www.jazzzeitung.de\/cms\/wp-content\/uploads\/2013\/10\/arte-150x150.jpg","type":"","width":"","height":""}],"author":"Redaktion JazzZeitung","schema":{"@context":"https:\/\/schema.org","@graph":[{"@type":"Article","@id":"https:\/\/www.jazzzeitung.de\/cms\/2013\/10\/das-44-deutsche-jazzfestival-live-auf-arte-tv-miterleben\/#article","isPartOf":{"@id":"https:\/\/www.jazzzeitung.de\/cms\/2013\/10\/das-44-deutsche-jazzfestival-live-auf-arte-tv-miterleben\/"},"author":{"name":"Redaktion JazzZeitung","@id":"https:\/\/www.jazzzeitung.de\/cms\/#\/schema\/person\/2245b36b9cd1d24cea10f01c031fb92b"},"headline":"Das 44. Deutsche Jazzfestival auf arte live web miterleben","datePublished":"2013-10-23T08:27:53+00:00","dateModified":"2013-10-23T17:19:19+00:00","mainEntityOfPage":{"@id":"https:\/\/www.jazzzeitung.de\/cms\/2013\/10\/das-44-deutsche-jazzfestival-live-auf-arte-tv-miterleben\/"},"wordCount":242,"commentCount":0,"publisher":{"@id":"https:\/\/www.jazzzeitung.de\/cms\/#organization"},"image":{"@id":"https:\/\/www.jazzzeitung.de\/cms\/2013\/10\/das-44-deutsche-jazzfestival-live-auf-arte-tv-miterleben\/#primaryimage"},"thumbnailUrl":"http:\/\/www.jazzzeitung.de\/cms\/wp-content\/uploads\/2013\/10\/arte-150x150.jpg","keywords":["Arte","Deutsches Jazzfestival Frankfurt","Festival","Frankfurt","Konzert","M\u00fcnchen","Rundfunk"],"articleSection":["News"],"inLanguage":"de","potentialAction":[{"@type":"CommentAction","name":"Comment","target":["https:\/\/www.jazzzeitung.de\/cms\/2013\/10\/das-44-deutsche-jazzfestival-live-auf-arte-tv-miterleben\/#respond"]}]},{"@type":"WebPage","@id":"https:\/\/www.jazzzeitung.de\/cms\/2013\/10\/das-44-deutsche-jazzfestival-live-auf-arte-tv-miterleben\/","url":"https:\/\/www.jazzzeitung.de\/cms\/2013\/10\/das-44-deutsche-jazzfestival-live-auf-arte-tv-miterleben\/","name":"Das 44. Deutsche Jazzfestival auf arte live web miterleben - JazzZeitung","isPartOf":{"@id":"https:\/\/www.jazzzeitung.de\/cms\/#website"},"primaryImageOfPage":{"@id":"https:\/\/www.jazzzeitung.de\/cms\/2013\/10\/das-44-deutsche-jazzfestival-live-auf-arte-tv-miterleben\/#primaryimage"},"image":{"@id":"https:\/\/www.jazzzeitung.de\/cms\/2013\/10\/das-44-deutsche-jazzfestival-live-auf-arte-tv-miterleben\/#primaryimage"},"thumbnailUrl":"http:\/\/www.jazzzeitung.de\/cms\/wp-content\/uploads\/2013\/10\/arte-150x150.jpg","datePublished":"2013-10-23T08:27:53+00:00","dateModified":"2013-10-23T17:19:19+00:00","breadcrumb":{"@id":"https:\/\/www.jazzzeitung.de\/cms\/2013\/10\/das-44-deutsche-jazzfestival-live-auf-arte-tv-miterleben\/#breadcrumb"},"inLanguage":"de","potentialAction":[{"@type":"ReadAction","target":["https:\/\/www.jazzzeitung.de\/cms\/2013\/10\/das-44-deutsche-jazzfestival-live-auf-arte-tv-miterleben\/"]}]},{"@type":"ImageObject","inLanguage":"de","@id":"https:\/\/www.jazzzeitung.de\/cms\/2013\/10\/das-44-deutsche-jazzfestival-live-auf-arte-tv-miterleben\/#primaryimage","url":"http:\/\/www.jazzzeitung.de\/cms\/wp-content\/uploads\/2013\/10\/arte-150x150.jpg","contentUrl":"http:\/\/www.jazzzeitung.de\/cms\/wp-content\/uploads\/2013\/10\/arte-150x150.jpg"},{"@type":"BreadcrumbList","@id":"https:\/\/www.jazzzeitung.de\/cms\/2013\/10\/das-44-deutsche-jazzfestival-live-auf-arte-tv-miterleben\/#breadcrumb","itemListElement":[{"@type":"ListItem","position":1,"name":"Startseite","item":"https:\/\/www.jazzzeitung.de\/cms\/"},{"@type":"ListItem","position":2,"name":"Das 44. Deutsche Jazzfestival auf arte live web miterleben"}]},{"@type":"WebSite","@id":"https:\/\/www.jazzzeitung.de\/cms\/#website","url":"https:\/\/www.jazzzeitung.de\/cms\/","name":"JazzZeitung","description":"Jazz-News und Jazz-Kontroverses","publisher":{"@id":"https:\/\/www.jazzzeitung.de\/cms\/#organization"},"potentialAction":[{"@type":"SearchAction","target":{"@type":"EntryPoint","urlTemplate":"https:\/\/www.jazzzeitung.de\/cms\/?s={search_term_string}"},"query-input":{"@type":"PropertyValueSpecification","valueRequired":true,"valueName":"search_term_string"}}],"inLanguage":"de"},{"@type":"Organization","@id":"https:\/\/www.jazzzeitung.de\/cms\/#organization","name":"JazzZeitung online","url":"https:\/\/www.jazzzeitung.de\/cms\/","logo":{"@type":"ImageObject","inLanguage":"de","@id":"https:\/\/www.jazzzeitung.de\/cms\/#\/schema\/logo\/image\/","url":"https:\/\/i0.wp.com\/www.jazzzeitung.de\/cms\/wp-content\/uploads\/2015\/08\/JAZZZEITUNGDE_Logo_Neu.png?fit=499%2C200&ssl=1","contentUrl":"https:\/\/i0.wp.com\/www.jazzzeitung.de\/cms\/wp-content\/uploads\/2015\/08\/JAZZZEITUNGDE_Logo_Neu.png?fit=499%2C200&ssl=1","width":499,"height":200,"caption":"JazzZeitung online"},"image":{"@id":"https:\/\/www.jazzzeitung.de\/cms\/#\/schema\/logo\/image\/"},"sameAs":["https:\/\/www.facebook.com\/JazzZeitung\/"]},{"@type":"Person","@id":"https:\/\/www.jazzzeitung.de\/cms\/#\/schema\/person\/2245b36b9cd1d24cea10f01c031fb92b","name":"Redaktion JazzZeitung","image":{"@type":"ImageObject","inLanguage":"de","@id":"https:\/\/i0.wp.com\/www.jazzzeitung.de\/cms\/wp-content\/uploads\/2015\/08\/JAZZZEITUNGDE_Logo_Neu.png?resize=96%2C96&ssl=159975dcacb611b5700bd619b5daf0a7a","url":"https:\/\/i0.wp.com\/www.jazzzeitung.de\/cms\/wp-content\/uploads\/2015\/08\/JAZZZEITUNGDE_Logo_Neu.png?resize=96%2C96&ssl=1","contentUrl":"https:\/\/i0.wp.com\/www.jazzzeitung.de\/cms\/wp-content\/uploads\/2015\/08\/JAZZZEITUNGDE_Logo_Neu.png?resize=96%2C96&ssl=1","caption":"Redaktion JazzZeitung"},"description":"Artikel der Redaktion der JazzZeitung.","sameAs":["http:\/\/www.jazzzeitung.de\/cms\/"],"url":"https:\/\/www.jazzzeitung.de\/cms\/author\/redaktion\/"}]}},"wp-worthy-pixel":{"ignored":false,"public":null,"server":null,"url":null},"wp-worthy-type":"normal","jetpack_publicize_connections":[],"cc_featured_image_caption":{"caption_text":false,"source_text":false,"source_url":false},"jetpack_featured_media_url":"","jetpack_shortlink":"https:\/\/wp.me\/p3KEcT-DU","jetpack-related-posts":[{"id":2207,"url":"https:\/\/www.jazzzeitung.de\/cms\/2013\/08\/44-deutsches-jazzfestival-frankfurt-im-oktober\/","url_meta":{"origin":2474,"position":0},"title":"44. Deutsches Jazzfestival Frankfurt im Oktober","author":"Ursula Gaisa","date":"21. August 2013","format":false,"excerpt":"Unter dem Titel \u201eBits\u2019n\u2019Bytes\u201c beleuchtet das 44. Deutsche Jazzfestival Frankfurt 2013 das Spannungsfeld zwischen traditionellem, eher akustisch gepr\u00e4gtem Jazz und digitalen Technologien. Vom 24. bis 26. Oktober suchen im hr-Sendesaal der franz\u00f6sische Saxofonist Guillaume Perret & The Electric Epic, die britische Band Troyka und die deutsch-norwegische Formation des Frankfurter Klangt\u00fcftlers\u2026","rel":"","context":"In &quot;News&quot;","block_context":{"text":"News","link":"https:\/\/www.jazzzeitung.de\/cms\/thema\/nachrichten\/"},"img":{"alt_text":"Foto: hr\/Laurence Labat","src":"https:\/\/i0.wp.com\/www.jazzzeitung.de\/cms\/wp-content\/uploads\/2013\/08\/holland.jpg?resize=350%2C200","width":350,"height":200},"classes":[]},{"id":9876,"url":"https:\/\/www.jazzzeitung.de\/cms\/2016\/08\/news30-jahre-stadtgartenjazzthe-citydas-47-deutsche-jazzfestival-frankfurt-2016\/","url_meta":{"origin":2474,"position":1},"title":"+++ News +++ Das 47. Deutsche Jazzfestival Frankfurt 2016 +++ 30 Jahre Stadtgarten +++ Jazz&#038;The City +++","author":"Redaktion JazzZeitung","date":"16. August 2016","format":false,"excerpt":"+++ F\u00fcnf Tage, drei B\u00fchnen, ein Festival - Das 47. Deutsche Jazzfestival Frankfurt 2016 +++ Vom 26. bis 30. Oktober laden 12 Musikformationen zu verschiedenen Konzerten in Frankfurt. In der 47. Ausgabe wagt das Deutsche Jazzfestival den Sprung in die City. Das Auftaktkonzert in der Alten Oper, Elektro-Sounds und Clubmusik\u2026","rel":"","context":"In &quot;News&quot;","block_context":{"text":"News","link":"https:\/\/www.jazzzeitung.de\/cms\/thema\/nachrichten\/"},"img":{"alt_text":"frankfurt","src":"https:\/\/i0.wp.com\/www.jazzzeitung.de\/cms\/wp-content\/uploads\/2016\/08\/frankfurt-150x150.jpg?resize=350%2C200","width":350,"height":200},"classes":[]},{"id":16508,"url":"https:\/\/www.jazzzeitung.de\/cms\/2018\/06\/news-women-im-jazz-beim-suedtiroler-jazzfestivalvorstudium-jazz-der-offenen-jazzhaus-schule-beginnt-im-septemberkartenverkauf-fuer-jazzfestival-frankfurt-hat-begonnen\/","url_meta":{"origin":2474,"position":2},"title":"+++NEWS+++&#8220;Women in Jazz&#8220; beim S\u00fcdtiroler Jazzfestival+++&#8220;Vorstudium Jazz&#8220; der Offenen Jazzhaus Schule beginnt im September+++Kartenverkauf f\u00fcr Jazzfestival Frankfurt hat begonnen+++","author":"Redaktion JazzZeitung","date":"27. Juni 2018","format":false,"excerpt":"+++\"Women in Jazz\" beim S\u00fcdtiroler Jazzfestival+++ Neben dem Schwerpunkt auf die nordischen L\u00e4nder unter dem Motto \u201eExploring the North\u201c lockt das S\u00fcdtirol Jazzfestival dieses Jahr Wert mit einer reichlich weiblichen Programmierung. Das mit Musikerinnen besetzte franz\u00f6sische Trio Ikui Doki verarbeitet den Impressionismus der Jahrhundertwende und betritt dabei ekstatische Klanglandschaften, die\u2026","rel":"","context":"In &quot;News&quot;","block_context":{"text":"News","link":"https:\/\/www.jazzzeitung.de\/cms\/thema\/nachrichten\/"},"img":{"alt_text":"","src":"https:\/\/i0.wp.com\/www.jazzzeitung.de\/cms\/wp-content\/uploads\/2018\/06\/siea_harry_klein-80.jpg?fit=1200%2C800&ssl=1&resize=350%2C200","width":350,"height":200,"srcset":"https:\/\/i0.wp.com\/www.jazzzeitung.de\/cms\/wp-content\/uploads\/2018\/06\/siea_harry_klein-80.jpg?fit=1200%2C800&ssl=1&resize=350%2C200 1x, https:\/\/i0.wp.com\/www.jazzzeitung.de\/cms\/wp-content\/uploads\/2018\/06\/siea_harry_klein-80.jpg?fit=1200%2C800&ssl=1&resize=525%2C300 1.5x, https:\/\/i0.wp.com\/www.jazzzeitung.de\/cms\/wp-content\/uploads\/2018\/06\/siea_harry_klein-80.jpg?fit=1200%2C800&ssl=1&resize=700%2C400 2x, https:\/\/i0.wp.com\/www.jazzzeitung.de\/cms\/wp-content\/uploads\/2018\/06\/siea_harry_klein-80.jpg?fit=1200%2C800&ssl=1&resize=1050%2C600 3x"},"classes":[]},{"id":519,"url":"https:\/\/www.jazzzeitung.de\/cms\/2010\/10\/jazzfestivals-bei-wdr-und-hr\/","url_meta":{"origin":2474,"position":3},"title":"Jazzfestivals bei WDR und hr \u2013 live on air und im Netz!","author":"J\u00f6rg Lichtinger","date":"28. Oktober 2010","format":false,"excerpt":"Zeitgleich starten heute in Frankfurt und K\u00f6ln die Jazz-Festivals der Sender HR (Deutsches Jazzfestival Frankfurt) und WDR (WDR3 jazz.cologne). Wer es nicht in die Funkh\u00e4user oder die entsprechenden Locations schafft, dem kann geholfen werden: 41. Deutsches Jazzfestival Frankfurt live im Netz und im H\u00f6rfunk In Frankfurt mit dabei: Tony Lakatos,\u2026","rel":"","context":"In &quot;Blog&quot;","block_context":{"text":"Blog","link":"https:\/\/www.jazzzeitung.de\/cms\/thema\/blog\/"},"img":{"alt_text":"hr-Bigband_by_Dirk_Ostermeier_quer_mit_Diri","src":"https:\/\/i0.wp.com\/www.jazzzeitung.de\/cms\/wp-content\/uploads\/2010\/10\/hr-Bigband_by_Dirk_Ostermeier_quer_mit_Diri-300x199.jpg?resize=350%2C200","width":350,"height":200},"classes":[]},{"id":27719,"url":"https:\/\/www.jazzzeitung.de\/cms\/2022\/07\/news-jazz-festival-saarlouis-open-air-auf-der-vauban-insel-luebeck-jazz-allstars-53-deutsches-jazzfestival-frankfurt-steht-vor-dem-start\/","url_meta":{"origin":2474,"position":4},"title":"+++ News: +++ Jazz Festival Saarlouis Open Air auf der Vauban Insel +++ L\u00fcbeck Jazz Allstars +++ 53. Deutsches Jazzfestival Frankfurt steht vor dem Start +++","author":"Redaktion JazzZeitung","date":"7. Juli 2022","format":false,"excerpt":"+++ Jazz Festival Saarlouis Open Air auf der Vauban Insel vom 13 - 17.7.2022 +++ Vom 13. bis 17. Juli dreht sich auf der Saarlouiser Vaubaninsel alles um Jazz. Die historische Festungsanlage bietet die Kulisse f\u00fcr regionale und internationale Jazz K\u00fcnstler.\u00a0Das Jazzfestival Saarlouis z\u00e4hlt zu den Konzert H\u00f6hepunkten der diesj\u00e4hrigen\u2026","rel":"","context":"In &quot;News&quot;","block_context":{"text":"News","link":"https:\/\/www.jazzzeitung.de\/cms\/thema\/nachrichten\/"},"img":{"alt_text":"","src":"https:\/\/i0.wp.com\/www.jazzzeitung.de\/cms\/wp-content\/uploads\/2022\/07\/Afra-Kane-Studio-0186-1-scaled.jpg?fit=1200%2C800&ssl=1&resize=350%2C200","width":350,"height":200,"srcset":"https:\/\/i0.wp.com\/www.jazzzeitung.de\/cms\/wp-content\/uploads\/2022\/07\/Afra-Kane-Studio-0186-1-scaled.jpg?fit=1200%2C800&ssl=1&resize=350%2C200 1x, https:\/\/i0.wp.com\/www.jazzzeitung.de\/cms\/wp-content\/uploads\/2022\/07\/Afra-Kane-Studio-0186-1-scaled.jpg?fit=1200%2C800&ssl=1&resize=525%2C300 1.5x, https:\/\/i0.wp.com\/www.jazzzeitung.de\/cms\/wp-content\/uploads\/2022\/07\/Afra-Kane-Studio-0186-1-scaled.jpg?fit=1200%2C800&ssl=1&resize=700%2C400 2x, https:\/\/i0.wp.com\/www.jazzzeitung.de\/cms\/wp-content\/uploads\/2022\/07\/Afra-Kane-Studio-0186-1-scaled.jpg?fit=1200%2C800&ssl=1&resize=1050%2C600 3x"},"classes":[]},{"id":7450,"url":"https:\/\/www.jazzzeitung.de\/cms\/2015\/10\/hoellen-jazz-und-michael-mantler-frankfurt\/","url_meta":{"origin":2474,"position":5},"title":"H\u00f6llen-Jazz und Michael Mantler in Frankfurt","author":"Redaktion JazzZeitung","date":"23. Oktober 2015","format":false,"excerpt":"Der Auftritt der hr-Bigband am ersten Konzertabend des 46. Deutschen Jazzfestivals Frankfurt wird eine spannende Begegnung mit dem Free-Jazz-Trompeter und Bigband-Komponisten Michael Mantler. Unter der Leitung von Christoph Cech wird er das dreit\u00e4gige Festival am Donnerstag, 29. Oktober, im hr-Sendesaal er\u00f6ffnen. Der Festivalsamstag, 31. Oktober, steht ganz im Zeichen von\u2026","rel":"","context":"In &quot;Redaktionelle Nachrichten&quot;","block_context":{"text":"Redaktionelle Nachrichten","link":"https:\/\/www.jazzzeitung.de\/cms\/thema\/redaktion\/"},"img":{"alt_text":"\u00a9 HR\/Sascha Rheker\/attenzione","src":"https:\/\/i0.wp.com\/www.jazzzeitung.de\/cms\/wp-content\/uploads\/2015\/10\/michael-mantler-150x150.jpg?resize=350%2C200","width":350,"height":200},"classes":[]}],"jetpack_sharing_enabled":true,"_links":{"self":[{"href":"https:\/\/www.jazzzeitung.de\/cms\/wp-json\/wp\/v2\/posts\/2474","targetHints":{"allow":["GET"]}}],"collection":[{"href":"https:\/\/www.jazzzeitung.de\/cms\/wp-json\/wp\/v2\/posts"}],"about":[{"href":"https:\/\/www.jazzzeitung.de\/cms\/wp-json\/wp\/v2\/types\/post"}],"author":[{"embeddable":true,"href":"https:\/\/www.jazzzeitung.de\/cms\/wp-json\/wp\/v2\/users\/18"}],"replies":[{"embeddable":true,"href":"https:\/\/www.jazzzeitung.de\/cms\/wp-json\/wp\/v2\/comments?post=2474"}],"version-history":[{"count":6,"href":"https:\/\/www.jazzzeitung.de\/cms\/wp-json\/wp\/v2\/posts\/2474\/revisions"}],"predecessor-version":[{"id":2495,"href":"https:\/\/www.jazzzeitung.de\/cms\/wp-json\/wp\/v2\/posts\/2474\/revisions\/2495"}],"wp:attachment":[{"href":"https:\/\/www.jazzzeitung.de\/cms\/wp-json\/wp\/v2\/media?parent=2474"}],"wp:term":[{"taxonomy":"category","embeddable":true,"href":"https:\/\/www.jazzzeitung.de\/cms\/wp-json\/wp\/v2\/categories?post=2474"},{"taxonomy":"post_tag","embeddable":true,"href":"https:\/\/www.jazzzeitung.de\/cms\/wp-json\/wp\/v2\/tags?post=2474"},{"taxonomy":"author","embeddable":true,"href":"https:\/\/www.jazzzeitung.de\/cms\/wp-json\/wp\/v2\/coauthors?post=2474"}],"curies":[{"name":"wp","href":"https:\/\/api.w.org\/{rel}","templated":true}]}}