{"id":24737,"date":"2021-04-23T08:15:21","date_gmt":"2021-04-23T06:15:21","guid":{"rendered":"https:\/\/www.jazzzeitung.de\/cms\/?p=24737"},"modified":"2021-04-23T09:56:20","modified_gmt":"2021-04-23T07:56:20","slug":"rezensionen-johaenntgen-vatter-sclavis","status":"publish","type":"post","link":"https:\/\/www.jazzzeitung.de\/cms\/2021\/04\/rezensionen-johaenntgen-vatter-sclavis\/","title":{"rendered":"Rezensionen: Joh\u00e4nntgen \/ Vatter \/ Sclavis"},"content":{"rendered":"<p>Drei CDs in den Ohren von Rezensent Huflaikhan: Bei <strong>Nicole Joh\u00e4nntgen<\/strong>s \u201eHenry III\u201c \u201esaftelt sich da leicht \u00fcber den Dancefloor oder durch den musikalischen Kriechkeller\u201c. Bei <strong>Martin Vatter<\/strong>s \u201eHomeland\u201c muss \u201enicht immer alles eitel Dissonanz sein\u201c und <strong>Louis Sclavis<\/strong>&#8218; \u201eCharakters On A Wall\u201c wirkt &#8222;perforiert, angegriffen und angegangen. Sie kann die Weltschwierigkeiten nat\u00fcrlich nicht aufl\u00f6sen. Sie ist gezwungen, artistisch zu scheitern.\u201c<\/p>\n<p><strong>Nicole Joh\u00e4nntgen: Henry III [2021]<\/strong><\/p>\n<blockquote class=\"wp-embedded-content\" data-secret=\"30Jhp65LeG\"><p><a href=\"https:\/\/hoerbar.nmz.de\/2021\/04\/nicole-johaenntgen-henry-iii-2021\/\">Nicole Joh\u00e4nntgen: Henry III [2021]<\/a><\/p><\/blockquote>\n<p><iframe loading=\"lazy\" class=\"wp-embedded-content\" sandbox=\"allow-scripts\" security=\"restricted\" style=\"position: absolute; clip: rect(1px, 1px, 1px, 1px);\" title=\"&#8222;Nicole Joh\u00e4nntgen: Henry III [2021]&#8220; &#8212; H\u00f6rBar der nmz\" src=\"https:\/\/hoerbar.nmz.de\/2021\/04\/nicole-johaenntgen-henry-iii-2021\/embed\/#?secret=30Jhp65LeG\" data-secret=\"30Jhp65LeG\" width=\"600\" height=\"338\" frameborder=\"0\" marginwidth=\"0\" marginheight=\"0\" scrolling=\"no\"><\/iframe><\/p>\n<p><strong>Martin Vatter: Homeland (2019)<\/strong><\/p>\n<blockquote class=\"wp-embedded-content\" data-secret=\"XCHGfxTj6g\"><p><a href=\"https:\/\/hoerbar.nmz.de\/2021\/04\/martin-vatter-homeland-2018\/\">Martin Vatter: Homeland (2018)<\/a><\/p><\/blockquote>\n<p><iframe loading=\"lazy\" class=\"wp-embedded-content\" sandbox=\"allow-scripts\" security=\"restricted\" style=\"position: absolute; clip: rect(1px, 1px, 1px, 1px);\" title=\"&#8222;Martin Vatter: Homeland (2018)&#8220; &#8212; H\u00f6rBar der nmz\" src=\"https:\/\/hoerbar.nmz.de\/2021\/04\/martin-vatter-homeland-2018\/embed\/#?secret=XCHGfxTj6g\" data-secret=\"XCHGfxTj6g\" width=\"600\" height=\"338\" frameborder=\"0\" marginwidth=\"0\" marginheight=\"0\" scrolling=\"no\"><\/iframe><\/p>\n<p><strong>Louis Sclavis: Characters On A Wall (2019)<\/strong><\/p>\n<blockquote class=\"wp-embedded-content\" data-secret=\"6XhpOdrvu1\"><p><a href=\"https:\/\/hoerbar.nmz.de\/2021\/04\/louis-sclavis-characters-on-a-wall-2019\/\">Louis Sclavis: Characters On A Wall (2019)<\/a><\/p><\/blockquote>\n<p><iframe loading=\"lazy\" class=\"wp-embedded-content\" sandbox=\"allow-scripts\" security=\"restricted\" style=\"position: absolute; clip: rect(1px, 1px, 1px, 1px);\" title=\"&#8222;Louis Sclavis: Characters On A Wall (2019)&#8220; &#8212; H\u00f6rBar der nmz\" src=\"https:\/\/hoerbar.nmz.de\/2021\/04\/louis-sclavis-characters-on-a-wall-2019\/embed\/#?secret=6XhpOdrvu1\" data-secret=\"6XhpOdrvu1\" width=\"600\" height=\"338\" frameborder=\"0\" marginwidth=\"0\" marginheight=\"0\" scrolling=\"no\"><\/iframe><\/p>\n<p>&nbsp;<\/p>\n<p>&nbsp;<\/p>\n","protected":false},"excerpt":{"rendered":"<p>Drei CDs in den Ohren von Rezensent Huflaikhan: Bei Nicole Joh\u00e4nntgens \u201eHenry III\u201c \u201esaftelt sich da leicht \u00fcber den Dancefloor oder durch den musikalischen Kriechkeller\u201c. Bei Martin Vatters \u201eHomeland\u201c muss \u201enicht immer alles eitel Dissonanz sein\u201c und Louis Sclavis&#8216; \u201eCharakters On A Wall\u201c wirkt &#8222;perforiert, angegriffen und angegangen. Sie kann die Weltschwierigkeiten nat\u00fcrlich nicht aufl\u00f6sen. Sie ist gezwungen, artistisch zu scheitern.\u201c<\/p>\n","protected":false},"author":2,"featured_media":24741,"comment_status":"open","ping_status":"closed","sticky":false,"template":"","format":"standard","meta":{"_jetpack_memberships_contains_paid_content":false,"footnotes":"","jetpack_publicize_message":"","jetpack_publicize_feature_enabled":true,"jetpack_social_post_already_shared":false,"jetpack_social_options":{"image_generator_settings":{"template":"highway","default_image_id":0,"font":"","enabled":false},"version":2}},"categories":[1152],"tags":[1485,2738,838,3382,796],"coauthors":[680],"class_list":["post-24737","post","type-post","status-publish","format-standard","has-post-thumbnail","hentry","category-rezension","tag-cd-rezension","tag-hoerbar-der-nmz","tag-louis-sclavis","tag-martin-vatter","tag-nicole-johaenntgen"],"yoast_head":"<!-- This site is optimized with the Yoast SEO plugin v27.5 - https:\/\/yoast.com\/product\/yoast-seo-wordpress\/ -->\n<title>Rezensionen: Joh\u00e4nntgen \/ Vatter \/ Sclavis - JazzZeitung<\/title>\n<meta name=\"robots\" content=\"index, follow, max-snippet:-1, max-image-preview:large, max-video-preview:-1\" \/>\n<link rel=\"canonical\" href=\"https:\/\/www.jazzzeitung.de\/cms\/2021\/04\/rezensionen-johaenntgen-vatter-sclavis\/\" \/>\n<meta property=\"og:locale\" content=\"de_DE\" \/>\n<meta property=\"og:type\" content=\"article\" \/>\n<meta property=\"og:title\" content=\"Rezensionen: Joh\u00e4nntgen \/ Vatter \/ Sclavis - JazzZeitung\" \/>\n<meta property=\"og:description\" content=\"Drei CDs in den Ohren von Rezensent Huflaikhan: Bei Nicole Joh\u00e4nntgens \u201eHenry III\u201c \u201esaftelt sich da leicht \u00fcber den Dancefloor oder durch den musikalischen Kriechkeller\u201c. Bei Martin Vatters \u201eHomeland\u201c muss \u201enicht immer alles eitel Dissonanz sein\u201c und Louis Sclavis&#039; \u201eCharakters On A Wall\u201c wirkt &quot;perforiert, angegriffen und angegangen. Sie kann die Weltschwierigkeiten nat\u00fcrlich nicht aufl\u00f6sen. Sie ist gezwungen, artistisch zu scheitern.\u201c\" \/>\n<meta property=\"og:url\" content=\"https:\/\/www.jazzzeitung.de\/cms\/2021\/04\/rezensionen-johaenntgen-vatter-sclavis\/\" \/>\n<meta property=\"og:site_name\" content=\"JazzZeitung\" \/>\n<meta property=\"article:publisher\" content=\"https:\/\/www.facebook.com\/JazzZeitung\/\" \/>\n<meta property=\"article:author\" content=\"https:\/\/www.facebook.com\/hufner\" \/>\n<meta property=\"article:published_time\" content=\"2021-04-23T06:15:21+00:00\" \/>\n<meta property=\"article:modified_time\" content=\"2021-04-23T07:56:20+00:00\" \/>\n<meta property=\"og:image\" content=\"https:\/\/www.jazzzeitung.de\/cms\/wp-content\/uploads\/2021\/04\/hoerbar_jazz_04_01-857x600.jpg\" \/>\n\t<meta property=\"og:image:width\" content=\"857\" \/>\n\t<meta property=\"og:image:height\" content=\"600\" \/>\n\t<meta property=\"og:image:type\" content=\"image\/jpeg\" \/>\n<meta name=\"author\" content=\"Huflaikhan\" \/>\n<script type=\"application\/ld+json\" class=\"yoast-schema-graph\">{\"@context\":\"https:\\\/\\\/schema.org\",\"@graph\":[{\"@type\":\"Article\",\"@id\":\"https:\\\/\\\/www.jazzzeitung.de\\\/cms\\\/2021\\\/04\\\/rezensionen-johaenntgen-vatter-sclavis\\\/#article\",\"isPartOf\":{\"@id\":\"https:\\\/\\\/www.jazzzeitung.de\\\/cms\\\/2021\\\/04\\\/rezensionen-johaenntgen-vatter-sclavis\\\/\"},\"author\":{\"name\":\"Huflaikhan\",\"@id\":\"https:\\\/\\\/www.jazzzeitung.de\\\/cms\\\/#\\\/schema\\\/person\\\/1ba404714b9455401502bc409a7df45e\"},\"headline\":\"Rezensionen: Joh\u00e4nntgen \\\/ Vatter \\\/ Sclavis\",\"datePublished\":\"2021-04-23T06:15:21+00:00\",\"dateModified\":\"2021-04-23T07:56:20+00:00\",\"mainEntityOfPage\":{\"@id\":\"https:\\\/\\\/www.jazzzeitung.de\\\/cms\\\/2021\\\/04\\\/rezensionen-johaenntgen-vatter-sclavis\\\/\"},\"wordCount\":100,\"commentCount\":0,\"publisher\":{\"@id\":\"https:\\\/\\\/www.jazzzeitung.de\\\/cms\\\/#organization\"},\"image\":{\"@id\":\"https:\\\/\\\/www.jazzzeitung.de\\\/cms\\\/2021\\\/04\\\/rezensionen-johaenntgen-vatter-sclavis\\\/#primaryimage\"},\"thumbnailUrl\":\"https:\\\/\\\/i0.wp.com\\\/www.jazzzeitung.de\\\/cms\\\/wp-content\\\/uploads\\\/2021\\\/04\\\/hoerbar_jazz_04_01.jpg?fit=2400%2C1680&ssl=1\",\"keywords\":[\"CD-Rezension\",\"H\u00f6rBar der nmz\",\"Louis Sclavis\",\"Martin Vatter\",\"Nicole Joh\u00e4nntgen\"],\"articleSection\":[\"Rezension\"],\"inLanguage\":\"de\",\"potentialAction\":[{\"@type\":\"CommentAction\",\"name\":\"Comment\",\"target\":[\"https:\\\/\\\/www.jazzzeitung.de\\\/cms\\\/2021\\\/04\\\/rezensionen-johaenntgen-vatter-sclavis\\\/#respond\"]}]},{\"@type\":\"WebPage\",\"@id\":\"https:\\\/\\\/www.jazzzeitung.de\\\/cms\\\/2021\\\/04\\\/rezensionen-johaenntgen-vatter-sclavis\\\/\",\"url\":\"https:\\\/\\\/www.jazzzeitung.de\\\/cms\\\/2021\\\/04\\\/rezensionen-johaenntgen-vatter-sclavis\\\/\",\"name\":\"Rezensionen: Joh\u00e4nntgen \\\/ Vatter \\\/ Sclavis - JazzZeitung\",\"isPartOf\":{\"@id\":\"https:\\\/\\\/www.jazzzeitung.de\\\/cms\\\/#website\"},\"primaryImageOfPage\":{\"@id\":\"https:\\\/\\\/www.jazzzeitung.de\\\/cms\\\/2021\\\/04\\\/rezensionen-johaenntgen-vatter-sclavis\\\/#primaryimage\"},\"image\":{\"@id\":\"https:\\\/\\\/www.jazzzeitung.de\\\/cms\\\/2021\\\/04\\\/rezensionen-johaenntgen-vatter-sclavis\\\/#primaryimage\"},\"thumbnailUrl\":\"https:\\\/\\\/i0.wp.com\\\/www.jazzzeitung.de\\\/cms\\\/wp-content\\\/uploads\\\/2021\\\/04\\\/hoerbar_jazz_04_01.jpg?fit=2400%2C1680&ssl=1\",\"datePublished\":\"2021-04-23T06:15:21+00:00\",\"dateModified\":\"2021-04-23T07:56:20+00:00\",\"breadcrumb\":{\"@id\":\"https:\\\/\\\/www.jazzzeitung.de\\\/cms\\\/2021\\\/04\\\/rezensionen-johaenntgen-vatter-sclavis\\\/#breadcrumb\"},\"inLanguage\":\"de\",\"potentialAction\":[{\"@type\":\"ReadAction\",\"target\":[\"https:\\\/\\\/www.jazzzeitung.de\\\/cms\\\/2021\\\/04\\\/rezensionen-johaenntgen-vatter-sclavis\\\/\"]}]},{\"@type\":\"ImageObject\",\"inLanguage\":\"de\",\"@id\":\"https:\\\/\\\/www.jazzzeitung.de\\\/cms\\\/2021\\\/04\\\/rezensionen-johaenntgen-vatter-sclavis\\\/#primaryimage\",\"url\":\"https:\\\/\\\/i0.wp.com\\\/www.jazzzeitung.de\\\/cms\\\/wp-content\\\/uploads\\\/2021\\\/04\\\/hoerbar_jazz_04_01.jpg?fit=2400%2C1680&ssl=1\",\"contentUrl\":\"https:\\\/\\\/i0.wp.com\\\/www.jazzzeitung.de\\\/cms\\\/wp-content\\\/uploads\\\/2021\\\/04\\\/hoerbar_jazz_04_01.jpg?fit=2400%2C1680&ssl=1\",\"width\":2400,\"height\":1680,\"caption\":\"Rezensionen: Joh\u00e4nntgen \\\/ Vatter \\\/ Sclavis\"},{\"@type\":\"BreadcrumbList\",\"@id\":\"https:\\\/\\\/www.jazzzeitung.de\\\/cms\\\/2021\\\/04\\\/rezensionen-johaenntgen-vatter-sclavis\\\/#breadcrumb\",\"itemListElement\":[{\"@type\":\"ListItem\",\"position\":1,\"name\":\"Startseite\",\"item\":\"https:\\\/\\\/www.jazzzeitung.de\\\/cms\\\/\"},{\"@type\":\"ListItem\",\"position\":2,\"name\":\"Rezensionen: Joh\u00e4nntgen \\\/ Vatter \\\/ Sclavis\"}]},{\"@type\":\"WebSite\",\"@id\":\"https:\\\/\\\/www.jazzzeitung.de\\\/cms\\\/#website\",\"url\":\"https:\\\/\\\/www.jazzzeitung.de\\\/cms\\\/\",\"name\":\"JazzZeitung\",\"description\":\"Jazz-News und Jazz-Kontroverses\",\"publisher\":{\"@id\":\"https:\\\/\\\/www.jazzzeitung.de\\\/cms\\\/#organization\"},\"potentialAction\":[{\"@type\":\"SearchAction\",\"target\":{\"@type\":\"EntryPoint\",\"urlTemplate\":\"https:\\\/\\\/www.jazzzeitung.de\\\/cms\\\/?s={search_term_string}\"},\"query-input\":{\"@type\":\"PropertyValueSpecification\",\"valueRequired\":true,\"valueName\":\"search_term_string\"}}],\"inLanguage\":\"de\"},{\"@type\":\"Organization\",\"@id\":\"https:\\\/\\\/www.jazzzeitung.de\\\/cms\\\/#organization\",\"name\":\"JazzZeitung online\",\"url\":\"https:\\\/\\\/www.jazzzeitung.de\\\/cms\\\/\",\"logo\":{\"@type\":\"ImageObject\",\"inLanguage\":\"de\",\"@id\":\"https:\\\/\\\/www.jazzzeitung.de\\\/cms\\\/#\\\/schema\\\/logo\\\/image\\\/\",\"url\":\"https:\\\/\\\/i0.wp.com\\\/www.jazzzeitung.de\\\/cms\\\/wp-content\\\/uploads\\\/2015\\\/08\\\/JAZZZEITUNGDE_Logo_Neu.png?fit=499%2C200&ssl=1\",\"contentUrl\":\"https:\\\/\\\/i0.wp.com\\\/www.jazzzeitung.de\\\/cms\\\/wp-content\\\/uploads\\\/2015\\\/08\\\/JAZZZEITUNGDE_Logo_Neu.png?fit=499%2C200&ssl=1\",\"width\":499,\"height\":200,\"caption\":\"JazzZeitung online\"},\"image\":{\"@id\":\"https:\\\/\\\/www.jazzzeitung.de\\\/cms\\\/#\\\/schema\\\/logo\\\/image\\\/\"},\"sameAs\":[\"https:\\\/\\\/www.facebook.com\\\/JazzZeitung\\\/\"]},{\"@type\":\"Person\",\"@id\":\"https:\\\/\\\/www.jazzzeitung.de\\\/cms\\\/#\\\/schema\\\/person\\\/1ba404714b9455401502bc409a7df45e\",\"name\":\"Huflaikhan\",\"image\":{\"@type\":\"ImageObject\",\"inLanguage\":\"de\",\"@id\":\"https:\\\/\\\/i0.wp.com\\\/www.jazzzeitung.de\\\/cms\\\/wp-content\\\/uploads\\\/2013\\\/11\\\/huf-06.jpg?resize=96%2C96&ssl=18afacd5aa7627f2840c013425f5a4164\",\"url\":\"https:\\\/\\\/i0.wp.com\\\/www.jazzzeitung.de\\\/cms\\\/wp-content\\\/uploads\\\/2013\\\/11\\\/huf-06.jpg?resize=96%2C96&ssl=1\",\"contentUrl\":\"https:\\\/\\\/i0.wp.com\\\/www.jazzzeitung.de\\\/cms\\\/wp-content\\\/uploads\\\/2013\\\/11\\\/huf-06.jpg?resize=96%2C96&ssl=1\",\"caption\":\"Huflaikhan\"},\"description\":\"Huflaikhan (aka Martin Hufner) hat Musikwissenschaft, Philosophie und Psychologie in Gie\u00dfen studiert und mit einer Arbeit \u00fcber Adorno und die Zw\u00f6lftontechnik promoviert. Seit 1995 ist er freiberuflich als Autor, Fotograf und Netzmacher unterwegs.\",\"sameAs\":[\"https:\\\/\\\/www.kritische-masse.de\\\/logbuch\",\"https:\\\/\\\/www.facebook.com\\\/hufner\"],\"url\":\"https:\\\/\\\/www.jazzzeitung.de\\\/cms\\\/author\\\/hufi\\\/\"}]}<\/script>\n<!-- \/ Yoast SEO plugin. -->","yoast_head_json":{"title":"Rezensionen: Joh\u00e4nntgen \/ Vatter \/ Sclavis - JazzZeitung","robots":{"index":"index","follow":"follow","max-snippet":"max-snippet:-1","max-image-preview":"max-image-preview:large","max-video-preview":"max-video-preview:-1"},"canonical":"https:\/\/www.jazzzeitung.de\/cms\/2021\/04\/rezensionen-johaenntgen-vatter-sclavis\/","og_locale":"de_DE","og_type":"article","og_title":"Rezensionen: Joh\u00e4nntgen \/ Vatter \/ Sclavis - JazzZeitung","og_description":"Drei CDs in den Ohren von Rezensent Huflaikhan: Bei Nicole Joh\u00e4nntgens \u201eHenry III\u201c \u201esaftelt sich da leicht \u00fcber den Dancefloor oder durch den musikalischen Kriechkeller\u201c. Bei Martin Vatters \u201eHomeland\u201c muss \u201enicht immer alles eitel Dissonanz sein\u201c und Louis Sclavis' \u201eCharakters On A Wall\u201c wirkt \"perforiert, angegriffen und angegangen. Sie kann die Weltschwierigkeiten nat\u00fcrlich nicht aufl\u00f6sen. Sie ist gezwungen, artistisch zu scheitern.\u201c","og_url":"https:\/\/www.jazzzeitung.de\/cms\/2021\/04\/rezensionen-johaenntgen-vatter-sclavis\/","og_site_name":"JazzZeitung","article_publisher":"https:\/\/www.facebook.com\/JazzZeitung\/","article_author":"https:\/\/www.facebook.com\/hufner","article_published_time":"2021-04-23T06:15:21+00:00","article_modified_time":"2021-04-23T07:56:20+00:00","og_image":[{"width":857,"height":600,"url":"https:\/\/www.jazzzeitung.de\/cms\/wp-content\/uploads\/2021\/04\/hoerbar_jazz_04_01-857x600.jpg","type":"image\/jpeg"}],"author":"Huflaikhan","schema":{"@context":"https:\/\/schema.org","@graph":[{"@type":"Article","@id":"https:\/\/www.jazzzeitung.de\/cms\/2021\/04\/rezensionen-johaenntgen-vatter-sclavis\/#article","isPartOf":{"@id":"https:\/\/www.jazzzeitung.de\/cms\/2021\/04\/rezensionen-johaenntgen-vatter-sclavis\/"},"author":{"name":"Huflaikhan","@id":"https:\/\/www.jazzzeitung.de\/cms\/#\/schema\/person\/1ba404714b9455401502bc409a7df45e"},"headline":"Rezensionen: Joh\u00e4nntgen \/ Vatter \/ Sclavis","datePublished":"2021-04-23T06:15:21+00:00","dateModified":"2021-04-23T07:56:20+00:00","mainEntityOfPage":{"@id":"https:\/\/www.jazzzeitung.de\/cms\/2021\/04\/rezensionen-johaenntgen-vatter-sclavis\/"},"wordCount":100,"commentCount":0,"publisher":{"@id":"https:\/\/www.jazzzeitung.de\/cms\/#organization"},"image":{"@id":"https:\/\/www.jazzzeitung.de\/cms\/2021\/04\/rezensionen-johaenntgen-vatter-sclavis\/#primaryimage"},"thumbnailUrl":"https:\/\/i0.wp.com\/www.jazzzeitung.de\/cms\/wp-content\/uploads\/2021\/04\/hoerbar_jazz_04_01.jpg?fit=2400%2C1680&ssl=1","keywords":["CD-Rezension","H\u00f6rBar der nmz","Louis Sclavis","Martin Vatter","Nicole Joh\u00e4nntgen"],"articleSection":["Rezension"],"inLanguage":"de","potentialAction":[{"@type":"CommentAction","name":"Comment","target":["https:\/\/www.jazzzeitung.de\/cms\/2021\/04\/rezensionen-johaenntgen-vatter-sclavis\/#respond"]}]},{"@type":"WebPage","@id":"https:\/\/www.jazzzeitung.de\/cms\/2021\/04\/rezensionen-johaenntgen-vatter-sclavis\/","url":"https:\/\/www.jazzzeitung.de\/cms\/2021\/04\/rezensionen-johaenntgen-vatter-sclavis\/","name":"Rezensionen: Joh\u00e4nntgen \/ Vatter \/ Sclavis - JazzZeitung","isPartOf":{"@id":"https:\/\/www.jazzzeitung.de\/cms\/#website"},"primaryImageOfPage":{"@id":"https:\/\/www.jazzzeitung.de\/cms\/2021\/04\/rezensionen-johaenntgen-vatter-sclavis\/#primaryimage"},"image":{"@id":"https:\/\/www.jazzzeitung.de\/cms\/2021\/04\/rezensionen-johaenntgen-vatter-sclavis\/#primaryimage"},"thumbnailUrl":"https:\/\/i0.wp.com\/www.jazzzeitung.de\/cms\/wp-content\/uploads\/2021\/04\/hoerbar_jazz_04_01.jpg?fit=2400%2C1680&ssl=1","datePublished":"2021-04-23T06:15:21+00:00","dateModified":"2021-04-23T07:56:20+00:00","breadcrumb":{"@id":"https:\/\/www.jazzzeitung.de\/cms\/2021\/04\/rezensionen-johaenntgen-vatter-sclavis\/#breadcrumb"},"inLanguage":"de","potentialAction":[{"@type":"ReadAction","target":["https:\/\/www.jazzzeitung.de\/cms\/2021\/04\/rezensionen-johaenntgen-vatter-sclavis\/"]}]},{"@type":"ImageObject","inLanguage":"de","@id":"https:\/\/www.jazzzeitung.de\/cms\/2021\/04\/rezensionen-johaenntgen-vatter-sclavis\/#primaryimage","url":"https:\/\/i0.wp.com\/www.jazzzeitung.de\/cms\/wp-content\/uploads\/2021\/04\/hoerbar_jazz_04_01.jpg?fit=2400%2C1680&ssl=1","contentUrl":"https:\/\/i0.wp.com\/www.jazzzeitung.de\/cms\/wp-content\/uploads\/2021\/04\/hoerbar_jazz_04_01.jpg?fit=2400%2C1680&ssl=1","width":2400,"height":1680,"caption":"Rezensionen: Joh\u00e4nntgen \/ Vatter \/ Sclavis"},{"@type":"BreadcrumbList","@id":"https:\/\/www.jazzzeitung.de\/cms\/2021\/04\/rezensionen-johaenntgen-vatter-sclavis\/#breadcrumb","itemListElement":[{"@type":"ListItem","position":1,"name":"Startseite","item":"https:\/\/www.jazzzeitung.de\/cms\/"},{"@type":"ListItem","position":2,"name":"Rezensionen: Joh\u00e4nntgen \/ Vatter \/ Sclavis"}]},{"@type":"WebSite","@id":"https:\/\/www.jazzzeitung.de\/cms\/#website","url":"https:\/\/www.jazzzeitung.de\/cms\/","name":"JazzZeitung","description":"Jazz-News und Jazz-Kontroverses","publisher":{"@id":"https:\/\/www.jazzzeitung.de\/cms\/#organization"},"potentialAction":[{"@type":"SearchAction","target":{"@type":"EntryPoint","urlTemplate":"https:\/\/www.jazzzeitung.de\/cms\/?s={search_term_string}"},"query-input":{"@type":"PropertyValueSpecification","valueRequired":true,"valueName":"search_term_string"}}],"inLanguage":"de"},{"@type":"Organization","@id":"https:\/\/www.jazzzeitung.de\/cms\/#organization","name":"JazzZeitung online","url":"https:\/\/www.jazzzeitung.de\/cms\/","logo":{"@type":"ImageObject","inLanguage":"de","@id":"https:\/\/www.jazzzeitung.de\/cms\/#\/schema\/logo\/image\/","url":"https:\/\/i0.wp.com\/www.jazzzeitung.de\/cms\/wp-content\/uploads\/2015\/08\/JAZZZEITUNGDE_Logo_Neu.png?fit=499%2C200&ssl=1","contentUrl":"https:\/\/i0.wp.com\/www.jazzzeitung.de\/cms\/wp-content\/uploads\/2015\/08\/JAZZZEITUNGDE_Logo_Neu.png?fit=499%2C200&ssl=1","width":499,"height":200,"caption":"JazzZeitung online"},"image":{"@id":"https:\/\/www.jazzzeitung.de\/cms\/#\/schema\/logo\/image\/"},"sameAs":["https:\/\/www.facebook.com\/JazzZeitung\/"]},{"@type":"Person","@id":"https:\/\/www.jazzzeitung.de\/cms\/#\/schema\/person\/1ba404714b9455401502bc409a7df45e","name":"Huflaikhan","image":{"@type":"ImageObject","inLanguage":"de","@id":"https:\/\/i0.wp.com\/www.jazzzeitung.de\/cms\/wp-content\/uploads\/2013\/11\/huf-06.jpg?resize=96%2C96&ssl=18afacd5aa7627f2840c013425f5a4164","url":"https:\/\/i0.wp.com\/www.jazzzeitung.de\/cms\/wp-content\/uploads\/2013\/11\/huf-06.jpg?resize=96%2C96&ssl=1","contentUrl":"https:\/\/i0.wp.com\/www.jazzzeitung.de\/cms\/wp-content\/uploads\/2013\/11\/huf-06.jpg?resize=96%2C96&ssl=1","caption":"Huflaikhan"},"description":"Huflaikhan (aka Martin Hufner) hat Musikwissenschaft, Philosophie und Psychologie in Gie\u00dfen studiert und mit einer Arbeit \u00fcber Adorno und die Zw\u00f6lftontechnik promoviert. Seit 1995 ist er freiberuflich als Autor, Fotograf und Netzmacher unterwegs.","sameAs":["https:\/\/www.kritische-masse.de\/logbuch","https:\/\/www.facebook.com\/hufner"],"url":"https:\/\/www.jazzzeitung.de\/cms\/author\/hufi\/"}]}},"wp-worthy-pixel":{"ignored":true,"public":null,"server":null,"url":null},"wp-worthy-type":"normal","jetpack_publicize_connections":[],"cc_featured_image_caption":{"caption_text":"Rezensionen: Joh\u00e4nntgen \/ Vatter \/ Sclavis","source_text":"","source_url":"https:\/\/hoerbar.nmz.de\/"},"jetpack_featured_media_url":"https:\/\/i0.wp.com\/www.jazzzeitung.de\/cms\/wp-content\/uploads\/2021\/04\/hoerbar_jazz_04_01.jpg?fit=2400%2C1680&ssl=1","jetpack_shortlink":"https:\/\/wp.me\/p3KEcT-6qZ","jetpack-related-posts":[{"id":24578,"url":"https:\/\/www.jazzzeitung.de\/cms\/2021\/03\/rezensionen-drei-big-bands-und-ein-quartett\/","url_meta":{"origin":24737,"position":0},"title":"Rezensionen: Drei Big Bands und ein Quartett","author":"Huflaikhan","date":"22. M\u00e4rz 2021","format":false,"excerpt":"Huflaikhan hat seine Ohren wieder etwas ge\u00f6ffnet und drei Big Band sowie das Simon Below Quartett f\u00fcr die H\u00f6rBar der nmz besprochen. Die Big Band-Konzepte sind wunderbar verschieden. Das Quartett spielt herrlich pr\u00e4zise und macht Genuss! Michael Leonhart Orchestra: Suite Extracts Vol. 1 [2019] The NuH[u]ssel Orchestra: The Forest [2019]\u2026","rel":"","context":"In &quot;Rezension&quot;","block_context":{"text":"Rezension","link":"https:\/\/www.jazzzeitung.de\/cms\/thema\/rezension\/"},"img":{"alt_text":"Huflaikhan hat seine Ohren wieder etwas ge\u00f6ffnet und drei Big Band sowie die Simon Below Quartett f\u00fcr die H\u00f6rBar der nmz besprochen.","src":"https:\/\/i0.wp.com\/www.jazzzeitung.de\/cms\/wp-content\/uploads\/2021\/03\/screenshot-hoerbar.nmz_.de-2021.03.21-12_29_49.png?fit=1147%2C464&ssl=1&resize=350%2C200","width":350,"height":200,"srcset":"https:\/\/i0.wp.com\/www.jazzzeitung.de\/cms\/wp-content\/uploads\/2021\/03\/screenshot-hoerbar.nmz_.de-2021.03.21-12_29_49.png?fit=1147%2C464&ssl=1&resize=350%2C200 1x, https:\/\/i0.wp.com\/www.jazzzeitung.de\/cms\/wp-content\/uploads\/2021\/03\/screenshot-hoerbar.nmz_.de-2021.03.21-12_29_49.png?fit=1147%2C464&ssl=1&resize=525%2C300 1.5x, https:\/\/i0.wp.com\/www.jazzzeitung.de\/cms\/wp-content\/uploads\/2021\/03\/screenshot-hoerbar.nmz_.de-2021.03.21-12_29_49.png?fit=1147%2C464&ssl=1&resize=700%2C400 2x, https:\/\/i0.wp.com\/www.jazzzeitung.de\/cms\/wp-content\/uploads\/2021\/03\/screenshot-hoerbar.nmz_.de-2021.03.21-12_29_49.png?fit=1147%2C464&ssl=1&resize=1050%2C600 3x"},"classes":[]},{"id":25446,"url":"https:\/\/www.jazzzeitung.de\/cms\/2021\/08\/aus-der-hoerbar-der-nmz-flat-earth-society-bis-fred-frith\/","url_meta":{"origin":24737,"position":1},"title":"Aus der H\u00f6rBar der nmz: Flat Earth Society bis Fred Frith","author":"Huflaikhan","date":"18. August 2021","format":false,"excerpt":"In den letzten Wochen hat sich Huflaikhan wieder einige CDs vorgenommen. Denn der Berg der Neuerscheinungen scheint endlos zu sein. In der H\u00f6rBar ist da manches durchaus sehr h\u00f6rbar. Und nicht alles ist so flach wie es verkauft wird. :) Die Reise geht von Belgien \u00fcber Wien und die Mittelmeerlanschaft\u2026","rel":"","context":"In &quot;Rezension&quot;","block_context":{"text":"Rezension","link":"https:\/\/www.jazzzeitung.de\/cms\/thema\/rezension\/"},"img":{"alt_text":"Listen to \u2026 Foto: Hufner","src":"https:\/\/i0.wp.com\/www.jazzzeitung.de\/cms\/wp-content\/uploads\/2021\/08\/listen_Button_c_hufner.jpg?fit=1200%2C900&ssl=1&resize=350%2C200","width":350,"height":200,"srcset":"https:\/\/i0.wp.com\/www.jazzzeitung.de\/cms\/wp-content\/uploads\/2021\/08\/listen_Button_c_hufner.jpg?fit=1200%2C900&ssl=1&resize=350%2C200 1x, https:\/\/i0.wp.com\/www.jazzzeitung.de\/cms\/wp-content\/uploads\/2021\/08\/listen_Button_c_hufner.jpg?fit=1200%2C900&ssl=1&resize=525%2C300 1.5x, https:\/\/i0.wp.com\/www.jazzzeitung.de\/cms\/wp-content\/uploads\/2021\/08\/listen_Button_c_hufner.jpg?fit=1200%2C900&ssl=1&resize=700%2C400 2x, https:\/\/i0.wp.com\/www.jazzzeitung.de\/cms\/wp-content\/uploads\/2021\/08\/listen_Button_c_hufner.jpg?fit=1200%2C900&ssl=1&resize=1050%2C600 3x"},"classes":[]},{"id":18631,"url":"https:\/\/www.jazzzeitung.de\/cms\/2019\/02\/schnelldurchlauf-jazz-cds-von-rainer-boehm-bis-chris-gall\/","url_meta":{"origin":24737,"position":2},"title":"Schnelldurchlauf: Jazz-CDs von Rainer B\u00f6hm bis Chris Gall","author":"Martin Hufner","date":"13. Februar 2019","format":false,"excerpt":"Jazz-CDs im Schnelldurchlauf. Skizzen von Martin Hufner. Lars Danielsson \u2013 Paolo Fresu: Summerwind ACT 9871-2 Rainer B\u00f6hm: H\u00fdd\u014dr (Piano Works XII) ACT 9761-2 Chris Gall: Room Of Silence (Piano Solo) EDITION COLLAGE EC 581-2 Travis, Fripp: Between The Silence (3 CD) Panegyric (Galileo Music Communication) Benedikt Koch Quintet: True In\u2026","rel":"","context":"In &quot;Rezension&quot;","block_context":{"text":"Rezension","link":"https:\/\/www.jazzzeitung.de\/cms\/thema\/rezension\/"},"img":{"alt_text":"Jazz CDs im Schnelldurchlauf.","src":"https:\/\/i0.wp.com\/www.jazzzeitung.de\/cms\/wp-content\/uploads\/2019\/02\/screenshot-hoerbar.nmz_.de-2019.02.12-14-11-49.png?fit=1148%2C505&ssl=1&resize=350%2C200","width":350,"height":200,"srcset":"https:\/\/i0.wp.com\/www.jazzzeitung.de\/cms\/wp-content\/uploads\/2019\/02\/screenshot-hoerbar.nmz_.de-2019.02.12-14-11-49.png?fit=1148%2C505&ssl=1&resize=350%2C200 1x, https:\/\/i0.wp.com\/www.jazzzeitung.de\/cms\/wp-content\/uploads\/2019\/02\/screenshot-hoerbar.nmz_.de-2019.02.12-14-11-49.png?fit=1148%2C505&ssl=1&resize=525%2C300 1.5x, https:\/\/i0.wp.com\/www.jazzzeitung.de\/cms\/wp-content\/uploads\/2019\/02\/screenshot-hoerbar.nmz_.de-2019.02.12-14-11-49.png?fit=1148%2C505&ssl=1&resize=700%2C400 2x, https:\/\/i0.wp.com\/www.jazzzeitung.de\/cms\/wp-content\/uploads\/2019\/02\/screenshot-hoerbar.nmz_.de-2019.02.12-14-11-49.png?fit=1148%2C505&ssl=1&resize=1050%2C600 3x"},"classes":[]},{"id":20612,"url":"https:\/\/www.jazzzeitung.de\/cms\/2019\/09\/schnelldurchlauf-jazz-cds-mit-bend-monder-und-anderen\/","url_meta":{"origin":24737,"position":3},"title":"Schnelldurchlauf: Jazz-CDs mit Ben Monder und anderen","author":"Martin Hufner","date":"5. September 2019","format":false,"excerpt":"Durch- und abgeh\u00f6rt hat Huflaikhan in der H\u00f6rbar der nmz: Michael Formanek \u2013 Elusion Quartet: Time like This (2018) Swiss Jazz Orchestra: Swiss Jazz Orchestra & Guillermo Klein (2019) Ben Monder: Day After Day (2019) Greg Reitan: West 6oth (2019) Denny Zeitlin: Remembering Miles (2019) Frederico Albanese: The Twelve (2019)\u2026","rel":"","context":"In &quot;Rezension&quot;","block_context":{"text":"Rezension","link":"https:\/\/www.jazzzeitung.de\/cms\/thema\/rezension\/"},"img":{"alt_text":"","src":"https:\/\/i0.wp.com\/www.jazzzeitung.de\/cms\/wp-content\/uploads\/2019\/09\/screenshot-hoerbar.nmz_.de-2019.09.04-09_35_31.png?fit=1133%2C565&ssl=1&resize=350%2C200","width":350,"height":200,"srcset":"https:\/\/i0.wp.com\/www.jazzzeitung.de\/cms\/wp-content\/uploads\/2019\/09\/screenshot-hoerbar.nmz_.de-2019.09.04-09_35_31.png?fit=1133%2C565&ssl=1&resize=350%2C200 1x, https:\/\/i0.wp.com\/www.jazzzeitung.de\/cms\/wp-content\/uploads\/2019\/09\/screenshot-hoerbar.nmz_.de-2019.09.04-09_35_31.png?fit=1133%2C565&ssl=1&resize=525%2C300 1.5x, https:\/\/i0.wp.com\/www.jazzzeitung.de\/cms\/wp-content\/uploads\/2019\/09\/screenshot-hoerbar.nmz_.de-2019.09.04-09_35_31.png?fit=1133%2C565&ssl=1&resize=700%2C400 2x, https:\/\/i0.wp.com\/www.jazzzeitung.de\/cms\/wp-content\/uploads\/2019\/09\/screenshot-hoerbar.nmz_.de-2019.09.04-09_35_31.png?fit=1133%2C565&ssl=1&resize=1050%2C600 3x"},"classes":[]},{"id":3143,"url":"https:\/\/www.jazzzeitung.de\/cms\/2013\/12\/bildergalerie-aki-takase-und-louis-sclavis\/","url_meta":{"origin":24737,"position":4},"title":"Bildergalerie: Aki Takase und Louis Sclavis","author":"Redaktion JazzZeitung","date":"13. Dezember 2013","format":"gallery","excerpt":"Und zum Wochende noch etwas zum Schauen: Eindr\u00fccke von einem kleinen intimen Konzert Anfang Dezember im Bayerischen Hof in M\u00fcnchen - fotografiert von Ralf Dombrowski.","rel":"","context":"In &quot;Galerie&quot;","block_context":{"text":"Galerie","link":"https:\/\/www.jazzzeitung.de\/cms\/thema\/galerie\/"},"img":{"alt_text":"","src":"https:\/\/i0.wp.com\/www.jazzzeitung.de\/cms\/wp-content\/uploads\/2013\/12\/Takase-1-dombr.jpg?resize=350%2C200","width":350,"height":200,"srcset":"https:\/\/i0.wp.com\/www.jazzzeitung.de\/cms\/wp-content\/uploads\/2013\/12\/Takase-1-dombr.jpg?resize=350%2C200 1x, https:\/\/i0.wp.com\/www.jazzzeitung.de\/cms\/wp-content\/uploads\/2013\/12\/Takase-1-dombr.jpg?resize=525%2C300 1.5x, https:\/\/i0.wp.com\/www.jazzzeitung.de\/cms\/wp-content\/uploads\/2013\/12\/Takase-1-dombr.jpg?resize=700%2C400 2x, https:\/\/i0.wp.com\/www.jazzzeitung.de\/cms\/wp-content\/uploads\/2013\/12\/Takase-1-dombr.jpg?resize=1050%2C600 3x"},"classes":[]},{"id":6888,"url":"https:\/\/www.jazzzeitung.de\/cms\/2015\/08\/nicole-johaenntgen-erhaelt-den-jti-trier-jazz-award\/","url_meta":{"origin":24737,"position":5},"title":"Nicole Joh\u00e4nntgen erh\u00e4lt den \u201eJTI Trier Jazz Award&#8220;","author":"Redaktion JazzZeitung","date":"26. August 2015","format":false,"excerpt":"Am 21.8. erhielt Nicole Joh\u00e4nntgen den \u201eJTI Trier Jazz Award\" 2015. \u201eJazz gespielt, als ob ihr Leben davon abhinge\u201c,\u201e\u2026sie lebt die Musik.\u201c, \u201eStarke Rhythmen, \u00fcberraschende Effekte, gekonnte Akzente\u201c, \u201eEnergetische Kaskaden\u201c \u2013 das sind nur einige Beschreibungen aus Presseberichten \u00fcber Nicole Joh\u00e4nntgen (33), der Preistr\u00e4gerin des \u201eJTI Trier Jazz Award\u201c, der\u2026","rel":"","context":"In &quot;News&quot;","block_context":{"text":"News","link":"https:\/\/www.jazzzeitung.de\/cms\/thema\/nachrichten\/"},"img":{"alt_text":"Nicole Joh\u00e4nntgen. Foto: JTI International Germany","src":"https:\/\/i0.wp.com\/www.jazzzeitung.de\/cms\/wp-content\/uploads\/2015\/08\/Nicole_Joh%C3%A4nntgen-700x467.jpg?resize=350%2C200","width":350,"height":200,"srcset":"https:\/\/i0.wp.com\/www.jazzzeitung.de\/cms\/wp-content\/uploads\/2015\/08\/Nicole_Joh%C3%A4nntgen-700x467.jpg?resize=350%2C200 1x, https:\/\/i0.wp.com\/www.jazzzeitung.de\/cms\/wp-content\/uploads\/2015\/08\/Nicole_Joh%C3%A4nntgen-700x467.jpg?resize=525%2C300 1.5x, https:\/\/i0.wp.com\/www.jazzzeitung.de\/cms\/wp-content\/uploads\/2015\/08\/Nicole_Joh%C3%A4nntgen-700x467.jpg?resize=700%2C400 2x"},"classes":[]}],"jetpack_sharing_enabled":true,"_links":{"self":[{"href":"https:\/\/www.jazzzeitung.de\/cms\/wp-json\/wp\/v2\/posts\/24737","targetHints":{"allow":["GET"]}}],"collection":[{"href":"https:\/\/www.jazzzeitung.de\/cms\/wp-json\/wp\/v2\/posts"}],"about":[{"href":"https:\/\/www.jazzzeitung.de\/cms\/wp-json\/wp\/v2\/types\/post"}],"author":[{"embeddable":true,"href":"https:\/\/www.jazzzeitung.de\/cms\/wp-json\/wp\/v2\/users\/2"}],"replies":[{"embeddable":true,"href":"https:\/\/www.jazzzeitung.de\/cms\/wp-json\/wp\/v2\/comments?post=24737"}],"version-history":[{"count":4,"href":"https:\/\/www.jazzzeitung.de\/cms\/wp-json\/wp\/v2\/posts\/24737\/revisions"}],"predecessor-version":[{"id":24745,"href":"https:\/\/www.jazzzeitung.de\/cms\/wp-json\/wp\/v2\/posts\/24737\/revisions\/24745"}],"wp:featuredmedia":[{"embeddable":true,"href":"https:\/\/www.jazzzeitung.de\/cms\/wp-json\/wp\/v2\/media\/24741"}],"wp:attachment":[{"href":"https:\/\/www.jazzzeitung.de\/cms\/wp-json\/wp\/v2\/media?parent=24737"}],"wp:term":[{"taxonomy":"category","embeddable":true,"href":"https:\/\/www.jazzzeitung.de\/cms\/wp-json\/wp\/v2\/categories?post=24737"},{"taxonomy":"post_tag","embeddable":true,"href":"https:\/\/www.jazzzeitung.de\/cms\/wp-json\/wp\/v2\/tags?post=24737"},{"taxonomy":"author","embeddable":true,"href":"https:\/\/www.jazzzeitung.de\/cms\/wp-json\/wp\/v2\/coauthors?post=24737"}],"curies":[{"name":"wp","href":"https:\/\/api.w.org\/{rel}","templated":true}]}}