{"id":24717,"date":"2021-04-15T12:48:43","date_gmt":"2021-04-15T10:48:43","guid":{"rendered":"https:\/\/www.jazzzeitung.de\/cms\/?p=24717"},"modified":"2021-04-15T14:22:06","modified_gmt":"2021-04-15T12:22:06","slug":"jazzposaunist-alexander-katz-verstarb-am-14-april-2021","status":"publish","type":"post","link":"https:\/\/www.jazzzeitung.de\/cms\/2021\/04\/jazzposaunist-alexander-katz-verstarb-am-14-april-2021\/","title":{"rendered":"Zum Tod des Swingposaunisten Alexander Katz"},"content":{"rendered":"<p><strong>Schrozberg.<\/strong> Alexander Katz wurde 1949 in Reutlingen geboren und erlernte mit 14 Jahren auf autodidaktische Weise das Posaunenspiel. Der talentierte Teenager leitete 1965 seine erste Jazzcombo und stand seit 1974 als Profi auf der B\u00fchne.<\/p>\n<p>1977 gr\u00fcndete \u201eAl Cat\u201c, wie er sich gerne nennen lie\u00df, \u201eAlexanders Swingtime Band\u201c, eine Big Band im Stil der schwarzen Orchester der sp\u00e4ten 30er Jahre. 1990 formierte Alexander Katz die \u201eEuropean Swing Stars\u201c, welche in wechselnden Besetzungen auf Tournee gingen. Vor zwei Jahrzehnten wurde von ihm die \u201eLouis Armmstrong Revival Band\u201c kreiert, die sich mit neun Musikern, davon mit drei Trompetern, dem Werk Satchmos widmeten. Dem Oldtime huldigte er auch mit seiner \u201eAlexander\u2019s Ragtime Band\u201c, hintersinnig benannt nach dem Hit von Irving Berlin.<\/p>\n<p>Nach eigenem Bekunden von Posaunist Katz war seine \u201ePhrasierung stark rhythmisch und riffartig gepr\u00e4gt\u201c, der Ton \u201esatt und voll\u201c. Die Liebe f\u00fcr den Big-Band-Jazz und dabei f\u00fcr den Improvisationsstil der Ellington-Band lie\u00dfe sich bei keinem seiner Soli verschweigen.<\/p>\n<p>Viele namhafte Stars und Pioniere des Jazz gingen mit dem auch vokal aktiven Alexander Katz auf Tournee oder spielten Schallplatten mit ihm ein. Beispielsweise\u00a0 die Trompeter Wild Bill Davison, Oscar Klein und Benny Bailey, die Klarinettisten Peanuts Hucko, Peter Schilperoort und Bob Wilber, die Saxophonisten Arnett Cobb, Buddy Tate, Benny Waters und Bud Freeman, der Posaunist Trummy Young (der mit Louis Armstrong in dem Hollywood-Streifen \u201eHigh Society\u201c zu erleben war), die Gitarristen Al Casey und Coco Schumann und viele mehr.<\/p>\n<p>Als der amerikanische Pop-Art-K\u00fcnstler Alex Katz 2011 in der Schw\u00e4bisch Haller Kunsthalle W\u00fcrth eine vielbeachtete Ausstellung hatte, spielte sinnigerweise sein Fast-Namensvetter Alexander Katz mit einem beherzt swingenden Quartett zur feierlichen Finissage auf.<\/p>\n<p>Das Oeuvre von Alexander Katz ist auf zahlreichen Tontr\u00e4gern dokumentiert, au\u00dferdem wirkte er in vielen TV-Shows mit. Zuletzt wohnte der umtriebige und stets zuvorkommende K\u00fcnstler in Schrozberg (Landkreis Schw\u00e4bisch Hall). Im September 2020 war \u201eCat Trombone\u201c noch in Stuttgart bei der Beerdigung der \u201eJazz Point\u201c-Plattenproduzentin Gerti Jankejova, an deren Grab seine Tochter Rebecca-Madeleine mit klassisch reinem Sopran sang.<\/p>\n<p>Nach langer Krankheit ist Alexander Katz am 14. April daheim in Schrozberg (Landkreis Schw\u00e4bisch Hall) friedlich eingeschlafen.<\/p>\n<p>Text und Bild: Hans Kumpf<\/p>\n","protected":false},"excerpt":{"rendered":"<p>Schrozberg. Alexander Katz wurde 1949 in Reutlingen geboren und erlernte mit 14 Jahren auf autodidaktische Weise das Posaunenspiel. Der talentierte Teenager leitete 1965 seine erste Jazzcombo und stand seit 1974 als Profi auf der B\u00fchne. 1977 gr\u00fcndete \u201eAl Cat\u201c, wie er sich gerne nennen lie\u00df, \u201eAlexanders Swingtime Band\u201c, eine Big Band im Stil der schwarzen Orchester der sp\u00e4ten 30er Jahre. 1990 formierte Alexander Katz die \u201eEuropean Swing Stars\u201c, welche in wechselnden Besetzungen auf Tournee gingen. Vor zwei Jahrzehnten wurde von ihm die \u201eLouis Armmstrong Revival Band\u201c kreiert, die sich mit neun Musikern, davon mit drei Trompetern, dem Werk Satchmos widmeten. Dem Oldtime huldigte er auch mit seiner \u201eAlexander\u2019s Ragtime Band\u201c, hintersinnig benannt nach dem Hit von Irving Berlin. Nach eigenem Bekunden von Posaunist Katz war seine \u201ePhrasierung stark rhythmisch und riffartig gepr\u00e4gt\u201c, der Ton \u201esatt und voll\u201c. Die Liebe f\u00fcr den Big-Band-Jazz und dabei f\u00fcr den Improvisationsstil der Ellington-Band lie\u00dfe sich bei keinem seiner Soli verschweigen. Viele namhafte Stars und Pioniere des Jazz gingen mit dem auch vokal aktiven Alexander Katz auf Tournee oder spielten Schallplatten mit ihm ein. Beispielsweise\u00a0 die Trompeter Wild Bill Davison, &hellip;<\/p>\n","protected":false},"author":18,"featured_media":24721,"comment_status":"open","ping_status":"closed","sticky":false,"template":"","format":"standard","meta":{"_jetpack_memberships_contains_paid_content":false,"footnotes":"","jetpack_publicize_message":"","jetpack_publicize_feature_enabled":true,"jetpack_social_post_already_shared":false,"jetpack_social_options":{"image_generator_settings":{"template":"highway","default_image_id":0,"font":"","enabled":false},"version":2}},"categories":[633,1063],"tags":[3379,1860,535,3380],"coauthors":[695],"class_list":["post-24717","post","type-post","status-publish","format-standard","has-post-thumbnail","hentry","category-nachrichten","category-portrait","tag-katz","tag-stuttgart","tag-swing","tag-traditional-jazz"],"yoast_head":"<!-- This site is optimized with the Yoast SEO plugin v27.4 - https:\/\/yoast.com\/product\/yoast-seo-wordpress\/ -->\n<title>Zum Tod des Swingposaunisten Alexander Katz - JazzZeitung<\/title>\n<meta name=\"robots\" content=\"index, follow, max-snippet:-1, max-image-preview:large, max-video-preview:-1\" \/>\n<link rel=\"canonical\" href=\"https:\/\/www.jazzzeitung.de\/cms\/2021\/04\/jazzposaunist-alexander-katz-verstarb-am-14-april-2021\/\" \/>\n<meta property=\"og:locale\" content=\"de_DE\" \/>\n<meta property=\"og:type\" content=\"article\" \/>\n<meta property=\"og:title\" content=\"Zum Tod des Swingposaunisten Alexander Katz - JazzZeitung\" \/>\n<meta property=\"og:description\" content=\"Schrozberg. Alexander Katz wurde 1949 in Reutlingen geboren und erlernte mit 14 Jahren auf autodidaktische Weise das Posaunenspiel. Der talentierte Teenager leitete 1965 seine erste Jazzcombo und stand seit 1974 als Profi auf der B\u00fchne. 1977 gr\u00fcndete \u201eAl Cat\u201c, wie er sich gerne nennen lie\u00df, \u201eAlexanders Swingtime Band\u201c, eine Big Band im Stil der schwarzen Orchester der sp\u00e4ten 30er Jahre. 1990 formierte Alexander Katz die \u201eEuropean Swing Stars\u201c, welche in wechselnden Besetzungen auf Tournee gingen. Vor zwei Jahrzehnten wurde von ihm die \u201eLouis Armmstrong Revival Band\u201c kreiert, die sich mit neun Musikern, davon mit drei Trompetern, dem Werk Satchmos widmeten. Dem Oldtime huldigte er auch mit seiner \u201eAlexander\u2019s Ragtime Band\u201c, hintersinnig benannt nach dem Hit von Irving Berlin. Nach eigenem Bekunden von Posaunist Katz war seine \u201ePhrasierung stark rhythmisch und riffartig gepr\u00e4gt\u201c, der Ton \u201esatt und voll\u201c. Die Liebe f\u00fcr den Big-Band-Jazz und dabei f\u00fcr den Improvisationsstil der Ellington-Band lie\u00dfe sich bei keinem seiner Soli verschweigen. Viele namhafte Stars und Pioniere des Jazz gingen mit dem auch vokal aktiven Alexander Katz auf Tournee oder spielten Schallplatten mit ihm ein. Beispielsweise\u00a0 die Trompeter Wild Bill Davison, &hellip;\" \/>\n<meta property=\"og:url\" content=\"https:\/\/www.jazzzeitung.de\/cms\/2021\/04\/jazzposaunist-alexander-katz-verstarb-am-14-april-2021\/\" \/>\n<meta property=\"og:site_name\" content=\"JazzZeitung\" \/>\n<meta property=\"article:publisher\" content=\"https:\/\/www.facebook.com\/JazzZeitung\/\" \/>\n<meta property=\"article:published_time\" content=\"2021-04-15T10:48:43+00:00\" \/>\n<meta property=\"article:modified_time\" content=\"2021-04-15T12:22:06+00:00\" \/>\n<meta property=\"og:image\" content=\"https:\/\/i0.wp.com\/www.jazzzeitung.de\/cms\/wp-content\/uploads\/2021\/04\/Katz-Alexander-tb-SHA11f-Kumpf-scaled.jpg?fit=2560%2C1748&ssl=1\" \/>\n\t<meta property=\"og:image:width\" content=\"2560\" \/>\n\t<meta property=\"og:image:height\" content=\"1748\" \/>\n\t<meta property=\"og:image:type\" content=\"image\/jpeg\" \/>\n<meta name=\"author\" content=\"Redaktion JazzZeitung\" \/>\n<script type=\"application\/ld+json\" class=\"yoast-schema-graph\">{\"@context\":\"https:\\\/\\\/schema.org\",\"@graph\":[{\"@type\":\"Article\",\"@id\":\"https:\\\/\\\/www.jazzzeitung.de\\\/cms\\\/2021\\\/04\\\/jazzposaunist-alexander-katz-verstarb-am-14-april-2021\\\/#article\",\"isPartOf\":{\"@id\":\"https:\\\/\\\/www.jazzzeitung.de\\\/cms\\\/2021\\\/04\\\/jazzposaunist-alexander-katz-verstarb-am-14-april-2021\\\/\"},\"author\":{\"name\":\"Redaktion JazzZeitung\",\"@id\":\"https:\\\/\\\/www.jazzzeitung.de\\\/cms\\\/#\\\/schema\\\/person\\\/2245b36b9cd1d24cea10f01c031fb92b\"},\"headline\":\"Zum Tod des Swingposaunisten Alexander Katz\",\"datePublished\":\"2021-04-15T10:48:43+00:00\",\"dateModified\":\"2021-04-15T12:22:06+00:00\",\"mainEntityOfPage\":{\"@id\":\"https:\\\/\\\/www.jazzzeitung.de\\\/cms\\\/2021\\\/04\\\/jazzposaunist-alexander-katz-verstarb-am-14-april-2021\\\/\"},\"wordCount\":362,\"commentCount\":0,\"publisher\":{\"@id\":\"https:\\\/\\\/www.jazzzeitung.de\\\/cms\\\/#organization\"},\"image\":{\"@id\":\"https:\\\/\\\/www.jazzzeitung.de\\\/cms\\\/2021\\\/04\\\/jazzposaunist-alexander-katz-verstarb-am-14-april-2021\\\/#primaryimage\"},\"thumbnailUrl\":\"https:\\\/\\\/i0.wp.com\\\/www.jazzzeitung.de\\\/cms\\\/wp-content\\\/uploads\\\/2021\\\/04\\\/Katz-Alexander-tb-SHA11f-Kumpf-scaled.jpg?fit=2560%2C1748&ssl=1\",\"keywords\":[\"Katz\",\"Stuttgart\",\"Swing\",\"Traditional Jazz\"],\"articleSection\":[\"News\",\"Portrait\"],\"inLanguage\":\"de\",\"potentialAction\":[{\"@type\":\"CommentAction\",\"name\":\"Comment\",\"target\":[\"https:\\\/\\\/www.jazzzeitung.de\\\/cms\\\/2021\\\/04\\\/jazzposaunist-alexander-katz-verstarb-am-14-april-2021\\\/#respond\"]}]},{\"@type\":\"WebPage\",\"@id\":\"https:\\\/\\\/www.jazzzeitung.de\\\/cms\\\/2021\\\/04\\\/jazzposaunist-alexander-katz-verstarb-am-14-april-2021\\\/\",\"url\":\"https:\\\/\\\/www.jazzzeitung.de\\\/cms\\\/2021\\\/04\\\/jazzposaunist-alexander-katz-verstarb-am-14-april-2021\\\/\",\"name\":\"Zum Tod des Swingposaunisten Alexander Katz - JazzZeitung\",\"isPartOf\":{\"@id\":\"https:\\\/\\\/www.jazzzeitung.de\\\/cms\\\/#website\"},\"primaryImageOfPage\":{\"@id\":\"https:\\\/\\\/www.jazzzeitung.de\\\/cms\\\/2021\\\/04\\\/jazzposaunist-alexander-katz-verstarb-am-14-april-2021\\\/#primaryimage\"},\"image\":{\"@id\":\"https:\\\/\\\/www.jazzzeitung.de\\\/cms\\\/2021\\\/04\\\/jazzposaunist-alexander-katz-verstarb-am-14-april-2021\\\/#primaryimage\"},\"thumbnailUrl\":\"https:\\\/\\\/i0.wp.com\\\/www.jazzzeitung.de\\\/cms\\\/wp-content\\\/uploads\\\/2021\\\/04\\\/Katz-Alexander-tb-SHA11f-Kumpf-scaled.jpg?fit=2560%2C1748&ssl=1\",\"datePublished\":\"2021-04-15T10:48:43+00:00\",\"dateModified\":\"2021-04-15T12:22:06+00:00\",\"breadcrumb\":{\"@id\":\"https:\\\/\\\/www.jazzzeitung.de\\\/cms\\\/2021\\\/04\\\/jazzposaunist-alexander-katz-verstarb-am-14-april-2021\\\/#breadcrumb\"},\"inLanguage\":\"de\",\"potentialAction\":[{\"@type\":\"ReadAction\",\"target\":[\"https:\\\/\\\/www.jazzzeitung.de\\\/cms\\\/2021\\\/04\\\/jazzposaunist-alexander-katz-verstarb-am-14-april-2021\\\/\"]}]},{\"@type\":\"ImageObject\",\"inLanguage\":\"de\",\"@id\":\"https:\\\/\\\/www.jazzzeitung.de\\\/cms\\\/2021\\\/04\\\/jazzposaunist-alexander-katz-verstarb-am-14-april-2021\\\/#primaryimage\",\"url\":\"https:\\\/\\\/i0.wp.com\\\/www.jazzzeitung.de\\\/cms\\\/wp-content\\\/uploads\\\/2021\\\/04\\\/Katz-Alexander-tb-SHA11f-Kumpf-scaled.jpg?fit=2560%2C1748&ssl=1\",\"contentUrl\":\"https:\\\/\\\/i0.wp.com\\\/www.jazzzeitung.de\\\/cms\\\/wp-content\\\/uploads\\\/2021\\\/04\\\/Katz-Alexander-tb-SHA11f-Kumpf-scaled.jpg?fit=2560%2C1748&ssl=1\",\"width\":2560,\"height\":1748},{\"@type\":\"BreadcrumbList\",\"@id\":\"https:\\\/\\\/www.jazzzeitung.de\\\/cms\\\/2021\\\/04\\\/jazzposaunist-alexander-katz-verstarb-am-14-april-2021\\\/#breadcrumb\",\"itemListElement\":[{\"@type\":\"ListItem\",\"position\":1,\"name\":\"Startseite\",\"item\":\"https:\\\/\\\/www.jazzzeitung.de\\\/cms\\\/\"},{\"@type\":\"ListItem\",\"position\":2,\"name\":\"Zum Tod des Swingposaunisten Alexander Katz\"}]},{\"@type\":\"WebSite\",\"@id\":\"https:\\\/\\\/www.jazzzeitung.de\\\/cms\\\/#website\",\"url\":\"https:\\\/\\\/www.jazzzeitung.de\\\/cms\\\/\",\"name\":\"JazzZeitung\",\"description\":\"Jazz-News und Jazz-Kontroverses\",\"publisher\":{\"@id\":\"https:\\\/\\\/www.jazzzeitung.de\\\/cms\\\/#organization\"},\"potentialAction\":[{\"@type\":\"SearchAction\",\"target\":{\"@type\":\"EntryPoint\",\"urlTemplate\":\"https:\\\/\\\/www.jazzzeitung.de\\\/cms\\\/?s={search_term_string}\"},\"query-input\":{\"@type\":\"PropertyValueSpecification\",\"valueRequired\":true,\"valueName\":\"search_term_string\"}}],\"inLanguage\":\"de\"},{\"@type\":\"Organization\",\"@id\":\"https:\\\/\\\/www.jazzzeitung.de\\\/cms\\\/#organization\",\"name\":\"JazzZeitung online\",\"url\":\"https:\\\/\\\/www.jazzzeitung.de\\\/cms\\\/\",\"logo\":{\"@type\":\"ImageObject\",\"inLanguage\":\"de\",\"@id\":\"https:\\\/\\\/www.jazzzeitung.de\\\/cms\\\/#\\\/schema\\\/logo\\\/image\\\/\",\"url\":\"https:\\\/\\\/i0.wp.com\\\/www.jazzzeitung.de\\\/cms\\\/wp-content\\\/uploads\\\/2015\\\/08\\\/JAZZZEITUNGDE_Logo_Neu.png?fit=499%2C200&ssl=1\",\"contentUrl\":\"https:\\\/\\\/i0.wp.com\\\/www.jazzzeitung.de\\\/cms\\\/wp-content\\\/uploads\\\/2015\\\/08\\\/JAZZZEITUNGDE_Logo_Neu.png?fit=499%2C200&ssl=1\",\"width\":499,\"height\":200,\"caption\":\"JazzZeitung online\"},\"image\":{\"@id\":\"https:\\\/\\\/www.jazzzeitung.de\\\/cms\\\/#\\\/schema\\\/logo\\\/image\\\/\"},\"sameAs\":[\"https:\\\/\\\/www.facebook.com\\\/JazzZeitung\\\/\"]},{\"@type\":\"Person\",\"@id\":\"https:\\\/\\\/www.jazzzeitung.de\\\/cms\\\/#\\\/schema\\\/person\\\/2245b36b9cd1d24cea10f01c031fb92b\",\"name\":\"Redaktion JazzZeitung\",\"image\":{\"@type\":\"ImageObject\",\"inLanguage\":\"de\",\"@id\":\"https:\\\/\\\/i0.wp.com\\\/www.jazzzeitung.de\\\/cms\\\/wp-content\\\/uploads\\\/2015\\\/08\\\/JAZZZEITUNGDE_Logo_Neu.png?resize=96%2C96&ssl=159975dcacb611b5700bd619b5daf0a7a\",\"url\":\"https:\\\/\\\/i0.wp.com\\\/www.jazzzeitung.de\\\/cms\\\/wp-content\\\/uploads\\\/2015\\\/08\\\/JAZZZEITUNGDE_Logo_Neu.png?resize=96%2C96&ssl=1\",\"contentUrl\":\"https:\\\/\\\/i0.wp.com\\\/www.jazzzeitung.de\\\/cms\\\/wp-content\\\/uploads\\\/2015\\\/08\\\/JAZZZEITUNGDE_Logo_Neu.png?resize=96%2C96&ssl=1\",\"caption\":\"Redaktion JazzZeitung\"},\"description\":\"Artikel der Redaktion der JazzZeitung.\",\"sameAs\":[\"http:\\\/\\\/www.jazzzeitung.de\\\/cms\\\/\"],\"url\":\"https:\\\/\\\/www.jazzzeitung.de\\\/cms\\\/author\\\/redaktion\\\/\"}]}<\/script>\n<!-- \/ Yoast SEO plugin. -->","yoast_head_json":{"title":"Zum Tod des Swingposaunisten Alexander Katz - JazzZeitung","robots":{"index":"index","follow":"follow","max-snippet":"max-snippet:-1","max-image-preview":"max-image-preview:large","max-video-preview":"max-video-preview:-1"},"canonical":"https:\/\/www.jazzzeitung.de\/cms\/2021\/04\/jazzposaunist-alexander-katz-verstarb-am-14-april-2021\/","og_locale":"de_DE","og_type":"article","og_title":"Zum Tod des Swingposaunisten Alexander Katz - JazzZeitung","og_description":"Schrozberg. Alexander Katz wurde 1949 in Reutlingen geboren und erlernte mit 14 Jahren auf autodidaktische Weise das Posaunenspiel. Der talentierte Teenager leitete 1965 seine erste Jazzcombo und stand seit 1974 als Profi auf der B\u00fchne. 1977 gr\u00fcndete \u201eAl Cat\u201c, wie er sich gerne nennen lie\u00df, \u201eAlexanders Swingtime Band\u201c, eine Big Band im Stil der schwarzen Orchester der sp\u00e4ten 30er Jahre. 1990 formierte Alexander Katz die \u201eEuropean Swing Stars\u201c, welche in wechselnden Besetzungen auf Tournee gingen. Vor zwei Jahrzehnten wurde von ihm die \u201eLouis Armmstrong Revival Band\u201c kreiert, die sich mit neun Musikern, davon mit drei Trompetern, dem Werk Satchmos widmeten. Dem Oldtime huldigte er auch mit seiner \u201eAlexander\u2019s Ragtime Band\u201c, hintersinnig benannt nach dem Hit von Irving Berlin. Nach eigenem Bekunden von Posaunist Katz war seine \u201ePhrasierung stark rhythmisch und riffartig gepr\u00e4gt\u201c, der Ton \u201esatt und voll\u201c. Die Liebe f\u00fcr den Big-Band-Jazz und dabei f\u00fcr den Improvisationsstil der Ellington-Band lie\u00dfe sich bei keinem seiner Soli verschweigen. Viele namhafte Stars und Pioniere des Jazz gingen mit dem auch vokal aktiven Alexander Katz auf Tournee oder spielten Schallplatten mit ihm ein. Beispielsweise\u00a0 die Trompeter Wild Bill Davison, &hellip;","og_url":"https:\/\/www.jazzzeitung.de\/cms\/2021\/04\/jazzposaunist-alexander-katz-verstarb-am-14-april-2021\/","og_site_name":"JazzZeitung","article_publisher":"https:\/\/www.facebook.com\/JazzZeitung\/","article_published_time":"2021-04-15T10:48:43+00:00","article_modified_time":"2021-04-15T12:22:06+00:00","og_image":[{"width":2560,"height":1748,"url":"https:\/\/i0.wp.com\/www.jazzzeitung.de\/cms\/wp-content\/uploads\/2021\/04\/Katz-Alexander-tb-SHA11f-Kumpf-scaled.jpg?fit=2560%2C1748&ssl=1","type":"image\/jpeg"}],"author":"Redaktion JazzZeitung","schema":{"@context":"https:\/\/schema.org","@graph":[{"@type":"Article","@id":"https:\/\/www.jazzzeitung.de\/cms\/2021\/04\/jazzposaunist-alexander-katz-verstarb-am-14-april-2021\/#article","isPartOf":{"@id":"https:\/\/www.jazzzeitung.de\/cms\/2021\/04\/jazzposaunist-alexander-katz-verstarb-am-14-april-2021\/"},"author":{"name":"Redaktion JazzZeitung","@id":"https:\/\/www.jazzzeitung.de\/cms\/#\/schema\/person\/2245b36b9cd1d24cea10f01c031fb92b"},"headline":"Zum Tod des Swingposaunisten Alexander Katz","datePublished":"2021-04-15T10:48:43+00:00","dateModified":"2021-04-15T12:22:06+00:00","mainEntityOfPage":{"@id":"https:\/\/www.jazzzeitung.de\/cms\/2021\/04\/jazzposaunist-alexander-katz-verstarb-am-14-april-2021\/"},"wordCount":362,"commentCount":0,"publisher":{"@id":"https:\/\/www.jazzzeitung.de\/cms\/#organization"},"image":{"@id":"https:\/\/www.jazzzeitung.de\/cms\/2021\/04\/jazzposaunist-alexander-katz-verstarb-am-14-april-2021\/#primaryimage"},"thumbnailUrl":"https:\/\/i0.wp.com\/www.jazzzeitung.de\/cms\/wp-content\/uploads\/2021\/04\/Katz-Alexander-tb-SHA11f-Kumpf-scaled.jpg?fit=2560%2C1748&ssl=1","keywords":["Katz","Stuttgart","Swing","Traditional Jazz"],"articleSection":["News","Portrait"],"inLanguage":"de","potentialAction":[{"@type":"CommentAction","name":"Comment","target":["https:\/\/www.jazzzeitung.de\/cms\/2021\/04\/jazzposaunist-alexander-katz-verstarb-am-14-april-2021\/#respond"]}]},{"@type":"WebPage","@id":"https:\/\/www.jazzzeitung.de\/cms\/2021\/04\/jazzposaunist-alexander-katz-verstarb-am-14-april-2021\/","url":"https:\/\/www.jazzzeitung.de\/cms\/2021\/04\/jazzposaunist-alexander-katz-verstarb-am-14-april-2021\/","name":"Zum Tod des Swingposaunisten Alexander Katz - JazzZeitung","isPartOf":{"@id":"https:\/\/www.jazzzeitung.de\/cms\/#website"},"primaryImageOfPage":{"@id":"https:\/\/www.jazzzeitung.de\/cms\/2021\/04\/jazzposaunist-alexander-katz-verstarb-am-14-april-2021\/#primaryimage"},"image":{"@id":"https:\/\/www.jazzzeitung.de\/cms\/2021\/04\/jazzposaunist-alexander-katz-verstarb-am-14-april-2021\/#primaryimage"},"thumbnailUrl":"https:\/\/i0.wp.com\/www.jazzzeitung.de\/cms\/wp-content\/uploads\/2021\/04\/Katz-Alexander-tb-SHA11f-Kumpf-scaled.jpg?fit=2560%2C1748&ssl=1","datePublished":"2021-04-15T10:48:43+00:00","dateModified":"2021-04-15T12:22:06+00:00","breadcrumb":{"@id":"https:\/\/www.jazzzeitung.de\/cms\/2021\/04\/jazzposaunist-alexander-katz-verstarb-am-14-april-2021\/#breadcrumb"},"inLanguage":"de","potentialAction":[{"@type":"ReadAction","target":["https:\/\/www.jazzzeitung.de\/cms\/2021\/04\/jazzposaunist-alexander-katz-verstarb-am-14-april-2021\/"]}]},{"@type":"ImageObject","inLanguage":"de","@id":"https:\/\/www.jazzzeitung.de\/cms\/2021\/04\/jazzposaunist-alexander-katz-verstarb-am-14-april-2021\/#primaryimage","url":"https:\/\/i0.wp.com\/www.jazzzeitung.de\/cms\/wp-content\/uploads\/2021\/04\/Katz-Alexander-tb-SHA11f-Kumpf-scaled.jpg?fit=2560%2C1748&ssl=1","contentUrl":"https:\/\/i0.wp.com\/www.jazzzeitung.de\/cms\/wp-content\/uploads\/2021\/04\/Katz-Alexander-tb-SHA11f-Kumpf-scaled.jpg?fit=2560%2C1748&ssl=1","width":2560,"height":1748},{"@type":"BreadcrumbList","@id":"https:\/\/www.jazzzeitung.de\/cms\/2021\/04\/jazzposaunist-alexander-katz-verstarb-am-14-april-2021\/#breadcrumb","itemListElement":[{"@type":"ListItem","position":1,"name":"Startseite","item":"https:\/\/www.jazzzeitung.de\/cms\/"},{"@type":"ListItem","position":2,"name":"Zum Tod des Swingposaunisten Alexander Katz"}]},{"@type":"WebSite","@id":"https:\/\/www.jazzzeitung.de\/cms\/#website","url":"https:\/\/www.jazzzeitung.de\/cms\/","name":"JazzZeitung","description":"Jazz-News und Jazz-Kontroverses","publisher":{"@id":"https:\/\/www.jazzzeitung.de\/cms\/#organization"},"potentialAction":[{"@type":"SearchAction","target":{"@type":"EntryPoint","urlTemplate":"https:\/\/www.jazzzeitung.de\/cms\/?s={search_term_string}"},"query-input":{"@type":"PropertyValueSpecification","valueRequired":true,"valueName":"search_term_string"}}],"inLanguage":"de"},{"@type":"Organization","@id":"https:\/\/www.jazzzeitung.de\/cms\/#organization","name":"JazzZeitung online","url":"https:\/\/www.jazzzeitung.de\/cms\/","logo":{"@type":"ImageObject","inLanguage":"de","@id":"https:\/\/www.jazzzeitung.de\/cms\/#\/schema\/logo\/image\/","url":"https:\/\/i0.wp.com\/www.jazzzeitung.de\/cms\/wp-content\/uploads\/2015\/08\/JAZZZEITUNGDE_Logo_Neu.png?fit=499%2C200&ssl=1","contentUrl":"https:\/\/i0.wp.com\/www.jazzzeitung.de\/cms\/wp-content\/uploads\/2015\/08\/JAZZZEITUNGDE_Logo_Neu.png?fit=499%2C200&ssl=1","width":499,"height":200,"caption":"JazzZeitung online"},"image":{"@id":"https:\/\/www.jazzzeitung.de\/cms\/#\/schema\/logo\/image\/"},"sameAs":["https:\/\/www.facebook.com\/JazzZeitung\/"]},{"@type":"Person","@id":"https:\/\/www.jazzzeitung.de\/cms\/#\/schema\/person\/2245b36b9cd1d24cea10f01c031fb92b","name":"Redaktion JazzZeitung","image":{"@type":"ImageObject","inLanguage":"de","@id":"https:\/\/i0.wp.com\/www.jazzzeitung.de\/cms\/wp-content\/uploads\/2015\/08\/JAZZZEITUNGDE_Logo_Neu.png?resize=96%2C96&ssl=159975dcacb611b5700bd619b5daf0a7a","url":"https:\/\/i0.wp.com\/www.jazzzeitung.de\/cms\/wp-content\/uploads\/2015\/08\/JAZZZEITUNGDE_Logo_Neu.png?resize=96%2C96&ssl=1","contentUrl":"https:\/\/i0.wp.com\/www.jazzzeitung.de\/cms\/wp-content\/uploads\/2015\/08\/JAZZZEITUNGDE_Logo_Neu.png?resize=96%2C96&ssl=1","caption":"Redaktion JazzZeitung"},"description":"Artikel der Redaktion der JazzZeitung.","sameAs":["http:\/\/www.jazzzeitung.de\/cms\/"],"url":"https:\/\/www.jazzzeitung.de\/cms\/author\/redaktion\/"}]}},"wp-worthy-pixel":{"ignored":false,"public":null,"server":null,"url":null},"wp-worthy-type":"normal","jetpack_publicize_connections":[],"cc_featured_image_caption":{"caption_text":"","source_text":"","source_url":""},"jetpack_featured_media_url":"https:\/\/i0.wp.com\/www.jazzzeitung.de\/cms\/wp-content\/uploads\/2021\/04\/Katz-Alexander-tb-SHA11f-Kumpf-scaled.jpg?fit=2560%2C1748&ssl=1","jetpack_shortlink":"https:\/\/wp.me\/p3KEcT-6qF","jetpack-related-posts":[{"id":6086,"url":"https:\/\/www.jazzzeitung.de\/cms\/2015\/05\/rieke-katz-und-band-smooth-jazz-aus-nuernberg\/","url_meta":{"origin":24717,"position":0},"title":"\u201eRieke Katz und Band\u201c \u2013 Smooth Jazz aus N\u00fcrnberg","author":"Redaktion JazzZeitung","date":"8. Mai 2015","format":false,"excerpt":"Von Hannah W\u00fcrsching \u2013 \u201eAlles Neu macht der Mai\u201c, k\u00f6nnte auch ein Motto von \u201eRieke Katz und Band\u201c sein. Denn ihr erstes eigenes Album \u201eNew Start\u201c ist von Aufbruchsstimmung gepr\u00e4gt. \u201eRieke Katz und Band\u201c, das sind Rieke Katz (Gesang), Martin S\u00f6r\u00f6s (Klavier), Alexander Bayer (Bass), Bj\u00f6rn Glindermann (Schlagzeug) und Christoph\u2026","rel":"","context":"In &quot;Newcomer des Monats&quot;","block_context":{"text":"Newcomer des Monats","link":"https:\/\/www.jazzzeitung.de\/cms\/thema\/newcomer\/"},"img":{"alt_text":"Rieke Katz. Foto: Valentin Schilling","src":"https:\/\/i0.wp.com\/www.jazzzeitung.de\/cms\/wp-content\/uploads\/2015\/05\/Portrait.jpg?fit=1200%2C801&ssl=1&resize=350%2C200","width":350,"height":200,"srcset":"https:\/\/i0.wp.com\/www.jazzzeitung.de\/cms\/wp-content\/uploads\/2015\/05\/Portrait.jpg?fit=1200%2C801&ssl=1&resize=350%2C200 1x, https:\/\/i0.wp.com\/www.jazzzeitung.de\/cms\/wp-content\/uploads\/2015\/05\/Portrait.jpg?fit=1200%2C801&ssl=1&resize=525%2C300 1.5x, https:\/\/i0.wp.com\/www.jazzzeitung.de\/cms\/wp-content\/uploads\/2015\/05\/Portrait.jpg?fit=1200%2C801&ssl=1&resize=700%2C400 2x, https:\/\/i0.wp.com\/www.jazzzeitung.de\/cms\/wp-content\/uploads\/2015\/05\/Portrait.jpg?fit=1200%2C801&ssl=1&resize=1050%2C600 3x"},"classes":[]},{"id":9480,"url":"https:\/\/www.jazzzeitung.de\/cms\/2016\/06\/news-jazz-open-hamburg-jazz-de-cinq-continents-marseille-andys-sister-gewinnen-band-voting-von-worms-jazz-joy\/","url_meta":{"origin":24717,"position":1},"title":"+++ News +++ Jazz Open Hamburg +++ Jazz de Cinq Continents Marseille +++ \u201eAndy\u2019s Sister\u201c gewinnen Band-Voting von \u201eWorms: Jazz &#038; Joy\u201c +++","author":"Redaktion JazzZeitung","date":"9. Juni 2016","format":false,"excerpt":"+++ JAZZ OPEN HAMBURG 1996 \u2013 2016 +++ HAMBURGS BELIEBTES FESTIVAL IM PARK PLANTEN UN BLOMEN +++ Mit der 21. Ausgabe der JAZZ OPEN HAMBURG blickt das Jazzb\u00fcro Hamburg mit Stolz auf zwanzig spannende Jahre. JAZZ OPEN HAMBURG ist eine Perle im Gro\u00dfstadtgetriebe; ein feines, fr\u00f6hliches Festival, das die Stadt\u2026","rel":"","context":"In &quot;News&quot;","block_context":{"text":"News","link":"https:\/\/www.jazzzeitung.de\/cms\/thema\/nachrichten\/"},"img":{"alt_text":"Pecco-Billo-Marian_Lenhard","src":"https:\/\/i0.wp.com\/www.jazzzeitung.de\/cms\/wp-content\/uploads\/2016\/06\/Pecco-Billo-Marian_Lenhard-150x150.jpg?resize=350%2C200","width":350,"height":200},"classes":[]},{"id":3136,"url":"https:\/\/www.jazzzeitung.de\/cms\/2013\/12\/weihnachts-cds-folge-1-sternkind\/","url_meta":{"origin":24717,"position":2},"title":"Weihnachts-CDs Folge 1: Sternkind","author":"Redaktion JazzZeitung","date":"12. Dezember 2013","format":false,"excerpt":"Einmal einen Weihnachtshit landen und nie mehr an Geldproblemen leiden: George Michael hat\u2019s vorgemacht, ein Buch von Nick Hornby, das mit Hugh Grant verfilmt wurde (About a Boy) wurde, hat das Ph\u00e4nomen zum Thema, und alle h\u00e4tten ihn nat\u00fcrlich alle Jahre wieder auch. In loser Reihenfolgen wollen wir bis Weihnachte\u2026","rel":"","context":"In &quot;Blog&quot;","block_context":{"text":"Blog","link":"https:\/\/www.jazzzeitung.de\/cms\/thema\/blog\/"},"img":{"alt_text":"SternkindCover","src":"https:\/\/i0.wp.com\/www.jazzzeitung.de\/cms\/wp-content\/uploads\/2013\/12\/SternkindCover-150x150.jpg?resize=350%2C200","width":350,"height":200},"classes":[]},{"id":3345,"url":"https:\/\/www.jazzzeitung.de\/cms\/2014\/01\/kreuzritter-des-swing-zum-tod-von-al-porcino\/","url_meta":{"origin":24717,"position":3},"title":"\u201eKreuzritter des Swing\u201c: zum Tod von Al Porcino","author":"Redaktion JazzZeitung","date":"7. Januar 2014","format":false,"excerpt":"Text und Foto von Michael Scheiner - Im Mai 2010 feierten Jazzorchester Regensburg und Uni Jazz Orchester mit dem Bandleader Al Porcino dessen 85. Geburtstag im vollbesetzten Audimax. Am Silvestermorgen, nicht wie von einigen Medien berichtet am 2. Januar, ist der Musiker im Alter von 88 Jahren in seiner Wahlheimat\u2026","rel":"","context":"In &quot;Redaktionelle Nachrichten&quot;","block_context":{"text":"Redaktionelle Nachrichten","link":"https:\/\/www.jazzzeitung.de\/cms\/thema\/redaktion\/"},"img":{"alt_text":"Porcino-JOR_78_web_klein","src":"https:\/\/i0.wp.com\/www.jazzzeitung.de\/cms\/wp-content\/uploads\/2014\/01\/Porcino-JOR_78_web_klein-150x150.jpg?resize=350%2C200","width":350,"height":200},"classes":[]},{"id":13319,"url":"https:\/\/www.jazzzeitung.de\/cms\/2017\/08\/feuriger-gypsy-swing-im-prasselnden-regen\/","url_meta":{"origin":24717,"position":4},"title":"Feuriger Gypsy-Swing im prasselnden Regen","author":"Redaktion JazzZeitung","date":"12. August 2017","format":false,"excerpt":"Au\u00dfergew\u00f6hnliche Band um den Gitarristen Helmut Nieberle l\u00e4sst beim Konzert im Regensburger Thon-Dittmer-Palais die Musik Django Reinhardts und Stephane Grappellis aufleben\u00a0 Es ist eines der ungew\u00f6hnlichsten Konzerte des Jahres gewesen \u2013 musikalisch, aber auch von den Umst\u00e4nden her. Soviel kann man schon jetzt \u00fcber das Tribute-Konzert f\u00fcr\u00a0 Django Reinhardt und\u2026","rel":"","context":"In &quot;Galerie&quot;","block_context":{"text":"Galerie","link":"https:\/\/www.jazzzeitung.de\/cms\/thema\/galerie\/"},"img":{"alt_text":"","src":"https:\/\/i0.wp.com\/www.jazzzeitung.de\/cms\/wp-content\/uploads\/2017\/08\/image001.jpg?resize=350%2C200","width":350,"height":200,"srcset":"https:\/\/i0.wp.com\/www.jazzzeitung.de\/cms\/wp-content\/uploads\/2017\/08\/image001.jpg?resize=350%2C200 1x, https:\/\/i0.wp.com\/www.jazzzeitung.de\/cms\/wp-content\/uploads\/2017\/08\/image001.jpg?resize=525%2C300 1.5x, https:\/\/i0.wp.com\/www.jazzzeitung.de\/cms\/wp-content\/uploads\/2017\/08\/image001.jpg?resize=700%2C400 2x, https:\/\/i0.wp.com\/www.jazzzeitung.de\/cms\/wp-content\/uploads\/2017\/08\/image001.jpg?resize=1050%2C600 3x"},"classes":[]},{"id":19138,"url":"https:\/\/www.jazzzeitung.de\/cms\/2019\/04\/news-opus-gewinnt-live-entertainment-award-27-schauinsland-reisen-jazz-rally-duesseldorf\/","url_meta":{"origin":24717,"position":5},"title":"+++ news +++ Opus gewinnt Live Entertainment Award +++ 27. schauinsland-reisen Jazz Rally D\u00fcsseldorf +++","author":"Redaktion JazzZeitung","date":"9. April 2019","format":false,"excerpt":"Der Stuttgarter Veranstalter Opus wurde bei der 14. Verleihung des PRG Live Entertainment Awards zusammen mit der MCT Agentur GmbH und dem Europ\u00e4ischen Astronautenzentrum (EAC) f\u00fcr das Konzert von Kraftwerk mit dem Special Guest Dr. Alexander Gerst am 20. Juli 2018 bei den jazzopen in der Kategorie \u201eKonzert des Jahres\u2026","rel":"","context":"In &quot;News&quot;","block_context":{"text":"News","link":"https:\/\/www.jazzzeitung.de\/cms\/thema\/nachrichten\/"},"img":{"alt_text":"","src":"https:\/\/i0.wp.com\/www.jazzzeitung.de\/cms\/wp-content\/uploads\/2019\/04\/Kraftwerk_ReinerPfisterer2.jpg?fit=1200%2C800&ssl=1&resize=350%2C200","width":350,"height":200,"srcset":"https:\/\/i0.wp.com\/www.jazzzeitung.de\/cms\/wp-content\/uploads\/2019\/04\/Kraftwerk_ReinerPfisterer2.jpg?fit=1200%2C800&ssl=1&resize=350%2C200 1x, https:\/\/i0.wp.com\/www.jazzzeitung.de\/cms\/wp-content\/uploads\/2019\/04\/Kraftwerk_ReinerPfisterer2.jpg?fit=1200%2C800&ssl=1&resize=525%2C300 1.5x, https:\/\/i0.wp.com\/www.jazzzeitung.de\/cms\/wp-content\/uploads\/2019\/04\/Kraftwerk_ReinerPfisterer2.jpg?fit=1200%2C800&ssl=1&resize=700%2C400 2x, https:\/\/i0.wp.com\/www.jazzzeitung.de\/cms\/wp-content\/uploads\/2019\/04\/Kraftwerk_ReinerPfisterer2.jpg?fit=1200%2C800&ssl=1&resize=1050%2C600 3x"},"classes":[]}],"jetpack_sharing_enabled":true,"_links":{"self":[{"href":"https:\/\/www.jazzzeitung.de\/cms\/wp-json\/wp\/v2\/posts\/24717","targetHints":{"allow":["GET"]}}],"collection":[{"href":"https:\/\/www.jazzzeitung.de\/cms\/wp-json\/wp\/v2\/posts"}],"about":[{"href":"https:\/\/www.jazzzeitung.de\/cms\/wp-json\/wp\/v2\/types\/post"}],"author":[{"embeddable":true,"href":"https:\/\/www.jazzzeitung.de\/cms\/wp-json\/wp\/v2\/users\/18"}],"replies":[{"embeddable":true,"href":"https:\/\/www.jazzzeitung.de\/cms\/wp-json\/wp\/v2\/comments?post=24717"}],"version-history":[{"count":5,"href":"https:\/\/www.jazzzeitung.de\/cms\/wp-json\/wp\/v2\/posts\/24717\/revisions"}],"predecessor-version":[{"id":24728,"href":"https:\/\/www.jazzzeitung.de\/cms\/wp-json\/wp\/v2\/posts\/24717\/revisions\/24728"}],"wp:featuredmedia":[{"embeddable":true,"href":"https:\/\/www.jazzzeitung.de\/cms\/wp-json\/wp\/v2\/media\/24721"}],"wp:attachment":[{"href":"https:\/\/www.jazzzeitung.de\/cms\/wp-json\/wp\/v2\/media?parent=24717"}],"wp:term":[{"taxonomy":"category","embeddable":true,"href":"https:\/\/www.jazzzeitung.de\/cms\/wp-json\/wp\/v2\/categories?post=24717"},{"taxonomy":"post_tag","embeddable":true,"href":"https:\/\/www.jazzzeitung.de\/cms\/wp-json\/wp\/v2\/tags?post=24717"},{"taxonomy":"author","embeddable":true,"href":"https:\/\/www.jazzzeitung.de\/cms\/wp-json\/wp\/v2\/coauthors?post=24717"}],"curies":[{"name":"wp","href":"https:\/\/api.w.org\/{rel}","templated":true}]}}