{"id":24660,"date":"2021-04-13T09:42:16","date_gmt":"2021-04-13T07:42:16","guid":{"rendered":"https:\/\/www.jazzzeitung.de\/cms\/?p=24660"},"modified":"2021-04-12T14:42:38","modified_gmt":"2021-04-12T12:42:38","slug":"ein-fluegel-viele-kameras-und-ein-programm-voll-musikalischer-empathie-tim-allhoff-gastierte-im-stream-des-jazzclubs-unterfahrt","status":"publish","type":"post","link":"https:\/\/www.jazzzeitung.de\/cms\/2021\/04\/ein-fluegel-viele-kameras-und-ein-programm-voll-musikalischer-empathie-tim-allhoff-gastierte-im-stream-des-jazzclubs-unterfahrt\/","title":{"rendered":"Ein Fl\u00fcgel, viele Kameras und ein Programm voll musikalischer Empathie &#8211; Tim Allhoff gastierte im Stream des Jazzclubs Unterfahrt.\u00a0"},"content":{"rendered":"<p>\u201eIch habe gar nicht mehr gewusst, wie anstrengend das ist\u201c, meinte Tim Allhoff nach dem Konzert. Nat\u00fcrlich sei man als Musiker die ganze Zeit am Spielen, aber eben daheim, in anderen Intervallen, mit schweifender Konzentration. Die B\u00fchne ist ein anderes Kaliber und so wie dem in M\u00fcnchen lebenden Pianisten geht es inzwischen vielen Kolleg*nnen. Sie beginnen, Kulturtechniken zu verlernen, unfreiwillig, weil ihnen die meisten M\u00f6glichkeiten zur \u00f6ffentlichen Pr\u00e4sentation ihrer Kunst verwehrt werden. Immerhin gibt es Surrogatprogramme wie die Stream-Konzerte des Jazzclubs Unterfahrt, die seit einen Jahr fast jeden Abend Bands die M\u00f6glichkeit geben, in digitaler Transformation bei ihrem Publikum pr\u00e4sent zu bleiben.<\/p>\n<div class=\"tiled-gallery type-rectangular tiled-gallery-unresized\" data-original-width=\"840\" data-carousel-extra='{&quot;blog_id&quot;:1,&quot;permalink&quot;:&quot;https:\\\/\\\/www.jazzzeitung.de\\\/cms\\\/2021\\\/04\\\/ein-fluegel-viele-kameras-und-ein-programm-voll-musikalischer-empathie-tim-allhoff-gastierte-im-stream-des-jazzclubs-unterfahrt\\\/&quot;,&quot;likes_blog_id&quot;:55446655}' itemscope itemtype=\"http:\/\/schema.org\/ImageGallery\" > <div class=\"gallery-row\" style=\"width: 840px; height: 401px;\" data-original-width=\"840\" data-original-height=\"401\" > <div class=\"gallery-group images-1\" style=\"width: 600px; height: 401px;\" data-original-width=\"600\" data-original-height=\"401\" > <div class=\"tiled-gallery-item tiled-gallery-item-large\" itemprop=\"associatedMedia\" itemscope itemtype=\"http:\/\/schema.org\/ImageObject\"> <a href=\"https:\/\/www.jazzzeitung.de\/cms\/2021\/04\/ein-fluegel-viele-kameras-und-ein-programm-voll-musikalischer-empathie-tim-allhoff-gastierte-im-stream-des-jazzclubs-unterfahrt\/dsc03576\/\" border=\"0\" itemprop=\"url\"> <meta itemprop=\"width\" content=\"596\"> <meta itemprop=\"height\" content=\"397\"> <img decoding=\"async\" class=\"\" data-attachment-id=\"24676\" data-orig-file=\"https:\/\/www.jazzzeitung.de\/cms\/wp-content\/uploads\/2021\/04\/DSC03576.jpg\" data-orig-size=\"1280,853\" data-comments-opened=\"1\" data-image-meta=\"{&quot;aperture&quot;:&quot;3.5&quot;,&quot;credit&quot;:&quot;&quot;,&quot;camera&quot;:&quot;ILCE-7M3&quot;,&quot;caption&quot;:&quot;Tim Allhoff, Unterfahrt Stream Concert, Photo (c) Ralf Dombrowski&quot;,&quot;created_timestamp&quot;:&quot;1617909801&quot;,&quot;copyright&quot;:&quot;&quot;,&quot;focal_length&quot;:&quot;28&quot;,&quot;iso&quot;:&quot;2000&quot;,&quot;shutter_speed&quot;:&quot;0.005&quot;,&quot;title&quot;:&quot;&quot;,&quot;orientation&quot;:&quot;1&quot;}\" data-image-title=\"DSC03576\" data-image-description=\"\" data-medium-file=\"https:\/\/i0.wp.com\/www.jazzzeitung.de\/cms\/wp-content\/uploads\/2021\/04\/DSC03576.jpg?fit=300%2C200&#038;ssl=1\" data-large-file=\"https:\/\/i0.wp.com\/www.jazzzeitung.de\/cms\/wp-content\/uploads\/2021\/04\/DSC03576.jpg?fit=840%2C560&#038;ssl=1\" src=\"https:\/\/i0.wp.com\/www.jazzzeitung.de\/cms\/wp-content\/uploads\/2021\/04\/DSC03576.jpg?w=596&#038;h=397&#038;ssl=1\" srcset=\"https:\/\/i0.wp.com\/www.jazzzeitung.de\/cms\/wp-content\/uploads\/2021\/04\/DSC03576.jpg?w=1280&amp;ssl=1 1280w, https:\/\/i0.wp.com\/www.jazzzeitung.de\/cms\/wp-content\/uploads\/2021\/04\/DSC03576.jpg?resize=300%2C200&amp;ssl=1 300w, https:\/\/i0.wp.com\/www.jazzzeitung.de\/cms\/wp-content\/uploads\/2021\/04\/DSC03576.jpg?resize=900%2C600&amp;ssl=1 900w, https:\/\/i0.wp.com\/www.jazzzeitung.de\/cms\/wp-content\/uploads\/2021\/04\/DSC03576.jpg?resize=768%2C512&amp;ssl=1 768w, https:\/\/i0.wp.com\/www.jazzzeitung.de\/cms\/wp-content\/uploads\/2021\/04\/DSC03576.jpg?resize=120%2C80&amp;ssl=1 120w\" width=\"596\" height=\"397\" loading=\"lazy\" data-original-width=\"596\" data-original-height=\"397\" itemprop=\"http:\/\/schema.org\/image\" title=\"DSC03576\" alt=\"Tim Allhoff in der Unterfahrt beim Stream Concert. Alles Fotos: Ralf Dombrowski\" style=\"width: 596px; height: 397px;\" \/> <\/a> <div class=\"tiled-gallery-caption\" itemprop=\"caption description\"> Tim Allhoff in der Unterfahrt beim Stream Concert. Alles Fotos: Ralf Dombrowski <\/div> <\/div> <\/div> <!-- close group --> <div class=\"gallery-group images-2\" style=\"width: 240px; height: 401px;\" data-original-width=\"240\" data-original-height=\"401\" > <div class=\"tiled-gallery-item tiled-gallery-item-small\" itemprop=\"associatedMedia\" itemscope itemtype=\"http:\/\/schema.org\/ImageObject\"> <a href=\"https:\/\/www.jazzzeitung.de\/cms\/2021\/04\/ein-fluegel-viele-kameras-und-ein-programm-voll-musikalischer-empathie-tim-allhoff-gastierte-im-stream-des-jazzclubs-unterfahrt\/dsc03381\/\" border=\"0\" itemprop=\"url\"> <meta itemprop=\"width\" content=\"236\"> <meta itemprop=\"height\" content=\"157\"> <img decoding=\"async\" class=\"\" data-attachment-id=\"24665\" data-orig-file=\"https:\/\/www.jazzzeitung.de\/cms\/wp-content\/uploads\/2021\/04\/DSC03381.jpg\" data-orig-size=\"1280,853\" data-comments-opened=\"1\" data-image-meta=\"{&quot;aperture&quot;:&quot;4.5&quot;,&quot;credit&quot;:&quot;&quot;,&quot;camera&quot;:&quot;ILCE-7M3&quot;,&quot;caption&quot;:&quot;Tim Allhoff, Unterfahrt Stream Concert, Photo (c) Ralf Dombrowski&quot;,&quot;created_timestamp&quot;:&quot;1617908599&quot;,&quot;copyright&quot;:&quot;&quot;,&quot;focal_length&quot;:&quot;70&quot;,&quot;iso&quot;:&quot;3200&quot;,&quot;shutter_speed&quot;:&quot;0.005&quot;,&quot;title&quot;:&quot;&quot;,&quot;orientation&quot;:&quot;1&quot;}\" data-image-title=\"DSC03381\" data-image-description=\"\" data-medium-file=\"https:\/\/i0.wp.com\/www.jazzzeitung.de\/cms\/wp-content\/uploads\/2021\/04\/DSC03381.jpg?fit=300%2C200&#038;ssl=1\" data-large-file=\"https:\/\/i0.wp.com\/www.jazzzeitung.de\/cms\/wp-content\/uploads\/2021\/04\/DSC03381.jpg?fit=840%2C560&#038;ssl=1\" src=\"https:\/\/i0.wp.com\/www.jazzzeitung.de\/cms\/wp-content\/uploads\/2021\/04\/DSC03381.jpg?w=236&#038;h=157&#038;ssl=1\" srcset=\"https:\/\/i0.wp.com\/www.jazzzeitung.de\/cms\/wp-content\/uploads\/2021\/04\/DSC03381.jpg?w=1280&amp;ssl=1 1280w, https:\/\/i0.wp.com\/www.jazzzeitung.de\/cms\/wp-content\/uploads\/2021\/04\/DSC03381.jpg?resize=300%2C200&amp;ssl=1 300w, https:\/\/i0.wp.com\/www.jazzzeitung.de\/cms\/wp-content\/uploads\/2021\/04\/DSC03381.jpg?resize=900%2C600&amp;ssl=1 900w, https:\/\/i0.wp.com\/www.jazzzeitung.de\/cms\/wp-content\/uploads\/2021\/04\/DSC03381.jpg?resize=768%2C512&amp;ssl=1 768w, https:\/\/i0.wp.com\/www.jazzzeitung.de\/cms\/wp-content\/uploads\/2021\/04\/DSC03381.jpg?resize=120%2C80&amp;ssl=1 120w\" width=\"236\" height=\"157\" loading=\"lazy\" data-original-width=\"236\" data-original-height=\"157\" itemprop=\"http:\/\/schema.org\/image\" title=\"DSC03381\" alt=\"Foto: Ralf Dombrowski\" style=\"width: 236px; height: 157px;\" \/> <\/a> <div class=\"tiled-gallery-caption\" itemprop=\"caption description\"> Foto: Ralf Dombrowski <\/div> <\/div> <div class=\"tiled-gallery-item tiled-gallery-item-small\" itemprop=\"associatedMedia\" itemscope itemtype=\"http:\/\/schema.org\/ImageObject\"> <a href=\"https:\/\/www.jazzzeitung.de\/cms\/2021\/04\/ein-fluegel-viele-kameras-und-ein-programm-voll-musikalischer-empathie-tim-allhoff-gastierte-im-stream-des-jazzclubs-unterfahrt\/dsc03393\/\" border=\"0\" itemprop=\"url\"> <meta itemprop=\"width\" content=\"236\"> <meta itemprop=\"height\" content=\"236\"> <img decoding=\"async\" class=\"\" data-attachment-id=\"24666\" data-orig-file=\"https:\/\/www.jazzzeitung.de\/cms\/wp-content\/uploads\/2021\/04\/DSC03393.jpg\" data-orig-size=\"1280,1280\" data-comments-opened=\"1\" data-image-meta=\"{&quot;aperture&quot;:&quot;5.6&quot;,&quot;credit&quot;:&quot;&quot;,&quot;camera&quot;:&quot;ILCE-7M3&quot;,&quot;caption&quot;:&quot;Tim Allhoff, Unterfahrt Stream Concert, Photo (c) Ralf Dombrowski&quot;,&quot;created_timestamp&quot;:&quot;1617908661&quot;,&quot;copyright&quot;:&quot;&quot;,&quot;focal_length&quot;:&quot;223&quot;,&quot;iso&quot;:&quot;3200&quot;,&quot;shutter_speed&quot;:&quot;0.005&quot;,&quot;title&quot;:&quot;&quot;,&quot;orientation&quot;:&quot;1&quot;}\" data-image-title=\"DSC03393\" data-image-description=\"\" data-medium-file=\"https:\/\/i0.wp.com\/www.jazzzeitung.de\/cms\/wp-content\/uploads\/2021\/04\/DSC03393.jpg?fit=300%2C300&#038;ssl=1\" data-large-file=\"https:\/\/i0.wp.com\/www.jazzzeitung.de\/cms\/wp-content\/uploads\/2021\/04\/DSC03393.jpg?fit=600%2C600&#038;ssl=1\" src=\"https:\/\/i0.wp.com\/www.jazzzeitung.de\/cms\/wp-content\/uploads\/2021\/04\/DSC03393.jpg?w=236&#038;h=236&#038;crop=1&#038;ssl=1\" srcset=\"https:\/\/i0.wp.com\/www.jazzzeitung.de\/cms\/wp-content\/uploads\/2021\/04\/DSC03393.jpg?w=1280&amp;ssl=1 1280w, https:\/\/i0.wp.com\/www.jazzzeitung.de\/cms\/wp-content\/uploads\/2021\/04\/DSC03393.jpg?resize=300%2C300&amp;ssl=1 300w, https:\/\/i0.wp.com\/www.jazzzeitung.de\/cms\/wp-content\/uploads\/2021\/04\/DSC03393.jpg?resize=600%2C600&amp;ssl=1 600w, https:\/\/i0.wp.com\/www.jazzzeitung.de\/cms\/wp-content\/uploads\/2021\/04\/DSC03393.jpg?resize=150%2C150&amp;ssl=1 150w, https:\/\/i0.wp.com\/www.jazzzeitung.de\/cms\/wp-content\/uploads\/2021\/04\/DSC03393.jpg?resize=768%2C768&amp;ssl=1 768w\" width=\"236\" height=\"236\" loading=\"lazy\" data-original-width=\"236\" data-original-height=\"236\" itemprop=\"http:\/\/schema.org\/image\" title=\"DSC03393\" alt=\"Foto: Ralf Dombrowski\" style=\"width: 236px; height: 236px;\" \/> <\/a> <div class=\"tiled-gallery-caption\" itemprop=\"caption description\"> Foto: Ralf Dombrowski <\/div> <\/div> <\/div> <!-- close group --> <\/div> <!-- close row --> <div class=\"gallery-row\" style=\"width: 840px; height: 141px;\" data-original-width=\"840\" data-original-height=\"141\" > <div class=\"gallery-group images-1\" style=\"width: 210px; height: 141px;\" data-original-width=\"210\" data-original-height=\"141\" > <div class=\"tiled-gallery-item tiled-gallery-item-small\" itemprop=\"associatedMedia\" itemscope itemtype=\"http:\/\/schema.org\/ImageObject\"> <a href=\"https:\/\/www.jazzzeitung.de\/cms\/2021\/04\/ein-fluegel-viele-kameras-und-ein-programm-voll-musikalischer-empathie-tim-allhoff-gastierte-im-stream-des-jazzclubs-unterfahrt\/dsc03409-2\/\" border=\"0\" itemprop=\"url\"> <meta itemprop=\"width\" content=\"206\"> <meta itemprop=\"height\" content=\"137\"> <img decoding=\"async\" class=\"\" data-attachment-id=\"24668\" data-orig-file=\"https:\/\/www.jazzzeitung.de\/cms\/wp-content\/uploads\/2021\/04\/DSC03409.jpg\" data-orig-size=\"1280,853\" data-comments-opened=\"1\" data-image-meta=\"{&quot;aperture&quot;:&quot;5&quot;,&quot;credit&quot;:&quot;&quot;,&quot;camera&quot;:&quot;ILCE-7M3&quot;,&quot;caption&quot;:&quot;Tim Allhoff, Unterfahrt Stream Concert, Photo (c) Ralf Dombrowski&quot;,&quot;created_timestamp&quot;:&quot;1617908691&quot;,&quot;copyright&quot;:&quot;&quot;,&quot;focal_length&quot;:&quot;153&quot;,&quot;iso&quot;:&quot;3200&quot;,&quot;shutter_speed&quot;:&quot;0.005&quot;,&quot;title&quot;:&quot;&quot;,&quot;orientation&quot;:&quot;1&quot;}\" data-image-title=\"DSC03409\" data-image-description=\"\" data-medium-file=\"https:\/\/i0.wp.com\/www.jazzzeitung.de\/cms\/wp-content\/uploads\/2021\/04\/DSC03409.jpg?fit=300%2C200&#038;ssl=1\" data-large-file=\"https:\/\/i0.wp.com\/www.jazzzeitung.de\/cms\/wp-content\/uploads\/2021\/04\/DSC03409.jpg?fit=840%2C560&#038;ssl=1\" src=\"https:\/\/i0.wp.com\/www.jazzzeitung.de\/cms\/wp-content\/uploads\/2021\/04\/DSC03409.jpg?w=206&#038;h=137&#038;ssl=1\" srcset=\"https:\/\/i0.wp.com\/www.jazzzeitung.de\/cms\/wp-content\/uploads\/2021\/04\/DSC03409.jpg?w=1280&amp;ssl=1 1280w, https:\/\/i0.wp.com\/www.jazzzeitung.de\/cms\/wp-content\/uploads\/2021\/04\/DSC03409.jpg?resize=300%2C200&amp;ssl=1 300w, https:\/\/i0.wp.com\/www.jazzzeitung.de\/cms\/wp-content\/uploads\/2021\/04\/DSC03409.jpg?resize=900%2C600&amp;ssl=1 900w, https:\/\/i0.wp.com\/www.jazzzeitung.de\/cms\/wp-content\/uploads\/2021\/04\/DSC03409.jpg?resize=768%2C512&amp;ssl=1 768w, https:\/\/i0.wp.com\/www.jazzzeitung.de\/cms\/wp-content\/uploads\/2021\/04\/DSC03409.jpg?resize=120%2C80&amp;ssl=1 120w\" width=\"206\" height=\"137\" loading=\"lazy\" data-original-width=\"206\" data-original-height=\"137\" itemprop=\"http:\/\/schema.org\/image\" title=\"DSC03409\" alt=\"Foto: Ralf Dombrowski\" style=\"width: 206px; height: 137px;\" \/> <\/a> <div class=\"tiled-gallery-caption\" itemprop=\"caption description\"> Foto: Ralf Dombrowski <\/div> <\/div> <\/div> <!-- close group --> <div class=\"gallery-group images-1\" style=\"width: 210px; height: 141px;\" data-original-width=\"210\" data-original-height=\"141\" > <div class=\"tiled-gallery-item tiled-gallery-item-small\" itemprop=\"associatedMedia\" itemscope itemtype=\"http:\/\/schema.org\/ImageObject\"> <a href=\"https:\/\/www.jazzzeitung.de\/cms\/2021\/04\/ein-fluegel-viele-kameras-und-ein-programm-voll-musikalischer-empathie-tim-allhoff-gastierte-im-stream-des-jazzclubs-unterfahrt\/dsc03507\/\" border=\"0\" itemprop=\"url\"> <meta itemprop=\"width\" content=\"206\"> <meta itemprop=\"height\" content=\"137\"> <img decoding=\"async\" class=\"\" data-attachment-id=\"24672\" data-orig-file=\"https:\/\/www.jazzzeitung.de\/cms\/wp-content\/uploads\/2021\/04\/DSC03507.jpg\" data-orig-size=\"1280,853\" data-comments-opened=\"1\" data-image-meta=\"{&quot;aperture&quot;:&quot;5.6&quot;,&quot;credit&quot;:&quot;&quot;,&quot;camera&quot;:&quot;ILCE-7M3&quot;,&quot;caption&quot;:&quot;Tim Allhoff, Unterfahrt Stream Concert, Photo (c) Ralf Dombrowski&quot;,&quot;created_timestamp&quot;:&quot;1617909259&quot;,&quot;copyright&quot;:&quot;&quot;,&quot;focal_length&quot;:&quot;198&quot;,&quot;iso&quot;:&quot;3200&quot;,&quot;shutter_speed&quot;:&quot;0.005&quot;,&quot;title&quot;:&quot;&quot;,&quot;orientation&quot;:&quot;1&quot;}\" data-image-title=\"DSC03507\" data-image-description=\"\" data-medium-file=\"https:\/\/i0.wp.com\/www.jazzzeitung.de\/cms\/wp-content\/uploads\/2021\/04\/DSC03507.jpg?fit=300%2C200&#038;ssl=1\" data-large-file=\"https:\/\/i0.wp.com\/www.jazzzeitung.de\/cms\/wp-content\/uploads\/2021\/04\/DSC03507.jpg?fit=840%2C560&#038;ssl=1\" src=\"https:\/\/i0.wp.com\/www.jazzzeitung.de\/cms\/wp-content\/uploads\/2021\/04\/DSC03507.jpg?w=206&#038;h=137&#038;ssl=1\" srcset=\"https:\/\/i0.wp.com\/www.jazzzeitung.de\/cms\/wp-content\/uploads\/2021\/04\/DSC03507.jpg?w=1280&amp;ssl=1 1280w, https:\/\/i0.wp.com\/www.jazzzeitung.de\/cms\/wp-content\/uploads\/2021\/04\/DSC03507.jpg?resize=300%2C200&amp;ssl=1 300w, https:\/\/i0.wp.com\/www.jazzzeitung.de\/cms\/wp-content\/uploads\/2021\/04\/DSC03507.jpg?resize=900%2C600&amp;ssl=1 900w, https:\/\/i0.wp.com\/www.jazzzeitung.de\/cms\/wp-content\/uploads\/2021\/04\/DSC03507.jpg?resize=768%2C512&amp;ssl=1 768w, https:\/\/i0.wp.com\/www.jazzzeitung.de\/cms\/wp-content\/uploads\/2021\/04\/DSC03507.jpg?resize=120%2C80&amp;ssl=1 120w\" width=\"206\" height=\"137\" loading=\"lazy\" data-original-width=\"206\" data-original-height=\"137\" itemprop=\"http:\/\/schema.org\/image\" title=\"DSC03507\" alt=\"Tim Allhoff. Foto: Ralf Dombrowski\" style=\"width: 206px; height: 137px;\" \/> <\/a> <div class=\"tiled-gallery-caption\" itemprop=\"caption description\"> Tim Allhoff. Foto: Ralf Dombrowski <\/div> <\/div> <\/div> <!-- close group --> <div class=\"gallery-group images-1\" style=\"width: 210px; height: 141px;\" data-original-width=\"210\" data-original-height=\"141\" > <div class=\"tiled-gallery-item tiled-gallery-item-small\" itemprop=\"associatedMedia\" itemscope itemtype=\"http:\/\/schema.org\/ImageObject\"> <a href=\"https:\/\/www.jazzzeitung.de\/cms\/2021\/04\/ein-fluegel-viele-kameras-und-ein-programm-voll-musikalischer-empathie-tim-allhoff-gastierte-im-stream-des-jazzclubs-unterfahrt\/dsc03533\/\" border=\"0\" itemprop=\"url\"> <meta itemprop=\"width\" content=\"206\"> <meta itemprop=\"height\" content=\"137\"> <img decoding=\"async\" class=\"\" data-attachment-id=\"24674\" data-orig-file=\"https:\/\/www.jazzzeitung.de\/cms\/wp-content\/uploads\/2021\/04\/DSC03533.jpg\" data-orig-size=\"1280,853\" data-comments-opened=\"1\" data-image-meta=\"{&quot;aperture&quot;:&quot;5.6&quot;,&quot;credit&quot;:&quot;&quot;,&quot;camera&quot;:&quot;ILCE-7M3&quot;,&quot;caption&quot;:&quot;Tim Allhoff, Unterfahrt Stream Concert, Photo (c) Ralf Dombrowski&quot;,&quot;created_timestamp&quot;:&quot;1617909444&quot;,&quot;copyright&quot;:&quot;&quot;,&quot;focal_length&quot;:&quot;157&quot;,&quot;iso&quot;:&quot;3200&quot;,&quot;shutter_speed&quot;:&quot;0.005&quot;,&quot;title&quot;:&quot;&quot;,&quot;orientation&quot;:&quot;1&quot;}\" data-image-title=\"DSC03533\" data-image-description=\"\" data-medium-file=\"https:\/\/i0.wp.com\/www.jazzzeitung.de\/cms\/wp-content\/uploads\/2021\/04\/DSC03533.jpg?fit=300%2C200&#038;ssl=1\" data-large-file=\"https:\/\/i0.wp.com\/www.jazzzeitung.de\/cms\/wp-content\/uploads\/2021\/04\/DSC03533.jpg?fit=840%2C560&#038;ssl=1\" src=\"https:\/\/i0.wp.com\/www.jazzzeitung.de\/cms\/wp-content\/uploads\/2021\/04\/DSC03533.jpg?w=206&#038;h=137&#038;ssl=1\" srcset=\"https:\/\/i0.wp.com\/www.jazzzeitung.de\/cms\/wp-content\/uploads\/2021\/04\/DSC03533.jpg?w=1280&amp;ssl=1 1280w, https:\/\/i0.wp.com\/www.jazzzeitung.de\/cms\/wp-content\/uploads\/2021\/04\/DSC03533.jpg?resize=300%2C200&amp;ssl=1 300w, https:\/\/i0.wp.com\/www.jazzzeitung.de\/cms\/wp-content\/uploads\/2021\/04\/DSC03533.jpg?resize=900%2C600&amp;ssl=1 900w, https:\/\/i0.wp.com\/www.jazzzeitung.de\/cms\/wp-content\/uploads\/2021\/04\/DSC03533.jpg?resize=768%2C512&amp;ssl=1 768w, https:\/\/i0.wp.com\/www.jazzzeitung.de\/cms\/wp-content\/uploads\/2021\/04\/DSC03533.jpg?resize=120%2C80&amp;ssl=1 120w\" width=\"206\" height=\"137\" loading=\"lazy\" data-original-width=\"206\" data-original-height=\"137\" itemprop=\"http:\/\/schema.org\/image\" title=\"DSC03533\" alt=\"Foto: Ralf Dombrowski\" style=\"width: 206px; height: 137px;\" \/> <\/a> <div class=\"tiled-gallery-caption\" itemprop=\"caption description\"> Foto: Ralf Dombrowski <\/div> <\/div> <\/div> <!-- close group --> <div class=\"gallery-group images-1\" style=\"width: 210px; height: 141px;\" data-original-width=\"210\" data-original-height=\"141\" > <div class=\"tiled-gallery-item tiled-gallery-item-small\" itemprop=\"associatedMedia\" itemscope itemtype=\"http:\/\/schema.org\/ImageObject\"> <a href=\"https:\/\/www.jazzzeitung.de\/cms\/2021\/04\/ein-fluegel-viele-kameras-und-ein-programm-voll-musikalischer-empathie-tim-allhoff-gastierte-im-stream-des-jazzclubs-unterfahrt\/dsc03428\/\" border=\"0\" itemprop=\"url\"> <meta itemprop=\"width\" content=\"206\"> <meta itemprop=\"height\" content=\"137\"> <img decoding=\"async\" class=\"\" data-attachment-id=\"24670\" data-orig-file=\"https:\/\/www.jazzzeitung.de\/cms\/wp-content\/uploads\/2021\/04\/DSC03428.jpg\" data-orig-size=\"1280,853\" data-comments-opened=\"1\" data-image-meta=\"{&quot;aperture&quot;:&quot;4.5&quot;,&quot;credit&quot;:&quot;&quot;,&quot;camera&quot;:&quot;ILCE-7M3&quot;,&quot;caption&quot;:&quot;Tim Allhoff, Unterfahrt Stream Concert, Photo (c) Ralf Dombrowski&quot;,&quot;created_timestamp&quot;:&quot;1617908815&quot;,&quot;copyright&quot;:&quot;&quot;,&quot;focal_length&quot;:&quot;77&quot;,&quot;iso&quot;:&quot;3200&quot;,&quot;shutter_speed&quot;:&quot;0.005&quot;,&quot;title&quot;:&quot;&quot;,&quot;orientation&quot;:&quot;1&quot;}\" data-image-title=\"DSC03428\" data-image-description=\"\" data-medium-file=\"https:\/\/i0.wp.com\/www.jazzzeitung.de\/cms\/wp-content\/uploads\/2021\/04\/DSC03428.jpg?fit=300%2C200&#038;ssl=1\" data-large-file=\"https:\/\/i0.wp.com\/www.jazzzeitung.de\/cms\/wp-content\/uploads\/2021\/04\/DSC03428.jpg?fit=840%2C560&#038;ssl=1\" src=\"https:\/\/i0.wp.com\/www.jazzzeitung.de\/cms\/wp-content\/uploads\/2021\/04\/DSC03428.jpg?w=206&#038;h=137&#038;ssl=1\" srcset=\"https:\/\/i0.wp.com\/www.jazzzeitung.de\/cms\/wp-content\/uploads\/2021\/04\/DSC03428.jpg?w=1280&amp;ssl=1 1280w, https:\/\/i0.wp.com\/www.jazzzeitung.de\/cms\/wp-content\/uploads\/2021\/04\/DSC03428.jpg?resize=300%2C200&amp;ssl=1 300w, https:\/\/i0.wp.com\/www.jazzzeitung.de\/cms\/wp-content\/uploads\/2021\/04\/DSC03428.jpg?resize=900%2C600&amp;ssl=1 900w, https:\/\/i0.wp.com\/www.jazzzeitung.de\/cms\/wp-content\/uploads\/2021\/04\/DSC03428.jpg?resize=768%2C512&amp;ssl=1 768w, https:\/\/i0.wp.com\/www.jazzzeitung.de\/cms\/wp-content\/uploads\/2021\/04\/DSC03428.jpg?resize=120%2C80&amp;ssl=1 120w\" width=\"206\" height=\"137\" loading=\"lazy\" data-original-width=\"206\" data-original-height=\"137\" itemprop=\"http:\/\/schema.org\/image\" title=\"DSC03428\" alt=\"Foto: Ralf Dombrowski\" style=\"width: 206px; height: 137px;\" \/> <\/a> <div class=\"tiled-gallery-caption\" itemprop=\"caption description\"> Foto: Ralf Dombrowski <\/div> <\/div> <\/div> <!-- close group --> <\/div> <!-- close row --> <\/div>\n<p>Da sitzt Tim Allhoff dann auf der B\u00fchne, moderiert in den leeren Raum und widmet sich dem Steinway des Hauses, einerseits latent irritiert angesichts der Laborsituation, andererseits zutiefst begl\u00fcckt, endlich einmal wieder in die Vollen gehen zu k\u00f6nnen. Es ist sein erstes Konzert seit einem halben Jahr und die lange Pause f\u00fchrt dazu, dass weit mehr neue St\u00fccke als sonst im Programm landen, um ihre \u00f6ffentliche Feuertaufe zu erhalten. Manche haben noch keinen Titel, sind erst vor einigen Tagen entstanden, andere existieren wie \u201eMorla\u201c bereits seit einigen Wochen in Streaming-Varianten im Umfeld seiner Label-Arbeit. Mehrmals g\u00f6nnt sich Allhoff auch Exkurse, beschleunigt und perforiert einen Beatles-Song, spielt abgelegenere Standards wie \u201eIn The Wee Small Hours\u201c oder \u201eIf I Should Loose You\u201c oder beschlie\u00dft den Abend mit dem Satz einer Orgelsonate von Bach.<\/p>\n<p>Die meisten Songs aber sind eigene St\u00fccke, tendenziell im Balladenton und mit gestalterischen Eigenheiten, die er im Laufe der Jahre von Vorbildern wie Meister Mehldau \u00fcbernommen und im Anschluss daran weiter entwickelt hat. Allhoff l\u00e4sst die Stimmen kommunizieren, in flie\u00dfenden linienbetonten Bewegungen, manchmal brandend, sich aufb\u00e4umend, zumeist aber in einem Wechselspiel melodisch fundierter Schwebungen. Man sei nackt, meint der hinterher, wenn man mit dem Solo-Klavier auf der B\u00fchne antrete und habe wenig Chancen, seine Fehler zu verstecken. Von Unsicherheiten war auf der B\u00fchne der Unterfahrt jedoch wenig zu sp\u00fcren. Wenn \u00fcberhaupt, dann nur der absurden Situation geschuldet, im leeren Club ein volles Haus zu imaginieren. Die paar Leute vom Technik-Team jedenfalls applaudierten, was die H\u00e4nde hergaben. Und das Publikum im Stream schickte viele Herzen. (Mehr zum Stream-Programs auf der Website <a href=\"http:\/\/www.unterfahrt.de\">www.unterfahrt.de<\/a>).\u00a0\u00a0 <em>Ralf Dombrowski<\/em><\/p>\n","protected":false},"excerpt":{"rendered":"<p>\u201eIch habe gar nicht mehr gewusst, wie anstrengend das ist\u201c, meinte Tim Allhoff nach dem Konzert. Nat\u00fcrlich sei man als Musiker die ganze Zeit am Spielen, aber eben daheim, in anderen Intervallen, mit schweifender Konzentration. Die B\u00fchne ist ein anderes Kaliber und so wie dem in M\u00fcnchen lebenden Pianisten geht es inzwischen vielen Kolleg*nnen. Sie beginnen, Kulturtechniken zu verlernen, unfreiwillig, weil ihnen die meisten M\u00f6glichkeiten zur \u00f6ffentlichen Pr\u00e4sentation ihrer Kunst verwehrt werden. Immerhin gibt es Surrogatprogramme wie die Stream-Konzerte des Jazzclubs Unterfahrt, die seit einen Jahr fast jeden Abend Bands die M\u00f6glichkeit geben, in digitaler Transformation bei ihrem Publikum pr\u00e4sent zu bleiben. Da sitzt Tim Allhoff dann auf der B\u00fchne, moderiert in den leeren Raum und widmet sich dem Steinway des Hauses, einerseits latent irritiert angesichts der Laborsituation, andererseits zutiefst begl\u00fcckt, endlich einmal wieder in die Vollen gehen zu k\u00f6nnen. Es ist sein erstes Konzert seit einem halben Jahr und die lange Pause f\u00fchrt dazu, dass weit mehr neue St\u00fccke als sonst im Programm landen, um ihre \u00f6ffentliche Feuertaufe zu erhalten. Manche haben noch keinen Titel, sind erst vor einigen Tagen entstanden, andere existieren wie &hellip;<\/p>\n","protected":false},"author":18,"featured_media":24662,"comment_status":"open","ping_status":"closed","sticky":false,"template":"","format":"standard","meta":{"_jetpack_memberships_contains_paid_content":false,"footnotes":"","jetpack_publicize_message":"","jetpack_publicize_feature_enabled":true,"jetpack_social_post_already_shared":false,"jetpack_social_options":{"image_generator_settings":{"template":"highway","default_image_id":0,"font":"","enabled":false},"version":2}},"categories":[1053,652],"tags":[442,524,550,963],"coauthors":[658],"class_list":["post-24660","post","type-post","status-publish","format-standard","has-post-thumbnail","hentry","category-bericht","category-galerie","tag-piano","tag-stream","tag-tim-allhoff","tag-unterfahrt-muenchen"],"yoast_head":"<!-- This site is optimized with the Yoast SEO plugin v27.5 - https:\/\/yoast.com\/product\/yoast-seo-wordpress\/ -->\n<title>Ein Fl\u00fcgel, viele Kameras und ein Programm voll musikalischer Empathie - Tim Allhoff gastierte im Stream des Jazzclubs Unterfahrt.\u00a0 - JazzZeitung<\/title>\n<meta name=\"robots\" content=\"index, follow, max-snippet:-1, max-image-preview:large, max-video-preview:-1\" \/>\n<link rel=\"canonical\" href=\"https:\/\/www.jazzzeitung.de\/cms\/2021\/04\/ein-fluegel-viele-kameras-und-ein-programm-voll-musikalischer-empathie-tim-allhoff-gastierte-im-stream-des-jazzclubs-unterfahrt\/\" \/>\n<meta property=\"og:locale\" content=\"de_DE\" \/>\n<meta property=\"og:type\" content=\"article\" \/>\n<meta property=\"og:title\" content=\"Ein Fl\u00fcgel, viele Kameras und ein Programm voll musikalischer Empathie - Tim Allhoff gastierte im Stream des Jazzclubs Unterfahrt.\u00a0 - JazzZeitung\" \/>\n<meta property=\"og:description\" content=\"\u201eIch habe gar nicht mehr gewusst, wie anstrengend das ist\u201c, meinte Tim Allhoff nach dem Konzert. Nat\u00fcrlich sei man als Musiker die ganze Zeit am Spielen, aber eben daheim, in anderen Intervallen, mit schweifender Konzentration. Die B\u00fchne ist ein anderes Kaliber und so wie dem in M\u00fcnchen lebenden Pianisten geht es inzwischen vielen Kolleg*nnen. Sie beginnen, Kulturtechniken zu verlernen, unfreiwillig, weil ihnen die meisten M\u00f6glichkeiten zur \u00f6ffentlichen Pr\u00e4sentation ihrer Kunst verwehrt werden. Immerhin gibt es Surrogatprogramme wie die Stream-Konzerte des Jazzclubs Unterfahrt, die seit einen Jahr fast jeden Abend Bands die M\u00f6glichkeit geben, in digitaler Transformation bei ihrem Publikum pr\u00e4sent zu bleiben. Da sitzt Tim Allhoff dann auf der B\u00fchne, moderiert in den leeren Raum und widmet sich dem Steinway des Hauses, einerseits latent irritiert angesichts der Laborsituation, andererseits zutiefst begl\u00fcckt, endlich einmal wieder in die Vollen gehen zu k\u00f6nnen. Es ist sein erstes Konzert seit einem halben Jahr und die lange Pause f\u00fchrt dazu, dass weit mehr neue St\u00fccke als sonst im Programm landen, um ihre \u00f6ffentliche Feuertaufe zu erhalten. Manche haben noch keinen Titel, sind erst vor einigen Tagen entstanden, andere existieren wie &hellip;\" \/>\n<meta property=\"og:url\" content=\"https:\/\/www.jazzzeitung.de\/cms\/2021\/04\/ein-fluegel-viele-kameras-und-ein-programm-voll-musikalischer-empathie-tim-allhoff-gastierte-im-stream-des-jazzclubs-unterfahrt\/\" \/>\n<meta property=\"og:site_name\" content=\"JazzZeitung\" \/>\n<meta property=\"article:publisher\" content=\"https:\/\/www.facebook.com\/JazzZeitung\/\" \/>\n<meta property=\"article:published_time\" content=\"2021-04-13T07:42:16+00:00\" \/>\n<meta property=\"og:image\" content=\"https:\/\/i0.wp.com\/www.jazzzeitung.de\/cms\/wp-content\/uploads\/2021\/04\/DSC03471.jpg?fit=1280%2C853&ssl=1\" \/>\n\t<meta property=\"og:image:width\" content=\"1280\" \/>\n\t<meta property=\"og:image:height\" content=\"853\" \/>\n\t<meta property=\"og:image:type\" content=\"image\/jpeg\" \/>\n<meta name=\"author\" content=\"Ralf Dombrowski\" \/>\n<script type=\"application\/ld+json\" class=\"yoast-schema-graph\">{\"@context\":\"https:\\\/\\\/schema.org\",\"@graph\":[{\"@type\":\"Article\",\"@id\":\"https:\\\/\\\/www.jazzzeitung.de\\\/cms\\\/2021\\\/04\\\/ein-fluegel-viele-kameras-und-ein-programm-voll-musikalischer-empathie-tim-allhoff-gastierte-im-stream-des-jazzclubs-unterfahrt\\\/#article\",\"isPartOf\":{\"@id\":\"https:\\\/\\\/www.jazzzeitung.de\\\/cms\\\/2021\\\/04\\\/ein-fluegel-viele-kameras-und-ein-programm-voll-musikalischer-empathie-tim-allhoff-gastierte-im-stream-des-jazzclubs-unterfahrt\\\/\"},\"author\":{\"name\":\"Redaktion JazzZeitung\",\"@id\":\"https:\\\/\\\/www.jazzzeitung.de\\\/cms\\\/#\\\/schema\\\/person\\\/2245b36b9cd1d24cea10f01c031fb92b\"},\"headline\":\"Ein Fl\u00fcgel, viele Kameras und ein Programm voll musikalischer Empathie &#8211; Tim Allhoff gastierte im Stream des Jazzclubs Unterfahrt.\u00a0\",\"datePublished\":\"2021-04-13T07:42:16+00:00\",\"mainEntityOfPage\":{\"@id\":\"https:\\\/\\\/www.jazzzeitung.de\\\/cms\\\/2021\\\/04\\\/ein-fluegel-viele-kameras-und-ein-programm-voll-musikalischer-empathie-tim-allhoff-gastierte-im-stream-des-jazzclubs-unterfahrt\\\/\"},\"wordCount\":415,\"commentCount\":0,\"publisher\":{\"@id\":\"https:\\\/\\\/www.jazzzeitung.de\\\/cms\\\/#organization\"},\"image\":{\"@id\":\"https:\\\/\\\/www.jazzzeitung.de\\\/cms\\\/2021\\\/04\\\/ein-fluegel-viele-kameras-und-ein-programm-voll-musikalischer-empathie-tim-allhoff-gastierte-im-stream-des-jazzclubs-unterfahrt\\\/#primaryimage\"},\"thumbnailUrl\":\"https:\\\/\\\/i0.wp.com\\\/www.jazzzeitung.de\\\/cms\\\/wp-content\\\/uploads\\\/2021\\\/04\\\/DSC03471.jpg?fit=1280%2C853&ssl=1\",\"keywords\":[\"Piano\",\"Stream\",\"Tim Allhoff\",\"Unterfahrt M\u00fcnchen\"],\"articleSection\":[\"Bericht\",\"Galerie\"],\"inLanguage\":\"de\",\"potentialAction\":[{\"@type\":\"CommentAction\",\"name\":\"Comment\",\"target\":[\"https:\\\/\\\/www.jazzzeitung.de\\\/cms\\\/2021\\\/04\\\/ein-fluegel-viele-kameras-und-ein-programm-voll-musikalischer-empathie-tim-allhoff-gastierte-im-stream-des-jazzclubs-unterfahrt\\\/#respond\"]}]},{\"@type\":\"WebPage\",\"@id\":\"https:\\\/\\\/www.jazzzeitung.de\\\/cms\\\/2021\\\/04\\\/ein-fluegel-viele-kameras-und-ein-programm-voll-musikalischer-empathie-tim-allhoff-gastierte-im-stream-des-jazzclubs-unterfahrt\\\/\",\"url\":\"https:\\\/\\\/www.jazzzeitung.de\\\/cms\\\/2021\\\/04\\\/ein-fluegel-viele-kameras-und-ein-programm-voll-musikalischer-empathie-tim-allhoff-gastierte-im-stream-des-jazzclubs-unterfahrt\\\/\",\"name\":\"Ein Fl\u00fcgel, viele Kameras und ein Programm voll musikalischer Empathie - Tim Allhoff gastierte im Stream des Jazzclubs Unterfahrt.\u00a0 - JazzZeitung\",\"isPartOf\":{\"@id\":\"https:\\\/\\\/www.jazzzeitung.de\\\/cms\\\/#website\"},\"primaryImageOfPage\":{\"@id\":\"https:\\\/\\\/www.jazzzeitung.de\\\/cms\\\/2021\\\/04\\\/ein-fluegel-viele-kameras-und-ein-programm-voll-musikalischer-empathie-tim-allhoff-gastierte-im-stream-des-jazzclubs-unterfahrt\\\/#primaryimage\"},\"image\":{\"@id\":\"https:\\\/\\\/www.jazzzeitung.de\\\/cms\\\/2021\\\/04\\\/ein-fluegel-viele-kameras-und-ein-programm-voll-musikalischer-empathie-tim-allhoff-gastierte-im-stream-des-jazzclubs-unterfahrt\\\/#primaryimage\"},\"thumbnailUrl\":\"https:\\\/\\\/i0.wp.com\\\/www.jazzzeitung.de\\\/cms\\\/wp-content\\\/uploads\\\/2021\\\/04\\\/DSC03471.jpg?fit=1280%2C853&ssl=1\",\"datePublished\":\"2021-04-13T07:42:16+00:00\",\"breadcrumb\":{\"@id\":\"https:\\\/\\\/www.jazzzeitung.de\\\/cms\\\/2021\\\/04\\\/ein-fluegel-viele-kameras-und-ein-programm-voll-musikalischer-empathie-tim-allhoff-gastierte-im-stream-des-jazzclubs-unterfahrt\\\/#breadcrumb\"},\"inLanguage\":\"de\",\"potentialAction\":[{\"@type\":\"ReadAction\",\"target\":[\"https:\\\/\\\/www.jazzzeitung.de\\\/cms\\\/2021\\\/04\\\/ein-fluegel-viele-kameras-und-ein-programm-voll-musikalischer-empathie-tim-allhoff-gastierte-im-stream-des-jazzclubs-unterfahrt\\\/\"]}]},{\"@type\":\"ImageObject\",\"inLanguage\":\"de\",\"@id\":\"https:\\\/\\\/www.jazzzeitung.de\\\/cms\\\/2021\\\/04\\\/ein-fluegel-viele-kameras-und-ein-programm-voll-musikalischer-empathie-tim-allhoff-gastierte-im-stream-des-jazzclubs-unterfahrt\\\/#primaryimage\",\"url\":\"https:\\\/\\\/i0.wp.com\\\/www.jazzzeitung.de\\\/cms\\\/wp-content\\\/uploads\\\/2021\\\/04\\\/DSC03471.jpg?fit=1280%2C853&ssl=1\",\"contentUrl\":\"https:\\\/\\\/i0.wp.com\\\/www.jazzzeitung.de\\\/cms\\\/wp-content\\\/uploads\\\/2021\\\/04\\\/DSC03471.jpg?fit=1280%2C853&ssl=1\",\"width\":1280,\"height\":853,\"caption\":\"Tim Allhoff, Unterfahrt Stream Concert, Photo (c) Ralf Dombrowski\"},{\"@type\":\"BreadcrumbList\",\"@id\":\"https:\\\/\\\/www.jazzzeitung.de\\\/cms\\\/2021\\\/04\\\/ein-fluegel-viele-kameras-und-ein-programm-voll-musikalischer-empathie-tim-allhoff-gastierte-im-stream-des-jazzclubs-unterfahrt\\\/#breadcrumb\",\"itemListElement\":[{\"@type\":\"ListItem\",\"position\":1,\"name\":\"Startseite\",\"item\":\"https:\\\/\\\/www.jazzzeitung.de\\\/cms\\\/\"},{\"@type\":\"ListItem\",\"position\":2,\"name\":\"Ein Fl\u00fcgel, viele Kameras und ein Programm voll musikalischer Empathie &#8211; Tim Allhoff gastierte im Stream des Jazzclubs Unterfahrt.\u00a0\"}]},{\"@type\":\"WebSite\",\"@id\":\"https:\\\/\\\/www.jazzzeitung.de\\\/cms\\\/#website\",\"url\":\"https:\\\/\\\/www.jazzzeitung.de\\\/cms\\\/\",\"name\":\"JazzZeitung\",\"description\":\"Jazz-News und Jazz-Kontroverses\",\"publisher\":{\"@id\":\"https:\\\/\\\/www.jazzzeitung.de\\\/cms\\\/#organization\"},\"potentialAction\":[{\"@type\":\"SearchAction\",\"target\":{\"@type\":\"EntryPoint\",\"urlTemplate\":\"https:\\\/\\\/www.jazzzeitung.de\\\/cms\\\/?s={search_term_string}\"},\"query-input\":{\"@type\":\"PropertyValueSpecification\",\"valueRequired\":true,\"valueName\":\"search_term_string\"}}],\"inLanguage\":\"de\"},{\"@type\":\"Organization\",\"@id\":\"https:\\\/\\\/www.jazzzeitung.de\\\/cms\\\/#organization\",\"name\":\"JazzZeitung online\",\"url\":\"https:\\\/\\\/www.jazzzeitung.de\\\/cms\\\/\",\"logo\":{\"@type\":\"ImageObject\",\"inLanguage\":\"de\",\"@id\":\"https:\\\/\\\/www.jazzzeitung.de\\\/cms\\\/#\\\/schema\\\/logo\\\/image\\\/\",\"url\":\"https:\\\/\\\/i0.wp.com\\\/www.jazzzeitung.de\\\/cms\\\/wp-content\\\/uploads\\\/2015\\\/08\\\/JAZZZEITUNGDE_Logo_Neu.png?fit=499%2C200&ssl=1\",\"contentUrl\":\"https:\\\/\\\/i0.wp.com\\\/www.jazzzeitung.de\\\/cms\\\/wp-content\\\/uploads\\\/2015\\\/08\\\/JAZZZEITUNGDE_Logo_Neu.png?fit=499%2C200&ssl=1\",\"width\":499,\"height\":200,\"caption\":\"JazzZeitung online\"},\"image\":{\"@id\":\"https:\\\/\\\/www.jazzzeitung.de\\\/cms\\\/#\\\/schema\\\/logo\\\/image\\\/\"},\"sameAs\":[\"https:\\\/\\\/www.facebook.com\\\/JazzZeitung\\\/\"]},{\"@type\":\"Person\",\"@id\":\"https:\\\/\\\/www.jazzzeitung.de\\\/cms\\\/#\\\/schema\\\/person\\\/2245b36b9cd1d24cea10f01c031fb92b\",\"name\":\"Redaktion JazzZeitung\",\"image\":{\"@type\":\"ImageObject\",\"inLanguage\":\"de\",\"@id\":\"https:\\\/\\\/i0.wp.com\\\/www.jazzzeitung.de\\\/cms\\\/wp-content\\\/uploads\\\/2015\\\/08\\\/JAZZZEITUNGDE_Logo_Neu.png?resize=96%2C96&ssl=159975dcacb611b5700bd619b5daf0a7a\",\"url\":\"https:\\\/\\\/i0.wp.com\\\/www.jazzzeitung.de\\\/cms\\\/wp-content\\\/uploads\\\/2015\\\/08\\\/JAZZZEITUNGDE_Logo_Neu.png?resize=96%2C96&ssl=1\",\"contentUrl\":\"https:\\\/\\\/i0.wp.com\\\/www.jazzzeitung.de\\\/cms\\\/wp-content\\\/uploads\\\/2015\\\/08\\\/JAZZZEITUNGDE_Logo_Neu.png?resize=96%2C96&ssl=1\",\"caption\":\"Redaktion JazzZeitung\"},\"description\":\"Artikel der Redaktion der JazzZeitung.\",\"sameAs\":[\"http:\\\/\\\/www.jazzzeitung.de\\\/cms\\\/\"],\"url\":\"https:\\\/\\\/www.jazzzeitung.de\\\/cms\\\/author\\\/redaktion\\\/\"}]}<\/script>\n<!-- \/ Yoast SEO plugin. -->","yoast_head_json":{"title":"Ein Fl\u00fcgel, viele Kameras und ein Programm voll musikalischer Empathie - Tim Allhoff gastierte im Stream des Jazzclubs Unterfahrt.\u00a0 - JazzZeitung","robots":{"index":"index","follow":"follow","max-snippet":"max-snippet:-1","max-image-preview":"max-image-preview:large","max-video-preview":"max-video-preview:-1"},"canonical":"https:\/\/www.jazzzeitung.de\/cms\/2021\/04\/ein-fluegel-viele-kameras-und-ein-programm-voll-musikalischer-empathie-tim-allhoff-gastierte-im-stream-des-jazzclubs-unterfahrt\/","og_locale":"de_DE","og_type":"article","og_title":"Ein Fl\u00fcgel, viele Kameras und ein Programm voll musikalischer Empathie - Tim Allhoff gastierte im Stream des Jazzclubs Unterfahrt.\u00a0 - JazzZeitung","og_description":"\u201eIch habe gar nicht mehr gewusst, wie anstrengend das ist\u201c, meinte Tim Allhoff nach dem Konzert. Nat\u00fcrlich sei man als Musiker die ganze Zeit am Spielen, aber eben daheim, in anderen Intervallen, mit schweifender Konzentration. Die B\u00fchne ist ein anderes Kaliber und so wie dem in M\u00fcnchen lebenden Pianisten geht es inzwischen vielen Kolleg*nnen. Sie beginnen, Kulturtechniken zu verlernen, unfreiwillig, weil ihnen die meisten M\u00f6glichkeiten zur \u00f6ffentlichen Pr\u00e4sentation ihrer Kunst verwehrt werden. Immerhin gibt es Surrogatprogramme wie die Stream-Konzerte des Jazzclubs Unterfahrt, die seit einen Jahr fast jeden Abend Bands die M\u00f6glichkeit geben, in digitaler Transformation bei ihrem Publikum pr\u00e4sent zu bleiben. Da sitzt Tim Allhoff dann auf der B\u00fchne, moderiert in den leeren Raum und widmet sich dem Steinway des Hauses, einerseits latent irritiert angesichts der Laborsituation, andererseits zutiefst begl\u00fcckt, endlich einmal wieder in die Vollen gehen zu k\u00f6nnen. Es ist sein erstes Konzert seit einem halben Jahr und die lange Pause f\u00fchrt dazu, dass weit mehr neue St\u00fccke als sonst im Programm landen, um ihre \u00f6ffentliche Feuertaufe zu erhalten. Manche haben noch keinen Titel, sind erst vor einigen Tagen entstanden, andere existieren wie &hellip;","og_url":"https:\/\/www.jazzzeitung.de\/cms\/2021\/04\/ein-fluegel-viele-kameras-und-ein-programm-voll-musikalischer-empathie-tim-allhoff-gastierte-im-stream-des-jazzclubs-unterfahrt\/","og_site_name":"JazzZeitung","article_publisher":"https:\/\/www.facebook.com\/JazzZeitung\/","article_published_time":"2021-04-13T07:42:16+00:00","og_image":[{"width":1280,"height":853,"url":"https:\/\/i0.wp.com\/www.jazzzeitung.de\/cms\/wp-content\/uploads\/2021\/04\/DSC03471.jpg?fit=1280%2C853&ssl=1","type":"image\/jpeg"}],"author":"Ralf Dombrowski","schema":{"@context":"https:\/\/schema.org","@graph":[{"@type":"Article","@id":"https:\/\/www.jazzzeitung.de\/cms\/2021\/04\/ein-fluegel-viele-kameras-und-ein-programm-voll-musikalischer-empathie-tim-allhoff-gastierte-im-stream-des-jazzclubs-unterfahrt\/#article","isPartOf":{"@id":"https:\/\/www.jazzzeitung.de\/cms\/2021\/04\/ein-fluegel-viele-kameras-und-ein-programm-voll-musikalischer-empathie-tim-allhoff-gastierte-im-stream-des-jazzclubs-unterfahrt\/"},"author":{"name":"Redaktion JazzZeitung","@id":"https:\/\/www.jazzzeitung.de\/cms\/#\/schema\/person\/2245b36b9cd1d24cea10f01c031fb92b"},"headline":"Ein Fl\u00fcgel, viele Kameras und ein Programm voll musikalischer Empathie &#8211; Tim Allhoff gastierte im Stream des Jazzclubs Unterfahrt.\u00a0","datePublished":"2021-04-13T07:42:16+00:00","mainEntityOfPage":{"@id":"https:\/\/www.jazzzeitung.de\/cms\/2021\/04\/ein-fluegel-viele-kameras-und-ein-programm-voll-musikalischer-empathie-tim-allhoff-gastierte-im-stream-des-jazzclubs-unterfahrt\/"},"wordCount":415,"commentCount":0,"publisher":{"@id":"https:\/\/www.jazzzeitung.de\/cms\/#organization"},"image":{"@id":"https:\/\/www.jazzzeitung.de\/cms\/2021\/04\/ein-fluegel-viele-kameras-und-ein-programm-voll-musikalischer-empathie-tim-allhoff-gastierte-im-stream-des-jazzclubs-unterfahrt\/#primaryimage"},"thumbnailUrl":"https:\/\/i0.wp.com\/www.jazzzeitung.de\/cms\/wp-content\/uploads\/2021\/04\/DSC03471.jpg?fit=1280%2C853&ssl=1","keywords":["Piano","Stream","Tim Allhoff","Unterfahrt M\u00fcnchen"],"articleSection":["Bericht","Galerie"],"inLanguage":"de","potentialAction":[{"@type":"CommentAction","name":"Comment","target":["https:\/\/www.jazzzeitung.de\/cms\/2021\/04\/ein-fluegel-viele-kameras-und-ein-programm-voll-musikalischer-empathie-tim-allhoff-gastierte-im-stream-des-jazzclubs-unterfahrt\/#respond"]}]},{"@type":"WebPage","@id":"https:\/\/www.jazzzeitung.de\/cms\/2021\/04\/ein-fluegel-viele-kameras-und-ein-programm-voll-musikalischer-empathie-tim-allhoff-gastierte-im-stream-des-jazzclubs-unterfahrt\/","url":"https:\/\/www.jazzzeitung.de\/cms\/2021\/04\/ein-fluegel-viele-kameras-und-ein-programm-voll-musikalischer-empathie-tim-allhoff-gastierte-im-stream-des-jazzclubs-unterfahrt\/","name":"Ein Fl\u00fcgel, viele Kameras und ein Programm voll musikalischer Empathie - Tim Allhoff gastierte im Stream des Jazzclubs Unterfahrt.\u00a0 - JazzZeitung","isPartOf":{"@id":"https:\/\/www.jazzzeitung.de\/cms\/#website"},"primaryImageOfPage":{"@id":"https:\/\/www.jazzzeitung.de\/cms\/2021\/04\/ein-fluegel-viele-kameras-und-ein-programm-voll-musikalischer-empathie-tim-allhoff-gastierte-im-stream-des-jazzclubs-unterfahrt\/#primaryimage"},"image":{"@id":"https:\/\/www.jazzzeitung.de\/cms\/2021\/04\/ein-fluegel-viele-kameras-und-ein-programm-voll-musikalischer-empathie-tim-allhoff-gastierte-im-stream-des-jazzclubs-unterfahrt\/#primaryimage"},"thumbnailUrl":"https:\/\/i0.wp.com\/www.jazzzeitung.de\/cms\/wp-content\/uploads\/2021\/04\/DSC03471.jpg?fit=1280%2C853&ssl=1","datePublished":"2021-04-13T07:42:16+00:00","breadcrumb":{"@id":"https:\/\/www.jazzzeitung.de\/cms\/2021\/04\/ein-fluegel-viele-kameras-und-ein-programm-voll-musikalischer-empathie-tim-allhoff-gastierte-im-stream-des-jazzclubs-unterfahrt\/#breadcrumb"},"inLanguage":"de","potentialAction":[{"@type":"ReadAction","target":["https:\/\/www.jazzzeitung.de\/cms\/2021\/04\/ein-fluegel-viele-kameras-und-ein-programm-voll-musikalischer-empathie-tim-allhoff-gastierte-im-stream-des-jazzclubs-unterfahrt\/"]}]},{"@type":"ImageObject","inLanguage":"de","@id":"https:\/\/www.jazzzeitung.de\/cms\/2021\/04\/ein-fluegel-viele-kameras-und-ein-programm-voll-musikalischer-empathie-tim-allhoff-gastierte-im-stream-des-jazzclubs-unterfahrt\/#primaryimage","url":"https:\/\/i0.wp.com\/www.jazzzeitung.de\/cms\/wp-content\/uploads\/2021\/04\/DSC03471.jpg?fit=1280%2C853&ssl=1","contentUrl":"https:\/\/i0.wp.com\/www.jazzzeitung.de\/cms\/wp-content\/uploads\/2021\/04\/DSC03471.jpg?fit=1280%2C853&ssl=1","width":1280,"height":853,"caption":"Tim Allhoff, Unterfahrt Stream Concert, Photo (c) Ralf Dombrowski"},{"@type":"BreadcrumbList","@id":"https:\/\/www.jazzzeitung.de\/cms\/2021\/04\/ein-fluegel-viele-kameras-und-ein-programm-voll-musikalischer-empathie-tim-allhoff-gastierte-im-stream-des-jazzclubs-unterfahrt\/#breadcrumb","itemListElement":[{"@type":"ListItem","position":1,"name":"Startseite","item":"https:\/\/www.jazzzeitung.de\/cms\/"},{"@type":"ListItem","position":2,"name":"Ein Fl\u00fcgel, viele Kameras und ein Programm voll musikalischer Empathie &#8211; Tim Allhoff gastierte im Stream des Jazzclubs Unterfahrt.\u00a0"}]},{"@type":"WebSite","@id":"https:\/\/www.jazzzeitung.de\/cms\/#website","url":"https:\/\/www.jazzzeitung.de\/cms\/","name":"JazzZeitung","description":"Jazz-News und Jazz-Kontroverses","publisher":{"@id":"https:\/\/www.jazzzeitung.de\/cms\/#organization"},"potentialAction":[{"@type":"SearchAction","target":{"@type":"EntryPoint","urlTemplate":"https:\/\/www.jazzzeitung.de\/cms\/?s={search_term_string}"},"query-input":{"@type":"PropertyValueSpecification","valueRequired":true,"valueName":"search_term_string"}}],"inLanguage":"de"},{"@type":"Organization","@id":"https:\/\/www.jazzzeitung.de\/cms\/#organization","name":"JazzZeitung online","url":"https:\/\/www.jazzzeitung.de\/cms\/","logo":{"@type":"ImageObject","inLanguage":"de","@id":"https:\/\/www.jazzzeitung.de\/cms\/#\/schema\/logo\/image\/","url":"https:\/\/i0.wp.com\/www.jazzzeitung.de\/cms\/wp-content\/uploads\/2015\/08\/JAZZZEITUNGDE_Logo_Neu.png?fit=499%2C200&ssl=1","contentUrl":"https:\/\/i0.wp.com\/www.jazzzeitung.de\/cms\/wp-content\/uploads\/2015\/08\/JAZZZEITUNGDE_Logo_Neu.png?fit=499%2C200&ssl=1","width":499,"height":200,"caption":"JazzZeitung online"},"image":{"@id":"https:\/\/www.jazzzeitung.de\/cms\/#\/schema\/logo\/image\/"},"sameAs":["https:\/\/www.facebook.com\/JazzZeitung\/"]},{"@type":"Person","@id":"https:\/\/www.jazzzeitung.de\/cms\/#\/schema\/person\/2245b36b9cd1d24cea10f01c031fb92b","name":"Redaktion JazzZeitung","image":{"@type":"ImageObject","inLanguage":"de","@id":"https:\/\/i0.wp.com\/www.jazzzeitung.de\/cms\/wp-content\/uploads\/2015\/08\/JAZZZEITUNGDE_Logo_Neu.png?resize=96%2C96&ssl=159975dcacb611b5700bd619b5daf0a7a","url":"https:\/\/i0.wp.com\/www.jazzzeitung.de\/cms\/wp-content\/uploads\/2015\/08\/JAZZZEITUNGDE_Logo_Neu.png?resize=96%2C96&ssl=1","contentUrl":"https:\/\/i0.wp.com\/www.jazzzeitung.de\/cms\/wp-content\/uploads\/2015\/08\/JAZZZEITUNGDE_Logo_Neu.png?resize=96%2C96&ssl=1","caption":"Redaktion JazzZeitung"},"description":"Artikel der Redaktion der JazzZeitung.","sameAs":["http:\/\/www.jazzzeitung.de\/cms\/"],"url":"https:\/\/www.jazzzeitung.de\/cms\/author\/redaktion\/"}]}},"wp-worthy-pixel":{"ignored":false,"public":null,"server":null,"url":null},"wp-worthy-type":"normal","jetpack_publicize_connections":[],"cc_featured_image_caption":{"caption_text":"","source_text":"","source_url":""},"jetpack_featured_media_url":"https:\/\/i0.wp.com\/www.jazzzeitung.de\/cms\/wp-content\/uploads\/2021\/04\/DSC03471.jpg?fit=1280%2C853&ssl=1","jetpack_shortlink":"https:\/\/wp.me\/p3KEcT-6pK","jetpack-related-posts":[{"id":23096,"url":"https:\/\/www.jazzzeitung.de\/cms\/2020\/08\/philipp-schiepek-gewinnt-bmw-welt-young-artist-jazz-award-2020\/","url_meta":{"origin":24660,"position":0},"title":"Philipp Schiepek erh\u00e4lt BMW Welt Young Artist Jazz Award 2020","author":"Redaktion JazzZeitung","date":"4. August 2020","format":false,"excerpt":"Die BMW Group ehrt den deutschen Gitarristen Philipp Schiepek als Gewinner der f\u00fcnften Auflage des BMW Welt Young Artist Jazz Award. Die Auszeichnung beinhaltet ein Preisgeld in H\u00f6he von 3.000 Euro. Die Jury des BMW Welt Young Artist Jazz Award zeigte sich vor allem von der Vielseitigkeit des K\u00fcnstlers beeindruckt:\u2026","rel":"","context":"In &quot;Galerie&quot;","block_context":{"text":"Galerie","link":"https:\/\/www.jazzzeitung.de\/cms\/thema\/galerie\/"},"img":{"alt_text":"","src":"https:\/\/i0.wp.com\/www.jazzzeitung.de\/cms\/wp-content\/uploads\/2020\/08\/Schiepek-RalfDombrowski-scaled.jpg?fit=1200%2C800&ssl=1&resize=350%2C200","width":350,"height":200,"srcset":"https:\/\/i0.wp.com\/www.jazzzeitung.de\/cms\/wp-content\/uploads\/2020\/08\/Schiepek-RalfDombrowski-scaled.jpg?fit=1200%2C800&ssl=1&resize=350%2C200 1x, https:\/\/i0.wp.com\/www.jazzzeitung.de\/cms\/wp-content\/uploads\/2020\/08\/Schiepek-RalfDombrowski-scaled.jpg?fit=1200%2C800&ssl=1&resize=525%2C300 1.5x, https:\/\/i0.wp.com\/www.jazzzeitung.de\/cms\/wp-content\/uploads\/2020\/08\/Schiepek-RalfDombrowski-scaled.jpg?fit=1200%2C800&ssl=1&resize=700%2C400 2x, https:\/\/i0.wp.com\/www.jazzzeitung.de\/cms\/wp-content\/uploads\/2020\/08\/Schiepek-RalfDombrowski-scaled.jpg?fit=1200%2C800&ssl=1&resize=1050%2C600 3x"},"classes":[]},{"id":13235,"url":"https:\/\/www.jazzzeitung.de\/cms\/2017\/08\/bmw-welt-young-artist-jazz-award-bringt-roman-sladek-zweimal-auf-die-buehnen-des-landes\/","url_meta":{"origin":24660,"position":1},"title":"BMW Welt Young Artist Jazz Award bringt Roman Sladek zweimal auf die B\u00fchnen des Landes","author":"Redaktion JazzZeitung","date":"9. August 2017","format":false,"excerpt":"Leipzig\/M\u00fcnchen. Roman Sladek, Preistr\u00e4ger des BMW Welt Young Artist Jazz Award 2017, wird als Teil des Preises am 14. Oktober im Werk 2 w\u00e4hrend der Leipziger Jazztage und am 23. Oktober im M\u00fcnchner Jazzclub Unterfahrt mit der Jazzrausch Bigband auftreten. Dar\u00fcber hinaus erh\u00e4lt das Nachwuchstalent 3.000 Euro als Preisgeld. Ausgew\u00e4hlt\u2026","rel":"","context":"In &quot;News&quot;","block_context":{"text":"News","link":"https:\/\/www.jazzzeitung.de\/cms\/thema\/nachrichten\/"},"img":{"alt_text":"","src":"https:\/\/i0.wp.com\/www.jazzzeitung.de\/cms\/wp-content\/uploads\/2017\/06\/Sladek-Roman_52-150x150.jpg?resize=350%2C200&ssl=1","width":350,"height":200},"classes":[]},{"id":24170,"url":"https:\/\/www.jazzzeitung.de\/cms\/2021\/01\/maik-krahl-quartett-mit-seinem-programm-fraction-live-im-jazzclub-unterfahrt\/","url_meta":{"origin":24660,"position":2},"title":"Maik Krahl Quartett mit seinem Programm Fraction live im Jazzclub Unterfahrt\u00a0","author":"Thomas J. Krebs","date":"16. Januar 2021","format":false,"excerpt":"Der K\u00f6lner Trompeter Maik Krahl hat sich im Laufe der letzten Jahre in der Jazz-Szene etabliert und sein Ruf als Trompeter der neuen wilden Generation eilt ihm bereits voraus. Mit der aktuellen CD \u201eFRACTION\u201c, erschienen auf dem holl\u00e4ndischen Challenge Label, f\u00fchrt er seinen kompositorischen Ansatz konsequent fort, wobei das Album\u2026","rel":"","context":"In &quot;Bericht&quot;","block_context":{"text":"Bericht","link":"https:\/\/www.jazzzeitung.de\/cms\/thema\/bericht\/"},"img":{"alt_text":"","src":"https:\/\/i0.wp.com\/www.jazzzeitung.de\/cms\/wp-content\/uploads\/2021\/01\/P2028180-Lutz-Krahl-Foto-TJ-Krebs.jpg?fit=800%2C533&ssl=1&resize=350%2C200","width":350,"height":200,"srcset":"https:\/\/i0.wp.com\/www.jazzzeitung.de\/cms\/wp-content\/uploads\/2021\/01\/P2028180-Lutz-Krahl-Foto-TJ-Krebs.jpg?fit=800%2C533&ssl=1&resize=350%2C200 1x, https:\/\/i0.wp.com\/www.jazzzeitung.de\/cms\/wp-content\/uploads\/2021\/01\/P2028180-Lutz-Krahl-Foto-TJ-Krebs.jpg?fit=800%2C533&ssl=1&resize=525%2C300 1.5x, https:\/\/i0.wp.com\/www.jazzzeitung.de\/cms\/wp-content\/uploads\/2021\/01\/P2028180-Lutz-Krahl-Foto-TJ-Krebs.jpg?fit=800%2C533&ssl=1&resize=700%2C400 2x"},"classes":[]},{"id":27142,"url":"https:\/\/www.jazzzeitung.de\/cms\/2022\/04\/freistaat-bayern-praemiert-jazzprogramme-drei-jazzclubs-erhalten-foerderung\/","url_meta":{"origin":24660,"position":3},"title":"Freistaat Bayern pr\u00e4miert Jazzprogramme: Drei Jazzclubs erhalten F\u00f6rderung","author":"Redaktion JazzZeitung","date":"14. April 2022","format":false,"excerpt":"Erstmals werden Jazzclubs vom Freistaat f\u00fcr ihre Jazzprogramme ausgezeichnet: der Jazzclub Unterfahrt M\u00fcnchen, der Jazzclub Augsburg e.V. und der Jazzclub Regensburg e.V.. Insgesamt erhalten die Preistr\u00e4ger eine F\u00f6rderung in H\u00f6he von 15.000 Euro. Dies meldeten gestern das Bayerische Staatsministeriums f\u00fcr Wissenschaft und Kunst und der Bayerische Musikrat in einer gemeinsamen\u2026","rel":"","context":"In &quot;News&quot;","block_context":{"text":"News","link":"https:\/\/www.jazzzeitung.de\/cms\/thema\/nachrichten\/"},"img":{"alt_text":"","src":"https:\/\/i0.wp.com\/www.jazzzeitung.de\/cms\/wp-content\/uploads\/2018\/01\/Roscher-Monika_2409-e1649866815569.jpg?fit=1200%2C1142&ssl=1&resize=350%2C200","width":350,"height":200,"srcset":"https:\/\/i0.wp.com\/www.jazzzeitung.de\/cms\/wp-content\/uploads\/2018\/01\/Roscher-Monika_2409-e1649866815569.jpg?fit=1200%2C1142&ssl=1&resize=350%2C200 1x, https:\/\/i0.wp.com\/www.jazzzeitung.de\/cms\/wp-content\/uploads\/2018\/01\/Roscher-Monika_2409-e1649866815569.jpg?fit=1200%2C1142&ssl=1&resize=525%2C300 1.5x, https:\/\/i0.wp.com\/www.jazzzeitung.de\/cms\/wp-content\/uploads\/2018\/01\/Roscher-Monika_2409-e1649866815569.jpg?fit=1200%2C1142&ssl=1&resize=700%2C400 2x, https:\/\/i0.wp.com\/www.jazzzeitung.de\/cms\/wp-content\/uploads\/2018\/01\/Roscher-Monika_2409-e1649866815569.jpg?fit=1200%2C1142&ssl=1&resize=1050%2C600 3x"},"classes":[]},{"id":22481,"url":"https:\/\/www.jazzzeitung.de\/cms\/2020\/05\/local-heroes-live-stream-konzertreihe-aus-dem-jazzclub-unterfahrt\/","url_meta":{"origin":24660,"position":4},"title":"\u201eLocal Heroes\u201c: Live-Stream Konzertreihe aus dem Jazzclub Unterfahrt","author":"Thomas J. Krebs","date":"6. Mai 2020","format":false,"excerpt":"Auf den ersten Blick scheint alles normal zu sein, die 31 Stufen hinunter in den Keller des M\u00fcnchner Kulturzentrum Einstein, den langgezogenen Gang entlang zum Jazzclub Unterfahrt, aber dann - kein Licht am Ende des Tunnels! Alles ist dunkel und auch am Eingang des Clubs leere Plakatrahmen. Beim Betreten der\u2026","rel":"","context":"In &quot;Bericht&quot;","block_context":{"text":"Bericht","link":"https:\/\/www.jazzzeitung.de\/cms\/thema\/bericht\/"},"img":{"alt_text":"","src":"https:\/\/i0.wp.com\/www.jazzzeitung.de\/cms\/wp-content\/uploads\/2020\/05\/Br%C3%A4ndle-Schwager-May-Foto-TJ-Krebs.jpg?fit=1200%2C675&ssl=1&resize=350%2C200","width":350,"height":200,"srcset":"https:\/\/i0.wp.com\/www.jazzzeitung.de\/cms\/wp-content\/uploads\/2020\/05\/Br%C3%A4ndle-Schwager-May-Foto-TJ-Krebs.jpg?fit=1200%2C675&ssl=1&resize=350%2C200 1x, https:\/\/i0.wp.com\/www.jazzzeitung.de\/cms\/wp-content\/uploads\/2020\/05\/Br%C3%A4ndle-Schwager-May-Foto-TJ-Krebs.jpg?fit=1200%2C675&ssl=1&resize=525%2C300 1.5x, https:\/\/i0.wp.com\/www.jazzzeitung.de\/cms\/wp-content\/uploads\/2020\/05\/Br%C3%A4ndle-Schwager-May-Foto-TJ-Krebs.jpg?fit=1200%2C675&ssl=1&resize=700%2C400 2x, https:\/\/i0.wp.com\/www.jazzzeitung.de\/cms\/wp-content\/uploads\/2020\/05\/Br%C3%A4ndle-Schwager-May-Foto-TJ-Krebs.jpg?fit=1200%2C675&ssl=1&resize=1050%2C600 3x"},"classes":[]},{"id":23892,"url":"https:\/\/www.jazzzeitung.de\/cms\/2020\/11\/ludwigs-finest-matthias-schriefl-mit-beethoven-in-der-unterfahrt\/","url_meta":{"origin":24660,"position":5},"title":"Ludwig\u2019s Finest &#8211; Matthias Schriefl mit Beethoven in der Unterfahrt","author":"Redaktion JazzZeitung","date":"30. November 2020","format":false,"excerpt":"Manchmal wirkt Matthias Schriefl wie ein Grimmelshausen des Jazz. Dann schl\u00fcpft er in die Rollen eines Simplizissimus\u2019, um Aberwitziges mit der Geste des Naiven zu pr\u00e4sentieren. Ein bisschen Unsicherheit ist auch dabei, etwa dem strukturell r\u00e4tselhaften Medium des Streams gegen\u00fcber, das der Unmittelbarkeit des Live-Erlebens die Glocke des Artifiziellen \u00fcberst\u00fclpt,\u2026","rel":"","context":"In &quot;Bericht&quot;","block_context":{"text":"Bericht","link":"https:\/\/www.jazzzeitung.de\/cms\/thema\/bericht\/"},"img":{"alt_text":"","src":"https:\/\/i0.wp.com\/www.jazzzeitung.de\/cms\/wp-content\/uploads\/2020\/11\/DSC01115-Six-Alps-Jazz-c-Ralf-Dombrowski.jpg?fit=1200%2C800&ssl=1&resize=350%2C200","width":350,"height":200,"srcset":"https:\/\/i0.wp.com\/www.jazzzeitung.de\/cms\/wp-content\/uploads\/2020\/11\/DSC01115-Six-Alps-Jazz-c-Ralf-Dombrowski.jpg?fit=1200%2C800&ssl=1&resize=350%2C200 1x, https:\/\/i0.wp.com\/www.jazzzeitung.de\/cms\/wp-content\/uploads\/2020\/11\/DSC01115-Six-Alps-Jazz-c-Ralf-Dombrowski.jpg?fit=1200%2C800&ssl=1&resize=525%2C300 1.5x, https:\/\/i0.wp.com\/www.jazzzeitung.de\/cms\/wp-content\/uploads\/2020\/11\/DSC01115-Six-Alps-Jazz-c-Ralf-Dombrowski.jpg?fit=1200%2C800&ssl=1&resize=700%2C400 2x, https:\/\/i0.wp.com\/www.jazzzeitung.de\/cms\/wp-content\/uploads\/2020\/11\/DSC01115-Six-Alps-Jazz-c-Ralf-Dombrowski.jpg?fit=1200%2C800&ssl=1&resize=1050%2C600 3x"},"classes":[]}],"jetpack_sharing_enabled":true,"_links":{"self":[{"href":"https:\/\/www.jazzzeitung.de\/cms\/wp-json\/wp\/v2\/posts\/24660","targetHints":{"allow":["GET"]}}],"collection":[{"href":"https:\/\/www.jazzzeitung.de\/cms\/wp-json\/wp\/v2\/posts"}],"about":[{"href":"https:\/\/www.jazzzeitung.de\/cms\/wp-json\/wp\/v2\/types\/post"}],"author":[{"embeddable":true,"href":"https:\/\/www.jazzzeitung.de\/cms\/wp-json\/wp\/v2\/users\/18"}],"replies":[{"embeddable":true,"href":"https:\/\/www.jazzzeitung.de\/cms\/wp-json\/wp\/v2\/comments?post=24660"}],"version-history":[{"count":5,"href":"https:\/\/www.jazzzeitung.de\/cms\/wp-json\/wp\/v2\/posts\/24660\/revisions"}],"predecessor-version":[{"id":24678,"href":"https:\/\/www.jazzzeitung.de\/cms\/wp-json\/wp\/v2\/posts\/24660\/revisions\/24678"}],"wp:featuredmedia":[{"embeddable":true,"href":"https:\/\/www.jazzzeitung.de\/cms\/wp-json\/wp\/v2\/media\/24662"}],"wp:attachment":[{"href":"https:\/\/www.jazzzeitung.de\/cms\/wp-json\/wp\/v2\/media?parent=24660"}],"wp:term":[{"taxonomy":"category","embeddable":true,"href":"https:\/\/www.jazzzeitung.de\/cms\/wp-json\/wp\/v2\/categories?post=24660"},{"taxonomy":"post_tag","embeddable":true,"href":"https:\/\/www.jazzzeitung.de\/cms\/wp-json\/wp\/v2\/tags?post=24660"},{"taxonomy":"author","embeddable":true,"href":"https:\/\/www.jazzzeitung.de\/cms\/wp-json\/wp\/v2\/coauthors?post=24660"}],"curies":[{"name":"wp","href":"https:\/\/api.w.org\/{rel}","templated":true}]}}